{"id":100286,"date":"2024-10-22T21:58:25","date_gmt":"2024-10-23T00:58:25","guid":{"rendered":"https:\/\/danidrops.com.br\/?p=100286"},"modified":"2024-10-22T22:09:13","modified_gmt":"2024-10-23T01:09:13","slug":"tendencia-marginal-japonesa","status":"publish","type":"post","link":"https:\/\/danidrops.com.br\/es\/tendencia-marginal-japonesa\/","title":{"rendered":"Tendencia del flequillo japon\u00e9s 2025: vea m\u00e1s de 30 modelos de esta nueva tendencia de corte de pelo"},"content":{"rendered":"<p>La <strong>flequillo japon\u00e9s<\/strong> se est\u00e1 consolidando como uno de los grandes<a href=\"https:\/\/danidrops.com.br\/es\/tendencia-de-corte-de-pelo-con-flequillo-2025\/\" data-type=\"link\" data-id=\"https:\/\/danidrops.com.br\/tendencia-corte-de-cabelo-com-franja-2025\/\"> tendencias de corte de flecos<\/a> para 2025, aportando un toque de sofisticaci\u00f3n y modernidad al look femenino.\u00a0<\/p>\n\n\n\n<p>Conocida por su ligereza y precisi\u00f3n, esta franja combina un minimalismo elegante con el delicado encanto caracter\u00edstico de los estilos orientales.&nbsp;<\/p>\n\n\n\n<p>Ya sea con un corte m\u00e1s recto o ligeramente deshilachado, resalta sutilmente tus facciones y ofrece un look juvenil, sin perder clase.&nbsp;<\/p>\n\n\n\n<figure class=\"wp-block-image size-full\"><img loading=\"lazy\" decoding=\"async\" width=\"950\" height=\"694\" src=\"https:\/\/danidrops.com.br\/wp-content\/uploads\/2024\/10\/franja-japonesa-3.jpg\" alt=\"flequillo japon\u00e9s\" class=\"wp-image-100318\" title=\"\" srcset=\"https:\/\/danidrops.com.br\/wp-content\/uploads\/2024\/10\/franja-japonesa-3.jpg 950w, https:\/\/danidrops.com.br\/wp-content\/uploads\/2024\/10\/franja-japonesa-3-300x219.jpg 300w, https:\/\/danidrops.com.br\/wp-content\/uploads\/2024\/10\/franja-japonesa-3-768x561.jpg 768w, https:\/\/danidrops.com.br\/wp-content\/uploads\/2024\/10\/franja-japonesa-3-16x12.jpg 16w, https:\/\/danidrops.com.br\/wp-content\/uploads\/2024\/10\/franja-japonesa-3-150x110.jpg 150w\" sizes=\"auto, (max-width: 950px) 100vw, 950px\" \/><figcaption class=\"wp-element-caption\">flequillo japon\u00e9s<\/figcaption><\/figure>\n\n\n\n<p>Ideal para quienes buscan un look vers\u00e1til, el flequillo japon\u00e9s se adapta a diferentes tipos de rostro, texturas de cabello y cortes de flecos, por lo que es una opci\u00f3n perfecta para quienes desean renovar su look con estilo y elegancia.<\/p>\n\n\n\n<figure class=\"wp-block-image size-full\"><img loading=\"lazy\" decoding=\"async\" width=\"950\" height=\"694\" src=\"https:\/\/danidrops.com.br\/wp-content\/uploads\/2024\/10\/franja-japonesa-2.jpg\" alt=\"flequillo japon\u00e9s\" class=\"wp-image-100317\" title=\"\" srcset=\"https:\/\/danidrops.com.br\/wp-content\/uploads\/2024\/10\/franja-japonesa-2.jpg 950w, https:\/\/danidrops.com.br\/wp-content\/uploads\/2024\/10\/franja-japonesa-2-300x219.jpg 300w, https:\/\/danidrops.com.br\/wp-content\/uploads\/2024\/10\/franja-japonesa-2-768x561.jpg 768w, https:\/\/danidrops.com.br\/wp-content\/uploads\/2024\/10\/franja-japonesa-2-16x12.jpg 16w, https:\/\/danidrops.com.br\/wp-content\/uploads\/2024\/10\/franja-japonesa-2-150x110.jpg 150w\" sizes=\"auto, (max-width: 950px) 100vw, 950px\" \/><figcaption class=\"wp-element-caption\">flequillo japon\u00e9s<\/figcaption><\/figure>\n\n\n\n<script type=\"application\/ld+json\">{\n    \"@context\": \"https:\\\/\\\/schema.org\",\n    \"@type\": \"FAQPage\",\n    \"mainEntity\": [\n        {\n            \"@type\": \"Question\",\n            \"name\": \"O que \\u00e9 a franja japonesa?\",\n            \"acceptedAnswer\": {\n                \"@type\": \"Answer\",\n                \"text\": \"A franja japonesa \\u00e9 um estilo de franja inspirado nos cortes tradicionais e modernos do Jap\\u00e3o, conhecido por sua simplicidade e eleg\\u00e2ncia.\"\n            }\n        },\n        {\n            \"@type\": \"Question\",\n            \"name\": \"Quais tipos de rostos combinam com a franja japonesa?\",\n            \"acceptedAnswer\": {\n                \"@type\": \"Answer\",\n                \"text\": \"A franja japonesa \\u00e9 bastante vers\\u00e1til e pode ser adaptada para diversos formatos de rosto, mas existem alguns tipos que combinam especialmente bem com esse estilo: Rosto Oval, Rosto Redondo, Rosto Cora\\u00e7\\u00e3o, Rosto Quadrado, Rosto Alongado\"\n            }\n        },\n        {\n            \"@type\": \"Question\",\n            \"name\": \"Por que a franja no Jap\\u00e3o \\u00e9 t\\u00e3o popular?\",\n            \"acceptedAnswer\": {\n                \"@type\": \"Answer\",\n                \"text\": \"A franja \\u00e9 extremamente popular no Jap\\u00e3o por v\\u00e1rias raz\\u00f5es culturais e est\\u00e9ticas: Influ\\u00eancia da Cultura Pop, Est\\u00e9tica Fofa (Kawaii), Versatilidade, Influ\\u00eancias Hist\\u00f3ricas e Tradicionais.\"\n            }\n        }\n    ]\n}<\/script>\n\n\n\n<h2 class=\"wp-block-heading\"><span class=\"ez-toc-section\" id=\"O_que_e_a_franja_japonesa\"><\/span>\u00bfQu\u00e9 es el flequillo japon\u00e9s?<span class=\"ez-toc-section-end\"><\/span><\/h2>\n\n\n\n<p>La <strong>flequillo japon\u00e9s<\/strong> es un estilo flecos inspirado en cortes japoneses tradicionales y modernos, conocido por su sencillez y elegancia.&nbsp;<\/p>\n\n\n\n<figure class=\"wp-block-image size-full\"><img loading=\"lazy\" decoding=\"async\" width=\"950\" height=\"694\" src=\"https:\/\/danidrops.com.br\/wp-content\/uploads\/2024\/10\/franja-japonesa.jpg\" alt=\"flequillo japon\u00e9s\" class=\"wp-image-100315\" title=\"\" srcset=\"https:\/\/danidrops.com.br\/wp-content\/uploads\/2024\/10\/franja-japonesa.jpg 950w, https:\/\/danidrops.com.br\/wp-content\/uploads\/2024\/10\/franja-japonesa-300x219.jpg 300w, https:\/\/danidrops.com.br\/wp-content\/uploads\/2024\/10\/franja-japonesa-768x561.jpg 768w, https:\/\/danidrops.com.br\/wp-content\/uploads\/2024\/10\/franja-japonesa-16x12.jpg 16w, https:\/\/danidrops.com.br\/wp-content\/uploads\/2024\/10\/franja-japonesa-150x110.jpg 150w\" sizes=\"auto, (max-width: 950px) 100vw, 950px\" \/><figcaption class=\"wp-element-caption\">flequillo japon\u00e9s<\/figcaption><\/figure>\n\n\n\n<p>Generalmente es recto y cortado por encima o justo a la altura de las cejas, creando una apariencia suave y delicada que enmarca sutilmente el rostro.<\/p>\n\n\n\n<figure class=\"wp-block-image size-full\"><img loading=\"lazy\" decoding=\"async\" width=\"950\" height=\"694\" src=\"https:\/\/danidrops.com.br\/wp-content\/uploads\/2024\/10\/franja-japonesa-10.jpg\" alt=\"flequillo japon\u00e9s\" class=\"wp-image-100314\" title=\"\" srcset=\"https:\/\/danidrops.com.br\/wp-content\/uploads\/2024\/10\/franja-japonesa-10.jpg 950w, https:\/\/danidrops.com.br\/wp-content\/uploads\/2024\/10\/franja-japonesa-10-300x219.jpg 300w, https:\/\/danidrops.com.br\/wp-content\/uploads\/2024\/10\/franja-japonesa-10-768x561.jpg 768w, https:\/\/danidrops.com.br\/wp-content\/uploads\/2024\/10\/franja-japonesa-10-16x12.jpg 16w, https:\/\/danidrops.com.br\/wp-content\/uploads\/2024\/10\/franja-japonesa-10-150x110.jpg 150w\" sizes=\"auto, (max-width: 950px) 100vw, 950px\" \/><figcaption class=\"wp-element-caption\">flequillo japon\u00e9s<\/figcaption><\/figure>\n\n\n\n<p>Lo que hace que este flequillo sea tan especial es su ligereza y la forma en que se funde de forma natural con el resto del cabello, sin parecer pesado ni demasiado voluminoso.&nbsp;<\/p>\n\n\n\n<figure class=\"wp-block-image size-full\"><img loading=\"lazy\" decoding=\"async\" width=\"950\" height=\"694\" src=\"https:\/\/danidrops.com.br\/wp-content\/uploads\/2024\/10\/franja-japonesa-9.jpg\" alt=\"flequillo japon\u00e9s\" class=\"wp-image-100313\" title=\"\" srcset=\"https:\/\/danidrops.com.br\/wp-content\/uploads\/2024\/10\/franja-japonesa-9.jpg 950w, https:\/\/danidrops.com.br\/wp-content\/uploads\/2024\/10\/franja-japonesa-9-300x219.jpg 300w, https:\/\/danidrops.com.br\/wp-content\/uploads\/2024\/10\/franja-japonesa-9-768x561.jpg 768w, https:\/\/danidrops.com.br\/wp-content\/uploads\/2024\/10\/franja-japonesa-9-16x12.jpg 16w, https:\/\/danidrops.com.br\/wp-content\/uploads\/2024\/10\/franja-japonesa-9-150x110.jpg 150w\" sizes=\"auto, (max-width: 950px) 100vw, 950px\" \/><figcaption class=\"wp-element-caption\">flequillo japon\u00e9s<\/figcaption><\/figure>\n\n\n\n<p>Adem\u00e1s, puede tener variaciones, como puntas ligeramente deshilachadas o un corte arqueado, donde los lados son un poco m\u00e1s largos, brindando m\u00e1s movimiento y adaptabilidad a diferentes formas de rostro.<\/p>\n\n\n\n<figure class=\"wp-block-image size-full\"><img loading=\"lazy\" decoding=\"async\" width=\"950\" height=\"694\" src=\"https:\/\/danidrops.com.br\/wp-content\/uploads\/2024\/10\/franja-japonesa-8.jpg\" alt=\"flequillo japon\u00e9s\" class=\"wp-image-100312\" title=\"\" srcset=\"https:\/\/danidrops.com.br\/wp-content\/uploads\/2024\/10\/franja-japonesa-8.jpg 950w, https:\/\/danidrops.com.br\/wp-content\/uploads\/2024\/10\/franja-japonesa-8-300x219.jpg 300w, https:\/\/danidrops.com.br\/wp-content\/uploads\/2024\/10\/franja-japonesa-8-768x561.jpg 768w, https:\/\/danidrops.com.br\/wp-content\/uploads\/2024\/10\/franja-japonesa-8-16x12.jpg 16w, https:\/\/danidrops.com.br\/wp-content\/uploads\/2024\/10\/franja-japonesa-8-150x110.jpg 150w\" sizes=\"auto, (max-width: 950px) 100vw, 950px\" \/><figcaption class=\"wp-element-caption\">flequillo japon\u00e9s<\/figcaption><\/figure>\n\n\n\n<p>Popular entre las mujeres que buscan una apariencia joven, limpia y moderna, el flequillo japon\u00e9s es f\u00e1cil de peinar y se puede usar tanto en cabello liso como ondulado, lo que aumenta a\u00fan m\u00e1s su versatilidad.<\/p>\n\n\n\n<h2 class=\"wp-block-heading\"><span class=\"ez-toc-section\" id=\"Quais_tipos_de_rostos_combinam_com_a_franja_japonesa\"><\/span>\u00bfQu\u00e9 tipo de rostros se adaptan al flequillo japon\u00e9s?<span class=\"ez-toc-section-end\"><\/span><\/h2>\n\n\n\n<p>La <strong>flequillo japon\u00e9s<\/strong> Es bastante vers\u00e1til y se puede adaptar a diferentes formas de rostro, pero hay algunos tipos que combinan especialmente bien con este estilo:<\/p>\n\n\n\n<figure class=\"wp-block-image size-full\"><img loading=\"lazy\" decoding=\"async\" width=\"950\" height=\"694\" src=\"https:\/\/danidrops.com.br\/wp-content\/uploads\/2024\/10\/Quais-tipos-de-rostos-combinam-com-a-franja-japonesa.jpg\" alt=\"\u00bfQu\u00e9 tipo de rostros se adaptan al flequillo japon\u00e9s?\" class=\"wp-image-100316\" title=\"\" srcset=\"https:\/\/danidrops.com.br\/wp-content\/uploads\/2024\/10\/Quais-tipos-de-rostos-combinam-com-a-franja-japonesa.jpg 950w, https:\/\/danidrops.com.br\/wp-content\/uploads\/2024\/10\/Quais-tipos-de-rostos-combinam-com-a-franja-japonesa-300x219.jpg 300w, https:\/\/danidrops.com.br\/wp-content\/uploads\/2024\/10\/Quais-tipos-de-rostos-combinam-com-a-franja-japonesa-768x561.jpg 768w, https:\/\/danidrops.com.br\/wp-content\/uploads\/2024\/10\/Quais-tipos-de-rostos-combinam-com-a-franja-japonesa-16x12.jpg 16w, https:\/\/danidrops.com.br\/wp-content\/uploads\/2024\/10\/Quais-tipos-de-rostos-combinam-com-a-franja-japonesa-150x110.jpg 150w\" sizes=\"auto, (max-width: 950px) 100vw, 950px\" \/><figcaption class=\"wp-element-caption\">\u00bfQu\u00e9 tipo de rostros se adaptan al flequillo japon\u00e9s?<\/figcaption><\/figure>\n\n\n\n<ol class=\"wp-block-list\">\n<li><strong>cara ovalada<\/strong>: Este es el formato m\u00e1s equilibrado y pr\u00e1cticamente cualquier tipo de flequillo, incluido el japon\u00e9s, queda genial. Los flequillos rectos o ligeramente arqueados realzan las proporciones naturales, haciendo que el look sea a\u00fan m\u00e1s armonioso.<\/li>\n\n\n\n<li><strong>cara redonda<\/strong>: El flequillo japon\u00e9s recto puede funcionar muy bien, especialmente si se usa con las puntas deshilachadas o los lados un poco m\u00e1s largos. Esto ayuda a alargar el rostro y romper la sensaci\u00f3n de redondez excesiva.<\/li>\n\n\n\n<li><strong>cara de corazon<\/strong>: Para esta forma, donde la frente es m\u00e1s ancha y el ment\u00f3n m\u00e1s delgado, el flequillo japon\u00e9s ligeramente arqueado, con extremos alargados a los lados, crea equilibrio, suavizando la frente y dando m\u00e1s proporci\u00f3n al rostro.<\/li>\n\n\n\n<li><strong>cara cuadrada<\/strong>: Quienes tienen un rostro m\u00e1s anguloso pueden suavizar las l\u00edneas fuertes con un flequillo japon\u00e9s deshilachado o ligeramente m\u00e1s redondeado. Sin embargo, se debe evitar el estilo recto para no acentuar a\u00fan m\u00e1s los \u00e1ngulos faciales.<\/li>\n\n\n\n<li><strong>Cara alargada<\/strong>: Los flequillos japoneses rectos, cortados por encima de las cejas, son una excelente opci\u00f3n, ya que ayudan a &quot;acortar&quot; visualmente el rostro, equilibrando las proporciones.<\/li>\n<\/ol>\n\n\n\n<p>La clave para acertar con el flequillo japon\u00e9s es ajustar la longitud y el acabado a las caracter\u00edsticas \u00fanicas de cada rostro, garantizando un resultado armonioso y elegante.<\/p>\n\n\n\n<h2 class=\"wp-block-heading\"><span class=\"ez-toc-section\" id=\"Como_fazer_a_franja_japonesa_no_seu_cabelo\"><\/span>C\u00f3mo hacer flequillo japon\u00e9s en tu cabello<span class=\"ez-toc-section-end\"><\/span><\/h2>\n\n\n\n<p>hacer el <strong>flequillo japon\u00e9s<\/strong> En casa puede parecer un reto, pero con unos sencillos consejos y los materiales adecuados puedes conseguir resultados incre\u00edbles. Aqu\u00ed tienes una gu\u00eda b\u00e1sica paso a paso para crear este flequillo en tu cabello:<\/p>\n\n\n\n<figure class=\"wp-block-image size-full\"><img loading=\"lazy\" decoding=\"async\" width=\"950\" height=\"694\" src=\"https:\/\/danidrops.com.br\/wp-content\/uploads\/2024\/10\/franja-japonesa-7.jpg\" alt=\"flequillo japon\u00e9s\" class=\"wp-image-100311\" title=\"\" srcset=\"https:\/\/danidrops.com.br\/wp-content\/uploads\/2024\/10\/franja-japonesa-7.jpg 950w, https:\/\/danidrops.com.br\/wp-content\/uploads\/2024\/10\/franja-japonesa-7-300x219.jpg 300w, https:\/\/danidrops.com.br\/wp-content\/uploads\/2024\/10\/franja-japonesa-7-768x561.jpg 768w, https:\/\/danidrops.com.br\/wp-content\/uploads\/2024\/10\/franja-japonesa-7-16x12.jpg 16w, https:\/\/danidrops.com.br\/wp-content\/uploads\/2024\/10\/franja-japonesa-7-150x110.jpg 150w\" sizes=\"auto, (max-width: 950px) 100vw, 950px\" \/><figcaption class=\"wp-element-caption\">flequillo japon\u00e9s<\/figcaption><\/figure>\n\n\n\n<h3 class=\"wp-block-heading\">Materiales necesarios:<\/h3>\n\n\n\n<ul class=\"wp-block-list\">\n<li>Tijeras para el cabello (aptas para cortar, no utilice tijeras normales).<\/li>\n\n\n\n<li>Peine fino.<\/li>\n\n\n\n<li>Pinzas para separar el cabello.<\/li>\n\n\n\n<li>Espejo (preferiblemente grande, para una vista clara).<\/li>\n<\/ul>\n\n\n\n<h2 class=\"wp-block-heading\"><span class=\"ez-toc-section\" id=\"Passo_a_passo_para_fazer_a_franja_japonesa\"><\/span>Paso a paso para hacer flequillo japon\u00e9s<span class=\"ez-toc-section-end\"><\/span><\/h2>\n\n\n\n<figure class=\"wp-block-embed is-type-video is-provider-youtube wp-block-embed-youtube wp-embed-aspect-16-9 wp-has-aspect-ratio\"><div class=\"wp-block-embed__wrapper\">\n<iframe loading=\"lazy\" title=\"Hacer flequillo coreano en casa\" width=\"500\" height=\"281\" src=\"https:\/\/www.youtube.com\/embed\/LXKPt3kzMeg?feature=oembed\" frameborder=\"0\" allow=\"accelerometer; autoplay; clipboard-write; encrypted-media; gyroscope; picture-in-picture; web-share\" referrerpolicy=\"strict-origin-when-cross-origin\" allowfullscreen><\/iframe>\n<\/div><\/figure>\n\n\n\n<h3 class=\"wp-block-heading\">1. Separar la parte del flequillo:<\/h3>\n\n\n\n<p>Con el cabello seco y peinado, utiliza un peine de p\u00faas finas para separar una peque\u00f1a secci\u00f3n de cabello en la parte delantera. Dibuja una \u201cV\u201d o un tri\u00e1ngulo en la parte central de la cabeza, tomando la cantidad de cabello necesaria para el flequillo. Cuanto m\u00e1s cabello tomes, m\u00e1s voluminoso ser\u00e1 tu flequillo. Asegure el resto de su cabello con clips para que no estorbe.<\/p>\n\n\n\n<figure class=\"wp-block-image size-full\"><img loading=\"lazy\" decoding=\"async\" width=\"950\" height=\"694\" src=\"https:\/\/danidrops.com.br\/wp-content\/uploads\/2024\/10\/franja-japonesa-5.jpg\" alt=\"flequillo japon\u00e9s\" class=\"wp-image-100309\" title=\"\" srcset=\"https:\/\/danidrops.com.br\/wp-content\/uploads\/2024\/10\/franja-japonesa-5.jpg 950w, https:\/\/danidrops.com.br\/wp-content\/uploads\/2024\/10\/franja-japonesa-5-300x219.jpg 300w, https:\/\/danidrops.com.br\/wp-content\/uploads\/2024\/10\/franja-japonesa-5-768x561.jpg 768w, https:\/\/danidrops.com.br\/wp-content\/uploads\/2024\/10\/franja-japonesa-5-16x12.jpg 16w, https:\/\/danidrops.com.br\/wp-content\/uploads\/2024\/10\/franja-japonesa-5-150x110.jpg 150w\" sizes=\"auto, (max-width: 950px) 100vw, 950px\" \/><figcaption class=\"wp-element-caption\">flequillo japon\u00e9s<\/figcaption><\/figure>\n\n\n\n<h2 class=\"wp-block-heading\"><span class=\"ez-toc-section\" id=\"2_Meca_o_comprimento\"><\/span>2. Mida la longitud:<span class=\"ez-toc-section-end\"><\/span><\/h2>\n\n\n\n<p>Piensa en el largo que quieres para tu flequillo. El flequillo japon\u00e9s suele quedar justo por encima o a la altura de las cejas. Para evitar cortar demasiado al principio, comience siempre cortando un poco por debajo del largo deseado y aj\u00fastelo gradualmente.<\/p>\n\n\n\n<figure class=\"wp-block-image size-full\"><img loading=\"lazy\" decoding=\"async\" width=\"950\" height=\"694\" src=\"https:\/\/danidrops.com.br\/wp-content\/uploads\/2024\/10\/franja-japonesa-6.jpg\" alt=\"flequillo japon\u00e9s\" class=\"wp-image-100310\" title=\"\" srcset=\"https:\/\/danidrops.com.br\/wp-content\/uploads\/2024\/10\/franja-japonesa-6.jpg 950w, https:\/\/danidrops.com.br\/wp-content\/uploads\/2024\/10\/franja-japonesa-6-300x219.jpg 300w, https:\/\/danidrops.com.br\/wp-content\/uploads\/2024\/10\/franja-japonesa-6-768x561.jpg 768w, https:\/\/danidrops.com.br\/wp-content\/uploads\/2024\/10\/franja-japonesa-6-16x12.jpg 16w, https:\/\/danidrops.com.br\/wp-content\/uploads\/2024\/10\/franja-japonesa-6-150x110.jpg 150w\" sizes=\"auto, (max-width: 950px) 100vw, 950px\" \/><figcaption class=\"wp-element-caption\">flequillo japon\u00e9s<\/figcaption><\/figure>\n\n\n\n<h2 class=\"wp-block-heading\"><span class=\"ez-toc-section\" id=\"3_Faca_o_primeiro_corte\"><\/span>3. Haz el primer corte:<span class=\"ez-toc-section-end\"><\/span><\/h2>\n\n\n\n<p>Sujeta la parte del flequillo que separaste entre tus dedos y corta recto y suave. Intenta mantener las tijeras en posici\u00f3n horizontal, pero con un ligero \u00e1ngulo para seguir la l\u00ednea de tus dedos. No es necesario que cortes todo de una vez; haz peque\u00f1os cortes lentamente.<\/p>\n\n\n\n<figure class=\"wp-block-image size-full\"><img loading=\"lazy\" decoding=\"async\" width=\"950\" height=\"694\" src=\"https:\/\/danidrops.com.br\/wp-content\/uploads\/2024\/10\/franja-japonesa-4.jpg\" alt=\"flequillo japon\u00e9s\" class=\"wp-image-100308\" title=\"\" srcset=\"https:\/\/danidrops.com.br\/wp-content\/uploads\/2024\/10\/franja-japonesa-4.jpg 950w, https:\/\/danidrops.com.br\/wp-content\/uploads\/2024\/10\/franja-japonesa-4-300x219.jpg 300w, https:\/\/danidrops.com.br\/wp-content\/uploads\/2024\/10\/franja-japonesa-4-768x561.jpg 768w, https:\/\/danidrops.com.br\/wp-content\/uploads\/2024\/10\/franja-japonesa-4-16x12.jpg 16w, https:\/\/danidrops.com.br\/wp-content\/uploads\/2024\/10\/franja-japonesa-4-150x110.jpg 150w\" sizes=\"auto, (max-width: 950px) 100vw, 950px\" \/><figcaption class=\"wp-element-caption\">flequillo japon\u00e9s<\/figcaption><\/figure>\n\n\n\n<h2 class=\"wp-block-heading\"><span class=\"ez-toc-section\" id=\"4_Ajuste_as_laterais\"><\/span>4. Ajustar los lados:<span class=\"ez-toc-section-end\"><\/span><\/h2>\n\n\n\n<p>Si quieres ese efecto ligeramente arqueado, donde los extremos laterales son m\u00e1s largos, sujeta los lados del flequillo y corta en \u00e1ngulo, dejando los extremos m\u00e1s largos que el centro. Esto ayudar\u00e1 a suavizar tu mirada y darle forma a tu rostro de manera sutil.<\/p>\n\n\n\n<h2 class=\"wp-block-heading\"><span class=\"ez-toc-section\" id=\"5_Desfie_as_pontas_opcional\"><\/span>5. Deshilachar los extremos (opcional):<span class=\"ez-toc-section-end\"><\/span><\/h2>\n\n\n\n<p>Para un acabado m\u00e1s claro, utiliza las tijeras en vertical y haz peque\u00f1os \u201cpinchazos\u201d en los extremos del flequillo, creando un efecto deshilachado. Esto har\u00e1 que el flequillo japon\u00e9s sea m\u00e1s fluido y natural, especialmente si quieres evitar un look muy r\u00edgido.<\/p>\n\n\n\n<h2 class=\"wp-block-heading\"><span class=\"ez-toc-section\" id=\"6_Revise_e_finalize\"><\/span>6. Revisar y finalizar:<span class=\"ez-toc-section-end\"><\/span><\/h2>\n\n\n\n<p>Despu\u00e9s de cortarlo, peina tu flequillo nuevamente y observa si es necesario hacer alg\u00fan ajuste en el largo o deshilachado. Tambi\u00e9n puedes usar un secador de pelo para peinar tu flequillo, dirigiendo el aire hacia abajo mientras lo peinas para crear un acabado m\u00e1s pulido.<\/p>\n\n\n\n<h3 class=\"wp-block-heading\"><strong>Consejo adicional:<\/strong><\/h3>\n\n\n\n<p>Si es la primera vez que te cortas el flequillo, t\u00f3mate tu tiempo y c\u00f3rtalo poco a poco. Es m\u00e1s f\u00e1cil recortar un poco m\u00e1s despu\u00e9s que corregir si cortas demasiado. \u00a1Ahora simplemente peina y disfruta del aspecto moderno y elegante de tu cabello! <strong>flequillo japon\u00e9s<\/strong>!<\/p>\n\n\n\n<h2 class=\"wp-block-heading\"><span class=\"ez-toc-section\" id=\"Por_que_a_franja_no_Japao_e_tao_popular\"><\/span>\u00bfPor qu\u00e9 el flequillo es tan popular en Jap\u00f3n?<span class=\"ez-toc-section-end\"><\/span><\/h2>\n\n\n\n<p>Los flequillos son extremadamente populares en Jap\u00f3n por varias razones culturales y est\u00e9ticas:<\/p>\n\n\n\n<ul class=\"wp-block-list\">\n<li><strong>Influencia de la cultura pop<\/strong>: Muchas celebridades, personajes de anime e \u00eddolos del J-pop (m\u00fasica pop japonesa) usan flequillo. Esto crea una fuerte asociaci\u00f3n con la moda, la juventud y las tendencias modernas, haciendo del flequillo un s\u00edmbolo de estilo.<\/li>\n\n\n\n<li><strong>Linda est\u00e9tica (Kawaii)<\/strong>: Jap\u00f3n valora mucho la est\u00e9tica \u201ckawaii\u201d, que significa \u201clindo\u201d o \u201cadorable\u201d. El flequillo crea un look m\u00e1s joven e inocente, en consonancia con este ideal de belleza.<\/li>\n\n\n\n<li><strong>Versatilidad<\/strong>: El flequillo se puede adaptar a diferentes tipos de rostro y peinados, lo que significa que muchas mujeres japonesas lo ven como una opci\u00f3n pr\u00e1ctica y elegante.<\/li>\n\n\n\n<li><strong>Influencias hist\u00f3ricas y tradicionales<\/strong>: Hay influencias de cortes de pelo m\u00e1s tradicionales, como el \u201ccorte hime\u201d, que incluye flequillo como parte del estilo. Esto ayuda a perpetuar la popularidad.<\/li>\n<\/ul>\n\n\n\n<p>Entonces, el flequillo en Jap\u00f3n es m\u00e1s que una tendencia pasajera: es una mezcla de moda, cultura pop e ideales de belleza tradicionales.<\/p>\n\n\n\n<h6 class=\"wp-block-heading\"><\/h6>\n<div id=\"ez-toc-container\" class=\"ez-toc-v2_0_76 counter-hierarchy ez-toc-counter ez-toc-grey ez-toc-container-direction\">\n<p class=\"ez-toc-title\" style=\"cursor:inherit\">Leer\u00e1s este art\u00edculo<\/p>\n<label for=\"ez-toc-cssicon-toggle-item-69ef4dee8a6c9\" class=\"ez-toc-cssicon-toggle-label\"><span class=\"ez-toc-cssicon\"><span class=\"eztoc-hide\" style=\"display:none;\">Palanca<\/span><span class=\"ez-toc-icon-toggle-span\"><svg style=\"fill: #999;color:#999\" xmlns=\"http:\/\/www.w3.org\/2000\/svg\" class=\"list-377408\" width=\"20px\" height=\"20px\" viewbox=\"0 0 24 24\" fill=\"none\"><path d=\"M6 6H4v2h2V6zm14 0H8v2h12V6zM4 11h2v2H4v-2zm16 0H8v2h12v-2zM4 16h2v2H4v-2zm16 0H8v2h12v-2z\" fill=\"currentColor\"><\/path><\/svg><svg style=\"fill: #999;color:#999\" class=\"arrow-unsorted-368013\" xmlns=\"http:\/\/www.w3.org\/2000\/svg\" width=\"10px\" height=\"10px\" viewbox=\"0 0 24 24\" version=\"1.2\" baseprofile=\"tiny\"><path d=\"M18.2 9.3l-6.2-6.3-6.2 6.3c-.2.2-.3.4-.3.7s.1.5.3.7c.2.2.4.3.7.3h11c.3 0 .5-.1.7-.3.2-.2.3-.5.3-.7s-.1-.5-.3-.7zM5.8 14.7l6.2 6.3 6.2-6.3c.2-.2.3-.5.3-.7s-.1-.5-.3-.7c-.2-.2-.4-.3-.7-.3h-11c-.3 0-.5.1-.7.3-.2.2-.3.5-.3.7s.1.5.3.7z\"\/><\/svg><\/span><\/span><\/label><input type=\"checkbox\"  id=\"ez-toc-cssicon-toggle-item-69ef4dee8a6c9\"  aria-label=\"Palanca\" \/><nav><ul class='ez-toc-list ez-toc-list-level-1' ><li class='ez-toc-page-1 ez-toc-heading-level-2'><a class=\"ez-toc-link ez-toc-heading-1\" href=\"https:\/\/danidrops.com.br\/es\/tendencia-marginal-japonesa\/#O_que_e_a_franja_japonesa\" >\u00bfQu\u00e9 es el flequillo japon\u00e9s?<\/a><\/li><li class='ez-toc-page-1 ez-toc-heading-level-2'><a class=\"ez-toc-link ez-toc-heading-2\" href=\"https:\/\/danidrops.com.br\/es\/tendencia-marginal-japonesa\/#Quais_tipos_de_rostos_combinam_com_a_franja_japonesa\" >\u00bfQu\u00e9 tipo de rostros se adaptan al flequillo japon\u00e9s?<\/a><\/li><li class='ez-toc-page-1 ez-toc-heading-level-2'><a class=\"ez-toc-link ez-toc-heading-3\" href=\"https:\/\/danidrops.com.br\/es\/tendencia-marginal-japonesa\/#Como_fazer_a_franja_japonesa_no_seu_cabelo\" >C\u00f3mo hacer flequillo japon\u00e9s en tu cabello<\/a><\/li><li class='ez-toc-page-1 ez-toc-heading-level-2'><a class=\"ez-toc-link ez-toc-heading-4\" href=\"https:\/\/danidrops.com.br\/es\/tendencia-marginal-japonesa\/#Passo_a_passo_para_fazer_a_franja_japonesa\" >Paso a paso para hacer flequillo japon\u00e9s<\/a><\/li><li class='ez-toc-page-1 ez-toc-heading-level-2'><a class=\"ez-toc-link ez-toc-heading-5\" href=\"https:\/\/danidrops.com.br\/es\/tendencia-marginal-japonesa\/#2_Meca_o_comprimento\" >2. Mida la longitud:<\/a><\/li><li class='ez-toc-page-1 ez-toc-heading-level-2'><a class=\"ez-toc-link ez-toc-heading-6\" href=\"https:\/\/danidrops.com.br\/es\/tendencia-marginal-japonesa\/#3_Faca_o_primeiro_corte\" >3. Haz el primer corte:<\/a><\/li><li class='ez-toc-page-1 ez-toc-heading-level-2'><a class=\"ez-toc-link ez-toc-heading-7\" href=\"https:\/\/danidrops.com.br\/es\/tendencia-marginal-japonesa\/#4_Ajuste_as_laterais\" >4. Ajustar los lados:<\/a><\/li><li class='ez-toc-page-1 ez-toc-heading-level-2'><a class=\"ez-toc-link ez-toc-heading-8\" href=\"https:\/\/danidrops.com.br\/es\/tendencia-marginal-japonesa\/#5_Desfie_as_pontas_opcional\" >5. Deshilachar los extremos (opcional):<\/a><\/li><li class='ez-toc-page-1 ez-toc-heading-level-2'><a class=\"ez-toc-link ez-toc-heading-9\" href=\"https:\/\/danidrops.com.br\/es\/tendencia-marginal-japonesa\/#6_Revise_e_finalize\" >6. Revisar y finalizar:<\/a><\/li><li class='ez-toc-page-1 ez-toc-heading-level-2'><a class=\"ez-toc-link ez-toc-heading-10\" href=\"https:\/\/danidrops.com.br\/es\/tendencia-marginal-japonesa\/#Por_que_a_franja_no_Japao_e_tao_popular\" >\u00bfPor qu\u00e9 el flequillo es tan popular en Jap\u00f3n?<\/a><\/li><\/ul><\/nav><\/div>","protected":false},"excerpt":{"rendered":"<p>A franja japonesa est\u00e1 se consolidando como uma das grandes tend\u00eancias de cortes com franja para 2025, trazendo um toque de sofistica\u00e7\u00e3o e modernidade ao&hellip;<\/p>","protected":false},"author":1,"featured_media":100310,"comment_status":"open","ping_status":"open","sticky":false,"template":"","format":"standard","meta":{"footnotes":""},"categories":[439],"tags":[],"class_list":["post-100286","post","type-post","status-publish","format-standard","has-post-thumbnail","hentry","category-cabelo"],"_links":{"self":[{"href":"https:\/\/danidrops.com.br\/es\/wp-json\/wp\/v2\/posts\/100286","targetHints":{"allow":["GET"]}}],"collection":[{"href":"https:\/\/danidrops.com.br\/es\/wp-json\/wp\/v2\/posts"}],"about":[{"href":"https:\/\/danidrops.com.br\/es\/wp-json\/wp\/v2\/types\/post"}],"author":[{"embeddable":true,"href":"https:\/\/danidrops.com.br\/es\/wp-json\/wp\/v2\/users\/1"}],"replies":[{"embeddable":true,"href":"https:\/\/danidrops.com.br\/es\/wp-json\/wp\/v2\/comments?post=100286"}],"version-history":[{"count":0,"href":"https:\/\/danidrops.com.br\/es\/wp-json\/wp\/v2\/posts\/100286\/revisions"}],"wp:featuredmedia":[{"embeddable":true,"href":"https:\/\/danidrops.com.br\/es\/wp-json\/wp\/v2\/media\/100310"}],"wp:attachment":[{"href":"https:\/\/danidrops.com.br\/es\/wp-json\/wp\/v2\/media?parent=100286"}],"wp:term":[{"taxonomy":"category","embeddable":true,"href":"https:\/\/danidrops.com.br\/es\/wp-json\/wp\/v2\/categories?post=100286"},{"taxonomy":"post_tag","embeddable":true,"href":"https:\/\/danidrops.com.br\/es\/wp-json\/wp\/v2\/tags?post=100286"}],"curies":[{"name":"gracias","href":"https:\/\/api.w.org\/{rel}","templated":true}]}}