{"id":100487,"date":"2024-10-24T14:59:59","date_gmt":"2024-10-24T17:59:59","guid":{"rendered":"https:\/\/danidrops.com.br\/?p=100487"},"modified":"2024-10-24T15:25:13","modified_gmt":"2024-10-24T18:25:13","slug":"corte-de-pelo-taylor-swift","status":"publish","type":"post","link":"https:\/\/danidrops.com.br\/es\/corte-de-pelo-taylor-swift\/","title":{"rendered":"El corte de pelo de Taylor Swift, mira los 10 cortes que m\u00e1s marcaron la carrera de la cantante"},"content":{"rendered":"<p>Taylor Swift es conocida no s\u00f3lo por su m\u00fasica, sino tambi\u00e9n por su capacidad para reinventar su look con <a href=\"https:\/\/danidrops.com.br\/es\/tendencia-de-corte-de-pelo-para-mujeres-2025\/\">cortes de pelo ic\u00f3nicos<\/a>.&nbsp;<\/p>\n\n\n\n<p>A lo largo de los a\u00f1os, la cantante ha experimentado con diferentes estilos, desde lo cl\u00e1sico y sofisticado hasta lo moderno y atrevido, siguiendo siempre las principales tendencias.&nbsp;<\/p>\n\n\n\n<p>Sus cortes de pelo se han convertido en una aut\u00e9ntica fuente de inspiraci\u00f3n para quienes buscan elegancia, versatilidad y personalidad en su look.&nbsp;<\/p>\n\n\n\n<figure class=\"wp-block-image size-full\"><img loading=\"lazy\" decoding=\"async\" width=\"760\" height=\"555\" src=\"https:\/\/danidrops.com.br\/wp-content\/uploads\/2024\/10\/Corte-de-cabelo-da-Taylor-Swift.jpg\" alt=\"Corte de pelo de Taylor Swift\" class=\"wp-image-100554\" title=\"\" srcset=\"https:\/\/danidrops.com.br\/wp-content\/uploads\/2024\/10\/Corte-de-cabelo-da-Taylor-Swift.jpg 760w, https:\/\/danidrops.com.br\/wp-content\/uploads\/2024\/10\/Corte-de-cabelo-da-Taylor-Swift-300x219.jpg 300w, https:\/\/danidrops.com.br\/wp-content\/uploads\/2024\/10\/Corte-de-cabelo-da-Taylor-Swift-16x12.jpg 16w, https:\/\/danidrops.com.br\/wp-content\/uploads\/2024\/10\/Corte-de-cabelo-da-Taylor-Swift-150x110.jpg 150w\" sizes=\"auto, (max-width: 760px) 100vw, 760px\" \/><figcaption class=\"wp-element-caption\">Corte de pelo de Taylor Swift<\/figcaption><\/figure>\n\n\n\n<p>Echa un vistazo a algunos de los cortes m\u00e1s llamativos de Taylor Swift a continuaci\u00f3n y descubre c\u00f3mo transforma cada look en una nueva firma de estilo.<\/p>\n\n\n\n<script type=\"application\/ld+json\">\n{\n  \"@context\": \"https:\/\/schema.org\",\n  \"@type\": \"FAQPage\",\n  \"mainEntity\": [{\n    \"@type\": \"Question\",\n    \"name\": \"Qual \u00e9 o instagram da Taylor Swift?\",\n    \"acceptedAnswer\": {\n      \"@type\": \"Answer\",\n      \"text\": \"O Instagram oficial de Taylor Swift \u00e9 @taylorswift.\"\n    }\n  },{\n    \"@type\": \"Question\",\n    \"name\": \"Qual \u00e9 a data de nascimento de Taylor Swift e quantos anos ela tem atualmente?\",\n    \"acceptedAnswer\": {\n      \"@type\": \"Answer\",\n      \"text\": \"Taylor Swift nasceu em 13 de dezembro de 1989 e atualmente tem 34 anos.\"\n    }\n  },{\n    \"@type\": \"Question\",\n    \"name\": \"Onde Taylor Swift nasceu e qual \u00e9 a sua altura?\",\n    \"acceptedAnswer\": {\n      \"@type\": \"Answer\",\n      \"text\": \"Taylor Swift nasceu em West Reading, Pensilv\u00e2nia, EUA, e possui 1,78 m de altura.\"\n    }\n  },{\n    \"@type\": \"Question\",\n    \"name\": \"Qual \u00e9 o patrim\u00f4nio l\u00edquido de Taylor Swift em 2024, segundo a Forbes?\",\n    \"acceptedAnswer\": {\n      \"@type\": \"Answer\",\n      \"text\": \"De acordo com a Forbes, o patrim\u00f4nio l\u00edquido de Taylor Swift em 2024 \u00e9 de 1,6 bilh\u00e3o de d\u00f3lares.\"\n    }\n  },{\n    \"@type\": \"Question\",\n    \"name\": \"Quem s\u00e3o alguns dos parceiros de composi\u00e7\u00e3o de Taylor Swift?\",\n    \"acceptedAnswer\": {\n      \"@type\": \"Answer\",\n      \"text\": \"Alguns dos parceiros de composi\u00e7\u00e3o de Taylor Swift incluem Olivia Rodrigo e Joe Alwyn, entre outros.\"\n    }\n  },{\n    \"@type\": \"Question\",\n    \"name\": \"Quantos irm\u00e3os Taylor Swift tem e qual \u00e9 o nome do(s) irm\u00e3o(s)?\",\n    \"acceptedAnswer\": {\n      \"@type\": \"Answer\",\n      \"text\": \"Taylor Swift tem um irm\u00e3o chamado Austin Swift.\"\n    }\n  },{\n    \"@type\": \"Question\",\n    \"name\": \"Al\u00e9m de cantora, quais outras fun\u00e7\u00f5es Taylor Swift exerce em sua carreira?\",\n    \"acceptedAnswer\": {\n      \"@type\": \"Answer\",\n      \"text\": \"Taylor Swift tamb\u00e9m \u00e9 compositora, produtora musical, diretora e empres\u00e1ria.\"\n    }\n  },{\n    \"@type\": \"Question\",\n    \"name\": \"Por que as composi\u00e7\u00f5es de Taylor Swift recebem tanta aten\u00e7\u00e3o da m\u00eddia?\",\n    \"acceptedAnswer\": {\n      \"@type\": \"Answer\",\n      \"text\": \"As composi\u00e7\u00f5es de Taylor Swift recebem aten\u00e7\u00e3o da m\u00eddia por serem narrativas focadas em sua vida pessoal, o que gera grande interesse p\u00fablico e cobertura medi\u00e1tica.\"\n    }\n  },{\n    \"@type\": \"Question\",\n    \"name\": \"Quem \u00e9 Taylor Swift?\",\n    \"acceptedAnswer\": {\n      \"@type\": \"Answer\",\n      \"text\": \"Taylor Swift \u00e9 uma cantora, compositora, produtora musical, diretora e empres\u00e1ria dos Estados Unidos. Reconhecida mundialmente, Swift \u00e9 conhecida por suas composi\u00e7\u00f5es narrativas que frequentemente abordam temas de sua vida pessoal e relacionamentos, o que gera grande interesse e cobertura da m\u00eddia. \n\nSua carreira, que come\u00e7ou no country e evoluiu para o pop e outros g\u00eaneros, \u00e9 marcada por uma narrativa forte e um estilo \u00fanico de contar hist\u00f3rias atrav\u00e9s da m\u00fasica.\n\nTaylor Swift \u00e9 uma cantora, compositora, produtora musical, diretora e empres\u00e1ria dos Estados Unidos. Reconhecida mundialmente, Swift \u00e9 conhecida por suas composi\u00e7\u00f5es narrativas que frequentemente abordam temas de sua vida pessoal e relacionamentos, o que gera grande interesse e cobertura da m\u00eddia. Sua carreira, que come\u00e7ou no country e evoluiu para o pop e outros g\u00eaneros, \u00e9 marcada por uma narrativa forte e um estilo \u00fanico de contar hist\u00f3rias atrav\u00e9s da m\u00fasica. Com v\u00e1rios pr\u00eamios e recordes ao longo dos anos, ela se consolidou como uma das artistas mais influentes da m\u00fasica contempor\u00e2nea.\"\n    }\n  },{\n    \"@type\": \"Question\",\n    \"name\": \"Quais os cortes de cabelo da Taylor Swift foram mais marcantes?\",\n    \"acceptedAnswer\": {\n      \"@type\": \"Answer\",\n      \"text\": \"Os cortes de cabelo da Taylor Swift que foram mais ic\u00f4nicos foram: Corte M\u00e9dio com Franja, Corte M\u00e9dio com Franja, Corte Longo com Franja, Corte Curto com Ondas, Corte Colorido em Camadas, Corte Longo Ondulado, Corte Longo com Lateral Lisa, Corte Long Bob Ondulado, Coque Alto com Franja, Rabo de Cavalo com Pontas Coloridas.\"\n    }\n  }]\n}\n<\/script>\n\n\n\n<h2 class=\"wp-block-heading\"><span class=\"ez-toc-section\" id=\"Quais_os_cortes_de_cabelo_da_Taylor_Swift_foram_mais_marcantes\"><\/span>\u00bfQu\u00e9 cortes de pelo de Taylor Swift fueron los m\u00e1s llamativos?<span class=\"ez-toc-section-end\"><\/span><\/h2>\n\n\n\n<p>T\u00fa <strong>Cortes de pelo de Taylor Swift que fueron m\u00e1s ic\u00f3nicos<\/strong> Ellos eran:<\/p>\n\n\n\n<ul class=\"wp-block-list\">\n<li>Corte medio con flequillo<\/li>\n\n\n\n<li>Corte medio con flequillo<\/li>\n\n\n\n<li>Corte largo con flequillo<\/li>\n\n\n\n<li>Atajo con ondas<\/li>\n\n\n\n<li>Corte en capas colorido<\/li>\n\n\n\n<li>Corte largo ondulado<\/li>\n\n\n\n<li>Corte largo con lado liso<\/li>\n\n\n\n<li>Corte Bob largo ondulado<\/li>\n\n\n\n<li>Mo\u00f1o Alto con Flequillo<\/li>\n\n\n\n<li>Cola de caballo con puntas coloridas<\/li>\n<\/ul>\n\n\n\n<h2 class=\"wp-block-heading\"><span class=\"ez-toc-section\" id=\"Taylor_Swift_e_o_Corte_Medio_com_Franja_O_Look_Moderno_e_Sofisticado\"><\/span>Taylor Swift y el corte medio con flequillo: el look moderno y sofisticado<span class=\"ez-toc-section-end\"><\/span><\/h2>\n\n\n\n<p>El corte de pelo de Taylor Swift, como se ve en la imagen, combina un lacio de largo medio con el cl\u00e1sico <a href=\"https:\/\/danidrops.com.br\/es\/tendencia-de-corte-de-pelo-con-flequillo-2025\/\" data-type=\"link\" data-id=\"https:\/\/danidrops.com.br\/tendencia-corte-de-cabelo-com-franja-2025\/\">flecos de cortina<\/a>. Este estilo es ideal para quienes quieren un look elegante pero tambi\u00e9n casual.&nbsp;<\/p>\n\n\n\n<figure class=\"wp-block-image size-full\"><img loading=\"lazy\" decoding=\"async\" width=\"764\" height=\"896\" src=\"https:\/\/danidrops.com.br\/wp-content\/uploads\/2024\/10\/Corte-de-cabelo-da-Taylor-Swift-Corte-Medio-com-Franja.jpg\" alt=\"Corte de pelo de Taylor Swift Corte medio con flequillo\" class=\"wp-image-100549\" title=\"\" srcset=\"https:\/\/danidrops.com.br\/wp-content\/uploads\/2024\/10\/Corte-de-cabelo-da-Taylor-Swift-Corte-Medio-com-Franja.jpg 764w, https:\/\/danidrops.com.br\/wp-content\/uploads\/2024\/10\/Corte-de-cabelo-da-Taylor-Swift-Corte-Medio-com-Franja-256x300.jpg 256w, https:\/\/danidrops.com.br\/wp-content\/uploads\/2024\/10\/Corte-de-cabelo-da-Taylor-Swift-Corte-Medio-com-Franja-10x12.jpg 10w, https:\/\/danidrops.com.br\/wp-content\/uploads\/2024\/10\/Corte-de-cabelo-da-Taylor-Swift-Corte-Medio-com-Franja-150x176.jpg 150w\" sizes=\"auto, (max-width: 764px) 100vw, 764px\" \/><figcaption class=\"wp-element-caption\">Corte de pelo de Taylor Swift Corte medio con flequillo<\/figcaption><\/figure>\n\n\n\n<p>El flequillo corto suaviza el rostro y resalta los ojos, creando un marco delicado. Adem\u00e1s, el toque de coloraci\u00f3n rosa en las puntas, en un sutil efecto ombr\u00e9, aporta modernidad y un look juvenil. Este corte de pelo se alinea perfectamente con las tendencias actuales, mezclando sofisticaci\u00f3n atemporal con un toque de coloraci\u00f3n atrevida.<\/p>\n\n\n\n<h2 class=\"wp-block-heading\"><span class=\"ez-toc-section\" id=\"Taylor_Swift_e_o_Corte_Medio_com_Franja_A_Sofisticacao_das_Tendencias\"><\/span>Taylor Swift y el corte medio con flequillo: la sofisticaci\u00f3n de las tendencias<span class=\"ez-toc-section-end\"><\/span><\/h2>\n\n\n\n<p>El corte de pelo de Taylor Swift sigue un estilo medio con flequillo recto y completo, aportando un look cl\u00e1sico y sofisticado. El flequillo rizado es ideal para quienes desean un toque suave para enmarcar su rostro, mientras que el largo medio ofrece versatilidad para la vida cotidiana.&nbsp;<\/p>\n\n\n\n<figure class=\"wp-block-image size-full\"><img loading=\"lazy\" decoding=\"async\" width=\"764\" height=\"896\" src=\"https:\/\/danidrops.com.br\/wp-content\/uploads\/2024\/10\/Corte-de-cabelo-da-Taylor-Swift-Corte-Medio-com-franja-reta.jpg\" alt=\"Corte de pelo de Taylor Swift Corte medio con flequillo recto\" class=\"wp-image-100548\" title=\"\" srcset=\"https:\/\/danidrops.com.br\/wp-content\/uploads\/2024\/10\/Corte-de-cabelo-da-Taylor-Swift-Corte-Medio-com-franja-reta.jpg 764w, https:\/\/danidrops.com.br\/wp-content\/uploads\/2024\/10\/Corte-de-cabelo-da-Taylor-Swift-Corte-Medio-com-franja-reta-256x300.jpg 256w, https:\/\/danidrops.com.br\/wp-content\/uploads\/2024\/10\/Corte-de-cabelo-da-Taylor-Swift-Corte-Medio-com-franja-reta-10x12.jpg 10w, https:\/\/danidrops.com.br\/wp-content\/uploads\/2024\/10\/Corte-de-cabelo-da-Taylor-Swift-Corte-Medio-com-franja-reta-150x176.jpg 150w\" sizes=\"auto, (max-width: 764px) 100vw, 764px\" \/><figcaption class=\"wp-element-caption\">Corte de pelo de Taylor Swift Corte medio con flequillo recto<\/figcaption><\/figure>\n\n\n\n<p>Esta tendencia de corte de pelo es perfecta para mujeres que quieren resaltar su mirada sin renunciar a la elegancia. La suavidad del corte se complementa con una textura suave, que aporta movimiento y ligereza al look.<\/p>\n\n\n\n<h2 class=\"wp-block-heading\"><span class=\"ez-toc-section\" id=\"Taylor_Swift_e_o_Corte_Longo_com_Franja_O_Charme_Despojado_das_Tendencias\"><\/span>Taylor Swift y el corte largo con flequillo: el encanto casual de las tendencias<span class=\"ez-toc-section-end\"><\/span><\/h2>\n\n\n\n<p>El look de Taylor Swift destaca por un corte de pelo largo con flequillo recto y tupido, ofreciendo un toque moderno y juvenil. Los flequillos rectos y ligeramente deshilachados son una opci\u00f3n ideal para quienes desean un estilo que enmarque el rostro y resalte la mirada.&nbsp;<\/p>\n\n\n\n<figure class=\"wp-block-image size-full\"><img loading=\"lazy\" decoding=\"async\" width=\"764\" height=\"896\" src=\"https:\/\/danidrops.com.br\/wp-content\/uploads\/2024\/10\/Corte-de-cabelo-da-Taylor-Swift-Corte-Longo-com-Franja.jpg\" alt=\"Corte de pelo largo de Taylor Swift con flequillo\" class=\"wp-image-100545\" title=\"\" srcset=\"https:\/\/danidrops.com.br\/wp-content\/uploads\/2024\/10\/Corte-de-cabelo-da-Taylor-Swift-Corte-Longo-com-Franja.jpg 764w, https:\/\/danidrops.com.br\/wp-content\/uploads\/2024\/10\/Corte-de-cabelo-da-Taylor-Swift-Corte-Longo-com-Franja-256x300.jpg 256w, https:\/\/danidrops.com.br\/wp-content\/uploads\/2024\/10\/Corte-de-cabelo-da-Taylor-Swift-Corte-Longo-com-Franja-10x12.jpg 10w, https:\/\/danidrops.com.br\/wp-content\/uploads\/2024\/10\/Corte-de-cabelo-da-Taylor-Swift-Corte-Longo-com-Franja-150x176.jpg 150w\" sizes=\"auto, (max-width: 764px) 100vw, 764px\" \/><figcaption class=\"wp-element-caption\">Corte de pelo largo de Taylor Swift con flequillo<\/figcaption><\/figure>\n\n\n\n<p>Este tipo de corte de pelo es un cl\u00e1sico revisitado, que aporta suavidad y movimiento a las mechas largas, adem\u00e1s de ser vers\u00e1til para diferentes ocasiones. La combinaci\u00f3n de flequillo y largo es perfecta para crear un look casual, desenfadado y lleno de personalidad.<\/p>\n\n\n\n<h2 class=\"wp-block-heading\"><span class=\"ez-toc-section\" id=\"Taylor_Swift_e_o_Corte_Curto_com_Ondas_Glamour_e_Sofisticacao_em_Alta\"><\/span>Taylor Swift y el atajo con ondas: glamour y sofisticaci\u00f3n en aumento<span class=\"ez-toc-section-end\"><\/span><\/h2>\n\n\n\n<p>Taylor Swift opta por un corte de pelo corto con ondas suaves y flequillo deshilachado, aportando un aire de elegancia retro y glamour moderno. Este corte es una tendencia de cabello que nos remonta a los cl\u00e1sicos, pero con un toque contempor\u00e1neo.&nbsp;<\/p>\n\n\n\n<figure class=\"wp-block-image size-full\"><img loading=\"lazy\" decoding=\"async\" width=\"764\" height=\"896\" src=\"https:\/\/danidrops.com.br\/wp-content\/uploads\/2024\/10\/Corte-de-cabelo-da-Taylor-Swift-Corte-Curto-com-Ondas.jpg\" alt=\"Corte de pelo corto con ondas de Taylor Swift\" class=\"wp-image-100543\" title=\"\" srcset=\"https:\/\/danidrops.com.br\/wp-content\/uploads\/2024\/10\/Corte-de-cabelo-da-Taylor-Swift-Corte-Curto-com-Ondas.jpg 764w, https:\/\/danidrops.com.br\/wp-content\/uploads\/2024\/10\/Corte-de-cabelo-da-Taylor-Swift-Corte-Curto-com-Ondas-256x300.jpg 256w, https:\/\/danidrops.com.br\/wp-content\/uploads\/2024\/10\/Corte-de-cabelo-da-Taylor-Swift-Corte-Curto-com-Ondas-10x12.jpg 10w, https:\/\/danidrops.com.br\/wp-content\/uploads\/2024\/10\/Corte-de-cabelo-da-Taylor-Swift-Corte-Curto-com-Ondas-150x176.jpg 150w\" sizes=\"auto, (max-width: 764px) 100vw, 764px\" \/><figcaption class=\"wp-element-caption\">Corte de pelo corto con ondas de Taylor Swift<\/figcaption><\/figure>\n\n\n\n<p>Las ondas naturales aportan textura y movimiento al look, mientras que el flequillo deshilachado suaviza las l\u00edneas del rostro y aporta luminosidad. Este estilo es perfecto para ocasiones formales, siendo un ejemplo de c\u00f3mo un corte de pelo corto puede resultar sofisticado y llamativo al mismo tiempo.<\/p>\n\n\n\n<h2 class=\"wp-block-heading\"><span class=\"ez-toc-section\" id=\"Taylor_Swift_e_o_Corte_Colorido_em_Camadas_Ousadia_e_Criatividade_em_Alta\"><\/span>Taylor Swift y el colorido corte en capas: audacia y creatividad en aumento<span class=\"ez-toc-section-end\"><\/span><\/h2>\n\n\n\n<p>Taylor Swift sorprende con un corte de pelo en capas, acompa\u00f1ado de una coloraci\u00f3n vibrante. La base del corte presenta sutiles capas, que aportan movimiento y ligereza al cabello.&nbsp;<\/p>\n\n\n\n<figure class=\"wp-block-image size-full\"><img loading=\"lazy\" decoding=\"async\" width=\"764\" height=\"896\" src=\"https:\/\/danidrops.com.br\/wp-content\/uploads\/2024\/10\/Corte-de-cabelo-da-Taylor-Swift-Corte-Colorido-em-Camadas.jpg\" alt=\"Corte de pelo de Taylor Swift Corte en capas colorido\" class=\"wp-image-100542\" title=\"\" srcset=\"https:\/\/danidrops.com.br\/wp-content\/uploads\/2024\/10\/Corte-de-cabelo-da-Taylor-Swift-Corte-Colorido-em-Camadas.jpg 764w, https:\/\/danidrops.com.br\/wp-content\/uploads\/2024\/10\/Corte-de-cabelo-da-Taylor-Swift-Corte-Colorido-em-Camadas-256x300.jpg 256w, https:\/\/danidrops.com.br\/wp-content\/uploads\/2024\/10\/Corte-de-cabelo-da-Taylor-Swift-Corte-Colorido-em-Camadas-10x12.jpg 10w, https:\/\/danidrops.com.br\/wp-content\/uploads\/2024\/10\/Corte-de-cabelo-da-Taylor-Swift-Corte-Colorido-em-Camadas-150x176.jpg 150w\" sizes=\"auto, (max-width: 764px) 100vw, 764px\" \/><figcaption class=\"wp-element-caption\">Corte de pelo de Taylor Swift Corte en capas colorido<\/figcaption><\/figure>\n\n\n\n<p>El colorido es el gran protagonista, con un degradado que va del verde agua al rosa, pasando por tonos de azul, aportando un look atrevido y creativo. Esta tendencia de corte de pelo es perfecta para quienes desean un look expresivo y lleno de personalidad, ideal para quienes les gusta reinventarse y optar por estilos poco convencionales.<\/p>\n\n\n\n<h2 class=\"wp-block-heading\"><span class=\"ez-toc-section\" id=\"Taylor_Swift_e_o_Corte_Longo_Ondulado_O_Glamour_dos_Cachos_Soltos\"><\/span>Taylor Swift y el corte largo ondulado: el glamour de los rizos sueltos<span class=\"ez-toc-section-end\"><\/span><\/h2>\n\n\n\n<p>En este look, Taylor Swift luce un corte bob. <a href=\"https:\/\/danidrops.com.br\/es\/corte-de-pelo-largo-2024\/\" data-type=\"link\" data-id=\"https:\/\/danidrops.com.br\/corte-de-cabelo-longo-2024\/\">pelo largo<\/a> ondulado, con rizos anchos y bien definidos. El corte, realizado en sutiles capas, realza el volumen natural del cabello, aportando un look rom\u00e1ntico y glamuroso.&nbsp;<\/p>\n\n\n\n<figure class=\"wp-block-image size-full\"><img loading=\"lazy\" decoding=\"async\" width=\"764\" height=\"896\" src=\"https:\/\/danidrops.com.br\/wp-content\/uploads\/2024\/10\/Corte-de-cabelo-da-Taylor-Swift-Corte-Longo-Ondulado.jpg\" alt=\"El corte de pelo largo y ondulado de Taylor Swift\" class=\"wp-image-100547\" title=\"\" srcset=\"https:\/\/danidrops.com.br\/wp-content\/uploads\/2024\/10\/Corte-de-cabelo-da-Taylor-Swift-Corte-Longo-Ondulado.jpg 764w, https:\/\/danidrops.com.br\/wp-content\/uploads\/2024\/10\/Corte-de-cabelo-da-Taylor-Swift-Corte-Longo-Ondulado-256x300.jpg 256w, https:\/\/danidrops.com.br\/wp-content\/uploads\/2024\/10\/Corte-de-cabelo-da-Taylor-Swift-Corte-Longo-Ondulado-10x12.jpg 10w, https:\/\/danidrops.com.br\/wp-content\/uploads\/2024\/10\/Corte-de-cabelo-da-Taylor-Swift-Corte-Longo-Ondulado-150x176.jpg 150w\" sizes=\"auto, (max-width: 764px) 100vw, 764px\" \/><figcaption class=\"wp-element-caption\">El corte de pelo largo y ondulado de Taylor Swift<\/figcaption><\/figure>\n\n\n\n<p>Las ondas aportan movimiento y un toque cl\u00e1sico, perfecto para eventos sofisticados o para quienes buscan un look m\u00e1s refinado. Esta tendencia de corte de pelo es ideal para mujeres que quieren mantener su largo pero agregar textura y sofisticaci\u00f3n al estilo.<\/p>\n\n\n\n<h2 class=\"wp-block-heading\"><span class=\"ez-toc-section\" id=\"Taylor_Swift_e_o_Corte_Longo_com_Lateral_Lisa_A_Elegancia_do_Visual_Assimetrico\"><\/span>Taylor Swift y el corte largo con lados lisos: la elegancia del look asim\u00e9trico<span class=\"ez-toc-section-end\"><\/span><\/h2>\n\n\n\n<p>En esta versi\u00f3n sofisticada, Taylor Swift presenta un corte de pelo largo con un estilo lateral suave y asim\u00e9trico. Por un lado, los mechones se recogen suavemente hacia atr\u00e1s, resaltando el flequillo lateral deshilachado, lo que a\u00f1ade un toque de glamour y modernidad.&nbsp;<\/p>\n\n\n\n<figure class=\"wp-block-image size-full\"><img loading=\"lazy\" decoding=\"async\" width=\"764\" height=\"896\" src=\"https:\/\/danidrops.com.br\/wp-content\/uploads\/2024\/10\/Corte-de-cabelo-da-Taylor-Swift-Corte-Longo-com-Lateral-Lisa.jpg\" alt=\"Corte de pelo de Taylor Swift con corte largo y lado liso\" class=\"wp-image-100546\" title=\"\" srcset=\"https:\/\/danidrops.com.br\/wp-content\/uploads\/2024\/10\/Corte-de-cabelo-da-Taylor-Swift-Corte-Longo-com-Lateral-Lisa.jpg 764w, https:\/\/danidrops.com.br\/wp-content\/uploads\/2024\/10\/Corte-de-cabelo-da-Taylor-Swift-Corte-Longo-com-Lateral-Lisa-256x300.jpg 256w, https:\/\/danidrops.com.br\/wp-content\/uploads\/2024\/10\/Corte-de-cabelo-da-Taylor-Swift-Corte-Longo-com-Lateral-Lisa-10x12.jpg 10w, https:\/\/danidrops.com.br\/wp-content\/uploads\/2024\/10\/Corte-de-cabelo-da-Taylor-Swift-Corte-Longo-com-Lateral-Lisa-150x176.jpg 150w\" sizes=\"auto, (max-width: 764px) 100vw, 764px\" \/><figcaption class=\"wp-element-caption\">Corte de pelo de Taylor Swift con corte largo y lado liso<\/figcaption><\/figure>\n\n\n\n<p>El largo y suelto en contraste con el lado anudado le da al look un aire de elegancia y audacia, perfecto para eventos formales y alfombras rojas. Esta tendencia de corte de cabello es ideal para quienes desean un look elegante y al mismo tiempo impactante, explorando la asimetr\u00eda de una manera sutil.<\/p>\n\n\n\n<h2 class=\"wp-block-heading\"><span class=\"ez-toc-section\" id=\"Taylor_Swift_e_o_Corte_Long_Bob_Ondulado_Sofisticacao_e_Modernidade_em_Um_So_Estilo\"><\/span>Taylor Swift y el corte Bob largo y ondulado: sofisticaci\u00f3n y modernidad en un solo estilo<span class=\"ez-toc-section-end\"><\/span><\/h2>\n\n\n\n<p>Taylor Swift opta por un <a href=\"https:\/\/danidrops.com.br\/es\/corte-de-cabello-largo-bob\/\" data-type=\"link\" data-id=\"https:\/\/danidrops.com.br\/corte-de-cabelo-long-bob-2025\/\">corte bob largo <\/a>con suaves ondas y flequillos de cortina, creando una apariencia elegante y contempor\u00e1nea. El long bob, uno de los cortes de pelo m\u00e1s populares y vers\u00e1tiles, se destaca por ondas que aportan movimiento y ligereza a las hebras.&nbsp;<\/p>\n\n\n\n<figure class=\"wp-block-image size-full\"><img loading=\"lazy\" decoding=\"async\" width=\"764\" height=\"896\" src=\"https:\/\/danidrops.com.br\/wp-content\/uploads\/2024\/10\/Corte-de-cabelo-da-Taylor-Swift-Corte-Long-Bob-Ondulado.jpg\" alt=\"Corte de pelo de Taylor Swift Bob largo ondulado\" class=\"wp-image-100544\" title=\"\" srcset=\"https:\/\/danidrops.com.br\/wp-content\/uploads\/2024\/10\/Corte-de-cabelo-da-Taylor-Swift-Corte-Long-Bob-Ondulado.jpg 764w, https:\/\/danidrops.com.br\/wp-content\/uploads\/2024\/10\/Corte-de-cabelo-da-Taylor-Swift-Corte-Long-Bob-Ondulado-256x300.jpg 256w, https:\/\/danidrops.com.br\/wp-content\/uploads\/2024\/10\/Corte-de-cabelo-da-Taylor-Swift-Corte-Long-Bob-Ondulado-10x12.jpg 10w, https:\/\/danidrops.com.br\/wp-content\/uploads\/2024\/10\/Corte-de-cabelo-da-Taylor-Swift-Corte-Long-Bob-Ondulado-150x176.jpg 150w\" sizes=\"auto, (max-width: 764px) 100vw, 764px\" \/><figcaption class=\"wp-element-caption\">Corte de pelo de Taylor Swift Bob largo ondulado<\/figcaption><\/figure>\n\n\n\n<p>El flequillo corto a\u00f1ade un encanto extra y enmarca delicadamente el rostro. Esta tendencia de corte de pelo es perfecta para quienes desean un look sofisticado pero pr\u00e1ctico, adecuado para diferentes ocasiones y estilos.<\/p>\n\n\n\n<h2 class=\"wp-block-heading\"><span class=\"ez-toc-section\" id=\"Taylor_Swift_e_o_Coque_Alto_com_Franja_Elegancia_Classica_com_Toque_Moderno\"><\/span>Taylor Swift y el mo\u00f1o alto con flequillo: elegancia cl\u00e1sica con un toque moderno<span class=\"ez-toc-section-end\"><\/span><\/h2>\n\n\n\n<p>En este look, Taylor Swift adopta un elegante mo\u00f1o alto acompa\u00f1ado de un flequillo recto y completo. El mo\u00f1o, que resalta el cuello y los complementos, es una opci\u00f3n cl\u00e1sica para eventos formales, aportando sofisticaci\u00f3n y un toque limpio al look.&nbsp;<\/p>\n\n\n\n<figure class=\"wp-block-image size-full\"><img loading=\"lazy\" decoding=\"async\" width=\"764\" height=\"896\" src=\"https:\/\/danidrops.com.br\/wp-content\/uploads\/2024\/10\/Corte-de-cabelo-da-Taylor-Swift-Coque-Alto-com-Franja.jpg\" alt=\"Corte de pelo Taylor Swift, mo\u00f1o alto con flequillo\" class=\"wp-image-100551\" title=\"\" srcset=\"https:\/\/danidrops.com.br\/wp-content\/uploads\/2024\/10\/Corte-de-cabelo-da-Taylor-Swift-Coque-Alto-com-Franja.jpg 764w, https:\/\/danidrops.com.br\/wp-content\/uploads\/2024\/10\/Corte-de-cabelo-da-Taylor-Swift-Coque-Alto-com-Franja-256x300.jpg 256w, https:\/\/danidrops.com.br\/wp-content\/uploads\/2024\/10\/Corte-de-cabelo-da-Taylor-Swift-Coque-Alto-com-Franja-10x12.jpg 10w, https:\/\/danidrops.com.br\/wp-content\/uploads\/2024\/10\/Corte-de-cabelo-da-Taylor-Swift-Coque-Alto-com-Franja-150x176.jpg 150w\" sizes=\"auto, (max-width: 764px) 100vw, 764px\" \/><figcaption class=\"wp-element-caption\">Corte de pelo Taylor Swift, mo\u00f1o alto con flequillo<\/figcaption><\/figure>\n\n\n\n<p>El flequillo grueso y recto aporta equilibrio al look, d\u00e1ndole un aspecto contempor\u00e1neo y juvenil. Esta tendencia de cortes y peinados es ideal para quienes buscan un estilo atemporal, pero con un toque moderno, realzando los rasgos y expresiones del rostro.<\/p>\n\n\n\n<h2 class=\"wp-block-heading\"><span class=\"ez-toc-section\" id=\"Taylor_Swift_e_o_Rabo_de_Cavalo_com_Pontas_Coloridas_Ousadia_e_Versatilidade_no_Look\"><\/span>Taylor Swift y la cola de caballo con puntas coloridas: atrevimiento y versatilidad en el look<span class=\"ez-toc-section-end\"><\/span><\/h2>\n\n\n\n<p>Taylor Swift lleva una coleta alta y relajada, complementada con puntas te\u00f1idas de rosa, creando un look juvenil y moderno. La base del peinado es sencilla, con los mechones recogidos de forma elegante, mientras que el flequillo largo ligeramente dividido por la mitad aporta un toque de suavidad al rostro.&nbsp;<\/p>\n\n\n\n<figure class=\"wp-block-image size-full\"><img loading=\"lazy\" decoding=\"async\" width=\"764\" height=\"896\" src=\"https:\/\/danidrops.com.br\/wp-content\/uploads\/2024\/10\/Corte-de-cabelo-da-Taylor-Swift-Rabo-de-Cavalo-com-Pontas-Coloridas.jpg\" alt=\"Cola de caballo con corte de pelo de Taylor Swift con puntas de colores\" class=\"wp-image-100550\" title=\"\" srcset=\"https:\/\/danidrops.com.br\/wp-content\/uploads\/2024\/10\/Corte-de-cabelo-da-Taylor-Swift-Rabo-de-Cavalo-com-Pontas-Coloridas.jpg 764w, https:\/\/danidrops.com.br\/wp-content\/uploads\/2024\/10\/Corte-de-cabelo-da-Taylor-Swift-Rabo-de-Cavalo-com-Pontas-Coloridas-256x300.jpg 256w, https:\/\/danidrops.com.br\/wp-content\/uploads\/2024\/10\/Corte-de-cabelo-da-Taylor-Swift-Rabo-de-Cavalo-com-Pontas-Coloridas-10x12.jpg 10w, https:\/\/danidrops.com.br\/wp-content\/uploads\/2024\/10\/Corte-de-cabelo-da-Taylor-Swift-Rabo-de-Cavalo-com-Pontas-Coloridas-150x176.jpg 150w\" sizes=\"auto, (max-width: 764px) 100vw, 764px\" \/><figcaption class=\"wp-element-caption\">Cola de caballo con corte de pelo de Taylor Swift con puntas de colores<\/figcaption><\/figure>\n\n\n\n<p>La coloraci\u00f3n rosa en las puntas a\u00f1ade una dosis de audacia al look, transformando un estilo cl\u00e1sico en una tendencia de corte vibrante y llena de personalidad. Perfecto para quienes desean una apariencia llamativa y f\u00e1cil de adaptar a diferentes ocasiones.<\/p>\n\n\n\n<h2 class=\"wp-block-heading\"><span class=\"ez-toc-section\" id=\"Biografia_Taylor_Swift\"><\/span>Biograf\u00eda de Taylor Swift<span class=\"ez-toc-section-end\"><\/span><\/h2>\n\n\n\n<h3 class=\"wp-block-heading\">\u00bfQui\u00e9n es Taylor Swift?<\/h3>\n\n\n\n<p>Taylor Swift es una cantante, compositora, productora discogr\u00e1fica, directora y empresaria estadounidense.&nbsp;<\/p>\n\n\n\n<p>Reconocida mundialmente, Swift es conocida por sus composiciones narrativas que a menudo abordan temas de su vida personal y sus relaciones, lo que genera gran inter\u00e9s y cobertura medi\u00e1tica.&nbsp;<\/p>\n\n\n\n<p>Su carrera, que comenz\u00f3 en el country y evolucion\u00f3 hacia el pop y otros g\u00e9neros, est\u00e1 marcada por una narrativa fuerte y un estilo \u00fanico de contar historias a trav\u00e9s de la m\u00fasica.<\/p>\n\n\n\n<p>Con numerosos premios y discos a lo largo de los a\u00f1os, se ha consolidado como una de las artistas m\u00e1s influyentes de la m\u00fasica contempor\u00e1nea.<\/p>\n\n\n\n<h3 class=\"wp-block-heading\">\u00bfQu\u00e9 es el Instagram de Taylor Swift?<\/h3>\n\n\n\n<p>El Instagram oficial de Taylor Swift es<a href=\"https:\/\/www.instagram.com\/taylorswift\/\" target=\"_blank\" rel=\"noreferrer noopener\"> @taylorswift<\/a>.<\/p>\n\n\n\n<h3 class=\"wp-block-heading\">\u00bfCu\u00e1l es la fecha de nacimiento de Taylor Swift y cu\u00e1ntos a\u00f1os tiene actualmente?<\/h3>\n\n\n\n<p>Taylor Swift naci\u00f3 el 13 de diciembre de 1989 y actualmente tiene 34 a\u00f1os.<\/p>\n\n\n\n<h3 class=\"wp-block-heading\">\u00bfD\u00f3nde naci\u00f3 Taylor Swift y cu\u00e1nto mide?<\/h3>\n\n\n\n<p>Taylor Swift naci\u00f3 en West Reading, Pensilvania, EE. UU., y mide 1,78 m.<\/p>\n\n\n\n<h3 class=\"wp-block-heading\">\u00bfCu\u00e1l ser\u00e1 el patrimonio neto de Taylor Swift en 2024, seg\u00fan Forbes?<\/h3>\n\n\n\n<p>Seg\u00fan Forbes, el patrimonio neto de Taylor Swift en 2024 ser\u00e1 de 1.600 millones de d\u00f3lares.<\/p>\n\n\n\n<h3 class=\"wp-block-heading\">\u00bfQui\u00e9nes son algunos de los socios compositores de Taylor Swift?<\/h3>\n\n\n\n<p>Algunos de los socios compositores de Taylor Swift incluyen a Olivia Rodrigo y Joe Alwyn, entre otros.<\/p>\n\n\n\n<h3 class=\"wp-block-heading\">\u00bfCu\u00e1ntos hermanos tiene Taylor Swift y c\u00f3mo se llaman sus hermanos?<\/h3>\n\n\n\n<p>Taylor Swift tiene un hermano llamado Austin Swift.<\/p>\n\n\n\n<h3 class=\"wp-block-heading\">Adem\u00e1s de cantante, \u00bfqu\u00e9 otros roles desempe\u00f1a Taylor Swift en su carrera?<\/h3>\n\n\n\n<p>Taylor Swift tambi\u00e9n es compositora, productora musical, directora y empresaria.<\/p>\n\n\n\n<h3 class=\"wp-block-heading\">\u00bfPor qu\u00e9 las composiciones de Taylor Swift reciben tanta atenci\u00f3n medi\u00e1tica?<\/h3>\n\n\n\n<p>Las composiciones de Taylor Swift reciben atenci\u00f3n medi\u00e1tica porque son narrativas centradas en su vida personal, lo que genera gran inter\u00e9s p\u00fablico y cobertura medi\u00e1tica.<\/p>\n<div id=\"ez-toc-container\" class=\"ez-toc-v2_0_76 counter-hierarchy ez-toc-counter ez-toc-grey ez-toc-container-direction\">\n<p class=\"ez-toc-title\" style=\"cursor:inherit\">Leer\u00e1s este art\u00edculo<\/p>\n<label for=\"ez-toc-cssicon-toggle-item-69f700c61303f\" class=\"ez-toc-cssicon-toggle-label\"><span class=\"ez-toc-cssicon\"><span class=\"eztoc-hide\" style=\"display:none;\">Palanca<\/span><span class=\"ez-toc-icon-toggle-span\"><svg style=\"fill: #999;color:#999\" xmlns=\"http:\/\/www.w3.org\/2000\/svg\" class=\"list-377408\" width=\"20px\" height=\"20px\" viewbox=\"0 0 24 24\" fill=\"none\"><path d=\"M6 6H4v2h2V6zm14 0H8v2h12V6zM4 11h2v2H4v-2zm16 0H8v2h12v-2zM4 16h2v2H4v-2zm16 0H8v2h12v-2z\" fill=\"currentColor\"><\/path><\/svg><svg style=\"fill: #999;color:#999\" class=\"arrow-unsorted-368013\" xmlns=\"http:\/\/www.w3.org\/2000\/svg\" width=\"10px\" height=\"10px\" viewbox=\"0 0 24 24\" version=\"1.2\" baseprofile=\"tiny\"><path d=\"M18.2 9.3l-6.2-6.3-6.2 6.3c-.2.2-.3.4-.3.7s.1.5.3.7c.2.2.4.3.7.3h11c.3 0 .5-.1.7-.3.2-.2.3-.5.3-.7s-.1-.5-.3-.7zM5.8 14.7l6.2 6.3 6.2-6.3c.2-.2.3-.5.3-.7s-.1-.5-.3-.7c-.2-.2-.4-.3-.7-.3h-11c-.3 0-.5.1-.7.3-.2.2-.3.5-.3.7s.1.5.3.7z\"\/><\/svg><\/span><\/span><\/label><input type=\"checkbox\"  id=\"ez-toc-cssicon-toggle-item-69f700c61303f\"  aria-label=\"Palanca\" \/><nav><ul class='ez-toc-list ez-toc-list-level-1' ><li class='ez-toc-page-1 ez-toc-heading-level-2'><a class=\"ez-toc-link ez-toc-heading-1\" href=\"https:\/\/danidrops.com.br\/es\/corte-de-pelo-taylor-swift\/#Quais_os_cortes_de_cabelo_da_Taylor_Swift_foram_mais_marcantes\" >\u00bfQu\u00e9 cortes de pelo de Taylor Swift fueron los m\u00e1s llamativos?<\/a><\/li><li class='ez-toc-page-1 ez-toc-heading-level-2'><a class=\"ez-toc-link ez-toc-heading-2\" href=\"https:\/\/danidrops.com.br\/es\/corte-de-pelo-taylor-swift\/#Taylor_Swift_e_o_Corte_Medio_com_Franja_O_Look_Moderno_e_Sofisticado\" >Taylor Swift y el corte medio con flequillo: el look moderno y sofisticado<\/a><\/li><li class='ez-toc-page-1 ez-toc-heading-level-2'><a class=\"ez-toc-link ez-toc-heading-3\" href=\"https:\/\/danidrops.com.br\/es\/corte-de-pelo-taylor-swift\/#Taylor_Swift_e_o_Corte_Medio_com_Franja_A_Sofisticacao_das_Tendencias\" >Taylor Swift y el corte medio con flequillo: la sofisticaci\u00f3n de las tendencias<\/a><\/li><li class='ez-toc-page-1 ez-toc-heading-level-2'><a class=\"ez-toc-link ez-toc-heading-4\" href=\"https:\/\/danidrops.com.br\/es\/corte-de-pelo-taylor-swift\/#Taylor_Swift_e_o_Corte_Longo_com_Franja_O_Charme_Despojado_das_Tendencias\" >Taylor Swift y el corte largo con flequillo: el encanto casual de las tendencias<\/a><\/li><li class='ez-toc-page-1 ez-toc-heading-level-2'><a class=\"ez-toc-link ez-toc-heading-5\" href=\"https:\/\/danidrops.com.br\/es\/corte-de-pelo-taylor-swift\/#Taylor_Swift_e_o_Corte_Curto_com_Ondas_Glamour_e_Sofisticacao_em_Alta\" >Taylor Swift y el atajo con ondas: glamour y sofisticaci\u00f3n en aumento<\/a><\/li><li class='ez-toc-page-1 ez-toc-heading-level-2'><a class=\"ez-toc-link ez-toc-heading-6\" href=\"https:\/\/danidrops.com.br\/es\/corte-de-pelo-taylor-swift\/#Taylor_Swift_e_o_Corte_Colorido_em_Camadas_Ousadia_e_Criatividade_em_Alta\" >Taylor Swift y el colorido corte en capas: audacia y creatividad en aumento<\/a><\/li><li class='ez-toc-page-1 ez-toc-heading-level-2'><a class=\"ez-toc-link ez-toc-heading-7\" href=\"https:\/\/danidrops.com.br\/es\/corte-de-pelo-taylor-swift\/#Taylor_Swift_e_o_Corte_Longo_Ondulado_O_Glamour_dos_Cachos_Soltos\" >Taylor Swift y el corte largo ondulado: el glamour de los rizos sueltos<\/a><\/li><li class='ez-toc-page-1 ez-toc-heading-level-2'><a class=\"ez-toc-link ez-toc-heading-8\" href=\"https:\/\/danidrops.com.br\/es\/corte-de-pelo-taylor-swift\/#Taylor_Swift_e_o_Corte_Longo_com_Lateral_Lisa_A_Elegancia_do_Visual_Assimetrico\" >Taylor Swift y el corte largo con lados lisos: la elegancia del look asim\u00e9trico<\/a><\/li><li class='ez-toc-page-1 ez-toc-heading-level-2'><a class=\"ez-toc-link ez-toc-heading-9\" href=\"https:\/\/danidrops.com.br\/es\/corte-de-pelo-taylor-swift\/#Taylor_Swift_e_o_Corte_Long_Bob_Ondulado_Sofisticacao_e_Modernidade_em_Um_So_Estilo\" >Taylor Swift y el corte Bob largo y ondulado: sofisticaci\u00f3n y modernidad en un solo estilo<\/a><\/li><li class='ez-toc-page-1 ez-toc-heading-level-2'><a class=\"ez-toc-link ez-toc-heading-10\" href=\"https:\/\/danidrops.com.br\/es\/corte-de-pelo-taylor-swift\/#Taylor_Swift_e_o_Coque_Alto_com_Franja_Elegancia_Classica_com_Toque_Moderno\" >Taylor Swift y el mo\u00f1o alto con flequillo: elegancia cl\u00e1sica con un toque moderno<\/a><\/li><li class='ez-toc-page-1 ez-toc-heading-level-2'><a class=\"ez-toc-link ez-toc-heading-11\" href=\"https:\/\/danidrops.com.br\/es\/corte-de-pelo-taylor-swift\/#Taylor_Swift_e_o_Rabo_de_Cavalo_com_Pontas_Coloridas_Ousadia_e_Versatilidade_no_Look\" >Taylor Swift y la cola de caballo con puntas coloridas: atrevimiento y versatilidad en el look<\/a><\/li><li class='ez-toc-page-1 ez-toc-heading-level-2'><a class=\"ez-toc-link ez-toc-heading-12\" href=\"https:\/\/danidrops.com.br\/es\/corte-de-pelo-taylor-swift\/#Biografia_Taylor_Swift\" >Biograf\u00eda de Taylor Swift<\/a><\/li><\/ul><\/nav><\/div>","protected":false},"excerpt":{"rendered":"<p>Taylor Swift es conocida no solo por su m\u00fasica, sino tambi\u00e9n por su capacidad para reinventar su estilo con cortes de pelo ic\u00f3nicos. A lo largo de\u2026<\/p>","protected":false},"author":1,"featured_media":100554,"comment_status":"open","ping_status":"open","sticky":false,"template":"","format":"standard","meta":{"footnotes":""},"categories":[4686,439],"tags":[],"class_list":["post-100487","post","type-post","status-publish","format-standard","has-post-thumbnail","hentry","category-famosos","category-cabelo"],"_links":{"self":[{"href":"https:\/\/danidrops.com.br\/es\/wp-json\/wp\/v2\/posts\/100487","targetHints":{"allow":["GET"]}}],"collection":[{"href":"https:\/\/danidrops.com.br\/es\/wp-json\/wp\/v2\/posts"}],"about":[{"href":"https:\/\/danidrops.com.br\/es\/wp-json\/wp\/v2\/types\/post"}],"author":[{"embeddable":true,"href":"https:\/\/danidrops.com.br\/es\/wp-json\/wp\/v2\/users\/1"}],"replies":[{"embeddable":true,"href":"https:\/\/danidrops.com.br\/es\/wp-json\/wp\/v2\/comments?post=100487"}],"version-history":[{"count":0,"href":"https:\/\/danidrops.com.br\/es\/wp-json\/wp\/v2\/posts\/100487\/revisions"}],"wp:featuredmedia":[{"embeddable":true,"href":"https:\/\/danidrops.com.br\/es\/wp-json\/wp\/v2\/media\/100554"}],"wp:attachment":[{"href":"https:\/\/danidrops.com.br\/es\/wp-json\/wp\/v2\/media?parent=100487"}],"wp:term":[{"taxonomy":"category","embeddable":true,"href":"https:\/\/danidrops.com.br\/es\/wp-json\/wp\/v2\/categories?post=100487"},{"taxonomy":"post_tag","embeddable":true,"href":"https:\/\/danidrops.com.br\/es\/wp-json\/wp\/v2\/tags?post=100487"}],"curies":[{"name":"gracias","href":"https:\/\/api.w.org\/{rel}","templated":true}]}}