{"id":15535,"date":"2022-02-21T10:00:00","date_gmt":"2022-02-21T13:00:00","guid":{"rendered":"https:\/\/danidrops.com.br\/?p=15535"},"modified":"2022-02-21T12:18:48","modified_gmt":"2022-02-21T15:18:48","slug":"corte-de-pelo-baby-bang","status":"publish","type":"post","link":"https:\/\/danidrops.com.br\/es\/corte-de-pelo-baby-bang\/","title":{"rendered":"Corte de pelo Baby Bang: vea 41 inspiraciones para este corte de pelo femenino de moda"},"content":{"rendered":"<p>O <strong>Corte de cabello Baby Bang<\/strong>Se apoder\u00f3 de las cabezas de las famosas Emma Watson y Kendall Jenner y Jennifer Lawrence en la pel\u00edcula \u201cDon&#039;t look up\u201d, y se convirti\u00f3 en tendencia entre las mujeres amantes del flequillo.<\/p>\n\n\n\n<p><strong>Lea tambi\u00e9n: <\/strong><a href=\"https:\/\/danidrops.com.br\/es\/tendencia-de-corte-de-pelo-para-mujeres-2025\/\" data-type=\"URL\" data-id=\"https:\/\/danidrops.com.br\/tendencia-corte-de-cabelo-feminino-2025\/\">tendencia de corte de pelo<\/a>: Cu\u00e1les son las tendencias en cortes de mujer, 61 Inspiraciones de tipos de cortes y Tips<\/p>\n\n\n\n<figure class=\"wp-block-image size-full\"><img loading=\"lazy\" decoding=\"async\" width=\"760\" height=\"555\" src=\"https:\/\/danidrops.com.br\/wp-content\/uploads\/2022\/02\/03-Corte-De-Cabelo-Baby-Bang.jpg\" alt=\"Corte de pelo beb\u00e9 explosi\u00f3n\" class=\"wp-image-18561\" title=\"\" srcset=\"https:\/\/danidrops.com.br\/wp-content\/uploads\/2022\/02\/03-Corte-De-Cabelo-Baby-Bang.jpg 760w, https:\/\/danidrops.com.br\/wp-content\/uploads\/2022\/02\/03-Corte-De-Cabelo-Baby-Bang-300x219.jpg 300w, https:\/\/danidrops.com.br\/wp-content\/uploads\/2022\/02\/03-Corte-De-Cabelo-Baby-Bang-150x110.jpg 150w\" sizes=\"auto, (max-width: 760px) 100vw, 760px\" \/><figcaption>Corte de pelo beb\u00e9 explosi\u00f3n<\/figcaption><\/figure>\n\n\n\n<figure class=\"wp-block-image size-full\"><img loading=\"lazy\" decoding=\"async\" width=\"760\" height=\"555\" src=\"https:\/\/danidrops.com.br\/wp-content\/uploads\/2022\/02\/02-Corte-De-Cabelo-Baby-Bang.jpg\" alt=\"Corte de pelo beb\u00e9 explosi\u00f3n\" class=\"wp-image-18560\" title=\"\" srcset=\"https:\/\/danidrops.com.br\/wp-content\/uploads\/2022\/02\/02-Corte-De-Cabelo-Baby-Bang.jpg 760w, https:\/\/danidrops.com.br\/wp-content\/uploads\/2022\/02\/02-Corte-De-Cabelo-Baby-Bang-300x219.jpg 300w, https:\/\/danidrops.com.br\/wp-content\/uploads\/2022\/02\/02-Corte-De-Cabelo-Baby-Bang-150x110.jpg 150w\" sizes=\"auto, (max-width: 760px) 100vw, 760px\" \/><figcaption>Corte de pelo beb\u00e9 explosi\u00f3n<\/figcaption><\/figure>\n\n\n\n<p>Con flequillos que van lejos de las cejas, el corte apuesta por el dramatismo, cambiando el look sin la menor posibilidad de jugar con la longitud de los hilos. Se puede usar con puntas desconectadas, dejando una apariencia \u00fanica y un estilo \u00fanico.<\/p>\n\n\n\n<figure class=\"wp-block-image size-full\"><img loading=\"lazy\" decoding=\"async\" width=\"760\" height=\"555\" src=\"https:\/\/danidrops.com.br\/wp-content\/uploads\/2022\/02\/01-Corte-De-Cabelo-Baby-Bang.jpg\" alt=\"Corte de pelo beb\u00e9 explosi\u00f3n\" class=\"wp-image-18559\" title=\"\" srcset=\"https:\/\/danidrops.com.br\/wp-content\/uploads\/2022\/02\/01-Corte-De-Cabelo-Baby-Bang.jpg 760w, https:\/\/danidrops.com.br\/wp-content\/uploads\/2022\/02\/01-Corte-De-Cabelo-Baby-Bang-300x219.jpg 300w, https:\/\/danidrops.com.br\/wp-content\/uploads\/2022\/02\/01-Corte-De-Cabelo-Baby-Bang-150x110.jpg 150w\" sizes=\"auto, (max-width: 760px) 100vw, 760px\" \/><figcaption>Corte de pelo beb\u00e9 explosi\u00f3n<\/figcaption><\/figure>\n\n\n\n<figure class=\"wp-block-image size-full\"><img loading=\"lazy\" decoding=\"async\" width=\"760\" height=\"555\" src=\"https:\/\/danidrops.com.br\/wp-content\/uploads\/2022\/02\/20-Corte-De-Cabelo-Baby-Bang.jpg\" alt=\"Corte de pelo beb\u00e9 explosi\u00f3n\" class=\"wp-image-18558\" title=\"\" srcset=\"https:\/\/danidrops.com.br\/wp-content\/uploads\/2022\/02\/20-Corte-De-Cabelo-Baby-Bang.jpg 760w, https:\/\/danidrops.com.br\/wp-content\/uploads\/2022\/02\/20-Corte-De-Cabelo-Baby-Bang-300x219.jpg 300w, https:\/\/danidrops.com.br\/wp-content\/uploads\/2022\/02\/20-Corte-De-Cabelo-Baby-Bang-150x110.jpg 150w\" sizes=\"auto, (max-width: 760px) 100vw, 760px\" \/><figcaption>Corte de pelo beb\u00e9 explosi\u00f3n<\/figcaption><\/figure>\n\n\n\n<h2 class=\"wp-block-heading\" id=\"para-quem-e-indicado-o-corte-de-cabelo-baby-bang\"><span class=\"ez-toc-section\" id=\"Para_quem_e_indicado_o_Corte_de_cabelo_Baby_Bang\"><\/span>\u00bfPara qui\u00e9n es el corte de pelo Baby Bang?<span class=\"ez-toc-section-end\"><\/span><\/h2>\n\n\n\n<p>El corte de pelo Baby Bang es m\u00e1s adecuado para caras que tienen forma de coraz\u00f3n, ya que har\u00e1 que la frente, los ojos, la cara y la barbilla sean m\u00e1s armoniosos. Bien cortado deja el rostro con un aspecto de mu\u00f1eca, un look m\u00e1s angelical con un efecto vers\u00e1til.<\/p>\n\n\n\n<figure class=\"wp-block-image size-full\"><img loading=\"lazy\" decoding=\"async\" width=\"760\" height=\"555\" src=\"https:\/\/danidrops.com.br\/wp-content\/uploads\/2022\/02\/19-Corte-De-Cabelo-Baby-Bang.jpg\" alt=\"Corte de pelo beb\u00e9 explosi\u00f3n\" class=\"wp-image-18557\" title=\"\" srcset=\"https:\/\/danidrops.com.br\/wp-content\/uploads\/2022\/02\/19-Corte-De-Cabelo-Baby-Bang.jpg 760w, https:\/\/danidrops.com.br\/wp-content\/uploads\/2022\/02\/19-Corte-De-Cabelo-Baby-Bang-300x219.jpg 300w, https:\/\/danidrops.com.br\/wp-content\/uploads\/2022\/02\/19-Corte-De-Cabelo-Baby-Bang-150x110.jpg 150w\" sizes=\"auto, (max-width: 760px) 100vw, 760px\" \/><figcaption>Corte de pelo beb\u00e9 explosi\u00f3n<\/figcaption><\/figure>\n\n\n\n<figure class=\"wp-block-image size-full\"><img loading=\"lazy\" decoding=\"async\" width=\"760\" height=\"555\" src=\"https:\/\/danidrops.com.br\/wp-content\/uploads\/2022\/02\/18-Corte-De-Cabelo-Baby-Bang.jpg\" alt=\"Corte de pelo beb\u00e9 explosi\u00f3n\" class=\"wp-image-18556\" title=\"\" srcset=\"https:\/\/danidrops.com.br\/wp-content\/uploads\/2022\/02\/18-Corte-De-Cabelo-Baby-Bang.jpg 760w, https:\/\/danidrops.com.br\/wp-content\/uploads\/2022\/02\/18-Corte-De-Cabelo-Baby-Bang-300x219.jpg 300w, https:\/\/danidrops.com.br\/wp-content\/uploads\/2022\/02\/18-Corte-De-Cabelo-Baby-Bang-150x110.jpg 150w\" sizes=\"auto, (max-width: 760px) 100vw, 760px\" \/><figcaption>Corte de pelo beb\u00e9 explosi\u00f3n<\/figcaption><\/figure>\n\n\n\n<p>Y qu\u00e9 tal probar el Baby Bang Haircut, con flequillo falso para mujeres que temen no adaptarse o no gustarles el look. <\/p>\n\n\n\n<figure class=\"wp-block-image size-full\"><img loading=\"lazy\" decoding=\"async\" width=\"760\" height=\"555\" src=\"https:\/\/danidrops.com.br\/wp-content\/uploads\/2022\/02\/17-Corte-De-Cabelo-Baby-Bang.jpg\" alt=\"Corte de pelo beb\u00e9 explosi\u00f3n\" class=\"wp-image-18555\" title=\"\" srcset=\"https:\/\/danidrops.com.br\/wp-content\/uploads\/2022\/02\/17-Corte-De-Cabelo-Baby-Bang.jpg 760w, https:\/\/danidrops.com.br\/wp-content\/uploads\/2022\/02\/17-Corte-De-Cabelo-Baby-Bang-300x219.jpg 300w, https:\/\/danidrops.com.br\/wp-content\/uploads\/2022\/02\/17-Corte-De-Cabelo-Baby-Bang-150x110.jpg 150w\" sizes=\"auto, (max-width: 760px) 100vw, 760px\" \/><figcaption>Corte de pelo beb\u00e9 explosi\u00f3n<\/figcaption><\/figure>\n\n\n\n<figure class=\"wp-block-image size-full\"><img loading=\"lazy\" decoding=\"async\" width=\"760\" height=\"555\" src=\"https:\/\/danidrops.com.br\/wp-content\/uploads\/2022\/02\/16-Corte-De-Cabelo-Baby-Bang.jpg\" alt=\"Corte de pelo beb\u00e9 explosi\u00f3n\" class=\"wp-image-18554\" title=\"\" srcset=\"https:\/\/danidrops.com.br\/wp-content\/uploads\/2022\/02\/16-Corte-De-Cabelo-Baby-Bang.jpg 760w, https:\/\/danidrops.com.br\/wp-content\/uploads\/2022\/02\/16-Corte-De-Cabelo-Baby-Bang-300x219.jpg 300w, https:\/\/danidrops.com.br\/wp-content\/uploads\/2022\/02\/16-Corte-De-Cabelo-Baby-Bang-150x110.jpg 150w\" sizes=\"auto, (max-width: 760px) 100vw, 760px\" \/><figcaption>Corte de pelo beb\u00e9 explosi\u00f3n<\/figcaption><\/figure>\n\n\n\n<p>La experiencia puede ser notable, sobre todo para fiestas como graduaci\u00f3n, cumplea\u00f1os o esa balada diferente. Recuerda que la idea es dejar un flequillo bien alejado de las cejas ya unos cent\u00edmetros de la ra\u00edz, pero m\u00e1s parejo.<\/p>\n\n\n\n<figure class=\"wp-block-image size-full\"><img loading=\"lazy\" decoding=\"async\" width=\"760\" height=\"555\" src=\"https:\/\/danidrops.com.br\/wp-content\/uploads\/2022\/02\/15-Corte-De-Cabelo-Baby-Bang.jpg\" alt=\"Corte de pelo beb\u00e9 explosi\u00f3n\" class=\"wp-image-18553\" title=\"\" srcset=\"https:\/\/danidrops.com.br\/wp-content\/uploads\/2022\/02\/15-Corte-De-Cabelo-Baby-Bang.jpg 760w, https:\/\/danidrops.com.br\/wp-content\/uploads\/2022\/02\/15-Corte-De-Cabelo-Baby-Bang-300x219.jpg 300w, https:\/\/danidrops.com.br\/wp-content\/uploads\/2022\/02\/15-Corte-De-Cabelo-Baby-Bang-150x110.jpg 150w\" sizes=\"auto, (max-width: 760px) 100vw, 760px\" \/><figcaption>Corte de pelo beb\u00e9 explosi\u00f3n<\/figcaption><\/figure>\n\n\n\n<p>El corte Baby Bang es perfecto con cabellos lisos y ondulados, ya que de \u00e9l depende el \u00e9xito de flequillos cortos y una ra\u00edz con un poco m\u00e1s de peso, lo que puede influir en cabellos muy finos o porosos.<\/p>\n\n\n\n<figure class=\"wp-block-image size-full\"><img loading=\"lazy\" decoding=\"async\" width=\"760\" height=\"555\" src=\"https:\/\/danidrops.com.br\/wp-content\/uploads\/2022\/02\/14-Corte-De-Cabelo-Baby-Bang.jpg\" alt=\"Corte de pelo beb\u00e9 explosi\u00f3n\" class=\"wp-image-18552\" title=\"\" srcset=\"https:\/\/danidrops.com.br\/wp-content\/uploads\/2022\/02\/14-Corte-De-Cabelo-Baby-Bang.jpg 760w, https:\/\/danidrops.com.br\/wp-content\/uploads\/2022\/02\/14-Corte-De-Cabelo-Baby-Bang-300x219.jpg 300w, https:\/\/danidrops.com.br\/wp-content\/uploads\/2022\/02\/14-Corte-De-Cabelo-Baby-Bang-150x110.jpg 150w\" sizes=\"auto, (max-width: 760px) 100vw, 760px\" \/><figcaption>Corte de pelo beb\u00e9 explosi\u00f3n<\/figcaption><\/figure>\n\n\n\n<p>Al hacer m\u00e1s evidente la frente, el micro flequillo necesita tener textura, ya que las frentes estrechas deben tener una longitud mayor que las frentes anchas y altas, armonizando con los matices del rostro.<\/p>\n\n\n\n<figure class=\"wp-block-image size-full\"><img loading=\"lazy\" decoding=\"async\" width=\"760\" height=\"555\" src=\"https:\/\/danidrops.com.br\/wp-content\/uploads\/2022\/02\/13-Corte-De-Cabelo-Baby-Bang.jpg\" alt=\"Corte de pelo beb\u00e9 explosi\u00f3n\" class=\"wp-image-18551\" title=\"\" srcset=\"https:\/\/danidrops.com.br\/wp-content\/uploads\/2022\/02\/13-Corte-De-Cabelo-Baby-Bang.jpg 760w, https:\/\/danidrops.com.br\/wp-content\/uploads\/2022\/02\/13-Corte-De-Cabelo-Baby-Bang-300x219.jpg 300w, https:\/\/danidrops.com.br\/wp-content\/uploads\/2022\/02\/13-Corte-De-Cabelo-Baby-Bang-150x110.jpg 150w\" sizes=\"auto, (max-width: 760px) 100vw, 760px\" \/><figcaption>Corte de pelo beb\u00e9 explosi\u00f3n<\/figcaption><\/figure>\n\n\n\n<p>De manera vers\u00e1til, el corte de pelo Baby Bang se puede terminar de diferentes maneras, ya que su influencia es en la microgranja. Por lo tanto, la longitud del cabello puede ser, divagando, <a href=\"https:\/\/danidrops.com.br\/es\/cortes-de-pelo-largo\/\" data-type=\"URL\" data-id=\"https:\/\/danidrops.com.br\/cortes-de-cabelo-longo\/\">lejos<\/a>, <a href=\"https:\/\/danidrops.com.br\/es\/corte-de-pelo-medio\/\" data-type=\"URL\" data-id=\"https:\/\/danidrops.com.br\/corte-de-cabelo-medio\/\">medio<\/a> o <a href=\"https:\/\/danidrops.com.br\/es\/cortes-de-pelo-cortos\/\" data-type=\"URL\" data-id=\"https:\/\/danidrops.com.br\/cortes-de-cabelo-curto\/\">me gusta<\/a> por encima del hombro.<\/p>\n\n\n\n<figure class=\"wp-block-image size-full\"><img loading=\"lazy\" decoding=\"async\" width=\"760\" height=\"555\" src=\"https:\/\/danidrops.com.br\/wp-content\/uploads\/2022\/02\/11-Corte-De-Cabelo-Baby-Bang.jpg\" alt=\"Corte de pelo beb\u00e9 explosi\u00f3n\" class=\"wp-image-18549\" title=\"\" srcset=\"https:\/\/danidrops.com.br\/wp-content\/uploads\/2022\/02\/11-Corte-De-Cabelo-Baby-Bang.jpg 760w, https:\/\/danidrops.com.br\/wp-content\/uploads\/2022\/02\/11-Corte-De-Cabelo-Baby-Bang-300x219.jpg 300w, https:\/\/danidrops.com.br\/wp-content\/uploads\/2022\/02\/11-Corte-De-Cabelo-Baby-Bang-150x110.jpg 150w\" sizes=\"auto, (max-width: 760px) 100vw, 760px\" \/><figcaption>Corte de pelo beb\u00e9 explosi\u00f3n<\/figcaption><\/figure>\n\n\n\n<p>Combinando con diferentes texturas, puedes utilizar mousses, jaleas y fijadores para dominar las hebras m\u00e1s rebeldes. <\/p>\n\n\n\n<p>Otro consejo es usar un protector t\u00e9rmico antes del secador y la plancha, dejando los mechones m\u00e1s alineados y con cuerpo, o usar el efecto h\u00famedo para ondas m\u00e1s desconectadas y un cabello moderno.<\/p>\n\n\n\n<figure class=\"wp-block-image size-full\"><img loading=\"lazy\" decoding=\"async\" width=\"760\" height=\"555\" src=\"https:\/\/danidrops.com.br\/wp-content\/uploads\/2022\/02\/12-Corte-De-Cabelo-Baby-Bang.jpg\" alt=\"Corte de pelo beb\u00e9 explosi\u00f3n\" class=\"wp-image-18550\" title=\"\" srcset=\"https:\/\/danidrops.com.br\/wp-content\/uploads\/2022\/02\/12-Corte-De-Cabelo-Baby-Bang.jpg 760w, https:\/\/danidrops.com.br\/wp-content\/uploads\/2022\/02\/12-Corte-De-Cabelo-Baby-Bang-300x219.jpg 300w, https:\/\/danidrops.com.br\/wp-content\/uploads\/2022\/02\/12-Corte-De-Cabelo-Baby-Bang-150x110.jpg 150w\" sizes=\"auto, (max-width: 760px) 100vw, 760px\" \/><figcaption>Corte de pelo beb\u00e9 explosi\u00f3n<\/figcaption><\/figure>\n\n\n\n<p>Apuesta por el champ\u00fa en seco, que te ayudar\u00e1 a dejar un aspecto m\u00e1s limpio, evitando oleosidades innecesarias, ya que como el flequillo siempre toca la piel del rostro, puede convertirse en una zona con m\u00e1s grasa, as\u00ed que evita utilizar aceites vegetales y productos a base de parafina l\u00edquida y vaselina.<\/p>\n\n\n\n<figure class=\"wp-block-image size-full\"><img loading=\"lazy\" decoding=\"async\" width=\"760\" height=\"555\" src=\"https:\/\/danidrops.com.br\/wp-content\/uploads\/2022\/02\/09-Corte-De-Cabelo-Baby-Bang.jpg\" alt=\"Corte de pelo beb\u00e9 explosi\u00f3n\" class=\"wp-image-18547\" title=\"\" srcset=\"https:\/\/danidrops.com.br\/wp-content\/uploads\/2022\/02\/09-Corte-De-Cabelo-Baby-Bang.jpg 760w, https:\/\/danidrops.com.br\/wp-content\/uploads\/2022\/02\/09-Corte-De-Cabelo-Baby-Bang-300x219.jpg 300w, https:\/\/danidrops.com.br\/wp-content\/uploads\/2022\/02\/09-Corte-De-Cabelo-Baby-Bang-150x110.jpg 150w\" sizes=\"auto, (max-width: 760px) 100vw, 760px\" \/><figcaption>Corte de pelo beb\u00e9 explosi\u00f3n<\/figcaption><\/figure>\n\n\n\n<p>Un consejo es componer el look utilizando completos como pendientes. Los micro flecos, de la l\u00ednea Baby Bang Haircut, combinan con pendientes estilo flecos, ear cuffs, largos, con pedrer\u00eda chandelier, grandes gotas o atr\u00e9vete con maxi pendientes. <\/p>\n\n\n\n<figure class=\"wp-block-image size-full\"><img loading=\"lazy\" decoding=\"async\" width=\"760\" height=\"555\" src=\"https:\/\/danidrops.com.br\/wp-content\/uploads\/2022\/02\/10-Corte-De-Cabelo-Baby-Bang.jpg\" alt=\"Corte de pelo beb\u00e9 explosi\u00f3n\" class=\"wp-image-18548\" title=\"\" srcset=\"https:\/\/danidrops.com.br\/wp-content\/uploads\/2022\/02\/10-Corte-De-Cabelo-Baby-Bang.jpg 760w, https:\/\/danidrops.com.br\/wp-content\/uploads\/2022\/02\/10-Corte-De-Cabelo-Baby-Bang-300x219.jpg 300w, https:\/\/danidrops.com.br\/wp-content\/uploads\/2022\/02\/10-Corte-De-Cabelo-Baby-Bang-150x110.jpg 150w\" sizes=\"auto, (max-width: 760px) 100vw, 760px\" \/><figcaption>Corte de pelo beb\u00e9 explosi\u00f3n<\/figcaption><\/figure>\n\n\n\n<p>Para un look m\u00e1s din\u00e1mico y moderno, invierta en collares largos triples o dobles con piedras preciosas de plata 925, o los coloridos que son la cara del verano. <\/p>\n\n\n\n<figure class=\"wp-block-image size-full\"><img loading=\"lazy\" decoding=\"async\" width=\"760\" height=\"555\" src=\"https:\/\/danidrops.com.br\/wp-content\/uploads\/2022\/02\/08-Corte-De-Cabelo-Baby-Bang.jpg\" alt=\"Corte de pelo beb\u00e9 explosi\u00f3n\" class=\"wp-image-18546\" title=\"\" srcset=\"https:\/\/danidrops.com.br\/wp-content\/uploads\/2022\/02\/08-Corte-De-Cabelo-Baby-Bang.jpg 760w, https:\/\/danidrops.com.br\/wp-content\/uploads\/2022\/02\/08-Corte-De-Cabelo-Baby-Bang-300x219.jpg 300w, https:\/\/danidrops.com.br\/wp-content\/uploads\/2022\/02\/08-Corte-De-Cabelo-Baby-Bang-150x110.jpg 150w\" sizes=\"auto, (max-width: 760px) 100vw, 760px\" \/><figcaption>Corte de pelo beb\u00e9 explosi\u00f3n<\/figcaption><\/figure>\n\n\n\n<p>Tambi\u00e9n puedes hacer la combinaci\u00f3n con el famoso maxi collar de cadena que es alto entre las famosas. <\/p>\n\n\n\n<p>Pero, si quieres complementar el look sin equivocarte, \u00bfqu\u00e9 tal la combinaci\u00f3n de una gargantilla negra con unos pendientes ear cuff plateados? Apuesta sin error por esta tendencia.<\/p>\n\n\n\n<figure class=\"wp-block-image size-full\"><img loading=\"lazy\" decoding=\"async\" width=\"760\" height=\"555\" src=\"https:\/\/danidrops.com.br\/wp-content\/uploads\/2022\/02\/07-Corte-De-Cabelo-Baby-Bang.jpg\" alt=\"Corte de pelo beb\u00e9 explosi\u00f3n\" class=\"wp-image-18545\" title=\"\" srcset=\"https:\/\/danidrops.com.br\/wp-content\/uploads\/2022\/02\/07-Corte-De-Cabelo-Baby-Bang.jpg 760w, https:\/\/danidrops.com.br\/wp-content\/uploads\/2022\/02\/07-Corte-De-Cabelo-Baby-Bang-300x219.jpg 300w, https:\/\/danidrops.com.br\/wp-content\/uploads\/2022\/02\/07-Corte-De-Cabelo-Baby-Bang-150x110.jpg 150w\" sizes=\"auto, (max-width: 760px) 100vw, 760px\" \/><figcaption>Corte de pelo beb\u00e9 explosi\u00f3n<\/figcaption><\/figure>\n\n\n\n<p>Otra tendencia que viene con el Corte de Cabello Baby Bang es el cuidado de las cejas, ya que con el flequillo m\u00e1s corto se gana mayor visibilidad componiendo la armonizaci\u00f3n del rostro. <\/p>\n\n\n\n<p>Puedes utilizar las cejas con efecto natural, m\u00e1s espesas y con un dise\u00f1o moderno, o limpiar los excesos.&nbsp;<\/p>\n\n\n\n<figure class=\"wp-block-image size-full\"><img loading=\"lazy\" decoding=\"async\" width=\"760\" height=\"555\" src=\"https:\/\/danidrops.com.br\/wp-content\/uploads\/2022\/02\/05-Corte-De-Cabelo-Baby-Bang.jpg\" alt=\"Corte de pelo beb\u00e9 explosi\u00f3n\" class=\"wp-image-18543\" title=\"\" srcset=\"https:\/\/danidrops.com.br\/wp-content\/uploads\/2022\/02\/05-Corte-De-Cabelo-Baby-Bang.jpg 760w, https:\/\/danidrops.com.br\/wp-content\/uploads\/2022\/02\/05-Corte-De-Cabelo-Baby-Bang-300x219.jpg 300w, https:\/\/danidrops.com.br\/wp-content\/uploads\/2022\/02\/05-Corte-De-Cabelo-Baby-Bang-150x110.jpg 150w\" sizes=\"auto, (max-width: 760px) 100vw, 760px\" \/><figcaption>Corte de pelo beb\u00e9 explosi\u00f3n<\/figcaption><\/figure>\n\n\n\n<p>Utiliza productos como m\u00e1scara de pesta\u00f1as incolora o con el color m\u00e1s parecido, ayudando a rellenar los defectos, o p\u00e9inalas evitando los excesos. <\/p>\n\n\n\n<p>En el mercado de productos de mujer a\u00fan se encuentran l\u00e1pices y bol\u00edgrafos que simulan llenar el hilo con puntas peque\u00f1as, ayudando a darle m\u00e1s uniformidad.<\/p>\n\n\n\n<figure class=\"wp-block-image size-full\"><img loading=\"lazy\" decoding=\"async\" width=\"760\" height=\"555\" src=\"https:\/\/danidrops.com.br\/wp-content\/uploads\/2022\/02\/04-Corte-De-Cabelo-Baby-Bang.jpg\" alt=\"Corte de pelo beb\u00e9 explosi\u00f3n\" class=\"wp-image-18542\" title=\"\" srcset=\"https:\/\/danidrops.com.br\/wp-content\/uploads\/2022\/02\/04-Corte-De-Cabelo-Baby-Bang.jpg 760w, https:\/\/danidrops.com.br\/wp-content\/uploads\/2022\/02\/04-Corte-De-Cabelo-Baby-Bang-300x219.jpg 300w, https:\/\/danidrops.com.br\/wp-content\/uploads\/2022\/02\/04-Corte-De-Cabelo-Baby-Bang-150x110.jpg 150w\" sizes=\"auto, (max-width: 760px) 100vw, 760px\" \/><figcaption>Corte de pelo beb\u00e9 explosi\u00f3n<\/figcaption><\/figure>\n\n\n\n<h2 class=\"wp-block-heading\" id=\"veja-mais-modelos-desse-cortes-de-cabelo-feminino\"><span class=\"ez-toc-section\" id=\"Veja_Mais_Modelos_Desse_Cortes_de_Cabelo_Feminino\"><\/span>Ver m\u00e1s modelos de este corte de pelo femenino<span class=\"ez-toc-section-end\"><\/span><\/h2>\n\n\n\n<script type=\"application\/ld+json\">{\n    \"@context\": \"https:\\\/\\\/schema.org\",\n    \"@type\": \"VideoObject\",\n    \"name\": \"Corte de cabelo Baby Bang. Veja 15 Tend\\u00eancia de Cortes de Cabelo Feminino\",\n    \"description\": \"Corte de cabelo Baby Bang. Veja 15 Tend\\u00eancia de Cortes de Cabelo Feminino\",\n    \"thumbnailUrl\": \"https:\\\/\\\/danidrops.com.br\\\/wp-content\\\/uploads\\\/2022\\\/02\\\/Corte-De-Cabelo-Baby-Bang.jpg\",\n    \"uploadDate\": \"2022-01-02\",\n    \"duration\": \"PT3M21S\",\n    \"publisher\": {\n        \"@type\": \"Organization\",\n        \"name\": \"DaniDrops\",\n        \"logo\": {\n            \"@type\": \"ImageObject\",\n            \"url\": \"https:\\\/\\\/danidrops.com.br\\\/wp-content\\\/uploads\\\/2021\\\/08\\\/danidrops.jpg\",\n            \"width\": 600,\n            \"height\": 60\n        }\n    },\n    \"contentUrl\": \"https:\\\/\\\/youtu.be\\\/lCWeJbz--Yo\",\n    \"embedUrl\": \"https:\\\/\\\/youtu.be\\\/lCWeJbz--Yo\",\n    \"potentialAction\": {\n        \"@type\": \"SeekToAction\",\n        \"target\": \"https:\\\/\\\/youtu.be\\\/lCWeJbz--Yo={seek_to_second_number}\",\n        \"startOffset-input\": \"required name=seek_to_second_number\"\n    }\n}<\/script>\n\n\n\n<figure class=\"wp-block-embed is-type-video is-provider-youtube wp-block-embed-youtube wp-embed-aspect-16-9 wp-has-aspect-ratio\"><div class=\"wp-block-embed__wrapper\">\n<iframe loading=\"lazy\" title=\"Corte de pelo Baby Bang. Ver 15 cortes de pelo de tendencia para mujeres\" width=\"500\" height=\"281\" src=\"https:\/\/www.youtube.com\/embed\/lCWeJbz--Yo?feature=oembed\" frameborder=\"0\" allow=\"accelerometer; autoplay; clipboard-write; encrypted-media; gyroscope; picture-in-picture; web-share\" referrerpolicy=\"strict-origin-when-cross-origin\" allowfullscreen><\/iframe>\n<\/div><\/figure>\n<div id=\"ez-toc-container\" class=\"ez-toc-v2_0_76 counter-hierarchy ez-toc-counter ez-toc-grey ez-toc-container-direction\">\n<p class=\"ez-toc-title\" style=\"cursor:inherit\">Leer\u00e1s este art\u00edculo<\/p>\n<label for=\"ez-toc-cssicon-toggle-item-69f007f9ca1c6\" class=\"ez-toc-cssicon-toggle-label\"><span class=\"ez-toc-cssicon\"><span class=\"eztoc-hide\" style=\"display:none;\">Palanca<\/span><span class=\"ez-toc-icon-toggle-span\"><svg style=\"fill: #999;color:#999\" xmlns=\"http:\/\/www.w3.org\/2000\/svg\" class=\"list-377408\" width=\"20px\" height=\"20px\" viewbox=\"0 0 24 24\" fill=\"none\"><path d=\"M6 6H4v2h2V6zm14 0H8v2h12V6zM4 11h2v2H4v-2zm16 0H8v2h12v-2zM4 16h2v2H4v-2zm16 0H8v2h12v-2z\" fill=\"currentColor\"><\/path><\/svg><svg style=\"fill: #999;color:#999\" class=\"arrow-unsorted-368013\" xmlns=\"http:\/\/www.w3.org\/2000\/svg\" width=\"10px\" height=\"10px\" viewbox=\"0 0 24 24\" version=\"1.2\" baseprofile=\"tiny\"><path d=\"M18.2 9.3l-6.2-6.3-6.2 6.3c-.2.2-.3.4-.3.7s.1.5.3.7c.2.2.4.3.7.3h11c.3 0 .5-.1.7-.3.2-.2.3-.5.3-.7s-.1-.5-.3-.7zM5.8 14.7l6.2 6.3 6.2-6.3c.2-.2.3-.5.3-.7s-.1-.5-.3-.7c-.2-.2-.4-.3-.7-.3h-11c-.3 0-.5.1-.7.3-.2.2-.3.5-.3.7s.1.5.3.7z\"\/><\/svg><\/span><\/span><\/label><input type=\"checkbox\"  id=\"ez-toc-cssicon-toggle-item-69f007f9ca1c6\"  aria-label=\"Palanca\" \/><nav><ul class='ez-toc-list ez-toc-list-level-1' ><li class='ez-toc-page-1 ez-toc-heading-level-2'><a class=\"ez-toc-link ez-toc-heading-1\" href=\"https:\/\/danidrops.com.br\/es\/corte-de-pelo-baby-bang\/#Para_quem_e_indicado_o_Corte_de_cabelo_Baby_Bang\" >\u00bfPara qui\u00e9n es el corte de pelo Baby Bang?<\/a><\/li><li class='ez-toc-page-1 ez-toc-heading-level-2'><a class=\"ez-toc-link ez-toc-heading-2\" href=\"https:\/\/danidrops.com.br\/es\/corte-de-pelo-baby-bang\/#Veja_Mais_Modelos_Desse_Cortes_de_Cabelo_Feminino\" >Ver m\u00e1s modelos de este corte de pelo femenino<\/a><\/li><\/ul><\/nav><\/div>","protected":false},"excerpt":{"rendered":"<p>El corte de pelo Baby Bang fue llevado por las celebridades Emma Watson, Kendall Jenner y Jennifer Lawrence en la pel\u00edcula \u201cDon\u2019t Look Up\u201d,\u2026<\/p>","protected":false},"author":1,"featured_media":18547,"comment_status":"open","ping_status":"open","sticky":false,"template":"","format":"standard","meta":{"footnotes":""},"categories":[439],"tags":[],"class_list":["post-15535","post","type-post","status-publish","format-standard","has-post-thumbnail","hentry","category-cabelo"],"_links":{"self":[{"href":"https:\/\/danidrops.com.br\/es\/wp-json\/wp\/v2\/posts\/15535","targetHints":{"allow":["GET"]}}],"collection":[{"href":"https:\/\/danidrops.com.br\/es\/wp-json\/wp\/v2\/posts"}],"about":[{"href":"https:\/\/danidrops.com.br\/es\/wp-json\/wp\/v2\/types\/post"}],"author":[{"embeddable":true,"href":"https:\/\/danidrops.com.br\/es\/wp-json\/wp\/v2\/users\/1"}],"replies":[{"embeddable":true,"href":"https:\/\/danidrops.com.br\/es\/wp-json\/wp\/v2\/comments?post=15535"}],"version-history":[{"count":0,"href":"https:\/\/danidrops.com.br\/es\/wp-json\/wp\/v2\/posts\/15535\/revisions"}],"wp:featuredmedia":[{"embeddable":true,"href":"https:\/\/danidrops.com.br\/es\/wp-json\/wp\/v2\/media\/18547"}],"wp:attachment":[{"href":"https:\/\/danidrops.com.br\/es\/wp-json\/wp\/v2\/media?parent=15535"}],"wp:term":[{"taxonomy":"category","embeddable":true,"href":"https:\/\/danidrops.com.br\/es\/wp-json\/wp\/v2\/categories?post=15535"},{"taxonomy":"post_tag","embeddable":true,"href":"https:\/\/danidrops.com.br\/es\/wp-json\/wp\/v2\/tags?post=15535"}],"curies":[{"name":"gracias","href":"https:\/\/api.w.org\/{rel}","templated":true}]}}