{"id":15995,"date":"2022-03-09T16:01:38","date_gmt":"2022-03-09T19:01:38","guid":{"rendered":"https:\/\/danidrops.com.br\/?p=15995"},"modified":"2022-12-20T01:30:53","modified_gmt":"2022-12-20T04:30:53","slug":"mascaras-de-pestanas-hidratantes-wella-professionals","status":"publish","type":"post","link":"https:\/\/danidrops.com.br\/es\/mascaras-de-pestanas-hidratantes-wella-professionals\/","title":{"rendered":"Mascarillas hidratantes de Wella Professionals: vea las 12 mejores mascarillas hidratantes de Wella"},"content":{"rendered":"<p>Para un cabello m\u00e1s hermoso y saludable es fundamental hacer una hidrataci\u00f3n peri\u00f3dica, y buenos productos son fundamentales para tener un buen resultado. Y hoy conocer\u00e1s las mejores Mascarillas de Hidrataci\u00f3n de Wella Professionals.<\/p>\n\n\n\n<p><strong>Lea tambi\u00e9n:<\/strong> <a href=\"https:\/\/danidrops.com.br\/es\/mejores-champus-y-acondicionador-truss\/\" data-type=\"URL\" data-id=\"https:\/\/danidrops.com.br\/melhores-shampoos-e-condicionador-truss\/\">11 mejores champ\u00fas y acondicionadores Truss<\/a> \u2013 Vea d\u00f3nde comprar y c\u00f3mo usar el champ\u00fa y acondicionador Truss<\/p>\n\n\n\n<p>La marca Wella ya es reconocida por su calidad en varios productos, especialmente en tinturas, tambi\u00e9n lanz\u00f3 las mascarillas de hidrataci\u00f3n y estas \u00faltimas l\u00edneas de mascarillas son realmente excelentes, y aqu\u00ed trajimos las mejores y m\u00e1s vendidas mascarillas de wella para que las conozcas ya!<\/p>\n\n\n\n<h2 class=\"wp-block-heading\"><span class=\"ez-toc-section\" id=\"Melhores_Mascaras_da_Wella_Professionals\"><\/span>Las mejores mascarillas de Wella Professionals<span class=\"ez-toc-section-end\"><\/span><\/h2>\n\n\n\n<p>Si buscas hidratar tu cabello o iniciar una reconstrucci\u00f3n capilar, no hay manera de no hablar de la <strong>Mascarilla Wella<\/strong>.<\/p>\n\n\n\n<p>En este art\u00edculo te mostrar\u00e9 la mejor mascarilla de Wella para que decidas cu\u00e1l usar para reparar la fibra capilar, protegerla de posibles da\u00f1os y agresiones.<\/p>\n\n\n\n<h2 class=\"wp-block-heading\" id=\"mascara-nutri-enrich-wella\"><span class=\"ez-toc-section\" id=\"Mascara_Wella_Nutri_Enrich\"><\/span>Wella Nutri Enrich Mascarilla<span class=\"ez-toc-section-end\"><\/span><\/h2>\n\n\n\n<p>La <strong>Mascarilla Wella Nutri Enrich<\/strong> es una mascarilla de nutrici\u00f3n capilar para cabello seco, seco, encrespado o qu\u00edmico, enriquecida con Goji Berry es una de las mejores mascarillas de wella, he usado un bote hasta el final y simplemente me encant\u00f3.<\/p>\n\n\n<p>[amazon box=\u201d\u200eB07NVXTGYL\u201d template=\u201dhorizontal\u201d button_text=\u201dCompre 30% de descuento\u201d title=\u201dDESCUENTO 30% + ENV\u00cdO GRATIS \u2013 Wella Nutri Enrich Mask\u201d]<\/p>\n\n\n\n<p>En la primera aplicaci\u00f3n, tu cabello se siente muy nutrido, suave y a\u00fan con un aroma maravilloso.&nbsp;<\/p>\n\n\n\n<p>Nutri Enrich sigue siendo excelente para quien tiene cabello rubio decolorado, o cabello rizado y es indispensable para quien hace agenda capilar, porque entra en etapa de nutrici\u00f3n.&nbsp;<\/p>\n\n\n\n<figure class=\"wp-block-image size-full\"><img loading=\"lazy\" decoding=\"async\" width=\"750\" height=\"555\" src=\"https:\/\/danidrops.com.br\/wp-content\/uploads\/2022\/03\/Mascara-Wella-Invigo-Nutri-Enrich.jpg\" alt=\"Wella Nutri Enrich Mascarilla\" class=\"wp-image-20080\" title=\"\" srcset=\"https:\/\/danidrops.com.br\/wp-content\/uploads\/2022\/03\/Mascara-Wella-Invigo-Nutri-Enrich.jpg 750w, https:\/\/danidrops.com.br\/wp-content\/uploads\/2022\/03\/Mascara-Wella-Invigo-Nutri-Enrich-300x222.jpg 300w, https:\/\/danidrops.com.br\/wp-content\/uploads\/2022\/03\/Mascara-Wella-Invigo-Nutri-Enrich-150x111.jpg 150w\" sizes=\"auto, (max-width: 750px) 100vw, 750px\" \/><figcaption>Wella Nutri Enrich Mascarilla<\/figcaption><\/figure>\n\n\n\n<h2 class=\"wp-block-heading\" id=\"mascara-fusion-wella\"><span class=\"ez-toc-section\" id=\"Mascara_Wella_Fusion_Professionals\"><\/span>Mascarilla Profesionales Wella Fusion<span class=\"ez-toc-section-end\"><\/span><\/h2>\n\n\n\n<p>La <strong>Mascarilla Profesionales Wella Fusion<\/strong> es una mascarilla reconstructora, indicada para cabellos da\u00f1ados y quebradizos, principalmente debido a procesos qu\u00edmicos como alisados, decoloraciones, etc. O tambi\u00e9n para cabellos da\u00f1ados por planchas y otros aparatos de calor.\u00a0<\/p>\n\n\n\n<p>Fusion Mask de Wella est\u00e1 enriquecida con l\u00edpidos de seda y amino\u00e1cidos, que adem\u00e1s de ayudar en la reconstrucci\u00f3n de los hilos da\u00f1ados, tambi\u00e9n act\u00faa para mejorar la nutrici\u00f3n, dejando los hilos mucho m\u00e1s hermosos y suaves.&nbsp;<\/p>\n\n\n<p>[amazon box=\u201d\u200e\u200eB06Y2H832L\u201d template=\u201dhorizontal\u201d button_text=\u201dCompre 26% de descuento\u201d title=\u201dDESCUENTO 26% + ENV\u00cdO GRATIS \u2013 M\u00e1scara Wella Fusion Professionals\u201d]<\/p>\n\n\n\n<p>Fusion entra en la etapa de reconstrucci\u00f3n de la agenda capilar, es importante saber que mascarilla de reconstrucci\u00f3n, hay que usar como m\u00e1ximo 1x por semana, cuando el cabello est\u00e1 muy da\u00f1ado, porque los amino\u00e1cidos y el exceso de reconstrucci\u00f3n tampoco son buenos para el cabello . .&nbsp;<\/p>\n\n\n\n<p>Si tu cabello no est\u00e1 demasiado da\u00f1ado y solo quieres mantenerlo sano, sobre todo si tienes qu\u00edmica, lo ideal es una vez al mes.\u00a0<\/p>\n\n\n\n<figure class=\"wp-block-image size-full\"><img loading=\"lazy\" decoding=\"async\" width=\"750\" height=\"555\" src=\"https:\/\/danidrops.com.br\/wp-content\/uploads\/2022\/03\/Mascara-Fusion-Wella-Professionals.jpg\" alt=\"Mascarilla Fusion Wella\u00a0\" class=\"wp-image-20081\" title=\"\" srcset=\"https:\/\/danidrops.com.br\/wp-content\/uploads\/2022\/03\/Mascara-Fusion-Wella-Professionals.jpg 750w, https:\/\/danidrops.com.br\/wp-content\/uploads\/2022\/03\/Mascara-Fusion-Wella-Professionals-300x222.jpg 300w, https:\/\/danidrops.com.br\/wp-content\/uploads\/2022\/03\/Mascara-Fusion-Wella-Professionals-150x111.jpg 150w\" sizes=\"auto, (max-width: 750px) 100vw, 750px\" \/><figcaption>Mascarilla Fusion Wella&nbsp;<\/figcaption><\/figure>\n\n\n\n<h2 class=\"wp-block-heading\" id=\"mascara-oil-reflections-wella\"><span class=\"ez-toc-section\" id=\"Mascara_Wella_Oil_Reflections_Luminous_Reboost\"><\/span>Wella Oil Reflections Luminous Reboost Mascarilla<span class=\"ez-toc-section-end\"><\/span><\/h2>\n\n\n\n<p>La <strong>Wella Oil Reflections Luminous Reboost Mascarilla<\/strong> es una mascarilla nutritiva, especialmente desarrollada para dar luminosidad y vida a los hilos. Especialmente a aquellas que tienen el cabello con reflejos rubios o decolorados les encantar\u00e1 este producto.<\/p>\n\n\n<p>[amazon box=\u201d\u200e\u200eB07ZZH1DJR\u201d template=\u201dhorizontal\u201d button_text=\u201dComprar 17% Off\u201d title=\u201d17% OFF + ENV\u00cdO GRATIS \u2013 M\u00e1scara Wella Oil Reflections Luminous Reboost\u201d]<\/p>\n\n\n\n<p>Realmente aporta luminosidad y vida al cabello, lo nutre y lo deja muy suave desde el 1er uso. Si no tienes mechones tambi\u00e9n te gustar\u00e1 esta mascarilla, porque como dec\u00eda nutre y da brillo de verdad! Es un producto excelente que es poco probable que no te guste.<\/p>\n\n\n\n<p>Tiene un aroma delicioso y con poco producto ya puedes hacer una nutrici\u00f3n potente.&nbsp;<\/p>\n\n\n\n<p><strong>Consejo<\/strong>: Existe una ampolla de la misma l\u00ednea que la Mascarilla Reflejos de aceite que sirve para potenciar tu mascarilla, pones unas gotas de la ampolla junto a la crema al momento de hidratar tu cabello y el resultado es excelente.&nbsp;<\/p>\n\n\n\n<figure class=\"wp-block-image size-full\"><img loading=\"lazy\" decoding=\"async\" width=\"750\" height=\"555\" src=\"https:\/\/danidrops.com.br\/wp-content\/uploads\/2022\/03\/Mascara-Wella-Professionals-Oil-Reflections-Luminous-Reboost.jpg\" alt=\"Reflejos de aceite Wella Mascara\u00a0\" class=\"wp-image-20076\" title=\"\" srcset=\"https:\/\/danidrops.com.br\/wp-content\/uploads\/2022\/03\/Mascara-Wella-Professionals-Oil-Reflections-Luminous-Reboost.jpg 750w, https:\/\/danidrops.com.br\/wp-content\/uploads\/2022\/03\/Mascara-Wella-Professionals-Oil-Reflections-Luminous-Reboost-300x222.jpg 300w, https:\/\/danidrops.com.br\/wp-content\/uploads\/2022\/03\/Mascara-Wella-Professionals-Oil-Reflections-Luminous-Reboost-150x111.jpg 150w\" sizes=\"auto, (max-width: 750px) 100vw, 750px\" \/><figcaption>Reflejos de aceite Wella Mascara&nbsp;<\/figcaption><\/figure>\n\n\n\n<h2 class=\"wp-block-heading\" id=\"mascara-collor-brilliance-wella\"><span class=\"ez-toc-section\" id=\"Mascara_Color_Brilliance_Wella\"><\/span>Mascarilla Color Brilliance Wella&nbsp;<span class=\"ez-toc-section-end\"><\/span><\/h2>\n\n\n\n<p>La <strong>Mascarilla Color Brilliance Wella\u00a0<\/strong> fue especialmente desarrollado para hidratar y tratar el cabello te\u00f1ido, tiene vitaminas y es rico en antioxidantes para mantener el color del cabello hermoso por mucho m\u00e1s tiempo.<\/p>\n\n\n<p>[amazon box=\u201d\u200e\u200eB07M9WGSJJ\u201d template=\u201dhorizontal\u201d button_text=\u201dCompre 19% de descuento\u201d title=\u201dDESCUENTO 19% + ENV\u00cdO GRATIS \u2013 M\u00e1scara de pesta\u00f1as Color Brilliance Wella \u201c]<\/p>\n\n\n\n<p>La gente suele confundir el cabello decolorado con el cabello te\u00f1ido.&nbsp;<\/p>\n\n\n\n<p>Cuando \u201cti\u00f1es\u201d tu cabello de rubio, en realidad lo est\u00e1s decolorando en el proceso, cuando te ti\u00f1es el cabello el proceso de decoloraci\u00f3n es m\u00e1s claro y le est\u00e1s agregando color a tu cabello como en el caso del cabello te\u00f1ido de rojo, negro, casta\u00f1o, etc.<\/p>\n\n\n\n<p>As\u00ed que si tienes el pelo rubio (decolorado) o incluso rubio natural, la mascarilla Reflejos de aceite de la que habl\u00e1bamos m\u00e1s arriba es ideal para ti, ahora bien, si te has te\u00f1ido el pelo de negro, rojo, casta\u00f1o, etc., la mascarilla de color Brilliance es ideal. para ti&nbsp;<\/p>\n\n\n\n<figure class=\"wp-block-image size-full\"><img loading=\"lazy\" decoding=\"async\" width=\"750\" height=\"555\" src=\"https:\/\/danidrops.com.br\/wp-content\/uploads\/2022\/03\/Mascara-Wella-Professionals-Invigo-Color-Brilliance.jpg\" alt=\"Mascarilla Color Brilliance Wella\u00a0\" class=\"wp-image-20074\" title=\"\" srcset=\"https:\/\/danidrops.com.br\/wp-content\/uploads\/2022\/03\/Mascara-Wella-Professionals-Invigo-Color-Brilliance.jpg 750w, https:\/\/danidrops.com.br\/wp-content\/uploads\/2022\/03\/Mascara-Wella-Professionals-Invigo-Color-Brilliance-300x222.jpg 300w, https:\/\/danidrops.com.br\/wp-content\/uploads\/2022\/03\/Mascara-Wella-Professionals-Invigo-Color-Brilliance-150x111.jpg 150w\" sizes=\"auto, (max-width: 750px) 100vw, 750px\" \/><figcaption>Mascarilla Color Brilliance Wella&nbsp;<\/figcaption><\/figure>\n\n\n\n<h2 class=\"wp-block-heading\"><span class=\"ez-toc-section\" id=\"Mascara_Wella_Professionals_System_Professional_Luxe_Oil_Collection_Keratin_Restore\"><\/span>Wella Professionals System Professional Luxe Oil Collection Mascarilla restauradora de queratina&nbsp;&nbsp;<span class=\"ez-toc-section-end\"><\/span><\/h2>\n\n\n\n<p>Hoy en d\u00eda son tantos los productos que las mujeres utilizan en su cabello, ya sea para alisarlo o te\u00f1irlo de diferentes colores, que terminan estrope\u00e1ndolo, sobre todo en las puntas.\u00a0<\/p>\n\n\n<p>[amazon box=\u201d\u200e\u200eB00F2L15X8\u2033 template=\u201dhorizontal\u201d button_text=\u201dCompre 25% de descuento\u201d title=\u201dDESCUENTO 25% + ENV\u00cdO GRATIS \u2013 Wella Professionals System Professional Luxe Oil Collection Keratin Restore Mask \u201c]<\/p>\n\n\n\n<p>Despu\u00e9s de un tiempo las puntas del cabello se vuelven porosas y quebradizas y solo piensas en una soluci\u00f3n, cortar. No seas tan radical, porque con el <strong>Wella Professionals System Professional Luxe Oil Collection Mascarilla restauradora de queratina<\/strong>, podr\u00e1s recuperar las hebras de tu cabello.<\/p>\n\n\n\n<p>Esta mascarilla de Wella tiene en su formulaci\u00f3n Aceite de Arg\u00e1n, Jojoba, Almendras y Pol\u00edmeros Ligeros, que alinean el cabello desde la ra\u00edz hasta las puntas.&nbsp;<\/p>\n\n\n\n<p>Con este producto aportar\u00e1s a tu cabello nutrici\u00f3n e hidrataci\u00f3n de las fibras capilares, obteniendo un cabello m\u00e1s hidratado, nutrido y luminoso, con apariencia de cabello vivo.<\/p>\n\n\n\n<figure class=\"wp-block-image size-full\"><img loading=\"lazy\" decoding=\"async\" width=\"750\" height=\"555\" src=\"https:\/\/danidrops.com.br\/wp-content\/uploads\/2022\/03\/Mascara-Wella-Professionals-System-Professional-Luxe-Oil-Collection-Keratin-Restore.jpg\" alt=\"Wella Professionals System Professional Luxe Oil Collection Mascarilla restauradora de queratina\u00a0\" class=\"wp-image-20077\" title=\"\" srcset=\"https:\/\/danidrops.com.br\/wp-content\/uploads\/2022\/03\/Mascara-Wella-Professionals-System-Professional-Luxe-Oil-Collection-Keratin-Restore.jpg 750w, https:\/\/danidrops.com.br\/wp-content\/uploads\/2022\/03\/Mascara-Wella-Professionals-System-Professional-Luxe-Oil-Collection-Keratin-Restore-300x222.jpg 300w, https:\/\/danidrops.com.br\/wp-content\/uploads\/2022\/03\/Mascara-Wella-Professionals-System-Professional-Luxe-Oil-Collection-Keratin-Restore-150x111.jpg 150w\" sizes=\"auto, (max-width: 750px) 100vw, 750px\" \/><figcaption>Wella Professionals System Professional Luxe Oil Collection Mascarilla restauradora de queratina&nbsp;<\/figcaption><\/figure>\n\n\n\n<h2 class=\"wp-block-heading\"><span class=\"ez-toc-section\" id=\"Mascara_Wella_SP_Luxe_Oil_Keratin_Restore\"><\/span>Wella SP Luxe Oil Keratin Restore Mascarilla&nbsp;<span class=\"ez-toc-section-end\"><\/span><\/h2>\n\n\n\n<p>La <strong>Wella SP Luxe Oil Keratin Restore Mascarilla<\/strong>, es un excelente tratamiento intensivo para el cabello da\u00f1ado. Est\u00e1 compuesto por Aceites de Arg\u00e1n, Jojoba, Almendras y Pol\u00edmeros Ligeros. Su composici\u00f3n deja las hebras mucho m\u00e1s suaves y sedosas.<\/p>\n\n\n\n<p>Con esta mascarilla el aspecto de tu cabello es diferente, ya que lucir\u00e1 m\u00e1s joven, con brillo y equilibrio. \u00bfQui\u00e9n no quiere tener el pelo as\u00ed? Sepa que no es dif\u00edcil, solo use los productos adecuados.<\/p>\n\n\n<p>[amazon box=\u201d\u200e\u200eB010EF0WOO\u201d template=\u201dhorizontal\u201d button_text=\u201dCompre 31% de descuento\u201d title=\u201dDESCUENTO 31% + ENV\u00cdO GRATIS \u2013 Wella SP Luxe Oil Keratin Restore Mask\u201d]<\/p>\n\n\n\n<figure class=\"wp-block-image size-full\"><img loading=\"lazy\" decoding=\"async\" width=\"750\" height=\"555\" src=\"https:\/\/danidrops.com.br\/wp-content\/uploads\/2022\/03\/Mascara-Wella-SP-Luxe-Oil-Keratin-Restore.jpg\" alt=\"Wella SP Luxe Oil Keratin Restore Mascarilla\u00a0\" class=\"wp-image-20078\" title=\"\" srcset=\"https:\/\/danidrops.com.br\/wp-content\/uploads\/2022\/03\/Mascara-Wella-SP-Luxe-Oil-Keratin-Restore.jpg 750w, https:\/\/danidrops.com.br\/wp-content\/uploads\/2022\/03\/Mascara-Wella-SP-Luxe-Oil-Keratin-Restore-300x222.jpg 300w, https:\/\/danidrops.com.br\/wp-content\/uploads\/2022\/03\/Mascara-Wella-SP-Luxe-Oil-Keratin-Restore-150x111.jpg 150w\" sizes=\"auto, (max-width: 750px) 100vw, 750px\" \/><figcaption>Wella SP Luxe Oil Keratin Restore Mascarilla&nbsp;<\/figcaption><\/figure>\n\n\n\n<h2 class=\"wp-block-heading\"><span class=\"ez-toc-section\" id=\"Mascara_Wella_Nutricurls_Nutricao_Intensa\"><\/span>Wella Nutricurls Mascarilla Nutrici\u00f3n Intensa&nbsp;<span class=\"ez-toc-section-end\"><\/span><\/h2>\n\n\n\n<p>Con el <strong>Wella Nutricurls Mascarilla Nutrici\u00f3n Intensa<\/strong>, cambiar\u00e1s por completo la apariencia de tus cerraduras. Despu\u00e9s de todo, \u00bfqu\u00e9 mujer nunca ha hecho una locura con su cabello? Esta mascarilla es espec\u00edfica para cabellos ondulados y rizados, ya que reduce el frizz y aporta suavidad a los rizos.\u00a0<\/p>\n\n\n<p>[amazon box=\u201d\u200eB07PYZFF6F\u201d template=\u201dhorizontal\u201d button_text=\u201dComprar 9% de descuento\u201d title=\u201d9% DE DESCUENTO + ENV\u00cdO GRATIS \u2013 Mascarilla de nutrici\u00f3n intensa Wella Nutricurls\u201d]<\/p>\n\n\n\n<p>Esta mascarilla es perfecta para quienes quieren tener un cabello manejable, con movimiento y bien definido. La mascarilla est\u00e1 enriquecida con activos nutritivos y suavizantes, adem\u00e1s de contar con la tecnolog\u00eda Nourish-in, que garantiza la nutrici\u00f3n ideal para los hilos, elimina los hilos rebeldes y deja las ondas marcadas.<\/p>\n\n\n\n<p>La mascarilla cuenta con la acci\u00f3n Nourish-in, que es una tecnolog\u00eda desarrollada con aceite de jojoba y extracto de trigo, asegurando la nutrici\u00f3n ideal para el cabello, marcando las curvas y eliminando el frizz, brindando un tacto suave.<\/p>\n\n\n\n<figure class=\"wp-block-image size-full\"><img loading=\"lazy\" decoding=\"async\" width=\"750\" height=\"555\" src=\"https:\/\/danidrops.com.br\/wp-content\/uploads\/2022\/03\/Mascara-Wella-Nutricurls-Nutricao-Intensa.jpg\" alt=\"Wella Nutricurls Mascarilla Nutrici\u00f3n Intensa\u00a0\" class=\"wp-image-20071\" title=\"\" srcset=\"https:\/\/danidrops.com.br\/wp-content\/uploads\/2022\/03\/Mascara-Wella-Nutricurls-Nutricao-Intensa.jpg 750w, https:\/\/danidrops.com.br\/wp-content\/uploads\/2022\/03\/Mascara-Wella-Nutricurls-Nutricao-Intensa-300x222.jpg 300w, https:\/\/danidrops.com.br\/wp-content\/uploads\/2022\/03\/Mascara-Wella-Nutricurls-Nutricao-Intensa-150x111.jpg 150w\" sizes=\"auto, (max-width: 750px) 100vw, 750px\" \/><figcaption>Wella Nutricurls Mascarilla Nutrici\u00f3n Intensa&nbsp;<\/figcaption><\/figure>\n\n\n\n<h2 class=\"wp-block-heading\"><span class=\"ez-toc-section\" id=\"Mascara_Wella_Professionals_Invigo_%E2%80%93_Volume_Boost_Mascara_Cristalina\"><\/span>Wella Professionals Invigo Mask \u2013 Mascarilla cristalina Volume Boost\u00a0<span class=\"ez-toc-section-end\"><\/span><\/h2>\n\n\n\n<p>Si quieres un cabello hermoso y sedoso, sabes que solo puedes lograr este milagro con los productos Wella. EL <strong>Wella Professionals Invigo Mask \u2013 Mascarilla cristalina Volume Boost<\/strong> Es perfecto para usar en cabellos delgados y planos, ya que le da a tu cabello el volumen que necesita sin que parezcas loco.<\/p>\n\n\n<p>[amazon box=\u201d\u200eB07BQCSSVM\u201d template=\u201dhorizontal\u201d button_text=\u201dCompre 6% de descuento\u201d title=\u201d6% DE DESCUENTO + ENV\u00cdO GRATIS \u2013 Wella Professionals Invigo Mascara \u2013 Volume Boost Crystalline Mascara\u201d]<\/p>\n\n\n\n<p>La mascarilla espesa las hebras dando equilibrio y volumen en la medida justa para que la apariencia sea la mejor posible, con un cabello sedoso y equilibrado.<\/p>\n\n\n\n<figure class=\"wp-block-image size-full\"><img loading=\"lazy\" decoding=\"async\" width=\"750\" height=\"555\" src=\"https:\/\/danidrops.com.br\/wp-content\/uploads\/2022\/03\/Mascara-Wella-Professionals-Invigo-Volume-Boost-Mascara-Cristalina.jpg\" alt=\"Wella Professionals Invigo Mask - Mascarilla cristalina Volume Boost\u00a0\" class=\"wp-image-20073\" title=\"\" srcset=\"https:\/\/danidrops.com.br\/wp-content\/uploads\/2022\/03\/Mascara-Wella-Professionals-Invigo-Volume-Boost-Mascara-Cristalina.jpg 750w, https:\/\/danidrops.com.br\/wp-content\/uploads\/2022\/03\/Mascara-Wella-Professionals-Invigo-Volume-Boost-Mascara-Cristalina-300x222.jpg 300w, https:\/\/danidrops.com.br\/wp-content\/uploads\/2022\/03\/Mascara-Wella-Professionals-Invigo-Volume-Boost-Mascara-Cristalina-150x111.jpg 150w\" sizes=\"auto, (max-width: 750px) 100vw, 750px\" \/><figcaption>Wella Professionals Invigo Mask \u2013 Mascarilla cristalina Volume Boost&nbsp;<\/figcaption><\/figure>\n\n\n\n<h2 class=\"wp-block-heading\"><span class=\"ez-toc-section\" id=\"Mascara_Wella_Professionals_Elements_Renewing\"><\/span>Wella Professionals Elements Mascarilla Renovadora&nbsp;<span class=\"ez-toc-section-end\"><\/span><\/h2>\n\n\n\n<p>La <strong>Wella Professionals Elements Mascarilla Renovadora<\/strong>, fue desarrollado para ser utilizado en todo tipo de cabello, con alta tecnolog\u00eda desarrollada con activos naturales y org\u00e1nicos, sin da\u00f1ar el medio ambiente.<\/p>\n\n\n<p>[amazon box=\u201d\u200eB00RZU1AI4\u2033 template=\u201dhorizontal\u201d button_text=\u201dCompre 17% Off\u201d title=\u201d17% OFF + ENV\u00cdO GRATIS \u2013 Mascarilla renovadora Wella Professionals Elements \u201c]<\/p>\n\n\n\n<p>La m\u00e1scara penetra profundamente en los hilos promoviendo una hidrataci\u00f3n \u00fanica. Te encantar\u00e1 usar este producto en tu cabello ya que lucir\u00e1 perfecto sin importar el tipo de cabello que tengas.<\/p>\n\n\n\n<figure class=\"wp-block-image size-full\"><img loading=\"lazy\" decoding=\"async\" width=\"750\" height=\"555\" src=\"https:\/\/danidrops.com.br\/wp-content\/uploads\/2022\/03\/Mascara-Wella-Professionals-Elements-Renewing.jpg\" alt=\"Wella Professionals Elements Mascarilla Renovadora\u00a0\" class=\"wp-image-20072\" title=\"\" srcset=\"https:\/\/danidrops.com.br\/wp-content\/uploads\/2022\/03\/Mascara-Wella-Professionals-Elements-Renewing.jpg 750w, https:\/\/danidrops.com.br\/wp-content\/uploads\/2022\/03\/Mascara-Wella-Professionals-Elements-Renewing-300x222.jpg 300w, https:\/\/danidrops.com.br\/wp-content\/uploads\/2022\/03\/Mascara-Wella-Professionals-Elements-Renewing-150x111.jpg 150w\" sizes=\"auto, (max-width: 750px) 100vw, 750px\" \/><figcaption>Wella Professionals Elements Mascarilla Renovadora&nbsp;<\/figcaption><\/figure>\n\n\n\n<h2 class=\"wp-block-heading\"><span class=\"ez-toc-section\" id=\"Mascara_Wella_Professionals_Invigo_Nutri-enrich_Warming_Express\"><\/span>Wella Professionals Invigo Nutri-enrich Warming Express Mascarilla&nbsp;<span class=\"ez-toc-section-end\"><\/span><\/h2>\n\n\n\n<p>La <strong>Wella Professionals Invigo Nutri-enrich Warming Express Mascarilla<\/strong> es una mascarilla nutritiva desarrollada para cabellos secos y da\u00f1ados qu\u00edmicamente.<\/p>\n\n\n<p>[amazon box=\u201d\u200e\u200eB07ZZH7KZN\u201d template=\u201dhorizontal\u201d button_text=\u201dCompre 12% de descuento\u201d title=\u201dDESCUENTO 12% + ENV\u00cdO GRATIS \u2013 Wella Professionals Invigo Nutri-enrich Warming Express Mask \u201c]<\/p>\n\n\n\n<p>La mascarilla posee una tecnolog\u00eda innovadora de alto rendimiento, ya que se calienta en los hilos capilares, asegurando una mayor penetraci\u00f3n de los activos capilares contenidos en su f\u00f3rmula.&nbsp;<\/p>\n\n\n\n<p>Esta mascarilla act\u00faa mucho m\u00e1s r\u00e1pido que las mascarillas convencionales, adem\u00e1s de tener una fragancia suave y muy delicada.<\/p>\n\n\n\n<figure class=\"wp-block-image size-full\"><img loading=\"lazy\" decoding=\"async\" width=\"750\" height=\"555\" src=\"https:\/\/danidrops.com.br\/wp-content\/uploads\/2022\/03\/Mascara-Wella-Professionals-Invigo-Nutri-enrich-Warming-Express.jpg\" alt=\"Wella Professionals Invigo Nutri-enrich Warming Express Mascarilla\u00a0\" class=\"wp-image-20075\" title=\"\" srcset=\"https:\/\/danidrops.com.br\/wp-content\/uploads\/2022\/03\/Mascara-Wella-Professionals-Invigo-Nutri-enrich-Warming-Express.jpg 750w, https:\/\/danidrops.com.br\/wp-content\/uploads\/2022\/03\/Mascara-Wella-Professionals-Invigo-Nutri-enrich-Warming-Express-300x222.jpg 300w, https:\/\/danidrops.com.br\/wp-content\/uploads\/2022\/03\/Mascara-Wella-Professionals-Invigo-Nutri-enrich-Warming-Express-150x111.jpg 150w\" sizes=\"auto, (max-width: 750px) 100vw, 750px\" \/><figcaption>Wella Professionals Invigo Nutri-enrich Warming Express Mascarilla&nbsp;<\/figcaption><\/figure>\n\n\n\n<h2 class=\"wp-block-heading\"><span class=\"ez-toc-section\" id=\"Mascara_Wella_Color_Motion_Mask\"><\/span>Mascarilla Color Motion de Wella&nbsp;<span class=\"ez-toc-section-end\"><\/span><\/h2>\n\n\n\n<p>Si te gusta te\u00f1ir tu cabello, pero se vuelve demasiado seco y quebradizo, entonces necesitas usar el <strong>Mascarilla Color Motion de Wella<\/strong>, porque embellecer\u00e1 tu cabello y a\u00fan proteger\u00e1 el color de las hebras.<\/p>\n\n\n\n[amazon box=\u201d\u200e\u200eB07XBL1LZX\u201d template=\u201dhorizontal\u201d button_text=\u201dCompre 54% Off\u201d title=\u201dDESCUENTO 54% + ENV\u00cdO GRATIS \u2013 Wella Color Motion Mask\u201d]\n\n\n\n<p>El mayor problema de la coloraci\u00f3n es el amon\u00edaco, que acaba da\u00f1ando mucho las hebras, sobre todo las puntas. De nada sirve usar cualquier mascarilla en el cabello, porque no dar\u00e1n el efecto que deseas.&nbsp;<\/p>\n\n\n\n<figure class=\"wp-block-image size-full\"><img loading=\"lazy\" decoding=\"async\" width=\"750\" height=\"555\" src=\"https:\/\/danidrops.com.br\/wp-content\/uploads\/2022\/03\/Mascara-Wella-Color-Motion-Mask.jpg\" alt=\"Mascarilla Color Motion de Wella\u00a0\" class=\"wp-image-20082\" title=\"\" srcset=\"https:\/\/danidrops.com.br\/wp-content\/uploads\/2022\/03\/Mascara-Wella-Color-Motion-Mask.jpg 750w, https:\/\/danidrops.com.br\/wp-content\/uploads\/2022\/03\/Mascara-Wella-Color-Motion-Mask-300x222.jpg 300w, https:\/\/danidrops.com.br\/wp-content\/uploads\/2022\/03\/Mascara-Wella-Color-Motion-Mask-150x111.jpg 150w\" sizes=\"auto, (max-width: 750px) 100vw, 750px\" \/><figcaption>Mascarilla Color Motion de Wella&nbsp;<\/figcaption><\/figure>\n\n\n\n<h2 class=\"wp-block-heading\"><span class=\"ez-toc-section\" id=\"Mascara_Wella_WellaPLEX_No3_Hair_Stabilizer\"><\/span>Wella WellaPLEX N\u00ba3 Mascarilla Estabilizadora Capilar&nbsp;<span class=\"ez-toc-section-end\"><\/span><\/h2>\n\n\n\n<p>La <strong>Wella WellaPLEX N\u00ba3 Mascarilla Estabilizadora Capilar<\/strong>, fue desarrollado con el potencial de reconstruir las hebras da\u00f1adas, dejando el cabello saludable y fuerte.\u00a0<\/p>\n\n\n<p>[amazon box=\u201d\u200e\u200eB07PWN7TFZ\u201d template=\u201dhorizontal\u201d button_text=\u201dCompre 25% de descuento\u201d title=\u201dDESCUENTO 25% + ENV\u00cdO GRATIS \u2013 Wella WellaPLEX Mask #3 Estabilizador de cabello \u201c]<\/p>\n\n\n\n<p>Los enlaces de amino\u00e1cidos que est\u00e1n presentes en las hebras de cabello se pierden y la m\u00e1scara hace que se vuelvan a conectar.<\/p>\n\n\n\n<p>Para tener un cabello m\u00e1s fuerte, saludable y brillante, necesitas cuidar tu cabello y Wella tiene todo tipo de tratamientos para dejar cualquier tipo de cabello con un aspecto saludable. Pru\u00e9balo y nunca m\u00e1s querr\u00e1s cambiar por otros productos.<\/p>\n\n\n\n<figure class=\"wp-block-image size-full\"><img loading=\"lazy\" decoding=\"async\" width=\"750\" height=\"555\" src=\"https:\/\/danidrops.com.br\/wp-content\/uploads\/2022\/03\/Mascara-Wella-WellaPLEX-No3-Hair-Stabilizer.jpg\" alt=\"Wella WellaPLEX N\u00ba3 Mascarilla Estabilizadora Capilar\u00a0\" class=\"wp-image-20079\" title=\"\" srcset=\"https:\/\/danidrops.com.br\/wp-content\/uploads\/2022\/03\/Mascara-Wella-WellaPLEX-No3-Hair-Stabilizer.jpg 750w, https:\/\/danidrops.com.br\/wp-content\/uploads\/2022\/03\/Mascara-Wella-WellaPLEX-No3-Hair-Stabilizer-300x222.jpg 300w, https:\/\/danidrops.com.br\/wp-content\/uploads\/2022\/03\/Mascara-Wella-WellaPLEX-No3-Hair-Stabilizer-150x111.jpg 150w\" sizes=\"auto, (max-width: 750px) 100vw, 750px\" \/><figcaption>Wella WellaPLEX N\u00ba3 Mascarilla Estabilizadora Capilar&nbsp;<\/figcaption><\/figure>\n\n\n\n<script type=\"application\/ld+json\">\n{\n  \"@context\": \"https:\/\/schema.org\",\n  \"@type\": \"FAQPage\",\n  \"mainEntity\": [{\n    \"@type\": \"Question\",\n    \"name\": \"Quais as melhores m\u00e1scaras de hidrata\u00e7\u00e3o da Wella?\",\n    \"acceptedAnswer\": {\n      \"@type\": \"Answer\",\n      \"text\": \"As melhores m\u00e1scaras de hidrata\u00e7\u00e3o da Wella s\u00e3o: M\u00e1scara Wella Nutri Enrich, M\u00e1scara Wella Fusion Professionals, Mascara Wella Oil Reflections Luminous Reboost\nM\u00e1scara Color Brilliance Wella, M\u00e1scara Wella Professionals System Professional Luxe Oil Collection Keratin Restore, M\u00e1scara Wella SP Luxe Oil Keratin Restore, M\u00e1scara Wella Nutricurls Nutri\u00e7\u00e3o Intensa, M\u00e1scara Wella Professionals Invigo \u2013 Volume Boost M\u00e1scara Cristalina, M\u00e1scara Wella Professionals Elements Renewing, M\u00e1scara Wella Professionals Invigo Nutri-enrich Warming Express, M\u00e1scara Wella Color Motion Mask, M\u00e1scara Wella WellaPLEX N\u00ba3 Hair Stabilizer\"\n    }\n  },{\n    \"@type\": \"Question\",\n    \"name\": \"Quais os benef\u00edcios de hidratar o cabelo?\",\n    \"acceptedAnswer\": {\n      \"@type\": \"Answer\",\n      \"text\": \"Os benef\u00edcios de manter o seu cabelo hidratado s\u00e3o: O cabelo fica macio e sedoso, O risco de pontas duplas \u00e9 reduzido, Facilita na hora de pentear, Diminui problemas capilares comuns, Evita forma\u00e7\u00e3o de n\u00f3s, Promove o brilho natural, Melhora do humor\"\n    }\n  }]\n}\n<\/script>\n\n\n\n<h2 class=\"wp-block-heading\" id=\"qual-a-melhor-mascara-da-wella\"><span class=\"ez-toc-section\" id=\"Qual_a_melhor_mascara_de_hidratacao_da_Wella\"><\/span>\u00bfCu\u00e1l es la mejor mascarilla hidratante de Wella?<span class=\"ez-toc-section-end\"><\/span><\/h2>\n\n\n\n<p>A <strong>La mejor mascarilla hidratante de Wella<\/strong> son:<\/p>\n\n\n\n<ul class=\"wp-block-list\"><li>Wella Nutri Enrich Mascarilla<\/li><li>Mascarilla Profesionales Wella Fusion<\/li><li>M\u00e1scara Wella Oil Reflections Luminous Reboost<\/li><li>Mascarilla Color Brilliance Wella<\/li><li>Wella Professionals System Professional Luxe Oil Collection Mascarilla restauradora de queratina<\/li><li>Wella SP Luxe Oil Keratin Restore Mascarilla<\/li><li>Wella Nutricurls Mascarilla Nutrici\u00f3n Intensa<\/li><li>Wella Professionals Invigo Mask \u2013 Mascarilla cristalina Volume Boost<\/li><li>Wella Professionals Elements Mascarilla Renovadora<\/li><li>Wella Professionals Invigo Nutri-enrich Warming Express Mascarilla<\/li><li>Mascarilla Color Motion de Wella<\/li><li>Wella WellaPLEX N\u00ba3 Mascarilla Estabilizadora Capilar<\/li><\/ul>\n\n\n\n<h2 class=\"wp-block-heading\" id=\"para-que-serve-cada-mascara-da-wella\"><span class=\"ez-toc-section\" id=\"Para_que_serve_cada_Mascara_de_Hidratacao_da_Wella\"><\/span>\u00bfPara qu\u00e9 sirve cada mascarilla de hidrataci\u00f3n Wella?<span class=\"ez-toc-section-end\"><\/span><\/h2>\n\n\n\n<p>Para resumir para qu\u00e9 sirve cada mascarilla wella: Nutri Enrich \u2013 Sirve para nutrir el cabello seco, seco o tratado qu\u00edmicamente, Fusion Mask \u2013 para reconstruir el cabello da\u00f1ado y quebradizo, Oil Reflections Mask \u2013 para nutrir y dar brillo, especialmente para cabello decolorado, con mechones o qu\u00edmica.<\/p>\n\n\n\n<p>Mascarilla Collor Brilliance: es para aquellos que tienen el cabello te\u00f1ido y quieren mantener el color hermoso y vivo por m\u00e1s tiempo.&nbsp;&nbsp;<\/p>\n\n\n\n<h2 class=\"wp-block-heading\" id=\"como-passar-as-mascaras-da-wella\"><span class=\"ez-toc-section\" id=\"Como_passar_as_Mascara_de_Hidratacao_da_Wella\"><\/span>\u00bfC\u00f3mo aplicar la Mascarilla de Hidrataci\u00f3n Wella?<span class=\"ez-toc-section-end\"><\/span><\/h2>\n\n\n\n<p>Para aplicar tu mascarilla capilar wella es muy f\u00e1cil, coge un bote peque\u00f1o y con una esp\u00e1tula o cuchara de pl\u00e1stico retira la cantidad que vayas a necesitar. Recuerda nunca poner tu mano sucia o mojada directamente dentro de tu m\u00e1scara, \u00bfde acuerdo?&nbsp;<\/p>\n\n\n\n<p>Despu\u00e9s de lavarte el cabello con tu champ\u00fa habitual, seca tu cabello ligeramente y aplica la mascarilla cubriendo tu cabello y d\u00e9jalo actuar por lo menos 5 minutos antes de enjuagar y siempre evitando pasarlo a la ra\u00edz del cabello.&nbsp;<\/p>\n\n\n\n<p>Para obtener mejores resultados, puede dejarlo m\u00e1s tiempo y colocar una gorra de pl\u00e1stico durante unos 10 minutos.&nbsp;<\/p>\n\n\n\n<h2 class=\"wp-block-heading\" id=\"onde-comprar-mascaras-da-wella\"><span class=\"ez-toc-section\" id=\"Onde_comprar_Mascara_de_Hidratacao_da_Wella\"><\/span>\u00bfD\u00f3nde comprar la mascarilla de hidrataci\u00f3n Wella?\u00a0<span class=\"ez-toc-section-end\"><\/span><\/h2>\n\n\n\n<p>Puedes encontrar mascarillas Wella en grandes perfumer\u00edas como Ikesaki, Loretta farma entre otras, y en internet en sitios como Amazon, Beleza na Web entre otros.\u00a0<\/p>\n\n\n\n<h2 class=\"wp-block-heading\"><span class=\"ez-toc-section\" id=\"Veja_7_beneficios_de_hidratar_o_cabelo\"><\/span>Mira 7 beneficios de hidratar tu cabello<span class=\"ez-toc-section-end\"><\/span><\/h2>\n\n\n\n<p>La hidrataci\u00f3n del cabello es una parte importante del cuidado de su salud en general. Cuando mantienes tu cabello hidratado, tiene muchos beneficios que pueden ayudarte a sentirte y lucir incre\u00edble. <\/p>\n\n\n\n<p>Aqu\u00ed hay 7 <strong>beneficios de mantener tu cabello hidratado<\/strong>.<\/p>\n\n\n\n<h3 class=\"wp-block-heading\">El cabello se vuelve suave y sedoso.<\/h3>\n\n\n\n<p>Cuando humectas tu cabello con regularidad, se sentir\u00e1 suave, sedoso y terso, d\u00e1ndole una sensaci\u00f3n de brillo saludable. Esto se debe a que con la humedad adecuada para las hebras, las cut\u00edculas del cabello encajan mejor entre s\u00ed, lo que hace que el cabello sea m\u00e1s suave.<\/p>\n\n\n\n<h3 class=\"wp-block-heading\">Se reduce el riesgo de puntas abiertas<\/h3>\n\n\n\n<p>La hidrataci\u00f3n proporciona una barrera protectora contra las inclemencias del tiempo que causan la sequedad excesiva del cabello y la rotura de las puntas abiertas. Al mantener tu cabello hidratado con productos especializados, estar\u00e1s protegiendo tus hebras contra la sequedad extensa y, en casos extremos, la rotura.<\/p>\n\n\n\n<h3 class=\"wp-block-heading\">Facilita el peinado<\/h3>\n\n\n\n<p>Una vez que el cabello est\u00e9 sano e hidratado, ser\u00e1 mucho m\u00e1s f\u00e1cil peinar las hebras sin arrancarlas debido a la resistencia que ejerce la deshidrataci\u00f3n sobre los tejidos capilares.<\/p>\n\n\n\n<h3 class=\"wp-block-heading\">Disminuye los problemas comunes del cabello.<\/h3>\n\n\n\n<p>Los problemas comunes como la irritaci\u00f3n y la descamaci\u00f3n del cuero cabelludo a menudo son el resultado de los fol\u00edculos pilosos secos. Al mantener el cuero cabelludo y los fol\u00edculos saludables a trav\u00e9s de una hidrataci\u00f3n constante, puede prevenir estos problemas incluso antes de que comiencen.&nbsp;<\/p>\n\n\n\n<h3 class=\"wp-block-heading\">Evitar la formaci\u00f3n de nudos<\/h3>\n\n\n\n<p>Los n\u00f3dulos son part\u00edculas atrapadas en las capas internas de los tejidos del cabello debido a la mezcla desequilibrada del aire mismo con el agua contenida en los fol\u00edculos pilosos, generalmente como resultado de una exposici\u00f3n excesiva a factores clim\u00e1ticos adversos.&nbsp;<\/p>\n\n\n\n<h3 class=\"wp-block-heading\">Promueve el brillo natural.<\/h3>\n\n\n\n<p>El concepto err\u00f3neo es que solo los productos qu\u00edmicos brindan un brillo intenso en la peluquer\u00eda; Sin embargo, cuando un profesional nivela adecuadamente el <a href=\"https:\/\/www.cleberbarros.com.br\/ph-de-shampoos\/\" target=\"_blank\" data-type=\"URL\" data-id=\"https:\/\/www.cleberbarros.com.br\/ph-de-shampoos\/\" rel=\"noreferrer noopener\">pH del cuero cabelludo<\/a> mediante el uso de cremas ricas en nutrientes y amino\u00e1cidos, tambi\u00e9n realiza procedimientos espec\u00edficos para garantizar el control ideal de la humedad presente en la fibra capilar \u2013 esto garantiza una mayor cantidad de brillo natural en los tejidos y as\u00ed refuerza su calidad visiblemente aparente !<\/p>\n\n\n\n<h3 class=\"wp-block-heading\">mejora del estado de \u00e1nimo<\/h3>\n\n\n\n<p>Nadie puede negar que sentirse bien con uno mismo tiene un gran impacto positivo, especialmente en el estado de \u00e1nimo. \u00a1Estar satisfecho con nuestra apariencia puede promover sentimientos motivadores de alta autoestima! \u00a1Al mantener tu cabello completamente hidratado y tratado, notar\u00e1s mejoras significativas en tu estado de \u00e1nimo diario!&nbsp;<\/p>\n<div id=\"ez-toc-container\" class=\"ez-toc-v2_0_76 counter-hierarchy ez-toc-counter ez-toc-grey ez-toc-container-direction\">\n<p class=\"ez-toc-title\" style=\"cursor:inherit\">Leer\u00e1s este art\u00edculo<\/p>\n<label for=\"ez-toc-cssicon-toggle-item-69f1968d1b0e6\" class=\"ez-toc-cssicon-toggle-label\"><span class=\"ez-toc-cssicon\"><span class=\"eztoc-hide\" style=\"display:none;\">Palanca<\/span><span class=\"ez-toc-icon-toggle-span\"><svg style=\"fill: #999;color:#999\" xmlns=\"http:\/\/www.w3.org\/2000\/svg\" class=\"list-377408\" width=\"20px\" height=\"20px\" viewbox=\"0 0 24 24\" fill=\"none\"><path d=\"M6 6H4v2h2V6zm14 0H8v2h12V6zM4 11h2v2H4v-2zm16 0H8v2h12v-2zM4 16h2v2H4v-2zm16 0H8v2h12v-2z\" fill=\"currentColor\"><\/path><\/svg><svg style=\"fill: #999;color:#999\" class=\"arrow-unsorted-368013\" xmlns=\"http:\/\/www.w3.org\/2000\/svg\" width=\"10px\" height=\"10px\" viewbox=\"0 0 24 24\" version=\"1.2\" baseprofile=\"tiny\"><path d=\"M18.2 9.3l-6.2-6.3-6.2 6.3c-.2.2-.3.4-.3.7s.1.5.3.7c.2.2.4.3.7.3h11c.3 0 .5-.1.7-.3.2-.2.3-.5.3-.7s-.1-.5-.3-.7zM5.8 14.7l6.2 6.3 6.2-6.3c.2-.2.3-.5.3-.7s-.1-.5-.3-.7c-.2-.2-.4-.3-.7-.3h-11c-.3 0-.5.1-.7.3-.2.2-.3.5-.3.7s.1.5.3.7z\"\/><\/svg><\/span><\/span><\/label><input type=\"checkbox\"  id=\"ez-toc-cssicon-toggle-item-69f1968d1b0e6\"  aria-label=\"Palanca\" \/><nav><ul class='ez-toc-list ez-toc-list-level-1' ><li class='ez-toc-page-1 ez-toc-heading-level-2'><a class=\"ez-toc-link ez-toc-heading-1\" href=\"https:\/\/danidrops.com.br\/es\/mascaras-de-pestanas-hidratantes-wella-professionals\/#Melhores_Mascaras_da_Wella_Professionals\" >Las mejores mascarillas de Wella Professionals<\/a><\/li><li class='ez-toc-page-1 ez-toc-heading-level-2'><a class=\"ez-toc-link ez-toc-heading-2\" href=\"https:\/\/danidrops.com.br\/es\/mascaras-de-pestanas-hidratantes-wella-professionals\/#Mascara_Wella_Nutri_Enrich\" >Wella Nutri Enrich Mascarilla<\/a><\/li><li class='ez-toc-page-1 ez-toc-heading-level-2'><a class=\"ez-toc-link ez-toc-heading-3\" href=\"https:\/\/danidrops.com.br\/es\/mascaras-de-pestanas-hidratantes-wella-professionals\/#Mascara_Wella_Fusion_Professionals\" >Mascarilla Profesionales Wella Fusion<\/a><\/li><li class='ez-toc-page-1 ez-toc-heading-level-2'><a class=\"ez-toc-link ez-toc-heading-4\" href=\"https:\/\/danidrops.com.br\/es\/mascaras-de-pestanas-hidratantes-wella-professionals\/#Mascara_Wella_Oil_Reflections_Luminous_Reboost\" >Wella Oil Reflections Luminous Reboost Mascarilla<\/a><\/li><li class='ez-toc-page-1 ez-toc-heading-level-2'><a class=\"ez-toc-link ez-toc-heading-5\" href=\"https:\/\/danidrops.com.br\/es\/mascaras-de-pestanas-hidratantes-wella-professionals\/#Mascara_Color_Brilliance_Wella\" >Mascarilla Color Brilliance Wella&nbsp;<\/a><\/li><li class='ez-toc-page-1 ez-toc-heading-level-2'><a class=\"ez-toc-link ez-toc-heading-6\" href=\"https:\/\/danidrops.com.br\/es\/mascaras-de-pestanas-hidratantes-wella-professionals\/#Mascara_Wella_Professionals_System_Professional_Luxe_Oil_Collection_Keratin_Restore\" >Wella Professionals System Professional Luxe Oil Collection Mascarilla restauradora de queratina&nbsp;&nbsp;<\/a><\/li><li class='ez-toc-page-1 ez-toc-heading-level-2'><a class=\"ez-toc-link ez-toc-heading-7\" href=\"https:\/\/danidrops.com.br\/es\/mascaras-de-pestanas-hidratantes-wella-professionals\/#Mascara_Wella_SP_Luxe_Oil_Keratin_Restore\" >Wella SP Luxe Oil Keratin Restore Mascarilla&nbsp;<\/a><\/li><li class='ez-toc-page-1 ez-toc-heading-level-2'><a class=\"ez-toc-link ez-toc-heading-8\" href=\"https:\/\/danidrops.com.br\/es\/mascaras-de-pestanas-hidratantes-wella-professionals\/#Mascara_Wella_Nutricurls_Nutricao_Intensa\" >Wella Nutricurls Mascarilla Nutrici\u00f3n Intensa&nbsp;<\/a><\/li><li class='ez-toc-page-1 ez-toc-heading-level-2'><a class=\"ez-toc-link ez-toc-heading-9\" href=\"https:\/\/danidrops.com.br\/es\/mascaras-de-pestanas-hidratantes-wella-professionals\/#Mascara_Wella_Professionals_Invigo_%E2%80%93_Volume_Boost_Mascara_Cristalina\" >Wella Professionals Invigo Mask \u2013 Mascarilla cristalina Volume Boost\u00a0<\/a><\/li><li class='ez-toc-page-1 ez-toc-heading-level-2'><a class=\"ez-toc-link ez-toc-heading-10\" href=\"https:\/\/danidrops.com.br\/es\/mascaras-de-pestanas-hidratantes-wella-professionals\/#Mascara_Wella_Professionals_Elements_Renewing\" >Wella Professionals Elements Mascarilla Renovadora&nbsp;<\/a><\/li><li class='ez-toc-page-1 ez-toc-heading-level-2'><a class=\"ez-toc-link ez-toc-heading-11\" href=\"https:\/\/danidrops.com.br\/es\/mascaras-de-pestanas-hidratantes-wella-professionals\/#Mascara_Wella_Professionals_Invigo_Nutri-enrich_Warming_Express\" >Wella Professionals Invigo Nutri-enrich Warming Express Mascarilla&nbsp;<\/a><\/li><li class='ez-toc-page-1 ez-toc-heading-level-2'><a class=\"ez-toc-link ez-toc-heading-12\" href=\"https:\/\/danidrops.com.br\/es\/mascaras-de-pestanas-hidratantes-wella-professionals\/#Mascara_Wella_Color_Motion_Mask\" >Mascarilla Color Motion de Wella&nbsp;<\/a><\/li><li class='ez-toc-page-1 ez-toc-heading-level-2'><a class=\"ez-toc-link ez-toc-heading-13\" href=\"https:\/\/danidrops.com.br\/es\/mascaras-de-pestanas-hidratantes-wella-professionals\/#Mascara_Wella_WellaPLEX_No3_Hair_Stabilizer\" >Wella WellaPLEX N\u00ba3 Mascarilla Estabilizadora Capilar&nbsp;<\/a><\/li><li class='ez-toc-page-1 ez-toc-heading-level-2'><a class=\"ez-toc-link ez-toc-heading-14\" href=\"https:\/\/danidrops.com.br\/es\/mascaras-de-pestanas-hidratantes-wella-professionals\/#Qual_a_melhor_mascara_de_hidratacao_da_Wella\" >\u00bfCu\u00e1l es la mejor mascarilla hidratante de Wella?<\/a><\/li><li class='ez-toc-page-1 ez-toc-heading-level-2'><a class=\"ez-toc-link ez-toc-heading-15\" href=\"https:\/\/danidrops.com.br\/es\/mascaras-de-pestanas-hidratantes-wella-professionals\/#Para_que_serve_cada_Mascara_de_Hidratacao_da_Wella\" >\u00bfPara qu\u00e9 sirve cada mascarilla de hidrataci\u00f3n Wella?<\/a><\/li><li class='ez-toc-page-1 ez-toc-heading-level-2'><a class=\"ez-toc-link ez-toc-heading-16\" href=\"https:\/\/danidrops.com.br\/es\/mascaras-de-pestanas-hidratantes-wella-professionals\/#Como_passar_as_Mascara_de_Hidratacao_da_Wella\" >\u00bfC\u00f3mo aplicar la Mascarilla de Hidrataci\u00f3n Wella?<\/a><\/li><li class='ez-toc-page-1 ez-toc-heading-level-2'><a class=\"ez-toc-link ez-toc-heading-17\" href=\"https:\/\/danidrops.com.br\/es\/mascaras-de-pestanas-hidratantes-wella-professionals\/#Onde_comprar_Mascara_de_Hidratacao_da_Wella\" >\u00bfD\u00f3nde comprar la mascarilla de hidrataci\u00f3n Wella?\u00a0<\/a><\/li><li class='ez-toc-page-1 ez-toc-heading-level-2'><a class=\"ez-toc-link ez-toc-heading-18\" href=\"https:\/\/danidrops.com.br\/es\/mascaras-de-pestanas-hidratantes-wella-professionals\/#Veja_7_beneficios_de_hidratar_o_cabelo\" >Mira 7 beneficios de hidratar tu cabello<\/a><\/li><\/ul><\/nav><\/div>","protected":false},"excerpt":{"rendered":"<p>Para un cabello m\u00e1s bonito y sano, la hidrataci\u00f3n regular es esencial, y los buenos productos son esenciales para obtener buenos resultados. Y hoy...<\/p>","protected":false},"author":1,"featured_media":20371,"comment_status":"open","ping_status":"open","sticky":false,"template":"","format":"standard","meta":{"footnotes":""},"categories":[439],"tags":[],"class_list":["post-15995","post","type-post","status-publish","format-standard","has-post-thumbnail","hentry","category-cabelo"],"_links":{"self":[{"href":"https:\/\/danidrops.com.br\/es\/wp-json\/wp\/v2\/posts\/15995","targetHints":{"allow":["GET"]}}],"collection":[{"href":"https:\/\/danidrops.com.br\/es\/wp-json\/wp\/v2\/posts"}],"about":[{"href":"https:\/\/danidrops.com.br\/es\/wp-json\/wp\/v2\/types\/post"}],"author":[{"embeddable":true,"href":"https:\/\/danidrops.com.br\/es\/wp-json\/wp\/v2\/users\/1"}],"replies":[{"embeddable":true,"href":"https:\/\/danidrops.com.br\/es\/wp-json\/wp\/v2\/comments?post=15995"}],"version-history":[{"count":0,"href":"https:\/\/danidrops.com.br\/es\/wp-json\/wp\/v2\/posts\/15995\/revisions"}],"wp:featuredmedia":[{"embeddable":true,"href":"https:\/\/danidrops.com.br\/es\/wp-json\/wp\/v2\/media\/20371"}],"wp:attachment":[{"href":"https:\/\/danidrops.com.br\/es\/wp-json\/wp\/v2\/media?parent=15995"}],"wp:term":[{"taxonomy":"category","embeddable":true,"href":"https:\/\/danidrops.com.br\/es\/wp-json\/wp\/v2\/categories?post=15995"},{"taxonomy":"post_tag","embeddable":true,"href":"https:\/\/danidrops.com.br\/es\/wp-json\/wp\/v2\/tags?post=15995"}],"curies":[{"name":"gracias","href":"https:\/\/api.w.org\/{rel}","templated":true}]}}