{"id":29401,"date":"2022-06-21T10:14:55","date_gmt":"2022-06-21T13:14:55","guid":{"rendered":"https:\/\/danidrops.com.br\/?p=29401"},"modified":"2023-12-19T07:18:43","modified_gmt":"2023-12-19T10:18:43","slug":"clavo-de-fibra-de-vidrio","status":"publish","type":"post","link":"https:\/\/danidrops.com.br\/es\/clavo-de-fibra-de-vidrio\/","title":{"rendered":"U\u00f1as de fibra de vidrio 2022: vea m\u00e1s de 60 inspiraciones de u\u00f1as decoradas con fibra de vidrio"},"content":{"rendered":"<p>La <strong>clavo de fibra de vidrio<\/strong> se convirti\u00f3 en fiebre entre las mujeres de todo el mundo por ser f\u00e1cil y pr\u00e1ctico de hacer, adem\u00e1s de brindar el placer de tener las u\u00f1as largas a aquellas mujeres que no pueden dejar crecer sus u\u00f1as.<\/p>\n\n\n\n<p><strong>Lea tambi\u00e9n: <\/strong><a href=\"https:\/\/danidrops.com.br\/es\/tendencias-en-decoracion-de-unas-2025\/\" data-type=\"URL\" data-id=\"https:\/\/danidrops.com.br\/tendencia-unha-decorada-2025\/\">Tendencia U\u00f1as Decoradas \u2013 Cu\u00e1les son los formatos, colores y formas. Mira 94 inspiraciones para que decores tus u\u00f1as<\/a><\/p>\n\n\n\n<figure class=\"wp-block-image size-full\"><img loading=\"lazy\" decoding=\"async\" width=\"760\" height=\"555\" src=\"https:\/\/danidrops.com.br\/wp-content\/uploads\/2022\/06\/01-Unhas-decoradas-de-fibra-de-vidro.jpg\" alt=\"U\u00f1as decoradas con fibra de vidrio\" class=\"wp-image-30056\" title=\"\" srcset=\"https:\/\/danidrops.com.br\/wp-content\/uploads\/2022\/06\/01-Unhas-decoradas-de-fibra-de-vidro.jpg 760w, https:\/\/danidrops.com.br\/wp-content\/uploads\/2022\/06\/01-Unhas-decoradas-de-fibra-de-vidro-300x219.jpg 300w, https:\/\/danidrops.com.br\/wp-content\/uploads\/2022\/06\/01-Unhas-decoradas-de-fibra-de-vidro-150x110.jpg 150w\" sizes=\"auto, (max-width: 760px) 100vw, 760px\" \/><figcaption class=\"wp-element-caption\">U\u00f1as decoradas con fibra de vidrio<\/figcaption><\/figure>\n\n\n\n<p>Existen numerosos modelos de <strong>u\u00f1as decoradas con fibra de vidrio<\/strong> que pueden usar mujeres de todos los estilos.<\/p>\n\n\n\n<figure class=\"wp-block-image size-full\"><img loading=\"lazy\" decoding=\"async\" width=\"760\" height=\"555\" src=\"https:\/\/danidrops.com.br\/wp-content\/uploads\/2022\/06\/02-Unhas-decoradas-de-fibra-de-vidro.jpg\" alt=\"U\u00f1as decoradas con fibra de vidrio\" class=\"wp-image-30057\" title=\"\" srcset=\"https:\/\/danidrops.com.br\/wp-content\/uploads\/2022\/06\/02-Unhas-decoradas-de-fibra-de-vidro.jpg 760w, https:\/\/danidrops.com.br\/wp-content\/uploads\/2022\/06\/02-Unhas-decoradas-de-fibra-de-vidro-300x219.jpg 300w, https:\/\/danidrops.com.br\/wp-content\/uploads\/2022\/06\/02-Unhas-decoradas-de-fibra-de-vidro-150x110.jpg 150w\" sizes=\"auto, (max-width: 760px) 100vw, 760px\" \/><figcaption class=\"wp-element-caption\">U\u00f1as decoradas con fibra de vidrio<\/figcaption><\/figure>\n\n\n\n<p>No todas las formas de u\u00f1a se adaptan a todas las manos: le mostraremos c\u00f3mo encontrar la forma de u\u00f1a adecuada y le daremos consejos sobre c\u00f3mo limarlas correctamente.<\/p>\n\n\n\n<script type=\"application\/ld+json\">{\n    \"@context\": \"https:\\\/\\\/schema.org\",\n    \"@type\": \"FAQPage\",\n    \"mainEntity\": {\n        \"@type\": \"Question\",\n        \"name\": \"Quais s\\u00e3o as tendencias de unhas de fibra de vidro?\",\n        \"acceptedAnswer\": {\n            \"@type\": \"Answer\",\n            \"text\": \"As unhas de fibra de vidro que s\\u00e3o tendencia este ano s\\u00e3o: Unhas de fibra de vidro amendoada, Unhas de fibra de vidro bailarina, Unhas de fibra de vidro batom, Unhas de fibra de vidro coffin, Unhas de fibra de vidro oval, Unhas de fibra de vidro quadrada, Unhas de fibra de vidro redonda, Unhas de fibra de vidro squoval, Unhas de fibra de vidro stiletto, Unhas de fibra de vidro ombr\\u00e9: curta e longa, Unhas de fibra de vidro glitter, Unhas de fibra de vidro: preta, vermelha e azul.\"\n        }\n    }\n}<\/script>\n\n\n\n<h2 class=\"wp-block-heading\"><span class=\"ez-toc-section\" id=\"Quais_sao_as_tendencias_de_unhas_de_fibra_de_vidro\"><\/span>\u00bfCu\u00e1les son las tendencias de las u\u00f1as de fibra de vidrio?<span class=\"ez-toc-section-end\"><\/span><\/h2>\n\n\n\n<p>Las u\u00f1as de fibra de vidrio que est\u00e1n de moda este a\u00f1o son:<\/p>\n\n\n\n<ul class=\"wp-block-list\">\n<li>u\u00f1as de fibra de vidrio de almendra<\/li>\n\n\n\n<li>u\u00f1as de fibra de vidrio de bailarina<\/li>\n\n\n\n<li>u\u00f1as de l\u00e1piz labial de fibra de vidrio<\/li>\n\n\n\n<li>clavos de fibra de vidrio de ata\u00fad<\/li>\n\n\n\n<li>clavos ovalados de fibra de vidrio<\/li>\n\n\n\n<li>clavos cuadrados de fibra de vidrio<\/li>\n\n\n\n<li>clavos redondos de fibra de vidrio<\/li>\n\n\n\n<li>clavos de fibra de vidrio squoval<\/li>\n\n\n\n<li>Clavos de fibra de vidrio de estilete<\/li>\n\n\n\n<li>U\u00f1as fibra de vidrio ombr\u00e9: cortas y largas<\/li>\n\n\n\n<li>u\u00f1as de brillo de fibra de vidrio<\/li>\n\n\n\n<li>Clavos de fibra de vidrio: negro, rojo y azul<\/li>\n<\/ul>\n\n\n\n<h2 class=\"wp-block-heading\"><span class=\"ez-toc-section\" id=\"Unha_de_fibra_de_vidro_amendoada\"><\/span>clavo de fibra de vidrio de almendra<span class=\"ez-toc-section-end\"><\/span><\/h2>\n\n\n\n<p>Con la forma de almendra, la u\u00f1a se lima primero por los lados. Al final de la u\u00f1a, la lima puede quedar un poco m\u00e1s redondeada.<\/p>\n\n\n\n<figure class=\"wp-block-image size-full\"><img loading=\"lazy\" decoding=\"async\" width=\"760\" height=\"555\" src=\"https:\/\/danidrops.com.br\/wp-content\/uploads\/2022\/06\/04-Unhas-decoradas-de-fibra-de-vidro-amendoada.jpg\" alt=\"U\u00f1as almendradas decoradas con fibra de vidrio\" class=\"wp-image-30059\" title=\"\" srcset=\"https:\/\/danidrops.com.br\/wp-content\/uploads\/2022\/06\/04-Unhas-decoradas-de-fibra-de-vidro-amendoada.jpg 760w, https:\/\/danidrops.com.br\/wp-content\/uploads\/2022\/06\/04-Unhas-decoradas-de-fibra-de-vidro-amendoada-300x219.jpg 300w, https:\/\/danidrops.com.br\/wp-content\/uploads\/2022\/06\/04-Unhas-decoradas-de-fibra-de-vidro-amendoada-150x110.jpg 150w\" sizes=\"auto, (max-width: 760px) 100vw, 760px\" \/><figcaption class=\"wp-element-caption\">U\u00f1as almendradas decoradas con fibra de vidrio<\/figcaption><\/figure>\n\n\n\n<p>Si tienes u\u00f1as saludables que no se rompen f\u00e1cilmente, definitivamente deber\u00edas probar la forma de almendra. Esto hace que los dedos se vean muy largos, pero puede ser voluminoso en dedos cortos y anchos.<\/p>\n\n\n\n<figure class=\"wp-block-image size-full\"><img loading=\"lazy\" decoding=\"async\" width=\"760\" height=\"555\" src=\"https:\/\/danidrops.com.br\/wp-content\/uploads\/2022\/06\/03-Unhas-decoradas-de-fibra-de-vidro-amendoada.jpg\" alt=\"U\u00f1as almendradas decoradas con fibra de vidrio\" class=\"wp-image-30058\" title=\"\" srcset=\"https:\/\/danidrops.com.br\/wp-content\/uploads\/2022\/06\/03-Unhas-decoradas-de-fibra-de-vidro-amendoada.jpg 760w, https:\/\/danidrops.com.br\/wp-content\/uploads\/2022\/06\/03-Unhas-decoradas-de-fibra-de-vidro-amendoada-300x219.jpg 300w, https:\/\/danidrops.com.br\/wp-content\/uploads\/2022\/06\/03-Unhas-decoradas-de-fibra-de-vidro-amendoada-150x110.jpg 150w\" sizes=\"auto, (max-width: 760px) 100vw, 760px\" \/><figcaption class=\"wp-element-caption\">U\u00f1as almendradas decoradas con fibra de vidrio<\/figcaption><\/figure>\n\n\n\n<h2 class=\"wp-block-heading\"><span class=\"ez-toc-section\" id=\"Unha_de_fibra_de_vidro_bailarina\"><\/span>clavo de fibra de vidrio de bailarina<span class=\"ez-toc-section-end\"><\/span><\/h2>\n\n\n\n<p>\u00bfTe encantan las tendencias? \u00a1Entonces esta forma de u\u00f1a es para ti! Similar a las u\u00f1as de estilete, tiene una forma muy puntiaguda. Sin embargo, el extremo angosto se lima directamente al final.<\/p>\n\n\n\n<figure class=\"wp-block-image size-full\"><img loading=\"lazy\" decoding=\"async\" width=\"760\" height=\"555\" src=\"https:\/\/danidrops.com.br\/wp-content\/uploads\/2022\/06\/06-Unhas-decoradas-de-fibra-de-vidro-bailarina.jpg\" alt=\"U\u00f1as decoradas con fibra de vidrio de bailarina\" class=\"wp-image-30061\" title=\"\" srcset=\"https:\/\/danidrops.com.br\/wp-content\/uploads\/2022\/06\/06-Unhas-decoradas-de-fibra-de-vidro-bailarina.jpg 760w, https:\/\/danidrops.com.br\/wp-content\/uploads\/2022\/06\/06-Unhas-decoradas-de-fibra-de-vidro-bailarina-300x219.jpg 300w, https:\/\/danidrops.com.br\/wp-content\/uploads\/2022\/06\/06-Unhas-decoradas-de-fibra-de-vidro-bailarina-150x110.jpg 150w\" sizes=\"auto, (max-width: 760px) 100vw, 760px\" \/><figcaption class=\"wp-element-caption\">U\u00f1as decoradas con fibra de vidrio de bailarina<\/figcaption><\/figure>\n\n\n\n<p>Los dedos peque\u00f1os y angostos se benefician de esta forma de u\u00f1a, mientras que los dedos anchos se ven a\u00fan m\u00e1s anchos. Forma de u\u00f1a que se adapta bien a las u\u00f1as largas, por lo que si las tuyas no lo son, una buena opci\u00f3n ser\u00eda la <strong>clavo de fibra de vidrio<\/strong>.<\/p>\n\n\n\n<figure class=\"wp-block-image size-full\"><img loading=\"lazy\" decoding=\"async\" width=\"760\" height=\"555\" src=\"https:\/\/danidrops.com.br\/wp-content\/uploads\/2022\/06\/05-Unhas-decoradas-de-fibra-de-vidro-bailarina.jpg\" alt=\"U\u00f1as decoradas con fibra de vidrio de bailarina\" class=\"wp-image-30060\" title=\"\" srcset=\"https:\/\/danidrops.com.br\/wp-content\/uploads\/2022\/06\/05-Unhas-decoradas-de-fibra-de-vidro-bailarina.jpg 760w, https:\/\/danidrops.com.br\/wp-content\/uploads\/2022\/06\/05-Unhas-decoradas-de-fibra-de-vidro-bailarina-300x219.jpg 300w, https:\/\/danidrops.com.br\/wp-content\/uploads\/2022\/06\/05-Unhas-decoradas-de-fibra-de-vidro-bailarina-150x110.jpg 150w\" sizes=\"auto, (max-width: 760px) 100vw, 760px\" \/><figcaption class=\"wp-element-caption\">U\u00f1as decoradas con fibra de vidrio de bailarina<\/figcaption><\/figure>\n\n\n\n<h2 class=\"wp-block-heading\"><span class=\"ez-toc-section\" id=\"Unha_de_fibra_de_vidro_batom\"><\/span>barra de labios de fibra de vidrio<span class=\"ez-toc-section-end\"><\/span><\/h2>\n\n\n\n<p>Este estilo de u\u00f1as es relativamente nuevo en el mundo de la moda. La forma de la punta de las u\u00f1as es diagonal, recuerda mucho a la forma de un labial que nunca se ha usado. A pesar de ser nuevo, ya est\u00e1 en manos de celebridades y es absurdamente hermoso cuando est\u00e1 decorado.<\/p>\n\n\n\n<figure class=\"wp-block-image size-full\"><img loading=\"lazy\" decoding=\"async\" width=\"760\" height=\"555\" src=\"https:\/\/danidrops.com.br\/wp-content\/uploads\/2022\/06\/08-Unhas-decoradas-de-fibra-de-vidro-batom.jpg\" alt=\"Labial de fibra de vidrio para u\u00f1as decoradas\" class=\"wp-image-30063\" title=\"\" srcset=\"https:\/\/danidrops.com.br\/wp-content\/uploads\/2022\/06\/08-Unhas-decoradas-de-fibra-de-vidro-batom.jpg 760w, https:\/\/danidrops.com.br\/wp-content\/uploads\/2022\/06\/08-Unhas-decoradas-de-fibra-de-vidro-batom-300x219.jpg 300w, https:\/\/danidrops.com.br\/wp-content\/uploads\/2022\/06\/08-Unhas-decoradas-de-fibra-de-vidro-batom-150x110.jpg 150w\" sizes=\"auto, (max-width: 760px) 100vw, 760px\" \/><figcaption class=\"wp-element-caption\">Labial de fibra de vidrio para u\u00f1as decoradas<\/figcaption><\/figure>\n\n\n\n<figure class=\"wp-block-image size-full\"><img loading=\"lazy\" decoding=\"async\" width=\"760\" height=\"555\" src=\"https:\/\/danidrops.com.br\/wp-content\/uploads\/2022\/06\/07-Unhas-decoradas-de-fibra-de-vidro-batom.jpg\" alt=\"Labial de fibra de vidrio para u\u00f1as decoradas\" class=\"wp-image-30062\" title=\"\" srcset=\"https:\/\/danidrops.com.br\/wp-content\/uploads\/2022\/06\/07-Unhas-decoradas-de-fibra-de-vidro-batom.jpg 760w, https:\/\/danidrops.com.br\/wp-content\/uploads\/2022\/06\/07-Unhas-decoradas-de-fibra-de-vidro-batom-300x219.jpg 300w, https:\/\/danidrops.com.br\/wp-content\/uploads\/2022\/06\/07-Unhas-decoradas-de-fibra-de-vidro-batom-150x110.jpg 150w\" sizes=\"auto, (max-width: 760px) 100vw, 760px\" \/><figcaption class=\"wp-element-caption\">Labial de fibra de vidrio para u\u00f1as decoradas<\/figcaption><\/figure>\n\n\n\n<h2 class=\"wp-block-heading\"><span class=\"ez-toc-section\" id=\"Unha_de_fibra_de_vidro_coffin\"><\/span>clavo de fibra de vidrio de ata\u00fad<span class=\"ez-toc-section-end\"><\/span><\/h2>\n\n\n\n<p>Las u\u00f1as de ata\u00fad son la variante m\u00e1s suave de la u\u00f1a de bailarina. Puede limar esta forma de u\u00f1a rectangular directamente en los lados, la punta de la misma manera y luego afilar los lados un poco hacia el final de la u\u00f1a.<\/p>\n\n\n\n<figure class=\"wp-block-image size-full\"><img loading=\"lazy\" decoding=\"async\" width=\"760\" height=\"555\" src=\"https:\/\/danidrops.com.br\/wp-content\/uploads\/2022\/06\/10-Unhas-decoradas-de-fibra-de-vidro-coffin.jpg\" alt=\"U\u00f1as decoradas con ata\u00fad de fibra de vidrio\" class=\"wp-image-30065\" title=\"\" srcset=\"https:\/\/danidrops.com.br\/wp-content\/uploads\/2022\/06\/10-Unhas-decoradas-de-fibra-de-vidro-coffin.jpg 760w, https:\/\/danidrops.com.br\/wp-content\/uploads\/2022\/06\/10-Unhas-decoradas-de-fibra-de-vidro-coffin-300x219.jpg 300w, https:\/\/danidrops.com.br\/wp-content\/uploads\/2022\/06\/10-Unhas-decoradas-de-fibra-de-vidro-coffin-150x110.jpg 150w\" sizes=\"auto, (max-width: 760px) 100vw, 760px\" \/><figcaption class=\"wp-element-caption\">U\u00f1as decoradas con ata\u00fad de fibra de vidrio<\/figcaption><\/figure>\n\n\n\n<p>Para las que quieren seguir la tendencia de las bailarinas, pero no pueden dejar crecer las u\u00f1as durante mucho tiempo o quieren adaptar el look al d\u00eda a d\u00eda. Adem\u00e1s de las u\u00f1as de bailarina, este modelo en <strong>u\u00f1as decoradas con fibra de vidrio<\/strong> ser\u00e1 perfecto.<\/p>\n\n\n\n<figure class=\"wp-block-image size-full\"><img loading=\"lazy\" decoding=\"async\" width=\"760\" height=\"555\" src=\"https:\/\/danidrops.com.br\/wp-content\/uploads\/2022\/06\/09-Unhas-decoradas-de-fibra-de-vidro-coffin.jpg\" alt=\"U\u00f1as decoradas con ata\u00fad de fibra de vidrio\" class=\"wp-image-30064\" title=\"\" srcset=\"https:\/\/danidrops.com.br\/wp-content\/uploads\/2022\/06\/09-Unhas-decoradas-de-fibra-de-vidro-coffin.jpg 760w, https:\/\/danidrops.com.br\/wp-content\/uploads\/2022\/06\/09-Unhas-decoradas-de-fibra-de-vidro-coffin-300x219.jpg 300w, https:\/\/danidrops.com.br\/wp-content\/uploads\/2022\/06\/09-Unhas-decoradas-de-fibra-de-vidro-coffin-150x110.jpg 150w\" sizes=\"auto, (max-width: 760px) 100vw, 760px\" \/><figcaption class=\"wp-element-caption\">U\u00f1as decoradas con ata\u00fad de fibra de vidrio<\/figcaption><\/figure>\n\n\n\n<h2 class=\"wp-block-heading\"><span class=\"ez-toc-section\" id=\"Unha_de_fibra_de_vidro_oval\"><\/span>clavo ovalado de fibra de vidrio<span class=\"ez-toc-section-end\"><\/span><\/h2>\n\n\n\n<p>La forma redonda de las u\u00f1as se hace mucho m\u00e1s elegante con una lima ligeramente m\u00e1s estrecha para un aspecto ovalado. Mientras se liman los lados, la punta de las u\u00f1as debe estar ligeramente redondeada.<\/p>\n\n\n\n<figure class=\"wp-block-image size-full\"><img loading=\"lazy\" decoding=\"async\" width=\"760\" height=\"555\" src=\"https:\/\/danidrops.com.br\/wp-content\/uploads\/2022\/06\/11-Unhas-decoradas-de-fibra-de-vidro-oval.jpg\" alt=\"Clavos ovalados decorados con fibra de vidrio\" class=\"wp-image-30066\" title=\"\" srcset=\"https:\/\/danidrops.com.br\/wp-content\/uploads\/2022\/06\/11-Unhas-decoradas-de-fibra-de-vidro-oval.jpg 760w, https:\/\/danidrops.com.br\/wp-content\/uploads\/2022\/06\/11-Unhas-decoradas-de-fibra-de-vidro-oval-300x219.jpg 300w, https:\/\/danidrops.com.br\/wp-content\/uploads\/2022\/06\/11-Unhas-decoradas-de-fibra-de-vidro-oval-150x110.jpg 150w\" sizes=\"auto, (max-width: 760px) 100vw, 760px\" \/><figcaption class=\"wp-element-caption\">Clavos ovalados decorados con fibra de vidrio<\/figcaption><\/figure>\n\n\n\n<p>Cuando el usuario quiere crear un look elegante con las u\u00f1as y estirar visualmente los dedos.<\/p>\n\n\n\n<figure class=\"wp-block-image size-full\"><img loading=\"lazy\" decoding=\"async\" width=\"760\" height=\"555\" src=\"https:\/\/danidrops.com.br\/wp-content\/uploads\/2022\/06\/12-Unhas-decoradas-de-fibra-de-vidro-oval.jpg\" alt=\"Clavos ovalados decorados con fibra de vidrio\" class=\"wp-image-30041\" title=\"\" srcset=\"https:\/\/danidrops.com.br\/wp-content\/uploads\/2022\/06\/12-Unhas-decoradas-de-fibra-de-vidro-oval.jpg 760w, https:\/\/danidrops.com.br\/wp-content\/uploads\/2022\/06\/12-Unhas-decoradas-de-fibra-de-vidro-oval-300x219.jpg 300w, https:\/\/danidrops.com.br\/wp-content\/uploads\/2022\/06\/12-Unhas-decoradas-de-fibra-de-vidro-oval-150x110.jpg 150w\" sizes=\"auto, (max-width: 760px) 100vw, 760px\" \/><figcaption class=\"wp-element-caption\">Clavos ovalados decorados con fibra de vidrio<\/figcaption><\/figure>\n\n\n\n<h2 class=\"wp-block-heading\"><span class=\"ez-toc-section\" id=\"Unha_de_fibra_de_vidro_quadrada\"><\/span>clavo cuadrado de fibra de vidrio<span class=\"ez-toc-section-end\"><\/span><\/h2>\n\n\n\n<p>La u\u00f1a cuadrada es una de las formas de u\u00f1as m\u00e1s populares. Los extremos y los lados de las u\u00f1as se liman completamente rectos. Los amantes de las pr\u00f3tesis de u\u00f1as eligen colocar el <strong>clavo de fibra de vidrio<\/strong> para que la decoraci\u00f3n luzca genial.<\/p>\n\n\n\n<figure class=\"wp-block-image size-full\"><img loading=\"lazy\" decoding=\"async\" width=\"760\" height=\"555\" src=\"https:\/\/danidrops.com.br\/wp-content\/uploads\/2022\/06\/14-Unhas-decoradas-de-fibra-de-vidro-quadrada.jpg\" alt=\"Clavos de fibra de vidrio cuadrados decorados\" class=\"wp-image-30043\" title=\"\" srcset=\"https:\/\/danidrops.com.br\/wp-content\/uploads\/2022\/06\/14-Unhas-decoradas-de-fibra-de-vidro-quadrada.jpg 760w, https:\/\/danidrops.com.br\/wp-content\/uploads\/2022\/06\/14-Unhas-decoradas-de-fibra-de-vidro-quadrada-300x219.jpg 300w, https:\/\/danidrops.com.br\/wp-content\/uploads\/2022\/06\/14-Unhas-decoradas-de-fibra-de-vidro-quadrada-150x110.jpg 150w\" sizes=\"auto, (max-width: 760px) 100vw, 760px\" \/><figcaption class=\"wp-element-caption\">Clavos de fibra de vidrio cuadrados decorados<\/figcaption><\/figure>\n\n\n\n<p>Las u\u00f1as cuadradas son adecuadas para todas las formas de u\u00f1as, pero son m\u00e1s adecuadas para dedos anchos y cortos, ya que el lecho ungueal se puede equilibrar \u00f3pticamente. Particularmente hermoso en combinaci\u00f3n con las u\u00f1as francesas.<\/p>\n\n\n\n<figure class=\"wp-block-image size-full\"><img loading=\"lazy\" decoding=\"async\" width=\"760\" height=\"555\" src=\"https:\/\/danidrops.com.br\/wp-content\/uploads\/2022\/06\/13-Unhas-decoradas-de-fibra-de-vidro-quadrada.jpg\" alt=\"Clavos de fibra de vidrio cuadrados decorados\" class=\"wp-image-30042\" title=\"\" srcset=\"https:\/\/danidrops.com.br\/wp-content\/uploads\/2022\/06\/13-Unhas-decoradas-de-fibra-de-vidro-quadrada.jpg 760w, https:\/\/danidrops.com.br\/wp-content\/uploads\/2022\/06\/13-Unhas-decoradas-de-fibra-de-vidro-quadrada-300x219.jpg 300w, https:\/\/danidrops.com.br\/wp-content\/uploads\/2022\/06\/13-Unhas-decoradas-de-fibra-de-vidro-quadrada-150x110.jpg 150w\" sizes=\"auto, (max-width: 760px) 100vw, 760px\" \/><figcaption class=\"wp-element-caption\">Clavos de fibra de vidrio cuadrados decorados<\/figcaption><\/figure>\n\n\n\n<h2 class=\"wp-block-heading\"><span class=\"ez-toc-section\" id=\"Unha_de_fibra_de_vidro_redonda\"><\/span>clavo redondo de fibra de vidrio<span class=\"ez-toc-section-end\"><\/span><\/h2>\n\n\n\n<p>Si sigues el lecho ungueal y las limas de forma natural, siempre obtendr\u00e1s una forma redondeada. Las u\u00f1as naturales se usan muy cortas, pero tambi\u00e9n se pueden construir para u\u00f1as redondas con una forma un poco m\u00e1s larga.<\/p>\n\n\n\n<figure class=\"wp-block-image size-full\"><img loading=\"lazy\" decoding=\"async\" width=\"760\" height=\"555\" src=\"https:\/\/danidrops.com.br\/wp-content\/uploads\/2022\/06\/16-Unhas-decoradas-de-fibra-de-vidro-redonda.jpg\" alt=\"Clavos redondos decorados con fibra de vidrio\" class=\"wp-image-30045\" title=\"\" srcset=\"https:\/\/danidrops.com.br\/wp-content\/uploads\/2022\/06\/16-Unhas-decoradas-de-fibra-de-vidro-redonda.jpg 760w, https:\/\/danidrops.com.br\/wp-content\/uploads\/2022\/06\/16-Unhas-decoradas-de-fibra-de-vidro-redonda-300x219.jpg 300w, https:\/\/danidrops.com.br\/wp-content\/uploads\/2022\/06\/16-Unhas-decoradas-de-fibra-de-vidro-redonda-150x110.jpg 150w\" sizes=\"auto, (max-width: 760px) 100vw, 760px\" \/><figcaption class=\"wp-element-caption\">Clavos redondos decorados con fibra de vidrio<\/figcaption><\/figure>\n\n\n\n<p>Si te gustan los estilos de u\u00f1as discretos y naturales, esta forma de u\u00f1as es perfecta para ti. Tambi\u00e9n es especialmente adecuado para u\u00f1as quebradizas, ya que el da\u00f1o se puede acortar directamente.<\/p>\n\n\n\n<figure class=\"wp-block-image size-full\"><img loading=\"lazy\" decoding=\"async\" width=\"760\" height=\"555\" src=\"https:\/\/danidrops.com.br\/wp-content\/uploads\/2022\/06\/15-Unhas-decoradas-de-fibra-de-vidro-redonda.jpg\" alt=\"Clavos redondos decorados con fibra de vidrio\" class=\"wp-image-30044\" title=\"\" srcset=\"https:\/\/danidrops.com.br\/wp-content\/uploads\/2022\/06\/15-Unhas-decoradas-de-fibra-de-vidro-redonda.jpg 760w, https:\/\/danidrops.com.br\/wp-content\/uploads\/2022\/06\/15-Unhas-decoradas-de-fibra-de-vidro-redonda-300x219.jpg 300w, https:\/\/danidrops.com.br\/wp-content\/uploads\/2022\/06\/15-Unhas-decoradas-de-fibra-de-vidro-redonda-150x110.jpg 150w\" sizes=\"auto, (max-width: 760px) 100vw, 760px\" \/><figcaption class=\"wp-element-caption\">Clavos redondos decorados con fibra de vidrio<\/figcaption><\/figure>\n\n\n\n<p>Si sus u\u00f1as son del tipo quebradizo, el <strong>clavos de fibra de vidrio<\/strong> pueden ser grandes aliados incluso para este discreto formato de u\u00f1a ya que el material hace que la u\u00f1a natural sea m\u00e1s resistente.<\/p>\n\n\n\n<h2 class=\"wp-block-heading\"><span class=\"ez-toc-section\" id=\"Unha_de_fibra_de_vidro_squoval\"><\/span>clavo de fibra de vidrio squoval<span class=\"ez-toc-section-end\"><\/span><\/h2>\n\n\n\n<p>Las u\u00f1as Squoval son la soluci\u00f3n perfecta para quienes prefieren una mezcla de los dos formatos. Para hacer esto, primero lima la u\u00f1a directamente en los lados y la punta. Finalmente, redondea suavemente las esquinas.<\/p>\n\n\n\n<figure class=\"wp-block-image size-full\"><img loading=\"lazy\" decoding=\"async\" width=\"760\" height=\"555\" src=\"https:\/\/danidrops.com.br\/wp-content\/uploads\/2022\/06\/18-Unhas-decoradas-de-fibra-de-vidro-squoval.jpg\" alt=\"u\u00f1as decoradas con fibra de vidrio squoval\" class=\"wp-image-30047\" title=\"\" srcset=\"https:\/\/danidrops.com.br\/wp-content\/uploads\/2022\/06\/18-Unhas-decoradas-de-fibra-de-vidro-squoval.jpg 760w, https:\/\/danidrops.com.br\/wp-content\/uploads\/2022\/06\/18-Unhas-decoradas-de-fibra-de-vidro-squoval-300x219.jpg 300w, https:\/\/danidrops.com.br\/wp-content\/uploads\/2022\/06\/18-Unhas-decoradas-de-fibra-de-vidro-squoval-150x110.jpg 150w\" sizes=\"auto, (max-width: 760px) 100vw, 760px\" \/><figcaption class=\"wp-element-caption\">u\u00f1as decoradas con fibra de vidrio squoval<\/figcaption><\/figure>\n\n\n\n<p>Para aquellos con un lecho ungueal largo y angosto, esta forma hace que las u\u00f1as parezcan m\u00e1s anchas.<\/p>\n\n\n\n<figure class=\"wp-block-image size-full\"><img loading=\"lazy\" decoding=\"async\" width=\"760\" height=\"555\" src=\"https:\/\/danidrops.com.br\/wp-content\/uploads\/2022\/06\/17-Unhas-decoradas-de-fibra-de-vidro-squoval.jpg\" alt=\"u\u00f1as decoradas con fibra de vidrio squoval\" class=\"wp-image-30046\" title=\"\" srcset=\"https:\/\/danidrops.com.br\/wp-content\/uploads\/2022\/06\/17-Unhas-decoradas-de-fibra-de-vidro-squoval.jpg 760w, https:\/\/danidrops.com.br\/wp-content\/uploads\/2022\/06\/17-Unhas-decoradas-de-fibra-de-vidro-squoval-300x219.jpg 300w, https:\/\/danidrops.com.br\/wp-content\/uploads\/2022\/06\/17-Unhas-decoradas-de-fibra-de-vidro-squoval-150x110.jpg 150w\" sizes=\"auto, (max-width: 760px) 100vw, 760px\" \/><figcaption class=\"wp-element-caption\">u\u00f1as decoradas con fibra de vidrio squoval<\/figcaption><\/figure>\n\n\n\n<h2 class=\"wp-block-heading\"><span class=\"ez-toc-section\" id=\"Unha_de_fibra_de_vidro_stiletto\"><\/span>Clavo de fibra de vidrio de estilete<span class=\"ez-toc-section-end\"><\/span><\/h2>\n\n\n\n<p>Estas u\u00f1as actualmente son un \u00e9xito en Instagram, debes pesarlas a diario ya que est\u00e1n limadas muy marcadas desde la mitad de la u\u00f1a. Especialmente para aquellos que tienen dedos peque\u00f1os y anchos, ya que se vuelven m\u00e1s delgados y parecen m\u00e1s largos.<\/p>\n\n\n\n<figure class=\"wp-block-image size-full\"><img loading=\"lazy\" decoding=\"async\" width=\"760\" height=\"555\" src=\"https:\/\/danidrops.com.br\/wp-content\/uploads\/2022\/06\/20-Unhas-decoradas-de-fibra-de-vidro-stiletto.jpg\" alt=\"Clavos de estilete de fibra de vidrio\" class=\"wp-image-30049\" title=\"\" srcset=\"https:\/\/danidrops.com.br\/wp-content\/uploads\/2022\/06\/20-Unhas-decoradas-de-fibra-de-vidro-stiletto.jpg 760w, https:\/\/danidrops.com.br\/wp-content\/uploads\/2022\/06\/20-Unhas-decoradas-de-fibra-de-vidro-stiletto-300x219.jpg 300w, https:\/\/danidrops.com.br\/wp-content\/uploads\/2022\/06\/20-Unhas-decoradas-de-fibra-de-vidro-stiletto-150x110.jpg 150w\" sizes=\"auto, (max-width: 760px) 100vw, 760px\" \/><figcaption class=\"wp-element-caption\">Clavos de estilete de fibra de vidrio<\/figcaption><\/figure>\n\n\n\n<p>Tambi\u00e9n en este caso, las u\u00f1as sanas sin riesgo de rotura son un requisito previo, ya que las u\u00f1as son m\u00e1s estrechas y vulnerables en la parte delantera. Vale la pena recordar que el <strong>clavos de fibra de vidrio<\/strong> son una gran opci\u00f3n si tus u\u00f1as no tienen el largo o la apariencia para hacer esta forma.<\/p>\n\n\n\n<figure class=\"wp-block-image size-full\"><img loading=\"lazy\" decoding=\"async\" width=\"760\" height=\"555\" src=\"https:\/\/danidrops.com.br\/wp-content\/uploads\/2022\/06\/19-Unhas-decoradas-de-fibra-de-vidro-stiletto.jpg\" alt=\"Clavos de estilete de fibra de vidrio\" class=\"wp-image-30048\" title=\"\" srcset=\"https:\/\/danidrops.com.br\/wp-content\/uploads\/2022\/06\/19-Unhas-decoradas-de-fibra-de-vidro-stiletto.jpg 760w, https:\/\/danidrops.com.br\/wp-content\/uploads\/2022\/06\/19-Unhas-decoradas-de-fibra-de-vidro-stiletto-300x219.jpg 300w, https:\/\/danidrops.com.br\/wp-content\/uploads\/2022\/06\/19-Unhas-decoradas-de-fibra-de-vidro-stiletto-150x110.jpg 150w\" sizes=\"auto, (max-width: 760px) 100vw, 760px\" \/><figcaption class=\"wp-element-caption\">Clavos de estilete de fibra de vidrio<\/figcaption><\/figure>\n\n\n\n<h2 class=\"wp-block-heading\"><span class=\"ez-toc-section\" id=\"Unha_de_fibra_de_vidro_ombre_curta_e_longa\"><\/span>U\u00f1as fibra de vidrio ombr\u00e9: cortas y largas<span class=\"ez-toc-section-end\"><\/span><\/h2>\n\n\n\n<p>A <strong>clavos de fibra de vidrio<\/strong> se puede lijar y cortar en cualquier forma. Puedes hacer el el\u00e1stico en el tama\u00f1o que quieras, como peque\u00f1o, mediano o grande.<\/p>\n\n\n\n<figure class=\"wp-block-image size-full\"><img loading=\"lazy\" decoding=\"async\" width=\"760\" height=\"555\" src=\"https:\/\/danidrops.com.br\/wp-content\/uploads\/2022\/06\/22-Unhas-decoradas-de-fibra-de-vidro-ombre_-curta-e-longa.jpg\" alt=\"U\u00f1as con brillantina de fibra de vidrio\" class=\"wp-image-30051\" title=\"\" srcset=\"https:\/\/danidrops.com.br\/wp-content\/uploads\/2022\/06\/22-Unhas-decoradas-de-fibra-de-vidro-ombre_-curta-e-longa.jpg 760w, https:\/\/danidrops.com.br\/wp-content\/uploads\/2022\/06\/22-Unhas-decoradas-de-fibra-de-vidro-ombre_-curta-e-longa-300x219.jpg 300w, https:\/\/danidrops.com.br\/wp-content\/uploads\/2022\/06\/22-Unhas-decoradas-de-fibra-de-vidro-ombre_-curta-e-longa-150x110.jpg 150w\" sizes=\"auto, (max-width: 760px) 100vw, 760px\" \/><figcaption class=\"wp-element-caption\">U\u00f1as decoradas con fibra de vidrio Ombr\u00e9: cortas y largas<\/figcaption><\/figure>\n\n\n\n<p>Las u\u00f1as estilo ombr\u00e9 son aquellas pintadas en degradado que quedan muy bien tanto en u\u00f1as cortas como largas. Descubre el que mejor se adapte a tu d\u00eda a d\u00eda, teniendo en cuenta tu rutina, ya que los largos requieren un mayor cuidado.<\/p>\n\n\n\n<figure class=\"wp-block-image size-full\"><img loading=\"lazy\" decoding=\"async\" width=\"760\" height=\"555\" src=\"https:\/\/danidrops.com.br\/wp-content\/uploads\/2022\/06\/21-Unhas-decoradas-de-fibra-de-vidro-ombre_-curta-e-longa.jpg\" alt=\"U\u00f1as decoradas con fibra de vidrio Ombr\u00e9: cortas y largas\" class=\"wp-image-30050\" title=\"\" srcset=\"https:\/\/danidrops.com.br\/wp-content\/uploads\/2022\/06\/21-Unhas-decoradas-de-fibra-de-vidro-ombre_-curta-e-longa.jpg 760w, https:\/\/danidrops.com.br\/wp-content\/uploads\/2022\/06\/21-Unhas-decoradas-de-fibra-de-vidro-ombre_-curta-e-longa-300x219.jpg 300w, https:\/\/danidrops.com.br\/wp-content\/uploads\/2022\/06\/21-Unhas-decoradas-de-fibra-de-vidro-ombre_-curta-e-longa-150x110.jpg 150w\" sizes=\"auto, (max-width: 760px) 100vw, 760px\" \/><figcaption class=\"wp-element-caption\">U\u00f1as decoradas con fibra de vidrio Ombr\u00e9: cortas y largas<\/figcaption><\/figure>\n\n\n\n<h2 class=\"wp-block-heading\"><span class=\"ez-toc-section\" id=\"Unha_de_fibra_de_vidro_glitter\"><\/span>u\u00f1as de brillo de fibra de vidrio<span class=\"ez-toc-section-end\"><\/span><\/h2>\n\n\n\n<p>Otra gran ventaja de esta t\u00e9cnica es que, si quieres decorar <strong>clavos de fibra de vidrio<\/strong>, no hay problema, ya que esta t\u00e9cnica de estirado permite todo tipo de decoraci\u00f3n, incluso decoraciones con purpurina que quedan fant\u00e1sticas.<\/p>\n\n\n\n<figure class=\"wp-block-image size-full\"><img loading=\"lazy\" decoding=\"async\" width=\"760\" height=\"555\" src=\"https:\/\/danidrops.com.br\/wp-content\/uploads\/2022\/06\/24-Unhas-decoradas-de-fibra-de-vidro-glitter.jpg\" alt=\"U\u00f1as con brillantina de fibra de vidrio\" class=\"wp-image-30053\" title=\"\" srcset=\"https:\/\/danidrops.com.br\/wp-content\/uploads\/2022\/06\/24-Unhas-decoradas-de-fibra-de-vidro-glitter.jpg 760w, https:\/\/danidrops.com.br\/wp-content\/uploads\/2022\/06\/24-Unhas-decoradas-de-fibra-de-vidro-glitter-300x219.jpg 300w, https:\/\/danidrops.com.br\/wp-content\/uploads\/2022\/06\/24-Unhas-decoradas-de-fibra-de-vidro-glitter-150x110.jpg 150w\" sizes=\"auto, (max-width: 760px) 100vw, 760px\" \/><figcaption class=\"wp-element-caption\">U\u00f1as con brillantina de fibra de vidrio<\/figcaption><\/figure>\n\n\n\n<figure class=\"wp-block-image size-full\"><img loading=\"lazy\" decoding=\"async\" width=\"760\" height=\"555\" src=\"https:\/\/danidrops.com.br\/wp-content\/uploads\/2022\/06\/23-Unhas-decoradas-de-fibra-de-vidro-glitter.jpg\" alt=\"U\u00f1as con brillantina de fibra de vidrio\" class=\"wp-image-30052\" title=\"\" srcset=\"https:\/\/danidrops.com.br\/wp-content\/uploads\/2022\/06\/23-Unhas-decoradas-de-fibra-de-vidro-glitter.jpg 760w, https:\/\/danidrops.com.br\/wp-content\/uploads\/2022\/06\/23-Unhas-decoradas-de-fibra-de-vidro-glitter-300x219.jpg 300w, https:\/\/danidrops.com.br\/wp-content\/uploads\/2022\/06\/23-Unhas-decoradas-de-fibra-de-vidro-glitter-150x110.jpg 150w\" sizes=\"auto, (max-width: 760px) 100vw, 760px\" \/><figcaption class=\"wp-element-caption\">U\u00f1as con brillantina de fibra de vidrio<\/figcaption><\/figure>\n\n\n\n<h2 class=\"wp-block-heading\"><span class=\"ez-toc-section\" id=\"Unha_de_fibra_de_vidro_preta_vermelha_e_azul\"><\/span>Clavo de fibra de vidrio: negro, rojo y azul<span class=\"ez-toc-section-end\"><\/span><\/h2>\n\n\n\n<p>Hoy en d\u00eda existen los m\u00e1s variados colores y estilos de esmalte para pintar el <a href=\"https:\/\/danidrops.com.br\/es\/una-roja\/\" data-type=\"URL\" data-id=\"https:\/\/danidrops.com.br\/unha-vermelha\/\">u\u00f1as, el color rojo suele ser el m\u00e1s tradicional<\/a> entre ellos por ser exquisitos. <\/p>\n\n\n\n<p><a href=\"https:\/\/danidrops.com.br\/es\/tendencia-de-unas-azules-2024\/\" data-type=\"URL\" data-id=\"https:\/\/danidrops.com.br\/unha-decorada-azul\/\">La u\u00f1a Azul se ve hermosa y es uno de los colores de moda<\/a>, utilizados en tonos mate, brillante e incluso ne\u00f3n, est\u00e1n teniendo un gran \u00e9xito.<\/p>\n\n\n\n<figure class=\"wp-block-image size-full\"><img loading=\"lazy\" decoding=\"async\" width=\"760\" height=\"555\" src=\"https:\/\/danidrops.com.br\/wp-content\/uploads\/2022\/06\/26-Unhas-decoradas-de-fibra-de-vidro_-preta-vermelha-e-azul.jpg\" alt=\"U\u00f1as decoradas con fibra de vidrio: negro, rojo y azul\" class=\"wp-image-30055\" title=\"\" srcset=\"https:\/\/danidrops.com.br\/wp-content\/uploads\/2022\/06\/26-Unhas-decoradas-de-fibra-de-vidro_-preta-vermelha-e-azul.jpg 760w, https:\/\/danidrops.com.br\/wp-content\/uploads\/2022\/06\/26-Unhas-decoradas-de-fibra-de-vidro_-preta-vermelha-e-azul-300x219.jpg 300w, https:\/\/danidrops.com.br\/wp-content\/uploads\/2022\/06\/26-Unhas-decoradas-de-fibra-de-vidro_-preta-vermelha-e-azul-150x110.jpg 150w\" sizes=\"auto, (max-width: 760px) 100vw, 760px\" \/><figcaption class=\"wp-element-caption\">U\u00f1as decoradas con fibra de vidrio: negro, rojo y azul<\/figcaption><\/figure>\n\n\n\n<p>Entonces tenemos el <a href=\"https:\/\/danidrops.com.br\/es\/una-decorada-negra\/\" data-type=\"URL\" data-id=\"https:\/\/danidrops.com.br\/unha-decorada-preta\/\/\">u\u00f1as decoradas color negro<\/a>, usado principalmente por adolescentes, mujeres y hombres con estilo rockero y punk, pero sin pasar desapercibido para los dem\u00e1s, despu\u00e9s de todo, a todos les encanta un vestidito negro hasta en las u\u00f1as.<\/p>\n\n\n\n<figure class=\"wp-block-image size-full\"><img loading=\"lazy\" decoding=\"async\" width=\"760\" height=\"555\" src=\"https:\/\/danidrops.com.br\/wp-content\/uploads\/2022\/06\/25-Unhas-decoradas-de-fibra-de-vidro_-preta-vermelha-e-azul.jpg\" alt=\"U\u00f1as decoradas con fibra de vidrio: negro, rojo y azul\" class=\"wp-image-30054\" title=\"\" srcset=\"https:\/\/danidrops.com.br\/wp-content\/uploads\/2022\/06\/25-Unhas-decoradas-de-fibra-de-vidro_-preta-vermelha-e-azul.jpg 760w, https:\/\/danidrops.com.br\/wp-content\/uploads\/2022\/06\/25-Unhas-decoradas-de-fibra-de-vidro_-preta-vermelha-e-azul-300x219.jpg 300w, https:\/\/danidrops.com.br\/wp-content\/uploads\/2022\/06\/25-Unhas-decoradas-de-fibra-de-vidro_-preta-vermelha-e-azul-150x110.jpg 150w\" sizes=\"auto, (max-width: 760px) 100vw, 760px\" \/><figcaption class=\"wp-element-caption\">U\u00f1as decoradas con fibra de vidrio: negro, rojo y azul<\/figcaption><\/figure>\n\n\n\n<p>Simplemente fant\u00e1stico y sofisticado, el <strong>clavos de fibra de vidrio<\/strong> Necesita algo de delicadeza para su elaboraci\u00f3n, pero la t\u00e9cnica es muy sencilla y sobre todo muy econ\u00f3mica.<\/p>\n\n\n\n<p>Usando la imaginaci\u00f3n y los materiales adecuados, podr\u00e1s tener u\u00f1as impresionantes.<\/p>\n\n\n\n<h2 class=\"wp-block-heading\"><span class=\"ez-toc-section\" id=\"Veja_o_TOP20_Unhas_Decoradas_de_Fibra_de_Vidro\"><\/span>Ver los TOP20 Clavos de fibra de vidrio decorados<span class=\"ez-toc-section-end\"><\/span><\/h2>\n\n\n\n<script type=\"application\/ld+json\">{\n    \"@context\": \"https:\\\/\\\/schema.org\",\n    \"@type\": \"VideoObject\",\n    \"name\": \"TOP20 Unhas Decoradas de Fibra de Vidro\",\n    \"description\": \"TOP20 Unhas Decoradas de Fibra de Vidro\",\n    \"thumbnailUrl\": \"https:\\\/\\\/danidrops.com.br\\\/wp-content\\\/uploads\\\/2022\\\/06\\\/Unha-de-Fibra-de-Vidro.jpg\",\n    \"uploadDate\": \"2022-06-23\",\n    \"duration\": \"PT1M34S\",\n    \"publisher\": {\n        \"@type\": \"Organization\",\n        \"name\": \"DaniDrops\",\n        \"logo\": {\n            \"@type\": \"ImageObject\",\n            \"url\": \"https:\\\/\\\/danidrops.com.br\\\/wp-content\\\/uploads\\\/2021\\\/08\\\/danidrops.jpg\",\n            \"width\": 600,\n            \"height\": 60\n        }\n    },\n    \"contentUrl\": \"https:\\\/\\\/youtu.be\\\/77AJGulqmU0\",\n    \"embedUrl\": \"https:\\\/\\\/youtu.be\\\/77AJGulqmU0\",\n    \"potentialAction\": {\n        \"@type\": \"SeekToAction\",\n        \"target\": \"https:\\\/\\\/youtu.be\\\/77AJGulqmU0={seek_to_second_number}\",\n        \"startOffset-input\": \"required name=seek_to_second_number\"\n    }\n}<\/script>\n\n\n\n<figure class=\"wp-block-embed is-type-video is-provider-youtube wp-block-embed-youtube wp-embed-aspect-16-9 wp-has-aspect-ratio\"><div class=\"wp-block-embed__wrapper\">\n<iframe loading=\"lazy\" title=\"TOP20\" width=\"500\" height=\"281\" src=\"https:\/\/www.youtube.com\/embed\/77AJGulqmU0?feature=oembed\" frameborder=\"0\" allow=\"accelerometer; autoplay; clipboard-write; encrypted-media; gyroscope; picture-in-picture; web-share\" referrerpolicy=\"strict-origin-when-cross-origin\" allowfullscreen><\/iframe>\n<\/div><\/figure>\n<div id=\"ez-toc-container\" class=\"ez-toc-v2_0_76 counter-hierarchy ez-toc-counter ez-toc-grey ez-toc-container-direction\">\n<p class=\"ez-toc-title\" style=\"cursor:inherit\">Leer\u00e1s este art\u00edculo<\/p>\n<label for=\"ez-toc-cssicon-toggle-item-69f3ee51b8042\" class=\"ez-toc-cssicon-toggle-label\"><span class=\"ez-toc-cssicon\"><span class=\"eztoc-hide\" style=\"display:none;\">Palanca<\/span><span class=\"ez-toc-icon-toggle-span\"><svg style=\"fill: #999;color:#999\" xmlns=\"http:\/\/www.w3.org\/2000\/svg\" class=\"list-377408\" width=\"20px\" height=\"20px\" viewbox=\"0 0 24 24\" fill=\"none\"><path d=\"M6 6H4v2h2V6zm14 0H8v2h12V6zM4 11h2v2H4v-2zm16 0H8v2h12v-2zM4 16h2v2H4v-2zm16 0H8v2h12v-2z\" fill=\"currentColor\"><\/path><\/svg><svg style=\"fill: #999;color:#999\" class=\"arrow-unsorted-368013\" xmlns=\"http:\/\/www.w3.org\/2000\/svg\" width=\"10px\" height=\"10px\" viewbox=\"0 0 24 24\" version=\"1.2\" baseprofile=\"tiny\"><path d=\"M18.2 9.3l-6.2-6.3-6.2 6.3c-.2.2-.3.4-.3.7s.1.5.3.7c.2.2.4.3.7.3h11c.3 0 .5-.1.7-.3.2-.2.3-.5.3-.7s-.1-.5-.3-.7zM5.8 14.7l6.2 6.3 6.2-6.3c.2-.2.3-.5.3-.7s-.1-.5-.3-.7c-.2-.2-.4-.3-.7-.3h-11c-.3 0-.5.1-.7.3-.2.2-.3.5-.3.7s.1.5.3.7z\"\/><\/svg><\/span><\/span><\/label><input type=\"checkbox\"  id=\"ez-toc-cssicon-toggle-item-69f3ee51b8042\"  aria-label=\"Palanca\" \/><nav><ul class='ez-toc-list ez-toc-list-level-1' ><li class='ez-toc-page-1 ez-toc-heading-level-2'><a class=\"ez-toc-link ez-toc-heading-1\" href=\"https:\/\/danidrops.com.br\/es\/clavo-de-fibra-de-vidrio\/#Quais_sao_as_tendencias_de_unhas_de_fibra_de_vidro\" >\u00bfCu\u00e1les son las tendencias de las u\u00f1as de fibra de vidrio?<\/a><\/li><li class='ez-toc-page-1 ez-toc-heading-level-2'><a class=\"ez-toc-link ez-toc-heading-2\" href=\"https:\/\/danidrops.com.br\/es\/clavo-de-fibra-de-vidrio\/#Unha_de_fibra_de_vidro_amendoada\" >clavo de fibra de vidrio de almendra<\/a><\/li><li class='ez-toc-page-1 ez-toc-heading-level-2'><a class=\"ez-toc-link ez-toc-heading-3\" href=\"https:\/\/danidrops.com.br\/es\/clavo-de-fibra-de-vidrio\/#Unha_de_fibra_de_vidro_bailarina\" >clavo de fibra de vidrio de bailarina<\/a><\/li><li class='ez-toc-page-1 ez-toc-heading-level-2'><a class=\"ez-toc-link ez-toc-heading-4\" href=\"https:\/\/danidrops.com.br\/es\/clavo-de-fibra-de-vidrio\/#Unha_de_fibra_de_vidro_batom\" >barra de labios de fibra de vidrio<\/a><\/li><li class='ez-toc-page-1 ez-toc-heading-level-2'><a class=\"ez-toc-link ez-toc-heading-5\" href=\"https:\/\/danidrops.com.br\/es\/clavo-de-fibra-de-vidrio\/#Unha_de_fibra_de_vidro_coffin\" >clavo de fibra de vidrio de ata\u00fad<\/a><\/li><li class='ez-toc-page-1 ez-toc-heading-level-2'><a class=\"ez-toc-link ez-toc-heading-6\" href=\"https:\/\/danidrops.com.br\/es\/clavo-de-fibra-de-vidrio\/#Unha_de_fibra_de_vidro_oval\" >clavo ovalado de fibra de vidrio<\/a><\/li><li class='ez-toc-page-1 ez-toc-heading-level-2'><a class=\"ez-toc-link ez-toc-heading-7\" href=\"https:\/\/danidrops.com.br\/es\/clavo-de-fibra-de-vidrio\/#Unha_de_fibra_de_vidro_quadrada\" >clavo cuadrado de fibra de vidrio<\/a><\/li><li class='ez-toc-page-1 ez-toc-heading-level-2'><a class=\"ez-toc-link ez-toc-heading-8\" href=\"https:\/\/danidrops.com.br\/es\/clavo-de-fibra-de-vidrio\/#Unha_de_fibra_de_vidro_redonda\" >clavo redondo de fibra de vidrio<\/a><\/li><li class='ez-toc-page-1 ez-toc-heading-level-2'><a class=\"ez-toc-link ez-toc-heading-9\" href=\"https:\/\/danidrops.com.br\/es\/clavo-de-fibra-de-vidrio\/#Unha_de_fibra_de_vidro_squoval\" >clavo de fibra de vidrio squoval<\/a><\/li><li class='ez-toc-page-1 ez-toc-heading-level-2'><a class=\"ez-toc-link ez-toc-heading-10\" href=\"https:\/\/danidrops.com.br\/es\/clavo-de-fibra-de-vidrio\/#Unha_de_fibra_de_vidro_stiletto\" >Clavo de fibra de vidrio de estilete<\/a><\/li><li class='ez-toc-page-1 ez-toc-heading-level-2'><a class=\"ez-toc-link ez-toc-heading-11\" href=\"https:\/\/danidrops.com.br\/es\/clavo-de-fibra-de-vidrio\/#Unha_de_fibra_de_vidro_ombre_curta_e_longa\" >U\u00f1as fibra de vidrio ombr\u00e9: cortas y largas<\/a><\/li><li class='ez-toc-page-1 ez-toc-heading-level-2'><a class=\"ez-toc-link ez-toc-heading-12\" href=\"https:\/\/danidrops.com.br\/es\/clavo-de-fibra-de-vidrio\/#Unha_de_fibra_de_vidro_glitter\" >u\u00f1as de brillo de fibra de vidrio<\/a><\/li><li class='ez-toc-page-1 ez-toc-heading-level-2'><a class=\"ez-toc-link ez-toc-heading-13\" href=\"https:\/\/danidrops.com.br\/es\/clavo-de-fibra-de-vidrio\/#Unha_de_fibra_de_vidro_preta_vermelha_e_azul\" >Clavo de fibra de vidrio: negro, rojo y azul<\/a><\/li><li class='ez-toc-page-1 ez-toc-heading-level-2'><a class=\"ez-toc-link ez-toc-heading-14\" href=\"https:\/\/danidrops.com.br\/es\/clavo-de-fibra-de-vidrio\/#Veja_o_TOP20_Unhas_Decoradas_de_Fibra_de_Vidro\" >Ver los TOP20 Clavos de fibra de vidrio decorados<\/a><\/li><\/ul><\/nav><\/div>","protected":false},"excerpt":{"rendered":"<p>A unha de fibra de vidro se tornou uma febre entre as mulheres do mundo todo por serem f\u00e1ceis e pr\u00e1ticas de se fazer, al\u00e9m&hellip;<\/p>","protected":false},"author":1,"featured_media":30047,"comment_status":"open","ping_status":"open","sticky":false,"template":"","format":"standard","meta":{"footnotes":""},"categories":[456],"tags":[],"class_list":["post-29401","post","type-post","status-publish","format-standard","has-post-thumbnail","hentry","category-tendencia-de-unhas"],"_links":{"self":[{"href":"https:\/\/danidrops.com.br\/es\/wp-json\/wp\/v2\/posts\/29401","targetHints":{"allow":["GET"]}}],"collection":[{"href":"https:\/\/danidrops.com.br\/es\/wp-json\/wp\/v2\/posts"}],"about":[{"href":"https:\/\/danidrops.com.br\/es\/wp-json\/wp\/v2\/types\/post"}],"author":[{"embeddable":true,"href":"https:\/\/danidrops.com.br\/es\/wp-json\/wp\/v2\/users\/1"}],"replies":[{"embeddable":true,"href":"https:\/\/danidrops.com.br\/es\/wp-json\/wp\/v2\/comments?post=29401"}],"version-history":[{"count":0,"href":"https:\/\/danidrops.com.br\/es\/wp-json\/wp\/v2\/posts\/29401\/revisions"}],"wp:featuredmedia":[{"embeddable":true,"href":"https:\/\/danidrops.com.br\/es\/wp-json\/wp\/v2\/media\/30047"}],"wp:attachment":[{"href":"https:\/\/danidrops.com.br\/es\/wp-json\/wp\/v2\/media?parent=29401"}],"wp:term":[{"taxonomy":"category","embeddable":true,"href":"https:\/\/danidrops.com.br\/es\/wp-json\/wp\/v2\/categories?post=29401"},{"taxonomy":"post_tag","embeddable":true,"href":"https:\/\/danidrops.com.br\/es\/wp-json\/wp\/v2\/tags?post=29401"}],"curies":[{"name":"gracias","href":"https:\/\/api.w.org\/{rel}","templated":true}]}}