{"id":36376,"date":"2022-08-22T14:00:00","date_gmt":"2022-08-22T17:00:00","guid":{"rendered":"https:\/\/danidrops.com.br\/?p=36376"},"modified":"2024-03-01T09:45:24","modified_gmt":"2024-03-01T12:45:24","slug":"unas-decoradas-para-navidad-2022","status":"publish","type":"post","link":"https:\/\/danidrops.com.br\/es\/unas-decoradas-para-navidad-2022\/","title":{"rendered":"U\u00f1as Decoradas para Navidad 2022 \u2013 Mira m\u00e1s de 60 inspiraciones y modelos de u\u00f1as decoradas para Navidad 2022"},"content":{"rendered":"<p>pensar en <strong>u\u00f1as decoradas para navidad 2022<\/strong> ya es algo que deber\u00eda estar en la mente de las mujeres a las que les gusta tener siempre un look moderno y tem\u00e1tico.<\/p>\n\n\n\n<div class=\"container4\">\n\t<span>Lea tambi\u00e9n:<\/span>\n    <ul class=\"lista\">\n\t\t<li id=\"cliquem\"><a href=\"https:\/\/danidrops.com.br\/es\/tendencias-en-decoracion-de-unas-2025\/\" title=\"Tendencia de u\u00f1as decoradas 2024\"><strong>Tendencia de u\u00f1as decoradas 2024: vea m\u00e1s de 110 inspiraciones y tendencias de u\u00f1as decoradas<\/strong><\/a><\/li>\t\n\t<\/ul>\n<\/div>\n<script type=\"application\/ld+json\">{\n    \"@context\": \"https:\\\/\\\/schema.org\",\n    \"@type\": \"Action\",\n    \"name\": \"Clicar em link para ler mat\\u00e9ria Tend\\u00eancia de Unha Decorada 2024\",\n    \"potentialAction\": {\n        \"@type\": \"ReadAction\",\n        \"target\": {\n            \"@type\": \"EntryPoint\",\n            \"urlTemplate\": \"https:\\\/\\\/danidrops.com.br\\\/tendencia-unha-decorada-2025\\\/\"\n        }\n    },\n    \"object\": {\n        \"@type\": \"WebPage\",\n        \"headline\": \"Tend\\u00eancia de Unha Decorada 2024\",\n        \"author\": {\n            \"@type\": \"Organization\",\n            \"name\": \"Danidrops.com.br\",\n            \"logo\": \"https:\\\/\\\/danidrops.com.br\\\/wp-content\\\/uploads\\\/2021\\\/08\\\/danidrops-logo-1.jpg\",\n            \"url\": \"https:\\\/\\\/danidrops.com.br\\\/\"\n        },\n        \"image\": \"https:\\\/\\\/danidrops.com.br\\\/wp-content\\\/uploads\\\/2023\\\/11\\\/Unha-decorada-de-fibra-de-vidro-2.jpg\",\n        \"url\": \"https:\\\/\\\/danidrops.com.br\\\/tendencia-unha-decorada-2025\\\/\",\n        \"description\": \"Informa\\u00e7\\u00f5es sobre a Tend\\u00eancia de Unha Decorada 2024. Veja mais de 110 inspira\\u00e7\\u00f5es e tend\\u00eancia de unhas decoradas\",\n        \"mainEntityOfPage\": {\n            \"@type\": \"WebPage\",\n            \"@id\": \"https:\\\/\\\/danidrops.com.br\\\/tendencia-unha-decorada-2025\\\/\"\n        }\n    }\n}<\/script>\n\n\n\n<figure class=\"wp-block-image size-full\"><img loading=\"lazy\" decoding=\"async\" width=\"760\" height=\"555\" src=\"https:\/\/danidrops.com.br\/wp-content\/uploads\/2022\/08\/unha-decorada-para-o-natal-2022-19.jpg\" alt=\"U\u00f1as Decoradas para Navidad 2022\" class=\"wp-image-36730\" title=\"\" srcset=\"https:\/\/danidrops.com.br\/wp-content\/uploads\/2022\/08\/unha-decorada-para-o-natal-2022-19.jpg 760w, https:\/\/danidrops.com.br\/wp-content\/uploads\/2022\/08\/unha-decorada-para-o-natal-2022-19-300x219.jpg 300w, https:\/\/danidrops.com.br\/wp-content\/uploads\/2022\/08\/unha-decorada-para-o-natal-2022-19-150x110.jpg 150w\" sizes=\"auto, (max-width: 760px) 100vw, 760px\" \/><figcaption class=\"wp-element-caption\">U\u00f1as decoradas para navidad 2022<\/figcaption><\/figure>\n\n\n\n<p>Para los amantes de la decoraci\u00f3n y el brillo, la Navidad es la \u00e9poca m\u00e1s esperada del a\u00f1o, pues en esta \u00e9poca se puede atrever y abusar de las decoraciones, ya que es una \u00e9poca festiva, alegre y llena de muchos detalles y adornos hermosos.<\/p>\n\n\n\n<figure class=\"wp-block-image size-full\"><img loading=\"lazy\" decoding=\"async\" width=\"760\" height=\"555\" src=\"https:\/\/danidrops.com.br\/wp-content\/uploads\/2022\/08\/unha-decorada-para-o-natal-2022-16.jpg\" alt=\"U\u00f1as Decoradas para Navidad 2022\" class=\"wp-image-36720\" title=\"\" srcset=\"https:\/\/danidrops.com.br\/wp-content\/uploads\/2022\/08\/unha-decorada-para-o-natal-2022-16.jpg 760w, https:\/\/danidrops.com.br\/wp-content\/uploads\/2022\/08\/unha-decorada-para-o-natal-2022-16-300x219.jpg 300w, https:\/\/danidrops.com.br\/wp-content\/uploads\/2022\/08\/unha-decorada-para-o-natal-2022-16-150x110.jpg 150w\" sizes=\"auto, (max-width: 760px) 100vw, 760px\" \/><figcaption class=\"wp-element-caption\">U\u00f1as decoradas para navidad 2022<\/figcaption><\/figure>\n\n\n\n<p>Generalmente las u\u00f1as decoradas para Navidad son coloridas, brillantes, llenas de detalles y la mayor\u00eda de las veces representa algo importante para la persona, como es el caso del nacimiento de Jes\u00fas y la uni\u00f3n entre los miembros de la familia.<\/p>\n\n\n\n<figure class=\"wp-block-image size-full\"><img loading=\"lazy\" decoding=\"async\" width=\"760\" height=\"555\" src=\"https:\/\/danidrops.com.br\/wp-content\/uploads\/2022\/08\/unha-decorada-para-o-natal-2022-13.jpg\" alt=\"U\u00f1as Decoradas para Navidad 2022\" class=\"wp-image-36710\" title=\"\" srcset=\"https:\/\/danidrops.com.br\/wp-content\/uploads\/2022\/08\/unha-decorada-para-o-natal-2022-13.jpg 760w, https:\/\/danidrops.com.br\/wp-content\/uploads\/2022\/08\/unha-decorada-para-o-natal-2022-13-300x219.jpg 300w, https:\/\/danidrops.com.br\/wp-content\/uploads\/2022\/08\/unha-decorada-para-o-natal-2022-13-150x110.jpg 150w\" sizes=\"auto, (max-width: 760px) 100vw, 760px\" \/><figcaption class=\"wp-element-caption\">U\u00f1as decoradas para navidad 2022<\/figcaption><\/figure>\n\n\n\n<figure class=\"wp-block-image size-full\"><img loading=\"lazy\" decoding=\"async\" width=\"760\" height=\"555\" src=\"https:\/\/danidrops.com.br\/wp-content\/uploads\/2022\/08\/unha-decorada-para-o-natal-2022-08.jpg\" alt=\"U\u00f1as Decoradas para Navidad 2022\" class=\"wp-image-36729\" title=\"\" srcset=\"https:\/\/danidrops.com.br\/wp-content\/uploads\/2022\/08\/unha-decorada-para-o-natal-2022-08.jpg 760w, https:\/\/danidrops.com.br\/wp-content\/uploads\/2022\/08\/unha-decorada-para-o-natal-2022-08-300x219.jpg 300w, https:\/\/danidrops.com.br\/wp-content\/uploads\/2022\/08\/unha-decorada-para-o-natal-2022-08-150x110.jpg 150w\" sizes=\"auto, (max-width: 760px) 100vw, 760px\" \/><figcaption class=\"wp-element-caption\">U\u00f1as decoradas para navidad 2022<\/figcaption><\/figure>\n\n\n\n<p>Aunque la temporada navide\u00f1a parece estar lejana, muchas mujeres comienzan a planear con anticipaci\u00f3n y esto es un punto muy positivo para ellas, pues de esta forma logran investigar con tiempo y cautela qu\u00e9 modelos, colores y <a href=\"https:\/\/danidrops.com.br\/es\/mejor-esmalte-de-unas-2023\/\" data-type=\"URL\" data-id=\"https:\/\/danidrops.com.br\/melhores-esmaltes-2023\/\">mejor esmalte de u\u00f1as 2023<\/a> de nail wish para el evento.<\/p>\n\n\n\n<script type=\"application\/ld+json\">{\n    \"@context\": \"https:\\\/\\\/schema.org\",\n    \"@type\": \"VideoObject\",\n    \"name\": \"Unha Decorada para o Natal 2022 - Veja 50 inspira\\u00e7\\u00f5es de nail art para o natal 2022\",\n    \"description\": \"Pensar nas unha decorada para o Natal 2022 j\\u00e1 \\u00e9 algo que deve estar na mente das mulheres que gostam de estar sempre com o visual moderno e tem\\u00e1tico.\",\n    \"thumbnailUrl\": \"https:\\\/\\\/danidrops.com.br\\\/wp-content\\\/uploads\\\/2022\\\/08\\\/Unha-Decorada-para-o-Natal-2022-.jpg\",\n    \"uploadDate\": \"2022-08-28\",\n    \"duration\": \"PT3M23S\",\n    \"contentUrl\": \"https:\\\/\\\/youtu.be\\\/SDnTNBoQMw0\",\n    \"embedUrl\": \"https:\\\/\\\/youtu.be\\\/SDnTNBoQMw0\",\n    \"potentialAction\": {\n        \"@type\": \"SeekToAction\",\n        \"target\": \"https:\\\/\\\/youtu.be\\\/SDnTNBoQMw0={seek_to_second_number}\",\n        \"startOffset-input\": \"required name=seek_to_second_number\"\n    }\n}<\/script>\n\n\n\n<figure class=\"wp-block-embed is-type-video is-provider-youtube wp-block-embed-youtube wp-embed-aspect-16-9 wp-has-aspect-ratio\"><div class=\"wp-block-embed__wrapper\">\n<iframe loading=\"lazy\" title=\"U\u00f1as decoradas para Navidad 2022: vea 50 inspiraciones de arte de u\u00f1as para Navidad 2022\" width=\"500\" height=\"281\" src=\"https:\/\/www.youtube.com\/embed\/SDnTNBoQMw0?feature=oembed\" frameborder=\"0\" allow=\"accelerometer; autoplay; clipboard-write; encrypted-media; gyroscope; picture-in-picture; web-share\" referrerpolicy=\"strict-origin-when-cross-origin\" allowfullscreen><\/iframe>\n<\/div><\/figure>\n\n\n\n<figure class=\"wp-block-image size-full\"><img loading=\"lazy\" decoding=\"async\" width=\"760\" height=\"555\" src=\"https:\/\/danidrops.com.br\/wp-content\/uploads\/2022\/08\/unha-decorada-para-o-natal-2022-17.jpg\" alt=\"U\u00f1as Decoradas para Navidad 2022\" class=\"wp-image-36719\" title=\"\" srcset=\"https:\/\/danidrops.com.br\/wp-content\/uploads\/2022\/08\/unha-decorada-para-o-natal-2022-17.jpg 760w, https:\/\/danidrops.com.br\/wp-content\/uploads\/2022\/08\/unha-decorada-para-o-natal-2022-17-300x219.jpg 300w, https:\/\/danidrops.com.br\/wp-content\/uploads\/2022\/08\/unha-decorada-para-o-natal-2022-17-150x110.jpg 150w\" sizes=\"auto, (max-width: 760px) 100vw, 760px\" \/><figcaption class=\"wp-element-caption\">U\u00f1as decoradas para navidad 2022<\/figcaption><\/figure>\n\n\n\n<figure class=\"wp-block-image size-full\"><img loading=\"lazy\" decoding=\"async\" width=\"760\" height=\"555\" src=\"https:\/\/danidrops.com.br\/wp-content\/uploads\/2022\/08\/unha-decorada-para-o-natal-2022-25.jpg\" alt=\"U\u00f1as Decoradas para Navidad 2022\" class=\"wp-image-36709\" title=\"\" srcset=\"https:\/\/danidrops.com.br\/wp-content\/uploads\/2022\/08\/unha-decorada-para-o-natal-2022-25.jpg 760w, https:\/\/danidrops.com.br\/wp-content\/uploads\/2022\/08\/unha-decorada-para-o-natal-2022-25-300x219.jpg 300w, https:\/\/danidrops.com.br\/wp-content\/uploads\/2022\/08\/unha-decorada-para-o-natal-2022-25-150x110.jpg 150w\" sizes=\"auto, (max-width: 760px) 100vw, 760px\" \/><figcaption class=\"wp-element-caption\">U\u00f1as decoradas para navidad 2022<\/figcaption><\/figure>\n\n\n\n<p>Como es una fiesta que tiene una fecha determinada e incluso una v\u00edspera, las u\u00f1as decoradas para Navidad 2022 se pueden empezar a hacer incluso antes del 24 de diciembre, es decir, para las que se hacen las u\u00f1as semanalmente, se puede crear un horario o tabla de dise\u00f1os y modelos de u\u00f1as para que puedas estar con un dise\u00f1ador diferente cada semana, todos relacionados con la tem\u00e1tica navide\u00f1a.<\/p>\n\n\n\n<figure class=\"wp-block-image size-full\"><img loading=\"lazy\" decoding=\"async\" width=\"760\" height=\"555\" src=\"https:\/\/danidrops.com.br\/wp-content\/uploads\/2022\/08\/unha-decorada-para-o-natal-2022-22.jpg\" alt=\"U\u00f1as Decoradas para Navidad 2022\" class=\"wp-image-36708\" title=\"\" srcset=\"https:\/\/danidrops.com.br\/wp-content\/uploads\/2022\/08\/unha-decorada-para-o-natal-2022-22.jpg 760w, https:\/\/danidrops.com.br\/wp-content\/uploads\/2022\/08\/unha-decorada-para-o-natal-2022-22-300x219.jpg 300w, https:\/\/danidrops.com.br\/wp-content\/uploads\/2022\/08\/unha-decorada-para-o-natal-2022-22-150x110.jpg 150w\" sizes=\"auto, (max-width: 760px) 100vw, 760px\" \/><figcaption class=\"wp-element-caption\">U\u00f1as decoradas para navidad 2022<\/figcaption><\/figure>\n\n\n\n<figure class=\"wp-block-image size-full\"><img loading=\"lazy\" decoding=\"async\" width=\"760\" height=\"555\" src=\"https:\/\/danidrops.com.br\/wp-content\/uploads\/2022\/08\/unha-decorada-para-o-natal-2022-04.jpg\" alt=\"U\u00f1as Decoradas para Navidad 2022\" class=\"wp-image-36718\" title=\"\" srcset=\"https:\/\/danidrops.com.br\/wp-content\/uploads\/2022\/08\/unha-decorada-para-o-natal-2022-04.jpg 760w, https:\/\/danidrops.com.br\/wp-content\/uploads\/2022\/08\/unha-decorada-para-o-natal-2022-04-300x219.jpg 300w, https:\/\/danidrops.com.br\/wp-content\/uploads\/2022\/08\/unha-decorada-para-o-natal-2022-04-150x110.jpg 150w\" sizes=\"auto, (max-width: 760px) 100vw, 760px\" \/><figcaption class=\"wp-element-caption\">U\u00f1as decoradas para navidad 2022<\/figcaption><\/figure>\n\n\n\n<script type=\"application\/ld+json\">{\n    \"@context\": \"https:\\\/\\\/schema.org\",\n    \"@type\": \"FAQPage\",\n    \"mainEntity\": [\n        {\n            \"@type\": \"Question\",\n            \"name\": \"Quais cores ser\\u00e3o mais usadas nas unhas decoradas para o natal 2022?\",\n            \"acceptedAnswer\": {\n                \"@type\": \"Answer\",\n                \"text\": \"As unhas decoradas para o natal 2022 ser\\u00e3o basicamente feitas com as cores branco, vermelho, verde e dourado. Entretanto, para as mulheres mais ousadas e que gostam de um bel\\u00edssimo diferencial, alguns modelos nas cores preto, prateado e azul tamb\\u00e9m poder\\u00e3o ser utilizados.\"\n            }\n        },\n        {\n            \"@type\": \"Question\",\n            \"name\": \"Quais modelos de unhas decoradas para o natal 2022 ser\\u00e3o mais usados?\",\n            \"acceptedAnswer\": {\n                \"@type\": \"Answer\",\n                \"text\": \"Dentre os modelos que ser\\u00e3o destaque no natal de 2022 podemos citar: com glitter, com desenhos\"\n            }\n        },\n        {\n            \"@type\": \"Question\",\n            \"name\": \"Existe tamanho certo para fazer unhas decoradas para o natal 2022?\",\n            \"acceptedAnswer\": {\n                \"@type\": \"Answer\",\n                \"text\": \"Apesar de muitas pessoas acreditar que as unhas decoradas para o natal 2022 precisam ser grandes, isso \\u00e9 um mito.\"\n            }\n        }\n    ]\n}<\/script>\n\n\n\n<h2 class=\"wp-block-heading\"><span class=\"ez-toc-section\" id=\"Exemplos_de_unhas_decoradas_para_o_Natal_2022\"><\/span>Ejemplos de u\u00f1as decoradas para navidad 2022<span class=\"ez-toc-section-end\"><\/span><\/h2>\n\n\n\n<p>La Navidad 2022 estar\u00e1 marcada por el regreso de las reuniones familiares y fiestas en grandes proporciones, ya que con la pandemia estas festividades se han vuelto un poco m\u00e1s restringidas.<\/p>\n\n\n\n<figure class=\"wp-block-image size-full\"><img loading=\"lazy\" decoding=\"async\" width=\"760\" height=\"555\" src=\"https:\/\/danidrops.com.br\/wp-content\/uploads\/2022\/08\/unha-decorada-para-o-natal-2022-20.jpg\" alt=\"U\u00f1as Decoradas para Navidad 2022\" class=\"wp-image-36728\" title=\"\" srcset=\"https:\/\/danidrops.com.br\/wp-content\/uploads\/2022\/08\/unha-decorada-para-o-natal-2022-20.jpg 760w, https:\/\/danidrops.com.br\/wp-content\/uploads\/2022\/08\/unha-decorada-para-o-natal-2022-20-300x219.jpg 300w, https:\/\/danidrops.com.br\/wp-content\/uploads\/2022\/08\/unha-decorada-para-o-natal-2022-20-150x110.jpg 150w\" sizes=\"auto, (max-width: 760px) 100vw, 760px\" \/><figcaption class=\"wp-element-caption\">U\u00f1as decoradas para navidad 2022<\/figcaption><\/figure>\n\n\n\n<figure class=\"wp-block-image size-full\"><img loading=\"lazy\" decoding=\"async\" width=\"760\" height=\"555\" src=\"https:\/\/danidrops.com.br\/wp-content\/uploads\/2022\/08\/unha-decorada-para-o-natal-2022-10.jpg\" alt=\"U\u00f1as Decoradas para Navidad 2022\" class=\"wp-image-36727\" title=\"\" srcset=\"https:\/\/danidrops.com.br\/wp-content\/uploads\/2022\/08\/unha-decorada-para-o-natal-2022-10.jpg 760w, https:\/\/danidrops.com.br\/wp-content\/uploads\/2022\/08\/unha-decorada-para-o-natal-2022-10-300x219.jpg 300w, https:\/\/danidrops.com.br\/wp-content\/uploads\/2022\/08\/unha-decorada-para-o-natal-2022-10-150x110.jpg 150w\" sizes=\"auto, (max-width: 760px) 100vw, 760px\" \/><figcaption class=\"wp-element-caption\">U\u00f1as decoradas para navidad 2022<\/figcaption><\/figure>\n\n\n\n<p>De esta forma, muchas mujeres est\u00e1n organizando fiestas navide\u00f1as desde muy temprana edad, ya que todo tiene que estar perfecto para el d\u00eda m\u00e1s alegre y festivo del a\u00f1o.<\/p>\n\n\n\n<figure class=\"wp-block-image size-full\"><img loading=\"lazy\" decoding=\"async\" width=\"760\" height=\"555\" src=\"https:\/\/danidrops.com.br\/wp-content\/uploads\/2022\/08\/unha-decorada-para-o-natal-2022-09.jpg\" alt=\"U\u00f1as Decoradas para Navidad 2022\" class=\"wp-image-36717\" title=\"\" srcset=\"https:\/\/danidrops.com.br\/wp-content\/uploads\/2022\/08\/unha-decorada-para-o-natal-2022-09.jpg 760w, https:\/\/danidrops.com.br\/wp-content\/uploads\/2022\/08\/unha-decorada-para-o-natal-2022-09-300x219.jpg 300w, https:\/\/danidrops.com.br\/wp-content\/uploads\/2022\/08\/unha-decorada-para-o-natal-2022-09-150x110.jpg 150w\" sizes=\"auto, (max-width: 760px) 100vw, 760px\" \/><figcaption class=\"wp-element-caption\">U\u00f1as decoradas para navidad 2022<\/figcaption><\/figure>\n\n\n\n<figure class=\"wp-block-image size-full\"><img loading=\"lazy\" decoding=\"async\" width=\"760\" height=\"555\" src=\"https:\/\/danidrops.com.br\/wp-content\/uploads\/2022\/08\/unha-decorada-para-o-natal-2022-26.jpg\" alt=\"U\u00f1as Decoradas para Navidad 2022\" class=\"wp-image-36707\" title=\"\" srcset=\"https:\/\/danidrops.com.br\/wp-content\/uploads\/2022\/08\/unha-decorada-para-o-natal-2022-26.jpg 760w, https:\/\/danidrops.com.br\/wp-content\/uploads\/2022\/08\/unha-decorada-para-o-natal-2022-26-300x219.jpg 300w, https:\/\/danidrops.com.br\/wp-content\/uploads\/2022\/08\/unha-decorada-para-o-natal-2022-26-150x110.jpg 150w\" sizes=\"auto, (max-width: 760px) 100vw, 760px\" \/><figcaption class=\"wp-element-caption\">U\u00f1as decoradas para navidad 2022<\/figcaption><\/figure>\n\n\n\n<p>Cada a\u00f1o, las tendencias de la moda y los dise\u00f1adores de belleza cambian y las mujeres modernas y sofisticadas siempre est\u00e1n pendientes de estos cambios para seguir cada detalle con mucho cuidado.<\/p>\n\n\n\n<figure class=\"wp-block-image size-full\"><img loading=\"lazy\" decoding=\"async\" width=\"760\" height=\"555\" src=\"https:\/\/danidrops.com.br\/wp-content\/uploads\/2022\/08\/unha-decorada-para-o-natal-2022-03.jpg\" alt=\"U\u00f1as Decoradas para Navidad 2022\" class=\"wp-image-36726\" title=\"\" srcset=\"https:\/\/danidrops.com.br\/wp-content\/uploads\/2022\/08\/unha-decorada-para-o-natal-2022-03.jpg 760w, https:\/\/danidrops.com.br\/wp-content\/uploads\/2022\/08\/unha-decorada-para-o-natal-2022-03-300x219.jpg 300w, https:\/\/danidrops.com.br\/wp-content\/uploads\/2022\/08\/unha-decorada-para-o-natal-2022-03-150x110.jpg 150w\" sizes=\"auto, (max-width: 760px) 100vw, 760px\" \/><figcaption class=\"wp-element-caption\">U\u00f1as decoradas para navidad 2022<\/figcaption><\/figure>\n\n\n\n<figure class=\"wp-block-image size-full\"><img loading=\"lazy\" decoding=\"async\" width=\"760\" height=\"555\" src=\"https:\/\/danidrops.com.br\/wp-content\/uploads\/2022\/08\/unha-decorada-para-o-natal-2022-06.jpg\" alt=\"U\u00f1as Decoradas para Navidad 2022\" class=\"wp-image-36716\" title=\"\" srcset=\"https:\/\/danidrops.com.br\/wp-content\/uploads\/2022\/08\/unha-decorada-para-o-natal-2022-06.jpg 760w, https:\/\/danidrops.com.br\/wp-content\/uploads\/2022\/08\/unha-decorada-para-o-natal-2022-06-300x219.jpg 300w, https:\/\/danidrops.com.br\/wp-content\/uploads\/2022\/08\/unha-decorada-para-o-natal-2022-06-150x110.jpg 150w\" sizes=\"auto, (max-width: 760px) 100vw, 760px\" \/><figcaption class=\"wp-element-caption\">U\u00f1as decoradas para navidad 2022<\/figcaption><\/figure>\n\n\n\n<p>Las u\u00f1as decoradas para Navidad 2022 se centrar\u00e1n en decoraciones que se asemejan a las tradicionales fiestas navide\u00f1as, ya que representa el regreso a la vida normal y menos restringida.<\/p>\n\n\n\n<figure class=\"wp-block-image size-full\"><img loading=\"lazy\" decoding=\"async\" width=\"760\" height=\"555\" src=\"https:\/\/danidrops.com.br\/wp-content\/uploads\/2022\/08\/unha-decorada-para-o-natal-2022-14.jpg\" alt=\"U\u00f1as Decoradas para Navidad 2022\" class=\"wp-image-36706\" title=\"\" srcset=\"https:\/\/danidrops.com.br\/wp-content\/uploads\/2022\/08\/unha-decorada-para-o-natal-2022-14.jpg 760w, https:\/\/danidrops.com.br\/wp-content\/uploads\/2022\/08\/unha-decorada-para-o-natal-2022-14-300x219.jpg 300w, https:\/\/danidrops.com.br\/wp-content\/uploads\/2022\/08\/unha-decorada-para-o-natal-2022-14-150x110.jpg 150w\" sizes=\"auto, (max-width: 760px) 100vw, 760px\" \/><figcaption class=\"wp-element-caption\">U\u00f1as decoradas para navidad 2022<\/figcaption><\/figure>\n\n\n\n<p>Los modelos de u\u00f1as decoradas que m\u00e1s se ver\u00e1n en las manos de las personas en el a\u00f1o 2022 son los dise\u00f1os de \u00e1rboles de navidad, estrellas fugaces, dise\u00f1os de Pap\u00e1 Noel, renos, campanas, lazos, estrellas, bolas navide\u00f1as y otros.<\/p>\n\n\n\n<figure class=\"wp-block-image size-full\"><img loading=\"lazy\" decoding=\"async\" width=\"760\" height=\"555\" src=\"https:\/\/danidrops.com.br\/wp-content\/uploads\/2022\/08\/unha-decorada-para-o-natal-2022-05.jpg\" alt=\"U\u00f1as Decoradas para Navidad 2022\" class=\"wp-image-36725\" title=\"\" srcset=\"https:\/\/danidrops.com.br\/wp-content\/uploads\/2022\/08\/unha-decorada-para-o-natal-2022-05.jpg 760w, https:\/\/danidrops.com.br\/wp-content\/uploads\/2022\/08\/unha-decorada-para-o-natal-2022-05-300x219.jpg 300w, https:\/\/danidrops.com.br\/wp-content\/uploads\/2022\/08\/unha-decorada-para-o-natal-2022-05-150x110.jpg 150w\" sizes=\"auto, (max-width: 760px) 100vw, 760px\" \/><figcaption class=\"wp-element-caption\">U\u00f1as decoradas para navidad 2022<\/figcaption><\/figure>\n\n\n\n<h2 class=\"wp-block-heading\"><span class=\"ez-toc-section\" id=\"Quais_cores_serao_mais_usadas_nas_unhas_decoradas_para_o_natal_2022\"><\/span>\u00bfQu\u00e9 colores se utilizar\u00e1n m\u00e1s en las u\u00f1as decoradas para Navidad 2022?<span class=\"ez-toc-section-end\"><\/span><\/h2>\n\n\n\n<p>Los colores navide\u00f1os son t\u00edpicos y tradicionales, pero en algunos a\u00f1os, estas tradiciones cambian para innovar algo o agregar, cambiando y agregando nuevos conceptos a lo que ya es cl\u00e1sico y perfecto.<\/p>\n\n\n\n<figure class=\"wp-block-image size-full\"><img loading=\"lazy\" decoding=\"async\" width=\"760\" height=\"555\" src=\"https:\/\/danidrops.com.br\/wp-content\/uploads\/2022\/08\/unha-decorada-para-o-natal-2022-02.jpg\" alt=\"U\u00f1as Decoradas para Navidad 2022\" class=\"wp-image-36715\" title=\"\" srcset=\"https:\/\/danidrops.com.br\/wp-content\/uploads\/2022\/08\/unha-decorada-para-o-natal-2022-02.jpg 760w, https:\/\/danidrops.com.br\/wp-content\/uploads\/2022\/08\/unha-decorada-para-o-natal-2022-02-300x219.jpg 300w, https:\/\/danidrops.com.br\/wp-content\/uploads\/2022\/08\/unha-decorada-para-o-natal-2022-02-150x110.jpg 150w\" sizes=\"auto, (max-width: 760px) 100vw, 760px\" \/><figcaption class=\"wp-element-caption\">U\u00f1as decoradas para navidad 2022<\/figcaption><\/figure>\n\n\n\n<p>Las u\u00f1as decoradas para la Navidad de 2022 se realizar\u00e1n b\u00e1sicamente con colores blanco, rojo, verde y dorado. Sin embargo, para las mujeres m\u00e1s atrevidas que gustan de un bonito diferencial, tambi\u00e9n se pueden utilizar algunos modelos en negro, plata y azul.<\/p>\n\n\n\n<figure class=\"wp-block-image size-full\"><img loading=\"lazy\" decoding=\"async\" width=\"760\" height=\"555\" src=\"https:\/\/danidrops.com.br\/wp-content\/uploads\/2022\/08\/unha-decorada-para-o-natal-2022-27.jpg\" alt=\"U\u00f1as Decoradas para Navidad 2022\" class=\"wp-image-36705\" title=\"\" srcset=\"https:\/\/danidrops.com.br\/wp-content\/uploads\/2022\/08\/unha-decorada-para-o-natal-2022-27.jpg 760w, https:\/\/danidrops.com.br\/wp-content\/uploads\/2022\/08\/unha-decorada-para-o-natal-2022-27-300x219.jpg 300w, https:\/\/danidrops.com.br\/wp-content\/uploads\/2022\/08\/unha-decorada-para-o-natal-2022-27-150x110.jpg 150w\" sizes=\"auto, (max-width: 760px) 100vw, 760px\" \/><figcaption class=\"wp-element-caption\">U\u00f1as decoradas para navidad 2022<\/figcaption><\/figure>\n\n\n\n<h2 class=\"wp-block-heading\"><span class=\"ez-toc-section\" id=\"Quais_modelos_de_unhas_decoradas_para_o_natal_2022_serao_mais_usados\"><\/span>\u00bfQu\u00e9 modelos de u\u00f1as decoradas para Navidad 2022 se utilizar\u00e1n m\u00e1s?<span class=\"ez-toc-section-end\"><\/span><\/h2>\n\n\n\n<p>Como mencionamos, hay muchos modelos de u\u00f1as decoradas para Navidad 2022 y debes decidir qu\u00e9 modelo se adapta mejor a tu personalidad, estilo de u\u00f1as y tipo de fiesta que sueles hacer o asistir.<\/p>\n\n\n\n<figure class=\"wp-block-image size-full\"><img loading=\"lazy\" decoding=\"async\" width=\"760\" height=\"555\" src=\"https:\/\/danidrops.com.br\/wp-content\/uploads\/2022\/08\/unha-decorada-para-o-natal-2022-01.jpg\" alt=\"U\u00f1as Decoradas para Navidad 2022\" class=\"wp-image-36724\" title=\"\" srcset=\"https:\/\/danidrops.com.br\/wp-content\/uploads\/2022\/08\/unha-decorada-para-o-natal-2022-01.jpg 760w, https:\/\/danidrops.com.br\/wp-content\/uploads\/2022\/08\/unha-decorada-para-o-natal-2022-01-300x219.jpg 300w, https:\/\/danidrops.com.br\/wp-content\/uploads\/2022\/08\/unha-decorada-para-o-natal-2022-01-150x110.jpg 150w\" sizes=\"auto, (max-width: 760px) 100vw, 760px\" \/><figcaption class=\"wp-element-caption\">U\u00f1as decoradas para navidad 2022<\/figcaption><\/figure>\n\n\n\n<p>Entre los modelos que se presentar\u00e1n en Navidad 2022 podemos mencionar los siguientes:<\/p>\n\n\n\n<h3 class=\"wp-block-heading\">U\u00f1as decoradas para Navidad 2022 con purpurina:<\/h3>\n\n\n\n<p>Usar brillantina para decorar tus u\u00f1as en Navidad es algo s\u00faper moderno y elegante, ya que la brillantina es una gran aliada de las festividades navide\u00f1as. Recuerda el resplandor de las luces y la magia de la Navidad y as\u00ed est\u00e1 presente en el 98% de los modelos elegidos por la gente.<\/p>\n\n\n\n<figure class=\"wp-block-image size-full\"><img loading=\"lazy\" decoding=\"async\" width=\"760\" height=\"555\" src=\"https:\/\/danidrops.com.br\/wp-content\/uploads\/2022\/08\/unha-decorada-para-o-natal-2022-15.jpg\" alt=\"U\u00f1as Decoradas para Navidad 2022\" class=\"wp-image-36714\" title=\"\" srcset=\"https:\/\/danidrops.com.br\/wp-content\/uploads\/2022\/08\/unha-decorada-para-o-natal-2022-15.jpg 760w, https:\/\/danidrops.com.br\/wp-content\/uploads\/2022\/08\/unha-decorada-para-o-natal-2022-15-300x219.jpg 300w, https:\/\/danidrops.com.br\/wp-content\/uploads\/2022\/08\/unha-decorada-para-o-natal-2022-15-150x110.jpg 150w\" sizes=\"auto, (max-width: 760px) 100vw, 760px\" \/><figcaption class=\"wp-element-caption\">U\u00f1as decoradas para navidad 2022<\/figcaption><\/figure>\n\n\n\n<p>El brillo en las u\u00f1as decoradas para la Navidad 2022 se puede usar en toda la capa de esmalte de u\u00f1as o se puede agregar poco a poco sobre el esmalte de u\u00f1as, haciendo un hermoso degradado o creando dise\u00f1os relacionados con la Navidad como los famosos \u00e1rboles de Navidad.<\/p>\n\n\n\n<figure class=\"wp-block-image size-full\"><img loading=\"lazy\" decoding=\"async\" width=\"760\" height=\"555\" src=\"https:\/\/danidrops.com.br\/wp-content\/uploads\/2022\/08\/unha-decorada-para-o-natal-2022-30.jpg\" alt=\"U\u00f1as Decoradas para Navidad 2022\" class=\"wp-image-36704\" title=\"\" srcset=\"https:\/\/danidrops.com.br\/wp-content\/uploads\/2022\/08\/unha-decorada-para-o-natal-2022-30.jpg 760w, https:\/\/danidrops.com.br\/wp-content\/uploads\/2022\/08\/unha-decorada-para-o-natal-2022-30-300x219.jpg 300w, https:\/\/danidrops.com.br\/wp-content\/uploads\/2022\/08\/unha-decorada-para-o-natal-2022-30-150x110.jpg 150w\" sizes=\"auto, (max-width: 760px) 100vw, 760px\" \/><figcaption class=\"wp-element-caption\">U\u00f1as decoradas para navidad 2022<\/figcaption><\/figure>\n\n\n\n<p>Tambi\u00e9n puedes usar el brillo en una sola u\u00f1a de cada mano o en ocho u\u00f1as, dejando dos diferentes que ser\u00e1n el punto culminante del modelo.<\/p>\n\n\n\n<figure class=\"wp-block-image size-full\"><img loading=\"lazy\" decoding=\"async\" width=\"760\" height=\"555\" src=\"https:\/\/danidrops.com.br\/wp-content\/uploads\/2022\/08\/unha-decorada-para-o-natal-2022-11.jpg\" alt=\"U\u00f1as Decoradas para Navidad 2022\" class=\"wp-image-36723\" title=\"\" srcset=\"https:\/\/danidrops.com.br\/wp-content\/uploads\/2022\/08\/unha-decorada-para-o-natal-2022-11.jpg 760w, https:\/\/danidrops.com.br\/wp-content\/uploads\/2022\/08\/unha-decorada-para-o-natal-2022-11-300x219.jpg 300w, https:\/\/danidrops.com.br\/wp-content\/uploads\/2022\/08\/unha-decorada-para-o-natal-2022-11-150x110.jpg 150w\" sizes=\"auto, (max-width: 760px) 100vw, 760px\" \/><figcaption class=\"wp-element-caption\">U\u00f1as decoradas para navidad 2022<\/figcaption><\/figure>\n\n\n\n<p>Los brillos m\u00e1s utilizados para decorar las u\u00f1as navide\u00f1as son los dorados, plateados, rojos, verdes y de colores. Pueden ser puntos de luz de forma redonda o formas espec\u00edficas como estrellas y corazones.<\/p>\n\n\n\n<figure class=\"wp-block-image size-full\"><img loading=\"lazy\" decoding=\"async\" width=\"760\" height=\"555\" src=\"https:\/\/danidrops.com.br\/wp-content\/uploads\/2022\/08\/unha-decorada-para-o-natal-2022-28.jpg\" alt=\"U\u00f1as Decoradas para Navidad 2022\" class=\"wp-image-36713\" title=\"\" srcset=\"https:\/\/danidrops.com.br\/wp-content\/uploads\/2022\/08\/unha-decorada-para-o-natal-2022-28.jpg 760w, https:\/\/danidrops.com.br\/wp-content\/uploads\/2022\/08\/unha-decorada-para-o-natal-2022-28-300x219.jpg 300w, https:\/\/danidrops.com.br\/wp-content\/uploads\/2022\/08\/unha-decorada-para-o-natal-2022-28-150x110.jpg 150w\" sizes=\"auto, (max-width: 760px) 100vw, 760px\" \/><figcaption class=\"wp-element-caption\">U\u00f1as decoradas para navidad 2022<\/figcaption><\/figure>\n\n\n\n<p>Otra variaci\u00f3n de la purpurina utilizada en las composiciones navide\u00f1as son las famosas aplicaciones de pedrer\u00eda. Se pueden utilizar para simular los lunares del \u00e1rbol de Navidad o las decoraciones de guirnaldas, por ejemplo.<\/p>\n\n\n\n<figure class=\"wp-block-image size-full\"><img loading=\"lazy\" decoding=\"async\" width=\"760\" height=\"555\" src=\"https:\/\/danidrops.com.br\/wp-content\/uploads\/2022\/08\/unha-decorada-para-o-natal-2022-12.jpg\" alt=\"U\u00f1as Decoradas para Navidad 2022\" class=\"wp-image-36703\" title=\"\" srcset=\"https:\/\/danidrops.com.br\/wp-content\/uploads\/2022\/08\/unha-decorada-para-o-natal-2022-12.jpg 760w, https:\/\/danidrops.com.br\/wp-content\/uploads\/2022\/08\/unha-decorada-para-o-natal-2022-12-300x219.jpg 300w, https:\/\/danidrops.com.br\/wp-content\/uploads\/2022\/08\/unha-decorada-para-o-natal-2022-12-150x110.jpg 150w\" sizes=\"auto, (max-width: 760px) 100vw, 760px\" \/><figcaption class=\"wp-element-caption\">U\u00f1as decoradas para navidad 2022<\/figcaption><\/figure>\n\n\n\n<h3 class=\"wp-block-heading\">U\u00f1as decoradas para Navidad 2022 con dibujos:<\/h3>\n\n\n\n<p>Los dise\u00f1os en las u\u00f1as decoradas para Navidad 2022 se pueden realizar con el propio esmalte de u\u00f1as o en forma de pegatinas de u\u00f1as que se fijan al esmalte de u\u00f1as con la ayuda de una base transparente.<\/p>\n\n\n\n<figure class=\"wp-block-image size-full\"><img loading=\"lazy\" decoding=\"async\" width=\"760\" height=\"555\" src=\"https:\/\/danidrops.com.br\/wp-content\/uploads\/2022\/08\/unha-decorada-para-o-natal-2022-18.jpg\" alt=\"U\u00f1as Decoradas para Navidad 2022\" class=\"wp-image-36722\" title=\"\" srcset=\"https:\/\/danidrops.com.br\/wp-content\/uploads\/2022\/08\/unha-decorada-para-o-natal-2022-18.jpg 760w, https:\/\/danidrops.com.br\/wp-content\/uploads\/2022\/08\/unha-decorada-para-o-natal-2022-18-300x219.jpg 300w, https:\/\/danidrops.com.br\/wp-content\/uploads\/2022\/08\/unha-decorada-para-o-natal-2022-18-150x110.jpg 150w\" sizes=\"auto, (max-width: 760px) 100vw, 760px\" \/><figcaption class=\"wp-element-caption\">U\u00f1as decoradas para navidad 2022<\/figcaption><\/figure>\n\n\n\n<p>Los dise\u00f1os que ser\u00e1n tendencia en la Navidad 2022 son los cl\u00e1sicos Pap\u00e1 Noel, Renos, Arboles de Navidad, Lunares, Estrellas, Ropa de Pap\u00e1 Noel, Mu\u00f1ecos de nieve, Guirnaldas, Trineos, Chimeneas, Calcetines, Paquetes de regalo, Cadenas de anteojeras, Bolsa de regalo, \u00c1ngeles, cintas con lazos, flores navide\u00f1as, bast\u00f3n de caramelo, galleta, copos de nieve y m\u00e1s.<\/p>\n\n\n\n<figure class=\"wp-block-image size-full\"><img loading=\"lazy\" decoding=\"async\" width=\"760\" height=\"555\" src=\"https:\/\/danidrops.com.br\/wp-content\/uploads\/2022\/08\/unha-decorada-para-o-natal-2022-24.jpg\" alt=\"U\u00f1as Decoradas para Navidad 2022\" class=\"wp-image-36712\" title=\"\" srcset=\"https:\/\/danidrops.com.br\/wp-content\/uploads\/2022\/08\/unha-decorada-para-o-natal-2022-24.jpg 760w, https:\/\/danidrops.com.br\/wp-content\/uploads\/2022\/08\/unha-decorada-para-o-natal-2022-24-300x219.jpg 300w, https:\/\/danidrops.com.br\/wp-content\/uploads\/2022\/08\/unha-decorada-para-o-natal-2022-24-150x110.jpg 150w\" sizes=\"auto, (max-width: 760px) 100vw, 760px\" \/><figcaption class=\"wp-element-caption\">U\u00f1as decoradas para navidad 2022<\/figcaption><\/figure>\n\n\n\n<h3 class=\"wp-block-heading\">U\u00f1as decoradas para navidad 2022 sencillas:<\/h3>\n\n\n\n<p>Si eres del grupo de mujeres que prefieren las u\u00f1as m\u00e1s simples y b\u00e1sicas, debes saber que puedes personalizar tus u\u00f1as de una manera menos tem\u00e1tica.<\/p>\n\n\n\n<figure class=\"wp-block-image size-full\"><img loading=\"lazy\" decoding=\"async\" width=\"760\" height=\"555\" src=\"https:\/\/danidrops.com.br\/wp-content\/uploads\/2022\/08\/unha-decorada-para-o-natal-2022-21.jpg\" alt=\"U\u00f1as Decoradas para Navidad 2022\" class=\"wp-image-36702\" title=\"\" srcset=\"https:\/\/danidrops.com.br\/wp-content\/uploads\/2022\/08\/unha-decorada-para-o-natal-2022-21.jpg 760w, https:\/\/danidrops.com.br\/wp-content\/uploads\/2022\/08\/unha-decorada-para-o-natal-2022-21-300x219.jpg 300w, https:\/\/danidrops.com.br\/wp-content\/uploads\/2022\/08\/unha-decorada-para-o-natal-2022-21-150x110.jpg 150w\" sizes=\"auto, (max-width: 760px) 100vw, 760px\" \/><figcaption class=\"wp-element-caption\">U\u00f1as decoradas para navidad 2022<\/figcaption><\/figure>\n\n\n\n<p>Para las u\u00f1as sencillas decoradas para la Navidad 2022, primero debes elegir un color que sea compatible con las tradiciones navide\u00f1as (como el rojo y el dorado en todas sus tonalidades) y luego decorar con elementos b\u00e1sicos como puntos de luz o simplemente franc\u00e9s en el puntas de las u\u00f1as.<\/p>\n\n\n\n<figure class=\"wp-block-image size-full\"><img loading=\"lazy\" decoding=\"async\" width=\"760\" height=\"555\" src=\"https:\/\/danidrops.com.br\/wp-content\/uploads\/2022\/08\/unha-decorada-para-o-natal-2022-07.jpg\" alt=\"U\u00f1as Decoradas para Navidad 2022\" class=\"wp-image-36721\" title=\"\" srcset=\"https:\/\/danidrops.com.br\/wp-content\/uploads\/2022\/08\/unha-decorada-para-o-natal-2022-07.jpg 760w, https:\/\/danidrops.com.br\/wp-content\/uploads\/2022\/08\/unha-decorada-para-o-natal-2022-07-300x219.jpg 300w, https:\/\/danidrops.com.br\/wp-content\/uploads\/2022\/08\/unha-decorada-para-o-natal-2022-07-150x110.jpg 150w\" sizes=\"auto, (max-width: 760px) 100vw, 760px\" \/><figcaption class=\"wp-element-caption\">U\u00f1as decoradas para navidad 2022<\/figcaption><\/figure>\n\n\n\n<p>Todav\u00eda puedes optar por hacer solo unos trazos en las u\u00f1as de los dedos anulares, por ejemplo, lo que hace que el modelo sea \u00fanico, personalizado y discreto.<\/p>\n\n\n\n<figure class=\"wp-block-image size-full\"><img loading=\"lazy\" decoding=\"async\" width=\"760\" height=\"555\" src=\"https:\/\/danidrops.com.br\/wp-content\/uploads\/2022\/08\/unha-decorada-para-o-natal-2022-23.jpg\" alt=\"U\u00f1as Decoradas para Navidad 2022\" class=\"wp-image-36711\" title=\"\" srcset=\"https:\/\/danidrops.com.br\/wp-content\/uploads\/2022\/08\/unha-decorada-para-o-natal-2022-23.jpg 760w, https:\/\/danidrops.com.br\/wp-content\/uploads\/2022\/08\/unha-decorada-para-o-natal-2022-23-300x219.jpg 300w, https:\/\/danidrops.com.br\/wp-content\/uploads\/2022\/08\/unha-decorada-para-o-natal-2022-23-150x110.jpg 150w\" sizes=\"auto, (max-width: 760px) 100vw, 760px\" \/><figcaption class=\"wp-element-caption\">U\u00f1as decoradas para navidad 2022<\/figcaption><\/figure>\n\n\n\n<h2 class=\"wp-block-heading\"><span class=\"ez-toc-section\" id=\"Existe_tamanho_certo_para_fazer_unhas_decoradas_para_o_natal_2022\"><\/span>\u00bfHay un tama\u00f1o adecuado para hacer u\u00f1as decoradas para Navidad 2022?<span class=\"ez-toc-section-end\"><\/span><\/h2>\n\n\n\n<p>Aunque mucha gente cree que las u\u00f1as decoradas para Navidad 2022 tienen que ser grandes, esto es un mito.<\/p>\n\n\n\n<figure class=\"wp-block-image size-full\"><img loading=\"lazy\" decoding=\"async\" width=\"760\" height=\"555\" src=\"https:\/\/danidrops.com.br\/wp-content\/uploads\/2022\/08\/unha-decorada-para-o-natal-2022-29.jpg\" alt=\"U\u00f1as Decoradas para Navidad 2022\" class=\"wp-image-36701\" title=\"\" srcset=\"https:\/\/danidrops.com.br\/wp-content\/uploads\/2022\/08\/unha-decorada-para-o-natal-2022-29.jpg 760w, https:\/\/danidrops.com.br\/wp-content\/uploads\/2022\/08\/unha-decorada-para-o-natal-2022-29-300x219.jpg 300w, https:\/\/danidrops.com.br\/wp-content\/uploads\/2022\/08\/unha-decorada-para-o-natal-2022-29-150x110.jpg 150w\" sizes=\"auto, (max-width: 760px) 100vw, 760px\" \/><figcaption class=\"wp-element-caption\">U\u00f1as decoradas para navidad 2022<\/figcaption><\/figure>\n\n\n\n<p>Si quieres decorar tus u\u00f1as, el tama\u00f1o de las mismas no ser\u00e1 un factor limitante, ya que podr\u00e1s realizar hermosos modelos, solo s\u00e9 creativo y conoce tus preferencias a la hora de elegir los adornos.<\/p>\n\n\n\n<h2 class=\"wp-block-heading\"><span class=\"ez-toc-section\" id=\"Quais_sao_as_tendencias_de_cores_de_unha_para_o_natal_2022\"><\/span><strong>\u00bfCu\u00e1les son las tendencias de color de u\u00f1as para Navidad 2022?<\/strong><span class=\"ez-toc-section-end\"><\/span><\/h2>\n\n\n\n<p>En esta \u00e9poca del a\u00f1o, las tendencias de color de u\u00f1as para Navidad vienen con mucha creatividad y belleza. Encontrar el color adecuado no es una cuesti\u00f3n: desde el cl\u00e1sico rojo hasta tonos m\u00e1s suaves y vibrantes, las opciones son pr\u00e1cticamente infinitas.<\/p>\n\n\n\n<p>Si quieres resaltar tus dedos en esa fecha tan especial, apuesta por versiones m\u00e1s atrevidas y exuberantes que contribuir\u00e1n a tu belleza durante esta querida \u00e9poca.<\/p>\n\n\n\n<p>\u00a1Elige entre esmaltes de u\u00f1as que reflejen el esp\u00edritu festivo de la Navidad, incluidos tonos brillantes, glamurosos y alegres!<\/p>\n\n\n\n<p>Sigue leyendo y descubre lo que <strong>Colores de u\u00f1as que ser\u00e1n tendencia en Navidad 2022<\/strong>:<\/p>\n\n\n\n<ul class=\"wp-block-list\">\n<li>U\u00f1as decoradas para navidad blancas<\/li>\n\n\n\n<li>U\u00f1as decoradas para navidad rojo<\/li>\n\n\n\n<li>U\u00f1as decoradas para navidad con purpurina<\/li>\n\n\n\n<li>U\u00f1as decoradas para navidad dorada.<\/li>\n\n\n\n<li>U\u00f1as decoradas para navidad plata<\/li>\n\n\n\n<li>U\u00f1as decoradas para navidad con dibujos<\/li>\n\n\n\n<li>U\u00f1as decoradas para Navidad delicadas<\/li>\n\n\n\n<li>U\u00f1as decoradas para navidad nude<\/li>\n\n\n\n<li>U\u00f1as decoradas para navidad negras<\/li>\n\n\n\n<li>U\u00f1as decoradas para navidad rojo y dorado.<\/li>\n\n\n\n<li>U\u00f1as decoradas para navidad sencilla<\/li>\n<\/ul>\n\n\n\n<h2 class=\"wp-block-heading\"><span class=\"ez-toc-section\" id=\"Unha_decorada_para_o_natal_branca\"><\/span>U\u00f1as decoradas para navidad blancas<span class=\"ez-toc-section-end\"><\/span><\/h2>\n\n\n\n<p>La<strong> u\u00f1as decoradas para navidad blanco<\/strong> es una de las opciones m\u00e1s cl\u00e1sicas y modernas para acompa\u00f1ar el estilo de color de u\u00f1as en esta fecha tan especial. El esmalte blanco transmite un aire de pureza y elegancia, es la opci\u00f3n favorita entre las mujeres que quieren lograr un look refinado y moderno.<\/p>\n\n\n\n<figure class=\"wp-block-image size-full\"><img loading=\"lazy\" decoding=\"async\" width=\"760\" height=\"555\" src=\"https:\/\/danidrops.com.br\/wp-content\/uploads\/2022\/12\/Unha-decorada-para-o-natal-branca-3.jpg\" alt=\"U\u00f1as decoradas para navidad blancas\" class=\"wp-image-60497\" title=\"\" srcset=\"https:\/\/danidrops.com.br\/wp-content\/uploads\/2022\/12\/Unha-decorada-para-o-natal-branca-3.jpg 760w, https:\/\/danidrops.com.br\/wp-content\/uploads\/2022\/12\/Unha-decorada-para-o-natal-branca-3-300x219.jpg 300w, https:\/\/danidrops.com.br\/wp-content\/uploads\/2022\/12\/Unha-decorada-para-o-natal-branca-3-16x12.jpg 16w, https:\/\/danidrops.com.br\/wp-content\/uploads\/2022\/12\/Unha-decorada-para-o-natal-branca-3-150x110.jpg 150w\" sizes=\"auto, (max-width: 760px) 100vw, 760px\" \/><figcaption class=\"wp-element-caption\">U\u00f1as decoradas para navidad blancas<\/figcaption><\/figure>\n\n\n\n<p>Este tono te permite crear dise\u00f1os originales con brillos, pedrer\u00eda y tambi\u00e9n dise\u00f1os delicados, pero aun as\u00ed logras mantener la sencillez tan caracter\u00edstica de la Navidad.<\/p>\n\n\n\n<figure class=\"wp-block-image size-full\"><img loading=\"lazy\" decoding=\"async\" width=\"760\" height=\"555\" src=\"https:\/\/danidrops.com.br\/wp-content\/uploads\/2022\/12\/Unha-decorada-para-o-natal-branca-2.jpg\" alt=\"U\u00f1as decoradas para navidad blancas\" class=\"wp-image-60496\" title=\"\" srcset=\"https:\/\/danidrops.com.br\/wp-content\/uploads\/2022\/12\/Unha-decorada-para-o-natal-branca-2.jpg 760w, https:\/\/danidrops.com.br\/wp-content\/uploads\/2022\/12\/Unha-decorada-para-o-natal-branca-2-300x219.jpg 300w, https:\/\/danidrops.com.br\/wp-content\/uploads\/2022\/12\/Unha-decorada-para-o-natal-branca-2-16x12.jpg 16w, https:\/\/danidrops.com.br\/wp-content\/uploads\/2022\/12\/Unha-decorada-para-o-natal-branca-2-150x110.jpg 150w\" sizes=\"auto, (max-width: 760px) 100vw, 760px\" \/><figcaption class=\"wp-element-caption\">U\u00f1as decoradas para navidad blancas<\/figcaption><\/figure>\n\n\n\n<figure class=\"wp-block-image size-full\"><img loading=\"lazy\" decoding=\"async\" width=\"760\" height=\"555\" src=\"https:\/\/danidrops.com.br\/wp-content\/uploads\/2022\/12\/Unha-decorada-para-o-natal-branca.jpg\" alt=\"U\u00f1as decoradas para navidad blancas\" class=\"wp-image-60495\" title=\"\" srcset=\"https:\/\/danidrops.com.br\/wp-content\/uploads\/2022\/12\/Unha-decorada-para-o-natal-branca.jpg 760w, https:\/\/danidrops.com.br\/wp-content\/uploads\/2022\/12\/Unha-decorada-para-o-natal-branca-300x219.jpg 300w, https:\/\/danidrops.com.br\/wp-content\/uploads\/2022\/12\/Unha-decorada-para-o-natal-branca-16x12.jpg 16w, https:\/\/danidrops.com.br\/wp-content\/uploads\/2022\/12\/Unha-decorada-para-o-natal-branca-150x110.jpg 150w\" sizes=\"auto, (max-width: 760px) 100vw, 760px\" \/><figcaption class=\"wp-element-caption\">U\u00f1as decoradas para navidad blancas<\/figcaption><\/figure>\n\n\n\n<figure class=\"wp-block-image size-full\"><img loading=\"lazy\" decoding=\"async\" width=\"760\" height=\"555\" src=\"https:\/\/danidrops.com.br\/wp-content\/uploads\/2022\/12\/Unha-decorada-para-o-natal-branca-4.jpg\" alt=\"U\u00f1as decoradas para navidad blancas\" class=\"wp-image-60494\" title=\"\" srcset=\"https:\/\/danidrops.com.br\/wp-content\/uploads\/2022\/12\/Unha-decorada-para-o-natal-branca-4.jpg 760w, https:\/\/danidrops.com.br\/wp-content\/uploads\/2022\/12\/Unha-decorada-para-o-natal-branca-4-300x219.jpg 300w, https:\/\/danidrops.com.br\/wp-content\/uploads\/2022\/12\/Unha-decorada-para-o-natal-branca-4-16x12.jpg 16w, https:\/\/danidrops.com.br\/wp-content\/uploads\/2022\/12\/Unha-decorada-para-o-natal-branca-4-150x110.jpg 150w\" sizes=\"auto, (max-width: 760px) 100vw, 760px\" \/><figcaption class=\"wp-element-caption\">U\u00f1as decoradas para navidad blancas<\/figcaption><\/figure>\n\n\n\n<h2 class=\"wp-block-heading\"><span class=\"ez-toc-section\" id=\"Unha_decorada_para_o_natal_vermelha\"><\/span>U\u00f1as decoradas para navidad rojo<span class=\"ez-toc-section-end\"><\/span><\/h2>\n\n\n\n<p>Las u\u00f1as decoradas en rojo son perfectas para cualquier ocasi\u00f3n, \u00a1especialmente durante las temporadas festivas! <strong>U\u00f1as decoradas en rojo para Navidad<\/strong> est\u00e1n de moda este a\u00f1o y son una excelente manera de incorporar el color ic\u00f3nico de la temporada a tu estilo.<\/p>\n\n\n\n<figure class=\"wp-block-image size-full\"><img loading=\"lazy\" decoding=\"async\" width=\"760\" height=\"555\" src=\"https:\/\/danidrops.com.br\/wp-content\/uploads\/2022\/12\/Unha-decorada-para-o-natal-vermelha-3.jpg\" alt=\"U\u00f1as decoradas para navidad rojo\" class=\"wp-image-60506\" title=\"\" srcset=\"https:\/\/danidrops.com.br\/wp-content\/uploads\/2022\/12\/Unha-decorada-para-o-natal-vermelha-3.jpg 760w, https:\/\/danidrops.com.br\/wp-content\/uploads\/2022\/12\/Unha-decorada-para-o-natal-vermelha-3-300x219.jpg 300w, https:\/\/danidrops.com.br\/wp-content\/uploads\/2022\/12\/Unha-decorada-para-o-natal-vermelha-3-16x12.jpg 16w, https:\/\/danidrops.com.br\/wp-content\/uploads\/2022\/12\/Unha-decorada-para-o-natal-vermelha-3-150x110.jpg 150w\" sizes=\"auto, (max-width: 760px) 100vw, 760px\" \/><figcaption class=\"wp-element-caption\">U\u00f1as decoradas para navidad rojo<\/figcaption><\/figure>\n\n\n\n<p>Ya sea que opte por u\u00f1as naturales con nada m\u00e1s que una capa de esmalte de u\u00f1as blanco, o prefiera crear dise\u00f1os intrincados con diferentes acabados, existen innumerables formas creativas de usar el color rojo para crear su propio estilo.<\/p>\n\n\n\n<figure class=\"wp-block-image size-full\"><img loading=\"lazy\" decoding=\"async\" width=\"760\" height=\"555\" src=\"https:\/\/danidrops.com.br\/wp-content\/uploads\/2022\/12\/Unha-decorada-para-o-natal-vermelha-2.jpg\" alt=\"U\u00f1as decoradas para navidad rojo\" class=\"wp-image-60505\" title=\"\" srcset=\"https:\/\/danidrops.com.br\/wp-content\/uploads\/2022\/12\/Unha-decorada-para-o-natal-vermelha-2.jpg 760w, https:\/\/danidrops.com.br\/wp-content\/uploads\/2022\/12\/Unha-decorada-para-o-natal-vermelha-2-300x219.jpg 300w, https:\/\/danidrops.com.br\/wp-content\/uploads\/2022\/12\/Unha-decorada-para-o-natal-vermelha-2-16x12.jpg 16w, https:\/\/danidrops.com.br\/wp-content\/uploads\/2022\/12\/Unha-decorada-para-o-natal-vermelha-2-150x110.jpg 150w\" sizes=\"auto, (max-width: 760px) 100vw, 760px\" \/><figcaption class=\"wp-element-caption\">U\u00f1as decoradas para navidad rojo<\/figcaption><\/figure>\n\n\n\n<figure class=\"wp-block-image size-full\"><img loading=\"lazy\" decoding=\"async\" width=\"760\" height=\"555\" src=\"https:\/\/danidrops.com.br\/wp-content\/uploads\/2022\/12\/Unha-decorada-para-o-natal-vermelha.jpg\" alt=\"U\u00f1as decoradas para navidad rojo\" class=\"wp-image-60504\" title=\"\" srcset=\"https:\/\/danidrops.com.br\/wp-content\/uploads\/2022\/12\/Unha-decorada-para-o-natal-vermelha.jpg 760w, https:\/\/danidrops.com.br\/wp-content\/uploads\/2022\/12\/Unha-decorada-para-o-natal-vermelha-300x219.jpg 300w, https:\/\/danidrops.com.br\/wp-content\/uploads\/2022\/12\/Unha-decorada-para-o-natal-vermelha-16x12.jpg 16w, https:\/\/danidrops.com.br\/wp-content\/uploads\/2022\/12\/Unha-decorada-para-o-natal-vermelha-150x110.jpg 150w\" sizes=\"auto, (max-width: 760px) 100vw, 760px\" \/><figcaption class=\"wp-element-caption\">U\u00f1as decoradas para navidad rojo<\/figcaption><\/figure>\n\n\n\n<p>El color de u\u00f1as rojo para navidad definitivamente har\u00e1 que tu look sea un encanto.<\/p>\n\n\n\n<h2 class=\"wp-block-heading\"><span class=\"ez-toc-section\" id=\"Unha_decorada_para_o_natal_com_glitter\"><\/span>U\u00f1as decoradas para navidad con purpurina<span class=\"ez-toc-section-end\"><\/span><\/h2>\n\n\n\n<p><strong>U\u00f1as decoradas para navidad con purpurina <\/strong>es la \u00faltima tendencia. Si est\u00e1s de humor para sobresalir y brillar, \u00a1no hay nada mejor que poner brillo en tus u\u00f1as durante las vacaciones de Navidad!<\/p>\n\n\n\n<figure class=\"wp-block-image size-full\"><img loading=\"lazy\" decoding=\"async\" width=\"760\" height=\"555\" src=\"https:\/\/danidrops.com.br\/wp-content\/uploads\/2022\/12\/Unha-decorada-para-o-natal-com-glitter-2.jpg\" alt=\"U\u00f1as decoradas para navidad con purpurina\" class=\"wp-image-60510\" title=\"\" srcset=\"https:\/\/danidrops.com.br\/wp-content\/uploads\/2022\/12\/Unha-decorada-para-o-natal-com-glitter-2.jpg 760w, https:\/\/danidrops.com.br\/wp-content\/uploads\/2022\/12\/Unha-decorada-para-o-natal-com-glitter-2-300x219.jpg 300w, https:\/\/danidrops.com.br\/wp-content\/uploads\/2022\/12\/Unha-decorada-para-o-natal-com-glitter-2-16x12.jpg 16w, https:\/\/danidrops.com.br\/wp-content\/uploads\/2022\/12\/Unha-decorada-para-o-natal-com-glitter-2-150x110.jpg 150w\" sizes=\"auto, (max-width: 760px) 100vw, 760px\" \/><figcaption class=\"wp-element-caption\">U\u00f1as decoradas para navidad con purpurina<\/figcaption><\/figure>\n\n\n\n<figure class=\"wp-block-image size-full\"><img loading=\"lazy\" decoding=\"async\" width=\"760\" height=\"555\" src=\"https:\/\/danidrops.com.br\/wp-content\/uploads\/2022\/12\/Unha-decorada-para-o-natal-com-glitter.jpg\" alt=\"U\u00f1as decoradas para navidad con purpurina\" class=\"wp-image-60509\" title=\"\" srcset=\"https:\/\/danidrops.com.br\/wp-content\/uploads\/2022\/12\/Unha-decorada-para-o-natal-com-glitter.jpg 760w, https:\/\/danidrops.com.br\/wp-content\/uploads\/2022\/12\/Unha-decorada-para-o-natal-com-glitter-300x219.jpg 300w, https:\/\/danidrops.com.br\/wp-content\/uploads\/2022\/12\/Unha-decorada-para-o-natal-com-glitter-16x12.jpg 16w, https:\/\/danidrops.com.br\/wp-content\/uploads\/2022\/12\/Unha-decorada-para-o-natal-com-glitter-150x110.jpg 150w\" sizes=\"auto, (max-width: 760px) 100vw, 760px\" \/><figcaption class=\"wp-element-caption\">U\u00f1as decoradas para navidad con purpurina<\/figcaption><\/figure>\n\n\n\n<p>Es f\u00e1cil, divertido y te dar\u00e1 un toque sofisticado que definir\u00e1 tu look esta Navidad. \u00a1El resultado final seguramente sorprender\u00e1 a tus amigos y familiares!<\/p>\n\n\n\n<figure class=\"wp-block-image size-full\"><img loading=\"lazy\" decoding=\"async\" width=\"760\" height=\"555\" src=\"https:\/\/danidrops.com.br\/wp-content\/uploads\/2022\/12\/Unha-decorada-para-o-natal-com-glitter-3.jpg\" alt=\"U\u00f1as decoradas para navidad con purpurina\" class=\"wp-image-60508\" title=\"\" srcset=\"https:\/\/danidrops.com.br\/wp-content\/uploads\/2022\/12\/Unha-decorada-para-o-natal-com-glitter-3.jpg 760w, https:\/\/danidrops.com.br\/wp-content\/uploads\/2022\/12\/Unha-decorada-para-o-natal-com-glitter-3-300x219.jpg 300w, https:\/\/danidrops.com.br\/wp-content\/uploads\/2022\/12\/Unha-decorada-para-o-natal-com-glitter-3-16x12.jpg 16w, https:\/\/danidrops.com.br\/wp-content\/uploads\/2022\/12\/Unha-decorada-para-o-natal-com-glitter-3-150x110.jpg 150w\" sizes=\"auto, (max-width: 760px) 100vw, 760px\" \/><figcaption class=\"wp-element-caption\">U\u00f1as decoradas para navidad con purpurina<\/figcaption><\/figure>\n\n\n\n<h2 class=\"wp-block-heading\"><span class=\"ez-toc-section\" id=\"Unha_decorada_para_o_natal_dourada\"><\/span>U\u00f1as decoradas para navidad dorada.<span class=\"ez-toc-section-end\"><\/span><\/h2>\n\n\n\n<p>Si quieres vivir la magia navide\u00f1a este a\u00f1o y darle un toque m\u00e1gico a tus u\u00f1as, prueba <strong>u\u00f1as decoradas en oro para navidad<\/strong>!&nbsp;<\/p>\n\n\n\n<figure class=\"wp-block-image size-full\"><img loading=\"lazy\" decoding=\"async\" width=\"760\" height=\"555\" src=\"https:\/\/danidrops.com.br\/wp-content\/uploads\/2022\/12\/Unha-decorada-para-o-natal-dourada-2.jpg\" alt=\"U\u00f1as decoradas para navidad dorada.\" class=\"wp-image-60514\" title=\"\" srcset=\"https:\/\/danidrops.com.br\/wp-content\/uploads\/2022\/12\/Unha-decorada-para-o-natal-dourada-2.jpg 760w, https:\/\/danidrops.com.br\/wp-content\/uploads\/2022\/12\/Unha-decorada-para-o-natal-dourada-2-300x219.jpg 300w, https:\/\/danidrops.com.br\/wp-content\/uploads\/2022\/12\/Unha-decorada-para-o-natal-dourada-2-16x12.jpg 16w, https:\/\/danidrops.com.br\/wp-content\/uploads\/2022\/12\/Unha-decorada-para-o-natal-dourada-2-150x110.jpg 150w\" sizes=\"auto, (max-width: 760px) 100vw, 760px\" \/><figcaption class=\"wp-element-caption\">U\u00f1as decoradas para navidad dorada.<\/figcaption><\/figure>\n\n\n\n<figure class=\"wp-block-image size-full\"><img loading=\"lazy\" decoding=\"async\" width=\"760\" height=\"555\" src=\"https:\/\/danidrops.com.br\/wp-content\/uploads\/2022\/12\/Unha-decorada-para-o-natal-dourada.jpg\" alt=\"U\u00f1as decoradas para navidad dorada.\" class=\"wp-image-60513\" title=\"\" srcset=\"https:\/\/danidrops.com.br\/wp-content\/uploads\/2022\/12\/Unha-decorada-para-o-natal-dourada.jpg 760w, https:\/\/danidrops.com.br\/wp-content\/uploads\/2022\/12\/Unha-decorada-para-o-natal-dourada-300x219.jpg 300w, https:\/\/danidrops.com.br\/wp-content\/uploads\/2022\/12\/Unha-decorada-para-o-natal-dourada-16x12.jpg 16w, https:\/\/danidrops.com.br\/wp-content\/uploads\/2022\/12\/Unha-decorada-para-o-natal-dourada-150x110.jpg 150w\" sizes=\"auto, (max-width: 760px) 100vw, 760px\" \/><figcaption class=\"wp-element-caption\">U\u00f1as decoradas para navidad dorada.<\/figcaption><\/figure>\n\n\n\n<p>Esta tendencia de nail art es perfecta para crear un ambiente festivo al agregar un toque dorado a los acabados. Es la manera perfecta de brillar en esta fecha y rockear looks navide\u00f1os.<\/p>\n\n\n\n<figure class=\"wp-block-image size-full\"><img loading=\"lazy\" decoding=\"async\" width=\"760\" height=\"555\" src=\"https:\/\/danidrops.com.br\/wp-content\/uploads\/2022\/12\/Unha-decorada-para-o-natal-dourada-3.jpg\" alt=\"U\u00f1as decoradas para navidad dorada.\" class=\"wp-image-60512\" title=\"\" srcset=\"https:\/\/danidrops.com.br\/wp-content\/uploads\/2022\/12\/Unha-decorada-para-o-natal-dourada-3.jpg 760w, https:\/\/danidrops.com.br\/wp-content\/uploads\/2022\/12\/Unha-decorada-para-o-natal-dourada-3-300x219.jpg 300w, https:\/\/danidrops.com.br\/wp-content\/uploads\/2022\/12\/Unha-decorada-para-o-natal-dourada-3-16x12.jpg 16w, https:\/\/danidrops.com.br\/wp-content\/uploads\/2022\/12\/Unha-decorada-para-o-natal-dourada-3-150x110.jpg 150w\" sizes=\"auto, (max-width: 760px) 100vw, 760px\" \/><figcaption class=\"wp-element-caption\">U\u00f1as decoradas para navidad dorada.<\/figcaption><\/figure>\n\n\n\n<h2 class=\"wp-block-heading\"><span class=\"ez-toc-section\" id=\"Unha_decorada_para_o_natal_prateada\"><\/span>U\u00f1as decoradas para navidad plata<span class=\"ez-toc-section-end\"><\/span><\/h2>\n\n\n\n<p><strong>Las u\u00f1as decoradas en color plata son un lujo para Navidad<\/strong>???????? \u00a1Con tonos ricos y brillantes, esta u\u00f1a es minimalista pero rebosa glamour!<\/p>\n\n\n\n<figure class=\"wp-block-image size-full\"><img loading=\"lazy\" decoding=\"async\" width=\"760\" height=\"555\" src=\"https:\/\/danidrops.com.br\/wp-content\/uploads\/2022\/12\/Unha-decorada-para-o-natal-prateada-2.jpg\" alt=\"U\u00f1as decoradas para navidad plata\" class=\"wp-image-60519\" title=\"\" srcset=\"https:\/\/danidrops.com.br\/wp-content\/uploads\/2022\/12\/Unha-decorada-para-o-natal-prateada-2.jpg 760w, https:\/\/danidrops.com.br\/wp-content\/uploads\/2022\/12\/Unha-decorada-para-o-natal-prateada-2-300x219.jpg 300w, https:\/\/danidrops.com.br\/wp-content\/uploads\/2022\/12\/Unha-decorada-para-o-natal-prateada-2-16x12.jpg 16w, https:\/\/danidrops.com.br\/wp-content\/uploads\/2022\/12\/Unha-decorada-para-o-natal-prateada-2-150x110.jpg 150w\" sizes=\"auto, (max-width: 760px) 100vw, 760px\" \/><figcaption class=\"wp-element-caption\">U\u00f1as decoradas para navidad plata<\/figcaption><\/figure>\n\n\n\n<p>Este dise\u00f1o atemporal te har\u00e1 sentir especial esta Navidad aportando un toque de elegancia a tu look. Es perfecto para aquellas que quieren unas u\u00f1as diferentes sin renunciar a la sofisticaci\u00f3n que requiere esta fecha.<\/p>\n\n\n\n<figure class=\"wp-block-image size-full\"><img loading=\"lazy\" decoding=\"async\" width=\"760\" height=\"555\" src=\"https:\/\/danidrops.com.br\/wp-content\/uploads\/2022\/12\/Unha-decorada-para-o-natal-prateada.jpg\" alt=\"U\u00f1as decoradas para navidad plata\" class=\"wp-image-60518\" title=\"\" srcset=\"https:\/\/danidrops.com.br\/wp-content\/uploads\/2022\/12\/Unha-decorada-para-o-natal-prateada.jpg 760w, https:\/\/danidrops.com.br\/wp-content\/uploads\/2022\/12\/Unha-decorada-para-o-natal-prateada-300x219.jpg 300w, https:\/\/danidrops.com.br\/wp-content\/uploads\/2022\/12\/Unha-decorada-para-o-natal-prateada-16x12.jpg 16w, https:\/\/danidrops.com.br\/wp-content\/uploads\/2022\/12\/Unha-decorada-para-o-natal-prateada-150x110.jpg 150w\" sizes=\"auto, (max-width: 760px) 100vw, 760px\" \/><figcaption class=\"wp-element-caption\">U\u00f1as decoradas para navidad plata<\/figcaption><\/figure>\n\n\n\n<figure class=\"wp-block-image size-full\"><img loading=\"lazy\" decoding=\"async\" width=\"760\" height=\"555\" src=\"https:\/\/danidrops.com.br\/wp-content\/uploads\/2022\/12\/Unha-decorada-para-o-natal-prateada-3.jpg\" alt=\"U\u00f1as decoradas para navidad plata\" class=\"wp-image-60517\" title=\"\" srcset=\"https:\/\/danidrops.com.br\/wp-content\/uploads\/2022\/12\/Unha-decorada-para-o-natal-prateada-3.jpg 760w, https:\/\/danidrops.com.br\/wp-content\/uploads\/2022\/12\/Unha-decorada-para-o-natal-prateada-3-300x219.jpg 300w, https:\/\/danidrops.com.br\/wp-content\/uploads\/2022\/12\/Unha-decorada-para-o-natal-prateada-3-16x12.jpg 16w, https:\/\/danidrops.com.br\/wp-content\/uploads\/2022\/12\/Unha-decorada-para-o-natal-prateada-3-150x110.jpg 150w\" sizes=\"auto, (max-width: 760px) 100vw, 760px\" \/><figcaption class=\"wp-element-caption\">U\u00f1as decoradas para navidad plata<\/figcaption><\/figure>\n\n\n\n<h2 class=\"wp-block-heading\"><span class=\"ez-toc-section\" id=\"Unha_decorada_para_o_natal_com_desenhos\"><\/span>U\u00f1as decoradas para navidad con dibujos<span class=\"ez-toc-section-end\"><\/span><\/h2>\n\n\n\n<p><strong>U\u00f1as decoradas para navidad con dibujos<\/strong> son una forma divertida de a\u00f1adir algo diferente a tu estilo.<\/p>\n\n\n\n<figure class=\"wp-block-image size-full\"><img loading=\"lazy\" decoding=\"async\" width=\"760\" height=\"555\" src=\"https:\/\/danidrops.com.br\/wp-content\/uploads\/2022\/12\/Unha-decorada-para-o-natal-com-desenhos-3.jpg\" alt=\"U\u00f1as decoradas para navidad con dibujos\" class=\"wp-image-60524\" title=\"\" srcset=\"https:\/\/danidrops.com.br\/wp-content\/uploads\/2022\/12\/Unha-decorada-para-o-natal-com-desenhos-3.jpg 760w, https:\/\/danidrops.com.br\/wp-content\/uploads\/2022\/12\/Unha-decorada-para-o-natal-com-desenhos-3-300x219.jpg 300w, https:\/\/danidrops.com.br\/wp-content\/uploads\/2022\/12\/Unha-decorada-para-o-natal-com-desenhos-3-16x12.jpg 16w, https:\/\/danidrops.com.br\/wp-content\/uploads\/2022\/12\/Unha-decorada-para-o-natal-com-desenhos-3-150x110.jpg 150w\" sizes=\"auto, (max-width: 760px) 100vw, 760px\" \/><figcaption class=\"wp-element-caption\">U\u00f1as decoradas para navidad con dibujos<\/figcaption><\/figure>\n\n\n\n<p>Puede crear dise\u00f1os inspiradores que expresen sus talentos art\u00edsticos. A los amantes de las u\u00f1as decoradas les encanta mostrar sus trabajos \u00fanicos con u\u00f1as impecables que vienen en diferentes colores y dise\u00f1os.<\/p>\n\n\n\n<p>Las u\u00f1as decoradas con un dise\u00f1o le permiten a una persona usar un mundo de posibilidades para hacer su vida m\u00e1s colorida e interesante.<\/p>\n\n\n\n<figure class=\"wp-block-image size-full\"><img loading=\"lazy\" decoding=\"async\" width=\"760\" height=\"555\" src=\"https:\/\/danidrops.com.br\/wp-content\/uploads\/2022\/12\/Unha-decorada-para-o-natal-com-desenhos-2.jpg\" alt=\"U\u00f1as decoradas para navidad con dibujos\" class=\"wp-image-60523\" title=\"\" srcset=\"https:\/\/danidrops.com.br\/wp-content\/uploads\/2022\/12\/Unha-decorada-para-o-natal-com-desenhos-2.jpg 760w, https:\/\/danidrops.com.br\/wp-content\/uploads\/2022\/12\/Unha-decorada-para-o-natal-com-desenhos-2-300x219.jpg 300w, https:\/\/danidrops.com.br\/wp-content\/uploads\/2022\/12\/Unha-decorada-para-o-natal-com-desenhos-2-16x12.jpg 16w, https:\/\/danidrops.com.br\/wp-content\/uploads\/2022\/12\/Unha-decorada-para-o-natal-com-desenhos-2-150x110.jpg 150w\" sizes=\"auto, (max-width: 760px) 100vw, 760px\" \/><figcaption class=\"wp-element-caption\">U\u00f1as decoradas para navidad con dibujos<\/figcaption><\/figure>\n\n\n\n<figure class=\"wp-block-image size-full\"><img loading=\"lazy\" decoding=\"async\" width=\"760\" height=\"555\" src=\"https:\/\/danidrops.com.br\/wp-content\/uploads\/2022\/12\/Unha-decorada-para-o-natal-com-desenhos.jpg\" alt=\"U\u00f1as decoradas para navidad con dibujos\" class=\"wp-image-60522\" title=\"\" srcset=\"https:\/\/danidrops.com.br\/wp-content\/uploads\/2022\/12\/Unha-decorada-para-o-natal-com-desenhos.jpg 760w, https:\/\/danidrops.com.br\/wp-content\/uploads\/2022\/12\/Unha-decorada-para-o-natal-com-desenhos-300x219.jpg 300w, https:\/\/danidrops.com.br\/wp-content\/uploads\/2022\/12\/Unha-decorada-para-o-natal-com-desenhos-16x12.jpg 16w, https:\/\/danidrops.com.br\/wp-content\/uploads\/2022\/12\/Unha-decorada-para-o-natal-com-desenhos-150x110.jpg 150w\" sizes=\"auto, (max-width: 760px) 100vw, 760px\" \/><figcaption class=\"wp-element-caption\">U\u00f1as decoradas para navidad con dibujos<\/figcaption><\/figure>\n\n\n\n<h2 class=\"wp-block-heading\"><span class=\"ez-toc-section\" id=\"Unha_decorada_para_o_natal_delicadas\"><\/span>U\u00f1as decoradas para Navidad delicadas<span class=\"ez-toc-section-end\"><\/span><\/h2>\n\n\n\n<p>\u00a1Las u\u00f1as decoradas son una excelente manera de expresar tu personalidad y creatividad! Cuando se trata de <strong>delicadas u\u00f1as navide\u00f1as<\/strong>, permiten que las personas muestren su lado m\u00e1s rom\u00e1ntico.<\/p>\n\n\n\n<figure class=\"wp-block-image size-full\"><img loading=\"lazy\" decoding=\"async\" width=\"760\" height=\"555\" src=\"https:\/\/danidrops.com.br\/wp-content\/uploads\/2022\/12\/Unha-decorada-para-o-natal-delicadas-2.jpg\" alt=\"U\u00f1as decoradas para Navidad delicadas\" class=\"wp-image-60528\" title=\"\" srcset=\"https:\/\/danidrops.com.br\/wp-content\/uploads\/2022\/12\/Unha-decorada-para-o-natal-delicadas-2.jpg 760w, https:\/\/danidrops.com.br\/wp-content\/uploads\/2022\/12\/Unha-decorada-para-o-natal-delicadas-2-300x219.jpg 300w, https:\/\/danidrops.com.br\/wp-content\/uploads\/2022\/12\/Unha-decorada-para-o-natal-delicadas-2-16x12.jpg 16w, https:\/\/danidrops.com.br\/wp-content\/uploads\/2022\/12\/Unha-decorada-para-o-natal-delicadas-2-150x110.jpg 150w\" sizes=\"auto, (max-width: 760px) 100vw, 760px\" \/><figcaption class=\"wp-element-caption\">U\u00f1as decoradas para Navidad delicadas<\/figcaption><\/figure>\n\n\n\n<p>Las u\u00f1as delicadas involucran tonos pastel, flores o dise\u00f1os distintivos como estrellas.<\/p>\n\n\n\n<figure class=\"wp-block-image size-full\"><img loading=\"lazy\" decoding=\"async\" width=\"760\" height=\"555\" src=\"https:\/\/danidrops.com.br\/wp-content\/uploads\/2022\/12\/Unha-decorada-para-o-natal-delicadas.jpg\" alt=\"U\u00f1as decoradas para Navidad delicadas\" class=\"wp-image-60527\" title=\"\" srcset=\"https:\/\/danidrops.com.br\/wp-content\/uploads\/2022\/12\/Unha-decorada-para-o-natal-delicadas.jpg 760w, https:\/\/danidrops.com.br\/wp-content\/uploads\/2022\/12\/Unha-decorada-para-o-natal-delicadas-300x219.jpg 300w, https:\/\/danidrops.com.br\/wp-content\/uploads\/2022\/12\/Unha-decorada-para-o-natal-delicadas-16x12.jpg 16w, https:\/\/danidrops.com.br\/wp-content\/uploads\/2022\/12\/Unha-decorada-para-o-natal-delicadas-150x110.jpg 150w\" sizes=\"auto, (max-width: 760px) 100vw, 760px\" \/><figcaption class=\"wp-element-caption\">U\u00f1as decoradas para Navidad delicadas<\/figcaption><\/figure>\n\n\n\n<figure class=\"wp-block-image size-full\"><img loading=\"lazy\" decoding=\"async\" width=\"760\" height=\"555\" src=\"https:\/\/danidrops.com.br\/wp-content\/uploads\/2022\/12\/Unha-decorada-para-o-natal-delicadas-3.jpg\" alt=\"U\u00f1as decoradas para Navidad delicadas\" class=\"wp-image-60526\" title=\"\" srcset=\"https:\/\/danidrops.com.br\/wp-content\/uploads\/2022\/12\/Unha-decorada-para-o-natal-delicadas-3.jpg 760w, https:\/\/danidrops.com.br\/wp-content\/uploads\/2022\/12\/Unha-decorada-para-o-natal-delicadas-3-300x219.jpg 300w, https:\/\/danidrops.com.br\/wp-content\/uploads\/2022\/12\/Unha-decorada-para-o-natal-delicadas-3-16x12.jpg 16w, https:\/\/danidrops.com.br\/wp-content\/uploads\/2022\/12\/Unha-decorada-para-o-natal-delicadas-3-150x110.jpg 150w\" sizes=\"auto, (max-width: 760px) 100vw, 760px\" \/><figcaption class=\"wp-element-caption\">U\u00f1as decoradas para Navidad delicadas<\/figcaption><\/figure>\n\n\n\n<p>Si eres el tipo de persona a la que le gustan los colores o patrones m\u00e1s delicados en lugar de los colores vibrantes, \u00a1entonces la delicada u\u00f1a decorada es tu elecci\u00f3n correcta!<\/p>\n\n\n\n<h2 class=\"wp-block-heading\"><span class=\"ez-toc-section\" id=\"Unha_decorada_para_o_natal_nude\"><\/span>U\u00f1as decoradas para navidad nude<span class=\"ez-toc-section-end\"><\/span><\/h2>\n\n\n\n<p><strong>u\u00f1as decoradas nude para navidad <\/strong>es la tendencia que encabeza la lista de quienes gustan de las tendencias nail art.<\/p>\n\n\n\n<figure class=\"wp-block-image size-full\"><img loading=\"lazy\" decoding=\"async\" width=\"760\" height=\"555\" src=\"https:\/\/danidrops.com.br\/wp-content\/uploads\/2022\/12\/Unha-decorada-para-o-natal-nude-2.jpg\" alt=\"U\u00f1as decoradas para navidad nude\" class=\"wp-image-60533\" title=\"\" srcset=\"https:\/\/danidrops.com.br\/wp-content\/uploads\/2022\/12\/Unha-decorada-para-o-natal-nude-2.jpg 760w, https:\/\/danidrops.com.br\/wp-content\/uploads\/2022\/12\/Unha-decorada-para-o-natal-nude-2-300x219.jpg 300w, https:\/\/danidrops.com.br\/wp-content\/uploads\/2022\/12\/Unha-decorada-para-o-natal-nude-2-16x12.jpg 16w, https:\/\/danidrops.com.br\/wp-content\/uploads\/2022\/12\/Unha-decorada-para-o-natal-nude-2-150x110.jpg 150w\" sizes=\"auto, (max-width: 760px) 100vw, 760px\" \/><figcaption class=\"wp-element-caption\">U\u00f1as decoradas para navidad nude<\/figcaption><\/figure>\n\n\n\n<p>Las u\u00f1as decoradas en nude tienen la ventaja de combinar con todo tipo de atuendos, ya sean casuales o sofisticados. Existen numerosos dise\u00f1os y colores de u\u00f1as nude que se pueden relacionar con la Navidad y posibilidades para quienes quieran jugar con esta moda de tener innumerables posibilidades para crear su propio estilo.<\/p>\n\n\n\n<figure class=\"wp-block-image size-full\"><img loading=\"lazy\" decoding=\"async\" width=\"760\" height=\"555\" src=\"https:\/\/danidrops.com.br\/wp-content\/uploads\/2022\/12\/Unha-decorada-para-o-natal-nude.jpg\" alt=\"U\u00f1as decoradas para navidad nude\" class=\"wp-image-60532\" title=\"\" srcset=\"https:\/\/danidrops.com.br\/wp-content\/uploads\/2022\/12\/Unha-decorada-para-o-natal-nude.jpg 760w, https:\/\/danidrops.com.br\/wp-content\/uploads\/2022\/12\/Unha-decorada-para-o-natal-nude-300x219.jpg 300w, https:\/\/danidrops.com.br\/wp-content\/uploads\/2022\/12\/Unha-decorada-para-o-natal-nude-16x12.jpg 16w, https:\/\/danidrops.com.br\/wp-content\/uploads\/2022\/12\/Unha-decorada-para-o-natal-nude-150x110.jpg 150w\" sizes=\"auto, (max-width: 760px) 100vw, 760px\" \/><figcaption class=\"wp-element-caption\">U\u00f1as decoradas para navidad nude<\/figcaption><\/figure>\n\n\n\n<figure class=\"wp-block-image size-full\"><img loading=\"lazy\" decoding=\"async\" width=\"760\" height=\"555\" src=\"https:\/\/danidrops.com.br\/wp-content\/uploads\/2022\/12\/Unha-decorada-para-o-natal-nude-3.jpg\" alt=\"U\u00f1as decoradas para navidad nude\" class=\"wp-image-60531\" title=\"\" srcset=\"https:\/\/danidrops.com.br\/wp-content\/uploads\/2022\/12\/Unha-decorada-para-o-natal-nude-3.jpg 760w, https:\/\/danidrops.com.br\/wp-content\/uploads\/2022\/12\/Unha-decorada-para-o-natal-nude-3-300x219.jpg 300w, https:\/\/danidrops.com.br\/wp-content\/uploads\/2022\/12\/Unha-decorada-para-o-natal-nude-3-16x12.jpg 16w, https:\/\/danidrops.com.br\/wp-content\/uploads\/2022\/12\/Unha-decorada-para-o-natal-nude-3-150x110.jpg 150w\" sizes=\"auto, (max-width: 760px) 100vw, 760px\" \/><figcaption class=\"wp-element-caption\">U\u00f1as decoradas para navidad nude<\/figcaption><\/figure>\n\n\n\n<h2 class=\"wp-block-heading\"><span class=\"ez-toc-section\" id=\"Unha_decorada_para_o_natal_preta\"><\/span>U\u00f1as decoradas para navidad negras<span class=\"ez-toc-section-end\"><\/span><\/h2>\n\n\n\n<p><strong>U\u00f1as decoradas para navidad negras<\/strong> Definitivamente es una tendencia que no te puedes perder. Si buscas unas u\u00f1as chic, cl\u00e1sicas y discretas, \u00a1la u\u00f1a decorada negra es la opci\u00f3n perfecta para ti esta Navidad!<\/p>\n\n\n\n<figure class=\"wp-block-image size-full\"><img loading=\"lazy\" decoding=\"async\" width=\"760\" height=\"555\" src=\"https:\/\/danidrops.com.br\/wp-content\/uploads\/2022\/12\/Unha-decorada-para-o-natal-preta-2.jpg\" alt=\"U\u00f1as decoradas para navidad negras\" class=\"wp-image-60535\" title=\"\" srcset=\"https:\/\/danidrops.com.br\/wp-content\/uploads\/2022\/12\/Unha-decorada-para-o-natal-preta-2.jpg 760w, https:\/\/danidrops.com.br\/wp-content\/uploads\/2022\/12\/Unha-decorada-para-o-natal-preta-2-300x219.jpg 300w, https:\/\/danidrops.com.br\/wp-content\/uploads\/2022\/12\/Unha-decorada-para-o-natal-preta-2-16x12.jpg 16w, https:\/\/danidrops.com.br\/wp-content\/uploads\/2022\/12\/Unha-decorada-para-o-natal-preta-2-150x110.jpg 150w\" sizes=\"auto, (max-width: 760px) 100vw, 760px\" \/><figcaption class=\"wp-element-caption\">U\u00f1as decoradas para navidad negras<\/figcaption><\/figure>\n\n\n\n<p>El nail art negro es ideal para esos d\u00edas de Navidad en los que necesitas un look elegante y vanguardista. Es posible crear dise\u00f1os incre\u00edbles usando este color, desde peque\u00f1os detalles sutiles hasta verdaderas obras maestras en tu dedo.<\/p>\n\n\n\n<figure class=\"wp-block-image size-full\"><img loading=\"lazy\" decoding=\"async\" width=\"760\" height=\"555\" src=\"https:\/\/danidrops.com.br\/wp-content\/uploads\/2022\/12\/Unha-decorada-para-o-natal-preta.jpg\" alt=\"U\u00f1as decoradas para navidad negras\" class=\"wp-image-60534\" title=\"\" srcset=\"https:\/\/danidrops.com.br\/wp-content\/uploads\/2022\/12\/Unha-decorada-para-o-natal-preta.jpg 760w, https:\/\/danidrops.com.br\/wp-content\/uploads\/2022\/12\/Unha-decorada-para-o-natal-preta-300x219.jpg 300w, https:\/\/danidrops.com.br\/wp-content\/uploads\/2022\/12\/Unha-decorada-para-o-natal-preta-16x12.jpg 16w, https:\/\/danidrops.com.br\/wp-content\/uploads\/2022\/12\/Unha-decorada-para-o-natal-preta-150x110.jpg 150w\" sizes=\"auto, (max-width: 760px) 100vw, 760px\" \/><figcaption class=\"wp-element-caption\">U\u00f1as decoradas para navidad negras<\/figcaption><\/figure>\n\n\n\n<h2 class=\"wp-block-heading\"><span class=\"ez-toc-section\" id=\"Unha_decorada_para_o_natal_vermelho_e_dourado\"><\/span>U\u00f1as decoradas para navidad rojo y dorado.<span class=\"ez-toc-section-end\"><\/span><\/h2>\n\n\n\n<p><strong>U\u00f1as decoradas en rojo y dorado para navidad. <\/strong>Es la combinaci\u00f3n perfecta de dos colores para lucir elegante y destacar en Navidad.<\/p>\n\n\n\n<figure class=\"wp-block-image size-full\"><img loading=\"lazy\" decoding=\"async\" width=\"760\" height=\"555\" src=\"https:\/\/danidrops.com.br\/wp-content\/uploads\/2022\/12\/Unha-decorada-para-o-natal-vermelho-e-dourado-2.jpg\" alt=\"U\u00f1as decoradas para navidad rojo y dorado.\" class=\"wp-image-60542\" title=\"\" srcset=\"https:\/\/danidrops.com.br\/wp-content\/uploads\/2022\/12\/Unha-decorada-para-o-natal-vermelho-e-dourado-2.jpg 760w, https:\/\/danidrops.com.br\/wp-content\/uploads\/2022\/12\/Unha-decorada-para-o-natal-vermelho-e-dourado-2-300x219.jpg 300w, https:\/\/danidrops.com.br\/wp-content\/uploads\/2022\/12\/Unha-decorada-para-o-natal-vermelho-e-dourado-2-16x12.jpg 16w, https:\/\/danidrops.com.br\/wp-content\/uploads\/2022\/12\/Unha-decorada-para-o-natal-vermelho-e-dourado-2-150x110.jpg 150w\" sizes=\"auto, (max-width: 760px) 100vw, 760px\" \/><figcaption class=\"wp-element-caption\">U\u00f1as decoradas para navidad rojo y dorado.<\/figcaption><\/figure>\n\n\n\n<p>Esta tendencia de nail art te permite combinar el rojo con el dorado para crear un lujoso dise\u00f1o de nail art.<\/p>\n\n\n\n<figure class=\"wp-block-image size-full\"><img loading=\"lazy\" decoding=\"async\" width=\"760\" height=\"555\" src=\"https:\/\/danidrops.com.br\/wp-content\/uploads\/2022\/12\/Unha-decorada-para-o-natal-vermelho-e-dourado.jpg\" alt=\"U\u00f1as decoradas para navidad rojo y dorado.\" class=\"wp-image-60540\" title=\"\" srcset=\"https:\/\/danidrops.com.br\/wp-content\/uploads\/2022\/12\/Unha-decorada-para-o-natal-vermelho-e-dourado.jpg 760w, https:\/\/danidrops.com.br\/wp-content\/uploads\/2022\/12\/Unha-decorada-para-o-natal-vermelho-e-dourado-300x219.jpg 300w, https:\/\/danidrops.com.br\/wp-content\/uploads\/2022\/12\/Unha-decorada-para-o-natal-vermelho-e-dourado-16x12.jpg 16w, https:\/\/danidrops.com.br\/wp-content\/uploads\/2022\/12\/Unha-decorada-para-o-natal-vermelho-e-dourado-150x110.jpg 150w\" sizes=\"auto, (max-width: 760px) 100vw, 760px\" \/><figcaption class=\"wp-element-caption\">U\u00f1as decoradas para navidad rojo y dorado.<\/figcaption><\/figure>\n\n\n\n<figure class=\"wp-block-image size-full\"><img loading=\"lazy\" decoding=\"async\" width=\"760\" height=\"555\" src=\"https:\/\/danidrops.com.br\/wp-content\/uploads\/2022\/12\/Unha-decorada-para-o-natal-vermelho-e-dourado-3.jpg\" alt=\"U\u00f1as decoradas para navidad rojo y dorado.\" class=\"wp-image-60539\" title=\"\" srcset=\"https:\/\/danidrops.com.br\/wp-content\/uploads\/2022\/12\/Unha-decorada-para-o-natal-vermelho-e-dourado-3.jpg 760w, https:\/\/danidrops.com.br\/wp-content\/uploads\/2022\/12\/Unha-decorada-para-o-natal-vermelho-e-dourado-3-300x219.jpg 300w, https:\/\/danidrops.com.br\/wp-content\/uploads\/2022\/12\/Unha-decorada-para-o-natal-vermelho-e-dourado-3-16x12.jpg 16w, https:\/\/danidrops.com.br\/wp-content\/uploads\/2022\/12\/Unha-decorada-para-o-natal-vermelho-e-dourado-3-150x110.jpg 150w\" sizes=\"auto, (max-width: 760px) 100vw, 760px\" \/><figcaption class=\"wp-element-caption\">U\u00f1as decoradas para navidad rojo y dorado.<\/figcaption><\/figure>\n\n\n\n<p>La u\u00f1a decorada en rojo es intensa y vibrante, mientras que la dorada le da un toque de glamour y sofisticaci\u00f3n. \u00a1Esta tendencia es ideal para cualquier persona que quiera mostrar su lado extravagante sin exagerar y llamar demasiado la atenci\u00f3n!<\/p>\n\n\n\n<h2 class=\"wp-block-heading\"><span class=\"ez-toc-section\" id=\"Unha_decorada_para_o_natal_simples\"><\/span>U\u00f1as decoradas para navidad sencilla<span class=\"ez-toc-section-end\"><\/span><\/h2>\n\n\n\n<p><strong>U\u00f1as decoradas para navidad sencilla <\/strong>es ideal para aquellos que quieren a\u00f1adir un toque divertido a su estilo sin exagerar. Esta tendencia de nail art te permite mantener el estilo discreto.<\/p>\n\n\n\n<figure class=\"wp-block-image size-full\"><img loading=\"lazy\" decoding=\"async\" width=\"760\" height=\"555\" src=\"https:\/\/danidrops.com.br\/wp-content\/uploads\/2022\/12\/Unha-decorada-para-o-natal-simples-2.jpg\" alt=\"U\u00f1as decoradas para navidad sencilla\" class=\"wp-image-60538\" title=\"\" srcset=\"https:\/\/danidrops.com.br\/wp-content\/uploads\/2022\/12\/Unha-decorada-para-o-natal-simples-2.jpg 760w, https:\/\/danidrops.com.br\/wp-content\/uploads\/2022\/12\/Unha-decorada-para-o-natal-simples-2-300x219.jpg 300w, https:\/\/danidrops.com.br\/wp-content\/uploads\/2022\/12\/Unha-decorada-para-o-natal-simples-2-16x12.jpg 16w, https:\/\/danidrops.com.br\/wp-content\/uploads\/2022\/12\/Unha-decorada-para-o-natal-simples-2-150x110.jpg 150w\" sizes=\"auto, (max-width: 760px) 100vw, 760px\" \/><figcaption class=\"wp-element-caption\">U\u00f1as decoradas para navidad sencilla<\/figcaption><\/figure>\n\n\n\n<p>Puede agregar dibujos, peque\u00f1os s\u00edmbolos navide\u00f1os, pero tenga cuidado de no cruzar la l\u00ednea. Adem\u00e1s, puedes utilizar pedrer\u00eda y apliques adhesivos para darle un toque especial a tus u\u00f1as.<\/p>\n\n\n\n<p>Una gran idea es crear estampados geom\u00e9tricos y rayas en plateado o dorado que tambi\u00e9n hagan referencia a la \u00e9poca navide\u00f1a. Tambi\u00e9n puedes optar por colores neutros como el marr\u00f3n, el nude o el blanco para que tus u\u00f1as luzcan elegantes sin perder tu estilo.<\/p>\n\n\n\n<figure class=\"wp-block-image size-full\"><img loading=\"lazy\" decoding=\"async\" width=\"760\" height=\"555\" src=\"https:\/\/danidrops.com.br\/wp-content\/uploads\/2022\/12\/Unha-decorada-para-o-natal-simples.jpg\" alt=\"U\u00f1as decoradas para navidad sencilla\" class=\"wp-image-60537\" title=\"\" srcset=\"https:\/\/danidrops.com.br\/wp-content\/uploads\/2022\/12\/Unha-decorada-para-o-natal-simples.jpg 760w, https:\/\/danidrops.com.br\/wp-content\/uploads\/2022\/12\/Unha-decorada-para-o-natal-simples-300x219.jpg 300w, https:\/\/danidrops.com.br\/wp-content\/uploads\/2022\/12\/Unha-decorada-para-o-natal-simples-16x12.jpg 16w, https:\/\/danidrops.com.br\/wp-content\/uploads\/2022\/12\/Unha-decorada-para-o-natal-simples-150x110.jpg 150w\" sizes=\"auto, (max-width: 760px) 100vw, 760px\" \/><figcaption class=\"wp-element-caption\">U\u00f1as decoradas para navidad sencilla<\/figcaption><\/figure>\n\n\n\n<p>Completando el look con un toque glamuroso, tambi\u00e9n puedes usar brillo en algunas partes de las u\u00f1as o incluso usarlo en toda la u\u00f1a. \u00a1Este tipo de u\u00f1a decorada lucir\u00e1 incre\u00edble en las im\u00e1genes de la cena navide\u00f1a!<\/p>\n\n\n\t\t<div class=\"web-stories-list alignnone has-archive-link is-view-type-carousel is-style-default is-carousel\" data-id=\"1\">\n\t\t\t<div\n\t\t\tclass=\"web-stories-list__inner-wrapper carousel-1\"\n\t\t\tstyle=\"--ws-story-max-width:185px\"\n\t\t\t>\n\t\t\t\t\t\t<div class=\"web-stories-list__archive-link\">\n\t\t\t<a href=\"https:\/\/danidrops.com.br\/es\/historias-web\/\">\n\t\t\t\tVer todas las historias\t\t\t<\/a>\n\t\t<\/div>\n\t\t\t\t\t\t\t<div\n\t\t\t\t\tclass=\"web-stories-list__carousel carousel\"\n\t\t\t\t\tdata-id=\"carousel-1\"\n\t\t\t\t\tdata-prev=\"Anterior\"\n\t\t\t\t\tdata-next=\"Siguiente\"\n\t\t\t\t\t>\n\t\t\t\t\t\t\t\t\t<div\n\t\t\t\tclass=\"web-stories-list__story\"\n\t\t\t\tdata-wp-interactive=\"web-stories-block\"\n\t\t\t\tdata-wp-context='{\"instanceId\":1}'\t\t\t\tdata-wp-on--click=\"actions.open\"\n\t\t\t\tdata-wp-on-window--popstate=\"actions.onPopstate\"\n\t\t\t\t>\n\t\t\t\t\t\t\t<div class=\"web-stories-list__story-poster\">\n\t\t\t\t<a href=\"https:\/\/danidrops.com.br\/es\/historias-web\/tendencias-de-look-tie-dye\/\" >\n\t\t\t\t\t<img\n\t\t\t\t\t\tsrc=\"https:\/\/danidrops.com.br\/wp-content\/uploads\/2021\/10\/cropped-Tendencias-de-looks-Tie-Dye-Calca-Tie-Dye-1.jpg\"\n\t\t\t\t\t\talt=\"Tie Dye Looks Trends 2022 \u2013 Mira m\u00e1s de 60 modelos de ropa con estampado Tie Dye para inspirarte\"\n\t\t\t\t\t\twidth=\"185\"\n\t\t\t\t\t\theight=\"308\"\n\t\t\t\t\t\t\t\t\t\t\t\t\tsrcset=\"https:\/\/danidrops.com.br\/wp-content\/uploads\/2021\/10\/cropped-Tendencias-de-looks-Tie-Dye-Calca-Tie-Dye-1.jpg 640w, https:\/\/danidrops.com.br\/wp-content\/uploads\/2021\/10\/cropped-Tendencias-de-looks-Tie-Dye-Calca-Tie-Dye-1-225x300.jpg 225w, https:\/\/danidrops.com.br\/wp-content\/uploads\/2021\/10\/cropped-Tendencias-de-looks-Tie-Dye-Calca-Tie-Dye-1-150x200.jpg 150w\"\n\t\t\t\t\t\t\t\t\t\t\t\t\t\t\t\t\t\t\tsizes=\"auto, (max-width: 640px) 100vw, 640px\"\n\t\t\t\t\t\t\t\t\t\t\t\tloading=\"lazy\"\n\t\t\t\t\t\tdecoding=\"async\"\n\t\t\t\t\t>\n\t\t\t\t<\/a>\n\t\t\t<\/div>\n\t\t\t\t\t<div class=\"web-stories-list__story-content-overlay\">\n\t\t\t\t\t\t\t<div class=\"story-content-overlay__title\">\n\t\t\t\t\tTie Dye Looks Trends 2022 \u2013 Mira m\u00e1s de 60 modelos de ropa con estampado Tie Dye para inspirarte\t\t\t\t<\/div>\n\t\t\t\n\t\t\t\n\t\t\t\n\t\t\t\t\t<\/div>\n\t\t\t\t\t<\/div>\n\t\t\t\t\t\t<div\n\t\t\t\tclass=\"web-stories-list__story\"\n\t\t\t\tdata-wp-interactive=\"web-stories-block\"\n\t\t\t\tdata-wp-context='{\"instanceId\":1}'\t\t\t\tdata-wp-on--click=\"actions.open\"\n\t\t\t\tdata-wp-on-window--popstate=\"actions.onPopstate\"\n\t\t\t\t>\n\t\t\t\t\t\t\t<div class=\"web-stories-list__story-poster\">\n\t\t\t\t<a href=\"https:\/\/danidrops.com.br\/es\/historias-web\/tendencia-de-faldas\/\" >\n\t\t\t\t\t<img\n\t\t\t\t\t\tsrc=\"https:\/\/danidrops.com.br\/wp-content\/uploads\/2021\/10\/cropped-tendencia-de-saias-saia-mini-saia-e-saia-tulipa.jpg\"\n\t\t\t\t\t\talt=\"Faldas Tendencia 2022. Mira 40 modelos de faldas que est\u00e1n de moda\"\n\t\t\t\t\t\twidth=\"185\"\n\t\t\t\t\t\theight=\"308\"\n\t\t\t\t\t\t\t\t\t\t\t\t\tsrcset=\"https:\/\/danidrops.com.br\/wp-content\/uploads\/2021\/10\/cropped-tendencia-de-saias-saia-mini-saia-e-saia-tulipa.jpg 640w, https:\/\/danidrops.com.br\/wp-content\/uploads\/2021\/10\/cropped-tendencia-de-saias-saia-mini-saia-e-saia-tulipa-225x300.jpg 225w, https:\/\/danidrops.com.br\/wp-content\/uploads\/2021\/10\/cropped-tendencia-de-saias-saia-mini-saia-e-saia-tulipa-150x200.jpg 150w\"\n\t\t\t\t\t\t\t\t\t\t\t\t\t\t\t\t\t\t\tsizes=\"auto, (max-width: 640px) 100vw, 640px\"\n\t\t\t\t\t\t\t\t\t\t\t\tloading=\"lazy\"\n\t\t\t\t\t\tdecoding=\"async\"\n\t\t\t\t\t>\n\t\t\t\t<\/a>\n\t\t\t<\/div>\n\t\t\t\t\t<div class=\"web-stories-list__story-content-overlay\">\n\t\t\t\t\t\t\t<div class=\"story-content-overlay__title\">\n\t\t\t\t\tFaldas Tendencia 2022. Mira 40 modelos de faldas que est\u00e1n de moda\t\t\t\t<\/div>\n\t\t\t\n\t\t\t\n\t\t\t\n\t\t\t\t\t<\/div>\n\t\t\t\t\t<\/div>\n\t\t\t\t\t\t<div\n\t\t\t\tclass=\"web-stories-list__story\"\n\t\t\t\tdata-wp-interactive=\"web-stories-block\"\n\t\t\t\tdata-wp-context='{\"instanceId\":1}'\t\t\t\tdata-wp-on--click=\"actions.open\"\n\t\t\t\tdata-wp-on-window--popstate=\"actions.onPopstate\"\n\t\t\t\t>\n\t\t\t\t\t\t\t<div class=\"web-stories-list__story-poster\">\n\t\t\t\t<a href=\"https:\/\/danidrops.com.br\/es\/historias-web\/cortes-de-pelo-cortos-para-mujeres-asiaticas\/\" >\n\t\t\t\t\t<img\n\t\t\t\t\t\tsrc=\"https:\/\/danidrops.com.br\/wp-content\/uploads\/2022\/02\/cropped-04-cortes-de-cabelo-curto-para-mulheres-asiaticas-1.jpg\"\n\t\t\t\t\t\talt=\"Cortes de pelo cortos para mujeres asi\u00e1ticas\"\n\t\t\t\t\t\twidth=\"185\"\n\t\t\t\t\t\theight=\"308\"\n\t\t\t\t\t\t\t\t\t\t\t\t\tsrcset=\"https:\/\/danidrops.com.br\/wp-content\/uploads\/2022\/02\/cropped-04-cortes-de-cabelo-curto-para-mulheres-asiaticas-1.jpg 640w, https:\/\/danidrops.com.br\/wp-content\/uploads\/2022\/02\/cropped-04-cortes-de-cabelo-curto-para-mulheres-asiaticas-1-225x300.jpg 225w, https:\/\/danidrops.com.br\/wp-content\/uploads\/2022\/02\/cropped-04-cortes-de-cabelo-curto-para-mulheres-asiaticas-1-150x200.jpg 150w\"\n\t\t\t\t\t\t\t\t\t\t\t\t\t\t\t\t\t\t\tsizes=\"auto, (max-width: 640px) 100vw, 640px\"\n\t\t\t\t\t\t\t\t\t\t\t\tloading=\"lazy\"\n\t\t\t\t\t\tdecoding=\"async\"\n\t\t\t\t\t>\n\t\t\t\t<\/a>\n\t\t\t<\/div>\n\t\t\t\t\t<div class=\"web-stories-list__story-content-overlay\">\n\t\t\t\t\t\t\t<div class=\"story-content-overlay__title\">\n\t\t\t\t\tCortes de pelo cortos para mujeres asi\u00e1ticas\t\t\t\t<\/div>\n\t\t\t\n\t\t\t\n\t\t\t\n\t\t\t\t\t<\/div>\n\t\t\t\t\t<\/div>\n\t\t\t\t\t\t<div\n\t\t\t\tclass=\"web-stories-list__story\"\n\t\t\t\tdata-wp-interactive=\"web-stories-block\"\n\t\t\t\tdata-wp-context='{\"instanceId\":1}'\t\t\t\tdata-wp-on--click=\"actions.open\"\n\t\t\t\tdata-wp-on-window--popstate=\"actions.onPopstate\"\n\t\t\t\t>\n\t\t\t\t\t\t\t<div class=\"web-stories-list__story-poster\">\n\t\t\t\t<a href=\"https:\/\/danidrops.com.br\/es\/historias-web\/moda-fitness-2023-ver-las-10-tendencias-que-estan-creciendo\/\" >\n\t\t\t\t\t<img\n\t\t\t\t\t\tsrc=\"https:\/\/danidrops.com.br\/wp-content\/uploads\/2022\/08\/cropped-Moda-Fitness-2023-1.jpg\"\n\t\t\t\t\t\talt=\"Fitness Fashion 2023: vea las 10 tendencias populares\"\n\t\t\t\t\t\twidth=\"185\"\n\t\t\t\t\t\theight=\"308\"\n\t\t\t\t\t\t\t\t\t\t\t\t\tsrcset=\"https:\/\/danidrops.com.br\/wp-content\/uploads\/2022\/08\/cropped-Moda-Fitness-2023-1.jpg 640w, https:\/\/danidrops.com.br\/wp-content\/uploads\/2022\/08\/cropped-Moda-Fitness-2023-1-225x300.jpg 225w, https:\/\/danidrops.com.br\/wp-content\/uploads\/2022\/08\/cropped-Moda-Fitness-2023-1-150x200.jpg 150w\"\n\t\t\t\t\t\t\t\t\t\t\t\t\t\t\t\t\t\t\tsizes=\"auto, (max-width: 640px) 100vw, 640px\"\n\t\t\t\t\t\t\t\t\t\t\t\tloading=\"lazy\"\n\t\t\t\t\t\tdecoding=\"async\"\n\t\t\t\t\t>\n\t\t\t\t<\/a>\n\t\t\t<\/div>\n\t\t\t\t\t<div class=\"web-stories-list__story-content-overlay\">\n\t\t\t\t\t\t\t<div class=\"story-content-overlay__title\">\n\t\t\t\t\tFitness Fashion 2023 \u2013 Mira las 10 tendencias que est\u00e1n de moda\t\t\t\t<\/div>\n\t\t\t\n\t\t\t\n\t\t\t\n\t\t\t\t\t<\/div>\n\t\t\t\t\t<\/div>\n\t\t\t\t\t\t<div\n\t\t\t\tclass=\"web-stories-list__story\"\n\t\t\t\tdata-wp-interactive=\"web-stories-block\"\n\t\t\t\tdata-wp-context='{\"instanceId\":1}'\t\t\t\tdata-wp-on--click=\"actions.open\"\n\t\t\t\tdata-wp-on-window--popstate=\"actions.onPopstate\"\n\t\t\t\t>\n\t\t\t\t\t\t\t<div class=\"web-stories-list__story-poster\">\n\t\t\t\t<a href=\"https:\/\/danidrops.com.br\/es\/historias-web\/corte-de-pelo-bob-largo-tendencia\/\" >\n\t\t\t\t\t<img\n\t\t\t\t\t\tsrc=\"https:\/\/danidrops.com.br\/wp-content\/uploads\/2022\/01\/cropped-Corte-de-long-bob-03-640x853.jpg\"\n\t\t\t\t\t\talt=\"Corte de pelo Long Bob: mira la tendencia que ser\u00e1 popular este verano\"\n\t\t\t\t\t\twidth=\"185\"\n\t\t\t\t\t\theight=\"308\"\n\t\t\t\t\t\t\t\t\t\t\t\t\tsrcset=\"https:\/\/danidrops.com.br\/wp-content\/uploads\/2022\/01\/cropped-Corte-de-long-bob-03.jpg 640w, https:\/\/danidrops.com.br\/wp-content\/uploads\/2022\/01\/cropped-Corte-de-long-bob-03-225x300.jpg 225w, https:\/\/danidrops.com.br\/wp-content\/uploads\/2022\/01\/cropped-Corte-de-long-bob-03-150x200.jpg 150w\"\n\t\t\t\t\t\t\t\t\t\t\t\t\t\t\t\t\t\t\tsizes=\"auto, (max-width: 640px) 100vw, 640px\"\n\t\t\t\t\t\t\t\t\t\t\t\tloading=\"lazy\"\n\t\t\t\t\t\tdecoding=\"async\"\n\t\t\t\t\t>\n\t\t\t\t<\/a>\n\t\t\t<\/div>\n\t\t\t\t\t<div class=\"web-stories-list__story-content-overlay\">\n\t\t\t\t\t\t\t<div class=\"story-content-overlay__title\">\n\t\t\t\t\tCorte de pelo largo Bob: vea la tendencia que sacudir\u00e1 este verano\t\t\t\t<\/div>\n\t\t\t\n\t\t\t\n\t\t\t\n\t\t\t\t\t<\/div>\n\t\t\t\t\t<\/div>\n\t\t\t\t\t\t<div\n\t\t\t\tclass=\"web-stories-list__story\"\n\t\t\t\tdata-wp-interactive=\"web-stories-block\"\n\t\t\t\tdata-wp-context='{\"instanceId\":1}'\t\t\t\tdata-wp-on--click=\"actions.open\"\n\t\t\t\tdata-wp-on-window--popstate=\"actions.onPopstate\"\n\t\t\t\t>\n\t\t\t\t\t\t\t<div class=\"web-stories-list__story-poster\">\n\t\t\t\t<a href=\"https:\/\/danidrops.com.br\/es\/historias-web\/vestido-midi-negro-mira-los-10-modelos-que-crecen\/\" >\n\t\t\t\t\t<img\n\t\t\t\t\t\tsrc=\"https:\/\/danidrops.com.br\/wp-content\/uploads\/2022\/08\/cropped-Vestido-Midi-2023-33-1.jpg\"\n\t\t\t\t\t\talt=\"Vestido midi negro \u2013 Mira los 10 modelos que son populares\"\n\t\t\t\t\t\twidth=\"185\"\n\t\t\t\t\t\theight=\"308\"\n\t\t\t\t\t\t\t\t\t\t\t\t\tsrcset=\"https:\/\/danidrops.com.br\/wp-content\/uploads\/2022\/08\/cropped-Vestido-Midi-2023-33-1.jpg 640w, https:\/\/danidrops.com.br\/wp-content\/uploads\/2022\/08\/cropped-Vestido-Midi-2023-33-1-225x300.jpg 225w, https:\/\/danidrops.com.br\/wp-content\/uploads\/2022\/08\/cropped-Vestido-Midi-2023-33-1-150x200.jpg 150w\"\n\t\t\t\t\t\t\t\t\t\t\t\t\t\t\t\t\t\t\tsizes=\"auto, (max-width: 640px) 100vw, 640px\"\n\t\t\t\t\t\t\t\t\t\t\t\tloading=\"lazy\"\n\t\t\t\t\t\tdecoding=\"async\"\n\t\t\t\t\t>\n\t\t\t\t<\/a>\n\t\t\t<\/div>\n\t\t\t\t\t<div class=\"web-stories-list__story-content-overlay\">\n\t\t\t\t\t\t\t<div class=\"story-content-overlay__title\">\n\t\t\t\t\tVestido Midi Negro \u2013 Mira los 10 modelos que est\u00e1n arrasando\t\t\t\t<\/div>\n\t\t\t\n\t\t\t\n\t\t\t\n\t\t\t\t\t<\/div>\n\t\t\t\t\t<\/div>\n\t\t\t\t\t\t<div\n\t\t\t\tclass=\"web-stories-list__story\"\n\t\t\t\tdata-wp-interactive=\"web-stories-block\"\n\t\t\t\tdata-wp-context='{\"instanceId\":1}'\t\t\t\tdata-wp-on--click=\"actions.open\"\n\t\t\t\tdata-wp-on-window--popstate=\"actions.onPopstate\"\n\t\t\t\t>\n\t\t\t\t\t\t\t<div class=\"web-stories-list__story-poster\">\n\t\t\t\t<a href=\"https:\/\/danidrops.com.br\/es\/historias-web\/10-cortes-de-pelo-a-la-altura-de-la-barbilla-que-son-tendencia-este-ano\/\" >\n\t\t\t\t\t<img\n\t\t\t\t\t\tsrc=\"https:\/\/danidrops.com.br\/wp-content\/uploads\/2022\/02\/cropped-10-10-cortes-de-cabelo-na-altura-do-queixo-tendencia-este-ano.jpg\"\n\t\t\t\t\t\talt=\"Cortes de pelo a la altura de la barbilla: actualiza tu look con un corte moderno\"\n\t\t\t\t\t\twidth=\"185\"\n\t\t\t\t\t\theight=\"308\"\n\t\t\t\t\t\t\t\t\t\t\t\t\tsrcset=\"https:\/\/danidrops.com.br\/wp-content\/uploads\/2022\/02\/cropped-10-10-cortes-de-cabelo-na-altura-do-queixo-tendencia-este-ano.jpg 640w, https:\/\/danidrops.com.br\/wp-content\/uploads\/2022\/02\/cropped-10-10-cortes-de-cabelo-na-altura-do-queixo-tendencia-este-ano-225x300.jpg 225w, https:\/\/danidrops.com.br\/wp-content\/uploads\/2022\/02\/cropped-10-10-cortes-de-cabelo-na-altura-do-queixo-tendencia-este-ano-150x200.jpg 150w\"\n\t\t\t\t\t\t\t\t\t\t\t\t\t\t\t\t\t\t\tsizes=\"auto, (max-width: 640px) 100vw, 640px\"\n\t\t\t\t\t\t\t\t\t\t\t\tloading=\"lazy\"\n\t\t\t\t\t\tdecoding=\"async\"\n\t\t\t\t\t>\n\t\t\t\t<\/a>\n\t\t\t<\/div>\n\t\t\t\t\t<div class=\"web-stories-list__story-content-overlay\">\n\t\t\t\t\t\t\t<div class=\"story-content-overlay__title\">\n\t\t\t\t\tCortes de pelo a la altura de la barbilla: actualiza tu look con un corte moderno\t\t\t\t<\/div>\n\t\t\t\n\t\t\t\n\t\t\t\n\t\t\t\t\t<\/div>\n\t\t\t\t\t<\/div>\n\t\t\t\t\t\t<div\n\t\t\t\tclass=\"web-stories-list__story\"\n\t\t\t\tdata-wp-interactive=\"web-stories-block\"\n\t\t\t\tdata-wp-context='{\"instanceId\":1}'\t\t\t\tdata-wp-on--click=\"actions.open\"\n\t\t\t\tdata-wp-on-window--popstate=\"actions.onPopstate\"\n\t\t\t\t>\n\t\t\t\t\t\t\t<div class=\"web-stories-list__story-poster\">\n\t\t\t\t<a href=\"https:\/\/danidrops.com.br\/es\/historias-web\/tendencia-de-vestidos-de-debutante\/\" >\n\t\t\t\t\t<img\n\t\t\t\t\t\tsrc=\"https:\/\/danidrops.com.br\/wp-content\/uploads\/2021\/11\/cropped-Vestido-de-Debutante-Marsala.jpg\"\n\t\t\t\t\t\talt=\"Tendencia de vestidos de debutante en 2022. Vea m\u00e1s de 110 inspiraciones de vestidos de fiesta de debutante\"\n\t\t\t\t\t\twidth=\"185\"\n\t\t\t\t\t\theight=\"308\"\n\t\t\t\t\t\t\t\t\t\t\t\t\tsrcset=\"https:\/\/danidrops.com.br\/wp-content\/uploads\/2021\/11\/cropped-Vestido-de-Debutante-Marsala.jpg 640w, https:\/\/danidrops.com.br\/wp-content\/uploads\/2021\/11\/cropped-Vestido-de-Debutante-Marsala-225x300.jpg 225w, https:\/\/danidrops.com.br\/wp-content\/uploads\/2021\/11\/cropped-Vestido-de-Debutante-Marsala-150x200.jpg 150w\"\n\t\t\t\t\t\t\t\t\t\t\t\t\t\t\t\t\t\t\tsizes=\"auto, (max-width: 640px) 100vw, 640px\"\n\t\t\t\t\t\t\t\t\t\t\t\tloading=\"lazy\"\n\t\t\t\t\t\tdecoding=\"async\"\n\t\t\t\t\t>\n\t\t\t\t<\/a>\n\t\t\t<\/div>\n\t\t\t\t\t<div class=\"web-stories-list__story-content-overlay\">\n\t\t\t\t\t\t\t<div class=\"story-content-overlay__title\">\n\t\t\t\t\tTendencia de vestidos de debutante en 2022. Vea m\u00e1s de 110 inspiraciones de vestidos de fiesta de debutante\t\t\t\t<\/div>\n\t\t\t\n\t\t\t\n\t\t\t\n\t\t\t\t\t<\/div>\n\t\t\t\t\t<\/div>\n\t\t\t\t\t\t<div\n\t\t\t\tclass=\"web-stories-list__story\"\n\t\t\t\tdata-wp-interactive=\"web-stories-block\"\n\t\t\t\tdata-wp-context='{\"instanceId\":1}'\t\t\t\tdata-wp-on--click=\"actions.open\"\n\t\t\t\tdata-wp-on-window--popstate=\"actions.onPopstate\"\n\t\t\t\t>\n\t\t\t\t\t\t\t<div class=\"web-stories-list__story-poster\">\n\t\t\t\t<a href=\"https:\/\/danidrops.com.br\/es\/historias-web\/locks-fulani-ver-10-inspiraciones-de-esta-moda-que-vuelve\/\" >\n\t\t\t\t\t<img\n\t\t\t\t\t\tsrc=\"https:\/\/danidrops.com.br\/wp-content\/uploads\/2022\/06\/cropped-trancas-fulani-08.jpg\"\n\t\t\t\t\t\talt=\"Trenzas Fulani \u2013 Mira 10 inspiraciones para esta moda que vuelve\"\n\t\t\t\t\t\twidth=\"185\"\n\t\t\t\t\t\theight=\"308\"\n\t\t\t\t\t\t\t\t\t\t\t\t\tsrcset=\"https:\/\/danidrops.com.br\/wp-content\/uploads\/2022\/06\/cropped-trancas-fulani-08.jpg 640w, https:\/\/danidrops.com.br\/wp-content\/uploads\/2022\/06\/cropped-trancas-fulani-08-225x300.jpg 225w, https:\/\/danidrops.com.br\/wp-content\/uploads\/2022\/06\/cropped-trancas-fulani-08-150x200.jpg 150w\"\n\t\t\t\t\t\t\t\t\t\t\t\t\t\t\t\t\t\t\tsizes=\"auto, (max-width: 640px) 100vw, 640px\"\n\t\t\t\t\t\t\t\t\t\t\t\tloading=\"lazy\"\n\t\t\t\t\t\tdecoding=\"async\"\n\t\t\t\t\t>\n\t\t\t\t<\/a>\n\t\t\t<\/div>\n\t\t\t\t\t<div class=\"web-stories-list__story-content-overlay\">\n\t\t\t\t\t\t\t<div class=\"story-content-overlay__title\">\n\t\t\t\t\tTrenzas Fulani \u2013 Mira 10 inspiraciones de esta moda que vuelve\t\t\t\t<\/div>\n\t\t\t\n\t\t\t\n\t\t\t\n\t\t\t\t\t<\/div>\n\t\t\t\t\t<\/div>\n\t\t\t\t\t\t<div\n\t\t\t\tclass=\"web-stories-list__story\"\n\t\t\t\tdata-wp-interactive=\"web-stories-block\"\n\t\t\t\tdata-wp-context='{\"instanceId\":1}'\t\t\t\tdata-wp-on--click=\"actions.open\"\n\t\t\t\tdata-wp-on-window--popstate=\"actions.onPopstate\"\n\t\t\t\t>\n\t\t\t\t\t\t\t<div class=\"web-stories-list__story-poster\">\n\t\t\t\t<a href=\"https:\/\/danidrops.com.br\/es\/historias-web\/unas-decoradas-en-morado\/\" >\n\t\t\t\t\t<img\n\t\t\t\t\t\tsrc=\"https:\/\/danidrops.com.br\/wp-content\/uploads\/2022\/01\/cropped-01-Unhas-decoradas-lilas-640x853.jpg\"\n\t\t\t\t\t\talt=\"Lilac Nail Trend 2023: \u00a1Insp\u00edrate y da rienda suelta a tu creatividad!\"\n\t\t\t\t\t\twidth=\"185\"\n\t\t\t\t\t\theight=\"308\"\n\t\t\t\t\t\t\t\t\t\t\t\t\tsrcset=\"https:\/\/danidrops.com.br\/wp-content\/uploads\/2022\/01\/cropped-01-Unhas-decoradas-lilas.jpg 640w, https:\/\/danidrops.com.br\/wp-content\/uploads\/2022\/01\/cropped-01-Unhas-decoradas-lilas-225x300.jpg 225w, https:\/\/danidrops.com.br\/wp-content\/uploads\/2022\/01\/cropped-01-Unhas-decoradas-lilas-150x200.jpg 150w\"\n\t\t\t\t\t\t\t\t\t\t\t\t\t\t\t\t\t\t\tsizes=\"auto, (max-width: 640px) 100vw, 640px\"\n\t\t\t\t\t\t\t\t\t\t\t\tloading=\"lazy\"\n\t\t\t\t\t\tdecoding=\"async\"\n\t\t\t\t\t>\n\t\t\t\t<\/a>\n\t\t\t<\/div>\n\t\t\t\t\t<div class=\"web-stories-list__story-content-overlay\">\n\t\t\t\t\t\t\t<div class=\"story-content-overlay__title\">\n\t\t\t\t\tLilac Nail Trend 2023: \u00a1Insp\u00edrate y da rienda suelta a tu creatividad!\t\t\t\t<\/div>\n\t\t\t\n\t\t\t\n\t\t\t\n\t\t\t\t\t<\/div>\n\t\t\t\t\t<\/div>\n\t\t\t\t\t\t\t\t<\/div>\n\t\t\t\t\t<div tabindex=\"0\" aria-label=\"Anterior\" class=\"glider-prev\"><\/div>\n\t\t\t\t\t<div tabindex=\"0\" aria-label=\"Siguiente\" class=\"glider-next\"><\/div>\n\t\t\t\t\t\t\t\t<\/div>\n\t\t<\/div>\n\t\t\n\n\n<p>Cualquiera que elijas, recuerda que menos es siempre m\u00e1s cuando se trata de u\u00f1as simples. Para un resultado perfecto, utilice una lija fina antes de aplicar el nail art, elimine las cut\u00edculas y aplique una capa fina de esmalte para que se seque r\u00e1pidamente y dure m\u00e1s tiempo.<\/p>\n<div id=\"ez-toc-container\" class=\"ez-toc-v2_0_76 counter-hierarchy ez-toc-counter ez-toc-grey ez-toc-container-direction\">\n<p class=\"ez-toc-title\" style=\"cursor:inherit\">Leer\u00e1s este art\u00edculo<\/p>\n<label for=\"ez-toc-cssicon-toggle-item-69f3fd3abc917\" class=\"ez-toc-cssicon-toggle-label\"><span class=\"ez-toc-cssicon\"><span class=\"eztoc-hide\" style=\"display:none;\">Palanca<\/span><span class=\"ez-toc-icon-toggle-span\"><svg style=\"fill: #999;color:#999\" xmlns=\"http:\/\/www.w3.org\/2000\/svg\" class=\"list-377408\" width=\"20px\" height=\"20px\" viewbox=\"0 0 24 24\" fill=\"none\"><path d=\"M6 6H4v2h2V6zm14 0H8v2h12V6zM4 11h2v2H4v-2zm16 0H8v2h12v-2zM4 16h2v2H4v-2zm16 0H8v2h12v-2z\" fill=\"currentColor\"><\/path><\/svg><svg style=\"fill: #999;color:#999\" class=\"arrow-unsorted-368013\" xmlns=\"http:\/\/www.w3.org\/2000\/svg\" width=\"10px\" height=\"10px\" viewbox=\"0 0 24 24\" version=\"1.2\" baseprofile=\"tiny\"><path d=\"M18.2 9.3l-6.2-6.3-6.2 6.3c-.2.2-.3.4-.3.7s.1.5.3.7c.2.2.4.3.7.3h11c.3 0 .5-.1.7-.3.2-.2.3-.5.3-.7s-.1-.5-.3-.7zM5.8 14.7l6.2 6.3 6.2-6.3c.2-.2.3-.5.3-.7s-.1-.5-.3-.7c-.2-.2-.4-.3-.7-.3h-11c-.3 0-.5.1-.7.3-.2.2-.3.5-.3.7s.1.5.3.7z\"\/><\/svg><\/span><\/span><\/label><input type=\"checkbox\"  id=\"ez-toc-cssicon-toggle-item-69f3fd3abc917\"  aria-label=\"Palanca\" \/><nav><ul class='ez-toc-list ez-toc-list-level-1' ><li class='ez-toc-page-1 ez-toc-heading-level-2'><a class=\"ez-toc-link ez-toc-heading-1\" href=\"https:\/\/danidrops.com.br\/es\/unas-decoradas-para-navidad-2022\/#Exemplos_de_unhas_decoradas_para_o_Natal_2022\" >Ejemplos de u\u00f1as decoradas para navidad 2022<\/a><\/li><li class='ez-toc-page-1 ez-toc-heading-level-2'><a class=\"ez-toc-link ez-toc-heading-2\" href=\"https:\/\/danidrops.com.br\/es\/unas-decoradas-para-navidad-2022\/#Quais_cores_serao_mais_usadas_nas_unhas_decoradas_para_o_natal_2022\" >\u00bfQu\u00e9 colores se utilizar\u00e1n m\u00e1s en las u\u00f1as decoradas para Navidad 2022?<\/a><\/li><li class='ez-toc-page-1 ez-toc-heading-level-2'><a class=\"ez-toc-link ez-toc-heading-3\" href=\"https:\/\/danidrops.com.br\/es\/unas-decoradas-para-navidad-2022\/#Quais_modelos_de_unhas_decoradas_para_o_natal_2022_serao_mais_usados\" >\u00bfQu\u00e9 modelos de u\u00f1as decoradas para Navidad 2022 se utilizar\u00e1n m\u00e1s?<\/a><\/li><li class='ez-toc-page-1 ez-toc-heading-level-2'><a class=\"ez-toc-link ez-toc-heading-4\" href=\"https:\/\/danidrops.com.br\/es\/unas-decoradas-para-navidad-2022\/#Existe_tamanho_certo_para_fazer_unhas_decoradas_para_o_natal_2022\" >\u00bfHay un tama\u00f1o adecuado para hacer u\u00f1as decoradas para Navidad 2022?<\/a><\/li><li class='ez-toc-page-1 ez-toc-heading-level-2'><a class=\"ez-toc-link ez-toc-heading-5\" href=\"https:\/\/danidrops.com.br\/es\/unas-decoradas-para-navidad-2022\/#Quais_sao_as_tendencias_de_cores_de_unha_para_o_natal_2022\" >\u00bfCu\u00e1les son las tendencias de color de u\u00f1as para Navidad 2022?<\/a><\/li><li class='ez-toc-page-1 ez-toc-heading-level-2'><a class=\"ez-toc-link ez-toc-heading-6\" href=\"https:\/\/danidrops.com.br\/es\/unas-decoradas-para-navidad-2022\/#Unha_decorada_para_o_natal_branca\" >U\u00f1as decoradas para navidad blancas<\/a><\/li><li class='ez-toc-page-1 ez-toc-heading-level-2'><a class=\"ez-toc-link ez-toc-heading-7\" href=\"https:\/\/danidrops.com.br\/es\/unas-decoradas-para-navidad-2022\/#Unha_decorada_para_o_natal_vermelha\" >U\u00f1as decoradas para navidad rojo<\/a><\/li><li class='ez-toc-page-1 ez-toc-heading-level-2'><a class=\"ez-toc-link ez-toc-heading-8\" href=\"https:\/\/danidrops.com.br\/es\/unas-decoradas-para-navidad-2022\/#Unha_decorada_para_o_natal_com_glitter\" >U\u00f1as decoradas para navidad con purpurina<\/a><\/li><li class='ez-toc-page-1 ez-toc-heading-level-2'><a class=\"ez-toc-link ez-toc-heading-9\" href=\"https:\/\/danidrops.com.br\/es\/unas-decoradas-para-navidad-2022\/#Unha_decorada_para_o_natal_dourada\" >U\u00f1as decoradas para navidad dorada.<\/a><\/li><li class='ez-toc-page-1 ez-toc-heading-level-2'><a class=\"ez-toc-link ez-toc-heading-10\" href=\"https:\/\/danidrops.com.br\/es\/unas-decoradas-para-navidad-2022\/#Unha_decorada_para_o_natal_prateada\" >U\u00f1as decoradas para navidad plata<\/a><\/li><li class='ez-toc-page-1 ez-toc-heading-level-2'><a class=\"ez-toc-link ez-toc-heading-11\" href=\"https:\/\/danidrops.com.br\/es\/unas-decoradas-para-navidad-2022\/#Unha_decorada_para_o_natal_com_desenhos\" >U\u00f1as decoradas para navidad con dibujos<\/a><\/li><li class='ez-toc-page-1 ez-toc-heading-level-2'><a class=\"ez-toc-link ez-toc-heading-12\" href=\"https:\/\/danidrops.com.br\/es\/unas-decoradas-para-navidad-2022\/#Unha_decorada_para_o_natal_delicadas\" >U\u00f1as decoradas para Navidad delicadas<\/a><\/li><li class='ez-toc-page-1 ez-toc-heading-level-2'><a class=\"ez-toc-link ez-toc-heading-13\" href=\"https:\/\/danidrops.com.br\/es\/unas-decoradas-para-navidad-2022\/#Unha_decorada_para_o_natal_nude\" >U\u00f1as decoradas para navidad nude<\/a><\/li><li class='ez-toc-page-1 ez-toc-heading-level-2'><a class=\"ez-toc-link ez-toc-heading-14\" href=\"https:\/\/danidrops.com.br\/es\/unas-decoradas-para-navidad-2022\/#Unha_decorada_para_o_natal_preta\" >U\u00f1as decoradas para navidad negras<\/a><\/li><li class='ez-toc-page-1 ez-toc-heading-level-2'><a class=\"ez-toc-link ez-toc-heading-15\" href=\"https:\/\/danidrops.com.br\/es\/unas-decoradas-para-navidad-2022\/#Unha_decorada_para_o_natal_vermelho_e_dourado\" >U\u00f1as decoradas para navidad rojo y dorado.<\/a><\/li><li class='ez-toc-page-1 ez-toc-heading-level-2'><a class=\"ez-toc-link ez-toc-heading-16\" href=\"https:\/\/danidrops.com.br\/es\/unas-decoradas-para-navidad-2022\/#Unha_decorada_para_o_natal_simples\" >U\u00f1as decoradas para navidad sencilla<\/a><\/li><\/ul><\/nav><\/div>","protected":false},"excerpt":{"rendered":"<p>Pensar en u\u00f1as decoradas para Navidad 2022 ya es algo que debe estar en la mente de las mujeres que les gusta estar siempre con\u2026<\/p>","protected":false},"author":1,"featured_media":36719,"comment_status":"open","ping_status":"open","sticky":false,"template":"","format":"standard","meta":{"footnotes":""},"categories":[456],"tags":[],"class_list":["post-36376","post","type-post","status-publish","format-standard","has-post-thumbnail","hentry","category-tendencia-de-unhas"],"_links":{"self":[{"href":"https:\/\/danidrops.com.br\/es\/wp-json\/wp\/v2\/posts\/36376","targetHints":{"allow":["GET"]}}],"collection":[{"href":"https:\/\/danidrops.com.br\/es\/wp-json\/wp\/v2\/posts"}],"about":[{"href":"https:\/\/danidrops.com.br\/es\/wp-json\/wp\/v2\/types\/post"}],"author":[{"embeddable":true,"href":"https:\/\/danidrops.com.br\/es\/wp-json\/wp\/v2\/users\/1"}],"replies":[{"embeddable":true,"href":"https:\/\/danidrops.com.br\/es\/wp-json\/wp\/v2\/comments?post=36376"}],"version-history":[{"count":0,"href":"https:\/\/danidrops.com.br\/es\/wp-json\/wp\/v2\/posts\/36376\/revisions"}],"wp:featuredmedia":[{"embeddable":true,"href":"https:\/\/danidrops.com.br\/es\/wp-json\/wp\/v2\/media\/36719"}],"wp:attachment":[{"href":"https:\/\/danidrops.com.br\/es\/wp-json\/wp\/v2\/media?parent=36376"}],"wp:term":[{"taxonomy":"category","embeddable":true,"href":"https:\/\/danidrops.com.br\/es\/wp-json\/wp\/v2\/categories?post=36376"},{"taxonomy":"post_tag","embeddable":true,"href":"https:\/\/danidrops.com.br\/es\/wp-json\/wp\/v2\/tags?post=36376"}],"curies":[{"name":"gracias","href":"https:\/\/api.w.org\/{rel}","templated":true}]}}