{"id":451,"date":"2021-07-30T13:13:00","date_gmt":"2021-07-30T16:13:00","guid":{"rendered":"https:\/\/danidrops.com.br\/?p=451"},"modified":"2024-03-09T00:08:56","modified_gmt":"2024-03-09T03:08:56","slug":"programa-de-cuidado-capilar-para-cabello-danado","status":"publish","type":"post","link":"https:\/\/danidrops.com.br\/es\/programa-de-cuidado-capilar-para-cabello-danado\/","title":{"rendered":"Hair Schedule 2022: para cabello da\u00f1ado, recupera tu cabello en 30 d\u00edas"},"content":{"rendered":"<p>Hola, conoce el <strong>Programa capilar para cabello da\u00f1ado<\/strong>? Hoy les voy a contar mi peque\u00f1o secreto de belleza capilar que ayud\u00f3 a salvar mi cabello y desde entonces solo he recibido cumplidos.<\/p>\n\n\n\n<p><strong>Programa capilar para cabello da\u00f1ado<\/strong>! si, despu\u00e9s de que investigu\u00e9 y comenc\u00e9 a hacer el calendario de cabello religiosamente jajaja mi cabello cambi\u00f3 de agua a vino y les cuento todo aqu\u00ed! \u00a1Llama a tus amigos y este consejo te encantar\u00e1! vamos mmm<\/p>\n\n\n\n<h2 class=\"wp-block-heading\"><span class=\"ez-toc-section\" id=\"O_que_sera_necessarios_para_se_fazer_um_cronograma_capilar\"><\/span>\u00bfQu\u00e9 se necesita para hacer un calendario de cabello?<span class=\"ez-toc-section-end\"><\/span><\/h2>\n\n\n\n<p>Tendr\u00e1s que hacer un calendario capilar son:<\/p>\n\n\n\n<ul class=\"wp-block-list\">\n<li>Mascarilla para hidratar<\/li>\n\n\n\n<li>Nutrici\u00f3n o Humedad<\/li>\n\n\n\n<li>reconstructor de cabello<\/li>\n<\/ul>\n\n\n\n<h2 class=\"wp-block-heading\"><span class=\"ez-toc-section\" id=\"O_que_e_Cronograma_Capilar\"><\/span>\u00bfQu\u00e9 es el programa de cabello?<span class=\"ez-toc-section-end\"><\/span><\/h2>\n\n\n\n<p>Para que nuestro cabello sea hermoso, fuerte y saludable, necesita varios tipos de nutrientes, es decir, cari\u00f1o, solo hidrata tu cabello una vez al mes, con esa m\u00e1scara que est\u00e1 all\u00ed en la caja del ba\u00f1o llena de agua adentro, todo el sufrimiento no no resuelve nada!<\/p>\n\n\n\n<p>O <strong>Programa capilar para cabello da\u00f1ado<\/strong>&nbsp;\u00a1Es como hacer un diario para que recuerdes proporcionar lo que tu cabello necesita en cada lavado! Consta de 3 fases: Hidrataci\u00f3n, Nutrici\u00f3n o Humectaci\u00f3n y Reconstrucci\u00f3n. Cree que tu cabello tiene sed y hambre jajaja<\/p>\n\n\n\n<p>Vamos al <strong>Programa capilar para cabello da\u00f1ado<\/strong>! Toma una foto y env\u00edasela a tus amigos.<\/p>\n\n\n\n<figure class=\"wp-block-image alignnone size-full wp-image-466\"><img loading=\"lazy\" decoding=\"async\" width=\"768\" height=\"1052\" src=\"https:\/\/danidrops.com.br\/wp-content\/uploads\/2017\/04\/cronograma-capilar-original.jpg\" alt=\"programa de cabello original\" class=\"wp-image-466\" title=\"\" srcset=\"https:\/\/danidrops.com.br\/wp-content\/uploads\/2017\/04\/cronograma-capilar-original.jpg 768w, https:\/\/danidrops.com.br\/wp-content\/uploads\/2017\/04\/cronograma-capilar-original-219x300.jpg 219w, https:\/\/danidrops.com.br\/wp-content\/uploads\/2017\/04\/cronograma-capilar-original-748x1024.jpg 748w\" sizes=\"auto, (max-width: 768px) 100vw, 768px\" \/><figcaption class=\"wp-element-caption\">programa de cabello original<\/figcaption><\/figure>\n\n\n\n<p>Ejemplo de c\u00f3mo empezar: Me lavo el cabello cada 2 d\u00edas, entonces siempre empiezas ah\u00ed en la semana n.1, es decir, si me lavo el cabello el lunes me aplico la mascarilla de hidrataci\u00f3n, luego me lavo el cabello nuevamente el jueves. y haz una hidrataci\u00f3n m\u00e1s y el domingo ser\u00e1 el d\u00eda de la nutrici\u00f3n. Solo cambiar\u00e1 en la 4ta semana que reemplazar\u00e1s la nutrici\u00f3n con la reconstrucci\u00f3n \ud83d\ude09 es como hacer un pastel, nena, solo sigue la receta y no te equivocar\u00e1s!!!<\/p>\n\n\n\n<p>Hidrataci\u00f3n \u2013 \u00a1Sirve para devolver la humedad y la sedosidad a tu cabello! Las personas que usan secador de pelo, planchas, etc., acaban quitando toda la humedad de la lana.<\/p>\n\n\n\n<h3 class=\"wp-block-heading\">Apariencia de cabello seco.<\/h3>\n\n\n\n<figure class=\"wp-block-image alignnone size-full wp-image-468\"><img loading=\"lazy\" decoding=\"async\" width=\"768\" height=\"512\" src=\"https:\/\/danidrops.com.br\/wp-content\/uploads\/2017\/04\/aspecto-de-cabelo-ressecado.jpg\" alt=\"apariencia de cabello seco\" class=\"wp-image-468\" title=\"\" srcset=\"https:\/\/danidrops.com.br\/wp-content\/uploads\/2017\/04\/aspecto-de-cabelo-ressecado.jpg 768w, https:\/\/danidrops.com.br\/wp-content\/uploads\/2017\/04\/aspecto-de-cabelo-ressecado-300x200.jpg 300w\" sizes=\"auto, (max-width: 768px) 100vw, 768px\" \/><figcaption class=\"wp-element-caption\">apariencia de cabello seco<\/figcaption><\/figure>\n\n\n\n<p>El cabello seco es f\u00e1cil de identificar, verdad nena, se vuelve espeso, con puntas quemadas y \u00e1spero, s\u00faper quebradizo.<\/p>\n\n\n\n<p>Nutrici\u00f3n o Humidificaci\u00f3n \u2013 Repondr\u00e1 los l\u00edpidos, es decir el aceite natural de tu cabello, nuestro cabello necesita l\u00edpidos y ahh nena, sin nutrici\u00f3n tu cabello no aguantar\u00e1 la hidrataci\u00f3n, mira \ud83d\ude09 el cabello bien nutrido brilla, se comporta y es mucho m\u00e1s fuerte.<\/p>\n\n\n\n<h3 class=\"wp-block-heading\">Apariencia de cabello desnutrido<\/h3>\n\n\n\n<figure class=\"wp-block-image alignnone size-full wp-image-470\"><img loading=\"lazy\" decoding=\"async\" width=\"768\" height=\"512\" src=\"https:\/\/danidrops.com.br\/wp-content\/uploads\/2017\/04\/aspecto-de-um-cabelo-desnutrido.jpg\" alt=\"apariencia de cabello desnutrido\" class=\"wp-image-470\" title=\"\" srcset=\"https:\/\/danidrops.com.br\/wp-content\/uploads\/2017\/04\/aspecto-de-um-cabelo-desnutrido.jpg 768w, https:\/\/danidrops.com.br\/wp-content\/uploads\/2017\/04\/aspecto-de-um-cabelo-desnutrido-300x200.jpg 300w\" sizes=\"auto, (max-width: 768px) 100vw, 768px\" \/><figcaption class=\"wp-element-caption\">apariencia de cabello desnutrido<\/figcaption><\/figure>\n\n\n\n<p>El cabello desnutrido se vuelve opaco, sin vida y lleno de Frizz, mira que hasta las famosas dan un derrape en nutrici\u00f3n jajaja<\/p>\n\n\n\n<p>Reconstrucci\u00f3n - \u00a1Reemplazar\u00e1 las prote\u00ednas de tus hilos, si tu cabello es fino, poroso y el\u00e1stico, roto es falta de reconstrucci\u00f3n! Quien hace mechas y progresivas, no hace falta ni explicar, ya sab\u00e9is que el pelo se va detonando bien jajaja<\/p>\n\n\n\n<h2 class=\"wp-block-heading\"><span class=\"ez-toc-section\" id=\"Aspecto_de_um_cabelo_danificado_por_quimicas_em_geral\"><\/span>Aspecto del cabello da\u00f1ado qu\u00edmicamente en general<span class=\"ez-toc-section-end\"><\/span><\/h2>\n\n\n\n<figure class=\"wp-block-image alignnone size-full wp-image-472\"><img loading=\"lazy\" decoding=\"async\" width=\"768\" height=\"512\" src=\"https:\/\/danidrops.com.br\/wp-content\/uploads\/2017\/04\/aspecto-de-cabelo-danificado-por-processo-quimico.jpg\" alt=\"aspecto del cabello da\u00f1ado qu\u00edmicamente\" class=\"wp-image-472\" title=\"\" srcset=\"https:\/\/danidrops.com.br\/wp-content\/uploads\/2017\/04\/aspecto-de-cabelo-danificado-por-processo-quimico.jpg 768w, https:\/\/danidrops.com.br\/wp-content\/uploads\/2017\/04\/aspecto-de-cabelo-danificado-por-processo-quimico-300x200.jpg 300w\" sizes=\"auto, (max-width: 768px) 100vw, 768px\" \/><figcaption class=\"wp-element-caption\">aspecto del cabello da\u00f1ado qu\u00edmicamente<\/figcaption><\/figure>\n\n\n\n<p><strong>Consejo 01 -<\/strong> Pero la atenci\u00f3n a reconstruir demasiado da\u00f1a el hilo tambi\u00e9n, lo ideal de reconstruir es 1 x al mes, en la etapa en que mi cabello estaba muy da\u00f1ado lo hac\u00eda 2 x al mes como m\u00e1ximo.<\/p>\n\n\n\n<p><strong>Consejo 02 -&nbsp;<\/strong>Amigo, dejar tu mascarilla en el ba\u00f1o expuesta al calor y meter la mano para coger el producto arruina la mascarilla. Queda fina y retira con una esp\u00e1tula, solo retira lo que necesitas usar y guarda el bote en tu tocador \ud83d\ude09<\/p>\n\n\n\n<p><strong>Consejo 03 -&nbsp;<\/strong>Para potenciar el efecto de las mascarillas, utiliza un gorro laminado o uno de bolitas de poliestireno \ud83d\ude09 y cierra la ducha, \u00a1vale! \u00a1El planeta te lo agradece!<\/p>\n\n\n\n<p>Mis productos favoritos de cada etapa del <strong>Programa capilar para cabello da\u00f1ado<\/strong>.<\/p>\n\n\n\n<p><strong>hidrataci\u00f3n<\/strong> \u2013 Mascarilla Bamboo Silicon Mix o Mascarilla Hidratante Grow Hair.<\/p>\n\n\n\n<figure class=\"wp-block-image alignnone size-full wp-image-474\"><img loading=\"lazy\" decoding=\"async\" width=\"768\" height=\"512\" src=\"https:\/\/danidrops.com.br\/wp-content\/uploads\/2017\/04\/mascara-capilar-silicon-mix-bambu.jpg\" alt=\"Mascarilla capilar de bamb\u00fa con mezcla de silicona\" class=\"wp-image-474\" title=\"\" srcset=\"https:\/\/danidrops.com.br\/wp-content\/uploads\/2017\/04\/mascara-capilar-silicon-mix-bambu.jpg 768w, https:\/\/danidrops.com.br\/wp-content\/uploads\/2017\/04\/mascara-capilar-silicon-mix-bambu-300x200.jpg 300w\" sizes=\"auto, (max-width: 768px) 100vw, 768px\" \/><figcaption class=\"wp-element-caption\">Mascarilla capilar de bamb\u00fa con mezcla de silicona<\/figcaption><\/figure>\n\n\n\n<p><strong>Nutrici\u00f3n o Humedad<\/strong> - Yo suelo <a href=\"https:\/\/www.lolacosmetics.com.br\/produto\/umectacao-oliva\/4559279\" target=\"_blank\" rel=\"noreferrer noopener\">Lola Cosmetics Aceite de Oliva<\/a><\/p>\n\n\n\n<figure class=\"wp-block-image alignnone size-full wp-image-478\"><img loading=\"lazy\" decoding=\"async\" width=\"768\" height=\"512\" src=\"https:\/\/danidrops.com.br\/wp-content\/uploads\/2017\/04\/umectacao-de-oliva.jpg\" alt=\"humectaci\u00f3n de aceitunas\" class=\"wp-image-478\" title=\"\" srcset=\"https:\/\/danidrops.com.br\/wp-content\/uploads\/2017\/04\/umectacao-de-oliva.jpg 768w, https:\/\/danidrops.com.br\/wp-content\/uploads\/2017\/04\/umectacao-de-oliva-300x200.jpg 300w\" sizes=\"auto, (max-width: 768px) 100vw, 768px\" \/><figcaption class=\"wp-element-caption\">humectaci\u00f3n de aceitunas<\/figcaption><\/figure>\n\n\n\n<p><strong>Reconstrucci\u00f3n<\/strong> - \u00a1Mi favorito de todos los tiempos! los <a href=\"http:\/\/www.joico.com.br\/produto\/mascara-de-hidratacao-profunda-joico-k-pak-hydrator-250-ml-para-cabelos-secos-e-danificados-78136\" target=\"_blank\" rel=\"noopener noreferrer\">k PAK Joico reconstructor<\/a><\/p>\n\n\n\n<figure class=\"wp-block-image alignnone size-full wp-image-476\"><img loading=\"lazy\" decoding=\"async\" width=\"768\" height=\"512\" src=\"https:\/\/danidrops.com.br\/wp-content\/uploads\/2017\/04\/reconstrutor-capilar-joico-k-Pak.jpg\" alt=\"joico k-pak reconstructor capilar\" class=\"wp-image-476\" title=\"\" srcset=\"https:\/\/danidrops.com.br\/wp-content\/uploads\/2017\/04\/reconstrutor-capilar-joico-k-Pak.jpg 768w, https:\/\/danidrops.com.br\/wp-content\/uploads\/2017\/04\/reconstrutor-capilar-joico-k-Pak-300x200.jpg 300w\" sizes=\"auto, (max-width: 768px) 100vw, 768px\" \/><figcaption class=\"wp-element-caption\">joico k-pak reconstructor capilar<\/figcaption><\/figure>\n\n\n\n<p>Si te lavas el pelo todos los d\u00edas, \u00a1no hay problema! Los d\u00edas que tengo programado no lavarme el cabello, puedes lavarlo usando solo tu champ\u00fa y acondicionador habituales y \u00a1cuidado con la cantidad de crema humectante para no apelmazar!<\/p>\n\n\n\n<p>Para que no se alargue el post, no voy a ahondar en hablar de las mascarillas, estad atentos al blog y luego har\u00e9 un post espec\u00edfico hablando de estas y otras opciones de mascarillas para que las us\u00e9is ahora!<\/p>\n\n\n\n<p>Ese abrazo y hasta la pr\u00f3xima.<img loading=\"lazy\" decoding=\"async\" style=\"margin-left: 3px; margin-right: 3px; vertical-align: middle; -webkit-box-shadow: none; -moz-box-shadow: none; box-shadow: none;\" src=\"https:\/\/danidrops.com.br\/wp-content\/plugins\/wp-emoji-one\/icons\/1F609.png\" width=\"16\" height=\"16\" alt=\"\" title=\"\"><\/p>\n<div id=\"ez-toc-container\" class=\"ez-toc-v2_0_76 counter-hierarchy ez-toc-counter ez-toc-grey ez-toc-container-direction\">\n<p class=\"ez-toc-title\" style=\"cursor:inherit\">Leer\u00e1s este art\u00edculo<\/p>\n<label for=\"ez-toc-cssicon-toggle-item-69f186b278bdc\" class=\"ez-toc-cssicon-toggle-label\"><span class=\"ez-toc-cssicon\"><span class=\"eztoc-hide\" style=\"display:none;\">Palanca<\/span><span class=\"ez-toc-icon-toggle-span\"><svg style=\"fill: #999;color:#999\" xmlns=\"http:\/\/www.w3.org\/2000\/svg\" class=\"list-377408\" width=\"20px\" height=\"20px\" viewbox=\"0 0 24 24\" fill=\"none\"><path d=\"M6 6H4v2h2V6zm14 0H8v2h12V6zM4 11h2v2H4v-2zm16 0H8v2h12v-2zM4 16h2v2H4v-2zm16 0H8v2h12v-2z\" fill=\"currentColor\"><\/path><\/svg><svg style=\"fill: #999;color:#999\" class=\"arrow-unsorted-368013\" xmlns=\"http:\/\/www.w3.org\/2000\/svg\" width=\"10px\" height=\"10px\" viewbox=\"0 0 24 24\" version=\"1.2\" baseprofile=\"tiny\"><path d=\"M18.2 9.3l-6.2-6.3-6.2 6.3c-.2.2-.3.4-.3.7s.1.5.3.7c.2.2.4.3.7.3h11c.3 0 .5-.1.7-.3.2-.2.3-.5.3-.7s-.1-.5-.3-.7zM5.8 14.7l6.2 6.3 6.2-6.3c.2-.2.3-.5.3-.7s-.1-.5-.3-.7c-.2-.2-.4-.3-.7-.3h-11c-.3 0-.5.1-.7.3-.2.2-.3.5-.3.7s.1.5.3.7z\"\/><\/svg><\/span><\/span><\/label><input type=\"checkbox\"  id=\"ez-toc-cssicon-toggle-item-69f186b278bdc\"  aria-label=\"Palanca\" \/><nav><ul class='ez-toc-list ez-toc-list-level-1' ><li class='ez-toc-page-1 ez-toc-heading-level-2'><a class=\"ez-toc-link ez-toc-heading-1\" href=\"https:\/\/danidrops.com.br\/es\/programa-de-cuidado-capilar-para-cabello-danado\/#O_que_sera_necessarios_para_se_fazer_um_cronograma_capilar\" >\u00bfQu\u00e9 se necesita para hacer un calendario de cabello?<\/a><\/li><li class='ez-toc-page-1 ez-toc-heading-level-2'><a class=\"ez-toc-link ez-toc-heading-2\" href=\"https:\/\/danidrops.com.br\/es\/programa-de-cuidado-capilar-para-cabello-danado\/#O_que_e_Cronograma_Capilar\" >\u00bfQu\u00e9 es el programa de cabello?<\/a><\/li><li class='ez-toc-page-1 ez-toc-heading-level-2'><a class=\"ez-toc-link ez-toc-heading-3\" href=\"https:\/\/danidrops.com.br\/es\/programa-de-cuidado-capilar-para-cabello-danado\/#Aspecto_de_um_cabelo_danificado_por_quimicas_em_geral\" >Aspecto del cabello da\u00f1ado qu\u00edmicamente en general<\/a><\/li><\/ul><\/nav><\/div>","protected":false},"excerpt":{"rendered":"<p>\u00a1Hoy les voy a contar mi peque\u00f1o secreto de belleza que ayud\u00f3 a salvar mi cabello! y desde entonces hago este ritual todas las semanas!<\/p>","protected":false},"author":1,"featured_media":4906,"comment_status":"open","ping_status":"open","sticky":false,"template":"","format":"standard","meta":{"footnotes":""},"categories":[439],"tags":[],"class_list":["post-451","post","type-post","status-publish","format-standard","has-post-thumbnail","hentry","category-cabelo"],"_links":{"self":[{"href":"https:\/\/danidrops.com.br\/es\/wp-json\/wp\/v2\/posts\/451","targetHints":{"allow":["GET"]}}],"collection":[{"href":"https:\/\/danidrops.com.br\/es\/wp-json\/wp\/v2\/posts"}],"about":[{"href":"https:\/\/danidrops.com.br\/es\/wp-json\/wp\/v2\/types\/post"}],"author":[{"embeddable":true,"href":"https:\/\/danidrops.com.br\/es\/wp-json\/wp\/v2\/users\/1"}],"replies":[{"embeddable":true,"href":"https:\/\/danidrops.com.br\/es\/wp-json\/wp\/v2\/comments?post=451"}],"version-history":[{"count":0,"href":"https:\/\/danidrops.com.br\/es\/wp-json\/wp\/v2\/posts\/451\/revisions"}],"wp:featuredmedia":[{"embeddable":true,"href":"https:\/\/danidrops.com.br\/es\/wp-json\/wp\/v2\/media\/4906"}],"wp:attachment":[{"href":"https:\/\/danidrops.com.br\/es\/wp-json\/wp\/v2\/media?parent=451"}],"wp:term":[{"taxonomy":"category","embeddable":true,"href":"https:\/\/danidrops.com.br\/es\/wp-json\/wp\/v2\/categories?post=451"},{"taxonomy":"post_tag","embeddable":true,"href":"https:\/\/danidrops.com.br\/es\/wp-json\/wp\/v2\/tags?post=451"}],"curies":[{"name":"gracias","href":"https:\/\/api.w.org\/{rel}","templated":true}]}}