{"id":47295,"date":"2022-10-24T14:47:00","date_gmt":"2022-10-24T17:47:00","guid":{"rendered":"https:\/\/danidrops.com.br\/?p=47295"},"modified":"2024-08-02T00:38:42","modified_gmt":"2024-08-02T03:38:42","slug":"corte-de-cabello-para-hombres-2023","status":"publish","type":"post","link":"https:\/\/danidrops.com.br\/es\/corte-de-cabello-para-hombres-2023\/","title":{"rendered":"Corte de cabello para hombres 2023 - vea m\u00e1s de 90 modelos, colores, c\u00f3mo usar y formas de cara"},"content":{"rendered":"<p>O <strong>corte de cabello para hombres 2023<\/strong> son s\u00faper altos el pr\u00f3ximo a\u00f1o y ser\u00e1n tendencia entre todas las edades.<\/p>\n\n\n\n<p>Los hombres est\u00e1n cada vez m\u00e1s preocupados por su apariencia y siempre buscan cortes de cabello y formas que favorezcan su rostro.<\/p>\n\n\n\n<p>Lea tambi\u00e9n: <strong><a href=\"https:\/\/danidrops.com.br\/es\/corte-de-cabello-masculino-2024\/\" data-type=\"link\" data-id=\"https:\/\/danidrops.com.br\/corte-de-cabelo-masculino-2024\/\">Corte de pelo para hombres 2024: vea m\u00e1s de 105 tendencias, colores y c\u00f3mo usarlos para cada forma de rostro<\/a><\/strong><\/p>\n\n\n\n<figure class=\"wp-block-image size-full\"><img loading=\"lazy\" decoding=\"async\" width=\"760\" height=\"555\" src=\"https:\/\/danidrops.com.br\/wp-content\/uploads\/2022\/10\/03-Cortes-de-Cabelo-Masculino-2023.jpg\" alt=\"Cortes de cabello para hombres 2023\" class=\"wp-image-49270\" title=\"\" srcset=\"https:\/\/danidrops.com.br\/wp-content\/uploads\/2022\/10\/03-Cortes-de-Cabelo-Masculino-2023.jpg 760w, https:\/\/danidrops.com.br\/wp-content\/uploads\/2022\/10\/03-Cortes-de-Cabelo-Masculino-2023-300x219.jpg 300w, https:\/\/danidrops.com.br\/wp-content\/uploads\/2022\/10\/03-Cortes-de-Cabelo-Masculino-2023-16x12.jpg 16w, https:\/\/danidrops.com.br\/wp-content\/uploads\/2022\/10\/03-Cortes-de-Cabelo-Masculino-2023-150x110.jpg 150w\" sizes=\"auto, (max-width: 760px) 100vw, 760px\" \/><figcaption class=\"wp-element-caption\">Cortes de cabello para hombres 2023<\/figcaption><\/figure>\n\n\n\n<figure class=\"wp-block-image size-full\"><img loading=\"lazy\" decoding=\"async\" width=\"760\" height=\"555\" src=\"https:\/\/danidrops.com.br\/wp-content\/uploads\/2022\/10\/02-Cortes-de-Cabelo-Masculino-2023.jpg\" alt=\"Cortes de cabello para hombres 2023\" class=\"wp-image-49269\" title=\"\" srcset=\"https:\/\/danidrops.com.br\/wp-content\/uploads\/2022\/10\/02-Cortes-de-Cabelo-Masculino-2023.jpg 760w, https:\/\/danidrops.com.br\/wp-content\/uploads\/2022\/10\/02-Cortes-de-Cabelo-Masculino-2023-300x219.jpg 300w, https:\/\/danidrops.com.br\/wp-content\/uploads\/2022\/10\/02-Cortes-de-Cabelo-Masculino-2023-16x12.jpg 16w, https:\/\/danidrops.com.br\/wp-content\/uploads\/2022\/10\/02-Cortes-de-Cabelo-Masculino-2023-150x110.jpg 150w\" sizes=\"auto, (max-width: 760px) 100vw, 760px\" \/><figcaption class=\"wp-element-caption\">Cortes de cabello para hombres 2023<\/figcaption><\/figure>\n\n\n\n<p>El n\u00famero de salones de caballeros ha crecido mucho en los \u00faltimos a\u00f1os, ya que la demanda de cortes espec\u00edficos ha aumentado considerablemente.<\/p>\n\n\n\n<figure class=\"wp-block-image size-full\"><img loading=\"lazy\" decoding=\"async\" width=\"760\" height=\"555\" src=\"https:\/\/danidrops.com.br\/wp-content\/uploads\/2022\/10\/01-Cortes-de-Cabelo-Masculino-2023.jpg\" alt=\"Cortes de cabello para hombres 2023\" class=\"wp-image-49268\" title=\"\" srcset=\"https:\/\/danidrops.com.br\/wp-content\/uploads\/2022\/10\/01-Cortes-de-Cabelo-Masculino-2023.jpg 760w, https:\/\/danidrops.com.br\/wp-content\/uploads\/2022\/10\/01-Cortes-de-Cabelo-Masculino-2023-300x219.jpg 300w, https:\/\/danidrops.com.br\/wp-content\/uploads\/2022\/10\/01-Cortes-de-Cabelo-Masculino-2023-16x12.jpg 16w, https:\/\/danidrops.com.br\/wp-content\/uploads\/2022\/10\/01-Cortes-de-Cabelo-Masculino-2023-150x110.jpg 150w\" sizes=\"auto, (max-width: 760px) 100vw, 760px\" \/><figcaption class=\"wp-element-caption\">Cortes de cabello para hombres 2023<\/figcaption><\/figure>\n\n\n\n<p>En vista de esta informaci\u00f3n, hemos separado algunos consejos para cortes de cabello de hombres 2023 para que puedas inspirarte y crear un hermoso look para comenzar el a\u00f1o con el pie derecho.<\/p>\n\n\n\n<script type=\"application\/ld+json\">{\n    \"@context\": \"https:\\\/\\\/schema.org\",\n    \"@type\": \"FAQPage\",\n    \"mainEntity\": [\n        {\n            \"@type\": \"Question\",\n            \"name\": \"Quais s\\u00e3o os formatos de rostos masculinos 2023 mais comuns?\",\n            \"acceptedAnswer\": {\n                \"@type\": \"Answer\",\n                \"text\": \"Os formatos de rostos amsculinos mais comuns s\\u00e3o: Oval, Cora\\u00e7\\u00e3o, Diamante ou Losango, Longo ou comprido, Redondo, Quadrado ou tamb\\u00e9m chamado de retangular.\"\n            }\n        },\n        {\n            \"@type\": \"Question\",\n            \"name\": \"Quais os cortes de cabelos masculinos mais usados em 2023?\",\n            \"acceptedAnswer\": {\n                \"@type\": \"Answer\",\n                \"text\": \"Os cortes masculinos mais pedidos nos sal\\u00f5es de cabeleireiro em 2023 s\\u00e3o: Cabelo masculino curto, Corte de cabelo masculino Undercut, Corte de cabelo masculino militar, Corte de cabelo masculino Pompadour, Corte de cabelo masculino Razor Part, Corte de cabelo masculino social, Cabelo masculino longo, Corte de cabelo masculino Surfista, Corte de cabelo masculino em camadas, Coque Samurai para cabelo masculino, Cabelo masculino m\\u00e9dio, Corte de cabelo masculino Flow Haircut, Corte de cabelo masculino Eboy Hairstyle, Corte de cabelo masculino Black Power, Cabelo masculino cacheado, Cabelo masculino crespo, Cabelo masculino liso, Cabelo masculino raspado, Cabelo masculino com luzes, Cabelo masculino ondulado, Cabelo masculino com letra, Cabelo masculino com listra, Cabelo masculino americano, Cabelo masculino degrad\\u00ea, Corte de cabelo masculino afro, Corte de cabelo masculino com tran\\u00e7as.\"\n            }\n        },\n        {\n            \"@type\": \"Question\",\n            \"name\": \"Quais as cores de cabelos masculinos mais usadas em 2023?\",\n            \"acceptedAnswer\": {\n                \"@type\": \"Answer\",\n                \"text\": \"As cores mais usadas pelos homens para tingir seus cabelos s\\u00e3o: Preto, Castanho, Platinado, Branco, Loiro, Colorido.\"\n            }\n        }\n    ]\n}<\/script>\n\n\n\n<h2 class=\"wp-block-heading\"><span class=\"ez-toc-section\" id=\"Quais_sao_os_formatos_de_rostos_masculinos_2023_mais_comuns\"><\/span>\u00bfCu\u00e1les son las formas faciales masculinas m\u00e1s comunes en 2023?<span class=\"ez-toc-section-end\"><\/span><\/h2>\n\n\n\n<p>Hay muchas formas de caras masculinas y debes prestar atenci\u00f3n a la forma de tu cara antes de decidir qu\u00e9 tipo de corte de cabello usar.<\/p>\n\n\n\n<p>A continuaci\u00f3n separamos las formas faciales masculinas m\u00e1s comunes para que puedas hacer tu autoan\u00e1lisis. <strong>Las formas faciales masculinas m\u00e1s comunes son:<\/strong><\/p>\n\n\n\n<ul class=\"wp-block-list\">\n<li>Oval<\/li>\n\n\n\n<li>Coraz\u00f3n<\/li>\n\n\n\n<li>Diamante o Rombo<\/li>\n\n\n\n<li>largo o largo<\/li>\n\n\n\n<li>redondo<\/li>\n\n\n\n<li>Cuadrado o tambi\u00e9n llamado rectangular<\/li>\n<\/ul>\n\n\n\n<script type=\"application\/ld+json\">{\n    \"@context\": \"https:\\\/\\\/schema.org\",\n    \"@type\": \"VideoObject\",\n    \"name\": \"Corte de Cabelo Masculino 2023  - Veja 50 inspira\\u00e7\\u00f5es de Modelos Corte de Cabelo Masculino\",\n    \"description\": \"O corte de cabelo masculino 2023 est\\u00e3o super em alta no pr\\u00f3ximo ano e ser\\u00e3o tend\\u00eancias entre todas as idades.\",\n    \"thumbnailUrl\": \"https:\\\/\\\/danidrops.com.br\\\/wp-content\\\/uploads\\\/2022\\\/10\\\/Cortes-de-Cabelo-Masculino-2023.jpg\",\n    \"uploadDate\": \"2022-10-26\",\n    \"duration\": \"PT3M23S\",\n    \"contentUrl\": \"https:\\\/\\\/youtu.be\\\/58wrciqO5-o\",\n    \"embedUrl\": \"https:\\\/\\\/youtu.be\\\/58wrciqO5-o\",\n    \"potentialAction\": {\n        \"@type\": \"SeekToAction\",\n        \"target\": \"https:\\\/\\\/youtu.be\\\/58wrciqO5-o={seek_to_second_number}\",\n        \"startOffset-input\": \"required name=seek_to_second_number\"\n    }\n}<\/script>\n\n\n\n<figure class=\"wp-block-embed is-type-video is-provider-youtube wp-block-embed-youtube wp-embed-aspect-16-9 wp-has-aspect-ratio\"><div class=\"wp-block-embed__wrapper\">\n<iframe loading=\"lazy\" title=\"Corte de pelo para hombres 2023: vea 50 inspiraciones de modelos de corte de pelo para hombres\" width=\"500\" height=\"281\" src=\"https:\/\/www.youtube.com\/embed\/58wrciqO5-o?feature=oembed\" frameborder=\"0\" allow=\"accelerometer; autoplay; clipboard-write; encrypted-media; gyroscope; picture-in-picture; web-share\" referrerpolicy=\"strict-origin-when-cross-origin\" allowfullscreen><\/iframe>\n<\/div><figcaption class=\"wp-element-caption\">Looks for Festivals 2023: vea 50 inspiraciones de Models Looks for Festivals<\/figcaption><\/figure>\n\n\n\n<h2 class=\"wp-block-heading\"><span class=\"ez-toc-section\" id=\"Oval\"><\/span>Oval<span class=\"ez-toc-section-end\"><\/span><\/h2>\n\n\n\n<p>La cara ovalada masculina es uno de los cortes de cabello m\u00e1s f\u00e1ciles de combinar. Por lo general, son rostros con la frente un poco m\u00e1s ancha que la regi\u00f3n del ment\u00f3n. En cuanto a los tipos de corte, los modelos militares son los m\u00e1s indicados.<\/p>\n\n\n\n<figure class=\"wp-block-image size-full\"><img loading=\"lazy\" decoding=\"async\" width=\"760\" height=\"555\" src=\"https:\/\/danidrops.com.br\/wp-content\/uploads\/2022\/10\/05-Oval.jpg\" alt=\"Oval\" class=\"wp-image-49272\" title=\"\" srcset=\"https:\/\/danidrops.com.br\/wp-content\/uploads\/2022\/10\/05-Oval.jpg 760w, https:\/\/danidrops.com.br\/wp-content\/uploads\/2022\/10\/05-Oval-300x219.jpg 300w, https:\/\/danidrops.com.br\/wp-content\/uploads\/2022\/10\/05-Oval-16x12.jpg 16w, https:\/\/danidrops.com.br\/wp-content\/uploads\/2022\/10\/05-Oval-150x110.jpg 150w\" sizes=\"auto, (max-width: 760px) 100vw, 760px\" \/><figcaption class=\"wp-element-caption\">Oval<\/figcaption><\/figure>\n\n\n\n<figure class=\"wp-block-image size-full\"><img loading=\"lazy\" decoding=\"async\" width=\"760\" height=\"555\" src=\"https:\/\/danidrops.com.br\/wp-content\/uploads\/2022\/10\/04-Oval.jpg\" alt=\"Oval\" class=\"wp-image-49271\" title=\"\" srcset=\"https:\/\/danidrops.com.br\/wp-content\/uploads\/2022\/10\/04-Oval.jpg 760w, https:\/\/danidrops.com.br\/wp-content\/uploads\/2022\/10\/04-Oval-300x219.jpg 300w, https:\/\/danidrops.com.br\/wp-content\/uploads\/2022\/10\/04-Oval-16x12.jpg 16w, https:\/\/danidrops.com.br\/wp-content\/uploads\/2022\/10\/04-Oval-150x110.jpg 150w\" sizes=\"auto, (max-width: 760px) 100vw, 760px\" \/><figcaption class=\"wp-element-caption\">Oval<\/figcaption><\/figure>\n\n\n\n<h2 class=\"wp-block-heading\"><span class=\"ez-toc-section\" id=\"Coracao\"><\/span>Coraz\u00f3n<span class=\"ez-toc-section-end\"><\/span><\/h2>\n\n\n\n<p>Las caras en forma de coraz\u00f3n son menos comunes pero igual de hermosas. Suelen tener la frente y los p\u00f3mulos con anchuras similares y la regi\u00f3n mandibular tiene rasgos rectos y alargados. En la mayor\u00eda de los casos, la regi\u00f3n del ment\u00f3n es peque\u00f1a, dando la impresi\u00f3n de un tri\u00e1ngulo invertido.<\/p>\n\n\n\n<figure class=\"wp-block-image size-full\"><img loading=\"lazy\" decoding=\"async\" width=\"760\" height=\"555\" src=\"https:\/\/danidrops.com.br\/wp-content\/uploads\/2022\/10\/06-Coracao.jpg\" alt=\"Coraz\u00f3n\" class=\"wp-image-49273\" title=\"\" srcset=\"https:\/\/danidrops.com.br\/wp-content\/uploads\/2022\/10\/06-Coracao.jpg 760w, https:\/\/danidrops.com.br\/wp-content\/uploads\/2022\/10\/06-Coracao-300x219.jpg 300w, https:\/\/danidrops.com.br\/wp-content\/uploads\/2022\/10\/06-Coracao-16x12.jpg 16w, https:\/\/danidrops.com.br\/wp-content\/uploads\/2022\/10\/06-Coracao-150x110.jpg 150w\" sizes=\"auto, (max-width: 760px) 100vw, 760px\" \/><figcaption class=\"wp-element-caption\">Coraz\u00f3n<\/figcaption><\/figure>\n\n\n\n<figure class=\"wp-block-image size-full\"><img loading=\"lazy\" decoding=\"async\" width=\"760\" height=\"555\" src=\"https:\/\/danidrops.com.br\/wp-content\/uploads\/2022\/10\/07-Coracao.jpg\" alt=\"Coraz\u00f3n\" class=\"wp-image-49274\" title=\"\" srcset=\"https:\/\/danidrops.com.br\/wp-content\/uploads\/2022\/10\/07-Coracao.jpg 760w, https:\/\/danidrops.com.br\/wp-content\/uploads\/2022\/10\/07-Coracao-300x219.jpg 300w, https:\/\/danidrops.com.br\/wp-content\/uploads\/2022\/10\/07-Coracao-16x12.jpg 16w, https:\/\/danidrops.com.br\/wp-content\/uploads\/2022\/10\/07-Coracao-150x110.jpg 150w\" sizes=\"auto, (max-width: 760px) 100vw, 760px\" \/><figcaption class=\"wp-element-caption\">Coraz\u00f3n<\/figcaption><\/figure>\n\n\n\n<h2 class=\"wp-block-heading\"><span class=\"ez-toc-section\" id=\"Diamante_ou_Losango\"><\/span>Diamante o Rombo<span class=\"ez-toc-section-end\"><\/span><\/h2>\n\n\n\n<p>Este tipo de rostro es relativamente f\u00e1cil de encontrar entre los hombres y se caracteriza por tener \u00fanicamente la regi\u00f3n de los p\u00f3mulos m\u00e1s ancha. De esta manera, la frente y el ment\u00f3n son m\u00e1s estrechos.<\/p>\n\n\n\n<figure class=\"wp-block-image size-full\"><img loading=\"lazy\" decoding=\"async\" width=\"760\" height=\"555\" src=\"https:\/\/danidrops.com.br\/wp-content\/uploads\/2022\/10\/09-Diamante-ou-Losango.jpg\" alt=\"Diamante o Rombo\" class=\"wp-image-49276\" title=\"\" srcset=\"https:\/\/danidrops.com.br\/wp-content\/uploads\/2022\/10\/09-Diamante-ou-Losango.jpg 760w, https:\/\/danidrops.com.br\/wp-content\/uploads\/2022\/10\/09-Diamante-ou-Losango-300x219.jpg 300w, https:\/\/danidrops.com.br\/wp-content\/uploads\/2022\/10\/09-Diamante-ou-Losango-16x12.jpg 16w, https:\/\/danidrops.com.br\/wp-content\/uploads\/2022\/10\/09-Diamante-ou-Losango-150x110.jpg 150w\" sizes=\"auto, (max-width: 760px) 100vw, 760px\" \/><figcaption class=\"wp-element-caption\">Diamante o Rombo<\/figcaption><\/figure>\n\n\n\n<figure class=\"wp-block-image size-full\"><img loading=\"lazy\" decoding=\"async\" width=\"760\" height=\"555\" src=\"https:\/\/danidrops.com.br\/wp-content\/uploads\/2022\/10\/08-Diamante-ou-Losango.jpg\" alt=\"Diamante o Rombo\" class=\"wp-image-49275\" title=\"\" srcset=\"https:\/\/danidrops.com.br\/wp-content\/uploads\/2022\/10\/08-Diamante-ou-Losango.jpg 760w, https:\/\/danidrops.com.br\/wp-content\/uploads\/2022\/10\/08-Diamante-ou-Losango-300x219.jpg 300w, https:\/\/danidrops.com.br\/wp-content\/uploads\/2022\/10\/08-Diamante-ou-Losango-16x12.jpg 16w, https:\/\/danidrops.com.br\/wp-content\/uploads\/2022\/10\/08-Diamante-ou-Losango-150x110.jpg 150w\" sizes=\"auto, (max-width: 760px) 100vw, 760px\" \/><figcaption class=\"wp-element-caption\">Diamante o Rombo<\/figcaption><\/figure>\n\n\n\n<h2 class=\"wp-block-heading\"><span class=\"ez-toc-section\" id=\"Longo_ou_comprido\"><\/span>largo o largo<span class=\"ez-toc-section-end\"><\/span><\/h2>\n\n\n\n<p>La forma de cara alargada o alargada es aquella que tiene el largo relativamente mayor que el ancho. Este tipo de cara es muy similar a la cara ovalada o rectangular por las caracter\u00edsticas de tener el largo mayor que el ancho.<\/p>\n\n\n\n<figure class=\"wp-block-image size-full\"><img loading=\"lazy\" decoding=\"async\" width=\"760\" height=\"555\" src=\"https:\/\/danidrops.com.br\/wp-content\/uploads\/2022\/10\/11-Longo-ou-comprido.jpg\" alt=\"largo o largo\" class=\"wp-image-49278\" title=\"\" srcset=\"https:\/\/danidrops.com.br\/wp-content\/uploads\/2022\/10\/11-Longo-ou-comprido.jpg 760w, https:\/\/danidrops.com.br\/wp-content\/uploads\/2022\/10\/11-Longo-ou-comprido-300x219.jpg 300w, https:\/\/danidrops.com.br\/wp-content\/uploads\/2022\/10\/11-Longo-ou-comprido-16x12.jpg 16w, https:\/\/danidrops.com.br\/wp-content\/uploads\/2022\/10\/11-Longo-ou-comprido-150x110.jpg 150w\" sizes=\"auto, (max-width: 760px) 100vw, 760px\" \/><figcaption class=\"wp-element-caption\">largo o largo<\/figcaption><\/figure>\n\n\n\n<figure class=\"wp-block-image size-full\"><img loading=\"lazy\" decoding=\"async\" width=\"760\" height=\"555\" src=\"https:\/\/danidrops.com.br\/wp-content\/uploads\/2022\/10\/10-Longo-ou-comprido.jpg\" alt=\"largo o largo\" class=\"wp-image-49277\" title=\"\" srcset=\"https:\/\/danidrops.com.br\/wp-content\/uploads\/2022\/10\/10-Longo-ou-comprido.jpg 760w, https:\/\/danidrops.com.br\/wp-content\/uploads\/2022\/10\/10-Longo-ou-comprido-300x219.jpg 300w, https:\/\/danidrops.com.br\/wp-content\/uploads\/2022\/10\/10-Longo-ou-comprido-16x12.jpg 16w, https:\/\/danidrops.com.br\/wp-content\/uploads\/2022\/10\/10-Longo-ou-comprido-150x110.jpg 150w\" sizes=\"auto, (max-width: 760px) 100vw, 760px\" \/><figcaption class=\"wp-element-caption\">largo o largo<\/figcaption><\/figure>\n\n\n\n<h2 class=\"wp-block-heading\"><span class=\"ez-toc-section\" id=\"Redondo\"><\/span>redondo<span class=\"ez-toc-section-end\"><\/span><\/h2>\n\n\n\n<p>Una cara redonda es aquella que est\u00e1 amurallada con un c\u00edrculo. En general, va bien con cortes que llevan flequillo, ya que algunos modelos de flequillo est\u00e1n destinados a alargar y adelgazar el rostro.<\/p>\n\n\n\n<figure class=\"wp-block-image size-full\"><img loading=\"lazy\" decoding=\"async\" width=\"760\" height=\"555\" src=\"https:\/\/danidrops.com.br\/wp-content\/uploads\/2022\/10\/13-Redondo.jpg\" alt=\"redondo\" class=\"wp-image-49280\" title=\"\" srcset=\"https:\/\/danidrops.com.br\/wp-content\/uploads\/2022\/10\/13-Redondo.jpg 760w, https:\/\/danidrops.com.br\/wp-content\/uploads\/2022\/10\/13-Redondo-300x219.jpg 300w, https:\/\/danidrops.com.br\/wp-content\/uploads\/2022\/10\/13-Redondo-16x12.jpg 16w, https:\/\/danidrops.com.br\/wp-content\/uploads\/2022\/10\/13-Redondo-150x110.jpg 150w\" sizes=\"auto, (max-width: 760px) 100vw, 760px\" \/><figcaption class=\"wp-element-caption\">redondo<\/figcaption><\/figure>\n\n\n\n<figure class=\"wp-block-image size-full\"><img loading=\"lazy\" decoding=\"async\" width=\"760\" height=\"555\" src=\"https:\/\/danidrops.com.br\/wp-content\/uploads\/2022\/10\/12-Redondo.jpg\" alt=\"redondo\" class=\"wp-image-49279\" title=\"\" srcset=\"https:\/\/danidrops.com.br\/wp-content\/uploads\/2022\/10\/12-Redondo.jpg 760w, https:\/\/danidrops.com.br\/wp-content\/uploads\/2022\/10\/12-Redondo-300x219.jpg 300w, https:\/\/danidrops.com.br\/wp-content\/uploads\/2022\/10\/12-Redondo-16x12.jpg 16w, https:\/\/danidrops.com.br\/wp-content\/uploads\/2022\/10\/12-Redondo-150x110.jpg 150w\" sizes=\"auto, (max-width: 760px) 100vw, 760px\" \/><figcaption class=\"wp-element-caption\">redondo<\/figcaption><\/figure>\n\n\n\n<h2 class=\"wp-block-heading\"><span class=\"ez-toc-section\" id=\"Quadrado_ou_tambem_chamado_de_retangular\"><\/span>Cuadrado o tambi\u00e9n llamado rectangular<span class=\"ez-toc-section-end\"><\/span><\/h2>\n\n\n\n<p>La cara de forma cuadrada se considera el est\u00e1ndar de la belleza de la imagen masculina. Las facciones son muy llamativas y el ancho de la frente es similar al ancho de la mand\u00edbula que tiene l\u00edneas bien angulosas.<\/p>\n\n\n\n<figure class=\"wp-block-image size-full\"><img loading=\"lazy\" decoding=\"async\" width=\"760\" height=\"555\" src=\"https:\/\/danidrops.com.br\/wp-content\/uploads\/2022\/10\/15-Quadrado-ou-tambem-chamado-de-retangular.jpg\" alt=\"Cuadrado o tambi\u00e9n llamado rectangular\" class=\"wp-image-49282\" title=\"\" srcset=\"https:\/\/danidrops.com.br\/wp-content\/uploads\/2022\/10\/15-Quadrado-ou-tambem-chamado-de-retangular.jpg 760w, https:\/\/danidrops.com.br\/wp-content\/uploads\/2022\/10\/15-Quadrado-ou-tambem-chamado-de-retangular-300x219.jpg 300w, https:\/\/danidrops.com.br\/wp-content\/uploads\/2022\/10\/15-Quadrado-ou-tambem-chamado-de-retangular-16x12.jpg 16w, https:\/\/danidrops.com.br\/wp-content\/uploads\/2022\/10\/15-Quadrado-ou-tambem-chamado-de-retangular-150x110.jpg 150w\" sizes=\"auto, (max-width: 760px) 100vw, 760px\" \/><figcaption class=\"wp-element-caption\">Cuadrado o tambi\u00e9n llamado rectangular<\/figcaption><\/figure>\n\n\n\n<figure class=\"wp-block-image size-full\"><img loading=\"lazy\" decoding=\"async\" width=\"760\" height=\"555\" src=\"https:\/\/danidrops.com.br\/wp-content\/uploads\/2022\/10\/14-Quadrado-ou-tambem-chamado-de-retangular.jpg\" alt=\"Cuadrado o tambi\u00e9n llamado rectangular\" class=\"wp-image-49281\" title=\"\" srcset=\"https:\/\/danidrops.com.br\/wp-content\/uploads\/2022\/10\/14-Quadrado-ou-tambem-chamado-de-retangular.jpg 760w, https:\/\/danidrops.com.br\/wp-content\/uploads\/2022\/10\/14-Quadrado-ou-tambem-chamado-de-retangular-300x219.jpg 300w, https:\/\/danidrops.com.br\/wp-content\/uploads\/2022\/10\/14-Quadrado-ou-tambem-chamado-de-retangular-16x12.jpg 16w, https:\/\/danidrops.com.br\/wp-content\/uploads\/2022\/10\/14-Quadrado-ou-tambem-chamado-de-retangular-150x110.jpg 150w\" sizes=\"auto, (max-width: 760px) 100vw, 760px\" \/><figcaption class=\"wp-element-caption\">Cuadrado o tambi\u00e9n llamado rectangular<\/figcaption><\/figure>\n\n\n\n<h2 class=\"wp-block-heading\"><span class=\"ez-toc-section\" id=\"Triangulo_invertido\"><\/span>Tri\u00e1ngulo invertido<span class=\"ez-toc-section-end\"><\/span><\/h2>\n\n\n\n<p>Los rostros masculinos con forma de tri\u00e1ngulo invertido son aquellos en los que la frente tiene la mayor longitud y las medidas se estrechan a medida que llega a la regi\u00f3n del ment\u00f3n. En general, este tipo de cara tiene un ment\u00f3n bastante puntiagudo.<\/p>\n\n\n\n<figure class=\"wp-block-image size-full\"><img loading=\"lazy\" decoding=\"async\" width=\"760\" height=\"555\" src=\"https:\/\/danidrops.com.br\/wp-content\/uploads\/2022\/10\/17-Triangulo-invertido.jpg\" alt=\"Tri\u00e1ngulo invertido\" class=\"wp-image-49284\" title=\"\" srcset=\"https:\/\/danidrops.com.br\/wp-content\/uploads\/2022\/10\/17-Triangulo-invertido.jpg 760w, https:\/\/danidrops.com.br\/wp-content\/uploads\/2022\/10\/17-Triangulo-invertido-300x219.jpg 300w, https:\/\/danidrops.com.br\/wp-content\/uploads\/2022\/10\/17-Triangulo-invertido-16x12.jpg 16w, https:\/\/danidrops.com.br\/wp-content\/uploads\/2022\/10\/17-Triangulo-invertido-150x110.jpg 150w\" sizes=\"auto, (max-width: 760px) 100vw, 760px\" \/><figcaption class=\"wp-element-caption\">Tri\u00e1ngulo invertido<\/figcaption><\/figure>\n\n\n\n<figure class=\"wp-block-image size-full\"><img loading=\"lazy\" decoding=\"async\" width=\"760\" height=\"555\" src=\"https:\/\/danidrops.com.br\/wp-content\/uploads\/2022\/10\/16-Triangulo-invertido.jpg\" alt=\"Tri\u00e1ngulo invertido\" class=\"wp-image-49283\" title=\"\" srcset=\"https:\/\/danidrops.com.br\/wp-content\/uploads\/2022\/10\/16-Triangulo-invertido.jpg 760w, https:\/\/danidrops.com.br\/wp-content\/uploads\/2022\/10\/16-Triangulo-invertido-300x219.jpg 300w, https:\/\/danidrops.com.br\/wp-content\/uploads\/2022\/10\/16-Triangulo-invertido-16x12.jpg 16w, https:\/\/danidrops.com.br\/wp-content\/uploads\/2022\/10\/16-Triangulo-invertido-150x110.jpg 150w\" sizes=\"auto, (max-width: 760px) 100vw, 760px\" \/><figcaption class=\"wp-element-caption\">Tri\u00e1ngulo invertido<\/figcaption><\/figure>\n\n\n\n<h2 class=\"wp-block-heading\"><span class=\"ez-toc-section\" id=\"Quais_os_cortes_de_cabelos_masculinos_mais_usados_em_2023\"><\/span>\u00bfCu\u00e1les son los cortes de cabello para hombres m\u00e1s populares en 2023?<span class=\"ez-toc-section-end\"><\/span><\/h2>\n\n\n\n<p>Los cortes de hombre m\u00e1s solicitados en peluquer\u00edas en 2023 son:<\/p>\n\n\n\n<ul class=\"wp-block-list\">\n<li>Cabello corto masculino<\/li>\n\n\n\n<li>Corte de cabello de hombres recortado<\/li>\n\n\n\n<li>Corte de cabello militar para hombres<\/li>\n\n\n\n<li>Corte de cabello copete para hombres<\/li>\n\n\n\n<li>Corte de cabello de hombre Razor Part<\/li>\n\n\n\n<li>Corte de cabello social para hombres.<\/li>\n\n\n\n<li>Cabello largo masculino<\/li>\n\n\n\n<li>Corte de cabello surfero para hombre.<\/li>\n\n\n\n<li>Corte de cabello en capas para hombres<\/li>\n\n\n\n<li>Mo\u00f1o Samurai para el cabello de los hombres<\/li>\n\n\n\n<li>Cabello medio masculino<\/li>\n\n\n\n<li>Corte de cabello de hombre Flow Haircut<\/li>\n\n\n\n<li>Corte de cabello de hombre Eboy Hairstyle<\/li>\n\n\n\n<li>Corte de cabello Black Power para hombre<\/li>\n\n\n\n<li>Cabello rizado masculino<\/li>\n\n\n\n<li>Cabello rizado masculino<\/li>\n\n\n\n<li>Cabello recto masculino<\/li>\n\n\n\n<li>cabello masculino afeitado<\/li>\n\n\n\n<li>Cabello de hombre con mechas<\/li>\n\n\n\n<li>cabello masculino ondulado<\/li>\n\n\n\n<li>cabello masculino con letra<\/li>\n\n\n\n<li>Cabello de hombre con rayas.<\/li>\n\n\n\n<li>cabello masculino americano<\/li>\n\n\n\n<li>cabello masculino degradado<\/li>\n<\/ul>\n\n\n\n<h2 class=\"wp-block-heading\"><span class=\"ez-toc-section\" id=\"Cabelo_masculino_curto\"><\/span>Cabello corto masculino<span class=\"ez-toc-section-end\"><\/span><\/h2>\n\n\n\n<p>El cabello corto masculino es ideal para aquellos que buscan practicidad y al mismo tiempo modernidad en el look.<\/p>\n\n\n\n<p>Entre los cortes de cabello cortos para hombres 2023, los m\u00e1s tradicionales y solicitados por los hombres son los siguientes:<\/p>\n\n\n\n<h2 class=\"wp-block-heading\"><span class=\"ez-toc-section\" id=\"Corte_de_cabelo_masculino_Undercut\"><\/span>Corte de cabello de hombres recortado<span class=\"ez-toc-section-end\"><\/span><\/h2>\n\n\n\n<p>Que <strong>corte de cabello masculino recortado<\/strong> sirve de base para varios otros cortes, ya que su caracter\u00edstica principal es mantener los costados y el cuello rapados y el resto del largo del cabello sin mayores cambios.<\/p>\n\n\n\n<figure class=\"wp-block-image size-full\"><img loading=\"lazy\" decoding=\"async\" width=\"760\" height=\"555\" src=\"https:\/\/danidrops.com.br\/wp-content\/uploads\/2022\/10\/19-Undercut.jpg\" alt=\"Corte de cabello de hombres recortado\" class=\"wp-image-49286\" title=\"\" srcset=\"https:\/\/danidrops.com.br\/wp-content\/uploads\/2022\/10\/19-Undercut.jpg 760w, https:\/\/danidrops.com.br\/wp-content\/uploads\/2022\/10\/19-Undercut-300x219.jpg 300w, https:\/\/danidrops.com.br\/wp-content\/uploads\/2022\/10\/19-Undercut-16x12.jpg 16w, https:\/\/danidrops.com.br\/wp-content\/uploads\/2022\/10\/19-Undercut-150x110.jpg 150w\" sizes=\"auto, (max-width: 760px) 100vw, 760px\" \/><figcaption class=\"wp-element-caption\">Corte de cabello de hombres recortado<\/figcaption><\/figure>\n\n\n\n<figure class=\"wp-block-image size-full\"><img loading=\"lazy\" decoding=\"async\" width=\"760\" height=\"555\" src=\"https:\/\/danidrops.com.br\/wp-content\/uploads\/2022\/10\/18-Undercut.jpg\" alt=\"Corte de cabello de hombres recortado\" class=\"wp-image-49285\" title=\"\" srcset=\"https:\/\/danidrops.com.br\/wp-content\/uploads\/2022\/10\/18-Undercut.jpg 760w, https:\/\/danidrops.com.br\/wp-content\/uploads\/2022\/10\/18-Undercut-300x219.jpg 300w, https:\/\/danidrops.com.br\/wp-content\/uploads\/2022\/10\/18-Undercut-16x12.jpg 16w, https:\/\/danidrops.com.br\/wp-content\/uploads\/2022\/10\/18-Undercut-150x110.jpg 150w\" sizes=\"auto, (max-width: 760px) 100vw, 760px\" \/><figcaption class=\"wp-element-caption\">Corte de cabello de hombres recortado<\/figcaption><\/figure>\n\n\n\n<h2 class=\"wp-block-heading\"><span class=\"ez-toc-section\" id=\"Corte_de_cabelo_masculino_militar\"><\/span>Corte de cabello militar para hombres<span class=\"ez-toc-section-end\"><\/span><\/h2>\n\n\n\n<p>Hay muchas variaciones para el <strong>2023 corte de cabello militar para hombres<\/strong>. En general, se caracterizan por su longitud extremadamente baja y cl\u00e1sica. Su nombre se debe a que los soldados usaban este tipo de corte. Los lados y la parte posterior de la cabeza se mantienen m\u00e1s bajos que la parte superior de la cabeza, pero no necesariamente afeitados.<\/p>\n\n\n\n<figure class=\"wp-block-image size-full\"><img loading=\"lazy\" decoding=\"async\" width=\"760\" height=\"555\" src=\"https:\/\/danidrops.com.br\/wp-content\/uploads\/2022\/10\/21-Corte-de-cabelo-militar.jpg\" alt=\"corte de cabello militar\" class=\"wp-image-49288\" title=\"\" srcset=\"https:\/\/danidrops.com.br\/wp-content\/uploads\/2022\/10\/21-Corte-de-cabelo-militar.jpg 760w, https:\/\/danidrops.com.br\/wp-content\/uploads\/2022\/10\/21-Corte-de-cabelo-militar-300x219.jpg 300w, https:\/\/danidrops.com.br\/wp-content\/uploads\/2022\/10\/21-Corte-de-cabelo-militar-16x12.jpg 16w, https:\/\/danidrops.com.br\/wp-content\/uploads\/2022\/10\/21-Corte-de-cabelo-militar-150x110.jpg 150w\" sizes=\"auto, (max-width: 760px) 100vw, 760px\" \/><figcaption class=\"wp-element-caption\">corte de cabello militar<\/figcaption><\/figure>\n\n\n\n<figure class=\"wp-block-image size-full\"><img loading=\"lazy\" decoding=\"async\" width=\"760\" height=\"555\" src=\"https:\/\/danidrops.com.br\/wp-content\/uploads\/2022\/10\/20-Corte-de-cabelo-militar.jpg\" alt=\"corte de cabello militar\" class=\"wp-image-49287\" title=\"\" srcset=\"https:\/\/danidrops.com.br\/wp-content\/uploads\/2022\/10\/20-Corte-de-cabelo-militar.jpg 760w, https:\/\/danidrops.com.br\/wp-content\/uploads\/2022\/10\/20-Corte-de-cabelo-militar-300x219.jpg 300w, https:\/\/danidrops.com.br\/wp-content\/uploads\/2022\/10\/20-Corte-de-cabelo-militar-16x12.jpg 16w, https:\/\/danidrops.com.br\/wp-content\/uploads\/2022\/10\/20-Corte-de-cabelo-militar-150x110.jpg 150w\" sizes=\"auto, (max-width: 760px) 100vw, 760px\" \/><figcaption class=\"wp-element-caption\">corte de cabello militar<\/figcaption><\/figure>\n\n\n\n<h2 class=\"wp-block-heading\"><span class=\"ez-toc-section\" id=\"Corte_de_cabelo_masculino_Pompadour\"><\/span>Corte de cabello copete para hombres<span class=\"ez-toc-section-end\"><\/span><\/h2>\n\n\n\n<p>O <strong>Corte de cabello copete para hombres<\/strong> Es ideal para los hombres m\u00e1s atrevidos que quieren rockear all\u00e1 donde vayan. Consiste en dejar un top grande y voluminoso en la parte superior de la cabeza y los laterales se mantienen un poco m\u00e1s bajos.<\/p>\n\n\n\n<figure class=\"wp-block-image size-full\"><img loading=\"lazy\" decoding=\"async\" width=\"760\" height=\"555\" src=\"https:\/\/danidrops.com.br\/wp-content\/uploads\/2022\/10\/23-Corte-de-cabelo-Pompadour.jpg\" alt=\"Corte de cabello copete para hombres\" class=\"wp-image-49290\" title=\"\" srcset=\"https:\/\/danidrops.com.br\/wp-content\/uploads\/2022\/10\/23-Corte-de-cabelo-Pompadour.jpg 760w, https:\/\/danidrops.com.br\/wp-content\/uploads\/2022\/10\/23-Corte-de-cabelo-Pompadour-300x219.jpg 300w, https:\/\/danidrops.com.br\/wp-content\/uploads\/2022\/10\/23-Corte-de-cabelo-Pompadour-16x12.jpg 16w, https:\/\/danidrops.com.br\/wp-content\/uploads\/2022\/10\/23-Corte-de-cabelo-Pompadour-150x110.jpg 150w\" sizes=\"auto, (max-width: 760px) 100vw, 760px\" \/><figcaption class=\"wp-element-caption\">Corte de cabello copete para hombres<\/figcaption><\/figure>\n\n\n\n<figure class=\"wp-block-image size-full\"><img loading=\"lazy\" decoding=\"async\" width=\"760\" height=\"555\" src=\"https:\/\/danidrops.com.br\/wp-content\/uploads\/2022\/10\/22-Corte-de-cabelo-Pompadour.jpg\" alt=\"Corte de cabello copete para hombres\" class=\"wp-image-49289\" title=\"\" srcset=\"https:\/\/danidrops.com.br\/wp-content\/uploads\/2022\/10\/22-Corte-de-cabelo-Pompadour.jpg 760w, https:\/\/danidrops.com.br\/wp-content\/uploads\/2022\/10\/22-Corte-de-cabelo-Pompadour-300x219.jpg 300w, https:\/\/danidrops.com.br\/wp-content\/uploads\/2022\/10\/22-Corte-de-cabelo-Pompadour-16x12.jpg 16w, https:\/\/danidrops.com.br\/wp-content\/uploads\/2022\/10\/22-Corte-de-cabelo-Pompadour-150x110.jpg 150w\" sizes=\"auto, (max-width: 760px) 100vw, 760px\" \/><figcaption class=\"wp-element-caption\">Corte de cabello copete para hombres<\/figcaption><\/figure>\n\n\n\n<h2 class=\"wp-block-heading\"><span class=\"ez-toc-section\" id=\"Corte_de_cabelo_masculino_Razor_Part\"><\/span>Corte de cabello de hombre Razor Part<span class=\"ez-toc-section-end\"><\/span><\/h2>\n\n\n\n<p>O <strong>Corte de cabello de hombre Razor Part<\/strong> Se caracteriza por ser extremadamente corto y delimitar bien la parte superior de la cabeza de los lados con dos franjas.<\/p>\n\n\n\n<figure class=\"wp-block-image size-full\"><img loading=\"lazy\" decoding=\"async\" width=\"760\" height=\"555\" src=\"https:\/\/danidrops.com.br\/wp-content\/uploads\/2022\/10\/25-Razor-Part.jpg\" alt=\"Corte de cabello de hombre Razor Part\" class=\"wp-image-49292\" title=\"\" srcset=\"https:\/\/danidrops.com.br\/wp-content\/uploads\/2022\/10\/25-Razor-Part.jpg 760w, https:\/\/danidrops.com.br\/wp-content\/uploads\/2022\/10\/25-Razor-Part-300x219.jpg 300w, https:\/\/danidrops.com.br\/wp-content\/uploads\/2022\/10\/25-Razor-Part-16x12.jpg 16w, https:\/\/danidrops.com.br\/wp-content\/uploads\/2022\/10\/25-Razor-Part-150x110.jpg 150w\" sizes=\"auto, (max-width: 760px) 100vw, 760px\" \/><figcaption class=\"wp-element-caption\">Corte de cabello de hombre Razor Part<\/figcaption><\/figure>\n\n\n\n<figure class=\"wp-block-image size-full\"><img loading=\"lazy\" decoding=\"async\" width=\"760\" height=\"555\" src=\"https:\/\/danidrops.com.br\/wp-content\/uploads\/2022\/10\/24-Razor-Part.jpg\" alt=\"Corte de cabello de hombre Razor Part\" class=\"wp-image-49291\" title=\"\" srcset=\"https:\/\/danidrops.com.br\/wp-content\/uploads\/2022\/10\/24-Razor-Part.jpg 760w, https:\/\/danidrops.com.br\/wp-content\/uploads\/2022\/10\/24-Razor-Part-300x219.jpg 300w, https:\/\/danidrops.com.br\/wp-content\/uploads\/2022\/10\/24-Razor-Part-16x12.jpg 16w, https:\/\/danidrops.com.br\/wp-content\/uploads\/2022\/10\/24-Razor-Part-150x110.jpg 150w\" sizes=\"auto, (max-width: 760px) 100vw, 760px\" \/><figcaption class=\"wp-element-caption\">Corte de cabello de hombre Razor Part<\/figcaption><\/figure>\n\n\n\n<h2 class=\"wp-block-heading\"><span class=\"ez-toc-section\" id=\"Corte_de_cabelo_masculino_social\"><\/span>Corte de cabello social para hombres.<span class=\"ez-toc-section-end\"><\/span><\/h2>\n\n\n\n<p>O <strong>Corte de cabello social para hombres. <\/strong>es quiz\u00e1s el corte m\u00e1s com\u00fan entre los hombres y data de hace muchos a\u00f1os. Es un corte cl\u00e1sico donde los largos se mantienen en tama\u00f1os estandarizados y arm\u00f3nicos, es decir, los costados y la nuca son m\u00e1s bajos que la parte superior de la cabeza que se puede mantener en un largo corto a mediano.<\/p>\n\n\n\n<figure class=\"wp-block-image size-full\"><img loading=\"lazy\" decoding=\"async\" width=\"760\" height=\"555\" src=\"https:\/\/danidrops.com.br\/wp-content\/uploads\/2022\/10\/27-Corte-de-cabelo-masculino-social.jpg\" alt=\"Corte de cabello social para hombres.\" class=\"wp-image-49294\" title=\"\" srcset=\"https:\/\/danidrops.com.br\/wp-content\/uploads\/2022\/10\/27-Corte-de-cabelo-masculino-social.jpg 760w, https:\/\/danidrops.com.br\/wp-content\/uploads\/2022\/10\/27-Corte-de-cabelo-masculino-social-300x219.jpg 300w, https:\/\/danidrops.com.br\/wp-content\/uploads\/2022\/10\/27-Corte-de-cabelo-masculino-social-16x12.jpg 16w, https:\/\/danidrops.com.br\/wp-content\/uploads\/2022\/10\/27-Corte-de-cabelo-masculino-social-150x110.jpg 150w\" sizes=\"auto, (max-width: 760px) 100vw, 760px\" \/><figcaption class=\"wp-element-caption\">Corte de cabello social para hombres.<\/figcaption><\/figure>\n\n\n\n<figure class=\"wp-block-image size-full\"><img loading=\"lazy\" decoding=\"async\" width=\"760\" height=\"555\" src=\"https:\/\/danidrops.com.br\/wp-content\/uploads\/2022\/10\/26-Corte-de-cabelo-masculino-social.jpg\" alt=\"Corte de cabello social para hombres.\" class=\"wp-image-49293\" title=\"\" srcset=\"https:\/\/danidrops.com.br\/wp-content\/uploads\/2022\/10\/26-Corte-de-cabelo-masculino-social.jpg 760w, https:\/\/danidrops.com.br\/wp-content\/uploads\/2022\/10\/26-Corte-de-cabelo-masculino-social-300x219.jpg 300w, https:\/\/danidrops.com.br\/wp-content\/uploads\/2022\/10\/26-Corte-de-cabelo-masculino-social-16x12.jpg 16w, https:\/\/danidrops.com.br\/wp-content\/uploads\/2022\/10\/26-Corte-de-cabelo-masculino-social-150x110.jpg 150w\" sizes=\"auto, (max-width: 760px) 100vw, 760px\" \/><figcaption class=\"wp-element-caption\">Corte de cabello social para hombres.<\/figcaption><\/figure>\n\n\n\n<h2 class=\"wp-block-heading\"><span class=\"ez-toc-section\" id=\"Cabelo_masculino_longo\"><\/span>Cabello largo masculino<span class=\"ez-toc-section-end\"><\/span><\/h2>\n\n\n\n<p>T\u00fa <strong>cabello largo masculino <\/strong>adem\u00e1s est\u00e1n a la \u00faltima moda y algunos modelos son realmente maravillosos.<\/p>\n\n\n\n<p>Los tipos m\u00e1s populares de cortes de cabello largos para hombres en los salones son los siguientes:<\/p>\n\n\n\n<h2 class=\"wp-block-heading\"><span class=\"ez-toc-section\" id=\"Corte_de_cabelo_masculino_Surfista\"><\/span>Corte de cabello surfero para hombre.<span class=\"ez-toc-section-end\"><\/span><\/h2>\n\n\n\n<p>O <strong>cabello de surfista masculino<\/strong> Se caracteriza por su aspecto desordenado y los colores que parecen quemados por el sol. En general, el cabello largo est\u00e1 desmenuzado, lo que le da un aspecto moderno y muy elegante.<\/p>\n\n\n\n<figure class=\"wp-block-image size-full\"><img loading=\"lazy\" decoding=\"async\" width=\"760\" height=\"555\" src=\"https:\/\/danidrops.com.br\/wp-content\/uploads\/2022\/10\/28-Surfista.jpg\" alt=\"Corte de cabello surfero para hombre.\" class=\"wp-image-49295\" title=\"\" srcset=\"https:\/\/danidrops.com.br\/wp-content\/uploads\/2022\/10\/28-Surfista.jpg 760w, https:\/\/danidrops.com.br\/wp-content\/uploads\/2022\/10\/28-Surfista-300x219.jpg 300w, https:\/\/danidrops.com.br\/wp-content\/uploads\/2022\/10\/28-Surfista-16x12.jpg 16w, https:\/\/danidrops.com.br\/wp-content\/uploads\/2022\/10\/28-Surfista-150x110.jpg 150w\" sizes=\"auto, (max-width: 760px) 100vw, 760px\" \/><figcaption class=\"wp-element-caption\">Corte de cabello surfero para hombre.<\/figcaption><\/figure>\n\n\n\n<figure class=\"wp-block-image size-full\"><img loading=\"lazy\" decoding=\"async\" width=\"760\" height=\"555\" src=\"https:\/\/danidrops.com.br\/wp-content\/uploads\/2022\/10\/29-Surfista.jpg\" alt=\"Corte de cabello surfero para hombre.\" class=\"wp-image-49296\" title=\"\" srcset=\"https:\/\/danidrops.com.br\/wp-content\/uploads\/2022\/10\/29-Surfista.jpg 760w, https:\/\/danidrops.com.br\/wp-content\/uploads\/2022\/10\/29-Surfista-300x219.jpg 300w, https:\/\/danidrops.com.br\/wp-content\/uploads\/2022\/10\/29-Surfista-16x12.jpg 16w, https:\/\/danidrops.com.br\/wp-content\/uploads\/2022\/10\/29-Surfista-150x110.jpg 150w\" sizes=\"auto, (max-width: 760px) 100vw, 760px\" \/><figcaption class=\"wp-element-caption\">Corte de cabello surfero para hombre.<\/figcaption><\/figure>\n\n\n\n<h2 class=\"wp-block-heading\"><span class=\"ez-toc-section\" id=\"Corte_de_cabelo_masculino_em_camadas\"><\/span>Corte de cabello en capas para hombres<span class=\"ez-toc-section-end\"><\/span><\/h2>\n\n\n\n<p>O <strong>corte de cabello en capas para hombres<\/strong> es otro de los mimados entre los hombres con cabello largo, ya que valora el volumen y el movimiento de las hebras.<\/p>\n\n\n\n<figure class=\"wp-block-image size-full\"><img loading=\"lazy\" decoding=\"async\" width=\"760\" height=\"555\" src=\"https:\/\/danidrops.com.br\/wp-content\/uploads\/2022\/10\/31-Corte-em-camadas.jpg\" alt=\"Corte de cabello en capas para hombres\" class=\"wp-image-49298\" title=\"\" srcset=\"https:\/\/danidrops.com.br\/wp-content\/uploads\/2022\/10\/31-Corte-em-camadas.jpg 760w, https:\/\/danidrops.com.br\/wp-content\/uploads\/2022\/10\/31-Corte-em-camadas-300x219.jpg 300w, https:\/\/danidrops.com.br\/wp-content\/uploads\/2022\/10\/31-Corte-em-camadas-16x12.jpg 16w, https:\/\/danidrops.com.br\/wp-content\/uploads\/2022\/10\/31-Corte-em-camadas-150x110.jpg 150w\" sizes=\"auto, (max-width: 760px) 100vw, 760px\" \/><figcaption class=\"wp-element-caption\">Corte de cabello en capas para hombres<\/figcaption><\/figure>\n\n\n\n<figure class=\"wp-block-image size-full\"><img loading=\"lazy\" decoding=\"async\" width=\"760\" height=\"555\" src=\"https:\/\/danidrops.com.br\/wp-content\/uploads\/2022\/10\/30-Corte-em-camadas.jpg\" alt=\"Corte de cabello en capas para hombres\" class=\"wp-image-49297\" title=\"\" srcset=\"https:\/\/danidrops.com.br\/wp-content\/uploads\/2022\/10\/30-Corte-em-camadas.jpg 760w, https:\/\/danidrops.com.br\/wp-content\/uploads\/2022\/10\/30-Corte-em-camadas-300x219.jpg 300w, https:\/\/danidrops.com.br\/wp-content\/uploads\/2022\/10\/30-Corte-em-camadas-16x12.jpg 16w, https:\/\/danidrops.com.br\/wp-content\/uploads\/2022\/10\/30-Corte-em-camadas-150x110.jpg 150w\" sizes=\"auto, (max-width: 760px) 100vw, 760px\" \/><figcaption class=\"wp-element-caption\">Corte de cabello en capas para hombres<\/figcaption><\/figure>\n\n\n\n<h2 class=\"wp-block-heading\"><span class=\"ez-toc-section\" id=\"Coque_Samurai_para_cabelo_masculino\"><\/span>Mo\u00f1o Samurai para el cabello de los hombres<span class=\"ez-toc-section-end\"><\/span><\/h2>\n\n\n\n<p>A pesar de tener los lados y la nuca rapados, los cabello de la parte superior de la cabeza suelen mantenerse largos para que la <strong>coca samur\u00e1i<\/strong> se puede hacer. Por lo general, es un mo\u00f1o desordenado y relajado, rematado con solo un lazo para el cabello.<\/p>\n\n\n\n<figure class=\"wp-block-image size-full\"><img loading=\"lazy\" decoding=\"async\" width=\"760\" height=\"555\" src=\"https:\/\/danidrops.com.br\/wp-content\/uploads\/2022\/10\/33-Coque-Samurai.jpg\" alt=\"Mo\u00f1o Samurai para el cabello de los hombres\" class=\"wp-image-49300\" title=\"\" srcset=\"https:\/\/danidrops.com.br\/wp-content\/uploads\/2022\/10\/33-Coque-Samurai.jpg 760w, https:\/\/danidrops.com.br\/wp-content\/uploads\/2022\/10\/33-Coque-Samurai-300x219.jpg 300w, https:\/\/danidrops.com.br\/wp-content\/uploads\/2022\/10\/33-Coque-Samurai-16x12.jpg 16w, https:\/\/danidrops.com.br\/wp-content\/uploads\/2022\/10\/33-Coque-Samurai-150x110.jpg 150w\" sizes=\"auto, (max-width: 760px) 100vw, 760px\" \/><figcaption class=\"wp-element-caption\">Mo\u00f1o Samurai para el cabello de los hombres<\/figcaption><\/figure>\n\n\n\n<figure class=\"wp-block-image size-full\"><img loading=\"lazy\" decoding=\"async\" width=\"760\" height=\"555\" src=\"https:\/\/danidrops.com.br\/wp-content\/uploads\/2022\/10\/32-Coque-Samurai.jpg\" alt=\"Mo\u00f1o Samurai para el cabello de los hombres\" class=\"wp-image-49299\" title=\"\" srcset=\"https:\/\/danidrops.com.br\/wp-content\/uploads\/2022\/10\/32-Coque-Samurai.jpg 760w, https:\/\/danidrops.com.br\/wp-content\/uploads\/2022\/10\/32-Coque-Samurai-300x219.jpg 300w, https:\/\/danidrops.com.br\/wp-content\/uploads\/2022\/10\/32-Coque-Samurai-16x12.jpg 16w, https:\/\/danidrops.com.br\/wp-content\/uploads\/2022\/10\/32-Coque-Samurai-150x110.jpg 150w\" sizes=\"auto, (max-width: 760px) 100vw, 760px\" \/><figcaption class=\"wp-element-caption\">Mo\u00f1o Samurai para el cabello de los hombres<\/figcaption><\/figure>\n\n\n\n<h2 class=\"wp-block-heading\"><span class=\"ez-toc-section\" id=\"Cabelo_masculino_medio\"><\/span>Cabello medio masculino<span class=\"ez-toc-section-end\"><\/span><\/h2>\n\n\n\n<p>Los cortes de cabello medianos para hombres 2023 tambi\u00e9n est\u00e1n s\u00faper de moda por su versatilidad y posibilidades para cortes y peinados.<\/p>\n\n\n\n<p>Algunos modelos de cortes medios para hombre son:<\/p>\n\n\n\n<h2 class=\"wp-block-heading\"><span class=\"ez-toc-section\" id=\"Corte_de_cabelo_masculino_Flow_Haircut\"><\/span>Corte de cabello de hombre Flow Haircut<span class=\"ez-toc-section-end\"><\/span><\/h2>\n\n\n\n<p>O <strong>Corte de cabello de hombre Flow Haircut<\/strong> Es muy moderno, elegante y se puede realizar en cabellos lisos, ondulados y rizados. Su principal caracter\u00edstica son las hebras ligeramente desordenadas que aseguran un look m\u00e1s informal.<\/p>\n\n\n\n<figure class=\"wp-block-image size-full\"><img loading=\"lazy\" decoding=\"async\" width=\"760\" height=\"555\" src=\"https:\/\/danidrops.com.br\/wp-content\/uploads\/2022\/10\/35-Flow-Haircut.jpg\" alt=\"Corte de cabello de hombre Flow Haircut\" class=\"wp-image-49302\" title=\"\" srcset=\"https:\/\/danidrops.com.br\/wp-content\/uploads\/2022\/10\/35-Flow-Haircut.jpg 760w, https:\/\/danidrops.com.br\/wp-content\/uploads\/2022\/10\/35-Flow-Haircut-300x219.jpg 300w, https:\/\/danidrops.com.br\/wp-content\/uploads\/2022\/10\/35-Flow-Haircut-16x12.jpg 16w, https:\/\/danidrops.com.br\/wp-content\/uploads\/2022\/10\/35-Flow-Haircut-150x110.jpg 150w\" sizes=\"auto, (max-width: 760px) 100vw, 760px\" \/><figcaption class=\"wp-element-caption\">Corte de cabello de hombre Flow Haircut<\/figcaption><\/figure>\n\n\n\n<figure class=\"wp-block-image size-full\"><img loading=\"lazy\" decoding=\"async\" width=\"760\" height=\"555\" src=\"https:\/\/danidrops.com.br\/wp-content\/uploads\/2022\/10\/34-Flow-Haircut.jpg\" alt=\"Corte de cabello de hombre Flow Haircut\" class=\"wp-image-49301\" title=\"\" srcset=\"https:\/\/danidrops.com.br\/wp-content\/uploads\/2022\/10\/34-Flow-Haircut.jpg 760w, https:\/\/danidrops.com.br\/wp-content\/uploads\/2022\/10\/34-Flow-Haircut-300x219.jpg 300w, https:\/\/danidrops.com.br\/wp-content\/uploads\/2022\/10\/34-Flow-Haircut-16x12.jpg 16w, https:\/\/danidrops.com.br\/wp-content\/uploads\/2022\/10\/34-Flow-Haircut-150x110.jpg 150w\" sizes=\"auto, (max-width: 760px) 100vw, 760px\" \/><figcaption class=\"wp-element-caption\">Corte de cabello de hombre Flow Haircut<\/figcaption><\/figure>\n\n\n\n<h2 class=\"wp-block-heading\"><span class=\"ez-toc-section\" id=\"Corte_de_cabelo_masculino_Eboy_Hairstyle\"><\/span>Corte de cabello de hombre Eboy Hairstyle<span class=\"ez-toc-section-end\"><\/span><\/h2>\n\n\n\n<p>O <strong>Corte de cabello de hombre Eboy Hairstyle<\/strong> detr\u00e1s de referencias del famoso actor Leonardo di Capiro en la pel\u00edcula Titanic, que es un cl\u00e1sico conocido por la mayor\u00eda de la poblaci\u00f3n.<\/p>\n\n\n\n<figure class=\"wp-block-image size-full\"><img loading=\"lazy\" decoding=\"async\" width=\"760\" height=\"555\" src=\"https:\/\/danidrops.com.br\/wp-content\/uploads\/2022\/10\/37-Eboy-Hairstyle.jpg\" alt=\"Corte de cabello de hombre Eboy Hairstyle\" class=\"wp-image-49304\" title=\"\" srcset=\"https:\/\/danidrops.com.br\/wp-content\/uploads\/2022\/10\/37-Eboy-Hairstyle.jpg 760w, https:\/\/danidrops.com.br\/wp-content\/uploads\/2022\/10\/37-Eboy-Hairstyle-300x219.jpg 300w, https:\/\/danidrops.com.br\/wp-content\/uploads\/2022\/10\/37-Eboy-Hairstyle-16x12.jpg 16w, https:\/\/danidrops.com.br\/wp-content\/uploads\/2022\/10\/37-Eboy-Hairstyle-150x110.jpg 150w\" sizes=\"auto, (max-width: 760px) 100vw, 760px\" \/><figcaption class=\"wp-element-caption\">Corte de cabello de hombre Eboy Hairstyle<\/figcaption><\/figure>\n\n\n\n<p>Los cabellos en la parte superior de la cabeza se mantienen m\u00e1s largos, separados en el medio y los lados y la parte posterior de la cabeza son m\u00e1s bajos. Este corte de cabello es ideal para cabellos lacios pero se puede ver en cabellos ondulados y rizados.<\/p>\n\n\n\n<figure class=\"wp-block-image size-full\"><img loading=\"lazy\" decoding=\"async\" width=\"760\" height=\"555\" src=\"https:\/\/danidrops.com.br\/wp-content\/uploads\/2022\/10\/36-Eboy-Hairstyle.jpg\" alt=\"Corte de cabello de hombre Eboy Hairstyle\" class=\"wp-image-49303\" title=\"\" srcset=\"https:\/\/danidrops.com.br\/wp-content\/uploads\/2022\/10\/36-Eboy-Hairstyle.jpg 760w, https:\/\/danidrops.com.br\/wp-content\/uploads\/2022\/10\/36-Eboy-Hairstyle-300x219.jpg 300w, https:\/\/danidrops.com.br\/wp-content\/uploads\/2022\/10\/36-Eboy-Hairstyle-16x12.jpg 16w, https:\/\/danidrops.com.br\/wp-content\/uploads\/2022\/10\/36-Eboy-Hairstyle-150x110.jpg 150w\" sizes=\"auto, (max-width: 760px) 100vw, 760px\" \/><figcaption class=\"wp-element-caption\">Corte de cabello de hombre Eboy Hairstyle<\/figcaption><\/figure>\n\n\n\n<h2 class=\"wp-block-heading\"><span class=\"ez-toc-section\" id=\"Corte_de_cabelo_masculino_Black_Power\"><\/span>Corte de cabello Black Power para hombre<span class=\"ez-toc-section-end\"><\/span><\/h2>\n\n\n\n<p>O <strong><a href=\"https:\/\/danidrops.com.br\/es\/cabelo-black-power-2023\/\" data-type=\"URL\" data-id=\"https:\/\/danidrops.com.br\/cabelo-black-power-2023\/\">corte de cabello de poder negro<\/a><\/strong> se puede hacer en cabellos medianos y largos y todo depende de las preferencias de cada hombre. Este corte se realiza tradicionalmente en cabellos rizados y rizados y garantiza un look muy moderno y atrevido.<\/p>\n\n\n\n<figure class=\"wp-block-image size-full\"><img loading=\"lazy\" decoding=\"async\" width=\"760\" height=\"555\" src=\"https:\/\/danidrops.com.br\/wp-content\/uploads\/2022\/10\/38-Black-Power.jpg\" alt=\"Corte de cabello Black Power para hombre\" class=\"wp-image-49232\" title=\"\" srcset=\"https:\/\/danidrops.com.br\/wp-content\/uploads\/2022\/10\/38-Black-Power.jpg 760w, https:\/\/danidrops.com.br\/wp-content\/uploads\/2022\/10\/38-Black-Power-300x219.jpg 300w, https:\/\/danidrops.com.br\/wp-content\/uploads\/2022\/10\/38-Black-Power-16x12.jpg 16w, https:\/\/danidrops.com.br\/wp-content\/uploads\/2022\/10\/38-Black-Power-150x110.jpg 150w\" sizes=\"auto, (max-width: 760px) 100vw, 760px\" \/><figcaption class=\"wp-element-caption\">Corte de cabello Black Power para hombre<\/figcaption><\/figure>\n\n\n\n<figure class=\"wp-block-image size-full\"><img loading=\"lazy\" decoding=\"async\" width=\"760\" height=\"555\" src=\"https:\/\/danidrops.com.br\/wp-content\/uploads\/2022\/10\/39-Black-Power.jpg\" alt=\"Corte de cabello Black Power para hombre\" class=\"wp-image-49233\" title=\"\" srcset=\"https:\/\/danidrops.com.br\/wp-content\/uploads\/2022\/10\/39-Black-Power.jpg 760w, https:\/\/danidrops.com.br\/wp-content\/uploads\/2022\/10\/39-Black-Power-300x219.jpg 300w, https:\/\/danidrops.com.br\/wp-content\/uploads\/2022\/10\/39-Black-Power-16x12.jpg 16w, https:\/\/danidrops.com.br\/wp-content\/uploads\/2022\/10\/39-Black-Power-150x110.jpg 150w\" sizes=\"auto, (max-width: 760px) 100vw, 760px\" \/><figcaption class=\"wp-element-caption\">Corte de cabello Black Power para hombre<\/figcaption><\/figure>\n\n\n\n<h2 class=\"wp-block-heading\"><span class=\"ez-toc-section\" id=\"Cabelo_masculino_cacheado\"><\/span>Cabello rizado masculino<span class=\"ez-toc-section-end\"><\/span><\/h2>\n\n\n\n<p>T\u00fa <strong><a href=\"https:\/\/danidrops.com.br\/es\/corte-de-pelo-rizado-para-hombres\/\" data-type=\"URL\" data-id=\"https:\/\/danidrops.com.br\/corte-de-cabelo-cacheado-masculino\/\">cabello rizado masculino <\/a><\/strong>volvi\u00f3 con todo y promete ser fuerte tendencia entre los cortes de cabello para hombres 2023.<\/p>\n\n\n\n<figure class=\"wp-block-image size-full\"><img loading=\"lazy\" decoding=\"async\" width=\"760\" height=\"555\" src=\"https:\/\/danidrops.com.br\/wp-content\/uploads\/2022\/10\/41-Cabelo-masculino-cacheado.jpg\" alt=\"Cabello rizado masculino\" class=\"wp-image-49235\" title=\"\" srcset=\"https:\/\/danidrops.com.br\/wp-content\/uploads\/2022\/10\/41-Cabelo-masculino-cacheado.jpg 760w, https:\/\/danidrops.com.br\/wp-content\/uploads\/2022\/10\/41-Cabelo-masculino-cacheado-300x219.jpg 300w, https:\/\/danidrops.com.br\/wp-content\/uploads\/2022\/10\/41-Cabelo-masculino-cacheado-16x12.jpg 16w, https:\/\/danidrops.com.br\/wp-content\/uploads\/2022\/10\/41-Cabelo-masculino-cacheado-150x110.jpg 150w\" sizes=\"auto, (max-width: 760px) 100vw, 760px\" \/><figcaption class=\"wp-element-caption\">Cabello rizado masculino<\/figcaption><\/figure>\n\n\n\n<p>Se pueden ver en cortes cortos, medios y largos dependiendo de las preferencias personales de cada uno. En general, el cabello rizado necesita m\u00e1s cuidados para mantenerse hidratado, nutrido y revitalizado, ya que la curvatura natural del cabello impide que la grasa del cuero cabelludo llegue a las puntas.<\/p>\n\n\n\n<figure class=\"wp-block-image size-full\"><img loading=\"lazy\" decoding=\"async\" width=\"760\" height=\"555\" src=\"https:\/\/danidrops.com.br\/wp-content\/uploads\/2022\/10\/40-Cabelo-masculino-cacheado.jpg\" alt=\"Cabello rizado masculino\" class=\"wp-image-49234\" title=\"\" srcset=\"https:\/\/danidrops.com.br\/wp-content\/uploads\/2022\/10\/40-Cabelo-masculino-cacheado.jpg 760w, https:\/\/danidrops.com.br\/wp-content\/uploads\/2022\/10\/40-Cabelo-masculino-cacheado-300x219.jpg 300w, https:\/\/danidrops.com.br\/wp-content\/uploads\/2022\/10\/40-Cabelo-masculino-cacheado-16x12.jpg 16w, https:\/\/danidrops.com.br\/wp-content\/uploads\/2022\/10\/40-Cabelo-masculino-cacheado-150x110.jpg 150w\" sizes=\"auto, (max-width: 760px) 100vw, 760px\" \/><figcaption class=\"wp-element-caption\">Cabello rizado masculino<\/figcaption><\/figure>\n\n\n\n<h2 class=\"wp-block-heading\"><span class=\"ez-toc-section\" id=\"Cabelo_masculino_crespo\"><\/span>Cabello rizado masculino<span class=\"ez-toc-section-end\"><\/span><\/h2>\n\n\n\n<p>T\u00fa <strong><a href=\"https:\/\/danidrops.com.br\/es\/tendencia-de-corte-de-pelo-rizado-para-hombres\/\" data-type=\"URL\" data-id=\"https:\/\/danidrops.com.br\/tendencia-de-corte-de-cabelo-crespo-masculino\/\">cabello rizado masculino<\/a><\/strong> Tambi\u00e9n ha ganado gran protagonismo en la variedad de estilos de cortes disponibles.<\/p>\n\n\n\n<figure class=\"wp-block-image size-full\"><img loading=\"lazy\" decoding=\"async\" width=\"760\" height=\"555\" src=\"https:\/\/danidrops.com.br\/wp-content\/uploads\/2022\/10\/43-Cabelo-masculino-crespo.jpg\" alt=\"Cabello rizado masculino\" class=\"wp-image-49237\" title=\"\" srcset=\"https:\/\/danidrops.com.br\/wp-content\/uploads\/2022\/10\/43-Cabelo-masculino-crespo.jpg 760w, https:\/\/danidrops.com.br\/wp-content\/uploads\/2022\/10\/43-Cabelo-masculino-crespo-300x219.jpg 300w, https:\/\/danidrops.com.br\/wp-content\/uploads\/2022\/10\/43-Cabelo-masculino-crespo-16x12.jpg 16w, https:\/\/danidrops.com.br\/wp-content\/uploads\/2022\/10\/43-Cabelo-masculino-crespo-150x110.jpg 150w\" sizes=\"auto, (max-width: 760px) 100vw, 760px\" \/><figcaption class=\"wp-element-caption\">Cabello rizado masculino<\/figcaption><\/figure>\n\n\n\n<p>Actualmente existen diferentes tipos de cortes, es decir, existen modelos desde los m\u00e1s cortos hasta los m\u00e1s largos y atrevidos.<\/p>\n\n\n\n<figure class=\"wp-block-image size-full\"><img loading=\"lazy\" decoding=\"async\" width=\"760\" height=\"555\" src=\"https:\/\/danidrops.com.br\/wp-content\/uploads\/2022\/10\/42-Cabelo-masculino-crespo.jpg\" alt=\"Cabello rizado masculino\" class=\"wp-image-49236\" title=\"\" srcset=\"https:\/\/danidrops.com.br\/wp-content\/uploads\/2022\/10\/42-Cabelo-masculino-crespo.jpg 760w, https:\/\/danidrops.com.br\/wp-content\/uploads\/2022\/10\/42-Cabelo-masculino-crespo-300x219.jpg 300w, https:\/\/danidrops.com.br\/wp-content\/uploads\/2022\/10\/42-Cabelo-masculino-crespo-16x12.jpg 16w, https:\/\/danidrops.com.br\/wp-content\/uploads\/2022\/10\/42-Cabelo-masculino-crespo-150x110.jpg 150w\" sizes=\"auto, (max-width: 760px) 100vw, 760px\" \/><figcaption class=\"wp-element-caption\">Cabello rizado masculino<\/figcaption><\/figure>\n\n\n\n<p>Un gran cl\u00e1sico del cabello rizado son los cortes Black Power y los cortos con dibujos en las letras.<\/p>\n\n\n\n<h2 class=\"wp-block-heading\"><span class=\"ez-toc-section\" id=\"Cabelo_de_cabelo_masculino_liso\"><\/span>Cabello recto masculino<span class=\"ez-toc-section-end\"><\/span><\/h2>\n\n\n\n<p>el infinito de <strong>cortes de cabello lisos para hombres<\/strong> es enorme y puedes elegir los modelos que mejor se adapten a tu personalidad y forma de cara.<\/p>\n\n\n\n<figure class=\"wp-block-image size-full\"><img loading=\"lazy\" decoding=\"async\" width=\"760\" height=\"555\" src=\"https:\/\/danidrops.com.br\/wp-content\/uploads\/2022\/10\/45-Cabelo-masculino-liso.jpg\" alt=\"cabello recto masculino\" class=\"wp-image-49239\" title=\"\" srcset=\"https:\/\/danidrops.com.br\/wp-content\/uploads\/2022\/10\/45-Cabelo-masculino-liso.jpg 760w, https:\/\/danidrops.com.br\/wp-content\/uploads\/2022\/10\/45-Cabelo-masculino-liso-300x219.jpg 300w, https:\/\/danidrops.com.br\/wp-content\/uploads\/2022\/10\/45-Cabelo-masculino-liso-16x12.jpg 16w, https:\/\/danidrops.com.br\/wp-content\/uploads\/2022\/10\/45-Cabelo-masculino-liso-150x110.jpg 150w\" sizes=\"auto, (max-width: 760px) 100vw, 760px\" \/><figcaption class=\"wp-element-caption\">cabello recto masculino<\/figcaption><\/figure>\n\n\n\n<p>Este tipo de cabello se puede terminar de forma despeinada y desordenada o con mechones extremadamente arreglados, haciendo uso de finalizadores tipo pomada y gel.<\/p>\n\n\n\n<figure class=\"wp-block-image size-full\"><img loading=\"lazy\" decoding=\"async\" width=\"760\" height=\"555\" src=\"https:\/\/danidrops.com.br\/wp-content\/uploads\/2022\/10\/44-Cabelo-masculino-liso.jpg\" alt=\"cabello recto masculino\" class=\"wp-image-49238\" title=\"\" srcset=\"https:\/\/danidrops.com.br\/wp-content\/uploads\/2022\/10\/44-Cabelo-masculino-liso.jpg 760w, https:\/\/danidrops.com.br\/wp-content\/uploads\/2022\/10\/44-Cabelo-masculino-liso-300x219.jpg 300w, https:\/\/danidrops.com.br\/wp-content\/uploads\/2022\/10\/44-Cabelo-masculino-liso-16x12.jpg 16w, https:\/\/danidrops.com.br\/wp-content\/uploads\/2022\/10\/44-Cabelo-masculino-liso-150x110.jpg 150w\" sizes=\"auto, (max-width: 760px) 100vw, 760px\" \/><figcaption class=\"wp-element-caption\">cabello recto masculino<\/figcaption><\/figure>\n\n\n\n<h2 class=\"wp-block-heading\"><span class=\"ez-toc-section\" id=\"Cabelo_masculino_raspado\"><\/span>cabello masculino afeitado<span class=\"ez-toc-section-end\"><\/span><\/h2>\n\n\n\n<p>O <strong>corte de cabello hombre rapado<\/strong> tambi\u00e9n ha ganado gran fama en los \u00faltimos tiempos, especialmente para los hombres que buscan practicidad en el d\u00eda a d\u00eda.<\/p>\n\n\n\n<figure class=\"wp-block-image size-full\"><img loading=\"lazy\" decoding=\"async\" width=\"760\" height=\"555\" src=\"https:\/\/danidrops.com.br\/wp-content\/uploads\/2022\/10\/47-Cabelo-masculino-raspado.jpg\" alt=\"cabello masculino afeitado\" class=\"wp-image-49241\" title=\"\" srcset=\"https:\/\/danidrops.com.br\/wp-content\/uploads\/2022\/10\/47-Cabelo-masculino-raspado.jpg 760w, https:\/\/danidrops.com.br\/wp-content\/uploads\/2022\/10\/47-Cabelo-masculino-raspado-300x219.jpg 300w, https:\/\/danidrops.com.br\/wp-content\/uploads\/2022\/10\/47-Cabelo-masculino-raspado-16x12.jpg 16w, https:\/\/danidrops.com.br\/wp-content\/uploads\/2022\/10\/47-Cabelo-masculino-raspado-150x110.jpg 150w\" sizes=\"auto, (max-width: 760px) 100vw, 760px\" \/><figcaption class=\"wp-element-caption\">cabello masculino afeitado<\/figcaption><\/figure>\n\n\n\n<p>Estos cortes pueden ser completamente rasurados o extremadamente bajos. Tambi\u00e9n se pueden asociar con dise\u00f1os en los laterales y contrastes de largo.<\/p>\n\n\n\n<figure class=\"wp-block-image size-full\"><img loading=\"lazy\" decoding=\"async\" width=\"760\" height=\"555\" src=\"https:\/\/danidrops.com.br\/wp-content\/uploads\/2022\/10\/46-Cabelo-masculino-raspado.jpg\" alt=\"cabello masculino afeitado\" class=\"wp-image-49240\" title=\"\" srcset=\"https:\/\/danidrops.com.br\/wp-content\/uploads\/2022\/10\/46-Cabelo-masculino-raspado.jpg 760w, https:\/\/danidrops.com.br\/wp-content\/uploads\/2022\/10\/46-Cabelo-masculino-raspado-300x219.jpg 300w, https:\/\/danidrops.com.br\/wp-content\/uploads\/2022\/10\/46-Cabelo-masculino-raspado-16x12.jpg 16w, https:\/\/danidrops.com.br\/wp-content\/uploads\/2022\/10\/46-Cabelo-masculino-raspado-150x110.jpg 150w\" sizes=\"auto, (max-width: 760px) 100vw, 760px\" \/><figcaption class=\"wp-element-caption\">cabello masculino afeitado<\/figcaption><\/figure>\n\n\n\n<h2 class=\"wp-block-heading\"><span class=\"ez-toc-section\" id=\"Cabelo_masculino_com_luzes\"><\/span>Cabello de hombre con mechas<span class=\"ez-toc-section-end\"><\/span><\/h2>\n\n\n\n<p>A<strong> luces en el cabello de los hombres  <\/strong>son muy utilizados para aquellas que quieren iluminar la mirada. Los hombres son cada vez m\u00e1s adeptos a este estilo de iluminaci\u00f3n y apuestan cada vez m\u00e1s por este look.<\/p>\n\n\n\n<p>Se pueden hacer de forma discreta o con mucho contraste dependiendo de las preferencias personales de cada hombre.<\/p>\n\n\n\n<figure class=\"wp-block-image size-full\"><img loading=\"lazy\" decoding=\"async\" width=\"760\" height=\"555\" src=\"https:\/\/danidrops.com.br\/wp-content\/uploads\/2022\/10\/49-Cabelo-masculino-com-luzes.jpg\" alt=\"Cabello de hombre con mechas\" class=\"wp-image-49243\" title=\"\" srcset=\"https:\/\/danidrops.com.br\/wp-content\/uploads\/2022\/10\/49-Cabelo-masculino-com-luzes.jpg 760w, https:\/\/danidrops.com.br\/wp-content\/uploads\/2022\/10\/49-Cabelo-masculino-com-luzes-300x219.jpg 300w, https:\/\/danidrops.com.br\/wp-content\/uploads\/2022\/10\/49-Cabelo-masculino-com-luzes-16x12.jpg 16w, https:\/\/danidrops.com.br\/wp-content\/uploads\/2022\/10\/49-Cabelo-masculino-com-luzes-150x110.jpg 150w\" sizes=\"auto, (max-width: 760px) 100vw, 760px\" \/><figcaption class=\"wp-element-caption\">Cabello de hombre con mechas<\/figcaption><\/figure>\n\n\n\n<figure class=\"wp-block-image size-full\"><img loading=\"lazy\" decoding=\"async\" width=\"760\" height=\"555\" src=\"https:\/\/danidrops.com.br\/wp-content\/uploads\/2022\/10\/48-Cabelo-masculino-com-luzes.jpg\" alt=\"Cabello de hombre con mechas\" class=\"wp-image-49242\" title=\"\" srcset=\"https:\/\/danidrops.com.br\/wp-content\/uploads\/2022\/10\/48-Cabelo-masculino-com-luzes.jpg 760w, https:\/\/danidrops.com.br\/wp-content\/uploads\/2022\/10\/48-Cabelo-masculino-com-luzes-300x219.jpg 300w, https:\/\/danidrops.com.br\/wp-content\/uploads\/2022\/10\/48-Cabelo-masculino-com-luzes-16x12.jpg 16w, https:\/\/danidrops.com.br\/wp-content\/uploads\/2022\/10\/48-Cabelo-masculino-com-luzes-150x110.jpg 150w\" sizes=\"auto, (max-width: 760px) 100vw, 760px\" \/><figcaption class=\"wp-element-caption\">Cabello de hombre con mechas<\/figcaption><\/figure>\n\n\n\n<h2 class=\"wp-block-heading\"><span class=\"ez-toc-section\" id=\"Cabelo_masculino_ondulado\"><\/span>cabello masculino ondulado<span class=\"ez-toc-section-end\"><\/span><\/h2>\n\n\n\n<p>O <strong>cabello masculino ondulado<\/strong> Adem\u00e1s es muy vers\u00e1til y combina con diferentes tipos de cortes, desde cortos hasta largos.<\/p>\n\n\n\n<figure class=\"wp-block-image size-full\"><img loading=\"lazy\" decoding=\"async\" width=\"760\" height=\"555\" src=\"https:\/\/danidrops.com.br\/wp-content\/uploads\/2022\/10\/51-Cabelo-masculino-ondulado.jpg\" alt=\"cabello masculino ondulado\" class=\"wp-image-49245\" title=\"\" srcset=\"https:\/\/danidrops.com.br\/wp-content\/uploads\/2022\/10\/51-Cabelo-masculino-ondulado.jpg 760w, https:\/\/danidrops.com.br\/wp-content\/uploads\/2022\/10\/51-Cabelo-masculino-ondulado-300x219.jpg 300w, https:\/\/danidrops.com.br\/wp-content\/uploads\/2022\/10\/51-Cabelo-masculino-ondulado-16x12.jpg 16w, https:\/\/danidrops.com.br\/wp-content\/uploads\/2022\/10\/51-Cabelo-masculino-ondulado-150x110.jpg 150w\" sizes=\"auto, (max-width: 760px) 100vw, 760px\" \/><figcaption class=\"wp-element-caption\">cabello masculino ondulado<\/figcaption><\/figure>\n\n\n\n<p>Tienen un movimiento y un volumen maravillosos y se pueden combinar con muchos peinados y acabados diferentes.<\/p>\n\n\n\n<figure class=\"wp-block-image size-full\"><img loading=\"lazy\" decoding=\"async\" width=\"760\" height=\"555\" src=\"https:\/\/danidrops.com.br\/wp-content\/uploads\/2022\/10\/50-Cabelo-masculino-ondulado.jpg\" alt=\"cabello masculino ondulado\" class=\"wp-image-49244\" title=\"\" srcset=\"https:\/\/danidrops.com.br\/wp-content\/uploads\/2022\/10\/50-Cabelo-masculino-ondulado.jpg 760w, https:\/\/danidrops.com.br\/wp-content\/uploads\/2022\/10\/50-Cabelo-masculino-ondulado-300x219.jpg 300w, https:\/\/danidrops.com.br\/wp-content\/uploads\/2022\/10\/50-Cabelo-masculino-ondulado-16x12.jpg 16w, https:\/\/danidrops.com.br\/wp-content\/uploads\/2022\/10\/50-Cabelo-masculino-ondulado-150x110.jpg 150w\" sizes=\"auto, (max-width: 760px) 100vw, 760px\" \/><figcaption class=\"wp-element-caption\">cabello masculino ondulado<\/figcaption><\/figure>\n\n\n\n<h2 class=\"wp-block-heading\"><span class=\"ez-toc-section\" id=\"Cabelo_masculino_com_letra\"><\/span>cabello masculino con letra<span class=\"ez-toc-section-end\"><\/span><\/h2>\n\n\n\n<p>Los dise\u00f1os en los lados rapados son cada vez m\u00e1s populares en los cortes de cabello para hombres 2023. Adem\u00e1s de los dise\u00f1os y riesgos, las letras tambi\u00e9n son muy utilizadas y pueden tener diferentes significados dependiendo de cada persona.<\/p>\n\n\n\n<figure class=\"wp-block-image size-full\"><img loading=\"lazy\" decoding=\"async\" width=\"760\" height=\"555\" src=\"https:\/\/danidrops.com.br\/wp-content\/uploads\/2022\/10\/53-Cabelo-masculino-com-letra.jpg\" alt=\"cabello masculino con letra\" class=\"wp-image-49247\" title=\"\" srcset=\"https:\/\/danidrops.com.br\/wp-content\/uploads\/2022\/10\/53-Cabelo-masculino-com-letra.jpg 760w, https:\/\/danidrops.com.br\/wp-content\/uploads\/2022\/10\/53-Cabelo-masculino-com-letra-300x219.jpg 300w, https:\/\/danidrops.com.br\/wp-content\/uploads\/2022\/10\/53-Cabelo-masculino-com-letra-16x12.jpg 16w, https:\/\/danidrops.com.br\/wp-content\/uploads\/2022\/10\/53-Cabelo-masculino-com-letra-150x110.jpg 150w\" sizes=\"auto, (max-width: 760px) 100vw, 760px\" \/><figcaption class=\"wp-element-caption\">cabello masculino con letra<\/figcaption><\/figure>\n\n\n\n<figure class=\"wp-block-image size-full\"><img loading=\"lazy\" decoding=\"async\" width=\"760\" height=\"555\" src=\"https:\/\/danidrops.com.br\/wp-content\/uploads\/2022\/10\/52-Cabelo-masculino-com-letra.jpg\" alt=\"cabello masculino con letra\" class=\"wp-image-49246\" title=\"\" srcset=\"https:\/\/danidrops.com.br\/wp-content\/uploads\/2022\/10\/52-Cabelo-masculino-com-letra.jpg 760w, https:\/\/danidrops.com.br\/wp-content\/uploads\/2022\/10\/52-Cabelo-masculino-com-letra-300x219.jpg 300w, https:\/\/danidrops.com.br\/wp-content\/uploads\/2022\/10\/52-Cabelo-masculino-com-letra-16x12.jpg 16w, https:\/\/danidrops.com.br\/wp-content\/uploads\/2022\/10\/52-Cabelo-masculino-com-letra-150x110.jpg 150w\" sizes=\"auto, (max-width: 760px) 100vw, 760px\" \/><figcaption class=\"wp-element-caption\">cabello masculino con letra<\/figcaption><\/figure>\n\n\n\n<h2 class=\"wp-block-heading\"><span class=\"ez-toc-section\" id=\"Cabelo_masculino_com_listra\"><\/span>Cabello de hombre con rayas.<span class=\"ez-toc-section-end\"><\/span><\/h2>\n\n\n\n<p>Como mencionamos anteriormente, el<strong> rayas en los cortes de cabello de los hombres <\/strong>a menudo se usan en cortes de cabello donde los lados y la parte posterior del cuello se mantienen rapados o extremadamente bajos. Los rayados pueden ser lineales o con desniveles que aportan un aspecto atrevido y moderno.<\/p>\n\n\n\n<figure class=\"wp-block-image size-full\"><img loading=\"lazy\" decoding=\"async\" width=\"760\" height=\"555\" src=\"https:\/\/danidrops.com.br\/wp-content\/uploads\/2022\/10\/55-Cabelo-masculino-com-listra.jpg\" alt=\"Cabello de hombre con rayas.\" class=\"wp-image-49249\" title=\"\" srcset=\"https:\/\/danidrops.com.br\/wp-content\/uploads\/2022\/10\/55-Cabelo-masculino-com-listra.jpg 760w, https:\/\/danidrops.com.br\/wp-content\/uploads\/2022\/10\/55-Cabelo-masculino-com-listra-300x219.jpg 300w, https:\/\/danidrops.com.br\/wp-content\/uploads\/2022\/10\/55-Cabelo-masculino-com-listra-16x12.jpg 16w, https:\/\/danidrops.com.br\/wp-content\/uploads\/2022\/10\/55-Cabelo-masculino-com-listra-150x110.jpg 150w\" sizes=\"auto, (max-width: 760px) 100vw, 760px\" \/><figcaption class=\"wp-element-caption\">Cabello de hombre con rayas.<\/figcaption><\/figure>\n\n\n\n<figure class=\"wp-block-image size-full\"><img loading=\"lazy\" decoding=\"async\" width=\"760\" height=\"555\" src=\"https:\/\/danidrops.com.br\/wp-content\/uploads\/2022\/10\/54-Cabelo-masculino-com-listra.jpg\" alt=\"Cabello de hombre con rayas.\" class=\"wp-image-49248\" title=\"\" srcset=\"https:\/\/danidrops.com.br\/wp-content\/uploads\/2022\/10\/54-Cabelo-masculino-com-listra.jpg 760w, https:\/\/danidrops.com.br\/wp-content\/uploads\/2022\/10\/54-Cabelo-masculino-com-listra-300x219.jpg 300w, https:\/\/danidrops.com.br\/wp-content\/uploads\/2022\/10\/54-Cabelo-masculino-com-listra-16x12.jpg 16w, https:\/\/danidrops.com.br\/wp-content\/uploads\/2022\/10\/54-Cabelo-masculino-com-listra-150x110.jpg 150w\" sizes=\"auto, (max-width: 760px) 100vw, 760px\" \/><figcaption class=\"wp-element-caption\">Cabello de hombre con rayas.<\/figcaption><\/figure>\n\n\n\n<h2 class=\"wp-block-heading\"><span class=\"ez-toc-section\" id=\"Cabelo_masculino_americano\"><\/span>cabello masculino americano<span class=\"ez-toc-section-end\"><\/span><\/h2>\n\n\n\n<p>O <strong>Corte de cabello de hombre 2023 al estilo americano.<\/strong> nada m\u00e1s que ese modelo donde los costados son bajos y la parte superior de la cabeza se mantiene con los mechones m\u00e1s largos, formando un hermoso mo\u00f1o.<\/p>\n\n\n\n<figure class=\"wp-block-image size-full\"><img loading=\"lazy\" decoding=\"async\" width=\"760\" height=\"555\" src=\"https:\/\/danidrops.com.br\/wp-content\/uploads\/2022\/10\/57-Cabelo-masculino-americano.jpg\" alt=\"cabello masculino americano\" class=\"wp-image-49251\" title=\"\" srcset=\"https:\/\/danidrops.com.br\/wp-content\/uploads\/2022\/10\/57-Cabelo-masculino-americano.jpg 760w, https:\/\/danidrops.com.br\/wp-content\/uploads\/2022\/10\/57-Cabelo-masculino-americano-300x219.jpg 300w, https:\/\/danidrops.com.br\/wp-content\/uploads\/2022\/10\/57-Cabelo-masculino-americano-16x12.jpg 16w, https:\/\/danidrops.com.br\/wp-content\/uploads\/2022\/10\/57-Cabelo-masculino-americano-150x110.jpg 150w\" sizes=\"auto, (max-width: 760px) 100vw, 760px\" \/><figcaption class=\"wp-element-caption\">cabello masculino americano<\/figcaption><\/figure>\n\n\n\n<p>A pesar de esto, existen tres tipos de corte americano que son el Low American o Low Fade que tiene un degradado sutil y es m\u00e1s corto, el Medium American o Midi Fade que tiene un contraste algo mayor en el degradado y el High American o High Fade que tiene un gradiente muy marcado y evidente.<\/p>\n\n\n\n<figure class=\"wp-block-image size-full\"><img loading=\"lazy\" decoding=\"async\" width=\"760\" height=\"555\" src=\"https:\/\/danidrops.com.br\/wp-content\/uploads\/2022\/10\/56-Cabelo-masculino-americano.jpg\" alt=\"cabello masculino americano\" class=\"wp-image-49250\" title=\"\" srcset=\"https:\/\/danidrops.com.br\/wp-content\/uploads\/2022\/10\/56-Cabelo-masculino-americano.jpg 760w, https:\/\/danidrops.com.br\/wp-content\/uploads\/2022\/10\/56-Cabelo-masculino-americano-300x219.jpg 300w, https:\/\/danidrops.com.br\/wp-content\/uploads\/2022\/10\/56-Cabelo-masculino-americano-16x12.jpg 16w, https:\/\/danidrops.com.br\/wp-content\/uploads\/2022\/10\/56-Cabelo-masculino-americano-150x110.jpg 150w\" sizes=\"auto, (max-width: 760px) 100vw, 760px\" \/><figcaption class=\"wp-element-caption\">cabello masculino americano<\/figcaption><\/figure>\n\n\n\n<h2 class=\"wp-block-heading\"><span class=\"ez-toc-section\" id=\"Cabelo_masculino_degrade\"><\/span>cabello masculino degradado<span class=\"ez-toc-section-end\"><\/span><\/h2>\n\n\n\n<p>O <strong>Gradiente de corte de cabello para hombres 2023<\/strong> es el m\u00e1s com\u00fan entre los hombres y consiste en mantener la regi\u00f3n inferior del cuello con los cabello bajos y aumentando gradualmente hasta llegar a la parte superior de la cabeza.<\/p>\n\n\n\n<figure class=\"wp-block-image size-full\"><img loading=\"lazy\" decoding=\"async\" width=\"760\" height=\"555\" src=\"https:\/\/danidrops.com.br\/wp-content\/uploads\/2022\/10\/59-Cabelo-masculino-degrade.jpg\" alt=\"degradar el cabello masculino\" class=\"wp-image-49253\" title=\"\" srcset=\"https:\/\/danidrops.com.br\/wp-content\/uploads\/2022\/10\/59-Cabelo-masculino-degrade.jpg 760w, https:\/\/danidrops.com.br\/wp-content\/uploads\/2022\/10\/59-Cabelo-masculino-degrade-300x219.jpg 300w, https:\/\/danidrops.com.br\/wp-content\/uploads\/2022\/10\/59-Cabelo-masculino-degrade-16x12.jpg 16w, https:\/\/danidrops.com.br\/wp-content\/uploads\/2022\/10\/59-Cabelo-masculino-degrade-150x110.jpg 150w\" sizes=\"auto, (max-width: 760px) 100vw, 760px\" \/><figcaption class=\"wp-element-caption\">degradar el cabello masculino<\/figcaption><\/figure>\n\n\n\n<figure class=\"wp-block-image size-full\"><img loading=\"lazy\" decoding=\"async\" width=\"760\" height=\"555\" src=\"https:\/\/danidrops.com.br\/wp-content\/uploads\/2022\/10\/58-Cabelo-masculino-degrade.jpg\" alt=\"degradar el cabello masculino\" class=\"wp-image-49252\" title=\"\" srcset=\"https:\/\/danidrops.com.br\/wp-content\/uploads\/2022\/10\/58-Cabelo-masculino-degrade.jpg 760w, https:\/\/danidrops.com.br\/wp-content\/uploads\/2022\/10\/58-Cabelo-masculino-degrade-300x219.jpg 300w, https:\/\/danidrops.com.br\/wp-content\/uploads\/2022\/10\/58-Cabelo-masculino-degrade-16x12.jpg 16w, https:\/\/danidrops.com.br\/wp-content\/uploads\/2022\/10\/58-Cabelo-masculino-degrade-150x110.jpg 150w\" sizes=\"auto, (max-width: 760px) 100vw, 760px\" \/><figcaption class=\"wp-element-caption\">degradar el cabello masculino<\/figcaption><\/figure>\n\n\n\n<h2 class=\"wp-block-heading\"><span class=\"ez-toc-section\" id=\"Cabelo_masculino_pintado\"><\/span>cabello masculino te\u00f1ido<span class=\"ez-toc-section-end\"><\/span><\/h2>\n\n\n\n<p><strong>te\u00f1ir el cabello de los hombres<\/strong> Tambi\u00e9n es una excelente manera de cambiar el look y puedes elegir los colores y las combinaciones que prefieras para lucir el look. Adem\u00e1s de los colores tradicionales, tambi\u00e9n puedes optar por colores fantas\u00eda, m\u00e1s atrevidos e igualmente bonitos.<\/p>\n\n\n\n<figure class=\"wp-block-image size-full\"><img loading=\"lazy\" decoding=\"async\" width=\"760\" height=\"555\" src=\"https:\/\/danidrops.com.br\/wp-content\/uploads\/2022\/10\/61-Cabelo-masculino-pintado.jpg\" alt=\"cabello masculino te\u00f1ido\" class=\"wp-image-49255\" title=\"\" srcset=\"https:\/\/danidrops.com.br\/wp-content\/uploads\/2022\/10\/61-Cabelo-masculino-pintado.jpg 760w, https:\/\/danidrops.com.br\/wp-content\/uploads\/2022\/10\/61-Cabelo-masculino-pintado-300x219.jpg 300w, https:\/\/danidrops.com.br\/wp-content\/uploads\/2022\/10\/61-Cabelo-masculino-pintado-16x12.jpg 16w, https:\/\/danidrops.com.br\/wp-content\/uploads\/2022\/10\/61-Cabelo-masculino-pintado-150x110.jpg 150w\" sizes=\"auto, (max-width: 760px) 100vw, 760px\" \/><figcaption class=\"wp-element-caption\">cabello masculino te\u00f1ido<\/figcaption><\/figure>\n\n\n\n<figure class=\"wp-block-image size-full\"><img loading=\"lazy\" decoding=\"async\" width=\"760\" height=\"555\" src=\"https:\/\/danidrops.com.br\/wp-content\/uploads\/2022\/10\/60-Cabelo-masculino-pintado.jpg\" alt=\"cabello masculino te\u00f1ido\" class=\"wp-image-49254\" title=\"\" srcset=\"https:\/\/danidrops.com.br\/wp-content\/uploads\/2022\/10\/60-Cabelo-masculino-pintado.jpg 760w, https:\/\/danidrops.com.br\/wp-content\/uploads\/2022\/10\/60-Cabelo-masculino-pintado-300x219.jpg 300w, https:\/\/danidrops.com.br\/wp-content\/uploads\/2022\/10\/60-Cabelo-masculino-pintado-16x12.jpg 16w, https:\/\/danidrops.com.br\/wp-content\/uploads\/2022\/10\/60-Cabelo-masculino-pintado-150x110.jpg 150w\" sizes=\"auto, (max-width: 760px) 100vw, 760px\" \/><figcaption class=\"wp-element-caption\">cabello masculino te\u00f1ido<\/figcaption><\/figure>\n\n\n\n<h2 class=\"wp-block-heading\"><span class=\"ez-toc-section\" id=\"Quais_as_cores_de_cabelos_masculinos_mais_usadas_em_2023\"><\/span>\u00bfCu\u00e1les son los colores de cabello para hombres m\u00e1s populares en 2023?<span class=\"ez-toc-section-end\"><\/span><\/h2>\n\n\n\n<p>Como mencionamos, los hombres est\u00e1n cada vez m\u00e1s preocupados por su apariencia y por eso siempre est\u00e1n buscando nuevos cortes de cabello.<\/p>\n\n\n\n<p>Asociado a los cortes de cabello para hombres 2023, los colores de los mechones tambi\u00e9n se pueden cambiar de acuerdo con las preferencias y la personalidad de cada individuo.<\/p>\n\n\n\n<p><strong>Los colores m\u00e1s utilizados por los hombres para te\u00f1ir su cabello son:<\/strong><\/p>\n\n\n\n<ul class=\"wp-block-list\">\n<li>Negro<\/li>\n\n\n\n<li>Marr\u00f3n<\/li>\n\n\n\n<li>platino<\/li>\n\n\n\n<li>Blanco<\/li>\n\n\n\n<li>Rubio<\/li>\n\n\n\n<li>Vistoso<\/li>\n<\/ul>\n\n\n\n<h2 class=\"wp-block-heading\"><span class=\"ez-toc-section\" id=\"Preto\"><\/span>Negro<span class=\"ez-toc-section-end\"><\/span><\/h2>\n\n\n\n<p>El negro es un cl\u00e1sico, as\u00ed que no tengas miedo de cambiar tu look. Con este tono puedes atreverte en varios tipos de corte. Tambi\u00e9n vale la pena recordar que hay algunos matices de negro que pueden variar desde el propio negro hasta tonos que tienen un fondo azulado o rojizo.<\/p>\n\n\n\n<figure class=\"wp-block-image size-full\"><img loading=\"lazy\" decoding=\"async\" width=\"760\" height=\"555\" src=\"https:\/\/danidrops.com.br\/wp-content\/uploads\/2022\/10\/63-Preto.jpg\" alt=\"Negro\" class=\"wp-image-49257\" title=\"\" srcset=\"https:\/\/danidrops.com.br\/wp-content\/uploads\/2022\/10\/63-Preto.jpg 760w, https:\/\/danidrops.com.br\/wp-content\/uploads\/2022\/10\/63-Preto-300x219.jpg 300w, https:\/\/danidrops.com.br\/wp-content\/uploads\/2022\/10\/63-Preto-16x12.jpg 16w, https:\/\/danidrops.com.br\/wp-content\/uploads\/2022\/10\/63-Preto-150x110.jpg 150w\" sizes=\"auto, (max-width: 760px) 100vw, 760px\" \/><figcaption class=\"wp-element-caption\">Negro<\/figcaption><\/figure>\n\n\n\n<figure class=\"wp-block-image size-full\"><img loading=\"lazy\" decoding=\"async\" width=\"760\" height=\"555\" src=\"https:\/\/danidrops.com.br\/wp-content\/uploads\/2022\/10\/62-Preto.jpg\" alt=\"Negro\" class=\"wp-image-49256\" title=\"\" srcset=\"https:\/\/danidrops.com.br\/wp-content\/uploads\/2022\/10\/62-Preto.jpg 760w, https:\/\/danidrops.com.br\/wp-content\/uploads\/2022\/10\/62-Preto-300x219.jpg 300w, https:\/\/danidrops.com.br\/wp-content\/uploads\/2022\/10\/62-Preto-16x12.jpg 16w, https:\/\/danidrops.com.br\/wp-content\/uploads\/2022\/10\/62-Preto-150x110.jpg 150w\" sizes=\"auto, (max-width: 760px) 100vw, 760px\" \/><figcaption class=\"wp-element-caption\">Negro<\/figcaption><\/figure>\n\n\n\n<h2 class=\"wp-block-heading\"><span class=\"ez-toc-section\" id=\"Castanho\"><\/span>Marr\u00f3n<span class=\"ez-toc-section-end\"><\/span><\/h2>\n\n\n\n<p>El cabello casta\u00f1o tambi\u00e9n es un cl\u00e1sico y es ideal para aquellas que quieren un color neutro e intermedio entre el negro y el rubio. Actualmente, existen muchos tonos de casta\u00f1o que van desde los m\u00e1s claros hasta los m\u00e1s oscuros y debes elegir el que mejor se adapte a tu estilo, tono de piel y tipo de corte de cabello.<\/p>\n\n\n\n<figure class=\"wp-block-image size-full\"><img loading=\"lazy\" decoding=\"async\" width=\"760\" height=\"555\" src=\"https:\/\/danidrops.com.br\/wp-content\/uploads\/2022\/10\/65-Castanho.jpg\" alt=\"Marr\u00f3n\" class=\"wp-image-49259\" title=\"\" srcset=\"https:\/\/danidrops.com.br\/wp-content\/uploads\/2022\/10\/65-Castanho.jpg 760w, https:\/\/danidrops.com.br\/wp-content\/uploads\/2022\/10\/65-Castanho-300x219.jpg 300w, https:\/\/danidrops.com.br\/wp-content\/uploads\/2022\/10\/65-Castanho-16x12.jpg 16w, https:\/\/danidrops.com.br\/wp-content\/uploads\/2022\/10\/65-Castanho-150x110.jpg 150w\" sizes=\"auto, (max-width: 760px) 100vw, 760px\" \/><figcaption class=\"wp-element-caption\">Marr\u00f3n<\/figcaption><\/figure>\n\n\n\n<figure class=\"wp-block-image size-full\"><img loading=\"lazy\" decoding=\"async\" width=\"760\" height=\"555\" src=\"https:\/\/danidrops.com.br\/wp-content\/uploads\/2022\/10\/64-Castanho.jpg\" alt=\"Marr\u00f3n\" class=\"wp-image-49258\" title=\"\" srcset=\"https:\/\/danidrops.com.br\/wp-content\/uploads\/2022\/10\/64-Castanho.jpg 760w, https:\/\/danidrops.com.br\/wp-content\/uploads\/2022\/10\/64-Castanho-300x219.jpg 300w, https:\/\/danidrops.com.br\/wp-content\/uploads\/2022\/10\/64-Castanho-16x12.jpg 16w, https:\/\/danidrops.com.br\/wp-content\/uploads\/2022\/10\/64-Castanho-150x110.jpg 150w\" sizes=\"auto, (max-width: 760px) 100vw, 760px\" \/><figcaption class=\"wp-element-caption\">Marr\u00f3n<\/figcaption><\/figure>\n\n\n\n<h2 class=\"wp-block-heading\"><span class=\"ez-toc-section\" id=\"Platinado\"><\/span>platino<span class=\"ez-toc-section-end\"><\/span><\/h2>\n\n\n\n<p>El corte de cabello de hombre 2023 asociado al platino aporta un look \u00fanico y muy actual. El tono platino es la versi\u00f3n m\u00e1s clara del rubio y puede tener matices dorados o plateados.<\/p>\n\n\n\n<figure class=\"wp-block-image size-full\"><img loading=\"lazy\" decoding=\"async\" width=\"760\" height=\"555\" src=\"https:\/\/danidrops.com.br\/wp-content\/uploads\/2022\/10\/67-Platinado.jpg\" alt=\"platino\" class=\"wp-image-49261\" title=\"\" srcset=\"https:\/\/danidrops.com.br\/wp-content\/uploads\/2022\/10\/67-Platinado.jpg 760w, https:\/\/danidrops.com.br\/wp-content\/uploads\/2022\/10\/67-Platinado-300x219.jpg 300w, https:\/\/danidrops.com.br\/wp-content\/uploads\/2022\/10\/67-Platinado-16x12.jpg 16w, https:\/\/danidrops.com.br\/wp-content\/uploads\/2022\/10\/67-Platinado-150x110.jpg 150w\" sizes=\"auto, (max-width: 760px) 100vw, 760px\" \/><figcaption class=\"wp-element-caption\">platino<\/figcaption><\/figure>\n\n\n\n<figure class=\"wp-block-image size-full\"><img loading=\"lazy\" decoding=\"async\" width=\"760\" height=\"555\" src=\"https:\/\/danidrops.com.br\/wp-content\/uploads\/2022\/10\/66-Platinado.jpg\" alt=\"platino\" class=\"wp-image-49260\" title=\"\" srcset=\"https:\/\/danidrops.com.br\/wp-content\/uploads\/2022\/10\/66-Platinado.jpg 760w, https:\/\/danidrops.com.br\/wp-content\/uploads\/2022\/10\/66-Platinado-300x219.jpg 300w, https:\/\/danidrops.com.br\/wp-content\/uploads\/2022\/10\/66-Platinado-16x12.jpg 16w, https:\/\/danidrops.com.br\/wp-content\/uploads\/2022\/10\/66-Platinado-150x110.jpg 150w\" sizes=\"auto, (max-width: 760px) 100vw, 760px\" \/><figcaption class=\"wp-element-caption\">platino<\/figcaption><\/figure>\n\n\n\n<h2 class=\"wp-block-heading\"><span class=\"ez-toc-section\" id=\"Branco\"><\/span>Blanco<span class=\"ez-toc-section-end\"><\/span><\/h2>\n\n\n\n<p>El cabello blanco se puede confundir f\u00e1cilmente con el platino, pero existen marcadas diferencias entre los dos tonos. El blanco es un color dif\u00edcil de conseguir y por ello no es muy com\u00fan encontrarlo.<\/p>\n\n\n\n<figure class=\"wp-block-image size-full\"><img loading=\"lazy\" decoding=\"async\" width=\"760\" height=\"555\" src=\"https:\/\/danidrops.com.br\/wp-content\/uploads\/2022\/10\/69-Branco.jpg\" alt=\"Blanco\" class=\"wp-image-49263\" title=\"\" srcset=\"https:\/\/danidrops.com.br\/wp-content\/uploads\/2022\/10\/69-Branco.jpg 760w, https:\/\/danidrops.com.br\/wp-content\/uploads\/2022\/10\/69-Branco-300x219.jpg 300w, https:\/\/danidrops.com.br\/wp-content\/uploads\/2022\/10\/69-Branco-16x12.jpg 16w, https:\/\/danidrops.com.br\/wp-content\/uploads\/2022\/10\/69-Branco-150x110.jpg 150w\" sizes=\"auto, (max-width: 760px) 100vw, 760px\" \/><figcaption class=\"wp-element-caption\">Blanco<\/figcaption><\/figure>\n\n\n\n<figure class=\"wp-block-image size-full\"><img loading=\"lazy\" decoding=\"async\" width=\"760\" height=\"555\" src=\"https:\/\/danidrops.com.br\/wp-content\/uploads\/2022\/10\/68-Branco.jpg\" alt=\"Blanco\" class=\"wp-image-49262\" title=\"\" srcset=\"https:\/\/danidrops.com.br\/wp-content\/uploads\/2022\/10\/68-Branco.jpg 760w, https:\/\/danidrops.com.br\/wp-content\/uploads\/2022\/10\/68-Branco-300x219.jpg 300w, https:\/\/danidrops.com.br\/wp-content\/uploads\/2022\/10\/68-Branco-16x12.jpg 16w, https:\/\/danidrops.com.br\/wp-content\/uploads\/2022\/10\/68-Branco-150x110.jpg 150w\" sizes=\"auto, (max-width: 760px) 100vw, 760px\" \/><figcaption class=\"wp-element-caption\">Blanco<\/figcaption><\/figure>\n\n\n\n<h2 class=\"wp-block-heading\"><span class=\"ez-toc-section\" id=\"Loiro\"><\/span>Rubio<span class=\"ez-toc-section-end\"><\/span><\/h2>\n\n\n\n<p>El cabello rubio tambi\u00e9n es un cl\u00e1sico entre los hombres en todas sus tonalidades. Puede ser completamente rubio o tener algunas mechas y mechas que aclaren las hebras.<\/p>\n\n\n\n<figure class=\"wp-block-image size-full\"><img loading=\"lazy\" decoding=\"async\" width=\"760\" height=\"555\" src=\"https:\/\/danidrops.com.br\/wp-content\/uploads\/2022\/10\/71-Loiro.jpg\" alt=\"Rubio\" class=\"wp-image-49265\" title=\"\" srcset=\"https:\/\/danidrops.com.br\/wp-content\/uploads\/2022\/10\/71-Loiro.jpg 760w, https:\/\/danidrops.com.br\/wp-content\/uploads\/2022\/10\/71-Loiro-300x219.jpg 300w, https:\/\/danidrops.com.br\/wp-content\/uploads\/2022\/10\/71-Loiro-16x12.jpg 16w, https:\/\/danidrops.com.br\/wp-content\/uploads\/2022\/10\/71-Loiro-150x110.jpg 150w\" sizes=\"auto, (max-width: 760px) 100vw, 760px\" \/><figcaption class=\"wp-element-caption\">Rubio<\/figcaption><\/figure>\n\n\n\n<figure class=\"wp-block-image size-full\"><img loading=\"lazy\" decoding=\"async\" width=\"760\" height=\"555\" src=\"https:\/\/danidrops.com.br\/wp-content\/uploads\/2022\/10\/70-Loiro.jpg\" alt=\"Rubio\" class=\"wp-image-49264\" title=\"\" srcset=\"https:\/\/danidrops.com.br\/wp-content\/uploads\/2022\/10\/70-Loiro.jpg 760w, https:\/\/danidrops.com.br\/wp-content\/uploads\/2022\/10\/70-Loiro-300x219.jpg 300w, https:\/\/danidrops.com.br\/wp-content\/uploads\/2022\/10\/70-Loiro-16x12.jpg 16w, https:\/\/danidrops.com.br\/wp-content\/uploads\/2022\/10\/70-Loiro-150x110.jpg 150w\" sizes=\"auto, (max-width: 760px) 100vw, 760px\" \/><figcaption class=\"wp-element-caption\">Rubio<\/figcaption><\/figure>\n\n\n\n<h2 class=\"wp-block-heading\"><span class=\"ez-toc-section\" id=\"Colorido\"><\/span>Vistoso<span class=\"ez-toc-section-end\"><\/span><\/h2>\n\n\n\n<p>Como mencionamos anteriormente, los cortes de cabello para hombres modernos 2023 asociados con el cabello te\u00f1ido se est\u00e1n utilizando mucho para representar la libertad de expresi\u00f3n y las caracter\u00edsticas de cada persona. <\/p>\n\n\n\n<figure class=\"wp-block-image size-full\"><img loading=\"lazy\" decoding=\"async\" width=\"760\" height=\"555\" src=\"https:\/\/danidrops.com.br\/wp-content\/uploads\/2022\/10\/73-Colorido.jpg\" alt=\"Vistoso\" class=\"wp-image-49267\" title=\"\" srcset=\"https:\/\/danidrops.com.br\/wp-content\/uploads\/2022\/10\/73-Colorido.jpg 760w, https:\/\/danidrops.com.br\/wp-content\/uploads\/2022\/10\/73-Colorido-300x219.jpg 300w, https:\/\/danidrops.com.br\/wp-content\/uploads\/2022\/10\/73-Colorido-16x12.jpg 16w, https:\/\/danidrops.com.br\/wp-content\/uploads\/2022\/10\/73-Colorido-150x110.jpg 150w\" sizes=\"auto, (max-width: 760px) 100vw, 760px\" \/><figcaption class=\"wp-element-caption\">Vistoso<\/figcaption><\/figure>\n\n\n\n<p>Por lo general, este tipo de coloraci\u00f3n requiere de un tinte especial y debe usarse con precauci\u00f3n, ya que es necesario pasar por el proceso de decoloraci\u00f3n del cabello.<\/p>\n\n\n\n<figure class=\"wp-block-image size-full\"><img loading=\"lazy\" decoding=\"async\" width=\"760\" height=\"555\" src=\"https:\/\/danidrops.com.br\/wp-content\/uploads\/2022\/10\/72-Colorido.jpg\" alt=\"Vistoso\" class=\"wp-image-49266\" title=\"\" srcset=\"https:\/\/danidrops.com.br\/wp-content\/uploads\/2022\/10\/72-Colorido.jpg 760w, https:\/\/danidrops.com.br\/wp-content\/uploads\/2022\/10\/72-Colorido-300x219.jpg 300w, https:\/\/danidrops.com.br\/wp-content\/uploads\/2022\/10\/72-Colorido-16x12.jpg 16w, https:\/\/danidrops.com.br\/wp-content\/uploads\/2022\/10\/72-Colorido-150x110.jpg 150w\" sizes=\"auto, (max-width: 760px) 100vw, 760px\" \/><figcaption class=\"wp-element-caption\">Vistoso<\/figcaption><\/figure>\n\n\n\n<h2 class=\"wp-block-heading\"><span class=\"ez-toc-section\" id=\"Corte_de_cabelo_masculino_com_Franja_Longa\"><\/span>Corte de pelo de hombre con flequillo largo.<span class=\"ez-toc-section-end\"><\/span><\/h2>\n\n\n\n<p>El corte de pelo Long Bangs para hombres se est\u00e1 volviendo cada vez m\u00e1s popular entre los hombres que quieren acentuar su estilo.<\/p>\n\n\n\n<figure class=\"wp-block-image size-full\"><img loading=\"lazy\" decoding=\"async\" width=\"760\" height=\"555\" src=\"https:\/\/danidrops.com.br\/wp-content\/uploads\/2023\/04\/02-Corte-de-cabelo-masculino-Franja-Longa.jpg\" alt=\"Corte de pelo largo con flecos para hombres\" class=\"wp-image-70573\" title=\"\" srcset=\"https:\/\/danidrops.com.br\/wp-content\/uploads\/2023\/04\/02-Corte-de-cabelo-masculino-Franja-Longa.jpg 760w, https:\/\/danidrops.com.br\/wp-content\/uploads\/2023\/04\/02-Corte-de-cabelo-masculino-Franja-Longa-300x219.jpg 300w, https:\/\/danidrops.com.br\/wp-content\/uploads\/2023\/04\/02-Corte-de-cabelo-masculino-Franja-Longa-16x12.jpg 16w, https:\/\/danidrops.com.br\/wp-content\/uploads\/2023\/04\/02-Corte-de-cabelo-masculino-Franja-Longa-150x110.jpg 150w\" sizes=\"auto, (max-width: 760px) 100vw, 760px\" \/><figcaption class=\"wp-element-caption\">Corte de pelo largo con flecos para hombres <\/figcaption><\/figure>\n\n\n\n<p>Este peinado se caracteriza por capas entrecortadas con flequillo muy largo, que suele llegar hasta la nariz. Esta tendencia se hizo muy conocida en la d\u00e9cada de 2000, pero a\u00fan hoy tiene \u00e9xito debido a la versatilidad que ofrece.<\/p>\n\n\n\n<figure class=\"wp-block-image size-full\"><img loading=\"lazy\" decoding=\"async\" width=\"760\" height=\"555\" src=\"https:\/\/danidrops.com.br\/wp-content\/uploads\/2023\/04\/01-Corte-de-cabelo-masculino-Franja-Longa.jpg\" alt=\"Corte de pelo largo con flecos para hombres\" class=\"wp-image-70572\" title=\"\" srcset=\"https:\/\/danidrops.com.br\/wp-content\/uploads\/2023\/04\/01-Corte-de-cabelo-masculino-Franja-Longa.jpg 760w, https:\/\/danidrops.com.br\/wp-content\/uploads\/2023\/04\/01-Corte-de-cabelo-masculino-Franja-Longa-300x219.jpg 300w, https:\/\/danidrops.com.br\/wp-content\/uploads\/2023\/04\/01-Corte-de-cabelo-masculino-Franja-Longa-16x12.jpg 16w, https:\/\/danidrops.com.br\/wp-content\/uploads\/2023\/04\/01-Corte-de-cabelo-masculino-Franja-Longa-150x110.jpg 150w\" sizes=\"auto, (max-width: 760px) 100vw, 760px\" \/><figcaption class=\"wp-element-caption\">Corte de pelo largo con flecos para hombres <\/figcaption><\/figure>\n\n\n\n<p>El flequillo largo puede aportar un toque moderno y relajado a cualquier look, y puede usarse tanto para un look casual como elegante. Si buscas una t\u00e9cnica vers\u00e1til, moderna y sofisticada, el Flequillo Largo puede ser una excelente opci\u00f3n para probar.<\/p>\n\n\n\n<h2 class=\"wp-block-heading\"><span class=\"ez-toc-section\" id=\"Corte_de_cabelo_masculino_Bowl_Cut\"><\/span>corte de pelo de los hombres de corte de taz\u00f3n<span class=\"ez-toc-section-end\"><\/span><\/h2>\n\n\n\n<p>El corte de pelo para hombre Bowl Cut es ideal para hombres que buscan un peinado vers\u00e1til.<\/p>\n\n\n\n<figure class=\"wp-block-image size-full\"><img loading=\"lazy\" decoding=\"async\" width=\"760\" height=\"555\" src=\"https:\/\/danidrops.com.br\/wp-content\/uploads\/2023\/04\/04-Corte-de-cabelo-masculino-Bowl-Cut.jpg\" alt=\"corte de pelo de los hombres de corte de taz\u00f3n\" class=\"wp-image-70575\" title=\"\" srcset=\"https:\/\/danidrops.com.br\/wp-content\/uploads\/2023\/04\/04-Corte-de-cabelo-masculino-Bowl-Cut.jpg 760w, https:\/\/danidrops.com.br\/wp-content\/uploads\/2023\/04\/04-Corte-de-cabelo-masculino-Bowl-Cut-300x219.jpg 300w, https:\/\/danidrops.com.br\/wp-content\/uploads\/2023\/04\/04-Corte-de-cabelo-masculino-Bowl-Cut-16x12.jpg 16w, https:\/\/danidrops.com.br\/wp-content\/uploads\/2023\/04\/04-Corte-de-cabelo-masculino-Bowl-Cut-150x110.jpg 150w\" sizes=\"auto, (max-width: 760px) 100vw, 760px\" \/><figcaption class=\"wp-element-caption\">corte de pelo de los hombres de corte de taz\u00f3n<\/figcaption><\/figure>\n\n\n\n<p>Este estilo se caracteriza por las hebras en capas cortas, cosidas alrededor de la cabeza, formando una especie de palangana o cuenco en la parte superior. Esta tendencia a menudo se remonta a la d\u00e9cada de 1990 y ha sido un gran \u00e9xito entre los hombres modernos que quieren resaltar su estilo relajado.<\/p>\n\n\n\n<figure class=\"wp-block-image size-full\"><img loading=\"lazy\" decoding=\"async\" width=\"760\" height=\"555\" src=\"https:\/\/danidrops.com.br\/wp-content\/uploads\/2023\/04\/03-Corte-de-cabelo-masculino-Bowl-Cut.jpg\" alt=\"corte de pelo de los hombres de corte de taz\u00f3n\" class=\"wp-image-70571\" title=\"\" srcset=\"https:\/\/danidrops.com.br\/wp-content\/uploads\/2023\/04\/03-Corte-de-cabelo-masculino-Bowl-Cut.jpg 760w, https:\/\/danidrops.com.br\/wp-content\/uploads\/2023\/04\/03-Corte-de-cabelo-masculino-Bowl-Cut-300x219.jpg 300w, https:\/\/danidrops.com.br\/wp-content\/uploads\/2023\/04\/03-Corte-de-cabelo-masculino-Bowl-Cut-16x12.jpg 16w, https:\/\/danidrops.com.br\/wp-content\/uploads\/2023\/04\/03-Corte-de-cabelo-masculino-Bowl-Cut-150x110.jpg 150w\" sizes=\"auto, (max-width: 760px) 100vw, 760px\" \/><figcaption class=\"wp-element-caption\">corte de pelo de los hombres de corte de taz\u00f3n<\/figcaption><\/figure>\n\n\n\n<p>El Bowl Cut tambi\u00e9n es muy pr\u00e1ctico, ya que se puede adaptar f\u00e1cilmente con una ligera variaci\u00f3n en la longitud de las capas para lograr un aspecto ligeramente diferente pero muy elegante. Si buscas un look vers\u00e1til y moderno, el Bowl Cut podr\u00eda ser la opci\u00f3n adecuada para ti.<\/p>\n\n\n\n<h2 class=\"wp-block-heading\"><span class=\"ez-toc-section\" id=\"Corte_de_cabelo_masculino_Spiky_Hair\"><\/span>Corte de pelo para hombres Cabello puntiagudo<span class=\"ez-toc-section-end\"><\/span><\/h2>\n\n\n\n<p>El corte de cabello Spiky Hair para hombres es ideal para hombres que quieren resaltar su estilo \u00fanico. Este corte se caracteriza por capas cortas en capas y el uso de gel u otro producto para darle vida a los mechones, d\u00e1ndoles un aspecto despeinado y puntiagudo.<\/p>\n\n\n\n<figure class=\"wp-block-image size-full\"><img loading=\"lazy\" decoding=\"async\" width=\"760\" height=\"555\" src=\"https:\/\/danidrops.com.br\/wp-content\/uploads\/2023\/04\/05-Corte-de-cabelo-masculino-Spiky-Hair.jpg\" alt=\"Corte de pelo para hombres Cabello puntiagudo\" class=\"wp-image-70576\" title=\"\" srcset=\"https:\/\/danidrops.com.br\/wp-content\/uploads\/2023\/04\/05-Corte-de-cabelo-masculino-Spiky-Hair.jpg 760w, https:\/\/danidrops.com.br\/wp-content\/uploads\/2023\/04\/05-Corte-de-cabelo-masculino-Spiky-Hair-300x219.jpg 300w, https:\/\/danidrops.com.br\/wp-content\/uploads\/2023\/04\/05-Corte-de-cabelo-masculino-Spiky-Hair-16x12.jpg 16w, https:\/\/danidrops.com.br\/wp-content\/uploads\/2023\/04\/05-Corte-de-cabelo-masculino-Spiky-Hair-150x110.jpg 150w\" sizes=\"auto, (max-width: 760px) 100vw, 760px\" \/><figcaption class=\"wp-element-caption\">Corte de pelo para hombres Cabello puntiagudo<\/figcaption><\/figure>\n\n\n\n<p>Esta t\u00e9cnica se hizo famosa en la d\u00e9cada de 1990, pero sigue siendo popular hoy en d\u00eda entre los hombres que buscan un look moderno y relajado.<\/p>\n\n\n\n<figure class=\"wp-block-image size-full\"><img loading=\"lazy\" decoding=\"async\" width=\"760\" height=\"555\" src=\"https:\/\/danidrops.com.br\/wp-content\/uploads\/2023\/04\/06-Corte-de-cabelo-masculino-Spiky-Hair.jpg\" alt=\"Corte de pelo para hombres Cabello puntiagudo\" class=\"wp-image-70574\" title=\"\" srcset=\"https:\/\/danidrops.com.br\/wp-content\/uploads\/2023\/04\/06-Corte-de-cabelo-masculino-Spiky-Hair.jpg 760w, https:\/\/danidrops.com.br\/wp-content\/uploads\/2023\/04\/06-Corte-de-cabelo-masculino-Spiky-Hair-300x219.jpg 300w, https:\/\/danidrops.com.br\/wp-content\/uploads\/2023\/04\/06-Corte-de-cabelo-masculino-Spiky-Hair-16x12.jpg 16w, https:\/\/danidrops.com.br\/wp-content\/uploads\/2023\/04\/06-Corte-de-cabelo-masculino-Spiky-Hair-150x110.jpg 150w\" sizes=\"auto, (max-width: 760px) 100vw, 760px\" \/><figcaption class=\"wp-element-caption\">Corte de pelo para hombres Cabello puntiagudo<\/figcaption><\/figure>\n\n\n\n<p>Adem\u00e1s, este tipo de corte te permite adaptarlo seg\u00fan sea necesario, cambiando ligeramente el largo y la textura de los mechones para lograr un look elegante o desali\u00f1ado.&nbsp;<\/p>\n\n\n\n<p>Si buscas algo simple pero intenso, Spiky Hair puede ser una excelente opci\u00f3n para tu estilo.<\/p>\n\n\n\n<h2 class=\"wp-block-heading\"><span class=\"ez-toc-section\" id=\"Corte_de_cabelo_masculino_Textured_Crop\"><\/span>Corte de pelo corto texturizado para hombres<span class=\"ez-toc-section-end\"><\/span><\/h2>\n\n\n\n<p>El corte de pelo para hombre Textured Crop es ideal para hombres que buscan un estilo relajado y moderno. Este estilo se caracteriza por los lados afeitados de la cabeza y capas cortas y entrecortadas en la parte superior, lo que le da a las hebras una textura irregular.<\/p>\n\n\n\n<figure class=\"wp-block-image size-full\"><img loading=\"lazy\" decoding=\"async\" width=\"760\" height=\"555\" src=\"https:\/\/danidrops.com.br\/wp-content\/uploads\/2023\/04\/08-Corte-de-cabelo-masculino-Textured-Crop.jpg\" alt=\"Corte de pelo corto texturizado para hombres\" class=\"wp-image-70579\" title=\"\" srcset=\"https:\/\/danidrops.com.br\/wp-content\/uploads\/2023\/04\/08-Corte-de-cabelo-masculino-Textured-Crop.jpg 760w, https:\/\/danidrops.com.br\/wp-content\/uploads\/2023\/04\/08-Corte-de-cabelo-masculino-Textured-Crop-300x219.jpg 300w, https:\/\/danidrops.com.br\/wp-content\/uploads\/2023\/04\/08-Corte-de-cabelo-masculino-Textured-Crop-16x12.jpg 16w, https:\/\/danidrops.com.br\/wp-content\/uploads\/2023\/04\/08-Corte-de-cabelo-masculino-Textured-Crop-150x110.jpg 150w\" sizes=\"auto, (max-width: 760px) 100vw, 760px\" \/><figcaption class=\"wp-element-caption\">Corte de pelo corto texturizado para hombres<\/figcaption><\/figure>\n\n\n\n<p>Esta textura se suele conseguir con el uso de productos como gel, mousse o pasta modeladora. Adem\u00e1s, este corte tambi\u00e9n se puede modificar f\u00e1cilmente seg\u00fan sea necesario, agregando diferentes largos a las capas para darle a\u00fan m\u00e1s personalidad al look.<\/p>\n\n\n\n<figure class=\"wp-block-image size-full\"><img loading=\"lazy\" decoding=\"async\" width=\"760\" height=\"555\" src=\"https:\/\/danidrops.com.br\/wp-content\/uploads\/2023\/04\/07-Corte-de-cabelo-masculino-Textured-Crop.jpg\" alt=\"Corte de pelo corto texturizado para hombres\" class=\"wp-image-70578\" title=\"\" srcset=\"https:\/\/danidrops.com.br\/wp-content\/uploads\/2023\/04\/07-Corte-de-cabelo-masculino-Textured-Crop.jpg 760w, https:\/\/danidrops.com.br\/wp-content\/uploads\/2023\/04\/07-Corte-de-cabelo-masculino-Textured-Crop-300x219.jpg 300w, https:\/\/danidrops.com.br\/wp-content\/uploads\/2023\/04\/07-Corte-de-cabelo-masculino-Textured-Crop-16x12.jpg 16w, https:\/\/danidrops.com.br\/wp-content\/uploads\/2023\/04\/07-Corte-de-cabelo-masculino-Textured-Crop-150x110.jpg 150w\" sizes=\"auto, (max-width: 760px) 100vw, 760px\" \/><figcaption class=\"wp-element-caption\">Corte de pelo corto texturizado para hombres<\/figcaption><\/figure>\n\n\n\n<p>Si buscas un corte que combine estilo personal con practicidad en el mantenimiento diario, el Textured Crop es una excelente opci\u00f3n para tu look actual.<\/p>\n\n\n\n<h2 class=\"wp-block-heading\"><span class=\"ez-toc-section\" id=\"Corte_de_cabelo_masculino_com_trancas\"><\/span>Corte de pelo de hombre con trenzas.<span class=\"ez-toc-section-end\"><\/span><\/h2>\n\n\n\n<p>Hay varios estilos de <strong>corte de pelo de hombre con trenzas<\/strong> que puedas inspirarte y tener el mismo look. Incluso si tienes el cabello m\u00e1s corto, a\u00fan puedes tener este look m\u00e1s moderno y atrevido.<\/p>\n\n\n\n<figure class=\"wp-block-image size-full\"><img loading=\"lazy\" decoding=\"async\" width=\"760\" height=\"555\" src=\"https:\/\/danidrops.com.br\/wp-content\/uploads\/2023\/10\/60-Corte-de-cabelo-masculino-com-trancas.jpg\" alt=\"Corte de pelo de hombre con trenzas.\" class=\"wp-image-85400\" title=\"\" srcset=\"https:\/\/danidrops.com.br\/wp-content\/uploads\/2023\/10\/60-Corte-de-cabelo-masculino-com-trancas.jpg 760w, https:\/\/danidrops.com.br\/wp-content\/uploads\/2023\/10\/60-Corte-de-cabelo-masculino-com-trancas-300x219.jpg 300w, https:\/\/danidrops.com.br\/wp-content\/uploads\/2023\/10\/60-Corte-de-cabelo-masculino-com-trancas-16x12.jpg 16w, https:\/\/danidrops.com.br\/wp-content\/uploads\/2023\/10\/60-Corte-de-cabelo-masculino-com-trancas-150x110.jpg 150w\" sizes=\"auto, (max-width: 760px) 100vw, 760px\" \/><figcaption class=\"wp-element-caption\">Corte de pelo de hombre con trenzas.<\/figcaption><\/figure>\n\n\n\n<p>Independientemente de si tienes el cabello liso, rizado o encrespado, puedes elegir entre diferentes trenzas, como la nag\u00f4. Y si tienes el pelo largo, incluso puedes optar por un mo\u00f1o estilo samur\u00e1i.<\/p>\n\n\n\n<figure class=\"wp-block-image size-full\"><img loading=\"lazy\" decoding=\"async\" width=\"760\" height=\"555\" src=\"https:\/\/danidrops.com.br\/wp-content\/uploads\/2023\/10\/61-Corte-de-cabelo-masculino-com-trancas.jpg\" alt=\"Corte de pelo de hombre con trenzas.\" class=\"wp-image-85401\" title=\"\" srcset=\"https:\/\/danidrops.com.br\/wp-content\/uploads\/2023\/10\/61-Corte-de-cabelo-masculino-com-trancas.jpg 760w, https:\/\/danidrops.com.br\/wp-content\/uploads\/2023\/10\/61-Corte-de-cabelo-masculino-com-trancas-300x219.jpg 300w, https:\/\/danidrops.com.br\/wp-content\/uploads\/2023\/10\/61-Corte-de-cabelo-masculino-com-trancas-16x12.jpg 16w, https:\/\/danidrops.com.br\/wp-content\/uploads\/2023\/10\/61-Corte-de-cabelo-masculino-com-trancas-150x110.jpg 150w\" sizes=\"auto, (max-width: 760px) 100vw, 760px\" \/><figcaption class=\"wp-element-caption\">Corte de pelo de hombre con trenzas.<\/figcaption><\/figure>\n\n\n\n<h2 class=\"wp-block-heading\"><span class=\"ez-toc-section\" id=\"Corte_de_cabelo_masculino_Slicked_Back\"><\/span>Corte de pelo peinado hacia atr\u00e1s para hombres<span class=\"ez-toc-section-end\"><\/span><\/h2>\n\n\n\n<p>Los cortes de cabello Slicked Back para hombres resaltan el estilo retro confiado de los a\u00f1os 50, pero adaptado al estilo actual. Este estilo se caracteriza por los lados de la cabeza en su mayor\u00eda rapados y la parte superior cortada y ligeramente forrada hacia atr\u00e1s.<\/p>\n\n\n\n<figure class=\"wp-block-image size-full\"><img loading=\"lazy\" decoding=\"async\" width=\"760\" height=\"555\" src=\"https:\/\/danidrops.com.br\/wp-content\/uploads\/2023\/04\/09-Corte-de-cabelo-masculino-Slicked-Back.jpg\" alt=\"Corte de pelo peinado hacia atr\u00e1s para hombres\" class=\"wp-image-70580\" title=\"\" srcset=\"https:\/\/danidrops.com.br\/wp-content\/uploads\/2023\/04\/09-Corte-de-cabelo-masculino-Slicked-Back.jpg 760w, https:\/\/danidrops.com.br\/wp-content\/uploads\/2023\/04\/09-Corte-de-cabelo-masculino-Slicked-Back-300x219.jpg 300w, https:\/\/danidrops.com.br\/wp-content\/uploads\/2023\/04\/09-Corte-de-cabelo-masculino-Slicked-Back-16x12.jpg 16w, https:\/\/danidrops.com.br\/wp-content\/uploads\/2023\/04\/09-Corte-de-cabelo-masculino-Slicked-Back-150x110.jpg 150w\" sizes=\"auto, (max-width: 760px) 100vw, 760px\" \/><figcaption class=\"wp-element-caption\">Corte de pelo peinado hacia atr\u00e1s para hombres<\/figcaption><\/figure>\n\n\n\n<p>A pesar de no ser complicado en cuanto a cuidados, el resultado de este corte puede costar un poco de esfuerzo en el d\u00eda a d\u00eda, ya que es necesario alisar y peinar las hebras a diario para obtener un aspecto ordenado y limpio.<\/p>\n\n\n\n<p>Ideal para hombres que buscan un look moderno con generosas dosis de encanto retro, el corte engominado en la espalda se puede usar para looks casuales e informales, adem\u00e1s de servir perfectamente para cualquier otro tipo de evento.<\/p>\n\n\n\n<figure class=\"wp-block-image size-full\"><img loading=\"lazy\" decoding=\"async\" width=\"760\" height=\"555\" src=\"https:\/\/danidrops.com.br\/wp-content\/uploads\/2023\/04\/10-Corte-de-cabelo-masculino-Slicked-Back.jpg\" alt=\"Corte de pelo peinado hacia atr\u00e1s para hombres\" class=\"wp-image-70577\" title=\"\" srcset=\"https:\/\/danidrops.com.br\/wp-content\/uploads\/2023\/04\/10-Corte-de-cabelo-masculino-Slicked-Back.jpg 760w, https:\/\/danidrops.com.br\/wp-content\/uploads\/2023\/04\/10-Corte-de-cabelo-masculino-Slicked-Back-300x219.jpg 300w, https:\/\/danidrops.com.br\/wp-content\/uploads\/2023\/04\/10-Corte-de-cabelo-masculino-Slicked-Back-16x12.jpg 16w, https:\/\/danidrops.com.br\/wp-content\/uploads\/2023\/04\/10-Corte-de-cabelo-masculino-Slicked-Back-150x110.jpg 150w\" sizes=\"auto, (max-width: 760px) 100vw, 760px\" \/><figcaption class=\"wp-element-caption\">Corte de pelo peinado hacia atr\u00e1s para hombres<\/figcaption><\/figure>\n\n\n\n<p>La versatilidad del look hace posible mezclar diferentes piezas y complementos, dando un look \u00fanico a la personalidad de cada hombre que lo elige.<\/p>\n\n\n\n<h2 class=\"wp-block-heading\"><span class=\"ez-toc-section\" id=\"Corte_de_cabelo_masculino_afro\"><\/span>corte de pelo afro para hombres<span class=\"ez-toc-section-end\"><\/span><\/h2>\n\n\n\n<p>Para los hombres que quieren innovar y atreverse con su look, existen opciones de cortes de cabello afro masculino como el sidecut e incluso el look degradado, pero para ello necesitar\u00e1s dejar crecer los mechones durante al menos 3 meses.<\/p>\n\n\n\n<figure class=\"wp-block-image size-full\"><img loading=\"lazy\" decoding=\"async\" width=\"760\" height=\"555\" src=\"https:\/\/danidrops.com.br\/wp-content\/uploads\/2023\/10\/37-Corte-de-cabelo-masculino-afro.jpg\" alt=\"corte de pelo afro para hombres\" class=\"wp-image-85147\" title=\"\" srcset=\"https:\/\/danidrops.com.br\/wp-content\/uploads\/2023\/10\/37-Corte-de-cabelo-masculino-afro.jpg 760w, https:\/\/danidrops.com.br\/wp-content\/uploads\/2023\/10\/37-Corte-de-cabelo-masculino-afro-300x219.jpg 300w, https:\/\/danidrops.com.br\/wp-content\/uploads\/2023\/10\/37-Corte-de-cabelo-masculino-afro-16x12.jpg 16w, https:\/\/danidrops.com.br\/wp-content\/uploads\/2023\/10\/37-Corte-de-cabelo-masculino-afro-150x110.jpg 150w\" sizes=\"auto, (max-width: 760px) 100vw, 760px\" \/><figcaption class=\"wp-element-caption\">corte de pelo afro para hombres<\/figcaption><\/figure>\n\n\n\n<p>Entre las tendencias para 2023 en cortes de cabello afro para hombres se encuentra el corte americano, que tiene lados inferiores y funciona con degradado, y adem\u00e1s para quienes quieran atreverse con el estilo, \u00a1a\u00fan es posible hacer dise\u00f1os en su cabello!<\/p>\n\n\n\n<figure class=\"wp-block-image size-full\"><img loading=\"lazy\" decoding=\"async\" width=\"760\" height=\"555\" src=\"https:\/\/danidrops.com.br\/wp-content\/uploads\/2023\/10\/36-Corte-de-cabelo-masculino-afro.jpg\" alt=\"corte de pelo afro para hombres\" class=\"wp-image-85146\" title=\"\" srcset=\"https:\/\/danidrops.com.br\/wp-content\/uploads\/2023\/10\/36-Corte-de-cabelo-masculino-afro.jpg 760w, https:\/\/danidrops.com.br\/wp-content\/uploads\/2023\/10\/36-Corte-de-cabelo-masculino-afro-300x219.jpg 300w, https:\/\/danidrops.com.br\/wp-content\/uploads\/2023\/10\/36-Corte-de-cabelo-masculino-afro-16x12.jpg 16w, https:\/\/danidrops.com.br\/wp-content\/uploads\/2023\/10\/36-Corte-de-cabelo-masculino-afro-150x110.jpg 150w\" sizes=\"auto, (max-width: 760px) 100vw, 760px\" \/><figcaption class=\"wp-element-caption\">corte de pelo afro para hombres<\/figcaption><\/figure>\n<div id=\"ez-toc-container\" class=\"ez-toc-v2_0_76 counter-hierarchy ez-toc-counter ez-toc-grey ez-toc-container-direction\">\n<p class=\"ez-toc-title\" style=\"cursor:inherit\">Leer\u00e1s este art\u00edculo<\/p>\n<label for=\"ez-toc-cssicon-toggle-item-69f4d074cd6f4\" class=\"ez-toc-cssicon-toggle-label\"><span class=\"ez-toc-cssicon\"><span class=\"eztoc-hide\" style=\"display:none;\">Palanca<\/span><span class=\"ez-toc-icon-toggle-span\"><svg style=\"fill: #999;color:#999\" xmlns=\"http:\/\/www.w3.org\/2000\/svg\" class=\"list-377408\" width=\"20px\" height=\"20px\" viewbox=\"0 0 24 24\" fill=\"none\"><path d=\"M6 6H4v2h2V6zm14 0H8v2h12V6zM4 11h2v2H4v-2zm16 0H8v2h12v-2zM4 16h2v2H4v-2zm16 0H8v2h12v-2z\" fill=\"currentColor\"><\/path><\/svg><svg style=\"fill: #999;color:#999\" class=\"arrow-unsorted-368013\" xmlns=\"http:\/\/www.w3.org\/2000\/svg\" width=\"10px\" height=\"10px\" viewbox=\"0 0 24 24\" version=\"1.2\" baseprofile=\"tiny\"><path d=\"M18.2 9.3l-6.2-6.3-6.2 6.3c-.2.2-.3.4-.3.7s.1.5.3.7c.2.2.4.3.7.3h11c.3 0 .5-.1.7-.3.2-.2.3-.5.3-.7s-.1-.5-.3-.7zM5.8 14.7l6.2 6.3 6.2-6.3c.2-.2.3-.5.3-.7s-.1-.5-.3-.7c-.2-.2-.4-.3-.7-.3h-11c-.3 0-.5.1-.7.3-.2.2-.3.5-.3.7s.1.5.3.7z\"\/><\/svg><\/span><\/span><\/label><input type=\"checkbox\"  id=\"ez-toc-cssicon-toggle-item-69f4d074cd6f4\"  aria-label=\"Palanca\" \/><nav><ul class='ez-toc-list ez-toc-list-level-1' ><li class='ez-toc-page-1 ez-toc-heading-level-2'><a class=\"ez-toc-link ez-toc-heading-1\" href=\"https:\/\/danidrops.com.br\/es\/corte-de-cabello-para-hombres-2023\/#Quais_sao_os_formatos_de_rostos_masculinos_2023_mais_comuns\" >\u00bfCu\u00e1les son las formas faciales masculinas m\u00e1s comunes en 2023?<\/a><\/li><li class='ez-toc-page-1 ez-toc-heading-level-2'><a class=\"ez-toc-link ez-toc-heading-2\" href=\"https:\/\/danidrops.com.br\/es\/corte-de-cabello-para-hombres-2023\/#Oval\" >Oval<\/a><\/li><li class='ez-toc-page-1 ez-toc-heading-level-2'><a class=\"ez-toc-link ez-toc-heading-3\" href=\"https:\/\/danidrops.com.br\/es\/corte-de-cabello-para-hombres-2023\/#Coracao\" >Coraz\u00f3n<\/a><\/li><li class='ez-toc-page-1 ez-toc-heading-level-2'><a class=\"ez-toc-link ez-toc-heading-4\" href=\"https:\/\/danidrops.com.br\/es\/corte-de-cabello-para-hombres-2023\/#Diamante_ou_Losango\" >Diamante o Rombo<\/a><\/li><li class='ez-toc-page-1 ez-toc-heading-level-2'><a class=\"ez-toc-link ez-toc-heading-5\" href=\"https:\/\/danidrops.com.br\/es\/corte-de-cabello-para-hombres-2023\/#Longo_ou_comprido\" >largo o largo<\/a><\/li><li class='ez-toc-page-1 ez-toc-heading-level-2'><a class=\"ez-toc-link ez-toc-heading-6\" href=\"https:\/\/danidrops.com.br\/es\/corte-de-cabello-para-hombres-2023\/#Redondo\" >redondo<\/a><\/li><li class='ez-toc-page-1 ez-toc-heading-level-2'><a class=\"ez-toc-link ez-toc-heading-7\" href=\"https:\/\/danidrops.com.br\/es\/corte-de-cabello-para-hombres-2023\/#Quadrado_ou_tambem_chamado_de_retangular\" >Cuadrado o tambi\u00e9n llamado rectangular<\/a><\/li><li class='ez-toc-page-1 ez-toc-heading-level-2'><a class=\"ez-toc-link ez-toc-heading-8\" href=\"https:\/\/danidrops.com.br\/es\/corte-de-cabello-para-hombres-2023\/#Triangulo_invertido\" >Tri\u00e1ngulo invertido<\/a><\/li><li class='ez-toc-page-1 ez-toc-heading-level-2'><a class=\"ez-toc-link ez-toc-heading-9\" href=\"https:\/\/danidrops.com.br\/es\/corte-de-cabello-para-hombres-2023\/#Quais_os_cortes_de_cabelos_masculinos_mais_usados_em_2023\" >\u00bfCu\u00e1les son los cortes de cabello para hombres m\u00e1s populares en 2023?<\/a><\/li><li class='ez-toc-page-1 ez-toc-heading-level-2'><a class=\"ez-toc-link ez-toc-heading-10\" href=\"https:\/\/danidrops.com.br\/es\/corte-de-cabello-para-hombres-2023\/#Cabelo_masculino_curto\" >Cabello corto masculino<\/a><\/li><li class='ez-toc-page-1 ez-toc-heading-level-2'><a class=\"ez-toc-link ez-toc-heading-11\" href=\"https:\/\/danidrops.com.br\/es\/corte-de-cabello-para-hombres-2023\/#Corte_de_cabelo_masculino_Undercut\" >Corte de cabello de hombres recortado<\/a><\/li><li class='ez-toc-page-1 ez-toc-heading-level-2'><a class=\"ez-toc-link ez-toc-heading-12\" href=\"https:\/\/danidrops.com.br\/es\/corte-de-cabello-para-hombres-2023\/#Corte_de_cabelo_masculino_militar\" >Corte de cabello militar para hombres<\/a><\/li><li class='ez-toc-page-1 ez-toc-heading-level-2'><a class=\"ez-toc-link ez-toc-heading-13\" href=\"https:\/\/danidrops.com.br\/es\/corte-de-cabello-para-hombres-2023\/#Corte_de_cabelo_masculino_Pompadour\" >Corte de cabello copete para hombres<\/a><\/li><li class='ez-toc-page-1 ez-toc-heading-level-2'><a class=\"ez-toc-link ez-toc-heading-14\" href=\"https:\/\/danidrops.com.br\/es\/corte-de-cabello-para-hombres-2023\/#Corte_de_cabelo_masculino_Razor_Part\" >Corte de cabello de hombre Razor Part<\/a><\/li><li class='ez-toc-page-1 ez-toc-heading-level-2'><a class=\"ez-toc-link ez-toc-heading-15\" href=\"https:\/\/danidrops.com.br\/es\/corte-de-cabello-para-hombres-2023\/#Corte_de_cabelo_masculino_social\" >Corte de cabello social para hombres.<\/a><\/li><li class='ez-toc-page-1 ez-toc-heading-level-2'><a class=\"ez-toc-link ez-toc-heading-16\" href=\"https:\/\/danidrops.com.br\/es\/corte-de-cabello-para-hombres-2023\/#Cabelo_masculino_longo\" >Cabello largo masculino<\/a><\/li><li class='ez-toc-page-1 ez-toc-heading-level-2'><a class=\"ez-toc-link ez-toc-heading-17\" href=\"https:\/\/danidrops.com.br\/es\/corte-de-cabello-para-hombres-2023\/#Corte_de_cabelo_masculino_Surfista\" >Corte de cabello surfero para hombre.<\/a><\/li><li class='ez-toc-page-1 ez-toc-heading-level-2'><a class=\"ez-toc-link ez-toc-heading-18\" href=\"https:\/\/danidrops.com.br\/es\/corte-de-cabello-para-hombres-2023\/#Corte_de_cabelo_masculino_em_camadas\" >Corte de cabello en capas para hombres<\/a><\/li><li class='ez-toc-page-1 ez-toc-heading-level-2'><a class=\"ez-toc-link ez-toc-heading-19\" href=\"https:\/\/danidrops.com.br\/es\/corte-de-cabello-para-hombres-2023\/#Coque_Samurai_para_cabelo_masculino\" >Mo\u00f1o Samurai para el cabello de los hombres<\/a><\/li><li class='ez-toc-page-1 ez-toc-heading-level-2'><a class=\"ez-toc-link ez-toc-heading-20\" href=\"https:\/\/danidrops.com.br\/es\/corte-de-cabello-para-hombres-2023\/#Cabelo_masculino_medio\" >Cabello medio masculino<\/a><\/li><li class='ez-toc-page-1 ez-toc-heading-level-2'><a class=\"ez-toc-link ez-toc-heading-21\" href=\"https:\/\/danidrops.com.br\/es\/corte-de-cabello-para-hombres-2023\/#Corte_de_cabelo_masculino_Flow_Haircut\" >Corte de cabello de hombre Flow Haircut<\/a><\/li><li class='ez-toc-page-1 ez-toc-heading-level-2'><a class=\"ez-toc-link ez-toc-heading-22\" href=\"https:\/\/danidrops.com.br\/es\/corte-de-cabello-para-hombres-2023\/#Corte_de_cabelo_masculino_Eboy_Hairstyle\" >Corte de cabello de hombre Eboy Hairstyle<\/a><\/li><li class='ez-toc-page-1 ez-toc-heading-level-2'><a class=\"ez-toc-link ez-toc-heading-23\" href=\"https:\/\/danidrops.com.br\/es\/corte-de-cabello-para-hombres-2023\/#Corte_de_cabelo_masculino_Black_Power\" >Corte de cabello Black Power para hombre<\/a><\/li><li class='ez-toc-page-1 ez-toc-heading-level-2'><a class=\"ez-toc-link ez-toc-heading-24\" href=\"https:\/\/danidrops.com.br\/es\/corte-de-cabello-para-hombres-2023\/#Cabelo_masculino_cacheado\" >Cabello rizado masculino<\/a><\/li><li class='ez-toc-page-1 ez-toc-heading-level-2'><a class=\"ez-toc-link ez-toc-heading-25\" href=\"https:\/\/danidrops.com.br\/es\/corte-de-cabello-para-hombres-2023\/#Cabelo_masculino_crespo\" >Cabello rizado masculino<\/a><\/li><li class='ez-toc-page-1 ez-toc-heading-level-2'><a class=\"ez-toc-link ez-toc-heading-26\" href=\"https:\/\/danidrops.com.br\/es\/corte-de-cabello-para-hombres-2023\/#Cabelo_de_cabelo_masculino_liso\" >Cabello recto masculino<\/a><\/li><li class='ez-toc-page-1 ez-toc-heading-level-2'><a class=\"ez-toc-link ez-toc-heading-27\" href=\"https:\/\/danidrops.com.br\/es\/corte-de-cabello-para-hombres-2023\/#Cabelo_masculino_raspado\" >cabello masculino afeitado<\/a><\/li><li class='ez-toc-page-1 ez-toc-heading-level-2'><a class=\"ez-toc-link ez-toc-heading-28\" href=\"https:\/\/danidrops.com.br\/es\/corte-de-cabello-para-hombres-2023\/#Cabelo_masculino_com_luzes\" >Cabello de hombre con mechas<\/a><\/li><li class='ez-toc-page-1 ez-toc-heading-level-2'><a class=\"ez-toc-link ez-toc-heading-29\" href=\"https:\/\/danidrops.com.br\/es\/corte-de-cabello-para-hombres-2023\/#Cabelo_masculino_ondulado\" >cabello masculino ondulado<\/a><\/li><li class='ez-toc-page-1 ez-toc-heading-level-2'><a class=\"ez-toc-link ez-toc-heading-30\" href=\"https:\/\/danidrops.com.br\/es\/corte-de-cabello-para-hombres-2023\/#Cabelo_masculino_com_letra\" >cabello masculino con letra<\/a><\/li><li class='ez-toc-page-1 ez-toc-heading-level-2'><a class=\"ez-toc-link ez-toc-heading-31\" href=\"https:\/\/danidrops.com.br\/es\/corte-de-cabello-para-hombres-2023\/#Cabelo_masculino_com_listra\" >Cabello de hombre con rayas.<\/a><\/li><li class='ez-toc-page-1 ez-toc-heading-level-2'><a class=\"ez-toc-link ez-toc-heading-32\" href=\"https:\/\/danidrops.com.br\/es\/corte-de-cabello-para-hombres-2023\/#Cabelo_masculino_americano\" >cabello masculino americano<\/a><\/li><li class='ez-toc-page-1 ez-toc-heading-level-2'><a class=\"ez-toc-link ez-toc-heading-33\" href=\"https:\/\/danidrops.com.br\/es\/corte-de-cabello-para-hombres-2023\/#Cabelo_masculino_degrade\" >cabello masculino degradado<\/a><\/li><li class='ez-toc-page-1 ez-toc-heading-level-2'><a class=\"ez-toc-link ez-toc-heading-34\" href=\"https:\/\/danidrops.com.br\/es\/corte-de-cabello-para-hombres-2023\/#Cabelo_masculino_pintado\" >cabello masculino te\u00f1ido<\/a><\/li><li class='ez-toc-page-1 ez-toc-heading-level-2'><a class=\"ez-toc-link ez-toc-heading-35\" href=\"https:\/\/danidrops.com.br\/es\/corte-de-cabello-para-hombres-2023\/#Quais_as_cores_de_cabelos_masculinos_mais_usadas_em_2023\" >\u00bfCu\u00e1les son los colores de cabello para hombres m\u00e1s populares en 2023?<\/a><\/li><li class='ez-toc-page-1 ez-toc-heading-level-2'><a class=\"ez-toc-link ez-toc-heading-36\" href=\"https:\/\/danidrops.com.br\/es\/corte-de-cabello-para-hombres-2023\/#Preto\" >Negro<\/a><\/li><li class='ez-toc-page-1 ez-toc-heading-level-2'><a class=\"ez-toc-link ez-toc-heading-37\" href=\"https:\/\/danidrops.com.br\/es\/corte-de-cabello-para-hombres-2023\/#Castanho\" >Marr\u00f3n<\/a><\/li><li class='ez-toc-page-1 ez-toc-heading-level-2'><a class=\"ez-toc-link ez-toc-heading-38\" href=\"https:\/\/danidrops.com.br\/es\/corte-de-cabello-para-hombres-2023\/#Platinado\" >platino<\/a><\/li><li class='ez-toc-page-1 ez-toc-heading-level-2'><a class=\"ez-toc-link ez-toc-heading-39\" href=\"https:\/\/danidrops.com.br\/es\/corte-de-cabello-para-hombres-2023\/#Branco\" >Blanco<\/a><\/li><li class='ez-toc-page-1 ez-toc-heading-level-2'><a class=\"ez-toc-link ez-toc-heading-40\" href=\"https:\/\/danidrops.com.br\/es\/corte-de-cabello-para-hombres-2023\/#Loiro\" >Rubio<\/a><\/li><li class='ez-toc-page-1 ez-toc-heading-level-2'><a class=\"ez-toc-link ez-toc-heading-41\" href=\"https:\/\/danidrops.com.br\/es\/corte-de-cabello-para-hombres-2023\/#Colorido\" >Vistoso<\/a><\/li><li class='ez-toc-page-1 ez-toc-heading-level-2'><a class=\"ez-toc-link ez-toc-heading-42\" href=\"https:\/\/danidrops.com.br\/es\/corte-de-cabello-para-hombres-2023\/#Corte_de_cabelo_masculino_com_Franja_Longa\" >Corte de pelo de hombre con flequillo largo.<\/a><\/li><li class='ez-toc-page-1 ez-toc-heading-level-2'><a class=\"ez-toc-link ez-toc-heading-43\" href=\"https:\/\/danidrops.com.br\/es\/corte-de-cabello-para-hombres-2023\/#Corte_de_cabelo_masculino_Bowl_Cut\" >corte de pelo de los hombres de corte de taz\u00f3n<\/a><\/li><li class='ez-toc-page-1 ez-toc-heading-level-2'><a class=\"ez-toc-link ez-toc-heading-44\" href=\"https:\/\/danidrops.com.br\/es\/corte-de-cabello-para-hombres-2023\/#Corte_de_cabelo_masculino_Spiky_Hair\" >Corte de pelo para hombres Cabello puntiagudo<\/a><\/li><li class='ez-toc-page-1 ez-toc-heading-level-2'><a class=\"ez-toc-link ez-toc-heading-45\" href=\"https:\/\/danidrops.com.br\/es\/corte-de-cabello-para-hombres-2023\/#Corte_de_cabelo_masculino_Textured_Crop\" >Corte de pelo corto texturizado para hombres<\/a><\/li><li class='ez-toc-page-1 ez-toc-heading-level-2'><a class=\"ez-toc-link ez-toc-heading-46\" href=\"https:\/\/danidrops.com.br\/es\/corte-de-cabello-para-hombres-2023\/#Corte_de_cabelo_masculino_com_trancas\" >Corte de pelo de hombre con trenzas.<\/a><\/li><li class='ez-toc-page-1 ez-toc-heading-level-2'><a class=\"ez-toc-link ez-toc-heading-47\" href=\"https:\/\/danidrops.com.br\/es\/corte-de-cabello-para-hombres-2023\/#Corte_de_cabelo_masculino_Slicked_Back\" >Corte de pelo peinado hacia atr\u00e1s para hombres<\/a><\/li><li class='ez-toc-page-1 ez-toc-heading-level-2'><a class=\"ez-toc-link ez-toc-heading-48\" href=\"https:\/\/danidrops.com.br\/es\/corte-de-cabello-para-hombres-2023\/#Corte_de_cabelo_masculino_afro\" >corte de pelo afro para hombres<\/a><\/li><\/ul><\/nav><\/div>","protected":false},"excerpt":{"rendered":"<p>O corte de cabelo masculino 2023 est\u00e3o super em alta no pr\u00f3ximo ano e ser\u00e3o tend\u00eancias entre todas as idades. Os homens est\u00e3o cada vez&hellip;<\/p>","protected":false},"author":1,"featured_media":49270,"comment_status":"open","ping_status":"open","sticky":false,"template":"","format":"standard","meta":{"footnotes":""},"categories":[439],"tags":[],"class_list":["post-47295","post","type-post","status-publish","format-standard","has-post-thumbnail","hentry","category-cabelo"],"_links":{"self":[{"href":"https:\/\/danidrops.com.br\/es\/wp-json\/wp\/v2\/posts\/47295","targetHints":{"allow":["GET"]}}],"collection":[{"href":"https:\/\/danidrops.com.br\/es\/wp-json\/wp\/v2\/posts"}],"about":[{"href":"https:\/\/danidrops.com.br\/es\/wp-json\/wp\/v2\/types\/post"}],"author":[{"embeddable":true,"href":"https:\/\/danidrops.com.br\/es\/wp-json\/wp\/v2\/users\/1"}],"replies":[{"embeddable":true,"href":"https:\/\/danidrops.com.br\/es\/wp-json\/wp\/v2\/comments?post=47295"}],"version-history":[{"count":0,"href":"https:\/\/danidrops.com.br\/es\/wp-json\/wp\/v2\/posts\/47295\/revisions"}],"wp:featuredmedia":[{"embeddable":true,"href":"https:\/\/danidrops.com.br\/es\/wp-json\/wp\/v2\/media\/49270"}],"wp:attachment":[{"href":"https:\/\/danidrops.com.br\/es\/wp-json\/wp\/v2\/media?parent=47295"}],"wp:term":[{"taxonomy":"category","embeddable":true,"href":"https:\/\/danidrops.com.br\/es\/wp-json\/wp\/v2\/categories?post=47295"},{"taxonomy":"post_tag","embeddable":true,"href":"https:\/\/danidrops.com.br\/es\/wp-json\/wp\/v2\/tags?post=47295"}],"curies":[{"name":"gracias","href":"https:\/\/api.w.org\/{rel}","templated":true}]}}