{"id":61371,"date":"2023-01-06T09:27:31","date_gmt":"2023-01-06T12:27:31","guid":{"rendered":"https:\/\/danidrops.com.br\/?p=61371"},"modified":"2024-03-09T00:54:37","modified_gmt":"2024-03-09T03:54:37","slug":"corte-de-pelo-bob-2024","status":"publish","type":"post","link":"https:\/\/danidrops.com.br\/es\/corte-de-pelo-bob-2024\/","title":{"rendered":"Bob Haircut 2023 - vea m\u00e1s de 90 inspiraciones de cortes de cabello bob para mujeres"},"content":{"rendered":"<p>O<strong> corte de cabello bob 2023<\/strong> sigue siendo una opci\u00f3n atemporal y vers\u00e1til para las mujeres.<\/p>\n\n\n\n<p>Para el a\u00f1o 2023, las tendencias de este elegante cl\u00e1sico incluyen capas m\u00e1s largas en comparaci\u00f3n con la versi\u00f3n original, manteniendo su formato simple y limpio.<\/p>\n\n\n\n<div class=\"container4\">\n\t<span>Lea tambi\u00e9n:<\/span>\n    <ul class=\"lista\">\n\t\t<li id=\"cliquem\"><a href=\"https:\/\/danidrops.com.br\/es\/tendencia-de-corte-de-pelo-para-mujeres-2025\/\" title=\"Tendencia de corte de pelo 2024\"><strong>Tendencia de corte de pelo 2024: m\u00e1s de 150 inspiraciones y tendencias para cortes de pelo de mujer<\/strong><\/a><\/li>\t\n\t<\/ul>\n<\/div>\n\n<script type=\"application\/ld+json\">{\n    \"@context\": \"https:\\\/\\\/schema.org\",\n    \"@type\": \"Action\",\n    \"name\": \"Clicar em link para ler mat\\u00e9ria Tend\\u00eancia de Corte de Cabelo 2024\",\n    \"potentialAction\": {\n        \"@type\": \"ReadAction\",\n        \"target\": {\n            \"@type\": \"EntryPoint\",\n            \"urlTemplate\": \"https:\\\/\\\/danidrops.com.br\\\/tendencia-corte-de-cabelo-feminino-2025\\\/\"\n        }\n    },\n    \"object\": {\n        \"@type\": \"WebPage\",\n        \"headline\": \"Corte de Cabelo 2024\",\n        \"author\": {\n            \"@type\": \"Organization\",\n            \"name\": \"Danidrops.com.br\",\n            \"logo\": \"https:\\\/\\\/danidrops.com.br\\\/wp-content\\\/uploads\\\/2021\\\/08\\\/danidrops-logo-1.jpg\",\n            \"url\": \"https:\\\/\\\/danidrops.com.br\\\/\"\n        },\n        \"image\": \"https:\\\/\\\/danidrops.com.br\\\/wp-content\\\/uploads\\\/2023\\\/10\\\/74-Corte-de-Cabelo-2024.jpg\",\n        \"url\": \"https:\\\/\\\/danidrops.com.br\\\/tendencia-corte-de-cabelo-feminino-2025\\\/\",\n        \"description\": \"Informa\\u00e7\\u00f5es sobre a tend\\u00eancia de Corte de Cabelo 2024. Veja as inspira\\u00e7\\u00f5es que estar\\u00e3o em alta sobre a tend\\u00eancia de Corte de Cabelo 2024.\",\n        \"mainEntityOfPage\": {\n            \"@type\": \"WebPage\",\n            \"@id\": \"https:\\\/\\\/danidrops.com.br\\\/tendencia-corte-de-cabelo-feminino-2025\\\/\"\n        }\n    }\n}<\/script>\n\n\n\n<figure class=\"wp-block-image size-full\"><img loading=\"lazy\" decoding=\"async\" width=\"760\" height=\"555\" src=\"https:\/\/danidrops.com.br\/wp-content\/uploads\/2023\/01\/02-Corte-de-cabelo-Bob-2023.jpg\" alt=\"corte de cabello bob 2023\" class=\"wp-image-61657\" title=\"\" srcset=\"https:\/\/danidrops.com.br\/wp-content\/uploads\/2023\/01\/02-Corte-de-cabelo-Bob-2023.jpg 760w, https:\/\/danidrops.com.br\/wp-content\/uploads\/2023\/01\/02-Corte-de-cabelo-Bob-2023-300x219.jpg 300w, https:\/\/danidrops.com.br\/wp-content\/uploads\/2023\/01\/02-Corte-de-cabelo-Bob-2023-16x12.jpg 16w, https:\/\/danidrops.com.br\/wp-content\/uploads\/2023\/01\/02-Corte-de-cabelo-Bob-2023-150x110.jpg 150w\" sizes=\"auto, (max-width: 760px) 100vw, 760px\" \/><figcaption class=\"wp-element-caption\">corte de cabello bob 2023<\/figcaption><\/figure>\n\n\n\n<figure class=\"wp-block-image size-full\"><img loading=\"lazy\" decoding=\"async\" width=\"760\" height=\"555\" src=\"https:\/\/danidrops.com.br\/wp-content\/uploads\/2023\/01\/03-Corte-de-cabelo-Bob-2023.jpg\" alt=\"corte de cabello bob 2023\" class=\"wp-image-61658\" title=\"\" srcset=\"https:\/\/danidrops.com.br\/wp-content\/uploads\/2023\/01\/03-Corte-de-cabelo-Bob-2023.jpg 760w, https:\/\/danidrops.com.br\/wp-content\/uploads\/2023\/01\/03-Corte-de-cabelo-Bob-2023-300x219.jpg 300w, https:\/\/danidrops.com.br\/wp-content\/uploads\/2023\/01\/03-Corte-de-cabelo-Bob-2023-16x12.jpg 16w, https:\/\/danidrops.com.br\/wp-content\/uploads\/2023\/01\/03-Corte-de-cabelo-Bob-2023-150x110.jpg 150w\" sizes=\"auto, (max-width: 760px) 100vw, 760px\" \/><figcaption class=\"wp-element-caption\">corte de cabello bob 2023<\/figcaption><\/figure>\n\n\n\n<p>Estos peinados te permiten a\u00f1adir volumen, movimiento y personalidad a tu look con un toque moderno.<\/p>\n\n\n\n<script type=\"application\/ld+json\">{\n    \"@context\": \"https:\\\/\\\/schema.org\",\n    \"@type\": \"FAQPage\",\n    \"mainEntity\": [\n        {\n            \"@type\": \"Question\",\n            \"name\": \"Qual a tend\\u00eancia de corte de cabelo Bob para 2023?\",\n            \"acceptedAnswer\": {\n                \"@type\": \"Answer\",\n                \"text\": \"Os cortes de cabelo Bob que estar\\u00e3o na moda em 2023 s\\u00e3o: Corte de cabelo Lob Bob, Corte de cabelo Bob Franc\\u00eas, Corte de cabelo Bob Assim\\u00e9trico, Corte de cabelo Bob com Franja, Corte de cabelo Bob tran\\u00e7ado, Corte de cabelo Bob em Camadas, Corte de cabelo Bob Cacheado, Corte de cabelo Shoulder-length Bob, Corte de cabelo Shingle Bob, Corte de cabelo Shaggy Bob, Corte de cabelo Bob Invertido, Corte de cabelo Chin-length Bob, Corte de cabelo Buzz Cut Bob, Corte de cabelo A-Line Bob, Corte de cabelo Blunt Bob, Corte de cabelo Double Long Bob, Corte de cabelo Long Bob, Corte de cabelo French Bob, Corte de cabelo Short Bob, Corte de cabelo Micro Bob, Cabelo Bob para Cabelos Crespos, Corte de Cabelo Bob Italiano, Corte de Cabelo Bob Invertido Curto\"\n            }\n        },\n        {\n            \"@type\": \"Question\",\n            \"name\": \"O que \\u00e9 um Corte de Cabelo Bob?\",\n            \"acceptedAnswer\": {\n                \"@type\": \"Answer\",\n                \"text\": \"O corte de cabelo bob \\u00e9 um cl\\u00e1ssico que nunca sai de moda. Esta vers\\u00e3o moderna e atemporal do visual da d\\u00e9cada de 1920 \\u00e9 ideal para mulheres que desejam algo pr\\u00e1tico, mas que ainda possui muito estilo.\"\n            }\n        }\n    ]\n}<\/script>\n\n\n\n<h2 class=\"wp-block-heading\"><span class=\"ez-toc-section\" id=\"Qual_a_tendencia_de_corte_de_cabelo_Bob_para_2023\"><\/span>\u00bfCu\u00e1l es la tendencia de corte de pelo Bob para 2023?<span class=\"ez-toc-section-end\"><\/span><\/h2>\n\n\n\n<p>T\u00fa <strong>Cortes de cabello bob que estar\u00e1n de moda en 2023<\/strong> son:<\/p>\n\n\n\n<ul class=\"wp-block-list\">\n<li>corte de pelo bob bob<\/li>\n\n\n\n<li>corte de pelo bob franc\u00e9s<\/li>\n\n\n\n<li>Corte de pelo bob asim\u00e9trico<\/li>\n\n\n\n<li>Corte de pelo bob con flecos<\/li>\n\n\n\n<li>corte de pelo bob trenzado<\/li>\n\n\n\n<li>corte de pelo bob en capas<\/li>\n\n\n\n<li>corte de pelo bob rizado<\/li>\n\n\n\n<li>Corte de pelo bob a la altura de los hombros<\/li>\n\n\n\n<li>Corte de pelo bob de tejas<\/li>\n\n\n\n<li>corte de pelo bob lanudo<\/li>\n\n\n\n<li>Corte de pelo bob invertido<\/li>\n\n\n\n<li>Corte de pelo bob hasta la barbilla<\/li>\n\n\n\n<li>corte de pelo bob corte de zumbido<\/li>\n\n\n\n<li>corte de pelo bob l\u00ednea a<\/li>\n\n\n\n<li>Corte de pelo bob romo<\/li>\n\n\n\n<li>Corte de pelo doble largo bob<\/li>\n\n\n\n<li>corte de cabello bob largo<\/li>\n\n\n\n<li>corte de cabello bob franc\u00e9s<\/li>\n\n\n\n<li>corte de cabello bob corto<\/li>\n\n\n\n<li>corte de pelo micro bob<\/li>\n\n\n\n<li>Bob Hair para cabello rizado<\/li>\n\n\n\n<li>Corte de pelo bob italiano<\/li>\n\n\n\n<li>Corte de pelo corto Bob invertido<\/li>\n<\/ul>\n\n\n\n<script type=\"application\/ld+json\">{\n    \"@context\": \"https:\\\/\\\/schema.org\",\n    \"@type\": \"VideoObject\",\n    \"name\": \"Corte de Cabelo Bob 2023 - Veja 50 inspira\\u00e7\\u00f5es de Modelos de Corte de Cabelo Bob\",\n    \"description\": \"O corte de cabelo Bob 2023 continua a ser uma escolha atemporal e vers\\u00e1til para mulheres.\",\n    \"thumbnailUrl\": \"https:\\\/\\\/danidrops.com.br\\\/wp-content\\\/uploads\\\/2023\\\/01\\\/Corte-de-Cabelo-Bob-2023.jpg\",\n    \"uploadDate\": \"2023-01-24\",\n    \"duration\": \"PT3M23S\",\n    \"contentUrl\": \"https:\\\/\\\/youtu.be\\\/I0TtkVrlr18\",\n    \"embedUrl\": \"https:\\\/\\\/youtu.be\\\/I0TtkVrlr18\",\n    \"potentialAction\": {\n        \"@type\": \"SeekToAction\",\n        \"target\": \"https:\\\/\\\/youtu.be\\\/I0TtkVrlr18={seek_to_second_number}\",\n        \"startOffset-input\": \"required name=seek_to_second_number\"\n    }\n}<\/script>\n\n\n\n<figure class=\"wp-block-embed is-type-video is-provider-youtube wp-block-embed-youtube wp-embed-aspect-16-9 wp-has-aspect-ratio\"><div class=\"wp-block-embed__wrapper\">\n<iframe loading=\"lazy\" title=\"Bob Haircut 2023: vea 50 inspiraciones de Bob Haircut Models\" width=\"500\" height=\"281\" src=\"https:\/\/www.youtube.com\/embed\/I0TtkVrlr18?feature=oembed\" frameborder=\"0\" allow=\"accelerometer; autoplay; clipboard-write; encrypted-media; gyroscope; picture-in-picture; web-share\" referrerpolicy=\"strict-origin-when-cross-origin\" allowfullscreen><\/iframe>\n<\/div><figcaption class=\"wp-element-caption\">Bob Haircut 2023: vea 50 inspiraciones de Bob Haircut Models<\/figcaption><\/figure>\n\n\n\n<h2 class=\"wp-block-heading\"><span class=\"ez-toc-section\" id=\"O_que_e_um_Corte_de_Cabelo_Bob\"><\/span>\u00bfQu\u00e9 es un corte de pelo Bob?<span class=\"ez-toc-section-end\"><\/span><\/h2>\n\n\n\n<p>El corte de pelo bob es un cl\u00e1sico que nunca pasa de moda. Esta versi\u00f3n moderna y atemporal del estilo de la d\u00e9cada de 1920 es ideal para las mujeres que quieren algo pr\u00e1ctico pero que a\u00fan tienen mucho estilo.<\/p>\n\n\n\n<p>El corte de pelo bob consiste en crear capas desde los hombros hacia abajo, para dar volumen y movimiento a las hebras.<\/p>\n\n\n\n<figure class=\"wp-block-image size-full\"><img loading=\"lazy\" decoding=\"async\" width=\"760\" height=\"555\" src=\"https:\/\/danidrops.com.br\/wp-content\/uploads\/2023\/01\/04-O-que-e-um-Corte-de-Cabelo-Bob.jpg\" alt=\"\u00bfCu\u00e1l es la tendencia de corte de pelo Bob para 2023?\" class=\"wp-image-61659\" title=\"\" srcset=\"https:\/\/danidrops.com.br\/wp-content\/uploads\/2023\/01\/04-O-que-e-um-Corte-de-Cabelo-Bob.jpg 760w, https:\/\/danidrops.com.br\/wp-content\/uploads\/2023\/01\/04-O-que-e-um-Corte-de-Cabelo-Bob-300x219.jpg 300w, https:\/\/danidrops.com.br\/wp-content\/uploads\/2023\/01\/04-O-que-e-um-Corte-de-Cabelo-Bob-16x12.jpg 16w, https:\/\/danidrops.com.br\/wp-content\/uploads\/2023\/01\/04-O-que-e-um-Corte-de-Cabelo-Bob-150x110.jpg 150w\" sizes=\"auto, (max-width: 760px) 100vw, 760px\" \/><figcaption class=\"wp-element-caption\">\u00bfCu\u00e1l es la tendencia de corte de pelo Bob para 2023?<\/figcaption><\/figure>\n\n\n\n<p>Un corte de pelo bob puede ser corto y por encima del cuello, un bob largo (o &quot;Lob&quot;) hasta los hombros, o un &quot;bob largo&quot; m\u00e1s corto en la parte superior con capas m\u00e1s largas en los extremos.<\/p>\n\n\n\n<figure class=\"wp-block-image size-full\"><img loading=\"lazy\" decoding=\"async\" width=\"760\" height=\"555\" src=\"https:\/\/danidrops.com.br\/wp-content\/uploads\/2023\/01\/05-O-que-e-um-Corte-de-Cabelo-Bob.jpg\" alt=\"\u00bfCu\u00e1l es la tendencia de corte de pelo Bob para 2023?\" class=\"wp-image-61660\" title=\"\" srcset=\"https:\/\/danidrops.com.br\/wp-content\/uploads\/2023\/01\/05-O-que-e-um-Corte-de-Cabelo-Bob.jpg 760w, https:\/\/danidrops.com.br\/wp-content\/uploads\/2023\/01\/05-O-que-e-um-Corte-de-Cabelo-Bob-300x219.jpg 300w, https:\/\/danidrops.com.br\/wp-content\/uploads\/2023\/01\/05-O-que-e-um-Corte-de-Cabelo-Bob-16x12.jpg 16w, https:\/\/danidrops.com.br\/wp-content\/uploads\/2023\/01\/05-O-que-e-um-Corte-de-Cabelo-Bob-150x110.jpg 150w\" sizes=\"auto, (max-width: 760px) 100vw, 760px\" \/><figcaption class=\"wp-element-caption\">\u00bfCu\u00e1l es la tendencia de corte de pelo Bob para 2023?<\/figcaption><\/figure>\n\n\n\n<p>\u00a1Este tipo de corte es una gran opci\u00f3n para aquellos que quieren lograr un aspecto moderno y elegante sin ninguna complejidad adicional!<\/p>\n\n\n\n<h2 class=\"wp-block-heading\"><span class=\"ez-toc-section\" id=\"Corte_de_cabelo_Lob_Bob\"><\/span>corte de pelo bob bob<span class=\"ez-toc-section-end\"><\/span><\/h2>\n\n\n\n<p>O<strong> corte de pelo bob<\/strong>, tambi\u00e9n conocido como long bob, es uno de los peinados que est\u00e1n de moda en 2023.<\/p>\n\n\n\n<figure class=\"wp-block-image size-full\"><img loading=\"lazy\" decoding=\"async\" width=\"760\" height=\"555\" src=\"https:\/\/danidrops.com.br\/wp-content\/uploads\/2023\/01\/07-Corte-de-cabelo-Lob-Bob.jpg\" alt=\"corte de pelo bob bob\" class=\"wp-image-61662\" title=\"\" srcset=\"https:\/\/danidrops.com.br\/wp-content\/uploads\/2023\/01\/07-Corte-de-cabelo-Lob-Bob.jpg 760w, https:\/\/danidrops.com.br\/wp-content\/uploads\/2023\/01\/07-Corte-de-cabelo-Lob-Bob-300x219.jpg 300w, https:\/\/danidrops.com.br\/wp-content\/uploads\/2023\/01\/07-Corte-de-cabelo-Lob-Bob-16x12.jpg 16w, https:\/\/danidrops.com.br\/wp-content\/uploads\/2023\/01\/07-Corte-de-cabelo-Lob-Bob-150x110.jpg 150w\" sizes=\"auto, (max-width: 760px) 100vw, 760px\" \/><figcaption class=\"wp-element-caption\">corte de pelo bob bob<\/figcaption><\/figure>\n\n\n\n<p>El aspecto se trata de equilibrar estilos cortos y largos. Se trata de cortar el cabello hasta los hombros con las puntas romas, creando un look fresco y atemporal que se puede usar de muchas maneras diferentes.<\/p>\n\n\n\n<figure class=\"wp-block-image size-full\"><img loading=\"lazy\" decoding=\"async\" width=\"760\" height=\"555\" src=\"https:\/\/danidrops.com.br\/wp-content\/uploads\/2023\/01\/06-Corte-de-cabelo-Lob-Bob.jpg\" alt=\"corte de pelo bob bob\" class=\"wp-image-61661\" title=\"\" srcset=\"https:\/\/danidrops.com.br\/wp-content\/uploads\/2023\/01\/06-Corte-de-cabelo-Lob-Bob.jpg 760w, https:\/\/danidrops.com.br\/wp-content\/uploads\/2023\/01\/06-Corte-de-cabelo-Lob-Bob-300x219.jpg 300w, https:\/\/danidrops.com.br\/wp-content\/uploads\/2023\/01\/06-Corte-de-cabelo-Lob-Bob-16x12.jpg 16w, https:\/\/danidrops.com.br\/wp-content\/uploads\/2023\/01\/06-Corte-de-cabelo-Lob-Bob-150x110.jpg 150w\" sizes=\"auto, (max-width: 760px) 100vw, 760px\" \/><figcaption class=\"wp-element-caption\">corte de pelo bob bob<\/figcaption><\/figure>\n\n\n\n<p>Para aquellos que buscan mejorar su corte de pelo diario, el corte de pelo Lob Bob es una excelente opci\u00f3n.<\/p>\n\n\n\n<h2 class=\"wp-block-heading\"><span class=\"ez-toc-section\" id=\"Corte_de_cabelo_Bob_Frances\"><\/span>corte de pelo bob franc\u00e9s<span class=\"ez-toc-section-end\"><\/span><\/h2>\n\n\n\n<p>Si siempre est\u00e1s pendiente de las \u00faltimas tendencias y quieres darle un aire fresco a tu look, el <strong><a href=\"https:\/\/danidrops.com.br\/es\/corte-de-pelo-bob-frances-2\/\" data-type=\"link\" data-id=\"https:\/\/danidrops.com.br\/corte-de-cabelo-bob-frances\/\">Corte de pelo bob franc\u00e9s<\/a><\/strong> es la elecci\u00f3n ideal.<\/p>\n\n\n\n<figure class=\"wp-block-image size-full\"><img loading=\"lazy\" decoding=\"async\" width=\"760\" height=\"555\" src=\"https:\/\/danidrops.com.br\/wp-content\/uploads\/2023\/01\/09-Corte-de-cabelo-Bob-Frances.jpg\" alt=\"corte de pelo bob franc\u00e9s\" class=\"wp-image-61664\" title=\"\" srcset=\"https:\/\/danidrops.com.br\/wp-content\/uploads\/2023\/01\/09-Corte-de-cabelo-Bob-Frances.jpg 760w, https:\/\/danidrops.com.br\/wp-content\/uploads\/2023\/01\/09-Corte-de-cabelo-Bob-Frances-300x219.jpg 300w, https:\/\/danidrops.com.br\/wp-content\/uploads\/2023\/01\/09-Corte-de-cabelo-Bob-Frances-16x12.jpg 16w, https:\/\/danidrops.com.br\/wp-content\/uploads\/2023\/01\/09-Corte-de-cabelo-Bob-Frances-150x110.jpg 150w\" sizes=\"auto, (max-width: 760px) 100vw, 760px\" \/><figcaption class=\"wp-element-caption\">corte de pelo bob franc\u00e9s<\/figcaption><\/figure>\n\n\n\n<p>Este corte es vers\u00e1til, elegante y atemporal, por lo que es adecuado tanto para ocasiones informales como formales.<\/p>\n\n\n\n<figure class=\"wp-block-image size-full\"><img loading=\"lazy\" decoding=\"async\" width=\"760\" height=\"555\" src=\"https:\/\/danidrops.com.br\/wp-content\/uploads\/2023\/01\/08-Corte-de-cabelo-Bob-Frances.jpg\" alt=\"corte de pelo bob franc\u00e9s\" class=\"wp-image-61663\" title=\"\" srcset=\"https:\/\/danidrops.com.br\/wp-content\/uploads\/2023\/01\/08-Corte-de-cabelo-Bob-Frances.jpg 760w, https:\/\/danidrops.com.br\/wp-content\/uploads\/2023\/01\/08-Corte-de-cabelo-Bob-Frances-300x219.jpg 300w, https:\/\/danidrops.com.br\/wp-content\/uploads\/2023\/01\/08-Corte-de-cabelo-Bob-Frances-16x12.jpg 16w, https:\/\/danidrops.com.br\/wp-content\/uploads\/2023\/01\/08-Corte-de-cabelo-Bob-Frances-150x110.jpg 150w\" sizes=\"auto, (max-width: 760px) 100vw, 760px\" \/><figcaption class=\"wp-element-caption\">corte de pelo bob franc\u00e9s<\/figcaption><\/figure>\n\n\n\n<p>Protagonizado por celebridades como Anne Hathaway, Emma Watson y Katie Holmes, en las \u00faltimas temporadas ha sido uno de los cortes m\u00e1s populares entre las mujeres que quieren un corte moderno que perdure en los pr\u00f3ximos a\u00f1os.<\/p>\n\n\n\n<h2 class=\"wp-block-heading\"><span class=\"ez-toc-section\" id=\"Corte_de_cabelo_Bob_Assimetrico\"><\/span>Corte de pelo bob asim\u00e9trico<span class=\"ez-toc-section-end\"><\/span><\/h2>\n\n\n\n<p>Si quieres destacar con tu peinado, el <strong>corte de pelo bob asim\u00e9trico<\/strong> \u00a1Es la elecci\u00f3n correcta!<\/p>\n\n\n\n<p>No solo es un aspecto extremadamente moderno y llamativo, sino que su forma asim\u00e9trica ofrece un estilo \u00fanico e individualizado que funciona para cualquier forma de rostro.<\/p>\n\n\n\n<figure class=\"wp-block-image size-full\"><img loading=\"lazy\" decoding=\"async\" width=\"760\" height=\"555\" src=\"https:\/\/danidrops.com.br\/wp-content\/uploads\/2023\/01\/11-Corte-de-cabelo-Bob-Assimetrico.jpg\" alt=\"Corte de pelo bob asim\u00e9trico\" class=\"wp-image-61666\" title=\"\" srcset=\"https:\/\/danidrops.com.br\/wp-content\/uploads\/2023\/01\/11-Corte-de-cabelo-Bob-Assimetrico.jpg 760w, https:\/\/danidrops.com.br\/wp-content\/uploads\/2023\/01\/11-Corte-de-cabelo-Bob-Assimetrico-300x219.jpg 300w, https:\/\/danidrops.com.br\/wp-content\/uploads\/2023\/01\/11-Corte-de-cabelo-Bob-Assimetrico-16x12.jpg 16w, https:\/\/danidrops.com.br\/wp-content\/uploads\/2023\/01\/11-Corte-de-cabelo-Bob-Assimetrico-150x110.jpg 150w\" sizes=\"auto, (max-width: 760px) 100vw, 760px\" \/><figcaption class=\"wp-element-caption\">Corte de pelo bob asim\u00e9trico<\/figcaption><\/figure>\n\n\n\n<figure class=\"wp-block-image size-full\"><img loading=\"lazy\" decoding=\"async\" width=\"760\" height=\"555\" src=\"https:\/\/danidrops.com.br\/wp-content\/uploads\/2023\/01\/10-Corte-de-cabelo-Bob-Assimetrico.jpg\" alt=\"Corte de pelo bob asim\u00e9trico\" class=\"wp-image-61665\" title=\"\" srcset=\"https:\/\/danidrops.com.br\/wp-content\/uploads\/2023\/01\/10-Corte-de-cabelo-Bob-Assimetrico.jpg 760w, https:\/\/danidrops.com.br\/wp-content\/uploads\/2023\/01\/10-Corte-de-cabelo-Bob-Assimetrico-300x219.jpg 300w, https:\/\/danidrops.com.br\/wp-content\/uploads\/2023\/01\/10-Corte-de-cabelo-Bob-Assimetrico-16x12.jpg 16w, https:\/\/danidrops.com.br\/wp-content\/uploads\/2023\/01\/10-Corte-de-cabelo-Bob-Assimetrico-150x110.jpg 150w\" sizes=\"auto, (max-width: 760px) 100vw, 760px\" \/><figcaption class=\"wp-element-caption\">Corte de pelo bob asim\u00e9trico<\/figcaption><\/figure>\n\n\n\n<p>Adem\u00e1s, el corte de pelo Bob se ve muy bien sin importar la textura o la longitud de tu cabello.<\/p>\n\n\n\n<h2 class=\"wp-block-heading\"><span class=\"ez-toc-section\" id=\"Corte_de_cabelo_Bob_com_Franja\"><\/span>Corte de pelo bob con flecos<span class=\"ez-toc-section-end\"><\/span><\/h2>\n\n\n\n<p>Una <strong>corte de pelo bob con flequillo<\/strong> se ha convertido en uno de los cortes de pelo modernos m\u00e1s populares en los \u00faltimos a\u00f1os.<\/p>\n\n\n\n<p>Logrando el equilibrio adecuado entre alineaci\u00f3n, corto y largo, el corte de pelo Bob with Fringe es ideal para cualquier estilo.<\/p>\n\n\n\n<figure class=\"wp-block-image size-full\"><img loading=\"lazy\" decoding=\"async\" width=\"760\" height=\"555\" src=\"https:\/\/danidrops.com.br\/wp-content\/uploads\/2023\/01\/13-Corte-de-cabelo-Bob-com-Franja.jpg\" alt=\"Corte de pelo bob con flecos\" class=\"wp-image-61621\" title=\"\" srcset=\"https:\/\/danidrops.com.br\/wp-content\/uploads\/2023\/01\/13-Corte-de-cabelo-Bob-com-Franja.jpg 760w, https:\/\/danidrops.com.br\/wp-content\/uploads\/2023\/01\/13-Corte-de-cabelo-Bob-com-Franja-300x219.jpg 300w, https:\/\/danidrops.com.br\/wp-content\/uploads\/2023\/01\/13-Corte-de-cabelo-Bob-com-Franja-16x12.jpg 16w, https:\/\/danidrops.com.br\/wp-content\/uploads\/2023\/01\/13-Corte-de-cabelo-Bob-com-Franja-150x110.jpg 150w\" sizes=\"auto, (max-width: 760px) 100vw, 760px\" \/><figcaption class=\"wp-element-caption\">Corte de pelo bob con flecos<\/figcaption><\/figure>\n\n\n\n<p>La parte delantera del flequillo se puede hacer m\u00e1s larga o m\u00e1s corta, seg\u00fan tus necesidades particulares. La mejor parte de este corte de pelo es que puede verse bien en casi todas las formas de la cara.<\/p>\n\n\n\n<figure class=\"wp-block-image size-full\"><img loading=\"lazy\" decoding=\"async\" width=\"760\" height=\"555\" src=\"https:\/\/danidrops.com.br\/wp-content\/uploads\/2023\/01\/12-Corte-de-cabelo-Bob-com-Franja.jpg\" alt=\"Corte de pelo bob con flecos\" class=\"wp-image-61620\" title=\"\" srcset=\"https:\/\/danidrops.com.br\/wp-content\/uploads\/2023\/01\/12-Corte-de-cabelo-Bob-com-Franja.jpg 760w, https:\/\/danidrops.com.br\/wp-content\/uploads\/2023\/01\/12-Corte-de-cabelo-Bob-com-Franja-300x219.jpg 300w, https:\/\/danidrops.com.br\/wp-content\/uploads\/2023\/01\/12-Corte-de-cabelo-Bob-com-Franja-16x12.jpg 16w, https:\/\/danidrops.com.br\/wp-content\/uploads\/2023\/01\/12-Corte-de-cabelo-Bob-com-Franja-150x110.jpg 150w\" sizes=\"auto, (max-width: 760px) 100vw, 760px\" \/><figcaption class=\"wp-element-caption\">Corte de pelo bob con flecos<\/figcaption><\/figure>\n\n\n\n<h2 class=\"wp-block-heading\"><span class=\"ez-toc-section\" id=\"Corte_de_cabelo_Bob_trancado\"><\/span>corte de pelo bob trenzado<span class=\"ez-toc-section-end\"><\/span><\/h2>\n\n\n\n<p>O <strong>corte de pelo bob trenzado<\/strong> se est\u00e1 convirtiendo r\u00e1pidamente en un peinado popular gracias a su aspecto cl\u00e1sico pero moderno.<\/p>\n\n\n\n<figure class=\"wp-block-image size-full\"><img loading=\"lazy\" decoding=\"async\" width=\"760\" height=\"555\" src=\"https:\/\/danidrops.com.br\/wp-content\/uploads\/2023\/01\/15-Corte-de-cabelo-Bob-trancado.jpg\" alt=\"corte de pelo bob trenzado\" class=\"wp-image-61623\" title=\"\" srcset=\"https:\/\/danidrops.com.br\/wp-content\/uploads\/2023\/01\/15-Corte-de-cabelo-Bob-trancado.jpg 760w, https:\/\/danidrops.com.br\/wp-content\/uploads\/2023\/01\/15-Corte-de-cabelo-Bob-trancado-300x219.jpg 300w, https:\/\/danidrops.com.br\/wp-content\/uploads\/2023\/01\/15-Corte-de-cabelo-Bob-trancado-16x12.jpg 16w, https:\/\/danidrops.com.br\/wp-content\/uploads\/2023\/01\/15-Corte-de-cabelo-Bob-trancado-150x110.jpg 150w\" sizes=\"auto, (max-width: 760px) 100vw, 760px\" \/><figcaption class=\"wp-element-caption\">corte de pelo bob trenzado<\/figcaption><\/figure>\n\n\n\n<p>Es f\u00e1cil de peinar y se ve muy bien en muchas formas de cara y tipos de cabello, por lo que no sorprende que este corte se haya convertido en un \u00e9xito de moda.<\/p>\n\n\n\n<figure class=\"wp-block-image size-full\"><img loading=\"lazy\" decoding=\"async\" width=\"760\" height=\"555\" src=\"https:\/\/danidrops.com.br\/wp-content\/uploads\/2023\/01\/14-Corte-de-cabelo-Bob-trancado.jpg\" alt=\"corte de pelo bob trenzado\" class=\"wp-image-61622\" title=\"\" srcset=\"https:\/\/danidrops.com.br\/wp-content\/uploads\/2023\/01\/14-Corte-de-cabelo-Bob-trancado.jpg 760w, https:\/\/danidrops.com.br\/wp-content\/uploads\/2023\/01\/14-Corte-de-cabelo-Bob-trancado-300x219.jpg 300w, https:\/\/danidrops.com.br\/wp-content\/uploads\/2023\/01\/14-Corte-de-cabelo-Bob-trancado-16x12.jpg 16w, https:\/\/danidrops.com.br\/wp-content\/uploads\/2023\/01\/14-Corte-de-cabelo-Bob-trancado-150x110.jpg 150w\" sizes=\"auto, (max-width: 760px) 100vw, 760px\" \/><figcaption class=\"wp-element-caption\">corte de pelo bob trenzado<\/figcaption><\/figure>\n\n\n\n<h2 class=\"wp-block-heading\"><span class=\"ez-toc-section\" id=\"Corte_de_cabelo_Bob_em_Camadas\"><\/span>corte de pelo bob en capas<span class=\"ez-toc-section-end\"><\/span><\/h2>\n\n\n\n<p><strong>corte de pelo bob en capas<\/strong> puede ser la soluci\u00f3n para quien busca un corte vers\u00e1til, din\u00e1mico y pr\u00e1ctico para tener un look moderno.<\/p>\n\n\n\n<figure class=\"wp-block-image size-full\"><img loading=\"lazy\" decoding=\"async\" width=\"760\" height=\"555\" src=\"https:\/\/danidrops.com.br\/wp-content\/uploads\/2023\/01\/17-Corte-de-cabelo-Bob-em-Camadas.jpg\" alt=\"corte de pelo bob en capas\" class=\"wp-image-61625\" title=\"\" srcset=\"https:\/\/danidrops.com.br\/wp-content\/uploads\/2023\/01\/17-Corte-de-cabelo-Bob-em-Camadas.jpg 760w, https:\/\/danidrops.com.br\/wp-content\/uploads\/2023\/01\/17-Corte-de-cabelo-Bob-em-Camadas-300x219.jpg 300w, https:\/\/danidrops.com.br\/wp-content\/uploads\/2023\/01\/17-Corte-de-cabelo-Bob-em-Camadas-16x12.jpg 16w, https:\/\/danidrops.com.br\/wp-content\/uploads\/2023\/01\/17-Corte-de-cabelo-Bob-em-Camadas-150x110.jpg 150w\" sizes=\"auto, (max-width: 760px) 100vw, 760px\" \/><figcaption class=\"wp-element-caption\">corte de pelo bob en capas<\/figcaption><\/figure>\n\n\n\n<p>Ideal para quienes les gusta cambiar de look con frecuencia, este corte es democr\u00e1tico por su formato sencillo que facilita lograr diferentes looks.<\/p>\n\n\n\n<figure class=\"wp-block-image size-full\"><img loading=\"lazy\" decoding=\"async\" width=\"760\" height=\"555\" src=\"https:\/\/danidrops.com.br\/wp-content\/uploads\/2023\/01\/16-Corte-de-cabelo-Bob-em-Camadas.jpg\" alt=\"corte de pelo bob en capas\" class=\"wp-image-61624\" title=\"\" srcset=\"https:\/\/danidrops.com.br\/wp-content\/uploads\/2023\/01\/16-Corte-de-cabelo-Bob-em-Camadas.jpg 760w, https:\/\/danidrops.com.br\/wp-content\/uploads\/2023\/01\/16-Corte-de-cabelo-Bob-em-Camadas-300x219.jpg 300w, https:\/\/danidrops.com.br\/wp-content\/uploads\/2023\/01\/16-Corte-de-cabelo-Bob-em-Camadas-16x12.jpg 16w, https:\/\/danidrops.com.br\/wp-content\/uploads\/2023\/01\/16-Corte-de-cabelo-Bob-em-Camadas-150x110.jpg 150w\" sizes=\"auto, (max-width: 760px) 100vw, 760px\" \/><figcaption class=\"wp-element-caption\">corte de pelo bob en capas<\/figcaption><\/figure>\n\n\n\n<p>Compuesto por capas deshilachadas en la parte delantera, aporta m\u00e1s volumen y movimiento y es genial para las que tienen el pelo fino o lacio.<\/p>\n\n\n\n<h2 class=\"wp-block-heading\"><span class=\"ez-toc-section\" id=\"Corte_de_cabelo_Bob_Cacheado\"><\/span>corte de pelo bob rizado<span class=\"ez-toc-section-end\"><\/span><\/h2>\n\n\n\n<p>O <strong>corte de pelo bob rizado<\/strong> \u00a1es un corte que literalmente est\u00e1 cambiando la cara del cabello rizado!<\/p>\n\n\n\n<p>Es vers\u00e1til, a la moda y tan f\u00e1cil de mantener como los cortes rectos. El corte Bob puede ser corto y, a menudo, tiene capas con extremos libres para diferentes texturas.<\/p>\n\n\n\n<figure class=\"wp-block-image size-full\"><img loading=\"lazy\" decoding=\"async\" width=\"760\" height=\"555\" src=\"https:\/\/danidrops.com.br\/wp-content\/uploads\/2023\/01\/19-Corte-de-cabelo-Bob-Cacheado.jpg\" alt=\"corte de pelo bob rizado\" class=\"wp-image-61627\" title=\"\" srcset=\"https:\/\/danidrops.com.br\/wp-content\/uploads\/2023\/01\/19-Corte-de-cabelo-Bob-Cacheado.jpg 760w, https:\/\/danidrops.com.br\/wp-content\/uploads\/2023\/01\/19-Corte-de-cabelo-Bob-Cacheado-300x219.jpg 300w, https:\/\/danidrops.com.br\/wp-content\/uploads\/2023\/01\/19-Corte-de-cabelo-Bob-Cacheado-16x12.jpg 16w, https:\/\/danidrops.com.br\/wp-content\/uploads\/2023\/01\/19-Corte-de-cabelo-Bob-Cacheado-150x110.jpg 150w\" sizes=\"auto, (max-width: 760px) 100vw, 760px\" \/><figcaption class=\"wp-element-caption\">corte de pelo bob rizado<\/figcaption><\/figure>\n\n\n\n<p>Ya sea que opte por un estilo suelto o trenzado, el corte Bob entallado permite una variedad infinita de posibilidades. Entonces, si est\u00e1s lista para un cambio, \u00a1prueba el corte bob rizado!<\/p>\n\n\n\n<figure class=\"wp-block-image size-full\"><img loading=\"lazy\" decoding=\"async\" width=\"760\" height=\"555\" src=\"https:\/\/danidrops.com.br\/wp-content\/uploads\/2023\/01\/18-Corte-de-cabelo-Bob-Cacheado.jpg\" alt=\"corte de pelo bob rizado\" class=\"wp-image-61626\" title=\"\" srcset=\"https:\/\/danidrops.com.br\/wp-content\/uploads\/2023\/01\/18-Corte-de-cabelo-Bob-Cacheado.jpg 760w, https:\/\/danidrops.com.br\/wp-content\/uploads\/2023\/01\/18-Corte-de-cabelo-Bob-Cacheado-300x219.jpg 300w, https:\/\/danidrops.com.br\/wp-content\/uploads\/2023\/01\/18-Corte-de-cabelo-Bob-Cacheado-16x12.jpg 16w, https:\/\/danidrops.com.br\/wp-content\/uploads\/2023\/01\/18-Corte-de-cabelo-Bob-Cacheado-150x110.jpg 150w\" sizes=\"auto, (max-width: 760px) 100vw, 760px\" \/><figcaption class=\"wp-element-caption\">corte de pelo bob rizado<\/figcaption><\/figure>\n\n\n\n<h2 class=\"wp-block-heading\"><span class=\"ez-toc-section\" id=\"Corte_de_cabelo_Shoulder-length_Bob\"><\/span>Corte de pelo bob a la altura de los hombros<span class=\"ez-toc-section-end\"><\/span><\/h2>\n\n\n\n<p>Si buscas un corte de pelo elegante, sofisticado y f\u00e1cil de mantener, no busques m\u00e1s que el cl\u00e1sico.<strong> Hombro-Lanza Bob<\/strong> es la elecci\u00f3n ideal.<\/p>\n\n\n\n<figure class=\"wp-block-image size-full\"><img loading=\"lazy\" decoding=\"async\" width=\"760\" height=\"555\" src=\"https:\/\/danidrops.com.br\/wp-content\/uploads\/2023\/01\/21-Corte-de-cabelo-Shoulder-length-Bob.jpg\" alt=\"Corte de pelo bob a la altura de los hombros\" class=\"wp-image-61629\" title=\"\" srcset=\"https:\/\/danidrops.com.br\/wp-content\/uploads\/2023\/01\/21-Corte-de-cabelo-Shoulder-length-Bob.jpg 760w, https:\/\/danidrops.com.br\/wp-content\/uploads\/2023\/01\/21-Corte-de-cabelo-Shoulder-length-Bob-300x219.jpg 300w, https:\/\/danidrops.com.br\/wp-content\/uploads\/2023\/01\/21-Corte-de-cabelo-Shoulder-length-Bob-16x12.jpg 16w, https:\/\/danidrops.com.br\/wp-content\/uploads\/2023\/01\/21-Corte-de-cabelo-Shoulder-length-Bob-150x110.jpg 150w\" sizes=\"auto, (max-width: 760px) 100vw, 760px\" \/><figcaption class=\"wp-element-caption\">Corte de pelo bob a la altura de los hombros<\/figcaption><\/figure>\n\n\n\n<p>Este corte no solo est\u00e1 de moda este a\u00f1o, sino que tambi\u00e9n es lo suficientemente vers\u00e1til como para darle un estilo relajado a tus atuendos.<\/p>\n\n\n\n<figure class=\"wp-block-image size-full\"><img loading=\"lazy\" decoding=\"async\" width=\"760\" height=\"555\" src=\"https:\/\/danidrops.com.br\/wp-content\/uploads\/2023\/01\/20-Corte-de-cabelo-Shoulder-length-Bob.jpg\" alt=\"Corte de pelo bob a la altura de los hombros\" class=\"wp-image-61628\" title=\"\" srcset=\"https:\/\/danidrops.com.br\/wp-content\/uploads\/2023\/01\/20-Corte-de-cabelo-Shoulder-length-Bob.jpg 760w, https:\/\/danidrops.com.br\/wp-content\/uploads\/2023\/01\/20-Corte-de-cabelo-Shoulder-length-Bob-300x219.jpg 300w, https:\/\/danidrops.com.br\/wp-content\/uploads\/2023\/01\/20-Corte-de-cabelo-Shoulder-length-Bob-16x12.jpg 16w, https:\/\/danidrops.com.br\/wp-content\/uploads\/2023\/01\/20-Corte-de-cabelo-Shoulder-length-Bob-150x110.jpg 150w\" sizes=\"auto, (max-width: 760px) 100vw, 760px\" \/><figcaption class=\"wp-element-caption\">Corte de pelo bob a la altura de los hombros<\/figcaption><\/figure>\n\n\n\n<h2 class=\"wp-block-heading\"><span class=\"ez-toc-section\" id=\"Corte_de_cabelo_Shingle_Bob\"><\/span>Corte de pelo bob de tejas<span class=\"ez-toc-section-end\"><\/span><\/h2>\n\n\n\n<p>\u00bfBuscas un corte de pelo moderno que te haga sentir como una diosa? \u00bfPor qu\u00e9 no echar un vistazo a <strong>corte de pelo bob teja<\/strong>?<\/p>\n\n\n\n<figure class=\"wp-block-image size-full\"><img loading=\"lazy\" decoding=\"async\" width=\"760\" height=\"555\" src=\"https:\/\/danidrops.com.br\/wp-content\/uploads\/2023\/01\/23-Corte-de-cabelo-Shingle-Bob.jpg\" alt=\"Corte de pelo bob de tejas\" class=\"wp-image-61631\" title=\"\" srcset=\"https:\/\/danidrops.com.br\/wp-content\/uploads\/2023\/01\/23-Corte-de-cabelo-Shingle-Bob.jpg 760w, https:\/\/danidrops.com.br\/wp-content\/uploads\/2023\/01\/23-Corte-de-cabelo-Shingle-Bob-300x219.jpg 300w, https:\/\/danidrops.com.br\/wp-content\/uploads\/2023\/01\/23-Corte-de-cabelo-Shingle-Bob-16x12.jpg 16w, https:\/\/danidrops.com.br\/wp-content\/uploads\/2023\/01\/23-Corte-de-cabelo-Shingle-Bob-150x110.jpg 150w\" sizes=\"auto, (max-width: 760px) 100vw, 760px\" \/><figcaption class=\"wp-element-caption\">Corte de pelo bob de tejas<\/figcaption><\/figure>\n\n\n\n<p>Este atractivo corte ofrece un dise\u00f1o pr\u00e1ctico, que permite mayor volumen y definici\u00f3n al mismo tiempo. Se puede personalizar f\u00e1cilmente usando suavizados, rizos o reflejos para crear los looks modernos que est\u00e1n de moda hoy en d\u00eda.<\/p>\n\n\n\n<figure class=\"wp-block-image size-full\"><img loading=\"lazy\" decoding=\"async\" width=\"760\" height=\"555\" src=\"https:\/\/danidrops.com.br\/wp-content\/uploads\/2023\/01\/22-Corte-de-cabelo-Shingle-Bob.jpg\" alt=\"Corte de pelo bob de tejas\" class=\"wp-image-61630\" title=\"\" srcset=\"https:\/\/danidrops.com.br\/wp-content\/uploads\/2023\/01\/22-Corte-de-cabelo-Shingle-Bob.jpg 760w, https:\/\/danidrops.com.br\/wp-content\/uploads\/2023\/01\/22-Corte-de-cabelo-Shingle-Bob-300x219.jpg 300w, https:\/\/danidrops.com.br\/wp-content\/uploads\/2023\/01\/22-Corte-de-cabelo-Shingle-Bob-16x12.jpg 16w, https:\/\/danidrops.com.br\/wp-content\/uploads\/2023\/01\/22-Corte-de-cabelo-Shingle-Bob-150x110.jpg 150w\" sizes=\"auto, (max-width: 760px) 100vw, 760px\" \/><figcaption class=\"wp-element-caption\">Corte de pelo bob teja Corte de pelo bob teja<\/figcaption><\/figure>\n\n\n\n<h2 class=\"wp-block-heading\"><span class=\"ez-toc-section\" id=\"Corte_de_cabelo_Shaggy_Bob\"><\/span>corte de pelo bob lanudo<span class=\"ez-toc-section-end\"><\/span><\/h2>\n\n\n\n<p>Si buscas un estilo chic y moderno entonces el <strong>corte de pelo bob lanudo<\/strong> definitivamente es ideal.<\/p>\n\n\n\n<p>Este bob entrecortado texturizado est\u00e1 de moda en este momento, ya que agrega volumen y movimiento a tus mechones mientras mantiene un aspecto cl\u00e1sico y elegante.<\/p>\n\n\n\n<figure class=\"wp-block-image size-full\"><img loading=\"lazy\" decoding=\"async\" width=\"760\" height=\"555\" src=\"https:\/\/danidrops.com.br\/wp-content\/uploads\/2023\/01\/25-Corte-de-cabelo-Shaggy-Bob.jpg\" alt=\"corte de pelo bob lanudo\" class=\"wp-image-61633\" title=\"\" srcset=\"https:\/\/danidrops.com.br\/wp-content\/uploads\/2023\/01\/25-Corte-de-cabelo-Shaggy-Bob.jpg 760w, https:\/\/danidrops.com.br\/wp-content\/uploads\/2023\/01\/25-Corte-de-cabelo-Shaggy-Bob-300x219.jpg 300w, https:\/\/danidrops.com.br\/wp-content\/uploads\/2023\/01\/25-Corte-de-cabelo-Shaggy-Bob-16x12.jpg 16w, https:\/\/danidrops.com.br\/wp-content\/uploads\/2023\/01\/25-Corte-de-cabelo-Shaggy-Bob-150x110.jpg 150w\" sizes=\"auto, (max-width: 760px) 100vw, 760px\" \/><figcaption class=\"wp-element-caption\">corte de pelo bob lanudo<\/figcaption><\/figure>\n\n\n\n<p>Sin mencionar que este corte es f\u00e1cil de peinar con un tiempo de peinado m\u00ednimo, lo que lo hace perfecto para las ma\u00f1anas con prisas o esos d\u00edas en los que no tienes tiempo para una rutina de belleza elaborada.<\/p>\n\n\n\n<figure class=\"wp-block-image size-full\"><img loading=\"lazy\" decoding=\"async\" width=\"760\" height=\"555\" src=\"https:\/\/danidrops.com.br\/wp-content\/uploads\/2023\/01\/24-Corte-de-cabelo-Shaggy-Bob.jpg\" alt=\"corte de pelo bob lanudo\" class=\"wp-image-61632\" title=\"\" srcset=\"https:\/\/danidrops.com.br\/wp-content\/uploads\/2023\/01\/24-Corte-de-cabelo-Shaggy-Bob.jpg 760w, https:\/\/danidrops.com.br\/wp-content\/uploads\/2023\/01\/24-Corte-de-cabelo-Shaggy-Bob-300x219.jpg 300w, https:\/\/danidrops.com.br\/wp-content\/uploads\/2023\/01\/24-Corte-de-cabelo-Shaggy-Bob-16x12.jpg 16w, https:\/\/danidrops.com.br\/wp-content\/uploads\/2023\/01\/24-Corte-de-cabelo-Shaggy-Bob-150x110.jpg 150w\" sizes=\"auto, (max-width: 760px) 100vw, 760px\" \/><figcaption class=\"wp-element-caption\">corte de pelo bob lanudo<\/figcaption><\/figure>\n\n\n\n<h2 class=\"wp-block-heading\"><span class=\"ez-toc-section\" id=\"Corte_de_cabelo_Bob_Invertido\"><\/span>Corte de pelo bob invertido<span class=\"ez-toc-section-end\"><\/span><\/h2>\n\n\n\n<p>O<strong> <a href=\"https:\/\/danidrops.com.br\/es\/corte-de-pelo-bob-invertido\/\" data-type=\"link\" data-id=\"https:\/\/danidrops.com.br\/cortes-de-cabelo-bob-invertido\/\">corte de pelo bob invertido<\/a><\/strong> ha ganado mucha popularidad en los \u00faltimos meses. \u00a1Ofrece un aspecto divertido y moderno, y es muy f\u00e1cil de cuidar!<\/p>\n\n\n\n<figure class=\"wp-block-image size-full\"><img loading=\"lazy\" decoding=\"async\" width=\"760\" height=\"555\" src=\"https:\/\/danidrops.com.br\/wp-content\/uploads\/2023\/01\/27-Corte-de-cabelo-Bob-Invertido.jpg\" alt=\"Corte de pelo bob invertido\" class=\"wp-image-61635\" title=\"\" srcset=\"https:\/\/danidrops.com.br\/wp-content\/uploads\/2023\/01\/27-Corte-de-cabelo-Bob-Invertido.jpg 760w, https:\/\/danidrops.com.br\/wp-content\/uploads\/2023\/01\/27-Corte-de-cabelo-Bob-Invertido-300x219.jpg 300w, https:\/\/danidrops.com.br\/wp-content\/uploads\/2023\/01\/27-Corte-de-cabelo-Bob-Invertido-16x12.jpg 16w, https:\/\/danidrops.com.br\/wp-content\/uploads\/2023\/01\/27-Corte-de-cabelo-Bob-Invertido-150x110.jpg 150w\" sizes=\"auto, (max-width: 760px) 100vw, 760px\" \/><figcaption class=\"wp-element-caption\">Corte de pelo bob invertido<\/figcaption><\/figure>\n\n\n\n<p>El corte de pelo Inverted Bob puede tener diferentes dimensiones seg\u00fan el deseo del usuario, aunque el corte convencional es corto en la parte delantera y m\u00e1s largo en la parte posterior.<\/p>\n\n\n\n<figure class=\"wp-block-image size-full\"><img loading=\"lazy\" decoding=\"async\" width=\"760\" height=\"555\" src=\"https:\/\/danidrops.com.br\/wp-content\/uploads\/2023\/01\/26-Corte-de-cabelo-Bob-Invertido.jpg\" alt=\"Corte de pelo bob invertido\" class=\"wp-image-61634\" title=\"\" srcset=\"https:\/\/danidrops.com.br\/wp-content\/uploads\/2023\/01\/26-Corte-de-cabelo-Bob-Invertido.jpg 760w, https:\/\/danidrops.com.br\/wp-content\/uploads\/2023\/01\/26-Corte-de-cabelo-Bob-Invertido-300x219.jpg 300w, https:\/\/danidrops.com.br\/wp-content\/uploads\/2023\/01\/26-Corte-de-cabelo-Bob-Invertido-16x12.jpg 16w, https:\/\/danidrops.com.br\/wp-content\/uploads\/2023\/01\/26-Corte-de-cabelo-Bob-Invertido-150x110.jpg 150w\" sizes=\"auto, (max-width: 760px) 100vw, 760px\" \/><figcaption class=\"wp-element-caption\">Corte de pelo bob invertido<\/figcaption><\/figure>\n\n\n\n<p>Si est\u00e1 buscando un corte que se adapte a cualquier forma de cara, pruebe el corte de pelo Bob invertido.<\/p>\n\n\n\n<h2 class=\"wp-block-heading\"><span class=\"ez-toc-section\" id=\"Corte_de_cabelo_Chin-length_Bob\"><\/span>Corte de pelo bob hasta la barbilla<span class=\"ez-toc-section-end\"><\/span><\/h2>\n\n\n\n<p>O<strong> Corte de pelo bob hasta la barbilla <\/strong>Es un peinado perfecto para cualquier persona que quiera cambiar su look pero no est\u00e9 comprometida con un gran cambio.<\/p>\n\n\n\n<figure class=\"wp-block-image size-full\"><img loading=\"lazy\" decoding=\"async\" width=\"760\" height=\"555\" src=\"https:\/\/danidrops.com.br\/wp-content\/uploads\/2023\/01\/29-Corte-de-cabelo-Chin-length-Bob.jpg\" alt=\"Corte de pelo bob hasta la barbilla\" class=\"wp-image-61637\" title=\"\" srcset=\"https:\/\/danidrops.com.br\/wp-content\/uploads\/2023\/01\/29-Corte-de-cabelo-Chin-length-Bob.jpg 760w, https:\/\/danidrops.com.br\/wp-content\/uploads\/2023\/01\/29-Corte-de-cabelo-Chin-length-Bob-300x219.jpg 300w, https:\/\/danidrops.com.br\/wp-content\/uploads\/2023\/01\/29-Corte-de-cabelo-Chin-length-Bob-16x12.jpg 16w, https:\/\/danidrops.com.br\/wp-content\/uploads\/2023\/01\/29-Corte-de-cabelo-Chin-length-Bob-150x110.jpg 150w\" sizes=\"auto, (max-width: 760px) 100vw, 760px\" \/><figcaption class=\"wp-element-caption\">Corte de pelo bob hasta la barbilla<\/figcaption><\/figure>\n\n\n\n<p>Este corte presenta el cabello ligeramente por encima de la barbilla, creando un estilo elegante y vanguardista. Con la textura y el color adecuados, se puede usar f\u00e1cilmente para un d\u00eda de trabajo o una cena por la noche.<\/p>\n\n\n\n<figure class=\"wp-block-image size-full\"><img loading=\"lazy\" decoding=\"async\" width=\"760\" height=\"555\" src=\"https:\/\/danidrops.com.br\/wp-content\/uploads\/2023\/01\/28-Corte-de-cabelo-Chin-length-Bob.jpg\" alt=\"Corte de pelo bob hasta la barbilla\" class=\"wp-image-61636\" title=\"\" srcset=\"https:\/\/danidrops.com.br\/wp-content\/uploads\/2023\/01\/28-Corte-de-cabelo-Chin-length-Bob.jpg 760w, https:\/\/danidrops.com.br\/wp-content\/uploads\/2023\/01\/28-Corte-de-cabelo-Chin-length-Bob-300x219.jpg 300w, https:\/\/danidrops.com.br\/wp-content\/uploads\/2023\/01\/28-Corte-de-cabelo-Chin-length-Bob-16x12.jpg 16w, https:\/\/danidrops.com.br\/wp-content\/uploads\/2023\/01\/28-Corte-de-cabelo-Chin-length-Bob-150x110.jpg 150w\" sizes=\"auto, (max-width: 760px) 100vw, 760px\" \/><figcaption class=\"wp-element-caption\">Corte de pelo bob hasta la barbilla<\/figcaption><\/figure>\n\n\n\n<p>Ya sea que elijas tener el cabello liso, ondulado o rizado, \u00a1este corte atemporal har\u00e1 que todos deseen ser tan elegantes como t\u00fa!<\/p>\n\n\n\n<h2 class=\"wp-block-heading\"><span class=\"ez-toc-section\" id=\"Corte_de_cabelo_Buzz_Cut_Bob\"><\/span>corte de pelo bob corte de zumbido<span class=\"ez-toc-section-end\"><\/span><\/h2>\n\n\n\n<p>Si est\u00e1 buscando un estilo atrevido, divertido y moderno, todo en un solo corte de cabello, no busque m\u00e1s, no puede perderse el <strong>Corte de pelo bob rapado<\/strong>!<\/p>\n\n\n\n<figure class=\"wp-block-image size-full\"><img loading=\"lazy\" decoding=\"async\" width=\"760\" height=\"555\" src=\"https:\/\/danidrops.com.br\/wp-content\/uploads\/2023\/01\/31-Corte-de-cabelo-Buzz-Cut-Bob.jpg\" alt=\"corte de pelo bob corte de zumbido\" class=\"wp-image-61639\" title=\"\" srcset=\"https:\/\/danidrops.com.br\/wp-content\/uploads\/2023\/01\/31-Corte-de-cabelo-Buzz-Cut-Bob.jpg 760w, https:\/\/danidrops.com.br\/wp-content\/uploads\/2023\/01\/31-Corte-de-cabelo-Buzz-Cut-Bob-300x219.jpg 300w, https:\/\/danidrops.com.br\/wp-content\/uploads\/2023\/01\/31-Corte-de-cabelo-Buzz-Cut-Bob-16x12.jpg 16w, https:\/\/danidrops.com.br\/wp-content\/uploads\/2023\/01\/31-Corte-de-cabelo-Buzz-Cut-Bob-150x110.jpg 150w\" sizes=\"auto, (max-width: 760px) 100vw, 760px\" \/><figcaption class=\"wp-element-caption\">corte de pelo bob corte de zumbido<\/figcaption><\/figure>\n\n\n\n<p>Este corte atrevido le da un nuevo giro a un bob cl\u00e1sico. Con este corte, obtienes capas m\u00e1s cortas con flequillo m\u00e1s largo que se juntan en una atractiva banda alrededor de la cara.<\/p>\n\n\n\n<p>El corte de pelo Buzz-cut Bob no solo es elegante y chic, sino que tambi\u00e9n puede mantenerse bajo mantenimiento.<\/p>\n\n\n\n<figure class=\"wp-block-image size-full\"><img loading=\"lazy\" decoding=\"async\" width=\"760\" height=\"555\" src=\"https:\/\/danidrops.com.br\/wp-content\/uploads\/2023\/01\/30-Corte-de-cabelo-Buzz-Cut-Bob.jpg\" alt=\"corte de pelo bob corte de zumbido\" class=\"wp-image-61638\" title=\"\" srcset=\"https:\/\/danidrops.com.br\/wp-content\/uploads\/2023\/01\/30-Corte-de-cabelo-Buzz-Cut-Bob.jpg 760w, https:\/\/danidrops.com.br\/wp-content\/uploads\/2023\/01\/30-Corte-de-cabelo-Buzz-Cut-Bob-300x219.jpg 300w, https:\/\/danidrops.com.br\/wp-content\/uploads\/2023\/01\/30-Corte-de-cabelo-Buzz-Cut-Bob-16x12.jpg 16w, https:\/\/danidrops.com.br\/wp-content\/uploads\/2023\/01\/30-Corte-de-cabelo-Buzz-Cut-Bob-150x110.jpg 150w\" sizes=\"auto, (max-width: 760px) 100vw, 760px\" \/><figcaption class=\"wp-element-caption\">corte de pelo bob corte de zumbido<\/figcaption><\/figure>\n\n\n\n<p>El corte de pelo Buzz-cut Bob es definitivamente el corte de elecci\u00f3n para las mujeres que buscan un estilo \u00fanico con el m\u00e1ximo impacto.<\/p>\n\n\n\n<h2 class=\"wp-block-heading\"><span class=\"ez-toc-section\" id=\"Corte_de_cabelo_A-Line_Bob\"><\/span>corte de pelo bob l\u00ednea a<span class=\"ez-toc-section-end\"><\/span><\/h2>\n\n\n\n<p>O <strong>corte de pelo bob l\u00ednea a<\/strong> es conquistar el mundo y ganar fama! Este peinado de moda se ha visto en celebridades como Blake Lively y Ruby Rose.<\/p>\n\n\n\n<figure class=\"wp-block-image size-full\"><img loading=\"lazy\" decoding=\"async\" width=\"760\" height=\"555\" src=\"https:\/\/danidrops.com.br\/wp-content\/uploads\/2023\/01\/33-Corte-de-cabelo-A-Line-Bob.jpg\" alt=\"corte de pelo bob l\u00ednea a\" class=\"wp-image-61641\" title=\"\" srcset=\"https:\/\/danidrops.com.br\/wp-content\/uploads\/2023\/01\/33-Corte-de-cabelo-A-Line-Bob.jpg 760w, https:\/\/danidrops.com.br\/wp-content\/uploads\/2023\/01\/33-Corte-de-cabelo-A-Line-Bob-300x219.jpg 300w, https:\/\/danidrops.com.br\/wp-content\/uploads\/2023\/01\/33-Corte-de-cabelo-A-Line-Bob-16x12.jpg 16w, https:\/\/danidrops.com.br\/wp-content\/uploads\/2023\/01\/33-Corte-de-cabelo-A-Line-Bob-150x110.jpg 150w\" sizes=\"auto, (max-width: 760px) 100vw, 760px\" \/><figcaption class=\"wp-element-caption\">corte de pelo bob l\u00ednea a<\/figcaption><\/figure>\n\n\n\n<p>Es perfecto para personas con cabello medio o largo que buscan un cambio. Un estilista puede hacer un corte de cabello A-Line Bob que se adapte a cualquier forma de rostro, brind\u00e1ndole la m\u00e1xima versatilidad y estilo.<\/p>\n\n\n\n<figure class=\"wp-block-image size-full\"><img loading=\"lazy\" decoding=\"async\" width=\"760\" height=\"555\" src=\"https:\/\/danidrops.com.br\/wp-content\/uploads\/2023\/01\/32-Corte-de-cabelo-A-Line-Bob.jpg\" alt=\"corte de pelo bob l\u00ednea a\" class=\"wp-image-61640\" title=\"\" srcset=\"https:\/\/danidrops.com.br\/wp-content\/uploads\/2023\/01\/32-Corte-de-cabelo-A-Line-Bob.jpg 760w, https:\/\/danidrops.com.br\/wp-content\/uploads\/2023\/01\/32-Corte-de-cabelo-A-Line-Bob-300x219.jpg 300w, https:\/\/danidrops.com.br\/wp-content\/uploads\/2023\/01\/32-Corte-de-cabelo-A-Line-Bob-16x12.jpg 16w, https:\/\/danidrops.com.br\/wp-content\/uploads\/2023\/01\/32-Corte-de-cabelo-A-Line-Bob-150x110.jpg 150w\" sizes=\"auto, (max-width: 760px) 100vw, 760px\" \/><figcaption class=\"wp-element-caption\">corte de pelo bob l\u00ednea a<\/figcaption><\/figure>\n\n\n\n<p>Con su silueta cl\u00e1sica y atemporal, el A-Line Bob realmente marca un cambio en ti. Si est\u00e1s buscando un nuevo corte de pelo o simplemente quieres un estilo f\u00e1cil que se vea bien tanto de d\u00eda como de noche, prueba este corte, \u00a1no te decepcionar\u00e1!<\/p>\n\n\n\n<h2 class=\"wp-block-heading\"><span class=\"ez-toc-section\" id=\"Corte_de_cabelo_Blunt_Bob\"><\/span>Corte de pelo bob romo<span class=\"ez-toc-section-end\"><\/span><\/h2>\n\n\n\n<p>obtener una<strong> corte de pelo bob romo<\/strong> es la soluci\u00f3n perfecta para lograr un estatus de alta moda sin pasar mucho tiempo en costosas peluquer\u00edas.<\/p>\n\n\n\n<figure class=\"wp-block-image size-full\"><img loading=\"lazy\" decoding=\"async\" width=\"760\" height=\"555\" src=\"https:\/\/danidrops.com.br\/wp-content\/uploads\/2023\/01\/35-Corte-de-cabelo-Blunt-Bob.jpg\" alt=\"Corte de pelo bob romo\" class=\"wp-image-61643\" title=\"\" srcset=\"https:\/\/danidrops.com.br\/wp-content\/uploads\/2023\/01\/35-Corte-de-cabelo-Blunt-Bob.jpg 760w, https:\/\/danidrops.com.br\/wp-content\/uploads\/2023\/01\/35-Corte-de-cabelo-Blunt-Bob-300x219.jpg 300w, https:\/\/danidrops.com.br\/wp-content\/uploads\/2023\/01\/35-Corte-de-cabelo-Blunt-Bob-16x12.jpg 16w, https:\/\/danidrops.com.br\/wp-content\/uploads\/2023\/01\/35-Corte-de-cabelo-Blunt-Bob-150x110.jpg 150w\" sizes=\"auto, (max-width: 760px) 100vw, 760px\" \/><figcaption class=\"wp-element-caption\">Corte de pelo bob romo<\/figcaption><\/figure>\n\n\n\n<p>Este corte de pelo cl\u00e1sico enmarca perfectamente la cara y agrega instant\u00e1neamente mucha personalidad. Ya sea que decidas optar por un corte largo que termine en la barbilla o m\u00e1s largo en la espalda, \u00a1te encantar\u00e1 el resultado que te dar\u00e1 este corte!<\/p>\n\n\n\n<figure class=\"wp-block-image size-full\"><img loading=\"lazy\" decoding=\"async\" width=\"760\" height=\"555\" src=\"https:\/\/danidrops.com.br\/wp-content\/uploads\/2023\/01\/34-Corte-de-cabelo-Blunt-Bob.jpg\" alt=\"Corte de pelo bob romo\" class=\"wp-image-61642\" title=\"\" srcset=\"https:\/\/danidrops.com.br\/wp-content\/uploads\/2023\/01\/34-Corte-de-cabelo-Blunt-Bob.jpg 760w, https:\/\/danidrops.com.br\/wp-content\/uploads\/2023\/01\/34-Corte-de-cabelo-Blunt-Bob-300x219.jpg 300w, https:\/\/danidrops.com.br\/wp-content\/uploads\/2023\/01\/34-Corte-de-cabelo-Blunt-Bob-16x12.jpg 16w, https:\/\/danidrops.com.br\/wp-content\/uploads\/2023\/01\/34-Corte-de-cabelo-Blunt-Bob-150x110.jpg 150w\" sizes=\"auto, (max-width: 760px) 100vw, 760px\" \/><figcaption class=\"wp-element-caption\">Corte de pelo bob romo<\/figcaption><\/figure>\n\n\n\n<p>Para que su corte de cabello Blunt Bob se vea bien, se recomiendan cortes regulares y el uso de un spray de fijaci\u00f3n ligera puede ayudar a mantener los cabellos sueltos bajo control.<\/p>\n\n\n\n<h2 class=\"wp-block-heading\"><span class=\"ez-toc-section\" id=\"Corte_de_cabelo_Double_Long_Bob\"><\/span>Corte de pelo doble largo bob<span class=\"ez-toc-section-end\"><\/span><\/h2>\n\n\n\n<p>Si est\u00e1s buscando un peinado que sea a la vez atemporal e innovador, no busques m\u00e1s que el<strong> Corte de pelo Bob largo doble<\/strong> es la soluci\u00f3n<\/p>\n\n\n\n<p>Adem\u00e1s de ser incre\u00edblemente f\u00e1cil de mantener, el corte de pelo Double Long Bob crea el equilibrio perfecto entre cabello corto y largo.<\/p>\n\n\n\n<figure class=\"wp-block-image size-full\"><img loading=\"lazy\" decoding=\"async\" width=\"760\" height=\"555\" src=\"https:\/\/danidrops.com.br\/wp-content\/uploads\/2023\/01\/39-Corte-de-cabelo-Double-Long-Bob.jpg\" alt=\"Corte de pelo doble largo bob\" class=\"wp-image-61645\" title=\"\" srcset=\"https:\/\/danidrops.com.br\/wp-content\/uploads\/2023\/01\/39-Corte-de-cabelo-Double-Long-Bob.jpg 760w, https:\/\/danidrops.com.br\/wp-content\/uploads\/2023\/01\/39-Corte-de-cabelo-Double-Long-Bob-300x219.jpg 300w, https:\/\/danidrops.com.br\/wp-content\/uploads\/2023\/01\/39-Corte-de-cabelo-Double-Long-Bob-16x12.jpg 16w, https:\/\/danidrops.com.br\/wp-content\/uploads\/2023\/01\/39-Corte-de-cabelo-Double-Long-Bob-150x110.jpg 150w\" sizes=\"auto, (max-width: 760px) 100vw, 760px\" \/><figcaption class=\"wp-element-caption\">Corte de pelo doble largo bob<\/figcaption><\/figure>\n\n\n\n<p>Adem\u00e1s, el corte de pelo Double Long Bob es adecuado para todo tipo de cabello, desde fino hasta grueso. No importa el estilo que busques, definitivamente vale la pena probar el corte de pelo Double Long Bob.<\/p>\n\n\n\n<figure class=\"wp-block-image size-full\"><img loading=\"lazy\" decoding=\"async\" width=\"760\" height=\"555\" src=\"https:\/\/danidrops.com.br\/wp-content\/uploads\/2023\/01\/38-Corte-de-cabelo-Double-Long-Bob.jpg\" alt=\"Corte de pelo doble largo bob\" class=\"wp-image-61644\" title=\"\" srcset=\"https:\/\/danidrops.com.br\/wp-content\/uploads\/2023\/01\/38-Corte-de-cabelo-Double-Long-Bob.jpg 760w, https:\/\/danidrops.com.br\/wp-content\/uploads\/2023\/01\/38-Corte-de-cabelo-Double-Long-Bob-300x219.jpg 300w, https:\/\/danidrops.com.br\/wp-content\/uploads\/2023\/01\/38-Corte-de-cabelo-Double-Long-Bob-16x12.jpg 16w, https:\/\/danidrops.com.br\/wp-content\/uploads\/2023\/01\/38-Corte-de-cabelo-Double-Long-Bob-150x110.jpg 150w\" sizes=\"auto, (max-width: 760px) 100vw, 760px\" \/><figcaption class=\"wp-element-caption\">Corte de pelo doble largo bob<\/figcaption><\/figure>\n\n\n\n<h2 class=\"wp-block-heading\"><span class=\"ez-toc-section\" id=\"Corte_de_cabelo_Long_Bob\"><\/span>corte de cabello bob largo<span class=\"ez-toc-section-end\"><\/span><\/h2>\n\n\n\n<p>O<strong> <a href=\"https:\/\/danidrops.com.br\/es\/corte-de-cabello-largo-bob\/\" data-type=\"URL\" data-id=\"https:\/\/danidrops.com.br\/corte-de-cabelo-long-bob-2025\/\">corte de pelo largo bob<\/a><\/strong> \u00a1Es uno de los cortes de cabello para mujeres m\u00e1s populares que existen! Es un look cl\u00e1sico y atemporal que combina con casi cualquier atuendo y es perfecto para cada ocasi\u00f3n.<\/p>\n\n\n\n<figure class=\"wp-block-image size-full\"><img loading=\"lazy\" decoding=\"async\" width=\"760\" height=\"555\" src=\"https:\/\/danidrops.com.br\/wp-content\/uploads\/2023\/01\/41-Corte-de-cabelo-Long-Bob.jpg\" alt=\"corte de cabello bob largo\" class=\"wp-image-61647\" title=\"\" srcset=\"https:\/\/danidrops.com.br\/wp-content\/uploads\/2023\/01\/41-Corte-de-cabelo-Long-Bob.jpg 760w, https:\/\/danidrops.com.br\/wp-content\/uploads\/2023\/01\/41-Corte-de-cabelo-Long-Bob-300x219.jpg 300w, https:\/\/danidrops.com.br\/wp-content\/uploads\/2023\/01\/41-Corte-de-cabelo-Long-Bob-16x12.jpg 16w, https:\/\/danidrops.com.br\/wp-content\/uploads\/2023\/01\/41-Corte-de-cabelo-Long-Bob-150x110.jpg 150w\" sizes=\"auto, (max-width: 760px) 100vw, 760px\" \/><figcaption class=\"wp-element-caption\">corte de cabello bob largo<\/figcaption><\/figure>\n\n\n\n<p>Sin mencionar que se ve muy bien en todos! El largo moderado permite un look con muchas variaciones.<\/p>\n\n\n\n<figure class=\"wp-block-image size-full\"><img loading=\"lazy\" decoding=\"async\" width=\"760\" height=\"555\" src=\"https:\/\/danidrops.com.br\/wp-content\/uploads\/2023\/01\/40-Corte-de-cabelo-Long-Bob.jpg\" alt=\"corte de cabello bob largo\" class=\"wp-image-61646\" title=\"\" srcset=\"https:\/\/danidrops.com.br\/wp-content\/uploads\/2023\/01\/40-Corte-de-cabelo-Long-Bob.jpg 760w, https:\/\/danidrops.com.br\/wp-content\/uploads\/2023\/01\/40-Corte-de-cabelo-Long-Bob-300x219.jpg 300w, https:\/\/danidrops.com.br\/wp-content\/uploads\/2023\/01\/40-Corte-de-cabelo-Long-Bob-16x12.jpg 16w, https:\/\/danidrops.com.br\/wp-content\/uploads\/2023\/01\/40-Corte-de-cabelo-Long-Bob-150x110.jpg 150w\" sizes=\"auto, (max-width: 760px) 100vw, 760px\" \/><figcaption class=\"wp-element-caption\">corte de cabello bob largo<\/figcaption><\/figure>\n\n\n\n<p>Ya sea que desee algo un poco m\u00e1s atrevido o que desee mantenerlo sutil, este corte de cabello puede brindarle exactamente lo que est\u00e1 buscando. Con su creciente popularidad, no te arrepentir\u00e1s de arriesgarte y apostar por el corte de pelo Long Bob.<\/p>\n\n\n\n<h2 class=\"wp-block-heading\"><span class=\"ez-toc-section\" id=\"Corte_de_cabelo_French_Bob\"><\/span>corte de cabello bob franc\u00e9s<span class=\"ez-toc-section-end\"><\/span><\/h2>\n\n\n\n<p>O <strong><a href=\"https:\/\/danidrops.com.br\/es\/corte-de-pelo-bob-frances-3\/\" data-type=\"URL\" data-id=\"https:\/\/danidrops.com.br\/corte-de-cabelo-corte-french-bob\/\">corte de pelo bob franc\u00e9s<\/a> <\/strong>Es un corte de cabello ic\u00f3nico que toma su nombre de la silueta revolucionaria de la moda de principios de los a\u00f1os 60.<\/p>\n\n\n\n<figure class=\"wp-block-image size-full\"><img loading=\"lazy\" decoding=\"async\" width=\"760\" height=\"555\" src=\"https:\/\/danidrops.com.br\/wp-content\/uploads\/2023\/01\/43-Corte-de-cabelo-French-Bob.jpg\" alt=\"corte de cabello bob franc\u00e9s\" class=\"wp-image-61649\" title=\"\" srcset=\"https:\/\/danidrops.com.br\/wp-content\/uploads\/2023\/01\/43-Corte-de-cabelo-French-Bob.jpg 760w, https:\/\/danidrops.com.br\/wp-content\/uploads\/2023\/01\/43-Corte-de-cabelo-French-Bob-300x219.jpg 300w, https:\/\/danidrops.com.br\/wp-content\/uploads\/2023\/01\/43-Corte-de-cabelo-French-Bob-16x12.jpg 16w, https:\/\/danidrops.com.br\/wp-content\/uploads\/2023\/01\/43-Corte-de-cabelo-French-Bob-150x110.jpg 150w\" sizes=\"auto, (max-width: 760px) 100vw, 760px\" \/><figcaption class=\"wp-element-caption\">corte de cabello bob franc\u00e9s<\/figcaption><\/figure>\n\n\n\n<p>Este estilo es de bajo mantenimiento y se ve muy bien en cualquier forma de rostro y siempre parece aportar un toque sofisticado a cualquier mujer.<\/p>\n\n\n\n<figure class=\"wp-block-image size-full\"><img loading=\"lazy\" decoding=\"async\" width=\"760\" height=\"555\" src=\"https:\/\/danidrops.com.br\/wp-content\/uploads\/2023\/01\/42-Corte-de-cabelo-French-Bob.jpg\" alt=\"corte de cabello bob franc\u00e9s\" class=\"wp-image-61648\" title=\"\" srcset=\"https:\/\/danidrops.com.br\/wp-content\/uploads\/2023\/01\/42-Corte-de-cabelo-French-Bob.jpg 760w, https:\/\/danidrops.com.br\/wp-content\/uploads\/2023\/01\/42-Corte-de-cabelo-French-Bob-300x219.jpg 300w, https:\/\/danidrops.com.br\/wp-content\/uploads\/2023\/01\/42-Corte-de-cabelo-French-Bob-16x12.jpg 16w, https:\/\/danidrops.com.br\/wp-content\/uploads\/2023\/01\/42-Corte-de-cabelo-French-Bob-150x110.jpg 150w\" sizes=\"auto, (max-width: 760px) 100vw, 760px\" \/><figcaption class=\"wp-element-caption\">corte de cabello bob franc\u00e9s<\/figcaption><\/figure>\n\n\n\n<p>Aunque el corte pueda parecer s\u00faper sencillo, peque\u00f1os detalles como la asimetr\u00eda o el rizo marcan la diferencia para que luzca espectacular en cualquier tipo de cabello.<\/p>\n\n\n\n<h2 class=\"wp-block-heading\"><span class=\"ez-toc-section\" id=\"Corte_de_cabelo_Short_Bob\"><\/span>corte de cabello bob corto<span class=\"ez-toc-section-end\"><\/span><\/h2>\n\n\n\n<p>Los cortes de pelo cortos siempre est\u00e1n de moda y los<strong> <a href=\"https:\/\/danidrops.com.br\/es\/corte-de-pelo-bob-corto\/\" data-type=\"URL\" data-id=\"https:\/\/danidrops.com.br\/corte-de-cabelo-short-bob\/\">corte de pelo bob corto<\/a><\/strong> Es un corte que destaca sobre el resto.<\/p>\n\n\n\n<p>Ya sea para combinar con un \u201cestilo moderno\u201d o para cambiar de estilo, el corte Bob es una excelente opci\u00f3n.<\/p>\n\n\n\n<figure class=\"wp-block-image size-full\"><img loading=\"lazy\" decoding=\"async\" width=\"760\" height=\"555\" src=\"https:\/\/danidrops.com.br\/wp-content\/uploads\/2023\/01\/45-Corte-de-cabelo-Short-Bob.jpg\" alt=\"corte de cabello bob corto\" class=\"wp-image-61651\" title=\"\" srcset=\"https:\/\/danidrops.com.br\/wp-content\/uploads\/2023\/01\/45-Corte-de-cabelo-Short-Bob.jpg 760w, https:\/\/danidrops.com.br\/wp-content\/uploads\/2023\/01\/45-Corte-de-cabelo-Short-Bob-300x219.jpg 300w, https:\/\/danidrops.com.br\/wp-content\/uploads\/2023\/01\/45-Corte-de-cabelo-Short-Bob-16x12.jpg 16w, https:\/\/danidrops.com.br\/wp-content\/uploads\/2023\/01\/45-Corte-de-cabelo-Short-Bob-150x110.jpg 150w\" sizes=\"auto, (max-width: 760px) 100vw, 760px\" \/><figcaption class=\"wp-element-caption\">corte de cabello bob corto<\/figcaption><\/figure>\n\n\n\n<p>El corte aporta movimiento y volumen, permiti\u00e9ndote explorar tu tipo de cabello. Agregue reflejos y colores vibrantes para complementar su corte Bob y agregue a\u00fan m\u00e1s estilo a su look. Si est\u00e1 buscando un nuevo corte de cabello para probar en 2023, esta es la opci\u00f3n correcta.<\/p>\n\n\n\n<figure class=\"wp-block-image size-full\"><img loading=\"lazy\" decoding=\"async\" width=\"760\" height=\"555\" src=\"https:\/\/danidrops.com.br\/wp-content\/uploads\/2023\/01\/44-Corte-de-cabelo-Short-Bob.jpg\" alt=\"corte de cabello bob corto\" class=\"wp-image-61650\" title=\"\" srcset=\"https:\/\/danidrops.com.br\/wp-content\/uploads\/2023\/01\/44-Corte-de-cabelo-Short-Bob.jpg 760w, https:\/\/danidrops.com.br\/wp-content\/uploads\/2023\/01\/44-Corte-de-cabelo-Short-Bob-300x219.jpg 300w, https:\/\/danidrops.com.br\/wp-content\/uploads\/2023\/01\/44-Corte-de-cabelo-Short-Bob-16x12.jpg 16w, https:\/\/danidrops.com.br\/wp-content\/uploads\/2023\/01\/44-Corte-de-cabelo-Short-Bob-150x110.jpg 150w\" sizes=\"auto, (max-width: 760px) 100vw, 760px\" \/><figcaption class=\"wp-element-caption\">corte de cabello bob corto<\/figcaption><\/figure>\n\n\n\n<h2 class=\"wp-block-heading\"><span class=\"ez-toc-section\" id=\"Corte_de_cabelo_Micro_Bob\"><\/span>corte de pelo micro bob<span class=\"ez-toc-section-end\"><\/span><\/h2>\n\n\n\n<p>\u00bfHas o\u00eddo hablar de <strong>corte de pelo micro bob<\/strong>? Es un corte de cabello de bajo mantenimiento que ha ido ganando popularidad \u00faltimamente.<\/p>\n\n\n\n<figure class=\"wp-block-image size-full\"><img loading=\"lazy\" decoding=\"async\" width=\"760\" height=\"555\" src=\"https:\/\/danidrops.com.br\/wp-content\/uploads\/2023\/01\/47-Corte-de-cabelo-Micro-Bob.jpg\" alt=\"corte de pelo micro bob\" class=\"wp-image-61653\" title=\"\" srcset=\"https:\/\/danidrops.com.br\/wp-content\/uploads\/2023\/01\/47-Corte-de-cabelo-Micro-Bob.jpg 760w, https:\/\/danidrops.com.br\/wp-content\/uploads\/2023\/01\/47-Corte-de-cabelo-Micro-Bob-300x219.jpg 300w, https:\/\/danidrops.com.br\/wp-content\/uploads\/2023\/01\/47-Corte-de-cabelo-Micro-Bob-16x12.jpg 16w, https:\/\/danidrops.com.br\/wp-content\/uploads\/2023\/01\/47-Corte-de-cabelo-Micro-Bob-150x110.jpg 150w\" sizes=\"auto, (max-width: 760px) 100vw, 760px\" \/><figcaption class=\"wp-element-caption\">corte de pelo micro bob<\/figcaption><\/figure>\n\n\n\n<p>El corte de pelo Micro Bob es ideal para cualquier persona que quiera llevar el pelo corto sin renunciar a ning\u00fan estilo o tendencia; se ve muy bien en cualquier longitud.<\/p>\n\n\n\n<figure class=\"wp-block-image size-full\"><img loading=\"lazy\" decoding=\"async\" width=\"760\" height=\"555\" src=\"https:\/\/danidrops.com.br\/wp-content\/uploads\/2023\/01\/46-Corte-de-cabelo-Micro-Bob.jpg\" alt=\"corte de pelo micro bob\" class=\"wp-image-61652\" title=\"\" srcset=\"https:\/\/danidrops.com.br\/wp-content\/uploads\/2023\/01\/46-Corte-de-cabelo-Micro-Bob.jpg 760w, https:\/\/danidrops.com.br\/wp-content\/uploads\/2023\/01\/46-Corte-de-cabelo-Micro-Bob-300x219.jpg 300w, https:\/\/danidrops.com.br\/wp-content\/uploads\/2023\/01\/46-Corte-de-cabelo-Micro-Bob-16x12.jpg 16w, https:\/\/danidrops.com.br\/wp-content\/uploads\/2023\/01\/46-Corte-de-cabelo-Micro-Bob-150x110.jpg 150w\" sizes=\"auto, (max-width: 760px) 100vw, 760px\" \/><figcaption class=\"wp-element-caption\">corte de pelo micro bob<\/figcaption><\/figure>\n\n\n\n<p>Adem\u00e1s, \u00a1es incre\u00edblemente f\u00e1cil de cuidar y peinar! Ya sea que desee algo que deje su cabello suave y sedoso con mucha textura, o audaz y elegante, el corte de cabello Micro Bob le brinda opciones. \u00bfPor qu\u00e9 no probar este elegante corte de pelo hoy?<\/p>\n\n\n\n<h2 class=\"wp-block-heading\"><span class=\"ez-toc-section\" id=\"Cabelo_Bob_para_Cabelos_Crespos\"><\/span>Bob Hair para cabello rizado<span class=\"ez-toc-section-end\"><\/span><\/h2>\n\n\n\n<p>Bob Hair for Curly Hair ha sido cada vez m\u00e1s popular en los \u00faltimos a\u00f1os, y eso no es una sorpresa: \u00a1el corte es moderno, vers\u00e1til y elegante!<\/p>\n\n\n\n<figure class=\"wp-block-image size-full\"><img loading=\"lazy\" decoding=\"async\" width=\"760\" height=\"555\" src=\"https:\/\/danidrops.com.br\/wp-content\/uploads\/2023\/01\/49-Cabelo-Bob-para-Cabelos-Crespos.jpg\" alt=\"Bob Hair para cabello rizado\" class=\"wp-image-61655\" title=\"\" srcset=\"https:\/\/danidrops.com.br\/wp-content\/uploads\/2023\/01\/49-Cabelo-Bob-para-Cabelos-Crespos.jpg 760w, https:\/\/danidrops.com.br\/wp-content\/uploads\/2023\/01\/49-Cabelo-Bob-para-Cabelos-Crespos-300x219.jpg 300w, https:\/\/danidrops.com.br\/wp-content\/uploads\/2023\/01\/49-Cabelo-Bob-para-Cabelos-Crespos-16x12.jpg 16w, https:\/\/danidrops.com.br\/wp-content\/uploads\/2023\/01\/49-Cabelo-Bob-para-Cabelos-Crespos-150x110.jpg 150w\" sizes=\"auto, (max-width: 760px) 100vw, 760px\" \/><figcaption class=\"wp-element-caption\">Bob Hair para cabello rizado<\/figcaption><\/figure>\n\n\n\n<p>Bob Hair for Curly Hair es una excelente opci\u00f3n para cualquiera que busque una apariencia naturalmente impactante.<\/p>\n\n\n\n<figure class=\"wp-block-image size-full\"><img loading=\"lazy\" decoding=\"async\" width=\"760\" height=\"555\" src=\"https:\/\/danidrops.com.br\/wp-content\/uploads\/2023\/01\/48-Cabelo-Bob-para-Cabelos-Crespos.jpg\" alt=\"Bob Hair para cabello rizado\" class=\"wp-image-61654\" title=\"\" srcset=\"https:\/\/danidrops.com.br\/wp-content\/uploads\/2023\/01\/48-Cabelo-Bob-para-Cabelos-Crespos.jpg 760w, https:\/\/danidrops.com.br\/wp-content\/uploads\/2023\/01\/48-Cabelo-Bob-para-Cabelos-Crespos-300x219.jpg 300w, https:\/\/danidrops.com.br\/wp-content\/uploads\/2023\/01\/48-Cabelo-Bob-para-Cabelos-Crespos-16x12.jpg 16w, https:\/\/danidrops.com.br\/wp-content\/uploads\/2023\/01\/48-Cabelo-Bob-para-Cabelos-Crespos-150x110.jpg 150w\" sizes=\"auto, (max-width: 760px) 100vw, 760px\" \/><figcaption class=\"wp-element-caption\">Bob Hair para cabello rizado<\/figcaption><\/figure>\n\n\n\n<p>Adem\u00e1s, ofrece la comodidad de aportar volumen al cabello a la vez que reduce el trabajo de mantenimiento.<\/p>\n\n\n\n<h2 class=\"wp-block-heading\"><span class=\"ez-toc-section\" id=\"Corte_de_Cabelo_Bob_Italiano\"><\/span>Corte de pelo bob italiano<span class=\"ez-toc-section-end\"><\/span><\/h2>\n\n\n\n<p>O <a href=\"https:\/\/danidrops.com.br\/es\/corte-de-cabello-estilo-bob-italiano\/\" data-type=\"link\" data-id=\"https:\/\/danidrops.com.br\/corte-de-cabelo-bob-italiano\/\">Corte de Cabello Estilo Bob Italiano<\/a> Es un cl\u00e1sico que nunca pasa de moda. Es vers\u00e1til, elegante y se puede adaptar a diferentes tipos de cabello y rostro.<\/p>\n\n\n\n<figure class=\"wp-block-image size-full\"><img loading=\"lazy\" decoding=\"async\" width=\"760\" height=\"555\" src=\"https:\/\/danidrops.com.br\/wp-content\/uploads\/2023\/08\/14-corte-de-cabelo-bob-italiano.jpg\" alt=\"Corte de pelo bob italiano\" class=\"wp-image-82970\" title=\"\" srcset=\"https:\/\/danidrops.com.br\/wp-content\/uploads\/2023\/08\/14-corte-de-cabelo-bob-italiano.jpg 760w, https:\/\/danidrops.com.br\/wp-content\/uploads\/2023\/08\/14-corte-de-cabelo-bob-italiano-300x219.jpg 300w, https:\/\/danidrops.com.br\/wp-content\/uploads\/2023\/08\/14-corte-de-cabelo-bob-italiano-16x12.jpg 16w, https:\/\/danidrops.com.br\/wp-content\/uploads\/2023\/08\/14-corte-de-cabelo-bob-italiano-150x110.jpg 150w\" sizes=\"auto, (max-width: 760px) 100vw, 760px\" \/><figcaption class=\"wp-element-caption\">Corte de pelo bob italiano<\/figcaption><\/figure>\n\n\n\n<p>El bob italiano se caracteriza por ser un atajo, con las puntas desconectadas. Se puede hacer en una variedad de longitudes, desde la barbilla hasta los hombros. Las capas se desconectan para crear movimiento y volumen natural en el cabello.<\/p>\n\n\n\n<figure class=\"wp-block-image size-full\"><img loading=\"lazy\" decoding=\"async\" width=\"760\" height=\"555\" src=\"https:\/\/danidrops.com.br\/wp-content\/uploads\/2023\/08\/13-corte-de-cabelo-bob-italiano.jpg\" alt=\"Corte de pelo bob italiano\" class=\"wp-image-82969\" title=\"\" srcset=\"https:\/\/danidrops.com.br\/wp-content\/uploads\/2023\/08\/13-corte-de-cabelo-bob-italiano.jpg 760w, https:\/\/danidrops.com.br\/wp-content\/uploads\/2023\/08\/13-corte-de-cabelo-bob-italiano-300x219.jpg 300w, https:\/\/danidrops.com.br\/wp-content\/uploads\/2023\/08\/13-corte-de-cabelo-bob-italiano-16x12.jpg 16w, https:\/\/danidrops.com.br\/wp-content\/uploads\/2023\/08\/13-corte-de-cabelo-bob-italiano-150x110.jpg 150w\" sizes=\"auto, (max-width: 760px) 100vw, 760px\" \/><figcaption class=\"wp-element-caption\">Corte de pelo bob italiano<\/figcaption><\/figure>\n\n\n\n<p>Este corte es ideal para mujeres de todas las edades. Es elegante y sofisticado, pero tambi\u00e9n se puede llevar de forma informal.<\/p>\n\n\n\n<h2 class=\"wp-block-heading\"><span class=\"ez-toc-section\" id=\"Corte_de_Cabelo_Bob_Invertido_Curto\"><\/span>Corte de pelo corto Bob invertido<span class=\"ez-toc-section-end\"><\/span><\/h2>\n\n\n\n<p>Si buscas un corte de pelo moderno, vers\u00e1til y f\u00e1cil de mantener, el <a href=\"https:\/\/danidrops.com.br\/es\/corte-de-pelo-bob-corto-invertido\/\" data-type=\"link\" data-id=\"https:\/\/danidrops.com.br\/corte-de-cabelo-bob-invertido-curto\/\">corte de pelo bob corto invertido<\/a> es una gran opci\u00f3n.<\/p>\n\n\n\n<figure class=\"wp-block-image size-full is-resized\"><img loading=\"lazy\" decoding=\"async\" width=\"760\" height=\"555\" src=\"https:\/\/danidrops.com.br\/wp-content\/uploads\/2023\/09\/01-Corte-de-Cabelo-Bob-Invertido-Curto.jpg\" alt=\"Corte de pelo corto Bob invertido\" class=\"wp-image-84785\" style=\"width:760px;height:555px\" title=\"\" srcset=\"https:\/\/danidrops.com.br\/wp-content\/uploads\/2023\/09\/01-Corte-de-Cabelo-Bob-Invertido-Curto.jpg 760w, https:\/\/danidrops.com.br\/wp-content\/uploads\/2023\/09\/01-Corte-de-Cabelo-Bob-Invertido-Curto-300x219.jpg 300w, https:\/\/danidrops.com.br\/wp-content\/uploads\/2023\/09\/01-Corte-de-Cabelo-Bob-Invertido-Curto-16x12.jpg 16w, https:\/\/danidrops.com.br\/wp-content\/uploads\/2023\/09\/01-Corte-de-Cabelo-Bob-Invertido-Curto-150x110.jpg 150w\" sizes=\"auto, (max-width: 760px) 100vw, 760px\" \/><figcaption class=\"wp-element-caption\">Corte de pelo Bob corto invertido \u2013 instagram @styled_by_carolynn \u2013 @monica_parrucchiera_visagista<\/figcaption><\/figure>\n\n\n\n<p>El cabello es una parte importante de nuestra apariencia y un corte de pelo adecuado puede hacernos m\u00e1s bellos, seguros y elegantes. <\/p>\n\n\n\n<figure class=\"wp-block-image size-full\"><img loading=\"lazy\" decoding=\"async\" width=\"760\" height=\"555\" src=\"https:\/\/danidrops.com.br\/wp-content\/uploads\/2023\/09\/02-Corte-de-Cabelo-Bob-Invertido-Curto.jpg\" alt=\"Corte de pelo corto Bob invertido\" class=\"wp-image-84784\" title=\"\" srcset=\"https:\/\/danidrops.com.br\/wp-content\/uploads\/2023\/09\/02-Corte-de-Cabelo-Bob-Invertido-Curto.jpg 760w, https:\/\/danidrops.com.br\/wp-content\/uploads\/2023\/09\/02-Corte-de-Cabelo-Bob-Invertido-Curto-300x219.jpg 300w, https:\/\/danidrops.com.br\/wp-content\/uploads\/2023\/09\/02-Corte-de-Cabelo-Bob-Invertido-Curto-16x12.jpg 16w, https:\/\/danidrops.com.br\/wp-content\/uploads\/2023\/09\/02-Corte-de-Cabelo-Bob-Invertido-Curto-150x110.jpg 150w\" sizes=\"auto, (max-width: 760px) 100vw, 760px\" \/><figcaption class=\"wp-element-caption\">Corte de pelo corto Bob invertido \u2013 instagram @kisasackadin \u2013 @cut.and.color.by.vicki<\/figcaption><\/figure>\n\n\n\n<p>El corte de pelo bob corto invertido es un estilo que combina capas m\u00e1s cortas en la parte posterior con capas m\u00e1s largas en la parte delantera. Esto crea un efecto de movimiento y volumen, perfecto para mujeres con todo tipo de rostro.<\/p>\n<div id=\"ez-toc-container\" class=\"ez-toc-v2_0_76 counter-hierarchy ez-toc-counter ez-toc-grey ez-toc-container-direction\">\n<p class=\"ez-toc-title\" style=\"cursor:inherit\">Leer\u00e1s este art\u00edculo<\/p>\n<label for=\"ez-toc-cssicon-toggle-item-69efa9092cd63\" class=\"ez-toc-cssicon-toggle-label\"><span class=\"ez-toc-cssicon\"><span class=\"eztoc-hide\" style=\"display:none;\">Palanca<\/span><span class=\"ez-toc-icon-toggle-span\"><svg style=\"fill: #999;color:#999\" xmlns=\"http:\/\/www.w3.org\/2000\/svg\" class=\"list-377408\" width=\"20px\" height=\"20px\" viewbox=\"0 0 24 24\" fill=\"none\"><path d=\"M6 6H4v2h2V6zm14 0H8v2h12V6zM4 11h2v2H4v-2zm16 0H8v2h12v-2zM4 16h2v2H4v-2zm16 0H8v2h12v-2z\" fill=\"currentColor\"><\/path><\/svg><svg style=\"fill: #999;color:#999\" class=\"arrow-unsorted-368013\" xmlns=\"http:\/\/www.w3.org\/2000\/svg\" width=\"10px\" height=\"10px\" viewbox=\"0 0 24 24\" version=\"1.2\" baseprofile=\"tiny\"><path d=\"M18.2 9.3l-6.2-6.3-6.2 6.3c-.2.2-.3.4-.3.7s.1.5.3.7c.2.2.4.3.7.3h11c.3 0 .5-.1.7-.3.2-.2.3-.5.3-.7s-.1-.5-.3-.7zM5.8 14.7l6.2 6.3 6.2-6.3c.2-.2.3-.5.3-.7s-.1-.5-.3-.7c-.2-.2-.4-.3-.7-.3h-11c-.3 0-.5.1-.7.3-.2.2-.3.5-.3.7s.1.5.3.7z\"\/><\/svg><\/span><\/span><\/label><input type=\"checkbox\"  id=\"ez-toc-cssicon-toggle-item-69efa9092cd63\"  aria-label=\"Palanca\" \/><nav><ul class='ez-toc-list ez-toc-list-level-1' ><li class='ez-toc-page-1 ez-toc-heading-level-2'><a class=\"ez-toc-link ez-toc-heading-1\" href=\"https:\/\/danidrops.com.br\/es\/corte-de-pelo-bob-2024\/#Qual_a_tendencia_de_corte_de_cabelo_Bob_para_2023\" >\u00bfCu\u00e1l es la tendencia de corte de pelo Bob para 2023?<\/a><\/li><li class='ez-toc-page-1 ez-toc-heading-level-2'><a class=\"ez-toc-link ez-toc-heading-2\" href=\"https:\/\/danidrops.com.br\/es\/corte-de-pelo-bob-2024\/#O_que_e_um_Corte_de_Cabelo_Bob\" >\u00bfQu\u00e9 es un corte de pelo Bob?<\/a><\/li><li class='ez-toc-page-1 ez-toc-heading-level-2'><a class=\"ez-toc-link ez-toc-heading-3\" href=\"https:\/\/danidrops.com.br\/es\/corte-de-pelo-bob-2024\/#Corte_de_cabelo_Lob_Bob\" >corte de pelo bob bob<\/a><\/li><li class='ez-toc-page-1 ez-toc-heading-level-2'><a class=\"ez-toc-link ez-toc-heading-4\" href=\"https:\/\/danidrops.com.br\/es\/corte-de-pelo-bob-2024\/#Corte_de_cabelo_Bob_Frances\" >corte de pelo bob franc\u00e9s<\/a><\/li><li class='ez-toc-page-1 ez-toc-heading-level-2'><a class=\"ez-toc-link ez-toc-heading-5\" href=\"https:\/\/danidrops.com.br\/es\/corte-de-pelo-bob-2024\/#Corte_de_cabelo_Bob_Assimetrico\" >Corte de pelo bob asim\u00e9trico<\/a><\/li><li class='ez-toc-page-1 ez-toc-heading-level-2'><a class=\"ez-toc-link ez-toc-heading-6\" href=\"https:\/\/danidrops.com.br\/es\/corte-de-pelo-bob-2024\/#Corte_de_cabelo_Bob_com_Franja\" >Corte de pelo bob con flecos<\/a><\/li><li class='ez-toc-page-1 ez-toc-heading-level-2'><a class=\"ez-toc-link ez-toc-heading-7\" href=\"https:\/\/danidrops.com.br\/es\/corte-de-pelo-bob-2024\/#Corte_de_cabelo_Bob_trancado\" >corte de pelo bob trenzado<\/a><\/li><li class='ez-toc-page-1 ez-toc-heading-level-2'><a class=\"ez-toc-link ez-toc-heading-8\" href=\"https:\/\/danidrops.com.br\/es\/corte-de-pelo-bob-2024\/#Corte_de_cabelo_Bob_em_Camadas\" >corte de pelo bob en capas<\/a><\/li><li class='ez-toc-page-1 ez-toc-heading-level-2'><a class=\"ez-toc-link ez-toc-heading-9\" href=\"https:\/\/danidrops.com.br\/es\/corte-de-pelo-bob-2024\/#Corte_de_cabelo_Bob_Cacheado\" >corte de pelo bob rizado<\/a><\/li><li class='ez-toc-page-1 ez-toc-heading-level-2'><a class=\"ez-toc-link ez-toc-heading-10\" href=\"https:\/\/danidrops.com.br\/es\/corte-de-pelo-bob-2024\/#Corte_de_cabelo_Shoulder-length_Bob\" >Corte de pelo bob a la altura de los hombros<\/a><\/li><li class='ez-toc-page-1 ez-toc-heading-level-2'><a class=\"ez-toc-link ez-toc-heading-11\" href=\"https:\/\/danidrops.com.br\/es\/corte-de-pelo-bob-2024\/#Corte_de_cabelo_Shingle_Bob\" >Corte de pelo bob de tejas<\/a><\/li><li class='ez-toc-page-1 ez-toc-heading-level-2'><a class=\"ez-toc-link ez-toc-heading-12\" href=\"https:\/\/danidrops.com.br\/es\/corte-de-pelo-bob-2024\/#Corte_de_cabelo_Shaggy_Bob\" >corte de pelo bob lanudo<\/a><\/li><li class='ez-toc-page-1 ez-toc-heading-level-2'><a class=\"ez-toc-link ez-toc-heading-13\" href=\"https:\/\/danidrops.com.br\/es\/corte-de-pelo-bob-2024\/#Corte_de_cabelo_Bob_Invertido\" >Corte de pelo bob invertido<\/a><\/li><li class='ez-toc-page-1 ez-toc-heading-level-2'><a class=\"ez-toc-link ez-toc-heading-14\" href=\"https:\/\/danidrops.com.br\/es\/corte-de-pelo-bob-2024\/#Corte_de_cabelo_Chin-length_Bob\" >Corte de pelo bob hasta la barbilla<\/a><\/li><li class='ez-toc-page-1 ez-toc-heading-level-2'><a class=\"ez-toc-link ez-toc-heading-15\" href=\"https:\/\/danidrops.com.br\/es\/corte-de-pelo-bob-2024\/#Corte_de_cabelo_Buzz_Cut_Bob\" >corte de pelo bob corte de zumbido<\/a><\/li><li class='ez-toc-page-1 ez-toc-heading-level-2'><a class=\"ez-toc-link ez-toc-heading-16\" href=\"https:\/\/danidrops.com.br\/es\/corte-de-pelo-bob-2024\/#Corte_de_cabelo_A-Line_Bob\" >corte de pelo bob l\u00ednea a<\/a><\/li><li class='ez-toc-page-1 ez-toc-heading-level-2'><a class=\"ez-toc-link ez-toc-heading-17\" href=\"https:\/\/danidrops.com.br\/es\/corte-de-pelo-bob-2024\/#Corte_de_cabelo_Blunt_Bob\" >Corte de pelo bob romo<\/a><\/li><li class='ez-toc-page-1 ez-toc-heading-level-2'><a class=\"ez-toc-link ez-toc-heading-18\" href=\"https:\/\/danidrops.com.br\/es\/corte-de-pelo-bob-2024\/#Corte_de_cabelo_Double_Long_Bob\" >Corte de pelo doble largo bob<\/a><\/li><li class='ez-toc-page-1 ez-toc-heading-level-2'><a class=\"ez-toc-link ez-toc-heading-19\" href=\"https:\/\/danidrops.com.br\/es\/corte-de-pelo-bob-2024\/#Corte_de_cabelo_Long_Bob\" >corte de cabello bob largo<\/a><\/li><li class='ez-toc-page-1 ez-toc-heading-level-2'><a class=\"ez-toc-link ez-toc-heading-20\" href=\"https:\/\/danidrops.com.br\/es\/corte-de-pelo-bob-2024\/#Corte_de_cabelo_French_Bob\" >corte de cabello bob franc\u00e9s<\/a><\/li><li class='ez-toc-page-1 ez-toc-heading-level-2'><a class=\"ez-toc-link ez-toc-heading-21\" href=\"https:\/\/danidrops.com.br\/es\/corte-de-pelo-bob-2024\/#Corte_de_cabelo_Short_Bob\" >corte de cabello bob corto<\/a><\/li><li class='ez-toc-page-1 ez-toc-heading-level-2'><a class=\"ez-toc-link ez-toc-heading-22\" href=\"https:\/\/danidrops.com.br\/es\/corte-de-pelo-bob-2024\/#Corte_de_cabelo_Micro_Bob\" >corte de pelo micro bob<\/a><\/li><li class='ez-toc-page-1 ez-toc-heading-level-2'><a class=\"ez-toc-link ez-toc-heading-23\" href=\"https:\/\/danidrops.com.br\/es\/corte-de-pelo-bob-2024\/#Cabelo_Bob_para_Cabelos_Crespos\" >Bob Hair para cabello rizado<\/a><\/li><li class='ez-toc-page-1 ez-toc-heading-level-2'><a class=\"ez-toc-link ez-toc-heading-24\" href=\"https:\/\/danidrops.com.br\/es\/corte-de-pelo-bob-2024\/#Corte_de_Cabelo_Bob_Italiano\" >Corte de pelo bob italiano<\/a><\/li><li class='ez-toc-page-1 ez-toc-heading-level-2'><a class=\"ez-toc-link ez-toc-heading-25\" href=\"https:\/\/danidrops.com.br\/es\/corte-de-pelo-bob-2024\/#Corte_de_Cabelo_Bob_Invertido_Curto\" >Corte de pelo corto Bob invertido<\/a><\/li><\/ul><\/nav><\/div>","protected":false},"excerpt":{"rendered":"<p>El corte bob de 2023 sigue siendo una opci\u00f3n atemporal y vers\u00e1til para las mujeres. Para 2023, las tendencias de este cl\u00e1sico con estilo\u2026<\/p>","protected":false},"author":1,"featured_media":61658,"comment_status":"open","ping_status":"open","sticky":false,"template":"","format":"standard","meta":{"footnotes":""},"categories":[439],"tags":[],"class_list":["post-61371","post","type-post","status-publish","format-standard","has-post-thumbnail","hentry","category-cabelo"],"_links":{"self":[{"href":"https:\/\/danidrops.com.br\/es\/wp-json\/wp\/v2\/posts\/61371","targetHints":{"allow":["GET"]}}],"collection":[{"href":"https:\/\/danidrops.com.br\/es\/wp-json\/wp\/v2\/posts"}],"about":[{"href":"https:\/\/danidrops.com.br\/es\/wp-json\/wp\/v2\/types\/post"}],"author":[{"embeddable":true,"href":"https:\/\/danidrops.com.br\/es\/wp-json\/wp\/v2\/users\/1"}],"replies":[{"embeddable":true,"href":"https:\/\/danidrops.com.br\/es\/wp-json\/wp\/v2\/comments?post=61371"}],"version-history":[{"count":0,"href":"https:\/\/danidrops.com.br\/es\/wp-json\/wp\/v2\/posts\/61371\/revisions"}],"wp:featuredmedia":[{"embeddable":true,"href":"https:\/\/danidrops.com.br\/es\/wp-json\/wp\/v2\/media\/61658"}],"wp:attachment":[{"href":"https:\/\/danidrops.com.br\/es\/wp-json\/wp\/v2\/media?parent=61371"}],"wp:term":[{"taxonomy":"category","embeddable":true,"href":"https:\/\/danidrops.com.br\/es\/wp-json\/wp\/v2\/categories?post=61371"},{"taxonomy":"post_tag","embeddable":true,"href":"https:\/\/danidrops.com.br\/es\/wp-json\/wp\/v2\/tags?post=61371"}],"curies":[{"name":"gracias","href":"https:\/\/api.w.org\/{rel}","templated":true}]}}