{"id":71538,"date":"2023-05-02T03:30:38","date_gmt":"2023-05-02T06:30:38","guid":{"rendered":"https:\/\/danidrops.com.br\/?p=71538"},"modified":"2024-02-20T08:22:28","modified_gmt":"2024-02-20T11:22:28","slug":"corte-de-pelo-rizado-para-hombres","status":"publish","type":"post","link":"https:\/\/danidrops.com.br\/es\/corte-de-pelo-rizado-para-hombres\/","title":{"rendered":"Corte de pelo rizado para hombres 2023 - vea m\u00e1s de 80 inspiraciones de cortes de cabello rizado para hombres"},"content":{"rendered":"<p>O <strong>corte de cabello rizado para hombres 2023<\/strong> lleg\u00f3 para quedarse, ya que brinda un aspecto elegante y moderno. Hay varias formas de cortar el cabello rizado de los hombres y debes elegir la que m\u00e1s te guste.<\/p>\n\n\n\n<div class=\"container4\">\n\t<span>Lea tambi\u00e9n:<\/span>\n    <ul class=\"lista\">\n\t\t<li id=\"cliquem\"><a href=\"https:\/\/danidrops.com.br\/es\/corte-de-cabello-masculino-2024\/\" title=\"Tendencia de corte de pelo para hombres 2024\"><strong>Tendencia de cortes de pelo para hombres 2024: m\u00e1s de 105 inspiraciones y tendencias para cortes de cabello para hombres<\/strong><\/a><\/li>\t\n\t<\/ul>\n<\/div>\n\n<script type=\"application\/ld+json\">{\n    \"@context\": \"https:\\\/\\\/schema.org\",\n    \"@type\": \"Action\",\n    \"name\": \"Clicar em link para ler mat\\u00e9ria Tend\\u00eancia de Corte de Cabelo Masculino 2024\",\n    \"potentialAction\": {\n        \"@type\": \"ReadAction\",\n        \"target\": {\n            \"@type\": \"EntryPoint\",\n            \"urlTemplate\": \"https:\\\/\\\/danidrops.com.br\\\/corte-de-cabelo-masculino-2024\\\/\"\n        }\n    },\n    \"object\": {\n        \"@type\": \"WebPage\",\n        \"headline\": \"Corte de Cabelo Masculino 2024\",\n        \"author\": {\n            \"@type\": \"Organization\",\n            \"name\": \"Danidrops.com.br\",\n            \"logo\": \"https:\\\/\\\/danidrops.com.br\\\/wp-content\\\/uploads\\\/2021\\\/08\\\/danidrops-logo-1.jpg\",\n            \"url\": \"https:\\\/\\\/danidrops.com.br\\\/\"\n        },\n        \"image\": \"https:\\\/\\\/danidrops.com.br\\\/wp-content\\\/uploads\\\/2023\\\/11\\\/Cabelo-masculino-curto.jpg\",\n        \"url\": \"https:\\\/\\\/danidrops.com.br\\\/corte-de-cabelo-masculino-2024\\\/\",\n        \"description\": \"Informa\\u00e7\\u00f5es sobre a tend\\u00eancia de Corte de Cabelo Masculino 2024. Veja as inspira\\u00e7\\u00f5es que estar\\u00e3o em alta sobre a tend\\u00eancia de Corte de Cabelo Masculino 2024.\",\n        \"mainEntityOfPage\": {\n            \"@type\": \"WebPage\",\n            \"@id\": \"https:\\\/\\\/danidrops.com.br\\\/corte-de-cabelo-masculino-2024\\\/\"\n        }\n    }\n}<\/script>\n\n\n\n<figure class=\"wp-block-image size-full\"><img loading=\"lazy\" decoding=\"async\" width=\"760\" height=\"555\" src=\"https:\/\/danidrops.com.br\/wp-content\/uploads\/2023\/04\/03-Corte-de-Corte-de-Cabelo-Cacheado-Masculino-2023.jpg\" alt=\"Corte de cabello rizado para hombres 2023\" class=\"wp-image-71564\" title=\"\" srcset=\"https:\/\/danidrops.com.br\/wp-content\/uploads\/2023\/04\/03-Corte-de-Corte-de-Cabelo-Cacheado-Masculino-2023.jpg 760w, https:\/\/danidrops.com.br\/wp-content\/uploads\/2023\/04\/03-Corte-de-Corte-de-Cabelo-Cacheado-Masculino-2023-300x219.jpg 300w, https:\/\/danidrops.com.br\/wp-content\/uploads\/2023\/04\/03-Corte-de-Corte-de-Cabelo-Cacheado-Masculino-2023-16x12.jpg 16w, https:\/\/danidrops.com.br\/wp-content\/uploads\/2023\/04\/03-Corte-de-Corte-de-Cabelo-Cacheado-Masculino-2023-150x110.jpg 150w\" sizes=\"auto, (max-width: 760px) 100vw, 760px\" \/><figcaption class=\"wp-element-caption\">Corte de cabello rizado para hombres 2023<\/figcaption><\/figure>\n\n\n\n<figure class=\"wp-block-image size-full\"><img loading=\"lazy\" decoding=\"async\" width=\"760\" height=\"555\" src=\"https:\/\/danidrops.com.br\/wp-content\/uploads\/2023\/04\/02-Corte-de-Corte-de-Cabelo-Cacheado-Masculino-2023.jpg\" alt=\"Corte de cabello rizado para hombres 2023\" class=\"wp-image-71563\" title=\"\" srcset=\"https:\/\/danidrops.com.br\/wp-content\/uploads\/2023\/04\/02-Corte-de-Corte-de-Cabelo-Cacheado-Masculino-2023.jpg 760w, https:\/\/danidrops.com.br\/wp-content\/uploads\/2023\/04\/02-Corte-de-Corte-de-Cabelo-Cacheado-Masculino-2023-300x219.jpg 300w, https:\/\/danidrops.com.br\/wp-content\/uploads\/2023\/04\/02-Corte-de-Corte-de-Cabelo-Cacheado-Masculino-2023-16x12.jpg 16w, https:\/\/danidrops.com.br\/wp-content\/uploads\/2023\/04\/02-Corte-de-Corte-de-Cabelo-Cacheado-Masculino-2023-150x110.jpg 150w\" sizes=\"auto, (max-width: 760px) 100vw, 760px\" \/><figcaption class=\"wp-element-caption\">Corte de cabello rizado para hombres 2023<\/figcaption><\/figure>\n\n\n\n<p>\u00a1Vea a continuaci\u00f3n varias inspiraciones de corte para que rockee en el a\u00f1o 2023!<\/p>\n\n\n\n<figure class=\"wp-block-image size-full\"><img loading=\"lazy\" decoding=\"async\" width=\"760\" height=\"555\" src=\"https:\/\/danidrops.com.br\/wp-content\/uploads\/2023\/04\/01-Corte-de-Corte-de-Cabelo-Cacheado-Masculino-2023.jpg\" alt=\"Corte de cabello rizado para hombres 2023\" class=\"wp-image-71562\" title=\"\" srcset=\"https:\/\/danidrops.com.br\/wp-content\/uploads\/2023\/04\/01-Corte-de-Corte-de-Cabelo-Cacheado-Masculino-2023.jpg 760w, https:\/\/danidrops.com.br\/wp-content\/uploads\/2023\/04\/01-Corte-de-Corte-de-Cabelo-Cacheado-Masculino-2023-300x219.jpg 300w, https:\/\/danidrops.com.br\/wp-content\/uploads\/2023\/04\/01-Corte-de-Corte-de-Cabelo-Cacheado-Masculino-2023-16x12.jpg 16w, https:\/\/danidrops.com.br\/wp-content\/uploads\/2023\/04\/01-Corte-de-Corte-de-Cabelo-Cacheado-Masculino-2023-150x110.jpg 150w\" sizes=\"auto, (max-width: 760px) 100vw, 760px\" \/><figcaption class=\"wp-element-caption\">Corte de cabello rizado para hombres 2023<\/figcaption><\/figure>\n\n\n\n<script type=\"application\/ld+json\">{\n    \"@context\": \"https:\\\/\\\/schema.org\",\n    \"@type\": \"FAQPage\",\n    \"mainEntity\": {\n        \"@type\": \"Question\",\n        \"name\": \"Quais os cortes de cabelo cacheado masculino ser\\u00e3o tend\\u00eancia em 2023?\",\n        \"acceptedAnswer\": {\n            \"@type\": \"Answer\",\n            \"text\": \"Os cortes de cabelo cacheado masculino que est\\u00e3o na moda em 2023 s\\u00e3o: Corte de Cabelo cacheado masculino longo, Corte de Cabelo cacheado masculino m\\u00e9dio, Corte de Cabelo cacheado masculino curto, Corte de Cabelo cacheado masculino infantil, Corte de Cabelo cacheado masculino americano, Corte de Cabelo cacheado masculino baixo, Corte de Cabelo cacheado masculino degrad\\u00ea, Corte de Cabelo cacheado masculino dividido no meio, Corte de Cabelo cacheado masculino desfiado, Corte de Cabelo cacheado masculino em V, Corte de Cabelo cacheado masculino com franja, Corte de Cabelo cacheado masculino castanho, Corte de Cabelo cacheado masculino preto, Corte de Cabelo cacheado masculino loiro, Corte de Cabelo cacheado masculino branco, Corte de Cabelo cacheado masculino iluminado\"\n        }\n    }\n}<\/script>\n\n\n\n<h2 class=\"wp-block-heading\"><span class=\"ez-toc-section\" id=\"Quais_os_cortes_de_cabelo_cacheado_masculino_serao_tendencia_em_2023\"><\/span>\u00bfQu\u00e9 cortes de cabello rizado para hombres ser\u00e1n tendencia en 2023?<span class=\"ez-toc-section-end\"><\/span><\/h2>\n\n\n\n<p>T\u00fa<strong> Cortes de cabello rizado para hombres que est\u00e1n de moda en 2023<\/strong> son:<\/p>\n\n\n\n<ul class=\"wp-block-list\">\n<li>Corte de pelo largo y rizado para hombres<\/li>\n\n\n\n<li>Corte de pelo rizado medio para hombres<\/li>\n\n\n\n<li>Corte de pelo corto y rizado para hombres<\/li>\n\n\n\n<li>Corte de pelo rizado para ni\u00f1os<\/li>\n\n\n\n<li>Corte de pelo rizado de los hombres americanos<\/li>\n\n\n\n<li>Corte de pelo rizado bajo para hombres<\/li>\n\n\n\n<li>Corte de pelo rizado degradado para hombres<\/li>\n\n\n\n<li>Corte de pelo rizado para hombres con raya al medio<\/li>\n\n\n\n<li>Corte de pelo rizado desmenuzado para hombres<\/li>\n\n\n\n<li>Corte de pelo rizado en V para hombres<\/li>\n\n\n\n<li>corte de pelo rizado de hombre con flequillo<\/li>\n\n\n\n<li>Corte de pelo rizado marr\u00f3n para hombres<\/li>\n\n\n\n<li>Corte de pelo rizado negro para hombres<\/li>\n\n\n\n<li>Corte de pelo rizado de hombres rubios<\/li>\n\n\n\n<li>Corte de pelo rizado blanco para hombres<\/li>\n\n\n\n<li>Corte de pelo rizado ligero para hombres<\/li>\n<\/ul>\n\n\n\n<script type=\"application\/ld+json\">{\n    \"@context\": \"https:\\\/\\\/schema.org\",\n    \"@type\": \"VideoObject\",\n    \"name\": \"Corte de Cabelo Cacheado Masculino 2023  - Veja 50 inspira\\u00e7\\u00f5es de Corte de Cabelo Cacheado Masculino\",\n    \"description\": \"O corte de cabelo cacheado masculino 2023 chegou para ficar, pois proporciona um visual elegante e moderno. Existem v\\u00e1rias formas de cortar o cabelo cacheado masculino e voc\\u00ea precisa escolher a maneira que mais gosta.\",\n    \"thumbnailUrl\": \"https:\\\/\\\/danidrops.com.br\\\/wp-content\\\/uploads\\\/2023\\\/05\\\/Corte-de-Corte-de-Cabelo-Cacheado-Masculino-2023.jpg\",\n    \"uploadDate\": \"2023-05-03\",\n    \"duration\": \"PT3M23S\",\n    \"contentUrl\": \"https:\\\/\\\/youtu.be\\\/vdki0IS8mpE\",\n    \"embedUrl\": \"https:\\\/\\\/youtu.be\\\/vdki0IS8mpE\",\n    \"potentialAction\": {\n        \"@type\": \"SeekToAction\",\n        \"target\": \"https:\\\/\\\/youtu.be\\\/vdki0IS8mpE={seek_to_second_number}\",\n        \"startOffset-input\": \"required name=seek_to_second_number\"\n    }\n}<\/script>\n\n\n\n<figure class=\"wp-block-embed is-type-video is-provider-youtube wp-block-embed-youtube wp-embed-aspect-16-9 wp-has-aspect-ratio\"><div class=\"wp-block-embed__wrapper\">\n<iframe loading=\"lazy\" title=\"Corte de pelo rizado para hombres 2023: vea 50 inspiraciones de corte de pelo rizado para hombres\" width=\"500\" height=\"281\" src=\"https:\/\/www.youtube.com\/embed\/vdki0IS8mpE?feature=oembed\" frameborder=\"0\" allow=\"accelerometer; autoplay; clipboard-write; encrypted-media; gyroscope; picture-in-picture; web-share\" referrerpolicy=\"strict-origin-when-cross-origin\" allowfullscreen><\/iframe>\n<\/div><figcaption class=\"wp-element-caption\">Corte de pelo rizado para hombres 2023: vea 50 inspiraciones de corte de pelo rizado para hombres<\/figcaption><\/figure>\n\n\n\n<h2 class=\"wp-block-heading\"><span class=\"ez-toc-section\" id=\"Corte_de_Cabelo_cacheado_masculino_longo\"><\/span>Corte de pelo largo y rizado para hombres<span class=\"ez-toc-section-end\"><\/span><\/h2>\n\n\n\n<p>El corte de pelo largo y rizado para hombres es un estilo innovador que \u00faltimamente se ha ganado los corazones de los hombres.<\/p>\n\n\n\n<figure class=\"wp-block-image size-full\"><img loading=\"lazy\" decoding=\"async\" width=\"760\" height=\"555\" src=\"https:\/\/danidrops.com.br\/wp-content\/uploads\/2023\/04\/05-Corte-de-Cabelo-cacheado-masculino-longo.jpg\" alt=\"Corte de pelo largo y rizado para hombres\" class=\"wp-image-71566\" title=\"\" srcset=\"https:\/\/danidrops.com.br\/wp-content\/uploads\/2023\/04\/05-Corte-de-Cabelo-cacheado-masculino-longo.jpg 760w, https:\/\/danidrops.com.br\/wp-content\/uploads\/2023\/04\/05-Corte-de-Cabelo-cacheado-masculino-longo-300x219.jpg 300w, https:\/\/danidrops.com.br\/wp-content\/uploads\/2023\/04\/05-Corte-de-Cabelo-cacheado-masculino-longo-16x12.jpg 16w, https:\/\/danidrops.com.br\/wp-content\/uploads\/2023\/04\/05-Corte-de-Cabelo-cacheado-masculino-longo-150x110.jpg 150w\" sizes=\"auto, (max-width: 760px) 100vw, 760px\" \/><figcaption class=\"wp-element-caption\">Corte de pelo largo y rizado para hombres<\/figcaption><\/figure>\n\n\n\n<p>Este corte suele mantenerse por debajo de la l\u00ednea de los hombros y los rizos quedan bien definidos, proporcionando un volumen controlado y con estilo.<\/p>\n\n\n\n<figure class=\"wp-block-image size-full\"><img loading=\"lazy\" decoding=\"async\" width=\"760\" height=\"555\" src=\"https:\/\/danidrops.com.br\/wp-content\/uploads\/2023\/04\/04-Corte-de-Cabelo-cacheado-masculino-longo.jpg\" alt=\"Corte de pelo largo y rizado para hombres\" class=\"wp-image-71565\" title=\"\" srcset=\"https:\/\/danidrops.com.br\/wp-content\/uploads\/2023\/04\/04-Corte-de-Cabelo-cacheado-masculino-longo.jpg 760w, https:\/\/danidrops.com.br\/wp-content\/uploads\/2023\/04\/04-Corte-de-Cabelo-cacheado-masculino-longo-300x219.jpg 300w, https:\/\/danidrops.com.br\/wp-content\/uploads\/2023\/04\/04-Corte-de-Cabelo-cacheado-masculino-longo-16x12.jpg 16w, https:\/\/danidrops.com.br\/wp-content\/uploads\/2023\/04\/04-Corte-de-Cabelo-cacheado-masculino-longo-150x110.jpg 150w\" sizes=\"auto, (max-width: 760px) 100vw, 760px\" \/><figcaption class=\"wp-element-caption\">Corte de pelo largo y rizado para hombres<\/figcaption><\/figure>\n\n\n\n<h2 class=\"wp-block-heading\"><span class=\"ez-toc-section\" id=\"Corte_de_Cabelo_cacheado_masculino_medio\"><\/span>Corte de pelo rizado medio para hombres<span class=\"ez-toc-section-end\"><\/span><\/h2>\n\n\n\n<p>El corte de pelo rizado de hombre mediano es perfecto para aquellos que quieren un cabello de longitud media, ni corto ni demasiado largo.<\/p>\n\n\n\n<figure class=\"wp-block-image size-full\"><img loading=\"lazy\" decoding=\"async\" width=\"760\" height=\"555\" src=\"https:\/\/danidrops.com.br\/wp-content\/uploads\/2023\/04\/07-Corte-de-Cabelo-cacheado-masculino-medio.jpg\" alt=\"Corte de pelo rizado medio para hombres\" class=\"wp-image-71568\" title=\"\" srcset=\"https:\/\/danidrops.com.br\/wp-content\/uploads\/2023\/04\/07-Corte-de-Cabelo-cacheado-masculino-medio.jpg 760w, https:\/\/danidrops.com.br\/wp-content\/uploads\/2023\/04\/07-Corte-de-Cabelo-cacheado-masculino-medio-300x219.jpg 300w, https:\/\/danidrops.com.br\/wp-content\/uploads\/2023\/04\/07-Corte-de-Cabelo-cacheado-masculino-medio-16x12.jpg 16w, https:\/\/danidrops.com.br\/wp-content\/uploads\/2023\/04\/07-Corte-de-Cabelo-cacheado-masculino-medio-150x110.jpg 150w\" sizes=\"auto, (max-width: 760px) 100vw, 760px\" \/><figcaption class=\"wp-element-caption\">Corte de pelo rizado medio para hombres<\/figcaption><\/figure>\n\n\n\n<p>Su caracter\u00edstica principal es la longitud hasta los hombros, y el corte de pelo de hombre medio rizado 2023 puede ser en capas, recto o en capas.<\/p>\n\n\n\n<figure class=\"wp-block-image size-full\"><img loading=\"lazy\" decoding=\"async\" width=\"760\" height=\"555\" src=\"https:\/\/danidrops.com.br\/wp-content\/uploads\/2023\/04\/06-Corte-de-Cabelo-cacheado-masculino-medio.jpg\" alt=\"Corte de pelo rizado medio para hombres\" class=\"wp-image-71567\" title=\"\" srcset=\"https:\/\/danidrops.com.br\/wp-content\/uploads\/2023\/04\/06-Corte-de-Cabelo-cacheado-masculino-medio.jpg 760w, https:\/\/danidrops.com.br\/wp-content\/uploads\/2023\/04\/06-Corte-de-Cabelo-cacheado-masculino-medio-300x219.jpg 300w, https:\/\/danidrops.com.br\/wp-content\/uploads\/2023\/04\/06-Corte-de-Cabelo-cacheado-masculino-medio-16x12.jpg 16w, https:\/\/danidrops.com.br\/wp-content\/uploads\/2023\/04\/06-Corte-de-Cabelo-cacheado-masculino-medio-150x110.jpg 150w\" sizes=\"auto, (max-width: 760px) 100vw, 760px\" \/><figcaption class=\"wp-element-caption\">Corte de pelo rizado medio para hombres<\/figcaption><\/figure>\n\n\n\n<h2 class=\"wp-block-heading\"><span class=\"ez-toc-section\" id=\"Corte_de_Cabelo_cacheado_masculino_curto\"><\/span>Corte de pelo corto y rizado para hombres<span class=\"ez-toc-section-end\"><\/span><\/h2>\n\n\n\n<p>La gran mayor\u00eda de los hombres optan por el corte de pelo corto y rizado de los hombres.<\/p>\n\n\n\n<p>En general, este tipo de corte mantiene la parte superior de la cabeza m\u00e1s alta y la nuca y los costados m\u00e1s bajos.<\/p>\n\n\n\n<figure class=\"wp-block-image size-full\"><img loading=\"lazy\" decoding=\"async\" width=\"760\" height=\"555\" src=\"https:\/\/danidrops.com.br\/wp-content\/uploads\/2023\/04\/09-Corte-de-Cabelo-cacheado-masculino-curto.jpg\" alt=\"Corte de pelo corto y rizado para hombres\" class=\"wp-image-71570\" title=\"\" srcset=\"https:\/\/danidrops.com.br\/wp-content\/uploads\/2023\/04\/09-Corte-de-Cabelo-cacheado-masculino-curto.jpg 760w, https:\/\/danidrops.com.br\/wp-content\/uploads\/2023\/04\/09-Corte-de-Cabelo-cacheado-masculino-curto-300x219.jpg 300w, https:\/\/danidrops.com.br\/wp-content\/uploads\/2023\/04\/09-Corte-de-Cabelo-cacheado-masculino-curto-16x12.jpg 16w, https:\/\/danidrops.com.br\/wp-content\/uploads\/2023\/04\/09-Corte-de-Cabelo-cacheado-masculino-curto-150x110.jpg 150w\" sizes=\"auto, (max-width: 760px) 100vw, 760px\" \/><figcaption class=\"wp-element-caption\">Corte de pelo corto y rizado para hombres<\/figcaption><\/figure>\n\n\n\n<p>A pesar de ser corto, el corte de pelo rizado para hombre de 2023 valora definici\u00f3n y volumen controlados.<\/p>\n\n\n\n<figure class=\"wp-block-image size-full\"><img loading=\"lazy\" decoding=\"async\" width=\"760\" height=\"555\" src=\"https:\/\/danidrops.com.br\/wp-content\/uploads\/2023\/04\/08-Corte-de-Cabelo-cacheado-masculino-curto.jpg\" alt=\"Corte de pelo corto y rizado para hombres\" class=\"wp-image-71569\" title=\"\" srcset=\"https:\/\/danidrops.com.br\/wp-content\/uploads\/2023\/04\/08-Corte-de-Cabelo-cacheado-masculino-curto.jpg 760w, https:\/\/danidrops.com.br\/wp-content\/uploads\/2023\/04\/08-Corte-de-Cabelo-cacheado-masculino-curto-300x219.jpg 300w, https:\/\/danidrops.com.br\/wp-content\/uploads\/2023\/04\/08-Corte-de-Cabelo-cacheado-masculino-curto-16x12.jpg 16w, https:\/\/danidrops.com.br\/wp-content\/uploads\/2023\/04\/08-Corte-de-Cabelo-cacheado-masculino-curto-150x110.jpg 150w\" sizes=\"auto, (max-width: 760px) 100vw, 760px\" \/><figcaption class=\"wp-element-caption\">Corte de pelo corto y rizado para hombres<\/figcaption><\/figure>\n\n\n\n<h2 class=\"wp-block-heading\"><span class=\"ez-toc-section\" id=\"Corte_de_Cabelo_cacheado_masculino_infantil\"><\/span>Corte de pelo rizado para ni\u00f1os<span class=\"ez-toc-section-end\"><\/span><\/h2>\n\n\n\n<p>El corte de pelo rizado infantil de hombre es otro cl\u00e1sico que encanta a las mam\u00e1s.<\/p>\n\n\n\n<p>Independientemente del tipo de rizo que tenga el ni\u00f1o, los cortes dependen exclusivamente de las preferencias personales de las madres.<\/p>\n\n\n\n<figure class=\"wp-block-image size-full\"><img loading=\"lazy\" decoding=\"async\" width=\"760\" height=\"555\" src=\"https:\/\/danidrops.com.br\/wp-content\/uploads\/2023\/04\/11-Corte-de-Cabelo-cacheado-masculino-infantil.jpg\" alt=\"Corte de pelo rizado para ni\u00f1os\" class=\"wp-image-71572\" title=\"\" srcset=\"https:\/\/danidrops.com.br\/wp-content\/uploads\/2023\/04\/11-Corte-de-Cabelo-cacheado-masculino-infantil.jpg 760w, https:\/\/danidrops.com.br\/wp-content\/uploads\/2023\/04\/11-Corte-de-Cabelo-cacheado-masculino-infantil-300x219.jpg 300w, https:\/\/danidrops.com.br\/wp-content\/uploads\/2023\/04\/11-Corte-de-Cabelo-cacheado-masculino-infantil-16x12.jpg 16w, https:\/\/danidrops.com.br\/wp-content\/uploads\/2023\/04\/11-Corte-de-Cabelo-cacheado-masculino-infantil-150x110.jpg 150w\" sizes=\"auto, (max-width: 760px) 100vw, 760px\" \/><figcaption class=\"wp-element-caption\">Corte de pelo rizado para ni\u00f1os<\/figcaption><\/figure>\n\n\n\n<p>Hay cortes medios, largos y cortos y cuando asocias la raya al costado, el resultado es a\u00fan m\u00e1s sorprendente.<\/p>\n\n\n\n<figure class=\"wp-block-image size-full\"><img loading=\"lazy\" decoding=\"async\" width=\"760\" height=\"555\" src=\"https:\/\/danidrops.com.br\/wp-content\/uploads\/2023\/04\/10-Corte-de-Cabelo-cacheado-masculino-infantil.jpg\" alt=\"Corte de pelo rizado para ni\u00f1os\" class=\"wp-image-71571\" title=\"\" srcset=\"https:\/\/danidrops.com.br\/wp-content\/uploads\/2023\/04\/10-Corte-de-Cabelo-cacheado-masculino-infantil.jpg 760w, https:\/\/danidrops.com.br\/wp-content\/uploads\/2023\/04\/10-Corte-de-Cabelo-cacheado-masculino-infantil-300x219.jpg 300w, https:\/\/danidrops.com.br\/wp-content\/uploads\/2023\/04\/10-Corte-de-Cabelo-cacheado-masculino-infantil-16x12.jpg 16w, https:\/\/danidrops.com.br\/wp-content\/uploads\/2023\/04\/10-Corte-de-Cabelo-cacheado-masculino-infantil-150x110.jpg 150w\" sizes=\"auto, (max-width: 760px) 100vw, 760px\" \/><figcaption class=\"wp-element-caption\">Corte de pelo rizado para ni\u00f1os<\/figcaption><\/figure>\n\n\n\n<h2 class=\"wp-block-heading\"><span class=\"ez-toc-section\" id=\"Corte_de_Cabelo_cacheado_masculino_americano\"><\/span>Corte de pelo rizado de los hombres americanos<span class=\"ez-toc-section-end\"><\/span><\/h2>\n\n\n\n<p>Si quieres un corte cl\u00e1sico, debes optar por <strong><a href=\"https:\/\/danidrops.com.br\/es\/tendencia-de-corte-de-cabelo-americano-2024\/\" data-type=\"link\" data-id=\"https:\/\/danidrops.com.br\/tendencia-de-corte-de-cabelo-americano-2024\/\">Corte de pelo rizado de los hombres americanos.<\/a><\/strong>.<\/p>\n\n\n\n<p>Puede tener los tres largos b\u00e1sicos, corto, mediano y largo y su gran diferencial son los lados rasurados y graduales.<\/p>\n\n\n\n<figure class=\"wp-block-image size-full\"><img loading=\"lazy\" decoding=\"async\" width=\"760\" height=\"555\" src=\"https:\/\/danidrops.com.br\/wp-content\/uploads\/2023\/04\/13-Corte-de-Cabelo-cacheado-masculino-americano.jpg\" alt=\"Corte de pelo rizado de los hombres americanos\" class=\"wp-image-71574\" title=\"\" srcset=\"https:\/\/danidrops.com.br\/wp-content\/uploads\/2023\/04\/13-Corte-de-Cabelo-cacheado-masculino-americano.jpg 760w, https:\/\/danidrops.com.br\/wp-content\/uploads\/2023\/04\/13-Corte-de-Cabelo-cacheado-masculino-americano-300x219.jpg 300w, https:\/\/danidrops.com.br\/wp-content\/uploads\/2023\/04\/13-Corte-de-Cabelo-cacheado-masculino-americano-16x12.jpg 16w, https:\/\/danidrops.com.br\/wp-content\/uploads\/2023\/04\/13-Corte-de-Cabelo-cacheado-masculino-americano-150x110.jpg 150w\" sizes=\"auto, (max-width: 760px) 100vw, 760px\" \/><figcaption class=\"wp-element-caption\">Corte de pelo rizado de los hombres americanos<\/figcaption><\/figure>\n\n\n\n<p>Para hacer el corte a\u00fan m\u00e1s moderno, los hombres pueden optar por la famosa raya o dise\u00f1o en los costados o en la nuca.<\/p>\n\n\n\n<figure class=\"wp-block-image size-full\"><img loading=\"lazy\" decoding=\"async\" width=\"760\" height=\"555\" src=\"https:\/\/danidrops.com.br\/wp-content\/uploads\/2023\/04\/12-Corte-de-Cabelo-cacheado-masculino-americano.jpg\" alt=\"Corte de pelo rizado de los hombres americanos\" class=\"wp-image-71573\" title=\"\" srcset=\"https:\/\/danidrops.com.br\/wp-content\/uploads\/2023\/04\/12-Corte-de-Cabelo-cacheado-masculino-americano.jpg 760w, https:\/\/danidrops.com.br\/wp-content\/uploads\/2023\/04\/12-Corte-de-Cabelo-cacheado-masculino-americano-300x219.jpg 300w, https:\/\/danidrops.com.br\/wp-content\/uploads\/2023\/04\/12-Corte-de-Cabelo-cacheado-masculino-americano-16x12.jpg 16w, https:\/\/danidrops.com.br\/wp-content\/uploads\/2023\/04\/12-Corte-de-Cabelo-cacheado-masculino-americano-150x110.jpg 150w\" sizes=\"auto, (max-width: 760px) 100vw, 760px\" \/><figcaption class=\"wp-element-caption\">Corte de pelo rizado de los hombres americanos<\/figcaption><\/figure>\n\n\n\n<h2 class=\"wp-block-heading\"><span class=\"ez-toc-section\" id=\"Corte_de_Cabelo_cacheado_masculino_baixo\"><\/span>Corte de pelo rizado bajo para hombres<span class=\"ez-toc-section-end\"><\/span><\/h2>\n\n\n\n<p>Hay miles de cortes de cabello corto y rizado para hombres y debes elegir el modelo que mejor se adapte a tu personalidad.<\/p>\n\n\n\n<figure class=\"wp-block-image size-full\"><img loading=\"lazy\" decoding=\"async\" width=\"760\" height=\"555\" src=\"https:\/\/danidrops.com.br\/wp-content\/uploads\/2023\/04\/15-Corte-de-Cabelo-cacheado-masculino-baixo.jpg\" alt=\"Corte de pelo rizado bajo para hombres\" class=\"wp-image-71576\" title=\"\" srcset=\"https:\/\/danidrops.com.br\/wp-content\/uploads\/2023\/04\/15-Corte-de-Cabelo-cacheado-masculino-baixo.jpg 760w, https:\/\/danidrops.com.br\/wp-content\/uploads\/2023\/04\/15-Corte-de-Cabelo-cacheado-masculino-baixo-300x219.jpg 300w, https:\/\/danidrops.com.br\/wp-content\/uploads\/2023\/04\/15-Corte-de-Cabelo-cacheado-masculino-baixo-16x12.jpg 16w, https:\/\/danidrops.com.br\/wp-content\/uploads\/2023\/04\/15-Corte-de-Cabelo-cacheado-masculino-baixo-150x110.jpg 150w\" sizes=\"auto, (max-width: 760px) 100vw, 760px\" \/><figcaption class=\"wp-element-caption\">Corte de pelo rizado bajo para hombres<\/figcaption><\/figure>\n\n\n\n<p>La gran mayor\u00eda tienen los costados bajos o incluso rapados y para diferenciarlos se pueden utilizar dise\u00f1os.<\/p>\n\n\n\n<figure class=\"wp-block-image size-full\"><img loading=\"lazy\" decoding=\"async\" width=\"760\" height=\"555\" src=\"https:\/\/danidrops.com.br\/wp-content\/uploads\/2023\/04\/14-Corte-de-Cabelo-cacheado-masculino-baixo.jpg\" alt=\"Corte de pelo rizado bajo para hombres\" class=\"wp-image-71575\" title=\"\" srcset=\"https:\/\/danidrops.com.br\/wp-content\/uploads\/2023\/04\/14-Corte-de-Cabelo-cacheado-masculino-baixo.jpg 760w, https:\/\/danidrops.com.br\/wp-content\/uploads\/2023\/04\/14-Corte-de-Cabelo-cacheado-masculino-baixo-300x219.jpg 300w, https:\/\/danidrops.com.br\/wp-content\/uploads\/2023\/04\/14-Corte-de-Cabelo-cacheado-masculino-baixo-16x12.jpg 16w, https:\/\/danidrops.com.br\/wp-content\/uploads\/2023\/04\/14-Corte-de-Cabelo-cacheado-masculino-baixo-150x110.jpg 150w\" sizes=\"auto, (max-width: 760px) 100vw, 760px\" \/><figcaption class=\"wp-element-caption\">Corte de pelo rizado bajo para hombres<\/figcaption><\/figure>\n\n\n\n<h2 class=\"wp-block-heading\"><span class=\"ez-toc-section\" id=\"Corte_de_Cabelo_cacheado_masculino_degrade\"><\/span>Corte de pelo rizado degradado para hombres<span class=\"ez-toc-section-end\"><\/span><\/h2>\n\n\n\n<p>El corte degradado es uno de los cl\u00e1sicos en las barber\u00edas. En vista de esto, el corte de cabello degradado de hombres rizados es el m\u00e1s utilizado en la actualidad.<\/p>\n\n\n\n<figure class=\"wp-block-image size-full\"><img loading=\"lazy\" decoding=\"async\" width=\"760\" height=\"555\" src=\"https:\/\/danidrops.com.br\/wp-content\/uploads\/2023\/04\/16-Corte-de-Cabelo-cacheado-masculino-degrade.jpg\" alt=\"Corte de pelo rizado degradado para hombres\" class=\"wp-image-71577\" title=\"\" srcset=\"https:\/\/danidrops.com.br\/wp-content\/uploads\/2023\/04\/16-Corte-de-Cabelo-cacheado-masculino-degrade.jpg 760w, https:\/\/danidrops.com.br\/wp-content\/uploads\/2023\/04\/16-Corte-de-Cabelo-cacheado-masculino-degrade-300x219.jpg 300w, https:\/\/danidrops.com.br\/wp-content\/uploads\/2023\/04\/16-Corte-de-Cabelo-cacheado-masculino-degrade-16x12.jpg 16w, https:\/\/danidrops.com.br\/wp-content\/uploads\/2023\/04\/16-Corte-de-Cabelo-cacheado-masculino-degrade-150x110.jpg 150w\" sizes=\"auto, (max-width: 760px) 100vw, 760px\" \/><figcaption class=\"wp-element-caption\">Corte de pelo rizado degradado para hombres<\/figcaption><\/figure>\n\n\n\n<p>Para hacer un corte de pelo rizado para hombres con estilo 2023, debe buscar profesionales calificados y elegir el que mejor se adapte a su estilo.<\/p>\n\n\n\n<figure class=\"wp-block-image size-full\"><img loading=\"lazy\" decoding=\"async\" width=\"760\" height=\"555\" src=\"https:\/\/danidrops.com.br\/wp-content\/uploads\/2023\/04\/17-Corte-de-Cabelo-cacheado-masculino-degrade.jpg\" alt=\"Corte de pelo rizado degradado para hombres\" class=\"wp-image-71543\" title=\"\" srcset=\"https:\/\/danidrops.com.br\/wp-content\/uploads\/2023\/04\/17-Corte-de-Cabelo-cacheado-masculino-degrade.jpg 760w, https:\/\/danidrops.com.br\/wp-content\/uploads\/2023\/04\/17-Corte-de-Cabelo-cacheado-masculino-degrade-300x219.jpg 300w, https:\/\/danidrops.com.br\/wp-content\/uploads\/2023\/04\/17-Corte-de-Cabelo-cacheado-masculino-degrade-16x12.jpg 16w, https:\/\/danidrops.com.br\/wp-content\/uploads\/2023\/04\/17-Corte-de-Cabelo-cacheado-masculino-degrade-150x110.jpg 150w\" sizes=\"auto, (max-width: 760px) 100vw, 760px\" \/><figcaption class=\"wp-element-caption\">Corte de pelo rizado degradado para hombres<\/figcaption><\/figure>\n\n\n\n<h2 class=\"wp-block-heading\"><span class=\"ez-toc-section\" id=\"Corte_de_Cabelo_cacheado_masculino_dividido_no_meio\"><\/span>Corte de pelo rizado para hombres con raya al medio<span class=\"ez-toc-section-end\"><\/span><\/h2>\n\n\n\n<p>El corte de cabello rizado para hombres con raya al medio es un tipo de peinado que est\u00e1 de moda entre los hombres.<\/p>\n\n\n\n<figure class=\"wp-block-image size-full\"><img loading=\"lazy\" decoding=\"async\" width=\"760\" height=\"555\" src=\"https:\/\/danidrops.com.br\/wp-content\/uploads\/2023\/04\/18-Corte-de-Cabelo-cacheado-masculino-dividido-no-meio.jpg\" alt=\"Corte de pelo rizado para hombres con raya al medio\" class=\"wp-image-71544\" title=\"\" srcset=\"https:\/\/danidrops.com.br\/wp-content\/uploads\/2023\/04\/18-Corte-de-Cabelo-cacheado-masculino-dividido-no-meio.jpg 760w, https:\/\/danidrops.com.br\/wp-content\/uploads\/2023\/04\/18-Corte-de-Cabelo-cacheado-masculino-dividido-no-meio-300x219.jpg 300w, https:\/\/danidrops.com.br\/wp-content\/uploads\/2023\/04\/18-Corte-de-Cabelo-cacheado-masculino-dividido-no-meio-16x12.jpg 16w, https:\/\/danidrops.com.br\/wp-content\/uploads\/2023\/04\/18-Corte-de-Cabelo-cacheado-masculino-dividido-no-meio-150x110.jpg 150w\" sizes=\"auto, (max-width: 760px) 100vw, 760px\" \/><figcaption class=\"wp-element-caption\">Corte de pelo rizado para hombres con raya al medio<\/figcaption><\/figure>\n\n\n\n<p>Se puede realizar con todo tipo de rizos y al utilizar productos espec\u00edficos el resultado es a\u00fan m\u00e1s sorprendente.<\/p>\n\n\n\n<figure class=\"wp-block-image size-full\"><img loading=\"lazy\" decoding=\"async\" width=\"760\" height=\"555\" src=\"https:\/\/danidrops.com.br\/wp-content\/uploads\/2023\/04\/19-Corte-de-Cabelo-cacheado-masculino-dividido-no-meio.jpg\" alt=\"Corte de pelo rizado para hombres con raya al medio\" class=\"wp-image-71545\" title=\"\" srcset=\"https:\/\/danidrops.com.br\/wp-content\/uploads\/2023\/04\/19-Corte-de-Cabelo-cacheado-masculino-dividido-no-meio.jpg 760w, https:\/\/danidrops.com.br\/wp-content\/uploads\/2023\/04\/19-Corte-de-Cabelo-cacheado-masculino-dividido-no-meio-300x219.jpg 300w, https:\/\/danidrops.com.br\/wp-content\/uploads\/2023\/04\/19-Corte-de-Cabelo-cacheado-masculino-dividido-no-meio-16x12.jpg 16w, https:\/\/danidrops.com.br\/wp-content\/uploads\/2023\/04\/19-Corte-de-Cabelo-cacheado-masculino-dividido-no-meio-150x110.jpg 150w\" sizes=\"auto, (max-width: 760px) 100vw, 760px\" \/><figcaption class=\"wp-element-caption\">Corte de pelo rizado para hombres con raya al medio<\/figcaption><\/figure>\n\n\n\n<h2 class=\"wp-block-heading\"><span class=\"ez-toc-section\" id=\"Corte_de_Cabelo_cacheado_masculino_desfiado\"><\/span>Corte de pelo rizado desmenuzado para hombres<span class=\"ez-toc-section-end\"><\/span><\/h2>\n\n\n\n<p>Si quieres un look moderno y sofisticado, el corte de pelo rizado desmenuzado para hombre es la opci\u00f3n correcta.<\/p>\n\n\n\n<figure class=\"wp-block-image size-full\"><img loading=\"lazy\" decoding=\"async\" width=\"760\" height=\"555\" src=\"https:\/\/danidrops.com.br\/wp-content\/uploads\/2023\/04\/21-Corte-de-Cabelo-cacheado-masculino-desfiado.jpg\" alt=\"Corte de pelo rizado desmenuzado para hombres\" class=\"wp-image-71547\" title=\"\" srcset=\"https:\/\/danidrops.com.br\/wp-content\/uploads\/2023\/04\/21-Corte-de-Cabelo-cacheado-masculino-desfiado.jpg 760w, https:\/\/danidrops.com.br\/wp-content\/uploads\/2023\/04\/21-Corte-de-Cabelo-cacheado-masculino-desfiado-300x219.jpg 300w, https:\/\/danidrops.com.br\/wp-content\/uploads\/2023\/04\/21-Corte-de-Cabelo-cacheado-masculino-desfiado-16x12.jpg 16w, https:\/\/danidrops.com.br\/wp-content\/uploads\/2023\/04\/21-Corte-de-Cabelo-cacheado-masculino-desfiado-150x110.jpg 150w\" sizes=\"auto, (max-width: 760px) 100vw, 760px\" \/><figcaption class=\"wp-element-caption\">Corte de pelo rizado desmenuzado para hombres<\/figcaption><\/figure>\n\n\n\n<p>Este tipo de corte es perfecto para realzar el volumen y definir los rizos al mismo tiempo.<\/p>\n\n\n\n<figure class=\"wp-block-image size-full\"><img loading=\"lazy\" decoding=\"async\" width=\"760\" height=\"555\" src=\"https:\/\/danidrops.com.br\/wp-content\/uploads\/2023\/04\/20-Corte-de-Cabelo-cacheado-masculino-desfiado.jpg\" alt=\"Corte de pelo rizado desmenuzado para hombres\" class=\"wp-image-71546\" title=\"\" srcset=\"https:\/\/danidrops.com.br\/wp-content\/uploads\/2023\/04\/20-Corte-de-Cabelo-cacheado-masculino-desfiado.jpg 760w, https:\/\/danidrops.com.br\/wp-content\/uploads\/2023\/04\/20-Corte-de-Cabelo-cacheado-masculino-desfiado-300x219.jpg 300w, https:\/\/danidrops.com.br\/wp-content\/uploads\/2023\/04\/20-Corte-de-Cabelo-cacheado-masculino-desfiado-16x12.jpg 16w, https:\/\/danidrops.com.br\/wp-content\/uploads\/2023\/04\/20-Corte-de-Cabelo-cacheado-masculino-desfiado-150x110.jpg 150w\" sizes=\"auto, (max-width: 760px) 100vw, 760px\" \/><figcaption class=\"wp-element-caption\">Corte de pelo rizado desmenuzado para hombres<\/figcaption><\/figure>\n\n\n\n<h2 class=\"wp-block-heading\"><span class=\"ez-toc-section\" id=\"Corte_de_Cabelo_cacheado_masculino_em_V\"><\/span>Corte de pelo rizado en V para hombres<span class=\"ez-toc-section-end\"><\/span><\/h2>\n\n\n\n<p>El corte de pelo rizado de corte en V para hombres es perfecto para aquellos con cabello largo.<\/p>\n\n\n\n<figure class=\"wp-block-image size-full\"><img loading=\"lazy\" decoding=\"async\" width=\"760\" height=\"555\" src=\"https:\/\/danidrops.com.br\/wp-content\/uploads\/2023\/04\/23-Corte-de-Cabelo-cacheado-masculino-em-V.jpg\" alt=\"Corte de pelo rizado en V para hombres\" class=\"wp-image-71549\" title=\"\" srcset=\"https:\/\/danidrops.com.br\/wp-content\/uploads\/2023\/04\/23-Corte-de-Cabelo-cacheado-masculino-em-V.jpg 760w, https:\/\/danidrops.com.br\/wp-content\/uploads\/2023\/04\/23-Corte-de-Cabelo-cacheado-masculino-em-V-300x219.jpg 300w, https:\/\/danidrops.com.br\/wp-content\/uploads\/2023\/04\/23-Corte-de-Cabelo-cacheado-masculino-em-V-16x12.jpg 16w, https:\/\/danidrops.com.br\/wp-content\/uploads\/2023\/04\/23-Corte-de-Cabelo-cacheado-masculino-em-V-150x110.jpg 150w\" sizes=\"auto, (max-width: 760px) 100vw, 760px\" \/><figcaption class=\"wp-element-caption\">Corte de pelo rizado en V para hombres<\/figcaption><\/figure>\n\n\n\n<p>El corte de cabello rizado para hombres 2023 tiene varias caracter\u00edsticas que los hacen \u00fanicos y el acabado en forma de V es perfecto para hombres elegantes y modernos.<\/p>\n\n\n\n<figure class=\"wp-block-image size-full\"><img loading=\"lazy\" decoding=\"async\" width=\"760\" height=\"555\" src=\"https:\/\/danidrops.com.br\/wp-content\/uploads\/2023\/04\/22-Corte-de-Cabelo-cacheado-masculino-em-V.jpg\" alt=\"Corte de pelo rizado en V para hombres\" class=\"wp-image-71548\" title=\"\" srcset=\"https:\/\/danidrops.com.br\/wp-content\/uploads\/2023\/04\/22-Corte-de-Cabelo-cacheado-masculino-em-V.jpg 760w, https:\/\/danidrops.com.br\/wp-content\/uploads\/2023\/04\/22-Corte-de-Cabelo-cacheado-masculino-em-V-300x219.jpg 300w, https:\/\/danidrops.com.br\/wp-content\/uploads\/2023\/04\/22-Corte-de-Cabelo-cacheado-masculino-em-V-16x12.jpg 16w, https:\/\/danidrops.com.br\/wp-content\/uploads\/2023\/04\/22-Corte-de-Cabelo-cacheado-masculino-em-V-150x110.jpg 150w\" sizes=\"auto, (max-width: 760px) 100vw, 760px\" \/><figcaption class=\"wp-element-caption\">Corte de pelo rizado en V para hombres<\/figcaption><\/figure>\n\n\n\n<h2 class=\"wp-block-heading\"><span class=\"ez-toc-section\" id=\"Corte_de_Cabelo_cacheado_masculino_com_franja\"><\/span>corte de pelo rizado de hombre con flequillo<span class=\"ez-toc-section-end\"><\/span><\/h2>\n\n\n\n<p>Si desea un corte de cabello rizado para hombres con flequillo, debe comprender que elegir el tipo de flequillo es muy importante.<\/p>\n\n\n\n<figure class=\"wp-block-image size-full\"><img loading=\"lazy\" decoding=\"async\" width=\"760\" height=\"555\" src=\"https:\/\/danidrops.com.br\/wp-content\/uploads\/2023\/04\/25-Corte-de-Cabelo-cacheado-masculino-com-franja.jpg\" alt=\"corte de pelo rizado de hombre con flequillo\" class=\"wp-image-71551\" title=\"\" srcset=\"https:\/\/danidrops.com.br\/wp-content\/uploads\/2023\/04\/25-Corte-de-Cabelo-cacheado-masculino-com-franja.jpg 760w, https:\/\/danidrops.com.br\/wp-content\/uploads\/2023\/04\/25-Corte-de-Cabelo-cacheado-masculino-com-franja-300x219.jpg 300w, https:\/\/danidrops.com.br\/wp-content\/uploads\/2023\/04\/25-Corte-de-Cabelo-cacheado-masculino-com-franja-16x12.jpg 16w, https:\/\/danidrops.com.br\/wp-content\/uploads\/2023\/04\/25-Corte-de-Cabelo-cacheado-masculino-com-franja-150x110.jpg 150w\" sizes=\"auto, (max-width: 760px) 100vw, 760px\" \/><figcaption class=\"wp-element-caption\">corte de pelo rizado de hombre con flequillo<\/figcaption><\/figure>\n\n\n\n<p>El flequillo puede ser recto, deshilachado, de lado, media luna y otros, siempre que combinen con el rostro masculino.<\/p>\n\n\n\n<figure class=\"wp-block-image size-full\"><img loading=\"lazy\" decoding=\"async\" width=\"760\" height=\"555\" src=\"https:\/\/danidrops.com.br\/wp-content\/uploads\/2023\/04\/24-Corte-de-Cabelo-cacheado-masculino-com-franja.jpg\" alt=\"corte de pelo rizado de hombre con flequillo\" class=\"wp-image-71550\" title=\"\" srcset=\"https:\/\/danidrops.com.br\/wp-content\/uploads\/2023\/04\/24-Corte-de-Cabelo-cacheado-masculino-com-franja.jpg 760w, https:\/\/danidrops.com.br\/wp-content\/uploads\/2023\/04\/24-Corte-de-Cabelo-cacheado-masculino-com-franja-300x219.jpg 300w, https:\/\/danidrops.com.br\/wp-content\/uploads\/2023\/04\/24-Corte-de-Cabelo-cacheado-masculino-com-franja-16x12.jpg 16w, https:\/\/danidrops.com.br\/wp-content\/uploads\/2023\/04\/24-Corte-de-Cabelo-cacheado-masculino-com-franja-150x110.jpg 150w\" sizes=\"auto, (max-width: 760px) 100vw, 760px\" \/><figcaption class=\"wp-element-caption\">corte de pelo rizado de hombre con flequillo<\/figcaption><\/figure>\n\n\n\n<h2 class=\"wp-block-heading\"><span class=\"ez-toc-section\" id=\"Corte_de_Cabelo_cacheado_masculino_castanho\"><\/span>Corte de pelo rizado marr\u00f3n para hombres<span class=\"ez-toc-section-end\"><\/span><\/h2>\n\n\n\n<p>El corte de pelo rizado de los hombres casta\u00f1os es uno de los m\u00e1s comunes entre los hombres.<\/p>\n\n\n\n<p>Este color es s\u00faper moderno y vers\u00e1til y va bien con todo tipo de pieles y fondos de cabello.<\/p>\n\n\n\n<figure class=\"wp-block-image size-full\"><img loading=\"lazy\" decoding=\"async\" width=\"760\" height=\"555\" src=\"https:\/\/danidrops.com.br\/wp-content\/uploads\/2023\/04\/27-Corte-de-Cabelo-cacheado-masculino-castanho.jpg\" alt=\"Corte de pelo rizado marr\u00f3n para hombres\" class=\"wp-image-71553\" title=\"\" srcset=\"https:\/\/danidrops.com.br\/wp-content\/uploads\/2023\/04\/27-Corte-de-Cabelo-cacheado-masculino-castanho.jpg 760w, https:\/\/danidrops.com.br\/wp-content\/uploads\/2023\/04\/27-Corte-de-Cabelo-cacheado-masculino-castanho-300x219.jpg 300w, https:\/\/danidrops.com.br\/wp-content\/uploads\/2023\/04\/27-Corte-de-Cabelo-cacheado-masculino-castanho-16x12.jpg 16w, https:\/\/danidrops.com.br\/wp-content\/uploads\/2023\/04\/27-Corte-de-Cabelo-cacheado-masculino-castanho-150x110.jpg 150w\" sizes=\"auto, (max-width: 760px) 100vw, 760px\" \/><figcaption class=\"wp-element-caption\">Corte de pelo rizado marr\u00f3n para hombres<\/figcaption><\/figure>\n\n\n\n<p>Para realzar la tonalidad del casta\u00f1o, puedes incluso a\u00f1adir puntos de luz al corte de pelo rizado de hombre 2023.<\/p>\n\n\n\n<figure class=\"wp-block-image size-full\"><img loading=\"lazy\" decoding=\"async\" width=\"760\" height=\"555\" src=\"https:\/\/danidrops.com.br\/wp-content\/uploads\/2023\/04\/26-Corte-de-Cabelo-cacheado-masculino-castanho.jpg\" alt=\"Corte de pelo rizado marr\u00f3n para hombres\" class=\"wp-image-71552\" title=\"\" srcset=\"https:\/\/danidrops.com.br\/wp-content\/uploads\/2023\/04\/26-Corte-de-Cabelo-cacheado-masculino-castanho.jpg 760w, https:\/\/danidrops.com.br\/wp-content\/uploads\/2023\/04\/26-Corte-de-Cabelo-cacheado-masculino-castanho-300x219.jpg 300w, https:\/\/danidrops.com.br\/wp-content\/uploads\/2023\/04\/26-Corte-de-Cabelo-cacheado-masculino-castanho-16x12.jpg 16w, https:\/\/danidrops.com.br\/wp-content\/uploads\/2023\/04\/26-Corte-de-Cabelo-cacheado-masculino-castanho-150x110.jpg 150w\" sizes=\"auto, (max-width: 760px) 100vw, 760px\" \/><figcaption class=\"wp-element-caption\">Corte de pelo rizado marr\u00f3n para hombres<\/figcaption><\/figure>\n\n\n\n<p>Estos puntos de luz pueden ser m\u00e1s claros o m\u00e1s oscuros que el tono natural de las hebras, brindando hermosos resultados.<\/p>\n\n\n\n<h2 class=\"wp-block-heading\"><span class=\"ez-toc-section\" id=\"Corte_de_Cabelo_cacheado_masculino_preto\"><\/span>Corte de pelo rizado negro para hombres<span class=\"ez-toc-section-end\"><\/span><\/h2>\n\n\n\n<p>El corte de pelo rizado negro para hombre es otro cl\u00e1sico que nunca pasa de moda.<\/p>\n\n\n\n<figure class=\"wp-block-image size-full\"><img loading=\"lazy\" decoding=\"async\" width=\"760\" height=\"555\" src=\"https:\/\/danidrops.com.br\/wp-content\/uploads\/2023\/04\/29-Corte-de-Cabelo-cacheado-masculino-preto.jpg\" alt=\"Corte de pelo rizado negro para hombres\" class=\"wp-image-71555\" title=\"\" srcset=\"https:\/\/danidrops.com.br\/wp-content\/uploads\/2023\/04\/29-Corte-de-Cabelo-cacheado-masculino-preto.jpg 760w, https:\/\/danidrops.com.br\/wp-content\/uploads\/2023\/04\/29-Corte-de-Cabelo-cacheado-masculino-preto-300x219.jpg 300w, https:\/\/danidrops.com.br\/wp-content\/uploads\/2023\/04\/29-Corte-de-Cabelo-cacheado-masculino-preto-16x12.jpg 16w, https:\/\/danidrops.com.br\/wp-content\/uploads\/2023\/04\/29-Corte-de-Cabelo-cacheado-masculino-preto-150x110.jpg 150w\" sizes=\"auto, (max-width: 760px) 100vw, 760px\" \/><figcaption class=\"wp-element-caption\">Corte de pelo rizado negro para hombres<\/figcaption><\/figure>\n\n\n\n<p>El cabello negro es b\u00e1sico y combina con todos los estilos. Son brillantes y dan un aspecto elegante cuando los rizos est\u00e1n bien definidos.<\/p>\n\n\n\n<figure class=\"wp-block-image size-full\"><img loading=\"lazy\" decoding=\"async\" width=\"760\" height=\"555\" src=\"https:\/\/danidrops.com.br\/wp-content\/uploads\/2023\/04\/28-Corte-de-Cabelo-cacheado-masculino-preto.jpg\" alt=\"Corte de pelo rizado negro para hombres\" class=\"wp-image-71554\" title=\"\" srcset=\"https:\/\/danidrops.com.br\/wp-content\/uploads\/2023\/04\/28-Corte-de-Cabelo-cacheado-masculino-preto.jpg 760w, https:\/\/danidrops.com.br\/wp-content\/uploads\/2023\/04\/28-Corte-de-Cabelo-cacheado-masculino-preto-300x219.jpg 300w, https:\/\/danidrops.com.br\/wp-content\/uploads\/2023\/04\/28-Corte-de-Cabelo-cacheado-masculino-preto-16x12.jpg 16w, https:\/\/danidrops.com.br\/wp-content\/uploads\/2023\/04\/28-Corte-de-Cabelo-cacheado-masculino-preto-150x110.jpg 150w\" sizes=\"auto, (max-width: 760px) 100vw, 760px\" \/><figcaption class=\"wp-element-caption\">Corte de pelo rizado negro para hombres<\/figcaption><\/figure>\n\n\n\n<h2 class=\"wp-block-heading\"><span class=\"ez-toc-section\" id=\"Corte_de_Cabelo_cacheado_masculino_loiro\"><\/span>Corte de pelo rizado de hombres rubios<span class=\"ez-toc-section-end\"><\/span><\/h2>\n\n\n\n<p>El corte de pelo rizado de los hombres rubios es un poco menos com\u00fan.<\/p>\n\n\n\n<figure class=\"wp-block-image size-full\"><img loading=\"lazy\" decoding=\"async\" width=\"760\" height=\"555\" src=\"https:\/\/danidrops.com.br\/wp-content\/uploads\/2023\/04\/31-Corte-de-Cabelo-cacheado-masculino-loiro.jpg\" alt=\"Corte de pelo rizado de hombres rubios\" class=\"wp-image-71557\" title=\"\" srcset=\"https:\/\/danidrops.com.br\/wp-content\/uploads\/2023\/04\/31-Corte-de-Cabelo-cacheado-masculino-loiro.jpg 760w, https:\/\/danidrops.com.br\/wp-content\/uploads\/2023\/04\/31-Corte-de-Cabelo-cacheado-masculino-loiro-300x219.jpg 300w, https:\/\/danidrops.com.br\/wp-content\/uploads\/2023\/04\/31-Corte-de-Cabelo-cacheado-masculino-loiro-16x12.jpg 16w, https:\/\/danidrops.com.br\/wp-content\/uploads\/2023\/04\/31-Corte-de-Cabelo-cacheado-masculino-loiro-150x110.jpg 150w\" sizes=\"auto, (max-width: 760px) 100vw, 760px\" \/><figcaption class=\"wp-element-caption\">Corte de pelo rizado de hombres rubios<\/figcaption><\/figure>\n\n\n\n<p>Existen varios tonos de rubio y todos brindan hermosos looks, ya sean naturales o artificiales.<\/p>\n\n\n\n<figure class=\"wp-block-image size-full\"><img loading=\"lazy\" decoding=\"async\" width=\"760\" height=\"555\" src=\"https:\/\/danidrops.com.br\/wp-content\/uploads\/2023\/04\/30-Corte-de-Cabelo-cacheado-masculino-loiro.jpg\" alt=\"Corte de pelo rizado de hombres rubios\" class=\"wp-image-71556\" title=\"\" srcset=\"https:\/\/danidrops.com.br\/wp-content\/uploads\/2023\/04\/30-Corte-de-Cabelo-cacheado-masculino-loiro.jpg 760w, https:\/\/danidrops.com.br\/wp-content\/uploads\/2023\/04\/30-Corte-de-Cabelo-cacheado-masculino-loiro-300x219.jpg 300w, https:\/\/danidrops.com.br\/wp-content\/uploads\/2023\/04\/30-Corte-de-Cabelo-cacheado-masculino-loiro-16x12.jpg 16w, https:\/\/danidrops.com.br\/wp-content\/uploads\/2023\/04\/30-Corte-de-Cabelo-cacheado-masculino-loiro-150x110.jpg 150w\" sizes=\"auto, (max-width: 760px) 100vw, 760px\" \/><figcaption class=\"wp-element-caption\">Corte de pelo rizado de hombres rubios<\/figcaption><\/figure>\n\n\n\n<p>Las luces o mechas tambi\u00e9n son muy habituales en el corte de pelo rizado para hombre rubio 2023, ya que iluminan y dan vida al rostro.<\/p>\n\n\n\n<h2 class=\"wp-block-heading\"><span class=\"ez-toc-section\" id=\"Corte_de_Cabelo_cacheado_masculino_branco\"><\/span>Corte de pelo rizado blanco para hombres<span class=\"ez-toc-section-end\"><\/span><\/h2>\n\n\n\n<p>Un look s\u00faper diferente es el corte de pelo rizado de los hombres blancos. El color blanco es dif\u00edcil de mantener y por ello no es tan com\u00fan entre los hombres.<\/p>\n\n\n\n<figure class=\"wp-block-image size-full\"><img loading=\"lazy\" decoding=\"async\" width=\"760\" height=\"555\" src=\"https:\/\/danidrops.com.br\/wp-content\/uploads\/2023\/04\/33-Corte-de-Cabelo-cacheado-masculino-branco.jpg\" alt=\"Corte de pelo rizado blanco para hombres\" class=\"wp-image-71559\" title=\"\" srcset=\"https:\/\/danidrops.com.br\/wp-content\/uploads\/2023\/04\/33-Corte-de-Cabelo-cacheado-masculino-branco.jpg 760w, https:\/\/danidrops.com.br\/wp-content\/uploads\/2023\/04\/33-Corte-de-Cabelo-cacheado-masculino-branco-300x219.jpg 300w, https:\/\/danidrops.com.br\/wp-content\/uploads\/2023\/04\/33-Corte-de-Cabelo-cacheado-masculino-branco-16x12.jpg 16w, https:\/\/danidrops.com.br\/wp-content\/uploads\/2023\/04\/33-Corte-de-Cabelo-cacheado-masculino-branco-150x110.jpg 150w\" sizes=\"auto, (max-width: 760px) 100vw, 760px\" \/><figcaption class=\"wp-element-caption\">Corte de pelo rizado blanco para hombres<\/figcaption><\/figure>\n\n\n\n<p>A pesar de ello, el corte de pelo rizado blanco para hombre 2023 es perfecto, atrevido y el resultado encanta a todos.<\/p>\n\n\n\n<figure class=\"wp-block-image size-full\"><img loading=\"lazy\" decoding=\"async\" width=\"760\" height=\"555\" src=\"https:\/\/danidrops.com.br\/wp-content\/uploads\/2023\/04\/32-Corte-de-Cabelo-cacheado-masculino-branco.jpg\" alt=\"Corte de pelo rizado blanco para hombres\" class=\"wp-image-71558\" title=\"\" srcset=\"https:\/\/danidrops.com.br\/wp-content\/uploads\/2023\/04\/32-Corte-de-Cabelo-cacheado-masculino-branco.jpg 760w, https:\/\/danidrops.com.br\/wp-content\/uploads\/2023\/04\/32-Corte-de-Cabelo-cacheado-masculino-branco-300x219.jpg 300w, https:\/\/danidrops.com.br\/wp-content\/uploads\/2023\/04\/32-Corte-de-Cabelo-cacheado-masculino-branco-16x12.jpg 16w, https:\/\/danidrops.com.br\/wp-content\/uploads\/2023\/04\/32-Corte-de-Cabelo-cacheado-masculino-branco-150x110.jpg 150w\" sizes=\"auto, (max-width: 760px) 100vw, 760px\" \/><figcaption class=\"wp-element-caption\">Corte de pelo rizado blanco para hombres<\/figcaption><\/figure>\n\n\n\n<h2 class=\"wp-block-heading\"><span class=\"ez-toc-section\" id=\"Corte_de_Cabelo_cacheado_masculino_iluminado\"><\/span>Corte de pelo rizado ligero para hombres<span class=\"ez-toc-section-end\"><\/span><\/h2>\n\n\n\n<p>El corte de pelo rizado claro para hombres es perfecto para resaltar los puntos fuertes de la cara.<\/p>\n\n\n\n<figure class=\"wp-block-image size-full\"><img loading=\"lazy\" decoding=\"async\" width=\"760\" height=\"555\" src=\"https:\/\/danidrops.com.br\/wp-content\/uploads\/2023\/04\/35-Corte-de-Cabelo-cacheado-masculino-iluminado.jpg\" alt=\"Corte de pelo rizado ligero para hombres\" class=\"wp-image-71561\" title=\"\" srcset=\"https:\/\/danidrops.com.br\/wp-content\/uploads\/2023\/04\/35-Corte-de-Cabelo-cacheado-masculino-iluminado.jpg 760w, https:\/\/danidrops.com.br\/wp-content\/uploads\/2023\/04\/35-Corte-de-Cabelo-cacheado-masculino-iluminado-300x219.jpg 300w, https:\/\/danidrops.com.br\/wp-content\/uploads\/2023\/04\/35-Corte-de-Cabelo-cacheado-masculino-iluminado-16x12.jpg 16w, https:\/\/danidrops.com.br\/wp-content\/uploads\/2023\/04\/35-Corte-de-Cabelo-cacheado-masculino-iluminado-150x110.jpg 150w\" sizes=\"auto, (max-width: 760px) 100vw, 760px\" \/><figcaption class=\"wp-element-caption\">Corte de pelo rizado ligero para hombres<\/figcaption><\/figure>\n\n\n\n<p>La iluminaci\u00f3n se puede realizar en cualquier color, siempre que sea m\u00e1s claro que el tono natural de las hebras.<\/p>\n\n\n\n<p>Este look es s\u00faper moderno y elegante, por lo tanto, es la principal opci\u00f3n entre los hombres que quieren causar una buena impresi\u00f3n en cualquier lugar.<\/p>\n\n\n\n<figure class=\"wp-block-image size-full\"><img loading=\"lazy\" decoding=\"async\" width=\"760\" height=\"555\" src=\"https:\/\/danidrops.com.br\/wp-content\/uploads\/2023\/04\/34-Corte-de-Cabelo-cacheado-masculino-iluminado.jpg\" alt=\"Corte de pelo rizado ligero para hombres\" class=\"wp-image-71560\" title=\"\" srcset=\"https:\/\/danidrops.com.br\/wp-content\/uploads\/2023\/04\/34-Corte-de-Cabelo-cacheado-masculino-iluminado.jpg 760w, https:\/\/danidrops.com.br\/wp-content\/uploads\/2023\/04\/34-Corte-de-Cabelo-cacheado-masculino-iluminado-300x219.jpg 300w, https:\/\/danidrops.com.br\/wp-content\/uploads\/2023\/04\/34-Corte-de-Cabelo-cacheado-masculino-iluminado-16x12.jpg 16w, https:\/\/danidrops.com.br\/wp-content\/uploads\/2023\/04\/34-Corte-de-Cabelo-cacheado-masculino-iluminado-150x110.jpg 150w\" sizes=\"auto, (max-width: 760px) 100vw, 760px\" \/><figcaption class=\"wp-element-caption\">Corte de pelo rizado ligero para hombres<\/figcaption><\/figure>\n<div id=\"ez-toc-container\" class=\"ez-toc-v2_0_76 counter-hierarchy ez-toc-counter ez-toc-grey ez-toc-container-direction\">\n<p class=\"ez-toc-title\" style=\"cursor:inherit\">Leer\u00e1s este art\u00edculo<\/p>\n<label for=\"ez-toc-cssicon-toggle-item-69f4cd5a7d437\" class=\"ez-toc-cssicon-toggle-label\"><span class=\"ez-toc-cssicon\"><span class=\"eztoc-hide\" style=\"display:none;\">Palanca<\/span><span class=\"ez-toc-icon-toggle-span\"><svg style=\"fill: #999;color:#999\" xmlns=\"http:\/\/www.w3.org\/2000\/svg\" class=\"list-377408\" width=\"20px\" height=\"20px\" viewbox=\"0 0 24 24\" fill=\"none\"><path d=\"M6 6H4v2h2V6zm14 0H8v2h12V6zM4 11h2v2H4v-2zm16 0H8v2h12v-2zM4 16h2v2H4v-2zm16 0H8v2h12v-2z\" fill=\"currentColor\"><\/path><\/svg><svg style=\"fill: #999;color:#999\" class=\"arrow-unsorted-368013\" xmlns=\"http:\/\/www.w3.org\/2000\/svg\" width=\"10px\" height=\"10px\" viewbox=\"0 0 24 24\" version=\"1.2\" baseprofile=\"tiny\"><path d=\"M18.2 9.3l-6.2-6.3-6.2 6.3c-.2.2-.3.4-.3.7s.1.5.3.7c.2.2.4.3.7.3h11c.3 0 .5-.1.7-.3.2-.2.3-.5.3-.7s-.1-.5-.3-.7zM5.8 14.7l6.2 6.3 6.2-6.3c.2-.2.3-.5.3-.7s-.1-.5-.3-.7c-.2-.2-.4-.3-.7-.3h-11c-.3 0-.5.1-.7.3-.2.2-.3.5-.3.7s.1.5.3.7z\"\/><\/svg><\/span><\/span><\/label><input type=\"checkbox\"  id=\"ez-toc-cssicon-toggle-item-69f4cd5a7d437\"  aria-label=\"Palanca\" \/><nav><ul class='ez-toc-list ez-toc-list-level-1' ><li class='ez-toc-page-1 ez-toc-heading-level-2'><a class=\"ez-toc-link ez-toc-heading-1\" href=\"https:\/\/danidrops.com.br\/es\/corte-de-pelo-rizado-para-hombres\/#Quais_os_cortes_de_cabelo_cacheado_masculino_serao_tendencia_em_2023\" >\u00bfQu\u00e9 cortes de cabello rizado para hombres ser\u00e1n tendencia en 2023?<\/a><\/li><li class='ez-toc-page-1 ez-toc-heading-level-2'><a class=\"ez-toc-link ez-toc-heading-2\" href=\"https:\/\/danidrops.com.br\/es\/corte-de-pelo-rizado-para-hombres\/#Corte_de_Cabelo_cacheado_masculino_longo\" >Corte de pelo largo y rizado para hombres<\/a><\/li><li class='ez-toc-page-1 ez-toc-heading-level-2'><a class=\"ez-toc-link ez-toc-heading-3\" href=\"https:\/\/danidrops.com.br\/es\/corte-de-pelo-rizado-para-hombres\/#Corte_de_Cabelo_cacheado_masculino_medio\" >Corte de pelo rizado medio para hombres<\/a><\/li><li class='ez-toc-page-1 ez-toc-heading-level-2'><a class=\"ez-toc-link ez-toc-heading-4\" href=\"https:\/\/danidrops.com.br\/es\/corte-de-pelo-rizado-para-hombres\/#Corte_de_Cabelo_cacheado_masculino_curto\" >Corte de pelo corto y rizado para hombres<\/a><\/li><li class='ez-toc-page-1 ez-toc-heading-level-2'><a class=\"ez-toc-link ez-toc-heading-5\" href=\"https:\/\/danidrops.com.br\/es\/corte-de-pelo-rizado-para-hombres\/#Corte_de_Cabelo_cacheado_masculino_infantil\" >Corte de pelo rizado para ni\u00f1os<\/a><\/li><li class='ez-toc-page-1 ez-toc-heading-level-2'><a class=\"ez-toc-link ez-toc-heading-6\" href=\"https:\/\/danidrops.com.br\/es\/corte-de-pelo-rizado-para-hombres\/#Corte_de_Cabelo_cacheado_masculino_americano\" >Corte de pelo rizado de los hombres americanos<\/a><\/li><li class='ez-toc-page-1 ez-toc-heading-level-2'><a class=\"ez-toc-link ez-toc-heading-7\" href=\"https:\/\/danidrops.com.br\/es\/corte-de-pelo-rizado-para-hombres\/#Corte_de_Cabelo_cacheado_masculino_baixo\" >Corte de pelo rizado bajo para hombres<\/a><\/li><li class='ez-toc-page-1 ez-toc-heading-level-2'><a class=\"ez-toc-link ez-toc-heading-8\" href=\"https:\/\/danidrops.com.br\/es\/corte-de-pelo-rizado-para-hombres\/#Corte_de_Cabelo_cacheado_masculino_degrade\" >Corte de pelo rizado degradado para hombres<\/a><\/li><li class='ez-toc-page-1 ez-toc-heading-level-2'><a class=\"ez-toc-link ez-toc-heading-9\" href=\"https:\/\/danidrops.com.br\/es\/corte-de-pelo-rizado-para-hombres\/#Corte_de_Cabelo_cacheado_masculino_dividido_no_meio\" >Corte de pelo rizado para hombres con raya al medio<\/a><\/li><li class='ez-toc-page-1 ez-toc-heading-level-2'><a class=\"ez-toc-link ez-toc-heading-10\" href=\"https:\/\/danidrops.com.br\/es\/corte-de-pelo-rizado-para-hombres\/#Corte_de_Cabelo_cacheado_masculino_desfiado\" >Corte de pelo rizado desmenuzado para hombres<\/a><\/li><li class='ez-toc-page-1 ez-toc-heading-level-2'><a class=\"ez-toc-link ez-toc-heading-11\" href=\"https:\/\/danidrops.com.br\/es\/corte-de-pelo-rizado-para-hombres\/#Corte_de_Cabelo_cacheado_masculino_em_V\" >Corte de pelo rizado en V para hombres<\/a><\/li><li class='ez-toc-page-1 ez-toc-heading-level-2'><a class=\"ez-toc-link ez-toc-heading-12\" href=\"https:\/\/danidrops.com.br\/es\/corte-de-pelo-rizado-para-hombres\/#Corte_de_Cabelo_cacheado_masculino_com_franja\" >corte de pelo rizado de hombre con flequillo<\/a><\/li><li class='ez-toc-page-1 ez-toc-heading-level-2'><a class=\"ez-toc-link ez-toc-heading-13\" href=\"https:\/\/danidrops.com.br\/es\/corte-de-pelo-rizado-para-hombres\/#Corte_de_Cabelo_cacheado_masculino_castanho\" >Corte de pelo rizado marr\u00f3n para hombres<\/a><\/li><li class='ez-toc-page-1 ez-toc-heading-level-2'><a class=\"ez-toc-link ez-toc-heading-14\" href=\"https:\/\/danidrops.com.br\/es\/corte-de-pelo-rizado-para-hombres\/#Corte_de_Cabelo_cacheado_masculino_preto\" >Corte de pelo rizado negro para hombres<\/a><\/li><li class='ez-toc-page-1 ez-toc-heading-level-2'><a class=\"ez-toc-link ez-toc-heading-15\" href=\"https:\/\/danidrops.com.br\/es\/corte-de-pelo-rizado-para-hombres\/#Corte_de_Cabelo_cacheado_masculino_loiro\" >Corte de pelo rizado de hombres rubios<\/a><\/li><li class='ez-toc-page-1 ez-toc-heading-level-2'><a class=\"ez-toc-link ez-toc-heading-16\" href=\"https:\/\/danidrops.com.br\/es\/corte-de-pelo-rizado-para-hombres\/#Corte_de_Cabelo_cacheado_masculino_branco\" >Corte de pelo rizado blanco para hombres<\/a><\/li><li class='ez-toc-page-1 ez-toc-heading-level-2'><a class=\"ez-toc-link ez-toc-heading-17\" href=\"https:\/\/danidrops.com.br\/es\/corte-de-pelo-rizado-para-hombres\/#Corte_de_Cabelo_cacheado_masculino_iluminado\" >Corte de pelo rizado ligero para hombres<\/a><\/li><\/ul><\/nav><\/div>","protected":false},"excerpt":{"rendered":"<p>O corte de cabelo cacheado masculino 2023 chegou para ficar, pois proporciona um visual elegante e moderno. Existem v\u00e1rias formas de cortar o cabelo cacheado&hellip;<\/p>","protected":false},"author":1,"featured_media":71563,"comment_status":"open","ping_status":"open","sticky":false,"template":"","format":"standard","meta":{"footnotes":""},"categories":[439],"tags":[],"class_list":["post-71538","post","type-post","status-publish","format-standard","has-post-thumbnail","hentry","category-cabelo"],"_links":{"self":[{"href":"https:\/\/danidrops.com.br\/es\/wp-json\/wp\/v2\/posts\/71538","targetHints":{"allow":["GET"]}}],"collection":[{"href":"https:\/\/danidrops.com.br\/es\/wp-json\/wp\/v2\/posts"}],"about":[{"href":"https:\/\/danidrops.com.br\/es\/wp-json\/wp\/v2\/types\/post"}],"author":[{"embeddable":true,"href":"https:\/\/danidrops.com.br\/es\/wp-json\/wp\/v2\/users\/1"}],"replies":[{"embeddable":true,"href":"https:\/\/danidrops.com.br\/es\/wp-json\/wp\/v2\/comments?post=71538"}],"version-history":[{"count":0,"href":"https:\/\/danidrops.com.br\/es\/wp-json\/wp\/v2\/posts\/71538\/revisions"}],"wp:featuredmedia":[{"embeddable":true,"href":"https:\/\/danidrops.com.br\/es\/wp-json\/wp\/v2\/media\/71563"}],"wp:attachment":[{"href":"https:\/\/danidrops.com.br\/es\/wp-json\/wp\/v2\/media?parent=71538"}],"wp:term":[{"taxonomy":"category","embeddable":true,"href":"https:\/\/danidrops.com.br\/es\/wp-json\/wp\/v2\/categories?post=71538"},{"taxonomy":"post_tag","embeddable":true,"href":"https:\/\/danidrops.com.br\/es\/wp-json\/wp\/v2\/tags?post=71538"}],"curies":[{"name":"gracias","href":"https:\/\/api.w.org\/{rel}","templated":true}]}}