{"id":80111,"date":"2023-08-06T03:38:25","date_gmt":"2023-08-06T06:38:25","guid":{"rendered":"https:\/\/danidrops.com.br\/?p=80111"},"modified":"2024-01-29T01:37:10","modified_gmt":"2024-01-29T04:37:10","slug":"flequillo-cortina","status":"publish","type":"post","link":"https:\/\/danidrops.com.br\/es\/flequillo-cortina\/","title":{"rendered":"Flequillo Cortina - vea m\u00e1s de 70 inspiraciones de corte con flequillo de cortina para cambiar la apariencia"},"content":{"rendered":"<p>La <strong>Flequillo Cortina<\/strong> Es un modelo s\u00faper vers\u00e1til y moderno, perfecto para mujeres empoderadas y sofisticadas. Su aspecto partido por la mitad, dejando una raya a cada lado del rostro y enmarc\u00e1ndolo, lo hace especial y hermoso.<\/p>\n\n\n\n<p>El resultado es a\u00fan m\u00e1s bonito, ya que el acabado del flequillo queda triturado y alargado, aportando un aspecto relajado y juvenil. <\/p>\n\n\n\n<div class=\"container2\">\n    <div class=\"coluna coluna1\">\n        <!-- Conte\u00fado da primeira coluna -->\n        <img decoding=\"async\" src=\"https:\/\/danidrops.com.br\/wp-content\/uploads\/2023\/10\/corte-de-cabelo-2024-1.gif\" alt=\"Corte de pelo 2024\" title=\"\">\n    <\/div>\n    <div class=\"coluna coluna2\">\n        <!-- Conte\u00fado da segunda coluna -->\n        <p class=\"titulo1\">vea <strong>150 inspiraciones de cortes de cabello para mujeres.<\/strong> largo, medio, corto, rizado y rizado. <\/p>\n        <a class=\"cta-button\" href=\"https:\/\/danidrops.com.br\/es\/tendencia-de-corte-de-pelo-para-mujeres-2025\/\" title=\"Cortes de cabello 2024\">Tendencia de corte de pelo 2024<\/a>\n    <\/div>\n<\/div>\n<script type=\"application\/ld+json\">{\n    \"@context\": \"http:\\\/\\\/schema.org\",\n    \"@type\": \"Action\",\n    \"name\": \"Corte de Cabelo 2024\",\n    \"description\": \"Ao clicar, voc\\u00ea vai acessar a p\\u00e1gina com Cortes de Cabelo 2024 e ver\\u00e1 mais de 150 inspira\\u00e7\\u00f5es e tend\\u00eancias de cortes de cabelo feminino.\",\n    \"target\": {\n        \"@type\": \"EntryPoint\",\n        \"urlTemplate\": \"https:\\\/\\\/danidrops.com.br\\\/tendencia-corte-de-cabelo-feminino-2025\\\/\"\n    }\n}<\/script>\n\n\n\n<figure class=\"wp-block-image size-full\"><img loading=\"lazy\" decoding=\"async\" width=\"760\" height=\"555\" src=\"https:\/\/danidrops.com.br\/wp-content\/uploads\/2023\/08\/01-Franja-Cortina.jpg\" alt=\"Flequillo Cortina\" class=\"wp-image-80203\" title=\"\" srcset=\"https:\/\/danidrops.com.br\/wp-content\/uploads\/2023\/08\/01-Franja-Cortina.jpg 760w, https:\/\/danidrops.com.br\/wp-content\/uploads\/2023\/08\/01-Franja-Cortina-300x219.jpg 300w, https:\/\/danidrops.com.br\/wp-content\/uploads\/2023\/08\/01-Franja-Cortina-16x12.jpg 16w, https:\/\/danidrops.com.br\/wp-content\/uploads\/2023\/08\/01-Franja-Cortina-150x110.jpg 150w\" sizes=\"auto, (max-width: 760px) 100vw, 760px\" \/><figcaption class=\"wp-element-caption\">Flequillo Cortina<\/figcaption><\/figure>\n\n\n\n<p>Con estas caracter\u00edsticas, este corte de flecos es perfecto para acompa\u00f1arte a cualquier evento.<\/p>\n\n\n\n<figure class=\"wp-block-image size-full\"><img loading=\"lazy\" decoding=\"async\" width=\"760\" height=\"555\" src=\"https:\/\/danidrops.com.br\/wp-content\/uploads\/2023\/08\/24-Franja-Cortina.jpg\" alt=\"Flequillo Cortina\" class=\"wp-image-80202\" title=\"\" srcset=\"https:\/\/danidrops.com.br\/wp-content\/uploads\/2023\/08\/24-Franja-Cortina.jpg 760w, https:\/\/danidrops.com.br\/wp-content\/uploads\/2023\/08\/24-Franja-Cortina-300x219.jpg 300w, https:\/\/danidrops.com.br\/wp-content\/uploads\/2023\/08\/24-Franja-Cortina-16x12.jpg 16w, https:\/\/danidrops.com.br\/wp-content\/uploads\/2023\/08\/24-Franja-Cortina-150x110.jpg 150w\" sizes=\"auto, (max-width: 760px) 100vw, 760px\" \/><figcaption class=\"wp-element-caption\">Flequillo Cortina<\/figcaption><\/figure>\n\n\n\n<script type=\"application\/ld+json\">{\n    \"@context\": \"https:\\\/\\\/schema.org\",\n    \"@type\": \"VideoObject\",\n    \"name\": \"Franja Cortina - Veja mais de 70 inspira\\u00e7\\u00f5es de corte com franja cortina para mudar o visual\",\n    \"description\": \"A franja cortina \\u00e9 um modelo super vers\\u00e1til e moderno, perfeito para mulheres empoderadas e sofisticadas.\",\n    \"thumbnailUrl\": \"https:\\\/\\\/danidrops.com.br\\\/wp-content\\\/uploads\\\/2023\\\/10\\\/Franja-Cortina.jpg\",\n    \"uploadDate\": \"2023-10-06\",\n    \"duration\": \"PT3M31S\",\n    \"contentUrl\": \"https:\\\/\\\/youtu.be\\\/XTtS9q8tQsM\",\n    \"embedUrl\": \"https:\\\/\\\/youtu.be\\\/XTtS9q8tQsM\",\n    \"potentialAction\": {\n        \"@type\": \"SeekToAction\",\n        \"target\": \"https:\\\/\\\/youtu.be\\\/XTtS9q8tQsM={seek_to_second_number}\",\n        \"startOffset-input\": \"required name=seek_to_second_number\"\n    }\n}<\/script>\n\n\n\n<figure class=\"wp-block-embed is-type-video is-provider-youtube wp-block-embed-youtube wp-embed-aspect-16-9 wp-has-aspect-ratio\"><div class=\"wp-block-embed__wrapper\">\n<iframe loading=\"lazy\" title=\"Flequillo Cortina -  vea m\u00e1s de 70 inspiraciones de corte con flecos de cortina para cambiar la apariencia\" width=\"500\" height=\"281\" src=\"https:\/\/www.youtube.com\/embed\/XTtS9q8tQsM?feature=oembed\" frameborder=\"0\" allow=\"accelerometer; autoplay; clipboard-write; encrypted-media; gyroscope; picture-in-picture; web-share\" referrerpolicy=\"strict-origin-when-cross-origin\" allowfullscreen><\/iframe>\n<\/div><\/figure>\n\n\n\n<h2 class=\"wp-block-heading\"><span class=\"ez-toc-section\" id=\"Quer_experimentar_um_novo_penteado_Experimente_a_franja_de_cortina\"><\/span>\u00bfQuieres probar un nuevo peinado? Prueba los flequillos de cortina<span class=\"ez-toc-section-end\"><\/span><\/h2>\n\n\n\n<p>Si quieres un nuevo peinado, prueba los flequillos de cortina y consigue un look con un toque de modernidad y sofisticaci\u00f3n. Los mechones cayendo a los lados del rostro como si fueran una cortina, brindan un look arm\u00f3nico y equilibrado.<\/p>\n\n\n\n<figure class=\"wp-block-image size-full\"><img loading=\"lazy\" decoding=\"async\" width=\"760\" height=\"555\" src=\"https:\/\/danidrops.com.br\/wp-content\/uploads\/2023\/08\/15-Franja-Cortina.jpg\" alt=\"Flequillo Cortina\" class=\"wp-image-80217\" title=\"\" srcset=\"https:\/\/danidrops.com.br\/wp-content\/uploads\/2023\/08\/15-Franja-Cortina.jpg 760w, https:\/\/danidrops.com.br\/wp-content\/uploads\/2023\/08\/15-Franja-Cortina-300x219.jpg 300w, https:\/\/danidrops.com.br\/wp-content\/uploads\/2023\/08\/15-Franja-Cortina-16x12.jpg 16w, https:\/\/danidrops.com.br\/wp-content\/uploads\/2023\/08\/15-Franja-Cortina-150x110.jpg 150w\" sizes=\"auto, (max-width: 760px) 100vw, 760px\" \/><figcaption class=\"wp-element-caption\">Flequillo Cortina<\/figcaption><\/figure>\n\n\n\n<p>Su principal ventaja es su adaptabilidad a varios tipos de cabello y formas de rostro, es decir, es capaz de suavizar \u00e1ngulos agudos y resaltar rasgos discretos, creando un bello contraste en el rostro femenino.<\/p>\n\n\n\n<figure class=\"wp-block-image size-full\"><img loading=\"lazy\" decoding=\"async\" width=\"760\" height=\"555\" src=\"https:\/\/danidrops.com.br\/wp-content\/uploads\/2023\/08\/14-Franja-Cortina.jpg\" alt=\"Flequillo Cortina\" class=\"wp-image-80216\" title=\"\" srcset=\"https:\/\/danidrops.com.br\/wp-content\/uploads\/2023\/08\/14-Franja-Cortina.jpg 760w, https:\/\/danidrops.com.br\/wp-content\/uploads\/2023\/08\/14-Franja-Cortina-300x219.jpg 300w, https:\/\/danidrops.com.br\/wp-content\/uploads\/2023\/08\/14-Franja-Cortina-16x12.jpg 16w, https:\/\/danidrops.com.br\/wp-content\/uploads\/2023\/08\/14-Franja-Cortina-150x110.jpg 150w\" sizes=\"auto, (max-width: 760px) 100vw, 760px\" \/><figcaption class=\"wp-element-caption\">Flequillo Cortina<\/figcaption><\/figure>\n\n\n\n<h2 class=\"wp-block-heading\"><span class=\"ez-toc-section\" id=\"A_franja_cortina_e_um_classico_que_nunca_sai_de_moda\"><\/span>Los flecos de cortina son un cl\u00e1sico que nunca pasa de moda.<span class=\"ez-toc-section-end\"><\/span><\/h2>\n\n\n\n<p>El fleco cortina es un cl\u00e1sico que nunca pasa de moda, perfecto para resaltar el contorno de los ojos y el contorno del rostro, de forma elegante y delicada. Todos los largos de cabello pueden beneficiarse de este tipo de corte, desde el m\u00e1s corto hasta el m\u00e1s largo.<\/p>\n\n\n\n<figure class=\"wp-block-image size-full\"><img loading=\"lazy\" decoding=\"async\" width=\"760\" height=\"555\" src=\"https:\/\/danidrops.com.br\/wp-content\/uploads\/2023\/08\/13-Franja-Cortina.jpg\" alt=\"Flequillo Cortina\" class=\"wp-image-80215\" title=\"\" srcset=\"https:\/\/danidrops.com.br\/wp-content\/uploads\/2023\/08\/13-Franja-Cortina.jpg 760w, https:\/\/danidrops.com.br\/wp-content\/uploads\/2023\/08\/13-Franja-Cortina-300x219.jpg 300w, https:\/\/danidrops.com.br\/wp-content\/uploads\/2023\/08\/13-Franja-Cortina-16x12.jpg 16w, https:\/\/danidrops.com.br\/wp-content\/uploads\/2023\/08\/13-Franja-Cortina-150x110.jpg 150w\" sizes=\"auto, (max-width: 760px) 100vw, 760px\" \/><figcaption class=\"wp-element-caption\">Flequillo Cortina<\/figcaption><\/figure>\n\n\n\n<figure class=\"wp-block-image size-full\"><img loading=\"lazy\" decoding=\"async\" width=\"760\" height=\"555\" src=\"https:\/\/danidrops.com.br\/wp-content\/uploads\/2023\/08\/12-Franja-Cortina.jpg\" alt=\"Flequillo Cortina\" class=\"wp-image-80214\" title=\"\" srcset=\"https:\/\/danidrops.com.br\/wp-content\/uploads\/2023\/08\/12-Franja-Cortina.jpg 760w, https:\/\/danidrops.com.br\/wp-content\/uploads\/2023\/08\/12-Franja-Cortina-300x219.jpg 300w, https:\/\/danidrops.com.br\/wp-content\/uploads\/2023\/08\/12-Franja-Cortina-16x12.jpg 16w, https:\/\/danidrops.com.br\/wp-content\/uploads\/2023\/08\/12-Franja-Cortina-150x110.jpg 150w\" sizes=\"auto, (max-width: 760px) 100vw, 760px\" \/><figcaption class=\"wp-element-caption\">Flequillo Cortina<\/figcaption><\/figure>\n\n\n\n<h2 class=\"wp-block-heading\"><span class=\"ez-toc-section\" id=\"A_franja_cortina_e_versatil_que_pode_ser_usado_com_qualquer_tipo_de_cabelo\"><\/span>Los flequillos de cortina son vers\u00e1tiles y se pueden usar con cualquier tipo de cabello.<span class=\"ez-toc-section-end\"><\/span><\/h2>\n\n\n\n<p>Adem\u00e1s, los flequillos de cortina son s\u00faper vers\u00e1tiles y se pueden usar con cualquier tipo de cabello, ya sea liso, ondulado, rizado o rizado. En cabellos lisos, crea un efecto de marco suave para el rostro, con delicadeza y elegancia.<\/p>\n\n\n\n<figure class=\"wp-block-image size-full\"><img loading=\"lazy\" decoding=\"async\" width=\"760\" height=\"555\" src=\"https:\/\/danidrops.com.br\/wp-content\/uploads\/2023\/08\/11-Franja-Cortina.jpg\" alt=\"Flequillo Cortina\" class=\"wp-image-80213\" title=\"\" srcset=\"https:\/\/danidrops.com.br\/wp-content\/uploads\/2023\/08\/11-Franja-Cortina.jpg 760w, https:\/\/danidrops.com.br\/wp-content\/uploads\/2023\/08\/11-Franja-Cortina-300x219.jpg 300w, https:\/\/danidrops.com.br\/wp-content\/uploads\/2023\/08\/11-Franja-Cortina-16x12.jpg 16w, https:\/\/danidrops.com.br\/wp-content\/uploads\/2023\/08\/11-Franja-Cortina-150x110.jpg 150w\" sizes=\"auto, (max-width: 760px) 100vw, 760px\" \/><figcaption class=\"wp-element-caption\">Flequillo Cortina<\/figcaption><\/figure>\n\n\n\n<p>En cabellos ondulados se aprecia un look rom\u00e1ntico, ya que el corte realza las ondas naturales de las hebras. El pelo rizado y rizado, en cambio, crea un efecto de contraste con el rostro debido al volumen del corte.<\/p>\n\n\n\n<figure class=\"wp-block-image size-full\"><img loading=\"lazy\" decoding=\"async\" width=\"760\" height=\"555\" src=\"https:\/\/danidrops.com.br\/wp-content\/uploads\/2023\/08\/10-Franja-Cortina.jpg\" alt=\"Flequillo Cortina\" class=\"wp-image-80212\" title=\"\" srcset=\"https:\/\/danidrops.com.br\/wp-content\/uploads\/2023\/08\/10-Franja-Cortina.jpg 760w, https:\/\/danidrops.com.br\/wp-content\/uploads\/2023\/08\/10-Franja-Cortina-300x219.jpg 300w, https:\/\/danidrops.com.br\/wp-content\/uploads\/2023\/08\/10-Franja-Cortina-16x12.jpg 16w, https:\/\/danidrops.com.br\/wp-content\/uploads\/2023\/08\/10-Franja-Cortina-150x110.jpg 150w\" sizes=\"auto, (max-width: 760px) 100vw, 760px\" \/><figcaption class=\"wp-element-caption\">Flequillo Cortina<\/figcaption><\/figure>\n\n\n\n<h2 class=\"wp-block-heading\"><span class=\"ez-toc-section\" id=\"A_franja_cortina_e_facil_de_cuidar_e_pode_ser_mantida_em_casa_com_produtos_de_qualidade\"><\/span>Los flecos de cortina son f\u00e1ciles de cuidar y se pueden mantener en casa con productos de calidad.<span class=\"ez-toc-section-end\"><\/span><\/h2>\n\n\n\n<p>Los flecos de cortina son f\u00e1ciles de cuidar y se pueden mantener en casa con productos de calidad y una rutina de mantenimiento regular. Algunos consejos importantes son: cortes regulares, uso de productos espec\u00edficos, t\u00e9cnicas de acabado e hidrataci\u00f3n constante para que el cabello est\u00e9 siempre saludable.<\/p>\n\n\n\n<figure class=\"wp-block-image size-full\"><img loading=\"lazy\" decoding=\"async\" width=\"760\" height=\"555\" src=\"https:\/\/danidrops.com.br\/wp-content\/uploads\/2023\/08\/09-Franja-Cortina.jpg\" alt=\"Flequillo Cortina\" class=\"wp-image-80211\" title=\"\" srcset=\"https:\/\/danidrops.com.br\/wp-content\/uploads\/2023\/08\/09-Franja-Cortina.jpg 760w, https:\/\/danidrops.com.br\/wp-content\/uploads\/2023\/08\/09-Franja-Cortina-300x219.jpg 300w, https:\/\/danidrops.com.br\/wp-content\/uploads\/2023\/08\/09-Franja-Cortina-16x12.jpg 16w, https:\/\/danidrops.com.br\/wp-content\/uploads\/2023\/08\/09-Franja-Cortina-150x110.jpg 150w\" sizes=\"auto, (max-width: 760px) 100vw, 760px\" \/><figcaption class=\"wp-element-caption\">Flequillo Cortina<\/figcaption><\/figure>\n\n\n\n<figure class=\"wp-block-image size-full\"><img loading=\"lazy\" decoding=\"async\" width=\"760\" height=\"555\" src=\"https:\/\/danidrops.com.br\/wp-content\/uploads\/2023\/08\/08-Franja-Cortina.jpg\" alt=\"Flequillo Cortina\" class=\"wp-image-80210\" title=\"\" srcset=\"https:\/\/danidrops.com.br\/wp-content\/uploads\/2023\/08\/08-Franja-Cortina.jpg 760w, https:\/\/danidrops.com.br\/wp-content\/uploads\/2023\/08\/08-Franja-Cortina-300x219.jpg 300w, https:\/\/danidrops.com.br\/wp-content\/uploads\/2023\/08\/08-Franja-Cortina-16x12.jpg 16w, https:\/\/danidrops.com.br\/wp-content\/uploads\/2023\/08\/08-Franja-Cortina-150x110.jpg 150w\" sizes=\"auto, (max-width: 760px) 100vw, 760px\" \/><figcaption class=\"wp-element-caption\">Flequillo Cortina<\/figcaption><\/figure>\n\n\n\n<h2 class=\"wp-block-heading\"><span class=\"ez-toc-section\" id=\"A_franja_cortina_fica_otima_em_todos_os_tipos_de_rosto\"><\/span>Los flequillos de cortina se ven geniales en todo tipo de rostros<span class=\"ez-toc-section-end\"><\/span><\/h2>\n\n\n\n<p>El flequillo de cortina se ve muy bien en todo tipo de rostros, por lo que es uno de los cortes de flecos m\u00e1s queridos por las mujeres. Adem\u00e1s de versatilidad, este flequillo es capaz de realzar la belleza femenina de forma delicada y suave.<\/p>\n\n\n\n<figure class=\"wp-block-image size-full\"><img loading=\"lazy\" decoding=\"async\" width=\"760\" height=\"555\" src=\"https:\/\/danidrops.com.br\/wp-content\/uploads\/2023\/08\/07-Franja-Cortina.jpg\" alt=\"Flequillo Cortina\" class=\"wp-image-80209\" title=\"\" srcset=\"https:\/\/danidrops.com.br\/wp-content\/uploads\/2023\/08\/07-Franja-Cortina.jpg 760w, https:\/\/danidrops.com.br\/wp-content\/uploads\/2023\/08\/07-Franja-Cortina-300x219.jpg 300w, https:\/\/danidrops.com.br\/wp-content\/uploads\/2023\/08\/07-Franja-Cortina-16x12.jpg 16w, https:\/\/danidrops.com.br\/wp-content\/uploads\/2023\/08\/07-Franja-Cortina-150x110.jpg 150w\" sizes=\"auto, (max-width: 760px) 100vw, 760px\" \/><figcaption class=\"wp-element-caption\">Flequillo Cortina<\/figcaption><\/figure>\n\n\n\n<p>Las caras redondas se vuelven m\u00e1s alargadas con este flequillo y las caras ovaladas se consideran las m\u00e1s equilibradas para este tipo de corte. Las caras cuadradas pueden suavizar sus \u00e1ngulos con golpes de cortina.<\/p>\n\n\n\n<figure class=\"wp-block-image size-full\"><img loading=\"lazy\" decoding=\"async\" width=\"760\" height=\"555\" src=\"https:\/\/danidrops.com.br\/wp-content\/uploads\/2023\/08\/06-Franja-Cortina.jpg\" alt=\"Flequillo Cortina\" class=\"wp-image-80208\" title=\"\" srcset=\"https:\/\/danidrops.com.br\/wp-content\/uploads\/2023\/08\/06-Franja-Cortina.jpg 760w, https:\/\/danidrops.com.br\/wp-content\/uploads\/2023\/08\/06-Franja-Cortina-300x219.jpg 300w, https:\/\/danidrops.com.br\/wp-content\/uploads\/2023\/08\/06-Franja-Cortina-16x12.jpg 16w, https:\/\/danidrops.com.br\/wp-content\/uploads\/2023\/08\/06-Franja-Cortina-150x110.jpg 150w\" sizes=\"auto, (max-width: 760px) 100vw, 760px\" \/><figcaption class=\"wp-element-caption\">Flequillo Cortina<\/figcaption><\/figure>\n\n\n\n<h2 class=\"wp-block-heading\"><span class=\"ez-toc-section\" id=\"Destaque_seu_Olhar_com_a_Franja_Cortina_Um_Corte_que_Realca_sua_Beleza_Natural\"><\/span>Resalta tu mirada con el Fleco Cortina: Un Corte que Realza Tu Belleza Natural<span class=\"ez-toc-section-end\"><\/span><\/h2>\n\n\n\n<figure class=\"wp-block-image size-full\"><img loading=\"lazy\" decoding=\"async\" width=\"760\" height=\"555\" src=\"https:\/\/danidrops.com.br\/wp-content\/uploads\/2023\/08\/05-Franja-Cortina.jpg\" alt=\"Flequillo Cortina\" class=\"wp-image-80207\" title=\"\" srcset=\"https:\/\/danidrops.com.br\/wp-content\/uploads\/2023\/08\/05-Franja-Cortina.jpg 760w, https:\/\/danidrops.com.br\/wp-content\/uploads\/2023\/08\/05-Franja-Cortina-300x219.jpg 300w, https:\/\/danidrops.com.br\/wp-content\/uploads\/2023\/08\/05-Franja-Cortina-16x12.jpg 16w, https:\/\/danidrops.com.br\/wp-content\/uploads\/2023\/08\/05-Franja-Cortina-150x110.jpg 150w\" sizes=\"auto, (max-width: 760px) 100vw, 760px\" \/><figcaption class=\"wp-element-caption\">Flequillo Cortina<\/figcaption><\/figure>\n\n\n\n<figure class=\"wp-block-image size-full\"><img loading=\"lazy\" decoding=\"async\" width=\"760\" height=\"555\" src=\"https:\/\/danidrops.com.br\/wp-content\/uploads\/2023\/08\/04-Franja-Cortina.jpg\" alt=\"Flequillo Cortina\" class=\"wp-image-80206\" title=\"\" srcset=\"https:\/\/danidrops.com.br\/wp-content\/uploads\/2023\/08\/04-Franja-Cortina.jpg 760w, https:\/\/danidrops.com.br\/wp-content\/uploads\/2023\/08\/04-Franja-Cortina-300x219.jpg 300w, https:\/\/danidrops.com.br\/wp-content\/uploads\/2023\/08\/04-Franja-Cortina-16x12.jpg 16w, https:\/\/danidrops.com.br\/wp-content\/uploads\/2023\/08\/04-Franja-Cortina-150x110.jpg 150w\" sizes=\"auto, (max-width: 760px) 100vw, 760px\" \/><figcaption class=\"wp-element-caption\">Flequillo Cortina<\/figcaption><\/figure>\n\n\n\n<h2 class=\"wp-block-heading\"><span class=\"ez-toc-section\" id=\"Renove_seu_Visual_com_a_Franja_Cortina_Um_Estilo_que_Te_Deixa_Ainda_Mais_Encantadora\"><\/span>Renueva tu look con Curtain Fringe: un estilo que te hace a\u00fan m\u00e1s encantadora<span class=\"ez-toc-section-end\"><\/span><\/h2>\n\n\n\n<figure class=\"wp-block-image size-full\"><img loading=\"lazy\" decoding=\"async\" width=\"760\" height=\"555\" src=\"https:\/\/danidrops.com.br\/wp-content\/uploads\/2023\/08\/03-Franja-Cortina.jpg\" alt=\"Flequillo Cortina\" class=\"wp-image-80205\" title=\"\" srcset=\"https:\/\/danidrops.com.br\/wp-content\/uploads\/2023\/08\/03-Franja-Cortina.jpg 760w, https:\/\/danidrops.com.br\/wp-content\/uploads\/2023\/08\/03-Franja-Cortina-300x219.jpg 300w, https:\/\/danidrops.com.br\/wp-content\/uploads\/2023\/08\/03-Franja-Cortina-16x12.jpg 16w, https:\/\/danidrops.com.br\/wp-content\/uploads\/2023\/08\/03-Franja-Cortina-150x110.jpg 150w\" sizes=\"auto, (max-width: 760px) 100vw, 760px\" \/><figcaption class=\"wp-element-caption\">Flequillo Cortina<\/figcaption><\/figure>\n\n\n\n<figure class=\"wp-block-image size-full\"><img loading=\"lazy\" decoding=\"async\" width=\"760\" height=\"555\" src=\"https:\/\/danidrops.com.br\/wp-content\/uploads\/2023\/08\/02-Franja-Cortina.jpg\" alt=\"Flequillo Cortina\" class=\"wp-image-80204\" title=\"\" srcset=\"https:\/\/danidrops.com.br\/wp-content\/uploads\/2023\/08\/02-Franja-Cortina.jpg 760w, https:\/\/danidrops.com.br\/wp-content\/uploads\/2023\/08\/02-Franja-Cortina-300x219.jpg 300w, https:\/\/danidrops.com.br\/wp-content\/uploads\/2023\/08\/02-Franja-Cortina-16x12.jpg 16w, https:\/\/danidrops.com.br\/wp-content\/uploads\/2023\/08\/02-Franja-Cortina-150x110.jpg 150w\" sizes=\"auto, (max-width: 760px) 100vw, 760px\" \/><figcaption class=\"wp-element-caption\">Flequillo Cortina<\/figcaption><\/figure>\n\n\n\n<h2 class=\"wp-block-heading\"><span class=\"ez-toc-section\" id=\"Experimente_a_Versatilidade_da_Franja_Cortina_Um_Corte_que_Combina_com_Diferentes_Estilos\"><\/span>Experimente la versatilidad de los flecos de cortina: un corte que combina con diferentes estilos<span class=\"ez-toc-section-end\"><\/span><\/h2>\n\n\n\n<figure class=\"wp-block-image size-full\"><img loading=\"lazy\" decoding=\"async\" width=\"760\" height=\"555\" src=\"https:\/\/danidrops.com.br\/wp-content\/uploads\/2023\/08\/23-Franja-Cortina.jpg\" alt=\"Flequillo Cortina\" class=\"wp-image-80201\" title=\"\" srcset=\"https:\/\/danidrops.com.br\/wp-content\/uploads\/2023\/08\/23-Franja-Cortina.jpg 760w, https:\/\/danidrops.com.br\/wp-content\/uploads\/2023\/08\/23-Franja-Cortina-300x219.jpg 300w, https:\/\/danidrops.com.br\/wp-content\/uploads\/2023\/08\/23-Franja-Cortina-16x12.jpg 16w, https:\/\/danidrops.com.br\/wp-content\/uploads\/2023\/08\/23-Franja-Cortina-150x110.jpg 150w\" sizes=\"auto, (max-width: 760px) 100vw, 760px\" \/><figcaption class=\"wp-element-caption\">Flequillo Cortina<\/figcaption><\/figure>\n\n\n\n<figure class=\"wp-block-image size-full\"><img loading=\"lazy\" decoding=\"async\" width=\"760\" height=\"555\" src=\"https:\/\/danidrops.com.br\/wp-content\/uploads\/2023\/08\/22-Franja-Cortina.jpg\" alt=\"Flequillo Cortina\" class=\"wp-image-80200\" title=\"\" srcset=\"https:\/\/danidrops.com.br\/wp-content\/uploads\/2023\/08\/22-Franja-Cortina.jpg 760w, https:\/\/danidrops.com.br\/wp-content\/uploads\/2023\/08\/22-Franja-Cortina-300x219.jpg 300w, https:\/\/danidrops.com.br\/wp-content\/uploads\/2023\/08\/22-Franja-Cortina-16x12.jpg 16w, https:\/\/danidrops.com.br\/wp-content\/uploads\/2023\/08\/22-Franja-Cortina-150x110.jpg 150w\" sizes=\"auto, (max-width: 760px) 100vw, 760px\" \/><figcaption class=\"wp-element-caption\">Flequillo Cortina<\/figcaption><\/figure>\n\n\n\n<h2 class=\"wp-block-heading\"><span class=\"ez-toc-section\" id=\"Descubra_a_Elegancia_da_Franja_Cortina_Um_Look_que_Transmite_Sofisticacao_e_Estilo\"><\/span>Descubre la Elegancia de los Flecos Cortina: Un Look que Transmite Sofisticaci\u00f3n y Estilo<span class=\"ez-toc-section-end\"><\/span><\/h2>\n\n\n\n<figure class=\"wp-block-image size-full\"><img loading=\"lazy\" decoding=\"async\" width=\"760\" height=\"555\" src=\"https:\/\/danidrops.com.br\/wp-content\/uploads\/2023\/08\/21-Franja-Cortina.jpg\" alt=\"Flequillo Cortina\" class=\"wp-image-80199\" title=\"\" srcset=\"https:\/\/danidrops.com.br\/wp-content\/uploads\/2023\/08\/21-Franja-Cortina.jpg 760w, https:\/\/danidrops.com.br\/wp-content\/uploads\/2023\/08\/21-Franja-Cortina-300x219.jpg 300w, https:\/\/danidrops.com.br\/wp-content\/uploads\/2023\/08\/21-Franja-Cortina-16x12.jpg 16w, https:\/\/danidrops.com.br\/wp-content\/uploads\/2023\/08\/21-Franja-Cortina-150x110.jpg 150w\" sizes=\"auto, (max-width: 760px) 100vw, 760px\" \/><figcaption class=\"wp-element-caption\">Flequillo Cortina<\/figcaption><\/figure>\n\n\n\n<figure class=\"wp-block-image size-full\"><img loading=\"lazy\" decoding=\"async\" width=\"760\" height=\"555\" src=\"https:\/\/danidrops.com.br\/wp-content\/uploads\/2023\/08\/20-Franja-Cortina.jpg\" alt=\"Flequillo Cortina\" class=\"wp-image-80198\" title=\"\" srcset=\"https:\/\/danidrops.com.br\/wp-content\/uploads\/2023\/08\/20-Franja-Cortina.jpg 760w, https:\/\/danidrops.com.br\/wp-content\/uploads\/2023\/08\/20-Franja-Cortina-300x219.jpg 300w, https:\/\/danidrops.com.br\/wp-content\/uploads\/2023\/08\/20-Franja-Cortina-16x12.jpg 16w, https:\/\/danidrops.com.br\/wp-content\/uploads\/2023\/08\/20-Franja-Cortina-150x110.jpg 150w\" sizes=\"auto, (max-width: 760px) 100vw, 760px\" \/><figcaption class=\"wp-element-caption\">Flequillo Cortina<\/figcaption><\/figure>\n\n\n\n<h2 class=\"wp-block-heading\"><span class=\"ez-toc-section\" id=\"Adicione_Personalidade_com_a_Franja_Cortina_Um_Penteado_que_Reflete_sua_Individualidade\"><\/span>Agregue personalidad con flecos de cortina: un peinado que refleja su individualidad<span class=\"ez-toc-section-end\"><\/span><\/h2>\n\n\n\n<figure class=\"wp-block-image size-full\"><img loading=\"lazy\" decoding=\"async\" width=\"760\" height=\"555\" src=\"https:\/\/danidrops.com.br\/wp-content\/uploads\/2023\/08\/19-Franja-Cortina.jpg\" alt=\"Flequillo Cortina\" class=\"wp-image-80197\" title=\"\" srcset=\"https:\/\/danidrops.com.br\/wp-content\/uploads\/2023\/08\/19-Franja-Cortina.jpg 760w, https:\/\/danidrops.com.br\/wp-content\/uploads\/2023\/08\/19-Franja-Cortina-300x219.jpg 300w, https:\/\/danidrops.com.br\/wp-content\/uploads\/2023\/08\/19-Franja-Cortina-16x12.jpg 16w, https:\/\/danidrops.com.br\/wp-content\/uploads\/2023\/08\/19-Franja-Cortina-150x110.jpg 150w\" sizes=\"auto, (max-width: 760px) 100vw, 760px\" \/><figcaption class=\"wp-element-caption\">Flequillo Cortina<\/figcaption><\/figure>\n\n\n\n<figure class=\"wp-block-image size-full\"><img loading=\"lazy\" decoding=\"async\" width=\"760\" height=\"555\" src=\"https:\/\/danidrops.com.br\/wp-content\/uploads\/2023\/08\/18-Franja-Cortina.jpg\" alt=\"Flequillo Cortina\" class=\"wp-image-80196\" title=\"\" srcset=\"https:\/\/danidrops.com.br\/wp-content\/uploads\/2023\/08\/18-Franja-Cortina.jpg 760w, https:\/\/danidrops.com.br\/wp-content\/uploads\/2023\/08\/18-Franja-Cortina-300x219.jpg 300w, https:\/\/danidrops.com.br\/wp-content\/uploads\/2023\/08\/18-Franja-Cortina-16x12.jpg 16w, https:\/\/danidrops.com.br\/wp-content\/uploads\/2023\/08\/18-Franja-Cortina-150x110.jpg 150w\" sizes=\"auto, (max-width: 760px) 100vw, 760px\" \/><figcaption class=\"wp-element-caption\">Flequillo Cortina<\/figcaption><\/figure>\n\n\n\n<h2 class=\"wp-block-heading\"><span class=\"ez-toc-section\" id=\"Transforme_seu_Look_com_a_Franja_Cortina_Um_Corte_que_Valoriza_seus_Tracos_e_Realca_sua_Beleza\"><\/span>Transforma tu mirada con el Fleco Cortina: Un Corte que Realza Tus Facciones y Realza Tu Belleza<span class=\"ez-toc-section-end\"><\/span><\/h2>\n\n\n\n<figure class=\"wp-block-image size-full\"><img loading=\"lazy\" decoding=\"async\" width=\"760\" height=\"555\" src=\"https:\/\/danidrops.com.br\/wp-content\/uploads\/2023\/08\/17-Franja-Cortina.jpg\" alt=\"Flequillo Cortina\" class=\"wp-image-80195\" title=\"\" srcset=\"https:\/\/danidrops.com.br\/wp-content\/uploads\/2023\/08\/17-Franja-Cortina.jpg 760w, https:\/\/danidrops.com.br\/wp-content\/uploads\/2023\/08\/17-Franja-Cortina-300x219.jpg 300w, https:\/\/danidrops.com.br\/wp-content\/uploads\/2023\/08\/17-Franja-Cortina-16x12.jpg 16w, https:\/\/danidrops.com.br\/wp-content\/uploads\/2023\/08\/17-Franja-Cortina-150x110.jpg 150w\" sizes=\"auto, (max-width: 760px) 100vw, 760px\" \/><figcaption class=\"wp-element-caption\">Flequillo Cortina<\/figcaption><\/figure>\n\n\n\n<figure class=\"wp-block-image size-full\"><img loading=\"lazy\" decoding=\"async\" width=\"760\" height=\"555\" src=\"https:\/\/danidrops.com.br\/wp-content\/uploads\/2023\/08\/16-Franja-Cortina.jpg\" alt=\"Flequillo Cortina\" class=\"wp-image-80194\" title=\"\" srcset=\"https:\/\/danidrops.com.br\/wp-content\/uploads\/2023\/08\/16-Franja-Cortina.jpg 760w, https:\/\/danidrops.com.br\/wp-content\/uploads\/2023\/08\/16-Franja-Cortina-300x219.jpg 300w, https:\/\/danidrops.com.br\/wp-content\/uploads\/2023\/08\/16-Franja-Cortina-16x12.jpg 16w, https:\/\/danidrops.com.br\/wp-content\/uploads\/2023\/08\/16-Franja-Cortina-150x110.jpg 150w\" sizes=\"auto, (max-width: 760px) 100vw, 760px\" \/><figcaption class=\"wp-element-caption\">Flequillo Cortina<\/figcaption><\/figure>\n<div id=\"ez-toc-container\" class=\"ez-toc-v2_0_76 counter-hierarchy ez-toc-counter ez-toc-grey ez-toc-container-direction\">\n<p class=\"ez-toc-title\" style=\"cursor:inherit\">Leer\u00e1s este art\u00edculo<\/p>\n<label for=\"ez-toc-cssicon-toggle-item-69f22afb5e2e9\" class=\"ez-toc-cssicon-toggle-label\"><span class=\"ez-toc-cssicon\"><span class=\"eztoc-hide\" style=\"display:none;\">Palanca<\/span><span class=\"ez-toc-icon-toggle-span\"><svg style=\"fill: #999;color:#999\" xmlns=\"http:\/\/www.w3.org\/2000\/svg\" class=\"list-377408\" width=\"20px\" height=\"20px\" viewbox=\"0 0 24 24\" fill=\"none\"><path d=\"M6 6H4v2h2V6zm14 0H8v2h12V6zM4 11h2v2H4v-2zm16 0H8v2h12v-2zM4 16h2v2H4v-2zm16 0H8v2h12v-2z\" fill=\"currentColor\"><\/path><\/svg><svg style=\"fill: #999;color:#999\" class=\"arrow-unsorted-368013\" xmlns=\"http:\/\/www.w3.org\/2000\/svg\" width=\"10px\" height=\"10px\" viewbox=\"0 0 24 24\" version=\"1.2\" baseprofile=\"tiny\"><path d=\"M18.2 9.3l-6.2-6.3-6.2 6.3c-.2.2-.3.4-.3.7s.1.5.3.7c.2.2.4.3.7.3h11c.3 0 .5-.1.7-.3.2-.2.3-.5.3-.7s-.1-.5-.3-.7zM5.8 14.7l6.2 6.3 6.2-6.3c.2-.2.3-.5.3-.7s-.1-.5-.3-.7c-.2-.2-.4-.3-.7-.3h-11c-.3 0-.5.1-.7.3-.2.2-.3.5-.3.7s.1.5.3.7z\"\/><\/svg><\/span><\/span><\/label><input type=\"checkbox\"  id=\"ez-toc-cssicon-toggle-item-69f22afb5e2e9\"  aria-label=\"Palanca\" \/><nav><ul class='ez-toc-list ez-toc-list-level-1' ><li class='ez-toc-page-1 ez-toc-heading-level-2'><a class=\"ez-toc-link ez-toc-heading-1\" href=\"https:\/\/danidrops.com.br\/es\/flequillo-cortina\/#Quer_experimentar_um_novo_penteado_Experimente_a_franja_de_cortina\" >\u00bfQuieres probar un nuevo peinado? Prueba los flequillos de cortina<\/a><\/li><li class='ez-toc-page-1 ez-toc-heading-level-2'><a class=\"ez-toc-link ez-toc-heading-2\" href=\"https:\/\/danidrops.com.br\/es\/flequillo-cortina\/#A_franja_cortina_e_um_classico_que_nunca_sai_de_moda\" >Los flecos de cortina son un cl\u00e1sico que nunca pasa de moda.<\/a><\/li><li class='ez-toc-page-1 ez-toc-heading-level-2'><a class=\"ez-toc-link ez-toc-heading-3\" href=\"https:\/\/danidrops.com.br\/es\/flequillo-cortina\/#A_franja_cortina_e_versatil_que_pode_ser_usado_com_qualquer_tipo_de_cabelo\" >Los flequillos de cortina son vers\u00e1tiles y se pueden usar con cualquier tipo de cabello.<\/a><\/li><li class='ez-toc-page-1 ez-toc-heading-level-2'><a class=\"ez-toc-link ez-toc-heading-4\" href=\"https:\/\/danidrops.com.br\/es\/flequillo-cortina\/#A_franja_cortina_e_facil_de_cuidar_e_pode_ser_mantida_em_casa_com_produtos_de_qualidade\" >Los flecos de cortina son f\u00e1ciles de cuidar y se pueden mantener en casa con productos de calidad.<\/a><\/li><li class='ez-toc-page-1 ez-toc-heading-level-2'><a class=\"ez-toc-link ez-toc-heading-5\" href=\"https:\/\/danidrops.com.br\/es\/flequillo-cortina\/#A_franja_cortina_fica_otima_em_todos_os_tipos_de_rosto\" >Los flequillos de cortina se ven geniales en todo tipo de rostros<\/a><\/li><li class='ez-toc-page-1 ez-toc-heading-level-2'><a class=\"ez-toc-link ez-toc-heading-6\" href=\"https:\/\/danidrops.com.br\/es\/flequillo-cortina\/#Destaque_seu_Olhar_com_a_Franja_Cortina_Um_Corte_que_Realca_sua_Beleza_Natural\" >Resalta tu mirada con el Fleco Cortina: Un Corte que Realza Tu Belleza Natural<\/a><\/li><li class='ez-toc-page-1 ez-toc-heading-level-2'><a class=\"ez-toc-link ez-toc-heading-7\" href=\"https:\/\/danidrops.com.br\/es\/flequillo-cortina\/#Renove_seu_Visual_com_a_Franja_Cortina_Um_Estilo_que_Te_Deixa_Ainda_Mais_Encantadora\" >Renueva tu look con Curtain Fringe: un estilo que te hace a\u00fan m\u00e1s encantadora<\/a><\/li><li class='ez-toc-page-1 ez-toc-heading-level-2'><a class=\"ez-toc-link ez-toc-heading-8\" href=\"https:\/\/danidrops.com.br\/es\/flequillo-cortina\/#Experimente_a_Versatilidade_da_Franja_Cortina_Um_Corte_que_Combina_com_Diferentes_Estilos\" >Experimente la versatilidad de los flecos de cortina: un corte que combina con diferentes estilos<\/a><\/li><li class='ez-toc-page-1 ez-toc-heading-level-2'><a class=\"ez-toc-link ez-toc-heading-9\" href=\"https:\/\/danidrops.com.br\/es\/flequillo-cortina\/#Descubra_a_Elegancia_da_Franja_Cortina_Um_Look_que_Transmite_Sofisticacao_e_Estilo\" >Descubre la Elegancia de los Flecos Cortina: Un Look que Transmite Sofisticaci\u00f3n y Estilo<\/a><\/li><li class='ez-toc-page-1 ez-toc-heading-level-2'><a class=\"ez-toc-link ez-toc-heading-10\" href=\"https:\/\/danidrops.com.br\/es\/flequillo-cortina\/#Adicione_Personalidade_com_a_Franja_Cortina_Um_Penteado_que_Reflete_sua_Individualidade\" >Agregue personalidad con flecos de cortina: un peinado que refleja su individualidad<\/a><\/li><li class='ez-toc-page-1 ez-toc-heading-level-2'><a class=\"ez-toc-link ez-toc-heading-11\" href=\"https:\/\/danidrops.com.br\/es\/flequillo-cortina\/#Transforme_seu_Look_com_a_Franja_Cortina_Um_Corte_que_Valoriza_seus_Tracos_e_Realca_sua_Beleza\" >Transforma tu mirada con el Fleco Cortina: Un Corte que Realza Tus Facciones y Realza Tu Belleza<\/a><\/li><\/ul><\/nav><\/div>","protected":false},"excerpt":{"rendered":"<p>El flequillo cortina es un estilo s\u00faper vers\u00e1til y moderno, perfecto para mujeres empoderadas y sofisticadas. Su raya al medio deja una secci\u00f3n en\u2026<\/p>","protected":false},"author":1,"featured_media":80208,"comment_status":"open","ping_status":"open","sticky":false,"template":"","format":"standard","meta":{"footnotes":""},"categories":[439],"tags":[],"class_list":["post-80111","post","type-post","status-publish","format-standard","has-post-thumbnail","hentry","category-cabelo"],"_links":{"self":[{"href":"https:\/\/danidrops.com.br\/es\/wp-json\/wp\/v2\/posts\/80111","targetHints":{"allow":["GET"]}}],"collection":[{"href":"https:\/\/danidrops.com.br\/es\/wp-json\/wp\/v2\/posts"}],"about":[{"href":"https:\/\/danidrops.com.br\/es\/wp-json\/wp\/v2\/types\/post"}],"author":[{"embeddable":true,"href":"https:\/\/danidrops.com.br\/es\/wp-json\/wp\/v2\/users\/1"}],"replies":[{"embeddable":true,"href":"https:\/\/danidrops.com.br\/es\/wp-json\/wp\/v2\/comments?post=80111"}],"version-history":[{"count":0,"href":"https:\/\/danidrops.com.br\/es\/wp-json\/wp\/v2\/posts\/80111\/revisions"}],"wp:featuredmedia":[{"embeddable":true,"href":"https:\/\/danidrops.com.br\/es\/wp-json\/wp\/v2\/media\/80208"}],"wp:attachment":[{"href":"https:\/\/danidrops.com.br\/es\/wp-json\/wp\/v2\/media?parent=80111"}],"wp:term":[{"taxonomy":"category","embeddable":true,"href":"https:\/\/danidrops.com.br\/es\/wp-json\/wp\/v2\/categories?post=80111"},{"taxonomy":"post_tag","embeddable":true,"href":"https:\/\/danidrops.com.br\/es\/wp-json\/wp\/v2\/tags?post=80111"}],"curies":[{"name":"gracias","href":"https:\/\/api.w.org\/{rel}","templated":true}]}}