{"id":86883,"date":"2023-11-29T10:32:16","date_gmt":"2023-11-29T13:32:16","guid":{"rendered":"https:\/\/danidrops.com.br\/?p=86883"},"modified":"2024-08-09T13:23:18","modified_gmt":"2024-08-09T16:23:18","slug":"corte-de-cabello-masculino-2024","status":"publish","type":"post","link":"https:\/\/danidrops.com.br\/es\/corte-de-cabello-masculino-2024\/","title":{"rendered":"Corte de cabello masculino 2024 - vea m\u00e1s de 105 tendencias, colores y c\u00f3mo usarlos para cada forma de rostro"},"content":{"rendered":"<p>Si buscas reinventarte o simplemente actualizar tu look, <strong>Tendencias de cortes de pelo masculinos para 2024.<\/strong> Ofrecen una variedad de opciones que prometen complacer todos los gustos. Desde estilos cl\u00e1sicos renovados hasta cortes modernos y atrevidos, este a\u00f1o se trata de expresar tu personalidad a trav\u00e9s de tu cabello.<\/p>\n\n\n\n<p>El mundo de la moda siempre est\u00e1 evolucionando y los cortes de pelo no son diferentes. En 2024, los hombres tendr\u00e1n a su disposici\u00f3n una gama de estilos que combinan practicidad, sofisticaci\u00f3n y un toque de audacia. Prep\u00e1rate para descubrir los cortes que arrasar\u00e1n en barber\u00edas y salones de belleza, e insp\u00edrate para elegir el que m\u00e1s te convenga.<\/p>\n\n\n\n<figure class=\"wp-block-image size-full\"><img loading=\"lazy\" decoding=\"async\" width=\"760\" height=\"555\" src=\"https:\/\/danidrops.com.br\/wp-content\/uploads\/2023\/11\/Corte-de-cabelo-masculino-2024.jpg\" alt=\"Corte de cabello masculino 2024\" class=\"wp-image-86954\" title=\"\" srcset=\"https:\/\/danidrops.com.br\/wp-content\/uploads\/2023\/11\/Corte-de-cabelo-masculino-2024.jpg 760w, https:\/\/danidrops.com.br\/wp-content\/uploads\/2023\/11\/Corte-de-cabelo-masculino-2024-300x219.jpg 300w, https:\/\/danidrops.com.br\/wp-content\/uploads\/2023\/11\/Corte-de-cabelo-masculino-2024-16x12.jpg 16w, https:\/\/danidrops.com.br\/wp-content\/uploads\/2023\/11\/Corte-de-cabelo-masculino-2024-150x110.jpg 150w\" sizes=\"auto, (max-width: 760px) 100vw, 760px\" \/><figcaption class=\"wp-element-caption\">Corte de cabello masculino 2024<\/figcaption><\/figure>\n\n\n\n<p>Sigue leyendo y descubre qu\u00e9 cortes de pelo masculino definir\u00e1n el estilo en 2024, desde los cl\u00e1sicos que nunca pasan de moda hasta los nuevos que prometen sorprender. Exploremos estas tendencias juntos y encontremos el look perfecto para comenzar el a\u00f1o con el pie derecho.<\/p>\n\n\n\n<figure class=\"wp-block-image size-full\"><img loading=\"lazy\" decoding=\"async\" width=\"760\" height=\"555\" src=\"https:\/\/danidrops.com.br\/wp-content\/uploads\/2023\/11\/Corte-de-cabelo-masculino-2024-2.jpg\" alt=\"Corte de cabello masculino 2024\" class=\"wp-image-86953\" title=\"\" srcset=\"https:\/\/danidrops.com.br\/wp-content\/uploads\/2023\/11\/Corte-de-cabelo-masculino-2024-2.jpg 760w, https:\/\/danidrops.com.br\/wp-content\/uploads\/2023\/11\/Corte-de-cabelo-masculino-2024-2-300x219.jpg 300w, https:\/\/danidrops.com.br\/wp-content\/uploads\/2023\/11\/Corte-de-cabelo-masculino-2024-2-16x12.jpg 16w, https:\/\/danidrops.com.br\/wp-content\/uploads\/2023\/11\/Corte-de-cabelo-masculino-2024-2-150x110.jpg 150w\" sizes=\"auto, (max-width: 760px) 100vw, 760px\" \/><figcaption class=\"wp-element-caption\">Corte de cabello masculino 2024<\/figcaption><\/figure>\n\n\n\n<script type=\"application\/ld+json\">{\n    \"@context\": \"https:\\\/\\\/schema.org\",\n    \"@type\": \"FAQPage\",\n    \"mainEntity\": [\n        {\n            \"@type\": \"Question\",\n            \"name\": \"Quais os cortes de cabelos masculinos mais usados em 2024?\",\n            \"acceptedAnswer\": {\n                \"@type\": \"Answer\",\n                \"text\": \"Os cortes masculinos mais pedidos nos sal\\u00f5es de cabeleireiro em 2024 s\\u00e3o: Cabelo masculino curto, Corte de cabelo masculino Undercut, Corte de cabelo masculino militar, Corte de cabelo masculino Pompadour, Corte de cabelo masculino Razor Part, Corte de cabelo masculino social, Cabelo masculino longo, Corte de cabelo masculino Surfista, Corte de cabelo masculino em camadas, Coque Samurai para cabelo masculino, Cabelo masculino m\\u00e9dio, Corte de cabelo masculino Flow Haircut, Corte de cabelo masculino Eboy Hairstyle, Corte de cabelo masculino Black Power, Cabelo masculino cacheado, Cabelo masculino crespo, Cabelo de cabelo masculino liso, Cabelo masculino raspado, Cabelo masculino com luzes, Cabelo masculino ondulado, Cabelo masculino com letra, Cabelo masculino com listra, Cabelo masculino americano, Corte de cabelo masculino com Franja Longa, Corte de cabelo masculino Bowl Cut, Corte de cabelo masculino Spiky Hair, Corte de cabelo masculino Textured Crop, Corte de cabelo masculino com tran\\u00e7as, Corte de cabelo masculino Slicked Back, Corte de cabelo masculino afro, Corte de cabelo masculino Faux Hawk, Corte de cabelo masculino Mohawk, Corte de cabelo masculino iroqu\\u00eas.\"\n            }\n        },\n        {\n            \"@type\": \"Question\",\n            \"name\": \"Quais s\\u00e3o os formatos de rostos masculinos 2024 mais comuns?\",\n            \"acceptedAnswer\": {\n                \"@type\": \"Answer\",\n                \"text\": \"Os formatos de rostos mais comuns de homens em 2024 s\\u00e3o: Rosto com formato Oval, Rosto com formato de Cora\\u00e7\\u00e3o, Rosto com formato Diamante ou Losango, Rosto com formato Longo ou comprido, Rosto com formato Redondo, Rosto com formato Quadrado ou Retangular, Rosto com formato de Tri\\u00e2ngulo invertido.\"\n            }\n        },\n        {\n            \"@type\": \"Question\",\n            \"name\": \"Quais as cores de cabelos masculinos mais usadas em 2024?\",\n            \"acceptedAnswer\": {\n                \"@type\": \"Answer\",\n                \"text\": \"As cores de cabelo mais usadas pelos homens em 2024 s\\u00e3o: Corte de cabelo masculino Preto, Corte de cabelo masculino Ruivo, Corte de cabelo masculino Castanho, Corte de cabelo masculino Platinado, Corte de cabelo masculino Branco, Corte de cabelo masculino Loiro, Corte de cabelo masculino Colorido, Cabelo masculino degrad\\u00ea, Cabelo masculino pintado.\"\n            }\n        }\n    ]\n}<\/script>\n\n\n\n<h2 class=\"wp-block-heading\"><span class=\"ez-toc-section\" id=\"Quais_os_cortes_de_cabelos_masculinos_mais_usados_em_2024\"><\/span>\u00bfCu\u00e1les son los cortes de pelo masculinos m\u00e1s populares en 2024?<span class=\"ez-toc-section-end\"><\/span><\/h2>\n\n\n\n<p>Como se mencion\u00f3 anteriormente, varios tipos de cortes de cabello masculino en 2024 estar\u00e1n presentes en las barber\u00edas de todo el mundo. Sin embargo, algunos estilos son m\u00e1s comunes que otros, como el corte copete, el corte vestido, el degradado y mucho m\u00e1s.<\/p>\n\n\n\n<figure class=\"wp-block-image size-full\"><img loading=\"lazy\" decoding=\"async\" width=\"760\" height=\"555\" src=\"https:\/\/danidrops.com.br\/wp-content\/uploads\/2023\/11\/Quais-os-cortes-de-cabelos-masculinos-mais-usados-em-2023.jpg\" alt=\"Cu\u00e1les son los cortes de pelo masculino m\u00e1s utilizados en 2024\" class=\"wp-image-86948\" title=\"\" srcset=\"https:\/\/danidrops.com.br\/wp-content\/uploads\/2023\/11\/Quais-os-cortes-de-cabelos-masculinos-mais-usados-em-2023.jpg 760w, https:\/\/danidrops.com.br\/wp-content\/uploads\/2023\/11\/Quais-os-cortes-de-cabelos-masculinos-mais-usados-em-2023-300x219.jpg 300w, https:\/\/danidrops.com.br\/wp-content\/uploads\/2023\/11\/Quais-os-cortes-de-cabelos-masculinos-mais-usados-em-2023-16x12.jpg 16w, https:\/\/danidrops.com.br\/wp-content\/uploads\/2023\/11\/Quais-os-cortes-de-cabelos-masculinos-mais-usados-em-2023-150x110.jpg 150w\" sizes=\"auto, (max-width: 760px) 100vw, 760px\" \/><figcaption class=\"wp-element-caption\">Cu\u00e1les son los cortes de pelo masculino m\u00e1s utilizados en 2024<\/figcaption><\/figure>\n\n\n\n<figure class=\"wp-block-image size-full\"><img loading=\"lazy\" decoding=\"async\" width=\"760\" height=\"555\" src=\"https:\/\/danidrops.com.br\/wp-content\/uploads\/2023\/11\/Quais-os-cortes-de-cabelos-masculinos-mais-usados-em-2023-2.jpg\" alt=\"Cu\u00e1les son los cortes de pelo masculino m\u00e1s utilizados en 2024\" class=\"wp-image-86947\" title=\"\" srcset=\"https:\/\/danidrops.com.br\/wp-content\/uploads\/2023\/11\/Quais-os-cortes-de-cabelos-masculinos-mais-usados-em-2023-2.jpg 760w, https:\/\/danidrops.com.br\/wp-content\/uploads\/2023\/11\/Quais-os-cortes-de-cabelos-masculinos-mais-usados-em-2023-2-300x219.jpg 300w, https:\/\/danidrops.com.br\/wp-content\/uploads\/2023\/11\/Quais-os-cortes-de-cabelos-masculinos-mais-usados-em-2023-2-16x12.jpg 16w, https:\/\/danidrops.com.br\/wp-content\/uploads\/2023\/11\/Quais-os-cortes-de-cabelos-masculinos-mais-usados-em-2023-2-150x110.jpg 150w\" sizes=\"auto, (max-width: 760px) 100vw, 760px\" \/><figcaption class=\"wp-element-caption\">Cu\u00e1les son los cortes de pelo masculino m\u00e1s utilizados en 2024<\/figcaption><\/figure>\n\n\n\n<p>T\u00fa <strong>Cortes masculinos m\u00e1s solicitados en peluquer\u00edas en 2024<\/strong> son:<\/p>\n\n\n\n<ul class=\"wp-block-list\">\n<li>Cabello corto masculino<\/li>\n\n\n\n<li>Corte de cabello de hombres recortado<\/li>\n\n\n\n<li>Corte de cabello militar para hombres<\/li>\n\n\n\n<li>Corte de cabello copete para hombres<\/li>\n\n\n\n<li>Corte de cabello de hombre Razor Part<\/li>\n\n\n\n<li>Corte de cabello social para hombres.<\/li>\n\n\n\n<li>Cabello largo masculino<\/li>\n\n\n\n<li>Corte de cabello surfero para hombre.<\/li>\n\n\n\n<li>Corte de cabello en capas para hombres<\/li>\n\n\n\n<li>Mo\u00f1o Samurai para el cabello de los hombres<\/li>\n\n\n\n<li>Cabello medio masculino<\/li>\n\n\n\n<li>Corte de cabello de hombre Flow Haircut<\/li>\n\n\n\n<li>Corte de cabello de hombre Eboy Hairstyle<\/li>\n\n\n\n<li>Corte de cabello Black Power para hombre<\/li>\n\n\n\n<li>Cabello rizado masculino<\/li>\n\n\n\n<li>Cabello rizado masculino<\/li>\n\n\n\n<li>Cabello recto masculino<\/li>\n\n\n\n<li>cabello masculino afeitado<\/li>\n\n\n\n<li>Cabello de hombre con mechas<\/li>\n\n\n\n<li>cabello masculino ondulado<\/li>\n\n\n\n<li>cabello masculino con letra<\/li>\n\n\n\n<li>Cabello de hombre con rayas.<\/li>\n\n\n\n<li>cabello masculino americano<\/li>\n\n\n\n<li>Corte de pelo de hombre con flequillo largo.<\/li>\n\n\n\n<li>corte de pelo de los hombres de corte de taz\u00f3n<\/li>\n\n\n\n<li>Corte de pelo para hombres Cabello puntiagudo<\/li>\n\n\n\n<li>Corte de pelo corto texturizado para hombres<\/li>\n\n\n\n<li>Corte de pelo de hombre con trenzas.<\/li>\n\n\n\n<li>Corte de pelo peinado hacia atr\u00e1s para hombres<\/li>\n\n\n\n<li>corte de pelo afro para hombres<\/li>\n\n\n\n<li>Corte de pelo de halc\u00f3n falso para hombre<\/li>\n\n\n\n<li>Corte de pelo de hombre mohawk<\/li>\n\n\n\n<li>Corte de pelo de hombre iroqu\u00e9s.<\/li>\n\n\n\n<li>corte de pelo de los hombres americanos<\/li>\n<\/ul>\n\n\n\n<h2 class=\"wp-block-heading\"><span class=\"ez-toc-section\" id=\"Cabelo_masculino_curto\"><\/span>Cabello corto masculino<span class=\"ez-toc-section-end\"><\/span><\/h2>\n\n\n\n<p>El pelo corto masculino es un aut\u00e9ntico cl\u00e1sico e incorpora varias t\u00e9cnicas de corte diferentes, dependiendo de las preferencias personales de cada hombre. Algunas prefieren cortes m\u00e1s sencillos, a otras les gusta ser atrevidas y crear estampados \u00fanicos y originales.<\/p>\n\n\n\n<figure class=\"wp-block-image size-full\"><img loading=\"lazy\" decoding=\"async\" width=\"760\" height=\"555\" src=\"https:\/\/danidrops.com.br\/wp-content\/uploads\/2023\/11\/Cabelo-masculino-curto.jpg\" alt=\"Cabello corto masculino\" class=\"wp-image-86950\" title=\"\" srcset=\"https:\/\/danidrops.com.br\/wp-content\/uploads\/2023\/11\/Cabelo-masculino-curto.jpg 760w, https:\/\/danidrops.com.br\/wp-content\/uploads\/2023\/11\/Cabelo-masculino-curto-300x219.jpg 300w, https:\/\/danidrops.com.br\/wp-content\/uploads\/2023\/11\/Cabelo-masculino-curto-16x12.jpg 16w, https:\/\/danidrops.com.br\/wp-content\/uploads\/2023\/11\/Cabelo-masculino-curto-150x110.jpg 150w\" sizes=\"auto, (max-width: 760px) 100vw, 760px\" \/><figcaption class=\"wp-element-caption\">Cabello corto masculino<\/figcaption><\/figure>\n\n\n\n<figure class=\"wp-block-image size-full\"><img loading=\"lazy\" decoding=\"async\" width=\"760\" height=\"555\" src=\"https:\/\/danidrops.com.br\/wp-content\/uploads\/2023\/11\/Cabelo-masculino-curto-2.jpg\" alt=\"Cabello corto masculino\" class=\"wp-image-86949\" title=\"\" srcset=\"https:\/\/danidrops.com.br\/wp-content\/uploads\/2023\/11\/Cabelo-masculino-curto-2.jpg 760w, https:\/\/danidrops.com.br\/wp-content\/uploads\/2023\/11\/Cabelo-masculino-curto-2-300x219.jpg 300w, https:\/\/danidrops.com.br\/wp-content\/uploads\/2023\/11\/Cabelo-masculino-curto-2-16x12.jpg 16w, https:\/\/danidrops.com.br\/wp-content\/uploads\/2023\/11\/Cabelo-masculino-curto-2-150x110.jpg 150w\" sizes=\"auto, (max-width: 760px) 100vw, 760px\" \/><figcaption class=\"wp-element-caption\">Cabello corto masculino<\/figcaption><\/figure>\n\n\n\n<h2 class=\"wp-block-heading\"><span class=\"ez-toc-section\" id=\"Corte_de_cabelo_masculino_Undercut\"><\/span>Corte de cabello de hombres recortado<span class=\"ez-toc-section-end\"><\/span><\/h2>\n\n\n\n<p>El corte de pelo Undercut para hombre es un ejemplo de atajo que tendr\u00e1 mucho \u00e9xito el pr\u00f3ximo a\u00f1o, ya que aporta un look lleno de actitud y estilo. La principal caracter\u00edstica de este tipo de corte de pelo masculino 2024 son los lados y la nuca afeitados.<\/p>\n\n\n\n<figure class=\"wp-block-image size-full\"><img loading=\"lazy\" decoding=\"async\" width=\"760\" height=\"555\" src=\"https:\/\/danidrops.com.br\/wp-content\/uploads\/2023\/11\/Corte-de-cabelo-masculino-Undercut.jpg\" alt=\"Corte de cabello de hombres recortado\" class=\"wp-image-86946\" title=\"\" srcset=\"https:\/\/danidrops.com.br\/wp-content\/uploads\/2023\/11\/Corte-de-cabelo-masculino-Undercut.jpg 760w, https:\/\/danidrops.com.br\/wp-content\/uploads\/2023\/11\/Corte-de-cabelo-masculino-Undercut-300x219.jpg 300w, https:\/\/danidrops.com.br\/wp-content\/uploads\/2023\/11\/Corte-de-cabelo-masculino-Undercut-16x12.jpg 16w, https:\/\/danidrops.com.br\/wp-content\/uploads\/2023\/11\/Corte-de-cabelo-masculino-Undercut-150x110.jpg 150w\" sizes=\"auto, (max-width: 760px) 100vw, 760px\" \/><figcaption class=\"wp-element-caption\">Corte de cabello de hombres recortado<\/figcaption><\/figure>\n\n\n\n<p>La regi\u00f3n en la parte superior de la cabeza casi no presenta cambios en cuanto a longitud, y puede ser larga o mediana, con acabados desordenados o mechones bien cuidados. Si quieres empezar el a\u00f1o con un look nuevo y maravilloso, puedes apostar por este famoso corte.<\/p>\n\n\n\n<figure class=\"wp-block-image size-full\"><img loading=\"lazy\" decoding=\"async\" width=\"760\" height=\"555\" src=\"https:\/\/danidrops.com.br\/wp-content\/uploads\/2023\/11\/Corte-de-cabelo-masculino-Undercut-2.jpg\" alt=\"Corte de cabello de hombres recortado\" class=\"wp-image-86945\" title=\"\" srcset=\"https:\/\/danidrops.com.br\/wp-content\/uploads\/2023\/11\/Corte-de-cabelo-masculino-Undercut-2.jpg 760w, https:\/\/danidrops.com.br\/wp-content\/uploads\/2023\/11\/Corte-de-cabelo-masculino-Undercut-2-300x219.jpg 300w, https:\/\/danidrops.com.br\/wp-content\/uploads\/2023\/11\/Corte-de-cabelo-masculino-Undercut-2-16x12.jpg 16w, https:\/\/danidrops.com.br\/wp-content\/uploads\/2023\/11\/Corte-de-cabelo-masculino-Undercut-2-150x110.jpg 150w\" sizes=\"auto, (max-width: 760px) 100vw, 760px\" \/><figcaption class=\"wp-element-caption\">Corte de cabello de hombres recortado<\/figcaption><\/figure>\n\n\n\n<h2 class=\"wp-block-heading\"><span class=\"ez-toc-section\" id=\"Corte_de_cabelo_masculino_militar\"><\/span>Corte de cabello militar para hombres<span class=\"ez-toc-section-end\"><\/span><\/h2>\n\n\n\n<p>El corte de pelo militar masculino recibi\u00f3 su nombre porque es com\u00fan entre los soldados. Es un corte b\u00e1sico y sencillo, de largo corto y sin muchos detalles. Todo el cabello se corta bajo, incluida la parte superior de la cabeza.<\/p>\n\n\n\n<figure class=\"wp-block-image size-full\"><img loading=\"lazy\" decoding=\"async\" width=\"760\" height=\"555\" src=\"https:\/\/danidrops.com.br\/wp-content\/uploads\/2023\/11\/Corte-de-cabelo-masculino-militar.jpg\" alt=\"Corte de cabello militar para hombres\" class=\"wp-image-86936\" title=\"\" srcset=\"https:\/\/danidrops.com.br\/wp-content\/uploads\/2023\/11\/Corte-de-cabelo-masculino-militar.jpg 760w, https:\/\/danidrops.com.br\/wp-content\/uploads\/2023\/11\/Corte-de-cabelo-masculino-militar-300x219.jpg 300w, https:\/\/danidrops.com.br\/wp-content\/uploads\/2023\/11\/Corte-de-cabelo-masculino-militar-16x12.jpg 16w, https:\/\/danidrops.com.br\/wp-content\/uploads\/2023\/11\/Corte-de-cabelo-masculino-militar-150x110.jpg 150w\" sizes=\"auto, (max-width: 760px) 100vw, 760px\" \/><figcaption class=\"wp-element-caption\">Corte de cabello militar para hombres<\/figcaption><\/figure>\n\n\n\n<figure class=\"wp-block-image size-full\"><img loading=\"lazy\" decoding=\"async\" width=\"760\" height=\"555\" src=\"https:\/\/danidrops.com.br\/wp-content\/uploads\/2023\/11\/Corte-de-cabelo-masculino-militar-2.jpg\" alt=\"Corte de cabello militar para hombres\" class=\"wp-image-86935\" title=\"\" srcset=\"https:\/\/danidrops.com.br\/wp-content\/uploads\/2023\/11\/Corte-de-cabelo-masculino-militar-2.jpg 760w, https:\/\/danidrops.com.br\/wp-content\/uploads\/2023\/11\/Corte-de-cabelo-masculino-militar-2-300x219.jpg 300w, https:\/\/danidrops.com.br\/wp-content\/uploads\/2023\/11\/Corte-de-cabelo-masculino-militar-2-16x12.jpg 16w, https:\/\/danidrops.com.br\/wp-content\/uploads\/2023\/11\/Corte-de-cabelo-masculino-militar-2-150x110.jpg 150w\" sizes=\"auto, (max-width: 760px) 100vw, 760px\" \/><figcaption class=\"wp-element-caption\">Corte de cabello militar para hombres<\/figcaption><\/figure>\n\n\n\n<h2 class=\"wp-block-heading\"><span class=\"ez-toc-section\" id=\"Corte_de_cabelo_masculino_Pompadour\"><\/span>Corte de cabello copete para hombres<span class=\"ez-toc-section-end\"><\/span><\/h2>\n\n\n\n<p>Muchos hombres disfrutan de looks diferentes y el corte de pelo Pompadour para hombre es la opci\u00f3n ideal para aquellos que quieren empezar el a\u00f1o con el pie derecho. En este tipo de corte, el mo\u00f1o se mantiene muy alto, para darle un toque de elegancia al look.<\/p>\n\n\n\n<figure class=\"wp-block-image size-full\"><img loading=\"lazy\" decoding=\"async\" width=\"760\" height=\"555\" src=\"https:\/\/danidrops.com.br\/wp-content\/uploads\/2023\/11\/Corte-de-cabelo-masculino-Pompadour.jpg\" alt=\"Corte de cabello copete para hombres\" class=\"wp-image-86938\" title=\"\" srcset=\"https:\/\/danidrops.com.br\/wp-content\/uploads\/2023\/11\/Corte-de-cabelo-masculino-Pompadour.jpg 760w, https:\/\/danidrops.com.br\/wp-content\/uploads\/2023\/11\/Corte-de-cabelo-masculino-Pompadour-300x219.jpg 300w, https:\/\/danidrops.com.br\/wp-content\/uploads\/2023\/11\/Corte-de-cabelo-masculino-Pompadour-16x12.jpg 16w, https:\/\/danidrops.com.br\/wp-content\/uploads\/2023\/11\/Corte-de-cabelo-masculino-Pompadour-150x110.jpg 150w\" sizes=\"auto, (max-width: 760px) 100vw, 760px\" \/><figcaption class=\"wp-element-caption\">Corte de cabello copete para hombres<\/figcaption><\/figure>\n\n\n\n<p>Este tipo de corte de pelo masculino 2024 es com\u00fan entre hombres con cabello liso y ondulado, ya que el tup\u00e9 se remata al detalle, peinando todos los mechones hacia atr\u00e1s y terminando con gel o laca.<\/p>\n\n\n\n<figure class=\"wp-block-image size-full\"><img loading=\"lazy\" decoding=\"async\" width=\"760\" height=\"555\" src=\"https:\/\/danidrops.com.br\/wp-content\/uploads\/2023\/11\/Corte-de-cabelo-masculino-Pompadour-2.jpg\" alt=\"Corte de cabello copete para hombres\" class=\"wp-image-86937\" title=\"\" srcset=\"https:\/\/danidrops.com.br\/wp-content\/uploads\/2023\/11\/Corte-de-cabelo-masculino-Pompadour-2.jpg 760w, https:\/\/danidrops.com.br\/wp-content\/uploads\/2023\/11\/Corte-de-cabelo-masculino-Pompadour-2-300x219.jpg 300w, https:\/\/danidrops.com.br\/wp-content\/uploads\/2023\/11\/Corte-de-cabelo-masculino-Pompadour-2-16x12.jpg 16w, https:\/\/danidrops.com.br\/wp-content\/uploads\/2023\/11\/Corte-de-cabelo-masculino-Pompadour-2-150x110.jpg 150w\" sizes=\"auto, (max-width: 760px) 100vw, 760px\" \/><figcaption class=\"wp-element-caption\">Corte de cabello copete para hombres<\/figcaption><\/figure>\n\n\n\n<h2 class=\"wp-block-heading\"><span class=\"ez-toc-section\" id=\"Corte_de_cabelo_masculino_Razor_Part\"><\/span>Corte de cabello de hombre Razor Part<span class=\"ez-toc-section-end\"><\/span><\/h2>\n\n\n\n<p>Para los amantes de los looks innovadores, apueste por el corte de pelo masculino Razor Part, que tiene una o dos l\u00edneas que dividen la parte superior de la cabeza de los lados, que se mantienen bajas y uniformes en una especie de degradado.<\/p>\n\n\n\n<figure class=\"wp-block-image size-full\"><img loading=\"lazy\" decoding=\"async\" width=\"760\" height=\"555\" src=\"https:\/\/danidrops.com.br\/wp-content\/uploads\/2023\/11\/Corte-de-cabelo-masculino-Razor-Part.jpg\" alt=\"Corte de cabello de hombre Razor Part\" class=\"wp-image-86940\" title=\"\" srcset=\"https:\/\/danidrops.com.br\/wp-content\/uploads\/2023\/11\/Corte-de-cabelo-masculino-Razor-Part.jpg 760w, https:\/\/danidrops.com.br\/wp-content\/uploads\/2023\/11\/Corte-de-cabelo-masculino-Razor-Part-300x219.jpg 300w, https:\/\/danidrops.com.br\/wp-content\/uploads\/2023\/11\/Corte-de-cabelo-masculino-Razor-Part-16x12.jpg 16w, https:\/\/danidrops.com.br\/wp-content\/uploads\/2023\/11\/Corte-de-cabelo-masculino-Razor-Part-150x110.jpg 150w\" sizes=\"auto, (max-width: 760px) 100vw, 760px\" \/><figcaption class=\"wp-element-caption\">Corte de cabello de hombre Razor Part<\/figcaption><\/figure>\n\n\n\n<figure class=\"wp-block-image size-full\"><img loading=\"lazy\" decoding=\"async\" width=\"760\" height=\"555\" src=\"https:\/\/danidrops.com.br\/wp-content\/uploads\/2023\/11\/Corte-de-cabelo-masculino-Razor-Part-2.jpg\" alt=\"Corte de cabello de hombre Razor Part\" class=\"wp-image-86939\" title=\"\" srcset=\"https:\/\/danidrops.com.br\/wp-content\/uploads\/2023\/11\/Corte-de-cabelo-masculino-Razor-Part-2.jpg 760w, https:\/\/danidrops.com.br\/wp-content\/uploads\/2023\/11\/Corte-de-cabelo-masculino-Razor-Part-2-300x219.jpg 300w, https:\/\/danidrops.com.br\/wp-content\/uploads\/2023\/11\/Corte-de-cabelo-masculino-Razor-Part-2-16x12.jpg 16w, https:\/\/danidrops.com.br\/wp-content\/uploads\/2023\/11\/Corte-de-cabelo-masculino-Razor-Part-2-150x110.jpg 150w\" sizes=\"auto, (max-width: 760px) 100vw, 760px\" \/><figcaption class=\"wp-element-caption\">Corte de cabello de hombre Razor Part<\/figcaption><\/figure>\n\n\n\n<h2 class=\"wp-block-heading\"><span class=\"ez-toc-section\" id=\"Corte_de_cabelo_masculino_social\"><\/span>Corte de cabello social para hombres.<span class=\"ez-toc-section-end\"><\/span><\/h2>\n\n\n\n<p>Otro cl\u00e1sico entre los hombres es el corte de pelo formal masculino, ya que es vers\u00e1til y se adapta a cualquier forma de rostro y tipo de cabello. La parte superior de la cabeza es ligeramente m\u00e1s larga que los lados, que se mantienen bajos pero no afeitados.<\/p>\n\n\n\n<figure class=\"wp-block-image size-full\"><img loading=\"lazy\" decoding=\"async\" width=\"760\" height=\"555\" src=\"https:\/\/danidrops.com.br\/wp-content\/uploads\/2023\/11\/Corte-de-cabelo-masculino-social.jpg\" alt=\"Corte de cabello social para hombres.\" class=\"wp-image-86942\" title=\"\" srcset=\"https:\/\/danidrops.com.br\/wp-content\/uploads\/2023\/11\/Corte-de-cabelo-masculino-social.jpg 760w, https:\/\/danidrops.com.br\/wp-content\/uploads\/2023\/11\/Corte-de-cabelo-masculino-social-300x219.jpg 300w, https:\/\/danidrops.com.br\/wp-content\/uploads\/2023\/11\/Corte-de-cabelo-masculino-social-16x12.jpg 16w, https:\/\/danidrops.com.br\/wp-content\/uploads\/2023\/11\/Corte-de-cabelo-masculino-social-150x110.jpg 150w\" sizes=\"auto, (max-width: 760px) 100vw, 760px\" \/><figcaption class=\"wp-element-caption\">Corte de cabello social para hombres.<\/figcaption><\/figure>\n\n\n\n<p>Muchos hombres utilizan este corte por su facilidad de mantenimiento y belleza, por lo que el corte de pelo masculino 2024 de tipo social sigue siendo un aut\u00e9ntico \u00e9xito en las barber\u00edas de todo el mundo.<\/p>\n\n\n\n<figure class=\"wp-block-image size-full\"><img loading=\"lazy\" decoding=\"async\" width=\"760\" height=\"555\" src=\"https:\/\/danidrops.com.br\/wp-content\/uploads\/2023\/11\/Corte-de-cabelo-masculino-social-2.jpg\" alt=\"Corte de cabello social para hombres.\" class=\"wp-image-86941\" title=\"\" srcset=\"https:\/\/danidrops.com.br\/wp-content\/uploads\/2023\/11\/Corte-de-cabelo-masculino-social-2.jpg 760w, https:\/\/danidrops.com.br\/wp-content\/uploads\/2023\/11\/Corte-de-cabelo-masculino-social-2-300x219.jpg 300w, https:\/\/danidrops.com.br\/wp-content\/uploads\/2023\/11\/Corte-de-cabelo-masculino-social-2-16x12.jpg 16w, https:\/\/danidrops.com.br\/wp-content\/uploads\/2023\/11\/Corte-de-cabelo-masculino-social-2-150x110.jpg 150w\" sizes=\"auto, (max-width: 760px) 100vw, 760px\" \/><figcaption class=\"wp-element-caption\">Corte de cabello social para hombres.<\/figcaption><\/figure>\n\n\n\n<h2 class=\"wp-block-heading\"><span class=\"ez-toc-section\" id=\"Cabelo_masculino_longo\"><\/span>Cabello largo masculino<span class=\"ez-toc-section-end\"><\/span><\/h2>\n\n\n\n<p>Algunos hombres disfrutan de un hermoso cabello largo y los cortes largos pueden sorprender a todos con su belleza y versatilidad. Los cortes pueden ser rectos, triturados o en capas, todo depende del resultado final deseado.<\/p>\n\n\n\n<figure class=\"wp-block-image size-full\"><img loading=\"lazy\" decoding=\"async\" width=\"760\" height=\"555\" src=\"https:\/\/danidrops.com.br\/wp-content\/uploads\/2023\/11\/Cabelo-masculino-longo.jpg\" alt=\"Cabello largo masculino\" class=\"wp-image-86952\" title=\"\" srcset=\"https:\/\/danidrops.com.br\/wp-content\/uploads\/2023\/11\/Cabelo-masculino-longo.jpg 760w, https:\/\/danidrops.com.br\/wp-content\/uploads\/2023\/11\/Cabelo-masculino-longo-300x219.jpg 300w, https:\/\/danidrops.com.br\/wp-content\/uploads\/2023\/11\/Cabelo-masculino-longo-16x12.jpg 16w, https:\/\/danidrops.com.br\/wp-content\/uploads\/2023\/11\/Cabelo-masculino-longo-150x110.jpg 150w\" sizes=\"auto, (max-width: 760px) 100vw, 760px\" \/><figcaption class=\"wp-element-caption\">Cabello largo masculino<\/figcaption><\/figure>\n\n\n\n<figure class=\"wp-block-image size-full\"><img loading=\"lazy\" decoding=\"async\" width=\"760\" height=\"555\" src=\"https:\/\/danidrops.com.br\/wp-content\/uploads\/2023\/11\/Cabelo-masculino-longo-2.jpg\" alt=\"Cabello largo masculino\" class=\"wp-image-86951\" title=\"\" srcset=\"https:\/\/danidrops.com.br\/wp-content\/uploads\/2023\/11\/Cabelo-masculino-longo-2.jpg 760w, https:\/\/danidrops.com.br\/wp-content\/uploads\/2023\/11\/Cabelo-masculino-longo-2-300x219.jpg 300w, https:\/\/danidrops.com.br\/wp-content\/uploads\/2023\/11\/Cabelo-masculino-longo-2-16x12.jpg 16w, https:\/\/danidrops.com.br\/wp-content\/uploads\/2023\/11\/Cabelo-masculino-longo-2-150x110.jpg 150w\" sizes=\"auto, (max-width: 760px) 100vw, 760px\" \/><figcaption class=\"wp-element-caption\">Cabello largo masculino<\/figcaption><\/figure>\n\n\n\n<h2 class=\"wp-block-heading\"><span class=\"ez-toc-section\" id=\"Corte_de_cabelo_masculino_Surfista\"><\/span>Corte de cabello surfero para hombre.<span class=\"ez-toc-section-end\"><\/span><\/h2>\n\n\n\n<p>En verano es habitual toparnos con el famoso corte de pelo masculino surfero, que tiene unas caracter\u00edsticas \u00fanicas y especiales. Este corte tiene puntas desiguales y asim\u00e9tricas, un acabado desordenado y tonos claros que simulan el calor del verano.<\/p>\n\n\n\n<figure class=\"wp-block-image size-full\"><img loading=\"lazy\" decoding=\"async\" width=\"760\" height=\"555\" src=\"https:\/\/danidrops.com.br\/wp-content\/uploads\/2023\/11\/Corte-de-cabelo-masculino-Surfista.jpg\" alt=\"Corte de cabello surfero para hombre.\" class=\"wp-image-86944\" title=\"\" srcset=\"https:\/\/danidrops.com.br\/wp-content\/uploads\/2023\/11\/Corte-de-cabelo-masculino-Surfista.jpg 760w, https:\/\/danidrops.com.br\/wp-content\/uploads\/2023\/11\/Corte-de-cabelo-masculino-Surfista-300x219.jpg 300w, https:\/\/danidrops.com.br\/wp-content\/uploads\/2023\/11\/Corte-de-cabelo-masculino-Surfista-16x12.jpg 16w, https:\/\/danidrops.com.br\/wp-content\/uploads\/2023\/11\/Corte-de-cabelo-masculino-Surfista-150x110.jpg 150w\" sizes=\"auto, (max-width: 760px) 100vw, 760px\" \/><figcaption class=\"wp-element-caption\">Corte de cabello surfero para hombre.<\/figcaption><\/figure>\n\n\n\n<p>El largo del corte de pelo de hombre estilo surfista 2024 puede ser variado, pero generalmente es medio y largo, de modo que las capas y puntas quedan muy evidentes alrededor del rostro del hombre.<\/p>\n\n\n\n<figure class=\"wp-block-image size-full\"><img loading=\"lazy\" decoding=\"async\" width=\"760\" height=\"555\" src=\"https:\/\/danidrops.com.br\/wp-content\/uploads\/2023\/11\/Corte-de-cabelo-masculino-Surfista-2.jpg\" alt=\"Corte de cabello surfero para hombre.\" class=\"wp-image-86943\" title=\"\" srcset=\"https:\/\/danidrops.com.br\/wp-content\/uploads\/2023\/11\/Corte-de-cabelo-masculino-Surfista-2.jpg 760w, https:\/\/danidrops.com.br\/wp-content\/uploads\/2023\/11\/Corte-de-cabelo-masculino-Surfista-2-300x219.jpg 300w, https:\/\/danidrops.com.br\/wp-content\/uploads\/2023\/11\/Corte-de-cabelo-masculino-Surfista-2-16x12.jpg 16w, https:\/\/danidrops.com.br\/wp-content\/uploads\/2023\/11\/Corte-de-cabelo-masculino-Surfista-2-150x110.jpg 150w\" sizes=\"auto, (max-width: 760px) 100vw, 760px\" \/><figcaption class=\"wp-element-caption\">Corte de cabello surfero para hombre.<\/figcaption><\/figure>\n\n\n\n<h2 class=\"wp-block-heading\"><span class=\"ez-toc-section\" id=\"Corte_de_cabelo_masculino_em_camadas\"><\/span>Corte de cabello en capas para hombres<span class=\"ez-toc-section-end\"><\/span><\/h2>\n\n\n\n<p>Otro espect\u00e1culo entre los hombres modernos es el corte de pelo masculino en capas, que crea un look con mucho volumen, movimiento y textura. Este tipo de corte va muy bien con cabellos lisos y ondulados, pero incluso los hombres rizados pueden disfrutar de esta maravilla.<\/p>\n\n\n\n<figure class=\"wp-block-image size-full\"><img loading=\"lazy\" decoding=\"async\" width=\"760\" height=\"555\" src=\"https:\/\/danidrops.com.br\/wp-content\/uploads\/2023\/11\/Corte-de-cabelo-masculino-em-camadas-2.jpg\" alt=\"Corte de cabello en capas para hombres\" class=\"wp-image-86955\" title=\"\" srcset=\"https:\/\/danidrops.com.br\/wp-content\/uploads\/2023\/11\/Corte-de-cabelo-masculino-em-camadas-2.jpg 760w, https:\/\/danidrops.com.br\/wp-content\/uploads\/2023\/11\/Corte-de-cabelo-masculino-em-camadas-2-300x219.jpg 300w, https:\/\/danidrops.com.br\/wp-content\/uploads\/2023\/11\/Corte-de-cabelo-masculino-em-camadas-2-16x12.jpg 16w, https:\/\/danidrops.com.br\/wp-content\/uploads\/2023\/11\/Corte-de-cabelo-masculino-em-camadas-2-150x110.jpg 150w\" sizes=\"auto, (max-width: 760px) 100vw, 760px\" \/><figcaption class=\"wp-element-caption\">Corte de cabello en capas para hombres<\/figcaption><\/figure>\n\n\n\n<figure class=\"wp-block-image size-full\"><img loading=\"lazy\" decoding=\"async\" width=\"760\" height=\"555\" src=\"https:\/\/danidrops.com.br\/wp-content\/uploads\/2023\/11\/Corte-de-cabelo-masculino-em-camadas.jpg\" alt=\"Corte de cabello en capas para hombres\" class=\"wp-image-86934\" title=\"\" srcset=\"https:\/\/danidrops.com.br\/wp-content\/uploads\/2023\/11\/Corte-de-cabelo-masculino-em-camadas.jpg 760w, https:\/\/danidrops.com.br\/wp-content\/uploads\/2023\/11\/Corte-de-cabelo-masculino-em-camadas-300x219.jpg 300w, https:\/\/danidrops.com.br\/wp-content\/uploads\/2023\/11\/Corte-de-cabelo-masculino-em-camadas-16x12.jpg 16w, https:\/\/danidrops.com.br\/wp-content\/uploads\/2023\/11\/Corte-de-cabelo-masculino-em-camadas-150x110.jpg 150w\" sizes=\"auto, (max-width: 760px) 100vw, 760px\" \/><figcaption class=\"wp-element-caption\">Corte de cabello en capas para hombres<\/figcaption><\/figure>\n\n\n\n<h2 class=\"wp-block-heading\"><span class=\"ez-toc-section\" id=\"Coque_Samurai_para_cabelo_masculino\"><\/span>Mo\u00f1o Samurai para el cabello de los hombres<span class=\"ez-toc-section-end\"><\/span><\/h2>\n\n\n\n<p>El mo\u00f1o Samurai para cabello masculino es un verdadero espect\u00e1culo para los hombres que disfrutan de una mezcla de cabello corto y largo. Su concepto es tener los lados cortos y uniformemente afeitados y la parte superior de la cabeza con mechones largos peinados en un mo\u00f1o desordenado.<\/p>\n\n\n\n<figure class=\"wp-block-image size-full\"><img loading=\"lazy\" decoding=\"async\" width=\"760\" height=\"555\" src=\"https:\/\/danidrops.com.br\/wp-content\/uploads\/2023\/11\/Coque-Samurai-para-cabelo-masculino.jpg\" alt=\"Mo\u00f1o Samurai para el cabello de los hombres\" class=\"wp-image-86988\" title=\"\" srcset=\"https:\/\/danidrops.com.br\/wp-content\/uploads\/2023\/11\/Coque-Samurai-para-cabelo-masculino.jpg 760w, https:\/\/danidrops.com.br\/wp-content\/uploads\/2023\/11\/Coque-Samurai-para-cabelo-masculino-300x219.jpg 300w, https:\/\/danidrops.com.br\/wp-content\/uploads\/2023\/11\/Coque-Samurai-para-cabelo-masculino-16x12.jpg 16w, https:\/\/danidrops.com.br\/wp-content\/uploads\/2023\/11\/Coque-Samurai-para-cabelo-masculino-150x110.jpg 150w\" sizes=\"auto, (max-width: 760px) 100vw, 760px\" \/><figcaption class=\"wp-element-caption\">Mo\u00f1o Samurai para el cabello de los hombres<\/figcaption><\/figure>\n\n\n\n<p>Aunque parece ser un corte especial para cabello largo, algunos hombres mantienen su cabello en longitud media y realizan este tipo de peinado, que es totalmente juvenil y casual, perfecto para hombres con personalidad y actitud.<\/p>\n\n\n\n<figure class=\"wp-block-image size-full\"><img loading=\"lazy\" decoding=\"async\" width=\"760\" height=\"555\" src=\"https:\/\/danidrops.com.br\/wp-content\/uploads\/2023\/11\/Coque-Samurai-para-cabelo-masculino-2.jpg\" alt=\"Mo\u00f1o Samurai para el cabello de los hombres\" class=\"wp-image-86987\" title=\"\" srcset=\"https:\/\/danidrops.com.br\/wp-content\/uploads\/2023\/11\/Coque-Samurai-para-cabelo-masculino-2.jpg 760w, https:\/\/danidrops.com.br\/wp-content\/uploads\/2023\/11\/Coque-Samurai-para-cabelo-masculino-2-300x219.jpg 300w, https:\/\/danidrops.com.br\/wp-content\/uploads\/2023\/11\/Coque-Samurai-para-cabelo-masculino-2-16x12.jpg 16w, https:\/\/danidrops.com.br\/wp-content\/uploads\/2023\/11\/Coque-Samurai-para-cabelo-masculino-2-150x110.jpg 150w\" sizes=\"auto, (max-width: 760px) 100vw, 760px\" \/><figcaption class=\"wp-element-caption\">Mo\u00f1o Samurai para el cabello de los hombres<\/figcaption><\/figure>\n\n\n\n<h2 class=\"wp-block-heading\"><span class=\"ez-toc-section\" id=\"Cabelo_masculino_medio\"><\/span>Cabello medio masculino<span class=\"ez-toc-section-end\"><\/span><\/h2>\n\n\n\n<p>Los cortes de pelo para hombres medianos tambi\u00e9n son una verdadera obra de arte que enmarcan el rostro con perfecci\u00f3n y elegancia. Existen varios modelos de cortes de pelo medianos para hombre 2024 y debes elegir el modelo que mejor se adapte a tu estilo.<\/p>\n\n\n\n<figure class=\"wp-block-image size-full\"><img loading=\"lazy\" decoding=\"async\" width=\"760\" height=\"555\" src=\"https:\/\/danidrops.com.br\/wp-content\/uploads\/2023\/11\/Cabelo-masculino-medio.jpg\" alt=\"Cabello medio masculino\" class=\"wp-image-86984\" title=\"\" srcset=\"https:\/\/danidrops.com.br\/wp-content\/uploads\/2023\/11\/Cabelo-masculino-medio.jpg 760w, https:\/\/danidrops.com.br\/wp-content\/uploads\/2023\/11\/Cabelo-masculino-medio-300x219.jpg 300w, https:\/\/danidrops.com.br\/wp-content\/uploads\/2023\/11\/Cabelo-masculino-medio-16x12.jpg 16w, https:\/\/danidrops.com.br\/wp-content\/uploads\/2023\/11\/Cabelo-masculino-medio-150x110.jpg 150w\" sizes=\"auto, (max-width: 760px) 100vw, 760px\" \/><figcaption class=\"wp-element-caption\">Cabello medio masculino<\/figcaption><\/figure>\n\n\n\n<figure class=\"wp-block-image size-full\"><img loading=\"lazy\" decoding=\"async\" width=\"760\" height=\"555\" src=\"https:\/\/danidrops.com.br\/wp-content\/uploads\/2023\/11\/Cabelo-masculino-medio-2.jpg\" alt=\"Cabello medio masculino\" class=\"wp-image-86983\" title=\"\" srcset=\"https:\/\/danidrops.com.br\/wp-content\/uploads\/2023\/11\/Cabelo-masculino-medio-2.jpg 760w, https:\/\/danidrops.com.br\/wp-content\/uploads\/2023\/11\/Cabelo-masculino-medio-2-300x219.jpg 300w, https:\/\/danidrops.com.br\/wp-content\/uploads\/2023\/11\/Cabelo-masculino-medio-2-16x12.jpg 16w, https:\/\/danidrops.com.br\/wp-content\/uploads\/2023\/11\/Cabelo-masculino-medio-2-150x110.jpg 150w\" sizes=\"auto, (max-width: 760px) 100vw, 760px\" \/><figcaption class=\"wp-element-caption\">Cabello medio masculino<\/figcaption><\/figure>\n\n\n\n<h2 class=\"wp-block-heading\"><span class=\"ez-toc-section\" id=\"Corte_de_cabelo_masculino_Flow_Haircut\"><\/span>Corte de cabello de hombre Flow Haircut<span class=\"ez-toc-section-end\"><\/span><\/h2>\n\n\n\n<p>El corte de pelo para hombre Flow Haircut se adapta a todo tipo de hombres y cabellos. En este corte, las hebras se mantienen asim\u00e9tricas y con un acabado desordenado, asegurando un look casual y muy moderno.<\/p>\n\n\n\n<figure class=\"wp-block-image size-full\"><img loading=\"lazy\" decoding=\"async\" width=\"760\" height=\"555\" src=\"https:\/\/danidrops.com.br\/wp-content\/uploads\/2023\/11\/Corte-de-cabelo-masculino-Flow-Haircut.jpg\" alt=\"Corte de cabello de hombre Flow Haircut\" class=\"wp-image-86994\" title=\"\" srcset=\"https:\/\/danidrops.com.br\/wp-content\/uploads\/2023\/11\/Corte-de-cabelo-masculino-Flow-Haircut.jpg 760w, https:\/\/danidrops.com.br\/wp-content\/uploads\/2023\/11\/Corte-de-cabelo-masculino-Flow-Haircut-300x219.jpg 300w, https:\/\/danidrops.com.br\/wp-content\/uploads\/2023\/11\/Corte-de-cabelo-masculino-Flow-Haircut-16x12.jpg 16w, https:\/\/danidrops.com.br\/wp-content\/uploads\/2023\/11\/Corte-de-cabelo-masculino-Flow-Haircut-150x110.jpg 150w\" sizes=\"auto, (max-width: 760px) 100vw, 760px\" \/><figcaption class=\"wp-element-caption\">Corte de cabello de hombre Flow Haircut<\/figcaption><\/figure>\n\n\n\n<figure class=\"wp-block-image size-full\"><img loading=\"lazy\" decoding=\"async\" width=\"760\" height=\"555\" src=\"https:\/\/danidrops.com.br\/wp-content\/uploads\/2023\/11\/Corte-de-cabelo-masculino-Flow-Haircut-2.jpg\" alt=\"Corte de cabello de hombre Flow Haircut\" class=\"wp-image-86993\" title=\"\" srcset=\"https:\/\/danidrops.com.br\/wp-content\/uploads\/2023\/11\/Corte-de-cabelo-masculino-Flow-Haircut-2.jpg 760w, https:\/\/danidrops.com.br\/wp-content\/uploads\/2023\/11\/Corte-de-cabelo-masculino-Flow-Haircut-2-300x219.jpg 300w, https:\/\/danidrops.com.br\/wp-content\/uploads\/2023\/11\/Corte-de-cabelo-masculino-Flow-Haircut-2-16x12.jpg 16w, https:\/\/danidrops.com.br\/wp-content\/uploads\/2023\/11\/Corte-de-cabelo-masculino-Flow-Haircut-2-150x110.jpg 150w\" sizes=\"auto, (max-width: 760px) 100vw, 760px\" \/><figcaption class=\"wp-element-caption\">Corte de cabello de hombre Flow Haircut<\/figcaption><\/figure>\n\n\n\n<h2 class=\"wp-block-heading\"><span class=\"ez-toc-section\" id=\"Corte_de_cabelo_masculino_Eboy_Hairstyle\"><\/span>Corte de cabello de hombre Eboy Hairstyle<span class=\"ez-toc-section-end\"><\/span><\/h2>\n\n\n\n<p>El corte de pelo masculino Eboy Hairstyle se recomienda para cabello liso, pero el pr\u00f3ximo a\u00f1o las tendencias indican que los hombres con cabello ondulado y rizado tambi\u00e9n podr\u00e1n beneficiarse del corte.<\/p>\n\n\n\n<figure class=\"wp-block-image size-full\"><img loading=\"lazy\" decoding=\"async\" width=\"760\" height=\"555\" src=\"https:\/\/danidrops.com.br\/wp-content\/uploads\/2023\/11\/Corte-de-cabelo-masculino-Eboy-Hairstyle.jpg\" alt=\"Corte de cabello de hombre Eboy Hairstyle\" class=\"wp-image-86992\" title=\"\" srcset=\"https:\/\/danidrops.com.br\/wp-content\/uploads\/2023\/11\/Corte-de-cabelo-masculino-Eboy-Hairstyle.jpg 760w, https:\/\/danidrops.com.br\/wp-content\/uploads\/2023\/11\/Corte-de-cabelo-masculino-Eboy-Hairstyle-300x219.jpg 300w, https:\/\/danidrops.com.br\/wp-content\/uploads\/2023\/11\/Corte-de-cabelo-masculino-Eboy-Hairstyle-16x12.jpg 16w, https:\/\/danidrops.com.br\/wp-content\/uploads\/2023\/11\/Corte-de-cabelo-masculino-Eboy-Hairstyle-150x110.jpg 150w\" sizes=\"auto, (max-width: 760px) 100vw, 760px\" \/><figcaption class=\"wp-element-caption\">Corte de cabello de hombre Eboy Hairstyle<\/figcaption><\/figure>\n\n\n\n<p>En este modelo de corte de pelo para hombre de 2024, los mechones de la parte superior de la cabeza se mantienen m\u00e1s largos y se peinan por la mitad. Los lados son m\u00e1s cortos lo que favorece el volumen y la textura en la parte superior de la cabeza.<\/p>\n\n\n\n<figure class=\"wp-block-image size-full\"><img loading=\"lazy\" decoding=\"async\" width=\"760\" height=\"555\" src=\"https:\/\/danidrops.com.br\/wp-content\/uploads\/2023\/11\/Corte-de-cabelo-masculino-Eboy-Hairstyle-2.jpg\" alt=\"Corte de cabello de hombre Eboy Hairstyle\" class=\"wp-image-86991\" title=\"\" srcset=\"https:\/\/danidrops.com.br\/wp-content\/uploads\/2023\/11\/Corte-de-cabelo-masculino-Eboy-Hairstyle-2.jpg 760w, https:\/\/danidrops.com.br\/wp-content\/uploads\/2023\/11\/Corte-de-cabelo-masculino-Eboy-Hairstyle-2-300x219.jpg 300w, https:\/\/danidrops.com.br\/wp-content\/uploads\/2023\/11\/Corte-de-cabelo-masculino-Eboy-Hairstyle-2-16x12.jpg 16w, https:\/\/danidrops.com.br\/wp-content\/uploads\/2023\/11\/Corte-de-cabelo-masculino-Eboy-Hairstyle-2-150x110.jpg 150w\" sizes=\"auto, (max-width: 760px) 100vw, 760px\" \/><figcaption class=\"wp-element-caption\">Corte de cabello de hombre Eboy Hairstyle<\/figcaption><\/figure>\n\n\n\n<h2 class=\"wp-block-heading\"><span class=\"ez-toc-section\" id=\"Corte_de_cabelo_masculino_Black_Power\"><\/span>Corte de cabello Black Power para hombre<span class=\"ez-toc-section-end\"><\/span><\/h2>\n\n\n\n<p>El corte de pelo para hombre Black Power es espec\u00edfico para cabellos rizados y encrespados, ya que su corte enfatiza la curvatura de las hebras y el volumen. El corte est\u00e1 realizado de forma redondeada y \u00fanica, que aporta personalidad y elegancia al rostro masculino.<\/p>\n\n\n\n<figure class=\"wp-block-image size-full\"><img loading=\"lazy\" decoding=\"async\" width=\"760\" height=\"555\" src=\"https:\/\/danidrops.com.br\/wp-content\/uploads\/2023\/11\/Corte-de-cabelo-masculino-Black-Power.jpg\" alt=\"Corte de cabello Black Power para hombre\" class=\"wp-image-86990\" title=\"\" srcset=\"https:\/\/danidrops.com.br\/wp-content\/uploads\/2023\/11\/Corte-de-cabelo-masculino-Black-Power.jpg 760w, https:\/\/danidrops.com.br\/wp-content\/uploads\/2023\/11\/Corte-de-cabelo-masculino-Black-Power-300x219.jpg 300w, https:\/\/danidrops.com.br\/wp-content\/uploads\/2023\/11\/Corte-de-cabelo-masculino-Black-Power-16x12.jpg 16w, https:\/\/danidrops.com.br\/wp-content\/uploads\/2023\/11\/Corte-de-cabelo-masculino-Black-Power-150x110.jpg 150w\" sizes=\"auto, (max-width: 760px) 100vw, 760px\" \/><figcaption class=\"wp-element-caption\">Corte de cabello Black Power para hombre<\/figcaption><\/figure>\n\n\n\n<figure class=\"wp-block-image size-full\"><img loading=\"lazy\" decoding=\"async\" width=\"760\" height=\"555\" src=\"https:\/\/danidrops.com.br\/wp-content\/uploads\/2023\/11\/Corte-de-cabelo-masculino-Black-Power-2.jpg\" alt=\"Corte de cabello Black Power para hombre\" class=\"wp-image-86989\" title=\"\" srcset=\"https:\/\/danidrops.com.br\/wp-content\/uploads\/2023\/11\/Corte-de-cabelo-masculino-Black-Power-2.jpg 760w, https:\/\/danidrops.com.br\/wp-content\/uploads\/2023\/11\/Corte-de-cabelo-masculino-Black-Power-2-300x219.jpg 300w, https:\/\/danidrops.com.br\/wp-content\/uploads\/2023\/11\/Corte-de-cabelo-masculino-Black-Power-2-16x12.jpg 16w, https:\/\/danidrops.com.br\/wp-content\/uploads\/2023\/11\/Corte-de-cabelo-masculino-Black-Power-2-150x110.jpg 150w\" sizes=\"auto, (max-width: 760px) 100vw, 760px\" \/><figcaption class=\"wp-element-caption\">Corte de cabello Black Power para hombre<\/figcaption><\/figure>\n\n\n\n<h2 class=\"wp-block-heading\"><span class=\"ez-toc-section\" id=\"Cabelo_masculino_cacheado\"><\/span>Cabello rizado masculino<span class=\"ez-toc-section-end\"><\/span><\/h2>\n\n\n\n<p>Durante un tiempo, el pelo rizado pas\u00f3 de moda, pero en 2024 el corte de pelo rizado masculino volver\u00e1, especialmente en longitudes medias y largas.<\/p>\n\n\n\n<figure class=\"wp-block-image size-full\"><img loading=\"lazy\" decoding=\"async\" width=\"760\" height=\"555\" src=\"https:\/\/danidrops.com.br\/wp-content\/uploads\/2023\/11\/Cabelo-masculino-cacheado.jpg\" alt=\"Cabello rizado masculino\" class=\"wp-image-86976\" title=\"\" srcset=\"https:\/\/danidrops.com.br\/wp-content\/uploads\/2023\/11\/Cabelo-masculino-cacheado.jpg 760w, https:\/\/danidrops.com.br\/wp-content\/uploads\/2023\/11\/Cabelo-masculino-cacheado-300x219.jpg 300w, https:\/\/danidrops.com.br\/wp-content\/uploads\/2023\/11\/Cabelo-masculino-cacheado-16x12.jpg 16w, https:\/\/danidrops.com.br\/wp-content\/uploads\/2023\/11\/Cabelo-masculino-cacheado-150x110.jpg 150w\" sizes=\"auto, (max-width: 760px) 100vw, 760px\" \/><figcaption class=\"wp-element-caption\">Cabello rizado masculino<\/figcaption><\/figure>\n\n\n\n<p>Tener los rizos bien cuidados y definidos tambi\u00e9n se ha convertido en una gran preocupaci\u00f3n para los hombres y existen varios cortes de pelo masculinos 2024 que se adaptan a este p\u00fablico, especialmente modelos que enfatizan la formaci\u00f3n de los rizos.<\/p>\n\n\n\n<figure class=\"wp-block-image size-full\"><img loading=\"lazy\" decoding=\"async\" width=\"760\" height=\"555\" src=\"https:\/\/danidrops.com.br\/wp-content\/uploads\/2023\/11\/Cabelo-masculino-cacheado-2.jpg\" alt=\"Cabello rizado masculino\" class=\"wp-image-86975\" title=\"\" srcset=\"https:\/\/danidrops.com.br\/wp-content\/uploads\/2023\/11\/Cabelo-masculino-cacheado-2.jpg 760w, https:\/\/danidrops.com.br\/wp-content\/uploads\/2023\/11\/Cabelo-masculino-cacheado-2-300x219.jpg 300w, https:\/\/danidrops.com.br\/wp-content\/uploads\/2023\/11\/Cabelo-masculino-cacheado-2-16x12.jpg 16w, https:\/\/danidrops.com.br\/wp-content\/uploads\/2023\/11\/Cabelo-masculino-cacheado-2-150x110.jpg 150w\" sizes=\"auto, (max-width: 760px) 100vw, 760px\" \/><figcaption class=\"wp-element-caption\">Cabello rizado masculino<\/figcaption><\/figure>\n\n\n\n<h2 class=\"wp-block-heading\"><span class=\"ez-toc-section\" id=\"Cabelo_masculino_crespo\"><\/span>Cabello rizado masculino<span class=\"ez-toc-section-end\"><\/span><\/h2>\n\n\n\n<p>El pelo rizado de hombre tambi\u00e9n es un cl\u00e1sico y existen muchos modelos de corte para aquellos que quieran empezar el a\u00f1o con buen pie. Actualmente existen modelos de cortes de pelo masculino 2024 cortos, medianos y largos, todo depende de las preferencias personales de cada hombre.<\/p>\n\n\n\n<figure class=\"wp-block-image size-full\"><img loading=\"lazy\" decoding=\"async\" width=\"760\" height=\"555\" src=\"https:\/\/danidrops.com.br\/wp-content\/uploads\/2023\/11\/Cabelo-masculino-crespo.jpg\" alt=\"Cabello rizado masculino\" class=\"wp-image-86980\" title=\"\" srcset=\"https:\/\/danidrops.com.br\/wp-content\/uploads\/2023\/11\/Cabelo-masculino-crespo.jpg 760w, https:\/\/danidrops.com.br\/wp-content\/uploads\/2023\/11\/Cabelo-masculino-crespo-300x219.jpg 300w, https:\/\/danidrops.com.br\/wp-content\/uploads\/2023\/11\/Cabelo-masculino-crespo-16x12.jpg 16w, https:\/\/danidrops.com.br\/wp-content\/uploads\/2023\/11\/Cabelo-masculino-crespo-150x110.jpg 150w\" sizes=\"auto, (max-width: 760px) 100vw, 760px\" \/><figcaption class=\"wp-element-caption\">Cabello rizado masculino<\/figcaption><\/figure>\n\n\n\n<figure class=\"wp-block-image size-full\"><img loading=\"lazy\" decoding=\"async\" width=\"760\" height=\"555\" src=\"https:\/\/danidrops.com.br\/wp-content\/uploads\/2023\/11\/Cabelo-masculino-crespo-2.jpg\" alt=\"Cabello rizado masculino\" class=\"wp-image-86979\" title=\"\" srcset=\"https:\/\/danidrops.com.br\/wp-content\/uploads\/2023\/11\/Cabelo-masculino-crespo-2.jpg 760w, https:\/\/danidrops.com.br\/wp-content\/uploads\/2023\/11\/Cabelo-masculino-crespo-2-300x219.jpg 300w, https:\/\/danidrops.com.br\/wp-content\/uploads\/2023\/11\/Cabelo-masculino-crespo-2-16x12.jpg 16w, https:\/\/danidrops.com.br\/wp-content\/uploads\/2023\/11\/Cabelo-masculino-crespo-2-150x110.jpg 150w\" sizes=\"auto, (max-width: 760px) 100vw, 760px\" \/><figcaption class=\"wp-element-caption\">Cabello rizado masculino<\/figcaption><\/figure>\n\n\n\n<h2 class=\"wp-block-heading\"><span class=\"ez-toc-section\" id=\"Cabelo_de_cabelo_masculino_liso\"><\/span>Cabello recto masculino<span class=\"ez-toc-section-end\"><\/span><\/h2>\n\n\n\n<p>Como ocurre con otros tipos de cabello, existen muchas opciones de cortes de pelo lisos para hombres y la elecci\u00f3n de los cortes depende exclusivamente de las preferencias personales de cada hombre y de la forma del rostro.<\/p>\n\n\n\n<figure class=\"wp-block-image size-full\"><img loading=\"lazy\" decoding=\"async\" width=\"760\" height=\"555\" src=\"https:\/\/danidrops.com.br\/wp-content\/uploads\/2023\/11\/Cabelo-masculino-liso.jpg\" alt=\"cabello recto masculino\" class=\"wp-image-86982\" title=\"\" srcset=\"https:\/\/danidrops.com.br\/wp-content\/uploads\/2023\/11\/Cabelo-masculino-liso.jpg 760w, https:\/\/danidrops.com.br\/wp-content\/uploads\/2023\/11\/Cabelo-masculino-liso-300x219.jpg 300w, https:\/\/danidrops.com.br\/wp-content\/uploads\/2023\/11\/Cabelo-masculino-liso-16x12.jpg 16w, https:\/\/danidrops.com.br\/wp-content\/uploads\/2023\/11\/Cabelo-masculino-liso-150x110.jpg 150w\" sizes=\"auto, (max-width: 760px) 100vw, 760px\" \/><figcaption class=\"wp-element-caption\">cabello recto masculino<\/figcaption><\/figure>\n\n\n\n<p>Los cortes pueden ser formales, cl\u00e1sicos o completamente casual, con largos extremadamente cortos o largos. Adem\u00e1s, las formas de terminar y peinar tu cabello son fundamentales para el resultado final del look.<\/p>\n\n\n\n<figure class=\"wp-block-image size-full\"><img loading=\"lazy\" decoding=\"async\" width=\"760\" height=\"555\" src=\"https:\/\/danidrops.com.br\/wp-content\/uploads\/2023\/11\/Cabelo-masculino-liso-2.jpg\" alt=\"cabello recto masculino\" class=\"wp-image-86981\" title=\"\" srcset=\"https:\/\/danidrops.com.br\/wp-content\/uploads\/2023\/11\/Cabelo-masculino-liso-2.jpg 760w, https:\/\/danidrops.com.br\/wp-content\/uploads\/2023\/11\/Cabelo-masculino-liso-2-300x219.jpg 300w, https:\/\/danidrops.com.br\/wp-content\/uploads\/2023\/11\/Cabelo-masculino-liso-2-16x12.jpg 16w, https:\/\/danidrops.com.br\/wp-content\/uploads\/2023\/11\/Cabelo-masculino-liso-2-150x110.jpg 150w\" sizes=\"auto, (max-width: 760px) 100vw, 760px\" \/><figcaption class=\"wp-element-caption\">cabello recto masculino<\/figcaption><\/figure>\n\n\n\n<h2 class=\"wp-block-heading\"><span class=\"ez-toc-section\" id=\"Cabelo_masculino_raspado\"><\/span>cabello masculino afeitado<span class=\"ez-toc-section-end\"><\/span><\/h2>\n\n\n\n<p>Algunos hombres prefieren el cabello afeitado, que es un look b\u00e1sico, simple y lleno de actitud. Los mechones se pueden afeitar en tama\u00f1os iguales o tener la parte superior de la cabeza un poco m\u00e1s grande que los lados.<\/p>\n\n\n\n<figure class=\"wp-block-image size-full\"><img loading=\"lazy\" decoding=\"async\" width=\"760\" height=\"555\" src=\"https:\/\/danidrops.com.br\/wp-content\/uploads\/2023\/11\/Cabelo-masculino-raspado.jpg\" alt=\"cabello masculino afeitado\" class=\"wp-image-86986\" title=\"\" srcset=\"https:\/\/danidrops.com.br\/wp-content\/uploads\/2023\/11\/Cabelo-masculino-raspado.jpg 760w, https:\/\/danidrops.com.br\/wp-content\/uploads\/2023\/11\/Cabelo-masculino-raspado-300x219.jpg 300w, https:\/\/danidrops.com.br\/wp-content\/uploads\/2023\/11\/Cabelo-masculino-raspado-16x12.jpg 16w, https:\/\/danidrops.com.br\/wp-content\/uploads\/2023\/11\/Cabelo-masculino-raspado-150x110.jpg 150w\" sizes=\"auto, (max-width: 760px) 100vw, 760px\" \/><figcaption class=\"wp-element-caption\">cabello masculino afeitado<\/figcaption><\/figure>\n\n\n\n<p>Adem\u00e1s, el corte de pelo masculino afeitado 2024 se puede asociar con dise\u00f1os y mechas en los laterales, que aportan un look a\u00fan m\u00e1s elegante y casual, perfecto para hombres con fuerte personalidad.<\/p>\n\n\n\n<figure class=\"wp-block-image size-full\"><img loading=\"lazy\" decoding=\"async\" width=\"760\" height=\"555\" src=\"https:\/\/danidrops.com.br\/wp-content\/uploads\/2023\/11\/Cabelo-masculino-raspado-2.jpg\" alt=\"cabello masculino afeitado\" class=\"wp-image-86985\" title=\"\" srcset=\"https:\/\/danidrops.com.br\/wp-content\/uploads\/2023\/11\/Cabelo-masculino-raspado-2.jpg 760w, https:\/\/danidrops.com.br\/wp-content\/uploads\/2023\/11\/Cabelo-masculino-raspado-2-300x219.jpg 300w, https:\/\/danidrops.com.br\/wp-content\/uploads\/2023\/11\/Cabelo-masculino-raspado-2-16x12.jpg 16w, https:\/\/danidrops.com.br\/wp-content\/uploads\/2023\/11\/Cabelo-masculino-raspado-2-150x110.jpg 150w\" sizes=\"auto, (max-width: 760px) 100vw, 760px\" \/><figcaption class=\"wp-element-caption\">cabello masculino afeitado<\/figcaption><\/figure>\n\n\n\n<h2 class=\"wp-block-heading\"><span class=\"ez-toc-section\" id=\"Cabelo_masculino_com_luzes\"><\/span>Cabello de hombre con mechas<span class=\"ez-toc-section-end\"><\/span><\/h2>\n\n\n\n<p>Quien piense que los hombres no se hacen mechas se equivoca, ya que el cabello masculino con mechas es un cl\u00e1sico que se popularizar\u00e1 en 2024. Las mechas pueden tener diferentes tonalidades y realizarse de diferentes formas, todo depende del resultado final deseado.<\/p>\n\n\n\n<figure class=\"wp-block-image size-full\"><img loading=\"lazy\" decoding=\"async\" width=\"760\" height=\"555\" src=\"https:\/\/danidrops.com.br\/wp-content\/uploads\/2023\/11\/Cabelo-masculino-com-luzes.jpg\" alt=\"Cabello de hombre con mechas\" class=\"wp-image-86978\" title=\"\" srcset=\"https:\/\/danidrops.com.br\/wp-content\/uploads\/2023\/11\/Cabelo-masculino-com-luzes.jpg 760w, https:\/\/danidrops.com.br\/wp-content\/uploads\/2023\/11\/Cabelo-masculino-com-luzes-300x219.jpg 300w, https:\/\/danidrops.com.br\/wp-content\/uploads\/2023\/11\/Cabelo-masculino-com-luzes-16x12.jpg 16w, https:\/\/danidrops.com.br\/wp-content\/uploads\/2023\/11\/Cabelo-masculino-com-luzes-150x110.jpg 150w\" sizes=\"auto, (max-width: 760px) 100vw, 760px\" \/><figcaption class=\"wp-element-caption\">Cabello de hombre con mechas<\/figcaption><\/figure>\n\n\n\n<figure class=\"wp-block-image size-full\"><img loading=\"lazy\" decoding=\"async\" width=\"760\" height=\"555\" src=\"https:\/\/danidrops.com.br\/wp-content\/uploads\/2023\/11\/Cabelo-masculino-com-luzes-2.jpg\" alt=\"Cabello de hombre con mechas\" class=\"wp-image-86977\" title=\"\" srcset=\"https:\/\/danidrops.com.br\/wp-content\/uploads\/2023\/11\/Cabelo-masculino-com-luzes-2.jpg 760w, https:\/\/danidrops.com.br\/wp-content\/uploads\/2023\/11\/Cabelo-masculino-com-luzes-2-300x219.jpg 300w, https:\/\/danidrops.com.br\/wp-content\/uploads\/2023\/11\/Cabelo-masculino-com-luzes-2-16x12.jpg 16w, https:\/\/danidrops.com.br\/wp-content\/uploads\/2023\/11\/Cabelo-masculino-com-luzes-2-150x110.jpg 150w\" sizes=\"auto, (max-width: 760px) 100vw, 760px\" \/><figcaption class=\"wp-element-caption\">Cabello de hombre con mechas<\/figcaption><\/figure>\n\n\n\n<h2 class=\"wp-block-heading\"><span class=\"ez-toc-section\" id=\"Quais_sao_os_formatos_de_rostos_masculinos_2024_mais_comuns\"><\/span>\u00bfCu\u00e1les son las formas de rostro masculino m\u00e1s comunes en 2024?<span class=\"ez-toc-section-end\"><\/span><\/h2>\n\n\n\n<p>Los hombres tienen diferentes formas de rostro y el modelo de corte de pelo masculino 2024 muchas veces depende de esta forma y tambi\u00e9n del tipo de cabello, que puede ser liso, ondulado, rizado o encrespado.<\/p>\n\n\n\n<figure class=\"wp-block-image size-full\"><img loading=\"lazy\" decoding=\"async\" width=\"760\" height=\"555\" src=\"https:\/\/danidrops.com.br\/wp-content\/uploads\/2023\/12\/Quais-sao-os-formatos-de-rostos-masculinos-2024-mais-comuns.jpg\" alt=\"\u00bfCu\u00e1les son los colores de cabello para hombres m\u00e1s populares en 2023?\" class=\"wp-image-87058\" title=\"\" srcset=\"https:\/\/danidrops.com.br\/wp-content\/uploads\/2023\/12\/Quais-sao-os-formatos-de-rostos-masculinos-2024-mais-comuns.jpg 760w, https:\/\/danidrops.com.br\/wp-content\/uploads\/2023\/12\/Quais-sao-os-formatos-de-rostos-masculinos-2024-mais-comuns-300x219.jpg 300w, https:\/\/danidrops.com.br\/wp-content\/uploads\/2023\/12\/Quais-sao-os-formatos-de-rostos-masculinos-2024-mais-comuns-16x12.jpg 16w, https:\/\/danidrops.com.br\/wp-content\/uploads\/2023\/12\/Quais-sao-os-formatos-de-rostos-masculinos-2024-mais-comuns-150x110.jpg 150w\" sizes=\"auto, (max-width: 760px) 100vw, 760px\" \/><figcaption class=\"wp-element-caption\">\u00bfCu\u00e1les son los colores de cabello para hombres m\u00e1s populares en 2023?<\/figcaption><\/figure>\n\n\n\n<p>Mucha gente piensa que los rostros de los hombres solo tienen forma angulosa y cuadrada, pero existen otras formas de rostro comunes entre los hombres como ovaladas, redondas, triangulares, largas y m\u00e1s.<\/p>\n\n\n\n<figure class=\"wp-block-image size-full\"><img loading=\"lazy\" decoding=\"async\" width=\"760\" height=\"555\" src=\"https:\/\/danidrops.com.br\/wp-content\/uploads\/2023\/12\/Quais-sao-os-formatos-de-rostos-masculinos-2024-mais-comuns-2.jpg\" alt=\"\u00bfCu\u00e1les son los colores de cabello para hombres m\u00e1s populares en 2023?\" class=\"wp-image-87057\" title=\"\" srcset=\"https:\/\/danidrops.com.br\/wp-content\/uploads\/2023\/12\/Quais-sao-os-formatos-de-rostos-masculinos-2024-mais-comuns-2.jpg 760w, https:\/\/danidrops.com.br\/wp-content\/uploads\/2023\/12\/Quais-sao-os-formatos-de-rostos-masculinos-2024-mais-comuns-2-300x219.jpg 300w, https:\/\/danidrops.com.br\/wp-content\/uploads\/2023\/12\/Quais-sao-os-formatos-de-rostos-masculinos-2024-mais-comuns-2-16x12.jpg 16w, https:\/\/danidrops.com.br\/wp-content\/uploads\/2023\/12\/Quais-sao-os-formatos-de-rostos-masculinos-2024-mais-comuns-2-150x110.jpg 150w\" sizes=\"auto, (max-width: 760px) 100vw, 760px\" \/><figcaption class=\"wp-element-caption\">\u00bfCu\u00e1les son los colores de cabello para hombres m\u00e1s populares en 2023?<\/figcaption><\/figure>\n\n\n\n<p>T\u00fa <strong>Formas de cara m\u00e1s comunes para los hombres en 2024.<\/strong> son:<\/p>\n\n\n\n<ul class=\"wp-block-list\">\n<li>cara de forma ovalada<\/li>\n\n\n\n<li>Cara en forma de coraz\u00f3n<\/li>\n\n\n\n<li>Cara en forma de diamante o rombo<\/li>\n\n\n\n<li>Forma de cara alargada o alargada<\/li>\n\n\n\n<li>Cara de forma redonda<\/li>\n\n\n\n<li>Rostro de forma cuadrada o rectangular<\/li>\n\n\n\n<li>Cara con forma de tri\u00e1ngulo invertido.<\/li>\n<\/ul>\n\n\n\n<h2 class=\"wp-block-heading\"><span class=\"ez-toc-section\" id=\"Rosto_com_formato_Oval\"><\/span>cara de forma ovalada<span class=\"ez-toc-section-end\"><\/span><\/h2>\n\n\n\n<p>Los hombres con forma de rostro ovalada generalmente tienen la zona de la frente m\u00e1s ancha que la barbilla y por esta raz\u00f3n los cortes escotados son los m\u00e1s recomendados. A pesar de ser sumamente vers\u00e1til, es importante evitar los cortes con flecos que oculten la frente.<\/p>\n\n\n\n<figure class=\"wp-block-image size-full\"><img loading=\"lazy\" decoding=\"async\" width=\"760\" height=\"555\" src=\"https:\/\/danidrops.com.br\/wp-content\/uploads\/2023\/12\/Oval.jpg\" alt=\"cara de forma ovalada\" class=\"wp-image-87070\" title=\"\" srcset=\"https:\/\/danidrops.com.br\/wp-content\/uploads\/2023\/12\/Oval.jpg 760w, https:\/\/danidrops.com.br\/wp-content\/uploads\/2023\/12\/Oval-300x219.jpg 300w, https:\/\/danidrops.com.br\/wp-content\/uploads\/2023\/12\/Oval-16x12.jpg 16w, https:\/\/danidrops.com.br\/wp-content\/uploads\/2023\/12\/Oval-150x110.jpg 150w\" sizes=\"auto, (max-width: 760px) 100vw, 760px\" \/><figcaption class=\"wp-element-caption\">cara de forma ovalada<\/figcaption><\/figure>\n\n\n\n<p>El corte de pelo masculino 2024 que mejor sienta a un rostro ovalado es el corte militar, sin embargo, el corte formal, el undercut, el copete y los cortes deshilachados tambi\u00e9n son grandes aliados para este tipo de p\u00fablico.<\/p>\n\n\n\n<figure class=\"wp-block-image size-full\"><img loading=\"lazy\" decoding=\"async\" width=\"760\" height=\"555\" src=\"https:\/\/danidrops.com.br\/wp-content\/uploads\/2023\/12\/Oval-2.jpg\" alt=\"cara de forma ovalada\" class=\"wp-image-87069\" title=\"\" srcset=\"https:\/\/danidrops.com.br\/wp-content\/uploads\/2023\/12\/Oval-2.jpg 760w, https:\/\/danidrops.com.br\/wp-content\/uploads\/2023\/12\/Oval-2-300x219.jpg 300w, https:\/\/danidrops.com.br\/wp-content\/uploads\/2023\/12\/Oval-2-16x12.jpg 16w, https:\/\/danidrops.com.br\/wp-content\/uploads\/2023\/12\/Oval-2-150x110.jpg 150w\" sizes=\"auto, (max-width: 760px) 100vw, 760px\" \/><figcaption class=\"wp-element-caption\">cara de forma ovalada<\/figcaption><\/figure>\n\n\n\n<h2 class=\"wp-block-heading\"><span class=\"ez-toc-section\" id=\"Rosto_com_formato_de_Coracao\"><\/span>Cara en forma de coraz\u00f3n<span class=\"ez-toc-section-end\"><\/span><\/h2>\n\n\n\n<p>Aunque el rostro en forma de coraz\u00f3n es poco com\u00fan entre los hombres, varios cortes se adaptan a sus estructuras faciales de este tipo. Este rostro tiene frente y p\u00f3mulos de ancho similar y un ment\u00f3n ligeramente m\u00e1s delgado.<\/p>\n\n\n\n<figure class=\"wp-block-image size-full\"><img loading=\"lazy\" decoding=\"async\" width=\"760\" height=\"555\" src=\"https:\/\/danidrops.com.br\/wp-content\/uploads\/2023\/12\/Coracao.jpg\" alt=\"Cara en forma de coraz\u00f3n\" class=\"wp-image-87064\" title=\"\" srcset=\"https:\/\/danidrops.com.br\/wp-content\/uploads\/2023\/12\/Coracao.jpg 760w, https:\/\/danidrops.com.br\/wp-content\/uploads\/2023\/12\/Coracao-300x219.jpg 300w, https:\/\/danidrops.com.br\/wp-content\/uploads\/2023\/12\/Coracao-16x12.jpg 16w, https:\/\/danidrops.com.br\/wp-content\/uploads\/2023\/12\/Coracao-150x110.jpg 150w\" sizes=\"auto, (max-width: 760px) 100vw, 760px\" \/><figcaption class=\"wp-element-caption\">Cara en forma de coraz\u00f3n<\/figcaption><\/figure>\n\n\n\n<p>Debido a que la regi\u00f3n del ment\u00f3n es m\u00e1s delgada y alargada, el corte de cabello masculino 2024 m\u00e1s utilizado es aquel que tiene volumen en las puntas, como es el caso del cabello de corte medio, en capas o en capas.<\/p>\n\n\n\n<figure class=\"wp-block-image size-full\"><img loading=\"lazy\" decoding=\"async\" width=\"760\" height=\"555\" src=\"https:\/\/danidrops.com.br\/wp-content\/uploads\/2023\/12\/Coracao-2.jpg\" alt=\"Cara en forma de coraz\u00f3n\" class=\"wp-image-87063\" title=\"\" srcset=\"https:\/\/danidrops.com.br\/wp-content\/uploads\/2023\/12\/Coracao-2.jpg 760w, https:\/\/danidrops.com.br\/wp-content\/uploads\/2023\/12\/Coracao-2-300x219.jpg 300w, https:\/\/danidrops.com.br\/wp-content\/uploads\/2023\/12\/Coracao-2-16x12.jpg 16w, https:\/\/danidrops.com.br\/wp-content\/uploads\/2023\/12\/Coracao-2-150x110.jpg 150w\" sizes=\"auto, (max-width: 760px) 100vw, 760px\" \/><figcaption class=\"wp-element-caption\">Cara en forma de coraz\u00f3n<\/figcaption><\/figure>\n\n\n\n<h2 class=\"wp-block-heading\"><span class=\"ez-toc-section\" id=\"Rosto_com_formato_Diamante_ou_Losango\"><\/span>Cara en forma de diamante o rombo<span class=\"ez-toc-section-end\"><\/span><\/h2>\n\n\n\n<p>A pesar de ser una forma de rostro inusual, hay algunos hombres con esta estructura facial y muchos tipos de cortes resaltan los aspectos m\u00e1s destacados de este rostro s\u00faper elegante. Su principal caracter\u00edstica es que tiene p\u00f3mulos claros y frente y ment\u00f3n m\u00e1s estrechos.<\/p>\n\n\n\n<figure class=\"wp-block-image size-full\"><img loading=\"lazy\" decoding=\"async\" width=\"760\" height=\"555\" src=\"https:\/\/danidrops.com.br\/wp-content\/uploads\/2023\/12\/Diamante-ou-Losango.jpg\" alt=\"Cara en forma de diamante o rombo\" class=\"wp-image-87066\" title=\"\" srcset=\"https:\/\/danidrops.com.br\/wp-content\/uploads\/2023\/12\/Diamante-ou-Losango.jpg 760w, https:\/\/danidrops.com.br\/wp-content\/uploads\/2023\/12\/Diamante-ou-Losango-300x219.jpg 300w, https:\/\/danidrops.com.br\/wp-content\/uploads\/2023\/12\/Diamante-ou-Losango-16x12.jpg 16w, https:\/\/danidrops.com.br\/wp-content\/uploads\/2023\/12\/Diamante-ou-Losango-150x110.jpg 150w\" sizes=\"auto, (max-width: 760px) 100vw, 760px\" \/><figcaption class=\"wp-element-caption\">Cara en forma de diamante o rombo<\/figcaption><\/figure>\n\n\n\n<p>Para realzar y realzar la belleza de este rostro, invierte en un corte de pelo masculino 2024 que alargue la frente como mohawks, tup\u00e9s, flequillo lateral y otros modelos con mechones medianos y largos.<\/p>\n\n\n\n<figure class=\"wp-block-image size-full\"><img loading=\"lazy\" decoding=\"async\" width=\"760\" height=\"555\" src=\"https:\/\/danidrops.com.br\/wp-content\/uploads\/2023\/12\/Diamante-ou-Losango-2.jpg\" alt=\"Cara en forma de diamante o rombo\" class=\"wp-image-87065\" title=\"\" srcset=\"https:\/\/danidrops.com.br\/wp-content\/uploads\/2023\/12\/Diamante-ou-Losango-2.jpg 760w, https:\/\/danidrops.com.br\/wp-content\/uploads\/2023\/12\/Diamante-ou-Losango-2-300x219.jpg 300w, https:\/\/danidrops.com.br\/wp-content\/uploads\/2023\/12\/Diamante-ou-Losango-2-16x12.jpg 16w, https:\/\/danidrops.com.br\/wp-content\/uploads\/2023\/12\/Diamante-ou-Losango-2-150x110.jpg 150w\" sizes=\"auto, (max-width: 760px) 100vw, 760px\" \/><figcaption class=\"wp-element-caption\">Cara en forma de diamante o rombo<\/figcaption><\/figure>\n\n\n\n<h2 class=\"wp-block-heading\"><span class=\"ez-toc-section\" id=\"Rosto_com_formato_Longo_ou_comprido\"><\/span>Forma de cara alargada o alargada<span class=\"ez-toc-section-end\"><\/span><\/h2>\n\n\n\n<p>La forma de cara alargada es muy com\u00fan entre los hombres y se caracteriza por ser m\u00e1s alta que ancha. El corte de pelo masculino 2024 que mejor se adapta a esta forma de rostro es el que enfatiza la regi\u00f3n de la frente y la barbilla.<\/p>\n\n\n\n<figure class=\"wp-block-image size-full\"><img loading=\"lazy\" decoding=\"async\" width=\"760\" height=\"555\" src=\"https:\/\/danidrops.com.br\/wp-content\/uploads\/2023\/12\/Longo-ou-comprido.jpg\" alt=\"Forma de cara alargada o alargada\" class=\"wp-image-87068\" title=\"\" srcset=\"https:\/\/danidrops.com.br\/wp-content\/uploads\/2023\/12\/Longo-ou-comprido.jpg 760w, https:\/\/danidrops.com.br\/wp-content\/uploads\/2023\/12\/Longo-ou-comprido-300x219.jpg 300w, https:\/\/danidrops.com.br\/wp-content\/uploads\/2023\/12\/Longo-ou-comprido-16x12.jpg 16w, https:\/\/danidrops.com.br\/wp-content\/uploads\/2023\/12\/Longo-ou-comprido-150x110.jpg 150w\" sizes=\"auto, (max-width: 760px) 100vw, 760px\" \/><figcaption class=\"wp-element-caption\">Forma de cara alargada o alargada<\/figcaption><\/figure>\n\n\n\n<p>Por eso, debes evitar los cortes extremadamente cortos en los costados y optar por cortes largos, medios, en capas, deshilachados, puntiagudos, surferos y el famoso corte con peinado de mo\u00f1o samur\u00e1i.<\/p>\n\n\n\n<figure class=\"wp-block-image size-full\"><img loading=\"lazy\" decoding=\"async\" width=\"760\" height=\"555\" src=\"https:\/\/danidrops.com.br\/wp-content\/uploads\/2023\/12\/Longo-ou-comprido-2.jpg\" alt=\"Forma de cara alargada o alargada\" class=\"wp-image-87067\" title=\"\" srcset=\"https:\/\/danidrops.com.br\/wp-content\/uploads\/2023\/12\/Longo-ou-comprido-2.jpg 760w, https:\/\/danidrops.com.br\/wp-content\/uploads\/2023\/12\/Longo-ou-comprido-2-300x219.jpg 300w, https:\/\/danidrops.com.br\/wp-content\/uploads\/2023\/12\/Longo-ou-comprido-2-16x12.jpg 16w, https:\/\/danidrops.com.br\/wp-content\/uploads\/2023\/12\/Longo-ou-comprido-2-150x110.jpg 150w\" sizes=\"auto, (max-width: 760px) 100vw, 760px\" \/><figcaption class=\"wp-element-caption\">Forma de cara alargada o alargada<\/figcaption><\/figure>\n\n\n\n<h2 class=\"wp-block-heading\"><span class=\"ez-toc-section\" id=\"Rosto_com_formato_Redondo\"><\/span>Cara de forma redonda<span class=\"ez-toc-section-end\"><\/span><\/h2>\n\n\n\n<p>Una de las formas de rostro m\u00e1s tradicionales en todo el mundo es la cara redonda que literalmente parece un c\u00edrculo o una pelota. Este tipo de rostro combina bien con un corte de pelo masculino con flequillo, ya que tienen como objetivo enmarcar y alargar la mirada.<\/p>\n\n\n\n<figure class=\"wp-block-image size-full\"><img loading=\"lazy\" decoding=\"async\" width=\"760\" height=\"555\" src=\"https:\/\/danidrops.com.br\/wp-content\/uploads\/2023\/12\/Redondo.jpg\" alt=\"Cara de forma redonda\" class=\"wp-image-87060\" title=\"\" srcset=\"https:\/\/danidrops.com.br\/wp-content\/uploads\/2023\/12\/Redondo.jpg 760w, https:\/\/danidrops.com.br\/wp-content\/uploads\/2023\/12\/Redondo-300x219.jpg 300w, https:\/\/danidrops.com.br\/wp-content\/uploads\/2023\/12\/Redondo-16x12.jpg 16w, https:\/\/danidrops.com.br\/wp-content\/uploads\/2023\/12\/Redondo-150x110.jpg 150w\" sizes=\"auto, (max-width: 760px) 100vw, 760px\" \/><figcaption class=\"wp-element-caption\">Cara de forma redonda<\/figcaption><\/figure>\n\n\n\n<p>Adem\u00e1s, algunos hombres tambi\u00e9n optan por el famoso corte militar, corte vestido, copete, parte Razor, black power y undercut para crear looks incre\u00edbles y aut\u00e9nticos.<\/p>\n\n\n\n<figure class=\"wp-block-image size-full\"><img loading=\"lazy\" decoding=\"async\" width=\"760\" height=\"555\" src=\"https:\/\/danidrops.com.br\/wp-content\/uploads\/2023\/12\/Redondo-2.jpg\" alt=\"Cara de forma redonda\" class=\"wp-image-87059\" title=\"\" srcset=\"https:\/\/danidrops.com.br\/wp-content\/uploads\/2023\/12\/Redondo-2.jpg 760w, https:\/\/danidrops.com.br\/wp-content\/uploads\/2023\/12\/Redondo-2-300x219.jpg 300w, https:\/\/danidrops.com.br\/wp-content\/uploads\/2023\/12\/Redondo-2-16x12.jpg 16w, https:\/\/danidrops.com.br\/wp-content\/uploads\/2023\/12\/Redondo-2-150x110.jpg 150w\" sizes=\"auto, (max-width: 760px) 100vw, 760px\" \/><figcaption class=\"wp-element-caption\">Cara de forma redonda<\/figcaption><\/figure>\n\n\n\n<h2 class=\"wp-block-heading\"><span class=\"ez-toc-section\" id=\"Rosto_com_formato_Quadrado_ou_Retangular\"><\/span>Rostro de forma cuadrada o rectangular<span class=\"ez-toc-section-end\"><\/span><\/h2>\n\n\n\n<p>Un aut\u00e9ntico cl\u00e1sico entre los hombres es el rostro de forma cuadrada, que presenta \u00e1ngulos marcados e intensos. La regi\u00f3n de la mand\u00edbula es una de las zonas m\u00e1s visibles y optar por un buen corte es una excelente manera de realzar tu apariencia.<\/p>\n\n\n\n<figure class=\"wp-block-image size-full\"><img loading=\"lazy\" decoding=\"async\" width=\"760\" height=\"555\" src=\"https:\/\/danidrops.com.br\/wp-content\/uploads\/2023\/12\/Quadrado-ou-tambem-chamado-de-retangular-2.jpg\" alt=\"Rostro de forma cuadrada o rectangular\" class=\"wp-image-87071\" title=\"\" srcset=\"https:\/\/danidrops.com.br\/wp-content\/uploads\/2023\/12\/Quadrado-ou-tambem-chamado-de-retangular-2.jpg 760w, https:\/\/danidrops.com.br\/wp-content\/uploads\/2023\/12\/Quadrado-ou-tambem-chamado-de-retangular-2-300x219.jpg 300w, https:\/\/danidrops.com.br\/wp-content\/uploads\/2023\/12\/Quadrado-ou-tambem-chamado-de-retangular-2-16x12.jpg 16w, https:\/\/danidrops.com.br\/wp-content\/uploads\/2023\/12\/Quadrado-ou-tambem-chamado-de-retangular-2-150x110.jpg 150w\" sizes=\"auto, (max-width: 760px) 100vw, 760px\" \/><figcaption class=\"wp-element-caption\">Rostro de forma cuadrada o rectangular<\/figcaption><\/figure>\n\n\n\n<p>Algunos consejos de corte de pelo para hombres de 2024 para una cara cuadrada o rectangular son cortes asim\u00e9tricos, cortes deshilachados, cortes recortados, flequillos elegantes, cabello largo y mediano y mucho m\u00e1s.<\/p>\n\n\n\n<figure class=\"wp-block-image size-full\"><img loading=\"lazy\" decoding=\"async\" width=\"760\" height=\"555\" src=\"https:\/\/danidrops.com.br\/wp-content\/uploads\/2023\/12\/Quadrado-ou-tambem-chamado-de-retangular.jpg\" alt=\"Rostro de forma cuadrada o rectangular\" class=\"wp-image-87056\" title=\"\" srcset=\"https:\/\/danidrops.com.br\/wp-content\/uploads\/2023\/12\/Quadrado-ou-tambem-chamado-de-retangular.jpg 760w, https:\/\/danidrops.com.br\/wp-content\/uploads\/2023\/12\/Quadrado-ou-tambem-chamado-de-retangular-300x219.jpg 300w, https:\/\/danidrops.com.br\/wp-content\/uploads\/2023\/12\/Quadrado-ou-tambem-chamado-de-retangular-16x12.jpg 16w, https:\/\/danidrops.com.br\/wp-content\/uploads\/2023\/12\/Quadrado-ou-tambem-chamado-de-retangular-150x110.jpg 150w\" sizes=\"auto, (max-width: 760px) 100vw, 760px\" \/><figcaption class=\"wp-element-caption\">Rostro de forma cuadrada o rectangular<\/figcaption><\/figure>\n\n\n\n<h2 class=\"wp-block-heading\"><span class=\"ez-toc-section\" id=\"Rosto_com_formato_de_Triangulo_invertido\"><\/span>Cara con forma de tri\u00e1ngulo invertido.<span class=\"ez-toc-section-end\"><\/span><\/h2>\n\n\n\n<p>El rostro con forma de tri\u00e1ngulo invertido tiene un ment\u00f3n mucho m\u00e1s delgado que la regi\u00f3n de la frente y los cortes que armonizan bien con este tipo de hombre son los que tienen volumen en las puntas, como es el caso de los medios, en capas, de pico. cortes y largos.<\/p>\n\n\n\n<figure class=\"wp-block-image size-full\"><img loading=\"lazy\" decoding=\"async\" width=\"760\" height=\"555\" src=\"https:\/\/danidrops.com.br\/wp-content\/uploads\/2023\/12\/Triangulo-invertido.jpg\" alt=\"Cara en forma de tri\u00e1ngulo invertido\" class=\"wp-image-87062\" title=\"\" srcset=\"https:\/\/danidrops.com.br\/wp-content\/uploads\/2023\/12\/Triangulo-invertido.jpg 760w, https:\/\/danidrops.com.br\/wp-content\/uploads\/2023\/12\/Triangulo-invertido-300x219.jpg 300w, https:\/\/danidrops.com.br\/wp-content\/uploads\/2023\/12\/Triangulo-invertido-16x12.jpg 16w, https:\/\/danidrops.com.br\/wp-content\/uploads\/2023\/12\/Triangulo-invertido-150x110.jpg 150w\" sizes=\"auto, (max-width: 760px) 100vw, 760px\" \/><figcaption class=\"wp-element-caption\">Cara en forma de tri\u00e1ngulo invertido<\/figcaption><\/figure>\n\n\n\n<figure class=\"wp-block-image size-full\"><img loading=\"lazy\" decoding=\"async\" width=\"760\" height=\"555\" src=\"https:\/\/danidrops.com.br\/wp-content\/uploads\/2023\/12\/Triangulo-invertido-2.jpg\" alt=\"Cara en forma de tri\u00e1ngulo invertido\" class=\"wp-image-87061\" title=\"\" srcset=\"https:\/\/danidrops.com.br\/wp-content\/uploads\/2023\/12\/Triangulo-invertido-2.jpg 760w, https:\/\/danidrops.com.br\/wp-content\/uploads\/2023\/12\/Triangulo-invertido-2-300x219.jpg 300w, https:\/\/danidrops.com.br\/wp-content\/uploads\/2023\/12\/Triangulo-invertido-2-16x12.jpg 16w, https:\/\/danidrops.com.br\/wp-content\/uploads\/2023\/12\/Triangulo-invertido-2-150x110.jpg 150w\" sizes=\"auto, (max-width: 760px) 100vw, 760px\" \/><figcaption class=\"wp-element-caption\">Cara en forma de tri\u00e1ngulo invertido<\/figcaption><\/figure>\n\n\n\n<h2 class=\"wp-block-heading\"><span class=\"ez-toc-section\" id=\"Quais_as_cores_de_cabelos_masculinos_mais_usadas_em_2024\"><\/span>\u00bfCu\u00e1les son los colores de cabello masculino m\u00e1s utilizados en 2024?<span class=\"ez-toc-section-end\"><\/span><\/h2>\n\n\n\n<p>Las tendencias de cortes de cabello masculino 2024 estar\u00e1n asociadas a la audacia, la creatividad, la elegancia y el encanto, principalmente debido a que los cortes combinan con los colores que ser\u00e1n tendencia el pr\u00f3ximo a\u00f1o.<\/p>\n\n\n\n<figure class=\"wp-block-image size-full\"><img loading=\"lazy\" decoding=\"async\" width=\"760\" height=\"555\" src=\"https:\/\/danidrops.com.br\/wp-content\/uploads\/2023\/12\/Quais-as-cores-de-cabelos-masculinos-mais-usadas-em-2023.jpg\" alt=\"Cu\u00e1les son los colores de cabello masculino m\u00e1s utilizados en 2023\" class=\"wp-image-87291\" title=\"\" srcset=\"https:\/\/danidrops.com.br\/wp-content\/uploads\/2023\/12\/Quais-as-cores-de-cabelos-masculinos-mais-usadas-em-2023.jpg 760w, https:\/\/danidrops.com.br\/wp-content\/uploads\/2023\/12\/Quais-as-cores-de-cabelos-masculinos-mais-usadas-em-2023-300x219.jpg 300w, https:\/\/danidrops.com.br\/wp-content\/uploads\/2023\/12\/Quais-as-cores-de-cabelos-masculinos-mais-usadas-em-2023-16x12.jpg 16w, https:\/\/danidrops.com.br\/wp-content\/uploads\/2023\/12\/Quais-as-cores-de-cabelos-masculinos-mais-usadas-em-2023-150x110.jpg 150w\" sizes=\"auto, (max-width: 760px) 100vw, 760px\" \/><figcaption class=\"wp-element-caption\">Cu\u00e1les son los colores de cabello masculino m\u00e1s utilizados en 2023<\/figcaption><\/figure>\n\n\n\n<p>Los hombres est\u00e1n cada vez m\u00e1s preocupados por la est\u00e9tica y, como resultado, cada a\u00f1o surgen nuevos modelos visuales para realzar su belleza natural. Algunos de los colores que se destacar\u00e1n en el corte de pelo masculino 2024 son el blanco, el rubio, el rojo, las mechas de colores y mucho m\u00e1s.<\/p>\n\n\n\n<figure class=\"wp-block-image size-full\"><img loading=\"lazy\" decoding=\"async\" width=\"760\" height=\"555\" src=\"https:\/\/danidrops.com.br\/wp-content\/uploads\/2023\/12\/Quais-as-cores-de-cabelos-masculinos-mais-usadas-em-2023-2.jpg\" alt=\"Cu\u00e1les son los colores de cabello masculino m\u00e1s utilizados en 2023\" class=\"wp-image-87290\" title=\"\" srcset=\"https:\/\/danidrops.com.br\/wp-content\/uploads\/2023\/12\/Quais-as-cores-de-cabelos-masculinos-mais-usadas-em-2023-2.jpg 760w, https:\/\/danidrops.com.br\/wp-content\/uploads\/2023\/12\/Quais-as-cores-de-cabelos-masculinos-mais-usadas-em-2023-2-300x219.jpg 300w, https:\/\/danidrops.com.br\/wp-content\/uploads\/2023\/12\/Quais-as-cores-de-cabelos-masculinos-mais-usadas-em-2023-2-16x12.jpg 16w, https:\/\/danidrops.com.br\/wp-content\/uploads\/2023\/12\/Quais-as-cores-de-cabelos-masculinos-mais-usadas-em-2023-2-150x110.jpg 150w\" sizes=\"auto, (max-width: 760px) 100vw, 760px\" \/><figcaption class=\"wp-element-caption\">Cu\u00e1les son los colores de cabello masculino m\u00e1s utilizados en 2023<\/figcaption><\/figure>\n\n\n\n<p>A <strong>Colores de cabello m\u00e1s utilizados por los hombres en 2024<\/strong> son:<\/p>\n\n\n\n<ul class=\"wp-block-list\">\n<li>Corte de pelo de hombre negro.<\/li>\n\n\n\n<li>Corte de pelo de hombre pelirrojo.<\/li>\n\n\n\n<li>Corte de pelo de hombre marr\u00f3n.<\/li>\n\n\n\n<li>Corte de pelo de hombre platino.<\/li>\n\n\n\n<li>Corte de pelo de hombre blanco.<\/li>\n\n\n\n<li>Corte de pelo de hombre rubio.<\/li>\n\n\n\n<li>Corte de pelo de hombre de color.<\/li>\n\n\n\n<li>cabello masculino degradado<\/li>\n\n\n\n<li>cabello masculino te\u00f1ido<\/li>\n<\/ul>\n\n\n\n<h2 class=\"wp-block-heading\"><span class=\"ez-toc-section\" id=\"Corte_de_cabelo_masculino_Preto\"><\/span>Corte de pelo de hombre negro.<span class=\"ez-toc-section-end\"><\/span><\/h2>\n\n\n\n<p>El corte de pelo masculino negro es un verdadero cl\u00e1sico y sin duda es uno de los colores m\u00e1s comunes entre los hombres de todo el mundo. Este color tiene algunas variaciones en tonalidades, que dependen de las preferencias personales de cada hombre y del tono de piel.<\/p>\n\n\n\n<figure class=\"wp-block-image size-full\"><img loading=\"lazy\" decoding=\"async\" width=\"760\" height=\"555\" src=\"https:\/\/danidrops.com.br\/wp-content\/uploads\/2023\/12\/Preto.jpg\" alt=\"Corte de pelo de hombre negro.\" class=\"wp-image-87289\" title=\"\" srcset=\"https:\/\/danidrops.com.br\/wp-content\/uploads\/2023\/12\/Preto.jpg 760w, https:\/\/danidrops.com.br\/wp-content\/uploads\/2023\/12\/Preto-300x219.jpg 300w, https:\/\/danidrops.com.br\/wp-content\/uploads\/2023\/12\/Preto-16x12.jpg 16w, https:\/\/danidrops.com.br\/wp-content\/uploads\/2023\/12\/Preto-150x110.jpg 150w\" sizes=\"auto, (max-width: 760px) 100vw, 760px\" \/><figcaption class=\"wp-element-caption\">Corte de pelo de hombre negro.<\/figcaption><\/figure>\n\n\n\n<p>Las tonalidades van desde el negro hasta tonos con fondo azulado, viol\u00e1ceo o rojizo. Lo importante a destacar es que todos los hombres pueden tener el cabello negro, pues este color resalta los puntos fuertes del rostro masculino.<\/p>\n\n\n\n<figure class=\"wp-block-image size-full\"><img loading=\"lazy\" decoding=\"async\" width=\"760\" height=\"555\" src=\"https:\/\/danidrops.com.br\/wp-content\/uploads\/2023\/12\/Preto-2.jpg\" alt=\"Corte de pelo de hombre negro.\" class=\"wp-image-87288\" title=\"\" srcset=\"https:\/\/danidrops.com.br\/wp-content\/uploads\/2023\/12\/Preto-2.jpg 760w, https:\/\/danidrops.com.br\/wp-content\/uploads\/2023\/12\/Preto-2-300x219.jpg 300w, https:\/\/danidrops.com.br\/wp-content\/uploads\/2023\/12\/Preto-2-16x12.jpg 16w, https:\/\/danidrops.com.br\/wp-content\/uploads\/2023\/12\/Preto-2-150x110.jpg 150w\" sizes=\"auto, (max-width: 760px) 100vw, 760px\" \/><figcaption class=\"wp-element-caption\">Corte de pelo de hombre negro.<\/figcaption><\/figure>\n\n\n\n<h2 class=\"wp-block-heading\"><span class=\"ez-toc-section\" id=\"Corte_de_cabelo_masculino_Ruivo\"><\/span>Corte de pelo de hombre pelirrojo.<span class=\"ez-toc-section-end\"><\/span><\/h2>\n\n\n\n<p>El pelo rojo est\u00e1 s\u00faper de moda y 2024 ser\u00e1 el a\u00f1o de cambios radicales en la apariencia, incluso para los hombres que quieren empezar el a\u00f1o con un nuevo rostro. Todos los tonos de rojo son v\u00e1lidos, desde el m\u00e1s claro al m\u00e1s oscuro, rojizo o anaranjado.<\/p>\n\n\n\n<figure class=\"wp-block-image size-full\"><img loading=\"lazy\" decoding=\"async\" width=\"760\" height=\"555\" src=\"https:\/\/danidrops.com.br\/wp-content\/uploads\/2023\/12\/Corte-de-cabelo-masculino-Ruivo-2.jpg\" alt=\"Corte de pelo de hombre pelirrojo.\" class=\"wp-image-87298\" title=\"\" srcset=\"https:\/\/danidrops.com.br\/wp-content\/uploads\/2023\/12\/Corte-de-cabelo-masculino-Ruivo-2.jpg 760w, https:\/\/danidrops.com.br\/wp-content\/uploads\/2023\/12\/Corte-de-cabelo-masculino-Ruivo-2-300x219.jpg 300w, https:\/\/danidrops.com.br\/wp-content\/uploads\/2023\/12\/Corte-de-cabelo-masculino-Ruivo-2-16x12.jpg 16w, https:\/\/danidrops.com.br\/wp-content\/uploads\/2023\/12\/Corte-de-cabelo-masculino-Ruivo-2-150x110.jpg 150w\" sizes=\"auto, (max-width: 760px) 100vw, 760px\" \/><figcaption class=\"wp-element-caption\">Corte de pelo de hombre pelirrojo.<\/figcaption><\/figure>\n\n\n\n<p>Aunque no es com\u00fan ver a hombres pelirrojos, las tendencias de cortes de cabello masculinos en tonos rojos para 2024 prometen looks sorprendentes y perfectos para quienes no temen cambios radicales en su apariencia.<\/p>\n\n\n\n<figure class=\"wp-block-image size-full\"><img loading=\"lazy\" decoding=\"async\" width=\"760\" height=\"555\" src=\"https:\/\/danidrops.com.br\/wp-content\/uploads\/2023\/12\/Corte-de-cabelo-masculino-Ruivo.jpg\" alt=\"Corte de pelo de hombre pelirrojo.\" class=\"wp-image-87297\" title=\"\" srcset=\"https:\/\/danidrops.com.br\/wp-content\/uploads\/2023\/12\/Corte-de-cabelo-masculino-Ruivo.jpg 760w, https:\/\/danidrops.com.br\/wp-content\/uploads\/2023\/12\/Corte-de-cabelo-masculino-Ruivo-300x219.jpg 300w, https:\/\/danidrops.com.br\/wp-content\/uploads\/2023\/12\/Corte-de-cabelo-masculino-Ruivo-16x12.jpg 16w, https:\/\/danidrops.com.br\/wp-content\/uploads\/2023\/12\/Corte-de-cabelo-masculino-Ruivo-150x110.jpg 150w\" sizes=\"auto, (max-width: 760px) 100vw, 760px\" \/><figcaption class=\"wp-element-caption\">Corte de pelo de hombre pelirrojo.<\/figcaption><\/figure>\n\n\n\n<h2 class=\"wp-block-heading\"><span class=\"ez-toc-section\" id=\"Corte_de_cabelo_masculino_Castanho\"><\/span>Corte de pelo de hombre marr\u00f3n.<span class=\"ez-toc-section-end\"><\/span><\/h2>\n\n\n\n<p>Otro cl\u00e1sico que nunca pasa de moda es el corte de pelo de hombre casta\u00f1o, que puede tener diferentes matices, desde los m\u00e1s claros hasta los m\u00e1s oscuros y cerrados. Independientemente del tono elegido, el resultado es un color incre\u00edble y lleno de brillo.<\/p>\n\n\n\n<figure class=\"wp-block-image size-full\"><img loading=\"lazy\" decoding=\"async\" width=\"760\" height=\"555\" src=\"https:\/\/danidrops.com.br\/wp-content\/uploads\/2023\/12\/Castanho.jpg\" alt=\"Corte de pelo de hombre marr\u00f3n.\" class=\"wp-image-87295\" title=\"\" srcset=\"https:\/\/danidrops.com.br\/wp-content\/uploads\/2023\/12\/Castanho.jpg 760w, https:\/\/danidrops.com.br\/wp-content\/uploads\/2023\/12\/Castanho-300x219.jpg 300w, https:\/\/danidrops.com.br\/wp-content\/uploads\/2023\/12\/Castanho-16x12.jpg 16w, https:\/\/danidrops.com.br\/wp-content\/uploads\/2023\/12\/Castanho-150x110.jpg 150w\" sizes=\"auto, (max-width: 760px) 100vw, 760px\" \/><figcaption class=\"wp-element-caption\">Corte de pelo de hombre marr\u00f3n.<\/figcaption><\/figure>\n\n\n\n<p>Al ser un color intermedio entre el negro y el rubio, el mantenimiento del corte de pelo hombre coloraci\u00f3n 2024 debe ser frecuente, a menos que tengas el cabello casta\u00f1o natural. Tambi\u00e9n es importante recordar que, para tener una apariencia bella, es importante mantener el cabello sano.<\/p>\n\n\n\n<figure class=\"wp-block-image size-full\"><img loading=\"lazy\" decoding=\"async\" width=\"760\" height=\"555\" src=\"https:\/\/danidrops.com.br\/wp-content\/uploads\/2023\/12\/Castanho-2.jpg\" alt=\"Corte de pelo de hombre marr\u00f3n.\" class=\"wp-image-87294\" title=\"\" srcset=\"https:\/\/danidrops.com.br\/wp-content\/uploads\/2023\/12\/Castanho-2.jpg 760w, https:\/\/danidrops.com.br\/wp-content\/uploads\/2023\/12\/Castanho-2-300x219.jpg 300w, https:\/\/danidrops.com.br\/wp-content\/uploads\/2023\/12\/Castanho-2-16x12.jpg 16w, https:\/\/danidrops.com.br\/wp-content\/uploads\/2023\/12\/Castanho-2-150x110.jpg 150w\" sizes=\"auto, (max-width: 760px) 100vw, 760px\" \/><figcaption class=\"wp-element-caption\">Corte de pelo de hombre marr\u00f3n.<\/figcaption><\/figure>\n\n\n\n<h2 class=\"wp-block-heading\"><span class=\"ez-toc-section\" id=\"Corte_de_cabelo_masculino_Platinado\"><\/span>Corte de pelo de hombre platino.<span class=\"ez-toc-section-end\"><\/span><\/h2>\n\n\n\n<p>El cabello platino requiere mucho cuidado, ya que las hebras se vuelven fr\u00e1giles debido al proceso de coloraci\u00f3n del rubio muy claro. Aunque es la versi\u00f3n m\u00e1s clara del rubio, hay hombres que a\u00f1aden mechas o reflejos dorados o plateados para un resultado a\u00fan m\u00e1s incre\u00edble.<\/p>\n\n\n\n<figure class=\"wp-block-image size-full\"><img loading=\"lazy\" decoding=\"async\" width=\"760\" height=\"555\" src=\"https:\/\/danidrops.com.br\/wp-content\/uploads\/2023\/12\/Platinado.jpg\" alt=\"Corte de pelo de hombre platino.\" class=\"wp-image-87287\" title=\"\" srcset=\"https:\/\/danidrops.com.br\/wp-content\/uploads\/2023\/12\/Platinado.jpg 760w, https:\/\/danidrops.com.br\/wp-content\/uploads\/2023\/12\/Platinado-300x219.jpg 300w, https:\/\/danidrops.com.br\/wp-content\/uploads\/2023\/12\/Platinado-16x12.jpg 16w, https:\/\/danidrops.com.br\/wp-content\/uploads\/2023\/12\/Platinado-150x110.jpg 150w\" sizes=\"auto, (max-width: 760px) 100vw, 760px\" \/><figcaption class=\"wp-element-caption\">Corte de pelo de hombre platino.<\/figcaption><\/figure>\n\n\n\n<figure class=\"wp-block-image size-full\"><img loading=\"lazy\" decoding=\"async\" width=\"760\" height=\"555\" src=\"https:\/\/danidrops.com.br\/wp-content\/uploads\/2023\/12\/Platinado-2.jpg\" alt=\"Corte de pelo de hombre platino.\" class=\"wp-image-87286\" title=\"\" srcset=\"https:\/\/danidrops.com.br\/wp-content\/uploads\/2023\/12\/Platinado-2.jpg 760w, https:\/\/danidrops.com.br\/wp-content\/uploads\/2023\/12\/Platinado-2-300x219.jpg 300w, https:\/\/danidrops.com.br\/wp-content\/uploads\/2023\/12\/Platinado-2-16x12.jpg 16w, https:\/\/danidrops.com.br\/wp-content\/uploads\/2023\/12\/Platinado-2-150x110.jpg 150w\" sizes=\"auto, (max-width: 760px) 100vw, 760px\" \/><figcaption class=\"wp-element-caption\">Corte de pelo de hombre platino.<\/figcaption><\/figure>\n\n\n\n<h2 class=\"wp-block-heading\"><span class=\"ez-toc-section\" id=\"Corte_de_cabelo_masculino_Branco\"><\/span>Corte de pelo de hombre blanco.<span class=\"ez-toc-section-end\"><\/span><\/h2>\n\n\n\n<p>El corte de pelo de un hombre blanco es un color dif\u00edcil de lograr y por esta raz\u00f3n, la mayor\u00eda de los hombres con cabello blanco tienen un color natural. Durante la fase en la que el cabello se vuelve blanco, algunos a\u00fan permanecen oscuros y a esta coloraci\u00f3n se le llama canas.<\/p>\n\n\n\n<figure class=\"wp-block-image size-full\"><img loading=\"lazy\" decoding=\"async\" width=\"760\" height=\"555\" src=\"https:\/\/danidrops.com.br\/wp-content\/uploads\/2023\/12\/Branco.jpg\" alt=\"Corte de pelo de hombre blanco.\" class=\"wp-image-87293\" title=\"\" srcset=\"https:\/\/danidrops.com.br\/wp-content\/uploads\/2023\/12\/Branco.jpg 760w, https:\/\/danidrops.com.br\/wp-content\/uploads\/2023\/12\/Branco-300x219.jpg 300w, https:\/\/danidrops.com.br\/wp-content\/uploads\/2023\/12\/Branco-16x12.jpg 16w, https:\/\/danidrops.com.br\/wp-content\/uploads\/2023\/12\/Branco-150x110.jpg 150w\" sizes=\"auto, (max-width: 760px) 100vw, 760px\" \/><figcaption class=\"wp-element-caption\">Corte de pelo de hombre blanco.<\/figcaption><\/figure>\n\n\n\n<figure class=\"wp-block-image size-full\"><img loading=\"lazy\" decoding=\"async\" width=\"760\" height=\"555\" src=\"https:\/\/danidrops.com.br\/wp-content\/uploads\/2023\/12\/Branco-2.jpg\" alt=\"Corte de pelo de hombre blanco.\" class=\"wp-image-87292\" title=\"\" srcset=\"https:\/\/danidrops.com.br\/wp-content\/uploads\/2023\/12\/Branco-2.jpg 760w, https:\/\/danidrops.com.br\/wp-content\/uploads\/2023\/12\/Branco-2-300x219.jpg 300w, https:\/\/danidrops.com.br\/wp-content\/uploads\/2023\/12\/Branco-2-16x12.jpg 16w, https:\/\/danidrops.com.br\/wp-content\/uploads\/2023\/12\/Branco-2-150x110.jpg 150w\" sizes=\"auto, (max-width: 760px) 100vw, 760px\" \/><figcaption class=\"wp-element-caption\">Corte de pelo de hombre blanco.<\/figcaption><\/figure>\n\n\n\n<h2 class=\"wp-block-heading\"><span class=\"ez-toc-section\" id=\"Corte_de_cabelo_masculino_Loiro\"><\/span>Corte de pelo de hombre rubio.<span class=\"ez-toc-section-end\"><\/span><\/h2>\n\n\n\n<p>El a\u00f1o 2024 estar\u00e1 marcado por la presencia de cortes de pelo masculinos rubios en todas sus variaciones y tonalidades. Las hebras pueden tener un color completamente uniforme o tener algunos reflejos y mechas para iluminar el look.<\/p>\n\n\n\n<figure class=\"wp-block-image size-full\"><img loading=\"lazy\" decoding=\"async\" width=\"760\" height=\"555\" src=\"https:\/\/danidrops.com.br\/wp-content\/uploads\/2023\/12\/Loiro.jpg\" alt=\"Corte de pelo de hombre rubio.\" class=\"wp-image-87285\" title=\"\" srcset=\"https:\/\/danidrops.com.br\/wp-content\/uploads\/2023\/12\/Loiro.jpg 760w, https:\/\/danidrops.com.br\/wp-content\/uploads\/2023\/12\/Loiro-300x219.jpg 300w, https:\/\/danidrops.com.br\/wp-content\/uploads\/2023\/12\/Loiro-16x12.jpg 16w, https:\/\/danidrops.com.br\/wp-content\/uploads\/2023\/12\/Loiro-150x110.jpg 150w\" sizes=\"auto, (max-width: 760px) 100vw, 760px\" \/><figcaption class=\"wp-element-caption\">Corte de pelo de hombre rubio.<\/figcaption><\/figure>\n\n\n\n<figure class=\"wp-block-image size-full\"><img loading=\"lazy\" decoding=\"async\" width=\"760\" height=\"555\" src=\"https:\/\/danidrops.com.br\/wp-content\/uploads\/2023\/12\/Loiro-2.jpg\" alt=\"Corte de pelo de hombre rubio.\" class=\"wp-image-87284\" title=\"\" srcset=\"https:\/\/danidrops.com.br\/wp-content\/uploads\/2023\/12\/Loiro-2.jpg 760w, https:\/\/danidrops.com.br\/wp-content\/uploads\/2023\/12\/Loiro-2-300x219.jpg 300w, https:\/\/danidrops.com.br\/wp-content\/uploads\/2023\/12\/Loiro-2-16x12.jpg 16w, https:\/\/danidrops.com.br\/wp-content\/uploads\/2023\/12\/Loiro-2-150x110.jpg 150w\" sizes=\"auto, (max-width: 760px) 100vw, 760px\" \/><figcaption class=\"wp-element-caption\">Corte de pelo de hombre rubio.<\/figcaption><\/figure>\n\n\n\n<h2 class=\"wp-block-heading\"><span class=\"ez-toc-section\" id=\"Corte_de_cabelo_masculino_Colorido\"><\/span>Corte de pelo de hombre de color.<span class=\"ez-toc-section-end\"><\/span><\/h2>\n\n\n\n<p>Otra tendencia entre los hombres para 2024 es el cabello te\u00f1ido en colores fantas\u00eda, que puede tener uno o varios colores mezclados. Este tipo de look ser\u00e1 muy utilizado entre los j\u00f3venes, que quieren expresar su personalidad y estilo.<\/p>\n\n\n\n<figure class=\"wp-block-image size-full\"><img loading=\"lazy\" decoding=\"async\" width=\"760\" height=\"555\" src=\"https:\/\/danidrops.com.br\/wp-content\/uploads\/2023\/12\/Colorido.jpg\" alt=\"Corte de pelo de hombre de color.\" class=\"wp-image-87283\" title=\"\" srcset=\"https:\/\/danidrops.com.br\/wp-content\/uploads\/2023\/12\/Colorido.jpg 760w, https:\/\/danidrops.com.br\/wp-content\/uploads\/2023\/12\/Colorido-300x219.jpg 300w, https:\/\/danidrops.com.br\/wp-content\/uploads\/2023\/12\/Colorido-16x12.jpg 16w, https:\/\/danidrops.com.br\/wp-content\/uploads\/2023\/12\/Colorido-150x110.jpg 150w\" sizes=\"auto, (max-width: 760px) 100vw, 760px\" \/><figcaption class=\"wp-element-caption\">Corte de pelo de hombre de color.<\/figcaption><\/figure>\n\n\n\n<p>Algunos de los colores m\u00e1s utilizados en estos casos ser\u00e1n el azul, verde, rojo, morado, rosa y lila. Adem\u00e1s de estos, se pueden observar otras variaciones de color con un solo color o con varios de ellos.<\/p>\n\n\n\n<figure class=\"wp-block-image size-full\"><img loading=\"lazy\" decoding=\"async\" width=\"760\" height=\"555\" src=\"https:\/\/danidrops.com.br\/wp-content\/uploads\/2023\/12\/Colorido-2.jpg\" alt=\"Corte de pelo de hombre de color.\" class=\"wp-image-87282\" title=\"\" srcset=\"https:\/\/danidrops.com.br\/wp-content\/uploads\/2023\/12\/Colorido-2.jpg 760w, https:\/\/danidrops.com.br\/wp-content\/uploads\/2023\/12\/Colorido-2-300x219.jpg 300w, https:\/\/danidrops.com.br\/wp-content\/uploads\/2023\/12\/Colorido-2-16x12.jpg 16w, https:\/\/danidrops.com.br\/wp-content\/uploads\/2023\/12\/Colorido-2-150x110.jpg 150w\" sizes=\"auto, (max-width: 760px) 100vw, 760px\" \/><figcaption class=\"wp-element-caption\">Corte de pelo de hombre de color.<\/figcaption><\/figure>\n\n\n\n<h2 class=\"wp-block-heading\"><span class=\"ez-toc-section\" id=\"Cabelo_masculino_ondulado\"><\/span>cabello masculino ondulado<span class=\"ez-toc-section-end\"><\/span><\/h2>\n\n\n\n<p>Hay muchos cortes de pelo de hombre ondulados y debes elegir el modelo que mejor se adapte a tu personalidad y estilo. La versatilidad de los cortes es grande, desde el m\u00e1s corto hasta el m\u00e1s largo.<\/p>\n\n\n\n<figure class=\"wp-block-image size-full\"><img loading=\"lazy\" decoding=\"async\" width=\"760\" height=\"555\" src=\"https:\/\/danidrops.com.br\/wp-content\/uploads\/2023\/12\/Cabelo-masculino-ondulado.jpg\" alt=\"cabello masculino ondulado\" class=\"wp-image-87392\" title=\"\" srcset=\"https:\/\/danidrops.com.br\/wp-content\/uploads\/2023\/12\/Cabelo-masculino-ondulado.jpg 760w, https:\/\/danidrops.com.br\/wp-content\/uploads\/2023\/12\/Cabelo-masculino-ondulado-300x219.jpg 300w, https:\/\/danidrops.com.br\/wp-content\/uploads\/2023\/12\/Cabelo-masculino-ondulado-16x12.jpg 16w, https:\/\/danidrops.com.br\/wp-content\/uploads\/2023\/12\/Cabelo-masculino-ondulado-150x110.jpg 150w\" sizes=\"auto, (max-width: 760px) 100vw, 760px\" \/><figcaption class=\"wp-element-caption\">cabello masculino ondulado<\/figcaption><\/figure>\n\n\n\n<p>Las ondas en este tipo de corte de cabello masculino 2024 buscan potenciar el movimiento y la textura, por ello, todos los cortes deben terminarse seg\u00fan las preferencias personales de cada persona, con el fin de definir la forma y realzar el volumen.<\/p>\n\n\n\n<figure class=\"wp-block-image size-full\"><img loading=\"lazy\" decoding=\"async\" width=\"760\" height=\"555\" src=\"https:\/\/danidrops.com.br\/wp-content\/uploads\/2023\/12\/Cabelo-masculino-ondulado-2.jpg\" alt=\"cabello masculino ondulado\" class=\"wp-image-87391\" title=\"\" srcset=\"https:\/\/danidrops.com.br\/wp-content\/uploads\/2023\/12\/Cabelo-masculino-ondulado-2.jpg 760w, https:\/\/danidrops.com.br\/wp-content\/uploads\/2023\/12\/Cabelo-masculino-ondulado-2-300x219.jpg 300w, https:\/\/danidrops.com.br\/wp-content\/uploads\/2023\/12\/Cabelo-masculino-ondulado-2-16x12.jpg 16w, https:\/\/danidrops.com.br\/wp-content\/uploads\/2023\/12\/Cabelo-masculino-ondulado-2-150x110.jpg 150w\" sizes=\"auto, (max-width: 760px) 100vw, 760px\" \/><figcaption class=\"wp-element-caption\">cabello masculino ondulado<\/figcaption><\/figure>\n\n\n\n<h2 class=\"wp-block-heading\"><span class=\"ez-toc-section\" id=\"Cabelo_masculino_com_letra\"><\/span>cabello masculino con letra<span class=\"ez-toc-section-end\"><\/span><\/h2>\n\n\n\n<p>Cada a\u00f1o se lanza una nueva tendencia de moda y el corte de pelo con letras para hombre es una fuerte novedad entre los hombres para el a\u00f1o 2024. Para hacer las letras es necesario tener los lados o la nuca afeitados y la parte superior del cabello se puede terminar de acuerdo a tu preferencia.<\/p>\n\n\n\n<figure class=\"wp-block-image size-full\"><img loading=\"lazy\" decoding=\"async\" width=\"760\" height=\"555\" src=\"https:\/\/danidrops.com.br\/wp-content\/uploads\/2023\/12\/Cabelo-masculino-com-letra.jpg\" alt=\"cabello masculino con letra\" class=\"wp-image-87386\" title=\"\" srcset=\"https:\/\/danidrops.com.br\/wp-content\/uploads\/2023\/12\/Cabelo-masculino-com-letra.jpg 760w, https:\/\/danidrops.com.br\/wp-content\/uploads\/2023\/12\/Cabelo-masculino-com-letra-300x219.jpg 300w, https:\/\/danidrops.com.br\/wp-content\/uploads\/2023\/12\/Cabelo-masculino-com-letra-16x12.jpg 16w, https:\/\/danidrops.com.br\/wp-content\/uploads\/2023\/12\/Cabelo-masculino-com-letra-150x110.jpg 150w\" sizes=\"auto, (max-width: 760px) 100vw, 760px\" \/><figcaption class=\"wp-element-caption\">cabello masculino con letra<\/figcaption><\/figure>\n\n\n\n<p>Puedes usar solo letras a los lados o palabras completas como nombres, marcas famosas, \u00eddolos, pel\u00edculas, series, juegos y mucho m\u00e1s. Utilice fuentes hermosas y diferentes para obtener un resultado a\u00fan m\u00e1s sorprendente.<\/p>\n\n\n\n<figure class=\"wp-block-image size-full\"><img loading=\"lazy\" decoding=\"async\" width=\"760\" height=\"555\" src=\"https:\/\/danidrops.com.br\/wp-content\/uploads\/2023\/12\/Cabelo-masculino-com-letra-2.jpg\" alt=\"cabello masculino con letra\" class=\"wp-image-87385\" title=\"\" srcset=\"https:\/\/danidrops.com.br\/wp-content\/uploads\/2023\/12\/Cabelo-masculino-com-letra-2.jpg 760w, https:\/\/danidrops.com.br\/wp-content\/uploads\/2023\/12\/Cabelo-masculino-com-letra-2-300x219.jpg 300w, https:\/\/danidrops.com.br\/wp-content\/uploads\/2023\/12\/Cabelo-masculino-com-letra-2-16x12.jpg 16w, https:\/\/danidrops.com.br\/wp-content\/uploads\/2023\/12\/Cabelo-masculino-com-letra-2-150x110.jpg 150w\" sizes=\"auto, (max-width: 760px) 100vw, 760px\" \/><figcaption class=\"wp-element-caption\">cabello masculino con letra<\/figcaption><\/figure>\n\n\n\n<h2 class=\"wp-block-heading\"><span class=\"ez-toc-section\" id=\"Cabelo_masculino_com_listra\"><\/span>Cabello de hombre con rayas.<span class=\"ez-toc-section-end\"><\/span><\/h2>\n\n\n\n<p>Adem\u00e1s de las letras, el corte de pelo masculino a rayas tambi\u00e9n es un cl\u00e1sico entre los hombres modernos y sofisticados. Para resaltar las mechas, que pueden ser solas o en peque\u00f1os grupos, los lados del cabello deben ser escotados o rapados.<\/p>\n\n\n\n<figure class=\"wp-block-image size-full\"><img loading=\"lazy\" decoding=\"async\" width=\"760\" height=\"555\" src=\"https:\/\/danidrops.com.br\/wp-content\/uploads\/2023\/12\/Cabelo-masculino-com-listra.jpg\" alt=\"Cabello de hombre con rayas.\" class=\"wp-image-87388\" title=\"\" srcset=\"https:\/\/danidrops.com.br\/wp-content\/uploads\/2023\/12\/Cabelo-masculino-com-listra.jpg 760w, https:\/\/danidrops.com.br\/wp-content\/uploads\/2023\/12\/Cabelo-masculino-com-listra-300x219.jpg 300w, https:\/\/danidrops.com.br\/wp-content\/uploads\/2023\/12\/Cabelo-masculino-com-listra-16x12.jpg 16w, https:\/\/danidrops.com.br\/wp-content\/uploads\/2023\/12\/Cabelo-masculino-com-listra-150x110.jpg 150w\" sizes=\"auto, (max-width: 760px) 100vw, 760px\" \/><figcaption class=\"wp-element-caption\">Cabello de hombre con rayas.<\/figcaption><\/figure>\n\n\n\n<p>Varios acabados y peinados se adaptan a este tipo de corte de pelo masculino 2024 y la elecci\u00f3n del tipo, direcci\u00f3n y \u00e1ngulo de las rayas se determina en funci\u00f3n de tus objetivos con el look, que es muy casual y elegante.<\/p>\n\n\n\n<figure class=\"wp-block-image size-full\"><img loading=\"lazy\" decoding=\"async\" width=\"760\" height=\"555\" src=\"https:\/\/danidrops.com.br\/wp-content\/uploads\/2023\/12\/Cabelo-masculino-com-listra-2.jpg\" alt=\"Cabello de hombre con rayas.\" class=\"wp-image-87387\" title=\"\" srcset=\"https:\/\/danidrops.com.br\/wp-content\/uploads\/2023\/12\/Cabelo-masculino-com-listra-2.jpg 760w, https:\/\/danidrops.com.br\/wp-content\/uploads\/2023\/12\/Cabelo-masculino-com-listra-2-300x219.jpg 300w, https:\/\/danidrops.com.br\/wp-content\/uploads\/2023\/12\/Cabelo-masculino-com-listra-2-16x12.jpg 16w, https:\/\/danidrops.com.br\/wp-content\/uploads\/2023\/12\/Cabelo-masculino-com-listra-2-150x110.jpg 150w\" sizes=\"auto, (max-width: 760px) 100vw, 760px\" \/><figcaption class=\"wp-element-caption\">Cabello de hombre con rayas.<\/figcaption><\/figure>\n\n\n\n<h2 class=\"wp-block-heading\"><span class=\"ez-toc-section\" id=\"Cabelo_masculino_americano\"><\/span>cabello masculino americano<span class=\"ez-toc-section-end\"><\/span><\/h2>\n\n\n\n<p>Uno de los looks m\u00e1s tradicionales entre los hombres es el <strong><a href=\"https:\/\/danidrops.com.br\/es\/tendencia-de-corte-de-pelo-americano\/\" data-type=\"link\" data-id=\"https:\/\/danidrops.com.br\/tendencia-corte-de-cabelo-americano\/\">corte de pelo de los hombres americanos<\/a><\/strong>, que tiene los costados inferiores y la parte superior de la cabeza con mucho volumen, generalmente con un copete.<\/p>\n\n\n\n<figure class=\"wp-block-image size-full\"><img loading=\"lazy\" decoding=\"async\" width=\"760\" height=\"555\" src=\"https:\/\/danidrops.com.br\/wp-content\/uploads\/2023\/12\/Cabelo-masculino-americano.jpg\" alt=\"cabello masculino americano\" class=\"wp-image-87384\" title=\"\" srcset=\"https:\/\/danidrops.com.br\/wp-content\/uploads\/2023\/12\/Cabelo-masculino-americano.jpg 760w, https:\/\/danidrops.com.br\/wp-content\/uploads\/2023\/12\/Cabelo-masculino-americano-300x219.jpg 300w, https:\/\/danidrops.com.br\/wp-content\/uploads\/2023\/12\/Cabelo-masculino-americano-16x12.jpg 16w, https:\/\/danidrops.com.br\/wp-content\/uploads\/2023\/12\/Cabelo-masculino-americano-150x110.jpg 150w\" sizes=\"auto, (max-width: 760px) 100vw, 760px\" \/><figcaption class=\"wp-element-caption\">cabello masculino americano<\/figcaption><\/figure>\n\n\n\n<p>Cada a\u00f1o se lanzan nuevas tendencias de moda y belleza y actualmente existen varios tipos de cortes americanos, los cuales tienen peque\u00f1as variaciones entre ellos, como el largo a los lados de la cabeza.<\/p>\n\n\n\n<figure class=\"wp-block-image size-full\"><img loading=\"lazy\" decoding=\"async\" width=\"760\" height=\"555\" src=\"https:\/\/danidrops.com.br\/wp-content\/uploads\/2023\/12\/Cabelo-masculino-americano-2.jpg\" alt=\"cabello masculino americano\" class=\"wp-image-87383\" title=\"\" srcset=\"https:\/\/danidrops.com.br\/wp-content\/uploads\/2023\/12\/Cabelo-masculino-americano-2.jpg 760w, https:\/\/danidrops.com.br\/wp-content\/uploads\/2023\/12\/Cabelo-masculino-americano-2-300x219.jpg 300w, https:\/\/danidrops.com.br\/wp-content\/uploads\/2023\/12\/Cabelo-masculino-americano-2-16x12.jpg 16w, https:\/\/danidrops.com.br\/wp-content\/uploads\/2023\/12\/Cabelo-masculino-americano-2-150x110.jpg 150w\" sizes=\"auto, (max-width: 760px) 100vw, 760px\" \/><figcaption class=\"wp-element-caption\">cabello masculino americano<\/figcaption><\/figure>\n\n\n\n<p>Este corte de pelo para hombre 2024 es uno de los m\u00e1s cl\u00e1sicos y utilizados, ya que se puede realizar en todo tipo de cabello y combina bien con todas las formas de rostro. Adem\u00e1s, es un corte que se puede asociar con otras t\u00e9cnicas como rayas, letras y dise\u00f1os en los laterales.<\/p>\n\n\n\n<h2 class=\"wp-block-heading\"><span class=\"ez-toc-section\" id=\"Cabelo_masculino_degrade\"><\/span>cabello masculino degradado<span class=\"ez-toc-section-end\"><\/span><\/h2>\n\n\n\n<p>El cabello degradado para hombres es un corte con largos graduales, que comienzan muy cortos en la nuca y se alargan hasta la parte superior de la cabeza, formando la mayor\u00eda de las veces un hermoso copete.<\/p>\n\n\n\n<figure class=\"wp-block-image size-full\"><img loading=\"lazy\" decoding=\"async\" width=\"760\" height=\"555\" src=\"https:\/\/danidrops.com.br\/wp-content\/uploads\/2023\/12\/Cabelo-masculino-degrade.jpg\" alt=\"cabello masculino degradado\" class=\"wp-image-87390\" title=\"\" srcset=\"https:\/\/danidrops.com.br\/wp-content\/uploads\/2023\/12\/Cabelo-masculino-degrade.jpg 760w, https:\/\/danidrops.com.br\/wp-content\/uploads\/2023\/12\/Cabelo-masculino-degrade-300x219.jpg 300w, https:\/\/danidrops.com.br\/wp-content\/uploads\/2023\/12\/Cabelo-masculino-degrade-16x12.jpg 16w, https:\/\/danidrops.com.br\/wp-content\/uploads\/2023\/12\/Cabelo-masculino-degrade-150x110.jpg 150w\" sizes=\"auto, (max-width: 760px) 100vw, 760px\" \/><figcaption class=\"wp-element-caption\">cabello masculino degradado<\/figcaption><\/figure>\n\n\n\n<p>Este corte de pelo para hombre 2024 es muy moderno y sofisticado y los toques finales se pueden realizar de diferentes formas, dependiendo de las preferencias personales de cada hombre.<\/p>\n\n\n\n<figure class=\"wp-block-image size-full\"><img loading=\"lazy\" decoding=\"async\" width=\"760\" height=\"555\" src=\"https:\/\/danidrops.com.br\/wp-content\/uploads\/2023\/12\/Cabelo-masculino-degrade-2.jpg\" alt=\"cabello masculino degradado\" class=\"wp-image-87389\" title=\"\" srcset=\"https:\/\/danidrops.com.br\/wp-content\/uploads\/2023\/12\/Cabelo-masculino-degrade-2.jpg 760w, https:\/\/danidrops.com.br\/wp-content\/uploads\/2023\/12\/Cabelo-masculino-degrade-2-300x219.jpg 300w, https:\/\/danidrops.com.br\/wp-content\/uploads\/2023\/12\/Cabelo-masculino-degrade-2-16x12.jpg 16w, https:\/\/danidrops.com.br\/wp-content\/uploads\/2023\/12\/Cabelo-masculino-degrade-2-150x110.jpg 150w\" sizes=\"auto, (max-width: 760px) 100vw, 760px\" \/><figcaption class=\"wp-element-caption\">cabello masculino degradado<\/figcaption><\/figure>\n\n\n\n<h2 class=\"wp-block-heading\"><span class=\"ez-toc-section\" id=\"Cabelo_masculino_pintado\"><\/span>cabello masculino te\u00f1ido<span class=\"ez-toc-section-end\"><\/span><\/h2>\n\n\n\n<p>Cada d\u00eda que pasa los hombres se preocupan m\u00e1s por su belleza y el primer cambio que buscan est\u00e1 en su cabello, ya que este tiene el poder de llevar su mirada a otro nivel. Se pueden utilizar varios colores de tinte, desde los m\u00e1s cl\u00e1sicos hasta los m\u00e1s diferentes y atrevidos.<\/p>\n\n\n\n<figure class=\"wp-block-image size-full\"><img loading=\"lazy\" decoding=\"async\" width=\"760\" height=\"555\" src=\"https:\/\/danidrops.com.br\/wp-content\/uploads\/2023\/12\/Cabelo-masculino-pintado-2.jpg\" alt=\"cabello masculino te\u00f1ido\" class=\"wp-image-87393\" title=\"\" srcset=\"https:\/\/danidrops.com.br\/wp-content\/uploads\/2023\/12\/Cabelo-masculino-pintado-2.jpg 760w, https:\/\/danidrops.com.br\/wp-content\/uploads\/2023\/12\/Cabelo-masculino-pintado-2-300x219.jpg 300w, https:\/\/danidrops.com.br\/wp-content\/uploads\/2023\/12\/Cabelo-masculino-pintado-2-16x12.jpg 16w, https:\/\/danidrops.com.br\/wp-content\/uploads\/2023\/12\/Cabelo-masculino-pintado-2-150x110.jpg 150w\" sizes=\"auto, (max-width: 760px) 100vw, 760px\" \/><figcaption class=\"wp-element-caption\">cabello masculino te\u00f1ido<\/figcaption><\/figure>\n\n\n\n<p>Para combinar con los mejores cortes de pelo masculinos de 2024, muchas tendencias de colores ser\u00e1n populares entre los hombres, como el platino, el rubio claro, el blanco, el lila, el morado, el rosa y el rojo.<\/p>\n\n\n\n<figure class=\"wp-block-image size-full\"><img loading=\"lazy\" decoding=\"async\" width=\"760\" height=\"555\" src=\"https:\/\/danidrops.com.br\/wp-content\/uploads\/2023\/12\/Cabelo-masculino-pintado.jpg\" alt=\"cabello masculino te\u00f1ido\" class=\"wp-image-87368\" title=\"\" srcset=\"https:\/\/danidrops.com.br\/wp-content\/uploads\/2023\/12\/Cabelo-masculino-pintado.jpg 760w, https:\/\/danidrops.com.br\/wp-content\/uploads\/2023\/12\/Cabelo-masculino-pintado-300x219.jpg 300w, https:\/\/danidrops.com.br\/wp-content\/uploads\/2023\/12\/Cabelo-masculino-pintado-16x12.jpg 16w, https:\/\/danidrops.com.br\/wp-content\/uploads\/2023\/12\/Cabelo-masculino-pintado-150x110.jpg 150w\" sizes=\"auto, (max-width: 760px) 100vw, 760px\" \/><figcaption class=\"wp-element-caption\">cabello masculino te\u00f1ido<\/figcaption><\/figure>\n\n\n\n<h2 class=\"wp-block-heading\"><span class=\"ez-toc-section\" id=\"Corte_de_cabelo_masculino_com_Franja_Longa\"><\/span>Corte de pelo de hombre con flequillo largo.<span class=\"ez-toc-section-end\"><\/span><\/h2>\n\n\n\n<p>El corte de pelo masculino con flequillo largo es una tendencia que ya forma parte de la vida de los hombres modernos y con estilo, especialmente de aquellos que disfrutan de un look original y lleno de actitud.<\/p>\n\n\n\n<figure class=\"wp-block-image size-full\"><img loading=\"lazy\" decoding=\"async\" width=\"760\" height=\"555\" src=\"https:\/\/danidrops.com.br\/wp-content\/uploads\/2023\/12\/Corte-de-cabelo-masculino-com-Franja-Longa.jpg\" alt=\"Corte de pelo de hombre con flequillo largo.\" class=\"wp-image-87374\" title=\"\" srcset=\"https:\/\/danidrops.com.br\/wp-content\/uploads\/2023\/12\/Corte-de-cabelo-masculino-com-Franja-Longa.jpg 760w, https:\/\/danidrops.com.br\/wp-content\/uploads\/2023\/12\/Corte-de-cabelo-masculino-com-Franja-Longa-300x219.jpg 300w, https:\/\/danidrops.com.br\/wp-content\/uploads\/2023\/12\/Corte-de-cabelo-masculino-com-Franja-Longa-16x12.jpg 16w, https:\/\/danidrops.com.br\/wp-content\/uploads\/2023\/12\/Corte-de-cabelo-masculino-com-Franja-Longa-150x110.jpg 150w\" sizes=\"auto, (max-width: 760px) 100vw, 760px\" \/><figcaption class=\"wp-element-caption\">Corte de pelo de hombre con flequillo largo.<\/figcaption><\/figure>\n\n\n\n<p>Los flequillos largos combinan bien con otros cortes de pelo masculinos 2024, como degradados, rayas, dise\u00f1os y otros. Adem\u00e1s, aportan un look relajado, vers\u00e1til y muy sofisticado.<\/p>\n\n\n\n<figure class=\"wp-block-image size-full\"><img loading=\"lazy\" decoding=\"async\" width=\"760\" height=\"555\" src=\"https:\/\/danidrops.com.br\/wp-content\/uploads\/2023\/12\/Corte-de-cabelo-masculino-com-Franja-Longa-2.jpg\" alt=\"Corte de pelo de hombre con flequillo largo.\" class=\"wp-image-87373\" title=\"\" srcset=\"https:\/\/danidrops.com.br\/wp-content\/uploads\/2023\/12\/Corte-de-cabelo-masculino-com-Franja-Longa-2.jpg 760w, https:\/\/danidrops.com.br\/wp-content\/uploads\/2023\/12\/Corte-de-cabelo-masculino-com-Franja-Longa-2-300x219.jpg 300w, https:\/\/danidrops.com.br\/wp-content\/uploads\/2023\/12\/Corte-de-cabelo-masculino-com-Franja-Longa-2-16x12.jpg 16w, https:\/\/danidrops.com.br\/wp-content\/uploads\/2023\/12\/Corte-de-cabelo-masculino-com-Franja-Longa-2-150x110.jpg 150w\" sizes=\"auto, (max-width: 760px) 100vw, 760px\" \/><figcaption class=\"wp-element-caption\">Corte de pelo de hombre con flequillo largo.<\/figcaption><\/figure>\n\n\n\n<h2 class=\"wp-block-heading\"><span class=\"ez-toc-section\" id=\"Corte_de_cabelo_masculino_Bowl_Cut\"><\/span>corte de pelo de los hombres de corte de taz\u00f3n<span class=\"ez-toc-section-end\"><\/span><\/h2>\n\n\n\n<p>Algunas tendencias de la moda de a\u00f1os pasados siempre regresan con toda su fuerza en ciertas \u00e9pocas y el corte de pelo masculino Bowl Cut es una de esas adaptaciones que lleg\u00f3 para quedarse.<\/p>\n\n\n\n<figure class=\"wp-block-image size-full\"><img loading=\"lazy\" decoding=\"async\" width=\"760\" height=\"555\" src=\"https:\/\/danidrops.com.br\/wp-content\/uploads\/2023\/12\/Corte-de-cabelo-masculino-Bowl-Cut.jpg\" alt=\"corte de pelo de los hombres de corte de taz\u00f3n\" class=\"wp-image-87372\" title=\"\" srcset=\"https:\/\/danidrops.com.br\/wp-content\/uploads\/2023\/12\/Corte-de-cabelo-masculino-Bowl-Cut.jpg 760w, https:\/\/danidrops.com.br\/wp-content\/uploads\/2023\/12\/Corte-de-cabelo-masculino-Bowl-Cut-300x219.jpg 300w, https:\/\/danidrops.com.br\/wp-content\/uploads\/2023\/12\/Corte-de-cabelo-masculino-Bowl-Cut-16x12.jpg 16w, https:\/\/danidrops.com.br\/wp-content\/uploads\/2023\/12\/Corte-de-cabelo-masculino-Bowl-Cut-150x110.jpg 150w\" sizes=\"auto, (max-width: 760px) 100vw, 760px\" \/><figcaption class=\"wp-element-caption\">corte de pelo de los hombres de corte de taz\u00f3n<\/figcaption><\/figure>\n\n\n\n<p>Una adaptaci\u00f3n del corte \u201cbowl\u201d, el Bowl Cut es un corte vers\u00e1til y pr\u00e1ctico, perfecto para quienes quieren un look atrevido, creativo y totalmente diferente al tradicional. Todos los hombres pueden usarlo, sin embargo, el cabello liso y ondulado tienen mejores resultados de corte.<\/p>\n\n\n\n<figure class=\"wp-block-image size-full\"><img loading=\"lazy\" decoding=\"async\" width=\"760\" height=\"555\" src=\"https:\/\/danidrops.com.br\/wp-content\/uploads\/2023\/12\/Corte-de-cabelo-masculino-Bowl-Cut-2.jpg\" alt=\"corte de pelo de los hombres de corte de taz\u00f3n\" class=\"wp-image-87371\" title=\"\" srcset=\"https:\/\/danidrops.com.br\/wp-content\/uploads\/2023\/12\/Corte-de-cabelo-masculino-Bowl-Cut-2.jpg 760w, https:\/\/danidrops.com.br\/wp-content\/uploads\/2023\/12\/Corte-de-cabelo-masculino-Bowl-Cut-2-300x219.jpg 300w, https:\/\/danidrops.com.br\/wp-content\/uploads\/2023\/12\/Corte-de-cabelo-masculino-Bowl-Cut-2-16x12.jpg 16w, https:\/\/danidrops.com.br\/wp-content\/uploads\/2023\/12\/Corte-de-cabelo-masculino-Bowl-Cut-2-150x110.jpg 150w\" sizes=\"auto, (max-width: 760px) 100vw, 760px\" \/><figcaption class=\"wp-element-caption\">corte de pelo de los hombres de corte de taz\u00f3n<\/figcaption><\/figure>\n\n\n\n<h2 class=\"wp-block-heading\"><span class=\"ez-toc-section\" id=\"Corte_de_cabelo_masculino_Spiky_Hair\"><\/span>Corte de pelo para hombres Cabello puntiagudo<span class=\"ez-toc-section-end\"><\/span><\/h2>\n\n\n\n<p>Otro cl\u00e1sico entre los hombres es el corte de pelo masculino Spiky Hair, que lleva las puntas peinadas y dispuestas hacia arriba, levantadas expresamente. Los costados pueden estar afeitados, cortos o descoloridos, lo importante es el volumen en la parte superior de la cabeza.<\/p>\n\n\n\n<figure class=\"wp-block-image size-full\"><img loading=\"lazy\" decoding=\"async\" width=\"760\" height=\"555\" src=\"https:\/\/danidrops.com.br\/wp-content\/uploads\/2023\/12\/Corte-de-cabelo-masculino-Spiky-Hair.jpg\" alt=\"Corte de pelo para hombres Cabello puntiagudo\" class=\"wp-image-87380\" title=\"\" srcset=\"https:\/\/danidrops.com.br\/wp-content\/uploads\/2023\/12\/Corte-de-cabelo-masculino-Spiky-Hair.jpg 760w, https:\/\/danidrops.com.br\/wp-content\/uploads\/2023\/12\/Corte-de-cabelo-masculino-Spiky-Hair-300x219.jpg 300w, https:\/\/danidrops.com.br\/wp-content\/uploads\/2023\/12\/Corte-de-cabelo-masculino-Spiky-Hair-16x12.jpg 16w, https:\/\/danidrops.com.br\/wp-content\/uploads\/2023\/12\/Corte-de-cabelo-masculino-Spiky-Hair-150x110.jpg 150w\" sizes=\"auto, (max-width: 760px) 100vw, 760px\" \/><figcaption class=\"wp-element-caption\">Corte de pelo para hombres Cabello puntiagudo<\/figcaption><\/figure>\n\n\n\n<figure class=\"wp-block-image size-full\"><img loading=\"lazy\" decoding=\"async\" width=\"760\" height=\"555\" src=\"https:\/\/danidrops.com.br\/wp-content\/uploads\/2023\/12\/Corte-de-cabelo-masculino-Spiky-Hair-2.jpg\" alt=\"Corte de pelo para hombres Cabello puntiagudo\" class=\"wp-image-87379\" title=\"\" srcset=\"https:\/\/danidrops.com.br\/wp-content\/uploads\/2023\/12\/Corte-de-cabelo-masculino-Spiky-Hair-2.jpg 760w, https:\/\/danidrops.com.br\/wp-content\/uploads\/2023\/12\/Corte-de-cabelo-masculino-Spiky-Hair-2-300x219.jpg 300w, https:\/\/danidrops.com.br\/wp-content\/uploads\/2023\/12\/Corte-de-cabelo-masculino-Spiky-Hair-2-16x12.jpg 16w, https:\/\/danidrops.com.br\/wp-content\/uploads\/2023\/12\/Corte-de-cabelo-masculino-Spiky-Hair-2-150x110.jpg 150w\" sizes=\"auto, (max-width: 760px) 100vw, 760px\" \/><figcaption class=\"wp-element-caption\">Corte de pelo para hombres Cabello puntiagudo<\/figcaption><\/figure>\n\n\n\n<h2 class=\"wp-block-heading\"><span class=\"ez-toc-section\" id=\"Corte_de_cabelo_masculino_Textured_Crop\"><\/span>Corte de pelo corto texturizado para hombres<span class=\"ez-toc-section-end\"><\/span><\/h2>\n\n\n\n<p>El a\u00f1o 2024 estar\u00e1 marcado por varios cortes irregulares y asim\u00e9tricos, como el corte de pelo masculino Textured Crop. En este modelo, los costados son cortos, afeitados o descoloridos y la parte superior de la cabeza se mantiene \u201cdesordenada\u201d, creando una textura en el cabello.<\/p>\n\n\n\n<figure class=\"wp-block-image size-full\"><img loading=\"lazy\" decoding=\"async\" width=\"760\" height=\"555\" src=\"https:\/\/danidrops.com.br\/wp-content\/uploads\/2023\/12\/Corte-de-cabelo-masculino-Textured-Crop.jpg\" alt=\"Corte de pelo corto texturizado para hombres\" class=\"wp-image-87382\" title=\"\" srcset=\"https:\/\/danidrops.com.br\/wp-content\/uploads\/2023\/12\/Corte-de-cabelo-masculino-Textured-Crop.jpg 760w, https:\/\/danidrops.com.br\/wp-content\/uploads\/2023\/12\/Corte-de-cabelo-masculino-Textured-Crop-300x219.jpg 300w, https:\/\/danidrops.com.br\/wp-content\/uploads\/2023\/12\/Corte-de-cabelo-masculino-Textured-Crop-16x12.jpg 16w, https:\/\/danidrops.com.br\/wp-content\/uploads\/2023\/12\/Corte-de-cabelo-masculino-Textured-Crop-150x110.jpg 150w\" sizes=\"auto, (max-width: 760px) 100vw, 760px\" \/><figcaption class=\"wp-element-caption\">Corte de pelo corto texturizado para hombres<\/figcaption><\/figure>\n\n\n\n<p>Realizar este tipo de corte de pelo masculino 2024 requiere paciencia, dedicaci\u00f3n y compromiso, ya que lleva tiempo terminarlo de esta manera. Adem\u00e1s, el mantenimiento del corte debe ser frecuente para mantener la forma del peinado.<\/p>\n\n\n\n<figure class=\"wp-block-image size-full\"><img loading=\"lazy\" decoding=\"async\" width=\"760\" height=\"555\" src=\"https:\/\/danidrops.com.br\/wp-content\/uploads\/2023\/12\/Corte-de-cabelo-masculino-Textured-Crop-2.jpg\" alt=\"Corte de pelo corto texturizado para hombres\" class=\"wp-image-87381\" title=\"\" srcset=\"https:\/\/danidrops.com.br\/wp-content\/uploads\/2023\/12\/Corte-de-cabelo-masculino-Textured-Crop-2.jpg 760w, https:\/\/danidrops.com.br\/wp-content\/uploads\/2023\/12\/Corte-de-cabelo-masculino-Textured-Crop-2-300x219.jpg 300w, https:\/\/danidrops.com.br\/wp-content\/uploads\/2023\/12\/Corte-de-cabelo-masculino-Textured-Crop-2-16x12.jpg 16w, https:\/\/danidrops.com.br\/wp-content\/uploads\/2023\/12\/Corte-de-cabelo-masculino-Textured-Crop-2-150x110.jpg 150w\" sizes=\"auto, (max-width: 760px) 100vw, 760px\" \/><figcaption class=\"wp-element-caption\">Corte de pelo corto texturizado para hombres<\/figcaption><\/figure>\n\n\n\n<h2 class=\"wp-block-heading\"><span class=\"ez-toc-section\" id=\"Corte_de_cabelo_masculino_com_trancas\"><\/span>Corte de pelo de hombre con trenzas.<span class=\"ez-toc-section-end\"><\/span><\/h2>\n\n\n\n<p>Muchos hombres optan por un corte de pelo masculino con trenzas, ya que aportan un look casual, relajado y muy moderno. Aunque muchas personas creen que s\u00f3lo el cabello largo puede beneficiarse de las trenzas, esto no es cierto.<\/p>\n\n\n\n<figure class=\"wp-block-image size-full\"><img loading=\"lazy\" decoding=\"async\" width=\"760\" height=\"555\" src=\"https:\/\/danidrops.com.br\/wp-content\/uploads\/2023\/12\/Corte-de-cabelo-masculino-com-trancas.jpg\" alt=\"Corte de pelo de hombre con trenzas.\" class=\"wp-image-87376\" title=\"\" srcset=\"https:\/\/danidrops.com.br\/wp-content\/uploads\/2023\/12\/Corte-de-cabelo-masculino-com-trancas.jpg 760w, https:\/\/danidrops.com.br\/wp-content\/uploads\/2023\/12\/Corte-de-cabelo-masculino-com-trancas-300x219.jpg 300w, https:\/\/danidrops.com.br\/wp-content\/uploads\/2023\/12\/Corte-de-cabelo-masculino-com-trancas-16x12.jpg 16w, https:\/\/danidrops.com.br\/wp-content\/uploads\/2023\/12\/Corte-de-cabelo-masculino-com-trancas-150x110.jpg 150w\" sizes=\"auto, (max-width: 760px) 100vw, 760px\" \/><figcaption class=\"wp-element-caption\">Corte de pelo de hombre con trenzas.<\/figcaption><\/figure>\n\n\n\n<p>Todos los cabellos pueden tener bonitas trenzas a lo largo de su longitud, desde las m\u00e1s cortas hasta las m\u00e1s largas. Los modelos de trenzas pueden variar seg\u00fan las preferencias de cada hombre, sin embargo, las m\u00e1s utilizadas son las Trenzas Box y Nag\u00f4.<\/p>\n\n\n\n<figure class=\"wp-block-image size-full\"><img loading=\"lazy\" decoding=\"async\" width=\"760\" height=\"555\" src=\"https:\/\/danidrops.com.br\/wp-content\/uploads\/2023\/12\/Corte-de-cabelo-masculino-com-trancas-2.jpg\" alt=\"Corte de pelo de hombre con trenzas.\" class=\"wp-image-87375\" title=\"\" srcset=\"https:\/\/danidrops.com.br\/wp-content\/uploads\/2023\/12\/Corte-de-cabelo-masculino-com-trancas-2.jpg 760w, https:\/\/danidrops.com.br\/wp-content\/uploads\/2023\/12\/Corte-de-cabelo-masculino-com-trancas-2-300x219.jpg 300w, https:\/\/danidrops.com.br\/wp-content\/uploads\/2023\/12\/Corte-de-cabelo-masculino-com-trancas-2-16x12.jpg 16w, https:\/\/danidrops.com.br\/wp-content\/uploads\/2023\/12\/Corte-de-cabelo-masculino-com-trancas-2-150x110.jpg 150w\" sizes=\"auto, (max-width: 760px) 100vw, 760px\" \/><figcaption class=\"wp-element-caption\">Corte de pelo de hombre con trenzas.<\/figcaption><\/figure>\n\n\n\n<h2 class=\"wp-block-heading\"><span class=\"ez-toc-section\" id=\"Corte_de_cabelo_masculino_Slicked_Back\"><\/span>Corte de pelo peinado hacia atr\u00e1s para hombres<span class=\"ez-toc-section-end\"><\/span><\/h2>\n\n\n\n<p>Como se mencion\u00f3 anteriormente, el corte de pelo masculino Slicked Back es un viejo cl\u00e1sico que ha regresado entre los hombres modernos y con estilo. En este tipo de corte, los lados son cortos y la parte superior de la cabeza tiene mechones m\u00e1s largos que se peinan hacia atr\u00e1s.<\/p>\n\n\n\n<figure class=\"wp-block-image size-full\"><img loading=\"lazy\" decoding=\"async\" width=\"760\" height=\"555\" src=\"https:\/\/danidrops.com.br\/wp-content\/uploads\/2023\/12\/Corte-de-cabelo-masculino-Slicked-Back-2.jpg\" alt=\"Corte de pelo peinado hacia atr\u00e1s para hombres\" class=\"wp-image-87377\" title=\"\" srcset=\"https:\/\/danidrops.com.br\/wp-content\/uploads\/2023\/12\/Corte-de-cabelo-masculino-Slicked-Back-2.jpg 760w, https:\/\/danidrops.com.br\/wp-content\/uploads\/2023\/12\/Corte-de-cabelo-masculino-Slicked-Back-2-300x219.jpg 300w, https:\/\/danidrops.com.br\/wp-content\/uploads\/2023\/12\/Corte-de-cabelo-masculino-Slicked-Back-2-16x12.jpg 16w, https:\/\/danidrops.com.br\/wp-content\/uploads\/2023\/12\/Corte-de-cabelo-masculino-Slicked-Back-2-150x110.jpg 150w\" sizes=\"auto, (max-width: 760px) 100vw, 760px\" \/><figcaption class=\"wp-element-caption\">Corte de pelo peinado hacia atr\u00e1s para hombres<\/figcaption><\/figure>\n\n\n\n<figure class=\"wp-block-image size-full\"><img loading=\"lazy\" decoding=\"async\" width=\"760\" height=\"555\" src=\"https:\/\/danidrops.com.br\/wp-content\/uploads\/2023\/12\/Corte-de-cabelo-masculino-Slicked-Back.jpg\" alt=\"Corte de pelo peinado hacia atr\u00e1s para hombres\" class=\"wp-image-87378\" title=\"\" srcset=\"https:\/\/danidrops.com.br\/wp-content\/uploads\/2023\/12\/Corte-de-cabelo-masculino-Slicked-Back.jpg 760w, https:\/\/danidrops.com.br\/wp-content\/uploads\/2023\/12\/Corte-de-cabelo-masculino-Slicked-Back-300x219.jpg 300w, https:\/\/danidrops.com.br\/wp-content\/uploads\/2023\/12\/Corte-de-cabelo-masculino-Slicked-Back-16x12.jpg 16w, https:\/\/danidrops.com.br\/wp-content\/uploads\/2023\/12\/Corte-de-cabelo-masculino-Slicked-Back-150x110.jpg 150w\" sizes=\"auto, (max-width: 760px) 100vw, 760px\" \/><figcaption class=\"wp-element-caption\">Corte de pelo peinado hacia atr\u00e1s para hombres<\/figcaption><\/figure>\n\n\n\n<h2 class=\"wp-block-heading\"><span class=\"ez-toc-section\" id=\"Corte_de_cabelo_masculino_afro\"><\/span>corte de pelo afro para hombres<span class=\"ez-toc-section-end\"><\/span><\/h2>\n\n\n\n<p>Existen muchos tipos de cortes de cabello para hombres afro y debes elegir el modelo que mejor se adapte a tu personalidad y estilo. Algunos hombres prefieren cortes escotados y discretos, otros disfrutan de un look m\u00e1s informal y voluminoso.<\/p>\n\n\n\n<figure class=\"wp-block-image size-full\"><img loading=\"lazy\" decoding=\"async\" width=\"760\" height=\"555\" src=\"https:\/\/danidrops.com.br\/wp-content\/uploads\/2023\/12\/Corte-de-cabelo-masculino-afro.jpg\" alt=\"corte de pelo afro para hombres\" class=\"wp-image-87370\" title=\"\" srcset=\"https:\/\/danidrops.com.br\/wp-content\/uploads\/2023\/12\/Corte-de-cabelo-masculino-afro.jpg 760w, https:\/\/danidrops.com.br\/wp-content\/uploads\/2023\/12\/Corte-de-cabelo-masculino-afro-300x219.jpg 300w, https:\/\/danidrops.com.br\/wp-content\/uploads\/2023\/12\/Corte-de-cabelo-masculino-afro-16x12.jpg 16w, https:\/\/danidrops.com.br\/wp-content\/uploads\/2023\/12\/Corte-de-cabelo-masculino-afro-150x110.jpg 150w\" sizes=\"auto, (max-width: 760px) 100vw, 760px\" \/><figcaption class=\"wp-element-caption\">corte de pelo afro para hombres<\/figcaption><\/figure>\n\n\n\n<figure class=\"wp-block-image size-full\"><img loading=\"lazy\" decoding=\"async\" width=\"760\" height=\"555\" src=\"https:\/\/danidrops.com.br\/wp-content\/uploads\/2023\/12\/Corte-de-cabelo-masculino-afro-2.jpg\" alt=\"corte de pelo afro para hombres\" class=\"wp-image-87369\" title=\"\" srcset=\"https:\/\/danidrops.com.br\/wp-content\/uploads\/2023\/12\/Corte-de-cabelo-masculino-afro-2.jpg 760w, https:\/\/danidrops.com.br\/wp-content\/uploads\/2023\/12\/Corte-de-cabelo-masculino-afro-2-300x219.jpg 300w, https:\/\/danidrops.com.br\/wp-content\/uploads\/2023\/12\/Corte-de-cabelo-masculino-afro-2-16x12.jpg 16w, https:\/\/danidrops.com.br\/wp-content\/uploads\/2023\/12\/Corte-de-cabelo-masculino-afro-2-150x110.jpg 150w\" sizes=\"auto, (max-width: 760px) 100vw, 760px\" \/><figcaption class=\"wp-element-caption\">corte de pelo afro para hombres<\/figcaption><\/figure>\n\n\n\n<p>Todos estos hombres pueden ser atendidos con cortes adaptados a su estilo personal, s\u00f3lo tienes que elegir el corte de pelo de hombre 2024 que quieras hacerte para empezar el a\u00f1o con buen pie.&nbsp;<\/p>\n\n\n\n<h2 class=\"wp-block-heading\"><span class=\"ez-toc-section\" id=\"Corte_de_cabelo_masculino_Faux_Hawk\"><\/span>Corte de pelo de halc\u00f3n falso para hombre<span class=\"ez-toc-section-end\"><\/span><\/h2>\n\n\n\n<p>El corte de pelo Faux Hawk es una interpretaci\u00f3n moderna y menos dram\u00e1tica del corte tradicional Mohawk. Se caracteriza por tener un pelo m\u00e1s largo en la parte superior de la cabeza que disminuye gradualmente en longitud a los lados.<\/p>\n\n\n\n<figure class=\"wp-block-image size-full\"><img loading=\"lazy\" decoding=\"async\" width=\"760\" height=\"555\" src=\"https:\/\/danidrops.com.br\/wp-content\/uploads\/2024\/01\/Corte-de-cabelo-masculino-Faux-Hawk.jpg\" alt=\"Corte de pelo de halc\u00f3n falso para hombre\" class=\"wp-image-88891\" title=\"\" srcset=\"https:\/\/danidrops.com.br\/wp-content\/uploads\/2024\/01\/Corte-de-cabelo-masculino-Faux-Hawk.jpg 760w, https:\/\/danidrops.com.br\/wp-content\/uploads\/2024\/01\/Corte-de-cabelo-masculino-Faux-Hawk-300x219.jpg 300w, https:\/\/danidrops.com.br\/wp-content\/uploads\/2024\/01\/Corte-de-cabelo-masculino-Faux-Hawk-16x12.jpg 16w, https:\/\/danidrops.com.br\/wp-content\/uploads\/2024\/01\/Corte-de-cabelo-masculino-Faux-Hawk-150x110.jpg 150w\" sizes=\"auto, (max-width: 760px) 100vw, 760px\" \/><figcaption class=\"wp-element-caption\">Corte de pelo de halc\u00f3n falso para hombre<\/figcaption><\/figure>\n\n\n\n<p>La versatilidad del Faux Hawk es una de sus mayores ventajas, ya que se puede dise\u00f1ar de diversas formas para adaptarse a ocasiones formales o informales. Adem\u00e1s, es un corte que se puede adaptar para funcionar bien en diferentes texturas de cabello, lo que lo convierte en una opci\u00f3n popular entre hombres de todas las edades y profesiones.<\/p>\n\n\n\n<figure class=\"wp-block-image size-full\"><img loading=\"lazy\" decoding=\"async\" width=\"760\" height=\"555\" src=\"https:\/\/danidrops.com.br\/wp-content\/uploads\/2024\/01\/Corte-de-cabelo-masculino-Faux-Hawk-2.jpg\" alt=\"Corte de pelo de halc\u00f3n falso para hombre\" class=\"wp-image-88890\" title=\"\" srcset=\"https:\/\/danidrops.com.br\/wp-content\/uploads\/2024\/01\/Corte-de-cabelo-masculino-Faux-Hawk-2.jpg 760w, https:\/\/danidrops.com.br\/wp-content\/uploads\/2024\/01\/Corte-de-cabelo-masculino-Faux-Hawk-2-300x219.jpg 300w, https:\/\/danidrops.com.br\/wp-content\/uploads\/2024\/01\/Corte-de-cabelo-masculino-Faux-Hawk-2-16x12.jpg 16w, https:\/\/danidrops.com.br\/wp-content\/uploads\/2024\/01\/Corte-de-cabelo-masculino-Faux-Hawk-2-150x110.jpg 150w\" sizes=\"auto, (max-width: 760px) 100vw, 760px\" \/><figcaption class=\"wp-element-caption\">Corte de pelo de halc\u00f3n falso para hombre<\/figcaption><\/figure>\n\n\n\n<h2 class=\"wp-block-heading\"><span class=\"ez-toc-section\" id=\"Corte_de_cabelo_masculino_Mohawk\"><\/span>Corte de pelo de hombre mohawk<span class=\"ez-toc-section-end\"><\/span><\/h2>\n\n\n\n<p>El corte de pelo Mohawk, tambi\u00e9n conocido como iroqu\u00e9s, es un estilo atrevido y llamativo que tiene sus ra\u00edces en la cultura ind\u00edgena de Am\u00e9rica del Norte.<\/p>\n\n\n\n<figure class=\"wp-block-image size-full\"><img loading=\"lazy\" decoding=\"async\" width=\"760\" height=\"555\" src=\"https:\/\/danidrops.com.br\/wp-content\/uploads\/2024\/01\/Corte-de-cabelo-masculino-Mohawk-2.jpg\" alt=\"Corte de pelo de hombre mohawk\" class=\"wp-image-88888\" title=\"\" srcset=\"https:\/\/danidrops.com.br\/wp-content\/uploads\/2024\/01\/Corte-de-cabelo-masculino-Mohawk-2.jpg 760w, https:\/\/danidrops.com.br\/wp-content\/uploads\/2024\/01\/Corte-de-cabelo-masculino-Mohawk-2-300x219.jpg 300w, https:\/\/danidrops.com.br\/wp-content\/uploads\/2024\/01\/Corte-de-cabelo-masculino-Mohawk-2-16x12.jpg 16w, https:\/\/danidrops.com.br\/wp-content\/uploads\/2024\/01\/Corte-de-cabelo-masculino-Mohawk-2-150x110.jpg 150w\" sizes=\"auto, (max-width: 760px) 100vw, 760px\" \/><figcaption class=\"wp-element-caption\">Corte de pelo de hombre mohawk<\/figcaption><\/figure>\n\n\n\n<p>Caracterizado por una franja de cabello larga y estrecha en la parte superior de la cabeza, con los lados generalmente afeitados, el Mohawk es un s\u00edmbolo de rebeli\u00f3n e individualidad. A pesar de destacarse como un estilo vanguardista, el Mohawk tambi\u00e9n se ha adaptado a una variedad de estilos m\u00e1s suaves y port\u00e1tiles, como el Faux Hawk mencionado anteriormente.<\/p>\n\n\n\n<figure class=\"wp-block-image size-full\"><img loading=\"lazy\" decoding=\"async\" width=\"760\" height=\"555\" src=\"https:\/\/danidrops.com.br\/wp-content\/uploads\/2024\/01\/Corte-de-cabelo-masculino-Mohawk.jpg\" alt=\"Corte de pelo de hombre mohawk\" class=\"wp-image-88889\" title=\"\" srcset=\"https:\/\/danidrops.com.br\/wp-content\/uploads\/2024\/01\/Corte-de-cabelo-masculino-Mohawk.jpg 760w, https:\/\/danidrops.com.br\/wp-content\/uploads\/2024\/01\/Corte-de-cabelo-masculino-Mohawk-300x219.jpg 300w, https:\/\/danidrops.com.br\/wp-content\/uploads\/2024\/01\/Corte-de-cabelo-masculino-Mohawk-16x12.jpg 16w, https:\/\/danidrops.com.br\/wp-content\/uploads\/2024\/01\/Corte-de-cabelo-masculino-Mohawk-150x110.jpg 150w\" sizes=\"auto, (max-width: 760px) 100vw, 760px\" \/><figcaption class=\"wp-element-caption\">Corte de pelo de hombre mohawk<\/figcaption><\/figure>\n\n\n\n<p>Sin embargo, independientemente de sus variaciones, el Mohawk sigue siendo un corte de pelo que hace una declaraci\u00f3n de estilo audaz e inconfundible.<\/p>\n\n\n\n<h2 class=\"wp-block-heading\"><span class=\"ez-toc-section\" id=\"Corte_de_cabelo_masculino_iroques\"><\/span>Corte de pelo de hombre iroqu\u00e9s.<span class=\"ez-toc-section-end\"><\/span><\/h2>\n\n\n\n<p>El corte de pelo iroqu\u00e9s, ampliamente conocido como Mohawk, es un estilo que no teme llamar la atenci\u00f3n. Herencia de la cultura ind\u00edgena, este corte de pelo est\u00e1 profundamente arraigado en la expresi\u00f3n de identidad e individualidad.<\/p>\n\n\n\n<figure class=\"wp-block-image size-full\"><img loading=\"lazy\" decoding=\"async\" width=\"760\" height=\"555\" src=\"https:\/\/danidrops.com.br\/wp-content\/uploads\/2024\/01\/Corte-de-cabelo-masculino-iroques.jpg\" alt=\"Corte de pelo de hombre iroqu\u00e9s.\" class=\"wp-image-88887\" title=\"\" srcset=\"https:\/\/danidrops.com.br\/wp-content\/uploads\/2024\/01\/Corte-de-cabelo-masculino-iroques.jpg 760w, https:\/\/danidrops.com.br\/wp-content\/uploads\/2024\/01\/Corte-de-cabelo-masculino-iroques-300x219.jpg 300w, https:\/\/danidrops.com.br\/wp-content\/uploads\/2024\/01\/Corte-de-cabelo-masculino-iroques-16x12.jpg 16w, https:\/\/danidrops.com.br\/wp-content\/uploads\/2024\/01\/Corte-de-cabelo-masculino-iroques-150x110.jpg 150w\" sizes=\"auto, (max-width: 760px) 100vw, 760px\" \/><figcaption class=\"wp-element-caption\">Corte de pelo de hombre iroqu\u00e9s.<\/figcaption><\/figure>\n\n\n\n<p>El elemento central de los iroqueses es la banda de pelo en la parte superior de la cabeza, que a menudo se eleva en espectaculares p\u00faas. Los lados de la cabeza suelen estar afeitados, lo que acent\u00faa a\u00fan m\u00e1s la cresta central del corte.<\/p>\n\n\n\n<figure class=\"wp-block-image size-full\"><img loading=\"lazy\" decoding=\"async\" width=\"760\" height=\"555\" src=\"https:\/\/danidrops.com.br\/wp-content\/uploads\/2024\/01\/Corte-de-cabelo-masculino-iroques-2.jpg\" alt=\"Corte de pelo de hombre iroqu\u00e9s.\" class=\"wp-image-88886\" title=\"\" srcset=\"https:\/\/danidrops.com.br\/wp-content\/uploads\/2024\/01\/Corte-de-cabelo-masculino-iroques-2.jpg 760w, https:\/\/danidrops.com.br\/wp-content\/uploads\/2024\/01\/Corte-de-cabelo-masculino-iroques-2-300x219.jpg 300w, https:\/\/danidrops.com.br\/wp-content\/uploads\/2024\/01\/Corte-de-cabelo-masculino-iroques-2-16x12.jpg 16w, https:\/\/danidrops.com.br\/wp-content\/uploads\/2024\/01\/Corte-de-cabelo-masculino-iroques-2-150x110.jpg 150w\" sizes=\"auto, (max-width: 760px) 100vw, 760px\" \/><figcaption class=\"wp-element-caption\">Corte de pelo de hombre iroqu\u00e9s.<\/figcaption><\/figure>\n\n\n\n<p>Este estilo se puede personalizar de varias maneras, como agregando color o variaciones en la altura y forma del escudo. Aunque se trata de un corte audaz, el iroqu\u00e9s ha influido en muchos estilos m\u00e1s modernos y vers\u00e1tiles, como el Faux Hawk. Sin embargo, el cl\u00e1sico iroqu\u00e9s sigue siendo una poderosa declaraci\u00f3n de originalidad y audacia.<\/p>\n\n\n\n<h2 class=\"wp-block-heading\"><span class=\"ez-toc-section\" id=\"Corte_de_Cabelo_masculino_Americano\"><\/span>corte de pelo de los hombres americanos<span class=\"ez-toc-section-end\"><\/span><\/h2>\n\n\n\n<p>O <strong><a href=\"https:\/\/danidrops.com.br\/es\/tendencia-de-corte-de-cabelo-americano-2024\/\" data-type=\"link\" data-id=\"https:\/\/danidrops.com.br\/tendencia-de-corte-de-cabelo-americano-2024\/\">corte de pelo de los hombres americanos<\/a><\/strong>, tambi\u00e9n conocido como \u201cAmerican Crew Cut\u201d, es un estilo cl\u00e1sico que destaca por su practicidad y elegancia atemporal. Originario de los Estados Unidos, el corte se caracteriza por un cabello m\u00e1s corto en los costados y la espalda, con un largo gradualmente mayor en la parte superior de la cabeza. <\/p>\n\n\n\n<figure class=\"wp-block-image size-full\"><img loading=\"lazy\" decoding=\"async\" width=\"760\" height=\"555\" src=\"https:\/\/danidrops.com.br\/wp-content\/uploads\/2024\/02\/Corte-de-Cabelo-masculino-Americano.jpg\" alt=\"corte de pelo de los hombres americanos\" class=\"wp-image-90776\" title=\"\" srcset=\"https:\/\/danidrops.com.br\/wp-content\/uploads\/2024\/02\/Corte-de-Cabelo-masculino-Americano.jpg 760w, https:\/\/danidrops.com.br\/wp-content\/uploads\/2024\/02\/Corte-de-Cabelo-masculino-Americano-300x219.jpg 300w, https:\/\/danidrops.com.br\/wp-content\/uploads\/2024\/02\/Corte-de-Cabelo-masculino-Americano-16x12.jpg 16w, https:\/\/danidrops.com.br\/wp-content\/uploads\/2024\/02\/Corte-de-Cabelo-masculino-Americano-150x110.jpg 150w\" sizes=\"auto, (max-width: 760px) 100vw, 760px\" \/><figcaption class=\"wp-element-caption\">corte de pelo de los hombres americanos<\/figcaption><\/figure>\n\n\n\n<p>Esta progresi\u00f3n crea una apariencia limpia y definida que es a la vez profesional y f\u00e1cil de mantener, lo que convierte al American Crew Cut en una opci\u00f3n popular para hombres de todas las edades.<\/p>\n\n\n\n<figure class=\"wp-block-image size-full\"><img loading=\"lazy\" decoding=\"async\" width=\"760\" height=\"555\" src=\"https:\/\/danidrops.com.br\/wp-content\/uploads\/2024\/02\/Corte-de-Cabelo-masculino-Americano-2.jpg\" alt=\"corte de pelo de los hombres americanos\" class=\"wp-image-90775\" title=\"\" srcset=\"https:\/\/danidrops.com.br\/wp-content\/uploads\/2024\/02\/Corte-de-Cabelo-masculino-Americano-2.jpg 760w, https:\/\/danidrops.com.br\/wp-content\/uploads\/2024\/02\/Corte-de-Cabelo-masculino-Americano-2-300x219.jpg 300w, https:\/\/danidrops.com.br\/wp-content\/uploads\/2024\/02\/Corte-de-Cabelo-masculino-Americano-2-16x12.jpg 16w, https:\/\/danidrops.com.br\/wp-content\/uploads\/2024\/02\/Corte-de-Cabelo-masculino-Americano-2-150x110.jpg 150w\" sizes=\"auto, (max-width: 760px) 100vw, 760px\" \/><figcaption class=\"wp-element-caption\">corte de pelo de los hombres americanos<\/figcaption><\/figure>\n<div id=\"ez-toc-container\" class=\"ez-toc-v2_0_76 counter-hierarchy ez-toc-counter ez-toc-grey ez-toc-container-direction\">\n<p class=\"ez-toc-title\" style=\"cursor:inherit\">Leer\u00e1s este art\u00edculo<\/p>\n<label for=\"ez-toc-cssicon-toggle-item-69f1a66ef2724\" class=\"ez-toc-cssicon-toggle-label\"><span class=\"ez-toc-cssicon\"><span class=\"eztoc-hide\" style=\"display:none;\">Palanca<\/span><span class=\"ez-toc-icon-toggle-span\"><svg style=\"fill: #999;color:#999\" xmlns=\"http:\/\/www.w3.org\/2000\/svg\" class=\"list-377408\" width=\"20px\" height=\"20px\" viewbox=\"0 0 24 24\" fill=\"none\"><path d=\"M6 6H4v2h2V6zm14 0H8v2h12V6zM4 11h2v2H4v-2zm16 0H8v2h12v-2zM4 16h2v2H4v-2zm16 0H8v2h12v-2z\" fill=\"currentColor\"><\/path><\/svg><svg style=\"fill: #999;color:#999\" class=\"arrow-unsorted-368013\" xmlns=\"http:\/\/www.w3.org\/2000\/svg\" width=\"10px\" height=\"10px\" viewbox=\"0 0 24 24\" version=\"1.2\" baseprofile=\"tiny\"><path d=\"M18.2 9.3l-6.2-6.3-6.2 6.3c-.2.2-.3.4-.3.7s.1.5.3.7c.2.2.4.3.7.3h11c.3 0 .5-.1.7-.3.2-.2.3-.5.3-.7s-.1-.5-.3-.7zM5.8 14.7l6.2 6.3 6.2-6.3c.2-.2.3-.5.3-.7s-.1-.5-.3-.7c-.2-.2-.4-.3-.7-.3h-11c-.3 0-.5.1-.7.3-.2.2-.3.5-.3.7s.1.5.3.7z\"\/><\/svg><\/span><\/span><\/label><input type=\"checkbox\"  id=\"ez-toc-cssicon-toggle-item-69f1a66ef2724\"  aria-label=\"Palanca\" \/><nav><ul class='ez-toc-list ez-toc-list-level-1' ><li class='ez-toc-page-1 ez-toc-heading-level-2'><a class=\"ez-toc-link ez-toc-heading-1\" href=\"https:\/\/danidrops.com.br\/es\/corte-de-cabello-masculino-2024\/#Quais_os_cortes_de_cabelos_masculinos_mais_usados_em_2024\" >\u00bfCu\u00e1les son los cortes de pelo masculinos m\u00e1s populares en 2024?<\/a><\/li><li class='ez-toc-page-1 ez-toc-heading-level-2'><a class=\"ez-toc-link ez-toc-heading-2\" href=\"https:\/\/danidrops.com.br\/es\/corte-de-cabello-masculino-2024\/#Cabelo_masculino_curto\" >Cabello corto masculino<\/a><\/li><li class='ez-toc-page-1 ez-toc-heading-level-2'><a class=\"ez-toc-link ez-toc-heading-3\" href=\"https:\/\/danidrops.com.br\/es\/corte-de-cabello-masculino-2024\/#Corte_de_cabelo_masculino_Undercut\" >Corte de cabello de hombres recortado<\/a><\/li><li class='ez-toc-page-1 ez-toc-heading-level-2'><a class=\"ez-toc-link ez-toc-heading-4\" href=\"https:\/\/danidrops.com.br\/es\/corte-de-cabello-masculino-2024\/#Corte_de_cabelo_masculino_militar\" >Corte de cabello militar para hombres<\/a><\/li><li class='ez-toc-page-1 ez-toc-heading-level-2'><a class=\"ez-toc-link ez-toc-heading-5\" href=\"https:\/\/danidrops.com.br\/es\/corte-de-cabello-masculino-2024\/#Corte_de_cabelo_masculino_Pompadour\" >Corte de cabello copete para hombres<\/a><\/li><li class='ez-toc-page-1 ez-toc-heading-level-2'><a class=\"ez-toc-link ez-toc-heading-6\" href=\"https:\/\/danidrops.com.br\/es\/corte-de-cabello-masculino-2024\/#Corte_de_cabelo_masculino_Razor_Part\" >Corte de cabello de hombre Razor Part<\/a><\/li><li class='ez-toc-page-1 ez-toc-heading-level-2'><a class=\"ez-toc-link ez-toc-heading-7\" href=\"https:\/\/danidrops.com.br\/es\/corte-de-cabello-masculino-2024\/#Corte_de_cabelo_masculino_social\" >Corte de cabello social para hombres.<\/a><\/li><li class='ez-toc-page-1 ez-toc-heading-level-2'><a class=\"ez-toc-link ez-toc-heading-8\" href=\"https:\/\/danidrops.com.br\/es\/corte-de-cabello-masculino-2024\/#Cabelo_masculino_longo\" >Cabello largo masculino<\/a><\/li><li class='ez-toc-page-1 ez-toc-heading-level-2'><a class=\"ez-toc-link ez-toc-heading-9\" href=\"https:\/\/danidrops.com.br\/es\/corte-de-cabello-masculino-2024\/#Corte_de_cabelo_masculino_Surfista\" >Corte de cabello surfero para hombre.<\/a><\/li><li class='ez-toc-page-1 ez-toc-heading-level-2'><a class=\"ez-toc-link ez-toc-heading-10\" href=\"https:\/\/danidrops.com.br\/es\/corte-de-cabello-masculino-2024\/#Corte_de_cabelo_masculino_em_camadas\" >Corte de cabello en capas para hombres<\/a><\/li><li class='ez-toc-page-1 ez-toc-heading-level-2'><a class=\"ez-toc-link ez-toc-heading-11\" href=\"https:\/\/danidrops.com.br\/es\/corte-de-cabello-masculino-2024\/#Coque_Samurai_para_cabelo_masculino\" >Mo\u00f1o Samurai para el cabello de los hombres<\/a><\/li><li class='ez-toc-page-1 ez-toc-heading-level-2'><a class=\"ez-toc-link ez-toc-heading-12\" href=\"https:\/\/danidrops.com.br\/es\/corte-de-cabello-masculino-2024\/#Cabelo_masculino_medio\" >Cabello medio masculino<\/a><\/li><li class='ez-toc-page-1 ez-toc-heading-level-2'><a class=\"ez-toc-link ez-toc-heading-13\" href=\"https:\/\/danidrops.com.br\/es\/corte-de-cabello-masculino-2024\/#Corte_de_cabelo_masculino_Flow_Haircut\" >Corte de cabello de hombre Flow Haircut<\/a><\/li><li class='ez-toc-page-1 ez-toc-heading-level-2'><a class=\"ez-toc-link ez-toc-heading-14\" href=\"https:\/\/danidrops.com.br\/es\/corte-de-cabello-masculino-2024\/#Corte_de_cabelo_masculino_Eboy_Hairstyle\" >Corte de cabello de hombre Eboy Hairstyle<\/a><\/li><li class='ez-toc-page-1 ez-toc-heading-level-2'><a class=\"ez-toc-link ez-toc-heading-15\" href=\"https:\/\/danidrops.com.br\/es\/corte-de-cabello-masculino-2024\/#Corte_de_cabelo_masculino_Black_Power\" >Corte de cabello Black Power para hombre<\/a><\/li><li class='ez-toc-page-1 ez-toc-heading-level-2'><a class=\"ez-toc-link ez-toc-heading-16\" href=\"https:\/\/danidrops.com.br\/es\/corte-de-cabello-masculino-2024\/#Cabelo_masculino_cacheado\" >Cabello rizado masculino<\/a><\/li><li class='ez-toc-page-1 ez-toc-heading-level-2'><a class=\"ez-toc-link ez-toc-heading-17\" href=\"https:\/\/danidrops.com.br\/es\/corte-de-cabello-masculino-2024\/#Cabelo_masculino_crespo\" >Cabello rizado masculino<\/a><\/li><li class='ez-toc-page-1 ez-toc-heading-level-2'><a class=\"ez-toc-link ez-toc-heading-18\" href=\"https:\/\/danidrops.com.br\/es\/corte-de-cabello-masculino-2024\/#Cabelo_de_cabelo_masculino_liso\" >Cabello recto masculino<\/a><\/li><li class='ez-toc-page-1 ez-toc-heading-level-2'><a class=\"ez-toc-link ez-toc-heading-19\" href=\"https:\/\/danidrops.com.br\/es\/corte-de-cabello-masculino-2024\/#Cabelo_masculino_raspado\" >cabello masculino afeitado<\/a><\/li><li class='ez-toc-page-1 ez-toc-heading-level-2'><a class=\"ez-toc-link ez-toc-heading-20\" href=\"https:\/\/danidrops.com.br\/es\/corte-de-cabello-masculino-2024\/#Cabelo_masculino_com_luzes\" >Cabello de hombre con mechas<\/a><\/li><li class='ez-toc-page-1 ez-toc-heading-level-2'><a class=\"ez-toc-link ez-toc-heading-21\" href=\"https:\/\/danidrops.com.br\/es\/corte-de-cabello-masculino-2024\/#Quais_sao_os_formatos_de_rostos_masculinos_2024_mais_comuns\" >\u00bfCu\u00e1les son las formas de rostro masculino m\u00e1s comunes en 2024?<\/a><\/li><li class='ez-toc-page-1 ez-toc-heading-level-2'><a class=\"ez-toc-link ez-toc-heading-22\" href=\"https:\/\/danidrops.com.br\/es\/corte-de-cabello-masculino-2024\/#Rosto_com_formato_Oval\" >cara de forma ovalada<\/a><\/li><li class='ez-toc-page-1 ez-toc-heading-level-2'><a class=\"ez-toc-link ez-toc-heading-23\" href=\"https:\/\/danidrops.com.br\/es\/corte-de-cabello-masculino-2024\/#Rosto_com_formato_de_Coracao\" >Cara en forma de coraz\u00f3n<\/a><\/li><li class='ez-toc-page-1 ez-toc-heading-level-2'><a class=\"ez-toc-link ez-toc-heading-24\" href=\"https:\/\/danidrops.com.br\/es\/corte-de-cabello-masculino-2024\/#Rosto_com_formato_Diamante_ou_Losango\" >Cara en forma de diamante o rombo<\/a><\/li><li class='ez-toc-page-1 ez-toc-heading-level-2'><a class=\"ez-toc-link ez-toc-heading-25\" href=\"https:\/\/danidrops.com.br\/es\/corte-de-cabello-masculino-2024\/#Rosto_com_formato_Longo_ou_comprido\" >Forma de cara alargada o alargada<\/a><\/li><li class='ez-toc-page-1 ez-toc-heading-level-2'><a class=\"ez-toc-link ez-toc-heading-26\" href=\"https:\/\/danidrops.com.br\/es\/corte-de-cabello-masculino-2024\/#Rosto_com_formato_Redondo\" >Cara de forma redonda<\/a><\/li><li class='ez-toc-page-1 ez-toc-heading-level-2'><a class=\"ez-toc-link ez-toc-heading-27\" href=\"https:\/\/danidrops.com.br\/es\/corte-de-cabello-masculino-2024\/#Rosto_com_formato_Quadrado_ou_Retangular\" >Rostro de forma cuadrada o rectangular<\/a><\/li><li class='ez-toc-page-1 ez-toc-heading-level-2'><a class=\"ez-toc-link ez-toc-heading-28\" href=\"https:\/\/danidrops.com.br\/es\/corte-de-cabello-masculino-2024\/#Rosto_com_formato_de_Triangulo_invertido\" >Cara con forma de tri\u00e1ngulo invertido.<\/a><\/li><li class='ez-toc-page-1 ez-toc-heading-level-2'><a class=\"ez-toc-link ez-toc-heading-29\" href=\"https:\/\/danidrops.com.br\/es\/corte-de-cabello-masculino-2024\/#Quais_as_cores_de_cabelos_masculinos_mais_usadas_em_2024\" >\u00bfCu\u00e1les son los colores de cabello masculino m\u00e1s utilizados en 2024?<\/a><\/li><li class='ez-toc-page-1 ez-toc-heading-level-2'><a class=\"ez-toc-link ez-toc-heading-30\" href=\"https:\/\/danidrops.com.br\/es\/corte-de-cabello-masculino-2024\/#Corte_de_cabelo_masculino_Preto\" >Corte de pelo de hombre negro.<\/a><\/li><li class='ez-toc-page-1 ez-toc-heading-level-2'><a class=\"ez-toc-link ez-toc-heading-31\" href=\"https:\/\/danidrops.com.br\/es\/corte-de-cabello-masculino-2024\/#Corte_de_cabelo_masculino_Ruivo\" >Corte de pelo de hombre pelirrojo.<\/a><\/li><li class='ez-toc-page-1 ez-toc-heading-level-2'><a class=\"ez-toc-link ez-toc-heading-32\" href=\"https:\/\/danidrops.com.br\/es\/corte-de-cabello-masculino-2024\/#Corte_de_cabelo_masculino_Castanho\" >Corte de pelo de hombre marr\u00f3n.<\/a><\/li><li class='ez-toc-page-1 ez-toc-heading-level-2'><a class=\"ez-toc-link ez-toc-heading-33\" href=\"https:\/\/danidrops.com.br\/es\/corte-de-cabello-masculino-2024\/#Corte_de_cabelo_masculino_Platinado\" >Corte de pelo de hombre platino.<\/a><\/li><li class='ez-toc-page-1 ez-toc-heading-level-2'><a class=\"ez-toc-link ez-toc-heading-34\" href=\"https:\/\/danidrops.com.br\/es\/corte-de-cabello-masculino-2024\/#Corte_de_cabelo_masculino_Branco\" >Corte de pelo de hombre blanco.<\/a><\/li><li class='ez-toc-page-1 ez-toc-heading-level-2'><a class=\"ez-toc-link ez-toc-heading-35\" href=\"https:\/\/danidrops.com.br\/es\/corte-de-cabello-masculino-2024\/#Corte_de_cabelo_masculino_Loiro\" >Corte de pelo de hombre rubio.<\/a><\/li><li class='ez-toc-page-1 ez-toc-heading-level-2'><a class=\"ez-toc-link ez-toc-heading-36\" href=\"https:\/\/danidrops.com.br\/es\/corte-de-cabello-masculino-2024\/#Corte_de_cabelo_masculino_Colorido\" >Corte de pelo de hombre de color.<\/a><\/li><li class='ez-toc-page-1 ez-toc-heading-level-2'><a class=\"ez-toc-link ez-toc-heading-37\" href=\"https:\/\/danidrops.com.br\/es\/corte-de-cabello-masculino-2024\/#Cabelo_masculino_ondulado\" >cabello masculino ondulado<\/a><\/li><li class='ez-toc-page-1 ez-toc-heading-level-2'><a class=\"ez-toc-link ez-toc-heading-38\" href=\"https:\/\/danidrops.com.br\/es\/corte-de-cabello-masculino-2024\/#Cabelo_masculino_com_letra\" >cabello masculino con letra<\/a><\/li><li class='ez-toc-page-1 ez-toc-heading-level-2'><a class=\"ez-toc-link ez-toc-heading-39\" href=\"https:\/\/danidrops.com.br\/es\/corte-de-cabello-masculino-2024\/#Cabelo_masculino_com_listra\" >Cabello de hombre con rayas.<\/a><\/li><li class='ez-toc-page-1 ez-toc-heading-level-2'><a class=\"ez-toc-link ez-toc-heading-40\" href=\"https:\/\/danidrops.com.br\/es\/corte-de-cabello-masculino-2024\/#Cabelo_masculino_americano\" >cabello masculino americano<\/a><\/li><li class='ez-toc-page-1 ez-toc-heading-level-2'><a class=\"ez-toc-link ez-toc-heading-41\" href=\"https:\/\/danidrops.com.br\/es\/corte-de-cabello-masculino-2024\/#Cabelo_masculino_degrade\" >cabello masculino degradado<\/a><\/li><li class='ez-toc-page-1 ez-toc-heading-level-2'><a class=\"ez-toc-link ez-toc-heading-42\" href=\"https:\/\/danidrops.com.br\/es\/corte-de-cabello-masculino-2024\/#Cabelo_masculino_pintado\" >cabello masculino te\u00f1ido<\/a><\/li><li class='ez-toc-page-1 ez-toc-heading-level-2'><a class=\"ez-toc-link ez-toc-heading-43\" href=\"https:\/\/danidrops.com.br\/es\/corte-de-cabello-masculino-2024\/#Corte_de_cabelo_masculino_com_Franja_Longa\" >Corte de pelo de hombre con flequillo largo.<\/a><\/li><li class='ez-toc-page-1 ez-toc-heading-level-2'><a class=\"ez-toc-link ez-toc-heading-44\" href=\"https:\/\/danidrops.com.br\/es\/corte-de-cabello-masculino-2024\/#Corte_de_cabelo_masculino_Bowl_Cut\" >corte de pelo de los hombres de corte de taz\u00f3n<\/a><\/li><li class='ez-toc-page-1 ez-toc-heading-level-2'><a class=\"ez-toc-link ez-toc-heading-45\" href=\"https:\/\/danidrops.com.br\/es\/corte-de-cabello-masculino-2024\/#Corte_de_cabelo_masculino_Spiky_Hair\" >Corte de pelo para hombres Cabello puntiagudo<\/a><\/li><li class='ez-toc-page-1 ez-toc-heading-level-2'><a class=\"ez-toc-link ez-toc-heading-46\" href=\"https:\/\/danidrops.com.br\/es\/corte-de-cabello-masculino-2024\/#Corte_de_cabelo_masculino_Textured_Crop\" >Corte de pelo corto texturizado para hombres<\/a><\/li><li class='ez-toc-page-1 ez-toc-heading-level-2'><a class=\"ez-toc-link ez-toc-heading-47\" href=\"https:\/\/danidrops.com.br\/es\/corte-de-cabello-masculino-2024\/#Corte_de_cabelo_masculino_com_trancas\" >Corte de pelo de hombre con trenzas.<\/a><\/li><li class='ez-toc-page-1 ez-toc-heading-level-2'><a class=\"ez-toc-link ez-toc-heading-48\" href=\"https:\/\/danidrops.com.br\/es\/corte-de-cabello-masculino-2024\/#Corte_de_cabelo_masculino_Slicked_Back\" >Corte de pelo peinado hacia atr\u00e1s para hombres<\/a><\/li><li class='ez-toc-page-1 ez-toc-heading-level-2'><a class=\"ez-toc-link ez-toc-heading-49\" href=\"https:\/\/danidrops.com.br\/es\/corte-de-cabello-masculino-2024\/#Corte_de_cabelo_masculino_afro\" >corte de pelo afro para hombres<\/a><\/li><li class='ez-toc-page-1 ez-toc-heading-level-2'><a class=\"ez-toc-link ez-toc-heading-50\" href=\"https:\/\/danidrops.com.br\/es\/corte-de-cabello-masculino-2024\/#Corte_de_cabelo_masculino_Faux_Hawk\" >Corte de pelo de halc\u00f3n falso para hombre<\/a><\/li><li class='ez-toc-page-1 ez-toc-heading-level-2'><a class=\"ez-toc-link ez-toc-heading-51\" href=\"https:\/\/danidrops.com.br\/es\/corte-de-cabello-masculino-2024\/#Corte_de_cabelo_masculino_Mohawk\" >Corte de pelo de hombre mohawk<\/a><\/li><li class='ez-toc-page-1 ez-toc-heading-level-2'><a class=\"ez-toc-link ez-toc-heading-52\" href=\"https:\/\/danidrops.com.br\/es\/corte-de-cabello-masculino-2024\/#Corte_de_cabelo_masculino_iroques\" >Corte de pelo de hombre iroqu\u00e9s.<\/a><\/li><li class='ez-toc-page-1 ez-toc-heading-level-2'><a class=\"ez-toc-link ez-toc-heading-53\" href=\"https:\/\/danidrops.com.br\/es\/corte-de-cabello-masculino-2024\/#Corte_de_Cabelo_masculino_Americano\" >corte de pelo de los hombres americanos<\/a><\/li><\/ul><\/nav><\/div>","protected":false},"excerpt":{"rendered":"<p>Se voc\u00ea est\u00e1 buscando se reinventar ou apenas atualizar seu visual, as tend\u00eancias de corte de cabelo masculino para 2024 trazem uma variedade de op\u00e7\u00f5es&hellip;<\/p>","protected":false},"author":1,"featured_media":86947,"comment_status":"open","ping_status":"open","sticky":false,"template":"","format":"standard","meta":{"footnotes":""},"categories":[439],"tags":[],"class_list":["post-86883","post","type-post","status-publish","format-standard","has-post-thumbnail","hentry","category-cabelo"],"_links":{"self":[{"href":"https:\/\/danidrops.com.br\/es\/wp-json\/wp\/v2\/posts\/86883","targetHints":{"allow":["GET"]}}],"collection":[{"href":"https:\/\/danidrops.com.br\/es\/wp-json\/wp\/v2\/posts"}],"about":[{"href":"https:\/\/danidrops.com.br\/es\/wp-json\/wp\/v2\/types\/post"}],"author":[{"embeddable":true,"href":"https:\/\/danidrops.com.br\/es\/wp-json\/wp\/v2\/users\/1"}],"replies":[{"embeddable":true,"href":"https:\/\/danidrops.com.br\/es\/wp-json\/wp\/v2\/comments?post=86883"}],"version-history":[{"count":0,"href":"https:\/\/danidrops.com.br\/es\/wp-json\/wp\/v2\/posts\/86883\/revisions"}],"wp:featuredmedia":[{"embeddable":true,"href":"https:\/\/danidrops.com.br\/es\/wp-json\/wp\/v2\/media\/86947"}],"wp:attachment":[{"href":"https:\/\/danidrops.com.br\/es\/wp-json\/wp\/v2\/media?parent=86883"}],"wp:term":[{"taxonomy":"category","embeddable":true,"href":"https:\/\/danidrops.com.br\/es\/wp-json\/wp\/v2\/categories?post=86883"},{"taxonomy":"post_tag","embeddable":true,"href":"https:\/\/danidrops.com.br\/es\/wp-json\/wp\/v2\/tags?post=86883"}],"curies":[{"name":"gracias","href":"https:\/\/api.w.org\/{rel}","templated":true}]}}