{"id":1271,"date":"2017-08-17T22:00:18","date_gmt":"2017-08-18T01:00:18","guid":{"rendered":"https:\/\/danidrops.com.br\/?p=1271"},"modified":"2022-06-25T01:20:57","modified_gmt":"2022-06-25T04:20:57","slug":"surligneurs-visage","status":"publish","type":"post","link":"https:\/\/danidrops.com.br\/fr\/surligneurs-visage\/","title":{"rendered":"Illuminateurs faciaux, apprenez \u00e0 utiliser et choisissez le meilleur illuminateur facial"},"content":{"rendered":"<p>Bonjour les belles, comment allez-vous ? Aujourd&#039;hui j&#039;ai envie de vous parler d&#039;un \u00e9l\u00e9ment de maquillage que j&#039;ai appris \u00e0 aimer et aujourd&#039;hui je ne peux plus me passer, c&#039;est le <strong>Surligneurs pour le visage<\/strong>!<\/p>\n\n\n\n<p>Si vous n&#039;avez pas lu mon article sur <a href=\"https:\/\/danidrops.com.br\/fr\/tendances-maquillage-2018\/\"><strong>Tendances maquillage 2018<\/strong><\/a>&nbsp;cliquez et v\u00e9rifiez, car l\u00e0 je montre que l&#039;une des tendances sera une peau de plus en plus naturelle et illumin\u00e9e avec un effet appel\u00e9 Glow.<\/p>\n\n\n\n<p>Regardez les c\u00e9l\u00e9brit\u00e9s qui utilisent <strong>Surligneur facial<\/strong>&nbsp;et avec une peau super lumineuse.<\/p>\n\n\n\n<figure class=\"wp-block-image alignnone wp-image-1288 size-full\"><img loading=\"lazy\" decoding=\"async\" width=\"768\" height=\"506\" src=\"https:\/\/danidrops.com.br\/wp-content\/uploads\/2017\/08\/iluminadores-faciais.jpg\" alt=\"Demi Lovato et Rihanna utilisent un enlumineur pour le visage\" class=\"wp-image-1288\" title=\"\" srcset=\"https:\/\/danidrops.com.br\/wp-content\/uploads\/2017\/08\/iluminadores-faciais.jpg 768w, https:\/\/danidrops.com.br\/wp-content\/uploads\/2017\/08\/iluminadores-faciais-300x198.jpg 300w\" sizes=\"auto, (max-width: 768px) 100vw, 768px\" \/><figcaption>Demi Lovato et Rihanna utilisent un enlumineur pour le visage<\/figcaption><\/figure>\n\n\n\n<p>Tu <strong>Surligneurs pour le visage<\/strong>&nbsp;ils vous aident \u00e0 mettre en \u00e9vidence des zones sp\u00e9cifiques du visage en vous donnant un effet sant\u00e9 et la fra\u00eecheur sur la peau est tr\u00e8s cool, si vous ne savez pas ou ne savez pas comment l&#039;utiliser, vous allez adorer l&#039;article d&#039;aujourd&#039;hui.<\/p>\n\n\n\n<figure class=\"wp-block-image alignnone size-full wp-image-1302\"><img loading=\"lazy\" decoding=\"async\" width=\"768\" height=\"506\" src=\"https:\/\/danidrops.com.br\/wp-content\/uploads\/2017\/08\/gisele-bundchen-e-kim-kardashian-usando-um-make-com-iluminadores-faciais.jpg\" alt=\"Gisele B\u00fcndchen et Kim Kardashian utilisent un maquillage avec des enlumineurs pour le visage\" class=\"wp-image-1302\" title=\"\" srcset=\"https:\/\/danidrops.com.br\/wp-content\/uploads\/2017\/08\/gisele-bundchen-e-kim-kardashian-usando-um-make-com-iluminadores-faciais.jpg 768w, https:\/\/danidrops.com.br\/wp-content\/uploads\/2017\/08\/gisele-bundchen-e-kim-kardashian-usando-um-make-com-iluminadores-faciais-300x198.jpg 300w\" sizes=\"auto, (max-width: 768px) 100vw, 768px\" \/><figcaption>Gisele B\u00fcndchen et Kim Kardashian utilisent un maquillage avec des enlumineurs pour le visage<\/figcaption><\/figure>\n\n\n\n<h2 class=\"wp-block-heading\"><span class=\"ez-toc-section\" id=\"Tipos_de_iluminadores_Faciais\"><\/span>Types de surligneurs pour le visage<span class=\"ez-toc-section-end\"><\/span><\/h2>\n\n\n\n<p>Tu <strong>Surligneurs pour le visage<\/strong> peut se d\u00e9cliner en version stick, poudre ou liquide., pour ceux qui commencent \u00e0 l&#039;utiliser je conseille de commencer par l&#039;Illuminateur en Poudre ou en Illuminateur Stick !<\/p>\n\n\n\n<ul class=\"wp-block-list\"><li>Illuminateur facial liquide<\/li><li>Surligneur pour le visage en poudre<\/li><li>B\u00e2ton surligneur facial<\/li><li>Gel Illuminateur<\/li><\/ul>\n\n\n\n<figure class=\"wp-block-image alignnone wp-image-1291 size-full\"><img loading=\"lazy\" decoding=\"async\" width=\"768\" height=\"1329\" src=\"https:\/\/danidrops.com.br\/wp-content\/uploads\/2017\/08\/melhores-iluminadores-faciais.jpg\" alt=\"meilleurs illuminateurs faciaux nationaux et import\u00e9s\" class=\"wp-image-1291\" title=\"\" srcset=\"https:\/\/danidrops.com.br\/wp-content\/uploads\/2017\/08\/melhores-iluminadores-faciais.jpg 768w, https:\/\/danidrops.com.br\/wp-content\/uploads\/2017\/08\/melhores-iluminadores-faciais-173x300.jpg 173w, https:\/\/danidrops.com.br\/wp-content\/uploads\/2017\/08\/melhores-iluminadores-faciais-592x1024.jpg 592w\" sizes=\"auto, (max-width: 768px) 100vw, 768px\" \/><figcaption>meilleurs illuminateurs faciaux nationaux et import\u00e9s<\/figcaption><\/figure>\n\n\n\n<p>Tu <strong>Surligneurs pour le visage<\/strong> ont \u00e9galement diff\u00e9rentes nuances peuvent avoir un \u00e9clat dor\u00e9, champagne, argent et rose.<\/p>\n\n\n\n<p>Et voici une astuce, <strong>Surligneurs pour le visage<\/strong> dans les tons Champagne et Argent et rose sont id\u00e9ales pour les peaux claires.<\/p>\n\n\n\n<figure class=\"wp-block-image alignnone size-full wp-image-1293\"><img loading=\"lazy\" decoding=\"async\" width=\"768\" height=\"506\" src=\"https:\/\/danidrops.com.br\/wp-content\/uploads\/2017\/08\/iluminadores-faciais-01.jpg\" alt=\"Surligneurs pour le visage\" class=\"wp-image-1293\" title=\"\" srcset=\"https:\/\/danidrops.com.br\/wp-content\/uploads\/2017\/08\/iluminadores-faciais-01.jpg 768w, https:\/\/danidrops.com.br\/wp-content\/uploads\/2017\/08\/iluminadores-faciais-01-300x198.jpg 300w\" sizes=\"auto, (max-width: 768px) 100vw, 768px\" \/><figcaption>Surligneurs pour le visage<\/figcaption><\/figure>\n\n\n\n<figure class=\"wp-block-image alignnone size-full wp-image-1294\"><img loading=\"lazy\" decoding=\"async\" width=\"768\" height=\"506\" src=\"https:\/\/danidrops.com.br\/wp-content\/uploads\/2017\/08\/iluminadores-faciais-02.jpg\" alt=\"Surligneurs pour le visage\" class=\"wp-image-1294\" title=\"\" srcset=\"https:\/\/danidrops.com.br\/wp-content\/uploads\/2017\/08\/iluminadores-faciais-02.jpg 768w, https:\/\/danidrops.com.br\/wp-content\/uploads\/2017\/08\/iluminadores-faciais-02-300x198.jpg 300w\" sizes=\"auto, (max-width: 768px) 100vw, 768px\" \/><figcaption>Surligneurs pour le visage<\/figcaption><\/figure>\n\n\n\n<p>Tu <strong>Surligneurs pour le visage<\/strong> dans les tons dor\u00e9s, ils ont fi\u00e8re allure sur les peaux fonc\u00e9es et noires, non pas qu&#039;ils ne puissent pas utiliser d&#039;autres tons, mais ils doivent \u00e9viter les surligneurs argent\u00e9s car en g\u00e9n\u00e9ral ils griseront la peau.<\/p>\n\n\n\n<figure class=\"wp-block-image alignnone size-full wp-image-1296\"><img loading=\"lazy\" decoding=\"async\" width=\"768\" height=\"790\" src=\"https:\/\/danidrops.com.br\/wp-content\/uploads\/2017\/08\/iluminadores-faciais-para-pele-morena.jpg\" alt=\"Surligneurs pour le visage\" class=\"wp-image-1296\" title=\"\" srcset=\"https:\/\/danidrops.com.br\/wp-content\/uploads\/2017\/08\/iluminadores-faciais-para-pele-morena.jpg 768w, https:\/\/danidrops.com.br\/wp-content\/uploads\/2017\/08\/iluminadores-faciais-para-pele-morena-292x300.jpg 292w\" sizes=\"auto, (max-width: 768px) 100vw, 768px\" \/><figcaption>Surligneurs pour le visage<\/figcaption><\/figure>\n\n\n\n<figure class=\"wp-block-image alignnone size-full wp-image-1295\"><img loading=\"lazy\" decoding=\"async\" width=\"768\" height=\"506\" src=\"https:\/\/danidrops.com.br\/wp-content\/uploads\/2017\/08\/iluminadores-faciais-03.jpg\" alt=\"Surligneurs pour le visage\" class=\"wp-image-1295\" title=\"\" srcset=\"https:\/\/danidrops.com.br\/wp-content\/uploads\/2017\/08\/iluminadores-faciais-03.jpg 768w, https:\/\/danidrops.com.br\/wp-content\/uploads\/2017\/08\/iluminadores-faciais-03-300x198.jpg 300w\" sizes=\"auto, (max-width: 768px) 100vw, 768px\" \/><figcaption>Surligneurs pour le visage<\/figcaption><\/figure>\n\n\n\n<h2 class=\"wp-block-heading\"><span class=\"ez-toc-section\" id=\"Iluminadores_Faciais_que_eu_ja_provei_e_adorei\"><\/span>Surligneurs pour le visage que j&#039;ai essay\u00e9s et ador\u00e9s<span class=\"ez-toc-section-end\"><\/span><\/h2>\n\n\n\n<p>Aujourd&#039;hui, ce que j&#039;utilise le plus, c&#039;est <strong>Illuminateur facial liquide<\/strong>&nbsp;donne <strong>Benefit in Colour High Bean<\/strong> il est ros\u00e2tre avec un \u00e9clat argent\u00e9. Il est id\u00e9al pour les plus blancs et les blonds.<\/p>\n\n\n\n<p>Malgr\u00e9 l&#039;aspect tr\u00e8s flashy sur l&#039;emballage, sur la peau, cela donne un aspect super naturel, je l&#039;utilise m\u00eame pendant la journ\u00e9e et pour le travail.<\/p>\n\n\n\n<figure class=\"wp-block-image alignnone size-full wp-image-1299\"><img loading=\"lazy\" decoding=\"async\" width=\"768\" height=\"506\" src=\"https:\/\/danidrops.com.br\/wp-content\/uploads\/2017\/08\/lluminador-facial-liquido-da-benefit-na-cor-high-bean.jpg\" alt=\"Surligneur liquide pour le visage Benefit en couleur High Bean\" class=\"wp-image-1299\" title=\"\" srcset=\"https:\/\/danidrops.com.br\/wp-content\/uploads\/2017\/08\/lluminador-facial-liquido-da-benefit-na-cor-high-bean.jpg 768w, https:\/\/danidrops.com.br\/wp-content\/uploads\/2017\/08\/lluminador-facial-liquido-da-benefit-na-cor-high-bean-300x198.jpg 300w\" sizes=\"auto, (max-width: 768px) 100vw, 768px\" \/><figcaption>Surligneur liquide pour le visage Benefit en couleur High Bean<\/figcaption><\/figure>\n\n\n\n<figure class=\"wp-block-image alignnone size-full wp-image-1298\"><img loading=\"lazy\" decoding=\"async\" width=\"768\" height=\"654\" src=\"https:\/\/danidrops.com.br\/wp-content\/uploads\/2017\/08\/iluminadores-faciais-04.jpg\" alt=\"Surligneurs pour le visage\" class=\"wp-image-1298\" title=\"\" srcset=\"https:\/\/danidrops.com.br\/wp-content\/uploads\/2017\/08\/iluminadores-faciais-04.jpg 768w, https:\/\/danidrops.com.br\/wp-content\/uploads\/2017\/08\/iluminadores-faciais-04-300x255.jpg 300w\" sizes=\"auto, (max-width: 768px) 100vw, 768px\" \/><figcaption>Surligneurs pour le visage<\/figcaption><\/figure>\n\n\n\n<p>Un autre que j&#039;ai d\u00e9j\u00e0 utilis\u00e9 et je pense qu&#039;en terme de prix c&#039;est plus abordable pour les femmes c&#039;est le <strong>Surligneur pour le visage en poudre Mary Kay<\/strong>. Il est tr\u00e8s joli, a 3 teintes pour chaque teint et est facile \u00e0 appliquer.<\/p>\n\n\n\n<p>Ils ont r\u00e9cemment sorti la version stick que je meurs d&#039;envie d&#039;essayer.<\/p>\n\n\n\n<figure class=\"wp-block-image alignnone size-full wp-image-1304\"><img loading=\"lazy\" decoding=\"async\" width=\"768\" height=\"506\" src=\"https:\/\/danidrops.com.br\/wp-content\/uploads\/2017\/08\/iluminador-facial-em-po-da-mary-kay.jpg\" alt=\"Surligneur pour le visage en poudre Mary Kay\" class=\"wp-image-1304\" title=\"\" srcset=\"https:\/\/danidrops.com.br\/wp-content\/uploads\/2017\/08\/iluminador-facial-em-po-da-mary-kay.jpg 768w, https:\/\/danidrops.com.br\/wp-content\/uploads\/2017\/08\/iluminador-facial-em-po-da-mary-kay-300x198.jpg 300w\" sizes=\"auto, (max-width: 768px) 100vw, 768px\" \/><figcaption>Surligneur pour le visage en poudre Mary Kay<\/figcaption><\/figure>\n\n\n\n<p><strong>Comment appliquer les surligneurs pour le visage<\/strong><\/p>\n\n\n\n<p>Comme je l&#039;ai dit plus haut, l&#039;highlighter est fait pour mettre en valeur, donc si vous avez un menton saillant, ne l&#039;appliquez pas sur votre menton si vous avez un front saillant, ne l&#039;appliquez pas sur votre front.<\/p>\n\n\n\n<p>Mais je vais vous montrer une photo des points qui conviennent \u00e0 presque tous les types de visage.<\/p>\n\n\n\n<figure class=\"wp-block-image alignnone size-full wp-image-1306\"><img loading=\"lazy\" decoding=\"async\" width=\"768\" height=\"1032\" src=\"https:\/\/danidrops.com.br\/wp-content\/uploads\/2017\/08\/como-aplicar-iluminadores-faciais.jpg\" alt=\"comment appliquer des surligneurs pour le visage\" class=\"wp-image-1306\" title=\"\" srcset=\"https:\/\/danidrops.com.br\/wp-content\/uploads\/2017\/08\/como-aplicar-iluminadores-faciais.jpg 768w, https:\/\/danidrops.com.br\/wp-content\/uploads\/2017\/08\/como-aplicar-iluminadores-faciais-223x300.jpg 223w, https:\/\/danidrops.com.br\/wp-content\/uploads\/2017\/08\/como-aplicar-iluminadores-faciais-762x1024.jpg 762w\" sizes=\"auto, (max-width: 768px) 100vw, 768px\" \/><figcaption>comment appliquer des surligneurs pour le visage<\/figcaption><\/figure>\n\n\n\n<p>Je ne comprends toujours pas comment appliquer un <strong>Surligneur facial<\/strong>? Ne d\u00e9sesp\u00e9rez pas, j&#039;ai s\u00e9par\u00e9 une vid\u00e9o que Mary Kay a mise \u00e0 disposition sur la cha\u00eene YouTube.<\/p>\n\n\n\n<p>H\u00e9, \u00e7a vous a plu ? Commentez ici sur le blog ! Des bisous encore plus.<\/p>\n<div id=\"ez-toc-container\" class=\"ez-toc-v2_0_76 counter-hierarchy ez-toc-counter ez-toc-grey ez-toc-container-direction\">\n<p class=\"ez-toc-title\" style=\"cursor:inherit\">Vous lirez cet article<\/p>\n<label for=\"ez-toc-cssicon-toggle-item-69f5e40c40520\" class=\"ez-toc-cssicon-toggle-label\"><span class=\"ez-toc-cssicon\"><span class=\"eztoc-hide\" style=\"display:none;\">Basculer<\/span><span class=\"ez-toc-icon-toggle-span\"><svg style=\"fill: #999;color:#999\" xmlns=\"http:\/\/www.w3.org\/2000\/svg\" class=\"list-377408\" width=\"20px\" height=\"20px\" viewbox=\"0 0 24 24\" fill=\"none\"><path d=\"M6 6H4v2h2V6zm14 0H8v2h12V6zM4 11h2v2H4v-2zm16 0H8v2h12v-2zM4 16h2v2H4v-2zm16 0H8v2h12v-2z\" fill=\"currentColor\"><\/path><\/svg><svg style=\"fill: #999;color:#999\" class=\"arrow-unsorted-368013\" xmlns=\"http:\/\/www.w3.org\/2000\/svg\" width=\"10px\" height=\"10px\" viewbox=\"0 0 24 24\" version=\"1.2\" baseprofile=\"tiny\"><path d=\"M18.2 9.3l-6.2-6.3-6.2 6.3c-.2.2-.3.4-.3.7s.1.5.3.7c.2.2.4.3.7.3h11c.3 0 .5-.1.7-.3.2-.2.3-.5.3-.7s-.1-.5-.3-.7zM5.8 14.7l6.2 6.3 6.2-6.3c.2-.2.3-.5.3-.7s-.1-.5-.3-.7c-.2-.2-.4-.3-.7-.3h-11c-.3 0-.5.1-.7.3-.2.2-.3.5-.3.7s.1.5.3.7z\"\/><\/svg><\/span><\/span><\/label><input type=\"checkbox\"  id=\"ez-toc-cssicon-toggle-item-69f5e40c40520\"  aria-label=\"Basculer\" \/><nav><ul class='ez-toc-list ez-toc-list-level-1' ><li class='ez-toc-page-1 ez-toc-heading-level-2'><a class=\"ez-toc-link ez-toc-heading-1\" href=\"https:\/\/danidrops.com.br\/fr\/surligneurs-visage\/#Tipos_de_iluminadores_Faciais\" >Types de surligneurs pour le visage<\/a><\/li><li class='ez-toc-page-1 ez-toc-heading-level-2'><a class=\"ez-toc-link ez-toc-heading-2\" href=\"https:\/\/danidrops.com.br\/fr\/surligneurs-visage\/#Iluminadores_Faciais_que_eu_ja_provei_e_adorei\" >Surligneurs pour le visage que j&#039;ai essay\u00e9s et ador\u00e9s<\/a><\/li><\/ul><\/nav><\/div>","protected":false},"excerpt":{"rendered":"<p>Ol\u00e1aa, suas lindas tudo bem? Hoje quero falar de um item de make que eu aprendi a amar e hoje n\u00e3o vivo sem, s\u00e3o os&hellip;<\/p>","protected":false},"author":1,"featured_media":1312,"comment_status":"open","ping_status":"open","sticky":false,"template":"","format":"standard","meta":{"footnotes":""},"categories":[2372],"tags":[],"class_list":["post-1271","post","type-post","status-publish","format-standard","has-post-thumbnail","hentry","category-maquiagem"],"_links":{"self":[{"href":"https:\/\/danidrops.com.br\/fr\/wp-json\/wp\/v2\/posts\/1271","targetHints":{"allow":["GET"]}}],"collection":[{"href":"https:\/\/danidrops.com.br\/fr\/wp-json\/wp\/v2\/posts"}],"about":[{"href":"https:\/\/danidrops.com.br\/fr\/wp-json\/wp\/v2\/types\/post"}],"author":[{"embeddable":true,"href":"https:\/\/danidrops.com.br\/fr\/wp-json\/wp\/v2\/users\/1"}],"replies":[{"embeddable":true,"href":"https:\/\/danidrops.com.br\/fr\/wp-json\/wp\/v2\/comments?post=1271"}],"version-history":[{"count":0,"href":"https:\/\/danidrops.com.br\/fr\/wp-json\/wp\/v2\/posts\/1271\/revisions"}],"wp:featuredmedia":[{"embeddable":true,"href":"https:\/\/danidrops.com.br\/fr\/wp-json\/wp\/v2\/media\/1312"}],"wp:attachment":[{"href":"https:\/\/danidrops.com.br\/fr\/wp-json\/wp\/v2\/media?parent=1271"}],"wp:term":[{"taxonomy":"category","embeddable":true,"href":"https:\/\/danidrops.com.br\/fr\/wp-json\/wp\/v2\/categories?post=1271"},{"taxonomy":"post_tag","embeddable":true,"href":"https:\/\/danidrops.com.br\/fr\/wp-json\/wp\/v2\/tags?post=1271"}],"curies":[{"name":"wp","href":"https:\/\/api.w.org\/{rel}","templated":true}]}}