{"id":15264,"date":"2024-09-04T09:00:00","date_gmt":"2024-09-04T12:00:00","guid":{"rendered":"https:\/\/danidrops.com.br\/?p=15264"},"modified":"2024-09-09T11:12:53","modified_gmt":"2024-09-09T14:12:53","slug":"coupe-de-cheveux-emoussee","status":"publish","type":"post","link":"https:\/\/danidrops.com.br\/fr\/coupe-de-cheveux-emoussee\/","title":{"rendered":"Blunt Cut Haircut Trend 2025 \u2013 D\u00e9couvrez 63 mod\u00e8les de cette coupe f\u00e9minine tendance cet \u00e9t\u00e9"},"content":{"rendered":"<p>O <strong>Coupe de cheveux \u00e9mouss\u00e9e<\/strong>, connue pour sa coupe droite et \u00e9l\u00e9gante, est une <a href=\"https:\/\/danidrops.com.br\/fr\/tendance-coupe-de-cheveux-femme-2025\/\" data-type=\"link\" data-id=\"https:\/\/danidrops.com.br\/tendencia-corte-de-cabelo-feminino-2025\/\">tendance cheveux<\/a> qui promet de dominer l&#039;ann\u00e9e 2025. Avec sa simplicit\u00e9 sophistiqu\u00e9e, ce style est parfait pour ceux qui recherchent un look moderne, minimaliste et n\u00e9cessitant peu d&#039;entretien. <\/p>\n\n\n\n<p>Contrairement \u00e0 d&#039;autres coupes avec couches ou textures, le<strong> Coupe \u00e9mouss\u00e9e <\/strong>offre une base droite et d\u00e9finie, cr\u00e9ant un look soign\u00e9 qui convient \u00e0 diff\u00e9rents types de visage et textures de cheveux.<\/p>\n\n\n\n<p>Cette tendance s&#039;est d\u00e9j\u00e0 renforc\u00e9e ces derni\u00e8res ann\u00e9es, mais en 2025 elle se consolidera comme un choix populaire, tant sur les podiums que dans la vie de tous les jours. <\/p>\n\n\n\n<figure class=\"wp-block-image size-full\"><img loading=\"lazy\" decoding=\"async\" width=\"760\" height=\"555\" src=\"https:\/\/danidrops.com.br\/wp-content\/uploads\/2024\/09\/Corte-de-Cabelo-Blunt-Cut-2025.jpg\" alt=\"Coupe de cheveux coupe \u00e9mouss\u00e9e 2025\" class=\"wp-image-99791\" title=\"\" srcset=\"https:\/\/danidrops.com.br\/wp-content\/uploads\/2024\/09\/Corte-de-Cabelo-Blunt-Cut-2025.jpg 760w, https:\/\/danidrops.com.br\/wp-content\/uploads\/2024\/09\/Corte-de-Cabelo-Blunt-Cut-2025-300x219.jpg 300w, https:\/\/danidrops.com.br\/wp-content\/uploads\/2024\/09\/Corte-de-Cabelo-Blunt-Cut-2025-16x12.jpg 16w, https:\/\/danidrops.com.br\/wp-content\/uploads\/2024\/09\/Corte-de-Cabelo-Blunt-Cut-2025-150x110.jpg 150w\" sizes=\"auto, (max-width: 760px) 100vw, 760px\" \/><figcaption class=\"wp-element-caption\">Coupe de cheveux coupe \u00e9mouss\u00e9e 2025<\/figcaption><\/figure>\n\n\n\n<p>L&#039;une des raisons de cette hausse est la recherche de praticit\u00e9 au quotidien sans perdre le style de la coupe, notamment chez les personnes qui souhaitent un look intemporel, mais avec impact. De plus, des influenceurs et des c\u00e9l\u00e9brit\u00e9s ont pari\u00e9 sur cette coupe, amplifiant sa popularit\u00e9 sur les r\u00e9seaux sociaux.<\/p>\n\n\n\n<figure class=\"wp-block-image size-full\"><img loading=\"lazy\" decoding=\"async\" width=\"760\" height=\"555\" src=\"https:\/\/danidrops.com.br\/wp-content\/uploads\/2024\/09\/Corte-de-Cabelo-Blunt-Cut-2025-4.jpg\" alt=\"Coupe de cheveux coupe \u00e9mouss\u00e9e 2025\" class=\"wp-image-99790\" title=\"\" srcset=\"https:\/\/danidrops.com.br\/wp-content\/uploads\/2024\/09\/Corte-de-Cabelo-Blunt-Cut-2025-4.jpg 760w, https:\/\/danidrops.com.br\/wp-content\/uploads\/2024\/09\/Corte-de-Cabelo-Blunt-Cut-2025-4-300x219.jpg 300w, https:\/\/danidrops.com.br\/wp-content\/uploads\/2024\/09\/Corte-de-Cabelo-Blunt-Cut-2025-4-16x12.jpg 16w, https:\/\/danidrops.com.br\/wp-content\/uploads\/2024\/09\/Corte-de-Cabelo-Blunt-Cut-2025-4-150x110.jpg 150w\" sizes=\"auto, (max-width: 760px) 100vw, 760px\" \/><figcaption class=\"wp-element-caption\">Coupe de cheveux coupe \u00e9mouss\u00e9e 2025<\/figcaption><\/figure>\n\n\n\n<p>La coupe de cheveux Blunt Cut, peut se faire en<a href=\"https:\/\/danidrops.com.br\/fr\/types-de-cheveux-raides-ondules-boucles-crepus\/\" data-type=\"URL\" data-id=\"https:\/\/danidrops.com.br\/tipos-de-cabelo-liso-ondulado-cacheado-crespo\/\"> brins droits de types 1A, 1B et 1C, brins boucl\u00e9s de types 3A, 3B \u00e0 4C ou brins ondul\u00e9s de types 2A, 2B et 2C<\/a>, ainsi qu&#039;en fils de longueurs les plus diverses, qu&#039;ils soient courts ou longs. <\/p>\n\n\n\n<figure class=\"wp-block-image size-full\"><img loading=\"lazy\" decoding=\"async\" width=\"760\" height=\"555\" src=\"https:\/\/danidrops.com.br\/wp-content\/uploads\/2024\/09\/Corte-de-Cabelo-Blunt-Cut-2025-3.jpg\" alt=\"Coupe de cheveux coupe \u00e9mouss\u00e9e 2025\" class=\"wp-image-99789\" title=\"\" srcset=\"https:\/\/danidrops.com.br\/wp-content\/uploads\/2024\/09\/Corte-de-Cabelo-Blunt-Cut-2025-3.jpg 760w, https:\/\/danidrops.com.br\/wp-content\/uploads\/2024\/09\/Corte-de-Cabelo-Blunt-Cut-2025-3-300x219.jpg 300w, https:\/\/danidrops.com.br\/wp-content\/uploads\/2024\/09\/Corte-de-Cabelo-Blunt-Cut-2025-3-16x12.jpg 16w, https:\/\/danidrops.com.br\/wp-content\/uploads\/2024\/09\/Corte-de-Cabelo-Blunt-Cut-2025-3-150x110.jpg 150w\" sizes=\"auto, (max-width: 760px) 100vw, 760px\" \/><figcaption class=\"wp-element-caption\">Coupe de cheveux coupe \u00e9mouss\u00e9e 2025<\/figcaption><\/figure>\n\n\n\n<p>Explorons plus en profondeur ce qui fait <strong>Coupe \u00e9mouss\u00e9e<\/strong> un choix tr\u00e8s attractif pour 2025, ainsi que des conseils pour adapter la coupe \u00e0 votre style personnel.<\/p>\n\n\n\n<figure class=\"wp-block-image size-full\"><img loading=\"lazy\" decoding=\"async\" width=\"760\" height=\"555\" src=\"https:\/\/danidrops.com.br\/wp-content\/uploads\/2024\/09\/Corte-de-Cabelo-Blunt-Cut-2025-2.jpg\" alt=\"Coupe de cheveux coupe \u00e9mouss\u00e9e 2025\" class=\"wp-image-99788\" title=\"\" srcset=\"https:\/\/danidrops.com.br\/wp-content\/uploads\/2024\/09\/Corte-de-Cabelo-Blunt-Cut-2025-2.jpg 760w, https:\/\/danidrops.com.br\/wp-content\/uploads\/2024\/09\/Corte-de-Cabelo-Blunt-Cut-2025-2-300x219.jpg 300w, https:\/\/danidrops.com.br\/wp-content\/uploads\/2024\/09\/Corte-de-Cabelo-Blunt-Cut-2025-2-16x12.jpg 16w, https:\/\/danidrops.com.br\/wp-content\/uploads\/2024\/09\/Corte-de-Cabelo-Blunt-Cut-2025-2-150x110.jpg 150w\" sizes=\"auto, (max-width: 760px) 100vw, 760px\" \/><figcaption class=\"wp-element-caption\">Coupe de cheveux coupe \u00e9mouss\u00e9e 2025<\/figcaption><\/figure>\n\n\n\n<script type=\"application\/ld+json\">{\n    \"@context\": \"https:\\\/\\\/schema.org\",\n    \"@type\": \"FAQPage\",\n    \"mainEntity\": {\n        \"@type\": \"Question\",\n        \"name\": \"Como \\u00e9 feito o Corte de Cabelo Blunt Cut?\",\n        \"acceptedAnswer\": {\n            \"@type\": \"Answer\",\n            \"text\": \"O corte \\u00e9 feito com base reta, em que primeiramente ocorre a separa\\u00e7\\u00e3o dos fios no meio da cabe\\u00e7a, em seguida na parte frontal guiando-se sempre pela orelha e depois se separa uma mecha da nuca, retirando o excesso de fios e marcando bem com a tesoura a base reta.\"\n        }\n    }\n}<\/script>\n\n\n\n<h2 class=\"wp-block-heading\"><span class=\"ez-toc-section\" id=\"Como_e_feito_o_Corte_de_Cabelo_Blunt_Cut\"><\/span>Comment se fait la coupe de cheveux Blunt Cut?<span class=\"ez-toc-section-end\"><\/span><\/h2>\n\n\n\n<p>La coupe est faite avec une base droite, dans laquelle les cheveux sont d&#039;abord s\u00e9par\u00e9s au milieu de la t\u00eate, puis sur le devant, toujours guid\u00e9s par l&#039;oreille, puis une m\u00e8che de cheveux est s\u00e9par\u00e9e de l&#039;arri\u00e8re du cou, enlevant le exc\u00e8s de poils et bien marquer avec les ciseaux \u00e0 base droite. <\/p>\n\n\n\n<figure class=\"wp-block-image size-full\"><img loading=\"lazy\" decoding=\"async\" width=\"760\" height=\"555\" src=\"https:\/\/danidrops.com.br\/wp-content\/uploads\/2022\/01\/14-Corte-de-Cabelo-Blunt-Cut.jpg\" alt=\"Coupe de cheveux \u00e9mouss\u00e9e\" class=\"wp-image-15368\" title=\"\" srcset=\"https:\/\/danidrops.com.br\/wp-content\/uploads\/2022\/01\/14-Corte-de-Cabelo-Blunt-Cut.jpg 760w, https:\/\/danidrops.com.br\/wp-content\/uploads\/2022\/01\/14-Corte-de-Cabelo-Blunt-Cut-300x219.jpg 300w, https:\/\/danidrops.com.br\/wp-content\/uploads\/2022\/01\/14-Corte-de-Cabelo-Blunt-Cut-150x110.jpg 150w\" sizes=\"auto, (max-width: 760px) 100vw, 760px\" \/><figcaption class=\"wp-element-caption\">Coupe de cheveux \u00e9mouss\u00e9e<\/figcaption><\/figure>\n\n\n\n<p>Vous pouvez toujours conserver la longueur ou la diminuer. <\/p>\n\n\n\n<p>Comme elle ne demande pas beaucoup d&#039;entretien, et que c&#039;est une coupe qui dure naturellement plus longtemps, il est id\u00e9al que la coupe de cheveux Blunt Cut soit refaite tous les trois mois, apr\u00e8s quoi les pointes peuvent devenir in\u00e9gales et perdre un peu de mouvement.<\/p>\n\n\n\n<figure class=\"wp-block-image size-full\"><img loading=\"lazy\" decoding=\"async\" width=\"760\" height=\"555\" src=\"https:\/\/danidrops.com.br\/wp-content\/uploads\/2022\/01\/13-Corte-de-Cabelo-Blunt-Cut.jpg\" alt=\"Coupe de cheveux \u00e9mouss\u00e9e\" class=\"wp-image-15367\" title=\"\" srcset=\"https:\/\/danidrops.com.br\/wp-content\/uploads\/2022\/01\/13-Corte-de-Cabelo-Blunt-Cut.jpg 760w, https:\/\/danidrops.com.br\/wp-content\/uploads\/2022\/01\/13-Corte-de-Cabelo-Blunt-Cut-300x219.jpg 300w, https:\/\/danidrops.com.br\/wp-content\/uploads\/2022\/01\/13-Corte-de-Cabelo-Blunt-Cut-150x110.jpg 150w\" sizes=\"auto, (max-width: 760px) 100vw, 760px\" \/><figcaption class=\"wp-element-caption\">Coupe de cheveux \u00e9mouss\u00e9e<\/figcaption><\/figure>\n\n\n\n<figure class=\"wp-block-image size-full\"><img loading=\"lazy\" decoding=\"async\" width=\"760\" height=\"555\" src=\"https:\/\/danidrops.com.br\/wp-content\/uploads\/2022\/01\/12-Corte-de-Cabelo-Blunt-Cut.jpg\" alt=\"Coupe de cheveux \u00e9mouss\u00e9e\" class=\"wp-image-15366\" title=\"\" srcset=\"https:\/\/danidrops.com.br\/wp-content\/uploads\/2022\/01\/12-Corte-de-Cabelo-Blunt-Cut.jpg 760w, https:\/\/danidrops.com.br\/wp-content\/uploads\/2022\/01\/12-Corte-de-Cabelo-Blunt-Cut-300x219.jpg 300w, https:\/\/danidrops.com.br\/wp-content\/uploads\/2022\/01\/12-Corte-de-Cabelo-Blunt-Cut-150x110.jpg 150w\" sizes=\"auto, (max-width: 760px) 100vw, 760px\" \/><figcaption class=\"wp-element-caption\">Coupe de cheveux \u00e9mouss\u00e9e<\/figcaption><\/figure>\n\n\n\n<p><br>Suivant un style minimaliste, elle valorise les visages triangulaires et ovales car ils sont \u00e9l\u00e9gants avec des coupes plus volumineuses. Parce qu&#039;il s&#039;agit d&#039;une coupe d\u00e9mocratique, il peut avoir une finition plus personnalis\u00e9e avec des ciseaux ou une machine \u00e0 d\u00e9couper. <\/p>\n\n\n\n<figure class=\"wp-block-image size-full\"><img loading=\"lazy\" decoding=\"async\" width=\"760\" height=\"555\" src=\"https:\/\/danidrops.com.br\/wp-content\/uploads\/2022\/01\/11-Corte-de-Cabelo-Blunt-Cut.jpg\" alt=\"Coupe de cheveux \u00e9mouss\u00e9e\" class=\"wp-image-15365\" title=\"\" srcset=\"https:\/\/danidrops.com.br\/wp-content\/uploads\/2022\/01\/11-Corte-de-Cabelo-Blunt-Cut.jpg 760w, https:\/\/danidrops.com.br\/wp-content\/uploads\/2022\/01\/11-Corte-de-Cabelo-Blunt-Cut-300x219.jpg 300w, https:\/\/danidrops.com.br\/wp-content\/uploads\/2022\/01\/11-Corte-de-Cabelo-Blunt-Cut-150x110.jpg 150w\" sizes=\"auto, (max-width: 760px) 100vw, 760px\" \/><figcaption class=\"wp-element-caption\">Coupe de cheveux \u00e9mouss\u00e9e<\/figcaption><\/figure>\n\n\n\n<p>Une astuce consiste, dans la mesure du possible, \u00e0 r\u00e9aliser la coupe brod\u00e9e sur toute la longueur, en \u00e9vitant les frisottis et les pointes fourchues, en laissant la finition plus propre et d&#039;apparence saine.<\/p>\n\n\n\n<figure class=\"wp-block-image size-full\"><img loading=\"lazy\" decoding=\"async\" width=\"760\" height=\"555\" src=\"https:\/\/danidrops.com.br\/wp-content\/uploads\/2022\/01\/10-Corte-de-Cabelo-Blunt-Cut.jpg\" alt=\"Coupe de cheveux \u00e9mouss\u00e9e\" class=\"wp-image-15364\" title=\"\" srcset=\"https:\/\/danidrops.com.br\/wp-content\/uploads\/2022\/01\/10-Corte-de-Cabelo-Blunt-Cut.jpg 760w, https:\/\/danidrops.com.br\/wp-content\/uploads\/2022\/01\/10-Corte-de-Cabelo-Blunt-Cut-300x219.jpg 300w, https:\/\/danidrops.com.br\/wp-content\/uploads\/2022\/01\/10-Corte-de-Cabelo-Blunt-Cut-150x110.jpg 150w\" sizes=\"auto, (max-width: 760px) 100vw, 760px\" \/><figcaption class=\"wp-element-caption\">Coupe de cheveux \u00e9mouss\u00e9e<\/figcaption><\/figure>\n\n\n\n<p><br>Comme il s&#039;agit d&#039;une coupe plus minimaliste, il se combine avec des accessoires plus simples, tels que des clous d&#039;oreilles, des boucles d&#039;oreilles pendantes, des manchettes d&#039;oreille, des crochets d&#039;oreille, des cache-oreilles et la fusion. <\/p>\n\n\n\n<figure class=\"wp-block-image size-full\"><img loading=\"lazy\" decoding=\"async\" width=\"760\" height=\"555\" src=\"https:\/\/danidrops.com.br\/wp-content\/uploads\/2022\/01\/09-Corte-de-Cabelo-Blunt-Cut.jpg\" alt=\"Coupe de cheveux \u00e9mouss\u00e9e\" class=\"wp-image-15363\" title=\"\" srcset=\"https:\/\/danidrops.com.br\/wp-content\/uploads\/2022\/01\/09-Corte-de-Cabelo-Blunt-Cut.jpg 760w, https:\/\/danidrops.com.br\/wp-content\/uploads\/2022\/01\/09-Corte-de-Cabelo-Blunt-Cut-300x219.jpg 300w, https:\/\/danidrops.com.br\/wp-content\/uploads\/2022\/01\/09-Corte-de-Cabelo-Blunt-Cut-150x110.jpg 150w\" sizes=\"auto, (max-width: 760px) 100vw, 760px\" \/><figcaption class=\"wp-element-caption\">Coupe de cheveux \u00e9mouss\u00e9e<\/figcaption><\/figure>\n\n\n\n<p>Au quotidien, il peut \u00eatre compl\u00e9t\u00e9 par un collier ras du cou, un long, une cravate et une cha\u00eene. En gardant le style \u00e9lev\u00e9, la tenue qui correspond \u00e0 la coupe de cheveux Blunt Cut peut \u00eatre des robes sans bretelles ou \u00e0 une \u00e9paule associ\u00e9es \u00e0 des colliers plus grands. <\/p>\n\n\n\n<figure class=\"wp-block-image size-full\"><img loading=\"lazy\" decoding=\"async\" width=\"760\" height=\"555\" src=\"https:\/\/danidrops.com.br\/wp-content\/uploads\/2022\/01\/08-Corte-de-Cabelo-Blunt-Cut.jpg\" alt=\"Coupe de cheveux \u00e9mouss\u00e9e\" class=\"wp-image-15362\" title=\"\" srcset=\"https:\/\/danidrops.com.br\/wp-content\/uploads\/2022\/01\/08-Corte-de-Cabelo-Blunt-Cut.jpg 760w, https:\/\/danidrops.com.br\/wp-content\/uploads\/2022\/01\/08-Corte-de-Cabelo-Blunt-Cut-300x219.jpg 300w, https:\/\/danidrops.com.br\/wp-content\/uploads\/2022\/01\/08-Corte-de-Cabelo-Blunt-Cut-150x110.jpg 150w\" sizes=\"auto, (max-width: 760px) 100vw, 760px\" \/><figcaption class=\"wp-element-caption\">Coupe de cheveux \u00e9mouss\u00e9e<\/figcaption><\/figure>\n\n\n\n<p>Vous pouvez \u00e9galement combiner un blazer avec des robes et des chemises, ou des chemisiers avec un col en \u00ab V \u00bb et des jupes mindi avec une coupe droite ou pliss\u00e9e. Une autre astuce est pour les porteurs de lunettes de parfaire leurs mod\u00e8les arrondis et larges aux branches fines et discr\u00e8tes, dans les coloris noir, or ou rose.<\/p>\n\n\n\n<figure class=\"wp-block-image size-full\"><img loading=\"lazy\" decoding=\"async\" width=\"760\" height=\"555\" src=\"https:\/\/danidrops.com.br\/wp-content\/uploads\/2022\/01\/07-Corte-de-Cabelo-Blunt-Cut.jpg\" alt=\"Coupe de cheveux \u00e9mouss\u00e9e\" class=\"wp-image-15361\" title=\"\" srcset=\"https:\/\/danidrops.com.br\/wp-content\/uploads\/2022\/01\/07-Corte-de-Cabelo-Blunt-Cut.jpg 760w, https:\/\/danidrops.com.br\/wp-content\/uploads\/2022\/01\/07-Corte-de-Cabelo-Blunt-Cut-300x219.jpg 300w, https:\/\/danidrops.com.br\/wp-content\/uploads\/2022\/01\/07-Corte-de-Cabelo-Blunt-Cut-150x110.jpg 150w\" sizes=\"auto, (max-width: 760px) 100vw, 760px\" \/><figcaption class=\"wp-element-caption\">Coupe de cheveux \u00e9mouss\u00e9e<\/figcaption><\/figure>\n\n\n\n<p><br>Parce que c&#039;est une coupe qui laisse les m\u00e8ches uniformes autour de la t\u00eate, cela donne l&#039;impression que les extr\u00e9mit\u00e9s ont plus de volume. <\/p>\n\n\n\n<figure class=\"wp-block-image size-full\"><img loading=\"lazy\" decoding=\"async\" width=\"760\" height=\"555\" src=\"https:\/\/danidrops.com.br\/wp-content\/uploads\/2022\/01\/06-Corte-de-Cabelo-Blunt-Cut.jpg\" alt=\"Coupe de cheveux \u00e9mouss\u00e9e\" class=\"wp-image-15360\" title=\"\" srcset=\"https:\/\/danidrops.com.br\/wp-content\/uploads\/2022\/01\/06-Corte-de-Cabelo-Blunt-Cut.jpg 760w, https:\/\/danidrops.com.br\/wp-content\/uploads\/2022\/01\/06-Corte-de-Cabelo-Blunt-Cut-300x219.jpg 300w, https:\/\/danidrops.com.br\/wp-content\/uploads\/2022\/01\/06-Corte-de-Cabelo-Blunt-Cut-150x110.jpg 150w\" sizes=\"auto, (max-width: 760px) 100vw, 760px\" \/><figcaption class=\"wp-element-caption\">Coupe de cheveux \u00e9mouss\u00e9e<\/figcaption><\/figure>\n\n\n\n<p>Dans les cheveux ondul\u00e9s et boucl\u00e9s, parce qu&#039;ils ont un volume naturel, la coupe est plus pro\u00e9minente, ce qui donne des m\u00e8ches plus frappantes et visibles, parfaites pour les cheveux avec des reflets ou des m\u00e8ches plus discr\u00e8tes. <\/p>\n\n\n\n<figure class=\"wp-block-image size-full\"><img loading=\"lazy\" decoding=\"async\" width=\"760\" height=\"555\" src=\"https:\/\/danidrops.com.br\/wp-content\/uploads\/2022\/01\/05-Corte-de-Cabelo-Blunt-Cut.jpg\" alt=\"Coupe de cheveux \u00e9mouss\u00e9e\" class=\"wp-image-15359\" title=\"\" srcset=\"https:\/\/danidrops.com.br\/wp-content\/uploads\/2022\/01\/05-Corte-de-Cabelo-Blunt-Cut.jpg 760w, https:\/\/danidrops.com.br\/wp-content\/uploads\/2022\/01\/05-Corte-de-Cabelo-Blunt-Cut-300x219.jpg 300w, https:\/\/danidrops.com.br\/wp-content\/uploads\/2022\/01\/05-Corte-de-Cabelo-Blunt-Cut-150x110.jpg 150w\" sizes=\"auto, (max-width: 760px) 100vw, 760px\" \/><figcaption class=\"wp-element-caption\">Coupe de cheveux \u00e9mouss\u00e9e<\/figcaption><\/figure>\n\n\n\n<p>Dans les cheveux raides, un compliment plus uniforme et d\u00e9tendu est maintenu, combin\u00e9 avec des cheveux bruns, roux ou blonds, avec ou sans frange droite au niveau des yeux. <\/p>\n\n\n\n<figure class=\"wp-block-image size-full\"><img loading=\"lazy\" decoding=\"async\" width=\"760\" height=\"555\" src=\"https:\/\/danidrops.com.br\/wp-content\/uploads\/2022\/01\/04-Corte-de-Cabelo-Blunt-Cut.jpg\" alt=\"Coupe de cheveux \u00e9mouss\u00e9e\" class=\"wp-image-15358\" title=\"\" srcset=\"https:\/\/danidrops.com.br\/wp-content\/uploads\/2022\/01\/04-Corte-de-Cabelo-Blunt-Cut.jpg 760w, https:\/\/danidrops.com.br\/wp-content\/uploads\/2022\/01\/04-Corte-de-Cabelo-Blunt-Cut-300x219.jpg 300w, https:\/\/danidrops.com.br\/wp-content\/uploads\/2022\/01\/04-Corte-de-Cabelo-Blunt-Cut-150x110.jpg 150w\" sizes=\"auto, (max-width: 760px) 100vw, 760px\" \/><figcaption class=\"wp-element-caption\">Coupe de cheveux \u00e9mouss\u00e9e<\/figcaption><\/figure>\n\n\n\n<p>Les cheveux peuvent \u00e9galement \u00eatre s\u00e9par\u00e9s au milieu ou plac\u00e9s sur le c\u00f4t\u00e9, avec un aspect mouill\u00e9 et ondul\u00e9 et en gardant les extr\u00e9mit\u00e9s droites.<\/p>\n\n\n\n<figure class=\"wp-block-image size-full\"><img loading=\"lazy\" decoding=\"async\" width=\"760\" height=\"555\" src=\"https:\/\/danidrops.com.br\/wp-content\/uploads\/2022\/01\/03-Corte-de-Cabelo-Blunt-Cut.jpg\" alt=\"Coupe de cheveux \u00e9mouss\u00e9e\" class=\"wp-image-15357\" title=\"\" srcset=\"https:\/\/danidrops.com.br\/wp-content\/uploads\/2022\/01\/03-Corte-de-Cabelo-Blunt-Cut.jpg 760w, https:\/\/danidrops.com.br\/wp-content\/uploads\/2022\/01\/03-Corte-de-Cabelo-Blunt-Cut-300x219.jpg 300w, https:\/\/danidrops.com.br\/wp-content\/uploads\/2022\/01\/03-Corte-de-Cabelo-Blunt-Cut-150x110.jpg 150w\" sizes=\"auto, (max-width: 760px) 100vw, 760px\" \/><figcaption class=\"wp-element-caption\">Coupe de cheveux \u00e9mouss\u00e9e<\/figcaption><\/figure>\n\n\n\n<p><br>La finition peut se faire avec une brosse arrondie et large, facilitant le maniement avec le s\u00e8che-linge, finition au fer plat sur les extr\u00e9mit\u00e9s afin de garder la longueur droite, on peut aussi utiliser le fer \u00e0 friser, enserrage autour des m\u00e8ches, embo\u00eetement les boucles, m\u00e9thode LOC ou laisser s\u00e9cher naturellement. <\/p>\n\n\n\n<figure class=\"wp-block-image size-full\"><img loading=\"lazy\" decoding=\"async\" width=\"760\" height=\"555\" src=\"https:\/\/danidrops.com.br\/wp-content\/uploads\/2022\/01\/01-Corte-de-Cabelo-Blunt-Cut.jpg\" alt=\"Coupe de cheveux \u00e9mouss\u00e9e\" class=\"wp-image-15356\" title=\"\" srcset=\"https:\/\/danidrops.com.br\/wp-content\/uploads\/2022\/01\/01-Corte-de-Cabelo-Blunt-Cut.jpg 760w, https:\/\/danidrops.com.br\/wp-content\/uploads\/2022\/01\/01-Corte-de-Cabelo-Blunt-Cut-300x219.jpg 300w, https:\/\/danidrops.com.br\/wp-content\/uploads\/2022\/01\/01-Corte-de-Cabelo-Blunt-Cut-150x110.jpg 150w\" sizes=\"auto, (max-width: 760px) 100vw, 760px\" \/><figcaption class=\"wp-element-caption\">Coupe de cheveux \u00e9mouss\u00e9e<\/figcaption><\/figure>\n\n\n\n<p>Une autre astuce consiste \u00e0 utiliser une mousse sans rin\u00e7age ou de finition et \u00e0 s\u00e9cher les cheveux, en p\u00e9trissant les m\u00e8ches pour garder les ondulations plus longtemps, vous pouvez utiliser des huiles d&#039;avocat, d&#039;aloe vera et de romarin pour garder les pointes toujours brillantes et hydrat\u00e9es, pour une plus longue dur\u00e9e de coupe. <\/p>\n\n\n\n<figure class=\"wp-block-image size-full\"><img loading=\"lazy\" decoding=\"async\" width=\"760\" height=\"555\" src=\"https:\/\/danidrops.com.br\/wp-content\/uploads\/2022\/01\/Corte-de-Cabelo-Blunt-CutCorte-de-cabelo-Long-Bob.jpg\" alt=\"Coupe de cheveux \u00e9mouss\u00e9e\" class=\"wp-image-15355\" title=\"\" srcset=\"https:\/\/danidrops.com.br\/wp-content\/uploads\/2022\/01\/Corte-de-Cabelo-Blunt-CutCorte-de-cabelo-Long-Bob.jpg 760w, https:\/\/danidrops.com.br\/wp-content\/uploads\/2022\/01\/Corte-de-Cabelo-Blunt-CutCorte-de-cabelo-Long-Bob-300x219.jpg 300w, https:\/\/danidrops.com.br\/wp-content\/uploads\/2022\/01\/Corte-de-Cabelo-Blunt-CutCorte-de-cabelo-Long-Bob-150x110.jpg 150w\" sizes=\"auto, (max-width: 760px) 100vw, 760px\" \/><figcaption class=\"wp-element-caption\">Coupe de cheveux \u00e9mouss\u00e9e<\/figcaption><\/figure>\n\n\n\n<p>N&#039;oubliez pas que pour garder les fils align\u00e9s ou d\u00e9finis, il est n\u00e9cessaire de maintenir une routine d&#039;hydratation, de nutrition et de restauration dans les cheveux.<\/p>\n\n\n\n<figure class=\"wp-block-image size-full\"><img loading=\"lazy\" decoding=\"async\" width=\"760\" height=\"555\" src=\"https:\/\/danidrops.com.br\/wp-content\/uploads\/2022\/01\/20-Corte-de-Cabelo-Blunt-Cut.jpg\" alt=\"Coupe de cheveux \u00e9mouss\u00e9e\" class=\"wp-image-15354\" title=\"\" srcset=\"https:\/\/danidrops.com.br\/wp-content\/uploads\/2022\/01\/20-Corte-de-Cabelo-Blunt-Cut.jpg 760w, https:\/\/danidrops.com.br\/wp-content\/uploads\/2022\/01\/20-Corte-de-Cabelo-Blunt-Cut-300x219.jpg 300w, https:\/\/danidrops.com.br\/wp-content\/uploads\/2022\/01\/20-Corte-de-Cabelo-Blunt-Cut-150x110.jpg 150w\" sizes=\"auto, (max-width: 760px) 100vw, 760px\" \/><figcaption class=\"wp-element-caption\">Coupe de cheveux \u00e9mouss\u00e9e<\/figcaption><\/figure>\n\n\n\n<figure class=\"wp-block-image size-full\"><img loading=\"lazy\" decoding=\"async\" width=\"760\" height=\"555\" src=\"https:\/\/danidrops.com.br\/wp-content\/uploads\/2022\/01\/19-Corte-de-Cabelo-Blunt-Cut.jpg\" alt=\"Coupe de cheveux \u00e9mouss\u00e9e\" class=\"wp-image-15353\" title=\"\" srcset=\"https:\/\/danidrops.com.br\/wp-content\/uploads\/2022\/01\/19-Corte-de-Cabelo-Blunt-Cut.jpg 760w, https:\/\/danidrops.com.br\/wp-content\/uploads\/2022\/01\/19-Corte-de-Cabelo-Blunt-Cut-300x219.jpg 300w, https:\/\/danidrops.com.br\/wp-content\/uploads\/2022\/01\/19-Corte-de-Cabelo-Blunt-Cut-150x110.jpg 150w\" sizes=\"auto, (max-width: 760px) 100vw, 760px\" \/><figcaption class=\"wp-element-caption\">Coupe de cheveux \u00e9mouss\u00e9e<\/figcaption><\/figure>\n\n\n\n<figure class=\"wp-block-image size-full\"><img loading=\"lazy\" decoding=\"async\" width=\"760\" height=\"555\" src=\"https:\/\/danidrops.com.br\/wp-content\/uploads\/2022\/01\/18-Corte-de-Cabelo-Blunt-Cut.jpg\" alt=\"Coupe de cheveux \u00e9mouss\u00e9e\" class=\"wp-image-15352\" title=\"\" srcset=\"https:\/\/danidrops.com.br\/wp-content\/uploads\/2022\/01\/18-Corte-de-Cabelo-Blunt-Cut.jpg 760w, https:\/\/danidrops.com.br\/wp-content\/uploads\/2022\/01\/18-Corte-de-Cabelo-Blunt-Cut-300x219.jpg 300w, https:\/\/danidrops.com.br\/wp-content\/uploads\/2022\/01\/18-Corte-de-Cabelo-Blunt-Cut-150x110.jpg 150w\" sizes=\"auto, (max-width: 760px) 100vw, 760px\" \/><figcaption class=\"wp-element-caption\">Coupe de cheveux \u00e9mouss\u00e9e<\/figcaption><\/figure>\n\n\n\n<h2 class=\"wp-block-heading\"><span class=\"ez-toc-section\" id=\"Veja_Modelos_de_Cortes_de_Cabelo_Blunt_Cut_Feminino\"><\/span>Voir les mod\u00e8les de coupe de cheveux f\u00e9minins Blunt Cut<span class=\"ez-toc-section-end\"><\/span><\/h2>\n\n\n\n<script type=\"application\/ld+json\">{\n    \"@context\": \"https:\\\/\\\/schema.org\",\n    \"@type\": \"VideoObject\",\n    \"name\": \"Corte de Cabelo Blunt Cut. Veja 15 Tend\\u00eancia de Cortes de Cabelo Feminino\",\n    \"description\": \"Corte de Cabelo Blunt Cut. Veja 15 Tend\\u00eancia de Cortes de Cabelo Feminino\",\n    \"thumbnailUrl\": \"https:\\\/\\\/danidrops.com.br\\\/wp-content\\\/uploads\\\/2022\\\/01\\\/Corte-de-Cabelo-Blunt-Cut.jpg\",\n    \"uploadDate\": \"2022-01-07\",\n    \"duration\": \"PT3M21S\",\n    \"publisher\": {\n        \"@type\": \"Organization\",\n        \"name\": \"DaniDrops\",\n        \"logo\": {\n            \"@type\": \"ImageObject\",\n            \"url\": \"https:\\\/\\\/danidrops.com.br\\\/wp-content\\\/uploads\\\/2021\\\/08\\\/danidrops.jpg\",\n            \"width\": 600,\n            \"height\": 60\n        }\n    },\n    \"contentUrl\": \"https:\\\/\\\/youtu.be\\\/gftYkUvxgQY\",\n    \"embedUrl\": \"https:\\\/\\\/youtu.be\\\/gftYkUvxgQY\",\n    \"potentialAction\": {\n        \"@type\": \"SeekToAction\",\n        \"target\": \"https:\\\/\\\/youtu.be\\\/gftYkUvxgQY={seek_to_second_number}\",\n        \"startOffset-input\": \"required name=seek_to_second_number\"\n    }\n}<\/script>\n\n\n\n<figure class=\"wp-block-embed is-type-video is-provider-youtube wp-block-embed-youtube wp-embed-aspect-16-9 wp-has-aspect-ratio\"><div class=\"wp-block-embed__wrapper\">\n<iframe loading=\"lazy\" title=\"Coupe de cheveux \u00e9mouss\u00e9e. Voir 15 coupes de cheveux tendance pour les femmes\" width=\"500\" height=\"281\" src=\"https:\/\/www.youtube.com\/embed\/gftYkUvxgQY?feature=oembed\" frameborder=\"0\" allow=\"accelerometer; autoplay; clipboard-write; encrypted-media; gyroscope; picture-in-picture; web-share\" referrerpolicy=\"strict-origin-when-cross-origin\" allowfullscreen><\/iframe>\n<\/div><\/figure>\n\n\n\n<h2 class=\"wp-block-heading\"><span class=\"ez-toc-section\" id=\"Quais_os_melhores_modelos_de_corte_de_cabelo_Blunt_Cut\"><\/span>Quels sont les meilleurs mod\u00e8les de coupe de cheveux Blunt Cut ?<span class=\"ez-toc-section-end\"><\/span><\/h2>\n\n\n\n<p>O <strong>Coupe \u00e9mouss\u00e9e<\/strong> C\u2019est une coupe polyvalente qui peut \u00eatre adapt\u00e9e de diff\u00e9rentes mani\u00e8res pour diff\u00e9rents styles et types de cheveux. Vous trouverez ci-dessous quelques-uns des mod\u00e8les les plus populaires de <strong>Coupe \u00e9mouss\u00e9e<\/strong>:<\/p>\n\n\n\n<h3 class=\"wp-block-heading\">Bob \u00e9mouss\u00e9<\/h3>\n\n\n\n<p>C\u2019est l\u2019un des mod\u00e8les Blunt Cut les plus classiques, avec une longueur g\u00e9n\u00e9ralement \u00e0 hauteur de menton ou un peu en dessous. La coupe droite donne un aspect sophistiqu\u00e9 et moderne, ce qui la rend id\u00e9ale pour ceux qui recherchent la praticit\u00e9 avec une touche d&#039;\u00e9l\u00e9gance.<\/p>\n\n\n\n<figure class=\"wp-block-image size-full\"><img loading=\"lazy\" decoding=\"async\" width=\"760\" height=\"555\" src=\"https:\/\/danidrops.com.br\/wp-content\/uploads\/2024\/09\/Blunt-Bob.jpg\" alt=\"Bob \u00e9mouss\u00e9\" class=\"wp-image-99792\" title=\"\" srcset=\"https:\/\/danidrops.com.br\/wp-content\/uploads\/2024\/09\/Blunt-Bob.jpg 760w, https:\/\/danidrops.com.br\/wp-content\/uploads\/2024\/09\/Blunt-Bob-300x219.jpg 300w, https:\/\/danidrops.com.br\/wp-content\/uploads\/2024\/09\/Blunt-Bob-16x12.jpg 16w, https:\/\/danidrops.com.br\/wp-content\/uploads\/2024\/09\/Blunt-Bob-150x110.jpg 150w\" sizes=\"auto, (max-width: 760px) 100vw, 760px\" \/><figcaption class=\"wp-element-caption\">Bob \u00e9mouss\u00e9<\/figcaption><\/figure>\n\n\n\n<h3 class=\"wp-block-heading\">Coupe longue et \u00e9mouss\u00e9e<\/h3>\n\n\n\n<p>Parfait pour celles qui ont les cheveux longs, ce style maintient la longueur tout en assurant un look soign\u00e9 avec une base droite. Il am\u00e9liore la densit\u00e9 des cheveux, cr\u00e9ant un look complet et percutant.<\/p>\n\n\n\n<figure class=\"wp-block-image size-full\"><img loading=\"lazy\" decoding=\"async\" width=\"760\" height=\"555\" src=\"https:\/\/danidrops.com.br\/wp-content\/uploads\/2024\/09\/Blunt-Cut-Longo.jpg\" alt=\"Coupe longue et \u00e9mouss\u00e9e\" class=\"wp-image-99796\" title=\"\" srcset=\"https:\/\/danidrops.com.br\/wp-content\/uploads\/2024\/09\/Blunt-Cut-Longo.jpg 760w, https:\/\/danidrops.com.br\/wp-content\/uploads\/2024\/09\/Blunt-Cut-Longo-300x219.jpg 300w, https:\/\/danidrops.com.br\/wp-content\/uploads\/2024\/09\/Blunt-Cut-Longo-16x12.jpg 16w, https:\/\/danidrops.com.br\/wp-content\/uploads\/2024\/09\/Blunt-Cut-Longo-150x110.jpg 150w\" sizes=\"auto, (max-width: 760px) 100vw, 760px\" \/><figcaption class=\"wp-element-caption\">Coupe longue et \u00e9mouss\u00e9e<\/figcaption><\/figure>\n\n\n\n<h3 class=\"wp-block-heading\">Coupe moyenne \u00e9mouss\u00e9e<\/h3>\n\n\n\n<p>Aussi connu sous le nom <em>moyen \u00e9mouss\u00e9<\/em>, cette coupe est une option interm\u00e9diaire, g\u00e9n\u00e9ralement jusqu&#039;aux \u00e9paules. C&#039;est id\u00e9al pour ceux qui ne veulent pas de cheveux aussi courts, mais qui recherchent \u00e9galement une option pratique et \u00e9l\u00e9gante.<\/p>\n\n\n\n<figure class=\"wp-block-image size-full\"><img loading=\"lazy\" decoding=\"async\" width=\"760\" height=\"555\" src=\"https:\/\/danidrops.com.br\/wp-content\/uploads\/2024\/09\/Blunt-Cut-Medio.jpg\" alt=\"Coupe moyenne \u00e9mouss\u00e9e\" class=\"wp-image-99797\" title=\"\" srcset=\"https:\/\/danidrops.com.br\/wp-content\/uploads\/2024\/09\/Blunt-Cut-Medio.jpg 760w, https:\/\/danidrops.com.br\/wp-content\/uploads\/2024\/09\/Blunt-Cut-Medio-300x219.jpg 300w, https:\/\/danidrops.com.br\/wp-content\/uploads\/2024\/09\/Blunt-Cut-Medio-16x12.jpg 16w, https:\/\/danidrops.com.br\/wp-content\/uploads\/2024\/09\/Blunt-Cut-Medio-150x110.jpg 150w\" sizes=\"auto, (max-width: 760px) 100vw, 760px\" \/><figcaption class=\"wp-element-caption\">Coupe moyenne \u00e9mouss\u00e9e<\/figcaption><\/figure>\n\n\n\n<h3 class=\"wp-block-heading\">Coupe \u00e9mouss\u00e9e avec frange<\/h3>\n\n\n\n<p>Ajoutez une frange droite \u00e0 <strong>Coupe \u00e9mouss\u00e9e<\/strong> c&#039;est une fa\u00e7on de personnaliser la coupe et d&#039;ajouter un \u00e9l\u00e9ment de style. La frange peut \u00eatre courte, longue ou m\u00eame lat\u00e9rale, selon la forme de votre visage et vos pr\u00e9f\u00e9rences.<\/p>\n\n\n\n<figure class=\"wp-block-image size-full\"><img loading=\"lazy\" decoding=\"async\" width=\"760\" height=\"555\" src=\"https:\/\/danidrops.com.br\/wp-content\/uploads\/2024\/09\/Blunt-Cut-com-Franja.jpg\" alt=\"Coupe \u00e9mouss\u00e9e avec frange\" class=\"wp-image-99794\" title=\"\" srcset=\"https:\/\/danidrops.com.br\/wp-content\/uploads\/2024\/09\/Blunt-Cut-com-Franja.jpg 760w, https:\/\/danidrops.com.br\/wp-content\/uploads\/2024\/09\/Blunt-Cut-com-Franja-300x219.jpg 300w, https:\/\/danidrops.com.br\/wp-content\/uploads\/2024\/09\/Blunt-Cut-com-Franja-16x12.jpg 16w, https:\/\/danidrops.com.br\/wp-content\/uploads\/2024\/09\/Blunt-Cut-com-Franja-150x110.jpg 150w\" sizes=\"auto, (max-width: 760px) 100vw, 760px\" \/><figcaption class=\"wp-element-caption\">Coupe \u00e9mouss\u00e9e avec frange<\/figcaption><\/figure>\n\n\n\n<h3 class=\"wp-block-heading\">Coupe \u00e9mouss\u00e9e asym\u00e9trique<\/h3>\n\n\n\n<p>Ce mod\u00e8le s&#039;adresse \u00e0 ceux qui aiment quelque chose d&#039;un peu plus audacieux. La coupe conserve la base droite caract\u00e9ristique, mais avec des longueurs diff\u00e9rentes de chaque c\u00f4t\u00e9, cr\u00e9ant un look moderne et audacieux.<\/p>\n\n\n\n<figure class=\"wp-block-image size-full\"><img loading=\"lazy\" decoding=\"async\" width=\"760\" height=\"555\" src=\"https:\/\/danidrops.com.br\/wp-content\/uploads\/2024\/09\/Blunt-Cut-Assimetrico.jpg\" alt=\"Coupe \u00e9mouss\u00e9e asym\u00e9trique\" class=\"wp-image-99793\" title=\"\" srcset=\"https:\/\/danidrops.com.br\/wp-content\/uploads\/2024\/09\/Blunt-Cut-Assimetrico.jpg 760w, https:\/\/danidrops.com.br\/wp-content\/uploads\/2024\/09\/Blunt-Cut-Assimetrico-300x219.jpg 300w, https:\/\/danidrops.com.br\/wp-content\/uploads\/2024\/09\/Blunt-Cut-Assimetrico-16x12.jpg 16w, https:\/\/danidrops.com.br\/wp-content\/uploads\/2024\/09\/Blunt-Cut-Assimetrico-150x110.jpg 150w\" sizes=\"auto, (max-width: 760px) 100vw, 760px\" \/><figcaption class=\"wp-element-caption\">Coupe \u00e9mouss\u00e9e asym\u00e9trique<\/figcaption><\/figure>\n\n\n\n<h3 class=\"wp-block-heading\">Coupe \u00e9mouss\u00e9e avec texture<\/h3>\n\n\n\n<p>Bien que la coupe Blunt soit g\u00e9n\u00e9ralement droite, elle peut \u00eatre textur\u00e9e \u00e0 l&#039;aide d&#039;outils de coiffage, tels que des fers \u00e0 friser ou des fers \u00e0 friser, pour cr\u00e9er un look plus d\u00e9contract\u00e9.<\/p>\n\n\n\n<figure class=\"wp-block-image size-full\"><img loading=\"lazy\" decoding=\"async\" width=\"760\" height=\"555\" src=\"https:\/\/danidrops.com.br\/wp-content\/uploads\/2024\/09\/Blunt-Cut-com-Textura.jpg\" alt=\"Coupe \u00e9mouss\u00e9e avec texture\" class=\"wp-image-99795\" title=\"\" srcset=\"https:\/\/danidrops.com.br\/wp-content\/uploads\/2024\/09\/Blunt-Cut-com-Textura.jpg 760w, https:\/\/danidrops.com.br\/wp-content\/uploads\/2024\/09\/Blunt-Cut-com-Textura-300x219.jpg 300w, https:\/\/danidrops.com.br\/wp-content\/uploads\/2024\/09\/Blunt-Cut-com-Textura-16x12.jpg 16w, https:\/\/danidrops.com.br\/wp-content\/uploads\/2024\/09\/Blunt-Cut-com-Textura-150x110.jpg 150w\" sizes=\"auto, (max-width: 760px) 100vw, 760px\" \/><figcaption class=\"wp-element-caption\">Coupe \u00e9mouss\u00e9e avec texture<\/figcaption><\/figure>\n\n\n\n<p>Voici quelques-uns des principaux mod\u00e8les de <strong>Coupe \u00e9mouss\u00e9e<\/strong>, et chacun peut \u00eatre adapt\u00e9 \u00e0 diff\u00e9rents go\u00fbts et besoins, que ce soit pour un look plus sophistiqu\u00e9 ou d\u00e9contract\u00e9.<\/p>\n\n\n\n<h2 class=\"wp-block-heading\"><span class=\"ez-toc-section\" id=\"Modelos_de_rostos_que_ficam_bem_com_o_corte_de_cabelo_Blunt_Cut\"><\/span>Des mod\u00e8les de visage qui vont bien avec la coupe de cheveux Blunt Cut<span class=\"ez-toc-section-end\"><\/span><\/h2>\n\n\n\n<figure class=\"wp-block-table\"><table><thead><tr><th>Type de visage<\/th><th>Combinaison avec coupe \u00e9mouss\u00e9e<\/th><\/tr><\/thead><tbody><tr><td>ovale<\/td><td>Correspond \u00e0 tous les mod\u00e8les\u00a0; surtout le Blunt Bob et le Blunt Long.<\/td><\/tr><tr><td>Carr\u00e9<\/td><td>Id\u00e9al avec une coupe \u00e9mouss\u00e9e longue ou moyenne pour adoucir les lignes angulaires.<\/td><\/tr><tr><td>tour<\/td><td>Le Blunt Bob avec une frange peut \u00e9quilibrer les proportions du visage.<\/td><\/tr><tr><td>C\u0153ur<\/td><td>Blunt Cut avec une frange lat\u00e9rale ou de longueur moyenne adoucit les traits.<\/td><\/tr><tr><td>Triangulaire<\/td><td>Une coupe moyenne avec une frange peut aider \u00e0 \u00e9quilibrer les proportions.<\/td><\/tr><tr><td>Loin<\/td><td>Long Blunt Cut ajoute du volume et \u00e9quilibre la longueur du visage.<\/td><\/tr><\/tbody><\/table><figcaption class=\"wp-element-caption\">Des mod\u00e8les de visage qui vont bien avec la coupe de cheveux Blunt Cut<\/figcaption><\/figure>\n<div id=\"ez-toc-container\" class=\"ez-toc-v2_0_76 counter-hierarchy ez-toc-counter ez-toc-grey ez-toc-container-direction\">\n<p class=\"ez-toc-title\" style=\"cursor:inherit\">Vous lirez cet article<\/p>\n<label for=\"ez-toc-cssicon-toggle-item-69f017cf23e5c\" class=\"ez-toc-cssicon-toggle-label\"><span class=\"ez-toc-cssicon\"><span class=\"eztoc-hide\" style=\"display:none;\">Basculer<\/span><span class=\"ez-toc-icon-toggle-span\"><svg style=\"fill: #999;color:#999\" xmlns=\"http:\/\/www.w3.org\/2000\/svg\" class=\"list-377408\" width=\"20px\" height=\"20px\" viewbox=\"0 0 24 24\" fill=\"none\"><path d=\"M6 6H4v2h2V6zm14 0H8v2h12V6zM4 11h2v2H4v-2zm16 0H8v2h12v-2zM4 16h2v2H4v-2zm16 0H8v2h12v-2z\" fill=\"currentColor\"><\/path><\/svg><svg style=\"fill: #999;color:#999\" class=\"arrow-unsorted-368013\" xmlns=\"http:\/\/www.w3.org\/2000\/svg\" width=\"10px\" height=\"10px\" viewbox=\"0 0 24 24\" version=\"1.2\" baseprofile=\"tiny\"><path d=\"M18.2 9.3l-6.2-6.3-6.2 6.3c-.2.2-.3.4-.3.7s.1.5.3.7c.2.2.4.3.7.3h11c.3 0 .5-.1.7-.3.2-.2.3-.5.3-.7s-.1-.5-.3-.7zM5.8 14.7l6.2 6.3 6.2-6.3c.2-.2.3-.5.3-.7s-.1-.5-.3-.7c-.2-.2-.4-.3-.7-.3h-11c-.3 0-.5.1-.7.3-.2.2-.3.5-.3.7s.1.5.3.7z\"\/><\/svg><\/span><\/span><\/label><input type=\"checkbox\"  id=\"ez-toc-cssicon-toggle-item-69f017cf23e5c\"  aria-label=\"Basculer\" \/><nav><ul class='ez-toc-list ez-toc-list-level-1' ><li class='ez-toc-page-1 ez-toc-heading-level-2'><a class=\"ez-toc-link ez-toc-heading-1\" href=\"https:\/\/danidrops.com.br\/fr\/coupe-de-cheveux-emoussee\/#Como_e_feito_o_Corte_de_Cabelo_Blunt_Cut\" >Comment se fait la coupe de cheveux Blunt Cut?<\/a><\/li><li class='ez-toc-page-1 ez-toc-heading-level-2'><a class=\"ez-toc-link ez-toc-heading-2\" href=\"https:\/\/danidrops.com.br\/fr\/coupe-de-cheveux-emoussee\/#Veja_Modelos_de_Cortes_de_Cabelo_Blunt_Cut_Feminino\" >Voir les mod\u00e8les de coupe de cheveux f\u00e9minins Blunt Cut<\/a><\/li><li class='ez-toc-page-1 ez-toc-heading-level-2'><a class=\"ez-toc-link ez-toc-heading-3\" href=\"https:\/\/danidrops.com.br\/fr\/coupe-de-cheveux-emoussee\/#Quais_os_melhores_modelos_de_corte_de_cabelo_Blunt_Cut\" >Quels sont les meilleurs mod\u00e8les de coupe de cheveux Blunt Cut ?<\/a><\/li><li class='ez-toc-page-1 ez-toc-heading-level-2'><a class=\"ez-toc-link ez-toc-heading-4\" href=\"https:\/\/danidrops.com.br\/fr\/coupe-de-cheveux-emoussee\/#Modelos_de_rostos_que_ficam_bem_com_o_corte_de_cabelo_Blunt_Cut\" >Des mod\u00e8les de visage qui vont bien avec la coupe de cheveux Blunt Cut<\/a><\/li><\/ul><\/nav><\/div>","protected":false},"excerpt":{"rendered":"<p>D\u00e9couvrez la nouvelle coupe Blunt Cut Haircut qui fait fureur dans les salons de coiffure.<\/p>","protected":false},"author":1,"featured_media":99791,"comment_status":"open","ping_status":"open","sticky":false,"template":"","format":"standard","meta":{"footnotes":""},"categories":[439],"tags":[],"class_list":["post-15264","post","type-post","status-publish","format-standard","has-post-thumbnail","hentry","category-cabelo"],"_links":{"self":[{"href":"https:\/\/danidrops.com.br\/fr\/wp-json\/wp\/v2\/posts\/15264","targetHints":{"allow":["GET"]}}],"collection":[{"href":"https:\/\/danidrops.com.br\/fr\/wp-json\/wp\/v2\/posts"}],"about":[{"href":"https:\/\/danidrops.com.br\/fr\/wp-json\/wp\/v2\/types\/post"}],"author":[{"embeddable":true,"href":"https:\/\/danidrops.com.br\/fr\/wp-json\/wp\/v2\/users\/1"}],"replies":[{"embeddable":true,"href":"https:\/\/danidrops.com.br\/fr\/wp-json\/wp\/v2\/comments?post=15264"}],"version-history":[{"count":0,"href":"https:\/\/danidrops.com.br\/fr\/wp-json\/wp\/v2\/posts\/15264\/revisions"}],"wp:featuredmedia":[{"embeddable":true,"href":"https:\/\/danidrops.com.br\/fr\/wp-json\/wp\/v2\/media\/99791"}],"wp:attachment":[{"href":"https:\/\/danidrops.com.br\/fr\/wp-json\/wp\/v2\/media?parent=15264"}],"wp:term":[{"taxonomy":"category","embeddable":true,"href":"https:\/\/danidrops.com.br\/fr\/wp-json\/wp\/v2\/categories?post=15264"},{"taxonomy":"post_tag","embeddable":true,"href":"https:\/\/danidrops.com.br\/fr\/wp-json\/wp\/v2\/tags?post=15264"}],"curies":[{"name":"wp","href":"https:\/\/api.w.org\/{rel}","templated":true}]}}