{"id":15442,"date":"2022-01-29T18:00:00","date_gmt":"2022-01-29T21:00:00","guid":{"rendered":"https:\/\/danidrops.com.br\/?p=15442"},"modified":"2022-10-28T18:00:31","modified_gmt":"2022-10-28T21:00:31","slug":"coupe-de-cheveux-moyenne","status":"publish","type":"post","link":"https:\/\/danidrops.com.br\/fr\/coupe-de-cheveux-moyenne\/","title":{"rendered":"Coupe de cheveux moyenne \u2013 Voir 43 mod\u00e8les de cette coupe de cheveux f\u00e9minine tendance"},"content":{"rendered":"<p>Que diriez-vous de commencer une nouvelle ann\u00e9e, avec un nouveau look, un <strong>coupe de cheveux moyenne<\/strong> qui correspond \u00e0 votre personnalit\u00e9 et \u00e0 votre \u00e9nergie\u00a0?<\/p>\n\n\n\n<p><strong>A lire aussi : <\/strong><a href=\"https:\/\/danidrops.com.br\/fr\/tendance-coupe-de-cheveux-femme-2025\/\" data-type=\"URL\" data-id=\"https:\/\/danidrops.com.br\/tendencia-corte-de-cabelo-feminino-2025\/\">tendance coupe de cheveux<\/a>: Quelles sont les tendances coupes femme, 61 Inspirations de types de coupes et Astuces<\/p>\n\n\n\n<figure class=\"wp-block-image size-full\"><img loading=\"lazy\" decoding=\"async\" width=\"760\" height=\"555\" src=\"https:\/\/danidrops.com.br\/wp-content\/uploads\/2022\/01\/17-Corte-de-cabelo-medio.jpg\" alt=\"coupe de cheveux moyenne\" class=\"wp-image-15668\" title=\"\" srcset=\"https:\/\/danidrops.com.br\/wp-content\/uploads\/2022\/01\/17-Corte-de-cabelo-medio.jpg 760w, https:\/\/danidrops.com.br\/wp-content\/uploads\/2022\/01\/17-Corte-de-cabelo-medio-300x219.jpg 300w, https:\/\/danidrops.com.br\/wp-content\/uploads\/2022\/01\/17-Corte-de-cabelo-medio-150x110.jpg 150w\" sizes=\"auto, (max-width: 760px) 100vw, 760px\" \/><figcaption>coupe de cheveux moyenne<\/figcaption><\/figure>\n\n\n\n<p>La coupe de cheveux moyenne est une tendance qui a de plus en plus de fans, soit parce qu&#039;ils sont en transition capillaire, soit parce qu&#039;ils consid\u00e8rent la coupe plus pratique et polyvalente. <\/p>\n\n\n\n<p>Il est possible qu&#039;\u00e0 un moment ou \u00e0 un certain moment, nous ayons d\u00e9j\u00e0 travers\u00e9 des m\u00e8ches de coupe moyenne et que nous ressentions l&#039;aspect pratique de la vie quotidienne au moment de la finition.<\/p>\n\n\n\n<figure class=\"wp-block-image size-full\"><img loading=\"lazy\" decoding=\"async\" width=\"760\" height=\"555\" src=\"https:\/\/danidrops.com.br\/wp-content\/uploads\/2022\/01\/16-Corte-de-cabelo-medio.jpg\" alt=\"coupe de cheveux moyenne\" class=\"wp-image-15667\" title=\"\" srcset=\"https:\/\/danidrops.com.br\/wp-content\/uploads\/2022\/01\/16-Corte-de-cabelo-medio.jpg 760w, https:\/\/danidrops.com.br\/wp-content\/uploads\/2022\/01\/16-Corte-de-cabelo-medio-300x219.jpg 300w, https:\/\/danidrops.com.br\/wp-content\/uploads\/2022\/01\/16-Corte-de-cabelo-medio-150x110.jpg 150w\" sizes=\"auto, (max-width: 760px) 100vw, 760px\" \/><figcaption>coupe de cheveux moyenne<\/figcaption><\/figure>\n\n\n\n<figure class=\"wp-block-image size-full\"><img loading=\"lazy\" decoding=\"async\" width=\"760\" height=\"555\" src=\"https:\/\/danidrops.com.br\/wp-content\/uploads\/2022\/01\/15-Corte-de-cabelo-medio.jpg\" alt=\"coupe de cheveux moyenne\" class=\"wp-image-15666\" title=\"\" srcset=\"https:\/\/danidrops.com.br\/wp-content\/uploads\/2022\/01\/15-Corte-de-cabelo-medio.jpg 760w, https:\/\/danidrops.com.br\/wp-content\/uploads\/2022\/01\/15-Corte-de-cabelo-medio-300x219.jpg 300w, https:\/\/danidrops.com.br\/wp-content\/uploads\/2022\/01\/15-Corte-de-cabelo-medio-150x110.jpg 150w\" sizes=\"auto, (max-width: 760px) 100vw, 760px\" \/><figcaption>coupe de cheveux moyenne<\/figcaption><\/figure>\n\n\n\n<p>La coupe de cheveux moyenne est g\u00e9n\u00e9ralement des m\u00e8ches qui sont \u00e0 4 cm sous l&#039;\u00e9paule, elle se fait avec des m\u00e8ches humides et plac\u00e9es derri\u00e8re l&#039;oreille, vous pouvez utiliser des ciseaux ou une machine \u00e0 d\u00e9couper, en arrondissant les m\u00e8ches qui fa\u00e7onnent le visage. <\/p>\n\n\n\n<h2 class=\"wp-block-heading\" id=\"o-corte-de-cabelo-medio-e-tendencia-neste-verao\"><span class=\"ez-toc-section\" id=\"O_Corte_de_Cabelo_Medio_e_tendencia_neste_verao\"><\/span>La coupe de cheveux moyenne est tendance cet \u00e9t\u00e9<span class=\"ez-toc-section-end\"><\/span><\/h2>\n\n\n\n<p>Consid\u00e9r\u00e9e comme une coupe de cheveux f\u00e9minine pour celles qui veulent du soin sur les pointes et moins de frisottis sur la longueur, elle \u00e9pouse parfaitement tous les types de visage, devenant un chouchou pour sa modernit\u00e9 et son changement de look. <\/p>\n\n\n\n<figure class=\"wp-block-image size-full\"><img loading=\"lazy\" decoding=\"async\" width=\"760\" height=\"555\" src=\"https:\/\/danidrops.com.br\/wp-content\/uploads\/2022\/01\/14-Corte-de-cabelo-medio.jpg\" alt=\"coupe de cheveux moyenne\" class=\"wp-image-15665\" title=\"\" srcset=\"https:\/\/danidrops.com.br\/wp-content\/uploads\/2022\/01\/14-Corte-de-cabelo-medio.jpg 760w, https:\/\/danidrops.com.br\/wp-content\/uploads\/2022\/01\/14-Corte-de-cabelo-medio-300x219.jpg 300w, https:\/\/danidrops.com.br\/wp-content\/uploads\/2022\/01\/14-Corte-de-cabelo-medio-150x110.jpg 150w\" sizes=\"auto, (max-width: 760px) 100vw, 760px\" \/><figcaption>coupe de cheveux moyenne<\/figcaption><\/figure>\n\n\n\n<figure class=\"wp-block-image size-full\"><img loading=\"lazy\" decoding=\"async\" width=\"760\" height=\"555\" src=\"https:\/\/danidrops.com.br\/wp-content\/uploads\/2022\/01\/13-Corte-de-cabelo-medio.jpg\" alt=\"coupe de cheveux moyenne\" class=\"wp-image-15664\" title=\"\" srcset=\"https:\/\/danidrops.com.br\/wp-content\/uploads\/2022\/01\/13-Corte-de-cabelo-medio.jpg 760w, https:\/\/danidrops.com.br\/wp-content\/uploads\/2022\/01\/13-Corte-de-cabelo-medio-300x219.jpg 300w, https:\/\/danidrops.com.br\/wp-content\/uploads\/2022\/01\/13-Corte-de-cabelo-medio-150x110.jpg 150w\" sizes=\"auto, (max-width: 760px) 100vw, 760px\" \/><figcaption>coupe de cheveux moyenne<\/figcaption><\/figure>\n\n\n\n<p>Comme il couvre diff\u00e9rents types de colorants et de nuances, il permet un choix vari\u00e9 de changements et de stylisations, comme, par exemple, un ton plus ouvert de blond ou un brun avec des nuances dor\u00e9es, brun fonc\u00e9 ou noir, des reflets blonds ou un cuivre clair. rouge avec une frange au niveau des yeux, mettant en valeur les traits du visage et donnant plus de personnalit\u00e9. <\/p>\n\n\n\n<p>Un exemple classique est la c\u00e9l\u00e8bre Rachel de Friends, (Jennifer Aniston) qui porte une coupe de cheveux moyenne dans un ton blond fonc\u00e9 et de fines m\u00e8ches argent\u00e9es, alternant dans les tons 8.0, 9.0 et 10.0.<\/p>\n\n\n\n<figure class=\"wp-block-image size-full\"><img loading=\"lazy\" decoding=\"async\" width=\"760\" height=\"555\" src=\"https:\/\/danidrops.com.br\/wp-content\/uploads\/2022\/01\/12-Corte-de-cabelo-medio.jpg\" alt=\"coupe de cheveux moyenne\" class=\"wp-image-15663\" title=\"\" srcset=\"https:\/\/danidrops.com.br\/wp-content\/uploads\/2022\/01\/12-Corte-de-cabelo-medio.jpg 760w, https:\/\/danidrops.com.br\/wp-content\/uploads\/2022\/01\/12-Corte-de-cabelo-medio-300x219.jpg 300w, https:\/\/danidrops.com.br\/wp-content\/uploads\/2022\/01\/12-Corte-de-cabelo-medio-150x110.jpg 150w\" sizes=\"auto, (max-width: 760px) 100vw, 760px\" \/><figcaption>coupe de cheveux moyenne<\/figcaption><\/figure>\n\n\n\n<figure class=\"wp-block-image size-full\"><img loading=\"lazy\" decoding=\"async\" width=\"760\" height=\"555\" src=\"https:\/\/danidrops.com.br\/wp-content\/uploads\/2022\/01\/11-Corte-de-cabelo-medio.jpg\" alt=\"coupe de cheveux moyenne\" class=\"wp-image-15662\" title=\"\" srcset=\"https:\/\/danidrops.com.br\/wp-content\/uploads\/2022\/01\/11-Corte-de-cabelo-medio.jpg 760w, https:\/\/danidrops.com.br\/wp-content\/uploads\/2022\/01\/11-Corte-de-cabelo-medio-300x219.jpg 300w, https:\/\/danidrops.com.br\/wp-content\/uploads\/2022\/01\/11-Corte-de-cabelo-medio-150x110.jpg 150w\" sizes=\"auto, (max-width: 760px) 100vw, 760px\" \/><figcaption>coupe de cheveux moyenne<\/figcaption><\/figure>\n\n\n\n<p>Comme il est de longueur moyenne, il peut \u00eatre utilis\u00e9 dans <a href=\"https:\/\/danidrops.com.br\/fr\/types-de-cheveux-raides-ondules-boucles-crepus\/\" data-type=\"URL\" data-id=\"https:\/\/danidrops.com.br\/tipos-de-cabelo-liso-ondulado-cacheado-crespo\/\">cheveux raides 1A, 1B et 1C, ondul\u00e9s 2A, 2B et 2C, boucl\u00e9s 3A, 3B et 3C et boucl\u00e9s 4A<\/a> valorisant le cadre du visage et des accessoires, qui peuvent varier des boucles d&#039;oreilles au style long et moyen. N&#039;oubliez pas que les accessoires sont un compl\u00e9ment \u00e0 la coupe, alors investissez dans de petites pierres et de l&#039;argent 925 brillant, rehaussant encore plus les reflets. <\/p>\n\n\n\n<figure class=\"wp-block-image size-full\"><img loading=\"lazy\" decoding=\"async\" width=\"760\" height=\"555\" src=\"https:\/\/danidrops.com.br\/wp-content\/uploads\/2022\/01\/10-Corte-de-cabelo-medio-2.jpg\" alt=\"coupe de cheveux moyenne\" class=\"wp-image-15661\" title=\"\" srcset=\"https:\/\/danidrops.com.br\/wp-content\/uploads\/2022\/01\/10-Corte-de-cabelo-medio-2.jpg 760w, https:\/\/danidrops.com.br\/wp-content\/uploads\/2022\/01\/10-Corte-de-cabelo-medio-2-300x219.jpg 300w, https:\/\/danidrops.com.br\/wp-content\/uploads\/2022\/01\/10-Corte-de-cabelo-medio-2-150x110.jpg 150w\" sizes=\"auto, (max-width: 760px) 100vw, 760px\" \/><figcaption>coupe de cheveux moyenne<\/figcaption><\/figure>\n\n\n\n<figure class=\"wp-block-image size-full\"><img loading=\"lazy\" decoding=\"async\" width=\"760\" height=\"555\" src=\"https:\/\/danidrops.com.br\/wp-content\/uploads\/2022\/01\/09-Corte-de-cabelo-medio-2.jpg\" alt=\"coupe de cheveux moyenne\" class=\"wp-image-15660\" title=\"\" srcset=\"https:\/\/danidrops.com.br\/wp-content\/uploads\/2022\/01\/09-Corte-de-cabelo-medio-2.jpg 760w, https:\/\/danidrops.com.br\/wp-content\/uploads\/2022\/01\/09-Corte-de-cabelo-medio-2-300x219.jpg 300w, https:\/\/danidrops.com.br\/wp-content\/uploads\/2022\/01\/09-Corte-de-cabelo-medio-2-150x110.jpg 150w\" sizes=\"auto, (max-width: 760px) 100vw, 760px\" \/><figcaption>coupe de cheveux moyenne<\/figcaption><\/figure>\n\n\n\n<p>Mais, pour les adeptes des boucles d&#039;oreilles et des grosses bagues, une astuce consiste \u00e0 mettre vos cheveux s\u00e9par\u00e9s sur le c\u00f4t\u00e9 avec des m\u00e8ches derri\u00e8re l&#039;oreille, laissant un volume et une sobri\u00e9t\u00e9 dans l&#039;apparence.<\/p>\n\n\n\n<p>Un autre oui, c&#039;est que si vous \u00eates fan de coiffures, la coupe femme moyenne est parfaite pour les cheveux retenus en queue de cheval r\u00e9tro ou avec un chignon haut, chignon haut et des tresses, comme la fameuse tresse invers\u00e9e, incrust\u00e9e, \u00e0 chevrons. boxer, qui font le grand succ\u00e8s de l&#039;\u00e9t\u00e9 sur les plages et les piscines, facilitant l&#039;entretien et la polyvalence.<\/p>\n\n\n\n<figure class=\"wp-block-image size-full\"><img loading=\"lazy\" decoding=\"async\" width=\"760\" height=\"555\" src=\"https:\/\/danidrops.com.br\/wp-content\/uploads\/2022\/01\/07-Corte-de-cabelo-medio-2.jpg\" alt=\"coupe de cheveux moyenne\" class=\"wp-image-15658\" title=\"\" srcset=\"https:\/\/danidrops.com.br\/wp-content\/uploads\/2022\/01\/07-Corte-de-cabelo-medio-2.jpg 760w, https:\/\/danidrops.com.br\/wp-content\/uploads\/2022\/01\/07-Corte-de-cabelo-medio-2-300x219.jpg 300w, https:\/\/danidrops.com.br\/wp-content\/uploads\/2022\/01\/07-Corte-de-cabelo-medio-2-150x110.jpg 150w\" sizes=\"auto, (max-width: 760px) 100vw, 760px\" \/><figcaption>coupe de cheveux moyenne<\/figcaption><\/figure>\n\n\n\n<figure class=\"wp-block-image size-full\"><img loading=\"lazy\" decoding=\"async\" width=\"760\" height=\"555\" src=\"https:\/\/danidrops.com.br\/wp-content\/uploads\/2022\/01\/08-Corte-de-cabelo-medio-2.jpg\" alt=\"coupe de cheveux moyenne\" class=\"wp-image-15659\" title=\"\" srcset=\"https:\/\/danidrops.com.br\/wp-content\/uploads\/2022\/01\/08-Corte-de-cabelo-medio-2.jpg 760w, https:\/\/danidrops.com.br\/wp-content\/uploads\/2022\/01\/08-Corte-de-cabelo-medio-2-300x219.jpg 300w, https:\/\/danidrops.com.br\/wp-content\/uploads\/2022\/01\/08-Corte-de-cabelo-medio-2-150x110.jpg 150w\" sizes=\"auto, (max-width: 760px) 100vw, 760px\" \/><figcaption>coupe de cheveux moyenne<\/figcaption><\/figure>\n\n\n\n<p>Les cheveux moyens n\u00e9cessitent le m\u00eame soin que les cheveux longs, l&#039;id\u00e9al est donc d&#039;utiliser des shampooings hydratants et volumateurs tels que Ogx Biotin &amp; Collagen, et d&#039;utiliser une hydratation sans rin\u00e7age avec des scellants, pour garder les cheveux apprivois\u00e9s et sans frisottis. <\/p>\n\n\n\n<p>Mais, si vous aimez le volume, investissez dans des produits hydratants, qui rendront vos cheveux plus d\u00e9finis et brillants, comme les yeux d&#039;avocat, les graines de lin et l&#039;aloe vera. <\/p>\n\n\n\n<figure class=\"wp-block-image size-full\"><img loading=\"lazy\" decoding=\"async\" width=\"760\" height=\"555\" src=\"https:\/\/danidrops.com.br\/wp-content\/uploads\/2022\/01\/06-Corte-de-cabelo-medio-1.jpg\" alt=\"coupe de cheveux moyenne\" class=\"wp-image-15657\" title=\"\" srcset=\"https:\/\/danidrops.com.br\/wp-content\/uploads\/2022\/01\/06-Corte-de-cabelo-medio-1.jpg 760w, https:\/\/danidrops.com.br\/wp-content\/uploads\/2022\/01\/06-Corte-de-cabelo-medio-1-300x219.jpg 300w, https:\/\/danidrops.com.br\/wp-content\/uploads\/2022\/01\/06-Corte-de-cabelo-medio-1-150x110.jpg 150w\" sizes=\"auto, (max-width: 760px) 100vw, 760px\" \/><figcaption>coupe de cheveux moyenne<\/figcaption><\/figure>\n\n\n\n<figure class=\"wp-block-image size-full\"><img loading=\"lazy\" decoding=\"async\" width=\"760\" height=\"555\" src=\"https:\/\/danidrops.com.br\/wp-content\/uploads\/2022\/01\/05-Corte-de-cabelo-medio-1.jpg\" alt=\"coupe de cheveux moyenne\" class=\"wp-image-15656\" title=\"\" srcset=\"https:\/\/danidrops.com.br\/wp-content\/uploads\/2022\/01\/05-Corte-de-cabelo-medio-1.jpg 760w, https:\/\/danidrops.com.br\/wp-content\/uploads\/2022\/01\/05-Corte-de-cabelo-medio-1-300x219.jpg 300w, https:\/\/danidrops.com.br\/wp-content\/uploads\/2022\/01\/05-Corte-de-cabelo-medio-1-150x110.jpg 150w\" sizes=\"auto, (max-width: 760px) 100vw, 760px\" \/><figcaption>coupe de cheveux moyenne<\/figcaption><\/figure>\n\n\n\n<p>Pour les cheveux mi-fris\u00e9s, le conseil est toujours d&#039;utiliser des produits pour cheveux boucl\u00e9s et cr\u00e9pus sans ajout de parab\u00e8nes et sans huiles de silicone, comme la ligne Cachos Perfeitos Botica Bio Extratus, qui facilite la mise en place et le s\u00e9chage.<\/p>\n\n\n\n<p>La finition et la praticit\u00e9 autour de la coupe de cheveux moyenne facilitent l&#039;entretien et l&#039;entretien des m\u00e8ches. <\/p>\n\n\n\n<figure class=\"wp-block-image size-full\"><img loading=\"lazy\" decoding=\"async\" width=\"760\" height=\"555\" src=\"https:\/\/danidrops.com.br\/wp-content\/uploads\/2022\/01\/04-Corte-de-cabelo-medio-1.jpg\" alt=\"coupe de cheveux moyenne\" class=\"wp-image-15655\" title=\"\" srcset=\"https:\/\/danidrops.com.br\/wp-content\/uploads\/2022\/01\/04-Corte-de-cabelo-medio-1.jpg 760w, https:\/\/danidrops.com.br\/wp-content\/uploads\/2022\/01\/04-Corte-de-cabelo-medio-1-300x219.jpg 300w, https:\/\/danidrops.com.br\/wp-content\/uploads\/2022\/01\/04-Corte-de-cabelo-medio-1-150x110.jpg 150w\" sizes=\"auto, (max-width: 760px) 100vw, 760px\" \/><figcaption>coupe de cheveux moyenne<\/figcaption><\/figure>\n\n\n\n<figure class=\"wp-block-image size-full\"><img loading=\"lazy\" decoding=\"async\" width=\"760\" height=\"555\" src=\"https:\/\/danidrops.com.br\/wp-content\/uploads\/2022\/01\/03-Corte-de-cabelo-medio-1.jpg\" alt=\"coupe de cheveux moyenne\" class=\"wp-image-15654\" title=\"\" srcset=\"https:\/\/danidrops.com.br\/wp-content\/uploads\/2022\/01\/03-Corte-de-cabelo-medio-1.jpg 760w, https:\/\/danidrops.com.br\/wp-content\/uploads\/2022\/01\/03-Corte-de-cabelo-medio-1-300x219.jpg 300w, https:\/\/danidrops.com.br\/wp-content\/uploads\/2022\/01\/03-Corte-de-cabelo-medio-1-150x110.jpg 150w\" sizes=\"auto, (max-width: 760px) 100vw, 760px\" \/><figcaption>coupe de cheveux moyenne<\/figcaption><\/figure>\n\n\n\n<p>Une astuce est d&#039;utiliser de la mousse de protection thermique et de finir avec du babyliss pour des fils plus ondul\u00e9s, donnant un look d\u00e9pouill\u00e9 et moderne. Dans les cheveux boucl\u00e9s, vous pouvez \u00e9galement utiliser les fameuses g\u00e9latines pour un ajustement en peigne, structur\u00e9 ou en brosse \u00e0 dents larges. <\/p>\n\n\n\n<p>Dans les cheveux boucl\u00e9s, la coupe de cheveux moyenne se combine parfaitement avec l&#039;utilisation de g\u00e9latines et d&#039;huiles dans une coupe de cheveux qui laisse les m\u00e8ches plus ouvertes et hydrat\u00e9es.<\/p>\n\n\n\n<figure class=\"wp-block-image size-full\"><img loading=\"lazy\" decoding=\"async\" width=\"760\" height=\"555\" src=\"https:\/\/danidrops.com.br\/wp-content\/uploads\/2022\/01\/01-Corte-de-cabelo-medio-2.jpg\" alt=\"coupe de cheveux moyenne\" class=\"wp-image-15653\" title=\"\" srcset=\"https:\/\/danidrops.com.br\/wp-content\/uploads\/2022\/01\/01-Corte-de-cabelo-medio-2.jpg 760w, https:\/\/danidrops.com.br\/wp-content\/uploads\/2022\/01\/01-Corte-de-cabelo-medio-2-300x219.jpg 300w, https:\/\/danidrops.com.br\/wp-content\/uploads\/2022\/01\/01-Corte-de-cabelo-medio-2-150x110.jpg 150w\" sizes=\"auto, (max-width: 760px) 100vw, 760px\" \/><figcaption>coupe de cheveux moyenne<\/figcaption><\/figure>\n\n\n\n<figure class=\"wp-block-image size-full\"><img loading=\"lazy\" decoding=\"async\" width=\"760\" height=\"555\" src=\"https:\/\/danidrops.com.br\/wp-content\/uploads\/2022\/01\/Corte-de-cabelo-medio-1.jpg\" alt=\"coupe de cheveux moyenne\" class=\"wp-image-15652\" title=\"\" srcset=\"https:\/\/danidrops.com.br\/wp-content\/uploads\/2022\/01\/Corte-de-cabelo-medio-1.jpg 760w, https:\/\/danidrops.com.br\/wp-content\/uploads\/2022\/01\/Corte-de-cabelo-medio-1-300x219.jpg 300w, https:\/\/danidrops.com.br\/wp-content\/uploads\/2022\/01\/Corte-de-cabelo-medio-1-150x110.jpg 150w\" sizes=\"auto, (max-width: 760px) 100vw, 760px\" \/><figcaption>coupe de cheveux moyenne<\/figcaption><\/figure>\n\n\n\n<figure class=\"wp-block-image size-full\"><img loading=\"lazy\" decoding=\"async\" width=\"760\" height=\"555\" src=\"https:\/\/danidrops.com.br\/wp-content\/uploads\/2022\/01\/20-Corte-de-cabelo-medio.jpg\" alt=\"coupe de cheveux moyenne\" class=\"wp-image-15651\" title=\"\" srcset=\"https:\/\/danidrops.com.br\/wp-content\/uploads\/2022\/01\/20-Corte-de-cabelo-medio.jpg 760w, https:\/\/danidrops.com.br\/wp-content\/uploads\/2022\/01\/20-Corte-de-cabelo-medio-300x219.jpg 300w, https:\/\/danidrops.com.br\/wp-content\/uploads\/2022\/01\/20-Corte-de-cabelo-medio-150x110.jpg 150w\" sizes=\"auto, (max-width: 760px) 100vw, 760px\" \/><figcaption>coupe de cheveux moyenne<\/figcaption><\/figure>\n\n\n\n<figure class=\"wp-block-image size-full\"><img loading=\"lazy\" decoding=\"async\" width=\"760\" height=\"555\" src=\"https:\/\/danidrops.com.br\/wp-content\/uploads\/2022\/01\/19-Corte-de-cabelo-medio.jpg\" alt=\"coupe de cheveux moyenne\" class=\"wp-image-15650\" title=\"\" srcset=\"https:\/\/danidrops.com.br\/wp-content\/uploads\/2022\/01\/19-Corte-de-cabelo-medio.jpg 760w, https:\/\/danidrops.com.br\/wp-content\/uploads\/2022\/01\/19-Corte-de-cabelo-medio-300x219.jpg 300w, https:\/\/danidrops.com.br\/wp-content\/uploads\/2022\/01\/19-Corte-de-cabelo-medio-150x110.jpg 150w\" sizes=\"auto, (max-width: 760px) 100vw, 760px\" \/><figcaption>coupe de cheveux moyenne<\/figcaption><\/figure>\n\n\n\n<figure class=\"wp-block-image size-full\"><img loading=\"lazy\" decoding=\"async\" width=\"760\" height=\"555\" src=\"https:\/\/danidrops.com.br\/wp-content\/uploads\/2022\/01\/18-Corte-de-cabelo-medio.jpg\" alt=\"coupe de cheveux moyenne\" class=\"wp-image-15649\" title=\"\" srcset=\"https:\/\/danidrops.com.br\/wp-content\/uploads\/2022\/01\/18-Corte-de-cabelo-medio.jpg 760w, https:\/\/danidrops.com.br\/wp-content\/uploads\/2022\/01\/18-Corte-de-cabelo-medio-300x219.jpg 300w, https:\/\/danidrops.com.br\/wp-content\/uploads\/2022\/01\/18-Corte-de-cabelo-medio-150x110.jpg 150w\" sizes=\"auto, (max-width: 760px) 100vw, 760px\" \/><figcaption>coupe de cheveux moyenne<\/figcaption><\/figure>\n\n\n\n<h2 class=\"wp-block-heading\" id=\"veja-modelos-desse-cortes-tendencia-do-verao\"><span class=\"ez-toc-section\" id=\"Veja_Modelos_desse_Cortes_Tendencia_do_Verao\"><\/span>Voir les mod\u00e8les de coupes tendance de l&#039;\u00e9t\u00e9 <span class=\"ez-toc-section-end\"><\/span><\/h2>\n\n\n\n<script type=\"application\/ld+json\">{\n    \"@context\": \"https:\\\/\\\/schema.org\",\n    \"@type\": \"VideoObject\",\n    \"name\": \"Corte de cabelo M\\u00e9dio. Veja 15 Tend\\u00eancia de Cortes de Cabelo Feminino\",\n    \"description\": \"Corte de cabelo M\\u00e9dio. Veja 15 Tend\\u00eancia de Cortes de Cabelo Feminino\",\n    \"thumbnailUrl\": \"https:\\\/\\\/danidrops.com.br\\\/wp-content\\\/uploads\\\/2022\\\/01\\\/corte-de-cabelo-medio.jpg\",\n    \"uploadDate\": \"2022-01-22\",\n    \"duration\": \"PT3M21S\",\n    \"publisher\": {\n        \"@type\": \"Organization\",\n        \"name\": \"DaniDrops\",\n        \"logo\": {\n            \"@type\": \"ImageObject\",\n            \"url\": \"https:\\\/\\\/danidrops.com.br\\\/wp-content\\\/uploads\\\/2021\\\/08\\\/danidrops.jpg\",\n            \"width\": 600,\n            \"height\": 60\n        }\n    },\n    \"contentUrl\": \"https:\\\/\\\/youtu.be\\\/_YtwgYLJ0GY\",\n    \"embedUrl\": \"https:\\\/\\\/youtu.be\\\/_YtwgYLJ0GY\",\n    \"potentialAction\": {\n        \"@type\": \"SeekToAction\",\n        \"target\": \"https:\\\/\\\/youtu.be\\\/_YtwgYLJ0GY={seek_to_second_number}\",\n        \"startOffset-input\": \"required name=seek_to_second_number\"\n    }\n}<\/script>\n\n\n\n<figure class=\"wp-block-embed is-type-video is-provider-youtube wp-block-embed-youtube wp-embed-aspect-16-9 wp-has-aspect-ratio\"><div class=\"wp-block-embed__wrapper\">\n<iframe loading=\"lazy\" title=\"Coupe de cheveux moyenne. Voir 15 coupes de cheveux tendance pour femmes\" width=\"500\" height=\"281\" src=\"https:\/\/www.youtube.com\/embed\/_YtwgYLJ0GY?feature=oembed\" frameborder=\"0\" allow=\"accelerometer; autoplay; clipboard-write; encrypted-media; gyroscope; picture-in-picture; web-share\" referrerpolicy=\"strict-origin-when-cross-origin\" allowfullscreen><\/iframe>\n<\/div><\/figure>\n<div id=\"ez-toc-container\" class=\"ez-toc-v2_0_76 counter-hierarchy ez-toc-counter ez-toc-grey ez-toc-container-direction\">\n<p class=\"ez-toc-title\" style=\"cursor:inherit\">Vous lirez cet article<\/p>\n<label for=\"ez-toc-cssicon-toggle-item-69f048a92a0a6\" class=\"ez-toc-cssicon-toggle-label\"><span class=\"ez-toc-cssicon\"><span class=\"eztoc-hide\" style=\"display:none;\">Basculer<\/span><span class=\"ez-toc-icon-toggle-span\"><svg style=\"fill: #999;color:#999\" xmlns=\"http:\/\/www.w3.org\/2000\/svg\" class=\"list-377408\" width=\"20px\" height=\"20px\" viewbox=\"0 0 24 24\" fill=\"none\"><path d=\"M6 6H4v2h2V6zm14 0H8v2h12V6zM4 11h2v2H4v-2zm16 0H8v2h12v-2zM4 16h2v2H4v-2zm16 0H8v2h12v-2z\" fill=\"currentColor\"><\/path><\/svg><svg style=\"fill: #999;color:#999\" class=\"arrow-unsorted-368013\" xmlns=\"http:\/\/www.w3.org\/2000\/svg\" width=\"10px\" height=\"10px\" viewbox=\"0 0 24 24\" version=\"1.2\" baseprofile=\"tiny\"><path d=\"M18.2 9.3l-6.2-6.3-6.2 6.3c-.2.2-.3.4-.3.7s.1.5.3.7c.2.2.4.3.7.3h11c.3 0 .5-.1.7-.3.2-.2.3-.5.3-.7s-.1-.5-.3-.7zM5.8 14.7l6.2 6.3 6.2-6.3c.2-.2.3-.5.3-.7s-.1-.5-.3-.7c-.2-.2-.4-.3-.7-.3h-11c-.3 0-.5.1-.7.3-.2.2-.3.5-.3.7s.1.5.3.7z\"\/><\/svg><\/span><\/span><\/label><input type=\"checkbox\"  id=\"ez-toc-cssicon-toggle-item-69f048a92a0a6\"  aria-label=\"Basculer\" \/><nav><ul class='ez-toc-list ez-toc-list-level-1' ><li class='ez-toc-page-1 ez-toc-heading-level-2'><a class=\"ez-toc-link ez-toc-heading-1\" href=\"https:\/\/danidrops.com.br\/fr\/coupe-de-cheveux-moyenne\/#O_Corte_de_Cabelo_Medio_e_tendencia_neste_verao\" >La coupe de cheveux moyenne est tendance cet \u00e9t\u00e9<\/a><\/li><li class='ez-toc-page-1 ez-toc-heading-level-2'><a class=\"ez-toc-link ez-toc-heading-2\" href=\"https:\/\/danidrops.com.br\/fr\/coupe-de-cheveux-moyenne\/#Veja_Modelos_desse_Cortes_Tendencia_do_Verao\" >Voir les mod\u00e8les de coupes tendance de l&#039;\u00e9t\u00e9<\/a><\/li><\/ul><\/nav><\/div>","protected":false},"excerpt":{"rendered":"<p>Et si vous commenciez la nouvelle ann\u00e9e avec un nouveau look, une coupe mi-longue qui correspond \u00e0 votre personnalit\u00e9 et \u00e0 votre \u00e9nergie\u00a0? \u00c0 lire aussi\u00a0:\u2026<\/p>","protected":false},"author":1,"featured_media":15667,"comment_status":"open","ping_status":"open","sticky":false,"template":"","format":"standard","meta":{"footnotes":""},"categories":[439],"tags":[],"class_list":["post-15442","post","type-post","status-publish","format-standard","has-post-thumbnail","hentry","category-cabelo"],"_links":{"self":[{"href":"https:\/\/danidrops.com.br\/fr\/wp-json\/wp\/v2\/posts\/15442","targetHints":{"allow":["GET"]}}],"collection":[{"href":"https:\/\/danidrops.com.br\/fr\/wp-json\/wp\/v2\/posts"}],"about":[{"href":"https:\/\/danidrops.com.br\/fr\/wp-json\/wp\/v2\/types\/post"}],"author":[{"embeddable":true,"href":"https:\/\/danidrops.com.br\/fr\/wp-json\/wp\/v2\/users\/1"}],"replies":[{"embeddable":true,"href":"https:\/\/danidrops.com.br\/fr\/wp-json\/wp\/v2\/comments?post=15442"}],"version-history":[{"count":0,"href":"https:\/\/danidrops.com.br\/fr\/wp-json\/wp\/v2\/posts\/15442\/revisions"}],"wp:featuredmedia":[{"embeddable":true,"href":"https:\/\/danidrops.com.br\/fr\/wp-json\/wp\/v2\/media\/15667"}],"wp:attachment":[{"href":"https:\/\/danidrops.com.br\/fr\/wp-json\/wp\/v2\/media?parent=15442"}],"wp:term":[{"taxonomy":"category","embeddable":true,"href":"https:\/\/danidrops.com.br\/fr\/wp-json\/wp\/v2\/categories?post=15442"},{"taxonomy":"post_tag","embeddable":true,"href":"https:\/\/danidrops.com.br\/fr\/wp-json\/wp\/v2\/tags?post=15442"}],"curies":[{"name":"wp","href":"https:\/\/api.w.org\/{rel}","templated":true}]}}