{"id":15535,"date":"2022-02-21T10:00:00","date_gmt":"2022-02-21T13:00:00","guid":{"rendered":"https:\/\/danidrops.com.br\/?p=15535"},"modified":"2022-02-21T12:18:48","modified_gmt":"2022-02-21T15:18:48","slug":"coupe-de-cheveux-baby-bang","status":"publish","type":"post","link":"https:\/\/danidrops.com.br\/fr\/coupe-de-cheveux-baby-bang\/","title":{"rendered":"Coupe de cheveux Baby Bang \u2013 Voir 41 inspirations pour cette coupe de cheveux f\u00e9minine \u00e0 la mode"},"content":{"rendered":"<p>O <strong>Coupe de cheveux Baby Bang<\/strong>, a repris la t\u00eate des c\u00e9l\u00e8bres Emma Watson et Kendall Jenner et Jennifer Lawrence dans le film &quot;Don&#039;t look up&quot;, et est devenue une tendance chez les femmes qui aiment la frange.<\/p>\n\n\n\n<p><strong>A lire aussi : <\/strong><a href=\"https:\/\/danidrops.com.br\/fr\/tendance-coupe-de-cheveux-femme-2025\/\" data-type=\"URL\" data-id=\"https:\/\/danidrops.com.br\/tendencia-corte-de-cabelo-feminino-2025\/\">tendance coupe de cheveux<\/a>: Quelles sont les tendances coupes femme, 61 Inspirations de types de coupes et Astuces<\/p>\n\n\n\n<figure class=\"wp-block-image size-full\"><img loading=\"lazy\" decoding=\"async\" width=\"760\" height=\"555\" src=\"https:\/\/danidrops.com.br\/wp-content\/uploads\/2022\/02\/03-Corte-De-Cabelo-Baby-Bang.jpg\" alt=\"Coupe de cheveux b\u00e9b\u00e9 Bang\" class=\"wp-image-18561\" title=\"\" srcset=\"https:\/\/danidrops.com.br\/wp-content\/uploads\/2022\/02\/03-Corte-De-Cabelo-Baby-Bang.jpg 760w, https:\/\/danidrops.com.br\/wp-content\/uploads\/2022\/02\/03-Corte-De-Cabelo-Baby-Bang-300x219.jpg 300w, https:\/\/danidrops.com.br\/wp-content\/uploads\/2022\/02\/03-Corte-De-Cabelo-Baby-Bang-150x110.jpg 150w\" sizes=\"auto, (max-width: 760px) 100vw, 760px\" \/><figcaption>Coupe de cheveux b\u00e9b\u00e9 Bang<\/figcaption><\/figure>\n\n\n\n<figure class=\"wp-block-image size-full\"><img loading=\"lazy\" decoding=\"async\" width=\"760\" height=\"555\" src=\"https:\/\/danidrops.com.br\/wp-content\/uploads\/2022\/02\/02-Corte-De-Cabelo-Baby-Bang.jpg\" alt=\"Coupe de cheveux b\u00e9b\u00e9 Bang\" class=\"wp-image-18560\" title=\"\" srcset=\"https:\/\/danidrops.com.br\/wp-content\/uploads\/2022\/02\/02-Corte-De-Cabelo-Baby-Bang.jpg 760w, https:\/\/danidrops.com.br\/wp-content\/uploads\/2022\/02\/02-Corte-De-Cabelo-Baby-Bang-300x219.jpg 300w, https:\/\/danidrops.com.br\/wp-content\/uploads\/2022\/02\/02-Corte-De-Cabelo-Baby-Bang-150x110.jpg 150w\" sizes=\"auto, (max-width: 760px) 100vw, 760px\" \/><figcaption>Coupe de cheveux b\u00e9b\u00e9 Bang<\/figcaption><\/figure>\n\n\n\n<p>Avec des franges qui partent loin des sourcils, la coupe mise sur le drame, changeant le look sans la moindre chance de jouer avec la longueur des fils. Il peut \u00eatre utilis\u00e9 avec des extr\u00e9mit\u00e9s d\u00e9connect\u00e9es, laissant un look unique et un style unique.<\/p>\n\n\n\n<figure class=\"wp-block-image size-full\"><img loading=\"lazy\" decoding=\"async\" width=\"760\" height=\"555\" src=\"https:\/\/danidrops.com.br\/wp-content\/uploads\/2022\/02\/01-Corte-De-Cabelo-Baby-Bang.jpg\" alt=\"Coupe de cheveux b\u00e9b\u00e9 Bang\" class=\"wp-image-18559\" title=\"\" srcset=\"https:\/\/danidrops.com.br\/wp-content\/uploads\/2022\/02\/01-Corte-De-Cabelo-Baby-Bang.jpg 760w, https:\/\/danidrops.com.br\/wp-content\/uploads\/2022\/02\/01-Corte-De-Cabelo-Baby-Bang-300x219.jpg 300w, https:\/\/danidrops.com.br\/wp-content\/uploads\/2022\/02\/01-Corte-De-Cabelo-Baby-Bang-150x110.jpg 150w\" sizes=\"auto, (max-width: 760px) 100vw, 760px\" \/><figcaption>Coupe de cheveux b\u00e9b\u00e9 Bang<\/figcaption><\/figure>\n\n\n\n<figure class=\"wp-block-image size-full\"><img loading=\"lazy\" decoding=\"async\" width=\"760\" height=\"555\" src=\"https:\/\/danidrops.com.br\/wp-content\/uploads\/2022\/02\/20-Corte-De-Cabelo-Baby-Bang.jpg\" alt=\"Coupe de cheveux b\u00e9b\u00e9 Bang\" class=\"wp-image-18558\" title=\"\" srcset=\"https:\/\/danidrops.com.br\/wp-content\/uploads\/2022\/02\/20-Corte-De-Cabelo-Baby-Bang.jpg 760w, https:\/\/danidrops.com.br\/wp-content\/uploads\/2022\/02\/20-Corte-De-Cabelo-Baby-Bang-300x219.jpg 300w, https:\/\/danidrops.com.br\/wp-content\/uploads\/2022\/02\/20-Corte-De-Cabelo-Baby-Bang-150x110.jpg 150w\" sizes=\"auto, (max-width: 760px) 100vw, 760px\" \/><figcaption>Coupe de cheveux b\u00e9b\u00e9 Bang<\/figcaption><\/figure>\n\n\n\n<h2 class=\"wp-block-heading\" id=\"para-quem-e-indicado-o-corte-de-cabelo-baby-bang\"><span class=\"ez-toc-section\" id=\"Para_quem_e_indicado_o_Corte_de_cabelo_Baby_Bang\"><\/span>\u00c0 qui s&#039;adresse la coupe de cheveux Baby Bang ?<span class=\"ez-toc-section-end\"><\/span><\/h2>\n\n\n\n<p>La coupe de cheveux Baby Bang convient mieux aux visages en forme de c\u0153ur, car elle rendra le front, les yeux, le visage et le menton plus harmonieux. Lorsqu&#039;il est bien coup\u00e9, il laisse le visage avec un look de poup\u00e9e, un look plus ang\u00e9lique avec un effet polyvalent.<\/p>\n\n\n\n<figure class=\"wp-block-image size-full\"><img loading=\"lazy\" decoding=\"async\" width=\"760\" height=\"555\" src=\"https:\/\/danidrops.com.br\/wp-content\/uploads\/2022\/02\/19-Corte-De-Cabelo-Baby-Bang.jpg\" alt=\"Coupe de cheveux b\u00e9b\u00e9 Bang\" class=\"wp-image-18557\" title=\"\" srcset=\"https:\/\/danidrops.com.br\/wp-content\/uploads\/2022\/02\/19-Corte-De-Cabelo-Baby-Bang.jpg 760w, https:\/\/danidrops.com.br\/wp-content\/uploads\/2022\/02\/19-Corte-De-Cabelo-Baby-Bang-300x219.jpg 300w, https:\/\/danidrops.com.br\/wp-content\/uploads\/2022\/02\/19-Corte-De-Cabelo-Baby-Bang-150x110.jpg 150w\" sizes=\"auto, (max-width: 760px) 100vw, 760px\" \/><figcaption>Coupe de cheveux b\u00e9b\u00e9 Bang<\/figcaption><\/figure>\n\n\n\n<figure class=\"wp-block-image size-full\"><img loading=\"lazy\" decoding=\"async\" width=\"760\" height=\"555\" src=\"https:\/\/danidrops.com.br\/wp-content\/uploads\/2022\/02\/18-Corte-De-Cabelo-Baby-Bang.jpg\" alt=\"Coupe de cheveux b\u00e9b\u00e9 Bang\" class=\"wp-image-18556\" title=\"\" srcset=\"https:\/\/danidrops.com.br\/wp-content\/uploads\/2022\/02\/18-Corte-De-Cabelo-Baby-Bang.jpg 760w, https:\/\/danidrops.com.br\/wp-content\/uploads\/2022\/02\/18-Corte-De-Cabelo-Baby-Bang-300x219.jpg 300w, https:\/\/danidrops.com.br\/wp-content\/uploads\/2022\/02\/18-Corte-De-Cabelo-Baby-Bang-150x110.jpg 150w\" sizes=\"auto, (max-width: 760px) 100vw, 760px\" \/><figcaption>Coupe de cheveux b\u00e9b\u00e9 Bang<\/figcaption><\/figure>\n\n\n\n<p>Et que diriez-vous d&#039;essayer le Baby Bang Haircut, avec une fausse frange pour les femmes qui ont peur de ne pas s&#039;adapter ou d&#039;aimer le look. <\/p>\n\n\n\n<figure class=\"wp-block-image size-full\"><img loading=\"lazy\" decoding=\"async\" width=\"760\" height=\"555\" src=\"https:\/\/danidrops.com.br\/wp-content\/uploads\/2022\/02\/17-Corte-De-Cabelo-Baby-Bang.jpg\" alt=\"Coupe de cheveux b\u00e9b\u00e9 Bang\" class=\"wp-image-18555\" title=\"\" srcset=\"https:\/\/danidrops.com.br\/wp-content\/uploads\/2022\/02\/17-Corte-De-Cabelo-Baby-Bang.jpg 760w, https:\/\/danidrops.com.br\/wp-content\/uploads\/2022\/02\/17-Corte-De-Cabelo-Baby-Bang-300x219.jpg 300w, https:\/\/danidrops.com.br\/wp-content\/uploads\/2022\/02\/17-Corte-De-Cabelo-Baby-Bang-150x110.jpg 150w\" sizes=\"auto, (max-width: 760px) 100vw, 760px\" \/><figcaption>Coupe de cheveux b\u00e9b\u00e9 Bang<\/figcaption><\/figure>\n\n\n\n<figure class=\"wp-block-image size-full\"><img loading=\"lazy\" decoding=\"async\" width=\"760\" height=\"555\" src=\"https:\/\/danidrops.com.br\/wp-content\/uploads\/2022\/02\/16-Corte-De-Cabelo-Baby-Bang.jpg\" alt=\"Coupe de cheveux b\u00e9b\u00e9 Bang\" class=\"wp-image-18554\" title=\"\" srcset=\"https:\/\/danidrops.com.br\/wp-content\/uploads\/2022\/02\/16-Corte-De-Cabelo-Baby-Bang.jpg 760w, https:\/\/danidrops.com.br\/wp-content\/uploads\/2022\/02\/16-Corte-De-Cabelo-Baby-Bang-300x219.jpg 300w, https:\/\/danidrops.com.br\/wp-content\/uploads\/2022\/02\/16-Corte-De-Cabelo-Baby-Bang-150x110.jpg 150w\" sizes=\"auto, (max-width: 760px) 100vw, 760px\" \/><figcaption>Coupe de cheveux b\u00e9b\u00e9 Bang<\/figcaption><\/figure>\n\n\n\n<p>L&#039;exp\u00e9rience peut \u00eatre remarquable, en particulier pour les f\u00eates telles que la remise des dipl\u00f4mes, l&#039;anniversaire ou cette autre ballade. N&#039;oubliez pas que l&#039;id\u00e9e est de laisser une frange bien \u00e9loign\u00e9e des sourcils et \u00e0 quelques centim\u00e8tres de la racine, mais plus uniform\u00e9ment.<\/p>\n\n\n\n<figure class=\"wp-block-image size-full\"><img loading=\"lazy\" decoding=\"async\" width=\"760\" height=\"555\" src=\"https:\/\/danidrops.com.br\/wp-content\/uploads\/2022\/02\/15-Corte-De-Cabelo-Baby-Bang.jpg\" alt=\"Coupe de cheveux b\u00e9b\u00e9 Bang\" class=\"wp-image-18553\" title=\"\" srcset=\"https:\/\/danidrops.com.br\/wp-content\/uploads\/2022\/02\/15-Corte-De-Cabelo-Baby-Bang.jpg 760w, https:\/\/danidrops.com.br\/wp-content\/uploads\/2022\/02\/15-Corte-De-Cabelo-Baby-Bang-300x219.jpg 300w, https:\/\/danidrops.com.br\/wp-content\/uploads\/2022\/02\/15-Corte-De-Cabelo-Baby-Bang-150x110.jpg 150w\" sizes=\"auto, (max-width: 760px) 100vw, 760px\" \/><figcaption>Coupe de cheveux b\u00e9b\u00e9 Bang<\/figcaption><\/figure>\n\n\n\n<p>La coupe de cheveux Baby Bang est parfaite avec les cheveux raides et ondul\u00e9s, car elle d\u00e9pend du succ\u00e8s d&#039;une frange courte et d&#039;une racine avec un peu plus de poids, ce qui peut influencer les cheveux tr\u00e8s fins ou poreux.<\/p>\n\n\n\n<figure class=\"wp-block-image size-full\"><img loading=\"lazy\" decoding=\"async\" width=\"760\" height=\"555\" src=\"https:\/\/danidrops.com.br\/wp-content\/uploads\/2022\/02\/14-Corte-De-Cabelo-Baby-Bang.jpg\" alt=\"Coupe de cheveux b\u00e9b\u00e9 Bang\" class=\"wp-image-18552\" title=\"\" srcset=\"https:\/\/danidrops.com.br\/wp-content\/uploads\/2022\/02\/14-Corte-De-Cabelo-Baby-Bang.jpg 760w, https:\/\/danidrops.com.br\/wp-content\/uploads\/2022\/02\/14-Corte-De-Cabelo-Baby-Bang-300x219.jpg 300w, https:\/\/danidrops.com.br\/wp-content\/uploads\/2022\/02\/14-Corte-De-Cabelo-Baby-Bang-150x110.jpg 150w\" sizes=\"auto, (max-width: 760px) 100vw, 760px\" \/><figcaption>Coupe de cheveux b\u00e9b\u00e9 Bang<\/figcaption><\/figure>\n\n\n\n<p>En rendant le front plus \u00e9vident, la micro frange doit avoir de la texture, car les fronts \u00e9troits doivent avoir une longueur plus longue que les fronts larges et hauts, s&#039;harmonisant avec les nuances du visage.<\/p>\n\n\n\n<figure class=\"wp-block-image size-full\"><img loading=\"lazy\" decoding=\"async\" width=\"760\" height=\"555\" src=\"https:\/\/danidrops.com.br\/wp-content\/uploads\/2022\/02\/13-Corte-De-Cabelo-Baby-Bang.jpg\" alt=\"Coupe de cheveux b\u00e9b\u00e9 Bang\" class=\"wp-image-18551\" title=\"\" srcset=\"https:\/\/danidrops.com.br\/wp-content\/uploads\/2022\/02\/13-Corte-De-Cabelo-Baby-Bang.jpg 760w, https:\/\/danidrops.com.br\/wp-content\/uploads\/2022\/02\/13-Corte-De-Cabelo-Baby-Bang-300x219.jpg 300w, https:\/\/danidrops.com.br\/wp-content\/uploads\/2022\/02\/13-Corte-De-Cabelo-Baby-Bang-150x110.jpg 150w\" sizes=\"auto, (max-width: 760px) 100vw, 760px\" \/><figcaption>Coupe de cheveux b\u00e9b\u00e9 Bang<\/figcaption><\/figure>\n\n\n\n<p>De mani\u00e8re polyvalente, la coupe de cheveux Baby Bang peut \u00eatre finie de diff\u00e9rentes mani\u00e8res, car son influence est sur la micro-ferme. Par cons\u00e9quent, la longueur des cheveux peut \u00eatre, d\u00e9cousue, <a href=\"https:\/\/danidrops.com.br\/fr\/coupes-de-cheveux-longs\/\" data-type=\"URL\" data-id=\"https:\/\/danidrops.com.br\/cortes-de-cabelo-longo\/\">loin<\/a>, <a href=\"https:\/\/danidrops.com.br\/fr\/coupe-de-cheveux-moyenne\/\" data-type=\"URL\" data-id=\"https:\/\/danidrops.com.br\/corte-de-cabelo-medio\/\">moyen<\/a> ou <a href=\"https:\/\/danidrops.com.br\/fr\/coupes-de-cheveux-courtes\/\" data-type=\"URL\" data-id=\"https:\/\/danidrops.com.br\/cortes-de-cabelo-curto\/\">j&#039;appr\u00e9cie<\/a> au-dessus de l&#039;\u00e9paule.<\/p>\n\n\n\n<figure class=\"wp-block-image size-full\"><img loading=\"lazy\" decoding=\"async\" width=\"760\" height=\"555\" src=\"https:\/\/danidrops.com.br\/wp-content\/uploads\/2022\/02\/11-Corte-De-Cabelo-Baby-Bang.jpg\" alt=\"Coupe de cheveux b\u00e9b\u00e9 Bang\" class=\"wp-image-18549\" title=\"\" srcset=\"https:\/\/danidrops.com.br\/wp-content\/uploads\/2022\/02\/11-Corte-De-Cabelo-Baby-Bang.jpg 760w, https:\/\/danidrops.com.br\/wp-content\/uploads\/2022\/02\/11-Corte-De-Cabelo-Baby-Bang-300x219.jpg 300w, https:\/\/danidrops.com.br\/wp-content\/uploads\/2022\/02\/11-Corte-De-Cabelo-Baby-Bang-150x110.jpg 150w\" sizes=\"auto, (max-width: 760px) 100vw, 760px\" \/><figcaption>Coupe de cheveux b\u00e9b\u00e9 Bang<\/figcaption><\/figure>\n\n\n\n<p>En combinant avec diff\u00e9rentes textures, vous pouvez utiliser des mousses, des gel\u00e9es et des fixateurs pour dominer les m\u00e8ches les plus rebelles. <\/p>\n\n\n\n<p>Une autre astuce consiste \u00e0 utiliser un protecteur thermique avant le s\u00e8che-cheveux et le fer plat, laissant les m\u00e8ches plus align\u00e9es et cors\u00e9es, ou utilisez l&#039;effet mouill\u00e9 pour des vagues plus d\u00e9connect\u00e9es et des cheveux modernes.<\/p>\n\n\n\n<figure class=\"wp-block-image size-full\"><img loading=\"lazy\" decoding=\"async\" width=\"760\" height=\"555\" src=\"https:\/\/danidrops.com.br\/wp-content\/uploads\/2022\/02\/12-Corte-De-Cabelo-Baby-Bang.jpg\" alt=\"Coupe de cheveux b\u00e9b\u00e9 Bang\" class=\"wp-image-18550\" title=\"\" srcset=\"https:\/\/danidrops.com.br\/wp-content\/uploads\/2022\/02\/12-Corte-De-Cabelo-Baby-Bang.jpg 760w, https:\/\/danidrops.com.br\/wp-content\/uploads\/2022\/02\/12-Corte-De-Cabelo-Baby-Bang-300x219.jpg 300w, https:\/\/danidrops.com.br\/wp-content\/uploads\/2022\/02\/12-Corte-De-Cabelo-Baby-Bang-150x110.jpg 150w\" sizes=\"auto, (max-width: 760px) 100vw, 760px\" \/><figcaption>Coupe de cheveux b\u00e9b\u00e9 Bang<\/figcaption><\/figure>\n\n\n\n<p>Pariez sur le shampooing sec, qui vous aidera \u00e0 laisser un aspect plus propre, en \u00e9vitant le gras inutile, car comme la frange touche toujours la peau du visage, elle peut devenir une zone avec plus d&#039;huile, \u00e9vitez donc d&#039;utiliser des huiles v\u00e9g\u00e9tales et des produits \u00e0 base de paraffine liquide et p\u00e9trolatum.<\/p>\n\n\n\n<figure class=\"wp-block-image size-full\"><img loading=\"lazy\" decoding=\"async\" width=\"760\" height=\"555\" src=\"https:\/\/danidrops.com.br\/wp-content\/uploads\/2022\/02\/09-Corte-De-Cabelo-Baby-Bang.jpg\" alt=\"Coupe de cheveux b\u00e9b\u00e9 Bang\" class=\"wp-image-18547\" title=\"\" srcset=\"https:\/\/danidrops.com.br\/wp-content\/uploads\/2022\/02\/09-Corte-De-Cabelo-Baby-Bang.jpg 760w, https:\/\/danidrops.com.br\/wp-content\/uploads\/2022\/02\/09-Corte-De-Cabelo-Baby-Bang-300x219.jpg 300w, https:\/\/danidrops.com.br\/wp-content\/uploads\/2022\/02\/09-Corte-De-Cabelo-Baby-Bang-150x110.jpg 150w\" sizes=\"auto, (max-width: 760px) 100vw, 760px\" \/><figcaption>Coupe de cheveux b\u00e9b\u00e9 Bang<\/figcaption><\/figure>\n\n\n\n<p>Une astuce consiste \u00e0 composer le look en utilisant des boucles d&#039;oreilles compl\u00e8tes. Les micro franges, issues de la Baby Bang Haircut, s&#039;associent avec des boucles d&#039;oreilles style franges, des ear cuffs, longues, avec des pierres gemmes chandelier, de grosses gouttes ou osez avec des maxi boucles d&#039;oreilles. <\/p>\n\n\n\n<figure class=\"wp-block-image size-full\"><img loading=\"lazy\" decoding=\"async\" width=\"760\" height=\"555\" src=\"https:\/\/danidrops.com.br\/wp-content\/uploads\/2022\/02\/10-Corte-De-Cabelo-Baby-Bang.jpg\" alt=\"Coupe de cheveux b\u00e9b\u00e9 Bang\" class=\"wp-image-18548\" title=\"\" srcset=\"https:\/\/danidrops.com.br\/wp-content\/uploads\/2022\/02\/10-Corte-De-Cabelo-Baby-Bang.jpg 760w, https:\/\/danidrops.com.br\/wp-content\/uploads\/2022\/02\/10-Corte-De-Cabelo-Baby-Bang-300x219.jpg 300w, https:\/\/danidrops.com.br\/wp-content\/uploads\/2022\/02\/10-Corte-De-Cabelo-Baby-Bang-150x110.jpg 150w\" sizes=\"auto, (max-width: 760px) 100vw, 760px\" \/><figcaption>Coupe de cheveux b\u00e9b\u00e9 Bang<\/figcaption><\/figure>\n\n\n\n<p>Pour un look plus dynamique et moderne, investissez dans des colliers triple ou double long avec des pierres pr\u00e9cieuses en argent 925, ou les color\u00e9s qui sont le visage de l&#039;\u00e9t\u00e9. <\/p>\n\n\n\n<figure class=\"wp-block-image size-full\"><img loading=\"lazy\" decoding=\"async\" width=\"760\" height=\"555\" src=\"https:\/\/danidrops.com.br\/wp-content\/uploads\/2022\/02\/08-Corte-De-Cabelo-Baby-Bang.jpg\" alt=\"Coupe de cheveux b\u00e9b\u00e9 Bang\" class=\"wp-image-18546\" title=\"\" srcset=\"https:\/\/danidrops.com.br\/wp-content\/uploads\/2022\/02\/08-Corte-De-Cabelo-Baby-Bang.jpg 760w, https:\/\/danidrops.com.br\/wp-content\/uploads\/2022\/02\/08-Corte-De-Cabelo-Baby-Bang-300x219.jpg 300w, https:\/\/danidrops.com.br\/wp-content\/uploads\/2022\/02\/08-Corte-De-Cabelo-Baby-Bang-150x110.jpg 150w\" sizes=\"auto, (max-width: 760px) 100vw, 760px\" \/><figcaption>Coupe de cheveux b\u00e9b\u00e9 Bang<\/figcaption><\/figure>\n\n\n\n<p>Vous pouvez \u00e9galement faire la combinaison avec le c\u00e9l\u00e8bre collier maxi cha\u00eene qui est haut parmi les c\u00e9l\u00e8bres. <\/p>\n\n\n\n<p>Mais, si vous voulez compl\u00e9ter le look sans vous tromper, que diriez-vous de la combinaison d&#039;un collier ras du cou noir avec des boucles d&#039;oreilles en argent ? Pariez sans vous tromper sur cette tendance.<\/p>\n\n\n\n<figure class=\"wp-block-image size-full\"><img loading=\"lazy\" decoding=\"async\" width=\"760\" height=\"555\" src=\"https:\/\/danidrops.com.br\/wp-content\/uploads\/2022\/02\/07-Corte-De-Cabelo-Baby-Bang.jpg\" alt=\"Coupe de cheveux b\u00e9b\u00e9 Bang\" class=\"wp-image-18545\" title=\"\" srcset=\"https:\/\/danidrops.com.br\/wp-content\/uploads\/2022\/02\/07-Corte-De-Cabelo-Baby-Bang.jpg 760w, https:\/\/danidrops.com.br\/wp-content\/uploads\/2022\/02\/07-Corte-De-Cabelo-Baby-Bang-300x219.jpg 300w, https:\/\/danidrops.com.br\/wp-content\/uploads\/2022\/02\/07-Corte-De-Cabelo-Baby-Bang-150x110.jpg 150w\" sizes=\"auto, (max-width: 760px) 100vw, 760px\" \/><figcaption>Coupe de cheveux b\u00e9b\u00e9 Bang<\/figcaption><\/figure>\n\n\n\n<p>Une autre tendance qui accompagne la coupe de cheveux Baby Bang est de prendre soin des sourcils, car avec la frange plus courte, elle gagne en visibilit\u00e9 en composant l&#039;harmonisation du visage. <\/p>\n\n\n\n<p>Vous pouvez utiliser les sourcils avec un effet naturel, plus \u00e9pais et avec un design moderne, ou nettoyer les exc\u00e8s.&nbsp;<\/p>\n\n\n\n<figure class=\"wp-block-image size-full\"><img loading=\"lazy\" decoding=\"async\" width=\"760\" height=\"555\" src=\"https:\/\/danidrops.com.br\/wp-content\/uploads\/2022\/02\/05-Corte-De-Cabelo-Baby-Bang.jpg\" alt=\"Coupe de cheveux b\u00e9b\u00e9 Bang\" class=\"wp-image-18543\" title=\"\" srcset=\"https:\/\/danidrops.com.br\/wp-content\/uploads\/2022\/02\/05-Corte-De-Cabelo-Baby-Bang.jpg 760w, https:\/\/danidrops.com.br\/wp-content\/uploads\/2022\/02\/05-Corte-De-Cabelo-Baby-Bang-300x219.jpg 300w, https:\/\/danidrops.com.br\/wp-content\/uploads\/2022\/02\/05-Corte-De-Cabelo-Baby-Bang-150x110.jpg 150w\" sizes=\"auto, (max-width: 760px) 100vw, 760px\" \/><figcaption>Coupe de cheveux b\u00e9b\u00e9 Bang<\/figcaption><\/figure>\n\n\n\n<p>Utilisez des produits tels que le mascara \u00e0 sourcils incolore ou avec la couleur la plus proche, aidant \u00e0 combler les d\u00e9fauts, ou peignez-les en \u00e9vitant les exc\u00e8s. <\/p>\n\n\n\n<p>Sur le march\u00e9 des produits pour femmes, ils ont encore des crayons et des stylos qui simulent le remplissage du fil avec de petites extr\u00e9mit\u00e9s, contribuant ainsi \u00e0 lui donner plus d&#039;uniformit\u00e9.<\/p>\n\n\n\n<figure class=\"wp-block-image size-full\"><img loading=\"lazy\" decoding=\"async\" width=\"760\" height=\"555\" src=\"https:\/\/danidrops.com.br\/wp-content\/uploads\/2022\/02\/04-Corte-De-Cabelo-Baby-Bang.jpg\" alt=\"Coupe de cheveux b\u00e9b\u00e9 Bang\" class=\"wp-image-18542\" title=\"\" srcset=\"https:\/\/danidrops.com.br\/wp-content\/uploads\/2022\/02\/04-Corte-De-Cabelo-Baby-Bang.jpg 760w, https:\/\/danidrops.com.br\/wp-content\/uploads\/2022\/02\/04-Corte-De-Cabelo-Baby-Bang-300x219.jpg 300w, https:\/\/danidrops.com.br\/wp-content\/uploads\/2022\/02\/04-Corte-De-Cabelo-Baby-Bang-150x110.jpg 150w\" sizes=\"auto, (max-width: 760px) 100vw, 760px\" \/><figcaption>Coupe de cheveux b\u00e9b\u00e9 Bang<\/figcaption><\/figure>\n\n\n\n<h2 class=\"wp-block-heading\" id=\"veja-mais-modelos-desse-cortes-de-cabelo-feminino\"><span class=\"ez-toc-section\" id=\"Veja_Mais_Modelos_Desse_Cortes_de_Cabelo_Feminino\"><\/span>Voir plus de mod\u00e8les de cette coupe de cheveux f\u00e9minine<span class=\"ez-toc-section-end\"><\/span><\/h2>\n\n\n\n<script type=\"application\/ld+json\">{\n    \"@context\": \"https:\\\/\\\/schema.org\",\n    \"@type\": \"VideoObject\",\n    \"name\": \"Corte de cabelo Baby Bang. Veja 15 Tend\\u00eancia de Cortes de Cabelo Feminino\",\n    \"description\": \"Corte de cabelo Baby Bang. Veja 15 Tend\\u00eancia de Cortes de Cabelo Feminino\",\n    \"thumbnailUrl\": \"https:\\\/\\\/danidrops.com.br\\\/wp-content\\\/uploads\\\/2022\\\/02\\\/Corte-De-Cabelo-Baby-Bang.jpg\",\n    \"uploadDate\": \"2022-01-02\",\n    \"duration\": \"PT3M21S\",\n    \"publisher\": {\n        \"@type\": \"Organization\",\n        \"name\": \"DaniDrops\",\n        \"logo\": {\n            \"@type\": \"ImageObject\",\n            \"url\": \"https:\\\/\\\/danidrops.com.br\\\/wp-content\\\/uploads\\\/2021\\\/08\\\/danidrops.jpg\",\n            \"width\": 600,\n            \"height\": 60\n        }\n    },\n    \"contentUrl\": \"https:\\\/\\\/youtu.be\\\/lCWeJbz--Yo\",\n    \"embedUrl\": \"https:\\\/\\\/youtu.be\\\/lCWeJbz--Yo\",\n    \"potentialAction\": {\n        \"@type\": \"SeekToAction\",\n        \"target\": \"https:\\\/\\\/youtu.be\\\/lCWeJbz--Yo={seek_to_second_number}\",\n        \"startOffset-input\": \"required name=seek_to_second_number\"\n    }\n}<\/script>\n\n\n\n<figure class=\"wp-block-embed is-type-video is-provider-youtube wp-block-embed-youtube wp-embed-aspect-16-9 wp-has-aspect-ratio\"><div class=\"wp-block-embed__wrapper\">\n<iframe loading=\"lazy\" title=\"Coupe de cheveux Baby Bang. Voir 15 coupes de cheveux tendance pour les femmes\" width=\"500\" height=\"281\" src=\"https:\/\/www.youtube.com\/embed\/lCWeJbz--Yo?feature=oembed\" frameborder=\"0\" allow=\"accelerometer; autoplay; clipboard-write; encrypted-media; gyroscope; picture-in-picture; web-share\" referrerpolicy=\"strict-origin-when-cross-origin\" allowfullscreen><\/iframe>\n<\/div><\/figure>\n<div id=\"ez-toc-container\" class=\"ez-toc-v2_0_76 counter-hierarchy ez-toc-counter ez-toc-grey ez-toc-container-direction\">\n<p class=\"ez-toc-title\" style=\"cursor:inherit\">Vous lirez cet article<\/p>\n<label for=\"ez-toc-cssicon-toggle-item-69f0333ceff70\" class=\"ez-toc-cssicon-toggle-label\"><span class=\"ez-toc-cssicon\"><span class=\"eztoc-hide\" style=\"display:none;\">Basculer<\/span><span class=\"ez-toc-icon-toggle-span\"><svg style=\"fill: #999;color:#999\" xmlns=\"http:\/\/www.w3.org\/2000\/svg\" class=\"list-377408\" width=\"20px\" height=\"20px\" viewbox=\"0 0 24 24\" fill=\"none\"><path d=\"M6 6H4v2h2V6zm14 0H8v2h12V6zM4 11h2v2H4v-2zm16 0H8v2h12v-2zM4 16h2v2H4v-2zm16 0H8v2h12v-2z\" fill=\"currentColor\"><\/path><\/svg><svg style=\"fill: #999;color:#999\" class=\"arrow-unsorted-368013\" xmlns=\"http:\/\/www.w3.org\/2000\/svg\" width=\"10px\" height=\"10px\" viewbox=\"0 0 24 24\" version=\"1.2\" baseprofile=\"tiny\"><path d=\"M18.2 9.3l-6.2-6.3-6.2 6.3c-.2.2-.3.4-.3.7s.1.5.3.7c.2.2.4.3.7.3h11c.3 0 .5-.1.7-.3.2-.2.3-.5.3-.7s-.1-.5-.3-.7zM5.8 14.7l6.2 6.3 6.2-6.3c.2-.2.3-.5.3-.7s-.1-.5-.3-.7c-.2-.2-.4-.3-.7-.3h-11c-.3 0-.5.1-.7.3-.2.2-.3.5-.3.7s.1.5.3.7z\"\/><\/svg><\/span><\/span><\/label><input type=\"checkbox\"  id=\"ez-toc-cssicon-toggle-item-69f0333ceff70\"  aria-label=\"Basculer\" \/><nav><ul class='ez-toc-list ez-toc-list-level-1' ><li class='ez-toc-page-1 ez-toc-heading-level-2'><a class=\"ez-toc-link ez-toc-heading-1\" href=\"https:\/\/danidrops.com.br\/fr\/coupe-de-cheveux-baby-bang\/#Para_quem_e_indicado_o_Corte_de_cabelo_Baby_Bang\" >\u00c0 qui s&#039;adresse la coupe de cheveux Baby Bang ?<\/a><\/li><li class='ez-toc-page-1 ez-toc-heading-level-2'><a class=\"ez-toc-link ez-toc-heading-2\" href=\"https:\/\/danidrops.com.br\/fr\/coupe-de-cheveux-baby-bang\/#Veja_Mais_Modelos_Desse_Cortes_de_Cabelo_Feminino\" >Voir plus de mod\u00e8les de cette coupe de cheveux f\u00e9minine<\/a><\/li><\/ul><\/nav><\/div>","protected":false},"excerpt":{"rendered":"<p>La coupe Baby Bang a \u00e9t\u00e9 port\u00e9e par les c\u00e9l\u00e9brit\u00e9s Emma Watson, Kendall Jenner et Jennifer Lawrence dans le film \u00ab Don\u2019t Look Up \u00bb,\u2026<\/p>","protected":false},"author":1,"featured_media":18547,"comment_status":"open","ping_status":"open","sticky":false,"template":"","format":"standard","meta":{"footnotes":""},"categories":[439],"tags":[],"class_list":["post-15535","post","type-post","status-publish","format-standard","has-post-thumbnail","hentry","category-cabelo"],"_links":{"self":[{"href":"https:\/\/danidrops.com.br\/fr\/wp-json\/wp\/v2\/posts\/15535","targetHints":{"allow":["GET"]}}],"collection":[{"href":"https:\/\/danidrops.com.br\/fr\/wp-json\/wp\/v2\/posts"}],"about":[{"href":"https:\/\/danidrops.com.br\/fr\/wp-json\/wp\/v2\/types\/post"}],"author":[{"embeddable":true,"href":"https:\/\/danidrops.com.br\/fr\/wp-json\/wp\/v2\/users\/1"}],"replies":[{"embeddable":true,"href":"https:\/\/danidrops.com.br\/fr\/wp-json\/wp\/v2\/comments?post=15535"}],"version-history":[{"count":0,"href":"https:\/\/danidrops.com.br\/fr\/wp-json\/wp\/v2\/posts\/15535\/revisions"}],"wp:featuredmedia":[{"embeddable":true,"href":"https:\/\/danidrops.com.br\/fr\/wp-json\/wp\/v2\/media\/18547"}],"wp:attachment":[{"href":"https:\/\/danidrops.com.br\/fr\/wp-json\/wp\/v2\/media?parent=15535"}],"wp:term":[{"taxonomy":"category","embeddable":true,"href":"https:\/\/danidrops.com.br\/fr\/wp-json\/wp\/v2\/categories?post=15535"},{"taxonomy":"post_tag","embeddable":true,"href":"https:\/\/danidrops.com.br\/fr\/wp-json\/wp\/v2\/tags?post=15535"}],"curies":[{"name":"wp","href":"https:\/\/api.w.org\/{rel}","templated":true}]}}