{"id":42478,"date":"2024-08-13T06:07:00","date_gmt":"2024-08-13T09:07:00","guid":{"rendered":"https:\/\/danidrops.com.br\/?p=42478"},"modified":"2024-08-15T17:09:47","modified_gmt":"2024-08-15T20:09:47","slug":"blond-cendre","status":"publish","type":"post","link":"https:\/\/danidrops.com.br\/fr\/blond-cendre\/","title":{"rendered":"Tendance cheveux blond cendr\u00e9 2025 \u2013 D\u00e9couvrez plus de 200 inspirations pour la tendance cheveux blond cendr\u00e9"},"content":{"rendered":"<p>O <strong>cheveux blond cendr\u00e9<\/strong> a pris de plus en plus d\u2019importance et, en 2025, promet d\u2019\u00eatre l\u2019une des couleurs les plus recherch\u00e9es dans l\u2019univers de la beaut\u00e9. <\/p>\n\n\n\n<p>Connu pour son ton froid et sophistiqu\u00e9, le blond cendr\u00e9 offre une alternative moderne et \u00e9l\u00e9gante aux blonds dor\u00e9s traditionnels, apportant un air de myst\u00e8re et de sophistication qui se marie parfaitement avec les tendances de la mode contemporaine.<\/p>\n\n\n\n<p>Avec sa combinaison unique de tons argent\u00e9s et gris, le blond cendr\u00e9 est id\u00e9al pour celles qui recherchent un look audacieux mais polyvalent. <\/p>\n\n\n\n<figure class=\"wp-block-image size-full\"><img loading=\"lazy\" decoding=\"async\" width=\"760\" height=\"555\" src=\"https:\/\/danidrops.com.br\/wp-content\/uploads\/2024\/08\/Tendencia-Cabelo-Loiro-Acinzentado-2025-1.jpg\" alt=\"Tendance cheveux blond cendr\u00e9 2025\" class=\"wp-image-99471\" title=\"\" srcset=\"https:\/\/danidrops.com.br\/wp-content\/uploads\/2024\/08\/Tendencia-Cabelo-Loiro-Acinzentado-2025-1.jpg 760w, https:\/\/danidrops.com.br\/wp-content\/uploads\/2024\/08\/Tendencia-Cabelo-Loiro-Acinzentado-2025-1-300x219.jpg 300w, https:\/\/danidrops.com.br\/wp-content\/uploads\/2024\/08\/Tendencia-Cabelo-Loiro-Acinzentado-2025-1-16x12.jpg 16w, https:\/\/danidrops.com.br\/wp-content\/uploads\/2024\/08\/Tendencia-Cabelo-Loiro-Acinzentado-2025-1-150x110.jpg 150w\" sizes=\"auto, (max-width: 760px) 100vw, 760px\" \/><figcaption class=\"wp-element-caption\">Tendance cheveux blond cendr\u00e9 2025<\/figcaption><\/figure>\n\n\n\n<p>Il est <strong><a href=\"https:\/\/danidrops.com.br\/fr\/tendance-cheveux-blonds-2025\/\" data-type=\"link\" data-id=\"https:\/\/danidrops.com.br\/tendencia-cabelo-loiro-2025\/\">tendance blonde <\/a><\/strong>La couleur est parfaite pour ceux qui veulent \u00e9chapper \u00e0 l&#039;ordinaire et adopter un style plus marquant, sans perdre en \u00e9l\u00e9gance. De plus, le blond cendr\u00e9 est tr\u00e8s adaptable et peut \u00eatre personnalis\u00e9 pour diff\u00e9rents tons de peau et types de cheveux, ce qui en fait un choix universel pour ceux qui veulent garder une longueur d&#039;avance sur les tendances.<\/p>\n\n\n\n<figure class=\"wp-block-image size-full\"><img loading=\"lazy\" decoding=\"async\" width=\"760\" height=\"555\" src=\"https:\/\/danidrops.com.br\/wp-content\/uploads\/2024\/08\/Tendencia-Cabelo-Loiro-Acinzentado-2025-2.jpg\" alt=\"Tendance cheveux blond cendr\u00e9 2025\" class=\"wp-image-99472\" title=\"\" srcset=\"https:\/\/danidrops.com.br\/wp-content\/uploads\/2024\/08\/Tendencia-Cabelo-Loiro-Acinzentado-2025-2.jpg 760w, https:\/\/danidrops.com.br\/wp-content\/uploads\/2024\/08\/Tendencia-Cabelo-Loiro-Acinzentado-2025-2-300x219.jpg 300w, https:\/\/danidrops.com.br\/wp-content\/uploads\/2024\/08\/Tendencia-Cabelo-Loiro-Acinzentado-2025-2-16x12.jpg 16w, https:\/\/danidrops.com.br\/wp-content\/uploads\/2024\/08\/Tendencia-Cabelo-Loiro-Acinzentado-2025-2-150x110.jpg 150w\" sizes=\"auto, (max-width: 760px) 100vw, 760px\" \/><figcaption class=\"wp-element-caption\">Tendance cheveux blond cendr\u00e9 2025<\/figcaption><\/figure>\n\n\n\n<p>Lorsqu&#039;on explore la tendance blond cendr\u00e9 en 2025, il est essentiel de comprendre comment ce ton peut \u00eatre appliqu\u00e9 pour mettre en valeur votre beaut\u00e9 naturelle, en plus des soins n\u00e9cessaires pour garder la couleur toujours vibrante et saine. <\/p>\n\n\n\n<figure class=\"wp-block-image size-full\"><img loading=\"lazy\" decoding=\"async\" width=\"760\" height=\"555\" src=\"https:\/\/danidrops.com.br\/wp-content\/uploads\/2024\/08\/Tendencia-Cabelo-Loiro-Acinzentado-2025-3.jpg\" alt=\"Tendance cheveux blond cendr\u00e9 2025\" class=\"wp-image-99473\" title=\"\" srcset=\"https:\/\/danidrops.com.br\/wp-content\/uploads\/2024\/08\/Tendencia-Cabelo-Loiro-Acinzentado-2025-3.jpg 760w, https:\/\/danidrops.com.br\/wp-content\/uploads\/2024\/08\/Tendencia-Cabelo-Loiro-Acinzentado-2025-3-300x219.jpg 300w, https:\/\/danidrops.com.br\/wp-content\/uploads\/2024\/08\/Tendencia-Cabelo-Loiro-Acinzentado-2025-3-16x12.jpg 16w, https:\/\/danidrops.com.br\/wp-content\/uploads\/2024\/08\/Tendencia-Cabelo-Loiro-Acinzentado-2025-3-150x110.jpg 150w\" sizes=\"auto, (max-width: 760px) 100vw, 760px\" \/><figcaption class=\"wp-element-caption\">Tendance cheveux blond cendr\u00e9 2025<\/figcaption><\/figure>\n\n\n\n<p>Dans cet article, nous allons d\u00e9tailler cette tendance qui prend d&#039;assaut les instituts de beaut\u00e9, en vous proposant des conseils pratiques et de l&#039;inspiration pour vous permettre d&#039;adopter le blond cendr\u00e9 en toute confiance et avec style.<\/p>\n\n\n\n<figure class=\"wp-block-image size-full\"><img loading=\"lazy\" decoding=\"async\" width=\"760\" height=\"555\" src=\"https:\/\/danidrops.com.br\/wp-content\/uploads\/2024\/08\/Tendencia-Cabelo-Loiro-Acinzentado-2025-4.jpg\" alt=\"Tendance cheveux blond cendr\u00e9 2025\" class=\"wp-image-99474\" title=\"\" srcset=\"https:\/\/danidrops.com.br\/wp-content\/uploads\/2024\/08\/Tendencia-Cabelo-Loiro-Acinzentado-2025-4.jpg 760w, https:\/\/danidrops.com.br\/wp-content\/uploads\/2024\/08\/Tendencia-Cabelo-Loiro-Acinzentado-2025-4-300x219.jpg 300w, https:\/\/danidrops.com.br\/wp-content\/uploads\/2024\/08\/Tendencia-Cabelo-Loiro-Acinzentado-2025-4-16x12.jpg 16w, https:\/\/danidrops.com.br\/wp-content\/uploads\/2024\/08\/Tendencia-Cabelo-Loiro-Acinzentado-2025-4-150x110.jpg 150w\" sizes=\"auto, (max-width: 760px) 100vw, 760px\" \/><figcaption class=\"wp-element-caption\">Tendance cheveux blond cendr\u00e9 2025<\/figcaption><\/figure>\n\n\n\n<h2 class=\"wp-block-heading\"><span class=\"ez-toc-section\" id=\"Quais_sao_as_tendencias_de_loiro_acinzentado_que_estao_na_moda\"><\/span>Quelles sont les tendances blond cendr\u00e9 qui font fureur ?<span class=\"ez-toc-section-end\"><\/span><\/h2>\n\n\n\n<p>Les nuances tendances du blond cendr\u00e9 2025 sont :<\/p>\n\n\n\n<ul class=\"wp-block-list\">\n<li>blond cendr\u00e9<\/li>\n\n\n\n<li>blond cendr\u00e9 cuivr\u00e9<\/li>\n\n\n\n<li>blond clair cendr\u00e9<\/li>\n\n\n\n<li>Blond cendr\u00e9 avec ch\u00e2tain clair<\/li>\n\n\n\n<li>blond cendr\u00e9 dor\u00e9<\/li>\n\n\n\n<li>blond fonc\u00e9 cendr\u00e9<\/li>\n\n\n\n<li>blond platine cendr\u00e9<\/li>\n\n\n\n<li>blond cendr\u00e9 g\u00e9ant<\/li>\n\n\n\n<li>blond cendr\u00e9 aux cheveux noirs<\/li>\n\n\n\n<li>cheveux ombr\u00e9s blond cendr\u00e9<\/li>\n\n\n\n<li>blond cendr\u00e9 cuivr\u00e9<\/li>\n\n\n\n<li>Blond cendr\u00e9 illumin\u00e9<\/li>\n\n\n\n<li>Blond cendr\u00e9 aux cheveux boucl\u00e9s<\/li>\n\n\n\n<li>blond cendr\u00e9 sur noir<\/li>\n\n\n\n<li>blond cendr\u00e9 boucl\u00e9<\/li>\n\n\n\n<li>blond cendr\u00e9 naturel<\/li>\n\n\n\n<li>lumi\u00e8res blond cendr\u00e9<\/li>\n\n\n\n<li>reflets blond cendr\u00e9<\/li>\n\n\n\n<li>blond cendr\u00e9 moyen<\/li>\n\n\n\n<li>blond cendr\u00e9 \u00e9l\u00e9gant<\/li>\n\n\n\n<li>Blond cendr\u00e9 intense<\/li>\n\n\n\n<li>long blond cendr\u00e9<\/li>\n\n\n\n<li>blond cendr\u00e9 court<\/li>\n\n\n\n<li>blond cendr\u00e9 boucl\u00e9<\/li>\n\n\n\n<li>blond cendr\u00e9 ondul\u00e9<\/li>\n\n\n\n<li>blond cendr\u00e9 lisse<\/li>\n\n\n\n<li>Cheveux longs blond cendr\u00e9<\/li>\n\n\n\n<li>Cheveux blond cendr\u00e9 moyen<\/li>\n\n\n\n<li>Cheveux courts blond cendr\u00e9<\/li>\n\n\n\n<li>Cheveux blond cendr\u00e9 boucl\u00e9s<\/li>\n\n\n\n<li>Cheveux blonds cendr\u00e9s raides<\/li>\n\n\n\n<li>Cheveux blonds cendr\u00e9s tress\u00e9s<\/li>\n\n\n\n<li>Cheveux blond cendr\u00e9 boucl\u00e9s<\/li>\n\n\n\n<li>Cheveux ondul\u00e9s blond cendr\u00e9<\/li>\n<\/ul>\n\n\n\n<h2 class=\"wp-block-heading\"><span class=\"ez-toc-section\" id=\"Loiro_acinzentado\"><\/span>blond cendr\u00e9<span class=\"ez-toc-section-end\"><\/span><\/h2>\n\n\n\n<p>Si vous souhaitez essayer d&#039;\u00e9claircir vos cheveux pour changer de look, mais que vous aimez un style plus discret, le blond cendr\u00e9 2025 est un excellent choix.<\/p>\n\n\n\n<figure class=\"wp-block-image\"><img loading=\"lazy\" decoding=\"async\" width=\"760\" height=\"555\" src=\"https:\/\/danidrops.com.br\/wp-content\/uploads\/2022\/05\/02-Loiro-acinzentado.jpg\" alt=\"blond cendr\u00e9\" class=\"wp-image-27523\" title=\"02 Blond cendr\u00e9 - Ash Blonde Hair 2025 - Voir plus de 200 inspirations pour la tendance cheveux blond cendr\u00e9\" srcset=\"https:\/\/danidrops.com.br\/wp-content\/uploads\/2022\/05\/02-Loiro-acinzentado.jpg 760w, https:\/\/danidrops.com.br\/wp-content\/uploads\/2022\/05\/02-Loiro-acinzentado-300x219.jpg 300w, https:\/\/danidrops.com.br\/wp-content\/uploads\/2022\/05\/02-Loiro-acinzentado-150x110.jpg 150w\" sizes=\"auto, (max-width: 760px) 100vw, 760px\" \/><figcaption class=\"wp-element-caption\">blond cendr\u00e9<\/figcaption><\/figure>\n\n\n\n<p>C&#039;est parce que le ton gris est \u00e9l\u00e9gant et convient aux personnes de tout \u00e2ge, \u00e0 tout moment de l&#039;ann\u00e9e. Ce look convient \u00e0 toutes les couleurs de peau, des plus claires aux plus fonc\u00e9es.<\/p>\n\n\n\n<figure class=\"wp-block-image\"><img loading=\"lazy\" decoding=\"async\" width=\"760\" height=\"555\" src=\"https:\/\/danidrops.com.br\/wp-content\/uploads\/2022\/05\/03-Loiro-acinzentado.jpg\" alt=\"blond cendr\u00e9\" class=\"wp-image-27524\" title=\"03 Blond cendr\u00e9 - Ash Blonde Hair 2025 - Voir plus de 200 inspirations pour la tendance cheveux blond cendr\u00e9\" srcset=\"https:\/\/danidrops.com.br\/wp-content\/uploads\/2022\/05\/03-Loiro-acinzentado.jpg 760w, https:\/\/danidrops.com.br\/wp-content\/uploads\/2022\/05\/03-Loiro-acinzentado-300x219.jpg 300w, https:\/\/danidrops.com.br\/wp-content\/uploads\/2022\/05\/03-Loiro-acinzentado-150x110.jpg 150w\" sizes=\"auto, (max-width: 760px) 100vw, 760px\" \/><figcaption class=\"wp-element-caption\">blond cendr\u00e9<\/figcaption><\/figure>\n\n\n\n<figure class=\"wp-block-image\"><img loading=\"lazy\" decoding=\"async\" width=\"760\" height=\"555\" src=\"https:\/\/danidrops.com.br\/wp-content\/uploads\/2022\/05\/01-Loiro-acinzentado.jpg\" alt=\"blond cendr\u00e9\" class=\"wp-image-27525\" title=\"01 Blond cendr\u00e9 - Ash Blonde Hair 2025 - Voir plus de 200 inspirations pour la tendance cheveux blond cendr\u00e9\" srcset=\"https:\/\/danidrops.com.br\/wp-content\/uploads\/2022\/05\/01-Loiro-acinzentado.jpg 760w, https:\/\/danidrops.com.br\/wp-content\/uploads\/2022\/05\/01-Loiro-acinzentado-300x219.jpg 300w, https:\/\/danidrops.com.br\/wp-content\/uploads\/2022\/05\/01-Loiro-acinzentado-150x110.jpg 150w\" sizes=\"auto, (max-width: 760px) 100vw, 760px\" \/><figcaption class=\"wp-element-caption\">blond cendr\u00e9<\/figcaption><\/figure>\n\n\n\n<h2 class=\"wp-block-heading\"><span class=\"ez-toc-section\" id=\"Cabelo_Loiro_Acinzentado_Longo\"><\/span>Cheveux longs blond cendr\u00e9<span class=\"ez-toc-section-end\"><\/span><\/h2>\n\n\n\n<p>Les cheveux blonds cendr\u00e9s longs sont un choix populaire pour ceux qui veulent un look audacieux et \u00e9l\u00e9gant.<\/p>\n\n\n\n<figure class=\"wp-block-image\"><img loading=\"lazy\" decoding=\"async\" width=\"760\" height=\"555\" src=\"https:\/\/danidrops.com.br\/wp-content\/uploads\/2023\/03\/06-Cabelo-Loiro-Acinzentado-Longo.jpg\" alt=\"Cheveux longs blond cendr\u00e9\" class=\"wp-image-66485\" title=\"06 Cheveux Longs Blond Cendr\u00e9 - Cheveux Blond Cendr\u00e9 2025 - Voir plus de 87 mod\u00e8les de cheveux blonds gris\" srcset=\"https:\/\/danidrops.com.br\/wp-content\/uploads\/2023\/03\/06-Cabelo-Loiro-Acinzentado-Longo.jpg 760w, https:\/\/danidrops.com.br\/wp-content\/uploads\/2023\/03\/06-Cabelo-Loiro-Acinzentado-Longo-300x219.jpg 300w, https:\/\/danidrops.com.br\/wp-content\/uploads\/2023\/03\/06-Cabelo-Loiro-Acinzentado-Longo-16x12.jpg 16w, https:\/\/danidrops.com.br\/wp-content\/uploads\/2023\/03\/06-Cabelo-Loiro-Acinzentado-Longo-150x110.jpg 150w\" sizes=\"auto, (max-width: 760px) 100vw, 760px\" \/><figcaption class=\"wp-element-caption\">Cheveux longs blond cendr\u00e9<\/figcaption><\/figure>\n\n\n\n<p>La longue longueur permet \u00e0 la couleur de se montrer dans toute sa splendeur, tandis que la teinte cendr\u00e9e adoucit l&#039;intensit\u00e9 de la blonde, cr\u00e9ant un look \u00e9quilibr\u00e9 et sophistiqu\u00e9. De plus, les cheveux longs offrent de nombreuses options de style, des coiffures l\u00e2ches aux tresses et chignons \u00e9labor\u00e9s.<\/p>\n\n\n\n<figure class=\"wp-block-image\"><img loading=\"lazy\" decoding=\"async\" width=\"760\" height=\"555\" src=\"https:\/\/danidrops.com.br\/wp-content\/uploads\/2023\/03\/05-Cabelo-Loiro-Acinzentado-Longo.jpg\" alt=\"Cheveux longs blond cendr\u00e9\" class=\"wp-image-66484\" title=\"05 Cheveux Longs Blond Cendr\u00e9 - Cheveux Blond Cendr\u00e9 2025 - Voir plus de 87 mod\u00e8les de cheveux blonds gris\" srcset=\"https:\/\/danidrops.com.br\/wp-content\/uploads\/2023\/03\/05-Cabelo-Loiro-Acinzentado-Longo.jpg 760w, https:\/\/danidrops.com.br\/wp-content\/uploads\/2023\/03\/05-Cabelo-Loiro-Acinzentado-Longo-300x219.jpg 300w, https:\/\/danidrops.com.br\/wp-content\/uploads\/2023\/03\/05-Cabelo-Loiro-Acinzentado-Longo-16x12.jpg 16w, https:\/\/danidrops.com.br\/wp-content\/uploads\/2023\/03\/05-Cabelo-Loiro-Acinzentado-Longo-150x110.jpg 150w\" sizes=\"auto, (max-width: 760px) 100vw, 760px\" \/><figcaption class=\"wp-element-caption\">Cheveux longs blond cendr\u00e9<\/figcaption><\/figure>\n\n\n\n<h2 class=\"wp-block-heading\"><span class=\"ez-toc-section\" id=\"Cabelo_Loiro_Acinzentado_Medio\"><\/span>Cheveux blond cendr\u00e9 moyen<span class=\"ez-toc-section-end\"><\/span><\/h2>\n\n\n\n<p>Les cheveux blond cendr\u00e9 moyen sont un choix polyvalent pour ceux qui veulent un changement subtil mais \u00e9l\u00e9gant.<\/p>\n\n\n\n<figure class=\"wp-block-image\"><img loading=\"lazy\" decoding=\"async\" width=\"760\" height=\"555\" src=\"https:\/\/danidrops.com.br\/wp-content\/uploads\/2023\/03\/08-Cabelo-Loiro-Acinzentado-Medio.jpg\" alt=\"Cheveux blond cendr\u00e9 moyen\" class=\"wp-image-66487\" title=\"08 Cheveux Blond Cendr\u00e9 Moyen - Cheveux Blond Cendr\u00e9 2025 - Voir plus de 87 mod\u00e8les de cheveux blonds gris\" srcset=\"https:\/\/danidrops.com.br\/wp-content\/uploads\/2023\/03\/08-Cabelo-Loiro-Acinzentado-Medio.jpg 760w, https:\/\/danidrops.com.br\/wp-content\/uploads\/2023\/03\/08-Cabelo-Loiro-Acinzentado-Medio-300x219.jpg 300w, https:\/\/danidrops.com.br\/wp-content\/uploads\/2023\/03\/08-Cabelo-Loiro-Acinzentado-Medio-16x12.jpg 16w, https:\/\/danidrops.com.br\/wp-content\/uploads\/2023\/03\/08-Cabelo-Loiro-Acinzentado-Medio-150x110.jpg 150w\" sizes=\"auto, (max-width: 760px) 100vw, 760px\" \/><figcaption class=\"wp-element-caption\">Cheveux blond cendr\u00e9 moyen<\/figcaption><\/figure>\n\n\n\n<p>Cette longueur est id\u00e9ale pour ceux qui veulent un look facile \u00e0 entretenir qui reste \u00e9l\u00e9gant et tendance. Le ton gris adoucit le blond, cr\u00e9ant une couleur discr\u00e8te et sophistiqu\u00e9e qui peut \u00eatre facilement combin\u00e9e avec d&#039;autres tons.<\/p>\n\n\n\n<figure class=\"wp-block-image\"><img loading=\"lazy\" decoding=\"async\" width=\"760\" height=\"555\" src=\"https:\/\/danidrops.com.br\/wp-content\/uploads\/2023\/03\/07-Cabelo-Loiro-Acinzentado-Medio.jpg\" alt=\"Cheveux blond cendr\u00e9 moyen\" class=\"wp-image-66486\" title=\"07 Cheveux Blond Cendr\u00e9 Moyen - Cheveux Blond Cendr\u00e9 2025 - Voir plus de 87 mod\u00e8les de cheveux blonds gris\" srcset=\"https:\/\/danidrops.com.br\/wp-content\/uploads\/2023\/03\/07-Cabelo-Loiro-Acinzentado-Medio.jpg 760w, https:\/\/danidrops.com.br\/wp-content\/uploads\/2023\/03\/07-Cabelo-Loiro-Acinzentado-Medio-300x219.jpg 300w, https:\/\/danidrops.com.br\/wp-content\/uploads\/2023\/03\/07-Cabelo-Loiro-Acinzentado-Medio-16x12.jpg 16w, https:\/\/danidrops.com.br\/wp-content\/uploads\/2023\/03\/07-Cabelo-Loiro-Acinzentado-Medio-150x110.jpg 150w\" sizes=\"auto, (max-width: 760px) 100vw, 760px\" \/><figcaption class=\"wp-element-caption\">Cheveux blond cendr\u00e9 moyen<\/figcaption><\/figure>\n\n\n\n<h2 class=\"wp-block-heading\"><span class=\"ez-toc-section\" id=\"Cabelo_Loiro_Acinzentado_Curto\"><\/span>Cheveux courts blond cendr\u00e9<span class=\"ez-toc-section-end\"><\/span><\/h2>\n\n\n\n<p>Les cheveux courts blond cendr\u00e9 sont un choix audacieux et moderne pour ceux qui veulent un look d\u00e9contract\u00e9 et tendance. Les cheveux courts permettent \u00e0 la couleur de se montrer dans toute sa splendeur, tandis que la teinte cendr\u00e9e adoucit l&#039;intensit\u00e9 de la blonde, cr\u00e9ant un look \u00e9quilibr\u00e9 et \u00e9l\u00e9gant.<\/p>\n\n\n\n<figure class=\"wp-block-image\"><img loading=\"lazy\" decoding=\"async\" width=\"760\" height=\"555\" src=\"https:\/\/danidrops.com.br\/wp-content\/uploads\/2023\/03\/10-Cabelo-Loiro-Acinzentado-Curto.jpg\" alt=\"Cheveux courts blond cendr\u00e9\" class=\"wp-image-66489\" title=\"10 cheveux blonds cendr\u00e9s courts - Cheveux blonds cendr\u00e9s 2025 - Voir plus de 87 mod\u00e8les de cheveux blonds cendr\u00e9s\" srcset=\"https:\/\/danidrops.com.br\/wp-content\/uploads\/2023\/03\/10-Cabelo-Loiro-Acinzentado-Curto.jpg 760w, https:\/\/danidrops.com.br\/wp-content\/uploads\/2023\/03\/10-Cabelo-Loiro-Acinzentado-Curto-300x219.jpg 300w, https:\/\/danidrops.com.br\/wp-content\/uploads\/2023\/03\/10-Cabelo-Loiro-Acinzentado-Curto-16x12.jpg 16w, https:\/\/danidrops.com.br\/wp-content\/uploads\/2023\/03\/10-Cabelo-Loiro-Acinzentado-Curto-150x110.jpg 150w\" sizes=\"auto, (max-width: 760px) 100vw, 760px\" \/><figcaption class=\"wp-element-caption\">Cheveux courts blond cendr\u00e9<\/figcaption><\/figure>\n\n\n\n<p>De plus, les cheveux courts sont faciles \u00e0 entretenir et offrent de nombreuses options de style, des coiffures textur\u00e9es aux coupes plus pointues.<\/p>\n\n\n\n<figure class=\"wp-block-image\"><img loading=\"lazy\" decoding=\"async\" width=\"760\" height=\"555\" src=\"https:\/\/danidrops.com.br\/wp-content\/uploads\/2023\/03\/09-Cabelo-Loiro-Acinzentado-Curto.jpg\" alt=\"Cheveux courts blond cendr\u00e9\" class=\"wp-image-66488\" title=\"09 Cheveux Blonds Cendr\u00e9s Courts - Cheveux Blonds Cendr\u00e9s 2025 - Voir plus de 87 mod\u00e8les de cheveux blonds gris\" srcset=\"https:\/\/danidrops.com.br\/wp-content\/uploads\/2023\/03\/09-Cabelo-Loiro-Acinzentado-Curto.jpg 760w, https:\/\/danidrops.com.br\/wp-content\/uploads\/2023\/03\/09-Cabelo-Loiro-Acinzentado-Curto-300x219.jpg 300w, https:\/\/danidrops.com.br\/wp-content\/uploads\/2023\/03\/09-Cabelo-Loiro-Acinzentado-Curto-16x12.jpg 16w, https:\/\/danidrops.com.br\/wp-content\/uploads\/2023\/03\/09-Cabelo-Loiro-Acinzentado-Curto-150x110.jpg 150w\" sizes=\"auto, (max-width: 760px) 100vw, 760px\" \/><figcaption class=\"wp-element-caption\">Cheveux courts blond cendr\u00e9<\/figcaption><\/figure>\n\n\n\n<h2 class=\"wp-block-heading\"><span class=\"ez-toc-section\" id=\"Cabelo_Loiro_Acinzentado_Cacheado\"><\/span>Cheveux blond cendr\u00e9 boucl\u00e9s<span class=\"ez-toc-section-end\"><\/span><\/h2>\n\n\n\n<p>Les cheveux blonds cendr\u00e9s boucl\u00e9s sont un choix moderne et \u00e9l\u00e9gant pour ceux qui veulent une texture naturelle et d\u00e9contract\u00e9e. La teinte cendr\u00e9e adoucit le blond, cr\u00e9ant un look sophistiqu\u00e9 et \u00e9quilibr\u00e9.<\/p>\n\n\n\n<figure class=\"wp-block-image\"><img loading=\"lazy\" decoding=\"async\" width=\"760\" height=\"555\" src=\"https:\/\/danidrops.com.br\/wp-content\/uploads\/2023\/03\/12-Cabelo-Loiro-Acinzentado-Cacheado.jpg\" alt=\"Cheveux blond cendr\u00e9 boucl\u00e9s\" class=\"wp-image-66491\" title=\"12 Cheveux blonds cendr\u00e9s boucl\u00e9s - Cheveux blonds cendr\u00e9s 2025 - Voir plus de 87 mod\u00e8les de cheveux blonds cendr\u00e9s\" srcset=\"https:\/\/danidrops.com.br\/wp-content\/uploads\/2023\/03\/12-Cabelo-Loiro-Acinzentado-Cacheado.jpg 760w, https:\/\/danidrops.com.br\/wp-content\/uploads\/2023\/03\/12-Cabelo-Loiro-Acinzentado-Cacheado-300x219.jpg 300w, https:\/\/danidrops.com.br\/wp-content\/uploads\/2023\/03\/12-Cabelo-Loiro-Acinzentado-Cacheado-16x12.jpg 16w, https:\/\/danidrops.com.br\/wp-content\/uploads\/2023\/03\/12-Cabelo-Loiro-Acinzentado-Cacheado-150x110.jpg 150w\" sizes=\"auto, (max-width: 760px) 100vw, 760px\" \/><figcaption class=\"wp-element-caption\">Cheveux blond cendr\u00e9 boucl\u00e9s<\/figcaption><\/figure>\n\n\n\n<p>Les boucles ajoutent du volume et de la texture aux cheveux, cr\u00e9ant un look naturel et vibrant qui peut \u00eatre facilement coiff\u00e9 en coiffures l\u00e2ches ou chignons.<\/p>\n\n\n\n<figure class=\"wp-block-image\"><img loading=\"lazy\" decoding=\"async\" width=\"760\" height=\"555\" src=\"https:\/\/danidrops.com.br\/wp-content\/uploads\/2023\/03\/11-Cabelo-Loiro-Acinzentado-Cacheado.jpg\" alt=\"Cheveux blond cendr\u00e9 boucl\u00e9s\" class=\"wp-image-66490\" title=\"11 Cheveux blonds cendr\u00e9s boucl\u00e9s - Cheveux blonds cendr\u00e9s 2025 - Voir plus de 87 mod\u00e8les de cheveux blonds cendr\u00e9s\" srcset=\"https:\/\/danidrops.com.br\/wp-content\/uploads\/2023\/03\/11-Cabelo-Loiro-Acinzentado-Cacheado.jpg 760w, https:\/\/danidrops.com.br\/wp-content\/uploads\/2023\/03\/11-Cabelo-Loiro-Acinzentado-Cacheado-300x219.jpg 300w, https:\/\/danidrops.com.br\/wp-content\/uploads\/2023\/03\/11-Cabelo-Loiro-Acinzentado-Cacheado-16x12.jpg 16w, https:\/\/danidrops.com.br\/wp-content\/uploads\/2023\/03\/11-Cabelo-Loiro-Acinzentado-Cacheado-150x110.jpg 150w\" sizes=\"auto, (max-width: 760px) 100vw, 760px\" \/><figcaption class=\"wp-element-caption\">Cheveux blond cendr\u00e9 boucl\u00e9s<\/figcaption><\/figure>\n\n\n\n<h2 class=\"wp-block-heading\"><span class=\"ez-toc-section\" id=\"Cabelo_Loiro_Acinzentado_Liso\"><\/span>Cheveux blonds cendr\u00e9s raides<span class=\"ez-toc-section-end\"><\/span><\/h2>\n\n\n\n<p>Les cheveux blonds cendr\u00e9s sont un choix classique et \u00e9l\u00e9gant pour ceux qui veulent un look sophistiqu\u00e9 et minimaliste. La teinte gris\u00e2tre adoucit la blonde, cr\u00e9ant un look sobre et \u00e9quilibr\u00e9.<\/p>\n\n\n\n<figure class=\"wp-block-image\"><img loading=\"lazy\" decoding=\"async\" width=\"760\" height=\"555\" src=\"https:\/\/danidrops.com.br\/wp-content\/uploads\/2023\/03\/14-Cabelo-Loiro-Acinzentado-Liso.jpg\" alt=\"Cheveux blonds cendr\u00e9s raides\" class=\"wp-image-66468\" title=\"14 cheveux blonds cendr\u00e9s raides - Cheveux blonds cendr\u00e9s 2025 - Voir plus de 87 mod\u00e8les de cheveux blonds cendr\u00e9s\" srcset=\"https:\/\/danidrops.com.br\/wp-content\/uploads\/2023\/03\/14-Cabelo-Loiro-Acinzentado-Liso.jpg 760w, https:\/\/danidrops.com.br\/wp-content\/uploads\/2023\/03\/14-Cabelo-Loiro-Acinzentado-Liso-300x219.jpg 300w, https:\/\/danidrops.com.br\/wp-content\/uploads\/2023\/03\/14-Cabelo-Loiro-Acinzentado-Liso-16x12.jpg 16w, https:\/\/danidrops.com.br\/wp-content\/uploads\/2023\/03\/14-Cabelo-Loiro-Acinzentado-Liso-150x110.jpg 150w\" sizes=\"auto, (max-width: 760px) 100vw, 760px\" \/><figcaption class=\"wp-element-caption\">Cheveux blonds cendr\u00e9s raides<\/figcaption><\/figure>\n\n\n\n<p>Les cheveux raides permettent \u00e0 la couleur de se montrer dans toute sa splendeur, cr\u00e9ant un look propre et moderne qui peut \u00eatre facilement coiff\u00e9 en coiffures droites ou en vagues douces.<\/p>\n\n\n\n<figure class=\"wp-block-image\"><img loading=\"lazy\" decoding=\"async\" width=\"760\" height=\"555\" src=\"https:\/\/danidrops.com.br\/wp-content\/uploads\/2023\/03\/13-Cabelo-Loiro-Acinzentado-Liso.jpg\" alt=\"Cheveux blonds cendr\u00e9s raides\" class=\"wp-image-66467\" title=\"13 cheveux blonds cendr\u00e9s raides - Cheveux blonds cendr\u00e9s 2025 - Voir plus de 87 mod\u00e8les de cheveux blonds cendr\u00e9s\" srcset=\"https:\/\/danidrops.com.br\/wp-content\/uploads\/2023\/03\/13-Cabelo-Loiro-Acinzentado-Liso.jpg 760w, https:\/\/danidrops.com.br\/wp-content\/uploads\/2023\/03\/13-Cabelo-Loiro-Acinzentado-Liso-300x219.jpg 300w, https:\/\/danidrops.com.br\/wp-content\/uploads\/2023\/03\/13-Cabelo-Loiro-Acinzentado-Liso-16x12.jpg 16w, https:\/\/danidrops.com.br\/wp-content\/uploads\/2023\/03\/13-Cabelo-Loiro-Acinzentado-Liso-150x110.jpg 150w\" sizes=\"auto, (max-width: 760px) 100vw, 760px\" \/><figcaption class=\"wp-element-caption\">Cheveux blonds cendr\u00e9s raides<\/figcaption><\/figure>\n\n\n\n<h2 class=\"wp-block-heading\"><span class=\"ez-toc-section\" id=\"Cabelo_Loiro_Acinzentado_Trancado\"><\/span>Cheveux blonds cendr\u00e9s tress\u00e9s<span class=\"ez-toc-section-end\"><\/span><\/h2>\n\n\n\n<p>Les cheveux blonds cendr\u00e9s tress\u00e9s sont un excellent choix pour les femmes qui veulent un look \u00e9l\u00e9gant et tendance.<\/p>\n\n\n\n<p>Les tresses sont une coiffure classique qui ne se d\u00e9mode jamais et, lorsqu&#039;elles sont associ\u00e9es \u00e0 des cheveux blond cendr\u00e9, elles cr\u00e9ent un contraste \u00e9tonnant. Il existe plusieurs options pour les tresses, des plus simples aux plus \u00e9labor\u00e9es, et toutes sont superbes avec cette couleur de cheveux.<\/p>\n\n\n\n<figure class=\"wp-block-image\"><img loading=\"lazy\" decoding=\"async\" width=\"760\" height=\"555\" src=\"https:\/\/danidrops.com.br\/wp-content\/uploads\/2023\/03\/16-Cabelo-Loiro-Acinzentado-Trancado.jpg\" alt=\"Cheveux blonds cendr\u00e9s tress\u00e9s\" class=\"wp-image-66470\" title=\"16 Cheveux Blond Cendr\u00e9 Tress\u00e9s - Cheveux Blond Cendr\u00e9 2025 - Voir plus de 87 mod\u00e8les de cheveux blond cendr\u00e9\" srcset=\"https:\/\/danidrops.com.br\/wp-content\/uploads\/2023\/03\/16-Cabelo-Loiro-Acinzentado-Trancado.jpg 760w, https:\/\/danidrops.com.br\/wp-content\/uploads\/2023\/03\/16-Cabelo-Loiro-Acinzentado-Trancado-300x219.jpg 300w, https:\/\/danidrops.com.br\/wp-content\/uploads\/2023\/03\/16-Cabelo-Loiro-Acinzentado-Trancado-16x12.jpg 16w, https:\/\/danidrops.com.br\/wp-content\/uploads\/2023\/03\/16-Cabelo-Loiro-Acinzentado-Trancado-150x110.jpg 150w\" sizes=\"auto, (max-width: 760px) 100vw, 760px\" \/><figcaption class=\"wp-element-caption\">Cheveux blonds cendr\u00e9s tress\u00e9s<\/figcaption><\/figure>\n\n\n\n<p>Pour cr\u00e9er des cheveux blonds cendr\u00e9s tress\u00e9s, il est important de choisir la bonne teinte et la technique de coloration la plus adapt\u00e9e \u00e0 votre type de cheveux.<\/p>\n\n\n\n<figure class=\"wp-block-image\"><img loading=\"lazy\" decoding=\"async\" width=\"760\" height=\"555\" src=\"https:\/\/danidrops.com.br\/wp-content\/uploads\/2023\/03\/15-Cabelo-Loiro-Acinzentado-Trancado.jpg\" alt=\"Cheveux blonds cendr\u00e9s tress\u00e9s\" class=\"wp-image-66469\" title=\"15 cheveux blond cendr\u00e9 tress\u00e9s - Cheveux blond cendr\u00e9 2025 - Voir plus de 87 mod\u00e8les de cheveux blond cendr\u00e9\" srcset=\"https:\/\/danidrops.com.br\/wp-content\/uploads\/2023\/03\/15-Cabelo-Loiro-Acinzentado-Trancado.jpg 760w, https:\/\/danidrops.com.br\/wp-content\/uploads\/2023\/03\/15-Cabelo-Loiro-Acinzentado-Trancado-300x219.jpg 300w, https:\/\/danidrops.com.br\/wp-content\/uploads\/2023\/03\/15-Cabelo-Loiro-Acinzentado-Trancado-16x12.jpg 16w, https:\/\/danidrops.com.br\/wp-content\/uploads\/2023\/03\/15-Cabelo-Loiro-Acinzentado-Trancado-150x110.jpg 150w\" sizes=\"auto, (max-width: 760px) 100vw, 760px\" \/><figcaption class=\"wp-element-caption\">Cheveux blonds cendr\u00e9s tress\u00e9s<\/figcaption><\/figure>\n\n\n\n<p>Les tresses peuvent \u00eatre faites sur des cheveux longs ou courts, et elles ont fi\u00e8re allure sur tous les types de textures de cheveux. Une option consiste \u00e0 faire des tresses lat\u00e9rales sur les cheveux ondul\u00e9s, cr\u00e9ant un look plus d\u00e9contract\u00e9, ou \u00e0 tresser tous vos cheveux dans une coiffure plus sophistiqu\u00e9e.<\/p>\n\n\n\n<h2 class=\"wp-block-heading\"><span class=\"ez-toc-section\" id=\"Cabelo_Loiro_Acinzentado_Crespo\"><\/span>Cheveux blond cendr\u00e9 boucl\u00e9s<span class=\"ez-toc-section-end\"><\/span><\/h2>\n\n\n\n<p>Les cheveux boucl\u00e9s sont beaux en eux-m\u00eames, mais combin\u00e9s \u00e0 la teinte blond cendr\u00e9, le r\u00e9sultat est encore plus \u00e9tonnant. La couleur grise adoucit l&#039;intensit\u00e9 des cheveux boucl\u00e9s, cr\u00e9ant un look moderne et \u00e9l\u00e9gant. Pour les femmes qui veulent changer de look, les cheveux boucl\u00e9s blond cendr\u00e9 sont une excellente option.<\/p>\n\n\n\n<figure class=\"wp-block-image\"><img loading=\"lazy\" decoding=\"async\" width=\"760\" height=\"555\" src=\"https:\/\/danidrops.com.br\/wp-content\/uploads\/2023\/03\/18-Cabelo-Loiro-Acinzentado-Crespo.jpg\" alt=\"Cheveux blond cendr\u00e9 boucl\u00e9s\" class=\"wp-image-66472\" title=\"18 cheveux blond cendr\u00e9 cr\u00e9pus - Cheveux blond cendr\u00e9 2025 - Voir plus de 87 mod\u00e8les de cheveux blond cendr\u00e9\" srcset=\"https:\/\/danidrops.com.br\/wp-content\/uploads\/2023\/03\/18-Cabelo-Loiro-Acinzentado-Crespo.jpg 760w, https:\/\/danidrops.com.br\/wp-content\/uploads\/2023\/03\/18-Cabelo-Loiro-Acinzentado-Crespo-300x219.jpg 300w, https:\/\/danidrops.com.br\/wp-content\/uploads\/2023\/03\/18-Cabelo-Loiro-Acinzentado-Crespo-16x12.jpg 16w, https:\/\/danidrops.com.br\/wp-content\/uploads\/2023\/03\/18-Cabelo-Loiro-Acinzentado-Crespo-150x110.jpg 150w\" sizes=\"auto, (max-width: 760px) 100vw, 760px\" \/><figcaption class=\"wp-element-caption\">Cheveux blond cendr\u00e9 boucl\u00e9s<\/figcaption><\/figure>\n\n\n\n<p>Avant une coloration, il est important de choisir un bon professionnel qui a de l&#039;exp\u00e9rience avec les cheveux boucl\u00e9s, pour \u00e9viter les dommages ou les cassures. Les cheveux boucl\u00e9s sont naturellement plus fragiles, et une coloration peut les rendre encore plus sensibles. Par cons\u00e9quent, il est essentiel de suivre les instructions du professionnel et d&#039;effectuer un traitement capillaire apr\u00e8s la coloration.<\/p>\n\n\n\n<figure class=\"wp-block-image\"><img loading=\"lazy\" decoding=\"async\" width=\"760\" height=\"555\" src=\"https:\/\/danidrops.com.br\/wp-content\/uploads\/2023\/03\/17-Cabelo-Loiro-Acinzentado-Crespo.jpg\" alt=\"Cheveux blond cendr\u00e9 boucl\u00e9s\" class=\"wp-image-66471\" title=\"17 cheveux blond cendr\u00e9 cr\u00e9pus - Cheveux blond cendr\u00e9 2025 - Voir plus de 87 mod\u00e8les de cheveux blond cendr\u00e9\" srcset=\"https:\/\/danidrops.com.br\/wp-content\/uploads\/2023\/03\/17-Cabelo-Loiro-Acinzentado-Crespo.jpg 760w, https:\/\/danidrops.com.br\/wp-content\/uploads\/2023\/03\/17-Cabelo-Loiro-Acinzentado-Crespo-300x219.jpg 300w, https:\/\/danidrops.com.br\/wp-content\/uploads\/2023\/03\/17-Cabelo-Loiro-Acinzentado-Crespo-16x12.jpg 16w, https:\/\/danidrops.com.br\/wp-content\/uploads\/2023\/03\/17-Cabelo-Loiro-Acinzentado-Crespo-150x110.jpg 150w\" sizes=\"auto, (max-width: 760px) 100vw, 760px\" \/><figcaption class=\"wp-element-caption\">Cheveux blond cendr\u00e9 boucl\u00e9s<\/figcaption><\/figure>\n\n\n\n<h2 class=\"wp-block-heading\"><span class=\"ez-toc-section\" id=\"Cabelo_Loiro_Acinzentado_Ondulado\"><\/span>Cheveux ondul\u00e9s blond cendr\u00e9<span class=\"ez-toc-section-end\"><\/span><\/h2>\n\n\n\n<p>Les cheveux blonds cendr\u00e9s ondul\u00e9s sont un look intemporel et \u00e9l\u00e9gant qui ne se d\u00e9modera jamais. Les vagues sont une excellente option pour ceux qui veulent changer de look sans avoir \u00e0 faire une coupe de cheveux radicale. La couleur cendr\u00e9e ajoute une teinte plus douce au blond, cr\u00e9ant un effet sophistiqu\u00e9 et moderne.<\/p>\n\n\n\n<figure class=\"wp-block-image\"><img loading=\"lazy\" decoding=\"async\" width=\"760\" height=\"555\" src=\"https:\/\/danidrops.com.br\/wp-content\/uploads\/2023\/03\/19-Cabelo-Loiro-Acinzentado-Ondulado.jpg\" alt=\"Cheveux ondul\u00e9s blond cendr\u00e9\" class=\"wp-image-66473\" title=\"19 cheveux blonds cendr\u00e9s ondul\u00e9s - Cheveux blonds cendr\u00e9s 2025 - Voir plus de 87 mod\u00e8les de cheveux blonds cendr\u00e9s\" srcset=\"https:\/\/danidrops.com.br\/wp-content\/uploads\/2023\/03\/19-Cabelo-Loiro-Acinzentado-Ondulado.jpg 760w, https:\/\/danidrops.com.br\/wp-content\/uploads\/2023\/03\/19-Cabelo-Loiro-Acinzentado-Ondulado-300x219.jpg 300w, https:\/\/danidrops.com.br\/wp-content\/uploads\/2023\/03\/19-Cabelo-Loiro-Acinzentado-Ondulado-16x12.jpg 16w, https:\/\/danidrops.com.br\/wp-content\/uploads\/2023\/03\/19-Cabelo-Loiro-Acinzentado-Ondulado-150x110.jpg 150w\" sizes=\"auto, (max-width: 760px) 100vw, 760px\" \/><figcaption class=\"wp-element-caption\">Cheveux ondul\u00e9s blond cendr\u00e9<\/figcaption><\/figure>\n\n\n\n<p>Pour cr\u00e9er des cheveux ondul\u00e9s blond cendr\u00e9, il est important de choisir la bonne teinte et la technique de coloration la plus adapt\u00e9e \u00e0 votre type de cheveux. Les vagues peuvent \u00eatre cr\u00e9\u00e9es avec un fer \u00e0 friser ou un fer \u00e0 friser, selon la texture de vos cheveux. Une astuce consiste \u00e0 terminer le look avec un spray fixant l\u00e9ger pour garantir que les vagues durent toute la journ\u00e9e.<\/p>\n\n\n\n<figure class=\"wp-block-image\"><img loading=\"lazy\" decoding=\"async\" width=\"760\" height=\"555\" src=\"https:\/\/danidrops.com.br\/wp-content\/uploads\/2023\/03\/20-Cabelo-Loiro-Acinzentado-Ondulado.jpg\" alt=\"Cheveux ondul\u00e9s blond cendr\u00e9\" class=\"wp-image-66474\" title=\"20 cheveux blonds cendr\u00e9s ondul\u00e9s - Cheveux blonds cendr\u00e9s 2025 - Voir plus de 87 mod\u00e8les de cheveux blonds cendr\u00e9s\" srcset=\"https:\/\/danidrops.com.br\/wp-content\/uploads\/2023\/03\/20-Cabelo-Loiro-Acinzentado-Ondulado.jpg 760w, https:\/\/danidrops.com.br\/wp-content\/uploads\/2023\/03\/20-Cabelo-Loiro-Acinzentado-Ondulado-300x219.jpg 300w, https:\/\/danidrops.com.br\/wp-content\/uploads\/2023\/03\/20-Cabelo-Loiro-Acinzentado-Ondulado-16x12.jpg 16w, https:\/\/danidrops.com.br\/wp-content\/uploads\/2023\/03\/20-Cabelo-Loiro-Acinzentado-Ondulado-150x110.jpg 150w\" sizes=\"auto, (max-width: 760px) 100vw, 760px\" \/><figcaption class=\"wp-element-caption\">Cheveux ondul\u00e9s blond cendr\u00e9<\/figcaption><\/figure>\n\n\n\n<h2 class=\"wp-block-heading\"><span class=\"ez-toc-section\" id=\"Loiro_acinzentado_acobreado\"><\/span>blond cendr\u00e9 cuivr\u00e9<span class=\"ez-toc-section-end\"><\/span><\/h2>\n\n\n\n<p>Le blond cendr\u00e9 cuivr\u00e9 apporte une ambiance plus chaude au style, le ton l\u00e9g\u00e8rement plus rouge\u00e2tre est un moyen de fusionner la teinte blonde, ch\u00e2tain et aussi rousse.<\/p>\n\n\n\n<figure class=\"wp-block-image\"><img loading=\"lazy\" decoding=\"async\" width=\"760\" height=\"555\" src=\"https:\/\/danidrops.com.br\/wp-content\/uploads\/2022\/05\/06-Loiro-acinzentado-acobreado.jpg\" alt=\"blond cendr\u00e9 cuivr\u00e9\" class=\"wp-image-27597\" title=\"06 Blond cendr\u00e9 cuivr\u00e9 - Ash Blonde Hair 2025 - Voir plus de 200 inspirations pour la tendance cheveux blond cendr\u00e9\" srcset=\"https:\/\/danidrops.com.br\/wp-content\/uploads\/2022\/05\/06-Loiro-acinzentado-acobreado.jpg 760w, https:\/\/danidrops.com.br\/wp-content\/uploads\/2022\/05\/06-Loiro-acinzentado-acobreado-300x219.jpg 300w, https:\/\/danidrops.com.br\/wp-content\/uploads\/2022\/05\/06-Loiro-acinzentado-acobreado-150x110.jpg 150w\" sizes=\"auto, (max-width: 760px) 100vw, 760px\" \/><figcaption class=\"wp-element-caption\">blond cendr\u00e9 cuivr\u00e9<\/figcaption><\/figure>\n\n\n\n<p>Cette combinaison de couleurs a un effet tr\u00e8s int\u00e9ressant sur les cheveux, c&#039;est un look moderne et aide \u00e0 illuminer la beaut\u00e9 f\u00e9minine.<\/p>\n\n\n\n<figure class=\"wp-block-image\"><img loading=\"lazy\" decoding=\"async\" width=\"760\" height=\"555\" src=\"https:\/\/danidrops.com.br\/wp-content\/uploads\/2022\/05\/05-Loiro-acinzentado-acobreado.jpg\" alt=\"blond cendr\u00e9 cuivr\u00e9\" class=\"wp-image-27596\" title=\"05 Blond cendr\u00e9 cuivr\u00e9 - Ash Blonde Hair 2025 - Voir plus de 200 inspirations pour la tendance cheveux blond cendr\u00e9\" srcset=\"https:\/\/danidrops.com.br\/wp-content\/uploads\/2022\/05\/05-Loiro-acinzentado-acobreado.jpg 760w, https:\/\/danidrops.com.br\/wp-content\/uploads\/2022\/05\/05-Loiro-acinzentado-acobreado-300x219.jpg 300w, https:\/\/danidrops.com.br\/wp-content\/uploads\/2022\/05\/05-Loiro-acinzentado-acobreado-150x110.jpg 150w\" sizes=\"auto, (max-width: 760px) 100vw, 760px\" \/><figcaption class=\"wp-element-caption\">blond cendr\u00e9 cuivr\u00e9<\/figcaption><\/figure>\n\n\n\n<figure class=\"wp-block-image\"><img loading=\"lazy\" decoding=\"async\" width=\"760\" height=\"555\" src=\"https:\/\/danidrops.com.br\/wp-content\/uploads\/2022\/05\/04-Loiro-acinzentado-acobreado.jpg\" alt=\"blond cendr\u00e9 cuivr\u00e9\" class=\"wp-image-27595\" title=\"04 Blond cendr\u00e9 cuivr\u00e9 - Ash Blonde Hair 2025 - Voir plus de 200 inspirations pour la tendance cheveux blond cendr\u00e9\" srcset=\"https:\/\/danidrops.com.br\/wp-content\/uploads\/2022\/05\/04-Loiro-acinzentado-acobreado.jpg 760w, https:\/\/danidrops.com.br\/wp-content\/uploads\/2022\/05\/04-Loiro-acinzentado-acobreado-300x219.jpg 300w, https:\/\/danidrops.com.br\/wp-content\/uploads\/2022\/05\/04-Loiro-acinzentado-acobreado-150x110.jpg 150w\" sizes=\"auto, (max-width: 760px) 100vw, 760px\" \/><figcaption class=\"wp-element-caption\">blond cendr\u00e9 cuivr\u00e9<\/figcaption><\/figure>\n\n\n\n<h2 class=\"wp-block-heading\"><span class=\"ez-toc-section\" id=\"Loiro_acinzentado_claro\"><\/span>blond clair cendr\u00e9<span class=\"ez-toc-section-end\"><\/span><\/h2>\n\n\n\n<p>Si votre objectif est d&#039;oser dans le look, vous pouvez miser sur le blond clair cendr\u00e9. Les tons plus froids qui rappellent beaucoup le platine peuvent donner un effet de mise en valeur aux cheveux.<\/p>\n\n\n\n<figure class=\"wp-block-image\"><img loading=\"lazy\" decoding=\"async\" width=\"760\" height=\"555\" src=\"https:\/\/danidrops.com.br\/wp-content\/uploads\/2022\/05\/10-Loiro-acinzentado-com-castanho-claro.jpg\" alt=\"Blond cendr\u00e9 avec ch\u00e2tain clair\" class=\"wp-image-27594\" title=\"10 Blond cendr\u00e9 avec ch\u00e2tain clair - Ash Blonde Hair 2025 - Voir plus de 200 inspirations pour la tendance cheveux blond cendr\u00e9\" srcset=\"https:\/\/danidrops.com.br\/wp-content\/uploads\/2022\/05\/10-Loiro-acinzentado-com-castanho-claro.jpg 760w, https:\/\/danidrops.com.br\/wp-content\/uploads\/2022\/05\/10-Loiro-acinzentado-com-castanho-claro-300x219.jpg 300w, https:\/\/danidrops.com.br\/wp-content\/uploads\/2022\/05\/10-Loiro-acinzentado-com-castanho-claro-150x110.jpg 150w\" sizes=\"auto, (max-width: 760px) 100vw, 760px\" \/><figcaption class=\"wp-element-caption\">Blond cendr\u00e9 avec ch\u00e2tain clair<\/figcaption><\/figure>\n\n\n\n<p>La chose la plus cool \u00e0 propos de cette couleur est le contraste qu&#039;elle provoque par rapport \u00e0 la couleur de la peau, plus la blonde est claire, plus elle attire l&#039;attention sur la femme. C&#039;est donc un style pour ceux qui aiment avoir un impact.<\/p>\n\n\n\n<figure class=\"wp-block-image\"><img loading=\"lazy\" decoding=\"async\" width=\"760\" height=\"555\" src=\"https:\/\/danidrops.com.br\/wp-content\/uploads\/2022\/05\/12-Loiro-acinzentado-com-castanho-claro.jpg\" alt=\"Blond cendr\u00e9 avec ch\u00e2tain clair\" class=\"wp-image-27593\" title=\"12 Blond cendr\u00e9 avec ch\u00e2tain clair - Ash Blonde Hair 2025 - Voir plus de 200 inspirations pour la tendance cheveux blond cendr\u00e9\" srcset=\"https:\/\/danidrops.com.br\/wp-content\/uploads\/2022\/05\/12-Loiro-acinzentado-com-castanho-claro.jpg 760w, https:\/\/danidrops.com.br\/wp-content\/uploads\/2022\/05\/12-Loiro-acinzentado-com-castanho-claro-300x219.jpg 300w, https:\/\/danidrops.com.br\/wp-content\/uploads\/2022\/05\/12-Loiro-acinzentado-com-castanho-claro-150x110.jpg 150w\" sizes=\"auto, (max-width: 760px) 100vw, 760px\" \/><figcaption class=\"wp-element-caption\">Blond cendr\u00e9 avec ch\u00e2tain clair<\/figcaption><\/figure>\n\n\n\n<figure class=\"wp-block-image\"><img loading=\"lazy\" decoding=\"async\" width=\"760\" height=\"555\" src=\"https:\/\/danidrops.com.br\/wp-content\/uploads\/2022\/05\/11-Loiro-acinzentado-com-castanho-claro.jpg\" alt=\"Blond cendr\u00e9 avec ch\u00e2tain clair\" class=\"wp-image-27592\" title=\"11 Blond cendr\u00e9 avec ch\u00e2tain clair - Ash Blonde Hair 2025 - Voir plus de 200 inspirations pour la tendance cheveux blond cendr\u00e9\" srcset=\"https:\/\/danidrops.com.br\/wp-content\/uploads\/2022\/05\/11-Loiro-acinzentado-com-castanho-claro.jpg 760w, https:\/\/danidrops.com.br\/wp-content\/uploads\/2022\/05\/11-Loiro-acinzentado-com-castanho-claro-300x219.jpg 300w, https:\/\/danidrops.com.br\/wp-content\/uploads\/2022\/05\/11-Loiro-acinzentado-com-castanho-claro-150x110.jpg 150w\" sizes=\"auto, (max-width: 760px) 100vw, 760px\" \/><figcaption class=\"wp-element-caption\">Blond cendr\u00e9 avec ch\u00e2tain clair<\/figcaption><\/figure>\n\n\n\n<h2 class=\"wp-block-heading\"><span class=\"ez-toc-section\" id=\"Loiro_acinzentado_com_castanho_claro\"><\/span>Blond cendr\u00e9 avec ch\u00e2tain clair<span class=\"ez-toc-section-end\"><\/span><\/h2>\n\n\n\n<p>Le blond cendr\u00e9 au ch\u00e2tain clair est une astuce pour ceux qui ne veulent pas perdre le naturel des cheveux fonc\u00e9s, mais qui veulent une touche charmante \u00e0 leur apparence pour renouveler leur look.<\/p>\n\n\n\n<figure class=\"wp-block-image\"><img loading=\"lazy\" decoding=\"async\" width=\"760\" height=\"555\" src=\"https:\/\/danidrops.com.br\/wp-content\/uploads\/2022\/05\/10-Loiro-acinzentado-com-castanho-claro.jpg\" alt=\"Blond cendr\u00e9 avec ch\u00e2tain clair\" class=\"wp-image-27594\" title=\"10 Blond cendr\u00e9 avec ch\u00e2tain clair - Ash Blonde Hair 2025 - Voir plus de 200 inspirations pour la tendance cheveux blond cendr\u00e9\" srcset=\"https:\/\/danidrops.com.br\/wp-content\/uploads\/2022\/05\/10-Loiro-acinzentado-com-castanho-claro.jpg 760w, https:\/\/danidrops.com.br\/wp-content\/uploads\/2022\/05\/10-Loiro-acinzentado-com-castanho-claro-300x219.jpg 300w, https:\/\/danidrops.com.br\/wp-content\/uploads\/2022\/05\/10-Loiro-acinzentado-com-castanho-claro-150x110.jpg 150w\" sizes=\"auto, (max-width: 760px) 100vw, 760px\" \/><figcaption class=\"wp-element-caption\">Blond cendr\u00e9 avec ch\u00e2tain clair<\/figcaption><\/figure>\n\n\n\n<p>Cette nuance correspond \u00e0 tout type de cheveux, boucl\u00e9s, ondul\u00e9s, boucl\u00e9s ou raides. Le style doux et discret offre une polyvalence pour chaque moment de la journ\u00e9e.<\/p>\n\n\n\n<figure class=\"wp-block-image\"><img loading=\"lazy\" decoding=\"async\" width=\"760\" height=\"555\" src=\"https:\/\/danidrops.com.br\/wp-content\/uploads\/2022\/05\/12-Loiro-acinzentado-com-castanho-claro.jpg\" alt=\"Blond cendr\u00e9 avec ch\u00e2tain clair\" class=\"wp-image-27593\" title=\"12 Blond cendr\u00e9 avec ch\u00e2tain clair - Ash Blonde Hair 2025 - Voir plus de 200 inspirations pour la tendance cheveux blond cendr\u00e9\" srcset=\"https:\/\/danidrops.com.br\/wp-content\/uploads\/2022\/05\/12-Loiro-acinzentado-com-castanho-claro.jpg 760w, https:\/\/danidrops.com.br\/wp-content\/uploads\/2022\/05\/12-Loiro-acinzentado-com-castanho-claro-300x219.jpg 300w, https:\/\/danidrops.com.br\/wp-content\/uploads\/2022\/05\/12-Loiro-acinzentado-com-castanho-claro-150x110.jpg 150w\" sizes=\"auto, (max-width: 760px) 100vw, 760px\" \/><figcaption class=\"wp-element-caption\">Blond cendr\u00e9 avec ch\u00e2tain clair<\/figcaption><\/figure>\n\n\n\n<figure class=\"wp-block-image\"><img loading=\"lazy\" decoding=\"async\" width=\"760\" height=\"555\" src=\"https:\/\/danidrops.com.br\/wp-content\/uploads\/2022\/05\/11-Loiro-acinzentado-com-castanho-claro.jpg\" alt=\"Blond cendr\u00e9 avec ch\u00e2tain clair\" class=\"wp-image-27592\" title=\"11 Blond cendr\u00e9 avec ch\u00e2tain clair - Ash Blonde Hair 2025 - Voir plus de 200 inspirations pour la tendance cheveux blond cendr\u00e9\" srcset=\"https:\/\/danidrops.com.br\/wp-content\/uploads\/2022\/05\/11-Loiro-acinzentado-com-castanho-claro.jpg 760w, https:\/\/danidrops.com.br\/wp-content\/uploads\/2022\/05\/11-Loiro-acinzentado-com-castanho-claro-300x219.jpg 300w, https:\/\/danidrops.com.br\/wp-content\/uploads\/2022\/05\/11-Loiro-acinzentado-com-castanho-claro-150x110.jpg 150w\" sizes=\"auto, (max-width: 760px) 100vw, 760px\" \/><figcaption class=\"wp-element-caption\">Blond cendr\u00e9 avec ch\u00e2tain clair<\/figcaption><\/figure>\n\n\n\n<h2 class=\"wp-block-heading\"><span class=\"ez-toc-section\" id=\"Loiro_acinzentado_dourado\"><\/span>blond cendr\u00e9 dor\u00e9<span class=\"ez-toc-section-end\"><\/span><\/h2>\n\n\n\n<p>Pour illuminer davantage la beaut\u00e9 f\u00e9minine, le blond cendr\u00e9 dor\u00e9 est une nuance qui apporte des reflets chauds et froids \u00e0 la fois, provoquant un effet moderne.<\/p>\n\n\n\n<figure class=\"wp-block-image\"><img loading=\"lazy\" decoding=\"async\" width=\"760\" height=\"555\" src=\"https:\/\/danidrops.com.br\/wp-content\/uploads\/2022\/05\/13-Loiro-acinzentado-dourado.jpg\" alt=\"blond cendr\u00e9 dor\u00e9\" class=\"wp-image-27591\" title=\"13 Blond cendr\u00e9 dor\u00e9 - Ash Blonde Hair 2025 - Voir plus de 200 inspirations pour la tendance cheveux blond cendr\u00e9\" srcset=\"https:\/\/danidrops.com.br\/wp-content\/uploads\/2022\/05\/13-Loiro-acinzentado-dourado.jpg 760w, https:\/\/danidrops.com.br\/wp-content\/uploads\/2022\/05\/13-Loiro-acinzentado-dourado-300x219.jpg 300w, https:\/\/danidrops.com.br\/wp-content\/uploads\/2022\/05\/13-Loiro-acinzentado-dourado-150x110.jpg 150w\" sizes=\"auto, (max-width: 760px) 100vw, 760px\" \/><figcaption class=\"wp-element-caption\">blond cendr\u00e9 dor\u00e9<\/figcaption><\/figure>\n\n\n\n<p>Cette nuance se marie bien avec diff\u00e9rents tons de peau et est le choix id\u00e9al pour ceux qui veulent un look sophistiqu\u00e9 mais \u00e9clair\u00e9.<\/p>\n\n\n\n<figure class=\"wp-block-image\"><img loading=\"lazy\" decoding=\"async\" width=\"760\" height=\"555\" src=\"https:\/\/danidrops.com.br\/wp-content\/uploads\/2022\/05\/15-Loiro-acinzentado-dourado.jpg\" alt=\"blond cendr\u00e9 dor\u00e9\" class=\"wp-image-27590\" title=\"15 Blond cendr\u00e9 dor\u00e9 - Ash Blonde Hair 2025 - Voir plus de 200 inspirations pour la tendance cheveux blond cendr\u00e9\" srcset=\"https:\/\/danidrops.com.br\/wp-content\/uploads\/2022\/05\/15-Loiro-acinzentado-dourado.jpg 760w, https:\/\/danidrops.com.br\/wp-content\/uploads\/2022\/05\/15-Loiro-acinzentado-dourado-300x219.jpg 300w, https:\/\/danidrops.com.br\/wp-content\/uploads\/2022\/05\/15-Loiro-acinzentado-dourado-150x110.jpg 150w\" sizes=\"auto, (max-width: 760px) 100vw, 760px\" \/><figcaption class=\"wp-element-caption\">blond cendr\u00e9 dor\u00e9<\/figcaption><\/figure>\n\n\n\n<figure class=\"wp-block-image\"><img loading=\"lazy\" decoding=\"async\" width=\"760\" height=\"555\" src=\"https:\/\/danidrops.com.br\/wp-content\/uploads\/2022\/05\/14-Loiro-acinzentado-dourado.jpg\" alt=\"blond cendr\u00e9 dor\u00e9\" class=\"wp-image-27589\" title=\"14 Blond cendr\u00e9 dor\u00e9 - Ash Blonde Hair 2025 - Voir plus de 200 inspirations pour la tendance cheveux blond cendr\u00e9\" srcset=\"https:\/\/danidrops.com.br\/wp-content\/uploads\/2022\/05\/14-Loiro-acinzentado-dourado.jpg 760w, https:\/\/danidrops.com.br\/wp-content\/uploads\/2022\/05\/14-Loiro-acinzentado-dourado-300x219.jpg 300w, https:\/\/danidrops.com.br\/wp-content\/uploads\/2022\/05\/14-Loiro-acinzentado-dourado-150x110.jpg 150w\" sizes=\"auto, (max-width: 760px) 100vw, 760px\" \/><figcaption class=\"wp-element-caption\">blond cendr\u00e9 dor\u00e9<\/figcaption><\/figure>\n\n\n\n<h2 class=\"wp-block-heading\"><span class=\"ez-toc-section\" id=\"Loiro_acinzentado_escuro\"><\/span>blond fonc\u00e9 cendr\u00e9<span class=\"ez-toc-section-end\"><\/span><\/h2>\n\n\n\n<p>Si l&#039;id\u00e9e est d&#039;entrer dans la saison hivernale avec un look relook\u00e9, le blond cendr\u00e9 fonc\u00e9 est un choix incroyable. Cette nuance sophistiqu\u00e9e et \u00e9l\u00e9gante est tr\u00e8s demand\u00e9e \u00e0 la p\u00e9riode la plus froide de l&#039;ann\u00e9e.<\/p>\n\n\n\n<figure class=\"wp-block-image\"><img loading=\"lazy\" decoding=\"async\" width=\"760\" height=\"555\" src=\"https:\/\/danidrops.com.br\/wp-content\/uploads\/2022\/05\/16-Loiro-acinzentado-escuro.jpg\" alt=\"blond fonc\u00e9 cendr\u00e9\" class=\"wp-image-27588\" title=\"16 Blond cendr\u00e9 fonc\u00e9 - Ash Blonde Hair 2025 - Voir plus de 200 inspirations pour la tendance cheveux blond cendr\u00e9\" srcset=\"https:\/\/danidrops.com.br\/wp-content\/uploads\/2022\/05\/16-Loiro-acinzentado-escuro.jpg 760w, https:\/\/danidrops.com.br\/wp-content\/uploads\/2022\/05\/16-Loiro-acinzentado-escuro-300x219.jpg 300w, https:\/\/danidrops.com.br\/wp-content\/uploads\/2022\/05\/16-Loiro-acinzentado-escuro-150x110.jpg 150w\" sizes=\"auto, (max-width: 760px) 100vw, 760px\" \/><figcaption class=\"wp-element-caption\">blond fonc\u00e9 cendr\u00e9<\/figcaption><\/figure>\n\n\n\n<p>De plus, ce style pla\u00eet aux femmes qui veulent \u00e9claircir leurs cheveux, mais sans miser sur les couleurs jaun\u00e2tres, le blond gris fonc\u00e9 obtient un effet diff\u00e9renci\u00e9 sans perdre son originalit\u00e9.<\/p>\n\n\n\n<figure class=\"wp-block-image\"><img loading=\"lazy\" decoding=\"async\" width=\"760\" height=\"555\" src=\"https:\/\/danidrops.com.br\/wp-content\/uploads\/2022\/05\/18-Loiro-acinzentado-escuro.jpg\" alt=\"blond fonc\u00e9 cendr\u00e9\" class=\"wp-image-27587\" title=\"18 Blond cendr\u00e9 fonc\u00e9 - Ash Blonde Hair 2025 - Voir plus de 200 inspirations pour la tendance cheveux blond cendr\u00e9\" srcset=\"https:\/\/danidrops.com.br\/wp-content\/uploads\/2022\/05\/18-Loiro-acinzentado-escuro.jpg 760w, https:\/\/danidrops.com.br\/wp-content\/uploads\/2022\/05\/18-Loiro-acinzentado-escuro-300x219.jpg 300w, https:\/\/danidrops.com.br\/wp-content\/uploads\/2022\/05\/18-Loiro-acinzentado-escuro-150x110.jpg 150w\" sizes=\"auto, (max-width: 760px) 100vw, 760px\" \/><figcaption class=\"wp-element-caption\">blond fonc\u00e9 cendr\u00e9<\/figcaption><\/figure>\n\n\n\n<figure class=\"wp-block-image\"><img loading=\"lazy\" decoding=\"async\" width=\"760\" height=\"555\" src=\"https:\/\/danidrops.com.br\/wp-content\/uploads\/2022\/05\/17-Loiro-acinzentado-escuro.jpg\" alt=\"blond fonc\u00e9 cendr\u00e9\" class=\"wp-image-27586\" title=\"17 Blond cendr\u00e9 fonc\u00e9 - Ash Blonde Hair 2025 - Voir plus de 200 inspirations pour la tendance cheveux blond cendr\u00e9\" srcset=\"https:\/\/danidrops.com.br\/wp-content\/uploads\/2022\/05\/17-Loiro-acinzentado-escuro.jpg 760w, https:\/\/danidrops.com.br\/wp-content\/uploads\/2022\/05\/17-Loiro-acinzentado-escuro-300x219.jpg 300w, https:\/\/danidrops.com.br\/wp-content\/uploads\/2022\/05\/17-Loiro-acinzentado-escuro-150x110.jpg 150w\" sizes=\"auto, (max-width: 760px) 100vw, 760px\" \/><figcaption class=\"wp-element-caption\">blond fonc\u00e9 cendr\u00e9<\/figcaption><\/figure>\n\n\n\n<h2 class=\"wp-block-heading\"><span class=\"ez-toc-section\" id=\"Loiro_acinzentado_platinado\"><\/span>blond platine cendr\u00e9<span class=\"ez-toc-section-end\"><\/span><\/h2>\n\n\n\n<p>La blonde cendr\u00e9e platine est pour ceux qui aiment avoir un impact, une teinte diff\u00e9rente comme celle-ci attire beaucoup l&#039;attention, en particulier chez les jeunes femmes.<\/p>\n\n\n\n<figure class=\"wp-block-image\"><img loading=\"lazy\" decoding=\"async\" width=\"760\" height=\"555\" src=\"https:\/\/danidrops.com.br\/wp-content\/uploads\/2022\/05\/19-Loiro-acinzentado-platinado.jpg\" alt=\"blond platine cendr\u00e9\" class=\"wp-image-27585\" title=\"19 Blond cendr\u00e9 platine - Ash Blonde Hair 2025 - Voir plus de 200 inspirations pour la tendance cheveux blond cendr\u00e9\" srcset=\"https:\/\/danidrops.com.br\/wp-content\/uploads\/2022\/05\/19-Loiro-acinzentado-platinado.jpg 760w, https:\/\/danidrops.com.br\/wp-content\/uploads\/2022\/05\/19-Loiro-acinzentado-platinado-300x219.jpg 300w, https:\/\/danidrops.com.br\/wp-content\/uploads\/2022\/05\/19-Loiro-acinzentado-platinado-150x110.jpg 150w\" sizes=\"auto, (max-width: 760px) 100vw, 760px\" \/><figcaption class=\"wp-element-caption\">blond platine cendr\u00e9<\/figcaption><\/figure>\n\n\n\n<p>La proposition est que la base est plus claire et les m\u00e8ches grises sont froides, donnant l&#039;effet platine. Ce style convient aussi bien aux peaux claires qu&#039;aux peaux fonc\u00e9es.<\/p>\n\n\n\n<figure class=\"wp-block-image\"><img loading=\"lazy\" decoding=\"async\" width=\"760\" height=\"555\" src=\"https:\/\/danidrops.com.br\/wp-content\/uploads\/2022\/05\/21-Loiro-acinzentado-platinado.jpg\" alt=\"blond platine cendr\u00e9\" class=\"wp-image-27584\" title=\"21 Blond cendr\u00e9 platine - Ash Blonde Hair 2025 - Voir plus de 200 inspirations pour la tendance cheveux blond cendr\u00e9\" srcset=\"https:\/\/danidrops.com.br\/wp-content\/uploads\/2022\/05\/21-Loiro-acinzentado-platinado.jpg 760w, https:\/\/danidrops.com.br\/wp-content\/uploads\/2022\/05\/21-Loiro-acinzentado-platinado-300x219.jpg 300w, https:\/\/danidrops.com.br\/wp-content\/uploads\/2022\/05\/21-Loiro-acinzentado-platinado-150x110.jpg 150w\" sizes=\"auto, (max-width: 760px) 100vw, 760px\" \/><figcaption class=\"wp-element-caption\">blond platine cendr\u00e9<\/figcaption><\/figure>\n\n\n\n<figure class=\"wp-block-image\"><img loading=\"lazy\" decoding=\"async\" width=\"760\" height=\"555\" src=\"https:\/\/danidrops.com.br\/wp-content\/uploads\/2022\/05\/20-Loiro-acinzentado-platinado.jpg\" alt=\"blond platine cendr\u00e9\" class=\"wp-image-27583\" title=\"20 Blond cendr\u00e9 platine - Ash Blonde Hair 2025 - Voir plus de 200 inspirations pour la tendance cheveux blond cendr\u00e9\" srcset=\"https:\/\/danidrops.com.br\/wp-content\/uploads\/2022\/05\/20-Loiro-acinzentado-platinado.jpg 760w, https:\/\/danidrops.com.br\/wp-content\/uploads\/2022\/05\/20-Loiro-acinzentado-platinado-300x219.jpg 300w, https:\/\/danidrops.com.br\/wp-content\/uploads\/2022\/05\/20-Loiro-acinzentado-platinado-150x110.jpg 150w\" sizes=\"auto, (max-width: 760px) 100vw, 760px\" \/><figcaption class=\"wp-element-caption\">blond platine cendr\u00e9<\/figcaption><\/figure>\n\n\n\n<h2 class=\"wp-block-heading\"><span class=\"ez-toc-section\" id=\"Loiro_acinzentado_jumbo\"><\/span>blond cendr\u00e9 g\u00e9ant<span class=\"ez-toc-section-end\"><\/span><\/h2>\n\n\n\n<p>Si vous voulez changer votre look pour des tons plus froids sans perdre l&#039;essence des cheveux noirs, le blond jumbo cendr\u00e9 peut \u00eatre le choix id\u00e9al.<\/p>\n\n\n\n<figure class=\"wp-block-image\"><img loading=\"lazy\" decoding=\"async\" width=\"760\" height=\"555\" src=\"https:\/\/danidrops.com.br\/wp-content\/uploads\/2022\/05\/24-Loiro-acinzentado-jumbo.jpg\" alt=\"blond cendr\u00e9 g\u00e9ant\" class=\"wp-image-27582\" title=\"24 Jumbo Ash Blonde - Ash Blonde Hair 2025 - Voir plus de 200 inspirations pour la tendance cheveux blond cendr\u00e9\" srcset=\"https:\/\/danidrops.com.br\/wp-content\/uploads\/2022\/05\/24-Loiro-acinzentado-jumbo.jpg 760w, https:\/\/danidrops.com.br\/wp-content\/uploads\/2022\/05\/24-Loiro-acinzentado-jumbo-300x219.jpg 300w, https:\/\/danidrops.com.br\/wp-content\/uploads\/2022\/05\/24-Loiro-acinzentado-jumbo-150x110.jpg 150w\" sizes=\"auto, (max-width: 760px) 100vw, 760px\" \/><figcaption class=\"wp-element-caption\">blond cendr\u00e9 g\u00e9ant<\/figcaption><\/figure>\n\n\n\n<p>En plus d&#039;\u00eatre \u00e9l\u00e9gante, cette nuance maintient la br\u00e9silit\u00e9 des femmes aux cheveux avec des m\u00e8ches grises, mais avec une base jumbo, qui fait r\u00e9f\u00e9rence aux couleurs de la terre.<\/p>\n\n\n\n<figure class=\"wp-block-image\"><img loading=\"lazy\" decoding=\"async\" width=\"760\" height=\"555\" src=\"https:\/\/danidrops.com.br\/wp-content\/uploads\/2022\/05\/23-Loiro-acinzentado-jumbo.jpg\" alt=\"blond cendr\u00e9 g\u00e9ant\" class=\"wp-image-27581\" title=\"23 Jumbo Ash Blonde - Ash Blonde Hair 2025 - Voir plus de 200 inspirations pour la tendance cheveux blond cendr\u00e9\" srcset=\"https:\/\/danidrops.com.br\/wp-content\/uploads\/2022\/05\/23-Loiro-acinzentado-jumbo.jpg 760w, https:\/\/danidrops.com.br\/wp-content\/uploads\/2022\/05\/23-Loiro-acinzentado-jumbo-300x219.jpg 300w, https:\/\/danidrops.com.br\/wp-content\/uploads\/2022\/05\/23-Loiro-acinzentado-jumbo-150x110.jpg 150w\" sizes=\"auto, (max-width: 760px) 100vw, 760px\" \/><figcaption class=\"wp-element-caption\">blond cendr\u00e9 g\u00e9ant<\/figcaption><\/figure>\n\n\n\n<figure class=\"wp-block-image\"><img loading=\"lazy\" decoding=\"async\" width=\"760\" height=\"555\" src=\"https:\/\/danidrops.com.br\/wp-content\/uploads\/2022\/05\/22-Loiro-acinzentado-jumbo.jpg\" alt=\"blond cendr\u00e9 g\u00e9ant\" class=\"wp-image-27580\" title=\"22 Jumbo Ash Blonde - Ash Blonde Hair 2025 - Voir plus de 200 inspirations pour la tendance cheveux blond cendr\u00e9\" srcset=\"https:\/\/danidrops.com.br\/wp-content\/uploads\/2022\/05\/22-Loiro-acinzentado-jumbo.jpg 760w, https:\/\/danidrops.com.br\/wp-content\/uploads\/2022\/05\/22-Loiro-acinzentado-jumbo-300x219.jpg 300w, https:\/\/danidrops.com.br\/wp-content\/uploads\/2022\/05\/22-Loiro-acinzentado-jumbo-150x110.jpg 150w\" sizes=\"auto, (max-width: 760px) 100vw, 760px\" \/><figcaption class=\"wp-element-caption\">blond cendr\u00e9 g\u00e9ant<\/figcaption><\/figure>\n\n\n\n<h2 class=\"wp-block-heading\"><span class=\"ez-toc-section\" id=\"Loiro_acinzentado_em_cabelos_pretos\"><\/span>blond cendr\u00e9 aux cheveux noirs<span class=\"ez-toc-section-end\"><\/span><\/h2>\n\n\n\n<p>Beaucoup de femmes aux cheveux noirs se demandent s&#039;il est possible de passer \u00e0 un nouveau look. Non seulement c&#039;est possible, mais ils peuvent aussi obtenir un effet tr\u00e8s cool.<\/p>\n\n\n\n<figure class=\"wp-block-image\"><img loading=\"lazy\" decoding=\"async\" width=\"760\" height=\"555\" src=\"https:\/\/danidrops.com.br\/wp-content\/uploads\/2022\/05\/25-Loiro-acinzentado-em-cabelos-pretos.jpg\" alt=\"blond cendr\u00e9 aux cheveux noirs\" class=\"wp-image-27579\" title=\"25 Blond cendr\u00e9 sur cheveux noirs - Ash Blonde Hair 2025 - Voir plus de 200 inspirations pour la tendance cheveux blond cendr\u00e9\" srcset=\"https:\/\/danidrops.com.br\/wp-content\/uploads\/2022\/05\/25-Loiro-acinzentado-em-cabelos-pretos.jpg 760w, https:\/\/danidrops.com.br\/wp-content\/uploads\/2022\/05\/25-Loiro-acinzentado-em-cabelos-pretos-300x219.jpg 300w, https:\/\/danidrops.com.br\/wp-content\/uploads\/2022\/05\/25-Loiro-acinzentado-em-cabelos-pretos-150x110.jpg 150w\" sizes=\"auto, (max-width: 760px) 100vw, 760px\" \/><figcaption class=\"wp-element-caption\">blond cendr\u00e9 aux cheveux noirs<\/figcaption><\/figure>\n\n\n\n<p>Le blond cendr\u00e9 sur cheveux noirs est une r\u00e9ussite et permet un beau relooking dans le style, sans avoir besoin de changer la couleur de base des cheveux.<\/p>\n\n\n\n<figure class=\"wp-block-image\"><img loading=\"lazy\" decoding=\"async\" width=\"760\" height=\"555\" src=\"https:\/\/danidrops.com.br\/wp-content\/uploads\/2022\/05\/27-Loiro-acinzentado-em-cabelos-pretos.jpg\" alt=\"blond cendr\u00e9 aux cheveux noirs\" class=\"wp-image-27578\" title=\"27 Blond cendr\u00e9 sur cheveux noirs - Ash Blonde Hair 2025 - Voir plus de 200 inspirations pour la tendance cheveux blond cendr\u00e9\" srcset=\"https:\/\/danidrops.com.br\/wp-content\/uploads\/2022\/05\/27-Loiro-acinzentado-em-cabelos-pretos.jpg 760w, https:\/\/danidrops.com.br\/wp-content\/uploads\/2022\/05\/27-Loiro-acinzentado-em-cabelos-pretos-300x219.jpg 300w, https:\/\/danidrops.com.br\/wp-content\/uploads\/2022\/05\/27-Loiro-acinzentado-em-cabelos-pretos-150x110.jpg 150w\" sizes=\"auto, (max-width: 760px) 100vw, 760px\" \/><figcaption class=\"wp-element-caption\">blond cendr\u00e9 aux cheveux noirs<\/figcaption><\/figure>\n\n\n\n<figure class=\"wp-block-image\"><img loading=\"lazy\" decoding=\"async\" width=\"760\" height=\"555\" src=\"https:\/\/danidrops.com.br\/wp-content\/uploads\/2022\/05\/26-Loiro-acinzentado-em-cabelos-pretos.jpg\" alt=\"blond cendr\u00e9 aux cheveux noirs\" class=\"wp-image-27577\" title=\"26 Blond cendr\u00e9 sur cheveux noirs - Ash Blonde Hair 2025 - Voir plus de 200 inspirations pour la tendance cheveux blond cendr\u00e9\" srcset=\"https:\/\/danidrops.com.br\/wp-content\/uploads\/2022\/05\/26-Loiro-acinzentado-em-cabelos-pretos.jpg 760w, https:\/\/danidrops.com.br\/wp-content\/uploads\/2022\/05\/26-Loiro-acinzentado-em-cabelos-pretos-300x219.jpg 300w, https:\/\/danidrops.com.br\/wp-content\/uploads\/2022\/05\/26-Loiro-acinzentado-em-cabelos-pretos-150x110.jpg 150w\" sizes=\"auto, (max-width: 760px) 100vw, 760px\" \/><figcaption class=\"wp-element-caption\">blond cendr\u00e9 aux cheveux noirs<\/figcaption><\/figure>\n\n\n\n<h2 class=\"wp-block-heading\"><span class=\"ez-toc-section\" id=\"Loiro_acinzentado_ombre_hair\"><\/span>cheveux ombr\u00e9s blond cendr\u00e9<span class=\"ez-toc-section-end\"><\/span><\/h2>\n\n\n\n<p>La technique appel\u00e9e \u00abombre hair\u00bb est bien connue dans le monde entier, c&#039;est un style qui cherche \u00e0 rendre les m\u00e8ches peintes plus naturelles et plus cool.<\/p>\n\n\n\n<figure class=\"wp-block-image\"><img loading=\"lazy\" decoding=\"async\" width=\"760\" height=\"555\" src=\"https:\/\/danidrops.com.br\/wp-content\/uploads\/2022\/05\/28-Loiro-acinzentado-ombre-hair.jpg\" alt=\"cheveux ombr\u00e9s blond cendr\u00e9\" class=\"wp-image-27576\" title=\"28 Cheveux ombr\u00e9s blond cendr\u00e9 - Ash Blonde Hair 2025 - Voir plus de 200 inspirations pour la tendance cheveux blond cendr\u00e9\" srcset=\"https:\/\/danidrops.com.br\/wp-content\/uploads\/2022\/05\/28-Loiro-acinzentado-ombre-hair.jpg 760w, https:\/\/danidrops.com.br\/wp-content\/uploads\/2022\/05\/28-Loiro-acinzentado-ombre-hair-300x219.jpg 300w, https:\/\/danidrops.com.br\/wp-content\/uploads\/2022\/05\/28-Loiro-acinzentado-ombre-hair-150x110.jpg 150w\" sizes=\"auto, (max-width: 760px) 100vw, 760px\" \/><figcaption class=\"wp-element-caption\">cheveux ombr\u00e9s blond cendr\u00e9<\/figcaption><\/figure>\n\n\n\n<p>Dans les cheveux ombr\u00e9s blond cendr\u00e9, l&#039;id\u00e9e est la m\u00eame, gardez la racine de votre couleur blonde et faites les reflets gris du milieu des m\u00e8ches vers le bas.<\/p>\n\n\n\n<figure class=\"wp-block-image\"><img loading=\"lazy\" decoding=\"async\" width=\"760\" height=\"555\" src=\"https:\/\/danidrops.com.br\/wp-content\/uploads\/2022\/05\/30-Loiro-acinzentado-ombre-hair.jpg\" alt=\"cheveux ombr\u00e9s blond cendr\u00e9\" class=\"wp-image-27575\" title=\"30 Cheveux ombr\u00e9s blond cendr\u00e9 - Ash Blonde Hair 2025 - Voir plus de 200 inspirations pour la tendance cheveux blond cendr\u00e9\" srcset=\"https:\/\/danidrops.com.br\/wp-content\/uploads\/2022\/05\/30-Loiro-acinzentado-ombre-hair.jpg 760w, https:\/\/danidrops.com.br\/wp-content\/uploads\/2022\/05\/30-Loiro-acinzentado-ombre-hair-300x219.jpg 300w, https:\/\/danidrops.com.br\/wp-content\/uploads\/2022\/05\/30-Loiro-acinzentado-ombre-hair-150x110.jpg 150w\" sizes=\"auto, (max-width: 760px) 100vw, 760px\" \/><figcaption class=\"wp-element-caption\">cheveux ombr\u00e9s blond cendr\u00e9<\/figcaption><\/figure>\n\n\n\n<figure class=\"wp-block-image\"><img loading=\"lazy\" decoding=\"async\" width=\"760\" height=\"555\" src=\"https:\/\/danidrops.com.br\/wp-content\/uploads\/2022\/05\/29-Loiro-acinzentado-ombre-hair.jpg\" alt=\"cheveux ombr\u00e9s blond cendr\u00e9\" class=\"wp-image-27574\" title=\"29 Cheveux ombr\u00e9s blond cendr\u00e9 - Ash Blonde Hair 2025 - Voir plus de 200 inspirations pour la tendance cheveux blond cendr\u00e9\" srcset=\"https:\/\/danidrops.com.br\/wp-content\/uploads\/2022\/05\/29-Loiro-acinzentado-ombre-hair.jpg 760w, https:\/\/danidrops.com.br\/wp-content\/uploads\/2022\/05\/29-Loiro-acinzentado-ombre-hair-300x219.jpg 300w, https:\/\/danidrops.com.br\/wp-content\/uploads\/2022\/05\/29-Loiro-acinzentado-ombre-hair-150x110.jpg 150w\" sizes=\"auto, (max-width: 760px) 100vw, 760px\" \/><figcaption class=\"wp-element-caption\">cheveux ombr\u00e9s blond cendr\u00e9<\/figcaption><\/figure>\n\n\n\n<h2 class=\"wp-block-heading\"><span class=\"ez-toc-section\" id=\"Loiro_acinzentado_cobre\"><\/span>blond cendr\u00e9 cuivr\u00e9<span class=\"ez-toc-section-end\"><\/span><\/h2>\n\n\n\n<p>Le cuivre est tr\u00e8s haut dans le regard, c&#039;est un ton rouge\u00e2tre chaud qui fait beaucoup r\u00e9f\u00e9rence \u00e0 la rousse. Pour ceux qui veulent ajouter cette nuance \u00e0 leurs m\u00e8ches, mais pas 100%, le blond cendr\u00e9 cuivr\u00e9 est une option.<\/p>\n\n\n\n<figure class=\"wp-block-image\"><img loading=\"lazy\" decoding=\"async\" width=\"760\" height=\"555\" src=\"https:\/\/danidrops.com.br\/wp-content\/uploads\/2022\/05\/31-Loiro-acinzentado-cobre.jpg\" alt=\"blond cendr\u00e9 cuivr\u00e9\" class=\"wp-image-27573\" title=\"31 Blond cendr\u00e9 cuivr\u00e9 - Ash Blonde Hair 2025 - Voir plus de 200 inspirations pour la tendance cheveux blond cendr\u00e9\" srcset=\"https:\/\/danidrops.com.br\/wp-content\/uploads\/2022\/05\/31-Loiro-acinzentado-cobre.jpg 760w, https:\/\/danidrops.com.br\/wp-content\/uploads\/2022\/05\/31-Loiro-acinzentado-cobre-300x219.jpg 300w, https:\/\/danidrops.com.br\/wp-content\/uploads\/2022\/05\/31-Loiro-acinzentado-cobre-150x110.jpg 150w\" sizes=\"auto, (max-width: 760px) 100vw, 760px\" \/><figcaption class=\"wp-element-caption\">blond cendr\u00e9 cuivr\u00e9<\/figcaption><\/figure>\n\n\n\n<p>Sophistiqu\u00e9 et \u00e9l\u00e9gant, il convient aux femmes \u00e0 la peau claire ou ros\u00e9e, mais il peut aussi provoquer un effet audacieux sur les brunes en raison du contraste des couleurs.<\/p>\n\n\n\n<figure class=\"wp-block-image\"><img loading=\"lazy\" decoding=\"async\" width=\"760\" height=\"555\" src=\"https:\/\/danidrops.com.br\/wp-content\/uploads\/2022\/05\/33-Loiro-acinzentado-cobre.jpg\" alt=\"blond cendr\u00e9 cuivr\u00e9\" class=\"wp-image-27572\" title=\"33 Blond cendr\u00e9 cuivr\u00e9 - Ash Blonde Hair 2025 - Voir plus de 200 inspirations pour la tendance cheveux blond cendr\u00e9\" srcset=\"https:\/\/danidrops.com.br\/wp-content\/uploads\/2022\/05\/33-Loiro-acinzentado-cobre.jpg 760w, https:\/\/danidrops.com.br\/wp-content\/uploads\/2022\/05\/33-Loiro-acinzentado-cobre-300x219.jpg 300w, https:\/\/danidrops.com.br\/wp-content\/uploads\/2022\/05\/33-Loiro-acinzentado-cobre-150x110.jpg 150w\" sizes=\"auto, (max-width: 760px) 100vw, 760px\" \/><figcaption class=\"wp-element-caption\">blond cendr\u00e9 cuivr\u00e9<\/figcaption><\/figure>\n\n\n\n<figure class=\"wp-block-image\"><img loading=\"lazy\" decoding=\"async\" width=\"760\" height=\"555\" src=\"https:\/\/danidrops.com.br\/wp-content\/uploads\/2022\/05\/32-Loiro-acinzentado-cobre.jpg\" alt=\"blond cendr\u00e9 cuivr\u00e9\" class=\"wp-image-27571\" title=\"32 Blond cendr\u00e9 cuivr\u00e9 - Ash Blonde Hair 2025 - Voir plus de 200 inspirations pour la tendance cheveux blond cendr\u00e9\" srcset=\"https:\/\/danidrops.com.br\/wp-content\/uploads\/2022\/05\/32-Loiro-acinzentado-cobre.jpg 760w, https:\/\/danidrops.com.br\/wp-content\/uploads\/2022\/05\/32-Loiro-acinzentado-cobre-300x219.jpg 300w, https:\/\/danidrops.com.br\/wp-content\/uploads\/2022\/05\/32-Loiro-acinzentado-cobre-150x110.jpg 150w\" sizes=\"auto, (max-width: 760px) 100vw, 760px\" \/><figcaption class=\"wp-element-caption\">blond cendr\u00e9 cuivr\u00e9<\/figcaption><\/figure>\n\n\n\n<h2 class=\"wp-block-heading\"><span class=\"ez-toc-section\" id=\"Loiro_acinzentado_iluminado\"><\/span>Blond cendr\u00e9 illumin\u00e9<span class=\"ez-toc-section-end\"><\/span><\/h2>\n\n\n\n<p>Le blond cendr\u00e9 \u00e9clair\u00e9 est le style parfait pour ceux qui veulent illuminer leur beaut\u00e9 sans opter pour les tons plus dor\u00e9s et jaunes.&nbsp;<\/p>\n\n\n\n<figure class=\"wp-block-image\"><img loading=\"lazy\" decoding=\"async\" width=\"760\" height=\"555\" src=\"https:\/\/danidrops.com.br\/wp-content\/uploads\/2022\/05\/36-Loiro-acinzentado-iluminado.jpg\" alt=\"Blond cendr\u00e9 illumin\u00e9\" class=\"wp-image-27570\" title=\"36 Blond cendr\u00e9 brillant - Ash Blonde Hair 2025 - Voir plus de 200 inspirations pour la tendance cheveux blond cendr\u00e9\" srcset=\"https:\/\/danidrops.com.br\/wp-content\/uploads\/2022\/05\/36-Loiro-acinzentado-iluminado.jpg 760w, https:\/\/danidrops.com.br\/wp-content\/uploads\/2022\/05\/36-Loiro-acinzentado-iluminado-300x219.jpg 300w, https:\/\/danidrops.com.br\/wp-content\/uploads\/2022\/05\/36-Loiro-acinzentado-iluminado-150x110.jpg 150w\" sizes=\"auto, (max-width: 760px) 100vw, 760px\" \/><figcaption class=\"wp-element-caption\">Blond cendr\u00e9 illumin\u00e9<\/figcaption><\/figure>\n\n\n\n<p>Pour cela, les m\u00e8ches grises sont r\u00e9alis\u00e9es dans une teinte plus pro\u00e9minente par rapport \u00e0 la couleur de base des cheveux et \u00e9galement en plus grande quantit\u00e9. \u00c9clairage plus sophistiqu\u00e9.<\/p>\n\n\n\n<figure class=\"wp-block-image\"><img loading=\"lazy\" decoding=\"async\" width=\"760\" height=\"555\" src=\"https:\/\/danidrops.com.br\/wp-content\/uploads\/2022\/05\/35-Loiro-acinzentado-iluminado.jpg\" alt=\"Blond cendr\u00e9 illumin\u00e9\" class=\"wp-image-27569\" title=\"35 Blond cendr\u00e9 brillant - Ash Blonde Hair 2025 - Voir plus de 200 inspirations pour la tendance cheveux blond cendr\u00e9\" srcset=\"https:\/\/danidrops.com.br\/wp-content\/uploads\/2022\/05\/35-Loiro-acinzentado-iluminado.jpg 760w, https:\/\/danidrops.com.br\/wp-content\/uploads\/2022\/05\/35-Loiro-acinzentado-iluminado-300x219.jpg 300w, https:\/\/danidrops.com.br\/wp-content\/uploads\/2022\/05\/35-Loiro-acinzentado-iluminado-150x110.jpg 150w\" sizes=\"auto, (max-width: 760px) 100vw, 760px\" \/><figcaption class=\"wp-element-caption\">Blond cendr\u00e9 illumin\u00e9<\/figcaption><\/figure>\n\n\n\n<figure class=\"wp-block-image\"><img loading=\"lazy\" decoding=\"async\" width=\"760\" height=\"555\" src=\"https:\/\/danidrops.com.br\/wp-content\/uploads\/2022\/05\/34-Loiro-acinzentado-iluminado.jpg\" alt=\"Blond cendr\u00e9 illumin\u00e9\" class=\"wp-image-27568\" title=\"34 Blond cendr\u00e9 brillant - Ash Blonde Hair 2025 - Voir plus de 200 inspirations pour la tendance cheveux blond cendr\u00e9\" srcset=\"https:\/\/danidrops.com.br\/wp-content\/uploads\/2022\/05\/34-Loiro-acinzentado-iluminado.jpg 760w, https:\/\/danidrops.com.br\/wp-content\/uploads\/2022\/05\/34-Loiro-acinzentado-iluminado-300x219.jpg 300w, https:\/\/danidrops.com.br\/wp-content\/uploads\/2022\/05\/34-Loiro-acinzentado-iluminado-150x110.jpg 150w\" sizes=\"auto, (max-width: 760px) 100vw, 760px\" \/><figcaption class=\"wp-element-caption\">Blond cendr\u00e9 illumin\u00e9<\/figcaption><\/figure>\n\n\n\n<h2 class=\"wp-block-heading\"><span class=\"ez-toc-section\" id=\"Loiro_acinzentado_em_cabelo_cacheado\"><\/span>Blond cendr\u00e9 aux cheveux boucl\u00e9s<span class=\"ez-toc-section-end\"><\/span><\/h2>\n\n\n\n<p>Les boucles gagnent encore plus en importance avec la touche charmante offerte par cette nuance. Le blond cendr\u00e9 aux cheveux boucl\u00e9s est une tendance dans les salons de beaut\u00e9.<\/p>\n\n\n\n<figure class=\"wp-block-image\"><img loading=\"lazy\" decoding=\"async\" width=\"760\" height=\"555\" src=\"https:\/\/danidrops.com.br\/wp-content\/uploads\/2022\/05\/37-Loiro-acinzentado-em-cabelo-cacheado.jpg\" alt=\"Blond cendr\u00e9 aux cheveux boucl\u00e9s\" class=\"wp-image-27567\" title=\"37 Blond cendr\u00e9 sur cheveux boucl\u00e9s - Ash Blonde Hair 2025 - Voir plus de 200 inspirations pour la tendance cheveux blond cendr\u00e9\" srcset=\"https:\/\/danidrops.com.br\/wp-content\/uploads\/2022\/05\/37-Loiro-acinzentado-em-cabelo-cacheado.jpg 760w, https:\/\/danidrops.com.br\/wp-content\/uploads\/2022\/05\/37-Loiro-acinzentado-em-cabelo-cacheado-300x219.jpg 300w, https:\/\/danidrops.com.br\/wp-content\/uploads\/2022\/05\/37-Loiro-acinzentado-em-cabelo-cacheado-150x110.jpg 150w\" sizes=\"auto, (max-width: 760px) 100vw, 760px\" \/><figcaption class=\"wp-element-caption\">Blond cendr\u00e9 aux cheveux boucl\u00e9s<\/figcaption><\/figure>\n\n\n\n<p>En raison des m\u00e8ches grises, les boucles sont plus mod\u00e8les et en \u00e9vidence, tout ce que les femmes veulent le plus pour mettre en valeur leurs m\u00e8ches naturelles.<\/p>\n\n\n\n<figure class=\"wp-block-image\"><img loading=\"lazy\" decoding=\"async\" width=\"760\" height=\"555\" src=\"https:\/\/danidrops.com.br\/wp-content\/uploads\/2022\/05\/39-Loiro-acinzentado-em-cabelo-cacheado.jpg\" alt=\"Blond cendr\u00e9 aux cheveux boucl\u00e9s\" class=\"wp-image-27566\" title=\"39 Blond cendr\u00e9 sur cheveux boucl\u00e9s - Ash Blonde Hair 2025 - Voir plus de 200 inspirations pour la tendance cheveux blond cendr\u00e9\" srcset=\"https:\/\/danidrops.com.br\/wp-content\/uploads\/2022\/05\/39-Loiro-acinzentado-em-cabelo-cacheado.jpg 760w, https:\/\/danidrops.com.br\/wp-content\/uploads\/2022\/05\/39-Loiro-acinzentado-em-cabelo-cacheado-300x219.jpg 300w, https:\/\/danidrops.com.br\/wp-content\/uploads\/2022\/05\/39-Loiro-acinzentado-em-cabelo-cacheado-150x110.jpg 150w\" sizes=\"auto, (max-width: 760px) 100vw, 760px\" \/><figcaption class=\"wp-element-caption\">Blond cendr\u00e9 aux cheveux boucl\u00e9s<\/figcaption><\/figure>\n\n\n\n<figure class=\"wp-block-image\"><img loading=\"lazy\" decoding=\"async\" width=\"760\" height=\"555\" src=\"https:\/\/danidrops.com.br\/wp-content\/uploads\/2022\/05\/38-Loiro-acinzentado-em-cabelo-cacheado.jpg\" alt=\"Blond cendr\u00e9 aux cheveux boucl\u00e9s\" class=\"wp-image-27565\" title=\"38 Blond cendr\u00e9 sur cheveux boucl\u00e9s - Ash Blonde Hair 2025 - Voir plus de 200 inspirations pour la tendance cheveux blond cendr\u00e9\" srcset=\"https:\/\/danidrops.com.br\/wp-content\/uploads\/2022\/05\/38-Loiro-acinzentado-em-cabelo-cacheado.jpg 760w, https:\/\/danidrops.com.br\/wp-content\/uploads\/2022\/05\/38-Loiro-acinzentado-em-cabelo-cacheado-300x219.jpg 300w, https:\/\/danidrops.com.br\/wp-content\/uploads\/2022\/05\/38-Loiro-acinzentado-em-cabelo-cacheado-150x110.jpg 150w\" sizes=\"auto, (max-width: 760px) 100vw, 760px\" \/><figcaption class=\"wp-element-caption\">Blond cendr\u00e9 aux cheveux boucl\u00e9s<\/figcaption><\/figure>\n\n\n\n<h2 class=\"wp-block-heading\"><span class=\"ez-toc-section\" id=\"Loiro_acinzentado_em_negras\"><\/span>blond cendr\u00e9 sur noir<span class=\"ez-toc-section-end\"><\/span><\/h2>\n\n\n\n<p>Le blond cendr\u00e9 est l&#039;une des teintes qui conviennent le mieux aux femmes \u00e0 la peau noire, id\u00e9ale pour les femmes aux personnalit\u00e9s funky et qui souhaitent un relooking dans leur look.<\/p>\n\n\n\n<figure class=\"wp-block-image\"><img loading=\"lazy\" decoding=\"async\" width=\"760\" height=\"555\" src=\"https:\/\/danidrops.com.br\/wp-content\/uploads\/2022\/05\/40-Loiro-acinzentado-em-negras.jpg\" alt=\"blond cendr\u00e9 sur noir\" class=\"wp-image-27564\" title=\"40 Blond cendr\u00e9 sur femmes noires - Ash Blonde Hair 2025 - Voir plus de 200 inspirations pour la tendance cheveux blond cendr\u00e9\" srcset=\"https:\/\/danidrops.com.br\/wp-content\/uploads\/2022\/05\/40-Loiro-acinzentado-em-negras.jpg 760w, https:\/\/danidrops.com.br\/wp-content\/uploads\/2022\/05\/40-Loiro-acinzentado-em-negras-300x219.jpg 300w, https:\/\/danidrops.com.br\/wp-content\/uploads\/2022\/05\/40-Loiro-acinzentado-em-negras-150x110.jpg 150w\" sizes=\"auto, (max-width: 760px) 100vw, 760px\" \/><figcaption class=\"wp-element-caption\">blond cendr\u00e9 sur noir<\/figcaption><\/figure>\n\n\n\n<p>Le contraste des couleurs souligne la beaut\u00e9 naturelle et cr\u00e9e un effet sophistiqu\u00e9, pour ceux qui veulent \u00e9claircir encore plus les m\u00e8ches, vous pouvez choisir d&#039;ajouter des nuances telles que le cuivre.<\/p>\n\n\n\n<figure class=\"wp-block-image\"><img loading=\"lazy\" decoding=\"async\" width=\"760\" height=\"555\" src=\"https:\/\/danidrops.com.br\/wp-content\/uploads\/2022\/05\/42-Loiro-acinzentado-em-negras.jpg\" alt=\"blond cendr\u00e9 sur noir\" class=\"wp-image-27563\" title=\"42 Blond cendr\u00e9 sur femmes noires - Ash Blonde Hair 2025 - Voir plus de 200 inspirations pour la tendance cheveux blond cendr\u00e9\" srcset=\"https:\/\/danidrops.com.br\/wp-content\/uploads\/2022\/05\/42-Loiro-acinzentado-em-negras.jpg 760w, https:\/\/danidrops.com.br\/wp-content\/uploads\/2022\/05\/42-Loiro-acinzentado-em-negras-300x219.jpg 300w, https:\/\/danidrops.com.br\/wp-content\/uploads\/2022\/05\/42-Loiro-acinzentado-em-negras-150x110.jpg 150w\" sizes=\"auto, (max-width: 760px) 100vw, 760px\" \/><figcaption class=\"wp-element-caption\">blond cendr\u00e9 sur noir<\/figcaption><\/figure>\n\n\n\n<figure class=\"wp-block-image\"><img loading=\"lazy\" decoding=\"async\" width=\"760\" height=\"555\" src=\"https:\/\/danidrops.com.br\/wp-content\/uploads\/2022\/05\/41-Loiro-acinzentado-em-negras.jpg\" alt=\"blond cendr\u00e9 sur noir\" class=\"wp-image-27562\" title=\"41 Blond cendr\u00e9 sur femmes noires - Ash Blonde Hair 2025 - Voir plus de 200 inspirations pour la tendance cheveux blond cendr\u00e9\" srcset=\"https:\/\/danidrops.com.br\/wp-content\/uploads\/2022\/05\/41-Loiro-acinzentado-em-negras.jpg 760w, https:\/\/danidrops.com.br\/wp-content\/uploads\/2022\/05\/41-Loiro-acinzentado-em-negras-300x219.jpg 300w, https:\/\/danidrops.com.br\/wp-content\/uploads\/2022\/05\/41-Loiro-acinzentado-em-negras-150x110.jpg 150w\" sizes=\"auto, (max-width: 760px) 100vw, 760px\" \/><figcaption class=\"wp-element-caption\">blond cendr\u00e9 sur noir<\/figcaption><\/figure>\n\n\n\n<h2 class=\"wp-block-heading\"><span class=\"ez-toc-section\" id=\"Loiro_acinzentado_crespo\"><\/span>blond cendr\u00e9 boucl\u00e9<span class=\"ez-toc-section-end\"><\/span><\/h2>\n\n\n\n<p>Comme pour les cheveux boucl\u00e9s, les cheveux boucl\u00e9s blond cendr\u00e9 sont un style qui met en valeur les traits et offre beaucoup de personnalit\u00e9 au look des femmes.<\/p>\n\n\n\n<figure class=\"wp-block-image\"><img loading=\"lazy\" decoding=\"async\" width=\"760\" height=\"555\" src=\"https:\/\/danidrops.com.br\/wp-content\/uploads\/2022\/05\/43-Loiro-acinzentado-crespo.jpg\" alt=\"blond cendr\u00e9 boucl\u00e9\" class=\"wp-image-27619\" title=\"43 Blond cendr\u00e9 cr\u00e9pus - Ash Blonde Hair 2025 - Voir plus de 200 inspirations pour la tendance cheveux blond cendr\u00e9\" srcset=\"https:\/\/danidrops.com.br\/wp-content\/uploads\/2022\/05\/43-Loiro-acinzentado-crespo.jpg 760w, https:\/\/danidrops.com.br\/wp-content\/uploads\/2022\/05\/43-Loiro-acinzentado-crespo-300x219.jpg 300w, https:\/\/danidrops.com.br\/wp-content\/uploads\/2022\/05\/43-Loiro-acinzentado-crespo-150x110.jpg 150w\" sizes=\"auto, (max-width: 760px) 100vw, 760px\" \/><figcaption class=\"wp-element-caption\">blond cendr\u00e9 boucl\u00e9<\/figcaption><\/figure>\n\n\n\n<p>Pour ceux qui veulent \u00e9claircir encore plus les m\u00e8ches, vous pouvez miser sur d&#039;autres nuances de blond cendr\u00e9, comme le platine plus froid ou l&#039;or plus chaud.<\/p>\n\n\n\n<figure class=\"wp-block-image\"><img loading=\"lazy\" decoding=\"async\" width=\"760\" height=\"555\" src=\"https:\/\/danidrops.com.br\/wp-content\/uploads\/2022\/05\/45-Loiro-acinzentado-crespo.jpg\" alt=\"blond cendr\u00e9 boucl\u00e9\" class=\"wp-image-27618\" title=\"45 Blond cendr\u00e9 cr\u00e9pus - Ash Blonde Hair 2025 - Voir plus de 200 inspirations pour la tendance cheveux blond cendr\u00e9\" srcset=\"https:\/\/danidrops.com.br\/wp-content\/uploads\/2022\/05\/45-Loiro-acinzentado-crespo.jpg 760w, https:\/\/danidrops.com.br\/wp-content\/uploads\/2022\/05\/45-Loiro-acinzentado-crespo-300x219.jpg 300w, https:\/\/danidrops.com.br\/wp-content\/uploads\/2022\/05\/45-Loiro-acinzentado-crespo-150x110.jpg 150w\" sizes=\"auto, (max-width: 760px) 100vw, 760px\" \/><figcaption class=\"wp-element-caption\">blond cendr\u00e9 boucl\u00e9<\/figcaption><\/figure>\n\n\n\n<figure class=\"wp-block-image\"><img loading=\"lazy\" decoding=\"async\" width=\"760\" height=\"555\" src=\"https:\/\/danidrops.com.br\/wp-content\/uploads\/2022\/05\/44-Loiro-acinzentado-crespo.jpg\" alt=\"blond cendr\u00e9 boucl\u00e9\" class=\"wp-image-27617\" title=\"44 Blond cendr\u00e9 cr\u00e9pus - Ash Blonde Hair 2025 - Voir plus de 200 inspirations pour la tendance cheveux blond cendr\u00e9\" srcset=\"https:\/\/danidrops.com.br\/wp-content\/uploads\/2022\/05\/44-Loiro-acinzentado-crespo.jpg 760w, https:\/\/danidrops.com.br\/wp-content\/uploads\/2022\/05\/44-Loiro-acinzentado-crespo-300x219.jpg 300w, https:\/\/danidrops.com.br\/wp-content\/uploads\/2022\/05\/44-Loiro-acinzentado-crespo-150x110.jpg 150w\" sizes=\"auto, (max-width: 760px) 100vw, 760px\" \/><figcaption class=\"wp-element-caption\">blond cendr\u00e9 boucl\u00e9<\/figcaption><\/figure>\n\n\n\n<h2 class=\"wp-block-heading\"><span class=\"ez-toc-section\" id=\"Loiro_acinzentado_natural\"><\/span>blond cendr\u00e9 naturel<span class=\"ez-toc-section-end\"><\/span><\/h2>\n\n\n\n<p>Si l&#039;objectif est de changer le look sans perdre l&#039;essence d&#039;origine, il est possible d&#039;obtenir une teinte naturelle de blond cendr\u00e9.<\/p>\n\n\n\n<figure class=\"wp-block-image\"><img loading=\"lazy\" decoding=\"async\" width=\"760\" height=\"555\" src=\"https:\/\/danidrops.com.br\/wp-content\/uploads\/2022\/05\/46-Loiro-acinzentado-natural.jpg\" alt=\"blond cendr\u00e9 naturel\" class=\"wp-image-27561\" title=\"46 Blond cendr\u00e9 naturel - Ash Blonde Hair 2025 - Voir plus de 200 inspirations pour la tendance cheveux blond cendr\u00e9\" srcset=\"https:\/\/danidrops.com.br\/wp-content\/uploads\/2022\/05\/46-Loiro-acinzentado-natural.jpg 760w, https:\/\/danidrops.com.br\/wp-content\/uploads\/2022\/05\/46-Loiro-acinzentado-natural-300x219.jpg 300w, https:\/\/danidrops.com.br\/wp-content\/uploads\/2022\/05\/46-Loiro-acinzentado-natural-150x110.jpg 150w\" sizes=\"auto, (max-width: 760px) 100vw, 760px\" \/><figcaption class=\"wp-element-caption\">blond cendr\u00e9 naturel<\/figcaption><\/figure>\n\n\n\n<p>Les reflets m\u00e9talliques peuvent se faire de mani\u00e8re douce et discr\u00e8te, comme s&#039;ils se perdaient au milieu des autres brins. Ainsi, les cheveux acqui\u00e8rent un charme sans exc\u00e8s.<\/p>\n\n\n\n<figure class=\"wp-block-image\"><img loading=\"lazy\" decoding=\"async\" width=\"760\" height=\"555\" src=\"https:\/\/danidrops.com.br\/wp-content\/uploads\/2022\/05\/48-Loiro-acinzentado-natural.jpg\" alt=\"blond cendr\u00e9 naturel\" class=\"wp-image-27560\" title=\"48 Blond cendr\u00e9 naturel - Ash Blonde Hair 2025 - Voir plus de 200 inspirations pour la tendance cheveux blond cendr\u00e9\" srcset=\"https:\/\/danidrops.com.br\/wp-content\/uploads\/2022\/05\/48-Loiro-acinzentado-natural.jpg 760w, https:\/\/danidrops.com.br\/wp-content\/uploads\/2022\/05\/48-Loiro-acinzentado-natural-300x219.jpg 300w, https:\/\/danidrops.com.br\/wp-content\/uploads\/2022\/05\/48-Loiro-acinzentado-natural-150x110.jpg 150w\" sizes=\"auto, (max-width: 760px) 100vw, 760px\" \/><figcaption class=\"wp-element-caption\">blond cendr\u00e9 naturel<\/figcaption><\/figure>\n\n\n\n<figure class=\"wp-block-image\"><img loading=\"lazy\" decoding=\"async\" width=\"760\" height=\"555\" src=\"https:\/\/danidrops.com.br\/wp-content\/uploads\/2022\/05\/47-Loiro-acinzentado-natural.jpg\" alt=\"blond cendr\u00e9 naturel\" class=\"wp-image-27559\" title=\"47 Blond cendr\u00e9 naturel - Ash Blonde Hair 2025 - Voir plus de 200 inspirations pour la tendance cheveux blond cendr\u00e9\" srcset=\"https:\/\/danidrops.com.br\/wp-content\/uploads\/2022\/05\/47-Loiro-acinzentado-natural.jpg 760w, https:\/\/danidrops.com.br\/wp-content\/uploads\/2022\/05\/47-Loiro-acinzentado-natural-300x219.jpg 300w, https:\/\/danidrops.com.br\/wp-content\/uploads\/2022\/05\/47-Loiro-acinzentado-natural-150x110.jpg 150w\" sizes=\"auto, (max-width: 760px) 100vw, 760px\" \/><figcaption class=\"wp-element-caption\">blond cendr\u00e9 naturel<\/figcaption><\/figure>\n\n\n\n<h2 class=\"wp-block-heading\"><span class=\"ez-toc-section\" id=\"Loiro_acinzentado_luzes\"><\/span>lumi\u00e8res blond cendr\u00e9<span class=\"ez-toc-section-end\"><\/span><\/h2>\n\n\n\n<p>Pour changer de look et illuminer votre beaut\u00e9 naturelle, il existe des nuances de blond qui peuvent \u00eatre utilis\u00e9es en douceur ou en intensit\u00e9 dans la composition d&#039;une coiffure.<\/p>\n\n\n\n<figure class=\"wp-block-image\"><img loading=\"lazy\" decoding=\"async\" width=\"760\" height=\"555\" src=\"https:\/\/danidrops.com.br\/wp-content\/uploads\/2022\/05\/49-Loiro-acinzentado-luzes.jpg\" alt=\"lumi\u00e8res blond cendr\u00e9\" class=\"wp-image-27558\" title=\"49 reflets blond cendr\u00e9 - Ash Blonde Hair 2025 - Voir plus de 200 inspirations pour la tendance cheveux blond cendr\u00e9\" srcset=\"https:\/\/danidrops.com.br\/wp-content\/uploads\/2022\/05\/49-Loiro-acinzentado-luzes.jpg 760w, https:\/\/danidrops.com.br\/wp-content\/uploads\/2022\/05\/49-Loiro-acinzentado-luzes-300x219.jpg 300w, https:\/\/danidrops.com.br\/wp-content\/uploads\/2022\/05\/49-Loiro-acinzentado-luzes-150x110.jpg 150w\" sizes=\"auto, (max-width: 760px) 100vw, 760px\" \/><figcaption class=\"wp-element-caption\">lumi\u00e8res blond cendr\u00e9<\/figcaption><\/figure>\n\n\n\n<p>Une excellente option est les reflets blonds cendr\u00e9s qui illuminent les m\u00e8ches de mani\u00e8re sophistiqu\u00e9e, l\u00e9g\u00e8re et moderne. Miser sur des tons froids est hyper tendance.<\/p>\n\n\n\n<figure class=\"wp-block-image\"><img loading=\"lazy\" decoding=\"async\" width=\"760\" height=\"555\" src=\"https:\/\/danidrops.com.br\/wp-content\/uploads\/2022\/05\/51-Loiro-acinzentado-luzes.jpg\" alt=\"lumi\u00e8res blond cendr\u00e9\" class=\"wp-image-27557\" title=\"51 reflets blond cendr\u00e9 - Ash Blonde Hair 2025 - Voir plus de 200 inspirations pour la tendance cheveux blond cendr\u00e9\" srcset=\"https:\/\/danidrops.com.br\/wp-content\/uploads\/2022\/05\/51-Loiro-acinzentado-luzes.jpg 760w, https:\/\/danidrops.com.br\/wp-content\/uploads\/2022\/05\/51-Loiro-acinzentado-luzes-300x219.jpg 300w, https:\/\/danidrops.com.br\/wp-content\/uploads\/2022\/05\/51-Loiro-acinzentado-luzes-150x110.jpg 150w\" sizes=\"auto, (max-width: 760px) 100vw, 760px\" \/><figcaption class=\"wp-element-caption\">lumi\u00e8res blond cendr\u00e9<\/figcaption><\/figure>\n\n\n\n<figure class=\"wp-block-image\"><img loading=\"lazy\" decoding=\"async\" width=\"760\" height=\"555\" src=\"https:\/\/danidrops.com.br\/wp-content\/uploads\/2022\/05\/50-Loiro-acinzentado-luzes.jpg\" alt=\"lumi\u00e8res blond cendr\u00e9\" class=\"wp-image-27556\" title=\"50 reflets blond cendr\u00e9 - Ash Blonde Hair 2025 - Voir plus de 200 inspirations pour la tendance cheveux blond cendr\u00e9\" srcset=\"https:\/\/danidrops.com.br\/wp-content\/uploads\/2022\/05\/50-Loiro-acinzentado-luzes.jpg 760w, https:\/\/danidrops.com.br\/wp-content\/uploads\/2022\/05\/50-Loiro-acinzentado-luzes-300x219.jpg 300w, https:\/\/danidrops.com.br\/wp-content\/uploads\/2022\/05\/50-Loiro-acinzentado-luzes-150x110.jpg 150w\" sizes=\"auto, (max-width: 760px) 100vw, 760px\" \/><figcaption class=\"wp-element-caption\">lumi\u00e8res blond cendr\u00e9<\/figcaption><\/figure>\n\n\n\n<h2 class=\"wp-block-heading\"><span class=\"ez-toc-section\" id=\"Loiro_acinzentado_mechas\"><\/span>reflets blond cendr\u00e9<span class=\"ez-toc-section-end\"><\/span><\/h2>\n\n\n\n<p>Les m\u00e8ches sont des parties de cheveux que vous choisissez de colorer dans un autre ton pour cr\u00e9er un effet diff\u00e9rent sur le look. Ils peuvent \u00eatre en grande ou en petite quantit\u00e9, selon le go\u00fbt de chacun.<\/p>\n\n\n\n<figure class=\"wp-block-image\"><img loading=\"lazy\" decoding=\"async\" width=\"760\" height=\"555\" src=\"https:\/\/danidrops.com.br\/wp-content\/uploads\/2022\/05\/52-Loiro-acinzentado-mechas.jpg\" alt=\"reflets blond cendr\u00e9\" class=\"wp-image-27555\" title=\"52 reflets blond cendr\u00e9 - Ash Blonde Hair 2025 - Voir plus de 200 inspirations pour la tendance cheveux blond cendr\u00e9\" srcset=\"https:\/\/danidrops.com.br\/wp-content\/uploads\/2022\/05\/52-Loiro-acinzentado-mechas.jpg 760w, https:\/\/danidrops.com.br\/wp-content\/uploads\/2022\/05\/52-Loiro-acinzentado-mechas-300x219.jpg 300w, https:\/\/danidrops.com.br\/wp-content\/uploads\/2022\/05\/52-Loiro-acinzentado-mechas-150x110.jpg 150w\" sizes=\"auto, (max-width: 760px) 100vw, 760px\" \/><figcaption class=\"wp-element-caption\">reflets blond cendr\u00e9<\/figcaption><\/figure>\n\n\n\n<p>Une teinte incroyable peut \u00eatre obtenue par les m\u00e8ches plus froides blond cendr\u00e9 qui donnent un look \u00e9l\u00e9gant et correspondent \u00e0 toutes les couleurs de peau.<\/p>\n\n\n\n<figure class=\"wp-block-image\"><img loading=\"lazy\" decoding=\"async\" width=\"760\" height=\"555\" src=\"https:\/\/danidrops.com.br\/wp-content\/uploads\/2022\/05\/54-Loiro-acinzentado-mechas.jpg\" alt=\"reflets blond cendr\u00e9\" class=\"wp-image-27554\" title=\"54 reflets blond cendr\u00e9 - Ash Blonde Hair 2025 - Voir plus de 200 inspirations pour la tendance cheveux blond cendr\u00e9\" srcset=\"https:\/\/danidrops.com.br\/wp-content\/uploads\/2022\/05\/54-Loiro-acinzentado-mechas.jpg 760w, https:\/\/danidrops.com.br\/wp-content\/uploads\/2022\/05\/54-Loiro-acinzentado-mechas-300x219.jpg 300w, https:\/\/danidrops.com.br\/wp-content\/uploads\/2022\/05\/54-Loiro-acinzentado-mechas-150x110.jpg 150w\" sizes=\"auto, (max-width: 760px) 100vw, 760px\" \/><figcaption class=\"wp-element-caption\">reflets blond cendr\u00e9<\/figcaption><\/figure>\n\n\n\n<figure class=\"wp-block-image\"><img loading=\"lazy\" decoding=\"async\" width=\"760\" height=\"555\" src=\"https:\/\/danidrops.com.br\/wp-content\/uploads\/2022\/05\/53-Loiro-acinzentado-mechas.jpg\" alt=\"reflets blond cendr\u00e9\" class=\"wp-image-27553\" title=\"53 reflets blond cendr\u00e9 - Ash Blonde Hair 2025 - Voir plus de 200 inspirations pour la tendance cheveux blond cendr\u00e9\" srcset=\"https:\/\/danidrops.com.br\/wp-content\/uploads\/2022\/05\/53-Loiro-acinzentado-mechas.jpg 760w, https:\/\/danidrops.com.br\/wp-content\/uploads\/2022\/05\/53-Loiro-acinzentado-mechas-300x219.jpg 300w, https:\/\/danidrops.com.br\/wp-content\/uploads\/2022\/05\/53-Loiro-acinzentado-mechas-150x110.jpg 150w\" sizes=\"auto, (max-width: 760px) 100vw, 760px\" \/><figcaption class=\"wp-element-caption\">reflets blond cendr\u00e9<\/figcaption><\/figure>\n\n\n\n<h2 class=\"wp-block-heading\"><span class=\"ez-toc-section\" id=\"Loiro_acinzentado_medio\"><\/span>blond cendr\u00e9 moyen<span class=\"ez-toc-section-end\"><\/span><\/h2>\n\n\n\n<p>Le style blond cendr\u00e9 moyen est une couleur froide avec quelques reflets m\u00e9talliques, recherchant un \u00e9quilibre des nuances, le ton moyen donne un aspect plus doux.<\/p>\n\n\n\n<figure class=\"wp-block-image\"><img loading=\"lazy\" decoding=\"async\" width=\"760\" height=\"555\" src=\"https:\/\/danidrops.com.br\/wp-content\/uploads\/2022\/05\/55-Loiro-acinzentado-medio.jpg\" alt=\"blond cendr\u00e9 moyen\" class=\"wp-image-27552\" title=\"55 Blond cendr\u00e9 moyen - Ash Blonde Hair 2025 - Voir plus de 200 inspirations pour la tendance cheveux blond cendr\u00e9\" srcset=\"https:\/\/danidrops.com.br\/wp-content\/uploads\/2022\/05\/55-Loiro-acinzentado-medio.jpg 760w, https:\/\/danidrops.com.br\/wp-content\/uploads\/2022\/05\/55-Loiro-acinzentado-medio-300x219.jpg 300w, https:\/\/danidrops.com.br\/wp-content\/uploads\/2022\/05\/55-Loiro-acinzentado-medio-150x110.jpg 150w\" sizes=\"auto, (max-width: 760px) 100vw, 760px\" \/><figcaption class=\"wp-element-caption\">blond cendr\u00e9 moyen<\/figcaption><\/figure>\n\n\n\n<p>Pour cette raison, le gris moyen est id\u00e9al pour les peaux claires ou ros\u00e9es, cr\u00e9ant un effet tr\u00e8s int\u00e9ressant dans le contraste des couleurs.<\/p>\n\n\n\n<figure class=\"wp-block-image\"><img loading=\"lazy\" decoding=\"async\" width=\"760\" height=\"555\" src=\"https:\/\/danidrops.com.br\/wp-content\/uploads\/2022\/05\/57-Loiro-acinzentado-medio.jpg\" alt=\"blond cendr\u00e9 moyen\" class=\"wp-image-27551\" title=\"57 Blond moyen cendr\u00e9 - Ash Blonde Hair 2025 - Voir plus de 200 inspirations pour la tendance cheveux blond cendr\u00e9\" srcset=\"https:\/\/danidrops.com.br\/wp-content\/uploads\/2022\/05\/57-Loiro-acinzentado-medio.jpg 760w, https:\/\/danidrops.com.br\/wp-content\/uploads\/2022\/05\/57-Loiro-acinzentado-medio-300x219.jpg 300w, https:\/\/danidrops.com.br\/wp-content\/uploads\/2022\/05\/57-Loiro-acinzentado-medio-150x110.jpg 150w\" sizes=\"auto, (max-width: 760px) 100vw, 760px\" \/><figcaption class=\"wp-element-caption\">blond cendr\u00e9 moyen<\/figcaption><\/figure>\n\n\n\n<figure class=\"wp-block-image\"><img loading=\"lazy\" decoding=\"async\" width=\"760\" height=\"555\" src=\"https:\/\/danidrops.com.br\/wp-content\/uploads\/2022\/05\/56-Loiro-acinzentado-medio.jpg\" alt=\"blond cendr\u00e9 moyen\" class=\"wp-image-27550\" title=\"56 Blond moyen cendr\u00e9 - Ash Blonde Hair 2025 - Voir plus de 200 inspirations pour la tendance cheveux blond cendr\u00e9\" srcset=\"https:\/\/danidrops.com.br\/wp-content\/uploads\/2022\/05\/56-Loiro-acinzentado-medio.jpg 760w, https:\/\/danidrops.com.br\/wp-content\/uploads\/2022\/05\/56-Loiro-acinzentado-medio-300x219.jpg 300w, https:\/\/danidrops.com.br\/wp-content\/uploads\/2022\/05\/56-Loiro-acinzentado-medio-150x110.jpg 150w\" sizes=\"auto, (max-width: 760px) 100vw, 760px\" \/><figcaption class=\"wp-element-caption\">blond cendr\u00e9 moyen<\/figcaption><\/figure>\n\n\n\n<h2 class=\"wp-block-heading\"><span class=\"ez-toc-section\" id=\"Loiro_acinzentado_estilosos\"><\/span>blond cendr\u00e9 \u00e9l\u00e9gant<span class=\"ez-toc-section-end\"><\/span><\/h2>\n\n\n\n<p>Il y a ceux qui n&#039;aiment pas le commun, pr\u00e9f\u00e8rent les looks les plus modernes et les plus diff\u00e9renci\u00e9s, cr\u00e9ant leur propre personnalit\u00e9 \u00e0 travers leurs cheveux.<\/p>\n\n\n\n<figure class=\"wp-block-image\"><img loading=\"lazy\" decoding=\"async\" width=\"760\" height=\"555\" src=\"https:\/\/danidrops.com.br\/wp-content\/uploads\/2022\/05\/58-Loiro-acinzentado-estilosos.jpg\" alt=\"blond cendr\u00e9 \u00e9l\u00e9gant\" class=\"wp-image-27549\" title=\"58 blondes cendr\u00e9es styl\u00e9es - Ash Blonde Hair 2025 - D\u00e9couvrez plus de 200 inspirations pour la tendance cheveux blond cendr\u00e9\" srcset=\"https:\/\/danidrops.com.br\/wp-content\/uploads\/2022\/05\/58-Loiro-acinzentado-estilosos.jpg 760w, https:\/\/danidrops.com.br\/wp-content\/uploads\/2022\/05\/58-Loiro-acinzentado-estilosos-300x219.jpg 300w, https:\/\/danidrops.com.br\/wp-content\/uploads\/2022\/05\/58-Loiro-acinzentado-estilosos-150x110.jpg 150w\" sizes=\"auto, (max-width: 760px) 100vw, 760px\" \/><figcaption class=\"wp-element-caption\">blond cendr\u00e9 \u00e9l\u00e9gant<\/figcaption><\/figure>\n\n\n\n<p>Une bonne astuce est les fils blonds cendr\u00e9s \u00e9l\u00e9gants avec une teinte plus froide, qui peuvent gagner en audace lorsqu&#039;on ajoute des touches de cuivre, de platine ou m\u00eame d&#039;or.<\/p>\n\n\n\n<figure class=\"wp-block-image\"><img loading=\"lazy\" decoding=\"async\" width=\"760\" height=\"555\" src=\"https:\/\/danidrops.com.br\/wp-content\/uploads\/2022\/05\/60-Loiro-acinzentado-estilosos.jpg\" alt=\"blond cendr\u00e9 \u00e9l\u00e9gant\" class=\"wp-image-27548\" title=\"60 blonds cendr\u00e9s styl\u00e9s - Ash Blonde Hair 2025 - D\u00e9couvrez plus de 200 inspirations pour la tendance cheveux blond cendr\u00e9\" srcset=\"https:\/\/danidrops.com.br\/wp-content\/uploads\/2022\/05\/60-Loiro-acinzentado-estilosos.jpg 760w, https:\/\/danidrops.com.br\/wp-content\/uploads\/2022\/05\/60-Loiro-acinzentado-estilosos-300x219.jpg 300w, https:\/\/danidrops.com.br\/wp-content\/uploads\/2022\/05\/60-Loiro-acinzentado-estilosos-150x110.jpg 150w\" sizes=\"auto, (max-width: 760px) 100vw, 760px\" \/><figcaption class=\"wp-element-caption\">blond cendr\u00e9 \u00e9l\u00e9gant<\/figcaption><\/figure>\n\n\n\n<figure class=\"wp-block-image\"><img loading=\"lazy\" decoding=\"async\" width=\"760\" height=\"555\" src=\"https:\/\/danidrops.com.br\/wp-content\/uploads\/2022\/05\/59-Loiro-acinzentado-estilosos.jpg\" alt=\"blond cendr\u00e9 \u00e9l\u00e9gant\" class=\"wp-image-27547\" title=\"59 blondes cendr\u00e9es styl\u00e9es - Ash Blonde Hair 2025 - D\u00e9couvrez plus de 200 inspirations pour la tendance cheveux blond cendr\u00e9\" srcset=\"https:\/\/danidrops.com.br\/wp-content\/uploads\/2022\/05\/59-Loiro-acinzentado-estilosos.jpg 760w, https:\/\/danidrops.com.br\/wp-content\/uploads\/2022\/05\/59-Loiro-acinzentado-estilosos-300x219.jpg 300w, https:\/\/danidrops.com.br\/wp-content\/uploads\/2022\/05\/59-Loiro-acinzentado-estilosos-150x110.jpg 150w\" sizes=\"auto, (max-width: 760px) 100vw, 760px\" \/><figcaption class=\"wp-element-caption\">blond cendr\u00e9 \u00e9l\u00e9gant<\/figcaption><\/figure>\n\n\n\n<h2 class=\"wp-block-heading\"><span class=\"ez-toc-section\" id=\"Loiro_acinzentado_intenso\"><\/span>Blond cendr\u00e9 intense<span class=\"ez-toc-section-end\"><\/span><\/h2>\n\n\n\n<p>Pour un effet blond cendr\u00e9 intense sur les cheveux, l&#039;astuce consiste \u00e0 investir dans de bonnes lumi\u00e8res, la quantit\u00e9 de m\u00e8ches teintes variera \u00e9galement dans l&#039;intensit\u00e9 qui provoque le regard.<\/p>\n\n\n\n<figure class=\"wp-block-image\"><img loading=\"lazy\" decoding=\"async\" width=\"760\" height=\"555\" src=\"https:\/\/danidrops.com.br\/wp-content\/uploads\/2022\/05\/61-Loiro-acinzentado-intenso.jpg\" alt=\"Blond cendr\u00e9 intense\" class=\"wp-image-27546\" title=\"61 Blond cendr\u00e9 intense - Ash Blonde Hair 2025 - Voir plus de 200 inspirations pour la tendance cheveux blond cendr\u00e9\" srcset=\"https:\/\/danidrops.com.br\/wp-content\/uploads\/2022\/05\/61-Loiro-acinzentado-intenso.jpg 760w, https:\/\/danidrops.com.br\/wp-content\/uploads\/2022\/05\/61-Loiro-acinzentado-intenso-300x219.jpg 300w, https:\/\/danidrops.com.br\/wp-content\/uploads\/2022\/05\/61-Loiro-acinzentado-intenso-150x110.jpg 150w\" sizes=\"auto, (max-width: 760px) 100vw, 760px\" \/><figcaption class=\"wp-element-caption\">Blond cendr\u00e9 intense<\/figcaption><\/figure>\n\n\n\n<p>Celles qui aiment les tons plus doux peuvent demander quelque chose de plus discret \u00e0 votre coiffeur, mais si vous \u00eates adepte de l&#039;audace, misez sur des m\u00e8ches bien marqu\u00e9es.<\/p>\n\n\n\n<figure class=\"wp-block-image\"><img loading=\"lazy\" decoding=\"async\" width=\"760\" height=\"555\" src=\"https:\/\/danidrops.com.br\/wp-content\/uploads\/2022\/05\/63-Loiro-acinzentado-intenso.jpg\" alt=\"Blond cendr\u00e9 intense\" class=\"wp-image-27545\" title=\"63 Blond cendr\u00e9 intense - Ash Blonde Hair 2025 - Voir plus de 200 inspirations pour la tendance cheveux blond cendr\u00e9\" srcset=\"https:\/\/danidrops.com.br\/wp-content\/uploads\/2022\/05\/63-Loiro-acinzentado-intenso.jpg 760w, https:\/\/danidrops.com.br\/wp-content\/uploads\/2022\/05\/63-Loiro-acinzentado-intenso-300x219.jpg 300w, https:\/\/danidrops.com.br\/wp-content\/uploads\/2022\/05\/63-Loiro-acinzentado-intenso-150x110.jpg 150w\" sizes=\"auto, (max-width: 760px) 100vw, 760px\" \/><figcaption class=\"wp-element-caption\">Blond cendr\u00e9 intense<\/figcaption><\/figure>\n\n\n\n<figure class=\"wp-block-image\"><img loading=\"lazy\" decoding=\"async\" width=\"760\" height=\"555\" src=\"https:\/\/danidrops.com.br\/wp-content\/uploads\/2022\/05\/62-Loiro-acinzentado-intenso.jpg\" alt=\"Blond cendr\u00e9 intense\" class=\"wp-image-27544\" title=\"62 Blond cendr\u00e9 intense - Ash Blonde Hair 2025 - Voir plus de 200 inspirations pour la tendance cheveux blond cendr\u00e9\" srcset=\"https:\/\/danidrops.com.br\/wp-content\/uploads\/2022\/05\/62-Loiro-acinzentado-intenso.jpg 760w, https:\/\/danidrops.com.br\/wp-content\/uploads\/2022\/05\/62-Loiro-acinzentado-intenso-300x219.jpg 300w, https:\/\/danidrops.com.br\/wp-content\/uploads\/2022\/05\/62-Loiro-acinzentado-intenso-150x110.jpg 150w\" sizes=\"auto, (max-width: 760px) 100vw, 760px\" \/><figcaption class=\"wp-element-caption\">Blond cendr\u00e9 intense<\/figcaption><\/figure>\n\n\n\n<h2 class=\"wp-block-heading\"><span class=\"ez-toc-section\" id=\"Loiro_acinzentado_longo\"><\/span>long blond cendr\u00e9<span class=\"ez-toc-section-end\"><\/span><\/h2>\n\n\n\n<p>Le long blond cendr\u00e9 donne un look incroyable aux femmes, l&#039;id\u00e9e est de jouer avec la longueur, de cr\u00e9er une racine fum\u00e9e et de r\u00e9partir le gris le long des m\u00e8ches.<\/p>\n\n\n\n<figure class=\"wp-block-image\"><img loading=\"lazy\" decoding=\"async\" width=\"760\" height=\"555\" src=\"https:\/\/danidrops.com.br\/wp-content\/uploads\/2022\/05\/64-Loiro-acinzentado-longo.jpg\" alt=\"long blond cendr\u00e9\" class=\"wp-image-27543\" title=\"64 Blond cendr\u00e9 long - Ash Blonde Hair 2025 - Voir plus de 200 inspirations pour la tendance cheveux blond cendr\u00e9\" srcset=\"https:\/\/danidrops.com.br\/wp-content\/uploads\/2022\/05\/64-Loiro-acinzentado-longo.jpg 760w, https:\/\/danidrops.com.br\/wp-content\/uploads\/2022\/05\/64-Loiro-acinzentado-longo-300x219.jpg 300w, https:\/\/danidrops.com.br\/wp-content\/uploads\/2022\/05\/64-Loiro-acinzentado-longo-150x110.jpg 150w\" sizes=\"auto, (max-width: 760px) 100vw, 760px\" \/><figcaption class=\"wp-element-caption\">long blond cendr\u00e9<\/figcaption><\/figure>\n\n\n\n<p>Cet effet sur les cheveux longs est une tendance tr\u00e8s recherch\u00e9e par ceux qui veulent relooker leur look de mani\u00e8re sophistiqu\u00e9e et moderne.<\/p>\n\n\n\n<figure class=\"wp-block-image\"><img loading=\"lazy\" decoding=\"async\" width=\"760\" height=\"555\" src=\"https:\/\/danidrops.com.br\/wp-content\/uploads\/2022\/05\/66-Loiro-acinzentado-longo.jpg\" alt=\"long blond cendr\u00e9\" class=\"wp-image-27542\" title=\"66 Blond cendr\u00e9 long - Ash Blonde Hair 2025 - Voir plus de 200 inspirations pour la tendance cheveux blond cendr\u00e9\" srcset=\"https:\/\/danidrops.com.br\/wp-content\/uploads\/2022\/05\/66-Loiro-acinzentado-longo.jpg 760w, https:\/\/danidrops.com.br\/wp-content\/uploads\/2022\/05\/66-Loiro-acinzentado-longo-300x219.jpg 300w, https:\/\/danidrops.com.br\/wp-content\/uploads\/2022\/05\/66-Loiro-acinzentado-longo-150x110.jpg 150w\" sizes=\"auto, (max-width: 760px) 100vw, 760px\" \/><figcaption class=\"wp-element-caption\">long blond cendr\u00e9<\/figcaption><\/figure>\n\n\n\n<figure class=\"wp-block-image\"><img loading=\"lazy\" decoding=\"async\" width=\"760\" height=\"555\" src=\"https:\/\/danidrops.com.br\/wp-content\/uploads\/2022\/05\/65-Loiro-acinzentado-longo.jpg\" alt=\"long blond cendr\u00e9\" class=\"wp-image-27541\" title=\"65 Blond cendr\u00e9 long - Ash Blonde Hair 2025 - Voir plus de 200 inspirations pour la tendance cheveux blond cendr\u00e9\" srcset=\"https:\/\/danidrops.com.br\/wp-content\/uploads\/2022\/05\/65-Loiro-acinzentado-longo.jpg 760w, https:\/\/danidrops.com.br\/wp-content\/uploads\/2022\/05\/65-Loiro-acinzentado-longo-300x219.jpg 300w, https:\/\/danidrops.com.br\/wp-content\/uploads\/2022\/05\/65-Loiro-acinzentado-longo-150x110.jpg 150w\" sizes=\"auto, (max-width: 760px) 100vw, 760px\" \/><figcaption class=\"wp-element-caption\">long blond cendr\u00e9<\/figcaption><\/figure>\n\n\n\n<h2 class=\"wp-block-heading\"><span class=\"ez-toc-section\" id=\"Loiro_acinzentado_curto\"><\/span>blond cendr\u00e9 court<span class=\"ez-toc-section-end\"><\/span><\/h2>\n\n\n\n<p>Une autre coiffure qui a le vent en poupe est le blond cendr\u00e9 court, c&#039;est un style moderne tr\u00e8s utilis\u00e9 par les jeunes femmes, mais qui a \u00e9galement conquis les femmes d&#039;autres \u00e2ges.<\/p>\n\n\n\n<figure class=\"wp-block-image\"><img loading=\"lazy\" decoding=\"async\" width=\"760\" height=\"555\" src=\"https:\/\/danidrops.com.br\/wp-content\/uploads\/2022\/05\/67-Loiro-acinzentado-curto.jpg\" alt=\"blond cendr\u00e9 court\" class=\"wp-image-27540\" title=\"67 Blond cendr\u00e9 court - Ash Blonde Hair 2025 - Voir plus de 200 inspirations pour la tendance cheveux blond cendr\u00e9\" srcset=\"https:\/\/danidrops.com.br\/wp-content\/uploads\/2022\/05\/67-Loiro-acinzentado-curto.jpg 760w, https:\/\/danidrops.com.br\/wp-content\/uploads\/2022\/05\/67-Loiro-acinzentado-curto-300x219.jpg 300w, https:\/\/danidrops.com.br\/wp-content\/uploads\/2022\/05\/67-Loiro-acinzentado-curto-150x110.jpg 150w\" sizes=\"auto, (max-width: 760px) 100vw, 760px\" \/><figcaption class=\"wp-element-caption\">blond cendr\u00e9 court<\/figcaption><\/figure>\n\n\n\n<p>Les reflets gris et argent\u00e9s cr\u00e9ent un effet audacieux et correspondent \u00e0 tous les tons de peau, des plus clairs aux plus fonc\u00e9s.<\/p>\n\n\n\n<figure class=\"wp-block-image\"><img loading=\"lazy\" decoding=\"async\" width=\"760\" height=\"555\" src=\"https:\/\/danidrops.com.br\/wp-content\/uploads\/2022\/05\/69-Loiro-acinzentado-curto.jpg\" alt=\"blond cendr\u00e9 court\" class=\"wp-image-27539\" title=\"69 Blond cendr\u00e9 court - Ash Blonde Hair 2025 - Voir plus de 200 inspirations pour la tendance cheveux blond cendr\u00e9\" srcset=\"https:\/\/danidrops.com.br\/wp-content\/uploads\/2022\/05\/69-Loiro-acinzentado-curto.jpg 760w, https:\/\/danidrops.com.br\/wp-content\/uploads\/2022\/05\/69-Loiro-acinzentado-curto-300x219.jpg 300w, https:\/\/danidrops.com.br\/wp-content\/uploads\/2022\/05\/69-Loiro-acinzentado-curto-150x110.jpg 150w\" sizes=\"auto, (max-width: 760px) 100vw, 760px\" \/><figcaption class=\"wp-element-caption\">blond cendr\u00e9 court<\/figcaption><\/figure>\n\n\n\n<figure class=\"wp-block-image\"><img loading=\"lazy\" decoding=\"async\" width=\"760\" height=\"555\" src=\"https:\/\/danidrops.com.br\/wp-content\/uploads\/2022\/05\/68-Loiro-acinzentado-curto.jpg\" alt=\"blond cendr\u00e9 court\" class=\"wp-image-27538\" title=\"68 Blond cendr\u00e9 court - Ash Blonde Hair 2025 - Voir plus de 200 inspirations pour la tendance cheveux blond cendr\u00e9\" srcset=\"https:\/\/danidrops.com.br\/wp-content\/uploads\/2022\/05\/68-Loiro-acinzentado-curto.jpg 760w, https:\/\/danidrops.com.br\/wp-content\/uploads\/2022\/05\/68-Loiro-acinzentado-curto-300x219.jpg 300w, https:\/\/danidrops.com.br\/wp-content\/uploads\/2022\/05\/68-Loiro-acinzentado-curto-150x110.jpg 150w\" sizes=\"auto, (max-width: 760px) 100vw, 760px\" \/><figcaption class=\"wp-element-caption\">blond cendr\u00e9 court<\/figcaption><\/figure>\n\n\n\n<h2 class=\"wp-block-heading\"><span class=\"ez-toc-section\" id=\"Loiro_acinzentado_cacheado\"><\/span>blond cendr\u00e9 boucl\u00e9<span class=\"ez-toc-section-end\"><\/span><\/h2>\n\n\n\n<p>Le blond cendr\u00e9 boucl\u00e9 est une belle option pour mettre encore plus en valeur les boucles, en raison de l&#039;effet \u00e9claircissant que ce style provoque dans le look.<\/p>\n\n\n\n<figure class=\"wp-block-image\"><img loading=\"lazy\" decoding=\"async\" width=\"760\" height=\"555\" src=\"https:\/\/danidrops.com.br\/wp-content\/uploads\/2022\/05\/70-Loiro-acinzentado-cacheado.jpg\" alt=\"blond cendr\u00e9 boucl\u00e9\" class=\"wp-image-27537\" title=\"70 Blond cendr\u00e9 boucl\u00e9 - Ash Blonde Hair 2025 - Voir plus de 200 inspirations pour la tendance cheveux blond cendr\u00e9\" srcset=\"https:\/\/danidrops.com.br\/wp-content\/uploads\/2022\/05\/70-Loiro-acinzentado-cacheado.jpg 760w, https:\/\/danidrops.com.br\/wp-content\/uploads\/2022\/05\/70-Loiro-acinzentado-cacheado-300x219.jpg 300w, https:\/\/danidrops.com.br\/wp-content\/uploads\/2022\/05\/70-Loiro-acinzentado-cacheado-150x110.jpg 150w\" sizes=\"auto, (max-width: 760px) 100vw, 760px\" \/><figcaption class=\"wp-element-caption\">blond cendr\u00e9 boucl\u00e9<\/figcaption><\/figure>\n\n\n\n<p>De plus, il apporte de la modernit\u00e9 \u00e0 celles qui veulent sortir des basiques et changer de coiffure avec beaucoup de personnalit\u00e9. Id\u00e9al \u00e0 tout moment de l&#039;ann\u00e9e, les boucl\u00e9s aux tons froids sont \u00e0 la mode.<\/p>\n\n\n\n<figure class=\"wp-block-image\"><img loading=\"lazy\" decoding=\"async\" width=\"760\" height=\"555\" src=\"https:\/\/danidrops.com.br\/wp-content\/uploads\/2022\/05\/72-Loiro-acinzentado-cacheado.jpg\" alt=\"blond cendr\u00e9 boucl\u00e9\" class=\"wp-image-27536\" title=\"72 Blond cendr\u00e9 boucl\u00e9 - Ash Blonde Hair 2025 - Voir plus de 200 inspirations pour la tendance cheveux blond cendr\u00e9\" srcset=\"https:\/\/danidrops.com.br\/wp-content\/uploads\/2022\/05\/72-Loiro-acinzentado-cacheado.jpg 760w, https:\/\/danidrops.com.br\/wp-content\/uploads\/2022\/05\/72-Loiro-acinzentado-cacheado-300x219.jpg 300w, https:\/\/danidrops.com.br\/wp-content\/uploads\/2022\/05\/72-Loiro-acinzentado-cacheado-150x110.jpg 150w\" sizes=\"auto, (max-width: 760px) 100vw, 760px\" \/><figcaption class=\"wp-element-caption\">blond cendr\u00e9 boucl\u00e9<\/figcaption><\/figure>\n\n\n\n<figure class=\"wp-block-image\"><img loading=\"lazy\" decoding=\"async\" width=\"760\" height=\"555\" src=\"https:\/\/danidrops.com.br\/wp-content\/uploads\/2022\/05\/71-Loiro-acinzentado-cacheado.jpg\" alt=\"blond cendr\u00e9 boucl\u00e9\" class=\"wp-image-27535\" title=\"71 Blond cendr\u00e9 boucl\u00e9 - Ash Blonde Hair 2025 - Voir plus de 200 inspirations pour la tendance cheveux blond cendr\u00e9\" srcset=\"https:\/\/danidrops.com.br\/wp-content\/uploads\/2022\/05\/71-Loiro-acinzentado-cacheado.jpg 760w, https:\/\/danidrops.com.br\/wp-content\/uploads\/2022\/05\/71-Loiro-acinzentado-cacheado-300x219.jpg 300w, https:\/\/danidrops.com.br\/wp-content\/uploads\/2022\/05\/71-Loiro-acinzentado-cacheado-150x110.jpg 150w\" sizes=\"auto, (max-width: 760px) 100vw, 760px\" \/><figcaption class=\"wp-element-caption\">blond cendr\u00e9 boucl\u00e9<\/figcaption><\/figure>\n\n\n\n<h2 class=\"wp-block-heading\"><span class=\"ez-toc-section\" id=\"Loiro_acinzentado_ondulado\"><\/span>blond cendr\u00e9 ondul\u00e9<span class=\"ez-toc-section-end\"><\/span><\/h2>\n\n\n\n<p>Inspiration pour un style \u00e9l\u00e9gant, le blond cendr\u00e9 ondul\u00e9 est une chevelure qui attire l&#039;attention des femmes. Les ondulations naturelles sont encore plus \u00e9videntes avec les reflets nacr\u00e9s.<\/p>\n\n\n\n<figure class=\"wp-block-image\"><img loading=\"lazy\" decoding=\"async\" width=\"760\" height=\"555\" src=\"https:\/\/danidrops.com.br\/wp-content\/uploads\/2022\/05\/73-Loiro-acinzentado-ondulado.jpg\" alt=\"blond cendr\u00e9 ondul\u00e9\" class=\"wp-image-27534\" title=\"73 Blond cendr\u00e9 ondul\u00e9 - Ash Blonde Hair 2025 - Voir plus de 200 inspirations pour la tendance cheveux blond cendr\u00e9\" srcset=\"https:\/\/danidrops.com.br\/wp-content\/uploads\/2022\/05\/73-Loiro-acinzentado-ondulado.jpg 760w, https:\/\/danidrops.com.br\/wp-content\/uploads\/2022\/05\/73-Loiro-acinzentado-ondulado-300x219.jpg 300w, https:\/\/danidrops.com.br\/wp-content\/uploads\/2022\/05\/73-Loiro-acinzentado-ondulado-150x110.jpg 150w\" sizes=\"auto, (max-width: 760px) 100vw, 760px\" \/><figcaption class=\"wp-element-caption\">blond cendr\u00e9 ondul\u00e9<\/figcaption><\/figure>\n\n\n\n<p>C&#039;est un regard qui transmet s\u00e9rieux et sophistication, se combine avec diff\u00e9rents tons de peau et illumine la beaut\u00e9 naturelle.<\/p>\n\n\n\n<figure class=\"wp-block-image\"><img loading=\"lazy\" decoding=\"async\" width=\"760\" height=\"555\" src=\"https:\/\/danidrops.com.br\/wp-content\/uploads\/2022\/05\/75-Loiro-acinzentado-ondulado.jpg\" alt=\"blond cendr\u00e9 ondul\u00e9\" class=\"wp-image-27533\" title=\"75 Wavy Ash Blonde - Ash Blonde Hair 2025 - Voir plus de 200 inspirations pour la tendance cheveux blond cendr\u00e9\" srcset=\"https:\/\/danidrops.com.br\/wp-content\/uploads\/2022\/05\/75-Loiro-acinzentado-ondulado.jpg 760w, https:\/\/danidrops.com.br\/wp-content\/uploads\/2022\/05\/75-Loiro-acinzentado-ondulado-300x219.jpg 300w, https:\/\/danidrops.com.br\/wp-content\/uploads\/2022\/05\/75-Loiro-acinzentado-ondulado-150x110.jpg 150w\" sizes=\"auto, (max-width: 760px) 100vw, 760px\" \/><figcaption class=\"wp-element-caption\">blond cendr\u00e9 ondul\u00e9<\/figcaption><\/figure>\n\n\n\n<figure class=\"wp-block-image\"><img loading=\"lazy\" decoding=\"async\" width=\"760\" height=\"555\" src=\"https:\/\/danidrops.com.br\/wp-content\/uploads\/2022\/05\/74-Loiro-acinzentado-ondulado.jpg\" alt=\"blond cendr\u00e9 ondul\u00e9\" class=\"wp-image-27532\" title=\"74 Blond cendr\u00e9 ondul\u00e9 - Ash Blonde Hair 2025 - Voir plus de 200 inspirations pour la tendance cheveux blond cendr\u00e9\" srcset=\"https:\/\/danidrops.com.br\/wp-content\/uploads\/2022\/05\/74-Loiro-acinzentado-ondulado.jpg 760w, https:\/\/danidrops.com.br\/wp-content\/uploads\/2022\/05\/74-Loiro-acinzentado-ondulado-300x219.jpg 300w, https:\/\/danidrops.com.br\/wp-content\/uploads\/2022\/05\/74-Loiro-acinzentado-ondulado-150x110.jpg 150w\" sizes=\"auto, (max-width: 760px) 100vw, 760px\" \/><figcaption class=\"wp-element-caption\">blond cendr\u00e9 ondul\u00e9<\/figcaption><\/figure>\n\n\n\n<h2 class=\"wp-block-heading\"><span class=\"ez-toc-section\" id=\"Loiro_acinzentado_liso\"><\/span>blond cendr\u00e9 lisse<span class=\"ez-toc-section-end\"><\/span><\/h2>\n\n\n\n<p>Sur les cheveux lisses, il peut \u00eatre difficile de trouver un look qui ressemble \u00e0 une nuance douce et naturelle, car il est plus facile de voir o\u00f9 commence et se termine la teinture.<\/p>\n\n\n\n<figure class=\"wp-block-image\"><img loading=\"lazy\" decoding=\"async\" width=\"760\" height=\"555\" src=\"https:\/\/danidrops.com.br\/wp-content\/uploads\/2022\/05\/76-Loiro-acinzentado-liso.jpg\" alt=\"blond cendr\u00e9 lisse\" class=\"wp-image-27531\" title=\"76 Blond cendr\u00e9 droit - Ash Blonde Hair 2025 - Voir plus de 200 inspirations pour la tendance cheveux blond cendr\u00e9\" srcset=\"https:\/\/danidrops.com.br\/wp-content\/uploads\/2022\/05\/76-Loiro-acinzentado-liso.jpg 760w, https:\/\/danidrops.com.br\/wp-content\/uploads\/2022\/05\/76-Loiro-acinzentado-liso-300x219.jpg 300w, https:\/\/danidrops.com.br\/wp-content\/uploads\/2022\/05\/76-Loiro-acinzentado-liso-150x110.jpg 150w\" sizes=\"auto, (max-width: 760px) 100vw, 760px\" \/><figcaption class=\"wp-element-caption\">blond cendr\u00e9 lisse<\/figcaption><\/figure>\n\n\n\n<p>Cependant, le blond cendr\u00e9 lisse est un style plus discret qui parvient \u00e0 apporter un charme \u00e0 la chevelure sans exag\u00e9ration. Parfait pour ceux qui aiment quelque chose de plus discret.<\/p>\n\n\n\n<figure class=\"wp-block-image\"><img loading=\"lazy\" decoding=\"async\" width=\"760\" height=\"555\" src=\"https:\/\/danidrops.com.br\/wp-content\/uploads\/2022\/05\/78-Loiro-acinzentado-liso.jpg\" alt=\"blond cendr\u00e9 lisse\" class=\"wp-image-27530\" title=\"78 Blond cendr\u00e9 droit - Ash Blonde Hair 2025 - Voir plus de 200 inspirations pour la tendance cheveux blond cendr\u00e9\" srcset=\"https:\/\/danidrops.com.br\/wp-content\/uploads\/2022\/05\/78-Loiro-acinzentado-liso.jpg 760w, https:\/\/danidrops.com.br\/wp-content\/uploads\/2022\/05\/78-Loiro-acinzentado-liso-300x219.jpg 300w, https:\/\/danidrops.com.br\/wp-content\/uploads\/2022\/05\/78-Loiro-acinzentado-liso-150x110.jpg 150w\" sizes=\"auto, (max-width: 760px) 100vw, 760px\" \/><figcaption class=\"wp-element-caption\">blond cendr\u00e9 lisse<\/figcaption><\/figure>\n\n\n\n<p>Voici quelques-uns des mod\u00e8les de cette couleur grise qui a le vent en poupe dans les instituts de beaut\u00e9, j&#039;esp\u00e8re qu&#039;ils vous inspireront quand il s&#039;agira de renouveler votre look !<\/p>\n\n\n\n<figure class=\"wp-block-image\"><img loading=\"lazy\" decoding=\"async\" width=\"760\" height=\"555\" src=\"https:\/\/danidrops.com.br\/wp-content\/uploads\/2022\/05\/77-Loiro-acinzentado-liso.jpg\" alt=\"blond cendr\u00e9 lisse\" class=\"wp-image-27529\" title=\"77 Blond cendr\u00e9 droit - Ash Blonde Hair 2025 - Voir plus de 200 inspirations pour la tendance cheveux blond cendr\u00e9\" srcset=\"https:\/\/danidrops.com.br\/wp-content\/uploads\/2022\/05\/77-Loiro-acinzentado-liso.jpg 760w, https:\/\/danidrops.com.br\/wp-content\/uploads\/2022\/05\/77-Loiro-acinzentado-liso-300x219.jpg 300w, https:\/\/danidrops.com.br\/wp-content\/uploads\/2022\/05\/77-Loiro-acinzentado-liso-150x110.jpg 150w\" sizes=\"auto, (max-width: 760px) 100vw, 760px\" \/><figcaption class=\"wp-element-caption\">blond cendr\u00e9 lisse<\/figcaption><\/figure>\n\n\n\n<h2 class=\"wp-block-heading\"><span class=\"ez-toc-section\" id=\"Quais_formatos_de_rosto_combinam_mais_com_o_Cabelo_Loiro_Acinzentado\"><\/span>Quelles formes de visage conviennent le mieux aux cheveux blonds cendr\u00e9s?<span class=\"ez-toc-section-end\"><\/span><\/h2>\n\n\n\n<p>Les cheveux blonds cendr\u00e9s sont une couleur polyvalente qui peut convenir \u00e0 de nombreux types de visage diff\u00e9rents. Cependant, certaines formes de visage peuvent se d\u00e9marquer davantage avec cette nuance de cheveux que d&#039;autres. Voici quelques conseils sur les formes de visage qui conviennent le mieux aux cheveux blonds cendr\u00e9s :<\/p>\n\n\n\n<figure class=\"wp-block-image\"><img loading=\"lazy\" decoding=\"async\" width=\"760\" height=\"555\" src=\"https:\/\/danidrops.com.br\/wp-content\/uploads\/2023\/03\/25-Quais-formatos-de-rosto-combinam-mais-com-o-Cabelo-Loiro-Acinzentado.jpg\" alt=\"Quelles formes de visage conviennent le mieux aux cheveux blonds cendr\u00e9s?\" class=\"wp-image-66479\" title=\"25 Quelles formes de visage conviennent le mieux aux cheveux blonds cendr\u00e9s - Cheveux blonds cendr\u00e9s 2025 - Voir plus de 87 mod\u00e8les de cheveux blonds cendr\u00e9s\" srcset=\"https:\/\/danidrops.com.br\/wp-content\/uploads\/2023\/03\/25-Quais-formatos-de-rosto-combinam-mais-com-o-Cabelo-Loiro-Acinzentado.jpg 760w, https:\/\/danidrops.com.br\/wp-content\/uploads\/2023\/03\/25-Quais-formatos-de-rosto-combinam-mais-com-o-Cabelo-Loiro-Acinzentado-300x219.jpg 300w, https:\/\/danidrops.com.br\/wp-content\/uploads\/2023\/03\/25-Quais-formatos-de-rosto-combinam-mais-com-o-Cabelo-Loiro-Acinzentado-16x12.jpg 16w, https:\/\/danidrops.com.br\/wp-content\/uploads\/2023\/03\/25-Quais-formatos-de-rosto-combinam-mais-com-o-Cabelo-Loiro-Acinzentado-150x110.jpg 150w\" sizes=\"auto, (max-width: 760px) 100vw, 760px\" \/><figcaption class=\"wp-element-caption\">Quelles formes de visage conviennent le mieux aux cheveux blonds cendr\u00e9s?<\/figcaption><\/figure>\n\n\n\n<ul class=\"wp-block-list\">\n<li><strong>visage oval:<\/strong>&nbsp;Le visage ovale est consid\u00e9r\u00e9 comme la forme id\u00e9ale pour les cheveux blonds cendr\u00e9s, car cette couleur convient \u00e0 pratiquement toutes les coupes de cheveux et tous les styles. Les femmes au visage ovale peuvent essayer diff\u00e9rentes coiffures, des cheveux longs raides aux cheveux courts et agit\u00e9s.<\/li>\n\n\n\n<li><strong>Visage rond:<\/strong>&nbsp;Les cheveux blonds cendr\u00e9s peuvent \u00eatre un excellent choix pour les femmes au visage rond, \u00e0 condition qu&#039;ils soient associ\u00e9s \u00e0 une coupe de cheveux qui cr\u00e9e du volume au sommet des cheveux. Des coupes superpos\u00e9es ou une longue frange peuvent aider \u00e0 allonger le visage et \u00e0 cr\u00e9er une apparence plus mince.<\/li>\n\n\n\n<li><strong>Visage carr\u00e9:<\/strong>&nbsp;Les femmes au visage carr\u00e9 peuvent opter pour des cheveux blond cendr\u00e9 avec une coupe courte ou moyenne avec des couches douces autour du visage. Ce type de coupe adoucit les lignes dures du visage carr\u00e9 et cr\u00e9e une apparence plus d\u00e9licate.<\/li>\n\n\n\n<li><strong>Coeur en forme de visage:<\/strong>&nbsp;Les cheveux blonds cendr\u00e9s ont fi\u00e8re allure sur les femmes au visage en forme de c\u0153ur, en particulier lorsqu&#039;ils sont associ\u00e9s \u00e0 une coupe de cheveux moyenne ou longue avec des couches douces. Les couches aident \u00e0 \u00e9quilibrer la forme du visage et \u00e0 cr\u00e9er un look plus doux.<\/li>\n<\/ul>\n\n\n\n<h2 class=\"wp-block-heading\"><span class=\"ez-toc-section\" id=\"Qual_o_melhor_Shampoo_e_Condicionador_para_Cabelo_Loiro_Acinzentado\"><\/span>Quel est le meilleur shampoing et apr\u00e8s-shampooing pour cheveux blonds cendr\u00e9s ?<span class=\"ez-toc-section-end\"><\/span><\/h2>\n\n\n\n<p>Maintenir la couleur et la sant\u00e9 des cheveux blonds cendr\u00e9s peut \u00eatre un d\u00e9fi, mais choisir les bons produits peut faire toute la diff\u00e9rence.<\/p>\n\n\n\n<figure class=\"wp-block-image\"><a href=\"https:\/\/www.amazon.com.br\/dp\/B07L6LKHHS?tag=danidrops-20&amp;linkCode=ogi&amp;th=1&amp;psc=1\" target=\"_blank\" rel=\"noreferrer noopener\"><img decoding=\"async\" src=\"https:\/\/m.media-amazon.com\/images\/I\/41qWw9SkE1L._SL160_.jpg\" alt=\"34% OFF - Shampooing et revitalisant Truss Blond\" title=\"41qWw9SkE1L. SL160 - Ash Blonde Hair 2025 - Voir plus de 87 mod\u00e8les de cheveux blond cendr\u00e9\"\/><\/a><\/figure>\n\n\n\n<p><a href=\"https:\/\/www.amazon.com.br\/dp\/B07L6LKHHS?tag=danidrops-20&amp;linkCode=ogi&amp;th=1&amp;psc=1\" rel=\"noreferrer noopener\" target=\"_blank\">34% OFF \u2013 Shampooing et revitalisant Truss Blond<\/a><\/p>\n\n\n\n<ul class=\"wp-block-list\">\n<li>Pour cheveux blonds, d\u00e9color\u00e9s, gris.<\/li>\n\n\n\n<li>Kit de traitement quotidien qui combat le ton jaun\u00e2tre et renforce les fils.<\/li>\n\n\n\n<li>Il r\u00e9cup\u00e8re la force et la r\u00e9sistance des cheveux clairs tout en neutralisant le jaunissement.<\/li>\n<\/ul>\n\n\n\n<p><a href=\"https:\/\/www.amazon.com.br\/dp\/B07L6LKHHS?tag=danidrops-20&amp;linkCode=ogi&amp;th=1&amp;psc=1\" target=\"_blank\" rel=\"noreferrer noopener\">Achetez avec la remise 34%<\/a><\/p>\n\n\n\n<p>Un kit de shampoing et revitalisant sp\u00e9cialement con\u00e7u pour les cheveux blonds peut aider \u00e0 garder vos cheveux \u00e9clatants et en bonne sant\u00e9. Parmi les options disponibles sur le march\u00e9, un kit se d\u00e9marque comme le meilleur pour les cheveux blonds : le Truss Blond Shampoo and Conditioner Kit.<\/p>\n\n\n\n<p>Le shampooing Truss Blond contient le m\u00e9lange actif de pigments violets, qui aide \u00e0 prot\u00e9ger la couleur des cheveux contre la d\u00e9coloration et le jaunissement. De plus, le shampooing contient \u00e9galement des prot\u00e9ines de bl\u00e9, qui aident \u00e0 renforcer les cheveux et \u00e0 les prot\u00e9ger contre les dommages caus\u00e9s par les processus chimiques et la chaleur du s\u00e8che-linge et du fer plat.<\/p>\n\n\n\n<p>L&#039;apr\u00e8s-shampooing Truss Blond, quant \u00e0 lui, poss\u00e8de un actif beurre d&#039;illip\u00e9 issu d&#039;un fruit exotique originaire des \u00eeles du Pacifique. Le revitalisant contient \u00e9galement un m\u00e9lange de silicone qui aide \u00e0 sceller les cuticules des cheveux, les laissant plus doux et plus brillants.<\/p>\n\n\n\n<p>Le kit de shampoing et revitalisant Truss Blond est le choix parfait pour ceux qui cherchent \u00e0 conserver une couleur \u00e9clatante et des cheveux sains. Avec sa formule sp\u00e9ciale pour les cheveux blonds, ce kit aide \u00e0 prot\u00e9ger la couleur contre la d\u00e9coloration et le jaunissement, en plus de nourrir et d&#039;hydrater les cheveux, les laissant plus doux et plus brillants.<\/p>\n\n\n\n<h2 class=\"wp-block-heading\"><span class=\"ez-toc-section\" id=\"Quais_tons_de_pele_combinam_mais_com_o_Cabelo_Loiro_Acinzentado\"><\/span>Quels tons de peau conviennent le mieux aux cheveux blonds cendr\u00e9s?<span class=\"ez-toc-section-end\"><\/span><\/h2>\n\n\n\n<p>Les cheveux blonds cendr\u00e9s sont une couleur tendance et beaucoup de gens veulent adopter ce look. Cependant, il est important de savoir que cette teinte peut ne pas convenir \u00e0 toutes les carnations.<\/p>\n\n\n\n<figure class=\"wp-block-image\"><img loading=\"lazy\" decoding=\"async\" width=\"760\" height=\"555\" src=\"https:\/\/danidrops.com.br\/wp-content\/uploads\/2023\/03\/23-Quais-tons-de-pele-combinam-mais-com-o-Cabelo-Loiro-Acinzentado.jpg\" alt=\"Quels tons de peau conviennent le mieux aux cheveux blonds cendr\u00e9s?\" class=\"wp-image-66477\" title=\"23 Quelles teintes de peau correspondent le mieux aux cheveux blond cendr\u00e9 - Cheveux blond cendr\u00e9 2025 - Voir plus de 87 mod\u00e8les de cheveux blonds gris\" srcset=\"https:\/\/danidrops.com.br\/wp-content\/uploads\/2023\/03\/23-Quais-tons-de-pele-combinam-mais-com-o-Cabelo-Loiro-Acinzentado.jpg 760w, https:\/\/danidrops.com.br\/wp-content\/uploads\/2023\/03\/23-Quais-tons-de-pele-combinam-mais-com-o-Cabelo-Loiro-Acinzentado-300x219.jpg 300w, https:\/\/danidrops.com.br\/wp-content\/uploads\/2023\/03\/23-Quais-tons-de-pele-combinam-mais-com-o-Cabelo-Loiro-Acinzentado-16x12.jpg 16w, https:\/\/danidrops.com.br\/wp-content\/uploads\/2023\/03\/23-Quais-tons-de-pele-combinam-mais-com-o-Cabelo-Loiro-Acinzentado-150x110.jpg 150w\" sizes=\"auto, (max-width: 760px) 100vw, 760px\" \/><figcaption class=\"wp-element-caption\">Quels tons de peau conviennent le mieux aux cheveux blonds cendr\u00e9s?<\/figcaption><\/figure>\n\n\n\n<p>Selon les experts en visagismo, les tons de peau qui correspondent le mieux aux cheveux blonds cendr\u00e9s sont les plus clairs, comme le teint clair et le teint rose. En effet, les cheveux gris offrent un contraste \u00e9l\u00e9gant avec ces tons de peau, cr\u00e9ant une agr\u00e9able harmonie visuelle.<\/p>\n\n\n\n<figure class=\"wp-block-image\"><img loading=\"lazy\" decoding=\"async\" width=\"760\" height=\"555\" src=\"https:\/\/danidrops.com.br\/wp-content\/uploads\/2023\/03\/22-Quais-tons-de-pele-combinam-mais-com-o-Cabelo-Loiro-Acinzentado.jpg\" alt=\"Quels tons de peau conviennent le mieux aux cheveux blonds cendr\u00e9s?\" class=\"wp-image-66476\" title=\"22 Quelles teintes de peau correspondent le mieux aux cheveux blond cendr\u00e9 - Cheveux blond cendr\u00e9 2025 - Voir plus de 87 mod\u00e8les de cheveux blonds gris\" srcset=\"https:\/\/danidrops.com.br\/wp-content\/uploads\/2023\/03\/22-Quais-tons-de-pele-combinam-mais-com-o-Cabelo-Loiro-Acinzentado.jpg 760w, https:\/\/danidrops.com.br\/wp-content\/uploads\/2023\/03\/22-Quais-tons-de-pele-combinam-mais-com-o-Cabelo-Loiro-Acinzentado-300x219.jpg 300w, https:\/\/danidrops.com.br\/wp-content\/uploads\/2023\/03\/22-Quais-tons-de-pele-combinam-mais-com-o-Cabelo-Loiro-Acinzentado-16x12.jpg 16w, https:\/\/danidrops.com.br\/wp-content\/uploads\/2023\/03\/22-Quais-tons-de-pele-combinam-mais-com-o-Cabelo-Loiro-Acinzentado-150x110.jpg 150w\" sizes=\"auto, (max-width: 760px) 100vw, 760px\" \/><figcaption class=\"wp-element-caption\">Quels tons de peau conviennent le mieux aux cheveux blonds cendr\u00e9s?<\/figcaption><\/figure>\n\n\n\n<p>Les tons de peau plus fonc\u00e9s, tels que le teint jaune ou olive, peuvent ne pas bien fonctionner avec les cheveux blond cendr\u00e9. Dans ces cas, il faut veiller \u00e0 ne pas g\u00e9n\u00e9rer un contraste trop fort et provoquer un effet ind\u00e9sirable.<\/p>\n\n\n\n<figure class=\"wp-block-image\"><img loading=\"lazy\" decoding=\"async\" width=\"760\" height=\"555\" src=\"https:\/\/danidrops.com.br\/wp-content\/uploads\/2023\/03\/21-Quais-tons-de-pele-combinam-mais-com-o-Cabelo-Loiro-Acinzentado.jpg\" alt=\"Quels tons de peau conviennent le mieux aux cheveux blonds cendr\u00e9s?\" class=\"wp-image-66475\" title=\"21 Quelles teintes de peau correspondent le mieux aux cheveux blond cendr\u00e9 - Cheveux blond cendr\u00e9 2025 - Voir plus de 87 mod\u00e8les de cheveux blonds gris\" srcset=\"https:\/\/danidrops.com.br\/wp-content\/uploads\/2023\/03\/21-Quais-tons-de-pele-combinam-mais-com-o-Cabelo-Loiro-Acinzentado.jpg 760w, https:\/\/danidrops.com.br\/wp-content\/uploads\/2023\/03\/21-Quais-tons-de-pele-combinam-mais-com-o-Cabelo-Loiro-Acinzentado-300x219.jpg 300w, https:\/\/danidrops.com.br\/wp-content\/uploads\/2023\/03\/21-Quais-tons-de-pele-combinam-mais-com-o-Cabelo-Loiro-Acinzentado-16x12.jpg 16w, https:\/\/danidrops.com.br\/wp-content\/uploads\/2023\/03\/21-Quais-tons-de-pele-combinam-mais-com-o-Cabelo-Loiro-Acinzentado-150x110.jpg 150w\" sizes=\"auto, (max-width: 760px) 100vw, 760px\" \/><figcaption class=\"wp-element-caption\">Quels tons de peau conviennent le mieux aux cheveux blonds cendr\u00e9s?<\/figcaption><\/figure>\n\n\n\n<p>Cependant, il est important de se rappeler qu&#039;il ne s&#039;agit que de directives g\u00e9n\u00e9rales et que chaque personne a des caract\u00e9ristiques uniques qui peuvent influencer le r\u00e9sultat final. L&#039;id\u00e9al est toujours de consulter un professionnel sp\u00e9cialis\u00e9 dans le visagismo pour vous aider \u00e0 choisir la meilleure couleur de cheveux en fonction de votre teint.<\/p>\n\n\n\n<figure class=\"wp-block-table is-style-stripes\"><table><thead><tr><th>Teint<\/th><th>La description<\/th><\/tr><\/thead><tbody><tr><td>peau claire et fra\u00eeche<\/td><td>Les tons de peau avec des nuances roses ou bleues fonctionnent parfaitement avec les cheveux blonds cendr\u00e9s. Ces tons de peau ont souvent des veines bleues ou violettes visibles sous la peau et peuvent facilement p\u00e2lir avec d&#039;autres couleurs de cheveux. Le blond cendr\u00e9, quant \u00e0 lui, offre un beau et \u00e9l\u00e9gant contraste.<\/td><\/tr><tr><td>Peau claire et neutre<\/td><td>Les tons de peau neutres ont un m\u00e9lange \u00e9quilibr\u00e9 de nuances chaudes et froides, ce qui signifie qu&#039;ils peuvent porter une large gamme de couleurs de cheveux. Le blond cendr\u00e9 est particuli\u00e8rement flatteur pour les peaux neutres, car sa neutralit\u00e9 compl\u00e8te le teint sans se pencher vers une nuance sp\u00e9cifique.<\/td><\/tr><tr><td>peau claire et chaude<\/td><td>Les tons de peau chauds ont des nuances dor\u00e9es ou jaun\u00e2tres, ce qui signifie que le blond cendr\u00e9 peut \u00eatre risqu\u00e9 pour ce type de teint, car il peut rendre la peau terne et sans vie. Cependant, si une personne souhaite exp\u00e9rimenter le blond cendr\u00e9, elle peut opter pour une teinte plus chaude de blond cendr\u00e9 pour \u00e9viter trop de contraste.<\/td><\/tr><tr><td>Peau moyenne et froide<\/td><td>Les peaux moyennes avec des nuances froides, comme l&#039;olive ou le bleu\u00e2tre, ont souvent des veines bleu-vert. Ces tons de peau peuvent utiliser le blond cendr\u00e9, surtout si les cheveux sont plus clairs \u00e0 l&#039;avant pour encadrer le visage.<\/td><\/tr><tr><td>Peau moyenne et neutre<\/td><td>Les tons de peau neutres moyens ont un m\u00e9lange \u00e9quilibr\u00e9 de nuances chaudes et froides, ce qui signifie qu&#039;ils peuvent porter une large gamme de couleurs de cheveux, y compris le blond cendr\u00e9.<\/td><\/tr><tr><td>Peau moyenne et chaude<\/td><td>Les peaux moyennes avec des nuances chaudes, comme l&#039;or ou la p\u00eache, peuvent porter du blond cendr\u00e9, mais doivent opter pour une teinte plus chaude pour \u00e9viter trop de contraste. Le blond cendr\u00e9 peut \u00eatre utilis\u00e9 pour \u00e9claircir le visage, mais il faut veiller \u00e0 ce que la couleur ne devienne terne.<\/td><\/tr><tr><td>peau fonc\u00e9e et froide<\/td><td>Les peaux fonc\u00e9es avec des nuances froides, comme le bleu ou le violet, peuvent opter pour le blond cendr\u00e9, mais devraient opter pour une teinte plus claire pour \u00e9viter de rendre les cheveux trop lourds.<\/td><\/tr><tr><td>peau fonc\u00e9e et neutre<\/td><td>Les peaux fonc\u00e9es neutres, telles que le caramel ou l&#039;olive, peuvent porter du blond cendr\u00e9, mais doivent opter pour une teinte plus chaude pour \u00e9viter que la couleur ne paraisse terne.<\/td><\/tr><tr><td>peau fonc\u00e9e et chaude<\/td><td>Les peaux fonc\u00e9es avec des nuances chaudes, comme l&#039;or ou le rouge, peuvent porter du blond cendr\u00e9, mais doivent opter pour une teinte plus chaude pour \u00e9viter que les cheveux ne paraissent ternes. Le blond cendr\u00e9 peut \u00eatre<\/td><\/tr><\/tbody><\/table><\/figure>\n\n\n\n<p>les tons de peau vont mieux avec les cheveux blond cendr\u00e9<\/p>\n\n\n\n<h2 class=\"wp-block-heading\"><span class=\"ez-toc-section\" id=\"Comclusao_sobre_o_Cabelo_Loiro_Acinzentado\"><\/span>Conclusion sur les cheveux blond cendr\u00e9<span class=\"ez-toc-section-end\"><\/span><\/h2>\n\n\n\n<p>Avoir des cheveux blonds cendr\u00e9s peut avoir de nombreux avantages, allant de l&#039;apparence sophistiqu\u00e9e et moderne \u00e0 la possibilit\u00e9 d&#039;exp\u00e9rimenter diff\u00e9rents tons et styles de cheveux. De plus, avec les bons soins, vous pouvez garder vos cheveux sains et brillants, m\u00eame avec une coloration.<\/p>\n\n\n\n<figure class=\"wp-block-image\"><img loading=\"lazy\" decoding=\"async\" width=\"760\" height=\"555\" src=\"https:\/\/danidrops.com.br\/wp-content\/uploads\/2023\/03\/24-Quais-formatos-de-rosto-combinam-mais-com-o-Cabelo-Loiro-Acinzentado.jpg\" alt=\"Quelles formes de visage conviennent le mieux aux cheveux blonds cendr\u00e9s?\" class=\"wp-image-66478\" title=\"24 Quelles formes de visage conviennent le mieux aux cheveux blonds cendr\u00e9s - Cheveux blonds cendr\u00e9s 2025 - Voir plus de 87 mod\u00e8les de cheveux blonds cendr\u00e9s\" srcset=\"https:\/\/danidrops.com.br\/wp-content\/uploads\/2023\/03\/24-Quais-formatos-de-rosto-combinam-mais-com-o-Cabelo-Loiro-Acinzentado.jpg 760w, https:\/\/danidrops.com.br\/wp-content\/uploads\/2023\/03\/24-Quais-formatos-de-rosto-combinam-mais-com-o-Cabelo-Loiro-Acinzentado-300x219.jpg 300w, https:\/\/danidrops.com.br\/wp-content\/uploads\/2023\/03\/24-Quais-formatos-de-rosto-combinam-mais-com-o-Cabelo-Loiro-Acinzentado-16x12.jpg 16w, https:\/\/danidrops.com.br\/wp-content\/uploads\/2023\/03\/24-Quais-formatos-de-rosto-combinam-mais-com-o-Cabelo-Loiro-Acinzentado-150x110.jpg 150w\" sizes=\"auto, (max-width: 760px) 100vw, 760px\" \/><\/figure>\n\n\n\n<p>Si vous envisagez de changer de look et d&#039;opter pour des cheveux blonds cendr\u00e9s, n&#039;oubliez pas de rechercher un professionnel de confiance et de choisir les bons produits pour entretenir la couleur et la sant\u00e9 de vos cheveux. <\/p>\n\n\n\n<h2 class=\"wp-block-heading\"><span class=\"ez-toc-section\" id=\"O_loiro_acinzentado_e_a_cor_de_cabelo_do_momento_e_e_perfeito_para_qualquer_mulher_independentemente_da_sua_idade_ou_estilo\"><\/span>Le blond cendr\u00e9 est la couleur de cheveux du moment et convient parfaitement \u00e0 toutes les femmes, quel que soit leur \u00e2ge ou leur style.<span class=\"ez-toc-section-end\"><\/span><\/h2>\n\n\n\n<p>La tendance de la couleur des cheveux blond cendr\u00e9 est le style du moment et convient parfaitement \u00e0 toutes les femmes, quel que soit leur \u00e2ge et leur style, car il s&#039;agit d&#039;une couleur polyvalente et puissante.<\/p>\n\n\n\n<figure class=\"wp-block-image size-full\"><img loading=\"lazy\" decoding=\"async\" width=\"760\" height=\"555\" src=\"https:\/\/danidrops.com.br\/wp-content\/uploads\/2023\/07\/01-loiro-acinzentado-a-cor-do-momento.jpg\" alt=\"blond cendr\u00e9 la couleur du moment\" class=\"wp-image-79136\" title=\"\" srcset=\"https:\/\/danidrops.com.br\/wp-content\/uploads\/2023\/07\/01-loiro-acinzentado-a-cor-do-momento.jpg 760w, https:\/\/danidrops.com.br\/wp-content\/uploads\/2023\/07\/01-loiro-acinzentado-a-cor-do-momento-300x219.jpg 300w, https:\/\/danidrops.com.br\/wp-content\/uploads\/2023\/07\/01-loiro-acinzentado-a-cor-do-momento-16x12.jpg 16w, https:\/\/danidrops.com.br\/wp-content\/uploads\/2023\/07\/01-loiro-acinzentado-a-cor-do-momento-150x110.jpg 150w\" sizes=\"auto, (max-width: 760px) 100vw, 760px\" \/><figcaption class=\"wp-element-caption\">blond cendr\u00e9 la couleur du moment<\/figcaption><\/figure>\n\n\n\n<p>Parmi toutes les nuances de blond, celle-ci est certainement la plus courante et la plus demand\u00e9e par les femmes styl\u00e9es et modernes. Ses nuances de couleur sont le r\u00e9sultat de la combinaison parfaite entre le blond et le gris.<\/p>\n\n\n\n<figure class=\"wp-block-image size-full\"><img loading=\"lazy\" decoding=\"async\" width=\"760\" height=\"555\" src=\"https:\/\/danidrops.com.br\/wp-content\/uploads\/2023\/07\/02-loiro-acinzentado-a-cor-do-momento.jpg\" alt=\"blond cendr\u00e9 la couleur du moment\" class=\"wp-image-79127\" title=\"\" srcset=\"https:\/\/danidrops.com.br\/wp-content\/uploads\/2023\/07\/02-loiro-acinzentado-a-cor-do-momento.jpg 760w, https:\/\/danidrops.com.br\/wp-content\/uploads\/2023\/07\/02-loiro-acinzentado-a-cor-do-momento-300x219.jpg 300w, https:\/\/danidrops.com.br\/wp-content\/uploads\/2023\/07\/02-loiro-acinzentado-a-cor-do-momento-16x12.jpg 16w, https:\/\/danidrops.com.br\/wp-content\/uploads\/2023\/07\/02-loiro-acinzentado-a-cor-do-momento-150x110.jpg 150w\" sizes=\"auto, (max-width: 760px) 100vw, 760px\" \/><figcaption class=\"wp-element-caption\">blond cendr\u00e9 la couleur du moment<\/figcaption><\/figure>\n\n\n\n<h2 class=\"wp-block-heading\"><span class=\"ez-toc-section\" id=\"O_loiro_acinzentado_e_uma_cor_versatil_que_pode_ser_personalizada_para_se_adequar_a_qualquer_tom_de_pele\"><\/span>Ash Blonde est une couleur polyvalente qui peut \u00eatre personnalis\u00e9e pour s&#039;adapter \u00e0 n&#039;importe quel teint.<span class=\"ez-toc-section-end\"><\/span><\/h2>\n\n\n\n<p>Si vous aimez la tendance de la couleur des cheveux blond cendr\u00e9, sachez qu&#039;elle est polyvalente et peut \u00eatre personnalis\u00e9e pour s&#039;adapter \u00e0 toutes les carnations. Pour cette raison et d&#039;autres, la blonde cendr\u00e9e a acquis une telle renomm\u00e9e ces derni\u00e8res ann\u00e9es.<\/p>\n\n\n\n<figure class=\"wp-block-image size-full\"><img loading=\"lazy\" decoding=\"async\" width=\"760\" height=\"555\" src=\"https:\/\/danidrops.com.br\/wp-content\/uploads\/2023\/07\/04-cor-loiro-acinzentado-personalizada-ao-seu-tom-de-pele.jpg\" alt=\"couleur blond cendr\u00e9 adapt\u00e9e \u00e0 votre teint\" class=\"wp-image-79129\" title=\"\" srcset=\"https:\/\/danidrops.com.br\/wp-content\/uploads\/2023\/07\/04-cor-loiro-acinzentado-personalizada-ao-seu-tom-de-pele.jpg 760w, https:\/\/danidrops.com.br\/wp-content\/uploads\/2023\/07\/04-cor-loiro-acinzentado-personalizada-ao-seu-tom-de-pele-300x219.jpg 300w, https:\/\/danidrops.com.br\/wp-content\/uploads\/2023\/07\/04-cor-loiro-acinzentado-personalizada-ao-seu-tom-de-pele-16x12.jpg 16w, https:\/\/danidrops.com.br\/wp-content\/uploads\/2023\/07\/04-cor-loiro-acinzentado-personalizada-ao-seu-tom-de-pele-150x110.jpg 150w\" sizes=\"auto, (max-width: 760px) 100vw, 760px\" \/><figcaption class=\"wp-element-caption\">couleur blond cendr\u00e9 adapt\u00e9e \u00e0 votre teint<\/figcaption><\/figure>\n\n\n\n<p>Les personnes aux tons de peau froids ont fi\u00e8re allure avec les cheveux blonds cendr\u00e9s, car les reflets cendr\u00e9s am\u00e9liorent la fra\u00eecheur de la peau. Les personnes \u00e0 la peau chaude peuvent utiliser du blond cendr\u00e9 avec de petits reflets dor\u00e9s pour apporter de la chaleur au look.<\/p>\n\n\n\n<figure class=\"wp-block-image size-full\"><img loading=\"lazy\" decoding=\"async\" width=\"760\" height=\"555\" src=\"https:\/\/danidrops.com.br\/wp-content\/uploads\/2023\/07\/03-cor-loiro-acinzentado-personalizada-ao-seu-tom-de-pele.jpg\" alt=\"couleur blond cendr\u00e9 adapt\u00e9e \u00e0 votre teint\" class=\"wp-image-79128\" title=\"\" srcset=\"https:\/\/danidrops.com.br\/wp-content\/uploads\/2023\/07\/03-cor-loiro-acinzentado-personalizada-ao-seu-tom-de-pele.jpg 760w, https:\/\/danidrops.com.br\/wp-content\/uploads\/2023\/07\/03-cor-loiro-acinzentado-personalizada-ao-seu-tom-de-pele-300x219.jpg 300w, https:\/\/danidrops.com.br\/wp-content\/uploads\/2023\/07\/03-cor-loiro-acinzentado-personalizada-ao-seu-tom-de-pele-16x12.jpg 16w, https:\/\/danidrops.com.br\/wp-content\/uploads\/2023\/07\/03-cor-loiro-acinzentado-personalizada-ao-seu-tom-de-pele-150x110.jpg 150w\" sizes=\"auto, (max-width: 760px) 100vw, 760px\" \/><figcaption class=\"wp-element-caption\">couleur blond cendr\u00e9 adapt\u00e9e \u00e0 votre teint<\/figcaption><\/figure>\n\n\n\n<h2 class=\"wp-block-heading\"><span class=\"ez-toc-section\" id=\"O_loiro_acinzentado_e_uma_cor_facil_de_cuidar_e_pode_ser_mantida_em_casa_com_produtos_de_qualidade\"><\/span>Le blond cendr\u00e9 est une couleur facile d&#039;entretien et peut \u00eatre entretenu \u00e0 la maison avec des produits de qualit\u00e9.<span class=\"ez-toc-section-end\"><\/span><\/h2>\n\n\n\n<p>Si vous souhaitez adopter la tendance couleur cheveux blond cendr\u00e9, sachez qu&#039;il s&#039;agit d&#039;une coloration facile d&#039;entretien et qui peut \u00eatre entretenue \u00e0 la maison avec des produits et de qualit\u00e9. Il convient de rappeler que, pour la plupart, ces produits sont chers et doivent \u00eatre utilis\u00e9s fr\u00e9quemment.<\/p>\n\n\n\n<figure class=\"wp-block-image size-full\"><img loading=\"lazy\" decoding=\"async\" width=\"760\" height=\"555\" src=\"https:\/\/danidrops.com.br\/wp-content\/uploads\/2023\/07\/06-loiro-acinzentado-facil-de-cuidar.jpg\" alt=\"blond cendr\u00e9 facile d&#039;entretien\" class=\"wp-image-79131\" title=\"\" srcset=\"https:\/\/danidrops.com.br\/wp-content\/uploads\/2023\/07\/06-loiro-acinzentado-facil-de-cuidar.jpg 760w, https:\/\/danidrops.com.br\/wp-content\/uploads\/2023\/07\/06-loiro-acinzentado-facil-de-cuidar-300x219.jpg 300w, https:\/\/danidrops.com.br\/wp-content\/uploads\/2023\/07\/06-loiro-acinzentado-facil-de-cuidar-16x12.jpg 16w, https:\/\/danidrops.com.br\/wp-content\/uploads\/2023\/07\/06-loiro-acinzentado-facil-de-cuidar-150x110.jpg 150w\" sizes=\"auto, (max-width: 760px) 100vw, 760px\" \/><figcaption class=\"wp-element-caption\">blond cendr\u00e9 facile d&#039;entretien<\/figcaption><\/figure>\n\n\n\n<p>Pour ce faire, investissez dans des horaires capillaires stricts et maintenez une routine de soins constante, car ainsi vos cheveux seront toujours beaux, color\u00e9s, soyeux et brillants.<\/p>\n\n\n\n<figure class=\"wp-block-image size-full\"><img loading=\"lazy\" decoding=\"async\" width=\"760\" height=\"555\" src=\"https:\/\/danidrops.com.br\/wp-content\/uploads\/2023\/07\/05-loiro-acinzentado-facil-de-cuidar.jpg\" alt=\"blond cendr\u00e9 facile d&#039;entretien\" class=\"wp-image-79130\" title=\"\" srcset=\"https:\/\/danidrops.com.br\/wp-content\/uploads\/2023\/07\/05-loiro-acinzentado-facil-de-cuidar.jpg 760w, https:\/\/danidrops.com.br\/wp-content\/uploads\/2023\/07\/05-loiro-acinzentado-facil-de-cuidar-300x219.jpg 300w, https:\/\/danidrops.com.br\/wp-content\/uploads\/2023\/07\/05-loiro-acinzentado-facil-de-cuidar-16x12.jpg 16w, https:\/\/danidrops.com.br\/wp-content\/uploads\/2023\/07\/05-loiro-acinzentado-facil-de-cuidar-150x110.jpg 150w\" sizes=\"auto, (max-width: 760px) 100vw, 760px\" \/><figcaption class=\"wp-element-caption\">blond cendr\u00e9 facile d&#039;entretien<\/figcaption><\/figure>\n\n\n\n<h2 class=\"wp-block-heading\"><span class=\"ez-toc-section\" id=\"O_loiro_acinzentado_e_uma_cor_que_fica_otima_em_todos_os_tipos_de_cabelo_desde_liso_ate_cacheado\"><\/span>Le blond cendr\u00e9 est une couleur qui convient \u00e0 tous les types de cheveux, des raides aux boucl\u00e9s.<span class=\"ez-toc-section-end\"><\/span><\/h2>\n\n\n\n<p>Pour les femmes qui sont dans la tendance de la couleur des cheveux blonds cendr\u00e9s, sachez que cette couleur convient \u00e0 tous les types de cheveux, des cheveux raides aux boucl\u00e9s et cr\u00e9pus. En raison de sa polyvalence, c&#039;est l&#039;une des nuances les plus recherch\u00e9es par les femmes.<\/p>\n\n\n\n<figure class=\"wp-block-image size-full\"><img loading=\"lazy\" decoding=\"async\" width=\"760\" height=\"555\" src=\"https:\/\/danidrops.com.br\/wp-content\/uploads\/2023\/07\/07-loiro-acinzentado-uma-das-tonalidades-mais-procuradas.jpg\" alt=\"blond cendr\u00e9 l&#039;une des nuances les plus recherch\u00e9es\" class=\"wp-image-79132\" title=\"\" srcset=\"https:\/\/danidrops.com.br\/wp-content\/uploads\/2023\/07\/07-loiro-acinzentado-uma-das-tonalidades-mais-procuradas.jpg 760w, https:\/\/danidrops.com.br\/wp-content\/uploads\/2023\/07\/07-loiro-acinzentado-uma-das-tonalidades-mais-procuradas-300x219.jpg 300w, https:\/\/danidrops.com.br\/wp-content\/uploads\/2023\/07\/07-loiro-acinzentado-uma-das-tonalidades-mais-procuradas-16x12.jpg 16w, https:\/\/danidrops.com.br\/wp-content\/uploads\/2023\/07\/07-loiro-acinzentado-uma-das-tonalidades-mais-procuradas-150x110.jpg 150w\" sizes=\"auto, (max-width: 760px) 100vw, 760px\" \/><figcaption class=\"wp-element-caption\">blond cendr\u00e9 l&#039;une des nuances les plus recherch\u00e9es<\/figcaption><\/figure>\n\n\n\n<figure class=\"wp-block-image size-full\"><img loading=\"lazy\" decoding=\"async\" width=\"760\" height=\"555\" src=\"https:\/\/danidrops.com.br\/wp-content\/uploads\/2023\/07\/08-loiro-acinzentado-uma-das-tonalidades-mais-procuradas.jpg\" alt=\"blond cendr\u00e9 l&#039;une des nuances les plus recherch\u00e9es\" class=\"wp-image-79133\" title=\"\" srcset=\"https:\/\/danidrops.com.br\/wp-content\/uploads\/2023\/07\/08-loiro-acinzentado-uma-das-tonalidades-mais-procuradas.jpg 760w, https:\/\/danidrops.com.br\/wp-content\/uploads\/2023\/07\/08-loiro-acinzentado-uma-das-tonalidades-mais-procuradas-300x219.jpg 300w, https:\/\/danidrops.com.br\/wp-content\/uploads\/2023\/07\/08-loiro-acinzentado-uma-das-tonalidades-mais-procuradas-16x12.jpg 16w, https:\/\/danidrops.com.br\/wp-content\/uploads\/2023\/07\/08-loiro-acinzentado-uma-das-tonalidades-mais-procuradas-150x110.jpg 150w\" sizes=\"auto, (max-width: 760px) 100vw, 760px\" \/><figcaption class=\"wp-element-caption\">blond cendr\u00e9 l&#039;une des nuances les plus recherch\u00e9es<\/figcaption><\/figure>\n\n\n\n<h2 class=\"wp-block-heading\"><span class=\"ez-toc-section\" id=\"O_loiro_acinzentado_e_uma_cor_que_e_perfeita_para_qualquer_ocasiao_desde_o_dia_a_dia_ate_ocasioes_especiais\"><\/span>Le blond cendr\u00e9 est une couleur parfaite pour toutes les occasions, du quotidien aux occasions sp\u00e9ciales.<span class=\"ez-toc-section-end\"><\/span><\/h2>\n\n\n\n<p>La tendance de la couleur des cheveux blond cendr\u00e9 est une couleur parfaite pour toutes les occasions, du quotidien aux occasions sp\u00e9ciales et formelles comme les mariages, les remises de dipl\u00f4mes, les anniversaires et les galas.<\/p>\n\n\n\n<figure class=\"wp-block-image size-full\"><img loading=\"lazy\" decoding=\"async\" width=\"760\" height=\"555\" src=\"https:\/\/danidrops.com.br\/wp-content\/uploads\/2023\/07\/10-cor-loiro-acinzentado-perfeita-para-qualquer-ocasiao.jpg\" alt=\"couleur blond cendr\u00e9 parfait pour toute occasion\" class=\"wp-image-79135\" title=\"\" srcset=\"https:\/\/danidrops.com.br\/wp-content\/uploads\/2023\/07\/10-cor-loiro-acinzentado-perfeita-para-qualquer-ocasiao.jpg 760w, https:\/\/danidrops.com.br\/wp-content\/uploads\/2023\/07\/10-cor-loiro-acinzentado-perfeita-para-qualquer-ocasiao-300x219.jpg 300w, https:\/\/danidrops.com.br\/wp-content\/uploads\/2023\/07\/10-cor-loiro-acinzentado-perfeita-para-qualquer-ocasiao-16x12.jpg 16w, https:\/\/danidrops.com.br\/wp-content\/uploads\/2023\/07\/10-cor-loiro-acinzentado-perfeita-para-qualquer-ocasiao-150x110.jpg 150w\" sizes=\"auto, (max-width: 760px) 100vw, 760px\" \/><figcaption class=\"wp-element-caption\">couleur blond cendr\u00e9 parfait pour toute occasion<\/figcaption><\/figure>\n\n\n\n<p>Dans cette optique, il est important d&#039;entretenir la couleur des cheveux avec l&#039;aide d&#039;un professionnel qualifi\u00e9 et en qui vous avez confiance, car les tons blond cendr\u00e9 doivent \u00eatre exacts et parfaits pour votre teint.<\/p>\n\n\n\n<figure class=\"wp-block-image size-full\"><img loading=\"lazy\" decoding=\"async\" width=\"760\" height=\"555\" src=\"https:\/\/danidrops.com.br\/wp-content\/uploads\/2023\/07\/09-cor-loiro-acinzentado-perfeita-para-qualquer-ocasiao.jpg\" alt=\"couleur blond cendr\u00e9 parfait pour toute occasion\" class=\"wp-image-79134\" title=\"\" srcset=\"https:\/\/danidrops.com.br\/wp-content\/uploads\/2023\/07\/09-cor-loiro-acinzentado-perfeita-para-qualquer-ocasiao.jpg 760w, https:\/\/danidrops.com.br\/wp-content\/uploads\/2023\/07\/09-cor-loiro-acinzentado-perfeita-para-qualquer-ocasiao-300x219.jpg 300w, https:\/\/danidrops.com.br\/wp-content\/uploads\/2023\/07\/09-cor-loiro-acinzentado-perfeita-para-qualquer-ocasiao-16x12.jpg 16w, https:\/\/danidrops.com.br\/wp-content\/uploads\/2023\/07\/09-cor-loiro-acinzentado-perfeita-para-qualquer-ocasiao-150x110.jpg 150w\" sizes=\"auto, (max-width: 760px) 100vw, 760px\" \/><figcaption class=\"wp-element-caption\">couleur blond cendr\u00e9 parfait pour toute occasion<\/figcaption><\/figure>\n\n\n\n<p>Et si vous voulez en savoir plus sur les soins capillaires, les astuces beaut\u00e9 et les tendances mode, continuez \u00e0 suivre notre blog ! Nous avons de nombreux autres articles int\u00e9ressants qui peuvent vous aider \u00e0 vous sentir encore plus belle et confiante.<\/p>\n<div id=\"ez-toc-container\" class=\"ez-toc-v2_0_76 counter-hierarchy ez-toc-counter ez-toc-grey ez-toc-container-direction\">\n<p class=\"ez-toc-title\" style=\"cursor:inherit\">Vous lirez cet article<\/p>\n<label for=\"ez-toc-cssicon-toggle-item-69f56d729b8fa\" class=\"ez-toc-cssicon-toggle-label\"><span class=\"ez-toc-cssicon\"><span class=\"eztoc-hide\" style=\"display:none;\">Basculer<\/span><span class=\"ez-toc-icon-toggle-span\"><svg style=\"fill: #999;color:#999\" xmlns=\"http:\/\/www.w3.org\/2000\/svg\" class=\"list-377408\" width=\"20px\" height=\"20px\" viewbox=\"0 0 24 24\" fill=\"none\"><path d=\"M6 6H4v2h2V6zm14 0H8v2h12V6zM4 11h2v2H4v-2zm16 0H8v2h12v-2zM4 16h2v2H4v-2zm16 0H8v2h12v-2z\" fill=\"currentColor\"><\/path><\/svg><svg style=\"fill: #999;color:#999\" class=\"arrow-unsorted-368013\" xmlns=\"http:\/\/www.w3.org\/2000\/svg\" width=\"10px\" height=\"10px\" viewbox=\"0 0 24 24\" version=\"1.2\" baseprofile=\"tiny\"><path d=\"M18.2 9.3l-6.2-6.3-6.2 6.3c-.2.2-.3.4-.3.7s.1.5.3.7c.2.2.4.3.7.3h11c.3 0 .5-.1.7-.3.2-.2.3-.5.3-.7s-.1-.5-.3-.7zM5.8 14.7l6.2 6.3 6.2-6.3c.2-.2.3-.5.3-.7s-.1-.5-.3-.7c-.2-.2-.4-.3-.7-.3h-11c-.3 0-.5.1-.7.3-.2.2-.3.5-.3.7s.1.5.3.7z\"\/><\/svg><\/span><\/span><\/label><input type=\"checkbox\"  id=\"ez-toc-cssicon-toggle-item-69f56d729b8fa\"  aria-label=\"Basculer\" \/><nav><ul class='ez-toc-list ez-toc-list-level-1' ><li class='ez-toc-page-1 ez-toc-heading-level-2'><a class=\"ez-toc-link ez-toc-heading-1\" href=\"https:\/\/danidrops.com.br\/fr\/blond-cendre\/#Quais_sao_as_tendencias_de_loiro_acinzentado_que_estao_na_moda\" >Quelles sont les tendances blond cendr\u00e9 qui font fureur ?<\/a><\/li><li class='ez-toc-page-1 ez-toc-heading-level-2'><a class=\"ez-toc-link ez-toc-heading-2\" href=\"https:\/\/danidrops.com.br\/fr\/blond-cendre\/#Loiro_acinzentado\" >blond cendr\u00e9<\/a><\/li><li class='ez-toc-page-1 ez-toc-heading-level-2'><a class=\"ez-toc-link ez-toc-heading-3\" href=\"https:\/\/danidrops.com.br\/fr\/blond-cendre\/#Cabelo_Loiro_Acinzentado_Longo\" >Cheveux longs blond cendr\u00e9<\/a><\/li><li class='ez-toc-page-1 ez-toc-heading-level-2'><a class=\"ez-toc-link ez-toc-heading-4\" href=\"https:\/\/danidrops.com.br\/fr\/blond-cendre\/#Cabelo_Loiro_Acinzentado_Medio\" >Cheveux blond cendr\u00e9 moyen<\/a><\/li><li class='ez-toc-page-1 ez-toc-heading-level-2'><a class=\"ez-toc-link ez-toc-heading-5\" href=\"https:\/\/danidrops.com.br\/fr\/blond-cendre\/#Cabelo_Loiro_Acinzentado_Curto\" >Cheveux courts blond cendr\u00e9<\/a><\/li><li class='ez-toc-page-1 ez-toc-heading-level-2'><a class=\"ez-toc-link ez-toc-heading-6\" href=\"https:\/\/danidrops.com.br\/fr\/blond-cendre\/#Cabelo_Loiro_Acinzentado_Cacheado\" >Cheveux blond cendr\u00e9 boucl\u00e9s<\/a><\/li><li class='ez-toc-page-1 ez-toc-heading-level-2'><a class=\"ez-toc-link ez-toc-heading-7\" href=\"https:\/\/danidrops.com.br\/fr\/blond-cendre\/#Cabelo_Loiro_Acinzentado_Liso\" >Cheveux blonds cendr\u00e9s raides<\/a><\/li><li class='ez-toc-page-1 ez-toc-heading-level-2'><a class=\"ez-toc-link ez-toc-heading-8\" href=\"https:\/\/danidrops.com.br\/fr\/blond-cendre\/#Cabelo_Loiro_Acinzentado_Trancado\" >Cheveux blonds cendr\u00e9s tress\u00e9s<\/a><\/li><li class='ez-toc-page-1 ez-toc-heading-level-2'><a class=\"ez-toc-link ez-toc-heading-9\" href=\"https:\/\/danidrops.com.br\/fr\/blond-cendre\/#Cabelo_Loiro_Acinzentado_Crespo\" >Cheveux blond cendr\u00e9 boucl\u00e9s<\/a><\/li><li class='ez-toc-page-1 ez-toc-heading-level-2'><a class=\"ez-toc-link ez-toc-heading-10\" href=\"https:\/\/danidrops.com.br\/fr\/blond-cendre\/#Cabelo_Loiro_Acinzentado_Ondulado\" >Cheveux ondul\u00e9s blond cendr\u00e9<\/a><\/li><li class='ez-toc-page-1 ez-toc-heading-level-2'><a class=\"ez-toc-link ez-toc-heading-11\" href=\"https:\/\/danidrops.com.br\/fr\/blond-cendre\/#Loiro_acinzentado_acobreado\" >blond cendr\u00e9 cuivr\u00e9<\/a><\/li><li class='ez-toc-page-1 ez-toc-heading-level-2'><a class=\"ez-toc-link ez-toc-heading-12\" href=\"https:\/\/danidrops.com.br\/fr\/blond-cendre\/#Loiro_acinzentado_claro\" >blond clair cendr\u00e9<\/a><\/li><li class='ez-toc-page-1 ez-toc-heading-level-2'><a class=\"ez-toc-link ez-toc-heading-13\" href=\"https:\/\/danidrops.com.br\/fr\/blond-cendre\/#Loiro_acinzentado_com_castanho_claro\" >Blond cendr\u00e9 avec ch\u00e2tain clair<\/a><\/li><li class='ez-toc-page-1 ez-toc-heading-level-2'><a class=\"ez-toc-link ez-toc-heading-14\" href=\"https:\/\/danidrops.com.br\/fr\/blond-cendre\/#Loiro_acinzentado_dourado\" >blond cendr\u00e9 dor\u00e9<\/a><\/li><li class='ez-toc-page-1 ez-toc-heading-level-2'><a class=\"ez-toc-link ez-toc-heading-15\" href=\"https:\/\/danidrops.com.br\/fr\/blond-cendre\/#Loiro_acinzentado_escuro\" >blond fonc\u00e9 cendr\u00e9<\/a><\/li><li class='ez-toc-page-1 ez-toc-heading-level-2'><a class=\"ez-toc-link ez-toc-heading-16\" href=\"https:\/\/danidrops.com.br\/fr\/blond-cendre\/#Loiro_acinzentado_platinado\" >blond platine cendr\u00e9<\/a><\/li><li class='ez-toc-page-1 ez-toc-heading-level-2'><a class=\"ez-toc-link ez-toc-heading-17\" href=\"https:\/\/danidrops.com.br\/fr\/blond-cendre\/#Loiro_acinzentado_jumbo\" >blond cendr\u00e9 g\u00e9ant<\/a><\/li><li class='ez-toc-page-1 ez-toc-heading-level-2'><a class=\"ez-toc-link ez-toc-heading-18\" href=\"https:\/\/danidrops.com.br\/fr\/blond-cendre\/#Loiro_acinzentado_em_cabelos_pretos\" >blond cendr\u00e9 aux cheveux noirs<\/a><\/li><li class='ez-toc-page-1 ez-toc-heading-level-2'><a class=\"ez-toc-link ez-toc-heading-19\" href=\"https:\/\/danidrops.com.br\/fr\/blond-cendre\/#Loiro_acinzentado_ombre_hair\" >cheveux ombr\u00e9s blond cendr\u00e9<\/a><\/li><li class='ez-toc-page-1 ez-toc-heading-level-2'><a class=\"ez-toc-link ez-toc-heading-20\" href=\"https:\/\/danidrops.com.br\/fr\/blond-cendre\/#Loiro_acinzentado_cobre\" >blond cendr\u00e9 cuivr\u00e9<\/a><\/li><li class='ez-toc-page-1 ez-toc-heading-level-2'><a class=\"ez-toc-link ez-toc-heading-21\" href=\"https:\/\/danidrops.com.br\/fr\/blond-cendre\/#Loiro_acinzentado_iluminado\" >Blond cendr\u00e9 illumin\u00e9<\/a><\/li><li class='ez-toc-page-1 ez-toc-heading-level-2'><a class=\"ez-toc-link ez-toc-heading-22\" href=\"https:\/\/danidrops.com.br\/fr\/blond-cendre\/#Loiro_acinzentado_em_cabelo_cacheado\" >Blond cendr\u00e9 aux cheveux boucl\u00e9s<\/a><\/li><li class='ez-toc-page-1 ez-toc-heading-level-2'><a class=\"ez-toc-link ez-toc-heading-23\" href=\"https:\/\/danidrops.com.br\/fr\/blond-cendre\/#Loiro_acinzentado_em_negras\" >blond cendr\u00e9 sur noir<\/a><\/li><li class='ez-toc-page-1 ez-toc-heading-level-2'><a class=\"ez-toc-link ez-toc-heading-24\" href=\"https:\/\/danidrops.com.br\/fr\/blond-cendre\/#Loiro_acinzentado_crespo\" >blond cendr\u00e9 boucl\u00e9<\/a><\/li><li class='ez-toc-page-1 ez-toc-heading-level-2'><a class=\"ez-toc-link ez-toc-heading-25\" href=\"https:\/\/danidrops.com.br\/fr\/blond-cendre\/#Loiro_acinzentado_natural\" >blond cendr\u00e9 naturel<\/a><\/li><li class='ez-toc-page-1 ez-toc-heading-level-2'><a class=\"ez-toc-link ez-toc-heading-26\" href=\"https:\/\/danidrops.com.br\/fr\/blond-cendre\/#Loiro_acinzentado_luzes\" >lumi\u00e8res blond cendr\u00e9<\/a><\/li><li class='ez-toc-page-1 ez-toc-heading-level-2'><a class=\"ez-toc-link ez-toc-heading-27\" href=\"https:\/\/danidrops.com.br\/fr\/blond-cendre\/#Loiro_acinzentado_mechas\" >reflets blond cendr\u00e9<\/a><\/li><li class='ez-toc-page-1 ez-toc-heading-level-2'><a class=\"ez-toc-link ez-toc-heading-28\" href=\"https:\/\/danidrops.com.br\/fr\/blond-cendre\/#Loiro_acinzentado_medio\" >blond cendr\u00e9 moyen<\/a><\/li><li class='ez-toc-page-1 ez-toc-heading-level-2'><a class=\"ez-toc-link ez-toc-heading-29\" href=\"https:\/\/danidrops.com.br\/fr\/blond-cendre\/#Loiro_acinzentado_estilosos\" >blond cendr\u00e9 \u00e9l\u00e9gant<\/a><\/li><li class='ez-toc-page-1 ez-toc-heading-level-2'><a class=\"ez-toc-link ez-toc-heading-30\" href=\"https:\/\/danidrops.com.br\/fr\/blond-cendre\/#Loiro_acinzentado_intenso\" >Blond cendr\u00e9 intense<\/a><\/li><li class='ez-toc-page-1 ez-toc-heading-level-2'><a class=\"ez-toc-link ez-toc-heading-31\" href=\"https:\/\/danidrops.com.br\/fr\/blond-cendre\/#Loiro_acinzentado_longo\" >long blond cendr\u00e9<\/a><\/li><li class='ez-toc-page-1 ez-toc-heading-level-2'><a class=\"ez-toc-link ez-toc-heading-32\" href=\"https:\/\/danidrops.com.br\/fr\/blond-cendre\/#Loiro_acinzentado_curto\" >blond cendr\u00e9 court<\/a><\/li><li class='ez-toc-page-1 ez-toc-heading-level-2'><a class=\"ez-toc-link ez-toc-heading-33\" href=\"https:\/\/danidrops.com.br\/fr\/blond-cendre\/#Loiro_acinzentado_cacheado\" >blond cendr\u00e9 boucl\u00e9<\/a><\/li><li class='ez-toc-page-1 ez-toc-heading-level-2'><a class=\"ez-toc-link ez-toc-heading-34\" href=\"https:\/\/danidrops.com.br\/fr\/blond-cendre\/#Loiro_acinzentado_ondulado\" >blond cendr\u00e9 ondul\u00e9<\/a><\/li><li class='ez-toc-page-1 ez-toc-heading-level-2'><a class=\"ez-toc-link ez-toc-heading-35\" href=\"https:\/\/danidrops.com.br\/fr\/blond-cendre\/#Loiro_acinzentado_liso\" >blond cendr\u00e9 lisse<\/a><\/li><li class='ez-toc-page-1 ez-toc-heading-level-2'><a class=\"ez-toc-link ez-toc-heading-36\" href=\"https:\/\/danidrops.com.br\/fr\/blond-cendre\/#Quais_formatos_de_rosto_combinam_mais_com_o_Cabelo_Loiro_Acinzentado\" >Quelles formes de visage conviennent le mieux aux cheveux blonds cendr\u00e9s?<\/a><\/li><li class='ez-toc-page-1 ez-toc-heading-level-2'><a class=\"ez-toc-link ez-toc-heading-37\" href=\"https:\/\/danidrops.com.br\/fr\/blond-cendre\/#Qual_o_melhor_Shampoo_e_Condicionador_para_Cabelo_Loiro_Acinzentado\" >Quel est le meilleur shampoing et apr\u00e8s-shampooing pour cheveux blonds cendr\u00e9s ?<\/a><\/li><li class='ez-toc-page-1 ez-toc-heading-level-2'><a class=\"ez-toc-link ez-toc-heading-38\" href=\"https:\/\/danidrops.com.br\/fr\/blond-cendre\/#Quais_tons_de_pele_combinam_mais_com_o_Cabelo_Loiro_Acinzentado\" >Quels tons de peau conviennent le mieux aux cheveux blonds cendr\u00e9s?<\/a><\/li><li class='ez-toc-page-1 ez-toc-heading-level-2'><a class=\"ez-toc-link ez-toc-heading-39\" href=\"https:\/\/danidrops.com.br\/fr\/blond-cendre\/#Comclusao_sobre_o_Cabelo_Loiro_Acinzentado\" >Conclusion sur les cheveux blond cendr\u00e9<\/a><\/li><li class='ez-toc-page-1 ez-toc-heading-level-2'><a class=\"ez-toc-link ez-toc-heading-40\" href=\"https:\/\/danidrops.com.br\/fr\/blond-cendre\/#O_loiro_acinzentado_e_a_cor_de_cabelo_do_momento_e_e_perfeito_para_qualquer_mulher_independentemente_da_sua_idade_ou_estilo\" >Le blond cendr\u00e9 est la couleur de cheveux du moment et convient parfaitement \u00e0 toutes les femmes, quel que soit leur \u00e2ge ou leur style.<\/a><\/li><li class='ez-toc-page-1 ez-toc-heading-level-2'><a class=\"ez-toc-link ez-toc-heading-41\" href=\"https:\/\/danidrops.com.br\/fr\/blond-cendre\/#O_loiro_acinzentado_e_uma_cor_versatil_que_pode_ser_personalizada_para_se_adequar_a_qualquer_tom_de_pele\" >Ash Blonde est une couleur polyvalente qui peut \u00eatre personnalis\u00e9e pour s&#039;adapter \u00e0 n&#039;importe quel teint.<\/a><\/li><li class='ez-toc-page-1 ez-toc-heading-level-2'><a class=\"ez-toc-link ez-toc-heading-42\" href=\"https:\/\/danidrops.com.br\/fr\/blond-cendre\/#O_loiro_acinzentado_e_uma_cor_facil_de_cuidar_e_pode_ser_mantida_em_casa_com_produtos_de_qualidade\" >Le blond cendr\u00e9 est une couleur facile d&#039;entretien et peut \u00eatre entretenu \u00e0 la maison avec des produits de qualit\u00e9.<\/a><\/li><li class='ez-toc-page-1 ez-toc-heading-level-2'><a class=\"ez-toc-link ez-toc-heading-43\" href=\"https:\/\/danidrops.com.br\/fr\/blond-cendre\/#O_loiro_acinzentado_e_uma_cor_que_fica_otima_em_todos_os_tipos_de_cabelo_desde_liso_ate_cacheado\" >Le blond cendr\u00e9 est une couleur qui convient \u00e0 tous les types de cheveux, des raides aux boucl\u00e9s.<\/a><\/li><li class='ez-toc-page-1 ez-toc-heading-level-2'><a class=\"ez-toc-link ez-toc-heading-44\" href=\"https:\/\/danidrops.com.br\/fr\/blond-cendre\/#O_loiro_acinzentado_e_uma_cor_que_e_perfeita_para_qualquer_ocasiao_desde_o_dia_a_dia_ate_ocasioes_especiais\" >Le blond cendr\u00e9 est une couleur parfaite pour toutes les occasions, du quotidien aux occasions sp\u00e9ciales.<\/a><\/li><\/ul><\/nav><\/div>","protected":false},"excerpt":{"rendered":"<p>Le blond cendr\u00e9 gagne de plus en plus en popularit\u00e9 et promet d&#039;\u00eatre l&#039;une des couleurs les plus pris\u00e9es du monde de la beaut\u00e9 d&#039;ici 2025. Connu\u2026<\/p>","protected":false},"author":1,"featured_media":99471,"comment_status":"open","ping_status":"open","sticky":false,"template":"","format":"standard","meta":{"footnotes":""},"categories":[439],"tags":[],"class_list":["post-42478","post","type-post","status-publish","format-standard","has-post-thumbnail","hentry","category-cabelo"],"_links":{"self":[{"href":"https:\/\/danidrops.com.br\/fr\/wp-json\/wp\/v2\/posts\/42478","targetHints":{"allow":["GET"]}}],"collection":[{"href":"https:\/\/danidrops.com.br\/fr\/wp-json\/wp\/v2\/posts"}],"about":[{"href":"https:\/\/danidrops.com.br\/fr\/wp-json\/wp\/v2\/types\/post"}],"author":[{"embeddable":true,"href":"https:\/\/danidrops.com.br\/fr\/wp-json\/wp\/v2\/users\/1"}],"replies":[{"embeddable":true,"href":"https:\/\/danidrops.com.br\/fr\/wp-json\/wp\/v2\/comments?post=42478"}],"version-history":[{"count":0,"href":"https:\/\/danidrops.com.br\/fr\/wp-json\/wp\/v2\/posts\/42478\/revisions"}],"wp:featuredmedia":[{"embeddable":true,"href":"https:\/\/danidrops.com.br\/fr\/wp-json\/wp\/v2\/media\/99471"}],"wp:attachment":[{"href":"https:\/\/danidrops.com.br\/fr\/wp-json\/wp\/v2\/media?parent=42478"}],"wp:term":[{"taxonomy":"category","embeddable":true,"href":"https:\/\/danidrops.com.br\/fr\/wp-json\/wp\/v2\/categories?post=42478"},{"taxonomy":"post_tag","embeddable":true,"href":"https:\/\/danidrops.com.br\/fr\/wp-json\/wp\/v2\/tags?post=42478"}],"curies":[{"name":"wp","href":"https:\/\/api.w.org\/{rel}","templated":true}]}}