{"id":42697,"date":"2022-09-15T15:12:57","date_gmt":"2022-09-15T18:12:57","guid":{"rendered":"https:\/\/danidrops.com.br\/?p=42697"},"modified":"2024-01-31T06:51:11","modified_gmt":"2024-01-31T09:51:11","slug":"cheveux-avec-meches-2023","status":"publish","type":"post","link":"https:\/\/danidrops.com.br\/fr\/cheveux-avec-meches-2023\/","title":{"rendered":"Cheveux m\u00e9ch\u00e9s 2023 \u2013 D\u00e9couvrez plus de 80 options pour les cheveux m\u00e9ch\u00e9s, comment en prendre soin et \u00e9tape par \u00e9tape"},"content":{"rendered":"<p>Si vous voulez commencer l&#039;ann\u00e9e avec un beau look, vous devez certainement miser sur<strong> cheveux avec m\u00e8ches 2023<\/strong>. Ils permettent aux femmes de devenir plus \u00e9l\u00e9gantes et sophistiqu\u00e9es, faisant ressortir toute la puissance f\u00e9minine.<\/p>\n\n\n\n<div class=\"container2\">\n    <div class=\"coluna coluna1\">\n        <!-- Conte\u00fado da primeira coluna -->\n        <img decoding=\"async\" src=\"https:\/\/danidrops.com.br\/wp-content\/uploads\/2024\/01\/Tendencia-de-Cabelo-com-Luzes-2024-4.jpg\" alt=\"Tendance cheveux avec m\u00e8ches 2024\" title=\"\">\n    <\/div>\n    <div class=\"coluna coluna2\">\n        <!-- Conte\u00fado da segunda coluna -->\n<a class=\"cta-button\" href=\"https:\/\/danidrops.com.br\/fr\/tendance-coiffure-avec-meches-2024\/\" title=\"Tendance cheveux avec m\u00e8ches 2024\">Tendance capillaire avec reflets 2024. Cliquez ici\u2026<\/a>\n        <p class=\"titulo1\">Regarder <strong>60 inspirations pour la tendance Highlight Hair 2024<\/strong>.<\/p>        \n    <\/div>\n<\/div>\n<script type=\"application\/ld+json\">{\n    \"@context\": \"http:\\\/\\\/schema.org\",\n    \"@type\": \"Action\",\n    \"name\": \"Tend\\u00eancia de Cabelo com Luzes 2024\",\n    \"description\": \"Ao clicar, voc\\u00ea vai acessar a p\\u00e1gina com Tend\\u00eancia de Cabelo com Luzes 2024 e ver\\u00e1 mais de 60 inspira\\u00e7\\u00f5es da Tend\\u00eancia de Cabelo com Luzes 2024.\",\n    \"target\": {\n        \"@type\": \"EntryPoint\",\n        \"urlTemplate\": \"https:\\\/\\\/danidrops.com.br\\\/tendencia-de-cabelo-com-luzes-2024\\\/\"\n    }\n}<\/script>\n\n\n\n<p>Bien qu&#039;il ne s&#039;agisse pas d&#039;une technique nouvelle, les professionnels tentent de l&#039;innover chaque ann\u00e9e, cr\u00e9ant des diff\u00e9rences qui les rendent plus belles et pleines de charme.<\/p>\n\n\n\n<figure class=\"wp-block-image size-full\"><img decoding=\"async\" src=\"https:\/\/danidrops.com.br\/wp-content\/uploads\/2022\/09\/30-Cabelo-com-Luzes-2023.jpg\" alt=\"Cheveux avec m\u00e8ches 2023\" class=\"wp-image-41800\" title=\"\"><figcaption class=\"wp-element-caption\">Cheveux avec m\u00e8ches 2023<\/figcaption><\/figure>\n\n\n\n<p>Dans l&#039;ensemble, la technique des m\u00e8ches capillaires est l&#039;une des plus pratiqu\u00e9es dans les petits, moyens et grands instituts de beaut\u00e9 et pour cette raison, de nombreuses femmes recherchent des inspirations et des mod\u00e8les l\u00e9gers avant de changer officiellement de look.<\/p>\n\n\n\n<figure class=\"wp-block-image size-full\"><img decoding=\"async\" src=\"https:\/\/danidrops.com.br\/wp-content\/uploads\/2022\/09\/18-Cabelo-com-Luzes-2023.jpg\" alt=\"Cheveux avec m\u00e8ches 2023\" class=\"wp-image-41800\" title=\"\"><figcaption class=\"wp-element-caption\">Cheveux avec m\u00e8ches 2023<\/figcaption><\/figure>\n\n\n\n<p>Dans cet article nous allons vous montrer les principales fa\u00e7ons de mettre en valeur vos cheveux, ainsi que les couleurs les plus utilis\u00e9es pour cette technique. De plus, nous vous montrerons quelques conseils sur la fa\u00e7on de prendre soin des cheveux avec des reflets 2023 afin qu&#039;ils ne perdent pas leur \u00e9clat et soient toujours beaux en toute occasion.<\/p>\n\n\n\n<p><strong>A lire aussi :&nbsp;<\/strong><a href=\"https:\/\/danidrops.com.br\/fr\/cheveux-platine-avec-des-reflets\/\">Cheveux platine avec des reflets<\/a>&nbsp;\u2013 Voir plus de 100 inspirations pour des coupes de cheveux avec des m\u00e8ches<\/p>\n\n\n\n<figure class=\"wp-block-image size-full\"><img decoding=\"async\" src=\"https:\/\/danidrops.com.br\/wp-content\/uploads\/2022\/09\/12-Cabelo-com-Luzes-2023.jpg\" alt=\"Cheveux avec m\u00e8ches 2023\" class=\"wp-image-41800\" title=\"\"><figcaption class=\"wp-element-caption\">Cheveux avec m\u00e8ches 2023<\/figcaption><\/figure>\n\n\n\n<figure class=\"wp-block-image size-full\"><img decoding=\"async\" src=\"https:\/\/danidrops.com.br\/wp-content\/uploads\/2022\/09\/13-Cabelo-com-Luzes-2023.jpg\" alt=\"Cheveux avec m\u00e8ches 2023\" class=\"wp-image-41800\" title=\"\"><figcaption class=\"wp-element-caption\">Cheveux avec m\u00e8ches 2023<\/figcaption><\/figure>\n\n\n\n<script type=\"application\/ld+json\">{\n    \"@context\": \"https:\\\/\\\/schema.org\",\n    \"@type\": \"FAQPage\",\n    \"mainEntity\": [\n        {\n            \"@type\": \"Question\",\n            \"name\": \"O que s\\u00e3o os cabelos com luzes 2023?\",\n            \"acceptedAnswer\": {\n                \"@type\": \"Answer\",\n                \"text\": \"Como o pr\\u00f3prio nome sugere, os cabelos com luzes 2023 s\\u00e3o aquele com alguns fios claros que tem a fun\\u00e7\\u00e3o de clarear ou iluminar as madeixas.\"\n            }\n        },\n        {\n            \"@type\": \"Question\",\n            \"name\": \"Quais as cores tend\\u00eancia para cabelos com luzes 2023?\",\n            \"acceptedAnswer\": {\n                \"@type\": \"Answer\",\n                \"text\": \"As cores tend\\u00eancia para cabelos com luzes 2023 s\\u00e3o: Luzes loiras, Luzes platinadas, Luzes caramelo, Luzes chocolate, Luzes mel, Luzes cinzas, Luzes vermelhas, Luzes com cores fantasia.\"\n            }\n        },\n        {\n            \"@type\": \"Question\",\n            \"name\": \"Quais as t\\u00e9cnicas mais usadas nos cabelos com luzes 2023?\",\n            \"acceptedAnswer\": {\n                \"@type\": \"Answer\",\n                \"text\": \"As t\\u00e9cnicas mais usadas para deixar os cabelos com luzes em 2023 s\\u00e3o: Ombre Hair, Luzes Frontais, Luzes French Balayage.\"\n            }\n        },\n        {\n            \"@type\": \"Question\",\n            \"name\": \"Os cabelos com luzes 2023 combinam com quais tipos de fios?\",\n            \"acceptedAnswer\": {\n                \"@type\": \"Answer\",\n                \"text\": \"Os cabelos com luzes 2023 s\\u00e3o ideais para todos os tipos de mulheres e homens independente do tipo de fio e de suas curvaturas.\"\n            }\n        },\n        {\n            \"@type\": \"Question\",\n            \"name\": \"Como cuidar dos cabelos com luzes 2023?\",\n            \"acceptedAnswer\": {\n                \"@type\": \"Answer\",\n                \"text\": \"Voc\\u00ea precisa elaborar um cronograma capilar com a ajuda de seu cabeleireiro, para que os produtos e frequ\\u00eancias com que s\\u00e3o usados sejam eficazes para a sa\\u00fade dos fios.\"\n            }\n        }\n    ]\n}<\/script>\n\n\n\n<h2 class=\"wp-block-heading\"><span class=\"ez-toc-section\" id=\"O_que_sao_os_cabelos_com_luzes_2023\"><\/span>Qu&#039;est-ce que les cheveux avec des m\u00e8ches 2023?<span class=\"ez-toc-section-end\"><\/span><\/h2>\n\n\n\n<p>Comme son nom l&#039;indique, le cheveu avec m\u00e8ches 2023 est celui avec quelques m\u00e8ches l\u00e9g\u00e8res qui a pour fonction d&#039;\u00e9claircir ou d&#039;\u00e9claircir les m\u00e8ches.<\/p>\n\n\n\n<figure class=\"wp-block-image size-full\"><img decoding=\"async\" src=\"https:\/\/danidrops.com.br\/wp-content\/uploads\/2022\/09\/14-Cabelo-com-Luzes-2023.jpg\" alt=\"Cheveux avec m\u00e8ches 2023\" class=\"wp-image-41800\" title=\"\"><figcaption class=\"wp-element-caption\">Cheveux avec m\u00e8ches 2023<\/figcaption><\/figure>\n\n\n\n<figure class=\"wp-block-image size-full\"><img decoding=\"async\" src=\"https:\/\/danidrops.com.br\/wp-content\/uploads\/2022\/09\/15-Cabelo-com-Luzes-2023.jpg\" alt=\"Cheveux avec m\u00e8ches 2023\" class=\"wp-image-41800\" title=\"\"><figcaption class=\"wp-element-caption\">Cheveux avec m\u00e8ches 2023<\/figcaption><\/figure>\n\n\n\n<p>Cette technique, bien qu&#039;ancienne et largement utilis\u00e9e par les femmes depuis son lancement, n\u00e9cessite d&#039;\u00eatre r\u00e9alis\u00e9e par un professionnel qualifi\u00e9 et form\u00e9, pour que l&#039;effet soit beau et harmonieux.<\/p>\n\n\n\n<figure class=\"wp-block-image size-full\"><img decoding=\"async\" src=\"https:\/\/danidrops.com.br\/wp-content\/uploads\/2022\/09\/05-Cabelo-com-Luzes-2023.jpg\" alt=\"Cheveux avec m\u00e8ches 2023\" class=\"wp-image-41800\" title=\"\"><figcaption class=\"wp-element-caption\">Cheveux avec m\u00e8ches 2023<\/figcaption><\/figure>\n\n\n\n<p>Dans un contexte g\u00e9n\u00e9ral, les lumi\u00e8res sont rendues extr\u00eamement fines du haut de la t\u00eate jusqu&#039;aux extr\u00e9mit\u00e9s. La mesure des lumi\u00e8res peut \u00eatre lin\u00e9aire ou augmenter l\u00e9g\u00e8rement lorsqu&#039;elle atteint les extr\u00e9mit\u00e9s. Parce qu&#039;ils sont tr\u00e8s fins et d\u00e9licats, ils offrent une finition naturelle et moderne.<\/p>\n\n\n\n<figure class=\"wp-block-image size-full\"><img decoding=\"async\" src=\"https:\/\/danidrops.com.br\/wp-content\/uploads\/2022\/09\/02-Cabelo-com-Luzes-2023.jpg\" alt=\"Cheveux avec m\u00e8ches 2023\" class=\"wp-image-41800\" title=\"\"><figcaption class=\"wp-element-caption\">Cheveux avec m\u00e8ches 2023<\/figcaption><\/figure>\n\n\n\n<figure class=\"wp-block-image size-full\"><img decoding=\"async\" src=\"https:\/\/danidrops.com.br\/wp-content\/uploads\/2022\/09\/03-Cabelo-com-Luzes-2023.jpg\" alt=\"Cheveux avec m\u00e8ches 2023\" class=\"wp-image-41800\" title=\"\"><figcaption class=\"wp-element-caption\">Cheveux avec m\u00e8ches 2023<\/figcaption><\/figure>\n\n\n\n<script type=\"application\/ld+json\">{\n    \"@context\": \"https:\\\/\\\/schema.org\",\n    \"@type\": \"VideoObject\",\n    \"name\": \"Cabelo com Luzes 2023 - Veja 50 inspira\\u00e7\\u00f5es de Cabelo com Luzes\",\n    \"description\": \"Se voc\\u00ea quer come\\u00e7ar o ano com um bel\\u00edssimo visual certamente deve apostar no cabelo com luzes 2023. Elas permitem que as mulheres se tornem mais elegantes e sofisticadas, trazendo \\u00e0 tona todo o poder feminino.\",\n    \"thumbnailUrl\": \"https:\\\/\\\/danidrops.com.br\\\/wp-content\\\/uploads\\\/2022\\\/09\\\/Cabelo-com-Luzes-2023.jpg\",\n    \"uploadDate\": \"2022-09-15\",\n    \"duration\": \"PT3M23S\",\n    \"contentUrl\": \"https:\\\/\\\/youtu.be\\\/wnMgp91y-Ow\",\n    \"embedUrl\": \"https:\\\/\\\/youtu.be\\\/wnMgp91y-Ow\",\n    \"potentialAction\": {\n        \"@type\": \"SeekToAction\",\n        \"target\": \"https:\\\/\\\/youtu.be\\\/wnMgp91y-Ow={seek_to_second_number}\",\n        \"startOffset-input\": \"required name=seek_to_second_number\"\n    }\n}<\/script>\n\n\n\n<figure class=\"wp-block-embed is-type-video is-provider-youtube wp-block-embed-youtube wp-embed-aspect-16-9 wp-has-aspect-ratio\"><div class=\"wp-block-embed__wrapper\">\n<iframe loading=\"lazy\" title=\"Hair with Highlights 2023 - Voir 50 inspirations Hair with Highlights\" width=\"500\" height=\"281\" src=\"https:\/\/www.youtube.com\/embed\/wnMgp91y-Ow?feature=oembed\" frameborder=\"0\" allow=\"accelerometer; autoplay; clipboard-write; encrypted-media; gyroscope; picture-in-picture; web-share\" referrerpolicy=\"strict-origin-when-cross-origin\" allowfullscreen><\/iframe>\n<\/div><figcaption class=\"wp-element-caption\">Hair with Highlights 2023 \u2013 Voir 50 coiffures avec des inspirations Highlights<\/figcaption><\/figure>\n\n\n\n<h2 class=\"wp-block-heading\"><span class=\"ez-toc-section\" id=\"Quais_as_cores_tendencia_para_cabelos_com_luzes_2023\"><\/span>Quelles sont les couleurs tendances pour les cheveux avec m\u00e8ches 2023 ?<span class=\"ez-toc-section-end\"><\/span><\/h2>\n\n\n\n<p>Les couleurs tendance pour les cheveux m\u00e9ch\u00e9s 2023 sont :<\/p>\n\n\n\n<ul class=\"wp-block-list\">\n<li>lumi\u00e8res blondes<\/li>\n\n\n\n<li>lumi\u00e8res de platine<\/li>\n\n\n\n<li>lumi\u00e8res caramel<\/li>\n\n\n\n<li>lumi\u00e8res au chocolat<\/li>\n\n\n\n<li>lumi\u00e8res de miel<\/li>\n\n\n\n<li>lumi\u00e8res grises<\/li>\n\n\n\n<li>lumieres rouges<\/li>\n\n\n\n<li>lumi\u00e8res de couleur fantaisie<\/li>\n<\/ul>\n\n\n\n<p><\/p>\n\n\n\n<figure class=\"wp-block-image size-full\"><img decoding=\"async\" src=\"https:\/\/danidrops.com.br\/wp-content\/uploads\/2022\/09\/07-Cabelo-com-Luzes-2023.jpg\" alt=\"Cheveux avec m\u00e8ches 2023\" class=\"wp-image-41800\" title=\"\"><figcaption class=\"wp-element-caption\">Cheveux avec m\u00e8ches 2023<\/figcaption><\/figure>\n\n\n\n<figure class=\"wp-block-image size-full\"><img decoding=\"async\" src=\"https:\/\/danidrops.com.br\/wp-content\/uploads\/2022\/09\/08-Cabelo-com-Luzes-2023.jpg\" alt=\"Cheveux avec m\u00e8ches 2023\" class=\"wp-image-41800\" title=\"\"><figcaption class=\"wp-element-caption\">Cheveux avec m\u00e8ches 2023<\/figcaption><\/figure>\n\n\n\n<p>Bien que beaucoup de gens croient qu&#039;il n&#039;est possible de faire des reflets qu&#039;en couleur blonde, ce n&#039;est pas vrai et la possibilit\u00e9 de cr\u00e9er des mod\u00e8les avec de beaux looks est tr\u00e8s grande.<\/p>\n\n\n\n<figure class=\"wp-block-image size-full\"><img decoding=\"async\" src=\"https:\/\/danidrops.com.br\/wp-content\/uploads\/2022\/09\/06-Cabelo-com-Luzes-2023.jpg\" alt=\"Cheveux avec m\u00e8ches 2023\" class=\"wp-image-41800\" title=\"\"><figcaption class=\"wp-element-caption\">Cheveux avec m\u00e8ches 2023<\/figcaption><\/figure>\n\n\n\n<figure class=\"wp-block-image size-full\"><img decoding=\"async\" src=\"https:\/\/danidrops.com.br\/wp-content\/uploads\/2022\/09\/09-Cabelo-com-Luzes-2023.jpg\" alt=\"Cheveux avec m\u00e8ches 2023\" class=\"wp-image-41800\" title=\"\"><figcaption class=\"wp-element-caption\">Cheveux avec m\u00e8ches 2023<\/figcaption><\/figure>\n\n\n\n<p>Certaines couleurs gagnent en importance en ce qui concerne les lumi\u00e8res, cependant, l&#039;infinit\u00e9 de couleurs ne d\u00e9pend que de votre cr\u00e9ativit\u00e9 et de votre imagination.<\/p>\n\n\n\n<h2 class=\"wp-block-heading\"><span class=\"ez-toc-section\" id=\"Luzes_loiras\"><\/span>lumi\u00e8res blondes<span class=\"ez-toc-section-end\"><\/span><\/h2>\n\n\n\n<p>O <a href=\"https:\/\/danidrops.com.br\/fr\/tendance-cheveux-blonds-2025\/\" data-type=\"URL\" data-id=\"https:\/\/danidrops.com.br\/tendencia-cabelo-loiro-2025\/\">cheveux blonds 2023<\/a> C&#039;est le type de couleur qui est le plus traditionnel et le plus utilis\u00e9 chez les femmes. Il peut \u00eatre fabriqu\u00e9 dans diff\u00e9rentes nuances et styles et est g\u00e9n\u00e9ralement associ\u00e9 \u00e0 ceux qui souhaitent illuminer leur visage.<\/p>\n\n\n\n<figure class=\"wp-block-image size-full\"><img decoding=\"async\" src=\"https:\/\/danidrops.com.br\/wp-content\/uploads\/2022\/09\/01-Cabelo-com-Luzes-2023.jpg\" alt=\"Cheveux avec m\u00e8ches 2023\" class=\"wp-image-41800\" title=\"\"><figcaption class=\"wp-element-caption\">Cheveux avec m\u00e8ches 2023<\/figcaption><\/figure>\n\n\n\n<figure class=\"wp-block-image size-full\"><img decoding=\"async\" src=\"https:\/\/danidrops.com.br\/wp-content\/uploads\/2022\/09\/10-Cabelo-com-Luzes-2023.jpg\" alt=\"Cheveux avec m\u00e8ches 2023\" class=\"wp-image-41800\" title=\"\"><figcaption class=\"wp-element-caption\">Cheveux avec m\u00e8ches 2023<\/figcaption><\/figure>\n\n\n\n<h2 class=\"wp-block-heading\"><span class=\"ez-toc-section\" id=\"Luzes_platinadas\"><\/span>lumi\u00e8res de platine<span class=\"ez-toc-section-end\"><\/span><\/h2>\n\n\n\n<p>C&#039;est aussi une couleur tr\u00e8s utilis\u00e9e par les femmes qui veulent innover dans le look et cr\u00e9er quelque chose de beau et d&#039;intemporel. Il est class\u00e9 comme un blond tr\u00e8s clair avec des nuances froides. <\/p>\n\n\n\n<p><strong>A lire aussi : <\/strong><a href=\"https:\/\/danidrops.com.br\/fr\/cheveux-platine-2023\/\" data-type=\"URL\" data-id=\"https:\/\/danidrops.com.br\/cabelo-platinado-2023\/\">2023 cheveux platine<\/a> \u2013 Voir plus de 80 mod\u00e8les de cheveux platine, comment en prendre soin et comment le faire<\/p>\n\n\n\n<p>Ceux qui ont les cheveux naturellement clairs peuvent remarquer des diff\u00e9rences subtiles. Les femmes aux cheveux noirs, en revanche, cr\u00e9ent un effet de contraste spectaculaire lors de la r\u00e9alisation de reflets platine.<\/p>\n\n\n\n<figure class=\"wp-block-image size-full\"><img decoding=\"async\" src=\"https:\/\/danidrops.com.br\/wp-content\/uploads\/2022\/09\/11-Cabelo-com-Luzes-2023.jpg\" alt=\"Cheveux avec m\u00e8ches 2023\" class=\"wp-image-41800\" title=\"\"><figcaption class=\"wp-element-caption\">Cheveux avec m\u00e8ches 2023<\/figcaption><\/figure>\n\n\n\n<figure class=\"wp-block-image size-full\"><img decoding=\"async\" src=\"https:\/\/danidrops.com.br\/wp-content\/uploads\/2022\/09\/16-Cabelo-com-Luzes-2023.jpg\" alt=\"Cheveux avec m\u00e8ches 2023\" class=\"wp-image-41800\" title=\"\"><figcaption class=\"wp-element-caption\">Cheveux avec m\u00e8ches 2023<\/figcaption><\/figure>\n\n\n\n<h2 class=\"wp-block-heading\"><span class=\"ez-toc-section\" id=\"Luzes_caramelo\"><\/span>lumi\u00e8res caramel<span class=\"ez-toc-section-end\"><\/span><\/h2>\n\n\n\n<p>Ce ton est id\u00e9al pour ceux qui ont les cheveux fonc\u00e9s et qui veulent \u00e9claircir les m\u00e8ches de mani\u00e8re d\u00e9licate et discr\u00e8te.<\/p>\n\n\n\n<figure class=\"wp-block-image size-full\"><img decoding=\"async\" src=\"https:\/\/danidrops.com.br\/wp-content\/uploads\/2022\/09\/17-Cabelo-com-Luzes-2023.jpg\" alt=\"Cheveux avec m\u00e8ches 2023\" class=\"wp-image-41800\" title=\"\"><figcaption class=\"wp-element-caption\">Cheveux avec m\u00e8ches 2023<\/figcaption><\/figure>\n\n\n\n<figure class=\"wp-block-image size-full\"><img decoding=\"async\" src=\"https:\/\/danidrops.com.br\/wp-content\/uploads\/2022\/09\/20-Cabelo-com-Luzes-2023.jpg\" alt=\"Cheveux avec m\u00e8ches 2023\" class=\"wp-image-41800\" title=\"\"><figcaption class=\"wp-element-caption\">Cheveux avec m\u00e8ches 2023<\/figcaption><\/figure>\n\n\n\n<h2 class=\"wp-block-heading\"><span class=\"ez-toc-section\" id=\"Luzes_chocolate\"><\/span>lumi\u00e8res au chocolat<span class=\"ez-toc-section-end\"><\/span><\/h2>\n\n\n\n<p>R\u00e9veillez-vous <a href=\"https:\/\/danidrops.com.br\/fr\/tendance-couleur-de-cheveux-chocolat\/\" data-type=\"URL\" data-id=\"https:\/\/danidrops.com.br\/cabelo-chocolate-tendencia-de-cor-de-cabelo\/\">cheveux chocolat<\/a> Il est \u00e9galement id\u00e9al pour faire des luminaires. Il est \u00e9galement id\u00e9al pour les cheveux fonc\u00e9s, car il les \u00e9claircit de mani\u00e8re d\u00e9licate et subtile. Il peut \u00eatre utilis\u00e9 sur tous les types de cheveux et convient \u00e0 toutes les carnations.<\/p>\n\n\n\n<figure class=\"wp-block-image size-full\"><img decoding=\"async\" src=\"https:\/\/danidrops.com.br\/wp-content\/uploads\/2022\/09\/21-Cabelo-com-Luzes-2023.jpg\" alt=\"Cheveux avec m\u00e8ches 2023\" class=\"wp-image-41800\" title=\"\"><figcaption class=\"wp-element-caption\">Cheveux avec m\u00e8ches 2023<\/figcaption><\/figure>\n\n\n\n<figure class=\"wp-block-image size-full\"><img decoding=\"async\" src=\"https:\/\/danidrops.com.br\/wp-content\/uploads\/2022\/09\/22-Cabelo-com-Luzes-2023.jpg\" alt=\"Cheveux avec m\u00e8ches 2023\" class=\"wp-image-41800\" title=\"\"><figcaption class=\"wp-element-caption\">Cheveux avec m\u00e8ches 2023<\/figcaption><\/figure>\n\n\n\n<h2 class=\"wp-block-heading\"><span class=\"ez-toc-section\" id=\"Luzes_mel\"><\/span>lumi\u00e8res de miel<span class=\"ez-toc-section-end\"><\/span><\/h2>\n\n\n\n<p>Cette couleur est tr\u00e8s similaire au blond dor\u00e9 et convient parfaitement \u00e0 ceux qui ont les cheveux brun fonc\u00e9. Il \u00e9claire discr\u00e8tement et offre un look \u00e9l\u00e9gant et moderne. <\/p>\n\n\n\n<figure class=\"wp-block-image size-full\"><img decoding=\"async\" src=\"https:\/\/danidrops.com.br\/wp-content\/uploads\/2022\/09\/23-Cabelo-com-Luzes-2023.jpg\" alt=\"Cheveux avec m\u00e8ches 2023\" class=\"wp-image-41800\" title=\"\"><figcaption class=\"wp-element-caption\">Cheveux avec m\u00e8ches 2023<\/figcaption><\/figure>\n\n\n\n<figure class=\"wp-block-image size-full\"><img decoding=\"async\" src=\"https:\/\/danidrops.com.br\/wp-content\/uploads\/2022\/09\/24-Cabelo-com-Luzes-2023.jpg\" alt=\"Cheveux avec m\u00e8ches 2023\" class=\"wp-image-41800\" title=\"\"><figcaption class=\"wp-element-caption\">Cheveux avec m\u00e8ches 2023<\/figcaption><\/figure>\n\n\n\n<p>Cette couleur est tr\u00e8s associ\u00e9e \u00e0 l&#039;\u00e9t\u00e9, car elle ressemble beaucoup aux cheveux br\u00fbl\u00e9s par le soleil les jours de plage. G\u00e9n\u00e9ralement, son \u00e9clairage n&#039;offre pas autant de contraste, il est donc id\u00e9al pour ceux qui veulent changer le look de mani\u00e8re plus naturelle.<\/p>\n\n\n\n<h2 class=\"wp-block-heading\"><span class=\"ez-toc-section\" id=\"Luzes_cinzas\"><\/span>lumi\u00e8res grises<span class=\"ez-toc-section-end\"><\/span><\/h2>\n\n\n\n<p>Une couleur diff\u00e9rente de la traditionnelle et tr\u00e8s belle. Id\u00e9al pour les femmes audacieuses qui veulent un look moderne et jeune. Il va bien avec tous les types de cheveux, mais surtout avec les cheveux courts et moyens.<\/p>\n\n\n\n<figure class=\"wp-block-image size-full\"><img decoding=\"async\" src=\"https:\/\/danidrops.com.br\/wp-content\/uploads\/2022\/09\/25-Cabelo-com-Luzes-2023.jpg\" alt=\"Cheveux avec m\u00e8ches 2023\" class=\"wp-image-41800\" title=\"\"><figcaption class=\"wp-element-caption\">Cheveux avec m\u00e8ches 2023<\/figcaption><\/figure>\n\n\n\n<figure class=\"wp-block-image size-full\"><img decoding=\"async\" src=\"https:\/\/danidrops.com.br\/wp-content\/uploads\/2022\/09\/26-Cabelo-com-Luzes-2023.jpg\" alt=\"Cheveux avec m\u00e8ches 2023\" class=\"wp-image-41800\" title=\"\"><figcaption class=\"wp-element-caption\">Cheveux avec m\u00e8ches 2023<\/figcaption><\/figure>\n\n\n\n<h2 class=\"wp-block-heading\"><span class=\"ez-toc-section\" id=\"Luzes_vermelhas\"><\/span>lumieres rouges<span class=\"ez-toc-section-end\"><\/span><\/h2>\n\n\n\n<p>Les cheveux m\u00e9ch\u00e9s 2023 seront tr\u00e8s tendance et \u00e9nerv\u00e9s et faire des m\u00e8ches rouges peut \u00eatre un excellent moyen de commencer l&#039;ann\u00e9e du bon pied. Si vous avez envie de passer au rouge et que vous avez toujours peur du changement, vous pouvez choisir de commencer par les reflets pour voir comment votre visage r\u00e9agit avec la couleur choisie. <\/p>\n\n\n\n<figure class=\"wp-block-image size-full\"><img decoding=\"async\" src=\"https:\/\/danidrops.com.br\/wp-content\/uploads\/2022\/09\/27-Cabelo-com-Luzes-2023.jpg\" alt=\"Cheveux avec m\u00e8ches 2023\" class=\"wp-image-41800\" title=\"\"><figcaption class=\"wp-element-caption\">Cheveux avec m\u00e8ches 2023<\/figcaption><\/figure>\n\n\n\n<figure class=\"wp-block-image size-full\"><img decoding=\"async\" src=\"https:\/\/danidrops.com.br\/wp-content\/uploads\/2022\/09\/28-Cabelo-com-Luzes-2023.jpg\" alt=\"Cheveux avec m\u00e8ches 2023\" class=\"wp-image-41800\" title=\"\"><figcaption class=\"wp-element-caption\">Cheveux avec m\u00e8ches 2023<\/figcaption><\/figure>\n\n\n\n<p>Il existe de nombreuses options dans la palette de couleurs rouges telles que le cuivr\u00e9, l&#039;orange, le bordeaux, le marsala et la cerise.&nbsp;<\/p>\n\n\n\n<h2 class=\"wp-block-heading\"><span class=\"ez-toc-section\" id=\"Luzes_com_cores_fantasia\"><\/span>lumi\u00e8res de couleur fantaisie<span class=\"ez-toc-section-end\"><\/span><\/h2>\n\n\n\n<p>Les lumi\u00e8res color\u00e9es seront \u00e9galement beaucoup utilis\u00e9es en 2023, car ce sera une ann\u00e9e de changements et de nouveaux concepts de beaut\u00e9 et de mode. Les couleurs fantaisie peuvent \u00eatre achet\u00e9es sur Internet ou achet\u00e9es au salon de beaut\u00e9 lui-m\u00eame. <\/p>\n\n\n\n<figure class=\"wp-block-image size-full\"><img decoding=\"async\" src=\"https:\/\/danidrops.com.br\/wp-content\/uploads\/2022\/09\/29-Cabelo-com-Luzes-2023.jpg\" alt=\"Cheveux avec m\u00e8ches 2023\" class=\"wp-image-41800\" title=\"\"><figcaption class=\"wp-element-caption\">Cheveux avec m\u00e8ches 2023<\/figcaption><\/figure>\n\n\n\n<figure class=\"wp-block-image size-full\"><img decoding=\"async\" src=\"https:\/\/danidrops.com.br\/wp-content\/uploads\/2022\/09\/32-Cabelo-com-Luzes-2023.jpg\" alt=\"Cheveux avec m\u00e8ches 2023\" class=\"wp-image-41800\" title=\"\"><figcaption class=\"wp-element-caption\">Cheveux avec m\u00e8ches 2023<\/figcaption><\/figure>\n\n\n\n<p>De nombreuses femmes, parmi lesquelles les plus audacieuses, choisissent de colorer leurs luminaires, qu&#039;ils soient d&#039;une seule couleur ou \u00e0 plusieurs, selon les pr\u00e9f\u00e9rences de chacune. <\/p>\n\n\n\n<figure class=\"wp-block-image size-full\"><img decoding=\"async\" src=\"https:\/\/danidrops.com.br\/wp-content\/uploads\/2022\/09\/33-Cabelo-com-Luzes-2023.jpg\" alt=\"Cheveux avec m\u00e8ches 2023\" class=\"wp-image-41800\" title=\"\"><figcaption class=\"wp-element-caption\">Cheveux avec m\u00e8ches 2023<\/figcaption><\/figure>\n\n\n\n<figure class=\"wp-block-image size-full\"><img decoding=\"async\" src=\"https:\/\/danidrops.com.br\/wp-content\/uploads\/2022\/09\/34-Cabelo-com-Luzes-2023.jpg\" alt=\"Cheveux avec m\u00e8ches 2023\" class=\"wp-image-41800\" title=\"\"><figcaption class=\"wp-element-caption\">Cheveux avec m\u00e8ches 2023<\/figcaption><\/figure>\n\n\n\n<p>Parmi les couleurs fantaisies qui seront mises en valeur dans les cheveux avec m\u00e8ches 2023 on peut citer les suivantes : rose, bleu, vert, violet, lilas, orange et plusieurs autres dans toutes leurs d\u00e9clinaisons de nuances. Et si tu en aimes un <a href=\"https:\/\/danidrops.com.br\/fr\/cheveux-colores-2023\/\" data-type=\"URL\" data-id=\"https:\/\/danidrops.com.br\/cabelo-colorido-2023\/\">cheveux color\u00e9s<\/a>, vous pouvez \u00e9galement risquer le style <a href=\"https:\/\/danidrops.com.br\/fr\/cheveux-arc-en-ciel-2023\/\" data-type=\"URL\" data-id=\"https:\/\/danidrops.com.br\/rainbow-hair-2023\/\">Cheveux arc-en-ciel 2023<\/a> car en plus d&#039;\u00eatre belle, elle fait du groove sur les r\u00e9seaux sociaux.<\/p>\n\n\n\n<h2 class=\"wp-block-heading\"><span class=\"ez-toc-section\" id=\"Quais_as_tecnicas_mais_usadas_nos_cabelos_com_luzes_2023\"><\/span>Quelles sont les techniques les plus utilis\u00e9es en coiffure avec m\u00e8ches 2023 ?<span class=\"ez-toc-section-end\"><\/span><\/h2>\n\n\n\n<p>Les techniques les plus utilis\u00e9es pour \u00e9claircir les cheveux en 2023 sont :<\/p>\n\n\n\n<ul class=\"wp-block-list\">\n<li>cheveux ombr\u00e9s<\/li>\n\n\n\n<li>Feux avant<\/li>\n\n\n\n<li>Lampes Balayage Fran\u00e7ais<\/li>\n<\/ul>\n\n\n\n<p><\/p>\n\n\n\n<figure class=\"wp-block-image size-full\"><img decoding=\"async\" src=\"https:\/\/danidrops.com.br\/wp-content\/uploads\/2022\/09\/35-Cabelo-com-Luzes-2023.jpg\" alt=\"Cheveux avec m\u00e8ches 2023\" class=\"wp-image-41800\" title=\"\"><figcaption class=\"wp-element-caption\">Cheveux avec m\u00e8ches 2023<\/figcaption><\/figure>\n\n\n\n<figure class=\"wp-block-image size-full\"><img decoding=\"async\" src=\"https:\/\/danidrops.com.br\/wp-content\/uploads\/2022\/09\/36-Cabelo-com-Luzes-2023.jpg\" alt=\"Cheveux avec m\u00e8ches 2023\" class=\"wp-image-41800\" title=\"\"><figcaption class=\"wp-element-caption\">Cheveux avec m\u00e8ches 2023<\/figcaption><\/figure>\n\n\n\n<p>Bien qu&#039;il semble qu&#039;il n&#039;y ait qu&#039;une seule technique pour \u00e9claircir les cheveux avec des m\u00e8ches, les gens se trompent, car selon le r\u00e9sultat final que vous souhaitez, les techniques sont tr\u00e8s diff\u00e9rentes.<\/p>\n\n\n\n<p>Certaines techniques sont plus utilis\u00e9es que d&#039;autres et pour cette raison elles seront mises en avant dans cet article :<\/p>\n\n\n\n<h2 class=\"wp-block-heading\"><span class=\"ez-toc-section\" id=\"Ombre_Hair\"><\/span>cheveux ombr\u00e9s<span class=\"ez-toc-section-end\"><\/span><\/h2>\n\n\n\n<p>Dans ce cas, les reflets commencent \u00e0 se faire pr\u00e8s de la ligne de l&#039;oreille, c&#039;est-\u00e0-dire \u00e0 environ quatre doigts de la racine. Pour avoir ce diff\u00e9rentiel, ce type de technique est tr\u00e8s choisi par les femmes pratiques et qui ne veulent pas faire de fr\u00e9quentes visites chez le coiffeur.<\/p>\n\n\n\n<figure class=\"wp-block-image size-full\"><img decoding=\"async\" src=\"https:\/\/danidrops.com.br\/wp-content\/uploads\/2022\/09\/37-Cabelo-com-Luzes-2023.jpg\" alt=\"Cheveux avec m\u00e8ches 2023\" class=\"wp-image-41800\" title=\"\"><figcaption class=\"wp-element-caption\">Cheveux avec m\u00e8ches 2023<\/figcaption><\/figure>\n\n\n\n<figure class=\"wp-block-image size-full\"><img decoding=\"async\" src=\"https:\/\/danidrops.com.br\/wp-content\/uploads\/2022\/09\/38-Cabelo-com-Luzes-2023.jpg\" alt=\"Cheveux avec m\u00e8ches 2023\" class=\"wp-image-41800\" title=\"\"><figcaption class=\"wp-element-caption\">Cheveux avec m\u00e8ches 2023<\/figcaption><\/figure>\n\n\n\n<h2 class=\"wp-block-heading\"><span class=\"ez-toc-section\" id=\"Luzes_Frontais\"><\/span>Feux avant<span class=\"ez-toc-section-end\"><\/span><\/h2>\n\n\n\n<p>Les feux avant sont sortis il y a quelque temps et en 2023, ils seront beaucoup utilis\u00e9s par les femmes modernes et audacieuses. Cette technique peut se faire de mani\u00e8re isol\u00e9e ou associ\u00e9e \u00e0 d&#039;autres, selon les pr\u00e9f\u00e9rences de chacun.<\/p>\n\n\n\n<figure class=\"wp-block-image size-full\"><img decoding=\"async\" src=\"https:\/\/danidrops.com.br\/wp-content\/uploads\/2022\/09\/39-Cabelo-com-Luzes-2023.jpg\" alt=\"Cheveux avec m\u00e8ches 2023\" class=\"wp-image-41800\" title=\"\"><figcaption class=\"wp-element-caption\">Cheveux avec m\u00e8ches 2023<\/figcaption><\/figure>\n\n\n\n<figure class=\"wp-block-image size-full\"><img decoding=\"async\" src=\"https:\/\/danidrops.com.br\/wp-content\/uploads\/2022\/09\/40-Cabelo-com-Luzes-2023.jpg\" alt=\"Cheveux avec m\u00e8ches 2023\" class=\"wp-image-41800\" title=\"\"><figcaption class=\"wp-element-caption\">Cheveux avec m\u00e8ches 2023<\/figcaption><\/figure>\n\n\n\n<h2 class=\"wp-block-heading\"><span class=\"ez-toc-section\" id=\"Luzes_French_Balayage\"><\/span>Lampes Balayage Fran\u00e7ais<span class=\"ez-toc-section-end\"><\/span><\/h2>\n\n\n\n<p>Id\u00e9al pour ceux qui veulent des changements discrets qui sont le visage de l&#039;\u00e9t\u00e9. Il convient \u00e0 tous les types de cheveux et rehausse la beaut\u00e9 des m\u00e8ches boucl\u00e9es.<\/p>\n\n\n\n<p>L<strong>salut aussi :<\/strong> <a href=\"https:\/\/danidrops.com.br\/fr\/cabelo-balayage-2023\/\" data-type=\"URL\" data-id=\"https:\/\/danidrops.com.br\/cabelo-balayage-2023\/\">Balayage Cheveux 2023<\/a> - Voir plus de 160 photos d&#039;inspiration avec la technique de coloration par balayage<\/p>\n\n\n\n<figure class=\"wp-block-image size-full\"><img decoding=\"async\" src=\"https:\/\/danidrops.com.br\/wp-content\/uploads\/2022\/09\/31-Cabelo-com-Luzes-2023.jpg\" alt=\"Cheveux avec m\u00e8ches 2023\" class=\"wp-image-41800\" title=\"\"><figcaption class=\"wp-element-caption\">Cheveux avec m\u00e8ches 2023<\/figcaption><\/figure>\n\n\n\n<h2 class=\"wp-block-heading\"><span class=\"ez-toc-section\" id=\"Os_cabelos_com_luzes_2023_combinam_com_quais_tipos_de_fios\"><\/span>Les cheveux avec m\u00e8ches 2023 correspondent \u00e0 quels types de fils ?<span class=\"ez-toc-section-end\"><\/span><\/h2>\n\n\n\n<p>Les cheveux avec m\u00e8ches 2023 sont id\u00e9aux pour tous les types de femmes et d&#039;hommes, quel que soit le type de cheveux et ses courbures.<\/p>\n\n\n\n<p>De cette fa\u00e7on, nous pouvons souligner qu&#039;en 2023, les femmes aux cheveux boucl\u00e9s et raides pourront innover dans le look et cr\u00e9er de beaux mod\u00e8les personnalis\u00e9s et des couleurs de lumi\u00e8res.<\/p>\n\n\n\n<figure class=\"wp-block-image size-full\"><img decoding=\"async\" src=\"https:\/\/danidrops.com.br\/wp-content\/uploads\/2022\/09\/04-Cabelo-com-Luzes-2023.jpg\" alt=\"Cheveux avec m\u00e8ches 2023\" class=\"wp-image-41800\" title=\"\"><figcaption class=\"wp-element-caption\">Cheveux avec m\u00e8ches 2023<\/figcaption><\/figure>\n\n\n\n<p>Tout comme il est possible de mettre en valeur les cheveux boucl\u00e9s, ondul\u00e9s, lisses et boucl\u00e9s, les tailles peuvent \u00e9galement \u00eatre vari\u00e9es, offrant des looks surprenants sur les cheveux longs, moyens et courts.<\/p>\n\n\n\n<h2 class=\"wp-block-heading\"><span class=\"ez-toc-section\" id=\"Como_cuidar_dos_cabelos_com_luzes_2023\"><\/span>Comment prendre soin des cheveux avec des m\u00e8ches 2023?<span class=\"ez-toc-section-end\"><\/span><\/h2>\n\n\n\n<p>Maintenant que vous savez d\u00e9j\u00e0 qu&#039;il existe une multitude de couleurs et de fa\u00e7ons de mettre en valeur vos cheveux, vous devez s\u00fbrement vous demander comment prendre soin de ces m\u00e8ches pour les garder soyeuses et belles.<\/p>\n\n\n\n<p>En g\u00e9n\u00e9ral, prendre soin des cheveux m\u00e9ch\u00e9s demande du temps et des produits sp\u00e9ciaux car les techniques et les produits utilis\u00e9s peuvent endommager les fils, les rendant plus fragiles.<\/p>\n\n\n\n<figure class=\"wp-block-image size-full\"><img decoding=\"async\" src=\"https:\/\/danidrops.com.br\/wp-content\/uploads\/2022\/09\/19-Cabelo-com-Luzes-2023.jpg\" alt=\"Cheveux avec m\u00e8ches 2023\" class=\"wp-image-41800\" title=\"\"><figcaption class=\"wp-element-caption\">Cheveux avec m\u00e8ches 2023<\/figcaption><\/figure>\n\n\n\n<p>Compte tenu de ces informations, pour prendre soin des cheveux avec des m\u00e8ches 2023, vous devez \u00e9tablir un programme capillaire avec l&#039;aide de votre coiffeur, afin que les produits et les fr\u00e9quences avec lesquels ils sont utilis\u00e9s soient efficaces pour la sant\u00e9 des fils.<\/p>\n\n\n\n<p>Parmi les produits \u00e0 utiliser dans votre programme capillaire, on peut citer les cr\u00e8mes d&#039;hydratation, de nutrition et de reconstruction.<\/p>\n<div id=\"ez-toc-container\" class=\"ez-toc-v2_0_76 counter-hierarchy ez-toc-counter ez-toc-grey ez-toc-container-direction\">\n<p class=\"ez-toc-title\" style=\"cursor:inherit\">Vous lirez cet article<\/p>\n<label for=\"ez-toc-cssicon-toggle-item-69f4a31b7df39\" class=\"ez-toc-cssicon-toggle-label\"><span class=\"ez-toc-cssicon\"><span class=\"eztoc-hide\" style=\"display:none;\">Basculer<\/span><span class=\"ez-toc-icon-toggle-span\"><svg style=\"fill: #999;color:#999\" xmlns=\"http:\/\/www.w3.org\/2000\/svg\" class=\"list-377408\" width=\"20px\" height=\"20px\" viewbox=\"0 0 24 24\" fill=\"none\"><path d=\"M6 6H4v2h2V6zm14 0H8v2h12V6zM4 11h2v2H4v-2zm16 0H8v2h12v-2zM4 16h2v2H4v-2zm16 0H8v2h12v-2z\" fill=\"currentColor\"><\/path><\/svg><svg style=\"fill: #999;color:#999\" class=\"arrow-unsorted-368013\" xmlns=\"http:\/\/www.w3.org\/2000\/svg\" width=\"10px\" height=\"10px\" viewbox=\"0 0 24 24\" version=\"1.2\" baseprofile=\"tiny\"><path d=\"M18.2 9.3l-6.2-6.3-6.2 6.3c-.2.2-.3.4-.3.7s.1.5.3.7c.2.2.4.3.7.3h11c.3 0 .5-.1.7-.3.2-.2.3-.5.3-.7s-.1-.5-.3-.7zM5.8 14.7l6.2 6.3 6.2-6.3c.2-.2.3-.5.3-.7s-.1-.5-.3-.7c-.2-.2-.4-.3-.7-.3h-11c-.3 0-.5.1-.7.3-.2.2-.3.5-.3.7s.1.5.3.7z\"\/><\/svg><\/span><\/span><\/label><input type=\"checkbox\"  id=\"ez-toc-cssicon-toggle-item-69f4a31b7df39\"  aria-label=\"Basculer\" \/><nav><ul class='ez-toc-list ez-toc-list-level-1' ><li class='ez-toc-page-1 ez-toc-heading-level-2'><a class=\"ez-toc-link ez-toc-heading-1\" href=\"https:\/\/danidrops.com.br\/fr\/cheveux-avec-meches-2023\/#O_que_sao_os_cabelos_com_luzes_2023\" >Qu&#039;est-ce que les cheveux avec des m\u00e8ches 2023?<\/a><\/li><li class='ez-toc-page-1 ez-toc-heading-level-2'><a class=\"ez-toc-link ez-toc-heading-2\" href=\"https:\/\/danidrops.com.br\/fr\/cheveux-avec-meches-2023\/#Quais_as_cores_tendencia_para_cabelos_com_luzes_2023\" >Quelles sont les couleurs tendances pour les cheveux avec m\u00e8ches 2023 ?<\/a><\/li><li class='ez-toc-page-1 ez-toc-heading-level-2'><a class=\"ez-toc-link ez-toc-heading-3\" href=\"https:\/\/danidrops.com.br\/fr\/cheveux-avec-meches-2023\/#Luzes_loiras\" >lumi\u00e8res blondes<\/a><\/li><li class='ez-toc-page-1 ez-toc-heading-level-2'><a class=\"ez-toc-link ez-toc-heading-4\" href=\"https:\/\/danidrops.com.br\/fr\/cheveux-avec-meches-2023\/#Luzes_platinadas\" >lumi\u00e8res de platine<\/a><\/li><li class='ez-toc-page-1 ez-toc-heading-level-2'><a class=\"ez-toc-link ez-toc-heading-5\" href=\"https:\/\/danidrops.com.br\/fr\/cheveux-avec-meches-2023\/#Luzes_caramelo\" >lumi\u00e8res caramel<\/a><\/li><li class='ez-toc-page-1 ez-toc-heading-level-2'><a class=\"ez-toc-link ez-toc-heading-6\" href=\"https:\/\/danidrops.com.br\/fr\/cheveux-avec-meches-2023\/#Luzes_chocolate\" >lumi\u00e8res au chocolat<\/a><\/li><li class='ez-toc-page-1 ez-toc-heading-level-2'><a class=\"ez-toc-link ez-toc-heading-7\" href=\"https:\/\/danidrops.com.br\/fr\/cheveux-avec-meches-2023\/#Luzes_mel\" >lumi\u00e8res de miel<\/a><\/li><li class='ez-toc-page-1 ez-toc-heading-level-2'><a class=\"ez-toc-link ez-toc-heading-8\" href=\"https:\/\/danidrops.com.br\/fr\/cheveux-avec-meches-2023\/#Luzes_cinzas\" >lumi\u00e8res grises<\/a><\/li><li class='ez-toc-page-1 ez-toc-heading-level-2'><a class=\"ez-toc-link ez-toc-heading-9\" href=\"https:\/\/danidrops.com.br\/fr\/cheveux-avec-meches-2023\/#Luzes_vermelhas\" >lumieres rouges<\/a><\/li><li class='ez-toc-page-1 ez-toc-heading-level-2'><a class=\"ez-toc-link ez-toc-heading-10\" href=\"https:\/\/danidrops.com.br\/fr\/cheveux-avec-meches-2023\/#Luzes_com_cores_fantasia\" >lumi\u00e8res de couleur fantaisie<\/a><\/li><li class='ez-toc-page-1 ez-toc-heading-level-2'><a class=\"ez-toc-link ez-toc-heading-11\" href=\"https:\/\/danidrops.com.br\/fr\/cheveux-avec-meches-2023\/#Quais_as_tecnicas_mais_usadas_nos_cabelos_com_luzes_2023\" >Quelles sont les techniques les plus utilis\u00e9es en coiffure avec m\u00e8ches 2023 ?<\/a><\/li><li class='ez-toc-page-1 ez-toc-heading-level-2'><a class=\"ez-toc-link ez-toc-heading-12\" href=\"https:\/\/danidrops.com.br\/fr\/cheveux-avec-meches-2023\/#Ombre_Hair\" >cheveux ombr\u00e9s<\/a><\/li><li class='ez-toc-page-1 ez-toc-heading-level-2'><a class=\"ez-toc-link ez-toc-heading-13\" href=\"https:\/\/danidrops.com.br\/fr\/cheveux-avec-meches-2023\/#Luzes_Frontais\" >Feux avant<\/a><\/li><li class='ez-toc-page-1 ez-toc-heading-level-2'><a class=\"ez-toc-link ez-toc-heading-14\" href=\"https:\/\/danidrops.com.br\/fr\/cheveux-avec-meches-2023\/#Luzes_French_Balayage\" >Lampes Balayage Fran\u00e7ais<\/a><\/li><li class='ez-toc-page-1 ez-toc-heading-level-2'><a class=\"ez-toc-link ez-toc-heading-15\" href=\"https:\/\/danidrops.com.br\/fr\/cheveux-avec-meches-2023\/#Os_cabelos_com_luzes_2023_combinam_com_quais_tipos_de_fios\" >Les cheveux avec m\u00e8ches 2023 correspondent \u00e0 quels types de fils ?<\/a><\/li><li class='ez-toc-page-1 ez-toc-heading-level-2'><a class=\"ez-toc-link ez-toc-heading-16\" href=\"https:\/\/danidrops.com.br\/fr\/cheveux-avec-meches-2023\/#Como_cuidar_dos_cabelos_com_luzes_2023\" >Comment prendre soin des cheveux avec des m\u00e8ches 2023?<\/a><\/li><\/ul><\/nav><\/div>","protected":false},"excerpt":{"rendered":"<p>Si vous souhaitez commencer l&#039;ann\u00e9e avec un beau look, vous devriez absolument opter pour des cheveux m\u00e9ch\u00e9s en 2023. Ils permettent aux femmes de devenir\u2026<\/p>","protected":false},"author":1,"featured_media":42735,"comment_status":"open","ping_status":"open","sticky":false,"template":"","format":"standard","meta":{"footnotes":""},"categories":[439],"tags":[],"class_list":["post-42697","post","type-post","status-publish","format-standard","has-post-thumbnail","hentry","category-cabelo"],"_links":{"self":[{"href":"https:\/\/danidrops.com.br\/fr\/wp-json\/wp\/v2\/posts\/42697","targetHints":{"allow":["GET"]}}],"collection":[{"href":"https:\/\/danidrops.com.br\/fr\/wp-json\/wp\/v2\/posts"}],"about":[{"href":"https:\/\/danidrops.com.br\/fr\/wp-json\/wp\/v2\/types\/post"}],"author":[{"embeddable":true,"href":"https:\/\/danidrops.com.br\/fr\/wp-json\/wp\/v2\/users\/1"}],"replies":[{"embeddable":true,"href":"https:\/\/danidrops.com.br\/fr\/wp-json\/wp\/v2\/comments?post=42697"}],"version-history":[{"count":0,"href":"https:\/\/danidrops.com.br\/fr\/wp-json\/wp\/v2\/posts\/42697\/revisions"}],"wp:featuredmedia":[{"embeddable":true,"href":"https:\/\/danidrops.com.br\/fr\/wp-json\/wp\/v2\/media\/42735"}],"wp:attachment":[{"href":"https:\/\/danidrops.com.br\/fr\/wp-json\/wp\/v2\/media?parent=42697"}],"wp:term":[{"taxonomy":"category","embeddable":true,"href":"https:\/\/danidrops.com.br\/fr\/wp-json\/wp\/v2\/categories?post=42697"},{"taxonomy":"post_tag","embeddable":true,"href":"https:\/\/danidrops.com.br\/fr\/wp-json\/wp\/v2\/tags?post=42697"}],"curies":[{"name":"wp","href":"https:\/\/api.w.org\/{rel}","templated":true}]}}