{"id":44110,"date":"2022-09-24T15:00:00","date_gmt":"2022-09-24T18:00:00","guid":{"rendered":"https:\/\/danidrops.com.br\/?p=44110"},"modified":"2024-03-29T18:03:23","modified_gmt":"2024-03-29T21:03:23","slug":"coupe-de-cheveux-en-coupe-de-loup","status":"publish","type":"post","link":"https:\/\/danidrops.com.br\/fr\/coupe-de-cheveux-en-coupe-de-loup\/","title":{"rendered":"Wolf Cut Haircut 2024 \u2013 D\u00e9couvrez plus de 80 inspirations, comment couper et tendances"},"content":{"rendered":"<p>O <strong>Coupe de cheveux Wolf Cut 2024<\/strong> Il est l\u00e0 pour rester et sera certainement l&#039;un des plus demand\u00e9s par les femmes dans les instituts de beaut\u00e9. <\/p>\n\n\n\n<p>Il s&#039;agit d&#039;une coupe r\u00e9tro des ann\u00e9es 80 qui est revenue avec tout en 2022 et qui aura certainement encore une grande visibilit\u00e9 et des fans en 2024.<\/p>\n\n\n\n<div class=\"container4\">\n\t<span>A lire aussi :<\/span>\n    <ul class=\"lista\">\n\t\t<li id=\"cliquem\"><a href=\"https:\/\/danidrops.com.br\/fr\/tendance-coupe-de-cheveux-femme-2025\/\" title=\"Tendance coupe de cheveux 2024\"><strong>Tendance Coupe de Cheveux 2024 \u2013 Plus de 150 inspirations et tendances coupes de cheveux femme<\/strong><\/a><\/li>\t\n\t<\/ul>\n<\/div>\n\n<script type=\"application\/ld+json\">{\n    \"@context\": \"https:\\\/\\\/schema.org\",\n    \"@type\": \"Action\",\n    \"name\": \"Clicar em link para ler mat\\u00e9ria Tend\\u00eancia de Corte de Cabelo 2024\",\n    \"potentialAction\": {\n        \"@type\": \"ReadAction\",\n        \"target\": {\n            \"@type\": \"EntryPoint\",\n            \"urlTemplate\": \"https:\\\/\\\/danidrops.com.br\\\/tendencia-corte-de-cabelo-feminino-2025\\\/\"\n        }\n    },\n    \"object\": {\n        \"@type\": \"WebPage\",\n        \"headline\": \"Corte de Cabelo 2024\",\n        \"author\": {\n            \"@type\": \"Organization\",\n            \"name\": \"Danidrops.com.br\",\n            \"logo\": \"https:\\\/\\\/danidrops.com.br\\\/wp-content\\\/uploads\\\/2021\\\/08\\\/danidrops-logo-1.jpg\",\n            \"url\": \"https:\\\/\\\/danidrops.com.br\\\/\"\n        },\n        \"image\": \"https:\\\/\\\/danidrops.com.br\\\/wp-content\\\/uploads\\\/2023\\\/10\\\/74-Corte-de-Cabelo-2024.jpg\",\n        \"url\": \"https:\\\/\\\/danidrops.com.br\\\/tendencia-corte-de-cabelo-feminino-2025\\\/\",\n        \"description\": \"Informa\\u00e7\\u00f5es sobre a tend\\u00eancia de Corte de Cabelo 2024. Veja as inspira\\u00e7\\u00f5es que estar\\u00e3o em alta sobre a tend\\u00eancia de Corte de Cabelo 2024.\",\n        \"mainEntityOfPage\": {\n            \"@type\": \"WebPage\",\n            \"@id\": \"https:\\\/\\\/danidrops.com.br\\\/tendencia-corte-de-cabelo-feminino-2025\\\/\"\n        }\n    }\n}<\/script>\n\n\n\n<figure class=\"wp-block-image size-full\"><img loading=\"lazy\" decoding=\"async\" width=\"760\" height=\"555\" src=\"https:\/\/danidrops.com.br\/wp-content\/uploads\/2024\/03\/O-que-e-o-corte-de-cabelo-Wolf-Cut-2024-5.jpg\" alt=\"Quelle est la coupe de cheveux Wolf Cut 2024\" class=\"wp-image-92237\" title=\"\" srcset=\"https:\/\/danidrops.com.br\/wp-content\/uploads\/2024\/03\/O-que-e-o-corte-de-cabelo-Wolf-Cut-2024-5.jpg 760w, https:\/\/danidrops.com.br\/wp-content\/uploads\/2024\/03\/O-que-e-o-corte-de-cabelo-Wolf-Cut-2024-5-300x219.jpg 300w, https:\/\/danidrops.com.br\/wp-content\/uploads\/2024\/03\/O-que-e-o-corte-de-cabelo-Wolf-Cut-2024-5-16x12.jpg 16w, https:\/\/danidrops.com.br\/wp-content\/uploads\/2024\/03\/O-que-e-o-corte-de-cabelo-Wolf-Cut-2024-5-150x110.jpg 150w\" sizes=\"auto, (max-width: 760px) 100vw, 760px\" \/><figcaption class=\"wp-element-caption\">Quelle est la coupe de cheveux Wolf Cut 2024<\/figcaption><\/figure>\n\n\n\n<p>Cette coupe est un m\u00e9lange de mulet et de shaggy. La grande diff\u00e9rence entre Wolf Cut et <\/p>\n\n\n\n<p>Mullet, c&#039;est que le premier est tout en couches et sur le c\u00f4t\u00e9, il a les brins les plus longs en d\u00e9grad\u00e9. Dans le second cas, la longueur est effiloch\u00e9e et il y a peu de volume sur le c\u00f4t\u00e9.<\/p>\n\n\n\n<figure class=\"wp-block-image size-full\"><img loading=\"lazy\" decoding=\"async\" width=\"760\" height=\"555\" src=\"https:\/\/danidrops.com.br\/wp-content\/uploads\/2024\/03\/Corte-de-Cabelo-Wolf-Cut-2024.jpg\" alt=\"Coupe de cheveux coupe loup 2024\" class=\"wp-image-92233\" title=\"\" srcset=\"https:\/\/danidrops.com.br\/wp-content\/uploads\/2024\/03\/Corte-de-Cabelo-Wolf-Cut-2024.jpg 760w, https:\/\/danidrops.com.br\/wp-content\/uploads\/2024\/03\/Corte-de-Cabelo-Wolf-Cut-2024-300x219.jpg 300w, https:\/\/danidrops.com.br\/wp-content\/uploads\/2024\/03\/Corte-de-Cabelo-Wolf-Cut-2024-16x12.jpg 16w, https:\/\/danidrops.com.br\/wp-content\/uploads\/2024\/03\/Corte-de-Cabelo-Wolf-Cut-2024-150x110.jpg 150w\" sizes=\"auto, (max-width: 760px) 100vw, 760px\" \/><figcaption class=\"wp-element-caption\">Coupe de cheveux coupe loup 2024<\/figcaption><\/figure>\n\n\n\n<script type=\"application\/ld+json\">{\n    \"@context\": \"https:\\\/\\\/schema.org\",\n    \"@type\": \"FAQPage\",\n    \"mainEntity\": [\n        {\n            \"@type\": \"Question\",\n            \"name\": \"Quais modelos de Corte de Cabelo Wolf Cut 2023 est\\u00e3o na moda?\",\n            \"acceptedAnswer\": {\n                \"@type\": \"Answer\",\n                \"text\": \"Os modelos de Corte de Cabelo Wolf Cut que est\\u00e3o na moda em 2023 s\\u00e3o: Wolf Cut cacheado, Wolf Cut Curto, Wolf Cut Longo e Wolf Cut M\\u00e9dio\"\n            }\n        },\n        {\n            \"@type\": \"Question\",\n            \"name\": \"O que \\u00e9 o corte de cabelo Wolf Cut 2023?\",\n            \"acceptedAnswer\": {\n                \"@type\": \"Answer\",\n                \"text\": \"O corte de cabelo wolf cut que tamb\\u00e9m \\u00e9 chamado de corte lobo \\u00e9 uma mistura de dois cortes, o mullet e o shaggy. este corte de cabelo feminino se destaca pelo seu volume com camadas e fios desfiados pelas camadas.\"\n            }\n        }\n    ]\n}<\/script>\n\n\n\n<script type=\"application\/ld+json\">{\n    \"@context\": \"https:\\\/\\\/schema.org\",\n    \"@type\": \"VideoObject\",\n    \"name\": \"Corte de Cabelo Wolf Cut 2024 - Veja mais de 50 inspira\\u00e7\\u00f5es da tend\\u00eancia de Cabelo Wolf Cut\",\n    \"description\": \"O corte de cabelo Wolf Cut tem ganhado bastante popularidade nos \\u00faltimos tempos, e isso se deve a v\\u00e1rias raz\\u00f5es que o tornam uma escolha moderna e estilosa para muitas pessoas.\",\n    \"thumbnailUrl\": \"https:\\\/\\\/danidrops.com.br\\\/wp-content\\\/uploads\\\/2024\\\/03\\\/corte_de_cabelo_holf_cut_2024.jpg\",\n    \"uploadDate\": \"2024-03-25\",\n    \"duration\": \"PT2M48S\",\n    \"contentUrl\": \"https:\\\/\\\/youtu.be\\\/vJpXWelBW3o\",\n    \"embedUrl\": \"https:\\\/\\\/youtu.be\\\/vJpXWelBW3o\",\n    \"potentialAction\": {\n        \"@type\": \"SeekToAction\",\n        \"target\": \"https:\\\/\\\/youtu.be\\\/vJpXWelBW3o={seek_to_second_number}\",\n        \"startOffset-input\": \"required name=seek_to_second_number\"\n    }\n}<\/script>\n\n\n\n<figure class=\"wp-block-embed is-type-video is-provider-youtube wp-block-embed-youtube wp-embed-aspect-16-9 wp-has-aspect-ratio\"><div class=\"wp-block-embed__wrapper\">\n<iframe loading=\"lazy\" title=\"Wolf Cut Haircut 2024 \u2013 D\u00e9couvrez plus de 50 inspirations pour la tendance Wolf Cut Hair\" width=\"500\" height=\"281\" src=\"https:\/\/www.youtube.com\/embed\/vJpXWelBW3o?feature=oembed\" frameborder=\"0\" allow=\"accelerometer; autoplay; clipboard-write; encrypted-media; gyroscope; picture-in-picture; web-share\" referrerpolicy=\"strict-origin-when-cross-origin\" allowfullscreen><\/iframe>\n<\/div><figcaption class=\"wp-element-caption\">Wolf Cut Haircut 2024 \u2013 D\u00e9couvrez plus de 50 inspirations pour la tendance Wolf Cut Hair<\/figcaption><\/figure>\n\n\n\n<h2 class=\"wp-block-heading\"><span class=\"ez-toc-section\" id=\"O_que_e_o_corte_de_cabelo_Wolf_Cut_2024\"><\/span>Quelle est la coupe de cheveux Wolf Cut 2024 ?<span class=\"ez-toc-section-end\"><\/span><\/h2>\n\n\n\n<p>La coupe de cheveux coupe loup qui est aussi appel\u00e9e coupe loup est un m\u00e9lange de deux coupes, le mulet et le shaggy. Cette coupe de cheveux femme se d\u00e9marque par son volume avec des d\u00e9grad\u00e9s et des m\u00e8ches effiloch\u00e9s par les d\u00e9grad\u00e9s.<\/p>\n\n\n\n<figure class=\"wp-block-image size-full\"><img loading=\"lazy\" decoding=\"async\" width=\"760\" height=\"555\" src=\"https:\/\/danidrops.com.br\/wp-content\/uploads\/2024\/03\/O-que-e-o-corte-de-cabelo-Wolf-Cut-2024.jpg\" alt=\"Quelle est la coupe de cheveux Wolf Cut 2024\" class=\"wp-image-92239\" title=\"\" srcset=\"https:\/\/danidrops.com.br\/wp-content\/uploads\/2024\/03\/O-que-e-o-corte-de-cabelo-Wolf-Cut-2024.jpg 760w, https:\/\/danidrops.com.br\/wp-content\/uploads\/2024\/03\/O-que-e-o-corte-de-cabelo-Wolf-Cut-2024-300x219.jpg 300w, https:\/\/danidrops.com.br\/wp-content\/uploads\/2024\/03\/O-que-e-o-corte-de-cabelo-Wolf-Cut-2024-16x12.jpg 16w, https:\/\/danidrops.com.br\/wp-content\/uploads\/2024\/03\/O-que-e-o-corte-de-cabelo-Wolf-Cut-2024-150x110.jpg 150w\" sizes=\"auto, (max-width: 760px) 100vw, 760px\" \/><figcaption class=\"wp-element-caption\">Quelle est la coupe de cheveux Wolf Cut 2024<\/figcaption><\/figure>\n\n\n\n<p>De mani\u00e8re g\u00e9n\u00e9rale, la coupe Wolf Cut 2024 est brouillonne et compos\u00e9e de fines couches avec beaucoup de volume, d&#039;o\u00f9 la r\u00e9f\u00e9rence vintage des ann\u00e9es 80.<\/p>\n\n\n\n<figure class=\"wp-block-image size-full\"><img loading=\"lazy\" decoding=\"async\" width=\"760\" height=\"555\" src=\"https:\/\/danidrops.com.br\/wp-content\/uploads\/2024\/03\/O-que-e-o-corte-de-cabelo-Wolf-Cut-2024-6.jpg\" alt=\"Quelle est la coupe de cheveux Wolf Cut 2024\" class=\"wp-image-92238\" title=\"\" srcset=\"https:\/\/danidrops.com.br\/wp-content\/uploads\/2024\/03\/O-que-e-o-corte-de-cabelo-Wolf-Cut-2024-6.jpg 760w, https:\/\/danidrops.com.br\/wp-content\/uploads\/2024\/03\/O-que-e-o-corte-de-cabelo-Wolf-Cut-2024-6-300x219.jpg 300w, https:\/\/danidrops.com.br\/wp-content\/uploads\/2024\/03\/O-que-e-o-corte-de-cabelo-Wolf-Cut-2024-6-16x12.jpg 16w, https:\/\/danidrops.com.br\/wp-content\/uploads\/2024\/03\/O-que-e-o-corte-de-cabelo-Wolf-Cut-2024-6-150x110.jpg 150w\" sizes=\"auto, (max-width: 760px) 100vw, 760px\" \/><figcaption class=\"wp-element-caption\">Quelle est la coupe de cheveux Wolf Cut 2024<\/figcaption><\/figure>\n\n\n\n<p>Ces derniers mois, les recherches pour ce type de coupe ont augment\u00e9 de plus de 70%, ce qui en fait une tendance forte pour l&#039;ann\u00e9e prochaine.<\/p>\n\n\n\n<figure class=\"wp-block-image size-full\"><img loading=\"lazy\" decoding=\"async\" width=\"760\" height=\"555\" src=\"https:\/\/danidrops.com.br\/wp-content\/uploads\/2024\/03\/O-que-e-o-corte-de-cabelo-Wolf-Cut-2024-5.jpg\" alt=\"Quelle est la coupe de cheveux Wolf Cut 2024\" class=\"wp-image-92237\" title=\"\" srcset=\"https:\/\/danidrops.com.br\/wp-content\/uploads\/2024\/03\/O-que-e-o-corte-de-cabelo-Wolf-Cut-2024-5.jpg 760w, https:\/\/danidrops.com.br\/wp-content\/uploads\/2024\/03\/O-que-e-o-corte-de-cabelo-Wolf-Cut-2024-5-300x219.jpg 300w, https:\/\/danidrops.com.br\/wp-content\/uploads\/2024\/03\/O-que-e-o-corte-de-cabelo-Wolf-Cut-2024-5-16x12.jpg 16w, https:\/\/danidrops.com.br\/wp-content\/uploads\/2024\/03\/O-que-e-o-corte-de-cabelo-Wolf-Cut-2024-5-150x110.jpg 150w\" sizes=\"auto, (max-width: 760px) 100vw, 760px\" \/><figcaption class=\"wp-element-caption\">Quelle est la coupe de cheveux Wolf Cut 2024<\/figcaption><\/figure>\n\n\n\n<p>C&#039;est une coupe diff\u00e9rente, jeune et tr\u00e8s cool, id\u00e9ale pour les personnes modernes et styl\u00e9es qui n&#039;ont pas peur d&#039;\u00eatre audacieuses avec leur look. <\/p>\n\n\n\n<figure class=\"wp-block-image size-full\"><img loading=\"lazy\" decoding=\"async\" width=\"760\" height=\"555\" src=\"https:\/\/danidrops.com.br\/wp-content\/uploads\/2024\/03\/O-que-e-o-corte-de-cabelo-Wolf-Cut-2024-4.jpg\" alt=\"Quelle est la coupe de cheveux Wolf Cut 2024\" class=\"wp-image-92236\" title=\"\" srcset=\"https:\/\/danidrops.com.br\/wp-content\/uploads\/2024\/03\/O-que-e-o-corte-de-cabelo-Wolf-Cut-2024-4.jpg 760w, https:\/\/danidrops.com.br\/wp-content\/uploads\/2024\/03\/O-que-e-o-corte-de-cabelo-Wolf-Cut-2024-4-300x219.jpg 300w, https:\/\/danidrops.com.br\/wp-content\/uploads\/2024\/03\/O-que-e-o-corte-de-cabelo-Wolf-Cut-2024-4-16x12.jpg 16w, https:\/\/danidrops.com.br\/wp-content\/uploads\/2024\/03\/O-que-e-o-corte-de-cabelo-Wolf-Cut-2024-4-150x110.jpg 150w\" sizes=\"auto, (max-width: 760px) 100vw, 760px\" \/><figcaption class=\"wp-element-caption\">Quelle est la coupe de cheveux Wolf Cut 2024<\/figcaption><\/figure>\n\n\n\n<p>Parce qu\u2019elle pr\u00e9sente cet aspect brouillon, la coupe de cheveux Wolf Cut 2024 ne n\u00e9cessite pas d\u2019entretien fr\u00e9quent et peut \u00eatre r\u00e9alis\u00e9e de mani\u00e8re sporadique. Ce type de coupe est donc id\u00e9al pour celles qui ont une routine quotidienne charg\u00e9e et mouvement\u00e9e et qui n&#039;ont pas le temps d&#039;aller au salon de beaut\u00e9.<\/p>\n\n\n\n<figure class=\"wp-block-image size-full\"><img loading=\"lazy\" decoding=\"async\" width=\"760\" height=\"555\" src=\"https:\/\/danidrops.com.br\/wp-content\/uploads\/2024\/03\/O-que-e-o-corte-de-cabelo-Wolf-Cut-2024-3.jpg\" alt=\"Quelle est la coupe de cheveux Wolf Cut 2024\" class=\"wp-image-92235\" title=\"\" srcset=\"https:\/\/danidrops.com.br\/wp-content\/uploads\/2024\/03\/O-que-e-o-corte-de-cabelo-Wolf-Cut-2024-3.jpg 760w, https:\/\/danidrops.com.br\/wp-content\/uploads\/2024\/03\/O-que-e-o-corte-de-cabelo-Wolf-Cut-2024-3-300x219.jpg 300w, https:\/\/danidrops.com.br\/wp-content\/uploads\/2024\/03\/O-que-e-o-corte-de-cabelo-Wolf-Cut-2024-3-16x12.jpg 16w, https:\/\/danidrops.com.br\/wp-content\/uploads\/2024\/03\/O-que-e-o-corte-de-cabelo-Wolf-Cut-2024-3-150x110.jpg 150w\" sizes=\"auto, (max-width: 760px) 100vw, 760px\" \/><figcaption class=\"wp-element-caption\">Quelle est la coupe de cheveux Wolf Cut 2024<\/figcaption><\/figure>\n\n\n\n<p>Cette coupe peut \u00e9galement \u00eatre associ\u00e9e \u00e0 diff\u00e9rents types et styles de franges, comme la frange courte.&nbsp;<\/p>\n\n\n\n<figure class=\"wp-block-image size-full\"><img loading=\"lazy\" decoding=\"async\" width=\"760\" height=\"555\" src=\"https:\/\/danidrops.com.br\/wp-content\/uploads\/2024\/03\/O-que-e-o-corte-de-cabelo-Wolf-Cut-2024-2.jpg\" alt=\"Quelle est la coupe de cheveux Wolf Cut 2024\" class=\"wp-image-92234\" title=\"\" srcset=\"https:\/\/danidrops.com.br\/wp-content\/uploads\/2024\/03\/O-que-e-o-corte-de-cabelo-Wolf-Cut-2024-2.jpg 760w, https:\/\/danidrops.com.br\/wp-content\/uploads\/2024\/03\/O-que-e-o-corte-de-cabelo-Wolf-Cut-2024-2-300x219.jpg 300w, https:\/\/danidrops.com.br\/wp-content\/uploads\/2024\/03\/O-que-e-o-corte-de-cabelo-Wolf-Cut-2024-2-16x12.jpg 16w, https:\/\/danidrops.com.br\/wp-content\/uploads\/2024\/03\/O-que-e-o-corte-de-cabelo-Wolf-Cut-2024-2-150x110.jpg 150w\" sizes=\"auto, (max-width: 760px) 100vw, 760px\" \/><figcaption class=\"wp-element-caption\">Quelle est la coupe de cheveux Wolf Cut 2024<\/figcaption><\/figure>\n\n\n\n<h2 class=\"wp-block-heading\"><span class=\"ez-toc-section\" id=\"Quais_modelos_de_Corte_de_Cabelo_Wolf_Cut_2024_estao_na_moda\"><\/span>Quels mod\u00e8les de coupe de cheveux Wolf Cut 2024 sont \u00e0 la mode ?<span class=\"ez-toc-section-end\"><\/span><\/h2>\n\n\n\n<p>Les mod\u00e8les Wolf Cut Haircut qui sont \u00e0 la mode en 2024 sont :<\/p>\n\n\n\n<ul class=\"wp-block-list\">\n<li>coupe de loup boucl\u00e9<\/li>\n\n\n\n<li>Loup coup\u00e9 court<\/li>\n\n\n\n<li>Loup coup\u00e9 long<\/li>\n\n\n\n<li>Coupe loup moyen<\/li>\n<\/ul>\n\n\n\n<h2 class=\"wp-block-heading\"><span class=\"ez-toc-section\" id=\"Wolf_Cut_cacheado\"><\/span>coupe de loup boucl\u00e9<span class=\"ez-toc-section-end\"><\/span><\/h2>\n\n\n\n<p>La coupe de cheveux Wolf Cut sur cheveux boucl\u00e9s est originaire de Cor\u00e9e du Sud et est largement utilis\u00e9e par les femmes modernes et \u00e9l\u00e9gantes du monde entier.<\/p>\n\n\n\n<p>Beaucoup de gens croient que les coupes de cheveux boucl\u00e9s sont limit\u00e9es, mais ce n&#039;est pas vrai, car la polyvalence des cheveux boucl\u00e9s est tr\u00e8s grande.<\/p>\n\n\n\n<figure class=\"wp-block-image size-full\"><img loading=\"lazy\" decoding=\"async\" width=\"760\" height=\"555\" src=\"https:\/\/danidrops.com.br\/wp-content\/uploads\/2024\/03\/Wolf-Cut-cacheado.jpg\" alt=\"coupe de loup boucl\u00e9\" class=\"wp-image-92241\" title=\"\" srcset=\"https:\/\/danidrops.com.br\/wp-content\/uploads\/2024\/03\/Wolf-Cut-cacheado.jpg 760w, https:\/\/danidrops.com.br\/wp-content\/uploads\/2024\/03\/Wolf-Cut-cacheado-300x219.jpg 300w, https:\/\/danidrops.com.br\/wp-content\/uploads\/2024\/03\/Wolf-Cut-cacheado-16x12.jpg 16w, https:\/\/danidrops.com.br\/wp-content\/uploads\/2024\/03\/Wolf-Cut-cacheado-150x110.jpg 150w\" sizes=\"auto, (max-width: 760px) 100vw, 760px\" \/><figcaption class=\"wp-element-caption\">coupe de loup boucl\u00e9<\/figcaption><\/figure>\n\n\n\n<p>Cette coupe met l&#039;accent sur le volume et dans le cas des cheveux boucl\u00e9s, ils ont d\u00e9j\u00e0 le volume et le mouvement id\u00e9aux pour compl\u00e9ter la coupe. Il est \u00e0 noter qu&#039;en adoptant cette coupe, les courbures de vos cheveux peuvent \u00eatre accentu\u00e9es et le volume augmentera en cons\u00e9quence.<\/p>\n\n\n\n<p>Donc, si vous recherchez ce r\u00e9sultat, c&#039;est la meilleure coupe pour mettre en valeur vos boucles. En se rappelant que les couches n&#039;ont pas besoin d&#039;\u00eatre aussi intenses, elles peuvent \u00eatre plus discr\u00e8tes pour que le volume augmente \u00e9galement discr\u00e8tement.<\/p>\n\n\n\n<figure class=\"wp-block-image size-full\"><img loading=\"lazy\" decoding=\"async\" width=\"760\" height=\"555\" src=\"https:\/\/danidrops.com.br\/wp-content\/uploads\/2024\/03\/Wolf-Cut-cacheado-2.jpg\" alt=\"coupe de loup boucl\u00e9\" class=\"wp-image-92240\" title=\"\" srcset=\"https:\/\/danidrops.com.br\/wp-content\/uploads\/2024\/03\/Wolf-Cut-cacheado-2.jpg 760w, https:\/\/danidrops.com.br\/wp-content\/uploads\/2024\/03\/Wolf-Cut-cacheado-2-300x219.jpg 300w, https:\/\/danidrops.com.br\/wp-content\/uploads\/2024\/03\/Wolf-Cut-cacheado-2-16x12.jpg 16w, https:\/\/danidrops.com.br\/wp-content\/uploads\/2024\/03\/Wolf-Cut-cacheado-2-150x110.jpg 150w\" sizes=\"auto, (max-width: 760px) 100vw, 760px\" \/><figcaption class=\"wp-element-caption\">coupe de loup boucl\u00e9<\/figcaption><\/figure>\n\n\n\n<p>De plus, la coupe de cheveux Wolf Cut 2024 pour cheveux boucl\u00e9s se combine parfaitement avec certains mod\u00e8les de franges, car elles sont capables d&#039;encadrer le visage et de rendre le look plus harmonieux et plus beau.&nbsp;<\/p>\n\n\n\n<p>Faire une bonne finition contribue \u00e9galement positivement au charme du Wolf Cut, car il valorise encore plus les courbes et les couches dont il dispose. Pour bien finir vos cheveux, choisissez les produits que vous pr\u00e9f\u00e9rez, laissez poser et finissez avec le diffuseur, le s\u00e8che-cheveux ou laissez s\u00e9cher naturellement.<\/p>\n\n\n\n<h2 class=\"wp-block-heading\"><span class=\"ez-toc-section\" id=\"Wolf_Cut_Curto\"><\/span>Loup coup\u00e9 court<span class=\"ez-toc-section-end\"><\/span><\/h2>\n\n\n\n<p>Bien qu&#039;elle semble \u00eatre une coupe pour cheveux longs, la Wolf Cut peut \u00eatre pratiqu\u00e9e sur tous les types et toutes les longueurs de cheveux.<\/p>\n\n\n\n<figure class=\"wp-block-image size-full\"><img loading=\"lazy\" decoding=\"async\" width=\"760\" height=\"555\" src=\"https:\/\/danidrops.com.br\/wp-content\/uploads\/2024\/03\/Wolf-Cut-Curto.jpg\" alt=\"Loup coup\u00e9 court\" class=\"wp-image-92243\" title=\"\" srcset=\"https:\/\/danidrops.com.br\/wp-content\/uploads\/2024\/03\/Wolf-Cut-Curto.jpg 760w, https:\/\/danidrops.com.br\/wp-content\/uploads\/2024\/03\/Wolf-Cut-Curto-300x219.jpg 300w, https:\/\/danidrops.com.br\/wp-content\/uploads\/2024\/03\/Wolf-Cut-Curto-16x12.jpg 16w, https:\/\/danidrops.com.br\/wp-content\/uploads\/2024\/03\/Wolf-Cut-Curto-150x110.jpg 150w\" sizes=\"auto, (max-width: 760px) 100vw, 760px\" \/><figcaption class=\"wp-element-caption\">Loup coup\u00e9 court<\/figcaption><\/figure>\n\n\n\n<p>Dans les cheveux courts, les couches doivent \u00eatre discr\u00e8tes et en m\u00eame temps contrast\u00e9es pour donner du volume aux cheveux, surtout s&#039;ils sont raides.<\/p>\n\n\n\n<figure class=\"wp-block-image size-full\"><img loading=\"lazy\" decoding=\"async\" width=\"760\" height=\"555\" src=\"https:\/\/danidrops.com.br\/wp-content\/uploads\/2024\/03\/Wolf-Cut-Curto-2.jpg\" alt=\"Loup coup\u00e9 court\" class=\"wp-image-92242\" title=\"\" srcset=\"https:\/\/danidrops.com.br\/wp-content\/uploads\/2024\/03\/Wolf-Cut-Curto-2.jpg 760w, https:\/\/danidrops.com.br\/wp-content\/uploads\/2024\/03\/Wolf-Cut-Curto-2-300x219.jpg 300w, https:\/\/danidrops.com.br\/wp-content\/uploads\/2024\/03\/Wolf-Cut-Curto-2-16x12.jpg 16w, https:\/\/danidrops.com.br\/wp-content\/uploads\/2024\/03\/Wolf-Cut-Curto-2-150x110.jpg 150w\" sizes=\"auto, (max-width: 760px) 100vw, 760px\" \/><figcaption class=\"wp-element-caption\">Loup coup\u00e9 court<\/figcaption><\/figure>\n\n\n\n<h2 class=\"wp-block-heading\"><span class=\"ez-toc-section\" id=\"Wolf_Cut_Longo\"><\/span>Loup coup\u00e9 long<span class=\"ez-toc-section-end\"><\/span><\/h2>\n\n\n\n<p>Pour les cheveux longs, la coupe Wolf Cut 2024 met en valeur les d\u00e9grad\u00e9s et le volume, leur laissant un aspect effiloch\u00e9 et tr\u00e8s styl\u00e9.<\/p>\n\n\n\n<figure class=\"wp-block-image size-full\"><img loading=\"lazy\" decoding=\"async\" width=\"760\" height=\"555\" src=\"https:\/\/danidrops.com.br\/wp-content\/uploads\/2024\/03\/Wolf-Cut-Longo.jpg\" alt=\"Loup coup\u00e9 long\" class=\"wp-image-92245\" title=\"\" srcset=\"https:\/\/danidrops.com.br\/wp-content\/uploads\/2024\/03\/Wolf-Cut-Longo.jpg 760w, https:\/\/danidrops.com.br\/wp-content\/uploads\/2024\/03\/Wolf-Cut-Longo-300x219.jpg 300w, https:\/\/danidrops.com.br\/wp-content\/uploads\/2024\/03\/Wolf-Cut-Longo-16x12.jpg 16w, https:\/\/danidrops.com.br\/wp-content\/uploads\/2024\/03\/Wolf-Cut-Longo-150x110.jpg 150w\" sizes=\"auto, (max-width: 760px) 100vw, 760px\" \/><figcaption class=\"wp-element-caption\">Loup coup\u00e9 long<\/figcaption><\/figure>\n\n\n\n<p>L&#039;utilisation de franges peut \u00eatre un excellent moyen de combiner les coupes, car elles compl\u00e8tent bien la finition Wolf Cut.<\/p>\n\n\n\n<figure class=\"wp-block-image size-full\"><img loading=\"lazy\" decoding=\"async\" width=\"760\" height=\"555\" src=\"https:\/\/danidrops.com.br\/wp-content\/uploads\/2024\/03\/Wolf-Cut-Longo-2.jpg\" alt=\"Loup coup\u00e9 long\" class=\"wp-image-92244\" title=\"\" srcset=\"https:\/\/danidrops.com.br\/wp-content\/uploads\/2024\/03\/Wolf-Cut-Longo-2.jpg 760w, https:\/\/danidrops.com.br\/wp-content\/uploads\/2024\/03\/Wolf-Cut-Longo-2-300x219.jpg 300w, https:\/\/danidrops.com.br\/wp-content\/uploads\/2024\/03\/Wolf-Cut-Longo-2-16x12.jpg 16w, https:\/\/danidrops.com.br\/wp-content\/uploads\/2024\/03\/Wolf-Cut-Longo-2-150x110.jpg 150w\" sizes=\"auto, (max-width: 760px) 100vw, 760px\" \/><figcaption class=\"wp-element-caption\">Loup coup\u00e9 long<\/figcaption><\/figure>\n\n\n\n<h2 class=\"wp-block-heading\"><span class=\"ez-toc-section\" id=\"Wolf_Cut_Medio\"><\/span>Coupe loup moyen<span class=\"ez-toc-section-end\"><\/span><\/h2>\n\n\n\n<p>Comme nous l\u2019avons mentionn\u00e9, la coupe de cheveux Wolf Cut 2024 convient \u00e0 tous les types et longueurs de cheveux.<\/p>\n\n\n\n<figure class=\"wp-block-image size-full\"><img loading=\"lazy\" decoding=\"async\" width=\"760\" height=\"555\" src=\"https:\/\/danidrops.com.br\/wp-content\/uploads\/2024\/03\/Wolf-Cut-Medio.jpg\" alt=\"Coupe loup moyen\" class=\"wp-image-92247\" title=\"\" srcset=\"https:\/\/danidrops.com.br\/wp-content\/uploads\/2024\/03\/Wolf-Cut-Medio.jpg 760w, https:\/\/danidrops.com.br\/wp-content\/uploads\/2024\/03\/Wolf-Cut-Medio-300x219.jpg 300w, https:\/\/danidrops.com.br\/wp-content\/uploads\/2024\/03\/Wolf-Cut-Medio-16x12.jpg 16w, https:\/\/danidrops.com.br\/wp-content\/uploads\/2024\/03\/Wolf-Cut-Medio-150x110.jpg 150w\" sizes=\"auto, (max-width: 760px) 100vw, 760px\" \/><figcaption class=\"wp-element-caption\">Coupe loup moyen<\/figcaption><\/figure>\n\n\n\n<p>Les femmes aux cheveux mi-longs sont celles qui utilisent le plus la Wolf Cut car elle est capable de donner du volume et du mouvement aux m\u00e8ches, rendant le look plus beau et d\u00e9pouill\u00e9.<\/p>\n\n\n\n<figure class=\"wp-block-image size-full\"><img loading=\"lazy\" decoding=\"async\" width=\"760\" height=\"555\" src=\"https:\/\/danidrops.com.br\/wp-content\/uploads\/2024\/03\/Wolf-Cut-Medio-2.jpg\" alt=\"Coupe loup moyen\" class=\"wp-image-92246\" title=\"\" srcset=\"https:\/\/danidrops.com.br\/wp-content\/uploads\/2024\/03\/Wolf-Cut-Medio-2.jpg 760w, https:\/\/danidrops.com.br\/wp-content\/uploads\/2024\/03\/Wolf-Cut-Medio-2-300x219.jpg 300w, https:\/\/danidrops.com.br\/wp-content\/uploads\/2024\/03\/Wolf-Cut-Medio-2-16x12.jpg 16w, https:\/\/danidrops.com.br\/wp-content\/uploads\/2024\/03\/Wolf-Cut-Medio-2-150x110.jpg 150w\" sizes=\"auto, (max-width: 760px) 100vw, 760px\" \/><figcaption class=\"wp-element-caption\">Coupe loup moyen<\/figcaption><\/figure>\n\n\n\n<p>Si vous aimez changer les choses et n&#039;avez pas peur des ciseaux, c&#039;est la coupe id\u00e9ale pour commencer l&#039;ann\u00e9e avec un look totalement diff\u00e9rent et magnifique.<\/p>\n\n\n\n<script type=\"application\/ld+json\">{\n    \"@context\": \"https:\\\/\\\/schema.org\\\/\",\n    \"@type\": \"HowTo\",\n    \"name\": \"o fazer o corte de cabelo Wolf Cut?\",\n    \"description\": \"Para fazer o corte de cabelo Wolf Cut n\\u00e3o \\u00e9 muito dif\\u00edcil, mas se voc\\u00ea quer um resultado profissional a melhor solu\\u00e7\\u00e3o \\u00e9 buscar um cabeleireiro esperiente, porem se mesmo assim voc\\u00ea quer fazer sozinha, siga estas dicas.\",\n    \"totalTime\": \"PT2M\",\n    \"estimatedCost\": {\n        \"@type\": \"MonetaryAmount\",\n        \"currency\": \"BRL\",\n        \"value\": \"2\"\n    },\n    \"supply\": {\n        \"@type\": \"HowToSupply\",\n        \"name\": \"Creme para cabelo\"\n    },\n    \"tool\": [\n        {\n            \"@type\": \"HowToTool\",\n            \"name\": \"1 tesoura\"\n        },\n        {\n            \"@type\": \"HowToTool\",\n            \"name\": \"1 elastico para amarrar o cabelo\"\n        },\n        {\n            \"@type\": \"HowToTool\",\n            \"name\": \"1 espelho\"\n        }\n    ],\n    \"step\": [\n        {\n            \"@type\": \"HowToStep\",\n            \"text\": \"Prenda o cabelo no topo - Pegue o cabelo e prenta no topo em forma de rabo de cavalo\",\n            \"name\": \"Corte as pontas\"\n        },\n        {\n            \"@type\": \"HowToStep\",\n            \"text\": \"Corte as pontas - Com o cabelo amarrado, desfie as ponta\",\n            \"name\": \"D\\u00ea mais volume\"\n        },\n        {\n            \"@type\": \"HowToStep\",\n            \"text\": \"D\\u00ea mais volume - Divida o cabelo ao meio novamente e amarre como um rabo de cavalo e novamente edsfie a ponta\",\n            \"name\": \"Corte a Franha\"\n        },\n        {\n            \"@type\": \"HowToStep\",\n            \"text\": \"Corte a Franha - Divida sua franja em dois e amarre, apos isso desfie as pontas novamente dos fios de cabelo da franha\",\n            \"name\": \"Maravilha\"\n        },\n        {\n            \"@type\": \"HowToStep\",\n            \"text\": \"Maravilha - Esta pronto seu corte de cabelo Wolf Cut, monte um look bacana que combine com seu corte de cabelo\"\n        }\n    ]\n}<\/script>\n\n\n\n<h2 class=\"wp-block-heading\"><span class=\"ez-toc-section\" id=\"Como_fazer_o_corte_de_cabelo_Wolf_Cut\"><\/span>Comment faire la coupe de cheveux Wolf Cut ?<span class=\"ez-toc-section-end\"><\/span><\/h2>\n\n\n\n<p>Faire la coupe de cheveux Wolf Cut n&#039;est pas tr\u00e8s difficile, mais si vous voulez un r\u00e9sultat professionnel, la meilleure solution est de chercher un coiffeur exp\u00e9riment\u00e9, mais si vous voulez toujours le faire vous-m\u00eame, suivez ces conseils :<\/p>\n\n\n\n<figure class=\"wp-block-image size-full\"><img loading=\"lazy\" decoding=\"async\" width=\"760\" height=\"555\" src=\"https:\/\/danidrops.com.br\/wp-content\/uploads\/2024\/03\/Como-fazer-o-corte-de-cabelo-Wolf-Cut.jpg\" alt=\"Comment obtenir la coupe de cheveux Wolf Cut\" class=\"wp-image-92250\" title=\"\" srcset=\"https:\/\/danidrops.com.br\/wp-content\/uploads\/2024\/03\/Como-fazer-o-corte-de-cabelo-Wolf-Cut.jpg 760w, https:\/\/danidrops.com.br\/wp-content\/uploads\/2024\/03\/Como-fazer-o-corte-de-cabelo-Wolf-Cut-300x219.jpg 300w, https:\/\/danidrops.com.br\/wp-content\/uploads\/2024\/03\/Como-fazer-o-corte-de-cabelo-Wolf-Cut-16x12.jpg 16w, https:\/\/danidrops.com.br\/wp-content\/uploads\/2024\/03\/Como-fazer-o-corte-de-cabelo-Wolf-Cut-150x110.jpg 150w\" sizes=\"auto, (max-width: 760px) 100vw, 760px\" \/><figcaption class=\"wp-element-caption\">Comment obtenir la coupe de cheveux Wolf Cut<\/figcaption><\/figure>\n\n\n\n<ol class=\"wp-block-list\">\n<li><strong>\u00c9pinglez les cheveux en haut<\/strong> \u2013 Prenez les cheveux et fixez le haut en forme de queue de cheval<\/li>\n\n\n\n<li><strong>couper les extr\u00e9mit\u00e9s <\/strong>\u2013 Avec les cheveux attach\u00e9s, d\u00e9m\u00ealez les pointes<\/li>\n\n\n\n<li><strong>donner plus de volume <\/strong>\u2013 Divisez \u00e0 nouveau les cheveux en deux et attachez-les comme une queue de cheval et \u00e9difiez \u00e0 nouveau la fin<\/li>\n\n\n\n<li><strong>couper la france<\/strong> \u2013 Divisez votre frange en deux et nouez, apr\u00e8s cela d\u00e9m\u00ealez \u00e0 nouveau les extr\u00e9mit\u00e9s des poils de la frange<\/li>\n\n\n\n<li><strong>Formidable<\/strong> - Votre coupe de cheveux Wolf Cut est pr\u00eate, cr\u00e9ez un look cool qui correspond \u00e0 votre coupe de cheveux<\/li>\n<\/ol>\n\n\n\n<figure class=\"wp-block-image size-full\"><img loading=\"lazy\" decoding=\"async\" width=\"760\" height=\"555\" src=\"https:\/\/danidrops.com.br\/wp-content\/uploads\/2024\/03\/Como-fazer-o-corte-de-cabelo-Wolf-Cut-3.jpg\" alt=\"Comment obtenir la coupe de cheveux Wolf Cut\" class=\"wp-image-92249\" title=\"\" srcset=\"https:\/\/danidrops.com.br\/wp-content\/uploads\/2024\/03\/Como-fazer-o-corte-de-cabelo-Wolf-Cut-3.jpg 760w, https:\/\/danidrops.com.br\/wp-content\/uploads\/2024\/03\/Como-fazer-o-corte-de-cabelo-Wolf-Cut-3-300x219.jpg 300w, https:\/\/danidrops.com.br\/wp-content\/uploads\/2024\/03\/Como-fazer-o-corte-de-cabelo-Wolf-Cut-3-16x12.jpg 16w, https:\/\/danidrops.com.br\/wp-content\/uploads\/2024\/03\/Como-fazer-o-corte-de-cabelo-Wolf-Cut-3-150x110.jpg 150w\" sizes=\"auto, (max-width: 760px) 100vw, 760px\" \/><figcaption class=\"wp-element-caption\">Comment obtenir la coupe de cheveux Wolf Cut<\/figcaption><\/figure>\n\n\n\n<figure class=\"wp-block-image size-full\"><img loading=\"lazy\" decoding=\"async\" width=\"760\" height=\"555\" src=\"https:\/\/danidrops.com.br\/wp-content\/uploads\/2024\/03\/Como-fazer-o-corte-de-cabelo-Wolf-Cut-2.jpg\" alt=\"Comment obtenir la coupe de cheveux Wolf Cut\" class=\"wp-image-92248\" title=\"\" srcset=\"https:\/\/danidrops.com.br\/wp-content\/uploads\/2024\/03\/Como-fazer-o-corte-de-cabelo-Wolf-Cut-2.jpg 760w, https:\/\/danidrops.com.br\/wp-content\/uploads\/2024\/03\/Como-fazer-o-corte-de-cabelo-Wolf-Cut-2-300x219.jpg 300w, https:\/\/danidrops.com.br\/wp-content\/uploads\/2024\/03\/Como-fazer-o-corte-de-cabelo-Wolf-Cut-2-16x12.jpg 16w, https:\/\/danidrops.com.br\/wp-content\/uploads\/2024\/03\/Como-fazer-o-corte-de-cabelo-Wolf-Cut-2-150x110.jpg 150w\" sizes=\"auto, (max-width: 760px) 100vw, 760px\" \/><figcaption class=\"wp-element-caption\">Comment obtenir la coupe de cheveux Wolf Cut<\/figcaption><\/figure>\n<div id=\"ez-toc-container\" class=\"ez-toc-v2_0_76 counter-hierarchy ez-toc-counter ez-toc-grey ez-toc-container-direction\">\n<p class=\"ez-toc-title\" style=\"cursor:inherit\">Vous lirez cet article<\/p>\n<label for=\"ez-toc-cssicon-toggle-item-69f045da6a330\" class=\"ez-toc-cssicon-toggle-label\"><span class=\"ez-toc-cssicon\"><span class=\"eztoc-hide\" style=\"display:none;\">Basculer<\/span><span class=\"ez-toc-icon-toggle-span\"><svg style=\"fill: #999;color:#999\" xmlns=\"http:\/\/www.w3.org\/2000\/svg\" class=\"list-377408\" width=\"20px\" height=\"20px\" viewbox=\"0 0 24 24\" fill=\"none\"><path d=\"M6 6H4v2h2V6zm14 0H8v2h12V6zM4 11h2v2H4v-2zm16 0H8v2h12v-2zM4 16h2v2H4v-2zm16 0H8v2h12v-2z\" fill=\"currentColor\"><\/path><\/svg><svg style=\"fill: #999;color:#999\" class=\"arrow-unsorted-368013\" xmlns=\"http:\/\/www.w3.org\/2000\/svg\" width=\"10px\" height=\"10px\" viewbox=\"0 0 24 24\" version=\"1.2\" baseprofile=\"tiny\"><path d=\"M18.2 9.3l-6.2-6.3-6.2 6.3c-.2.2-.3.4-.3.7s.1.5.3.7c.2.2.4.3.7.3h11c.3 0 .5-.1.7-.3.2-.2.3-.5.3-.7s-.1-.5-.3-.7zM5.8 14.7l6.2 6.3 6.2-6.3c.2-.2.3-.5.3-.7s-.1-.5-.3-.7c-.2-.2-.4-.3-.7-.3h-11c-.3 0-.5.1-.7.3-.2.2-.3.5-.3.7s.1.5.3.7z\"\/><\/svg><\/span><\/span><\/label><input type=\"checkbox\"  id=\"ez-toc-cssicon-toggle-item-69f045da6a330\"  aria-label=\"Basculer\" \/><nav><ul class='ez-toc-list ez-toc-list-level-1' ><li class='ez-toc-page-1 ez-toc-heading-level-2'><a class=\"ez-toc-link ez-toc-heading-1\" href=\"https:\/\/danidrops.com.br\/fr\/coupe-de-cheveux-en-coupe-de-loup\/#O_que_e_o_corte_de_cabelo_Wolf_Cut_2024\" >Quelle est la coupe de cheveux Wolf Cut 2024 ?<\/a><\/li><li class='ez-toc-page-1 ez-toc-heading-level-2'><a class=\"ez-toc-link ez-toc-heading-2\" href=\"https:\/\/danidrops.com.br\/fr\/coupe-de-cheveux-en-coupe-de-loup\/#Quais_modelos_de_Corte_de_Cabelo_Wolf_Cut_2024_estao_na_moda\" >Quels mod\u00e8les de coupe de cheveux Wolf Cut 2024 sont \u00e0 la mode ?<\/a><\/li><li class='ez-toc-page-1 ez-toc-heading-level-2'><a class=\"ez-toc-link ez-toc-heading-3\" href=\"https:\/\/danidrops.com.br\/fr\/coupe-de-cheveux-en-coupe-de-loup\/#Wolf_Cut_cacheado\" >coupe de loup boucl\u00e9<\/a><\/li><li class='ez-toc-page-1 ez-toc-heading-level-2'><a class=\"ez-toc-link ez-toc-heading-4\" href=\"https:\/\/danidrops.com.br\/fr\/coupe-de-cheveux-en-coupe-de-loup\/#Wolf_Cut_Curto\" >Loup coup\u00e9 court<\/a><\/li><li class='ez-toc-page-1 ez-toc-heading-level-2'><a class=\"ez-toc-link ez-toc-heading-5\" href=\"https:\/\/danidrops.com.br\/fr\/coupe-de-cheveux-en-coupe-de-loup\/#Wolf_Cut_Longo\" >Loup coup\u00e9 long<\/a><\/li><li class='ez-toc-page-1 ez-toc-heading-level-2'><a class=\"ez-toc-link ez-toc-heading-6\" href=\"https:\/\/danidrops.com.br\/fr\/coupe-de-cheveux-en-coupe-de-loup\/#Wolf_Cut_Medio\" >Coupe loup moyen<\/a><\/li><li class='ez-toc-page-1 ez-toc-heading-level-2'><a class=\"ez-toc-link ez-toc-heading-7\" href=\"https:\/\/danidrops.com.br\/fr\/coupe-de-cheveux-en-coupe-de-loup\/#Como_fazer_o_corte_de_cabelo_Wolf_Cut\" >Comment faire la coupe de cheveux Wolf Cut ?<\/a><\/li><\/ul><\/nav><\/div>","protected":false},"excerpt":{"rendered":"<p>La coupe Wolf Cut 2024 est l\u00e0 pour durer et sera certainement l&#039;une des plus demand\u00e9es par les femmes en institut. C&#039;est\u2026<\/p>","protected":false},"author":1,"featured_media":92251,"comment_status":"open","ping_status":"open","sticky":false,"template":"","format":"standard","meta":{"footnotes":""},"categories":[439],"tags":[],"class_list":["post-44110","post","type-post","status-publish","format-standard","has-post-thumbnail","hentry","category-cabelo"],"_links":{"self":[{"href":"https:\/\/danidrops.com.br\/fr\/wp-json\/wp\/v2\/posts\/44110","targetHints":{"allow":["GET"]}}],"collection":[{"href":"https:\/\/danidrops.com.br\/fr\/wp-json\/wp\/v2\/posts"}],"about":[{"href":"https:\/\/danidrops.com.br\/fr\/wp-json\/wp\/v2\/types\/post"}],"author":[{"embeddable":true,"href":"https:\/\/danidrops.com.br\/fr\/wp-json\/wp\/v2\/users\/1"}],"replies":[{"embeddable":true,"href":"https:\/\/danidrops.com.br\/fr\/wp-json\/wp\/v2\/comments?post=44110"}],"version-history":[{"count":0,"href":"https:\/\/danidrops.com.br\/fr\/wp-json\/wp\/v2\/posts\/44110\/revisions"}],"wp:featuredmedia":[{"embeddable":true,"href":"https:\/\/danidrops.com.br\/fr\/wp-json\/wp\/v2\/media\/92251"}],"wp:attachment":[{"href":"https:\/\/danidrops.com.br\/fr\/wp-json\/wp\/v2\/media?parent=44110"}],"wp:term":[{"taxonomy":"category","embeddable":true,"href":"https:\/\/danidrops.com.br\/fr\/wp-json\/wp\/v2\/categories?post=44110"},{"taxonomy":"post_tag","embeddable":true,"href":"https:\/\/danidrops.com.br\/fr\/wp-json\/wp\/v2\/tags?post=44110"}],"curies":[{"name":"wp","href":"https:\/\/api.w.org\/{rel}","templated":true}]}}