{"id":451,"date":"2021-07-30T13:13:00","date_gmt":"2021-07-30T16:13:00","guid":{"rendered":"https:\/\/danidrops.com.br\/?p=451"},"modified":"2024-03-09T00:08:56","modified_gmt":"2024-03-09T03:08:56","slug":"programme-capillaire-pour-cheveux-abimes","status":"publish","type":"post","link":"https:\/\/danidrops.com.br\/fr\/programme-capillaire-pour-cheveux-abimes\/","title":{"rendered":"Hair Schedule 2022 : Pour les cheveux ab\u00eem\u00e9s, r\u00e9cup\u00e9rez vos cheveux en 30 jours"},"content":{"rendered":"<p>Bonjour, connais le <strong>Programme capillaire pour cheveux ab\u00eem\u00e9s<\/strong>? Aujourd&#039;hui je vais vous confier mon petit secret de beaut\u00e9 capillaire qui a permis de sauver mes cheveux et depuis je ne re\u00e7ois que des compliments.<\/p>\n\n\n\n<p><strong>Programme capillaire pour cheveux ab\u00eem\u00e9s<\/strong>! oui, apr\u00e8s avoir fait des recherches et commenc\u00e9 \u00e0 faire le programme capillaire religieusement lol mes cheveux sont pass\u00e9s de l&#039;eau au vin et je vais tout vous dire ici\u00a0! Appelez vos amis et vous allez adorer cette astuce\u00a0! viens mmm<\/p>\n\n\n\n<h2 class=\"wp-block-heading\"><span class=\"ez-toc-section\" id=\"O_que_sera_necessarios_para_se_fazer_um_cronograma_capilar\"><\/span>Que faudra-t-il pour faire un programme capillaire?<span class=\"ez-toc-section-end\"><\/span><\/h2>\n\n\n\n<p>Vous aurez besoin de faire un horaire capillaire sont:<\/p>\n\n\n\n<ul class=\"wp-block-list\">\n<li>Masque pour hydrater<\/li>\n\n\n\n<li>Nutrition ou humidit\u00e9<\/li>\n\n\n\n<li>reconstructeur de cheveux<\/li>\n<\/ul>\n\n\n\n<h2 class=\"wp-block-heading\"><span class=\"ez-toc-section\" id=\"O_que_e_Cronograma_Capilar\"><\/span>Qu&#039;est-ce que le Hair Schedule ?<span class=\"ez-toc-section-end\"><\/span><\/h2>\n\n\n\n<p>Pour que nos cheveux soient beaux, forts et en bonne sant\u00e9, ils ont besoin de plusieurs types de nutriments, c&#039;est-\u00e0-dire b\u00e9b\u00e9, hydratez simplement vos cheveux une fois par mois, avec ce masque qui est l\u00e0 dans la bo\u00eete de la salle de bain pleine d&#039;eau \u00e0 l&#039;int\u00e9rieur, toute la souffrance ne ne r\u00e9sout rien !<\/p>\n\n\n\n<p>O <strong>Programme capillaire pour cheveux ab\u00eem\u00e9s<\/strong>&nbsp;c&#039;est comme faire un journal pour que vous vous souveniez de fournir ce dont vos cheveux ont besoin \u00e0 chaque lavage ! Il se compose de 3 phases : Hydratation, Nutrition ou Humectation et Reconstruction. Croyez que vos cheveux ont soif et faim lol<\/p>\n\n\n\n<p>Allons \u00e0 <strong>Programme capillaire pour cheveux ab\u00eem\u00e9s<\/strong>! Prenez une photo et envoyez-la \u00e0 vos amis<\/p>\n\n\n\n<figure class=\"wp-block-image alignnone size-full wp-image-466\"><img loading=\"lazy\" decoding=\"async\" width=\"768\" height=\"1052\" src=\"https:\/\/danidrops.com.br\/wp-content\/uploads\/2017\/04\/cronograma-capilar-original.jpg\" alt=\"programme de coiffure original\" class=\"wp-image-466\" title=\"\" srcset=\"https:\/\/danidrops.com.br\/wp-content\/uploads\/2017\/04\/cronograma-capilar-original.jpg 768w, https:\/\/danidrops.com.br\/wp-content\/uploads\/2017\/04\/cronograma-capilar-original-219x300.jpg 219w, https:\/\/danidrops.com.br\/wp-content\/uploads\/2017\/04\/cronograma-capilar-original-748x1024.jpg 748w\" sizes=\"auto, (max-width: 768px) 100vw, 768px\" \/><figcaption class=\"wp-element-caption\">programme de coiffure original<\/figcaption><\/figure>\n\n\n\n<p>Exemple de comment commencer : je me lave les cheveux tous les 2 jours, donc on commence toujours par l\u00e0 la semaine n.1, c&#039;est \u00e0 dire que si je me lave les cheveux lundi j&#039;appliquerai le masque hydratant, puis je me lave \u00e0 nouveau les cheveux jeudi et faites une hydratation de plus et dimanche sera le jour de la nutrition. Cela ne changera qu&#039;\u00e0 la 4\u00e8me semaine que vous remplacerez la nutrition par la reconstruction \ud83d\ude09 c&#039;est comme faire un g\u00e2teau, b\u00e9b\u00e9, suivez simplement la recette et il n&#039;y a pas d&#039;erreur !!!<\/p>\n\n\n\n<p>Hydratation \u2013 Sert \u00e0 redonner hydratation et douceur \u00e0 vos cheveux ! Les personnes qui utilisent un s\u00e8che-cheveux, des fers \u00e0 repasser, etc., finissent par \u00e9liminer toute l&#039;humidit\u00e9 du fil.<\/p>\n\n\n\n<h3 class=\"wp-block-heading\">Apparition de cheveux secs<\/h3>\n\n\n\n<figure class=\"wp-block-image alignnone size-full wp-image-468\"><img loading=\"lazy\" decoding=\"async\" width=\"768\" height=\"512\" src=\"https:\/\/danidrops.com.br\/wp-content\/uploads\/2017\/04\/aspecto-de-cabelo-ressecado.jpg\" alt=\"aspect cheveux secs\" class=\"wp-image-468\" title=\"\" srcset=\"https:\/\/danidrops.com.br\/wp-content\/uploads\/2017\/04\/aspecto-de-cabelo-ressecado.jpg 768w, https:\/\/danidrops.com.br\/wp-content\/uploads\/2017\/04\/aspecto-de-cabelo-ressecado-300x200.jpg 300w\" sizes=\"auto, (max-width: 768px) 100vw, 768px\" \/><figcaption class=\"wp-element-caption\">aspect cheveux secs<\/figcaption><\/figure>\n\n\n\n<p>Les cheveux secs sont faciles \u00e0 identifier, bon b\u00e9b\u00e9, ils deviennent \u00e9pais, avec des pointes br\u00fbl\u00e9es et rugueux, super cassants.<\/p>\n\n\n\n<p>Nutrition ou Humidification \u2013 Cela reconstituera les lipides, c&#039;est-\u00e0-dire l&#039;huile naturelle de vos cheveux, nos cheveux ont besoin de lipides et ahh b\u00e9b\u00e9, sans nutrition vos cheveux ne retiendront pas l&#039;hydratation, voyez \ud83d\ude09 des cheveux bien nourris brillent, se comportent et sont beaucoup plus fort.<\/p>\n\n\n\n<h3 class=\"wp-block-heading\">Apparition de cheveux sous-aliment\u00e9s<\/h3>\n\n\n\n<figure class=\"wp-block-image alignnone size-full wp-image-470\"><img loading=\"lazy\" decoding=\"async\" width=\"768\" height=\"512\" src=\"https:\/\/danidrops.com.br\/wp-content\/uploads\/2017\/04\/aspecto-de-um-cabelo-desnutrido.jpg\" alt=\"apparition de cheveux sous-aliment\u00e9s\" class=\"wp-image-470\" title=\"\" srcset=\"https:\/\/danidrops.com.br\/wp-content\/uploads\/2017\/04\/aspecto-de-um-cabelo-desnutrido.jpg 768w, https:\/\/danidrops.com.br\/wp-content\/uploads\/2017\/04\/aspecto-de-um-cabelo-desnutrido-300x200.jpg 300w\" sizes=\"auto, (max-width: 768px) 100vw, 768px\" \/><figcaption class=\"wp-element-caption\">apparition de cheveux sous-aliment\u00e9s<\/figcaption><\/figure>\n\n\n\n<p>Les cheveux mal nourris deviennent opaques, sans vie et pleins de frisottis, voyez que m\u00eame les c\u00e9l\u00e8bres d\u00e9rapent en mati\u00e8re de nutrition lol<\/p>\n\n\n\n<p>Reconstruction - Il remplacera les prot\u00e9ines de vos fils, si vos cheveux sont fins, poreux et \u00e9lastiques, cass\u00e9s c&#039;est un manque de reconstruction ! Qui fait des m\u00e8ches et du progressif, j&#039;ai m\u00eame pas besoin d&#039;expliquer, vous savez d\u00e9j\u00e0 que les cheveux se font bien d\u00e9tonner lol<\/p>\n\n\n\n<h2 class=\"wp-block-heading\"><span class=\"ez-toc-section\" id=\"Aspecto_de_um_cabelo_danificado_por_quimicas_em_geral\"><\/span>Apparence de cheveux chimiquement ab\u00eem\u00e9s en g\u00e9n\u00e9ral<span class=\"ez-toc-section-end\"><\/span><\/h2>\n\n\n\n<figure class=\"wp-block-image alignnone size-full wp-image-472\"><img loading=\"lazy\" decoding=\"async\" width=\"768\" height=\"512\" src=\"https:\/\/danidrops.com.br\/wp-content\/uploads\/2017\/04\/aspecto-de-cabelo-danificado-por-processo-quimico.jpg\" alt=\"apparence de cheveux endommag\u00e9s chimiquement\" class=\"wp-image-472\" title=\"\" srcset=\"https:\/\/danidrops.com.br\/wp-content\/uploads\/2017\/04\/aspecto-de-cabelo-danificado-por-processo-quimico.jpg 768w, https:\/\/danidrops.com.br\/wp-content\/uploads\/2017\/04\/aspecto-de-cabelo-danificado-por-processo-quimico-300x200.jpg 300w\" sizes=\"auto, (max-width: 768px) 100vw, 768px\" \/><figcaption class=\"wp-element-caption\">apparence de cheveux endommag\u00e9s chimiquement<\/figcaption><\/figure>\n\n\n\n<p><strong>Astuce 01 -<\/strong> Mais attention \u00e0 trop reconstruire ab\u00eeme aussi le fil, l&#039;id\u00e9al de reconstruire c&#039;est 1x par mois, au stade o\u00f9 mes cheveux \u00e9taient tr\u00e8s ab\u00eem\u00e9s je le faisais 2x par mois maximum.<\/p>\n\n\n\n<p><strong>Astuce 02 -&nbsp;<\/strong>Mon ami, laisser votre masque dans la salle de bain expos\u00e9 \u00e0 la chaleur et tendre la main pour r\u00e9cup\u00e9rer le produit ruine le masque\u00a0! Soyez fin et retirez \u00e0 l&#039;aide d&#039;une spatule, retirez uniquement ce dont vous avez besoin et rangez le pot sur votre coiffeuse \ud83d\ude09<\/p>\n\n\n\n<p><strong>Astuce 03 -&nbsp;<\/strong>Pour renforcer l&#039;effet des masques, utilisez un bonnet lamin\u00e9 ou fait de boules de polystyr\u00e8ne \ud83d\ude09 et \u00e9teignez la douche, c&#039;est vrai ! la plan\u00e8te vous remercie !<\/p>\n\n\n\n<p>Mes produits pr\u00e9f\u00e9r\u00e9s de chaque \u00e9tape de la <strong>Programme capillaire pour cheveux ab\u00eem\u00e9s<\/strong>.<\/p>\n\n\n\n<p><strong>hydratation<\/strong> \u2013 Masque Bamboo Silicon Mix ou masque hydratant pour les cheveux.<\/p>\n\n\n\n<figure class=\"wp-block-image alignnone size-full wp-image-474\"><img loading=\"lazy\" decoding=\"async\" width=\"768\" height=\"512\" src=\"https:\/\/danidrops.com.br\/wp-content\/uploads\/2017\/04\/mascara-capilar-silicon-mix-bambu.jpg\" alt=\"masque capillaire en bambou au m\u00e9lange de silicone\" class=\"wp-image-474\" title=\"\" srcset=\"https:\/\/danidrops.com.br\/wp-content\/uploads\/2017\/04\/mascara-capilar-silicon-mix-bambu.jpg 768w, https:\/\/danidrops.com.br\/wp-content\/uploads\/2017\/04\/mascara-capilar-silicon-mix-bambu-300x200.jpg 300w\" sizes=\"auto, (max-width: 768px) 100vw, 768px\" \/><figcaption class=\"wp-element-caption\">masque capillaire en bambou au m\u00e9lange de silicone<\/figcaption><\/figure>\n\n\n\n<p><strong>Nutrition ou humidit\u00e9<\/strong> - J&#039;utilise <a href=\"https:\/\/www.lolacosmetics.com.br\/produto\/umectacao-oliva\/4559279\" target=\"_blank\" rel=\"noreferrer noopener\">Lola Cosmetics Huile d&#039;Olive<\/a><\/p>\n\n\n\n<figure class=\"wp-block-image alignnone size-full wp-image-478\"><img loading=\"lazy\" decoding=\"async\" width=\"768\" height=\"512\" src=\"https:\/\/danidrops.com.br\/wp-content\/uploads\/2017\/04\/umectacao-de-oliva.jpg\" alt=\"mouillage des olives\" class=\"wp-image-478\" title=\"\" srcset=\"https:\/\/danidrops.com.br\/wp-content\/uploads\/2017\/04\/umectacao-de-oliva.jpg 768w, https:\/\/danidrops.com.br\/wp-content\/uploads\/2017\/04\/umectacao-de-oliva-300x200.jpg 300w\" sizes=\"auto, (max-width: 768px) 100vw, 768px\" \/><figcaption class=\"wp-element-caption\">mouillage des olives<\/figcaption><\/figure>\n\n\n\n<p><strong>Reconstruction<\/strong> - Mon pr\u00e9f\u00e9r\u00e9 de tous les temps\u00a0! La <a href=\"http:\/\/www.joico.com.br\/produto\/mascara-de-hidratacao-profunda-joico-k-pak-hydrator-250-ml-para-cabelos-secos-e-danificados-78136\" target=\"_blank\" rel=\"noopener noreferrer\">k PAK Joico reconstructeur<\/a><\/p>\n\n\n\n<figure class=\"wp-block-image alignnone size-full wp-image-476\"><img loading=\"lazy\" decoding=\"async\" width=\"768\" height=\"512\" src=\"https:\/\/danidrops.com.br\/wp-content\/uploads\/2017\/04\/reconstrutor-capilar-joico-k-Pak.jpg\" alt=\"reconstructeur de cheveux joico k-Pak\" class=\"wp-image-476\" title=\"\" srcset=\"https:\/\/danidrops.com.br\/wp-content\/uploads\/2017\/04\/reconstrutor-capilar-joico-k-Pak.jpg 768w, https:\/\/danidrops.com.br\/wp-content\/uploads\/2017\/04\/reconstrutor-capilar-joico-k-Pak-300x200.jpg 300w\" sizes=\"auto, (max-width: 768px) 100vw, 768px\" \/><figcaption class=\"wp-element-caption\">reconstructeur de cheveux joico k-Pak<\/figcaption><\/figure>\n\n\n\n<p>Si vous vous lavez les cheveux tous les jours, pas de probl\u00e8me ! Les jours o\u00f9 j&#039;ai pr\u00e9vu de ne pas me laver les cheveux, vous pouvez les laver uniquement avec votre shampoing et apr\u00e8s-shampooing habituels et faire attention \u00e0 la quantit\u00e9 de cr\u00e8me mouillante pour ne pas les alourdir !<\/p>\n\n\n\n<p>Pour que le message ne soit pas long, je ne m&#039;attarderai pas \u00e0 parler des masques, restez \u00e0 l&#039;\u00e9coute sur le blog, puis je ferai un article sp\u00e9cifique parlant de ces options de masque et d&#039;autres que vous pourrez utiliser maintenant\u00a0!<\/p>\n\n\n\n<p>Ce c\u00e2lin et jusqu&#039;\u00e0 la prochaine fois<img loading=\"lazy\" decoding=\"async\" style=\"margin-left: 3px; margin-right: 3px; vertical-align: middle; -webkit-box-shadow: none; -moz-box-shadow: none; box-shadow: none;\" src=\"https:\/\/danidrops.com.br\/wp-content\/plugins\/wp-emoji-one\/icons\/1F609.png\" width=\"16\" height=\"16\" alt=\"\" title=\"\"><\/p>\n<div id=\"ez-toc-container\" class=\"ez-toc-v2_0_76 counter-hierarchy ez-toc-counter ez-toc-grey ez-toc-container-direction\">\n<p class=\"ez-toc-title\" style=\"cursor:inherit\">Vous lirez cet article<\/p>\n<label for=\"ez-toc-cssicon-toggle-item-69f187bae6052\" class=\"ez-toc-cssicon-toggle-label\"><span class=\"ez-toc-cssicon\"><span class=\"eztoc-hide\" style=\"display:none;\">Basculer<\/span><span class=\"ez-toc-icon-toggle-span\"><svg style=\"fill: #999;color:#999\" xmlns=\"http:\/\/www.w3.org\/2000\/svg\" class=\"list-377408\" width=\"20px\" height=\"20px\" viewbox=\"0 0 24 24\" fill=\"none\"><path d=\"M6 6H4v2h2V6zm14 0H8v2h12V6zM4 11h2v2H4v-2zm16 0H8v2h12v-2zM4 16h2v2H4v-2zm16 0H8v2h12v-2z\" fill=\"currentColor\"><\/path><\/svg><svg style=\"fill: #999;color:#999\" class=\"arrow-unsorted-368013\" xmlns=\"http:\/\/www.w3.org\/2000\/svg\" width=\"10px\" height=\"10px\" viewbox=\"0 0 24 24\" version=\"1.2\" baseprofile=\"tiny\"><path d=\"M18.2 9.3l-6.2-6.3-6.2 6.3c-.2.2-.3.4-.3.7s.1.5.3.7c.2.2.4.3.7.3h11c.3 0 .5-.1.7-.3.2-.2.3-.5.3-.7s-.1-.5-.3-.7zM5.8 14.7l6.2 6.3 6.2-6.3c.2-.2.3-.5.3-.7s-.1-.5-.3-.7c-.2-.2-.4-.3-.7-.3h-11c-.3 0-.5.1-.7.3-.2.2-.3.5-.3.7s.1.5.3.7z\"\/><\/svg><\/span><\/span><\/label><input type=\"checkbox\"  id=\"ez-toc-cssicon-toggle-item-69f187bae6052\"  aria-label=\"Basculer\" \/><nav><ul class='ez-toc-list ez-toc-list-level-1' ><li class='ez-toc-page-1 ez-toc-heading-level-2'><a class=\"ez-toc-link ez-toc-heading-1\" href=\"https:\/\/danidrops.com.br\/fr\/programme-capillaire-pour-cheveux-abimes\/#O_que_sera_necessarios_para_se_fazer_um_cronograma_capilar\" >Que faudra-t-il pour faire un programme capillaire?<\/a><\/li><li class='ez-toc-page-1 ez-toc-heading-level-2'><a class=\"ez-toc-link ez-toc-heading-2\" href=\"https:\/\/danidrops.com.br\/fr\/programme-capillaire-pour-cheveux-abimes\/#O_que_e_Cronograma_Capilar\" >Qu&#039;est-ce que le Hair Schedule ?<\/a><\/li><li class='ez-toc-page-1 ez-toc-heading-level-2'><a class=\"ez-toc-link ez-toc-heading-3\" href=\"https:\/\/danidrops.com.br\/fr\/programme-capillaire-pour-cheveux-abimes\/#Aspecto_de_um_cabelo_danificado_por_quimicas_em_geral\" >Apparence de cheveux chimiquement ab\u00eem\u00e9s en g\u00e9n\u00e9ral<\/a><\/li><\/ul><\/nav><\/div>","protected":false},"excerpt":{"rendered":"<p>Aujourd&#039;hui je vais vous confier mon petit secret de beaut\u00e9 qui a permis de sauver mes cheveux ! et depuis je fais ce rituel toutes les semaines !<\/p>","protected":false},"author":1,"featured_media":4906,"comment_status":"open","ping_status":"open","sticky":false,"template":"","format":"standard","meta":{"footnotes":""},"categories":[439],"tags":[],"class_list":["post-451","post","type-post","status-publish","format-standard","has-post-thumbnail","hentry","category-cabelo"],"_links":{"self":[{"href":"https:\/\/danidrops.com.br\/fr\/wp-json\/wp\/v2\/posts\/451","targetHints":{"allow":["GET"]}}],"collection":[{"href":"https:\/\/danidrops.com.br\/fr\/wp-json\/wp\/v2\/posts"}],"about":[{"href":"https:\/\/danidrops.com.br\/fr\/wp-json\/wp\/v2\/types\/post"}],"author":[{"embeddable":true,"href":"https:\/\/danidrops.com.br\/fr\/wp-json\/wp\/v2\/users\/1"}],"replies":[{"embeddable":true,"href":"https:\/\/danidrops.com.br\/fr\/wp-json\/wp\/v2\/comments?post=451"}],"version-history":[{"count":0,"href":"https:\/\/danidrops.com.br\/fr\/wp-json\/wp\/v2\/posts\/451\/revisions"}],"wp:featuredmedia":[{"embeddable":true,"href":"https:\/\/danidrops.com.br\/fr\/wp-json\/wp\/v2\/media\/4906"}],"wp:attachment":[{"href":"https:\/\/danidrops.com.br\/fr\/wp-json\/wp\/v2\/media?parent=451"}],"wp:term":[{"taxonomy":"category","embeddable":true,"href":"https:\/\/danidrops.com.br\/fr\/wp-json\/wp\/v2\/categories?post=451"},{"taxonomy":"post_tag","embeddable":true,"href":"https:\/\/danidrops.com.br\/fr\/wp-json\/wp\/v2\/tags?post=451"}],"curies":[{"name":"wp","href":"https:\/\/api.w.org\/{rel}","templated":true}]}}