{"id":4705,"date":"2021-08-02T09:09:00","date_gmt":"2021-08-02T12:09:00","guid":{"rendered":"https:\/\/danidrops.com.br\/?p=4705"},"modified":"2024-11-05T21:21:44","modified_gmt":"2024-11-06T00:21:44","slug":"coupes-de-cheveux-courtes","status":"publish","type":"post","link":"https:\/\/danidrops.com.br\/fr\/coupes-de-cheveux-courtes\/","title":{"rendered":"Coupes de cheveux courts 2022\u00a0: Quelles sont les tendances, les conseils et les 54\u00a0inspirations pour les cheveux courts f\u00e9minins"},"content":{"rendered":"<p>Avec le tournant de l&#039;ann\u00e9e, miser sur la tendance des <strong>coupes de cheveux courtes 2022<\/strong> cela pourrait \u00eatre le changement dont vous avez besoin pour vous sentir encore plus belle et puissante. <\/p>\n\n\n\n<p>En 2022, la tendance coupe de cheveux, comme chaque ann\u00e9e, certains <strong>les coupes de cheveux courtes en 2022 se d\u00e9marqueront<\/strong> par rapport aux autres, et les cheveux courts seront certainement plus populaires que jamais, principalement parce que de nombreuses femmes parient sur la transition capillaire.&nbsp;<\/p>\n\n\n\n<div class=\"calltoaction\">\n  <table>\n    <tr>\n      <td class=\"image-column\">\n        <a href=\"https:\/\/danidrops.com.br\/fr\/tendance-coupe-de-cheveux-femme-2025\/\" title=\"Tendance coupe de cheveux 2024\"><img decoding=\"async\" src=\"https:\/\/danidrops.com.br\/wp-content\/uploads\/2024\/05\/Tendencia-Corte-de-Cabelo-2024.jpg\" alt=\"Coupe de cheveux 2024\" title=\"\"><\/a>\n      <\/td>\n      <td class=\"text-column\">\n       <p class=\"small-text\">Tendance coupe de cheveux femme<\/p>\n        <p class=\"medium-text\">Tendance coupe de cheveux 2024<\/p>\n        <p class=\"large-text\">Quelles coupes de cheveux sont \u00e0 la mode ? D\u00e9couvrez les mod\u00e8les, les couleurs et les styles !<\/p>\n        <a href=\"https:\/\/danidrops.com.br\/fr\/tendance-coupe-de-cheveux-femme-2025\/\" title=\"Tendance coupe de cheveux 2024\"><button class=\"my-button\">D\u00e9couvrez les coupes de cheveux 2024<\/button><\/a>\n      <\/td>\n    <\/tr>\n  <\/table>\n<\/div>\n\n\n\n<p>V\u00e9rifiez ci-dessous certains types de coupes de cheveux courtes 2022 et choisissez votre pr\u00e9f\u00e9r\u00e9.<\/p>\n\n\n\n<script type=\"application\/ld+json\">{\n    \"@context\": \"https:\\\/\\\/schema.org\",\n    \"@type\": \"FAQPage\",\n    \"mainEntity\": {\n        \"@type\": \"Question\",\n        \"name\": \"Quais s\\u00e3o as tend\\u00eancias de Cortes de Cabelo Curto 2022?\",\n        \"acceptedAnswer\": {\n            \"@type\": \"Answer\",\n            \"text\": \"Aas tend\\u00eancias de Cortes de Cabelo Curto 2022 s\\u00e3o: Corte Pixie, Short Bob, Curtinho com Franja, Blunt Cut, Baby Bang, Shag hair, Wob hair, Corte Long Bob, Corte Chanel,\"\n        }\n    }\n}<\/script>\n\n\n\n<h2 class=\"wp-block-heading\" id=\"quais-sao-as-tendencias-de-cortes-de-cabelo-curto-2022\"><span class=\"ez-toc-section\" id=\"Quais_sao_as_tendencias_de_Cortes_de_Cabelo_Curto_2022\"><\/span>Quelles sont les coupes de cheveux courtes tendances 2022 ?<span class=\"ez-toc-section-end\"><\/span><\/h2>\n\n\n\n<ul class=\"wp-block-list\">\n<li>coupe de lutin<\/li>\n\n\n\n<li>coupe courte<\/li>\n\n\n\n<li>court avec frange<\/li>\n\n\n\n<li>Coupe \u00e9mouss\u00e9e<\/li>\n\n\n\n<li>coup de b\u00e9b\u00e9<\/li>\n\n\n\n<li>Cheveux hirsutes<\/li>\n\n\n\n<li>cheveux ondul\u00e9s<\/li>\n\n\n\n<li>Coupe Bob longue<\/li>\n\n\n\n<li>Coupe Chanel<\/li>\n\n\n\n<li>court boucl\u00e9<\/li>\n<\/ul>\n\n\n\n<h2 class=\"wp-block-heading\" id=\"veja-quais-sao-as-tendencias-de-cabelo-curto-feminino\"><span class=\"ez-toc-section\" id=\"Veja_Quais_sao_as_Tendencias_de_Cabelo_Curto_Feminino\"><\/span>Voir quelles sont les tendances des cheveux courts pour les femmes<span class=\"ez-toc-section-end\"><\/span><\/h2>\n\n\n\n<script type=\"application\/ld+json\">{\n    \"@context\": \"https:\\\/\\\/schema.org\",\n    \"@type\": \"VideoObject\",\n    \"name\": \"Cortes de Cabelo Curto 2022: Quais s\\u00e3o as Tend\\u00eancias de Cabelo Curto Feminino, Dicas e 54 Inspira\\u00e7\\u00f5es de Cabelos Curtos\",\n    \"description\": \"Cortes de Cabelo Curto 2022: Quais s\\u00e3o as Tend\\u00eancias de Cabelo Curto Feminino, Dicas e 54 Inspira\\u00e7\\u00f5es de Cabelos Curtos\",\n    \"thumbnailUrl\": \"https:\\\/\\\/danidrops.com.br\\\/wp-content\\\/uploads\\\/2021\\\/09\\\/Cortes-de-Cabelo-Curto.jpg\",\n    \"uploadDate\": \"2021-09-17\",\n    \"duration\": \"PT1M15S\",\n    \"publisher\": {\n        \"@type\": \"Organization\",\n        \"name\": \"Dani Drops\",\n        \"logo\": {\n            \"@type\": \"ImageObject\",\n            \"url\": \"https:\\\/\\\/danidrops.com.br\\\/wp-content\\\/uploads\\\/2021\\\/08\\\/danidrops.jpg\",\n            \"width\": 600,\n            \"height\": 60\n        }\n    },\n    \"contentUrl\": \"https:\\\/\\\/youtu.be\\\/gd-mUTTC_yw\",\n    \"embedUrl\": \"https:\\\/\\\/youtu.be\\\/gd-mUTTC_yw\",\n    \"potentialAction\": {\n        \"@type\": \"SeekToAction\",\n        \"target\": \"https:\\\/\\\/youtu.be\\\/gd-mUTTC_yw={seek_to_second_number}\",\n        \"startOffset-input\": \"required name=seek_to_second_number\"\n    }\n}<\/script>\n\n\n\n<figure class=\"wp-block-embed is-type-video is-provider-youtube wp-block-embed-youtube wp-embed-aspect-16-9 wp-has-aspect-ratio\"><div class=\"wp-block-embed__wrapper\">\n<iframe loading=\"lazy\" title=\"Coupes de cheveux courts 2022, voyez quelles sont les tendances des cheveux courts pour les femmes\" width=\"500\" height=\"281\" src=\"https:\/\/www.youtube.com\/embed\/gd-mUTTC_yw?feature=oembed\" frameborder=\"0\" allow=\"accelerometer; autoplay; clipboard-write; encrypted-media; gyroscope; picture-in-picture; web-share\" referrerpolicy=\"strict-origin-when-cross-origin\" allowfullscreen><\/iframe>\n<\/div><\/figure>\n\n\n\n<h2 class=\"wp-block-heading\" id=\"corte-pixie\"><span class=\"ez-toc-section\" id=\"Corte_Pixie\"><\/span>coupe de lutin<span class=\"ez-toc-section-end\"><\/span><\/h2>\n\n\n\n<p>La coupe de cheveux Pixie, qui est tr\u00e8s courte et en couches, avec des c\u00f4t\u00e9s et une nuque bien coup\u00e9s, est un excellent pari pour l&#039;ann\u00e9e prochaine. <\/p>\n\n\n\n<figure class=\"wp-block-image size-large\"><img loading=\"lazy\" decoding=\"async\" width=\"760\" height=\"555\" src=\"https:\/\/danidrops.com.br\/wp-content\/uploads\/2021\/07\/corte-de-cabelo-Corte-Pixie.jpg\" alt=\"Coupe de cheveux de lutin\" class=\"wp-image-4707\" title=\"\" srcset=\"https:\/\/danidrops.com.br\/wp-content\/uploads\/2021\/07\/corte-de-cabelo-Corte-Pixie.jpg 760w, https:\/\/danidrops.com.br\/wp-content\/uploads\/2021\/07\/corte-de-cabelo-Corte-Pixie-300x219.jpg 300w\" sizes=\"auto, (max-width: 760px) 100vw, 760px\" \/><figcaption class=\"wp-element-caption\">Coupe de cheveux de lutin<\/figcaption><\/figure>\n\n\n\n<p>Il garantit un look extr\u00eamement moderne et styl\u00e9, et s&#039;accorde avec tous les types de cheveux, qu&#039;ils soient lisses, ondul\u00e9s, boucl\u00e9s ou boucl\u00e9s.<\/p>\n\n\n\n<p> <strong>A lire aussi :<\/strong> <a href=\"https:\/\/danidrops.com.br\/fr\/tendance-coiffure-pour-cheveux-boucles\/\" data-type=\"URL\" data-id=\"https:\/\/danidrops.com.br\/tendencia-de-penteado-para-cabelo-cacheado\/\">Tendance coiffure pour cheveux boucl\u00e9s 2022. Voir plus de 140 inspirations de coiffures pour cheveux boucl\u00e9s<\/a> <\/p>\n\n\n\n<figure class=\"wp-block-image size-large\"><img loading=\"lazy\" decoding=\"async\" width=\"760\" height=\"555\" src=\"https:\/\/danidrops.com.br\/wp-content\/uploads\/2021\/07\/corte-de-cabelo-curto-Corte-Pixie.jpg\" alt=\"Tendance coupe de cheveux Pixie\" class=\"wp-image-4708\" title=\"\" srcset=\"https:\/\/danidrops.com.br\/wp-content\/uploads\/2021\/07\/corte-de-cabelo-curto-Corte-Pixie.jpg 760w, https:\/\/danidrops.com.br\/wp-content\/uploads\/2021\/07\/corte-de-cabelo-curto-Corte-Pixie-300x219.jpg 300w\" sizes=\"auto, (max-width: 760px) 100vw, 760px\" \/><figcaption class=\"wp-element-caption\">Tendance coupe de cheveux Pixie<\/figcaption><\/figure>\n\n\n\n<h2 class=\"wp-block-heading\" id=\"short-bob\"><span class=\"ez-toc-section\" id=\"Short_Bob\"><\/span>coupe courte<span class=\"ez-toc-section-end\"><\/span><\/h2>\n\n\n\n<p>La coupe courte bob est une version moderne et d\u00e9contract\u00e9e de la coupe bob et la <a href=\"https:\/\/danidrops.com.br\/fr\/coupe-de-cheveux-long-bob\/\" data-type=\"URL\" data-id=\"https:\/\/danidrops.com.br\/corte-de-cabelo-long-bob\/\">coupe de cheveux long bob<\/a>. C&#039;est la coupe de cheveux courte parfaite 2022 pour les femmes qui aiment la sophistication et l&#039;\u00e9l\u00e9gance. <\/p>\n\n\n\n<figure class=\"wp-block-image size-large\"><img loading=\"lazy\" decoding=\"async\" width=\"760\" height=\"555\" src=\"https:\/\/danidrops.com.br\/wp-content\/uploads\/2021\/07\/corte-de-cabelo-Short-Bob.jpg\" alt=\"Tendance coupe de cheveux au carr\u00e9 court\" class=\"wp-image-4713\" title=\"\" srcset=\"https:\/\/danidrops.com.br\/wp-content\/uploads\/2021\/07\/corte-de-cabelo-Short-Bob.jpg 760w, https:\/\/danidrops.com.br\/wp-content\/uploads\/2021\/07\/corte-de-cabelo-Short-Bob-300x219.jpg 300w\" sizes=\"auto, (max-width: 760px) 100vw, 760px\" \/><figcaption class=\"wp-element-caption\">Tendance coupe de cheveux au carr\u00e9 court<\/figcaption><\/figure>\n\n\n\n<p>Le Short Bob est une coupe courte pointue au niveau de la nuque avec des c\u00f4t\u00e9s plus longs, les cheveux sont un peu plus bas que l&#039;oreille.<\/p>\n\n\n\n<figure class=\"wp-block-image size-large\"><img loading=\"lazy\" decoding=\"async\" width=\"760\" height=\"555\" src=\"https:\/\/danidrops.com.br\/wp-content\/uploads\/2021\/07\/corte-de-cabelo-curto-Short-Bob.jpg\" alt=\"Coupe de cheveux au carr\u00e9 court\" class=\"wp-image-4712\" title=\"\" srcset=\"https:\/\/danidrops.com.br\/wp-content\/uploads\/2021\/07\/corte-de-cabelo-curto-Short-Bob.jpg 760w, https:\/\/danidrops.com.br\/wp-content\/uploads\/2021\/07\/corte-de-cabelo-curto-Short-Bob-300x219.jpg 300w\" sizes=\"auto, (max-width: 760px) 100vw, 760px\" \/><figcaption class=\"wp-element-caption\">Coupe de cheveux au carr\u00e9 court<\/figcaption><\/figure>\n\n\n\n<h2 class=\"wp-block-heading\" id=\"curtinho-com-franja\"><span class=\"ez-toc-section\" id=\"Curtinho_com_Franja\"><\/span>court avec frange<span class=\"ez-toc-section-end\"><\/span><\/h2>\n\n\n\n<p>La frange sera \u00e9galement \u00e0 la hausse dans les coupes de cheveux courtes 2022, pour les amateurs de franges, la variation sera \u00e9tonnante, car elle aura une frange tr\u00e8s courte, style ann\u00e9es 80, ou ce peut \u00eatre cette frange \u00e0 pointes qui donne l&#039;impression d&#039;un chic d\u00e9sordonn\u00e9 ., vous aurez \u00e9galement une longue frange sur les c\u00f4t\u00e9s, et une frange lat\u00e9rale, parfaite pour celles qui se s\u00e9parent les cheveux sur le c\u00f4t\u00e9.<\/p>\n\n\n\n<figure class=\"wp-block-image size-large\"><img loading=\"lazy\" decoding=\"async\" width=\"760\" height=\"555\" src=\"https:\/\/danidrops.com.br\/wp-content\/uploads\/2021\/07\/corte-de-cabelo-Curtinho-com-Franja.jpg\" alt=\"Coupe de cheveux courte avec frange\" class=\"wp-image-4715\" title=\"\" srcset=\"https:\/\/danidrops.com.br\/wp-content\/uploads\/2021\/07\/corte-de-cabelo-Curtinho-com-Franja.jpg 760w, https:\/\/danidrops.com.br\/wp-content\/uploads\/2021\/07\/corte-de-cabelo-Curtinho-com-Franja-300x219.jpg 300w\" sizes=\"auto, (max-width: 760px) 100vw, 760px\" \/><figcaption class=\"wp-element-caption\">Coupe de cheveux courte avec frange<\/figcaption><\/figure>\n\n\n\n<figure class=\"wp-block-image size-large\"><img loading=\"lazy\" decoding=\"async\" width=\"760\" height=\"555\" src=\"https:\/\/danidrops.com.br\/wp-content\/uploads\/2021\/07\/corte-Curtinho-com-Franja.jpg\" alt=\"Coupe courte avec frange\" class=\"wp-image-4716\" title=\"\" srcset=\"https:\/\/danidrops.com.br\/wp-content\/uploads\/2021\/07\/corte-Curtinho-com-Franja.jpg 760w, https:\/\/danidrops.com.br\/wp-content\/uploads\/2021\/07\/corte-Curtinho-com-Franja-300x219.jpg 300w\" sizes=\"auto, (max-width: 760px) 100vw, 760px\" \/><figcaption class=\"wp-element-caption\">Coupe courte avec frange<\/figcaption><\/figure>\n\n\n\n<h2 class=\"wp-block-heading\" id=\"blunt-cut\"><span class=\"ez-toc-section\" id=\"Blunt_Cut\"><\/span>Coupe \u00e9mouss\u00e9e<span class=\"ez-toc-section-end\"><\/span><\/h2>\n\n\n\n<p>La caract\u00e9ristique frappante de la coupe de cheveux courte Blunk Cut est la base droite. La longueur de cette coupe est \u00e0 la hauteur de la clavicule, cependant, elle peut se faire avec de nombreuses longueurs, selon la pr\u00e9f\u00e9rence de chacun.<\/p>\n\n\n\n<figure class=\"wp-block-image size-large\"><img loading=\"lazy\" decoding=\"async\" width=\"760\" height=\"555\" src=\"https:\/\/danidrops.com.br\/wp-content\/uploads\/2021\/07\/cabelo-Blunt-Cut.jpg\" alt=\"Coupe de cheveux \u00e9mouss\u00e9e\" class=\"wp-image-4719\" title=\"\" srcset=\"https:\/\/danidrops.com.br\/wp-content\/uploads\/2021\/07\/cabelo-Blunt-Cut.jpg 760w, https:\/\/danidrops.com.br\/wp-content\/uploads\/2021\/07\/cabelo-Blunt-Cut-300x219.jpg 300w\" sizes=\"auto, (max-width: 760px) 100vw, 760px\" \/><figcaption class=\"wp-element-caption\">Coupe de cheveux \u00e9mouss\u00e9e<\/figcaption><\/figure>\n\n\n\n<figure class=\"wp-block-image size-large\"><img loading=\"lazy\" decoding=\"async\" width=\"760\" height=\"555\" src=\"https:\/\/danidrops.com.br\/wp-content\/uploads\/2021\/07\/corte-de-cabelo-Blunt-Cut.jpg\" alt=\"Cheveux coup\u00e9s franchement\" class=\"wp-image-4718\" title=\"\" srcset=\"https:\/\/danidrops.com.br\/wp-content\/uploads\/2021\/07\/corte-de-cabelo-Blunt-Cut.jpg 760w, https:\/\/danidrops.com.br\/wp-content\/uploads\/2021\/07\/corte-de-cabelo-Blunt-Cut-300x219.jpg 300w\" sizes=\"auto, (max-width: 760px) 100vw, 760px\" \/><figcaption class=\"wp-element-caption\">Cheveux coup\u00e9s franchement<\/figcaption><\/figure>\n\n\n\n<h2 class=\"wp-block-heading\" id=\"baby-bang\"><span class=\"ez-toc-section\" id=\"Baby_Bang\"><\/span>coup de b\u00e9b\u00e9<span class=\"ez-toc-section-end\"><\/span><\/h2>\n\n\n\n<p>La coupe Baby Bang se caract\u00e9rise par la frange tr\u00e8s courte, celle qui se situe au-dessus du sourcil, la coupe de cheveux se situe \u00e0 la hauteur moyenne du cou. Vous pouvez jouer avec la frange dans cette coupe, car elle permet de nombreuses variations offrant un style r\u00e9tro.<\/p>\n\n\n\n<figure class=\"wp-block-image size-large\"><img loading=\"lazy\" decoding=\"async\" width=\"760\" height=\"555\" src=\"https:\/\/danidrops.com.br\/wp-content\/uploads\/2021\/07\/cabelo-Baby-Bang.jpg\" alt=\"coupe de cheveux baby bang\" class=\"wp-image-4722\" title=\"\" srcset=\"https:\/\/danidrops.com.br\/wp-content\/uploads\/2021\/07\/cabelo-Baby-Bang.jpg 760w, https:\/\/danidrops.com.br\/wp-content\/uploads\/2021\/07\/cabelo-Baby-Bang-300x219.jpg 300w\" sizes=\"auto, (max-width: 760px) 100vw, 760px\" \/><figcaption class=\"wp-element-caption\">coupe de cheveux baby bang<\/figcaption><\/figure>\n\n\n\n<figure class=\"wp-block-image size-large\"><img loading=\"lazy\" decoding=\"async\" width=\"760\" height=\"555\" src=\"https:\/\/danidrops.com.br\/wp-content\/uploads\/2021\/07\/corte-de-cabelo-Baby-Bang.jpg\" alt=\"cheveux de b\u00e9b\u00e9\" class=\"wp-image-4721\" title=\"\" srcset=\"https:\/\/danidrops.com.br\/wp-content\/uploads\/2021\/07\/corte-de-cabelo-Baby-Bang.jpg 760w, https:\/\/danidrops.com.br\/wp-content\/uploads\/2021\/07\/corte-de-cabelo-Baby-Bang-300x219.jpg 300w\" sizes=\"auto, (max-width: 760px) 100vw, 760px\" \/><figcaption class=\"wp-element-caption\">cheveux de b\u00e9b\u00e9<\/figcaption><\/figure>\n\n\n\n<h2 class=\"wp-block-heading\" id=\"shag-hair\"><span class=\"ez-toc-section\" id=\"Shag_hair\"><\/span><strong>Baiser<\/strong> <strong>Cheveu<\/strong><span class=\"ez-toc-section-end\"><\/span><\/h2>\n\n\n\n<p>C&#039;est la coupe parfaite pour celles qui veulent du volume dans leurs cheveux, elle se fait en couches qui commencent \u00e0 la hauteur des sourcils et sont suivies d&#039;une frange. La longueur des cheveux est la longueur des \u00e9paules.&nbsp;<\/p>\n\n\n\n<figure class=\"wp-block-image size-large\"><img loading=\"lazy\" decoding=\"async\" width=\"760\" height=\"555\" src=\"https:\/\/danidrops.com.br\/wp-content\/uploads\/2021\/07\/corte-de-cabelo-Shag-hair.jpg\" alt=\"Coupe de cheveux shag\" class=\"wp-image-4725\" title=\"\" srcset=\"https:\/\/danidrops.com.br\/wp-content\/uploads\/2021\/07\/corte-de-cabelo-Shag-hair.jpg 760w, https:\/\/danidrops.com.br\/wp-content\/uploads\/2021\/07\/corte-de-cabelo-Shag-hair-300x219.jpg 300w\" sizes=\"auto, (max-width: 760px) 100vw, 760px\" \/><figcaption class=\"wp-element-caption\">Coupe de cheveux shag<\/figcaption><\/figure>\n\n\n\n<figure class=\"wp-block-image size-large\"><img loading=\"lazy\" decoding=\"async\" width=\"760\" height=\"555\" src=\"https:\/\/danidrops.com.br\/wp-content\/uploads\/2021\/07\/corte-de-Shag-hair.jpg\" alt=\"coupe de cheveux shag hair\" class=\"wp-image-4724\" title=\"\" srcset=\"https:\/\/danidrops.com.br\/wp-content\/uploads\/2021\/07\/corte-de-Shag-hair.jpg 760w, https:\/\/danidrops.com.br\/wp-content\/uploads\/2021\/07\/corte-de-Shag-hair-300x219.jpg 300w\" sizes=\"auto, (max-width: 760px) 100vw, 760px\" \/><figcaption class=\"wp-element-caption\">coupe de cheveux shag hair<\/figcaption><\/figure>\n\n\n\n<h2 class=\"wp-block-heading\" id=\"wob-hair\"><span class=\"ez-toc-section\" id=\"Wob_hair\"><\/span>cheveux ondul\u00e9s<span class=\"ez-toc-section-end\"><\/span><\/h2>\n\n\n\n<p>Le Wob Hair est la coupe Chanel sur les cheveux qui sont \u00e0 la longueur du menton. C&#039;est une coupe tr\u00e8s d\u00e9mocratique et convient \u00e0 tous les styles de visage. C&#039;est une tendance tr\u00e8s forte pour les coupes courtes 2022.<\/p>\n\n\n\n<figure class=\"wp-block-image size-large\"><img loading=\"lazy\" decoding=\"async\" width=\"760\" height=\"555\" src=\"https:\/\/danidrops.com.br\/wp-content\/uploads\/2021\/07\/cabelo-Wob-hair.jpg\" alt=\"cheveux boucl\u00e9s\" class=\"wp-image-4729\" title=\"\" srcset=\"https:\/\/danidrops.com.br\/wp-content\/uploads\/2021\/07\/cabelo-Wob-hair.jpg 760w, https:\/\/danidrops.com.br\/wp-content\/uploads\/2021\/07\/cabelo-Wob-hair-300x219.jpg 300w\" sizes=\"auto, (max-width: 760px) 100vw, 760px\" \/><figcaption class=\"wp-element-caption\">cheveux boucl\u00e9s<\/figcaption><\/figure>\n\n\n\n<figure class=\"wp-block-image size-large\"><img loading=\"lazy\" decoding=\"async\" width=\"760\" height=\"555\" src=\"https:\/\/danidrops.com.br\/wp-content\/uploads\/2021\/07\/corte-de-cabelo-Wob-hair.jpg\" alt=\"coupe de cheveux\" class=\"wp-image-4728\" title=\"\" srcset=\"https:\/\/danidrops.com.br\/wp-content\/uploads\/2021\/07\/corte-de-cabelo-Wob-hair.jpg 760w, https:\/\/danidrops.com.br\/wp-content\/uploads\/2021\/07\/corte-de-cabelo-Wob-hair-300x219.jpg 300w\" sizes=\"auto, (max-width: 760px) 100vw, 760px\" \/><figcaption class=\"wp-element-caption\">coupe de cheveux<\/figcaption><\/figure>\n\n\n\n<h2 class=\"wp-block-heading\" id=\"corte-long-bob\"><span class=\"ez-toc-section\" id=\"Corte_Long_Bob\"><\/span>Coupe Bob longue<span class=\"ez-toc-section-end\"><\/span><\/h2>\n\n\n\n<p>La coupe Bob est celle qui sur la nuque est battue et sur le devant elle est plus longue ce qui laisse une ligne diagonale sur le c\u00f4t\u00e9. C&#039;est une coupe tr\u00e8s charmante et \u00e9l\u00e9gante et peut \u00eatre faite sur des cheveux moyens et courts.<\/p>\n\n\n\n<figure class=\"wp-block-image size-large\"><img loading=\"lazy\" decoding=\"async\" width=\"760\" height=\"555\" src=\"https:\/\/danidrops.com.br\/wp-content\/uploads\/2021\/07\/corte-de-cabelo-Long-Bob.jpg\" alt=\"coupe de cheveux long bob\" class=\"wp-image-4731\" title=\"\" srcset=\"https:\/\/danidrops.com.br\/wp-content\/uploads\/2021\/07\/corte-de-cabelo-Long-Bob.jpg 760w, https:\/\/danidrops.com.br\/wp-content\/uploads\/2021\/07\/corte-de-cabelo-Long-Bob-300x219.jpg 300w\" sizes=\"auto, (max-width: 760px) 100vw, 760px\" \/><figcaption class=\"wp-element-caption\">coupe de cheveux long bob<\/figcaption><\/figure>\n\n\n\n<figure class=\"wp-block-image size-large\"><img loading=\"lazy\" decoding=\"async\" width=\"760\" height=\"555\" src=\"https:\/\/danidrops.com.br\/wp-content\/uploads\/2021\/07\/cabelo-Long-Bob.jpg\" alt=\"coupe de cheveux long bob\" class=\"wp-image-4732\" title=\"\" srcset=\"https:\/\/danidrops.com.br\/wp-content\/uploads\/2021\/07\/cabelo-Long-Bob.jpg 760w, https:\/\/danidrops.com.br\/wp-content\/uploads\/2021\/07\/cabelo-Long-Bob-300x219.jpg 300w\" sizes=\"auto, (max-width: 760px) 100vw, 760px\" \/><figcaption class=\"wp-element-caption\">coupe de cheveux long bob<\/figcaption><\/figure>\n\n\n\n<h2 class=\"wp-block-heading\" id=\"corte-chanel\"><span class=\"ez-toc-section\" id=\"Corte_Chanel\"><\/span><strong>Coupe C<\/strong>H<strong>bague<\/strong><span class=\"ez-toc-section-end\"><\/span><\/h2>\n\n\n\n<p>C&#039;est une coupe intemporelle, car elle est toujours la bienvenue \u00e0 tout moment et la meilleure chose est qu&#039;elle a remport\u00e9 plusieurs r\u00e9interpr\u00e9tations ce qui en fait l&#039;une des plus utilis\u00e9es au XXe si\u00e8cle et elle fait partie des coupes de cheveux courtes 2022.<\/p>\n\n\n\n<figure class=\"wp-block-image size-large\"><img loading=\"lazy\" decoding=\"async\" width=\"760\" height=\"555\" src=\"https:\/\/danidrops.com.br\/wp-content\/uploads\/2021\/07\/cabelo-Corte-Chanel.jpg\" alt=\"coupe de cheveux Chanel\" class=\"wp-image-4735\" title=\"\" srcset=\"https:\/\/danidrops.com.br\/wp-content\/uploads\/2021\/07\/cabelo-Corte-Chanel.jpg 760w, https:\/\/danidrops.com.br\/wp-content\/uploads\/2021\/07\/cabelo-Corte-Chanel-300x219.jpg 300w\" sizes=\"auto, (max-width: 760px) 100vw, 760px\" \/><figcaption class=\"wp-element-caption\">coupe de cheveux Chanel<\/figcaption><\/figure>\n\n\n\n<figure class=\"wp-block-image size-large\"><img loading=\"lazy\" decoding=\"async\" width=\"760\" height=\"555\" src=\"https:\/\/danidrops.com.br\/wp-content\/uploads\/2021\/07\/corte-de-cabelo-Corte-Chanel.jpg\" alt=\"coupe de cheveux coupe chanel\" class=\"wp-image-4734\" title=\"\" srcset=\"https:\/\/danidrops.com.br\/wp-content\/uploads\/2021\/07\/corte-de-cabelo-Corte-Chanel.jpg 760w, https:\/\/danidrops.com.br\/wp-content\/uploads\/2021\/07\/corte-de-cabelo-Corte-Chanel-300x219.jpg 300w\" sizes=\"auto, (max-width: 760px) 100vw, 760px\" \/><figcaption class=\"wp-element-caption\">coupe de cheveux coupe chanel<\/figcaption><\/figure>\n\n\n\n<h2 class=\"wp-block-heading\" id=\"corte-cuia\"><span class=\"ez-toc-section\" id=\"Corte_Cuia\"><\/span>Gourde coup\u00e9e<span class=\"ez-toc-section-end\"><\/span><\/h2>\n\n\n\n<p>La coupe calebasse porte ce nom car son apparence est celle d&#039;une calebasse, elle donne l&#039;impression qu&#039;une calebasse a \u00e9t\u00e9 utilis\u00e9e sur la t\u00eate pour faire la coupe. La coupe se caract\u00e9rise par des m\u00e8ches droites de la frange \u00e0 la nuque.&nbsp;<\/p>\n\n\n\n<figure class=\"wp-block-image size-large\"><img loading=\"lazy\" decoding=\"async\" width=\"760\" height=\"555\" src=\"https:\/\/danidrops.com.br\/wp-content\/uploads\/2021\/07\/corte-de-cabelo-cuia.jpg\" alt=\"couper la courge\" class=\"wp-image-4737\" title=\"\" srcset=\"https:\/\/danidrops.com.br\/wp-content\/uploads\/2021\/07\/corte-de-cabelo-cuia.jpg 760w, https:\/\/danidrops.com.br\/wp-content\/uploads\/2021\/07\/corte-de-cabelo-cuia-300x219.jpg 300w\" sizes=\"auto, (max-width: 760px) 100vw, 760px\" \/><figcaption class=\"wp-element-caption\">couper la courge<\/figcaption><\/figure>\n\n\n\n<p>La polyvalence des cheveux courts et ses nuances apportent plusieurs mod\u00e8les pour rendre les gens encore plus \u00e9l\u00e9gants et avec une apparence unique. Choisissez votre coupe et amusez-vous avec un nouveau look.<\/p>\n\n\n\n<figure class=\"wp-block-image size-large\"><img loading=\"lazy\" decoding=\"async\" width=\"760\" height=\"555\" src=\"https:\/\/danidrops.com.br\/wp-content\/uploads\/2021\/07\/cabelo-cuia.jpg\" alt=\"coupe de cheveux gourde\" class=\"wp-image-4736\" title=\"\" srcset=\"https:\/\/danidrops.com.br\/wp-content\/uploads\/2021\/07\/cabelo-cuia.jpg 760w, https:\/\/danidrops.com.br\/wp-content\/uploads\/2021\/07\/cabelo-cuia-300x219.jpg 300w\" sizes=\"auto, (max-width: 760px) 100vw, 760px\" \/><figcaption class=\"wp-element-caption\">coupe de cheveux gourde<\/figcaption><\/figure>\n\n\n\n<p>Crois le! La beaut\u00e9 d&#039;une femme est beaucoup plus li\u00e9e \u00e0 son attitude, \u00e0 son style et \u00e0 son monde int\u00e9rieur, c&#039;est-\u00e0-dire \u00e0 ce qu&#039;elle v\u00e9hicule de bonne \u00e9nergie et de confiance en elle, qu&#039;\u00e0 la simple forme de son corps.<\/p>\n\n\n\n<p>Et quand une femme d\u00e9cide de changer de comportement ou de changer radicalement de vie, elle commence par changer d&#039;apparence, en particulier on sait tous combien une bonne coupe de cheveux ou une nouvelle coiffure a ce pouvoir de transformation, pour de nouvelles phases et attitudes.<\/p>\n\n\n\n<p>Pour les filles audacieuses et d\u00e9cid\u00e9es qui aiment exp\u00e9rimenter et changer d&#039;apparence, les coupes de cheveux courtes pour femmes sont le bon choix. Les coupes de cheveux originales pour les femmes aux cheveux courts aident \u00e0 changer radicalement l&#039;image, \u00e0 souligner votre personnalit\u00e9 et votre style original.<\/p>\n\n\n\n<figure class=\"wp-block-image\"><img loading=\"lazy\" decoding=\"async\" width=\"760\" height=\"555\" src=\"https:\/\/danidrops.com.br\/wp-content\/uploads\/2020\/04\/Cortes-De-Cabelo-Curto-Feminino.jpg\" alt=\"Coupes de cheveux courtes pour femmes\" class=\"wp-image-3849\" title=\"\" srcset=\"https:\/\/danidrops.com.br\/wp-content\/uploads\/2020\/04\/Cortes-De-Cabelo-Curto-Feminino.jpg 760w, https:\/\/danidrops.com.br\/wp-content\/uploads\/2020\/04\/Cortes-De-Cabelo-Curto-Feminino-300x219.jpg 300w\" sizes=\"auto, (max-width: 760px) 100vw, 760px\" \/><\/figure>\n\n\n\n<p>En utilisant une coiffure pour cheveux courts, il est possible de mettre en valeur de beaux traits du visage qui sont g\u00e9n\u00e9ralement plus cach\u00e9s par des cheveux plus longs.<\/p>\n\n\n\n<p>Contrairement \u00e0 ce que beaucoup de femmes pensent, les cheveux courts ne diminuent en rien la f\u00e9minit\u00e9 et la beaut\u00e9. De plus, les coupes de cheveux courtes sont tr\u00e8s pratiques et pratiques, id\u00e9ales pour ceux qui ne veulent pas avoir beaucoup de travail avec leurs cheveux dans la pr\u00e9cipitation de la vie quotidienne.<\/p>\n\n\n\n<figure class=\"wp-block-image\"><img loading=\"lazy\" decoding=\"async\" width=\"760\" height=\"555\" src=\"https:\/\/danidrops.com.br\/wp-content\/uploads\/2020\/04\/Cortes-De-Cabelo-Curto-Feminino-01.jpg\" alt=\"coupes de cheveux courtes pour les femmes \" class=\"wp-image-3850\" title=\"\" srcset=\"https:\/\/danidrops.com.br\/wp-content\/uploads\/2020\/04\/Cortes-De-Cabelo-Curto-Feminino-01.jpg 760w, https:\/\/danidrops.com.br\/wp-content\/uploads\/2020\/04\/Cortes-De-Cabelo-Curto-Feminino-01-300x219.jpg 300w\" sizes=\"auto, (max-width: 760px) 100vw, 760px\" \/><\/figure>\n\n\n\n<p>Les coupes de cheveux courtes \u00e9l\u00e9gantes pour les femmes ne laissent personne indiff\u00e9rent et attirent toujours l&#039;attention, les cheveux courts expriment l&#039;attitude et la confiance, une femme aux cheveux courts n&#039;a pas besoin et ne craint pas la d\u00e9sapprobation masculine, ce qui rend ce style encore plus charmant.<\/p>\n\n\n\n<p>Il existe une grande vari\u00e9t\u00e9 d&#039;options, de tendances et de types de coupes de cheveux courtes pour femmes, parmi lesquelles vous pouvez d\u00e9terminer votre type de coupe de cheveux id\u00e9al, en mettant l&#039;accent sur votre personnalit\u00e9 et votre bon go\u00fbt.<\/p>\n\n\n\n<figure class=\"wp-block-image\"><img loading=\"lazy\" decoding=\"async\" width=\"760\" height=\"555\" src=\"https:\/\/danidrops.com.br\/wp-content\/uploads\/2020\/04\/Cortes-De-Cabelo-Curto-Feminino-02.jpg\" alt=\"coupes de cheveux courtes pour les femmes \" class=\"wp-image-3851\" title=\"\" srcset=\"https:\/\/danidrops.com.br\/wp-content\/uploads\/2020\/04\/Cortes-De-Cabelo-Curto-Feminino-02.jpg 760w, https:\/\/danidrops.com.br\/wp-content\/uploads\/2020\/04\/Cortes-De-Cabelo-Curto-Feminino-02-300x219.jpg 300w\" sizes=\"auto, (max-width: 760px) 100vw, 760px\" \/><\/figure>\n\n\n\n<p>Vous pouvez choisir parmi les tendances cheveux courts 2022 entre les cheveux super courts ou les cheveux l\u00e9g\u00e8rement plus longs. Cela d\u00e9pend simplement de vos pr\u00e9f\u00e9rences et de l&#039;image finale que vous voulez.<\/p>\n\n\n\n<p>Notre s\u00e9lection de photos originales, de tendances et de nouvelles id\u00e9es de coupes de cheveux courtes ainsi que de coiffures courtes pour 2022 vous aidera \u00e0 choisir des coupes de cheveux courtes \u00e9l\u00e9gantes pour des filles et des dames charmantes. Consid\u00e9rez les types possibles et les belles variations des coupes de cheveux des femmes pour les cheveux courts.<\/p>\n\n\n\n<figure class=\"wp-block-image\"><img loading=\"lazy\" decoding=\"async\" width=\"760\" height=\"555\" src=\"https:\/\/danidrops.com.br\/wp-content\/uploads\/2020\/04\/Cortes-De-Cabelo-Curto-Feminino-03.jpg\" alt=\"coupes de cheveux courtes pour les femmes \" class=\"wp-image-3852\" title=\"\" srcset=\"https:\/\/danidrops.com.br\/wp-content\/uploads\/2020\/04\/Cortes-De-Cabelo-Curto-Feminino-03.jpg 760w, https:\/\/danidrops.com.br\/wp-content\/uploads\/2020\/04\/Cortes-De-Cabelo-Curto-Feminino-03-300x219.jpg 300w\" sizes=\"auto, (max-width: 760px) 100vw, 760px\" \/><\/figure>\n\n\n\n<p>Les coiffeurs proposent de nombreuses variantes de coupes de cheveux pour les cheveux super courts, ou les cheveux plus longs avec une frange ou les cheveux \u00e9bouriff\u00e9s plus d\u00e9connect\u00e9s. Il est toujours bon de consulter un bon professionnel pour indiquer la coupe la plus appropri\u00e9e pour votre visage, votre texture de cheveux et votre style.<\/p>\n\n\n\n<figure class=\"wp-block-image\"><img loading=\"lazy\" decoding=\"async\" width=\"760\" height=\"555\" src=\"https:\/\/danidrops.com.br\/wp-content\/uploads\/2020\/04\/Cortes-De-Cabelo-Curto-Feminino-04.jpg\" alt=\"coupes de cheveux courtes pour les femmes\" class=\"wp-image-3853\" title=\"\" srcset=\"https:\/\/danidrops.com.br\/wp-content\/uploads\/2020\/04\/Cortes-De-Cabelo-Curto-Feminino-04.jpg 760w, https:\/\/danidrops.com.br\/wp-content\/uploads\/2020\/04\/Cortes-De-Cabelo-Curto-Feminino-04-300x219.jpg 300w\" sizes=\"auto, (max-width: 760px) 100vw, 760px\" \/><\/figure>\n\n\n\n<p>Style de coupe de cheveux femme courte <a href=\"https:\/\/danidrops.com.br\/fr\/coupe-de-cheveux-coupe-pixie\/\" data-type=\"URL\" data-id=\"https:\/\/danidrops.com.br\/corte-de-cabelo-pixie-cut\/\">coupe de lutin<\/a> et ses variations sont l&#039;une des coupes de cheveux courtes les plus populaires pour les femmes en ce moment, qui peut \u00eatre consid\u00e9r\u00e9e comme une coupe de cheveux universelle pour les cheveux courts.<\/p>\n\n\n\n<p>L&#039;avantage de cette coupe courte femme est qu&#039;elle convient parfaitement aux diff\u00e9rents types de cheveux, \u00e0 la fois volumineux et pas trop, ainsi qu&#039;aux cheveux raides et boucl\u00e9s pour les femmes en 2022.<\/p>\n\n\n\n<figure class=\"wp-block-image\"><img loading=\"lazy\" decoding=\"async\" width=\"760\" height=\"555\" src=\"https:\/\/danidrops.com.br\/wp-content\/uploads\/2020\/04\/Cortes-De-Cabelo-Curto-Feminino-05.jpg\" alt=\"coupes de cheveux courtes pour les femmes\" class=\"wp-image-3854\" title=\"\" srcset=\"https:\/\/danidrops.com.br\/wp-content\/uploads\/2020\/04\/Cortes-De-Cabelo-Curto-Feminino-05.jpg 760w, https:\/\/danidrops.com.br\/wp-content\/uploads\/2020\/04\/Cortes-De-Cabelo-Curto-Feminino-05-300x219.jpg 300w\" sizes=\"auto, (max-width: 760px) 100vw, 760px\" \/><\/figure>\n\n\n\n<p>.<\/p>\n\n\n\n<figure class=\"wp-block-image\"><img loading=\"lazy\" decoding=\"async\" width=\"760\" height=\"555\" src=\"https:\/\/danidrops.com.br\/wp-content\/uploads\/2020\/04\/Cortes-De-Cabelo-Curto-Feminino-06.jpg\" alt=\"coupes de cheveux courtes pour les femmes\" class=\"wp-image-3855\" title=\"\" srcset=\"https:\/\/danidrops.com.br\/wp-content\/uploads\/2020\/04\/Cortes-De-Cabelo-Curto-Feminino-06.jpg 760w, https:\/\/danidrops.com.br\/wp-content\/uploads\/2020\/04\/Cortes-De-Cabelo-Curto-Feminino-06-300x219.jpg 300w\" sizes=\"auto, (max-width: 760px) 100vw, 760px\" \/><\/figure>\n\n\n\n<h2 class=\"wp-block-heading\"><span class=\"ez-toc-section\" id=\"Corte_de_cabelo_curto_cacheado\"><\/span>coupe courte boucl\u00e9e<span class=\"ez-toc-section-end\"><\/span><\/h2>\n\n\n\n<p>Convenons que la coupe de cheveux courte et boucl\u00e9e est pour peu, belle et merveilleuse, elle va bien \u00e0 toute femme qui a de l&#039;attitude. <\/p>\n\n\n\n<figure class=\"wp-block-image size-full\"><img loading=\"lazy\" decoding=\"async\" width=\"760\" height=\"555\" src=\"https:\/\/danidrops.com.br\/wp-content\/uploads\/2021\/08\/cabelo-curto-cacheado-01.jpg\" alt=\"cheveux courts et boucl\u00e9s\" class=\"wp-image-23064\" title=\"\" srcset=\"https:\/\/danidrops.com.br\/wp-content\/uploads\/2021\/08\/cabelo-curto-cacheado-01.jpg 760w, https:\/\/danidrops.com.br\/wp-content\/uploads\/2021\/08\/cabelo-curto-cacheado-01-300x219.jpg 300w, https:\/\/danidrops.com.br\/wp-content\/uploads\/2021\/08\/cabelo-curto-cacheado-01-150x110.jpg 150w\" sizes=\"auto, (max-width: 760px) 100vw, 760px\" \/><figcaption class=\"wp-element-caption\">cheveux courts et boucl\u00e9s<\/figcaption><\/figure>\n\n\n\n<figure class=\"wp-block-image size-full\"><img loading=\"lazy\" decoding=\"async\" width=\"760\" height=\"555\" src=\"https:\/\/danidrops.com.br\/wp-content\/uploads\/2021\/08\/cabelo-curto-cacheado-03.jpg\" alt=\"cheveux courts et boucl\u00e9s\" class=\"wp-image-23063\" title=\"\" srcset=\"https:\/\/danidrops.com.br\/wp-content\/uploads\/2021\/08\/cabelo-curto-cacheado-03.jpg 760w, https:\/\/danidrops.com.br\/wp-content\/uploads\/2021\/08\/cabelo-curto-cacheado-03-300x219.jpg 300w, https:\/\/danidrops.com.br\/wp-content\/uploads\/2021\/08\/cabelo-curto-cacheado-03-150x110.jpg 150w\" sizes=\"auto, (max-width: 760px) 100vw, 760px\" \/><figcaption class=\"wp-element-caption\">cheveux courts et boucl\u00e9s<\/figcaption><\/figure>\n\n\n\n<p>En plus, il est super pratique \u00e0 entretenir, apr\u00e8s tout, comme moi, vous devez d\u00e9j\u00e0 savoir combien \u00e7a co\u00fbte d&#039;aller et venir dans un salon de coiffure, \u00e0 part le <a href=\"https:\/\/danidrops.com.br\/fr\/meilleur-shampoing-wella-professional\/\" data-type=\"post\" data-id=\"20854\">shampooings<\/a> et <a href=\"https:\/\/danidrops.com.br\/fr\/meilleur-apres-shampoing-wella-professionals\/\" data-type=\"post\" data-id=\"20852\">conditionneurs<\/a>.<\/p>\n\n\n\n<figure class=\"wp-block-image size-full\"><img loading=\"lazy\" decoding=\"async\" width=\"760\" height=\"555\" src=\"https:\/\/danidrops.com.br\/wp-content\/uploads\/2021\/08\/cabelo-curto-cacheado-02.jpg\" alt=\"cheveux courts et boucl\u00e9s\" class=\"wp-image-23062\" title=\"\" srcset=\"https:\/\/danidrops.com.br\/wp-content\/uploads\/2021\/08\/cabelo-curto-cacheado-02.jpg 760w, https:\/\/danidrops.com.br\/wp-content\/uploads\/2021\/08\/cabelo-curto-cacheado-02-300x219.jpg 300w, https:\/\/danidrops.com.br\/wp-content\/uploads\/2021\/08\/cabelo-curto-cacheado-02-150x110.jpg 150w\" sizes=\"auto, (max-width: 760px) 100vw, 760px\" \/><figcaption class=\"wp-element-caption\">cheveux courts et boucl\u00e9s<\/figcaption><\/figure>\n\n\n\n<p>Mais c&#039;est comme \u00e7a, on sait qu&#039;\u00eatre une femme n&#039;est ni facile ni bon march\u00e9. Et vous avez d\u00e9j\u00e0 choisi vos Coupes Courtes Femme pour 2022<\/p>\n\n\n\n<figure class=\"wp-block-image size-full\"><img loading=\"lazy\" decoding=\"async\" width=\"760\" height=\"555\" src=\"https:\/\/danidrops.com.br\/wp-content\/uploads\/2022\/04\/03-corte-de-cabelo-curto-crespo.jpg\" alt=\"coupe courte boucl\u00e9e\" class=\"wp-image-24943\" title=\"\" srcset=\"https:\/\/danidrops.com.br\/wp-content\/uploads\/2022\/04\/03-corte-de-cabelo-curto-crespo.jpg 760w, https:\/\/danidrops.com.br\/wp-content\/uploads\/2022\/04\/03-corte-de-cabelo-curto-crespo-300x219.jpg 300w, https:\/\/danidrops.com.br\/wp-content\/uploads\/2022\/04\/03-corte-de-cabelo-curto-crespo-150x110.jpg 150w\" sizes=\"auto, (max-width: 760px) 100vw, 760px\" \/><figcaption class=\"wp-element-caption\">coupe courte boucl\u00e9e<\/figcaption><\/figure>\n\n\n\n<figure class=\"wp-block-image size-full\"><img loading=\"lazy\" decoding=\"async\" width=\"760\" height=\"555\" src=\"https:\/\/danidrops.com.br\/wp-content\/uploads\/2022\/04\/01-corte-de-cabelo-curto-crespo.jpg\" alt=\"coupe courte boucl\u00e9e\" class=\"wp-image-24942\" title=\"\" srcset=\"https:\/\/danidrops.com.br\/wp-content\/uploads\/2022\/04\/01-corte-de-cabelo-curto-crespo.jpg 760w, https:\/\/danidrops.com.br\/wp-content\/uploads\/2022\/04\/01-corte-de-cabelo-curto-crespo-300x219.jpg 300w, https:\/\/danidrops.com.br\/wp-content\/uploads\/2022\/04\/01-corte-de-cabelo-curto-crespo-150x110.jpg 150w\" sizes=\"auto, (max-width: 760px) 100vw, 760px\" \/><figcaption class=\"wp-element-caption\">coupe courte boucl\u00e9e<\/figcaption><\/figure>\n\n\n\n<figure class=\"wp-block-image size-full\"><img loading=\"lazy\" decoding=\"async\" width=\"760\" height=\"555\" src=\"https:\/\/danidrops.com.br\/wp-content\/uploads\/2022\/04\/02-corte-de-cabelo-curto-crespo.jpg\" alt=\"coupe courte boucl\u00e9e\" class=\"wp-image-24941\" title=\"\" srcset=\"https:\/\/danidrops.com.br\/wp-content\/uploads\/2022\/04\/02-corte-de-cabelo-curto-crespo.jpg 760w, https:\/\/danidrops.com.br\/wp-content\/uploads\/2022\/04\/02-corte-de-cabelo-curto-crespo-300x219.jpg 300w, https:\/\/danidrops.com.br\/wp-content\/uploads\/2022\/04\/02-corte-de-cabelo-curto-crespo-150x110.jpg 150w\" sizes=\"auto, (max-width: 760px) 100vw, 760px\" \/><figcaption class=\"wp-element-caption\">coupe courte boucl\u00e9e<\/figcaption><\/figure>\n\n\n\n<figure class=\"wp-block-image size-full\"><img loading=\"lazy\" decoding=\"async\" width=\"760\" height=\"555\" src=\"https:\/\/danidrops.com.br\/wp-content\/uploads\/2022\/04\/08-corte-de-cabelo-curto-crespo.jpg\" alt=\"coupe courte boucl\u00e9e\" class=\"wp-image-24940\" title=\"\" srcset=\"https:\/\/danidrops.com.br\/wp-content\/uploads\/2022\/04\/08-corte-de-cabelo-curto-crespo.jpg 760w, https:\/\/danidrops.com.br\/wp-content\/uploads\/2022\/04\/08-corte-de-cabelo-curto-crespo-300x219.jpg 300w, https:\/\/danidrops.com.br\/wp-content\/uploads\/2022\/04\/08-corte-de-cabelo-curto-crespo-150x110.jpg 150w\" sizes=\"auto, (max-width: 760px) 100vw, 760px\" \/><figcaption class=\"wp-element-caption\">coupe courte boucl\u00e9e<\/figcaption><\/figure>\n\n\n\n<figure class=\"wp-block-image size-full\"><img loading=\"lazy\" decoding=\"async\" width=\"760\" height=\"555\" src=\"https:\/\/danidrops.com.br\/wp-content\/uploads\/2022\/04\/07-corte-de-cabelo-curto-crespo.jpg\" alt=\"coupe courte boucl\u00e9e\" class=\"wp-image-24939\" title=\"\" srcset=\"https:\/\/danidrops.com.br\/wp-content\/uploads\/2022\/04\/07-corte-de-cabelo-curto-crespo.jpg 760w, https:\/\/danidrops.com.br\/wp-content\/uploads\/2022\/04\/07-corte-de-cabelo-curto-crespo-300x219.jpg 300w, https:\/\/danidrops.com.br\/wp-content\/uploads\/2022\/04\/07-corte-de-cabelo-curto-crespo-150x110.jpg 150w\" sizes=\"auto, (max-width: 760px) 100vw, 760px\" \/><figcaption class=\"wp-element-caption\">coupe courte boucl\u00e9e<\/figcaption><\/figure>\n\n\n\n<figure class=\"wp-block-image size-full\"><img loading=\"lazy\" decoding=\"async\" width=\"760\" height=\"555\" src=\"https:\/\/danidrops.com.br\/wp-content\/uploads\/2022\/04\/05-corte-de-cabelo-curto-crespo.jpg\" alt=\"coupe courte boucl\u00e9e\" class=\"wp-image-24937\" title=\"\" srcset=\"https:\/\/danidrops.com.br\/wp-content\/uploads\/2022\/04\/05-corte-de-cabelo-curto-crespo.jpg 760w, https:\/\/danidrops.com.br\/wp-content\/uploads\/2022\/04\/05-corte-de-cabelo-curto-crespo-300x219.jpg 300w, https:\/\/danidrops.com.br\/wp-content\/uploads\/2022\/04\/05-corte-de-cabelo-curto-crespo-150x110.jpg 150w\" sizes=\"auto, (max-width: 760px) 100vw, 760px\" \/><figcaption class=\"wp-element-caption\">coupe courte boucl\u00e9e<\/figcaption><\/figure>\n\n\n\n<figure class=\"wp-block-image size-full\"><img loading=\"lazy\" decoding=\"async\" width=\"760\" height=\"555\" src=\"https:\/\/danidrops.com.br\/wp-content\/uploads\/2022\/04\/06-corte-de-cabelo-curto-crespo.jpg\" alt=\"coupe courte boucl\u00e9e\" class=\"wp-image-24938\" title=\"\" srcset=\"https:\/\/danidrops.com.br\/wp-content\/uploads\/2022\/04\/06-corte-de-cabelo-curto-crespo.jpg 760w, https:\/\/danidrops.com.br\/wp-content\/uploads\/2022\/04\/06-corte-de-cabelo-curto-crespo-300x219.jpg 300w, https:\/\/danidrops.com.br\/wp-content\/uploads\/2022\/04\/06-corte-de-cabelo-curto-crespo-150x110.jpg 150w\" sizes=\"auto, (max-width: 760px) 100vw, 760px\" \/><figcaption class=\"wp-element-caption\">coupe courte boucl\u00e9e<\/figcaption><\/figure>\n\n\n\n<figure class=\"wp-block-image size-full\"><img loading=\"lazy\" decoding=\"async\" width=\"760\" height=\"555\" src=\"https:\/\/danidrops.com.br\/wp-content\/uploads\/2022\/04\/04-corte-de-cabelo-curto-crespo.jpg\" alt=\"coupe courte boucl\u00e9e\" class=\"wp-image-24936\" title=\"\" srcset=\"https:\/\/danidrops.com.br\/wp-content\/uploads\/2022\/04\/04-corte-de-cabelo-curto-crespo.jpg 760w, https:\/\/danidrops.com.br\/wp-content\/uploads\/2022\/04\/04-corte-de-cabelo-curto-crespo-300x219.jpg 300w, https:\/\/danidrops.com.br\/wp-content\/uploads\/2022\/04\/04-corte-de-cabelo-curto-crespo-150x110.jpg 150w\" sizes=\"auto, (max-width: 760px) 100vw, 760px\" \/><figcaption class=\"wp-element-caption\">coupe courte boucl\u00e9e<\/figcaption><\/figure>\n<div id=\"ez-toc-container\" class=\"ez-toc-v2_0_76 counter-hierarchy ez-toc-counter ez-toc-grey ez-toc-container-direction\">\n<p class=\"ez-toc-title\" style=\"cursor:inherit\">Vous lirez cet article<\/p>\n<label for=\"ez-toc-cssicon-toggle-item-69f46c65d9712\" class=\"ez-toc-cssicon-toggle-label\"><span class=\"ez-toc-cssicon\"><span class=\"eztoc-hide\" style=\"display:none;\">Basculer<\/span><span class=\"ez-toc-icon-toggle-span\"><svg style=\"fill: #999;color:#999\" xmlns=\"http:\/\/www.w3.org\/2000\/svg\" class=\"list-377408\" width=\"20px\" height=\"20px\" viewbox=\"0 0 24 24\" fill=\"none\"><path d=\"M6 6H4v2h2V6zm14 0H8v2h12V6zM4 11h2v2H4v-2zm16 0H8v2h12v-2zM4 16h2v2H4v-2zm16 0H8v2h12v-2z\" fill=\"currentColor\"><\/path><\/svg><svg style=\"fill: #999;color:#999\" class=\"arrow-unsorted-368013\" xmlns=\"http:\/\/www.w3.org\/2000\/svg\" width=\"10px\" height=\"10px\" viewbox=\"0 0 24 24\" version=\"1.2\" baseprofile=\"tiny\"><path d=\"M18.2 9.3l-6.2-6.3-6.2 6.3c-.2.2-.3.4-.3.7s.1.5.3.7c.2.2.4.3.7.3h11c.3 0 .5-.1.7-.3.2-.2.3-.5.3-.7s-.1-.5-.3-.7zM5.8 14.7l6.2 6.3 6.2-6.3c.2-.2.3-.5.3-.7s-.1-.5-.3-.7c-.2-.2-.4-.3-.7-.3h-11c-.3 0-.5.1-.7.3-.2.2-.3.5-.3.7s.1.5.3.7z\"\/><\/svg><\/span><\/span><\/label><input type=\"checkbox\"  id=\"ez-toc-cssicon-toggle-item-69f46c65d9712\"  aria-label=\"Basculer\" \/><nav><ul class='ez-toc-list ez-toc-list-level-1' ><li class='ez-toc-page-1 ez-toc-heading-level-2'><a class=\"ez-toc-link ez-toc-heading-1\" href=\"https:\/\/danidrops.com.br\/fr\/coupes-de-cheveux-courtes\/#Quais_sao_as_tendencias_de_Cortes_de_Cabelo_Curto_2022\" >Quelles sont les coupes de cheveux courtes tendances 2022 ?<\/a><\/li><li class='ez-toc-page-1 ez-toc-heading-level-2'><a class=\"ez-toc-link ez-toc-heading-2\" href=\"https:\/\/danidrops.com.br\/fr\/coupes-de-cheveux-courtes\/#Veja_Quais_sao_as_Tendencias_de_Cabelo_Curto_Feminino\" >Voir quelles sont les tendances des cheveux courts pour les femmes<\/a><\/li><li class='ez-toc-page-1 ez-toc-heading-level-2'><a class=\"ez-toc-link ez-toc-heading-3\" href=\"https:\/\/danidrops.com.br\/fr\/coupes-de-cheveux-courtes\/#Corte_Pixie\" >coupe de lutin<\/a><\/li><li class='ez-toc-page-1 ez-toc-heading-level-2'><a class=\"ez-toc-link ez-toc-heading-4\" href=\"https:\/\/danidrops.com.br\/fr\/coupes-de-cheveux-courtes\/#Short_Bob\" >coupe courte<\/a><\/li><li class='ez-toc-page-1 ez-toc-heading-level-2'><a class=\"ez-toc-link ez-toc-heading-5\" href=\"https:\/\/danidrops.com.br\/fr\/coupes-de-cheveux-courtes\/#Curtinho_com_Franja\" >court avec frange<\/a><\/li><li class='ez-toc-page-1 ez-toc-heading-level-2'><a class=\"ez-toc-link ez-toc-heading-6\" href=\"https:\/\/danidrops.com.br\/fr\/coupes-de-cheveux-courtes\/#Blunt_Cut\" >Coupe \u00e9mouss\u00e9e<\/a><\/li><li class='ez-toc-page-1 ez-toc-heading-level-2'><a class=\"ez-toc-link ez-toc-heading-7\" href=\"https:\/\/danidrops.com.br\/fr\/coupes-de-cheveux-courtes\/#Baby_Bang\" >coup de b\u00e9b\u00e9<\/a><\/li><li class='ez-toc-page-1 ez-toc-heading-level-2'><a class=\"ez-toc-link ez-toc-heading-8\" href=\"https:\/\/danidrops.com.br\/fr\/coupes-de-cheveux-courtes\/#Shag_hair\" >Cheveux hirsutes<\/a><\/li><li class='ez-toc-page-1 ez-toc-heading-level-2'><a class=\"ez-toc-link ez-toc-heading-9\" href=\"https:\/\/danidrops.com.br\/fr\/coupes-de-cheveux-courtes\/#Wob_hair\" >cheveux ondul\u00e9s<\/a><\/li><li class='ez-toc-page-1 ez-toc-heading-level-2'><a class=\"ez-toc-link ez-toc-heading-10\" href=\"https:\/\/danidrops.com.br\/fr\/coupes-de-cheveux-courtes\/#Corte_Long_Bob\" >Coupe Bob longue<\/a><\/li><li class='ez-toc-page-1 ez-toc-heading-level-2'><a class=\"ez-toc-link ez-toc-heading-11\" href=\"https:\/\/danidrops.com.br\/fr\/coupes-de-cheveux-courtes\/#Corte_Chanel\" >Coupe Chanel<\/a><\/li><li class='ez-toc-page-1 ez-toc-heading-level-2'><a class=\"ez-toc-link ez-toc-heading-12\" href=\"https:\/\/danidrops.com.br\/fr\/coupes-de-cheveux-courtes\/#Corte_Cuia\" >Gourde coup\u00e9e<\/a><\/li><li class='ez-toc-page-1 ez-toc-heading-level-2'><a class=\"ez-toc-link ez-toc-heading-13\" href=\"https:\/\/danidrops.com.br\/fr\/coupes-de-cheveux-courtes\/#Corte_de_cabelo_curto_cacheado\" >coupe courte boucl\u00e9e<\/a><\/li><\/ul><\/nav><\/div>","protected":false},"excerpt":{"rendered":"<p>Com a virada do ano, apostar na tend\u00eancia de cortes de cabelo curto 2022 pode ser a mudan\u00e7a que voc\u00ea est\u00e1 precisando para se sentir&hellip;<\/p>","protected":false},"author":1,"featured_media":4740,"comment_status":"open","ping_status":"open","sticky":false,"template":"","format":"standard","meta":{"footnotes":""},"categories":[439],"tags":[],"class_list":["post-4705","post","type-post","status-publish","format-standard","has-post-thumbnail","hentry","category-cabelo"],"_links":{"self":[{"href":"https:\/\/danidrops.com.br\/fr\/wp-json\/wp\/v2\/posts\/4705","targetHints":{"allow":["GET"]}}],"collection":[{"href":"https:\/\/danidrops.com.br\/fr\/wp-json\/wp\/v2\/posts"}],"about":[{"href":"https:\/\/danidrops.com.br\/fr\/wp-json\/wp\/v2\/types\/post"}],"author":[{"embeddable":true,"href":"https:\/\/danidrops.com.br\/fr\/wp-json\/wp\/v2\/users\/1"}],"replies":[{"embeddable":true,"href":"https:\/\/danidrops.com.br\/fr\/wp-json\/wp\/v2\/comments?post=4705"}],"version-history":[{"count":0,"href":"https:\/\/danidrops.com.br\/fr\/wp-json\/wp\/v2\/posts\/4705\/revisions"}],"wp:featuredmedia":[{"embeddable":true,"href":"https:\/\/danidrops.com.br\/fr\/wp-json\/wp\/v2\/media\/4740"}],"wp:attachment":[{"href":"https:\/\/danidrops.com.br\/fr\/wp-json\/wp\/v2\/media?parent=4705"}],"wp:term":[{"taxonomy":"category","embeddable":true,"href":"https:\/\/danidrops.com.br\/fr\/wp-json\/wp\/v2\/categories?post=4705"},{"taxonomy":"post_tag","embeddable":true,"href":"https:\/\/danidrops.com.br\/fr\/wp-json\/wp\/v2\/tags?post=4705"}],"curies":[{"name":"wp","href":"https:\/\/api.w.org\/{rel}","templated":true}]}}