{"id":50686,"date":"2022-11-01T06:40:07","date_gmt":"2022-11-01T09:40:07","guid":{"rendered":"https:\/\/danidrops.com.br\/?p=50686"},"modified":"2022-11-03T11:17:29","modified_gmt":"2022-11-03T14:17:29","slug":"tendances-couleurs-automne-hiver-2023","status":"publish","type":"post","link":"https:\/\/danidrops.com.br\/fr\/tendances-couleurs-automne-hiver-2023\/","title":{"rendered":"Tendances couleurs automne\/hiver 2023 \u2013 D\u00e9couvrez 20 couleurs qui d\u00e9filent cet hiver"},"content":{"rendered":"<p>\u00c0 <strong>tendances couleurs automne\/hiver 2023<\/strong> ils seront tr\u00e8s polyvalents et modernes et toutes les femmes et tous les hommes pourront marcher dans les normes de la mode face \u00e0 tant d&#039;options disponibles.<\/p>\n\n\n\n<p>L&#039;hiver se caract\u00e9rise par un temps froid et humide, qui peut \u00eatre marqu\u00e9 par quelques p\u00e9riodes pluvieuses et venteuses.<\/p>\n\n\n\n<p><b>A lire aussi :<\/b> <strong><a href=\"https:\/\/danidrops.com.br\/fr\/couleurs-de-la-mode-des-fetes-automne-hiver-2023\/\" data-type=\"URL\" data-id=\"https:\/\/danidrops.com.br\/cores-moda-festa-outono-inverno-2023\/\">Colors Fashion Party Automne\/Hiver 2023<\/a><\/strong> \u2013 Voir 11 tendances de couleurs qui seront \u00e0 la mode<\/p>\n\n\n\n<figure class=\"wp-block-image size-full is-style-default\"><img loading=\"lazy\" decoding=\"async\" width=\"760\" height=\"555\" src=\"https:\/\/danidrops.com.br\/wp-content\/uploads\/2022\/10\/04-Tendencia-de-Cores-Inverno-2023-1.jpg\" alt=\"Tendance couleurs hiver 2023\" class=\"wp-image-50854\" title=\"\" srcset=\"https:\/\/danidrops.com.br\/wp-content\/uploads\/2022\/10\/04-Tendencia-de-Cores-Inverno-2023-1.jpg 760w, https:\/\/danidrops.com.br\/wp-content\/uploads\/2022\/10\/04-Tendencia-de-Cores-Inverno-2023-1-300x219.jpg 300w, https:\/\/danidrops.com.br\/wp-content\/uploads\/2022\/10\/04-Tendencia-de-Cores-Inverno-2023-1-16x12.jpg 16w, https:\/\/danidrops.com.br\/wp-content\/uploads\/2022\/10\/04-Tendencia-de-Cores-Inverno-2023-1-150x110.jpg 150w\" sizes=\"auto, (max-width: 760px) 100vw, 760px\" \/><figcaption>Tendances Couleurs Automne\/Hiver 2023<\/figcaption><\/figure>\n\n\n\n<p>Inspir\u00e9s par les caract\u00e9ristiques pr\u00e9dominantes de l&#039;hiver, certains stylistes ont mentionn\u00e9 les tendances de couleurs pour l&#039;hiver 2023 et cette palette de couleurs est certainement \u00e9tonnante.<\/p>\n\n\n\n<p>Chaque ann\u00e9e certaines couleurs sont mises en valeur par plusieurs facteurs et en l&#039;an 2023 les couleurs hivernales seront utilis\u00e9es pour repr\u00e9senter nos modes de vie et aussi nos envies.<\/p>\n\n\n\n<figure class=\"wp-block-image size-full is-style-default\"><img loading=\"lazy\" decoding=\"async\" width=\"760\" height=\"555\" src=\"https:\/\/danidrops.com.br\/wp-content\/uploads\/2022\/10\/03-Tendencia-de-Cores-Inverno-2023-1.jpg\" alt=\"Tendance couleurs hiver 2023\" class=\"wp-image-50853\" title=\"\" srcset=\"https:\/\/danidrops.com.br\/wp-content\/uploads\/2022\/10\/03-Tendencia-de-Cores-Inverno-2023-1.jpg 760w, https:\/\/danidrops.com.br\/wp-content\/uploads\/2022\/10\/03-Tendencia-de-Cores-Inverno-2023-1-300x219.jpg 300w, https:\/\/danidrops.com.br\/wp-content\/uploads\/2022\/10\/03-Tendencia-de-Cores-Inverno-2023-1-16x12.jpg 16w, https:\/\/danidrops.com.br\/wp-content\/uploads\/2022\/10\/03-Tendencia-de-Cores-Inverno-2023-1-150x110.jpg 150w\" sizes=\"auto, (max-width: 760px) 100vw, 760px\" \/><figcaption>Tendances Couleurs Automne\/Hiver 2023<\/figcaption><\/figure>\n\n\n\n<p>De plus, apr\u00e8s quelques ann\u00e9es de peurs et d&#039;angoisses, les tendances couleurs automne\/hiver 2023 seront utilis\u00e9es pour repr\u00e9senter le besoin d&#039;attention, d&#039;affection et de tact de l&#039;\u00eatre humain et aussi satisfaire nos besoins en qu\u00eate de tranquillit\u00e9 et de confort.<\/p>\n\n\n\n<figure class=\"wp-block-image size-full is-style-default\"><img loading=\"lazy\" decoding=\"async\" width=\"760\" height=\"555\" src=\"https:\/\/danidrops.com.br\/wp-content\/uploads\/2022\/10\/02-Tendencia-de-Cores-Inverno-2023-1.jpg\" alt=\"Tendance couleurs hiver 2023\" class=\"wp-image-50852\" title=\"\" srcset=\"https:\/\/danidrops.com.br\/wp-content\/uploads\/2022\/10\/02-Tendencia-de-Cores-Inverno-2023-1.jpg 760w, https:\/\/danidrops.com.br\/wp-content\/uploads\/2022\/10\/02-Tendencia-de-Cores-Inverno-2023-1-300x219.jpg 300w, https:\/\/danidrops.com.br\/wp-content\/uploads\/2022\/10\/02-Tendencia-de-Cores-Inverno-2023-1-16x12.jpg 16w, https:\/\/danidrops.com.br\/wp-content\/uploads\/2022\/10\/02-Tendencia-de-Cores-Inverno-2023-1-150x110.jpg 150w\" sizes=\"auto, (max-width: 760px) 100vw, 760px\" \/><figcaption>Tendances Couleurs Automne\/Hiver 2023<\/figcaption><\/figure>\n\n\n\n<p>Les couleurs Automne\/Hiver 2023 seront \u00e9galement utilis\u00e9es pour repr\u00e9senter la joie de vivre et un nouveau d\u00e9part.<\/p>\n\n\n\n<p>Dans cet article, nous avons s\u00e9par\u00e9 certaines des couleurs qui seront \u00e0 la mode \u00e0 l&#039;hiver 2023 afin que vous puissiez rester au courant de toutes les nouvelles et commencer \u00e0 penser \u00e0 vos merveilleux looks d&#039;hiver.<\/p>\n\n\n\n<figure class=\"wp-block-image size-full is-style-default\"><img loading=\"lazy\" decoding=\"async\" width=\"760\" height=\"555\" src=\"https:\/\/danidrops.com.br\/wp-content\/uploads\/2022\/10\/01-Tendencia-de-Cores-Inverno-2023-1.jpg\" alt=\"Tendance couleurs hiver 2023\" class=\"wp-image-50851\" title=\"\" srcset=\"https:\/\/danidrops.com.br\/wp-content\/uploads\/2022\/10\/01-Tendencia-de-Cores-Inverno-2023-1.jpg 760w, https:\/\/danidrops.com.br\/wp-content\/uploads\/2022\/10\/01-Tendencia-de-Cores-Inverno-2023-1-300x219.jpg 300w, https:\/\/danidrops.com.br\/wp-content\/uploads\/2022\/10\/01-Tendencia-de-Cores-Inverno-2023-1-16x12.jpg 16w, https:\/\/danidrops.com.br\/wp-content\/uploads\/2022\/10\/01-Tendencia-de-Cores-Inverno-2023-1-150x110.jpg 150w\" sizes=\"auto, (max-width: 760px) 100vw, 760px\" \/><figcaption>Tendance couleurs hiver 2023<\/figcaption><\/figure>\n\n\n\n<script type=\"application\/ld+json\">{\n    \"@context\": \"https:\\\/\\\/schema.org\",\n    \"@type\": \"FAQPage\",\n    \"mainEntity\": {\n        \"@type\": \"Question\",\n        \"name\": \"Quais as cores que ser\\u00e3o tend\\u00eancia Outono\\\/Inverno 2023?\",\n        \"acceptedAnswer\": {\n            \"@type\": \"Answer\",\n            \"text\": \"As cores que ser\\u00e3o tendencia no Outono\\\/Inverno 2023 ser\\u00e3o: Tons neutros, Mascavo, Vinho Pastel, Verde musgo, Vermelho ruibarbo, Amarelo Dourado, Azul Oceano, Cores Vibrantes, Verde Neon e Digital, F\\u00facsia, Amarelo Radiante, Vermelho Lava, Azul Royal, Cores Calmas, Rosa Ch\\u00e1, Verde chumbo, Violeta pastel, metalizados, Dourado, Prateado\"\n        }\n    }\n}<\/script>\n\n\n\n<h2 class=\"wp-block-heading\"><span class=\"ez-toc-section\" id=\"Quais_as_cores_que_serao_tendencia_OutonoInverno_2023\"><\/span>Quelles couleurs seront la tendance Automne\/Hiver 2023 ?<span class=\"ez-toc-section-end\"><\/span><\/h2>\n\n\n\n<p>\u00c0 <strong>les couleurs tendance de l&#039;automne\/hiver<\/strong> <strong>2023<\/strong> sera:<\/p>\n\n\n\n<ul class=\"wp-block-list\"><li>tons neutres<\/li><li>brun<\/li><li>Vin pastel<\/li><li>Vert mousse<\/li><li>rhubarbe rouge<\/li><li>jaune dor\u00e9<\/li><li>oc\u00e9an bleu<\/li><li>Couleurs vives<\/li><li>N\u00e9on et vert num\u00e9rique<\/li><li>Fuchsia<\/li><li>jaune \u00e9clatant<\/li><li>Rouge lave<\/li><li>bleu royal<\/li><li>couleurs calmes<\/li><li>rose th\u00e9<\/li><li>vert plomb<\/li><li>violet pastel<\/li><li>m\u00e9tallique<\/li><li>Dor\u00e9<\/li><li>Argent<\/li><\/ul>\n\n\n\n<script type=\"application\/ld+json\">{\n    \"@context\": \"https:\\\/\\\/schema.org\",\n    \"@type\": \"VideoObject\",\n    \"name\": \"Tend\\u00eancia de Cores Inverno 2023   - Veja 50 inspira\\u00e7\\u00f5es de Tend\\u00eancia de Cores Inverno\",\n    \"description\": \"As tend\\u00eancias de cores outono\\\/inverno 2023 ser\\u00e3o muito vers\\u00e1teis e modernas e todas as mulheres e homens poder\\u00e3o andar dentro dos padr\\u00f5es de moda diante de tantas op\\u00e7\\u00f5es dispon\\u00edveis.\",\n    \"thumbnailUrl\": \"https:\\\/\\\/danidrops.com.br\\\/wp-content\\\/uploads\\\/2022\\\/11\\\/Tendencia-de-Cores-Inverno-2023-.jpg\",\n    \"uploadDate\": \"2022-11-03\",\n    \"duration\": \"PT3M23S\",\n    \"contentUrl\": \"https:\\\/\\\/youtu.be\\\/TCAZ5Yx8ytk\",\n    \"embedUrl\": \"https:\\\/\\\/youtu.be\\\/TCAZ5Yx8ytk\",\n    \"potentialAction\": {\n        \"@type\": \"SeekToAction\",\n        \"target\": \"https:\\\/\\\/youtu.be\\\/TCAZ5Yx8ytk={seek_to_second_number}\",\n        \"startOffset-input\": \"required name=seek_to_second_number\"\n    }\n}<\/script>\n\n\n\n<figure class=\"wp-block-embed is-type-video is-provider-youtube wp-block-embed-youtube wp-embed-aspect-16-9 wp-has-aspect-ratio\"><div class=\"wp-block-embed__wrapper\">\n<iframe loading=\"lazy\" title=\"Tendance couleur hiver 2023 - Voir 50 inspirations de la tendance couleur hiver\" width=\"500\" height=\"281\" src=\"https:\/\/www.youtube.com\/embed\/TCAZ5Yx8ytk?feature=oembed\" frameborder=\"0\" allow=\"accelerometer; autoplay; clipboard-write; encrypted-media; gyroscope; picture-in-picture; web-share\" referrerpolicy=\"strict-origin-when-cross-origin\" allowfullscreen><\/iframe>\n<\/div><figcaption>Tendance couleur hiver 2023 \u2013 Voir 50 inspirations de la tendance couleur hiver<\/figcaption><\/figure>\n\n\n\n<h2 class=\"wp-block-heading\"><span class=\"ez-toc-section\" id=\"Tons_neutros\"><\/span>tons neutres<span class=\"ez-toc-section-end\"><\/span><\/h2>\n\n\n\n<p>Les tons neutres ne se d\u00e9modent jamais et sont toujours pr\u00e9sents \u00e0 chaque saison de l&#039;ann\u00e9e. En hiver, ces couleurs sont encore plus appr\u00e9ci\u00e9es, car elles correspondent aux journ\u00e9es froides et humides. Les tons neutres et classiques les plus utilis\u00e9s \u00e0 l&#039;hiver 2023 seront le noir, le blanc, le gris, le nude, le blanc cass\u00e9, le beige et le marron.<\/p>\n\n\n\n<figure class=\"wp-block-image size-full is-style-default\"><img loading=\"lazy\" decoding=\"async\" width=\"760\" height=\"555\" src=\"https:\/\/danidrops.com.br\/wp-content\/uploads\/2022\/10\/06-Tons-neutros-1.jpg\" alt=\"tons neutres\" class=\"wp-image-50856\" title=\"\" srcset=\"https:\/\/danidrops.com.br\/wp-content\/uploads\/2022\/10\/06-Tons-neutros-1.jpg 760w, https:\/\/danidrops.com.br\/wp-content\/uploads\/2022\/10\/06-Tons-neutros-1-300x219.jpg 300w, https:\/\/danidrops.com.br\/wp-content\/uploads\/2022\/10\/06-Tons-neutros-1-16x12.jpg 16w, https:\/\/danidrops.com.br\/wp-content\/uploads\/2022\/10\/06-Tons-neutros-1-150x110.jpg 150w\" sizes=\"auto, (max-width: 760px) 100vw, 760px\" \/><figcaption>Tons neutres \u2013 Tendances couleurs automne\/hiver 2023<\/figcaption><\/figure>\n\n\n\n<figure class=\"wp-block-image size-full is-style-default\"><img loading=\"lazy\" decoding=\"async\" width=\"760\" height=\"555\" src=\"https:\/\/danidrops.com.br\/wp-content\/uploads\/2022\/10\/05-Tons-neutros-1.jpg\" alt=\"tons neutres\" class=\"wp-image-50855\" title=\"\" srcset=\"https:\/\/danidrops.com.br\/wp-content\/uploads\/2022\/10\/05-Tons-neutros-1.jpg 760w, https:\/\/danidrops.com.br\/wp-content\/uploads\/2022\/10\/05-Tons-neutros-1-300x219.jpg 300w, https:\/\/danidrops.com.br\/wp-content\/uploads\/2022\/10\/05-Tons-neutros-1-16x12.jpg 16w, https:\/\/danidrops.com.br\/wp-content\/uploads\/2022\/10\/05-Tons-neutros-1-150x110.jpg 150w\" sizes=\"auto, (max-width: 760px) 100vw, 760px\" \/><figcaption>Tons neutres \u2013 Tendances couleurs automne\/hiver 2023<\/figcaption><\/figure>\n\n\n\n<h2 class=\"wp-block-heading\"><span class=\"ez-toc-section\" id=\"Mascavo\"><\/span>brun<span class=\"ez-toc-section-end\"><\/span><\/h2>\n\n\n\n<p>La couleur marron fait partie de la palette de couleurs marron\/beige et sera une tendance forte pour l&#039;hiver 2023. C&#039;est une couleur classique et neutre, mais avec des tons vifs et gais qui rendent tout look plus moderne et sophistiqu\u00e9.<\/p>\n\n\n\n<figure class=\"wp-block-image size-full is-style-default\"><img loading=\"lazy\" decoding=\"async\" width=\"760\" height=\"555\" src=\"https:\/\/danidrops.com.br\/wp-content\/uploads\/2022\/10\/08-Mascavo-1.jpg\" alt=\"brun\" class=\"wp-image-50858\" title=\"\" srcset=\"https:\/\/danidrops.com.br\/wp-content\/uploads\/2022\/10\/08-Mascavo-1.jpg 760w, https:\/\/danidrops.com.br\/wp-content\/uploads\/2022\/10\/08-Mascavo-1-300x219.jpg 300w, https:\/\/danidrops.com.br\/wp-content\/uploads\/2022\/10\/08-Mascavo-1-16x12.jpg 16w, https:\/\/danidrops.com.br\/wp-content\/uploads\/2022\/10\/08-Mascavo-1-150x110.jpg 150w\" sizes=\"auto, (max-width: 760px) 100vw, 760px\" \/><figcaption>Mascavo \u2013 Tendances Couleurs Automne\/Hiver 2023<\/figcaption><\/figure>\n\n\n\n<figure class=\"wp-block-image size-full is-style-default\"><img loading=\"lazy\" decoding=\"async\" width=\"760\" height=\"555\" src=\"https:\/\/danidrops.com.br\/wp-content\/uploads\/2022\/10\/07-Mascavo-1.jpg\" alt=\"brun\" class=\"wp-image-50857\" title=\"\" srcset=\"https:\/\/danidrops.com.br\/wp-content\/uploads\/2022\/10\/07-Mascavo-1.jpg 760w, https:\/\/danidrops.com.br\/wp-content\/uploads\/2022\/10\/07-Mascavo-1-300x219.jpg 300w, https:\/\/danidrops.com.br\/wp-content\/uploads\/2022\/10\/07-Mascavo-1-16x12.jpg 16w, https:\/\/danidrops.com.br\/wp-content\/uploads\/2022\/10\/07-Mascavo-1-150x110.jpg 150w\" sizes=\"auto, (max-width: 760px) 100vw, 760px\" \/><figcaption>Mascavo \u2013 Tendances Couleurs Automne\/Hiver 2023<\/figcaption><\/figure>\n\n\n\n<h2 class=\"wp-block-heading\"><span class=\"ez-toc-section\" id=\"Vinho_Pastel\"><\/span>Vin pastel<span class=\"ez-toc-section-end\"><\/span><\/h2>\n\n\n\n<p>La couleur du vin peut avoir de nombreuses nuances et nuances diff\u00e9rentes et elles correspondent toutes parfaitement aux tendances couleurs de l&#039;hiver 2023.<\/p>\n\n\n\n<figure class=\"wp-block-image size-full is-style-default\"><img loading=\"lazy\" decoding=\"async\" width=\"760\" height=\"555\" src=\"https:\/\/danidrops.com.br\/wp-content\/uploads\/2022\/10\/10-Vinho-Pastel-1.jpg\" alt=\"Vin pastel\" class=\"wp-image-50860\" title=\"\" srcset=\"https:\/\/danidrops.com.br\/wp-content\/uploads\/2022\/10\/10-Vinho-Pastel-1.jpg 760w, https:\/\/danidrops.com.br\/wp-content\/uploads\/2022\/10\/10-Vinho-Pastel-1-300x219.jpg 300w, https:\/\/danidrops.com.br\/wp-content\/uploads\/2022\/10\/10-Vinho-Pastel-1-16x12.jpg 16w, https:\/\/danidrops.com.br\/wp-content\/uploads\/2022\/10\/10-Vinho-Pastel-1-150x110.jpg 150w\" sizes=\"auto, (max-width: 760px) 100vw, 760px\" \/><figcaption>Vin Pastel \u2013 Tendances Couleurs Automne\/Hiver 2023<\/figcaption><\/figure>\n\n\n\n<figure class=\"wp-block-image size-full is-style-default\"><img loading=\"lazy\" decoding=\"async\" width=\"760\" height=\"555\" src=\"https:\/\/danidrops.com.br\/wp-content\/uploads\/2022\/10\/09-Vinho-Pastel-1.jpg\" alt=\"Vin pastel\" class=\"wp-image-50859\" title=\"\" srcset=\"https:\/\/danidrops.com.br\/wp-content\/uploads\/2022\/10\/09-Vinho-Pastel-1.jpg 760w, https:\/\/danidrops.com.br\/wp-content\/uploads\/2022\/10\/09-Vinho-Pastel-1-300x219.jpg 300w, https:\/\/danidrops.com.br\/wp-content\/uploads\/2022\/10\/09-Vinho-Pastel-1-16x12.jpg 16w, https:\/\/danidrops.com.br\/wp-content\/uploads\/2022\/10\/09-Vinho-Pastel-1-150x110.jpg 150w\" sizes=\"auto, (max-width: 760px) 100vw, 760px\" \/><figcaption>Vin Pastel \u2013 Tendances Couleurs Automne\/Hiver 2023<\/figcaption><\/figure>\n\n\n\n<p>En g\u00e9n\u00e9ral, la couleur du vin est plus sobre et ferm\u00e9e et pour cette raison, il est souvent utilis\u00e9 pendant la p\u00e9riode la plus froide de l&#039;ann\u00e9e. Pourtant, en cette nouvelle ann\u00e9e qui arrive, les d\u00e9clinaisons de cette couleur se retrouvent dans plusieurs pi\u00e8ces vestimentaires, afin d&#039;apporter de la gaiet\u00e9 et de l&#039;harmonie aux looks.<\/p>\n\n\n\n<h2 class=\"wp-block-heading\"><span class=\"ez-toc-section\" id=\"Verde_musgo\"><\/span>Vert mousse<span class=\"ez-toc-section-end\"><\/span><\/h2>\n\n\n\n<p>Les couleurs de l&#039;hiver 2023 se marient tr\u00e8s bien avec des d\u00e9clinaisons de la couleur verte, comme le fameux vert mousse. Cette couleur est plus ferm\u00e9e et froide et repr\u00e9sente la nature dans son ensemble. Vous pouvez combiner plusieurs styles de v\u00eatements avec ce ton, en vous rappelant qu&#039;il se marie super bien avec des tons neutres et chauds.<\/p>\n\n\n\n<figure class=\"wp-block-image size-full is-style-default\"><img loading=\"lazy\" decoding=\"async\" width=\"760\" height=\"555\" src=\"https:\/\/danidrops.com.br\/wp-content\/uploads\/2022\/10\/13-Verde-musgo-1.jpg\" alt=\"Vert mousse\" class=\"wp-image-50863\" title=\"\" srcset=\"https:\/\/danidrops.com.br\/wp-content\/uploads\/2022\/10\/13-Verde-musgo-1.jpg 760w, https:\/\/danidrops.com.br\/wp-content\/uploads\/2022\/10\/13-Verde-musgo-1-300x219.jpg 300w, https:\/\/danidrops.com.br\/wp-content\/uploads\/2022\/10\/13-Verde-musgo-1-16x12.jpg 16w, https:\/\/danidrops.com.br\/wp-content\/uploads\/2022\/10\/13-Verde-musgo-1-150x110.jpg 150w\" sizes=\"auto, (max-width: 760px) 100vw, 760px\" \/><figcaption>Vert mousse \u2013 Tendances couleurs automne\/hiver 2023<\/figcaption><\/figure>\n\n\n\n<figure class=\"wp-block-image size-full is-style-default\"><img loading=\"lazy\" decoding=\"async\" width=\"760\" height=\"555\" src=\"https:\/\/danidrops.com.br\/wp-content\/uploads\/2022\/10\/12-Verde-musgo-1.jpg\" alt=\"Vert mousse\" class=\"wp-image-50862\" title=\"\" srcset=\"https:\/\/danidrops.com.br\/wp-content\/uploads\/2022\/10\/12-Verde-musgo-1.jpg 760w, https:\/\/danidrops.com.br\/wp-content\/uploads\/2022\/10\/12-Verde-musgo-1-300x219.jpg 300w, https:\/\/danidrops.com.br\/wp-content\/uploads\/2022\/10\/12-Verde-musgo-1-16x12.jpg 16w, https:\/\/danidrops.com.br\/wp-content\/uploads\/2022\/10\/12-Verde-musgo-1-150x110.jpg 150w\" sizes=\"auto, (max-width: 760px) 100vw, 760px\" \/><figcaption>Vert mousse \u2013 Tendances couleurs automne\/hiver 2023<\/figcaption><\/figure>\n\n\n\n<h2 class=\"wp-block-heading\"><span class=\"ez-toc-section\" id=\"Vermelho_ruibarbo\"><\/span>rhubarbe rouge<span class=\"ez-toc-section-end\"><\/span><\/h2>\n\n\n\n<p>La rhubarbe rouge s&#039;inspire d&#039;un ingr\u00e9dient culinaire largement utilis\u00e9 dans les tartes et les g\u00e2teaux, car ce l\u00e9gume a une tige d&#039;une belle nuance de rouge. Cette nuance de rouge est plus s\u00e9rieuse et ferm\u00e9e et sera beaucoup utilis\u00e9e dans les tendances couleurs automne\/hiver 2023.<\/p>\n\n\n\n<figure class=\"wp-block-image size-full is-style-default\"><img loading=\"lazy\" decoding=\"async\" width=\"760\" height=\"555\" src=\"https:\/\/danidrops.com.br\/wp-content\/uploads\/2022\/10\/15-Vermelho-ruibarbo-1.jpg\" alt=\"rhubarbe rouge\" class=\"wp-image-50865\" title=\"\" srcset=\"https:\/\/danidrops.com.br\/wp-content\/uploads\/2022\/10\/15-Vermelho-ruibarbo-1.jpg 760w, https:\/\/danidrops.com.br\/wp-content\/uploads\/2022\/10\/15-Vermelho-ruibarbo-1-300x219.jpg 300w, https:\/\/danidrops.com.br\/wp-content\/uploads\/2022\/10\/15-Vermelho-ruibarbo-1-16x12.jpg 16w, https:\/\/danidrops.com.br\/wp-content\/uploads\/2022\/10\/15-Vermelho-ruibarbo-1-150x110.jpg 150w\" sizes=\"auto, (max-width: 760px) 100vw, 760px\" \/><figcaption>Rouge Rhubarbe \u2013 Tendances Couleurs Automne\/Hiver 2023<\/figcaption><\/figure>\n\n\n\n<figure class=\"wp-block-image size-full is-style-default\"><img loading=\"lazy\" decoding=\"async\" width=\"760\" height=\"555\" src=\"https:\/\/danidrops.com.br\/wp-content\/uploads\/2022\/10\/14-Vermelho-ruibarbo-1.jpg\" alt=\"rhubarbe rouge\" class=\"wp-image-50864\" title=\"\" srcset=\"https:\/\/danidrops.com.br\/wp-content\/uploads\/2022\/10\/14-Vermelho-ruibarbo-1.jpg 760w, https:\/\/danidrops.com.br\/wp-content\/uploads\/2022\/10\/14-Vermelho-ruibarbo-1-300x219.jpg 300w, https:\/\/danidrops.com.br\/wp-content\/uploads\/2022\/10\/14-Vermelho-ruibarbo-1-16x12.jpg 16w, https:\/\/danidrops.com.br\/wp-content\/uploads\/2022\/10\/14-Vermelho-ruibarbo-1-150x110.jpg 150w\" sizes=\"auto, (max-width: 760px) 100vw, 760px\" \/><figcaption>rhubarbe rouge<\/figcaption><\/figure>\n\n\n\n<h2 class=\"wp-block-heading\"><span class=\"ez-toc-section\" id=\"Amarelo_Dourado\"><\/span>jaune dor\u00e9<span class=\"ez-toc-section-end\"><\/span><\/h2>\n\n\n\n<p>Le jaune dor\u00e9 sera aussi beaucoup utilis\u00e9 dans les looks hiver 2023 comme points lumineux. Comme c&#039;est une couleur vibrante et tr\u00e8s gaie, le jaune dor\u00e9 apportera plus de dynamisme et d&#039;harmonie \u00e0 vos looks, les rendant plus fun et personnalis\u00e9s.<\/p>\n\n\n\n<figure class=\"wp-block-image size-full is-style-default\"><img loading=\"lazy\" decoding=\"async\" width=\"760\" height=\"555\" src=\"https:\/\/danidrops.com.br\/wp-content\/uploads\/2022\/10\/19-Amarelo-Dourado-1.jpg\" alt=\"jaune dor\u00e9\" class=\"wp-image-50869\" title=\"\" srcset=\"https:\/\/danidrops.com.br\/wp-content\/uploads\/2022\/10\/19-Amarelo-Dourado-1.jpg 760w, https:\/\/danidrops.com.br\/wp-content\/uploads\/2022\/10\/19-Amarelo-Dourado-1-300x219.jpg 300w, https:\/\/danidrops.com.br\/wp-content\/uploads\/2022\/10\/19-Amarelo-Dourado-1-16x12.jpg 16w, https:\/\/danidrops.com.br\/wp-content\/uploads\/2022\/10\/19-Amarelo-Dourado-1-150x110.jpg 150w\" sizes=\"auto, (max-width: 760px) 100vw, 760px\" \/><figcaption>jaune dor\u00e9<\/figcaption><\/figure>\n\n\n\n<figure class=\"wp-block-image size-full is-style-default\"><img loading=\"lazy\" decoding=\"async\" width=\"760\" height=\"555\" src=\"https:\/\/danidrops.com.br\/wp-content\/uploads\/2022\/10\/18-Amarelo-Dourado-1.jpg\" alt=\"jaune dor\u00e9\" class=\"wp-image-50868\" title=\"\" srcset=\"https:\/\/danidrops.com.br\/wp-content\/uploads\/2022\/10\/18-Amarelo-Dourado-1.jpg 760w, https:\/\/danidrops.com.br\/wp-content\/uploads\/2022\/10\/18-Amarelo-Dourado-1-300x219.jpg 300w, https:\/\/danidrops.com.br\/wp-content\/uploads\/2022\/10\/18-Amarelo-Dourado-1-16x12.jpg 16w, https:\/\/danidrops.com.br\/wp-content\/uploads\/2022\/10\/18-Amarelo-Dourado-1-150x110.jpg 150w\" sizes=\"auto, (max-width: 760px) 100vw, 760px\" \/><figcaption>jaune dor\u00e9<\/figcaption><\/figure>\n\n\n\n<h2 class=\"wp-block-heading\"><span class=\"ez-toc-section\" id=\"Azul_Oceano\"><\/span>oc\u00e9an bleu<span class=\"ez-toc-section-end\"><\/span><\/h2>\n\n\n\n<p>Il existe de nombreuses nuances de bleu oc\u00e9an, car la mer a de nombreuses nuances selon la r\u00e9gion et la profondeur en question.<\/p>\n\n\n\n<figure class=\"wp-block-image size-full is-style-default\"><img loading=\"lazy\" decoding=\"async\" width=\"760\" height=\"555\" src=\"https:\/\/danidrops.com.br\/wp-content\/uploads\/2022\/10\/21-Azul-Oceano-1.jpg\" alt=\"oc\u00e9an bleu\" class=\"wp-image-50871\" title=\"\" srcset=\"https:\/\/danidrops.com.br\/wp-content\/uploads\/2022\/10\/21-Azul-Oceano-1.jpg 760w, https:\/\/danidrops.com.br\/wp-content\/uploads\/2022\/10\/21-Azul-Oceano-1-300x219.jpg 300w, https:\/\/danidrops.com.br\/wp-content\/uploads\/2022\/10\/21-Azul-Oceano-1-16x12.jpg 16w, https:\/\/danidrops.com.br\/wp-content\/uploads\/2022\/10\/21-Azul-Oceano-1-150x110.jpg 150w\" sizes=\"auto, (max-width: 760px) 100vw, 760px\" \/><figcaption>oc\u00e9an bleu<\/figcaption><\/figure>\n\n\n\n<figure class=\"wp-block-image size-full is-style-default\"><img loading=\"lazy\" decoding=\"async\" width=\"760\" height=\"555\" src=\"https:\/\/danidrops.com.br\/wp-content\/uploads\/2022\/10\/20-Azul-Oceano-1.jpg\" alt=\"oc\u00e9an bleu\" class=\"wp-image-50870\" title=\"\" srcset=\"https:\/\/danidrops.com.br\/wp-content\/uploads\/2022\/10\/20-Azul-Oceano-1.jpg 760w, https:\/\/danidrops.com.br\/wp-content\/uploads\/2022\/10\/20-Azul-Oceano-1-300x219.jpg 300w, https:\/\/danidrops.com.br\/wp-content\/uploads\/2022\/10\/20-Azul-Oceano-1-16x12.jpg 16w, https:\/\/danidrops.com.br\/wp-content\/uploads\/2022\/10\/20-Azul-Oceano-1-150x110.jpg 150w\" sizes=\"auto, (max-width: 760px) 100vw, 760px\" \/><figcaption>oc\u00e9an bleu<\/figcaption><\/figure>\n\n\n\n<p>De cette fa\u00e7on, on peut dire que toutes les d\u00e9clinaisons de bleu oc\u00e9an seront largement utilis\u00e9es \u00e0 l&#039;hiver 2023 afin d&#039;apporter plus d&#039;harmonie et de polyvalence aux looks. Le bleu est une couleur vibrante et tr\u00e8s classique, parfaite pour composer des looks extraordinaires car elle se combine avec de nombreuses autres nuances.<\/p>\n\n\n\n<h2 class=\"wp-block-heading\"><span class=\"ez-toc-section\" id=\"Cores_Vibrantes\"><\/span>Couleurs vives<span class=\"ez-toc-section-end\"><\/span><\/h2>\n\n\n\n<p>Comme nous l&#039;\u00e9voquions pr\u00e9c\u00e9demment, les couleurs vibrantes seront aussi beaucoup utilis\u00e9es dans les looks de l&#039;hiver 2023. Elles peuvent \u00eatre utilis\u00e9es seules ou associ\u00e9es aux fameuses couleurs neutres qui font chaque ann\u00e9e la vedette de l&#039;hiver.<\/p>\n\n\n\n<figure class=\"wp-block-image size-full is-style-default\"><img loading=\"lazy\" decoding=\"async\" width=\"760\" height=\"555\" src=\"https:\/\/danidrops.com.br\/wp-content\/uploads\/2022\/10\/22-Cores-Vibrantes-1.jpg\" alt=\"Couleurs vives\" class=\"wp-image-50872\" title=\"\" srcset=\"https:\/\/danidrops.com.br\/wp-content\/uploads\/2022\/10\/22-Cores-Vibrantes-1.jpg 760w, https:\/\/danidrops.com.br\/wp-content\/uploads\/2022\/10\/22-Cores-Vibrantes-1-300x219.jpg 300w, https:\/\/danidrops.com.br\/wp-content\/uploads\/2022\/10\/22-Cores-Vibrantes-1-16x12.jpg 16w, https:\/\/danidrops.com.br\/wp-content\/uploads\/2022\/10\/22-Cores-Vibrantes-1-150x110.jpg 150w\" sizes=\"auto, (max-width: 760px) 100vw, 760px\" \/><figcaption>Couleurs vives<\/figcaption><\/figure>\n\n\n\n<h2 class=\"wp-block-heading\"><span class=\"ez-toc-section\" id=\"Verde_Neon_e_Digital\"><\/span>N\u00e9on et vert num\u00e9rique<span class=\"ez-toc-section-end\"><\/span><\/h2>\n\n\n\n<p>Les couleurs n\u00e9on sont plus satur\u00e9es et lumineuses et donnent un look vraiment incroyable. Le vert fluo est peut-\u00eatre l&#039;une des couleurs les plus utilis\u00e9es dans cette palette de couleurs et il peut \u00eatre associ\u00e9 et combin\u00e9 avec de nombreuses autres couleurs, compl\u00e9tant les looks et cr\u00e9ant des looks vraiment authentiques et uniques.<\/p>\n\n\n\n<figure class=\"wp-block-image size-full is-style-default\"><img loading=\"lazy\" decoding=\"async\" width=\"760\" height=\"555\" src=\"https:\/\/danidrops.com.br\/wp-content\/uploads\/2022\/10\/24-Verde-Neon-e-Digital-1.jpg\" alt=\"N\u00e9on et vert num\u00e9rique\" class=\"wp-image-50874\" title=\"\" srcset=\"https:\/\/danidrops.com.br\/wp-content\/uploads\/2022\/10\/24-Verde-Neon-e-Digital-1.jpg 760w, https:\/\/danidrops.com.br\/wp-content\/uploads\/2022\/10\/24-Verde-Neon-e-Digital-1-300x219.jpg 300w, https:\/\/danidrops.com.br\/wp-content\/uploads\/2022\/10\/24-Verde-Neon-e-Digital-1-16x12.jpg 16w, https:\/\/danidrops.com.br\/wp-content\/uploads\/2022\/10\/24-Verde-Neon-e-Digital-1-150x110.jpg 150w\" sizes=\"auto, (max-width: 760px) 100vw, 760px\" \/><figcaption>N\u00e9on et vert num\u00e9rique<\/figcaption><\/figure>\n\n\n\n<figure class=\"wp-block-image size-full is-style-default\"><img loading=\"lazy\" decoding=\"async\" width=\"760\" height=\"555\" src=\"https:\/\/danidrops.com.br\/wp-content\/uploads\/2022\/10\/23-Verde-Neon-e-Digital-1.jpg\" alt=\"N\u00e9on et vert num\u00e9rique\" class=\"wp-image-50873\" title=\"\" srcset=\"https:\/\/danidrops.com.br\/wp-content\/uploads\/2022\/10\/23-Verde-Neon-e-Digital-1.jpg 760w, https:\/\/danidrops.com.br\/wp-content\/uploads\/2022\/10\/23-Verde-Neon-e-Digital-1-300x219.jpg 300w, https:\/\/danidrops.com.br\/wp-content\/uploads\/2022\/10\/23-Verde-Neon-e-Digital-1-16x12.jpg 16w, https:\/\/danidrops.com.br\/wp-content\/uploads\/2022\/10\/23-Verde-Neon-e-Digital-1-150x110.jpg 150w\" sizes=\"auto, (max-width: 760px) 100vw, 760px\" \/><figcaption>N\u00e9on et vert num\u00e9rique<\/figcaption><\/figure>\n\n\n\n<h2 class=\"wp-block-heading\"><span class=\"ez-toc-section\" id=\"Fucsia\"><\/span>Fuchsia<span class=\"ez-toc-section-end\"><\/span><\/h2>\n\n\n\n<p>La couleur fuchsia provient d&#039;une fleur et se situe dans la palette de couleurs du rose et du violet. Cette couleur est tr\u00e8s vibrante et intense et offre des looks vraiment \u00e9tonnants et joyeux. Les looks d&#039;hiver assembl\u00e9s avec la couleur fuchsia sont vraiment diff\u00e9rents et merveilleux, car ils apportent joie, romantisme et sensualit\u00e9 aux jours les plus froids de l&#039;ann\u00e9e.<\/p>\n\n\n\n<figure class=\"wp-block-image size-full is-style-default\"><img loading=\"lazy\" decoding=\"async\" width=\"760\" height=\"555\" src=\"https:\/\/danidrops.com.br\/wp-content\/uploads\/2022\/10\/25-Fuchsia-1.jpg\" alt=\"Fuchsia\" class=\"wp-image-50875\" title=\"\" srcset=\"https:\/\/danidrops.com.br\/wp-content\/uploads\/2022\/10\/25-Fuchsia-1.jpg 760w, https:\/\/danidrops.com.br\/wp-content\/uploads\/2022\/10\/25-Fuchsia-1-300x219.jpg 300w, https:\/\/danidrops.com.br\/wp-content\/uploads\/2022\/10\/25-Fuchsia-1-16x12.jpg 16w, https:\/\/danidrops.com.br\/wp-content\/uploads\/2022\/10\/25-Fuchsia-1-150x110.jpg 150w\" sizes=\"auto, (max-width: 760px) 100vw, 760px\" \/><figcaption>Fuchsia<\/figcaption><\/figure>\n\n\n\n<figure class=\"wp-block-image size-full is-style-default\"><img loading=\"lazy\" decoding=\"async\" width=\"760\" height=\"555\" src=\"https:\/\/danidrops.com.br\/wp-content\/uploads\/2022\/10\/26-Fuchsia-1.jpg\" alt=\"Fuchsia\" class=\"wp-image-50830\" title=\"\" srcset=\"https:\/\/danidrops.com.br\/wp-content\/uploads\/2022\/10\/26-Fuchsia-1.jpg 760w, https:\/\/danidrops.com.br\/wp-content\/uploads\/2022\/10\/26-Fuchsia-1-300x219.jpg 300w, https:\/\/danidrops.com.br\/wp-content\/uploads\/2022\/10\/26-Fuchsia-1-16x12.jpg 16w, https:\/\/danidrops.com.br\/wp-content\/uploads\/2022\/10\/26-Fuchsia-1-150x110.jpg 150w\" sizes=\"auto, (max-width: 760px) 100vw, 760px\" \/><figcaption>Fuchsia<\/figcaption><\/figure>\n\n\n\n<h2 class=\"wp-block-heading\"><span class=\"ez-toc-section\" id=\"Amarelo_Radiante\"><\/span>jaune \u00e9clatant<span class=\"ez-toc-section-end\"><\/span><\/h2>\n\n\n\n<p>Comme pour le jaune dor\u00e9, le jaune \u00e9clatant est plus intense et satur\u00e9 et avec lui, il est possible de cr\u00e9er de beaux looks illumin\u00e9s et \u00e9l\u00e9gants. Cette couleur se verra beaucoup dans les accessoires, les chaussures et les troisi\u00e8mes pi\u00e8ces comme les blazers, les vestes et les kimonos. De plus, il peut \u00eatre facilement combin\u00e9 avec d&#039;autres couleurs, ce qui assure polyvalence et modernit\u00e9 lors de l&#039;assemblage des looks.<\/p>\n\n\n\n<figure class=\"wp-block-image size-full is-style-default\"><img loading=\"lazy\" decoding=\"async\" width=\"760\" height=\"555\" src=\"https:\/\/danidrops.com.br\/wp-content\/uploads\/2022\/10\/28-Amarelo-Radiante-1.jpg\" alt=\"jaune \u00e9clatant\" class=\"wp-image-50832\" title=\"\" srcset=\"https:\/\/danidrops.com.br\/wp-content\/uploads\/2022\/10\/28-Amarelo-Radiante-1.jpg 760w, https:\/\/danidrops.com.br\/wp-content\/uploads\/2022\/10\/28-Amarelo-Radiante-1-300x219.jpg 300w, https:\/\/danidrops.com.br\/wp-content\/uploads\/2022\/10\/28-Amarelo-Radiante-1-16x12.jpg 16w, https:\/\/danidrops.com.br\/wp-content\/uploads\/2022\/10\/28-Amarelo-Radiante-1-150x110.jpg 150w\" sizes=\"auto, (max-width: 760px) 100vw, 760px\" \/><figcaption>jaune \u00e9clatant<\/figcaption><\/figure>\n\n\n\n<figure class=\"wp-block-image size-full is-style-default\"><img loading=\"lazy\" decoding=\"async\" width=\"760\" height=\"555\" src=\"https:\/\/danidrops.com.br\/wp-content\/uploads\/2022\/10\/27-Amarelo-Radiante-1.jpg\" alt=\"jaune \u00e9clatant\" class=\"wp-image-50831\" title=\"\" srcset=\"https:\/\/danidrops.com.br\/wp-content\/uploads\/2022\/10\/27-Amarelo-Radiante-1.jpg 760w, https:\/\/danidrops.com.br\/wp-content\/uploads\/2022\/10\/27-Amarelo-Radiante-1-300x219.jpg 300w, https:\/\/danidrops.com.br\/wp-content\/uploads\/2022\/10\/27-Amarelo-Radiante-1-16x12.jpg 16w, https:\/\/danidrops.com.br\/wp-content\/uploads\/2022\/10\/27-Amarelo-Radiante-1-150x110.jpg 150w\" sizes=\"auto, (max-width: 760px) 100vw, 760px\" \/><figcaption>jaune \u00e9clatant<\/figcaption><\/figure>\n\n\n\n<h2 class=\"wp-block-heading\"><span class=\"ez-toc-section\" id=\"Vermelho_Lava\"><\/span>Rouge lave<span class=\"ez-toc-section-end\"><\/span><\/h2>\n\n\n\n<p>Cette nuance de rouge est tr\u00e8s intense et vibrante et apportera certainement de merveilleux looks pour l&#039;hiver 2023. C&#039;est une couleur chaude qui se combine tr\u00e8s bien avec des looks froids, apportant confort et chaleur au look. Les pi\u00e8ces d&#039;hiver assorties \u00e0 la couleur rouge lave sont les pardessus, les vestes, les kimonos, les mailles, les accessoires (sacs, ceintures, bonnets et \u00e9charpes) et les escarpins.<\/p>\n\n\n\n<figure class=\"wp-block-image size-full is-style-default\"><img loading=\"lazy\" decoding=\"async\" width=\"760\" height=\"555\" src=\"https:\/\/danidrops.com.br\/wp-content\/uploads\/2022\/10\/30-Vermelho-Lava-1.jpg\" alt=\"Rouge lave\" class=\"wp-image-50834\" title=\"\" srcset=\"https:\/\/danidrops.com.br\/wp-content\/uploads\/2022\/10\/30-Vermelho-Lava-1.jpg 760w, https:\/\/danidrops.com.br\/wp-content\/uploads\/2022\/10\/30-Vermelho-Lava-1-300x219.jpg 300w, https:\/\/danidrops.com.br\/wp-content\/uploads\/2022\/10\/30-Vermelho-Lava-1-16x12.jpg 16w, https:\/\/danidrops.com.br\/wp-content\/uploads\/2022\/10\/30-Vermelho-Lava-1-150x110.jpg 150w\" sizes=\"auto, (max-width: 760px) 100vw, 760px\" \/><figcaption>Rouge lave<\/figcaption><\/figure>\n\n\n\n<figure class=\"wp-block-image size-full is-style-default\"><img loading=\"lazy\" decoding=\"async\" width=\"760\" height=\"555\" src=\"https:\/\/danidrops.com.br\/wp-content\/uploads\/2022\/10\/29-Vermelho-Lava-1.jpg\" alt=\"Rouge lave\" class=\"wp-image-50833\" title=\"\" srcset=\"https:\/\/danidrops.com.br\/wp-content\/uploads\/2022\/10\/29-Vermelho-Lava-1.jpg 760w, https:\/\/danidrops.com.br\/wp-content\/uploads\/2022\/10\/29-Vermelho-Lava-1-300x219.jpg 300w, https:\/\/danidrops.com.br\/wp-content\/uploads\/2022\/10\/29-Vermelho-Lava-1-16x12.jpg 16w, https:\/\/danidrops.com.br\/wp-content\/uploads\/2022\/10\/29-Vermelho-Lava-1-150x110.jpg 150w\" sizes=\"auto, (max-width: 760px) 100vw, 760px\" \/><figcaption>Rouge lave<\/figcaption><\/figure>\n\n\n\n<h2 class=\"wp-block-heading\"><span class=\"ez-toc-section\" id=\"Azul_Royal\"><\/span>bleu royal<span class=\"ez-toc-section-end\"><\/span><\/h2>\n\n\n\n<p>Comme mentionn\u00e9 pr\u00e9c\u00e9demment, les tendances des couleurs de l&#039;hiver 2023 indiquent que les couleurs satur\u00e9es et vibrantes gagneront \u00e9galement en importance cet hiver. L&#039;id\u00e9al sera de profiter du froid avec des looks \u00e9l\u00e9gants et \u00e0 la fois fun et cr\u00e9atifs.<\/p>\n\n\n\n<figure class=\"wp-block-image size-full is-style-default\"><img loading=\"lazy\" decoding=\"async\" width=\"760\" height=\"555\" src=\"https:\/\/danidrops.com.br\/wp-content\/uploads\/2022\/10\/32-Azul-Royal-1.jpg\" alt=\"bleu royal\" class=\"wp-image-50836\" title=\"\" srcset=\"https:\/\/danidrops.com.br\/wp-content\/uploads\/2022\/10\/32-Azul-Royal-1.jpg 760w, https:\/\/danidrops.com.br\/wp-content\/uploads\/2022\/10\/32-Azul-Royal-1-300x219.jpg 300w, https:\/\/danidrops.com.br\/wp-content\/uploads\/2022\/10\/32-Azul-Royal-1-16x12.jpg 16w, https:\/\/danidrops.com.br\/wp-content\/uploads\/2022\/10\/32-Azul-Royal-1-150x110.jpg 150w\" sizes=\"auto, (max-width: 760px) 100vw, 760px\" \/><figcaption>bleu royal<\/figcaption><\/figure>\n\n\n\n<figure class=\"wp-block-image size-full is-style-default\"><img loading=\"lazy\" decoding=\"async\" width=\"760\" height=\"555\" src=\"https:\/\/danidrops.com.br\/wp-content\/uploads\/2022\/10\/31-Azul-Royal-1.jpg\" alt=\"bleu royal\" class=\"wp-image-50835\" title=\"\" srcset=\"https:\/\/danidrops.com.br\/wp-content\/uploads\/2022\/10\/31-Azul-Royal-1.jpg 760w, https:\/\/danidrops.com.br\/wp-content\/uploads\/2022\/10\/31-Azul-Royal-1-300x219.jpg 300w, https:\/\/danidrops.com.br\/wp-content\/uploads\/2022\/10\/31-Azul-Royal-1-16x12.jpg 16w, https:\/\/danidrops.com.br\/wp-content\/uploads\/2022\/10\/31-Azul-Royal-1-150x110.jpg 150w\" sizes=\"auto, (max-width: 760px) 100vw, 760px\" \/><figcaption>bleu royal<\/figcaption><\/figure>\n\n\n\n<p>Le bleu royal est une variation de bleu tr\u00e8s intense et vibrante qui apportera joie, charme et sophistication aux looks froids, surtout lorsqu&#039;il est utilis\u00e9 en troisi\u00e8me pi\u00e8ce.<\/p>\n\n\n\n<h2 class=\"wp-block-heading\"><span class=\"ez-toc-section\" id=\"Cores_Calmas\"><\/span>couleurs calmes<span class=\"ez-toc-section-end\"><\/span><\/h2>\n\n\n\n<p>En plus des couleurs neutres et vibrantes, les couleurs calmes sont \u00e9galement mises en avant en hiver 2023. Comme nous pouvons le voir, le prochain hiver sera marqu\u00e9 par une polyvalence de couleurs tr\u00e8s intense et vous pourrez innover votre garde-robe de la mani\u00e8re qui vous pla\u00eet le plus. , car de nombreuses pi\u00e8ces et couleurs seront \u00e0 la mode.<\/p>\n\n\n\n<figure class=\"wp-block-image size-full is-style-default\"><img loading=\"lazy\" decoding=\"async\" width=\"760\" height=\"555\" src=\"https:\/\/danidrops.com.br\/wp-content\/uploads\/2022\/10\/33-Cores-Calmas-1.jpg\" alt=\"couleurs calmes\" class=\"wp-image-50837\" title=\"\" srcset=\"https:\/\/danidrops.com.br\/wp-content\/uploads\/2022\/10\/33-Cores-Calmas-1.jpg 760w, https:\/\/danidrops.com.br\/wp-content\/uploads\/2022\/10\/33-Cores-Calmas-1-300x219.jpg 300w, https:\/\/danidrops.com.br\/wp-content\/uploads\/2022\/10\/33-Cores-Calmas-1-16x12.jpg 16w, https:\/\/danidrops.com.br\/wp-content\/uploads\/2022\/10\/33-Cores-Calmas-1-150x110.jpg 150w\" sizes=\"auto, (max-width: 760px) 100vw, 760px\" \/><figcaption>couleurs calmes<\/figcaption><\/figure>\n\n\n\n<h2 class=\"wp-block-heading\"><span class=\"ez-toc-section\" id=\"Rosa_Cha\"><\/span>rose th\u00e9<span class=\"ez-toc-section-end\"><\/span><\/h2>\n\n\n\n<p>Le rose th\u00e9 est un rose relativement clair et apporte beaucoup de sensualit\u00e9 et de romantisme aux looks. En hiver, certaines pi\u00e8ces de cette couleur apporteront plus de charme et d&#039;\u00e9l\u00e9gance au look et vous serez encore plus belle en associant cette couleur \u00e0 vos looks.<\/p>\n\n\n\n<figure class=\"wp-block-image size-full is-style-default\"><img loading=\"lazy\" decoding=\"async\" width=\"760\" height=\"555\" src=\"https:\/\/danidrops.com.br\/wp-content\/uploads\/2022\/10\/35-Rosa-Cha-1.jpg\" alt=\"rose th\u00e9\" class=\"wp-image-50839\" title=\"\" srcset=\"https:\/\/danidrops.com.br\/wp-content\/uploads\/2022\/10\/35-Rosa-Cha-1.jpg 760w, https:\/\/danidrops.com.br\/wp-content\/uploads\/2022\/10\/35-Rosa-Cha-1-300x219.jpg 300w, https:\/\/danidrops.com.br\/wp-content\/uploads\/2022\/10\/35-Rosa-Cha-1-16x12.jpg 16w, https:\/\/danidrops.com.br\/wp-content\/uploads\/2022\/10\/35-Rosa-Cha-1-150x110.jpg 150w\" sizes=\"auto, (max-width: 760px) 100vw, 760px\" \/><figcaption>rose th\u00e9<\/figcaption><\/figure>\n\n\n\n<figure class=\"wp-block-image size-full is-style-default\"><img loading=\"lazy\" decoding=\"async\" width=\"760\" height=\"555\" src=\"https:\/\/danidrops.com.br\/wp-content\/uploads\/2022\/10\/34-Rosa-Cha-1.jpg\" alt=\"rose th\u00e9\" class=\"wp-image-50838\" title=\"\" srcset=\"https:\/\/danidrops.com.br\/wp-content\/uploads\/2022\/10\/34-Rosa-Cha-1.jpg 760w, https:\/\/danidrops.com.br\/wp-content\/uploads\/2022\/10\/34-Rosa-Cha-1-300x219.jpg 300w, https:\/\/danidrops.com.br\/wp-content\/uploads\/2022\/10\/34-Rosa-Cha-1-16x12.jpg 16w, https:\/\/danidrops.com.br\/wp-content\/uploads\/2022\/10\/34-Rosa-Cha-1-150x110.jpg 150w\" sizes=\"auto, (max-width: 760px) 100vw, 760px\" \/><figcaption>rose th\u00e9<\/figcaption><\/figure>\n\n\n\n<h2 class=\"wp-block-heading\"><span class=\"ez-toc-section\" id=\"Verde_chumbo\"><\/span>vert plomb<span class=\"ez-toc-section-end\"><\/span><\/h2>\n\n\n\n<p>Une nuance de vert plus ferm\u00e9e, mais qui garantit une tr\u00e8s belle et harmonieuse combinaison avec les journ\u00e9es froides et humides d&#039;hiver. Cette couleur fait r\u00e9f\u00e9rence au confort et \u00e0 la chaleur par temps froid et pour cette raison, elle sera beaucoup utilis\u00e9e en hiver 2023.<\/p>\n\n\n\n<figure class=\"wp-block-image size-full is-style-default\"><img loading=\"lazy\" decoding=\"async\" width=\"760\" height=\"555\" src=\"https:\/\/danidrops.com.br\/wp-content\/uploads\/2022\/10\/37-Verde-chumbo-1.jpg\" alt=\"vert plomb\" class=\"wp-image-50841\" title=\"\" srcset=\"https:\/\/danidrops.com.br\/wp-content\/uploads\/2022\/10\/37-Verde-chumbo-1.jpg 760w, https:\/\/danidrops.com.br\/wp-content\/uploads\/2022\/10\/37-Verde-chumbo-1-300x219.jpg 300w, https:\/\/danidrops.com.br\/wp-content\/uploads\/2022\/10\/37-Verde-chumbo-1-16x12.jpg 16w, https:\/\/danidrops.com.br\/wp-content\/uploads\/2022\/10\/37-Verde-chumbo-1-150x110.jpg 150w\" sizes=\"auto, (max-width: 760px) 100vw, 760px\" \/><figcaption>vert plomb<\/figcaption><\/figure>\n\n\n\n<figure class=\"wp-block-image size-full is-style-default\"><img loading=\"lazy\" decoding=\"async\" width=\"760\" height=\"555\" src=\"https:\/\/danidrops.com.br\/wp-content\/uploads\/2022\/10\/36-Verde-chumbo-1.jpg\" alt=\"vert plomb\" class=\"wp-image-50840\" title=\"\" srcset=\"https:\/\/danidrops.com.br\/wp-content\/uploads\/2022\/10\/36-Verde-chumbo-1.jpg 760w, https:\/\/danidrops.com.br\/wp-content\/uploads\/2022\/10\/36-Verde-chumbo-1-300x219.jpg 300w, https:\/\/danidrops.com.br\/wp-content\/uploads\/2022\/10\/36-Verde-chumbo-1-16x12.jpg 16w, https:\/\/danidrops.com.br\/wp-content\/uploads\/2022\/10\/36-Verde-chumbo-1-150x110.jpg 150w\" sizes=\"auto, (max-width: 760px) 100vw, 760px\" \/><figcaption>vert plomb<\/figcaption><\/figure>\n\n\n\n<h2 class=\"wp-block-heading\"><span class=\"ez-toc-section\" id=\"Violeta_pastel\"><\/span>violet pastel<span class=\"ez-toc-section-end\"><\/span><\/h2>\n\n\n\n<p>Les tons violets seront \u00e9galement largement utilis\u00e9s dans les tendances de couleurs de l&#039;hiver 2023. Ils offrent des looks plus gais et amusants, id\u00e9aux pour les \u00e9v\u00e9nements de jour. C&#039;est certainement l&#039;une des couleurs sur lesquelles parient de nombreuses entreprises, car elle fait r\u00e9f\u00e9rence \u00e0 la tranquillit\u00e9 et au bien-\u00eatre des personnes apr\u00e8s quelques ann\u00e9es de peurs et de tristesse.<\/p>\n\n\n\n<figure class=\"wp-block-image size-full is-style-default\"><img loading=\"lazy\" decoding=\"async\" width=\"760\" height=\"555\" src=\"https:\/\/danidrops.com.br\/wp-content\/uploads\/2022\/10\/39-Violeta-pastel-1.jpg\" alt=\"violet pastel\" class=\"wp-image-50843\" title=\"\" srcset=\"https:\/\/danidrops.com.br\/wp-content\/uploads\/2022\/10\/39-Violeta-pastel-1.jpg 760w, https:\/\/danidrops.com.br\/wp-content\/uploads\/2022\/10\/39-Violeta-pastel-1-300x219.jpg 300w, https:\/\/danidrops.com.br\/wp-content\/uploads\/2022\/10\/39-Violeta-pastel-1-16x12.jpg 16w, https:\/\/danidrops.com.br\/wp-content\/uploads\/2022\/10\/39-Violeta-pastel-1-150x110.jpg 150w\" sizes=\"auto, (max-width: 760px) 100vw, 760px\" \/><figcaption>violet pastel<\/figcaption><\/figure>\n\n\n\n<figure class=\"wp-block-image size-full is-style-default\"><img loading=\"lazy\" decoding=\"async\" width=\"760\" height=\"555\" src=\"https:\/\/danidrops.com.br\/wp-content\/uploads\/2022\/10\/38-Violeta-pastel-1.jpg\" alt=\"violet pastel\" class=\"wp-image-50842\" title=\"\" srcset=\"https:\/\/danidrops.com.br\/wp-content\/uploads\/2022\/10\/38-Violeta-pastel-1.jpg 760w, https:\/\/danidrops.com.br\/wp-content\/uploads\/2022\/10\/38-Violeta-pastel-1-300x219.jpg 300w, https:\/\/danidrops.com.br\/wp-content\/uploads\/2022\/10\/38-Violeta-pastel-1-16x12.jpg 16w, https:\/\/danidrops.com.br\/wp-content\/uploads\/2022\/10\/38-Violeta-pastel-1-150x110.jpg 150w\" sizes=\"auto, (max-width: 760px) 100vw, 760px\" \/><figcaption>violet pastel<\/figcaption><\/figure>\n\n\n\n<h2 class=\"wp-block-heading\"><span class=\"ez-toc-section\" id=\"Metalizados\"><\/span>m\u00e9tallique<span class=\"ez-toc-section-end\"><\/span><\/h2>\n\n\n\n<p>Les looks m\u00e9talliques feront \u00e9galement leur grand retour \u00e0 l&#039;hiver 2023, notamment pour les femmes audacieuses et modernes. Parmi les variations les plus classiques des tons m\u00e9talliques, on peut citer l&#039;or et l&#039;argent.<\/p>\n\n\n\n<figure class=\"wp-block-image size-full is-style-default\"><img loading=\"lazy\" decoding=\"async\" width=\"760\" height=\"555\" src=\"https:\/\/danidrops.com.br\/wp-content\/uploads\/2022\/10\/40-Metalizados-1.jpg\" alt=\"m\u00e9tallique\" class=\"wp-image-50844\" title=\"\" srcset=\"https:\/\/danidrops.com.br\/wp-content\/uploads\/2022\/10\/40-Metalizados-1.jpg 760w, https:\/\/danidrops.com.br\/wp-content\/uploads\/2022\/10\/40-Metalizados-1-300x219.jpg 300w, https:\/\/danidrops.com.br\/wp-content\/uploads\/2022\/10\/40-Metalizados-1-16x12.jpg 16w, https:\/\/danidrops.com.br\/wp-content\/uploads\/2022\/10\/40-Metalizados-1-150x110.jpg 150w\" sizes=\"auto, (max-width: 760px) 100vw, 760px\" \/><figcaption>m\u00e9tallique<\/figcaption><\/figure>\n\n\n\n<h2 class=\"wp-block-heading\"><span class=\"ez-toc-section\" id=\"Dourado\"><\/span>Dor\u00e9<span class=\"ez-toc-section-end\"><\/span><\/h2>\n\n\n\n<p>L&#039;or peut \u00eatre vu dans les looks de nuit ou les accessoires. C&#039;est une tr\u00e8s belle couleur qui transmet \u00e9l\u00e9gance et glamour, elle est donc id\u00e9ale pour les \u00e9v\u00e9nements formels et sophistiqu\u00e9s.<\/p>\n\n\n\n<figure class=\"wp-block-image size-full is-style-default\"><img loading=\"lazy\" decoding=\"async\" width=\"760\" height=\"555\" src=\"https:\/\/danidrops.com.br\/wp-content\/uploads\/2022\/10\/42-Dourado-1.jpg\" alt=\"Dor\u00e9\" class=\"wp-image-50846\" title=\"\" srcset=\"https:\/\/danidrops.com.br\/wp-content\/uploads\/2022\/10\/42-Dourado-1.jpg 760w, https:\/\/danidrops.com.br\/wp-content\/uploads\/2022\/10\/42-Dourado-1-300x219.jpg 300w, https:\/\/danidrops.com.br\/wp-content\/uploads\/2022\/10\/42-Dourado-1-16x12.jpg 16w, https:\/\/danidrops.com.br\/wp-content\/uploads\/2022\/10\/42-Dourado-1-150x110.jpg 150w\" sizes=\"auto, (max-width: 760px) 100vw, 760px\" \/><figcaption>Dor\u00e9<\/figcaption><\/figure>\n\n\n\n<figure class=\"wp-block-image size-full is-style-default\"><img loading=\"lazy\" decoding=\"async\" width=\"760\" height=\"555\" src=\"https:\/\/danidrops.com.br\/wp-content\/uploads\/2022\/10\/41-Dourado-1.jpg\" alt=\"Dor\u00e9\" class=\"wp-image-50845\" title=\"\" srcset=\"https:\/\/danidrops.com.br\/wp-content\/uploads\/2022\/10\/41-Dourado-1.jpg 760w, https:\/\/danidrops.com.br\/wp-content\/uploads\/2022\/10\/41-Dourado-1-300x219.jpg 300w, https:\/\/danidrops.com.br\/wp-content\/uploads\/2022\/10\/41-Dourado-1-16x12.jpg 16w, https:\/\/danidrops.com.br\/wp-content\/uploads\/2022\/10\/41-Dourado-1-150x110.jpg 150w\" sizes=\"auto, (max-width: 760px) 100vw, 760px\" \/><figcaption>Dor\u00e9<\/figcaption><\/figure>\n\n\n\n<h2 class=\"wp-block-heading\"><span class=\"ez-toc-section\" id=\"Prateado\"><\/span>Argent<span class=\"ez-toc-section-end\"><\/span><\/h2>\n\n\n\n<p>Les looks argent\u00e9s sont moins courants, mais \u00e0 l&#039;hiver 2023, ils seront grandement utilis\u00e9s par les femmes modernes et audacieuses. Ce ton peut \u00eatre vu dans les vestes, les chaussures et m\u00eame les pantalons et les jupes.<\/p>\n\n\n\n<figure class=\"wp-block-image size-full is-style-default\"><img loading=\"lazy\" decoding=\"async\" width=\"760\" height=\"555\" src=\"https:\/\/danidrops.com.br\/wp-content\/uploads\/2022\/10\/44-Prateado-1.jpg\" alt=\"Argent\" class=\"wp-image-50848\" title=\"\" srcset=\"https:\/\/danidrops.com.br\/wp-content\/uploads\/2022\/10\/44-Prateado-1.jpg 760w, https:\/\/danidrops.com.br\/wp-content\/uploads\/2022\/10\/44-Prateado-1-300x219.jpg 300w, https:\/\/danidrops.com.br\/wp-content\/uploads\/2022\/10\/44-Prateado-1-16x12.jpg 16w, https:\/\/danidrops.com.br\/wp-content\/uploads\/2022\/10\/44-Prateado-1-150x110.jpg 150w\" sizes=\"auto, (max-width: 760px) 100vw, 760px\" \/><figcaption>Argent<\/figcaption><\/figure>\n\n\n\n<figure class=\"wp-block-image size-full is-style-default\"><img loading=\"lazy\" decoding=\"async\" width=\"760\" height=\"555\" src=\"https:\/\/danidrops.com.br\/wp-content\/uploads\/2022\/10\/43-Prateado-1.jpg\" alt=\"Argent\" class=\"wp-image-50847\" title=\"\" srcset=\"https:\/\/danidrops.com.br\/wp-content\/uploads\/2022\/10\/43-Prateado-1.jpg 760w, https:\/\/danidrops.com.br\/wp-content\/uploads\/2022\/10\/43-Prateado-1-300x219.jpg 300w, https:\/\/danidrops.com.br\/wp-content\/uploads\/2022\/10\/43-Prateado-1-16x12.jpg 16w, https:\/\/danidrops.com.br\/wp-content\/uploads\/2022\/10\/43-Prateado-1-150x110.jpg 150w\" sizes=\"auto, (max-width: 760px) 100vw, 760px\" \/><figcaption>Argent<\/figcaption><\/figure>\n\n\n\n<p>Avant de choisir les pi\u00e8ces qui correspondent aux tendances de couleurs de l&#039;hiver 2023, vous devez faire attention aux couleurs qui correspondent le mieux \u00e0 votre personnalit\u00e9, car ce n&#039;est qu&#039;ainsi que vous pourrez cr\u00e9er des looks incroyablement beaux et modernes.<\/p>\n<div id=\"ez-toc-container\" class=\"ez-toc-v2_0_76 counter-hierarchy ez-toc-counter ez-toc-grey ez-toc-container-direction\">\n<p class=\"ez-toc-title\" style=\"cursor:inherit\">Vous lirez cet article<\/p>\n<label for=\"ez-toc-cssicon-toggle-item-69f1f85a4189e\" class=\"ez-toc-cssicon-toggle-label\"><span class=\"ez-toc-cssicon\"><span class=\"eztoc-hide\" style=\"display:none;\">Basculer<\/span><span class=\"ez-toc-icon-toggle-span\"><svg style=\"fill: #999;color:#999\" xmlns=\"http:\/\/www.w3.org\/2000\/svg\" class=\"list-377408\" width=\"20px\" height=\"20px\" viewbox=\"0 0 24 24\" fill=\"none\"><path d=\"M6 6H4v2h2V6zm14 0H8v2h12V6zM4 11h2v2H4v-2zm16 0H8v2h12v-2zM4 16h2v2H4v-2zm16 0H8v2h12v-2z\" fill=\"currentColor\"><\/path><\/svg><svg style=\"fill: #999;color:#999\" class=\"arrow-unsorted-368013\" xmlns=\"http:\/\/www.w3.org\/2000\/svg\" width=\"10px\" height=\"10px\" viewbox=\"0 0 24 24\" version=\"1.2\" baseprofile=\"tiny\"><path d=\"M18.2 9.3l-6.2-6.3-6.2 6.3c-.2.2-.3.4-.3.7s.1.5.3.7c.2.2.4.3.7.3h11c.3 0 .5-.1.7-.3.2-.2.3-.5.3-.7s-.1-.5-.3-.7zM5.8 14.7l6.2 6.3 6.2-6.3c.2-.2.3-.5.3-.7s-.1-.5-.3-.7c-.2-.2-.4-.3-.7-.3h-11c-.3 0-.5.1-.7.3-.2.2-.3.5-.3.7s.1.5.3.7z\"\/><\/svg><\/span><\/span><\/label><input type=\"checkbox\"  id=\"ez-toc-cssicon-toggle-item-69f1f85a4189e\"  aria-label=\"Basculer\" \/><nav><ul class='ez-toc-list ez-toc-list-level-1' ><li class='ez-toc-page-1 ez-toc-heading-level-2'><a class=\"ez-toc-link ez-toc-heading-1\" href=\"https:\/\/danidrops.com.br\/fr\/tendances-couleurs-automne-hiver-2023\/#Quais_as_cores_que_serao_tendencia_OutonoInverno_2023\" >Quelles couleurs seront la tendance Automne\/Hiver 2023 ?<\/a><\/li><li class='ez-toc-page-1 ez-toc-heading-level-2'><a class=\"ez-toc-link ez-toc-heading-2\" href=\"https:\/\/danidrops.com.br\/fr\/tendances-couleurs-automne-hiver-2023\/#Tons_neutros\" >tons neutres<\/a><\/li><li class='ez-toc-page-1 ez-toc-heading-level-2'><a class=\"ez-toc-link ez-toc-heading-3\" href=\"https:\/\/danidrops.com.br\/fr\/tendances-couleurs-automne-hiver-2023\/#Mascavo\" >brun<\/a><\/li><li class='ez-toc-page-1 ez-toc-heading-level-2'><a class=\"ez-toc-link ez-toc-heading-4\" href=\"https:\/\/danidrops.com.br\/fr\/tendances-couleurs-automne-hiver-2023\/#Vinho_Pastel\" >Vin pastel<\/a><\/li><li class='ez-toc-page-1 ez-toc-heading-level-2'><a class=\"ez-toc-link ez-toc-heading-5\" href=\"https:\/\/danidrops.com.br\/fr\/tendances-couleurs-automne-hiver-2023\/#Verde_musgo\" >Vert mousse<\/a><\/li><li class='ez-toc-page-1 ez-toc-heading-level-2'><a class=\"ez-toc-link ez-toc-heading-6\" href=\"https:\/\/danidrops.com.br\/fr\/tendances-couleurs-automne-hiver-2023\/#Vermelho_ruibarbo\" >rhubarbe rouge<\/a><\/li><li class='ez-toc-page-1 ez-toc-heading-level-2'><a class=\"ez-toc-link ez-toc-heading-7\" href=\"https:\/\/danidrops.com.br\/fr\/tendances-couleurs-automne-hiver-2023\/#Amarelo_Dourado\" >jaune dor\u00e9<\/a><\/li><li class='ez-toc-page-1 ez-toc-heading-level-2'><a class=\"ez-toc-link ez-toc-heading-8\" href=\"https:\/\/danidrops.com.br\/fr\/tendances-couleurs-automne-hiver-2023\/#Azul_Oceano\" >oc\u00e9an bleu<\/a><\/li><li class='ez-toc-page-1 ez-toc-heading-level-2'><a class=\"ez-toc-link ez-toc-heading-9\" href=\"https:\/\/danidrops.com.br\/fr\/tendances-couleurs-automne-hiver-2023\/#Cores_Vibrantes\" >Couleurs vives<\/a><\/li><li class='ez-toc-page-1 ez-toc-heading-level-2'><a class=\"ez-toc-link ez-toc-heading-10\" href=\"https:\/\/danidrops.com.br\/fr\/tendances-couleurs-automne-hiver-2023\/#Verde_Neon_e_Digital\" >N\u00e9on et vert num\u00e9rique<\/a><\/li><li class='ez-toc-page-1 ez-toc-heading-level-2'><a class=\"ez-toc-link ez-toc-heading-11\" href=\"https:\/\/danidrops.com.br\/fr\/tendances-couleurs-automne-hiver-2023\/#Fucsia\" >Fuchsia<\/a><\/li><li class='ez-toc-page-1 ez-toc-heading-level-2'><a class=\"ez-toc-link ez-toc-heading-12\" href=\"https:\/\/danidrops.com.br\/fr\/tendances-couleurs-automne-hiver-2023\/#Amarelo_Radiante\" >jaune \u00e9clatant<\/a><\/li><li class='ez-toc-page-1 ez-toc-heading-level-2'><a class=\"ez-toc-link ez-toc-heading-13\" href=\"https:\/\/danidrops.com.br\/fr\/tendances-couleurs-automne-hiver-2023\/#Vermelho_Lava\" >Rouge lave<\/a><\/li><li class='ez-toc-page-1 ez-toc-heading-level-2'><a class=\"ez-toc-link ez-toc-heading-14\" href=\"https:\/\/danidrops.com.br\/fr\/tendances-couleurs-automne-hiver-2023\/#Azul_Royal\" >bleu royal<\/a><\/li><li class='ez-toc-page-1 ez-toc-heading-level-2'><a class=\"ez-toc-link ez-toc-heading-15\" href=\"https:\/\/danidrops.com.br\/fr\/tendances-couleurs-automne-hiver-2023\/#Cores_Calmas\" >couleurs calmes<\/a><\/li><li class='ez-toc-page-1 ez-toc-heading-level-2'><a class=\"ez-toc-link ez-toc-heading-16\" href=\"https:\/\/danidrops.com.br\/fr\/tendances-couleurs-automne-hiver-2023\/#Rosa_Cha\" >rose th\u00e9<\/a><\/li><li class='ez-toc-page-1 ez-toc-heading-level-2'><a class=\"ez-toc-link ez-toc-heading-17\" href=\"https:\/\/danidrops.com.br\/fr\/tendances-couleurs-automne-hiver-2023\/#Verde_chumbo\" >vert plomb<\/a><\/li><li class='ez-toc-page-1 ez-toc-heading-level-2'><a class=\"ez-toc-link ez-toc-heading-18\" href=\"https:\/\/danidrops.com.br\/fr\/tendances-couleurs-automne-hiver-2023\/#Violeta_pastel\" >violet pastel<\/a><\/li><li class='ez-toc-page-1 ez-toc-heading-level-2'><a class=\"ez-toc-link ez-toc-heading-19\" href=\"https:\/\/danidrops.com.br\/fr\/tendances-couleurs-automne-hiver-2023\/#Metalizados\" >m\u00e9tallique<\/a><\/li><li class='ez-toc-page-1 ez-toc-heading-level-2'><a class=\"ez-toc-link ez-toc-heading-20\" href=\"https:\/\/danidrops.com.br\/fr\/tendances-couleurs-automne-hiver-2023\/#Dourado\" >Dor\u00e9<\/a><\/li><li class='ez-toc-page-1 ez-toc-heading-level-2'><a class=\"ez-toc-link ez-toc-heading-21\" href=\"https:\/\/danidrops.com.br\/fr\/tendances-couleurs-automne-hiver-2023\/#Prateado\" >Argent<\/a><\/li><\/ul><\/nav><\/div>","protected":false},"excerpt":{"rendered":"<p>Les tendances couleurs automne\/hiver 2023 seront tr\u00e8s polyvalentes et modernes et toutes les femmes et tous les hommes pourront suivre les standards de la mode face \u00e0\u2026<\/p>","protected":false},"author":1,"featured_media":50153,"comment_status":"open","ping_status":"open","sticky":false,"template":"","format":"standard","meta":{"footnotes":""},"categories":[4],"tags":[],"class_list":["post-50686","post","type-post","status-publish","format-standard","has-post-thumbnail","hentry","category-moda"],"_links":{"self":[{"href":"https:\/\/danidrops.com.br\/fr\/wp-json\/wp\/v2\/posts\/50686","targetHints":{"allow":["GET"]}}],"collection":[{"href":"https:\/\/danidrops.com.br\/fr\/wp-json\/wp\/v2\/posts"}],"about":[{"href":"https:\/\/danidrops.com.br\/fr\/wp-json\/wp\/v2\/types\/post"}],"author":[{"embeddable":true,"href":"https:\/\/danidrops.com.br\/fr\/wp-json\/wp\/v2\/users\/1"}],"replies":[{"embeddable":true,"href":"https:\/\/danidrops.com.br\/fr\/wp-json\/wp\/v2\/comments?post=50686"}],"version-history":[{"count":0,"href":"https:\/\/danidrops.com.br\/fr\/wp-json\/wp\/v2\/posts\/50686\/revisions"}],"wp:featuredmedia":[{"embeddable":true,"href":"https:\/\/danidrops.com.br\/fr\/wp-json\/wp\/v2\/media\/50153"}],"wp:attachment":[{"href":"https:\/\/danidrops.com.br\/fr\/wp-json\/wp\/v2\/media?parent=50686"}],"wp:term":[{"taxonomy":"category","embeddable":true,"href":"https:\/\/danidrops.com.br\/fr\/wp-json\/wp\/v2\/categories?post=50686"},{"taxonomy":"post_tag","embeddable":true,"href":"https:\/\/danidrops.com.br\/fr\/wp-json\/wp\/v2\/tags?post=50686"}],"curies":[{"name":"wp","href":"https:\/\/api.w.org\/{rel}","templated":true}]}}