{"id":56003,"date":"2022-12-05T10:00:00","date_gmt":"2022-12-05T13:00:00","guid":{"rendered":"https:\/\/danidrops.com.br\/?p=56003"},"modified":"2024-02-28T20:56:47","modified_gmt":"2024-02-28T23:56:47","slug":"cheveux-boucles-noirs-2023","status":"publish","type":"post","link":"https:\/\/danidrops.com.br\/fr\/cheveux-boucles-noirs-2023\/","title":{"rendered":"Cheveux Boucl\u00e9s Noirs 2023 - Voir plus de 80 mod\u00e8les de cheveux noirs boucl\u00e9s"},"content":{"rendered":"<p>O <strong>Cheveux Boucl\u00e9s Noirs 2023<\/strong> sera \u00e0 la derni\u00e8re mode l&#039;ann\u00e9e prochaine, car le maintien de la courbure naturelle des cheveux a \u00e9t\u00e9 la grande diff\u00e9rence dans l&#039;apparence des femmes ces derniers jours.<\/p>\n\n\n\n<p>En plus d&#039;\u00eatre beaux et tr\u00e8s polyvalents, les cheveux boucl\u00e9s noirs 2023 transmettent puissance et force aux femmes, car ils leur laissent un look puissant qui est \u00e0 la fois tr\u00e8s f\u00e9minin et romantique.<\/p>\n\n\n\n<div class=\"container4\">\n\t<span>A lire aussi :<\/span>\n    <ul class=\"lista\">\n\t\t<li id=\"cliquem\"><a href=\"https:\/\/danidrops.com.br\/fr\/tendance-coupe-de-cheveux-boucles-2025\/\" title=\"Tendance cheveux boucl\u00e9s 2024\"><strong>Tendance cheveux boucl\u00e9s 2024 \u2013 D\u00e9couvrez plus de 150 tendances de coupe de cheveux boucl\u00e9s<\/strong><\/a><\/li>\t\n\t<\/ul>\n<\/div>\n<script type=\"application\/ld+json\">{\n    \"@context\": \"https:\\\/\\\/schema.org\",\n    \"@type\": \"Action\",\n    \"name\": \"Clicar em link para ler mat\\u00e9ria Tend\\u00eancia de Cabelo Cacheado 2024\",\n    \"potentialAction\": {\n        \"@type\": \"ReadAction\",\n        \"target\": {\n            \"@type\": \"EntryPoint\",\n            \"urlTemplate\": \"https:\\\/\\\/danidrops.com.br\\\/tendencia-corte-de-cabelo-cacheado-2025\\\/\"\n        }\n    },\n    \"object\": {\n        \"@type\": \"WebPage\",\n        \"headline\": \"Tend\\u00eancia de Cabelo Cacheado 2024\",\n        \"author\": {\n            \"@type\": \"Organization\",\n            \"name\": \"Danidrops.com.br\",\n            \"logo\": \"https:\\\/\\\/danidrops.com.br\\\/wp-content\\\/uploads\\\/2021\\\/08\\\/danidrops-logo-1.jpg\",\n            \"url\": \"https:\\\/\\\/danidrops.com.br\\\/\"\n        },\n        \"image\": \"https:\\\/\\\/danidrops.com.br\\\/wp-content\\\/uploads\\\/2023\\\/10\\\/Cabelo-Cacheado-2024-2.jpg\",\n        \"url\": \"https:\\\/\\\/danidrops.com.br\\\/tendencia-corte-de-cabelo-cacheado-2025\\\/\",\n        \"description\": \"Informa\\u00e7\\u00f5es sobre a Tend\\u00eancia de Cabelo Cacheado 2024. Veja mais de 150 tend\\u00eancias de cortes de cabelo cacheados\",\n        \"mainEntityOfPage\": {\n            \"@type\": \"WebPage\",\n            \"@id\": \"https:\\\/\\\/danidrops.com.br\\\/tendencia-corte-de-cabelo-cacheado-2025\\\/\"\n        }\n    }\n}<\/script>\n\n\n\n<figure class=\"wp-block-image size-full\"><img loading=\"lazy\" decoding=\"async\" width=\"760\" height=\"555\" src=\"https:\/\/danidrops.com.br\/wp-content\/uploads\/2022\/12\/05-Cabelo-Cacheado-Preto-2023.jpg\" alt=\"Cheveux boucl\u00e9s noirs 2023\" class=\"wp-image-56734\" title=\"\" srcset=\"https:\/\/danidrops.com.br\/wp-content\/uploads\/2022\/12\/05-Cabelo-Cacheado-Preto-2023.jpg 760w, https:\/\/danidrops.com.br\/wp-content\/uploads\/2022\/12\/05-Cabelo-Cacheado-Preto-2023-300x219.jpg 300w, https:\/\/danidrops.com.br\/wp-content\/uploads\/2022\/12\/05-Cabelo-Cacheado-Preto-2023-16x12.jpg 16w, https:\/\/danidrops.com.br\/wp-content\/uploads\/2022\/12\/05-Cabelo-Cacheado-Preto-2023-150x110.jpg 150w\" sizes=\"auto, (max-width: 760px) 100vw, 760px\" \/><figcaption class=\"wp-element-caption\">Cheveux boucl\u00e9s noirs 2023<\/figcaption><\/figure>\n\n\n\n<figure class=\"wp-block-image size-full\"><img loading=\"lazy\" decoding=\"async\" width=\"760\" height=\"555\" src=\"https:\/\/danidrops.com.br\/wp-content\/uploads\/2022\/12\/04-Cabelo-Cacheado-Preto-2023.jpg\" alt=\"Cheveux boucl\u00e9s noirs 2023\" class=\"wp-image-56733\" title=\"\" srcset=\"https:\/\/danidrops.com.br\/wp-content\/uploads\/2022\/12\/04-Cabelo-Cacheado-Preto-2023.jpg 760w, https:\/\/danidrops.com.br\/wp-content\/uploads\/2022\/12\/04-Cabelo-Cacheado-Preto-2023-300x219.jpg 300w, https:\/\/danidrops.com.br\/wp-content\/uploads\/2022\/12\/04-Cabelo-Cacheado-Preto-2023-16x12.jpg 16w, https:\/\/danidrops.com.br\/wp-content\/uploads\/2022\/12\/04-Cabelo-Cacheado-Preto-2023-150x110.jpg 150w\" sizes=\"auto, (max-width: 760px) 100vw, 760px\" \/><figcaption class=\"wp-element-caption\">Cheveux boucl\u00e9s noirs 2023<\/figcaption><\/figure>\n\n\n\n<p>Voir ci-dessous quelques conseils d&#039;hydratation, de longueur et de couleurs pour les cheveux boucl\u00e9s noirs que nous avons s\u00e9par\u00e9s pour vous.<\/p>\n\n\n\n<figure class=\"wp-block-image size-full\"><img loading=\"lazy\" decoding=\"async\" width=\"760\" height=\"555\" src=\"https:\/\/danidrops.com.br\/wp-content\/uploads\/2022\/12\/02-Cabelo-Cacheado-Preto-2023.jpg\" alt=\"Cheveux boucl\u00e9s noirs 2023\" class=\"wp-image-56731\" title=\"\" srcset=\"https:\/\/danidrops.com.br\/wp-content\/uploads\/2022\/12\/02-Cabelo-Cacheado-Preto-2023.jpg 760w, https:\/\/danidrops.com.br\/wp-content\/uploads\/2022\/12\/02-Cabelo-Cacheado-Preto-2023-300x219.jpg 300w, https:\/\/danidrops.com.br\/wp-content\/uploads\/2022\/12\/02-Cabelo-Cacheado-Preto-2023-16x12.jpg 16w, https:\/\/danidrops.com.br\/wp-content\/uploads\/2022\/12\/02-Cabelo-Cacheado-Preto-2023-150x110.jpg 150w\" sizes=\"auto, (max-width: 760px) 100vw, 760px\" \/><figcaption class=\"wp-element-caption\">Cheveux boucl\u00e9s noirs 2023<\/figcaption><\/figure>\n\n\n\n<script type=\"application\/ld+json\">{\n    \"@context\": \"https:\\\/\\\/schema.org\",\n    \"@type\": \"FAQPage\",\n    \"mainEntity\": [\n        {\n            \"@type\": \"Question\",\n            \"name\": \"Como hidratar o cabelo preto cacheado?\",\n            \"acceptedAnswer\": {\n                \"@type\": \"Answer\",\n                \"text\": \"Para hidratar seu cabelo cacheado preto 2023 voc\\u00ea vai precisar de uma boa m\\u00e1scara hidratante e tamb\\u00e9m alguns produtos espec\\u00edficos como shampoos livres de sulfato, \\u00f3leos vegetais para umecta\\u00e7\\u00e3o, protetor t\\u00e9rmico quando necess\\u00e1rio, condicionadores e finalizadores. Al\\u00e9m disso, voc\\u00ea deve ficar longe das fontes de calor como secadores e chapinhas.\"\n            }\n        },\n        {\n            \"@type\": \"Question\",\n            \"name\": \"Qual \\u00e9 a tend\\u00eanca de cabelo cacheado 2023?\",\n            \"acceptedAnswer\": {\n                \"@type\": \"Answer\",\n                \"text\": \"A tend\\u00eanca de cabelo cacheado para 2023 \\u00e9: Cabelo Cacheado Preto Longo, Cabelo Cacheado Preto M\\u00e9dio, Cabelo Cacheado Preto Curto, Cabelo Cacheado Preto azulado, Cabelo Cacheado Preto ametista, Cabelo Cacheado Preto com mechas, Cabelo Cacheado Preto com luzes, Cabelo Cacheado Preto dourado, Cabelo Cacheado Preto platinado, Cabelo Cacheado Preto e branco, Cabelo Cacheado Preto e vermelho, Cabelo Cacheado Preto natural, Cabelo Cacheado Preto repicado, Cabelo Cacheado Preto Masculino, Cabelo Cacheado Preto Feminino, Cabelo Cacheado Preto Infantil, Cabelo Cacheado Preto redondo, Cabelo Cacheado Preto para mulheres plus size, Cabelo Cacheado Preto para mulheres negras, Cabelo Cacheado Preto para jovens, Cabelo Cacheado Preto para morenas.\"\n            }\n        }\n    ]\n}<\/script>\n\n\n\n<h2 class=\"wp-block-heading\"><span class=\"ez-toc-section\" id=\"Qual_e_a_tendenca_de_cabelo_cacheado_2023\"><\/span>Quelle est la tendance cheveux boucl\u00e9s 2023 ?<span class=\"ez-toc-section-end\"><\/span><\/h2>\n\n\n\n<p>LA <strong>tendance cheveux boucl\u00e9s 2023<\/strong> Il est:<\/p>\n\n\n\n<ul class=\"wp-block-list\">\n<li>Longs cheveux boucl\u00e9s noirs<\/li>\n\n\n\n<li>Cheveux boucl\u00e9s noirs moyens<\/li>\n\n\n\n<li>Cheveux courts noirs boucl\u00e9s<\/li>\n\n\n\n<li>Cheveux boucl\u00e9s noirs bleus<\/li>\n\n\n\n<li>Cheveux boucl\u00e9s noirs am\u00e9thyste<\/li>\n\n\n\n<li>Cheveux boucl\u00e9s noirs avec des reflets<\/li>\n\n\n\n<li>Cheveux boucl\u00e9s noirs avec des reflets<\/li>\n\n\n\n<li>Cheveux boucl\u00e9s noirs dor\u00e9s<\/li>\n\n\n\n<li>cheveux boucl\u00e9s noir platine<\/li>\n\n\n\n<li>Cheveux boucl\u00e9s noirs et blancs<\/li>\n\n\n\n<li>Cheveux boucl\u00e9s noirs et rouges<\/li>\n\n\n\n<li>cheveux boucl\u00e9s noirs naturels<\/li>\n\n\n\n<li>Cheveux boucl\u00e9s noirs coup\u00e9s<\/li>\n\n\n\n<li>Cheveux boucl\u00e9s noirs pour hommes<\/li>\n\n\n\n<li>Cheveux boucl\u00e9s noirs f\u00e9minins<\/li>\n\n\n\n<li>Cheveux boucl\u00e9s noirs pour enfants<\/li>\n\n\n\n<li>Cheveux boucl\u00e9s noirs ronds<\/li>\n\n\n\n<li>Cheveux boucl\u00e9s noirs pour les femmes de grande taille<\/li>\n\n\n\n<li>Cheveux boucl\u00e9s noirs pour les femmes noires<\/li>\n\n\n\n<li>Cheveux boucl\u00e9s noirs pour les adolescents<\/li>\n\n\n\n<li>Cheveux boucl\u00e9s noirs pour les brunes<\/li>\n<\/ul>\n\n\n\n<script type=\"application\/ld+json\">{\n    \"@context\": \"https:\\\/\\\/schema.org\",\n    \"@type\": \"VideoObject\",\n    \"name\": \"Cabelo Cacheado Preto 2023 - Veja 50 Modelos de Cabelo Cacheado Preto\",\n    \"description\": \"O cabelo cacheado preto 2023 estar\\u00e1 na \\u00faltima moda no pr\\u00f3ximo ano, pois manter a curvatura natural dos fios tem sido o grande diferencial nos visuais das mulheres nos \\u00faltimos dias.\",\n    \"thumbnailUrl\": \"https:\\\/\\\/danidrops.com.br\\\/wp-content\\\/uploads\\\/2022\\\/12\\\/Cabelo-Cacheado-Preto-2023.jpg\",\n    \"uploadDate\": \"2022-12-13\",\n    \"duration\": \"PT3M23S\",\n    \"contentUrl\": \"https:\\\/\\\/youtu.be\\\/Ztf-lHdI-Ww\",\n    \"embedUrl\": \"https:\\\/\\\/youtu.be\\\/Ztf-lHdI-Ww\",\n    \"potentialAction\": {\n        \"@type\": \"SeekToAction\",\n        \"target\": \"https:\\\/\\\/youtu.be\\\/Ztf-lHdI-Ww={seek_to_second_number}\",\n        \"startOffset-input\": \"required name=seek_to_second_number\"\n    }\n}<\/script>\n\n\n\n<figure class=\"wp-block-embed is-type-video is-provider-youtube wp-block-embed-youtube wp-embed-aspect-16-9 wp-has-aspect-ratio\"><div class=\"wp-block-embed__wrapper\">\n<iframe loading=\"lazy\" title=\"Cheveux boucl\u00e9s noirs 2023 - Voir 50 mod\u00e8les de cheveux boucl\u00e9s noirs\" width=\"500\" height=\"281\" src=\"https:\/\/www.youtube.com\/embed\/Ztf-lHdI-Ww?feature=oembed\" frameborder=\"0\" allow=\"accelerometer; autoplay; clipboard-write; encrypted-media; gyroscope; picture-in-picture; web-share\" referrerpolicy=\"strict-origin-when-cross-origin\" allowfullscreen><\/iframe>\n<\/div><figcaption class=\"wp-element-caption\">Cheveux boucl\u00e9s noirs 2023 \u2013 Voir 50 mod\u00e8les de cheveux boucl\u00e9s noirs<\/figcaption><\/figure>\n\n\n\n<h2 class=\"wp-block-heading\"><span class=\"ez-toc-section\" id=\"Como_hidratar_o_cabelo_preto_cacheado\"><\/span>Comment hydrater les cheveux noirs boucl\u00e9s ?<span class=\"ez-toc-section-end\"><\/span><\/h2>\n\n\n\n<p>C&#039;est un fait que les cheveux boucl\u00e9s noirs de 2023 sont beaux et innovants, mais pour qu&#039;ils soient toujours brillants et beaux, il faut faire attention !<\/p>\n\n\n\n<figure class=\"wp-block-image size-full\"><img loading=\"lazy\" decoding=\"async\" width=\"760\" height=\"555\" src=\"https:\/\/danidrops.com.br\/wp-content\/uploads\/2022\/12\/03-Cabelo-Cacheado-Preto-2023.jpg\" alt=\"Cheveux boucl\u00e9s noirs 2023\" class=\"wp-image-56732\" title=\"\" srcset=\"https:\/\/danidrops.com.br\/wp-content\/uploads\/2022\/12\/03-Cabelo-Cacheado-Preto-2023.jpg 760w, https:\/\/danidrops.com.br\/wp-content\/uploads\/2022\/12\/03-Cabelo-Cacheado-Preto-2023-300x219.jpg 300w, https:\/\/danidrops.com.br\/wp-content\/uploads\/2022\/12\/03-Cabelo-Cacheado-Preto-2023-16x12.jpg 16w, https:\/\/danidrops.com.br\/wp-content\/uploads\/2022\/12\/03-Cabelo-Cacheado-Preto-2023-150x110.jpg 150w\" sizes=\"auto, (max-width: 760px) 100vw, 760px\" \/><figcaption class=\"wp-element-caption\">Cheveux boucl\u00e9s noirs 2023<\/figcaption><\/figure>\n\n\n\n<p>Pour que cette beaut\u00e9 soit toujours apparente, vous devez maintenir un programme capillaire complet avec vos boucles, en gardant l&#039;hydratation, la reconstruction et la nutrition toujours \u00e0 jour.<\/p>\n\n\n\n<figure class=\"wp-block-image size-full\"><img loading=\"lazy\" decoding=\"async\" width=\"760\" height=\"555\" src=\"https:\/\/danidrops.com.br\/wp-content\/uploads\/2022\/12\/01-Cabelo-Cacheado-Preto-2023.jpg\" alt=\"Cheveux boucl\u00e9s noirs 2023\" class=\"wp-image-56730\" title=\"\" srcset=\"https:\/\/danidrops.com.br\/wp-content\/uploads\/2022\/12\/01-Cabelo-Cacheado-Preto-2023.jpg 760w, https:\/\/danidrops.com.br\/wp-content\/uploads\/2022\/12\/01-Cabelo-Cacheado-Preto-2023-300x219.jpg 300w, https:\/\/danidrops.com.br\/wp-content\/uploads\/2022\/12\/01-Cabelo-Cacheado-Preto-2023-16x12.jpg 16w, https:\/\/danidrops.com.br\/wp-content\/uploads\/2022\/12\/01-Cabelo-Cacheado-Preto-2023-150x110.jpg 150w\" sizes=\"auto, (max-width: 760px) 100vw, 760px\" \/><figcaption class=\"wp-element-caption\">Cheveux boucl\u00e9s noirs 2023<\/figcaption><\/figure>\n\n\n\n<p>Pour hydrater vos cheveux boucl\u00e9s noirs de 2023, vous aurez besoin d&#039;un bon masque hydratant et aussi de certains produits sp\u00e9cifiques tels que des shampoings sans sulfate, des huiles v\u00e9g\u00e9tales pour hydrater, un protecteur thermique si n\u00e9cessaire, des apr\u00e8s-shampooings et des finisseurs. De plus, vous devez rester \u00e0 l&#039;\u00e9cart des sources de chaleur comme les s\u00e8che-cheveux et les fers \u00e0 friser.<\/p>\n\n\n\n<h2 class=\"wp-block-heading\"><span class=\"ez-toc-section\" id=\"Cabelo_Cacheado_Preto_Longo\"><\/span>Longs cheveux boucl\u00e9s noirs<span class=\"ez-toc-section-end\"><\/span><\/h2>\n\n\n\n<p>Les longs cheveux boucl\u00e9s noirs sont parfaits pour les femmes qui aiment le volume, car ils sont g\u00e9n\u00e9ralement coup\u00e9s en couches qui am\u00e9liorent le mouvement et le volume des m\u00e8ches de mani\u00e8re contr\u00f4l\u00e9e.<\/p>\n\n\n\n<figure class=\"wp-block-image size-full\"><img loading=\"lazy\" decoding=\"async\" width=\"760\" height=\"555\" src=\"https:\/\/danidrops.com.br\/wp-content\/uploads\/2022\/12\/07-Cabelo-Cacheado-Preto-Longo.jpg\" alt=\"Longs cheveux boucl\u00e9s noirs\" class=\"wp-image-56736\" title=\"\" srcset=\"https:\/\/danidrops.com.br\/wp-content\/uploads\/2022\/12\/07-Cabelo-Cacheado-Preto-Longo.jpg 760w, https:\/\/danidrops.com.br\/wp-content\/uploads\/2022\/12\/07-Cabelo-Cacheado-Preto-Longo-300x219.jpg 300w, https:\/\/danidrops.com.br\/wp-content\/uploads\/2022\/12\/07-Cabelo-Cacheado-Preto-Longo-16x12.jpg 16w, https:\/\/danidrops.com.br\/wp-content\/uploads\/2022\/12\/07-Cabelo-Cacheado-Preto-Longo-150x110.jpg 150w\" sizes=\"auto, (max-width: 760px) 100vw, 760px\" \/><figcaption class=\"wp-element-caption\">Longs cheveux boucl\u00e9s noirs<\/figcaption><\/figure>\n\n\n\n<figure class=\"wp-block-image size-full\"><img loading=\"lazy\" decoding=\"async\" width=\"760\" height=\"555\" src=\"https:\/\/danidrops.com.br\/wp-content\/uploads\/2022\/12\/06-Cabelo-Cacheado-Preto-Longo.jpg\" alt=\"Longs cheveux boucl\u00e9s noirs\" class=\"wp-image-56735\" title=\"\" srcset=\"https:\/\/danidrops.com.br\/wp-content\/uploads\/2022\/12\/06-Cabelo-Cacheado-Preto-Longo.jpg 760w, https:\/\/danidrops.com.br\/wp-content\/uploads\/2022\/12\/06-Cabelo-Cacheado-Preto-Longo-300x219.jpg 300w, https:\/\/danidrops.com.br\/wp-content\/uploads\/2022\/12\/06-Cabelo-Cacheado-Preto-Longo-16x12.jpg 16w, https:\/\/danidrops.com.br\/wp-content\/uploads\/2022\/12\/06-Cabelo-Cacheado-Preto-Longo-150x110.jpg 150w\" sizes=\"auto, (max-width: 760px) 100vw, 760px\" \/><figcaption class=\"wp-element-caption\">Longs cheveux boucl\u00e9s noirs<\/figcaption><\/figure>\n\n\n\n<h2 class=\"wp-block-heading\"><span class=\"ez-toc-section\" id=\"Cabelo_Cacheado_Preto_Medio\"><\/span>Cheveux boucl\u00e9s noirs moyens<span class=\"ez-toc-section-end\"><\/span><\/h2>\n\n\n\n<p>Les cheveux boucl\u00e9s noirs moyens sont les plus classiques et les plus trouv\u00e9s dans la rue, car les femmes recherchent de plus en plus de praticit\u00e9 et de modernit\u00e9 dans le choix des coupes de cheveux.<\/p>\n\n\n\n<figure class=\"wp-block-image size-full\"><img loading=\"lazy\" decoding=\"async\" width=\"760\" height=\"555\" src=\"https:\/\/danidrops.com.br\/wp-content\/uploads\/2022\/12\/09-Cabelo-Cacheado-Preto-Medio.jpg\" alt=\"Cheveux boucl\u00e9s noirs moyens\" class=\"wp-image-56738\" title=\"\" srcset=\"https:\/\/danidrops.com.br\/wp-content\/uploads\/2022\/12\/09-Cabelo-Cacheado-Preto-Medio.jpg 760w, https:\/\/danidrops.com.br\/wp-content\/uploads\/2022\/12\/09-Cabelo-Cacheado-Preto-Medio-300x219.jpg 300w, https:\/\/danidrops.com.br\/wp-content\/uploads\/2022\/12\/09-Cabelo-Cacheado-Preto-Medio-16x12.jpg 16w, https:\/\/danidrops.com.br\/wp-content\/uploads\/2022\/12\/09-Cabelo-Cacheado-Preto-Medio-150x110.jpg 150w\" sizes=\"auto, (max-width: 760px) 100vw, 760px\" \/><figcaption class=\"wp-element-caption\">Cheveux boucl\u00e9s noirs moyens<\/figcaption><\/figure>\n\n\n\n<figure class=\"wp-block-image size-full\"><img loading=\"lazy\" decoding=\"async\" width=\"760\" height=\"555\" src=\"https:\/\/danidrops.com.br\/wp-content\/uploads\/2022\/12\/08-Cabelo-Cacheado-Preto-Medio.jpg\" alt=\"Cheveux boucl\u00e9s noirs moyens\" class=\"wp-image-56737\" title=\"\" srcset=\"https:\/\/danidrops.com.br\/wp-content\/uploads\/2022\/12\/08-Cabelo-Cacheado-Preto-Medio.jpg 760w, https:\/\/danidrops.com.br\/wp-content\/uploads\/2022\/12\/08-Cabelo-Cacheado-Preto-Medio-300x219.jpg 300w, https:\/\/danidrops.com.br\/wp-content\/uploads\/2022\/12\/08-Cabelo-Cacheado-Preto-Medio-16x12.jpg 16w, https:\/\/danidrops.com.br\/wp-content\/uploads\/2022\/12\/08-Cabelo-Cacheado-Preto-Medio-150x110.jpg 150w\" sizes=\"auto, (max-width: 760px) 100vw, 760px\" \/><figcaption class=\"wp-element-caption\">Cheveux boucl\u00e9s noirs moyens<\/figcaption><\/figure>\n\n\n\n<h2 class=\"wp-block-heading\"><span class=\"ez-toc-section\" id=\"Cabelo_Cacheado_Preto_Curto\"><\/span>Cheveux courts noirs boucl\u00e9s<span class=\"ez-toc-section-end\"><\/span><\/h2>\n\n\n\n<p>Les cheveux noirs courts boucl\u00e9s seront un gros pari pour l&#039;ann\u00e9e 2023, car comme mentionn\u00e9 pr\u00e9c\u00e9demment, les femmes recherchent l&#039;aspect pratique pour leurs journ\u00e9es sans renoncer \u00e0 la beaut\u00e9 et au style.<\/p>\n\n\n\n<figure class=\"wp-block-image size-full\"><img loading=\"lazy\" decoding=\"async\" width=\"760\" height=\"555\" src=\"https:\/\/danidrops.com.br\/wp-content\/uploads\/2022\/12\/11-Cabelo-Cacheado-Preto-Curto.jpg\" alt=\"Cheveux courts noirs boucl\u00e9s\" class=\"wp-image-56740\" title=\"\" srcset=\"https:\/\/danidrops.com.br\/wp-content\/uploads\/2022\/12\/11-Cabelo-Cacheado-Preto-Curto.jpg 760w, https:\/\/danidrops.com.br\/wp-content\/uploads\/2022\/12\/11-Cabelo-Cacheado-Preto-Curto-300x219.jpg 300w, https:\/\/danidrops.com.br\/wp-content\/uploads\/2022\/12\/11-Cabelo-Cacheado-Preto-Curto-16x12.jpg 16w, https:\/\/danidrops.com.br\/wp-content\/uploads\/2022\/12\/11-Cabelo-Cacheado-Preto-Curto-150x110.jpg 150w\" sizes=\"auto, (max-width: 760px) 100vw, 760px\" \/><figcaption class=\"wp-element-caption\">Cheveux courts noirs boucl\u00e9s<\/figcaption><\/figure>\n\n\n\n<figure class=\"wp-block-image size-full\"><img loading=\"lazy\" decoding=\"async\" width=\"760\" height=\"555\" src=\"https:\/\/danidrops.com.br\/wp-content\/uploads\/2022\/12\/10-Cabelo-Cacheado-Preto-Curto.jpg\" alt=\"Cheveux courts noirs boucl\u00e9s\" class=\"wp-image-56739\" title=\"\" srcset=\"https:\/\/danidrops.com.br\/wp-content\/uploads\/2022\/12\/10-Cabelo-Cacheado-Preto-Curto.jpg 760w, https:\/\/danidrops.com.br\/wp-content\/uploads\/2022\/12\/10-Cabelo-Cacheado-Preto-Curto-300x219.jpg 300w, https:\/\/danidrops.com.br\/wp-content\/uploads\/2022\/12\/10-Cabelo-Cacheado-Preto-Curto-16x12.jpg 16w, https:\/\/danidrops.com.br\/wp-content\/uploads\/2022\/12\/10-Cabelo-Cacheado-Preto-Curto-150x110.jpg 150w\" sizes=\"auto, (max-width: 760px) 100vw, 760px\" \/><figcaption class=\"wp-element-caption\">Cheveux courts noirs boucl\u00e9s<\/figcaption><\/figure>\n\n\n\n<h2 class=\"wp-block-heading\"><span class=\"ez-toc-section\" id=\"Cabelo_Cacheado_Preto_azulado\"><\/span>Cheveux boucl\u00e9s noirs bleus<span class=\"ez-toc-section-end\"><\/span><\/h2>\n\n\n\n<p>Les cheveux boucl\u00e9s noirs bleut\u00e9s se marient parfaitement avec les tons de peau froids et pour ne pas manquer le choix, observez le ton de vos veines sur vos poignets, car certaines personnes associent des tons bleut\u00e9s et d&#039;autres des tons violac\u00e9s. En plus d&#039;\u00eatre beaux, les cheveux boucl\u00e9s noir bleut\u00e9 2023 ont plus de brillance que le noir classique, surtout lorsqu&#039;ils sont observ\u00e9s au soleil.<\/p>\n\n\n\n<figure class=\"wp-block-image size-full\"><img loading=\"lazy\" decoding=\"async\" width=\"760\" height=\"555\" src=\"https:\/\/danidrops.com.br\/wp-content\/uploads\/2022\/12\/13-Cabelo-Cacheado-Preto-azulado.jpg\" alt=\"Cheveux boucl\u00e9s noirs bleus\" class=\"wp-image-56742\" title=\"\" srcset=\"https:\/\/danidrops.com.br\/wp-content\/uploads\/2022\/12\/13-Cabelo-Cacheado-Preto-azulado.jpg 760w, https:\/\/danidrops.com.br\/wp-content\/uploads\/2022\/12\/13-Cabelo-Cacheado-Preto-azulado-300x219.jpg 300w, https:\/\/danidrops.com.br\/wp-content\/uploads\/2022\/12\/13-Cabelo-Cacheado-Preto-azulado-16x12.jpg 16w, https:\/\/danidrops.com.br\/wp-content\/uploads\/2022\/12\/13-Cabelo-Cacheado-Preto-azulado-150x110.jpg 150w\" sizes=\"auto, (max-width: 760px) 100vw, 760px\" \/><figcaption class=\"wp-element-caption\">Cheveux boucl\u00e9s noirs bleus<\/figcaption><\/figure>\n\n\n\n<figure class=\"wp-block-image size-full\"><img loading=\"lazy\" decoding=\"async\" width=\"760\" height=\"555\" src=\"https:\/\/danidrops.com.br\/wp-content\/uploads\/2022\/12\/12-Cabelo-Cacheado-Preto-azulado.jpg\" alt=\"Cheveux boucl\u00e9s noirs bleus\" class=\"wp-image-56741\" title=\"\" srcset=\"https:\/\/danidrops.com.br\/wp-content\/uploads\/2022\/12\/12-Cabelo-Cacheado-Preto-azulado.jpg 760w, https:\/\/danidrops.com.br\/wp-content\/uploads\/2022\/12\/12-Cabelo-Cacheado-Preto-azulado-300x219.jpg 300w, https:\/\/danidrops.com.br\/wp-content\/uploads\/2022\/12\/12-Cabelo-Cacheado-Preto-azulado-16x12.jpg 16w, https:\/\/danidrops.com.br\/wp-content\/uploads\/2022\/12\/12-Cabelo-Cacheado-Preto-azulado-150x110.jpg 150w\" sizes=\"auto, (max-width: 760px) 100vw, 760px\" \/><figcaption class=\"wp-element-caption\">Cheveux boucl\u00e9s noirs bleus<\/figcaption><\/figure>\n\n\n\n<h2 class=\"wp-block-heading\"><span class=\"ez-toc-section\" id=\"Cabelo_Cacheado_Preto_ametista\"><\/span>Cheveux boucl\u00e9s noirs am\u00e9thyste<span class=\"ez-toc-section-end\"><\/span><\/h2>\n\n\n\n<p>Les cheveux boucl\u00e9s noirs am\u00e9thyste sont ceux avec le fond violet. C&#039;est une couleur moins commune que le noir bleut\u00e9, mais c&#039;est tout aussi beau et moderne.<\/p>\n\n\n\n<figure class=\"wp-block-image size-full\"><img loading=\"lazy\" decoding=\"async\" width=\"760\" height=\"555\" src=\"https:\/\/danidrops.com.br\/wp-content\/uploads\/2022\/12\/15-Cabelo-Cacheado-Preto-ametista.jpg\" alt=\"Cheveux boucl\u00e9s noirs am\u00e9thyste\" class=\"wp-image-56744\" title=\"\" srcset=\"https:\/\/danidrops.com.br\/wp-content\/uploads\/2022\/12\/15-Cabelo-Cacheado-Preto-ametista.jpg 760w, https:\/\/danidrops.com.br\/wp-content\/uploads\/2022\/12\/15-Cabelo-Cacheado-Preto-ametista-300x219.jpg 300w, https:\/\/danidrops.com.br\/wp-content\/uploads\/2022\/12\/15-Cabelo-Cacheado-Preto-ametista-16x12.jpg 16w, https:\/\/danidrops.com.br\/wp-content\/uploads\/2022\/12\/15-Cabelo-Cacheado-Preto-ametista-150x110.jpg 150w\" sizes=\"auto, (max-width: 760px) 100vw, 760px\" \/><figcaption class=\"wp-element-caption\">Cheveux boucl\u00e9s noirs am\u00e9thyste<\/figcaption><\/figure>\n\n\n\n<figure class=\"wp-block-image size-full\"><img loading=\"lazy\" decoding=\"async\" width=\"760\" height=\"555\" src=\"https:\/\/danidrops.com.br\/wp-content\/uploads\/2022\/12\/14-Cabelo-Cacheado-Preto-ametista.jpg\" alt=\"Cheveux boucl\u00e9s noirs am\u00e9thyste\" class=\"wp-image-56743\" title=\"\" srcset=\"https:\/\/danidrops.com.br\/wp-content\/uploads\/2022\/12\/14-Cabelo-Cacheado-Preto-ametista.jpg 760w, https:\/\/danidrops.com.br\/wp-content\/uploads\/2022\/12\/14-Cabelo-Cacheado-Preto-ametista-300x219.jpg 300w, https:\/\/danidrops.com.br\/wp-content\/uploads\/2022\/12\/14-Cabelo-Cacheado-Preto-ametista-16x12.jpg 16w, https:\/\/danidrops.com.br\/wp-content\/uploads\/2022\/12\/14-Cabelo-Cacheado-Preto-ametista-150x110.jpg 150w\" sizes=\"auto, (max-width: 760px) 100vw, 760px\" \/><figcaption class=\"wp-element-caption\">Cheveux boucl\u00e9s noirs am\u00e9thyste<\/figcaption><\/figure>\n\n\n\n<h2 class=\"wp-block-heading\"><span class=\"ez-toc-section\" id=\"Cabelo_Cacheado_Preto_com_mechas\"><\/span>Cheveux boucl\u00e9s noirs avec des reflets<span class=\"ez-toc-section-end\"><\/span><\/h2>\n\n\n\n<p>Beaucoup de gens croient que les cheveux noirs doivent \u00eatre monochromes, mais ce n&#039;est pas vrai, car les cheveux noirs boucl\u00e9s avec des reflets sont parfaits et tr\u00e8s modernes. Les reflets peuvent \u00eatre r\u00e9alis\u00e9s dans de nombreuses couleurs diff\u00e9rentes en fonction de vos pr\u00e9f\u00e9rences personnelles et les couleurs les plus couramment utilis\u00e9es sont le bordeaux, le violet, le bleu, le blond fonc\u00e9, le gris et le miel.<\/p>\n\n\n\n<figure class=\"wp-block-image size-full\"><img loading=\"lazy\" decoding=\"async\" width=\"760\" height=\"555\" src=\"https:\/\/danidrops.com.br\/wp-content\/uploads\/2022\/12\/17-Cabelo-Cacheado-Preto-com-mechas.jpg\" alt=\"Cheveux boucl\u00e9s noirs avec des reflets\" class=\"wp-image-56746\" title=\"\" srcset=\"https:\/\/danidrops.com.br\/wp-content\/uploads\/2022\/12\/17-Cabelo-Cacheado-Preto-com-mechas.jpg 760w, https:\/\/danidrops.com.br\/wp-content\/uploads\/2022\/12\/17-Cabelo-Cacheado-Preto-com-mechas-300x219.jpg 300w, https:\/\/danidrops.com.br\/wp-content\/uploads\/2022\/12\/17-Cabelo-Cacheado-Preto-com-mechas-16x12.jpg 16w, https:\/\/danidrops.com.br\/wp-content\/uploads\/2022\/12\/17-Cabelo-Cacheado-Preto-com-mechas-150x110.jpg 150w\" sizes=\"auto, (max-width: 760px) 100vw, 760px\" \/><figcaption class=\"wp-element-caption\">Cheveux boucl\u00e9s noirs avec des reflets<\/figcaption><\/figure>\n\n\n\n<figure class=\"wp-block-image size-full\"><img loading=\"lazy\" decoding=\"async\" width=\"760\" height=\"555\" src=\"https:\/\/danidrops.com.br\/wp-content\/uploads\/2022\/12\/16-Cabelo-Cacheado-Preto-com-mechas.jpg\" alt=\"Cheveux boucl\u00e9s noirs avec des reflets\" class=\"wp-image-56745\" title=\"\" srcset=\"https:\/\/danidrops.com.br\/wp-content\/uploads\/2022\/12\/16-Cabelo-Cacheado-Preto-com-mechas.jpg 760w, https:\/\/danidrops.com.br\/wp-content\/uploads\/2022\/12\/16-Cabelo-Cacheado-Preto-com-mechas-300x219.jpg 300w, https:\/\/danidrops.com.br\/wp-content\/uploads\/2022\/12\/16-Cabelo-Cacheado-Preto-com-mechas-16x12.jpg 16w, https:\/\/danidrops.com.br\/wp-content\/uploads\/2022\/12\/16-Cabelo-Cacheado-Preto-com-mechas-150x110.jpg 150w\" sizes=\"auto, (max-width: 760px) 100vw, 760px\" \/><figcaption class=\"wp-element-caption\">Cheveux boucl\u00e9s noirs avec des reflets<\/figcaption><\/figure>\n\n\n\n<h2 class=\"wp-block-heading\"><span class=\"ez-toc-section\" id=\"Cabelo_Cacheado_Preto_com_luzes\"><\/span>Cheveux boucl\u00e9s noirs avec des reflets<span class=\"ez-toc-section-end\"><\/span><\/h2>\n\n\n\n<p>Tout comme les m\u00e8ches, les cheveux boucl\u00e9s noirs avec des lumi\u00e8res sont les bienvenus pour les femmes audacieuses et jeunes, car ils illuminent le look d&#039;une mani\u00e8re discr\u00e8te et belle. Les lumi\u00e8res peuvent \u00eatre tr\u00e8s vives ou plus discr\u00e8tes selon le r\u00e9sultat que la femme souhaite dans l&#039;\u00e9clairage des fils.<\/p>\n\n\n\n<figure class=\"wp-block-image size-full\"><img loading=\"lazy\" decoding=\"async\" width=\"760\" height=\"555\" src=\"https:\/\/danidrops.com.br\/wp-content\/uploads\/2022\/12\/19-Cabelo-Cacheado-Preto-com-luzez.jpg\" alt=\"Cheveux boucl\u00e9s noirs avec des reflets\" class=\"wp-image-56748\" title=\"\" srcset=\"https:\/\/danidrops.com.br\/wp-content\/uploads\/2022\/12\/19-Cabelo-Cacheado-Preto-com-luzez.jpg 760w, https:\/\/danidrops.com.br\/wp-content\/uploads\/2022\/12\/19-Cabelo-Cacheado-Preto-com-luzez-300x219.jpg 300w, https:\/\/danidrops.com.br\/wp-content\/uploads\/2022\/12\/19-Cabelo-Cacheado-Preto-com-luzez-16x12.jpg 16w, https:\/\/danidrops.com.br\/wp-content\/uploads\/2022\/12\/19-Cabelo-Cacheado-Preto-com-luzez-150x110.jpg 150w\" sizes=\"auto, (max-width: 760px) 100vw, 760px\" \/><figcaption class=\"wp-element-caption\">Cheveux boucl\u00e9s noirs avec des reflets<\/figcaption><\/figure>\n\n\n\n<figure class=\"wp-block-image size-full\"><img loading=\"lazy\" decoding=\"async\" width=\"760\" height=\"555\" src=\"https:\/\/danidrops.com.br\/wp-content\/uploads\/2022\/12\/18-Cabelo-Cacheado-Preto-com-luzez.jpg\" alt=\"Cheveux boucl\u00e9s noirs avec des reflets\" class=\"wp-image-56747\" title=\"\" srcset=\"https:\/\/danidrops.com.br\/wp-content\/uploads\/2022\/12\/18-Cabelo-Cacheado-Preto-com-luzez.jpg 760w, https:\/\/danidrops.com.br\/wp-content\/uploads\/2022\/12\/18-Cabelo-Cacheado-Preto-com-luzez-300x219.jpg 300w, https:\/\/danidrops.com.br\/wp-content\/uploads\/2022\/12\/18-Cabelo-Cacheado-Preto-com-luzez-16x12.jpg 16w, https:\/\/danidrops.com.br\/wp-content\/uploads\/2022\/12\/18-Cabelo-Cacheado-Preto-com-luzez-150x110.jpg 150w\" sizes=\"auto, (max-width: 760px) 100vw, 760px\" \/><figcaption class=\"wp-element-caption\">Cheveux boucl\u00e9s noirs avec des reflets<\/figcaption><\/figure>\n\n\n\n<h2 class=\"wp-block-heading\"><span class=\"ez-toc-section\" id=\"Cabelo_Cacheado_Preto_dourado\"><\/span>Cheveux boucl\u00e9s noirs dor\u00e9s<span class=\"ez-toc-section-end\"><\/span><\/h2>\n\n\n\n<p>L&#039;or est une couleur qui illumine magnifiquement et puissamment tout type de fond de cheveux. Les cheveux boucl\u00e9s noirs 2023 avec \u00e9clairage dor\u00e9 offrent un look luxueux et tr\u00e8s beau, qui apporte harmonieusement vie et joie au visage.<\/p>\n\n\n\n<figure class=\"wp-block-image size-full\"><img loading=\"lazy\" decoding=\"async\" width=\"760\" height=\"555\" src=\"https:\/\/danidrops.com.br\/wp-content\/uploads\/2022\/12\/21-Cabelo-Cacheado-Preto-dourado.jpg\" alt=\"Cheveux boucl\u00e9s noirs dor\u00e9s\" class=\"wp-image-56750\" title=\"\" srcset=\"https:\/\/danidrops.com.br\/wp-content\/uploads\/2022\/12\/21-Cabelo-Cacheado-Preto-dourado.jpg 760w, https:\/\/danidrops.com.br\/wp-content\/uploads\/2022\/12\/21-Cabelo-Cacheado-Preto-dourado-300x219.jpg 300w, https:\/\/danidrops.com.br\/wp-content\/uploads\/2022\/12\/21-Cabelo-Cacheado-Preto-dourado-16x12.jpg 16w, https:\/\/danidrops.com.br\/wp-content\/uploads\/2022\/12\/21-Cabelo-Cacheado-Preto-dourado-150x110.jpg 150w\" sizes=\"auto, (max-width: 760px) 100vw, 760px\" \/><figcaption class=\"wp-element-caption\">Cheveux boucl\u00e9s noirs dor\u00e9s<\/figcaption><\/figure>\n\n\n\n<figure class=\"wp-block-image size-full\"><img loading=\"lazy\" decoding=\"async\" width=\"760\" height=\"555\" src=\"https:\/\/danidrops.com.br\/wp-content\/uploads\/2022\/12\/20-Cabelo-Cacheado-Preto-dourado.jpg\" alt=\"Cheveux boucl\u00e9s noirs dor\u00e9s\" class=\"wp-image-56749\" title=\"\" srcset=\"https:\/\/danidrops.com.br\/wp-content\/uploads\/2022\/12\/20-Cabelo-Cacheado-Preto-dourado.jpg 760w, https:\/\/danidrops.com.br\/wp-content\/uploads\/2022\/12\/20-Cabelo-Cacheado-Preto-dourado-300x219.jpg 300w, https:\/\/danidrops.com.br\/wp-content\/uploads\/2022\/12\/20-Cabelo-Cacheado-Preto-dourado-16x12.jpg 16w, https:\/\/danidrops.com.br\/wp-content\/uploads\/2022\/12\/20-Cabelo-Cacheado-Preto-dourado-150x110.jpg 150w\" sizes=\"auto, (max-width: 760px) 100vw, 760px\" \/><figcaption class=\"wp-element-caption\">Cheveux boucl\u00e9s noirs dor\u00e9s<\/figcaption><\/figure>\n\n\n\n<h2 class=\"wp-block-heading\"><span class=\"ez-toc-section\" id=\"Cabelo_Cacheado_Preto_platinado\"><\/span>cheveux boucl\u00e9s noir platine<span class=\"ez-toc-section-end\"><\/span><\/h2>\n\n\n\n<p>Les cheveux boucl\u00e9s noir platine sont une nuance \u00e9claircissante pour les femmes qui n&#039;ont pas peur du changement, car le contraste entre les nuances est tr\u00e8s \u00e9lev\u00e9. Bien qu&#039;ils soient tr\u00e8s beaux, ce type de cheveux boucl\u00e9s noirs 2023 n\u00e9cessite des soins suppl\u00e9mentaires en termes d&#039;hydratation.<\/p>\n\n\n\n<figure class=\"wp-block-image size-full\"><img loading=\"lazy\" decoding=\"async\" width=\"760\" height=\"555\" src=\"https:\/\/danidrops.com.br\/wp-content\/uploads\/2022\/12\/23-Cabelo-Cacheado-Preto-platinado.jpg\" alt=\"cheveux boucl\u00e9s noir platine\" class=\"wp-image-56752\" title=\"\" srcset=\"https:\/\/danidrops.com.br\/wp-content\/uploads\/2022\/12\/23-Cabelo-Cacheado-Preto-platinado.jpg 760w, https:\/\/danidrops.com.br\/wp-content\/uploads\/2022\/12\/23-Cabelo-Cacheado-Preto-platinado-300x219.jpg 300w, https:\/\/danidrops.com.br\/wp-content\/uploads\/2022\/12\/23-Cabelo-Cacheado-Preto-platinado-16x12.jpg 16w, https:\/\/danidrops.com.br\/wp-content\/uploads\/2022\/12\/23-Cabelo-Cacheado-Preto-platinado-150x110.jpg 150w\" sizes=\"auto, (max-width: 760px) 100vw, 760px\" \/><figcaption class=\"wp-element-caption\">cheveux boucl\u00e9s noir platine<\/figcaption><\/figure>\n\n\n\n<figure class=\"wp-block-image size-full\"><img loading=\"lazy\" decoding=\"async\" width=\"760\" height=\"555\" src=\"https:\/\/danidrops.com.br\/wp-content\/uploads\/2022\/12\/22-Cabelo-Cacheado-Preto-platinado.jpg\" alt=\"cheveux boucl\u00e9s noir platine\" class=\"wp-image-56751\" title=\"\" srcset=\"https:\/\/danidrops.com.br\/wp-content\/uploads\/2022\/12\/22-Cabelo-Cacheado-Preto-platinado.jpg 760w, https:\/\/danidrops.com.br\/wp-content\/uploads\/2022\/12\/22-Cabelo-Cacheado-Preto-platinado-300x219.jpg 300w, https:\/\/danidrops.com.br\/wp-content\/uploads\/2022\/12\/22-Cabelo-Cacheado-Preto-platinado-16x12.jpg 16w, https:\/\/danidrops.com.br\/wp-content\/uploads\/2022\/12\/22-Cabelo-Cacheado-Preto-platinado-150x110.jpg 150w\" sizes=\"auto, (max-width: 760px) 100vw, 760px\" \/><figcaption class=\"wp-element-caption\">cheveux boucl\u00e9s noir platine<\/figcaption><\/figure>\n\n\n\n<h2 class=\"wp-block-heading\"><span class=\"ez-toc-section\" id=\"Cabelo_Cacheado_Preto_e_branco\"><\/span>Cheveux boucl\u00e9s noirs et blancs<span class=\"ez-toc-section-end\"><\/span><\/h2>\n\n\n\n<p>Si vous choisissez de colorer vos cheveux boucl\u00e9s en noir et blanc, vous pouvez par exemple ne faire que deux m\u00e8ches avant ou quelques m\u00e8ches \u00e0 intervalles sporadiques pour apporter style et audace \u00e0 votre look.<\/p>\n\n\n\n<figure class=\"wp-block-image size-full\"><img loading=\"lazy\" decoding=\"async\" width=\"760\" height=\"555\" src=\"https:\/\/danidrops.com.br\/wp-content\/uploads\/2022\/12\/25-Cabelo-Cacheado-Preto-e-branco.jpg\" alt=\"Cheveux boucl\u00e9s noirs et blancs\" class=\"wp-image-56754\" title=\"\" srcset=\"https:\/\/danidrops.com.br\/wp-content\/uploads\/2022\/12\/25-Cabelo-Cacheado-Preto-e-branco.jpg 760w, https:\/\/danidrops.com.br\/wp-content\/uploads\/2022\/12\/25-Cabelo-Cacheado-Preto-e-branco-300x219.jpg 300w, https:\/\/danidrops.com.br\/wp-content\/uploads\/2022\/12\/25-Cabelo-Cacheado-Preto-e-branco-16x12.jpg 16w, https:\/\/danidrops.com.br\/wp-content\/uploads\/2022\/12\/25-Cabelo-Cacheado-Preto-e-branco-150x110.jpg 150w\" sizes=\"auto, (max-width: 760px) 100vw, 760px\" \/><figcaption class=\"wp-element-caption\">Cheveux boucl\u00e9s noirs et blancs<\/figcaption><\/figure>\n\n\n\n<figure class=\"wp-block-image size-full\"><img loading=\"lazy\" decoding=\"async\" width=\"760\" height=\"555\" src=\"https:\/\/danidrops.com.br\/wp-content\/uploads\/2022\/12\/24-Cabelo-Cacheado-Preto-e-branco.jpg\" alt=\"Cheveux boucl\u00e9s noirs et blancs\" class=\"wp-image-56753\" title=\"\" srcset=\"https:\/\/danidrops.com.br\/wp-content\/uploads\/2022\/12\/24-Cabelo-Cacheado-Preto-e-branco.jpg 760w, https:\/\/danidrops.com.br\/wp-content\/uploads\/2022\/12\/24-Cabelo-Cacheado-Preto-e-branco-300x219.jpg 300w, https:\/\/danidrops.com.br\/wp-content\/uploads\/2022\/12\/24-Cabelo-Cacheado-Preto-e-branco-16x12.jpg 16w, https:\/\/danidrops.com.br\/wp-content\/uploads\/2022\/12\/24-Cabelo-Cacheado-Preto-e-branco-150x110.jpg 150w\" sizes=\"auto, (max-width: 760px) 100vw, 760px\" \/><figcaption class=\"wp-element-caption\">Cheveux boucl\u00e9s noirs et blancs<\/figcaption><\/figure>\n\n\n\n<h2 class=\"wp-block-heading\"><span class=\"ez-toc-section\" id=\"Cabelo_Cacheado_Preto_e_vermelho\"><\/span>Cheveux boucl\u00e9s noirs et rouges<span class=\"ez-toc-section-end\"><\/span><\/h2>\n\n\n\n<p>Les cheveux boucl\u00e9s noirs et rouges sont puissants et tr\u00e8s tendance. On le voit en m\u00e8ches ou en lumi\u00e8res avec les cheveux sur fond noir, ce qui cr\u00e9e l&#039;illusion d&#039;une couleur intense et tr\u00e8s saisissante. De plus, vous pouvez utiliser diff\u00e9rentes nuances de rouge, des plus intenses et claires aux plus ferm\u00e9es et sombres.<\/p>\n\n\n\n<figure class=\"wp-block-image size-full\"><img loading=\"lazy\" decoding=\"async\" width=\"760\" height=\"555\" src=\"https:\/\/danidrops.com.br\/wp-content\/uploads\/2022\/12\/27-Cabelo-Cacheado-Preto-e-vermelho.jpg\" alt=\"Cheveux boucl\u00e9s noirs et rouges\" class=\"wp-image-56756\" title=\"\" srcset=\"https:\/\/danidrops.com.br\/wp-content\/uploads\/2022\/12\/27-Cabelo-Cacheado-Preto-e-vermelho.jpg 760w, https:\/\/danidrops.com.br\/wp-content\/uploads\/2022\/12\/27-Cabelo-Cacheado-Preto-e-vermelho-300x219.jpg 300w, https:\/\/danidrops.com.br\/wp-content\/uploads\/2022\/12\/27-Cabelo-Cacheado-Preto-e-vermelho-16x12.jpg 16w, https:\/\/danidrops.com.br\/wp-content\/uploads\/2022\/12\/27-Cabelo-Cacheado-Preto-e-vermelho-150x110.jpg 150w\" sizes=\"auto, (max-width: 760px) 100vw, 760px\" \/><figcaption class=\"wp-element-caption\">Cheveux boucl\u00e9s noirs et rouges<\/figcaption><\/figure>\n\n\n\n<figure class=\"wp-block-image size-full\"><img loading=\"lazy\" decoding=\"async\" width=\"760\" height=\"555\" src=\"https:\/\/danidrops.com.br\/wp-content\/uploads\/2022\/12\/26-Cabelo-Cacheado-Preto-e-vermelho.jpg\" alt=\"Cheveux boucl\u00e9s noirs et rouges\" class=\"wp-image-56755\" title=\"\" srcset=\"https:\/\/danidrops.com.br\/wp-content\/uploads\/2022\/12\/26-Cabelo-Cacheado-Preto-e-vermelho.jpg 760w, https:\/\/danidrops.com.br\/wp-content\/uploads\/2022\/12\/26-Cabelo-Cacheado-Preto-e-vermelho-300x219.jpg 300w, https:\/\/danidrops.com.br\/wp-content\/uploads\/2022\/12\/26-Cabelo-Cacheado-Preto-e-vermelho-16x12.jpg 16w, https:\/\/danidrops.com.br\/wp-content\/uploads\/2022\/12\/26-Cabelo-Cacheado-Preto-e-vermelho-150x110.jpg 150w\" sizes=\"auto, (max-width: 760px) 100vw, 760px\" \/><figcaption class=\"wp-element-caption\">Cheveux boucl\u00e9s noirs et rouges<\/figcaption><\/figure>\n\n\n\n<h2 class=\"wp-block-heading\"><span class=\"ez-toc-section\" id=\"Cabelo_Cacheado_Preto_natural\"><\/span>cheveux boucl\u00e9s noirs naturels<span class=\"ez-toc-section-end\"><\/span><\/h2>\n\n\n\n<p>Les cheveux boucl\u00e9s noirs naturels sont tr\u00e8s beaux et ont souvent un \u00e9clat surr\u00e9aliste. Les courbes se distinguent par la brillance et les virages des boucles et le volume est principalement responsable du mouvement et de la beaut\u00e9 des m\u00e8ches.<\/p>\n\n\n\n<figure class=\"wp-block-image size-full\"><img loading=\"lazy\" decoding=\"async\" width=\"760\" height=\"555\" src=\"https:\/\/danidrops.com.br\/wp-content\/uploads\/2022\/12\/31-Cabelo-Cacheado-Preto-natural.jpg\" alt=\"cheveux boucl\u00e9s noirs naturels\" class=\"wp-image-56760\" title=\"\" srcset=\"https:\/\/danidrops.com.br\/wp-content\/uploads\/2022\/12\/31-Cabelo-Cacheado-Preto-natural.jpg 760w, https:\/\/danidrops.com.br\/wp-content\/uploads\/2022\/12\/31-Cabelo-Cacheado-Preto-natural-300x219.jpg 300w, https:\/\/danidrops.com.br\/wp-content\/uploads\/2022\/12\/31-Cabelo-Cacheado-Preto-natural-16x12.jpg 16w, https:\/\/danidrops.com.br\/wp-content\/uploads\/2022\/12\/31-Cabelo-Cacheado-Preto-natural-150x110.jpg 150w\" sizes=\"auto, (max-width: 760px) 100vw, 760px\" \/><figcaption class=\"wp-element-caption\">cheveux boucl\u00e9s noirs naturels<\/figcaption><\/figure>\n\n\n\n<figure class=\"wp-block-image size-full\"><img loading=\"lazy\" decoding=\"async\" width=\"760\" height=\"555\" src=\"https:\/\/danidrops.com.br\/wp-content\/uploads\/2022\/12\/30-Cabelo-Cacheado-Preto-natural.jpg\" alt=\"cheveux boucl\u00e9s noirs naturels\" class=\"wp-image-56759\" title=\"\" srcset=\"https:\/\/danidrops.com.br\/wp-content\/uploads\/2022\/12\/30-Cabelo-Cacheado-Preto-natural.jpg 760w, https:\/\/danidrops.com.br\/wp-content\/uploads\/2022\/12\/30-Cabelo-Cacheado-Preto-natural-300x219.jpg 300w, https:\/\/danidrops.com.br\/wp-content\/uploads\/2022\/12\/30-Cabelo-Cacheado-Preto-natural-16x12.jpg 16w, https:\/\/danidrops.com.br\/wp-content\/uploads\/2022\/12\/30-Cabelo-Cacheado-Preto-natural-150x110.jpg 150w\" sizes=\"auto, (max-width: 760px) 100vw, 760px\" \/><figcaption class=\"wp-element-caption\">cheveux boucl\u00e9s noirs naturels<\/figcaption><\/figure>\n\n\n\n<h2 class=\"wp-block-heading\"><span class=\"ez-toc-section\" id=\"Cabelo_Cacheado_Preto_repicado\"><\/span>Cheveux boucl\u00e9s noirs coup\u00e9s<span class=\"ez-toc-section-end\"><\/span><\/h2>\n\n\n\n<p>Les cheveux boucl\u00e9s noirs au fini d\u00e9grad\u00e9 sont les plus classiques de tous, car pour que les boucles aient une d\u00e9finition et un volume ma\u00eetris\u00e9, une bonne coupe d\u00e9grad\u00e9e est n\u00e9cessaire. Les couches de la coupe de cheveux boucl\u00e9s noirs 2023 peuvent \u00eatre discr\u00e8tes ou frappantes, c&#039;est-\u00e0-dire que tout d\u00e9pend du volume que vous souhaitez.<\/p>\n\n\n\n<figure class=\"wp-block-image size-full\"><img loading=\"lazy\" decoding=\"async\" width=\"760\" height=\"555\" src=\"https:\/\/danidrops.com.br\/wp-content\/uploads\/2022\/12\/33-Cabelo-Cacheado-Preto-repicado.jpg\" alt=\"Cheveux boucl\u00e9s noirs coup\u00e9s\" class=\"wp-image-56762\" title=\"\" srcset=\"https:\/\/danidrops.com.br\/wp-content\/uploads\/2022\/12\/33-Cabelo-Cacheado-Preto-repicado.jpg 760w, https:\/\/danidrops.com.br\/wp-content\/uploads\/2022\/12\/33-Cabelo-Cacheado-Preto-repicado-300x219.jpg 300w, https:\/\/danidrops.com.br\/wp-content\/uploads\/2022\/12\/33-Cabelo-Cacheado-Preto-repicado-16x12.jpg 16w, https:\/\/danidrops.com.br\/wp-content\/uploads\/2022\/12\/33-Cabelo-Cacheado-Preto-repicado-150x110.jpg 150w\" sizes=\"auto, (max-width: 760px) 100vw, 760px\" \/><figcaption class=\"wp-element-caption\">Cheveux boucl\u00e9s noirs coup\u00e9s<\/figcaption><\/figure>\n\n\n\n<figure class=\"wp-block-image size-full\"><img loading=\"lazy\" decoding=\"async\" width=\"760\" height=\"555\" src=\"https:\/\/danidrops.com.br\/wp-content\/uploads\/2022\/12\/32-Cabelo-Cacheado-Preto-repicado.jpg\" alt=\"Cheveux boucl\u00e9s noirs coup\u00e9s\" class=\"wp-image-56761\" title=\"\" srcset=\"https:\/\/danidrops.com.br\/wp-content\/uploads\/2022\/12\/32-Cabelo-Cacheado-Preto-repicado.jpg 760w, https:\/\/danidrops.com.br\/wp-content\/uploads\/2022\/12\/32-Cabelo-Cacheado-Preto-repicado-300x219.jpg 300w, https:\/\/danidrops.com.br\/wp-content\/uploads\/2022\/12\/32-Cabelo-Cacheado-Preto-repicado-16x12.jpg 16w, https:\/\/danidrops.com.br\/wp-content\/uploads\/2022\/12\/32-Cabelo-Cacheado-Preto-repicado-150x110.jpg 150w\" sizes=\"auto, (max-width: 760px) 100vw, 760px\" \/><figcaption class=\"wp-element-caption\">Cheveux boucl\u00e9s noirs coup\u00e9s<\/figcaption><\/figure>\n\n\n\n<h2 class=\"wp-block-heading\"><span class=\"ez-toc-section\" id=\"Cabelo_Cacheado_Preto_Masculino\"><\/span>Cheveux boucl\u00e9s noirs pour hommes<span class=\"ez-toc-section-end\"><\/span><\/h2>\n\n\n\n<p>Les cheveux boucl\u00e9s noirs des hommes sont les plus classiques et traditionnels et peuvent avoir diff\u00e9rentes courbures, des plus larges aux plus ferm\u00e9es et d\u00e9finies. Les coupes sont \u00e9galement diverses et chaque type de coupe sert \u00e0 mettre en valeur un type de courbure de cheveux boucl\u00e9s noirs 2023.<\/p>\n\n\n\n<figure class=\"wp-block-image size-full\"><img loading=\"lazy\" decoding=\"async\" width=\"760\" height=\"555\" src=\"https:\/\/danidrops.com.br\/wp-content\/uploads\/2022\/12\/35-Cabelo-Cacheado-Preto-Masculino.jpg\" alt=\"Cheveux boucl\u00e9s noirs pour hommes\" class=\"wp-image-56764\" title=\"\" srcset=\"https:\/\/danidrops.com.br\/wp-content\/uploads\/2022\/12\/35-Cabelo-Cacheado-Preto-Masculino.jpg 760w, https:\/\/danidrops.com.br\/wp-content\/uploads\/2022\/12\/35-Cabelo-Cacheado-Preto-Masculino-300x219.jpg 300w, https:\/\/danidrops.com.br\/wp-content\/uploads\/2022\/12\/35-Cabelo-Cacheado-Preto-Masculino-16x12.jpg 16w, https:\/\/danidrops.com.br\/wp-content\/uploads\/2022\/12\/35-Cabelo-Cacheado-Preto-Masculino-150x110.jpg 150w\" sizes=\"auto, (max-width: 760px) 100vw, 760px\" \/><figcaption class=\"wp-element-caption\">Cheveux boucl\u00e9s noirs pour hommes<\/figcaption><\/figure>\n\n\n\n<figure class=\"wp-block-image size-full\"><img loading=\"lazy\" decoding=\"async\" width=\"760\" height=\"555\" src=\"https:\/\/danidrops.com.br\/wp-content\/uploads\/2022\/12\/34-Cabelo-Cacheado-Preto-Masculino.jpg\" alt=\"Cheveux boucl\u00e9s noirs pour hommes\" class=\"wp-image-56763\" title=\"\" srcset=\"https:\/\/danidrops.com.br\/wp-content\/uploads\/2022\/12\/34-Cabelo-Cacheado-Preto-Masculino.jpg 760w, https:\/\/danidrops.com.br\/wp-content\/uploads\/2022\/12\/34-Cabelo-Cacheado-Preto-Masculino-300x219.jpg 300w, https:\/\/danidrops.com.br\/wp-content\/uploads\/2022\/12\/34-Cabelo-Cacheado-Preto-Masculino-16x12.jpg 16w, https:\/\/danidrops.com.br\/wp-content\/uploads\/2022\/12\/34-Cabelo-Cacheado-Preto-Masculino-150x110.jpg 150w\" sizes=\"auto, (max-width: 760px) 100vw, 760px\" \/><figcaption class=\"wp-element-caption\">Cheveux boucl\u00e9s noirs pour hommes<\/figcaption><\/figure>\n\n\n\n<h2 class=\"wp-block-heading\"><span class=\"ez-toc-section\" id=\"Cabelo_Cacheado_Preto_Feminino\"><\/span>Cheveux boucl\u00e9s noirs f\u00e9minins<span class=\"ez-toc-section-end\"><\/span><\/h2>\n\n\n\n<p>Les cheveux boucl\u00e9s noirs des femmes sont tr\u00e8s beaux et polyvalents et les possibilit\u00e9s de coupes et de m\u00e8ches sont \u00e9normes, ce qui fait des cheveux boucl\u00e9s noirs 2023 l&#039;un des favoris des femmes pour l&#039;ann\u00e9e prochaine.<\/p>\n\n\n\n<figure class=\"wp-block-image size-full\"><img loading=\"lazy\" decoding=\"async\" width=\"760\" height=\"555\" src=\"https:\/\/danidrops.com.br\/wp-content\/uploads\/2022\/12\/37-Cabelo-Cacheado-Preto-Feminino.jpg\" alt=\"Cheveux boucl\u00e9s noirs f\u00e9minins\" class=\"wp-image-56717\" title=\"\" srcset=\"https:\/\/danidrops.com.br\/wp-content\/uploads\/2022\/12\/37-Cabelo-Cacheado-Preto-Feminino.jpg 760w, https:\/\/danidrops.com.br\/wp-content\/uploads\/2022\/12\/37-Cabelo-Cacheado-Preto-Feminino-300x219.jpg 300w, https:\/\/danidrops.com.br\/wp-content\/uploads\/2022\/12\/37-Cabelo-Cacheado-Preto-Feminino-16x12.jpg 16w, https:\/\/danidrops.com.br\/wp-content\/uploads\/2022\/12\/37-Cabelo-Cacheado-Preto-Feminino-150x110.jpg 150w\" sizes=\"auto, (max-width: 760px) 100vw, 760px\" \/><figcaption class=\"wp-element-caption\">Cheveux boucl\u00e9s noirs f\u00e9minins<\/figcaption><\/figure>\n\n\n\n<figure class=\"wp-block-image size-full\"><img loading=\"lazy\" decoding=\"async\" width=\"760\" height=\"555\" src=\"https:\/\/danidrops.com.br\/wp-content\/uploads\/2022\/12\/36-Cabelo-Cacheado-Preto-Feminino.jpg\" alt=\"Cheveux boucl\u00e9s noirs f\u00e9minins\" class=\"wp-image-56716\" title=\"\" srcset=\"https:\/\/danidrops.com.br\/wp-content\/uploads\/2022\/12\/36-Cabelo-Cacheado-Preto-Feminino.jpg 760w, https:\/\/danidrops.com.br\/wp-content\/uploads\/2022\/12\/36-Cabelo-Cacheado-Preto-Feminino-300x219.jpg 300w, https:\/\/danidrops.com.br\/wp-content\/uploads\/2022\/12\/36-Cabelo-Cacheado-Preto-Feminino-16x12.jpg 16w, https:\/\/danidrops.com.br\/wp-content\/uploads\/2022\/12\/36-Cabelo-Cacheado-Preto-Feminino-150x110.jpg 150w\" sizes=\"auto, (max-width: 760px) 100vw, 760px\" \/><figcaption class=\"wp-element-caption\">Cheveux boucl\u00e9s noirs f\u00e9minins<\/figcaption><\/figure>\n\n\n\n<h2 class=\"wp-block-heading\"><span class=\"ez-toc-section\" id=\"Cabelo_Cacheado_Preto_Infantil\"><\/span>Cheveux boucl\u00e9s noirs pour enfants<span class=\"ez-toc-section-end\"><\/span><\/h2>\n\n\n\n<p>Bien que les cheveux noirs boucl\u00e9s des enfants ne puissent pas passer par le processus de changement de couleur, les coupes peuvent apporter de la vie et de la personnalit\u00e9 aux m\u00e8ches. Vous pouvez opter pour des coupes qui favorisent ou contr\u00f4lent le volume, ainsi que choisir un mod\u00e8le de coupe pour encadrer le visage de l&#039;enfant.<\/p>\n\n\n\n<figure class=\"wp-block-image size-full\"><img loading=\"lazy\" decoding=\"async\" width=\"760\" height=\"555\" src=\"https:\/\/danidrops.com.br\/wp-content\/uploads\/2022\/12\/39-Cabelo-Cacheado-Preto-Infantil.jpg\" alt=\"Cheveux boucl\u00e9s noirs pour enfants\" class=\"wp-image-56719\" title=\"\" srcset=\"https:\/\/danidrops.com.br\/wp-content\/uploads\/2022\/12\/39-Cabelo-Cacheado-Preto-Infantil.jpg 760w, https:\/\/danidrops.com.br\/wp-content\/uploads\/2022\/12\/39-Cabelo-Cacheado-Preto-Infantil-300x219.jpg 300w, https:\/\/danidrops.com.br\/wp-content\/uploads\/2022\/12\/39-Cabelo-Cacheado-Preto-Infantil-16x12.jpg 16w, https:\/\/danidrops.com.br\/wp-content\/uploads\/2022\/12\/39-Cabelo-Cacheado-Preto-Infantil-150x110.jpg 150w\" sizes=\"auto, (max-width: 760px) 100vw, 760px\" \/><figcaption class=\"wp-element-caption\">Cheveux boucl\u00e9s noirs pour enfants<\/figcaption><\/figure>\n\n\n\n<figure class=\"wp-block-image size-full\"><img loading=\"lazy\" decoding=\"async\" width=\"760\" height=\"555\" src=\"https:\/\/danidrops.com.br\/wp-content\/uploads\/2022\/12\/38-Cabelo-Cacheado-Preto-Infantil.jpg\" alt=\"Cheveux boucl\u00e9s noirs pour enfants\" class=\"wp-image-56718\" title=\"\" srcset=\"https:\/\/danidrops.com.br\/wp-content\/uploads\/2022\/12\/38-Cabelo-Cacheado-Preto-Infantil.jpg 760w, https:\/\/danidrops.com.br\/wp-content\/uploads\/2022\/12\/38-Cabelo-Cacheado-Preto-Infantil-300x219.jpg 300w, https:\/\/danidrops.com.br\/wp-content\/uploads\/2022\/12\/38-Cabelo-Cacheado-Preto-Infantil-16x12.jpg 16w, https:\/\/danidrops.com.br\/wp-content\/uploads\/2022\/12\/38-Cabelo-Cacheado-Preto-Infantil-150x110.jpg 150w\" sizes=\"auto, (max-width: 760px) 100vw, 760px\" \/><figcaption class=\"wp-element-caption\">Cheveux boucl\u00e9s noirs pour enfants<\/figcaption><\/figure>\n\n\n\n<h2 class=\"wp-block-heading\"><span class=\"ez-toc-section\" id=\"Cabelo_Cacheado_Preto_redondo\"><\/span>Cheveux boucl\u00e9s noirs ronds<span class=\"ez-toc-section-end\"><\/span><\/h2>\n\n\n\n<p>Les cheveux boucl\u00e9s noirs ronds sont la coupe \u00e9lectrique noire classique, o\u00f9 les m\u00e8ches sont coup\u00e9es de mani\u00e8re \u00e0 avoir des bords et une silhouette arrondis. Ce type de coupe peut \u00eatre fait sur des cheveux noirs boucl\u00e9s moyens ou courts, o\u00f9 la longueur id\u00e9ale est celle dans laquelle la femme ou l&#039;homme se sent \u00e0 l&#039;aise et belle (o).<\/p>\n\n\n\n<figure class=\"wp-block-image size-full\"><img loading=\"lazy\" decoding=\"async\" width=\"760\" height=\"555\" src=\"https:\/\/danidrops.com.br\/wp-content\/uploads\/2022\/12\/41-Cabelo-Cacheado-Preto-para-rosto-redondo.jpg\" alt=\"Cheveux boucl\u00e9s noirs pour visage rond\" class=\"wp-image-56721\" title=\"\" srcset=\"https:\/\/danidrops.com.br\/wp-content\/uploads\/2022\/12\/41-Cabelo-Cacheado-Preto-para-rosto-redondo.jpg 760w, https:\/\/danidrops.com.br\/wp-content\/uploads\/2022\/12\/41-Cabelo-Cacheado-Preto-para-rosto-redondo-300x219.jpg 300w, https:\/\/danidrops.com.br\/wp-content\/uploads\/2022\/12\/41-Cabelo-Cacheado-Preto-para-rosto-redondo-16x12.jpg 16w, https:\/\/danidrops.com.br\/wp-content\/uploads\/2022\/12\/41-Cabelo-Cacheado-Preto-para-rosto-redondo-150x110.jpg 150w\" sizes=\"auto, (max-width: 760px) 100vw, 760px\" \/><figcaption class=\"wp-element-caption\">Cheveux boucl\u00e9s noirs pour visage rond<\/figcaption><\/figure>\n\n\n\n<figure class=\"wp-block-image size-full\"><img loading=\"lazy\" decoding=\"async\" width=\"760\" height=\"555\" src=\"https:\/\/danidrops.com.br\/wp-content\/uploads\/2022\/12\/40-Cabelo-Cacheado-Preto-para-rosto-redondo.jpg\" alt=\"Cheveux boucl\u00e9s noirs pour visage rond\" class=\"wp-image-56720\" title=\"\" srcset=\"https:\/\/danidrops.com.br\/wp-content\/uploads\/2022\/12\/40-Cabelo-Cacheado-Preto-para-rosto-redondo.jpg 760w, https:\/\/danidrops.com.br\/wp-content\/uploads\/2022\/12\/40-Cabelo-Cacheado-Preto-para-rosto-redondo-300x219.jpg 300w, https:\/\/danidrops.com.br\/wp-content\/uploads\/2022\/12\/40-Cabelo-Cacheado-Preto-para-rosto-redondo-16x12.jpg 16w, https:\/\/danidrops.com.br\/wp-content\/uploads\/2022\/12\/40-Cabelo-Cacheado-Preto-para-rosto-redondo-150x110.jpg 150w\" sizes=\"auto, (max-width: 760px) 100vw, 760px\" \/><figcaption class=\"wp-element-caption\">Cheveux boucl\u00e9s noirs pour visage rond<\/figcaption><\/figure>\n\n\n\n<h2 class=\"wp-block-heading\"><span class=\"ez-toc-section\" id=\"Cabelo_Cacheado_Preto_para_mulheres_plus_size\"><\/span>Cheveux boucl\u00e9s noirs pour les femmes de grande taille<span class=\"ez-toc-section-end\"><\/span><\/h2>\n\n\n\n<p>Les cheveux boucl\u00e9s noirs pour les femmes de grande taille sont beaux et les coupes sont g\u00e9n\u00e9ralement choisies pour encadrer le visage. De plus, les techniques d&#039;\u00e9clairage de fil sont les bienvenues pour ce public car elles fournissent des r\u00e9sultats tout simplement merveilleux.<\/p>\n\n\n\n<figure class=\"wp-block-image size-full\"><img loading=\"lazy\" decoding=\"async\" width=\"760\" height=\"555\" src=\"https:\/\/danidrops.com.br\/wp-content\/uploads\/2022\/12\/43-Cabelo-Cacheado-Preto-para-mulheres-plus-size.jpg\" alt=\"Cheveux boucl\u00e9s noirs pour les femmes de grande taille\" class=\"wp-image-56723\" title=\"\" srcset=\"https:\/\/danidrops.com.br\/wp-content\/uploads\/2022\/12\/43-Cabelo-Cacheado-Preto-para-mulheres-plus-size.jpg 760w, https:\/\/danidrops.com.br\/wp-content\/uploads\/2022\/12\/43-Cabelo-Cacheado-Preto-para-mulheres-plus-size-300x219.jpg 300w, https:\/\/danidrops.com.br\/wp-content\/uploads\/2022\/12\/43-Cabelo-Cacheado-Preto-para-mulheres-plus-size-16x12.jpg 16w, https:\/\/danidrops.com.br\/wp-content\/uploads\/2022\/12\/43-Cabelo-Cacheado-Preto-para-mulheres-plus-size-150x110.jpg 150w\" sizes=\"auto, (max-width: 760px) 100vw, 760px\" \/><figcaption class=\"wp-element-caption\">Cheveux boucl\u00e9s noirs pour les femmes de grande taille<\/figcaption><\/figure>\n\n\n\n<figure class=\"wp-block-image size-full\"><img loading=\"lazy\" decoding=\"async\" width=\"760\" height=\"555\" src=\"https:\/\/danidrops.com.br\/wp-content\/uploads\/2022\/12\/42-Cabelo-Cacheado-Preto-para-mulheres-plus-size.jpg\" alt=\"Cheveux boucl\u00e9s noirs pour les femmes de grande taille\" class=\"wp-image-56722\" title=\"\" srcset=\"https:\/\/danidrops.com.br\/wp-content\/uploads\/2022\/12\/42-Cabelo-Cacheado-Preto-para-mulheres-plus-size.jpg 760w, https:\/\/danidrops.com.br\/wp-content\/uploads\/2022\/12\/42-Cabelo-Cacheado-Preto-para-mulheres-plus-size-300x219.jpg 300w, https:\/\/danidrops.com.br\/wp-content\/uploads\/2022\/12\/42-Cabelo-Cacheado-Preto-para-mulheres-plus-size-16x12.jpg 16w, https:\/\/danidrops.com.br\/wp-content\/uploads\/2022\/12\/42-Cabelo-Cacheado-Preto-para-mulheres-plus-size-150x110.jpg 150w\" sizes=\"auto, (max-width: 760px) 100vw, 760px\" \/><figcaption class=\"wp-element-caption\">Cheveux boucl\u00e9s noirs pour les femmes de grande taille<\/figcaption><\/figure>\n\n\n\n<h2 class=\"wp-block-heading\"><span class=\"ez-toc-section\" id=\"Cabelo_Cacheado_Preto_para_mulheres_negras\"><\/span>Cheveux boucl\u00e9s noirs pour les femmes noires<span class=\"ez-toc-section-end\"><\/span><\/h2>\n\n\n\n<p>Si vous avez un teint qui va parfaitement avec les cheveux boucl\u00e9s noirs, ce ton est pour les femmes noires. Les cheveux boucl\u00e9s noirs 2023 offrent un look \u00e9l\u00e9gant et moderne aux femmes noires et peuvent m\u00eame \u00eatre associ\u00e9s \u00e0 des lumi\u00e8res et des m\u00e8ches color\u00e9es, apportant encore plus de charme au look.<\/p>\n\n\n\n<figure class=\"wp-block-image size-full\"><img loading=\"lazy\" decoding=\"async\" width=\"760\" height=\"555\" src=\"https:\/\/danidrops.com.br\/wp-content\/uploads\/2022\/12\/45-Cabelo-Cacheado-Preto-para-mulheres-negras.jpg\" alt=\"Cheveux boucl\u00e9s noirs pour les femmes noires\" class=\"wp-image-56725\" title=\"\" srcset=\"https:\/\/danidrops.com.br\/wp-content\/uploads\/2022\/12\/45-Cabelo-Cacheado-Preto-para-mulheres-negras.jpg 760w, https:\/\/danidrops.com.br\/wp-content\/uploads\/2022\/12\/45-Cabelo-Cacheado-Preto-para-mulheres-negras-300x219.jpg 300w, https:\/\/danidrops.com.br\/wp-content\/uploads\/2022\/12\/45-Cabelo-Cacheado-Preto-para-mulheres-negras-16x12.jpg 16w, https:\/\/danidrops.com.br\/wp-content\/uploads\/2022\/12\/45-Cabelo-Cacheado-Preto-para-mulheres-negras-150x110.jpg 150w\" sizes=\"auto, (max-width: 760px) 100vw, 760px\" \/><figcaption class=\"wp-element-caption\">Cheveux boucl\u00e9s noirs pour les femmes noires<\/figcaption><\/figure>\n\n\n\n<figure class=\"wp-block-image size-full\"><img loading=\"lazy\" decoding=\"async\" width=\"760\" height=\"555\" src=\"https:\/\/danidrops.com.br\/wp-content\/uploads\/2022\/12\/44-Cabelo-Cacheado-Preto-para-mulheres-negras.jpg\" alt=\"Cheveux boucl\u00e9s noirs pour les femmes noires\" class=\"wp-image-56724\" title=\"\" srcset=\"https:\/\/danidrops.com.br\/wp-content\/uploads\/2022\/12\/44-Cabelo-Cacheado-Preto-para-mulheres-negras.jpg 760w, https:\/\/danidrops.com.br\/wp-content\/uploads\/2022\/12\/44-Cabelo-Cacheado-Preto-para-mulheres-negras-300x219.jpg 300w, https:\/\/danidrops.com.br\/wp-content\/uploads\/2022\/12\/44-Cabelo-Cacheado-Preto-para-mulheres-negras-16x12.jpg 16w, https:\/\/danidrops.com.br\/wp-content\/uploads\/2022\/12\/44-Cabelo-Cacheado-Preto-para-mulheres-negras-150x110.jpg 150w\" sizes=\"auto, (max-width: 760px) 100vw, 760px\" \/><figcaption class=\"wp-element-caption\">Cheveux boucl\u00e9s noirs pour les femmes noires<\/figcaption><\/figure>\n\n\n\n<h2 class=\"wp-block-heading\"><span class=\"ez-toc-section\" id=\"Cabelo_Cacheado_Preto_para_jovens\"><\/span>Cheveux boucl\u00e9s noirs pour les adolescents<span class=\"ez-toc-section-end\"><\/span><\/h2>\n\n\n\n<p>Les jeunes sont toujours \u00e0 la recherche d&#039;innovation et dans le cas des cheveux boucl\u00e9s noirs 2023, les longueurs les plus utilis\u00e9es par les jeunes femmes sont moyennes et longues. Quant aux gars, la polyvalence est grande et beaucoup adh\u00e8rent \u00e0 la coupe plus longue et plus stylis\u00e9e pour conserver un look beau et moderne.<\/p>\n\n\n\n<figure class=\"wp-block-image size-full\"><img loading=\"lazy\" decoding=\"async\" width=\"760\" height=\"555\" src=\"https:\/\/danidrops.com.br\/wp-content\/uploads\/2022\/12\/47-Cabelo-Cacheado-Preto-para-jovens.jpg\" alt=\"Cheveux boucl\u00e9s noirs pour les adolescents\" class=\"wp-image-56727\" title=\"\" srcset=\"https:\/\/danidrops.com.br\/wp-content\/uploads\/2022\/12\/47-Cabelo-Cacheado-Preto-para-jovens.jpg 760w, https:\/\/danidrops.com.br\/wp-content\/uploads\/2022\/12\/47-Cabelo-Cacheado-Preto-para-jovens-300x219.jpg 300w, https:\/\/danidrops.com.br\/wp-content\/uploads\/2022\/12\/47-Cabelo-Cacheado-Preto-para-jovens-16x12.jpg 16w, https:\/\/danidrops.com.br\/wp-content\/uploads\/2022\/12\/47-Cabelo-Cacheado-Preto-para-jovens-150x110.jpg 150w\" sizes=\"auto, (max-width: 760px) 100vw, 760px\" \/><figcaption class=\"wp-element-caption\">Cheveux boucl\u00e9s noirs pour les adolescents<\/figcaption><\/figure>\n\n\n\n<figure class=\"wp-block-image size-full\"><img loading=\"lazy\" decoding=\"async\" width=\"760\" height=\"555\" src=\"https:\/\/danidrops.com.br\/wp-content\/uploads\/2022\/12\/46-Cabelo-Cacheado-Preto-para-jovens.jpg\" alt=\"Cheveux boucl\u00e9s noirs pour les adolescents\" class=\"wp-image-56726\" title=\"\" srcset=\"https:\/\/danidrops.com.br\/wp-content\/uploads\/2022\/12\/46-Cabelo-Cacheado-Preto-para-jovens.jpg 760w, https:\/\/danidrops.com.br\/wp-content\/uploads\/2022\/12\/46-Cabelo-Cacheado-Preto-para-jovens-300x219.jpg 300w, https:\/\/danidrops.com.br\/wp-content\/uploads\/2022\/12\/46-Cabelo-Cacheado-Preto-para-jovens-16x12.jpg 16w, https:\/\/danidrops.com.br\/wp-content\/uploads\/2022\/12\/46-Cabelo-Cacheado-Preto-para-jovens-150x110.jpg 150w\" sizes=\"auto, (max-width: 760px) 100vw, 760px\" \/><figcaption class=\"wp-element-caption\">Cheveux boucl\u00e9s noirs pour les adolescents<\/figcaption><\/figure>\n\n\n\n<h2 class=\"wp-block-heading\"><span class=\"ez-toc-section\" id=\"Cabelo_Cacheado_Preto_para_morenas\"><\/span>Cheveux boucl\u00e9s noirs pour les brunes<span class=\"ez-toc-section-end\"><\/span><\/h2>\n\n\n\n<p>Les cheveux noirs boucl\u00e9s pour les brunes sont le grand pari pour l&#039;ann\u00e9e 2023, car garder les m\u00e8ches naturelles a \u00e9t\u00e9 une question d&#039;honneur pour de nombreuses femmes. Si vous n&#039;aimez pas les cheveux boucl\u00e9s noirs monochromes 2023, vous pouvez associer le ton des m\u00e8ches \u00e0 des reflets et reflets plus clairs ou m\u00eame color\u00e9s, pour cr\u00e9er un look plus amusant et d\u00e9contract\u00e9.<\/p>\n\n\n\n<figure class=\"wp-block-image size-full\"><img loading=\"lazy\" decoding=\"async\" width=\"760\" height=\"555\" src=\"https:\/\/danidrops.com.br\/wp-content\/uploads\/2022\/12\/48-Cabelo-Cacheado-Preto-para-morenas.jpg\" alt=\"Cheveux boucl\u00e9s noirs pour les brunes\" class=\"wp-image-56728\" title=\"\" srcset=\"https:\/\/danidrops.com.br\/wp-content\/uploads\/2022\/12\/48-Cabelo-Cacheado-Preto-para-morenas.jpg 760w, https:\/\/danidrops.com.br\/wp-content\/uploads\/2022\/12\/48-Cabelo-Cacheado-Preto-para-morenas-300x219.jpg 300w, https:\/\/danidrops.com.br\/wp-content\/uploads\/2022\/12\/48-Cabelo-Cacheado-Preto-para-morenas-16x12.jpg 16w, https:\/\/danidrops.com.br\/wp-content\/uploads\/2022\/12\/48-Cabelo-Cacheado-Preto-para-morenas-150x110.jpg 150w\" sizes=\"auto, (max-width: 760px) 100vw, 760px\" \/><figcaption class=\"wp-element-caption\">Cheveux boucl\u00e9s noirs pour les brunes<\/figcaption><\/figure>\n\n\n\n<figure class=\"wp-block-image size-full\"><img loading=\"lazy\" decoding=\"async\" width=\"760\" height=\"555\" src=\"https:\/\/danidrops.com.br\/wp-content\/uploads\/2022\/12\/49-Cabelo-Cacheado-Preto-para-morenas.jpg\" alt=\"Cheveux boucl\u00e9s noirs pour les brunes\" class=\"wp-image-56729\" title=\"\" srcset=\"https:\/\/danidrops.com.br\/wp-content\/uploads\/2022\/12\/49-Cabelo-Cacheado-Preto-para-morenas.jpg 760w, https:\/\/danidrops.com.br\/wp-content\/uploads\/2022\/12\/49-Cabelo-Cacheado-Preto-para-morenas-300x219.jpg 300w, https:\/\/danidrops.com.br\/wp-content\/uploads\/2022\/12\/49-Cabelo-Cacheado-Preto-para-morenas-16x12.jpg 16w, https:\/\/danidrops.com.br\/wp-content\/uploads\/2022\/12\/49-Cabelo-Cacheado-Preto-para-morenas-150x110.jpg 150w\" sizes=\"auto, (max-width: 760px) 100vw, 760px\" \/><figcaption class=\"wp-element-caption\">Cheveux boucl\u00e9s noirs pour les brunes<\/figcaption><\/figure>\n<div id=\"ez-toc-container\" class=\"ez-toc-v2_0_76 counter-hierarchy ez-toc-counter ez-toc-grey ez-toc-container-direction\">\n<p class=\"ez-toc-title\" style=\"cursor:inherit\">Vous lirez cet article<\/p>\n<label for=\"ez-toc-cssicon-toggle-item-69f5bcb8a8185\" class=\"ez-toc-cssicon-toggle-label\"><span class=\"ez-toc-cssicon\"><span class=\"eztoc-hide\" style=\"display:none;\">Basculer<\/span><span class=\"ez-toc-icon-toggle-span\"><svg style=\"fill: #999;color:#999\" xmlns=\"http:\/\/www.w3.org\/2000\/svg\" class=\"list-377408\" width=\"20px\" height=\"20px\" viewbox=\"0 0 24 24\" fill=\"none\"><path d=\"M6 6H4v2h2V6zm14 0H8v2h12V6zM4 11h2v2H4v-2zm16 0H8v2h12v-2zM4 16h2v2H4v-2zm16 0H8v2h12v-2z\" fill=\"currentColor\"><\/path><\/svg><svg style=\"fill: #999;color:#999\" class=\"arrow-unsorted-368013\" xmlns=\"http:\/\/www.w3.org\/2000\/svg\" width=\"10px\" height=\"10px\" viewbox=\"0 0 24 24\" version=\"1.2\" baseprofile=\"tiny\"><path d=\"M18.2 9.3l-6.2-6.3-6.2 6.3c-.2.2-.3.4-.3.7s.1.5.3.7c.2.2.4.3.7.3h11c.3 0 .5-.1.7-.3.2-.2.3-.5.3-.7s-.1-.5-.3-.7zM5.8 14.7l6.2 6.3 6.2-6.3c.2-.2.3-.5.3-.7s-.1-.5-.3-.7c-.2-.2-.4-.3-.7-.3h-11c-.3 0-.5.1-.7.3-.2.2-.3.5-.3.7s.1.5.3.7z\"\/><\/svg><\/span><\/span><\/label><input type=\"checkbox\"  id=\"ez-toc-cssicon-toggle-item-69f5bcb8a8185\"  aria-label=\"Basculer\" \/><nav><ul class='ez-toc-list ez-toc-list-level-1' ><li class='ez-toc-page-1 ez-toc-heading-level-2'><a class=\"ez-toc-link ez-toc-heading-1\" href=\"https:\/\/danidrops.com.br\/fr\/cheveux-boucles-noirs-2023\/#Qual_e_a_tendenca_de_cabelo_cacheado_2023\" >Quelle est la tendance cheveux boucl\u00e9s 2023 ?<\/a><\/li><li class='ez-toc-page-1 ez-toc-heading-level-2'><a class=\"ez-toc-link ez-toc-heading-2\" href=\"https:\/\/danidrops.com.br\/fr\/cheveux-boucles-noirs-2023\/#Como_hidratar_o_cabelo_preto_cacheado\" >Comment hydrater les cheveux noirs boucl\u00e9s ?<\/a><\/li><li class='ez-toc-page-1 ez-toc-heading-level-2'><a class=\"ez-toc-link ez-toc-heading-3\" href=\"https:\/\/danidrops.com.br\/fr\/cheveux-boucles-noirs-2023\/#Cabelo_Cacheado_Preto_Longo\" >Longs cheveux boucl\u00e9s noirs<\/a><\/li><li class='ez-toc-page-1 ez-toc-heading-level-2'><a class=\"ez-toc-link ez-toc-heading-4\" href=\"https:\/\/danidrops.com.br\/fr\/cheveux-boucles-noirs-2023\/#Cabelo_Cacheado_Preto_Medio\" >Cheveux boucl\u00e9s noirs moyens<\/a><\/li><li class='ez-toc-page-1 ez-toc-heading-level-2'><a class=\"ez-toc-link ez-toc-heading-5\" href=\"https:\/\/danidrops.com.br\/fr\/cheveux-boucles-noirs-2023\/#Cabelo_Cacheado_Preto_Curto\" >Cheveux courts noirs boucl\u00e9s<\/a><\/li><li class='ez-toc-page-1 ez-toc-heading-level-2'><a class=\"ez-toc-link ez-toc-heading-6\" href=\"https:\/\/danidrops.com.br\/fr\/cheveux-boucles-noirs-2023\/#Cabelo_Cacheado_Preto_azulado\" >Cheveux boucl\u00e9s noirs bleus<\/a><\/li><li class='ez-toc-page-1 ez-toc-heading-level-2'><a class=\"ez-toc-link ez-toc-heading-7\" href=\"https:\/\/danidrops.com.br\/fr\/cheveux-boucles-noirs-2023\/#Cabelo_Cacheado_Preto_ametista\" >Cheveux boucl\u00e9s noirs am\u00e9thyste<\/a><\/li><li class='ez-toc-page-1 ez-toc-heading-level-2'><a class=\"ez-toc-link ez-toc-heading-8\" href=\"https:\/\/danidrops.com.br\/fr\/cheveux-boucles-noirs-2023\/#Cabelo_Cacheado_Preto_com_mechas\" >Cheveux boucl\u00e9s noirs avec des reflets<\/a><\/li><li class='ez-toc-page-1 ez-toc-heading-level-2'><a class=\"ez-toc-link ez-toc-heading-9\" href=\"https:\/\/danidrops.com.br\/fr\/cheveux-boucles-noirs-2023\/#Cabelo_Cacheado_Preto_com_luzes\" >Cheveux boucl\u00e9s noirs avec des reflets<\/a><\/li><li class='ez-toc-page-1 ez-toc-heading-level-2'><a class=\"ez-toc-link ez-toc-heading-10\" href=\"https:\/\/danidrops.com.br\/fr\/cheveux-boucles-noirs-2023\/#Cabelo_Cacheado_Preto_dourado\" >Cheveux boucl\u00e9s noirs dor\u00e9s<\/a><\/li><li class='ez-toc-page-1 ez-toc-heading-level-2'><a class=\"ez-toc-link ez-toc-heading-11\" href=\"https:\/\/danidrops.com.br\/fr\/cheveux-boucles-noirs-2023\/#Cabelo_Cacheado_Preto_platinado\" >cheveux boucl\u00e9s noir platine<\/a><\/li><li class='ez-toc-page-1 ez-toc-heading-level-2'><a class=\"ez-toc-link ez-toc-heading-12\" href=\"https:\/\/danidrops.com.br\/fr\/cheveux-boucles-noirs-2023\/#Cabelo_Cacheado_Preto_e_branco\" >Cheveux boucl\u00e9s noirs et blancs<\/a><\/li><li class='ez-toc-page-1 ez-toc-heading-level-2'><a class=\"ez-toc-link ez-toc-heading-13\" href=\"https:\/\/danidrops.com.br\/fr\/cheveux-boucles-noirs-2023\/#Cabelo_Cacheado_Preto_e_vermelho\" >Cheveux boucl\u00e9s noirs et rouges<\/a><\/li><li class='ez-toc-page-1 ez-toc-heading-level-2'><a class=\"ez-toc-link ez-toc-heading-14\" href=\"https:\/\/danidrops.com.br\/fr\/cheveux-boucles-noirs-2023\/#Cabelo_Cacheado_Preto_natural\" >cheveux boucl\u00e9s noirs naturels<\/a><\/li><li class='ez-toc-page-1 ez-toc-heading-level-2'><a class=\"ez-toc-link ez-toc-heading-15\" href=\"https:\/\/danidrops.com.br\/fr\/cheveux-boucles-noirs-2023\/#Cabelo_Cacheado_Preto_repicado\" >Cheveux boucl\u00e9s noirs coup\u00e9s<\/a><\/li><li class='ez-toc-page-1 ez-toc-heading-level-2'><a class=\"ez-toc-link ez-toc-heading-16\" href=\"https:\/\/danidrops.com.br\/fr\/cheveux-boucles-noirs-2023\/#Cabelo_Cacheado_Preto_Masculino\" >Cheveux boucl\u00e9s noirs pour hommes<\/a><\/li><li class='ez-toc-page-1 ez-toc-heading-level-2'><a class=\"ez-toc-link ez-toc-heading-17\" href=\"https:\/\/danidrops.com.br\/fr\/cheveux-boucles-noirs-2023\/#Cabelo_Cacheado_Preto_Feminino\" >Cheveux boucl\u00e9s noirs f\u00e9minins<\/a><\/li><li class='ez-toc-page-1 ez-toc-heading-level-2'><a class=\"ez-toc-link ez-toc-heading-18\" href=\"https:\/\/danidrops.com.br\/fr\/cheveux-boucles-noirs-2023\/#Cabelo_Cacheado_Preto_Infantil\" >Cheveux boucl\u00e9s noirs pour enfants<\/a><\/li><li class='ez-toc-page-1 ez-toc-heading-level-2'><a class=\"ez-toc-link ez-toc-heading-19\" href=\"https:\/\/danidrops.com.br\/fr\/cheveux-boucles-noirs-2023\/#Cabelo_Cacheado_Preto_redondo\" >Cheveux boucl\u00e9s noirs ronds<\/a><\/li><li class='ez-toc-page-1 ez-toc-heading-level-2'><a class=\"ez-toc-link ez-toc-heading-20\" href=\"https:\/\/danidrops.com.br\/fr\/cheveux-boucles-noirs-2023\/#Cabelo_Cacheado_Preto_para_mulheres_plus_size\" >Cheveux boucl\u00e9s noirs pour les femmes de grande taille<\/a><\/li><li class='ez-toc-page-1 ez-toc-heading-level-2'><a class=\"ez-toc-link ez-toc-heading-21\" href=\"https:\/\/danidrops.com.br\/fr\/cheveux-boucles-noirs-2023\/#Cabelo_Cacheado_Preto_para_mulheres_negras\" >Cheveux boucl\u00e9s noirs pour les femmes noires<\/a><\/li><li class='ez-toc-page-1 ez-toc-heading-level-2'><a class=\"ez-toc-link ez-toc-heading-22\" href=\"https:\/\/danidrops.com.br\/fr\/cheveux-boucles-noirs-2023\/#Cabelo_Cacheado_Preto_para_jovens\" >Cheveux boucl\u00e9s noirs pour les adolescents<\/a><\/li><li class='ez-toc-page-1 ez-toc-heading-level-2'><a class=\"ez-toc-link ez-toc-heading-23\" href=\"https:\/\/danidrops.com.br\/fr\/cheveux-boucles-noirs-2023\/#Cabelo_Cacheado_Preto_para_morenas\" >Cheveux boucl\u00e9s noirs pour les brunes<\/a><\/li><\/ul><\/nav><\/div>","protected":false},"excerpt":{"rendered":"<p>O cabelo cacheado preto 2023 estar\u00e1 na \u00faltima moda no pr\u00f3ximo ano, pois manter a curvatura natural dos fios tem sido o grande diferencial nos&hellip;<\/p>","protected":false},"author":1,"featured_media":56732,"comment_status":"open","ping_status":"open","sticky":false,"template":"","format":"standard","meta":{"footnotes":""},"categories":[439],"tags":[],"class_list":["post-56003","post","type-post","status-publish","format-standard","has-post-thumbnail","hentry","category-cabelo"],"_links":{"self":[{"href":"https:\/\/danidrops.com.br\/fr\/wp-json\/wp\/v2\/posts\/56003","targetHints":{"allow":["GET"]}}],"collection":[{"href":"https:\/\/danidrops.com.br\/fr\/wp-json\/wp\/v2\/posts"}],"about":[{"href":"https:\/\/danidrops.com.br\/fr\/wp-json\/wp\/v2\/types\/post"}],"author":[{"embeddable":true,"href":"https:\/\/danidrops.com.br\/fr\/wp-json\/wp\/v2\/users\/1"}],"replies":[{"embeddable":true,"href":"https:\/\/danidrops.com.br\/fr\/wp-json\/wp\/v2\/comments?post=56003"}],"version-history":[{"count":0,"href":"https:\/\/danidrops.com.br\/fr\/wp-json\/wp\/v2\/posts\/56003\/revisions"}],"wp:featuredmedia":[{"embeddable":true,"href":"https:\/\/danidrops.com.br\/fr\/wp-json\/wp\/v2\/media\/56732"}],"wp:attachment":[{"href":"https:\/\/danidrops.com.br\/fr\/wp-json\/wp\/v2\/media?parent=56003"}],"wp:term":[{"taxonomy":"category","embeddable":true,"href":"https:\/\/danidrops.com.br\/fr\/wp-json\/wp\/v2\/categories?post=56003"},{"taxonomy":"post_tag","embeddable":true,"href":"https:\/\/danidrops.com.br\/fr\/wp-json\/wp\/v2\/tags?post=56003"}],"curies":[{"name":"wp","href":"https:\/\/api.w.org\/{rel}","templated":true}]}}