{"id":79671,"date":"2023-08-04T10:51:57","date_gmt":"2023-08-04T13:51:57","guid":{"rendered":"https:\/\/danidrops.com.br\/?p=79671"},"modified":"2024-01-29T01:38:48","modified_gmt":"2024-01-29T04:38:48","slug":"cheveux-avec-frange-droite","status":"publish","type":"post","link":"https:\/\/danidrops.com.br\/fr\/cheveux-avec-frange-droite\/","title":{"rendered":"Cheveux avec Frange Droite - D\u00e9couvrez le pouvoir de la frange droite, voir 70 inspirations"},"content":{"rendered":"<p>O <strong>Cheveux avec Frange Droite<\/strong> c&#039;est un classique chez les femmes modernes, car il est capable d&#039;ajouter du charme et de la sophistication au look. <\/p>\n\n\n\n<p>En plus d&#039;\u00eatre un mod\u00e8le \u00e0 la coupe intemporelle, il encadre le visage et met en valeur les atouts f\u00e9minins.<\/p>\n\n\n\n<div class=\"container2\">\n    <div class=\"coluna coluna1\">\n        <!-- Conte\u00fado da primeira coluna -->\n        <img decoding=\"async\" src=\"https:\/\/danidrops.com.br\/wp-content\/uploads\/2023\/10\/corte-de-cabelo-2024-1.gif\" alt=\"Coupe de cheveux 2024\" title=\"\">\n    <\/div>\n    <div class=\"coluna coluna2\">\n        <!-- Conte\u00fado da segunda coluna -->\n        <p class=\"titulo1\">Regarder <strong>150 inspirations de coupes de cheveux pour femmes<\/strong> longs, moyens, courts, boucl\u00e9s et cr\u00e9pus. <\/p>\n        <a class=\"cta-button\" href=\"https:\/\/danidrops.com.br\/fr\/tendance-coupe-de-cheveux-femme-2025\/\" title=\"Coupes de cheveux 2024\">Tendance coupe de cheveux 2024<\/a>\n    <\/div>\n<\/div>\n<script type=\"application\/ld+json\">{\n    \"@context\": \"http:\\\/\\\/schema.org\",\n    \"@type\": \"Action\",\n    \"name\": \"Corte de Cabelo 2024\",\n    \"description\": \"Ao clicar, voc\\u00ea vai acessar a p\\u00e1gina com Cortes de Cabelo 2024 e ver\\u00e1 mais de 150 inspira\\u00e7\\u00f5es e tend\\u00eancias de cortes de cabelo feminino.\",\n    \"target\": {\n        \"@type\": \"EntryPoint\",\n        \"urlTemplate\": \"https:\\\/\\\/danidrops.com.br\\\/tendencia-corte-de-cabelo-feminino-2025\\\/\"\n    }\n}<\/script>\n\n\n\n<figure class=\"wp-block-image size-full\"><img loading=\"lazy\" decoding=\"async\" width=\"760\" height=\"555\" src=\"https:\/\/danidrops.com.br\/wp-content\/uploads\/2023\/07\/03-Cabelo-com-Franja-Reta.jpg\" alt=\"Cheveux avec Frange Droite\" class=\"wp-image-79772\" title=\"\" srcset=\"https:\/\/danidrops.com.br\/wp-content\/uploads\/2023\/07\/03-Cabelo-com-Franja-Reta.jpg 760w, https:\/\/danidrops.com.br\/wp-content\/uploads\/2023\/07\/03-Cabelo-com-Franja-Reta-300x219.jpg 300w, https:\/\/danidrops.com.br\/wp-content\/uploads\/2023\/07\/03-Cabelo-com-Franja-Reta-16x12.jpg 16w, https:\/\/danidrops.com.br\/wp-content\/uploads\/2023\/07\/03-Cabelo-com-Franja-Reta-150x110.jpg 150w\" sizes=\"auto, (max-width: 760px) 100vw, 760px\" \/><figcaption class=\"wp-element-caption\">Cheveux avec Frange Droite<\/figcaption><\/figure>\n\n\n\n<figure class=\"wp-block-image size-full\"><img loading=\"lazy\" decoding=\"async\" width=\"760\" height=\"555\" src=\"https:\/\/danidrops.com.br\/wp-content\/uploads\/2023\/07\/02-Cabelo-com-Franja-Reta.jpg\" alt=\"Cheveux avec Frange Droite\" class=\"wp-image-79771\" title=\"\" srcset=\"https:\/\/danidrops.com.br\/wp-content\/uploads\/2023\/07\/02-Cabelo-com-Franja-Reta.jpg 760w, https:\/\/danidrops.com.br\/wp-content\/uploads\/2023\/07\/02-Cabelo-com-Franja-Reta-300x219.jpg 300w, https:\/\/danidrops.com.br\/wp-content\/uploads\/2023\/07\/02-Cabelo-com-Franja-Reta-16x12.jpg 16w, https:\/\/danidrops.com.br\/wp-content\/uploads\/2023\/07\/02-Cabelo-com-Franja-Reta-150x110.jpg 150w\" sizes=\"auto, (max-width: 760px) 100vw, 760px\" \/><figcaption class=\"wp-element-caption\">Cheveux avec Frange Droite<\/figcaption><\/figure>\n\n\n\n<p>Ce type de frange est coup\u00e9 horizontalement au centre du front, cr\u00e9ant une ligne droite et compl\u00e8tement sym\u00e9trique le long de la t\u00eate. Face \u00e0 cela, il encadre d\u00e9licatement le visage.<\/p>\n\n\n\n<figure class=\"wp-block-image size-full\"><img loading=\"lazy\" decoding=\"async\" width=\"760\" height=\"555\" src=\"https:\/\/danidrops.com.br\/wp-content\/uploads\/2023\/07\/01-Cabelo-com-Franja-Reta.jpg\" alt=\"Cheveux avec Frange Droite\" class=\"wp-image-79770\" title=\"\" srcset=\"https:\/\/danidrops.com.br\/wp-content\/uploads\/2023\/07\/01-Cabelo-com-Franja-Reta.jpg 760w, https:\/\/danidrops.com.br\/wp-content\/uploads\/2023\/07\/01-Cabelo-com-Franja-Reta-300x219.jpg 300w, https:\/\/danidrops.com.br\/wp-content\/uploads\/2023\/07\/01-Cabelo-com-Franja-Reta-16x12.jpg 16w, https:\/\/danidrops.com.br\/wp-content\/uploads\/2023\/07\/01-Cabelo-com-Franja-Reta-150x110.jpg 150w\" sizes=\"auto, (max-width: 760px) 100vw, 760px\" \/><figcaption class=\"wp-element-caption\">Cheveux avec Frange Droite<\/figcaption><\/figure>\n\n\n\n<script type=\"application\/ld+json\">{\n    \"@context\": \"https:\\\/\\\/schema.org\",\n    \"@type\": \"VideoObject\",\n    \"name\": \"Cabelo com Franja Reta \\u2013 Descubra o poder da franja reta, veja 70 inspira\\u00e7\\u00f5es\",\n    \"description\": \"O cabelo com franja reta \\u00e9 um cl\\u00e1ssico entre as mulheres modernas, pois \\u00e9 capaz de adicionar charme e sofistica\\u00e7\\u00e3o ao visual.\",\n    \"thumbnailUrl\": \"https:\\\/\\\/danidrops.com.br\\\/wp-content\\\/uploads\\\/2023\\\/10\\\/Cabelo-com-Franja-Reta.jpg\",\n    \"uploadDate\": \"2023-10-05\",\n    \"duration\": \"PT3M27S\",\n    \"contentUrl\": \"https:\\\/\\\/youtu.be\\\/IN9JSTIuR34\",\n    \"embedUrl\": \"https:\\\/\\\/youtu.be\\\/IN9JSTIuR34\",\n    \"potentialAction\": {\n        \"@type\": \"SeekToAction\",\n        \"target\": \"https:\\\/\\\/youtu.be\\\/IN9JSTIuR34={seek_to_second_number}\",\n        \"startOffset-input\": \"required name=seek_to_second_number\"\n    }\n}<\/script>\n\n\n\n<figure class=\"wp-block-embed is-type-video is-provider-youtube wp-block-embed-youtube wp-embed-aspect-16-9 wp-has-aspect-ratio\"><div class=\"wp-block-embed__wrapper\">\n<iframe loading=\"lazy\" title=\"Cheveux avec une frange droite - D\u00e9couvrez le pouvoir de la frange droite, voir 70 inspirations\" width=\"500\" height=\"281\" src=\"https:\/\/www.youtube.com\/embed\/IN9JSTIuR34?feature=oembed\" frameborder=\"0\" allow=\"accelerometer; autoplay; clipboard-write; encrypted-media; gyroscope; picture-in-picture; web-share\" referrerpolicy=\"strict-origin-when-cross-origin\" allowfullscreen><\/iframe>\n<\/div><figcaption class=\"wp-element-caption\">Cheveux avec une frange droite - D\u00e9couvrez le pouvoir de la frange droite, voir 70 inspirations<\/figcaption><\/figure>\n\n\n\n<h2 class=\"wp-block-heading\"><span class=\"ez-toc-section\" id=\"Quer_um_novo_visual_que_seja_moderno_e_facil_de_cuidar_Experimente_a_franja_reta\"><\/span>Envie d&#039;un nouveau look moderne et facile d&#039;entretien ? Essayez la frange droite<span class=\"ez-toc-section-end\"><\/span><\/h2>\n\n\n\n<p>Si vous voulez un nouveau look tendance et facile \u00e0 entretenir, essayez les cheveux raides. Cela peut \u00eatre fait sur diff\u00e9rents types de cheveux et formes de visage, cr\u00e9ant un look super \u00e9l\u00e9gant.<\/p>\n\n\n\n<figure class=\"wp-block-image size-full\"><img loading=\"lazy\" decoding=\"async\" width=\"760\" height=\"555\" src=\"https:\/\/danidrops.com.br\/wp-content\/uploads\/2023\/07\/05-Experimente-a-franja-reta.jpg\" alt=\"Essayez la frange droite\" class=\"wp-image-79774\" title=\"\" srcset=\"https:\/\/danidrops.com.br\/wp-content\/uploads\/2023\/07\/05-Experimente-a-franja-reta.jpg 760w, https:\/\/danidrops.com.br\/wp-content\/uploads\/2023\/07\/05-Experimente-a-franja-reta-300x219.jpg 300w, https:\/\/danidrops.com.br\/wp-content\/uploads\/2023\/07\/05-Experimente-a-franja-reta-16x12.jpg 16w, https:\/\/danidrops.com.br\/wp-content\/uploads\/2023\/07\/05-Experimente-a-franja-reta-150x110.jpg 150w\" sizes=\"auto, (max-width: 760px) 100vw, 760px\" \/><figcaption class=\"wp-element-caption\">Essayez la frange droite<\/figcaption><\/figure>\n\n\n\n<p>La polyvalence de cette coupe est l&#039;un de ses principaux avantages, car elle peut \u00eatre r\u00e9alis\u00e9e sur des cheveux courts, moyens ou longs. De plus, plusieurs coiffures peuvent \u00eatre combin\u00e9es avec une frange droite comme les chignons, les queues de cheval et les tresses.<\/p>\n\n\n\n<figure class=\"wp-block-image size-full\"><img loading=\"lazy\" decoding=\"async\" width=\"760\" height=\"555\" src=\"https:\/\/danidrops.com.br\/wp-content\/uploads\/2023\/07\/04-Experimente-a-franja-reta.jpg\" alt=\"Essayez la frange droite\" class=\"wp-image-79773\" title=\"\" srcset=\"https:\/\/danidrops.com.br\/wp-content\/uploads\/2023\/07\/04-Experimente-a-franja-reta.jpg 760w, https:\/\/danidrops.com.br\/wp-content\/uploads\/2023\/07\/04-Experimente-a-franja-reta-300x219.jpg 300w, https:\/\/danidrops.com.br\/wp-content\/uploads\/2023\/07\/04-Experimente-a-franja-reta-16x12.jpg 16w, https:\/\/danidrops.com.br\/wp-content\/uploads\/2023\/07\/04-Experimente-a-franja-reta-150x110.jpg 150w\" sizes=\"auto, (max-width: 760px) 100vw, 760px\" \/><figcaption class=\"wp-element-caption\">Essayez la frange droite<\/figcaption><\/figure>\n\n\n\n<h2 class=\"wp-block-heading\"><span class=\"ez-toc-section\" id=\"A_franja_reta_e_uma_otima_maneira_de_adicionar_textura_e_movimento_ao_seu_cabelo\"><\/span>Les franges droites sont un excellent moyen d&#039;ajouter de la texture et du mouvement \u00e0 vos cheveux.<span class=\"ez-toc-section-end\"><\/span><\/h2>\n\n\n\n<p>Les cheveux avec une frange droite sont un excellent moyen d&#039;ajouter de la texture et du mouvement \u00e0 vos m\u00e8ches de mani\u00e8re douce et ludique. Pour garder la frange toujours belle et align\u00e9e, faites des coupes r\u00e9guli\u00e8res et gardez les m\u00e8ches toujours en bonne sant\u00e9.<\/p>\n\n\n\n<figure class=\"wp-block-image size-full\"><img loading=\"lazy\" decoding=\"async\" width=\"760\" height=\"555\" src=\"https:\/\/danidrops.com.br\/wp-content\/uploads\/2023\/07\/07-adicionar-textura-e-movimento-aos-fios-com-a-franja-reta.jpg\" alt=\"ajouter de la texture et du mouvement aux m\u00e8ches avec une frange droite\" class=\"wp-image-79776\" title=\"\" srcset=\"https:\/\/danidrops.com.br\/wp-content\/uploads\/2023\/07\/07-adicionar-textura-e-movimento-aos-fios-com-a-franja-reta.jpg 760w, https:\/\/danidrops.com.br\/wp-content\/uploads\/2023\/07\/07-adicionar-textura-e-movimento-aos-fios-com-a-franja-reta-300x219.jpg 300w, https:\/\/danidrops.com.br\/wp-content\/uploads\/2023\/07\/07-adicionar-textura-e-movimento-aos-fios-com-a-franja-reta-16x12.jpg 16w, https:\/\/danidrops.com.br\/wp-content\/uploads\/2023\/07\/07-adicionar-textura-e-movimento-aos-fios-com-a-franja-reta-150x110.jpg 150w\" sizes=\"auto, (max-width: 760px) 100vw, 760px\" \/><figcaption class=\"wp-element-caption\">ajouter de la texture et du mouvement aux m\u00e8ches avec une frange droite<\/figcaption><\/figure>\n\n\n\n<figure class=\"wp-block-image size-full\"><img loading=\"lazy\" decoding=\"async\" width=\"760\" height=\"555\" src=\"https:\/\/danidrops.com.br\/wp-content\/uploads\/2023\/07\/06-adicionar-textura-e-movimento-aos-fios-com-a-franja-reta.jpg\" alt=\"ajouter de la texture et du mouvement aux m\u00e8ches avec une frange droite\" class=\"wp-image-79775\" title=\"\" srcset=\"https:\/\/danidrops.com.br\/wp-content\/uploads\/2023\/07\/06-adicionar-textura-e-movimento-aos-fios-com-a-franja-reta.jpg 760w, https:\/\/danidrops.com.br\/wp-content\/uploads\/2023\/07\/06-adicionar-textura-e-movimento-aos-fios-com-a-franja-reta-300x219.jpg 300w, https:\/\/danidrops.com.br\/wp-content\/uploads\/2023\/07\/06-adicionar-textura-e-movimento-aos-fios-com-a-franja-reta-16x12.jpg 16w, https:\/\/danidrops.com.br\/wp-content\/uploads\/2023\/07\/06-adicionar-textura-e-movimento-aos-fios-com-a-franja-reta-150x110.jpg 150w\" sizes=\"auto, (max-width: 760px) 100vw, 760px\" \/><figcaption class=\"wp-element-caption\">ajouter de la texture et du mouvement aux m\u00e8ches avec une frange droite<\/figcaption><\/figure>\n\n\n\n<h2 class=\"wp-block-heading\"><span class=\"ez-toc-section\" id=\"O_cabelo_com_franja_reta_pode_ser_usado_para_enquadrar_o_seu_rosto_e_destacar_seus_melhores_recursos\"><\/span>Les cheveux avec une frange droite peuvent \u00eatre utilis\u00e9s pour encadrer votre visage et mettre en valeur vos meilleures caract\u00e9ristiques.<span class=\"ez-toc-section-end\"><\/span><\/h2>\n\n\n\n<p>Les cheveux avec une frange droite peuvent \u00eatre utilis\u00e9s pour encadrer votre visage et mettre en valeur vos meilleures caract\u00e9ristiques. De cette fa\u00e7on, cette coupe est une excellente option pour les femmes qui veulent une touche \u00e9l\u00e9gante et classique dans le look.<\/p>\n\n\n\n<figure class=\"wp-block-image size-full\"><img loading=\"lazy\" decoding=\"async\" width=\"760\" height=\"555\" src=\"https:\/\/danidrops.com.br\/wp-content\/uploads\/2023\/07\/08-otima-opcao-para-enquadrar-o-seu-rosto.jpg\" alt=\"excellente option pour encadrer votre visage\" class=\"wp-image-79777\" title=\"\" srcset=\"https:\/\/danidrops.com.br\/wp-content\/uploads\/2023\/07\/08-otima-opcao-para-enquadrar-o-seu-rosto.jpg 760w, https:\/\/danidrops.com.br\/wp-content\/uploads\/2023\/07\/08-otima-opcao-para-enquadrar-o-seu-rosto-300x219.jpg 300w, https:\/\/danidrops.com.br\/wp-content\/uploads\/2023\/07\/08-otima-opcao-para-enquadrar-o-seu-rosto-16x12.jpg 16w, https:\/\/danidrops.com.br\/wp-content\/uploads\/2023\/07\/08-otima-opcao-para-enquadrar-o-seu-rosto-150x110.jpg 150w\" sizes=\"auto, (max-width: 760px) 100vw, 760px\" \/><figcaption class=\"wp-element-caption\">excellente option pour encadrer votre visage<\/figcaption><\/figure>\n\n\n\n<figure class=\"wp-block-image size-full\"><img loading=\"lazy\" decoding=\"async\" width=\"760\" height=\"555\" src=\"https:\/\/danidrops.com.br\/wp-content\/uploads\/2023\/07\/09-otima-opcao-para-enquadrar-o-seu-rosto.jpg\" alt=\"excellente option pour encadrer votre visage\" class=\"wp-image-79755\" title=\"\" srcset=\"https:\/\/danidrops.com.br\/wp-content\/uploads\/2023\/07\/09-otima-opcao-para-enquadrar-o-seu-rosto.jpg 760w, https:\/\/danidrops.com.br\/wp-content\/uploads\/2023\/07\/09-otima-opcao-para-enquadrar-o-seu-rosto-300x219.jpg 300w, https:\/\/danidrops.com.br\/wp-content\/uploads\/2023\/07\/09-otima-opcao-para-enquadrar-o-seu-rosto-16x12.jpg 16w, https:\/\/danidrops.com.br\/wp-content\/uploads\/2023\/07\/09-otima-opcao-para-enquadrar-o-seu-rosto-150x110.jpg 150w\" sizes=\"auto, (max-width: 760px) 100vw, 760px\" \/><figcaption class=\"wp-element-caption\">excellente option pour encadrer votre visage<\/figcaption><\/figure>\n\n\n\n<h2 class=\"wp-block-heading\"><span class=\"ez-toc-section\" id=\"A_franja_reta_pode_ser_usada_para_criar_um_visual_casual_ou_elegante_dependendo_da_ocasiao\"><\/span>Une frange droite peut \u00eatre utilis\u00e9e pour cr\u00e9er un look d\u00e9contract\u00e9 ou \u00e9l\u00e9gant, selon l&#039;occasion.<span class=\"ez-toc-section-end\"><\/span><\/h2>\n\n\n\n<p>Les cheveux avec une frange droite peuvent \u00eatre port\u00e9s pour cr\u00e9er un look d\u00e9contract\u00e9 ou \u00e9l\u00e9gant, selon l&#039;occasion. Les \u00e9v\u00e9nements d\u00e9contract\u00e9s portent une frange droite de mani\u00e8re d\u00e9contract\u00e9e, parfaite pour un usage quotidien ou des sorties entre amis.<\/p>\n\n\n\n<figure class=\"wp-block-image size-full\"><img loading=\"lazy\" decoding=\"async\" width=\"760\" height=\"555\" src=\"https:\/\/danidrops.com.br\/wp-content\/uploads\/2023\/07\/11-crie-um-visual-casual-ou-elegante-com-a-franja-reta.jpg\" alt=\"cr\u00e9er un look d\u00e9contract\u00e9 ou \u00e9l\u00e9gant avec une frange droite\" class=\"wp-image-79757\" title=\"\" srcset=\"https:\/\/danidrops.com.br\/wp-content\/uploads\/2023\/07\/11-crie-um-visual-casual-ou-elegante-com-a-franja-reta.jpg 760w, https:\/\/danidrops.com.br\/wp-content\/uploads\/2023\/07\/11-crie-um-visual-casual-ou-elegante-com-a-franja-reta-300x219.jpg 300w, https:\/\/danidrops.com.br\/wp-content\/uploads\/2023\/07\/11-crie-um-visual-casual-ou-elegante-com-a-franja-reta-16x12.jpg 16w, https:\/\/danidrops.com.br\/wp-content\/uploads\/2023\/07\/11-crie-um-visual-casual-ou-elegante-com-a-franja-reta-150x110.jpg 150w\" sizes=\"auto, (max-width: 760px) 100vw, 760px\" \/><figcaption class=\"wp-element-caption\">cr\u00e9er un look d\u00e9contract\u00e9 ou \u00e9l\u00e9gant avec une frange droite<\/figcaption><\/figure>\n\n\n\n<p>Les \u00e9v\u00e9nements \u00e9l\u00e9gants, en revanche, n\u00e9cessitent des finitions soign\u00e9es et align\u00e9es, qui se combinent avec des coiffures classiques telles que des chignons, des queues de cheval, des tresses, des coiffures mi-hautes et bien plus encore.<\/p>\n\n\n\n<figure class=\"wp-block-image size-full\"><img loading=\"lazy\" decoding=\"async\" width=\"760\" height=\"555\" src=\"https:\/\/danidrops.com.br\/wp-content\/uploads\/2023\/07\/10-crie-um-visual-casual-ou-elegante-com-a-franja-reta.jpg\" alt=\"cr\u00e9er un look d\u00e9contract\u00e9 ou \u00e9l\u00e9gant avec une frange droite\" class=\"wp-image-79756\" title=\"\" srcset=\"https:\/\/danidrops.com.br\/wp-content\/uploads\/2023\/07\/10-crie-um-visual-casual-ou-elegante-com-a-franja-reta.jpg 760w, https:\/\/danidrops.com.br\/wp-content\/uploads\/2023\/07\/10-crie-um-visual-casual-ou-elegante-com-a-franja-reta-300x219.jpg 300w, https:\/\/danidrops.com.br\/wp-content\/uploads\/2023\/07\/10-crie-um-visual-casual-ou-elegante-com-a-franja-reta-16x12.jpg 16w, https:\/\/danidrops.com.br\/wp-content\/uploads\/2023\/07\/10-crie-um-visual-casual-ou-elegante-com-a-franja-reta-150x110.jpg 150w\" sizes=\"auto, (max-width: 760px) 100vw, 760px\" \/><figcaption class=\"wp-element-caption\">cr\u00e9er un look d\u00e9contract\u00e9 ou \u00e9l\u00e9gant avec une frange droite<\/figcaption><\/figure>\n\n\n\n<h2 class=\"wp-block-heading\"><span class=\"ez-toc-section\" id=\"O_cabelo_com_franja_reta_e_uma_otima_maneira_de_adicionar_um_toque_de_personalidade_ao_seu_visual\"><\/span>Les cheveux \u00e0 franges droites sont un excellent moyen d&#039;ajouter un peu de personnalit\u00e9 \u00e0 votre look.<span class=\"ez-toc-section-end\"><\/span><\/h2>\n\n\n\n<p>Pour les passionn\u00e9es de mode et de beaut\u00e9, les franges droites sont un excellent moyen d&#039;ajouter une touche de personnalit\u00e9 \u00e0 votre look. Cette d\u00e9claration de mode est capable d&#039;encadrer le visage et d&#039;am\u00e9liorer les traits de votre visage d&#039;une mani\u00e8re unique et sp\u00e9ciale.<\/p>\n\n\n\n<figure class=\"wp-block-image size-full\"><img loading=\"lazy\" decoding=\"async\" width=\"760\" height=\"555\" src=\"https:\/\/danidrops.com.br\/wp-content\/uploads\/2023\/07\/13-realcar-seus-tracos-faciais-com-a-franja-reta.jpg\" alt=\"am\u00e9liorez vos traits du visage avec une frange droite\" class=\"wp-image-79759\" title=\"\" srcset=\"https:\/\/danidrops.com.br\/wp-content\/uploads\/2023\/07\/13-realcar-seus-tracos-faciais-com-a-franja-reta.jpg 760w, https:\/\/danidrops.com.br\/wp-content\/uploads\/2023\/07\/13-realcar-seus-tracos-faciais-com-a-franja-reta-300x219.jpg 300w, https:\/\/danidrops.com.br\/wp-content\/uploads\/2023\/07\/13-realcar-seus-tracos-faciais-com-a-franja-reta-16x12.jpg 16w, https:\/\/danidrops.com.br\/wp-content\/uploads\/2023\/07\/13-realcar-seus-tracos-faciais-com-a-franja-reta-150x110.jpg 150w\" sizes=\"auto, (max-width: 760px) 100vw, 760px\" \/><figcaption class=\"wp-element-caption\">am\u00e9liorez vos traits du visage avec une frange droite<\/figcaption><\/figure>\n\n\n\n<figure class=\"wp-block-image size-full\"><img loading=\"lazy\" decoding=\"async\" width=\"760\" height=\"555\" src=\"https:\/\/danidrops.com.br\/wp-content\/uploads\/2023\/07\/12-realcar-seus-tracos-faciais-com-a-franja-reta.jpg\" alt=\"am\u00e9liorez vos traits du visage avec une frange droite\" class=\"wp-image-79758\" title=\"\" srcset=\"https:\/\/danidrops.com.br\/wp-content\/uploads\/2023\/07\/12-realcar-seus-tracos-faciais-com-a-franja-reta.jpg 760w, https:\/\/danidrops.com.br\/wp-content\/uploads\/2023\/07\/12-realcar-seus-tracos-faciais-com-a-franja-reta-300x219.jpg 300w, https:\/\/danidrops.com.br\/wp-content\/uploads\/2023\/07\/12-realcar-seus-tracos-faciais-com-a-franja-reta-16x12.jpg 16w, https:\/\/danidrops.com.br\/wp-content\/uploads\/2023\/07\/12-realcar-seus-tracos-faciais-com-a-franja-reta-150x110.jpg 150w\" sizes=\"auto, (max-width: 760px) 100vw, 760px\" \/><figcaption class=\"wp-element-caption\">am\u00e9liorez vos traits du visage avec une frange droite<\/figcaption><\/figure>\n\n\n\n<h2 class=\"wp-block-heading\"><span class=\"ez-toc-section\" id=\"A_franja_reta_e_uma_otima_maneira_de_se_destacar_da_multidao\"><\/span>Les franges droites sont un excellent moyen de se d\u00e9marquer de la foule.<span class=\"ez-toc-section-end\"><\/span><\/h2>\n\n\n\n<figure class=\"wp-block-image size-full\"><img loading=\"lazy\" decoding=\"async\" width=\"760\" height=\"555\" src=\"https:\/\/danidrops.com.br\/wp-content\/uploads\/2023\/07\/15-se-destaque-da-multidao-com-a-franja-reta.jpg\" alt=\"se d\u00e9marquer de la foule avec une frange droite\" class=\"wp-image-79761\" title=\"\" srcset=\"https:\/\/danidrops.com.br\/wp-content\/uploads\/2023\/07\/15-se-destaque-da-multidao-com-a-franja-reta.jpg 760w, https:\/\/danidrops.com.br\/wp-content\/uploads\/2023\/07\/15-se-destaque-da-multidao-com-a-franja-reta-300x219.jpg 300w, https:\/\/danidrops.com.br\/wp-content\/uploads\/2023\/07\/15-se-destaque-da-multidao-com-a-franja-reta-16x12.jpg 16w, https:\/\/danidrops.com.br\/wp-content\/uploads\/2023\/07\/15-se-destaque-da-multidao-com-a-franja-reta-150x110.jpg 150w\" sizes=\"auto, (max-width: 760px) 100vw, 760px\" \/><figcaption class=\"wp-element-caption\">se d\u00e9marquer de la foule avec une frange droite<\/figcaption><\/figure>\n\n\n\n<figure class=\"wp-block-image size-full\"><img loading=\"lazy\" decoding=\"async\" width=\"760\" height=\"555\" src=\"https:\/\/danidrops.com.br\/wp-content\/uploads\/2023\/07\/14-se-destaque-da-multidao-com-a-franja-reta.jpg\" alt=\"se d\u00e9marquer de la foule avec une frange droite\" class=\"wp-image-79760\" title=\"\" srcset=\"https:\/\/danidrops.com.br\/wp-content\/uploads\/2023\/07\/14-se-destaque-da-multidao-com-a-franja-reta.jpg 760w, https:\/\/danidrops.com.br\/wp-content\/uploads\/2023\/07\/14-se-destaque-da-multidao-com-a-franja-reta-300x219.jpg 300w, https:\/\/danidrops.com.br\/wp-content\/uploads\/2023\/07\/14-se-destaque-da-multidao-com-a-franja-reta-16x12.jpg 16w, https:\/\/danidrops.com.br\/wp-content\/uploads\/2023\/07\/14-se-destaque-da-multidao-com-a-franja-reta-150x110.jpg 150w\" sizes=\"auto, (max-width: 760px) 100vw, 760px\" \/><figcaption class=\"wp-element-caption\">se d\u00e9marquer de la foule avec une frange droite<\/figcaption><\/figure>\n\n\n\n<h2 class=\"wp-block-heading\"><span class=\"ez-toc-section\" id=\"A_franja_reta_e_uma_otima_maneira_de_se_sentir_confiante_e_bonita\"><\/span>Les franges droites sont un excellent moyen de se sentir confiante et belle.<span class=\"ez-toc-section-end\"><\/span><\/h2>\n\n\n\n<figure class=\"wp-block-image size-full\"><img loading=\"lazy\" decoding=\"async\" width=\"760\" height=\"555\" src=\"https:\/\/danidrops.com.br\/wp-content\/uploads\/2023\/07\/17-sinta-se-confiante-e-bonita-com-a-franja-reta.jpg\" alt=\"se sentir en confiance et belle avec une frange droite\" class=\"wp-image-79763\" title=\"\" srcset=\"https:\/\/danidrops.com.br\/wp-content\/uploads\/2023\/07\/17-sinta-se-confiante-e-bonita-com-a-franja-reta.jpg 760w, https:\/\/danidrops.com.br\/wp-content\/uploads\/2023\/07\/17-sinta-se-confiante-e-bonita-com-a-franja-reta-300x219.jpg 300w, https:\/\/danidrops.com.br\/wp-content\/uploads\/2023\/07\/17-sinta-se-confiante-e-bonita-com-a-franja-reta-16x12.jpg 16w, https:\/\/danidrops.com.br\/wp-content\/uploads\/2023\/07\/17-sinta-se-confiante-e-bonita-com-a-franja-reta-150x110.jpg 150w\" sizes=\"auto, (max-width: 760px) 100vw, 760px\" \/><figcaption class=\"wp-element-caption\">se sentir en confiance et belle avec une frange droite<\/figcaption><\/figure>\n\n\n\n<figure class=\"wp-block-image size-full\"><img loading=\"lazy\" decoding=\"async\" width=\"760\" height=\"555\" src=\"https:\/\/danidrops.com.br\/wp-content\/uploads\/2023\/07\/16-sinta-se-confiante-e-bonita-com-a-franja-reta.jpg\" alt=\"se sentir en confiance et belle avec une frange droite\" class=\"wp-image-79762\" title=\"\" srcset=\"https:\/\/danidrops.com.br\/wp-content\/uploads\/2023\/07\/16-sinta-se-confiante-e-bonita-com-a-franja-reta.jpg 760w, https:\/\/danidrops.com.br\/wp-content\/uploads\/2023\/07\/16-sinta-se-confiante-e-bonita-com-a-franja-reta-300x219.jpg 300w, https:\/\/danidrops.com.br\/wp-content\/uploads\/2023\/07\/16-sinta-se-confiante-e-bonita-com-a-franja-reta-16x12.jpg 16w, https:\/\/danidrops.com.br\/wp-content\/uploads\/2023\/07\/16-sinta-se-confiante-e-bonita-com-a-franja-reta-150x110.jpg 150w\" sizes=\"auto, (max-width: 760px) 100vw, 760px\" \/><figcaption class=\"wp-element-caption\">se sentir en confiance et belle avec une frange droite<\/figcaption><\/figure>\n\n\n\n<h2 class=\"wp-block-heading\"><span class=\"ez-toc-section\" id=\"A_franja_reta_e_uma_otima_maneira_de_celebrar_a_beleza_natural_dos_seus_cabelos\"><\/span>Les franges droites sont un excellent moyen de c\u00e9l\u00e9brer la beaut\u00e9 naturelle de vos cheveux.<span class=\"ez-toc-section-end\"><\/span><\/h2>\n\n\n\n<figure class=\"wp-block-image size-full\"><img loading=\"lazy\" decoding=\"async\" width=\"760\" height=\"555\" src=\"https:\/\/danidrops.com.br\/wp-content\/uploads\/2023\/07\/19-Experimente-a-beleza-natural-com-a-franja-reta.jpg\" alt=\"D\u00e9couvrez la beaut\u00e9 naturelle avec une frange droite\" class=\"wp-image-79765\" title=\"\" srcset=\"https:\/\/danidrops.com.br\/wp-content\/uploads\/2023\/07\/19-Experimente-a-beleza-natural-com-a-franja-reta.jpg 760w, https:\/\/danidrops.com.br\/wp-content\/uploads\/2023\/07\/19-Experimente-a-beleza-natural-com-a-franja-reta-300x219.jpg 300w, https:\/\/danidrops.com.br\/wp-content\/uploads\/2023\/07\/19-Experimente-a-beleza-natural-com-a-franja-reta-16x12.jpg 16w, https:\/\/danidrops.com.br\/wp-content\/uploads\/2023\/07\/19-Experimente-a-beleza-natural-com-a-franja-reta-150x110.jpg 150w\" sizes=\"auto, (max-width: 760px) 100vw, 760px\" \/><figcaption class=\"wp-element-caption\">D\u00e9couvrez la beaut\u00e9 naturelle avec une frange droite<\/figcaption><\/figure>\n\n\n\n<figure class=\"wp-block-image size-full\"><img loading=\"lazy\" decoding=\"async\" width=\"760\" height=\"555\" src=\"https:\/\/danidrops.com.br\/wp-content\/uploads\/2023\/07\/18-Experimente-a-beleza-natural-com-a-franja-reta.jpg\" alt=\"D\u00e9couvrez la beaut\u00e9 naturelle avec une frange droite\" class=\"wp-image-79764\" title=\"\" srcset=\"https:\/\/danidrops.com.br\/wp-content\/uploads\/2023\/07\/18-Experimente-a-beleza-natural-com-a-franja-reta.jpg 760w, https:\/\/danidrops.com.br\/wp-content\/uploads\/2023\/07\/18-Experimente-a-beleza-natural-com-a-franja-reta-300x219.jpg 300w, https:\/\/danidrops.com.br\/wp-content\/uploads\/2023\/07\/18-Experimente-a-beleza-natural-com-a-franja-reta-16x12.jpg 16w, https:\/\/danidrops.com.br\/wp-content\/uploads\/2023\/07\/18-Experimente-a-beleza-natural-com-a-franja-reta-150x110.jpg 150w\" sizes=\"auto, (max-width: 760px) 100vw, 760px\" \/><figcaption class=\"wp-element-caption\">D\u00e9couvrez la beaut\u00e9 naturelle avec une frange droite<\/figcaption><\/figure>\n\n\n\n<h2 class=\"wp-block-heading\"><span class=\"ez-toc-section\" id=\"A_franja_reta_e_uma_otima_maneira_de_se_sentir_jovem_e_vibrante\"><\/span>Les franges droites sont un excellent moyen de se sentir jeune et dynamique.<span class=\"ez-toc-section-end\"><\/span><\/h2>\n\n\n\n<figure class=\"wp-block-image size-full\"><img loading=\"lazy\" decoding=\"async\" width=\"760\" height=\"555\" src=\"https:\/\/danidrops.com.br\/wp-content\/uploads\/2023\/07\/21-sinta-se-jovem-com-a-franja-reta.jpg\" alt=\"se sentir jeune avec une frange droite\" class=\"wp-image-79767\" title=\"\" srcset=\"https:\/\/danidrops.com.br\/wp-content\/uploads\/2023\/07\/21-sinta-se-jovem-com-a-franja-reta.jpg 760w, https:\/\/danidrops.com.br\/wp-content\/uploads\/2023\/07\/21-sinta-se-jovem-com-a-franja-reta-300x219.jpg 300w, https:\/\/danidrops.com.br\/wp-content\/uploads\/2023\/07\/21-sinta-se-jovem-com-a-franja-reta-16x12.jpg 16w, https:\/\/danidrops.com.br\/wp-content\/uploads\/2023\/07\/21-sinta-se-jovem-com-a-franja-reta-150x110.jpg 150w\" sizes=\"auto, (max-width: 760px) 100vw, 760px\" \/><figcaption class=\"wp-element-caption\">se sentir jeune avec une frange droite<\/figcaption><\/figure>\n\n\n\n<figure class=\"wp-block-image size-full\"><img loading=\"lazy\" decoding=\"async\" width=\"760\" height=\"555\" src=\"https:\/\/danidrops.com.br\/wp-content\/uploads\/2023\/07\/20-sinta-se-jovem-com-a-franja-reta.jpg\" alt=\"se sentir jeune avec une frange droite\" class=\"wp-image-79766\" title=\"\" srcset=\"https:\/\/danidrops.com.br\/wp-content\/uploads\/2023\/07\/20-sinta-se-jovem-com-a-franja-reta.jpg 760w, https:\/\/danidrops.com.br\/wp-content\/uploads\/2023\/07\/20-sinta-se-jovem-com-a-franja-reta-300x219.jpg 300w, https:\/\/danidrops.com.br\/wp-content\/uploads\/2023\/07\/20-sinta-se-jovem-com-a-franja-reta-16x12.jpg 16w, https:\/\/danidrops.com.br\/wp-content\/uploads\/2023\/07\/20-sinta-se-jovem-com-a-franja-reta-150x110.jpg 150w\" sizes=\"auto, (max-width: 760px) 100vw, 760px\" \/><figcaption class=\"wp-element-caption\">se sentir jeune avec une frange droite<\/figcaption><\/figure>\n\n\n\n<h2 class=\"wp-block-heading\"><span class=\"ez-toc-section\" id=\"A_franja_reta_e_uma_otima_maneira_de_se_sentir_como_uma_estrela_de_cinema\"><\/span>Une frange droite est un excellent moyen de se sentir comme une star de cin\u00e9ma.<span class=\"ez-toc-section-end\"><\/span><\/h2>\n\n\n\n<figure class=\"wp-block-image size-full\"><img loading=\"lazy\" decoding=\"async\" width=\"760\" height=\"555\" src=\"https:\/\/danidrops.com.br\/wp-content\/uploads\/2023\/07\/23-sinta-se-uma-estrela-de-cinema-com-a-franja-reta.jpg\" alt=\"se sentir comme une star de cin\u00e9ma avec une frange droite\" class=\"wp-image-79769\" title=\"\" srcset=\"https:\/\/danidrops.com.br\/wp-content\/uploads\/2023\/07\/23-sinta-se-uma-estrela-de-cinema-com-a-franja-reta.jpg 760w, https:\/\/danidrops.com.br\/wp-content\/uploads\/2023\/07\/23-sinta-se-uma-estrela-de-cinema-com-a-franja-reta-300x219.jpg 300w, https:\/\/danidrops.com.br\/wp-content\/uploads\/2023\/07\/23-sinta-se-uma-estrela-de-cinema-com-a-franja-reta-16x12.jpg 16w, https:\/\/danidrops.com.br\/wp-content\/uploads\/2023\/07\/23-sinta-se-uma-estrela-de-cinema-com-a-franja-reta-150x110.jpg 150w\" sizes=\"auto, (max-width: 760px) 100vw, 760px\" \/><figcaption class=\"wp-element-caption\">se sentir comme une star de cin\u00e9ma avec une frange droite<\/figcaption><\/figure>\n\n\n\n<figure class=\"wp-block-image size-full\"><img loading=\"lazy\" decoding=\"async\" width=\"760\" height=\"555\" src=\"https:\/\/danidrops.com.br\/wp-content\/uploads\/2023\/07\/22-sinta-se-uma-estrela-de-cinema-com-a-franja-reta.jpg\" alt=\"se sentir comme une star de cin\u00e9ma avec une frange droite\" class=\"wp-image-79768\" title=\"\" srcset=\"https:\/\/danidrops.com.br\/wp-content\/uploads\/2023\/07\/22-sinta-se-uma-estrela-de-cinema-com-a-franja-reta.jpg 760w, https:\/\/danidrops.com.br\/wp-content\/uploads\/2023\/07\/22-sinta-se-uma-estrela-de-cinema-com-a-franja-reta-300x219.jpg 300w, https:\/\/danidrops.com.br\/wp-content\/uploads\/2023\/07\/22-sinta-se-uma-estrela-de-cinema-com-a-franja-reta-16x12.jpg 16w, https:\/\/danidrops.com.br\/wp-content\/uploads\/2023\/07\/22-sinta-se-uma-estrela-de-cinema-com-a-franja-reta-150x110.jpg 150w\" sizes=\"auto, (max-width: 760px) 100vw, 760px\" \/><figcaption class=\"wp-element-caption\">se sentir comme une star de cin\u00e9ma avec une frange droite<\/figcaption><\/figure>\n<div id=\"ez-toc-container\" class=\"ez-toc-v2_0_76 counter-hierarchy ez-toc-counter ez-toc-grey ez-toc-container-direction\">\n<p class=\"ez-toc-title\" style=\"cursor:inherit\">Vous lirez cet article<\/p>\n<label for=\"ez-toc-cssicon-toggle-item-69f3346f4b679\" class=\"ez-toc-cssicon-toggle-label\"><span class=\"ez-toc-cssicon\"><span class=\"eztoc-hide\" style=\"display:none;\">Basculer<\/span><span class=\"ez-toc-icon-toggle-span\"><svg style=\"fill: #999;color:#999\" xmlns=\"http:\/\/www.w3.org\/2000\/svg\" class=\"list-377408\" width=\"20px\" height=\"20px\" viewbox=\"0 0 24 24\" fill=\"none\"><path d=\"M6 6H4v2h2V6zm14 0H8v2h12V6zM4 11h2v2H4v-2zm16 0H8v2h12v-2zM4 16h2v2H4v-2zm16 0H8v2h12v-2z\" fill=\"currentColor\"><\/path><\/svg><svg style=\"fill: #999;color:#999\" class=\"arrow-unsorted-368013\" xmlns=\"http:\/\/www.w3.org\/2000\/svg\" width=\"10px\" height=\"10px\" viewbox=\"0 0 24 24\" version=\"1.2\" baseprofile=\"tiny\"><path d=\"M18.2 9.3l-6.2-6.3-6.2 6.3c-.2.2-.3.4-.3.7s.1.5.3.7c.2.2.4.3.7.3h11c.3 0 .5-.1.7-.3.2-.2.3-.5.3-.7s-.1-.5-.3-.7zM5.8 14.7l6.2 6.3 6.2-6.3c.2-.2.3-.5.3-.7s-.1-.5-.3-.7c-.2-.2-.4-.3-.7-.3h-11c-.3 0-.5.1-.7.3-.2.2-.3.5-.3.7s.1.5.3.7z\"\/><\/svg><\/span><\/span><\/label><input type=\"checkbox\"  id=\"ez-toc-cssicon-toggle-item-69f3346f4b679\"  aria-label=\"Basculer\" \/><nav><ul class='ez-toc-list ez-toc-list-level-1' ><li class='ez-toc-page-1 ez-toc-heading-level-2'><a class=\"ez-toc-link ez-toc-heading-1\" href=\"https:\/\/danidrops.com.br\/fr\/cheveux-avec-frange-droite\/#Quer_um_novo_visual_que_seja_moderno_e_facil_de_cuidar_Experimente_a_franja_reta\" >Envie d&#039;un nouveau look moderne et facile d&#039;entretien ? Essayez la frange droite<\/a><\/li><li class='ez-toc-page-1 ez-toc-heading-level-2'><a class=\"ez-toc-link ez-toc-heading-2\" href=\"https:\/\/danidrops.com.br\/fr\/cheveux-avec-frange-droite\/#A_franja_reta_e_uma_otima_maneira_de_adicionar_textura_e_movimento_ao_seu_cabelo\" >Les franges droites sont un excellent moyen d&#039;ajouter de la texture et du mouvement \u00e0 vos cheveux.<\/a><\/li><li class='ez-toc-page-1 ez-toc-heading-level-2'><a class=\"ez-toc-link ez-toc-heading-3\" href=\"https:\/\/danidrops.com.br\/fr\/cheveux-avec-frange-droite\/#O_cabelo_com_franja_reta_pode_ser_usado_para_enquadrar_o_seu_rosto_e_destacar_seus_melhores_recursos\" >Les cheveux avec une frange droite peuvent \u00eatre utilis\u00e9s pour encadrer votre visage et mettre en valeur vos meilleures caract\u00e9ristiques.<\/a><\/li><li class='ez-toc-page-1 ez-toc-heading-level-2'><a class=\"ez-toc-link ez-toc-heading-4\" href=\"https:\/\/danidrops.com.br\/fr\/cheveux-avec-frange-droite\/#A_franja_reta_pode_ser_usada_para_criar_um_visual_casual_ou_elegante_dependendo_da_ocasiao\" >Une frange droite peut \u00eatre utilis\u00e9e pour cr\u00e9er un look d\u00e9contract\u00e9 ou \u00e9l\u00e9gant, selon l&#039;occasion.<\/a><\/li><li class='ez-toc-page-1 ez-toc-heading-level-2'><a class=\"ez-toc-link ez-toc-heading-5\" href=\"https:\/\/danidrops.com.br\/fr\/cheveux-avec-frange-droite\/#O_cabelo_com_franja_reta_e_uma_otima_maneira_de_adicionar_um_toque_de_personalidade_ao_seu_visual\" >Les cheveux \u00e0 franges droites sont un excellent moyen d&#039;ajouter un peu de personnalit\u00e9 \u00e0 votre look.<\/a><\/li><li class='ez-toc-page-1 ez-toc-heading-level-2'><a class=\"ez-toc-link ez-toc-heading-6\" href=\"https:\/\/danidrops.com.br\/fr\/cheveux-avec-frange-droite\/#A_franja_reta_e_uma_otima_maneira_de_se_destacar_da_multidao\" >Les franges droites sont un excellent moyen de se d\u00e9marquer de la foule.<\/a><\/li><li class='ez-toc-page-1 ez-toc-heading-level-2'><a class=\"ez-toc-link ez-toc-heading-7\" href=\"https:\/\/danidrops.com.br\/fr\/cheveux-avec-frange-droite\/#A_franja_reta_e_uma_otima_maneira_de_se_sentir_confiante_e_bonita\" >Les franges droites sont un excellent moyen de se sentir confiante et belle.<\/a><\/li><li class='ez-toc-page-1 ez-toc-heading-level-2'><a class=\"ez-toc-link ez-toc-heading-8\" href=\"https:\/\/danidrops.com.br\/fr\/cheveux-avec-frange-droite\/#A_franja_reta_e_uma_otima_maneira_de_celebrar_a_beleza_natural_dos_seus_cabelos\" >Les franges droites sont un excellent moyen de c\u00e9l\u00e9brer la beaut\u00e9 naturelle de vos cheveux.<\/a><\/li><li class='ez-toc-page-1 ez-toc-heading-level-2'><a class=\"ez-toc-link ez-toc-heading-9\" href=\"https:\/\/danidrops.com.br\/fr\/cheveux-avec-frange-droite\/#A_franja_reta_e_uma_otima_maneira_de_se_sentir_jovem_e_vibrante\" >Les franges droites sont un excellent moyen de se sentir jeune et dynamique.<\/a><\/li><li class='ez-toc-page-1 ez-toc-heading-level-2'><a class=\"ez-toc-link ez-toc-heading-10\" href=\"https:\/\/danidrops.com.br\/fr\/cheveux-avec-frange-droite\/#A_franja_reta_e_uma_otima_maneira_de_se_sentir_como_uma_estrela_de_cinema\" >Une frange droite est un excellent moyen de se sentir comme une star de cin\u00e9ma.<\/a><\/li><\/ul><\/nav><\/div>","protected":false},"excerpt":{"rendered":"<p>La frange droite est un classique pour les femmes modernes, ajoutant charme et sophistication \u00e0 n&#039;importe quel look. En plus d&#039;\u00eatre\u2026<\/p>","protected":false},"author":1,"featured_media":79771,"comment_status":"open","ping_status":"open","sticky":false,"template":"","format":"standard","meta":{"footnotes":""},"categories":[439],"tags":[],"class_list":["post-79671","post","type-post","status-publish","format-standard","has-post-thumbnail","hentry","category-cabelo"],"_links":{"self":[{"href":"https:\/\/danidrops.com.br\/fr\/wp-json\/wp\/v2\/posts\/79671","targetHints":{"allow":["GET"]}}],"collection":[{"href":"https:\/\/danidrops.com.br\/fr\/wp-json\/wp\/v2\/posts"}],"about":[{"href":"https:\/\/danidrops.com.br\/fr\/wp-json\/wp\/v2\/types\/post"}],"author":[{"embeddable":true,"href":"https:\/\/danidrops.com.br\/fr\/wp-json\/wp\/v2\/users\/1"}],"replies":[{"embeddable":true,"href":"https:\/\/danidrops.com.br\/fr\/wp-json\/wp\/v2\/comments?post=79671"}],"version-history":[{"count":0,"href":"https:\/\/danidrops.com.br\/fr\/wp-json\/wp\/v2\/posts\/79671\/revisions"}],"wp:featuredmedia":[{"embeddable":true,"href":"https:\/\/danidrops.com.br\/fr\/wp-json\/wp\/v2\/media\/79771"}],"wp:attachment":[{"href":"https:\/\/danidrops.com.br\/fr\/wp-json\/wp\/v2\/media?parent=79671"}],"wp:term":[{"taxonomy":"category","embeddable":true,"href":"https:\/\/danidrops.com.br\/fr\/wp-json\/wp\/v2\/categories?post=79671"},{"taxonomy":"post_tag","embeddable":true,"href":"https:\/\/danidrops.com.br\/fr\/wp-json\/wp\/v2\/tags?post=79671"}],"curies":[{"name":"wp","href":"https:\/\/api.w.org\/{rel}","templated":true}]}}