{"id":82145,"date":"2023-08-29T10:34:43","date_gmt":"2023-08-29T13:34:43","guid":{"rendered":"https:\/\/danidrops.com.br\/?p=82145"},"modified":"2023-08-29T10:34:47","modified_gmt":"2023-08-29T13:34:47","slug":"coupe-de-cheveux-bob-a-litalienne","status":"publish","type":"post","link":"https:\/\/danidrops.com.br\/fr\/coupe-de-cheveux-bob-a-litalienne\/","title":{"rendered":"Coupe de Cheveux Bob \u00e0 l'italienne - D\u00e9couvrez plus de 60 inspirations de coupe de cheveux au carr\u00e9 italien"},"content":{"rendered":"<p>O <strong>Coupe de Cheveux Bob \u00e0 l'italienne<\/strong> c&#039;est super tendance et c&#039;est un short super moderne et innovant, o\u00f9 sa diff\u00e9rence est la pr\u00e9sence d&#039;une jolie frange ou pas de frange du tout. Ce type de coupe est parfait pour entamer de nouvelles \u00e9tapes de la vie.<\/p>\n\n\n\n<p>A lire aussi : <strong><a href=\"https:\/\/danidrops.com.br\/fr\/coupe-de-cheveux-au-carre-2023\/\" data-type=\"link\" data-id=\"https:\/\/danidrops.com.br\/corte-de-cabelo-bob-2023\/\">Bob Haircut 2023 - Voir plus de 90 inspirations de coupe de cheveux bob pour les femmes<\/a><\/strong><\/p>\n\n\n\n<figure class=\"wp-block-image size-full\"><img loading=\"lazy\" decoding=\"async\" width=\"760\" height=\"555\" src=\"https:\/\/danidrops.com.br\/wp-content\/uploads\/2023\/08\/01-corte-de-cabelo-bob-italiano.jpg\" alt=\"Coupe de Cheveux Bob \u00e0 l&#039;italienne\" class=\"wp-image-82370\" title=\"\" srcset=\"https:\/\/danidrops.com.br\/wp-content\/uploads\/2023\/08\/01-corte-de-cabelo-bob-italiano.jpg 760w, https:\/\/danidrops.com.br\/wp-content\/uploads\/2023\/08\/01-corte-de-cabelo-bob-italiano-300x219.jpg 300w, https:\/\/danidrops.com.br\/wp-content\/uploads\/2023\/08\/01-corte-de-cabelo-bob-italiano-16x12.jpg 16w, https:\/\/danidrops.com.br\/wp-content\/uploads\/2023\/08\/01-corte-de-cabelo-bob-italiano-150x110.jpg 150w\" sizes=\"auto, (max-width: 760px) 100vw, 760px\" \/><figcaption class=\"wp-element-caption\">Coupe de Cheveux Bob \u00e0 l'italienne<\/figcaption><\/figure>\n\n\n\n<figure class=\"wp-block-image size-full\"><img loading=\"lazy\" decoding=\"async\" width=\"760\" height=\"555\" src=\"https:\/\/danidrops.com.br\/wp-content\/uploads\/2023\/08\/02-corte-de-cabelo-bob-italiano.jpg\" alt=\"Coupe de Cheveux Bob \u00e0 l&#039;italienne\" class=\"wp-image-82371\" title=\"\" srcset=\"https:\/\/danidrops.com.br\/wp-content\/uploads\/2023\/08\/02-corte-de-cabelo-bob-italiano.jpg 760w, https:\/\/danidrops.com.br\/wp-content\/uploads\/2023\/08\/02-corte-de-cabelo-bob-italiano-300x219.jpg 300w, https:\/\/danidrops.com.br\/wp-content\/uploads\/2023\/08\/02-corte-de-cabelo-bob-italiano-16x12.jpg 16w, https:\/\/danidrops.com.br\/wp-content\/uploads\/2023\/08\/02-corte-de-cabelo-bob-italiano-150x110.jpg 150w\" sizes=\"auto, (max-width: 760px) 100vw, 760px\" \/><figcaption class=\"wp-element-caption\">Coupe de Cheveux Bob \u00e0 l'italienne<\/figcaption><\/figure>\n\n\n\n<p>Bien qu&#039;il ressemble beaucoup \u00e0 d&#039;autres coupes courtes, sa longueur est un diff\u00e9renciateur car il tombe sous le menton et au-dessus des \u00e9paules, avec une finition lourde et unique.<\/p>\n\n\n\n<script type=\"application\/ld+json\">{\n    \"@context\": \"https:\\\/\\\/schema.org\",\n    \"@type\": \"FAQPage\",\n    \"mainEntity\": {\n        \"@type\": \"Question\",\n        \"name\": \"O que \\u00e9 a tend\\u00eancia de corte de cabelo bob italiano?\",\n        \"acceptedAnswer\": {\n            \"@type\": \"Answer\",\n            \"text\": \"A tend\\u00eancia de corte de cabelo bob italiano \\u00e9 algo que tem ganhado o cora\\u00e7\\u00e3o das mulheres por sua versatilidade e sofistica\\u00e7\\u00e3o. Essa bel\\u00edssima novidade tem um ar fresco e vibrante que combina com v\\u00e1rias esta\\u00e7\\u00f5es do ano.\"\n        }\n    }\n}<\/script>\n\n\n\n<h2 class=\"wp-block-heading\"><span class=\"ez-toc-section\" id=\"O_que_e_a_tendencia_de_corte_de_cabelo_bob_italiano\"><\/span>Quelle est la tendance des coupes de cheveux au carr\u00e9 italien ?<span class=\"ez-toc-section-end\"><\/span><\/h2>\n\n\n\n<p>La tendance des coupes de cheveux italiennes au carr\u00e9 a conquis le c\u0153ur des femmes pour sa polyvalence et sa sophistication. Cette belle nouveaut\u00e9 a un air frais et vibrant qui s&#039;accorde avec plusieurs saisons.<\/p>\n\n\n\n<figure class=\"wp-block-image size-full\"><img loading=\"lazy\" decoding=\"async\" width=\"760\" height=\"555\" src=\"https:\/\/danidrops.com.br\/wp-content\/uploads\/2023\/08\/04-o-que-e-a-tendencia-de-corte-de-cabelo-bob-italiano.jpg\" alt=\"quelle est la tendance des coupes de cheveux au carr\u00e9 italien ?\" class=\"wp-image-82373\" title=\"\" srcset=\"https:\/\/danidrops.com.br\/wp-content\/uploads\/2023\/08\/04-o-que-e-a-tendencia-de-corte-de-cabelo-bob-italiano.jpg 760w, https:\/\/danidrops.com.br\/wp-content\/uploads\/2023\/08\/04-o-que-e-a-tendencia-de-corte-de-cabelo-bob-italiano-300x219.jpg 300w, https:\/\/danidrops.com.br\/wp-content\/uploads\/2023\/08\/04-o-que-e-a-tendencia-de-corte-de-cabelo-bob-italiano-16x12.jpg 16w, https:\/\/danidrops.com.br\/wp-content\/uploads\/2023\/08\/04-o-que-e-a-tendencia-de-corte-de-cabelo-bob-italiano-150x110.jpg 150w\" sizes=\"auto, (max-width: 760px) 100vw, 760px\" \/><figcaption class=\"wp-element-caption\">quelle est la tendance des coupes de cheveux au carr\u00e9 italien ?<\/figcaption><\/figure>\n\n\n\n<p>Ses extr\u00e9mit\u00e9s restent droites et \u00e9paisses, donnant un effet de cheveux lourds au look. De plus, il n&#039;est pas coup\u00e9 dans une seule direction, ce qui signifie qu&#039;il peut \u00eatre jet\u00e9 dans un sens ou dans l&#039;autre et ressembler toujours \u00e0 une nouvelle coiffure.<\/p>\n\n\n\n<figure class=\"wp-block-image size-full\"><img loading=\"lazy\" decoding=\"async\" width=\"760\" height=\"555\" src=\"https:\/\/danidrops.com.br\/wp-content\/uploads\/2023\/08\/03-o-que-e-a-tendencia-de-corte-de-cabelo-bob-italiano.jpg\" alt=\"quelle est la tendance des coupes de cheveux au carr\u00e9 italien ?\" class=\"wp-image-82372\" title=\"\" srcset=\"https:\/\/danidrops.com.br\/wp-content\/uploads\/2023\/08\/03-o-que-e-a-tendencia-de-corte-de-cabelo-bob-italiano.jpg 760w, https:\/\/danidrops.com.br\/wp-content\/uploads\/2023\/08\/03-o-que-e-a-tendencia-de-corte-de-cabelo-bob-italiano-300x219.jpg 300w, https:\/\/danidrops.com.br\/wp-content\/uploads\/2023\/08\/03-o-que-e-a-tendencia-de-corte-de-cabelo-bob-italiano-16x12.jpg 16w, https:\/\/danidrops.com.br\/wp-content\/uploads\/2023\/08\/03-o-que-e-a-tendencia-de-corte-de-cabelo-bob-italiano-150x110.jpg 150w\" sizes=\"auto, (max-width: 760px) 100vw, 760px\" \/><figcaption class=\"wp-element-caption\">quelle est la tendance des coupes de cheveux au carr\u00e9 italien ?<\/figcaption><\/figure>\n\n\n\n<h2 class=\"wp-block-heading\"><span class=\"ez-toc-section\" id=\"Descubra_a_Elegancia_do_Bob_Italiano_Renove_Seu_Estilo_com_Inspiracao_deste_corte_que_e_tendencia\"><\/span>D\u00e9couvrez l&#039;\u00e9l\u00e9gance du Bob italien : renouvelez votre style avec l&#039;inspiration de cette coupe tendance.<span class=\"ez-toc-section-end\"><\/span><\/h2>\n\n\n\n<p>En adoptant la coupe de cheveux au carr\u00e9 italien, vous d\u00e9couvrez l&#039;\u00e9l\u00e9gance de cette coupe et renouvelez votre style avec inspiration et personnalit\u00e9 au sein de cette tendance unique. Parce qu&#039;elle est polyvalente, toutes les femmes recherchent cette coupe, car elles sont toujours \u00e0 la recherche de looks modernes et pratiques.<\/p>\n\n\n\n<figure class=\"wp-block-image size-full\"><img loading=\"lazy\" decoding=\"async\" width=\"760\" height=\"555\" src=\"https:\/\/danidrops.com.br\/wp-content\/uploads\/2023\/08\/06-renove-seu-estilo-com-o-corte-de-cabelo-bob-italiano.jpg\" alt=\"renouvelez votre style avec la coupe de cheveux au carr\u00e9 italien\" class=\"wp-image-82375\" title=\"\" srcset=\"https:\/\/danidrops.com.br\/wp-content\/uploads\/2023\/08\/06-renove-seu-estilo-com-o-corte-de-cabelo-bob-italiano.jpg 760w, https:\/\/danidrops.com.br\/wp-content\/uploads\/2023\/08\/06-renove-seu-estilo-com-o-corte-de-cabelo-bob-italiano-300x219.jpg 300w, https:\/\/danidrops.com.br\/wp-content\/uploads\/2023\/08\/06-renove-seu-estilo-com-o-corte-de-cabelo-bob-italiano-16x12.jpg 16w, https:\/\/danidrops.com.br\/wp-content\/uploads\/2023\/08\/06-renove-seu-estilo-com-o-corte-de-cabelo-bob-italiano-150x110.jpg 150w\" sizes=\"auto, (max-width: 760px) 100vw, 760px\" \/><figcaption class=\"wp-element-caption\">renouvelez votre style avec la coupe de cheveux au carr\u00e9 italien<\/figcaption><\/figure>\n\n\n\n<figure class=\"wp-block-image size-full\"><img loading=\"lazy\" decoding=\"async\" width=\"760\" height=\"555\" src=\"https:\/\/danidrops.com.br\/wp-content\/uploads\/2023\/08\/05-renove-seu-estilo-com-o-corte-de-cabelo-bob-italiano.jpg\" alt=\"renouvelez votre style avec la coupe de cheveux au carr\u00e9 italien\" class=\"wp-image-82374\" title=\"\" srcset=\"https:\/\/danidrops.com.br\/wp-content\/uploads\/2023\/08\/05-renove-seu-estilo-com-o-corte-de-cabelo-bob-italiano.jpg 760w, https:\/\/danidrops.com.br\/wp-content\/uploads\/2023\/08\/05-renove-seu-estilo-com-o-corte-de-cabelo-bob-italiano-300x219.jpg 300w, https:\/\/danidrops.com.br\/wp-content\/uploads\/2023\/08\/05-renove-seu-estilo-com-o-corte-de-cabelo-bob-italiano-16x12.jpg 16w, https:\/\/danidrops.com.br\/wp-content\/uploads\/2023\/08\/05-renove-seu-estilo-com-o-corte-de-cabelo-bob-italiano-150x110.jpg 150w\" sizes=\"auto, (max-width: 760px) 100vw, 760px\" \/><figcaption class=\"wp-element-caption\">renouvelez votre style avec la coupe de cheveux au carr\u00e9 italien<\/figcaption><\/figure>\n\n\n\n<h2 class=\"wp-block-heading\"><span class=\"ez-toc-section\" id=\"O_corte_de_cabelo_Bob_Italiano_desperta_a_Sensualidade_de_toda_mulher\"><\/span>La coupe de cheveux Bob italienne \u00e9veille la sensualit\u00e9 de chaque femme<span class=\"ez-toc-section-end\"><\/span><\/h2>\n\n\n\n<p>La coupe de cheveux au carr\u00e9 italien est capable d&#039;\u00e9veiller la sensualit\u00e9 de chaque femme, car en plus d&#039;encadrer le visage f\u00e9minin, elle v\u00e9hicule une image de paix et de confiance en soi. Bien qu&#039;il s&#039;agisse d&#039;un classique, il existe quelques variations dans la coupe qui d\u00e9pendent exclusivement des pr\u00e9f\u00e9rences personnelles de chaque femme.<\/p>\n\n\n\n<figure class=\"wp-block-image size-full\"><img loading=\"lazy\" decoding=\"async\" width=\"760\" height=\"555\" src=\"https:\/\/danidrops.com.br\/wp-content\/uploads\/2023\/08\/08-corte-de-cabelo-bob-italiano-desperta-a-sensualidade.jpg\" alt=\"La coupe de cheveux au carr\u00e9 italien \u00e9veille la sensualit\u00e9\" class=\"wp-image-82377\" title=\"\" srcset=\"https:\/\/danidrops.com.br\/wp-content\/uploads\/2023\/08\/08-corte-de-cabelo-bob-italiano-desperta-a-sensualidade.jpg 760w, https:\/\/danidrops.com.br\/wp-content\/uploads\/2023\/08\/08-corte-de-cabelo-bob-italiano-desperta-a-sensualidade-300x219.jpg 300w, https:\/\/danidrops.com.br\/wp-content\/uploads\/2023\/08\/08-corte-de-cabelo-bob-italiano-desperta-a-sensualidade-16x12.jpg 16w, https:\/\/danidrops.com.br\/wp-content\/uploads\/2023\/08\/08-corte-de-cabelo-bob-italiano-desperta-a-sensualidade-150x110.jpg 150w\" sizes=\"auto, (max-width: 760px) 100vw, 760px\" \/><figcaption class=\"wp-element-caption\">La coupe de cheveux au carr\u00e9 italien \u00e9veille la sensualit\u00e9<\/figcaption><\/figure>\n\n\n\n<figure class=\"wp-block-image size-full\"><img loading=\"lazy\" decoding=\"async\" width=\"760\" height=\"555\" src=\"https:\/\/danidrops.com.br\/wp-content\/uploads\/2023\/08\/07-corte-de-cabelo-bob-italiano-desperta-a-sensualidade.jpg\" alt=\"La coupe de cheveux au carr\u00e9 italien \u00e9veille la sensualit\u00e9\" class=\"wp-image-82376\" title=\"\" srcset=\"https:\/\/danidrops.com.br\/wp-content\/uploads\/2023\/08\/07-corte-de-cabelo-bob-italiano-desperta-a-sensualidade.jpg 760w, https:\/\/danidrops.com.br\/wp-content\/uploads\/2023\/08\/07-corte-de-cabelo-bob-italiano-desperta-a-sensualidade-300x219.jpg 300w, https:\/\/danidrops.com.br\/wp-content\/uploads\/2023\/08\/07-corte-de-cabelo-bob-italiano-desperta-a-sensualidade-16x12.jpg 16w, https:\/\/danidrops.com.br\/wp-content\/uploads\/2023\/08\/07-corte-de-cabelo-bob-italiano-desperta-a-sensualidade-150x110.jpg 150w\" sizes=\"auto, (max-width: 760px) 100vw, 760px\" \/><figcaption class=\"wp-element-caption\">La coupe de cheveux au carr\u00e9 italien \u00e9veille la sensualit\u00e9<\/figcaption><\/figure>\n\n\n\n<h2 class=\"wp-block-heading\"><span class=\"ez-toc-section\" id=\"Com_o_corte_de_cabelo_Bob_Italiano_voce_fara_uma_mudanca_no_visual_e_ficara_elegante\"><\/span>Avec la coupe de cheveux Bob italienne, vous changerez de look et aurez l&#039;air \u00e9l\u00e9gant<span class=\"ez-toc-section-end\"><\/span><\/h2>\n\n\n\n<p>Avec la coupe de cheveux au carr\u00e9 italien, vous changerez de look et aurez l\u2019air \u00e9l\u00e9gant et sophistiqu\u00e9 pour tout \u00e9v\u00e9nement. Si vous \u00eates le genre de personne qui aime les changements de look plus discrets, vous allez certainement adorer ce type de coupe.<\/p>\n\n\n\n<figure class=\"wp-block-image size-full\"><img loading=\"lazy\" decoding=\"async\" width=\"760\" height=\"555\" src=\"https:\/\/danidrops.com.br\/wp-content\/uploads\/2023\/08\/10-corte-bob-italiano-fara-uma-mudanca-no-visual.jpg\" alt=\"La coupe bob italienne va changer le look\" class=\"wp-image-82379\" title=\"\" srcset=\"https:\/\/danidrops.com.br\/wp-content\/uploads\/2023\/08\/10-corte-bob-italiano-fara-uma-mudanca-no-visual.jpg 760w, https:\/\/danidrops.com.br\/wp-content\/uploads\/2023\/08\/10-corte-bob-italiano-fara-uma-mudanca-no-visual-300x219.jpg 300w, https:\/\/danidrops.com.br\/wp-content\/uploads\/2023\/08\/10-corte-bob-italiano-fara-uma-mudanca-no-visual-16x12.jpg 16w, https:\/\/danidrops.com.br\/wp-content\/uploads\/2023\/08\/10-corte-bob-italiano-fara-uma-mudanca-no-visual-150x110.jpg 150w\" sizes=\"auto, (max-width: 760px) 100vw, 760px\" \/><figcaption class=\"wp-element-caption\">La coupe bob italienne va changer le look<\/figcaption><\/figure>\n\n\n\n<p>La longueur plus longue offre des variations de coiffures plus larges et la possibilit\u00e9 de couper ou non une frange, c&#039;est aussi un diff\u00e9rentiel pour celles qui aiment les looks originaux.<\/p>\n\n\n\n<figure class=\"wp-block-image size-full\"><img loading=\"lazy\" decoding=\"async\" width=\"760\" height=\"555\" src=\"https:\/\/danidrops.com.br\/wp-content\/uploads\/2023\/08\/09-corte-bob-italiano-fara-uma-mudanca-no-visual.jpg\" alt=\"La coupe bob italienne va changer le look\" class=\"wp-image-82378\" title=\"\" srcset=\"https:\/\/danidrops.com.br\/wp-content\/uploads\/2023\/08\/09-corte-bob-italiano-fara-uma-mudanca-no-visual.jpg 760w, https:\/\/danidrops.com.br\/wp-content\/uploads\/2023\/08\/09-corte-bob-italiano-fara-uma-mudanca-no-visual-300x219.jpg 300w, https:\/\/danidrops.com.br\/wp-content\/uploads\/2023\/08\/09-corte-bob-italiano-fara-uma-mudanca-no-visual-16x12.jpg 16w, https:\/\/danidrops.com.br\/wp-content\/uploads\/2023\/08\/09-corte-bob-italiano-fara-uma-mudanca-no-visual-150x110.jpg 150w\" sizes=\"auto, (max-width: 760px) 100vw, 760px\" \/><figcaption class=\"wp-element-caption\">La coupe bob italienne va changer le look<\/figcaption><\/figure>\n\n\n\n<h2 class=\"wp-block-heading\"><span class=\"ez-toc-section\" id=\"O_cabelo_Bob_Italiano_e_perfeito_para_qualquer_tipo_de_cabelo_pois_ele_se_adequa_a_Camadas_e_a_Textura\"><\/span>Les cheveux Bob italiens sont parfaits pour tout type de cheveux car ils conviennent aux couches et \u00e0 la texture.<span class=\"ez-toc-section-end\"><\/span><\/h2>\n\n\n\n<p>Si vous souhaitez une coupe polyvalente, vous pouvez miser sur la coupe de cheveux au carr\u00e9 italien car elle s&#039;adapte \u00e0 tout type de cheveux et s&#039;adapte \u00e0 diff\u00e9rentes couches et textures. Les cheveux raides, ondul\u00e9s, boucl\u00e9s et cr\u00e9pus peuvent b\u00e9n\u00e9ficier de cette coupe, il suffit de savoir comment les finir.<\/p>\n\n\n\n<figure class=\"wp-block-image size-full\"><img loading=\"lazy\" decoding=\"async\" width=\"760\" height=\"555\" src=\"https:\/\/danidrops.com.br\/wp-content\/uploads\/2023\/08\/12-o-cabelo-bob-italiano-e-perfeito-para-qualquer-tipo-de-cabelo.jpg\" alt=\"Les cheveux bob italiens sont parfaits pour tout type de cheveux.\" class=\"wp-image-82357\" title=\"\" srcset=\"https:\/\/danidrops.com.br\/wp-content\/uploads\/2023\/08\/12-o-cabelo-bob-italiano-e-perfeito-para-qualquer-tipo-de-cabelo.jpg 760w, https:\/\/danidrops.com.br\/wp-content\/uploads\/2023\/08\/12-o-cabelo-bob-italiano-e-perfeito-para-qualquer-tipo-de-cabelo-300x219.jpg 300w, https:\/\/danidrops.com.br\/wp-content\/uploads\/2023\/08\/12-o-cabelo-bob-italiano-e-perfeito-para-qualquer-tipo-de-cabelo-16x12.jpg 16w, https:\/\/danidrops.com.br\/wp-content\/uploads\/2023\/08\/12-o-cabelo-bob-italiano-e-perfeito-para-qualquer-tipo-de-cabelo-150x110.jpg 150w\" sizes=\"auto, (max-width: 760px) 100vw, 760px\" \/><figcaption class=\"wp-element-caption\">Les cheveux bob italiens sont parfaits pour tout type de cheveux.<\/figcaption><\/figure>\n\n\n\n<p>Pour ce faire, investissez dans des produits sp\u00e9cifiques et de bonne qualit\u00e9, car le soin et la sant\u00e9 des m\u00e8ches sont extr\u00eamement importants pour garder les m\u00e8ches toujours brillantes, fortes et soyeuses.<\/p>\n\n\n\n<figure class=\"wp-block-image size-full\"><img loading=\"lazy\" decoding=\"async\" width=\"760\" height=\"555\" src=\"https:\/\/danidrops.com.br\/wp-content\/uploads\/2023\/08\/11-o-cabelo-bob-italiano-e-perfeito-para-qualquer-tipo-de-cabelo.jpg\" alt=\"Les cheveux bob italiens sont parfaits pour tout type de cheveux.\" class=\"wp-image-82356\" title=\"\" srcset=\"https:\/\/danidrops.com.br\/wp-content\/uploads\/2023\/08\/11-o-cabelo-bob-italiano-e-perfeito-para-qualquer-tipo-de-cabelo.jpg 760w, https:\/\/danidrops.com.br\/wp-content\/uploads\/2023\/08\/11-o-cabelo-bob-italiano-e-perfeito-para-qualquer-tipo-de-cabelo-300x219.jpg 300w, https:\/\/danidrops.com.br\/wp-content\/uploads\/2023\/08\/11-o-cabelo-bob-italiano-e-perfeito-para-qualquer-tipo-de-cabelo-16x12.jpg 16w, https:\/\/danidrops.com.br\/wp-content\/uploads\/2023\/08\/11-o-cabelo-bob-italiano-e-perfeito-para-qualquer-tipo-de-cabelo-150x110.jpg 150w\" sizes=\"auto, (max-width: 760px) 100vw, 760px\" \/><figcaption class=\"wp-element-caption\">Les cheveux bob italiens sont parfaits pour tout type de cheveux.<\/figcaption><\/figure>\n\n\n\n<h2 class=\"wp-block-heading\"><span class=\"ez-toc-section\" id=\"O_corte_de_cabelo_Bob_Italiano_e_um_corte_curto_e_em_camadas_que_e_perfeito_para_quem_quer_adicionar_volume_e_textura_ao_cabelo\"><\/span>La coupe de cheveux italienne Bob est une coupe courte et d\u00e9grad\u00e9e qui convient parfaitement \u00e0 tous ceux qui cherchent \u00e0 ajouter du volume et de la texture \u00e0 leurs cheveux.<span class=\"ez-toc-section-end\"><\/span><\/h2>\n\n\n\n<p>Pour les femmes qui aiment le volume et la texture, misez sur la coupe de cheveux au carr\u00e9 italien, car elle est courte et r\u00e9alis\u00e9e en couches, elle est donc parfaite pour ajouter la touche de volume et de charme n\u00e9cessaire pour mettre en valeur la beaut\u00e9 f\u00e9minine.<\/p>\n\n\n\n<figure class=\"wp-block-image size-full\"><img loading=\"lazy\" decoding=\"async\" width=\"760\" height=\"555\" src=\"https:\/\/danidrops.com.br\/wp-content\/uploads\/2023\/08\/14-corte-de-cabelo-bob-italiano-curto-e-em-camadas.jpg\" alt=\"coupe de cheveux bob italien en couches courtes\" class=\"wp-image-82359\" title=\"\" srcset=\"https:\/\/danidrops.com.br\/wp-content\/uploads\/2023\/08\/14-corte-de-cabelo-bob-italiano-curto-e-em-camadas.jpg 760w, https:\/\/danidrops.com.br\/wp-content\/uploads\/2023\/08\/14-corte-de-cabelo-bob-italiano-curto-e-em-camadas-300x219.jpg 300w, https:\/\/danidrops.com.br\/wp-content\/uploads\/2023\/08\/14-corte-de-cabelo-bob-italiano-curto-e-em-camadas-16x12.jpg 16w, https:\/\/danidrops.com.br\/wp-content\/uploads\/2023\/08\/14-corte-de-cabelo-bob-italiano-curto-e-em-camadas-150x110.jpg 150w\" sizes=\"auto, (max-width: 760px) 100vw, 760px\" \/><figcaption class=\"wp-element-caption\">coupe de cheveux bob italien en couches courtes<\/figcaption><\/figure>\n\n\n\n<figure class=\"wp-block-image size-full\"><img loading=\"lazy\" decoding=\"async\" width=\"760\" height=\"555\" src=\"https:\/\/danidrops.com.br\/wp-content\/uploads\/2023\/08\/13-corte-de-cabelo-bob-italiano-curto-e-em-camadas.jpg\" alt=\"coupe de cheveux bob italien en couches courtes\" class=\"wp-image-82358\" title=\"\" srcset=\"https:\/\/danidrops.com.br\/wp-content\/uploads\/2023\/08\/13-corte-de-cabelo-bob-italiano-curto-e-em-camadas.jpg 760w, https:\/\/danidrops.com.br\/wp-content\/uploads\/2023\/08\/13-corte-de-cabelo-bob-italiano-curto-e-em-camadas-300x219.jpg 300w, https:\/\/danidrops.com.br\/wp-content\/uploads\/2023\/08\/13-corte-de-cabelo-bob-italiano-curto-e-em-camadas-16x12.jpg 16w, https:\/\/danidrops.com.br\/wp-content\/uploads\/2023\/08\/13-corte-de-cabelo-bob-italiano-curto-e-em-camadas-150x110.jpg 150w\" sizes=\"auto, (max-width: 760px) 100vw, 760px\" \/><figcaption class=\"wp-element-caption\">coupe de cheveux bob italien en couches courtes<\/figcaption><\/figure>\n\n\n\n<h2 class=\"wp-block-heading\"><span class=\"ez-toc-section\" id=\"O_cabelo_Bob_Italiano_e_inspirado_nos_anos_90_e_e_caracterizado_por_suas_camadas_suaves\"><\/span>Les cheveux Bob italiens s&#039;inspirent des ann\u00e9es 90 et se caract\u00e9risent par leurs couches douces<span class=\"ez-toc-section-end\"><\/span><\/h2>\n\n\n\n<p>Ce type de coupe s&#039;inspire des ann\u00e9es 90 et sa principale caract\u00e9ristique r\u00e9side dans les couches douces, car la coupe de cheveux au carr\u00e9 italien doit \u00eatre discr\u00e8te et en m\u00eame temps belle et polyvalente. Pour le rendre encore plus joli, ajoutez une frange longue et puissante pour mettre en valeur vos caract\u00e9ristiques les plus importantes.<\/p>\n\n\n\n<figure class=\"wp-block-image size-full\"><img loading=\"lazy\" decoding=\"async\" width=\"760\" height=\"555\" src=\"https:\/\/danidrops.com.br\/wp-content\/uploads\/2023\/08\/16-cabelo-bob-italiano-inspirado-nos-anos-90.jpg\" alt=\"Bob italien inspir\u00e9 des ann\u00e9es 90\" class=\"wp-image-82361\" title=\"\" srcset=\"https:\/\/danidrops.com.br\/wp-content\/uploads\/2023\/08\/16-cabelo-bob-italiano-inspirado-nos-anos-90.jpg 760w, https:\/\/danidrops.com.br\/wp-content\/uploads\/2023\/08\/16-cabelo-bob-italiano-inspirado-nos-anos-90-300x219.jpg 300w, https:\/\/danidrops.com.br\/wp-content\/uploads\/2023\/08\/16-cabelo-bob-italiano-inspirado-nos-anos-90-16x12.jpg 16w, https:\/\/danidrops.com.br\/wp-content\/uploads\/2023\/08\/16-cabelo-bob-italiano-inspirado-nos-anos-90-150x110.jpg 150w\" sizes=\"auto, (max-width: 760px) 100vw, 760px\" \/><figcaption class=\"wp-element-caption\">Bob italien inspir\u00e9 des ann\u00e9es 90<\/figcaption><\/figure>\n\n\n\n<figure class=\"wp-block-image size-full\"><img loading=\"lazy\" decoding=\"async\" width=\"760\" height=\"555\" src=\"https:\/\/danidrops.com.br\/wp-content\/uploads\/2023\/08\/15-cabelo-bob-italiano-inspirado-nos-anos-90.jpg\" alt=\"Bob italien inspir\u00e9 des ann\u00e9es 90\" class=\"wp-image-82360\" title=\"\" srcset=\"https:\/\/danidrops.com.br\/wp-content\/uploads\/2023\/08\/15-cabelo-bob-italiano-inspirado-nos-anos-90.jpg 760w, https:\/\/danidrops.com.br\/wp-content\/uploads\/2023\/08\/15-cabelo-bob-italiano-inspirado-nos-anos-90-300x219.jpg 300w, https:\/\/danidrops.com.br\/wp-content\/uploads\/2023\/08\/15-cabelo-bob-italiano-inspirado-nos-anos-90-16x12.jpg 16w, https:\/\/danidrops.com.br\/wp-content\/uploads\/2023\/08\/15-cabelo-bob-italiano-inspirado-nos-anos-90-150x110.jpg 150w\" sizes=\"auto, (max-width: 760px) 100vw, 760px\" \/><figcaption class=\"wp-element-caption\">Bob italien inspir\u00e9 des ann\u00e9es 90<\/figcaption><\/figure>\n\n\n\n<h2 class=\"wp-block-heading\"><span class=\"ez-toc-section\" id=\"O_corte_de_cabelo_Bob_Italiano_e_um_corte_versatil_que_pode_ser_estilizado_de_varias_maneiras_incluindo_cabelos_lisos_ondulados_ou_cacheados\"><\/span>La coupe de cheveux italienne Bob est une coupe polyvalente qui peut \u00eatre coiff\u00e9e de diff\u00e9rentes mani\u00e8res, y compris les cheveux raides, ondul\u00e9s ou boucl\u00e9s.<span class=\"ez-toc-section-end\"><\/span><\/h2>\n\n\n\n<p>\u00c9tant une coupe tr\u00e8s polyvalente, la coupe de cheveux italienne peut \u00eatre coiff\u00e9e de diff\u00e9rentes mani\u00e8res, y compris les cheveux raides, ondul\u00e9s et boucl\u00e9s. Pour chaque type de cheveux, une finalisation est indiqu\u00e9e, il est donc toujours bon de rechercher des professionnels qualifi\u00e9s.<\/p>\n\n\n\n<figure class=\"wp-block-image size-full\"><img loading=\"lazy\" decoding=\"async\" width=\"760\" height=\"555\" src=\"https:\/\/danidrops.com.br\/wp-content\/uploads\/2023\/08\/18-bob-italiano-o-corte-de-cabelo-que-e-super-versatil.jpg\" alt=\"bob italien la coupe de cheveux super polyvalente\" class=\"wp-image-82363\" title=\"\" srcset=\"https:\/\/danidrops.com.br\/wp-content\/uploads\/2023\/08\/18-bob-italiano-o-corte-de-cabelo-que-e-super-versatil.jpg 760w, https:\/\/danidrops.com.br\/wp-content\/uploads\/2023\/08\/18-bob-italiano-o-corte-de-cabelo-que-e-super-versatil-300x219.jpg 300w, https:\/\/danidrops.com.br\/wp-content\/uploads\/2023\/08\/18-bob-italiano-o-corte-de-cabelo-que-e-super-versatil-16x12.jpg 16w, https:\/\/danidrops.com.br\/wp-content\/uploads\/2023\/08\/18-bob-italiano-o-corte-de-cabelo-que-e-super-versatil-150x110.jpg 150w\" sizes=\"auto, (max-width: 760px) 100vw, 760px\" \/><figcaption class=\"wp-element-caption\">bob italien la coupe de cheveux super polyvalente<\/figcaption><\/figure>\n\n\n\n<figure class=\"wp-block-image size-full\"><img loading=\"lazy\" decoding=\"async\" width=\"760\" height=\"555\" src=\"https:\/\/danidrops.com.br\/wp-content\/uploads\/2023\/08\/17-bob-italiano-o-corte-de-cabelo-que-e-super-versatil.jpg\" alt=\"bob italien la coupe de cheveux super polyvalente\" class=\"wp-image-82362\" title=\"\" srcset=\"https:\/\/danidrops.com.br\/wp-content\/uploads\/2023\/08\/17-bob-italiano-o-corte-de-cabelo-que-e-super-versatil.jpg 760w, https:\/\/danidrops.com.br\/wp-content\/uploads\/2023\/08\/17-bob-italiano-o-corte-de-cabelo-que-e-super-versatil-300x219.jpg 300w, https:\/\/danidrops.com.br\/wp-content\/uploads\/2023\/08\/17-bob-italiano-o-corte-de-cabelo-que-e-super-versatil-16x12.jpg 16w, https:\/\/danidrops.com.br\/wp-content\/uploads\/2023\/08\/17-bob-italiano-o-corte-de-cabelo-que-e-super-versatil-150x110.jpg 150w\" sizes=\"auto, (max-width: 760px) 100vw, 760px\" \/><figcaption class=\"wp-element-caption\">bob italien la coupe de cheveux super polyvalente<\/figcaption><\/figure>\n\n\n\n<h2 class=\"wp-block-heading\"><span class=\"ez-toc-section\" id=\"O_bob_italiano_e_um_corte_elegante_e_moderno_que_e_perfeito_para_qualquer_ocasiao\"><\/span>Le carr\u00e9 italien est une coupe \u00e9l\u00e9gante et moderne qui convient parfaitement \u00e0 toutes les occasions.<span class=\"ez-toc-section-end\"><\/span><\/h2>\n\n\n\n<p>Si vous souhaitez une coupe parfaite en toute occasion, misez sur la tendance coupe de cheveux au carr\u00e9 italien. Il est moderne et \u00e9l\u00e9gant, en plus, il est facile \u00e0 nettoyer et n\u00e9cessite peu d\u2019entretien.<\/p>\n\n\n\n<figure class=\"wp-block-image size-full\"><img loading=\"lazy\" decoding=\"async\" width=\"760\" height=\"555\" src=\"https:\/\/danidrops.com.br\/wp-content\/uploads\/2023\/08\/20-bob-italiano-um-corte-elegante-e-moderno.jpg\" alt=\"Bob italien une coupe \u00e9pur\u00e9e et moderne\" class=\"wp-image-82365\" title=\"\" srcset=\"https:\/\/danidrops.com.br\/wp-content\/uploads\/2023\/08\/20-bob-italiano-um-corte-elegante-e-moderno.jpg 760w, https:\/\/danidrops.com.br\/wp-content\/uploads\/2023\/08\/20-bob-italiano-um-corte-elegante-e-moderno-300x219.jpg 300w, https:\/\/danidrops.com.br\/wp-content\/uploads\/2023\/08\/20-bob-italiano-um-corte-elegante-e-moderno-16x12.jpg 16w, https:\/\/danidrops.com.br\/wp-content\/uploads\/2023\/08\/20-bob-italiano-um-corte-elegante-e-moderno-150x110.jpg 150w\" sizes=\"auto, (max-width: 760px) 100vw, 760px\" \/><figcaption class=\"wp-element-caption\">Bob italien une coupe \u00e9pur\u00e9e et moderne<\/figcaption><\/figure>\n\n\n\n<figure class=\"wp-block-image size-full\"><img loading=\"lazy\" decoding=\"async\" width=\"760\" height=\"555\" src=\"https:\/\/danidrops.com.br\/wp-content\/uploads\/2023\/08\/19-bob-italiano-um-corte-elegante-e-moderno.jpg\" alt=\"Bob italien une coupe \u00e9pur\u00e9e et moderne\" class=\"wp-image-82364\" title=\"\" srcset=\"https:\/\/danidrops.com.br\/wp-content\/uploads\/2023\/08\/19-bob-italiano-um-corte-elegante-e-moderno.jpg 760w, https:\/\/danidrops.com.br\/wp-content\/uploads\/2023\/08\/19-bob-italiano-um-corte-elegante-e-moderno-300x219.jpg 300w, https:\/\/danidrops.com.br\/wp-content\/uploads\/2023\/08\/19-bob-italiano-um-corte-elegante-e-moderno-16x12.jpg 16w, https:\/\/danidrops.com.br\/wp-content\/uploads\/2023\/08\/19-bob-italiano-um-corte-elegante-e-moderno-150x110.jpg 150w\" sizes=\"auto, (max-width: 760px) 100vw, 760px\" \/><figcaption class=\"wp-element-caption\">Bob italien une coupe \u00e9pur\u00e9e et moderne<\/figcaption><\/figure>\n\n\n\n<h2 class=\"wp-block-heading\"><span class=\"ez-toc-section\" id=\"O_corte_de_cabelo_feminino_bob_italiano_fica_bem_em_qualquer_formato_de_rosto\"><\/span>La coupe de cheveux bob italienne pour femme convient \u00e0 toutes les formes de visage<span class=\"ez-toc-section-end\"><\/span><\/h2>\n\n\n\n<p>La coupe de cheveux au carr\u00e9 italien se marie bien avec toutes les formes de visage, mais dans certains cas, il faut \u00eatre prudent. Pour cela, faites appel \u00e0 des professionnels sp\u00e9cialis\u00e9s dans la coupe et le design du visage, car ils savent quelles variations s&#039;harmonisent avec votre type de visage.<\/p>\n\n\n\n<figure class=\"wp-block-image size-full\"><img loading=\"lazy\" decoding=\"async\" width=\"760\" height=\"555\" src=\"https:\/\/danidrops.com.br\/wp-content\/uploads\/2023\/08\/22-corte-de-cabelo-feminino-bob-italiano.jpg\" alt=\"coupe de cheveux bob italien pour femme\" class=\"wp-image-82367\" title=\"\" srcset=\"https:\/\/danidrops.com.br\/wp-content\/uploads\/2023\/08\/22-corte-de-cabelo-feminino-bob-italiano.jpg 760w, https:\/\/danidrops.com.br\/wp-content\/uploads\/2023\/08\/22-corte-de-cabelo-feminino-bob-italiano-300x219.jpg 300w, https:\/\/danidrops.com.br\/wp-content\/uploads\/2023\/08\/22-corte-de-cabelo-feminino-bob-italiano-16x12.jpg 16w, https:\/\/danidrops.com.br\/wp-content\/uploads\/2023\/08\/22-corte-de-cabelo-feminino-bob-italiano-150x110.jpg 150w\" sizes=\"auto, (max-width: 760px) 100vw, 760px\" \/><figcaption class=\"wp-element-caption\">coupe de cheveux bob italien pour femme<\/figcaption><\/figure>\n\n\n\n<figure class=\"wp-block-image size-full\"><img loading=\"lazy\" decoding=\"async\" width=\"760\" height=\"555\" src=\"https:\/\/danidrops.com.br\/wp-content\/uploads\/2023\/08\/21-corte-de-cabelo-feminino-bob-italiano.jpg\" alt=\"coupe de cheveux bob italien pour femme\" class=\"wp-image-82366\" title=\"\" srcset=\"https:\/\/danidrops.com.br\/wp-content\/uploads\/2023\/08\/21-corte-de-cabelo-feminino-bob-italiano.jpg 760w, https:\/\/danidrops.com.br\/wp-content\/uploads\/2023\/08\/21-corte-de-cabelo-feminino-bob-italiano-300x219.jpg 300w, https:\/\/danidrops.com.br\/wp-content\/uploads\/2023\/08\/21-corte-de-cabelo-feminino-bob-italiano-16x12.jpg 16w, https:\/\/danidrops.com.br\/wp-content\/uploads\/2023\/08\/21-corte-de-cabelo-feminino-bob-italiano-150x110.jpg 150w\" sizes=\"auto, (max-width: 760px) 100vw, 760px\" \/><figcaption class=\"wp-element-caption\">coupe de cheveux bob italien pour femme<\/figcaption><\/figure>\n\n\n\n<h2 class=\"wp-block-heading\"><span class=\"ez-toc-section\" id=\"Quais_celebridades_estao_usando_o_corte_de_cabelo_bob_italiano\"><\/span>Quelles c\u00e9l\u00e9brit\u00e9s adoptent la coupe de cheveux au carr\u00e9 italien ?<span class=\"ez-toc-section-end\"><\/span><\/h2>\n\n\n\n<p>Certaines c\u00e9l\u00e9brit\u00e9s utilisent d\u00e9j\u00e0 la coupe de cheveux au carr\u00e9 italien, notamment Zendaya, Jennifer Aniston, Scarlett Johansson, Kate Middleton, Olivia Palermo, Gigi Hadid, Kendall Jenner, Bella Hadid, Dua Lipa et Camila Cabello.<\/p>\n\n\n\n<figure class=\"wp-block-image size-full\"><img loading=\"lazy\" decoding=\"async\" width=\"760\" height=\"555\" src=\"https:\/\/danidrops.com.br\/wp-content\/uploads\/2023\/08\/24-quais-celebridades-estao-usando-o-corte-de-cabelo-bob-italiano.jpg\" alt=\"Quelles c\u00e9l\u00e9brit\u00e9s adoptent la coupe de cheveux au carr\u00e9 italien ?\" class=\"wp-image-82369\" title=\"\" srcset=\"https:\/\/danidrops.com.br\/wp-content\/uploads\/2023\/08\/24-quais-celebridades-estao-usando-o-corte-de-cabelo-bob-italiano.jpg 760w, https:\/\/danidrops.com.br\/wp-content\/uploads\/2023\/08\/24-quais-celebridades-estao-usando-o-corte-de-cabelo-bob-italiano-300x219.jpg 300w, https:\/\/danidrops.com.br\/wp-content\/uploads\/2023\/08\/24-quais-celebridades-estao-usando-o-corte-de-cabelo-bob-italiano-16x12.jpg 16w, https:\/\/danidrops.com.br\/wp-content\/uploads\/2023\/08\/24-quais-celebridades-estao-usando-o-corte-de-cabelo-bob-italiano-150x110.jpg 150w\" sizes=\"auto, (max-width: 760px) 100vw, 760px\" \/><figcaption class=\"wp-element-caption\">Quelles c\u00e9l\u00e9brit\u00e9s adoptent la coupe de cheveux au carr\u00e9 italien ?<\/figcaption><\/figure>\n\n\n\n<figure class=\"wp-block-image size-full\"><img loading=\"lazy\" decoding=\"async\" width=\"760\" height=\"555\" src=\"https:\/\/danidrops.com.br\/wp-content\/uploads\/2023\/08\/23-quais-celebridades-estao-usando-o-corte-de-cabelo-bob-italiano.jpg\" alt=\"Quelles c\u00e9l\u00e9brit\u00e9s adoptent la coupe de cheveux au carr\u00e9 italien ?\" class=\"wp-image-82368\" title=\"\" srcset=\"https:\/\/danidrops.com.br\/wp-content\/uploads\/2023\/08\/23-quais-celebridades-estao-usando-o-corte-de-cabelo-bob-italiano.jpg 760w, https:\/\/danidrops.com.br\/wp-content\/uploads\/2023\/08\/23-quais-celebridades-estao-usando-o-corte-de-cabelo-bob-italiano-300x219.jpg 300w, https:\/\/danidrops.com.br\/wp-content\/uploads\/2023\/08\/23-quais-celebridades-estao-usando-o-corte-de-cabelo-bob-italiano-16x12.jpg 16w, https:\/\/danidrops.com.br\/wp-content\/uploads\/2023\/08\/23-quais-celebridades-estao-usando-o-corte-de-cabelo-bob-italiano-150x110.jpg 150w\" sizes=\"auto, (max-width: 760px) 100vw, 760px\" \/><figcaption class=\"wp-element-caption\">Quelles c\u00e9l\u00e9brit\u00e9s adoptent la coupe de cheveux au carr\u00e9 italien ?<\/figcaption><\/figure>\n<div id=\"ez-toc-container\" class=\"ez-toc-v2_0_76 counter-hierarchy ez-toc-counter ez-toc-grey ez-toc-container-direction\">\n<p class=\"ez-toc-title\" style=\"cursor:inherit\">Vous lirez cet article<\/p>\n<label for=\"ez-toc-cssicon-toggle-item-69f4370d2c7dd\" class=\"ez-toc-cssicon-toggle-label\"><span class=\"ez-toc-cssicon\"><span class=\"eztoc-hide\" style=\"display:none;\">Basculer<\/span><span class=\"ez-toc-icon-toggle-span\"><svg style=\"fill: #999;color:#999\" xmlns=\"http:\/\/www.w3.org\/2000\/svg\" class=\"list-377408\" width=\"20px\" height=\"20px\" viewbox=\"0 0 24 24\" fill=\"none\"><path d=\"M6 6H4v2h2V6zm14 0H8v2h12V6zM4 11h2v2H4v-2zm16 0H8v2h12v-2zM4 16h2v2H4v-2zm16 0H8v2h12v-2z\" fill=\"currentColor\"><\/path><\/svg><svg style=\"fill: #999;color:#999\" class=\"arrow-unsorted-368013\" xmlns=\"http:\/\/www.w3.org\/2000\/svg\" width=\"10px\" height=\"10px\" viewbox=\"0 0 24 24\" version=\"1.2\" baseprofile=\"tiny\"><path d=\"M18.2 9.3l-6.2-6.3-6.2 6.3c-.2.2-.3.4-.3.7s.1.5.3.7c.2.2.4.3.7.3h11c.3 0 .5-.1.7-.3.2-.2.3-.5.3-.7s-.1-.5-.3-.7zM5.8 14.7l6.2 6.3 6.2-6.3c.2-.2.3-.5.3-.7s-.1-.5-.3-.7c-.2-.2-.4-.3-.7-.3h-11c-.3 0-.5.1-.7.3-.2.2-.3.5-.3.7s.1.5.3.7z\"\/><\/svg><\/span><\/span><\/label><input type=\"checkbox\"  id=\"ez-toc-cssicon-toggle-item-69f4370d2c7dd\"  aria-label=\"Basculer\" \/><nav><ul class='ez-toc-list ez-toc-list-level-1' ><li class='ez-toc-page-1 ez-toc-heading-level-2'><a class=\"ez-toc-link ez-toc-heading-1\" href=\"https:\/\/danidrops.com.br\/fr\/coupe-de-cheveux-bob-a-litalienne\/#O_que_e_a_tendencia_de_corte_de_cabelo_bob_italiano\" >Quelle est la tendance des coupes de cheveux au carr\u00e9 italien ?<\/a><\/li><li class='ez-toc-page-1 ez-toc-heading-level-2'><a class=\"ez-toc-link ez-toc-heading-2\" href=\"https:\/\/danidrops.com.br\/fr\/coupe-de-cheveux-bob-a-litalienne\/#Descubra_a_Elegancia_do_Bob_Italiano_Renove_Seu_Estilo_com_Inspiracao_deste_corte_que_e_tendencia\" >D\u00e9couvrez l&#039;\u00e9l\u00e9gance du Bob italien : renouvelez votre style avec l&#039;inspiration de cette coupe tendance.<\/a><\/li><li class='ez-toc-page-1 ez-toc-heading-level-2'><a class=\"ez-toc-link ez-toc-heading-3\" href=\"https:\/\/danidrops.com.br\/fr\/coupe-de-cheveux-bob-a-litalienne\/#O_corte_de_cabelo_Bob_Italiano_desperta_a_Sensualidade_de_toda_mulher\" >La coupe de cheveux Bob italienne \u00e9veille la sensualit\u00e9 de chaque femme<\/a><\/li><li class='ez-toc-page-1 ez-toc-heading-level-2'><a class=\"ez-toc-link ez-toc-heading-4\" href=\"https:\/\/danidrops.com.br\/fr\/coupe-de-cheveux-bob-a-litalienne\/#Com_o_corte_de_cabelo_Bob_Italiano_voce_fara_uma_mudanca_no_visual_e_ficara_elegante\" >Avec la coupe de cheveux Bob italienne, vous changerez de look et aurez l&#039;air \u00e9l\u00e9gant<\/a><\/li><li class='ez-toc-page-1 ez-toc-heading-level-2'><a class=\"ez-toc-link ez-toc-heading-5\" href=\"https:\/\/danidrops.com.br\/fr\/coupe-de-cheveux-bob-a-litalienne\/#O_cabelo_Bob_Italiano_e_perfeito_para_qualquer_tipo_de_cabelo_pois_ele_se_adequa_a_Camadas_e_a_Textura\" >Les cheveux Bob italiens sont parfaits pour tout type de cheveux car ils conviennent aux couches et \u00e0 la texture.<\/a><\/li><li class='ez-toc-page-1 ez-toc-heading-level-2'><a class=\"ez-toc-link ez-toc-heading-6\" href=\"https:\/\/danidrops.com.br\/fr\/coupe-de-cheveux-bob-a-litalienne\/#O_corte_de_cabelo_Bob_Italiano_e_um_corte_curto_e_em_camadas_que_e_perfeito_para_quem_quer_adicionar_volume_e_textura_ao_cabelo\" >La coupe de cheveux italienne Bob est une coupe courte et d\u00e9grad\u00e9e qui convient parfaitement \u00e0 tous ceux qui cherchent \u00e0 ajouter du volume et de la texture \u00e0 leurs cheveux.<\/a><\/li><li class='ez-toc-page-1 ez-toc-heading-level-2'><a class=\"ez-toc-link ez-toc-heading-7\" href=\"https:\/\/danidrops.com.br\/fr\/coupe-de-cheveux-bob-a-litalienne\/#O_cabelo_Bob_Italiano_e_inspirado_nos_anos_90_e_e_caracterizado_por_suas_camadas_suaves\" >Les cheveux Bob italiens s&#039;inspirent des ann\u00e9es 90 et se caract\u00e9risent par leurs couches douces<\/a><\/li><li class='ez-toc-page-1 ez-toc-heading-level-2'><a class=\"ez-toc-link ez-toc-heading-8\" href=\"https:\/\/danidrops.com.br\/fr\/coupe-de-cheveux-bob-a-litalienne\/#O_corte_de_cabelo_Bob_Italiano_e_um_corte_versatil_que_pode_ser_estilizado_de_varias_maneiras_incluindo_cabelos_lisos_ondulados_ou_cacheados\" >La coupe de cheveux italienne Bob est une coupe polyvalente qui peut \u00eatre coiff\u00e9e de diff\u00e9rentes mani\u00e8res, y compris les cheveux raides, ondul\u00e9s ou boucl\u00e9s.<\/a><\/li><li class='ez-toc-page-1 ez-toc-heading-level-2'><a class=\"ez-toc-link ez-toc-heading-9\" href=\"https:\/\/danidrops.com.br\/fr\/coupe-de-cheveux-bob-a-litalienne\/#O_bob_italiano_e_um_corte_elegante_e_moderno_que_e_perfeito_para_qualquer_ocasiao\" >Le carr\u00e9 italien est une coupe \u00e9l\u00e9gante et moderne qui convient parfaitement \u00e0 toutes les occasions.<\/a><\/li><li class='ez-toc-page-1 ez-toc-heading-level-2'><a class=\"ez-toc-link ez-toc-heading-10\" href=\"https:\/\/danidrops.com.br\/fr\/coupe-de-cheveux-bob-a-litalienne\/#O_corte_de_cabelo_feminino_bob_italiano_fica_bem_em_qualquer_formato_de_rosto\" >La coupe de cheveux bob italienne pour femme convient \u00e0 toutes les formes de visage<\/a><\/li><li class='ez-toc-page-1 ez-toc-heading-level-2'><a class=\"ez-toc-link ez-toc-heading-11\" href=\"https:\/\/danidrops.com.br\/fr\/coupe-de-cheveux-bob-a-litalienne\/#Quais_celebridades_estao_usando_o_corte_de_cabelo_bob_italiano\" >Quelles c\u00e9l\u00e9brit\u00e9s adoptent la coupe de cheveux au carr\u00e9 italien ?<\/a><\/li><\/ul><\/nav><\/div>","protected":false},"excerpt":{"rendered":"<p>O corte de cabelo Bob Italiano est\u00e1 super em alta e \u00e9 um curtinho super moderno e inovador, onde seu diferencial \u00e9 a presen\u00e7a de&hellip;<\/p>","protected":false},"author":1,"featured_media":82367,"comment_status":"open","ping_status":"open","sticky":false,"template":"","format":"standard","meta":{"footnotes":""},"categories":[439],"tags":[],"class_list":["post-82145","post","type-post","status-publish","format-standard","has-post-thumbnail","hentry","category-cabelo"],"_links":{"self":[{"href":"https:\/\/danidrops.com.br\/fr\/wp-json\/wp\/v2\/posts\/82145","targetHints":{"allow":["GET"]}}],"collection":[{"href":"https:\/\/danidrops.com.br\/fr\/wp-json\/wp\/v2\/posts"}],"about":[{"href":"https:\/\/danidrops.com.br\/fr\/wp-json\/wp\/v2\/types\/post"}],"author":[{"embeddable":true,"href":"https:\/\/danidrops.com.br\/fr\/wp-json\/wp\/v2\/users\/1"}],"replies":[{"embeddable":true,"href":"https:\/\/danidrops.com.br\/fr\/wp-json\/wp\/v2\/comments?post=82145"}],"version-history":[{"count":0,"href":"https:\/\/danidrops.com.br\/fr\/wp-json\/wp\/v2\/posts\/82145\/revisions"}],"wp:featuredmedia":[{"embeddable":true,"href":"https:\/\/danidrops.com.br\/fr\/wp-json\/wp\/v2\/media\/82367"}],"wp:attachment":[{"href":"https:\/\/danidrops.com.br\/fr\/wp-json\/wp\/v2\/media?parent=82145"}],"wp:term":[{"taxonomy":"category","embeddable":true,"href":"https:\/\/danidrops.com.br\/fr\/wp-json\/wp\/v2\/categories?post=82145"},{"taxonomy":"post_tag","embeddable":true,"href":"https:\/\/danidrops.com.br\/fr\/wp-json\/wp\/v2\/tags?post=82145"}],"curies":[{"name":"wp","href":"https:\/\/api.w.org\/{rel}","templated":true}]}}