{"id":82147,"date":"2023-09-01T10:34:08","date_gmt":"2023-09-01T13:34:08","guid":{"rendered":"https:\/\/danidrops.com.br\/?p=82147"},"modified":"2023-09-01T10:34:11","modified_gmt":"2023-09-01T13:34:11","slug":"coupe-de-cheveux-au-carre-francais-2","status":"publish","type":"post","link":"https:\/\/danidrops.com.br\/fr\/coupe-de-cheveux-au-carre-francais-2\/","title":{"rendered":"Tendance coupe de cheveux bob fran\u00e7ais - D\u00e9couvrez plus de 78 inspirations de cette coupe pour changer de look"},"content":{"rendered":"<p>O <strong>Tendance coupe de cheveux bob fran\u00e7ais<\/strong> C&#039;est une tendance de style r\u00e9tro et plus courte qui est l\u00e0 pour rester en 2023. Parce qu&#039;elle a un c\u00f4t\u00e9 nostalgique et sp\u00e9cial, elle garantit un look super authentique, romantique et audacieux.<\/p>\n\n\n\n<p>A lire aussi : <strong><a href=\"https:\/\/danidrops.com.br\/fr\/coupe-de-cheveux-au-carre-2023\/\" data-type=\"link\" data-id=\"https:\/\/danidrops.com.br\/corte-de-cabelo-bob-2023\/\">Bob Haircut 2023 - Voir plus de 90 inspirations de coupe de cheveux bob pour les femmes<\/a><\/strong><\/p>\n\n\n\n<figure class=\"wp-block-image size-full\"><img loading=\"lazy\" decoding=\"async\" width=\"760\" height=\"555\" src=\"https:\/\/danidrops.com.br\/wp-content\/uploads\/2023\/08\/02-corte-de-cabelo-bob-frances.jpg\" alt=\"Tendance coupe de cheveux bob fran\u00e7ais\" class=\"wp-image-82843\" title=\"\" srcset=\"https:\/\/danidrops.com.br\/wp-content\/uploads\/2023\/08\/02-corte-de-cabelo-bob-frances.jpg 760w, https:\/\/danidrops.com.br\/wp-content\/uploads\/2023\/08\/02-corte-de-cabelo-bob-frances-300x219.jpg 300w, https:\/\/danidrops.com.br\/wp-content\/uploads\/2023\/08\/02-corte-de-cabelo-bob-frances-16x12.jpg 16w, https:\/\/danidrops.com.br\/wp-content\/uploads\/2023\/08\/02-corte-de-cabelo-bob-frances-150x110.jpg 150w\" sizes=\"auto, (max-width: 760px) 100vw, 760px\" \/><figcaption class=\"wp-element-caption\">Tendance coupe de cheveux bob fran\u00e7ais<\/figcaption><\/figure>\n\n\n\n<p>Les femmes qui souhaitent innover dans leur look et qui n&#039;ont pas peur des changements radicaux peuvent miser sur ce nouveau concept de coupe, qui r\u00e9unit plusieurs aspects de la beaut\u00e9 et de la modernit\u00e9 dans une seule coupe de cheveux.<\/p>\n\n\n\n<figure class=\"wp-block-image size-full\"><img loading=\"lazy\" decoding=\"async\" width=\"760\" height=\"555\" src=\"https:\/\/danidrops.com.br\/wp-content\/uploads\/2023\/08\/01-corte-de-cabelo-bob-frances.jpg\" alt=\"Tendance coupe de cheveux bob fran\u00e7ais\" class=\"wp-image-82842\" title=\"\" srcset=\"https:\/\/danidrops.com.br\/wp-content\/uploads\/2023\/08\/01-corte-de-cabelo-bob-frances.jpg 760w, https:\/\/danidrops.com.br\/wp-content\/uploads\/2023\/08\/01-corte-de-cabelo-bob-frances-300x219.jpg 300w, https:\/\/danidrops.com.br\/wp-content\/uploads\/2023\/08\/01-corte-de-cabelo-bob-frances-16x12.jpg 16w, https:\/\/danidrops.com.br\/wp-content\/uploads\/2023\/08\/01-corte-de-cabelo-bob-frances-150x110.jpg 150w\" sizes=\"auto, (max-width: 760px) 100vw, 760px\" \/><figcaption class=\"wp-element-caption\">Tendance coupe de cheveux bob fran\u00e7ais<\/figcaption><\/figure>\n\n\n\n<h2 class=\"wp-block-heading\"><span class=\"ez-toc-section\" id=\"O_que_e_a_tendencia_de_corte_de_cabelo_bob_frances\"><\/span>Quelle est la tendance coupe de cheveux au carr\u00e9 fran\u00e7ais ?<span class=\"ez-toc-section-end\"><\/span><\/h2>\n\n\n\n<p>La tendance coupe de cheveux French Bob est une nouveaut\u00e9 dans le segment de la mode qui conquiert les femmes du monde entier. C&#039;est une coupe innovante et moderne, avec une longueur juste au-dessus du menton et une finition \u00e9l\u00e9gante et d\u00e9contract\u00e9e.<\/p>\n\n\n\n<figure class=\"wp-block-image size-full\"><img loading=\"lazy\" decoding=\"async\" width=\"760\" height=\"555\" src=\"https:\/\/danidrops.com.br\/wp-content\/uploads\/2023\/08\/04-o-que-e-a-tendencia-de-corte-de-cabelo-bob-frances.jpg\" alt=\"quelle est la tendance coupe de cheveux au carr\u00e9 fran\u00e7ais ?\" class=\"wp-image-82845\" title=\"\" srcset=\"https:\/\/danidrops.com.br\/wp-content\/uploads\/2023\/08\/04-o-que-e-a-tendencia-de-corte-de-cabelo-bob-frances.jpg 760w, https:\/\/danidrops.com.br\/wp-content\/uploads\/2023\/08\/04-o-que-e-a-tendencia-de-corte-de-cabelo-bob-frances-300x219.jpg 300w, https:\/\/danidrops.com.br\/wp-content\/uploads\/2023\/08\/04-o-que-e-a-tendencia-de-corte-de-cabelo-bob-frances-16x12.jpg 16w, https:\/\/danidrops.com.br\/wp-content\/uploads\/2023\/08\/04-o-que-e-a-tendencia-de-corte-de-cabelo-bob-frances-150x110.jpg 150w\" sizes=\"auto, (max-width: 760px) 100vw, 760px\" \/><figcaption class=\"wp-element-caption\">quelle est la tendance coupe de cheveux au carr\u00e9 fran\u00e7ais ?<\/figcaption><\/figure>\n\n\n\n<p>Ce type de coupe est \u00e9galement appel\u00e9 \u00ab French Bob \u00bb et est similaire aux autres coupes Bob, mais avec une longueur plus courte et mettant en valeur la texture naturelle des cheveux.<\/p>\n\n\n\n<figure class=\"wp-block-image size-full\"><img loading=\"lazy\" decoding=\"async\" width=\"760\" height=\"555\" src=\"https:\/\/danidrops.com.br\/wp-content\/uploads\/2023\/08\/03-o-que-e-a-tendencia-de-corte-de-cabelo-bob-frances.jpg\" alt=\"quelle est la tendance coupe de cheveux au carr\u00e9 fran\u00e7ais ?\" class=\"wp-image-82844\" title=\"\" srcset=\"https:\/\/danidrops.com.br\/wp-content\/uploads\/2023\/08\/03-o-que-e-a-tendencia-de-corte-de-cabelo-bob-frances.jpg 760w, https:\/\/danidrops.com.br\/wp-content\/uploads\/2023\/08\/03-o-que-e-a-tendencia-de-corte-de-cabelo-bob-frances-300x219.jpg 300w, https:\/\/danidrops.com.br\/wp-content\/uploads\/2023\/08\/03-o-que-e-a-tendencia-de-corte-de-cabelo-bob-frances-16x12.jpg 16w, https:\/\/danidrops.com.br\/wp-content\/uploads\/2023\/08\/03-o-que-e-a-tendencia-de-corte-de-cabelo-bob-frances-150x110.jpg 150w\" sizes=\"auto, (max-width: 760px) 100vw, 760px\" \/><figcaption class=\"wp-element-caption\">quelle est la tendance coupe de cheveux au carr\u00e9 fran\u00e7ais ?<\/figcaption><\/figure>\n\n\n\n<p>De plus, ce type de coupe se marie tr\u00e8s bien avec des franges d\u00e9nud\u00e9es, droites et effiloch\u00e9es, qui peuvent \u00eatre de styles diff\u00e9rents, en fonction des pr\u00e9f\u00e9rences personnelles et de chaque femme.<\/p>\n\n\n\n<h2 class=\"wp-block-heading\"><span class=\"ez-toc-section\" id=\"Quais_celebridades_ja_usaram_o_corte_de_cabelo_bob_frances\"><\/span>Quelles c\u00e9l\u00e9brit\u00e9s ont arbor\u00e9 la coupe de cheveux au carr\u00e9 fran\u00e7ais ?<span class=\"ez-toc-section-end\"><\/span><\/h2>\n\n\n\n<p>Plusieurs c\u00e9l\u00e9brit\u00e9s ont d\u00e9j\u00e0 rejoint la mode fran\u00e7aise des coupes de cheveux au carr\u00e9, comme Brigitte Bardot, Catherine Deneuve, Audrey Hepburn, Jane Birkin, Diane Keaton, Uma Thurman, Natalie Portman, Kirsten Dunst, Jennifer Lawrence et Emma Stone.<\/p>\n\n\n\n<figure class=\"wp-block-image size-full\"><img loading=\"lazy\" decoding=\"async\" width=\"760\" height=\"555\" src=\"https:\/\/danidrops.com.br\/wp-content\/uploads\/2023\/08\/06-quais-celebridades-ja-usaram-o-corte-de-cabelo-bob-frances.jpg\" alt=\"Quelles c\u00e9l\u00e9brit\u00e9s ont utilis\u00e9 la coupe de cheveux au carr\u00e9 fran\u00e7ais ?\" class=\"wp-image-82847\" title=\"\" srcset=\"https:\/\/danidrops.com.br\/wp-content\/uploads\/2023\/08\/06-quais-celebridades-ja-usaram-o-corte-de-cabelo-bob-frances.jpg 760w, https:\/\/danidrops.com.br\/wp-content\/uploads\/2023\/08\/06-quais-celebridades-ja-usaram-o-corte-de-cabelo-bob-frances-300x219.jpg 300w, https:\/\/danidrops.com.br\/wp-content\/uploads\/2023\/08\/06-quais-celebridades-ja-usaram-o-corte-de-cabelo-bob-frances-16x12.jpg 16w, https:\/\/danidrops.com.br\/wp-content\/uploads\/2023\/08\/06-quais-celebridades-ja-usaram-o-corte-de-cabelo-bob-frances-150x110.jpg 150w\" sizes=\"auto, (max-width: 760px) 100vw, 760px\" \/><figcaption class=\"wp-element-caption\">Quelles c\u00e9l\u00e9brit\u00e9s ont utilis\u00e9 la coupe de cheveux au carr\u00e9 fran\u00e7ais ?<\/figcaption><\/figure>\n\n\n\n<figure class=\"wp-block-image size-full\"><img loading=\"lazy\" decoding=\"async\" width=\"760\" height=\"555\" src=\"https:\/\/danidrops.com.br\/wp-content\/uploads\/2023\/08\/05-quais-celebridades-ja-usaram-o-corte-de-cabelo-bob-frances.jpg\" alt=\"Quelles c\u00e9l\u00e9brit\u00e9s ont utilis\u00e9 la coupe de cheveux au carr\u00e9 fran\u00e7ais ?\" class=\"wp-image-82846\" title=\"\" srcset=\"https:\/\/danidrops.com.br\/wp-content\/uploads\/2023\/08\/05-quais-celebridades-ja-usaram-o-corte-de-cabelo-bob-frances.jpg 760w, https:\/\/danidrops.com.br\/wp-content\/uploads\/2023\/08\/05-quais-celebridades-ja-usaram-o-corte-de-cabelo-bob-frances-300x219.jpg 300w, https:\/\/danidrops.com.br\/wp-content\/uploads\/2023\/08\/05-quais-celebridades-ja-usaram-o-corte-de-cabelo-bob-frances-16x12.jpg 16w, https:\/\/danidrops.com.br\/wp-content\/uploads\/2023\/08\/05-quais-celebridades-ja-usaram-o-corte-de-cabelo-bob-frances-150x110.jpg 150w\" sizes=\"auto, (max-width: 760px) 100vw, 760px\" \/><figcaption class=\"wp-element-caption\">Quelles c\u00e9l\u00e9brit\u00e9s ont utilis\u00e9 la coupe de cheveux au carr\u00e9 fran\u00e7ais ?<\/figcaption><\/figure>\n\n\n\n<h2 class=\"wp-block-heading\"><span class=\"ez-toc-section\" id=\"O_corte_de_cabelo_bob_frances_e_um_corte_de_cabelo_classico_e_elegante_que_nunca_sai_de_moda\"><\/span>La coupe de cheveux French bob est une coupe de cheveux classique et \u00e9l\u00e9gante qui ne se d\u00e9modera jamais.<span class=\"ez-toc-section-end\"><\/span><\/h2>\n\n\n\n<p>La coupe de cheveux French Bob est classique et \u00e9l\u00e9gante qui ne se d\u00e9mode jamais, m\u00eame avec son look vintage et r\u00e9tro. L\u2019une de ses fonctions principales est d\u2019encadrer le visage et d\u2019assurer la mise en valeur de la beaut\u00e9 naturelle f\u00e9minine.<\/p>\n\n\n\n<figure class=\"wp-block-image size-full\"><img loading=\"lazy\" decoding=\"async\" width=\"760\" height=\"555\" src=\"https:\/\/danidrops.com.br\/wp-content\/uploads\/2023\/08\/07-corte-de-cabelo-bob-frances-classico-e-elegante.jpg\" alt=\"coupe de cheveux bob fran\u00e7ais classique et \u00e9l\u00e9gante\" class=\"wp-image-82848\" title=\"\" srcset=\"https:\/\/danidrops.com.br\/wp-content\/uploads\/2023\/08\/07-corte-de-cabelo-bob-frances-classico-e-elegante.jpg 760w, https:\/\/danidrops.com.br\/wp-content\/uploads\/2023\/08\/07-corte-de-cabelo-bob-frances-classico-e-elegante-300x219.jpg 300w, https:\/\/danidrops.com.br\/wp-content\/uploads\/2023\/08\/07-corte-de-cabelo-bob-frances-classico-e-elegante-16x12.jpg 16w, https:\/\/danidrops.com.br\/wp-content\/uploads\/2023\/08\/07-corte-de-cabelo-bob-frances-classico-e-elegante-150x110.jpg 150w\" sizes=\"auto, (max-width: 760px) 100vw, 760px\" \/><figcaption class=\"wp-element-caption\">coupe de cheveux bob fran\u00e7ais classique et \u00e9l\u00e9gante<\/figcaption><\/figure>\n\n\n\n<figure class=\"wp-block-image size-full\"><img loading=\"lazy\" decoding=\"async\" width=\"760\" height=\"555\" src=\"https:\/\/danidrops.com.br\/wp-content\/uploads\/2023\/08\/08-corte-de-cabelo-bob-frances-classico-e-elegante.jpg\" alt=\"coupe de cheveux bob fran\u00e7ais classique et \u00e9l\u00e9gante\" class=\"wp-image-82827\" title=\"\" srcset=\"https:\/\/danidrops.com.br\/wp-content\/uploads\/2023\/08\/08-corte-de-cabelo-bob-frances-classico-e-elegante.jpg 760w, https:\/\/danidrops.com.br\/wp-content\/uploads\/2023\/08\/08-corte-de-cabelo-bob-frances-classico-e-elegante-300x219.jpg 300w, https:\/\/danidrops.com.br\/wp-content\/uploads\/2023\/08\/08-corte-de-cabelo-bob-frances-classico-e-elegante-16x12.jpg 16w, https:\/\/danidrops.com.br\/wp-content\/uploads\/2023\/08\/08-corte-de-cabelo-bob-frances-classico-e-elegante-150x110.jpg 150w\" sizes=\"auto, (max-width: 760px) 100vw, 760px\" \/><figcaption class=\"wp-element-caption\">coupe de cheveux bob fran\u00e7ais classique et \u00e9l\u00e9gante<\/figcaption><\/figure>\n\n\n\n<h2 class=\"wp-block-heading\"><span class=\"ez-toc-section\" id=\"O_corte_bob_frances_e_um_corte_versatil_que_pode_ser_estilizado_de_varias_maneiras_incluindo_em_cabelos_lisos_ondulado_ou_cacheados\"><\/span>La coupe bob fran\u00e7aise est une coupe polyvalente qui peut \u00eatre coiff\u00e9e de diff\u00e9rentes mani\u00e8res, notamment sur cheveux raides, ondul\u00e9s ou boucl\u00e9s.<span class=\"ez-toc-section-end\"><\/span><\/h2>\n\n\n\n<p>L\u2019une des grandes diff\u00e9rences de la coupe de cheveux French Bob est sa polyvalence, car elle peut \u00eatre coiff\u00e9e de nombreuses fa\u00e7ons, y compris les cheveux raides, ondul\u00e9s et boucl\u00e9s.<\/p>\n\n\n\n<p>Les cheveux raides avec la coupe French bob donnent un look l\u00e9ger, tandis que les cheveux ondul\u00e9s, boucl\u00e9s et cr\u00e9pus donnent un look plein de mouvement et de texture.<\/p>\n\n\n\n<figure class=\"wp-block-image size-full\"><img loading=\"lazy\" decoding=\"async\" width=\"760\" height=\"555\" src=\"https:\/\/danidrops.com.br\/wp-content\/uploads\/2023\/08\/10-bob-frances-o-corte-de-cabelo-que-e-super-versatil.jpg\" alt=\"french bob la coupe de cheveux super polyvalente\" class=\"wp-image-82829\" title=\"\" srcset=\"https:\/\/danidrops.com.br\/wp-content\/uploads\/2023\/08\/10-bob-frances-o-corte-de-cabelo-que-e-super-versatil.jpg 760w, https:\/\/danidrops.com.br\/wp-content\/uploads\/2023\/08\/10-bob-frances-o-corte-de-cabelo-que-e-super-versatil-300x219.jpg 300w, https:\/\/danidrops.com.br\/wp-content\/uploads\/2023\/08\/10-bob-frances-o-corte-de-cabelo-que-e-super-versatil-16x12.jpg 16w, https:\/\/danidrops.com.br\/wp-content\/uploads\/2023\/08\/10-bob-frances-o-corte-de-cabelo-que-e-super-versatil-150x110.jpg 150w\" sizes=\"auto, (max-width: 760px) 100vw, 760px\" \/><figcaption class=\"wp-element-caption\">french bob la coupe de cheveux super polyvalente<\/figcaption><\/figure>\n\n\n\n<p>De plus, ce type de coupe s\u2019adapte parfaitement \u00e0 diff\u00e9rentes formes de visage. Les personnes au visage ovale peuvent utiliser cette coupe surtout si elles ont les cheveux ondul\u00e9s et boucl\u00e9s.<\/p>\n\n\n\n<figure class=\"wp-block-image size-full\"><img loading=\"lazy\" decoding=\"async\" width=\"760\" height=\"555\" src=\"https:\/\/danidrops.com.br\/wp-content\/uploads\/2023\/08\/09-bob-frances-o-corte-de-cabelo-que-e-super-versatil.jpg\" alt=\"french bob la coupe de cheveux super polyvalente\" class=\"wp-image-82828\" title=\"\" srcset=\"https:\/\/danidrops.com.br\/wp-content\/uploads\/2023\/08\/09-bob-frances-o-corte-de-cabelo-que-e-super-versatil.jpg 760w, https:\/\/danidrops.com.br\/wp-content\/uploads\/2023\/08\/09-bob-frances-o-corte-de-cabelo-que-e-super-versatil-300x219.jpg 300w, https:\/\/danidrops.com.br\/wp-content\/uploads\/2023\/08\/09-bob-frances-o-corte-de-cabelo-que-e-super-versatil-16x12.jpg 16w, https:\/\/danidrops.com.br\/wp-content\/uploads\/2023\/08\/09-bob-frances-o-corte-de-cabelo-que-e-super-versatil-150x110.jpg 150w\" sizes=\"auto, (max-width: 760px) 100vw, 760px\" \/><figcaption class=\"wp-element-caption\">french bob la coupe de cheveux super polyvalente<\/figcaption><\/figure>\n\n\n\n<p>Les personnes ayant un visage carr\u00e9, rond ou rectangulaire doivent faire attention \u00e0 la longueur de la coupe, car il est pr\u00e9f\u00e9rable de la maintenir au niveau de la ligne du menton ou juste en dessous. Les visages en forme de c\u0153ur doivent garder les c\u00f4t\u00e9s plus longs.<\/p>\n\n\n\n<h2 class=\"wp-block-heading\"><span class=\"ez-toc-section\" id=\"O_bob_frances_e_facil_de_manter_e_requer_pouca_manutencao\"><\/span>Le bob fran\u00e7ais est facile \u00e0 entretenir et n\u00e9cessite peu d\u2019entretien.<span class=\"ez-toc-section-end\"><\/span><\/h2>\n\n\n\n<p>La coupe de cheveux French Bob est facile d&#039;entretien et n\u00e9cessite donc peu d&#039;entretien \u00e0 condition de suivre judicieusement les soins quotidiens. Recherchez toujours des produits sp\u00e9cifiques et de qualit\u00e9 pour finir vos cheveux.<\/p>\n\n\n\n<figure class=\"wp-block-image size-full\"><img loading=\"lazy\" decoding=\"async\" width=\"760\" height=\"555\" src=\"https:\/\/danidrops.com.br\/wp-content\/uploads\/2023\/08\/12-bob-frances-o-corte-de-cabelo-que-e-facil-de-manter.jpg\" alt=\"French bob la coupe de cheveux facile \u00e0 entretenir\" class=\"wp-image-82831\" title=\"\" srcset=\"https:\/\/danidrops.com.br\/wp-content\/uploads\/2023\/08\/12-bob-frances-o-corte-de-cabelo-que-e-facil-de-manter.jpg 760w, https:\/\/danidrops.com.br\/wp-content\/uploads\/2023\/08\/12-bob-frances-o-corte-de-cabelo-que-e-facil-de-manter-300x219.jpg 300w, https:\/\/danidrops.com.br\/wp-content\/uploads\/2023\/08\/12-bob-frances-o-corte-de-cabelo-que-e-facil-de-manter-16x12.jpg 16w, https:\/\/danidrops.com.br\/wp-content\/uploads\/2023\/08\/12-bob-frances-o-corte-de-cabelo-que-e-facil-de-manter-150x110.jpg 150w\" sizes=\"auto, (max-width: 760px) 100vw, 760px\" \/><figcaption class=\"wp-element-caption\">French bob la coupe de cheveux facile \u00e0 entretenir<\/figcaption><\/figure>\n\n\n\n<figure class=\"wp-block-image size-full\"><img loading=\"lazy\" decoding=\"async\" width=\"760\" height=\"555\" src=\"https:\/\/danidrops.com.br\/wp-content\/uploads\/2023\/08\/11-bob-frances-o-corte-de-cabelo-que-e-facil-de-manter.jpg\" alt=\"French bob la coupe de cheveux facile \u00e0 entretenir\" class=\"wp-image-82830\" title=\"\" srcset=\"https:\/\/danidrops.com.br\/wp-content\/uploads\/2023\/08\/11-bob-frances-o-corte-de-cabelo-que-e-facil-de-manter.jpg 760w, https:\/\/danidrops.com.br\/wp-content\/uploads\/2023\/08\/11-bob-frances-o-corte-de-cabelo-que-e-facil-de-manter-300x219.jpg 300w, https:\/\/danidrops.com.br\/wp-content\/uploads\/2023\/08\/11-bob-frances-o-corte-de-cabelo-que-e-facil-de-manter-16x12.jpg 16w, https:\/\/danidrops.com.br\/wp-content\/uploads\/2023\/08\/11-bob-frances-o-corte-de-cabelo-que-e-facil-de-manter-150x110.jpg 150w\" sizes=\"auto, (max-width: 760px) 100vw, 760px\" \/><figcaption class=\"wp-element-caption\">French bob la coupe de cheveux facile \u00e0 entretenir<\/figcaption><\/figure>\n\n\n\n<h2 class=\"wp-block-heading\"><span class=\"ez-toc-section\" id=\"O_corte_de_cabelo_bob_frances_e_moderno_e_atual_uma_otima_opcao_para_quem_quer_um_toque_de_glamour_ao_seu_estilo\"><\/span>La coupe de cheveux au carr\u00e9 fran\u00e7ais est moderne et actuelle, une excellente option pour ceux qui veulent une touche de glamour \u00e0 leur style.<span class=\"ez-toc-section-end\"><\/span><\/h2>\n\n\n\n<p>La coupe de cheveux French Bob est moderne et actuelle, c&#039;est donc l&#039;option parfaite pour ceux qui veulent une touche de glamour et d&#039;\u00e9l\u00e9gance \u00e0 leur style. Parce que c&#039;est une coupe tr\u00e8s polyvalente, elle peut \u00eatre utilis\u00e9e par des personnes de tous \u00e2ges.<\/p>\n\n\n\n<figure class=\"wp-block-image size-full\"><img loading=\"lazy\" decoding=\"async\" width=\"760\" height=\"555\" src=\"https:\/\/danidrops.com.br\/wp-content\/uploads\/2023\/08\/14-bob-frances-um-corte-de-cabelo-moderno-e-atual.jpg\" alt=\"French bob une coupe de cheveux moderne et actuelle\" class=\"wp-image-82833\" title=\"\" srcset=\"https:\/\/danidrops.com.br\/wp-content\/uploads\/2023\/08\/14-bob-frances-um-corte-de-cabelo-moderno-e-atual.jpg 760w, https:\/\/danidrops.com.br\/wp-content\/uploads\/2023\/08\/14-bob-frances-um-corte-de-cabelo-moderno-e-atual-300x219.jpg 300w, https:\/\/danidrops.com.br\/wp-content\/uploads\/2023\/08\/14-bob-frances-um-corte-de-cabelo-moderno-e-atual-16x12.jpg 16w, https:\/\/danidrops.com.br\/wp-content\/uploads\/2023\/08\/14-bob-frances-um-corte-de-cabelo-moderno-e-atual-150x110.jpg 150w\" sizes=\"auto, (max-width: 760px) 100vw, 760px\" \/><figcaption class=\"wp-element-caption\">French bob une coupe de cheveux moderne et actuelle<\/figcaption><\/figure>\n\n\n\n<figure class=\"wp-block-image size-full\"><img loading=\"lazy\" decoding=\"async\" width=\"760\" height=\"555\" src=\"https:\/\/danidrops.com.br\/wp-content\/uploads\/2023\/08\/13-bob-frances-um-corte-de-cabelo-moderno-e-atual.jpg\" alt=\"French bob une coupe de cheveux moderne et actuelle\" class=\"wp-image-82832\" title=\"\" srcset=\"https:\/\/danidrops.com.br\/wp-content\/uploads\/2023\/08\/13-bob-frances-um-corte-de-cabelo-moderno-e-atual.jpg 760w, https:\/\/danidrops.com.br\/wp-content\/uploads\/2023\/08\/13-bob-frances-um-corte-de-cabelo-moderno-e-atual-300x219.jpg 300w, https:\/\/danidrops.com.br\/wp-content\/uploads\/2023\/08\/13-bob-frances-um-corte-de-cabelo-moderno-e-atual-16x12.jpg 16w, https:\/\/danidrops.com.br\/wp-content\/uploads\/2023\/08\/13-bob-frances-um-corte-de-cabelo-moderno-e-atual-150x110.jpg 150w\" sizes=\"auto, (max-width: 760px) 100vw, 760px\" \/><figcaption class=\"wp-element-caption\">French bob une coupe de cheveux moderne et actuelle<\/figcaption><\/figure>\n\n\n\n<h2 class=\"wp-block-heading\"><span class=\"ez-toc-section\" id=\"O_corte_de_cabelo_bob_frances_e_moderno_e_facil_de_cuidar_e_uma_otima_opcao\"><\/span>La coupe de cheveux French bob est moderne et facile \u00e0 entretenir, c&#039;est une excellente option !<span class=\"ez-toc-section-end\"><\/span><\/h2>\n\n\n\n<p>Si vous recherchez une excellente option de coupe, vous devriez miser sur la coupe de cheveux French Bob, car elle est moderne et facile \u00e0 entretenir. De plus, il est capable de mettre en valeur la beaut\u00e9 f\u00e9minine et de transmettre toute votre confiance et votre personnalit\u00e9.<\/p>\n\n\n\n<figure class=\"wp-block-image size-full\"><img loading=\"lazy\" decoding=\"async\" width=\"760\" height=\"555\" src=\"https:\/\/danidrops.com.br\/wp-content\/uploads\/2023\/08\/16-bob-frances-um-corte-moderno-e-facil-de-cuidar.jpg\" alt=\"French bob une coupe moderne et facile d&#039;entretien\" class=\"wp-image-82835\" title=\"\" srcset=\"https:\/\/danidrops.com.br\/wp-content\/uploads\/2023\/08\/16-bob-frances-um-corte-moderno-e-facil-de-cuidar.jpg 760w, https:\/\/danidrops.com.br\/wp-content\/uploads\/2023\/08\/16-bob-frances-um-corte-moderno-e-facil-de-cuidar-300x219.jpg 300w, https:\/\/danidrops.com.br\/wp-content\/uploads\/2023\/08\/16-bob-frances-um-corte-moderno-e-facil-de-cuidar-16x12.jpg 16w, https:\/\/danidrops.com.br\/wp-content\/uploads\/2023\/08\/16-bob-frances-um-corte-moderno-e-facil-de-cuidar-150x110.jpg 150w\" sizes=\"auto, (max-width: 760px) 100vw, 760px\" \/><figcaption class=\"wp-element-caption\">French bob une coupe moderne et facile d&#039;entretien<\/figcaption><\/figure>\n\n\n\n<figure class=\"wp-block-image size-full\"><img loading=\"lazy\" decoding=\"async\" width=\"760\" height=\"555\" src=\"https:\/\/danidrops.com.br\/wp-content\/uploads\/2023\/08\/15-bob-frances-um-corte-moderno-e-facil-de-cuidar.jpg\" alt=\"French bob une coupe moderne et facile d&#039;entretien\" class=\"wp-image-82834\" title=\"\" srcset=\"https:\/\/danidrops.com.br\/wp-content\/uploads\/2023\/08\/15-bob-frances-um-corte-moderno-e-facil-de-cuidar.jpg 760w, https:\/\/danidrops.com.br\/wp-content\/uploads\/2023\/08\/15-bob-frances-um-corte-moderno-e-facil-de-cuidar-300x219.jpg 300w, https:\/\/danidrops.com.br\/wp-content\/uploads\/2023\/08\/15-bob-frances-um-corte-moderno-e-facil-de-cuidar-16x12.jpg 16w, https:\/\/danidrops.com.br\/wp-content\/uploads\/2023\/08\/15-bob-frances-um-corte-moderno-e-facil-de-cuidar-150x110.jpg 150w\" sizes=\"auto, (max-width: 760px) 100vw, 760px\" \/><figcaption class=\"wp-element-caption\">French bob une coupe moderne et facile d&#039;entretien<\/figcaption><\/figure>\n\n\n\n<h2 class=\"wp-block-heading\"><span class=\"ez-toc-section\" id=\"O_corte_de_cabelo_bob_frances_fica_adoravel_com_franja\"><\/span>La coupe de cheveux au carr\u00e9 fran\u00e7ais est adorable avec une frange<span class=\"ez-toc-section-end\"><\/span><\/h2>\n\n\n\n<p>La coupe de cheveux French Bob est adorable avec une jolie frange droite ou \u00e9mouss\u00e9e. Le choix de la frange d\u00e9pend exclusivement des pr\u00e9f\u00e9rences personnelles de chaque femme, car elle encadre le visage de mani\u00e8re d\u00e9licate et subtile.<\/p>\n\n\n\n<figure class=\"wp-block-image size-full\"><img loading=\"lazy\" decoding=\"async\" width=\"760\" height=\"555\" src=\"https:\/\/danidrops.com.br\/wp-content\/uploads\/2023\/08\/18-o-corte-de-cabelo-bob-frances-fica-adoravel-com-franja.jpg\" alt=\"La coupe de cheveux au carr\u00e9 fran\u00e7ais est adorable avec une frange\" class=\"wp-image-82837\" title=\"\" srcset=\"https:\/\/danidrops.com.br\/wp-content\/uploads\/2023\/08\/18-o-corte-de-cabelo-bob-frances-fica-adoravel-com-franja.jpg 760w, https:\/\/danidrops.com.br\/wp-content\/uploads\/2023\/08\/18-o-corte-de-cabelo-bob-frances-fica-adoravel-com-franja-300x219.jpg 300w, https:\/\/danidrops.com.br\/wp-content\/uploads\/2023\/08\/18-o-corte-de-cabelo-bob-frances-fica-adoravel-com-franja-16x12.jpg 16w, https:\/\/danidrops.com.br\/wp-content\/uploads\/2023\/08\/18-o-corte-de-cabelo-bob-frances-fica-adoravel-com-franja-150x110.jpg 150w\" sizes=\"auto, (max-width: 760px) 100vw, 760px\" \/><figcaption class=\"wp-element-caption\">La coupe de cheveux au carr\u00e9 fran\u00e7ais est adorable avec une frange<\/figcaption><\/figure>\n\n\n\n<figure class=\"wp-block-image size-full\"><img loading=\"lazy\" decoding=\"async\" width=\"760\" height=\"555\" src=\"https:\/\/danidrops.com.br\/wp-content\/uploads\/2023\/08\/17-o-corte-de-cabelo-bob-frances-fica-adoravel-com-franja.jpg\" alt=\"La coupe de cheveux au carr\u00e9 fran\u00e7ais est adorable avec une frange\" class=\"wp-image-82836\" title=\"\" srcset=\"https:\/\/danidrops.com.br\/wp-content\/uploads\/2023\/08\/17-o-corte-de-cabelo-bob-frances-fica-adoravel-com-franja.jpg 760w, https:\/\/danidrops.com.br\/wp-content\/uploads\/2023\/08\/17-o-corte-de-cabelo-bob-frances-fica-adoravel-com-franja-300x219.jpg 300w, https:\/\/danidrops.com.br\/wp-content\/uploads\/2023\/08\/17-o-corte-de-cabelo-bob-frances-fica-adoravel-com-franja-16x12.jpg 16w, https:\/\/danidrops.com.br\/wp-content\/uploads\/2023\/08\/17-o-corte-de-cabelo-bob-frances-fica-adoravel-com-franja-150x110.jpg 150w\" sizes=\"auto, (max-width: 760px) 100vw, 760px\" \/><figcaption class=\"wp-element-caption\">La coupe de cheveux au carr\u00e9 fran\u00e7ais est adorable avec une frange<\/figcaption><\/figure>\n\n\n\n<h2 class=\"wp-block-heading\"><span class=\"ez-toc-section\" id=\"Entre_na_tendencia_do_corte_de_cabelo_bob_frances_um_classico_que_nunca_sai_de_moda\"><\/span>Suivez la tendance des coupes de cheveux au carr\u00e9 fran\u00e7ais, un classique qui ne se d\u00e9mode jamais.<span class=\"ez-toc-section-end\"><\/span><\/h2>\n\n\n\n<p>En choisissant de rejoindre la tendance coupe de cheveux French Bob, sachez que c&#039;est un classique qui ne se d\u00e9mode jamais et que vous serez toujours pr\u00eat pour toute occasion, car c&#039;est un mod\u00e8le pratique et facile \u00e0 ranger.&nbsp;<\/p>\n\n\n\n<figure class=\"wp-block-image size-full\"><img loading=\"lazy\" decoding=\"async\" width=\"760\" height=\"555\" src=\"https:\/\/danidrops.com.br\/wp-content\/uploads\/2023\/08\/20-entre-na-tendencia-do-corte-de-cabelo-bob-frances.jpg\" alt=\"suivez la tendance coupe de cheveux au carr\u00e9 fran\u00e7ais\" class=\"wp-image-82839\" title=\"\" srcset=\"https:\/\/danidrops.com.br\/wp-content\/uploads\/2023\/08\/20-entre-na-tendencia-do-corte-de-cabelo-bob-frances.jpg 760w, https:\/\/danidrops.com.br\/wp-content\/uploads\/2023\/08\/20-entre-na-tendencia-do-corte-de-cabelo-bob-frances-300x219.jpg 300w, https:\/\/danidrops.com.br\/wp-content\/uploads\/2023\/08\/20-entre-na-tendencia-do-corte-de-cabelo-bob-frances-16x12.jpg 16w, https:\/\/danidrops.com.br\/wp-content\/uploads\/2023\/08\/20-entre-na-tendencia-do-corte-de-cabelo-bob-frances-150x110.jpg 150w\" sizes=\"auto, (max-width: 760px) 100vw, 760px\" \/><figcaption class=\"wp-element-caption\">suivez la tendance coupe de cheveux au carr\u00e9 fran\u00e7ais<\/figcaption><\/figure>\n\n\n\n<figure class=\"wp-block-image size-full\"><img loading=\"lazy\" decoding=\"async\" width=\"760\" height=\"555\" src=\"https:\/\/danidrops.com.br\/wp-content\/uploads\/2023\/08\/19-entre-na-tendencia-do-corte-de-cabelo-bob-frances.jpg\" alt=\"suivez la tendance coupe de cheveux au carr\u00e9 fran\u00e7ais\" class=\"wp-image-82838\" title=\"\" srcset=\"https:\/\/danidrops.com.br\/wp-content\/uploads\/2023\/08\/19-entre-na-tendencia-do-corte-de-cabelo-bob-frances.jpg 760w, https:\/\/danidrops.com.br\/wp-content\/uploads\/2023\/08\/19-entre-na-tendencia-do-corte-de-cabelo-bob-frances-300x219.jpg 300w, https:\/\/danidrops.com.br\/wp-content\/uploads\/2023\/08\/19-entre-na-tendencia-do-corte-de-cabelo-bob-frances-16x12.jpg 16w, https:\/\/danidrops.com.br\/wp-content\/uploads\/2023\/08\/19-entre-na-tendencia-do-corte-de-cabelo-bob-frances-150x110.jpg 150w\" sizes=\"auto, (max-width: 760px) 100vw, 760px\" \/><figcaption class=\"wp-element-caption\">suivez la tendance coupe de cheveux au carr\u00e9 fran\u00e7ais<\/figcaption><\/figure>\n\n\n\n<h2 class=\"wp-block-heading\"><span class=\"ez-toc-section\" id=\"O_bob_frances_e_um_corte_de_cabelo_que_ajuda_a_adicionar_volume_ao_cabelo_fino\"><\/span>Le French bob est une coupe de cheveux qui permet de donner du volume aux cheveux fins.<span class=\"ez-toc-section-end\"><\/span><\/h2>\n\n\n\n<p>Si vous avez les cheveux fins, sachez que la coupe French Bob est excellente pour ajouter du volume et de la texture aux m\u00e8ches, offrant une finition parfaite et tr\u00e8s sophistiqu\u00e9e.<\/p>\n\n\n\n<figure class=\"wp-block-image size-full\"><img loading=\"lazy\" decoding=\"async\" width=\"760\" height=\"555\" src=\"https:\/\/danidrops.com.br\/wp-content\/uploads\/2023\/08\/21-bob-frances-o-corte-que-ajuda-cria-volume-no-cabelo-fino.jpg\" alt=\"French bob la coupe qui aide \u00e0 cr\u00e9er du volume dans les cheveux fins\" class=\"wp-image-82840\" title=\"\" srcset=\"https:\/\/danidrops.com.br\/wp-content\/uploads\/2023\/08\/21-bob-frances-o-corte-que-ajuda-cria-volume-no-cabelo-fino.jpg 760w, https:\/\/danidrops.com.br\/wp-content\/uploads\/2023\/08\/21-bob-frances-o-corte-que-ajuda-cria-volume-no-cabelo-fino-300x219.jpg 300w, https:\/\/danidrops.com.br\/wp-content\/uploads\/2023\/08\/21-bob-frances-o-corte-que-ajuda-cria-volume-no-cabelo-fino-16x12.jpg 16w, https:\/\/danidrops.com.br\/wp-content\/uploads\/2023\/08\/21-bob-frances-o-corte-que-ajuda-cria-volume-no-cabelo-fino-150x110.jpg 150w\" sizes=\"auto, (max-width: 760px) 100vw, 760px\" \/><figcaption class=\"wp-element-caption\">French bob la coupe qui aide \u00e0 cr\u00e9er du volume dans les cheveux fins<\/figcaption><\/figure>\n\n\n\n<figure class=\"wp-block-image size-full\"><img loading=\"lazy\" decoding=\"async\" width=\"760\" height=\"555\" src=\"https:\/\/danidrops.com.br\/wp-content\/uploads\/2023\/08\/22-bob-frances-o-corte-que-ajuda-cria-volume-no-cabelo-fino.jpg\" alt=\"French bob la coupe qui aide \u00e0 cr\u00e9er du volume dans les cheveux fins\" class=\"wp-image-82841\" title=\"\" srcset=\"https:\/\/danidrops.com.br\/wp-content\/uploads\/2023\/08\/22-bob-frances-o-corte-que-ajuda-cria-volume-no-cabelo-fino.jpg 760w, https:\/\/danidrops.com.br\/wp-content\/uploads\/2023\/08\/22-bob-frances-o-corte-que-ajuda-cria-volume-no-cabelo-fino-300x219.jpg 300w, https:\/\/danidrops.com.br\/wp-content\/uploads\/2023\/08\/22-bob-frances-o-corte-que-ajuda-cria-volume-no-cabelo-fino-16x12.jpg 16w, https:\/\/danidrops.com.br\/wp-content\/uploads\/2023\/08\/22-bob-frances-o-corte-que-ajuda-cria-volume-no-cabelo-fino-150x110.jpg 150w\" sizes=\"auto, (max-width: 760px) 100vw, 760px\" \/><figcaption class=\"wp-element-caption\">French bob la coupe qui aide \u00e0 cr\u00e9er du volume dans les cheveux fins<\/figcaption><\/figure>\n<div id=\"ez-toc-container\" class=\"ez-toc-v2_0_76 counter-hierarchy ez-toc-counter ez-toc-grey ez-toc-container-direction\">\n<p class=\"ez-toc-title\" style=\"cursor:inherit\">Vous lirez cet article<\/p>\n<label for=\"ez-toc-cssicon-toggle-item-69f5269ea7fc7\" class=\"ez-toc-cssicon-toggle-label\"><span class=\"ez-toc-cssicon\"><span class=\"eztoc-hide\" style=\"display:none;\">Basculer<\/span><span class=\"ez-toc-icon-toggle-span\"><svg style=\"fill: #999;color:#999\" xmlns=\"http:\/\/www.w3.org\/2000\/svg\" class=\"list-377408\" width=\"20px\" height=\"20px\" viewbox=\"0 0 24 24\" fill=\"none\"><path d=\"M6 6H4v2h2V6zm14 0H8v2h12V6zM4 11h2v2H4v-2zm16 0H8v2h12v-2zM4 16h2v2H4v-2zm16 0H8v2h12v-2z\" fill=\"currentColor\"><\/path><\/svg><svg style=\"fill: #999;color:#999\" class=\"arrow-unsorted-368013\" xmlns=\"http:\/\/www.w3.org\/2000\/svg\" width=\"10px\" height=\"10px\" viewbox=\"0 0 24 24\" version=\"1.2\" baseprofile=\"tiny\"><path d=\"M18.2 9.3l-6.2-6.3-6.2 6.3c-.2.2-.3.4-.3.7s.1.5.3.7c.2.2.4.3.7.3h11c.3 0 .5-.1.7-.3.2-.2.3-.5.3-.7s-.1-.5-.3-.7zM5.8 14.7l6.2 6.3 6.2-6.3c.2-.2.3-.5.3-.7s-.1-.5-.3-.7c-.2-.2-.4-.3-.7-.3h-11c-.3 0-.5.1-.7.3-.2.2-.3.5-.3.7s.1.5.3.7z\"\/><\/svg><\/span><\/span><\/label><input type=\"checkbox\"  id=\"ez-toc-cssicon-toggle-item-69f5269ea7fc7\"  aria-label=\"Basculer\" \/><nav><ul class='ez-toc-list ez-toc-list-level-1' ><li class='ez-toc-page-1 ez-toc-heading-level-2'><a class=\"ez-toc-link ez-toc-heading-1\" href=\"https:\/\/danidrops.com.br\/fr\/coupe-de-cheveux-au-carre-francais-2\/#O_que_e_a_tendencia_de_corte_de_cabelo_bob_frances\" >Quelle est la tendance coupe de cheveux au carr\u00e9 fran\u00e7ais ?<\/a><\/li><li class='ez-toc-page-1 ez-toc-heading-level-2'><a class=\"ez-toc-link ez-toc-heading-2\" href=\"https:\/\/danidrops.com.br\/fr\/coupe-de-cheveux-au-carre-francais-2\/#Quais_celebridades_ja_usaram_o_corte_de_cabelo_bob_frances\" >Quelles c\u00e9l\u00e9brit\u00e9s ont arbor\u00e9 la coupe de cheveux au carr\u00e9 fran\u00e7ais ?<\/a><\/li><li class='ez-toc-page-1 ez-toc-heading-level-2'><a class=\"ez-toc-link ez-toc-heading-3\" href=\"https:\/\/danidrops.com.br\/fr\/coupe-de-cheveux-au-carre-francais-2\/#O_corte_de_cabelo_bob_frances_e_um_corte_de_cabelo_classico_e_elegante_que_nunca_sai_de_moda\" >La coupe de cheveux French bob est une coupe de cheveux classique et \u00e9l\u00e9gante qui ne se d\u00e9modera jamais.<\/a><\/li><li class='ez-toc-page-1 ez-toc-heading-level-2'><a class=\"ez-toc-link ez-toc-heading-4\" href=\"https:\/\/danidrops.com.br\/fr\/coupe-de-cheveux-au-carre-francais-2\/#O_corte_bob_frances_e_um_corte_versatil_que_pode_ser_estilizado_de_varias_maneiras_incluindo_em_cabelos_lisos_ondulado_ou_cacheados\" >La coupe bob fran\u00e7aise est une coupe polyvalente qui peut \u00eatre coiff\u00e9e de diff\u00e9rentes mani\u00e8res, notamment sur cheveux raides, ondul\u00e9s ou boucl\u00e9s.<\/a><\/li><li class='ez-toc-page-1 ez-toc-heading-level-2'><a class=\"ez-toc-link ez-toc-heading-5\" href=\"https:\/\/danidrops.com.br\/fr\/coupe-de-cheveux-au-carre-francais-2\/#O_bob_frances_e_facil_de_manter_e_requer_pouca_manutencao\" >Le bob fran\u00e7ais est facile \u00e0 entretenir et n\u00e9cessite peu d\u2019entretien.<\/a><\/li><li class='ez-toc-page-1 ez-toc-heading-level-2'><a class=\"ez-toc-link ez-toc-heading-6\" href=\"https:\/\/danidrops.com.br\/fr\/coupe-de-cheveux-au-carre-francais-2\/#O_corte_de_cabelo_bob_frances_e_moderno_e_atual_uma_otima_opcao_para_quem_quer_um_toque_de_glamour_ao_seu_estilo\" >La coupe de cheveux au carr\u00e9 fran\u00e7ais est moderne et actuelle, une excellente option pour ceux qui veulent une touche de glamour \u00e0 leur style.<\/a><\/li><li class='ez-toc-page-1 ez-toc-heading-level-2'><a class=\"ez-toc-link ez-toc-heading-7\" href=\"https:\/\/danidrops.com.br\/fr\/coupe-de-cheveux-au-carre-francais-2\/#O_corte_de_cabelo_bob_frances_e_moderno_e_facil_de_cuidar_e_uma_otima_opcao\" >La coupe de cheveux French bob est moderne et facile \u00e0 entretenir, c&#039;est une excellente option !<\/a><\/li><li class='ez-toc-page-1 ez-toc-heading-level-2'><a class=\"ez-toc-link ez-toc-heading-8\" href=\"https:\/\/danidrops.com.br\/fr\/coupe-de-cheveux-au-carre-francais-2\/#O_corte_de_cabelo_bob_frances_fica_adoravel_com_franja\" >La coupe de cheveux au carr\u00e9 fran\u00e7ais est adorable avec une frange<\/a><\/li><li class='ez-toc-page-1 ez-toc-heading-level-2'><a class=\"ez-toc-link ez-toc-heading-9\" href=\"https:\/\/danidrops.com.br\/fr\/coupe-de-cheveux-au-carre-francais-2\/#Entre_na_tendencia_do_corte_de_cabelo_bob_frances_um_classico_que_nunca_sai_de_moda\" >Suivez la tendance des coupes de cheveux au carr\u00e9 fran\u00e7ais, un classique qui ne se d\u00e9mode jamais.<\/a><\/li><li class='ez-toc-page-1 ez-toc-heading-level-2'><a class=\"ez-toc-link ez-toc-heading-10\" href=\"https:\/\/danidrops.com.br\/fr\/coupe-de-cheveux-au-carre-francais-2\/#O_bob_frances_e_um_corte_de_cabelo_que_ajuda_a_adicionar_volume_ao_cabelo_fino\" >Le French bob est une coupe de cheveux qui permet de donner du volume aux cheveux fins.<\/a><\/li><\/ul><\/nav><\/div>","protected":false},"excerpt":{"rendered":"<p>O corte de cabelo Bob franc\u00eas \u00e9 uma tend\u00eancia de corte mais curto, estilo retr\u00f4 que chegou pra ficar no ano de 2023. Por ter&hellip;<\/p>","protected":false},"author":1,"featured_media":82841,"comment_status":"open","ping_status":"open","sticky":false,"template":"","format":"standard","meta":{"footnotes":""},"categories":[439],"tags":[],"class_list":["post-82147","post","type-post","status-publish","format-standard","has-post-thumbnail","hentry","category-cabelo"],"_links":{"self":[{"href":"https:\/\/danidrops.com.br\/fr\/wp-json\/wp\/v2\/posts\/82147","targetHints":{"allow":["GET"]}}],"collection":[{"href":"https:\/\/danidrops.com.br\/fr\/wp-json\/wp\/v2\/posts"}],"about":[{"href":"https:\/\/danidrops.com.br\/fr\/wp-json\/wp\/v2\/types\/post"}],"author":[{"embeddable":true,"href":"https:\/\/danidrops.com.br\/fr\/wp-json\/wp\/v2\/users\/1"}],"replies":[{"embeddable":true,"href":"https:\/\/danidrops.com.br\/fr\/wp-json\/wp\/v2\/comments?post=82147"}],"version-history":[{"count":0,"href":"https:\/\/danidrops.com.br\/fr\/wp-json\/wp\/v2\/posts\/82147\/revisions"}],"wp:featuredmedia":[{"embeddable":true,"href":"https:\/\/danidrops.com.br\/fr\/wp-json\/wp\/v2\/media\/82841"}],"wp:attachment":[{"href":"https:\/\/danidrops.com.br\/fr\/wp-json\/wp\/v2\/media?parent=82147"}],"wp:term":[{"taxonomy":"category","embeddable":true,"href":"https:\/\/danidrops.com.br\/fr\/wp-json\/wp\/v2\/categories?post=82147"},{"taxonomy":"post_tag","embeddable":true,"href":"https:\/\/danidrops.com.br\/fr\/wp-json\/wp\/v2\/tags?post=82147"}],"curies":[{"name":"wp","href":"https:\/\/api.w.org\/{rel}","templated":true}]}}