{"id":84573,"date":"2023-09-22T06:21:25","date_gmt":"2023-09-22T09:21:25","guid":{"rendered":"https:\/\/danidrops.com.br\/?p=84573"},"modified":"2023-09-23T04:02:49","modified_gmt":"2023-09-23T07:02:49","slug":"coupe-courte-au-carre-inverse","status":"publish","type":"post","link":"https:\/\/danidrops.com.br\/fr\/coupe-courte-au-carre-inverse\/","title":{"rendered":"Coupe de cheveux courte au carr\u00e9 invers\u00e9 \u2013 Voir 10 inspirations pour la coupe courte au carr\u00e9 invers\u00e9"},"content":{"rendered":"<p>Tu <strong>coupes de cheveux courtes au carr\u00e9 invers\u00e9<\/strong> apporter un look plus moderne aux femmes, quel que soit leur \u00e2ge, qui souhaitent un style plus audacieux et f\u00e9minin. <\/p>\n\n\n\n<p>M\u00eame si vous avez des m\u00e8ches droites ou textur\u00e9es, ce style bob s&#039;adapte parfaitement \u00e0 de nombreux visages, cr\u00e9ant un changement plus subtil mais visible.<\/p>\n\n\n\n<p>A lire aussi : <strong><a href=\"https:\/\/danidrops.com.br\/fr\/coupe-de-cheveux-au-carre-2023\/\" data-type=\"link\" data-id=\"https:\/\/danidrops.com.br\/corte-de-cabelo-bob-2023\/\">Bob Haircut 2023 - Voir plus de 90 inspirations de coupe de cheveux bob pour les femmes<\/a><\/strong><\/p>\n\n\n\n<figure class=\"wp-block-image size-full\"><img loading=\"lazy\" decoding=\"async\" width=\"760\" height=\"800\" src=\"https:\/\/danidrops.com.br\/wp-content\/uploads\/2023\/09\/01-10-Cortes-de-cabelo-Bob-invertido-curto.jpg\" alt=\"10 coupes de cheveux courtes invers\u00e9es\" class=\"wp-image-84597\" title=\"\" srcset=\"https:\/\/danidrops.com.br\/wp-content\/uploads\/2023\/09\/01-10-Cortes-de-cabelo-Bob-invertido-curto.jpg 760w, https:\/\/danidrops.com.br\/wp-content\/uploads\/2023\/09\/01-10-Cortes-de-cabelo-Bob-invertido-curto-285x300.jpg 285w, https:\/\/danidrops.com.br\/wp-content\/uploads\/2023\/09\/01-10-Cortes-de-cabelo-Bob-invertido-curto-11x12.jpg 11w, https:\/\/danidrops.com.br\/wp-content\/uploads\/2023\/09\/01-10-Cortes-de-cabelo-Bob-invertido-curto-150x158.jpg 150w\" sizes=\"auto, (max-width: 760px) 100vw, 760px\" \/><figcaption class=\"wp-element-caption\">10 coupes de cheveux courtes invers\u00e9es au carr\u00e9 \u2013 Instagram @ saharkarimi1986<\/figcaption><\/figure>\n\n\n\n<p>Les deux c\u00f4t\u00e9s de cette coupe ont la m\u00eame taille et le m\u00eame angle, seul le dos a plus de couches, ce qui ajoute du mouvement et enl\u00e8ve du poids aux cheveux. Ce style n\u00e9cessite un peu plus de soin pour \u00e9viter les frisottis.<\/p>\n\n\n\n<script type=\"application\/ld+json\">{\n    \"@context\": \"https:\\\/\\\/schema.org\",\n    \"@type\": \"FAQPage\",\n    \"mainEntity\": {\n        \"@type\": \"Question\",\n        \"name\": \"Quais cortes de cabelo curto bob invertido s\\u00e3o tend\\u00eancia?\",\n        \"acceptedAnswer\": {\n            \"@type\": \"Answer\",\n            \"text\": \"A tend\\u00eancia de Corte de Cabelo Bob Invertido Curto s\\u00e3o: Corte de cabelo bob invertido curto em tons loiros, Bob invertido curto em tom laranja brilhante, Corte de cabelo bob invertido com luzes, Bob invertido em tons loiros em alto contraste, Corte de cabelo bob invertido curto na altura do queixo, Corte de cabelo bob invertido curto em camadas, Bob invertido curto para cabelos ondulados, Corte bob invertido para cabelos cacheados, Corte de cabelo bob invertido empilhado, Bob invertido curto na altura da nuca.\"\n        }\n    }\n}<\/script>\n\n\n\n<h2 class=\"wp-block-heading\"><span class=\"ez-toc-section\" id=\"Quais_cortes_de_cabelo_curto_bob_invertido_sao_tendencia\"><\/span>Quelles coupes de cheveux courtes au carr\u00e9 invers\u00e9 sont \u00e0 la mode ?<span class=\"ez-toc-section-end\"><\/span><\/h2>\n\n\n\n<p>LA <strong>Tendance de coupe de cheveux courte invers\u00e9e au carr\u00e9<\/strong> sommes:<\/p>\n\n\n\n<ul class=\"wp-block-list\">\n<li>Coupe de cheveux courte au carr\u00e9 invers\u00e9 dans les tons blonds<\/li>\n\n\n\n<li>Bob invers\u00e9 court dans un ton orange vif<\/li>\n\n\n\n<li>Coupe de cheveux au carr\u00e9 invers\u00e9 avec reflets<\/li>\n\n\n\n<li>Bob invers\u00e9 dans des tons blonds tr\u00e8s contrast\u00e9s<\/li>\n\n\n\n<li>Coupe de cheveux courte invers\u00e9e au menton<\/li>\n\n\n\n<li>Coupe de cheveux courte et invers\u00e9e en couches<\/li>\n\n\n\n<li>Bob invers\u00e9 court pour cheveux ondul\u00e9s<\/li>\n\n\n\n<li>Coupe au carr\u00e9 invers\u00e9 pour cheveux boucl\u00e9s<\/li>\n\n\n\n<li>Coupe de cheveux bob invers\u00e9 empil\u00e9e<\/li>\n\n\n\n<li>Carr\u00e9 court invers\u00e9 au niveau de la nuque<\/li>\n<\/ul>\n\n\n\n<h2 class=\"wp-block-heading\"><span class=\"ez-toc-section\" id=\"1_%E2%80%93_Corte_de_cabelo_bob_invertido_curto_em_tons_loiros\"><\/span>1 \u2013 Coupe de cheveux courte au carr\u00e9 invers\u00e9 dans les tons blonds<span class=\"ez-toc-section-end\"><\/span><\/h2>\n\n\n\n<p>Les coupes de cheveux courtes au carr\u00e9 invers\u00e9 sont un choix tr\u00e8s moderne et attrayant. Le ton blond apporte une touche de brillance et de luminosit\u00e9 au look. Si vous voulez vraiment \u00eatre audacieux, vous pouvez opter pour des tons plus roses ou platine, selon votre style personnel.<\/p>\n\n\n\n<figure class=\"wp-block-image size-full\"><img loading=\"lazy\" decoding=\"async\" width=\"760\" height=\"800\" src=\"https:\/\/danidrops.com.br\/wp-content\/uploads\/2023\/09\/02-Corte-de-cabelo-bob-invertido-curto-em-tons-loiros.jpg\" alt=\"Coupe de cheveux courte au carr\u00e9 invers\u00e9 dans les tons blonds\" class=\"wp-image-84598\" title=\"\" srcset=\"https:\/\/danidrops.com.br\/wp-content\/uploads\/2023\/09\/02-Corte-de-cabelo-bob-invertido-curto-em-tons-loiros.jpg 760w, https:\/\/danidrops.com.br\/wp-content\/uploads\/2023\/09\/02-Corte-de-cabelo-bob-invertido-curto-em-tons-loiros-285x300.jpg 285w, https:\/\/danidrops.com.br\/wp-content\/uploads\/2023\/09\/02-Corte-de-cabelo-bob-invertido-curto-em-tons-loiros-11x12.jpg 11w, https:\/\/danidrops.com.br\/wp-content\/uploads\/2023\/09\/02-Corte-de-cabelo-bob-invertido-curto-em-tons-loiros-150x158.jpg 150w\" sizes=\"auto, (max-width: 760px) 100vw, 760px\" \/><figcaption class=\"wp-element-caption\">Coupe de cheveux courte au carr\u00e9 invers\u00e9 dans les tons blonds \u2013 instagram @kisasackadin<\/figcaption><\/figure>\n\n\n\n<p>Pour conserver ce style plus longtemps, vous pouvez utiliser un s\u00e8che-cheveux avec une brosse ronde en effectuant des mouvements doux, afin de ne pas cr\u00e9er trop de volume et d\u00e9former la coupe. Utilisez un spray fixateur pour garder votre coiffure impeccable tout au long de la journ\u00e9e.<\/p>\n\n\n\n<h2 class=\"wp-block-heading\"><span class=\"ez-toc-section\" id=\"2_%E2%80%93_Bob_invertido_curto_em_tom_laranja_brilhante\"><\/span>2 \u2013 Carr\u00e9 invers\u00e9 court dans un ton orange vif<span class=\"ez-toc-section-end\"><\/span><\/h2>\n\n\n\n<p>Ce style est presque une r\u00e9interpr\u00e9tation des coiffures vintage. La combinaison entre coupe et couleur est un exemple clair d&#039;hommage aux ann\u00e9es 50, mais avec une touche beaucoup plus moderne. Vous pouvez le coiffer avec des vagues douces.<\/p>\n\n\n\n<figure class=\"wp-block-image size-full\"><img loading=\"lazy\" decoding=\"async\" width=\"760\" height=\"800\" src=\"https:\/\/danidrops.com.br\/wp-content\/uploads\/2023\/09\/03-Bob-invertido-curto-em-tom-laranja-brilhante.jpg\" alt=\"Bob invers\u00e9 court dans un ton orange vif\" class=\"wp-image-84599\" title=\"\" srcset=\"https:\/\/danidrops.com.br\/wp-content\/uploads\/2023\/09\/03-Bob-invertido-curto-em-tom-laranja-brilhante.jpg 760w, https:\/\/danidrops.com.br\/wp-content\/uploads\/2023\/09\/03-Bob-invertido-curto-em-tom-laranja-brilhante-285x300.jpg 285w, https:\/\/danidrops.com.br\/wp-content\/uploads\/2023\/09\/03-Bob-invertido-curto-em-tom-laranja-brilhante-11x12.jpg 11w, https:\/\/danidrops.com.br\/wp-content\/uploads\/2023\/09\/03-Bob-invertido-curto-em-tom-laranja-brilhante-150x158.jpg 150w\" sizes=\"auto, (max-width: 760px) 100vw, 760px\" \/><figcaption class=\"wp-element-caption\">Bob invers\u00e9 court dans un ton orange vif \u2013 instagram @gonn24<\/figcaption><\/figure>\n\n\n\n<p>L\u2019un des avantages des coupes de cheveux courtes au carr\u00e9 invers\u00e9 est leur polyvalence. Vous pouvez le coiffer de diff\u00e9rentes mani\u00e8res, depuis des vagues plus douces et plus \u00e9l\u00e9gantes pour un look plus classique ou en ajoutant plus de texture et de volume pour une touche plus moderne.<\/p>\n\n\n\n<h2 class=\"wp-block-heading\"><span class=\"ez-toc-section\" id=\"3_%E2%80%93_Corte_de_cabelo_bob_invertido_com_luzes\"><\/span>3 \u2013 Coupe de cheveux au carr\u00e9 invers\u00e9 avec reflets<span class=\"ez-toc-section-end\"><\/span><\/h2>\n\n\n\n<p>Ce style doit \u00eatre r\u00e9alis\u00e9 en couches, ce qui fera ressortir davantage les reflets. Pour ajouter plus de lumi\u00e8re \u00e0 votre visage, vous pouvez demander \u00e0 votre coiffeur d&#039;ajouter plus de reflets sur le devant et les c\u00f4t\u00e9s, en finissant la nuque avec des tons plus fonc\u00e9s. <\/p>\n\n\n\n<figure class=\"wp-block-image size-full\"><img loading=\"lazy\" decoding=\"async\" width=\"760\" height=\"800\" src=\"https:\/\/danidrops.com.br\/wp-content\/uploads\/2023\/09\/04-Corte-de-cabelo-bob-invertido-com-luzes.jpg\" alt=\"Coupe de cheveux au carr\u00e9 invers\u00e9 avec reflets\" class=\"wp-image-84600\" title=\"\" srcset=\"https:\/\/danidrops.com.br\/wp-content\/uploads\/2023\/09\/04-Corte-de-cabelo-bob-invertido-com-luzes.jpg 760w, https:\/\/danidrops.com.br\/wp-content\/uploads\/2023\/09\/04-Corte-de-cabelo-bob-invertido-com-luzes-285x300.jpg 285w, https:\/\/danidrops.com.br\/wp-content\/uploads\/2023\/09\/04-Corte-de-cabelo-bob-invertido-com-luzes-11x12.jpg 11w, https:\/\/danidrops.com.br\/wp-content\/uploads\/2023\/09\/04-Corte-de-cabelo-bob-invertido-com-luzes-150x158.jpg 150w\" sizes=\"auto, (max-width: 760px) 100vw, 760px\" \/><figcaption class=\"wp-element-caption\">Coupe de cheveux au carr\u00e9 invers\u00e9 avec reflets \u2013 instagram @nacirsomera<\/figcaption><\/figure>\n\n\n\n<p>Pour conserver la coupe plus longtemps, utilisez un s\u00e8che-cheveux dot\u00e9 d&#039;une brosse ronde, qui rehaussera le volume.<\/p>\n\n\n\n<p>Parmi les coupes de cheveux courtes au carr\u00e9 invers\u00e9, ce style qui pr\u00e9sente des reflets est un excellent choix pour les femmes qui souhaitent un look plus \u00e9l\u00e9gant et sophistiqu\u00e9. Les lumi\u00e8res ont tendance \u00e0 ajouter juste ce qu\u2019il faut de dimension et de luminosit\u00e9.<\/p>\n\n\n\n<h2 class=\"wp-block-heading\"><span class=\"ez-toc-section\" id=\"4_%E2%80%93_Bob_invertido_empilhado_em_tons_loiros_em_alto_contraste\"><\/span>4 \u2013 Bob invers\u00e9 empil\u00e9 dans des tons blonds tr\u00e8s contrast\u00e9s<span class=\"ez-toc-section-end\"><\/span><\/h2>\n\n\n\n<p>Les coupes de cheveux courtes au carr\u00e9 invers\u00e9 sont connues pour r\u00e9duire le volume et augmenter le mouvement de mani\u00e8re naturelle. Dans ce style, vos cheveux pousseront magnifiquement et seront beaucoup plus faciles \u00e0 entretenir au quotidien.<\/p>\n\n\n\n<figure class=\"wp-block-image size-full\"><img loading=\"lazy\" decoding=\"async\" width=\"760\" height=\"800\" src=\"https:\/\/danidrops.com.br\/wp-content\/uploads\/2023\/09\/05-Bob-invertido-empilhado-em-tons-loiros-em-alto-contraste.jpg\" alt=\"Bob invers\u00e9 empil\u00e9 dans des tons blonds \u00e0 contraste \u00e9lev\u00e9\" class=\"wp-image-84601\" title=\"\" srcset=\"https:\/\/danidrops.com.br\/wp-content\/uploads\/2023\/09\/05-Bob-invertido-empilhado-em-tons-loiros-em-alto-contraste.jpg 760w, https:\/\/danidrops.com.br\/wp-content\/uploads\/2023\/09\/05-Bob-invertido-empilhado-em-tons-loiros-em-alto-contraste-285x300.jpg 285w, https:\/\/danidrops.com.br\/wp-content\/uploads\/2023\/09\/05-Bob-invertido-empilhado-em-tons-loiros-em-alto-contraste-11x12.jpg 11w, https:\/\/danidrops.com.br\/wp-content\/uploads\/2023\/09\/05-Bob-invertido-empilhado-em-tons-loiros-em-alto-contraste-150x158.jpg 150w\" sizes=\"auto, (max-width: 760px) 100vw, 760px\" \/><figcaption class=\"wp-element-caption\">Bob invers\u00e9 empil\u00e9 dans des tons blonds tr\u00e8s contrast\u00e9s \u2013 instagram @pamela_cabelos<\/figcaption><\/figure>\n\n\n\n<p>Les reflets dans des tons blonds tr\u00e8s contrast\u00e9s apportent de la brillance et cr\u00e9ent un look plus \u00e9l\u00e9gant. L\u2019entretien de cette coupe de cheveux est simple et pratique, ce qui la rend parfaite pour les femmes aux horaires plus charg\u00e9s et qui ne peuvent pas perdre de temps.<\/p>\n\n\n\n<h2 class=\"wp-block-heading\"><span class=\"ez-toc-section\" id=\"5_%E2%80%93_Corte_de_cabelo_bob_invertido_curto_na_altura_do_queixo\"><\/span>5 \u2013 Coupe de cheveux courte au carr\u00e9 invers\u00e9 au menton<span class=\"ez-toc-section-end\"><\/span><\/h2>\n\n\n\n<p>Pour les femmes qui ont les cheveux plus fins, ce style avec une longueur plus courte est id\u00e9al, car il offre une finition naturelle et parvient \u00e0 donner l&#039;illusion que les cheveux sont plus fournis. Vous pouvez \u00e9galement essayer des reflets dans des tons rouge\u00e2tres, ce qui rendra votre look beaucoup plus audacieux !<\/p>\n\n\n\n<figure class=\"wp-block-image size-full\"><img loading=\"lazy\" decoding=\"async\" width=\"760\" height=\"800\" src=\"https:\/\/danidrops.com.br\/wp-content\/uploads\/2023\/09\/06-Corte-de-cabelo-bob-invertido-curto-na-altura-do-queixo.jpg\" alt=\"Coupe de cheveux courte invers\u00e9e au menton\" class=\"wp-image-84602\" title=\"\" srcset=\"https:\/\/danidrops.com.br\/wp-content\/uploads\/2023\/09\/06-Corte-de-cabelo-bob-invertido-curto-na-altura-do-queixo.jpg 760w, https:\/\/danidrops.com.br\/wp-content\/uploads\/2023\/09\/06-Corte-de-cabelo-bob-invertido-curto-na-altura-do-queixo-285x300.jpg 285w, https:\/\/danidrops.com.br\/wp-content\/uploads\/2023\/09\/06-Corte-de-cabelo-bob-invertido-curto-na-altura-do-queixo-11x12.jpg 11w, https:\/\/danidrops.com.br\/wp-content\/uploads\/2023\/09\/06-Corte-de-cabelo-bob-invertido-curto-na-altura-do-queixo-150x158.jpg 150w\" sizes=\"auto, (max-width: 760px) 100vw, 760px\" \/><figcaption class=\"wp-element-caption\">Coupe de cheveux au carr\u00e9 invers\u00e9 courte au menton \u2013 instagram @headrushdesigns<\/figcaption><\/figure>\n\n\n\n<p>Ce style est un excellent choix parmi les diff\u00e9rents types de coupes de cheveux courtes au carr\u00e9 invers\u00e9, surtout si vous souhaitez avoir plus de volume et de mouvement sans para\u00eetre plus lourd.<\/p>\n\n\n\n<h2 class=\"wp-block-heading\"><span class=\"ez-toc-section\" id=\"6_%E2%80%93_Corte_de_cabelo_bob_invertido_curto_em_camadas\"><\/span>6 \u2013 Coupe de cheveux courte en d\u00e9grad\u00e9 au carr\u00e9 invers\u00e9<span class=\"ez-toc-section-end\"><\/span><\/h2>\n\n\n\n<p>La coupe en d\u00e9grad\u00e9 donne du style aux cheveux plus fins et plus d\u00e9licats, cr\u00e9ant une illusion de plus grande texture. Les couches cr\u00e9ent un effet visuel tr\u00e8s efficace pour les femmes aux cheveux fins, les faisant para\u00eetre plus fournis.<\/p>\n\n\n\n<figure class=\"wp-block-image size-full\"><img loading=\"lazy\" decoding=\"async\" width=\"760\" height=\"800\" src=\"https:\/\/danidrops.com.br\/wp-content\/uploads\/2023\/09\/07-Corte-de-cabelo-bob-invertido-curto-em-camadas-1.jpg\" alt=\"Coupe de cheveux courte et invers\u00e9e en couches\" class=\"wp-image-84736\" title=\"\" srcset=\"https:\/\/danidrops.com.br\/wp-content\/uploads\/2023\/09\/07-Corte-de-cabelo-bob-invertido-curto-em-camadas-1.jpg 760w, https:\/\/danidrops.com.br\/wp-content\/uploads\/2023\/09\/07-Corte-de-cabelo-bob-invertido-curto-em-camadas-1-285x300.jpg 285w, https:\/\/danidrops.com.br\/wp-content\/uploads\/2023\/09\/07-Corte-de-cabelo-bob-invertido-curto-em-camadas-1-11x12.jpg 11w, https:\/\/danidrops.com.br\/wp-content\/uploads\/2023\/09\/07-Corte-de-cabelo-bob-invertido-curto-em-camadas-1-150x158.jpg 150w\" sizes=\"auto, (max-width: 760px) 100vw, 760px\" \/><figcaption class=\"wp-element-caption\">Coupe de cheveux courte et invers\u00e9e en couches \u2013 instagram @cut.and.color.by.vicki<\/figcaption><\/figure>\n\n\n\n<p>Les coupes de cheveux courtes au carr\u00e9 invers\u00e9 sont parfaites pour cr\u00e9er du volume dans les cheveux plus fins, et la technique consistant \u00e0 taquiner doucement vos cheveux est la cl\u00e9 pour obtenir cet effet.<\/p>\n\n\n\n<h2 class=\"wp-block-heading\"><span class=\"ez-toc-section\" id=\"7_%E2%80%93_Bob_invertido_curto_para_cabelos_ondulados\"><\/span>7 \u2013 Carr\u00e9 court invers\u00e9 pour cheveux ondul\u00e9s<span class=\"ez-toc-section-end\"><\/span><\/h2>\n\n\n\n<p>Si vous souhaitez gagner plus de texture, de volume et de structure, cette coupe est id\u00e9ale pour vos cheveux ondul\u00e9s. Il convient parfaitement \u00e0 diff\u00e9rentes formes de visage et rend le look plus s\u00e9duisant.<\/p>\n\n\n\n<figure class=\"wp-block-image size-full\"><img loading=\"lazy\" decoding=\"async\" width=\"760\" height=\"800\" src=\"https:\/\/danidrops.com.br\/wp-content\/uploads\/2023\/09\/08-Bob-invertido-curto-para-cabelos-ondulados.jpg\" alt=\"Bob invers\u00e9 court pour cheveux ondul\u00e9s\" class=\"wp-image-84593\" title=\"\" srcset=\"https:\/\/danidrops.com.br\/wp-content\/uploads\/2023\/09\/08-Bob-invertido-curto-para-cabelos-ondulados.jpg 760w, https:\/\/danidrops.com.br\/wp-content\/uploads\/2023\/09\/08-Bob-invertido-curto-para-cabelos-ondulados-285x300.jpg 285w, https:\/\/danidrops.com.br\/wp-content\/uploads\/2023\/09\/08-Bob-invertido-curto-para-cabelos-ondulados-11x12.jpg 11w, https:\/\/danidrops.com.br\/wp-content\/uploads\/2023\/09\/08-Bob-invertido-curto-para-cabelos-ondulados-150x158.jpg 150w\" sizes=\"auto, (max-width: 760px) 100vw, 760px\" \/><figcaption class=\"wp-element-caption\">Bob invers\u00e9 court pour cheveux ondul\u00e9s \u2013 instagram @headrushdesigns<\/figcaption><\/figure>\n\n\n\n<p>Pour ceux qui veulent plus de d\u00e9finition dans leurs cheveux, les coupes de cheveux au carr\u00e9 invers\u00e9 sont une excellente option. Ce style est particuli\u00e8rement adapt\u00e9 aux femmes aux cheveux de densit\u00e9 moyenne, car il contribue \u00e0 cr\u00e9er l\u2019illusion de volume, renfor\u00e7ant ainsi vos vagues naturelles.<\/p>\n\n\n\n<h2 class=\"wp-block-heading\"><span class=\"ez-toc-section\" id=\"8_%E2%80%93_Corte_bob_invertido_para_cabelos_cacheados\"><\/span>8 \u2013 Coupe au carr\u00e9 invers\u00e9 pour cheveux boucl\u00e9s<span class=\"ez-toc-section-end\"><\/span><\/h2>\n\n\n\n<p>Si vous souhaitez obtenir cette forme volumineuse, vous pouvez demander une coupe \u00e0 sec \u00e0 votre coiffeur. Cette technique gardera vos boucles bien d\u00e9finies et volumineuses, parfaite pour la femme qui aime un look plus dynamique.<\/p>\n\n\n\n<figure class=\"wp-block-image size-full\"><img loading=\"lazy\" decoding=\"async\" width=\"760\" height=\"800\" src=\"https:\/\/danidrops.com.br\/wp-content\/uploads\/2023\/09\/09-Corte-bob-invertido-para-cabelos-cacheados.jpg\" alt=\"Coupe au carr\u00e9 invers\u00e9 pour cheveux boucl\u00e9s\" class=\"wp-image-84594\" title=\"\" srcset=\"https:\/\/danidrops.com.br\/wp-content\/uploads\/2023\/09\/09-Corte-bob-invertido-para-cabelos-cacheados.jpg 760w, https:\/\/danidrops.com.br\/wp-content\/uploads\/2023\/09\/09-Corte-bob-invertido-para-cabelos-cacheados-285x300.jpg 285w, https:\/\/danidrops.com.br\/wp-content\/uploads\/2023\/09\/09-Corte-bob-invertido-para-cabelos-cacheados-11x12.jpg 11w, https:\/\/danidrops.com.br\/wp-content\/uploads\/2023\/09\/09-Corte-bob-invertido-para-cabelos-cacheados-150x158.jpg 150w\" sizes=\"auto, (max-width: 760px) 100vw, 760px\" \/><figcaption class=\"wp-element-caption\">Coupe au carr\u00e9 invers\u00e9 pour cheveux boucl\u00e9s \u2013 instagram @monica_parrucchiera_visagista<\/figcaption><\/figure>\n\n\n\n<p>Les coupes de cheveux courtes au carr\u00e9 invers\u00e9 sont id\u00e9ales pour celles qui ont les cheveux boucl\u00e9s, car elles offrent un look plein de mouvement et de style. Cette coupe se caract\u00e9rise par des couches superpos\u00e9es \u00e0 l&#039;arri\u00e8re de la t\u00eate, cr\u00e9ant une apparence volumineuse et moderne.<\/p>\n\n\n\n<h2 class=\"wp-block-heading\"><span class=\"ez-toc-section\" id=\"9_%E2%80%93_Corte_de_cabelo_bob_invertido_empilhado\"><\/span>9 \u2013 Coupe de cheveux au carr\u00e9 invers\u00e9 empil\u00e9e<span class=\"ez-toc-section-end\"><\/span><\/h2>\n\n\n\n<p>Les coupes de cheveux courtes au carr\u00e9 invers\u00e9 ont un look plus frais et plus moderne et, lorsqu&#039;elles sont associ\u00e9es \u00e0 un style empil\u00e9, elles cr\u00e9ent du volume et du mouvement de mani\u00e8re naturelle. <\/p>\n\n\n\n<figure class=\"wp-block-image size-full\"><img loading=\"lazy\" decoding=\"async\" width=\"760\" height=\"800\" src=\"https:\/\/danidrops.com.br\/wp-content\/uploads\/2023\/09\/10-Corte-de-cabelo-bob-invertido-empilhado.jpg\" alt=\"Coupe de cheveux bob invers\u00e9 empil\u00e9e\" class=\"wp-image-84595\" title=\"\" srcset=\"https:\/\/danidrops.com.br\/wp-content\/uploads\/2023\/09\/10-Corte-de-cabelo-bob-invertido-empilhado.jpg 760w, https:\/\/danidrops.com.br\/wp-content\/uploads\/2023\/09\/10-Corte-de-cabelo-bob-invertido-empilhado-285x300.jpg 285w, https:\/\/danidrops.com.br\/wp-content\/uploads\/2023\/09\/10-Corte-de-cabelo-bob-invertido-empilhado-11x12.jpg 11w, https:\/\/danidrops.com.br\/wp-content\/uploads\/2023\/09\/10-Corte-de-cabelo-bob-invertido-empilhado-150x158.jpg 150w\" sizes=\"auto, (max-width: 760px) 100vw, 760px\" \/><figcaption class=\"wp-element-caption\">Coupe de cheveux au carr\u00e9 invers\u00e9 empil\u00e9e \u2013 instagram @styled_by_carolynn<\/figcaption><\/figure>\n\n\n\n<p>Si vous souhaitez une sensation plus d\u00e9tendue, vous pouvez utiliser un spray texturant pour rendre les vagues plus l\u00e2ches.<\/p>\n\n\n\n<p>Pour obtenir les meilleurs r\u00e9sultats de ce style, il est important d\u2019\u00eatre pr\u00eat \u00e0 coiffer vos cheveux quotidiennement. Vous pouvez le p\u00e9trir doucement avec vos mains, ce qui am\u00e9liorera la texture et la forme de vos cheveux, leur garantissant ainsi une apparence toujours impeccable.<\/p>\n\n\n\n<h2 class=\"wp-block-heading\"><span class=\"ez-toc-section\" id=\"10_%E2%80%93_Bob_invertido_curto_na_altura_da_nuca\"><\/span>10 \u2013 Carr\u00e9 court invers\u00e9 au niveau de la nuque<span class=\"ez-toc-section-end\"><\/span><\/h2>\n\n\n\n<p>Parmi les coupes de cheveux courtes au carr\u00e9 invers\u00e9, celle-ci en particulier apporte une apparence tr\u00e8s moderne et pleine d\u2019attitude. Surtout s\u2019il est combin\u00e9 avec des couches plus empil\u00e9es au-dessus de la nuque.<\/p>\n\n\n\n<figure class=\"wp-block-image size-full\"><img loading=\"lazy\" decoding=\"async\" width=\"760\" height=\"800\" src=\"https:\/\/danidrops.com.br\/wp-content\/uploads\/2023\/09\/11-Bob-invertido-curto-na-altura-da-nuca.jpg\" alt=\"Carr\u00e9 court invers\u00e9 au niveau de la nuque\" class=\"wp-image-84596\" title=\"\" srcset=\"https:\/\/danidrops.com.br\/wp-content\/uploads\/2023\/09\/11-Bob-invertido-curto-na-altura-da-nuca.jpg 760w, https:\/\/danidrops.com.br\/wp-content\/uploads\/2023\/09\/11-Bob-invertido-curto-na-altura-da-nuca-285x300.jpg 285w, https:\/\/danidrops.com.br\/wp-content\/uploads\/2023\/09\/11-Bob-invertido-curto-na-altura-da-nuca-11x12.jpg 11w, https:\/\/danidrops.com.br\/wp-content\/uploads\/2023\/09\/11-Bob-invertido-curto-na-altura-da-nuca-150x158.jpg 150w\" sizes=\"auto, (max-width: 760px) 100vw, 760px\" \/><figcaption class=\"wp-element-caption\">Bob invers\u00e9 court \u00e0 la nuque \u2013 instagram @ktenion<\/figcaption><\/figure>\n\n\n\n<p>De plus, ce style est assez facile \u00e0 recr\u00e9er au quotidien, car il est d\u00e9contract\u00e9, ce qui est parfait pour attirer l&#039;attention et exprimer sa personnalit\u00e9.<\/p>\n<div id=\"ez-toc-container\" class=\"ez-toc-v2_0_76 counter-hierarchy ez-toc-counter ez-toc-grey ez-toc-container-direction\">\n<p class=\"ez-toc-title\" style=\"cursor:inherit\">Vous lirez cet article<\/p>\n<label for=\"ez-toc-cssicon-toggle-item-69f522c5c7934\" class=\"ez-toc-cssicon-toggle-label\"><span class=\"ez-toc-cssicon\"><span class=\"eztoc-hide\" style=\"display:none;\">Basculer<\/span><span class=\"ez-toc-icon-toggle-span\"><svg style=\"fill: #999;color:#999\" xmlns=\"http:\/\/www.w3.org\/2000\/svg\" class=\"list-377408\" width=\"20px\" height=\"20px\" viewbox=\"0 0 24 24\" fill=\"none\"><path d=\"M6 6H4v2h2V6zm14 0H8v2h12V6zM4 11h2v2H4v-2zm16 0H8v2h12v-2zM4 16h2v2H4v-2zm16 0H8v2h12v-2z\" fill=\"currentColor\"><\/path><\/svg><svg style=\"fill: #999;color:#999\" class=\"arrow-unsorted-368013\" xmlns=\"http:\/\/www.w3.org\/2000\/svg\" width=\"10px\" height=\"10px\" viewbox=\"0 0 24 24\" version=\"1.2\" baseprofile=\"tiny\"><path d=\"M18.2 9.3l-6.2-6.3-6.2 6.3c-.2.2-.3.4-.3.7s.1.5.3.7c.2.2.4.3.7.3h11c.3 0 .5-.1.7-.3.2-.2.3-.5.3-.7s-.1-.5-.3-.7zM5.8 14.7l6.2 6.3 6.2-6.3c.2-.2.3-.5.3-.7s-.1-.5-.3-.7c-.2-.2-.4-.3-.7-.3h-11c-.3 0-.5.1-.7.3-.2.2-.3.5-.3.7s.1.5.3.7z\"\/><\/svg><\/span><\/span><\/label><input type=\"checkbox\"  id=\"ez-toc-cssicon-toggle-item-69f522c5c7934\"  aria-label=\"Basculer\" \/><nav><ul class='ez-toc-list ez-toc-list-level-1' ><li class='ez-toc-page-1 ez-toc-heading-level-2'><a class=\"ez-toc-link ez-toc-heading-1\" href=\"https:\/\/danidrops.com.br\/fr\/coupe-courte-au-carre-inverse\/#Quais_cortes_de_cabelo_curto_bob_invertido_sao_tendencia\" >Quelles coupes de cheveux courtes au carr\u00e9 invers\u00e9 sont \u00e0 la mode ?<\/a><\/li><li class='ez-toc-page-1 ez-toc-heading-level-2'><a class=\"ez-toc-link ez-toc-heading-2\" href=\"https:\/\/danidrops.com.br\/fr\/coupe-courte-au-carre-inverse\/#1_%E2%80%93_Corte_de_cabelo_bob_invertido_curto_em_tons_loiros\" >1 \u2013 Coupe de cheveux courte au carr\u00e9 invers\u00e9 dans les tons blonds<\/a><\/li><li class='ez-toc-page-1 ez-toc-heading-level-2'><a class=\"ez-toc-link ez-toc-heading-3\" href=\"https:\/\/danidrops.com.br\/fr\/coupe-courte-au-carre-inverse\/#2_%E2%80%93_Bob_invertido_curto_em_tom_laranja_brilhante\" >2 \u2013 Carr\u00e9 invers\u00e9 court dans un ton orange vif<\/a><\/li><li class='ez-toc-page-1 ez-toc-heading-level-2'><a class=\"ez-toc-link ez-toc-heading-4\" href=\"https:\/\/danidrops.com.br\/fr\/coupe-courte-au-carre-inverse\/#3_%E2%80%93_Corte_de_cabelo_bob_invertido_com_luzes\" >3 \u2013 Coupe de cheveux au carr\u00e9 invers\u00e9 avec reflets<\/a><\/li><li class='ez-toc-page-1 ez-toc-heading-level-2'><a class=\"ez-toc-link ez-toc-heading-5\" href=\"https:\/\/danidrops.com.br\/fr\/coupe-courte-au-carre-inverse\/#4_%E2%80%93_Bob_invertido_empilhado_em_tons_loiros_em_alto_contraste\" >4 \u2013 Bob invers\u00e9 empil\u00e9 dans des tons blonds tr\u00e8s contrast\u00e9s<\/a><\/li><li class='ez-toc-page-1 ez-toc-heading-level-2'><a class=\"ez-toc-link ez-toc-heading-6\" href=\"https:\/\/danidrops.com.br\/fr\/coupe-courte-au-carre-inverse\/#5_%E2%80%93_Corte_de_cabelo_bob_invertido_curto_na_altura_do_queixo\" >5 \u2013 Coupe de cheveux courte au carr\u00e9 invers\u00e9 au menton<\/a><\/li><li class='ez-toc-page-1 ez-toc-heading-level-2'><a class=\"ez-toc-link ez-toc-heading-7\" href=\"https:\/\/danidrops.com.br\/fr\/coupe-courte-au-carre-inverse\/#6_%E2%80%93_Corte_de_cabelo_bob_invertido_curto_em_camadas\" >6 \u2013 Coupe de cheveux courte en d\u00e9grad\u00e9 au carr\u00e9 invers\u00e9<\/a><\/li><li class='ez-toc-page-1 ez-toc-heading-level-2'><a class=\"ez-toc-link ez-toc-heading-8\" href=\"https:\/\/danidrops.com.br\/fr\/coupe-courte-au-carre-inverse\/#7_%E2%80%93_Bob_invertido_curto_para_cabelos_ondulados\" >7 \u2013 Carr\u00e9 court invers\u00e9 pour cheveux ondul\u00e9s<\/a><\/li><li class='ez-toc-page-1 ez-toc-heading-level-2'><a class=\"ez-toc-link ez-toc-heading-9\" href=\"https:\/\/danidrops.com.br\/fr\/coupe-courte-au-carre-inverse\/#8_%E2%80%93_Corte_bob_invertido_para_cabelos_cacheados\" >8 \u2013 Coupe au carr\u00e9 invers\u00e9 pour cheveux boucl\u00e9s<\/a><\/li><li class='ez-toc-page-1 ez-toc-heading-level-2'><a class=\"ez-toc-link ez-toc-heading-10\" href=\"https:\/\/danidrops.com.br\/fr\/coupe-courte-au-carre-inverse\/#9_%E2%80%93_Corte_de_cabelo_bob_invertido_empilhado\" >9 \u2013 Coupe de cheveux au carr\u00e9 invers\u00e9 empil\u00e9e<\/a><\/li><li class='ez-toc-page-1 ez-toc-heading-level-2'><a class=\"ez-toc-link ez-toc-heading-11\" href=\"https:\/\/danidrops.com.br\/fr\/coupe-courte-au-carre-inverse\/#10_%E2%80%93_Bob_invertido_curto_na_altura_da_nuca\" >10 \u2013 Carr\u00e9 court invers\u00e9 au niveau de la nuque<\/a><\/li><\/ul><\/nav><\/div>","protected":false},"excerpt":{"rendered":"<p>Os cortes de cabelo bob invertido curto trazem um visual mais moderno para as mulheres, independente da idade, que querem um estilo mais ousado e&hellip;<\/p>","protected":false},"author":1,"featured_media":84598,"comment_status":"open","ping_status":"open","sticky":false,"template":"","format":"standard","meta":{"footnotes":""},"categories":[439],"tags":[],"class_list":["post-84573","post","type-post","status-publish","format-standard","has-post-thumbnail","hentry","category-cabelo"],"_links":{"self":[{"href":"https:\/\/danidrops.com.br\/fr\/wp-json\/wp\/v2\/posts\/84573","targetHints":{"allow":["GET"]}}],"collection":[{"href":"https:\/\/danidrops.com.br\/fr\/wp-json\/wp\/v2\/posts"}],"about":[{"href":"https:\/\/danidrops.com.br\/fr\/wp-json\/wp\/v2\/types\/post"}],"author":[{"embeddable":true,"href":"https:\/\/danidrops.com.br\/fr\/wp-json\/wp\/v2\/users\/1"}],"replies":[{"embeddable":true,"href":"https:\/\/danidrops.com.br\/fr\/wp-json\/wp\/v2\/comments?post=84573"}],"version-history":[{"count":0,"href":"https:\/\/danidrops.com.br\/fr\/wp-json\/wp\/v2\/posts\/84573\/revisions"}],"wp:featuredmedia":[{"embeddable":true,"href":"https:\/\/danidrops.com.br\/fr\/wp-json\/wp\/v2\/media\/84598"}],"wp:attachment":[{"href":"https:\/\/danidrops.com.br\/fr\/wp-json\/wp\/v2\/media?parent=84573"}],"wp:term":[{"taxonomy":"category","embeddable":true,"href":"https:\/\/danidrops.com.br\/fr\/wp-json\/wp\/v2\/categories?post=84573"},{"taxonomy":"post_tag","embeddable":true,"href":"https:\/\/danidrops.com.br\/fr\/wp-json\/wp\/v2\/tags?post=84573"}],"curies":[{"name":"wp","href":"https:\/\/api.w.org\/{rel}","templated":true}]}}