{"id":85712,"date":"2023-11-14T10:43:27","date_gmt":"2023-11-14T13:43:27","guid":{"rendered":"https:\/\/danidrops.com.br\/?p=85712"},"modified":"2024-08-02T00:14:33","modified_gmt":"2024-08-02T03:14:33","slug":"coupe-de-cheveux-courte-2024","status":"publish","type":"post","link":"https:\/\/danidrops.com.br\/fr\/coupe-de-cheveux-courte-2024\/","title":{"rendered":"Coupe de Cheveux Court 2024 - D\u00e9couvrez plus de 200 inspirations de coupes courtes pour femmes"},"content":{"rendered":"<p>Une chose est s\u00fbre : le <strong>Coupe de cheveux courte 2024 <\/strong>Il a son propre charme et est tr\u00e8s facile \u00e0 coiffer, en plus d&#039;\u00eatre l&#039;une des plus grandes tendances de l&#039;ann\u00e9e prochaine.<\/p>\n\n\n\n<p>Qu&#039;il s&#039;agisse d&#039;un carr\u00e9 plus \u00e9l\u00e9gant, d&#039;un lutin moderne ou d&#039;une contre-d\u00e9pouille plus audacieuse, une coupe de cheveux courte peut \u00eatre un choix plein de personnalit\u00e9 qui peut refl\u00e9ter toute votre estime de soi.<\/p>\n\n\n\n<div class=\"calltoaction\">\n  <table>\n    <tr>\n      <td class=\"image-column\">\n        <a href=\"https:\/\/danidrops.com.br\/fr\/tendance-coupe-de-cheveux-femme-2025\/\" title=\"Tendance coupe de cheveux 2024\"><img decoding=\"async\" src=\"https:\/\/danidrops.com.br\/wp-content\/uploads\/2024\/05\/Tendencia-Corte-de-Cabelo-2024.jpg\" alt=\"Coupe de cheveux 2024\" title=\"\"><\/a>\n      <\/td>\n      <td class=\"text-column\">\n       <p class=\"small-text\">Tendance coupe de cheveux femme<\/p>\n        <p class=\"medium-text\">Tendance coupe de cheveux 2024<\/p>\n        <p class=\"large-text\">Quelles coupes de cheveux sont \u00e0 la mode ? D\u00e9couvrez les mod\u00e8les, les couleurs et les styles !<\/p>\n        <a href=\"https:\/\/danidrops.com.br\/fr\/tendance-coupe-de-cheveux-femme-2025\/\" title=\"Tendance coupe de cheveux 2024\"><button class=\"my-button\">D\u00e9couvrez les coupes de cheveux 2024<\/button><\/a>\n      <\/td>\n    <\/tr>\n  <\/table>\n<\/div>\n\n\n\n<figure class=\"wp-block-image size-full\"><img loading=\"lazy\" decoding=\"async\" width=\"760\" height=\"555\" src=\"https:\/\/danidrops.com.br\/wp-content\/uploads\/2023\/10\/02-corte-de-cabelo-curto-2024.jpg\" alt=\"Coupe de cheveux courte 2024\" class=\"wp-image-85736\" title=\"\" srcset=\"https:\/\/danidrops.com.br\/wp-content\/uploads\/2023\/10\/02-corte-de-cabelo-curto-2024.jpg 760w, https:\/\/danidrops.com.br\/wp-content\/uploads\/2023\/10\/02-corte-de-cabelo-curto-2024-300x219.jpg 300w, https:\/\/danidrops.com.br\/wp-content\/uploads\/2023\/10\/02-corte-de-cabelo-curto-2024-16x12.jpg 16w, https:\/\/danidrops.com.br\/wp-content\/uploads\/2023\/10\/02-corte-de-cabelo-curto-2024-150x110.jpg 150w\" sizes=\"auto, (max-width: 760px) 100vw, 760px\" \/><figcaption class=\"wp-element-caption\">Coupe de cheveux courte 2024<\/figcaption><\/figure>\n\n\n\n<figure class=\"wp-block-image size-full\"><img loading=\"lazy\" decoding=\"async\" width=\"760\" height=\"555\" src=\"https:\/\/danidrops.com.br\/wp-content\/uploads\/2023\/10\/01-corte-de-cabelo-curto-2024.jpg\" alt=\"Coupe de cheveux courte 2024\" class=\"wp-image-85735\" title=\"\" srcset=\"https:\/\/danidrops.com.br\/wp-content\/uploads\/2023\/10\/01-corte-de-cabelo-curto-2024.jpg 760w, https:\/\/danidrops.com.br\/wp-content\/uploads\/2023\/10\/01-corte-de-cabelo-curto-2024-300x219.jpg 300w, https:\/\/danidrops.com.br\/wp-content\/uploads\/2023\/10\/01-corte-de-cabelo-curto-2024-16x12.jpg 16w, https:\/\/danidrops.com.br\/wp-content\/uploads\/2023\/10\/01-corte-de-cabelo-curto-2024-150x110.jpg 150w\" sizes=\"auto, (max-width: 760px) 100vw, 760px\" \/><figcaption class=\"wp-element-caption\">Coupe de cheveux courte 2024<\/figcaption><\/figure>\n\n\n\n<p>La coupe courte 2024 est aussi un style totalement intemporel qui convient parfaitement aux femmes quel que soit leur \u00e2ge : des plus jeunes aux plus matures, il y a une coupe parfaite pour vous !<\/p>\n\n\n\n<script type=\"application\/ld+json\">{\n    \"@context\": \"https:\\\/\\\/schema.org\",\n    \"@type\": \"FAQPage\",\n    \"mainEntity\": {\n        \"@type\": \"Question\",\n        \"name\": \"Qual \\u00e9 a tend\\u00eancia de corte de cabelo curto 2024?\",\n        \"acceptedAnswer\": {\n            \"@type\": \"Answer\",\n            \"text\": \"Os cortes de cabelo curtos que est\\u00e3o na moda em 2024 s\\u00e3o: Corte de Cabelo Curto para Ruivas, Corte de Cabelo Curto para gordinhas, Corte de Cabelo Curto para morenas, Corte de Cabelo Curto para loiras, Corte de Cabelo Curto para negras, Corte de Cabelo Curto para senhoras, Corte de Cabelo Curto para rosto Redondo, Corte de Cabelo Curto para rosto Quadrado, Corte de Cabelo Curto para rosto Oval, Corte de Cabelo Curto para rosto Cora\\u00e7\\u00e3o, Corte de Cabelo Curto para rosto longo, Corte de Cabelo Curto para rosto retangular, Corte de Cabelo Curto para rosto Diamante, Corte de Cabelo Curto Armado, Corte de Cabelo Curto Alisado, Corte de Cabelo Curto Amarrado, Corte de Cabelo Curto Anos 80, Corte de Cabelo Curto com babyliss, Corte de Cabelo Curto Bagun\\u00e7ado, Corte de Cabelo Curto com bico, Corte de Cabelo Curto Liso, Corte de Cabelo Curto Ondulado, Corte de Cabelo Curto Cacheado, Corte de Cabelo Curto Chanel, Corte de Cabelo Curto Ulzzang, Corte de Cabelo Curto Undercut, Corte de Cabelo Curto Bob, Corte de Cabelo Curto Short Bob, Corte de Cabelo Curto com Franja, Corte de Cabelo Curto Repicado, Corte de Cabelo Curto Pixie, Corte de Cabelo Curto Pixie Cut, Corte de Cabelo Curto Blunt Cut, Corte de Cabelo Curto Baby Bang, Corte de Cabelo Curto Assim\\u00e9trico, Corte de Cabelo Curto Cuia, Corte de Cabelo Curto Raspado, Corte de Cabelo Curto Jo\\u00e3ozinho, Corte de Cabelo Curto Raspado do lado, Corte de Cabelo Curto com luzes, Corte de Cabelo Curto loiro platinado, Corte de Cabelo Curto loiro mel, Corte de Cabelo Curto Preto, Corte de Cabelo Curto Castanho, Corte de Cabelo Curto Crespo, Corte de Cabelo Curto Desfiado, Corte de Cabelo Curto em Camadas.\"\n        }\n    }\n}<\/script>\n\n\n\n<h2 class=\"wp-block-heading\"><span class=\"ez-toc-section\" id=\"Qual_e_a_tendencia_de_corte_de_cabelo_curto_2024\"><\/span>Quelle est la tendance coupe courte 2024 ?<span class=\"ez-toc-section-end\"><\/span><\/h2>\n\n\n\n<p>Tu <strong>coupes de cheveux courtes \u00e0 la mode en 2024<\/strong> sommes:<\/p>\n\n\n\n<ul class=\"wp-block-list\">\n<li>Coupe de cheveux courte Chanel<\/li>\n\n\n\n<li>Coupe de cheveux courte Ulzzang<\/li>\n\n\n\n<li>Coupe de cheveux courte Undercut<\/li>\n\n\n\n<li>Coupe de cheveux courte Bob<\/li>\n\n\n\n<li>Coupe de cheveux courte Bob<\/li>\n\n\n\n<li>Coupe de cheveux courte avec frange<\/li>\n\n\n\n<li>Coupe de cheveux courte<\/li>\n\n\n\n<li>Coupe de cheveux courte Pixie<\/li>\n\n\n\n<li>Coupe de cheveux courte Pixie Cut<\/li>\n\n\n\n<li>Coupe de cheveux courte coupe \u00e9mouss\u00e9e<\/li>\n\n\n\n<li>Coupe de cheveux courte Baby Bang<\/li>\n\n\n\n<li>Coupe de cheveux courte asym\u00e9trique<\/li>\n\n\n\n<li>Coupe de cheveux courte Cuia<\/li>\n\n\n\n<li>Coupe de cheveux ras\u00e9e courte<\/li>\n\n\n\n<li>Coupe de cheveux courte Johnny<\/li>\n\n\n\n<li>Coupe de cheveux ras\u00e9e sur le c\u00f4t\u00e9 court<\/li>\n\n\n\n<li>Coupe de cheveux courte avec m\u00e8ches<\/li>\n\n\n\n<li>Coupe courte blond platine<\/li>\n\n\n\n<li>Coupe courte blond miel<\/li>\n\n\n\n<li>Coupe de cheveux courte noire<\/li>\n\n\n\n<li>Coupe de cheveux brune courte<\/li>\n\n\n\n<li>Coupe de cheveux courte pour les rousses<\/li>\n\n\n\n<li>Coupe de cheveux courte pour les filles potel\u00e9es<\/li>\n\n\n\n<li>Coupe de cheveux courte pour les brunes<\/li>\n\n\n\n<li>Coupe de cheveux courte pour les blondes<\/li>\n\n\n\n<li>Coupe de cheveux courte pour les femmes noires<\/li>\n\n\n\n<li>Coupe de cheveux courte pour dames<\/li>\n\n\n\n<li>Coupe de cheveux courte pour visage rond<\/li>\n\n\n\n<li>Coupe de cheveux courte pour visage carr\u00e9<\/li>\n\n\n\n<li>coupe de cheveux courte pour visage ovale<\/li>\n\n\n\n<li>Coupe de cheveux courte pour le visage de coeur<\/li>\n\n\n\n<li>Coupe de cheveux courte pour visage long<\/li>\n\n\n\n<li>Coupe de cheveux courte pour visage rectangulaire<\/li>\n\n\n\n<li>Coupe de cheveux courte pour le visage de diamant<\/li>\n\n\n\n<li>Coupe de cheveux courte blind\u00e9e<\/li>\n\n\n\n<li>Coupe de cheveux courte liss\u00e9e<\/li>\n\n\n\n<li>Coupe de cheveux courte attach\u00e9e<\/li>\n\n\n\n<li>Coupe de cheveux courte ann\u00e9es 80<\/li>\n\n\n\n<li>Coupe courte au fer \u00e0 friser<\/li>\n\n\n\n<li>Coupe de cheveux courte en d\u00e9sordre<\/li>\n\n\n\n<li>Coupe de cheveux courte avec bec<\/li>\n\n\n\n<li>Coupe de cheveux courte et droite<\/li>\n\n\n\n<li>Coupe de cheveux courte ondul\u00e9e<\/li>\n\n\n\n<li>Coupe de cheveux courte boucl\u00e9e<\/li>\n\n\n\n<li>Coupe de cheveux courte boucl\u00e9e<\/li>\n\n\n\n<li>Coupe de cheveux courte d\u00e9chiquet\u00e9e<\/li>\n\n\n\n<li>Coupe de cheveux courte en couches<\/li>\n<\/ul>\n\n\n\n<h2 class=\"wp-block-heading\"><span class=\"ez-toc-section\" id=\"Corte_de_Cabelo_Curto_Chanel\"><\/span>Coupe de cheveux courte Chanel<span class=\"ez-toc-section-end\"><\/span><\/h2>\n\n\n\n<p>Iconique, la coupe courte Chanel continue d&#039;\u00eatre une tendance et a re\u00e7u plusieurs r\u00e9interpr\u00e9tations au fil des ann\u00e9es, en plus de faire la t\u00eate de plusieurs femmes, des plus classiques \u00e0 la plus moderne.<\/p>\n\n\n\n<figure class=\"wp-block-image size-full\"><img loading=\"lazy\" decoding=\"async\" width=\"760\" height=\"555\" src=\"https:\/\/danidrops.com.br\/wp-content\/uploads\/2023\/10\/04-Corte-de-Cabelo-Curto-Chanel.jpg\" alt=\"Coupe de cheveux courte Chanel\" class=\"wp-image-85738\" title=\"\" srcset=\"https:\/\/danidrops.com.br\/wp-content\/uploads\/2023\/10\/04-Corte-de-Cabelo-Curto-Chanel.jpg 760w, https:\/\/danidrops.com.br\/wp-content\/uploads\/2023\/10\/04-Corte-de-Cabelo-Curto-Chanel-300x219.jpg 300w, https:\/\/danidrops.com.br\/wp-content\/uploads\/2023\/10\/04-Corte-de-Cabelo-Curto-Chanel-16x12.jpg 16w, https:\/\/danidrops.com.br\/wp-content\/uploads\/2023\/10\/04-Corte-de-Cabelo-Curto-Chanel-150x110.jpg 150w\" sizes=\"auto, (max-width: 760px) 100vw, 760px\" \/><figcaption class=\"wp-element-caption\">Coupe de cheveux courte Chanel<\/figcaption><\/figure>\n\n\n\n<p>La principale caract\u00e9ristique de ce type de coupe de cheveux est qu&#039;elle est courte, au niveau de la nuque, mais il est possible de cr\u00e9er quelques variantes pour qu&#039;elle soit aussi longue que l&#039;on souhaite.<\/p>\n\n\n\n<figure class=\"wp-block-image size-full\"><img loading=\"lazy\" decoding=\"async\" width=\"760\" height=\"555\" src=\"https:\/\/danidrops.com.br\/wp-content\/uploads\/2023\/10\/03-Corte-de-Cabelo-Curto-Chanel.jpg\" alt=\"Coupe de cheveux courte Chanel\" class=\"wp-image-85737\" title=\"\" srcset=\"https:\/\/danidrops.com.br\/wp-content\/uploads\/2023\/10\/03-Corte-de-Cabelo-Curto-Chanel.jpg 760w, https:\/\/danidrops.com.br\/wp-content\/uploads\/2023\/10\/03-Corte-de-Cabelo-Curto-Chanel-300x219.jpg 300w, https:\/\/danidrops.com.br\/wp-content\/uploads\/2023\/10\/03-Corte-de-Cabelo-Curto-Chanel-16x12.jpg 16w, https:\/\/danidrops.com.br\/wp-content\/uploads\/2023\/10\/03-Corte-de-Cabelo-Curto-Chanel-150x110.jpg 150w\" sizes=\"auto, (max-width: 760px) 100vw, 760px\" \/><figcaption class=\"wp-element-caption\">Coupe de cheveux courte Chanel<\/figcaption><\/figure>\n\n\n\n<h2 class=\"wp-block-heading\"><span class=\"ez-toc-section\" id=\"Corte_de_Cabelo_Curto_Ulzzang\"><\/span>Coupe de cheveux courte Ulzzang<span class=\"ez-toc-section-end\"><\/span><\/h2>\n\n\n\n<p>Tendance chez les femmes cor\u00e9ennes, la coupe courte Ulzzang refl\u00e8te toute la f\u00e9minit\u00e9 et la d\u00e9licatesse des femmes. La r\u00e8gle ici est de donner l\u2019impression que vous n\u2019avez pas pris le temps de vous coiffer.<\/p>\n\n\n\n<figure class=\"wp-block-image size-full\"><img loading=\"lazy\" decoding=\"async\" width=\"760\" height=\"555\" src=\"https:\/\/danidrops.com.br\/wp-content\/uploads\/2023\/10\/06-Corte-de-Cabelo-Curto-Ulzzang.jpg\" alt=\"Coupe de cheveux courte Ulzzang\" class=\"wp-image-85740\" title=\"\" srcset=\"https:\/\/danidrops.com.br\/wp-content\/uploads\/2023\/10\/06-Corte-de-Cabelo-Curto-Ulzzang.jpg 760w, https:\/\/danidrops.com.br\/wp-content\/uploads\/2023\/10\/06-Corte-de-Cabelo-Curto-Ulzzang-300x219.jpg 300w, https:\/\/danidrops.com.br\/wp-content\/uploads\/2023\/10\/06-Corte-de-Cabelo-Curto-Ulzzang-16x12.jpg 16w, https:\/\/danidrops.com.br\/wp-content\/uploads\/2023\/10\/06-Corte-de-Cabelo-Curto-Ulzzang-150x110.jpg 150w\" sizes=\"auto, (max-width: 760px) 100vw, 760px\" \/><figcaption class=\"wp-element-caption\">Coupe de cheveux courte Ulzzang<\/figcaption><\/figure>\n\n\n\n<p>La coupe de cheveux courte Ulzzang est g\u00e9n\u00e9ralement r\u00e9alis\u00e9e avec une sorte de frange plus longue, ce qui donne au visage un aspect plus d\u00e9licat et naturel. Vous pouvez \u00e9galement opter pour des reflets ou des reflets dans des tons plus discrets, pour ne pas nuire au look doux et doux.<\/p>\n\n\n\n<figure class=\"wp-block-image size-full\"><img loading=\"lazy\" decoding=\"async\" width=\"760\" height=\"555\" src=\"https:\/\/danidrops.com.br\/wp-content\/uploads\/2023\/10\/05-Corte-de-Cabelo-Curto-Ulzzang.jpg\" alt=\"Coupe de cheveux courte Ulzzang\" class=\"wp-image-85739\" title=\"\" srcset=\"https:\/\/danidrops.com.br\/wp-content\/uploads\/2023\/10\/05-Corte-de-Cabelo-Curto-Ulzzang.jpg 760w, https:\/\/danidrops.com.br\/wp-content\/uploads\/2023\/10\/05-Corte-de-Cabelo-Curto-Ulzzang-300x219.jpg 300w, https:\/\/danidrops.com.br\/wp-content\/uploads\/2023\/10\/05-Corte-de-Cabelo-Curto-Ulzzang-16x12.jpg 16w, https:\/\/danidrops.com.br\/wp-content\/uploads\/2023\/10\/05-Corte-de-Cabelo-Curto-Ulzzang-150x110.jpg 150w\" sizes=\"auto, (max-width: 760px) 100vw, 760px\" \/><figcaption class=\"wp-element-caption\">Coupe de cheveux courte Ulzzang<\/figcaption><\/figure>\n\n\n\n<h2 class=\"wp-block-heading\"><span class=\"ez-toc-section\" id=\"Corte_de_Cabelo_Curto_Undercut\"><\/span>Coupe de cheveux courte Undercut<span class=\"ez-toc-section-end\"><\/span><\/h2>\n\n\n\n<p>Un autre style qui fait son grand retour est la coupe courte en contre-d\u00e9pouille, qui en plus d&#039;\u00eatre audacieuse, montre que la femme a de l&#039;attitude et de la personnalit\u00e9. Cette coupe de cheveux peut avoir les c\u00f4t\u00e9s ou l\u2019arri\u00e8re de la t\u00eate ras\u00e9s ou m\u00eame avec certains motifs.<\/p>\n\n\n\n<figure class=\"wp-block-image size-full\"><img loading=\"lazy\" decoding=\"async\" width=\"760\" height=\"555\" src=\"https:\/\/danidrops.com.br\/wp-content\/uploads\/2023\/10\/08-Corte-de-Cabelo-Curto-Undercut.jpg\" alt=\"Coupe de cheveux courte Undercut\" class=\"wp-image-85742\" title=\"\" srcset=\"https:\/\/danidrops.com.br\/wp-content\/uploads\/2023\/10\/08-Corte-de-Cabelo-Curto-Undercut.jpg 760w, https:\/\/danidrops.com.br\/wp-content\/uploads\/2023\/10\/08-Corte-de-Cabelo-Curto-Undercut-300x219.jpg 300w, https:\/\/danidrops.com.br\/wp-content\/uploads\/2023\/10\/08-Corte-de-Cabelo-Curto-Undercut-16x12.jpg 16w, https:\/\/danidrops.com.br\/wp-content\/uploads\/2023\/10\/08-Corte-de-Cabelo-Curto-Undercut-150x110.jpg 150w\" sizes=\"auto, (max-width: 760px) 100vw, 760px\" \/><figcaption class=\"wp-element-caption\">Coupe de cheveux courte Undercut<\/figcaption><\/figure>\n\n\n\n<p>Le contraste entre le court et le long cr\u00e9e un look moderne et m\u00eame \u00e9l\u00e9gant, qui peut \u00eatre personnalis\u00e9 selon vos go\u00fbts, en variant la longueur des cheveux sur le dessus et la hauteur de la coupe sur les c\u00f4t\u00e9s.<\/p>\n\n\n\n<figure class=\"wp-block-image size-full\"><img loading=\"lazy\" decoding=\"async\" width=\"760\" height=\"555\" src=\"https:\/\/danidrops.com.br\/wp-content\/uploads\/2023\/10\/07-Corte-de-Cabelo-Curto-Undercut.jpg\" alt=\"Coupe de cheveux courte Undercut\" class=\"wp-image-85741\" title=\"\" srcset=\"https:\/\/danidrops.com.br\/wp-content\/uploads\/2023\/10\/07-Corte-de-Cabelo-Curto-Undercut.jpg 760w, https:\/\/danidrops.com.br\/wp-content\/uploads\/2023\/10\/07-Corte-de-Cabelo-Curto-Undercut-300x219.jpg 300w, https:\/\/danidrops.com.br\/wp-content\/uploads\/2023\/10\/07-Corte-de-Cabelo-Curto-Undercut-16x12.jpg 16w, https:\/\/danidrops.com.br\/wp-content\/uploads\/2023\/10\/07-Corte-de-Cabelo-Curto-Undercut-150x110.jpg 150w\" sizes=\"auto, (max-width: 760px) 100vw, 760px\" \/><figcaption class=\"wp-element-caption\">Coupe de cheveux courte Undercut<\/figcaption><\/figure>\n\n\n\n<h2 class=\"wp-block-heading\"><span class=\"ez-toc-section\" id=\"Corte_de_Cabelo_Curto_Bob\"><\/span>Coupe de cheveux courte Bob<span class=\"ez-toc-section-end\"><\/span><\/h2>\n\n\n\n<p>Favorise de nombreuses fashionistas, la coupe de cheveux courte Bob est parfaite pour la femme qui souhaite changer son look pour quelque chose de plus classique avec une touche plus moderne. Vous pouvez cr\u00e9er diff\u00e9rents styles en fonction de vos pr\u00e9f\u00e9rences et de la forme de votre visage.<\/p>\n\n\n\n<figure class=\"wp-block-image size-full\"><img loading=\"lazy\" decoding=\"async\" width=\"760\" height=\"555\" src=\"https:\/\/danidrops.com.br\/wp-content\/uploads\/2023\/10\/10Corte-de-Cabelo-Curto-Bob.jpg\" alt=\"Coupe de cheveux courte Bob\" class=\"wp-image-85744\" title=\"\" srcset=\"https:\/\/danidrops.com.br\/wp-content\/uploads\/2023\/10\/10Corte-de-Cabelo-Curto-Bob.jpg 760w, https:\/\/danidrops.com.br\/wp-content\/uploads\/2023\/10\/10Corte-de-Cabelo-Curto-Bob-300x219.jpg 300w, https:\/\/danidrops.com.br\/wp-content\/uploads\/2023\/10\/10Corte-de-Cabelo-Curto-Bob-16x12.jpg 16w, https:\/\/danidrops.com.br\/wp-content\/uploads\/2023\/10\/10Corte-de-Cabelo-Curto-Bob-150x110.jpg 150w\" sizes=\"auto, (max-width: 760px) 100vw, 760px\" \/><figcaption class=\"wp-element-caption\">Coupe de cheveux courte Bob<\/figcaption><\/figure>\n\n\n\n<p>L\u2019un des principaux avantages de la coupe de cheveux courte au carr\u00e9 est sa praticit\u00e9. Il est tr\u00e8s facile de coiffer cette coupe au quotidien et vous pouvez la porter compl\u00e8tement droite ou ajouter des vagues et m\u00eame un peu de texture, ce qui donne aux cheveux un mouvement plus naturel.<\/p>\n\n\n\n<figure class=\"wp-block-image size-full\"><img loading=\"lazy\" decoding=\"async\" width=\"760\" height=\"555\" src=\"https:\/\/danidrops.com.br\/wp-content\/uploads\/2023\/10\/09-Corte-de-Cabelo-Curto-Bob.jpg\" alt=\"Coupe de cheveux courte Bob\" class=\"wp-image-85743\" title=\"\" srcset=\"https:\/\/danidrops.com.br\/wp-content\/uploads\/2023\/10\/09-Corte-de-Cabelo-Curto-Bob.jpg 760w, https:\/\/danidrops.com.br\/wp-content\/uploads\/2023\/10\/09-Corte-de-Cabelo-Curto-Bob-300x219.jpg 300w, https:\/\/danidrops.com.br\/wp-content\/uploads\/2023\/10\/09-Corte-de-Cabelo-Curto-Bob-16x12.jpg 16w, https:\/\/danidrops.com.br\/wp-content\/uploads\/2023\/10\/09-Corte-de-Cabelo-Curto-Bob-150x110.jpg 150w\" sizes=\"auto, (max-width: 760px) 100vw, 760px\" \/><figcaption class=\"wp-element-caption\">Coupe de cheveux courte Bob<\/figcaption><\/figure>\n\n\n\n<h2 class=\"wp-block-heading\"><span class=\"ez-toc-section\" id=\"Corte_de_Cabelo_Curto_Short_Bob\"><\/span>Coupe de cheveux courte Bob<span class=\"ez-toc-section-end\"><\/span><\/h2>\n\n\n\n<p>Avec une base plus droite et plus courte, la coupe courte Bob est l&#039;option parfaite pour les femmes qui veulent avoir du style, mais sans perdre leur \u00e9l\u00e9gance et leur sensualit\u00e9, car les cheveux sont sur la ligne du menton, laissant le cou expos\u00e9.<\/p>\n\n\n\n<figure class=\"wp-block-image size-full\"><img loading=\"lazy\" decoding=\"async\" width=\"760\" height=\"555\" src=\"https:\/\/danidrops.com.br\/wp-content\/uploads\/2023\/10\/12-Corte-de-Cabelo-Curto-Short-Bob.jpg\" alt=\"Coupe de cheveux courte Bob\" class=\"wp-image-85746\" title=\"\" srcset=\"https:\/\/danidrops.com.br\/wp-content\/uploads\/2023\/10\/12-Corte-de-Cabelo-Curto-Short-Bob.jpg 760w, https:\/\/danidrops.com.br\/wp-content\/uploads\/2023\/10\/12-Corte-de-Cabelo-Curto-Short-Bob-300x219.jpg 300w, https:\/\/danidrops.com.br\/wp-content\/uploads\/2023\/10\/12-Corte-de-Cabelo-Curto-Short-Bob-16x12.jpg 16w, https:\/\/danidrops.com.br\/wp-content\/uploads\/2023\/10\/12-Corte-de-Cabelo-Curto-Short-Bob-150x110.jpg 150w\" sizes=\"auto, (max-width: 760px) 100vw, 760px\" \/><figcaption class=\"wp-element-caption\">Coupe de cheveux courte Bob<\/figcaption><\/figure>\n\n\n\n<p>Vous pouvez combiner des franges, des m\u00e8ches plus discr\u00e8tes ou encore plus marquantes, et m\u00eame r\u00e9aliser de l\u00e9g\u00e8res vagues dans vos cheveux, pour donner plus de mouvement et de l\u00e9g\u00e8ret\u00e9 au look : la coupe courte Bob est facile \u00e0 adapter, m\u00eame pour les femmes fris\u00e9es !<\/p>\n\n\n\n<figure class=\"wp-block-image size-full\"><img loading=\"lazy\" decoding=\"async\" width=\"760\" height=\"555\" src=\"https:\/\/danidrops.com.br\/wp-content\/uploads\/2023\/10\/11-Corte-de-Cabelo-Curto-Short-Bob.jpg\" alt=\"Coupe de cheveux courte Bob\" class=\"wp-image-85745\" title=\"\" srcset=\"https:\/\/danidrops.com.br\/wp-content\/uploads\/2023\/10\/11-Corte-de-Cabelo-Curto-Short-Bob.jpg 760w, https:\/\/danidrops.com.br\/wp-content\/uploads\/2023\/10\/11-Corte-de-Cabelo-Curto-Short-Bob-300x219.jpg 300w, https:\/\/danidrops.com.br\/wp-content\/uploads\/2023\/10\/11-Corte-de-Cabelo-Curto-Short-Bob-16x12.jpg 16w, https:\/\/danidrops.com.br\/wp-content\/uploads\/2023\/10\/11-Corte-de-Cabelo-Curto-Short-Bob-150x110.jpg 150w\" sizes=\"auto, (max-width: 760px) 100vw, 760px\" \/><figcaption class=\"wp-element-caption\">Coupe de cheveux courte Bob<\/figcaption><\/figure>\n\n\n\n<h2 class=\"wp-block-heading\"><span class=\"ez-toc-section\" id=\"Corte_de_Cabelo_Curto_com_Franja\"><\/span>Coupe de cheveux courte avec frange<span class=\"ez-toc-section-end\"><\/span><\/h2>\n\n\n\n<p>Moderne et \u00e9l\u00e9gante, la coupe courte avec frange s&#039;adresse aux femmes qui souhaitent un look plus pratique et plein de personnalit\u00e9. La frange, dans ce type de coupe, galbe le visage et accentue vos traits naturels de mani\u00e8re plus d\u00e9licate.<\/p>\n\n\n\n<figure class=\"wp-block-image size-full\"><img loading=\"lazy\" decoding=\"async\" width=\"760\" height=\"555\" src=\"https:\/\/danidrops.com.br\/wp-content\/uploads\/2023\/10\/14-Corte-de-Cabelo-Curto-com-Franja.jpg\" alt=\"Coupe de cheveux courte avec frange\" class=\"wp-image-85748\" title=\"\" srcset=\"https:\/\/danidrops.com.br\/wp-content\/uploads\/2023\/10\/14-Corte-de-Cabelo-Curto-com-Franja.jpg 760w, https:\/\/danidrops.com.br\/wp-content\/uploads\/2023\/10\/14-Corte-de-Cabelo-Curto-com-Franja-300x219.jpg 300w, https:\/\/danidrops.com.br\/wp-content\/uploads\/2023\/10\/14-Corte-de-Cabelo-Curto-com-Franja-16x12.jpg 16w, https:\/\/danidrops.com.br\/wp-content\/uploads\/2023\/10\/14-Corte-de-Cabelo-Curto-com-Franja-150x110.jpg 150w\" sizes=\"auto, (max-width: 760px) 100vw, 760px\" \/><figcaption class=\"wp-element-caption\">Coupe de cheveux courte avec frange<\/figcaption><\/figure>\n\n\n\n<p>Vous pouvez choisir entre plusieurs styles de franges en fonction de votre personnalit\u00e9, depuis les c\u00f4t\u00e9s, qui apportent plus de d\u00e9licatesse au look, jusqu&#039;\u00e0 la frange droite, qui donne un air de femme confiante.<\/p>\n\n\n\n<figure class=\"wp-block-image size-full\"><img loading=\"lazy\" decoding=\"async\" width=\"760\" height=\"555\" src=\"https:\/\/danidrops.com.br\/wp-content\/uploads\/2023\/10\/13-Corte-de-Cabelo-Curto-com-Franja.jpg\" alt=\"Coupe de cheveux courte avec frange\" class=\"wp-image-85747\" title=\"\" srcset=\"https:\/\/danidrops.com.br\/wp-content\/uploads\/2023\/10\/13-Corte-de-Cabelo-Curto-com-Franja.jpg 760w, https:\/\/danidrops.com.br\/wp-content\/uploads\/2023\/10\/13-Corte-de-Cabelo-Curto-com-Franja-300x219.jpg 300w, https:\/\/danidrops.com.br\/wp-content\/uploads\/2023\/10\/13-Corte-de-Cabelo-Curto-com-Franja-16x12.jpg 16w, https:\/\/danidrops.com.br\/wp-content\/uploads\/2023\/10\/13-Corte-de-Cabelo-Curto-com-Franja-150x110.jpg 150w\" sizes=\"auto, (max-width: 760px) 100vw, 760px\" \/><figcaption class=\"wp-element-caption\">Coupe de cheveux courte avec frange<\/figcaption><\/figure>\n\n\n\n<p>Pour les plus modernes, les franges effiloch\u00e9es et les franges en rideau sont d&#039;excellentes options, car toutes deux mettent en valeur les caract\u00e9ristiques f\u00e9minines sans perdre en sophistication.<\/p>\n\n\n\n<h2 class=\"wp-block-heading\"><span class=\"ez-toc-section\" id=\"Corte_de_Cabelo_Curto_Repicado\"><\/span>Coupe de cheveux courte<span class=\"ez-toc-section-end\"><\/span><\/h2>\n\n\n\n<p>Pour les femmes qui souhaitent plus de l\u00e9g\u00e8ret\u00e9 et de mouvement, la coupe courte coup\u00e9e est une alternative qui laisse le look moderne et plein de personnalit\u00e9. Cette coupe est connue pour avoir les m\u00e8ches les plus textur\u00e9es, qui enl\u00e8vent du volume de mani\u00e8re naturelle.<\/p>\n\n\n\n<figure class=\"wp-block-image size-full\"><img loading=\"lazy\" decoding=\"async\" width=\"760\" height=\"555\" src=\"https:\/\/danidrops.com.br\/wp-content\/uploads\/2023\/10\/16-Corte-de-Cabelo-Curto-Repicado.jpg\" alt=\"Coupe de cheveux courte\" class=\"wp-image-85750\" title=\"\" srcset=\"https:\/\/danidrops.com.br\/wp-content\/uploads\/2023\/10\/16-Corte-de-Cabelo-Curto-Repicado.jpg 760w, https:\/\/danidrops.com.br\/wp-content\/uploads\/2023\/10\/16-Corte-de-Cabelo-Curto-Repicado-300x219.jpg 300w, https:\/\/danidrops.com.br\/wp-content\/uploads\/2023\/10\/16-Corte-de-Cabelo-Curto-Repicado-16x12.jpg 16w, https:\/\/danidrops.com.br\/wp-content\/uploads\/2023\/10\/16-Corte-de-Cabelo-Curto-Repicado-150x110.jpg 150w\" sizes=\"auto, (max-width: 760px) 100vw, 760px\" \/><figcaption class=\"wp-element-caption\">Coupe de cheveux courte<\/figcaption><\/figure>\n\n\n\n<p>Si vous recherchez une coupe de cheveux qui ne doit pas renoncer \u00e0 la praticit\u00e9 qu&#039;offre la coupe courte 2024, ce style plus d\u00e9grad\u00e9 est une proposition contemporaine qui ajoute une touche d&#039;audace au look.<\/p>\n\n\n\n<figure class=\"wp-block-image size-full\"><img loading=\"lazy\" decoding=\"async\" width=\"760\" height=\"555\" src=\"https:\/\/danidrops.com.br\/wp-content\/uploads\/2023\/10\/15-Corte-de-Cabelo-Curto-Repicado.jpg\" alt=\"Coupe de cheveux courte\" class=\"wp-image-85749\" title=\"\" srcset=\"https:\/\/danidrops.com.br\/wp-content\/uploads\/2023\/10\/15-Corte-de-Cabelo-Curto-Repicado.jpg 760w, https:\/\/danidrops.com.br\/wp-content\/uploads\/2023\/10\/15-Corte-de-Cabelo-Curto-Repicado-300x219.jpg 300w, https:\/\/danidrops.com.br\/wp-content\/uploads\/2023\/10\/15-Corte-de-Cabelo-Curto-Repicado-16x12.jpg 16w, https:\/\/danidrops.com.br\/wp-content\/uploads\/2023\/10\/15-Corte-de-Cabelo-Curto-Repicado-150x110.jpg 150w\" sizes=\"auto, (max-width: 760px) 100vw, 760px\" \/><figcaption class=\"wp-element-caption\">Coupe de cheveux courte<\/figcaption><\/figure>\n\n\n\n<h2 class=\"wp-block-heading\"><span class=\"ez-toc-section\" id=\"Corte_de_Cabelo_Curto_Pixie\"><\/span>Coupe de cheveux courte Pixie<span class=\"ez-toc-section-end\"><\/span><\/h2>\n\n\n\n<p>La coupe courte Pixie est probablement l\u2019une des plus sensuelles et a enchant\u00e9 de nombreuses femmes, car elle laisse la nuque et le cou compl\u00e8tement expos\u00e9s. Pour les femmes \u00e0 la recherche d\u2019un look super sophistiqu\u00e9 et plein de personnalit\u00e9, Pixie est le meilleur choix.<\/p>\n\n\n\n<figure class=\"wp-block-image size-full\"><img loading=\"lazy\" decoding=\"async\" width=\"760\" height=\"555\" src=\"https:\/\/danidrops.com.br\/wp-content\/uploads\/2023\/10\/17-Corte-de-Cabelo-Curto-Pixie.jpg\" alt=\"Coupe de cheveux courte Pixie\" class=\"wp-image-85751\" title=\"\" srcset=\"https:\/\/danidrops.com.br\/wp-content\/uploads\/2023\/10\/17-Corte-de-Cabelo-Curto-Pixie.jpg 760w, https:\/\/danidrops.com.br\/wp-content\/uploads\/2023\/10\/17-Corte-de-Cabelo-Curto-Pixie-300x219.jpg 300w, https:\/\/danidrops.com.br\/wp-content\/uploads\/2023\/10\/17-Corte-de-Cabelo-Curto-Pixie-16x12.jpg 16w, https:\/\/danidrops.com.br\/wp-content\/uploads\/2023\/10\/17-Corte-de-Cabelo-Curto-Pixie-150x110.jpg 150w\" sizes=\"auto, (max-width: 760px) 100vw, 760px\" \/><figcaption class=\"wp-element-caption\">Coupe de cheveux courte Pixie<\/figcaption><\/figure>\n\n\n\n<p>Parce qu\u2019elle est assez courte, la coupe courte Pixie met en valeur la beaut\u00e9 naturelle du visage, tout en mettant davantage l\u2019accent sur les yeux. Avec la nuque expos\u00e9e, cette coupe donne une sensation d&#039;allongement, parfaite pour les femmes qui souhaitent affiner leur visage.<\/p>\n\n\n\n<figure class=\"wp-block-image size-full\"><img loading=\"lazy\" decoding=\"async\" width=\"760\" height=\"555\" src=\"https:\/\/danidrops.com.br\/wp-content\/uploads\/2023\/10\/18-Corte-de-Cabelo-Curto-Pixie.jpg\" alt=\"Coupe de cheveux courte Pixie\" class=\"wp-image-85752\" title=\"\" srcset=\"https:\/\/danidrops.com.br\/wp-content\/uploads\/2023\/10\/18-Corte-de-Cabelo-Curto-Pixie.jpg 760w, https:\/\/danidrops.com.br\/wp-content\/uploads\/2023\/10\/18-Corte-de-Cabelo-Curto-Pixie-300x219.jpg 300w, https:\/\/danidrops.com.br\/wp-content\/uploads\/2023\/10\/18-Corte-de-Cabelo-Curto-Pixie-16x12.jpg 16w, https:\/\/danidrops.com.br\/wp-content\/uploads\/2023\/10\/18-Corte-de-Cabelo-Curto-Pixie-150x110.jpg 150w\" sizes=\"auto, (max-width: 760px) 100vw, 760px\" \/><figcaption class=\"wp-element-caption\">Coupe de cheveux courte Pixie<\/figcaption><\/figure>\n\n\n\n<h2 class=\"wp-block-heading\"><span class=\"ez-toc-section\" id=\"Corte_de_Cabelo_Curto_Pixie_Cut\"><\/span>Coupe de cheveux courte Pixie Cut<span class=\"ez-toc-section-end\"><\/span><\/h2>\n\n\n\n<p>La coupe de cheveux courte Pixie Cut est un style qui permet \u00e0 une femme de se sentir totalement puissante et sensuelle. C&#039;est une coupe tr\u00e8s polyvalente qui convient \u00e0 diverses personnalit\u00e9s et m\u00eame \u00e0 des styles vestimentaires et \u00e0 des occasions.<\/p>\n\n\n\n<figure class=\"wp-block-image size-full\"><img loading=\"lazy\" decoding=\"async\" width=\"760\" height=\"555\" src=\"https:\/\/danidrops.com.br\/wp-content\/uploads\/2023\/10\/20-Corte-de-Cabelo-Curto-Pixie-Cut.jpg\" alt=\"Coupe de cheveux courte Pixie Cut\" class=\"wp-image-85754\" title=\"\" srcset=\"https:\/\/danidrops.com.br\/wp-content\/uploads\/2023\/10\/20-Corte-de-Cabelo-Curto-Pixie-Cut.jpg 760w, https:\/\/danidrops.com.br\/wp-content\/uploads\/2023\/10\/20-Corte-de-Cabelo-Curto-Pixie-Cut-300x219.jpg 300w, https:\/\/danidrops.com.br\/wp-content\/uploads\/2023\/10\/20-Corte-de-Cabelo-Curto-Pixie-Cut-16x12.jpg 16w, https:\/\/danidrops.com.br\/wp-content\/uploads\/2023\/10\/20-Corte-de-Cabelo-Curto-Pixie-Cut-150x110.jpg 150w\" sizes=\"auto, (max-width: 760px) 100vw, 760px\" \/><figcaption class=\"wp-element-caption\">Coupe de cheveux courte Pixie Cut<\/figcaption><\/figure>\n\n\n\n<p>M\u00eame si ce style est tr\u00e8s court, il est possible de le coiffer de plusieurs mani\u00e8res, que ce soit avec une frange plus courte, en rasant les c\u00f4t\u00e9s ou en cr\u00e9ant des d\u00e9grad\u00e9s plus textur\u00e9s, pour donner encore plus de l\u00e9g\u00e8ret\u00e9 \u00e0 la coupe.<\/p>\n\n\n\n<figure class=\"wp-block-image size-full\"><img loading=\"lazy\" decoding=\"async\" width=\"760\" height=\"555\" src=\"https:\/\/danidrops.com.br\/wp-content\/uploads\/2023\/10\/19-Corte-de-Cabelo-Curto-Pixie-Cut.jpg\" alt=\"Coupe de cheveux courte Pixie Cut\" class=\"wp-image-85753\" title=\"\" srcset=\"https:\/\/danidrops.com.br\/wp-content\/uploads\/2023\/10\/19-Corte-de-Cabelo-Curto-Pixie-Cut.jpg 760w, https:\/\/danidrops.com.br\/wp-content\/uploads\/2023\/10\/19-Corte-de-Cabelo-Curto-Pixie-Cut-300x219.jpg 300w, https:\/\/danidrops.com.br\/wp-content\/uploads\/2023\/10\/19-Corte-de-Cabelo-Curto-Pixie-Cut-16x12.jpg 16w, https:\/\/danidrops.com.br\/wp-content\/uploads\/2023\/10\/19-Corte-de-Cabelo-Curto-Pixie-Cut-150x110.jpg 150w\" sizes=\"auto, (max-width: 760px) 100vw, 760px\" \/><figcaption class=\"wp-element-caption\">Coupe de cheveux courte Pixie Cut<\/figcaption><\/figure>\n\n\n\n<h2 class=\"wp-block-heading\"><span class=\"ez-toc-section\" id=\"Corte_de_Cabelo_Curto_Blunt_Cut\"><\/span>Coupe de cheveux courte coupe \u00e9mouss\u00e9e<span class=\"ez-toc-section-end\"><\/span><\/h2>\n\n\n\n<p>Avec une base beaucoup plus droite, la proposition de la coupe courte Blunt Cut est d&#039;apporter une touche plus minimaliste et peut \u00eatre r\u00e9alis\u00e9e sur des femmes aux cheveux raides, ondul\u00e9s et m\u00eame boucl\u00e9s.<\/p>\n\n\n\n<figure class=\"wp-block-image size-full\"><img loading=\"lazy\" decoding=\"async\" width=\"760\" height=\"555\" src=\"https:\/\/danidrops.com.br\/wp-content\/uploads\/2023\/10\/22-Corte-de-Cabelo-Curto-Blunt-Cut.jpg\" alt=\"Coupe de cheveux courte coupe \u00e9mouss\u00e9e\" class=\"wp-image-85756\" title=\"\" srcset=\"https:\/\/danidrops.com.br\/wp-content\/uploads\/2023\/10\/22-Corte-de-Cabelo-Curto-Blunt-Cut.jpg 760w, https:\/\/danidrops.com.br\/wp-content\/uploads\/2023\/10\/22-Corte-de-Cabelo-Curto-Blunt-Cut-300x219.jpg 300w, https:\/\/danidrops.com.br\/wp-content\/uploads\/2023\/10\/22-Corte-de-Cabelo-Curto-Blunt-Cut-16x12.jpg 16w, https:\/\/danidrops.com.br\/wp-content\/uploads\/2023\/10\/22-Corte-de-Cabelo-Curto-Blunt-Cut-150x110.jpg 150w\" sizes=\"auto, (max-width: 760px) 100vw, 760px\" \/><figcaption class=\"wp-element-caption\">Coupe de cheveux courte coupe \u00e9mouss\u00e9e<\/figcaption><\/figure>\n\n\n\n<p>Cette tendance, adopt\u00e9e par plusieurs c\u00e9l\u00e9brit\u00e9s, met en valeur le visage, lui donnant une allure plus \u00e9l\u00e9gante. Vous pouvez personnaliser ce style avec une frange ou des couches plus subtiles pour ajouter plus de dimension \u00e0 votre look.<\/p>\n\n\n\n<figure class=\"wp-block-image size-full\"><img loading=\"lazy\" decoding=\"async\" width=\"760\" height=\"555\" src=\"https:\/\/danidrops.com.br\/wp-content\/uploads\/2023\/10\/21-Corte-de-Cabelo-Curto-Blunt-Cut.jpg\" alt=\"Coupe de cheveux courte coupe \u00e9mouss\u00e9e\" class=\"wp-image-85755\" title=\"\" srcset=\"https:\/\/danidrops.com.br\/wp-content\/uploads\/2023\/10\/21-Corte-de-Cabelo-Curto-Blunt-Cut.jpg 760w, https:\/\/danidrops.com.br\/wp-content\/uploads\/2023\/10\/21-Corte-de-Cabelo-Curto-Blunt-Cut-300x219.jpg 300w, https:\/\/danidrops.com.br\/wp-content\/uploads\/2023\/10\/21-Corte-de-Cabelo-Curto-Blunt-Cut-16x12.jpg 16w, https:\/\/danidrops.com.br\/wp-content\/uploads\/2023\/10\/21-Corte-de-Cabelo-Curto-Blunt-Cut-150x110.jpg 150w\" sizes=\"auto, (max-width: 760px) 100vw, 760px\" \/><figcaption class=\"wp-element-caption\">Coupe de cheveux courte coupe \u00e9mouss\u00e9e<\/figcaption><\/figure>\n\n\n\n<p>\u2014\u2014\u2013<\/p>\n\n\n\n<h2 class=\"wp-block-heading\"><span class=\"ez-toc-section\" id=\"Corte_de_Cabelo_Curto_Baby_Bang\"><\/span>Coupe de cheveux courte Baby Bang<span class=\"ez-toc-section-end\"><\/span><\/h2>\n\n\n\n<p>Avec un style plus doux et f\u00e9minin, la coupe courte Baby Bang laisse le visage expos\u00e9, cr\u00e9ant une silhouette plus d\u00e9licate. Vous pouvez porter ce style avec des extr\u00e9mit\u00e9s plus d\u00e9connect\u00e9es ou en gardant la frange plus droite, ce qui rendra votre visage plus harmonieux.<\/p>\n\n\n\n<figure class=\"wp-block-image size-full\"><img loading=\"lazy\" decoding=\"async\" width=\"760\" height=\"555\" src=\"https:\/\/danidrops.com.br\/wp-content\/uploads\/2023\/10\/24-Corte-de-Cabelo-Curto-Baby-Bang.jpg\" alt=\"Coupe de cheveux courte Baby Bang\" class=\"wp-image-85758\" title=\"\" srcset=\"https:\/\/danidrops.com.br\/wp-content\/uploads\/2023\/10\/24-Corte-de-Cabelo-Curto-Baby-Bang.jpg 760w, https:\/\/danidrops.com.br\/wp-content\/uploads\/2023\/10\/24-Corte-de-Cabelo-Curto-Baby-Bang-300x219.jpg 300w, https:\/\/danidrops.com.br\/wp-content\/uploads\/2023\/10\/24-Corte-de-Cabelo-Curto-Baby-Bang-16x12.jpg 16w, https:\/\/danidrops.com.br\/wp-content\/uploads\/2023\/10\/24-Corte-de-Cabelo-Curto-Baby-Bang-150x110.jpg 150w\" sizes=\"auto, (max-width: 760px) 100vw, 760px\" \/><figcaption class=\"wp-element-caption\">Coupe de cheveux courte Baby Bang<\/figcaption><\/figure>\n\n\n\n<p>Ce type de coupe est parfait pour les femmes qui souhaitent un look plus moderne et audacieux, mais sans perdre le c\u00f4t\u00e9 romantique qui fait tout son charme \u00e0 ce look.<\/p>\n\n\n\n<figure class=\"wp-block-image size-full\"><img loading=\"lazy\" decoding=\"async\" width=\"760\" height=\"555\" src=\"https:\/\/danidrops.com.br\/wp-content\/uploads\/2023\/10\/23-Corte-de-Cabelo-Curto-Baby-Bang.jpg\" alt=\"Coupe de cheveux courte Baby Bang\" class=\"wp-image-85757\" title=\"\" srcset=\"https:\/\/danidrops.com.br\/wp-content\/uploads\/2023\/10\/23-Corte-de-Cabelo-Curto-Baby-Bang.jpg 760w, https:\/\/danidrops.com.br\/wp-content\/uploads\/2023\/10\/23-Corte-de-Cabelo-Curto-Baby-Bang-300x219.jpg 300w, https:\/\/danidrops.com.br\/wp-content\/uploads\/2023\/10\/23-Corte-de-Cabelo-Curto-Baby-Bang-16x12.jpg 16w, https:\/\/danidrops.com.br\/wp-content\/uploads\/2023\/10\/23-Corte-de-Cabelo-Curto-Baby-Bang-150x110.jpg 150w\" sizes=\"auto, (max-width: 760px) 100vw, 760px\" \/><figcaption class=\"wp-element-caption\">Coupe de cheveux courte Baby Bang<\/figcaption><\/figure>\n\n\n\n<h2 class=\"wp-block-heading\"><span class=\"ez-toc-section\" id=\"Corte_de_Cabelo_Curto_Assimetrico\"><\/span>Coupe de cheveux courte asym\u00e9trique<span class=\"ez-toc-section-end\"><\/span><\/h2>\n\n\n\n<p>La coupe courte asym\u00e9trique n&#039;est rien de plus qu&#039;un style de coupe r\u00e9alis\u00e9 en diff\u00e9rentes tailles, qui peut \u00eatre plus subtile ou plus accentu\u00e9e, en plus de s&#039;adapter facilement \u00e0 diff\u00e9rents types de cheveux.<\/p>\n\n\n\n<figure class=\"wp-block-image size-full\"><img loading=\"lazy\" decoding=\"async\" width=\"760\" height=\"555\" src=\"https:\/\/danidrops.com.br\/wp-content\/uploads\/2023\/10\/26-Corte-de-Cabelo-Curto-Assimetrico.jpg\" alt=\"Coupe de cheveux courte asym\u00e9trique\" class=\"wp-image-85760\" title=\"\" srcset=\"https:\/\/danidrops.com.br\/wp-content\/uploads\/2023\/10\/26-Corte-de-Cabelo-Curto-Assimetrico.jpg 760w, https:\/\/danidrops.com.br\/wp-content\/uploads\/2023\/10\/26-Corte-de-Cabelo-Curto-Assimetrico-300x219.jpg 300w, https:\/\/danidrops.com.br\/wp-content\/uploads\/2023\/10\/26-Corte-de-Cabelo-Curto-Assimetrico-16x12.jpg 16w, https:\/\/danidrops.com.br\/wp-content\/uploads\/2023\/10\/26-Corte-de-Cabelo-Curto-Assimetrico-150x110.jpg 150w\" sizes=\"auto, (max-width: 760px) 100vw, 760px\" \/><figcaption class=\"wp-element-caption\">Coupe de cheveux courte asym\u00e9trique<\/figcaption><\/figure>\n\n\n\n<p>Si vous recherchez un style plus contemporain, qui vous permet d&#039;exprimer toute votre individualit\u00e9 et votre style personnel, la coupe asym\u00e9trique est une excellente option.<\/p>\n\n\n\n<figure class=\"wp-block-image size-full\"><img loading=\"lazy\" decoding=\"async\" width=\"760\" height=\"555\" src=\"https:\/\/danidrops.com.br\/wp-content\/uploads\/2023\/10\/25-Corte-de-Cabelo-Curto-Assimetrico.jpg\" alt=\"Coupe de cheveux courte asym\u00e9trique\" class=\"wp-image-85759\" title=\"\" srcset=\"https:\/\/danidrops.com.br\/wp-content\/uploads\/2023\/10\/25-Corte-de-Cabelo-Curto-Assimetrico.jpg 760w, https:\/\/danidrops.com.br\/wp-content\/uploads\/2023\/10\/25-Corte-de-Cabelo-Curto-Assimetrico-300x219.jpg 300w, https:\/\/danidrops.com.br\/wp-content\/uploads\/2023\/10\/25-Corte-de-Cabelo-Curto-Assimetrico-16x12.jpg 16w, https:\/\/danidrops.com.br\/wp-content\/uploads\/2023\/10\/25-Corte-de-Cabelo-Curto-Assimetrico-150x110.jpg 150w\" sizes=\"auto, (max-width: 760px) 100vw, 760px\" \/><figcaption class=\"wp-element-caption\">Coupe de cheveux courte asym\u00e9trique<\/figcaption><\/figure>\n\n\n\n<h2 class=\"wp-block-heading\"><span class=\"ez-toc-section\" id=\"Corte_de_Cabelo_Curto_Cuia\"><\/span>Coupe de cheveux courte Cuia<span class=\"ez-toc-section-end\"><\/span><\/h2>\n\n\n\n<p>La coupe courte en gourde est une option beaucoup plus audacieuse pour les femmes \u00e0 la recherche d\u2019un look plus marquant. La coupe est plus arrondie et basse, ce qui donne \u00e0 l&#039;ensemble un look unique.<\/p>\n\n\n\n<figure class=\"wp-block-image size-full\"><img loading=\"lazy\" decoding=\"async\" width=\"760\" height=\"555\" src=\"https:\/\/danidrops.com.br\/wp-content\/uploads\/2023\/10\/27-Corte-de-Cabelo-Curto-Cuia.jpg\" alt=\"Coupe de cheveux courte Cuia\" class=\"wp-image-85761\" title=\"\" srcset=\"https:\/\/danidrops.com.br\/wp-content\/uploads\/2023\/10\/27-Corte-de-Cabelo-Curto-Cuia.jpg 760w, https:\/\/danidrops.com.br\/wp-content\/uploads\/2023\/10\/27-Corte-de-Cabelo-Curto-Cuia-300x219.jpg 300w, https:\/\/danidrops.com.br\/wp-content\/uploads\/2023\/10\/27-Corte-de-Cabelo-Curto-Cuia-16x12.jpg 16w, https:\/\/danidrops.com.br\/wp-content\/uploads\/2023\/10\/27-Corte-de-Cabelo-Curto-Cuia-150x110.jpg 150w\" sizes=\"auto, (max-width: 760px) 100vw, 760px\" \/><figcaption class=\"wp-element-caption\">Coupe de cheveux courte Cuia<\/figcaption><\/figure>\n\n\n\n<p>Ce style permet \u00e9galement de mettre encore plus en valeur la forme du visage, renfor\u00e7ant ainsi les caract\u00e9ristiques f\u00e9minines. Si vous recherchez une coupe pleine d\u2019attitude et de modernit\u00e9, la coupe courte gourde est id\u00e9ale !<\/p>\n\n\n\n<figure class=\"wp-block-image size-full\"><img loading=\"lazy\" decoding=\"async\" width=\"760\" height=\"555\" src=\"https:\/\/danidrops.com.br\/wp-content\/uploads\/2023\/10\/28-Corte-de-Cabelo-Curto-Cuia.jpg\" alt=\"Coupe de cheveux courte Cuia\" class=\"wp-image-85720\" title=\"\" srcset=\"https:\/\/danidrops.com.br\/wp-content\/uploads\/2023\/10\/28-Corte-de-Cabelo-Curto-Cuia.jpg 760w, https:\/\/danidrops.com.br\/wp-content\/uploads\/2023\/10\/28-Corte-de-Cabelo-Curto-Cuia-300x219.jpg 300w, https:\/\/danidrops.com.br\/wp-content\/uploads\/2023\/10\/28-Corte-de-Cabelo-Curto-Cuia-16x12.jpg 16w, https:\/\/danidrops.com.br\/wp-content\/uploads\/2023\/10\/28-Corte-de-Cabelo-Curto-Cuia-150x110.jpg 150w\" sizes=\"auto, (max-width: 760px) 100vw, 760px\" \/><figcaption class=\"wp-element-caption\">Coupe de cheveux courte Cuia<\/figcaption><\/figure>\n\n\n\n<h2 class=\"wp-block-heading\"><span class=\"ez-toc-section\" id=\"Corte_de_Cabelo_Curto_Raspado\"><\/span>Coupe de cheveux ras\u00e9e courte<span class=\"ez-toc-section-end\"><\/span><\/h2>\n\n\n\n<p>Une option pour les plus modernes est la coupe de cheveux ras\u00e9e courte. Dans ce style, vous pouvez choisir de raser la majeure partie, cr\u00e9ant un effet de fondu, ou jusqu&#039;au sommet de votre t\u00eate.<\/p>\n\n\n\n<figure class=\"wp-block-image size-full\"><img loading=\"lazy\" decoding=\"async\" width=\"760\" height=\"555\" src=\"https:\/\/danidrops.com.br\/wp-content\/uploads\/2023\/10\/30Corte-de-Cabelo-Curto-Raspado.jpg\" alt=\"Coupe de cheveux ras\u00e9e courte\" class=\"wp-image-85722\" title=\"\" srcset=\"https:\/\/danidrops.com.br\/wp-content\/uploads\/2023\/10\/30Corte-de-Cabelo-Curto-Raspado.jpg 760w, https:\/\/danidrops.com.br\/wp-content\/uploads\/2023\/10\/30Corte-de-Cabelo-Curto-Raspado-300x219.jpg 300w, https:\/\/danidrops.com.br\/wp-content\/uploads\/2023\/10\/30Corte-de-Cabelo-Curto-Raspado-16x12.jpg 16w, https:\/\/danidrops.com.br\/wp-content\/uploads\/2023\/10\/30Corte-de-Cabelo-Curto-Raspado-150x110.jpg 150w\" sizes=\"auto, (max-width: 760px) 100vw, 760px\" \/><figcaption class=\"wp-element-caption\">Coupe de cheveux ras\u00e9e courte<\/figcaption><\/figure>\n\n\n\n<p>Assez pratique, la coupe ras\u00e9e courte n\u00e9cessite tr\u00e8s peu d\u2019entretien et de coiffage, en plus d\u2019\u00eatre une excellente option pour les femmes qui souhaitent affronter un \u00e9t\u00e9 plus frais.<\/p>\n\n\n\n<figure class=\"wp-block-image size-full\"><img loading=\"lazy\" decoding=\"async\" width=\"760\" height=\"555\" src=\"https:\/\/danidrops.com.br\/wp-content\/uploads\/2023\/10\/29-Corte-de-Cabelo-Curto-Raspado.jpg\" alt=\"Coupe de cheveux ras\u00e9e courte\" class=\"wp-image-85721\" title=\"\" srcset=\"https:\/\/danidrops.com.br\/wp-content\/uploads\/2023\/10\/29-Corte-de-Cabelo-Curto-Raspado.jpg 760w, https:\/\/danidrops.com.br\/wp-content\/uploads\/2023\/10\/29-Corte-de-Cabelo-Curto-Raspado-300x219.jpg 300w, https:\/\/danidrops.com.br\/wp-content\/uploads\/2023\/10\/29-Corte-de-Cabelo-Curto-Raspado-16x12.jpg 16w, https:\/\/danidrops.com.br\/wp-content\/uploads\/2023\/10\/29-Corte-de-Cabelo-Curto-Raspado-150x110.jpg 150w\" sizes=\"auto, (max-width: 760px) 100vw, 760px\" \/><figcaption class=\"wp-element-caption\">Coupe de cheveux ras\u00e9e courte<\/figcaption><\/figure>\n\n\n\n<h2 class=\"wp-block-heading\"><span class=\"ez-toc-section\" id=\"Corte_de_Cabelo_Curto_Joaozinho\"><\/span>Coupe de cheveux courte Johnny<span class=\"ez-toc-section-end\"><\/span><\/h2>\n\n\n\n<p>Si vous souhaitez laisser vos m\u00e8ches dans le pass\u00e9, la coupe courte Jo\u00e3ozinho est une alternative \u00e0 essayer. Ce style convient \u00e0 tous les types de cheveux, des raides aux boucl\u00e9s.<\/p>\n\n\n\n<figure class=\"wp-block-image size-full\"><img loading=\"lazy\" decoding=\"async\" width=\"760\" height=\"555\" src=\"https:\/\/danidrops.com.br\/wp-content\/uploads\/2023\/10\/32-Corte-de-Cabelo-Curto-Joaozinho.jpg\" alt=\"Coupe de cheveux courte Johnny\" class=\"wp-image-85724\" title=\"\" srcset=\"https:\/\/danidrops.com.br\/wp-content\/uploads\/2023\/10\/32-Corte-de-Cabelo-Curto-Joaozinho.jpg 760w, https:\/\/danidrops.com.br\/wp-content\/uploads\/2023\/10\/32-Corte-de-Cabelo-Curto-Joaozinho-300x219.jpg 300w, https:\/\/danidrops.com.br\/wp-content\/uploads\/2023\/10\/32-Corte-de-Cabelo-Curto-Joaozinho-16x12.jpg 16w, https:\/\/danidrops.com.br\/wp-content\/uploads\/2023\/10\/32-Corte-de-Cabelo-Curto-Joaozinho-150x110.jpg 150w\" sizes=\"auto, (max-width: 760px) 100vw, 760px\" \/><figcaption class=\"wp-element-caption\">Coupe de cheveux courte Johnny<\/figcaption><\/figure>\n\n\n\n<p>Plusieurs c\u00e9l\u00e9brit\u00e9s ont d\u00e9j\u00e0 eu ce style qui allie praticit\u00e9 et sensualit\u00e9. Ce type de coupe est parfait pour la femme moderne, pratique, d\u00e9termin\u00e9e, s\u00fbre d&#039;elle et qui ne veut pas passer des heures devant le miroir \u00e0 se coiffer.<\/p>\n\n\n\n<figure class=\"wp-block-image size-full\"><img loading=\"lazy\" decoding=\"async\" width=\"760\" height=\"555\" src=\"https:\/\/danidrops.com.br\/wp-content\/uploads\/2023\/10\/31-Corte-de-Cabelo-Curto-Joaozinho.jpg\" alt=\"Coupe de cheveux courte Johnny\" class=\"wp-image-85723\" title=\"\" srcset=\"https:\/\/danidrops.com.br\/wp-content\/uploads\/2023\/10\/31-Corte-de-Cabelo-Curto-Joaozinho.jpg 760w, https:\/\/danidrops.com.br\/wp-content\/uploads\/2023\/10\/31-Corte-de-Cabelo-Curto-Joaozinho-300x219.jpg 300w, https:\/\/danidrops.com.br\/wp-content\/uploads\/2023\/10\/31-Corte-de-Cabelo-Curto-Joaozinho-16x12.jpg 16w, https:\/\/danidrops.com.br\/wp-content\/uploads\/2023\/10\/31-Corte-de-Cabelo-Curto-Joaozinho-150x110.jpg 150w\" sizes=\"auto, (max-width: 760px) 100vw, 760px\" \/><figcaption class=\"wp-element-caption\">Coupe de cheveux courte Johnny<\/figcaption><\/figure>\n\n\n\n<h2 class=\"wp-block-heading\"><span class=\"ez-toc-section\" id=\"Corte_de_Cabelo_Curto_Raspado_do_lado\"><\/span>Coupe de cheveux ras\u00e9e sur le c\u00f4t\u00e9 court<span class=\"ez-toc-section-end\"><\/span><\/h2>\n\n\n\n<p>D\u00e9fiant les standards, la coupe courte ras\u00e9e sur le c\u00f4t\u00e9 peut \u00eatre discr\u00e8te ou audacieuse, avec des designs et m\u00eame des risques.<\/p>\n\n\n\n<figure class=\"wp-block-image size-full\"><img loading=\"lazy\" decoding=\"async\" width=\"760\" height=\"555\" src=\"https:\/\/danidrops.com.br\/wp-content\/uploads\/2023\/10\/34-Corte-de-Cabelo-Curto-Raspado-do-lado.jpg\" alt=\"Coupe de cheveux ras\u00e9e sur le c\u00f4t\u00e9 court\" class=\"wp-image-85726\" title=\"\" srcset=\"https:\/\/danidrops.com.br\/wp-content\/uploads\/2023\/10\/34-Corte-de-Cabelo-Curto-Raspado-do-lado.jpg 760w, https:\/\/danidrops.com.br\/wp-content\/uploads\/2023\/10\/34-Corte-de-Cabelo-Curto-Raspado-do-lado-300x219.jpg 300w, https:\/\/danidrops.com.br\/wp-content\/uploads\/2023\/10\/34-Corte-de-Cabelo-Curto-Raspado-do-lado-16x12.jpg 16w, https:\/\/danidrops.com.br\/wp-content\/uploads\/2023\/10\/34-Corte-de-Cabelo-Curto-Raspado-do-lado-150x110.jpg 150w\" sizes=\"auto, (max-width: 760px) 100vw, 760px\" \/><figcaption class=\"wp-element-caption\">Coupe de cheveux ras\u00e9e sur le c\u00f4t\u00e9 court<\/figcaption><\/figure>\n\n\n\n<p>Les cheveux courts mettent encore plus en valeur la partie lat\u00e9rale qui sera expos\u00e9e, laissant \u00e0 la femme un look unique et autonome, m\u00ealant f\u00e9minit\u00e9 avec une touche de r\u00e9bellion.<\/p>\n\n\n\n<figure class=\"wp-block-image size-full\"><img loading=\"lazy\" decoding=\"async\" width=\"760\" height=\"555\" src=\"https:\/\/danidrops.com.br\/wp-content\/uploads\/2023\/10\/33-Corte-de-Cabelo-Curto-Raspado-do-lado.jpg\" alt=\"Coupe de cheveux ras\u00e9e sur le c\u00f4t\u00e9 court\" class=\"wp-image-85725\" title=\"\" srcset=\"https:\/\/danidrops.com.br\/wp-content\/uploads\/2023\/10\/33-Corte-de-Cabelo-Curto-Raspado-do-lado.jpg 760w, https:\/\/danidrops.com.br\/wp-content\/uploads\/2023\/10\/33-Corte-de-Cabelo-Curto-Raspado-do-lado-300x219.jpg 300w, https:\/\/danidrops.com.br\/wp-content\/uploads\/2023\/10\/33-Corte-de-Cabelo-Curto-Raspado-do-lado-16x12.jpg 16w, https:\/\/danidrops.com.br\/wp-content\/uploads\/2023\/10\/33-Corte-de-Cabelo-Curto-Raspado-do-lado-150x110.jpg 150w\" sizes=\"auto, (max-width: 760px) 100vw, 760px\" \/><figcaption class=\"wp-element-caption\">Coupe de cheveux ras\u00e9e sur le c\u00f4t\u00e9 court<\/figcaption><\/figure>\n\n\n\n<h2 class=\"wp-block-heading\"><span class=\"ez-toc-section\" id=\"Corte_de_Cabelo_Curto_com_luzes\"><\/span>Coupe de cheveux courte avec m\u00e8ches<span class=\"ez-toc-section-end\"><\/span><\/h2>\n\n\n\n<p>Une autre tendance coupe de cheveux courte 2024 qui ne se d\u00e9modera pas de sit\u00f4t est la coupe de cheveux courte avec des reflets. Cette technique ajoute une touche de brillance et de dimension aux m\u00e8ches courtes, cr\u00e9ant un look plus moderne et \u00e9l\u00e9gant.<\/p>\n\n\n\n<figure class=\"wp-block-image size-full\"><img loading=\"lazy\" decoding=\"async\" width=\"760\" height=\"555\" src=\"https:\/\/danidrops.com.br\/wp-content\/uploads\/2023\/10\/36-Corte-de-Cabelo-Curto-com-luzes.jpg\" alt=\"Coupe de cheveux courte avec m\u00e8ches\" class=\"wp-image-85728\" title=\"\" srcset=\"https:\/\/danidrops.com.br\/wp-content\/uploads\/2023\/10\/36-Corte-de-Cabelo-Curto-com-luzes.jpg 760w, https:\/\/danidrops.com.br\/wp-content\/uploads\/2023\/10\/36-Corte-de-Cabelo-Curto-com-luzes-300x219.jpg 300w, https:\/\/danidrops.com.br\/wp-content\/uploads\/2023\/10\/36-Corte-de-Cabelo-Curto-com-luzes-16x12.jpg 16w, https:\/\/danidrops.com.br\/wp-content\/uploads\/2023\/10\/36-Corte-de-Cabelo-Curto-com-luzes-150x110.jpg 150w\" sizes=\"auto, (max-width: 760px) 100vw, 760px\" \/><figcaption class=\"wp-element-caption\">Coupe de cheveux courte avec m\u00e8ches<\/figcaption><\/figure>\n\n\n\n<p>Les lumi\u00e8res peuvent \u00eatre vives, ce qui donnera un effet lumineux, ou encore plus proches du ton naturel des cheveux, ce qui donnera plus de volume et de texture, rehaussant la texture des m\u00e8ches et la couleur de la peau.<\/p>\n\n\n\n<figure class=\"wp-block-image size-full\"><img loading=\"lazy\" decoding=\"async\" width=\"760\" height=\"555\" src=\"https:\/\/danidrops.com.br\/wp-content\/uploads\/2023\/10\/35-Corte-de-Cabelo-Curto-com-luzes.jpg\" alt=\"Coupe de cheveux courte avec m\u00e8ches\" class=\"wp-image-85727\" title=\"\" srcset=\"https:\/\/danidrops.com.br\/wp-content\/uploads\/2023\/10\/35-Corte-de-Cabelo-Curto-com-luzes.jpg 760w, https:\/\/danidrops.com.br\/wp-content\/uploads\/2023\/10\/35-Corte-de-Cabelo-Curto-com-luzes-300x219.jpg 300w, https:\/\/danidrops.com.br\/wp-content\/uploads\/2023\/10\/35-Corte-de-Cabelo-Curto-com-luzes-16x12.jpg 16w, https:\/\/danidrops.com.br\/wp-content\/uploads\/2023\/10\/35-Corte-de-Cabelo-Curto-com-luzes-150x110.jpg 150w\" sizes=\"auto, (max-width: 760px) 100vw, 760px\" \/><figcaption class=\"wp-element-caption\">Coupe de cheveux courte avec m\u00e8ches<\/figcaption><\/figure>\n\n\n\n<h2 class=\"wp-block-heading\"><span class=\"ez-toc-section\" id=\"Corte_de_Cabelo_Curto_loiro_platinado\"><\/span>Coupe courte blond platine<span class=\"ez-toc-section-end\"><\/span><\/h2>\n\n\n\n<p>Tendance depuis Marilyn Monroe, la coupe courte blond platine continue d&#039;enchanter les femmes et reste une tendance coupe courte forte pour 2024, gagnant en variations.<\/p>\n\n\n\n<figure class=\"wp-block-image size-full\"><img loading=\"lazy\" decoding=\"async\" width=\"760\" height=\"555\" src=\"https:\/\/danidrops.com.br\/wp-content\/uploads\/2023\/10\/38-Corte-de-Cabelo-Curto-loiro-platinado.jpg\" alt=\"Coupe courte blond platine\" class=\"wp-image-85730\" title=\"\" srcset=\"https:\/\/danidrops.com.br\/wp-content\/uploads\/2023\/10\/38-Corte-de-Cabelo-Curto-loiro-platinado.jpg 760w, https:\/\/danidrops.com.br\/wp-content\/uploads\/2023\/10\/38-Corte-de-Cabelo-Curto-loiro-platinado-300x219.jpg 300w, https:\/\/danidrops.com.br\/wp-content\/uploads\/2023\/10\/38-Corte-de-Cabelo-Curto-loiro-platinado-16x12.jpg 16w, https:\/\/danidrops.com.br\/wp-content\/uploads\/2023\/10\/38-Corte-de-Cabelo-Curto-loiro-platinado-150x110.jpg 150w\" sizes=\"auto, (max-width: 760px) 100vw, 760px\" \/><figcaption class=\"wp-element-caption\">Coupe courte blond platine<\/figcaption><\/figure>\n\n\n\n<p>Ce style convient \u00e0 tous les types de cheveux et \u00e0 toutes les carnations, donnant audace et sophistication aux femmes qui souhaitent renouveler leur look. Le blond platine a tendance \u00e0 sublimer le visage et \u00e0 mettre en valeur les traits du visage.<\/p>\n\n\n\n<figure class=\"wp-block-image size-full\"><img loading=\"lazy\" decoding=\"async\" width=\"760\" height=\"555\" src=\"https:\/\/danidrops.com.br\/wp-content\/uploads\/2023\/10\/37-Corte-de-Cabelo-Curto-loiro-platinado.jpg\" alt=\"Coupe courte blond platine\" class=\"wp-image-85729\" title=\"\" srcset=\"https:\/\/danidrops.com.br\/wp-content\/uploads\/2023\/10\/37-Corte-de-Cabelo-Curto-loiro-platinado.jpg 760w, https:\/\/danidrops.com.br\/wp-content\/uploads\/2023\/10\/37-Corte-de-Cabelo-Curto-loiro-platinado-300x219.jpg 300w, https:\/\/danidrops.com.br\/wp-content\/uploads\/2023\/10\/37-Corte-de-Cabelo-Curto-loiro-platinado-16x12.jpg 16w, https:\/\/danidrops.com.br\/wp-content\/uploads\/2023\/10\/37-Corte-de-Cabelo-Curto-loiro-platinado-150x110.jpg 150w\" sizes=\"auto, (max-width: 760px) 100vw, 760px\" \/><figcaption class=\"wp-element-caption\">Coupe courte blond platine<\/figcaption><\/figure>\n\n\n\n<h2 class=\"wp-block-heading\"><span class=\"ez-toc-section\" id=\"Corte_de_Cabelo_Curto_loiro_mel\"><\/span>Coupe courte blond miel<span class=\"ez-toc-section-end\"><\/span><\/h2>\n\n\n\n<p>Pour les femmes qui souhaitent un look lumineux, mais de mani\u00e8re plus naturelle, la coupe courte blond miel apporte des tons dor\u00e9s tr\u00e8s doux, qui donnent une sensation de chaleur et d&#039;\u00e9l\u00e9gance aux cheveux.<\/p>\n\n\n\n<figure class=\"wp-block-image size-full\"><img loading=\"lazy\" decoding=\"async\" width=\"760\" height=\"555\" src=\"https:\/\/danidrops.com.br\/wp-content\/uploads\/2023\/10\/40-Corte-de-Cabelo-Curto-loiro-mel.jpg\" alt=\"Coupe courte blond miel\" class=\"wp-image-85732\" title=\"\" srcset=\"https:\/\/danidrops.com.br\/wp-content\/uploads\/2023\/10\/40-Corte-de-Cabelo-Curto-loiro-mel.jpg 760w, https:\/\/danidrops.com.br\/wp-content\/uploads\/2023\/10\/40-Corte-de-Cabelo-Curto-loiro-mel-300x219.jpg 300w, https:\/\/danidrops.com.br\/wp-content\/uploads\/2023\/10\/40-Corte-de-Cabelo-Curto-loiro-mel-16x12.jpg 16w, https:\/\/danidrops.com.br\/wp-content\/uploads\/2023\/10\/40-Corte-de-Cabelo-Curto-loiro-mel-150x110.jpg 150w\" sizes=\"auto, (max-width: 760px) 100vw, 760px\" \/><figcaption class=\"wp-element-caption\">Coupe courte blond miel<\/figcaption><\/figure>\n\n\n\n<p>Les tons dor\u00e9s donnent un effet \u00e9clat naturel, mettant encore plus en valeur le visage de la femme et lui donnant une apparence plus saine. Pour la femme qui recherche l&#039;\u00e9l\u00e9gance et la sophistication, ce style met en valeur la beaut\u00e9 naturelle du visage sans trop d&#039;effort.<\/p>\n\n\n\n<figure class=\"wp-block-image size-full\"><img loading=\"lazy\" decoding=\"async\" width=\"760\" height=\"555\" src=\"https:\/\/danidrops.com.br\/wp-content\/uploads\/2023\/10\/39-Corte-de-Cabelo-Curto-loiro-mel.jpg\" alt=\"Coupe courte blond miel\" class=\"wp-image-85731\" title=\"\" srcset=\"https:\/\/danidrops.com.br\/wp-content\/uploads\/2023\/10\/39-Corte-de-Cabelo-Curto-loiro-mel.jpg 760w, https:\/\/danidrops.com.br\/wp-content\/uploads\/2023\/10\/39-Corte-de-Cabelo-Curto-loiro-mel-300x219.jpg 300w, https:\/\/danidrops.com.br\/wp-content\/uploads\/2023\/10\/39-Corte-de-Cabelo-Curto-loiro-mel-16x12.jpg 16w, https:\/\/danidrops.com.br\/wp-content\/uploads\/2023\/10\/39-Corte-de-Cabelo-Curto-loiro-mel-150x110.jpg 150w\" sizes=\"auto, (max-width: 760px) 100vw, 760px\" \/><figcaption class=\"wp-element-caption\">Coupe courte blond miel<\/figcaption><\/figure>\n\n\n\n<h2 class=\"wp-block-heading\"><span class=\"ez-toc-section\" id=\"Corte_de_Cabelo_Curto_Preto\"><\/span>Coupe de cheveux courte noire<span class=\"ez-toc-section-end\"><\/span><\/h2>\n\n\n\n<p>La coupe courte noire conf\u00e8re un sentiment plus sophistiqu\u00e9, \u00e9l\u00e9gant et m\u00eame myst\u00e9rieux aux femmes qui souhaitent avoir un style percutant et mettre davantage en valeur les traits de leur visage.<\/p>\n\n\n\n<figure class=\"wp-block-image size-full\"><img loading=\"lazy\" decoding=\"async\" width=\"760\" height=\"555\" src=\"https:\/\/danidrops.com.br\/wp-content\/uploads\/2023\/10\/42-Corte-de-Cabelo-Curto-Preto.jpg\" alt=\"Coupe de cheveux courte noire\" class=\"wp-image-85734\" title=\"\" srcset=\"https:\/\/danidrops.com.br\/wp-content\/uploads\/2023\/10\/42-Corte-de-Cabelo-Curto-Preto.jpg 760w, https:\/\/danidrops.com.br\/wp-content\/uploads\/2023\/10\/42-Corte-de-Cabelo-Curto-Preto-300x219.jpg 300w, https:\/\/danidrops.com.br\/wp-content\/uploads\/2023\/10\/42-Corte-de-Cabelo-Curto-Preto-16x12.jpg 16w, https:\/\/danidrops.com.br\/wp-content\/uploads\/2023\/10\/42-Corte-de-Cabelo-Curto-Preto-150x110.jpg 150w\" sizes=\"auto, (max-width: 760px) 100vw, 760px\" \/><figcaption class=\"wp-element-caption\">Coupe de cheveux courte noire<\/figcaption><\/figure>\n\n\n\n<p>La couleur de ce type de cheveux est g\u00e9n\u00e9ralement assez brillante et refl\u00e8te la lumi\u00e8re de mani\u00e8re unique, donnant \u00e0 la femme une sophistication. De plus, la coupe de cheveux noire courte est assez polyvalente et peut \u00eatre coiff\u00e9e de plusieurs fa\u00e7ons et port\u00e9e par les femmes aux cheveux raides ou m\u00eame ondul\u00e9s.<\/p>\n\n\n\n<figure class=\"wp-block-image size-full\"><img loading=\"lazy\" decoding=\"async\" width=\"760\" height=\"555\" src=\"https:\/\/danidrops.com.br\/wp-content\/uploads\/2023\/10\/41-Corte-de-Cabelo-Curto-Preto.jpg\" alt=\"Coupe de cheveux courte noire\" class=\"wp-image-85733\" title=\"\" srcset=\"https:\/\/danidrops.com.br\/wp-content\/uploads\/2023\/10\/41-Corte-de-Cabelo-Curto-Preto.jpg 760w, https:\/\/danidrops.com.br\/wp-content\/uploads\/2023\/10\/41-Corte-de-Cabelo-Curto-Preto-300x219.jpg 300w, https:\/\/danidrops.com.br\/wp-content\/uploads\/2023\/10\/41-Corte-de-Cabelo-Curto-Preto-16x12.jpg 16w, https:\/\/danidrops.com.br\/wp-content\/uploads\/2023\/10\/41-Corte-de-Cabelo-Curto-Preto-150x110.jpg 150w\" sizes=\"auto, (max-width: 760px) 100vw, 760px\" \/><figcaption class=\"wp-element-caption\">Coupe de cheveux courte noire<\/figcaption><\/figure>\n\n\n\n<h2 class=\"wp-block-heading\"><span class=\"ez-toc-section\" id=\"Corte_de_Cabelo_Curto_Castanho\"><\/span>Coupe de cheveux brune courte<span class=\"ez-toc-section-end\"><\/span><\/h2>\n\n\n\n<p>Les cheveux bruns ne sont pas tous pareils et il existe d&#039;innombrables variantes de coupes de cheveux brunes courtes qui peuvent aller de douces \u00e0 discr\u00e8tes, parfaites pour les femmes qui souhaitent un look plus \u00e9l\u00e9gant et sophistiqu\u00e9, jusqu&#039;\u00e0 des bruns plus brillants, qui sont un charme en soi.<\/p>\n\n\n\n<figure class=\"wp-block-image size-full\"><img loading=\"lazy\" decoding=\"async\" width=\"760\" height=\"555\" src=\"https:\/\/danidrops.com.br\/wp-content\/uploads\/2023\/10\/44-Corte-de-Cabelo-Curto-Castanho.jpg\" alt=\"Coupe de cheveux brune courte\" class=\"wp-image-86070\" title=\"\" srcset=\"https:\/\/danidrops.com.br\/wp-content\/uploads\/2023\/10\/44-Corte-de-Cabelo-Curto-Castanho.jpg 760w, https:\/\/danidrops.com.br\/wp-content\/uploads\/2023\/10\/44-Corte-de-Cabelo-Curto-Castanho-300x219.jpg 300w, https:\/\/danidrops.com.br\/wp-content\/uploads\/2023\/10\/44-Corte-de-Cabelo-Curto-Castanho-16x12.jpg 16w, https:\/\/danidrops.com.br\/wp-content\/uploads\/2023\/10\/44-Corte-de-Cabelo-Curto-Castanho-150x110.jpg 150w\" sizes=\"auto, (max-width: 760px) 100vw, 760px\" \/><figcaption class=\"wp-element-caption\">Coupe de cheveux brune courte<\/figcaption><\/figure>\n\n\n\n<p>Les nuances de brun peuvent varier des bruns plus fonc\u00e9s et plus profonds aux bruns plus clairs et plus vibrants, qui rehaussent la beaut\u00e9 et la personnalit\u00e9 de chaque femme. Choisissez le ton qui convient le mieux \u00e0 votre style et \u00e0 votre teint pour mettre en valeur votre visage !<\/p>\n\n\n\n<figure class=\"wp-block-image size-full\"><img loading=\"lazy\" decoding=\"async\" width=\"760\" height=\"555\" src=\"https:\/\/danidrops.com.br\/wp-content\/uploads\/2023\/10\/43-Corte-de-Cabelo-Curto-Castanho.jpg\" alt=\"Coupe de cheveux brune courte\" class=\"wp-image-86069\" title=\"\" srcset=\"https:\/\/danidrops.com.br\/wp-content\/uploads\/2023\/10\/43-Corte-de-Cabelo-Curto-Castanho.jpg 760w, https:\/\/danidrops.com.br\/wp-content\/uploads\/2023\/10\/43-Corte-de-Cabelo-Curto-Castanho-300x219.jpg 300w, https:\/\/danidrops.com.br\/wp-content\/uploads\/2023\/10\/43-Corte-de-Cabelo-Curto-Castanho-16x12.jpg 16w, https:\/\/danidrops.com.br\/wp-content\/uploads\/2023\/10\/43-Corte-de-Cabelo-Curto-Castanho-150x110.jpg 150w\" sizes=\"auto, (max-width: 760px) 100vw, 760px\" \/><figcaption class=\"wp-element-caption\">Coupe de cheveux brune courte<\/figcaption><\/figure>\n\n\n\n<h2 class=\"wp-block-heading\"><span class=\"ez-toc-section\" id=\"Corte_de_Cabelo_Curto_para_Ruivas\"><\/span>Coupe de cheveux courte pour les rousses<span class=\"ez-toc-section-end\"><\/span><\/h2>\n\n\n\n<p>Pour celles qui souhaitent rehausser encore plus le ton naturel des m\u00e8ches rousses, la coupe courte pour rousse change de look et met en valeur la beaut\u00e9 unique de ce ton. Il existe plusieurs styles de coupes courtes qui conviennent aux cheveux roux, des lutins les plus audacieux aux coupes au carr\u00e9 les plus \u00e9l\u00e9gantes.<\/p>\n\n\n\n<figure class=\"wp-block-image size-full\"><img loading=\"lazy\" decoding=\"async\" width=\"760\" height=\"555\" src=\"https:\/\/danidrops.com.br\/wp-content\/uploads\/2023\/10\/46-Corte-de-Cabelo-Curto-para-Ruivas.jpg\" alt=\"Coupe de cheveux courte pour les rousses\" class=\"wp-image-86072\" title=\"\" srcset=\"https:\/\/danidrops.com.br\/wp-content\/uploads\/2023\/10\/46-Corte-de-Cabelo-Curto-para-Ruivas.jpg 760w, https:\/\/danidrops.com.br\/wp-content\/uploads\/2023\/10\/46-Corte-de-Cabelo-Curto-para-Ruivas-300x219.jpg 300w, https:\/\/danidrops.com.br\/wp-content\/uploads\/2023\/10\/46-Corte-de-Cabelo-Curto-para-Ruivas-16x12.jpg 16w, https:\/\/danidrops.com.br\/wp-content\/uploads\/2023\/10\/46-Corte-de-Cabelo-Curto-para-Ruivas-150x110.jpg 150w\" sizes=\"auto, (max-width: 760px) 100vw, 760px\" \/><figcaption class=\"wp-element-caption\">Coupe de cheveux courte pour les rousses<\/figcaption><\/figure>\n\n\n\n<p>Choisissez une coupe qui met en valeur la couleur naturelle de vos cheveux et apporte de la sophistication \u00e0 votre look. Tenez toujours compte de votre style personnel et de la forme de votre visage pour trouver la meilleure option pour mettre en valeur votre beaut\u00e9.<\/p>\n\n\n\n<figure class=\"wp-block-image size-full\"><img loading=\"lazy\" decoding=\"async\" width=\"760\" height=\"555\" src=\"https:\/\/danidrops.com.br\/wp-content\/uploads\/2023\/10\/45-Corte-de-Cabelo-Curto-para-Ruivas.jpg\" alt=\"Coupe de cheveux courte pour les rousses\" class=\"wp-image-86071\" title=\"\" srcset=\"https:\/\/danidrops.com.br\/wp-content\/uploads\/2023\/10\/45-Corte-de-Cabelo-Curto-para-Ruivas.jpg 760w, https:\/\/danidrops.com.br\/wp-content\/uploads\/2023\/10\/45-Corte-de-Cabelo-Curto-para-Ruivas-300x219.jpg 300w, https:\/\/danidrops.com.br\/wp-content\/uploads\/2023\/10\/45-Corte-de-Cabelo-Curto-para-Ruivas-16x12.jpg 16w, https:\/\/danidrops.com.br\/wp-content\/uploads\/2023\/10\/45-Corte-de-Cabelo-Curto-para-Ruivas-150x110.jpg 150w\" sizes=\"auto, (max-width: 760px) 100vw, 760px\" \/><figcaption class=\"wp-element-caption\">Coupe de cheveux courte pour les rousses<\/figcaption><\/figure>\n\n\n\n<h2 class=\"wp-block-heading\"><span class=\"ez-toc-section\" id=\"Corte_de_Cabelo_Curto_para_gordinhas\"><\/span>Coupe de cheveux courte pour les filles potel\u00e9es<span class=\"ez-toc-section-end\"><\/span><\/h2>\n\n\n\n<p>Les cheveux courts n\u2019\u00e9taient pas r\u00e9serv\u00e9s aux filles minces. Il existe une coupe de cheveux courte pour les filles potel\u00e9es qui apporte style et confiance aux femmes qui souhaitent relooker leur look.<\/p>\n\n\n\n<figure class=\"wp-block-image size-full\"><img loading=\"lazy\" decoding=\"async\" width=\"760\" height=\"555\" src=\"https:\/\/danidrops.com.br\/wp-content\/uploads\/2023\/10\/48-Corte-de-Cabelo-Curto-para-gordinhas.jpg\" alt=\"Coupe de cheveux courte pour les filles potel\u00e9es\" class=\"wp-image-86074\" title=\"\" srcset=\"https:\/\/danidrops.com.br\/wp-content\/uploads\/2023\/10\/48-Corte-de-Cabelo-Curto-para-gordinhas.jpg 760w, https:\/\/danidrops.com.br\/wp-content\/uploads\/2023\/10\/48-Corte-de-Cabelo-Curto-para-gordinhas-300x219.jpg 300w, https:\/\/danidrops.com.br\/wp-content\/uploads\/2023\/10\/48-Corte-de-Cabelo-Curto-para-gordinhas-16x12.jpg 16w, https:\/\/danidrops.com.br\/wp-content\/uploads\/2023\/10\/48-Corte-de-Cabelo-Curto-para-gordinhas-150x110.jpg 150w\" sizes=\"auto, (max-width: 760px) 100vw, 760px\" \/><figcaption class=\"wp-element-caption\">Coupe de cheveux courte pour les filles potel\u00e9es<\/figcaption><\/figure>\n\n\n\n<p>Avoir une coupe de cheveux courte qui met en valeur sa beaut\u00e9 est un choix que chaque femme peut faire, quelle que soit sa morphologie. Un avantage de ce style est que la coupe courte pour les filles potel\u00e9es est tr\u00e8s pratique, en plus d&#039;\u00eatre fra\u00eeche, ce qui rend l&#039;entretien beaucoup plus facile.<\/p>\n\n\n\n<figure class=\"wp-block-image size-full\"><img loading=\"lazy\" decoding=\"async\" width=\"760\" height=\"555\" src=\"https:\/\/danidrops.com.br\/wp-content\/uploads\/2023\/10\/47-Corte-de-Cabelo-Curto-para-gordinhas.jpg\" alt=\"Coupe de cheveux courte pour les filles potel\u00e9es\" class=\"wp-image-86073\" title=\"\" srcset=\"https:\/\/danidrops.com.br\/wp-content\/uploads\/2023\/10\/47-Corte-de-Cabelo-Curto-para-gordinhas.jpg 760w, https:\/\/danidrops.com.br\/wp-content\/uploads\/2023\/10\/47-Corte-de-Cabelo-Curto-para-gordinhas-300x219.jpg 300w, https:\/\/danidrops.com.br\/wp-content\/uploads\/2023\/10\/47-Corte-de-Cabelo-Curto-para-gordinhas-16x12.jpg 16w, https:\/\/danidrops.com.br\/wp-content\/uploads\/2023\/10\/47-Corte-de-Cabelo-Curto-para-gordinhas-150x110.jpg 150w\" sizes=\"auto, (max-width: 760px) 100vw, 760px\" \/><figcaption class=\"wp-element-caption\">Coupe de cheveux courte pour les filles potel\u00e9es<\/figcaption><\/figure>\n\n\n\n<h2 class=\"wp-block-heading\"><span class=\"ez-toc-section\" id=\"Corte_de_Cabelo_Curto_para_morenas\"><\/span>Coupe de cheveux courte pour les brunes<span class=\"ez-toc-section-end\"><\/span><\/h2>\n\n\n\n<p>Pour les femmes qui souhaitent conserver leur ton naturel, la coupe courte pour brunes s&#039;adapte facilement \u00e0 diff\u00e9rents types de cheveux, textures et m\u00eame styles personnels, laissant un look contemporain et pratique.<\/p>\n\n\n\n<figure class=\"wp-block-image size-full\"><img loading=\"lazy\" decoding=\"async\" width=\"760\" height=\"555\" src=\"https:\/\/danidrops.com.br\/wp-content\/uploads\/2023\/10\/50-Corte-de-Cabelo-Curto-para-morenas.jpg\" alt=\"Coupe de cheveux courte pour les brunes\" class=\"wp-image-86076\" title=\"\" srcset=\"https:\/\/danidrops.com.br\/wp-content\/uploads\/2023\/10\/50-Corte-de-Cabelo-Curto-para-morenas.jpg 760w, https:\/\/danidrops.com.br\/wp-content\/uploads\/2023\/10\/50-Corte-de-Cabelo-Curto-para-morenas-300x219.jpg 300w, https:\/\/danidrops.com.br\/wp-content\/uploads\/2023\/10\/50-Corte-de-Cabelo-Curto-para-morenas-16x12.jpg 16w, https:\/\/danidrops.com.br\/wp-content\/uploads\/2023\/10\/50-Corte-de-Cabelo-Curto-para-morenas-150x110.jpg 150w\" sizes=\"auto, (max-width: 760px) 100vw, 760px\" \/><figcaption class=\"wp-element-caption\">Coupe de cheveux courte pour les brunes<\/figcaption><\/figure>\n\n\n\n<p>Les brunes qui veulent \u00eatre audacieuses peuvent se procurer une coupe lutin qui met en valeur leur visage. Les coupes courtes au carr\u00e9 ont tendance \u00e0 rendre le look beaucoup plus sophistiqu\u00e9 et \u00e9l\u00e9gant. Ceux qui souhaitent \u00e9claircir un peu leur visage peuvent avoir une brune m\u00e9ch\u00e9e, qui est une autre tendance des coupes de cheveux courtes pour 2024.<\/p>\n\n\n\n<figure class=\"wp-block-image size-full\"><img loading=\"lazy\" decoding=\"async\" width=\"760\" height=\"555\" src=\"https:\/\/danidrops.com.br\/wp-content\/uploads\/2023\/10\/49-Corte-de-Cabelo-Curto-para-morenas.jpg\" alt=\"Coupe de cheveux courte pour les brunes\" class=\"wp-image-86075\" title=\"\" srcset=\"https:\/\/danidrops.com.br\/wp-content\/uploads\/2023\/10\/49-Corte-de-Cabelo-Curto-para-morenas.jpg 760w, https:\/\/danidrops.com.br\/wp-content\/uploads\/2023\/10\/49-Corte-de-Cabelo-Curto-para-morenas-300x219.jpg 300w, https:\/\/danidrops.com.br\/wp-content\/uploads\/2023\/10\/49-Corte-de-Cabelo-Curto-para-morenas-16x12.jpg 16w, https:\/\/danidrops.com.br\/wp-content\/uploads\/2023\/10\/49-Corte-de-Cabelo-Curto-para-morenas-150x110.jpg 150w\" sizes=\"auto, (max-width: 760px) 100vw, 760px\" \/><figcaption class=\"wp-element-caption\">Coupe de cheveux courte pour les brunes<\/figcaption><\/figure>\n\n\n\n<h2 class=\"wp-block-heading\"><span class=\"ez-toc-section\" id=\"Corte_de_Cabelo_Curto_para_loiras\"><\/span>Coupe de cheveux courte pour les blondes<span class=\"ez-toc-section-end\"><\/span><\/h2>\n\n\n\n<p>Tout comme pour les brunes, la coupe courte pour les blondes est une autre tendance qui apporte une brillance incroyable au visage d&#039;une femme. Parmi toutes les possibilit\u00e9s, ceux qui veulent faire preuve d&#039;audace et transmettre un look plus sensuel peuvent opter pour le platine, qui est super moderne et styl\u00e9.<\/p>\n\n\n\n<figure class=\"wp-block-image size-full\"><img loading=\"lazy\" decoding=\"async\" width=\"760\" height=\"555\" src=\"https:\/\/danidrops.com.br\/wp-content\/uploads\/2023\/10\/52-Corte-de-Cabelo-Curto-para-loiras.jpg\" alt=\"Coupe de cheveux courte pour les blondes\" class=\"wp-image-86078\" title=\"\" srcset=\"https:\/\/danidrops.com.br\/wp-content\/uploads\/2023\/10\/52-Corte-de-Cabelo-Curto-para-loiras.jpg 760w, https:\/\/danidrops.com.br\/wp-content\/uploads\/2023\/10\/52-Corte-de-Cabelo-Curto-para-loiras-300x219.jpg 300w, https:\/\/danidrops.com.br\/wp-content\/uploads\/2023\/10\/52-Corte-de-Cabelo-Curto-para-loiras-16x12.jpg 16w, https:\/\/danidrops.com.br\/wp-content\/uploads\/2023\/10\/52-Corte-de-Cabelo-Curto-para-loiras-150x110.jpg 150w\" sizes=\"auto, (max-width: 760px) 100vw, 760px\" \/><figcaption class=\"wp-element-caption\">Coupe de cheveux courte pour les blondes<\/figcaption><\/figure>\n\n\n\n<p>Les plus romantiques pourront choisir des blondes plus fonc\u00e9es, qui sont tout \u00e0 fait charmantes et donnent un aspect plus naturel. Si vos cheveux sont naturellement blonds, vous pouvez ajouter des reflets plus clairs, ce qui vous donnera un look beaucoup plus \u00e9l\u00e9gant.<\/p>\n\n\n\n<figure class=\"wp-block-image size-full\"><img loading=\"lazy\" decoding=\"async\" width=\"760\" height=\"555\" src=\"https:\/\/danidrops.com.br\/wp-content\/uploads\/2023\/10\/51-Corte-de-Cabelo-Curto-para-loiras.jpg\" alt=\"Coupe de cheveux courte pour les blondes\" class=\"wp-image-86077\" title=\"\" srcset=\"https:\/\/danidrops.com.br\/wp-content\/uploads\/2023\/10\/51-Corte-de-Cabelo-Curto-para-loiras.jpg 760w, https:\/\/danidrops.com.br\/wp-content\/uploads\/2023\/10\/51-Corte-de-Cabelo-Curto-para-loiras-300x219.jpg 300w, https:\/\/danidrops.com.br\/wp-content\/uploads\/2023\/10\/51-Corte-de-Cabelo-Curto-para-loiras-16x12.jpg 16w, https:\/\/danidrops.com.br\/wp-content\/uploads\/2023\/10\/51-Corte-de-Cabelo-Curto-para-loiras-150x110.jpg 150w\" sizes=\"auto, (max-width: 760px) 100vw, 760px\" \/><figcaption class=\"wp-element-caption\">Coupe de cheveux courte pour les blondes<\/figcaption><\/figure>\n\n\n\n<h2 class=\"wp-block-heading\"><span class=\"ez-toc-section\" id=\"Corte_de_Cabelo_Curto_para_negras\"><\/span>Coupe de cheveux courte pour les femmes noires<span class=\"ez-toc-section-end\"><\/span><\/h2>\n\n\n\n<p>Ici le mot-cl\u00e9 est personnalit\u00e9. La coupe de cheveux courte pour femme noire peut \u00eatre facilement adapt\u00e9e \u00e0 diff\u00e9rents styles, textures de cheveux et m\u00eame \u00e0 la personnalit\u00e9 de la femme ainsi qu&#039;\u00e0 son style de vie.<\/p>\n\n\n\n<figure class=\"wp-block-image size-full\"><img loading=\"lazy\" decoding=\"async\" width=\"760\" height=\"555\" src=\"https:\/\/danidrops.com.br\/wp-content\/uploads\/2023\/10\/54-Corte-de-Cabelo-Curto-para-negras.jpg\" alt=\"Coupe de cheveux courte pour les femmes noires\" class=\"wp-image-86080\" title=\"\" srcset=\"https:\/\/danidrops.com.br\/wp-content\/uploads\/2023\/10\/54-Corte-de-Cabelo-Curto-para-negras.jpg 760w, https:\/\/danidrops.com.br\/wp-content\/uploads\/2023\/10\/54-Corte-de-Cabelo-Curto-para-negras-300x219.jpg 300w, https:\/\/danidrops.com.br\/wp-content\/uploads\/2023\/10\/54-Corte-de-Cabelo-Curto-para-negras-16x12.jpg 16w, https:\/\/danidrops.com.br\/wp-content\/uploads\/2023\/10\/54-Corte-de-Cabelo-Curto-para-negras-150x110.jpg 150w\" sizes=\"auto, (max-width: 760px) 100vw, 760px\" \/><figcaption class=\"wp-element-caption\">Coupe de cheveux courte pour les femmes noires<\/figcaption><\/figure>\n\n\n\n<p>Pour les plus audacieux, le lutin continue d&#039;\u00eatre une coupe courte tendance 2024 qui s&#039;adapte facilement \u00e0 des franges plus courtes et m\u00eame avec des c\u00f4t\u00e9s ras\u00e9s, cr\u00e9ant ainsi un joli d\u00e9grad\u00e9.<\/p>\n\n\n\n<figure class=\"wp-block-image size-full\"><img loading=\"lazy\" decoding=\"async\" width=\"760\" height=\"555\" src=\"https:\/\/danidrops.com.br\/wp-content\/uploads\/2023\/10\/53-Corte-de-Cabelo-Curto-para-negras.jpg\" alt=\"Coupe de cheveux courte pour les femmes noires\" class=\"wp-image-86079\" title=\"\" srcset=\"https:\/\/danidrops.com.br\/wp-content\/uploads\/2023\/10\/53-Corte-de-Cabelo-Curto-para-negras.jpg 760w, https:\/\/danidrops.com.br\/wp-content\/uploads\/2023\/10\/53-Corte-de-Cabelo-Curto-para-negras-300x219.jpg 300w, https:\/\/danidrops.com.br\/wp-content\/uploads\/2023\/10\/53-Corte-de-Cabelo-Curto-para-negras-16x12.jpg 16w, https:\/\/danidrops.com.br\/wp-content\/uploads\/2023\/10\/53-Corte-de-Cabelo-Curto-para-negras-150x110.jpg 150w\" sizes=\"auto, (max-width: 760px) 100vw, 760px\" \/><figcaption class=\"wp-element-caption\">Coupe de cheveux courte pour les femmes noires<\/figcaption><\/figure>\n\n\n\n<p>Celles qui souhaitent mettre en valeur la beaut\u00e9 naturelle de leurs cheveux peuvent opter pour une coupe afro courte, qui, en plus d&#039;\u00eatre \u00e9l\u00e9gante, demande peu d&#039;entretien.<\/p>\n\n\n\n<h2 class=\"wp-block-heading\"><span class=\"ez-toc-section\" id=\"Corte_de_Cabelo_Curto_para_senhoras\"><\/span>Coupe de cheveux courte pour dames<span class=\"ez-toc-section-end\"><\/span><\/h2>\n\n\n\n<p>Pour beaucoup de femmes m\u00fbres, il est quasiment impossible d\u2019\u00e9chapper \u00e0 un style, mais la tendance des coupes de cheveux courtes pour dames est d\u2019apporter de la fra\u00eecheur et de la modernit\u00e9 au look.<\/p>\n\n\n\n<figure class=\"wp-block-image size-full\"><img loading=\"lazy\" decoding=\"async\" width=\"760\" height=\"555\" src=\"https:\/\/danidrops.com.br\/wp-content\/uploads\/2023\/10\/56-Corte-de-Cabelo-Curto-para-senhoras.jpg\" alt=\"Coupe de cheveux courte pour dames\" class=\"wp-image-86082\" title=\"\" srcset=\"https:\/\/danidrops.com.br\/wp-content\/uploads\/2023\/10\/56-Corte-de-Cabelo-Curto-para-senhoras.jpg 760w, https:\/\/danidrops.com.br\/wp-content\/uploads\/2023\/10\/56-Corte-de-Cabelo-Curto-para-senhoras-300x219.jpg 300w, https:\/\/danidrops.com.br\/wp-content\/uploads\/2023\/10\/56-Corte-de-Cabelo-Curto-para-senhoras-16x12.jpg 16w, https:\/\/danidrops.com.br\/wp-content\/uploads\/2023\/10\/56-Corte-de-Cabelo-Curto-para-senhoras-150x110.jpg 150w\" sizes=\"auto, (max-width: 760px) 100vw, 760px\" \/><figcaption class=\"wp-element-caption\">Coupe de cheveux courte pour dames<\/figcaption><\/figure>\n\n\n\n<p>Il existe des versions modernes de la coupe courte Chanel, qui ajoutent du charme et sont id\u00e9ales pour ajouter de l&#039;harmonie au visage. Si vous recherchez quelque chose de plus intemporel, optez pour une coupe d\u00e9grad\u00e9e, qui enl\u00e8ve du poids aux cheveux et leur donne du mouvement de mani\u00e8re naturelle.<\/p>\n\n\n\n<figure class=\"wp-block-image size-full\"><img loading=\"lazy\" decoding=\"async\" width=\"760\" height=\"555\" src=\"https:\/\/danidrops.com.br\/wp-content\/uploads\/2023\/10\/55-Corte-de-Cabelo-Curto-para-senhoras.jpg\" alt=\"Coupe de cheveux courte pour dames\" class=\"wp-image-86081\" title=\"\" srcset=\"https:\/\/danidrops.com.br\/wp-content\/uploads\/2023\/10\/55-Corte-de-Cabelo-Curto-para-senhoras.jpg 760w, https:\/\/danidrops.com.br\/wp-content\/uploads\/2023\/10\/55-Corte-de-Cabelo-Curto-para-senhoras-300x219.jpg 300w, https:\/\/danidrops.com.br\/wp-content\/uploads\/2023\/10\/55-Corte-de-Cabelo-Curto-para-senhoras-16x12.jpg 16w, https:\/\/danidrops.com.br\/wp-content\/uploads\/2023\/10\/55-Corte-de-Cabelo-Curto-para-senhoras-150x110.jpg 150w\" sizes=\"auto, (max-width: 760px) 100vw, 760px\" \/><figcaption class=\"wp-element-caption\">Coupe de cheveux courte pour dames<\/figcaption><\/figure>\n\n\n\n<h2 class=\"wp-block-heading\"><span class=\"ez-toc-section\" id=\"Corte_de_Cabelo_Curto_para_rosto_Redondo\"><\/span>Coupe de cheveux courte pour visage rond<span class=\"ez-toc-section-end\"><\/span><\/h2>\n\n\n\n<p>On parle de moins en moins de r\u00e8gles et davantage de style. La coupe courte pour visage rond en est la preuve et nombreuses sont les femmes qui ont choisi de renouveler leur look sans craindre d&#039;\u00eatre heureuses !<\/p>\n\n\n\n<figure class=\"wp-block-image size-full\"><img loading=\"lazy\" decoding=\"async\" width=\"760\" height=\"555\" src=\"https:\/\/danidrops.com.br\/wp-content\/uploads\/2023\/10\/58-Corte-de-Cabelo-Curto-para-rosto-Redondo.jpg\" alt=\"Coupe de cheveux courte pour visage rond\" class=\"wp-image-86084\" title=\"\" srcset=\"https:\/\/danidrops.com.br\/wp-content\/uploads\/2023\/10\/58-Corte-de-Cabelo-Curto-para-rosto-Redondo.jpg 760w, https:\/\/danidrops.com.br\/wp-content\/uploads\/2023\/10\/58-Corte-de-Cabelo-Curto-para-rosto-Redondo-300x219.jpg 300w, https:\/\/danidrops.com.br\/wp-content\/uploads\/2023\/10\/58-Corte-de-Cabelo-Curto-para-rosto-Redondo-16x12.jpg 16w, https:\/\/danidrops.com.br\/wp-content\/uploads\/2023\/10\/58-Corte-de-Cabelo-Curto-para-rosto-Redondo-150x110.jpg 150w\" sizes=\"auto, (max-width: 760px) 100vw, 760px\" \/><figcaption class=\"wp-element-caption\">Coupe de cheveux courte pour visage rond<\/figcaption><\/figure>\n\n\n\n<p>De la baby bang aux lutins audacieux, il existe plusieurs options pour les femmes qui souhaitent fa\u00e7onner leur visage et obtenir un look super tendance. Vous pouvez demander \u00e0 votre coiffeur de cr\u00e9er du volume sur certaines parties pour mettre en valeur votre beaut\u00e9 naturelle.<\/p>\n\n\n\n<figure class=\"wp-block-image size-full\"><img loading=\"lazy\" decoding=\"async\" width=\"760\" height=\"555\" src=\"https:\/\/danidrops.com.br\/wp-content\/uploads\/2023\/10\/57-Corte-de-Cabelo-Curto-para-rosto-Redondo.jpg\" alt=\"Coupe de cheveux courte pour visage rond\" class=\"wp-image-86083\" title=\"\" srcset=\"https:\/\/danidrops.com.br\/wp-content\/uploads\/2023\/10\/57-Corte-de-Cabelo-Curto-para-rosto-Redondo.jpg 760w, https:\/\/danidrops.com.br\/wp-content\/uploads\/2023\/10\/57-Corte-de-Cabelo-Curto-para-rosto-Redondo-300x219.jpg 300w, https:\/\/danidrops.com.br\/wp-content\/uploads\/2023\/10\/57-Corte-de-Cabelo-Curto-para-rosto-Redondo-16x12.jpg 16w, https:\/\/danidrops.com.br\/wp-content\/uploads\/2023\/10\/57-Corte-de-Cabelo-Curto-para-rosto-Redondo-150x110.jpg 150w\" sizes=\"auto, (max-width: 760px) 100vw, 760px\" \/><figcaption class=\"wp-element-caption\">Coupe de cheveux courte pour visage rond<\/figcaption><\/figure>\n\n\n\n<h2 class=\"wp-block-heading\"><span class=\"ez-toc-section\" id=\"Corte_de_Cabelo_Curto_para_rosto_Quadrado\"><\/span>Coupe de cheveux courte pour visage carr\u00e9<span class=\"ez-toc-section-end\"><\/span><\/h2>\n\n\n\n<p>Pour les femmes qui recherchent une coupe courte pour un visage carr\u00e9, la tendance est de rendre le look plus l\u00e9ger, plus doux et plus \u00e9mouvant. Vous pouvez opter pour une frange courte et superpos\u00e9e et une frange plus longue, ce qui rendra le look plus l\u00e9ger et plus \u00e9mouvant.<\/p>\n\n\n\n<figure class=\"wp-block-image size-full\"><img loading=\"lazy\" decoding=\"async\" width=\"760\" height=\"555\" src=\"https:\/\/danidrops.com.br\/wp-content\/uploads\/2023\/10\/60-Corte-de-Cabelo-Curto-para-rosto-Quadrado.jpg\" alt=\"Coupe de cheveux courte pour visage carr\u00e9\" class=\"wp-image-86086\" title=\"\" srcset=\"https:\/\/danidrops.com.br\/wp-content\/uploads\/2023\/10\/60-Corte-de-Cabelo-Curto-para-rosto-Quadrado.jpg 760w, https:\/\/danidrops.com.br\/wp-content\/uploads\/2023\/10\/60-Corte-de-Cabelo-Curto-para-rosto-Quadrado-300x219.jpg 300w, https:\/\/danidrops.com.br\/wp-content\/uploads\/2023\/10\/60-Corte-de-Cabelo-Curto-para-rosto-Quadrado-16x12.jpg 16w, https:\/\/danidrops.com.br\/wp-content\/uploads\/2023\/10\/60-Corte-de-Cabelo-Curto-para-rosto-Quadrado-150x110.jpg 150w\" sizes=\"auto, (max-width: 760px) 100vw, 760px\" \/><figcaption class=\"wp-element-caption\">Coupe de cheveux courte pour visage carr\u00e9<\/figcaption><\/figure>\n\n\n\n<p>Si vous souhaitez un look plus classique et sophistiqu\u00e9, les carr\u00e9s courts aux extr\u00e9mit\u00e9s textur\u00e9es donnent une impression de mouvement et sont une valeur s\u00fbre pour les femmes au visage carr\u00e9.<\/p>\n\n\n\n<figure class=\"wp-block-image size-full\"><img loading=\"lazy\" decoding=\"async\" width=\"760\" height=\"555\" src=\"https:\/\/danidrops.com.br\/wp-content\/uploads\/2023\/10\/59-Corte-de-Cabelo-Curto-para-rosto-Quadrado.jpg\" alt=\"Coupe de cheveux courte pour visage carr\u00e9\" class=\"wp-image-86085\" title=\"\" srcset=\"https:\/\/danidrops.com.br\/wp-content\/uploads\/2023\/10\/59-Corte-de-Cabelo-Curto-para-rosto-Quadrado.jpg 760w, https:\/\/danidrops.com.br\/wp-content\/uploads\/2023\/10\/59-Corte-de-Cabelo-Curto-para-rosto-Quadrado-300x219.jpg 300w, https:\/\/danidrops.com.br\/wp-content\/uploads\/2023\/10\/59-Corte-de-Cabelo-Curto-para-rosto-Quadrado-16x12.jpg 16w, https:\/\/danidrops.com.br\/wp-content\/uploads\/2023\/10\/59-Corte-de-Cabelo-Curto-para-rosto-Quadrado-150x110.jpg 150w\" sizes=\"auto, (max-width: 760px) 100vw, 760px\" \/><figcaption class=\"wp-element-caption\">Coupe de cheveux courte pour visage carr\u00e9<\/figcaption><\/figure>\n\n\n\n<h2 class=\"wp-block-heading\"><span class=\"ez-toc-section\" id=\"Corte_de_Cabelo_Curto_para_rosto_Oval\"><\/span>coupe de cheveux courte pour visage ovale<span class=\"ez-toc-section-end\"><\/span><\/h2>\n\n\n\n<p>L\u2019une des plus courantes, la coupe courte pour visage ovale a tendance \u00e0 rendre vos traits plus harmonieux et doux, ce qui se marie parfaitement avec les traits de votre visage. De plus en plus de femmes recherchent des lutins, qui allongent la ligne du cou.<\/p>\n\n\n\n<figure class=\"wp-block-image size-full\"><img loading=\"lazy\" decoding=\"async\" width=\"760\" height=\"555\" src=\"https:\/\/danidrops.com.br\/wp-content\/uploads\/2023\/10\/62-Corte-de-Cabelo-Curto-para-rosto-Oval.jpg\" alt=\"coupe de cheveux courte pour visage ovale\" class=\"wp-image-86088\" title=\"\" srcset=\"https:\/\/danidrops.com.br\/wp-content\/uploads\/2023\/10\/62-Corte-de-Cabelo-Curto-para-rosto-Oval.jpg 760w, https:\/\/danidrops.com.br\/wp-content\/uploads\/2023\/10\/62-Corte-de-Cabelo-Curto-para-rosto-Oval-300x219.jpg 300w, https:\/\/danidrops.com.br\/wp-content\/uploads\/2023\/10\/62-Corte-de-Cabelo-Curto-para-rosto-Oval-16x12.jpg 16w, https:\/\/danidrops.com.br\/wp-content\/uploads\/2023\/10\/62-Corte-de-Cabelo-Curto-para-rosto-Oval-150x110.jpg 150w\" sizes=\"auto, (max-width: 760px) 100vw, 760px\" \/><figcaption class=\"wp-element-caption\">coupe de cheveux courte pour visage ovale<\/figcaption><\/figure>\n\n\n\n<p>Mais les coupes courtes plus droites mettent \u00e9galement en valeur votre visage, tout en \u00e9tant une option tr\u00e8s moderne et \u00e9l\u00e9gante. Peu d&#039;entretien, vous pouvez facilement coiffer vos cheveux selon l&#039;occasion et la production.<\/p>\n\n\n\n<figure class=\"wp-block-image size-full\"><img loading=\"lazy\" decoding=\"async\" width=\"760\" height=\"555\" src=\"https:\/\/danidrops.com.br\/wp-content\/uploads\/2023\/10\/61-Corte-de-Cabelo-Curto-para-rosto-Oval.jpg\" alt=\"coupe de cheveux courte pour visage ovale\" class=\"wp-image-86087\" title=\"\" srcset=\"https:\/\/danidrops.com.br\/wp-content\/uploads\/2023\/10\/61-Corte-de-Cabelo-Curto-para-rosto-Oval.jpg 760w, https:\/\/danidrops.com.br\/wp-content\/uploads\/2023\/10\/61-Corte-de-Cabelo-Curto-para-rosto-Oval-300x219.jpg 300w, https:\/\/danidrops.com.br\/wp-content\/uploads\/2023\/10\/61-Corte-de-Cabelo-Curto-para-rosto-Oval-16x12.jpg 16w, https:\/\/danidrops.com.br\/wp-content\/uploads\/2023\/10\/61-Corte-de-Cabelo-Curto-para-rosto-Oval-150x110.jpg 150w\" sizes=\"auto, (max-width: 760px) 100vw, 760px\" \/><figcaption class=\"wp-element-caption\">coupe de cheveux courte pour visage ovale<\/figcaption><\/figure>\n\n\n\n<h2 class=\"wp-block-heading\"><span class=\"ez-toc-section\" id=\"Corte_de_Cabelo_Curto_para_rosto_Coracao\"><\/span>Coupe de cheveux courte pour le visage de coeur<span class=\"ez-toc-section-end\"><\/span><\/h2>\n\n\n\n<p>La coupe de cheveux courte pour un visage en forme de c\u0153ur a le pouvoir d\u2019\u00e9quilibrer les traits du visage et de mettre en valeur la beaut\u00e9 des femmes avec cette forme de visage. Pensez aux coupes de cheveux qui adoucissent le front, comme celles avec une frange droite et uniforme sur le c\u00f4t\u00e9.<\/p>\n\n\n\n<figure class=\"wp-block-image size-full\"><img loading=\"lazy\" decoding=\"async\" width=\"760\" height=\"555\" src=\"https:\/\/danidrops.com.br\/wp-content\/uploads\/2023\/10\/64-Corte-de-Cabelo-Curto-para-rosto-Coracao.jpg\" alt=\"Coupe de cheveux courte pour le visage de coeur\" class=\"wp-image-86090\" title=\"\" srcset=\"https:\/\/danidrops.com.br\/wp-content\/uploads\/2023\/10\/64-Corte-de-Cabelo-Curto-para-rosto-Coracao.jpg 760w, https:\/\/danidrops.com.br\/wp-content\/uploads\/2023\/10\/64-Corte-de-Cabelo-Curto-para-rosto-Coracao-300x219.jpg 300w, https:\/\/danidrops.com.br\/wp-content\/uploads\/2023\/10\/64-Corte-de-Cabelo-Curto-para-rosto-Coracao-16x12.jpg 16w, https:\/\/danidrops.com.br\/wp-content\/uploads\/2023\/10\/64-Corte-de-Cabelo-Curto-para-rosto-Coracao-150x110.jpg 150w\" sizes=\"auto, (max-width: 760px) 100vw, 760px\" \/><figcaption class=\"wp-element-caption\">Coupe de cheveux courte pour le visage de coeur<\/figcaption><\/figure>\n\n\n\n<p>Il existe des coupes qui peuvent \u00eatre r\u00e9alis\u00e9es en couches qui allongent \u00e9galement le visage, donnant une touche d&#039;\u00e9l\u00e9gance, comme la coupe de cheveux shaggy, qui a des couches d\u00e9connect\u00e9es et la longueur id\u00e9ale pour mettre en valeur votre visage.<\/p>\n\n\n\n<figure class=\"wp-block-image size-full\"><img loading=\"lazy\" decoding=\"async\" width=\"760\" height=\"555\" src=\"https:\/\/danidrops.com.br\/wp-content\/uploads\/2023\/10\/63-Corte-de-Cabelo-Curto-para-rosto-Coracao.jpg\" alt=\"Coupe de cheveux courte pour le visage de coeur\" class=\"wp-image-86089\" title=\"\" srcset=\"https:\/\/danidrops.com.br\/wp-content\/uploads\/2023\/10\/63-Corte-de-Cabelo-Curto-para-rosto-Coracao.jpg 760w, https:\/\/danidrops.com.br\/wp-content\/uploads\/2023\/10\/63-Corte-de-Cabelo-Curto-para-rosto-Coracao-300x219.jpg 300w, https:\/\/danidrops.com.br\/wp-content\/uploads\/2023\/10\/63-Corte-de-Cabelo-Curto-para-rosto-Coracao-16x12.jpg 16w, https:\/\/danidrops.com.br\/wp-content\/uploads\/2023\/10\/63-Corte-de-Cabelo-Curto-para-rosto-Coracao-150x110.jpg 150w\" sizes=\"auto, (max-width: 760px) 100vw, 760px\" \/><figcaption class=\"wp-element-caption\">Coupe de cheveux courte pour le visage de coeur<\/figcaption><\/figure>\n\n\n\n<h2 class=\"wp-block-heading\"><span class=\"ez-toc-section\" id=\"Corte_de_Cabelo_Curto_para_rosto_longo\"><\/span>Coupe de cheveux courte pour visage long<span class=\"ez-toc-section-end\"><\/span><\/h2>\n\n\n\n<p>Ce type de visage a une forme et une longueur bien d\u00e9finies, donc lorsque vous choisissez une coupe de cheveux courte pour un visage oblong, vous devez privil\u00e9gier les styles qui n&#039;allongent pas encore plus votre visage.<\/p>\n\n\n\n<figure class=\"wp-block-image size-full\"><img loading=\"lazy\" decoding=\"async\" width=\"760\" height=\"555\" src=\"https:\/\/danidrops.com.br\/wp-content\/uploads\/2023\/10\/66-Corte-de-Cabelo-Curto-para-rosto-longo.jpg\" alt=\"Coupe de cheveux courte pour visage long\" class=\"wp-image-86092\" title=\"\" srcset=\"https:\/\/danidrops.com.br\/wp-content\/uploads\/2023\/10\/66-Corte-de-Cabelo-Curto-para-rosto-longo.jpg 760w, https:\/\/danidrops.com.br\/wp-content\/uploads\/2023\/10\/66-Corte-de-Cabelo-Curto-para-rosto-longo-300x219.jpg 300w, https:\/\/danidrops.com.br\/wp-content\/uploads\/2023\/10\/66-Corte-de-Cabelo-Curto-para-rosto-longo-16x12.jpg 16w, https:\/\/danidrops.com.br\/wp-content\/uploads\/2023\/10\/66-Corte-de-Cabelo-Curto-para-rosto-longo-150x110.jpg 150w\" sizes=\"auto, (max-width: 760px) 100vw, 760px\" \/><figcaption class=\"wp-element-caption\">Coupe de cheveux courte pour visage long<\/figcaption><\/figure>\n\n\n\n<p>Parmi elles, les coupes avec un c\u00f4t\u00e9 plus profond ou investir dans des coupes avec des franges de longueur moyenne \u00e0 longue sont des options qui mettront encore plus en valeur votre beaut\u00e9 et votre visage.<\/p>\n\n\n\n<figure class=\"wp-block-image size-full\"><img loading=\"lazy\" decoding=\"async\" width=\"760\" height=\"555\" src=\"https:\/\/danidrops.com.br\/wp-content\/uploads\/2023\/10\/65-Corte-de-Cabelo-Curto-para-rosto-longo.jpg\" alt=\"Coupe de cheveux courte pour visage long\" class=\"wp-image-86091\" title=\"\" srcset=\"https:\/\/danidrops.com.br\/wp-content\/uploads\/2023\/10\/65-Corte-de-Cabelo-Curto-para-rosto-longo.jpg 760w, https:\/\/danidrops.com.br\/wp-content\/uploads\/2023\/10\/65-Corte-de-Cabelo-Curto-para-rosto-longo-300x219.jpg 300w, https:\/\/danidrops.com.br\/wp-content\/uploads\/2023\/10\/65-Corte-de-Cabelo-Curto-para-rosto-longo-16x12.jpg 16w, https:\/\/danidrops.com.br\/wp-content\/uploads\/2023\/10\/65-Corte-de-Cabelo-Curto-para-rosto-longo-150x110.jpg 150w\" sizes=\"auto, (max-width: 760px) 100vw, 760px\" \/><figcaption class=\"wp-element-caption\">Coupe de cheveux courte pour visage long<\/figcaption><\/figure>\n\n\n\n<h2 class=\"wp-block-heading\"><span class=\"ez-toc-section\" id=\"Corte_de_Cabelo_Curto_para_rosto_retangular\"><\/span>Coupe de cheveux courte pour visage rectangulaire<span class=\"ez-toc-section-end\"><\/span><\/h2>\n\n\n\n<p>Les femmes ayant cette forme de visage ont presque les m\u00eames caract\u00e9ristiques que celles ayant un visage oblong. Lorsque vous recherchez une coupe de cheveux courte pour un visage rectangulaire, vous devez travailler \u00e0 adoucir votre visage et \u00e0 \u00e9quilibrer les lignes verticales.<\/p>\n\n\n\n<figure class=\"wp-block-image size-full\"><img loading=\"lazy\" decoding=\"async\" width=\"760\" height=\"555\" src=\"https:\/\/danidrops.com.br\/wp-content\/uploads\/2023\/10\/68-Corte-de-Cabelo-Curto-para-rosto-retangular.jpg\" alt=\"Coupe de cheveux courte pour visage rectangulaire\" class=\"wp-image-86094\" title=\"\" srcset=\"https:\/\/danidrops.com.br\/wp-content\/uploads\/2023\/10\/68-Corte-de-Cabelo-Curto-para-rosto-retangular.jpg 760w, https:\/\/danidrops.com.br\/wp-content\/uploads\/2023\/10\/68-Corte-de-Cabelo-Curto-para-rosto-retangular-300x219.jpg 300w, https:\/\/danidrops.com.br\/wp-content\/uploads\/2023\/10\/68-Corte-de-Cabelo-Curto-para-rosto-retangular-16x12.jpg 16w, https:\/\/danidrops.com.br\/wp-content\/uploads\/2023\/10\/68-Corte-de-Cabelo-Curto-para-rosto-retangular-150x110.jpg 150w\" sizes=\"auto, (max-width: 760px) 100vw, 760px\" \/><figcaption class=\"wp-element-caption\">Coupe de cheveux courte pour visage rectangulaire<\/figcaption><\/figure>\n\n\n\n<p>Vous pouvez choisir des coupes avec une frange qui adoucit votre visage et m\u00eame opter pour des coupes d\u00e9grad\u00e9es, tr\u00e8s pratiques et faciles \u00e0 coiffer, cr\u00e9ant une id\u00e9e de mouvement naturel pour les cheveux.<\/p>\n\n\n\n<figure class=\"wp-block-image size-full\"><img loading=\"lazy\" decoding=\"async\" width=\"760\" height=\"555\" src=\"https:\/\/danidrops.com.br\/wp-content\/uploads\/2023\/10\/67-Corte-de-Cabelo-Curto-para-rosto-retangular.jpg\" alt=\"Coupe de cheveux courte pour visage rectangulaire\" class=\"wp-image-86093\" title=\"\" srcset=\"https:\/\/danidrops.com.br\/wp-content\/uploads\/2023\/10\/67-Corte-de-Cabelo-Curto-para-rosto-retangular.jpg 760w, https:\/\/danidrops.com.br\/wp-content\/uploads\/2023\/10\/67-Corte-de-Cabelo-Curto-para-rosto-retangular-300x219.jpg 300w, https:\/\/danidrops.com.br\/wp-content\/uploads\/2023\/10\/67-Corte-de-Cabelo-Curto-para-rosto-retangular-16x12.jpg 16w, https:\/\/danidrops.com.br\/wp-content\/uploads\/2023\/10\/67-Corte-de-Cabelo-Curto-para-rosto-retangular-150x110.jpg 150w\" sizes=\"auto, (max-width: 760px) 100vw, 760px\" \/><figcaption class=\"wp-element-caption\">Coupe de cheveux courte pour visage rectangulaire<\/figcaption><\/figure>\n\n\n\n<h2 class=\"wp-block-heading\"><span class=\"ez-toc-section\" id=\"Corte_de_Cabelo_Curto_para_rosto_Diamante\"><\/span>Coupe de cheveux courte pour le visage de diamant<span class=\"ez-toc-section-end\"><\/span><\/h2>\n\n\n\n<p>La coupe courte pour un visage en diamant a tendance \u00e0 souligner les lignes horizontales, de sorte que le visage semble plus ovale. Choisissez parmi des shorts asym\u00e9triques qui contribuent \u00e0 \u00e9quilibrer davantage les proportions de votre visage, en adoucissant la m\u00e2choire.<\/p>\n\n\n\n<figure class=\"wp-block-image size-full\"><img loading=\"lazy\" decoding=\"async\" width=\"760\" height=\"555\" src=\"https:\/\/danidrops.com.br\/wp-content\/uploads\/2023\/10\/70Corte-de-Cabelo-Curto-para-rosto-Diamante.jpg\" alt=\"Coupe de cheveux courte pour le visage de diamant\" class=\"wp-image-86096\" title=\"\" srcset=\"https:\/\/danidrops.com.br\/wp-content\/uploads\/2023\/10\/70Corte-de-Cabelo-Curto-para-rosto-Diamante.jpg 760w, https:\/\/danidrops.com.br\/wp-content\/uploads\/2023\/10\/70Corte-de-Cabelo-Curto-para-rosto-Diamante-300x219.jpg 300w, https:\/\/danidrops.com.br\/wp-content\/uploads\/2023\/10\/70Corte-de-Cabelo-Curto-para-rosto-Diamante-16x12.jpg 16w, https:\/\/danidrops.com.br\/wp-content\/uploads\/2023\/10\/70Corte-de-Cabelo-Curto-para-rosto-Diamante-150x110.jpg 150w\" sizes=\"auto, (max-width: 760px) 100vw, 760px\" \/><figcaption class=\"wp-element-caption\">Coupe de cheveux courte pour le visage de diamant<\/figcaption><\/figure>\n\n\n\n<p>Si vous voulez \u00eatre audacieux et choisir un carr\u00e9 court, optez pour ce style jusqu&#039;au menton, qui donnera un look plus \u00e9l\u00e9gant et sophistiqu\u00e9, mettant en valeur vos pommettes et mettant en valeur votre beaut\u00e9.<\/p>\n\n\n\n<figure class=\"wp-block-image size-full\"><img loading=\"lazy\" decoding=\"async\" width=\"760\" height=\"555\" src=\"https:\/\/danidrops.com.br\/wp-content\/uploads\/2023\/10\/69-Corte-de-Cabelo-Curto-para-rosto-Diamante.jpg\" alt=\"Coupe de cheveux courte pour le visage de diamant\" class=\"wp-image-86095\" title=\"\" srcset=\"https:\/\/danidrops.com.br\/wp-content\/uploads\/2023\/10\/69-Corte-de-Cabelo-Curto-para-rosto-Diamante.jpg 760w, https:\/\/danidrops.com.br\/wp-content\/uploads\/2023\/10\/69-Corte-de-Cabelo-Curto-para-rosto-Diamante-300x219.jpg 300w, https:\/\/danidrops.com.br\/wp-content\/uploads\/2023\/10\/69-Corte-de-Cabelo-Curto-para-rosto-Diamante-16x12.jpg 16w, https:\/\/danidrops.com.br\/wp-content\/uploads\/2023\/10\/69-Corte-de-Cabelo-Curto-para-rosto-Diamante-150x110.jpg 150w\" sizes=\"auto, (max-width: 760px) 100vw, 760px\" \/><figcaption class=\"wp-element-caption\">Coupe de cheveux courte pour le visage de diamant<\/figcaption><\/figure>\n\n\n\n<h2 class=\"wp-block-heading\"><span class=\"ez-toc-section\" id=\"Corte_de_Cabelo_Curto_Armado\"><\/span>Coupe de cheveux courte blind\u00e9e<span class=\"ez-toc-section-end\"><\/span><\/h2>\n\n\n\n<p>Pour contr\u00f4ler le volume, une coupe de cheveux courte tress\u00e9e peut aider \u00e0 contr\u00f4ler et \u00e0 r\u00e9partir le volume uniform\u00e9ment sur toute la t\u00eate, \u00e9vitant ainsi au style de para\u00eetre lourd.<\/p>\n\n\n\n<figure class=\"wp-block-image size-full\"><img loading=\"lazy\" decoding=\"async\" width=\"760\" height=\"555\" src=\"https:\/\/danidrops.com.br\/wp-content\/uploads\/2023\/10\/72-Corte-de-Cabelo-Curto-Armado.jpg\" alt=\"Coupe de cheveux courte blind\u00e9e\" class=\"wp-image-86098\" title=\"\" srcset=\"https:\/\/danidrops.com.br\/wp-content\/uploads\/2023\/10\/72-Corte-de-Cabelo-Curto-Armado.jpg 760w, https:\/\/danidrops.com.br\/wp-content\/uploads\/2023\/10\/72-Corte-de-Cabelo-Curto-Armado-300x219.jpg 300w, https:\/\/danidrops.com.br\/wp-content\/uploads\/2023\/10\/72-Corte-de-Cabelo-Curto-Armado-16x12.jpg 16w, https:\/\/danidrops.com.br\/wp-content\/uploads\/2023\/10\/72-Corte-de-Cabelo-Curto-Armado-150x110.jpg 150w\" sizes=\"auto, (max-width: 760px) 100vw, 760px\" \/><figcaption class=\"wp-element-caption\">Coupe de cheveux courte blind\u00e9e<\/figcaption><\/figure>\n\n\n\n<p>Vous pouvez opter pour des coupes style shaggy qui enl\u00e8vent du volume et sont r\u00e9alis\u00e9es en couches, ce qui donne une sensation de l\u00e9g\u00e8ret\u00e9 et de mouvement. Les coupes hach\u00e9es sont \u00e9galement une excellente alternative, car elles donnent un aspect plus doux et naturel.<\/p>\n\n\n\n<figure class=\"wp-block-image size-full\"><img loading=\"lazy\" decoding=\"async\" width=\"760\" height=\"555\" src=\"https:\/\/danidrops.com.br\/wp-content\/uploads\/2023\/10\/71-Corte-de-Cabelo-Curto-Armado.jpg\" alt=\"Coupe de cheveux courte blind\u00e9e\" class=\"wp-image-86097\" title=\"\" srcset=\"https:\/\/danidrops.com.br\/wp-content\/uploads\/2023\/10\/71-Corte-de-Cabelo-Curto-Armado.jpg 760w, https:\/\/danidrops.com.br\/wp-content\/uploads\/2023\/10\/71-Corte-de-Cabelo-Curto-Armado-300x219.jpg 300w, https:\/\/danidrops.com.br\/wp-content\/uploads\/2023\/10\/71-Corte-de-Cabelo-Curto-Armado-16x12.jpg 16w, https:\/\/danidrops.com.br\/wp-content\/uploads\/2023\/10\/71-Corte-de-Cabelo-Curto-Armado-150x110.jpg 150w\" sizes=\"auto, (max-width: 760px) 100vw, 760px\" \/><figcaption class=\"wp-element-caption\">Coupe de cheveux courte blind\u00e9e<\/figcaption><\/figure>\n\n\n\n<h2 class=\"wp-block-heading\"><span class=\"ez-toc-section\" id=\"Corte_de_Cabelo_Curto_Alisado\"><\/span>Coupe de cheveux courte liss\u00e9e<span class=\"ez-toc-section-end\"><\/span><\/h2>\n\n\n\n<p>La coupe courte liss\u00e9e est une option pour les femmes qui souhaitent un look \u00e9l\u00e9gant et sensuel. En plus d&#039;\u00eatre tr\u00e8s pratique, il est super facile \u00e0 entretenir et s&#039;adapte \u00e0 de nombreuses occasions, du travail aux \u00e9v\u00e9nements plus glamour.<\/p>\n\n\n\n<figure class=\"wp-block-image size-full\"><img loading=\"lazy\" decoding=\"async\" width=\"760\" height=\"555\" src=\"https:\/\/danidrops.com.br\/wp-content\/uploads\/2023\/10\/73-Corte-de-Cabelo-Curto-Alisado.jpg\" alt=\"Coupe de cheveux courte liss\u00e9e\" class=\"wp-image-86099\" title=\"\" srcset=\"https:\/\/danidrops.com.br\/wp-content\/uploads\/2023\/10\/73-Corte-de-Cabelo-Curto-Alisado.jpg 760w, https:\/\/danidrops.com.br\/wp-content\/uploads\/2023\/10\/73-Corte-de-Cabelo-Curto-Alisado-300x219.jpg 300w, https:\/\/danidrops.com.br\/wp-content\/uploads\/2023\/10\/73-Corte-de-Cabelo-Curto-Alisado-16x12.jpg 16w, https:\/\/danidrops.com.br\/wp-content\/uploads\/2023\/10\/73-Corte-de-Cabelo-Curto-Alisado-150x110.jpg 150w\" sizes=\"auto, (max-width: 760px) 100vw, 760px\" \/><figcaption class=\"wp-element-caption\">Coupe de cheveux courte liss\u00e9e<\/figcaption><\/figure>\n\n\n\n<p>Pour entretenir ce style, il est important d&#039;investir dans des produits de qualit\u00e9 pour prot\u00e9ger vos cheveux de la chaleur et des frisottis, en plus d&#039;une hydratation r\u00e9guli\u00e8re, pour conserver leur \u00e9clat et leur \u00e9clat naturels.<\/p>\n\n\n\n<figure class=\"wp-block-image size-full\"><img loading=\"lazy\" decoding=\"async\" width=\"760\" height=\"555\" src=\"https:\/\/danidrops.com.br\/wp-content\/uploads\/2023\/10\/74-Corte-de-Cabelo-Curto-Alisado.jpg\" alt=\"Coupe de cheveux courte liss\u00e9e\" class=\"wp-image-86046\" title=\"\" srcset=\"https:\/\/danidrops.com.br\/wp-content\/uploads\/2023\/10\/74-Corte-de-Cabelo-Curto-Alisado.jpg 760w, https:\/\/danidrops.com.br\/wp-content\/uploads\/2023\/10\/74-Corte-de-Cabelo-Curto-Alisado-300x219.jpg 300w, https:\/\/danidrops.com.br\/wp-content\/uploads\/2023\/10\/74-Corte-de-Cabelo-Curto-Alisado-16x12.jpg 16w, https:\/\/danidrops.com.br\/wp-content\/uploads\/2023\/10\/74-Corte-de-Cabelo-Curto-Alisado-150x110.jpg 150w\" sizes=\"auto, (max-width: 760px) 100vw, 760px\" \/><figcaption class=\"wp-element-caption\">Coupe de cheveux courte liss\u00e9e<\/figcaption><\/figure>\n\n\n\n<h2 class=\"wp-block-heading\"><span class=\"ez-toc-section\" id=\"Corte_de_Cabelo_Curto_Amarrado\"><\/span>Coupe de cheveux courte attach\u00e9e<span class=\"ez-toc-section-end\"><\/span><\/h2>\n\n\n\n<p>De nombreuses femmes ont peur de se couper les cheveux parce qu\u2019elles n\u2019ont plus d\u2019options de coiffure. La coupe courte nou\u00e9e est la preuve qu\u2019il est possible d\u2019avoir un style plus l\u00e9ger et romantique, m\u00eame avec les m\u00e8ches les plus courtes.<\/p>\n\n\n\n<figure class=\"wp-block-image size-full\"><img loading=\"lazy\" decoding=\"async\" width=\"760\" height=\"555\" src=\"https:\/\/danidrops.com.br\/wp-content\/uploads\/2023\/10\/76-Corte-de-Cabelo-Curto-Amarrado.jpg\" alt=\"Coupe de cheveux courte attach\u00e9e\" class=\"wp-image-86048\" title=\"\" srcset=\"https:\/\/danidrops.com.br\/wp-content\/uploads\/2023\/10\/76-Corte-de-Cabelo-Curto-Amarrado.jpg 760w, https:\/\/danidrops.com.br\/wp-content\/uploads\/2023\/10\/76-Corte-de-Cabelo-Curto-Amarrado-300x219.jpg 300w, https:\/\/danidrops.com.br\/wp-content\/uploads\/2023\/10\/76-Corte-de-Cabelo-Curto-Amarrado-16x12.jpg 16w, https:\/\/danidrops.com.br\/wp-content\/uploads\/2023\/10\/76-Corte-de-Cabelo-Curto-Amarrado-150x110.jpg 150w\" sizes=\"auto, (max-width: 760px) 100vw, 760px\" \/><figcaption class=\"wp-element-caption\">Coupe de cheveux courte attach\u00e9e<\/figcaption><\/figure>\n\n\n\n<p>Vous pouvez tout utiliser, des n\u0153uds, qui sont une option tr\u00e8s f\u00e9minine et ajoutent une touche de d\u00e9licatesse au look, aux \u00e9pingles \u00e0 cheveux, barrettes et bandeaux, qui vous aideront \u00e0 vous coiffer selon votre personnalit\u00e9 et votre style.<\/p>\n\n\n\n<figure class=\"wp-block-image size-full\"><img loading=\"lazy\" decoding=\"async\" width=\"760\" height=\"555\" src=\"https:\/\/danidrops.com.br\/wp-content\/uploads\/2023\/10\/75-Corte-de-Cabelo-Curto-Amarrado.jpg\" alt=\"Coupe de cheveux courte attach\u00e9e\" class=\"wp-image-86047\" title=\"\" srcset=\"https:\/\/danidrops.com.br\/wp-content\/uploads\/2023\/10\/75-Corte-de-Cabelo-Curto-Amarrado.jpg 760w, https:\/\/danidrops.com.br\/wp-content\/uploads\/2023\/10\/75-Corte-de-Cabelo-Curto-Amarrado-300x219.jpg 300w, https:\/\/danidrops.com.br\/wp-content\/uploads\/2023\/10\/75-Corte-de-Cabelo-Curto-Amarrado-16x12.jpg 16w, https:\/\/danidrops.com.br\/wp-content\/uploads\/2023\/10\/75-Corte-de-Cabelo-Curto-Amarrado-150x110.jpg 150w\" sizes=\"auto, (max-width: 760px) 100vw, 760px\" \/><figcaption class=\"wp-element-caption\">Coupe de cheveux courte attach\u00e9e<\/figcaption><\/figure>\n\n\n\n<h2 class=\"wp-block-heading\"><span class=\"ez-toc-section\" id=\"Corte_de_Cabelo_Curto_Anos_80\"><\/span>Coupe de cheveux courte ann\u00e9es 80<span class=\"ez-toc-section-end\"><\/span><\/h2>\n\n\n\n<p>Une tendance coupe courte ultra hot en 2024, c&#039;est la coupe courte des ann\u00e9es 80, qui a marqu\u00e9 toute une g\u00e9n\u00e9ration et continue d&#039;avoir du succ\u00e8s aujourd&#039;hui ! L\u2019une des caract\u00e9ristiques de ce style est le volume, avec des couches plus prononc\u00e9es, qui cr\u00e9ent un aspect plus textur\u00e9.<\/p>\n\n\n\n<figure class=\"wp-block-image size-full\"><img loading=\"lazy\" decoding=\"async\" width=\"760\" height=\"555\" src=\"https:\/\/danidrops.com.br\/wp-content\/uploads\/2023\/10\/78-Corte-de-Cabelo-Curto-Anos-80.jpg\" alt=\"Coupe de cheveux courte ann\u00e9es 80\" class=\"wp-image-86050\" title=\"\" srcset=\"https:\/\/danidrops.com.br\/wp-content\/uploads\/2023\/10\/78-Corte-de-Cabelo-Curto-Anos-80.jpg 760w, https:\/\/danidrops.com.br\/wp-content\/uploads\/2023\/10\/78-Corte-de-Cabelo-Curto-Anos-80-300x219.jpg 300w, https:\/\/danidrops.com.br\/wp-content\/uploads\/2023\/10\/78-Corte-de-Cabelo-Curto-Anos-80-16x12.jpg 16w, https:\/\/danidrops.com.br\/wp-content\/uploads\/2023\/10\/78-Corte-de-Cabelo-Curto-Anos-80-150x110.jpg 150w\" sizes=\"auto, (max-width: 760px) 100vw, 760px\" \/><figcaption class=\"wp-element-caption\">Coupe de cheveux courte ann\u00e9es 80<\/figcaption><\/figure>\n\n\n\n<p>Pour celles qui n&#039;ont pas peur d&#039;oser, vous pouvez opter pour une frange plus asym\u00e9trique qui vous donnera un look ann\u00e9es 80. Si vous souhaitez un look styl\u00e9, utilisez des mousses et des sprays volumateurs pour cr\u00e9er un look plein d&#039;attitude !<\/p>\n\n\n\n<figure class=\"wp-block-image size-full\"><img loading=\"lazy\" decoding=\"async\" width=\"760\" height=\"555\" src=\"https:\/\/danidrops.com.br\/wp-content\/uploads\/2023\/10\/77-Corte-de-Cabelo-Curto-Anos-80.jpg\" alt=\"Coupe de cheveux courte ann\u00e9es 80\" class=\"wp-image-86049\" title=\"\" srcset=\"https:\/\/danidrops.com.br\/wp-content\/uploads\/2023\/10\/77-Corte-de-Cabelo-Curto-Anos-80.jpg 760w, https:\/\/danidrops.com.br\/wp-content\/uploads\/2023\/10\/77-Corte-de-Cabelo-Curto-Anos-80-300x219.jpg 300w, https:\/\/danidrops.com.br\/wp-content\/uploads\/2023\/10\/77-Corte-de-Cabelo-Curto-Anos-80-16x12.jpg 16w, https:\/\/danidrops.com.br\/wp-content\/uploads\/2023\/10\/77-Corte-de-Cabelo-Curto-Anos-80-150x110.jpg 150w\" sizes=\"auto, (max-width: 760px) 100vw, 760px\" \/><figcaption class=\"wp-element-caption\">Coupe de cheveux courte ann\u00e9es 80<\/figcaption><\/figure>\n\n\n\n<h2 class=\"wp-block-heading\"><span class=\"ez-toc-section\" id=\"Corte_de_Cabelo_Curto_com_babyliss\"><\/span>Coupe courte au fer \u00e0 friser<span class=\"ez-toc-section-end\"><\/span><\/h2>\n\n\n\n<p>Si vous souhaitez changer de style, que ce soit pour r\u00e9aliser une coiffure ou simplement lui donner un look plus l\u00e9ger, la coupe courte au fer \u00e0 friser n&#039;est pas difficile \u00e0 recr\u00e9er et vous aidera \u00e0 en faire une belle r\u00e9ussite.<\/p>\n\n\n\n<figure class=\"wp-block-image size-full\"><img loading=\"lazy\" decoding=\"async\" width=\"760\" height=\"555\" src=\"https:\/\/danidrops.com.br\/wp-content\/uploads\/2023\/10\/80-Corte-de-Cabelo-Curto-com-babyliss.jpg\" alt=\"Coupe courte au fer \u00e0 friser\" class=\"wp-image-86052\" title=\"\" srcset=\"https:\/\/danidrops.com.br\/wp-content\/uploads\/2023\/10\/80-Corte-de-Cabelo-Curto-com-babyliss.jpg 760w, https:\/\/danidrops.com.br\/wp-content\/uploads\/2023\/10\/80-Corte-de-Cabelo-Curto-com-babyliss-300x219.jpg 300w, https:\/\/danidrops.com.br\/wp-content\/uploads\/2023\/10\/80-Corte-de-Cabelo-Curto-com-babyliss-16x12.jpg 16w, https:\/\/danidrops.com.br\/wp-content\/uploads\/2023\/10\/80-Corte-de-Cabelo-Curto-com-babyliss-150x110.jpg 150w\" sizes=\"auto, (max-width: 760px) 100vw, 760px\" \/><figcaption class=\"wp-element-caption\">Coupe courte au fer \u00e0 friser<\/figcaption><\/figure>\n\n\n\n<p>Pour cr\u00e9er un look plus naturel et \u00e9l\u00e9gant, tordez vos cheveux plusieurs fois et laissez les m\u00e8ches hors de l&#039;outil. Cela vous donnera des vagues ouvertes et plus de mouvement. Utilisez toujours des huiles capillaires d\u2019excellente qualit\u00e9 pour prot\u00e9ger vos m\u00e8ches de la chaleur.<\/p>\n\n\n\n<figure class=\"wp-block-image size-full\"><img loading=\"lazy\" decoding=\"async\" width=\"760\" height=\"555\" src=\"https:\/\/danidrops.com.br\/wp-content\/uploads\/2023\/10\/79-Corte-de-Cabelo-Curto-com-babyliss.jpg\" alt=\"Coupe courte au fer \u00e0 friser\" class=\"wp-image-86051\" title=\"\" srcset=\"https:\/\/danidrops.com.br\/wp-content\/uploads\/2023\/10\/79-Corte-de-Cabelo-Curto-com-babyliss.jpg 760w, https:\/\/danidrops.com.br\/wp-content\/uploads\/2023\/10\/79-Corte-de-Cabelo-Curto-com-babyliss-300x219.jpg 300w, https:\/\/danidrops.com.br\/wp-content\/uploads\/2023\/10\/79-Corte-de-Cabelo-Curto-com-babyliss-16x12.jpg 16w, https:\/\/danidrops.com.br\/wp-content\/uploads\/2023\/10\/79-Corte-de-Cabelo-Curto-com-babyliss-150x110.jpg 150w\" sizes=\"auto, (max-width: 760px) 100vw, 760px\" \/><figcaption class=\"wp-element-caption\">Coupe courte au fer \u00e0 friser<\/figcaption><\/figure>\n\n\n\n<h2 class=\"wp-block-heading\"><span class=\"ez-toc-section\" id=\"Corte_de_Cabelo_Curto_Baguncado\"><\/span>Coupe de cheveux courte en d\u00e9sordre<span class=\"ez-toc-section-end\"><\/span><\/h2>\n\n\n\n<p>La coupe de cheveux courte et d\u00e9sordonn\u00e9e est \u00e9galement une autre tendance forte pour l\u2019ann\u00e9e prochaine. Plus proche du style shaggy, vous pouvez r\u00e9aliser cette coupe en plusieurs \u00e9paisseurs, ce qui donnera un look plus d\u00e9contract\u00e9 et moderne \u00e0 votre look.<\/p>\n\n\n\n<figure class=\"wp-block-image size-full\"><img loading=\"lazy\" decoding=\"async\" width=\"760\" height=\"555\" src=\"https:\/\/danidrops.com.br\/wp-content\/uploads\/2023\/10\/82-Corte-de-Cabelo-Curto-Baguncado.jpg\" alt=\"Coupe de cheveux courte en d\u00e9sordre\" class=\"wp-image-86054\" title=\"\" srcset=\"https:\/\/danidrops.com.br\/wp-content\/uploads\/2023\/10\/82-Corte-de-Cabelo-Curto-Baguncado.jpg 760w, https:\/\/danidrops.com.br\/wp-content\/uploads\/2023\/10\/82-Corte-de-Cabelo-Curto-Baguncado-300x219.jpg 300w, https:\/\/danidrops.com.br\/wp-content\/uploads\/2023\/10\/82-Corte-de-Cabelo-Curto-Baguncado-16x12.jpg 16w, https:\/\/danidrops.com.br\/wp-content\/uploads\/2023\/10\/82-Corte-de-Cabelo-Curto-Baguncado-150x110.jpg 150w\" sizes=\"auto, (max-width: 760px) 100vw, 760px\" \/><figcaption class=\"wp-element-caption\">Coupe de cheveux courte en d\u00e9sordre<\/figcaption><\/figure>\n\n\n\n<p>Ce style est parfait pour les femmes qui souhaitent un look plus l\u00e9ger et plus d\u00e9contract\u00e9, tout en ayant beaucoup de personnalit\u00e9. Il semble \u00ab \u00e9chevel\u00e9 \u00bb, mais il est possible d\u2019obtenir cet aspect avec des onguents et des mousses \u00e0 texture l\u00e9g\u00e8re.<\/p>\n\n\n\n<figure class=\"wp-block-image size-full\"><img loading=\"lazy\" decoding=\"async\" width=\"760\" height=\"555\" src=\"https:\/\/danidrops.com.br\/wp-content\/uploads\/2023\/10\/81-Corte-de-Cabelo-Curto-Baguncado.jpg\" alt=\"Coupe de cheveux courte en d\u00e9sordre\" class=\"wp-image-86053\" title=\"\" srcset=\"https:\/\/danidrops.com.br\/wp-content\/uploads\/2023\/10\/81-Corte-de-Cabelo-Curto-Baguncado.jpg 760w, https:\/\/danidrops.com.br\/wp-content\/uploads\/2023\/10\/81-Corte-de-Cabelo-Curto-Baguncado-300x219.jpg 300w, https:\/\/danidrops.com.br\/wp-content\/uploads\/2023\/10\/81-Corte-de-Cabelo-Curto-Baguncado-16x12.jpg 16w, https:\/\/danidrops.com.br\/wp-content\/uploads\/2023\/10\/81-Corte-de-Cabelo-Curto-Baguncado-150x110.jpg 150w\" sizes=\"auto, (max-width: 760px) 100vw, 760px\" \/><figcaption class=\"wp-element-caption\">Coupe de cheveux courte en d\u00e9sordre<\/figcaption><\/figure>\n\n\n\n<h2 class=\"wp-block-heading\"><span class=\"ez-toc-section\" id=\"Corte_de_Cabelo_Curto_com_bico\"><\/span>Coupe de cheveux courte avec bec<span class=\"ez-toc-section-end\"><\/span><\/h2>\n\n\n\n<p>Ce style pr\u00e9sente une forte caract\u00e9ristique de la partie avant avec des brins plus longs. La coupe de cheveux courte avec pointe est parfaite pour les femmes qui souhaitent garder la nuque plus fra\u00eeche, sans perdre leur \u00e9l\u00e9gance et leur charme.<\/p>\n\n\n\n<figure class=\"wp-block-image size-full\"><img loading=\"lazy\" decoding=\"async\" width=\"760\" height=\"555\" src=\"https:\/\/danidrops.com.br\/wp-content\/uploads\/2023\/10\/83-Corte-de-Cabelo-Curto-com-bico.jpg\" alt=\"Coupe de cheveux courte avec bec\" class=\"wp-image-86055\" title=\"\" srcset=\"https:\/\/danidrops.com.br\/wp-content\/uploads\/2023\/10\/83-Corte-de-Cabelo-Curto-com-bico.jpg 760w, https:\/\/danidrops.com.br\/wp-content\/uploads\/2023\/10\/83-Corte-de-Cabelo-Curto-com-bico-300x219.jpg 300w, https:\/\/danidrops.com.br\/wp-content\/uploads\/2023\/10\/83-Corte-de-Cabelo-Curto-com-bico-16x12.jpg 16w, https:\/\/danidrops.com.br\/wp-content\/uploads\/2023\/10\/83-Corte-de-Cabelo-Curto-com-bico-150x110.jpg 150w\" sizes=\"auto, (max-width: 760px) 100vw, 760px\" \/><figcaption class=\"wp-element-caption\">Coupe de cheveux courte avec bec<\/figcaption><\/figure>\n\n\n\n<p>Vous pouvez opter pour des coupes de style Chanel ou bob, qui mettent davantage en valeur la texture des cheveux et de la nuque, faisant de ce style l&#039;un des plus choisis et pr\u00e9f\u00e9r\u00e9s par les femmes qui souhaitent avoir un look plus sensuel et \u00e9quilibr\u00e9.<\/p>\n\n\n\n<figure class=\"wp-block-image size-full\"><img loading=\"lazy\" decoding=\"async\" width=\"760\" height=\"555\" src=\"https:\/\/danidrops.com.br\/wp-content\/uploads\/2023\/10\/84-Corte-de-Cabelo-Curto-com-bico.jpg\" alt=\"Coupe de cheveux courte avec bec\" class=\"wp-image-86056\" title=\"\" srcset=\"https:\/\/danidrops.com.br\/wp-content\/uploads\/2023\/10\/84-Corte-de-Cabelo-Curto-com-bico.jpg 760w, https:\/\/danidrops.com.br\/wp-content\/uploads\/2023\/10\/84-Corte-de-Cabelo-Curto-com-bico-300x219.jpg 300w, https:\/\/danidrops.com.br\/wp-content\/uploads\/2023\/10\/84-Corte-de-Cabelo-Curto-com-bico-16x12.jpg 16w, https:\/\/danidrops.com.br\/wp-content\/uploads\/2023\/10\/84-Corte-de-Cabelo-Curto-com-bico-150x110.jpg 150w\" sizes=\"auto, (max-width: 760px) 100vw, 760px\" \/><figcaption class=\"wp-element-caption\">Coupe de cheveux courte avec bec<\/figcaption><\/figure>\n\n\n\n<p>La coupe courte avec pointe est un style qui convient parfaitement \u00e0 diff\u00e9rents types de cheveux, des plus droits aux plus ondul\u00e9s et boucl\u00e9s, apportant sophistication et polyvalence au look.<\/p>\n\n\n\n<h2 class=\"wp-block-heading\"><span class=\"ez-toc-section\" id=\"Corte_de_Cabelo_Curto_Liso\"><\/span>Coupe de cheveux courte et droite<span class=\"ez-toc-section-end\"><\/span><\/h2>\n\n\n\n<p>Pour les femmes ayant ce type de racine des cheveux, la coupe de cheveux courte et droite reste une option \u00e9l\u00e9gante pour vous donner l\u2019impression d\u2019\u00eatre une vraie diva. Du lutin, qui est le favori de nombreuses femmes, au carr\u00e9 glamour, avec une base plus droite.<\/p>\n\n\n\n<figure class=\"wp-block-image size-full\"><img loading=\"lazy\" decoding=\"async\" width=\"760\" height=\"555\" src=\"https:\/\/danidrops.com.br\/wp-content\/uploads\/2023\/10\/86-Corte-de-Cabelo-Curto-Liso.jpg\" alt=\"Coupe de cheveux courte et droite\" class=\"wp-image-86058\" title=\"\" srcset=\"https:\/\/danidrops.com.br\/wp-content\/uploads\/2023\/10\/86-Corte-de-Cabelo-Curto-Liso.jpg 760w, https:\/\/danidrops.com.br\/wp-content\/uploads\/2023\/10\/86-Corte-de-Cabelo-Curto-Liso-300x219.jpg 300w, https:\/\/danidrops.com.br\/wp-content\/uploads\/2023\/10\/86-Corte-de-Cabelo-Curto-Liso-16x12.jpg 16w, https:\/\/danidrops.com.br\/wp-content\/uploads\/2023\/10\/86-Corte-de-Cabelo-Curto-Liso-150x110.jpg 150w\" sizes=\"auto, (max-width: 760px) 100vw, 760px\" \/><figcaption class=\"wp-element-caption\">Coupe de cheveux courte et droite<\/figcaption><\/figure>\n\n\n\n<p>Si vous souhaitez un peu plus de l\u00e9g\u00e8ret\u00e9 et de mouvement, vous pouvez opter pour la coupe franche, assez sophistiqu\u00e9e et moderne, ou aller radicalement en dopant les m\u00e8ches, ce qui laissera \u00e0 vos cheveux courts un look plein de personnalit\u00e9.<\/p>\n\n\n\n<figure class=\"wp-block-image size-full\"><img loading=\"lazy\" decoding=\"async\" width=\"760\" height=\"555\" src=\"https:\/\/danidrops.com.br\/wp-content\/uploads\/2023\/10\/85-Corte-de-Cabelo-Curto-Liso.jpg\" alt=\"Coupe de cheveux courte et droite\" class=\"wp-image-86057\" title=\"\" srcset=\"https:\/\/danidrops.com.br\/wp-content\/uploads\/2023\/10\/85-Corte-de-Cabelo-Curto-Liso.jpg 760w, https:\/\/danidrops.com.br\/wp-content\/uploads\/2023\/10\/85-Corte-de-Cabelo-Curto-Liso-300x219.jpg 300w, https:\/\/danidrops.com.br\/wp-content\/uploads\/2023\/10\/85-Corte-de-Cabelo-Curto-Liso-16x12.jpg 16w, https:\/\/danidrops.com.br\/wp-content\/uploads\/2023\/10\/85-Corte-de-Cabelo-Curto-Liso-150x110.jpg 150w\" sizes=\"auto, (max-width: 760px) 100vw, 760px\" \/><figcaption class=\"wp-element-caption\">Coupe de cheveux courte et droite<\/figcaption><\/figure>\n\n\n\n<h2 class=\"wp-block-heading\"><span class=\"ez-toc-section\" id=\"Corte_de_Cabelo_Curto_Ondulado\"><\/span>Coupe de cheveux courte ondul\u00e9e<span class=\"ez-toc-section-end\"><\/span><\/h2>\n\n\n\n<p>Plusieurs femmes ont commenc\u00e9 \u00e0 porter fi\u00e8rement les cheveux ondul\u00e9s, et pour celles qui souhaitent une coupe courte ondul\u00e9e pour all\u00e9ger leur look, vous pouvez choisir parmi toutes les vari\u00e9t\u00e9s de cheveux courts.<\/p>\n\n\n\n<figure class=\"wp-block-image size-full\"><img loading=\"lazy\" decoding=\"async\" width=\"760\" height=\"555\" src=\"https:\/\/danidrops.com.br\/wp-content\/uploads\/2023\/10\/88-Corte-de-Cabelo-Curto-Ondulado.jpg\" alt=\"Coupe de cheveux courte ondul\u00e9e\" class=\"wp-image-86060\" title=\"\" srcset=\"https:\/\/danidrops.com.br\/wp-content\/uploads\/2023\/10\/88-Corte-de-Cabelo-Curto-Ondulado.jpg 760w, https:\/\/danidrops.com.br\/wp-content\/uploads\/2023\/10\/88-Corte-de-Cabelo-Curto-Ondulado-300x219.jpg 300w, https:\/\/danidrops.com.br\/wp-content\/uploads\/2023\/10\/88-Corte-de-Cabelo-Curto-Ondulado-16x12.jpg 16w, https:\/\/danidrops.com.br\/wp-content\/uploads\/2023\/10\/88-Corte-de-Cabelo-Curto-Ondulado-150x110.jpg 150w\" sizes=\"auto, (max-width: 760px) 100vw, 760px\" \/><figcaption class=\"wp-element-caption\">Coupe de cheveux courte ondul\u00e9e<\/figcaption><\/figure>\n\n\n\n<p>L&#039;un des favoris des fashionistas, le carr\u00e9 court est un choix qui garantit un look l\u00e9ger et moderne et est parfait pour mettre encore plus en valeur la texture des m\u00e8ches ondul\u00e9es. Le lutin, d\u00e9j\u00e0 connu de beaucoup, est \u00e9galement une autre option tr\u00e8s f\u00e9minine qui montre la ligne du cou.<\/p>\n\n\n\n<figure class=\"wp-block-image size-full\"><img loading=\"lazy\" decoding=\"async\" width=\"760\" height=\"555\" src=\"https:\/\/danidrops.com.br\/wp-content\/uploads\/2023\/10\/87-Corte-de-Cabelo-Curto-Ondulado.jpg\" alt=\"Coupe de cheveux courte ondul\u00e9e\" class=\"wp-image-86059\" title=\"\" srcset=\"https:\/\/danidrops.com.br\/wp-content\/uploads\/2023\/10\/87-Corte-de-Cabelo-Curto-Ondulado.jpg 760w, https:\/\/danidrops.com.br\/wp-content\/uploads\/2023\/10\/87-Corte-de-Cabelo-Curto-Ondulado-300x219.jpg 300w, https:\/\/danidrops.com.br\/wp-content\/uploads\/2023\/10\/87-Corte-de-Cabelo-Curto-Ondulado-16x12.jpg 16w, https:\/\/danidrops.com.br\/wp-content\/uploads\/2023\/10\/87-Corte-de-Cabelo-Curto-Ondulado-150x110.jpg 150w\" sizes=\"auto, (max-width: 760px) 100vw, 760px\" \/><figcaption class=\"wp-element-caption\">Coupe de cheveux courte ondul\u00e9e<\/figcaption><\/figure>\n\n\n\n<p>Pour garder vos cheveux impeccables, choisissez des produits sp\u00e9cifiques pour cheveux ondul\u00e9s et hydratez-les p\u00e9riodiquement pour continuer \u00e0 ajouter brillance et brillance.<\/p>\n\n\n\n<h2 class=\"wp-block-heading\"><span class=\"ez-toc-section\" id=\"Corte_de_Cabelo_Curto_Cacheado\"><\/span>Coupe de cheveux courte boucl\u00e9e<span class=\"ez-toc-section-end\"><\/span><\/h2>\n\n\n\n<p>Il existe plusieurs options de coupes de cheveux courtes et boucl\u00e9es qui peuvent encore am\u00e9liorer la texture naturelle de ce type de cheveux, tout en apportant plus de l\u00e9g\u00e8ret\u00e9 \u00e0 votre look. Le lutin met encore plus en valeur la texture des boucles et peut \u00eatre coiff\u00e9 de diff\u00e9rentes mani\u00e8res selon vos go\u00fbts personnels.<\/p>\n\n\n\n<figure class=\"wp-block-image size-full\"><img loading=\"lazy\" decoding=\"async\" width=\"760\" height=\"555\" src=\"https:\/\/danidrops.com.br\/wp-content\/uploads\/2023\/10\/90-Corte-de-Cabelo-Curto-Cacheado.jpg\" alt=\"Coupe de cheveux courte boucl\u00e9e\" class=\"wp-image-86062\" title=\"\" srcset=\"https:\/\/danidrops.com.br\/wp-content\/uploads\/2023\/10\/90-Corte-de-Cabelo-Curto-Cacheado.jpg 760w, https:\/\/danidrops.com.br\/wp-content\/uploads\/2023\/10\/90-Corte-de-Cabelo-Curto-Cacheado-300x219.jpg 300w, https:\/\/danidrops.com.br\/wp-content\/uploads\/2023\/10\/90-Corte-de-Cabelo-Curto-Cacheado-16x12.jpg 16w, https:\/\/danidrops.com.br\/wp-content\/uploads\/2023\/10\/90-Corte-de-Cabelo-Curto-Cacheado-150x110.jpg 150w\" sizes=\"auto, (max-width: 760px) 100vw, 760px\" \/><figcaption class=\"wp-element-caption\">Coupe de cheveux courte boucl\u00e9e<\/figcaption><\/figure>\n\n\n\n<p>Pour les plus romantiques, la coiffure courte boucl\u00e9e avec frange donne un style plus doux, en plus de former un cadre sur le visage, qui met en valeur vos traits. Vous pouvez utiliser des cr\u00e8mes sp\u00e9cifiques pour les boucles afin de les garder hydrat\u00e9es et d\u00e9finies.<\/p>\n\n\n\n<figure class=\"wp-block-image size-full\"><img loading=\"lazy\" decoding=\"async\" width=\"760\" height=\"555\" src=\"https:\/\/danidrops.com.br\/wp-content\/uploads\/2023\/10\/89-Corte-de-Cabelo-Curto-Cacheado.jpg\" alt=\"Coupe de cheveux courte boucl\u00e9e\" class=\"wp-image-86061\" title=\"\" srcset=\"https:\/\/danidrops.com.br\/wp-content\/uploads\/2023\/10\/89-Corte-de-Cabelo-Curto-Cacheado.jpg 760w, https:\/\/danidrops.com.br\/wp-content\/uploads\/2023\/10\/89-Corte-de-Cabelo-Curto-Cacheado-300x219.jpg 300w, https:\/\/danidrops.com.br\/wp-content\/uploads\/2023\/10\/89-Corte-de-Cabelo-Curto-Cacheado-16x12.jpg 16w, https:\/\/danidrops.com.br\/wp-content\/uploads\/2023\/10\/89-Corte-de-Cabelo-Curto-Cacheado-150x110.jpg 150w\" sizes=\"auto, (max-width: 760px) 100vw, 760px\" \/><figcaption class=\"wp-element-caption\">Coupe de cheveux courte boucl\u00e9e<\/figcaption><\/figure>\n\n\n\n<h2 class=\"wp-block-heading\"><span class=\"ez-toc-section\" id=\"Corte_de_Cabelo_Curto_Crespo\"><\/span>Coupe de cheveux courte boucl\u00e9e<span class=\"ez-toc-section-end\"><\/span><\/h2>\n\n\n\n<p>Si vous avez ce type de cheveux et que vous souhaitez opter pour une coupe courte fris\u00e9e, que ce soit pour ajouter plus de volume ou m\u00eame le contr\u00f4ler, vous \u00eates au bon endroit ! Les cheveux boucl\u00e9s sont pleins de personnalit\u00e9 et de texture et les coupes courtes contribuent \u00e0 mettre encore plus en valeur ces caract\u00e9ristiques.<\/p>\n\n\n\n<figure class=\"wp-block-image size-full\"><img loading=\"lazy\" decoding=\"async\" width=\"760\" height=\"555\" src=\"https:\/\/danidrops.com.br\/wp-content\/uploads\/2023\/10\/92-Corte-de-Cabelo-Curto-Crespo.jpg\" alt=\"Coupe de cheveux courte boucl\u00e9e\" class=\"wp-image-86064\" title=\"\" srcset=\"https:\/\/danidrops.com.br\/wp-content\/uploads\/2023\/10\/92-Corte-de-Cabelo-Curto-Crespo.jpg 760w, https:\/\/danidrops.com.br\/wp-content\/uploads\/2023\/10\/92-Corte-de-Cabelo-Curto-Crespo-300x219.jpg 300w, https:\/\/danidrops.com.br\/wp-content\/uploads\/2023\/10\/92-Corte-de-Cabelo-Curto-Crespo-16x12.jpg 16w, https:\/\/danidrops.com.br\/wp-content\/uploads\/2023\/10\/92-Corte-de-Cabelo-Curto-Crespo-150x110.jpg 150w\" sizes=\"auto, (max-width: 760px) 100vw, 760px\" \/><figcaption class=\"wp-element-caption\">Coupe de cheveux courte boucl\u00e9e<\/figcaption><\/figure>\n\n\n\n<p>Parmi les options figurent le carr\u00e9 bien-aim\u00e9 qui peut \u00eatre port\u00e9 avec une frange et qui est parfait sur les cheveux boucl\u00e9s. Pour celles qui veulent plus de personnalit\u00e9 dans leur look, il y a la forme courte en c\u0153ur, qui est assez charmante et concentre le volume au sommet de la t\u00eate.<\/p>\n\n\n\n<figure class=\"wp-block-image size-full\"><img loading=\"lazy\" decoding=\"async\" width=\"760\" height=\"555\" src=\"https:\/\/danidrops.com.br\/wp-content\/uploads\/2023\/10\/91-Corte-de-Cabelo-Curto-Crespo.jpg\" alt=\"Coupe de cheveux courte boucl\u00e9e\" class=\"wp-image-86063\" title=\"\" srcset=\"https:\/\/danidrops.com.br\/wp-content\/uploads\/2023\/10\/91-Corte-de-Cabelo-Curto-Crespo.jpg 760w, https:\/\/danidrops.com.br\/wp-content\/uploads\/2023\/10\/91-Corte-de-Cabelo-Curto-Crespo-300x219.jpg 300w, https:\/\/danidrops.com.br\/wp-content\/uploads\/2023\/10\/91-Corte-de-Cabelo-Curto-Crespo-16x12.jpg 16w, https:\/\/danidrops.com.br\/wp-content\/uploads\/2023\/10\/91-Corte-de-Cabelo-Curto-Crespo-150x110.jpg 150w\" sizes=\"auto, (max-width: 760px) 100vw, 760px\" \/><figcaption class=\"wp-element-caption\">Coupe de cheveux courte boucl\u00e9e<\/figcaption><\/figure>\n\n\n\n<h2 class=\"wp-block-heading\"><span class=\"ez-toc-section\" id=\"Corte_de_Cabelo_Curto_Desfiado\"><\/span>Coupe de cheveux courte d\u00e9chiquet\u00e9e<span class=\"ez-toc-section-end\"><\/span><\/h2>\n\n\n\n<p>Les femmes qui souhaitent changer de look peuvent opter pour une coupe courte effiloch\u00e9e qui peut \u00eatre r\u00e9alis\u00e9e avec des ciseaux ou m\u00eame un rasoir, selon l&#039;effet souhait\u00e9 et qui correspond \u00e0 votre style personnel.<\/p>\n\n\n\n<figure class=\"wp-block-image size-full\"><img loading=\"lazy\" decoding=\"async\" width=\"760\" height=\"555\" src=\"https:\/\/danidrops.com.br\/wp-content\/uploads\/2023\/10\/94-Corte-de-Cabelo-Curto-Desfiado.jpg\" alt=\"Coupe de cheveux courte d\u00e9chiquet\u00e9e\" class=\"wp-image-86066\" title=\"\" srcset=\"https:\/\/danidrops.com.br\/wp-content\/uploads\/2023\/10\/94-Corte-de-Cabelo-Curto-Desfiado.jpg 760w, https:\/\/danidrops.com.br\/wp-content\/uploads\/2023\/10\/94-Corte-de-Cabelo-Curto-Desfiado-300x219.jpg 300w, https:\/\/danidrops.com.br\/wp-content\/uploads\/2023\/10\/94-Corte-de-Cabelo-Curto-Desfiado-16x12.jpg 16w, https:\/\/danidrops.com.br\/wp-content\/uploads\/2023\/10\/94-Corte-de-Cabelo-Curto-Desfiado-150x110.jpg 150w\" sizes=\"auto, (max-width: 760px) 100vw, 760px\" \/><figcaption class=\"wp-element-caption\">Coupe de cheveux courte d\u00e9chiquet\u00e9e<\/figcaption><\/figure>\n\n\n\n<p>La coupe effiloch\u00e9e convient \u00e0 diff\u00e9rents \u00e2ges et \u00e0 diff\u00e9rents styles, \u00e9tant une option plus l\u00e9g\u00e8re avec un mouvement plus contr\u00f4l\u00e9, laissant un r\u00e9sultat plus harmonieux.<\/p>\n\n\n\n<figure class=\"wp-block-image size-full\"><img loading=\"lazy\" decoding=\"async\" width=\"760\" height=\"555\" src=\"https:\/\/danidrops.com.br\/wp-content\/uploads\/2023\/10\/93-Corte-de-Cabelo-Curto-Desfiado.jpg\" alt=\"Coupe de cheveux courte d\u00e9chiquet\u00e9e\" class=\"wp-image-86065\" title=\"\" srcset=\"https:\/\/danidrops.com.br\/wp-content\/uploads\/2023\/10\/93-Corte-de-Cabelo-Curto-Desfiado.jpg 760w, https:\/\/danidrops.com.br\/wp-content\/uploads\/2023\/10\/93-Corte-de-Cabelo-Curto-Desfiado-300x219.jpg 300w, https:\/\/danidrops.com.br\/wp-content\/uploads\/2023\/10\/93-Corte-de-Cabelo-Curto-Desfiado-16x12.jpg 16w, https:\/\/danidrops.com.br\/wp-content\/uploads\/2023\/10\/93-Corte-de-Cabelo-Curto-Desfiado-150x110.jpg 150w\" sizes=\"auto, (max-width: 760px) 100vw, 760px\" \/><figcaption class=\"wp-element-caption\">Coupe de cheveux courte d\u00e9chiquet\u00e9e<\/figcaption><\/figure>\n\n\n\n<h2 class=\"wp-block-heading\"><span class=\"ez-toc-section\" id=\"Corte_de_Cabelo_Curto_em_Camadas\"><\/span>Coupe de cheveux courte en couches<span class=\"ez-toc-section-end\"><\/span><\/h2>\n\n\n\n<p>La coupe courte en d\u00e9grad\u00e9 peut \u00eatre adopt\u00e9e par les femmes qui souhaitent ajouter du mouvement \u00e0 leurs m\u00e8ches. Que vous ayez des m\u00e8ches droites ou ondul\u00e9es, m\u00eame boucl\u00e9es, la superposition permet de cr\u00e9er plus de texture dans vos cheveux.<\/p>\n\n\n\n<figure class=\"wp-block-image size-full\"><img loading=\"lazy\" decoding=\"async\" width=\"760\" height=\"555\" src=\"https:\/\/danidrops.com.br\/wp-content\/uploads\/2023\/10\/96-Corte-de-Cabelo-Curto-em-Camadas.jpg\" alt=\"Coupe de cheveux courte en couches\" class=\"wp-image-86068\" title=\"\" srcset=\"https:\/\/danidrops.com.br\/wp-content\/uploads\/2023\/10\/96-Corte-de-Cabelo-Curto-em-Camadas.jpg 760w, https:\/\/danidrops.com.br\/wp-content\/uploads\/2023\/10\/96-Corte-de-Cabelo-Curto-em-Camadas-300x219.jpg 300w, https:\/\/danidrops.com.br\/wp-content\/uploads\/2023\/10\/96-Corte-de-Cabelo-Curto-em-Camadas-16x12.jpg 16w, https:\/\/danidrops.com.br\/wp-content\/uploads\/2023\/10\/96-Corte-de-Cabelo-Curto-em-Camadas-150x110.jpg 150w\" sizes=\"auto, (max-width: 760px) 100vw, 760px\" \/><figcaption class=\"wp-element-caption\">Coupe de cheveux courte en couches<\/figcaption><\/figure>\n\n\n\n<p>Ce style est bien connu car il cr\u00e9e de la dimension et du mouvement. Un autre point positif est qu&#039;il s&#039;adapte facilement aux cheveux, n\u00e9cessite tr\u00e8s peu d&#039;entretien et est super pratique \u00e0 coiffer au quotidien, id\u00e9al pour les femmes qui ont des routines plus charg\u00e9es.<\/p>\n\n\n\n<figure class=\"wp-block-image size-full\"><img loading=\"lazy\" decoding=\"async\" width=\"760\" height=\"555\" src=\"https:\/\/danidrops.com.br\/wp-content\/uploads\/2023\/10\/95-Corte-de-Cabelo-Curto-em-Camadas.jpg\" alt=\"Coupe de cheveux courte en couches\" class=\"wp-image-86067\" title=\"\" srcset=\"https:\/\/danidrops.com.br\/wp-content\/uploads\/2023\/10\/95-Corte-de-Cabelo-Curto-em-Camadas.jpg 760w, https:\/\/danidrops.com.br\/wp-content\/uploads\/2023\/10\/95-Corte-de-Cabelo-Curto-em-Camadas-300x219.jpg 300w, https:\/\/danidrops.com.br\/wp-content\/uploads\/2023\/10\/95-Corte-de-Cabelo-Curto-em-Camadas-16x12.jpg 16w, https:\/\/danidrops.com.br\/wp-content\/uploads\/2023\/10\/95-Corte-de-Cabelo-Curto-em-Camadas-150x110.jpg 150w\" sizes=\"auto, (max-width: 760px) 100vw, 760px\" \/><figcaption class=\"wp-element-caption\">Coupe de cheveux courte en couches<\/figcaption><\/figure>\n<div id=\"ez-toc-container\" class=\"ez-toc-v2_0_76 counter-hierarchy ez-toc-counter ez-toc-grey ez-toc-container-direction\">\n<p class=\"ez-toc-title\" style=\"cursor:inherit\">Vous lirez cet article<\/p>\n<label for=\"ez-toc-cssicon-toggle-item-69ef7ccaa0ef6\" class=\"ez-toc-cssicon-toggle-label\"><span class=\"ez-toc-cssicon\"><span class=\"eztoc-hide\" style=\"display:none;\">Basculer<\/span><span class=\"ez-toc-icon-toggle-span\"><svg style=\"fill: #999;color:#999\" xmlns=\"http:\/\/www.w3.org\/2000\/svg\" class=\"list-377408\" width=\"20px\" height=\"20px\" viewbox=\"0 0 24 24\" fill=\"none\"><path d=\"M6 6H4v2h2V6zm14 0H8v2h12V6zM4 11h2v2H4v-2zm16 0H8v2h12v-2zM4 16h2v2H4v-2zm16 0H8v2h12v-2z\" fill=\"currentColor\"><\/path><\/svg><svg style=\"fill: #999;color:#999\" class=\"arrow-unsorted-368013\" xmlns=\"http:\/\/www.w3.org\/2000\/svg\" width=\"10px\" height=\"10px\" viewbox=\"0 0 24 24\" version=\"1.2\" baseprofile=\"tiny\"><path d=\"M18.2 9.3l-6.2-6.3-6.2 6.3c-.2.2-.3.4-.3.7s.1.5.3.7c.2.2.4.3.7.3h11c.3 0 .5-.1.7-.3.2-.2.3-.5.3-.7s-.1-.5-.3-.7zM5.8 14.7l6.2 6.3 6.2-6.3c.2-.2.3-.5.3-.7s-.1-.5-.3-.7c-.2-.2-.4-.3-.7-.3h-11c-.3 0-.5.1-.7.3-.2.2-.3.5-.3.7s.1.5.3.7z\"\/><\/svg><\/span><\/span><\/label><input type=\"checkbox\"  id=\"ez-toc-cssicon-toggle-item-69ef7ccaa0ef6\"  aria-label=\"Basculer\" \/><nav><ul class='ez-toc-list ez-toc-list-level-1' ><li class='ez-toc-page-1 ez-toc-heading-level-2'><a class=\"ez-toc-link ez-toc-heading-1\" href=\"https:\/\/danidrops.com.br\/fr\/coupe-de-cheveux-courte-2024\/#Qual_e_a_tendencia_de_corte_de_cabelo_curto_2024\" >Quelle est la tendance coupe courte 2024 ?<\/a><\/li><li class='ez-toc-page-1 ez-toc-heading-level-2'><a class=\"ez-toc-link ez-toc-heading-2\" href=\"https:\/\/danidrops.com.br\/fr\/coupe-de-cheveux-courte-2024\/#Corte_de_Cabelo_Curto_Chanel\" >Coupe de cheveux courte Chanel<\/a><\/li><li class='ez-toc-page-1 ez-toc-heading-level-2'><a class=\"ez-toc-link ez-toc-heading-3\" href=\"https:\/\/danidrops.com.br\/fr\/coupe-de-cheveux-courte-2024\/#Corte_de_Cabelo_Curto_Ulzzang\" >Coupe de cheveux courte Ulzzang<\/a><\/li><li class='ez-toc-page-1 ez-toc-heading-level-2'><a class=\"ez-toc-link ez-toc-heading-4\" href=\"https:\/\/danidrops.com.br\/fr\/coupe-de-cheveux-courte-2024\/#Corte_de_Cabelo_Curto_Undercut\" >Coupe de cheveux courte Undercut<\/a><\/li><li class='ez-toc-page-1 ez-toc-heading-level-2'><a class=\"ez-toc-link ez-toc-heading-5\" href=\"https:\/\/danidrops.com.br\/fr\/coupe-de-cheveux-courte-2024\/#Corte_de_Cabelo_Curto_Bob\" >Coupe de cheveux courte Bob<\/a><\/li><li class='ez-toc-page-1 ez-toc-heading-level-2'><a class=\"ez-toc-link ez-toc-heading-6\" href=\"https:\/\/danidrops.com.br\/fr\/coupe-de-cheveux-courte-2024\/#Corte_de_Cabelo_Curto_Short_Bob\" >Coupe de cheveux courte Bob<\/a><\/li><li class='ez-toc-page-1 ez-toc-heading-level-2'><a class=\"ez-toc-link ez-toc-heading-7\" href=\"https:\/\/danidrops.com.br\/fr\/coupe-de-cheveux-courte-2024\/#Corte_de_Cabelo_Curto_com_Franja\" >Coupe de cheveux courte avec frange<\/a><\/li><li class='ez-toc-page-1 ez-toc-heading-level-2'><a class=\"ez-toc-link ez-toc-heading-8\" href=\"https:\/\/danidrops.com.br\/fr\/coupe-de-cheveux-courte-2024\/#Corte_de_Cabelo_Curto_Repicado\" >Coupe de cheveux courte<\/a><\/li><li class='ez-toc-page-1 ez-toc-heading-level-2'><a class=\"ez-toc-link ez-toc-heading-9\" href=\"https:\/\/danidrops.com.br\/fr\/coupe-de-cheveux-courte-2024\/#Corte_de_Cabelo_Curto_Pixie\" >Coupe de cheveux courte Pixie<\/a><\/li><li class='ez-toc-page-1 ez-toc-heading-level-2'><a class=\"ez-toc-link ez-toc-heading-10\" href=\"https:\/\/danidrops.com.br\/fr\/coupe-de-cheveux-courte-2024\/#Corte_de_Cabelo_Curto_Pixie_Cut\" >Coupe de cheveux courte Pixie Cut<\/a><\/li><li class='ez-toc-page-1 ez-toc-heading-level-2'><a class=\"ez-toc-link ez-toc-heading-11\" href=\"https:\/\/danidrops.com.br\/fr\/coupe-de-cheveux-courte-2024\/#Corte_de_Cabelo_Curto_Blunt_Cut\" >Coupe de cheveux courte coupe \u00e9mouss\u00e9e<\/a><\/li><li class='ez-toc-page-1 ez-toc-heading-level-2'><a class=\"ez-toc-link ez-toc-heading-12\" href=\"https:\/\/danidrops.com.br\/fr\/coupe-de-cheveux-courte-2024\/#Corte_de_Cabelo_Curto_Baby_Bang\" >Coupe de cheveux courte Baby Bang<\/a><\/li><li class='ez-toc-page-1 ez-toc-heading-level-2'><a class=\"ez-toc-link ez-toc-heading-13\" href=\"https:\/\/danidrops.com.br\/fr\/coupe-de-cheveux-courte-2024\/#Corte_de_Cabelo_Curto_Assimetrico\" >Coupe de cheveux courte asym\u00e9trique<\/a><\/li><li class='ez-toc-page-1 ez-toc-heading-level-2'><a class=\"ez-toc-link ez-toc-heading-14\" href=\"https:\/\/danidrops.com.br\/fr\/coupe-de-cheveux-courte-2024\/#Corte_de_Cabelo_Curto_Cuia\" >Coupe de cheveux courte Cuia<\/a><\/li><li class='ez-toc-page-1 ez-toc-heading-level-2'><a class=\"ez-toc-link ez-toc-heading-15\" href=\"https:\/\/danidrops.com.br\/fr\/coupe-de-cheveux-courte-2024\/#Corte_de_Cabelo_Curto_Raspado\" >Coupe de cheveux ras\u00e9e courte<\/a><\/li><li class='ez-toc-page-1 ez-toc-heading-level-2'><a class=\"ez-toc-link ez-toc-heading-16\" href=\"https:\/\/danidrops.com.br\/fr\/coupe-de-cheveux-courte-2024\/#Corte_de_Cabelo_Curto_Joaozinho\" >Coupe de cheveux courte Johnny<\/a><\/li><li class='ez-toc-page-1 ez-toc-heading-level-2'><a class=\"ez-toc-link ez-toc-heading-17\" href=\"https:\/\/danidrops.com.br\/fr\/coupe-de-cheveux-courte-2024\/#Corte_de_Cabelo_Curto_Raspado_do_lado\" >Coupe de cheveux ras\u00e9e sur le c\u00f4t\u00e9 court<\/a><\/li><li class='ez-toc-page-1 ez-toc-heading-level-2'><a class=\"ez-toc-link ez-toc-heading-18\" href=\"https:\/\/danidrops.com.br\/fr\/coupe-de-cheveux-courte-2024\/#Corte_de_Cabelo_Curto_com_luzes\" >Coupe de cheveux courte avec m\u00e8ches<\/a><\/li><li class='ez-toc-page-1 ez-toc-heading-level-2'><a class=\"ez-toc-link ez-toc-heading-19\" href=\"https:\/\/danidrops.com.br\/fr\/coupe-de-cheveux-courte-2024\/#Corte_de_Cabelo_Curto_loiro_platinado\" >Coupe courte blond platine<\/a><\/li><li class='ez-toc-page-1 ez-toc-heading-level-2'><a class=\"ez-toc-link ez-toc-heading-20\" href=\"https:\/\/danidrops.com.br\/fr\/coupe-de-cheveux-courte-2024\/#Corte_de_Cabelo_Curto_loiro_mel\" >Coupe courte blond miel<\/a><\/li><li class='ez-toc-page-1 ez-toc-heading-level-2'><a class=\"ez-toc-link ez-toc-heading-21\" href=\"https:\/\/danidrops.com.br\/fr\/coupe-de-cheveux-courte-2024\/#Corte_de_Cabelo_Curto_Preto\" >Coupe de cheveux courte noire<\/a><\/li><li class='ez-toc-page-1 ez-toc-heading-level-2'><a class=\"ez-toc-link ez-toc-heading-22\" href=\"https:\/\/danidrops.com.br\/fr\/coupe-de-cheveux-courte-2024\/#Corte_de_Cabelo_Curto_Castanho\" >Coupe de cheveux brune courte<\/a><\/li><li class='ez-toc-page-1 ez-toc-heading-level-2'><a class=\"ez-toc-link ez-toc-heading-23\" href=\"https:\/\/danidrops.com.br\/fr\/coupe-de-cheveux-courte-2024\/#Corte_de_Cabelo_Curto_para_Ruivas\" >Coupe de cheveux courte pour les rousses<\/a><\/li><li class='ez-toc-page-1 ez-toc-heading-level-2'><a class=\"ez-toc-link ez-toc-heading-24\" href=\"https:\/\/danidrops.com.br\/fr\/coupe-de-cheveux-courte-2024\/#Corte_de_Cabelo_Curto_para_gordinhas\" >Coupe de cheveux courte pour les filles potel\u00e9es<\/a><\/li><li class='ez-toc-page-1 ez-toc-heading-level-2'><a class=\"ez-toc-link ez-toc-heading-25\" href=\"https:\/\/danidrops.com.br\/fr\/coupe-de-cheveux-courte-2024\/#Corte_de_Cabelo_Curto_para_morenas\" >Coupe de cheveux courte pour les brunes<\/a><\/li><li class='ez-toc-page-1 ez-toc-heading-level-2'><a class=\"ez-toc-link ez-toc-heading-26\" href=\"https:\/\/danidrops.com.br\/fr\/coupe-de-cheveux-courte-2024\/#Corte_de_Cabelo_Curto_para_loiras\" >Coupe de cheveux courte pour les blondes<\/a><\/li><li class='ez-toc-page-1 ez-toc-heading-level-2'><a class=\"ez-toc-link ez-toc-heading-27\" href=\"https:\/\/danidrops.com.br\/fr\/coupe-de-cheveux-courte-2024\/#Corte_de_Cabelo_Curto_para_negras\" >Coupe de cheveux courte pour les femmes noires<\/a><\/li><li class='ez-toc-page-1 ez-toc-heading-level-2'><a class=\"ez-toc-link ez-toc-heading-28\" href=\"https:\/\/danidrops.com.br\/fr\/coupe-de-cheveux-courte-2024\/#Corte_de_Cabelo_Curto_para_senhoras\" >Coupe de cheveux courte pour dames<\/a><\/li><li class='ez-toc-page-1 ez-toc-heading-level-2'><a class=\"ez-toc-link ez-toc-heading-29\" href=\"https:\/\/danidrops.com.br\/fr\/coupe-de-cheveux-courte-2024\/#Corte_de_Cabelo_Curto_para_rosto_Redondo\" >Coupe de cheveux courte pour visage rond<\/a><\/li><li class='ez-toc-page-1 ez-toc-heading-level-2'><a class=\"ez-toc-link ez-toc-heading-30\" href=\"https:\/\/danidrops.com.br\/fr\/coupe-de-cheveux-courte-2024\/#Corte_de_Cabelo_Curto_para_rosto_Quadrado\" >Coupe de cheveux courte pour visage carr\u00e9<\/a><\/li><li class='ez-toc-page-1 ez-toc-heading-level-2'><a class=\"ez-toc-link ez-toc-heading-31\" href=\"https:\/\/danidrops.com.br\/fr\/coupe-de-cheveux-courte-2024\/#Corte_de_Cabelo_Curto_para_rosto_Oval\" >coupe de cheveux courte pour visage ovale<\/a><\/li><li class='ez-toc-page-1 ez-toc-heading-level-2'><a class=\"ez-toc-link ez-toc-heading-32\" href=\"https:\/\/danidrops.com.br\/fr\/coupe-de-cheveux-courte-2024\/#Corte_de_Cabelo_Curto_para_rosto_Coracao\" >Coupe de cheveux courte pour le visage de coeur<\/a><\/li><li class='ez-toc-page-1 ez-toc-heading-level-2'><a class=\"ez-toc-link ez-toc-heading-33\" href=\"https:\/\/danidrops.com.br\/fr\/coupe-de-cheveux-courte-2024\/#Corte_de_Cabelo_Curto_para_rosto_longo\" >Coupe de cheveux courte pour visage long<\/a><\/li><li class='ez-toc-page-1 ez-toc-heading-level-2'><a class=\"ez-toc-link ez-toc-heading-34\" href=\"https:\/\/danidrops.com.br\/fr\/coupe-de-cheveux-courte-2024\/#Corte_de_Cabelo_Curto_para_rosto_retangular\" >Coupe de cheveux courte pour visage rectangulaire<\/a><\/li><li class='ez-toc-page-1 ez-toc-heading-level-2'><a class=\"ez-toc-link ez-toc-heading-35\" href=\"https:\/\/danidrops.com.br\/fr\/coupe-de-cheveux-courte-2024\/#Corte_de_Cabelo_Curto_para_rosto_Diamante\" >Coupe de cheveux courte pour le visage de diamant<\/a><\/li><li class='ez-toc-page-1 ez-toc-heading-level-2'><a class=\"ez-toc-link ez-toc-heading-36\" href=\"https:\/\/danidrops.com.br\/fr\/coupe-de-cheveux-courte-2024\/#Corte_de_Cabelo_Curto_Armado\" >Coupe de cheveux courte blind\u00e9e<\/a><\/li><li class='ez-toc-page-1 ez-toc-heading-level-2'><a class=\"ez-toc-link ez-toc-heading-37\" href=\"https:\/\/danidrops.com.br\/fr\/coupe-de-cheveux-courte-2024\/#Corte_de_Cabelo_Curto_Alisado\" >Coupe de cheveux courte liss\u00e9e<\/a><\/li><li class='ez-toc-page-1 ez-toc-heading-level-2'><a class=\"ez-toc-link ez-toc-heading-38\" href=\"https:\/\/danidrops.com.br\/fr\/coupe-de-cheveux-courte-2024\/#Corte_de_Cabelo_Curto_Amarrado\" >Coupe de cheveux courte attach\u00e9e<\/a><\/li><li class='ez-toc-page-1 ez-toc-heading-level-2'><a class=\"ez-toc-link ez-toc-heading-39\" href=\"https:\/\/danidrops.com.br\/fr\/coupe-de-cheveux-courte-2024\/#Corte_de_Cabelo_Curto_Anos_80\" >Coupe de cheveux courte ann\u00e9es 80<\/a><\/li><li class='ez-toc-page-1 ez-toc-heading-level-2'><a class=\"ez-toc-link ez-toc-heading-40\" href=\"https:\/\/danidrops.com.br\/fr\/coupe-de-cheveux-courte-2024\/#Corte_de_Cabelo_Curto_com_babyliss\" >Coupe courte au fer \u00e0 friser<\/a><\/li><li class='ez-toc-page-1 ez-toc-heading-level-2'><a class=\"ez-toc-link ez-toc-heading-41\" href=\"https:\/\/danidrops.com.br\/fr\/coupe-de-cheveux-courte-2024\/#Corte_de_Cabelo_Curto_Baguncado\" >Coupe de cheveux courte en d\u00e9sordre<\/a><\/li><li class='ez-toc-page-1 ez-toc-heading-level-2'><a class=\"ez-toc-link ez-toc-heading-42\" href=\"https:\/\/danidrops.com.br\/fr\/coupe-de-cheveux-courte-2024\/#Corte_de_Cabelo_Curto_com_bico\" >Coupe de cheveux courte avec bec<\/a><\/li><li class='ez-toc-page-1 ez-toc-heading-level-2'><a class=\"ez-toc-link ez-toc-heading-43\" href=\"https:\/\/danidrops.com.br\/fr\/coupe-de-cheveux-courte-2024\/#Corte_de_Cabelo_Curto_Liso\" >Coupe de cheveux courte et droite<\/a><\/li><li class='ez-toc-page-1 ez-toc-heading-level-2'><a class=\"ez-toc-link ez-toc-heading-44\" href=\"https:\/\/danidrops.com.br\/fr\/coupe-de-cheveux-courte-2024\/#Corte_de_Cabelo_Curto_Ondulado\" >Coupe de cheveux courte ondul\u00e9e<\/a><\/li><li class='ez-toc-page-1 ez-toc-heading-level-2'><a class=\"ez-toc-link ez-toc-heading-45\" href=\"https:\/\/danidrops.com.br\/fr\/coupe-de-cheveux-courte-2024\/#Corte_de_Cabelo_Curto_Cacheado\" >Coupe de cheveux courte boucl\u00e9e<\/a><\/li><li class='ez-toc-page-1 ez-toc-heading-level-2'><a class=\"ez-toc-link ez-toc-heading-46\" href=\"https:\/\/danidrops.com.br\/fr\/coupe-de-cheveux-courte-2024\/#Corte_de_Cabelo_Curto_Crespo\" >Coupe de cheveux courte boucl\u00e9e<\/a><\/li><li class='ez-toc-page-1 ez-toc-heading-level-2'><a class=\"ez-toc-link ez-toc-heading-47\" href=\"https:\/\/danidrops.com.br\/fr\/coupe-de-cheveux-courte-2024\/#Corte_de_Cabelo_Curto_Desfiado\" >Coupe de cheveux courte d\u00e9chiquet\u00e9e<\/a><\/li><li class='ez-toc-page-1 ez-toc-heading-level-2'><a class=\"ez-toc-link ez-toc-heading-48\" href=\"https:\/\/danidrops.com.br\/fr\/coupe-de-cheveux-courte-2024\/#Corte_de_Cabelo_Curto_em_Camadas\" >Coupe de cheveux courte en couches<\/a><\/li><\/ul><\/nav><\/div>","protected":false},"excerpt":{"rendered":"<p>Une chose est s\u00fbre : la coupe courte 2024 a son propre charme et est super facile \u00e0 coiffer, en plus d&#039;\u00eatre une\u2026<\/p>","protected":false},"author":1,"featured_media":85736,"comment_status":"open","ping_status":"open","sticky":false,"template":"","format":"standard","meta":{"footnotes":""},"categories":[439],"tags":[],"class_list":["post-85712","post","type-post","status-publish","format-standard","has-post-thumbnail","hentry","category-cabelo"],"_links":{"self":[{"href":"https:\/\/danidrops.com.br\/fr\/wp-json\/wp\/v2\/posts\/85712","targetHints":{"allow":["GET"]}}],"collection":[{"href":"https:\/\/danidrops.com.br\/fr\/wp-json\/wp\/v2\/posts"}],"about":[{"href":"https:\/\/danidrops.com.br\/fr\/wp-json\/wp\/v2\/types\/post"}],"author":[{"embeddable":true,"href":"https:\/\/danidrops.com.br\/fr\/wp-json\/wp\/v2\/users\/1"}],"replies":[{"embeddable":true,"href":"https:\/\/danidrops.com.br\/fr\/wp-json\/wp\/v2\/comments?post=85712"}],"version-history":[{"count":0,"href":"https:\/\/danidrops.com.br\/fr\/wp-json\/wp\/v2\/posts\/85712\/revisions"}],"wp:featuredmedia":[{"embeddable":true,"href":"https:\/\/danidrops.com.br\/fr\/wp-json\/wp\/v2\/media\/85736"}],"wp:attachment":[{"href":"https:\/\/danidrops.com.br\/fr\/wp-json\/wp\/v2\/media?parent=85712"}],"wp:term":[{"taxonomy":"category","embeddable":true,"href":"https:\/\/danidrops.com.br\/fr\/wp-json\/wp\/v2\/categories?post=85712"},{"taxonomy":"post_tag","embeddable":true,"href":"https:\/\/danidrops.com.br\/fr\/wp-json\/wp\/v2\/tags?post=85712"}],"curies":[{"name":"wp","href":"https:\/\/api.w.org\/{rel}","templated":true}]}}