{"id":86672,"date":"2023-11-21T02:23:17","date_gmt":"2023-11-21T05:23:17","guid":{"rendered":"https:\/\/danidrops.com.br\/?p=86672"},"modified":"2024-04-27T18:44:43","modified_gmt":"2024-04-27T21:44:43","slug":"coupe-de-cheveux-chanel-2024","status":"publish","type":"post","link":"https:\/\/danidrops.com.br\/fr\/coupe-de-cheveux-chanel-2024\/","title":{"rendered":"Coupe de cheveux Chanel 2024 - D\u00e9couvrez plus de 60 inspirations de coupe de cheveux Chanel"},"content":{"rendered":"<p>O <strong>Coupe de cheveux Chanel 2024<\/strong> C&#039;est le choix parfait pour ceux qui veulent avoir des cheveux courts classiques avec des pointes allong\u00e9es, super modernes et sophistiqu\u00e9s. Chaque ann\u00e9e, ce type de coupe a du succ\u00e8s, car il donne un look super \u00e9l\u00e9gant.<\/p>\n\n\n\n<div class=\"lista-de-chamadas\">\n<div class=\"h-1 bg-cinza-200\">\n<div class=\"w-24 h-full bg-teal-700\"><\/div>\n<\/div>\n<span>Vous adorerez le lire aussi...<\/span>\n<ul>\n<li><a href=\"https:\/\/danidrops.com.br\/fr\/tendance-coupe-de-cheveux-boucles-2025\/\" title=\"Tendance cheveux boucl\u00e9s 2024\">Tendance cheveux boucl\u00e9s 2024 \u2013 Voir plus de 150 inspirations<span class=\"seta\"><\/span><\/a><\/li>\n<\/ul>\n<\/div>\n<script type=\"application\/ld+json\">{\n    \"@context\": \"http:\\\/\\\/schema.org\",\n    \"@type\": \"ViewAction\",\n    \"name\": \"Tend\\u00eancia de Cabelo Cacheado 2024 \",\n    \"description\": \"Ao clicar, voc\\u00ea vai acessar a p\\u00e1gina com a Tend\\u00eancia de Cabelo Cacheado 2024 e ver mais de 100 inspira\\u00e7\\u00f5es\",\n    \"target\": {\n        \"@type\": \"EntryPoint\",\n        \"urlTemplate\": \"https:\\\/\\\/danidrops.com.br\\\/tendencia-corte-de-cabelo-cacheado-2025\\\/\"\n    }\n}<\/script>\n\n\n\n<figure class=\"wp-block-image size-full\"><img loading=\"lazy\" decoding=\"async\" width=\"760\" height=\"555\" src=\"https:\/\/danidrops.com.br\/wp-content\/uploads\/2023\/11\/Corte-de-Cabelo-Chanel-2024.jpg\" alt=\"Coupe de cheveux Chanel 2024\" class=\"wp-image-86738\" title=\"\" srcset=\"https:\/\/danidrops.com.br\/wp-content\/uploads\/2023\/11\/Corte-de-Cabelo-Chanel-2024.jpg 760w, https:\/\/danidrops.com.br\/wp-content\/uploads\/2023\/11\/Corte-de-Cabelo-Chanel-2024-300x219.jpg 300w, https:\/\/danidrops.com.br\/wp-content\/uploads\/2023\/11\/Corte-de-Cabelo-Chanel-2024-16x12.jpg 16w, https:\/\/danidrops.com.br\/wp-content\/uploads\/2023\/11\/Corte-de-Cabelo-Chanel-2024-150x110.jpg 150w\" sizes=\"auto, (max-width: 760px) 100vw, 760px\" \/><figcaption class=\"wp-element-caption\">Coupe de cheveux Chanel 2024<\/figcaption><\/figure>\n\n\n\n<figure class=\"wp-block-image size-full\"><img loading=\"lazy\" decoding=\"async\" width=\"760\" height=\"555\" src=\"https:\/\/danidrops.com.br\/wp-content\/uploads\/2023\/11\/Corte-de-Cabelo-Chanel-2024-2.jpg\" alt=\"Coupe de cheveux Chanel 2024\" class=\"wp-image-86737\" title=\"\" srcset=\"https:\/\/danidrops.com.br\/wp-content\/uploads\/2023\/11\/Corte-de-Cabelo-Chanel-2024-2.jpg 760w, https:\/\/danidrops.com.br\/wp-content\/uploads\/2023\/11\/Corte-de-Cabelo-Chanel-2024-2-300x219.jpg 300w, https:\/\/danidrops.com.br\/wp-content\/uploads\/2023\/11\/Corte-de-Cabelo-Chanel-2024-2-16x12.jpg 16w, https:\/\/danidrops.com.br\/wp-content\/uploads\/2023\/11\/Corte-de-Cabelo-Chanel-2024-2-150x110.jpg 150w\" sizes=\"auto, (max-width: 760px) 100vw, 760px\" \/><figcaption class=\"wp-element-caption\">Coupe de cheveux Chanel 2024<\/figcaption><\/figure>\n\n\n\n<script type=\"application\/ld+json\">{\n    \"@context\": \"https:\\\/\\\/schema.org\",\n    \"@type\": \"FAQPage\",\n    \"mainEntity\": {\n        \"@type\": \"Question\",\n        \"name\": \"Qual \\u00e9 a tend\\u00eancia de corte de cabelo chanel 2024?\",\n        \"acceptedAnswer\": {\n            \"@type\": \"Answer\",\n            \"text\": \"Os cortes de cabelo chanel que est\\u00e3o na moda s\\u00e3o: Corte de Cabelo Chanel de Bico Longo, Corte de Cabelo Chanel de Bico M\\u00e9dio, Corte de Cabelo Chanel com Franja, Corte de Cabelo Chanel com Luzes, Corte de Cabelo Chanel Repicado, Corte de Cabelo Chanel Crespo, Corte de Cabelo Chanel Cacheado, Corte de Cabelo Chanel Ondulado, Corte de Cabelo Chanel Liso, Corte de Cabelo Chanel Loiro, Corte de Cabelo Chanel Armado, Corte de Cabelo Chanel Anos 80, Corte de Cabelo Chanel Alisado, Corte de Cabelo Chanel Assim\\u00e9trico, Corte de Cabelo Chanel Anos 90, Corte de Cabelo Chanel Alongado, Corte de Cabelo Chanel Curto, Corte de Cabelo Chanel Longo, Corte de Cabelo Chanel M\\u00e9dio, Corte de Cabelo Chanel de Bico Curto\"\n        }\n    }\n}<\/script>\n\n\n\n<h2 class=\"wp-block-heading\"><span class=\"ez-toc-section\" id=\"Qual_e_a_tendencia_de_corte_de_cabelo_chanel_2024\"><\/span>Quelle est la tendance coupe de cheveux Chanel 2024 ?<span class=\"ez-toc-section-end\"><\/span><\/h2>\n\n\n\n<p>Tu <strong>Les coupes de cheveux Chanel \u00e0 la mode<\/strong> sommes:<\/p>\n\n\n\n<ul class=\"wp-block-list\">\n<li>Coupe de cheveux Chanel long bec<\/li>\n\n\n\n<li>Coupe de cheveux Chanel nez moyen<\/li>\n\n\n\n<li>Coupe de cheveux Chanel avec frange<\/li>\n\n\n\n<li>Coupe de cheveux Chanel avec des reflets<\/li>\n\n\n\n<li>Coupe de cheveux en pointe Chanel<\/li>\n\n\n\n<li>Coupe de cheveux Chanel Crespo<\/li>\n\n\n\n<li>Coupe de cheveux boucl\u00e9s Chanel<\/li>\n\n\n\n<li>Coupe de cheveux Chanel ondul\u00e9e<\/li>\n\n\n\n<li>Coupe de cheveux droite Chanel<\/li>\n\n\n\n<li>Coupe de cheveux blonde Chanel<\/li>\n\n\n\n<li>Coupe de cheveux Chanel Armado<\/li>\n\n\n\n<li>Coupe de cheveux Chanel des ann\u00e9es 80<\/li>\n\n\n\n<li>Coupe de cheveux liss\u00e9e Chanel<\/li>\n\n\n\n<li>Coupe de cheveux Chanel asym\u00e9trique<\/li>\n\n\n\n<li>Coupe de cheveux Chanel des ann\u00e9es 90<\/li>\n\n\n\n<li>Coupe de cheveux Chanel allong\u00e9e<\/li>\n\n\n\n<li>Coupe de cheveux courte Chanel<\/li>\n\n\n\n<li>Coupe de cheveux longue Chanel<\/li>\n\n\n\n<li>Coupe de cheveux Chanel moyenne<\/li>\n\n\n\n<li>Coupe de cheveux Chanel nez court<\/li>\n<\/ul>\n\n\n\n<h2 class=\"wp-block-heading\"><span class=\"ez-toc-section\" id=\"Corte_de_Cabelo_Chanel_Armado\"><\/span>Coupe de cheveux Chanel Armado<span class=\"ez-toc-section-end\"><\/span><\/h2>\n\n\n\n<p>La coupe de cheveux chignon Chanel est parfaite pour les femmes qui souhaitent des cheveux courts ou moyens avec beaucoup de volume. Parce qu\u2019elle a un volume diff\u00e9rent, cette coiffure est recommand\u00e9e aux femmes \u00e0 forte personnalit\u00e9.<\/p>\n\n\n\n<figure class=\"wp-block-image size-full\"><img loading=\"lazy\" decoding=\"async\" width=\"760\" height=\"555\" src=\"https:\/\/danidrops.com.br\/wp-content\/uploads\/2023\/11\/Corte-de-Cabelo-Chanel-Armado-1.jpg\" alt=\"Coupe de cheveux Chanel Armado\" class=\"wp-image-86718\" title=\"\" srcset=\"https:\/\/danidrops.com.br\/wp-content\/uploads\/2023\/11\/Corte-de-Cabelo-Chanel-Armado-1.jpg 760w, https:\/\/danidrops.com.br\/wp-content\/uploads\/2023\/11\/Corte-de-Cabelo-Chanel-Armado-1-300x219.jpg 300w, https:\/\/danidrops.com.br\/wp-content\/uploads\/2023\/11\/Corte-de-Cabelo-Chanel-Armado-1-16x12.jpg 16w, https:\/\/danidrops.com.br\/wp-content\/uploads\/2023\/11\/Corte-de-Cabelo-Chanel-Armado-1-150x110.jpg 150w\" sizes=\"auto, (max-width: 760px) 100vw, 760px\" \/><figcaption class=\"wp-element-caption\">Coupe de cheveux Chanel Armado<\/figcaption><\/figure>\n\n\n\n<p>Si vous souhaitez adopter avec style la coupe Chanel 2024, optez pour des versions termin\u00e9es par des vagues ou des boucles, car ainsi le volume est garanti. De plus, vous devez toujours finir vos cheveux de la meilleure fa\u00e7on possible, pour garantir longtemps volume et d\u00e9finition.<\/p>\n\n\n\n<figure class=\"wp-block-image size-full\"><img loading=\"lazy\" decoding=\"async\" width=\"760\" height=\"555\" src=\"https:\/\/danidrops.com.br\/wp-content\/uploads\/2023\/11\/Corte-de-Cabelo-Chanel-Armado-2-1.jpg\" alt=\"Coupe de cheveux Chanel Armado\" class=\"wp-image-86717\" title=\"\" srcset=\"https:\/\/danidrops.com.br\/wp-content\/uploads\/2023\/11\/Corte-de-Cabelo-Chanel-Armado-2-1.jpg 760w, https:\/\/danidrops.com.br\/wp-content\/uploads\/2023\/11\/Corte-de-Cabelo-Chanel-Armado-2-1-300x219.jpg 300w, https:\/\/danidrops.com.br\/wp-content\/uploads\/2023\/11\/Corte-de-Cabelo-Chanel-Armado-2-1-16x12.jpg 16w, https:\/\/danidrops.com.br\/wp-content\/uploads\/2023\/11\/Corte-de-Cabelo-Chanel-Armado-2-1-150x110.jpg 150w\" sizes=\"auto, (max-width: 760px) 100vw, 760px\" \/><figcaption class=\"wp-element-caption\">Coupe de cheveux Chanel Armado<\/figcaption><\/figure>\n\n\n\n<h2 class=\"wp-block-heading\"><span class=\"ez-toc-section\" id=\"Corte_de_Cabelo_Chanel_Anos_80\"><\/span>Coupe de cheveux Chanel des ann\u00e9es 80<span class=\"ez-toc-section-end\"><\/span><\/h2>\n\n\n\n<p>La coupe de cheveux Chanel des ann\u00e9es 80 est \u00e9galement un classique depuis sa cr\u00e9ation et en 2024 elle sera encore plus appr\u00e9ci\u00e9e des femmes. Sa grande diff\u00e9rence r\u00e9side dans les extr\u00e9mit\u00e9s d\u00e9connect\u00e9es et volumineuses, et la plupart du temps une frange est ajout\u00e9e \u00e0 la coupe.<\/p>\n\n\n\n<figure class=\"wp-block-image size-full\"><img loading=\"lazy\" decoding=\"async\" width=\"760\" height=\"555\" src=\"https:\/\/danidrops.com.br\/wp-content\/uploads\/2023\/11\/Corte-de-Cabelo-Chanel-Anos-80-2-1.jpg\" alt=\"Coupe de cheveux Chanel des ann\u00e9es 80\" class=\"wp-image-86733\" title=\"\" srcset=\"https:\/\/danidrops.com.br\/wp-content\/uploads\/2023\/11\/Corte-de-Cabelo-Chanel-Anos-80-2-1.jpg 760w, https:\/\/danidrops.com.br\/wp-content\/uploads\/2023\/11\/Corte-de-Cabelo-Chanel-Anos-80-2-1-300x219.jpg 300w, https:\/\/danidrops.com.br\/wp-content\/uploads\/2023\/11\/Corte-de-Cabelo-Chanel-Anos-80-2-1-16x12.jpg 16w, https:\/\/danidrops.com.br\/wp-content\/uploads\/2023\/11\/Corte-de-Cabelo-Chanel-Anos-80-2-1-150x110.jpg 150w\" sizes=\"auto, (max-width: 760px) 100vw, 760px\" \/><figcaption class=\"wp-element-caption\">Coupe de cheveux Chanel des ann\u00e9es 80<\/figcaption><\/figure>\n\n\n\n<figure class=\"wp-block-image size-full\"><img loading=\"lazy\" decoding=\"async\" width=\"760\" height=\"555\" src=\"https:\/\/danidrops.com.br\/wp-content\/uploads\/2023\/11\/Corte-de-Cabelo-Chanel-Anos-80-1.jpg\" alt=\"Coupe de cheveux Chanel des ann\u00e9es 80\" class=\"wp-image-86714\" title=\"\" srcset=\"https:\/\/danidrops.com.br\/wp-content\/uploads\/2023\/11\/Corte-de-Cabelo-Chanel-Anos-80-1.jpg 760w, https:\/\/danidrops.com.br\/wp-content\/uploads\/2023\/11\/Corte-de-Cabelo-Chanel-Anos-80-1-300x219.jpg 300w, https:\/\/danidrops.com.br\/wp-content\/uploads\/2023\/11\/Corte-de-Cabelo-Chanel-Anos-80-1-16x12.jpg 16w, https:\/\/danidrops.com.br\/wp-content\/uploads\/2023\/11\/Corte-de-Cabelo-Chanel-Anos-80-1-150x110.jpg 150w\" sizes=\"auto, (max-width: 760px) 100vw, 760px\" \/><figcaption class=\"wp-element-caption\">Coupe de cheveux Chanel des ann\u00e9es 80<\/figcaption><\/figure>\n\n\n\n<h2 class=\"wp-block-heading\"><span class=\"ez-toc-section\" id=\"Corte_de_Cabelo_Chanel_Alisado\"><\/span>Coupe de cheveux liss\u00e9e Chanel<span class=\"ez-toc-section-end\"><\/span><\/h2>\n\n\n\n<p>Dans la coupe de cheveux redress\u00e9e de Chanel, vous pouvez voir la sym\u00e9trie et la pr\u00e9cision de la coupe. Dans ces cas, le point Chanel classique est le plus utilis\u00e9, o\u00f9 les m\u00e8ches droites mettent parfaitement en valeur le dessin de la coupe, en gardant les m\u00e8ches frontales plus longues que le reste des cheveux.<\/p>\n\n\n\n<figure class=\"wp-block-image size-full\"><img loading=\"lazy\" decoding=\"async\" width=\"760\" height=\"555\" src=\"https:\/\/danidrops.com.br\/wp-content\/uploads\/2023\/11\/Corte-de-Cabelo-Chanel-Alisado-1.jpg\" alt=\"Coupe de cheveux liss\u00e9e Chanel\" class=\"wp-image-86730\" title=\"\" srcset=\"https:\/\/danidrops.com.br\/wp-content\/uploads\/2023\/11\/Corte-de-Cabelo-Chanel-Alisado-1.jpg 760w, https:\/\/danidrops.com.br\/wp-content\/uploads\/2023\/11\/Corte-de-Cabelo-Chanel-Alisado-1-300x219.jpg 300w, https:\/\/danidrops.com.br\/wp-content\/uploads\/2023\/11\/Corte-de-Cabelo-Chanel-Alisado-1-16x12.jpg 16w, https:\/\/danidrops.com.br\/wp-content\/uploads\/2023\/11\/Corte-de-Cabelo-Chanel-Alisado-1-150x110.jpg 150w\" sizes=\"auto, (max-width: 760px) 100vw, 760px\" \/><figcaption class=\"wp-element-caption\">Coupe de cheveux liss\u00e9e Chanel<\/figcaption><\/figure>\n\n\n\n<figure class=\"wp-block-image size-full\"><img loading=\"lazy\" decoding=\"async\" width=\"760\" height=\"555\" src=\"https:\/\/danidrops.com.br\/wp-content\/uploads\/2023\/11\/Corte-de-Cabelo-Chanel-Alisado-2-1.jpg\" alt=\"Coupe de cheveux liss\u00e9e Chanel\" class=\"wp-image-86729\" title=\"\" srcset=\"https:\/\/danidrops.com.br\/wp-content\/uploads\/2023\/11\/Corte-de-Cabelo-Chanel-Alisado-2-1.jpg 760w, https:\/\/danidrops.com.br\/wp-content\/uploads\/2023\/11\/Corte-de-Cabelo-Chanel-Alisado-2-1-300x219.jpg 300w, https:\/\/danidrops.com.br\/wp-content\/uploads\/2023\/11\/Corte-de-Cabelo-Chanel-Alisado-2-1-16x12.jpg 16w, https:\/\/danidrops.com.br\/wp-content\/uploads\/2023\/11\/Corte-de-Cabelo-Chanel-Alisado-2-1-150x110.jpg 150w\" sizes=\"auto, (max-width: 760px) 100vw, 760px\" \/><figcaption class=\"wp-element-caption\">Coupe de cheveux liss\u00e9e Chanel<\/figcaption><\/figure>\n\n\n\n<h2 class=\"wp-block-heading\"><span class=\"ez-toc-section\" id=\"Corte_de_Cabelo_Chanel_Assimetrico\"><\/span>Coupe de cheveux Chanel asym\u00e9trique<span class=\"ez-toc-section-end\"><\/span><\/h2>\n\n\n\n<p>La coupe de cheveux asym\u00e9trique Chanel sera populaire en 2024, car l&#039;asym\u00e9trie sera l&#039;un des points forts de la mode et de la beaut\u00e9 de l&#039;ann\u00e9e prochaine. L\u2019une des principales caract\u00e9ristiques de cette coupe r\u00e9side dans les brins de tailles in\u00e9gales.<\/p>\n\n\n\n<figure class=\"wp-block-image size-full\"><img loading=\"lazy\" decoding=\"async\" width=\"760\" height=\"555\" src=\"https:\/\/danidrops.com.br\/wp-content\/uploads\/2023\/11\/Corte-de-Cabelo-Chanel-Assimetrico-1.jpg\" alt=\"Coupe de cheveux Chanel asym\u00e9trique\" class=\"wp-image-86720\" title=\"\" srcset=\"https:\/\/danidrops.com.br\/wp-content\/uploads\/2023\/11\/Corte-de-Cabelo-Chanel-Assimetrico-1.jpg 760w, https:\/\/danidrops.com.br\/wp-content\/uploads\/2023\/11\/Corte-de-Cabelo-Chanel-Assimetrico-1-300x219.jpg 300w, https:\/\/danidrops.com.br\/wp-content\/uploads\/2023\/11\/Corte-de-Cabelo-Chanel-Assimetrico-1-16x12.jpg 16w, https:\/\/danidrops.com.br\/wp-content\/uploads\/2023\/11\/Corte-de-Cabelo-Chanel-Assimetrico-1-150x110.jpg 150w\" sizes=\"auto, (max-width: 760px) 100vw, 760px\" \/><figcaption class=\"wp-element-caption\">Coupe de cheveux Chanel asym\u00e9trique<\/figcaption><\/figure>\n\n\n\n<p>De plus, la coupe de cheveux asym\u00e9trique Chanel 2024 est une v\u00e9ritable \u0153uvre d&#039;art, qui peut \u00eatre r\u00e9alis\u00e9e selon vos pr\u00e9f\u00e9rences personnelles, en am\u00e9liorant ou en r\u00e9duisant le volume des m\u00e8ches.<\/p>\n\n\n\n<figure class=\"wp-block-image size-full\"><img loading=\"lazy\" decoding=\"async\" width=\"760\" height=\"555\" src=\"https:\/\/danidrops.com.br\/wp-content\/uploads\/2023\/11\/Corte-de-Cabelo-Chanel-Assimetrico-2-1.jpg\" alt=\"Coupe de cheveux Chanel asym\u00e9trique\" class=\"wp-image-86719\" title=\"\" srcset=\"https:\/\/danidrops.com.br\/wp-content\/uploads\/2023\/11\/Corte-de-Cabelo-Chanel-Assimetrico-2-1.jpg 760w, https:\/\/danidrops.com.br\/wp-content\/uploads\/2023\/11\/Corte-de-Cabelo-Chanel-Assimetrico-2-1-300x219.jpg 300w, https:\/\/danidrops.com.br\/wp-content\/uploads\/2023\/11\/Corte-de-Cabelo-Chanel-Assimetrico-2-1-16x12.jpg 16w, https:\/\/danidrops.com.br\/wp-content\/uploads\/2023\/11\/Corte-de-Cabelo-Chanel-Assimetrico-2-1-150x110.jpg 150w\" sizes=\"auto, (max-width: 760px) 100vw, 760px\" \/><figcaption class=\"wp-element-caption\">Coupe de cheveux Chanel asym\u00e9trique<\/figcaption><\/figure>\n\n\n\n<h2 class=\"wp-block-heading\"><span class=\"ez-toc-section\" id=\"Corte_de_Cabelo_Chanel_Anos_90\"><\/span>Coupe de cheveux Chanel des ann\u00e9es 90<span class=\"ez-toc-section-end\"><\/span><\/h2>\n\n\n\n<p>La technique utilis\u00e9e dans la coupe de cheveux Chanel des ann\u00e9es 90 est similaire \u00e0 celle des ann\u00e9es 80, mais avec des d\u00e9tails plus discrets et d\u00e9licats. La longueur est plus courte et les extr\u00e9mit\u00e9s sont subtilement tourn\u00e9es vers l&#039;int\u00e9rieur, cr\u00e9ant une finition arrondie.<\/p>\n\n\n\n<figure class=\"wp-block-image size-full\"><img loading=\"lazy\" decoding=\"async\" width=\"760\" height=\"555\" src=\"https:\/\/danidrops.com.br\/wp-content\/uploads\/2023\/11\/Corte-de-Cabelo-Chanel-Anos-90-1.jpg\" alt=\"Coupe de cheveux Chanel des ann\u00e9es 90\" class=\"wp-image-86716\" title=\"\" srcset=\"https:\/\/danidrops.com.br\/wp-content\/uploads\/2023\/11\/Corte-de-Cabelo-Chanel-Anos-90-1.jpg 760w, https:\/\/danidrops.com.br\/wp-content\/uploads\/2023\/11\/Corte-de-Cabelo-Chanel-Anos-90-1-300x219.jpg 300w, https:\/\/danidrops.com.br\/wp-content\/uploads\/2023\/11\/Corte-de-Cabelo-Chanel-Anos-90-1-16x12.jpg 16w, https:\/\/danidrops.com.br\/wp-content\/uploads\/2023\/11\/Corte-de-Cabelo-Chanel-Anos-90-1-150x110.jpg 150w\" sizes=\"auto, (max-width: 760px) 100vw, 760px\" \/><figcaption class=\"wp-element-caption\">Coupe de cheveux Chanel des ann\u00e9es 90<\/figcaption><\/figure>\n\n\n\n<p>Pour ce type de coupe de cheveux Chanel 2024, les cheveux raides et ondul\u00e9s sont les plus adapt\u00e9s, surtout lorsqu&#039;ils sont associ\u00e9s \u00e0 une frange courte, car ils favorisent le type de cheveux et dessinent parfaitement les contours du visage f\u00e9minin.<\/p>\n\n\n\n<figure class=\"wp-block-image size-full\"><img loading=\"lazy\" decoding=\"async\" width=\"760\" height=\"555\" src=\"https:\/\/danidrops.com.br\/wp-content\/uploads\/2023\/11\/Corte-de-Cabelo-Chanel-Anos-90-2-1.jpg\" alt=\"Coupe de cheveux Chanel des ann\u00e9es 90\" class=\"wp-image-86715\" title=\"\" srcset=\"https:\/\/danidrops.com.br\/wp-content\/uploads\/2023\/11\/Corte-de-Cabelo-Chanel-Anos-90-2-1.jpg 760w, https:\/\/danidrops.com.br\/wp-content\/uploads\/2023\/11\/Corte-de-Cabelo-Chanel-Anos-90-2-1-300x219.jpg 300w, https:\/\/danidrops.com.br\/wp-content\/uploads\/2023\/11\/Corte-de-Cabelo-Chanel-Anos-90-2-1-16x12.jpg 16w, https:\/\/danidrops.com.br\/wp-content\/uploads\/2023\/11\/Corte-de-Cabelo-Chanel-Anos-90-2-1-150x110.jpg 150w\" sizes=\"auto, (max-width: 760px) 100vw, 760px\" \/><figcaption class=\"wp-element-caption\">Coupe de cheveux Chanel des ann\u00e9es 90<\/figcaption><\/figure>\n\n\n\n<h2 class=\"wp-block-heading\"><span class=\"ez-toc-section\" id=\"Corte_de_Cabelo_Chanel_Alongado\"><\/span>Coupe de cheveux Chanel allong\u00e9e<span class=\"ez-toc-section-end\"><\/span><\/h2>\n\n\n\n<p>La coupe de cheveux allong\u00e9e Chanel est un v\u00e9ritable spectacle pour les femmes qui appr\u00e9cient un look puissant et \u00e9l\u00e9gant. Il a une longueur moyenne et est g\u00e9n\u00e9ralement accompagn\u00e9 d\u2019une belle frange lat\u00e9rale.<\/p>\n\n\n\n<figure class=\"wp-block-image size-full\"><img loading=\"lazy\" decoding=\"async\" width=\"760\" height=\"555\" src=\"https:\/\/danidrops.com.br\/wp-content\/uploads\/2023\/11\/Corte-de-Cabelo-Chanel-Alongado-1.jpg\" alt=\"Coupe de cheveux Chanel allong\u00e9e\" class=\"wp-image-86732\" title=\"\" srcset=\"https:\/\/danidrops.com.br\/wp-content\/uploads\/2023\/11\/Corte-de-Cabelo-Chanel-Alongado-1.jpg 760w, https:\/\/danidrops.com.br\/wp-content\/uploads\/2023\/11\/Corte-de-Cabelo-Chanel-Alongado-1-300x219.jpg 300w, https:\/\/danidrops.com.br\/wp-content\/uploads\/2023\/11\/Corte-de-Cabelo-Chanel-Alongado-1-16x12.jpg 16w, https:\/\/danidrops.com.br\/wp-content\/uploads\/2023\/11\/Corte-de-Cabelo-Chanel-Alongado-1-150x110.jpg 150w\" sizes=\"auto, (max-width: 760px) 100vw, 760px\" \/><figcaption class=\"wp-element-caption\">Coupe de cheveux Chanel allong\u00e9e<\/figcaption><\/figure>\n\n\n\n<p>Bien qu&#039;elle ressemble \u00e0 une coupe droite, les extr\u00e9mit\u00e9s avant sont l\u00e9g\u00e8rement plus longues que l&#039;arri\u00e8re, cr\u00e9ant un look harmonieux et charmant. Si vous souhaitez commencer l\u2019ann\u00e9e du bon pied, optez pour la coupe de cheveux allong\u00e9e Chanel 2024 et arborez un look surprenant.<\/p>\n\n\n\n<figure class=\"wp-block-image size-full\"><img loading=\"lazy\" decoding=\"async\" width=\"760\" height=\"555\" src=\"https:\/\/danidrops.com.br\/wp-content\/uploads\/2023\/11\/Corte-de-Cabelo-Chanel-Alongado-2-1.jpg\" alt=\"Coupe de cheveux Chanel allong\u00e9e\" class=\"wp-image-86731\" title=\"\" srcset=\"https:\/\/danidrops.com.br\/wp-content\/uploads\/2023\/11\/Corte-de-Cabelo-Chanel-Alongado-2-1.jpg 760w, https:\/\/danidrops.com.br\/wp-content\/uploads\/2023\/11\/Corte-de-Cabelo-Chanel-Alongado-2-1-300x219.jpg 300w, https:\/\/danidrops.com.br\/wp-content\/uploads\/2023\/11\/Corte-de-Cabelo-Chanel-Alongado-2-1-16x12.jpg 16w, https:\/\/danidrops.com.br\/wp-content\/uploads\/2023\/11\/Corte-de-Cabelo-Chanel-Alongado-2-1-150x110.jpg 150w\" sizes=\"auto, (max-width: 760px) 100vw, 760px\" \/><figcaption class=\"wp-element-caption\">Coupe de cheveux Chanel allong\u00e9e<\/figcaption><\/figure>\n\n\n\n<h2 class=\"wp-block-heading\"><span class=\"ez-toc-section\" id=\"Corte_de_Cabelo_Chanel_Curto\"><\/span>Coupe de cheveux courte Chanel<span class=\"ez-toc-section-end\"><\/span><\/h2>\n\n\n\n<p>O <a href=\"https:\/\/danidrops.com.br\/fr\/coupe-courte-au-carre-2024\/\" data-type=\"link\" data-id=\"https:\/\/danidrops.com.br\/corte-de-cabelo-chanel-curto-2024\/\">coupe de cheveux courte Chanel<\/a> Il est au-dessus de la longueur des \u00e9paules, de la longueur du menton ou m\u00eame de la longueur du nez. Les brins avant sont plus longs que la nuque et la finition peut \u00eatre effiloch\u00e9e ou droite.<\/p>\n\n\n\n<figure class=\"wp-block-image size-full\"><img loading=\"lazy\" decoding=\"async\" width=\"760\" height=\"555\" src=\"https:\/\/danidrops.com.br\/wp-content\/uploads\/2023\/11\/Corte-de-Cabelo-Chanel-Curto-1.jpg\" alt=\"Coupe de cheveux courte Chanel\" class=\"wp-image-86722\" title=\"\" srcset=\"https:\/\/danidrops.com.br\/wp-content\/uploads\/2023\/11\/Corte-de-Cabelo-Chanel-Curto-1.jpg 760w, https:\/\/danidrops.com.br\/wp-content\/uploads\/2023\/11\/Corte-de-Cabelo-Chanel-Curto-1-300x219.jpg 300w, https:\/\/danidrops.com.br\/wp-content\/uploads\/2023\/11\/Corte-de-Cabelo-Chanel-Curto-1-16x12.jpg 16w, https:\/\/danidrops.com.br\/wp-content\/uploads\/2023\/11\/Corte-de-Cabelo-Chanel-Curto-1-150x110.jpg 150w\" sizes=\"auto, (max-width: 760px) 100vw, 760px\" \/><figcaption class=\"wp-element-caption\">Coupe de cheveux courte Chanel<\/figcaption><\/figure>\n\n\n\n<p>Pour l&#039;\u00e9t\u00e9, la coupe de cheveux Chanel 2024 est id\u00e9ale, car elle offre un look l\u00e9ger, frais et tr\u00e8s d\u00e9contract\u00e9, parfait pour celles qui souhaitent un look jeune et d\u00e9licat, qui met en valeur toute la d\u00e9licatesse du visage f\u00e9minin.<\/p>\n\n\n\n<figure class=\"wp-block-image size-full\"><img loading=\"lazy\" decoding=\"async\" width=\"760\" height=\"555\" src=\"https:\/\/danidrops.com.br\/wp-content\/uploads\/2023\/11\/Corte-de-Cabelo-Chanel-Curto-2-1.jpg\" alt=\"Coupe de cheveux courte Chanel\" class=\"wp-image-86721\" title=\"\" srcset=\"https:\/\/danidrops.com.br\/wp-content\/uploads\/2023\/11\/Corte-de-Cabelo-Chanel-Curto-2-1.jpg 760w, https:\/\/danidrops.com.br\/wp-content\/uploads\/2023\/11\/Corte-de-Cabelo-Chanel-Curto-2-1-300x219.jpg 300w, https:\/\/danidrops.com.br\/wp-content\/uploads\/2023\/11\/Corte-de-Cabelo-Chanel-Curto-2-1-16x12.jpg 16w, https:\/\/danidrops.com.br\/wp-content\/uploads\/2023\/11\/Corte-de-Cabelo-Chanel-Curto-2-1-150x110.jpg 150w\" sizes=\"auto, (max-width: 760px) 100vw, 760px\" \/><figcaption class=\"wp-element-caption\">Coupe de cheveux courte Chanel<\/figcaption><\/figure>\n\n\n\n<h2 class=\"wp-block-heading\"><span class=\"ez-toc-section\" id=\"Corte_de_Cabelo_Chanel_Longo\"><\/span>Coupe de cheveux longue Chanel<span class=\"ez-toc-section-end\"><\/span><\/h2>\n\n\n\n<p>Pour celles qui ne renoncent pas \u00e0 la longueur, la version coupe longue Chanel est une incroyable fa\u00e7on d&#039;adapter la coupe sans changer radicalement de look. Les extr\u00e9mit\u00e9s sont encore l\u00e9g\u00e8rement allong\u00e9es, mais l\u2019arri\u00e8re des cheveux reste \u00e0 la hauteur des \u00e9paules ou juste en dessous.<\/p>\n\n\n\n<figure class=\"wp-block-image size-full\"><img loading=\"lazy\" decoding=\"async\" width=\"760\" height=\"555\" src=\"https:\/\/danidrops.com.br\/wp-content\/uploads\/2023\/11\/Corte-de-Cabelo-Chanel-Longo-1.jpg\" alt=\"Coupe de cheveux longue Chanel\" class=\"wp-image-86726\" title=\"\" srcset=\"https:\/\/danidrops.com.br\/wp-content\/uploads\/2023\/11\/Corte-de-Cabelo-Chanel-Longo-1.jpg 760w, https:\/\/danidrops.com.br\/wp-content\/uploads\/2023\/11\/Corte-de-Cabelo-Chanel-Longo-1-300x219.jpg 300w, https:\/\/danidrops.com.br\/wp-content\/uploads\/2023\/11\/Corte-de-Cabelo-Chanel-Longo-1-16x12.jpg 16w, https:\/\/danidrops.com.br\/wp-content\/uploads\/2023\/11\/Corte-de-Cabelo-Chanel-Longo-1-150x110.jpg 150w\" sizes=\"auto, (max-width: 760px) 100vw, 760px\" \/><figcaption class=\"wp-element-caption\">Coupe de cheveux longue Chanel<\/figcaption><\/figure>\n\n\n\n<p>Ce type de coupe convient pratiquement \u00e0 toutes les formes de visage et \u00e0 tous les types de cheveux et pour un r\u00e9sultat encore plus beau, vous pouvez adapter une belle frange \u00e0 la coupe de cheveux Chanel 2024.<\/p>\n\n\n\n<figure class=\"wp-block-image size-full\"><img loading=\"lazy\" decoding=\"async\" width=\"760\" height=\"555\" src=\"https:\/\/danidrops.com.br\/wp-content\/uploads\/2023\/11\/Corte-de-Cabelo-Chanel-Longo-2-1.jpg\" alt=\"Coupe de cheveux longue Chanel\" class=\"wp-image-86725\" title=\"\" srcset=\"https:\/\/danidrops.com.br\/wp-content\/uploads\/2023\/11\/Corte-de-Cabelo-Chanel-Longo-2-1.jpg 760w, https:\/\/danidrops.com.br\/wp-content\/uploads\/2023\/11\/Corte-de-Cabelo-Chanel-Longo-2-1-300x219.jpg 300w, https:\/\/danidrops.com.br\/wp-content\/uploads\/2023\/11\/Corte-de-Cabelo-Chanel-Longo-2-1-16x12.jpg 16w, https:\/\/danidrops.com.br\/wp-content\/uploads\/2023\/11\/Corte-de-Cabelo-Chanel-Longo-2-1-150x110.jpg 150w\" sizes=\"auto, (max-width: 760px) 100vw, 760px\" \/><figcaption class=\"wp-element-caption\">Coupe de cheveux longue Chanel<\/figcaption><\/figure>\n\n\n\n<h2 class=\"wp-block-heading\"><span class=\"ez-toc-section\" id=\"Corte_de_Cabelo_Chanel_Medio\"><\/span>Coupe de cheveux Chanel moyenne<span class=\"ez-toc-section-end\"><\/span><\/h2>\n\n\n\n<p>La coupe de cheveux moyenne Chanel sera la plus utilis\u00e9e en 2024, car c&#039;est une longueur parfaite pour ceux qui recherchent praticit\u00e9 et beaut\u00e9. Diff\u00e9rents types de coupes et de finitions peuvent \u00eatre associ\u00e9s \u00e0 la coupe de cheveux Chanel 2024, comme les franges lat\u00e9rales et droites.<\/p>\n\n\n\n<figure class=\"wp-block-image size-full\"><img loading=\"lazy\" decoding=\"async\" width=\"760\" height=\"555\" src=\"https:\/\/danidrops.com.br\/wp-content\/uploads\/2023\/11\/Corte-de-Cabelo-Chanel-Medio-1.jpg\" alt=\"Coupe de cheveux Chanel moyenne\" class=\"wp-image-86728\" title=\"\" srcset=\"https:\/\/danidrops.com.br\/wp-content\/uploads\/2023\/11\/Corte-de-Cabelo-Chanel-Medio-1.jpg 760w, https:\/\/danidrops.com.br\/wp-content\/uploads\/2023\/11\/Corte-de-Cabelo-Chanel-Medio-1-300x219.jpg 300w, https:\/\/danidrops.com.br\/wp-content\/uploads\/2023\/11\/Corte-de-Cabelo-Chanel-Medio-1-16x12.jpg 16w, https:\/\/danidrops.com.br\/wp-content\/uploads\/2023\/11\/Corte-de-Cabelo-Chanel-Medio-1-150x110.jpg 150w\" sizes=\"auto, (max-width: 760px) 100vw, 760px\" \/><figcaption class=\"wp-element-caption\">Coupe de cheveux Chanel moyenne<\/figcaption><\/figure>\n\n\n\n<figure class=\"wp-block-image size-full\"><img loading=\"lazy\" decoding=\"async\" width=\"760\" height=\"555\" src=\"https:\/\/danidrops.com.br\/wp-content\/uploads\/2023\/11\/Corte-de-Cabelo-Chanel-Medio-2-1.jpg\" alt=\"Coupe de cheveux Chanel moyenne\" class=\"wp-image-86727\" title=\"\" srcset=\"https:\/\/danidrops.com.br\/wp-content\/uploads\/2023\/11\/Corte-de-Cabelo-Chanel-Medio-2-1.jpg 760w, https:\/\/danidrops.com.br\/wp-content\/uploads\/2023\/11\/Corte-de-Cabelo-Chanel-Medio-2-1-300x219.jpg 300w, https:\/\/danidrops.com.br\/wp-content\/uploads\/2023\/11\/Corte-de-Cabelo-Chanel-Medio-2-1-16x12.jpg 16w, https:\/\/danidrops.com.br\/wp-content\/uploads\/2023\/11\/Corte-de-Cabelo-Chanel-Medio-2-1-150x110.jpg 150w\" sizes=\"auto, (max-width: 760px) 100vw, 760px\" \/><figcaption class=\"wp-element-caption\">Coupe de cheveux Chanel moyenne<\/figcaption><\/figure>\n\n\n\n<h2 class=\"wp-block-heading\"><span class=\"ez-toc-section\" id=\"Corte_de_Cabelo_Chanel_de_Bico_Curto\"><\/span>Coupe de cheveux Chanel nez court<span class=\"ez-toc-section-end\"><\/span><\/h2>\n\n\n\n<p>La coupe de cheveux au carr\u00e9 Chanel est le choix id\u00e9al pour celles qui souhaitent une r\u00e9interpr\u00e9tation du carr\u00e9 Chanel classique. La nuque est extr\u00eamement courte et les extr\u00e9mit\u00e9s sont allong\u00e9es jusqu&#039;\u00e0 la hauteur du menton.<\/p>\n\n\n\n<figure class=\"wp-block-image size-full\"><img loading=\"lazy\" decoding=\"async\" width=\"760\" height=\"555\" src=\"https:\/\/danidrops.com.br\/wp-content\/uploads\/2023\/11\/Corte-de-Cabelo-Chanel-de-Bico-Curto-1.jpg\" alt=\"Coupe de cheveux Chanel nez court\" class=\"wp-image-86724\" title=\"\" srcset=\"https:\/\/danidrops.com.br\/wp-content\/uploads\/2023\/11\/Corte-de-Cabelo-Chanel-de-Bico-Curto-1.jpg 760w, https:\/\/danidrops.com.br\/wp-content\/uploads\/2023\/11\/Corte-de-Cabelo-Chanel-de-Bico-Curto-1-300x219.jpg 300w, https:\/\/danidrops.com.br\/wp-content\/uploads\/2023\/11\/Corte-de-Cabelo-Chanel-de-Bico-Curto-1-16x12.jpg 16w, https:\/\/danidrops.com.br\/wp-content\/uploads\/2023\/11\/Corte-de-Cabelo-Chanel-de-Bico-Curto-1-150x110.jpg 150w\" sizes=\"auto, (max-width: 760px) 100vw, 760px\" \/><figcaption class=\"wp-element-caption\">Coupe de cheveux Chanel nez court<\/figcaption><\/figure>\n\n\n\n<p>Si vous souhaitez une coupe de cheveux Chanel 2024 super d\u00e9contract\u00e9e et que vous n&#039;avez pas peur des changements radicaux de votre look, vous pouvez opter pour la coupe courte classique, car elle convient \u00e0 diff\u00e9rentes formes de visage et types de cheveux.<\/p>\n\n\n\n<figure class=\"wp-block-image size-full\"><img loading=\"lazy\" decoding=\"async\" width=\"760\" height=\"555\" src=\"https:\/\/danidrops.com.br\/wp-content\/uploads\/2023\/11\/Corte-de-Cabelo-Chanel-de-Bico-Curto-2-1.jpg\" alt=\"Coupe de cheveux Chanel nez court\" class=\"wp-image-86723\" title=\"\" srcset=\"https:\/\/danidrops.com.br\/wp-content\/uploads\/2023\/11\/Corte-de-Cabelo-Chanel-de-Bico-Curto-2-1.jpg 760w, https:\/\/danidrops.com.br\/wp-content\/uploads\/2023\/11\/Corte-de-Cabelo-Chanel-de-Bico-Curto-2-1-300x219.jpg 300w, https:\/\/danidrops.com.br\/wp-content\/uploads\/2023\/11\/Corte-de-Cabelo-Chanel-de-Bico-Curto-2-1-16x12.jpg 16w, https:\/\/danidrops.com.br\/wp-content\/uploads\/2023\/11\/Corte-de-Cabelo-Chanel-de-Bico-Curto-2-1-150x110.jpg 150w\" sizes=\"auto, (max-width: 760px) 100vw, 760px\" \/><figcaption class=\"wp-element-caption\">Coupe de cheveux Chanel nez court<\/figcaption><\/figure>\n\n\n\n<h2 class=\"wp-block-heading\"><span class=\"ez-toc-section\" id=\"Corte_de_Cabelo_Chanel_de_Bico_Longo\"><\/span>Coupe de cheveux Chanel long bec<span class=\"ez-toc-section-end\"><\/span><\/h2>\n\n\n\n<p>La coupe de cheveux Chanel aux doigts longs est l&#039;un des principaux choix des femmes qui aiment les cheveux courts, mais qui ont peur des changements radicaux dans leur look. En cons\u00e9quence, le Chanel \u00e0 bout long pr\u00e9serve la longueur et conserve un look charmant.<\/p>\n\n\n\n<figure class=\"wp-block-image size-full\"><img loading=\"lazy\" decoding=\"async\" width=\"760\" height=\"555\" src=\"https:\/\/danidrops.com.br\/wp-content\/uploads\/2023\/11\/Corte-de-Cabelo-Chanel-de-Bico-Longo.jpg\" alt=\"Coupe de cheveux Chanel long bec\" class=\"wp-image-86815\" title=\"\" srcset=\"https:\/\/danidrops.com.br\/wp-content\/uploads\/2023\/11\/Corte-de-Cabelo-Chanel-de-Bico-Longo.jpg 760w, https:\/\/danidrops.com.br\/wp-content\/uploads\/2023\/11\/Corte-de-Cabelo-Chanel-de-Bico-Longo-300x219.jpg 300w, https:\/\/danidrops.com.br\/wp-content\/uploads\/2023\/11\/Corte-de-Cabelo-Chanel-de-Bico-Longo-16x12.jpg 16w, https:\/\/danidrops.com.br\/wp-content\/uploads\/2023\/11\/Corte-de-Cabelo-Chanel-de-Bico-Longo-150x110.jpg 150w\" sizes=\"auto, (max-width: 760px) 100vw, 760px\" \/><figcaption class=\"wp-element-caption\">Coupe de cheveux Chanel long bec<\/figcaption><\/figure>\n\n\n\n<figure class=\"wp-block-image size-full\"><img loading=\"lazy\" decoding=\"async\" width=\"760\" height=\"555\" src=\"https:\/\/danidrops.com.br\/wp-content\/uploads\/2023\/11\/Corte-de-Cabelo-Chanel-de-Bico-Longo-2.jpg\" alt=\"Coupe de cheveux Chanel long bec\" class=\"wp-image-86814\" title=\"\" srcset=\"https:\/\/danidrops.com.br\/wp-content\/uploads\/2023\/11\/Corte-de-Cabelo-Chanel-de-Bico-Longo-2.jpg 760w, https:\/\/danidrops.com.br\/wp-content\/uploads\/2023\/11\/Corte-de-Cabelo-Chanel-de-Bico-Longo-2-300x219.jpg 300w, https:\/\/danidrops.com.br\/wp-content\/uploads\/2023\/11\/Corte-de-Cabelo-Chanel-de-Bico-Longo-2-16x12.jpg 16w, https:\/\/danidrops.com.br\/wp-content\/uploads\/2023\/11\/Corte-de-Cabelo-Chanel-de-Bico-Longo-2-150x110.jpg 150w\" sizes=\"auto, (max-width: 760px) 100vw, 760px\" \/><figcaption class=\"wp-element-caption\">Coupe de cheveux Chanel long bec<\/figcaption><\/figure>\n\n\n\n<h2 class=\"wp-block-heading\"><span class=\"ez-toc-section\" id=\"Corte_de_Cabelo_Chanel_de_Bico_Medio\"><\/span>Coupe de cheveux Chanel nez moyen<span class=\"ez-toc-section-end\"><\/span><\/h2>\n\n\n\n<p>La coupe de cheveux Chanel de longueur moyenne est la plus traditionnelle de toutes, avec une longueur \u00e0 hauteur du cou et des m\u00e8ches frontales juste en dessous de la ligne du menton. Cette coupe permet d&#039;encadrer le visage et donne un look sophistiqu\u00e9 et tr\u00e8s \u00e9l\u00e9gant.<\/p>\n\n\n\n<figure class=\"wp-block-image size-full\"><img loading=\"lazy\" decoding=\"async\" width=\"760\" height=\"555\" src=\"https:\/\/danidrops.com.br\/wp-content\/uploads\/2023\/11\/Corte-de-Cabelo-Chanel-de-Bico-Medio.jpg\" alt=\"Coupe de cheveux Chanel nez moyen\" class=\"wp-image-86817\" title=\"\" srcset=\"https:\/\/danidrops.com.br\/wp-content\/uploads\/2023\/11\/Corte-de-Cabelo-Chanel-de-Bico-Medio.jpg 760w, https:\/\/danidrops.com.br\/wp-content\/uploads\/2023\/11\/Corte-de-Cabelo-Chanel-de-Bico-Medio-300x219.jpg 300w, https:\/\/danidrops.com.br\/wp-content\/uploads\/2023\/11\/Corte-de-Cabelo-Chanel-de-Bico-Medio-16x12.jpg 16w, https:\/\/danidrops.com.br\/wp-content\/uploads\/2023\/11\/Corte-de-Cabelo-Chanel-de-Bico-Medio-150x110.jpg 150w\" sizes=\"auto, (max-width: 760px) 100vw, 760px\" \/><figcaption class=\"wp-element-caption\">Coupe de cheveux Chanel nez moyen<\/figcaption><\/figure>\n\n\n\n<figure class=\"wp-block-image size-full\"><img loading=\"lazy\" decoding=\"async\" width=\"760\" height=\"555\" src=\"https:\/\/danidrops.com.br\/wp-content\/uploads\/2023\/11\/Corte-de-Cabelo-Chanel-de-Bico-Medio-2.jpg\" alt=\"Coupe de cheveux Chanel nez moyen\" class=\"wp-image-86816\" title=\"\" srcset=\"https:\/\/danidrops.com.br\/wp-content\/uploads\/2023\/11\/Corte-de-Cabelo-Chanel-de-Bico-Medio-2.jpg 760w, https:\/\/danidrops.com.br\/wp-content\/uploads\/2023\/11\/Corte-de-Cabelo-Chanel-de-Bico-Medio-2-300x219.jpg 300w, https:\/\/danidrops.com.br\/wp-content\/uploads\/2023\/11\/Corte-de-Cabelo-Chanel-de-Bico-Medio-2-16x12.jpg 16w, https:\/\/danidrops.com.br\/wp-content\/uploads\/2023\/11\/Corte-de-Cabelo-Chanel-de-Bico-Medio-2-150x110.jpg 150w\" sizes=\"auto, (max-width: 760px) 100vw, 760px\" \/><figcaption class=\"wp-element-caption\">Coupe de cheveux Chanel nez moyen<\/figcaption><\/figure>\n\n\n\n<h2 class=\"wp-block-heading\"><span class=\"ez-toc-section\" id=\"Corte_de_Cabelo_Chanel_com_Franja\"><\/span>Coupe de cheveux Chanel avec frange<span class=\"ez-toc-section-end\"><\/span><\/h2>\n\n\n\n<p>La coupe de cheveux Chanel avec frange est un compl\u00e9ment \u00e0 la coupe qui permet d&#039;encadrer le visage et d&#039;apporter plus de d\u00e9licatesse et de l\u00e9g\u00e8ret\u00e9 au look. Diff\u00e9rents types de franges peuvent \u00eatre associ\u00e9s \u00e0 la coupe Chanel et le choix d\u00e9pend exclusivement de vos pr\u00e9f\u00e9rences personnelles.<\/p>\n\n\n\n<figure class=\"wp-block-image size-full\"><img loading=\"lazy\" decoding=\"async\" width=\"760\" height=\"555\" src=\"https:\/\/danidrops.com.br\/wp-content\/uploads\/2023\/11\/Corte-de-Cabelo-Chanel-com-Franja.jpg\" alt=\"Coupe de cheveux Chanel avec frange\" class=\"wp-image-86829\" title=\"\" srcset=\"https:\/\/danidrops.com.br\/wp-content\/uploads\/2023\/11\/Corte-de-Cabelo-Chanel-com-Franja.jpg 760w, https:\/\/danidrops.com.br\/wp-content\/uploads\/2023\/11\/Corte-de-Cabelo-Chanel-com-Franja-300x219.jpg 300w, https:\/\/danidrops.com.br\/wp-content\/uploads\/2023\/11\/Corte-de-Cabelo-Chanel-com-Franja-16x12.jpg 16w, https:\/\/danidrops.com.br\/wp-content\/uploads\/2023\/11\/Corte-de-Cabelo-Chanel-com-Franja-150x110.jpg 150w\" sizes=\"auto, (max-width: 760px) 100vw, 760px\" \/><figcaption class=\"wp-element-caption\">Coupe de cheveux Chanel avec frange<\/figcaption><\/figure>\n\n\n\n<figure class=\"wp-block-image size-full\"><img loading=\"lazy\" decoding=\"async\" width=\"760\" height=\"555\" src=\"https:\/\/danidrops.com.br\/wp-content\/uploads\/2023\/11\/Corte-de-Cabelo-Chanel-com-Franja-2.jpg\" alt=\"Coupe de cheveux Chanel avec frange\" class=\"wp-image-86828\" title=\"\" srcset=\"https:\/\/danidrops.com.br\/wp-content\/uploads\/2023\/11\/Corte-de-Cabelo-Chanel-com-Franja-2.jpg 760w, https:\/\/danidrops.com.br\/wp-content\/uploads\/2023\/11\/Corte-de-Cabelo-Chanel-com-Franja-2-300x219.jpg 300w, https:\/\/danidrops.com.br\/wp-content\/uploads\/2023\/11\/Corte-de-Cabelo-Chanel-com-Franja-2-16x12.jpg 16w, https:\/\/danidrops.com.br\/wp-content\/uploads\/2023\/11\/Corte-de-Cabelo-Chanel-com-Franja-2-150x110.jpg 150w\" sizes=\"auto, (max-width: 760px) 100vw, 760px\" \/><figcaption class=\"wp-element-caption\">Coupe de cheveux Chanel avec frange<\/figcaption><\/figure>\n\n\n\n<h2 class=\"wp-block-heading\"><span class=\"ez-toc-section\" id=\"Corte_de_Cabelo_Chanel_com_Luzes\"><\/span>Coupe de cheveux Chanel avec des reflets<span class=\"ez-toc-section-end\"><\/span><\/h2>\n\n\n\n<p>La coupe de cheveux Chanel avec reflets est id\u00e9ale pour celles qui souhaitent \u00e9gayer leur look et avoir une apparence plus jeune et d\u00e9licate. De plus, les lumi\u00e8res peuvent avoir des couleurs diff\u00e9rentes selon la couleur de fond de la peau et le r\u00e9sultat final souhait\u00e9.<\/p>\n\n\n\n<figure class=\"wp-block-image size-full\"><img loading=\"lazy\" decoding=\"async\" width=\"760\" height=\"555\" src=\"https:\/\/danidrops.com.br\/wp-content\/uploads\/2023\/11\/Corte-de-Cabelo-Chanel-com-Luzes.jpg\" alt=\"Coupe de cheveux Chanel avec des reflets\" class=\"wp-image-86811\" title=\"\" srcset=\"https:\/\/danidrops.com.br\/wp-content\/uploads\/2023\/11\/Corte-de-Cabelo-Chanel-com-Luzes.jpg 760w, https:\/\/danidrops.com.br\/wp-content\/uploads\/2023\/11\/Corte-de-Cabelo-Chanel-com-Luzes-300x219.jpg 300w, https:\/\/danidrops.com.br\/wp-content\/uploads\/2023\/11\/Corte-de-Cabelo-Chanel-com-Luzes-16x12.jpg 16w, https:\/\/danidrops.com.br\/wp-content\/uploads\/2023\/11\/Corte-de-Cabelo-Chanel-com-Luzes-150x110.jpg 150w\" sizes=\"auto, (max-width: 760px) 100vw, 760px\" \/><figcaption class=\"wp-element-caption\">Coupe de cheveux Chanel avec des reflets<\/figcaption><\/figure>\n\n\n\n<p>Diff\u00e9rentes techniques et couleurs peuvent \u00eatre utilis\u00e9es dans la coupe de cheveux Chanel 2024, cependant, les couleurs les plus utilis\u00e9es sont les nuances de blond, de cuivre, de brun et pour les femmes les plus audacieuses et cr\u00e9atives, les couleurs fantaisie comme le rouge.<\/p>\n\n\n\n<figure class=\"wp-block-image size-full\"><img loading=\"lazy\" decoding=\"async\" width=\"760\" height=\"555\" src=\"https:\/\/danidrops.com.br\/wp-content\/uploads\/2023\/11\/Corte-de-Cabelo-Chanel-com-Luzes-2.jpg\" alt=\"Coupe de cheveux Chanel avec des reflets\" class=\"wp-image-86810\" title=\"\" srcset=\"https:\/\/danidrops.com.br\/wp-content\/uploads\/2023\/11\/Corte-de-Cabelo-Chanel-com-Luzes-2.jpg 760w, https:\/\/danidrops.com.br\/wp-content\/uploads\/2023\/11\/Corte-de-Cabelo-Chanel-com-Luzes-2-300x219.jpg 300w, https:\/\/danidrops.com.br\/wp-content\/uploads\/2023\/11\/Corte-de-Cabelo-Chanel-com-Luzes-2-16x12.jpg 16w, https:\/\/danidrops.com.br\/wp-content\/uploads\/2023\/11\/Corte-de-Cabelo-Chanel-com-Luzes-2-150x110.jpg 150w\" sizes=\"auto, (max-width: 760px) 100vw, 760px\" \/><figcaption class=\"wp-element-caption\">Coupe de cheveux Chanel avec des reflets<\/figcaption><\/figure>\n\n\n\n<h2 class=\"wp-block-heading\"><span class=\"ez-toc-section\" id=\"Corte_de_Cabelo_Chanel_Repicado\"><\/span>Coupe de cheveux en pointe Chanel<span class=\"ez-toc-section-end\"><\/span><\/h2>\n\n\n\n<p>La coupe de cheveux Chanel au carr\u00e9 est id\u00e9ale pour celles qui souhaitent du volume malgr\u00e9 des m\u00e8ches courtes ou moyennes. M\u00eame avec les m\u00e8ches l\u00e9g\u00e8rement coup\u00e9es, il est important de garder les deux m\u00e8ches de devant plus grosses que les autres pour caract\u00e9riser la coupe Chanel 2024.<\/p>\n\n\n\n<figure class=\"wp-block-image size-full\"><img loading=\"lazy\" decoding=\"async\" width=\"760\" height=\"555\" src=\"https:\/\/danidrops.com.br\/wp-content\/uploads\/2023\/11\/Corte-de-Cabelo-Chanel-Repicado.jpg\" alt=\"Coupe de cheveux en pointe Chanel\" class=\"wp-image-86825\" title=\"\" srcset=\"https:\/\/danidrops.com.br\/wp-content\/uploads\/2023\/11\/Corte-de-Cabelo-Chanel-Repicado.jpg 760w, https:\/\/danidrops.com.br\/wp-content\/uploads\/2023\/11\/Corte-de-Cabelo-Chanel-Repicado-300x219.jpg 300w, https:\/\/danidrops.com.br\/wp-content\/uploads\/2023\/11\/Corte-de-Cabelo-Chanel-Repicado-16x12.jpg 16w, https:\/\/danidrops.com.br\/wp-content\/uploads\/2023\/11\/Corte-de-Cabelo-Chanel-Repicado-150x110.jpg 150w\" sizes=\"auto, (max-width: 760px) 100vw, 760px\" \/><figcaption class=\"wp-element-caption\">Coupe de cheveux en pointe Chanel<\/figcaption><\/figure>\n\n\n\n<figure class=\"wp-block-image size-full\"><img loading=\"lazy\" decoding=\"async\" width=\"760\" height=\"555\" src=\"https:\/\/danidrops.com.br\/wp-content\/uploads\/2023\/11\/Corte-de-Cabelo-Chanel-Repicado-2.jpg\" alt=\"Coupe de cheveux en pointe Chanel\" class=\"wp-image-86824\" title=\"\" srcset=\"https:\/\/danidrops.com.br\/wp-content\/uploads\/2023\/11\/Corte-de-Cabelo-Chanel-Repicado-2.jpg 760w, https:\/\/danidrops.com.br\/wp-content\/uploads\/2023\/11\/Corte-de-Cabelo-Chanel-Repicado-2-300x219.jpg 300w, https:\/\/danidrops.com.br\/wp-content\/uploads\/2023\/11\/Corte-de-Cabelo-Chanel-Repicado-2-16x12.jpg 16w, https:\/\/danidrops.com.br\/wp-content\/uploads\/2023\/11\/Corte-de-Cabelo-Chanel-Repicado-2-150x110.jpg 150w\" sizes=\"auto, (max-width: 760px) 100vw, 760px\" \/><figcaption class=\"wp-element-caption\">Coupe de cheveux en pointe Chanel<\/figcaption><\/figure>\n\n\n\n<h2 class=\"wp-block-heading\"><span class=\"ez-toc-section\" id=\"Corte_de_Cabelo_Chanel_Crespo\"><\/span>Coupe de cheveux Chanel Crespo<span class=\"ez-toc-section-end\"><\/span><\/h2>\n\n\n\n<p>Les femmes boucl\u00e9es peuvent \u00e9galement b\u00e9n\u00e9ficier de la coupe de cheveux fris\u00e9e Chanel et les r\u00e9sultats sont tout simplement incroyables. Cette coupe met en valeur les points forts du visage f\u00e9minin et procure un look styl\u00e9.<\/p>\n\n\n\n<figure class=\"wp-block-image size-full\"><img loading=\"lazy\" decoding=\"async\" width=\"760\" height=\"555\" src=\"https:\/\/danidrops.com.br\/wp-content\/uploads\/2023\/11\/Corte-de-Cabelo-Chanel-Crespo.jpg\" alt=\"Coupe de cheveux Chanel Crespo\" class=\"wp-image-86813\" title=\"\" srcset=\"https:\/\/danidrops.com.br\/wp-content\/uploads\/2023\/11\/Corte-de-Cabelo-Chanel-Crespo.jpg 760w, https:\/\/danidrops.com.br\/wp-content\/uploads\/2023\/11\/Corte-de-Cabelo-Chanel-Crespo-300x219.jpg 300w, https:\/\/danidrops.com.br\/wp-content\/uploads\/2023\/11\/Corte-de-Cabelo-Chanel-Crespo-16x12.jpg 16w, https:\/\/danidrops.com.br\/wp-content\/uploads\/2023\/11\/Corte-de-Cabelo-Chanel-Crespo-150x110.jpg 150w\" sizes=\"auto, (max-width: 760px) 100vw, 760px\" \/><figcaption class=\"wp-element-caption\">Coupe de cheveux Chanel Crespo<\/figcaption><\/figure>\n\n\n\n<p>Pour rendre la coupe de cheveux boucl\u00e9s Chanel 2024 encore plus \u00e9l\u00e9gante, il est important de garder les boucles bien nourries et hydrat\u00e9es afin qu&#039;elles soient bien d\u00e9finies et aient une coupe surr\u00e9aliste.<\/p>\n\n\n\n<figure class=\"wp-block-image size-full\"><img loading=\"lazy\" decoding=\"async\" width=\"760\" height=\"555\" src=\"https:\/\/danidrops.com.br\/wp-content\/uploads\/2023\/11\/Corte-de-Cabelo-Chanel-Crespo-2.jpg\" alt=\"Coupe de cheveux Chanel Crespo\" class=\"wp-image-86812\" title=\"\" srcset=\"https:\/\/danidrops.com.br\/wp-content\/uploads\/2023\/11\/Corte-de-Cabelo-Chanel-Crespo-2.jpg 760w, https:\/\/danidrops.com.br\/wp-content\/uploads\/2023\/11\/Corte-de-Cabelo-Chanel-Crespo-2-300x219.jpg 300w, https:\/\/danidrops.com.br\/wp-content\/uploads\/2023\/11\/Corte-de-Cabelo-Chanel-Crespo-2-16x12.jpg 16w, https:\/\/danidrops.com.br\/wp-content\/uploads\/2023\/11\/Corte-de-Cabelo-Chanel-Crespo-2-150x110.jpg 150w\" sizes=\"auto, (max-width: 760px) 100vw, 760px\" \/><figcaption class=\"wp-element-caption\">Coupe de cheveux Chanel Crespo<\/figcaption><\/figure>\n\n\n\n<h2 class=\"wp-block-heading\"><span class=\"ez-toc-section\" id=\"Corte_de_Cabelo_Chanel_Cacheado\"><\/span>Coupe de cheveux boucl\u00e9s Chanel<span class=\"ez-toc-section-end\"><\/span><\/h2>\n\n\n\n<p>La coupe de cheveux fris\u00e9e Chanel est aussi un classique qui arrivera avec tout l&#039;ann\u00e9e prochaine, car les femmes sont de plus en plus friandes de cheveux naturels. Ce type de coupe convient mieux aux femmes qui souhaitent des cheveux courts, avec du volume et beaucoup de mouvement.<\/p>\n\n\n\n<figure class=\"wp-block-image size-full\"><img loading=\"lazy\" decoding=\"async\" width=\"760\" height=\"555\" src=\"https:\/\/danidrops.com.br\/wp-content\/uploads\/2023\/11\/Corte-de-Cabelo-Chanel-Cacheado.jpg\" alt=\"Coupe de cheveux boucl\u00e9s Chanel\" class=\"wp-image-86827\" title=\"\" srcset=\"https:\/\/danidrops.com.br\/wp-content\/uploads\/2023\/11\/Corte-de-Cabelo-Chanel-Cacheado.jpg 760w, https:\/\/danidrops.com.br\/wp-content\/uploads\/2023\/11\/Corte-de-Cabelo-Chanel-Cacheado-300x219.jpg 300w, https:\/\/danidrops.com.br\/wp-content\/uploads\/2023\/11\/Corte-de-Cabelo-Chanel-Cacheado-16x12.jpg 16w, https:\/\/danidrops.com.br\/wp-content\/uploads\/2023\/11\/Corte-de-Cabelo-Chanel-Cacheado-150x110.jpg 150w\" sizes=\"auto, (max-width: 760px) 100vw, 760px\" \/><figcaption class=\"wp-element-caption\">Coupe de cheveux boucl\u00e9s Chanel<\/figcaption><\/figure>\n\n\n\n<p>Si vous souhaitez adopter la coupe de cheveux boucl\u00e9s Chanel 2024, investissez dans des techniques qui am\u00e9liorent la courbure des m\u00e8ches et gardent vos cheveux toujours hydrat\u00e9s et sains, pour que les r\u00e9sultats soient impressionnants.<\/p>\n\n\n\n<figure class=\"wp-block-image size-full\"><img loading=\"lazy\" decoding=\"async\" width=\"760\" height=\"555\" src=\"https:\/\/danidrops.com.br\/wp-content\/uploads\/2023\/11\/Corte-de-Cabelo-Chanel-Cacheado-2.jpg\" alt=\"Coupe de cheveux boucl\u00e9s Chanel\" class=\"wp-image-86826\" title=\"\" srcset=\"https:\/\/danidrops.com.br\/wp-content\/uploads\/2023\/11\/Corte-de-Cabelo-Chanel-Cacheado-2.jpg 760w, https:\/\/danidrops.com.br\/wp-content\/uploads\/2023\/11\/Corte-de-Cabelo-Chanel-Cacheado-2-300x219.jpg 300w, https:\/\/danidrops.com.br\/wp-content\/uploads\/2023\/11\/Corte-de-Cabelo-Chanel-Cacheado-2-16x12.jpg 16w, https:\/\/danidrops.com.br\/wp-content\/uploads\/2023\/11\/Corte-de-Cabelo-Chanel-Cacheado-2-150x110.jpg 150w\" sizes=\"auto, (max-width: 760px) 100vw, 760px\" \/><figcaption class=\"wp-element-caption\">Coupe de cheveux boucl\u00e9s Chanel<\/figcaption><\/figure>\n\n\n\n<h2 class=\"wp-block-heading\"><span class=\"ez-toc-section\" id=\"Corte_de_Cabelo_Chanel_Ondulado\"><\/span>Coupe de cheveux Chanel ondul\u00e9e<span class=\"ez-toc-section-end\"><\/span><\/h2>\n\n\n\n<p>La coupe de cheveux ondul\u00e9e Chanel est \u00e9galement tr\u00e8s courante chez les femmes modernes et styl\u00e9es, qui appr\u00e9cient les looks authentiques et innovants. En ayant les m\u00e8ches avant plus grandes que celles arri\u00e8re, le r\u00e9sultat final est des cheveux pleins de vie et de mouvement.<\/p>\n\n\n\n<figure class=\"wp-block-image size-full\"><img loading=\"lazy\" decoding=\"async\" width=\"760\" height=\"555\" src=\"https:\/\/danidrops.com.br\/wp-content\/uploads\/2023\/11\/Corte-de-Cabelo-Chanel-Ondulado-2.jpg\" alt=\"Coupe de cheveux Chanel ondul\u00e9e\" class=\"wp-image-86822\" title=\"\" srcset=\"https:\/\/danidrops.com.br\/wp-content\/uploads\/2023\/11\/Corte-de-Cabelo-Chanel-Ondulado-2.jpg 760w, https:\/\/danidrops.com.br\/wp-content\/uploads\/2023\/11\/Corte-de-Cabelo-Chanel-Ondulado-2-300x219.jpg 300w, https:\/\/danidrops.com.br\/wp-content\/uploads\/2023\/11\/Corte-de-Cabelo-Chanel-Ondulado-2-16x12.jpg 16w, https:\/\/danidrops.com.br\/wp-content\/uploads\/2023\/11\/Corte-de-Cabelo-Chanel-Ondulado-2-150x110.jpg 150w\" sizes=\"auto, (max-width: 760px) 100vw, 760px\" \/><figcaption class=\"wp-element-caption\">Coupe de cheveux Chanel ondul\u00e9e<\/figcaption><\/figure>\n\n\n\n<figure class=\"wp-block-image size-full\"><img loading=\"lazy\" decoding=\"async\" width=\"760\" height=\"555\" src=\"https:\/\/danidrops.com.br\/wp-content\/uploads\/2023\/11\/Corte-de-Cabelo-Chanel-Ondulado.jpg\" alt=\"Coupe de cheveux Chanel ondul\u00e9e\" class=\"wp-image-86823\" title=\"\" srcset=\"https:\/\/danidrops.com.br\/wp-content\/uploads\/2023\/11\/Corte-de-Cabelo-Chanel-Ondulado.jpg 760w, https:\/\/danidrops.com.br\/wp-content\/uploads\/2023\/11\/Corte-de-Cabelo-Chanel-Ondulado-300x219.jpg 300w, https:\/\/danidrops.com.br\/wp-content\/uploads\/2023\/11\/Corte-de-Cabelo-Chanel-Ondulado-16x12.jpg 16w, https:\/\/danidrops.com.br\/wp-content\/uploads\/2023\/11\/Corte-de-Cabelo-Chanel-Ondulado-150x110.jpg 150w\" sizes=\"auto, (max-width: 760px) 100vw, 760px\" \/><figcaption class=\"wp-element-caption\">Coupe de cheveux Chanel ondul\u00e9e<\/figcaption><\/figure>\n\n\n\n<h2 class=\"wp-block-heading\"><span class=\"ez-toc-section\" id=\"Corte_de_Cabelo_Chanel_Liso\"><\/span>Coupe de cheveux droite Chanel<span class=\"ez-toc-section-end\"><\/span><\/h2>\n\n\n\n<p>L\u2019un des classiques des grands salons de beaut\u00e9 est la coupe droite Chanel, car elle fut l\u2019une des premi\u00e8res \u00e0 \u00eatre cr\u00e9\u00e9e. Par cons\u00e9quent, la polyvalence de la coupe est \u00e9norme et vous pouvez choisir la longueur selon vos pr\u00e9f\u00e9rences.<\/p>\n\n\n\n<figure class=\"wp-block-image size-full\"><img loading=\"lazy\" decoding=\"async\" width=\"760\" height=\"555\" src=\"https:\/\/danidrops.com.br\/wp-content\/uploads\/2023\/11\/Corte-de-Cabelo-Chanel-Liso.jpg\" alt=\"Coupe de cheveux droite Chanel\" class=\"wp-image-86819\" title=\"\" srcset=\"https:\/\/danidrops.com.br\/wp-content\/uploads\/2023\/11\/Corte-de-Cabelo-Chanel-Liso.jpg 760w, https:\/\/danidrops.com.br\/wp-content\/uploads\/2023\/11\/Corte-de-Cabelo-Chanel-Liso-300x219.jpg 300w, https:\/\/danidrops.com.br\/wp-content\/uploads\/2023\/11\/Corte-de-Cabelo-Chanel-Liso-16x12.jpg 16w, https:\/\/danidrops.com.br\/wp-content\/uploads\/2023\/11\/Corte-de-Cabelo-Chanel-Liso-150x110.jpg 150w\" sizes=\"auto, (max-width: 760px) 100vw, 760px\" \/><figcaption class=\"wp-element-caption\">Coupe de cheveux droite Chanel<\/figcaption><\/figure>\n\n\n\n<figure class=\"wp-block-image size-full\"><img loading=\"lazy\" decoding=\"async\" width=\"760\" height=\"555\" src=\"https:\/\/danidrops.com.br\/wp-content\/uploads\/2023\/11\/Corte-de-Cabelo-Chanel-Liso-2.jpg\" alt=\"Coupe de cheveux droite Chanel\" class=\"wp-image-86818\" title=\"\" srcset=\"https:\/\/danidrops.com.br\/wp-content\/uploads\/2023\/11\/Corte-de-Cabelo-Chanel-Liso-2.jpg 760w, https:\/\/danidrops.com.br\/wp-content\/uploads\/2023\/11\/Corte-de-Cabelo-Chanel-Liso-2-300x219.jpg 300w, https:\/\/danidrops.com.br\/wp-content\/uploads\/2023\/11\/Corte-de-Cabelo-Chanel-Liso-2-16x12.jpg 16w, https:\/\/danidrops.com.br\/wp-content\/uploads\/2023\/11\/Corte-de-Cabelo-Chanel-Liso-2-150x110.jpg 150w\" sizes=\"auto, (max-width: 760px) 100vw, 760px\" \/><figcaption class=\"wp-element-caption\">Coupe de cheveux droite Chanel<\/figcaption><\/figure>\n\n\n\n<h2 class=\"wp-block-heading\"><span class=\"ez-toc-section\" id=\"Corte_de_Cabelo_Chanel_Loiro\"><\/span>Coupe de cheveux blonde Chanel<span class=\"ez-toc-section-end\"><\/span><\/h2>\n\n\n\n<p>La coupe de cheveux blonde Chanel est l&#039;une des variantes les plus recherch\u00e9es par les femmes, car elle est capable d&#039;\u00e9claircir les m\u00e8ches et de conserver un look sophistiqu\u00e9 et tr\u00e8s \u00e9l\u00e9gant. De plus, les variations de blond sont \u00e9normes et vous pouvez choisir des tons discrets aux plus diff\u00e9rents et audacieux.<\/p>\n\n\n\n<figure class=\"wp-block-image size-full\"><img loading=\"lazy\" decoding=\"async\" width=\"760\" height=\"555\" src=\"https:\/\/danidrops.com.br\/wp-content\/uploads\/2023\/11\/Corte-de-Cabelo-Chanel-Loiro.jpg\" alt=\"Coupe de cheveux blonde Chanel\" class=\"wp-image-86821\" title=\"\" srcset=\"https:\/\/danidrops.com.br\/wp-content\/uploads\/2023\/11\/Corte-de-Cabelo-Chanel-Loiro.jpg 760w, https:\/\/danidrops.com.br\/wp-content\/uploads\/2023\/11\/Corte-de-Cabelo-Chanel-Loiro-300x219.jpg 300w, https:\/\/danidrops.com.br\/wp-content\/uploads\/2023\/11\/Corte-de-Cabelo-Chanel-Loiro-16x12.jpg 16w, https:\/\/danidrops.com.br\/wp-content\/uploads\/2023\/11\/Corte-de-Cabelo-Chanel-Loiro-150x110.jpg 150w\" sizes=\"auto, (max-width: 760px) 100vw, 760px\" \/><figcaption class=\"wp-element-caption\">Coupe de cheveux blonde Chanel<\/figcaption><\/figure>\n\n\n\n<figure class=\"wp-block-image size-full\"><img loading=\"lazy\" decoding=\"async\" width=\"760\" height=\"555\" src=\"https:\/\/danidrops.com.br\/wp-content\/uploads\/2023\/11\/Corte-de-Cabelo-Chanel-Loiro-2.jpg\" alt=\"Coupe de cheveux blonde Chanel\" class=\"wp-image-86820\" title=\"\" srcset=\"https:\/\/danidrops.com.br\/wp-content\/uploads\/2023\/11\/Corte-de-Cabelo-Chanel-Loiro-2.jpg 760w, https:\/\/danidrops.com.br\/wp-content\/uploads\/2023\/11\/Corte-de-Cabelo-Chanel-Loiro-2-300x219.jpg 300w, https:\/\/danidrops.com.br\/wp-content\/uploads\/2023\/11\/Corte-de-Cabelo-Chanel-Loiro-2-16x12.jpg 16w, https:\/\/danidrops.com.br\/wp-content\/uploads\/2023\/11\/Corte-de-Cabelo-Chanel-Loiro-2-150x110.jpg 150w\" sizes=\"auto, (max-width: 760px) 100vw, 760px\" \/><figcaption class=\"wp-element-caption\">Coupe de cheveux blonde Chanel<\/figcaption><\/figure>\n<div id=\"ez-toc-container\" class=\"ez-toc-v2_0_76 counter-hierarchy ez-toc-counter ez-toc-grey ez-toc-container-direction\">\n<p class=\"ez-toc-title\" style=\"cursor:inherit\">Vous lirez cet article<\/p>\n<label for=\"ez-toc-cssicon-toggle-item-69f049f8c98be\" class=\"ez-toc-cssicon-toggle-label\"><span class=\"ez-toc-cssicon\"><span class=\"eztoc-hide\" style=\"display:none;\">Basculer<\/span><span class=\"ez-toc-icon-toggle-span\"><svg style=\"fill: #999;color:#999\" xmlns=\"http:\/\/www.w3.org\/2000\/svg\" class=\"list-377408\" width=\"20px\" height=\"20px\" viewbox=\"0 0 24 24\" fill=\"none\"><path d=\"M6 6H4v2h2V6zm14 0H8v2h12V6zM4 11h2v2H4v-2zm16 0H8v2h12v-2zM4 16h2v2H4v-2zm16 0H8v2h12v-2z\" fill=\"currentColor\"><\/path><\/svg><svg style=\"fill: #999;color:#999\" class=\"arrow-unsorted-368013\" xmlns=\"http:\/\/www.w3.org\/2000\/svg\" width=\"10px\" height=\"10px\" viewbox=\"0 0 24 24\" version=\"1.2\" baseprofile=\"tiny\"><path d=\"M18.2 9.3l-6.2-6.3-6.2 6.3c-.2.2-.3.4-.3.7s.1.5.3.7c.2.2.4.3.7.3h11c.3 0 .5-.1.7-.3.2-.2.3-.5.3-.7s-.1-.5-.3-.7zM5.8 14.7l6.2 6.3 6.2-6.3c.2-.2.3-.5.3-.7s-.1-.5-.3-.7c-.2-.2-.4-.3-.7-.3h-11c-.3 0-.5.1-.7.3-.2.2-.3.5-.3.7s.1.5.3.7z\"\/><\/svg><\/span><\/span><\/label><input type=\"checkbox\"  id=\"ez-toc-cssicon-toggle-item-69f049f8c98be\"  aria-label=\"Basculer\" \/><nav><ul class='ez-toc-list ez-toc-list-level-1' ><li class='ez-toc-page-1 ez-toc-heading-level-2'><a class=\"ez-toc-link ez-toc-heading-1\" href=\"https:\/\/danidrops.com.br\/fr\/coupe-de-cheveux-chanel-2024\/#Qual_e_a_tendencia_de_corte_de_cabelo_chanel_2024\" >Quelle est la tendance coupe de cheveux Chanel 2024 ?<\/a><\/li><li class='ez-toc-page-1 ez-toc-heading-level-2'><a class=\"ez-toc-link ez-toc-heading-2\" href=\"https:\/\/danidrops.com.br\/fr\/coupe-de-cheveux-chanel-2024\/#Corte_de_Cabelo_Chanel_Armado\" >Coupe de cheveux Chanel Armado<\/a><\/li><li class='ez-toc-page-1 ez-toc-heading-level-2'><a class=\"ez-toc-link ez-toc-heading-3\" href=\"https:\/\/danidrops.com.br\/fr\/coupe-de-cheveux-chanel-2024\/#Corte_de_Cabelo_Chanel_Anos_80\" >Coupe de cheveux Chanel des ann\u00e9es 80<\/a><\/li><li class='ez-toc-page-1 ez-toc-heading-level-2'><a class=\"ez-toc-link ez-toc-heading-4\" href=\"https:\/\/danidrops.com.br\/fr\/coupe-de-cheveux-chanel-2024\/#Corte_de_Cabelo_Chanel_Alisado\" >Coupe de cheveux liss\u00e9e Chanel<\/a><\/li><li class='ez-toc-page-1 ez-toc-heading-level-2'><a class=\"ez-toc-link ez-toc-heading-5\" href=\"https:\/\/danidrops.com.br\/fr\/coupe-de-cheveux-chanel-2024\/#Corte_de_Cabelo_Chanel_Assimetrico\" >Coupe de cheveux Chanel asym\u00e9trique<\/a><\/li><li class='ez-toc-page-1 ez-toc-heading-level-2'><a class=\"ez-toc-link ez-toc-heading-6\" href=\"https:\/\/danidrops.com.br\/fr\/coupe-de-cheveux-chanel-2024\/#Corte_de_Cabelo_Chanel_Anos_90\" >Coupe de cheveux Chanel des ann\u00e9es 90<\/a><\/li><li class='ez-toc-page-1 ez-toc-heading-level-2'><a class=\"ez-toc-link ez-toc-heading-7\" href=\"https:\/\/danidrops.com.br\/fr\/coupe-de-cheveux-chanel-2024\/#Corte_de_Cabelo_Chanel_Alongado\" >Coupe de cheveux Chanel allong\u00e9e<\/a><\/li><li class='ez-toc-page-1 ez-toc-heading-level-2'><a class=\"ez-toc-link ez-toc-heading-8\" href=\"https:\/\/danidrops.com.br\/fr\/coupe-de-cheveux-chanel-2024\/#Corte_de_Cabelo_Chanel_Curto\" >Coupe de cheveux courte Chanel<\/a><\/li><li class='ez-toc-page-1 ez-toc-heading-level-2'><a class=\"ez-toc-link ez-toc-heading-9\" href=\"https:\/\/danidrops.com.br\/fr\/coupe-de-cheveux-chanel-2024\/#Corte_de_Cabelo_Chanel_Longo\" >Coupe de cheveux longue Chanel<\/a><\/li><li class='ez-toc-page-1 ez-toc-heading-level-2'><a class=\"ez-toc-link ez-toc-heading-10\" href=\"https:\/\/danidrops.com.br\/fr\/coupe-de-cheveux-chanel-2024\/#Corte_de_Cabelo_Chanel_Medio\" >Coupe de cheveux Chanel moyenne<\/a><\/li><li class='ez-toc-page-1 ez-toc-heading-level-2'><a class=\"ez-toc-link ez-toc-heading-11\" href=\"https:\/\/danidrops.com.br\/fr\/coupe-de-cheveux-chanel-2024\/#Corte_de_Cabelo_Chanel_de_Bico_Curto\" >Coupe de cheveux Chanel nez court<\/a><\/li><li class='ez-toc-page-1 ez-toc-heading-level-2'><a class=\"ez-toc-link ez-toc-heading-12\" href=\"https:\/\/danidrops.com.br\/fr\/coupe-de-cheveux-chanel-2024\/#Corte_de_Cabelo_Chanel_de_Bico_Longo\" >Coupe de cheveux Chanel long bec<\/a><\/li><li class='ez-toc-page-1 ez-toc-heading-level-2'><a class=\"ez-toc-link ez-toc-heading-13\" href=\"https:\/\/danidrops.com.br\/fr\/coupe-de-cheveux-chanel-2024\/#Corte_de_Cabelo_Chanel_de_Bico_Medio\" >Coupe de cheveux Chanel nez moyen<\/a><\/li><li class='ez-toc-page-1 ez-toc-heading-level-2'><a class=\"ez-toc-link ez-toc-heading-14\" href=\"https:\/\/danidrops.com.br\/fr\/coupe-de-cheveux-chanel-2024\/#Corte_de_Cabelo_Chanel_com_Franja\" >Coupe de cheveux Chanel avec frange<\/a><\/li><li class='ez-toc-page-1 ez-toc-heading-level-2'><a class=\"ez-toc-link ez-toc-heading-15\" href=\"https:\/\/danidrops.com.br\/fr\/coupe-de-cheveux-chanel-2024\/#Corte_de_Cabelo_Chanel_com_Luzes\" >Coupe de cheveux Chanel avec des reflets<\/a><\/li><li class='ez-toc-page-1 ez-toc-heading-level-2'><a class=\"ez-toc-link ez-toc-heading-16\" href=\"https:\/\/danidrops.com.br\/fr\/coupe-de-cheveux-chanel-2024\/#Corte_de_Cabelo_Chanel_Repicado\" >Coupe de cheveux en pointe Chanel<\/a><\/li><li class='ez-toc-page-1 ez-toc-heading-level-2'><a class=\"ez-toc-link ez-toc-heading-17\" href=\"https:\/\/danidrops.com.br\/fr\/coupe-de-cheveux-chanel-2024\/#Corte_de_Cabelo_Chanel_Crespo\" >Coupe de cheveux Chanel Crespo<\/a><\/li><li class='ez-toc-page-1 ez-toc-heading-level-2'><a class=\"ez-toc-link ez-toc-heading-18\" href=\"https:\/\/danidrops.com.br\/fr\/coupe-de-cheveux-chanel-2024\/#Corte_de_Cabelo_Chanel_Cacheado\" >Coupe de cheveux boucl\u00e9s Chanel<\/a><\/li><li class='ez-toc-page-1 ez-toc-heading-level-2'><a class=\"ez-toc-link ez-toc-heading-19\" href=\"https:\/\/danidrops.com.br\/fr\/coupe-de-cheveux-chanel-2024\/#Corte_de_Cabelo_Chanel_Ondulado\" >Coupe de cheveux Chanel ondul\u00e9e<\/a><\/li><li class='ez-toc-page-1 ez-toc-heading-level-2'><a class=\"ez-toc-link ez-toc-heading-20\" href=\"https:\/\/danidrops.com.br\/fr\/coupe-de-cheveux-chanel-2024\/#Corte_de_Cabelo_Chanel_Liso\" >Coupe de cheveux droite Chanel<\/a><\/li><li class='ez-toc-page-1 ez-toc-heading-level-2'><a class=\"ez-toc-link ez-toc-heading-21\" href=\"https:\/\/danidrops.com.br\/fr\/coupe-de-cheveux-chanel-2024\/#Corte_de_Cabelo_Chanel_Loiro\" >Coupe de cheveux blonde Chanel<\/a><\/li><\/ul><\/nav><\/div>","protected":false},"excerpt":{"rendered":"<p>La coupe de cheveux Chanel 2024 est le choix parfait pour celles qui veulent avoir des cheveux courts classiques avec des pointes longues, super modernes et sophistiqu\u00e9es.\u2026<\/p>","protected":false},"author":1,"featured_media":86737,"comment_status":"open","ping_status":"open","sticky":false,"template":"","format":"standard","meta":{"footnotes":""},"categories":[439],"tags":[],"class_list":["post-86672","post","type-post","status-publish","format-standard","has-post-thumbnail","hentry","category-cabelo"],"_links":{"self":[{"href":"https:\/\/danidrops.com.br\/fr\/wp-json\/wp\/v2\/posts\/86672","targetHints":{"allow":["GET"]}}],"collection":[{"href":"https:\/\/danidrops.com.br\/fr\/wp-json\/wp\/v2\/posts"}],"about":[{"href":"https:\/\/danidrops.com.br\/fr\/wp-json\/wp\/v2\/types\/post"}],"author":[{"embeddable":true,"href":"https:\/\/danidrops.com.br\/fr\/wp-json\/wp\/v2\/users\/1"}],"replies":[{"embeddable":true,"href":"https:\/\/danidrops.com.br\/fr\/wp-json\/wp\/v2\/comments?post=86672"}],"version-history":[{"count":0,"href":"https:\/\/danidrops.com.br\/fr\/wp-json\/wp\/v2\/posts\/86672\/revisions"}],"wp:featuredmedia":[{"embeddable":true,"href":"https:\/\/danidrops.com.br\/fr\/wp-json\/wp\/v2\/media\/86737"}],"wp:attachment":[{"href":"https:\/\/danidrops.com.br\/fr\/wp-json\/wp\/v2\/media?parent=86672"}],"wp:term":[{"taxonomy":"category","embeddable":true,"href":"https:\/\/danidrops.com.br\/fr\/wp-json\/wp\/v2\/categories?post=86672"},{"taxonomy":"post_tag","embeddable":true,"href":"https:\/\/danidrops.com.br\/fr\/wp-json\/wp\/v2\/tags?post=86672"}],"curies":[{"name":"wp","href":"https:\/\/api.w.org\/{rel}","templated":true}]}}