{"id":86765,"date":"2023-11-30T07:54:38","date_gmt":"2023-11-30T10:54:38","guid":{"rendered":"https:\/\/danidrops.com.br\/?p=86765"},"modified":"2024-03-14T11:00:13","modified_gmt":"2024-03-14T14:00:13","slug":"coupe-de-cheveux-degradee-2024","status":"publish","type":"post","link":"https:\/\/danidrops.com.br\/fr\/coupe-de-cheveux-degradee-2024\/","title":{"rendered":"Coupe de cheveux d\u00e9grad\u00e9e 2024 \u2013 D\u00e9couvrez plus de 100 inspirations pour la meilleure coupe de cheveux pour femmes"},"content":{"rendered":"<p>O <strong>Coupe de cheveux d\u00e9grad\u00e9e 2024<\/strong> C&#039;est un classique toujours \u00e0 la mode, car il met en valeur la longueur et le mouvement des cheveux. De plus, c&#039;est un look super moderne et stylis\u00e9, parfait pour ceux qui veulent commencer l&#039;ann\u00e9e prochaine du bon pied.<\/p>\n\n\n\n<div class=\"container4\">\n\t<span>A lire aussi :<\/span>\n    <ul class=\"lista\">\n\t\t<li id=\"cliquem\"><a href=\"https:\/\/danidrops.com.br\/fr\/tendance-coupe-de-cheveux-femme-2025\/\" title=\"Tendance coupe de cheveux 2024\"><strong>Tendance Coupe de Cheveux 2024 \u2013 Plus de 150 inspirations et tendances coupes de cheveux femme<\/strong><\/a><\/li>\t\n\t<\/ul>\n<\/div>\n\n<script type=\"application\/ld+json\">{\n    \"@context\": \"https:\\\/\\\/schema.org\",\n    \"@type\": \"Action\",\n    \"name\": \"Clicar em link para ler mat\\u00e9ria Tend\\u00eancia de Corte de Cabelo 2024\",\n    \"potentialAction\": {\n        \"@type\": \"ReadAction\",\n        \"target\": {\n            \"@type\": \"EntryPoint\",\n            \"urlTemplate\": \"https:\\\/\\\/danidrops.com.br\\\/tendencia-corte-de-cabelo-feminino-2025\\\/\"\n        }\n    },\n    \"object\": {\n        \"@type\": \"WebPage\",\n        \"headline\": \"Corte de Cabelo 2024\",\n        \"author\": {\n            \"@type\": \"Organization\",\n            \"name\": \"Danidrops.com.br\",\n            \"logo\": \"https:\\\/\\\/danidrops.com.br\\\/wp-content\\\/uploads\\\/2021\\\/08\\\/danidrops-logo-1.jpg\",\n            \"url\": \"https:\\\/\\\/danidrops.com.br\\\/\"\n        },\n        \"image\": \"https:\\\/\\\/danidrops.com.br\\\/wp-content\\\/uploads\\\/2023\\\/10\\\/74-Corte-de-Cabelo-2024.jpg\",\n        \"url\": \"https:\\\/\\\/danidrops.com.br\\\/tendencia-corte-de-cabelo-feminino-2025\\\/\",\n        \"description\": \"Informa\\u00e7\\u00f5es sobre a tend\\u00eancia de Corte de Cabelo 2024. Veja as inspira\\u00e7\\u00f5es que estar\\u00e3o em alta sobre a tend\\u00eancia de Corte de Cabelo 2024.\",\n        \"mainEntityOfPage\": {\n            \"@type\": \"WebPage\",\n            \"@id\": \"https:\\\/\\\/danidrops.com.br\\\/tendencia-corte-de-cabelo-feminino-2025\\\/\"\n        }\n    }\n}<\/script>\n\n\n\n<figure class=\"wp-block-image size-full\"><img loading=\"lazy\" decoding=\"async\" width=\"760\" height=\"555\" src=\"https:\/\/danidrops.com.br\/wp-content\/uploads\/2023\/11\/Corte-de-Cabelo-Repicado-2024.jpg\" alt=\"Coupe de cheveux d\u00e9grad\u00e9e 2024\" class=\"wp-image-86866\" title=\"\" srcset=\"https:\/\/danidrops.com.br\/wp-content\/uploads\/2023\/11\/Corte-de-Cabelo-Repicado-2024.jpg 760w, https:\/\/danidrops.com.br\/wp-content\/uploads\/2023\/11\/Corte-de-Cabelo-Repicado-2024-300x219.jpg 300w, https:\/\/danidrops.com.br\/wp-content\/uploads\/2023\/11\/Corte-de-Cabelo-Repicado-2024-16x12.jpg 16w, https:\/\/danidrops.com.br\/wp-content\/uploads\/2023\/11\/Corte-de-Cabelo-Repicado-2024-150x110.jpg 150w\" sizes=\"auto, (max-width: 760px) 100vw, 760px\" \/><figcaption class=\"wp-element-caption\">Coupe de cheveux d\u00e9grad\u00e9e 2024<\/figcaption><\/figure>\n\n\n\n<figure class=\"wp-block-image size-full\"><img loading=\"lazy\" decoding=\"async\" width=\"760\" height=\"555\" src=\"https:\/\/danidrops.com.br\/wp-content\/uploads\/2023\/11\/Corte-de-Cabelo-Repicado-2024-2.jpg\" alt=\"Coupe de cheveux d\u00e9grad\u00e9e 2024\" class=\"wp-image-86865\" title=\"\" srcset=\"https:\/\/danidrops.com.br\/wp-content\/uploads\/2023\/11\/Corte-de-Cabelo-Repicado-2024-2.jpg 760w, https:\/\/danidrops.com.br\/wp-content\/uploads\/2023\/11\/Corte-de-Cabelo-Repicado-2024-2-300x219.jpg 300w, https:\/\/danidrops.com.br\/wp-content\/uploads\/2023\/11\/Corte-de-Cabelo-Repicado-2024-2-16x12.jpg 16w, https:\/\/danidrops.com.br\/wp-content\/uploads\/2023\/11\/Corte-de-Cabelo-Repicado-2024-2-150x110.jpg 150w\" sizes=\"auto, (max-width: 760px) 100vw, 760px\" \/><figcaption class=\"wp-element-caption\">Coupe de cheveux d\u00e9grad\u00e9e 2024<\/figcaption><\/figure>\n\n\n\n<script type=\"application\/ld+json\">{\n    \"@context\": \"https:\\\/\\\/schema.org\",\n    \"@type\": \"FAQPage\",\n    \"mainEntity\": {\n        \"@type\": \"Question\",\n        \"name\": \"Quais os cortes de Cabelo Repicado 2024 que ser\\u00e3o tend\\u00eanci\",\n        \"acceptedAnswer\": {\n            \"@type\": \"Answer\",\n            \"text\": \"Os cortes repicados que ganhar\\u00e3o maior destaque no ano de 2024 s\\u00e3o: Cabelo repicado Chanel, Cabelo repicado longo, Cabelo repicado m\\u00e9dio, Cabelo repicado curto, Cabelo repicado com franja, Cabelo repicado nas pontas, Cabelo repicado longo em camadas, Cabelo repicado na altura do ombro, Cabelo repicado curto desfiado, Cabelo repicado em camadas, Cabelo repicado long bob, Cabelo repicado com franja cortina, Cabelo repicado cacheado, Cabelo repicado crespo, Cabelo repicado para loiras, Cabelo repicado para morenas, Cabelo repicado anos 80, Cabelo repicado para rosto redondo, Cabelo repicado liso, Cabelo repicado ondulado, Cabelo repicado anos 90, Cabelo repicado arredondado, Cabelo repicado bagun\\u00e7ado, Cabelo repicado com progressiva, Cabelo repicado degrad\\u00ea, Cabelo repicado desfiado, Cabelo repicado de bico, Cabelo repicado de homem, Cabelo repicado em V, Cabelo repicado em U, Cabelo repicado fino, Cabelo repicado com franja lateral, Cabelo repicado Pixie cut, Cabelo repicado Jo\\u00e3ozinho, Cabelo repicado volumoso, Cabelo repicado Afro, Cabelo repicado branco, Cabelo repicado grisalho, Cabelo repicado iluminado, Cabelo repicado preto, Cabelo repicado ruivo, Cabelo repicado vermelho, Cabelo repicado infantil, Cabelo repicado para senhoras.\"\n        }\n    }\n}<\/script>\n\n\n\n<h2 class=\"wp-block-heading\"><span class=\"ez-toc-section\" id=\"O_que_e_o_corte_de_cabelo_repicado_2024\"><\/span>Quelle est la coupe de cheveux coup\u00e9e 2024 ?<span class=\"ez-toc-section-end\"><\/span><\/h2>\n\n\n\n<p>Le look coupe de cheveux hach\u00e9e 2024 n\u2019est rien d\u2019autre qu\u2019une technique utilis\u00e9e pour affiner et d\u00e9connecter in\u00e9galement les pointes des cheveux. C&#039;est une coupe irr\u00e9guli\u00e8re et tr\u00e8s moderne, id\u00e9ale pour ceux qui veulent un look d\u00e9contract\u00e9 et jeune.<\/p>\n\n\n\n<figure class=\"wp-block-image size-full\"><img loading=\"lazy\" decoding=\"async\" width=\"760\" height=\"555\" src=\"https:\/\/danidrops.com.br\/wp-content\/uploads\/2023\/11\/O-que-e-o-corte-de-cabelo-repicado-2024.jpg\" alt=\"Quelle est la coupe de cheveux coup\u00e9e 2024\" class=\"wp-image-86868\" title=\"\" srcset=\"https:\/\/danidrops.com.br\/wp-content\/uploads\/2023\/11\/O-que-e-o-corte-de-cabelo-repicado-2024.jpg 760w, https:\/\/danidrops.com.br\/wp-content\/uploads\/2023\/11\/O-que-e-o-corte-de-cabelo-repicado-2024-300x219.jpg 300w, https:\/\/danidrops.com.br\/wp-content\/uploads\/2023\/11\/O-que-e-o-corte-de-cabelo-repicado-2024-16x12.jpg 16w, https:\/\/danidrops.com.br\/wp-content\/uploads\/2023\/11\/O-que-e-o-corte-de-cabelo-repicado-2024-150x110.jpg 150w\" sizes=\"auto, (max-width: 760px) 100vw, 760px\" \/><figcaption class=\"wp-element-caption\">Quelle est la coupe de cheveux coup\u00e9e 2024<\/figcaption><\/figure>\n\n\n\n<p>L\u2019un des points positifs des cheveux coup\u00e9s est l\u2019asym\u00e9trie et les m\u00e8ches de tailles in\u00e9gales, car elles donnent un aspect l\u00e9ger et d\u00e9licat. De plus, il peut \u00eatre utilis\u00e9 sur les cheveux raides, ondul\u00e9s, boucl\u00e9s et cr\u00e9pus.<\/p>\n\n\n\n<figure class=\"wp-block-image size-full\"><img loading=\"lazy\" decoding=\"async\" width=\"760\" height=\"555\" src=\"https:\/\/danidrops.com.br\/wp-content\/uploads\/2023\/11\/O-que-e-o-corte-de-cabelo-repicado-2024-2.jpg\" alt=\"Quelle est la coupe de cheveux coup\u00e9e 2024\" class=\"wp-image-86867\" title=\"\" srcset=\"https:\/\/danidrops.com.br\/wp-content\/uploads\/2023\/11\/O-que-e-o-corte-de-cabelo-repicado-2024-2.jpg 760w, https:\/\/danidrops.com.br\/wp-content\/uploads\/2023\/11\/O-que-e-o-corte-de-cabelo-repicado-2024-2-300x219.jpg 300w, https:\/\/danidrops.com.br\/wp-content\/uploads\/2023\/11\/O-que-e-o-corte-de-cabelo-repicado-2024-2-16x12.jpg 16w, https:\/\/danidrops.com.br\/wp-content\/uploads\/2023\/11\/O-que-e-o-corte-de-cabelo-repicado-2024-2-150x110.jpg 150w\" sizes=\"auto, (max-width: 760px) 100vw, 760px\" \/><figcaption class=\"wp-element-caption\">Quelle est la coupe de cheveux coup\u00e9e 2024<\/figcaption><\/figure>\n\n\n\n<h2 class=\"wp-block-heading\"><span class=\"ez-toc-section\" id=\"Quais_os_tipos_de_cabelo_repicado_2024\"><\/span>Quels sont les types de cheveux coup\u00e9s en 2024 ?<span class=\"ez-toc-section-end\"><\/span><\/h2>\n\n\n\n<p>La coupe de cheveux hach\u00e9e 2024 peut \u00eatre adapt\u00e9e \u00e0 plusieurs autres types de coupes, de la plus courte \u00e0 la plus longue. Certains mod\u00e8les qui se marient bien avec les m\u00e8ches superpos\u00e9es sont la coupe en V, le carr\u00e9 long, les coupes avec frange longue et lat\u00e9rale, Chanel et bien plus encore.<\/p>\n\n\n\n<figure class=\"wp-block-image size-full\"><img loading=\"lazy\" decoding=\"async\" width=\"760\" height=\"555\" src=\"https:\/\/danidrops.com.br\/wp-content\/uploads\/2023\/11\/Quais-os-tipos-de-cabelo-repicado-2024.jpg\" alt=\"Quels sont les types de cheveux coup\u00e9s 2024\" class=\"wp-image-86872\" title=\"\" srcset=\"https:\/\/danidrops.com.br\/wp-content\/uploads\/2023\/11\/Quais-os-tipos-de-cabelo-repicado-2024.jpg 760w, https:\/\/danidrops.com.br\/wp-content\/uploads\/2023\/11\/Quais-os-tipos-de-cabelo-repicado-2024-300x219.jpg 300w, https:\/\/danidrops.com.br\/wp-content\/uploads\/2023\/11\/Quais-os-tipos-de-cabelo-repicado-2024-16x12.jpg 16w, https:\/\/danidrops.com.br\/wp-content\/uploads\/2023\/11\/Quais-os-tipos-de-cabelo-repicado-2024-150x110.jpg 150w\" sizes=\"auto, (max-width: 760px) 100vw, 760px\" \/><figcaption class=\"wp-element-caption\">Quels sont les types de cheveux coup\u00e9s 2024<\/figcaption><\/figure>\n\n\n\n<figure class=\"wp-block-image size-full\"><img loading=\"lazy\" decoding=\"async\" width=\"760\" height=\"555\" src=\"https:\/\/danidrops.com.br\/wp-content\/uploads\/2023\/11\/Quais-os-tipos-de-cabelo-repicado-2024-2.jpg\" alt=\"Quels sont les types de cheveux coup\u00e9s 2024\" class=\"wp-image-86871\" title=\"\" srcset=\"https:\/\/danidrops.com.br\/wp-content\/uploads\/2023\/11\/Quais-os-tipos-de-cabelo-repicado-2024-2.jpg 760w, https:\/\/danidrops.com.br\/wp-content\/uploads\/2023\/11\/Quais-os-tipos-de-cabelo-repicado-2024-2-300x219.jpg 300w, https:\/\/danidrops.com.br\/wp-content\/uploads\/2023\/11\/Quais-os-tipos-de-cabelo-repicado-2024-2-16x12.jpg 16w, https:\/\/danidrops.com.br\/wp-content\/uploads\/2023\/11\/Quais-os-tipos-de-cabelo-repicado-2024-2-150x110.jpg 150w\" sizes=\"auto, (max-width: 760px) 100vw, 760px\" \/><figcaption class=\"wp-element-caption\">Quels sont les types de cheveux coup\u00e9s 2024<\/figcaption><\/figure>\n\n\n\n<h2 class=\"wp-block-heading\"><span class=\"ez-toc-section\" id=\"Quais_os_cortes_de_Cabelo_Repicado_2024_que_serao_tendencia\"><\/span>Quelles coupes de cheveux 2024 seront une tendance ?<span class=\"ez-toc-section-end\"><\/span><\/h2>\n\n\n\n<p>Comme mentionn\u00e9 pr\u00e9c\u00e9demment, la coupe de cheveux coup\u00e9e en 2024 sera une grande tendance chez les femmes, car elle met en valeur leur beaut\u00e9 naturelle et leur donne un look plus l\u00e9ger et d\u00e9licat.<\/p>\n\n\n\n<figure class=\"wp-block-image size-full\"><img loading=\"lazy\" decoding=\"async\" width=\"760\" height=\"555\" src=\"https:\/\/danidrops.com.br\/wp-content\/uploads\/2023\/11\/Quais-os-cortes-de-Cabelo-Repicado-2024-que-serao-tendencia.jpg\" alt=\"Quelles coupes de cheveux 2024 seront une tendance\" class=\"wp-image-86870\" title=\"\" srcset=\"https:\/\/danidrops.com.br\/wp-content\/uploads\/2023\/11\/Quais-os-cortes-de-Cabelo-Repicado-2024-que-serao-tendencia.jpg 760w, https:\/\/danidrops.com.br\/wp-content\/uploads\/2023\/11\/Quais-os-cortes-de-Cabelo-Repicado-2024-que-serao-tendencia-300x219.jpg 300w, https:\/\/danidrops.com.br\/wp-content\/uploads\/2023\/11\/Quais-os-cortes-de-Cabelo-Repicado-2024-que-serao-tendencia-16x12.jpg 16w, https:\/\/danidrops.com.br\/wp-content\/uploads\/2023\/11\/Quais-os-cortes-de-Cabelo-Repicado-2024-que-serao-tendencia-150x110.jpg 150w\" sizes=\"auto, (max-width: 760px) 100vw, 760px\" \/><figcaption class=\"wp-element-caption\">Quelles coupes de cheveux 2024 seront une tendance<\/figcaption><\/figure>\n\n\n\n<p>Certaines des coupes courtes qui seront \u00e0 la mode sont\u00a0: Chanel, Long Bob, V-cut, U-cut, Contour Bob, medium, short et long cropped, Pixie, Wolf Cut, Shaggy Hair, Bixie et plusieurs autres.<\/p>\n\n\n\n<figure class=\"wp-block-image size-full\"><img loading=\"lazy\" decoding=\"async\" width=\"760\" height=\"555\" src=\"https:\/\/danidrops.com.br\/wp-content\/uploads\/2023\/11\/Quais-os-cortes-de-Cabelo-Repicado-2024-que-serao-tendencia-2.jpg\" alt=\"Quelles coupes de cheveux 2024 seront une tendance\" class=\"wp-image-86869\" title=\"\" srcset=\"https:\/\/danidrops.com.br\/wp-content\/uploads\/2023\/11\/Quais-os-cortes-de-Cabelo-Repicado-2024-que-serao-tendencia-2.jpg 760w, https:\/\/danidrops.com.br\/wp-content\/uploads\/2023\/11\/Quais-os-cortes-de-Cabelo-Repicado-2024-que-serao-tendencia-2-300x219.jpg 300w, https:\/\/danidrops.com.br\/wp-content\/uploads\/2023\/11\/Quais-os-cortes-de-Cabelo-Repicado-2024-que-serao-tendencia-2-16x12.jpg 16w, https:\/\/danidrops.com.br\/wp-content\/uploads\/2023\/11\/Quais-os-cortes-de-Cabelo-Repicado-2024-que-serao-tendencia-2-150x110.jpg 150w\" sizes=\"auto, (max-width: 760px) 100vw, 760px\" \/><figcaption class=\"wp-element-caption\">Quelles coupes de cheveux 2024 seront une tendance<\/figcaption><\/figure>\n\n\n\n<p>Tu&nbsp;<strong>des r\u00e9ductions r\u00e9p\u00e9t\u00e9es qui gagneront en importance en 2024<\/strong>&nbsp;sommes:<\/p>\n\n\n\n<ul class=\"wp-block-list\">\n<li>Cheveux en couches Chanel 2023<\/li>\n\n\n\n<li>cheveux longs et agit\u00e9s 2023<\/li>\n\n\n\n<li>Cheveux en couches moyennes 2023<\/li>\n\n\n\n<li>cheveux courts en couches 2023<\/li>\n\n\n\n<li>Coupe de cheveux avec frange 2023<\/li>\n\n\n\n<li>Cheveux coup\u00e9s aux pointes<\/li>\n\n\n\n<li>Coupe de cheveux longue d\u00e9grad\u00e9e<\/li>\n\n\n\n<li>Coupe de cheveux aux \u00e9paules<\/li>\n\n\n\n<li>Cheveux courts coup\u00e9s<\/li>\n\n\n\n<li>Coupe de cheveux en couches<\/li>\n\n\n\n<li>cheveux longs coup\u00e9s au carr\u00e9<\/li>\n\n\n\n<li>Coupe de cheveux avec une frange de rideau<\/li>\n\n\n\n<li>cheveux boucl\u00e9s en pointe<\/li>\n\n\n\n<li>cheveux boucl\u00e9s<\/li>\n\n\n\n<li>Coupe de cheveux pour les blondes<\/li>\n\n\n\n<li>Cheveux courts pour les brunes<\/li>\n\n\n\n<li>coupe de cheveux des ann\u00e9es 80<\/li>\n\n\n\n<li>Coupe de cheveux pour visage rond<\/li>\n\n\n\n<li>cheveux coup\u00e9s raides<\/li>\n\n\n\n<li>cheveux coup\u00e9s ondul\u00e9s<\/li>\n\n\n\n<li>coupe de cheveux des ann\u00e9es 90<\/li>\n\n\n\n<li>Cheveux \u00e0 pointe arrondie<\/li>\n\n\n\n<li>cheveux h\u00e9riss\u00e9s en d\u00e9sordre<\/li>\n\n\n\n<li>Coupe de cheveux avec progressif<\/li>\n\n\n\n<li>Cheveux pointus d\u00e9grad\u00e9s<\/li>\n\n\n\n<li>cheveux pointus d\u00e9chiquet\u00e9s<\/li>\n\n\n\n<li>cheveux pointus<\/li>\n\n\n\n<li>Coupe de cheveux homme<\/li>\n\n\n\n<li>cheveux coup\u00e9s en V<\/li>\n\n\n\n<li>Cheveux coup\u00e9s en U<\/li>\n\n\n\n<li>cheveux coup\u00e9s fins<\/li>\n\n\n\n<li>Cheveux superpos\u00e9s avec une frange lat\u00e9rale<\/li>\n\n\n\n<li>coupe de cheveux coupe pixie<\/li>\n\n\n\n<li>Jo\u00e3ozinho a coup\u00e9 les cheveux<\/li>\n\n\n\n<li>cheveux pointus volumineux<\/li>\n\n\n\n<li>Cheveux pointus afro<\/li>\n\n\n\n<li>cheveux blancs h\u00e9riss\u00e9s<\/li>\n\n\n\n<li>cheveux gris h\u00e9riss\u00e9s<\/li>\n\n\n\n<li>coupe de cheveux en surbrillance<\/li>\n\n\n\n<li>cheveux noirs h\u00e9riss\u00e9s<\/li>\n\n\n\n<li>cheveux roux h\u00e9riss\u00e9s<\/li>\n\n\n\n<li>cheveux roux h\u00e9riss\u00e9s<\/li>\n\n\n\n<li>cheveux coup\u00e9s pour enfants<\/li>\n\n\n\n<li>Coupe de cheveux pour dames<\/li>\n<\/ul>\n\n\n\n<h2 class=\"wp-block-heading\"><span class=\"ez-toc-section\" id=\"Cabelo_repicado_Chanel_2024\"><\/span>Chanel 2024 cheveux coup\u00e9s<span class=\"ez-toc-section-end\"><\/span><\/h2>\n\n\n\n<p>La coiffure courte classique Chanel 2024 sera l&#039;un des plus gros paris dans les salons de beaut\u00e9, car les femmes recherchent des coupes courtes, moyennes, stylis\u00e9es et modernes, parfaites pour toutes les occasions.<\/p>\n\n\n\n<figure class=\"wp-block-image size-full\"><img loading=\"lazy\" decoding=\"async\" width=\"760\" height=\"555\" src=\"https:\/\/danidrops.com.br\/wp-content\/uploads\/2023\/11\/Cabelo-repicado-Chanel-2024.jpg\" alt=\"Chanel 2024 cheveux coup\u00e9s\" class=\"wp-image-86874\" title=\"\" srcset=\"https:\/\/danidrops.com.br\/wp-content\/uploads\/2023\/11\/Cabelo-repicado-Chanel-2024.jpg 760w, https:\/\/danidrops.com.br\/wp-content\/uploads\/2023\/11\/Cabelo-repicado-Chanel-2024-300x219.jpg 300w, https:\/\/danidrops.com.br\/wp-content\/uploads\/2023\/11\/Cabelo-repicado-Chanel-2024-16x12.jpg 16w, https:\/\/danidrops.com.br\/wp-content\/uploads\/2023\/11\/Cabelo-repicado-Chanel-2024-150x110.jpg 150w\" sizes=\"auto, (max-width: 760px) 100vw, 760px\" \/><figcaption class=\"wp-element-caption\">Chanel 2024 cheveux coup\u00e9s<\/figcaption><\/figure>\n\n\n\n<p>Toutes les d\u00e9clinaisons Chanel seront les bienvenues dans la coupe coup\u00e9e 2024, de la plus courte \u00e0 la plus longue, pour peu qu&#039;elle r\u00e9ponde aux crit\u00e8res d&#039;asym\u00e9trie des pointes.<\/p>\n\n\n\n<figure class=\"wp-block-image size-full\"><img loading=\"lazy\" decoding=\"async\" width=\"760\" height=\"555\" src=\"https:\/\/danidrops.com.br\/wp-content\/uploads\/2023\/11\/Cabelo-repicado-Chanel-2024-2.jpg\" alt=\"Chanel 2024 cheveux coup\u00e9s\" class=\"wp-image-86873\" title=\"\" srcset=\"https:\/\/danidrops.com.br\/wp-content\/uploads\/2023\/11\/Cabelo-repicado-Chanel-2024-2.jpg 760w, https:\/\/danidrops.com.br\/wp-content\/uploads\/2023\/11\/Cabelo-repicado-Chanel-2024-2-300x219.jpg 300w, https:\/\/danidrops.com.br\/wp-content\/uploads\/2023\/11\/Cabelo-repicado-Chanel-2024-2-16x12.jpg 16w, https:\/\/danidrops.com.br\/wp-content\/uploads\/2023\/11\/Cabelo-repicado-Chanel-2024-2-150x110.jpg 150w\" sizes=\"auto, (max-width: 760px) 100vw, 760px\" \/><figcaption class=\"wp-element-caption\">Chanel 2024 cheveux coup\u00e9s<\/figcaption><\/figure>\n\n\n\n<h2 class=\"wp-block-heading\"><span class=\"ez-toc-section\" id=\"Cabelo_repicado_longo_2024\"><\/span>Cheveux longs coup\u00e9s 2024<span class=\"ez-toc-section-end\"><\/span><\/h2>\n\n\n\n<p>Pour celles qui ne veulent pas renoncer \u00e0 la longueur, les cheveux longs coup\u00e9s 2024 sont le choix parfait, car les m\u00e8ches in\u00e9gales donnent un look avec volume, mouvement et texture, pouvant ainsi aller au-del\u00e0 de l&#039;\u00e9vidence et renouveler le style.<\/p>\n\n\n\n<figure class=\"wp-block-image size-full\"><img loading=\"lazy\" decoding=\"async\" width=\"760\" height=\"555\" src=\"https:\/\/danidrops.com.br\/wp-content\/uploads\/2023\/11\/Cabelo-repicado-longo-2024-2.jpg\" alt=\"Cheveux longs coup\u00e9s 2024\" class=\"wp-image-86879\" title=\"\" srcset=\"https:\/\/danidrops.com.br\/wp-content\/uploads\/2023\/11\/Cabelo-repicado-longo-2024-2.jpg 760w, https:\/\/danidrops.com.br\/wp-content\/uploads\/2023\/11\/Cabelo-repicado-longo-2024-2-300x219.jpg 300w, https:\/\/danidrops.com.br\/wp-content\/uploads\/2023\/11\/Cabelo-repicado-longo-2024-2-16x12.jpg 16w, https:\/\/danidrops.com.br\/wp-content\/uploads\/2023\/11\/Cabelo-repicado-longo-2024-2-150x110.jpg 150w\" sizes=\"auto, (max-width: 760px) 100vw, 760px\" \/><figcaption class=\"wp-element-caption\">Cheveux longs coup\u00e9s 2024<\/figcaption><\/figure>\n\n\n\n<figure class=\"wp-block-image size-full\"><img loading=\"lazy\" decoding=\"async\" width=\"760\" height=\"555\" src=\"https:\/\/danidrops.com.br\/wp-content\/uploads\/2023\/11\/Cabelo-repicado-longo-2024.jpg\" alt=\"Cheveux longs coup\u00e9s 2024\" class=\"wp-image-86858\" title=\"\" srcset=\"https:\/\/danidrops.com.br\/wp-content\/uploads\/2023\/11\/Cabelo-repicado-longo-2024.jpg 760w, https:\/\/danidrops.com.br\/wp-content\/uploads\/2023\/11\/Cabelo-repicado-longo-2024-300x219.jpg 300w, https:\/\/danidrops.com.br\/wp-content\/uploads\/2023\/11\/Cabelo-repicado-longo-2024-16x12.jpg 16w, https:\/\/danidrops.com.br\/wp-content\/uploads\/2023\/11\/Cabelo-repicado-longo-2024-150x110.jpg 150w\" sizes=\"auto, (max-width: 760px) 100vw, 760px\" \/><figcaption class=\"wp-element-caption\">Cheveux longs coup\u00e9s 2024<\/figcaption><\/figure>\n\n\n\n<h2 class=\"wp-block-heading\"><span class=\"ez-toc-section\" id=\"Cabelo_repicado_medio_2024\"><\/span>Cheveux mi-coup\u00e9s 2024<span class=\"ez-toc-section-end\"><\/span><\/h2>\n\n\n\n<p>La coiffure mi-courte 2024 est l\u2019une des plus \u00e9l\u00e9gantes et modernes, car elle a une longueur id\u00e9ale pour tout type d\u2019\u00e9v\u00e9nement. De plus, c\u2019est une coupe qui s\u2019harmonise bien avec tous les types de visages et peut s\u2019adapter \u00e0 tout type de cheveux.<\/p>\n\n\n\n<figure class=\"wp-block-image size-full\"><img loading=\"lazy\" decoding=\"async\" width=\"760\" height=\"555\" src=\"https:\/\/danidrops.com.br\/wp-content\/uploads\/2023\/11\/Cabelo-repicado-medio-2024.jpg\" alt=\"Cheveux mi-coup\u00e9s 2024\" class=\"wp-image-86862\" title=\"\" srcset=\"https:\/\/danidrops.com.br\/wp-content\/uploads\/2023\/11\/Cabelo-repicado-medio-2024.jpg 760w, https:\/\/danidrops.com.br\/wp-content\/uploads\/2023\/11\/Cabelo-repicado-medio-2024-300x219.jpg 300w, https:\/\/danidrops.com.br\/wp-content\/uploads\/2023\/11\/Cabelo-repicado-medio-2024-16x12.jpg 16w, https:\/\/danidrops.com.br\/wp-content\/uploads\/2023\/11\/Cabelo-repicado-medio-2024-150x110.jpg 150w\" sizes=\"auto, (max-width: 760px) 100vw, 760px\" \/><figcaption class=\"wp-element-caption\">Cheveux mi-coup\u00e9s 2024<\/figcaption><\/figure>\n\n\n\n<figure class=\"wp-block-image size-full\"><img loading=\"lazy\" decoding=\"async\" width=\"760\" height=\"555\" src=\"https:\/\/danidrops.com.br\/wp-content\/uploads\/2023\/11\/Cabelo-repicado-medio-2024-2.jpg\" alt=\"Cheveux mi-coup\u00e9s 2024\" class=\"wp-image-86861\" title=\"\" srcset=\"https:\/\/danidrops.com.br\/wp-content\/uploads\/2023\/11\/Cabelo-repicado-medio-2024-2.jpg 760w, https:\/\/danidrops.com.br\/wp-content\/uploads\/2023\/11\/Cabelo-repicado-medio-2024-2-300x219.jpg 300w, https:\/\/danidrops.com.br\/wp-content\/uploads\/2023\/11\/Cabelo-repicado-medio-2024-2-16x12.jpg 16w, https:\/\/danidrops.com.br\/wp-content\/uploads\/2023\/11\/Cabelo-repicado-medio-2024-2-150x110.jpg 150w\" sizes=\"auto, (max-width: 760px) 100vw, 760px\" \/><figcaption class=\"wp-element-caption\">Cheveux mi-coup\u00e9s 2024<\/figcaption><\/figure>\n\n\n\n<h2 class=\"wp-block-heading\"><span class=\"ez-toc-section\" id=\"Cabelo_repicado_curto_2024\"><\/span>Cheveux courts coup\u00e9s 2024<span class=\"ez-toc-section-end\"><\/span><\/h2>\n\n\n\n<p>La coupe de cheveux coup\u00e9e 2024 fera fureur aupr\u00e8s des femmes qui aiment un look d\u00e9tendu et jeune. Les versions courtes sont parfaites et les variations sont \u00e9normes, le tout selon vos pr\u00e9f\u00e9rences personnelles.<\/p>\n\n\n\n<figure class=\"wp-block-image size-full\"><img loading=\"lazy\" decoding=\"async\" width=\"760\" height=\"555\" src=\"https:\/\/danidrops.com.br\/wp-content\/uploads\/2023\/11\/Cabelo-repicado-curto-2024.jpg\" alt=\"Cheveux longs coup\u00e9s 2024\" class=\"wp-image-86878\" title=\"\" srcset=\"https:\/\/danidrops.com.br\/wp-content\/uploads\/2023\/11\/Cabelo-repicado-curto-2024.jpg 760w, https:\/\/danidrops.com.br\/wp-content\/uploads\/2023\/11\/Cabelo-repicado-curto-2024-300x219.jpg 300w, https:\/\/danidrops.com.br\/wp-content\/uploads\/2023\/11\/Cabelo-repicado-curto-2024-16x12.jpg 16w, https:\/\/danidrops.com.br\/wp-content\/uploads\/2023\/11\/Cabelo-repicado-curto-2024-150x110.jpg 150w\" sizes=\"auto, (max-width: 760px) 100vw, 760px\" \/><figcaption class=\"wp-element-caption\">Cheveux longs coup\u00e9s 2024<\/figcaption><\/figure>\n\n\n\n<figure class=\"wp-block-image size-full\"><img loading=\"lazy\" decoding=\"async\" width=\"760\" height=\"555\" src=\"https:\/\/danidrops.com.br\/wp-content\/uploads\/2023\/11\/Cabelo-repicado-curto-2024-2.jpg\" alt=\"Cheveux courts coup\u00e9s 2024\" class=\"wp-image-86877\" title=\"\" srcset=\"https:\/\/danidrops.com.br\/wp-content\/uploads\/2023\/11\/Cabelo-repicado-curto-2024-2.jpg 760w, https:\/\/danidrops.com.br\/wp-content\/uploads\/2023\/11\/Cabelo-repicado-curto-2024-2-300x219.jpg 300w, https:\/\/danidrops.com.br\/wp-content\/uploads\/2023\/11\/Cabelo-repicado-curto-2024-2-16x12.jpg 16w, https:\/\/danidrops.com.br\/wp-content\/uploads\/2023\/11\/Cabelo-repicado-curto-2024-2-150x110.jpg 150w\" sizes=\"auto, (max-width: 760px) 100vw, 760px\" \/><figcaption class=\"wp-element-caption\">Cheveux courts coup\u00e9s 2024<\/figcaption><\/figure>\n\n\n\n<h2 class=\"wp-block-heading\"><span class=\"ez-toc-section\" id=\"Cabelo_repicado_com_franja_2024\"><\/span>Cheveux coup\u00e9s avec frange 2024<span class=\"ez-toc-section-end\"><\/span><\/h2>\n\n\n\n<p>Les cheveux coup\u00e9s avec frange 2024 sont une fa\u00e7on de compl\u00e9ter la coupe de cheveux coup\u00e9e pour encadrer le visage et cr\u00e9er un look plus \u00e9l\u00e9gant et harmonieux. Les types de franges varient consid\u00e9rablement et sont choisis en fonction de la forme du visage f\u00e9minin.<\/p>\n\n\n\n<figure class=\"wp-block-image size-full\"><img loading=\"lazy\" decoding=\"async\" width=\"760\" height=\"555\" src=\"https:\/\/danidrops.com.br\/wp-content\/uploads\/2023\/11\/Cabelo-repicado-com-franja-2024.jpg\" alt=\"Cheveux coup\u00e9s avec frange 2024\" class=\"wp-image-86876\" title=\"\" srcset=\"https:\/\/danidrops.com.br\/wp-content\/uploads\/2023\/11\/Cabelo-repicado-com-franja-2024.jpg 760w, https:\/\/danidrops.com.br\/wp-content\/uploads\/2023\/11\/Cabelo-repicado-com-franja-2024-300x219.jpg 300w, https:\/\/danidrops.com.br\/wp-content\/uploads\/2023\/11\/Cabelo-repicado-com-franja-2024-16x12.jpg 16w, https:\/\/danidrops.com.br\/wp-content\/uploads\/2023\/11\/Cabelo-repicado-com-franja-2024-150x110.jpg 150w\" sizes=\"auto, (max-width: 760px) 100vw, 760px\" \/><figcaption class=\"wp-element-caption\">Cheveux coup\u00e9s avec frange 2024<\/figcaption><\/figure>\n\n\n\n<figure class=\"wp-block-image size-full\"><img loading=\"lazy\" decoding=\"async\" width=\"760\" height=\"555\" src=\"https:\/\/danidrops.com.br\/wp-content\/uploads\/2023\/11\/Cabelo-repicado-com-franja-2024-2.jpg\" alt=\"Cheveux coup\u00e9s avec frange 2024\" class=\"wp-image-86875\" title=\"\" srcset=\"https:\/\/danidrops.com.br\/wp-content\/uploads\/2023\/11\/Cabelo-repicado-com-franja-2024-2.jpg 760w, https:\/\/danidrops.com.br\/wp-content\/uploads\/2023\/11\/Cabelo-repicado-com-franja-2024-2-300x219.jpg 300w, https:\/\/danidrops.com.br\/wp-content\/uploads\/2023\/11\/Cabelo-repicado-com-franja-2024-2-16x12.jpg 16w, https:\/\/danidrops.com.br\/wp-content\/uploads\/2023\/11\/Cabelo-repicado-com-franja-2024-2-150x110.jpg 150w\" sizes=\"auto, (max-width: 760px) 100vw, 760px\" \/><figcaption class=\"wp-element-caption\">Cheveux coup\u00e9s avec frange 2024<\/figcaption><\/figure>\n\n\n\n<h2 class=\"wp-block-heading\"><span class=\"ez-toc-section\" id=\"Cabelo_repicado_nas_pontas\"><\/span>Cheveux coup\u00e9s aux pointes<span class=\"ez-toc-section-end\"><\/span><\/h2>\n\n\n\n<p>Les cheveux coup\u00e9s aux pointes sont capables de cr\u00e9er un volume merveilleux, surtout lorsque les pointes sont bien hydrat\u00e9es et saines. Toutes les coupes de cheveux peuvent \u00eatre coup\u00e9es aux extr\u00e9mit\u00e9s et les r\u00e9sultats sont incroyables.<\/p>\n\n\n\n<figure class=\"wp-block-image size-full\"><img loading=\"lazy\" decoding=\"async\" width=\"760\" height=\"555\" src=\"https:\/\/danidrops.com.br\/wp-content\/uploads\/2023\/11\/Cabelo-repicado-nas-pontas.jpg\" alt=\"Cheveux coup\u00e9s aux pointes\" class=\"wp-image-86864\" title=\"\" srcset=\"https:\/\/danidrops.com.br\/wp-content\/uploads\/2023\/11\/Cabelo-repicado-nas-pontas.jpg 760w, https:\/\/danidrops.com.br\/wp-content\/uploads\/2023\/11\/Cabelo-repicado-nas-pontas-300x219.jpg 300w, https:\/\/danidrops.com.br\/wp-content\/uploads\/2023\/11\/Cabelo-repicado-nas-pontas-16x12.jpg 16w, https:\/\/danidrops.com.br\/wp-content\/uploads\/2023\/11\/Cabelo-repicado-nas-pontas-150x110.jpg 150w\" sizes=\"auto, (max-width: 760px) 100vw, 760px\" \/><figcaption class=\"wp-element-caption\">Cheveux coup\u00e9s aux pointes<\/figcaption><\/figure>\n\n\n\n<figure class=\"wp-block-image size-full\"><img loading=\"lazy\" decoding=\"async\" width=\"760\" height=\"555\" src=\"https:\/\/danidrops.com.br\/wp-content\/uploads\/2023\/11\/Cabelo-repicado-nas-pontas-2.jpg\" alt=\"Cheveux coup\u00e9s aux pointes\" class=\"wp-image-86863\" title=\"\" srcset=\"https:\/\/danidrops.com.br\/wp-content\/uploads\/2023\/11\/Cabelo-repicado-nas-pontas-2.jpg 760w, https:\/\/danidrops.com.br\/wp-content\/uploads\/2023\/11\/Cabelo-repicado-nas-pontas-2-300x219.jpg 300w, https:\/\/danidrops.com.br\/wp-content\/uploads\/2023\/11\/Cabelo-repicado-nas-pontas-2-16x12.jpg 16w, https:\/\/danidrops.com.br\/wp-content\/uploads\/2023\/11\/Cabelo-repicado-nas-pontas-2-150x110.jpg 150w\" sizes=\"auto, (max-width: 760px) 100vw, 760px\" \/><figcaption class=\"wp-element-caption\">Cheveux coup\u00e9s aux pointes<\/figcaption><\/figure>\n\n\n\n<h2 class=\"wp-block-heading\"><span class=\"ez-toc-section\" id=\"Cabelo_repicado_longo_em_camadas\"><\/span>Coupe de cheveux longue d\u00e9grad\u00e9e<span class=\"ez-toc-section-end\"><\/span><\/h2>\n\n\n\n<p>Les cheveux longs et superpos\u00e9s sont l\u2019un des principaux choix des femmes, car ils am\u00e9liorent la longueur de la coupe et cr\u00e9ent \u00e9galement un volume et un mouvement incroyables. Les couches peuvent \u00eatre bien d\u00e9finies ou discr\u00e8tes, tout d\u00e9pend du r\u00e9sultat final souhait\u00e9.<\/p>\n\n\n\n<figure class=\"wp-block-image size-full\"><img loading=\"lazy\" decoding=\"async\" width=\"760\" height=\"555\" src=\"https:\/\/danidrops.com.br\/wp-content\/uploads\/2023\/11\/Cabelo-repicado-longo-em-camadas-2.jpg\" alt=\"Coupe de cheveux longue d\u00e9grad\u00e9e\" class=\"wp-image-86859\" title=\"\" srcset=\"https:\/\/danidrops.com.br\/wp-content\/uploads\/2023\/11\/Cabelo-repicado-longo-em-camadas-2.jpg 760w, https:\/\/danidrops.com.br\/wp-content\/uploads\/2023\/11\/Cabelo-repicado-longo-em-camadas-2-300x219.jpg 300w, https:\/\/danidrops.com.br\/wp-content\/uploads\/2023\/11\/Cabelo-repicado-longo-em-camadas-2-16x12.jpg 16w, https:\/\/danidrops.com.br\/wp-content\/uploads\/2023\/11\/Cabelo-repicado-longo-em-camadas-2-150x110.jpg 150w\" sizes=\"auto, (max-width: 760px) 100vw, 760px\" \/><figcaption class=\"wp-element-caption\">Coupe de cheveux longue d\u00e9grad\u00e9e<\/figcaption><\/figure>\n\n\n\n<figure class=\"wp-block-image size-full\"><img loading=\"lazy\" decoding=\"async\" width=\"760\" height=\"555\" src=\"https:\/\/danidrops.com.br\/wp-content\/uploads\/2023\/11\/Cabelo-repicado-longo-em-camadas.jpg\" alt=\"Coupe de cheveux longue d\u00e9grad\u00e9e\" class=\"wp-image-86860\" title=\"\" srcset=\"https:\/\/danidrops.com.br\/wp-content\/uploads\/2023\/11\/Cabelo-repicado-longo-em-camadas.jpg 760w, https:\/\/danidrops.com.br\/wp-content\/uploads\/2023\/11\/Cabelo-repicado-longo-em-camadas-300x219.jpg 300w, https:\/\/danidrops.com.br\/wp-content\/uploads\/2023\/11\/Cabelo-repicado-longo-em-camadas-16x12.jpg 16w, https:\/\/danidrops.com.br\/wp-content\/uploads\/2023\/11\/Cabelo-repicado-longo-em-camadas-150x110.jpg 150w\" sizes=\"auto, (max-width: 760px) 100vw, 760px\" \/><figcaption class=\"wp-element-caption\">Coupe de cheveux longue d\u00e9grad\u00e9e<\/figcaption><\/figure>\n\n\n\n<h2 class=\"wp-block-heading\"><span class=\"ez-toc-section\" id=\"Cabelo_repicado_na_altura_do_ombro\"><\/span>Coupe de cheveux aux \u00e9paules<span class=\"ez-toc-section-end\"><\/span><\/h2>\n\n\n\n<p>La coupe de cheveux en pointe jusqu&#039;aux \u00e9paules est un classique qui conna\u00eetra un grand succ\u00e8s en 2024 de par sa polyvalence de longueur et sa facilit\u00e9 d&#039;entretien. Comme il s\u2019agit d\u2019une coupe moyenne, elle convient \u00e0 diff\u00e9rentes formes de visage et types de cheveux.<\/p>\n\n\n\n<figure class=\"wp-block-image size-full\"><img loading=\"lazy\" decoding=\"async\" width=\"760\" height=\"555\" src=\"https:\/\/danidrops.com.br\/wp-content\/uploads\/2023\/11\/Cabelo-repicado-na-altura-do-ombro.jpg\" alt=\"Coupe de cheveux aux \u00e9paules\" class=\"wp-image-86897\" title=\"\" srcset=\"https:\/\/danidrops.com.br\/wp-content\/uploads\/2023\/11\/Cabelo-repicado-na-altura-do-ombro.jpg 760w, https:\/\/danidrops.com.br\/wp-content\/uploads\/2023\/11\/Cabelo-repicado-na-altura-do-ombro-300x219.jpg 300w, https:\/\/danidrops.com.br\/wp-content\/uploads\/2023\/11\/Cabelo-repicado-na-altura-do-ombro-16x12.jpg 16w, https:\/\/danidrops.com.br\/wp-content\/uploads\/2023\/11\/Cabelo-repicado-na-altura-do-ombro-150x110.jpg 150w\" sizes=\"auto, (max-width: 760px) 100vw, 760px\" \/><figcaption class=\"wp-element-caption\">Coupe de cheveux aux \u00e9paules<\/figcaption><\/figure>\n\n\n\n<figure class=\"wp-block-image size-full\"><img loading=\"lazy\" decoding=\"async\" width=\"760\" height=\"555\" src=\"https:\/\/danidrops.com.br\/wp-content\/uploads\/2023\/11\/Cabelo-repicado-na-altura-do-ombro-2.jpg\" alt=\"Coupe de cheveux aux \u00e9paules\" class=\"wp-image-86896\" title=\"\" srcset=\"https:\/\/danidrops.com.br\/wp-content\/uploads\/2023\/11\/Cabelo-repicado-na-altura-do-ombro-2.jpg 760w, https:\/\/danidrops.com.br\/wp-content\/uploads\/2023\/11\/Cabelo-repicado-na-altura-do-ombro-2-300x219.jpg 300w, https:\/\/danidrops.com.br\/wp-content\/uploads\/2023\/11\/Cabelo-repicado-na-altura-do-ombro-2-16x12.jpg 16w, https:\/\/danidrops.com.br\/wp-content\/uploads\/2023\/11\/Cabelo-repicado-na-altura-do-ombro-2-150x110.jpg 150w\" sizes=\"auto, (max-width: 760px) 100vw, 760px\" \/><figcaption class=\"wp-element-caption\">Coupe de cheveux aux \u00e9paules<\/figcaption><\/figure>\n\n\n\n<h2 class=\"wp-block-heading\"><span class=\"ez-toc-section\" id=\"Cabelo_repicado_curto_desfiado\"><\/span>Cheveux courts coup\u00e9s<span class=\"ez-toc-section-end\"><\/span><\/h2>\n\n\n\n<p>La coupe de cheveux courte et courte est souvent utilis\u00e9e par les femmes qui souhaitent un look plus d\u00e9tendu et plus jeune, plein de personnalit\u00e9 et de style. Les versions coupes de cheveux coup\u00e9es 2024 apportent de nombreuses innovations capables de rendre le look magnifique.<\/p>\n\n\n\n<figure class=\"wp-block-image size-full\"><img loading=\"lazy\" decoding=\"async\" width=\"760\" height=\"555\" src=\"https:\/\/danidrops.com.br\/wp-content\/uploads\/2023\/11\/Cabelo-repicado-curto-desfiado.jpg\" alt=\"Cheveux courts coup\u00e9s\" class=\"wp-image-86911\" title=\"\" srcset=\"https:\/\/danidrops.com.br\/wp-content\/uploads\/2023\/11\/Cabelo-repicado-curto-desfiado.jpg 760w, https:\/\/danidrops.com.br\/wp-content\/uploads\/2023\/11\/Cabelo-repicado-curto-desfiado-300x219.jpg 300w, https:\/\/danidrops.com.br\/wp-content\/uploads\/2023\/11\/Cabelo-repicado-curto-desfiado-16x12.jpg 16w, https:\/\/danidrops.com.br\/wp-content\/uploads\/2023\/11\/Cabelo-repicado-curto-desfiado-150x110.jpg 150w\" sizes=\"auto, (max-width: 760px) 100vw, 760px\" \/><figcaption class=\"wp-element-caption\">Cheveux courts coup\u00e9s<\/figcaption><\/figure>\n\n\n\n<figure class=\"wp-block-image size-full\"><img loading=\"lazy\" decoding=\"async\" width=\"760\" height=\"555\" src=\"https:\/\/danidrops.com.br\/wp-content\/uploads\/2023\/11\/Cabelo-repicado-curto-desfiado-2.jpg\" alt=\"Cheveux courts coup\u00e9s\" class=\"wp-image-86910\" title=\"\" srcset=\"https:\/\/danidrops.com.br\/wp-content\/uploads\/2023\/11\/Cabelo-repicado-curto-desfiado-2.jpg 760w, https:\/\/danidrops.com.br\/wp-content\/uploads\/2023\/11\/Cabelo-repicado-curto-desfiado-2-300x219.jpg 300w, https:\/\/danidrops.com.br\/wp-content\/uploads\/2023\/11\/Cabelo-repicado-curto-desfiado-2-16x12.jpg 16w, https:\/\/danidrops.com.br\/wp-content\/uploads\/2023\/11\/Cabelo-repicado-curto-desfiado-2-150x110.jpg 150w\" sizes=\"auto, (max-width: 760px) 100vw, 760px\" \/><figcaption class=\"wp-element-caption\">Cheveux courts coup\u00e9s<\/figcaption><\/figure>\n\n\n\n<h2 class=\"wp-block-heading\"><span class=\"ez-toc-section\" id=\"Cabelo_repicado_em_camadas\"><\/span>Coupe de cheveux en couches<span class=\"ez-toc-section-end\"><\/span><\/h2>\n\n\n\n<p>Si vous souhaitez une coupe de cheveux en couches, vous recherchez certainement du mouvement et de la texture. Les couches peuvent \u00eatre discr\u00e8tes ou bien d\u00e9finies, selon vos pr\u00e9f\u00e9rences personnelles.<\/p>\n\n\n\n<figure class=\"wp-block-image size-full\"><img loading=\"lazy\" decoding=\"async\" width=\"760\" height=\"555\" src=\"https:\/\/danidrops.com.br\/wp-content\/uploads\/2023\/11\/Cabelo-repicado-em-camadas.jpg\" alt=\"Coupe de cheveux en couches\" class=\"wp-image-86893\" title=\"\" srcset=\"https:\/\/danidrops.com.br\/wp-content\/uploads\/2023\/11\/Cabelo-repicado-em-camadas.jpg 760w, https:\/\/danidrops.com.br\/wp-content\/uploads\/2023\/11\/Cabelo-repicado-em-camadas-300x219.jpg 300w, https:\/\/danidrops.com.br\/wp-content\/uploads\/2023\/11\/Cabelo-repicado-em-camadas-16x12.jpg 16w, https:\/\/danidrops.com.br\/wp-content\/uploads\/2023\/11\/Cabelo-repicado-em-camadas-150x110.jpg 150w\" sizes=\"auto, (max-width: 760px) 100vw, 760px\" \/><figcaption class=\"wp-element-caption\">Coupe de cheveux en couches<\/figcaption><\/figure>\n\n\n\n<p>Pour les femmes qui souhaitent une coupe de cheveux coup\u00e9e super moderne et styl\u00e9e 2024, optez pour la coupe d\u00e9grad\u00e9e et cr\u00e9ez des looks uniques qui s&#039;harmonisent bien avec la forme de votre visage.<\/p>\n\n\n\n<figure class=\"wp-block-image size-full\"><img loading=\"lazy\" decoding=\"async\" width=\"760\" height=\"555\" src=\"https:\/\/danidrops.com.br\/wp-content\/uploads\/2023\/11\/Cabelo-repicado-em-camadas-2.jpg\" alt=\"Coupe de cheveux en couches\" class=\"wp-image-86892\" title=\"\" srcset=\"https:\/\/danidrops.com.br\/wp-content\/uploads\/2023\/11\/Cabelo-repicado-em-camadas-2.jpg 760w, https:\/\/danidrops.com.br\/wp-content\/uploads\/2023\/11\/Cabelo-repicado-em-camadas-2-300x219.jpg 300w, https:\/\/danidrops.com.br\/wp-content\/uploads\/2023\/11\/Cabelo-repicado-em-camadas-2-16x12.jpg 16w, https:\/\/danidrops.com.br\/wp-content\/uploads\/2023\/11\/Cabelo-repicado-em-camadas-2-150x110.jpg 150w\" sizes=\"auto, (max-width: 760px) 100vw, 760px\" \/><figcaption class=\"wp-element-caption\">Coupe de cheveux en couches<\/figcaption><\/figure>\n\n\n\n<h2 class=\"wp-block-heading\"><span class=\"ez-toc-section\" id=\"Cabelo_repicado_long_bob\"><\/span>cheveux longs coup\u00e9s au carr\u00e9<span class=\"ez-toc-section-end\"><\/span><\/h2>\n\n\n\n<p>La coupe de cheveux longue au carr\u00e9 convient \u00e0 tous les visages, y compris carr\u00e9s, ronds, triangulaires, ovales et allong\u00e9s. Ce type de coupe sera largement utilis\u00e9 en 2024 car c\u2019est une mani\u00e8re de s\u2019initier au monde des cheveux courts.<\/p>\n\n\n\n<figure class=\"wp-block-image size-full\"><img loading=\"lazy\" decoding=\"async\" width=\"760\" height=\"555\" src=\"https:\/\/danidrops.com.br\/wp-content\/uploads\/2023\/11\/Cabelo-repicado-long-bob.jpg\" alt=\"cheveux longs coup\u00e9s au carr\u00e9\" class=\"wp-image-86895\" title=\"\" srcset=\"https:\/\/danidrops.com.br\/wp-content\/uploads\/2023\/11\/Cabelo-repicado-long-bob.jpg 760w, https:\/\/danidrops.com.br\/wp-content\/uploads\/2023\/11\/Cabelo-repicado-long-bob-300x219.jpg 300w, https:\/\/danidrops.com.br\/wp-content\/uploads\/2023\/11\/Cabelo-repicado-long-bob-16x12.jpg 16w, https:\/\/danidrops.com.br\/wp-content\/uploads\/2023\/11\/Cabelo-repicado-long-bob-150x110.jpg 150w\" sizes=\"auto, (max-width: 760px) 100vw, 760px\" \/><figcaption class=\"wp-element-caption\">cheveux longs coup\u00e9s au carr\u00e9<\/figcaption><\/figure>\n\n\n\n<p>Misez sur la coupe de cheveux coup\u00e9e style Long Bob 2024 et obtenez un look \u00e9poustouflant, qui transmet l&#039;audace, l&#039;\u00e9l\u00e9gance, la sophistication et l&#039;attitude. N\u2019oubliez pas que tous les types de cheveux conviennent \u00e0 cette coupe et que vous pouvez commencer l\u2019ann\u00e9e du bon pied.<\/p>\n\n\n\n<figure class=\"wp-block-image size-full\"><img loading=\"lazy\" decoding=\"async\" width=\"760\" height=\"555\" src=\"https:\/\/danidrops.com.br\/wp-content\/uploads\/2023\/11\/Cabelo-repicado-long-bob-2.jpg\" alt=\"cheveux longs coup\u00e9s au carr\u00e9\" class=\"wp-image-86894\" title=\"\" srcset=\"https:\/\/danidrops.com.br\/wp-content\/uploads\/2023\/11\/Cabelo-repicado-long-bob-2.jpg 760w, https:\/\/danidrops.com.br\/wp-content\/uploads\/2023\/11\/Cabelo-repicado-long-bob-2-300x219.jpg 300w, https:\/\/danidrops.com.br\/wp-content\/uploads\/2023\/11\/Cabelo-repicado-long-bob-2-16x12.jpg 16w, https:\/\/danidrops.com.br\/wp-content\/uploads\/2023\/11\/Cabelo-repicado-long-bob-2-150x110.jpg 150w\" sizes=\"auto, (max-width: 760px) 100vw, 760px\" \/><figcaption class=\"wp-element-caption\">cheveux longs coup\u00e9s au carr\u00e9<\/figcaption><\/figure>\n\n\n\n<h2 class=\"wp-block-heading\"><span class=\"ez-toc-section\" id=\"Cabelo_repicado_com_franja_cortina\"><\/span>Coupe de cheveux avec une frange de rideau<span class=\"ez-toc-section-end\"><\/span><\/h2>\n\n\n\n<p>Les cheveux coup\u00e9s avec une frange en rideau sont l&#039;un des principaux choix des femmes qui souhaitent qu&#039;une coiffure encadre leur visage avec d\u00e9licatesse et sophistication. La frange du rideau est s\u00e9par\u00e9e en deux brins \u00e9gaux au sommet de la t\u00eate qui tombent dans les deux sens comme un rideau ouvert.<\/p>\n\n\n\n<figure class=\"wp-block-image size-full\"><img loading=\"lazy\" decoding=\"async\" width=\"760\" height=\"555\" src=\"https:\/\/danidrops.com.br\/wp-content\/uploads\/2023\/11\/Cabelo-repicado-com-franja-cortina.jpg\" alt=\"Coupe de cheveux avec une frange de rideau\" class=\"wp-image-86907\" title=\"\" srcset=\"https:\/\/danidrops.com.br\/wp-content\/uploads\/2023\/11\/Cabelo-repicado-com-franja-cortina.jpg 760w, https:\/\/danidrops.com.br\/wp-content\/uploads\/2023\/11\/Cabelo-repicado-com-franja-cortina-300x219.jpg 300w, https:\/\/danidrops.com.br\/wp-content\/uploads\/2023\/11\/Cabelo-repicado-com-franja-cortina-16x12.jpg 16w, https:\/\/danidrops.com.br\/wp-content\/uploads\/2023\/11\/Cabelo-repicado-com-franja-cortina-150x110.jpg 150w\" sizes=\"auto, (max-width: 760px) 100vw, 760px\" \/><figcaption class=\"wp-element-caption\">Coupe de cheveux avec une frange de rideau<\/figcaption><\/figure>\n\n\n\n<p>La plupart du temps, la coupe de cheveux coup\u00e9e 2024 avec frange en rideau se combine avec des coupes plus d\u00e9contract\u00e9es, audacieuses et asym\u00e9triques, comme les coupes d\u00e9grad\u00e9es ou superpos\u00e9es.<\/p>\n\n\n\n<figure class=\"wp-block-image size-full\"><img loading=\"lazy\" decoding=\"async\" width=\"760\" height=\"555\" src=\"https:\/\/danidrops.com.br\/wp-content\/uploads\/2023\/11\/Cabelo-repicado-com-franja-cortina-2.jpg\" alt=\"Coupe de cheveux avec une frange de rideau\" class=\"wp-image-86906\" title=\"\" srcset=\"https:\/\/danidrops.com.br\/wp-content\/uploads\/2023\/11\/Cabelo-repicado-com-franja-cortina-2.jpg 760w, https:\/\/danidrops.com.br\/wp-content\/uploads\/2023\/11\/Cabelo-repicado-com-franja-cortina-2-300x219.jpg 300w, https:\/\/danidrops.com.br\/wp-content\/uploads\/2023\/11\/Cabelo-repicado-com-franja-cortina-2-16x12.jpg 16w, https:\/\/danidrops.com.br\/wp-content\/uploads\/2023\/11\/Cabelo-repicado-com-franja-cortina-2-150x110.jpg 150w\" sizes=\"auto, (max-width: 760px) 100vw, 760px\" \/><figcaption class=\"wp-element-caption\">Coupe de cheveux avec une frange de rideau<\/figcaption><\/figure>\n\n\n\n<h2 class=\"wp-block-heading\"><span class=\"ez-toc-section\" id=\"Cabelo_repicado_cacheado\"><\/span>cheveux boucl\u00e9s en pointe<span class=\"ez-toc-section-end\"><\/span><\/h2>\n\n\n\n<p>Quiconque pense qu&#039;il n&#039;est pas possible d&#039;avoir une coupe courte et boucl\u00e9e se trompe, car cette nouvelle tendance a le pouvoir de rehausser la courbure des boucles et de d\u00e9finir le volume selon les pr\u00e9f\u00e9rences personnelles de chaque femme.<\/p>\n\n\n\n<figure class=\"wp-block-image size-full\"><img loading=\"lazy\" decoding=\"async\" width=\"760\" height=\"555\" src=\"https:\/\/danidrops.com.br\/wp-content\/uploads\/2023\/11\/Cabelo-repicado-cacheado.jpg\" alt=\"cheveux boucl\u00e9s en pointe\" class=\"wp-image-86905\" title=\"\" srcset=\"https:\/\/danidrops.com.br\/wp-content\/uploads\/2023\/11\/Cabelo-repicado-cacheado.jpg 760w, https:\/\/danidrops.com.br\/wp-content\/uploads\/2023\/11\/Cabelo-repicado-cacheado-300x219.jpg 300w, https:\/\/danidrops.com.br\/wp-content\/uploads\/2023\/11\/Cabelo-repicado-cacheado-16x12.jpg 16w, https:\/\/danidrops.com.br\/wp-content\/uploads\/2023\/11\/Cabelo-repicado-cacheado-150x110.jpg 150w\" sizes=\"auto, (max-width: 760px) 100vw, 760px\" \/><figcaption class=\"wp-element-caption\">cheveux boucl\u00e9s en pointe<\/figcaption><\/figure>\n\n\n\n<p>N&#039;importe quelle longueur de cheveux peut b\u00e9n\u00e9ficier de la coupe coup\u00e9e 2024 \u00e0 condition qu&#039;ils soient hydrat\u00e9s et nourris et dans tous les cas, le r\u00e9sultat est des boucles bien d\u00e9finies, volumineuses et saines.<\/p>\n\n\n\n<figure class=\"wp-block-image size-full\"><img loading=\"lazy\" decoding=\"async\" width=\"760\" height=\"555\" src=\"https:\/\/danidrops.com.br\/wp-content\/uploads\/2023\/11\/Cabelo-repicado-cacheado-2.jpg\" alt=\"cheveux boucl\u00e9s en pointe\" class=\"wp-image-86904\" title=\"\" srcset=\"https:\/\/danidrops.com.br\/wp-content\/uploads\/2023\/11\/Cabelo-repicado-cacheado-2.jpg 760w, https:\/\/danidrops.com.br\/wp-content\/uploads\/2023\/11\/Cabelo-repicado-cacheado-2-300x219.jpg 300w, https:\/\/danidrops.com.br\/wp-content\/uploads\/2023\/11\/Cabelo-repicado-cacheado-2-16x12.jpg 16w, https:\/\/danidrops.com.br\/wp-content\/uploads\/2023\/11\/Cabelo-repicado-cacheado-2-150x110.jpg 150w\" sizes=\"auto, (max-width: 760px) 100vw, 760px\" \/><figcaption class=\"wp-element-caption\">cheveux boucl\u00e9s en pointe<\/figcaption><\/figure>\n\n\n\n<h2 class=\"wp-block-heading\"><span class=\"ez-toc-section\" id=\"Cabelo_repicado_crespo\"><\/span>cheveux boucl\u00e9s<span class=\"ez-toc-section-end\"><\/span><\/h2>\n\n\n\n<p>Les cheveux boucl\u00e9s et coup\u00e9s sont un v\u00e9ritable spectacle, car ils mettent en valeur la forme des m\u00e8ches et offrent un volume et une texture merveilleux. Ils peuvent \u00eatre courts ou moyens, selon les pr\u00e9f\u00e9rences personnelles de chaque femme.<\/p>\n\n\n\n<figure class=\"wp-block-image size-full\"><img loading=\"lazy\" decoding=\"async\" width=\"760\" height=\"555\" src=\"https:\/\/danidrops.com.br\/wp-content\/uploads\/2023\/11\/Cabelo-repicado-crespo.jpg\" alt=\"cheveux boucl\u00e9s\" class=\"wp-image-86909\" title=\"\" srcset=\"https:\/\/danidrops.com.br\/wp-content\/uploads\/2023\/11\/Cabelo-repicado-crespo.jpg 760w, https:\/\/danidrops.com.br\/wp-content\/uploads\/2023\/11\/Cabelo-repicado-crespo-300x219.jpg 300w, https:\/\/danidrops.com.br\/wp-content\/uploads\/2023\/11\/Cabelo-repicado-crespo-16x12.jpg 16w, https:\/\/danidrops.com.br\/wp-content\/uploads\/2023\/11\/Cabelo-repicado-crespo-150x110.jpg 150w\" sizes=\"auto, (max-width: 760px) 100vw, 760px\" \/><figcaption class=\"wp-element-caption\">cheveux boucl\u00e9s<\/figcaption><\/figure>\n\n\n\n<figure class=\"wp-block-image size-full\"><img loading=\"lazy\" decoding=\"async\" width=\"760\" height=\"555\" src=\"https:\/\/danidrops.com.br\/wp-content\/uploads\/2023\/11\/Cabelo-repicado-crespo-2.jpg\" alt=\"cheveux boucl\u00e9s\" class=\"wp-image-86908\" title=\"\" srcset=\"https:\/\/danidrops.com.br\/wp-content\/uploads\/2023\/11\/Cabelo-repicado-crespo-2.jpg 760w, https:\/\/danidrops.com.br\/wp-content\/uploads\/2023\/11\/Cabelo-repicado-crespo-2-300x219.jpg 300w, https:\/\/danidrops.com.br\/wp-content\/uploads\/2023\/11\/Cabelo-repicado-crespo-2-16x12.jpg 16w, https:\/\/danidrops.com.br\/wp-content\/uploads\/2023\/11\/Cabelo-repicado-crespo-2-150x110.jpg 150w\" sizes=\"auto, (max-width: 760px) 100vw, 760px\" \/><figcaption class=\"wp-element-caption\">cheveux boucl\u00e9s<\/figcaption><\/figure>\n\n\n\n<h2 class=\"wp-block-heading\"><span class=\"ez-toc-section\" id=\"Cabelo_repicado_para_loiras\"><\/span>Coupe de cheveux pour les blondes<span class=\"ez-toc-section-end\"><\/span><\/h2>\n\n\n\n<p>Les cheveux coup\u00e9s pour blondes sont un classique pour leur polyvalence et leur beaut\u00e9, car ils illuminent le look et donnent un visage plus jeune et sophistiqu\u00e9. Les tons blonds peuvent varier en fonction du teint et du type de cheveux, ainsi que des pr\u00e9f\u00e9rences personnelles de chaque femme.<\/p>\n\n\n\n<figure class=\"wp-block-image size-full\"><img loading=\"lazy\" decoding=\"async\" width=\"760\" height=\"555\" src=\"https:\/\/danidrops.com.br\/wp-content\/uploads\/2023\/11\/Cabelo-repicado-para-loiras-2.jpg\" alt=\"Coupe de cheveux pour les blondes\" class=\"wp-image-86898\" title=\"\" srcset=\"https:\/\/danidrops.com.br\/wp-content\/uploads\/2023\/11\/Cabelo-repicado-para-loiras-2.jpg 760w, https:\/\/danidrops.com.br\/wp-content\/uploads\/2023\/11\/Cabelo-repicado-para-loiras-2-300x219.jpg 300w, https:\/\/danidrops.com.br\/wp-content\/uploads\/2023\/11\/Cabelo-repicado-para-loiras-2-16x12.jpg 16w, https:\/\/danidrops.com.br\/wp-content\/uploads\/2023\/11\/Cabelo-repicado-para-loiras-2-150x110.jpg 150w\" sizes=\"auto, (max-width: 760px) 100vw, 760px\" \/><figcaption class=\"wp-element-caption\">Coupe de cheveux pour les blondes<\/figcaption><\/figure>\n\n\n\n<figure class=\"wp-block-image size-full\"><img loading=\"lazy\" decoding=\"async\" width=\"760\" height=\"555\" src=\"https:\/\/danidrops.com.br\/wp-content\/uploads\/2023\/11\/Cabelo-repicado-para-loiras.jpg\" alt=\"Coupe de cheveux pour les blondes\" class=\"wp-image-86899\" title=\"\" srcset=\"https:\/\/danidrops.com.br\/wp-content\/uploads\/2023\/11\/Cabelo-repicado-para-loiras.jpg 760w, https:\/\/danidrops.com.br\/wp-content\/uploads\/2023\/11\/Cabelo-repicado-para-loiras-300x219.jpg 300w, https:\/\/danidrops.com.br\/wp-content\/uploads\/2023\/11\/Cabelo-repicado-para-loiras-16x12.jpg 16w, https:\/\/danidrops.com.br\/wp-content\/uploads\/2023\/11\/Cabelo-repicado-para-loiras-150x110.jpg 150w\" sizes=\"auto, (max-width: 760px) 100vw, 760px\" \/><figcaption class=\"wp-element-caption\">Coupe de cheveux pour les blondes<\/figcaption><\/figure>\n\n\n\n<h2 class=\"wp-block-heading\"><span class=\"ez-toc-section\" id=\"Cabelo_repicado_para_morenas\"><\/span>Cheveux courts pour les brunes<span class=\"ez-toc-section-end\"><\/span><\/h2>\n\n\n\n<p>Les cheveux coup\u00e9s pour les brunes sont \u00e9galement le choix parfait pour celles qui veulent rocker en 2024, avec des looks super modernes et styl\u00e9s. Les nuances de brun qui caract\u00e9risent les brunes peuvent varier en fonction du r\u00e9sultat attendu, et peuvent \u00eatre plus claires ou plus fonc\u00e9es.<\/p>\n\n\n\n<figure class=\"wp-block-image size-full\"><img loading=\"lazy\" decoding=\"async\" width=\"760\" height=\"555\" src=\"https:\/\/danidrops.com.br\/wp-content\/uploads\/2023\/11\/Cabelo-repicado-para-morenas.jpg\" alt=\"Cheveux courts pour les brunes\" class=\"wp-image-86901\" title=\"\" srcset=\"https:\/\/danidrops.com.br\/wp-content\/uploads\/2023\/11\/Cabelo-repicado-para-morenas.jpg 760w, https:\/\/danidrops.com.br\/wp-content\/uploads\/2023\/11\/Cabelo-repicado-para-morenas-300x219.jpg 300w, https:\/\/danidrops.com.br\/wp-content\/uploads\/2023\/11\/Cabelo-repicado-para-morenas-16x12.jpg 16w, https:\/\/danidrops.com.br\/wp-content\/uploads\/2023\/11\/Cabelo-repicado-para-morenas-150x110.jpg 150w\" sizes=\"auto, (max-width: 760px) 100vw, 760px\" \/><figcaption class=\"wp-element-caption\">Cheveux courts pour les brunes<\/figcaption><\/figure>\n\n\n\n<p>De plus, la coupe de cheveux coup\u00e9e pour brunes 2024 sera l&#039;un des mod\u00e8les de cheveux les plus utilis\u00e9s, car il s&#039;agit d&#039;une couleur super polyvalente, \u00e9l\u00e9gante et authentique, parfaite pour n&#039;importe quelle saison de l&#039;ann\u00e9e.<\/p>\n\n\n\n<figure class=\"wp-block-image size-full\"><img loading=\"lazy\" decoding=\"async\" width=\"760\" height=\"555\" src=\"https:\/\/danidrops.com.br\/wp-content\/uploads\/2023\/11\/Cabelo-repicado-para-morenas-2.jpg\" alt=\"Cheveux courts pour les brunes\" class=\"wp-image-86900\" title=\"\" srcset=\"https:\/\/danidrops.com.br\/wp-content\/uploads\/2023\/11\/Cabelo-repicado-para-morenas-2.jpg 760w, https:\/\/danidrops.com.br\/wp-content\/uploads\/2023\/11\/Cabelo-repicado-para-morenas-2-300x219.jpg 300w, https:\/\/danidrops.com.br\/wp-content\/uploads\/2023\/11\/Cabelo-repicado-para-morenas-2-16x12.jpg 16w, https:\/\/danidrops.com.br\/wp-content\/uploads\/2023\/11\/Cabelo-repicado-para-morenas-2-150x110.jpg 150w\" sizes=\"auto, (max-width: 760px) 100vw, 760px\" \/><figcaption class=\"wp-element-caption\">Cheveux courts pour les brunes<\/figcaption><\/figure>\n\n\n\n<h2 class=\"wp-block-heading\"><span class=\"ez-toc-section\" id=\"Cabelo_repicado_anos_80\"><\/span>coupe de cheveux des ann\u00e9es 80<span class=\"ez-toc-section-end\"><\/span><\/h2>\n\n\n\n<p>Les cheveux coup\u00e9s des ann\u00e9es 80 ont beaucoup de volume au sommet de la t\u00eate et ressemblent beaucoup \u00e0 la c\u00e9l\u00e8bre coupe vintage Shaggy Hair. Plusieurs couches sont r\u00e9alis\u00e9es sur toute la longueur des cheveux, ce qui cr\u00e9e beaucoup de volume et de mouvement dans les m\u00e8ches.<\/p>\n\n\n\n<figure class=\"wp-block-image size-full\"><img loading=\"lazy\" decoding=\"async\" width=\"760\" height=\"555\" src=\"https:\/\/danidrops.com.br\/wp-content\/uploads\/2023\/11\/Cabelo-repicado-anos-80.jpg\" alt=\"coupe de cheveux des ann\u00e9es 80\" class=\"wp-image-86903\" title=\"\" srcset=\"https:\/\/danidrops.com.br\/wp-content\/uploads\/2023\/11\/Cabelo-repicado-anos-80.jpg 760w, https:\/\/danidrops.com.br\/wp-content\/uploads\/2023\/11\/Cabelo-repicado-anos-80-300x219.jpg 300w, https:\/\/danidrops.com.br\/wp-content\/uploads\/2023\/11\/Cabelo-repicado-anos-80-16x12.jpg 16w, https:\/\/danidrops.com.br\/wp-content\/uploads\/2023\/11\/Cabelo-repicado-anos-80-150x110.jpg 150w\" sizes=\"auto, (max-width: 760px) 100vw, 760px\" \/><figcaption class=\"wp-element-caption\">coupe de cheveux des ann\u00e9es 80<\/figcaption><\/figure>\n\n\n\n<p>Si vous aimez une coupe de cheveux coup\u00e9e 2024 diff\u00e9rente et unique, vous pouvez miser sur la coupe coup\u00e9e des ann\u00e9es 80, car en plus de son authenticit\u00e9, elle est \u00e9galement tr\u00e8s l\u00e9g\u00e8re et polyvalente, car elle s&#039;adapte \u00e0 diff\u00e9rents types de profils f\u00e9minins.<\/p>\n\n\n\n<figure class=\"wp-block-image size-full\"><img loading=\"lazy\" decoding=\"async\" width=\"760\" height=\"555\" src=\"https:\/\/danidrops.com.br\/wp-content\/uploads\/2023\/11\/Cabelo-repicado-anos-80-2.jpg\" alt=\"coupe de cheveux des ann\u00e9es 80\" class=\"wp-image-86902\" title=\"\" srcset=\"https:\/\/danidrops.com.br\/wp-content\/uploads\/2023\/11\/Cabelo-repicado-anos-80-2.jpg 760w, https:\/\/danidrops.com.br\/wp-content\/uploads\/2023\/11\/Cabelo-repicado-anos-80-2-300x219.jpg 300w, https:\/\/danidrops.com.br\/wp-content\/uploads\/2023\/11\/Cabelo-repicado-anos-80-2-16x12.jpg 16w, https:\/\/danidrops.com.br\/wp-content\/uploads\/2023\/11\/Cabelo-repicado-anos-80-2-150x110.jpg 150w\" sizes=\"auto, (max-width: 760px) 100vw, 760px\" \/><figcaption class=\"wp-element-caption\">coupe de cheveux des ann\u00e9es 80<\/figcaption><\/figure>\n\n\n\n<h2 class=\"wp-block-heading\"><span class=\"ez-toc-section\" id=\"Cabelo_repicado_para_rosto_redondo\"><\/span>Coupe de cheveux pour visage rond<span class=\"ez-toc-section-end\"><\/span><\/h2>\n\n\n\n<p>Si vous souhaitez des cheveux coup\u00e9s court pour un visage rond, vous devez certainement rechercher des coupes qui masquent la forme ronde. Pour cela, il est important de choisir une frange, car elle a le pouvoir d\u2019encadrer le visage.<\/p>\n\n\n\n<figure class=\"wp-block-image size-full\"><img loading=\"lazy\" decoding=\"async\" width=\"760\" height=\"555\" src=\"https:\/\/danidrops.com.br\/wp-content\/uploads\/2023\/12\/Cabelo-repicado-para-rosto-redondo.jpg\" alt=\"Coupe de cheveux pour visage rond\" class=\"wp-image-87223\" title=\"\" srcset=\"https:\/\/danidrops.com.br\/wp-content\/uploads\/2023\/12\/Cabelo-repicado-para-rosto-redondo.jpg 760w, https:\/\/danidrops.com.br\/wp-content\/uploads\/2023\/12\/Cabelo-repicado-para-rosto-redondo-300x219.jpg 300w, https:\/\/danidrops.com.br\/wp-content\/uploads\/2023\/12\/Cabelo-repicado-para-rosto-redondo-16x12.jpg 16w, https:\/\/danidrops.com.br\/wp-content\/uploads\/2023\/12\/Cabelo-repicado-para-rosto-redondo-150x110.jpg 150w\" sizes=\"auto, (max-width: 760px) 100vw, 760px\" \/><figcaption class=\"wp-element-caption\">Coupe de cheveux pour visage rond<\/figcaption><\/figure>\n\n\n\n<p>L\u2019un des mod\u00e8les de coupe qui convient \u00e0 un visage rond est la coupe de cheveux hach\u00e9e 2024, car ses d\u00e9grad\u00e9s et ses m\u00e8ches in\u00e9gales apportent du mouvement et de la texture aux m\u00e8ches, surtout lorsqu\u2019elles sont saines et soyeuses.<\/p>\n\n\n\n<figure class=\"wp-block-image size-full\"><img loading=\"lazy\" decoding=\"async\" width=\"760\" height=\"555\" src=\"https:\/\/danidrops.com.br\/wp-content\/uploads\/2023\/12\/Cabelo-repicado-para-rosto-redondo-2.jpg\" alt=\"Coupe de cheveux pour visage rond\" class=\"wp-image-87222\" title=\"\" srcset=\"https:\/\/danidrops.com.br\/wp-content\/uploads\/2023\/12\/Cabelo-repicado-para-rosto-redondo-2.jpg 760w, https:\/\/danidrops.com.br\/wp-content\/uploads\/2023\/12\/Cabelo-repicado-para-rosto-redondo-2-300x219.jpg 300w, https:\/\/danidrops.com.br\/wp-content\/uploads\/2023\/12\/Cabelo-repicado-para-rosto-redondo-2-16x12.jpg 16w, https:\/\/danidrops.com.br\/wp-content\/uploads\/2023\/12\/Cabelo-repicado-para-rosto-redondo-2-150x110.jpg 150w\" sizes=\"auto, (max-width: 760px) 100vw, 760px\" \/><figcaption class=\"wp-element-caption\">Coupe de cheveux pour visage rond<\/figcaption><\/figure>\n\n\n\n<h2 class=\"wp-block-heading\"><span class=\"ez-toc-section\" id=\"Cabelo_repicado_liso\"><\/span>cheveux coup\u00e9s raides<span class=\"ez-toc-section-end\"><\/span><\/h2>\n\n\n\n<p>La coupe de cheveux droite en d\u00e9grad\u00e9 est parfaite pour les femmes qui souhaitent ajouter du mouvement, du volume et de la texture \u00e0 leurs cheveux. La technique de piquage peut \u00eatre r\u00e9alis\u00e9e aussi bien verticalement qu&#039;horizontalement, tout d\u00e9pend du r\u00e9sultat final souhait\u00e9.<\/p>\n\n\n\n<figure class=\"wp-block-image size-full\"><img loading=\"lazy\" decoding=\"async\" width=\"760\" height=\"555\" src=\"https:\/\/danidrops.com.br\/wp-content\/uploads\/2023\/12\/Cabelo-repicado-liso.jpg\" alt=\"cheveux coup\u00e9s raides\" class=\"wp-image-87219\" title=\"\" srcset=\"https:\/\/danidrops.com.br\/wp-content\/uploads\/2023\/12\/Cabelo-repicado-liso.jpg 760w, https:\/\/danidrops.com.br\/wp-content\/uploads\/2023\/12\/Cabelo-repicado-liso-300x219.jpg 300w, https:\/\/danidrops.com.br\/wp-content\/uploads\/2023\/12\/Cabelo-repicado-liso-16x12.jpg 16w, https:\/\/danidrops.com.br\/wp-content\/uploads\/2023\/12\/Cabelo-repicado-liso-150x110.jpg 150w\" sizes=\"auto, (max-width: 760px) 100vw, 760px\" \/><figcaption class=\"wp-element-caption\">cheveux coup\u00e9s raides<\/figcaption><\/figure>\n\n\n\n<figure class=\"wp-block-image size-full\"><img loading=\"lazy\" decoding=\"async\" width=\"760\" height=\"555\" src=\"https:\/\/danidrops.com.br\/wp-content\/uploads\/2023\/12\/Cabelo-repicado-liso-2.jpg\" alt=\"cheveux coup\u00e9s raides\" class=\"wp-image-87218\" title=\"\" srcset=\"https:\/\/danidrops.com.br\/wp-content\/uploads\/2023\/12\/Cabelo-repicado-liso-2.jpg 760w, https:\/\/danidrops.com.br\/wp-content\/uploads\/2023\/12\/Cabelo-repicado-liso-2-300x219.jpg 300w, https:\/\/danidrops.com.br\/wp-content\/uploads\/2023\/12\/Cabelo-repicado-liso-2-16x12.jpg 16w, https:\/\/danidrops.com.br\/wp-content\/uploads\/2023\/12\/Cabelo-repicado-liso-2-150x110.jpg 150w\" sizes=\"auto, (max-width: 760px) 100vw, 760px\" \/><figcaption class=\"wp-element-caption\">cheveux coup\u00e9s raides<\/figcaption><\/figure>\n\n\n\n<h2 class=\"wp-block-heading\"><span class=\"ez-toc-section\" id=\"Cabelo_repicado_ondulado\"><\/span>cheveux coup\u00e9s ondul\u00e9s<span class=\"ez-toc-section-end\"><\/span><\/h2>\n\n\n\n<p>Les femmes qui souhaitent encore plus de volume peuvent opter pour une coupe de cheveux ondul\u00e9e en d\u00e9grad\u00e9, car les courbes et les ondulations offrent une finition \u00e9l\u00e9gante et pleine de personnalit\u00e9.<\/p>\n\n\n\n<figure class=\"wp-block-image size-full\"><img loading=\"lazy\" decoding=\"async\" width=\"760\" height=\"555\" src=\"https:\/\/danidrops.com.br\/wp-content\/uploads\/2023\/12\/Cabelo-repicado-ondulado.jpg\" alt=\"cheveux coup\u00e9s ondul\u00e9s\" class=\"wp-image-87221\" title=\"\" srcset=\"https:\/\/danidrops.com.br\/wp-content\/uploads\/2023\/12\/Cabelo-repicado-ondulado.jpg 760w, https:\/\/danidrops.com.br\/wp-content\/uploads\/2023\/12\/Cabelo-repicado-ondulado-300x219.jpg 300w, https:\/\/danidrops.com.br\/wp-content\/uploads\/2023\/12\/Cabelo-repicado-ondulado-16x12.jpg 16w, https:\/\/danidrops.com.br\/wp-content\/uploads\/2023\/12\/Cabelo-repicado-ondulado-150x110.jpg 150w\" sizes=\"auto, (max-width: 760px) 100vw, 760px\" \/><figcaption class=\"wp-element-caption\">cheveux coup\u00e9s ondul\u00e9s<\/figcaption><\/figure>\n\n\n\n<p>Ce type de coupe est super polyvalent et vous serez pr\u00eat pour tout type d&#039;\u00e9v\u00e9nement, qu&#039;il soit formel ou informel. De plus, vous pouvez terminer les vagues avec du Babyliss ou de la laque pour un r\u00e9sultat encore plus incroyable.<\/p>\n\n\n\n<figure class=\"wp-block-image size-full\"><img loading=\"lazy\" decoding=\"async\" width=\"760\" height=\"555\" src=\"https:\/\/danidrops.com.br\/wp-content\/uploads\/2023\/12\/Cabelo-repicado-ondulado-2.jpg\" alt=\"cheveux coup\u00e9s ondul\u00e9s\" class=\"wp-image-87220\" title=\"\" srcset=\"https:\/\/danidrops.com.br\/wp-content\/uploads\/2023\/12\/Cabelo-repicado-ondulado-2.jpg 760w, https:\/\/danidrops.com.br\/wp-content\/uploads\/2023\/12\/Cabelo-repicado-ondulado-2-300x219.jpg 300w, https:\/\/danidrops.com.br\/wp-content\/uploads\/2023\/12\/Cabelo-repicado-ondulado-2-16x12.jpg 16w, https:\/\/danidrops.com.br\/wp-content\/uploads\/2023\/12\/Cabelo-repicado-ondulado-2-150x110.jpg 150w\" sizes=\"auto, (max-width: 760px) 100vw, 760px\" \/><figcaption class=\"wp-element-caption\">cheveux coup\u00e9s ondul\u00e9s<\/figcaption><\/figure>\n\n\n\n<h2 class=\"wp-block-heading\"><span class=\"ez-toc-section\" id=\"Cabelo_repicado_anos_90\"><\/span>coupe de cheveux des ann\u00e9es 90<span class=\"ez-toc-section-end\"><\/span><\/h2>\n\n\n\n<p>La coiffure courte des ann\u00e9es 90 \u00e9tait un classique pour l&#039;\u00e9poque. En 2024, ces coupes reviendront en force, pleines de mouvement, de personnalit\u00e9 et d&#039;attitude. Le volume est une grande diff\u00e9rence dans la coupe de cheveux coup\u00e9e de 2024, donc les longueurs moyennes et longues seront les plus utilis\u00e9es par les femmes.<\/p>\n\n\n\n<figure class=\"wp-block-image size-full\"><img loading=\"lazy\" decoding=\"async\" width=\"760\" height=\"555\" src=\"https:\/\/danidrops.com.br\/wp-content\/uploads\/2023\/12\/Cabelo-repicado-anos-90.jpg\" alt=\"coupe de cheveux des ann\u00e9es 90\" class=\"wp-image-87225\" title=\"\" srcset=\"https:\/\/danidrops.com.br\/wp-content\/uploads\/2023\/12\/Cabelo-repicado-anos-90.jpg 760w, https:\/\/danidrops.com.br\/wp-content\/uploads\/2023\/12\/Cabelo-repicado-anos-90-300x219.jpg 300w, https:\/\/danidrops.com.br\/wp-content\/uploads\/2023\/12\/Cabelo-repicado-anos-90-16x12.jpg 16w, https:\/\/danidrops.com.br\/wp-content\/uploads\/2023\/12\/Cabelo-repicado-anos-90-150x110.jpg 150w\" sizes=\"auto, (max-width: 760px) 100vw, 760px\" \/><figcaption class=\"wp-element-caption\">coupe de cheveux des ann\u00e9es 90<\/figcaption><\/figure>\n\n\n\n<figure class=\"wp-block-image size-full\"><img loading=\"lazy\" decoding=\"async\" width=\"760\" height=\"555\" src=\"https:\/\/danidrops.com.br\/wp-content\/uploads\/2023\/12\/Cabelo-repicado-anos-90-2.jpg\" alt=\"coupe de cheveux des ann\u00e9es 90\" class=\"wp-image-87224\" title=\"\" srcset=\"https:\/\/danidrops.com.br\/wp-content\/uploads\/2023\/12\/Cabelo-repicado-anos-90-2.jpg 760w, https:\/\/danidrops.com.br\/wp-content\/uploads\/2023\/12\/Cabelo-repicado-anos-90-2-300x219.jpg 300w, https:\/\/danidrops.com.br\/wp-content\/uploads\/2023\/12\/Cabelo-repicado-anos-90-2-16x12.jpg 16w, https:\/\/danidrops.com.br\/wp-content\/uploads\/2023\/12\/Cabelo-repicado-anos-90-2-150x110.jpg 150w\" sizes=\"auto, (max-width: 760px) 100vw, 760px\" \/><figcaption class=\"wp-element-caption\">coupe de cheveux des ann\u00e9es 90<\/figcaption><\/figure>\n\n\n\n<h2 class=\"wp-block-heading\"><span class=\"ez-toc-section\" id=\"Cabelo_repicado_arredondado\"><\/span>Cheveux \u00e0 pointe arrondie<span class=\"ez-toc-section-end\"><\/span><\/h2>\n\n\n\n<p>Un classique parmi les femmes modernes est la coupe de cheveux arrondie et agit\u00e9e qui assure un look d\u00e9licat et charmant, surtout lorsqu&#039;elle est mise en valeur avec des reflets ou des reflets.<\/p>\n\n\n\n<figure class=\"wp-block-image size-full\"><img loading=\"lazy\" decoding=\"async\" width=\"760\" height=\"555\" src=\"https:\/\/danidrops.com.br\/wp-content\/uploads\/2023\/12\/Cabelo-repicado-arredondado.jpg\" alt=\"Cheveux \u00e0 pointe arrondie\" class=\"wp-image-87227\" title=\"\" srcset=\"https:\/\/danidrops.com.br\/wp-content\/uploads\/2023\/12\/Cabelo-repicado-arredondado.jpg 760w, https:\/\/danidrops.com.br\/wp-content\/uploads\/2023\/12\/Cabelo-repicado-arredondado-300x219.jpg 300w, https:\/\/danidrops.com.br\/wp-content\/uploads\/2023\/12\/Cabelo-repicado-arredondado-16x12.jpg 16w, https:\/\/danidrops.com.br\/wp-content\/uploads\/2023\/12\/Cabelo-repicado-arredondado-150x110.jpg 150w\" sizes=\"auto, (max-width: 760px) 100vw, 760px\" \/><figcaption class=\"wp-element-caption\">Cheveux \u00e0 pointe arrondie<\/figcaption><\/figure>\n\n\n\n<figure class=\"wp-block-image size-full\"><img loading=\"lazy\" decoding=\"async\" width=\"760\" height=\"555\" src=\"https:\/\/danidrops.com.br\/wp-content\/uploads\/2023\/12\/Cabelo-repicado-arredondado-2.jpg\" alt=\"Cheveux \u00e0 pointe arrondie\" class=\"wp-image-87226\" title=\"\" srcset=\"https:\/\/danidrops.com.br\/wp-content\/uploads\/2023\/12\/Cabelo-repicado-arredondado-2.jpg 760w, https:\/\/danidrops.com.br\/wp-content\/uploads\/2023\/12\/Cabelo-repicado-arredondado-2-300x219.jpg 300w, https:\/\/danidrops.com.br\/wp-content\/uploads\/2023\/12\/Cabelo-repicado-arredondado-2-16x12.jpg 16w, https:\/\/danidrops.com.br\/wp-content\/uploads\/2023\/12\/Cabelo-repicado-arredondado-2-150x110.jpg 150w\" sizes=\"auto, (max-width: 760px) 100vw, 760px\" \/><figcaption class=\"wp-element-caption\">Cheveux \u00e0 pointe arrondie<\/figcaption><\/figure>\n\n\n\n<h2 class=\"wp-block-heading\"><span class=\"ez-toc-section\" id=\"Cabelo_repicado_baguncado\"><\/span>cheveux h\u00e9riss\u00e9s en d\u00e9sordre<span class=\"ez-toc-section-end\"><\/span><\/h2>\n\n\n\n<p>La coupe de cheveux coup\u00e9e en d\u00e9sordre a cette finition d\u00e9contract\u00e9e et diff\u00e9rente du traditionnel, qui est l\u2019une de ses principales caract\u00e9ristiques. Pour rendre les m\u00e8ches encore plus d\u00e9sordonn\u00e9es et effiloch\u00e9es, une longueur moyenne ou courte est pr\u00e9f\u00e9rable.<\/p>\n\n\n\n<figure class=\"wp-block-image size-full\"><img loading=\"lazy\" decoding=\"async\" width=\"760\" height=\"555\" src=\"https:\/\/danidrops.com.br\/wp-content\/uploads\/2023\/12\/Cabelo-repicado-baguncado.jpg\" alt=\"cheveux h\u00e9riss\u00e9s en d\u00e9sordre\" class=\"wp-image-87229\" title=\"\" srcset=\"https:\/\/danidrops.com.br\/wp-content\/uploads\/2023\/12\/Cabelo-repicado-baguncado.jpg 760w, https:\/\/danidrops.com.br\/wp-content\/uploads\/2023\/12\/Cabelo-repicado-baguncado-300x219.jpg 300w, https:\/\/danidrops.com.br\/wp-content\/uploads\/2023\/12\/Cabelo-repicado-baguncado-16x12.jpg 16w, https:\/\/danidrops.com.br\/wp-content\/uploads\/2023\/12\/Cabelo-repicado-baguncado-150x110.jpg 150w\" sizes=\"auto, (max-width: 760px) 100vw, 760px\" \/><figcaption class=\"wp-element-caption\">cheveux h\u00e9riss\u00e9s en d\u00e9sordre<\/figcaption><\/figure>\n\n\n\n<p>Ce type de coupe de cheveux en d\u00e9grad\u00e9 2024 est le choix parfait pour les femmes courageuses, modernes, autonomes et audacieuses, qui souhaitent un look jeune qui met en valeur leur beaut\u00e9 naturelle.<\/p>\n\n\n\n<figure class=\"wp-block-image size-full\"><img loading=\"lazy\" decoding=\"async\" width=\"760\" height=\"555\" src=\"https:\/\/danidrops.com.br\/wp-content\/uploads\/2023\/12\/Cabelo-repicado-baguncado-2.jpg\" alt=\"cheveux h\u00e9riss\u00e9s en d\u00e9sordre\" class=\"wp-image-87228\" title=\"\" srcset=\"https:\/\/danidrops.com.br\/wp-content\/uploads\/2023\/12\/Cabelo-repicado-baguncado-2.jpg 760w, https:\/\/danidrops.com.br\/wp-content\/uploads\/2023\/12\/Cabelo-repicado-baguncado-2-300x219.jpg 300w, https:\/\/danidrops.com.br\/wp-content\/uploads\/2023\/12\/Cabelo-repicado-baguncado-2-16x12.jpg 16w, https:\/\/danidrops.com.br\/wp-content\/uploads\/2023\/12\/Cabelo-repicado-baguncado-2-150x110.jpg 150w\" sizes=\"auto, (max-width: 760px) 100vw, 760px\" \/><figcaption class=\"wp-element-caption\">cheveux h\u00e9riss\u00e9s en d\u00e9sordre<\/figcaption><\/figure>\n\n\n\n<h2 class=\"wp-block-heading\"><span class=\"ez-toc-section\" id=\"Cabelo_repicado_com_progressiva\"><\/span>Coupe de cheveux avec progressif<span class=\"ez-toc-section-end\"><\/span><\/h2>\n\n\n\n<p>Si vous avez des cheveux naturellement volumineux, vous pouvez commencer l&#039;ann\u00e9e prochaine avec une coupe progressive, car elle vise \u00e0 contr\u00f4ler le volume et \u00e0 apporter plus d&#039;harmonie aux m\u00e8ches.<\/p>\n\n\n\n<figure class=\"wp-block-image size-full\"><img loading=\"lazy\" decoding=\"async\" width=\"760\" height=\"555\" src=\"https:\/\/danidrops.com.br\/wp-content\/uploads\/2023\/12\/Cabelo-repicado-com-progressiva.jpg\" alt=\"Coupe de cheveux avec progressif\" class=\"wp-image-87211\" title=\"\" srcset=\"https:\/\/danidrops.com.br\/wp-content\/uploads\/2023\/12\/Cabelo-repicado-com-progressiva.jpg 760w, https:\/\/danidrops.com.br\/wp-content\/uploads\/2023\/12\/Cabelo-repicado-com-progressiva-300x219.jpg 300w, https:\/\/danidrops.com.br\/wp-content\/uploads\/2023\/12\/Cabelo-repicado-com-progressiva-16x12.jpg 16w, https:\/\/danidrops.com.br\/wp-content\/uploads\/2023\/12\/Cabelo-repicado-com-progressiva-150x110.jpg 150w\" sizes=\"auto, (max-width: 760px) 100vw, 760px\" \/><figcaption class=\"wp-element-caption\">Coupe de cheveux avec progressif<\/figcaption><\/figure>\n\n\n\n<p>Le type de coupe et de finition d\u00e9pend de vos pr\u00e9f\u00e9rences et lorsqu&#039;il est associ\u00e9 \u00e0 des reflets ou des reflets, le r\u00e9sultat est encore plus extraordinaire. Par cons\u00e9quent, pour que vous ayez une coupe de cheveux coup\u00e9e super moderne 2024, recherchez des professionnels qualifi\u00e9s.<\/p>\n\n\n\n<figure class=\"wp-block-image size-full\"><img loading=\"lazy\" decoding=\"async\" width=\"760\" height=\"555\" src=\"https:\/\/danidrops.com.br\/wp-content\/uploads\/2023\/12\/Cabelo-repicado-com-progressiva-2.jpg\" alt=\"Coupe de cheveux avec progressif\" class=\"wp-image-87210\" title=\"\" srcset=\"https:\/\/danidrops.com.br\/wp-content\/uploads\/2023\/12\/Cabelo-repicado-com-progressiva-2.jpg 760w, https:\/\/danidrops.com.br\/wp-content\/uploads\/2023\/12\/Cabelo-repicado-com-progressiva-2-300x219.jpg 300w, https:\/\/danidrops.com.br\/wp-content\/uploads\/2023\/12\/Cabelo-repicado-com-progressiva-2-16x12.jpg 16w, https:\/\/danidrops.com.br\/wp-content\/uploads\/2023\/12\/Cabelo-repicado-com-progressiva-2-150x110.jpg 150w\" sizes=\"auto, (max-width: 760px) 100vw, 760px\" \/><figcaption class=\"wp-element-caption\">Coupe de cheveux avec progressif<\/figcaption><\/figure>\n\n\n\n<h2 class=\"wp-block-heading\"><span class=\"ez-toc-section\" id=\"Cabelo_repicado_degrade\"><\/span>Cheveux pointus d\u00e9grad\u00e9s<span class=\"ez-toc-section-end\"><\/span><\/h2>\n\n\n\n<p>La coupe de cheveux en d\u00e9grad\u00e9 se caract\u00e9rise par des longueurs in\u00e9gales de m\u00e8ches par ordre croissant, qui commencent au sommet de la t\u00eate et vont jusqu&#039;aux extr\u00e9mit\u00e9s. Les couches sont marqu\u00e9es et visibles, de cette fa\u00e7on les cheveux ont plus de mouvement et de volume.<\/p>\n\n\n\n<figure class=\"wp-block-image size-full\"><img loading=\"lazy\" decoding=\"async\" width=\"760\" height=\"555\" src=\"https:\/\/danidrops.com.br\/wp-content\/uploads\/2023\/12\/Cabelo-repicado-degrade.jpg\" alt=\"Cheveux pointus d\u00e9grad\u00e9s\" class=\"wp-image-87215\" title=\"\" srcset=\"https:\/\/danidrops.com.br\/wp-content\/uploads\/2023\/12\/Cabelo-repicado-degrade.jpg 760w, https:\/\/danidrops.com.br\/wp-content\/uploads\/2023\/12\/Cabelo-repicado-degrade-300x219.jpg 300w, https:\/\/danidrops.com.br\/wp-content\/uploads\/2023\/12\/Cabelo-repicado-degrade-16x12.jpg 16w, https:\/\/danidrops.com.br\/wp-content\/uploads\/2023\/12\/Cabelo-repicado-degrade-150x110.jpg 150w\" sizes=\"auto, (max-width: 760px) 100vw, 760px\" \/><figcaption class=\"wp-element-caption\">Cheveux pointus d\u00e9grad\u00e9s<\/figcaption><\/figure>\n\n\n\n<figure class=\"wp-block-image size-full\"><img loading=\"lazy\" decoding=\"async\" width=\"760\" height=\"555\" src=\"https:\/\/danidrops.com.br\/wp-content\/uploads\/2023\/12\/Cabelo-repicado-degrade-2.jpg\" alt=\"Cheveux pointus d\u00e9grad\u00e9s\" class=\"wp-image-87214\" title=\"\" srcset=\"https:\/\/danidrops.com.br\/wp-content\/uploads\/2023\/12\/Cabelo-repicado-degrade-2.jpg 760w, https:\/\/danidrops.com.br\/wp-content\/uploads\/2023\/12\/Cabelo-repicado-degrade-2-300x219.jpg 300w, https:\/\/danidrops.com.br\/wp-content\/uploads\/2023\/12\/Cabelo-repicado-degrade-2-16x12.jpg 16w, https:\/\/danidrops.com.br\/wp-content\/uploads\/2023\/12\/Cabelo-repicado-degrade-2-150x110.jpg 150w\" sizes=\"auto, (max-width: 760px) 100vw, 760px\" \/><figcaption class=\"wp-element-caption\">Cheveux pointus d\u00e9grad\u00e9s<\/figcaption><\/figure>\n\n\n\n<h2 class=\"wp-block-heading\"><span class=\"ez-toc-section\" id=\"Cabelo_repicado_desfiado\"><\/span>cheveux pointus d\u00e9chiquet\u00e9s<span class=\"ez-toc-section-end\"><\/span><\/h2>\n\n\n\n<p>La coupe de cheveux en d\u00e9grad\u00e9s d\u00e9chiquet\u00e9s a moins de volume et les d\u00e9grad\u00e9s sont moins marqu\u00e9s, il appara\u00eet donc que les m\u00e8ches sont juste de tailles in\u00e9gales dans toutes les directions.<\/p>\n\n\n\n<figure class=\"wp-block-image size-full\"><img loading=\"lazy\" decoding=\"async\" width=\"760\" height=\"555\" src=\"https:\/\/danidrops.com.br\/wp-content\/uploads\/2023\/12\/Cabelo-repicado-desfiado.jpg\" alt=\"cheveux pointus d\u00e9chiquet\u00e9s\" class=\"wp-image-87217\" title=\"\" srcset=\"https:\/\/danidrops.com.br\/wp-content\/uploads\/2023\/12\/Cabelo-repicado-desfiado.jpg 760w, https:\/\/danidrops.com.br\/wp-content\/uploads\/2023\/12\/Cabelo-repicado-desfiado-300x219.jpg 300w, https:\/\/danidrops.com.br\/wp-content\/uploads\/2023\/12\/Cabelo-repicado-desfiado-16x12.jpg 16w, https:\/\/danidrops.com.br\/wp-content\/uploads\/2023\/12\/Cabelo-repicado-desfiado-150x110.jpg 150w\" sizes=\"auto, (max-width: 760px) 100vw, 760px\" \/><figcaption class=\"wp-element-caption\">cheveux pointus d\u00e9chiquet\u00e9s<\/figcaption><\/figure>\n\n\n\n<p>Ce type de coupe de cheveux coup\u00e9s 2024 est id\u00e9al pour celles qui commencent \u00e0 changer de look et ne souhaitent pas de changements radicaux. De cette fa\u00e7on, on peut dire qu\u2019il s\u2019agit d\u2019une r\u00e9duction transitoire importante.<\/p>\n\n\n\n<figure class=\"wp-block-image size-full\"><img loading=\"lazy\" decoding=\"async\" width=\"760\" height=\"555\" src=\"https:\/\/danidrops.com.br\/wp-content\/uploads\/2023\/12\/Cabelo-repicado-desfiado-2.jpg\" alt=\"cheveux pointus d\u00e9chiquet\u00e9s\" class=\"wp-image-87216\" title=\"\" srcset=\"https:\/\/danidrops.com.br\/wp-content\/uploads\/2023\/12\/Cabelo-repicado-desfiado-2.jpg 760w, https:\/\/danidrops.com.br\/wp-content\/uploads\/2023\/12\/Cabelo-repicado-desfiado-2-300x219.jpg 300w, https:\/\/danidrops.com.br\/wp-content\/uploads\/2023\/12\/Cabelo-repicado-desfiado-2-16x12.jpg 16w, https:\/\/danidrops.com.br\/wp-content\/uploads\/2023\/12\/Cabelo-repicado-desfiado-2-150x110.jpg 150w\" sizes=\"auto, (max-width: 760px) 100vw, 760px\" \/><figcaption class=\"wp-element-caption\">cheveux pointus d\u00e9chiquet\u00e9s<\/figcaption><\/figure>\n\n\n\n<h2 class=\"wp-block-heading\"><span class=\"ez-toc-section\" id=\"Cabelo_repicado_de_bico\"><\/span>cheveux pointus<span class=\"ez-toc-section-end\"><\/span><\/h2>\n\n\n\n<p>Pour les amateurs de cheveux plus courts, rien de mieux qu\u2019une belle coupe de cheveux en pointe, o\u00f9 la nuque est plus courte et les m\u00e8ches avant peuvent \u00eatre aussi longues que la hauteur du menton ou un peu plus longues.<\/p>\n\n\n\n<figure class=\"wp-block-image size-full\"><img loading=\"lazy\" decoding=\"async\" width=\"760\" height=\"555\" src=\"https:\/\/danidrops.com.br\/wp-content\/uploads\/2023\/12\/Cabelo-repicado-de-bico.jpg\" alt=\"cheveux pointus\" class=\"wp-image-87213\" title=\"\" srcset=\"https:\/\/danidrops.com.br\/wp-content\/uploads\/2023\/12\/Cabelo-repicado-de-bico.jpg 760w, https:\/\/danidrops.com.br\/wp-content\/uploads\/2023\/12\/Cabelo-repicado-de-bico-300x219.jpg 300w, https:\/\/danidrops.com.br\/wp-content\/uploads\/2023\/12\/Cabelo-repicado-de-bico-16x12.jpg 16w, https:\/\/danidrops.com.br\/wp-content\/uploads\/2023\/12\/Cabelo-repicado-de-bico-150x110.jpg 150w\" sizes=\"auto, (max-width: 760px) 100vw, 760px\" \/><figcaption class=\"wp-element-caption\">cheveux pointus<\/figcaption><\/figure>\n\n\n\n<p>La coupe de cheveux en pointe 2024 offre un look \u00e9l\u00e9gant, moderne et tr\u00e8s sophistiqu\u00e9. C\u2019est pourquoi elle est consid\u00e9r\u00e9e comme la coupe parfaite pour ceux qui recherchent polyvalence, praticit\u00e9 et beaut\u00e9.<\/p>\n\n\n\n<figure class=\"wp-block-image size-full\"><img loading=\"lazy\" decoding=\"async\" width=\"760\" height=\"555\" src=\"https:\/\/danidrops.com.br\/wp-content\/uploads\/2023\/12\/Cabelo-repicado-de-bico-2.jpg\" alt=\"cheveux pointus\" class=\"wp-image-87212\" title=\"\" srcset=\"https:\/\/danidrops.com.br\/wp-content\/uploads\/2023\/12\/Cabelo-repicado-de-bico-2.jpg 760w, https:\/\/danidrops.com.br\/wp-content\/uploads\/2023\/12\/Cabelo-repicado-de-bico-2-300x219.jpg 300w, https:\/\/danidrops.com.br\/wp-content\/uploads\/2023\/12\/Cabelo-repicado-de-bico-2-16x12.jpg 16w, https:\/\/danidrops.com.br\/wp-content\/uploads\/2023\/12\/Cabelo-repicado-de-bico-2-150x110.jpg 150w\" sizes=\"auto, (max-width: 760px) 100vw, 760px\" \/><figcaption class=\"wp-element-caption\">cheveux pointus<\/figcaption><\/figure>\n\n\n\n<h2 class=\"wp-block-heading\"><span class=\"ez-toc-section\" id=\"Cabelo_repicado_de_homem\"><\/span>Coupe de cheveux homme<span class=\"ez-toc-section-end\"><\/span><\/h2>\n\n\n\n<p>La coupe de cheveux coup\u00e9e pour hommes est un v\u00e9ritable classique, super moderne, \u00e9l\u00e9gant et styl\u00e9, parfait pour ceux qui aiment un look plus d\u00e9contract\u00e9 et jeune, plein de personnalit\u00e9 et d&#039;attitude.<\/p>\n\n\n\n<figure class=\"wp-block-image size-full\"><img loading=\"lazy\" decoding=\"async\" width=\"760\" height=\"555\" src=\"https:\/\/danidrops.com.br\/wp-content\/uploads\/2023\/12\/Cabelo-repicado-de-homem-2.jpg\" alt=\"Coupe de cheveux homme\" class=\"wp-image-87248\" title=\"\" srcset=\"https:\/\/danidrops.com.br\/wp-content\/uploads\/2023\/12\/Cabelo-repicado-de-homem-2.jpg 760w, https:\/\/danidrops.com.br\/wp-content\/uploads\/2023\/12\/Cabelo-repicado-de-homem-2-300x219.jpg 300w, https:\/\/danidrops.com.br\/wp-content\/uploads\/2023\/12\/Cabelo-repicado-de-homem-2-16x12.jpg 16w, https:\/\/danidrops.com.br\/wp-content\/uploads\/2023\/12\/Cabelo-repicado-de-homem-2-150x110.jpg 150w\" sizes=\"auto, (max-width: 760px) 100vw, 760px\" \/><figcaption class=\"wp-element-caption\">Coupe de cheveux homme<\/figcaption><\/figure>\n\n\n\n<p>Tous les hommes peuvent avoir ce type de coupe de cheveux coup\u00e9s 2024, que les m\u00e8ches soient courtes, moyennes ou longues. Pour rendre le look encore plus beau et \u00e9l\u00e9gant, terminez avec des produits sp\u00e9cifiques et laissez \u00e0 vos cheveux un aspect \u00ab d\u00e9coiff\u00e9 \u00bb pour mettre en valeur les d\u00e9grad\u00e9s.<\/p>\n\n\n\n<figure class=\"wp-block-image size-full\"><img loading=\"lazy\" decoding=\"async\" width=\"760\" height=\"555\" src=\"https:\/\/danidrops.com.br\/wp-content\/uploads\/2023\/12\/Cabelo-repicado-de-homem.jpg\" alt=\"Coupe de cheveux homme\" class=\"wp-image-87231\" title=\"\" srcset=\"https:\/\/danidrops.com.br\/wp-content\/uploads\/2023\/12\/Cabelo-repicado-de-homem.jpg 760w, https:\/\/danidrops.com.br\/wp-content\/uploads\/2023\/12\/Cabelo-repicado-de-homem-300x219.jpg 300w, https:\/\/danidrops.com.br\/wp-content\/uploads\/2023\/12\/Cabelo-repicado-de-homem-16x12.jpg 16w, https:\/\/danidrops.com.br\/wp-content\/uploads\/2023\/12\/Cabelo-repicado-de-homem-150x110.jpg 150w\" sizes=\"auto, (max-width: 760px) 100vw, 760px\" \/><figcaption class=\"wp-element-caption\">Coupe de cheveux homme<\/figcaption><\/figure>\n\n\n\n<h2 class=\"wp-block-heading\"><span class=\"ez-toc-section\" id=\"Cabelo_repicado_em_V\"><\/span>cheveux coup\u00e9s en V<span class=\"ez-toc-section-end\"><\/span><\/h2>\n\n\n\n<p>Si vous avez les cheveux longs, vous pouvez opter pour une coupe en V avec une finition angulaire, avec des m\u00e8ches de tailles in\u00e9gales, mais sym\u00e9triques des deux c\u00f4t\u00e9s de la t\u00eate.<\/p>\n\n\n\n<figure class=\"wp-block-image size-full\"><img loading=\"lazy\" decoding=\"async\" width=\"760\" height=\"555\" src=\"https:\/\/danidrops.com.br\/wp-content\/uploads\/2023\/12\/Cabelo-repicado-em-V-2.jpg\" alt=\"cheveux coup\u00e9s en V\" class=\"wp-image-87234\" title=\"\" srcset=\"https:\/\/danidrops.com.br\/wp-content\/uploads\/2023\/12\/Cabelo-repicado-em-V-2.jpg 760w, https:\/\/danidrops.com.br\/wp-content\/uploads\/2023\/12\/Cabelo-repicado-em-V-2-300x219.jpg 300w, https:\/\/danidrops.com.br\/wp-content\/uploads\/2023\/12\/Cabelo-repicado-em-V-2-16x12.jpg 16w, https:\/\/danidrops.com.br\/wp-content\/uploads\/2023\/12\/Cabelo-repicado-em-V-2-150x110.jpg 150w\" sizes=\"auto, (max-width: 760px) 100vw, 760px\" \/><figcaption class=\"wp-element-caption\">cheveux coup\u00e9s en V<\/figcaption><\/figure>\n\n\n\n<p>La grande diff\u00e9rence avec cette coupe de cheveux coup\u00e9e 2024 est le volume, le mouvement et la texture qu&#039;elle apporte, assurant un look magnifique et tr\u00e8s attrayant, qui met en valeur la beaut\u00e9 f\u00e9minine naturelle.<\/p>\n\n\n\n<figure class=\"wp-block-image size-full\"><img loading=\"lazy\" decoding=\"async\" width=\"760\" height=\"555\" src=\"https:\/\/danidrops.com.br\/wp-content\/uploads\/2023\/12\/Cabelo-repicado-em-V.jpg\" alt=\"cheveux coup\u00e9s en V\" class=\"wp-image-87235\" title=\"\" srcset=\"https:\/\/danidrops.com.br\/wp-content\/uploads\/2023\/12\/Cabelo-repicado-em-V.jpg 760w, https:\/\/danidrops.com.br\/wp-content\/uploads\/2023\/12\/Cabelo-repicado-em-V-300x219.jpg 300w, https:\/\/danidrops.com.br\/wp-content\/uploads\/2023\/12\/Cabelo-repicado-em-V-16x12.jpg 16w, https:\/\/danidrops.com.br\/wp-content\/uploads\/2023\/12\/Cabelo-repicado-em-V-150x110.jpg 150w\" sizes=\"auto, (max-width: 760px) 100vw, 760px\" \/><figcaption class=\"wp-element-caption\">cheveux coup\u00e9s en V<\/figcaption><\/figure>\n\n\n\n<h2 class=\"wp-block-heading\"><span class=\"ez-toc-section\" id=\"Cabelo_repicado_em_U\"><\/span>Cheveux coup\u00e9s en U<span class=\"ez-toc-section-end\"><\/span><\/h2>\n\n\n\n<p>La coupe de cheveux coup\u00e9e en U a une finition plus arrondie, qui ne forme pas de pointe au centre du dos. Malgr\u00e9 cela, les couches peuvent \u00e9galement \u00eatre assez \u00e9videntes, notamment lorsqu&#039;elles sont associ\u00e9es \u00e0 des reflets ou des reflets.<\/p>\n\n\n\n<figure class=\"wp-block-image size-full\"><img loading=\"lazy\" decoding=\"async\" width=\"760\" height=\"555\" src=\"https:\/\/danidrops.com.br\/wp-content\/uploads\/2023\/12\/Cabelo-repicado-em-U.jpg\" alt=\"Cheveux coup\u00e9s en U\" class=\"wp-image-87233\" title=\"\" srcset=\"https:\/\/danidrops.com.br\/wp-content\/uploads\/2023\/12\/Cabelo-repicado-em-U.jpg 760w, https:\/\/danidrops.com.br\/wp-content\/uploads\/2023\/12\/Cabelo-repicado-em-U-300x219.jpg 300w, https:\/\/danidrops.com.br\/wp-content\/uploads\/2023\/12\/Cabelo-repicado-em-U-16x12.jpg 16w, https:\/\/danidrops.com.br\/wp-content\/uploads\/2023\/12\/Cabelo-repicado-em-U-150x110.jpg 150w\" sizes=\"auto, (max-width: 760px) 100vw, 760px\" \/><figcaption class=\"wp-element-caption\">Cheveux coup\u00e9s en U<\/figcaption><\/figure>\n\n\n\n<figure class=\"wp-block-image size-full\"><img loading=\"lazy\" decoding=\"async\" width=\"760\" height=\"555\" src=\"https:\/\/danidrops.com.br\/wp-content\/uploads\/2023\/12\/Cabelo-repicado-em-U-2.jpg\" alt=\"Cheveux coup\u00e9s en U\" class=\"wp-image-87232\" title=\"\" srcset=\"https:\/\/danidrops.com.br\/wp-content\/uploads\/2023\/12\/Cabelo-repicado-em-U-2.jpg 760w, https:\/\/danidrops.com.br\/wp-content\/uploads\/2023\/12\/Cabelo-repicado-em-U-2-300x219.jpg 300w, https:\/\/danidrops.com.br\/wp-content\/uploads\/2023\/12\/Cabelo-repicado-em-U-2-16x12.jpg 16w, https:\/\/danidrops.com.br\/wp-content\/uploads\/2023\/12\/Cabelo-repicado-em-U-2-150x110.jpg 150w\" sizes=\"auto, (max-width: 760px) 100vw, 760px\" \/><figcaption class=\"wp-element-caption\">Cheveux coup\u00e9s en U<\/figcaption><\/figure>\n\n\n\n<h2 class=\"wp-block-heading\"><span class=\"ez-toc-section\" id=\"Cabelo_repicado_fino\"><\/span>cheveux coup\u00e9s fins<span class=\"ez-toc-section-end\"><\/span><\/h2>\n\n\n\n<p>Si vous avez les cheveux fins, vous souffrez certainement d&#039;un manque de volume et de structure, mais ce probl\u00e8me peut \u00eatre r\u00e9solu avec une coupe de cheveux fine et coup\u00e9e, qui garantit volume, texture et mouvement \u00e0 vos m\u00e8ches.<\/p>\n\n\n\n<figure class=\"wp-block-image size-full\"><img loading=\"lazy\" decoding=\"async\" width=\"760\" height=\"555\" src=\"https:\/\/danidrops.com.br\/wp-content\/uploads\/2023\/12\/Cabelo-repicado-fino.jpg\" alt=\"cheveux coup\u00e9s fins\" class=\"wp-image-87237\" title=\"\" srcset=\"https:\/\/danidrops.com.br\/wp-content\/uploads\/2023\/12\/Cabelo-repicado-fino.jpg 760w, https:\/\/danidrops.com.br\/wp-content\/uploads\/2023\/12\/Cabelo-repicado-fino-300x219.jpg 300w, https:\/\/danidrops.com.br\/wp-content\/uploads\/2023\/12\/Cabelo-repicado-fino-16x12.jpg 16w, https:\/\/danidrops.com.br\/wp-content\/uploads\/2023\/12\/Cabelo-repicado-fino-150x110.jpg 150w\" sizes=\"auto, (max-width: 760px) 100vw, 760px\" \/><figcaption class=\"wp-element-caption\">cheveux coup\u00e9s fins<\/figcaption><\/figure>\n\n\n\n<p>Toutes les longueurs de cheveux fonctionnent bien avec ce type de coupe de cheveux coup\u00e9s 2024, cependant, les coupes plus courtes sont celles qui donnent les meilleurs r\u00e9sultats en termes de volume.<\/p>\n\n\n\n<figure class=\"wp-block-image size-full\"><img loading=\"lazy\" decoding=\"async\" width=\"760\" height=\"555\" src=\"https:\/\/danidrops.com.br\/wp-content\/uploads\/2023\/12\/Cabelo-repicado-fino-2.jpg\" alt=\"cheveux coup\u00e9s fins\" class=\"wp-image-87236\" title=\"\" srcset=\"https:\/\/danidrops.com.br\/wp-content\/uploads\/2023\/12\/Cabelo-repicado-fino-2.jpg 760w, https:\/\/danidrops.com.br\/wp-content\/uploads\/2023\/12\/Cabelo-repicado-fino-2-300x219.jpg 300w, https:\/\/danidrops.com.br\/wp-content\/uploads\/2023\/12\/Cabelo-repicado-fino-2-16x12.jpg 16w, https:\/\/danidrops.com.br\/wp-content\/uploads\/2023\/12\/Cabelo-repicado-fino-2-150x110.jpg 150w\" sizes=\"auto, (max-width: 760px) 100vw, 760px\" \/><figcaption class=\"wp-element-caption\">cheveux coup\u00e9s fins<\/figcaption><\/figure>\n\n\n\n<h2 class=\"wp-block-heading\"><span class=\"ez-toc-section\" id=\"Cabelo_repicado_com_franja_lateral\"><\/span>Cheveux superpos\u00e9s avec une frange lat\u00e9rale<span class=\"ez-toc-section-end\"><\/span><\/h2>\n\n\n\n<p>La coupe de cheveux en d\u00e9grad\u00e9 avec frange lat\u00e9rale est id\u00e9ale pour celles qui souhaitent encadrer leur visage et mettre en valeur les atouts de leur look. Bien que la frange lat\u00e9rale soit une coupe classique, la finition des m\u00e8ches peut \u00eatre pointue ou effiloch\u00e9e.<\/p>\n\n\n\n<figure class=\"wp-block-image size-full\"><img loading=\"lazy\" decoding=\"async\" width=\"760\" height=\"555\" src=\"https:\/\/danidrops.com.br\/wp-content\/uploads\/2023\/12\/Cabelo-repicado-com-franja-lateral.jpg\" alt=\"Cheveux superpos\u00e9s avec une frange lat\u00e9rale\" class=\"wp-image-87247\" title=\"\" srcset=\"https:\/\/danidrops.com.br\/wp-content\/uploads\/2023\/12\/Cabelo-repicado-com-franja-lateral.jpg 760w, https:\/\/danidrops.com.br\/wp-content\/uploads\/2023\/12\/Cabelo-repicado-com-franja-lateral-300x219.jpg 300w, https:\/\/danidrops.com.br\/wp-content\/uploads\/2023\/12\/Cabelo-repicado-com-franja-lateral-16x12.jpg 16w, https:\/\/danidrops.com.br\/wp-content\/uploads\/2023\/12\/Cabelo-repicado-com-franja-lateral-150x110.jpg 150w\" sizes=\"auto, (max-width: 760px) 100vw, 760px\" \/><figcaption class=\"wp-element-caption\">Cheveux superpos\u00e9s avec une frange lat\u00e9rale<\/figcaption><\/figure>\n\n\n\n<p>Si vous souhaitez ajouter une frange \u00e0 votre coupe de cheveux coup\u00e9e de 2024, la frange lat\u00e9rale est l&#039;un des meilleurs choix, mais d&#039;autres mod\u00e8les se combinent \u00e9galement facilement avec ce style unique et charmant.<\/p>\n\n\n\n<figure class=\"wp-block-image size-full\"><img loading=\"lazy\" decoding=\"async\" width=\"760\" height=\"555\" src=\"https:\/\/danidrops.com.br\/wp-content\/uploads\/2023\/12\/Cabelo-repicado-com-franja-lateral-2.jpg\" alt=\"Cheveux superpos\u00e9s avec une frange lat\u00e9rale\" class=\"wp-image-87246\" title=\"\" srcset=\"https:\/\/danidrops.com.br\/wp-content\/uploads\/2023\/12\/Cabelo-repicado-com-franja-lateral-2.jpg 760w, https:\/\/danidrops.com.br\/wp-content\/uploads\/2023\/12\/Cabelo-repicado-com-franja-lateral-2-300x219.jpg 300w, https:\/\/danidrops.com.br\/wp-content\/uploads\/2023\/12\/Cabelo-repicado-com-franja-lateral-2-16x12.jpg 16w, https:\/\/danidrops.com.br\/wp-content\/uploads\/2023\/12\/Cabelo-repicado-com-franja-lateral-2-150x110.jpg 150w\" sizes=\"auto, (max-width: 760px) 100vw, 760px\" \/><figcaption class=\"wp-element-caption\">Cheveux superpos\u00e9s avec une frange lat\u00e9rale<\/figcaption><\/figure>\n\n\n\n<h2 class=\"wp-block-heading\"><span class=\"ez-toc-section\" id=\"Cabelo_repicado_Pixie_cut\"><\/span>coupe de cheveux coupe pixie<span class=\"ez-toc-section-end\"><\/span><\/h2>\n\n\n\n<p>L&#039;ann\u00e9e 2024 sera marqu\u00e9e par la pr\u00e9sence de la coupe de cheveux hach\u00e9e Pixie Cut, qui a les c\u00f4t\u00e9s et la nuque bas ou ras\u00e9s et le haut de la t\u00eate plus long et effiloch\u00e9 ou en pointe. Les finitions peuvent \u00eatre r\u00e9alis\u00e9es selon vos pr\u00e9f\u00e9rences personnelles, mais elles ont presque toujours un aspect \u00ab d\u00e9sordonn\u00e9 \u00bb.<\/p>\n\n\n\n<figure class=\"wp-block-image size-full\"><img loading=\"lazy\" decoding=\"async\" width=\"760\" height=\"555\" src=\"https:\/\/danidrops.com.br\/wp-content\/uploads\/2023\/12\/Cabelo-repicado-Pixie-cut.jpg\" alt=\"coupe de cheveux coupe pixie\" class=\"wp-image-87241\" title=\"\" srcset=\"https:\/\/danidrops.com.br\/wp-content\/uploads\/2023\/12\/Cabelo-repicado-Pixie-cut.jpg 760w, https:\/\/danidrops.com.br\/wp-content\/uploads\/2023\/12\/Cabelo-repicado-Pixie-cut-300x219.jpg 300w, https:\/\/danidrops.com.br\/wp-content\/uploads\/2023\/12\/Cabelo-repicado-Pixie-cut-16x12.jpg 16w, https:\/\/danidrops.com.br\/wp-content\/uploads\/2023\/12\/Cabelo-repicado-Pixie-cut-150x110.jpg 150w\" sizes=\"auto, (max-width: 760px) 100vw, 760px\" \/><figcaption class=\"wp-element-caption\">coupe de cheveux coupe pixie<\/figcaption><\/figure>\n\n\n\n<figure class=\"wp-block-image size-full\"><img loading=\"lazy\" decoding=\"async\" width=\"760\" height=\"555\" src=\"https:\/\/danidrops.com.br\/wp-content\/uploads\/2023\/12\/Cabelo-repicado-Pixie-cut-2.jpg\" alt=\"coupe de cheveux coupe pixie\" class=\"wp-image-87240\" title=\"\" srcset=\"https:\/\/danidrops.com.br\/wp-content\/uploads\/2023\/12\/Cabelo-repicado-Pixie-cut-2.jpg 760w, https:\/\/danidrops.com.br\/wp-content\/uploads\/2023\/12\/Cabelo-repicado-Pixie-cut-2-300x219.jpg 300w, https:\/\/danidrops.com.br\/wp-content\/uploads\/2023\/12\/Cabelo-repicado-Pixie-cut-2-16x12.jpg 16w, https:\/\/danidrops.com.br\/wp-content\/uploads\/2023\/12\/Cabelo-repicado-Pixie-cut-2-150x110.jpg 150w\" sizes=\"auto, (max-width: 760px) 100vw, 760px\" \/><figcaption class=\"wp-element-caption\">coupe de cheveux coupe pixie<\/figcaption><\/figure>\n\n\n\n<h2 class=\"wp-block-heading\"><span class=\"ez-toc-section\" id=\"Cabelo_repicado_Joaozinho\"><\/span>Jo\u00e3ozinho a coup\u00e9 les cheveux<span class=\"ez-toc-section-end\"><\/span><\/h2>\n\n\n\n<p>La coupe de cheveux coup\u00e9e de Jo\u00e3ozinho est encore plus courte que la pr\u00e9c\u00e9dente, car en plus de garder les c\u00f4t\u00e9s et le cou ras\u00e9s, le haut de la t\u00eate est \u00e9galement de longueur moyenne \u00e0 courte.<\/p>\n\n\n\n<figure class=\"wp-block-image size-full\"><img loading=\"lazy\" decoding=\"async\" width=\"760\" height=\"555\" src=\"https:\/\/danidrops.com.br\/wp-content\/uploads\/2023\/12\/Cabelo-repicado-Joaozinho.jpg\" alt=\"Jo\u00e3ozinho a coup\u00e9 les cheveux\" class=\"wp-image-87239\" title=\"\" srcset=\"https:\/\/danidrops.com.br\/wp-content\/uploads\/2023\/12\/Cabelo-repicado-Joaozinho.jpg 760w, https:\/\/danidrops.com.br\/wp-content\/uploads\/2023\/12\/Cabelo-repicado-Joaozinho-300x219.jpg 300w, https:\/\/danidrops.com.br\/wp-content\/uploads\/2023\/12\/Cabelo-repicado-Joaozinho-16x12.jpg 16w, https:\/\/danidrops.com.br\/wp-content\/uploads\/2023\/12\/Cabelo-repicado-Joaozinho-150x110.jpg 150w\" sizes=\"auto, (max-width: 760px) 100vw, 760px\" \/><figcaption class=\"wp-element-caption\">Jo\u00e3ozinho a coup\u00e9 les cheveux<\/figcaption><\/figure>\n\n\n\n<p>La coupe de cheveux coup\u00e9e style Jo\u00e3ozinho 2024 est pleine de personnalit\u00e9 et de style, elle convient donc aux femmes fortes, courageuses, modernes et, bien s\u00fbr, tr\u00e8s \u00e9l\u00e9gantes et sexy. Pour rendre la coupe encore plus diff\u00e9rente et sp\u00e9ciale, vous pouvez utiliser des motifs et des lignes sur les c\u00f4t\u00e9s et sur la nuque.<\/p>\n\n\n\n<figure class=\"wp-block-image size-full\"><img loading=\"lazy\" decoding=\"async\" width=\"760\" height=\"555\" src=\"https:\/\/danidrops.com.br\/wp-content\/uploads\/2023\/12\/Cabelo-repicado-Joaozinho-2.jpg\" alt=\"Jo\u00e3ozinho a coup\u00e9 les cheveux\" class=\"wp-image-87238\" title=\"\" srcset=\"https:\/\/danidrops.com.br\/wp-content\/uploads\/2023\/12\/Cabelo-repicado-Joaozinho-2.jpg 760w, https:\/\/danidrops.com.br\/wp-content\/uploads\/2023\/12\/Cabelo-repicado-Joaozinho-2-300x219.jpg 300w, https:\/\/danidrops.com.br\/wp-content\/uploads\/2023\/12\/Cabelo-repicado-Joaozinho-2-16x12.jpg 16w, https:\/\/danidrops.com.br\/wp-content\/uploads\/2023\/12\/Cabelo-repicado-Joaozinho-2-150x110.jpg 150w\" sizes=\"auto, (max-width: 760px) 100vw, 760px\" \/><figcaption class=\"wp-element-caption\">Jo\u00e3ozinho a coup\u00e9 les cheveux<\/figcaption><\/figure>\n\n\n\n<h2 class=\"wp-block-heading\"><span class=\"ez-toc-section\" id=\"Cabelo_repicado_volumoso\"><\/span>cheveux pointus volumineux<span class=\"ez-toc-section-end\"><\/span><\/h2>\n\n\n\n<p>La coupe de cheveux volumineuse et coup\u00e9e est le choix parfait pour les femmes qui aiment faire une d\u00e9claration partout o\u00f9 elles vont, avec des looks incroyables et puissants. Ce type de coupe se marie tr\u00e8s bien avec des m\u00e8ches mises en valeur par des m\u00e8ches ou des m\u00e8ches.<\/p>\n\n\n\n<figure class=\"wp-block-image size-full\"><img loading=\"lazy\" decoding=\"async\" width=\"760\" height=\"555\" src=\"https:\/\/danidrops.com.br\/wp-content\/uploads\/2023\/12\/Cabelo-repicado-volumoso.jpg\" alt=\"cheveux pointus volumineux\" class=\"wp-image-87243\" title=\"\" srcset=\"https:\/\/danidrops.com.br\/wp-content\/uploads\/2023\/12\/Cabelo-repicado-volumoso.jpg 760w, https:\/\/danidrops.com.br\/wp-content\/uploads\/2023\/12\/Cabelo-repicado-volumoso-300x219.jpg 300w, https:\/\/danidrops.com.br\/wp-content\/uploads\/2023\/12\/Cabelo-repicado-volumoso-16x12.jpg 16w, https:\/\/danidrops.com.br\/wp-content\/uploads\/2023\/12\/Cabelo-repicado-volumoso-150x110.jpg 150w\" sizes=\"auto, (max-width: 760px) 100vw, 760px\" \/><figcaption class=\"wp-element-caption\">cheveux pointus volumineux<\/figcaption><\/figure>\n\n\n\n<figure class=\"wp-block-image size-full\"><img loading=\"lazy\" decoding=\"async\" width=\"760\" height=\"555\" src=\"https:\/\/danidrops.com.br\/wp-content\/uploads\/2023\/12\/Cabelo-repicado-volumoso-2.jpg\" alt=\"cheveux pointus volumineux\" class=\"wp-image-87242\" title=\"\" srcset=\"https:\/\/danidrops.com.br\/wp-content\/uploads\/2023\/12\/Cabelo-repicado-volumoso-2.jpg 760w, https:\/\/danidrops.com.br\/wp-content\/uploads\/2023\/12\/Cabelo-repicado-volumoso-2-300x219.jpg 300w, https:\/\/danidrops.com.br\/wp-content\/uploads\/2023\/12\/Cabelo-repicado-volumoso-2-16x12.jpg 16w, https:\/\/danidrops.com.br\/wp-content\/uploads\/2023\/12\/Cabelo-repicado-volumoso-2-150x110.jpg 150w\" sizes=\"auto, (max-width: 760px) 100vw, 760px\" \/><figcaption class=\"wp-element-caption\">cheveux pointus volumineux<\/figcaption><\/figure>\n\n\n\n<h2 class=\"wp-block-heading\"><span class=\"ez-toc-section\" id=\"Cabelo_repicado_Afro\"><\/span>Cheveux pointus afro<span class=\"ez-toc-section-end\"><\/span><\/h2>\n\n\n\n<p>Les cheveux boucl\u00e9s et cr\u00e9pus peuvent \u00e9galement b\u00e9n\u00e9ficier d\u2019une coupe afro courte, car les m\u00e8ches coup\u00e9es en tailles in\u00e9gales rehaussent la courbure des boucles et aident \u00e0 contr\u00f4ler le volume.<\/p>\n\n\n\n<figure class=\"wp-block-image size-full\"><img loading=\"lazy\" decoding=\"async\" width=\"760\" height=\"555\" src=\"https:\/\/danidrops.com.br\/wp-content\/uploads\/2023\/12\/Cabelo-repicado-Afro.jpg\" alt=\"Cheveux pointus afro\" class=\"wp-image-87245\" title=\"\" srcset=\"https:\/\/danidrops.com.br\/wp-content\/uploads\/2023\/12\/Cabelo-repicado-Afro.jpg 760w, https:\/\/danidrops.com.br\/wp-content\/uploads\/2023\/12\/Cabelo-repicado-Afro-300x219.jpg 300w, https:\/\/danidrops.com.br\/wp-content\/uploads\/2023\/12\/Cabelo-repicado-Afro-16x12.jpg 16w, https:\/\/danidrops.com.br\/wp-content\/uploads\/2023\/12\/Cabelo-repicado-Afro-150x110.jpg 150w\" sizes=\"auto, (max-width: 760px) 100vw, 760px\" \/><figcaption class=\"wp-element-caption\">Cheveux pointus afro<\/figcaption><\/figure>\n\n\n\n<p>Malgr\u00e9 des cheveux volumineux, le volume, la texture et le mouvement sont harmonieux et bien structur\u00e9s avec le visage f\u00e9minin, assurant un look plein de personnalit\u00e9 et de style.<\/p>\n\n\n\n<figure class=\"wp-block-image size-full\"><img loading=\"lazy\" decoding=\"async\" width=\"760\" height=\"555\" src=\"https:\/\/danidrops.com.br\/wp-content\/uploads\/2023\/12\/Cabelo-repicado-Afro-2.jpg\" alt=\"Cheveux pointus afro\" class=\"wp-image-87244\" title=\"\" srcset=\"https:\/\/danidrops.com.br\/wp-content\/uploads\/2023\/12\/Cabelo-repicado-Afro-2.jpg 760w, https:\/\/danidrops.com.br\/wp-content\/uploads\/2023\/12\/Cabelo-repicado-Afro-2-300x219.jpg 300w, https:\/\/danidrops.com.br\/wp-content\/uploads\/2023\/12\/Cabelo-repicado-Afro-2-16x12.jpg 16w, https:\/\/danidrops.com.br\/wp-content\/uploads\/2023\/12\/Cabelo-repicado-Afro-2-150x110.jpg 150w\" sizes=\"auto, (max-width: 760px) 100vw, 760px\" \/><figcaption class=\"wp-element-caption\">Cheveux pointus afro<\/figcaption><\/figure>\n\n\n\n<h2 class=\"wp-block-heading\"><span class=\"ez-toc-section\" id=\"Cabelo_repicado_iluminado\"><\/span>coupe de cheveux en surbrillance<span class=\"ez-toc-section-end\"><\/span><\/h2>\n\n\n\n<p>Les cheveux coup\u00e9s m\u00e9ch\u00e9s sont une combinaison incroyable et tr\u00e8s sophistiqu\u00e9e qui apporte puissance et glamour aux femmes modernes et \u00e9l\u00e9gantes. Les couleurs plus claires mettent en valeur les pointes des cheveux, offrant un look plein de jeunesse et de gr\u00e2ce.<\/p>\n\n\n\n<figure class=\"wp-block-image size-full\"><img loading=\"lazy\" decoding=\"async\" width=\"760\" height=\"555\" src=\"https:\/\/danidrops.com.br\/wp-content\/uploads\/2023\/12\/Cabelo-repicado-iluminado.jpg\" alt=\"coupe de cheveux en surbrillance\" class=\"wp-image-87451\" title=\"\" srcset=\"https:\/\/danidrops.com.br\/wp-content\/uploads\/2023\/12\/Cabelo-repicado-iluminado.jpg 760w, https:\/\/danidrops.com.br\/wp-content\/uploads\/2023\/12\/Cabelo-repicado-iluminado-300x219.jpg 300w, https:\/\/danidrops.com.br\/wp-content\/uploads\/2023\/12\/Cabelo-repicado-iluminado-16x12.jpg 16w, https:\/\/danidrops.com.br\/wp-content\/uploads\/2023\/12\/Cabelo-repicado-iluminado-150x110.jpg 150w\" sizes=\"auto, (max-width: 760px) 100vw, 760px\" \/><figcaption class=\"wp-element-caption\">coupe de cheveux en surbrillance<\/figcaption><\/figure>\n\n\n\n<p>Ce type de technique convient \u00e0 tous les types de cheveux et de coupes, cependant, dans la coupe de cheveux hach\u00e9e de 2024, son appr\u00e9ciation est encore plus grande en raison des couches cr\u00e9\u00e9es le long des m\u00e8ches.<\/p>\n\n\n\n<figure class=\"wp-block-image size-full\"><img loading=\"lazy\" decoding=\"async\" width=\"760\" height=\"555\" src=\"https:\/\/danidrops.com.br\/wp-content\/uploads\/2023\/12\/Cabelo-repicado-iluminado-2.jpg\" alt=\"coupe de cheveux en surbrillance\" class=\"wp-image-87450\" title=\"\" srcset=\"https:\/\/danidrops.com.br\/wp-content\/uploads\/2023\/12\/Cabelo-repicado-iluminado-2.jpg 760w, https:\/\/danidrops.com.br\/wp-content\/uploads\/2023\/12\/Cabelo-repicado-iluminado-2-300x219.jpg 300w, https:\/\/danidrops.com.br\/wp-content\/uploads\/2023\/12\/Cabelo-repicado-iluminado-2-16x12.jpg 16w, https:\/\/danidrops.com.br\/wp-content\/uploads\/2023\/12\/Cabelo-repicado-iluminado-2-150x110.jpg 150w\" sizes=\"auto, (max-width: 760px) 100vw, 760px\" \/><figcaption class=\"wp-element-caption\">coupe de cheveux en surbrillance<\/figcaption><\/figure>\n\n\n\n<h2 class=\"wp-block-heading\"><span class=\"ez-toc-section\" id=\"Cabelo_repicado_preto\"><\/span>cheveux noirs h\u00e9riss\u00e9s<span class=\"ez-toc-section-end\"><\/span><\/h2>\n\n\n\n<p>Les cheveux noirs coup\u00e9s court sont un classique parmi les femmes qui aiment les looks s\u00e9rieux et \u00e9l\u00e9gants, car cette couleur est polyvalente et tr\u00e8s styl\u00e9e. En choisissant la coupe coup\u00e9e 2024, vous sublimez la longueur, la brillance et la couleur.<\/p>\n\n\n\n<figure class=\"wp-block-image size-full\"><img loading=\"lazy\" decoding=\"async\" width=\"760\" height=\"555\" src=\"https:\/\/danidrops.com.br\/wp-content\/uploads\/2023\/12\/Cabelo-repicado-preto-2.jpg\" alt=\"cheveux noirs h\u00e9riss\u00e9s\" class=\"wp-image-87456\" title=\"\" srcset=\"https:\/\/danidrops.com.br\/wp-content\/uploads\/2023\/12\/Cabelo-repicado-preto-2.jpg 760w, https:\/\/danidrops.com.br\/wp-content\/uploads\/2023\/12\/Cabelo-repicado-preto-2-300x219.jpg 300w, https:\/\/danidrops.com.br\/wp-content\/uploads\/2023\/12\/Cabelo-repicado-preto-2-16x12.jpg 16w, https:\/\/danidrops.com.br\/wp-content\/uploads\/2023\/12\/Cabelo-repicado-preto-2-150x110.jpg 150w\" sizes=\"auto, (max-width: 760px) 100vw, 760px\" \/><figcaption class=\"wp-element-caption\">cheveux noirs h\u00e9riss\u00e9s<\/figcaption><\/figure>\n\n\n\n<figure class=\"wp-block-image size-full\"><img loading=\"lazy\" decoding=\"async\" width=\"760\" height=\"555\" src=\"https:\/\/danidrops.com.br\/wp-content\/uploads\/2023\/12\/Cabelo-repicado-preto.jpg\" alt=\"cheveux roux h\u00e9riss\u00e9s\" class=\"wp-image-87441\" title=\"\" srcset=\"https:\/\/danidrops.com.br\/wp-content\/uploads\/2023\/12\/Cabelo-repicado-preto.jpg 760w, https:\/\/danidrops.com.br\/wp-content\/uploads\/2023\/12\/Cabelo-repicado-preto-300x219.jpg 300w, https:\/\/danidrops.com.br\/wp-content\/uploads\/2023\/12\/Cabelo-repicado-preto-16x12.jpg 16w, https:\/\/danidrops.com.br\/wp-content\/uploads\/2023\/12\/Cabelo-repicado-preto-150x110.jpg 150w\" sizes=\"auto, (max-width: 760px) 100vw, 760px\" \/><figcaption class=\"wp-element-caption\">cheveux noirs h\u00e9riss\u00e9s<\/figcaption><\/figure>\n\n\n\n<h2 class=\"wp-block-heading\"><span class=\"ez-toc-section\" id=\"Cabelo_repicado_ruivo\"><\/span>cheveux roux h\u00e9riss\u00e9s<span class=\"ez-toc-section-end\"><\/span><\/h2>\n\n\n\n<p>L&#039;une des principales tendances de l&#039;ann\u00e9e prochaine est le roux, car cette couleur a attir\u00e9 beaucoup d&#039;attention parmi les femmes qui souhaitent innover radicalement leur look. La luminosit\u00e9 et les variations des tons rouges sont \u00e9normes et vous pouvez jouer avec les combinaisons de couleurs pour cr\u00e9er des looks authentiques et incroyables.<\/p>\n\n\n\n<figure class=\"wp-block-image size-full\"><img loading=\"lazy\" decoding=\"async\" width=\"760\" height=\"555\" src=\"https:\/\/danidrops.com.br\/wp-content\/uploads\/2023\/12\/Cabelo-repicado-ruivo.jpg\" alt=\"cheveux roux h\u00e9riss\u00e9s\" class=\"wp-image-87443\" title=\"\" srcset=\"https:\/\/danidrops.com.br\/wp-content\/uploads\/2023\/12\/Cabelo-repicado-ruivo.jpg 760w, https:\/\/danidrops.com.br\/wp-content\/uploads\/2023\/12\/Cabelo-repicado-ruivo-300x219.jpg 300w, https:\/\/danidrops.com.br\/wp-content\/uploads\/2023\/12\/Cabelo-repicado-ruivo-16x12.jpg 16w, https:\/\/danidrops.com.br\/wp-content\/uploads\/2023\/12\/Cabelo-repicado-ruivo-150x110.jpg 150w\" sizes=\"auto, (max-width: 760px) 100vw, 760px\" \/><figcaption class=\"wp-element-caption\">cheveux roux h\u00e9riss\u00e9s<\/figcaption><\/figure>\n\n\n\n<p>La coupe de cheveux coup\u00e9e 2024 dans les tons de rouge est une grande tendance et de nombreuses femmes adaptent d\u00e9j\u00e0 leur look \u00e0 ce nouveau concept de mode. Choisissez soigneusement les nuances de couleurs et sublimez chaque m\u00e8che de vos cheveux.<\/p>\n\n\n\n<figure class=\"wp-block-image size-full\"><img loading=\"lazy\" decoding=\"async\" width=\"760\" height=\"555\" src=\"https:\/\/danidrops.com.br\/wp-content\/uploads\/2023\/12\/Cabelo-repicado-ruivo-2.jpg\" alt=\"cheveux roux h\u00e9riss\u00e9s\" class=\"wp-image-87442\" title=\"\" srcset=\"https:\/\/danidrops.com.br\/wp-content\/uploads\/2023\/12\/Cabelo-repicado-ruivo-2.jpg 760w, https:\/\/danidrops.com.br\/wp-content\/uploads\/2023\/12\/Cabelo-repicado-ruivo-2-300x219.jpg 300w, https:\/\/danidrops.com.br\/wp-content\/uploads\/2023\/12\/Cabelo-repicado-ruivo-2-16x12.jpg 16w, https:\/\/danidrops.com.br\/wp-content\/uploads\/2023\/12\/Cabelo-repicado-ruivo-2-150x110.jpg 150w\" sizes=\"auto, (max-width: 760px) 100vw, 760px\" \/><figcaption class=\"wp-element-caption\">cheveux roux h\u00e9riss\u00e9s<\/figcaption><\/figure>\n\n\n\n<h2 class=\"wp-block-heading\"><span class=\"ez-toc-section\" id=\"Cabelo_repicado_vermelho\"><\/span>cheveux roux h\u00e9riss\u00e9s<span class=\"ez-toc-section-end\"><\/span><\/h2>\n\n\n\n<p>Les cheveux roux coup\u00e9s pr\u00e9sentent \u00e9galement de nombreuses variantes de nuances, des plus intenses et vives aux plus sobres et ferm\u00e9es. L\u2019une des coupes qui correspond le mieux \u00e0 cette couleur est la coupe de cheveux hach\u00e9e 2024.<\/p>\n\n\n\n<figure class=\"wp-block-image size-full\"><img loading=\"lazy\" decoding=\"async\" width=\"760\" height=\"555\" src=\"https:\/\/danidrops.com.br\/wp-content\/uploads\/2023\/12\/Cabelo-repicado-vermelho.jpg\" alt=\"cheveux roux h\u00e9riss\u00e9s\" class=\"wp-image-87445\" title=\"\" srcset=\"https:\/\/danidrops.com.br\/wp-content\/uploads\/2023\/12\/Cabelo-repicado-vermelho.jpg 760w, https:\/\/danidrops.com.br\/wp-content\/uploads\/2023\/12\/Cabelo-repicado-vermelho-300x219.jpg 300w, https:\/\/danidrops.com.br\/wp-content\/uploads\/2023\/12\/Cabelo-repicado-vermelho-16x12.jpg 16w, https:\/\/danidrops.com.br\/wp-content\/uploads\/2023\/12\/Cabelo-repicado-vermelho-150x110.jpg 150w\" sizes=\"auto, (max-width: 760px) 100vw, 760px\" \/><figcaption class=\"wp-element-caption\">cheveux roux h\u00e9riss\u00e9s<\/figcaption><\/figure>\n\n\n\n<p>Il est capable d&#039;am\u00e9liorer la couleur, la brillance, la texture et le mouvement des cheveux d&#039;une mani\u00e8re unique et sp\u00e9ciale. De plus, il peut contenir des reflets de diff\u00e9rentes tonalit\u00e9s, qui sont tr\u00e8s appr\u00e9ci\u00e9s dans une belle coupe hach\u00e9e.<\/p>\n\n\n\n<figure class=\"wp-block-image size-full\"><img loading=\"lazy\" decoding=\"async\" width=\"760\" height=\"555\" src=\"https:\/\/danidrops.com.br\/wp-content\/uploads\/2023\/12\/Cabelo-repicado-vermelho-2.jpg\" alt=\"cheveux roux h\u00e9riss\u00e9s\" class=\"wp-image-87444\" title=\"\" srcset=\"https:\/\/danidrops.com.br\/wp-content\/uploads\/2023\/12\/Cabelo-repicado-vermelho-2.jpg 760w, https:\/\/danidrops.com.br\/wp-content\/uploads\/2023\/12\/Cabelo-repicado-vermelho-2-300x219.jpg 300w, https:\/\/danidrops.com.br\/wp-content\/uploads\/2023\/12\/Cabelo-repicado-vermelho-2-16x12.jpg 16w, https:\/\/danidrops.com.br\/wp-content\/uploads\/2023\/12\/Cabelo-repicado-vermelho-2-150x110.jpg 150w\" sizes=\"auto, (max-width: 760px) 100vw, 760px\" \/><figcaption class=\"wp-element-caption\">cheveux roux h\u00e9riss\u00e9s<\/figcaption><\/figure>\n\n\n\n<h2 class=\"wp-block-heading\"><span class=\"ez-toc-section\" id=\"Cabelo_repicado_infantil\"><\/span>cheveux coup\u00e9s pour enfants<span class=\"ez-toc-section-end\"><\/span><\/h2>\n\n\n\n<p>De nombreuses m\u00e8res ont peur de couper les cheveux de leurs filles et de se tromper dans le choix de la coupe, mais les cheveux coup\u00e9s des enfants sont un classique qui met en valeur la beaut\u00e9 de chaque enfant. Comme il s&#039;agit d&#039;une coupe d\u00e9connect\u00e9e et ample, elle apporte jeunesse et joie au look, mettant en valeur l&#039;un des points principaux de la vie d&#039;enfant.<\/p>\n\n\n\n<figure class=\"wp-block-image size-full\"><img loading=\"lazy\" decoding=\"async\" width=\"760\" height=\"555\" src=\"https:\/\/danidrops.com.br\/wp-content\/uploads\/2023\/12\/Cabelo-repicado-infantil.jpg\" alt=\"cheveux coup\u00e9s pour enfants\" class=\"wp-image-87453\" title=\"\" srcset=\"https:\/\/danidrops.com.br\/wp-content\/uploads\/2023\/12\/Cabelo-repicado-infantil.jpg 760w, https:\/\/danidrops.com.br\/wp-content\/uploads\/2023\/12\/Cabelo-repicado-infantil-300x219.jpg 300w, https:\/\/danidrops.com.br\/wp-content\/uploads\/2023\/12\/Cabelo-repicado-infantil-16x12.jpg 16w, https:\/\/danidrops.com.br\/wp-content\/uploads\/2023\/12\/Cabelo-repicado-infantil-150x110.jpg 150w\" sizes=\"auto, (max-width: 760px) 100vw, 760px\" \/><figcaption class=\"wp-element-caption\">cheveux coup\u00e9s pour enfants<\/figcaption><\/figure>\n\n\n\n<figure class=\"wp-block-image size-full\"><img loading=\"lazy\" decoding=\"async\" width=\"760\" height=\"555\" src=\"https:\/\/danidrops.com.br\/wp-content\/uploads\/2023\/12\/Cabelo-repicado-infantil-2.jpg\" alt=\"cheveux coup\u00e9s pour enfants\" class=\"wp-image-87452\" title=\"\" srcset=\"https:\/\/danidrops.com.br\/wp-content\/uploads\/2023\/12\/Cabelo-repicado-infantil-2.jpg 760w, https:\/\/danidrops.com.br\/wp-content\/uploads\/2023\/12\/Cabelo-repicado-infantil-2-300x219.jpg 300w, https:\/\/danidrops.com.br\/wp-content\/uploads\/2023\/12\/Cabelo-repicado-infantil-2-16x12.jpg 16w, https:\/\/danidrops.com.br\/wp-content\/uploads\/2023\/12\/Cabelo-repicado-infantil-2-150x110.jpg 150w\" sizes=\"auto, (max-width: 760px) 100vw, 760px\" \/><figcaption class=\"wp-element-caption\">cheveux coup\u00e9s pour enfants<\/figcaption><\/figure>\n\n\n\n<h2 class=\"wp-block-heading\"><span class=\"ez-toc-section\" id=\"Cabelo_repicado_para_senhoras\"><\/span>Coupe de cheveux pour dames<span class=\"ez-toc-section-end\"><\/span><\/h2>\n\n\n\n<p>D\u2019autre part, les cheveux d\u00e9grad\u00e9s pour femmes sont aussi un v\u00e9ritable classique, qui apporte jeunesse, gr\u00e2ce, d\u00e9licatesse et f\u00e9minit\u00e9 au look. Quelle que soit la longueur de vos cheveux, garder vos cheveux coup\u00e9s est une excellente option pour celles qui veulent \u00eatre toujours pr\u00eates pour tout \u00e9v\u00e9nement.<\/p>\n\n\n\n<figure class=\"wp-block-image size-full\"><img loading=\"lazy\" decoding=\"async\" width=\"760\" height=\"555\" src=\"https:\/\/danidrops.com.br\/wp-content\/uploads\/2023\/12\/Cabelo-repicado-para-senhoras.jpg\" alt=\"Coupe de cheveux pour dames\" class=\"wp-image-87455\" title=\"\" srcset=\"https:\/\/danidrops.com.br\/wp-content\/uploads\/2023\/12\/Cabelo-repicado-para-senhoras.jpg 760w, https:\/\/danidrops.com.br\/wp-content\/uploads\/2023\/12\/Cabelo-repicado-para-senhoras-300x219.jpg 300w, https:\/\/danidrops.com.br\/wp-content\/uploads\/2023\/12\/Cabelo-repicado-para-senhoras-16x12.jpg 16w, https:\/\/danidrops.com.br\/wp-content\/uploads\/2023\/12\/Cabelo-repicado-para-senhoras-150x110.jpg 150w\" sizes=\"auto, (max-width: 760px) 100vw, 760px\" \/><figcaption class=\"wp-element-caption\">Coupe de cheveux pour dames<\/figcaption><\/figure>\n\n\n\n<figure class=\"wp-block-image size-full\"><img loading=\"lazy\" decoding=\"async\" width=\"760\" height=\"555\" src=\"https:\/\/danidrops.com.br\/wp-content\/uploads\/2023\/12\/Cabelo-repicado-para-senhoras-2.jpg\" alt=\"Coupe de cheveux pour dames\" class=\"wp-image-87454\" title=\"\" srcset=\"https:\/\/danidrops.com.br\/wp-content\/uploads\/2023\/12\/Cabelo-repicado-para-senhoras-2.jpg 760w, https:\/\/danidrops.com.br\/wp-content\/uploads\/2023\/12\/Cabelo-repicado-para-senhoras-2-300x219.jpg 300w, https:\/\/danidrops.com.br\/wp-content\/uploads\/2023\/12\/Cabelo-repicado-para-senhoras-2-16x12.jpg 16w, https:\/\/danidrops.com.br\/wp-content\/uploads\/2023\/12\/Cabelo-repicado-para-senhoras-2-150x110.jpg 150w\" sizes=\"auto, (max-width: 760px) 100vw, 760px\" \/><figcaption class=\"wp-element-caption\">Coupe de cheveux pour dames<\/figcaption><\/figure>\n\n\n\n<h2 class=\"wp-block-heading\"><span class=\"ez-toc-section\" id=\"Cabelo_repicado_branco\"><\/span>cheveux blancs h\u00e9riss\u00e9s<span class=\"ez-toc-section-end\"><\/span><\/h2>\n\n\n\n<p>O <strong>cheveux blancs coup\u00e9s<\/strong> surgit aupr\u00e8s des femmes qui aiment leur libert\u00e9 d&#039;expression et leur style sans fronti\u00e8res.<\/p>\n\n\n\n<figure class=\"wp-block-image size-full\"><img loading=\"lazy\" decoding=\"async\" width=\"760\" height=\"555\" src=\"https:\/\/danidrops.com.br\/wp-content\/uploads\/2024\/03\/Cabelo-repicado-branco.jpg\" alt=\"cheveux blancs h\u00e9riss\u00e9s\" class=\"wp-image-91691\" title=\"\" srcset=\"https:\/\/danidrops.com.br\/wp-content\/uploads\/2024\/03\/Cabelo-repicado-branco.jpg 760w, https:\/\/danidrops.com.br\/wp-content\/uploads\/2024\/03\/Cabelo-repicado-branco-300x219.jpg 300w, https:\/\/danidrops.com.br\/wp-content\/uploads\/2024\/03\/Cabelo-repicado-branco-16x12.jpg 16w, https:\/\/danidrops.com.br\/wp-content\/uploads\/2024\/03\/Cabelo-repicado-branco-150x110.jpg 150w\" sizes=\"auto, (max-width: 760px) 100vw, 760px\" \/><figcaption class=\"wp-element-caption\">cheveux blancs h\u00e9riss\u00e9s<\/figcaption><\/figure>\n\n\n\n<p>Cette coupe de cheveux, caract\u00e9ris\u00e9e par des couches d\u00e9connect\u00e9es qui fournissent un volume naturel et une texture saisissante, correspond parfaitement \u00e0 la couleur des cheveux blancs purs.<\/p>\n\n\n\n<p>La combinaison audacieuse du style blanc et pointu rajeunit non seulement l\u2019apparence, mais apporte \u00e9galement une sensation d\u2019audace et de modernit\u00e9 au look.<\/p>\n\n\n\n<figure class=\"wp-block-image size-full\"><img loading=\"lazy\" decoding=\"async\" width=\"760\" height=\"555\" src=\"https:\/\/danidrops.com.br\/wp-content\/uploads\/2024\/03\/Cabelo-repicado-branco-2.jpg\" alt=\"cheveux blancs h\u00e9riss\u00e9s\" class=\"wp-image-91690\" title=\"\" srcset=\"https:\/\/danidrops.com.br\/wp-content\/uploads\/2024\/03\/Cabelo-repicado-branco-2.jpg 760w, https:\/\/danidrops.com.br\/wp-content\/uploads\/2024\/03\/Cabelo-repicado-branco-2-300x219.jpg 300w, https:\/\/danidrops.com.br\/wp-content\/uploads\/2024\/03\/Cabelo-repicado-branco-2-16x12.jpg 16w, https:\/\/danidrops.com.br\/wp-content\/uploads\/2024\/03\/Cabelo-repicado-branco-2-150x110.jpg 150w\" sizes=\"auto, (max-width: 760px) 100vw, 760px\" \/><figcaption class=\"wp-element-caption\">cheveux blancs h\u00e9riss\u00e9s<\/figcaption><\/figure>\n\n\n\n<p>Le contraste entre la couleur intense et la l\u00e9g\u00e8ret\u00e9 des couches superpos\u00e9es fait de ce style un choix puissant pour ceux qui souhaitent mettre en valeur leur personnalit\u00e9 et leur individualit\u00e9.<\/p>\n\n\n\n<p>Il est id\u00e9al pour les femmes confiantes qui souhaitent communiquer leur force et leur jeunesse, quel que soit leur \u00e2ge.<\/p>\n\n\n\n<p>En plus de cela, les cheveux blancs coup\u00e9s sont polyvalents, s&#039;adaptant facilement aux looks plus sophistiqu\u00e9s et aux styles d\u00e9contract\u00e9s, offrant ainsi une gamme de possibilit\u00e9s pour explorer votre propre expression de la beaut\u00e9.<\/p>\n\n\n\n<h2 class=\"wp-block-heading\"><span class=\"ez-toc-section\" id=\"Cabelo_repicado_grisalho\"><\/span>cheveux gris h\u00e9riss\u00e9s<span class=\"ez-toc-section-end\"><\/span><\/h2>\n\n\n\n<p>O <strong><a href=\"https:\/\/danidrops.com.br\/fr\/tendance-cheveux-gris-2024\/\" data-type=\"link\" data-id=\"https:\/\/danidrops.com.br\/tendencia-cabelo-grisalho-2024\/\">cheveux gris coup\u00e9s<\/a><\/strong> se pr\u00e9sente comme une v\u00e9ritable c\u00e9l\u00e9bration de la maturit\u00e9 alli\u00e9e au style et \u00e0 la personnalit\u00e9. Dans ce style, les couches superpos\u00e9es se combinent harmonieusement avec des nuances argent\u00e9es, cr\u00e9ant un effet visuel plein de mouvement et de sophistication.<\/p>\n\n\n\n<figure class=\"wp-block-image size-full\"><img loading=\"lazy\" decoding=\"async\" width=\"760\" height=\"555\" src=\"https:\/\/danidrops.com.br\/wp-content\/uploads\/2024\/03\/Cabelo-repicado-grisalho.jpg\" alt=\"cheveux gris h\u00e9riss\u00e9s\" class=\"wp-image-91693\" title=\"\" srcset=\"https:\/\/danidrops.com.br\/wp-content\/uploads\/2024\/03\/Cabelo-repicado-grisalho.jpg 760w, https:\/\/danidrops.com.br\/wp-content\/uploads\/2024\/03\/Cabelo-repicado-grisalho-300x219.jpg 300w, https:\/\/danidrops.com.br\/wp-content\/uploads\/2024\/03\/Cabelo-repicado-grisalho-16x12.jpg 16w, https:\/\/danidrops.com.br\/wp-content\/uploads\/2024\/03\/Cabelo-repicado-grisalho-150x110.jpg 150w\" sizes=\"auto, (max-width: 760px) 100vw, 760px\" \/><figcaption class=\"wp-element-caption\">cheveux gris h\u00e9riss\u00e9s<\/figcaption><\/figure>\n\n\n\n<p>La texture suppl\u00e9mentaire qu&#039;offre la coiffure rehausse la beaut\u00e9 naturelle des cheveux gris, les transformant en un v\u00e9ritable standard d&#039;\u00e9l\u00e9gance simple. <\/p>\n\n\n\n<p>Id\u00e9al pour les femmes dynamiques et modernes, les cheveux gris coup\u00e9s court sont un symbole de confiance, d\u00e9montrant que l&#039;\u00e2ge n&#039;est qu&#039;un chiffre et que le charme et le charisme sont intemporels.<\/p>\n\n\n\n<figure class=\"wp-block-image size-full\"><img loading=\"lazy\" decoding=\"async\" width=\"760\" height=\"555\" src=\"https:\/\/danidrops.com.br\/wp-content\/uploads\/2024\/03\/Cabelo-repicado-grisalho-2.jpg\" alt=\"cheveux gris h\u00e9riss\u00e9s\" class=\"wp-image-91692\" title=\"\" srcset=\"https:\/\/danidrops.com.br\/wp-content\/uploads\/2024\/03\/Cabelo-repicado-grisalho-2.jpg 760w, https:\/\/danidrops.com.br\/wp-content\/uploads\/2024\/03\/Cabelo-repicado-grisalho-2-300x219.jpg 300w, https:\/\/danidrops.com.br\/wp-content\/uploads\/2024\/03\/Cabelo-repicado-grisalho-2-16x12.jpg 16w, https:\/\/danidrops.com.br\/wp-content\/uploads\/2024\/03\/Cabelo-repicado-grisalho-2-150x110.jpg 150w\" sizes=\"auto, (max-width: 760px) 100vw, 760px\" \/><figcaption class=\"wp-element-caption\">cheveux gris h\u00e9riss\u00e9s<\/figcaption><\/figure>\n\n\n\n<p>En plus d&#039;\u00eatre extr\u00eamement pratique au quotidien, ce style v\u00e9hicule une image forte et confiante, prouvant que chaque m\u00e8che de cheveux gris apporte une histoire de vie, des exp\u00e9riences et une \u00e9l\u00e9gance sans pr\u00e9c\u00e9dent.<\/p>\n\n\n\n<h2 class=\"wp-block-heading\"><span class=\"ez-toc-section\" id=\"Como_arrumar_o_cabelo_repicado\"><\/span>Comment r\u00e9parer les cheveux ras\u00e9s?<span class=\"ez-toc-section-end\"><\/span><\/h2>\n\n\n\n<p>L\u2019un des avantages de la coupe de cheveux coup\u00e9e 2024 est la facilit\u00e9 avec laquelle il est possible de se pr\u00e9parer \u00e0 sortir. Pour toujours \u00eatre belle, il vous suffit de laver, s\u00e9cher et finir comme vous pr\u00e9f\u00e9rez.<\/p>\n\n\n\n<figure class=\"wp-block-image size-full\"><img loading=\"lazy\" decoding=\"async\" width=\"760\" height=\"555\" src=\"https:\/\/danidrops.com.br\/wp-content\/uploads\/2023\/12\/Como-arrumar-o-cabelo-repicado-2.jpg\" alt=\"Comment r\u00e9parer les cheveux coup\u00e9s\" class=\"wp-image-87446\" title=\"\" srcset=\"https:\/\/danidrops.com.br\/wp-content\/uploads\/2023\/12\/Como-arrumar-o-cabelo-repicado-2.jpg 760w, https:\/\/danidrops.com.br\/wp-content\/uploads\/2023\/12\/Como-arrumar-o-cabelo-repicado-2-300x219.jpg 300w, https:\/\/danidrops.com.br\/wp-content\/uploads\/2023\/12\/Como-arrumar-o-cabelo-repicado-2-16x12.jpg 16w, https:\/\/danidrops.com.br\/wp-content\/uploads\/2023\/12\/Como-arrumar-o-cabelo-repicado-2-150x110.jpg 150w\" sizes=\"auto, (max-width: 760px) 100vw, 760px\" \/><figcaption class=\"wp-element-caption\">Comment r\u00e9parer les cheveux coup\u00e9s<\/figcaption><\/figure>\n\n\n\n<p>Les cheveux raides peuvent \u00eatre finis avec un s\u00e8che-cheveux et un lisseur, tandis que les cheveux ondul\u00e9s et boucl\u00e9s peuvent \u00eatre finis avec des activateurs de boucles, un diffuseur ou la c\u00e9l\u00e8bre m\u00e9thode des ciseaux, qui d\u00e9finit les boucles et laisse le look super cool.<\/p>\n\n\n\n<figure class=\"wp-block-image size-full\"><img loading=\"lazy\" decoding=\"async\" width=\"760\" height=\"555\" src=\"https:\/\/danidrops.com.br\/wp-content\/uploads\/2023\/12\/Como-arrumar-o-cabelo-repicado.jpg\" alt=\"Comment r\u00e9parer les cheveux coup\u00e9s\" class=\"wp-image-87447\" title=\"\" srcset=\"https:\/\/danidrops.com.br\/wp-content\/uploads\/2023\/12\/Como-arrumar-o-cabelo-repicado.jpg 760w, https:\/\/danidrops.com.br\/wp-content\/uploads\/2023\/12\/Como-arrumar-o-cabelo-repicado-300x219.jpg 300w, https:\/\/danidrops.com.br\/wp-content\/uploads\/2023\/12\/Como-arrumar-o-cabelo-repicado-16x12.jpg 16w, https:\/\/danidrops.com.br\/wp-content\/uploads\/2023\/12\/Como-arrumar-o-cabelo-repicado-150x110.jpg 150w\" sizes=\"auto, (max-width: 760px) 100vw, 760px\" \/><figcaption class=\"wp-element-caption\">Comment r\u00e9parer les cheveux coup\u00e9s<\/figcaption><\/figure>\n\n\n\n<h2 class=\"wp-block-heading\"><span class=\"ez-toc-section\" id=\"Como_repicar_o_cabelo\"><\/span>Comment couper les cheveux ?<span class=\"ez-toc-section-end\"><\/span><\/h2>\n\n\n\n<p>Pour obtenir la coupe de cheveux coup\u00e9s 2024, il est important de rechercher un professionnel form\u00e9 et qualifi\u00e9 pour ce type de coupe. Pratiquement tous les types de cheveux conviennent \u00e0 cette coupe, mais il faut faire attention aux d\u00e9tails.<\/p>\n\n\n\n<figure class=\"wp-block-image size-full\"><img loading=\"lazy\" decoding=\"async\" width=\"760\" height=\"555\" src=\"https:\/\/danidrops.com.br\/wp-content\/uploads\/2023\/12\/Como-repicar-o-cabelo.jpg\" alt=\"Comment coiffer vos cheveux\" class=\"wp-image-87449\" title=\"\" srcset=\"https:\/\/danidrops.com.br\/wp-content\/uploads\/2023\/12\/Como-repicar-o-cabelo.jpg 760w, https:\/\/danidrops.com.br\/wp-content\/uploads\/2023\/12\/Como-repicar-o-cabelo-300x219.jpg 300w, https:\/\/danidrops.com.br\/wp-content\/uploads\/2023\/12\/Como-repicar-o-cabelo-16x12.jpg 16w, https:\/\/danidrops.com.br\/wp-content\/uploads\/2023\/12\/Como-repicar-o-cabelo-150x110.jpg 150w\" sizes=\"auto, (max-width: 760px) 100vw, 760px\" \/><figcaption class=\"wp-element-caption\">Comment coiffer vos cheveux<\/figcaption><\/figure>\n\n\n\n<p>Certaines personnes prennent le risque de r\u00e9aliser cette coupe \u00e0 la maison en suivant des tutoriels, et l&#039;un des principaux conseils pour y parvenir est de peigner tous les cheveux vers l&#039;avant et de couper les pointes droites. Pour une meilleure finition, r\u00e9alisez des coupes verticales.<\/p>\n\n\n\n<figure class=\"wp-block-image size-full\"><img loading=\"lazy\" decoding=\"async\" width=\"760\" height=\"555\" src=\"https:\/\/danidrops.com.br\/wp-content\/uploads\/2023\/12\/Como-repicar-o-cabelo-2.jpg\" alt=\"Comment coiffer vos cheveux\" class=\"wp-image-87448\" title=\"\" srcset=\"https:\/\/danidrops.com.br\/wp-content\/uploads\/2023\/12\/Como-repicar-o-cabelo-2.jpg 760w, https:\/\/danidrops.com.br\/wp-content\/uploads\/2023\/12\/Como-repicar-o-cabelo-2-300x219.jpg 300w, https:\/\/danidrops.com.br\/wp-content\/uploads\/2023\/12\/Como-repicar-o-cabelo-2-16x12.jpg 16w, https:\/\/danidrops.com.br\/wp-content\/uploads\/2023\/12\/Como-repicar-o-cabelo-2-150x110.jpg 150w\" sizes=\"auto, (max-width: 760px) 100vw, 760px\" \/><figcaption class=\"wp-element-caption\">Comment coiffer vos cheveux<\/figcaption><\/figure>\n<div id=\"ez-toc-container\" class=\"ez-toc-v2_0_76 counter-hierarchy ez-toc-counter ez-toc-grey ez-toc-container-direction\">\n<p class=\"ez-toc-title\" style=\"cursor:inherit\">Vous lirez cet article<\/p>\n<label for=\"ez-toc-cssicon-toggle-item-69f07fb953369\" class=\"ez-toc-cssicon-toggle-label\"><span class=\"ez-toc-cssicon\"><span class=\"eztoc-hide\" style=\"display:none;\">Basculer<\/span><span class=\"ez-toc-icon-toggle-span\"><svg style=\"fill: #999;color:#999\" xmlns=\"http:\/\/www.w3.org\/2000\/svg\" class=\"list-377408\" width=\"20px\" height=\"20px\" viewbox=\"0 0 24 24\" fill=\"none\"><path d=\"M6 6H4v2h2V6zm14 0H8v2h12V6zM4 11h2v2H4v-2zm16 0H8v2h12v-2zM4 16h2v2H4v-2zm16 0H8v2h12v-2z\" fill=\"currentColor\"><\/path><\/svg><svg style=\"fill: #999;color:#999\" class=\"arrow-unsorted-368013\" xmlns=\"http:\/\/www.w3.org\/2000\/svg\" width=\"10px\" height=\"10px\" viewbox=\"0 0 24 24\" version=\"1.2\" baseprofile=\"tiny\"><path d=\"M18.2 9.3l-6.2-6.3-6.2 6.3c-.2.2-.3.4-.3.7s.1.5.3.7c.2.2.4.3.7.3h11c.3 0 .5-.1.7-.3.2-.2.3-.5.3-.7s-.1-.5-.3-.7zM5.8 14.7l6.2 6.3 6.2-6.3c.2-.2.3-.5.3-.7s-.1-.5-.3-.7c-.2-.2-.4-.3-.7-.3h-11c-.3 0-.5.1-.7.3-.2.2-.3.5-.3.7s.1.5.3.7z\"\/><\/svg><\/span><\/span><\/label><input type=\"checkbox\"  id=\"ez-toc-cssicon-toggle-item-69f07fb953369\"  aria-label=\"Basculer\" \/><nav><ul class='ez-toc-list ez-toc-list-level-1' ><li class='ez-toc-page-1 ez-toc-heading-level-2'><a class=\"ez-toc-link ez-toc-heading-1\" href=\"https:\/\/danidrops.com.br\/fr\/coupe-de-cheveux-degradee-2024\/#O_que_e_o_corte_de_cabelo_repicado_2024\" >Quelle est la coupe de cheveux coup\u00e9e 2024 ?<\/a><\/li><li class='ez-toc-page-1 ez-toc-heading-level-2'><a class=\"ez-toc-link ez-toc-heading-2\" href=\"https:\/\/danidrops.com.br\/fr\/coupe-de-cheveux-degradee-2024\/#Quais_os_tipos_de_cabelo_repicado_2024\" >Quels sont les types de cheveux coup\u00e9s en 2024 ?<\/a><\/li><li class='ez-toc-page-1 ez-toc-heading-level-2'><a class=\"ez-toc-link ez-toc-heading-3\" href=\"https:\/\/danidrops.com.br\/fr\/coupe-de-cheveux-degradee-2024\/#Quais_os_cortes_de_Cabelo_Repicado_2024_que_serao_tendencia\" >Quelles coupes de cheveux 2024 seront une tendance ?<\/a><\/li><li class='ez-toc-page-1 ez-toc-heading-level-2'><a class=\"ez-toc-link ez-toc-heading-4\" href=\"https:\/\/danidrops.com.br\/fr\/coupe-de-cheveux-degradee-2024\/#Cabelo_repicado_Chanel_2024\" >Chanel 2024 cheveux coup\u00e9s<\/a><\/li><li class='ez-toc-page-1 ez-toc-heading-level-2'><a class=\"ez-toc-link ez-toc-heading-5\" href=\"https:\/\/danidrops.com.br\/fr\/coupe-de-cheveux-degradee-2024\/#Cabelo_repicado_longo_2024\" >Cheveux longs coup\u00e9s 2024<\/a><\/li><li class='ez-toc-page-1 ez-toc-heading-level-2'><a class=\"ez-toc-link ez-toc-heading-6\" href=\"https:\/\/danidrops.com.br\/fr\/coupe-de-cheveux-degradee-2024\/#Cabelo_repicado_medio_2024\" >Cheveux mi-coup\u00e9s 2024<\/a><\/li><li class='ez-toc-page-1 ez-toc-heading-level-2'><a class=\"ez-toc-link ez-toc-heading-7\" href=\"https:\/\/danidrops.com.br\/fr\/coupe-de-cheveux-degradee-2024\/#Cabelo_repicado_curto_2024\" >Cheveux courts coup\u00e9s 2024<\/a><\/li><li class='ez-toc-page-1 ez-toc-heading-level-2'><a class=\"ez-toc-link ez-toc-heading-8\" href=\"https:\/\/danidrops.com.br\/fr\/coupe-de-cheveux-degradee-2024\/#Cabelo_repicado_com_franja_2024\" >Cheveux coup\u00e9s avec frange 2024<\/a><\/li><li class='ez-toc-page-1 ez-toc-heading-level-2'><a class=\"ez-toc-link ez-toc-heading-9\" href=\"https:\/\/danidrops.com.br\/fr\/coupe-de-cheveux-degradee-2024\/#Cabelo_repicado_nas_pontas\" >Cheveux coup\u00e9s aux pointes<\/a><\/li><li class='ez-toc-page-1 ez-toc-heading-level-2'><a class=\"ez-toc-link ez-toc-heading-10\" href=\"https:\/\/danidrops.com.br\/fr\/coupe-de-cheveux-degradee-2024\/#Cabelo_repicado_longo_em_camadas\" >Coupe de cheveux longue d\u00e9grad\u00e9e<\/a><\/li><li class='ez-toc-page-1 ez-toc-heading-level-2'><a class=\"ez-toc-link ez-toc-heading-11\" href=\"https:\/\/danidrops.com.br\/fr\/coupe-de-cheveux-degradee-2024\/#Cabelo_repicado_na_altura_do_ombro\" >Coupe de cheveux aux \u00e9paules<\/a><\/li><li class='ez-toc-page-1 ez-toc-heading-level-2'><a class=\"ez-toc-link ez-toc-heading-12\" href=\"https:\/\/danidrops.com.br\/fr\/coupe-de-cheveux-degradee-2024\/#Cabelo_repicado_curto_desfiado\" >Cheveux courts coup\u00e9s<\/a><\/li><li class='ez-toc-page-1 ez-toc-heading-level-2'><a class=\"ez-toc-link ez-toc-heading-13\" href=\"https:\/\/danidrops.com.br\/fr\/coupe-de-cheveux-degradee-2024\/#Cabelo_repicado_em_camadas\" >Coupe de cheveux en couches<\/a><\/li><li class='ez-toc-page-1 ez-toc-heading-level-2'><a class=\"ez-toc-link ez-toc-heading-14\" href=\"https:\/\/danidrops.com.br\/fr\/coupe-de-cheveux-degradee-2024\/#Cabelo_repicado_long_bob\" >cheveux longs coup\u00e9s au carr\u00e9<\/a><\/li><li class='ez-toc-page-1 ez-toc-heading-level-2'><a class=\"ez-toc-link ez-toc-heading-15\" href=\"https:\/\/danidrops.com.br\/fr\/coupe-de-cheveux-degradee-2024\/#Cabelo_repicado_com_franja_cortina\" >Coupe de cheveux avec une frange de rideau<\/a><\/li><li class='ez-toc-page-1 ez-toc-heading-level-2'><a class=\"ez-toc-link ez-toc-heading-16\" href=\"https:\/\/danidrops.com.br\/fr\/coupe-de-cheveux-degradee-2024\/#Cabelo_repicado_cacheado\" >cheveux boucl\u00e9s en pointe<\/a><\/li><li class='ez-toc-page-1 ez-toc-heading-level-2'><a class=\"ez-toc-link ez-toc-heading-17\" href=\"https:\/\/danidrops.com.br\/fr\/coupe-de-cheveux-degradee-2024\/#Cabelo_repicado_crespo\" >cheveux boucl\u00e9s<\/a><\/li><li class='ez-toc-page-1 ez-toc-heading-level-2'><a class=\"ez-toc-link ez-toc-heading-18\" href=\"https:\/\/danidrops.com.br\/fr\/coupe-de-cheveux-degradee-2024\/#Cabelo_repicado_para_loiras\" >Coupe de cheveux pour les blondes<\/a><\/li><li class='ez-toc-page-1 ez-toc-heading-level-2'><a class=\"ez-toc-link ez-toc-heading-19\" href=\"https:\/\/danidrops.com.br\/fr\/coupe-de-cheveux-degradee-2024\/#Cabelo_repicado_para_morenas\" >Cheveux courts pour les brunes<\/a><\/li><li class='ez-toc-page-1 ez-toc-heading-level-2'><a class=\"ez-toc-link ez-toc-heading-20\" href=\"https:\/\/danidrops.com.br\/fr\/coupe-de-cheveux-degradee-2024\/#Cabelo_repicado_anos_80\" >coupe de cheveux des ann\u00e9es 80<\/a><\/li><li class='ez-toc-page-1 ez-toc-heading-level-2'><a class=\"ez-toc-link ez-toc-heading-21\" href=\"https:\/\/danidrops.com.br\/fr\/coupe-de-cheveux-degradee-2024\/#Cabelo_repicado_para_rosto_redondo\" >Coupe de cheveux pour visage rond<\/a><\/li><li class='ez-toc-page-1 ez-toc-heading-level-2'><a class=\"ez-toc-link ez-toc-heading-22\" href=\"https:\/\/danidrops.com.br\/fr\/coupe-de-cheveux-degradee-2024\/#Cabelo_repicado_liso\" >cheveux coup\u00e9s raides<\/a><\/li><li class='ez-toc-page-1 ez-toc-heading-level-2'><a class=\"ez-toc-link ez-toc-heading-23\" href=\"https:\/\/danidrops.com.br\/fr\/coupe-de-cheveux-degradee-2024\/#Cabelo_repicado_ondulado\" >cheveux coup\u00e9s ondul\u00e9s<\/a><\/li><li class='ez-toc-page-1 ez-toc-heading-level-2'><a class=\"ez-toc-link ez-toc-heading-24\" href=\"https:\/\/danidrops.com.br\/fr\/coupe-de-cheveux-degradee-2024\/#Cabelo_repicado_anos_90\" >coupe de cheveux des ann\u00e9es 90<\/a><\/li><li class='ez-toc-page-1 ez-toc-heading-level-2'><a class=\"ez-toc-link ez-toc-heading-25\" href=\"https:\/\/danidrops.com.br\/fr\/coupe-de-cheveux-degradee-2024\/#Cabelo_repicado_arredondado\" >Cheveux \u00e0 pointe arrondie<\/a><\/li><li class='ez-toc-page-1 ez-toc-heading-level-2'><a class=\"ez-toc-link ez-toc-heading-26\" href=\"https:\/\/danidrops.com.br\/fr\/coupe-de-cheveux-degradee-2024\/#Cabelo_repicado_baguncado\" >cheveux h\u00e9riss\u00e9s en d\u00e9sordre<\/a><\/li><li class='ez-toc-page-1 ez-toc-heading-level-2'><a class=\"ez-toc-link ez-toc-heading-27\" href=\"https:\/\/danidrops.com.br\/fr\/coupe-de-cheveux-degradee-2024\/#Cabelo_repicado_com_progressiva\" >Coupe de cheveux avec progressif<\/a><\/li><li class='ez-toc-page-1 ez-toc-heading-level-2'><a class=\"ez-toc-link ez-toc-heading-28\" href=\"https:\/\/danidrops.com.br\/fr\/coupe-de-cheveux-degradee-2024\/#Cabelo_repicado_degrade\" >Cheveux pointus d\u00e9grad\u00e9s<\/a><\/li><li class='ez-toc-page-1 ez-toc-heading-level-2'><a class=\"ez-toc-link ez-toc-heading-29\" href=\"https:\/\/danidrops.com.br\/fr\/coupe-de-cheveux-degradee-2024\/#Cabelo_repicado_desfiado\" >cheveux pointus d\u00e9chiquet\u00e9s<\/a><\/li><li class='ez-toc-page-1 ez-toc-heading-level-2'><a class=\"ez-toc-link ez-toc-heading-30\" href=\"https:\/\/danidrops.com.br\/fr\/coupe-de-cheveux-degradee-2024\/#Cabelo_repicado_de_bico\" >cheveux pointus<\/a><\/li><li class='ez-toc-page-1 ez-toc-heading-level-2'><a class=\"ez-toc-link ez-toc-heading-31\" href=\"https:\/\/danidrops.com.br\/fr\/coupe-de-cheveux-degradee-2024\/#Cabelo_repicado_de_homem\" >Coupe de cheveux homme<\/a><\/li><li class='ez-toc-page-1 ez-toc-heading-level-2'><a class=\"ez-toc-link ez-toc-heading-32\" href=\"https:\/\/danidrops.com.br\/fr\/coupe-de-cheveux-degradee-2024\/#Cabelo_repicado_em_V\" >cheveux coup\u00e9s en V<\/a><\/li><li class='ez-toc-page-1 ez-toc-heading-level-2'><a class=\"ez-toc-link ez-toc-heading-33\" href=\"https:\/\/danidrops.com.br\/fr\/coupe-de-cheveux-degradee-2024\/#Cabelo_repicado_em_U\" >Cheveux coup\u00e9s en U<\/a><\/li><li class='ez-toc-page-1 ez-toc-heading-level-2'><a class=\"ez-toc-link ez-toc-heading-34\" href=\"https:\/\/danidrops.com.br\/fr\/coupe-de-cheveux-degradee-2024\/#Cabelo_repicado_fino\" >cheveux coup\u00e9s fins<\/a><\/li><li class='ez-toc-page-1 ez-toc-heading-level-2'><a class=\"ez-toc-link ez-toc-heading-35\" href=\"https:\/\/danidrops.com.br\/fr\/coupe-de-cheveux-degradee-2024\/#Cabelo_repicado_com_franja_lateral\" >Cheveux superpos\u00e9s avec une frange lat\u00e9rale<\/a><\/li><li class='ez-toc-page-1 ez-toc-heading-level-2'><a class=\"ez-toc-link ez-toc-heading-36\" href=\"https:\/\/danidrops.com.br\/fr\/coupe-de-cheveux-degradee-2024\/#Cabelo_repicado_Pixie_cut\" >coupe de cheveux coupe pixie<\/a><\/li><li class='ez-toc-page-1 ez-toc-heading-level-2'><a class=\"ez-toc-link ez-toc-heading-37\" href=\"https:\/\/danidrops.com.br\/fr\/coupe-de-cheveux-degradee-2024\/#Cabelo_repicado_Joaozinho\" >Jo\u00e3ozinho a coup\u00e9 les cheveux<\/a><\/li><li class='ez-toc-page-1 ez-toc-heading-level-2'><a class=\"ez-toc-link ez-toc-heading-38\" href=\"https:\/\/danidrops.com.br\/fr\/coupe-de-cheveux-degradee-2024\/#Cabelo_repicado_volumoso\" >cheveux pointus volumineux<\/a><\/li><li class='ez-toc-page-1 ez-toc-heading-level-2'><a class=\"ez-toc-link ez-toc-heading-39\" href=\"https:\/\/danidrops.com.br\/fr\/coupe-de-cheveux-degradee-2024\/#Cabelo_repicado_Afro\" >Cheveux pointus afro<\/a><\/li><li class='ez-toc-page-1 ez-toc-heading-level-2'><a class=\"ez-toc-link ez-toc-heading-40\" href=\"https:\/\/danidrops.com.br\/fr\/coupe-de-cheveux-degradee-2024\/#Cabelo_repicado_iluminado\" >coupe de cheveux en surbrillance<\/a><\/li><li class='ez-toc-page-1 ez-toc-heading-level-2'><a class=\"ez-toc-link ez-toc-heading-41\" href=\"https:\/\/danidrops.com.br\/fr\/coupe-de-cheveux-degradee-2024\/#Cabelo_repicado_preto\" >cheveux noirs h\u00e9riss\u00e9s<\/a><\/li><li class='ez-toc-page-1 ez-toc-heading-level-2'><a class=\"ez-toc-link ez-toc-heading-42\" href=\"https:\/\/danidrops.com.br\/fr\/coupe-de-cheveux-degradee-2024\/#Cabelo_repicado_ruivo\" >cheveux roux h\u00e9riss\u00e9s<\/a><\/li><li class='ez-toc-page-1 ez-toc-heading-level-2'><a class=\"ez-toc-link ez-toc-heading-43\" href=\"https:\/\/danidrops.com.br\/fr\/coupe-de-cheveux-degradee-2024\/#Cabelo_repicado_vermelho\" >cheveux roux h\u00e9riss\u00e9s<\/a><\/li><li class='ez-toc-page-1 ez-toc-heading-level-2'><a class=\"ez-toc-link ez-toc-heading-44\" href=\"https:\/\/danidrops.com.br\/fr\/coupe-de-cheveux-degradee-2024\/#Cabelo_repicado_infantil\" >cheveux coup\u00e9s pour enfants<\/a><\/li><li class='ez-toc-page-1 ez-toc-heading-level-2'><a class=\"ez-toc-link ez-toc-heading-45\" href=\"https:\/\/danidrops.com.br\/fr\/coupe-de-cheveux-degradee-2024\/#Cabelo_repicado_para_senhoras\" >Coupe de cheveux pour dames<\/a><\/li><li class='ez-toc-page-1 ez-toc-heading-level-2'><a class=\"ez-toc-link ez-toc-heading-46\" href=\"https:\/\/danidrops.com.br\/fr\/coupe-de-cheveux-degradee-2024\/#Cabelo_repicado_branco\" >cheveux blancs h\u00e9riss\u00e9s<\/a><\/li><li class='ez-toc-page-1 ez-toc-heading-level-2'><a class=\"ez-toc-link ez-toc-heading-47\" href=\"https:\/\/danidrops.com.br\/fr\/coupe-de-cheveux-degradee-2024\/#Cabelo_repicado_grisalho\" >cheveux gris h\u00e9riss\u00e9s<\/a><\/li><li class='ez-toc-page-1 ez-toc-heading-level-2'><a class=\"ez-toc-link ez-toc-heading-48\" href=\"https:\/\/danidrops.com.br\/fr\/coupe-de-cheveux-degradee-2024\/#Como_arrumar_o_cabelo_repicado\" >Comment r\u00e9parer les cheveux ras\u00e9s?<\/a><\/li><li class='ez-toc-page-1 ez-toc-heading-level-2'><a class=\"ez-toc-link ez-toc-heading-49\" href=\"https:\/\/danidrops.com.br\/fr\/coupe-de-cheveux-degradee-2024\/#Como_repicar_o_cabelo\" >Comment couper les cheveux ?<\/a><\/li><\/ul><\/nav><\/div>","protected":false},"excerpt":{"rendered":"<p>O Corte de Cabelo Repicado 2024 \u00e9 um cl\u00e1ssico que est\u00e1 sempre na moda, pois valoriza o comprimento e o movimento dos fios. Al\u00e9m disso,&hellip;<\/p>","protected":false},"author":1,"featured_media":86865,"comment_status":"open","ping_status":"open","sticky":false,"template":"","format":"standard","meta":{"footnotes":""},"categories":[439],"tags":[],"class_list":["post-86765","post","type-post","status-publish","format-standard","has-post-thumbnail","hentry","category-cabelo"],"_links":{"self":[{"href":"https:\/\/danidrops.com.br\/fr\/wp-json\/wp\/v2\/posts\/86765","targetHints":{"allow":["GET"]}}],"collection":[{"href":"https:\/\/danidrops.com.br\/fr\/wp-json\/wp\/v2\/posts"}],"about":[{"href":"https:\/\/danidrops.com.br\/fr\/wp-json\/wp\/v2\/types\/post"}],"author":[{"embeddable":true,"href":"https:\/\/danidrops.com.br\/fr\/wp-json\/wp\/v2\/users\/1"}],"replies":[{"embeddable":true,"href":"https:\/\/danidrops.com.br\/fr\/wp-json\/wp\/v2\/comments?post=86765"}],"version-history":[{"count":0,"href":"https:\/\/danidrops.com.br\/fr\/wp-json\/wp\/v2\/posts\/86765\/revisions"}],"wp:featuredmedia":[{"embeddable":true,"href":"https:\/\/danidrops.com.br\/fr\/wp-json\/wp\/v2\/media\/86865"}],"wp:attachment":[{"href":"https:\/\/danidrops.com.br\/fr\/wp-json\/wp\/v2\/media?parent=86765"}],"wp:term":[{"taxonomy":"category","embeddable":true,"href":"https:\/\/danidrops.com.br\/fr\/wp-json\/wp\/v2\/categories?post=86765"},{"taxonomy":"post_tag","embeddable":true,"href":"https:\/\/danidrops.com.br\/fr\/wp-json\/wp\/v2\/tags?post=86765"}],"curies":[{"name":"wp","href":"https:\/\/api.w.org\/{rel}","templated":true}]}}