{"id":9942,"date":"2024-05-10T07:00:00","date_gmt":"2024-05-10T10:00:00","guid":{"rendered":"https:\/\/danidrops.com.br\/?p=9942"},"modified":"2024-05-10T18:01:29","modified_gmt":"2024-05-10T21:01:29","slug":"tendances-vestimentaires-pour-le-festival-de-juin","status":"publish","type":"post","link":"https:\/\/danidrops.com.br\/fr\/tendances-vestimentaires-pour-le-festival-de-juin\/","title":{"rendered":"Tendance look Festa Junina 2024 \u2013 D\u00e9couvrez plus de 120 looks Festa Junina pour vous inspirer"},"content":{"rendered":"<p>Ah, juin est arriv\u00e9 et avec lui les festivit\u00e9s de juin, cette f\u00eate qui nous est si unique, si pleine de couleurs et de saveurs ! Mais, outre les sp\u00e9cialit\u00e9s typiques et les danses carr\u00e9es, ce qui attire vraiment l&#039;attention, c&#039;est le <strong>Tendance du look Festa Junina 2024<\/strong>. <\/p>\n\n\n\n<p>Cette ann\u00e9e, les tendances des tenues de f\u00eate de juin sont plus vibrantes et envo\u00fbtantes que jamais, promettant de transformer chaque femme en v\u00e9ritable reine des champs de ma\u00efs !<\/p>\n\n\n\n<p>Voir aussi : <strong><a href=\"https:\/\/danidrops.com.br\/fr\/tendances-maquillage-pour-les-festivals-de-juin\/\" data-type=\"link\" data-id=\"https:\/\/danidrops.com.br\/tendencias-de-maquiagem-para-festa-junina\/\">Tendances maquillage pour la Festa Junina 2024 \u2013 Plus de 80 inspirations maquillage pour S\u00e3o Jo\u00e3o<\/a><\/strong><\/p>\n\n\n\n<p>Le plaid continue de r\u00e9gner, mais il appara\u00eet d\u00e9sormais renouvel\u00e9, m\u00eal\u00e9 \u00e0 des tissus fluides et des coupes modernes qui valorisent le corps f\u00e9minin. <\/p>\n\n\n\n<figure class=\"wp-block-image size-full\"><img loading=\"lazy\" decoding=\"async\" width=\"760\" height=\"555\" src=\"https:\/\/danidrops.com.br\/wp-content\/uploads\/2024\/05\/Look-Festa-Junina-2024-21.jpg\" alt=\"Look de la Festa Junina 2024\" class=\"wp-image-95540\" title=\"\" srcset=\"https:\/\/danidrops.com.br\/wp-content\/uploads\/2024\/05\/Look-Festa-Junina-2024-21.jpg 760w, https:\/\/danidrops.com.br\/wp-content\/uploads\/2024\/05\/Look-Festa-Junina-2024-21-300x219.jpg 300w, https:\/\/danidrops.com.br\/wp-content\/uploads\/2024\/05\/Look-Festa-Junina-2024-21-16x12.jpg 16w, https:\/\/danidrops.com.br\/wp-content\/uploads\/2024\/05\/Look-Festa-Junina-2024-21-150x110.jpg 150w\" sizes=\"auto, (max-width: 760px) 100vw, 760px\" \/><figcaption class=\"wp-element-caption\">Look de la Festa Junina 2024<\/figcaption><\/figure>\n\n\n\n<p>Les jupes amples prennent un look plus l\u00e9ger avec des superpositions qui semblent danser au rythme du vent, tandis que les corsages ajust\u00e9s soulignent la silhouette avec une touche d&#039;audace et de tradition. Il ne s&#039;agit pas seulement de s&#039;habiller ; Il s\u2019agit de s\u2019habiller dans l\u2019histoire avec une touche contemporaine.<\/p>\n\n\n\n<figure class=\"wp-block-image size-full\"><img loading=\"lazy\" decoding=\"async\" width=\"760\" height=\"555\" src=\"https:\/\/danidrops.com.br\/wp-content\/uploads\/2024\/05\/Look-Festa-Junina-2024-20.jpg\" alt=\"Look de la Festa Junina 2024\" class=\"wp-image-95539\" title=\"\" srcset=\"https:\/\/danidrops.com.br\/wp-content\/uploads\/2024\/05\/Look-Festa-Junina-2024-20.jpg 760w, https:\/\/danidrops.com.br\/wp-content\/uploads\/2024\/05\/Look-Festa-Junina-2024-20-300x219.jpg 300w, https:\/\/danidrops.com.br\/wp-content\/uploads\/2024\/05\/Look-Festa-Junina-2024-20-16x12.jpg 16w, https:\/\/danidrops.com.br\/wp-content\/uploads\/2024\/05\/Look-Festa-Junina-2024-20-150x110.jpg 150w\" sizes=\"auto, (max-width: 760px) 100vw, 760px\" \/><figcaption class=\"wp-element-caption\">Look de la Festa Junina 2024<\/figcaption><\/figure>\n\n\n\n<p>Mais il y a plus de magie dans l\u2019air qu\u2019il n\u2019y para\u00eet. Les couleurs sont plus vives, les d\u00e9tails plus riches. Les n\u0153uds et les rubans ne sont pas seulement des accessoires, ce sont des d\u00e9clarations de mode, racontant des histoires de f\u00eates d&#039;antan tout en ouvrant la voie \u00e0 de nouvelles c\u00e9l\u00e9brations. <\/p>\n\n\n\n<figure class=\"wp-block-image size-full\"><img loading=\"lazy\" decoding=\"async\" width=\"760\" height=\"555\" src=\"https:\/\/danidrops.com.br\/wp-content\/uploads\/2024\/05\/Look-Festa-Junina-2024-19.jpg\" alt=\"Look de la Festa Junina 2024\" class=\"wp-image-95538\" title=\"\" srcset=\"https:\/\/danidrops.com.br\/wp-content\/uploads\/2024\/05\/Look-Festa-Junina-2024-19.jpg 760w, https:\/\/danidrops.com.br\/wp-content\/uploads\/2024\/05\/Look-Festa-Junina-2024-19-300x219.jpg 300w, https:\/\/danidrops.com.br\/wp-content\/uploads\/2024\/05\/Look-Festa-Junina-2024-19-16x12.jpg 16w, https:\/\/danidrops.com.br\/wp-content\/uploads\/2024\/05\/Look-Festa-Junina-2024-19-150x110.jpg 150w\" sizes=\"auto, (max-width: 760px) 100vw, 760px\" \/><figcaption class=\"wp-element-caption\">Look de la Festa Junina 2024<\/figcaption><\/figure>\n\n\n\n<p>Le foulard constitue donc un chapitre en soi : il ajoute une couche de myst\u00e8re et de glamour, faisant de chaque femme un personnage principal dans ce festin litt\u00e9raire d&#039;imprim\u00e9s et de textures.<\/p>\n\n\n\n<figure class=\"wp-block-image size-full\"><img loading=\"lazy\" decoding=\"async\" width=\"760\" height=\"555\" src=\"https:\/\/danidrops.com.br\/wp-content\/uploads\/2024\/05\/Look-Festa-Junina-2024-18.jpg\" alt=\"Look de la Festa Junina 2024\" class=\"wp-image-95537\" title=\"\" srcset=\"https:\/\/danidrops.com.br\/wp-content\/uploads\/2024\/05\/Look-Festa-Junina-2024-18.jpg 760w, https:\/\/danidrops.com.br\/wp-content\/uploads\/2024\/05\/Look-Festa-Junina-2024-18-300x219.jpg 300w, https:\/\/danidrops.com.br\/wp-content\/uploads\/2024\/05\/Look-Festa-Junina-2024-18-16x12.jpg 16w, https:\/\/danidrops.com.br\/wp-content\/uploads\/2024\/05\/Look-Festa-Junina-2024-18-150x110.jpg 150w\" sizes=\"auto, (max-width: 760px) 100vw, 760px\" \/><figcaption class=\"wp-element-caption\">Look de la Festa Junina 2024<\/figcaption><\/figure>\n\n\n\n<p>Et en parlant de textures, il y en a partout ! Des dentelles d\u00e9licates qui murmurent \u00e0 l&#039;oreille d&#039;anciens secrets, des tissus \u00e9pais qui r\u00e9sistent au froid de S\u00e3o Jo\u00e3o. <\/p>\n\n\n\n<figure class=\"wp-block-image size-full\"><img loading=\"lazy\" decoding=\"async\" width=\"760\" height=\"555\" src=\"https:\/\/danidrops.com.br\/wp-content\/uploads\/2024\/05\/Look-Festa-Junina-2024-17.jpg\" alt=\"Look de la Festa Junina 2024\" class=\"wp-image-95536\" title=\"\" srcset=\"https:\/\/danidrops.com.br\/wp-content\/uploads\/2024\/05\/Look-Festa-Junina-2024-17.jpg 760w, https:\/\/danidrops.com.br\/wp-content\/uploads\/2024\/05\/Look-Festa-Junina-2024-17-300x219.jpg 300w, https:\/\/danidrops.com.br\/wp-content\/uploads\/2024\/05\/Look-Festa-Junina-2024-17-16x12.jpg 16w, https:\/\/danidrops.com.br\/wp-content\/uploads\/2024\/05\/Look-Festa-Junina-2024-17-150x110.jpg 150w\" sizes=\"auto, (max-width: 760px) 100vw, 760px\" \/><figcaption class=\"wp-element-caption\">Look de la Festa Junina 2024<\/figcaption><\/figure>\n\n\n\n<p>Chaque pi\u00e8ce est une touche de couleur dans un tableau qui c\u00e9l\u00e8bre la joie et la tradition. C&#039;est comme si, en s&#039;habillant, chaque femme brodait sa propre l\u00e9gende, tissant des fils de personnalit\u00e9 dans chaque n\u0153ud de ruban ou de bouton.<\/p>\n\n\n\n<figure class=\"wp-block-image size-full\"><img loading=\"lazy\" decoding=\"async\" width=\"760\" height=\"555\" src=\"https:\/\/danidrops.com.br\/wp-content\/uploads\/2024\/05\/Look-Festa-Junina-2024-16.jpg\" alt=\"Look de la Festa Junina 2024\" class=\"wp-image-95535\" title=\"\" srcset=\"https:\/\/danidrops.com.br\/wp-content\/uploads\/2024\/05\/Look-Festa-Junina-2024-16.jpg 760w, https:\/\/danidrops.com.br\/wp-content\/uploads\/2024\/05\/Look-Festa-Junina-2024-16-300x219.jpg 300w, https:\/\/danidrops.com.br\/wp-content\/uploads\/2024\/05\/Look-Festa-Junina-2024-16-16x12.jpg 16w, https:\/\/danidrops.com.br\/wp-content\/uploads\/2024\/05\/Look-Festa-Junina-2024-16-150x110.jpg 150w\" sizes=\"auto, (max-width: 760px) 100vw, 760px\" \/><figcaption class=\"wp-element-caption\">Look de la Festa Junina 2024<\/figcaption><\/figure>\n\n\n\n<p>Pour les femmes qui souhaitent se d\u00e9marquer lors du feu de joie de la mode du mois de juin, le secret est d&#039;harmoniser la tradition avec l&#039;innovation. <\/p>\n\n\n\n<figure class=\"wp-block-image size-full\"><img loading=\"lazy\" decoding=\"async\" width=\"760\" height=\"555\" src=\"https:\/\/danidrops.com.br\/wp-content\/uploads\/2024\/05\/Look-Festa-Junina-2024-15.jpg\" alt=\"Look de la Festa Junina 2024\" class=\"wp-image-95534\" title=\"\" srcset=\"https:\/\/danidrops.com.br\/wp-content\/uploads\/2024\/05\/Look-Festa-Junina-2024-15.jpg 760w, https:\/\/danidrops.com.br\/wp-content\/uploads\/2024\/05\/Look-Festa-Junina-2024-15-300x219.jpg 300w, https:\/\/danidrops.com.br\/wp-content\/uploads\/2024\/05\/Look-Festa-Junina-2024-15-16x12.jpg 16w, https:\/\/danidrops.com.br\/wp-content\/uploads\/2024\/05\/Look-Festa-Junina-2024-15-150x110.jpg 150w\" sizes=\"auto, (max-width: 760px) 100vw, 760px\" \/><figcaption class=\"wp-element-caption\">Look de la Festa Junina 2024<\/figcaption><\/figure>\n\n\n\n<p>Choisissez un look qui non seulement fait \u00e9cho aux looks classiques de June, mais refl\u00e8te \u00e9galement votre personnalit\u00e9, en garantissant que confort et style vont de pair, comme un couple dans une bande.<\/p>\n\n\n\n<figure class=\"wp-block-image size-full\"><img loading=\"lazy\" decoding=\"async\" width=\"760\" height=\"555\" src=\"https:\/\/danidrops.com.br\/wp-content\/uploads\/2024\/05\/Look-Festa-Junina-2024-14.jpg\" alt=\"Look de la Festa Junina 2024\" class=\"wp-image-95533\" title=\"\" srcset=\"https:\/\/danidrops.com.br\/wp-content\/uploads\/2024\/05\/Look-Festa-Junina-2024-14.jpg 760w, https:\/\/danidrops.com.br\/wp-content\/uploads\/2024\/05\/Look-Festa-Junina-2024-14-300x219.jpg 300w, https:\/\/danidrops.com.br\/wp-content\/uploads\/2024\/05\/Look-Festa-Junina-2024-14-16x12.jpg 16w, https:\/\/danidrops.com.br\/wp-content\/uploads\/2024\/05\/Look-Festa-Junina-2024-14-150x110.jpg 150w\" sizes=\"auto, (max-width: 760px) 100vw, 760px\" \/><figcaption class=\"wp-element-caption\">Look de la Festa Junina 2024<\/figcaption><\/figure>\n\n\n\n<p>Maintenant que vous \u00eates pr\u00eat pour la f\u00eate, d\u00e9couvrez les tendances look Festa Junina et d\u00e9couvrez comment ces conseils peuvent transformer votre look de mani\u00e8re spectaculaire. <strong>Continuez \u00e0 lire et inspirez-vous pour faire briller ce S\u00e3o Jo\u00e3o\u00a0!<\/strong><\/p>\n\n\n\n<figure class=\"wp-block-image size-full\"><img loading=\"lazy\" decoding=\"async\" width=\"760\" height=\"555\" src=\"https:\/\/danidrops.com.br\/wp-content\/uploads\/2024\/05\/Look-Festa-Junina-2024-13.jpg\" alt=\"Look de la Festa Junina 2024\" class=\"wp-image-95532\" title=\"\" srcset=\"https:\/\/danidrops.com.br\/wp-content\/uploads\/2024\/05\/Look-Festa-Junina-2024-13.jpg 760w, https:\/\/danidrops.com.br\/wp-content\/uploads\/2024\/05\/Look-Festa-Junina-2024-13-300x219.jpg 300w, https:\/\/danidrops.com.br\/wp-content\/uploads\/2024\/05\/Look-Festa-Junina-2024-13-16x12.jpg 16w, https:\/\/danidrops.com.br\/wp-content\/uploads\/2024\/05\/Look-Festa-Junina-2024-13-150x110.jpg 150w\" sizes=\"auto, (max-width: 760px) 100vw, 760px\" \/><figcaption class=\"wp-element-caption\">Look de la Festa Junina 2024<\/figcaption><\/figure>\n\n\n\n<p>Les festivals de juin sont une invitation ouverte \u00e0 la cr\u00e9ativit\u00e9 et au style, offrant une occasion unique de m\u00e9langer des \u00e9l\u00e9ments traditionnels avec des touches modernes. <\/p>\n\n\n\n<figure class=\"wp-block-image size-full\"><img loading=\"lazy\" decoding=\"async\" width=\"760\" height=\"555\" src=\"https:\/\/danidrops.com.br\/wp-content\/uploads\/2024\/05\/Look-Festa-Junina-2024-12.jpg\" alt=\"Look de la Festa Junina 2024\" class=\"wp-image-95531\" title=\"\" srcset=\"https:\/\/danidrops.com.br\/wp-content\/uploads\/2024\/05\/Look-Festa-Junina-2024-12.jpg 760w, https:\/\/danidrops.com.br\/wp-content\/uploads\/2024\/05\/Look-Festa-Junina-2024-12-300x219.jpg 300w, https:\/\/danidrops.com.br\/wp-content\/uploads\/2024\/05\/Look-Festa-Junina-2024-12-16x12.jpg 16w, https:\/\/danidrops.com.br\/wp-content\/uploads\/2024\/05\/Look-Festa-Junina-2024-12-150x110.jpg 150w\" sizes=\"auto, (max-width: 760px) 100vw, 760px\" \/><figcaption class=\"wp-element-caption\">Look de la Festa Junina 2024<\/figcaption><\/figure>\n\n\n\n<p>En 2024, la tendance est une fusion spectaculaire qui promet de transformer chaque look de juin en une v\u00e9ritable \u0153uvre d&#039;art fashionista. Explorons comment vous pouvez int\u00e9grer le classique au contemporain pour briller \u00e0 l&#039;arrai\u00e1\u00a0!<\/p>\n\n\n\n<figure class=\"wp-block-image size-full\"><img loading=\"lazy\" decoding=\"async\" width=\"760\" height=\"555\" src=\"https:\/\/danidrops.com.br\/wp-content\/uploads\/2024\/05\/Look-Festa-Junina-2024-11.jpg\" alt=\"Look de la Festa Junina 2024\" class=\"wp-image-95530\" title=\"\" srcset=\"https:\/\/danidrops.com.br\/wp-content\/uploads\/2024\/05\/Look-Festa-Junina-2024-11.jpg 760w, https:\/\/danidrops.com.br\/wp-content\/uploads\/2024\/05\/Look-Festa-Junina-2024-11-300x219.jpg 300w, https:\/\/danidrops.com.br\/wp-content\/uploads\/2024\/05\/Look-Festa-Junina-2024-11-16x12.jpg 16w, https:\/\/danidrops.com.br\/wp-content\/uploads\/2024\/05\/Look-Festa-Junina-2024-11-150x110.jpg 150w\" sizes=\"auto, (max-width: 760px) 100vw, 760px\" \/><figcaption class=\"wp-element-caption\">Look de la Festa Junina 2024<\/figcaption><\/figure>\n\n\n\n<script type=\"application\/ld+json\">{\n    \"@context\": \"https:\\\/\\\/schema.org\",\n    \"@type\": \"FAQPage\",\n    \"mainEntity\": [\n        {\n            \"@type\": \"Question\",\n            \"name\": \"Quais s\\u00e3o as Tend\\u00eancia de Roupas para Festa Junina 2024?\",\n            \"acceptedAnswer\": {\n                \"@type\": \"Answer\",\n                \"text\": \"As Tend\\u00eancia de Roupas para Festa Junina 2024 s\\u00e3o: Look para Festa Junina Feminina, Look para Festa Junina Masculino, Look para Festa Junina Infantil, Vestidos Caipiras, Cal\\u00e7a Rasgada, Cal\\u00e7a com Retalhos, Look para Festa Junina Rom\\u00e2ntico, Look para Festa Junina Ousado, Vestidos com Babados, Vestidos com Retalhos, Vestido Longo Xadrez, Vestido Curto Xadrez, Look para Festa Junina com Camisa Xadrez Vermelha, Look para Festa Junina com Chap\\u00e9u de Palha, Look para Festa Junina com Estampa de Girass\\u00f3is, Roupas com Estampa Xadrez, Roupas com Estampa de Bolinha (po\\u00e1), Look para Festa Junina com Shorts Jeans e Camisa Xadrez, Look para Festa Junina de Macac\\u00e3o, Look para Festa Junina com Suspens\\u00f3rio, Look para Festa Junina com Gravata Borboleta, B\\u00f4nus: Tie Dye para Festa Junina, Look para festa junina no frio, Look festa junina plus size, Look festa junina moderno, Look festa junina com cal\\u00e7a jeans, Look festa junina com camisa jeans, Look festa junina com saia jeans, Look festa junina chique, Look festa junina monocrom\\u00e1tico, Roupa de festa junina para beb\\u00ea, Roupa de festa junina de noiva, Roupa de festa junina de noivo.\"\n            }\n        },\n        {\n            \"@type\": \"Question\",\n            \"name\": \"Quando se comemora a festa junina?\",\n            \"acceptedAnswer\": {\n                \"@type\": \"Answer\",\n                \"text\": \"No Brasil a festa junina \\u00e9 comemorada no dia 24 de Junho devido o nascimento de S\\u00e3o Jo\\u00e3o Batista, por\\u00e9m \\u00e9 comum voc\\u00ea ver as festividades sendo feitas logo no in\\u00edcio de junho tendo seu fim no final do mesmo m\\u00eas.\"\n            }\n        },\n        {\n            \"@type\": \"Question\",\n            \"name\": \"Quando as festas juninas come\\u00e7aram a ser comemoradas no Brasil?\",\n            \"acceptedAnswer\": {\n                \"@type\": \"Answer\",\n                \"text\": \"No Brasil essa comemora\\u00e7\\u00e3o come\\u00e7ou a ser vista no s\\u00e9culo 16 por influ\\u00eancia da Espanha e Portugal que inicialmente era chamada de festa joanina fazendo refer\\u00eancia a S\\u00e3o Jo\\u00e3o mas ao longo do tempo teve seu nome alterado para festa junina devido ao m\\u00eas que ocorre as festividades.\"\n            }\n        }\n    ]\n}<\/script>\n\n\n\n<h2 class=\"wp-block-heading\"><span class=\"ez-toc-section\" id=\"Escolha_de_Tecidos_Conforto_e_Estilo_para_usar_seu_Look_Festa_Junina_2024\"><\/span>Choix de tissus : confort et style pour porter votre look Festa Junina 2024 <span class=\"ez-toc-section-end\"><\/span><\/h2>\n\n\n\n<p>Pour commencer, le choix du tissu est primordial. Le coton est un favori lors des festivit\u00e9s de juin, gr\u00e2ce \u00e0 sa l\u00e9g\u00e8ret\u00e9 et son confort. <\/p>\n\n\n\n<figure class=\"wp-block-image size-full\"><img loading=\"lazy\" decoding=\"async\" width=\"760\" height=\"555\" src=\"https:\/\/danidrops.com.br\/wp-content\/uploads\/2024\/05\/Look-Festa-Junina-2024-10.jpg\" alt=\"Look de la Festa Junina 2024\" class=\"wp-image-95529\" title=\"\" srcset=\"https:\/\/danidrops.com.br\/wp-content\/uploads\/2024\/05\/Look-Festa-Junina-2024-10.jpg 760w, https:\/\/danidrops.com.br\/wp-content\/uploads\/2024\/05\/Look-Festa-Junina-2024-10-300x219.jpg 300w, https:\/\/danidrops.com.br\/wp-content\/uploads\/2024\/05\/Look-Festa-Junina-2024-10-16x12.jpg 16w, https:\/\/danidrops.com.br\/wp-content\/uploads\/2024\/05\/Look-Festa-Junina-2024-10-150x110.jpg 150w\" sizes=\"auto, (max-width: 760px) 100vw, 760px\" \/><figcaption class=\"wp-element-caption\">Look de la Festa Junina 2024<\/figcaption><\/figure>\n\n\n\n<p>Mais pour ajouter une touche moderne, que diriez-vous d&#039;opter pour des tissus aux textures diff\u00e9rentes ? Le lin et la dentelle peuvent \u00eatre int\u00e9gr\u00e9s pour donner au look un look plus sophistiqu\u00e9 et plus frais. <\/p>\n\n\n\n<figure class=\"wp-block-image size-full\"><img loading=\"lazy\" decoding=\"async\" width=\"760\" height=\"555\" src=\"https:\/\/danidrops.com.br\/wp-content\/uploads\/2024\/05\/Look-Festa-Junina-2024-9.jpg\" alt=\"Look de la Festa Junina 2024\" class=\"wp-image-95528\" title=\"\" srcset=\"https:\/\/danidrops.com.br\/wp-content\/uploads\/2024\/05\/Look-Festa-Junina-2024-9.jpg 760w, https:\/\/danidrops.com.br\/wp-content\/uploads\/2024\/05\/Look-Festa-Junina-2024-9-300x219.jpg 300w, https:\/\/danidrops.com.br\/wp-content\/uploads\/2024\/05\/Look-Festa-Junina-2024-9-16x12.jpg 16w, https:\/\/danidrops.com.br\/wp-content\/uploads\/2024\/05\/Look-Festa-Junina-2024-9-150x110.jpg 150w\" sizes=\"auto, (max-width: 760px) 100vw, 760px\" \/><figcaption class=\"wp-element-caption\">Look de la Festa Junina 2024<\/figcaption><\/figure>\n\n\n\n<p>Pour les nuits plus froides, n&#039;oubliez pas les tissus plus \u00e9pais comme le serg\u00e9, qui maintiennent le style sans renoncer \u00e0 la chaleur.<\/p>\n\n\n\n<figure class=\"wp-block-image size-full\"><img loading=\"lazy\" decoding=\"async\" width=\"760\" height=\"555\" src=\"https:\/\/danidrops.com.br\/wp-content\/uploads\/2024\/05\/Look-Festa-Junina-2024-8.jpg\" alt=\"Look de la Festa Junina 2024\" class=\"wp-image-95527\" title=\"\" srcset=\"https:\/\/danidrops.com.br\/wp-content\/uploads\/2024\/05\/Look-Festa-Junina-2024-8.jpg 760w, https:\/\/danidrops.com.br\/wp-content\/uploads\/2024\/05\/Look-Festa-Junina-2024-8-300x219.jpg 300w, https:\/\/danidrops.com.br\/wp-content\/uploads\/2024\/05\/Look-Festa-Junina-2024-8-16x12.jpg 16w, https:\/\/danidrops.com.br\/wp-content\/uploads\/2024\/05\/Look-Festa-Junina-2024-8-150x110.jpg 150w\" sizes=\"auto, (max-width: 760px) 100vw, 760px\" \/><figcaption class=\"wp-element-caption\">Look de la Festa Junina 2024<\/figcaption><\/figure>\n\n\n\n<h3 class=\"wp-block-heading\">Combinaisons de couleurs vives pour cr\u00e9er un look Festa Junina id\u00e9al <\/h3>\n\n\n\n<p>Les couleurs sont essentielles pour refl\u00e9ter l&#039;esprit joyeux des festivit\u00e9s de juin. En 2024, la palette de couleurs est audacieuse et vibrante. Le rouge, le bleu et le jaune restent populaires, mais l\u2019incorporation de tons n\u00e9on et pastel peut apporter une diff\u00e9rence int\u00e9ressante. <\/p>\n\n\n\n<figure class=\"wp-block-image size-full\"><img loading=\"lazy\" decoding=\"async\" width=\"760\" height=\"555\" src=\"https:\/\/danidrops.com.br\/wp-content\/uploads\/2024\/05\/Look-Festa-Junina-2024-7.jpg\" alt=\"Look de la Festa Junina 2024\" class=\"wp-image-95526\" title=\"\" srcset=\"https:\/\/danidrops.com.br\/wp-content\/uploads\/2024\/05\/Look-Festa-Junina-2024-7.jpg 760w, https:\/\/danidrops.com.br\/wp-content\/uploads\/2024\/05\/Look-Festa-Junina-2024-7-300x219.jpg 300w, https:\/\/danidrops.com.br\/wp-content\/uploads\/2024\/05\/Look-Festa-Junina-2024-7-16x12.jpg 16w, https:\/\/danidrops.com.br\/wp-content\/uploads\/2024\/05\/Look-Festa-Junina-2024-7-150x110.jpg 150w\" sizes=\"auto, (max-width: 760px) 100vw, 760px\" \/><figcaption class=\"wp-element-caption\">Look de la Festa Junina 2024<\/figcaption><\/figure>\n\n\n\n<p>Essayez d&#039;associer une robe \u00e0 carreaux traditionnelle avec des accessoires de couleur fluo comme des boucles d&#039;oreilles et des bracelets pour un contraste amusant et tendance.<\/p>\n\n\n\n<figure class=\"wp-block-image size-full\"><img loading=\"lazy\" decoding=\"async\" width=\"760\" height=\"555\" src=\"https:\/\/danidrops.com.br\/wp-content\/uploads\/2024\/05\/Look-Festa-Junina-2024-5.jpg\" alt=\"Look de la Festa Junina 2024\" class=\"wp-image-95524\" title=\"\" srcset=\"https:\/\/danidrops.com.br\/wp-content\/uploads\/2024\/05\/Look-Festa-Junina-2024-5.jpg 760w, https:\/\/danidrops.com.br\/wp-content\/uploads\/2024\/05\/Look-Festa-Junina-2024-5-300x219.jpg 300w, https:\/\/danidrops.com.br\/wp-content\/uploads\/2024\/05\/Look-Festa-Junina-2024-5-16x12.jpg 16w, https:\/\/danidrops.com.br\/wp-content\/uploads\/2024\/05\/Look-Festa-Junina-2024-5-150x110.jpg 150w\" sizes=\"auto, (max-width: 760px) 100vw, 760px\" \/><figcaption class=\"wp-element-caption\">Look de la Festa Junina 2024<\/figcaption><\/figure>\n\n\n\n<h2 class=\"wp-block-heading\"><span class=\"ez-toc-section\" id=\"Acessorios_O_Toque_Final\"><\/span>Accessoires : la touche finale<span class=\"ez-toc-section-end\"><\/span><\/h2>\n\n\n\n<p>Les accessoires sont la cerise sur le g\u00e2teau de tout look de f\u00eate de juin. Les chapeaux de paille peuvent \u00eatre orn\u00e9s de rubans color\u00e9s ou d\u2019\u00e9l\u00e9ments naturels comme des fleurs. <\/p>\n\n\n\n<figure class=\"wp-block-image size-full\"><img loading=\"lazy\" decoding=\"async\" width=\"760\" height=\"555\" src=\"https:\/\/danidrops.com.br\/wp-content\/uploads\/2024\/05\/Look-Festa-Junina-2024-6.jpg\" alt=\"Look de la Festa Junina 2024\" class=\"wp-image-95525\" title=\"\" srcset=\"https:\/\/danidrops.com.br\/wp-content\/uploads\/2024\/05\/Look-Festa-Junina-2024-6.jpg 760w, https:\/\/danidrops.com.br\/wp-content\/uploads\/2024\/05\/Look-Festa-Junina-2024-6-300x219.jpg 300w, https:\/\/danidrops.com.br\/wp-content\/uploads\/2024\/05\/Look-Festa-Junina-2024-6-16x12.jpg 16w, https:\/\/danidrops.com.br\/wp-content\/uploads\/2024\/05\/Look-Festa-Junina-2024-6-150x110.jpg 150w\" sizes=\"auto, (max-width: 760px) 100vw, 760px\" \/><figcaption class=\"wp-element-caption\">Look de la Festa Junina 2024<\/figcaption><\/figure>\n\n\n\n<p>Les bottes sont remplac\u00e9es par des espadrilles d\u00e9cor\u00e9es ou m\u00eame des baskets, pour celles qui recherchent le confort sans perdre en style. N&#039;oubliez pas les foulards, qui peuvent \u00eatre port\u00e9s autour du cou, dans les cheveux ou m\u00eame en ceinture, ajoutant une touche de personnalit\u00e9 \u00e0 l&#039;ensemble.<\/p>\n\n\n\n<figure class=\"wp-block-image size-full\"><img loading=\"lazy\" decoding=\"async\" width=\"760\" height=\"555\" src=\"https:\/\/danidrops.com.br\/wp-content\/uploads\/2024\/05\/Look-Festa-Junina-2024-4.jpg\" alt=\"Look de la Festa Junina 2024\" class=\"wp-image-95523\" title=\"\" srcset=\"https:\/\/danidrops.com.br\/wp-content\/uploads\/2024\/05\/Look-Festa-Junina-2024-4.jpg 760w, https:\/\/danidrops.com.br\/wp-content\/uploads\/2024\/05\/Look-Festa-Junina-2024-4-300x219.jpg 300w, https:\/\/danidrops.com.br\/wp-content\/uploads\/2024\/05\/Look-Festa-Junina-2024-4-16x12.jpg 16w, https:\/\/danidrops.com.br\/wp-content\/uploads\/2024\/05\/Look-Festa-Junina-2024-4-150x110.jpg 150w\" sizes=\"auto, (max-width: 760px) 100vw, 760px\" \/><figcaption class=\"wp-element-caption\">Look de la Festa Junina 2024<\/figcaption><\/figure>\n\n\n\n<h2 class=\"wp-block-heading\"><span class=\"ez-toc-section\" id=\"Influencia_das_Celebridades_na_Moda_Junina\"><\/span>Influence des c\u00e9l\u00e9brit\u00e9s sur Moda Junina<span class=\"ez-toc-section-end\"><\/span><\/h2>\n\n\n\n<p>Les c\u00e9l\u00e9brit\u00e9s jouent un r\u00f4le crucial dans l\u2019\u00e9tablissement des tendances, et les festivals de juin ne font pas exception. Des artistes comme Juliana Paes et Anitta ont d\u00e9j\u00e0 \u00e9t\u00e9 vus lors des soir\u00e9es de juin avec des looks m\u00ealant le traditionnel avec des touches de mode des podiums. <\/p>\n\n\n\n<figure class=\"wp-block-image size-full\"><img loading=\"lazy\" decoding=\"async\" width=\"760\" height=\"555\" src=\"https:\/\/danidrops.com.br\/wp-content\/uploads\/2024\/05\/Look-Festa-Junina-2024-3.jpg\" alt=\"Look de la Festa Junina 2024\" class=\"wp-image-95522\" title=\"\" srcset=\"https:\/\/danidrops.com.br\/wp-content\/uploads\/2024\/05\/Look-Festa-Junina-2024-3.jpg 760w, https:\/\/danidrops.com.br\/wp-content\/uploads\/2024\/05\/Look-Festa-Junina-2024-3-300x219.jpg 300w, https:\/\/danidrops.com.br\/wp-content\/uploads\/2024\/05\/Look-Festa-Junina-2024-3-16x12.jpg 16w, https:\/\/danidrops.com.br\/wp-content\/uploads\/2024\/05\/Look-Festa-Junina-2024-3-150x110.jpg 150w\" sizes=\"auto, (max-width: 760px) 100vw, 760px\" \/><figcaption class=\"wp-element-caption\">Look de la Festa Junina 2024<\/figcaption><\/figure>\n\n\n\n<p>Inspirez-vous-en pour adapter des pi\u00e8ces haute couture \u00e0 votre soir\u00e9e, que ce soit \u00e0 travers un corset superpos\u00e9 \u00e0 une chemise \u00e0 carreaux ou une jupe en cuir associ\u00e9e \u00e0 une blouse patchwork.<\/p>\n\n\n\n<figure class=\"wp-block-image size-full\"><img loading=\"lazy\" decoding=\"async\" width=\"760\" height=\"555\" src=\"https:\/\/danidrops.com.br\/wp-content\/uploads\/2024\/05\/Look-Festa-Junina-2024-2.jpg\" alt=\"Look de la Festa Junina 2024\" class=\"wp-image-95521\" title=\"\" srcset=\"https:\/\/danidrops.com.br\/wp-content\/uploads\/2024\/05\/Look-Festa-Junina-2024-2.jpg 760w, https:\/\/danidrops.com.br\/wp-content\/uploads\/2024\/05\/Look-Festa-Junina-2024-2-300x219.jpg 300w, https:\/\/danidrops.com.br\/wp-content\/uploads\/2024\/05\/Look-Festa-Junina-2024-2-16x12.jpg 16w, https:\/\/danidrops.com.br\/wp-content\/uploads\/2024\/05\/Look-Festa-Junina-2024-2-150x110.jpg 150w\" sizes=\"auto, (max-width: 760px) 100vw, 760px\" \/><figcaption class=\"wp-element-caption\">Look de la Festa Junina 2024<\/figcaption><\/figure>\n\n\n\n<h2 class=\"wp-block-heading\"><span class=\"ez-toc-section\" id=\"Personalizacao_e_a_Chave\"><\/span>La personnalisation est la cl\u00e9<span class=\"ez-toc-section-end\"><\/span><\/h2>\n\n\n\n<p>La chose la plus importante \u00e0 propos de votre look de f\u00eate de juin est qu&#039;il repr\u00e9sente votre style personnel. Les pi\u00e8ces basiques du quotidien, comme les jeans et les t-shirts, peuvent \u00eatre transform\u00e9es avec des patchs, des boutons color\u00e9s ou des broderies faites \u00e0 la main. <\/p>\n\n\n\n<figure class=\"wp-block-image size-full\"><img loading=\"lazy\" decoding=\"async\" width=\"760\" height=\"555\" src=\"https:\/\/danidrops.com.br\/wp-content\/uploads\/2024\/05\/Look-Festa-Junina-2024-23.jpg\" alt=\"Look de la Festa Junina 2024\" class=\"wp-image-95519\" title=\"\" srcset=\"https:\/\/danidrops.com.br\/wp-content\/uploads\/2024\/05\/Look-Festa-Junina-2024-23.jpg 760w, https:\/\/danidrops.com.br\/wp-content\/uploads\/2024\/05\/Look-Festa-Junina-2024-23-300x219.jpg 300w, https:\/\/danidrops.com.br\/wp-content\/uploads\/2024\/05\/Look-Festa-Junina-2024-23-16x12.jpg 16w, https:\/\/danidrops.com.br\/wp-content\/uploads\/2024\/05\/Look-Festa-Junina-2024-23-150x110.jpg 150w\" sizes=\"auto, (max-width: 760px) 100vw, 760px\" \/><figcaption class=\"wp-element-caption\">Look de la Festa Junina 2024<\/figcaption><\/figure>\n\n\n\n<p>Cette personnalisation garantit non seulement une tenue unique mais ajoute \u00e9galement une touche sp\u00e9ciale que vous seul poss\u00e9dez.<\/p>\n\n\n\n<h2 class=\"wp-block-heading\"><span class=\"ez-toc-section\" id=\"Se_Jogue_na_Criatividade\"><\/span>Jouez avec la cr\u00e9ativit\u00e9\u00a0!<span class=\"ez-toc-section-end\"><\/span><\/h2>\n\n\n\n<p>Le secret d\u2019un look Festa Junina percutant en 2024 est la cr\u00e9ativit\u00e9. N&#039;ayez pas peur d&#039;exp\u00e9rimenter et de m\u00e9langer les \u00e9l\u00e9ments. <\/p>\n\n\n\n<p>Une paire de jeans d\u00e9chir\u00e9s peut \u00eatre r\u00e9invent\u00e9e avec des chutes de tissu \u00e0 carreaux, et un t-shirt basique peut retrouver une nouvelle vie avec des applications de rubans et de paillettes. N&#039;oubliez pas que chaque pi\u00e8ce peut \u00eatre transform\u00e9e et que tout est valable dans l&#039;univers color\u00e9 et festif de S\u00e3o Jo\u00e3o.<\/p>\n\n\n\n<figure class=\"wp-block-image size-full\"><img loading=\"lazy\" decoding=\"async\" width=\"760\" height=\"555\" src=\"https:\/\/danidrops.com.br\/wp-content\/uploads\/2024\/05\/Look-Festa-Junina-2024-22.jpg\" alt=\"Look de la Festa Junina 2024\" class=\"wp-image-95518\" title=\"\" srcset=\"https:\/\/danidrops.com.br\/wp-content\/uploads\/2024\/05\/Look-Festa-Junina-2024-22.jpg 760w, https:\/\/danidrops.com.br\/wp-content\/uploads\/2024\/05\/Look-Festa-Junina-2024-22-300x219.jpg 300w, https:\/\/danidrops.com.br\/wp-content\/uploads\/2024\/05\/Look-Festa-Junina-2024-22-16x12.jpg 16w, https:\/\/danidrops.com.br\/wp-content\/uploads\/2024\/05\/Look-Festa-Junina-2024-22-150x110.jpg 150w\" sizes=\"auto, (max-width: 760px) 100vw, 760px\" \/><figcaption class=\"wp-element-caption\">Look de la Festa Junina 2024<\/figcaption><\/figure>\n\n\n\n<p>Nous vous invitons \u00e0 explorer cet univers de possibilit\u00e9s et \u00e0 cr\u00e9er un look qui vous ressemble. Explorez, exp\u00e9rimentez et, surtout, amusez-vous \u00e0 composer votre look de f\u00eate de juin 2024. Rendons ensemble ce S\u00e3o Jo\u00e3o inoubliable ? <strong>Continuez \u00e0 explorer et soyez encore plus inspir\u00e9\u00a0!<\/strong><\/p>\n\n\n\n<h2 class=\"wp-block-heading\"><span class=\"ez-toc-section\" id=\"Quando_se_comemora_a_festa_junina\"><\/span>Quand est c\u00e9l\u00e9br\u00e9e la Festa Junina ?<span class=\"ez-toc-section-end\"><\/span><\/h2>\n\n\n\n<p>Au Br\u00e9sil <strong>Festa Junina est c\u00e9l\u00e9br\u00e9e le 24 juin.<\/strong> en raison de la naissance de saint Jean-Baptiste, mais il est courant de voir les festivit\u00e9s se tenir d\u00e9but juin et se terminer \u00e0 la fin du m\u00eame mois.<\/p>\n\n\n\n<p>La c\u00e9l\u00e9bration de la Festa Junina est une f\u00eate br\u00e9silienne typique, elle a commenc\u00e9 \u00e0 se tenir en Europe pour c\u00e9l\u00e9brer la bonne r\u00e9colte et \u00e9loigner les mauvais esprits.&nbsp;<\/p>\n\n\n\n<figure class=\"wp-block-image size-full\"><img loading=\"lazy\" decoding=\"async\" width=\"760\" height=\"555\" src=\"https:\/\/danidrops.com.br\/wp-content\/uploads\/2023\/05\/23-Quando-se-comemora-a-festa-junina.jpg\" alt=\"Quand est c\u00e9l\u00e9br\u00e9e la Festa Junina ?\" class=\"wp-image-73883\" title=\"\" srcset=\"https:\/\/danidrops.com.br\/wp-content\/uploads\/2023\/05\/23-Quando-se-comemora-a-festa-junina.jpg 760w, https:\/\/danidrops.com.br\/wp-content\/uploads\/2023\/05\/23-Quando-se-comemora-a-festa-junina-300x219.jpg 300w, https:\/\/danidrops.com.br\/wp-content\/uploads\/2023\/05\/23-Quando-se-comemora-a-festa-junina-16x12.jpg 16w, https:\/\/danidrops.com.br\/wp-content\/uploads\/2023\/05\/23-Quando-se-comemora-a-festa-junina-150x110.jpg 150w\" sizes=\"auto, (max-width: 760px) 100vw, 760px\" \/><figcaption class=\"wp-element-caption\">Quand est c\u00e9l\u00e9br\u00e9e la Festa Junina ?<\/figcaption><\/figure>\n\n\n\n<p>Au Br\u00e9sil, cette c\u00e9l\u00e9bration a commenc\u00e9 \u00e0 \u00eatre vue au XVIe si\u00e8cle en raison de l&#039;influence de l&#039;Espagne et du Portugal, qui s&#039;appelait initialement la f\u00eate Joanine en r\u00e9f\u00e9rence \u00e0 S\u00e3o Jo\u00e3o, mais au fil du temps, son nom a \u00e9t\u00e9 chang\u00e9 en f\u00eate de juin en raison du mois. dans lequel se d\u00e9roulent les festivit\u00e9s.<\/p>\n\n\n\n<h2 class=\"wp-block-heading\"><span class=\"ez-toc-section\" id=\"Quais_sao_as_Tendencia_de_Roupas_para_Festa_Junina_2024\"><\/span>Quelles sont les tendances vestimentaires pour la Festa Junina 2024 ?<span class=\"ez-toc-section-end\"><\/span><\/h2>\n\n\n\n<p>\u00c0 <strong>Tendances vestimentaires pour la Festa Junina 2024<\/strong> sommes:<\/p>\n\n\n\n<div class=\"wp-block-columns is-layout-flex wp-container-core-columns-is-layout-28f84493 wp-block-columns-is-layout-flex\">\n<div class=\"wp-block-column is-layout-flow wp-block-column-is-layout-flow\">\n<ul class=\"wp-block-list\">\n<li>Cherchez Feminine June Party<\/li>\n\n\n\n<li>Rechercher Festa Junina pour hommes<\/li>\n\n\n\n<li>Cherchez Festa Junina pour enfants<\/li>\n\n\n\n<li>Robes de plouc<\/li>\n\n\n\n<li>Pantalon d\u00e9chir\u00e9<\/li>\n\n\n\n<li>Pantalon avec patchs<\/li>\n\n\n\n<li>Cherchez Festa Junina Romantique<\/li>\n\n\n\n<li>Look de f\u00eate de juin audacieux<\/li>\n\n\n\n<li>robes \u00e0 volants<\/li>\n\n\n\n<li>Robes avec Patchwork<\/li>\n\n\n\n<li>Robe longue \u00e0 carreaux<\/li>\n\n\n\n<li>Robe courte \u00e0 carreaux<\/li>\n\n\n\n<li>Cherchez Festa Junina avec une chemise \u00e0 carreaux rouge<\/li>\n\n\n\n<li>Cherchez Festa Junina avec chapeau de paille<\/li>\n\n\n\n<li>Recherchez Festa Junina avec impression de tournesols<\/li>\n\n\n\n<li>V\u00eatements avec imprim\u00e9 \u00e0 carreaux<\/li>\n\n\n\n<li>V\u00eatements avec imprim\u00e9 \u00e0 pois (po\u00e1)<\/li>\n<\/ul>\n<\/div>\n\n\n\n<div class=\"wp-block-column is-layout-flow wp-block-column-is-layout-flow\">\n<ul class=\"wp-block-list\">\n<li>Cherchez Festa Junina avec un short en jean et une chemise \u00e0 carreaux<\/li>\n\n\n\n<li>Cherchez Festa Junina en combinaison<\/li>\n\n\n\n<li>Cherchez Festa Junina avec bretelles<\/li>\n\n\n\n<li>Cherchez Festa Junina avec noeud papillon<\/li>\n\n\n\n<li>Bonus : Tie Dye pour Festa Junina<\/li>\n\n\n\n<li>Cherchez la f\u00eate de juin dans le froid<\/li>\n\n\n\n<li>look de f\u00eate grande taille<\/li>\n\n\n\n<li>Look de f\u00eate de juin moderne<\/li>\n\n\n\n<li>Look de f\u00eate de juin avec un jean<\/li>\n\n\n\n<li>Look festa junina avec chemise en jean<\/li>\n\n\n\n<li>Look Festa junina avec jupe en jean<\/li>\n\n\n\n<li>look de f\u00eate chic de juin<\/li>\n\n\n\n<li>Look de f\u00eate de juin monochromatique<\/li>\n\n\n\n<li>v\u00eatements de f\u00eate de b\u00e9b\u00e9<\/li>\n\n\n\n<li>tenue de f\u00eate de mariage<\/li>\n\n\n\n<li>tenue de f\u00eate du mari\u00e9<\/li>\n<\/ul>\n<\/div>\n<\/div>\n\n\n\n<script type=\"application\/ld+json\">{\n    \"@context\": \"https:\\\/\\\/schema.org\",\n    \"@type\": \"VideoObject\",\n    \"name\": \"Tend\\u00eancia de Roupas para Festa Junina 2024 - Veja 50 inspira\\u00e7\\u00f5es de Roupas para Festa Junina\",\n    \"description\": \"Qual \\u00e9 a melhor tend\\u00eancia de roupas para festa junina: camisa xadrez com short jeans ou estampa com girass\\u00f3is? \\u00c9 isso mesmo que voc\\u00ea acabou de ler. Essas s\\u00e3o apenas duas formas de se vestir de acordo com o que h\\u00e1 de mais moderno para essa ocasi\\u00e3o t\\u00e3o especial.\",\n    \"thumbnailUrl\": \"https:\\\/\\\/danidrops.com.br\\\/wp-content\\\/uploads\\\/2023\\\/04\\\/Tendencia-de-Roupas-para-Festa-Junina.jpg\",\n    \"uploadDate\": \"2023-04-03\",\n    \"duration\": \"PT3M23S\",\n    \"contentUrl\": \"https:\\\/\\\/youtu.be\\\/tD_iI1C_ljA\",\n    \"embedUrl\": \"https:\\\/\\\/youtu.be\\\/tD_iI1C_ljA\",\n    \"potentialAction\": {\n        \"@type\": \"SeekToAction\",\n        \"target\": \"https:\\\/\\\/youtu.be\\\/tD_iI1C_ljA={seek_to_second_number}\",\n        \"startOffset-input\": \"required name=seek_to_second_number\"\n    }\n}<\/script>\n\n\n\n<figure class=\"wp-block-embed is-type-video is-provider-youtube wp-block-embed-youtube wp-embed-aspect-16-9 wp-has-aspect-ratio\"><div class=\"wp-block-embed__wrapper\">\n<iframe loading=\"lazy\" title=\"Tendance vestimentaire pour Festa Junina 2023 - Voir 50 inspirations vestimentaires pour Festa Junina\" width=\"500\" height=\"281\" src=\"https:\/\/www.youtube.com\/embed\/tD_iI1C_ljA?feature=oembed\" frameborder=\"0\" allow=\"accelerometer; autoplay; clipboard-write; encrypted-media; gyroscope; picture-in-picture; web-share\" referrerpolicy=\"strict-origin-when-cross-origin\" allowfullscreen><\/iframe>\n<\/div><figcaption class=\"wp-element-caption\">Tendances vestimentaires pour la Festa Junina 2024 \u2013 Voir 50 inspirations vestimentaires pour la Festa Junina<\/figcaption><\/figure>\n\n\n\n<h2 class=\"wp-block-heading\"><span class=\"ez-toc-section\" id=\"Look_de_Festa_Junina_Feminina\"><\/span>Look de f\u00eate f\u00e9minin de juin<span class=\"ez-toc-section-end\"><\/span><\/h2>\n\n\n\n<p>Mettre en place un look pour une f\u00eate f\u00e9minine de juin est quelque chose de tr\u00e8s simple. Au moins du point de vue qu&#039;il existe des possibilit\u00e9s infinies. Le plus dur est de pouvoir choisir une des nombreuses inspirations vestimentaires de la f\u00eate de S\u00e3o Jo\u00e3o que l&#039;on trouve sur internet.<\/p>\n\n\n\n<figure class=\"wp-block-image size-full\"><img loading=\"lazy\" decoding=\"async\" width=\"760\" height=\"555\" src=\"https:\/\/danidrops.com.br\/wp-content\/uploads\/2021\/10\/Tendencia-de-Looks-para-Festa-Junina-Look-para-Festa-Junina-Feminina-.jpg\" alt=\"Cherchez Feminine June Party\" class=\"wp-image-9970\" title=\"\" srcset=\"https:\/\/danidrops.com.br\/wp-content\/uploads\/2021\/10\/Tendencia-de-Looks-para-Festa-Junina-Look-para-Festa-Junina-Feminina-.jpg 760w, https:\/\/danidrops.com.br\/wp-content\/uploads\/2021\/10\/Tendencia-de-Looks-para-Festa-Junina-Look-para-Festa-Junina-Feminina--300x219.jpg 300w, https:\/\/danidrops.com.br\/wp-content\/uploads\/2021\/10\/Tendencia-de-Looks-para-Festa-Junina-Look-para-Festa-Junina-Feminina--150x110.jpg 150w\" sizes=\"auto, (max-width: 760px) 100vw, 760px\" \/><figcaption class=\"wp-element-caption\">Cherchez Feminine June Party<\/figcaption><\/figure>\n\n\n\n<p>Un bon d\u00e9but est de penser \u00e0 l&#039;apparence de base. C&#039;est-\u00e0-dire un jean et une chemise \u00e0 carreaux. Mais cela peut varier selon les couleurs et les nuances. Pour celles qui veulent \u00eatre plus douces dans leur fa\u00e7on de s&#039;habiller, les robes longues \u00e0 pois noirs et blancs sont de belles r\u00e9f\u00e9rences.<\/p>\n\n\n\n<figure class=\"wp-block-image size-full\"><img loading=\"lazy\" decoding=\"async\" width=\"760\" height=\"555\" src=\"https:\/\/danidrops.com.br\/wp-content\/uploads\/2021\/10\/Look-para-Festa-Junina-Feminina-.jpg\" alt=\"Cherchez Feminine June Party\" class=\"wp-image-9987\" title=\"\" srcset=\"https:\/\/danidrops.com.br\/wp-content\/uploads\/2021\/10\/Look-para-Festa-Junina-Feminina-.jpg 760w, https:\/\/danidrops.com.br\/wp-content\/uploads\/2021\/10\/Look-para-Festa-Junina-Feminina--300x219.jpg 300w, https:\/\/danidrops.com.br\/wp-content\/uploads\/2021\/10\/Look-para-Festa-Junina-Feminina--150x110.jpg 150w\" sizes=\"auto, (max-width: 760px) 100vw, 760px\" \/><figcaption class=\"wp-element-caption\">Cherchez Feminine June Party<\/figcaption><\/figure>\n\n\n\n<h2 class=\"wp-block-heading\"><span class=\"ez-toc-section\" id=\"Saia_festa_junina_feminina\"><\/span>jupe de soir\u00e9e femme<span class=\"ez-toc-section-end\"><\/span><\/h2>\n\n\n\n<p>La jupe Festa Junina pour femme est un compl\u00e9ment au look qui ne peut pas manquer, car le charme du look r\u00e9side dans la jupe flashy et color\u00e9e.<\/p>\n\n\n\n<figure class=\"wp-block-image size-full\"><img loading=\"lazy\" decoding=\"async\" width=\"760\" height=\"555\" src=\"https:\/\/danidrops.com.br\/wp-content\/uploads\/2023\/05\/06-saia-festa-junina-feminina.jpg\" alt=\"jupe de soir\u00e9e femme\" class=\"wp-image-73836\" title=\"\" srcset=\"https:\/\/danidrops.com.br\/wp-content\/uploads\/2023\/05\/06-saia-festa-junina-feminina.jpg 760w, https:\/\/danidrops.com.br\/wp-content\/uploads\/2023\/05\/06-saia-festa-junina-feminina-300x219.jpg 300w, https:\/\/danidrops.com.br\/wp-content\/uploads\/2023\/05\/06-saia-festa-junina-feminina-16x12.jpg 16w, https:\/\/danidrops.com.br\/wp-content\/uploads\/2023\/05\/06-saia-festa-junina-feminina-150x110.jpg 150w\" sizes=\"auto, (max-width: 760px) 100vw, 760px\" \/><figcaption class=\"wp-element-caption\">jupe de soir\u00e9e femme<\/figcaption><\/figure>\n\n\n\n<p>Vous pouvez choisir des couleurs neutres comme le noir pour le tissu de la jupe et ajouter de jolis n\u0153uds et fleurs color\u00e9es pour personnaliser la pi\u00e8ce.<\/p>\n\n\n\n<p>De plus, des rubans de satin color\u00e9s peuvent \u00eatre ajout\u00e9s \u00e0 la jupe pour garantir une tenue classique et magnifique pour la f\u00eate de juin 2024.<\/p>\n\n\n\n<figure class=\"wp-block-image size-full\"><img loading=\"lazy\" decoding=\"async\" width=\"760\" height=\"555\" src=\"https:\/\/danidrops.com.br\/wp-content\/uploads\/2023\/05\/05-saia-festa-junina-feminina.jpg\" alt=\"jupe de soir\u00e9e femme\" class=\"wp-image-73835\" title=\"\" srcset=\"https:\/\/danidrops.com.br\/wp-content\/uploads\/2023\/05\/05-saia-festa-junina-feminina.jpg 760w, https:\/\/danidrops.com.br\/wp-content\/uploads\/2023\/05\/05-saia-festa-junina-feminina-300x219.jpg 300w, https:\/\/danidrops.com.br\/wp-content\/uploads\/2023\/05\/05-saia-festa-junina-feminina-16x12.jpg 16w, https:\/\/danidrops.com.br\/wp-content\/uploads\/2023\/05\/05-saia-festa-junina-feminina-150x110.jpg 150w\" sizes=\"auto, (max-width: 760px) 100vw, 760px\" \/><figcaption class=\"wp-element-caption\">jupe de soir\u00e9e femme<\/figcaption><\/figure>\n\n\n\n<p>La jupe femme du festival de juin 2024 doit \u00eatre ronde et volumineuse, et la longueur peut varier entre mini, courte et juste au-dessus des genoux. De plus, il peut \u00eatre \u00e0 volants\/superpos\u00e9s ou avec le c\u00e9l\u00e8bre design de ballon.<\/p>\n\n\n\n<h2 class=\"wp-block-heading\"><span class=\"ez-toc-section\" id=\"Roupas_juninas_femininas_modernas\"><\/span>v\u00eatements pour femmes modernes<span class=\"ez-toc-section-end\"><\/span><\/h2>\n\n\n\n<p>Actuellement, les v\u00eatements f\u00e9minins modernes de juin envahissent les f\u00eates dans tout le Br\u00e9sil. Certains mod\u00e8les de v\u00eatements qui se d\u00e9marquent dans ce type d&#039;\u00e9v\u00e9nement sont :<\/p>\n\n\n\n<figure class=\"wp-block-image size-full\"><img loading=\"lazy\" decoding=\"async\" width=\"760\" height=\"555\" src=\"https:\/\/danidrops.com.br\/wp-content\/uploads\/2023\/05\/07-roupas-juninas-femininas-modernas.jpg\" alt=\"v\u00eatements pour femmes modernes\" class=\"wp-image-73837\" title=\"\" srcset=\"https:\/\/danidrops.com.br\/wp-content\/uploads\/2023\/05\/07-roupas-juninas-femininas-modernas.jpg 760w, https:\/\/danidrops.com.br\/wp-content\/uploads\/2023\/05\/07-roupas-juninas-femininas-modernas-300x219.jpg 300w, https:\/\/danidrops.com.br\/wp-content\/uploads\/2023\/05\/07-roupas-juninas-femininas-modernas-16x12.jpg 16w, https:\/\/danidrops.com.br\/wp-content\/uploads\/2023\/05\/07-roupas-juninas-femininas-modernas-150x110.jpg 150w\" sizes=\"auto, (max-width: 760px) 100vw, 760px\" \/><figcaption class=\"wp-element-caption\">v\u00eatements pour femmes modernes<\/figcaption><\/figure>\n\n\n\n<ul class=\"wp-block-list\">\n<li>Robes \u00e0 volants, trap\u00e8ze, \u00e9vas\u00e9es ou \u00e9vas\u00e9es avec des tissus fleuris (chintz) ou \u00e0 carreaux. Il convient de rappeler que les tissus \u00e0 carreaux ont diff\u00e9rents types de designers.<\/li>\n\n\n\n<li>Des jupes imprim\u00e9es avec des bodys unis et des bottes.<\/li>\n\n\n\n<li>Pantalon d&#039;\u00e9checs.<\/li>\n\n\n\n<li>Jean et bottes.<\/li>\n\n\n\n<li>Ensembles imprim\u00e9s.<\/li>\n\n\n\n<li>Salopettes et salopettes.<\/li>\n\n\n\n<li>Chemises sociales imprim\u00e9es et bien plus encore.<\/li>\n<\/ul>\n\n\n\n<figure class=\"wp-block-image size-full\"><img loading=\"lazy\" decoding=\"async\" width=\"760\" height=\"555\" src=\"https:\/\/danidrops.com.br\/wp-content\/uploads\/2023\/05\/08-roupas-juninas-femininas-modernas.jpg\" alt=\"v\u00eatements pour femmes modernes\" class=\"wp-image-73818\" title=\"\" srcset=\"https:\/\/danidrops.com.br\/wp-content\/uploads\/2023\/05\/08-roupas-juninas-femininas-modernas.jpg 760w, https:\/\/danidrops.com.br\/wp-content\/uploads\/2023\/05\/08-roupas-juninas-femininas-modernas-300x219.jpg 300w, https:\/\/danidrops.com.br\/wp-content\/uploads\/2023\/05\/08-roupas-juninas-femininas-modernas-16x12.jpg 16w, https:\/\/danidrops.com.br\/wp-content\/uploads\/2023\/05\/08-roupas-juninas-femininas-modernas-150x110.jpg 150w\" sizes=\"auto, (max-width: 760px) 100vw, 760px\" \/><figcaption class=\"wp-element-caption\">v\u00eatements pour femmes modernes<\/figcaption><\/figure>\n\n\n\n<h2 class=\"wp-block-heading\"><span class=\"ez-toc-section\" id=\"Roupa_de_festa_junina_simples\"><\/span>tenue de f\u00eate simple<span class=\"ez-toc-section-end\"><\/span><\/h2>\n\n\n\n<p>Les v\u00eatements de f\u00eate simples de juin impliquent des pi\u00e8ces plus d\u00e9licates avec des imprim\u00e9s neutres.<\/p>\n\n\n\n<p>Les jupes \u00e0 bretelles \u00e0 carreaux et le chemisier uni sont un exemple de look simple et tr\u00e8s \u00e9l\u00e9gant pour profiter de la f\u00eate.<\/p>\n\n\n\n<figure class=\"wp-block-image size-full\"><img loading=\"lazy\" decoding=\"async\" width=\"760\" height=\"555\" src=\"https:\/\/danidrops.com.br\/wp-content\/uploads\/2023\/05\/10-roupa-de-festa-junina-simples.jpg\" alt=\"tenue de f\u00eate simple\" class=\"wp-image-73820\" title=\"\" srcset=\"https:\/\/danidrops.com.br\/wp-content\/uploads\/2023\/05\/10-roupa-de-festa-junina-simples.jpg 760w, https:\/\/danidrops.com.br\/wp-content\/uploads\/2023\/05\/10-roupa-de-festa-junina-simples-300x219.jpg 300w, https:\/\/danidrops.com.br\/wp-content\/uploads\/2023\/05\/10-roupa-de-festa-junina-simples-16x12.jpg 16w, https:\/\/danidrops.com.br\/wp-content\/uploads\/2023\/05\/10-roupa-de-festa-junina-simples-150x110.jpg 150w\" sizes=\"auto, (max-width: 760px) 100vw, 760px\" \/><figcaption class=\"wp-element-caption\">tenue de f\u00eate simple<\/figcaption><\/figure>\n\n\n\n<p>De plus, quelques combinaisons de v\u00eatements simples pour juin 2024 sont : un jean et une chemise formelle, une robe ou un manteau \u00e0 carreaux et autres.<\/p>\n\n\n\n<figure class=\"wp-block-image size-full\"><img loading=\"lazy\" decoding=\"async\" width=\"760\" height=\"555\" src=\"https:\/\/danidrops.com.br\/wp-content\/uploads\/2023\/05\/09-roupa-de-festa-junina-simples.jpg\" alt=\"tenue de f\u00eate simple\" class=\"wp-image-73819\" title=\"\" srcset=\"https:\/\/danidrops.com.br\/wp-content\/uploads\/2023\/05\/09-roupa-de-festa-junina-simples.jpg 760w, https:\/\/danidrops.com.br\/wp-content\/uploads\/2023\/05\/09-roupa-de-festa-junina-simples-300x219.jpg 300w, https:\/\/danidrops.com.br\/wp-content\/uploads\/2023\/05\/09-roupa-de-festa-junina-simples-16x12.jpg 16w, https:\/\/danidrops.com.br\/wp-content\/uploads\/2023\/05\/09-roupa-de-festa-junina-simples-150x110.jpg 150w\" sizes=\"auto, (max-width: 760px) 100vw, 760px\" \/><figcaption class=\"wp-element-caption\">tenue de f\u00eate simple<\/figcaption><\/figure>\n\n\n\n<h2 class=\"wp-block-heading\"><span class=\"ez-toc-section\" id=\"Roupa_de_quadrilha_feminina_saia_e_blusa\"><\/span>ensemble jupe et chemisier carr\u00e9 femme<span class=\"ez-toc-section-end\"><\/span><\/h2>\n\n\n\n<p>Pendant quelques ann\u00e9es, la robe junino \u00e9tait un classique, mais de nos jours, la jupe et le chemisier de danse carr\u00e9e pour femmes sont une excellente option.<\/p>\n\n\n\n<figure class=\"wp-block-image size-full\"><img loading=\"lazy\" decoding=\"async\" width=\"760\" height=\"555\" src=\"https:\/\/danidrops.com.br\/wp-content\/uploads\/2023\/05\/12-roupa-de-quadrilha-feminina-saia-e-blusa.jpg\" alt=\"ensemble jupe et chemisier carr\u00e9 femme\" class=\"wp-image-73822\" title=\"\" srcset=\"https:\/\/danidrops.com.br\/wp-content\/uploads\/2023\/05\/12-roupa-de-quadrilha-feminina-saia-e-blusa.jpg 760w, https:\/\/danidrops.com.br\/wp-content\/uploads\/2023\/05\/12-roupa-de-quadrilha-feminina-saia-e-blusa-300x219.jpg 300w, https:\/\/danidrops.com.br\/wp-content\/uploads\/2023\/05\/12-roupa-de-quadrilha-feminina-saia-e-blusa-16x12.jpg 16w, https:\/\/danidrops.com.br\/wp-content\/uploads\/2023\/05\/12-roupa-de-quadrilha-feminina-saia-e-blusa-150x110.jpg 150w\" sizes=\"auto, (max-width: 760px) 100vw, 760px\" \/><figcaption class=\"wp-element-caption\">ensemble jupe et chemisier carr\u00e9 femme<\/figcaption><\/figure>\n\n\n\n<p>Vous pouvez assembler de beaux ensembles jupe et chemisier avec des jupes courtes et des chemisiers d\u00e9licats ou color\u00e9s.<\/p>\n\n\n\n<p>Les crop tops sont \u00e9galement de grands alli\u00e9s pour ce type de v\u00eatements pour la f\u00eate de juin 2024, car ils offrent des looks beaux et modernes.<\/p>\n\n\n\n<figure class=\"wp-block-image size-full\"><img loading=\"lazy\" decoding=\"async\" width=\"760\" height=\"555\" src=\"https:\/\/danidrops.com.br\/wp-content\/uploads\/2023\/05\/11-roupa-de-quadrilha-feminina-saia-e-blusa.jpg\" alt=\"ensemble jupe et chemisier carr\u00e9 femme\" class=\"wp-image-73821\" title=\"\" srcset=\"https:\/\/danidrops.com.br\/wp-content\/uploads\/2023\/05\/11-roupa-de-quadrilha-feminina-saia-e-blusa.jpg 760w, https:\/\/danidrops.com.br\/wp-content\/uploads\/2023\/05\/11-roupa-de-quadrilha-feminina-saia-e-blusa-300x219.jpg 300w, https:\/\/danidrops.com.br\/wp-content\/uploads\/2023\/05\/11-roupa-de-quadrilha-feminina-saia-e-blusa-16x12.jpg 16w, https:\/\/danidrops.com.br\/wp-content\/uploads\/2023\/05\/11-roupa-de-quadrilha-feminina-saia-e-blusa-150x110.jpg 150w\" sizes=\"auto, (max-width: 760px) 100vw, 760px\" \/><figcaption class=\"wp-element-caption\">ensemble jupe et chemisier carr\u00e9 femme<\/figcaption><\/figure>\n\n\n\n<p>Comme il fait froid, vous pouvez toujours porter l&#039;ensemble jupe et chemisier avec des collants et des bottes.<\/p>\n\n\n\n<h2 class=\"wp-block-heading\"><span class=\"ez-toc-section\" id=\"Roupa_de_festa_junina_improvisada\"><\/span>Tenue de f\u00eate improvis\u00e9e<span class=\"ez-toc-section-end\"><\/span><\/h2>\n\n\n\n<p>La tenue de f\u00eate improvis\u00e9e de juin peut \u00eatre r\u00e9alis\u00e9e avec n&#039;importe quelle pi\u00e8ce de votre garde-robe, \u00e0 condition qu&#039;elle corresponde au th\u00e8me de la f\u00eate.<\/p>\n\n\n\n<figure class=\"wp-block-image size-full\"><img loading=\"lazy\" decoding=\"async\" width=\"760\" height=\"555\" src=\"https:\/\/danidrops.com.br\/wp-content\/uploads\/2023\/05\/14-roupa-de-festa-junina-improvisada.jpg\" alt=\"tenue de f\u00eate improvis\u00e9e\" class=\"wp-image-73824\" title=\"\" srcset=\"https:\/\/danidrops.com.br\/wp-content\/uploads\/2023\/05\/14-roupa-de-festa-junina-improvisada.jpg 760w, https:\/\/danidrops.com.br\/wp-content\/uploads\/2023\/05\/14-roupa-de-festa-junina-improvisada-300x219.jpg 300w, https:\/\/danidrops.com.br\/wp-content\/uploads\/2023\/05\/14-roupa-de-festa-junina-improvisada-16x12.jpg 16w, https:\/\/danidrops.com.br\/wp-content\/uploads\/2023\/05\/14-roupa-de-festa-junina-improvisada-150x110.jpg 150w\" sizes=\"auto, (max-width: 760px) 100vw, 760px\" \/><figcaption class=\"wp-element-caption\">tenue de f\u00eate improvis\u00e9e<\/figcaption><\/figure>\n\n\n\n<p>Vous pouvez porter des chemises habill\u00e9es, des jeans, des robes \u00e0 fleurs ou \u00e0 carreaux et d&#039;autres pi\u00e8ces que vous jugez n\u00e9cessaires.<\/p>\n\n\n\n<figure class=\"wp-block-image size-full\"><img loading=\"lazy\" decoding=\"async\" width=\"760\" height=\"555\" src=\"https:\/\/danidrops.com.br\/wp-content\/uploads\/2023\/05\/13-roupa-de-festa-junina-improvisada.jpg\" alt=\"tenue de f\u00eate improvis\u00e9e\" class=\"wp-image-73823\" title=\"\" srcset=\"https:\/\/danidrops.com.br\/wp-content\/uploads\/2023\/05\/13-roupa-de-festa-junina-improvisada.jpg 760w, https:\/\/danidrops.com.br\/wp-content\/uploads\/2023\/05\/13-roupa-de-festa-junina-improvisada-300x219.jpg 300w, https:\/\/danidrops.com.br\/wp-content\/uploads\/2023\/05\/13-roupa-de-festa-junina-improvisada-16x12.jpg 16w, https:\/\/danidrops.com.br\/wp-content\/uploads\/2023\/05\/13-roupa-de-festa-junina-improvisada-150x110.jpg 150w\" sizes=\"auto, (max-width: 760px) 100vw, 760px\" \/><figcaption class=\"wp-element-caption\">tenue de f\u00eate improvis\u00e9e<\/figcaption><\/figure>\n\n\n\n<p>Les v\u00eatements pour juin 2024 sont modernes et \u00e9l\u00e9gants et pour cette raison peuvent \u00eatre facilement improvis\u00e9s par ceux qui font preuve de cr\u00e9ativit\u00e9 et de bon go\u00fbt.<\/p>\n\n\n\n<h2 class=\"wp-block-heading\"><span class=\"ez-toc-section\" id=\"Look_de_Festa_Junina_Masculino\"><\/span>Look de f\u00eate de juin pour hommes<span class=\"ez-toc-section-end\"><\/span><\/h2>\n\n\n\n<p>Quand on pense \u00e0 un look pour une f\u00eate masculine de juin, la meilleure solution est de se souvenir du traditionnel, comme un chapeau de paille et une chemise ouverte sur un t-shirt. De plus, il a des bottes modernes pour donner ce look actuel.<\/p>\n\n\n\n<figure class=\"wp-block-image size-full\"><img loading=\"lazy\" decoding=\"async\" width=\"760\" height=\"555\" src=\"https:\/\/danidrops.com.br\/wp-content\/uploads\/2021\/10\/Look-para-Festa-Junina-Masculino.jpg\" alt=\"Rechercher Festa Junina pour hommes\" class=\"wp-image-9989\" title=\"\" srcset=\"https:\/\/danidrops.com.br\/wp-content\/uploads\/2021\/10\/Look-para-Festa-Junina-Masculino.jpg 760w, https:\/\/danidrops.com.br\/wp-content\/uploads\/2021\/10\/Look-para-Festa-Junina-Masculino-300x219.jpg 300w, https:\/\/danidrops.com.br\/wp-content\/uploads\/2021\/10\/Look-para-Festa-Junina-Masculino-150x110.jpg 150w\" sizes=\"auto, (max-width: 760px) 100vw, 760px\" \/><figcaption class=\"wp-element-caption\">Rechercher Festa Junina pour hommes<\/figcaption><\/figure>\n\n\n\n<p>Une autre tendance des looks pour les soir\u00e9es de juin pensant aux hommes est l&#039;id\u00e9e de se moderniser avec le pays ou avec le redneck. Les deux font partie de la culture June, cependant, ils autorisent des v\u00eatements tr\u00e8s diff\u00e9rents. Choisissez celui qui convient le mieux \u00e0 votre style.<\/p>\n\n\n\n<figure class=\"wp-block-image size-full\"><img loading=\"lazy\" decoding=\"async\" width=\"760\" height=\"555\" src=\"https:\/\/danidrops.com.br\/wp-content\/uploads\/2021\/10\/Tendencia-de-Looks-para-Festa-Junina-Look-para-Festa-Junina-Masculino-.jpg\" alt=\"Rechercher Festa Junina pour hommes\" class=\"wp-image-9951\" title=\"\" srcset=\"https:\/\/danidrops.com.br\/wp-content\/uploads\/2021\/10\/Tendencia-de-Looks-para-Festa-Junina-Look-para-Festa-Junina-Masculino-.jpg 760w, https:\/\/danidrops.com.br\/wp-content\/uploads\/2021\/10\/Tendencia-de-Looks-para-Festa-Junina-Look-para-Festa-Junina-Masculino--300x219.jpg 300w, https:\/\/danidrops.com.br\/wp-content\/uploads\/2021\/10\/Tendencia-de-Looks-para-Festa-Junina-Look-para-Festa-Junina-Masculino--150x110.jpg 150w\" sizes=\"auto, (max-width: 760px) 100vw, 760px\" \/><figcaption class=\"wp-element-caption\">Rechercher Festa Junina pour hommes<\/figcaption><\/figure>\n\n\n\n<h2 class=\"wp-block-heading\"><span class=\"ez-toc-section\" id=\"Look_de_Festa_Junina_Infantil\"><\/span>Look de f\u00eate de juin pour enfants<span class=\"ez-toc-section-end\"><\/span><\/h2>\n\n\n\n<p>Vous pouvez \u00e9galement penser \u00e0 un look pour une f\u00eate de juin pour enfants. Vous pouvez conserver le motif entre chemise \u00e0 carreaux et robes longues en dentelle. Cependant, pour sortir de la similitude, vous pouvez toujours oser choisir des d\u00e9tails pour les v\u00eatements.<\/p>\n\n\n\n<figure class=\"wp-block-image size-full\"><img loading=\"lazy\" decoding=\"async\" width=\"760\" height=\"555\" src=\"https:\/\/danidrops.com.br\/wp-content\/uploads\/2021\/10\/Look-para-Festa-Junina-Infantil-.jpg\" alt=\"Cherchez Festa Junina pour enfants\" class=\"wp-image-9988\" title=\"\" srcset=\"https:\/\/danidrops.com.br\/wp-content\/uploads\/2021\/10\/Look-para-Festa-Junina-Infantil-.jpg 760w, https:\/\/danidrops.com.br\/wp-content\/uploads\/2021\/10\/Look-para-Festa-Junina-Infantil--300x219.jpg 300w, https:\/\/danidrops.com.br\/wp-content\/uploads\/2021\/10\/Look-para-Festa-Junina-Infantil--150x110.jpg 150w\" sizes=\"auto, (max-width: 760px) 100vw, 760px\" \/><figcaption class=\"wp-element-caption\">Cherchez Festa Junina pour enfants<\/figcaption><\/figure>\n\n\n\n<p>Par exemple, une cravate peut faire bonne figure sur les gar\u00e7ons, et les coutures en dentelle en forme de fleurs et de c\u0153urs seront une excellente id\u00e9e pour les filles. Pour les deux, il existe des gilets qui peuvent \u00eatre port\u00e9s par-dessus n&#039;importe quelle tenue, comme des t-shirts, des chemises et des robes.<\/p>\n\n\n\n<figure class=\"wp-block-image size-full\"><img loading=\"lazy\" decoding=\"async\" width=\"760\" height=\"555\" src=\"https:\/\/danidrops.com.br\/wp-content\/uploads\/2021\/10\/Tendencia-de-Looks-para-Festa-Junina-Look-para-Festa-Junina-Infantil-.jpg\" alt=\"Cherchez Festa Junina pour enfants\" class=\"wp-image-9971\" title=\"\" srcset=\"https:\/\/danidrops.com.br\/wp-content\/uploads\/2021\/10\/Tendencia-de-Looks-para-Festa-Junina-Look-para-Festa-Junina-Infantil-.jpg 760w, https:\/\/danidrops.com.br\/wp-content\/uploads\/2021\/10\/Tendencia-de-Looks-para-Festa-Junina-Look-para-Festa-Junina-Infantil--300x219.jpg 300w, https:\/\/danidrops.com.br\/wp-content\/uploads\/2021\/10\/Tendencia-de-Looks-para-Festa-Junina-Look-para-Festa-Junina-Infantil--150x110.jpg 150w\" sizes=\"auto, (max-width: 760px) 100vw, 760px\" \/><figcaption class=\"wp-element-caption\">Cherchez Festa Junina pour enfants<\/figcaption><\/figure>\n\n\n\n<h2 class=\"wp-block-heading\"><span class=\"ez-toc-section\" id=\"Vestidos_Caipiras_de_festa_junina\"><\/span>robes de soir\u00e9e plouc<span class=\"ez-toc-section-end\"><\/span><\/h2>\n\n\n\n<p>Pour les femmes et les filles, les robes country sont des r\u00e9f\u00e9rences qui ne se d\u00e9modent jamais au festival de juin. Et il y a une multitude de mannequins et de c\u00e9l\u00e9brit\u00e9s br\u00e9siliennes qui ont d\u00e9j\u00e0 post\u00e9 des photos sur Instagram avec de tels looks : Ang\u00e9lica, Simone et Simaria, Ivete Sangalo, entre autres.<\/p>\n\n\n\n<figure class=\"wp-block-image size-full\"><img loading=\"lazy\" decoding=\"async\" width=\"760\" height=\"555\" src=\"https:\/\/danidrops.com.br\/wp-content\/uploads\/2021\/10\/Tendencia-de-Looks-para-Festa-Junina-Vestidos-Caipiras-.jpg\" alt=\"Robes de plouc\" class=\"wp-image-9959\" title=\"\" srcset=\"https:\/\/danidrops.com.br\/wp-content\/uploads\/2021\/10\/Tendencia-de-Looks-para-Festa-Junina-Vestidos-Caipiras-.jpg 760w, https:\/\/danidrops.com.br\/wp-content\/uploads\/2021\/10\/Tendencia-de-Looks-para-Festa-Junina-Vestidos-Caipiras--300x219.jpg 300w, https:\/\/danidrops.com.br\/wp-content\/uploads\/2021\/10\/Tendencia-de-Looks-para-Festa-Junina-Vestidos-Caipiras--150x110.jpg 150w\" sizes=\"auto, (max-width: 760px) 100vw, 760px\" \/><figcaption class=\"wp-element-caption\">Robes de plouc<\/figcaption><\/figure>\n\n\n\n<p>Une curiosit\u00e9 pour les robes redneck qui sont tendances dans les soir\u00e9es de juin, sachez qu&#039;elles peuvent \u00eatre les plus color\u00e9es du monde ou m\u00eame monochromes. Cela prouve leur polyvalence, que chaque femme aime.<\/p>\n\n\n\n<figure class=\"wp-block-image size-full\"><img loading=\"lazy\" decoding=\"async\" width=\"760\" height=\"555\" src=\"https:\/\/danidrops.com.br\/wp-content\/uploads\/2021\/10\/Looks-para-Festa-Junina-Vestidos-Caipiras-.jpg\" alt=\"Robes de plouc\" class=\"wp-image-9978\" title=\"\" srcset=\"https:\/\/danidrops.com.br\/wp-content\/uploads\/2021\/10\/Looks-para-Festa-Junina-Vestidos-Caipiras-.jpg 760w, https:\/\/danidrops.com.br\/wp-content\/uploads\/2021\/10\/Looks-para-Festa-Junina-Vestidos-Caipiras--300x219.jpg 300w, https:\/\/danidrops.com.br\/wp-content\/uploads\/2021\/10\/Looks-para-Festa-Junina-Vestidos-Caipiras--150x110.jpg 150w\" sizes=\"auto, (max-width: 760px) 100vw, 760px\" \/><figcaption class=\"wp-element-caption\">Robes de plouc<\/figcaption><\/figure>\n\n\n\n<h2 class=\"wp-block-heading\"><span class=\"ez-toc-section\" id=\"Calca_Rasgada_de_festa_junina\"><\/span>Pantalon d\u00e9chir\u00e9 de la f\u00eate de juin<span class=\"ez-toc-section-end\"><\/span><\/h2>\n\n\n\n<p>Il y a quelque temps, les pantalons patch\u00e9s \u00e9taient une option presque obligatoire pour quiconque se rendait \u00e0 une f\u00eate en juin. Cependant, les pantalons d\u00e9chir\u00e9s devenant une tendance dans le monde de la mode, ils ont commenc\u00e9 \u00e0 \u00eatre port\u00e9s plus souvent.<\/p>\n\n\n\n<figure class=\"wp-block-image size-full\"><img loading=\"lazy\" decoding=\"async\" width=\"760\" height=\"555\" src=\"https:\/\/danidrops.com.br\/wp-content\/uploads\/2021\/10\/Tendencia-de-Looks-para-Festa-Junina-Calca-Rasgada-.jpg\" alt=\"Pantalon d\u00e9chir\u00e9\" class=\"wp-image-9963\" title=\"\" srcset=\"https:\/\/danidrops.com.br\/wp-content\/uploads\/2021\/10\/Tendencia-de-Looks-para-Festa-Junina-Calca-Rasgada-.jpg 760w, https:\/\/danidrops.com.br\/wp-content\/uploads\/2021\/10\/Tendencia-de-Looks-para-Festa-Junina-Calca-Rasgada--300x219.jpg 300w, https:\/\/danidrops.com.br\/wp-content\/uploads\/2021\/10\/Tendencia-de-Looks-para-Festa-Junina-Calca-Rasgada--150x110.jpg 150w\" sizes=\"auto, (max-width: 760px) 100vw, 760px\" \/><figcaption class=\"wp-element-caption\">Pantalon d\u00e9chir\u00e9<\/figcaption><\/figure>\n\n\n\n<p>Aujourd&#039;hui, hommes et femmes misent sur cette pi\u00e8ce car elle s&#039;accorde avec tout, avec un t-shirt color\u00e9, avec des chemises habill\u00e9es, avec un chapeau, avec des bottes et bien plus encore. En fait, m\u00eame les robes arrivent avec cette id\u00e9e \u00ab d\u00e9chir\u00e9e \u00bb.<\/p>\n\n\n\n<figure class=\"wp-block-image size-full\"><img loading=\"lazy\" decoding=\"async\" width=\"760\" height=\"555\" src=\"https:\/\/danidrops.com.br\/wp-content\/uploads\/2021\/10\/Looks-para-Festa-Junina-Calca-Rasgada-.jpg\" alt=\"Pantalon d\u00e9chir\u00e9\" class=\"wp-image-9972\" title=\"\" srcset=\"https:\/\/danidrops.com.br\/wp-content\/uploads\/2021\/10\/Looks-para-Festa-Junina-Calca-Rasgada-.jpg 760w, https:\/\/danidrops.com.br\/wp-content\/uploads\/2021\/10\/Looks-para-Festa-Junina-Calca-Rasgada--300x219.jpg 300w, https:\/\/danidrops.com.br\/wp-content\/uploads\/2021\/10\/Looks-para-Festa-Junina-Calca-Rasgada--150x110.jpg 150w\" sizes=\"auto, (max-width: 760px) 100vw, 760px\" \/><figcaption class=\"wp-element-caption\">Pantalon d\u00e9chir\u00e9<\/figcaption><\/figure>\n\n\n\n<h2 class=\"wp-block-heading\"><span class=\"ez-toc-section\" id=\"Calca_e_festa_junina_com_Retalhos\"><\/span>Pantalon et Festa Junina avec Patchwork<span class=\"ez-toc-section-end\"><\/span><\/h2>\n\n\n\n<p>Nous ne parlons pas un peu de pantalons rapi\u00e9c\u00e9s maintenant, n&#039;est-ce pas\u00a0? Il porte aussi le nom de pantalon patchwork et aujourd&#039;hui il sugg\u00e8re une id\u00e9e beaucoup plus vintage. Donc, si vous pensez que c&#039;est moche de porter ce pantalon, calmez-vous. En fait, c&#039;est une excellente option pour une f\u00eate de juin.<\/p>\n\n\n\n<figure class=\"wp-block-image size-full\"><img loading=\"lazy\" decoding=\"async\" width=\"760\" height=\"555\" src=\"https:\/\/danidrops.com.br\/wp-content\/uploads\/2021\/10\/Tendencia-de-Looks-para-Festa-Junina-Calca-com-Retalhos-.jpg\" alt=\"Pantalon avec patchs\" class=\"wp-image-9962\" title=\"\" srcset=\"https:\/\/danidrops.com.br\/wp-content\/uploads\/2021\/10\/Tendencia-de-Looks-para-Festa-Junina-Calca-com-Retalhos-.jpg 760w, https:\/\/danidrops.com.br\/wp-content\/uploads\/2021\/10\/Tendencia-de-Looks-para-Festa-Junina-Calca-com-Retalhos--300x219.jpg 300w, https:\/\/danidrops.com.br\/wp-content\/uploads\/2021\/10\/Tendencia-de-Looks-para-Festa-Junina-Calca-com-Retalhos--150x110.jpg 150w\" sizes=\"auto, (max-width: 760px) 100vw, 760px\" \/><figcaption class=\"wp-element-caption\">Pantalon avec patchs<\/figcaption><\/figure>\n\n\n\n<p>Vous pouvez r\u00e9aliser des patchs aux couleurs de la f\u00eate de juin, en une seule couleur, en diff\u00e9rentes tailles, etc. L&#039;id\u00e9e, cependant, est de garder un motif de tons pour que le pantalon ne ressemble pas \u00e0 un patchwork, d&#039;accord ?<\/p>\n\n\n\n<figure class=\"wp-block-image size-full\"><img loading=\"lazy\" decoding=\"async\" width=\"760\" height=\"555\" src=\"https:\/\/danidrops.com.br\/wp-content\/uploads\/2021\/10\/Looks-para-Festa-Junina-Calca-com-Retalhos-.jpg\" alt=\"Pantalon avec patchs\" class=\"wp-image-9992\" title=\"\" srcset=\"https:\/\/danidrops.com.br\/wp-content\/uploads\/2021\/10\/Looks-para-Festa-Junina-Calca-com-Retalhos-.jpg 760w, https:\/\/danidrops.com.br\/wp-content\/uploads\/2021\/10\/Looks-para-Festa-Junina-Calca-com-Retalhos--300x219.jpg 300w, https:\/\/danidrops.com.br\/wp-content\/uploads\/2021\/10\/Looks-para-Festa-Junina-Calca-com-Retalhos--150x110.jpg 150w\" sizes=\"auto, (max-width: 760px) 100vw, 760px\" \/><figcaption class=\"wp-element-caption\">Pantalon avec patchs<\/figcaption><\/figure>\n\n\n\n<h2 class=\"wp-block-heading\"><span class=\"ez-toc-section\" id=\"Look_de_Festa_Junina_Romantico\"><\/span>Look de f\u00eate romantique de juin<span class=\"ez-toc-section-end\"><\/span><\/h2>\n\n\n\n<p>Vous savez quand vous voyez cette personne de loin et que vous pouvez d\u00e9j\u00e0 imaginer comment elle est\u00a0? Donc, il est courant que cela se produise avec des personnes romantiques. C&#039;est parce qu&#039;ils s&#039;habillent d&#039;une mani\u00e8re unique.<\/p>\n\n\n\n<figure class=\"wp-block-image size-full\"><img loading=\"lazy\" decoding=\"async\" width=\"760\" height=\"555\" src=\"https:\/\/danidrops.com.br\/wp-content\/uploads\/2021\/10\/Tendencia-de-Looks-para-Festa-Junina-Look-para-Festa-Junina-Romantico-.jpg\" alt=\"Cherchez Festa Junina Romantique\" class=\"wp-image-9953\" title=\"\" srcset=\"https:\/\/danidrops.com.br\/wp-content\/uploads\/2021\/10\/Tendencia-de-Looks-para-Festa-Junina-Look-para-Festa-Junina-Romantico-.jpg 760w, https:\/\/danidrops.com.br\/wp-content\/uploads\/2021\/10\/Tendencia-de-Looks-para-Festa-Junina-Look-para-Festa-Junina-Romantico--300x219.jpg 300w, https:\/\/danidrops.com.br\/wp-content\/uploads\/2021\/10\/Tendencia-de-Looks-para-Festa-Junina-Look-para-Festa-Junina-Romantico--150x110.jpg 150w\" sizes=\"auto, (max-width: 760px) 100vw, 760px\" \/><figcaption class=\"wp-element-caption\">Cherchez Festa Junina Romantique<\/figcaption><\/figure>\n\n\n\n<p>Dans le cas du look de f\u00eate romantique de juin, cela se remarque par la forme de la robe. Par exemple, elle a une robe qui ressemble \u00e0 celle de Blanche-Neige. Vous voulez quelque chose de plus mignon ? Pour les hommes, l&#039;\u00e9l\u00e9gance rime avec romantisme.<\/p>\n\n\n\n<figure class=\"wp-block-image size-full\"><img loading=\"lazy\" decoding=\"async\" width=\"760\" height=\"555\" src=\"https:\/\/danidrops.com.br\/wp-content\/uploads\/2021\/10\/Look-para-Festa-Junina-Romantico-.jpg\" alt=\"Cherchez Festa Junina Romantique\" class=\"wp-image-9991\" title=\"\" srcset=\"https:\/\/danidrops.com.br\/wp-content\/uploads\/2021\/10\/Look-para-Festa-Junina-Romantico-.jpg 760w, https:\/\/danidrops.com.br\/wp-content\/uploads\/2021\/10\/Look-para-Festa-Junina-Romantico--300x219.jpg 300w, https:\/\/danidrops.com.br\/wp-content\/uploads\/2021\/10\/Look-para-Festa-Junina-Romantico--150x110.jpg 150w\" sizes=\"auto, (max-width: 760px) 100vw, 760px\" \/><figcaption class=\"wp-element-caption\">Cherchez Festa Junina Romantique<\/figcaption><\/figure>\n\n\n\n<h2 class=\"wp-block-heading\"><span class=\"ez-toc-section\" id=\"Look_de_Festa_Junina_Ousado\"><\/span>Look de f\u00eate Junina audacieux<span class=\"ez-toc-section-end\"><\/span><\/h2>\n\n\n\n<p>Si d&#039;un c\u00f4t\u00e9 nous avons le romantisme, de l&#039;autre nous avons la sensualit\u00e9. Il est tr\u00e8s courant que ce type de v\u00eatements soit utilis\u00e9 par des jeunes qui aiment assister \u00e0 la f\u00eate de la Saint-Jean ou m\u00eame \u00e0 la kermesse de l&#039;\u00e9glise.<\/p>\n\n\n\n<figure class=\"wp-block-image size-full\"><img loading=\"lazy\" decoding=\"async\" width=\"760\" height=\"555\" src=\"https:\/\/danidrops.com.br\/wp-content\/uploads\/2021\/10\/Look-para-Festa-Junina-Ousado-.jpg\" alt=\"Look de f\u00eate de juin audacieux\" class=\"wp-image-9990\" title=\"\" srcset=\"https:\/\/danidrops.com.br\/wp-content\/uploads\/2021\/10\/Look-para-Festa-Junina-Ousado-.jpg 760w, https:\/\/danidrops.com.br\/wp-content\/uploads\/2021\/10\/Look-para-Festa-Junina-Ousado--300x219.jpg 300w, https:\/\/danidrops.com.br\/wp-content\/uploads\/2021\/10\/Look-para-Festa-Junina-Ousado--150x110.jpg 150w\" sizes=\"auto, (max-width: 760px) 100vw, 760px\" \/><figcaption class=\"wp-element-caption\">Look de f\u00eate de juin audacieux<\/figcaption><\/figure>\n\n\n\n<p>Ce sont des v\u00eatements comme la plupart dont nous parlons ici : robes, jupes, jeans et chemises. Ce qui va changer, c&#039;est que dans cet audacieux look de f\u00eate de juin, les pi\u00e8ces seront plus serr\u00e9es, plus courtes, plus \u00e9chancr\u00e9es ou encore plus model\u00e9es sur le corps.<\/p>\n\n\n\n<figure class=\"wp-block-image size-full\"><img loading=\"lazy\" decoding=\"async\" width=\"760\" height=\"555\" src=\"https:\/\/danidrops.com.br\/wp-content\/uploads\/2021\/10\/Tendencia-de-Looks-para-Festa-Junina-Look-para-Festa-Junina-Ousado-.jpg\" alt=\"Look de f\u00eate de juin audacieux\" class=\"wp-image-9952\" title=\"\" srcset=\"https:\/\/danidrops.com.br\/wp-content\/uploads\/2021\/10\/Tendencia-de-Looks-para-Festa-Junina-Look-para-Festa-Junina-Ousado-.jpg 760w, https:\/\/danidrops.com.br\/wp-content\/uploads\/2021\/10\/Tendencia-de-Looks-para-Festa-Junina-Look-para-Festa-Junina-Ousado--300x219.jpg 300w, https:\/\/danidrops.com.br\/wp-content\/uploads\/2021\/10\/Tendencia-de-Looks-para-Festa-Junina-Look-para-Festa-Junina-Ousado--150x110.jpg 150w\" sizes=\"auto, (max-width: 760px) 100vw, 760px\" \/><figcaption class=\"wp-element-caption\">Look de f\u00eate de juin audacieux<\/figcaption><\/figure>\n\n\n\n<h2 class=\"wp-block-heading\"><span class=\"ez-toc-section\" id=\"Vestidos_com_Babados_de_festa_junina\"><\/span>Robes de soir\u00e9e de juin \u00e0 volants<span class=\"ez-toc-section-end\"><\/span><\/h2>\n\n\n\n<p>Il est un charme \u00e0 lui tout seul. Les robes \u00e0 volants sont des r\u00e9f\u00e9rences dans le monde de la mode. Si auparavant ils indiquaient la perfection du travail manuel de couture, de nos jours, c&#039;est une option incroyable pour tout type d&#039;\u00e9v\u00e9nement.<\/p>\n\n\n\n<figure class=\"wp-block-image size-full\"><img loading=\"lazy\" decoding=\"async\" width=\"760\" height=\"555\" src=\"https:\/\/danidrops.com.br\/wp-content\/uploads\/2021\/10\/Tendencia-de-Looks-para-Festa-Junina-Vestidos-com-Babados-.jpg\" alt=\"robes \u00e0 volants\" class=\"wp-image-9960\" title=\"\" srcset=\"https:\/\/danidrops.com.br\/wp-content\/uploads\/2021\/10\/Tendencia-de-Looks-para-Festa-Junina-Vestidos-com-Babados-.jpg 760w, https:\/\/danidrops.com.br\/wp-content\/uploads\/2021\/10\/Tendencia-de-Looks-para-Festa-Junina-Vestidos-com-Babados--300x219.jpg 300w, https:\/\/danidrops.com.br\/wp-content\/uploads\/2021\/10\/Tendencia-de-Looks-para-Festa-Junina-Vestidos-com-Babados--150x110.jpg 150w\" sizes=\"auto, (max-width: 760px) 100vw, 760px\" \/><figcaption class=\"wp-element-caption\">robes \u00e0 volants<\/figcaption><\/figure>\n\n\n\n<p>C&#039;est pourquoi il existe des robes \u00e0 volants typiques des f\u00eates de juin.<\/p>\n\n\n\n<figure class=\"wp-block-image size-full\"><img loading=\"lazy\" decoding=\"async\" width=\"760\" height=\"555\" src=\"https:\/\/danidrops.com.br\/wp-content\/uploads\/2021\/10\/Looks-para-Festa-Junina-Vestidos-com-Babados-.jpg\" alt=\"robes \u00e0 volants\" class=\"wp-image-9979\" title=\"\" srcset=\"https:\/\/danidrops.com.br\/wp-content\/uploads\/2021\/10\/Looks-para-Festa-Junina-Vestidos-com-Babados-.jpg 760w, https:\/\/danidrops.com.br\/wp-content\/uploads\/2021\/10\/Looks-para-Festa-Junina-Vestidos-com-Babados--300x219.jpg 300w, https:\/\/danidrops.com.br\/wp-content\/uploads\/2021\/10\/Looks-para-Festa-Junina-Vestidos-com-Babados--150x110.jpg 150w\" sizes=\"auto, (max-width: 760px) 100vw, 760px\" \/><figcaption class=\"wp-element-caption\">robes \u00e0 volants<\/figcaption><\/figure>\n\n\n\n<h2 class=\"wp-block-heading\"><span class=\"ez-toc-section\" id=\"Vestidos_com_Retalhos_de_festa_junina\"><\/span>Robes avec Patchwork pour Festa Junina<span class=\"ez-toc-section-end\"><\/span><\/h2>\n\n\n\n<p>De la m\u00eame mani\u00e8re que les pantalons peuvent \u00eatre r\u00e9par\u00e9s \u00e0 partir de chutes, il existe \u00e9galement des robes avec cette id\u00e9e. Ainsi, le concept rustique et ringard s&#039;int\u00e8gre parfaitement dans les soir\u00e9es li\u00e9es au th\u00e8me de juin.<\/p>\n\n\n\n<figure class=\"wp-block-image size-full\"><img loading=\"lazy\" decoding=\"async\" width=\"760\" height=\"555\" src=\"https:\/\/danidrops.com.br\/wp-content\/uploads\/2021\/10\/Tendencia-de-Looks-para-Festa-Junina-Vestidos-com-Retalhos-.jpg\" alt=\"Robes avec Patchwork\" class=\"wp-image-9961\" title=\"\" srcset=\"https:\/\/danidrops.com.br\/wp-content\/uploads\/2021\/10\/Tendencia-de-Looks-para-Festa-Junina-Vestidos-com-Retalhos-.jpg 760w, https:\/\/danidrops.com.br\/wp-content\/uploads\/2021\/10\/Tendencia-de-Looks-para-Festa-Junina-Vestidos-com-Retalhos--300x219.jpg 300w, https:\/\/danidrops.com.br\/wp-content\/uploads\/2021\/10\/Tendencia-de-Looks-para-Festa-Junina-Vestidos-com-Retalhos--150x110.jpg 150w\" sizes=\"auto, (max-width: 760px) 100vw, 760px\" \/><figcaption class=\"wp-element-caption\">Robes avec Patchwork<\/figcaption><\/figure>\n\n\n\n<p>Mais \u00e0 la diff\u00e9rence du pantalon, qui ne permet pas l&#039;utilisation de plusieurs couleurs diff\u00e9rentes, la robe le permet. Vous pouvez faire une robe comme une courtepointe en patchwork. Le travail a l&#039;air incroyable et attirera l&#039;attention de tous.<\/p>\n\n\n\n<figure class=\"wp-block-image size-full\"><img loading=\"lazy\" decoding=\"async\" width=\"760\" height=\"555\" src=\"https:\/\/danidrops.com.br\/wp-content\/uploads\/2021\/10\/Looks-para-Festa-Junina-Vestidos-com-Retalhos-.jpg\" alt=\"Robes avec Patchwork\" class=\"wp-image-9980\" title=\"\" srcset=\"https:\/\/danidrops.com.br\/wp-content\/uploads\/2021\/10\/Looks-para-Festa-Junina-Vestidos-com-Retalhos-.jpg 760w, https:\/\/danidrops.com.br\/wp-content\/uploads\/2021\/10\/Looks-para-Festa-Junina-Vestidos-com-Retalhos--300x219.jpg 300w, https:\/\/danidrops.com.br\/wp-content\/uploads\/2021\/10\/Looks-para-Festa-Junina-Vestidos-com-Retalhos--150x110.jpg 150w\" sizes=\"auto, (max-width: 760px) 100vw, 760px\" \/><figcaption class=\"wp-element-caption\">Robes avec Patchwork<\/figcaption><\/figure>\n\n\n\n<h2 class=\"wp-block-heading\"><span class=\"ez-toc-section\" id=\"Vestido_Longo_Xadrez_de_festa_junina\"><\/span>Robe longue \u00e0 carreaux Festa Junina<span class=\"ez-toc-section-end\"><\/span><\/h2>\n\n\n\n<p>Regardez, la v\u00e9rit\u00e9 est qu&#039;il n&#039;est pas facile de choisir une robe longue \u00e0 carreaux pour une f\u00eate de juin. Est-ce que tu sais pourquoi? La plupart du temps, ils donnent l&#039;impression d&#039;\u00eatre trop sophistiqu\u00e9s pour cet \u00e9v\u00e9nement.<\/p>\n\n\n\n<figure class=\"wp-block-image size-full\"><img loading=\"lazy\" decoding=\"async\" width=\"760\" height=\"555\" src=\"https:\/\/danidrops.com.br\/wp-content\/uploads\/2021\/10\/Looks-para-Festa-Junina-Vestido-Longo-Xadrez-.jpg\" alt=\"Robe longue \u00e0 carreaux\" class=\"wp-image-9977\" title=\"\" srcset=\"https:\/\/danidrops.com.br\/wp-content\/uploads\/2021\/10\/Looks-para-Festa-Junina-Vestido-Longo-Xadrez-.jpg 760w, https:\/\/danidrops.com.br\/wp-content\/uploads\/2021\/10\/Looks-para-Festa-Junina-Vestido-Longo-Xadrez--300x219.jpg 300w, https:\/\/danidrops.com.br\/wp-content\/uploads\/2021\/10\/Looks-para-Festa-Junina-Vestido-Longo-Xadrez--150x110.jpg 150w\" sizes=\"auto, (max-width: 760px) 100vw, 760px\" \/><figcaption class=\"wp-element-caption\">Robe longue \u00e0 carreaux<\/figcaption><\/figure>\n\n\n\n<p>Mais il y a des id\u00e9es pour changer ce sc\u00e9nario. Par exemple, ajoutez le chapeau de paille, des ornements de tournesol ou m\u00eame une coupe diff\u00e9rente \u00e0 la fin de celui-ci.<\/p>\n\n\n\n<figure class=\"wp-block-image size-full\"><img loading=\"lazy\" decoding=\"async\" width=\"760\" height=\"555\" src=\"https:\/\/danidrops.com.br\/wp-content\/uploads\/2021\/10\/Tendencia-de-Looks-para-Festa-Junina-Vestido-Longo-Xadrez-.jpg\" alt=\"Robe longue \u00e0 carreaux\" class=\"wp-image-9958\" title=\"\" srcset=\"https:\/\/danidrops.com.br\/wp-content\/uploads\/2021\/10\/Tendencia-de-Looks-para-Festa-Junina-Vestido-Longo-Xadrez-.jpg 760w, https:\/\/danidrops.com.br\/wp-content\/uploads\/2021\/10\/Tendencia-de-Looks-para-Festa-Junina-Vestido-Longo-Xadrez--300x219.jpg 300w, https:\/\/danidrops.com.br\/wp-content\/uploads\/2021\/10\/Tendencia-de-Looks-para-Festa-Junina-Vestido-Longo-Xadrez--150x110.jpg 150w\" sizes=\"auto, (max-width: 760px) 100vw, 760px\" \/><figcaption class=\"wp-element-caption\">Robe longue \u00e0 carreaux<\/figcaption><\/figure>\n\n\n\n<h2 class=\"wp-block-heading\"><span class=\"ez-toc-section\" id=\"Vestido_Curto_Xadrez_de_festa_junina\"><\/span>Robe courte d&#039;\u00e9checs Festa Junina<span class=\"ez-toc-section-end\"><\/span><\/h2>\n\n\n\n<p>Quant \u00e0 la robe courte \u00e0 carreaux, elle est d\u00e9j\u00e0 beaucoup plus d\u00e9contract\u00e9e et cela a tout \u00e0 voir avec la f\u00eate de juin. Il existe des mod\u00e8les lisses en termes de coupe. D&#039;autres sont ondul\u00e9s. Et il y a ceux qui se nouent autour de la taille.<\/p>\n\n\n\n<figure class=\"wp-block-image size-full\"><img loading=\"lazy\" decoding=\"async\" width=\"760\" height=\"555\" src=\"https:\/\/danidrops.com.br\/wp-content\/uploads\/2021\/10\/Tendencia-de-Looks-para-Festa-Junina-Vestido-Curto-Xadrez-.jpg\" alt=\"Robe courte \u00e0 carreaux\" class=\"wp-image-9957\" title=\"\" srcset=\"https:\/\/danidrops.com.br\/wp-content\/uploads\/2021\/10\/Tendencia-de-Looks-para-Festa-Junina-Vestido-Curto-Xadrez-.jpg 760w, https:\/\/danidrops.com.br\/wp-content\/uploads\/2021\/10\/Tendencia-de-Looks-para-Festa-Junina-Vestido-Curto-Xadrez--300x219.jpg 300w, https:\/\/danidrops.com.br\/wp-content\/uploads\/2021\/10\/Tendencia-de-Looks-para-Festa-Junina-Vestido-Curto-Xadrez--150x110.jpg 150w\" sizes=\"auto, (max-width: 760px) 100vw, 760px\" \/><figcaption class=\"wp-element-caption\">Robe courte \u00e0 carreaux<\/figcaption><\/figure>\n\n\n\n<p>Toutes sont des possibilit\u00e9s uniques et incroyables pour une f\u00eate \u00e0 Saint John. Le plus cool, c&#039;est qu&#039;il peut \u00eatre combin\u00e9 avec des chaussures plates, des bottes ou des talons, pouvez-vous le croire ?<\/p>\n\n\n\n<figure class=\"wp-block-image size-full\"><img loading=\"lazy\" decoding=\"async\" width=\"760\" height=\"555\" src=\"https:\/\/danidrops.com.br\/wp-content\/uploads\/2021\/10\/Looks-para-Festa-Junina-Vestido-Curto-Xadrez-.jpg\" alt=\"Robe courte \u00e0 carreaux\" class=\"wp-image-9976\" title=\"\" srcset=\"https:\/\/danidrops.com.br\/wp-content\/uploads\/2021\/10\/Looks-para-Festa-Junina-Vestido-Curto-Xadrez-.jpg 760w, https:\/\/danidrops.com.br\/wp-content\/uploads\/2021\/10\/Looks-para-Festa-Junina-Vestido-Curto-Xadrez--300x219.jpg 300w, https:\/\/danidrops.com.br\/wp-content\/uploads\/2021\/10\/Looks-para-Festa-Junina-Vestido-Curto-Xadrez--150x110.jpg 150w\" sizes=\"auto, (max-width: 760px) 100vw, 760px\" \/><figcaption class=\"wp-element-caption\">Robe courte \u00e0 carreaux<\/figcaption><\/figure>\n\n\n\n<h2 class=\"wp-block-heading\"><span class=\"ez-toc-section\" id=\"Look_de_Festa_Junina_com_Camisa_Xadrez_Vermelha\"><\/span>Look Festa Junina avec chemise \u00e0 carreaux rouge<span class=\"ez-toc-section-end\"><\/span><\/h2>\n\n\n\n<p>Cr\u00e9er un look pour une f\u00eate de juin avec une chemise \u00e0 carreaux rouge n&#039;a rien d&#039;extraordinaire. Au contraire, c&#039;est le genre de tenue qui ne se trompe jamais. C&#039;est parce que le rouge est une couleur tr\u00e8s gaie et a tout \u00e0 voir avec la f\u00eate de Saint Jean.<\/p>\n\n\n\n<figure class=\"wp-block-image size-full\"><img loading=\"lazy\" decoding=\"async\" width=\"760\" height=\"555\" src=\"https:\/\/danidrops.com.br\/wp-content\/uploads\/2021\/10\/Tendencia-de-Looks-para-Festa-Junina-Look-para-Festa-Junina-com-Camisa-Xadrez-Vermelha-.jpg\" alt=\"Cherchez Festa Junina avec une chemise \u00e0 carreaux rouge\" class=\"wp-image-9964\" title=\"\" srcset=\"https:\/\/danidrops.com.br\/wp-content\/uploads\/2021\/10\/Tendencia-de-Looks-para-Festa-Junina-Look-para-Festa-Junina-com-Camisa-Xadrez-Vermelha-.jpg 760w, https:\/\/danidrops.com.br\/wp-content\/uploads\/2021\/10\/Tendencia-de-Looks-para-Festa-Junina-Look-para-Festa-Junina-com-Camisa-Xadrez-Vermelha--300x219.jpg 300w, https:\/\/danidrops.com.br\/wp-content\/uploads\/2021\/10\/Tendencia-de-Looks-para-Festa-Junina-Look-para-Festa-Junina-com-Camisa-Xadrez-Vermelha--150x110.jpg 150w\" sizes=\"auto, (max-width: 760px) 100vw, 760px\" \/><figcaption class=\"wp-element-caption\">Cherchez Festa Junina avec une chemise \u00e0 carreaux rouge<\/figcaption><\/figure>\n\n\n\n<p>La chemise \u00e0 carreaux, quant \u00e0 elle, fait r\u00e9f\u00e9rence au pays et au pays. C&#039;est donc un look tr\u00e8s li\u00e9 aux soir\u00e9es de juin. Il existe \u00e9galement un moyen de varier les teintes ou les formats des pi\u00e8ces.<\/p>\n\n\n\n<figure class=\"wp-block-image size-full\"><img loading=\"lazy\" decoding=\"async\" width=\"760\" height=\"555\" src=\"https:\/\/danidrops.com.br\/wp-content\/uploads\/2021\/10\/Look-para-Festa-Junina-com-Camisa-Xadrez-Vermelha-.jpg\" alt=\"Cherchez Festa Junina avec une chemise \u00e0 carreaux rouge\" class=\"wp-image-9981\" title=\"\" srcset=\"https:\/\/danidrops.com.br\/wp-content\/uploads\/2021\/10\/Look-para-Festa-Junina-com-Camisa-Xadrez-Vermelha-.jpg 760w, https:\/\/danidrops.com.br\/wp-content\/uploads\/2021\/10\/Look-para-Festa-Junina-com-Camisa-Xadrez-Vermelha--300x219.jpg 300w, https:\/\/danidrops.com.br\/wp-content\/uploads\/2021\/10\/Look-para-Festa-Junina-com-Camisa-Xadrez-Vermelha--150x110.jpg 150w\" sizes=\"auto, (max-width: 760px) 100vw, 760px\" \/><figcaption class=\"wp-element-caption\">Cherchez Festa Junina avec une chemise \u00e0 carreaux rouge<\/figcaption><\/figure>\n\n\n\n<h2 class=\"wp-block-heading\"><span class=\"ez-toc-section\" id=\"Look_de_Festa_Junina_com_Chapeu_de_Palha\"><\/span>Look Festa Junina avec chapeau de paille<span class=\"ez-toc-section-end\"><\/span><\/h2>\n\n\n\n<p>Le chapeau de paille est un accessoire tr\u00e8s courant lors des f\u00eates de juin, surtout lorsque le th\u00e8me est davantage orient\u00e9 vers le plouc. Il peut \u00eatre utilis\u00e9 par les hommes, les femmes, les enfants ou m\u00eame les animaux domestiques. C&#039;est un \u00e9l\u00e9ment qui fait partie du d\u00e9cor.<\/p>\n\n\n\n<figure class=\"wp-block-image size-full\"><img loading=\"lazy\" decoding=\"async\" width=\"760\" height=\"555\" src=\"https:\/\/danidrops.com.br\/wp-content\/uploads\/2021\/10\/Tendencia-de-Looks-para-Festa-Junina-Look-para-Festa-Junina-com-Chapeu-de-Palha-.jpg\" alt=\"Cherchez Festa Junina avec chapeau de paille\" class=\"wp-image-9965\" title=\"\" srcset=\"https:\/\/danidrops.com.br\/wp-content\/uploads\/2021\/10\/Tendencia-de-Looks-para-Festa-Junina-Look-para-Festa-Junina-com-Chapeu-de-Palha-.jpg 760w, https:\/\/danidrops.com.br\/wp-content\/uploads\/2021\/10\/Tendencia-de-Looks-para-Festa-Junina-Look-para-Festa-Junina-com-Chapeu-de-Palha--300x219.jpg 300w, https:\/\/danidrops.com.br\/wp-content\/uploads\/2021\/10\/Tendencia-de-Looks-para-Festa-Junina-Look-para-Festa-Junina-com-Chapeu-de-Palha--150x110.jpg 150w\" sizes=\"auto, (max-width: 760px) 100vw, 760px\" \/><figcaption class=\"wp-element-caption\">Cherchez Festa Junina avec chapeau de paille<\/figcaption><\/figure>\n\n\n\n<p>Ainsi, obtenir un look pour une f\u00eate de juin avec un chapeau de paille est simple. Apr\u00e8s tout, \u00e7a va avec \u00e0 peu pr\u00e8s tout, non ?<\/p>\n\n\n\n<figure class=\"wp-block-image size-full\"><img loading=\"lazy\" decoding=\"async\" width=\"760\" height=\"555\" src=\"https:\/\/danidrops.com.br\/wp-content\/uploads\/2021\/10\/Look-para-Festa-Junina-com-Chapeu-de-Palha-.jpg\" alt=\"Cherchez Festa Junina avec chapeau de paille\" class=\"wp-image-9982\" title=\"\" srcset=\"https:\/\/danidrops.com.br\/wp-content\/uploads\/2021\/10\/Look-para-Festa-Junina-com-Chapeu-de-Palha-.jpg 760w, https:\/\/danidrops.com.br\/wp-content\/uploads\/2021\/10\/Look-para-Festa-Junina-com-Chapeu-de-Palha--300x219.jpg 300w, https:\/\/danidrops.com.br\/wp-content\/uploads\/2021\/10\/Look-para-Festa-Junina-com-Chapeu-de-Palha--150x110.jpg 150w\" sizes=\"auto, (max-width: 760px) 100vw, 760px\" \/><figcaption class=\"wp-element-caption\">Cherchez Festa Junina avec chapeau de paille<\/figcaption><\/figure>\n\n\n\n<h2 class=\"wp-block-heading\"><span class=\"ez-toc-section\" id=\"Look_de_Festa_Junina_com_Estampa_de_Girassois\"><\/span>Recherchez Festa Junina avec impression de tournesols<span class=\"ez-toc-section-end\"><\/span><\/h2>\n\n\n\n<p>Nous en avons parl\u00e9 au d\u00e9but du texte et vous ne l&#039;avez peut-\u00eatre pas tr\u00e8s bien compris. Cependant, sachez que c&#039;est une tendance de looks pour la f\u00eate de juin des ann\u00e9es \u00e0 venir qui est tomb\u00e9e dans le go\u00fbt de plusieurs c\u00e9l\u00e9brit\u00e9s.<\/p>\n\n\n\n<figure class=\"wp-block-image size-full\"><img loading=\"lazy\" decoding=\"async\" width=\"760\" height=\"555\" src=\"https:\/\/danidrops.com.br\/wp-content\/uploads\/2021\/10\/Tendencia-de-Looks-para-Festa-Junina-Look-para-Festa-Junina-com-Estampa-de-Girassois-.jpg\" alt=\"Recherchez Festa Junina avec impression de tournesols\" class=\"wp-image-9966\" title=\"\" srcset=\"https:\/\/danidrops.com.br\/wp-content\/uploads\/2021\/10\/Tendencia-de-Looks-para-Festa-Junina-Look-para-Festa-Junina-com-Estampa-de-Girassois-.jpg 760w, https:\/\/danidrops.com.br\/wp-content\/uploads\/2021\/10\/Tendencia-de-Looks-para-Festa-Junina-Look-para-Festa-Junina-com-Estampa-de-Girassois--300x219.jpg 300w, https:\/\/danidrops.com.br\/wp-content\/uploads\/2021\/10\/Tendencia-de-Looks-para-Festa-Junina-Look-para-Festa-Junina-com-Estampa-de-Girassois--150x110.jpg 150w\" sizes=\"auto, (max-width: 760px) 100vw, 760px\" \/><figcaption class=\"wp-element-caption\">Recherchez Festa Junina avec impression de tournesols<\/figcaption><\/figure>\n\n\n\n<p>C&#039;est parce que le tournesol est une fleur jaune tr\u00e8s intense, qui finit par servir de d\u00e9coration pour toute la f\u00eate. Alors, miser sur cet imprim\u00e9 est tr\u00e8s cool, encore plus dans les robes.<\/p>\n\n\n\n<figure class=\"wp-block-image size-full\"><img loading=\"lazy\" decoding=\"async\" width=\"760\" height=\"555\" src=\"https:\/\/danidrops.com.br\/wp-content\/uploads\/2021\/10\/Look-para-Festa-Junina-com-Estampa-de-Girassois-.jpg\" alt=\"Recherchez Festa Junina avec impression de tournesols\" class=\"wp-image-9983\" title=\"\" srcset=\"https:\/\/danidrops.com.br\/wp-content\/uploads\/2021\/10\/Look-para-Festa-Junina-com-Estampa-de-Girassois-.jpg 760w, https:\/\/danidrops.com.br\/wp-content\/uploads\/2021\/10\/Look-para-Festa-Junina-com-Estampa-de-Girassois--300x219.jpg 300w, https:\/\/danidrops.com.br\/wp-content\/uploads\/2021\/10\/Look-para-Festa-Junina-com-Estampa-de-Girassois--150x110.jpg 150w\" sizes=\"auto, (max-width: 760px) 100vw, 760px\" \/><figcaption class=\"wp-element-caption\">Recherchez Festa Junina avec impression de tournesols<\/figcaption><\/figure>\n\n\n\n<h2 class=\"wp-block-heading\"><span class=\"ez-toc-section\" id=\"Roupas_com_Estampa_Xadrez_de_festa_junina\"><\/span>V\u00eatements avec imprim\u00e9 d&#039;\u00e9checs pour Festa Junina<span class=\"ez-toc-section-end\"><\/span><\/h2>\n\n\n\n<p>Toute tenue avec un imprim\u00e9 \u00e0 carreaux convient \u00e0 une f\u00eate de S\u00e3o Jo\u00e3o, une f\u00eate de juin, une foire ou une f\u00eate qui a \u00e0 voir avec le th\u00e8me rustique. Plus que cela, nous pouvons voir des looks plus modernes.<\/p>\n\n\n\n<figure class=\"wp-block-image size-full\"><img loading=\"lazy\" decoding=\"async\" width=\"760\" height=\"555\" src=\"https:\/\/danidrops.com.br\/wp-content\/uploads\/2021\/10\/Tendencia-de-Looks-para-Festa-Junina-Roupas-com-Estampa-Xadrez-.jpg\" alt=\"V\u00eatements avec imprim\u00e9 \u00e0 carreaux\" class=\"wp-image-9956\" title=\"\" srcset=\"https:\/\/danidrops.com.br\/wp-content\/uploads\/2021\/10\/Tendencia-de-Looks-para-Festa-Junina-Roupas-com-Estampa-Xadrez-.jpg 760w, https:\/\/danidrops.com.br\/wp-content\/uploads\/2021\/10\/Tendencia-de-Looks-para-Festa-Junina-Roupas-com-Estampa-Xadrez--300x219.jpg 300w, https:\/\/danidrops.com.br\/wp-content\/uploads\/2021\/10\/Tendencia-de-Looks-para-Festa-Junina-Roupas-com-Estampa-Xadrez--150x110.jpg 150w\" sizes=\"auto, (max-width: 760px) 100vw, 760px\" \/><figcaption class=\"wp-element-caption\">V\u00eatements avec imprim\u00e9 \u00e0 carreaux<\/figcaption><\/figure>\n\n\n\n<p>Par exemple, une robe \u00e0 carreaux en rouge et noir. Un autre en noir et blanc. Il existe \u00e9galement des salopettes en tissu l\u00e9ger, qui ont des imprim\u00e9s \u00e0 carreaux. Des jupes aussi, ainsi que des hauts et des gilets. En d&#039;autres termes, il y a une mer de possibilit\u00e9s avec cette combinaison.<\/p>\n\n\n\n<figure class=\"wp-block-image size-full\"><img loading=\"lazy\" decoding=\"async\" width=\"760\" height=\"555\" src=\"https:\/\/danidrops.com.br\/wp-content\/uploads\/2021\/10\/Looks-para-Festa-Junina-Roupas-com-Estampa-Xadrez-.jpg\" alt=\"V\u00eatements avec imprim\u00e9 \u00e0 carreaux\" class=\"wp-image-9975\" title=\"\" srcset=\"https:\/\/danidrops.com.br\/wp-content\/uploads\/2021\/10\/Looks-para-Festa-Junina-Roupas-com-Estampa-Xadrez-.jpg 760w, https:\/\/danidrops.com.br\/wp-content\/uploads\/2021\/10\/Looks-para-Festa-Junina-Roupas-com-Estampa-Xadrez--300x219.jpg 300w, https:\/\/danidrops.com.br\/wp-content\/uploads\/2021\/10\/Looks-para-Festa-Junina-Roupas-com-Estampa-Xadrez--150x110.jpg 150w\" sizes=\"auto, (max-width: 760px) 100vw, 760px\" \/><figcaption class=\"wp-element-caption\">V\u00eatements avec imprim\u00e9 \u00e0 carreaux<\/figcaption><\/figure>\n\n\n\n<h2 class=\"wp-block-heading\"><span class=\"ez-toc-section\" id=\"Roupas_com_Estampa_de_Bolinha_poa_de_festa_junina\"><\/span>V\u00eatements avec imprim\u00e9 \u00e0 pois (po\u00e1) pour la f\u00eate de juin<span class=\"ez-toc-section-end\"><\/span><\/h2>\n\n\n\n<p>Les v\u00eatements \u00e0 pois ont toujours \u00e9t\u00e9 une tendance au cours des derni\u00e8res d\u00e9cennies. D\u00e9sormais, il revient avec tout et est \u00e9galement devenu une r\u00e9f\u00e9rence dans le monde des festivals de juin.<\/p>\n\n\n\n<figure class=\"wp-block-image size-full\"><img loading=\"lazy\" decoding=\"async\" width=\"760\" height=\"555\" src=\"https:\/\/danidrops.com.br\/wp-content\/uploads\/2021\/10\/Tendencia-de-Looks-para-Festa-Junina-Roupas-com-Estampa-de-Bolinha-poa-.jpg\" alt=\"V\u00eatements avec imprim\u00e9 \u00e0 pois (po\u00e1)\" class=\"wp-image-9955\" title=\"\" srcset=\"https:\/\/danidrops.com.br\/wp-content\/uploads\/2021\/10\/Tendencia-de-Looks-para-Festa-Junina-Roupas-com-Estampa-de-Bolinha-poa-.jpg 760w, https:\/\/danidrops.com.br\/wp-content\/uploads\/2021\/10\/Tendencia-de-Looks-para-Festa-Junina-Roupas-com-Estampa-de-Bolinha-poa--300x219.jpg 300w, https:\/\/danidrops.com.br\/wp-content\/uploads\/2021\/10\/Tendencia-de-Looks-para-Festa-Junina-Roupas-com-Estampa-de-Bolinha-poa--150x110.jpg 150w\" sizes=\"auto, (max-width: 760px) 100vw, 760px\" \/><figcaption class=\"wp-element-caption\">V\u00eatements avec imprim\u00e9 \u00e0 pois (po\u00e1)<\/figcaption><\/figure>\n\n\n\n<p>Cependant, sortez de votre t\u00eate cette robe qui est toute noire \u00e0 pois blancs. Ici, l&#039;id\u00e9e est de penser \u00e0 un m\u00e9lange de couleurs et d&#039;\u00e9l\u00e9ments. La robe rose avec une ceinture \u00e0 pois. Ou la robe bleu marine \u00e0 pois blancs et j&#039;en passe.<\/p>\n\n\n\n<figure class=\"wp-block-image size-full\"><img loading=\"lazy\" decoding=\"async\" width=\"760\" height=\"555\" src=\"https:\/\/danidrops.com.br\/wp-content\/uploads\/2021\/10\/Looks-para-Festa-Junina-Roupas-com-Estampa-de-Bolinha-poa-.jpg\" alt=\"V\u00eatements avec imprim\u00e9 \u00e0 pois (po\u00e1)\" class=\"wp-image-9974\" title=\"\" srcset=\"https:\/\/danidrops.com.br\/wp-content\/uploads\/2021\/10\/Looks-para-Festa-Junina-Roupas-com-Estampa-de-Bolinha-poa-.jpg 760w, https:\/\/danidrops.com.br\/wp-content\/uploads\/2021\/10\/Looks-para-Festa-Junina-Roupas-com-Estampa-de-Bolinha-poa--300x219.jpg 300w, https:\/\/danidrops.com.br\/wp-content\/uploads\/2021\/10\/Looks-para-Festa-Junina-Roupas-com-Estampa-de-Bolinha-poa--150x110.jpg 150w\" sizes=\"auto, (max-width: 760px) 100vw, 760px\" \/><figcaption class=\"wp-element-caption\">V\u00eatements avec imprim\u00e9 \u00e0 pois (po\u00e1)<\/figcaption><\/figure>\n\n\n\n<h2 class=\"wp-block-heading\"><span class=\"ez-toc-section\" id=\"Look_de_Festa_Junina_com_Shorts_Jeans_e_Camisa_Xadrez\"><\/span>Look Festa Junina avec un short en jean et une chemise \u00e0 carreaux<span class=\"ez-toc-section-end\"><\/span><\/h2>\n\n\n\n<p>Si c&#039;est pour parler d&#039;un look de base pour une f\u00eate de juin, nous arrivons \u00e0 ce point. Sachez que composer un look avec un short en jean et une chemise \u00e0 carreaux est presque certain que vous ne vous tromperez pas.<\/p>\n\n\n\n<figure class=\"wp-block-image size-full\"><img loading=\"lazy\" decoding=\"async\" width=\"760\" height=\"555\" src=\"https:\/\/danidrops.com.br\/wp-content\/uploads\/2021\/10\/Look-para-Festa-Junina-com-Shorts-Jeans-e-Camisa-Xadrez.jpg\" alt=\"Cherchez Festa Junina avec un short en jean et une chemise \u00e0 carreaux\" class=\"wp-image-9985\" title=\"\" srcset=\"https:\/\/danidrops.com.br\/wp-content\/uploads\/2021\/10\/Look-para-Festa-Junina-com-Shorts-Jeans-e-Camisa-Xadrez.jpg 760w, https:\/\/danidrops.com.br\/wp-content\/uploads\/2021\/10\/Look-para-Festa-Junina-com-Shorts-Jeans-e-Camisa-Xadrez-300x219.jpg 300w, https:\/\/danidrops.com.br\/wp-content\/uploads\/2021\/10\/Look-para-Festa-Junina-com-Shorts-Jeans-e-Camisa-Xadrez-150x110.jpg 150w\" sizes=\"auto, (max-width: 760px) 100vw, 760px\" \/><figcaption class=\"wp-element-caption\">Cherchez Festa Junina avec un short en jean et une chemise \u00e0 carreaux<\/figcaption><\/figure>\n\n\n\n<p>Maintenant, un fait curieux est que ce look fait partie de la mode mondiale et pas seulement lors des f\u00eates qui ont lieu en juin, voyez-vous. Vous pouvez m\u00eame aller au club avec cette tenue.<\/p>\n\n\n\n<figure class=\"wp-block-image size-full\"><img loading=\"lazy\" decoding=\"async\" width=\"760\" height=\"555\" src=\"https:\/\/danidrops.com.br\/wp-content\/uploads\/2021\/10\/Tendencia-de-Looks-para-Festa-Junina-Look-para-Festa-Junina-com-Shorts-Jeans-e-Camisa-Xadrez-.jpg\" alt=\"Cherchez Festa Junina avec un short en jean et une chemise \u00e0 carreaux\" class=\"wp-image-9968\" title=\"\" srcset=\"https:\/\/danidrops.com.br\/wp-content\/uploads\/2021\/10\/Tendencia-de-Looks-para-Festa-Junina-Look-para-Festa-Junina-com-Shorts-Jeans-e-Camisa-Xadrez-.jpg 760w, https:\/\/danidrops.com.br\/wp-content\/uploads\/2021\/10\/Tendencia-de-Looks-para-Festa-Junina-Look-para-Festa-Junina-com-Shorts-Jeans-e-Camisa-Xadrez--300x219.jpg 300w, https:\/\/danidrops.com.br\/wp-content\/uploads\/2021\/10\/Tendencia-de-Looks-para-Festa-Junina-Look-para-Festa-Junina-com-Shorts-Jeans-e-Camisa-Xadrez--150x110.jpg 150w\" sizes=\"auto, (max-width: 760px) 100vw, 760px\" \/><figcaption class=\"wp-element-caption\">Cherchez Festa Junina avec un short en jean et une chemise \u00e0 carreaux<\/figcaption><\/figure>\n\n\n\n<h2 class=\"wp-block-heading\"><span class=\"ez-toc-section\" id=\"Look_de_Festa_Junina_de_Macacao\"><\/span>Look Festa Junina en salopette<span class=\"ez-toc-section-end\"><\/span><\/h2>\n\n\n\n<p>La combinaison est devenue l&#039;une des pi\u00e8ces les plus polyvalentes de tous les temps. Pour les hommes, c&#039;est possible, mais moins courant. Pour les femmes, c&#039;est un type de pi\u00e8ce que tout le monde voulait avoir dans sa garde-robe.<\/p>\n\n\n\n<figure class=\"wp-block-image size-full\"><img loading=\"lazy\" decoding=\"async\" width=\"760\" height=\"555\" src=\"https:\/\/danidrops.com.br\/wp-content\/uploads\/2021\/10\/Tendencia-de-Looks-para-Festa-Junina-Look-para-Festa-Junina-de-Macacao-.jpg\" alt=\"Cherchez Festa Junina en combinaison\" class=\"wp-image-9969\" title=\"\" srcset=\"https:\/\/danidrops.com.br\/wp-content\/uploads\/2021\/10\/Tendencia-de-Looks-para-Festa-Junina-Look-para-Festa-Junina-de-Macacao-.jpg 760w, https:\/\/danidrops.com.br\/wp-content\/uploads\/2021\/10\/Tendencia-de-Looks-para-Festa-Junina-Look-para-Festa-Junina-de-Macacao--300x219.jpg 300w, https:\/\/danidrops.com.br\/wp-content\/uploads\/2021\/10\/Tendencia-de-Looks-para-Festa-Junina-Look-para-Festa-Junina-de-Macacao--150x110.jpg 150w\" sizes=\"auto, (max-width: 760px) 100vw, 760px\" \/><figcaption class=\"wp-element-caption\">Cherchez Festa Junina en combinaison<\/figcaption><\/figure>\n\n\n\n<p>Ensuite, il vous suffit de mettre une chemise \u00e0 carreaux en dessous et c&#039;est tout, vous venez de cr\u00e9er un look pour une f\u00eate de juin avec une salopette. La botte peut \u00eatre marron ou noire, haute ou courte.<\/p>\n\n\n\n<figure class=\"wp-block-image size-full\"><img loading=\"lazy\" decoding=\"async\" width=\"760\" height=\"555\" src=\"https:\/\/danidrops.com.br\/wp-content\/uploads\/2021\/10\/Looks-para-Festa-Junina-Look-para-Festa-Junina-de-Macacao-.jpg\" alt=\"Cherchez Festa Junina en combinaison\" class=\"wp-image-9973\" title=\"\" srcset=\"https:\/\/danidrops.com.br\/wp-content\/uploads\/2021\/10\/Looks-para-Festa-Junina-Look-para-Festa-Junina-de-Macacao-.jpg 760w, https:\/\/danidrops.com.br\/wp-content\/uploads\/2021\/10\/Looks-para-Festa-Junina-Look-para-Festa-Junina-de-Macacao--300x219.jpg 300w, https:\/\/danidrops.com.br\/wp-content\/uploads\/2021\/10\/Looks-para-Festa-Junina-Look-para-Festa-Junina-de-Macacao--150x110.jpg 150w\" sizes=\"auto, (max-width: 760px) 100vw, 760px\" \/><figcaption class=\"wp-element-caption\">Cherchez Festa Junina en combinaison<\/figcaption><\/figure>\n\n\n\n<h2 class=\"wp-block-heading\"><span class=\"ez-toc-section\" id=\"Look_de_Festa_Junina_com_Suspensorio\"><\/span>Look Festa Junina avec bretelles<span class=\"ez-toc-section-end\"><\/span><\/h2>\n\n\n\n<p>L&#039;utilisation de bretelles est \u00e9galement courante pour les deux sexes, mais beaucoup plus courante chez les hommes. Soit dit en passant, dans le cas des femmes qui pensent \u00e0 un look pour une f\u00eate de juin avec des bretelles, le truc cool est de voir l&#039;inspiration dans les robes qui ont cet accessoire.<\/p>\n\n\n\n<figure class=\"wp-block-image size-full\"><img loading=\"lazy\" decoding=\"async\" width=\"760\" height=\"555\" src=\"https:\/\/danidrops.com.br\/wp-content\/uploads\/2021\/10\/Tendencia-de-Looks-para-Festa-Junina-Loo-para-Festa-Junina-com-Suspensorio-.jpg\" alt=\"Cherchez Festa Junina avec bretelles\" class=\"wp-image-9954\" title=\"\" srcset=\"https:\/\/danidrops.com.br\/wp-content\/uploads\/2021\/10\/Tendencia-de-Looks-para-Festa-Junina-Loo-para-Festa-Junina-com-Suspensorio-.jpg 760w, https:\/\/danidrops.com.br\/wp-content\/uploads\/2021\/10\/Tendencia-de-Looks-para-Festa-Junina-Loo-para-Festa-Junina-com-Suspensorio--300x219.jpg 300w, https:\/\/danidrops.com.br\/wp-content\/uploads\/2021\/10\/Tendencia-de-Looks-para-Festa-Junina-Loo-para-Festa-Junina-com-Suspensorio--150x110.jpg 150w\" sizes=\"auto, (max-width: 760px) 100vw, 760px\" \/><figcaption class=\"wp-element-caption\">Cherchez Festa Junina avec bretelles<\/figcaption><\/figure>\n\n\n\n<p>En fait, une fois Cleo Pires a eu beaucoup de succ\u00e8s avec une tenue comme celle-ci, dans ce mod\u00e8le. Pour les hommes, il se porte avec une chemise et un pantalon. \u00c7a donne l&#039;id\u00e9e du vintage.<\/p>\n\n\n\n<figure class=\"wp-block-image size-full\"><img loading=\"lazy\" decoding=\"async\" width=\"760\" height=\"555\" src=\"https:\/\/danidrops.com.br\/wp-content\/uploads\/2021\/10\/Look-para-Festa-Junina-com-Suspensorio-.jpg\" alt=\"Cherchez Festa Junina avec bretelles\" class=\"wp-image-9986\" title=\"\" srcset=\"https:\/\/danidrops.com.br\/wp-content\/uploads\/2021\/10\/Look-para-Festa-Junina-com-Suspensorio-.jpg 760w, https:\/\/danidrops.com.br\/wp-content\/uploads\/2021\/10\/Look-para-Festa-Junina-com-Suspensorio--300x219.jpg 300w, https:\/\/danidrops.com.br\/wp-content\/uploads\/2021\/10\/Look-para-Festa-Junina-com-Suspensorio--150x110.jpg 150w\" sizes=\"auto, (max-width: 760px) 100vw, 760px\" \/><figcaption class=\"wp-element-caption\">Cherchez Festa Junina avec bretelles<\/figcaption><\/figure>\n\n\n\n<h2 class=\"wp-block-heading\"><span class=\"ez-toc-section\" id=\"Look_de_Festa_Junina_com_Gravata_Borboleta\"><\/span>Look Festa Junina avec n\u0153ud papillon<span class=\"ez-toc-section-end\"><\/span><\/h2>\n\n\n\n<p>Le n\u0153ud papillon est un charme. Maintenant, si c&#039;est \u00e0 carreaux, c&#039;est encore mieux. Vous pouvez m\u00eame utiliser un arc comme celui-ci sous la forme d&#039;un tournesol, qui est la fleur du festival de juin. Hommes, femmes et enfants appr\u00e9cient toujours l&#039;accessoire.<\/p>\n\n\n\n<figure class=\"wp-block-image size-full\"><img loading=\"lazy\" decoding=\"async\" width=\"760\" height=\"555\" src=\"https:\/\/danidrops.com.br\/wp-content\/uploads\/2021\/10\/Tendencia-de-Looks-para-Festa-Junina-Look-para-Festa-Junina-com-Gravata-Borboleta-.jpg\" alt=\"Cherchez Festa Junina avec noeud papillon\" class=\"wp-image-9967\" title=\"\" srcset=\"https:\/\/danidrops.com.br\/wp-content\/uploads\/2021\/10\/Tendencia-de-Looks-para-Festa-Junina-Look-para-Festa-Junina-com-Gravata-Borboleta-.jpg 760w, https:\/\/danidrops.com.br\/wp-content\/uploads\/2021\/10\/Tendencia-de-Looks-para-Festa-Junina-Look-para-Festa-Junina-com-Gravata-Borboleta--300x219.jpg 300w, https:\/\/danidrops.com.br\/wp-content\/uploads\/2021\/10\/Tendencia-de-Looks-para-Festa-Junina-Look-para-Festa-Junina-com-Gravata-Borboleta--150x110.jpg 150w\" sizes=\"auto, (max-width: 760px) 100vw, 760px\" \/><figcaption class=\"wp-element-caption\">Cherchez Festa Junina avec noeud papillon<\/figcaption><\/figure>\n\n\n\n<p>Une autre chose est de consid\u00e9rer qu&#039;il n&#039;a m\u00eame pas besoin d&#039;\u00eatre combin\u00e9 avec des v\u00eatements. Apr\u00e8s tout, la brega fait aussi partie de la culture caipira, n&#039;est-ce pas ?<\/p>\n\n\n\n<figure class=\"wp-block-image size-full\"><img loading=\"lazy\" decoding=\"async\" width=\"760\" height=\"555\" src=\"https:\/\/danidrops.com.br\/wp-content\/uploads\/2021\/10\/Look-para-Festa-Junina-com-Gravata-Borboleta-.jpg\" alt=\"Cherchez Festa Junina avec noeud papillon\" class=\"wp-image-9984\" title=\"\" srcset=\"https:\/\/danidrops.com.br\/wp-content\/uploads\/2021\/10\/Look-para-Festa-Junina-com-Gravata-Borboleta-.jpg 760w, https:\/\/danidrops.com.br\/wp-content\/uploads\/2021\/10\/Look-para-Festa-Junina-com-Gravata-Borboleta--300x219.jpg 300w, https:\/\/danidrops.com.br\/wp-content\/uploads\/2021\/10\/Look-para-Festa-Junina-com-Gravata-Borboleta--150x110.jpg 150w\" sizes=\"auto, (max-width: 760px) 100vw, 760px\" \/><figcaption class=\"wp-element-caption\">Cherchez Festa Junina avec noeud papillon<\/figcaption><\/figure>\n\n\n\n<h2 class=\"wp-block-heading\"><span class=\"ez-toc-section\" id=\"Look_de_festa_junina_no_frio\"><\/span>Look de f\u00eate de juin dans le froid<span class=\"ez-toc-section-end\"><\/span><\/h2>\n\n\n\n<p>Le look pour la f\u00eate de juin dans le froid est parfait pour ce type de f\u00eate, car les mois de juin et juillet sont assez froids dans certaines r\u00e9gions du pays.<\/p>\n\n\n\n<figure class=\"wp-block-image size-full\"><img loading=\"lazy\" decoding=\"async\" width=\"760\" height=\"555\" src=\"https:\/\/danidrops.com.br\/wp-content\/uploads\/2023\/04\/02-Look-para-festa-junina-no-frio.jpg\" alt=\"\" class=\"wp-image-69714\" title=\"\" srcset=\"https:\/\/danidrops.com.br\/wp-content\/uploads\/2023\/04\/02-Look-para-festa-junina-no-frio.jpg 760w, https:\/\/danidrops.com.br\/wp-content\/uploads\/2023\/04\/02-Look-para-festa-junina-no-frio-300x219.jpg 300w, https:\/\/danidrops.com.br\/wp-content\/uploads\/2023\/04\/02-Look-para-festa-junina-no-frio-16x12.jpg 16w, https:\/\/danidrops.com.br\/wp-content\/uploads\/2023\/04\/02-Look-para-festa-junina-no-frio-150x110.jpg 150w\" sizes=\"auto, (max-width: 760px) 100vw, 760px\" \/><figcaption class=\"wp-element-caption\">Cherchez la f\u00eate de juin dans le froid<\/figcaption><\/figure>\n\n\n\n<p>La plupart du temps, les v\u00eatements sont imprim\u00e9s avec des carreaux et de la flanelle, car ce type de tissu est chaud et \u00e9l\u00e9gant.<\/p>\n\n\n\n<figure class=\"wp-block-image size-full\"><img loading=\"lazy\" decoding=\"async\" width=\"760\" height=\"555\" src=\"https:\/\/danidrops.com.br\/wp-content\/uploads\/2023\/04\/01-Look-para-festa-junina-no-frio.jpg\" alt=\"\" class=\"wp-image-69713\" title=\"\" srcset=\"https:\/\/danidrops.com.br\/wp-content\/uploads\/2023\/04\/01-Look-para-festa-junina-no-frio.jpg 760w, https:\/\/danidrops.com.br\/wp-content\/uploads\/2023\/04\/01-Look-para-festa-junina-no-frio-300x219.jpg 300w, https:\/\/danidrops.com.br\/wp-content\/uploads\/2023\/04\/01-Look-para-festa-junina-no-frio-16x12.jpg 16w, https:\/\/danidrops.com.br\/wp-content\/uploads\/2023\/04\/01-Look-para-festa-junina-no-frio-150x110.jpg 150w\" sizes=\"auto, (max-width: 760px) 100vw, 760px\" \/><figcaption class=\"wp-element-caption\">Cherchez la f\u00eate de juin dans le froid<\/figcaption><\/figure>\n\n\n\n<p>Les pi\u00e8ces les plus utilis\u00e9es sont les chemises habill\u00e9es \u00e0 manches longues, les jupes avec collants, les pantalons d&#039;\u00e9quitation, les bottes courtes, moyennes ou longues, les robes tricot\u00e9es, les cardigans, les \u00e9charpes et bien plus encore.<\/p>\n\n\n\n<h2 class=\"wp-block-heading\"><span class=\"ez-toc-section\" id=\"Look_de_festa_junina_plus_size\"><\/span>look de f\u00eate grande taille<span class=\"ez-toc-section-end\"><\/span><\/h2>\n\n\n\n<p>Le look June party taille plus est une v\u00e9ritable \u0153uvre d&#039;art pour les femmes passionn\u00e9es par ce type d&#039;\u00e9v\u00e9nement.<\/p>\n\n\n\n<figure class=\"wp-block-image size-full\"><img loading=\"lazy\" decoding=\"async\" width=\"760\" height=\"555\" src=\"https:\/\/danidrops.com.br\/wp-content\/uploads\/2023\/04\/04-Look-festa-junina-plus-size.jpg\" alt=\"\" class=\"wp-image-69716\" title=\"\" srcset=\"https:\/\/danidrops.com.br\/wp-content\/uploads\/2023\/04\/04-Look-festa-junina-plus-size.jpg 760w, https:\/\/danidrops.com.br\/wp-content\/uploads\/2023\/04\/04-Look-festa-junina-plus-size-300x219.jpg 300w, https:\/\/danidrops.com.br\/wp-content\/uploads\/2023\/04\/04-Look-festa-junina-plus-size-16x12.jpg 16w, https:\/\/danidrops.com.br\/wp-content\/uploads\/2023\/04\/04-Look-festa-junina-plus-size-150x110.jpg 150w\" sizes=\"auto, (max-width: 760px) 100vw, 760px\" \/><figcaption class=\"wp-element-caption\">look de f\u00eate grande taille<\/figcaption><\/figure>\n\n\n\n<p>Les v\u00eatements sont typiques des f\u00eates et impliquent g\u00e9n\u00e9ralement des pi\u00e8ces l\u00e9g\u00e8rement amples et confortables.<\/p>\n\n\n\n<figure class=\"wp-block-image size-full\"><img loading=\"lazy\" decoding=\"async\" width=\"760\" height=\"555\" src=\"https:\/\/danidrops.com.br\/wp-content\/uploads\/2023\/04\/03-Look-festa-junina-plus-size.jpg\" alt=\"look de f\u00eate grande taille\" class=\"wp-image-69715\" title=\"\" srcset=\"https:\/\/danidrops.com.br\/wp-content\/uploads\/2023\/04\/03-Look-festa-junina-plus-size.jpg 760w, https:\/\/danidrops.com.br\/wp-content\/uploads\/2023\/04\/03-Look-festa-junina-plus-size-300x219.jpg 300w, https:\/\/danidrops.com.br\/wp-content\/uploads\/2023\/04\/03-Look-festa-junina-plus-size-16x12.jpg 16w, https:\/\/danidrops.com.br\/wp-content\/uploads\/2023\/04\/03-Look-festa-junina-plus-size-150x110.jpg 150w\" sizes=\"auto, (max-width: 760px) 100vw, 760px\" \/><figcaption class=\"wp-element-caption\">look de f\u00eate grande taille<\/figcaption><\/figure>\n\n\n\n<p>Les mod\u00e8les les plus choisis par la Festa Junina 2024 pour les mod\u00e8les grandes tailles sont : des robes de diff\u00e9rentes formes, des chemises formelles, des t-shirts, des hauts courts, des jupes, des pantalons, des bottes, des manteaux, des foulards et bien plus encore.<\/p>\n\n\n\n<h2 class=\"wp-block-heading\"><span class=\"ez-toc-section\" id=\"Look_de_festa_junina_moderno\"><\/span>Look de f\u00eate moderne<span class=\"ez-toc-section-end\"><\/span><\/h2>\n\n\n\n<p>Malgr\u00e9 son look classique, le look moderne de Festa Junina est \u00e0 la derni\u00e8re mode. Les pi\u00e8ces utilis\u00e9es dans ce style de mode apportent des v\u00eatements \u00e9l\u00e9gants et diff\u00e9rents des v\u00eatements conventionnels, offrant des looks vraiment charmants.<\/p>\n\n\n\n<figure class=\"wp-block-image size-full\"><img loading=\"lazy\" decoding=\"async\" width=\"760\" height=\"555\" src=\"https:\/\/danidrops.com.br\/wp-content\/uploads\/2023\/04\/05-Look-festa-junina-moderno.jpg\" alt=\"Look de f\u00eate de juin moderne\" class=\"wp-image-69717\" title=\"\" srcset=\"https:\/\/danidrops.com.br\/wp-content\/uploads\/2023\/04\/05-Look-festa-junina-moderno.jpg 760w, https:\/\/danidrops.com.br\/wp-content\/uploads\/2023\/04\/05-Look-festa-junina-moderno-300x219.jpg 300w, https:\/\/danidrops.com.br\/wp-content\/uploads\/2023\/04\/05-Look-festa-junina-moderno-16x12.jpg 16w, https:\/\/danidrops.com.br\/wp-content\/uploads\/2023\/04\/05-Look-festa-junina-moderno-150x110.jpg 150w\" sizes=\"auto, (max-width: 760px) 100vw, 760px\" \/><figcaption class=\"wp-element-caption\">Look de f\u00eate de juin moderne<\/figcaption><\/figure>\n\n\n\n<p>Parmi les pi\u00e8ces modernes les plus utilis\u00e9es dans les looks festifs de juin 2024, on peut citer les salopettes, les jupes \u00e9vas\u00e9es imprim\u00e9es, les jupes et robes pliss\u00e9es, les robes moulantes avec des chemisiers \u00e0 manches longues en dessous, les tailleurs-pantalons et les tailleurs-pantalons.<\/p>\n\n\n\n<figure class=\"wp-block-image size-full\"><img loading=\"lazy\" decoding=\"async\" width=\"760\" height=\"555\" src=\"https:\/\/danidrops.com.br\/wp-content\/uploads\/2023\/04\/06-Look-festa-junina-moderno.jpg\" alt=\"Look de f\u00eate de juin moderne\" class=\"wp-image-69718\" title=\"\" srcset=\"https:\/\/danidrops.com.br\/wp-content\/uploads\/2023\/04\/06-Look-festa-junina-moderno.jpg 760w, https:\/\/danidrops.com.br\/wp-content\/uploads\/2023\/04\/06-Look-festa-junina-moderno-300x219.jpg 300w, https:\/\/danidrops.com.br\/wp-content\/uploads\/2023\/04\/06-Look-festa-junina-moderno-16x12.jpg 16w, https:\/\/danidrops.com.br\/wp-content\/uploads\/2023\/04\/06-Look-festa-junina-moderno-150x110.jpg 150w\" sizes=\"auto, (max-width: 760px) 100vw, 760px\" \/><figcaption class=\"wp-element-caption\">Look de f\u00eate de juin moderne<\/figcaption><\/figure>\n\n\n\n<p>Pour rendre la Festa Junina moderne encore plus \u00e9l\u00e9gante, vous pouvez associer les v\u00eatements \u00e0 divers accessoires tels que des ceintures, des foulards, des bandanas, des bijoux, des sacs \u00e0 main et bien plus encore.<\/p>\n\n\n\n<h2 class=\"wp-block-heading\"><span class=\"ez-toc-section\" id=\"Look_de_festa_junina_com_calca_jeans\"><\/span>Look de f\u00eate de juin avec un jean<span class=\"ez-toc-section-end\"><\/span><\/h2>\n\n\n\n<p>Le look Festa Junina avec un jean est certainement l&#039;un des plus classiques de cet \u00e9v\u00e9nement, car ce type de v\u00eatement se marie avec tout type de chemisier et d&#039;accessoires.<\/p>\n\n\n\n<figure class=\"wp-block-image size-full\"><img loading=\"lazy\" decoding=\"async\" width=\"760\" height=\"555\" src=\"https:\/\/danidrops.com.br\/wp-content\/uploads\/2023\/04\/08-Look-festa-junina-com-calca-jeans.jpg\" alt=\"Look de f\u00eate de juin avec un jean\" class=\"wp-image-69720\" title=\"\" srcset=\"https:\/\/danidrops.com.br\/wp-content\/uploads\/2023\/04\/08-Look-festa-junina-com-calca-jeans.jpg 760w, https:\/\/danidrops.com.br\/wp-content\/uploads\/2023\/04\/08-Look-festa-junina-com-calca-jeans-300x219.jpg 300w, https:\/\/danidrops.com.br\/wp-content\/uploads\/2023\/04\/08-Look-festa-junina-com-calca-jeans-16x12.jpg 16w, https:\/\/danidrops.com.br\/wp-content\/uploads\/2023\/04\/08-Look-festa-junina-com-calca-jeans-150x110.jpg 150w\" sizes=\"auto, (max-width: 760px) 100vw, 760px\" \/><figcaption class=\"wp-element-caption\">Look de f\u00eate de juin avec un jean<\/figcaption><\/figure>\n\n\n\n<p>Les mod\u00e8les de jeans peuvent \u00eatre diversifi\u00e9s comme droits, skinny, d\u00e9truits, flair et bien plus encore.<\/p>\n\n\n\n<p>Vous pouvez porter votre jean dans un magnifique look Festa Junina 2024 avec des bottes d&#039;\u00e9quitation ou de campagne, des ceintures \u00e0 boucle, des chemises \u00e0 carreaux et m\u00eame un beau chapeau.<\/p>\n\n\n\n<figure class=\"wp-block-image size-full\"><img loading=\"lazy\" decoding=\"async\" width=\"760\" height=\"555\" src=\"https:\/\/danidrops.com.br\/wp-content\/uploads\/2023\/04\/07-Look-festa-junina-com-calca-jeans.jpg\" alt=\"Look de f\u00eate de juin avec un jean\" class=\"wp-image-69719\" title=\"\" srcset=\"https:\/\/danidrops.com.br\/wp-content\/uploads\/2023\/04\/07-Look-festa-junina-com-calca-jeans.jpg 760w, https:\/\/danidrops.com.br\/wp-content\/uploads\/2023\/04\/07-Look-festa-junina-com-calca-jeans-300x219.jpg 300w, https:\/\/danidrops.com.br\/wp-content\/uploads\/2023\/04\/07-Look-festa-junina-com-calca-jeans-16x12.jpg 16w, https:\/\/danidrops.com.br\/wp-content\/uploads\/2023\/04\/07-Look-festa-junina-com-calca-jeans-150x110.jpg 150w\" sizes=\"auto, (max-width: 760px) 100vw, 760px\" \/><figcaption class=\"wp-element-caption\">Look de f\u00eate de juin avec un jean<\/figcaption><\/figure>\n\n\n\n<p>Il convient \u00e9galement de rappeler que le pantalon peut \u00eatre de diff\u00e9rentes couleurs, du bleu traditionnel aux couleurs vives et diff\u00e9rentes.<\/p>\n\n\n\n<h2 class=\"wp-block-heading\"><span class=\"ez-toc-section\" id=\"Look_de_festa_junina_com_camisa_jeans\"><\/span>Look de f\u00eate de juin avec une chemise en jean<span class=\"ez-toc-section-end\"><\/span><\/h2>\n\n\n\n<p>Un autre mod\u00e8le vestimentaire \u00e0 ne pas manquer lors de ces \u00e9v\u00e9nements est le look Festa Junina avec une chemise en jean.<\/p>\n\n\n\n<p>Ce type de v\u00eatement a des boutons sur le devant et a g\u00e9n\u00e9ralement des manches longues. Les jeans utilis\u00e9s dans les pi\u00e8ces peuvent \u00eatre d\u00e9lav\u00e9s, clairs ou fonc\u00e9s. Il existe \u00e9galement des mod\u00e8les avec des dessins ou de petites marques effiloch\u00e9es.<\/p>\n\n\n\n<figure class=\"wp-block-image size-full\"><img loading=\"lazy\" decoding=\"async\" width=\"760\" height=\"555\" src=\"https:\/\/danidrops.com.br\/wp-content\/uploads\/2023\/04\/10-Look-festa-junina-com-camisa-jeans.jpg\" alt=\"Look festa junina avec chemise en jean\" class=\"wp-image-69700\" title=\"\" srcset=\"https:\/\/danidrops.com.br\/wp-content\/uploads\/2023\/04\/10-Look-festa-junina-com-camisa-jeans.jpg 760w, https:\/\/danidrops.com.br\/wp-content\/uploads\/2023\/04\/10-Look-festa-junina-com-camisa-jeans-300x219.jpg 300w, https:\/\/danidrops.com.br\/wp-content\/uploads\/2023\/04\/10-Look-festa-junina-com-camisa-jeans-16x12.jpg 16w, https:\/\/danidrops.com.br\/wp-content\/uploads\/2023\/04\/10-Look-festa-junina-com-camisa-jeans-150x110.jpg 150w\" sizes=\"auto, (max-width: 760px) 100vw, 760px\" \/><figcaption class=\"wp-element-caption\">Look festa junina avec chemise en jean<\/figcaption><\/figure>\n\n\n\n<p>Pour composer un look Festa Junina 2024 avec une chemise en jean, vous aurez besoin d&#039;un jean ou d&#039;un jean, d&#039;\u00e9charpes, de bottes et d&#039;autres accessoires que vous jugerez n\u00e9cessaires.<\/p>\n\n\n\n<figure class=\"wp-block-image size-full\"><img loading=\"lazy\" decoding=\"async\" width=\"760\" height=\"555\" src=\"https:\/\/danidrops.com.br\/wp-content\/uploads\/2023\/04\/09-Look-festa-junina-com-camisa-jeans.jpg\" alt=\"Look festa junina avec chemise en jean\" class=\"wp-image-69699\" title=\"\" srcset=\"https:\/\/danidrops.com.br\/wp-content\/uploads\/2023\/04\/09-Look-festa-junina-com-camisa-jeans.jpg 760w, https:\/\/danidrops.com.br\/wp-content\/uploads\/2023\/04\/09-Look-festa-junina-com-camisa-jeans-300x219.jpg 300w, https:\/\/danidrops.com.br\/wp-content\/uploads\/2023\/04\/09-Look-festa-junina-com-camisa-jeans-16x12.jpg 16w, https:\/\/danidrops.com.br\/wp-content\/uploads\/2023\/04\/09-Look-festa-junina-com-camisa-jeans-150x110.jpg 150w\" sizes=\"auto, (max-width: 760px) 100vw, 760px\" \/><figcaption class=\"wp-element-caption\">Look festa junina avec chemise en jean<\/figcaption><\/figure>\n\n\n\n<h2 class=\"wp-block-heading\"><span class=\"ez-toc-section\" id=\"Look_de_festa_junina_com_saia_jeans\"><\/span>Look de f\u00eate de juin avec une jupe en jean<span class=\"ez-toc-section-end\"><\/span><\/h2>\n\n\n\n<p>Pour composer un look festa junina avec une jupe en jean, vous aurez besoin de quelques pi\u00e8ces cl\u00e9s dans votre garde-robe.<\/p>\n\n\n\n<figure class=\"wp-block-image size-full\"><img loading=\"lazy\" decoding=\"async\" width=\"760\" height=\"555\" src=\"https:\/\/danidrops.com.br\/wp-content\/uploads\/2023\/04\/12-Look-festa-junina-com-saia-jeans.jpg\" alt=\"Look Festa junina avec jupe en jean\" class=\"wp-image-69702\" title=\"\" srcset=\"https:\/\/danidrops.com.br\/wp-content\/uploads\/2023\/04\/12-Look-festa-junina-com-saia-jeans.jpg 760w, https:\/\/danidrops.com.br\/wp-content\/uploads\/2023\/04\/12-Look-festa-junina-com-saia-jeans-300x219.jpg 300w, https:\/\/danidrops.com.br\/wp-content\/uploads\/2023\/04\/12-Look-festa-junina-com-saia-jeans-16x12.jpg 16w, https:\/\/danidrops.com.br\/wp-content\/uploads\/2023\/04\/12-Look-festa-junina-com-saia-jeans-150x110.jpg 150w\" sizes=\"auto, (max-width: 760px) 100vw, 760px\" \/><figcaption class=\"wp-element-caption\">Look Festa junina avec jupe en jean<\/figcaption><\/figure>\n\n\n\n<p>L&#039;un des principaux choix chez les femmes sont les jupes en jean moulantes avec des ceintures et des chemisiers larges, courts ou des combinaisons.<\/p>\n\n\n\n<figure class=\"wp-block-image size-full\"><img loading=\"lazy\" decoding=\"async\" width=\"760\" height=\"555\" src=\"https:\/\/danidrops.com.br\/wp-content\/uploads\/2023\/04\/11-Look-festa-junina-com-saia-jeans.jpg\" alt=\"Look Festa junina avec jupe en jean\" class=\"wp-image-69701\" title=\"\" srcset=\"https:\/\/danidrops.com.br\/wp-content\/uploads\/2023\/04\/11-Look-festa-junina-com-saia-jeans.jpg 760w, https:\/\/danidrops.com.br\/wp-content\/uploads\/2023\/04\/11-Look-festa-junina-com-saia-jeans-300x219.jpg 300w, https:\/\/danidrops.com.br\/wp-content\/uploads\/2023\/04\/11-Look-festa-junina-com-saia-jeans-16x12.jpg 16w, https:\/\/danidrops.com.br\/wp-content\/uploads\/2023\/04\/11-Look-festa-junina-com-saia-jeans-150x110.jpg 150w\" sizes=\"auto, (max-width: 760px) 100vw, 760px\" \/><figcaption class=\"wp-element-caption\">Look Festa junina avec jupe en jean<\/figcaption><\/figure>\n\n\n\n<p>Vous pouvez \u00e9galement moderniser le look Festa Junina 2024 avec des vestes, des kimonos et des cardigans qui ajoutent une touche de raffinement et de sophistication au look.<\/p>\n\n\n\n<h2 class=\"wp-block-heading\"><span class=\"ez-toc-section\" id=\"Look_de_festa_junina_chique\"><\/span>look de f\u00eate chic de juin<span class=\"ez-toc-section-end\"><\/span><\/h2>\n\n\n\n<p>Si vous voulez un look festa junina chic, optez pour des pi\u00e8ces raffin\u00e9es et modernes, avec des tissus cors\u00e9s et de bonne qualit\u00e9.<\/p>\n\n\n\n<figure class=\"wp-block-image size-full\"><img loading=\"lazy\" decoding=\"async\" width=\"760\" height=\"555\" src=\"https:\/\/danidrops.com.br\/wp-content\/uploads\/2023\/04\/14-Look-festa-junina-chique.jpg\" alt=\"look de f\u00eate chic de juin\" class=\"wp-image-69704\" title=\"\" srcset=\"https:\/\/danidrops.com.br\/wp-content\/uploads\/2023\/04\/14-Look-festa-junina-chique.jpg 760w, https:\/\/danidrops.com.br\/wp-content\/uploads\/2023\/04\/14-Look-festa-junina-chique-300x219.jpg 300w, https:\/\/danidrops.com.br\/wp-content\/uploads\/2023\/04\/14-Look-festa-junina-chique-16x12.jpg 16w, https:\/\/danidrops.com.br\/wp-content\/uploads\/2023\/04\/14-Look-festa-junina-chique-150x110.jpg 150w\" sizes=\"auto, (max-width: 760px) 100vw, 760px\" \/><figcaption class=\"wp-element-caption\">look de f\u00eate chic de juin<\/figcaption><\/figure>\n\n\n\n<p>Parmi les mod\u00e8les de v\u00eatements chics les plus utilis\u00e9s lors des festivit\u00e9s de juin figurent les salopettes \u00e0 imprim\u00e9 \u00e0 carreaux, les robes midi \u00e9galement \u00e0 carreaux et les costumes\/ensembles imprim\u00e9s.<\/p>\n\n\n\n<figure class=\"wp-block-image size-full\"><img loading=\"lazy\" decoding=\"async\" width=\"760\" height=\"555\" src=\"https:\/\/danidrops.com.br\/wp-content\/uploads\/2023\/04\/13-Look-festa-junina-chique.jpg\" alt=\"look de f\u00eate chic de juin\" class=\"wp-image-69703\" title=\"\" srcset=\"https:\/\/danidrops.com.br\/wp-content\/uploads\/2023\/04\/13-Look-festa-junina-chique.jpg 760w, https:\/\/danidrops.com.br\/wp-content\/uploads\/2023\/04\/13-Look-festa-junina-chique-300x219.jpg 300w, https:\/\/danidrops.com.br\/wp-content\/uploads\/2023\/04\/13-Look-festa-junina-chique-16x12.jpg 16w, https:\/\/danidrops.com.br\/wp-content\/uploads\/2023\/04\/13-Look-festa-junina-chique-150x110.jpg 150w\" sizes=\"auto, (max-width: 760px) 100vw, 760px\" \/><figcaption class=\"wp-element-caption\">look de f\u00eate chic de juin<\/figcaption><\/figure>\n\n\n\n<p>De plus, certaines pi\u00e8ces sur mesure sont \u00e9galement les bienvenues dans ce type de look Festa Junina 2024, car elles mod\u00e9lisent parfaitement le corps f\u00e9minin.<\/p>\n\n\n\n<h2 class=\"wp-block-heading\"><span class=\"ez-toc-section\" id=\"Look_de_festa_junina_monocromatico\"><\/span>Look de f\u00eate monochrome<span class=\"ez-toc-section-end\"><\/span><\/h2>\n\n\n\n<p>Bien que de nombreuses personnes associent les f\u00eates de juin \u00e0 une vari\u00e9t\u00e9 de couleurs et d&#039;imprim\u00e9s, vous pouvez cr\u00e9er un magnifique look monochromatique Festa Junina.<\/p>\n\n\n\n<figure class=\"wp-block-image size-full\"><img loading=\"lazy\" decoding=\"async\" width=\"760\" height=\"555\" src=\"https:\/\/danidrops.com.br\/wp-content\/uploads\/2023\/04\/16-Look-festa-junina-monocromatico.jpg\" alt=\"Look de f\u00eate de juin monochromatique\" class=\"wp-image-69706\" title=\"\" srcset=\"https:\/\/danidrops.com.br\/wp-content\/uploads\/2023\/04\/16-Look-festa-junina-monocromatico.jpg 760w, https:\/\/danidrops.com.br\/wp-content\/uploads\/2023\/04\/16-Look-festa-junina-monocromatico-300x219.jpg 300w, https:\/\/danidrops.com.br\/wp-content\/uploads\/2023\/04\/16-Look-festa-junina-monocromatico-16x12.jpg 16w, https:\/\/danidrops.com.br\/wp-content\/uploads\/2023\/04\/16-Look-festa-junina-monocromatico-150x110.jpg 150w\" sizes=\"auto, (max-width: 760px) 100vw, 760px\" \/><figcaption class=\"wp-element-caption\">Look de f\u00eate de juin monochromatique<\/figcaption><\/figure>\n\n\n\n<p>Choisir une seule couleur pour assembler votre look a \u00e9t\u00e9 un gros pari dans les concepts de mode actuels.<\/p>\n\n\n\n<figure class=\"wp-block-image size-full\"><img loading=\"lazy\" decoding=\"async\" width=\"760\" height=\"555\" src=\"https:\/\/danidrops.com.br\/wp-content\/uploads\/2023\/04\/15-Look-festa-junina-monocromatico.jpg\" alt=\"Look de f\u00eate de juin monochromatique\" class=\"wp-image-69705\" title=\"\" srcset=\"https:\/\/danidrops.com.br\/wp-content\/uploads\/2023\/04\/15-Look-festa-junina-monocromatico.jpg 760w, https:\/\/danidrops.com.br\/wp-content\/uploads\/2023\/04\/15-Look-festa-junina-monocromatico-300x219.jpg 300w, https:\/\/danidrops.com.br\/wp-content\/uploads\/2023\/04\/15-Look-festa-junina-monocromatico-16x12.jpg 16w, https:\/\/danidrops.com.br\/wp-content\/uploads\/2023\/04\/15-Look-festa-junina-monocromatico-150x110.jpg 150w\" sizes=\"auto, (max-width: 760px) 100vw, 760px\" \/><figcaption class=\"wp-element-caption\">Look de f\u00eate de juin monochromatique<\/figcaption><\/figure>\n\n\n\n<p>Pour cr\u00e9er un look Festa Junina 2024, vous pouvez oser combiner les couleurs noir, blanc, rouge et bleu, qui sont des couleurs typiques de cette p\u00e9riode de l&#039;ann\u00e9e.<\/p>\n\n\n\n<h2 class=\"wp-block-heading\"><span class=\"ez-toc-section\" id=\"look_de_festa_junina_para_bebe\"><\/span>look de f\u00eate de b\u00e9b\u00e9<span class=\"ez-toc-section-end\"><\/span><\/h2>\n\n\n\n<p>Les b\u00e9b\u00e9s peuvent \u00e9galement faire partie des f\u00eates les plus anim\u00e9es de l&#039;ann\u00e9e et une tenue de baby shower parfaite est certainement des imprim\u00e9s \u00e0 carreaux.<\/p>\n\n\n\n<figure class=\"wp-block-image size-full\"><img loading=\"lazy\" decoding=\"async\" width=\"760\" height=\"555\" src=\"https:\/\/danidrops.com.br\/wp-content\/uploads\/2023\/04\/18-Roupa-de-festa-junina-para-bebe.jpg\" alt=\"v\u00eatements de f\u00eate de b\u00e9b\u00e9\" class=\"wp-image-69708\" title=\"\" srcset=\"https:\/\/danidrops.com.br\/wp-content\/uploads\/2023\/04\/18-Roupa-de-festa-junina-para-bebe.jpg 760w, https:\/\/danidrops.com.br\/wp-content\/uploads\/2023\/04\/18-Roupa-de-festa-junina-para-bebe-300x219.jpg 300w, https:\/\/danidrops.com.br\/wp-content\/uploads\/2023\/04\/18-Roupa-de-festa-junina-para-bebe-16x12.jpg 16w, https:\/\/danidrops.com.br\/wp-content\/uploads\/2023\/04\/18-Roupa-de-festa-junina-para-bebe-150x110.jpg 150w\" sizes=\"auto, (max-width: 760px) 100vw, 760px\" \/><figcaption class=\"wp-element-caption\">v\u00eatements de f\u00eate de b\u00e9b\u00e9<\/figcaption><\/figure>\n\n\n\n<p>Pour les filles, les robes et les combinaisons avec des jupes sont superbes, surtout lorsqu&#039;elles sont accompagn\u00e9es de nattes et d&#039;arcs color\u00e9s et accrocheurs. Du c\u00f4t\u00e9 des gar\u00e7ons, l&#039;ensemble classique jean patch\u00e9 et chemise \u00e0 carreaux avec chapeau de paille s&#039;impose.<\/p>\n\n\n\n<figure class=\"wp-block-image size-full\"><img loading=\"lazy\" decoding=\"async\" width=\"760\" height=\"555\" src=\"https:\/\/danidrops.com.br\/wp-content\/uploads\/2023\/04\/17-Roupa-de-festa-junina-para-bebe.jpg\" alt=\"v\u00eatements de f\u00eate de b\u00e9b\u00e9\" class=\"wp-image-69707\" title=\"\" srcset=\"https:\/\/danidrops.com.br\/wp-content\/uploads\/2023\/04\/17-Roupa-de-festa-junina-para-bebe.jpg 760w, https:\/\/danidrops.com.br\/wp-content\/uploads\/2023\/04\/17-Roupa-de-festa-junina-para-bebe-300x219.jpg 300w, https:\/\/danidrops.com.br\/wp-content\/uploads\/2023\/04\/17-Roupa-de-festa-junina-para-bebe-16x12.jpg 16w, https:\/\/danidrops.com.br\/wp-content\/uploads\/2023\/04\/17-Roupa-de-festa-junina-para-bebe-150x110.jpg 150w\" sizes=\"auto, (max-width: 760px) 100vw, 760px\" \/><figcaption class=\"wp-element-caption\">v\u00eatements de f\u00eate de b\u00e9b\u00e9<\/figcaption><\/figure>\n\n\n\n<p>Aux pieds rien de mieux qu&#039;une botte ou une botte et pour le maquillage investissez dans les cro\u00fbtes sur le visage f\u00e9minin et la moustache et les sourcils \u00e9pais pour les gar\u00e7ons.<\/p>\n\n\n\n<h2 class=\"wp-block-heading\"><span class=\"ez-toc-section\" id=\"Look_de_festa_junina_de_noiva\"><\/span>look de f\u00eate de mariage<span class=\"ez-toc-section-end\"><\/span><\/h2>\n\n\n\n<p>Chaque f\u00eate de juin a une mari\u00e9e \u00e0 l&#039;occasion du mariage redneck et la tenue de f\u00eate de juin de la mari\u00e9e est g\u00e9n\u00e9ralement flashy et joyeuse.<\/p>\n\n\n\n<figure class=\"wp-block-image size-full\"><img loading=\"lazy\" decoding=\"async\" width=\"760\" height=\"555\" src=\"https:\/\/danidrops.com.br\/wp-content\/uploads\/2023\/04\/20-Roupa-de-festa-junina-de-noiva.jpg\" alt=\"tenue de f\u00eate de mariage\" class=\"wp-image-69710\" title=\"\" srcset=\"https:\/\/danidrops.com.br\/wp-content\/uploads\/2023\/04\/20-Roupa-de-festa-junina-de-noiva.jpg 760w, https:\/\/danidrops.com.br\/wp-content\/uploads\/2023\/04\/20-Roupa-de-festa-junina-de-noiva-300x219.jpg 300w, https:\/\/danidrops.com.br\/wp-content\/uploads\/2023\/04\/20-Roupa-de-festa-junina-de-noiva-16x12.jpg 16w, https:\/\/danidrops.com.br\/wp-content\/uploads\/2023\/04\/20-Roupa-de-festa-junina-de-noiva-150x110.jpg 150w\" sizes=\"auto, (max-width: 760px) 100vw, 760px\" \/><figcaption class=\"wp-element-caption\">tenue de f\u00eate de mariage<\/figcaption><\/figure>\n\n\n\n<p>En g\u00e9n\u00e9ral, les femmes portent souvent des robes courtes blanches d\u00e9cor\u00e9es de mani\u00e8re extravagante avec de la dentelle color\u00e9e, des rubans de satin, des fleurs telles que des tournesols, des roses et des \u0153illets, et bien plus encore.<\/p>\n\n\n\n<figure class=\"wp-block-image size-full\"><img loading=\"lazy\" decoding=\"async\" width=\"760\" height=\"555\" src=\"https:\/\/danidrops.com.br\/wp-content\/uploads\/2023\/04\/19-Roupa-de-festa-junina-de-noiva.jpg\" alt=\"tenue de f\u00eate de mariage\" class=\"wp-image-69709\" title=\"\" srcset=\"https:\/\/danidrops.com.br\/wp-content\/uploads\/2023\/04\/19-Roupa-de-festa-junina-de-noiva.jpg 760w, https:\/\/danidrops.com.br\/wp-content\/uploads\/2023\/04\/19-Roupa-de-festa-junina-de-noiva-300x219.jpg 300w, https:\/\/danidrops.com.br\/wp-content\/uploads\/2023\/04\/19-Roupa-de-festa-junina-de-noiva-16x12.jpg 16w, https:\/\/danidrops.com.br\/wp-content\/uploads\/2023\/04\/19-Roupa-de-festa-junina-de-noiva-150x110.jpg 150w\" sizes=\"auto, (max-width: 760px) 100vw, 760px\" \/><figcaption class=\"wp-element-caption\">tenue de f\u00eate de mariage<\/figcaption><\/figure>\n\n\n\n<p>De plus, la tenue de f\u00eate de juin 2024 pour la mari\u00e9e comprend \u00e9galement un voile, des bas de soie, un bouquet de fleurs color\u00e9 et la coiffure classique en nattes.<\/p>\n\n\n\n<h2 class=\"wp-block-heading\"><span class=\"ez-toc-section\" id=\"Look_de_festa_junina_de_noivo\"><\/span>Look de f\u00eate de juin du mari\u00e9<span class=\"ez-toc-section-end\"><\/span><\/h2>\n\n\n\n<p>La tenue de f\u00eate de juin du mari\u00e9 est encore plus extravagante, car les pi\u00e8ces sont d\u00e9connect\u00e9es et avec le fameux look hillbilly.<\/p>\n\n\n\n<figure class=\"wp-block-image size-full\"><img loading=\"lazy\" decoding=\"async\" width=\"760\" height=\"555\" src=\"https:\/\/danidrops.com.br\/wp-content\/uploads\/2023\/04\/22-Roupa-de-festa-junina-de-noivo.jpg\" alt=\"tenue de f\u00eate du mari\u00e9\" class=\"wp-image-69712\" title=\"\" srcset=\"https:\/\/danidrops.com.br\/wp-content\/uploads\/2023\/04\/22-Roupa-de-festa-junina-de-noivo.jpg 760w, https:\/\/danidrops.com.br\/wp-content\/uploads\/2023\/04\/22-Roupa-de-festa-junina-de-noivo-300x219.jpg 300w, https:\/\/danidrops.com.br\/wp-content\/uploads\/2023\/04\/22-Roupa-de-festa-junina-de-noivo-16x12.jpg 16w, https:\/\/danidrops.com.br\/wp-content\/uploads\/2023\/04\/22-Roupa-de-festa-junina-de-noivo-150x110.jpg 150w\" sizes=\"auto, (max-width: 760px) 100vw, 760px\" \/><figcaption class=\"wp-element-caption\">tenue de f\u00eate du mari\u00e9<\/figcaption><\/figure>\n\n\n\n<p>Jean rapi\u00e9c\u00e9 de patchwork color\u00e9, chemise \u00e0 carreaux, cravate large et color\u00e9e, bottes, veste d\u00e9cor\u00e9e, chapeau de paille, moustache et sourcils larges sont le grand diff\u00e9rentiel des mari\u00e9s aux festivit\u00e9s de juin.<\/p>\n\n\n\n<figure class=\"wp-block-image size-full\"><img loading=\"lazy\" decoding=\"async\" width=\"760\" height=\"555\" src=\"https:\/\/danidrops.com.br\/wp-content\/uploads\/2023\/04\/21-Roupa-de-festa-junina-de-noivo.jpg\" alt=\"tenue de f\u00eate du mari\u00e9\" class=\"wp-image-69711\" title=\"\" srcset=\"https:\/\/danidrops.com.br\/wp-content\/uploads\/2023\/04\/21-Roupa-de-festa-junina-de-noivo.jpg 760w, https:\/\/danidrops.com.br\/wp-content\/uploads\/2023\/04\/21-Roupa-de-festa-junina-de-noivo-300x219.jpg 300w, https:\/\/danidrops.com.br\/wp-content\/uploads\/2023\/04\/21-Roupa-de-festa-junina-de-noivo-16x12.jpg 16w, https:\/\/danidrops.com.br\/wp-content\/uploads\/2023\/04\/21-Roupa-de-festa-junina-de-noivo-150x110.jpg 150w\" sizes=\"auto, (max-width: 760px) 100vw, 760px\" \/><figcaption class=\"wp-element-caption\">tenue de f\u00eate du mari\u00e9<\/figcaption><\/figure>\n\n\n\n<p>M\u00eame si cela semble compliqu\u00e9, la tenue de f\u00eate de juin 2024 est tr\u00e8s polyvalente et facile \u00e0 r\u00e9aliser car elle n\u00e9cessite des pi\u00e8ces basiques d\u00e9j\u00e0 pr\u00e9sentes dans notre garde-robe.<\/p>\n\n\n\n<h2 class=\"wp-block-heading\"><span class=\"ez-toc-section\" id=\"Bonus_Looks_de_festa_junina_com_estampa_Tie_Dye\"><\/span>Bonus : looks de f\u00eate de juin avec imprim\u00e9 tie-dye<span class=\"ez-toc-section-end\"><\/span><\/h2>\n\n\n\n<p>Pour clore le texte, saviez-vous que la mode tie and dye est \u00e9galement arriv\u00e9e \u00e0 la Festa de S\u00e3o Jo\u00e3o ? Fait int\u00e9ressant, cette technique orientale et color\u00e9e est aussi un moyen de rendre la f\u00eate de juin beaucoup plus moderne. Et vous pouvez penser \u00e0 plusieurs looks diff\u00e9rents.<\/p>\n\n\n\n<figure class=\"wp-block-image size-full\"><img loading=\"lazy\" decoding=\"async\" width=\"760\" height=\"555\" src=\"https:\/\/danidrops.com.br\/wp-content\/uploads\/2023\/04\/23-Bonus-Tie-Dye-para-Festa-Junina.jpg\" alt=\"Bonus : Tie Dye pour Festa Junina\" class=\"wp-image-69745\" title=\"\" srcset=\"https:\/\/danidrops.com.br\/wp-content\/uploads\/2023\/04\/23-Bonus-Tie-Dye-para-Festa-Junina.jpg 760w, https:\/\/danidrops.com.br\/wp-content\/uploads\/2023\/04\/23-Bonus-Tie-Dye-para-Festa-Junina-300x219.jpg 300w, https:\/\/danidrops.com.br\/wp-content\/uploads\/2023\/04\/23-Bonus-Tie-Dye-para-Festa-Junina-16x12.jpg 16w, https:\/\/danidrops.com.br\/wp-content\/uploads\/2023\/04\/23-Bonus-Tie-Dye-para-Festa-Junina-150x110.jpg 150w\" sizes=\"auto, (max-width: 760px) 100vw, 760px\" \/><figcaption class=\"wp-element-caption\">Bonus : Tie Dye pour Festa Junina<\/figcaption><\/figure>\n\n\n\n<p>Cette robe blanche courte peut passer par ce processus et devenir une v\u00e9ritable \u0153uvre d&#039;art pour cet \u00e9v\u00e9nement. Il en va de m\u00eame pour les t-shirts et les jeans. \u00c0 ce stade, il convient de faire preuve de cr\u00e9ativit\u00e9 pour cr\u00e9er un costume unique.<\/p>\n\n\n\n<h2 class=\"wp-block-heading\"><span class=\"ez-toc-section\" id=\"Vestidos_de_festa_junina_infantil\"><\/span>robes de soir\u00e9e pour enfants<span class=\"ez-toc-section-end\"><\/span><\/h2>\n\n\n\n<p>Les robes de soir\u00e9e pour enfants de juin sont un grand spectacle pour leurs couleurs gaies et leurs mod\u00e8les diff\u00e9rents et uniques.<\/p>\n\n\n\n<figure class=\"wp-block-image size-full\"><img loading=\"lazy\" decoding=\"async\" width=\"760\" height=\"555\" src=\"https:\/\/danidrops.com.br\/wp-content\/uploads\/2023\/05\/02-vestidos-de-festa-junina-infantil.jpg\" alt=\"robes de soir\u00e9e pour enfants\" class=\"wp-image-73832\" title=\"\" srcset=\"https:\/\/danidrops.com.br\/wp-content\/uploads\/2023\/05\/02-vestidos-de-festa-junina-infantil.jpg 760w, https:\/\/danidrops.com.br\/wp-content\/uploads\/2023\/05\/02-vestidos-de-festa-junina-infantil-300x219.jpg 300w, https:\/\/danidrops.com.br\/wp-content\/uploads\/2023\/05\/02-vestidos-de-festa-junina-infantil-16x12.jpg 16w, https:\/\/danidrops.com.br\/wp-content\/uploads\/2023\/05\/02-vestidos-de-festa-junina-infantil-150x110.jpg 150w\" sizes=\"auto, (max-width: 760px) 100vw, 760px\" \/><figcaption class=\"wp-element-caption\">robes de soir\u00e9e pour enfants<\/figcaption><\/figure>\n\n\n\n<p>Ils peuvent avoir des imprim\u00e9s \u00e0 carreaux, ray\u00e9s, floraux et autres. De plus, ils contiennent des d\u00e9tails en rubans color\u00e9s, des applications de fleurs et des n\u0153uds pour rendre le look encore plus beau.<\/p>\n\n\n\n<figure class=\"wp-block-image size-full\"><img loading=\"lazy\" decoding=\"async\" width=\"760\" height=\"555\" src=\"https:\/\/danidrops.com.br\/wp-content\/uploads\/2023\/05\/01-vestidos-de-festa-junina-infantil.jpg\" alt=\"robes de soir\u00e9e pour enfants\" class=\"wp-image-73831\" title=\"\" srcset=\"https:\/\/danidrops.com.br\/wp-content\/uploads\/2023\/05\/01-vestidos-de-festa-junina-infantil.jpg 760w, https:\/\/danidrops.com.br\/wp-content\/uploads\/2023\/05\/01-vestidos-de-festa-junina-infantil-300x219.jpg 300w, https:\/\/danidrops.com.br\/wp-content\/uploads\/2023\/05\/01-vestidos-de-festa-junina-infantil-16x12.jpg 16w, https:\/\/danidrops.com.br\/wp-content\/uploads\/2023\/05\/01-vestidos-de-festa-junina-infantil-150x110.jpg 150w\" sizes=\"auto, (max-width: 760px) 100vw, 760px\" \/><figcaption class=\"wp-element-caption\">robes de soir\u00e9e pour enfants<\/figcaption><\/figure>\n\n\n\n<p>Les robes et v\u00eatements de la Festa Junina 2024 comportent des jupes amples et volumineuses avec des d\u00e9tails extravagants et tr\u00e8s amusants.<\/p>\n\n\n\n<h2 class=\"wp-block-heading\"><span class=\"ez-toc-section\" id=\"Roupas_festa_junina_infantil\"><\/span>v\u00eatements de f\u00eate pour enfants<span class=\"ez-toc-section-end\"><\/span><\/h2>\n\n\n\n<p>Les v\u00eatements de f\u00eate pour enfants de juin peuvent \u00eatre utilis\u00e9s pour danser ou simplement pour aller \u00e0 la f\u00eate la plus anim\u00e9e du Br\u00e9sil.<\/p>\n\n\n\n<figure class=\"wp-block-image size-full\"><img loading=\"lazy\" decoding=\"async\" width=\"760\" height=\"555\" src=\"https:\/\/danidrops.com.br\/wp-content\/uploads\/2023\/05\/04-roupas-festa-junina-infantil.jpg\" alt=\"v\u00eatements de f\u00eate pour enfants\" class=\"wp-image-73834\" title=\"\" srcset=\"https:\/\/danidrops.com.br\/wp-content\/uploads\/2023\/05\/04-roupas-festa-junina-infantil.jpg 760w, https:\/\/danidrops.com.br\/wp-content\/uploads\/2023\/05\/04-roupas-festa-junina-infantil-300x219.jpg 300w, https:\/\/danidrops.com.br\/wp-content\/uploads\/2023\/05\/04-roupas-festa-junina-infantil-16x12.jpg 16w, https:\/\/danidrops.com.br\/wp-content\/uploads\/2023\/05\/04-roupas-festa-junina-infantil-150x110.jpg 150w\" sizes=\"auto, (max-width: 760px) 100vw, 760px\" \/><figcaption class=\"wp-element-caption\">v\u00eatements de f\u00eate pour enfants<\/figcaption><\/figure>\n\n\n\n<p>Les v\u00eatements de danse sont typiques et ont des d\u00e9tails color\u00e9s et saisissants tels que des rubans de satin, des fleurs et de grands n\u0153uds.<\/p>\n\n\n\n<p>M\u00eame si vous ne dansez pas, habiller l&#039;enfant en costume est un gros plus.<\/p>\n\n\n\n<figure class=\"wp-block-image size-full\"><img loading=\"lazy\" decoding=\"async\" width=\"760\" height=\"555\" src=\"https:\/\/danidrops.com.br\/wp-content\/uploads\/2023\/05\/03-roupas-festa-junina-infantil.jpg\" alt=\"v\u00eatements de f\u00eate pour enfants\" class=\"wp-image-73833\" title=\"\" srcset=\"https:\/\/danidrops.com.br\/wp-content\/uploads\/2023\/05\/03-roupas-festa-junina-infantil.jpg 760w, https:\/\/danidrops.com.br\/wp-content\/uploads\/2023\/05\/03-roupas-festa-junina-infantil-300x219.jpg 300w, https:\/\/danidrops.com.br\/wp-content\/uploads\/2023\/05\/03-roupas-festa-junina-infantil-16x12.jpg 16w, https:\/\/danidrops.com.br\/wp-content\/uploads\/2023\/05\/03-roupas-festa-junina-infantil-150x110.jpg 150w\" sizes=\"auto, (max-width: 760px) 100vw, 760px\" \/><figcaption class=\"wp-element-caption\">v\u00eatements de f\u00eate pour enfants<\/figcaption><\/figure>\n\n\n\n<p>Les pi\u00e8ces aux imprim\u00e9s carreaux color\u00e9s sont tr\u00e8s belles, ainsi que les fameuses combinaisons de looks country.<\/p>\n\n\n\n<h2 class=\"wp-block-heading\"><span class=\"ez-toc-section\" id=\"Roupa_caipira_improvisada\"><\/span>tenue de plouc improvis\u00e9e<span class=\"ez-toc-section-end\"><\/span><\/h2>\n\n\n\n<p>Les v\u00eatements de plouc improvis\u00e9s, en revanche, ont la diff\u00e9rence d&#039;\u00eatre uniques et de ne pas avoir de motifs qui se parlent.<\/p>\n\n\n\n<figure class=\"wp-block-image size-full\"><img loading=\"lazy\" decoding=\"async\" width=\"760\" height=\"555\" src=\"https:\/\/danidrops.com.br\/wp-content\/uploads\/2023\/05\/16-roupa-caipira-improvisada.jpg\" alt=\"tenue de plouc improvis\u00e9e\" class=\"wp-image-73826\" title=\"\" srcset=\"https:\/\/danidrops.com.br\/wp-content\/uploads\/2023\/05\/16-roupa-caipira-improvisada.jpg 760w, https:\/\/danidrops.com.br\/wp-content\/uploads\/2023\/05\/16-roupa-caipira-improvisada-300x219.jpg 300w, https:\/\/danidrops.com.br\/wp-content\/uploads\/2023\/05\/16-roupa-caipira-improvisada-16x12.jpg 16w, https:\/\/danidrops.com.br\/wp-content\/uploads\/2023\/05\/16-roupa-caipira-improvisada-150x110.jpg 150w\" sizes=\"auto, (max-width: 760px) 100vw, 760px\" \/><figcaption class=\"wp-element-caption\">tenue de plouc improvis\u00e9e<\/figcaption><\/figure>\n\n\n\n<p>De cette fa\u00e7on, vous pouvez m\u00e9langer des imprim\u00e9s et des tissus, combiner des pi\u00e8ces al\u00e9atoires et m\u00eame ajouter des appliqu\u00e9s \u00e0 vos v\u00eatements, tels que des fleurs, des n\u0153uds et du patchwork.<\/p>\n\n\n\n<figure class=\"wp-block-image size-full\"><img loading=\"lazy\" decoding=\"async\" width=\"760\" height=\"555\" src=\"https:\/\/danidrops.com.br\/wp-content\/uploads\/2023\/05\/15-roupa-caipira-improvisada.jpg\" alt=\"tenue de plouc improvis\u00e9e\" class=\"wp-image-73825\" title=\"\" srcset=\"https:\/\/danidrops.com.br\/wp-content\/uploads\/2023\/05\/15-roupa-caipira-improvisada.jpg 760w, https:\/\/danidrops.com.br\/wp-content\/uploads\/2023\/05\/15-roupa-caipira-improvisada-300x219.jpg 300w, https:\/\/danidrops.com.br\/wp-content\/uploads\/2023\/05\/15-roupa-caipira-improvisada-16x12.jpg 16w, https:\/\/danidrops.com.br\/wp-content\/uploads\/2023\/05\/15-roupa-caipira-improvisada-150x110.jpg 150w\" sizes=\"auto, (max-width: 760px) 100vw, 760px\" \/><figcaption class=\"wp-element-caption\">tenue de plouc improvis\u00e9e<\/figcaption><\/figure>\n\n\n\n<h2 class=\"wp-block-heading\"><span class=\"ez-toc-section\" id=\"Roupa_infantil_caipira_para_festa_junina\"><\/span>V\u00eatements pour enfants de campagne pour Festa Junina<span class=\"ez-toc-section-end\"><\/span><\/h2>\n\n\n\n<p>Les v\u00eatements pour enfants redneck pour la f\u00eate de juin sont \u00e9galement beaux et tr\u00e8s color\u00e9s. Divers tissus peuvent \u00eatre utilis\u00e9s dans des v\u00eatements tels que le chit\u00e3o et le filo.<\/p>\n\n\n\n<figure class=\"wp-block-image size-full\"><img loading=\"lazy\" decoding=\"async\" width=\"760\" height=\"555\" src=\"https:\/\/danidrops.com.br\/wp-content\/uploads\/2023\/05\/18-roupa-infantil-caipira-para-festa-junina.jpg\" alt=\"v\u00eatements pour enfants redneck pour festa junina\" class=\"wp-image-73828\" title=\"\" srcset=\"https:\/\/danidrops.com.br\/wp-content\/uploads\/2023\/05\/18-roupa-infantil-caipira-para-festa-junina.jpg 760w, https:\/\/danidrops.com.br\/wp-content\/uploads\/2023\/05\/18-roupa-infantil-caipira-para-festa-junina-300x219.jpg 300w, https:\/\/danidrops.com.br\/wp-content\/uploads\/2023\/05\/18-roupa-infantil-caipira-para-festa-junina-16x12.jpg 16w, https:\/\/danidrops.com.br\/wp-content\/uploads\/2023\/05\/18-roupa-infantil-caipira-para-festa-junina-150x110.jpg 150w\" sizes=\"auto, (max-width: 760px) 100vw, 760px\" \/><figcaption class=\"wp-element-caption\">v\u00eatements pour enfants redneck pour festa junina<\/figcaption><\/figure>\n\n\n\n<p>Les robes sont color\u00e9es et pleines de d\u00e9tails extravagants et pour les gar\u00e7ons, rien de mieux qu&#039;un pantalon patch\u00e9 et une chemise \u00e0 carreaux.<\/p>\n\n\n\n<figure class=\"wp-block-image size-full\"><img loading=\"lazy\" decoding=\"async\" width=\"760\" height=\"555\" src=\"https:\/\/danidrops.com.br\/wp-content\/uploads\/2023\/05\/17-roupa-infantil-caipira-para-festa-junina.jpg\" alt=\"v\u00eatements pour enfants redneck pour festa junina\" class=\"wp-image-73827\" title=\"\" srcset=\"https:\/\/danidrops.com.br\/wp-content\/uploads\/2023\/05\/17-roupa-infantil-caipira-para-festa-junina.jpg 760w, https:\/\/danidrops.com.br\/wp-content\/uploads\/2023\/05\/17-roupa-infantil-caipira-para-festa-junina-300x219.jpg 300w, https:\/\/danidrops.com.br\/wp-content\/uploads\/2023\/05\/17-roupa-infantil-caipira-para-festa-junina-16x12.jpg 16w, https:\/\/danidrops.com.br\/wp-content\/uploads\/2023\/05\/17-roupa-infantil-caipira-para-festa-junina-150x110.jpg 150w\" sizes=\"auto, (max-width: 760px) 100vw, 760px\" \/><figcaption class=\"wp-element-caption\">v\u00eatements pour enfants redneck pour festa junina<\/figcaption><\/figure>\n<div id=\"ez-toc-container\" class=\"ez-toc-v2_0_76 counter-hierarchy ez-toc-counter ez-toc-grey ez-toc-container-direction\">\n<p class=\"ez-toc-title\" style=\"cursor:inherit\">Vous lirez cet article<\/p>\n<label for=\"ez-toc-cssicon-toggle-item-6a98235217ee8\" class=\"ez-toc-cssicon-toggle-label\"><span class=\"ez-toc-cssicon\"><span class=\"eztoc-hide\" style=\"display:none;\">Basculer<\/span><span class=\"ez-toc-icon-toggle-span\"><svg style=\"fill: #999;color:#999\" xmlns=\"http:\/\/www.w3.org\/2000\/svg\" class=\"list-377408\" width=\"20px\" height=\"20px\" viewbox=\"0 0 24 24\" fill=\"none\"><path d=\"M6 6H4v2h2V6zm14 0H8v2h12V6zM4 11h2v2H4v-2zm16 0H8v2h12v-2zM4 16h2v2H4v-2zm16 0H8v2h12v-2z\" fill=\"currentColor\"><\/path><\/svg><svg style=\"fill: #999;color:#999\" class=\"arrow-unsorted-368013\" xmlns=\"http:\/\/www.w3.org\/2000\/svg\" width=\"10px\" height=\"10px\" viewbox=\"0 0 24 24\" version=\"1.2\" baseprofile=\"tiny\"><path d=\"M18.2 9.3l-6.2-6.3-6.2 6.3c-.2.2-.3.4-.3.7s.1.5.3.7c.2.2.4.3.7.3h11c.3 0 .5-.1.7-.3.2-.2.3-.5.3-.7s-.1-.5-.3-.7zM5.8 14.7l6.2 6.3 6.2-6.3c.2-.2.3-.5.3-.7s-.1-.5-.3-.7c-.2-.2-.4-.3-.7-.3h-11c-.3 0-.5.1-.7.3-.2.2-.3.5-.3.7s.1.5.3.7z\"\/><\/svg><\/span><\/span><\/label><input type=\"checkbox\"  id=\"ez-toc-cssicon-toggle-item-6a98235217ee8\"  aria-label=\"Basculer\" \/><nav><ul class='ez-toc-list ez-toc-list-level-1' ><li class='ez-toc-page-1 ez-toc-heading-level-2'><a class=\"ez-toc-link ez-toc-heading-1\" href=\"https:\/\/danidrops.com.br\/fr\/tendances-vestimentaires-pour-le-festival-de-juin\/#Escolha_de_Tecidos_Conforto_e_Estilo_para_usar_seu_Look_Festa_Junina_2024\" >Choix de tissus : confort et style pour porter votre look Festa Junina 2024<\/a><\/li><li class='ez-toc-page-1 ez-toc-heading-level-2'><a class=\"ez-toc-link ez-toc-heading-2\" href=\"https:\/\/danidrops.com.br\/fr\/tendances-vestimentaires-pour-le-festival-de-juin\/#Acessorios_O_Toque_Final\" >Accessoires : la touche finale<\/a><\/li><li class='ez-toc-page-1 ez-toc-heading-level-2'><a class=\"ez-toc-link ez-toc-heading-3\" href=\"https:\/\/danidrops.com.br\/fr\/tendances-vestimentaires-pour-le-festival-de-juin\/#Influencia_das_Celebridades_na_Moda_Junina\" >Influence des c\u00e9l\u00e9brit\u00e9s sur Moda Junina<\/a><\/li><li class='ez-toc-page-1 ez-toc-heading-level-2'><a class=\"ez-toc-link ez-toc-heading-4\" href=\"https:\/\/danidrops.com.br\/fr\/tendances-vestimentaires-pour-le-festival-de-juin\/#Personalizacao_e_a_Chave\" >La personnalisation est la cl\u00e9<\/a><\/li><li class='ez-toc-page-1 ez-toc-heading-level-2'><a class=\"ez-toc-link ez-toc-heading-5\" href=\"https:\/\/danidrops.com.br\/fr\/tendances-vestimentaires-pour-le-festival-de-juin\/#Se_Jogue_na_Criatividade\" >Jouez avec la cr\u00e9ativit\u00e9\u00a0!<\/a><\/li><li class='ez-toc-page-1 ez-toc-heading-level-2'><a class=\"ez-toc-link ez-toc-heading-6\" href=\"https:\/\/danidrops.com.br\/fr\/tendances-vestimentaires-pour-le-festival-de-juin\/#Quando_se_comemora_a_festa_junina\" >Quand est c\u00e9l\u00e9br\u00e9e la Festa Junina ?<\/a><\/li><li class='ez-toc-page-1 ez-toc-heading-level-2'><a class=\"ez-toc-link ez-toc-heading-7\" href=\"https:\/\/danidrops.com.br\/fr\/tendances-vestimentaires-pour-le-festival-de-juin\/#Quais_sao_as_Tendencia_de_Roupas_para_Festa_Junina_2024\" >Quelles sont les tendances vestimentaires pour la Festa Junina 2024 ?<\/a><\/li><li class='ez-toc-page-1 ez-toc-heading-level-2'><a class=\"ez-toc-link ez-toc-heading-8\" href=\"https:\/\/danidrops.com.br\/fr\/tendances-vestimentaires-pour-le-festival-de-juin\/#Look_de_Festa_Junina_Feminina\" >Look de f\u00eate f\u00e9minin de juin<\/a><\/li><li class='ez-toc-page-1 ez-toc-heading-level-2'><a class=\"ez-toc-link ez-toc-heading-9\" href=\"https:\/\/danidrops.com.br\/fr\/tendances-vestimentaires-pour-le-festival-de-juin\/#Saia_festa_junina_feminina\" >jupe de soir\u00e9e femme<\/a><\/li><li class='ez-toc-page-1 ez-toc-heading-level-2'><a class=\"ez-toc-link ez-toc-heading-10\" href=\"https:\/\/danidrops.com.br\/fr\/tendances-vestimentaires-pour-le-festival-de-juin\/#Roupas_juninas_femininas_modernas\" >v\u00eatements pour femmes modernes<\/a><\/li><li class='ez-toc-page-1 ez-toc-heading-level-2'><a class=\"ez-toc-link ez-toc-heading-11\" href=\"https:\/\/danidrops.com.br\/fr\/tendances-vestimentaires-pour-le-festival-de-juin\/#Roupa_de_festa_junina_simples\" >tenue de f\u00eate simple<\/a><\/li><li class='ez-toc-page-1 ez-toc-heading-level-2'><a class=\"ez-toc-link ez-toc-heading-12\" href=\"https:\/\/danidrops.com.br\/fr\/tendances-vestimentaires-pour-le-festival-de-juin\/#Roupa_de_quadrilha_feminina_saia_e_blusa\" >ensemble jupe et chemisier carr\u00e9 femme<\/a><\/li><li class='ez-toc-page-1 ez-toc-heading-level-2'><a class=\"ez-toc-link ez-toc-heading-13\" href=\"https:\/\/danidrops.com.br\/fr\/tendances-vestimentaires-pour-le-festival-de-juin\/#Roupa_de_festa_junina_improvisada\" >Tenue de f\u00eate improvis\u00e9e<\/a><\/li><li class='ez-toc-page-1 ez-toc-heading-level-2'><a class=\"ez-toc-link ez-toc-heading-14\" href=\"https:\/\/danidrops.com.br\/fr\/tendances-vestimentaires-pour-le-festival-de-juin\/#Look_de_Festa_Junina_Masculino\" >Look de f\u00eate de juin pour hommes<\/a><\/li><li class='ez-toc-page-1 ez-toc-heading-level-2'><a class=\"ez-toc-link ez-toc-heading-15\" href=\"https:\/\/danidrops.com.br\/fr\/tendances-vestimentaires-pour-le-festival-de-juin\/#Look_de_Festa_Junina_Infantil\" >Look de f\u00eate de juin pour enfants<\/a><\/li><li class='ez-toc-page-1 ez-toc-heading-level-2'><a class=\"ez-toc-link ez-toc-heading-16\" href=\"https:\/\/danidrops.com.br\/fr\/tendances-vestimentaires-pour-le-festival-de-juin\/#Vestidos_Caipiras_de_festa_junina\" >robes de soir\u00e9e plouc<\/a><\/li><li class='ez-toc-page-1 ez-toc-heading-level-2'><a class=\"ez-toc-link ez-toc-heading-17\" href=\"https:\/\/danidrops.com.br\/fr\/tendances-vestimentaires-pour-le-festival-de-juin\/#Calca_Rasgada_de_festa_junina\" >Pantalon d\u00e9chir\u00e9 de la f\u00eate de juin<\/a><\/li><li class='ez-toc-page-1 ez-toc-heading-level-2'><a class=\"ez-toc-link ez-toc-heading-18\" href=\"https:\/\/danidrops.com.br\/fr\/tendances-vestimentaires-pour-le-festival-de-juin\/#Calca_e_festa_junina_com_Retalhos\" >Pantalon et Festa Junina avec Patchwork<\/a><\/li><li class='ez-toc-page-1 ez-toc-heading-level-2'><a class=\"ez-toc-link ez-toc-heading-19\" href=\"https:\/\/danidrops.com.br\/fr\/tendances-vestimentaires-pour-le-festival-de-juin\/#Look_de_Festa_Junina_Romantico\" >Look de f\u00eate romantique de juin<\/a><\/li><li class='ez-toc-page-1 ez-toc-heading-level-2'><a class=\"ez-toc-link ez-toc-heading-20\" href=\"https:\/\/danidrops.com.br\/fr\/tendances-vestimentaires-pour-le-festival-de-juin\/#Look_de_Festa_Junina_Ousado\" >Look de f\u00eate Junina audacieux<\/a><\/li><li class='ez-toc-page-1 ez-toc-heading-level-2'><a class=\"ez-toc-link ez-toc-heading-21\" href=\"https:\/\/danidrops.com.br\/fr\/tendances-vestimentaires-pour-le-festival-de-juin\/#Vestidos_com_Babados_de_festa_junina\" >Robes de soir\u00e9e de juin \u00e0 volants<\/a><\/li><li class='ez-toc-page-1 ez-toc-heading-level-2'><a class=\"ez-toc-link ez-toc-heading-22\" href=\"https:\/\/danidrops.com.br\/fr\/tendances-vestimentaires-pour-le-festival-de-juin\/#Vestidos_com_Retalhos_de_festa_junina\" >Robes avec Patchwork pour Festa Junina<\/a><\/li><li class='ez-toc-page-1 ez-toc-heading-level-2'><a class=\"ez-toc-link ez-toc-heading-23\" href=\"https:\/\/danidrops.com.br\/fr\/tendances-vestimentaires-pour-le-festival-de-juin\/#Vestido_Longo_Xadrez_de_festa_junina\" >Robe longue \u00e0 carreaux Festa Junina<\/a><\/li><li class='ez-toc-page-1 ez-toc-heading-level-2'><a class=\"ez-toc-link ez-toc-heading-24\" href=\"https:\/\/danidrops.com.br\/fr\/tendances-vestimentaires-pour-le-festival-de-juin\/#Vestido_Curto_Xadrez_de_festa_junina\" >Robe courte d&#039;\u00e9checs Festa Junina<\/a><\/li><li class='ez-toc-page-1 ez-toc-heading-level-2'><a class=\"ez-toc-link ez-toc-heading-25\" href=\"https:\/\/danidrops.com.br\/fr\/tendances-vestimentaires-pour-le-festival-de-juin\/#Look_de_Festa_Junina_com_Camisa_Xadrez_Vermelha\" >Look Festa Junina avec chemise \u00e0 carreaux rouge<\/a><\/li><li class='ez-toc-page-1 ez-toc-heading-level-2'><a class=\"ez-toc-link ez-toc-heading-26\" href=\"https:\/\/danidrops.com.br\/fr\/tendances-vestimentaires-pour-le-festival-de-juin\/#Look_de_Festa_Junina_com_Chapeu_de_Palha\" >Look Festa Junina avec chapeau de paille<\/a><\/li><li class='ez-toc-page-1 ez-toc-heading-level-2'><a class=\"ez-toc-link ez-toc-heading-27\" href=\"https:\/\/danidrops.com.br\/fr\/tendances-vestimentaires-pour-le-festival-de-juin\/#Look_de_Festa_Junina_com_Estampa_de_Girassois\" >Recherchez Festa Junina avec impression de tournesols<\/a><\/li><li class='ez-toc-page-1 ez-toc-heading-level-2'><a class=\"ez-toc-link ez-toc-heading-28\" href=\"https:\/\/danidrops.com.br\/fr\/tendances-vestimentaires-pour-le-festival-de-juin\/#Roupas_com_Estampa_Xadrez_de_festa_junina\" >V\u00eatements avec imprim\u00e9 d&#039;\u00e9checs pour Festa Junina<\/a><\/li><li class='ez-toc-page-1 ez-toc-heading-level-2'><a class=\"ez-toc-link ez-toc-heading-29\" href=\"https:\/\/danidrops.com.br\/fr\/tendances-vestimentaires-pour-le-festival-de-juin\/#Roupas_com_Estampa_de_Bolinha_poa_de_festa_junina\" >V\u00eatements avec imprim\u00e9 \u00e0 pois (po\u00e1) pour la f\u00eate de juin<\/a><\/li><li class='ez-toc-page-1 ez-toc-heading-level-2'><a class=\"ez-toc-link ez-toc-heading-30\" href=\"https:\/\/danidrops.com.br\/fr\/tendances-vestimentaires-pour-le-festival-de-juin\/#Look_de_Festa_Junina_com_Shorts_Jeans_e_Camisa_Xadrez\" >Look Festa Junina avec un short en jean et une chemise \u00e0 carreaux<\/a><\/li><li class='ez-toc-page-1 ez-toc-heading-level-2'><a class=\"ez-toc-link ez-toc-heading-31\" href=\"https:\/\/danidrops.com.br\/fr\/tendances-vestimentaires-pour-le-festival-de-juin\/#Look_de_Festa_Junina_de_Macacao\" >Look Festa Junina en salopette<\/a><\/li><li class='ez-toc-page-1 ez-toc-heading-level-2'><a class=\"ez-toc-link ez-toc-heading-32\" href=\"https:\/\/danidrops.com.br\/fr\/tendances-vestimentaires-pour-le-festival-de-juin\/#Look_de_Festa_Junina_com_Suspensorio\" >Look Festa Junina avec bretelles<\/a><\/li><li class='ez-toc-page-1 ez-toc-heading-level-2'><a class=\"ez-toc-link ez-toc-heading-33\" href=\"https:\/\/danidrops.com.br\/fr\/tendances-vestimentaires-pour-le-festival-de-juin\/#Look_de_Festa_Junina_com_Gravata_Borboleta\" >Look Festa Junina avec n\u0153ud papillon<\/a><\/li><li class='ez-toc-page-1 ez-toc-heading-level-2'><a class=\"ez-toc-link ez-toc-heading-34\" href=\"https:\/\/danidrops.com.br\/fr\/tendances-vestimentaires-pour-le-festival-de-juin\/#Look_de_festa_junina_no_frio\" >Look de f\u00eate de juin dans le froid<\/a><\/li><li class='ez-toc-page-1 ez-toc-heading-level-2'><a class=\"ez-toc-link ez-toc-heading-35\" href=\"https:\/\/danidrops.com.br\/fr\/tendances-vestimentaires-pour-le-festival-de-juin\/#Look_de_festa_junina_plus_size\" >look de f\u00eate grande taille<\/a><\/li><li class='ez-toc-page-1 ez-toc-heading-level-2'><a class=\"ez-toc-link ez-toc-heading-36\" href=\"https:\/\/danidrops.com.br\/fr\/tendances-vestimentaires-pour-le-festival-de-juin\/#Look_de_festa_junina_moderno\" >Look de f\u00eate moderne<\/a><\/li><li class='ez-toc-page-1 ez-toc-heading-level-2'><a class=\"ez-toc-link ez-toc-heading-37\" href=\"https:\/\/danidrops.com.br\/fr\/tendances-vestimentaires-pour-le-festival-de-juin\/#Look_de_festa_junina_com_calca_jeans\" >Look de f\u00eate de juin avec un jean<\/a><\/li><li class='ez-toc-page-1 ez-toc-heading-level-2'><a class=\"ez-toc-link ez-toc-heading-38\" href=\"https:\/\/danidrops.com.br\/fr\/tendances-vestimentaires-pour-le-festival-de-juin\/#Look_de_festa_junina_com_camisa_jeans\" >Look de f\u00eate de juin avec une chemise en jean<\/a><\/li><li class='ez-toc-page-1 ez-toc-heading-level-2'><a class=\"ez-toc-link ez-toc-heading-39\" href=\"https:\/\/danidrops.com.br\/fr\/tendances-vestimentaires-pour-le-festival-de-juin\/#Look_de_festa_junina_com_saia_jeans\" >Look de f\u00eate de juin avec une jupe en jean<\/a><\/li><li class='ez-toc-page-1 ez-toc-heading-level-2'><a class=\"ez-toc-link ez-toc-heading-40\" href=\"https:\/\/danidrops.com.br\/fr\/tendances-vestimentaires-pour-le-festival-de-juin\/#Look_de_festa_junina_chique\" >look de f\u00eate chic de juin<\/a><\/li><li class='ez-toc-page-1 ez-toc-heading-level-2'><a class=\"ez-toc-link ez-toc-heading-41\" href=\"https:\/\/danidrops.com.br\/fr\/tendances-vestimentaires-pour-le-festival-de-juin\/#Look_de_festa_junina_monocromatico\" >Look de f\u00eate monochrome<\/a><\/li><li class='ez-toc-page-1 ez-toc-heading-level-2'><a class=\"ez-toc-link ez-toc-heading-42\" href=\"https:\/\/danidrops.com.br\/fr\/tendances-vestimentaires-pour-le-festival-de-juin\/#look_de_festa_junina_para_bebe\" >look de f\u00eate de b\u00e9b\u00e9<\/a><\/li><li class='ez-toc-page-1 ez-toc-heading-level-2'><a class=\"ez-toc-link ez-toc-heading-43\" href=\"https:\/\/danidrops.com.br\/fr\/tendances-vestimentaires-pour-le-festival-de-juin\/#Look_de_festa_junina_de_noiva\" >look de f\u00eate de mariage<\/a><\/li><li class='ez-toc-page-1 ez-toc-heading-level-2'><a class=\"ez-toc-link ez-toc-heading-44\" href=\"https:\/\/danidrops.com.br\/fr\/tendances-vestimentaires-pour-le-festival-de-juin\/#Look_de_festa_junina_de_noivo\" >Look de f\u00eate de juin du mari\u00e9<\/a><\/li><li class='ez-toc-page-1 ez-toc-heading-level-2'><a class=\"ez-toc-link ez-toc-heading-45\" href=\"https:\/\/danidrops.com.br\/fr\/tendances-vestimentaires-pour-le-festival-de-juin\/#Bonus_Looks_de_festa_junina_com_estampa_Tie_Dye\" >Bonus : looks de f\u00eate de juin avec imprim\u00e9 tie-dye<\/a><\/li><li class='ez-toc-page-1 ez-toc-heading-level-2'><a class=\"ez-toc-link ez-toc-heading-46\" href=\"https:\/\/danidrops.com.br\/fr\/tendances-vestimentaires-pour-le-festival-de-juin\/#Vestidos_de_festa_junina_infantil\" >robes de soir\u00e9e pour enfants<\/a><\/li><li class='ez-toc-page-1 ez-toc-heading-level-2'><a class=\"ez-toc-link ez-toc-heading-47\" href=\"https:\/\/danidrops.com.br\/fr\/tendances-vestimentaires-pour-le-festival-de-juin\/#Roupas_festa_junina_infantil\" >v\u00eatements de f\u00eate pour enfants<\/a><\/li><li class='ez-toc-page-1 ez-toc-heading-level-2'><a class=\"ez-toc-link ez-toc-heading-48\" href=\"https:\/\/danidrops.com.br\/fr\/tendances-vestimentaires-pour-le-festival-de-juin\/#Roupa_caipira_improvisada\" >tenue de plouc improvis\u00e9e<\/a><\/li><li class='ez-toc-page-1 ez-toc-heading-level-2'><a class=\"ez-toc-link ez-toc-heading-49\" href=\"https:\/\/danidrops.com.br\/fr\/tendances-vestimentaires-pour-le-festival-de-juin\/#Roupa_infantil_caipira_para_festa_junina\" >V\u00eatements pour enfants de campagne pour Festa Junina<\/a><\/li><\/ul><\/nav><\/div>","protected":false},"excerpt":{"rendered":"<p>Alors que nous nous pr\u00e9parons pour la Festa Junina 2024, la mode promet d&#039;\u00eatre un spectacle visuel m\u00ealant une riche tradition culturelle \u00e0 des innovations modernes et durables. <\/p>","protected":false},"author":1,"featured_media":95520,"comment_status":"open","ping_status":"open","sticky":false,"template":"","format":"standard","meta":{"footnotes":""},"categories":[4],"tags":[],"class_list":["post-9942","post","type-post","status-publish","format-standard","has-post-thumbnail","hentry","category-moda"],"_links":{"self":[{"href":"https:\/\/danidrops.com.br\/fr\/wp-json\/wp\/v2\/posts\/9942","targetHints":{"allow":["GET"]}}],"collection":[{"href":"https:\/\/danidrops.com.br\/fr\/wp-json\/wp\/v2\/posts"}],"about":[{"href":"https:\/\/danidrops.com.br\/fr\/wp-json\/wp\/v2\/types\/post"}],"author":[{"embeddable":true,"href":"https:\/\/danidrops.com.br\/fr\/wp-json\/wp\/v2\/users\/1"}],"replies":[{"embeddable":true,"href":"https:\/\/danidrops.com.br\/fr\/wp-json\/wp\/v2\/comments?post=9942"}],"version-history":[{"count":0,"href":"https:\/\/danidrops.com.br\/fr\/wp-json\/wp\/v2\/posts\/9942\/revisions"}],"wp:featuredmedia":[{"embeddable":true,"href":"https:\/\/danidrops.com.br\/fr\/wp-json\/wp\/v2\/media\/95520"}],"wp:attachment":[{"href":"https:\/\/danidrops.com.br\/fr\/wp-json\/wp\/v2\/media?parent=9942"}],"wp:term":[{"taxonomy":"category","embeddable":true,"href":"https:\/\/danidrops.com.br\/fr\/wp-json\/wp\/v2\/categories?post=9942"},{"taxonomy":"post_tag","embeddable":true,"href":"https:\/\/danidrops.com.br\/fr\/wp-json\/wp\/v2\/tags?post=9942"}],"curies":[{"name":"wp","href":"https:\/\/api.w.org\/{rel}","templated":true}]}}