{"id":100892,"date":"2024-12-30T09:24:42","date_gmt":"2024-12-30T12:24:42","guid":{"rendered":"https:\/\/danidrops.com.br\/?p=100892"},"modified":"2024-12-30T10:04:07","modified_gmt":"2024-12-30T13:04:07","slug":"tendenza-capelli-castani-evidenziati-2025","status":"publish","type":"post","link":"https:\/\/danidrops.com.br\/it\/tendenza-capelli-castani-evidenziati-2025\/","title":{"rendered":"Tendenza capelli castani luminosi 2025 \u2013 Scopri come utilizzare questo colore, le migliori sfumature e i tipi di tagli"},"content":{"rendered":"<p>La tendenza Bright Brunette Hair rimane forte nel 2025, portando eleganza e naturalezza ai capelli scuri. <\/p>\n\n\n\n<p>Con toni caldi e terrosi come caramello, miele e cioccolato, questa tecnica esalta la luminosit\u00e0 dei capelli, mettendo in risalto la naturale bellezza di ogni donna. <\/p>\n\n\n\n<p>Ideale per chi cerca un look moderno e sofisticato, Morena Iluminada \u00e8 perfetta per illuminare senza perdere l&#039;essenza delle ciocche scure. Continua a leggere e segui il nostro <a href=\"https:\/\/danidrops.com.br\/it\/colore-dei-capelli-2025\/\" data-type=\"link\" data-id=\"https:\/\/danidrops.com.br\/cor-de-cabelo-2025\/\"><strong>tendenze colore dei capelli<\/strong><\/a> per rimanere sempre aggiornato.<\/p>\n\n\n\n<figure class=\"wp-block-image size-full\"><img loading=\"lazy\" decoding=\"async\" width=\"760\" height=\"555\" src=\"https:\/\/danidrops.com.br\/wp-content\/uploads\/2024\/12\/Tendencia-Cabelo-Morena-Iluminada-2025-1.jpg\" alt=\"Tendenza capelli castani luminosi 2025\" class=\"wp-image-100917\" title=\"\" srcset=\"https:\/\/danidrops.com.br\/wp-content\/uploads\/2024\/12\/Tendencia-Cabelo-Morena-Iluminada-2025-1.jpg 760w, https:\/\/danidrops.com.br\/wp-content\/uploads\/2024\/12\/Tendencia-Cabelo-Morena-Iluminada-2025-1-300x219.jpg 300w, https:\/\/danidrops.com.br\/wp-content\/uploads\/2024\/12\/Tendencia-Cabelo-Morena-Iluminada-2025-1-16x12.jpg 16w, https:\/\/danidrops.com.br\/wp-content\/uploads\/2024\/12\/Tendencia-Cabelo-Morena-Iluminada-2025-1-150x110.jpg 150w\" sizes=\"auto, (max-width: 760px) 100vw, 760px\" \/><figcaption class=\"wp-element-caption\">Tendenza capelli castani luminosi 2025<\/figcaption><\/figure>\n\n\n\n<script type=\"application\/ld+json\">{\n    \"@context\": \"https:\\\/\\\/schema.org\",\n    \"@type\": \"FAQPage\",\n    \"mainEntity\": [\n        {\n            \"@type\": \"Question\",\n            \"name\": \"Qual \\u00e9 o melhor formato de rosto para adotar a tend\\u00eancia Morena Iluminada?\",\n            \"acceptedAnswer\": {\n                \"@type\": \"Answer\",\n                \"text\": \"A tend\\u00eancia Morena Iluminada \\u00e9 extremamente vers\\u00e1til e pode ser adaptada para todos os formatos de rosto, real\\u00e7ando a beleza de cada mulher. Para rostos ovais, qualquer estilo de ilumina\\u00e7\\u00e3o funciona perfeitamente devido ao equil\\u00edbrio natural desse formato. J\\u00e1 para rostos redondos, mechas distribu\\u00eddas nas laterais ajudam a alongar e criar harmonia visual. No caso de rostos quadrados, luzes suaves ao redor da mand\\u00edbula s\\u00e3o ideais para suavizar os \\u00e2ngulos marcantes. Para rostos em formato de cora\\u00e7\\u00e3o, tons claros pr\\u00f3ximos \\u00e0 testa combinados com pontas iluminadas equilibram o visual, destacando a delicadeza. Por fim, para rostos longos, mechas horizontais e camadas iluminadas ajudam a criar volume e ajustar as propor\\u00e7\\u00f5es, garantindo um look harmonioso e cheio de estilo.\"\n            }\n        },\n        {\n            \"@type\": \"Question\",\n            \"name\": \"Qual \\u00e9 a melhor cor para adotar na tend\\u00eancia Morena Iluminada?\",\n            \"acceptedAnswer\": {\n                \"@type\": \"Answer\",\n                \"text\": \"N\\u00e3o h\\u00e1 uma \\u00fanica cor que seja a \\\"melhor\\\" para a tend\\u00eancia Morena Iluminada, j\\u00e1 que a escolha ideal varia de acordo com o tom de pele e as prefer\\u00eancias pessoais. No entanto, tons como caramelo, mel, avel\\u00e3, caf\\u00e9, chocolate e dourado s\\u00e3o op\\u00e7\\u00f5es populares que complementam diferentes estilos e real\\u00e7am a luminosidade dos fios de forma natural e sofisticada.\"\n            }\n        },\n        {\n            \"@type\": \"Question\",\n            \"name\": \"Qual \\u00e9 a tend\\u00eancia de Morena Iluminada para 2025?\",\n            \"acceptedAnswer\": {\n                \"@type\": \"Answer\",\n                \"text\": \"Em 2025, a tend\\u00eancia de Morena Iluminada mant\\u00e9m o foco em valorizar a naturalidade dos fios com uma base morena e a adi\\u00e7\\u00e3o de mechas finas que criam dimens\\u00e3o e brilho. Tons quentes como canela, avel\\u00e3, cobre e caramelo s\\u00e3o os destaques do ano, proporcionando um contraste sutil que imita os efeitos naturais do sol e mant\\u00e9m o visual sofisticado e luminoso.\"\n            }\n        },\n        {\n            \"@type\": \"Question\",\n            \"name\": \"Qual tom de pele combina com a tend\\u00eancia Morena Iluminada?\",\n            \"acceptedAnswer\": {\n                \"@type\": \"Answer\",\n                \"text\": \"A tend\\u00eancia Morena Iluminada \\u00e9 bastante vers\\u00e1til e pode ser ajustada para diferentes tons de pele. Para peles claras, tons mais suaves como loiro mel ou caramelo s\\u00e3o ideais. Para peles m\\u00e9dias, op\\u00e7\\u00f5es como caramelo, mel ou dourado harmonizam bem. J\\u00e1 para peles morenas ou escuras, tons mais intensos como chocolate ou cappuccino s\\u00e3o os mais indicados, criando um contraste elegante e natural.\"\n            }\n        },\n        {\n            \"@type\": \"Question\",\n            \"name\": \"Qual \\u00e9 o tom da morena iluminada?\",\n            \"acceptedAnswer\": {\n                \"@type\": \"Answer\",\n                \"text\": \"Os tons de morena iluminada podem variar de acordo com o estilo desejado, mas entre os mais populares est\\u00e3o caramelo, mel, avel\\u00e3, caf\\u00e9, am\\u00eandoa, chocolate, canela, cappuccino e p\\u00e9rola. Esses tons adicionam luminosidade e destacam a naturalidade dos fios, sendo adapt\\u00e1veis para diferentes tons de pele e estilos pessoais.\"\n            }\n        },\n        {\n            \"@type\": \"Question\",\n            \"name\": \"Qual numera\\u00e7\\u00e3o de tinta usar para a tend\\u00eancia Morena Iluminada?\",\n            \"acceptedAnswer\": {\n                \"@type\": \"Answer\",\n                \"text\": \"Para alcan\\u00e7ar o efeito de morena iluminada, algumas numera\\u00e7\\u00f5es de tinta populares incluem 6.35 (castanho iluminado caramelo), 6.41 (castanho iluminado caf\\u00e9), 7.7 (marrom dourado) e 5.3 (castanho claro dourado). Essas tonalidades criam o brilho e a dimens\\u00e3o caracter\\u00edsticos dessa tend\\u00eancia, podendo ser ajustadas conforme o tom de pele e o estilo desejado.\"\n            }\n        },\n        {\n            \"@type\": \"Question\",\n            \"name\": \"Para alcan\\u00e7ar o efeito de morena iluminada, algumas numera\\u00e7\\u00f5es de tinta populares incluem 6.35 (castanho iluminado caramelo), 6.41 (castanho iluminado caf\\u00e9), 7.7 (marrom dourado) e 5.3 (castanho claro dourado). Essas tonalidades criam o brilho e a dimens\\u00e3o caracter\\u00edsticos dessa tend\\u00eancia, podendo ser ajustadas conforme o tom de pele e o estilo desejado.\",\n            \"acceptedAnswer\": {\n                \"@type\": \"Answer\",\n                \"text\": \"Para alcan\\u00e7ar o efeito de Morena Iluminada, algumas numera\\u00e7\\u00f5es de tinta muito utilizadas s\\u00e3o 6.35 (castanho iluminado caramelo), 6.41 (castanho iluminado caf\\u00e9), 7.7 (marrom dourado) e 5.3 (castanho claro dourado). Essas tonalidades s\\u00e3o perfeitas para criar brilho e dimens\\u00e3o, permitindo personaliza\\u00e7\\u00f5es de acordo com o tom de pele e o estilo desejado.\"\n            }\n        },\n        {\n            \"@type\": \"Question\",\n            \"name\": \"Quais s\\u00e3o os melhores produtos para cuidar do cabelo Morena Iluminada?\",\n            \"acceptedAnswer\": {\n                \"@type\": \"Answer\",\n                \"text\": \"Para manter os fios saud\\u00e1veis e com a luminosidade caracter\\u00edstica da tend\\u00eancia Morena Iluminada, \\u00e9 essencial utilizar produtos espec\\u00edficos para cabelos coloridos. O Shampoo Wella Professionals Color Motion+ \\u00e9 uma \\u00f3tima escolha, pois ajuda a preservar a cor, confere brilho e suavidade, sendo ideal para fios danificados. O Kit Hidratei Spray Leave-in 250ml + Hidratei Noite 250ml Creme Capilar Noturno \\u00e9 perfeito para o cuidado di\\u00e1rio, protegendo contra o desbotamento e mantendo a cor vibrante. J\\u00e1 a L'Or\\u00e9al Professionnel M\\u00e1scara Capilar Blondifier Gloss, embora desenvolvida para loiros, \\u00e9 excelente para morenas iluminadas, proporcionando brilho intenso e repara\\u00e7\\u00e3o dos danos causados por processos qu\\u00edmicos. Esses produtos s\\u00e3o essenciais para manter o visual impec\\u00e1vel e prolongar a beleza dos cabelos.\"\n            }\n        }\n    ]\n}<\/script>\n\n\n\n<h2 class=\"wp-block-heading\"><span class=\"ez-toc-section\" id=\"Cabelo_Morena_Iluminada_com_corte_bob_ondulado\"><\/span>Capelli castani luminosi con taglio a caschetto ondulato<span class=\"ez-toc-section-end\"><\/span><\/h2>\n\n\n\n<p>Il taglio a caschetto ondulato con illuminazione castana \u00e8 una scelta sofisticata e moderna per il 2025. I colpi di sole nei toni miele e oro esaltano il movimento delle onde, creando un look elegante e illuminato.<\/p>\n\n\n\n<figure class=\"wp-block-image size-full\"><img loading=\"lazy\" decoding=\"async\" width=\"764\" height=\"896\" src=\"https:\/\/danidrops.com.br\/wp-content\/uploads\/2024\/12\/Cabelo-Morena-Iluminada-2025-12.jpg\" alt=\"Capelli castani luminosi 2025\" class=\"wp-image-100893\" title=\"\" srcset=\"https:\/\/danidrops.com.br\/wp-content\/uploads\/2024\/12\/Cabelo-Morena-Iluminada-2025-12.jpg 764w, https:\/\/danidrops.com.br\/wp-content\/uploads\/2024\/12\/Cabelo-Morena-Iluminada-2025-12-256x300.jpg 256w, https:\/\/danidrops.com.br\/wp-content\/uploads\/2024\/12\/Cabelo-Morena-Iluminada-2025-12-10x12.jpg 10w, https:\/\/danidrops.com.br\/wp-content\/uploads\/2024\/12\/Cabelo-Morena-Iluminada-2025-12-150x176.jpg 150w\" sizes=\"auto, (max-width: 764px) 100vw, 764px\" \/><figcaption class=\"wp-element-caption\">Capelli castani luminosi 2025<\/figcaption><\/figure>\n\n\n\n<p>La lunghezza media e la finitura ondulata garantiscono versatilit\u00e0 e praticit\u00e0, ideale per chi cerca uno stile attuale e ricco di personalit\u00e0. Questo look \u00e8 perfetto per mettere in risalto la naturalezza e la leggerezza dei tuoi capelli.     <\/p>\n\n\n\n<h2 class=\"wp-block-heading\"><span class=\"ez-toc-section\" id=\"Cabelo_Morena_Iluminada_com_camadas_desfiadas_e_luzes_sutis\"><\/span>Capelli castani luminosi con strati sfilacciati e riflessi sottili<span class=\"ez-toc-section-end\"><\/span><\/h2>\n\n\n\n<p>I capelli castani luminosi con strati sfilacciati sono una tendenza che unisce movimento e leggerezza per il 2025. I delicati riflessi nei toni miele e caramello creano un effetto naturale e illuminato, evidenziando la forma degli strati e valorizzando le ciocche.<\/p>\n\n\n\n<figure class=\"wp-block-image size-full\"><img loading=\"lazy\" decoding=\"async\" width=\"764\" height=\"896\" src=\"https:\/\/danidrops.com.br\/wp-content\/uploads\/2024\/12\/Cabelo-Morena-Iluminada-2025-11.jpg\" alt=\"\" class=\"wp-image-100895\" title=\"\" srcset=\"https:\/\/danidrops.com.br\/wp-content\/uploads\/2024\/12\/Cabelo-Morena-Iluminada-2025-11.jpg 764w, https:\/\/danidrops.com.br\/wp-content\/uploads\/2024\/12\/Cabelo-Morena-Iluminada-2025-11-256x300.jpg 256w, https:\/\/danidrops.com.br\/wp-content\/uploads\/2024\/12\/Cabelo-Morena-Iluminada-2025-11-10x12.jpg 10w, https:\/\/danidrops.com.br\/wp-content\/uploads\/2024\/12\/Cabelo-Morena-Iluminada-2025-11-150x176.jpg 150w\" sizes=\"auto, (max-width: 764px) 100vw, 764px\" \/><figcaption class=\"wp-element-caption\">Capelli castani luminosi 2025<\/figcaption><\/figure>\n\n\n\n<p>Dal look rilassato e pieno di personalit\u00e0, questo modello \u00e8 l&#039;ideale per chi cerca un look moderno e versatile, perfetto per diverse occasioni. \u00c8 una scelta chiara quella di esaltare la bellezza naturale con un tocco di raffinatezza.<\/p>\n\n\n\n<h2 class=\"wp-block-heading\"><span class=\"ez-toc-section\" id=\"Cabelo_Morena_Iluminada_com_franja_reta_e_fios_longos\"><\/span>Capelli castani luminosi con frangia dritta e lunghe ciocche<span class=\"ez-toc-section-end\"><\/span><\/h2>\n\n\n\n<p>I luminosi capelli castani con frangia dritta e lunghe ciocche sono la combinazione perfetta di eleganza e modernit\u00e0 per il 2025. I colpi di sole nei toni miele e oro aggiungono luminosit\u00e0, evidenziando la lunghezza ed evidenziando il movimento naturale delle ciocche.<\/p>\n\n\n\n<figure class=\"wp-block-image size-full\"><img loading=\"lazy\" decoding=\"async\" width=\"764\" height=\"896\" src=\"https:\/\/danidrops.com.br\/wp-content\/uploads\/2024\/12\/Cabelo-Morena-Iluminada-2025-10.jpg\" alt=\"\" class=\"wp-image-100896\" title=\"\" srcset=\"https:\/\/danidrops.com.br\/wp-content\/uploads\/2024\/12\/Cabelo-Morena-Iluminada-2025-10.jpg 764w, https:\/\/danidrops.com.br\/wp-content\/uploads\/2024\/12\/Cabelo-Morena-Iluminada-2025-10-256x300.jpg 256w, https:\/\/danidrops.com.br\/wp-content\/uploads\/2024\/12\/Cabelo-Morena-Iluminada-2025-10-10x12.jpg 10w, https:\/\/danidrops.com.br\/wp-content\/uploads\/2024\/12\/Cabelo-Morena-Iluminada-2025-10-150x176.jpg 150w\" sizes=\"auto, (max-width: 764px) 100vw, 764px\" \/><figcaption class=\"wp-element-caption\">Capelli castani luminosi 2025<\/figcaption><\/figure>\n\n\n\n<p>La frangia dritta apporta un tocco delicato e sofisticato, creando una cornice armoniosa per il viso. Questo stile \u00e8 ideale per chi cerca un look classico con un tocco contemporaneo.<\/p>\n\n\n\n<h2 class=\"wp-block-heading\"><span class=\"ez-toc-section\" id=\"Cabelo_Morena_Iluminada_com_cachos_longos_e_definicao\"><\/span>Capelli castani luminosi con riccioli lunghi e definizione<span class=\"ez-toc-section-end\"><\/span><\/h2>\n\n\n\n<p>Lo stile castano illuminato con ricci lunghi e ben definiti \u00e8 una tendenza che trasuda fascino ed eleganza per il 2025. I colpi di sole nei toni miele e oro aggiungono profondit\u00e0 e luminosit\u00e0 alle ciocche, evidenziando la struttura naturale dei ricci.<\/p>\n\n\n\n<figure class=\"wp-block-image size-full\"><img loading=\"lazy\" decoding=\"async\" width=\"764\" height=\"896\" src=\"https:\/\/danidrops.com.br\/wp-content\/uploads\/2024\/12\/Cabelo-Morena-Iluminada-2025-9.jpg\" alt=\"\" class=\"wp-image-100897\" title=\"\" srcset=\"https:\/\/danidrops.com.br\/wp-content\/uploads\/2024\/12\/Cabelo-Morena-Iluminada-2025-9.jpg 764w, https:\/\/danidrops.com.br\/wp-content\/uploads\/2024\/12\/Cabelo-Morena-Iluminada-2025-9-256x300.jpg 256w, https:\/\/danidrops.com.br\/wp-content\/uploads\/2024\/12\/Cabelo-Morena-Iluminada-2025-9-10x12.jpg 10w, https:\/\/danidrops.com.br\/wp-content\/uploads\/2024\/12\/Cabelo-Morena-Iluminada-2025-9-150x176.jpg 150w\" sizes=\"auto, (max-width: 764px) 100vw, 764px\" \/><figcaption class=\"wp-element-caption\">Capelli castani luminosi 2025<\/figcaption><\/figure>\n\n\n\n<p>Con una lunga lunghezza che esalta volume e movimento, questo look \u00e8 l&#039;ideale per chi cerca un look sorprendente e sofisticato. Perfetto per le donne che desiderano un tocco moderno senza rinunciare all&#039;autenticit\u00e0.<\/p>\n\n\n\n<h2 class=\"wp-block-heading\"><span class=\"ez-toc-section\" id=\"Cabelo_Morena_Iluminada_com_corte_pixie_sofisticado\"><\/span>Capelli castani luminosi con sofisticato taglio pixie<span class=\"ez-toc-section-end\"><\/span><\/h2>\n\n\n\n<p>Il pixie cut con illuminazione castana \u00e8 il connubio perfetto tra praticit\u00e0 ed eleganza per il 2025. I riflessi nei toni miele e oro donano profondit\u00e0 e lucentezza alle ciocche corte, evidenziando le scalature e creando un look moderno.<\/p>\n\n\n\n<figure class=\"wp-block-image size-full\"><img loading=\"lazy\" decoding=\"async\" width=\"764\" height=\"896\" src=\"https:\/\/danidrops.com.br\/wp-content\/uploads\/2024\/12\/Cabelo-Morena-Iluminada-2025-8.jpg\" alt=\"\" class=\"wp-image-100898\" title=\"\" srcset=\"https:\/\/danidrops.com.br\/wp-content\/uploads\/2024\/12\/Cabelo-Morena-Iluminada-2025-8.jpg 764w, https:\/\/danidrops.com.br\/wp-content\/uploads\/2024\/12\/Cabelo-Morena-Iluminada-2025-8-256x300.jpg 256w, https:\/\/danidrops.com.br\/wp-content\/uploads\/2024\/12\/Cabelo-Morena-Iluminada-2025-8-10x12.jpg 10w, https:\/\/danidrops.com.br\/wp-content\/uploads\/2024\/12\/Cabelo-Morena-Iluminada-2025-8-150x176.jpg 150w\" sizes=\"auto, (max-width: 764px) 100vw, 764px\" \/><figcaption class=\"wp-element-caption\">Capelli castani luminosi 2025<\/figcaption><\/figure>\n\n\n\n<p>Con una finitura sfrangiata e un volume sottile nella parte superiore, questo stile mette in risalto i lineamenti del viso, donando un tocco raffinato e attuale. Ideale per le donne che cercano un look versatile e ricco di personalit\u00e0.<\/p>\n\n\n\n<p> <\/p>\n\n\n\n<h2 class=\"wp-block-heading\"><span class=\"ez-toc-section\" id=\"Cabelo_Morena_Iluminada_com_franja_e_camadas_leves\"><\/span>Capelli castani luminosi con frangia e strati leggeri<span class=\"ez-toc-section-end\"><\/span><\/h2>\n\n\n\n<p>Lo stile castano evidenziato con frangia e strati leggeri \u00e8 una scelta sofisticata per il 2025. Le ciocche nei toni dorati e caramellati aggiungono luminosit\u00e0 naturale, evidenziando la fluidit\u00e0 delle ciocche e la morbidezza degli strati.<\/p>\n\n\n\n<figure class=\"wp-block-image size-full\"><img loading=\"lazy\" decoding=\"async\" width=\"764\" height=\"896\" src=\"https:\/\/danidrops.com.br\/wp-content\/uploads\/2024\/12\/Cabelo-Morena-Iluminada-2025-7.jpg\" alt=\"\" class=\"wp-image-100899\" title=\"\" srcset=\"https:\/\/danidrops.com.br\/wp-content\/uploads\/2024\/12\/Cabelo-Morena-Iluminada-2025-7.jpg 764w, https:\/\/danidrops.com.br\/wp-content\/uploads\/2024\/12\/Cabelo-Morena-Iluminada-2025-7-256x300.jpg 256w, https:\/\/danidrops.com.br\/wp-content\/uploads\/2024\/12\/Cabelo-Morena-Iluminada-2025-7-10x12.jpg 10w, https:\/\/danidrops.com.br\/wp-content\/uploads\/2024\/12\/Cabelo-Morena-Iluminada-2025-7-150x176.jpg 150w\" sizes=\"auto, (max-width: 764px) 100vw, 764px\" \/><figcaption class=\"wp-element-caption\">Capelli castani luminosi 2025<\/figcaption><\/figure>\n\n\n\n<p>La frangia sfilata incornicia delicatamente il viso, aggiungendo un tocco di modernit\u00e0 al look. Questo taglio unisce eleganza e leggerezza, rendendolo ideale per chi cerca un look aggiornato e ricco di fascino.<\/p>\n\n\n\n<h2 class=\"wp-block-heading\"><span class=\"ez-toc-section\" id=\"Cabelo_Morena_Iluminada_com_corte_long_bob\"><\/span>Capelli castani luminosi con taglio lungo a caschetto<span class=\"ez-toc-section-end\"><\/span><\/h2>\n\n\n\n<p>Il taglio long bob con m\u00e8ches castane \u00e8 uno dei trend pi\u00f9 versatili e sofisticati del 2025. I colpi di sole nei toni tenui del miele e del beige creano un effetto naturale e luminoso, mettendo in risalto il movimento e la leggerezza delle ciocche.<\/p>\n\n\n\n<figure class=\"wp-block-image size-full\"><img loading=\"lazy\" decoding=\"async\" width=\"764\" height=\"896\" src=\"https:\/\/danidrops.com.br\/wp-content\/uploads\/2024\/12\/Cabelo-Morena-Iluminada-2025-6.jpg\" alt=\"\" class=\"wp-image-100900\" title=\"\" srcset=\"https:\/\/danidrops.com.br\/wp-content\/uploads\/2024\/12\/Cabelo-Morena-Iluminada-2025-6.jpg 764w, https:\/\/danidrops.com.br\/wp-content\/uploads\/2024\/12\/Cabelo-Morena-Iluminada-2025-6-256x300.jpg 256w, https:\/\/danidrops.com.br\/wp-content\/uploads\/2024\/12\/Cabelo-Morena-Iluminada-2025-6-10x12.jpg 10w, https:\/\/danidrops.com.br\/wp-content\/uploads\/2024\/12\/Cabelo-Morena-Iluminada-2025-6-150x176.jpg 150w\" sizes=\"auto, (max-width: 764px) 100vw, 764px\" \/><figcaption class=\"wp-element-caption\">Capelli castani luminosi 2025<\/figcaption><\/figure>\n\n\n\n<p>La lunghezza media del long bob \u00e8 perfetta per chi cerca la praticit\u00e0 senza rinunciare allo stile, offrendo un look moderno ed elegante. Questo look si sposa perfettamente con diverse occasioni, rendendolo una scelta chiara per il prossimo anno.<\/p>\n\n\n\n<h2 class=\"wp-block-heading\"><span class=\"ez-toc-section\" id=\"Cabelo_Morena_Iluminada_com_cachos_volumosos\"><\/span>Capelli castani luminosi con riccioli voluminosi<span class=\"ez-toc-section-end\"><\/span><\/h2>\n\n\n\n<p>Lo stile castano evidenziato con riccioli voluminosi \u00e8 perfetto per chi desidera un look d&#039;impatto e sofisticato nel 2025. Le ciocche nei toni caramello e oro apportano profondit\u00e0 e lucentezza, evidenziando la definizione dei ricci ed esaltando il movimento naturale.<\/p>\n\n\n\n<figure class=\"wp-block-image size-full\"><img loading=\"lazy\" decoding=\"async\" width=\"764\" height=\"896\" src=\"https:\/\/danidrops.com.br\/wp-content\/uploads\/2024\/12\/Cabelo-Morena-Iluminada-2025-5.jpg\" alt=\"\" class=\"wp-image-100901\" title=\"\" srcset=\"https:\/\/danidrops.com.br\/wp-content\/uploads\/2024\/12\/Cabelo-Morena-Iluminada-2025-5.jpg 764w, https:\/\/danidrops.com.br\/wp-content\/uploads\/2024\/12\/Cabelo-Morena-Iluminada-2025-5-256x300.jpg 256w, https:\/\/danidrops.com.br\/wp-content\/uploads\/2024\/12\/Cabelo-Morena-Iluminada-2025-5-10x12.jpg 10w, https:\/\/danidrops.com.br\/wp-content\/uploads\/2024\/12\/Cabelo-Morena-Iluminada-2025-5-150x176.jpg 150w\" sizes=\"auto, (max-width: 764px) 100vw, 764px\" \/><figcaption class=\"wp-element-caption\">Capelli castani luminosi 2025<\/figcaption><\/figure>\n\n\n\n<p>Questo look potente unisce modernit\u00e0 ed eleganza, essendo l&#039;ideale per coloro che vogliono sfoggiare ciocche piene di vita e consistenza. Una scelta che celebra l&#039;autenticit\u00e0 ed esalta la bellezza naturale con un tocco di luminosit\u00e0.<\/p>\n\n\n\n<h2 class=\"wp-block-heading\"><span class=\"ez-toc-section\" id=\"Cabelo_Morena_Iluminada_com_camadas_longas\"><\/span>Capelli castani evidenziati con lunghi strati<span class=\"ez-toc-section-end\"><\/span><\/h2>\n\n\n\n<p>I capelli castani schiariti con lunghi strati apportano raffinatezza e movimento per il 2025. I delicati riflessi nei toni dorati e ramati creano un effetto di luce naturale, evidenziando il volume e la fluidit\u00e0 delle ciocche. <\/p>\n\n\n\n<figure class=\"wp-block-image size-full\"><img loading=\"lazy\" decoding=\"async\" width=\"764\" height=\"896\" src=\"https:\/\/danidrops.com.br\/wp-content\/uploads\/2024\/12\/Cabelo-Morena-Iluminada-2025-3.jpg\" alt=\"\" class=\"wp-image-100902\" title=\"\" srcset=\"https:\/\/danidrops.com.br\/wp-content\/uploads\/2024\/12\/Cabelo-Morena-Iluminada-2025-3.jpg 764w, https:\/\/danidrops.com.br\/wp-content\/uploads\/2024\/12\/Cabelo-Morena-Iluminada-2025-3-256x300.jpg 256w, https:\/\/danidrops.com.br\/wp-content\/uploads\/2024\/12\/Cabelo-Morena-Iluminada-2025-3-10x12.jpg 10w, https:\/\/danidrops.com.br\/wp-content\/uploads\/2024\/12\/Cabelo-Morena-Iluminada-2025-3-150x176.jpg 150w\" sizes=\"auto, (max-width: 764px) 100vw, 764px\" \/><figcaption class=\"wp-element-caption\">Capelli castani luminosi 2025<\/figcaption><\/figure>\n\n\n\n<p><figure class=\"wp-block-image\"><\/figure><\/p>\n\n\n\n<p>Gli strati lunghi garantiscono leggerezza e una cornice delicata al viso, donando un look elegante e attuale. Questo stile \u00e8 ideale per chi cerca un look classico, ma con un tocco moderno e luminoso.<\/p>\n\n\n\n<h2 class=\"wp-block-heading\"><span class=\"ez-toc-section\" id=\"Cabelo_Morena_Iluminada_com_cachos_definidos\"><\/span>Capelli castani luminosi con riccioli definiti<span class=\"ez-toc-section-end\"><\/span><\/h2>\n\n\n\n<p>Lo stile castano evidenziato con ricci definiti \u00e8 perfetto per evidenziare la texture naturale delle ciocche e aggiungere un tocco di luminosit\u00e0 nel 2025. I riflessi nei toni miele e oro creano un morbido contrasto, esaltando i ricci con profondit\u00e0 e lucentezza.<\/p>\n\n\n\n<figure class=\"wp-block-image size-full\"><img loading=\"lazy\" decoding=\"async\" width=\"764\" height=\"896\" src=\"https:\/\/danidrops.com.br\/wp-content\/uploads\/2024\/12\/Cabelo-Morena-Iluminada-2025-2.jpg\" alt=\"\" class=\"wp-image-100903\" title=\"\" srcset=\"https:\/\/danidrops.com.br\/wp-content\/uploads\/2024\/12\/Cabelo-Morena-Iluminada-2025-2.jpg 764w, https:\/\/danidrops.com.br\/wp-content\/uploads\/2024\/12\/Cabelo-Morena-Iluminada-2025-2-256x300.jpg 256w, https:\/\/danidrops.com.br\/wp-content\/uploads\/2024\/12\/Cabelo-Morena-Iluminada-2025-2-10x12.jpg 10w, https:\/\/danidrops.com.br\/wp-content\/uploads\/2024\/12\/Cabelo-Morena-Iluminada-2025-2-150x176.jpg 150w\" sizes=\"auto, (max-width: 764px) 100vw, 764px\" \/><figcaption class=\"wp-element-caption\">Capelli castani luminosi 2025<\/figcaption><\/figure>\n\n\n\n<p>Questo look unisce leggerezza e modernit\u00e0, con un&#039;illuminazione strategicamente distribuita per evidenziare il movimento dei capelli. \u00c8 la scelta ideale per chi cerca un look vivace e pieno di personalit\u00e0.<\/p>\n\n\n\n<h2 class=\"wp-block-heading\"><span class=\"ez-toc-section\" id=\"Cabelo_Morena_Iluminada_com_franja_longa\"><\/span>Capelli castani luminosi con frangia lunga<span class=\"ez-toc-section-end\"><\/span><\/h2>\n\n\n\n<p>Il look castano brillante con frangia lunga \u00e8 la definizione di raffinatezza e modernit\u00e0 per il 2025. I delicati riflessi nei toni dorati e caramello creano un effetto naturale e luminoso, evidenziando il movimento delle lunghe ciocche e donando profondit\u00e0 al colore di base.<\/p>\n\n\n\n<figure class=\"wp-block-image size-full\"><img loading=\"lazy\" decoding=\"async\" width=\"764\" height=\"896\" src=\"https:\/\/danidrops.com.br\/wp-content\/uploads\/2024\/12\/Cabelo-Morena-Iluminada-2025-1.jpg\" alt=\"\" class=\"wp-image-100904\" title=\"\" srcset=\"https:\/\/danidrops.com.br\/wp-content\/uploads\/2024\/12\/Cabelo-Morena-Iluminada-2025-1.jpg 764w, https:\/\/danidrops.com.br\/wp-content\/uploads\/2024\/12\/Cabelo-Morena-Iluminada-2025-1-256x300.jpg 256w, https:\/\/danidrops.com.br\/wp-content\/uploads\/2024\/12\/Cabelo-Morena-Iluminada-2025-1-10x12.jpg 10w, https:\/\/danidrops.com.br\/wp-content\/uploads\/2024\/12\/Cabelo-Morena-Iluminada-2025-1-150x176.jpg 150w\" sizes=\"auto, (max-width: 764px) 100vw, 764px\" \/><figcaption class=\"wp-element-caption\">Capelli castani luminosi 2025<\/figcaption><\/figure>\n\n\n\n<p>La frangia lunga e sfrangiata aggiunge un tocco di leggerezza al viso, garantendo uno stile classico e attuale allo stesso tempo. Questo look \u00e8 perfetto per chi cerca un equilibrio tra eleganza e casualit\u00e0, essendo una delle grandi scommesse per il prossimo anno.<\/p>\n\n\n\n<h2 class=\"wp-block-heading\"><span class=\"ez-toc-section\" id=\"Cabelo_Morena_Iluminada_com_corte_chanel\"><\/span>Capelli castani luminosi con taglio a caschetto<span class=\"ez-toc-section-end\"><\/span><\/h2>\n\n\n\n<p>Il taglio Chanel evidenziato \u00e8 uno dei momenti salienti del 2025 per la tendenza bruna evidenziata. I riflessi nei toni miele e oro creano un effetto sofisticato e illuminato, donando profondit\u00e0 e lucentezza allo sguardo.<\/p>\n\n\n\n<figure class=\"wp-block-image size-full\"><img loading=\"lazy\" decoding=\"async\" width=\"764\" height=\"896\" src=\"https:\/\/danidrops.com.br\/wp-content\/uploads\/2024\/12\/Cabelo-Morena-Iluminada-2025-4.jpg\" alt=\"\" class=\"wp-image-100905\" title=\"\" srcset=\"https:\/\/danidrops.com.br\/wp-content\/uploads\/2024\/12\/Cabelo-Morena-Iluminada-2025-4.jpg 764w, https:\/\/danidrops.com.br\/wp-content\/uploads\/2024\/12\/Cabelo-Morena-Iluminada-2025-4-256x300.jpg 256w, https:\/\/danidrops.com.br\/wp-content\/uploads\/2024\/12\/Cabelo-Morena-Iluminada-2025-4-10x12.jpg 10w, https:\/\/danidrops.com.br\/wp-content\/uploads\/2024\/12\/Cabelo-Morena-Iluminada-2025-4-150x176.jpg 150w\" sizes=\"auto, (max-width: 764px) 100vw, 764px\" \/><figcaption class=\"wp-element-caption\">Capelli castani luminosi 2025<\/figcaption><\/figure>\n\n\n\n<p>Con finitura ondulata e estremit\u00e0 leggermente sconnesse, questo modello unisce modernit\u00e0 ed eleganza, rendendolo ideale per le donne che ricercano la praticit\u00e0 senza rinunciare allo stile. Un look versatile e ricco di personalit\u00e0.<\/p>\n\n\n\n<h2 class=\"wp-block-heading\"><span class=\"ez-toc-section\" id=\"Quais_sao_os_cortes_de_cabelo_que_combinam_com_a_cor_morena_iluminada\"><\/span>Quali tagli di capelli stanno bene con un colore castano chiaro?<span class=\"ez-toc-section-end\"><\/span><\/h2>\n\n\n\n<p>Hai qualche dubbio su quale taglio di capelli si adatti a un colore castano chiaro? <strong>Vedi qui 10 consigli per tagliare che sembreranno incredibili<\/strong>.<\/p>\n\n\n\n<ul class=\"wp-block-list\">\n<li><strong style=\"font-size: revert; color: initial;\"><a href=\"https:\/\/danidrops.com.br\/it\/taglio-capelli-caschetto-lungo-2025\/\" data-type=\"link\" data-id=\"https:\/\/danidrops.com.br\/corte-de-cabelo-long-bob-2025\/\">Bob ondulato lungo<\/a><\/strong><span style=\"font-size: revert; color: initial;\"> \u2013 Un taglio medio con onde leggere che dona movimento e mette in risalto riflessi dorati e caramellati.<\/span><\/li>\n\n\n\n<li><strong style=\"font-size: revert; color: initial;\">Taglio lungo a strati<\/strong><span style=\"font-size: revert; color: initial;\"><span style=\"font-size: revert; color: initial;\"> &#8211; <\/span>Ideale per chi desidera leggerezza e movimento nelle proprie lunghe ciocche, esaltando l&#039;illuminazione con profondit\u00e0.<\/span><\/li>\n\n\n\n<li><strong style=\"font-size: revert; color: initial;\"><a href=\"https:\/\/danidrops.com.br\/it\/taglio-di-capelli-chanel-2024\/\" data-type=\"link\" data-id=\"https:\/\/danidrops.com.br\/corte-de-cabelo-chanel-2024\/\">Chanel Asimmetrico<\/a><\/strong><span style=\"font-size: revert; color: initial;\"><span style=\"font-size: revert; color: initial;\"> &#8211; <\/span>Un taglio classico, ma moderno che mette in risalto le ciocche evidenziate alle estremit\u00e0.<\/span><\/li>\n\n\n\n<li><strong style=\"font-size: revert; color: initial;\"><a href=\"https:\/\/danidrops.com.br\/it\/taglio-di-capelli-a-pixie\/\" data-type=\"link\" data-id=\"https:\/\/danidrops.com.br\/corte-de-cabelo-pixie-cut\/\">taglio pixie<\/a><\/strong><span style=\"font-size: revert; color: initial;\"><span style=\"font-size: revert; color: initial;\"> &#8211; <\/span>Elegante e pratico, questo taglio corto permette di effettuare dei colpi di sole per donare luminosit\u00e0 alla parte superiore e ai lati.<\/span><\/li>\n\n\n\n<li><strong style=\"font-size: revert; color: initial;\">Taglio dritto con frangia<\/strong><span style=\"font-size: revert; color: initial;\"><span style=\"font-size: revert; color: initial;\"> &#8211; <\/span>Uno stile minimalista che lascia in evidenza ciocche sottili e delicate.<\/span><\/li>\n\n\n\n<li><strong style=\"font-size: revert; color: initial;\">Taglio a U con estremit\u00e0 sfilacciate<\/strong><span style=\"font-size: revert; color: initial;\"><span style=\"font-size: revert; color: initial;\"> &#8211; <\/span>Perfetto per ciocche lunghe, esalta la brillantezza dei colpi di sole lungo le punte.<\/span><\/li>\n\n\n\n<li><strong style=\"font-size: revert; color: initial;\"><a href=\"https:\/\/danidrops.com.br\/it\/taglio-di-capelli-arruffato\/\" data-type=\"link\" data-id=\"https:\/\/danidrops.com.br\/corte-de-cabelo-shaggy-hair\/\">Capelli corti<\/a><\/strong><span style=\"font-size: revert; color: initial;\"> \u2013 Con strati disordinati e un look rilassato, questo taglio migliora l\u2019illuminazione naturale.<\/span><\/li>\n\n\n\n<li><strong style=\"font-size: revert; color: initial;\">Taglio tritato medio<\/strong><span style=\"font-size: revert; color: initial;\"><span style=\"font-size: revert; color: initial;\"> &#8211; <\/span>La lunghezza media con colpi di sole dona movimento e permette alle ciocche di creare un effetto naturale.<\/span><\/li>\n\n\n\n<li><strong style=\"font-size: revert; color: initial;\">Taglio lungo e smussato<\/strong><span style=\"font-size: revert; color: initial;\"><span style=\"font-size: revert; color: initial;\"> &#8211; <\/span>Un taglio dritto ed elegante che si abbina bene a delicati riflessi per un look raffinato.<\/span><\/li>\n\n\n\n<li><strong style=\"font-size: revert; color: initial;\"><a href=\"https:\/\/danidrops.com.br\/it\/taglio-di-capelli-alla-lupo\/\" data-type=\"link\" data-id=\"https:\/\/danidrops.com.br\/corte-de-cabelo-wolf-cut\/\">Taglio di lupo<\/a><\/strong><span style=\"font-size: revert; color: initial;\"><span style=\"font-size: revert; color: initial;\"> &#8211; <\/span>Una scelta audace e piena di attitudine, che combina strati sconnessi con un&#039;illuminazione sorprendente.<\/span><\/li>\n<\/ul>\n\n\n\n<h2 class=\"wp-block-heading\"><span class=\"ez-toc-section\" id=\"Quais_sao_as_tonalidades_mais_populares_da_morena_iluminada_em_2025\"><\/span>Quali sono le tonalit\u00e0 di castano chiaro pi\u00f9 apprezzate nel 2025?<span class=\"ez-toc-section-end\"><\/span><\/h2>\n\n\n\n<p>In <strong>le tonalit\u00e0 pi\u00f9 popolari di castano chiaro nel 2025<\/strong> offrono una variet\u00e0 di opzioni per migliorare la bellezza naturale dei capelli scuri. In base alle tendenze attuali, le tonalit\u00e0 pi\u00f9 ricercate sono:<\/p>\n\n\n\n<figure class=\"wp-block-table\"><table><tbody><tr><td><strong>Tipo<\/strong><\/td><td><strong>Tono<\/strong><\/td><td><strong>Descrizione<\/strong><\/td><\/tr><tr><td rowspan=\"3\">Toni caldi<\/td><td>Bruna illuminata dal caramello<\/td><td>Questa sfumatura aggiunge profondit\u00e0 e movimento ai capelli, creando un effetto sofisticato e naturale.<\/td><\/tr><tr><td>Bruna illuminata dal miele<\/td><td>Una combinazione perfetta che esalta le caratteristiche naturali, donando ai capelli una lucentezza morbida e luminosa.<\/td><\/tr><tr><td>Bruna illuminata dorata<\/td><td>Ciocche dai toni dorati che aggiungono lucentezza e luminosit\u00e0, creando un effetto radioso ed elegante.<\/td><\/tr><tr><td rowspan=\"3\">Toni della terra<\/td><td>Caff\u00e8 illuminato da una bruna<\/td><td>Calde sfumature nel tono del caff\u00e8, ideali per capelli medi e scuri, offrono un contrasto sottile ed elegante.<\/td><\/tr><tr><td>Bruna illuminata dal cioccolato<\/td><td>Un tono ricco e profondo che aggiunge dimensione e calore ai capelli scuri, perfetto per chi cerca un look sofisticato.<\/td><\/tr><tr><td>Bruna illuminata da nocciola<\/td><td>Una sfumatura che esalta la bellezza e il movimento naturale dei capelli, creando un look sofisticato ed elegante.<\/td><\/tr><tr><td rowspan=\"2\">Toni innovativi<\/td><td>Cappuccino illuminato dalla bruna<\/td><td>Un tono che si armonizza bene con tutte le tonalit\u00e0 della pelle, offrendo un&#039;illuminazione discreta ed elegante.<\/td><\/tr><tr><td>Bruna illuminata dal rame<\/td><td>Il perfetto equilibrio tra eleganza e modernit\u00e0, ideale per le brune che desiderano una trasformazione senza ricorrere ai toni biondi.<\/td><\/tr><\/tbody><\/table><figcaption class=\"wp-element-caption\">le tonalit\u00e0 pi\u00f9 popolari di castano chiaro nel 2025<\/figcaption><\/figure>\n\n\n\n<p>Queste sfumature possono essere applicate con sottili colpi di sole o balayage, creando un effetto naturale e graduale che valorizza i capelli scuri. La scelta ideale dovrebbe considerare il tono della pelle e le preferenze personali per un risultato naturale e illuminato.<\/p>\n\n\n\n<h2 class=\"wp-block-heading\"><span class=\"ez-toc-section\" id=\"Veja_5_formatos_de_rosto_que_combinam_com_Morena_Iluminada\"><\/span>Scopri 5 forme del viso che si adattano a una bruna brillante<span class=\"ez-toc-section-end\"><\/span><\/h2>\n\n\n\n<p>La tendenza Illuminated Brunette continua a conquistare le donne che vogliono mettere in risalto la naturale bellezza dei propri capelli con toni morbidi e luminosi. Questo stile versatile pu\u00f2 essere adattato alle diverse forme del viso, evidenziando le caratteristiche uniche di ogni persona.<\/p>\n\n\n\n<ul class=\"wp-block-list\">\n<li><strong>Volto ovale<\/strong> \u2013 Si adatta a qualsiasi stile di illuminazione, poich\u00e9 la forma ovale \u00e8 proporzionale ed equilibrata.<\/li>\n\n\n\n<li><strong>Viso tondo<\/strong> \u2013 Le ciocche distribuite sui lati aiutano ad allungare il viso e a creare armonia visiva.<\/li>\n\n\n\n<li><strong>Faccia quadrata<\/strong> \u2013 Le luci soffuse posizionate attorno alla mascella ammorbidiscono gli angoli forti.<\/li>\n\n\n\n<li><strong>Faccia del cuore<\/strong> \u2013 Toni chiari vicino alla fronte e punte evidenziate bilanciano la forma, evidenziandone la delicatezza.<\/li>\n\n\n\n<li><strong>Viso lungo<\/strong> \u2013 Le ciocche orizzontali e gli strati evidenziati creano volume e bilanciano le proporzioni del viso.<\/li>\n<\/ul>\n\n\n\n<h2 class=\"wp-block-heading\"><span class=\"ez-toc-section\" id=\"Perguntas_frequentes_sobre_o_Cabelo_Morena_Iluminada\"><\/span>Domande frequenti sui capelli castani luminosi<span class=\"ez-toc-section-end\"><\/span><\/h2>\n\n\n\n<h3 class=\"wp-block-heading\">Qual \u00e8 il colore migliore per una bruna con m\u00e8ches?<\/h3>\n\n\n\n<p>Non esiste un unico colore \u201cmigliore\u201d per una bruna con m\u00e8ches, poich\u00e9 la scelta ideale dipende dal tono della pelle e dalle preferenze personali. Tuttavia, alcune opzioni popolari includono:<\/p>\n\n\n\n<ul class=\"wp-block-list\">\n<li>Caramello<\/li>\n\n\n\n<li>Miele<\/li>\n\n\n\n<li>Nocciola<\/li>\n\n\n\n<li>Caff\u00e8<\/li>\n\n\n\n<li>Cioccolato<\/li>\n\n\n\n<li>D&#039;oro<\/li>\n<\/ul>\n\n\n\n<h2 class=\"wp-block-heading\"><span class=\"ez-toc-section\" id=\"Qual_a_tendencia_de_Morena_iluminada_para_2025\"><\/span>Qual \u00e8 la tendenza del castano brillante per il 2025?<span class=\"ez-toc-section-end\"><\/span><\/h2>\n\n\n\n<p>Nel 2025, la tendenza dei castani brillanti rimane forte, con particolare attenzione a:<\/p>\n\n\n\n<ul class=\"wp-block-list\">\n<li>Mantieni la tua base castana naturale<\/li>\n\n\n\n<li>Aggiungi sottili ciocche di colpi di sole per creare volume e lucentezza<\/li>\n\n\n\n<li>Toni caldi come cannella, nocciola, rame e caramello<\/li>\n\n\n\n<li>Risultati con un sottile contrasto, imitando gli effetti naturali del sole<\/li>\n<\/ul>\n\n\n\n<h2 class=\"wp-block-heading\"><span class=\"ez-toc-section\" id=\"Qual_o_tom_de_pele_que_combina_com_morena_iluminada\"><\/span>Quale tono della pelle si adatta a una bruna chiara?<span class=\"ez-toc-section-end\"><\/span><\/h2>\n\n\n\n<p>La bruna evidenziata \u00e8 versatile e pu\u00f2 essere adattata a diverse tonalit\u00e0 della pelle:<\/p>\n\n\n\n<ul class=\"wp-block-list\">\n<li>Pelle chiara: toni pi\u00f9 chiari come il biondo miele o il caramello<\/li>\n\n\n\n<li>Pelle media: tonalit\u00e0 come caramello, miele o oro<\/li>\n\n\n\n<li>Pelle olivastra o scura: toni pi\u00f9 intensi come cioccolato o cappuccino<\/li>\n<\/ul>\n\n\n\n<h2 class=\"wp-block-heading\"><span class=\"ez-toc-section\" id=\"Qual_e_o_tom_da_morena_iluminada\"><\/span>Qual \u00e8 il tono della bruna con m\u00e8ches?<span class=\"ez-toc-section-end\"><\/span><\/h2>\n\n\n\n<p>Le tonalit\u00e0 castane evidenziate variano, ma alcune popolari includono:<\/p>\n\n\n\n<ul class=\"wp-block-list\">\n<li>Caramello<\/li>\n\n\n\n<li>Miele<\/li>\n\n\n\n<li>Nocciola<\/li>\n\n\n\n<li>Caff\u00e8<\/li>\n\n\n\n<li>Mandorla<\/li>\n\n\n\n<li>Cioccolato<\/li>\n\n\n\n<li>Cannella<\/li>\n\n\n\n<li>Cappuccino<\/li>\n\n\n\n<li>Perla<\/li>\n<\/ul>\n\n\n\n<h2 class=\"wp-block-heading\"><span class=\"ez-toc-section\" id=\"Qual_numeracao_de_tinta_usar_para_morena_iluminada\"><\/span>Quale numero di vernice dovrei usare per una bruna con m\u00e8ches?<span class=\"ez-toc-section-end\"><\/span><\/h2>\n\n\n\n<p>Alcuni stili popolari per la bruna evidenziata includono:<\/p>\n\n\n\n<ul class=\"wp-block-list\">\n<li>6.35 Caramello Marrone Illuminato<\/li>\n\n\n\n<li>6.41 Caff\u00e8 marrone chiaro<\/li>\n\n\n\n<li>7.7 Marrone dorato<\/li>\n\n\n\n<li>5.3 Marrone dorato chiaro<\/li>\n<\/ul>\n\n\n\n<h2 class=\"wp-block-heading\"><span class=\"ez-toc-section\" id=\"Tem_como_fazer_morena_iluminada_sem_descolorir\"><\/span>Esiste un modo per ottenere una bruna brillante senza decolorarla?<span class=\"ez-toc-section-end\"><\/span><\/h2>\n\n\n\n<p>S\u00ec, \u00e8 possibile ottenere un castano brillante senza decolorarlo, soprattutto se i tuoi capelli naturali sono castano medio-chiaro. Le vernici generalmente schiariscono di due o tre toni. <\/p>\n\n\n\n<p>Per i capelli pi\u00f9 scuri potrebbe essere necessaria una leggera decolorazione. Esistono tecniche e prodotti specifici per ottenere l&#039;effetto castano brillante senza l&#039;uso di candeggina.<\/p>\n\n\n\n<h2 class=\"wp-block-heading\"><span class=\"ez-toc-section\" id=\"Quais_melhores_produtos_para_usar_no_cabelo_morena_iluminada\"><\/span>Quali sono i migliori prodotti da utilizzare sui capelli castani con m\u00e8ches?<span class=\"ez-toc-section-end\"><\/span><\/h2>\n\n\n\n<div class=\"w-full\">\n  <table>\n    <caption>\n      i migliori prodotti da utilizzare sui capelli castani con m\u00e8ches\n    <\/caption>\n    <tbody>\n\n<tr class=\"tr\">\n  <td class=\"td-img\">\n    <div class=\"rank\">1\u00b0<\/div>\n    <img loading=\"lazy\" decoding=\"async\" class=\"inline-block\" src=\"https:\/\/m.media-amazon.com\/images\/I\/51Sea96FTJL._AC_SL1000_.jpg\" alt=\"Shampoo Wella Professionals Color Motion+\" width=\"128\" height=\"128\" title=\"\">\n  <\/td>\n  <td class=\"td-name\">\n    <a href=\"https:\/\/amzn.to\/3W1zwkx\" target=\"_blank\" rel=\"noopener\">\n      <div class=\"product-title\">Shampoo Wella Professionals Color Motion+<\/div>\n      <div class=\"product-desc\">Questo shampoo \u00e8 appositamente formulato per capelli colorati e danneggiati. Aiuta a preservare il colore, dona lucentezza e morbidezza ai capelli, rendendoli perfetti per le castane chiare.<\/div>\n    <\/a>\n  <\/td>\n  <td class=\"td-button\">\n    <a href=\"https:\/\/amzn.to\/3W1zwkx\" target=\"_blank\" rel=\"noopener noreferrer nofollow\" class=\"button-list\">\n      <button class=\"my-button-l\">Vedi prezzo<\/button>\n    <\/a>\n    <span style=\"display: block; margin-top: 5px\">\n      <img decoding=\"async\" src=\"https:\/\/danidrops.com.br\/wp-content\/uploads\/2024\/04\/logo-amazon.svg\" alt=\"Shampoo e balsamo Truss Curly\" width=\"80\" title=\"\">\n    <\/span>\n  <\/td>\n<\/tr>\n\n<tr class=\"tr\">\n  <td class=\"td-img\">\n    <div class=\"rank\">2\u00b0<\/div>\n    <img loading=\"lazy\" decoding=\"async\" class=\"inline-block\" src=\"https:\/\/m.media-amazon.com\/images\/I\/416kaUKaWIL._AC_SL1000_.jpg\" alt=\"Kit Hidratei Spray Leave-in 250ml + Hidratei Noite 250ml Crema Notte Capelli\" width=\"128\" height=\"128\" title=\"\">\n  <\/td>\n  <td class=\"td-name\">\n    <a href=\"https:\/\/amzn.to\/4001pdQ\" target=\"_blank\" rel=\"noopener\">\n      <div class=\"product-title\">Kit Hidratei Spray Leave-in 250ml + Hidratei Noite 250ml Crema Notte Capelli<\/div>\n      <div class=\"product-desc\">Questo senza risciacquo \u00e8 ideale per i capelli colorati, come il castano chiaro. Aggiunge brillantezza al colore, oltre a mantenerlo protetto dallo sbiadimento, rendendolo un ottimo prodotto per l&#039;uso quotidiano.<\/div>\n    <\/a>\n  <\/td>\n  <td class=\"td-button\">\n    <a href=\"https:\/\/amzn.to\/4001pdQ\" target=\"_blank\" rel=\"noopener noreferrer nofollow\" class=\"button-list\">\n      <button class=\"my-button-l\">Vedi prezzo<\/button>\n    <\/a>\n    <span style=\"display: block; margin-top: 5px\">\n      <img decoding=\"async\" src=\"https:\/\/danidrops.com.br\/wp-content\/uploads\/2024\/04\/logo-amazon.svg\" alt=\"Shampoo e balsamo Truss Curly\" width=\"80\" title=\"\">\n    <\/span>\n  <\/td>\n<\/tr>\n\n<tr class=\"tr\">\n  <td class=\"td-img\">\n    <div class=\"rank\">3\u00b0<\/div>\n    <img loading=\"lazy\" decoding=\"async\" class=\"inline-block\" src=\"https:\/\/m.media-amazon.com\/images\/I\/41bC6AnVEDL._AC_SL1000_.jpg\" alt=\"L&#039;Or\u00e9al Professionnel Blondifier Gloss Maschera per capelli, ripristina e illumina i capelli\" width=\"128\" height=\"128\" title=\"\">\n  <\/td>\n  <td class=\"td-name\">\n    <a href=\"https:\/\/amzn.to\/3ZTKl9v\" target=\"_blank\" rel=\"noopener\">\n      <div class=\"product-title\">L&#039;Or\u00e9al Professionnel Blondifier Gloss Maschera per capelli, ripristina e illumina i capelli<\/div>\n      <div class=\"product-desc\">Sebbene sia rivolta ai capelli biondi, questa maschera \u00e8 ottima per le castane chiare. Dona vita e lucentezza intensa alle ciocche, oltre ad offrire riparazione per i capelli che hanno subito processi chimici.<\/div>\n    <\/a>\n  <\/td>\n  <td class=\"td-button\">\n    <a href=\"https:\/\/amzn.to\/3ZTKl9v\" target=\"_blank\" rel=\"noopener noreferrer nofollow\" class=\"button-list\">\n      <button class=\"my-button-l\">Vedi prezzo<\/button>\n    <\/a>\n    <span style=\"display: block; margin-top: 5px\">\n      <img decoding=\"async\" src=\"https:\/\/danidrops.com.br\/wp-content\/uploads\/2024\/04\/logo-amazon.svg\" alt=\"i migliori prodotti da utilizzare sui capelli castani con m\u00e8ches\" width=\"80\" title=\"\">\n    <\/span>\n  <\/td>\n<\/tr>\n\n    <\/tbody>\n  <\/table>\n<\/div>\n\n\n\n<p> <\/p>\n<div id=\"ez-toc-container\" class=\"ez-toc-v2_0_76 counter-hierarchy ez-toc-counter ez-toc-grey ez-toc-container-direction\">\n<p class=\"ez-toc-title\" style=\"cursor:inherit\">Leggerai questo articolo<\/p>\n<label for=\"ez-toc-cssicon-toggle-item-69f3ccef6e3ab\" class=\"ez-toc-cssicon-toggle-label\"><span class=\"ez-toc-cssicon\"><span class=\"eztoc-hide\" style=\"display:none;\">Attiva\/disattiva<\/span><span class=\"ez-toc-icon-toggle-span\"><svg style=\"fill: #999;color:#999\" xmlns=\"http:\/\/www.w3.org\/2000\/svg\" class=\"list-377408\" width=\"20px\" height=\"20px\" viewbox=\"0 0 24 24\" fill=\"none\"><path d=\"M6 6H4v2h2V6zm14 0H8v2h12V6zM4 11h2v2H4v-2zm16 0H8v2h12v-2zM4 16h2v2H4v-2zm16 0H8v2h12v-2z\" fill=\"currentColor\"><\/path><\/svg><svg style=\"fill: #999;color:#999\" class=\"arrow-unsorted-368013\" xmlns=\"http:\/\/www.w3.org\/2000\/svg\" width=\"10px\" height=\"10px\" viewbox=\"0 0 24 24\" version=\"1.2\" baseprofile=\"tiny\"><path d=\"M18.2 9.3l-6.2-6.3-6.2 6.3c-.2.2-.3.4-.3.7s.1.5.3.7c.2.2.4.3.7.3h11c.3 0 .5-.1.7-.3.2-.2.3-.5.3-.7s-.1-.5-.3-.7zM5.8 14.7l6.2 6.3 6.2-6.3c.2-.2.3-.5.3-.7s-.1-.5-.3-.7c-.2-.2-.4-.3-.7-.3h-11c-.3 0-.5.1-.7.3-.2.2-.3.5-.3.7s.1.5.3.7z\"\/><\/svg><\/span><\/span><\/label><input type=\"checkbox\"  id=\"ez-toc-cssicon-toggle-item-69f3ccef6e3ab\"  aria-label=\"Attiva\/disattiva\" \/><nav><ul class='ez-toc-list ez-toc-list-level-1' ><li class='ez-toc-page-1 ez-toc-heading-level-2'><a class=\"ez-toc-link ez-toc-heading-1\" href=\"https:\/\/danidrops.com.br\/it\/tendenza-capelli-castani-evidenziati-2025\/#Cabelo_Morena_Iluminada_com_corte_bob_ondulado\" >Capelli castani luminosi con taglio a caschetto ondulato<\/a><\/li><li class='ez-toc-page-1 ez-toc-heading-level-2'><a class=\"ez-toc-link ez-toc-heading-2\" href=\"https:\/\/danidrops.com.br\/it\/tendenza-capelli-castani-evidenziati-2025\/#Cabelo_Morena_Iluminada_com_camadas_desfiadas_e_luzes_sutis\" >Capelli castani luminosi con strati sfilacciati e riflessi sottili<\/a><\/li><li class='ez-toc-page-1 ez-toc-heading-level-2'><a class=\"ez-toc-link ez-toc-heading-3\" href=\"https:\/\/danidrops.com.br\/it\/tendenza-capelli-castani-evidenziati-2025\/#Cabelo_Morena_Iluminada_com_franja_reta_e_fios_longos\" >Capelli castani luminosi con frangia dritta e lunghe ciocche<\/a><\/li><li class='ez-toc-page-1 ez-toc-heading-level-2'><a class=\"ez-toc-link ez-toc-heading-4\" href=\"https:\/\/danidrops.com.br\/it\/tendenza-capelli-castani-evidenziati-2025\/#Cabelo_Morena_Iluminada_com_cachos_longos_e_definicao\" >Capelli castani luminosi con riccioli lunghi e definizione<\/a><\/li><li class='ez-toc-page-1 ez-toc-heading-level-2'><a class=\"ez-toc-link ez-toc-heading-5\" href=\"https:\/\/danidrops.com.br\/it\/tendenza-capelli-castani-evidenziati-2025\/#Cabelo_Morena_Iluminada_com_corte_pixie_sofisticado\" >Capelli castani luminosi con sofisticato taglio pixie<\/a><\/li><li class='ez-toc-page-1 ez-toc-heading-level-2'><a class=\"ez-toc-link ez-toc-heading-6\" href=\"https:\/\/danidrops.com.br\/it\/tendenza-capelli-castani-evidenziati-2025\/#Cabelo_Morena_Iluminada_com_franja_e_camadas_leves\" >Capelli castani luminosi con frangia e strati leggeri<\/a><\/li><li class='ez-toc-page-1 ez-toc-heading-level-2'><a class=\"ez-toc-link ez-toc-heading-7\" href=\"https:\/\/danidrops.com.br\/it\/tendenza-capelli-castani-evidenziati-2025\/#Cabelo_Morena_Iluminada_com_corte_long_bob\" >Capelli castani luminosi con taglio lungo a caschetto<\/a><\/li><li class='ez-toc-page-1 ez-toc-heading-level-2'><a class=\"ez-toc-link ez-toc-heading-8\" href=\"https:\/\/danidrops.com.br\/it\/tendenza-capelli-castani-evidenziati-2025\/#Cabelo_Morena_Iluminada_com_cachos_volumosos\" >Capelli castani luminosi con riccioli voluminosi<\/a><\/li><li class='ez-toc-page-1 ez-toc-heading-level-2'><a class=\"ez-toc-link ez-toc-heading-9\" href=\"https:\/\/danidrops.com.br\/it\/tendenza-capelli-castani-evidenziati-2025\/#Cabelo_Morena_Iluminada_com_camadas_longas\" >Capelli castani evidenziati con lunghi strati<\/a><\/li><li class='ez-toc-page-1 ez-toc-heading-level-2'><a class=\"ez-toc-link ez-toc-heading-10\" href=\"https:\/\/danidrops.com.br\/it\/tendenza-capelli-castani-evidenziati-2025\/#Cabelo_Morena_Iluminada_com_cachos_definidos\" >Capelli castani luminosi con riccioli definiti<\/a><\/li><li class='ez-toc-page-1 ez-toc-heading-level-2'><a class=\"ez-toc-link ez-toc-heading-11\" href=\"https:\/\/danidrops.com.br\/it\/tendenza-capelli-castani-evidenziati-2025\/#Cabelo_Morena_Iluminada_com_franja_longa\" >Capelli castani luminosi con frangia lunga<\/a><\/li><li class='ez-toc-page-1 ez-toc-heading-level-2'><a class=\"ez-toc-link ez-toc-heading-12\" href=\"https:\/\/danidrops.com.br\/it\/tendenza-capelli-castani-evidenziati-2025\/#Cabelo_Morena_Iluminada_com_corte_chanel\" >Capelli castani luminosi con taglio a caschetto<\/a><\/li><li class='ez-toc-page-1 ez-toc-heading-level-2'><a class=\"ez-toc-link ez-toc-heading-13\" href=\"https:\/\/danidrops.com.br\/it\/tendenza-capelli-castani-evidenziati-2025\/#Quais_sao_os_cortes_de_cabelo_que_combinam_com_a_cor_morena_iluminada\" >Quali tagli di capelli stanno bene con un colore castano chiaro?<\/a><\/li><li class='ez-toc-page-1 ez-toc-heading-level-2'><a class=\"ez-toc-link ez-toc-heading-14\" href=\"https:\/\/danidrops.com.br\/it\/tendenza-capelli-castani-evidenziati-2025\/#Quais_sao_as_tonalidades_mais_populares_da_morena_iluminada_em_2025\" >Quali sono le tonalit\u00e0 di castano chiaro pi\u00f9 apprezzate nel 2025?<\/a><\/li><li class='ez-toc-page-1 ez-toc-heading-level-2'><a class=\"ez-toc-link ez-toc-heading-15\" href=\"https:\/\/danidrops.com.br\/it\/tendenza-capelli-castani-evidenziati-2025\/#Veja_5_formatos_de_rosto_que_combinam_com_Morena_Iluminada\" >Scopri 5 forme del viso che si adattano a una bruna brillante<\/a><\/li><li class='ez-toc-page-1 ez-toc-heading-level-2'><a class=\"ez-toc-link ez-toc-heading-16\" href=\"https:\/\/danidrops.com.br\/it\/tendenza-capelli-castani-evidenziati-2025\/#Perguntas_frequentes_sobre_o_Cabelo_Morena_Iluminada\" >Domande frequenti sui capelli castani luminosi<\/a><\/li><li class='ez-toc-page-1 ez-toc-heading-level-2'><a class=\"ez-toc-link ez-toc-heading-17\" href=\"https:\/\/danidrops.com.br\/it\/tendenza-capelli-castani-evidenziati-2025\/#Qual_a_tendencia_de_Morena_iluminada_para_2025\" >Qual \u00e8 la tendenza del castano brillante per il 2025?<\/a><\/li><li class='ez-toc-page-1 ez-toc-heading-level-2'><a class=\"ez-toc-link ez-toc-heading-18\" href=\"https:\/\/danidrops.com.br\/it\/tendenza-capelli-castani-evidenziati-2025\/#Qual_o_tom_de_pele_que_combina_com_morena_iluminada\" >Quale tono della pelle si adatta a una bruna chiara?<\/a><\/li><li class='ez-toc-page-1 ez-toc-heading-level-2'><a class=\"ez-toc-link ez-toc-heading-19\" href=\"https:\/\/danidrops.com.br\/it\/tendenza-capelli-castani-evidenziati-2025\/#Qual_e_o_tom_da_morena_iluminada\" >Qual \u00e8 il tono della bruna con m\u00e8ches?<\/a><\/li><li class='ez-toc-page-1 ez-toc-heading-level-2'><a class=\"ez-toc-link ez-toc-heading-20\" href=\"https:\/\/danidrops.com.br\/it\/tendenza-capelli-castani-evidenziati-2025\/#Qual_numeracao_de_tinta_usar_para_morena_iluminada\" >Quale numero di vernice dovrei usare per una bruna con m\u00e8ches?<\/a><\/li><li class='ez-toc-page-1 ez-toc-heading-level-2'><a class=\"ez-toc-link ez-toc-heading-21\" href=\"https:\/\/danidrops.com.br\/it\/tendenza-capelli-castani-evidenziati-2025\/#Tem_como_fazer_morena_iluminada_sem_descolorir\" >Esiste un modo per ottenere una bruna brillante senza decolorarla?<\/a><\/li><li class='ez-toc-page-1 ez-toc-heading-level-2'><a class=\"ez-toc-link ez-toc-heading-22\" href=\"https:\/\/danidrops.com.br\/it\/tendenza-capelli-castani-evidenziati-2025\/#Quais_melhores_produtos_para_usar_no_cabelo_morena_iluminada\" >Quali sono i migliori prodotti da utilizzare sui capelli castani con m\u00e8ches?<\/a><\/li><\/ul><\/nav><\/div>","protected":false},"excerpt":{"rendered":"<p>A tend\u00eancia Cabelo Morena Iluminada segue forte em 2025, trazendo eleg\u00e2ncia e naturalidade para os cabelos escuros. Com tons quentes e terrosos como caramelo, mel&hellip;<\/p>","protected":false},"author":1,"featured_media":100918,"comment_status":"open","ping_status":"open","sticky":false,"template":"","format":"standard","meta":{"footnotes":""},"categories":[439],"tags":[],"class_list":["post-100892","post","type-post","status-publish","format-standard","has-post-thumbnail","hentry","category-cabelo"],"_links":{"self":[{"href":"https:\/\/danidrops.com.br\/it\/wp-json\/wp\/v2\/posts\/100892","targetHints":{"allow":["GET"]}}],"collection":[{"href":"https:\/\/danidrops.com.br\/it\/wp-json\/wp\/v2\/posts"}],"about":[{"href":"https:\/\/danidrops.com.br\/it\/wp-json\/wp\/v2\/types\/post"}],"author":[{"embeddable":true,"href":"https:\/\/danidrops.com.br\/it\/wp-json\/wp\/v2\/users\/1"}],"replies":[{"embeddable":true,"href":"https:\/\/danidrops.com.br\/it\/wp-json\/wp\/v2\/comments?post=100892"}],"version-history":[{"count":0,"href":"https:\/\/danidrops.com.br\/it\/wp-json\/wp\/v2\/posts\/100892\/revisions"}],"wp:featuredmedia":[{"embeddable":true,"href":"https:\/\/danidrops.com.br\/it\/wp-json\/wp\/v2\/media\/100918"}],"wp:attachment":[{"href":"https:\/\/danidrops.com.br\/it\/wp-json\/wp\/v2\/media?parent=100892"}],"wp:term":[{"taxonomy":"category","embeddable":true,"href":"https:\/\/danidrops.com.br\/it\/wp-json\/wp\/v2\/categories?post=100892"},{"taxonomy":"post_tag","embeddable":true,"href":"https:\/\/danidrops.com.br\/it\/wp-json\/wp\/v2\/tags?post=100892"}],"curies":[{"name":"parola chiave","href":"https:\/\/api.w.org\/{rel}","templated":true}]}}