{"id":102727,"date":"2025-09-03T22:43:57","date_gmt":"2025-09-04T01:43:57","guid":{"rendered":"https:\/\/danidrops.com.br\/?p=102727"},"modified":"2025-09-09T04:24:06","modified_gmt":"2025-09-09T07:24:06","slug":"tendenza-taglio-di-capelli-2026","status":"publish","type":"post","link":"https:\/\/danidrops.com.br\/it\/tendenza-taglio-di-capelli-2026\/","title":{"rendered":"Taglio di capelli 2026 \u2013 Scopri le tendenze in fatto di tagli e colori di capelli evidenziate dagli esperti"},"content":{"rendered":"<p>I tagli di capelli del 2026 arrivano con un focus su <strong>praticit\u00e0, stile e personalit\u00e0<\/strong>La tendenza \u00e8 quella di abbracciare look che valorizzano la texture naturale dei capelli, con forme moderne e voluminose. Dai caschetti rivisitati ai tagli audaci come il &quot;wolf cut&quot; rivisitato, queste tendenze riflettono libert\u00e0 e autenticit\u00e0.<\/p>\n\n\n\n<p>Secondo gli esperti di bellezza, questa nuova stagione di <a href=\"https:\/\/danidrops.com.br\/it\/tendenza-colori-capelli-2026\/\" data-type=\"link\" data-id=\"https:\/\/danidrops.com.br\/tendencia-de-cores-de-cabelo-2026\/\">colori dei capelli<\/a> e i tribunali promettono di unirsi <strong>classici rivisitati<\/strong> e <strong>nuove ispirazioni dalle passerelle internazionali<\/strong>, offrendo opzioni per tutti gli stili e tutte le et\u00e0. \u00c8 tempo di scoprire quale taglio riflette meglio la tua essenza nel 2026.<\/p>\n\n\n\n<figure class=\"wp-block-image size-large\"><img loading=\"lazy\" decoding=\"async\" width=\"1024\" height=\"603\" src=\"https:\/\/danidrops.com.br\/wp-content\/uploads\/2025\/09\/Corte-de-Cabelo-2026-\u2013-Conheca-as-tendencias-cortes-e-cores-de-cabelo-apontado-por-especialista-1-1024x603.jpg\" alt=\"Taglio di capelli 2026 \u2013 Scopri le tendenze in fatto di tagli e colori di capelli evidenziate dagli esperti\" class=\"wp-image-102789\" title=\"\" srcset=\"\" sizes=\"auto, (max-width: 1024px) 100vw, 1024px\" data-srcset=\"\" \/><figcaption class=\"wp-element-caption\">Taglio di capelli 2026 \u2013 Scopri le tendenze in fatto di tagli e colori di capelli evidenziate dagli esperti<\/figcaption><\/figure>\n\n\n\n<script type=\"application\/ld+json\">{\n    \"@context\": \"https:\\\/\\\/schema.org\",\n    \"@type\": \"FAQPage\",\n    \"mainEntity\": [\n        {\n            \"@type\": \"Question\",\n            \"name\": \"Como cuidar dos cabelos pintados\",\n            \"acceptedAnswer\": {\n                \"@type\": \"Answer\",\n                \"text\": \"O primeiro passo \\u00e9 escolher shampoos e condicionadores pr\\u00f3prios para cabelos coloridos, que limpam suavemente e protegem o pigmento. Lavar com \\u00e1gua fria ou morna ajuda a selar as cut\\u00edculas, enquanto a \\u00e1gua quente acelera o desbotamento. Hidrata\\u00e7\\u00f5es semanais e m\\u00e1scaras reparadoras devolvem a maciez e fortalecem os fios. Al\\u00e9m disso, \\u00e9 fundamental proteger o cabelo do calor com termoprotetores antes do uso de secador, chapinha ou babyliss, e evitar exposi\\u00e7\\u00e3o excessiva ao sol sem filtro UV capilar.\"\n            }\n        },\n        {\n            \"@type\": \"Question\",\n            \"name\": \"Como escolher a cor de cabelo que combine com sua cor de pele?\",\n            \"acceptedAnswer\": {\n                \"@type\": \"Answer\",\n                \"text\": \"Seguir essa l\\u00f3gica ajuda a valorizar a beleza individual e evitar contrastes que possam pesar na apar\\u00eancia. Pele clara rosada: tons loiros frios, platinados ou castanhos acinzentados equilibram a vermelhid\\u00e3o natural. Pele clara amarelada: loiros dourados, mel e castanhos quentes iluminam o rosto e trazem vitalidade. Pele morena: tons de chocolate, castanho m\\u00e9dio e caramelo criam contraste elegante e sofisticado. Pele oliva: ruivos acobreados, castanho escuro e loiros quentes harmonizam bem com o subtom. Pele negra: loiros dourados, ruivos intensos e tons avermelhados destacam a pele e d\\u00e3o luminosidade.\"\n            }\n        },\n        {\n            \"@type\": \"Question\",\n            \"name\": \"Quais os cortes de cabelo para 2026?\",\n            \"acceptedAnswer\": {\n                \"@type\": \"Answer\",\n                \"text\": \"Os cortes de cabelo que s\\u00e3o tend\\u00eancia em 2026 s\\u00e3o: Corte de cabelo Shaggy hair, Corte de cabelo Chanel, Corte de cabelo Pixie cut, Corte de cabelo Short Bob, Corte de Cabelo Wolf Cut, Corte de cabelo com franja, Corte de cabelo Undercut, Corte de cabelo Assim\\u00e9trico, Corte de cabelo Long Bob, Corte de cabelo Baby Bang, Corte de cabelo Sidecut\"\n            }\n        },\n        {\n            \"@type\": \"Question\",\n            \"name\": \"Quais s\\u00e3o as cores de cabelo para 2026?\",\n            \"acceptedAnswer\": {\n                \"@type\": \"Answer\",\n                \"text\": \"As cores de cabelo que s\\u00e3o tend\\u00eancia nos sal\\u00f5es de cabeleireiro em 2026 s\\u00e3o: Cor de Cabelo Loiro amanteigado, Cor de Cabelo Ruivo, Cor de Cabelo Ros\\u00e9 gold, Cor de Cabelo Platinado, Cor de Cabelo Ombr\\u00e9 natural, Cor de Cabelo Chocolate, Cor de Cabelo Preto azulado, Cor de Cabelo Loiro acinzentado, Cor de Cabelo Castanho claro dourado, Cor de Cabelo Cobre, Cor de Cabelo Marsala\"\n            }\n        }\n    ]\n}<\/script>\n\n\n\n<h2 class=\"wp-block-heading\"><span class=\"ez-toc-section\" id=\"Quais_os_cortes_de_cabelo_para_2026\"><\/span>Quali sono i tagli di capelli per il 2026?<span class=\"ez-toc-section-end\"><\/span><\/h2>\n\n\n\n<p>Voi <strong>tagli di capelli di tendenza nel 2026<\/strong> sono:<\/p>\n\n\n\n<ul class=\"wp-block-list\">\n<li>Taglio di capelli arruffato<\/li>\n\n\n\n<li>Taglio di capelli Chanel<\/li>\n\n\n\n<li>Taglio di capelli taglio pixie<\/li>\n\n\n\n<li>Taglio corto a caschetto<\/li>\n\n\n\n<li>Taglio di capelli taglio lupo<\/li>\n\n\n\n<li>taglio di capelli con la frangetta<\/li>\n\n\n\n<li>Taglio di capelli sottosquadro<\/li>\n\n\n\n<li>Taglio di capelli asimmetrico<\/li>\n\n\n\n<li>Taglio di capelli lungo a caschetto<\/li>\n\n\n\n<li>Taglio di capelli Baby Bang<\/li>\n\n\n\n<li>Taglio di capelli laterale<\/li>\n<\/ul>\n\n\n\n<h2 class=\"wp-block-heading\"><span class=\"ez-toc-section\" id=\"Corte_de_cabelo_Shaggy_hair\"><\/span>Taglio di capelli arruffato<span class=\"ez-toc-section-end\"><\/span><\/h2>\n\n\n\n<p>O <strong><a href=\"https:\/\/danidrops.com.br\/it\/taglio-di-capelli-arruffato\/\" data-type=\"link\" data-id=\"https:\/\/danidrops.com.br\/corte-de-cabelo-shaggy-hair\/\">Capelli arruffati<\/a><\/strong> \u00c8 un taglio moderno e voluminoso, caratterizzato da strati sfrangiati e una texture morbida. Aggiunge leggerezza, volume naturale e un tocco giovanile al look.<\/p>\n\n\n\n<figure class=\"wp-block-image size-large\"><img loading=\"lazy\" decoding=\"async\" width=\"683\" height=\"1024\" src=\"https:\/\/danidrops.com.br\/wp-content\/uploads\/2025\/09\/Corte-de-cabelo-Shaggy-hair-683x1024.jpg\" alt=\"Taglio di capelli arruffato\" class=\"wp-image-102728\" title=\"\" srcset=\"https:\/\/danidrops.com.br\/wp-content\/uploads\/2025\/09\/Corte-de-cabelo-Shaggy-hair-683x1024.jpg 683w, https:\/\/danidrops.com.br\/wp-content\/uploads\/2025\/09\/Corte-de-cabelo-Shaggy-hair-200x300.jpg 200w, https:\/\/danidrops.com.br\/wp-content\/uploads\/2025\/09\/Corte-de-cabelo-Shaggy-hair-768x1152.jpg 768w, https:\/\/danidrops.com.br\/wp-content\/uploads\/2025\/09\/Corte-de-cabelo-Shaggy-hair-1024x1536.jpg 1024w, https:\/\/danidrops.com.br\/wp-content\/uploads\/2025\/09\/Corte-de-cabelo-Shaggy-hair-8x12.jpg 8w, https:\/\/danidrops.com.br\/wp-content\/uploads\/2025\/09\/Corte-de-cabelo-Shaggy-hair-150x225.jpg 150w, https:\/\/danidrops.com.br\/wp-content\/uploads\/2025\/09\/Corte-de-cabelo-Shaggy-hair.jpg 1200w\" sizes=\"auto, (max-width: 683px) 100vw, 683px\" \/><figcaption class=\"wp-element-caption\">Taglio di capelli arruffato<\/figcaption><\/figure>\n\n\n\n<p>Versatile, si adatta a capelli lisci, mossi o ricci, valorizza il viso ed \u00e8 facile da mantenere. \u00c8 la scelta perfetta per chi cerca stile e praticit\u00e0 in un nuovo taglio di capelli per il 2026.<\/p>\n\n\n\n<h2 class=\"wp-block-heading\"><span class=\"ez-toc-section\" id=\"Corte_de_cabelo_Chanel\"><\/span>Taglio di capelli Chanel<span class=\"ez-toc-section-end\"><\/span><\/h2>\n\n\n\n<p>O <strong><a href=\"https:\/\/danidrops.com.br\/it\/taglio-di-capelli-chanel-2024\/\" data-type=\"link\" data-id=\"https:\/\/danidrops.com.br\/corte-de-cabelo-chanel-2024\/\">Taglio di capelli Chanel<\/a><\/strong> \u00c8 un classico che non passa mai di moda, caratterizzato dalla lunghezza al mento e dalle linee eleganti. Trasuda raffinatezza e si adatta a una variet\u00e0 di stili ed et\u00e0.<\/p>\n\n\n\n<figure class=\"wp-block-image size-large\"><img loading=\"lazy\" decoding=\"async\" width=\"683\" height=\"1024\" src=\"https:\/\/danidrops.com.br\/wp-content\/uploads\/2025\/09\/Corte-de-cabelo-Chanel-683x1024.jpg\" alt=\"Taglio di capelli Chanel\" class=\"wp-image-102730\" title=\"\" srcset=\"https:\/\/danidrops.com.br\/wp-content\/uploads\/2025\/09\/Corte-de-cabelo-Chanel-683x1024.jpg 683w, https:\/\/danidrops.com.br\/wp-content\/uploads\/2025\/09\/Corte-de-cabelo-Chanel-200x300.jpg 200w, https:\/\/danidrops.com.br\/wp-content\/uploads\/2025\/09\/Corte-de-cabelo-Chanel-768x1152.jpg 768w, https:\/\/danidrops.com.br\/wp-content\/uploads\/2025\/09\/Corte-de-cabelo-Chanel-1024x1536.jpg 1024w, https:\/\/danidrops.com.br\/wp-content\/uploads\/2025\/09\/Corte-de-cabelo-Chanel-8x12.jpg 8w, https:\/\/danidrops.com.br\/wp-content\/uploads\/2025\/09\/Corte-de-cabelo-Chanel-150x225.jpg 150w, https:\/\/danidrops.com.br\/wp-content\/uploads\/2025\/09\/Corte-de-cabelo-Chanel.jpg 1200w\" sizes=\"auto, (max-width: 683px) 100vw, 683px\" \/><figcaption class=\"wp-element-caption\">Taglio di capelli Chanel<\/figcaption><\/figure>\n\n\n\n<p>Pratico e versatile, pu\u00f2 essere indossato liscio per un look sofisticato o leggermente ondulato per un tocco moderno e rilassato. \u00c8 ideale per chi cerca eleganza e facilit\u00e0 di manutenzione.<\/p>\n\n\n\n<h2 class=\"wp-block-heading\"><span class=\"ez-toc-section\" id=\"Corte_de_cabelo_Pixie_cut\"><\/span>Taglio di capelli taglio pixie<span class=\"ez-toc-section-end\"><\/span><\/h2>\n\n\n\n<p>O <strong><a href=\"https:\/\/danidrops.com.br\/it\/taglio-di-capelli-a-pixie\/\" data-type=\"link\" data-id=\"https:\/\/danidrops.com.br\/corte-de-cabelo-pixie-cut\/\">taglio di capelli pixie cut<\/a><\/strong> \u00c8 un taglio corto, moderno e di personalit\u00e0, perfetto per mettere in risalto i lineamenti del viso e trasmettere sicurezza. Le sue linee leggere e femminili assicurano un look sofisticato e versatile.<\/p>\n\n\n\n<figure class=\"wp-block-image size-large\"><img loading=\"lazy\" decoding=\"async\" width=\"683\" height=\"1024\" src=\"https:\/\/danidrops.com.br\/wp-content\/uploads\/2025\/09\/Corte-de-cabelo-Pixie-cut-683x1024.jpg\" alt=\"Taglio di capelli taglio pixie\" class=\"wp-image-102732\" title=\"\" srcset=\"https:\/\/danidrops.com.br\/wp-content\/uploads\/2025\/09\/Corte-de-cabelo-Pixie-cut-683x1024.jpg 683w, https:\/\/danidrops.com.br\/wp-content\/uploads\/2025\/09\/Corte-de-cabelo-Pixie-cut-200x300.jpg 200w, https:\/\/danidrops.com.br\/wp-content\/uploads\/2025\/09\/Corte-de-cabelo-Pixie-cut-768x1152.jpg 768w, https:\/\/danidrops.com.br\/wp-content\/uploads\/2025\/09\/Corte-de-cabelo-Pixie-cut-1024x1536.jpg 1024w, https:\/\/danidrops.com.br\/wp-content\/uploads\/2025\/09\/Corte-de-cabelo-Pixie-cut-8x12.jpg 8w, https:\/\/danidrops.com.br\/wp-content\/uploads\/2025\/09\/Corte-de-cabelo-Pixie-cut-150x225.jpg 150w, https:\/\/danidrops.com.br\/wp-content\/uploads\/2025\/09\/Corte-de-cabelo-Pixie-cut.jpg 1200w\" sizes=\"auto, (max-width: 683px) 100vw, 683px\" \/><figcaption class=\"wp-element-caption\">Taglio di capelli taglio pixie<\/figcaption><\/figure>\n\n\n\n<p>Se stai pensando di tagliarti i capelli nel 2026, il taglio pixie \u00e8 pratico da indossare tutti i giorni, si adatta a diverse texture di capelli e pu\u00f2 essere portato liscio, spettinato o modellato con la brillantina per un tocco di stile. \u00c8 l&#039;ideale per chi cerca uno stile facile da gestire.<\/p>\n\n\n\n<h2 class=\"wp-block-heading\"><span class=\"ez-toc-section\" id=\"Corte_de_cabelo_Short_Bob\"><\/span>Taglio corto a caschetto<span class=\"ez-toc-section-end\"><\/span><\/h2>\n\n\n\n<p>O <strong><a href=\"https:\/\/danidrops.com.br\/it\/taglio-di-capelli-corto\/\" data-type=\"link\" data-id=\"https:\/\/danidrops.com.br\/corte-de-cabelo-short-bob\/\">taglio di capelli corto<\/a><\/strong> \u00c8 un taglio elegante e moderno, con ciocche lunghe fino al mento e base dritta che valorizza i contorni del viso. Garantisce un look sofisticato e fresco.<\/p>\n\n\n\n<figure class=\"wp-block-image size-large\"><img loading=\"lazy\" decoding=\"async\" width=\"683\" height=\"1024\" src=\"https:\/\/danidrops.com.br\/wp-content\/uploads\/2025\/09\/Corte-de-cabelo-Short-Bob-683x1024.jpg\" alt=\"Taglio corto a caschetto\" class=\"wp-image-102734\" title=\"\" srcset=\"https:\/\/danidrops.com.br\/wp-content\/uploads\/2025\/09\/Corte-de-cabelo-Short-Bob-683x1024.jpg 683w, https:\/\/danidrops.com.br\/wp-content\/uploads\/2025\/09\/Corte-de-cabelo-Short-Bob-200x300.jpg 200w, https:\/\/danidrops.com.br\/wp-content\/uploads\/2025\/09\/Corte-de-cabelo-Short-Bob-768x1152.jpg 768w, https:\/\/danidrops.com.br\/wp-content\/uploads\/2025\/09\/Corte-de-cabelo-Short-Bob-1024x1536.jpg 1024w, https:\/\/danidrops.com.br\/wp-content\/uploads\/2025\/09\/Corte-de-cabelo-Short-Bob-8x12.jpg 8w, https:\/\/danidrops.com.br\/wp-content\/uploads\/2025\/09\/Corte-de-cabelo-Short-Bob-150x225.jpg 150w, https:\/\/danidrops.com.br\/wp-content\/uploads\/2025\/09\/Corte-de-cabelo-Short-Bob.jpg 1200w\" sizes=\"auto, (max-width: 683px) 100vw, 683px\" \/><figcaption class=\"wp-element-caption\">Taglio corto a caschetto<\/figcaption><\/figure>\n\n\n\n<p>Versatile e facile da mantenere, pu\u00f2 essere indossato liscio per un look raffinato o leggermente ondulato per un look pi\u00f9 casual. \u00c8 ideale per chi cerca praticit\u00e0 senza rinunciare allo stile.<\/p>\n\n\n\n<h2 class=\"wp-block-heading\"><span class=\"ez-toc-section\" id=\"Corte_de_Cabelo_Wolf_Cut\"><\/span>Taglio di capelli taglio lupo<span class=\"ez-toc-section-end\"><\/span><\/h2>\n\n\n\n<p>O <strong><a href=\"https:\/\/danidrops.com.br\/it\/taglio-di-capelli-alla-lupo\/\" data-type=\"link\" data-id=\"https:\/\/danidrops.com.br\/corte-de-cabelo-wolf-cut\/\">taglio di capelli taglio lupo<\/a><\/strong> Unisce elementi dello shaggy e del mullet, creando un look moderno e audace. I suoi strati irregolari aggiungono movimento e volume, conferendo ai capelli un aspetto casual ma elegante.<\/p>\n\n\n\n<figure class=\"wp-block-image size-large\"><img loading=\"lazy\" decoding=\"async\" width=\"683\" height=\"1024\" src=\"https:\/\/danidrops.com.br\/wp-content\/uploads\/2025\/09\/Corte-de-Cabelo-Wolf-Cut-683x1024.jpg\" alt=\"Taglio di capelli taglio lupo\" class=\"wp-image-102736\" title=\"\" srcset=\"https:\/\/danidrops.com.br\/wp-content\/uploads\/2025\/09\/Corte-de-Cabelo-Wolf-Cut-683x1024.jpg 683w, https:\/\/danidrops.com.br\/wp-content\/uploads\/2025\/09\/Corte-de-Cabelo-Wolf-Cut-200x300.jpg 200w, https:\/\/danidrops.com.br\/wp-content\/uploads\/2025\/09\/Corte-de-Cabelo-Wolf-Cut-768x1152.jpg 768w, https:\/\/danidrops.com.br\/wp-content\/uploads\/2025\/09\/Corte-de-Cabelo-Wolf-Cut-1024x1536.jpg 1024w, https:\/\/danidrops.com.br\/wp-content\/uploads\/2025\/09\/Corte-de-Cabelo-Wolf-Cut-8x12.jpg 8w, https:\/\/danidrops.com.br\/wp-content\/uploads\/2025\/09\/Corte-de-Cabelo-Wolf-Cut-150x225.jpg 150w, https:\/\/danidrops.com.br\/wp-content\/uploads\/2025\/09\/Corte-de-Cabelo-Wolf-Cut.jpg 1200w\" sizes=\"auto, (max-width: 683px) 100vw, 683px\" \/><figcaption class=\"wp-element-caption\">Taglio di capelli taglio lupo<\/figcaption><\/figure>\n\n\n\n<p>Nel 2026, \u00e8 un taglio versatile che valorizza diverse texture di capelli, dal liscio al riccio, e sar\u00e0 di tendenza tra le donne. Facile da mantenere, si abbina bene alla frangia ed \u00e8 ideale per chi cerca un look giovane, audace e di personalit\u00e0.<\/p>\n\n\n\n<h2 class=\"wp-block-heading\"><span class=\"ez-toc-section\" id=\"Corte_de_cabelo_com_franja\"><\/span>taglio di capelli con la frangetta<span class=\"ez-toc-section-end\"><\/span><\/h2>\n\n\n\n<p>O <strong><a href=\"https:\/\/danidrops.com.br\/it\/tendenza-tagli-di-capelli-con-frangia-2025\/\" data-type=\"link\" data-id=\"https:\/\/danidrops.com.br\/tendencia-corte-de-cabelo-com-franja-2025\/\">taglio con frangia<\/a><\/strong> \u00c8 versatile e senza tempo, capace di trasformare all&#039;istante il tuo look. La frangia incornicia il viso, evidenziando gli occhi e addolcendo i lineamenti.<\/p>\n\n\n\n<figure class=\"wp-block-image size-large\"><img loading=\"lazy\" decoding=\"async\" width=\"683\" height=\"1024\" src=\"https:\/\/danidrops.com.br\/wp-content\/uploads\/2025\/09\/Corte-de-cabelo-com-franja-683x1024.jpg\" alt=\"taglio di capelli con la frangetta\" class=\"wp-image-102738\" title=\"\" srcset=\"https:\/\/danidrops.com.br\/wp-content\/uploads\/2025\/09\/Corte-de-cabelo-com-franja-683x1024.jpg 683w, https:\/\/danidrops.com.br\/wp-content\/uploads\/2025\/09\/Corte-de-cabelo-com-franja-200x300.jpg 200w, https:\/\/danidrops.com.br\/wp-content\/uploads\/2025\/09\/Corte-de-cabelo-com-franja-768x1152.jpg 768w, https:\/\/danidrops.com.br\/wp-content\/uploads\/2025\/09\/Corte-de-cabelo-com-franja-1024x1536.jpg 1024w, https:\/\/danidrops.com.br\/wp-content\/uploads\/2025\/09\/Corte-de-cabelo-com-franja-8x12.jpg 8w, https:\/\/danidrops.com.br\/wp-content\/uploads\/2025\/09\/Corte-de-cabelo-com-franja-150x225.jpg 150w, https:\/\/danidrops.com.br\/wp-content\/uploads\/2025\/09\/Corte-de-cabelo-com-franja.jpg 1200w\" sizes=\"auto, (max-width: 683px) 100vw, 683px\" \/><figcaption class=\"wp-element-caption\">taglio di capelli con la frangetta<\/figcaption><\/figure>\n\n\n\n<p>Pu\u00f2 essere indossato in diverse lunghezze e stili, da liscio a scalato, donando freschezza e modernit\u00e0 a qualsiasi acconciatura. \u00c8 un&#039;ottima scelta per chi cerca praticit\u00e0 senza rinunciare allo stile.<\/p>\n\n\n\n<h2 class=\"wp-block-heading\"><span class=\"ez-toc-section\" id=\"Corte_de_cabelo_Undercut\"><\/span>Taglio di capelli sottosquadro<span class=\"ez-toc-section-end\"><\/span><\/h2>\n\n\n\n<p>O <strong><a href=\"https:\/\/danidrops.com.br\/it\/taglio-di-capelli-sottosquadro\/\" data-type=\"link\" data-id=\"https:\/\/danidrops.com.br\/corte-de-cabelo-undercut\/\">Sottosquadro<\/a><\/strong> \u00c8 un taglio audace e moderno, caratterizzato da lati e nuca rasati o molto corti, in contrasto con la parte superiore pi\u00f9 lunga. Questo stile crea un impatto visivo e trasmette carattere.<\/p>\n\n\n\n<figure class=\"wp-block-image size-large\"><img loading=\"lazy\" decoding=\"async\" width=\"683\" height=\"1024\" src=\"https:\/\/danidrops.com.br\/wp-content\/uploads\/2025\/09\/Corte-de-cabelo-Undercut-683x1024.jpg\" alt=\"Taglio di capelli sottosquadro\" class=\"wp-image-102740\" title=\"\" srcset=\"https:\/\/danidrops.com.br\/wp-content\/uploads\/2025\/09\/Corte-de-cabelo-Undercut-683x1024.jpg 683w, https:\/\/danidrops.com.br\/wp-content\/uploads\/2025\/09\/Corte-de-cabelo-Undercut-200x300.jpg 200w, https:\/\/danidrops.com.br\/wp-content\/uploads\/2025\/09\/Corte-de-cabelo-Undercut-768x1152.jpg 768w, https:\/\/danidrops.com.br\/wp-content\/uploads\/2025\/09\/Corte-de-cabelo-Undercut-1024x1536.jpg 1024w, https:\/\/danidrops.com.br\/wp-content\/uploads\/2025\/09\/Corte-de-cabelo-Undercut-8x12.jpg 8w, https:\/\/danidrops.com.br\/wp-content\/uploads\/2025\/09\/Corte-de-cabelo-Undercut-150x225.jpg 150w, https:\/\/danidrops.com.br\/wp-content\/uploads\/2025\/09\/Corte-de-cabelo-Undercut.jpg 1200w\" sizes=\"auto, (max-width: 683px) 100vw, 683px\" \/><figcaption class=\"wp-element-caption\">Taglio di capelli sottosquadro<\/figcaption><\/figure>\n\n\n\n<p>Versatile, pu\u00f2 essere utilizzato su capelli lisci, mossi o ricci, consentendo una variet\u00e0 di finiture. \u00c8 ideale per chi desidera un look audace, di personalit\u00e0 e facile da acconciare.<\/p>\n\n\n\n<h2 class=\"wp-block-heading\"><span class=\"ez-toc-section\" id=\"Corte_de_cabelo_Assimetrico\"><\/span>Taglio di capelli asimmetrico<span class=\"ez-toc-section-end\"><\/span><\/h2>\n\n\n\n<p>O <strong><a href=\"https:\/\/danidrops.com.br\/it\/taglio-di-capelli-asimmetrico\/\" data-type=\"link\" data-id=\"https:\/\/danidrops.com.br\/corte-de-cabelo-assimetrico\/\">taglio asimmetrico<\/a><\/strong> \u00c8 moderno ed elegante, caratterizzato da ciocche di diverse lunghezze che creano un look audace e pieno di personalit\u00e0. Esalta i lineamenti del viso e aggiunge movimento ai capelli.<\/p>\n\n\n\n<figure class=\"wp-block-image size-large\"><img loading=\"lazy\" decoding=\"async\" width=\"683\" height=\"1024\" src=\"https:\/\/danidrops.com.br\/wp-content\/uploads\/2025\/09\/Corte-de-cabelo-Assimetrico-683x1024.jpg\" alt=\"Taglio di capelli asimmetrico\" class=\"wp-image-102742\" title=\"\" srcset=\"https:\/\/danidrops.com.br\/wp-content\/uploads\/2025\/09\/Corte-de-cabelo-Assimetrico-683x1024.jpg 683w, https:\/\/danidrops.com.br\/wp-content\/uploads\/2025\/09\/Corte-de-cabelo-Assimetrico-200x300.jpg 200w, https:\/\/danidrops.com.br\/wp-content\/uploads\/2025\/09\/Corte-de-cabelo-Assimetrico-768x1152.jpg 768w, https:\/\/danidrops.com.br\/wp-content\/uploads\/2025\/09\/Corte-de-cabelo-Assimetrico-1024x1536.jpg 1024w, https:\/\/danidrops.com.br\/wp-content\/uploads\/2025\/09\/Corte-de-cabelo-Assimetrico-8x12.jpg 8w, https:\/\/danidrops.com.br\/wp-content\/uploads\/2025\/09\/Corte-de-cabelo-Assimetrico-150x225.jpg 150w, https:\/\/danidrops.com.br\/wp-content\/uploads\/2025\/09\/Corte-de-cabelo-Assimetrico.jpg 1200w\" sizes=\"auto, (max-width: 683px) 100vw, 683px\" \/><figcaption class=\"wp-element-caption\">Taglio di capelli asimmetrico<\/figcaption><\/figure>\n\n\n\n<p>Versatile, si adatta a capelli lisci, mossi e ricci e consente una variet\u00e0 di finiture. \u00c8 ideale per chi cerca un look contemporaneo e d&#039;impatto senza rinunciare all&#039;eleganza.<\/p>\n\n\n\n<h2 class=\"wp-block-heading\"><span class=\"ez-toc-section\" id=\"Corte_de_cabelo_Long_Bob\"><\/span>Taglio di capelli lungo a caschetto<span class=\"ez-toc-section-end\"><\/span><\/h2>\n\n\n\n<p>O <strong><a href=\"https:\/\/danidrops.com.br\/it\/taglio-capelli-caschetto-lungo-2025\/\" data-type=\"link\" data-id=\"https:\/\/danidrops.com.br\/corte-de-cabelo-long-bob-2025\/\">taglio di capelli lungo caschetto da donna<\/a><\/strong> \u00c8 un taglio elegante e moderno, con una lunghezza fino alle spalle che valorizza la forma del viso. Aggiunge leggerezza ai capelli e garantisce un look sofisticato e contemporaneo.<\/p>\n\n\n\n<figure class=\"wp-block-image size-large\"><img loading=\"lazy\" decoding=\"async\" width=\"683\" height=\"1024\" src=\"https:\/\/danidrops.com.br\/wp-content\/uploads\/2025\/09\/Corte-de-cabelo-Long-Bob-683x1024.jpg\" alt=\"Taglio di capelli lungo a caschetto\" class=\"wp-image-102744\" title=\"\" srcset=\"https:\/\/danidrops.com.br\/wp-content\/uploads\/2025\/09\/Corte-de-cabelo-Long-Bob-683x1024.jpg 683w, https:\/\/danidrops.com.br\/wp-content\/uploads\/2025\/09\/Corte-de-cabelo-Long-Bob-200x300.jpg 200w, https:\/\/danidrops.com.br\/wp-content\/uploads\/2025\/09\/Corte-de-cabelo-Long-Bob-768x1152.jpg 768w, https:\/\/danidrops.com.br\/wp-content\/uploads\/2025\/09\/Corte-de-cabelo-Long-Bob-1024x1536.jpg 1024w, https:\/\/danidrops.com.br\/wp-content\/uploads\/2025\/09\/Corte-de-cabelo-Long-Bob-8x12.jpg 8w, https:\/\/danidrops.com.br\/wp-content\/uploads\/2025\/09\/Corte-de-cabelo-Long-Bob-150x225.jpg 150w, https:\/\/danidrops.com.br\/wp-content\/uploads\/2025\/09\/Corte-de-cabelo-Long-Bob.jpg 1200w\" sizes=\"auto, (max-width: 683px) 100vw, 683px\" \/><figcaption class=\"wp-element-caption\">Taglio di capelli lungo a caschetto<\/figcaption><\/figure>\n\n\n\n<p>Molto versatile, pu\u00f2 essere indossato liscio, ondulato o con le punte staccate, adattandosi a diversi stili. \u00c8 ideale per chi desidera praticit\u00e0 senza rinunciare a stile e movimento.<\/p>\n\n\n\n<h2 class=\"wp-block-heading\"><span class=\"ez-toc-section\" id=\"Corte_de_cabelo_Baby_Bang\"><\/span>Taglio di capelli Baby Bang<span class=\"ez-toc-section-end\"><\/span><\/h2>\n\n\n\n<p>O <strong><a href=\"https:\/\/danidrops.com.br\/it\/taglio-di-capelli-con-frangia-da-bambina\/\" data-type=\"link\" data-id=\"https:\/\/danidrops.com.br\/corte-de-cabelo-baby-bang\">taglio baby bang da donna<\/a><\/strong> \u00c8 caratterizzato da una frangia corta, sopra le sopracciglia, che conferisce al look un tocco audace e moderno. Questo stile mette in risalto gli occhi e aggiunge personalit\u00e0 al taglio.<\/p>\n\n\n\n<figure class=\"wp-block-image size-large\"><img loading=\"lazy\" decoding=\"async\" width=\"683\" height=\"1024\" src=\"https:\/\/danidrops.com.br\/wp-content\/uploads\/2025\/09\/Corte-de-cabelo-Baby-Bang-683x1024.jpg\" alt=\"Taglio di capelli Baby Bang\" class=\"wp-image-102746\" title=\"\" srcset=\"https:\/\/danidrops.com.br\/wp-content\/uploads\/2025\/09\/Corte-de-cabelo-Baby-Bang-683x1024.jpg 683w, https:\/\/danidrops.com.br\/wp-content\/uploads\/2025\/09\/Corte-de-cabelo-Baby-Bang-200x300.jpg 200w, https:\/\/danidrops.com.br\/wp-content\/uploads\/2025\/09\/Corte-de-cabelo-Baby-Bang-768x1152.jpg 768w, https:\/\/danidrops.com.br\/wp-content\/uploads\/2025\/09\/Corte-de-cabelo-Baby-Bang-1024x1536.jpg 1024w, https:\/\/danidrops.com.br\/wp-content\/uploads\/2025\/09\/Corte-de-cabelo-Baby-Bang-8x12.jpg 8w, https:\/\/danidrops.com.br\/wp-content\/uploads\/2025\/09\/Corte-de-cabelo-Baby-Bang-150x225.jpg 150w, https:\/\/danidrops.com.br\/wp-content\/uploads\/2025\/09\/Corte-de-cabelo-Baby-Bang.jpg 1200w\" sizes=\"auto, (max-width: 683px) 100vw, 683px\" \/><figcaption class=\"wp-element-caption\">Taglio di capelli Baby Bang<\/figcaption><\/figure>\n\n\n\n<p>Pu\u00f2 essere abbinato a diverse lunghezze di capelli, da corti a medi, donando un tocco retr\u00f2 ma contemporaneo. Ideale per chi desidera un look autentico e audace.<\/p>\n\n\n\n<h2 class=\"wp-block-heading\"><span class=\"ez-toc-section\" id=\"Corte_de_cabelo_Sidecut\"><\/span>Taglio di capelli laterale<span class=\"ez-toc-section-end\"><\/span><\/h2>\n\n\n\n<p>O <strong><a href=\"https:\/\/danidrops.com.br\/it\/taglio-di-capelli-con-sciancratura\/\" data-type=\"link\" data-id=\"https:\/\/danidrops.com.br\/corte-de-cabelo-sidecut\/\">taglio laterale<\/a><\/strong> \u00c8 un taglio audace e d&#039;effetto, caratterizzato da un lato rasato o molto corto, in contrasto con il resto dei capelli, che sono pi\u00f9 lunghi. Questo stile trasuda audacia e personalit\u00e0.<\/p>\n\n\n\n<figure class=\"wp-block-image size-large\"><img loading=\"lazy\" decoding=\"async\" width=\"683\" height=\"1024\" src=\"https:\/\/danidrops.com.br\/wp-content\/uploads\/2025\/09\/Corte-de-cabelo-Sidecut-683x1024.jpg\" alt=\"Taglio di capelli laterale\" class=\"wp-image-102747\" title=\"\" srcset=\"https:\/\/danidrops.com.br\/wp-content\/uploads\/2025\/09\/Corte-de-cabelo-Sidecut-683x1024.jpg 683w, https:\/\/danidrops.com.br\/wp-content\/uploads\/2025\/09\/Corte-de-cabelo-Sidecut-200x300.jpg 200w, https:\/\/danidrops.com.br\/wp-content\/uploads\/2025\/09\/Corte-de-cabelo-Sidecut-768x1152.jpg 768w, https:\/\/danidrops.com.br\/wp-content\/uploads\/2025\/09\/Corte-de-cabelo-Sidecut-1024x1536.jpg 1024w, https:\/\/danidrops.com.br\/wp-content\/uploads\/2025\/09\/Corte-de-cabelo-Sidecut-8x12.jpg 8w, https:\/\/danidrops.com.br\/wp-content\/uploads\/2025\/09\/Corte-de-cabelo-Sidecut-150x225.jpg 150w, https:\/\/danidrops.com.br\/wp-content\/uploads\/2025\/09\/Corte-de-cabelo-Sidecut.jpg 1200w\" sizes=\"auto, (max-width: 683px) 100vw, 683px\" \/><figcaption class=\"wp-element-caption\">Taglio di capelli laterale<\/figcaption><\/figure>\n\n\n\n<p>Pu\u00f2 essere indossato in diverse lunghezze e texture, consentendo abbinamenti creativi con onde, ricci o capelli lisci. \u00c8 ideale per chi desidera un look moderno, autentico e insolito.<\/p>\n\n\n\n<h2 class=\"wp-block-heading\"><span class=\"ez-toc-section\" id=\"Como_escolher_um_corte_de_cabelo_com_base_no_formato_do_rosto\"><\/span>Come scegliere un taglio di capelli in base alla forma del viso?<span class=\"ez-toc-section-end\"><\/span><\/h2>\n\n\n\n<p>Scegliere un taglio di capelli in base alla forma del viso \u00e8 fondamentale per valorizzare la bellezza naturale e creare un look armonioso. <\/p>\n\n\n\n<p>Il segreto sta nell&#039;equilibrio delle proporzioni: i visi rotondi richiedono tagli allungati, come il caschetto lungo o il pixie asimmetrico; i visi ovali accettano quasi tutti gli stili, valorizzando la simmetria; i visi quadrati appaiono pi\u00f9 morbidi con tagli scalati e irregolari che spezzano gli angoli. <\/p>\n\n\n\n<figure class=\"wp-block-image size-large\"><img loading=\"lazy\" decoding=\"async\" width=\"1024\" height=\"748\" src=\"https:\/\/danidrops.com.br\/wp-content\/uploads\/2025\/09\/cortes-de-cabelo-que-combinam-com-seu-formato-de-rosto-1024x748.jpg\" alt=\"Come scegliere un taglio di capelli in base alla forma del viso?\" class=\"wp-image-102784\" title=\"\" srcset=\"https:\/\/danidrops.com.br\/wp-content\/uploads\/2025\/09\/cortes-de-cabelo-que-combinam-com-seu-formato-de-rosto-1024x748.jpg 1024w, https:\/\/danidrops.com.br\/wp-content\/uploads\/2025\/09\/cortes-de-cabelo-que-combinam-com-seu-formato-de-rosto-300x219.jpg 300w, https:\/\/danidrops.com.br\/wp-content\/uploads\/2025\/09\/cortes-de-cabelo-que-combinam-com-seu-formato-de-rosto-768x561.jpg 768w, https:\/\/danidrops.com.br\/wp-content\/uploads\/2025\/09\/cortes-de-cabelo-que-combinam-com-seu-formato-de-rosto-16x12.jpg 16w, https:\/\/danidrops.com.br\/wp-content\/uploads\/2025\/09\/cortes-de-cabelo-que-combinam-com-seu-formato-de-rosto-150x110.jpg 150w, https:\/\/danidrops.com.br\/wp-content\/uploads\/2025\/09\/cortes-de-cabelo-que-combinam-com-seu-formato-de-rosto.jpg 1200w\" sizes=\"auto, (max-width: 1024px) 100vw, 1024px\" \/><figcaption class=\"wp-element-caption\">Come scegliere un taglio di capelli in base alla forma del viso?<\/figcaption><\/figure>\n\n\n\n<p>Per i visi a forma di cuore, la frangia laterale e i tagli di media lunghezza aiutano a bilanciare la fronte e il mento, mentre i visi lunghi traggono vantaggio dalla frangia dritta e dai tagli che aggiungono volume ai lati. <\/p>\n\n\n\n<figure class=\"wp-block-image size-large\"><img loading=\"lazy\" decoding=\"async\" width=\"1024\" height=\"748\" src=\"https:\/\/danidrops.com.br\/wp-content\/uploads\/2025\/09\/Como-escolher-um-corte-de-cabelo-com-base-no-formato-do-rosto-1024x748.jpg\" alt=\"Come scegliere un taglio di capelli in base alla forma del viso\" class=\"wp-image-102787\" title=\"\" srcset=\"https:\/\/danidrops.com.br\/wp-content\/uploads\/2025\/09\/Como-escolher-um-corte-de-cabelo-com-base-no-formato-do-rosto-1024x748.jpg 1024w, https:\/\/danidrops.com.br\/wp-content\/uploads\/2025\/09\/Como-escolher-um-corte-de-cabelo-com-base-no-formato-do-rosto-300x219.jpg 300w, https:\/\/danidrops.com.br\/wp-content\/uploads\/2025\/09\/Como-escolher-um-corte-de-cabelo-com-base-no-formato-do-rosto-768x561.jpg 768w, https:\/\/danidrops.com.br\/wp-content\/uploads\/2025\/09\/Como-escolher-um-corte-de-cabelo-com-base-no-formato-do-rosto-16x12.jpg 16w, https:\/\/danidrops.com.br\/wp-content\/uploads\/2025\/09\/Como-escolher-um-corte-de-cabelo-com-base-no-formato-do-rosto-150x110.jpg 150w, https:\/\/danidrops.com.br\/wp-content\/uploads\/2025\/09\/Como-escolher-um-corte-de-cabelo-com-base-no-formato-do-rosto.jpg 1200w\" sizes=\"auto, (max-width: 1024px) 100vw, 1024px\" \/><figcaption class=\"wp-element-caption\">Come scegliere un taglio di capelli in base alla forma del viso<\/figcaption><\/figure>\n\n\n\n<p>Pertanto, il taglio scelto non solo segue la tendenza, ma mette anche in risalto le caratteristiche uniche di ogni persona.<\/p>\n\n\n\n<figure class=\"wp-block-table has-small-font-size\"><table class=\"has-fixed-layout\"><thead><tr><th><strong>forma del viso<\/strong><\/th><th><strong>Tagli che corrispondono<\/strong><\/th><th><strong>Perch\u00e9 favoriscono<\/strong><\/th><\/tr><\/thead><tbody><tr><td><strong>Viso tondo<\/strong><\/td><td>Bob lungo, taglio pixie asimmetrico, capelli spettinati<\/td><td>Creano linee allungate e angoli che bilanciano la larghezza del viso, snellendolo visivamente e conferendogli maggiore definizione.<\/td><\/tr><tr><td><strong>faccia ovale<\/strong><\/td><td>Classico Chanel, caschetto liscio, taglio a lupo<\/td><td>Questa forma \u00e8 versatile e armoniosa e consente tagli diversi che mettono in risalto la simmetria naturale e valorizzano le caratteristiche equilibrate.<\/td><\/tr><tr><td><strong>Faccia squadrata<\/strong><\/td><td>Taglio lungo a strati, caschetto mosso, taglio laterale femminile<\/td><td>Ammorbidiscono gli angoli acuti della mascella, dando movimento alle ciocche e creando contrasto per far apparire il viso pi\u00f9 chiaro.<\/td><\/tr><tr><td><strong>Faccia a cuore<\/strong><\/td><td>Frangia laterale lunga, caschetto lungo a strati, taglio medio a strati<\/td><td>Bilanciano la fronte pi\u00f9 ampia e il mento stretto, creando proporzione e morbidezza nella parte inferiore del viso.<\/td><\/tr><tr><td><strong>Viso allungato<\/strong><\/td><td>Taglio medio con frangia dritta, caschetto lungo fino al mento, strati voluminosi<\/td><td>Riducono la sensazione di lunghezza, aggiungendo volume ai lati e bilanciando le proporzioni.<\/td><\/tr><\/tbody><\/table><\/figure>\n\n\n\n<figure class=\"wp-block-image size-large\"><img loading=\"lazy\" decoding=\"async\" width=\"1024\" height=\"748\" src=\"https:\/\/danidrops.com.br\/wp-content\/uploads\/2025\/09\/cores-de-cabelo-que-sao-tendencia-nos-saloes-de-cabeleireiro-em-2026-1024x748.jpg\" alt=\"colori di capelli di tendenza nei saloni di parrucchiere nel 2026\" class=\"wp-image-102785\" title=\"\" srcset=\"https:\/\/danidrops.com.br\/wp-content\/uploads\/2025\/09\/cores-de-cabelo-que-sao-tendencia-nos-saloes-de-cabeleireiro-em-2026-1024x748.jpg 1024w, https:\/\/danidrops.com.br\/wp-content\/uploads\/2025\/09\/cores-de-cabelo-que-sao-tendencia-nos-saloes-de-cabeleireiro-em-2026-300x219.jpg 300w, https:\/\/danidrops.com.br\/wp-content\/uploads\/2025\/09\/cores-de-cabelo-que-sao-tendencia-nos-saloes-de-cabeleireiro-em-2026-768x561.jpg 768w, https:\/\/danidrops.com.br\/wp-content\/uploads\/2025\/09\/cores-de-cabelo-que-sao-tendencia-nos-saloes-de-cabeleireiro-em-2026-16x12.jpg 16w, https:\/\/danidrops.com.br\/wp-content\/uploads\/2025\/09\/cores-de-cabelo-que-sao-tendencia-nos-saloes-de-cabeleireiro-em-2026-150x110.jpg 150w, https:\/\/danidrops.com.br\/wp-content\/uploads\/2025\/09\/cores-de-cabelo-que-sao-tendencia-nos-saloes-de-cabeleireiro-em-2026.jpg 1200w\" sizes=\"auto, (max-width: 1024px) 100vw, 1024px\" \/><figcaption class=\"wp-element-caption\">colori di capelli di tendenza nei saloni di parrucchiere nel 2026<\/figcaption><\/figure>\n\n\n\n<h2 class=\"wp-block-heading\"><span class=\"ez-toc-section\" id=\"Quais_sao_as_cores_de_cabelo_para_2026\"><\/span>Quali saranno i colori dei capelli per il 2026?<span class=\"ez-toc-section-end\"><\/span><\/h2>\n\n\n\n<p>In <strong>colori di capelli di tendenza nei saloni di parrucchiere nel 2026<\/strong> sono:<\/p>\n\n\n\n<ul class=\"wp-block-list\">\n<li>Colore dei capelli biondo burro<\/li>\n\n\n\n<li>colore dei capelli rossi<\/li>\n\n\n\n<li>Colore dei capelli oro rosato<\/li>\n\n\n\n<li>colore dei capelli platino<\/li>\n\n\n\n<li>Colore naturale dei capelli ombr\u00e9<\/li>\n\n\n\n<li>Colore dei capelli al cioccolato<\/li>\n\n\n\n<li>Colore dei capelli blu-nero<\/li>\n\n\n\n<li>Colore dei capelli biondo cenere<\/li>\n\n\n\n<li>Colore dei capelli castano dorato chiaro<\/li>\n\n\n\n<li>Colore dei capelli color rame<\/li>\n\n\n\n<li>Colore dei capelli Marsala<\/li>\n<\/ul>\n\n\n\n<h2 class=\"wp-block-heading\"><span class=\"ez-toc-section\" id=\"Cor_de_Cabelo_Ruivo\"><\/span>colore dei capelli rossi<span class=\"ez-toc-section-end\"><\/span><\/h2>\n\n\n\n<p>Il <strong>colore dei capelli rossi<\/strong> \u00c8 intenso, sorprendente e pieno di personalit\u00e0, capace di trasformare completamente un look. Con sfumature che vanno dal rame tenue al rosso intenso, il rosso valorizza diversi stili e accentua la luminosit\u00e0 della pelle.<\/p>\n\n\n\n<figure class=\"wp-block-image size-large\"><img loading=\"lazy\" decoding=\"async\" width=\"683\" height=\"1024\" src=\"https:\/\/danidrops.com.br\/wp-content\/uploads\/2025\/09\/Cor-de-Cabelo-Ruivo-683x1024.jpg\" alt=\"colore dei capelli rossi\" class=\"wp-image-102756\" title=\"\" srcset=\"https:\/\/danidrops.com.br\/wp-content\/uploads\/2025\/09\/Cor-de-Cabelo-Ruivo-683x1024.jpg 683w, https:\/\/danidrops.com.br\/wp-content\/uploads\/2025\/09\/Cor-de-Cabelo-Ruivo-200x300.jpg 200w, https:\/\/danidrops.com.br\/wp-content\/uploads\/2025\/09\/Cor-de-Cabelo-Ruivo-768x1152.jpg 768w, https:\/\/danidrops.com.br\/wp-content\/uploads\/2025\/09\/Cor-de-Cabelo-Ruivo-1024x1536.jpg 1024w, https:\/\/danidrops.com.br\/wp-content\/uploads\/2025\/09\/Cor-de-Cabelo-Ruivo-8x12.jpg 8w, https:\/\/danidrops.com.br\/wp-content\/uploads\/2025\/09\/Cor-de-Cabelo-Ruivo-150x225.jpg 150w, https:\/\/danidrops.com.br\/wp-content\/uploads\/2025\/09\/Cor-de-Cabelo-Ruivo.jpg 1200w\" sizes=\"auto, (max-width: 683px) 100vw, 683px\" \/><figcaption class=\"wp-element-caption\">colore dei capelli rossi<\/figcaption><\/figure>\n\n\n\n<p>Versatile e contemporaneo, si abbina bene ai tagli moderni e valorizza istantaneamente il viso. \u00c8 la scelta perfetta per chi desidera un look vibrante, sofisticato e sempre al passo con i tempi.<\/p>\n\n\n\n<h2 class=\"wp-block-heading\"><span class=\"ez-toc-section\" id=\"Cor_de_Cabelo_Loiro_Amanteigado\"><\/span>Colore dei capelli biondo burro<span class=\"ez-toc-section-end\"><\/span><\/h2>\n\n\n\n<p>O <strong>biondo burroso<\/strong> \u00c8 una tonalit\u00e0 sofisticata che fonde sfumature dorate e fredde, per un look luminoso e naturale. Questo colore esalta la lucentezza dei capelli e dona un&#039;immediata freschezza al viso.<\/p>\n\n\n\n<figure class=\"wp-block-image size-large\"><img loading=\"lazy\" decoding=\"async\" width=\"683\" height=\"1024\" src=\"https:\/\/danidrops.com.br\/wp-content\/uploads\/2025\/09\/Cor-de-Cabelo-Loiro-amanteigado-683x1024.jpg\" alt=\"Colore dei capelli biondo burro\" class=\"wp-image-102758\" title=\"\" srcset=\"https:\/\/danidrops.com.br\/wp-content\/uploads\/2025\/09\/Cor-de-Cabelo-Loiro-amanteigado-683x1024.jpg 683w, https:\/\/danidrops.com.br\/wp-content\/uploads\/2025\/09\/Cor-de-Cabelo-Loiro-amanteigado-200x300.jpg 200w, https:\/\/danidrops.com.br\/wp-content\/uploads\/2025\/09\/Cor-de-Cabelo-Loiro-amanteigado-768x1152.jpg 768w, https:\/\/danidrops.com.br\/wp-content\/uploads\/2025\/09\/Cor-de-Cabelo-Loiro-amanteigado-1024x1536.jpg 1024w, https:\/\/danidrops.com.br\/wp-content\/uploads\/2025\/09\/Cor-de-Cabelo-Loiro-amanteigado-8x12.jpg 8w, https:\/\/danidrops.com.br\/wp-content\/uploads\/2025\/09\/Cor-de-Cabelo-Loiro-amanteigado-150x225.jpg 150w, https:\/\/danidrops.com.br\/wp-content\/uploads\/2025\/09\/Cor-de-Cabelo-Loiro-amanteigado.jpg 1200w\" sizes=\"auto, (max-width: 683px) 100vw, 683px\" \/><figcaption class=\"wp-element-caption\">Colore dei capelli biondo burro<\/figcaption><\/figure>\n\n\n\n<p>Versatile, si adatta a diverse lunghezze e tagli, il che lo rende un&#039;ottima scelta per chi cerca un biondo moderno, elegante e facile da mantenere, che si adatti a diverse tonalit\u00e0 di pelle.<\/p>\n\n\n\n<h2 class=\"wp-block-heading\"><span class=\"ez-toc-section\" id=\"Cor_de_Cabelo_Rose_Gold_Ouro_Rosado\"><\/span>Colore dei capelli oro rosato<span class=\"ez-toc-section-end\"><\/span><\/h2>\n\n\n\n<p>O <strong>oro rosa<\/strong> \u00c8 un colore sofisticato e delicato che fonde toni biondo dorato con riflessi rosa. Questo effetto crea un look moderno, luminoso e femminile.<\/p>\n\n\n\n<figure class=\"wp-block-image size-large\"><img loading=\"lazy\" decoding=\"async\" width=\"683\" height=\"1024\" src=\"https:\/\/danidrops.com.br\/wp-content\/uploads\/2025\/09\/Cor-de-Cabelo-Rose-gold-ouro-rosado-683x1024.jpg\" alt=\"Colore dei capelli oro rosato\" class=\"wp-image-102760\" title=\"\" srcset=\"https:\/\/danidrops.com.br\/wp-content\/uploads\/2025\/09\/Cor-de-Cabelo-Rose-gold-ouro-rosado-683x1024.jpg 683w, https:\/\/danidrops.com.br\/wp-content\/uploads\/2025\/09\/Cor-de-Cabelo-Rose-gold-ouro-rosado-200x300.jpg 200w, https:\/\/danidrops.com.br\/wp-content\/uploads\/2025\/09\/Cor-de-Cabelo-Rose-gold-ouro-rosado-768x1152.jpg 768w, https:\/\/danidrops.com.br\/wp-content\/uploads\/2025\/09\/Cor-de-Cabelo-Rose-gold-ouro-rosado-1024x1536.jpg 1024w, https:\/\/danidrops.com.br\/wp-content\/uploads\/2025\/09\/Cor-de-Cabelo-Rose-gold-ouro-rosado-8x12.jpg 8w, https:\/\/danidrops.com.br\/wp-content\/uploads\/2025\/09\/Cor-de-Cabelo-Rose-gold-ouro-rosado-150x225.jpg 150w, https:\/\/danidrops.com.br\/wp-content\/uploads\/2025\/09\/Cor-de-Cabelo-Rose-gold-ouro-rosado.jpg 1200w\" sizes=\"auto, (max-width: 683px) 100vw, 683px\" \/><figcaption class=\"wp-element-caption\">Colore dei capelli oro rosato<\/figcaption><\/figure>\n\n\n\n<p>Versatile ed elegante, si adatta a diverse tonalit\u00e0 di pelle e pu\u00f2 essere indossato su capelli corti, medi o lunghi. \u00c8 la scelta perfetta per chi cerca uno stile contemporaneo, romantico e d&#039;effetto.<\/p>\n\n\n\n<h2 class=\"wp-block-heading\"><span class=\"ez-toc-section\" id=\"Cor_de_Cabelo_Preto_Azulado\"><\/span>Colore dei capelli blu-nero<span class=\"ez-toc-section-end\"><\/span><\/h2>\n\n\n\n<p>O <strong>nero bluastro<\/strong> \u00c8 un colore intenso e sofisticato che unisce la profondit\u00e0 del nero a sottili e moderni riflessi bluastri. Questa tonalit\u00e0 crea un look sorprendente e pieno di personalit\u00e0.<\/p>\n\n\n\n<figure class=\"wp-block-image size-large\"><img loading=\"lazy\" decoding=\"async\" width=\"683\" height=\"1024\" src=\"https:\/\/danidrops.com.br\/wp-content\/uploads\/2025\/09\/Cor-de-Cabelo-Preto-azulado-683x1024.jpg\" alt=\"Colore dei capelli blu-nero\" class=\"wp-image-102762\" title=\"\" srcset=\"https:\/\/danidrops.com.br\/wp-content\/uploads\/2025\/09\/Cor-de-Cabelo-Preto-azulado-683x1024.jpg 683w, https:\/\/danidrops.com.br\/wp-content\/uploads\/2025\/09\/Cor-de-Cabelo-Preto-azulado-200x300.jpg 200w, https:\/\/danidrops.com.br\/wp-content\/uploads\/2025\/09\/Cor-de-Cabelo-Preto-azulado-768x1152.jpg 768w, https:\/\/danidrops.com.br\/wp-content\/uploads\/2025\/09\/Cor-de-Cabelo-Preto-azulado-1024x1536.jpg 1024w, https:\/\/danidrops.com.br\/wp-content\/uploads\/2025\/09\/Cor-de-Cabelo-Preto-azulado-8x12.jpg 8w, https:\/\/danidrops.com.br\/wp-content\/uploads\/2025\/09\/Cor-de-Cabelo-Preto-azulado-150x225.jpg 150w, https:\/\/danidrops.com.br\/wp-content\/uploads\/2025\/09\/Cor-de-Cabelo-Preto-azulado.jpg 1200w\" sizes=\"auto, (max-width: 683px) 100vw, 683px\" \/><figcaption class=\"wp-element-caption\">Colore dei capelli blu-nero<\/figcaption><\/figure>\n\n\n\n<p>Ideale per chi cerca eleganza con un tocco audace, valorizza tutti i tipi di capelli e illumina il look. \u00c8 la scelta perfetta per trasmettere carattere e raffinatezza in ogni occasione.<\/p>\n\n\n\n<h2 class=\"wp-block-heading\"><span class=\"ez-toc-section\" id=\"Cor_de_Cabelo_Platinado\"><\/span>colore dei capelli platino<span class=\"ez-toc-section-end\"><\/span><\/h2>\n\n\n\n<p>O <strong>platino<\/strong> \u00c8 un colore audace e sofisticato che trasmette modernit\u00e0 e stile inconfondibile. Con la sua tonalit\u00e0 chiara e luminosa, valorizza il viso e crea un look elegante e di grande impatto.<\/p>\n\n\n\n<figure class=\"wp-block-image size-large\"><img loading=\"lazy\" decoding=\"async\" width=\"683\" height=\"1024\" src=\"https:\/\/danidrops.com.br\/wp-content\/uploads\/2025\/09\/Cor-de-Cabelo-Platinado-683x1024.jpg\" alt=\"colore dei capelli platino\" class=\"wp-image-102764\" title=\"\" srcset=\"https:\/\/danidrops.com.br\/wp-content\/uploads\/2025\/09\/Cor-de-Cabelo-Platinado-683x1024.jpg 683w, https:\/\/danidrops.com.br\/wp-content\/uploads\/2025\/09\/Cor-de-Cabelo-Platinado-200x300.jpg 200w, https:\/\/danidrops.com.br\/wp-content\/uploads\/2025\/09\/Cor-de-Cabelo-Platinado-768x1152.jpg 768w, https:\/\/danidrops.com.br\/wp-content\/uploads\/2025\/09\/Cor-de-Cabelo-Platinado-1024x1536.jpg 1024w, https:\/\/danidrops.com.br\/wp-content\/uploads\/2025\/09\/Cor-de-Cabelo-Platinado-8x12.jpg 8w, https:\/\/danidrops.com.br\/wp-content\/uploads\/2025\/09\/Cor-de-Cabelo-Platinado-150x225.jpg 150w, https:\/\/danidrops.com.br\/wp-content\/uploads\/2025\/09\/Cor-de-Cabelo-Platinado.jpg 1200w\" sizes=\"auto, (max-width: 683px) 100vw, 683px\" \/><figcaption class=\"wp-element-caption\">colore dei capelli platino<\/figcaption><\/figure>\n\n\n\n<p>Ampiamente utilizzato su capelli medi e lunghi, si adatta a una variet\u00e0 di stili e pu\u00f2 essere realizzato liscio o ondulato. \u00c8 la scelta perfetta per chi desidera un look d&#039;impatto e di personalit\u00e0.<\/p>\n\n\n\n<h2 class=\"wp-block-heading\"><span class=\"ez-toc-section\" id=\"Cor_de_Cabelo_Ombre_Natural\"><\/span>Colore naturale dei capelli ombr\u00e9<span class=\"ez-toc-section-end\"><\/span><\/h2>\n\n\n\n<p>O <strong>ombr\u00e9 naturale<\/strong> \u00c8 una tecnica di colorazione che crea una sfumatura delicata tra le radici pi\u00f9 scure e le punte pi\u00f9 chiare. Il risultato \u00e8 un effetto delicato e sofisticato che dona naturalezza e movimento ai capelli.<\/p>\n\n\n\n<figure class=\"wp-block-image size-large\"><img loading=\"lazy\" decoding=\"async\" width=\"683\" height=\"1024\" src=\"https:\/\/danidrops.com.br\/wp-content\/uploads\/2025\/09\/Cor-de-Cabelo-Ombre-natural-683x1024.jpg\" alt=\"Colore naturale dei capelli ombr\u00e9\" class=\"wp-image-102767\" title=\"\" srcset=\"https:\/\/danidrops.com.br\/wp-content\/uploads\/2025\/09\/Cor-de-Cabelo-Ombre-natural-683x1024.jpg 683w, https:\/\/danidrops.com.br\/wp-content\/uploads\/2025\/09\/Cor-de-Cabelo-Ombre-natural-200x300.jpg 200w, https:\/\/danidrops.com.br\/wp-content\/uploads\/2025\/09\/Cor-de-Cabelo-Ombre-natural-768x1152.jpg 768w, https:\/\/danidrops.com.br\/wp-content\/uploads\/2025\/09\/Cor-de-Cabelo-Ombre-natural-1024x1536.jpg 1024w, https:\/\/danidrops.com.br\/wp-content\/uploads\/2025\/09\/Cor-de-Cabelo-Ombre-natural-8x12.jpg 8w, https:\/\/danidrops.com.br\/wp-content\/uploads\/2025\/09\/Cor-de-Cabelo-Ombre-natural-150x225.jpg 150w, https:\/\/danidrops.com.br\/wp-content\/uploads\/2025\/09\/Cor-de-Cabelo-Ombre-natural.jpg 1200w\" sizes=\"auto, (max-width: 683px) 100vw, 683px\" \/><figcaption class=\"wp-element-caption\">Colore naturale dei capelli ombr\u00e9<\/figcaption><\/figure>\n\n\n\n<p>Questo stile si adatta a tutte le lunghezze e tipologie di capelli, rendendolo un&#039;opzione pratica e moderna. Ideale per chi desidera un look luminoso, elegante e facile da gestire.<\/p>\n\n\n\n<h2 class=\"wp-block-heading\"><span class=\"ez-toc-section\" id=\"Cor_de_Cabelo_Marsala\"><\/span>Colore dei capelli Marsala<span class=\"ez-toc-section-end\"><\/span><\/h2>\n\n\n\n<p>Il <strong>colore marsala<\/strong> \u00c8 intenso e sofisticato, e combina sfumature di rosso, vinaccia e viola in una tonalit\u00e0 profonda e sorprendente. Questo look trasuda eleganza e modernit\u00e0, esaltando al contempo le ciocche con una brillantezza incredibile.<\/p>\n\n\n\n<figure class=\"wp-block-image size-large\"><img loading=\"lazy\" decoding=\"async\" width=\"683\" height=\"1024\" src=\"https:\/\/danidrops.com.br\/wp-content\/uploads\/2025\/09\/Cor-de-Cabelo-Marsala-683x1024.jpg\" alt=\"Colore dei capelli Marsala\" class=\"wp-image-102766\" title=\"\" srcset=\"https:\/\/danidrops.com.br\/wp-content\/uploads\/2025\/09\/Cor-de-Cabelo-Marsala-683x1024.jpg 683w, https:\/\/danidrops.com.br\/wp-content\/uploads\/2025\/09\/Cor-de-Cabelo-Marsala-200x300.jpg 200w, https:\/\/danidrops.com.br\/wp-content\/uploads\/2025\/09\/Cor-de-Cabelo-Marsala-768x1152.jpg 768w, https:\/\/danidrops.com.br\/wp-content\/uploads\/2025\/09\/Cor-de-Cabelo-Marsala-1024x1536.jpg 1024w, https:\/\/danidrops.com.br\/wp-content\/uploads\/2025\/09\/Cor-de-Cabelo-Marsala-8x12.jpg 8w, https:\/\/danidrops.com.br\/wp-content\/uploads\/2025\/09\/Cor-de-Cabelo-Marsala-150x225.jpg 150w, https:\/\/danidrops.com.br\/wp-content\/uploads\/2025\/09\/Cor-de-Cabelo-Marsala.jpg 1200w\" sizes=\"auto, (max-width: 683px) 100vw, 683px\" \/><figcaption class=\"wp-element-caption\">Colore dei capelli Marsala<\/figcaption><\/figure>\n\n\n\n<p>Versatile, si adatta a diversi tipi di capelli e si abbina sia ai tagli corti che a quelli lunghi. \u00c8 un&#039;ottima scelta per chi desidera un look audace, elegante e di personalit\u00e0.<\/p>\n\n\n\n<h2 class=\"wp-block-heading\"><span class=\"ez-toc-section\" id=\"Cor_de_Cabelo_Loiro_Acinzentado\"><\/span>Colore dei capelli biondo cenere<span class=\"ez-toc-section-end\"><\/span><\/h2>\n\n\n\n<p>O <strong>biondo cenere<\/strong> \u00c8 una tonalit\u00e0 sofisticata e moderna che fonde sfumature chiare con riflessi argentati. Questo colore trasmette eleganza e crea un look allo stesso tempo freddo e luminoso.<\/p>\n\n\n\n<figure class=\"wp-block-image size-large\"><img loading=\"lazy\" decoding=\"async\" width=\"683\" height=\"1024\" src=\"https:\/\/danidrops.com.br\/wp-content\/uploads\/2025\/09\/Cor-de-Cabelo-Loiro-acinzentado-683x1024.jpg\" alt=\"Colore dei capelli biondo cenere\" class=\"wp-image-102770\" title=\"\" srcset=\"https:\/\/danidrops.com.br\/wp-content\/uploads\/2025\/09\/Cor-de-Cabelo-Loiro-acinzentado-683x1024.jpg 683w, https:\/\/danidrops.com.br\/wp-content\/uploads\/2025\/09\/Cor-de-Cabelo-Loiro-acinzentado-200x300.jpg 200w, https:\/\/danidrops.com.br\/wp-content\/uploads\/2025\/09\/Cor-de-Cabelo-Loiro-acinzentado-768x1152.jpg 768w, https:\/\/danidrops.com.br\/wp-content\/uploads\/2025\/09\/Cor-de-Cabelo-Loiro-acinzentado-1024x1536.jpg 1024w, https:\/\/danidrops.com.br\/wp-content\/uploads\/2025\/09\/Cor-de-Cabelo-Loiro-acinzentado-8x12.jpg 8w, https:\/\/danidrops.com.br\/wp-content\/uploads\/2025\/09\/Cor-de-Cabelo-Loiro-acinzentado-150x225.jpg 150w, https:\/\/danidrops.com.br\/wp-content\/uploads\/2025\/09\/Cor-de-Cabelo-Loiro-acinzentado.jpg 1200w\" sizes=\"auto, (max-width: 683px) 100vw, 683px\" \/><figcaption class=\"wp-element-caption\">Colore dei capelli biondo cenere<\/figcaption><\/figure>\n\n\n\n<p>Molto versatile, si abbina bene a tagli medi e lunghi, valorizza la pelle chiara e valorizza i lineamenti pi\u00f9 decisi. \u00c8 la scelta ideale per chi cerca uno stile contemporaneo e raffinato.<\/p>\n\n\n\n<h2 class=\"wp-block-heading\"><span class=\"ez-toc-section\" id=\"Cor_de_Cabelo_Cobre\"><\/span>Colore dei capelli color rame<span class=\"ez-toc-section-end\"><\/span><\/h2>\n\n\n\n<p>O <strong>rame<\/strong> \u00c8 un colore vibrante e pieno di personalit\u00e0 che fonde toni caldi del rosso e dell&#039;oro per creare un look luminoso e sorprendente. Questa tonalit\u00e0 valorizza la pelle chiara e valorizza intensamente i capelli.<\/p>\n\n\n\n<figure class=\"wp-block-image size-large\"><img loading=\"lazy\" decoding=\"async\" width=\"683\" height=\"1024\" src=\"https:\/\/danidrops.com.br\/wp-content\/uploads\/2025\/09\/Cor-de-Cabelo-Cobre-683x1024.jpg\" alt=\"Colore dei capelli color rame\" class=\"wp-image-102769\" title=\"\" srcset=\"https:\/\/danidrops.com.br\/wp-content\/uploads\/2025\/09\/Cor-de-Cabelo-Cobre-683x1024.jpg 683w, https:\/\/danidrops.com.br\/wp-content\/uploads\/2025\/09\/Cor-de-Cabelo-Cobre-200x300.jpg 200w, https:\/\/danidrops.com.br\/wp-content\/uploads\/2025\/09\/Cor-de-Cabelo-Cobre-768x1152.jpg 768w, https:\/\/danidrops.com.br\/wp-content\/uploads\/2025\/09\/Cor-de-Cabelo-Cobre-1024x1536.jpg 1024w, https:\/\/danidrops.com.br\/wp-content\/uploads\/2025\/09\/Cor-de-Cabelo-Cobre-8x12.jpg 8w, https:\/\/danidrops.com.br\/wp-content\/uploads\/2025\/09\/Cor-de-Cabelo-Cobre-150x225.jpg 150w, https:\/\/danidrops.com.br\/wp-content\/uploads\/2025\/09\/Cor-de-Cabelo-Cobre.jpg 1200w\" sizes=\"auto, (max-width: 683px) 100vw, 683px\" \/><figcaption class=\"wp-element-caption\">Colore dei capelli color rame<\/figcaption><\/figure>\n\n\n\n<p>Elegante e moderno, si abbina bene a tagli corti, medi o lunghi, aggiungendo profondit\u00e0 e lucentezza. \u00c8 la scelta perfetta per chi desidera un look audace, sofisticato e sempre in evidenza.<\/p>\n\n\n\n<h2 class=\"wp-block-heading\"><span class=\"ez-toc-section\" id=\"Cor_de_Cabelo_Chocolate\"><\/span>Colore dei capelli al cioccolato<span class=\"ez-toc-section-end\"><\/span><\/h2>\n\n\n\n<p>Il <strong>color cioccolato<\/strong> \u00c8 un classico, elegante e senza tempo, che dona profondit\u00e0 e lucentezza ai capelli. Con le sue calde tonalit\u00e0 di castano, valorizza diverse tonalit\u00e0 di pelle e garantisce un look sofisticato.<\/p>\n\n\n\n<figure class=\"wp-block-image size-large\"><img loading=\"lazy\" decoding=\"async\" width=\"683\" height=\"1024\" src=\"https:\/\/danidrops.com.br\/wp-content\/uploads\/2025\/09\/Cor-de-Cabelo-Chocolate-683x1024.jpg\" alt=\"Colore dei capelli al cioccolato\" class=\"wp-image-102772\" title=\"\" srcset=\"https:\/\/danidrops.com.br\/wp-content\/uploads\/2025\/09\/Cor-de-Cabelo-Chocolate-683x1024.jpg 683w, https:\/\/danidrops.com.br\/wp-content\/uploads\/2025\/09\/Cor-de-Cabelo-Chocolate-200x300.jpg 200w, https:\/\/danidrops.com.br\/wp-content\/uploads\/2025\/09\/Cor-de-Cabelo-Chocolate-768x1152.jpg 768w, https:\/\/danidrops.com.br\/wp-content\/uploads\/2025\/09\/Cor-de-Cabelo-Chocolate-1024x1536.jpg 1024w, https:\/\/danidrops.com.br\/wp-content\/uploads\/2025\/09\/Cor-de-Cabelo-Chocolate-8x12.jpg 8w, https:\/\/danidrops.com.br\/wp-content\/uploads\/2025\/09\/Cor-de-Cabelo-Chocolate-150x225.jpg 150w, https:\/\/danidrops.com.br\/wp-content\/uploads\/2025\/09\/Cor-de-Cabelo-Chocolate.jpg 1200w\" sizes=\"auto, (max-width: 683px) 100vw, 683px\" \/><figcaption class=\"wp-element-caption\">Colore dei capelli al cioccolato<\/figcaption><\/figure>\n\n\n\n<p>Versatile, si abbina a tagli corti, medi o lunghi e consente di realizzare delicati colpi di sole per esaltare ulteriormente il colore. \u00c8 la scelta perfetta per chi cerca un look moderno, naturale ed elegante.<\/p>\n\n\n\n<h2 class=\"wp-block-heading\"><span class=\"ez-toc-section\" id=\"Cor_de_Cabelo_Castanho_Claro_Dourado\"><\/span>Colore dei capelli castano dorato chiaro<span class=\"ez-toc-section-end\"><\/span><\/h2>\n\n\n\n<p>O <strong>marrone dorato chiaro<\/strong> \u00c8 un colore sofisticato e luminoso che fonde una base castana morbida con caldi riflessi dorati. Questo contrasto crea un effetto naturale e radioso sui capelli.<\/p>\n\n\n\n<figure class=\"wp-block-image size-large\"><img loading=\"lazy\" decoding=\"async\" width=\"683\" height=\"1024\" src=\"https:\/\/danidrops.com.br\/wp-content\/uploads\/2025\/09\/Cor-de-Cabelo-Castanho-claro-dourado-683x1024.jpg\" alt=\"Colore dei capelli castano dorato chiaro\" class=\"wp-image-102771\" title=\"\" srcset=\"https:\/\/danidrops.com.br\/wp-content\/uploads\/2025\/09\/Cor-de-Cabelo-Castanho-claro-dourado-683x1024.jpg 683w, https:\/\/danidrops.com.br\/wp-content\/uploads\/2025\/09\/Cor-de-Cabelo-Castanho-claro-dourado-200x300.jpg 200w, https:\/\/danidrops.com.br\/wp-content\/uploads\/2025\/09\/Cor-de-Cabelo-Castanho-claro-dourado-768x1152.jpg 768w, https:\/\/danidrops.com.br\/wp-content\/uploads\/2025\/09\/Cor-de-Cabelo-Castanho-claro-dourado-1024x1536.jpg 1024w, https:\/\/danidrops.com.br\/wp-content\/uploads\/2025\/09\/Cor-de-Cabelo-Castanho-claro-dourado-8x12.jpg 8w, https:\/\/danidrops.com.br\/wp-content\/uploads\/2025\/09\/Cor-de-Cabelo-Castanho-claro-dourado-150x225.jpg 150w, https:\/\/danidrops.com.br\/wp-content\/uploads\/2025\/09\/Cor-de-Cabelo-Castanho-claro-dourado.jpg 1200w\" sizes=\"auto, (max-width: 683px) 100vw, 683px\" \/><figcaption class=\"wp-element-caption\">Colore dei capelli castano dorato chiaro<\/figcaption><\/figure>\n\n\n\n<p>Elegante e versatile, si abbina a diversi stili e texture di capelli, esaltandone la lucentezza e creando un look giovane. \u00c8 la scelta ideale per chi cerca un look moderno, leggero e luminoso.<\/p>\n\n\n\n<h2 class=\"wp-block-heading\"><span class=\"ez-toc-section\" id=\"Como_cuidar_dos_cabelos_pintados\"><\/span>Come prendersi cura dei capelli colorati?<span class=\"ez-toc-section-end\"><\/span><\/h2>\n\n\n\n<p>Colorare i capelli \u00e8 uno dei modi pi\u00f9 popolari per rinfrescare il proprio look, ma mantenere un colore vivace e capelli sani richiede cure specifiche. <\/p>\n\n\n\n<p>La colorazione apre la cuticola del capello, consentendo ai pigmenti di depositarsi, rendendo i capelli pi\u00f9 soggetti a perdita di lucentezza, secchezza e sbiadimento.<\/p>\n\n\n\n<figure class=\"wp-block-image size-large\"><img loading=\"lazy\" decoding=\"async\" width=\"1024\" height=\"748\" src=\"https:\/\/danidrops.com.br\/wp-content\/uploads\/2025\/09\/Como-cuidar-dos-cabelos-pintados-1024x748.jpg\" alt=\"Come prendersi cura dei capelli colorati\" class=\"wp-image-102783\" title=\"\" srcset=\"https:\/\/danidrops.com.br\/wp-content\/uploads\/2025\/09\/Como-cuidar-dos-cabelos-pintados-1024x748.jpg 1024w, https:\/\/danidrops.com.br\/wp-content\/uploads\/2025\/09\/Como-cuidar-dos-cabelos-pintados-300x219.jpg 300w, https:\/\/danidrops.com.br\/wp-content\/uploads\/2025\/09\/Como-cuidar-dos-cabelos-pintados-768x561.jpg 768w, https:\/\/danidrops.com.br\/wp-content\/uploads\/2025\/09\/Como-cuidar-dos-cabelos-pintados-16x12.jpg 16w, https:\/\/danidrops.com.br\/wp-content\/uploads\/2025\/09\/Como-cuidar-dos-cabelos-pintados-150x110.jpg 150w, https:\/\/danidrops.com.br\/wp-content\/uploads\/2025\/09\/Como-cuidar-dos-cabelos-pintados.jpg 1200w\" sizes=\"auto, (max-width: 1024px) 100vw, 1024px\" \/><figcaption class=\"wp-element-caption\">Come prendersi cura dei capelli colorati<\/figcaption><\/figure>\n\n\n\n<p>Per questo motivo, seguire una routine di cura \u00e8 fondamentale per prolungare la durata del colore e preservare la salute dei capelli.<\/p>\n\n\n\n<p>Il primo passo \u00e8 scegliere shampoo e balsami adatti ai capelli colorati, che detergano delicatamente e proteggano il pigmento. <\/p>\n\n\n\n<figure class=\"wp-block-image size-large\"><img loading=\"lazy\" decoding=\"async\" width=\"1024\" height=\"748\" src=\"https:\/\/danidrops.com.br\/wp-content\/uploads\/2025\/09\/cuidados-com-os-cabelos-pintados-1024x748.jpg\" alt=\"cura dei capelli colorati\" class=\"wp-image-102782\" title=\"\" srcset=\"https:\/\/danidrops.com.br\/wp-content\/uploads\/2025\/09\/cuidados-com-os-cabelos-pintados-1024x748.jpg 1024w, https:\/\/danidrops.com.br\/wp-content\/uploads\/2025\/09\/cuidados-com-os-cabelos-pintados-300x219.jpg 300w, https:\/\/danidrops.com.br\/wp-content\/uploads\/2025\/09\/cuidados-com-os-cabelos-pintados-768x561.jpg 768w, https:\/\/danidrops.com.br\/wp-content\/uploads\/2025\/09\/cuidados-com-os-cabelos-pintados-16x12.jpg 16w, https:\/\/danidrops.com.br\/wp-content\/uploads\/2025\/09\/cuidados-com-os-cabelos-pintados-150x110.jpg 150w, https:\/\/danidrops.com.br\/wp-content\/uploads\/2025\/09\/cuidados-com-os-cabelos-pintados.jpg 1200w\" sizes=\"auto, (max-width: 1024px) 100vw, 1024px\" \/><figcaption class=\"wp-element-caption\">cura dei capelli colorati<\/figcaption><\/figure>\n\n\n\n<p>Lavare i capelli con acqua fredda o tiepida aiuta a sigillare le cuticole, mentre l&#039;acqua calda accelera lo sbiadimento. Trattamenti idratanti settimanali e maschere riparatrici ripristinano la morbidezza e rinforzano i capelli. <\/p>\n\n\n\n<p>Inoltre, \u00e8 fondamentale proteggere i capelli dal calore con prodotti termoprotettivi prima di utilizzare asciugacapelli, piastra o ferro arricciacapelli, ed evitare un&#039;eccessiva esposizione al sole senza un filtro UV per capelli. <\/p>\n\n\n\n<p>Anche gli oli di finitura e i trattamenti profondi, come la ricostruzione, sono alleati per restituire vitalit\u00e0 ai capelli.<\/p>\n\n\n\n<p>In breve: prendersi cura dei capelli colorati significa investire in prodotti adatti, mantenere una routine di idratazione e proteggere le ciocche dalle aggressioni esterne. <\/p>\n\n\n\n<p>In questo modo il colore rimarr\u00e0 intenso pi\u00f9 a lungo e i capelli saranno belli, forti e lucenti.<\/p>\n\n\n\n<h2 class=\"wp-block-heading\"><span class=\"ez-toc-section\" id=\"Como_escolher_a_cor_de_cabelo_que_combine_com_sua_cor_de_pele\"><\/span>Come scegliere un colore di capelli che si abbini al tono della tua pelle?<span class=\"ez-toc-section-end\"><\/span><\/h2>\n\n\n\n<p>La scelta di <strong>colore ideale dei capelli<\/strong> Bisogna tenere conto non solo delle tendenze, ma anche del colore della pelle, poich\u00e9 i toni ben armonizzati valorizzano i lineamenti e rendono l&#039;aspetto pi\u00f9 equilibrato e naturale. <\/p>\n\n\n\n<figure class=\"wp-block-image size-large\"><img loading=\"lazy\" decoding=\"async\" width=\"1024\" height=\"748\" src=\"https:\/\/danidrops.com.br\/wp-content\/uploads\/2025\/09\/Como-escolher-a-cor-de-cabelo-que-combine-com-sua-cor-de-pele-1-1024x748.jpg\" alt=\"Come scegliere un colore di capelli che si abbini al tono della tua pelle\" class=\"wp-image-102781\" title=\"\" srcset=\"https:\/\/danidrops.com.br\/wp-content\/uploads\/2025\/09\/Como-escolher-a-cor-de-cabelo-que-combine-com-sua-cor-de-pele-1-1024x748.jpg 1024w, https:\/\/danidrops.com.br\/wp-content\/uploads\/2025\/09\/Como-escolher-a-cor-de-cabelo-que-combine-com-sua-cor-de-pele-1-300x219.jpg 300w, https:\/\/danidrops.com.br\/wp-content\/uploads\/2025\/09\/Como-escolher-a-cor-de-cabelo-que-combine-com-sua-cor-de-pele-1-768x561.jpg 768w, https:\/\/danidrops.com.br\/wp-content\/uploads\/2025\/09\/Como-escolher-a-cor-de-cabelo-que-combine-com-sua-cor-de-pele-1-16x12.jpg 16w, https:\/\/danidrops.com.br\/wp-content\/uploads\/2025\/09\/Como-escolher-a-cor-de-cabelo-que-combine-com-sua-cor-de-pele-1-150x110.jpg 150w, https:\/\/danidrops.com.br\/wp-content\/uploads\/2025\/09\/Como-escolher-a-cor-de-cabelo-que-combine-com-sua-cor-de-pele-1.jpg 1200w\" sizes=\"auto, (max-width: 1024px) 100vw, 1024px\" \/><figcaption class=\"wp-element-caption\">Come scegliere un colore di capelli che si abbini al tono della tua pelle<\/figcaption><\/figure>\n\n\n\n<p>Seguire questa logica aiuta a valorizzare la bellezza individuale ed evitare contrasti che potrebbero appesantire l&#039;aspetto.<\/p>\n\n\n\n<ul class=\"wp-block-list\">\n<li><strong>Pelle chiara tendente al rosa:<\/strong> i toni freddi del biondo, del platino o del castano cenere bilanciano il rossore naturale.<\/li>\n\n\n\n<li><strong>Pelle chiara giallastra:<\/strong> i biondi dorati, il miele e i castani caldi illuminano il viso e donano vitalit\u00e0.<\/li>\n\n\n\n<li><strong>Pelle scura:<\/strong> le tonalit\u00e0 del cioccolato, del marrone medio e del caramello creano un contrasto elegante e sofisticato.<\/li>\n\n\n\n<li><strong>Pelle olivastra:<\/strong> i rossi ramati, i marroni scuri e i biondi caldi si armonizzano bene con il sottotono.<\/li>\n\n\n\n<li><strong>Pelle nera:<\/strong> i biondi dorati, i rossi intensi e i toni rossastri mettono in risalto la pelle e le conferiscono luminosit\u00e0.<\/li>\n<\/ul>\n<div id=\"ez-toc-container\" class=\"ez-toc-v2_0_76 counter-hierarchy ez-toc-counter ez-toc-grey ez-toc-container-direction\">\n<p class=\"ez-toc-title\" style=\"cursor:inherit\">Leggerai questo articolo<\/p>\n<label for=\"ez-toc-cssicon-toggle-item-69f007b8d8c53\" class=\"ez-toc-cssicon-toggle-label\"><span class=\"ez-toc-cssicon\"><span class=\"eztoc-hide\" style=\"display:none;\">Attiva\/disattiva<\/span><span class=\"ez-toc-icon-toggle-span\"><svg style=\"fill: #999;color:#999\" xmlns=\"http:\/\/www.w3.org\/2000\/svg\" class=\"list-377408\" width=\"20px\" height=\"20px\" viewbox=\"0 0 24 24\" fill=\"none\"><path d=\"M6 6H4v2h2V6zm14 0H8v2h12V6zM4 11h2v2H4v-2zm16 0H8v2h12v-2zM4 16h2v2H4v-2zm16 0H8v2h12v-2z\" fill=\"currentColor\"><\/path><\/svg><svg style=\"fill: #999;color:#999\" class=\"arrow-unsorted-368013\" xmlns=\"http:\/\/www.w3.org\/2000\/svg\" width=\"10px\" height=\"10px\" viewbox=\"0 0 24 24\" version=\"1.2\" baseprofile=\"tiny\"><path d=\"M18.2 9.3l-6.2-6.3-6.2 6.3c-.2.2-.3.4-.3.7s.1.5.3.7c.2.2.4.3.7.3h11c.3 0 .5-.1.7-.3.2-.2.3-.5.3-.7s-.1-.5-.3-.7zM5.8 14.7l6.2 6.3 6.2-6.3c.2-.2.3-.5.3-.7s-.1-.5-.3-.7c-.2-.2-.4-.3-.7-.3h-11c-.3 0-.5.1-.7.3-.2.2-.3.5-.3.7s.1.5.3.7z\"\/><\/svg><\/span><\/span><\/label><input type=\"checkbox\"  id=\"ez-toc-cssicon-toggle-item-69f007b8d8c53\"  aria-label=\"Attiva\/disattiva\" \/><nav><ul class='ez-toc-list ez-toc-list-level-1' ><li class='ez-toc-page-1 ez-toc-heading-level-2'><a class=\"ez-toc-link ez-toc-heading-1\" href=\"https:\/\/danidrops.com.br\/it\/tendenza-taglio-di-capelli-2026\/#Quais_os_cortes_de_cabelo_para_2026\" >Quali sono i tagli di capelli per il 2026?<\/a><\/li><li class='ez-toc-page-1 ez-toc-heading-level-2'><a class=\"ez-toc-link ez-toc-heading-2\" href=\"https:\/\/danidrops.com.br\/it\/tendenza-taglio-di-capelli-2026\/#Corte_de_cabelo_Shaggy_hair\" >Taglio di capelli arruffato<\/a><\/li><li class='ez-toc-page-1 ez-toc-heading-level-2'><a class=\"ez-toc-link ez-toc-heading-3\" href=\"https:\/\/danidrops.com.br\/it\/tendenza-taglio-di-capelli-2026\/#Corte_de_cabelo_Chanel\" >Taglio di capelli Chanel<\/a><\/li><li class='ez-toc-page-1 ez-toc-heading-level-2'><a class=\"ez-toc-link ez-toc-heading-4\" href=\"https:\/\/danidrops.com.br\/it\/tendenza-taglio-di-capelli-2026\/#Corte_de_cabelo_Pixie_cut\" >Taglio di capelli taglio pixie<\/a><\/li><li class='ez-toc-page-1 ez-toc-heading-level-2'><a class=\"ez-toc-link ez-toc-heading-5\" href=\"https:\/\/danidrops.com.br\/it\/tendenza-taglio-di-capelli-2026\/#Corte_de_cabelo_Short_Bob\" >Taglio corto a caschetto<\/a><\/li><li class='ez-toc-page-1 ez-toc-heading-level-2'><a class=\"ez-toc-link ez-toc-heading-6\" href=\"https:\/\/danidrops.com.br\/it\/tendenza-taglio-di-capelli-2026\/#Corte_de_Cabelo_Wolf_Cut\" >Taglio di capelli taglio lupo<\/a><\/li><li class='ez-toc-page-1 ez-toc-heading-level-2'><a class=\"ez-toc-link ez-toc-heading-7\" href=\"https:\/\/danidrops.com.br\/it\/tendenza-taglio-di-capelli-2026\/#Corte_de_cabelo_com_franja\" >taglio di capelli con la frangetta<\/a><\/li><li class='ez-toc-page-1 ez-toc-heading-level-2'><a class=\"ez-toc-link ez-toc-heading-8\" href=\"https:\/\/danidrops.com.br\/it\/tendenza-taglio-di-capelli-2026\/#Corte_de_cabelo_Undercut\" >Taglio di capelli sottosquadro<\/a><\/li><li class='ez-toc-page-1 ez-toc-heading-level-2'><a class=\"ez-toc-link ez-toc-heading-9\" href=\"https:\/\/danidrops.com.br\/it\/tendenza-taglio-di-capelli-2026\/#Corte_de_cabelo_Assimetrico\" >Taglio di capelli asimmetrico<\/a><\/li><li class='ez-toc-page-1 ez-toc-heading-level-2'><a class=\"ez-toc-link ez-toc-heading-10\" href=\"https:\/\/danidrops.com.br\/it\/tendenza-taglio-di-capelli-2026\/#Corte_de_cabelo_Long_Bob\" >Taglio di capelli lungo a caschetto<\/a><\/li><li class='ez-toc-page-1 ez-toc-heading-level-2'><a class=\"ez-toc-link ez-toc-heading-11\" href=\"https:\/\/danidrops.com.br\/it\/tendenza-taglio-di-capelli-2026\/#Corte_de_cabelo_Baby_Bang\" >Taglio di capelli Baby Bang<\/a><\/li><li class='ez-toc-page-1 ez-toc-heading-level-2'><a class=\"ez-toc-link ez-toc-heading-12\" href=\"https:\/\/danidrops.com.br\/it\/tendenza-taglio-di-capelli-2026\/#Corte_de_cabelo_Sidecut\" >Taglio di capelli laterale<\/a><\/li><li class='ez-toc-page-1 ez-toc-heading-level-2'><a class=\"ez-toc-link ez-toc-heading-13\" href=\"https:\/\/danidrops.com.br\/it\/tendenza-taglio-di-capelli-2026\/#Como_escolher_um_corte_de_cabelo_com_base_no_formato_do_rosto\" >Come scegliere un taglio di capelli in base alla forma del viso?<\/a><\/li><li class='ez-toc-page-1 ez-toc-heading-level-2'><a class=\"ez-toc-link ez-toc-heading-14\" href=\"https:\/\/danidrops.com.br\/it\/tendenza-taglio-di-capelli-2026\/#Quais_sao_as_cores_de_cabelo_para_2026\" >Quali saranno i colori dei capelli per il 2026?<\/a><\/li><li class='ez-toc-page-1 ez-toc-heading-level-2'><a class=\"ez-toc-link ez-toc-heading-15\" href=\"https:\/\/danidrops.com.br\/it\/tendenza-taglio-di-capelli-2026\/#Cor_de_Cabelo_Ruivo\" >colore dei capelli rossi<\/a><\/li><li class='ez-toc-page-1 ez-toc-heading-level-2'><a class=\"ez-toc-link ez-toc-heading-16\" href=\"https:\/\/danidrops.com.br\/it\/tendenza-taglio-di-capelli-2026\/#Cor_de_Cabelo_Loiro_Amanteigado\" >Colore dei capelli biondo burro<\/a><\/li><li class='ez-toc-page-1 ez-toc-heading-level-2'><a class=\"ez-toc-link ez-toc-heading-17\" href=\"https:\/\/danidrops.com.br\/it\/tendenza-taglio-di-capelli-2026\/#Cor_de_Cabelo_Rose_Gold_Ouro_Rosado\" >Colore dei capelli oro rosato<\/a><\/li><li class='ez-toc-page-1 ez-toc-heading-level-2'><a class=\"ez-toc-link ez-toc-heading-18\" href=\"https:\/\/danidrops.com.br\/it\/tendenza-taglio-di-capelli-2026\/#Cor_de_Cabelo_Preto_Azulado\" >Colore dei capelli blu-nero<\/a><\/li><li class='ez-toc-page-1 ez-toc-heading-level-2'><a class=\"ez-toc-link ez-toc-heading-19\" href=\"https:\/\/danidrops.com.br\/it\/tendenza-taglio-di-capelli-2026\/#Cor_de_Cabelo_Platinado\" >colore dei capelli platino<\/a><\/li><li class='ez-toc-page-1 ez-toc-heading-level-2'><a class=\"ez-toc-link ez-toc-heading-20\" href=\"https:\/\/danidrops.com.br\/it\/tendenza-taglio-di-capelli-2026\/#Cor_de_Cabelo_Ombre_Natural\" >Colore naturale dei capelli ombr\u00e9<\/a><\/li><li class='ez-toc-page-1 ez-toc-heading-level-2'><a class=\"ez-toc-link ez-toc-heading-21\" href=\"https:\/\/danidrops.com.br\/it\/tendenza-taglio-di-capelli-2026\/#Cor_de_Cabelo_Marsala\" >Colore dei capelli Marsala<\/a><\/li><li class='ez-toc-page-1 ez-toc-heading-level-2'><a class=\"ez-toc-link ez-toc-heading-22\" href=\"https:\/\/danidrops.com.br\/it\/tendenza-taglio-di-capelli-2026\/#Cor_de_Cabelo_Loiro_Acinzentado\" >Colore dei capelli biondo cenere<\/a><\/li><li class='ez-toc-page-1 ez-toc-heading-level-2'><a class=\"ez-toc-link ez-toc-heading-23\" href=\"https:\/\/danidrops.com.br\/it\/tendenza-taglio-di-capelli-2026\/#Cor_de_Cabelo_Cobre\" >Colore dei capelli color rame<\/a><\/li><li class='ez-toc-page-1 ez-toc-heading-level-2'><a class=\"ez-toc-link ez-toc-heading-24\" href=\"https:\/\/danidrops.com.br\/it\/tendenza-taglio-di-capelli-2026\/#Cor_de_Cabelo_Chocolate\" >Colore dei capelli al cioccolato<\/a><\/li><li class='ez-toc-page-1 ez-toc-heading-level-2'><a class=\"ez-toc-link ez-toc-heading-25\" href=\"https:\/\/danidrops.com.br\/it\/tendenza-taglio-di-capelli-2026\/#Cor_de_Cabelo_Castanho_Claro_Dourado\" >Colore dei capelli castano dorato chiaro<\/a><\/li><li class='ez-toc-page-1 ez-toc-heading-level-2'><a class=\"ez-toc-link ez-toc-heading-26\" href=\"https:\/\/danidrops.com.br\/it\/tendenza-taglio-di-capelli-2026\/#Como_cuidar_dos_cabelos_pintados\" >Come prendersi cura dei capelli colorati?<\/a><\/li><li class='ez-toc-page-1 ez-toc-heading-level-2'><a class=\"ez-toc-link ez-toc-heading-27\" href=\"https:\/\/danidrops.com.br\/it\/tendenza-taglio-di-capelli-2026\/#Como_escolher_a_cor_de_cabelo_que_combine_com_sua_cor_de_pele\" >Come scegliere un colore di capelli che si abbini al tono della tua pelle?<\/a><\/li><\/ul><\/nav><\/div>","protected":false},"excerpt":{"rendered":"<p>Os cortes de cabelo em 2026 chegam com foco em praticidade, estilo e personalidade. A aposta s\u00e3o visuais que valorizam a textura natural dos fios,&hellip;<\/p>","protected":false},"author":1,"featured_media":102789,"comment_status":"open","ping_status":"open","sticky":false,"template":"","format":"standard","meta":{"footnotes":""},"categories":[439],"tags":[],"class_list":["post-102727","post","type-post","status-publish","format-standard","has-post-thumbnail","hentry","category-cabelo"],"_links":{"self":[{"href":"https:\/\/danidrops.com.br\/it\/wp-json\/wp\/v2\/posts\/102727","targetHints":{"allow":["GET"]}}],"collection":[{"href":"https:\/\/danidrops.com.br\/it\/wp-json\/wp\/v2\/posts"}],"about":[{"href":"https:\/\/danidrops.com.br\/it\/wp-json\/wp\/v2\/types\/post"}],"author":[{"embeddable":true,"href":"https:\/\/danidrops.com.br\/it\/wp-json\/wp\/v2\/users\/1"}],"replies":[{"embeddable":true,"href":"https:\/\/danidrops.com.br\/it\/wp-json\/wp\/v2\/comments?post=102727"}],"version-history":[{"count":0,"href":"https:\/\/danidrops.com.br\/it\/wp-json\/wp\/v2\/posts\/102727\/revisions"}],"wp:featuredmedia":[{"embeddable":true,"href":"https:\/\/danidrops.com.br\/it\/wp-json\/wp\/v2\/media\/102789"}],"wp:attachment":[{"href":"https:\/\/danidrops.com.br\/it\/wp-json\/wp\/v2\/media?parent=102727"}],"wp:term":[{"taxonomy":"category","embeddable":true,"href":"https:\/\/danidrops.com.br\/it\/wp-json\/wp\/v2\/categories?post=102727"},{"taxonomy":"post_tag","embeddable":true,"href":"https:\/\/danidrops.com.br\/it\/wp-json\/wp\/v2\/tags?post=102727"}],"curies":[{"name":"parola chiave","href":"https:\/\/api.w.org\/{rel}","templated":true}]}}