{"id":16937,"date":"2022-02-14T01:35:23","date_gmt":"2022-02-14T04:35:23","guid":{"rendered":"https:\/\/danidrops.com.br\/?p=16937"},"modified":"2022-09-24T00:58:48","modified_gmt":"2022-09-24T03:58:48","slug":"bisogna-tagliare","status":"publish","type":"post","link":"https:\/\/danidrops.com.br\/it\/bisogna-tagliare\/","title":{"rendered":"Cos&#039;\u00e8 un Deva Cut? Ecco come indossare questo taglio di capelli alla moda"},"content":{"rendered":"<p>In Brasile c&#039;\u00e8 un numero considerevole di donne con <a href=\"https:\/\/danidrops.com.br\/it\/tendenza-taglio-capelli-ricci-2025\/\" data-type=\"URL\" data-id=\"https:\/\/danidrops.com.br\/tendencia-corte-de-cabelo-cacheado-2025\/\">capelli ricci<\/a> naturale o ondulato, e con l&#039;accettazione delle onde \u00e8 chiaro che alcune donne hanno difficolt\u00e0 a finire.&nbsp;<\/p>\n\n\n\n<p><strong>Leggi anche: <\/strong><a href=\"https:\/\/danidrops.com.br\/it\/tendenza-taglio-capelli-donna-2025\/\" data-type=\"URL\" data-id=\"https:\/\/danidrops.com.br\/tendencia-corte-de-cabelo-feminino-2025\/\">Tendenza taglio di capelli da donna<\/a> \u2013 Quali sono le tendenze nei tagli femminili, 61 Ispirazioni per tipi di tagli e Consigli<\/p>\n\n\n\n<figure class=\"wp-block-image size-full\"><img loading=\"lazy\" decoding=\"async\" width=\"750\" height=\"555\" src=\"https:\/\/danidrops.com.br\/wp-content\/uploads\/2022\/02\/05-Corte-Deva.jpg\" alt=\"Corte dei Deva\" class=\"wp-image-17682\" title=\"\" srcset=\"https:\/\/danidrops.com.br\/wp-content\/uploads\/2022\/02\/05-Corte-Deva.jpg 750w, https:\/\/danidrops.com.br\/wp-content\/uploads\/2022\/02\/05-Corte-Deva-300x222.jpg 300w, https:\/\/danidrops.com.br\/wp-content\/uploads\/2022\/02\/05-Corte-Deva-150x111.jpg 150w\" sizes=\"auto, (max-width: 750px) 100vw, 750px\" \/><figcaption>Corte dei Deva<\/figcaption><\/figure>\n\n\n\n<p>Ecco perch\u00e9 il Deva Cut \u00e8 una tecnica creata da Lorraine Massey (co-proprietaria di Devachan Salon e autrice del libro Curly Girl) per una finitura pi\u00f9 rapida ed efficiente, oltre a definire le onde.&nbsp;<\/p>\n\n\n\n<figure class=\"wp-block-image size-full\"><img loading=\"lazy\" decoding=\"async\" width=\"750\" height=\"555\" src=\"https:\/\/danidrops.com.br\/wp-content\/uploads\/2022\/02\/04-Corte-Deva.jpg\" alt=\"Corte dei Deva\" class=\"wp-image-17681\" title=\"\" srcset=\"https:\/\/danidrops.com.br\/wp-content\/uploads\/2022\/02\/04-Corte-Deva.jpg 750w, https:\/\/danidrops.com.br\/wp-content\/uploads\/2022\/02\/04-Corte-Deva-300x222.jpg 300w, https:\/\/danidrops.com.br\/wp-content\/uploads\/2022\/02\/04-Corte-Deva-150x111.jpg 150w\" sizes=\"auto, (max-width: 750px) 100vw, 750px\" \/><figcaption>Corte dei Deva<\/figcaption><\/figure>\n\n\n\n<p>Il taglio Deva ha la praticit\u00e0 di mantenere ricci e onde naturali, pi\u00f9 definiti, senza molto effetto crespo e con morbidezza al tatto.&nbsp;<\/p>\n\n\n\n<figure class=\"wp-block-image size-full\"><img loading=\"lazy\" decoding=\"async\" width=\"750\" height=\"555\" src=\"https:\/\/danidrops.com.br\/wp-content\/uploads\/2022\/02\/07-Corte-Deva.jpg\" alt=\"Corte dei Deva\" class=\"wp-image-17663\" title=\"\" srcset=\"https:\/\/danidrops.com.br\/wp-content\/uploads\/2022\/02\/07-Corte-Deva.jpg 750w, https:\/\/danidrops.com.br\/wp-content\/uploads\/2022\/02\/07-Corte-Deva-300x222.jpg 300w, https:\/\/danidrops.com.br\/wp-content\/uploads\/2022\/02\/07-Corte-Deva-150x111.jpg 150w\" sizes=\"auto, (max-width: 750px) 100vw, 750px\" \/><figcaption>Corte dei Deva<\/figcaption><\/figure>\n\n\n\n<p>Diverso dai metodi tradizionali di taglio di capelli, perch\u00e9 tali tecniche sono state create mirando a capelli con ciocche pi\u00f9 lisce.&nbsp;<\/p>\n\n\n\n<figure class=\"wp-block-image size-full\"><img loading=\"lazy\" decoding=\"async\" width=\"750\" height=\"555\" src=\"https:\/\/danidrops.com.br\/wp-content\/uploads\/2022\/02\/03-Corte-Deva.jpg\" alt=\"Corte dei Deva\" class=\"wp-image-17680\" title=\"\" srcset=\"https:\/\/danidrops.com.br\/wp-content\/uploads\/2022\/02\/03-Corte-Deva.jpg 750w, https:\/\/danidrops.com.br\/wp-content\/uploads\/2022\/02\/03-Corte-Deva-300x222.jpg 300w, https:\/\/danidrops.com.br\/wp-content\/uploads\/2022\/02\/03-Corte-Deva-150x111.jpg 150w\" sizes=\"auto, (max-width: 750px) 100vw, 750px\" \/><figcaption>Corte dei Deva<\/figcaption><\/figure>\n\n\n\n<p>Con il Deva Cut, puoi vedere i ricci pi\u00f9 evidenziati, poich\u00e9 ogni ciocca viene tagliata singolarmente per non compromettere il disegno dei ricci.&nbsp;<\/p>\n\n\n\n<p>Quindi, il taglio Deva si adatta al tuo tipo di ricci.<\/p>\n\n\n\n<figure class=\"wp-block-image size-full\"><img loading=\"lazy\" decoding=\"async\" width=\"750\" height=\"555\" src=\"https:\/\/danidrops.com.br\/wp-content\/uploads\/2022\/02\/02-Corte-Deva.jpg\" alt=\"Corte dei Deva\" class=\"wp-image-17679\" title=\"\" srcset=\"https:\/\/danidrops.com.br\/wp-content\/uploads\/2022\/02\/02-Corte-Deva.jpg 750w, https:\/\/danidrops.com.br\/wp-content\/uploads\/2022\/02\/02-Corte-Deva-300x222.jpg 300w, https:\/\/danidrops.com.br\/wp-content\/uploads\/2022\/02\/02-Corte-Deva-150x111.jpg 150w\" sizes=\"auto, (max-width: 750px) 100vw, 750px\" \/><figcaption>Corte dei Deva<\/figcaption><\/figure>\n\n\n\n<h2 class=\"wp-block-heading\" id=\"quais-os-tipos-de-cortes-deva\"><span class=\"ez-toc-section\" id=\"Quais_os_tipos_de_cortes_Deva\"><\/span>Quali tipi di tagli Deva?<span class=\"ez-toc-section-end\"><\/span><\/h2>\n\n\n\n<p>Il Deva Cut \u00e8 progettato dalla struttura di ogni ricciolo, quindi \u00e8 unico per ogni capello, quindi \u00e8 necessario che il taglio venga eseguito da un professionista specializzato.&nbsp;<\/p>\n\n\n\n<figure class=\"wp-block-image size-full\"><img loading=\"lazy\" decoding=\"async\" width=\"750\" height=\"555\" src=\"https:\/\/danidrops.com.br\/wp-content\/uploads\/2022\/02\/06-Corte-Deva.jpg\" alt=\"Corte dei Deva\" class=\"wp-image-17678\" title=\"\" srcset=\"https:\/\/danidrops.com.br\/wp-content\/uploads\/2022\/02\/06-Corte-Deva.jpg 750w, https:\/\/danidrops.com.br\/wp-content\/uploads\/2022\/02\/06-Corte-Deva-300x222.jpg 300w, https:\/\/danidrops.com.br\/wp-content\/uploads\/2022\/02\/06-Corte-Deva-150x111.jpg 150w\" sizes=\"auto, (max-width: 750px) 100vw, 750px\" \/><figcaption>Corte dei Deva<\/figcaption><\/figure>\n\n\n\n<p>Un altro punto di forza del taglio Deva \u00e8 che i capelli ricci si tagliano quando sono asciutti, poich\u00e9 i capelli ricci sono diversi quando sono bagnati, e normalmente gli adepti di questo taglio amano la struttura del filo dopo che si \u00e8 asciugato.&nbsp;<\/p>\n\n\n\n<figure class=\"wp-block-image size-full\"><img loading=\"lazy\" decoding=\"async\" width=\"750\" height=\"555\" src=\"https:\/\/danidrops.com.br\/wp-content\/uploads\/2022\/02\/01-Corte-Deva.jpg\" alt=\"Corte dei Deva\" class=\"wp-image-17677\" title=\"\" srcset=\"https:\/\/danidrops.com.br\/wp-content\/uploads\/2022\/02\/01-Corte-Deva.jpg 750w, https:\/\/danidrops.com.br\/wp-content\/uploads\/2022\/02\/01-Corte-Deva-300x222.jpg 300w, https:\/\/danidrops.com.br\/wp-content\/uploads\/2022\/02\/01-Corte-Deva-150x111.jpg 150w\" sizes=\"auto, (max-width: 750px) 100vw, 750px\" \/><figcaption>Corte dei Deva<\/figcaption><\/figure>\n\n\n\n<p>L&#039;esperto professionista in Corte Deva ha solitamente tre livelli di abilit\u00e0: il primo livello Deva Inspired, il secondo livello Deva Advanced e il terzo livello Deva Certified, quindi pi\u00f9 alto \u00e8 il livello, pi\u00f9 formazione riceve il professionista.<\/p>\n\n\n\n<figure class=\"wp-block-image size-full\"><img loading=\"lazy\" decoding=\"async\" width=\"750\" height=\"555\" src=\"https:\/\/danidrops.com.br\/wp-content\/uploads\/2022\/02\/20-Corte-Deva.jpg\" alt=\"Corte dei Deva\" class=\"wp-image-17676\" title=\"\" srcset=\"https:\/\/danidrops.com.br\/wp-content\/uploads\/2022\/02\/20-Corte-Deva.jpg 750w, https:\/\/danidrops.com.br\/wp-content\/uploads\/2022\/02\/20-Corte-Deva-300x222.jpg 300w, https:\/\/danidrops.com.br\/wp-content\/uploads\/2022\/02\/20-Corte-Deva-150x111.jpg 150w\" sizes=\"auto, (max-width: 750px) 100vw, 750px\" \/><figcaption>Corte dei Deva<\/figcaption><\/figure>\n\n\n\n<script type=\"application\/ld+json\">{\n    \"@context\": \"https:\\\/\\\/schema.org\",\n    \"@type\": \"FAQPage\",\n    \"mainEntity\": {\n        \"@type\": \"Question\",\n        \"name\": \"Quais os tipos de cortes Deva?\",\n        \"acceptedAnswer\": {\n            \"@type\": \"Answer\",\n            \"text\": \"O Corte Deva, \\u00e9 projetado a partir da estrutura de cada cacho, portanto \\u00e9 exclusivo para cada cabelo, por isso \\u00e9 necess\\u00e1rio que o corte seja feito com um profissional especialista.\"\n        }\n    }\n}<\/script>\n\n\n\n<h2 class=\"wp-block-heading\" id=\"corte-rezo-vs-corte-deva\"><span class=\"ez-toc-section\" id=\"Corte_Rezo_vs_Corte_Deva\"><\/span>Taglia Rezo vs. Corte dei Deva<span class=\"ez-toc-section-end\"><\/span><\/h2>\n\n\n\n<p>Il famoso Rezo Cut \u00e8 stato ispirato e realizzato da Nubia Suarez, specialista di ricci presso il suo Utopia Salon &amp; Day Spa a Westfield, nel New Jersey.&nbsp;<\/p>\n\n\n\n<figure class=\"wp-block-image size-full\"><img loading=\"lazy\" decoding=\"async\" width=\"750\" height=\"555\" src=\"https:\/\/danidrops.com.br\/wp-content\/uploads\/2022\/02\/19-Corte-Deva.jpg\" alt=\"Corte dei Deva\" class=\"wp-image-17675\" title=\"\" srcset=\"https:\/\/danidrops.com.br\/wp-content\/uploads\/2022\/02\/19-Corte-Deva.jpg 750w, https:\/\/danidrops.com.br\/wp-content\/uploads\/2022\/02\/19-Corte-Deva-300x222.jpg 300w, https:\/\/danidrops.com.br\/wp-content\/uploads\/2022\/02\/19-Corte-Deva-150x111.jpg 150w\" sizes=\"auto, (max-width: 750px) 100vw, 750px\" \/><figcaption>Corte dei Deva<\/figcaption><\/figure>\n\n\n\n<p>Naturalmente, ci sono differenze tra i due, ad esempio, il taglio Deva \u00e8 in grado di inquadrare diversi tipi di viso perch\u00e9 l&#039;enfasi \u00e8 sulla considerazione della struttura del ricciolo o dell&#039;onda, mentre il taglio Rezo di solito mantiene una lunghezza dei capelli regolare per pi\u00f9 movimento .delle onde.&nbsp;<\/p>\n\n\n\n<figure class=\"wp-block-image size-full\"><img loading=\"lazy\" decoding=\"async\" width=\"750\" height=\"555\" src=\"https:\/\/danidrops.com.br\/wp-content\/uploads\/2022\/02\/17-Corte-Deva.jpg\" alt=\"Corte dei Deva\" class=\"wp-image-17673\" title=\"\" srcset=\"https:\/\/danidrops.com.br\/wp-content\/uploads\/2022\/02\/17-Corte-Deva.jpg 750w, https:\/\/danidrops.com.br\/wp-content\/uploads\/2022\/02\/17-Corte-Deva-300x222.jpg 300w, https:\/\/danidrops.com.br\/wp-content\/uploads\/2022\/02\/17-Corte-Deva-150x111.jpg 150w\" sizes=\"auto, (max-width: 750px) 100vw, 750px\" \/><figcaption>Corte dei Deva<\/figcaption><\/figure>\n\n\n\n<p>Per le donne a cui piace cambiare e lasciare le ciocche lisce di tanto in tanto, devono ricordare che il taglio Rezo mantiene la stessa lunghezza dei capelli, sia lisci che ricci, ma il taglio Deva pu\u00f2 lasciare alcune ciocche irregolari in quanto \u00e8 pi\u00f9 strutturale al formato delle onde.<\/p>\n\n\n\n<figure class=\"wp-block-image size-full\"><img loading=\"lazy\" decoding=\"async\" width=\"750\" height=\"555\" src=\"https:\/\/danidrops.com.br\/wp-content\/uploads\/2022\/02\/16-Corte-Deva.jpg\" alt=\"Corte dei Deva\" class=\"wp-image-17672\" title=\"\" srcset=\"https:\/\/danidrops.com.br\/wp-content\/uploads\/2022\/02\/16-Corte-Deva.jpg 750w, https:\/\/danidrops.com.br\/wp-content\/uploads\/2022\/02\/16-Corte-Deva-300x222.jpg 300w, https:\/\/danidrops.com.br\/wp-content\/uploads\/2022\/02\/16-Corte-Deva-150x111.jpg 150w\" sizes=\"auto, (max-width: 750px) 100vw, 750px\" \/><figcaption>Corte dei Deva<\/figcaption><\/figure>\n\n\n\n<h2 class=\"wp-block-heading\" id=\"vale-a-pena-um-corte-deva-para-cabelos-ondulados\"><span class=\"ez-toc-section\" id=\"Vale_a_pena_um_corte_Deva_para_cabelos_ondulados\"><\/span>Un taglio di capelli Deva vale la pena per i capelli mossi?<span class=\"ez-toc-section-end\"><\/span><\/h2>\n\n\n\n<p>Il taglio Deva per capelli mossi \u00e8 perfetto, in quanto lascia le onde con una trama unica, riducendo l&#039;effetto crespo e definendo meglio le onde, poich\u00e9 la sua finitura \u00e8 realizzata appositamente per ricci e onde, quindi diventa un taglio appropriato per diverse strutture.<\/p>\n\n\n\n<figure class=\"wp-block-image size-full\"><img loading=\"lazy\" decoding=\"async\" width=\"750\" height=\"555\" src=\"https:\/\/danidrops.com.br\/wp-content\/uploads\/2022\/02\/15-Corte-Deva.jpg\" alt=\"Corte dei Deva\" class=\"wp-image-17671\" title=\"\" srcset=\"https:\/\/danidrops.com.br\/wp-content\/uploads\/2022\/02\/15-Corte-Deva.jpg 750w, https:\/\/danidrops.com.br\/wp-content\/uploads\/2022\/02\/15-Corte-Deva-300x222.jpg 300w, https:\/\/danidrops.com.br\/wp-content\/uploads\/2022\/02\/15-Corte-Deva-150x111.jpg 150w\" sizes=\"auto, (max-width: 750px) 100vw, 750px\" \/><figcaption>Corte dei Deva<\/figcaption><\/figure>\n\n\n\n<h2 class=\"wp-block-heading\" id=\"corte-deva-no-dia-a-dia\"><span class=\"ez-toc-section\" id=\"Corte_Deva_no_dia_a_dia\"><\/span>Deva tagliato nella vita di tutti i giorni<span class=\"ez-toc-section-end\"><\/span><\/h2>\n\n\n\n<p>Se hai una routine molto frenetica e hai difficolt\u00e0 a mantenere una routine con il tuo parrucchiere, non disperare perch\u00e9 il taglio Deva pu\u00f2 essere tenuto a casa con la dovuta cura.&nbsp;<\/p>\n\n\n\n<figure class=\"wp-block-image size-full\"><img loading=\"lazy\" decoding=\"async\" width=\"750\" height=\"555\" src=\"https:\/\/danidrops.com.br\/wp-content\/uploads\/2022\/02\/14-Corte-Deva.jpg\" alt=\"Corte dei Deva\" class=\"wp-image-17670\" title=\"\" srcset=\"https:\/\/danidrops.com.br\/wp-content\/uploads\/2022\/02\/14-Corte-Deva.jpg 750w, https:\/\/danidrops.com.br\/wp-content\/uploads\/2022\/02\/14-Corte-Deva-300x222.jpg 300w, https:\/\/danidrops.com.br\/wp-content\/uploads\/2022\/02\/14-Corte-Deva-150x111.jpg 150w\" sizes=\"auto, (max-width: 750px) 100vw, 750px\" \/><figcaption>Corte dei Deva<\/figcaption><\/figure>\n\n\n\n<p>Basta che il taglio Deva sia realizzato con una lunghezza pi\u00f9 corta e non troppo lunga.&nbsp;<\/p>\n\n\n\n<figure class=\"wp-block-image size-full\"><img loading=\"lazy\" decoding=\"async\" width=\"750\" height=\"555\" src=\"https:\/\/danidrops.com.br\/wp-content\/uploads\/2022\/02\/13-Corte-Deva.jpg\" alt=\"Corte dei Deva\" class=\"wp-image-17669\" title=\"\" srcset=\"https:\/\/danidrops.com.br\/wp-content\/uploads\/2022\/02\/13-Corte-Deva.jpg 750w, https:\/\/danidrops.com.br\/wp-content\/uploads\/2022\/02\/13-Corte-Deva-300x222.jpg 300w, https:\/\/danidrops.com.br\/wp-content\/uploads\/2022\/02\/13-Corte-Deva-150x111.jpg 150w\" sizes=\"auto, (max-width: 750px) 100vw, 750px\" \/><figcaption>Corte dei Deva<\/figcaption><\/figure>\n\n\n\n<p>Pertanto, sar\u00e0 di grande vantaggio se investi in forbici e accessori adatti per un migliore utilizzo del taglio e dei suoi ricci.&nbsp;<\/p>\n\n\n\n<p>Esistono diverse finiture per il taglio Deva, ad esempio:<\/p>\n\n\n\n<h2 class=\"wp-block-heading\" id=\"corte-deva-bob\"><span class=\"ez-toc-section\" id=\"Corte_Deva_Bob\"><\/span>Taglio Deva Bob<span class=\"ez-toc-section-end\"><\/span><\/h2>\n\n\n\n<p>Il finish \u00e8 fatto con l&#039;eleganza senza tempo del taglio bob con ricci e volume pi\u00f9 definiti, lasciando un aspetto pi\u00f9 raffinato.<\/p>\n\n\n\n<figure class=\"wp-block-image size-full\"><img loading=\"lazy\" decoding=\"async\" width=\"750\" height=\"555\" src=\"https:\/\/danidrops.com.br\/wp-content\/uploads\/2022\/02\/12-Corte-Deva.jpg\" alt=\"Corte dei Deva\" class=\"wp-image-17668\" title=\"\" srcset=\"https:\/\/danidrops.com.br\/wp-content\/uploads\/2022\/02\/12-Corte-Deva.jpg 750w, https:\/\/danidrops.com.br\/wp-content\/uploads\/2022\/02\/12-Corte-Deva-300x222.jpg 300w, https:\/\/danidrops.com.br\/wp-content\/uploads\/2022\/02\/12-Corte-Deva-150x111.jpg 150w\" sizes=\"auto, (max-width: 750px) 100vw, 750px\" \/><figcaption>Corte dei Deva<\/figcaption><\/figure>\n\n\n\n<h2 class=\"wp-block-heading\" id=\"corte-deva-em-cabelos-2c\"><span class=\"ez-toc-section\" id=\"Corte_Deva_em_cabelos_2C\"><\/span>Taglio di capelli Deva 2C<span class=\"ez-toc-section-end\"><\/span><\/h2>\n\n\n\n<p>Poich\u00e9 \u00e8 un capello con una radice pi\u00f9 liscia e una lunghezza pi\u00f9 ondulata e riccia allo stesso tempo, ha bisogno di una finitura pi\u00f9 consistente poich\u00e9 \u00e8 incline al crespo.<\/p>\n\n\n\n<figure class=\"wp-block-image size-full\"><img loading=\"lazy\" decoding=\"async\" width=\"750\" height=\"555\" src=\"https:\/\/danidrops.com.br\/wp-content\/uploads\/2022\/02\/11-Corte-Deva.jpg\" alt=\"Corte dei Deva\" class=\"wp-image-17667\" title=\"\" srcset=\"https:\/\/danidrops.com.br\/wp-content\/uploads\/2022\/02\/11-Corte-Deva.jpg 750w, https:\/\/danidrops.com.br\/wp-content\/uploads\/2022\/02\/11-Corte-Deva-300x222.jpg 300w, https:\/\/danidrops.com.br\/wp-content\/uploads\/2022\/02\/11-Corte-Deva-150x111.jpg 150w\" sizes=\"auto, (max-width: 750px) 100vw, 750px\" \/><figcaption>Corte dei Deva<\/figcaption><\/figure>\n\n\n\n<h2 class=\"wp-block-heading\" id=\"o-corte-deva-com-franja\"><span class=\"ez-toc-section\" id=\"O_corte_Deva_com_franja\"><\/span>Il taglio Deva con la frangetta<span class=\"ez-toc-section-end\"><\/span><\/h2>\n\n\n\n<p>Lascia un look perfetto per i ricci 2C e 3A, poich\u00e9 la frangia si evidenzia con una raffinatezza perfetta per un look pi\u00f9 giovanile e moderno.<\/p>\n\n\n\n<figure class=\"wp-block-image size-full\"><img loading=\"lazy\" decoding=\"async\" width=\"750\" height=\"555\" src=\"https:\/\/danidrops.com.br\/wp-content\/uploads\/2022\/02\/10-Corte-Deva.jpg\" alt=\"Corte dei Deva\" class=\"wp-image-17666\" title=\"\" srcset=\"https:\/\/danidrops.com.br\/wp-content\/uploads\/2022\/02\/10-Corte-Deva.jpg 750w, https:\/\/danidrops.com.br\/wp-content\/uploads\/2022\/02\/10-Corte-Deva-300x222.jpg 300w, https:\/\/danidrops.com.br\/wp-content\/uploads\/2022\/02\/10-Corte-Deva-150x111.jpg 150w\" sizes=\"auto, (max-width: 750px) 100vw, 750px\" \/><figcaption>Corte dei Deva<\/figcaption><\/figure>\n\n\n\n<h2 class=\"wp-block-heading\" id=\"corte-deva-em-cabelo-de-cor-preta\"><span class=\"ez-toc-section\" id=\"Corte_Deva_em_cabelo_de_cor_preta\"><\/span>Deva ha tagliato i capelli neri<span class=\"ez-toc-section-end\"><\/span><\/h2>\n\n\n\n<p>Ha un aspetto grazioso e moderno, il nero sar\u00e0 sempre una scelta perfetta per i capelli ricci e crespi, in quanto diminuisce l&#039;aspetto del crespo.&nbsp;<\/p>\n\n\n\n<figure class=\"wp-block-image size-full\"><img loading=\"lazy\" decoding=\"async\" width=\"750\" height=\"555\" src=\"https:\/\/danidrops.com.br\/wp-content\/uploads\/2022\/02\/09-Corte-Deva.jpg\" alt=\"Corte dei Deva\" class=\"wp-image-17665\" title=\"\" srcset=\"https:\/\/danidrops.com.br\/wp-content\/uploads\/2022\/02\/09-Corte-Deva.jpg 750w, https:\/\/danidrops.com.br\/wp-content\/uploads\/2022\/02\/09-Corte-Deva-300x222.jpg 300w, https:\/\/danidrops.com.br\/wp-content\/uploads\/2022\/02\/09-Corte-Deva-150x111.jpg 150w\" sizes=\"auto, (max-width: 750px) 100vw, 750px\" \/><figcaption>Corte dei Deva<\/figcaption><\/figure>\n\n\n\n<h2 class=\"wp-block-heading\" id=\"o-corte-deva-em-cabelos-mais-crespos\"><span class=\"ez-toc-section\" id=\"O_Corte_Deva_em_cabelos_mais_crespos\"><\/span>Il Deva Cut per capelli pi\u00f9 ricci<span class=\"ez-toc-section-end\"><\/span><\/h2>\n\n\n\n<p>Crea un look pi\u00f9 moderno con un volume pi\u00f9 controllato poich\u00e9 il taglio \u00e8 specificamente progettato per funzionare con qualsiasi riccio.<\/p>\n\n\n\n<figure class=\"wp-block-image size-full\"><img loading=\"lazy\" decoding=\"async\" width=\"750\" height=\"555\" src=\"https:\/\/danidrops.com.br\/wp-content\/uploads\/2022\/02\/08-Corte-Deva.jpg\" alt=\"Corte dei Deva\" class=\"wp-image-17664\" title=\"\" srcset=\"https:\/\/danidrops.com.br\/wp-content\/uploads\/2022\/02\/08-Corte-Deva.jpg 750w, https:\/\/danidrops.com.br\/wp-content\/uploads\/2022\/02\/08-Corte-Deva-300x222.jpg 300w, https:\/\/danidrops.com.br\/wp-content\/uploads\/2022\/02\/08-Corte-Deva-150x111.jpg 150w\" sizes=\"auto, (max-width: 750px) 100vw, 750px\" \/><figcaption>Corte dei Deva<\/figcaption><\/figure>\n\n\n\n<h2 class=\"wp-block-heading\" id=\"o-corte-deva-em-cabelo-ondulado-medio\"><span class=\"ez-toc-section\" id=\"O_Corte_Deva_em_cabelo_ondulado_medio\"><\/span>Il Deva Cut per capelli medio mossi<span class=\"ez-toc-section-end\"><\/span><\/h2>\n\n\n\n<p>Lascia il viso pi\u00f9 attraente e con il colore pi\u00f9 vibrante nei toni del biondo e del rosso.<\/p>\n\n\n\n<figure class=\"wp-block-image size-full\"><img loading=\"lazy\" decoding=\"async\" width=\"750\" height=\"555\" src=\"https:\/\/danidrops.com.br\/wp-content\/uploads\/2022\/02\/18-Corte-Deva.jpg\" alt=\"Corte dei Deva\" class=\"wp-image-17674\" title=\"\" srcset=\"https:\/\/danidrops.com.br\/wp-content\/uploads\/2022\/02\/18-Corte-Deva.jpg 750w, https:\/\/danidrops.com.br\/wp-content\/uploads\/2022\/02\/18-Corte-Deva-300x222.jpg 300w, https:\/\/danidrops.com.br\/wp-content\/uploads\/2022\/02\/18-Corte-Deva-150x111.jpg 150w\" sizes=\"auto, (max-width: 750px) 100vw, 750px\" \/><figcaption>Corte dei Deva<\/figcaption><\/figure>\n\n\n\n<h2 class=\"wp-block-heading\" id=\"veja-como-usar-este-corte-de-cabelo-da-moda\"><span class=\"ez-toc-section\" id=\"Veja_Como_Usar_Este_Corte_de_Cabelo_da_Moda\"><\/span>Guarda come indossare questo taglio di capelli alla moda<span class=\"ez-toc-section-end\"><\/span><\/h2>\n\n\n\n<script type=\"application\/ld+json\">{\n    \"@context\": \"https:\\\/\\\/schema.org\",\n    \"@type\": \"VideoObject\",\n    \"name\": \"O que \\u00e9 um Corte Deva? Veja Como Usar Este Corte de Cabelo da Moda\",\n    \"description\": \"O que \\u00e9 um Corte Deva? Veja Como Usar Este Corte de Cabelo da Moda\",\n    \"thumbnailUrl\": \"https:\\\/\\\/danidrops.com.br\\\/wp-content\\\/uploads\\\/2022\\\/02\\\/O-que-e-um-corte-Deva.jpg\",\n    \"uploadDate\": \"2022-02-18\",\n    \"duration\": \"PT3M21S\",\n    \"publisher\": {\n        \"@type\": \"Organization\",\n        \"name\": \"DaniDrops\",\n        \"logo\": {\n            \"@type\": \"ImageObject\",\n            \"url\": \"https:\\\/\\\/danidrops.com.br\\\/wp-content\\\/uploads\\\/2021\\\/08\\\/danidrops.jpg\",\n            \"width\": 600,\n            \"height\": 60\n        }\n    },\n    \"contentUrl\": \"https:\\\/\\\/youtu.be\\\/DfHm138Qr4s\",\n    \"embedUrl\": \"https:\\\/\\\/youtu.be\\\/DfHm138Qr4s\",\n    \"potentialAction\": {\n        \"@type\": \"SeekToAction\",\n        \"target\": \"https:\\\/\\\/youtu.be\\\/DfHm138Qr4s={seek_to_second_number}\",\n        \"startOffset-input\": \"required name=seek_to_second_number\"\n    }\n}<\/script>\n\n\n\n<figure class=\"wp-block-embed is-type-video is-provider-youtube wp-block-embed-youtube wp-embed-aspect-16-9 wp-has-aspect-ratio\"><div class=\"wp-block-embed__wrapper\">\n<iframe loading=\"lazy\" title=\"Cos&#039;\u00e8 un Deva Cut? Guarda come indossare questo taglio di capelli alla moda\" width=\"500\" height=\"281\" src=\"https:\/\/www.youtube.com\/embed\/DfHm138Qr4s?feature=oembed\" frameborder=\"0\" allow=\"accelerometer; autoplay; clipboard-write; encrypted-media; gyroscope; picture-in-picture; web-share\" referrerpolicy=\"strict-origin-when-cross-origin\" allowfullscreen><\/iframe>\n<\/div><\/figure>\n<div id=\"ez-toc-container\" class=\"ez-toc-v2_0_76 counter-hierarchy ez-toc-counter ez-toc-grey ez-toc-container-direction\">\n<p class=\"ez-toc-title\" style=\"cursor:inherit\">Leggerai questo articolo<\/p>\n<label for=\"ez-toc-cssicon-toggle-item-69f15a258718d\" class=\"ez-toc-cssicon-toggle-label\"><span class=\"ez-toc-cssicon\"><span class=\"eztoc-hide\" style=\"display:none;\">Attiva\/disattiva<\/span><span class=\"ez-toc-icon-toggle-span\"><svg style=\"fill: #999;color:#999\" xmlns=\"http:\/\/www.w3.org\/2000\/svg\" class=\"list-377408\" width=\"20px\" height=\"20px\" viewbox=\"0 0 24 24\" fill=\"none\"><path d=\"M6 6H4v2h2V6zm14 0H8v2h12V6zM4 11h2v2H4v-2zm16 0H8v2h12v-2zM4 16h2v2H4v-2zm16 0H8v2h12v-2z\" fill=\"currentColor\"><\/path><\/svg><svg style=\"fill: #999;color:#999\" class=\"arrow-unsorted-368013\" xmlns=\"http:\/\/www.w3.org\/2000\/svg\" width=\"10px\" height=\"10px\" viewbox=\"0 0 24 24\" version=\"1.2\" baseprofile=\"tiny\"><path d=\"M18.2 9.3l-6.2-6.3-6.2 6.3c-.2.2-.3.4-.3.7s.1.5.3.7c.2.2.4.3.7.3h11c.3 0 .5-.1.7-.3.2-.2.3-.5.3-.7s-.1-.5-.3-.7zM5.8 14.7l6.2 6.3 6.2-6.3c.2-.2.3-.5.3-.7s-.1-.5-.3-.7c-.2-.2-.4-.3-.7-.3h-11c-.3 0-.5.1-.7.3-.2.2-.3.5-.3.7s.1.5.3.7z\"\/><\/svg><\/span><\/span><\/label><input type=\"checkbox\"  id=\"ez-toc-cssicon-toggle-item-69f15a258718d\"  aria-label=\"Attiva\/disattiva\" \/><nav><ul class='ez-toc-list ez-toc-list-level-1' ><li class='ez-toc-page-1 ez-toc-heading-level-2'><a class=\"ez-toc-link ez-toc-heading-1\" href=\"https:\/\/danidrops.com.br\/it\/bisogna-tagliare\/#Quais_os_tipos_de_cortes_Deva\" >Quali tipi di tagli Deva?<\/a><\/li><li class='ez-toc-page-1 ez-toc-heading-level-2'><a class=\"ez-toc-link ez-toc-heading-2\" href=\"https:\/\/danidrops.com.br\/it\/bisogna-tagliare\/#Corte_Rezo_vs_Corte_Deva\" >Taglia Rezo vs. Corte dei Deva<\/a><\/li><li class='ez-toc-page-1 ez-toc-heading-level-2'><a class=\"ez-toc-link ez-toc-heading-3\" href=\"https:\/\/danidrops.com.br\/it\/bisogna-tagliare\/#Vale_a_pena_um_corte_Deva_para_cabelos_ondulados\" >Un taglio di capelli Deva vale la pena per i capelli mossi?<\/a><\/li><li class='ez-toc-page-1 ez-toc-heading-level-2'><a class=\"ez-toc-link ez-toc-heading-4\" href=\"https:\/\/danidrops.com.br\/it\/bisogna-tagliare\/#Corte_Deva_no_dia_a_dia\" >Deva tagliato nella vita di tutti i giorni<\/a><\/li><li class='ez-toc-page-1 ez-toc-heading-level-2'><a class=\"ez-toc-link ez-toc-heading-5\" href=\"https:\/\/danidrops.com.br\/it\/bisogna-tagliare\/#Corte_Deva_Bob\" >Taglio Deva Bob<\/a><\/li><li class='ez-toc-page-1 ez-toc-heading-level-2'><a class=\"ez-toc-link ez-toc-heading-6\" href=\"https:\/\/danidrops.com.br\/it\/bisogna-tagliare\/#Corte_Deva_em_cabelos_2C\" >Taglio di capelli Deva 2C<\/a><\/li><li class='ez-toc-page-1 ez-toc-heading-level-2'><a class=\"ez-toc-link ez-toc-heading-7\" href=\"https:\/\/danidrops.com.br\/it\/bisogna-tagliare\/#O_corte_Deva_com_franja\" >Il taglio Deva con la frangetta<\/a><\/li><li class='ez-toc-page-1 ez-toc-heading-level-2'><a class=\"ez-toc-link ez-toc-heading-8\" href=\"https:\/\/danidrops.com.br\/it\/bisogna-tagliare\/#Corte_Deva_em_cabelo_de_cor_preta\" >Deva ha tagliato i capelli neri<\/a><\/li><li class='ez-toc-page-1 ez-toc-heading-level-2'><a class=\"ez-toc-link ez-toc-heading-9\" href=\"https:\/\/danidrops.com.br\/it\/bisogna-tagliare\/#O_Corte_Deva_em_cabelos_mais_crespos\" >Il Deva Cut per capelli pi\u00f9 ricci<\/a><\/li><li class='ez-toc-page-1 ez-toc-heading-level-2'><a class=\"ez-toc-link ez-toc-heading-10\" href=\"https:\/\/danidrops.com.br\/it\/bisogna-tagliare\/#O_Corte_Deva_em_cabelo_ondulado_medio\" >Il Deva Cut per capelli medio mossi<\/a><\/li><li class='ez-toc-page-1 ez-toc-heading-level-2'><a class=\"ez-toc-link ez-toc-heading-11\" href=\"https:\/\/danidrops.com.br\/it\/bisogna-tagliare\/#Veja_Como_Usar_Este_Corte_de_Cabelo_da_Moda\" >Guarda come indossare questo taglio di capelli alla moda<\/a><\/li><\/ul><\/nav><\/div>","protected":false},"excerpt":{"rendered":"<p>No Brasil existe uma quantidade consider\u00e1vel de mulheres com o cabelo cacheado naturalmente ou ondulado, e com a aceita\u00e7\u00e3o das ondas percebe-se que algumas mulheres&hellip;<\/p>","protected":false},"author":1,"featured_media":17865,"comment_status":"open","ping_status":"open","sticky":false,"template":"","format":"standard","meta":{"footnotes":""},"categories":[439],"tags":[],"class_list":["post-16937","post","type-post","status-publish","format-standard","has-post-thumbnail","hentry","category-cabelo"],"_links":{"self":[{"href":"https:\/\/danidrops.com.br\/it\/wp-json\/wp\/v2\/posts\/16937","targetHints":{"allow":["GET"]}}],"collection":[{"href":"https:\/\/danidrops.com.br\/it\/wp-json\/wp\/v2\/posts"}],"about":[{"href":"https:\/\/danidrops.com.br\/it\/wp-json\/wp\/v2\/types\/post"}],"author":[{"embeddable":true,"href":"https:\/\/danidrops.com.br\/it\/wp-json\/wp\/v2\/users\/1"}],"replies":[{"embeddable":true,"href":"https:\/\/danidrops.com.br\/it\/wp-json\/wp\/v2\/comments?post=16937"}],"version-history":[{"count":0,"href":"https:\/\/danidrops.com.br\/it\/wp-json\/wp\/v2\/posts\/16937\/revisions"}],"wp:featuredmedia":[{"embeddable":true,"href":"https:\/\/danidrops.com.br\/it\/wp-json\/wp\/v2\/media\/17865"}],"wp:attachment":[{"href":"https:\/\/danidrops.com.br\/it\/wp-json\/wp\/v2\/media?parent=16937"}],"wp:term":[{"taxonomy":"category","embeddable":true,"href":"https:\/\/danidrops.com.br\/it\/wp-json\/wp\/v2\/categories?post=16937"},{"taxonomy":"post_tag","embeddable":true,"href":"https:\/\/danidrops.com.br\/it\/wp-json\/wp\/v2\/tags?post=16937"}],"curies":[{"name":"parola chiave","href":"https:\/\/api.w.org\/{rel}","templated":true}]}}