{"id":29401,"date":"2022-06-21T10:14:55","date_gmt":"2022-06-21T13:14:55","guid":{"rendered":"https:\/\/danidrops.com.br\/?p=29401"},"modified":"2023-12-19T07:18:43","modified_gmt":"2023-12-19T10:18:43","slug":"chiodo-in-fibra-di-vetro","status":"publish","type":"post","link":"https:\/\/danidrops.com.br\/it\/chiodo-in-fibra-di-vetro\/","title":{"rendered":"Unghie in fibra di vetro 2022 \u2013 Scopri oltre 60 ispirazioni per unghie decorate in fibra di vetro"},"content":{"rendered":"<p>Il <strong>chiodo in fibra di vetro<\/strong> \u00e8 diventata una febbre tra le donne di tutto il mondo per essere facile e pratica da fare, oltre a offrire il piacere di avere le unghie lunghe per quelle donne che non riescono a farsi crescere le unghie.<\/p>\n\n\n\n<p><strong>Leggi anche: <\/strong><a href=\"https:\/\/danidrops.com.br\/it\/tendenze-nail-art-2025\/\" data-type=\"URL\" data-id=\"https:\/\/danidrops.com.br\/tendencia-unha-decorada-2025\/\">Tendenza Unghie Decorate \u2013 Quali sono i formati, i colori e le forme. Guarda 94 ispirazioni per decorare le tue unghie<\/a><\/p>\n\n\n\n<figure class=\"wp-block-image size-full\"><img loading=\"lazy\" decoding=\"async\" width=\"760\" height=\"555\" src=\"https:\/\/danidrops.com.br\/wp-content\/uploads\/2022\/06\/01-Unhas-decoradas-de-fibra-de-vidro.jpg\" alt=\"Unghie decorate in fibra di vetro\" class=\"wp-image-30056\" title=\"\" srcset=\"https:\/\/danidrops.com.br\/wp-content\/uploads\/2022\/06\/01-Unhas-decoradas-de-fibra-de-vidro.jpg 760w, https:\/\/danidrops.com.br\/wp-content\/uploads\/2022\/06\/01-Unhas-decoradas-de-fibra-de-vidro-300x219.jpg 300w, https:\/\/danidrops.com.br\/wp-content\/uploads\/2022\/06\/01-Unhas-decoradas-de-fibra-de-vidro-150x110.jpg 150w\" sizes=\"auto, (max-width: 760px) 100vw, 760px\" \/><figcaption class=\"wp-element-caption\">Unghie decorate in fibra di vetro<\/figcaption><\/figure>\n\n\n\n<p>Esistono numerosi modelli di <strong>chiodi decorati in fibra di vetro<\/strong> che pu\u00f2 essere indossato da donne di tutti gli stili.<\/p>\n\n\n\n<figure class=\"wp-block-image size-full\"><img loading=\"lazy\" decoding=\"async\" width=\"760\" height=\"555\" src=\"https:\/\/danidrops.com.br\/wp-content\/uploads\/2022\/06\/02-Unhas-decoradas-de-fibra-de-vidro.jpg\" alt=\"Unghie decorate in fibra di vetro\" class=\"wp-image-30057\" title=\"\" srcset=\"https:\/\/danidrops.com.br\/wp-content\/uploads\/2022\/06\/02-Unhas-decoradas-de-fibra-de-vidro.jpg 760w, https:\/\/danidrops.com.br\/wp-content\/uploads\/2022\/06\/02-Unhas-decoradas-de-fibra-de-vidro-300x219.jpg 300w, https:\/\/danidrops.com.br\/wp-content\/uploads\/2022\/06\/02-Unhas-decoradas-de-fibra-de-vidro-150x110.jpg 150w\" sizes=\"auto, (max-width: 760px) 100vw, 760px\" \/><figcaption class=\"wp-element-caption\">Unghie decorate in fibra di vetro<\/figcaption><\/figure>\n\n\n\n<p>Non tutte le forme delle unghie si adattano a tutte le mani: ti mostreremo come trovare la forma delle unghie giusta e ti daremo consigli su come limare correttamente.<\/p>\n\n\n\n<script type=\"application\/ld+json\">{\n    \"@context\": \"https:\\\/\\\/schema.org\",\n    \"@type\": \"FAQPage\",\n    \"mainEntity\": {\n        \"@type\": \"Question\",\n        \"name\": \"Quais s\\u00e3o as tendencias de unhas de fibra de vidro?\",\n        \"acceptedAnswer\": {\n            \"@type\": \"Answer\",\n            \"text\": \"As unhas de fibra de vidro que s\\u00e3o tendencia este ano s\\u00e3o: Unhas de fibra de vidro amendoada, Unhas de fibra de vidro bailarina, Unhas de fibra de vidro batom, Unhas de fibra de vidro coffin, Unhas de fibra de vidro oval, Unhas de fibra de vidro quadrada, Unhas de fibra de vidro redonda, Unhas de fibra de vidro squoval, Unhas de fibra de vidro stiletto, Unhas de fibra de vidro ombr\\u00e9: curta e longa, Unhas de fibra de vidro glitter, Unhas de fibra de vidro: preta, vermelha e azul.\"\n        }\n    }\n}<\/script>\n\n\n\n<h2 class=\"wp-block-heading\"><span class=\"ez-toc-section\" id=\"Quais_sao_as_tendencias_de_unhas_de_fibra_de_vidro\"><\/span>Quali sono le tendenze delle unghie in fibra di vetro?<span class=\"ez-toc-section-end\"><\/span><\/h2>\n\n\n\n<p>Le unghie in fibra di vetro che sono di tendenza quest&#039;anno sono:<\/p>\n\n\n\n<ul class=\"wp-block-list\">\n<li>chiodi in fibra di vetro a mandorla<\/li>\n\n\n\n<li>unghie ballerina in fibra di vetro<\/li>\n\n\n\n<li>unghie rossetto in fibra di vetro<\/li>\n\n\n\n<li>chiodi da bara in fibra di vetro<\/li>\n\n\n\n<li>chiodi ovali in fibra di vetro<\/li>\n\n\n\n<li>chiodi quadrati in fibra di vetro<\/li>\n\n\n\n<li>chiodi rotondi in fibra di vetro<\/li>\n\n\n\n<li>chiodi squoval in fibra di vetro<\/li>\n\n\n\n<li>Unghie stiletto in fibra di vetro<\/li>\n\n\n\n<li>Unghie ombr\u00e9 in fibra di vetro: corte e lunghe<\/li>\n\n\n\n<li>unghie glitterate in fibra di vetro<\/li>\n\n\n\n<li>Unghie in fibra di vetro: nere, rosse e blu<\/li>\n<\/ul>\n\n\n\n<h2 class=\"wp-block-heading\"><span class=\"ez-toc-section\" id=\"Unha_de_fibra_de_vidro_amendoada\"><\/span>unghia a mandorla in fibra di vetro<span class=\"ez-toc-section-end\"><\/span><\/h2>\n\n\n\n<p>Con la forma a mandorla, l&#039;unghia viene prima limata sui lati. Alla fine dell&#039;unghia, la lima potrebbe essere leggermente pi\u00f9 arrotondata.<\/p>\n\n\n\n<figure class=\"wp-block-image size-full\"><img loading=\"lazy\" decoding=\"async\" width=\"760\" height=\"555\" src=\"https:\/\/danidrops.com.br\/wp-content\/uploads\/2022\/06\/04-Unhas-decoradas-de-fibra-de-vidro-amendoada.jpg\" alt=\"Unghie decorate in fibra di vetro mandorla\" class=\"wp-image-30059\" title=\"\" srcset=\"https:\/\/danidrops.com.br\/wp-content\/uploads\/2022\/06\/04-Unhas-decoradas-de-fibra-de-vidro-amendoada.jpg 760w, https:\/\/danidrops.com.br\/wp-content\/uploads\/2022\/06\/04-Unhas-decoradas-de-fibra-de-vidro-amendoada-300x219.jpg 300w, https:\/\/danidrops.com.br\/wp-content\/uploads\/2022\/06\/04-Unhas-decoradas-de-fibra-de-vidro-amendoada-150x110.jpg 150w\" sizes=\"auto, (max-width: 760px) 100vw, 760px\" \/><figcaption class=\"wp-element-caption\">Unghie decorate in fibra di vetro mandorla<\/figcaption><\/figure>\n\n\n\n<p>Se hai unghie sane che non si rompono facilmente, dovresti assolutamente provare la forma a mandorla. Questo fa sembrare le dita molto lunghe, ma possono essere ingombranti su dita corte e larghe.<\/p>\n\n\n\n<figure class=\"wp-block-image size-full\"><img loading=\"lazy\" decoding=\"async\" width=\"760\" height=\"555\" src=\"https:\/\/danidrops.com.br\/wp-content\/uploads\/2022\/06\/03-Unhas-decoradas-de-fibra-de-vidro-amendoada.jpg\" alt=\"Unghie decorate in fibra di vetro mandorla\" class=\"wp-image-30058\" title=\"\" srcset=\"https:\/\/danidrops.com.br\/wp-content\/uploads\/2022\/06\/03-Unhas-decoradas-de-fibra-de-vidro-amendoada.jpg 760w, https:\/\/danidrops.com.br\/wp-content\/uploads\/2022\/06\/03-Unhas-decoradas-de-fibra-de-vidro-amendoada-300x219.jpg 300w, https:\/\/danidrops.com.br\/wp-content\/uploads\/2022\/06\/03-Unhas-decoradas-de-fibra-de-vidro-amendoada-150x110.jpg 150w\" sizes=\"auto, (max-width: 760px) 100vw, 760px\" \/><figcaption class=\"wp-element-caption\">Unghie decorate in fibra di vetro mandorla<\/figcaption><\/figure>\n\n\n\n<h2 class=\"wp-block-heading\"><span class=\"ez-toc-section\" id=\"Unha_de_fibra_de_vidro_bailarina\"><\/span>unghia ballerina in fibra di vetro<span class=\"ez-toc-section-end\"><\/span><\/h2>\n\n\n\n<p>Ami le tendenze? Allora questa forma delle unghie fa per te! Simile alle unghie a stiletto, ha una forma molto appuntita. Tuttavia, l&#039;estremit\u00e0 stretta viene archiviata direttamente alla fine.<\/p>\n\n\n\n<figure class=\"wp-block-image size-full\"><img loading=\"lazy\" decoding=\"async\" width=\"760\" height=\"555\" src=\"https:\/\/danidrops.com.br\/wp-content\/uploads\/2022\/06\/06-Unhas-decoradas-de-fibra-de-vidro-bailarina.jpg\" alt=\"Chiodi Ballerina in vetroresina\" class=\"wp-image-30061\" title=\"\" srcset=\"https:\/\/danidrops.com.br\/wp-content\/uploads\/2022\/06\/06-Unhas-decoradas-de-fibra-de-vidro-bailarina.jpg 760w, https:\/\/danidrops.com.br\/wp-content\/uploads\/2022\/06\/06-Unhas-decoradas-de-fibra-de-vidro-bailarina-300x219.jpg 300w, https:\/\/danidrops.com.br\/wp-content\/uploads\/2022\/06\/06-Unhas-decoradas-de-fibra-de-vidro-bailarina-150x110.jpg 150w\" sizes=\"auto, (max-width: 760px) 100vw, 760px\" \/><figcaption class=\"wp-element-caption\">Chiodi Ballerina in vetroresina<\/figcaption><\/figure>\n\n\n\n<p>Le dita piccole e strette traggono vantaggio da questa forma dell&#039;unghia, mentre le dita larghe sembrano ancora pi\u00f9 larghe. Forma delle unghie che si adatta bene alle unghie lunghe, quindi se le tue non lo sono, una buona opzione sarebbe la <strong>chiodo in fibra di vetro<\/strong>.<\/p>\n\n\n\n<figure class=\"wp-block-image size-full\"><img loading=\"lazy\" decoding=\"async\" width=\"760\" height=\"555\" src=\"https:\/\/danidrops.com.br\/wp-content\/uploads\/2022\/06\/05-Unhas-decoradas-de-fibra-de-vidro-bailarina.jpg\" alt=\"Chiodi Ballerina in vetroresina\" class=\"wp-image-30060\" title=\"\" srcset=\"https:\/\/danidrops.com.br\/wp-content\/uploads\/2022\/06\/05-Unhas-decoradas-de-fibra-de-vidro-bailarina.jpg 760w, https:\/\/danidrops.com.br\/wp-content\/uploads\/2022\/06\/05-Unhas-decoradas-de-fibra-de-vidro-bailarina-300x219.jpg 300w, https:\/\/danidrops.com.br\/wp-content\/uploads\/2022\/06\/05-Unhas-decoradas-de-fibra-de-vidro-bailarina-150x110.jpg 150w\" sizes=\"auto, (max-width: 760px) 100vw, 760px\" \/><figcaption class=\"wp-element-caption\">Chiodi Ballerina in vetroresina<\/figcaption><\/figure>\n\n\n\n<h2 class=\"wp-block-heading\"><span class=\"ez-toc-section\" id=\"Unha_de_fibra_de_vidro_batom\"><\/span>rossetto per unghie in fibra di vetro<span class=\"ez-toc-section-end\"><\/span><\/h2>\n\n\n\n<p>Questo stile di unghie \u00e8 relativamente nuovo nel mondo della moda. La forma della punta delle unghie \u00e8 diagonale, ricorda molto la forma di un rossetto mai utilizzato. Nonostante sia nuovo, \u00e8 gi\u00e0 nelle mani delle celebrit\u00e0 ed \u00e8 assurdamente bello quando decorato.<\/p>\n\n\n\n<figure class=\"wp-block-image size-full\"><img loading=\"lazy\" decoding=\"async\" width=\"760\" height=\"555\" src=\"https:\/\/danidrops.com.br\/wp-content\/uploads\/2022\/06\/08-Unhas-decoradas-de-fibra-de-vidro-batom.jpg\" alt=\"Rossetto per unghie decorato in fibra di vetro\" class=\"wp-image-30063\" title=\"\" srcset=\"https:\/\/danidrops.com.br\/wp-content\/uploads\/2022\/06\/08-Unhas-decoradas-de-fibra-de-vidro-batom.jpg 760w, https:\/\/danidrops.com.br\/wp-content\/uploads\/2022\/06\/08-Unhas-decoradas-de-fibra-de-vidro-batom-300x219.jpg 300w, https:\/\/danidrops.com.br\/wp-content\/uploads\/2022\/06\/08-Unhas-decoradas-de-fibra-de-vidro-batom-150x110.jpg 150w\" sizes=\"auto, (max-width: 760px) 100vw, 760px\" \/><figcaption class=\"wp-element-caption\">Rossetto per unghie decorato in fibra di vetro<\/figcaption><\/figure>\n\n\n\n<figure class=\"wp-block-image size-full\"><img loading=\"lazy\" decoding=\"async\" width=\"760\" height=\"555\" src=\"https:\/\/danidrops.com.br\/wp-content\/uploads\/2022\/06\/07-Unhas-decoradas-de-fibra-de-vidro-batom.jpg\" alt=\"Rossetto per unghie decorato in fibra di vetro\" class=\"wp-image-30062\" title=\"\" srcset=\"https:\/\/danidrops.com.br\/wp-content\/uploads\/2022\/06\/07-Unhas-decoradas-de-fibra-de-vidro-batom.jpg 760w, https:\/\/danidrops.com.br\/wp-content\/uploads\/2022\/06\/07-Unhas-decoradas-de-fibra-de-vidro-batom-300x219.jpg 300w, https:\/\/danidrops.com.br\/wp-content\/uploads\/2022\/06\/07-Unhas-decoradas-de-fibra-de-vidro-batom-150x110.jpg 150w\" sizes=\"auto, (max-width: 760px) 100vw, 760px\" \/><figcaption class=\"wp-element-caption\">Rossetto per unghie decorato in fibra di vetro<\/figcaption><\/figure>\n\n\n\n<h2 class=\"wp-block-heading\"><span class=\"ez-toc-section\" id=\"Unha_de_fibra_de_vidro_coffin\"><\/span>chiodo da bara in fibra di vetro<span class=\"ez-toc-section-end\"><\/span><\/h2>\n\n\n\n<p>I Coffin Nails sono la variante pi\u00f9 morbida dell&#039;unghia ballerina. Puoi limare questa forma di unghia rettangolare direttamente sui lati, la punta allo stesso modo e poi assottigliare leggermente i lati verso l&#039;estremit\u00e0 dell&#039;unghia.<\/p>\n\n\n\n<figure class=\"wp-block-image size-full\"><img loading=\"lazy\" decoding=\"async\" width=\"760\" height=\"555\" src=\"https:\/\/danidrops.com.br\/wp-content\/uploads\/2022\/06\/10-Unhas-decoradas-de-fibra-de-vidro-coffin.jpg\" alt=\"Chiodi decorati a bara in fibra di vetro\" class=\"wp-image-30065\" title=\"\" srcset=\"https:\/\/danidrops.com.br\/wp-content\/uploads\/2022\/06\/10-Unhas-decoradas-de-fibra-de-vidro-coffin.jpg 760w, https:\/\/danidrops.com.br\/wp-content\/uploads\/2022\/06\/10-Unhas-decoradas-de-fibra-de-vidro-coffin-300x219.jpg 300w, https:\/\/danidrops.com.br\/wp-content\/uploads\/2022\/06\/10-Unhas-decoradas-de-fibra-de-vidro-coffin-150x110.jpg 150w\" sizes=\"auto, (max-width: 760px) 100vw, 760px\" \/><figcaption class=\"wp-element-caption\">Chiodi decorati a bara in fibra di vetro<\/figcaption><\/figure>\n\n\n\n<p>Per chi vuole seguire il trend delle ballerine, ma non pu\u00f2 far crescere a lungo le unghie o vuole adattare il look alla vita di tutti i giorni. Oltre alle unghie da ballerina, questo modello in <strong>chiodi decorati in fibra di vetro<\/strong> sar\u00e0 perfetto.<\/p>\n\n\n\n<figure class=\"wp-block-image size-full\"><img loading=\"lazy\" decoding=\"async\" width=\"760\" height=\"555\" src=\"https:\/\/danidrops.com.br\/wp-content\/uploads\/2022\/06\/09-Unhas-decoradas-de-fibra-de-vidro-coffin.jpg\" alt=\"Chiodi decorati a bara in fibra di vetro\" class=\"wp-image-30064\" title=\"\" srcset=\"https:\/\/danidrops.com.br\/wp-content\/uploads\/2022\/06\/09-Unhas-decoradas-de-fibra-de-vidro-coffin.jpg 760w, https:\/\/danidrops.com.br\/wp-content\/uploads\/2022\/06\/09-Unhas-decoradas-de-fibra-de-vidro-coffin-300x219.jpg 300w, https:\/\/danidrops.com.br\/wp-content\/uploads\/2022\/06\/09-Unhas-decoradas-de-fibra-de-vidro-coffin-150x110.jpg 150w\" sizes=\"auto, (max-width: 760px) 100vw, 760px\" \/><figcaption class=\"wp-element-caption\">Chiodi decorati a bara in fibra di vetro<\/figcaption><\/figure>\n\n\n\n<h2 class=\"wp-block-heading\"><span class=\"ez-toc-section\" id=\"Unha_de_fibra_de_vidro_oval\"><\/span>chiodo ovale in fibra di vetro<span class=\"ez-toc-section-end\"><\/span><\/h2>\n\n\n\n<p>La forma rotonda delle unghie \u00e8 resa molto pi\u00f9 elegante con una lima leggermente pi\u00f9 stretta per un aspetto ovale. Mentre i lati sono limati, la punta delle unghie dovrebbe essere leggermente arrotondata.<\/p>\n\n\n\n<figure class=\"wp-block-image size-full\"><img loading=\"lazy\" decoding=\"async\" width=\"760\" height=\"555\" src=\"https:\/\/danidrops.com.br\/wp-content\/uploads\/2022\/06\/11-Unhas-decoradas-de-fibra-de-vidro-oval.jpg\" alt=\"Chiodi ovali in fibra di vetro decorati\" class=\"wp-image-30066\" title=\"\" srcset=\"https:\/\/danidrops.com.br\/wp-content\/uploads\/2022\/06\/11-Unhas-decoradas-de-fibra-de-vidro-oval.jpg 760w, https:\/\/danidrops.com.br\/wp-content\/uploads\/2022\/06\/11-Unhas-decoradas-de-fibra-de-vidro-oval-300x219.jpg 300w, https:\/\/danidrops.com.br\/wp-content\/uploads\/2022\/06\/11-Unhas-decoradas-de-fibra-de-vidro-oval-150x110.jpg 150w\" sizes=\"auto, (max-width: 760px) 100vw, 760px\" \/><figcaption class=\"wp-element-caption\">Chiodi ovali in fibra di vetro decorati<\/figcaption><\/figure>\n\n\n\n<p>Quando l&#039;utente vuole creare un look elegante con le unghie e allungare visivamente le dita.<\/p>\n\n\n\n<figure class=\"wp-block-image size-full\"><img loading=\"lazy\" decoding=\"async\" width=\"760\" height=\"555\" src=\"https:\/\/danidrops.com.br\/wp-content\/uploads\/2022\/06\/12-Unhas-decoradas-de-fibra-de-vidro-oval.jpg\" alt=\"Chiodi ovali in fibra di vetro decorati\" class=\"wp-image-30041\" title=\"\" srcset=\"https:\/\/danidrops.com.br\/wp-content\/uploads\/2022\/06\/12-Unhas-decoradas-de-fibra-de-vidro-oval.jpg 760w, https:\/\/danidrops.com.br\/wp-content\/uploads\/2022\/06\/12-Unhas-decoradas-de-fibra-de-vidro-oval-300x219.jpg 300w, https:\/\/danidrops.com.br\/wp-content\/uploads\/2022\/06\/12-Unhas-decoradas-de-fibra-de-vidro-oval-150x110.jpg 150w\" sizes=\"auto, (max-width: 760px) 100vw, 760px\" \/><figcaption class=\"wp-element-caption\">Chiodi ovali in fibra di vetro decorati<\/figcaption><\/figure>\n\n\n\n<h2 class=\"wp-block-heading\"><span class=\"ez-toc-section\" id=\"Unha_de_fibra_de_vidro_quadrada\"><\/span>chiodo quadrato in fibra di vetro<span class=\"ez-toc-section-end\"><\/span><\/h2>\n\n\n\n<p>L&#039;unghia quadrata \u00e8 una delle forme di unghie pi\u00f9 popolari. Le estremit\u00e0 e i lati del chiodo sono limati completamente dritti. Gli amanti delle unghie protesiche scelgono di posizionare il <strong>chiodo in fibra di vetro<\/strong> per rendere la decorazione fantastica.<\/p>\n\n\n\n<figure class=\"wp-block-image size-full\"><img loading=\"lazy\" decoding=\"async\" width=\"760\" height=\"555\" src=\"https:\/\/danidrops.com.br\/wp-content\/uploads\/2022\/06\/14-Unhas-decoradas-de-fibra-de-vidro-quadrada.jpg\" alt=\"Chiodi quadrati in fibra di vetro decorati\" class=\"wp-image-30043\" title=\"\" srcset=\"https:\/\/danidrops.com.br\/wp-content\/uploads\/2022\/06\/14-Unhas-decoradas-de-fibra-de-vidro-quadrada.jpg 760w, https:\/\/danidrops.com.br\/wp-content\/uploads\/2022\/06\/14-Unhas-decoradas-de-fibra-de-vidro-quadrada-300x219.jpg 300w, https:\/\/danidrops.com.br\/wp-content\/uploads\/2022\/06\/14-Unhas-decoradas-de-fibra-de-vidro-quadrada-150x110.jpg 150w\" sizes=\"auto, (max-width: 760px) 100vw, 760px\" \/><figcaption class=\"wp-element-caption\">Chiodi quadrati in fibra di vetro decorati<\/figcaption><\/figure>\n\n\n\n<p>Le unghie quadrate sono adatte a tutte le forme di unghie, ma sono pi\u00f9 adatte per le dita larghe e corte poich\u00e9 il letto ungueale pu\u00f2 essere otticamente bilanciato. Particolarmente bello in combinazione con le unghie francesi.<\/p>\n\n\n\n<figure class=\"wp-block-image size-full\"><img loading=\"lazy\" decoding=\"async\" width=\"760\" height=\"555\" src=\"https:\/\/danidrops.com.br\/wp-content\/uploads\/2022\/06\/13-Unhas-decoradas-de-fibra-de-vidro-quadrada.jpg\" alt=\"Chiodi quadrati in fibra di vetro decorati\" class=\"wp-image-30042\" title=\"\" srcset=\"https:\/\/danidrops.com.br\/wp-content\/uploads\/2022\/06\/13-Unhas-decoradas-de-fibra-de-vidro-quadrada.jpg 760w, https:\/\/danidrops.com.br\/wp-content\/uploads\/2022\/06\/13-Unhas-decoradas-de-fibra-de-vidro-quadrada-300x219.jpg 300w, https:\/\/danidrops.com.br\/wp-content\/uploads\/2022\/06\/13-Unhas-decoradas-de-fibra-de-vidro-quadrada-150x110.jpg 150w\" sizes=\"auto, (max-width: 760px) 100vw, 760px\" \/><figcaption class=\"wp-element-caption\">Chiodi quadrati in fibra di vetro decorati<\/figcaption><\/figure>\n\n\n\n<h2 class=\"wp-block-heading\"><span class=\"ez-toc-section\" id=\"Unha_de_fibra_de_vidro_redonda\"><\/span>chiodo tondo in fibra di vetro<span class=\"ez-toc-section-end\"><\/span><\/h2>\n\n\n\n<p>Se segui il letto ungueale e limette le unghie in modo naturale, otterrai sempre una forma arrotondata. Le unghie naturali si indossano molto corte ma possono anche essere costruite per unghie rotonde di forma leggermente pi\u00f9 lunga.<\/p>\n\n\n\n<figure class=\"wp-block-image size-full\"><img loading=\"lazy\" decoding=\"async\" width=\"760\" height=\"555\" src=\"https:\/\/danidrops.com.br\/wp-content\/uploads\/2022\/06\/16-Unhas-decoradas-de-fibra-de-vidro-redonda.jpg\" alt=\"Chiodi tondi decorati in fibra di vetro\" class=\"wp-image-30045\" title=\"\" srcset=\"https:\/\/danidrops.com.br\/wp-content\/uploads\/2022\/06\/16-Unhas-decoradas-de-fibra-de-vidro-redonda.jpg 760w, https:\/\/danidrops.com.br\/wp-content\/uploads\/2022\/06\/16-Unhas-decoradas-de-fibra-de-vidro-redonda-300x219.jpg 300w, https:\/\/danidrops.com.br\/wp-content\/uploads\/2022\/06\/16-Unhas-decoradas-de-fibra-de-vidro-redonda-150x110.jpg 150w\" sizes=\"auto, (max-width: 760px) 100vw, 760px\" \/><figcaption class=\"wp-element-caption\">Chiodi tondi decorati in fibra di vetro<\/figcaption><\/figure>\n\n\n\n<p>Se ti piacciono gli stili di unghie sobri e naturali, questa forma di unghie \u00e8 perfetta per te. \u00c8 particolarmente adatto anche per unghie fragili poich\u00e9 il danno pu\u00f2 essere accorciato direttamente.<\/p>\n\n\n\n<figure class=\"wp-block-image size-full\"><img loading=\"lazy\" decoding=\"async\" width=\"760\" height=\"555\" src=\"https:\/\/danidrops.com.br\/wp-content\/uploads\/2022\/06\/15-Unhas-decoradas-de-fibra-de-vidro-redonda.jpg\" alt=\"Chiodi tondi decorati in fibra di vetro\" class=\"wp-image-30044\" title=\"\" srcset=\"https:\/\/danidrops.com.br\/wp-content\/uploads\/2022\/06\/15-Unhas-decoradas-de-fibra-de-vidro-redonda.jpg 760w, https:\/\/danidrops.com.br\/wp-content\/uploads\/2022\/06\/15-Unhas-decoradas-de-fibra-de-vidro-redonda-300x219.jpg 300w, https:\/\/danidrops.com.br\/wp-content\/uploads\/2022\/06\/15-Unhas-decoradas-de-fibra-de-vidro-redonda-150x110.jpg 150w\" sizes=\"auto, (max-width: 760px) 100vw, 760px\" \/><figcaption class=\"wp-element-caption\">Chiodi tondi decorati in fibra di vetro<\/figcaption><\/figure>\n\n\n\n<p>Se le tue unghie sono fragili, le <strong>chiodi in fibra di vetro<\/strong> possono essere ottimi alleati anche per questo formato unghia discreto in quanto il materiale rende l&#039;unghia naturale pi\u00f9 resistente.<\/p>\n\n\n\n<h2 class=\"wp-block-heading\"><span class=\"ez-toc-section\" id=\"Unha_de_fibra_de_vidro_squoval\"><\/span>chiodo in fibra di vetro squoval<span class=\"ez-toc-section-end\"><\/span><\/h2>\n\n\n\n<p>Le unghie Squoval sono la soluzione perfetta per chi preferisce un mix tra i due formati. Per fare questo, prima limare l&#039;unghia direttamente sui lati e puntare. Infine, arrotondare delicatamente gli angoli.<\/p>\n\n\n\n<figure class=\"wp-block-image size-full\"><img loading=\"lazy\" decoding=\"async\" width=\"760\" height=\"555\" src=\"https:\/\/danidrops.com.br\/wp-content\/uploads\/2022\/06\/18-Unhas-decoradas-de-fibra-de-vidro-squoval.jpg\" alt=\"chiodi decorati in fibra di vetro squoval\" class=\"wp-image-30047\" title=\"\" srcset=\"https:\/\/danidrops.com.br\/wp-content\/uploads\/2022\/06\/18-Unhas-decoradas-de-fibra-de-vidro-squoval.jpg 760w, https:\/\/danidrops.com.br\/wp-content\/uploads\/2022\/06\/18-Unhas-decoradas-de-fibra-de-vidro-squoval-300x219.jpg 300w, https:\/\/danidrops.com.br\/wp-content\/uploads\/2022\/06\/18-Unhas-decoradas-de-fibra-de-vidro-squoval-150x110.jpg 150w\" sizes=\"auto, (max-width: 760px) 100vw, 760px\" \/><figcaption class=\"wp-element-caption\">chiodi decorati in fibra di vetro squoval<\/figcaption><\/figure>\n\n\n\n<p>Per chi ha un letto ungueale lungo e stretto, questa forma fa apparire le unghie pi\u00f9 larghe.<\/p>\n\n\n\n<figure class=\"wp-block-image size-full\"><img loading=\"lazy\" decoding=\"async\" width=\"760\" height=\"555\" src=\"https:\/\/danidrops.com.br\/wp-content\/uploads\/2022\/06\/17-Unhas-decoradas-de-fibra-de-vidro-squoval.jpg\" alt=\"chiodi decorati in fibra di vetro squoval\" class=\"wp-image-30046\" title=\"\" srcset=\"https:\/\/danidrops.com.br\/wp-content\/uploads\/2022\/06\/17-Unhas-decoradas-de-fibra-de-vidro-squoval.jpg 760w, https:\/\/danidrops.com.br\/wp-content\/uploads\/2022\/06\/17-Unhas-decoradas-de-fibra-de-vidro-squoval-300x219.jpg 300w, https:\/\/danidrops.com.br\/wp-content\/uploads\/2022\/06\/17-Unhas-decoradas-de-fibra-de-vidro-squoval-150x110.jpg 150w\" sizes=\"auto, (max-width: 760px) 100vw, 760px\" \/><figcaption class=\"wp-element-caption\">chiodi decorati in fibra di vetro squoval<\/figcaption><\/figure>\n\n\n\n<h2 class=\"wp-block-heading\"><span class=\"ez-toc-section\" id=\"Unha_de_fibra_de_vidro_stiletto\"><\/span>Chiodo a stiletto in fibra di vetro<span class=\"ez-toc-section-end\"><\/span><\/h2>\n\n\n\n<p>Queste unghie sono attualmente un successo su Instagram, dovresti pesarle quotidianamente poich\u00e9 sono limate molto nettamente dal centro dell&#039;unghia. Soprattutto per chi ha le dita piccole e larghe, perch\u00e9 si assottigliano e appaiono pi\u00f9 lunghe.<\/p>\n\n\n\n<figure class=\"wp-block-image size-full\"><img loading=\"lazy\" decoding=\"async\" width=\"760\" height=\"555\" src=\"https:\/\/danidrops.com.br\/wp-content\/uploads\/2022\/06\/20-Unhas-decoradas-de-fibra-de-vidro-stiletto.jpg\" alt=\"Unghie a stiletto in fibra di vetro\" class=\"wp-image-30049\" title=\"\" srcset=\"https:\/\/danidrops.com.br\/wp-content\/uploads\/2022\/06\/20-Unhas-decoradas-de-fibra-de-vidro-stiletto.jpg 760w, https:\/\/danidrops.com.br\/wp-content\/uploads\/2022\/06\/20-Unhas-decoradas-de-fibra-de-vidro-stiletto-300x219.jpg 300w, https:\/\/danidrops.com.br\/wp-content\/uploads\/2022\/06\/20-Unhas-decoradas-de-fibra-de-vidro-stiletto-150x110.jpg 150w\" sizes=\"auto, (max-width: 760px) 100vw, 760px\" \/><figcaption class=\"wp-element-caption\">Unghie a stiletto in fibra di vetro<\/figcaption><\/figure>\n\n\n\n<p>Anche qui le unghie sane e senza rischi di rottura sono un prerequisito, poich\u00e9 le unghie sono pi\u00f9 strette e pi\u00f9 vulnerabili nella parte anteriore. Vale la pena ricordare che il <strong>chiodi in fibra di vetro<\/strong> sono un&#039;ottima opzione se le tue unghie non hanno la lunghezza o l&#039;aspetto per questa forma da fare.<\/p>\n\n\n\n<figure class=\"wp-block-image size-full\"><img loading=\"lazy\" decoding=\"async\" width=\"760\" height=\"555\" src=\"https:\/\/danidrops.com.br\/wp-content\/uploads\/2022\/06\/19-Unhas-decoradas-de-fibra-de-vidro-stiletto.jpg\" alt=\"Unghie a stiletto in fibra di vetro\" class=\"wp-image-30048\" title=\"\" srcset=\"https:\/\/danidrops.com.br\/wp-content\/uploads\/2022\/06\/19-Unhas-decoradas-de-fibra-de-vidro-stiletto.jpg 760w, https:\/\/danidrops.com.br\/wp-content\/uploads\/2022\/06\/19-Unhas-decoradas-de-fibra-de-vidro-stiletto-300x219.jpg 300w, https:\/\/danidrops.com.br\/wp-content\/uploads\/2022\/06\/19-Unhas-decoradas-de-fibra-de-vidro-stiletto-150x110.jpg 150w\" sizes=\"auto, (max-width: 760px) 100vw, 760px\" \/><figcaption class=\"wp-element-caption\">Unghie a stiletto in fibra di vetro<\/figcaption><\/figure>\n\n\n\n<h2 class=\"wp-block-heading\"><span class=\"ez-toc-section\" id=\"Unha_de_fibra_de_vidro_ombre_curta_e_longa\"><\/span>Unghia ombr\u00e9 in fibra di vetro: corta e lunga<span class=\"ez-toc-section-end\"><\/span><\/h2>\n\n\n\n<p>In <strong>chiodi in fibra di vetro<\/strong> pu\u00f2 essere levigato e tagliato in qualsiasi forma. Puoi realizzare l&#039;allungamento in qualsiasi dimensione desideri, come piccola, media o grande.<\/p>\n\n\n\n<figure class=\"wp-block-image size-full\"><img loading=\"lazy\" decoding=\"async\" width=\"760\" height=\"555\" src=\"https:\/\/danidrops.com.br\/wp-content\/uploads\/2022\/06\/22-Unhas-decoradas-de-fibra-de-vidro-ombre_-curta-e-longa.jpg\" alt=\"Unghie glitterate in fibra di vetro\" class=\"wp-image-30051\" title=\"\" srcset=\"https:\/\/danidrops.com.br\/wp-content\/uploads\/2022\/06\/22-Unhas-decoradas-de-fibra-de-vidro-ombre_-curta-e-longa.jpg 760w, https:\/\/danidrops.com.br\/wp-content\/uploads\/2022\/06\/22-Unhas-decoradas-de-fibra-de-vidro-ombre_-curta-e-longa-300x219.jpg 300w, https:\/\/danidrops.com.br\/wp-content\/uploads\/2022\/06\/22-Unhas-decoradas-de-fibra-de-vidro-ombre_-curta-e-longa-150x110.jpg 150w\" sizes=\"auto, (max-width: 760px) 100vw, 760px\" \/><figcaption class=\"wp-element-caption\">Unghie decorate in fibra di vetro ombr\u00e9: corte e lunghe<\/figcaption><\/figure>\n\n\n\n<p>Le unghie in stile Ombr\u00e9 sono quelle dipinte in gradiente che stanno benissimo sia sulle unghie corte che lunghe. Scopri quella pi\u00f9 adatta alla tua quotidianit\u00e0, tenendo conto della tua routine, poich\u00e9 quelle lunghe richiedono maggiori attenzioni.<\/p>\n\n\n\n<figure class=\"wp-block-image size-full\"><img loading=\"lazy\" decoding=\"async\" width=\"760\" height=\"555\" src=\"https:\/\/danidrops.com.br\/wp-content\/uploads\/2022\/06\/21-Unhas-decoradas-de-fibra-de-vidro-ombre_-curta-e-longa.jpg\" alt=\"Unghie decorate in fibra di vetro ombr\u00e9: corte e lunghe\" class=\"wp-image-30050\" title=\"\" srcset=\"https:\/\/danidrops.com.br\/wp-content\/uploads\/2022\/06\/21-Unhas-decoradas-de-fibra-de-vidro-ombre_-curta-e-longa.jpg 760w, https:\/\/danidrops.com.br\/wp-content\/uploads\/2022\/06\/21-Unhas-decoradas-de-fibra-de-vidro-ombre_-curta-e-longa-300x219.jpg 300w, https:\/\/danidrops.com.br\/wp-content\/uploads\/2022\/06\/21-Unhas-decoradas-de-fibra-de-vidro-ombre_-curta-e-longa-150x110.jpg 150w\" sizes=\"auto, (max-width: 760px) 100vw, 760px\" \/><figcaption class=\"wp-element-caption\">Unghie decorate in fibra di vetro ombr\u00e9: corte e lunghe<\/figcaption><\/figure>\n\n\n\n<h2 class=\"wp-block-heading\"><span class=\"ez-toc-section\" id=\"Unha_de_fibra_de_vidro_glitter\"><\/span>unghia glitterata in fibra di vetro<span class=\"ez-toc-section-end\"><\/span><\/h2>\n\n\n\n<p>Un altro grande vantaggio di questa tecnica \u00e8 che, se vuoi decorare <strong>chiodi in fibra di vetro<\/strong>, non ci sono problemi, poich\u00e9 questa tecnica di allungamento consente tutti i tipi di decorazioni, comprese le decorazioni con glitter che sembrano fantastiche.<\/p>\n\n\n\n<figure class=\"wp-block-image size-full\"><img loading=\"lazy\" decoding=\"async\" width=\"760\" height=\"555\" src=\"https:\/\/danidrops.com.br\/wp-content\/uploads\/2022\/06\/24-Unhas-decoradas-de-fibra-de-vidro-glitter.jpg\" alt=\"Unghie glitterate in fibra di vetro\" class=\"wp-image-30053\" title=\"\" srcset=\"https:\/\/danidrops.com.br\/wp-content\/uploads\/2022\/06\/24-Unhas-decoradas-de-fibra-de-vidro-glitter.jpg 760w, https:\/\/danidrops.com.br\/wp-content\/uploads\/2022\/06\/24-Unhas-decoradas-de-fibra-de-vidro-glitter-300x219.jpg 300w, https:\/\/danidrops.com.br\/wp-content\/uploads\/2022\/06\/24-Unhas-decoradas-de-fibra-de-vidro-glitter-150x110.jpg 150w\" sizes=\"auto, (max-width: 760px) 100vw, 760px\" \/><figcaption class=\"wp-element-caption\">Unghie glitterate in fibra di vetro<\/figcaption><\/figure>\n\n\n\n<figure class=\"wp-block-image size-full\"><img loading=\"lazy\" decoding=\"async\" width=\"760\" height=\"555\" src=\"https:\/\/danidrops.com.br\/wp-content\/uploads\/2022\/06\/23-Unhas-decoradas-de-fibra-de-vidro-glitter.jpg\" alt=\"Unghie glitterate in fibra di vetro\" class=\"wp-image-30052\" title=\"\" srcset=\"https:\/\/danidrops.com.br\/wp-content\/uploads\/2022\/06\/23-Unhas-decoradas-de-fibra-de-vidro-glitter.jpg 760w, https:\/\/danidrops.com.br\/wp-content\/uploads\/2022\/06\/23-Unhas-decoradas-de-fibra-de-vidro-glitter-300x219.jpg 300w, https:\/\/danidrops.com.br\/wp-content\/uploads\/2022\/06\/23-Unhas-decoradas-de-fibra-de-vidro-glitter-150x110.jpg 150w\" sizes=\"auto, (max-width: 760px) 100vw, 760px\" \/><figcaption class=\"wp-element-caption\">Unghie glitterate in fibra di vetro<\/figcaption><\/figure>\n\n\n\n<h2 class=\"wp-block-heading\"><span class=\"ez-toc-section\" id=\"Unha_de_fibra_de_vidro_preta_vermelha_e_azul\"><\/span>Chiodo in fibra di vetro: nero, rosso e blu<span class=\"ez-toc-section-end\"><\/span><\/h2>\n\n\n\n<p>Oggigiorno ci sono i pi\u00f9 svariati colori e stili di smalto per dipingere <a href=\"https:\/\/danidrops.com.br\/it\/unghia-rossa\/\" data-type=\"URL\" data-id=\"https:\/\/danidrops.com.br\/unha-vermelha\/\">unghie, il colore rosso \u00e8 solitamente il pi\u00f9 tradizionale<\/a> tra loro per essere squisito. <\/p>\n\n\n\n<p><a href=\"https:\/\/danidrops.com.br\/it\/tendenza-unghie-blu-2024\/\" data-type=\"URL\" data-id=\"https:\/\/danidrops.com.br\/unha-decorada-azul\/\">L&#039;unghia blu \u00e8 bellissima ed \u00e8 uno dei colori alla moda<\/a>, utilizzati nei toni opachi, lucidi e persino neon, stanno riscuotendo un grande successo.<\/p>\n\n\n\n<figure class=\"wp-block-image size-full\"><img loading=\"lazy\" decoding=\"async\" width=\"760\" height=\"555\" src=\"https:\/\/danidrops.com.br\/wp-content\/uploads\/2022\/06\/26-Unhas-decoradas-de-fibra-de-vidro_-preta-vermelha-e-azul.jpg\" alt=\"Unghie decorate in fibra di vetro: nere, rosse e blu\" class=\"wp-image-30055\" title=\"\" srcset=\"https:\/\/danidrops.com.br\/wp-content\/uploads\/2022\/06\/26-Unhas-decoradas-de-fibra-de-vidro_-preta-vermelha-e-azul.jpg 760w, https:\/\/danidrops.com.br\/wp-content\/uploads\/2022\/06\/26-Unhas-decoradas-de-fibra-de-vidro_-preta-vermelha-e-azul-300x219.jpg 300w, https:\/\/danidrops.com.br\/wp-content\/uploads\/2022\/06\/26-Unhas-decoradas-de-fibra-de-vidro_-preta-vermelha-e-azul-150x110.jpg 150w\" sizes=\"auto, (max-width: 760px) 100vw, 760px\" \/><figcaption class=\"wp-element-caption\">Unghie decorate in fibra di vetro: nere, rosse e blu<\/figcaption><\/figure>\n\n\n\n<p>Poi abbiamo il <a href=\"https:\/\/danidrops.com.br\/it\/chiodo-decorato-nero\/\" data-type=\"URL\" data-id=\"https:\/\/danidrops.com.br\/unha-decorada-preta\/\/\">colore nero decorato con le unghie<\/a>, utilizzato principalmente da teenager, donne e uomini dallo stile rock e punk, ma senza passare inosservato agli altri, del resto tutti amano un tubino nero anche sulle unghie.<\/p>\n\n\n\n<figure class=\"wp-block-image size-full\"><img loading=\"lazy\" decoding=\"async\" width=\"760\" height=\"555\" src=\"https:\/\/danidrops.com.br\/wp-content\/uploads\/2022\/06\/25-Unhas-decoradas-de-fibra-de-vidro_-preta-vermelha-e-azul.jpg\" alt=\"Unghie decorate in fibra di vetro: nere, rosse e blu\" class=\"wp-image-30054\" title=\"\" srcset=\"https:\/\/danidrops.com.br\/wp-content\/uploads\/2022\/06\/25-Unhas-decoradas-de-fibra-de-vidro_-preta-vermelha-e-azul.jpg 760w, https:\/\/danidrops.com.br\/wp-content\/uploads\/2022\/06\/25-Unhas-decoradas-de-fibra-de-vidro_-preta-vermelha-e-azul-300x219.jpg 300w, https:\/\/danidrops.com.br\/wp-content\/uploads\/2022\/06\/25-Unhas-decoradas-de-fibra-de-vidro_-preta-vermelha-e-azul-150x110.jpg 150w\" sizes=\"auto, (max-width: 760px) 100vw, 760px\" \/><figcaption class=\"wp-element-caption\">Unghie decorate in fibra di vetro: nere, rosse e blu<\/figcaption><\/figure>\n\n\n\n<p>Semplicemente fantastico e sofisticato, il <strong>chiodi in fibra di vetro<\/strong> necessita di qualche prelibatezza da realizzare, ma la tecnica \u00e8 molto semplice e soprattutto molto economica.<\/p>\n\n\n\n<p>Usando la fantasia e i materiali giusti, potrai avere unghie mozzafiato.<\/p>\n\n\n\n<h2 class=\"wp-block-heading\"><span class=\"ez-toc-section\" id=\"Veja_o_TOP20_Unhas_Decoradas_de_Fibra_de_Vidro\"><\/span>Guarda le unghie in fibra di vetro decorate TOP20<span class=\"ez-toc-section-end\"><\/span><\/h2>\n\n\n\n<script type=\"application\/ld+json\">{\n    \"@context\": \"https:\\\/\\\/schema.org\",\n    \"@type\": \"VideoObject\",\n    \"name\": \"TOP20 Unhas Decoradas de Fibra de Vidro\",\n    \"description\": \"TOP20 Unhas Decoradas de Fibra de Vidro\",\n    \"thumbnailUrl\": \"https:\\\/\\\/danidrops.com.br\\\/wp-content\\\/uploads\\\/2022\\\/06\\\/Unha-de-Fibra-de-Vidro.jpg\",\n    \"uploadDate\": \"2022-06-23\",\n    \"duration\": \"PT1M34S\",\n    \"publisher\": {\n        \"@type\": \"Organization\",\n        \"name\": \"DaniDrops\",\n        \"logo\": {\n            \"@type\": \"ImageObject\",\n            \"url\": \"https:\\\/\\\/danidrops.com.br\\\/wp-content\\\/uploads\\\/2021\\\/08\\\/danidrops.jpg\",\n            \"width\": 600,\n            \"height\": 60\n        }\n    },\n    \"contentUrl\": \"https:\\\/\\\/youtu.be\\\/77AJGulqmU0\",\n    \"embedUrl\": \"https:\\\/\\\/youtu.be\\\/77AJGulqmU0\",\n    \"potentialAction\": {\n        \"@type\": \"SeekToAction\",\n        \"target\": \"https:\\\/\\\/youtu.be\\\/77AJGulqmU0={seek_to_second_number}\",\n        \"startOffset-input\": \"required name=seek_to_second_number\"\n    }\n}<\/script>\n\n\n\n<figure class=\"wp-block-embed is-type-video is-provider-youtube wp-block-embed-youtube wp-embed-aspect-16-9 wp-has-aspect-ratio\"><div class=\"wp-block-embed__wrapper\">\n<iframe loading=\"lazy\" title=\"TOP20\" width=\"500\" height=\"281\" src=\"https:\/\/www.youtube.com\/embed\/77AJGulqmU0?feature=oembed\" frameborder=\"0\" allow=\"accelerometer; autoplay; clipboard-write; encrypted-media; gyroscope; picture-in-picture; web-share\" referrerpolicy=\"strict-origin-when-cross-origin\" allowfullscreen><\/iframe>\n<\/div><\/figure>\n<div id=\"ez-toc-container\" class=\"ez-toc-v2_0_76 counter-hierarchy ez-toc-counter ez-toc-grey ez-toc-container-direction\">\n<p class=\"ez-toc-title\" style=\"cursor:inherit\">Leggerai questo articolo<\/p>\n<label for=\"ez-toc-cssicon-toggle-item-69f3fd10773c7\" class=\"ez-toc-cssicon-toggle-label\"><span class=\"ez-toc-cssicon\"><span class=\"eztoc-hide\" style=\"display:none;\">Attiva\/disattiva<\/span><span class=\"ez-toc-icon-toggle-span\"><svg style=\"fill: #999;color:#999\" xmlns=\"http:\/\/www.w3.org\/2000\/svg\" class=\"list-377408\" width=\"20px\" height=\"20px\" viewbox=\"0 0 24 24\" fill=\"none\"><path d=\"M6 6H4v2h2V6zm14 0H8v2h12V6zM4 11h2v2H4v-2zm16 0H8v2h12v-2zM4 16h2v2H4v-2zm16 0H8v2h12v-2z\" fill=\"currentColor\"><\/path><\/svg><svg style=\"fill: #999;color:#999\" class=\"arrow-unsorted-368013\" xmlns=\"http:\/\/www.w3.org\/2000\/svg\" width=\"10px\" height=\"10px\" viewbox=\"0 0 24 24\" version=\"1.2\" baseprofile=\"tiny\"><path d=\"M18.2 9.3l-6.2-6.3-6.2 6.3c-.2.2-.3.4-.3.7s.1.5.3.7c.2.2.4.3.7.3h11c.3 0 .5-.1.7-.3.2-.2.3-.5.3-.7s-.1-.5-.3-.7zM5.8 14.7l6.2 6.3 6.2-6.3c.2-.2.3-.5.3-.7s-.1-.5-.3-.7c-.2-.2-.4-.3-.7-.3h-11c-.3 0-.5.1-.7.3-.2.2-.3.5-.3.7s.1.5.3.7z\"\/><\/svg><\/span><\/span><\/label><input type=\"checkbox\"  id=\"ez-toc-cssicon-toggle-item-69f3fd10773c7\"  aria-label=\"Attiva\/disattiva\" \/><nav><ul class='ez-toc-list ez-toc-list-level-1' ><li class='ez-toc-page-1 ez-toc-heading-level-2'><a class=\"ez-toc-link ez-toc-heading-1\" href=\"https:\/\/danidrops.com.br\/it\/chiodo-in-fibra-di-vetro\/#Quais_sao_as_tendencias_de_unhas_de_fibra_de_vidro\" >Quali sono le tendenze delle unghie in fibra di vetro?<\/a><\/li><li class='ez-toc-page-1 ez-toc-heading-level-2'><a class=\"ez-toc-link ez-toc-heading-2\" href=\"https:\/\/danidrops.com.br\/it\/chiodo-in-fibra-di-vetro\/#Unha_de_fibra_de_vidro_amendoada\" >unghia a mandorla in fibra di vetro<\/a><\/li><li class='ez-toc-page-1 ez-toc-heading-level-2'><a class=\"ez-toc-link ez-toc-heading-3\" href=\"https:\/\/danidrops.com.br\/it\/chiodo-in-fibra-di-vetro\/#Unha_de_fibra_de_vidro_bailarina\" >unghia ballerina in fibra di vetro<\/a><\/li><li class='ez-toc-page-1 ez-toc-heading-level-2'><a class=\"ez-toc-link ez-toc-heading-4\" href=\"https:\/\/danidrops.com.br\/it\/chiodo-in-fibra-di-vetro\/#Unha_de_fibra_de_vidro_batom\" >rossetto per unghie in fibra di vetro<\/a><\/li><li class='ez-toc-page-1 ez-toc-heading-level-2'><a class=\"ez-toc-link ez-toc-heading-5\" href=\"https:\/\/danidrops.com.br\/it\/chiodo-in-fibra-di-vetro\/#Unha_de_fibra_de_vidro_coffin\" >chiodo da bara in fibra di vetro<\/a><\/li><li class='ez-toc-page-1 ez-toc-heading-level-2'><a class=\"ez-toc-link ez-toc-heading-6\" href=\"https:\/\/danidrops.com.br\/it\/chiodo-in-fibra-di-vetro\/#Unha_de_fibra_de_vidro_oval\" >chiodo ovale in fibra di vetro<\/a><\/li><li class='ez-toc-page-1 ez-toc-heading-level-2'><a class=\"ez-toc-link ez-toc-heading-7\" href=\"https:\/\/danidrops.com.br\/it\/chiodo-in-fibra-di-vetro\/#Unha_de_fibra_de_vidro_quadrada\" >chiodo quadrato in fibra di vetro<\/a><\/li><li class='ez-toc-page-1 ez-toc-heading-level-2'><a class=\"ez-toc-link ez-toc-heading-8\" href=\"https:\/\/danidrops.com.br\/it\/chiodo-in-fibra-di-vetro\/#Unha_de_fibra_de_vidro_redonda\" >chiodo tondo in fibra di vetro<\/a><\/li><li class='ez-toc-page-1 ez-toc-heading-level-2'><a class=\"ez-toc-link ez-toc-heading-9\" href=\"https:\/\/danidrops.com.br\/it\/chiodo-in-fibra-di-vetro\/#Unha_de_fibra_de_vidro_squoval\" >chiodo in fibra di vetro squoval<\/a><\/li><li class='ez-toc-page-1 ez-toc-heading-level-2'><a class=\"ez-toc-link ez-toc-heading-10\" href=\"https:\/\/danidrops.com.br\/it\/chiodo-in-fibra-di-vetro\/#Unha_de_fibra_de_vidro_stiletto\" >Chiodo a stiletto in fibra di vetro<\/a><\/li><li class='ez-toc-page-1 ez-toc-heading-level-2'><a class=\"ez-toc-link ez-toc-heading-11\" href=\"https:\/\/danidrops.com.br\/it\/chiodo-in-fibra-di-vetro\/#Unha_de_fibra_de_vidro_ombre_curta_e_longa\" >Unghia ombr\u00e9 in fibra di vetro: corta e lunga<\/a><\/li><li class='ez-toc-page-1 ez-toc-heading-level-2'><a class=\"ez-toc-link ez-toc-heading-12\" href=\"https:\/\/danidrops.com.br\/it\/chiodo-in-fibra-di-vetro\/#Unha_de_fibra_de_vidro_glitter\" >unghia glitterata in fibra di vetro<\/a><\/li><li class='ez-toc-page-1 ez-toc-heading-level-2'><a class=\"ez-toc-link ez-toc-heading-13\" href=\"https:\/\/danidrops.com.br\/it\/chiodo-in-fibra-di-vetro\/#Unha_de_fibra_de_vidro_preta_vermelha_e_azul\" >Chiodo in fibra di vetro: nero, rosso e blu<\/a><\/li><li class='ez-toc-page-1 ez-toc-heading-level-2'><a class=\"ez-toc-link ez-toc-heading-14\" href=\"https:\/\/danidrops.com.br\/it\/chiodo-in-fibra-di-vetro\/#Veja_o_TOP20_Unhas_Decoradas_de_Fibra_de_Vidro\" >Guarda le unghie in fibra di vetro decorate TOP20<\/a><\/li><\/ul><\/nav><\/div>","protected":false},"excerpt":{"rendered":"<p>A unha de fibra de vidro se tornou uma febre entre as mulheres do mundo todo por serem f\u00e1ceis e pr\u00e1ticas de se fazer, al\u00e9m&hellip;<\/p>","protected":false},"author":1,"featured_media":30047,"comment_status":"open","ping_status":"open","sticky":false,"template":"","format":"standard","meta":{"footnotes":""},"categories":[456],"tags":[],"class_list":["post-29401","post","type-post","status-publish","format-standard","has-post-thumbnail","hentry","category-tendencia-de-unhas"],"_links":{"self":[{"href":"https:\/\/danidrops.com.br\/it\/wp-json\/wp\/v2\/posts\/29401","targetHints":{"allow":["GET"]}}],"collection":[{"href":"https:\/\/danidrops.com.br\/it\/wp-json\/wp\/v2\/posts"}],"about":[{"href":"https:\/\/danidrops.com.br\/it\/wp-json\/wp\/v2\/types\/post"}],"author":[{"embeddable":true,"href":"https:\/\/danidrops.com.br\/it\/wp-json\/wp\/v2\/users\/1"}],"replies":[{"embeddable":true,"href":"https:\/\/danidrops.com.br\/it\/wp-json\/wp\/v2\/comments?post=29401"}],"version-history":[{"count":0,"href":"https:\/\/danidrops.com.br\/it\/wp-json\/wp\/v2\/posts\/29401\/revisions"}],"wp:featuredmedia":[{"embeddable":true,"href":"https:\/\/danidrops.com.br\/it\/wp-json\/wp\/v2\/media\/30047"}],"wp:attachment":[{"href":"https:\/\/danidrops.com.br\/it\/wp-json\/wp\/v2\/media?parent=29401"}],"wp:term":[{"taxonomy":"category","embeddable":true,"href":"https:\/\/danidrops.com.br\/it\/wp-json\/wp\/v2\/categories?post=29401"},{"taxonomy":"post_tag","embeddable":true,"href":"https:\/\/danidrops.com.br\/it\/wp-json\/wp\/v2\/tags?post=29401"}],"curies":[{"name":"parola chiave","href":"https:\/\/api.w.org\/{rel}","templated":true}]}}