{"id":36053,"date":"2024-08-02T03:55:00","date_gmt":"2024-08-02T06:55:00","guid":{"rendered":"https:\/\/danidrops.com.br\/?p=36053"},"modified":"2024-08-02T16:28:48","modified_gmt":"2024-08-02T19:28:48","slug":"taglio-di-capelli-a-strati","status":"publish","type":"post","link":"https:\/\/danidrops.com.br\/it\/taglio-di-capelli-a-strati\/","title":{"rendered":"Taglio di capelli a strati 2024 \u2013 Scopri pi\u00f9 di 100 ispirazioni e tendenze di tagli di capelli a strati"},"content":{"rendered":"<p>Ogni anno l&#039;universo della bellezza ci presenta novit\u00e0 <strong><a href=\"https:\/\/danidrops.com.br\/it\/tendenza-taglio-capelli-donna-2025\/\" data-type=\"link\" data-id=\"https:\/\/danidrops.com.br\/tendencia-corte-de-cabelo-feminino-2025\/\">tendenze del taglio di capelli<\/a><\/strong>e il 2024 non sar\u00e0 diverso. Se stai cercando un look che unisca stile, raffinatezza e modernit\u00e0, il<strong> taglio capelli scalato 2024<\/strong> \u00e8 la scommessa giusta per quest&#039;anno. <\/p>\n\n\n\n<p>Perfetto per aggiungere movimento, volume e una dose extra di glamour alle tue ciocche, il taglio a strati promette di dominare i saloni di bellezza e conquistare i cuori ovunque vada.<\/p>\n\n\n\n<p>Ma cosa rende il taglio scalato la scelta perfetta per il 2024? Semplice: versatilit\u00e0 ed eleganza. Questo stile \u00e8 ideale per tutti i tipi di capelli \u2013 dai lisci ai ricci \u2013 e si adatta perfettamente alle diverse lunghezze. <\/p>\n\n\n\n<figure class=\"wp-block-image size-full\"><img loading=\"lazy\" decoding=\"async\" width=\"760\" height=\"555\" src=\"https:\/\/danidrops.com.br\/wp-content\/uploads\/2024\/08\/Corte-de-Cabelo-em-Camadas-2024-1.jpg\" alt=\"Taglio capelli scalato 2024\" class=\"wp-image-98161\" title=\"\" srcset=\"https:\/\/danidrops.com.br\/wp-content\/uploads\/2024\/08\/Corte-de-Cabelo-em-Camadas-2024-1.jpg 760w, https:\/\/danidrops.com.br\/wp-content\/uploads\/2024\/08\/Corte-de-Cabelo-em-Camadas-2024-1-300x219.jpg 300w, https:\/\/danidrops.com.br\/wp-content\/uploads\/2024\/08\/Corte-de-Cabelo-em-Camadas-2024-1-16x12.jpg 16w, https:\/\/danidrops.com.br\/wp-content\/uploads\/2024\/08\/Corte-de-Cabelo-em-Camadas-2024-1-150x110.jpg 150w\" sizes=\"auto, (max-width: 760px) 100vw, 760px\" \/><figcaption class=\"wp-element-caption\">Taglio capelli scalato 2024<\/figcaption><\/figure>\n\n\n\n<p>Inoltre, gli strati aiutano a evidenziare le migliori caratteristiche del tuo viso, donandoti un aspetto fresco e ringiovanito.<\/p>\n\n\n\n<figure class=\"wp-block-image size-full\"><img loading=\"lazy\" decoding=\"async\" width=\"760\" height=\"555\" src=\"https:\/\/danidrops.com.br\/wp-content\/uploads\/2024\/08\/Corte-de-Cabelo-em-Camadas-2024-6.jpg\" alt=\"Taglio capelli scalato 2024\" class=\"wp-image-98160\" title=\"\" srcset=\"https:\/\/danidrops.com.br\/wp-content\/uploads\/2024\/08\/Corte-de-Cabelo-em-Camadas-2024-6.jpg 760w, https:\/\/danidrops.com.br\/wp-content\/uploads\/2024\/08\/Corte-de-Cabelo-em-Camadas-2024-6-300x219.jpg 300w, https:\/\/danidrops.com.br\/wp-content\/uploads\/2024\/08\/Corte-de-Cabelo-em-Camadas-2024-6-16x12.jpg 16w, https:\/\/danidrops.com.br\/wp-content\/uploads\/2024\/08\/Corte-de-Cabelo-em-Camadas-2024-6-150x110.jpg 150w\" sizes=\"auto, (max-width: 760px) 100vw, 760px\" \/><figcaption class=\"wp-element-caption\">Taglio capelli scalato 2024<\/figcaption><\/figure>\n\n\n\n<p>In un mondo in cui l\u2019individualit\u00e0 e l\u2019espressione personale sono apprezzate, il taglio di capelli scalato offre infinite possibilit\u00e0 di personalizzazione. Vuoi aggiungere pi\u00f9 volume ai tuoi capelli fini? O forse ammorbidire il volume dei tuoi capelli pi\u00f9 folti? <\/p>\n\n\n\n<figure class=\"wp-block-image size-full\"><img loading=\"lazy\" decoding=\"async\" width=\"760\" height=\"555\" src=\"https:\/\/danidrops.com.br\/wp-content\/uploads\/2024\/08\/Corte-de-Cabelo-em-Camadas-2024-5.jpg\" alt=\"Taglio capelli scalato 2024\" class=\"wp-image-98159\" title=\"\" srcset=\"https:\/\/danidrops.com.br\/wp-content\/uploads\/2024\/08\/Corte-de-Cabelo-em-Camadas-2024-5.jpg 760w, https:\/\/danidrops.com.br\/wp-content\/uploads\/2024\/08\/Corte-de-Cabelo-em-Camadas-2024-5-300x219.jpg 300w, https:\/\/danidrops.com.br\/wp-content\/uploads\/2024\/08\/Corte-de-Cabelo-em-Camadas-2024-5-16x12.jpg 16w, https:\/\/danidrops.com.br\/wp-content\/uploads\/2024\/08\/Corte-de-Cabelo-em-Camadas-2024-5-150x110.jpg 150w\" sizes=\"auto, (max-width: 760px) 100vw, 760px\" \/><figcaption class=\"wp-element-caption\">Taglio capelli scalato 2024<\/figcaption><\/figure>\n\n\n\n<p>Gli strati sono la soluzione ideale. E soprattutto: questo taglio \u00e8 facile da mantenere e da acconciare, permettendoti di cambiare look a seconda dell&#039;umore e dell&#039;occasione.<\/p>\n\n\n\n<figure class=\"wp-block-image size-full\"><img loading=\"lazy\" decoding=\"async\" width=\"760\" height=\"555\" src=\"https:\/\/danidrops.com.br\/wp-content\/uploads\/2024\/08\/Corte-de-Cabelo-em-Camadas-2024-4.jpg\" alt=\"Taglio capelli scalato 2024\" class=\"wp-image-98158\" title=\"\" srcset=\"https:\/\/danidrops.com.br\/wp-content\/uploads\/2024\/08\/Corte-de-Cabelo-em-Camadas-2024-4.jpg 760w, https:\/\/danidrops.com.br\/wp-content\/uploads\/2024\/08\/Corte-de-Cabelo-em-Camadas-2024-4-300x219.jpg 300w, https:\/\/danidrops.com.br\/wp-content\/uploads\/2024\/08\/Corte-de-Cabelo-em-Camadas-2024-4-16x12.jpg 16w, https:\/\/danidrops.com.br\/wp-content\/uploads\/2024\/08\/Corte-de-Cabelo-em-Camadas-2024-4-150x110.jpg 150w\" sizes=\"auto, (max-width: 760px) 100vw, 760px\" \/><figcaption class=\"wp-element-caption\">Taglio capelli scalato 2024<\/figcaption><\/figure>\n\n\n\n<p>Successivamente, esploreremo pi\u00f9 in profondit\u00e0 le principali tendenze dei tagli di capelli scalati per il 2024, evidenziando le variazioni che promettono di far girare la testa alle fashioniste. Stay tuned e scopri come trasformare il tuo look con uno dei tagli pi\u00f9 desiderati del momento.<\/p>\n\n\n\n<figure class=\"wp-block-image size-full\"><img loading=\"lazy\" decoding=\"async\" width=\"760\" height=\"555\" src=\"https:\/\/danidrops.com.br\/wp-content\/uploads\/2024\/08\/Corte-de-Cabelo-em-Camadas-2024-3.jpg\" alt=\"Taglio capelli scalato 2024\" class=\"wp-image-98157\" title=\"\" srcset=\"https:\/\/danidrops.com.br\/wp-content\/uploads\/2024\/08\/Corte-de-Cabelo-em-Camadas-2024-3.jpg 760w, https:\/\/danidrops.com.br\/wp-content\/uploads\/2024\/08\/Corte-de-Cabelo-em-Camadas-2024-3-300x219.jpg 300w, https:\/\/danidrops.com.br\/wp-content\/uploads\/2024\/08\/Corte-de-Cabelo-em-Camadas-2024-3-16x12.jpg 16w, https:\/\/danidrops.com.br\/wp-content\/uploads\/2024\/08\/Corte-de-Cabelo-em-Camadas-2024-3-150x110.jpg 150w\" sizes=\"auto, (max-width: 760px) 100vw, 760px\" \/><figcaption class=\"wp-element-caption\">Taglio capelli scalato 2024<\/figcaption><\/figure>\n\n\n\n<script type=\"application\/ld+json\">{\n    \"@context\": \"https:\\\/\\\/schema.org\",\n    \"@type\": \"FAQPage\",\n    \"mainEntity\": [\n        {\n            \"@type\": \"Question\",\n            \"name\": \"O que \\u00e9 o corte de cabelo em camadas 2024?\",\n            \"acceptedAnswer\": {\n                \"@type\": \"Answer\",\n                \"text\": \"O corte de cabelos em camadas 2024 \\u00e9 caracterizado por camadas sobrepostas, criadas no decorrer do comprimento dos fios, ou seja, o comprimento dos cabelos permanece relativamente grande, por\\u00e9m alguns fios s\\u00e3o mantidos menores e outros maiores formando pequenas camadas que s\\u00e3o vis\\u00edveis ao soltar os cabelos.\"\n            }\n        },\n        {\n            \"@type\": \"Question\",\n            \"name\": \"Quem pode fazer o corte de cabelo em camadas 2024?\",\n            \"acceptedAnswer\": {\n                \"@type\": \"Answer\",\n                \"text\": \"A resposta \\u00e9 bastante simples, pois o corte em camadas combina muito bem com todos os tipos e texturas de cabelo.\"\n            }\n        },\n        {\n            \"@type\": \"Question\",\n            \"name\": \"Quais as vantagens do corte de cabelo em camadas 2024?\",\n            \"acceptedAnswer\": {\n                \"@type\": \"Answer\",\n                \"text\": \"Muitas mulheres escolhem o corte de cabelo em camadas por ser muito vers\\u00e1til e combinar com praticamente todos os tipos de rostos e texturas de cabelos.\"\n            }\n        }\n    ]\n}<\/script>\n\n\n\n<h2 class=\"wp-block-heading\"><span class=\"ez-toc-section\" id=\"O_que_e_o_corte_de_cabelo_em_camadas_2024\"><\/span>Qual \u00e8 il taglio capelli scalato 2024?<span class=\"ez-toc-section-end\"><\/span><\/h2>\n\n\n\n<p>Il taglio scalato 2024 \u00e8 caratterizzato da strati sovrapposti, creati lungo la lunghezza delle ciocche, cio\u00e8 la lunghezza dei capelli rimane relativamente lunga, ma alcune ciocche vengono mantenute pi\u00f9 piccole e altre pi\u00f9 grandi, formando piccoli strati visibili quando si sciolgono i capelli . capelli.<\/p>\n\n\n\n<figure class=\"wp-block-image size-full\"><img loading=\"lazy\" decoding=\"async\" width=\"760\" height=\"555\" src=\"https:\/\/danidrops.com.br\/wp-content\/uploads\/2022\/08\/09-corte-de-cabelo-em-camadas.jpg\" alt=\"taglio capelli scalato 2024\" class=\"wp-image-36077\" title=\"\" srcset=\"https:\/\/danidrops.com.br\/wp-content\/uploads\/2022\/08\/09-corte-de-cabelo-em-camadas.jpg 760w, https:\/\/danidrops.com.br\/wp-content\/uploads\/2022\/08\/09-corte-de-cabelo-em-camadas-300x219.jpg 300w, https:\/\/danidrops.com.br\/wp-content\/uploads\/2022\/08\/09-corte-de-cabelo-em-camadas-150x110.jpg 150w\" sizes=\"auto, (max-width: 760px) 100vw, 760px\" \/><figcaption class=\"wp-element-caption\">taglio capelli scalato 2024<\/figcaption><\/figure>\n\n\n\n<figure class=\"wp-block-image size-full\"><img loading=\"lazy\" decoding=\"async\" width=\"760\" height=\"555\" src=\"https:\/\/danidrops.com.br\/wp-content\/uploads\/2022\/08\/08-corte-de-cabelo-em-camadas.jpg\" alt=\"taglio capelli scalato 2024\" class=\"wp-image-36076\" title=\"\" srcset=\"https:\/\/danidrops.com.br\/wp-content\/uploads\/2022\/08\/08-corte-de-cabelo-em-camadas.jpg 760w, https:\/\/danidrops.com.br\/wp-content\/uploads\/2022\/08\/08-corte-de-cabelo-em-camadas-300x219.jpg 300w, https:\/\/danidrops.com.br\/wp-content\/uploads\/2022\/08\/08-corte-de-cabelo-em-camadas-150x110.jpg 150w\" sizes=\"auto, (max-width: 760px) 100vw, 760px\" \/><figcaption class=\"wp-element-caption\">taglio capelli scalato 2024<\/figcaption><\/figure>\n\n\n\n<figure class=\"wp-block-image size-full\"><img loading=\"lazy\" decoding=\"async\" width=\"760\" height=\"555\" src=\"https:\/\/danidrops.com.br\/wp-content\/uploads\/2022\/08\/07-corte-de-cabelo-em-camadas.jpg\" alt=\"taglio capelli scalato 2024\" class=\"wp-image-36075\" title=\"\" srcset=\"https:\/\/danidrops.com.br\/wp-content\/uploads\/2022\/08\/07-corte-de-cabelo-em-camadas.jpg 760w, https:\/\/danidrops.com.br\/wp-content\/uploads\/2022\/08\/07-corte-de-cabelo-em-camadas-300x219.jpg 300w, https:\/\/danidrops.com.br\/wp-content\/uploads\/2022\/08\/07-corte-de-cabelo-em-camadas-150x110.jpg 150w\" sizes=\"auto, (max-width: 760px) 100vw, 760px\" \/><figcaption class=\"wp-element-caption\">taglio capelli scalato 2024<\/figcaption><\/figure>\n\n\n\n<p>In generale, i fili pi\u00f9 piccoli sono quelli che si trovano nella parte anteriore e quando raggiunge la parte posteriore, i fili diventano pi\u00f9 lunghi, con i fili nella nuca che sono i pi\u00f9 lunghi.<\/p>\n\n\n\n<p>Questo taglio \u00e8 perfetto per le donne che non vogliono rovinare troppo la lunghezza dei loro capelli, in quanto fornisce un taglio pi\u00f9 mirato a dare movimento e consistenza alle ciocche.<\/p>\n\n\n\n<figure class=\"wp-block-image size-full\"><img loading=\"lazy\" decoding=\"async\" width=\"760\" height=\"555\" src=\"https:\/\/danidrops.com.br\/wp-content\/uploads\/2022\/08\/06-corte-de-cabelo-em-camadas.jpg\" alt=\"taglio capelli scalato 2024\" class=\"wp-image-36074\" title=\"\" srcset=\"https:\/\/danidrops.com.br\/wp-content\/uploads\/2022\/08\/06-corte-de-cabelo-em-camadas.jpg 760w, https:\/\/danidrops.com.br\/wp-content\/uploads\/2022\/08\/06-corte-de-cabelo-em-camadas-300x219.jpg 300w, https:\/\/danidrops.com.br\/wp-content\/uploads\/2022\/08\/06-corte-de-cabelo-em-camadas-150x110.jpg 150w\" sizes=\"auto, (max-width: 760px) 100vw, 760px\" \/><figcaption class=\"wp-element-caption\">taglio capelli scalato 2024<\/figcaption><\/figure>\n\n\n\n<figure class=\"wp-block-image size-full\"><img loading=\"lazy\" decoding=\"async\" width=\"760\" height=\"555\" src=\"https:\/\/danidrops.com.br\/wp-content\/uploads\/2022\/08\/05-corte-de-cabelo-em-camadas.jpg\" alt=\"taglio capelli scalato 2024\" class=\"wp-image-36073\" title=\"\" srcset=\"https:\/\/danidrops.com.br\/wp-content\/uploads\/2022\/08\/05-corte-de-cabelo-em-camadas.jpg 760w, https:\/\/danidrops.com.br\/wp-content\/uploads\/2022\/08\/05-corte-de-cabelo-em-camadas-300x219.jpg 300w, https:\/\/danidrops.com.br\/wp-content\/uploads\/2022\/08\/05-corte-de-cabelo-em-camadas-150x110.jpg 150w\" sizes=\"auto, (max-width: 760px) 100vw, 760px\" \/><figcaption class=\"wp-element-caption\">taglio capelli scalato 2024<\/figcaption><\/figure>\n\n\n\n<figure class=\"wp-block-image size-full\"><img loading=\"lazy\" decoding=\"async\" width=\"760\" height=\"555\" src=\"https:\/\/danidrops.com.br\/wp-content\/uploads\/2022\/08\/04-corte-de-cabelo-em-camadas.jpg\" alt=\"taglio capelli scalato 2024\" class=\"wp-image-36072\" title=\"\" srcset=\"https:\/\/danidrops.com.br\/wp-content\/uploads\/2022\/08\/04-corte-de-cabelo-em-camadas.jpg 760w, https:\/\/danidrops.com.br\/wp-content\/uploads\/2022\/08\/04-corte-de-cabelo-em-camadas-300x219.jpg 300w, https:\/\/danidrops.com.br\/wp-content\/uploads\/2022\/08\/04-corte-de-cabelo-em-camadas-150x110.jpg 150w\" sizes=\"auto, (max-width: 760px) 100vw, 760px\" \/><figcaption class=\"wp-element-caption\">taglio capelli scalato 2024<\/figcaption><\/figure>\n\n\n\n<p>Sempre in relazione al taglio scalato 2024, devi sapere che esistono pi\u00f9 tipologie di taglio e prima di recarti in salone di bellezza per cambiare look dovresti ricercare quale risultato ti aspetti, in modo che le tue aspettative possano essere raggiunte e addirittura addirittura superato.<\/p>\n\n\n\n<p>Tra i diversi tipi di <strong>taglio capelli scalato 2024<\/strong>, possiamo evidenziare quelli pi\u00f9 comuni che sono di breve, media e lunga lunghezza, il <a href=\"https:\/\/danidrops.com.br\/it\/taglio-di-capelli-corti-2024\/\" data-type=\"URL\" data-id=\"https:\/\/danidrops.com.br\/corte-de-cabelo-repicado-2023\/\">tagli di capelli fortemente scalati<\/a>, quelli con strati solo nella regione frontale e quelli con solo pochi strati in posizioni specifiche.<\/p>\n\n\n\n<figure class=\"wp-block-image size-full\"><img loading=\"lazy\" decoding=\"async\" width=\"760\" height=\"555\" src=\"https:\/\/danidrops.com.br\/wp-content\/uploads\/2022\/08\/03-corte-de-cabelo-em-camadas.jpg\" alt=\"taglio capelli scalato 2024\" class=\"wp-image-36071\" title=\"\" srcset=\"https:\/\/danidrops.com.br\/wp-content\/uploads\/2022\/08\/03-corte-de-cabelo-em-camadas.jpg 760w, https:\/\/danidrops.com.br\/wp-content\/uploads\/2022\/08\/03-corte-de-cabelo-em-camadas-300x219.jpg 300w, https:\/\/danidrops.com.br\/wp-content\/uploads\/2022\/08\/03-corte-de-cabelo-em-camadas-150x110.jpg 150w\" sizes=\"auto, (max-width: 760px) 100vw, 760px\" \/><figcaption class=\"wp-element-caption\">taglio capelli scalato 2024<\/figcaption><\/figure>\n\n\n\n<figure class=\"wp-block-image size-full\"><img loading=\"lazy\" decoding=\"async\" width=\"760\" height=\"555\" src=\"https:\/\/danidrops.com.br\/wp-content\/uploads\/2022\/08\/02-corte-de-cabelo-em-camadas.jpg\" alt=\"taglio capelli scalato 2024\" class=\"wp-image-36070\" title=\"\" srcset=\"https:\/\/danidrops.com.br\/wp-content\/uploads\/2022\/08\/02-corte-de-cabelo-em-camadas.jpg 760w, https:\/\/danidrops.com.br\/wp-content\/uploads\/2022\/08\/02-corte-de-cabelo-em-camadas-300x219.jpg 300w, https:\/\/danidrops.com.br\/wp-content\/uploads\/2022\/08\/02-corte-de-cabelo-em-camadas-150x110.jpg 150w\" sizes=\"auto, (max-width: 760px) 100vw, 760px\" \/><figcaption class=\"wp-element-caption\">taglio capelli scalato 2024<\/figcaption><\/figure>\n\n\n\n<figure class=\"wp-block-image size-full\"><img loading=\"lazy\" decoding=\"async\" width=\"760\" height=\"555\" src=\"https:\/\/danidrops.com.br\/wp-content\/uploads\/2022\/08\/01-corte-de-cabelo-em-camadas.jpg\" alt=\"taglio capelli scalato 2024\" class=\"wp-image-36069\" title=\"\" srcset=\"https:\/\/danidrops.com.br\/wp-content\/uploads\/2022\/08\/01-corte-de-cabelo-em-camadas.jpg 760w, https:\/\/danidrops.com.br\/wp-content\/uploads\/2022\/08\/01-corte-de-cabelo-em-camadas-300x219.jpg 300w, https:\/\/danidrops.com.br\/wp-content\/uploads\/2022\/08\/01-corte-de-cabelo-em-camadas-150x110.jpg 150w\" sizes=\"auto, (max-width: 760px) 100vw, 760px\" \/><figcaption class=\"wp-element-caption\">taglio capelli scalato 2024<\/figcaption><\/figure>\n\n\n\n<p>Altri modelli di taglio scalato che saranno ampiamente utilizzati nell\u2019anno 20243 saranno i modelli a forma di \u201cV\u201d o \u201cU\u201d.<\/p>\n\n\n\n<h2 class=\"wp-block-heading\"><span class=\"ez-toc-section\" id=\"Quem_pode_fazer_o_corte_de_cabelo_em_camadas_2024\"><\/span>Chi pu\u00f2 fare il taglio capelli scalato 2024?<span class=\"ez-toc-section-end\"><\/span><\/h2>\n\n\n\n<p>Ottenere il taglio di capelli scalato 2024 pu\u00f2 essere un grande cambiamento per alcune donne e sicuramente si chiedono su quali tipi di capelli funziona questo taglio.<\/p>\n\n\n\n<p>La risposta \u00e8 abbastanza semplice in quanto il taglio a strati si adatta molto bene a tutti i tipi di capelli e texture. In questo modo le donne con i capelli lisci, mossi, ricci e crespi possono aderire al taglio di capelli che \u00e8 una tendenza nei grandi saloni di bellezza.<\/p>\n\n\n\n<figure class=\"wp-block-image size-full\"><img loading=\"lazy\" decoding=\"async\" width=\"760\" height=\"555\" src=\"https:\/\/danidrops.com.br\/wp-content\/uploads\/2022\/08\/30-corte-de-cabelo-em-camadas.jpg\" alt=\"taglio capelli scalato 2024\" class=\"wp-image-36068\" title=\"\" srcset=\"https:\/\/danidrops.com.br\/wp-content\/uploads\/2022\/08\/30-corte-de-cabelo-em-camadas.jpg 760w, https:\/\/danidrops.com.br\/wp-content\/uploads\/2022\/08\/30-corte-de-cabelo-em-camadas-300x219.jpg 300w, https:\/\/danidrops.com.br\/wp-content\/uploads\/2022\/08\/30-corte-de-cabelo-em-camadas-150x110.jpg 150w\" sizes=\"auto, (max-width: 760px) 100vw, 760px\" \/><figcaption class=\"wp-element-caption\">taglio capelli scalato 2024<\/figcaption><\/figure>\n\n\n\n<figure class=\"wp-block-image size-full\"><img loading=\"lazy\" decoding=\"async\" width=\"760\" height=\"555\" src=\"https:\/\/danidrops.com.br\/wp-content\/uploads\/2022\/08\/29-corte-de-cabelo-em-camadas.jpg\" alt=\"taglio capelli scalato 2024\" class=\"wp-image-36067\" title=\"\" srcset=\"https:\/\/danidrops.com.br\/wp-content\/uploads\/2022\/08\/29-corte-de-cabelo-em-camadas.jpg 760w, https:\/\/danidrops.com.br\/wp-content\/uploads\/2022\/08\/29-corte-de-cabelo-em-camadas-300x219.jpg 300w, https:\/\/danidrops.com.br\/wp-content\/uploads\/2022\/08\/29-corte-de-cabelo-em-camadas-150x110.jpg 150w\" sizes=\"auto, (max-width: 760px) 100vw, 760px\" \/><figcaption class=\"wp-element-caption\">taglio capelli scalato 2024<\/figcaption><\/figure>\n\n\n\n<figure class=\"wp-block-image size-full\"><img loading=\"lazy\" decoding=\"async\" width=\"760\" height=\"555\" src=\"https:\/\/danidrops.com.br\/wp-content\/uploads\/2022\/08\/28-corte-de-cabelo-em-camadas.jpg\" alt=\"taglio capelli scalato 2024\" class=\"wp-image-36066\" title=\"\" srcset=\"https:\/\/danidrops.com.br\/wp-content\/uploads\/2022\/08\/28-corte-de-cabelo-em-camadas.jpg 760w, https:\/\/danidrops.com.br\/wp-content\/uploads\/2022\/08\/28-corte-de-cabelo-em-camadas-300x219.jpg 300w, https:\/\/danidrops.com.br\/wp-content\/uploads\/2022\/08\/28-corte-de-cabelo-em-camadas-150x110.jpg 150w\" sizes=\"auto, (max-width: 760px) 100vw, 760px\" \/><figcaption class=\"wp-element-caption\">taglio capelli scalato 2024<\/figcaption><\/figure>\n\n\n\n<figure class=\"wp-block-image size-full\"><img loading=\"lazy\" decoding=\"async\" width=\"760\" height=\"555\" src=\"https:\/\/danidrops.com.br\/wp-content\/uploads\/2022\/08\/27-corte-de-cabelo-em-camadas.jpg\" alt=\"taglio capelli scalato 2024\" class=\"wp-image-36065\" title=\"\" srcset=\"https:\/\/danidrops.com.br\/wp-content\/uploads\/2022\/08\/27-corte-de-cabelo-em-camadas.jpg 760w, https:\/\/danidrops.com.br\/wp-content\/uploads\/2022\/08\/27-corte-de-cabelo-em-camadas-300x219.jpg 300w, https:\/\/danidrops.com.br\/wp-content\/uploads\/2022\/08\/27-corte-de-cabelo-em-camadas-150x110.jpg 150w\" sizes=\"auto, (max-width: 760px) 100vw, 760px\" \/><figcaption class=\"wp-element-caption\">taglio capelli scalato 2024<\/figcaption><\/figure>\n\n\n\n<p>Generalmente il taglio scalato viene eseguito sui capelli lisci per dare volume e movimento e sui capelli ricci per distribuire meglio il volume dei ricci.<\/p>\n\n\n\n<p>Indipendentemente dalla lunghezza dei tuoi capelli, il taglio di capelli a strati \u00e8 un&#039;ottima scommessa. Nei capelli lunghi, gli strati possono essere pi\u00f9 grandi e in quantit\u00e0 maggiore, quindi gli strati sono molto ben definiti. Nei capelli corti e medi, gli strati sono pi\u00f9 sottili e in quantit\u00e0 minori e sono solitamente realizzati per dare struttura alle ciocche.<\/p>\n\n\n\n<figure class=\"wp-block-image size-full\"><img loading=\"lazy\" decoding=\"async\" width=\"760\" height=\"555\" src=\"https:\/\/danidrops.com.br\/wp-content\/uploads\/2022\/08\/26-corte-de-cabelo-em-camadas.jpg\" alt=\"taglio capelli scalato 2024\" class=\"wp-image-36064\" title=\"\" srcset=\"https:\/\/danidrops.com.br\/wp-content\/uploads\/2022\/08\/26-corte-de-cabelo-em-camadas.jpg 760w, https:\/\/danidrops.com.br\/wp-content\/uploads\/2022\/08\/26-corte-de-cabelo-em-camadas-300x219.jpg 300w, https:\/\/danidrops.com.br\/wp-content\/uploads\/2022\/08\/26-corte-de-cabelo-em-camadas-150x110.jpg 150w\" sizes=\"auto, (max-width: 760px) 100vw, 760px\" \/><figcaption class=\"wp-element-caption\">taglio capelli scalato 2024<\/figcaption><\/figure>\n\n\n\n<figure class=\"wp-block-image size-full\"><img loading=\"lazy\" decoding=\"async\" width=\"760\" height=\"555\" src=\"https:\/\/danidrops.com.br\/wp-content\/uploads\/2022\/08\/25-corte-de-cabelo-em-camadas.jpg\" alt=\"taglio capelli scalato 2024\" class=\"wp-image-36063\" title=\"\" srcset=\"https:\/\/danidrops.com.br\/wp-content\/uploads\/2022\/08\/25-corte-de-cabelo-em-camadas.jpg 760w, https:\/\/danidrops.com.br\/wp-content\/uploads\/2022\/08\/25-corte-de-cabelo-em-camadas-300x219.jpg 300w, https:\/\/danidrops.com.br\/wp-content\/uploads\/2022\/08\/25-corte-de-cabelo-em-camadas-150x110.jpg 150w\" sizes=\"auto, (max-width: 760px) 100vw, 760px\" \/><figcaption class=\"wp-element-caption\">taglio capelli scalato 2024<\/figcaption><\/figure>\n\n\n\n<figure class=\"wp-block-image size-full\"><img loading=\"lazy\" decoding=\"async\" width=\"760\" height=\"555\" src=\"https:\/\/danidrops.com.br\/wp-content\/uploads\/2022\/08\/24-corte-de-cabelo-em-camadas.jpg\" alt=\"taglio capelli scalato 2024\" class=\"wp-image-36062\" title=\"\" srcset=\"https:\/\/danidrops.com.br\/wp-content\/uploads\/2022\/08\/24-corte-de-cabelo-em-camadas.jpg 760w, https:\/\/danidrops.com.br\/wp-content\/uploads\/2022\/08\/24-corte-de-cabelo-em-camadas-300x219.jpg 300w, https:\/\/danidrops.com.br\/wp-content\/uploads\/2022\/08\/24-corte-de-cabelo-em-camadas-150x110.jpg 150w\" sizes=\"auto, (max-width: 760px) 100vw, 760px\" \/><figcaption class=\"wp-element-caption\">taglio capelli scalato 2024<\/figcaption><\/figure>\n\n\n\n<p>Come abbiamo accennato, per i capelli ricci, il taglio scalato 2024 \u00e8 ideale per controllare il volume, poich\u00e9 \u00e8 ben distribuito tra gli strati dei ricci. La stessa regola vale per i capelli ricci, poich\u00e9 in questo tipo di capelli le scalature finiscono per distribuire il volume in modo armonioso.<\/p>\n\n\n\n<h2 class=\"wp-block-heading\"><span class=\"ez-toc-section\" id=\"Quais_as_vantagens_do_corte_de_cabelo_em_camadas_2024\"><\/span>Quali sono i vantaggi del taglio capelli scalato 2024?<span class=\"ez-toc-section-end\"><\/span><\/h2>\n\n\n\n<p>Molte donne scelgono il taglio di capelli a strati in quanto \u00e8 molto versatile e si adatta praticamente a tutti i tipi di viso e struttura dei capelli.<\/p>\n\n\n\n<p>Oltre a questo super vantaggio, ci sono altri benefici che possono essere associati ad un taglio di capelli scalato e che molto probabilmente ti faranno pensare ad avere un nuovo stile nel 2024.<\/p>\n\n\n\n<figure class=\"wp-block-image size-full\"><img loading=\"lazy\" decoding=\"async\" width=\"760\" height=\"555\" src=\"https:\/\/danidrops.com.br\/wp-content\/uploads\/2022\/08\/22-corte-de-cabelo-em-camadas.jpg\" alt=\"taglio capelli scalato 2024\" class=\"wp-image-36060\" title=\"\" srcset=\"https:\/\/danidrops.com.br\/wp-content\/uploads\/2022\/08\/22-corte-de-cabelo-em-camadas.jpg 760w, https:\/\/danidrops.com.br\/wp-content\/uploads\/2022\/08\/22-corte-de-cabelo-em-camadas-300x219.jpg 300w, https:\/\/danidrops.com.br\/wp-content\/uploads\/2022\/08\/22-corte-de-cabelo-em-camadas-150x110.jpg 150w\" sizes=\"auto, (max-width: 760px) 100vw, 760px\" \/><figcaption class=\"wp-element-caption\">taglio capelli scalato 2024<\/figcaption><\/figure>\n\n\n\n<figure class=\"wp-block-image size-full\"><img loading=\"lazy\" decoding=\"async\" width=\"760\" height=\"555\" src=\"https:\/\/danidrops.com.br\/wp-content\/uploads\/2022\/08\/21-corte-de-cabelo-em-camadas.jpg\" alt=\"taglio capelli scalato 2024\" class=\"wp-image-36059\" title=\"\" srcset=\"https:\/\/danidrops.com.br\/wp-content\/uploads\/2022\/08\/21-corte-de-cabelo-em-camadas.jpg 760w, https:\/\/danidrops.com.br\/wp-content\/uploads\/2022\/08\/21-corte-de-cabelo-em-camadas-300x219.jpg 300w, https:\/\/danidrops.com.br\/wp-content\/uploads\/2022\/08\/21-corte-de-cabelo-em-camadas-150x110.jpg 150w\" sizes=\"auto, (max-width: 760px) 100vw, 760px\" \/><figcaption class=\"wp-element-caption\">taglio capelli scalato 2024<\/figcaption><\/figure>\n\n\n\n<figure class=\"wp-block-image size-full\"><img loading=\"lazy\" decoding=\"async\" width=\"760\" height=\"555\" src=\"https:\/\/danidrops.com.br\/wp-content\/uploads\/2022\/08\/20-corte-de-cabelo-em-camadas.jpg\" alt=\"taglio capelli scalato 2024\" class=\"wp-image-36058\" title=\"\" srcset=\"https:\/\/danidrops.com.br\/wp-content\/uploads\/2022\/08\/20-corte-de-cabelo-em-camadas.jpg 760w, https:\/\/danidrops.com.br\/wp-content\/uploads\/2022\/08\/20-corte-de-cabelo-em-camadas-300x219.jpg 300w, https:\/\/danidrops.com.br\/wp-content\/uploads\/2022\/08\/20-corte-de-cabelo-em-camadas-150x110.jpg 150w\" sizes=\"auto, (max-width: 760px) 100vw, 760px\" \/><figcaption class=\"wp-element-caption\">taglio capelli scalato 2024<\/figcaption><\/figure>\n\n\n\n<figure class=\"wp-block-image size-full\"><img loading=\"lazy\" decoding=\"async\" width=\"760\" height=\"555\" src=\"https:\/\/danidrops.com.br\/wp-content\/uploads\/2022\/08\/19-corte-de-cabelo-em-camadas.jpg\" alt=\"taglio capelli scalato 2024\" class=\"wp-image-36057\" title=\"\" srcset=\"https:\/\/danidrops.com.br\/wp-content\/uploads\/2022\/08\/19-corte-de-cabelo-em-camadas.jpg 760w, https:\/\/danidrops.com.br\/wp-content\/uploads\/2022\/08\/19-corte-de-cabelo-em-camadas-300x219.jpg 300w, https:\/\/danidrops.com.br\/wp-content\/uploads\/2022\/08\/19-corte-de-cabelo-em-camadas-150x110.jpg 150w\" sizes=\"auto, (max-width: 760px) 100vw, 760px\" \/><figcaption class=\"wp-element-caption\">taglio capelli scalato 2024<\/figcaption><\/figure>\n\n\n\n<p>Questi vantaggi sono: dare volume in modo controllato ai capelli, mantenere la lunghezza dei fili per chi non ama perdere la propria lunghezza, eliminare possibili doppie punte e punti secchi nei fili, fornire pi\u00f9 movimento e fluidit\u00e0 ai fili , riducendo i danni chimici, avere tante ispirazioni diverse su internet dove puoi cercare i modelli che meglio si adattano al tuo stile e personalit\u00e0, intensificare il tono delle ciocche e i colori dei capelli, definire i ricci e distribuire proporzionalmente il volume dei capelli e tanto altro di pi\u00f9.<\/p>\n\n\n\n<figure class=\"wp-block-image size-full\"><img loading=\"lazy\" decoding=\"async\" width=\"760\" height=\"555\" src=\"https:\/\/danidrops.com.br\/wp-content\/uploads\/2022\/08\/18-corte-de-cabelo-em-camadas.jpg\" alt=\"taglio capelli scalato 2024\" class=\"wp-image-36056\" title=\"\" srcset=\"https:\/\/danidrops.com.br\/wp-content\/uploads\/2022\/08\/18-corte-de-cabelo-em-camadas.jpg 760w, https:\/\/danidrops.com.br\/wp-content\/uploads\/2022\/08\/18-corte-de-cabelo-em-camadas-300x219.jpg 300w, https:\/\/danidrops.com.br\/wp-content\/uploads\/2022\/08\/18-corte-de-cabelo-em-camadas-150x110.jpg 150w\" sizes=\"auto, (max-width: 760px) 100vw, 760px\" \/><figcaption class=\"wp-element-caption\">taglio capelli scalato 2024<\/figcaption><\/figure>\n\n\n\n<figure class=\"wp-block-image size-full\"><img loading=\"lazy\" decoding=\"async\" width=\"760\" height=\"555\" src=\"https:\/\/danidrops.com.br\/wp-content\/uploads\/2022\/08\/17-corte-de-cabelo-em-camadas.jpg\" alt=\"taglio capelli scalato 2024\" class=\"wp-image-36055\" title=\"\" srcset=\"https:\/\/danidrops.com.br\/wp-content\/uploads\/2022\/08\/17-corte-de-cabelo-em-camadas.jpg 760w, https:\/\/danidrops.com.br\/wp-content\/uploads\/2022\/08\/17-corte-de-cabelo-em-camadas-300x219.jpg 300w, https:\/\/danidrops.com.br\/wp-content\/uploads\/2022\/08\/17-corte-de-cabelo-em-camadas-150x110.jpg 150w\" sizes=\"auto, (max-width: 760px) 100vw, 760px\" \/><figcaption class=\"wp-element-caption\">taglio capelli scalato 2024<\/figcaption><\/figure>\n\n\n\n<figure class=\"wp-block-image size-full\"><img loading=\"lazy\" decoding=\"async\" width=\"760\" height=\"555\" src=\"https:\/\/danidrops.com.br\/wp-content\/uploads\/2022\/08\/11-corte-de-cabelo-em-camadas.jpg\" alt=\"taglio capelli scalato 2024\" class=\"wp-image-36079\" title=\"\" srcset=\"https:\/\/danidrops.com.br\/wp-content\/uploads\/2022\/08\/11-corte-de-cabelo-em-camadas.jpg 760w, https:\/\/danidrops.com.br\/wp-content\/uploads\/2022\/08\/11-corte-de-cabelo-em-camadas-300x219.jpg 300w, https:\/\/danidrops.com.br\/wp-content\/uploads\/2022\/08\/11-corte-de-cabelo-em-camadas-150x110.jpg 150w\" sizes=\"auto, (max-width: 760px) 100vw, 760px\" \/><figcaption class=\"wp-element-caption\">taglio capelli scalato 2024<\/figcaption><\/figure>\n\n\n\n<figure class=\"wp-block-image size-full\"><img loading=\"lazy\" decoding=\"async\" width=\"760\" height=\"555\" src=\"https:\/\/danidrops.com.br\/wp-content\/uploads\/2022\/08\/23-corte-de-cabelo-em-camadas.jpg\" alt=\"taglio capelli scalato 2024\" class=\"wp-image-36061\" title=\"\" srcset=\"https:\/\/danidrops.com.br\/wp-content\/uploads\/2022\/08\/23-corte-de-cabelo-em-camadas.jpg 760w, https:\/\/danidrops.com.br\/wp-content\/uploads\/2022\/08\/23-corte-de-cabelo-em-camadas-300x219.jpg 300w, https:\/\/danidrops.com.br\/wp-content\/uploads\/2022\/08\/23-corte-de-cabelo-em-camadas-150x110.jpg 150w\" sizes=\"auto, (max-width: 760px) 100vw, 760px\" \/><figcaption class=\"wp-element-caption\">taglio capelli scalato 2024<\/figcaption><\/figure>\n<div id=\"ez-toc-container\" class=\"ez-toc-v2_0_76 counter-hierarchy ez-toc-counter ez-toc-grey ez-toc-container-direction\">\n<p class=\"ez-toc-title\" style=\"cursor:inherit\">Leggerai questo articolo<\/p>\n<label for=\"ez-toc-cssicon-toggle-item-69efd5c4895cd\" class=\"ez-toc-cssicon-toggle-label\"><span class=\"ez-toc-cssicon\"><span class=\"eztoc-hide\" style=\"display:none;\">Attiva\/disattiva<\/span><span class=\"ez-toc-icon-toggle-span\"><svg style=\"fill: #999;color:#999\" xmlns=\"http:\/\/www.w3.org\/2000\/svg\" class=\"list-377408\" width=\"20px\" height=\"20px\" viewbox=\"0 0 24 24\" fill=\"none\"><path d=\"M6 6H4v2h2V6zm14 0H8v2h12V6zM4 11h2v2H4v-2zm16 0H8v2h12v-2zM4 16h2v2H4v-2zm16 0H8v2h12v-2z\" fill=\"currentColor\"><\/path><\/svg><svg style=\"fill: #999;color:#999\" class=\"arrow-unsorted-368013\" xmlns=\"http:\/\/www.w3.org\/2000\/svg\" width=\"10px\" height=\"10px\" viewbox=\"0 0 24 24\" version=\"1.2\" baseprofile=\"tiny\"><path d=\"M18.2 9.3l-6.2-6.3-6.2 6.3c-.2.2-.3.4-.3.7s.1.5.3.7c.2.2.4.3.7.3h11c.3 0 .5-.1.7-.3.2-.2.3-.5.3-.7s-.1-.5-.3-.7zM5.8 14.7l6.2 6.3 6.2-6.3c.2-.2.3-.5.3-.7s-.1-.5-.3-.7c-.2-.2-.4-.3-.7-.3h-11c-.3 0-.5.1-.7.3-.2.2-.3.5-.3.7s.1.5.3.7z\"\/><\/svg><\/span><\/span><\/label><input type=\"checkbox\"  id=\"ez-toc-cssicon-toggle-item-69efd5c4895cd\"  aria-label=\"Attiva\/disattiva\" \/><nav><ul class='ez-toc-list ez-toc-list-level-1' ><li class='ez-toc-page-1 ez-toc-heading-level-2'><a class=\"ez-toc-link ez-toc-heading-1\" href=\"https:\/\/danidrops.com.br\/it\/taglio-di-capelli-a-strati\/#O_que_e_o_corte_de_cabelo_em_camadas_2024\" >Qual \u00e8 il taglio capelli scalato 2024?<\/a><\/li><li class='ez-toc-page-1 ez-toc-heading-level-2'><a class=\"ez-toc-link ez-toc-heading-2\" href=\"https:\/\/danidrops.com.br\/it\/taglio-di-capelli-a-strati\/#Quem_pode_fazer_o_corte_de_cabelo_em_camadas_2024\" >Chi pu\u00f2 fare il taglio capelli scalato 2024?<\/a><\/li><li class='ez-toc-page-1 ez-toc-heading-level-2'><a class=\"ez-toc-link ez-toc-heading-3\" href=\"https:\/\/danidrops.com.br\/it\/taglio-di-capelli-a-strati\/#Quais_as_vantagens_do_corte_de_cabelo_em_camadas_2024\" >Quali sono i vantaggi del taglio capelli scalato 2024?<\/a><\/li><\/ul><\/nav><\/div>","protected":false},"excerpt":{"rendered":"<p>Ogni anno il mondo della bellezza ci presenta nuove tendenze in fatto di tagli di capelli, e il 2024 non far\u00e0 eccezione. Se stai cercando...<\/p>","protected":false},"author":1,"featured_media":98156,"comment_status":"open","ping_status":"open","sticky":false,"template":"","format":"standard","meta":{"footnotes":""},"categories":[439],"tags":[],"class_list":["post-36053","post","type-post","status-publish","format-standard","has-post-thumbnail","hentry","category-cabelo"],"_links":{"self":[{"href":"https:\/\/danidrops.com.br\/it\/wp-json\/wp\/v2\/posts\/36053","targetHints":{"allow":["GET"]}}],"collection":[{"href":"https:\/\/danidrops.com.br\/it\/wp-json\/wp\/v2\/posts"}],"about":[{"href":"https:\/\/danidrops.com.br\/it\/wp-json\/wp\/v2\/types\/post"}],"author":[{"embeddable":true,"href":"https:\/\/danidrops.com.br\/it\/wp-json\/wp\/v2\/users\/1"}],"replies":[{"embeddable":true,"href":"https:\/\/danidrops.com.br\/it\/wp-json\/wp\/v2\/comments?post=36053"}],"version-history":[{"count":0,"href":"https:\/\/danidrops.com.br\/it\/wp-json\/wp\/v2\/posts\/36053\/revisions"}],"wp:featuredmedia":[{"embeddable":true,"href":"https:\/\/danidrops.com.br\/it\/wp-json\/wp\/v2\/media\/98156"}],"wp:attachment":[{"href":"https:\/\/danidrops.com.br\/it\/wp-json\/wp\/v2\/media?parent=36053"}],"wp:term":[{"taxonomy":"category","embeddable":true,"href":"https:\/\/danidrops.com.br\/it\/wp-json\/wp\/v2\/categories?post=36053"},{"taxonomy":"post_tag","embeddable":true,"href":"https:\/\/danidrops.com.br\/it\/wp-json\/wp\/v2\/tags?post=36053"}],"curies":[{"name":"parola chiave","href":"https:\/\/api.w.org\/{rel}","templated":true}]}}