{"id":36454,"date":"2022-08-22T11:00:00","date_gmt":"2022-08-22T14:00:00","guid":{"rendered":"https:\/\/danidrops.com.br\/?p=36454"},"modified":"2024-01-14T01:24:04","modified_gmt":"2024-01-14T04:24:04","slug":"vestito-da-festa-2023","status":"publish","type":"post","link":"https:\/\/danidrops.com.br\/it\/vestito-da-festa-2023\/","title":{"rendered":"Party Dress 2023 \u2013 Scopri pi\u00f9 di 60 ispirazioni e modelli di abiti da festa 2023"},"content":{"rendered":"<p><strong>Abito da festa 2023 <\/strong>dovr\u00e0 contenere molto lusso. Tutto questo perch\u00e9, ogni volta che pensiamo a un abito da festa, non vediamo mai quelli pi\u00f9 semplici. In questo articolo ti mostreremo il <strong>gi\u00e0 top model <\/strong>fatto. <\/p>\n\n\n\n<div class=\"container2\">\n    <div class=\"coluna coluna1\">\n        <!-- Conte\u00fado da primeira coluna -->\n        <img decoding=\"async\" src=\"https:\/\/danidrops.com.br\/wp-content\/uploads\/2024\/01\/Tendencia-de-Vestido-Burguesa-2.jpg\" alt=\"Tendenza abiti 2024\" title=\"\">\n    <\/div>\n    <div class=\"coluna coluna2\">\n        <!-- Conte\u00fado da segunda coluna -->\n<a class=\"cta-button\" href=\"https:\/\/danidrops.com.br\/it\/tendenza-abiti-2024\/\" title=\"Tendenza abiti 2024\">Tendenza abiti 2024. Clicca qui\u2026<\/a>\n        <p class=\"titulo1\">Vedi di pi\u00f9 <strong>100 modelli di abiti alla moda.<\/p>        \n    <\/div>\n<\/div>\n<script type=\"application\/ld+json\">{\n    \"@context\": \"http:\\\/\\\/schema.org\",\n    \"@type\": \"Action\",\n    \"name\": \"Tend\\u00eancia de Vestido 2024\",\n    \"description\": \"Ao clicar, voc\\u00ea vai acessar a p\\u00e1gina com a Tend\\u00eancia de Vestido 2024 e ver mais de 100 modelos de vestidos da moda\",\n    \"target\": {\n        \"@type\": \"EntryPoint\",\n        \"urlTemplate\": \"https:\\\/\\\/danidrops.com.br\\\/tendencia-de-vestido-2024\\\/\"\n    }\n}<\/script>  \n\n\n\n<figure class=\"wp-block-image size-full\"><img loading=\"lazy\" decoding=\"async\" width=\"760\" height=\"555\" src=\"https:\/\/danidrops.com.br\/wp-content\/uploads\/2022\/08\/vestidos-de-festa-01-1.jpg\" alt=\"Abito da festa 2023\" class=\"wp-image-36695\" title=\"\" srcset=\"https:\/\/danidrops.com.br\/wp-content\/uploads\/2022\/08\/vestidos-de-festa-01-1.jpg 760w, https:\/\/danidrops.com.br\/wp-content\/uploads\/2022\/08\/vestidos-de-festa-01-1-300x219.jpg 300w, https:\/\/danidrops.com.br\/wp-content\/uploads\/2022\/08\/vestidos-de-festa-01-1-150x110.jpg 150w\" sizes=\"auto, (max-width: 760px) 100vw, 760px\" \/><figcaption class=\"wp-element-caption\">Abito da festa 2023<\/figcaption><\/figure>\n\n\n\n<p>Un altro punto affrontato sar\u00e0 quale tipo di corpo si adatta meglio all&#039;abito a cui si rivolge.<\/p>\n\n\n\n<p><strong>Leggi anche:<\/strong> <a href=\"https:\/\/danidrops.com.br\/it\/abito-da-sposa-2023\/\" data-type=\"URL\" data-id=\"https:\/\/danidrops.com.br\/vestido-de-noiva-2023\/\">Abito da sposa 2023 \u2013 Scopri oltre 80 ispirazioni e tendenze per abiti da sposa<\/a><\/p>\n\n\n\n<figure class=\"wp-block-image size-full\"><img loading=\"lazy\" decoding=\"async\" width=\"760\" height=\"555\" src=\"https:\/\/danidrops.com.br\/wp-content\/uploads\/2022\/08\/vestidos-de-festa-14-1.jpg\" alt=\"Abito da festa 2023\" class=\"wp-image-36685\" title=\"\" srcset=\"https:\/\/danidrops.com.br\/wp-content\/uploads\/2022\/08\/vestidos-de-festa-14-1.jpg 760w, https:\/\/danidrops.com.br\/wp-content\/uploads\/2022\/08\/vestidos-de-festa-14-1-300x219.jpg 300w, https:\/\/danidrops.com.br\/wp-content\/uploads\/2022\/08\/vestidos-de-festa-14-1-150x110.jpg 150w\" sizes=\"auto, (max-width: 760px) 100vw, 760px\" \/><figcaption class=\"wp-element-caption\">Abito da festa 2023<\/figcaption><\/figure>\n\n\n\n<p>Ci auguriamo che l&#039;articolo ti piaccia e rimani con noi fino alla fine. In questo modo otterrai il meglio e il pi\u00f9 bello <em>vestito da festa 2023<\/em> per te.<\/p>\n\n\n\n<figure class=\"wp-block-image size-full\"><img loading=\"lazy\" decoding=\"async\" width=\"760\" height=\"555\" src=\"https:\/\/danidrops.com.br\/wp-content\/uploads\/2022\/08\/vestidos-de-festa-20-1.jpg\" alt=\"Abito da festa 2023\" class=\"wp-image-36675\" title=\"\" srcset=\"https:\/\/danidrops.com.br\/wp-content\/uploads\/2022\/08\/vestidos-de-festa-20-1.jpg 760w, https:\/\/danidrops.com.br\/wp-content\/uploads\/2022\/08\/vestidos-de-festa-20-1-300x219.jpg 300w, https:\/\/danidrops.com.br\/wp-content\/uploads\/2022\/08\/vestidos-de-festa-20-1-150x110.jpg 150w\" sizes=\"auto, (max-width: 760px) 100vw, 760px\" \/><figcaption class=\"wp-element-caption\">Abito da festa 2023<\/figcaption><\/figure>\n\n\n\n<figure class=\"wp-block-image size-full\"><img loading=\"lazy\" decoding=\"async\" width=\"760\" height=\"555\" src=\"https:\/\/danidrops.com.br\/wp-content\/uploads\/2022\/08\/vestidos-de-festa-24-1.jpg\" alt=\"Abito da festa 2023\" class=\"wp-image-36694\" title=\"\" srcset=\"https:\/\/danidrops.com.br\/wp-content\/uploads\/2022\/08\/vestidos-de-festa-24-1.jpg 760w, https:\/\/danidrops.com.br\/wp-content\/uploads\/2022\/08\/vestidos-de-festa-24-1-300x219.jpg 300w, https:\/\/danidrops.com.br\/wp-content\/uploads\/2022\/08\/vestidos-de-festa-24-1-150x110.jpg 150w\" sizes=\"auto, (max-width: 760px) 100vw, 760px\" \/><figcaption class=\"wp-element-caption\">Abito da festa 2023<\/figcaption><\/figure>\n\n\n\n<h2 class=\"wp-block-heading\"><span class=\"ez-toc-section\" id=\"Vestido_de_festa_longo\"><\/span>vestito da festa lungo<span class=\"ez-toc-section-end\"><\/span><\/h2>\n\n\n\n<p>L&#039;abito da sera lungo avr\u00e0 sempre una maggiore raffinatezza. Questo perch\u00e9 per molto tempo \u00e8 stato utilizzato in eventi che richiedono un abbigliamento formale. <\/p>\n\n\n\n<figure class=\"wp-block-image size-full\"><img loading=\"lazy\" decoding=\"async\" width=\"760\" height=\"555\" src=\"https:\/\/danidrops.com.br\/wp-content\/uploads\/2022\/08\/vestidos-de-festa-09-1.jpg\" alt=\"Abito da festa 2023\" class=\"wp-image-36684\" title=\"\" srcset=\"https:\/\/danidrops.com.br\/wp-content\/uploads\/2022\/08\/vestidos-de-festa-09-1.jpg 760w, https:\/\/danidrops.com.br\/wp-content\/uploads\/2022\/08\/vestidos-de-festa-09-1-300x219.jpg 300w, https:\/\/danidrops.com.br\/wp-content\/uploads\/2022\/08\/vestidos-de-festa-09-1-150x110.jpg 150w\" sizes=\"auto, (max-width: 760px) 100vw, 760px\" \/><figcaption class=\"wp-element-caption\">Abito da festa 2023<\/figcaption><\/figure>\n\n\n\n<figure class=\"wp-block-image size-full\"><img loading=\"lazy\" decoding=\"async\" width=\"760\" height=\"555\" src=\"https:\/\/danidrops.com.br\/wp-content\/uploads\/2022\/08\/vestidos-de-festa-05-1.jpg\" alt=\"Abito da festa 2023\" class=\"wp-image-36674\" title=\"\" srcset=\"https:\/\/danidrops.com.br\/wp-content\/uploads\/2022\/08\/vestidos-de-festa-05-1.jpg 760w, https:\/\/danidrops.com.br\/wp-content\/uploads\/2022\/08\/vestidos-de-festa-05-1-300x219.jpg 300w, https:\/\/danidrops.com.br\/wp-content\/uploads\/2022\/08\/vestidos-de-festa-05-1-150x110.jpg 150w\" sizes=\"auto, (max-width: 760px) 100vw, 760px\" \/><figcaption class=\"wp-element-caption\">Abito da festa 2023<\/figcaption><\/figure>\n\n\n\n<p>Un altro punto \u00e8 la marcatura del corpo che riveler\u00e0. Questo rende il resto del look semplicemente complementare a ci\u00f2 che in realt\u00e0 \u00e8 gi\u00e0 completo. Non rinunciare mai all&#039;uso dei tacchi.<\/p>\n\n\n\n<script type=\"application\/ld+json\">{\n    \"@context\": \"https:\\\/\\\/schema.org\",\n    \"@type\": \"VideoObject\",\n    \"name\": \"Vestido de Festa 2023 \\u2013 Veja 50 inspira\\u00e7\\u00f5es, tend\\u00eancias e modelos de vestidos de festa\",\n    \"description\": \"Vestido de Festa 2023 precisar\\u00e3o conter muito luxo. Tudo isso porque, sempre que pensamos em um vestido de festa, nunca enxergamos os mais simples. Nesse artigo iremos te mostrar os principais modelos j\\u00e1 feitos.\",\n    \"thumbnailUrl\": \"https:\\\/\\\/danidrops.com.br\\\/wp-content\\\/uploads\\\/2022\\\/08\\\/Vestido-de-Festa-2023.jpg\",\n    \"uploadDate\": \"2022-08-23\",\n    \"duration\": \"PT3M23S\",\n    \"contentUrl\": \"https:\\\/\\\/youtu.be\\\/9qUS2bm73sQ\",\n    \"embedUrl\": \"https:\\\/\\\/youtu.be\\\/9qUS2bm73sQ\",\n    \"potentialAction\": {\n        \"@type\": \"SeekToAction\",\n        \"target\": \"https:\\\/\\\/youtu.be\\\/9qUS2bm73sQ={seek_to_second_number}\",\n        \"startOffset-input\": \"required name=seek_to_second_number\"\n    }\n}<\/script>\n\n\n\n<figure class=\"wp-block-embed is-type-video is-provider-youtube wp-block-embed-youtube wp-embed-aspect-16-9 wp-has-aspect-ratio\"><div class=\"wp-block-embed__wrapper\">\n<iframe loading=\"lazy\" title=\"Party Dress 2023 \u2013 Scopri 50 ispirazioni, tendenze e modelli di abiti da festa\" width=\"500\" height=\"281\" src=\"https:\/\/www.youtube.com\/embed\/9qUS2bm73sQ?feature=oembed\" frameborder=\"0\" allow=\"accelerometer; autoplay; clipboard-write; encrypted-media; gyroscope; picture-in-picture; web-share\" referrerpolicy=\"strict-origin-when-cross-origin\" allowfullscreen><\/iframe>\n<\/div><\/figure>\n\n\n\n<figure class=\"wp-block-image size-full\"><img loading=\"lazy\" decoding=\"async\" width=\"760\" height=\"555\" src=\"https:\/\/danidrops.com.br\/wp-content\/uploads\/2022\/08\/vestidos-de-festa-03-1.jpg\" alt=\"Abito da festa 2023\" class=\"wp-image-36693\" title=\"\" srcset=\"https:\/\/danidrops.com.br\/wp-content\/uploads\/2022\/08\/vestidos-de-festa-03-1.jpg 760w, https:\/\/danidrops.com.br\/wp-content\/uploads\/2022\/08\/vestidos-de-festa-03-1-300x219.jpg 300w, https:\/\/danidrops.com.br\/wp-content\/uploads\/2022\/08\/vestidos-de-festa-03-1-150x110.jpg 150w\" sizes=\"auto, (max-width: 760px) 100vw, 760px\" \/><figcaption class=\"wp-element-caption\">Abito da festa 2023<\/figcaption><\/figure>\n\n\n\n<figure class=\"wp-block-image size-full\"><img loading=\"lazy\" decoding=\"async\" width=\"760\" height=\"555\" src=\"https:\/\/danidrops.com.br\/wp-content\/uploads\/2022\/08\/vestidos-de-festa-18-1.jpg\" alt=\"Abito da festa 2023\" class=\"wp-image-36683\" title=\"\" srcset=\"https:\/\/danidrops.com.br\/wp-content\/uploads\/2022\/08\/vestidos-de-festa-18-1.jpg 760w, https:\/\/danidrops.com.br\/wp-content\/uploads\/2022\/08\/vestidos-de-festa-18-1-300x219.jpg 300w, https:\/\/danidrops.com.br\/wp-content\/uploads\/2022\/08\/vestidos-de-festa-18-1-150x110.jpg 150w\" sizes=\"auto, (max-width: 760px) 100vw, 760px\" \/><figcaption class=\"wp-element-caption\">Abito da festa 2023<\/figcaption><\/figure>\n\n\n\n<p>Se hai molte curve tra i fianchi e il busto, questo tipo di vestito si armonizzer\u00e0 molto bene. Soprattutto se scegli quelli con tessuti pi\u00f9 rigidi come il taffet\u00e0. Questo \u00e8 il tessuto che d\u00e0 grande valore alla silhouette.<\/p>\n\n\n\n<figure class=\"wp-block-image size-full\"><img loading=\"lazy\" decoding=\"async\" width=\"760\" height=\"555\" src=\"https:\/\/danidrops.com.br\/wp-content\/uploads\/2022\/08\/vestidos-de-festa-12-1.jpg\" alt=\"Abito da festa 2023\" class=\"wp-image-36673\" title=\"\" srcset=\"https:\/\/danidrops.com.br\/wp-content\/uploads\/2022\/08\/vestidos-de-festa-12-1.jpg 760w, https:\/\/danidrops.com.br\/wp-content\/uploads\/2022\/08\/vestidos-de-festa-12-1-300x219.jpg 300w, https:\/\/danidrops.com.br\/wp-content\/uploads\/2022\/08\/vestidos-de-festa-12-1-150x110.jpg 150w\" sizes=\"auto, (max-width: 760px) 100vw, 760px\" \/><figcaption class=\"wp-element-caption\">Abito da festa 2023<\/figcaption><\/figure>\n\n\n\n<figure class=\"wp-block-image size-full\"><img loading=\"lazy\" decoding=\"async\" width=\"760\" height=\"555\" src=\"https:\/\/danidrops.com.br\/wp-content\/uploads\/2022\/08\/vestidos-de-festa-29-1.jpg\" alt=\"Abito da festa 2023\" class=\"wp-image-36692\" title=\"\" srcset=\"https:\/\/danidrops.com.br\/wp-content\/uploads\/2022\/08\/vestidos-de-festa-29-1.jpg 760w, https:\/\/danidrops.com.br\/wp-content\/uploads\/2022\/08\/vestidos-de-festa-29-1-300x219.jpg 300w, https:\/\/danidrops.com.br\/wp-content\/uploads\/2022\/08\/vestidos-de-festa-29-1-150x110.jpg 150w\" sizes=\"auto, (max-width: 760px) 100vw, 760px\" \/><figcaption class=\"wp-element-caption\">Abito da festa 2023<\/figcaption><\/figure>\n\n\n\n<p>Il fatto che anche lasciando le curve affilate non segni mai veramente il corpo lo rendeva il preferito e il pi\u00f9 utilizzato dalle donne.<\/p>\n\n\n\n<h2 class=\"wp-block-heading\"><span class=\"ez-toc-section\" id=\"Vestido_de_festa_Curto\"><\/span>Abito da festa corto<span class=\"ez-toc-section-end\"><\/span><\/h2>\n\n\n\n<p>L&#039;abito da sera corto \u00e8 l&#039;ideale per quei luoghi informali. Se il tuo modello \u00e8 dritto, puoi abbinarlo a delle sneakers. <\/p>\n\n\n\n<figure class=\"wp-block-image size-full\"><img loading=\"lazy\" decoding=\"async\" width=\"760\" height=\"555\" src=\"https:\/\/danidrops.com.br\/wp-content\/uploads\/2022\/08\/vestidos-de-festa-21-1.jpg\" alt=\"Abito da festa 2023\" class=\"wp-image-36682\" title=\"\" srcset=\"https:\/\/danidrops.com.br\/wp-content\/uploads\/2022\/08\/vestidos-de-festa-21-1.jpg 760w, https:\/\/danidrops.com.br\/wp-content\/uploads\/2022\/08\/vestidos-de-festa-21-1-300x219.jpg 300w, https:\/\/danidrops.com.br\/wp-content\/uploads\/2022\/08\/vestidos-de-festa-21-1-150x110.jpg 150w\" sizes=\"auto, (max-width: 760px) 100vw, 760px\" \/><figcaption class=\"wp-element-caption\">Abito da festa 2023<\/figcaption><\/figure>\n\n\n\n<figure class=\"wp-block-image size-full\"><img loading=\"lazy\" decoding=\"async\" width=\"760\" height=\"555\" src=\"https:\/\/danidrops.com.br\/wp-content\/uploads\/2022\/08\/vestidos-de-festa-17-1.jpg\" alt=\"Abito da festa 2023\" class=\"wp-image-36672\" title=\"\" srcset=\"https:\/\/danidrops.com.br\/wp-content\/uploads\/2022\/08\/vestidos-de-festa-17-1.jpg 760w, https:\/\/danidrops.com.br\/wp-content\/uploads\/2022\/08\/vestidos-de-festa-17-1-300x219.jpg 300w, https:\/\/danidrops.com.br\/wp-content\/uploads\/2022\/08\/vestidos-de-festa-17-1-150x110.jpg 150w\" sizes=\"auto, (max-width: 760px) 100vw, 760px\" \/><figcaption class=\"wp-element-caption\">Abito da festa 2023<\/figcaption><\/figure>\n\n\n\n<p>I modelli di abiti svasati corti dovrebbero essere indossati con sandali bassi o tacchi medi. Ma fai sempre attenzione all&#039;impressione infantile che questo modello di vestito pu\u00f2 causare. Quindi, quando lo indossi di giorno, opta per quelli meno fioriti.<\/p>\n\n\n\n<figure class=\"wp-block-image size-full\"><img loading=\"lazy\" decoding=\"async\" width=\"760\" height=\"555\" src=\"https:\/\/danidrops.com.br\/wp-content\/uploads\/2022\/08\/vestidos-de-festa-25-1.jpg\" alt=\"Abito da festa 2023\" class=\"wp-image-36691\" title=\"\" srcset=\"https:\/\/danidrops.com.br\/wp-content\/uploads\/2022\/08\/vestidos-de-festa-25-1.jpg 760w, https:\/\/danidrops.com.br\/wp-content\/uploads\/2022\/08\/vestidos-de-festa-25-1-300x219.jpg 300w, https:\/\/danidrops.com.br\/wp-content\/uploads\/2022\/08\/vestidos-de-festa-25-1-150x110.jpg 150w\" sizes=\"auto, (max-width: 760px) 100vw, 760px\" \/><figcaption class=\"wp-element-caption\">Abito da festa 2023<\/figcaption><\/figure>\n\n\n\n<figure class=\"wp-block-image size-full\"><img loading=\"lazy\" decoding=\"async\" width=\"760\" height=\"555\" src=\"https:\/\/danidrops.com.br\/wp-content\/uploads\/2022\/08\/vestidos-de-festa-13-1.jpg\" alt=\"Abito da festa 2023\" class=\"wp-image-36681\" title=\"\" srcset=\"https:\/\/danidrops.com.br\/wp-content\/uploads\/2022\/08\/vestidos-de-festa-13-1.jpg 760w, https:\/\/danidrops.com.br\/wp-content\/uploads\/2022\/08\/vestidos-de-festa-13-1-300x219.jpg 300w, https:\/\/danidrops.com.br\/wp-content\/uploads\/2022\/08\/vestidos-de-festa-13-1-150x110.jpg 150w\" sizes=\"auto, (max-width: 760px) 100vw, 760px\" \/><figcaption class=\"wp-element-caption\">Abito da festa 2023<\/figcaption><\/figure>\n\n\n\n<p>Tuttavia, non sar\u00e0 necessario rinunciare completamente ai colori solo perch\u00e9 ruotati. Preferisci quelli in cui \u00e8 disegnato solo l&#039;orlo della gonna o le sue maniche. <\/p>\n\n\n\n<figure class=\"wp-block-image size-full\"><img loading=\"lazy\" decoding=\"async\" width=\"760\" height=\"555\" src=\"https:\/\/danidrops.com.br\/wp-content\/uploads\/2022\/08\/vestidos-de-festa-30-1.jpg\" alt=\"Abito da festa 2023\" class=\"wp-image-36671\" title=\"\" srcset=\"https:\/\/danidrops.com.br\/wp-content\/uploads\/2022\/08\/vestidos-de-festa-30-1.jpg 760w, https:\/\/danidrops.com.br\/wp-content\/uploads\/2022\/08\/vestidos-de-festa-30-1-300x219.jpg 300w, https:\/\/danidrops.com.br\/wp-content\/uploads\/2022\/08\/vestidos-de-festa-30-1-150x110.jpg 150w\" sizes=\"auto, (max-width: 760px) 100vw, 760px\" \/><figcaption class=\"wp-element-caption\">Abito da festa 2023<\/figcaption><\/figure>\n\n\n\n<figure class=\"wp-block-image size-full\"><img loading=\"lazy\" decoding=\"async\" width=\"760\" height=\"555\" src=\"https:\/\/danidrops.com.br\/wp-content\/uploads\/2022\/08\/vestidos-de-festa-06-1.jpg\" alt=\"Abito da festa 2023\" class=\"wp-image-36690\" title=\"\" srcset=\"https:\/\/danidrops.com.br\/wp-content\/uploads\/2022\/08\/vestidos-de-festa-06-1.jpg 760w, https:\/\/danidrops.com.br\/wp-content\/uploads\/2022\/08\/vestidos-de-festa-06-1-300x219.jpg 300w, https:\/\/danidrops.com.br\/wp-content\/uploads\/2022\/08\/vestidos-de-festa-06-1-150x110.jpg 150w\" sizes=\"auto, (max-width: 760px) 100vw, 760px\" \/><figcaption class=\"wp-element-caption\">Abito da festa 2023<\/figcaption><\/figure>\n\n\n\n<p>Il tipo di corporatura che meglio si adatta a questo modello di abito \u00e8 il triangolo rovesciato. Fa risaltare di pi\u00f9 le gambe e il sedere. Pertanto, tutta l&#039;attenzione precedentemente generata nelle spalle e nelle braccia cambier\u00e0 posto.<\/p>\n\n\n\n<figure class=\"wp-block-image size-full\"><img loading=\"lazy\" decoding=\"async\" width=\"760\" height=\"555\" src=\"https:\/\/danidrops.com.br\/wp-content\/uploads\/2022\/08\/vestidos-de-festa-02-1.jpg\" alt=\"Abito da festa 2023\" class=\"wp-image-36680\" title=\"\" srcset=\"https:\/\/danidrops.com.br\/wp-content\/uploads\/2022\/08\/vestidos-de-festa-02-1.jpg 760w, https:\/\/danidrops.com.br\/wp-content\/uploads\/2022\/08\/vestidos-de-festa-02-1-300x219.jpg 300w, https:\/\/danidrops.com.br\/wp-content\/uploads\/2022\/08\/vestidos-de-festa-02-1-150x110.jpg 150w\" sizes=\"auto, (max-width: 760px) 100vw, 760px\" \/><figcaption class=\"wp-element-caption\">Abito da festa 2023<\/figcaption><\/figure>\n\n\n\n<figure class=\"wp-block-image size-full\"><img loading=\"lazy\" decoding=\"async\" width=\"760\" height=\"555\" src=\"https:\/\/danidrops.com.br\/wp-content\/uploads\/2022\/08\/vestidos-de-festa-11-1.jpg\" alt=\"Abito da festa 2023\" class=\"wp-image-36670\" title=\"\" srcset=\"https:\/\/danidrops.com.br\/wp-content\/uploads\/2022\/08\/vestidos-de-festa-11-1.jpg 760w, https:\/\/danidrops.com.br\/wp-content\/uploads\/2022\/08\/vestidos-de-festa-11-1-300x219.jpg 300w, https:\/\/danidrops.com.br\/wp-content\/uploads\/2022\/08\/vestidos-de-festa-11-1-150x110.jpg 150w\" sizes=\"auto, (max-width: 760px) 100vw, 760px\" \/><figcaption class=\"wp-element-caption\">Abito da festa 2023<\/figcaption><\/figure>\n\n\n\n<h2 class=\"wp-block-heading\"><span class=\"ez-toc-section\" id=\"Vestido_de_festa_2023\"><\/span>vestito da festa 2023<span class=\"ez-toc-section-end\"><\/span><\/h2>\n\n\n\n<p>La migliore opzione per l&#039;abito da festa 2023 saranno i tagli meno appariscenti. Certo, sar\u00e0 necessario investire in accessori affinch\u00e9 il tuo look non sia troppo semplice. <\/p>\n\n\n\n<figure class=\"wp-block-image size-full\"><img loading=\"lazy\" decoding=\"async\" width=\"760\" height=\"555\" src=\"https:\/\/danidrops.com.br\/wp-content\/uploads\/2022\/08\/vestidos-de-festa-22-1.jpg\" alt=\"Abito da festa 2023\" class=\"wp-image-36689\" title=\"\" srcset=\"https:\/\/danidrops.com.br\/wp-content\/uploads\/2022\/08\/vestidos-de-festa-22-1.jpg 760w, https:\/\/danidrops.com.br\/wp-content\/uploads\/2022\/08\/vestidos-de-festa-22-1-300x219.jpg 300w, https:\/\/danidrops.com.br\/wp-content\/uploads\/2022\/08\/vestidos-de-festa-22-1-150x110.jpg 150w\" sizes=\"auto, (max-width: 760px) 100vw, 760px\" \/><figcaption class=\"wp-element-caption\">Abito da festa 2023<\/figcaption><\/figure>\n\n\n\n<p>I tagli dritti sono utili per inserire cinture pi\u00f9 larghe che formano la vita, quindi attireranno l&#039;attenzione. Un&#039;altra opzione \u00e8 diversificare nelle stampe.<\/p>\n\n\n\n<figure class=\"wp-block-image size-full\"><img loading=\"lazy\" decoding=\"async\" width=\"760\" height=\"555\" src=\"https:\/\/danidrops.com.br\/wp-content\/uploads\/2022\/08\/vestidos-de-festa-04-1.jpg\" alt=\"Abito da festa 2023\" class=\"wp-image-36679\" title=\"\" srcset=\"https:\/\/danidrops.com.br\/wp-content\/uploads\/2022\/08\/vestidos-de-festa-04-1.jpg 760w, https:\/\/danidrops.com.br\/wp-content\/uploads\/2022\/08\/vestidos-de-festa-04-1-300x219.jpg 300w, https:\/\/danidrops.com.br\/wp-content\/uploads\/2022\/08\/vestidos-de-festa-04-1-150x110.jpg 150w\" sizes=\"auto, (max-width: 760px) 100vw, 760px\" \/><figcaption class=\"wp-element-caption\">Abito da festa 2023<\/figcaption><\/figure>\n\n\n\n<p>I tagli dritti dell&#039;abito da cocktail 2023 possono avere spacchi nella parte anteriore o laterale. <\/p>\n\n\n\n<figure class=\"wp-block-image size-full\"><img loading=\"lazy\" decoding=\"async\" width=\"760\" height=\"555\" src=\"https:\/\/danidrops.com.br\/wp-content\/uploads\/2022\/08\/vestidos-de-festa-15-1.jpg\" alt=\"Abito da festa 2023\" class=\"wp-image-36669\" title=\"\" srcset=\"https:\/\/danidrops.com.br\/wp-content\/uploads\/2022\/08\/vestidos-de-festa-15-1.jpg 760w, https:\/\/danidrops.com.br\/wp-content\/uploads\/2022\/08\/vestidos-de-festa-15-1-300x219.jpg 300w, https:\/\/danidrops.com.br\/wp-content\/uploads\/2022\/08\/vestidos-de-festa-15-1-150x110.jpg 150w\" sizes=\"auto, (max-width: 760px) 100vw, 760px\" \/><figcaption class=\"wp-element-caption\">Abito da festa 2023<\/figcaption><\/figure>\n\n\n\n<p>Le fessure dalla coscia al piede sono quelle che offrono uno stile pi\u00f9 ampio e un alto livello di potenziamento e sicurezza. Preferisci sempre i tacchi sottili e pi\u00f9 alti da indossare con questo tipo di vestito.<\/p>\n\n\n\n<figure class=\"wp-block-image size-full\"><img loading=\"lazy\" decoding=\"async\" width=\"760\" height=\"555\" src=\"https:\/\/danidrops.com.br\/wp-content\/uploads\/2022\/08\/vestidos-de-festa-26-1.jpg\" alt=\"Abito da festa 2023\" class=\"wp-image-36688\" title=\"\" srcset=\"https:\/\/danidrops.com.br\/wp-content\/uploads\/2022\/08\/vestidos-de-festa-26-1.jpg 760w, https:\/\/danidrops.com.br\/wp-content\/uploads\/2022\/08\/vestidos-de-festa-26-1-300x219.jpg 300w, https:\/\/danidrops.com.br\/wp-content\/uploads\/2022\/08\/vestidos-de-festa-26-1-150x110.jpg 150w\" sizes=\"auto, (max-width: 760px) 100vw, 760px\" \/><figcaption class=\"wp-element-caption\">Abito da festa 2023<\/figcaption><\/figure>\n\n\n\n<h2 class=\"wp-block-heading\"><span class=\"ez-toc-section\" id=\"Vestidos_de_festa_coloridos\"><\/span>abiti da festa colorati<span class=\"ez-toc-section-end\"><\/span><\/h2>\n\n\n\n<p>Gli abiti da festa colorati sono sicuramente per le feste diurne. Certo, se parliamo di un colore con un massimo di due colori, pu\u00f2 adattarsi perfettamente a qualsiasi festa notturna. Ma riservalo per i compleanni dei bambini, le feste informali o le cene.<\/p>\n\n\n\n<figure class=\"wp-block-image size-full\"><img loading=\"lazy\" decoding=\"async\" width=\"760\" height=\"555\" src=\"https:\/\/danidrops.com.br\/wp-content\/uploads\/2022\/08\/vestidos-de-festa-10-1.jpg\" alt=\"Abito da festa 2023\" class=\"wp-image-36678\" title=\"\" srcset=\"https:\/\/danidrops.com.br\/wp-content\/uploads\/2022\/08\/vestidos-de-festa-10-1.jpg 760w, https:\/\/danidrops.com.br\/wp-content\/uploads\/2022\/08\/vestidos-de-festa-10-1-300x219.jpg 300w, https:\/\/danidrops.com.br\/wp-content\/uploads\/2022\/08\/vestidos-de-festa-10-1-150x110.jpg 150w\" sizes=\"auto, (max-width: 760px) 100vw, 760px\" \/><figcaption class=\"wp-element-caption\">Abito da festa 2023<\/figcaption><\/figure>\n\n\n\n<p>Siamo sicuri che non sarebbe bello essere l&#039;unica persona con abiti colorati a un matrimonio, per esempio. <\/p>\n\n\n\n<figure class=\"wp-block-image size-full\"><img loading=\"lazy\" decoding=\"async\" width=\"760\" height=\"555\" src=\"https:\/\/danidrops.com.br\/wp-content\/uploads\/2022\/08\/vestidos-de-festa-08-1.jpg\" alt=\"Abito da festa 2023\" class=\"wp-image-36668\" title=\"\" srcset=\"https:\/\/danidrops.com.br\/wp-content\/uploads\/2022\/08\/vestidos-de-festa-08-1.jpg 760w, https:\/\/danidrops.com.br\/wp-content\/uploads\/2022\/08\/vestidos-de-festa-08-1-300x219.jpg 300w, https:\/\/danidrops.com.br\/wp-content\/uploads\/2022\/08\/vestidos-de-festa-08-1-150x110.jpg 150w\" sizes=\"auto, (max-width: 760px) 100vw, 760px\" \/><figcaption class=\"wp-element-caption\">Abito da festa 2023<\/figcaption><\/figure>\n\n\n\n<p>Dove probabilmente tutti indosseranno abiti che hanno lucentezza ma in colori neutri. Anche il tipo di calzatura avr\u00e0 molto a che fare con l&#039;armonia del look. Indossare tacchi dello stesso colore del vestito sar\u00e0 una tendenza forte il prossimo anno.<\/p>\n\n\n\n<figure class=\"wp-block-image size-full\"><img loading=\"lazy\" decoding=\"async\" width=\"760\" height=\"555\" src=\"https:\/\/danidrops.com.br\/wp-content\/uploads\/2022\/08\/vestidos-de-festa-23-1.jpg\" alt=\"Abito da festa 2023\" class=\"wp-image-36687\" title=\"\" srcset=\"https:\/\/danidrops.com.br\/wp-content\/uploads\/2022\/08\/vestidos-de-festa-23-1.jpg 760w, https:\/\/danidrops.com.br\/wp-content\/uploads\/2022\/08\/vestidos-de-festa-23-1-300x219.jpg 300w, https:\/\/danidrops.com.br\/wp-content\/uploads\/2022\/08\/vestidos-de-festa-23-1-150x110.jpg 150w\" sizes=\"auto, (max-width: 760px) 100vw, 760px\" \/><figcaption class=\"wp-element-caption\">Abito da festa 2023<\/figcaption><\/figure>\n\n\n\n<h2 class=\"wp-block-heading\"><span class=\"ez-toc-section\" id=\"Vestido_de_Festa_plus_size\"><\/span>abito da ballo taglie forti<span class=\"ez-toc-section-end\"><\/span><\/h2>\n\n\n\n<p>Voi <strong>abiti da festa taglie forti<\/strong> sono un&#039;ottima scelta per ogni donna che vuole apparire bellissima a una festa. Ci sono molti stili diversi di abiti taglie forti tra cui scegliere, e ognuno \u00e8 progettato per lusingare la figura e accentuare le curve.&nbsp;<\/p>\n\n\n\n<p><b>Leggi anche:<\/b> <strong><a href=\"https:\/\/danidrops.com.br\/it\/abito-taglie-forti-2023\/\" data-type=\"URL\" data-id=\"https:\/\/danidrops.com.br\/vestido-plus-size-2023\/\">Modelli di abiti taglie forti <\/a><\/strong>\u2013 Guarda pi\u00f9 di 60 modelli di abiti taglie forti per chi indossa XL<\/p>\n\n\n\n<figure class=\"wp-block-image size-full\"><img loading=\"lazy\" decoding=\"async\" width=\"760\" height=\"555\" src=\"https:\/\/danidrops.com.br\/wp-content\/uploads\/2022\/08\/17-Vestido-Plus-Size-Festa.jpg\" alt=\"abito da festa taglie forti\" class=\"wp-image-55512\" title=\"\" srcset=\"https:\/\/danidrops.com.br\/wp-content\/uploads\/2022\/08\/17-Vestido-Plus-Size-Festa.jpg 760w, https:\/\/danidrops.com.br\/wp-content\/uploads\/2022\/08\/17-Vestido-Plus-Size-Festa-300x219.jpg 300w, https:\/\/danidrops.com.br\/wp-content\/uploads\/2022\/08\/17-Vestido-Plus-Size-Festa-16x12.jpg 16w, https:\/\/danidrops.com.br\/wp-content\/uploads\/2022\/08\/17-Vestido-Plus-Size-Festa-150x110.jpg 150w\" sizes=\"auto, (max-width: 760px) 100vw, 760px\" \/><figcaption class=\"wp-element-caption\">abito da festa taglie forti<\/figcaption><\/figure>\n\n\n\n<p>Che tu stia cercando un maxi vestito fluido o un vestito sexy, c&#039;\u00e8 un vestito taglie forti l\u00e0 fuori che ti far\u00e0 apparire e sentirti a tuo agio. Quindi non lasciare che le tue curve ti impediscano di apparire favolosa alla tua prossima festa: abbracciale con uno splendido abito taglie forti.<\/p>\n\n\n\n<figure class=\"wp-block-image size-full\"><img loading=\"lazy\" decoding=\"async\" width=\"760\" height=\"555\" src=\"https:\/\/danidrops.com.br\/wp-content\/uploads\/2022\/08\/18-Vestido-Plus-Size-Festa.jpg\" alt=\"abito da festa taglie forti\" class=\"wp-image-55511\" title=\"\" srcset=\"https:\/\/danidrops.com.br\/wp-content\/uploads\/2022\/08\/18-Vestido-Plus-Size-Festa.jpg 760w, https:\/\/danidrops.com.br\/wp-content\/uploads\/2022\/08\/18-Vestido-Plus-Size-Festa-300x219.jpg 300w, https:\/\/danidrops.com.br\/wp-content\/uploads\/2022\/08\/18-Vestido-Plus-Size-Festa-16x12.jpg 16w, https:\/\/danidrops.com.br\/wp-content\/uploads\/2022\/08\/18-Vestido-Plus-Size-Festa-150x110.jpg 150w\" sizes=\"auto, (max-width: 760px) 100vw, 760px\" \/><figcaption class=\"wp-element-caption\">abito da festa taglie forti<\/figcaption><\/figure>\n\n\n\n<h2 class=\"wp-block-heading\"><span class=\"ez-toc-section\" id=\"Qual_melhor_calcado_para_vestido_de_festa\"><\/span>Quali sono le migliori scarpe per un abito da festa?<span class=\"ez-toc-section-end\"><\/span><\/h2>\n\n\n\n<p>Conoscere le migliori scarpe per un abito da festa non \u00e8 un compito cos\u00ec facile. Tutto perch\u00e9 dobbiamo analizzare nel corpo quale calzatura si adatta meglio. <\/p>\n\n\n\n<figure class=\"wp-block-image size-full\"><img loading=\"lazy\" decoding=\"async\" width=\"760\" height=\"555\" src=\"https:\/\/danidrops.com.br\/wp-content\/uploads\/2022\/08\/vestidos-de-festa-27-1.jpg\" alt=\"Abito da festa 2023\" class=\"wp-image-36677\" title=\"\" srcset=\"https:\/\/danidrops.com.br\/wp-content\/uploads\/2022\/08\/vestidos-de-festa-27-1.jpg 760w, https:\/\/danidrops.com.br\/wp-content\/uploads\/2022\/08\/vestidos-de-festa-27-1-300x219.jpg 300w, https:\/\/danidrops.com.br\/wp-content\/uploads\/2022\/08\/vestidos-de-festa-27-1-150x110.jpg 150w\" sizes=\"auto, (max-width: 760px) 100vw, 760px\" \/><figcaption class=\"wp-element-caption\">Abito da festa 2023<\/figcaption><\/figure>\n\n\n\n<p>Un altro punto \u00e8 capire a che tipo di evento si parteciper\u00e0. Ad esempio, supponiamo che indossi un vestito dorato corto e dal taglio dritto che contenga scintillii.<\/p>\n\n\n\n<figure class=\"wp-block-image size-full\"><img loading=\"lazy\" decoding=\"async\" width=\"760\" height=\"555\" src=\"https:\/\/danidrops.com.br\/wp-content\/uploads\/2022\/08\/vestidos-de-festa-07-1.jpg\" alt=\"Abito da festa 2023\" class=\"wp-image-36667\" title=\"\" srcset=\"https:\/\/danidrops.com.br\/wp-content\/uploads\/2022\/08\/vestidos-de-festa-07-1.jpg 760w, https:\/\/danidrops.com.br\/wp-content\/uploads\/2022\/08\/vestidos-de-festa-07-1-300x219.jpg 300w, https:\/\/danidrops.com.br\/wp-content\/uploads\/2022\/08\/vestidos-de-festa-07-1-150x110.jpg 150w\" sizes=\"auto, (max-width: 760px) 100vw, 760px\" \/><figcaption class=\"wp-element-caption\">Abito da festa 2023<\/figcaption><\/figure>\n\n\n\n<p>Potrebbe essere facilmente indossato con scarpe da ginnastica nere. Tuttavia, l&#039;intero scenario cambia se l&#039;evento \u00e8, ad esempio, il compleanno di una debuttante. <\/p>\n\n\n\n<figure class=\"wp-block-image size-full\"><img loading=\"lazy\" decoding=\"async\" width=\"760\" height=\"555\" src=\"https:\/\/danidrops.com.br\/wp-content\/uploads\/2022\/08\/vestidos-de-festa-16-1.jpg\" alt=\"Abito da festa 2023\" class=\"wp-image-36686\" title=\"\" srcset=\"https:\/\/danidrops.com.br\/wp-content\/uploads\/2022\/08\/vestidos-de-festa-16-1.jpg 760w, https:\/\/danidrops.com.br\/wp-content\/uploads\/2022\/08\/vestidos-de-festa-16-1-300x219.jpg 300w, https:\/\/danidrops.com.br\/wp-content\/uploads\/2022\/08\/vestidos-de-festa-16-1-150x110.jpg 150w\" sizes=\"auto, (max-width: 760px) 100vw, 760px\" \/><figcaption class=\"wp-element-caption\">Abito da festa 2023<\/figcaption><\/figure>\n\n\n\n<p>Per questo posto, avrai sicuramente bisogno di un tacco alto. Quindi, considera principalmente dove andrai con questo vestito. Questo ti guider\u00e0 meglio sul modello di scarpa corretto. Ma ti assicuriamo che tutti coloro che chiedono un abbigliamento formale meritano i tacchi.<\/p>\n\n\n\n<figure class=\"wp-block-image size-full\"><img loading=\"lazy\" decoding=\"async\" width=\"760\" height=\"555\" src=\"https:\/\/danidrops.com.br\/wp-content\/uploads\/2022\/08\/vestidos-de-festa-28-1.jpg\" alt=\"Abito da festa 2023\" class=\"wp-image-36676\" title=\"\" srcset=\"https:\/\/danidrops.com.br\/wp-content\/uploads\/2022\/08\/vestidos-de-festa-28-1.jpg 760w, https:\/\/danidrops.com.br\/wp-content\/uploads\/2022\/08\/vestidos-de-festa-28-1-300x219.jpg 300w, https:\/\/danidrops.com.br\/wp-content\/uploads\/2022\/08\/vestidos-de-festa-28-1-150x110.jpg 150w\" sizes=\"auto, (max-width: 760px) 100vw, 760px\" \/><figcaption class=\"wp-element-caption\">Abito da festa 2023<\/figcaption><\/figure>\n\n\n\n<p>Questo era il nostro articolo sull&#039;abito da ballo 2023. Speriamo che ti sia piaciuto e alla prossima volta!<\/p>\n\n\n\n<figure class=\"wp-block-image size-full\"><img loading=\"lazy\" decoding=\"async\" width=\"760\" height=\"555\" src=\"https:\/\/danidrops.com.br\/wp-content\/uploads\/2022\/08\/vestidos-de-festa-19-1.jpg\" alt=\"Abito da festa 2023\" class=\"wp-image-36666\" title=\"\" srcset=\"https:\/\/danidrops.com.br\/wp-content\/uploads\/2022\/08\/vestidos-de-festa-19-1.jpg 760w, https:\/\/danidrops.com.br\/wp-content\/uploads\/2022\/08\/vestidos-de-festa-19-1-300x219.jpg 300w, https:\/\/danidrops.com.br\/wp-content\/uploads\/2022\/08\/vestidos-de-festa-19-1-150x110.jpg 150w\" sizes=\"auto, (max-width: 760px) 100vw, 760px\" \/><figcaption class=\"wp-element-caption\">Abito da festa 2023<\/figcaption><\/figure>\n<div id=\"ez-toc-container\" class=\"ez-toc-v2_0_76 counter-hierarchy ez-toc-counter ez-toc-grey ez-toc-container-direction\">\n<p class=\"ez-toc-title\" style=\"cursor:inherit\">Leggerai questo articolo<\/p>\n<label for=\"ez-toc-cssicon-toggle-item-69f4fc799227f\" class=\"ez-toc-cssicon-toggle-label\"><span class=\"ez-toc-cssicon\"><span class=\"eztoc-hide\" style=\"display:none;\">Attiva\/disattiva<\/span><span class=\"ez-toc-icon-toggle-span\"><svg style=\"fill: #999;color:#999\" xmlns=\"http:\/\/www.w3.org\/2000\/svg\" class=\"list-377408\" width=\"20px\" height=\"20px\" viewbox=\"0 0 24 24\" fill=\"none\"><path d=\"M6 6H4v2h2V6zm14 0H8v2h12V6zM4 11h2v2H4v-2zm16 0H8v2h12v-2zM4 16h2v2H4v-2zm16 0H8v2h12v-2z\" fill=\"currentColor\"><\/path><\/svg><svg style=\"fill: #999;color:#999\" class=\"arrow-unsorted-368013\" xmlns=\"http:\/\/www.w3.org\/2000\/svg\" width=\"10px\" height=\"10px\" viewbox=\"0 0 24 24\" version=\"1.2\" baseprofile=\"tiny\"><path d=\"M18.2 9.3l-6.2-6.3-6.2 6.3c-.2.2-.3.4-.3.7s.1.5.3.7c.2.2.4.3.7.3h11c.3 0 .5-.1.7-.3.2-.2.3-.5.3-.7s-.1-.5-.3-.7zM5.8 14.7l6.2 6.3 6.2-6.3c.2-.2.3-.5.3-.7s-.1-.5-.3-.7c-.2-.2-.4-.3-.7-.3h-11c-.3 0-.5.1-.7.3-.2.2-.3.5-.3.7s.1.5.3.7z\"\/><\/svg><\/span><\/span><\/label><input type=\"checkbox\"  id=\"ez-toc-cssicon-toggle-item-69f4fc799227f\"  aria-label=\"Attiva\/disattiva\" \/><nav><ul class='ez-toc-list ez-toc-list-level-1' ><li class='ez-toc-page-1 ez-toc-heading-level-2'><a class=\"ez-toc-link ez-toc-heading-1\" href=\"https:\/\/danidrops.com.br\/it\/vestito-da-festa-2023\/#Vestido_de_festa_longo\" >vestito da festa lungo<\/a><\/li><li class='ez-toc-page-1 ez-toc-heading-level-2'><a class=\"ez-toc-link ez-toc-heading-2\" href=\"https:\/\/danidrops.com.br\/it\/vestito-da-festa-2023\/#Vestido_de_festa_Curto\" >Abito da festa corto<\/a><\/li><li class='ez-toc-page-1 ez-toc-heading-level-2'><a class=\"ez-toc-link ez-toc-heading-3\" href=\"https:\/\/danidrops.com.br\/it\/vestito-da-festa-2023\/#Vestido_de_festa_2023\" >vestito da festa 2023<\/a><\/li><li class='ez-toc-page-1 ez-toc-heading-level-2'><a class=\"ez-toc-link ez-toc-heading-4\" href=\"https:\/\/danidrops.com.br\/it\/vestito-da-festa-2023\/#Vestidos_de_festa_coloridos\" >abiti da festa colorati<\/a><\/li><li class='ez-toc-page-1 ez-toc-heading-level-2'><a class=\"ez-toc-link ez-toc-heading-5\" href=\"https:\/\/danidrops.com.br\/it\/vestito-da-festa-2023\/#Vestido_de_Festa_plus_size\" >abito da ballo taglie forti<\/a><\/li><li class='ez-toc-page-1 ez-toc-heading-level-2'><a class=\"ez-toc-link ez-toc-heading-6\" href=\"https:\/\/danidrops.com.br\/it\/vestito-da-festa-2023\/#Qual_melhor_calcado_para_vestido_de_festa\" >Quali sono le migliori scarpe per un abito da festa?<\/a><\/li><\/ul><\/nav><\/div>","protected":false},"excerpt":{"rendered":"<p>Gli abiti da sera del 2023 dovranno essere molto lussuosi. Questo perch\u00e9 quando pensiamo agli abiti da sera, non pensiamo mai a quelli pi\u00f9 semplici. In questo...<\/p>","protected":false},"author":1,"featured_media":36683,"comment_status":"open","ping_status":"open","sticky":false,"template":"","format":"standard","meta":{"footnotes":""},"categories":[4],"tags":[],"class_list":["post-36454","post","type-post","status-publish","format-standard","has-post-thumbnail","hentry","category-moda"],"_links":{"self":[{"href":"https:\/\/danidrops.com.br\/it\/wp-json\/wp\/v2\/posts\/36454","targetHints":{"allow":["GET"]}}],"collection":[{"href":"https:\/\/danidrops.com.br\/it\/wp-json\/wp\/v2\/posts"}],"about":[{"href":"https:\/\/danidrops.com.br\/it\/wp-json\/wp\/v2\/types\/post"}],"author":[{"embeddable":true,"href":"https:\/\/danidrops.com.br\/it\/wp-json\/wp\/v2\/users\/1"}],"replies":[{"embeddable":true,"href":"https:\/\/danidrops.com.br\/it\/wp-json\/wp\/v2\/comments?post=36454"}],"version-history":[{"count":0,"href":"https:\/\/danidrops.com.br\/it\/wp-json\/wp\/v2\/posts\/36454\/revisions"}],"wp:featuredmedia":[{"embeddable":true,"href":"https:\/\/danidrops.com.br\/it\/wp-json\/wp\/v2\/media\/36683"}],"wp:attachment":[{"href":"https:\/\/danidrops.com.br\/it\/wp-json\/wp\/v2\/media?parent=36454"}],"wp:term":[{"taxonomy":"category","embeddable":true,"href":"https:\/\/danidrops.com.br\/it\/wp-json\/wp\/v2\/categories?post=36454"},{"taxonomy":"post_tag","embeddable":true,"href":"https:\/\/danidrops.com.br\/it\/wp-json\/wp\/v2\/tags?post=36454"}],"curies":[{"name":"parola chiave","href":"https:\/\/api.w.org\/{rel}","templated":true}]}}