{"id":47295,"date":"2022-10-24T14:47:00","date_gmt":"2022-10-24T17:47:00","guid":{"rendered":"https:\/\/danidrops.com.br\/?p=47295"},"modified":"2024-08-02T00:38:42","modified_gmt":"2024-08-02T03:38:42","slug":"taglio-di-capelli-uomo-2023","status":"publish","type":"post","link":"https:\/\/danidrops.com.br\/it\/taglio-di-capelli-uomo-2023\/","title":{"rendered":"Taglio di capelli uomo 2023 - Scopri pi\u00f9 di 90 modelli, colori, modalit\u00e0 d'uso e forme del viso"},"content":{"rendered":"<p>O <strong>taglio di capelli uomo 2023<\/strong> sono super alti l&#039;anno prossimo e saranno tendenze tra tutte le et\u00e0.<\/p>\n\n\n\n<p>Gli uomini sono sempre pi\u00f9 preoccupati per il loro aspetto e sono sempre alla ricerca di tagli di capelli e forme che lusinghino il loro viso.<\/p>\n\n\n\n<p>Leggi anche: <strong><a href=\"https:\/\/danidrops.com.br\/it\/taglio-di-capelli-da-uomo-2024\/\" data-type=\"link\" data-id=\"https:\/\/danidrops.com.br\/corte-de-cabelo-masculino-2024\/\">Taglio capelli uomo 2024 \u2013 Scopri pi\u00f9 di 105 tendenze, colori e come utilizzarli per ogni forma del viso<\/a><\/strong><\/p>\n\n\n\n<figure class=\"wp-block-image size-full\"><img loading=\"lazy\" decoding=\"async\" width=\"760\" height=\"555\" src=\"https:\/\/danidrops.com.br\/wp-content\/uploads\/2022\/10\/03-Cortes-de-Cabelo-Masculino-2023.jpg\" alt=\"Tagli di capelli uomo 2023\" class=\"wp-image-49270\" title=\"\" srcset=\"https:\/\/danidrops.com.br\/wp-content\/uploads\/2022\/10\/03-Cortes-de-Cabelo-Masculino-2023.jpg 760w, https:\/\/danidrops.com.br\/wp-content\/uploads\/2022\/10\/03-Cortes-de-Cabelo-Masculino-2023-300x219.jpg 300w, https:\/\/danidrops.com.br\/wp-content\/uploads\/2022\/10\/03-Cortes-de-Cabelo-Masculino-2023-16x12.jpg 16w, https:\/\/danidrops.com.br\/wp-content\/uploads\/2022\/10\/03-Cortes-de-Cabelo-Masculino-2023-150x110.jpg 150w\" sizes=\"auto, (max-width: 760px) 100vw, 760px\" \/><figcaption class=\"wp-element-caption\">Tagli di capelli uomo 2023<\/figcaption><\/figure>\n\n\n\n<figure class=\"wp-block-image size-full\"><img loading=\"lazy\" decoding=\"async\" width=\"760\" height=\"555\" src=\"https:\/\/danidrops.com.br\/wp-content\/uploads\/2022\/10\/02-Cortes-de-Cabelo-Masculino-2023.jpg\" alt=\"Tagli di capelli uomo 2023\" class=\"wp-image-49269\" title=\"\" srcset=\"https:\/\/danidrops.com.br\/wp-content\/uploads\/2022\/10\/02-Cortes-de-Cabelo-Masculino-2023.jpg 760w, https:\/\/danidrops.com.br\/wp-content\/uploads\/2022\/10\/02-Cortes-de-Cabelo-Masculino-2023-300x219.jpg 300w, https:\/\/danidrops.com.br\/wp-content\/uploads\/2022\/10\/02-Cortes-de-Cabelo-Masculino-2023-16x12.jpg 16w, https:\/\/danidrops.com.br\/wp-content\/uploads\/2022\/10\/02-Cortes-de-Cabelo-Masculino-2023-150x110.jpg 150w\" sizes=\"auto, (max-width: 760px) 100vw, 760px\" \/><figcaption class=\"wp-element-caption\">Tagli di capelli uomo 2023<\/figcaption><\/figure>\n\n\n\n<p>Il numero dei saloni maschili \u00e8 cresciuto molto negli ultimi anni, poich\u00e9 \u00e8 aumentata notevolmente la richiesta di tagli specifici.<\/p>\n\n\n\n<figure class=\"wp-block-image size-full\"><img loading=\"lazy\" decoding=\"async\" width=\"760\" height=\"555\" src=\"https:\/\/danidrops.com.br\/wp-content\/uploads\/2022\/10\/01-Cortes-de-Cabelo-Masculino-2023.jpg\" alt=\"Tagli di capelli uomo 2023\" class=\"wp-image-49268\" title=\"\" srcset=\"https:\/\/danidrops.com.br\/wp-content\/uploads\/2022\/10\/01-Cortes-de-Cabelo-Masculino-2023.jpg 760w, https:\/\/danidrops.com.br\/wp-content\/uploads\/2022\/10\/01-Cortes-de-Cabelo-Masculino-2023-300x219.jpg 300w, https:\/\/danidrops.com.br\/wp-content\/uploads\/2022\/10\/01-Cortes-de-Cabelo-Masculino-2023-16x12.jpg 16w, https:\/\/danidrops.com.br\/wp-content\/uploads\/2022\/10\/01-Cortes-de-Cabelo-Masculino-2023-150x110.jpg 150w\" sizes=\"auto, (max-width: 760px) 100vw, 760px\" \/><figcaption class=\"wp-element-caption\">Tagli di capelli uomo 2023<\/figcaption><\/figure>\n\n\n\n<p>Alla luce di queste informazioni, abbiamo separato alcuni consigli per i tagli capelli uomo 2023 in modo che possiate trarre ispirazione e creare un bellissimo look per iniziare l&#039;anno con il piede giusto.<\/p>\n\n\n\n<script type=\"application\/ld+json\">{\n    \"@context\": \"https:\\\/\\\/schema.org\",\n    \"@type\": \"FAQPage\",\n    \"mainEntity\": [\n        {\n            \"@type\": \"Question\",\n            \"name\": \"Quais s\\u00e3o os formatos de rostos masculinos 2023 mais comuns?\",\n            \"acceptedAnswer\": {\n                \"@type\": \"Answer\",\n                \"text\": \"Os formatos de rostos amsculinos mais comuns s\\u00e3o: Oval, Cora\\u00e7\\u00e3o, Diamante ou Losango, Longo ou comprido, Redondo, Quadrado ou tamb\\u00e9m chamado de retangular.\"\n            }\n        },\n        {\n            \"@type\": \"Question\",\n            \"name\": \"Quais os cortes de cabelos masculinos mais usados em 2023?\",\n            \"acceptedAnswer\": {\n                \"@type\": \"Answer\",\n                \"text\": \"Os cortes masculinos mais pedidos nos sal\\u00f5es de cabeleireiro em 2023 s\\u00e3o: Cabelo masculino curto, Corte de cabelo masculino Undercut, Corte de cabelo masculino militar, Corte de cabelo masculino Pompadour, Corte de cabelo masculino Razor Part, Corte de cabelo masculino social, Cabelo masculino longo, Corte de cabelo masculino Surfista, Corte de cabelo masculino em camadas, Coque Samurai para cabelo masculino, Cabelo masculino m\\u00e9dio, Corte de cabelo masculino Flow Haircut, Corte de cabelo masculino Eboy Hairstyle, Corte de cabelo masculino Black Power, Cabelo masculino cacheado, Cabelo masculino crespo, Cabelo masculino liso, Cabelo masculino raspado, Cabelo masculino com luzes, Cabelo masculino ondulado, Cabelo masculino com letra, Cabelo masculino com listra, Cabelo masculino americano, Cabelo masculino degrad\\u00ea, Corte de cabelo masculino afro, Corte de cabelo masculino com tran\\u00e7as.\"\n            }\n        },\n        {\n            \"@type\": \"Question\",\n            \"name\": \"Quais as cores de cabelos masculinos mais usadas em 2023?\",\n            \"acceptedAnswer\": {\n                \"@type\": \"Answer\",\n                \"text\": \"As cores mais usadas pelos homens para tingir seus cabelos s\\u00e3o: Preto, Castanho, Platinado, Branco, Loiro, Colorido.\"\n            }\n        }\n    ]\n}<\/script>\n\n\n\n<h2 class=\"wp-block-heading\"><span class=\"ez-toc-section\" id=\"Quais_sao_os_formatos_de_rostos_masculinos_2023_mais_comuns\"><\/span>Quali sono le forme del viso maschile pi\u00f9 comuni nel 2023?<span class=\"ez-toc-section-end\"><\/span><\/h2>\n\n\n\n<p>Ci sono molte forme del viso maschile e dovresti prestare attenzione alla forma del tuo viso prima di decidere quale tipo di taglio di capelli usare.<\/p>\n\n\n\n<p>Di seguito separiamo le forme del viso maschile pi\u00f9 comuni in modo che tu possa fare la tua autoanalisi. <strong>Le forme del viso maschile pi\u00f9 comuni sono:<\/strong><\/p>\n\n\n\n<ul class=\"wp-block-list\">\n<li>Ovale<\/li>\n\n\n\n<li>Cuore<\/li>\n\n\n\n<li>Diamante o Rombo<\/li>\n\n\n\n<li>lungo o lungo<\/li>\n\n\n\n<li>il giro<\/li>\n\n\n\n<li>Quadrata o detta anche rettangolare<\/li>\n<\/ul>\n\n\n\n<script type=\"application\/ld+json\">{\n    \"@context\": \"https:\\\/\\\/schema.org\",\n    \"@type\": \"VideoObject\",\n    \"name\": \"Corte de Cabelo Masculino 2023  - Veja 50 inspira\\u00e7\\u00f5es de Modelos Corte de Cabelo Masculino\",\n    \"description\": \"O corte de cabelo masculino 2023 est\\u00e3o super em alta no pr\\u00f3ximo ano e ser\\u00e3o tend\\u00eancias entre todas as idades.\",\n    \"thumbnailUrl\": \"https:\\\/\\\/danidrops.com.br\\\/wp-content\\\/uploads\\\/2022\\\/10\\\/Cortes-de-Cabelo-Masculino-2023.jpg\",\n    \"uploadDate\": \"2022-10-26\",\n    \"duration\": \"PT3M23S\",\n    \"contentUrl\": \"https:\\\/\\\/youtu.be\\\/58wrciqO5-o\",\n    \"embedUrl\": \"https:\\\/\\\/youtu.be\\\/58wrciqO5-o\",\n    \"potentialAction\": {\n        \"@type\": \"SeekToAction\",\n        \"target\": \"https:\\\/\\\/youtu.be\\\/58wrciqO5-o={seek_to_second_number}\",\n        \"startOffset-input\": \"required name=seek_to_second_number\"\n    }\n}<\/script>\n\n\n\n<figure class=\"wp-block-embed is-type-video is-provider-youtube wp-block-embed-youtube wp-embed-aspect-16-9 wp-has-aspect-ratio\"><div class=\"wp-block-embed__wrapper\">\n<iframe loading=\"lazy\" title=\"Taglio di capelli da uomo 2023 - Scopri 50 ispirazioni dai modelli di taglio di capelli da uomo\" width=\"500\" height=\"281\" src=\"https:\/\/www.youtube.com\/embed\/58wrciqO5-o?feature=oembed\" frameborder=\"0\" allow=\"accelerometer; autoplay; clipboard-write; encrypted-media; gyroscope; picture-in-picture; web-share\" referrerpolicy=\"strict-origin-when-cross-origin\" allowfullscreen><\/iframe>\n<\/div><figcaption class=\"wp-element-caption\">Looks for Festivals 2023 \u2013 Guarda 50 ispirazioni da Modelli Looks for Festivals<\/figcaption><\/figure>\n\n\n\n<h2 class=\"wp-block-heading\"><span class=\"ez-toc-section\" id=\"Oval\"><\/span>Ovale<span class=\"ez-toc-section-end\"><\/span><\/h2>\n\n\n\n<p>Il viso ovale maschile \u00e8 uno dei tagli di capelli pi\u00f9 facili da abbinare. In generale, sono facce con la fronte un po&#039; pi\u00f9 larga della regione del mento. Per quanto riguarda le tipologie di taglio, i modelli militari sono i pi\u00f9 indicati.<\/p>\n\n\n\n<figure class=\"wp-block-image size-full\"><img loading=\"lazy\" decoding=\"async\" width=\"760\" height=\"555\" src=\"https:\/\/danidrops.com.br\/wp-content\/uploads\/2022\/10\/05-Oval.jpg\" alt=\"Ovale\" class=\"wp-image-49272\" title=\"\" srcset=\"https:\/\/danidrops.com.br\/wp-content\/uploads\/2022\/10\/05-Oval.jpg 760w, https:\/\/danidrops.com.br\/wp-content\/uploads\/2022\/10\/05-Oval-300x219.jpg 300w, https:\/\/danidrops.com.br\/wp-content\/uploads\/2022\/10\/05-Oval-16x12.jpg 16w, https:\/\/danidrops.com.br\/wp-content\/uploads\/2022\/10\/05-Oval-150x110.jpg 150w\" sizes=\"auto, (max-width: 760px) 100vw, 760px\" \/><figcaption class=\"wp-element-caption\">Ovale<\/figcaption><\/figure>\n\n\n\n<figure class=\"wp-block-image size-full\"><img loading=\"lazy\" decoding=\"async\" width=\"760\" height=\"555\" src=\"https:\/\/danidrops.com.br\/wp-content\/uploads\/2022\/10\/04-Oval.jpg\" alt=\"Ovale\" class=\"wp-image-49271\" title=\"\" srcset=\"https:\/\/danidrops.com.br\/wp-content\/uploads\/2022\/10\/04-Oval.jpg 760w, https:\/\/danidrops.com.br\/wp-content\/uploads\/2022\/10\/04-Oval-300x219.jpg 300w, https:\/\/danidrops.com.br\/wp-content\/uploads\/2022\/10\/04-Oval-16x12.jpg 16w, https:\/\/danidrops.com.br\/wp-content\/uploads\/2022\/10\/04-Oval-150x110.jpg 150w\" sizes=\"auto, (max-width: 760px) 100vw, 760px\" \/><figcaption class=\"wp-element-caption\">Ovale<\/figcaption><\/figure>\n\n\n\n<h2 class=\"wp-block-heading\"><span class=\"ez-toc-section\" id=\"Coracao\"><\/span>Cuore<span class=\"ez-toc-section-end\"><\/span><\/h2>\n\n\n\n<p>I volti a forma di cuore sono meno comuni ma altrettanto belli. Di solito hanno la fronte e gli zigomi con larghezze simili e la regione della mascella ha lineamenti dritti e lunghi. Nella maggior parte dei casi, la regione del mento \u00e8 piccola, dando l&#039;impressione di un triangolo capovolto.<\/p>\n\n\n\n<figure class=\"wp-block-image size-full\"><img loading=\"lazy\" decoding=\"async\" width=\"760\" height=\"555\" src=\"https:\/\/danidrops.com.br\/wp-content\/uploads\/2022\/10\/06-Coracao.jpg\" alt=\"Cuore\" class=\"wp-image-49273\" title=\"\" srcset=\"https:\/\/danidrops.com.br\/wp-content\/uploads\/2022\/10\/06-Coracao.jpg 760w, https:\/\/danidrops.com.br\/wp-content\/uploads\/2022\/10\/06-Coracao-300x219.jpg 300w, https:\/\/danidrops.com.br\/wp-content\/uploads\/2022\/10\/06-Coracao-16x12.jpg 16w, https:\/\/danidrops.com.br\/wp-content\/uploads\/2022\/10\/06-Coracao-150x110.jpg 150w\" sizes=\"auto, (max-width: 760px) 100vw, 760px\" \/><figcaption class=\"wp-element-caption\">Cuore<\/figcaption><\/figure>\n\n\n\n<figure class=\"wp-block-image size-full\"><img loading=\"lazy\" decoding=\"async\" width=\"760\" height=\"555\" src=\"https:\/\/danidrops.com.br\/wp-content\/uploads\/2022\/10\/07-Coracao.jpg\" alt=\"Cuore\" class=\"wp-image-49274\" title=\"\" srcset=\"https:\/\/danidrops.com.br\/wp-content\/uploads\/2022\/10\/07-Coracao.jpg 760w, https:\/\/danidrops.com.br\/wp-content\/uploads\/2022\/10\/07-Coracao-300x219.jpg 300w, https:\/\/danidrops.com.br\/wp-content\/uploads\/2022\/10\/07-Coracao-16x12.jpg 16w, https:\/\/danidrops.com.br\/wp-content\/uploads\/2022\/10\/07-Coracao-150x110.jpg 150w\" sizes=\"auto, (max-width: 760px) 100vw, 760px\" \/><figcaption class=\"wp-element-caption\">Cuore<\/figcaption><\/figure>\n\n\n\n<h2 class=\"wp-block-heading\"><span class=\"ez-toc-section\" id=\"Diamante_ou_Losango\"><\/span>Diamante o Rombo<span class=\"ez-toc-section-end\"><\/span><\/h2>\n\n\n\n<p>Questo tipo di viso \u00e8 relativamente facile da trovare tra gli uomini ed \u00e8 caratterizzato dall&#039;avere solo la regione degli zigomi pi\u00f9 ampia. In questo modo, la fronte e il mento sono pi\u00f9 stretti.<\/p>\n\n\n\n<figure class=\"wp-block-image size-full\"><img loading=\"lazy\" decoding=\"async\" width=\"760\" height=\"555\" src=\"https:\/\/danidrops.com.br\/wp-content\/uploads\/2022\/10\/09-Diamante-ou-Losango.jpg\" alt=\"Diamante o Rombo\" class=\"wp-image-49276\" title=\"\" srcset=\"https:\/\/danidrops.com.br\/wp-content\/uploads\/2022\/10\/09-Diamante-ou-Losango.jpg 760w, https:\/\/danidrops.com.br\/wp-content\/uploads\/2022\/10\/09-Diamante-ou-Losango-300x219.jpg 300w, https:\/\/danidrops.com.br\/wp-content\/uploads\/2022\/10\/09-Diamante-ou-Losango-16x12.jpg 16w, https:\/\/danidrops.com.br\/wp-content\/uploads\/2022\/10\/09-Diamante-ou-Losango-150x110.jpg 150w\" sizes=\"auto, (max-width: 760px) 100vw, 760px\" \/><figcaption class=\"wp-element-caption\">Diamante o Rombo<\/figcaption><\/figure>\n\n\n\n<figure class=\"wp-block-image size-full\"><img loading=\"lazy\" decoding=\"async\" width=\"760\" height=\"555\" src=\"https:\/\/danidrops.com.br\/wp-content\/uploads\/2022\/10\/08-Diamante-ou-Losango.jpg\" alt=\"Diamante o Rombo\" class=\"wp-image-49275\" title=\"\" srcset=\"https:\/\/danidrops.com.br\/wp-content\/uploads\/2022\/10\/08-Diamante-ou-Losango.jpg 760w, https:\/\/danidrops.com.br\/wp-content\/uploads\/2022\/10\/08-Diamante-ou-Losango-300x219.jpg 300w, https:\/\/danidrops.com.br\/wp-content\/uploads\/2022\/10\/08-Diamante-ou-Losango-16x12.jpg 16w, https:\/\/danidrops.com.br\/wp-content\/uploads\/2022\/10\/08-Diamante-ou-Losango-150x110.jpg 150w\" sizes=\"auto, (max-width: 760px) 100vw, 760px\" \/><figcaption class=\"wp-element-caption\">Diamante o Rombo<\/figcaption><\/figure>\n\n\n\n<h2 class=\"wp-block-heading\"><span class=\"ez-toc-section\" id=\"Longo_ou_comprido\"><\/span>lungo o lungo<span class=\"ez-toc-section-end\"><\/span><\/h2>\n\n\n\n<p>La forma del viso lungo o lungo \u00e8 quella che ha la lunghezza relativamente maggiore della larghezza. Questo tipo di viso \u00e8 molto simile al viso ovale o rettangolare per le caratteristiche di avere la lunghezza maggiore della larghezza.<\/p>\n\n\n\n<figure class=\"wp-block-image size-full\"><img loading=\"lazy\" decoding=\"async\" width=\"760\" height=\"555\" src=\"https:\/\/danidrops.com.br\/wp-content\/uploads\/2022\/10\/11-Longo-ou-comprido.jpg\" alt=\"lungo o lungo\" class=\"wp-image-49278\" title=\"\" srcset=\"https:\/\/danidrops.com.br\/wp-content\/uploads\/2022\/10\/11-Longo-ou-comprido.jpg 760w, https:\/\/danidrops.com.br\/wp-content\/uploads\/2022\/10\/11-Longo-ou-comprido-300x219.jpg 300w, https:\/\/danidrops.com.br\/wp-content\/uploads\/2022\/10\/11-Longo-ou-comprido-16x12.jpg 16w, https:\/\/danidrops.com.br\/wp-content\/uploads\/2022\/10\/11-Longo-ou-comprido-150x110.jpg 150w\" sizes=\"auto, (max-width: 760px) 100vw, 760px\" \/><figcaption class=\"wp-element-caption\">lungo o lungo<\/figcaption><\/figure>\n\n\n\n<figure class=\"wp-block-image size-full\"><img loading=\"lazy\" decoding=\"async\" width=\"760\" height=\"555\" src=\"https:\/\/danidrops.com.br\/wp-content\/uploads\/2022\/10\/10-Longo-ou-comprido.jpg\" alt=\"lungo o lungo\" class=\"wp-image-49277\" title=\"\" srcset=\"https:\/\/danidrops.com.br\/wp-content\/uploads\/2022\/10\/10-Longo-ou-comprido.jpg 760w, https:\/\/danidrops.com.br\/wp-content\/uploads\/2022\/10\/10-Longo-ou-comprido-300x219.jpg 300w, https:\/\/danidrops.com.br\/wp-content\/uploads\/2022\/10\/10-Longo-ou-comprido-16x12.jpg 16w, https:\/\/danidrops.com.br\/wp-content\/uploads\/2022\/10\/10-Longo-ou-comprido-150x110.jpg 150w\" sizes=\"auto, (max-width: 760px) 100vw, 760px\" \/><figcaption class=\"wp-element-caption\">lungo o lungo<\/figcaption><\/figure>\n\n\n\n<h2 class=\"wp-block-heading\"><span class=\"ez-toc-section\" id=\"Redondo\"><\/span>il giro<span class=\"ez-toc-section-end\"><\/span><\/h2>\n\n\n\n<p>Una faccia rotonda \u00e8 quella che \u00e8 murata con un cerchio. In generale si sposa bene con tagli che hanno le frange, in quanto alcuni modelli di frange hanno lo scopo di allungare e assottigliare il viso.<\/p>\n\n\n\n<figure class=\"wp-block-image size-full\"><img loading=\"lazy\" decoding=\"async\" width=\"760\" height=\"555\" src=\"https:\/\/danidrops.com.br\/wp-content\/uploads\/2022\/10\/13-Redondo.jpg\" alt=\"il giro\" class=\"wp-image-49280\" title=\"\" srcset=\"https:\/\/danidrops.com.br\/wp-content\/uploads\/2022\/10\/13-Redondo.jpg 760w, https:\/\/danidrops.com.br\/wp-content\/uploads\/2022\/10\/13-Redondo-300x219.jpg 300w, https:\/\/danidrops.com.br\/wp-content\/uploads\/2022\/10\/13-Redondo-16x12.jpg 16w, https:\/\/danidrops.com.br\/wp-content\/uploads\/2022\/10\/13-Redondo-150x110.jpg 150w\" sizes=\"auto, (max-width: 760px) 100vw, 760px\" \/><figcaption class=\"wp-element-caption\">il giro<\/figcaption><\/figure>\n\n\n\n<figure class=\"wp-block-image size-full\"><img loading=\"lazy\" decoding=\"async\" width=\"760\" height=\"555\" src=\"https:\/\/danidrops.com.br\/wp-content\/uploads\/2022\/10\/12-Redondo.jpg\" alt=\"il giro\" class=\"wp-image-49279\" title=\"\" srcset=\"https:\/\/danidrops.com.br\/wp-content\/uploads\/2022\/10\/12-Redondo.jpg 760w, https:\/\/danidrops.com.br\/wp-content\/uploads\/2022\/10\/12-Redondo-300x219.jpg 300w, https:\/\/danidrops.com.br\/wp-content\/uploads\/2022\/10\/12-Redondo-16x12.jpg 16w, https:\/\/danidrops.com.br\/wp-content\/uploads\/2022\/10\/12-Redondo-150x110.jpg 150w\" sizes=\"auto, (max-width: 760px) 100vw, 760px\" \/><figcaption class=\"wp-element-caption\">il giro<\/figcaption><\/figure>\n\n\n\n<h2 class=\"wp-block-heading\"><span class=\"ez-toc-section\" id=\"Quadrado_ou_tambem_chamado_de_retangular\"><\/span>Quadrata o detta anche rettangolare<span class=\"ez-toc-section-end\"><\/span><\/h2>\n\n\n\n<p>Il viso quadrato \u00e8 considerato lo standard della bellezza dell&#039;immagine maschile. I lineamenti sono molto sorprendenti e la larghezza della fronte \u00e8 simile alla larghezza della mascella che ha linee ben angolate.<\/p>\n\n\n\n<figure class=\"wp-block-image size-full\"><img loading=\"lazy\" decoding=\"async\" width=\"760\" height=\"555\" src=\"https:\/\/danidrops.com.br\/wp-content\/uploads\/2022\/10\/15-Quadrado-ou-tambem-chamado-de-retangular.jpg\" alt=\"Quadrata o detta anche rettangolare\" class=\"wp-image-49282\" title=\"\" srcset=\"https:\/\/danidrops.com.br\/wp-content\/uploads\/2022\/10\/15-Quadrado-ou-tambem-chamado-de-retangular.jpg 760w, https:\/\/danidrops.com.br\/wp-content\/uploads\/2022\/10\/15-Quadrado-ou-tambem-chamado-de-retangular-300x219.jpg 300w, https:\/\/danidrops.com.br\/wp-content\/uploads\/2022\/10\/15-Quadrado-ou-tambem-chamado-de-retangular-16x12.jpg 16w, https:\/\/danidrops.com.br\/wp-content\/uploads\/2022\/10\/15-Quadrado-ou-tambem-chamado-de-retangular-150x110.jpg 150w\" sizes=\"auto, (max-width: 760px) 100vw, 760px\" \/><figcaption class=\"wp-element-caption\">Quadrata o detta anche rettangolare<\/figcaption><\/figure>\n\n\n\n<figure class=\"wp-block-image size-full\"><img loading=\"lazy\" decoding=\"async\" width=\"760\" height=\"555\" src=\"https:\/\/danidrops.com.br\/wp-content\/uploads\/2022\/10\/14-Quadrado-ou-tambem-chamado-de-retangular.jpg\" alt=\"Quadrata o detta anche rettangolare\" class=\"wp-image-49281\" title=\"\" srcset=\"https:\/\/danidrops.com.br\/wp-content\/uploads\/2022\/10\/14-Quadrado-ou-tambem-chamado-de-retangular.jpg 760w, https:\/\/danidrops.com.br\/wp-content\/uploads\/2022\/10\/14-Quadrado-ou-tambem-chamado-de-retangular-300x219.jpg 300w, https:\/\/danidrops.com.br\/wp-content\/uploads\/2022\/10\/14-Quadrado-ou-tambem-chamado-de-retangular-16x12.jpg 16w, https:\/\/danidrops.com.br\/wp-content\/uploads\/2022\/10\/14-Quadrado-ou-tambem-chamado-de-retangular-150x110.jpg 150w\" sizes=\"auto, (max-width: 760px) 100vw, 760px\" \/><figcaption class=\"wp-element-caption\">Quadrata o detta anche rettangolare<\/figcaption><\/figure>\n\n\n\n<h2 class=\"wp-block-heading\"><span class=\"ez-toc-section\" id=\"Triangulo_invertido\"><\/span>Triangolo invertito<span class=\"ez-toc-section-end\"><\/span><\/h2>\n\n\n\n<p>I volti maschili a forma di triangolo invertito sono quelli in cui la fronte ha la lunghezza pi\u00f9 lunga e le misure si assottigliano quando raggiunge la regione del mento. Nel complesso, questo tipo di viso ha un mento piuttosto appuntito.<\/p>\n\n\n\n<figure class=\"wp-block-image size-full\"><img loading=\"lazy\" decoding=\"async\" width=\"760\" height=\"555\" src=\"https:\/\/danidrops.com.br\/wp-content\/uploads\/2022\/10\/17-Triangulo-invertido.jpg\" alt=\"Triangolo invertito\" class=\"wp-image-49284\" title=\"\" srcset=\"https:\/\/danidrops.com.br\/wp-content\/uploads\/2022\/10\/17-Triangulo-invertido.jpg 760w, https:\/\/danidrops.com.br\/wp-content\/uploads\/2022\/10\/17-Triangulo-invertido-300x219.jpg 300w, https:\/\/danidrops.com.br\/wp-content\/uploads\/2022\/10\/17-Triangulo-invertido-16x12.jpg 16w, https:\/\/danidrops.com.br\/wp-content\/uploads\/2022\/10\/17-Triangulo-invertido-150x110.jpg 150w\" sizes=\"auto, (max-width: 760px) 100vw, 760px\" \/><figcaption class=\"wp-element-caption\">Triangolo invertito<\/figcaption><\/figure>\n\n\n\n<figure class=\"wp-block-image size-full\"><img loading=\"lazy\" decoding=\"async\" width=\"760\" height=\"555\" src=\"https:\/\/danidrops.com.br\/wp-content\/uploads\/2022\/10\/16-Triangulo-invertido.jpg\" alt=\"Triangolo invertito\" class=\"wp-image-49283\" title=\"\" srcset=\"https:\/\/danidrops.com.br\/wp-content\/uploads\/2022\/10\/16-Triangulo-invertido.jpg 760w, https:\/\/danidrops.com.br\/wp-content\/uploads\/2022\/10\/16-Triangulo-invertido-300x219.jpg 300w, https:\/\/danidrops.com.br\/wp-content\/uploads\/2022\/10\/16-Triangulo-invertido-16x12.jpg 16w, https:\/\/danidrops.com.br\/wp-content\/uploads\/2022\/10\/16-Triangulo-invertido-150x110.jpg 150w\" sizes=\"auto, (max-width: 760px) 100vw, 760px\" \/><figcaption class=\"wp-element-caption\">Triangolo invertito<\/figcaption><\/figure>\n\n\n\n<h2 class=\"wp-block-heading\"><span class=\"ez-toc-section\" id=\"Quais_os_cortes_de_cabelos_masculinos_mais_usados_em_2023\"><\/span>Quali sono i tagli di capelli maschili pi\u00f9 popolari nel 2023?<span class=\"ez-toc-section-end\"><\/span><\/h2>\n\n\n\n<p>I tagli uomo pi\u00f9 richiesti nei saloni di parrucchieri nel 2023 sono:<\/p>\n\n\n\n<ul class=\"wp-block-list\">\n<li>capelli maschili corti<\/li>\n\n\n\n<li>Taglio di capelli da uomo sottosquadro<\/li>\n\n\n\n<li>taglio di capelli militare per gli uomini<\/li>\n\n\n\n<li>Taglio di capelli alla Pompadour per gli uomini<\/li>\n\n\n\n<li>Razor Part taglio di capelli da uomo<\/li>\n\n\n\n<li>Taglio sociale per gli uomini<\/li>\n\n\n\n<li>lunghi capelli maschili<\/li>\n\n\n\n<li>Taglio di capelli da surfista per uomo<\/li>\n\n\n\n<li>Taglio di capelli a strati per gli uomini<\/li>\n\n\n\n<li>Chignon samurai per capelli da uomo<\/li>\n\n\n\n<li>capelli maschili medi<\/li>\n\n\n\n<li>Taglio di capelli da uomo Flow Haircut<\/li>\n\n\n\n<li>Taglio di capelli da uomo Eboy Hairstyle<\/li>\n\n\n\n<li>Taglio di capelli Black Power per uomo<\/li>\n\n\n\n<li>capelli ricci maschili<\/li>\n\n\n\n<li>capelli maschili ricci<\/li>\n\n\n\n<li>capelli lisci maschili<\/li>\n\n\n\n<li>capelli maschili rasati<\/li>\n\n\n\n<li>Capelli da uomo con riflessi<\/li>\n\n\n\n<li>capelli maschili mossi<\/li>\n\n\n\n<li>capelli maschili con lettera<\/li>\n\n\n\n<li>Capelli da uomo a righe<\/li>\n\n\n\n<li>capelli maschili americani<\/li>\n\n\n\n<li>capelli maschili sfumati<\/li>\n<\/ul>\n\n\n\n<h2 class=\"wp-block-heading\"><span class=\"ez-toc-section\" id=\"Cabelo_masculino_curto\"><\/span>capelli maschili corti<span class=\"ez-toc-section-end\"><\/span><\/h2>\n\n\n\n<p>I capelli maschili corti sono l&#039;ideale per chi desidera praticit\u00e0 e allo stesso tempo modernit\u00e0 nel look.<\/p>\n\n\n\n<p>Tra i tagli capelli corti uomo 2023, i pi\u00f9 tradizionali e richiesti dagli uomini sono i seguenti:<\/p>\n\n\n\n<h2 class=\"wp-block-heading\"><span class=\"ez-toc-section\" id=\"Corte_de_cabelo_masculino_Undercut\"><\/span>Taglio di capelli da uomo sottosquadro<span class=\"ez-toc-section-end\"><\/span><\/h2>\n\n\n\n<p>Quella <strong>taglio di capelli maschile sottosquadro<\/strong> serve come base per molti altri tagli, poich\u00e9 la sua caratteristica principale \u00e8 di mantenere i lati e il collo rasati e il resto della lunghezza dei capelli senza grandi cambiamenti.<\/p>\n\n\n\n<figure class=\"wp-block-image size-full\"><img loading=\"lazy\" decoding=\"async\" width=\"760\" height=\"555\" src=\"https:\/\/danidrops.com.br\/wp-content\/uploads\/2022\/10\/19-Undercut.jpg\" alt=\"Taglio di capelli da uomo sottosquadro\" class=\"wp-image-49286\" title=\"\" srcset=\"https:\/\/danidrops.com.br\/wp-content\/uploads\/2022\/10\/19-Undercut.jpg 760w, https:\/\/danidrops.com.br\/wp-content\/uploads\/2022\/10\/19-Undercut-300x219.jpg 300w, https:\/\/danidrops.com.br\/wp-content\/uploads\/2022\/10\/19-Undercut-16x12.jpg 16w, https:\/\/danidrops.com.br\/wp-content\/uploads\/2022\/10\/19-Undercut-150x110.jpg 150w\" sizes=\"auto, (max-width: 760px) 100vw, 760px\" \/><figcaption class=\"wp-element-caption\">Taglio di capelli da uomo sottosquadro<\/figcaption><\/figure>\n\n\n\n<figure class=\"wp-block-image size-full\"><img loading=\"lazy\" decoding=\"async\" width=\"760\" height=\"555\" src=\"https:\/\/danidrops.com.br\/wp-content\/uploads\/2022\/10\/18-Undercut.jpg\" alt=\"Taglio di capelli da uomo sottosquadro\" class=\"wp-image-49285\" title=\"\" srcset=\"https:\/\/danidrops.com.br\/wp-content\/uploads\/2022\/10\/18-Undercut.jpg 760w, https:\/\/danidrops.com.br\/wp-content\/uploads\/2022\/10\/18-Undercut-300x219.jpg 300w, https:\/\/danidrops.com.br\/wp-content\/uploads\/2022\/10\/18-Undercut-16x12.jpg 16w, https:\/\/danidrops.com.br\/wp-content\/uploads\/2022\/10\/18-Undercut-150x110.jpg 150w\" sizes=\"auto, (max-width: 760px) 100vw, 760px\" \/><figcaption class=\"wp-element-caption\">Taglio di capelli da uomo sottosquadro<\/figcaption><\/figure>\n\n\n\n<h2 class=\"wp-block-heading\"><span class=\"ez-toc-section\" id=\"Corte_de_cabelo_masculino_militar\"><\/span>taglio di capelli militare per gli uomini<span class=\"ez-toc-section-end\"><\/span><\/h2>\n\n\n\n<p>Ci sono molte varianti per il <strong>Taglio di capelli militare 2023 per uomo<\/strong>. Complessivamente si caratterizzano per la loro lunghezza estremamente bassa e classica. Il suo nome \u00e8 dovuto al fatto che i soldati usavano questo tipo di taglio. I lati e la parte posteriore della testa sono tenuti pi\u00f9 in basso rispetto alla sommit\u00e0 della testa, ma non necessariamente rasati.<\/p>\n\n\n\n<figure class=\"wp-block-image size-full\"><img loading=\"lazy\" decoding=\"async\" width=\"760\" height=\"555\" src=\"https:\/\/danidrops.com.br\/wp-content\/uploads\/2022\/10\/21-Corte-de-cabelo-militar.jpg\" alt=\"taglio di capelli militare\" class=\"wp-image-49288\" title=\"\" srcset=\"https:\/\/danidrops.com.br\/wp-content\/uploads\/2022\/10\/21-Corte-de-cabelo-militar.jpg 760w, https:\/\/danidrops.com.br\/wp-content\/uploads\/2022\/10\/21-Corte-de-cabelo-militar-300x219.jpg 300w, https:\/\/danidrops.com.br\/wp-content\/uploads\/2022\/10\/21-Corte-de-cabelo-militar-16x12.jpg 16w, https:\/\/danidrops.com.br\/wp-content\/uploads\/2022\/10\/21-Corte-de-cabelo-militar-150x110.jpg 150w\" sizes=\"auto, (max-width: 760px) 100vw, 760px\" \/><figcaption class=\"wp-element-caption\">taglio di capelli militare<\/figcaption><\/figure>\n\n\n\n<figure class=\"wp-block-image size-full\"><img loading=\"lazy\" decoding=\"async\" width=\"760\" height=\"555\" src=\"https:\/\/danidrops.com.br\/wp-content\/uploads\/2022\/10\/20-Corte-de-cabelo-militar.jpg\" alt=\"taglio di capelli militare\" class=\"wp-image-49287\" title=\"\" srcset=\"https:\/\/danidrops.com.br\/wp-content\/uploads\/2022\/10\/20-Corte-de-cabelo-militar.jpg 760w, https:\/\/danidrops.com.br\/wp-content\/uploads\/2022\/10\/20-Corte-de-cabelo-militar-300x219.jpg 300w, https:\/\/danidrops.com.br\/wp-content\/uploads\/2022\/10\/20-Corte-de-cabelo-militar-16x12.jpg 16w, https:\/\/danidrops.com.br\/wp-content\/uploads\/2022\/10\/20-Corte-de-cabelo-militar-150x110.jpg 150w\" sizes=\"auto, (max-width: 760px) 100vw, 760px\" \/><figcaption class=\"wp-element-caption\">taglio di capelli militare<\/figcaption><\/figure>\n\n\n\n<h2 class=\"wp-block-heading\"><span class=\"ez-toc-section\" id=\"Corte_de_cabelo_masculino_Pompadour\"><\/span>Taglio di capelli alla Pompadour per gli uomini<span class=\"ez-toc-section-end\"><\/span><\/h2>\n\n\n\n<p>O <strong>Taglio di capelli alla Pompadour per gli uomini<\/strong> \u00c8 l&#039;ideale per gli uomini pi\u00f9 audaci che vogliono rockeggiare ovunque vadano. Consiste nel lasciare una sommit\u00e0 ampia e voluminosa sulla sommit\u00e0 della testa e le sponde sono mantenute un po&#039; pi\u00f9 in basso.<\/p>\n\n\n\n<figure class=\"wp-block-image size-full\"><img loading=\"lazy\" decoding=\"async\" width=\"760\" height=\"555\" src=\"https:\/\/danidrops.com.br\/wp-content\/uploads\/2022\/10\/23-Corte-de-cabelo-Pompadour.jpg\" alt=\"Taglio di capelli alla Pompadour per gli uomini\" class=\"wp-image-49290\" title=\"\" srcset=\"https:\/\/danidrops.com.br\/wp-content\/uploads\/2022\/10\/23-Corte-de-cabelo-Pompadour.jpg 760w, https:\/\/danidrops.com.br\/wp-content\/uploads\/2022\/10\/23-Corte-de-cabelo-Pompadour-300x219.jpg 300w, https:\/\/danidrops.com.br\/wp-content\/uploads\/2022\/10\/23-Corte-de-cabelo-Pompadour-16x12.jpg 16w, https:\/\/danidrops.com.br\/wp-content\/uploads\/2022\/10\/23-Corte-de-cabelo-Pompadour-150x110.jpg 150w\" sizes=\"auto, (max-width: 760px) 100vw, 760px\" \/><figcaption class=\"wp-element-caption\">Taglio di capelli alla Pompadour per gli uomini<\/figcaption><\/figure>\n\n\n\n<figure class=\"wp-block-image size-full\"><img loading=\"lazy\" decoding=\"async\" width=\"760\" height=\"555\" src=\"https:\/\/danidrops.com.br\/wp-content\/uploads\/2022\/10\/22-Corte-de-cabelo-Pompadour.jpg\" alt=\"Taglio di capelli alla Pompadour per gli uomini\" class=\"wp-image-49289\" title=\"\" srcset=\"https:\/\/danidrops.com.br\/wp-content\/uploads\/2022\/10\/22-Corte-de-cabelo-Pompadour.jpg 760w, https:\/\/danidrops.com.br\/wp-content\/uploads\/2022\/10\/22-Corte-de-cabelo-Pompadour-300x219.jpg 300w, https:\/\/danidrops.com.br\/wp-content\/uploads\/2022\/10\/22-Corte-de-cabelo-Pompadour-16x12.jpg 16w, https:\/\/danidrops.com.br\/wp-content\/uploads\/2022\/10\/22-Corte-de-cabelo-Pompadour-150x110.jpg 150w\" sizes=\"auto, (max-width: 760px) 100vw, 760px\" \/><figcaption class=\"wp-element-caption\">Taglio di capelli alla Pompadour per gli uomini<\/figcaption><\/figure>\n\n\n\n<h2 class=\"wp-block-heading\"><span class=\"ez-toc-section\" id=\"Corte_de_cabelo_masculino_Razor_Part\"><\/span>Razor Part taglio di capelli da uomo<span class=\"ez-toc-section-end\"><\/span><\/h2>\n\n\n\n<p>O <strong>Razor Part taglio di capelli da uomo<\/strong> Si caratterizza per essere estremamente corto e ben delimitare la sommit\u00e0 della testa dai lati con due strisce.<\/p>\n\n\n\n<figure class=\"wp-block-image size-full\"><img loading=\"lazy\" decoding=\"async\" width=\"760\" height=\"555\" src=\"https:\/\/danidrops.com.br\/wp-content\/uploads\/2022\/10\/25-Razor-Part.jpg\" alt=\"Razor Part taglio di capelli da uomo\" class=\"wp-image-49292\" title=\"\" srcset=\"https:\/\/danidrops.com.br\/wp-content\/uploads\/2022\/10\/25-Razor-Part.jpg 760w, https:\/\/danidrops.com.br\/wp-content\/uploads\/2022\/10\/25-Razor-Part-300x219.jpg 300w, https:\/\/danidrops.com.br\/wp-content\/uploads\/2022\/10\/25-Razor-Part-16x12.jpg 16w, https:\/\/danidrops.com.br\/wp-content\/uploads\/2022\/10\/25-Razor-Part-150x110.jpg 150w\" sizes=\"auto, (max-width: 760px) 100vw, 760px\" \/><figcaption class=\"wp-element-caption\">Razor Part taglio di capelli da uomo<\/figcaption><\/figure>\n\n\n\n<figure class=\"wp-block-image size-full\"><img loading=\"lazy\" decoding=\"async\" width=\"760\" height=\"555\" src=\"https:\/\/danidrops.com.br\/wp-content\/uploads\/2022\/10\/24-Razor-Part.jpg\" alt=\"Razor Part taglio di capelli da uomo\" class=\"wp-image-49291\" title=\"\" srcset=\"https:\/\/danidrops.com.br\/wp-content\/uploads\/2022\/10\/24-Razor-Part.jpg 760w, https:\/\/danidrops.com.br\/wp-content\/uploads\/2022\/10\/24-Razor-Part-300x219.jpg 300w, https:\/\/danidrops.com.br\/wp-content\/uploads\/2022\/10\/24-Razor-Part-16x12.jpg 16w, https:\/\/danidrops.com.br\/wp-content\/uploads\/2022\/10\/24-Razor-Part-150x110.jpg 150w\" sizes=\"auto, (max-width: 760px) 100vw, 760px\" \/><figcaption class=\"wp-element-caption\">Razor Part taglio di capelli da uomo<\/figcaption><\/figure>\n\n\n\n<h2 class=\"wp-block-heading\"><span class=\"ez-toc-section\" id=\"Corte_de_cabelo_masculino_social\"><\/span>Taglio sociale per gli uomini<span class=\"ez-toc-section-end\"><\/span><\/h2>\n\n\n\n<p>O <strong>Taglio sociale per gli uomini <\/strong>\u00e8 forse il taglio pi\u00f9 comune tra gli uomini e risale a molti anni fa. Si tratta di un taglio classico dove le lunghezze sono mantenute in taglie standardizzate e armoniche, cio\u00e8 i lati e la nuca sono pi\u00f9 bassi della sommit\u00e0 della testa che pu\u00f2 essere mantenuta in lunghezza da corta a media.<\/p>\n\n\n\n<figure class=\"wp-block-image size-full\"><img loading=\"lazy\" decoding=\"async\" width=\"760\" height=\"555\" src=\"https:\/\/danidrops.com.br\/wp-content\/uploads\/2022\/10\/27-Corte-de-cabelo-masculino-social.jpg\" alt=\"Taglio sociale per gli uomini\" class=\"wp-image-49294\" title=\"\" srcset=\"https:\/\/danidrops.com.br\/wp-content\/uploads\/2022\/10\/27-Corte-de-cabelo-masculino-social.jpg 760w, https:\/\/danidrops.com.br\/wp-content\/uploads\/2022\/10\/27-Corte-de-cabelo-masculino-social-300x219.jpg 300w, https:\/\/danidrops.com.br\/wp-content\/uploads\/2022\/10\/27-Corte-de-cabelo-masculino-social-16x12.jpg 16w, https:\/\/danidrops.com.br\/wp-content\/uploads\/2022\/10\/27-Corte-de-cabelo-masculino-social-150x110.jpg 150w\" sizes=\"auto, (max-width: 760px) 100vw, 760px\" \/><figcaption class=\"wp-element-caption\">Taglio sociale per gli uomini<\/figcaption><\/figure>\n\n\n\n<figure class=\"wp-block-image size-full\"><img loading=\"lazy\" decoding=\"async\" width=\"760\" height=\"555\" src=\"https:\/\/danidrops.com.br\/wp-content\/uploads\/2022\/10\/26-Corte-de-cabelo-masculino-social.jpg\" alt=\"Taglio sociale per gli uomini\" class=\"wp-image-49293\" title=\"\" srcset=\"https:\/\/danidrops.com.br\/wp-content\/uploads\/2022\/10\/26-Corte-de-cabelo-masculino-social.jpg 760w, https:\/\/danidrops.com.br\/wp-content\/uploads\/2022\/10\/26-Corte-de-cabelo-masculino-social-300x219.jpg 300w, https:\/\/danidrops.com.br\/wp-content\/uploads\/2022\/10\/26-Corte-de-cabelo-masculino-social-16x12.jpg 16w, https:\/\/danidrops.com.br\/wp-content\/uploads\/2022\/10\/26-Corte-de-cabelo-masculino-social-150x110.jpg 150w\" sizes=\"auto, (max-width: 760px) 100vw, 760px\" \/><figcaption class=\"wp-element-caption\">Taglio sociale per gli uomini<\/figcaption><\/figure>\n\n\n\n<h2 class=\"wp-block-heading\"><span class=\"ez-toc-section\" id=\"Cabelo_masculino_longo\"><\/span>lunghi capelli maschili<span class=\"ez-toc-section-end\"><\/span><\/h2>\n\n\n\n<p>Voi <strong>lunghi capelli maschili <\/strong>sono anche all&#039;ultima moda e alcuni modelli sono davvero meravigliosi.<\/p>\n\n\n\n<p>I tipi pi\u00f9 popolari di tagli di capelli lunghi da uomo nei saloni sono i seguenti:<\/p>\n\n\n\n<h2 class=\"wp-block-heading\"><span class=\"ez-toc-section\" id=\"Corte_de_cabelo_masculino_Surfista\"><\/span>Taglio di capelli da surfista per uomo<span class=\"ez-toc-section-end\"><\/span><\/h2>\n\n\n\n<p>O <strong>capelli da surfista maschio<\/strong> Si caratterizza per il suo aspetto disordinato e per i colori che sembrano bruciati dal sole. Nel complesso, i capelli lunghi sono sminuzzati, il che gli conferisce un aspetto moderno e molto elegante.<\/p>\n\n\n\n<figure class=\"wp-block-image size-full\"><img loading=\"lazy\" decoding=\"async\" width=\"760\" height=\"555\" src=\"https:\/\/danidrops.com.br\/wp-content\/uploads\/2022\/10\/28-Surfista.jpg\" alt=\"Taglio di capelli da surfista per uomo\" class=\"wp-image-49295\" title=\"\" srcset=\"https:\/\/danidrops.com.br\/wp-content\/uploads\/2022\/10\/28-Surfista.jpg 760w, https:\/\/danidrops.com.br\/wp-content\/uploads\/2022\/10\/28-Surfista-300x219.jpg 300w, https:\/\/danidrops.com.br\/wp-content\/uploads\/2022\/10\/28-Surfista-16x12.jpg 16w, https:\/\/danidrops.com.br\/wp-content\/uploads\/2022\/10\/28-Surfista-150x110.jpg 150w\" sizes=\"auto, (max-width: 760px) 100vw, 760px\" \/><figcaption class=\"wp-element-caption\">Taglio di capelli da surfista per uomo<\/figcaption><\/figure>\n\n\n\n<figure class=\"wp-block-image size-full\"><img loading=\"lazy\" decoding=\"async\" width=\"760\" height=\"555\" src=\"https:\/\/danidrops.com.br\/wp-content\/uploads\/2022\/10\/29-Surfista.jpg\" alt=\"Taglio di capelli da surfista per uomo\" class=\"wp-image-49296\" title=\"\" srcset=\"https:\/\/danidrops.com.br\/wp-content\/uploads\/2022\/10\/29-Surfista.jpg 760w, https:\/\/danidrops.com.br\/wp-content\/uploads\/2022\/10\/29-Surfista-300x219.jpg 300w, https:\/\/danidrops.com.br\/wp-content\/uploads\/2022\/10\/29-Surfista-16x12.jpg 16w, https:\/\/danidrops.com.br\/wp-content\/uploads\/2022\/10\/29-Surfista-150x110.jpg 150w\" sizes=\"auto, (max-width: 760px) 100vw, 760px\" \/><figcaption class=\"wp-element-caption\">Taglio di capelli da surfista per uomo<\/figcaption><\/figure>\n\n\n\n<h2 class=\"wp-block-heading\"><span class=\"ez-toc-section\" id=\"Corte_de_cabelo_masculino_em_camadas\"><\/span>Taglio di capelli a strati per gli uomini<span class=\"ez-toc-section-end\"><\/span><\/h2>\n\n\n\n<p>O <strong>taglio di capelli a strati per gli uomini<\/strong> \u00e8 un altro tesoro tra gli uomini con i capelli lunghi, poich\u00e9 valorizza il volume e il movimento delle ciocche.<\/p>\n\n\n\n<figure class=\"wp-block-image size-full\"><img loading=\"lazy\" decoding=\"async\" width=\"760\" height=\"555\" src=\"https:\/\/danidrops.com.br\/wp-content\/uploads\/2022\/10\/31-Corte-em-camadas.jpg\" alt=\"Taglio di capelli a strati per gli uomini\" class=\"wp-image-49298\" title=\"\" srcset=\"https:\/\/danidrops.com.br\/wp-content\/uploads\/2022\/10\/31-Corte-em-camadas.jpg 760w, https:\/\/danidrops.com.br\/wp-content\/uploads\/2022\/10\/31-Corte-em-camadas-300x219.jpg 300w, https:\/\/danidrops.com.br\/wp-content\/uploads\/2022\/10\/31-Corte-em-camadas-16x12.jpg 16w, https:\/\/danidrops.com.br\/wp-content\/uploads\/2022\/10\/31-Corte-em-camadas-150x110.jpg 150w\" sizes=\"auto, (max-width: 760px) 100vw, 760px\" \/><figcaption class=\"wp-element-caption\">Taglio di capelli a strati per gli uomini<\/figcaption><\/figure>\n\n\n\n<figure class=\"wp-block-image size-full\"><img loading=\"lazy\" decoding=\"async\" width=\"760\" height=\"555\" src=\"https:\/\/danidrops.com.br\/wp-content\/uploads\/2022\/10\/30-Corte-em-camadas.jpg\" alt=\"Taglio di capelli a strati per gli uomini\" class=\"wp-image-49297\" title=\"\" srcset=\"https:\/\/danidrops.com.br\/wp-content\/uploads\/2022\/10\/30-Corte-em-camadas.jpg 760w, https:\/\/danidrops.com.br\/wp-content\/uploads\/2022\/10\/30-Corte-em-camadas-300x219.jpg 300w, https:\/\/danidrops.com.br\/wp-content\/uploads\/2022\/10\/30-Corte-em-camadas-16x12.jpg 16w, https:\/\/danidrops.com.br\/wp-content\/uploads\/2022\/10\/30-Corte-em-camadas-150x110.jpg 150w\" sizes=\"auto, (max-width: 760px) 100vw, 760px\" \/><figcaption class=\"wp-element-caption\">Taglio di capelli a strati per gli uomini<\/figcaption><\/figure>\n\n\n\n<h2 class=\"wp-block-heading\"><span class=\"ez-toc-section\" id=\"Coque_Samurai_para_cabelo_masculino\"><\/span>Chignon samurai per capelli da uomo<span class=\"ez-toc-section-end\"><\/span><\/h2>\n\n\n\n<p>Nonostante i lati e la nuca siano rasati, i peli sulla sommit\u00e0 della testa sono generalmente tenuti lunghi in modo che il <strong>coca cola da samurai<\/strong> pu\u00f2 essere fatto. Di solito \u00e8 un panino disordinato e rilassato, rifinito solo con un elastico per capelli.<\/p>\n\n\n\n<figure class=\"wp-block-image size-full\"><img loading=\"lazy\" decoding=\"async\" width=\"760\" height=\"555\" src=\"https:\/\/danidrops.com.br\/wp-content\/uploads\/2022\/10\/33-Coque-Samurai.jpg\" alt=\"Chignon samurai per capelli da uomo\" class=\"wp-image-49300\" title=\"\" srcset=\"https:\/\/danidrops.com.br\/wp-content\/uploads\/2022\/10\/33-Coque-Samurai.jpg 760w, https:\/\/danidrops.com.br\/wp-content\/uploads\/2022\/10\/33-Coque-Samurai-300x219.jpg 300w, https:\/\/danidrops.com.br\/wp-content\/uploads\/2022\/10\/33-Coque-Samurai-16x12.jpg 16w, https:\/\/danidrops.com.br\/wp-content\/uploads\/2022\/10\/33-Coque-Samurai-150x110.jpg 150w\" sizes=\"auto, (max-width: 760px) 100vw, 760px\" \/><figcaption class=\"wp-element-caption\">Chignon samurai per capelli da uomo<\/figcaption><\/figure>\n\n\n\n<figure class=\"wp-block-image size-full\"><img loading=\"lazy\" decoding=\"async\" width=\"760\" height=\"555\" src=\"https:\/\/danidrops.com.br\/wp-content\/uploads\/2022\/10\/32-Coque-Samurai.jpg\" alt=\"Chignon samurai per capelli da uomo\" class=\"wp-image-49299\" title=\"\" srcset=\"https:\/\/danidrops.com.br\/wp-content\/uploads\/2022\/10\/32-Coque-Samurai.jpg 760w, https:\/\/danidrops.com.br\/wp-content\/uploads\/2022\/10\/32-Coque-Samurai-300x219.jpg 300w, https:\/\/danidrops.com.br\/wp-content\/uploads\/2022\/10\/32-Coque-Samurai-16x12.jpg 16w, https:\/\/danidrops.com.br\/wp-content\/uploads\/2022\/10\/32-Coque-Samurai-150x110.jpg 150w\" sizes=\"auto, (max-width: 760px) 100vw, 760px\" \/><figcaption class=\"wp-element-caption\">Chignon samurai per capelli da uomo<\/figcaption><\/figure>\n\n\n\n<h2 class=\"wp-block-heading\"><span class=\"ez-toc-section\" id=\"Cabelo_masculino_medio\"><\/span>capelli maschili medi<span class=\"ez-toc-section-end\"><\/span><\/h2>\n\n\n\n<p>Anche i tagli capelli medi uomo 2023 sono super trendy per la loro versatilit\u00e0 e possibilit\u00e0 di tagli e acconciature.<\/p>\n\n\n\n<p>Alcuni modelli di tagli medi per uomo sono:<\/p>\n\n\n\n<h2 class=\"wp-block-heading\"><span class=\"ez-toc-section\" id=\"Corte_de_cabelo_masculino_Flow_Haircut\"><\/span>Taglio di capelli da uomo Flow Haircut<span class=\"ez-toc-section-end\"><\/span><\/h2>\n\n\n\n<p>O <strong>Taglio di capelli da uomo Flow Haircut<\/strong> \u00c8 molto moderno, elegante e pu\u00f2 essere fatto su capelli lisci, mossi e ricci. La sua caratteristica principale sono i fili leggermente disordinati che assicurano un look pi\u00f9 informale.<\/p>\n\n\n\n<figure class=\"wp-block-image size-full\"><img loading=\"lazy\" decoding=\"async\" width=\"760\" height=\"555\" src=\"https:\/\/danidrops.com.br\/wp-content\/uploads\/2022\/10\/35-Flow-Haircut.jpg\" alt=\"Taglio di capelli da uomo Flow Haircut\" class=\"wp-image-49302\" title=\"\" srcset=\"https:\/\/danidrops.com.br\/wp-content\/uploads\/2022\/10\/35-Flow-Haircut.jpg 760w, https:\/\/danidrops.com.br\/wp-content\/uploads\/2022\/10\/35-Flow-Haircut-300x219.jpg 300w, https:\/\/danidrops.com.br\/wp-content\/uploads\/2022\/10\/35-Flow-Haircut-16x12.jpg 16w, https:\/\/danidrops.com.br\/wp-content\/uploads\/2022\/10\/35-Flow-Haircut-150x110.jpg 150w\" sizes=\"auto, (max-width: 760px) 100vw, 760px\" \/><figcaption class=\"wp-element-caption\">Taglio di capelli da uomo Flow Haircut<\/figcaption><\/figure>\n\n\n\n<figure class=\"wp-block-image size-full\"><img loading=\"lazy\" decoding=\"async\" width=\"760\" height=\"555\" src=\"https:\/\/danidrops.com.br\/wp-content\/uploads\/2022\/10\/34-Flow-Haircut.jpg\" alt=\"Taglio di capelli da uomo Flow Haircut\" class=\"wp-image-49301\" title=\"\" srcset=\"https:\/\/danidrops.com.br\/wp-content\/uploads\/2022\/10\/34-Flow-Haircut.jpg 760w, https:\/\/danidrops.com.br\/wp-content\/uploads\/2022\/10\/34-Flow-Haircut-300x219.jpg 300w, https:\/\/danidrops.com.br\/wp-content\/uploads\/2022\/10\/34-Flow-Haircut-16x12.jpg 16w, https:\/\/danidrops.com.br\/wp-content\/uploads\/2022\/10\/34-Flow-Haircut-150x110.jpg 150w\" sizes=\"auto, (max-width: 760px) 100vw, 760px\" \/><figcaption class=\"wp-element-caption\">Taglio di capelli da uomo Flow Haircut<\/figcaption><\/figure>\n\n\n\n<h2 class=\"wp-block-heading\"><span class=\"ez-toc-section\" id=\"Corte_de_cabelo_masculino_Eboy_Hairstyle\"><\/span>Taglio di capelli da uomo Eboy Hairstyle<span class=\"ez-toc-section-end\"><\/span><\/h2>\n\n\n\n<p>O <strong>Taglio di capelli da uomo Eboy Hairstyle<\/strong> dietro i riferimenti del famoso attore Leonardo di Capiro nel film Titanic, che \u00e8 un classico conosciuto dalla maggior parte della popolazione.<\/p>\n\n\n\n<figure class=\"wp-block-image size-full\"><img loading=\"lazy\" decoding=\"async\" width=\"760\" height=\"555\" src=\"https:\/\/danidrops.com.br\/wp-content\/uploads\/2022\/10\/37-Eboy-Hairstyle.jpg\" alt=\"Taglio di capelli da uomo Eboy Hairstyle\" class=\"wp-image-49304\" title=\"\" srcset=\"https:\/\/danidrops.com.br\/wp-content\/uploads\/2022\/10\/37-Eboy-Hairstyle.jpg 760w, https:\/\/danidrops.com.br\/wp-content\/uploads\/2022\/10\/37-Eboy-Hairstyle-300x219.jpg 300w, https:\/\/danidrops.com.br\/wp-content\/uploads\/2022\/10\/37-Eboy-Hairstyle-16x12.jpg 16w, https:\/\/danidrops.com.br\/wp-content\/uploads\/2022\/10\/37-Eboy-Hairstyle-150x110.jpg 150w\" sizes=\"auto, (max-width: 760px) 100vw, 760px\" \/><figcaption class=\"wp-element-caption\">Taglio di capelli da uomo Eboy Hairstyle<\/figcaption><\/figure>\n\n\n\n<p>I peli sulla sommit\u00e0 della testa sono mantenuti pi\u00f9 lunghi, divisi al centro e i lati e la parte posteriore della testa sono pi\u00f9 bassi. Questo taglio di capelli \u00e8 ideale per i capelli lisci ma pu\u00f2 essere visto su capelli mossi e ricci.<\/p>\n\n\n\n<figure class=\"wp-block-image size-full\"><img loading=\"lazy\" decoding=\"async\" width=\"760\" height=\"555\" src=\"https:\/\/danidrops.com.br\/wp-content\/uploads\/2022\/10\/36-Eboy-Hairstyle.jpg\" alt=\"Taglio di capelli da uomo Eboy Hairstyle\" class=\"wp-image-49303\" title=\"\" srcset=\"https:\/\/danidrops.com.br\/wp-content\/uploads\/2022\/10\/36-Eboy-Hairstyle.jpg 760w, https:\/\/danidrops.com.br\/wp-content\/uploads\/2022\/10\/36-Eboy-Hairstyle-300x219.jpg 300w, https:\/\/danidrops.com.br\/wp-content\/uploads\/2022\/10\/36-Eboy-Hairstyle-16x12.jpg 16w, https:\/\/danidrops.com.br\/wp-content\/uploads\/2022\/10\/36-Eboy-Hairstyle-150x110.jpg 150w\" sizes=\"auto, (max-width: 760px) 100vw, 760px\" \/><figcaption class=\"wp-element-caption\">Taglio di capelli da uomo Eboy Hairstyle<\/figcaption><\/figure>\n\n\n\n<h2 class=\"wp-block-heading\"><span class=\"ez-toc-section\" id=\"Corte_de_cabelo_masculino_Black_Power\"><\/span>Taglio di capelli Black Power per uomo<span class=\"ez-toc-section-end\"><\/span><\/h2>\n\n\n\n<p>O <strong><a href=\"https:\/\/danidrops.com.br\/it\/cabelo-black-power-2023\/\" data-type=\"URL\" data-id=\"https:\/\/danidrops.com.br\/cabelo-black-power-2023\/\">taglio di capelli nero<\/a><\/strong> si pu\u00f2 fare su capelli medi e lunghi e tutto dipende dalle preferenze di ogni uomo. Questo taglio viene tradizionalmente eseguito su capelli ricci e ricci e garantisce un look molto moderno e audace.<\/p>\n\n\n\n<figure class=\"wp-block-image size-full\"><img loading=\"lazy\" decoding=\"async\" width=\"760\" height=\"555\" src=\"https:\/\/danidrops.com.br\/wp-content\/uploads\/2022\/10\/38-Black-Power.jpg\" alt=\"Taglio di capelli Black Power per uomo\" class=\"wp-image-49232\" title=\"\" srcset=\"https:\/\/danidrops.com.br\/wp-content\/uploads\/2022\/10\/38-Black-Power.jpg 760w, https:\/\/danidrops.com.br\/wp-content\/uploads\/2022\/10\/38-Black-Power-300x219.jpg 300w, https:\/\/danidrops.com.br\/wp-content\/uploads\/2022\/10\/38-Black-Power-16x12.jpg 16w, https:\/\/danidrops.com.br\/wp-content\/uploads\/2022\/10\/38-Black-Power-150x110.jpg 150w\" sizes=\"auto, (max-width: 760px) 100vw, 760px\" \/><figcaption class=\"wp-element-caption\">Taglio di capelli Black Power per uomo<\/figcaption><\/figure>\n\n\n\n<figure class=\"wp-block-image size-full\"><img loading=\"lazy\" decoding=\"async\" width=\"760\" height=\"555\" src=\"https:\/\/danidrops.com.br\/wp-content\/uploads\/2022\/10\/39-Black-Power.jpg\" alt=\"Taglio di capelli Black Power per uomo\" class=\"wp-image-49233\" title=\"\" srcset=\"https:\/\/danidrops.com.br\/wp-content\/uploads\/2022\/10\/39-Black-Power.jpg 760w, https:\/\/danidrops.com.br\/wp-content\/uploads\/2022\/10\/39-Black-Power-300x219.jpg 300w, https:\/\/danidrops.com.br\/wp-content\/uploads\/2022\/10\/39-Black-Power-16x12.jpg 16w, https:\/\/danidrops.com.br\/wp-content\/uploads\/2022\/10\/39-Black-Power-150x110.jpg 150w\" sizes=\"auto, (max-width: 760px) 100vw, 760px\" \/><figcaption class=\"wp-element-caption\">Taglio di capelli Black Power per uomo<\/figcaption><\/figure>\n\n\n\n<h2 class=\"wp-block-heading\"><span class=\"ez-toc-section\" id=\"Cabelo_masculino_cacheado\"><\/span>capelli ricci maschili<span class=\"ez-toc-section-end\"><\/span><\/h2>\n\n\n\n<p>Voi <strong><a href=\"https:\/\/danidrops.com.br\/it\/taglio-di-capelli-ricci-da-uomo\/\" data-type=\"URL\" data-id=\"https:\/\/danidrops.com.br\/corte-de-cabelo-cacheado-masculino\/\">capelli ricci maschili <\/a><\/strong>\u00e8 tornato con tutto e promette di essere un trend forte tra i tagli capelli uomo 2023.<\/p>\n\n\n\n<figure class=\"wp-block-image size-full\"><img loading=\"lazy\" decoding=\"async\" width=\"760\" height=\"555\" src=\"https:\/\/danidrops.com.br\/wp-content\/uploads\/2022\/10\/41-Cabelo-masculino-cacheado.jpg\" alt=\"capelli ricci maschili\" class=\"wp-image-49235\" title=\"\" srcset=\"https:\/\/danidrops.com.br\/wp-content\/uploads\/2022\/10\/41-Cabelo-masculino-cacheado.jpg 760w, https:\/\/danidrops.com.br\/wp-content\/uploads\/2022\/10\/41-Cabelo-masculino-cacheado-300x219.jpg 300w, https:\/\/danidrops.com.br\/wp-content\/uploads\/2022\/10\/41-Cabelo-masculino-cacheado-16x12.jpg 16w, https:\/\/danidrops.com.br\/wp-content\/uploads\/2022\/10\/41-Cabelo-masculino-cacheado-150x110.jpg 150w\" sizes=\"auto, (max-width: 760px) 100vw, 760px\" \/><figcaption class=\"wp-element-caption\">capelli ricci maschili<\/figcaption><\/figure>\n\n\n\n<p>Possono essere visti in tagli corti, medi e lunghi a seconda delle preferenze personali di ciascuno. In generale, i capelli ricci hanno bisogno di pi\u00f9 cure per rimanere idratati, nutriti e rivitalizzati, poich\u00e9 la curvatura naturale dei capelli impedisce all&#039;olio del cuoio capelluto di raggiungere le punte.<\/p>\n\n\n\n<figure class=\"wp-block-image size-full\"><img loading=\"lazy\" decoding=\"async\" width=\"760\" height=\"555\" src=\"https:\/\/danidrops.com.br\/wp-content\/uploads\/2022\/10\/40-Cabelo-masculino-cacheado.jpg\" alt=\"capelli ricci maschili\" class=\"wp-image-49234\" title=\"\" srcset=\"https:\/\/danidrops.com.br\/wp-content\/uploads\/2022\/10\/40-Cabelo-masculino-cacheado.jpg 760w, https:\/\/danidrops.com.br\/wp-content\/uploads\/2022\/10\/40-Cabelo-masculino-cacheado-300x219.jpg 300w, https:\/\/danidrops.com.br\/wp-content\/uploads\/2022\/10\/40-Cabelo-masculino-cacheado-16x12.jpg 16w, https:\/\/danidrops.com.br\/wp-content\/uploads\/2022\/10\/40-Cabelo-masculino-cacheado-150x110.jpg 150w\" sizes=\"auto, (max-width: 760px) 100vw, 760px\" \/><figcaption class=\"wp-element-caption\">capelli ricci maschili<\/figcaption><\/figure>\n\n\n\n<h2 class=\"wp-block-heading\"><span class=\"ez-toc-section\" id=\"Cabelo_masculino_crespo\"><\/span>capelli maschili ricci<span class=\"ez-toc-section-end\"><\/span><\/h2>\n\n\n\n<p>Voi <strong><a href=\"https:\/\/danidrops.com.br\/it\/tendenza-taglio-capelli-ricci-uomo\/\" data-type=\"URL\" data-id=\"https:\/\/danidrops.com.br\/tendencia-de-corte-de-cabelo-crespo-masculino\/\">capelli maschili ricci<\/a><\/strong> ha anche guadagnato grande risalto nella variet\u00e0 di stili di tagli disponibili.<\/p>\n\n\n\n<figure class=\"wp-block-image size-full\"><img loading=\"lazy\" decoding=\"async\" width=\"760\" height=\"555\" src=\"https:\/\/danidrops.com.br\/wp-content\/uploads\/2022\/10\/43-Cabelo-masculino-crespo.jpg\" alt=\"capelli maschili ricci\" class=\"wp-image-49237\" title=\"\" srcset=\"https:\/\/danidrops.com.br\/wp-content\/uploads\/2022\/10\/43-Cabelo-masculino-crespo.jpg 760w, https:\/\/danidrops.com.br\/wp-content\/uploads\/2022\/10\/43-Cabelo-masculino-crespo-300x219.jpg 300w, https:\/\/danidrops.com.br\/wp-content\/uploads\/2022\/10\/43-Cabelo-masculino-crespo-16x12.jpg 16w, https:\/\/danidrops.com.br\/wp-content\/uploads\/2022\/10\/43-Cabelo-masculino-crespo-150x110.jpg 150w\" sizes=\"auto, (max-width: 760px) 100vw, 760px\" \/><figcaption class=\"wp-element-caption\">capelli maschili ricci<\/figcaption><\/figure>\n\n\n\n<p>Attualmente ci sono diversi tipi di tagli, ovvero ci sono modelli dal pi\u00f9 corto al pi\u00f9 lungo e pi\u00f9 audace.<\/p>\n\n\n\n<figure class=\"wp-block-image size-full\"><img loading=\"lazy\" decoding=\"async\" width=\"760\" height=\"555\" src=\"https:\/\/danidrops.com.br\/wp-content\/uploads\/2022\/10\/42-Cabelo-masculino-crespo.jpg\" alt=\"capelli maschili ricci\" class=\"wp-image-49236\" title=\"\" srcset=\"https:\/\/danidrops.com.br\/wp-content\/uploads\/2022\/10\/42-Cabelo-masculino-crespo.jpg 760w, https:\/\/danidrops.com.br\/wp-content\/uploads\/2022\/10\/42-Cabelo-masculino-crespo-300x219.jpg 300w, https:\/\/danidrops.com.br\/wp-content\/uploads\/2022\/10\/42-Cabelo-masculino-crespo-16x12.jpg 16w, https:\/\/danidrops.com.br\/wp-content\/uploads\/2022\/10\/42-Cabelo-masculino-crespo-150x110.jpg 150w\" sizes=\"auto, (max-width: 760px) 100vw, 760px\" \/><figcaption class=\"wp-element-caption\">capelli maschili ricci<\/figcaption><\/figure>\n\n\n\n<p>Un grande classico dei capelli ricci sono i tagli Black Power e quelli corti con i disegni sulle lettere.<\/p>\n\n\n\n<h2 class=\"wp-block-heading\"><span class=\"ez-toc-section\" id=\"Cabelo_de_cabelo_masculino_liso\"><\/span>capelli lisci maschili<span class=\"ez-toc-section-end\"><\/span><\/h2>\n\n\n\n<p>L&#039;infinito di <strong>tagli di capelli lisci per gli uomini<\/strong> \u00e8 enorme e puoi scegliere i modelli che meglio si adattano alla tua personalit\u00e0 e alla forma del tuo viso.<\/p>\n\n\n\n<figure class=\"wp-block-image size-full\"><img loading=\"lazy\" decoding=\"async\" width=\"760\" height=\"555\" src=\"https:\/\/danidrops.com.br\/wp-content\/uploads\/2022\/10\/45-Cabelo-masculino-liso.jpg\" alt=\"capelli lisci maschili\" class=\"wp-image-49239\" title=\"\" srcset=\"https:\/\/danidrops.com.br\/wp-content\/uploads\/2022\/10\/45-Cabelo-masculino-liso.jpg 760w, https:\/\/danidrops.com.br\/wp-content\/uploads\/2022\/10\/45-Cabelo-masculino-liso-300x219.jpg 300w, https:\/\/danidrops.com.br\/wp-content\/uploads\/2022\/10\/45-Cabelo-masculino-liso-16x12.jpg 16w, https:\/\/danidrops.com.br\/wp-content\/uploads\/2022\/10\/45-Cabelo-masculino-liso-150x110.jpg 150w\" sizes=\"auto, (max-width: 760px) 100vw, 760px\" \/><figcaption class=\"wp-element-caption\">capelli lisci maschili<\/figcaption><\/figure>\n\n\n\n<p>Questo tipo di capello pu\u00f2 essere rifinito in modo spogliato e disordinato o con ciocche estremamente ordinate, facendo uso di finiture di tipo pomata e gel.<\/p>\n\n\n\n<figure class=\"wp-block-image size-full\"><img loading=\"lazy\" decoding=\"async\" width=\"760\" height=\"555\" src=\"https:\/\/danidrops.com.br\/wp-content\/uploads\/2022\/10\/44-Cabelo-masculino-liso.jpg\" alt=\"capelli lisci maschili\" class=\"wp-image-49238\" title=\"\" srcset=\"https:\/\/danidrops.com.br\/wp-content\/uploads\/2022\/10\/44-Cabelo-masculino-liso.jpg 760w, https:\/\/danidrops.com.br\/wp-content\/uploads\/2022\/10\/44-Cabelo-masculino-liso-300x219.jpg 300w, https:\/\/danidrops.com.br\/wp-content\/uploads\/2022\/10\/44-Cabelo-masculino-liso-16x12.jpg 16w, https:\/\/danidrops.com.br\/wp-content\/uploads\/2022\/10\/44-Cabelo-masculino-liso-150x110.jpg 150w\" sizes=\"auto, (max-width: 760px) 100vw, 760px\" \/><figcaption class=\"wp-element-caption\">capelli lisci maschili<\/figcaption><\/figure>\n\n\n\n<h2 class=\"wp-block-heading\"><span class=\"ez-toc-section\" id=\"Cabelo_masculino_raspado\"><\/span>capelli maschili rasati<span class=\"ez-toc-section-end\"><\/span><\/h2>\n\n\n\n<p>O <strong>taglio di capelli da uomo rasato<\/strong> ha anche guadagnato grande fama negli ultimi tempi, soprattutto per gli uomini che vogliono praticit\u00e0 nella vita di tutti i giorni.<\/p>\n\n\n\n<figure class=\"wp-block-image size-full\"><img loading=\"lazy\" decoding=\"async\" width=\"760\" height=\"555\" src=\"https:\/\/danidrops.com.br\/wp-content\/uploads\/2022\/10\/47-Cabelo-masculino-raspado.jpg\" alt=\"capelli maschili rasati\" class=\"wp-image-49241\" title=\"\" srcset=\"https:\/\/danidrops.com.br\/wp-content\/uploads\/2022\/10\/47-Cabelo-masculino-raspado.jpg 760w, https:\/\/danidrops.com.br\/wp-content\/uploads\/2022\/10\/47-Cabelo-masculino-raspado-300x219.jpg 300w, https:\/\/danidrops.com.br\/wp-content\/uploads\/2022\/10\/47-Cabelo-masculino-raspado-16x12.jpg 16w, https:\/\/danidrops.com.br\/wp-content\/uploads\/2022\/10\/47-Cabelo-masculino-raspado-150x110.jpg 150w\" sizes=\"auto, (max-width: 760px) 100vw, 760px\" \/><figcaption class=\"wp-element-caption\">capelli maschili rasati<\/figcaption><\/figure>\n\n\n\n<p>Questi tagli possono essere interamente rasati o tagliati estremamente in basso. Possono anche essere associati a disegni sui lati e contrasti di lunghezza.<\/p>\n\n\n\n<figure class=\"wp-block-image size-full\"><img loading=\"lazy\" decoding=\"async\" width=\"760\" height=\"555\" src=\"https:\/\/danidrops.com.br\/wp-content\/uploads\/2022\/10\/46-Cabelo-masculino-raspado.jpg\" alt=\"capelli maschili rasati\" class=\"wp-image-49240\" title=\"\" srcset=\"https:\/\/danidrops.com.br\/wp-content\/uploads\/2022\/10\/46-Cabelo-masculino-raspado.jpg 760w, https:\/\/danidrops.com.br\/wp-content\/uploads\/2022\/10\/46-Cabelo-masculino-raspado-300x219.jpg 300w, https:\/\/danidrops.com.br\/wp-content\/uploads\/2022\/10\/46-Cabelo-masculino-raspado-16x12.jpg 16w, https:\/\/danidrops.com.br\/wp-content\/uploads\/2022\/10\/46-Cabelo-masculino-raspado-150x110.jpg 150w\" sizes=\"auto, (max-width: 760px) 100vw, 760px\" \/><figcaption class=\"wp-element-caption\">capelli maschili rasati<\/figcaption><\/figure>\n\n\n\n<h2 class=\"wp-block-heading\"><span class=\"ez-toc-section\" id=\"Cabelo_masculino_com_luzes\"><\/span>Capelli da uomo con riflessi<span class=\"ez-toc-section-end\"><\/span><\/h2>\n\n\n\n<p>In<strong> luci nei capelli degli uomini  <\/strong>sono molto usati per chi vuole illuminare il look. Gli uomini sono sempre pi\u00f9 abili in questo stile di illuminazione e scommettono sempre pi\u00f9 su questo look.<\/p>\n\n\n\n<p>Possono essere eseguiti in modo discreto o con molto contrasto a seconda delle preferenze personali di ogni uomo.<\/p>\n\n\n\n<figure class=\"wp-block-image size-full\"><img loading=\"lazy\" decoding=\"async\" width=\"760\" height=\"555\" src=\"https:\/\/danidrops.com.br\/wp-content\/uploads\/2022\/10\/49-Cabelo-masculino-com-luzes.jpg\" alt=\"Capelli da uomo con riflessi\" class=\"wp-image-49243\" title=\"\" srcset=\"https:\/\/danidrops.com.br\/wp-content\/uploads\/2022\/10\/49-Cabelo-masculino-com-luzes.jpg 760w, https:\/\/danidrops.com.br\/wp-content\/uploads\/2022\/10\/49-Cabelo-masculino-com-luzes-300x219.jpg 300w, https:\/\/danidrops.com.br\/wp-content\/uploads\/2022\/10\/49-Cabelo-masculino-com-luzes-16x12.jpg 16w, https:\/\/danidrops.com.br\/wp-content\/uploads\/2022\/10\/49-Cabelo-masculino-com-luzes-150x110.jpg 150w\" sizes=\"auto, (max-width: 760px) 100vw, 760px\" \/><figcaption class=\"wp-element-caption\">Capelli da uomo con riflessi<\/figcaption><\/figure>\n\n\n\n<figure class=\"wp-block-image size-full\"><img loading=\"lazy\" decoding=\"async\" width=\"760\" height=\"555\" src=\"https:\/\/danidrops.com.br\/wp-content\/uploads\/2022\/10\/48-Cabelo-masculino-com-luzes.jpg\" alt=\"Capelli da uomo con riflessi\" class=\"wp-image-49242\" title=\"\" srcset=\"https:\/\/danidrops.com.br\/wp-content\/uploads\/2022\/10\/48-Cabelo-masculino-com-luzes.jpg 760w, https:\/\/danidrops.com.br\/wp-content\/uploads\/2022\/10\/48-Cabelo-masculino-com-luzes-300x219.jpg 300w, https:\/\/danidrops.com.br\/wp-content\/uploads\/2022\/10\/48-Cabelo-masculino-com-luzes-16x12.jpg 16w, https:\/\/danidrops.com.br\/wp-content\/uploads\/2022\/10\/48-Cabelo-masculino-com-luzes-150x110.jpg 150w\" sizes=\"auto, (max-width: 760px) 100vw, 760px\" \/><figcaption class=\"wp-element-caption\">Capelli da uomo con riflessi<\/figcaption><\/figure>\n\n\n\n<h2 class=\"wp-block-heading\"><span class=\"ez-toc-section\" id=\"Cabelo_masculino_ondulado\"><\/span>capelli maschili mossi<span class=\"ez-toc-section-end\"><\/span><\/h2>\n\n\n\n<p>O <strong>capelli maschili mossi<\/strong> Inoltre \u00e8 molto versatile e si abbina a diversi tipi di tagli, da quelli corti a quelli lunghi.<\/p>\n\n\n\n<figure class=\"wp-block-image size-full\"><img loading=\"lazy\" decoding=\"async\" width=\"760\" height=\"555\" src=\"https:\/\/danidrops.com.br\/wp-content\/uploads\/2022\/10\/51-Cabelo-masculino-ondulado.jpg\" alt=\"capelli maschili mossi\" class=\"wp-image-49245\" title=\"\" srcset=\"https:\/\/danidrops.com.br\/wp-content\/uploads\/2022\/10\/51-Cabelo-masculino-ondulado.jpg 760w, https:\/\/danidrops.com.br\/wp-content\/uploads\/2022\/10\/51-Cabelo-masculino-ondulado-300x219.jpg 300w, https:\/\/danidrops.com.br\/wp-content\/uploads\/2022\/10\/51-Cabelo-masculino-ondulado-16x12.jpg 16w, https:\/\/danidrops.com.br\/wp-content\/uploads\/2022\/10\/51-Cabelo-masculino-ondulado-150x110.jpg 150w\" sizes=\"auto, (max-width: 760px) 100vw, 760px\" \/><figcaption class=\"wp-element-caption\">capelli maschili mossi<\/figcaption><\/figure>\n\n\n\n<p>Hanno un movimento e un volume meravigliosi e possono essere combinati con molte acconciature e finiture diverse.<\/p>\n\n\n\n<figure class=\"wp-block-image size-full\"><img loading=\"lazy\" decoding=\"async\" width=\"760\" height=\"555\" src=\"https:\/\/danidrops.com.br\/wp-content\/uploads\/2022\/10\/50-Cabelo-masculino-ondulado.jpg\" alt=\"capelli maschili mossi\" class=\"wp-image-49244\" title=\"\" srcset=\"https:\/\/danidrops.com.br\/wp-content\/uploads\/2022\/10\/50-Cabelo-masculino-ondulado.jpg 760w, https:\/\/danidrops.com.br\/wp-content\/uploads\/2022\/10\/50-Cabelo-masculino-ondulado-300x219.jpg 300w, https:\/\/danidrops.com.br\/wp-content\/uploads\/2022\/10\/50-Cabelo-masculino-ondulado-16x12.jpg 16w, https:\/\/danidrops.com.br\/wp-content\/uploads\/2022\/10\/50-Cabelo-masculino-ondulado-150x110.jpg 150w\" sizes=\"auto, (max-width: 760px) 100vw, 760px\" \/><figcaption class=\"wp-element-caption\">capelli maschili mossi<\/figcaption><\/figure>\n\n\n\n<h2 class=\"wp-block-heading\"><span class=\"ez-toc-section\" id=\"Cabelo_masculino_com_letra\"><\/span>capelli maschili con lettera<span class=\"ez-toc-section-end\"><\/span><\/h2>\n\n\n\n<p>I disegni sui lati rasati sono sempre pi\u00f9 popolari nei tagli di capelli maschili 2023. Oltre ai disegni e ai rischi, anche le lettere sono ampiamente utilizzate e possono avere significati diversi a seconda di ogni persona.<\/p>\n\n\n\n<figure class=\"wp-block-image size-full\"><img loading=\"lazy\" decoding=\"async\" width=\"760\" height=\"555\" src=\"https:\/\/danidrops.com.br\/wp-content\/uploads\/2022\/10\/53-Cabelo-masculino-com-letra.jpg\" alt=\"capelli maschili con lettera\" class=\"wp-image-49247\" title=\"\" srcset=\"https:\/\/danidrops.com.br\/wp-content\/uploads\/2022\/10\/53-Cabelo-masculino-com-letra.jpg 760w, https:\/\/danidrops.com.br\/wp-content\/uploads\/2022\/10\/53-Cabelo-masculino-com-letra-300x219.jpg 300w, https:\/\/danidrops.com.br\/wp-content\/uploads\/2022\/10\/53-Cabelo-masculino-com-letra-16x12.jpg 16w, https:\/\/danidrops.com.br\/wp-content\/uploads\/2022\/10\/53-Cabelo-masculino-com-letra-150x110.jpg 150w\" sizes=\"auto, (max-width: 760px) 100vw, 760px\" \/><figcaption class=\"wp-element-caption\">capelli maschili con lettera<\/figcaption><\/figure>\n\n\n\n<figure class=\"wp-block-image size-full\"><img loading=\"lazy\" decoding=\"async\" width=\"760\" height=\"555\" src=\"https:\/\/danidrops.com.br\/wp-content\/uploads\/2022\/10\/52-Cabelo-masculino-com-letra.jpg\" alt=\"capelli maschili con lettera\" class=\"wp-image-49246\" title=\"\" srcset=\"https:\/\/danidrops.com.br\/wp-content\/uploads\/2022\/10\/52-Cabelo-masculino-com-letra.jpg 760w, https:\/\/danidrops.com.br\/wp-content\/uploads\/2022\/10\/52-Cabelo-masculino-com-letra-300x219.jpg 300w, https:\/\/danidrops.com.br\/wp-content\/uploads\/2022\/10\/52-Cabelo-masculino-com-letra-16x12.jpg 16w, https:\/\/danidrops.com.br\/wp-content\/uploads\/2022\/10\/52-Cabelo-masculino-com-letra-150x110.jpg 150w\" sizes=\"auto, (max-width: 760px) 100vw, 760px\" \/><figcaption class=\"wp-element-caption\">capelli maschili con lettera<\/figcaption><\/figure>\n\n\n\n<h2 class=\"wp-block-heading\"><span class=\"ez-toc-section\" id=\"Cabelo_masculino_com_listra\"><\/span>Capelli da uomo a righe<span class=\"ez-toc-section-end\"><\/span><\/h2>\n\n\n\n<p>Come accennato in precedenza, il<strong> strisce nei tagli di capelli degli uomini <\/strong>sono spesso usati nei tagli di capelli in cui i lati e la parte posteriore del collo sono tenuti rasati o estremamente bassi. I graffi possono essere lineari o con irregolarit\u00e0 che conferiscono un aspetto audace e moderno.<\/p>\n\n\n\n<figure class=\"wp-block-image size-full\"><img loading=\"lazy\" decoding=\"async\" width=\"760\" height=\"555\" src=\"https:\/\/danidrops.com.br\/wp-content\/uploads\/2022\/10\/55-Cabelo-masculino-com-listra.jpg\" alt=\"Capelli da uomo a righe\" class=\"wp-image-49249\" title=\"\" srcset=\"https:\/\/danidrops.com.br\/wp-content\/uploads\/2022\/10\/55-Cabelo-masculino-com-listra.jpg 760w, https:\/\/danidrops.com.br\/wp-content\/uploads\/2022\/10\/55-Cabelo-masculino-com-listra-300x219.jpg 300w, https:\/\/danidrops.com.br\/wp-content\/uploads\/2022\/10\/55-Cabelo-masculino-com-listra-16x12.jpg 16w, https:\/\/danidrops.com.br\/wp-content\/uploads\/2022\/10\/55-Cabelo-masculino-com-listra-150x110.jpg 150w\" sizes=\"auto, (max-width: 760px) 100vw, 760px\" \/><figcaption class=\"wp-element-caption\">Capelli da uomo a righe<\/figcaption><\/figure>\n\n\n\n<figure class=\"wp-block-image size-full\"><img loading=\"lazy\" decoding=\"async\" width=\"760\" height=\"555\" src=\"https:\/\/danidrops.com.br\/wp-content\/uploads\/2022\/10\/54-Cabelo-masculino-com-listra.jpg\" alt=\"Capelli da uomo a righe\" class=\"wp-image-49248\" title=\"\" srcset=\"https:\/\/danidrops.com.br\/wp-content\/uploads\/2022\/10\/54-Cabelo-masculino-com-listra.jpg 760w, https:\/\/danidrops.com.br\/wp-content\/uploads\/2022\/10\/54-Cabelo-masculino-com-listra-300x219.jpg 300w, https:\/\/danidrops.com.br\/wp-content\/uploads\/2022\/10\/54-Cabelo-masculino-com-listra-16x12.jpg 16w, https:\/\/danidrops.com.br\/wp-content\/uploads\/2022\/10\/54-Cabelo-masculino-com-listra-150x110.jpg 150w\" sizes=\"auto, (max-width: 760px) 100vw, 760px\" \/><figcaption class=\"wp-element-caption\">Capelli da uomo a righe<\/figcaption><\/figure>\n\n\n\n<h2 class=\"wp-block-heading\"><span class=\"ez-toc-section\" id=\"Cabelo_masculino_americano\"><\/span>capelli maschili americani<span class=\"ez-toc-section-end\"><\/span><\/h2>\n\n\n\n<p>O <strong>Taglio di capelli uomo 2023 in stile americano<\/strong> nient&#039;altro che quel modello dove i lati sono bassi e la parte superiore della testa \u00e8 tenuta con le ciocche pi\u00f9 lunghe, formando un bellissimo ciuffo.<\/p>\n\n\n\n<figure class=\"wp-block-image size-full\"><img loading=\"lazy\" decoding=\"async\" width=\"760\" height=\"555\" src=\"https:\/\/danidrops.com.br\/wp-content\/uploads\/2022\/10\/57-Cabelo-masculino-americano.jpg\" alt=\"capelli maschili americani\" class=\"wp-image-49251\" title=\"\" srcset=\"https:\/\/danidrops.com.br\/wp-content\/uploads\/2022\/10\/57-Cabelo-masculino-americano.jpg 760w, https:\/\/danidrops.com.br\/wp-content\/uploads\/2022\/10\/57-Cabelo-masculino-americano-300x219.jpg 300w, https:\/\/danidrops.com.br\/wp-content\/uploads\/2022\/10\/57-Cabelo-masculino-americano-16x12.jpg 16w, https:\/\/danidrops.com.br\/wp-content\/uploads\/2022\/10\/57-Cabelo-masculino-americano-150x110.jpg 150w\" sizes=\"auto, (max-width: 760px) 100vw, 760px\" \/><figcaption class=\"wp-element-caption\">capelli maschili americani<\/figcaption><\/figure>\n\n\n\n<p>Nonostante ci\u00f2, ci sono tre tipi di taglio americano che sono il Low American o Low Fade che ha una sfumatura sottile ed \u00e8 pi\u00f9 corto, il Medium American o Midi Fade che ha un contrasto leggermente maggiore nel gradiente e il High American o High Fade che ha una pendenza molto marcata ed evidente.<\/p>\n\n\n\n<figure class=\"wp-block-image size-full\"><img loading=\"lazy\" decoding=\"async\" width=\"760\" height=\"555\" src=\"https:\/\/danidrops.com.br\/wp-content\/uploads\/2022\/10\/56-Cabelo-masculino-americano.jpg\" alt=\"capelli maschili americani\" class=\"wp-image-49250\" title=\"\" srcset=\"https:\/\/danidrops.com.br\/wp-content\/uploads\/2022\/10\/56-Cabelo-masculino-americano.jpg 760w, https:\/\/danidrops.com.br\/wp-content\/uploads\/2022\/10\/56-Cabelo-masculino-americano-300x219.jpg 300w, https:\/\/danidrops.com.br\/wp-content\/uploads\/2022\/10\/56-Cabelo-masculino-americano-16x12.jpg 16w, https:\/\/danidrops.com.br\/wp-content\/uploads\/2022\/10\/56-Cabelo-masculino-americano-150x110.jpg 150w\" sizes=\"auto, (max-width: 760px) 100vw, 760px\" \/><figcaption class=\"wp-element-caption\">capelli maschili americani<\/figcaption><\/figure>\n\n\n\n<h2 class=\"wp-block-heading\"><span class=\"ez-toc-section\" id=\"Cabelo_masculino_degrade\"><\/span>capelli maschili sfumati<span class=\"ez-toc-section-end\"><\/span><\/h2>\n\n\n\n<p>O <strong>Taglio di capelli uomo 2023 sfumato<\/strong> \u00e8 il pi\u00f9 comune tra gli uomini e consiste nel mantenere la regione inferiore del collo con le ciocche basse e aumentare gradualmente fino a raggiungere la sommit\u00e0 della testa.<\/p>\n\n\n\n<figure class=\"wp-block-image size-full\"><img loading=\"lazy\" decoding=\"async\" width=\"760\" height=\"555\" src=\"https:\/\/danidrops.com.br\/wp-content\/uploads\/2022\/10\/59-Cabelo-masculino-degrade.jpg\" alt=\"degradare i capelli maschili\" class=\"wp-image-49253\" title=\"\" srcset=\"https:\/\/danidrops.com.br\/wp-content\/uploads\/2022\/10\/59-Cabelo-masculino-degrade.jpg 760w, https:\/\/danidrops.com.br\/wp-content\/uploads\/2022\/10\/59-Cabelo-masculino-degrade-300x219.jpg 300w, https:\/\/danidrops.com.br\/wp-content\/uploads\/2022\/10\/59-Cabelo-masculino-degrade-16x12.jpg 16w, https:\/\/danidrops.com.br\/wp-content\/uploads\/2022\/10\/59-Cabelo-masculino-degrade-150x110.jpg 150w\" sizes=\"auto, (max-width: 760px) 100vw, 760px\" \/><figcaption class=\"wp-element-caption\">degradare i capelli maschili<\/figcaption><\/figure>\n\n\n\n<figure class=\"wp-block-image size-full\"><img loading=\"lazy\" decoding=\"async\" width=\"760\" height=\"555\" src=\"https:\/\/danidrops.com.br\/wp-content\/uploads\/2022\/10\/58-Cabelo-masculino-degrade.jpg\" alt=\"degradare i capelli maschili\" class=\"wp-image-49252\" title=\"\" srcset=\"https:\/\/danidrops.com.br\/wp-content\/uploads\/2022\/10\/58-Cabelo-masculino-degrade.jpg 760w, https:\/\/danidrops.com.br\/wp-content\/uploads\/2022\/10\/58-Cabelo-masculino-degrade-300x219.jpg 300w, https:\/\/danidrops.com.br\/wp-content\/uploads\/2022\/10\/58-Cabelo-masculino-degrade-16x12.jpg 16w, https:\/\/danidrops.com.br\/wp-content\/uploads\/2022\/10\/58-Cabelo-masculino-degrade-150x110.jpg 150w\" sizes=\"auto, (max-width: 760px) 100vw, 760px\" \/><figcaption class=\"wp-element-caption\">degradare i capelli maschili<\/figcaption><\/figure>\n\n\n\n<h2 class=\"wp-block-heading\"><span class=\"ez-toc-section\" id=\"Cabelo_masculino_pintado\"><\/span>capelli maschili tinti<span class=\"ez-toc-section-end\"><\/span><\/h2>\n\n\n\n<p><strong>tingere i capelli degli uomini<\/strong> \u00c8 anche un ottimo modo per cambiare il look e puoi scegliere i colori e le combinazioni che preferisci per stravolgere il look. Oltre ai colori tradizionali, puoi anche optare per colori fantasia pi\u00f9 audaci e ugualmente belli.<\/p>\n\n\n\n<figure class=\"wp-block-image size-full\"><img loading=\"lazy\" decoding=\"async\" width=\"760\" height=\"555\" src=\"https:\/\/danidrops.com.br\/wp-content\/uploads\/2022\/10\/61-Cabelo-masculino-pintado.jpg\" alt=\"capelli maschili tinti\" class=\"wp-image-49255\" title=\"\" srcset=\"https:\/\/danidrops.com.br\/wp-content\/uploads\/2022\/10\/61-Cabelo-masculino-pintado.jpg 760w, https:\/\/danidrops.com.br\/wp-content\/uploads\/2022\/10\/61-Cabelo-masculino-pintado-300x219.jpg 300w, https:\/\/danidrops.com.br\/wp-content\/uploads\/2022\/10\/61-Cabelo-masculino-pintado-16x12.jpg 16w, https:\/\/danidrops.com.br\/wp-content\/uploads\/2022\/10\/61-Cabelo-masculino-pintado-150x110.jpg 150w\" sizes=\"auto, (max-width: 760px) 100vw, 760px\" \/><figcaption class=\"wp-element-caption\">capelli maschili tinti<\/figcaption><\/figure>\n\n\n\n<figure class=\"wp-block-image size-full\"><img loading=\"lazy\" decoding=\"async\" width=\"760\" height=\"555\" src=\"https:\/\/danidrops.com.br\/wp-content\/uploads\/2022\/10\/60-Cabelo-masculino-pintado.jpg\" alt=\"capelli maschili tinti\" class=\"wp-image-49254\" title=\"\" srcset=\"https:\/\/danidrops.com.br\/wp-content\/uploads\/2022\/10\/60-Cabelo-masculino-pintado.jpg 760w, https:\/\/danidrops.com.br\/wp-content\/uploads\/2022\/10\/60-Cabelo-masculino-pintado-300x219.jpg 300w, https:\/\/danidrops.com.br\/wp-content\/uploads\/2022\/10\/60-Cabelo-masculino-pintado-16x12.jpg 16w, https:\/\/danidrops.com.br\/wp-content\/uploads\/2022\/10\/60-Cabelo-masculino-pintado-150x110.jpg 150w\" sizes=\"auto, (max-width: 760px) 100vw, 760px\" \/><figcaption class=\"wp-element-caption\">capelli maschili tinti<\/figcaption><\/figure>\n\n\n\n<h2 class=\"wp-block-heading\"><span class=\"ez-toc-section\" id=\"Quais_as_cores_de_cabelos_masculinos_mais_usadas_em_2023\"><\/span>Quali sono i colori per capelli maschili pi\u00f9 popolari nel 2023?<span class=\"ez-toc-section-end\"><\/span><\/h2>\n\n\n\n<p>Come accennato, gli uomini sono sempre pi\u00f9 preoccupati per il loro aspetto e per questo motivo sono sempre alla ricerca di nuovi tagli di capelli.<\/p>\n\n\n\n<p>Associati ai tagli capelli uomo 2023, anche i colori delle ciocche possono essere cambiati in base alle preferenze e alla personalit\u00e0 di ogni individuo.<\/p>\n\n\n\n<p><strong>I colori pi\u00f9 utilizzati dagli uomini per tingere i capelli sono:<\/strong><\/p>\n\n\n\n<ul class=\"wp-block-list\">\n<li>Nero<\/li>\n\n\n\n<li>Marrone<\/li>\n\n\n\n<li>platino<\/li>\n\n\n\n<li>Bianco<\/li>\n\n\n\n<li>bionda<\/li>\n\n\n\n<li>Colorato<\/li>\n<\/ul>\n\n\n\n<h2 class=\"wp-block-heading\"><span class=\"ez-toc-section\" id=\"Preto\"><\/span>Nero<span class=\"ez-toc-section-end\"><\/span><\/h2>\n\n\n\n<p>Il nero \u00e8 un classico, quindi non aver paura di cambiare il tuo look. Con questa tonalit\u00e0 puoi osare in vari tipi di taglio. Vale anche la pena ricordare che ci sono alcune sfumature di nero che possono variare dal nero stesso a sfumature che hanno uno sfondo bluastro o rossastro.<\/p>\n\n\n\n<figure class=\"wp-block-image size-full\"><img loading=\"lazy\" decoding=\"async\" width=\"760\" height=\"555\" src=\"https:\/\/danidrops.com.br\/wp-content\/uploads\/2022\/10\/63-Preto.jpg\" alt=\"Nero\" class=\"wp-image-49257\" title=\"\" srcset=\"https:\/\/danidrops.com.br\/wp-content\/uploads\/2022\/10\/63-Preto.jpg 760w, https:\/\/danidrops.com.br\/wp-content\/uploads\/2022\/10\/63-Preto-300x219.jpg 300w, https:\/\/danidrops.com.br\/wp-content\/uploads\/2022\/10\/63-Preto-16x12.jpg 16w, https:\/\/danidrops.com.br\/wp-content\/uploads\/2022\/10\/63-Preto-150x110.jpg 150w\" sizes=\"auto, (max-width: 760px) 100vw, 760px\" \/><figcaption class=\"wp-element-caption\">Nero<\/figcaption><\/figure>\n\n\n\n<figure class=\"wp-block-image size-full\"><img loading=\"lazy\" decoding=\"async\" width=\"760\" height=\"555\" src=\"https:\/\/danidrops.com.br\/wp-content\/uploads\/2022\/10\/62-Preto.jpg\" alt=\"Nero\" class=\"wp-image-49256\" title=\"\" srcset=\"https:\/\/danidrops.com.br\/wp-content\/uploads\/2022\/10\/62-Preto.jpg 760w, https:\/\/danidrops.com.br\/wp-content\/uploads\/2022\/10\/62-Preto-300x219.jpg 300w, https:\/\/danidrops.com.br\/wp-content\/uploads\/2022\/10\/62-Preto-16x12.jpg 16w, https:\/\/danidrops.com.br\/wp-content\/uploads\/2022\/10\/62-Preto-150x110.jpg 150w\" sizes=\"auto, (max-width: 760px) 100vw, 760px\" \/><figcaption class=\"wp-element-caption\">Nero<\/figcaption><\/figure>\n\n\n\n<h2 class=\"wp-block-heading\"><span class=\"ez-toc-section\" id=\"Castanho\"><\/span>Marrone<span class=\"ez-toc-section-end\"><\/span><\/h2>\n\n\n\n<p>Anche i capelli castani sono un classico ed \u00e8 l&#039;ideale per chi desidera un colore neutro e intermedio tra il nero e il biondo. Attualmente ci sono molte sfumature di castano che vanno dal pi\u00f9 chiaro al pi\u00f9 scuro ed \u00e8 necessario scegliere quello che meglio si adatta al proprio stile, alla carnagione e al tipo di taglio di capelli.<\/p>\n\n\n\n<figure class=\"wp-block-image size-full\"><img loading=\"lazy\" decoding=\"async\" width=\"760\" height=\"555\" src=\"https:\/\/danidrops.com.br\/wp-content\/uploads\/2022\/10\/65-Castanho.jpg\" alt=\"Marrone\" class=\"wp-image-49259\" title=\"\" srcset=\"https:\/\/danidrops.com.br\/wp-content\/uploads\/2022\/10\/65-Castanho.jpg 760w, https:\/\/danidrops.com.br\/wp-content\/uploads\/2022\/10\/65-Castanho-300x219.jpg 300w, https:\/\/danidrops.com.br\/wp-content\/uploads\/2022\/10\/65-Castanho-16x12.jpg 16w, https:\/\/danidrops.com.br\/wp-content\/uploads\/2022\/10\/65-Castanho-150x110.jpg 150w\" sizes=\"auto, (max-width: 760px) 100vw, 760px\" \/><figcaption class=\"wp-element-caption\">Marrone<\/figcaption><\/figure>\n\n\n\n<figure class=\"wp-block-image size-full\"><img loading=\"lazy\" decoding=\"async\" width=\"760\" height=\"555\" src=\"https:\/\/danidrops.com.br\/wp-content\/uploads\/2022\/10\/64-Castanho.jpg\" alt=\"Marrone\" class=\"wp-image-49258\" title=\"\" srcset=\"https:\/\/danidrops.com.br\/wp-content\/uploads\/2022\/10\/64-Castanho.jpg 760w, https:\/\/danidrops.com.br\/wp-content\/uploads\/2022\/10\/64-Castanho-300x219.jpg 300w, https:\/\/danidrops.com.br\/wp-content\/uploads\/2022\/10\/64-Castanho-16x12.jpg 16w, https:\/\/danidrops.com.br\/wp-content\/uploads\/2022\/10\/64-Castanho-150x110.jpg 150w\" sizes=\"auto, (max-width: 760px) 100vw, 760px\" \/><figcaption class=\"wp-element-caption\">Marrone<\/figcaption><\/figure>\n\n\n\n<h2 class=\"wp-block-heading\"><span class=\"ez-toc-section\" id=\"Platinado\"><\/span>platino<span class=\"ez-toc-section-end\"><\/span><\/h2>\n\n\n\n<p>Il taglio di capelli da uomo 2023 associato al platino offre un look unico e molto moderno. Il tono platino \u00e8 la versione pi\u00f9 chiara del biondo e pu\u00f2 avere sfumature dorate o argentate.<\/p>\n\n\n\n<figure class=\"wp-block-image size-full\"><img loading=\"lazy\" decoding=\"async\" width=\"760\" height=\"555\" src=\"https:\/\/danidrops.com.br\/wp-content\/uploads\/2022\/10\/67-Platinado.jpg\" alt=\"platino\" class=\"wp-image-49261\" title=\"\" srcset=\"https:\/\/danidrops.com.br\/wp-content\/uploads\/2022\/10\/67-Platinado.jpg 760w, https:\/\/danidrops.com.br\/wp-content\/uploads\/2022\/10\/67-Platinado-300x219.jpg 300w, https:\/\/danidrops.com.br\/wp-content\/uploads\/2022\/10\/67-Platinado-16x12.jpg 16w, https:\/\/danidrops.com.br\/wp-content\/uploads\/2022\/10\/67-Platinado-150x110.jpg 150w\" sizes=\"auto, (max-width: 760px) 100vw, 760px\" \/><figcaption class=\"wp-element-caption\">platino<\/figcaption><\/figure>\n\n\n\n<figure class=\"wp-block-image size-full\"><img loading=\"lazy\" decoding=\"async\" width=\"760\" height=\"555\" src=\"https:\/\/danidrops.com.br\/wp-content\/uploads\/2022\/10\/66-Platinado.jpg\" alt=\"platino\" class=\"wp-image-49260\" title=\"\" srcset=\"https:\/\/danidrops.com.br\/wp-content\/uploads\/2022\/10\/66-Platinado.jpg 760w, https:\/\/danidrops.com.br\/wp-content\/uploads\/2022\/10\/66-Platinado-300x219.jpg 300w, https:\/\/danidrops.com.br\/wp-content\/uploads\/2022\/10\/66-Platinado-16x12.jpg 16w, https:\/\/danidrops.com.br\/wp-content\/uploads\/2022\/10\/66-Platinado-150x110.jpg 150w\" sizes=\"auto, (max-width: 760px) 100vw, 760px\" \/><figcaption class=\"wp-element-caption\">platino<\/figcaption><\/figure>\n\n\n\n<h2 class=\"wp-block-heading\"><span class=\"ez-toc-section\" id=\"Branco\"><\/span>Bianco<span class=\"ez-toc-section-end\"><\/span><\/h2>\n\n\n\n<p>I capelli bianchi possono essere facilmente confusi con il platino, ma ci sono differenze marcate tra le due tonalit\u00e0. Il bianco \u00e8 un colore difficile da ottenere e per questo motivo non \u00e8 molto comune trovarlo.<\/p>\n\n\n\n<figure class=\"wp-block-image size-full\"><img loading=\"lazy\" decoding=\"async\" width=\"760\" height=\"555\" src=\"https:\/\/danidrops.com.br\/wp-content\/uploads\/2022\/10\/69-Branco.jpg\" alt=\"Bianco\" class=\"wp-image-49263\" title=\"\" srcset=\"https:\/\/danidrops.com.br\/wp-content\/uploads\/2022\/10\/69-Branco.jpg 760w, https:\/\/danidrops.com.br\/wp-content\/uploads\/2022\/10\/69-Branco-300x219.jpg 300w, https:\/\/danidrops.com.br\/wp-content\/uploads\/2022\/10\/69-Branco-16x12.jpg 16w, https:\/\/danidrops.com.br\/wp-content\/uploads\/2022\/10\/69-Branco-150x110.jpg 150w\" sizes=\"auto, (max-width: 760px) 100vw, 760px\" \/><figcaption class=\"wp-element-caption\">Bianco<\/figcaption><\/figure>\n\n\n\n<figure class=\"wp-block-image size-full\"><img loading=\"lazy\" decoding=\"async\" width=\"760\" height=\"555\" src=\"https:\/\/danidrops.com.br\/wp-content\/uploads\/2022\/10\/68-Branco.jpg\" alt=\"Bianco\" class=\"wp-image-49262\" title=\"\" srcset=\"https:\/\/danidrops.com.br\/wp-content\/uploads\/2022\/10\/68-Branco.jpg 760w, https:\/\/danidrops.com.br\/wp-content\/uploads\/2022\/10\/68-Branco-300x219.jpg 300w, https:\/\/danidrops.com.br\/wp-content\/uploads\/2022\/10\/68-Branco-16x12.jpg 16w, https:\/\/danidrops.com.br\/wp-content\/uploads\/2022\/10\/68-Branco-150x110.jpg 150w\" sizes=\"auto, (max-width: 760px) 100vw, 760px\" \/><figcaption class=\"wp-element-caption\">Bianco<\/figcaption><\/figure>\n\n\n\n<h2 class=\"wp-block-heading\"><span class=\"ez-toc-section\" id=\"Loiro\"><\/span>bionda<span class=\"ez-toc-section-end\"><\/span><\/h2>\n\n\n\n<p>I capelli biondi sono anche un classico tra gli uomini in tutte le sue sfumature. Pu\u00f2 essere interamente biondo o avere dei riflessi e m\u00e8ches che schiariscono le ciocche.<\/p>\n\n\n\n<figure class=\"wp-block-image size-full\"><img loading=\"lazy\" decoding=\"async\" width=\"760\" height=\"555\" src=\"https:\/\/danidrops.com.br\/wp-content\/uploads\/2022\/10\/71-Loiro.jpg\" alt=\"bionda\" class=\"wp-image-49265\" title=\"\" srcset=\"https:\/\/danidrops.com.br\/wp-content\/uploads\/2022\/10\/71-Loiro.jpg 760w, https:\/\/danidrops.com.br\/wp-content\/uploads\/2022\/10\/71-Loiro-300x219.jpg 300w, https:\/\/danidrops.com.br\/wp-content\/uploads\/2022\/10\/71-Loiro-16x12.jpg 16w, https:\/\/danidrops.com.br\/wp-content\/uploads\/2022\/10\/71-Loiro-150x110.jpg 150w\" sizes=\"auto, (max-width: 760px) 100vw, 760px\" \/><figcaption class=\"wp-element-caption\">bionda<\/figcaption><\/figure>\n\n\n\n<figure class=\"wp-block-image size-full\"><img loading=\"lazy\" decoding=\"async\" width=\"760\" height=\"555\" src=\"https:\/\/danidrops.com.br\/wp-content\/uploads\/2022\/10\/70-Loiro.jpg\" alt=\"bionda\" class=\"wp-image-49264\" title=\"\" srcset=\"https:\/\/danidrops.com.br\/wp-content\/uploads\/2022\/10\/70-Loiro.jpg 760w, https:\/\/danidrops.com.br\/wp-content\/uploads\/2022\/10\/70-Loiro-300x219.jpg 300w, https:\/\/danidrops.com.br\/wp-content\/uploads\/2022\/10\/70-Loiro-16x12.jpg 16w, https:\/\/danidrops.com.br\/wp-content\/uploads\/2022\/10\/70-Loiro-150x110.jpg 150w\" sizes=\"auto, (max-width: 760px) 100vw, 760px\" \/><figcaption class=\"wp-element-caption\">bionda<\/figcaption><\/figure>\n\n\n\n<h2 class=\"wp-block-heading\"><span class=\"ez-toc-section\" id=\"Colorido\"><\/span>Colorato<span class=\"ez-toc-section-end\"><\/span><\/h2>\n\n\n\n<p>Come accennato in precedenza, i tagli di capelli maschili moderni 2023 associati ai capelli colorati vengono utilizzati molto per rappresentare la libert\u00e0 di espressione e le caratteristiche di ogni persona. <\/p>\n\n\n\n<figure class=\"wp-block-image size-full\"><img loading=\"lazy\" decoding=\"async\" width=\"760\" height=\"555\" src=\"https:\/\/danidrops.com.br\/wp-content\/uploads\/2022\/10\/73-Colorido.jpg\" alt=\"Colorato\" class=\"wp-image-49267\" title=\"\" srcset=\"https:\/\/danidrops.com.br\/wp-content\/uploads\/2022\/10\/73-Colorido.jpg 760w, https:\/\/danidrops.com.br\/wp-content\/uploads\/2022\/10\/73-Colorido-300x219.jpg 300w, https:\/\/danidrops.com.br\/wp-content\/uploads\/2022\/10\/73-Colorido-16x12.jpg 16w, https:\/\/danidrops.com.br\/wp-content\/uploads\/2022\/10\/73-Colorido-150x110.jpg 150w\" sizes=\"auto, (max-width: 760px) 100vw, 760px\" \/><figcaption class=\"wp-element-caption\">Colorato<\/figcaption><\/figure>\n\n\n\n<p>In generale, questo tipo di colorazione richiede una tintura speciale e deve essere utilizzata con cautela, in quanto \u00e8 necessario passare attraverso il processo di decolorazione dei capelli.<\/p>\n\n\n\n<figure class=\"wp-block-image size-full\"><img loading=\"lazy\" decoding=\"async\" width=\"760\" height=\"555\" src=\"https:\/\/danidrops.com.br\/wp-content\/uploads\/2022\/10\/72-Colorido.jpg\" alt=\"Colorato\" class=\"wp-image-49266\" title=\"\" srcset=\"https:\/\/danidrops.com.br\/wp-content\/uploads\/2022\/10\/72-Colorido.jpg 760w, https:\/\/danidrops.com.br\/wp-content\/uploads\/2022\/10\/72-Colorido-300x219.jpg 300w, https:\/\/danidrops.com.br\/wp-content\/uploads\/2022\/10\/72-Colorido-16x12.jpg 16w, https:\/\/danidrops.com.br\/wp-content\/uploads\/2022\/10\/72-Colorido-150x110.jpg 150w\" sizes=\"auto, (max-width: 760px) 100vw, 760px\" \/><figcaption class=\"wp-element-caption\">Colorato<\/figcaption><\/figure>\n\n\n\n<h2 class=\"wp-block-heading\"><span class=\"ez-toc-section\" id=\"Corte_de_cabelo_masculino_com_Franja_Longa\"><\/span>Taglio di capelli da uomo con frangia lunga<span class=\"ez-toc-section-end\"><\/span><\/h2>\n\n\n\n<p>Il taglio di capelli da uomo con frangia lunga sta diventando sempre pi\u00f9 popolare tra gli uomini che vogliono accentuare il proprio stile.<\/p>\n\n\n\n<figure class=\"wp-block-image size-full\"><img loading=\"lazy\" decoding=\"async\" width=\"760\" height=\"555\" src=\"https:\/\/danidrops.com.br\/wp-content\/uploads\/2023\/04\/02-Corte-de-cabelo-masculino-Franja-Longa.jpg\" alt=\"Taglio di capelli con frange lunghe da uomo\" class=\"wp-image-70573\" title=\"\" srcset=\"https:\/\/danidrops.com.br\/wp-content\/uploads\/2023\/04\/02-Corte-de-cabelo-masculino-Franja-Longa.jpg 760w, https:\/\/danidrops.com.br\/wp-content\/uploads\/2023\/04\/02-Corte-de-cabelo-masculino-Franja-Longa-300x219.jpg 300w, https:\/\/danidrops.com.br\/wp-content\/uploads\/2023\/04\/02-Corte-de-cabelo-masculino-Franja-Longa-16x12.jpg 16w, https:\/\/danidrops.com.br\/wp-content\/uploads\/2023\/04\/02-Corte-de-cabelo-masculino-Franja-Longa-150x110.jpg 150w\" sizes=\"auto, (max-width: 760px) 100vw, 760px\" \/><figcaption class=\"wp-element-caption\">Taglio di capelli con frange lunghe da uomo <\/figcaption><\/figure>\n\n\n\n<p>Questa acconciatura \u00e8 caratterizzata da strati mossi con frangia molto lunga, che di solito arriva fino al naso. Questa tendenza \u00e8 diventata ben nota negli anni 2000, ma ha ancora successo oggi grazie alla versatilit\u00e0 che offre.<\/p>\n\n\n\n<figure class=\"wp-block-image size-full\"><img loading=\"lazy\" decoding=\"async\" width=\"760\" height=\"555\" src=\"https:\/\/danidrops.com.br\/wp-content\/uploads\/2023\/04\/01-Corte-de-cabelo-masculino-Franja-Longa.jpg\" alt=\"Taglio di capelli con frange lunghe da uomo\" class=\"wp-image-70572\" title=\"\" srcset=\"https:\/\/danidrops.com.br\/wp-content\/uploads\/2023\/04\/01-Corte-de-cabelo-masculino-Franja-Longa.jpg 760w, https:\/\/danidrops.com.br\/wp-content\/uploads\/2023\/04\/01-Corte-de-cabelo-masculino-Franja-Longa-300x219.jpg 300w, https:\/\/danidrops.com.br\/wp-content\/uploads\/2023\/04\/01-Corte-de-cabelo-masculino-Franja-Longa-16x12.jpg 16w, https:\/\/danidrops.com.br\/wp-content\/uploads\/2023\/04\/01-Corte-de-cabelo-masculino-Franja-Longa-150x110.jpg 150w\" sizes=\"auto, (max-width: 760px) 100vw, 760px\" \/><figcaption class=\"wp-element-caption\">Taglio di capelli con frange lunghe da uomo <\/figcaption><\/figure>\n\n\n\n<p>La frangia lunga pu\u00f2 dare un tocco moderno e rilassato a qualsiasi look e pu\u00f2 essere utilizzata sia per un look casual che elegante. Se stai cercando una tecnica versatile, moderna e sofisticata, la Frangia Lunga pu\u00f2 essere un&#039;ottima opzione da provare.<\/p>\n\n\n\n<h2 class=\"wp-block-heading\"><span class=\"ez-toc-section\" id=\"Corte_de_cabelo_masculino_Bowl_Cut\"><\/span>Taglio di capelli da uomo con taglio a scodella<span class=\"ez-toc-section-end\"><\/span><\/h2>\n\n\n\n<p>Il taglio di capelli da uomo Bowl Cut \u00e8 l&#039;ideale per gli uomini che cercano un&#039;acconciatura versatile.<\/p>\n\n\n\n<figure class=\"wp-block-image size-full\"><img loading=\"lazy\" decoding=\"async\" width=\"760\" height=\"555\" src=\"https:\/\/danidrops.com.br\/wp-content\/uploads\/2023\/04\/04-Corte-de-cabelo-masculino-Bowl-Cut.jpg\" alt=\"Taglio di capelli da uomo con taglio a scodella\" class=\"wp-image-70575\" title=\"\" srcset=\"https:\/\/danidrops.com.br\/wp-content\/uploads\/2023\/04\/04-Corte-de-cabelo-masculino-Bowl-Cut.jpg 760w, https:\/\/danidrops.com.br\/wp-content\/uploads\/2023\/04\/04-Corte-de-cabelo-masculino-Bowl-Cut-300x219.jpg 300w, https:\/\/danidrops.com.br\/wp-content\/uploads\/2023\/04\/04-Corte-de-cabelo-masculino-Bowl-Cut-16x12.jpg 16w, https:\/\/danidrops.com.br\/wp-content\/uploads\/2023\/04\/04-Corte-de-cabelo-masculino-Bowl-Cut-150x110.jpg 150w\" sizes=\"auto, (max-width: 760px) 100vw, 760px\" \/><figcaption class=\"wp-element-caption\">Taglio di capelli da uomo con taglio a scodella<\/figcaption><\/figure>\n\n\n\n<p>Questo stile \u00e8 caratterizzato da ciocche a strati corti, cucite intorno alla testa, che formano una specie di bacinella o scodella nella parte superiore. Questa tendenza risale spesso agli anni &#039;90 ed \u00e8 stata un grande successo tra gli uomini moderni che vogliono evidenziare il loro stile rilassato.<\/p>\n\n\n\n<figure class=\"wp-block-image size-full\"><img loading=\"lazy\" decoding=\"async\" width=\"760\" height=\"555\" src=\"https:\/\/danidrops.com.br\/wp-content\/uploads\/2023\/04\/03-Corte-de-cabelo-masculino-Bowl-Cut.jpg\" alt=\"Taglio di capelli da uomo con taglio a scodella\" class=\"wp-image-70571\" title=\"\" srcset=\"https:\/\/danidrops.com.br\/wp-content\/uploads\/2023\/04\/03-Corte-de-cabelo-masculino-Bowl-Cut.jpg 760w, https:\/\/danidrops.com.br\/wp-content\/uploads\/2023\/04\/03-Corte-de-cabelo-masculino-Bowl-Cut-300x219.jpg 300w, https:\/\/danidrops.com.br\/wp-content\/uploads\/2023\/04\/03-Corte-de-cabelo-masculino-Bowl-Cut-16x12.jpg 16w, https:\/\/danidrops.com.br\/wp-content\/uploads\/2023\/04\/03-Corte-de-cabelo-masculino-Bowl-Cut-150x110.jpg 150w\" sizes=\"auto, (max-width: 760px) 100vw, 760px\" \/><figcaption class=\"wp-element-caption\">Taglio di capelli da uomo con taglio a scodella<\/figcaption><\/figure>\n\n\n\n<p>Il Bowl Cut \u00e8 anche molto pratico, in quanto pu\u00f2 essere facilmente adattato con una leggera variazione nella lunghezza degli strati per ottenere un aspetto leggermente diverso, ma molto elegante. Se stai cercando un look versatile e moderno, il Bowl Cut potrebbe essere l&#039;opzione giusta per te.<\/p>\n\n\n\n<h2 class=\"wp-block-heading\"><span class=\"ez-toc-section\" id=\"Corte_de_cabelo_masculino_Spiky_Hair\"><\/span>Taglio di capelli da uomo Capelli appuntiti<span class=\"ez-toc-section-end\"><\/span><\/h2>\n\n\n\n<p>Il taglio di capelli da uomo Spiky Hair \u00e8 l&#039;ideale per gli uomini che vogliono mettere in risalto il loro stile unico. Questo taglio \u00e8 caratterizzato da strati corti e dall&#039;uso di gel o altro prodotto per dare vita alle ciocche, conferendo loro un aspetto arruffato e appuntito.<\/p>\n\n\n\n<figure class=\"wp-block-image size-full\"><img loading=\"lazy\" decoding=\"async\" width=\"760\" height=\"555\" src=\"https:\/\/danidrops.com.br\/wp-content\/uploads\/2023\/04\/05-Corte-de-cabelo-masculino-Spiky-Hair.jpg\" alt=\"Taglio di capelli da uomo Capelli appuntiti\" class=\"wp-image-70576\" title=\"\" srcset=\"https:\/\/danidrops.com.br\/wp-content\/uploads\/2023\/04\/05-Corte-de-cabelo-masculino-Spiky-Hair.jpg 760w, https:\/\/danidrops.com.br\/wp-content\/uploads\/2023\/04\/05-Corte-de-cabelo-masculino-Spiky-Hair-300x219.jpg 300w, https:\/\/danidrops.com.br\/wp-content\/uploads\/2023\/04\/05-Corte-de-cabelo-masculino-Spiky-Hair-16x12.jpg 16w, https:\/\/danidrops.com.br\/wp-content\/uploads\/2023\/04\/05-Corte-de-cabelo-masculino-Spiky-Hair-150x110.jpg 150w\" sizes=\"auto, (max-width: 760px) 100vw, 760px\" \/><figcaption class=\"wp-element-caption\">Taglio di capelli da uomo Capelli appuntiti<\/figcaption><\/figure>\n\n\n\n<p>Questa tecnica \u00e8 diventata famosa negli anni &#039;90, ma rimane popolare ancora oggi tra gli uomini che cercano un look moderno e rilassato.<\/p>\n\n\n\n<figure class=\"wp-block-image size-full\"><img loading=\"lazy\" decoding=\"async\" width=\"760\" height=\"555\" src=\"https:\/\/danidrops.com.br\/wp-content\/uploads\/2023\/04\/06-Corte-de-cabelo-masculino-Spiky-Hair.jpg\" alt=\"Taglio di capelli da uomo Capelli appuntiti\" class=\"wp-image-70574\" title=\"\" srcset=\"https:\/\/danidrops.com.br\/wp-content\/uploads\/2023\/04\/06-Corte-de-cabelo-masculino-Spiky-Hair.jpg 760w, https:\/\/danidrops.com.br\/wp-content\/uploads\/2023\/04\/06-Corte-de-cabelo-masculino-Spiky-Hair-300x219.jpg 300w, https:\/\/danidrops.com.br\/wp-content\/uploads\/2023\/04\/06-Corte-de-cabelo-masculino-Spiky-Hair-16x12.jpg 16w, https:\/\/danidrops.com.br\/wp-content\/uploads\/2023\/04\/06-Corte-de-cabelo-masculino-Spiky-Hair-150x110.jpg 150w\" sizes=\"auto, (max-width: 760px) 100vw, 760px\" \/><figcaption class=\"wp-element-caption\">Taglio di capelli da uomo Capelli appuntiti<\/figcaption><\/figure>\n\n\n\n<p>Inoltre, questo tipo di taglio consente di adattarsi secondo necessit\u00e0, modificando leggermente la lunghezza e la trama delle ciocche per ottenere un aspetto elegante o sciatto.&nbsp;<\/p>\n\n\n\n<p>Se stai cercando qualcosa di semplice ma intenso, Spiky Hair pu\u00f2 essere una scelta eccellente per il tuo stile.<\/p>\n\n\n\n<h2 class=\"wp-block-heading\"><span class=\"ez-toc-section\" id=\"Corte_de_cabelo_masculino_Textured_Crop\"><\/span>Taglio di capelli da uomo strutturato<span class=\"ez-toc-section-end\"><\/span><\/h2>\n\n\n\n<p>Il taglio di capelli da uomo Textured Crop \u00e8 ideale per gli uomini che cercano uno stile rilassato e moderno. Questo stile \u00e8 caratterizzato da lati rasati della testa e strati corti e mossi sulla parte superiore, che conferiscono alle ciocche una consistenza irregolare.<\/p>\n\n\n\n<figure class=\"wp-block-image size-full\"><img loading=\"lazy\" decoding=\"async\" width=\"760\" height=\"555\" src=\"https:\/\/danidrops.com.br\/wp-content\/uploads\/2023\/04\/08-Corte-de-cabelo-masculino-Textured-Crop.jpg\" alt=\"Taglio di capelli da uomo strutturato\" class=\"wp-image-70579\" title=\"\" srcset=\"https:\/\/danidrops.com.br\/wp-content\/uploads\/2023\/04\/08-Corte-de-cabelo-masculino-Textured-Crop.jpg 760w, https:\/\/danidrops.com.br\/wp-content\/uploads\/2023\/04\/08-Corte-de-cabelo-masculino-Textured-Crop-300x219.jpg 300w, https:\/\/danidrops.com.br\/wp-content\/uploads\/2023\/04\/08-Corte-de-cabelo-masculino-Textured-Crop-16x12.jpg 16w, https:\/\/danidrops.com.br\/wp-content\/uploads\/2023\/04\/08-Corte-de-cabelo-masculino-Textured-Crop-150x110.jpg 150w\" sizes=\"auto, (max-width: 760px) 100vw, 760px\" \/><figcaption class=\"wp-element-caption\">Taglio di capelli da uomo strutturato<\/figcaption><\/figure>\n\n\n\n<p>Questa consistenza si ottiene solitamente con l&#039;uso di prodotti come gel, mousse o pasta modellante. Inoltre, questo taglio pu\u00f2 anche essere facilmente modificato secondo necessit\u00e0, aggiungendo diverse lunghezze agli strati per dare al look ancora pi\u00f9 personalit\u00e0.<\/p>\n\n\n\n<figure class=\"wp-block-image size-full\"><img loading=\"lazy\" decoding=\"async\" width=\"760\" height=\"555\" src=\"https:\/\/danidrops.com.br\/wp-content\/uploads\/2023\/04\/07-Corte-de-cabelo-masculino-Textured-Crop.jpg\" alt=\"Taglio di capelli da uomo strutturato\" class=\"wp-image-70578\" title=\"\" srcset=\"https:\/\/danidrops.com.br\/wp-content\/uploads\/2023\/04\/07-Corte-de-cabelo-masculino-Textured-Crop.jpg 760w, https:\/\/danidrops.com.br\/wp-content\/uploads\/2023\/04\/07-Corte-de-cabelo-masculino-Textured-Crop-300x219.jpg 300w, https:\/\/danidrops.com.br\/wp-content\/uploads\/2023\/04\/07-Corte-de-cabelo-masculino-Textured-Crop-16x12.jpg 16w, https:\/\/danidrops.com.br\/wp-content\/uploads\/2023\/04\/07-Corte-de-cabelo-masculino-Textured-Crop-150x110.jpg 150w\" sizes=\"auto, (max-width: 760px) 100vw, 760px\" \/><figcaption class=\"wp-element-caption\">Taglio di capelli da uomo strutturato<\/figcaption><\/figure>\n\n\n\n<p>Se stai cercando un taglio che unisca lo stile personale alla praticit\u00e0 nella manutenzione quotidiana, il Textured Crop \u00e8 un&#039;ottima scelta per il tuo look attuale.<\/p>\n\n\n\n<h2 class=\"wp-block-heading\"><span class=\"ez-toc-section\" id=\"Corte_de_cabelo_masculino_com_trancas\"><\/span>Taglio di capelli da uomo con trecce<span class=\"ez-toc-section-end\"><\/span><\/h2>\n\n\n\n<p>Esistono diversi stili di <strong>taglio di capelli da uomo con trecce<\/strong> che puoi essere ispirato e avere lo stesso aspetto. Anche se hai i capelli pi\u00f9 corti, puoi comunque avere questo look pi\u00f9 moderno e spigoloso.<\/p>\n\n\n\n<figure class=\"wp-block-image size-full\"><img loading=\"lazy\" decoding=\"async\" width=\"760\" height=\"555\" src=\"https:\/\/danidrops.com.br\/wp-content\/uploads\/2023\/10\/60-Corte-de-cabelo-masculino-com-trancas.jpg\" alt=\"Taglio di capelli da uomo con trecce\" class=\"wp-image-85400\" title=\"\" srcset=\"https:\/\/danidrops.com.br\/wp-content\/uploads\/2023\/10\/60-Corte-de-cabelo-masculino-com-trancas.jpg 760w, https:\/\/danidrops.com.br\/wp-content\/uploads\/2023\/10\/60-Corte-de-cabelo-masculino-com-trancas-300x219.jpg 300w, https:\/\/danidrops.com.br\/wp-content\/uploads\/2023\/10\/60-Corte-de-cabelo-masculino-com-trancas-16x12.jpg 16w, https:\/\/danidrops.com.br\/wp-content\/uploads\/2023\/10\/60-Corte-de-cabelo-masculino-com-trancas-150x110.jpg 150w\" sizes=\"auto, (max-width: 760px) 100vw, 760px\" \/><figcaption class=\"wp-element-caption\">Taglio di capelli da uomo con trecce<\/figcaption><\/figure>\n\n\n\n<p>Indipendentemente dal fatto che tu abbia i capelli lisci, ricci o crespi, puoi scegliere tra diverse trecce, come la nag\u00f4. E se hai i capelli lunghi, puoi anche optare per uno chignon in stile samurai.<\/p>\n\n\n\n<figure class=\"wp-block-image size-full\"><img loading=\"lazy\" decoding=\"async\" width=\"760\" height=\"555\" src=\"https:\/\/danidrops.com.br\/wp-content\/uploads\/2023\/10\/61-Corte-de-cabelo-masculino-com-trancas.jpg\" alt=\"Taglio di capelli da uomo con trecce\" class=\"wp-image-85401\" title=\"\" srcset=\"https:\/\/danidrops.com.br\/wp-content\/uploads\/2023\/10\/61-Corte-de-cabelo-masculino-com-trancas.jpg 760w, https:\/\/danidrops.com.br\/wp-content\/uploads\/2023\/10\/61-Corte-de-cabelo-masculino-com-trancas-300x219.jpg 300w, https:\/\/danidrops.com.br\/wp-content\/uploads\/2023\/10\/61-Corte-de-cabelo-masculino-com-trancas-16x12.jpg 16w, https:\/\/danidrops.com.br\/wp-content\/uploads\/2023\/10\/61-Corte-de-cabelo-masculino-com-trancas-150x110.jpg 150w\" sizes=\"auto, (max-width: 760px) 100vw, 760px\" \/><figcaption class=\"wp-element-caption\">Taglio di capelli da uomo con trecce<\/figcaption><\/figure>\n\n\n\n<h2 class=\"wp-block-heading\"><span class=\"ez-toc-section\" id=\"Corte_de_cabelo_masculino_Slicked_Back\"><\/span>Taglio di capelli all&#039;indietro da uomo<span class=\"ez-toc-section-end\"><\/span><\/h2>\n\n\n\n<p>I tagli di capelli da uomo Slicked Back mettono in risalto lo stile retr\u00f2 sicuro degli anni &#039;50, ma adattato allo stile di oggi. Questo stile \u00e8 caratterizzato dai lati della testa per lo pi\u00f9 rasati e dalla parte superiore tagliata e foderata leggermente verso la parte posteriore.<\/p>\n\n\n\n<figure class=\"wp-block-image size-full\"><img loading=\"lazy\" decoding=\"async\" width=\"760\" height=\"555\" src=\"https:\/\/danidrops.com.br\/wp-content\/uploads\/2023\/04\/09-Corte-de-cabelo-masculino-Slicked-Back.jpg\" alt=\"Taglio di capelli all&#039;indietro da uomo\" class=\"wp-image-70580\" title=\"\" srcset=\"https:\/\/danidrops.com.br\/wp-content\/uploads\/2023\/04\/09-Corte-de-cabelo-masculino-Slicked-Back.jpg 760w, https:\/\/danidrops.com.br\/wp-content\/uploads\/2023\/04\/09-Corte-de-cabelo-masculino-Slicked-Back-300x219.jpg 300w, https:\/\/danidrops.com.br\/wp-content\/uploads\/2023\/04\/09-Corte-de-cabelo-masculino-Slicked-Back-16x12.jpg 16w, https:\/\/danidrops.com.br\/wp-content\/uploads\/2023\/04\/09-Corte-de-cabelo-masculino-Slicked-Back-150x110.jpg 150w\" sizes=\"auto, (max-width: 760px) 100vw, 760px\" \/><figcaption class=\"wp-element-caption\">Taglio di capelli all&#039;indietro da uomo<\/figcaption><\/figure>\n\n\n\n<p>Nonostante non sia complicato in termini di cura, il risultato di questo taglio pu\u00f2 costare un piccolo sforzo quotidiano, poich\u00e9 \u00e8 necessario lisciare e pettinare quotidianamente le ciocche per ottenere un aspetto ordinato e pulito.<\/p>\n\n\n\n<p>Ideale per gli uomini che cercano un look moderno con generose dosi di fascino retr\u00f2, il taglio posteriore liscio pu\u00f2 essere indossato per look casual e informali, oltre a servire perfettamente per qualsiasi altro tipo di evento.<\/p>\n\n\n\n<figure class=\"wp-block-image size-full\"><img loading=\"lazy\" decoding=\"async\" width=\"760\" height=\"555\" src=\"https:\/\/danidrops.com.br\/wp-content\/uploads\/2023\/04\/10-Corte-de-cabelo-masculino-Slicked-Back.jpg\" alt=\"Taglio di capelli all&#039;indietro da uomo\" class=\"wp-image-70577\" title=\"\" srcset=\"https:\/\/danidrops.com.br\/wp-content\/uploads\/2023\/04\/10-Corte-de-cabelo-masculino-Slicked-Back.jpg 760w, https:\/\/danidrops.com.br\/wp-content\/uploads\/2023\/04\/10-Corte-de-cabelo-masculino-Slicked-Back-300x219.jpg 300w, https:\/\/danidrops.com.br\/wp-content\/uploads\/2023\/04\/10-Corte-de-cabelo-masculino-Slicked-Back-16x12.jpg 16w, https:\/\/danidrops.com.br\/wp-content\/uploads\/2023\/04\/10-Corte-de-cabelo-masculino-Slicked-Back-150x110.jpg 150w\" sizes=\"auto, (max-width: 760px) 100vw, 760px\" \/><figcaption class=\"wp-element-caption\">Taglio di capelli all&#039;indietro da uomo<\/figcaption><\/figure>\n\n\n\n<p>La versatilit\u00e0 del look permette di mixare capi e accessori diversi, conferendo un look unico alla personalit\u00e0 di ogni uomo che lo sceglie.<\/p>\n\n\n\n<h2 class=\"wp-block-heading\"><span class=\"ez-toc-section\" id=\"Corte_de_cabelo_masculino_afro\"><\/span>Taglio di capelli da uomo afro<span class=\"ez-toc-section-end\"><\/span><\/h2>\n\n\n\n<p>Per gli uomini che vogliono innovare e osare con il proprio look, ci sono opzioni di taglio di capelli afro uomo come la sciancratura e anche il look sfumato, ma per farlo dovrai lasciare crescere le ciocche per almeno 3 mesi.<\/p>\n\n\n\n<figure class=\"wp-block-image size-full\"><img loading=\"lazy\" decoding=\"async\" width=\"760\" height=\"555\" src=\"https:\/\/danidrops.com.br\/wp-content\/uploads\/2023\/10\/37-Corte-de-cabelo-masculino-afro.jpg\" alt=\"Taglio di capelli da uomo afro\" class=\"wp-image-85147\" title=\"\" srcset=\"https:\/\/danidrops.com.br\/wp-content\/uploads\/2023\/10\/37-Corte-de-cabelo-masculino-afro.jpg 760w, https:\/\/danidrops.com.br\/wp-content\/uploads\/2023\/10\/37-Corte-de-cabelo-masculino-afro-300x219.jpg 300w, https:\/\/danidrops.com.br\/wp-content\/uploads\/2023\/10\/37-Corte-de-cabelo-masculino-afro-16x12.jpg 16w, https:\/\/danidrops.com.br\/wp-content\/uploads\/2023\/10\/37-Corte-de-cabelo-masculino-afro-150x110.jpg 150w\" sizes=\"auto, (max-width: 760px) 100vw, 760px\" \/><figcaption class=\"wp-element-caption\">Taglio di capelli da uomo afro<\/figcaption><\/figure>\n\n\n\n<p>Tra le tendenze 2023 nei tagli capelli afro uomo c&#039;\u00e8 il taglio americano, che ha i lati pi\u00f9 bassi e lavora con una sfumatura, e inoltre per chi vuole osare con lo stile, \u00e8 ancora possibile realizzare disegni tra i capelli!<\/p>\n\n\n\n<figure class=\"wp-block-image size-full\"><img loading=\"lazy\" decoding=\"async\" width=\"760\" height=\"555\" src=\"https:\/\/danidrops.com.br\/wp-content\/uploads\/2023\/10\/36-Corte-de-cabelo-masculino-afro.jpg\" alt=\"Taglio di capelli da uomo afro\" class=\"wp-image-85146\" title=\"\" srcset=\"https:\/\/danidrops.com.br\/wp-content\/uploads\/2023\/10\/36-Corte-de-cabelo-masculino-afro.jpg 760w, https:\/\/danidrops.com.br\/wp-content\/uploads\/2023\/10\/36-Corte-de-cabelo-masculino-afro-300x219.jpg 300w, https:\/\/danidrops.com.br\/wp-content\/uploads\/2023\/10\/36-Corte-de-cabelo-masculino-afro-16x12.jpg 16w, https:\/\/danidrops.com.br\/wp-content\/uploads\/2023\/10\/36-Corte-de-cabelo-masculino-afro-150x110.jpg 150w\" sizes=\"auto, (max-width: 760px) 100vw, 760px\" \/><figcaption class=\"wp-element-caption\">Taglio di capelli da uomo afro<\/figcaption><\/figure>\n<div id=\"ez-toc-container\" class=\"ez-toc-v2_0_76 counter-hierarchy ez-toc-counter ez-toc-grey ez-toc-container-direction\">\n<p class=\"ez-toc-title\" style=\"cursor:inherit\">Leggerai questo articolo<\/p>\n<label for=\"ez-toc-cssicon-toggle-item-69edc05397c7a\" class=\"ez-toc-cssicon-toggle-label\"><span class=\"ez-toc-cssicon\"><span class=\"eztoc-hide\" style=\"display:none;\">Attiva\/disattiva<\/span><span class=\"ez-toc-icon-toggle-span\"><svg style=\"fill: #999;color:#999\" xmlns=\"http:\/\/www.w3.org\/2000\/svg\" class=\"list-377408\" width=\"20px\" height=\"20px\" viewbox=\"0 0 24 24\" fill=\"none\"><path d=\"M6 6H4v2h2V6zm14 0H8v2h12V6zM4 11h2v2H4v-2zm16 0H8v2h12v-2zM4 16h2v2H4v-2zm16 0H8v2h12v-2z\" fill=\"currentColor\"><\/path><\/svg><svg style=\"fill: #999;color:#999\" class=\"arrow-unsorted-368013\" xmlns=\"http:\/\/www.w3.org\/2000\/svg\" width=\"10px\" height=\"10px\" viewbox=\"0 0 24 24\" version=\"1.2\" baseprofile=\"tiny\"><path d=\"M18.2 9.3l-6.2-6.3-6.2 6.3c-.2.2-.3.4-.3.7s.1.5.3.7c.2.2.4.3.7.3h11c.3 0 .5-.1.7-.3.2-.2.3-.5.3-.7s-.1-.5-.3-.7zM5.8 14.7l6.2 6.3 6.2-6.3c.2-.2.3-.5.3-.7s-.1-.5-.3-.7c-.2-.2-.4-.3-.7-.3h-11c-.3 0-.5.1-.7.3-.2.2-.3.5-.3.7s.1.5.3.7z\"\/><\/svg><\/span><\/span><\/label><input type=\"checkbox\"  id=\"ez-toc-cssicon-toggle-item-69edc05397c7a\"  aria-label=\"Attiva\/disattiva\" \/><nav><ul class='ez-toc-list ez-toc-list-level-1' ><li class='ez-toc-page-1 ez-toc-heading-level-2'><a class=\"ez-toc-link ez-toc-heading-1\" href=\"https:\/\/danidrops.com.br\/it\/taglio-di-capelli-uomo-2023\/#Quais_sao_os_formatos_de_rostos_masculinos_2023_mais_comuns\" >Quali sono le forme del viso maschile pi\u00f9 comuni nel 2023?<\/a><\/li><li class='ez-toc-page-1 ez-toc-heading-level-2'><a class=\"ez-toc-link ez-toc-heading-2\" href=\"https:\/\/danidrops.com.br\/it\/taglio-di-capelli-uomo-2023\/#Oval\" >Ovale<\/a><\/li><li class='ez-toc-page-1 ez-toc-heading-level-2'><a class=\"ez-toc-link ez-toc-heading-3\" href=\"https:\/\/danidrops.com.br\/it\/taglio-di-capelli-uomo-2023\/#Coracao\" >Cuore<\/a><\/li><li class='ez-toc-page-1 ez-toc-heading-level-2'><a class=\"ez-toc-link ez-toc-heading-4\" href=\"https:\/\/danidrops.com.br\/it\/taglio-di-capelli-uomo-2023\/#Diamante_ou_Losango\" >Diamante o Rombo<\/a><\/li><li class='ez-toc-page-1 ez-toc-heading-level-2'><a class=\"ez-toc-link ez-toc-heading-5\" href=\"https:\/\/danidrops.com.br\/it\/taglio-di-capelli-uomo-2023\/#Longo_ou_comprido\" >lungo o lungo<\/a><\/li><li class='ez-toc-page-1 ez-toc-heading-level-2'><a class=\"ez-toc-link ez-toc-heading-6\" href=\"https:\/\/danidrops.com.br\/it\/taglio-di-capelli-uomo-2023\/#Redondo\" >il giro<\/a><\/li><li class='ez-toc-page-1 ez-toc-heading-level-2'><a class=\"ez-toc-link ez-toc-heading-7\" href=\"https:\/\/danidrops.com.br\/it\/taglio-di-capelli-uomo-2023\/#Quadrado_ou_tambem_chamado_de_retangular\" >Quadrata o detta anche rettangolare<\/a><\/li><li class='ez-toc-page-1 ez-toc-heading-level-2'><a class=\"ez-toc-link ez-toc-heading-8\" href=\"https:\/\/danidrops.com.br\/it\/taglio-di-capelli-uomo-2023\/#Triangulo_invertido\" >Triangolo invertito<\/a><\/li><li class='ez-toc-page-1 ez-toc-heading-level-2'><a class=\"ez-toc-link ez-toc-heading-9\" href=\"https:\/\/danidrops.com.br\/it\/taglio-di-capelli-uomo-2023\/#Quais_os_cortes_de_cabelos_masculinos_mais_usados_em_2023\" >Quali sono i tagli di capelli maschili pi\u00f9 popolari nel 2023?<\/a><\/li><li class='ez-toc-page-1 ez-toc-heading-level-2'><a class=\"ez-toc-link ez-toc-heading-10\" href=\"https:\/\/danidrops.com.br\/it\/taglio-di-capelli-uomo-2023\/#Cabelo_masculino_curto\" >capelli maschili corti<\/a><\/li><li class='ez-toc-page-1 ez-toc-heading-level-2'><a class=\"ez-toc-link ez-toc-heading-11\" href=\"https:\/\/danidrops.com.br\/it\/taglio-di-capelli-uomo-2023\/#Corte_de_cabelo_masculino_Undercut\" >Taglio di capelli da uomo sottosquadro<\/a><\/li><li class='ez-toc-page-1 ez-toc-heading-level-2'><a class=\"ez-toc-link ez-toc-heading-12\" href=\"https:\/\/danidrops.com.br\/it\/taglio-di-capelli-uomo-2023\/#Corte_de_cabelo_masculino_militar\" >taglio di capelli militare per gli uomini<\/a><\/li><li class='ez-toc-page-1 ez-toc-heading-level-2'><a class=\"ez-toc-link ez-toc-heading-13\" href=\"https:\/\/danidrops.com.br\/it\/taglio-di-capelli-uomo-2023\/#Corte_de_cabelo_masculino_Pompadour\" >Taglio di capelli alla Pompadour per gli uomini<\/a><\/li><li class='ez-toc-page-1 ez-toc-heading-level-2'><a class=\"ez-toc-link ez-toc-heading-14\" href=\"https:\/\/danidrops.com.br\/it\/taglio-di-capelli-uomo-2023\/#Corte_de_cabelo_masculino_Razor_Part\" >Razor Part taglio di capelli da uomo<\/a><\/li><li class='ez-toc-page-1 ez-toc-heading-level-2'><a class=\"ez-toc-link ez-toc-heading-15\" href=\"https:\/\/danidrops.com.br\/it\/taglio-di-capelli-uomo-2023\/#Corte_de_cabelo_masculino_social\" >Taglio sociale per gli uomini<\/a><\/li><li class='ez-toc-page-1 ez-toc-heading-level-2'><a class=\"ez-toc-link ez-toc-heading-16\" href=\"https:\/\/danidrops.com.br\/it\/taglio-di-capelli-uomo-2023\/#Cabelo_masculino_longo\" >lunghi capelli maschili<\/a><\/li><li class='ez-toc-page-1 ez-toc-heading-level-2'><a class=\"ez-toc-link ez-toc-heading-17\" href=\"https:\/\/danidrops.com.br\/it\/taglio-di-capelli-uomo-2023\/#Corte_de_cabelo_masculino_Surfista\" >Taglio di capelli da surfista per uomo<\/a><\/li><li class='ez-toc-page-1 ez-toc-heading-level-2'><a class=\"ez-toc-link ez-toc-heading-18\" href=\"https:\/\/danidrops.com.br\/it\/taglio-di-capelli-uomo-2023\/#Corte_de_cabelo_masculino_em_camadas\" >Taglio di capelli a strati per gli uomini<\/a><\/li><li class='ez-toc-page-1 ez-toc-heading-level-2'><a class=\"ez-toc-link ez-toc-heading-19\" href=\"https:\/\/danidrops.com.br\/it\/taglio-di-capelli-uomo-2023\/#Coque_Samurai_para_cabelo_masculino\" >Chignon samurai per capelli da uomo<\/a><\/li><li class='ez-toc-page-1 ez-toc-heading-level-2'><a class=\"ez-toc-link ez-toc-heading-20\" href=\"https:\/\/danidrops.com.br\/it\/taglio-di-capelli-uomo-2023\/#Cabelo_masculino_medio\" >capelli maschili medi<\/a><\/li><li class='ez-toc-page-1 ez-toc-heading-level-2'><a class=\"ez-toc-link ez-toc-heading-21\" href=\"https:\/\/danidrops.com.br\/it\/taglio-di-capelli-uomo-2023\/#Corte_de_cabelo_masculino_Flow_Haircut\" >Taglio di capelli da uomo Flow Haircut<\/a><\/li><li class='ez-toc-page-1 ez-toc-heading-level-2'><a class=\"ez-toc-link ez-toc-heading-22\" href=\"https:\/\/danidrops.com.br\/it\/taglio-di-capelli-uomo-2023\/#Corte_de_cabelo_masculino_Eboy_Hairstyle\" >Taglio di capelli da uomo Eboy Hairstyle<\/a><\/li><li class='ez-toc-page-1 ez-toc-heading-level-2'><a class=\"ez-toc-link ez-toc-heading-23\" href=\"https:\/\/danidrops.com.br\/it\/taglio-di-capelli-uomo-2023\/#Corte_de_cabelo_masculino_Black_Power\" >Taglio di capelli Black Power per uomo<\/a><\/li><li class='ez-toc-page-1 ez-toc-heading-level-2'><a class=\"ez-toc-link ez-toc-heading-24\" href=\"https:\/\/danidrops.com.br\/it\/taglio-di-capelli-uomo-2023\/#Cabelo_masculino_cacheado\" >capelli ricci maschili<\/a><\/li><li class='ez-toc-page-1 ez-toc-heading-level-2'><a class=\"ez-toc-link ez-toc-heading-25\" href=\"https:\/\/danidrops.com.br\/it\/taglio-di-capelli-uomo-2023\/#Cabelo_masculino_crespo\" >capelli maschili ricci<\/a><\/li><li class='ez-toc-page-1 ez-toc-heading-level-2'><a class=\"ez-toc-link ez-toc-heading-26\" href=\"https:\/\/danidrops.com.br\/it\/taglio-di-capelli-uomo-2023\/#Cabelo_de_cabelo_masculino_liso\" >capelli lisci maschili<\/a><\/li><li class='ez-toc-page-1 ez-toc-heading-level-2'><a class=\"ez-toc-link ez-toc-heading-27\" href=\"https:\/\/danidrops.com.br\/it\/taglio-di-capelli-uomo-2023\/#Cabelo_masculino_raspado\" >capelli maschili rasati<\/a><\/li><li class='ez-toc-page-1 ez-toc-heading-level-2'><a class=\"ez-toc-link ez-toc-heading-28\" href=\"https:\/\/danidrops.com.br\/it\/taglio-di-capelli-uomo-2023\/#Cabelo_masculino_com_luzes\" >Capelli da uomo con riflessi<\/a><\/li><li class='ez-toc-page-1 ez-toc-heading-level-2'><a class=\"ez-toc-link ez-toc-heading-29\" href=\"https:\/\/danidrops.com.br\/it\/taglio-di-capelli-uomo-2023\/#Cabelo_masculino_ondulado\" >capelli maschili mossi<\/a><\/li><li class='ez-toc-page-1 ez-toc-heading-level-2'><a class=\"ez-toc-link ez-toc-heading-30\" href=\"https:\/\/danidrops.com.br\/it\/taglio-di-capelli-uomo-2023\/#Cabelo_masculino_com_letra\" >capelli maschili con lettera<\/a><\/li><li class='ez-toc-page-1 ez-toc-heading-level-2'><a class=\"ez-toc-link ez-toc-heading-31\" href=\"https:\/\/danidrops.com.br\/it\/taglio-di-capelli-uomo-2023\/#Cabelo_masculino_com_listra\" >Capelli da uomo a righe<\/a><\/li><li class='ez-toc-page-1 ez-toc-heading-level-2'><a class=\"ez-toc-link ez-toc-heading-32\" href=\"https:\/\/danidrops.com.br\/it\/taglio-di-capelli-uomo-2023\/#Cabelo_masculino_americano\" >capelli maschili americani<\/a><\/li><li class='ez-toc-page-1 ez-toc-heading-level-2'><a class=\"ez-toc-link ez-toc-heading-33\" href=\"https:\/\/danidrops.com.br\/it\/taglio-di-capelli-uomo-2023\/#Cabelo_masculino_degrade\" >capelli maschili sfumati<\/a><\/li><li class='ez-toc-page-1 ez-toc-heading-level-2'><a class=\"ez-toc-link ez-toc-heading-34\" href=\"https:\/\/danidrops.com.br\/it\/taglio-di-capelli-uomo-2023\/#Cabelo_masculino_pintado\" >capelli maschili tinti<\/a><\/li><li class='ez-toc-page-1 ez-toc-heading-level-2'><a class=\"ez-toc-link ez-toc-heading-35\" href=\"https:\/\/danidrops.com.br\/it\/taglio-di-capelli-uomo-2023\/#Quais_as_cores_de_cabelos_masculinos_mais_usadas_em_2023\" >Quali sono i colori per capelli maschili pi\u00f9 popolari nel 2023?<\/a><\/li><li class='ez-toc-page-1 ez-toc-heading-level-2'><a class=\"ez-toc-link ez-toc-heading-36\" href=\"https:\/\/danidrops.com.br\/it\/taglio-di-capelli-uomo-2023\/#Preto\" >Nero<\/a><\/li><li class='ez-toc-page-1 ez-toc-heading-level-2'><a class=\"ez-toc-link ez-toc-heading-37\" href=\"https:\/\/danidrops.com.br\/it\/taglio-di-capelli-uomo-2023\/#Castanho\" >Marrone<\/a><\/li><li class='ez-toc-page-1 ez-toc-heading-level-2'><a class=\"ez-toc-link ez-toc-heading-38\" href=\"https:\/\/danidrops.com.br\/it\/taglio-di-capelli-uomo-2023\/#Platinado\" >platino<\/a><\/li><li class='ez-toc-page-1 ez-toc-heading-level-2'><a class=\"ez-toc-link ez-toc-heading-39\" href=\"https:\/\/danidrops.com.br\/it\/taglio-di-capelli-uomo-2023\/#Branco\" >Bianco<\/a><\/li><li class='ez-toc-page-1 ez-toc-heading-level-2'><a class=\"ez-toc-link ez-toc-heading-40\" href=\"https:\/\/danidrops.com.br\/it\/taglio-di-capelli-uomo-2023\/#Loiro\" >bionda<\/a><\/li><li class='ez-toc-page-1 ez-toc-heading-level-2'><a class=\"ez-toc-link ez-toc-heading-41\" href=\"https:\/\/danidrops.com.br\/it\/taglio-di-capelli-uomo-2023\/#Colorido\" >Colorato<\/a><\/li><li class='ez-toc-page-1 ez-toc-heading-level-2'><a class=\"ez-toc-link ez-toc-heading-42\" href=\"https:\/\/danidrops.com.br\/it\/taglio-di-capelli-uomo-2023\/#Corte_de_cabelo_masculino_com_Franja_Longa\" >Taglio di capelli da uomo con frangia lunga<\/a><\/li><li class='ez-toc-page-1 ez-toc-heading-level-2'><a class=\"ez-toc-link ez-toc-heading-43\" href=\"https:\/\/danidrops.com.br\/it\/taglio-di-capelli-uomo-2023\/#Corte_de_cabelo_masculino_Bowl_Cut\" >Taglio di capelli da uomo con taglio a scodella<\/a><\/li><li class='ez-toc-page-1 ez-toc-heading-level-2'><a class=\"ez-toc-link ez-toc-heading-44\" href=\"https:\/\/danidrops.com.br\/it\/taglio-di-capelli-uomo-2023\/#Corte_de_cabelo_masculino_Spiky_Hair\" >Taglio di capelli da uomo Capelli appuntiti<\/a><\/li><li class='ez-toc-page-1 ez-toc-heading-level-2'><a class=\"ez-toc-link ez-toc-heading-45\" href=\"https:\/\/danidrops.com.br\/it\/taglio-di-capelli-uomo-2023\/#Corte_de_cabelo_masculino_Textured_Crop\" >Taglio di capelli da uomo strutturato<\/a><\/li><li class='ez-toc-page-1 ez-toc-heading-level-2'><a class=\"ez-toc-link ez-toc-heading-46\" href=\"https:\/\/danidrops.com.br\/it\/taglio-di-capelli-uomo-2023\/#Corte_de_cabelo_masculino_com_trancas\" >Taglio di capelli da uomo con trecce<\/a><\/li><li class='ez-toc-page-1 ez-toc-heading-level-2'><a class=\"ez-toc-link ez-toc-heading-47\" href=\"https:\/\/danidrops.com.br\/it\/taglio-di-capelli-uomo-2023\/#Corte_de_cabelo_masculino_Slicked_Back\" >Taglio di capelli all&#039;indietro da uomo<\/a><\/li><li class='ez-toc-page-1 ez-toc-heading-level-2'><a class=\"ez-toc-link ez-toc-heading-48\" href=\"https:\/\/danidrops.com.br\/it\/taglio-di-capelli-uomo-2023\/#Corte_de_cabelo_masculino_afro\" >Taglio di capelli da uomo afro<\/a><\/li><\/ul><\/nav><\/div>","protected":false},"excerpt":{"rendered":"<p>O corte de cabelo masculino 2023 est\u00e3o super em alta no pr\u00f3ximo ano e ser\u00e3o tend\u00eancias entre todas as idades. Os homens est\u00e3o cada vez&hellip;<\/p>","protected":false},"author":1,"featured_media":49270,"comment_status":"open","ping_status":"open","sticky":false,"template":"","format":"standard","meta":{"footnotes":""},"categories":[439],"tags":[],"class_list":["post-47295","post","type-post","status-publish","format-standard","has-post-thumbnail","hentry","category-cabelo"],"_links":{"self":[{"href":"https:\/\/danidrops.com.br\/it\/wp-json\/wp\/v2\/posts\/47295","targetHints":{"allow":["GET"]}}],"collection":[{"href":"https:\/\/danidrops.com.br\/it\/wp-json\/wp\/v2\/posts"}],"about":[{"href":"https:\/\/danidrops.com.br\/it\/wp-json\/wp\/v2\/types\/post"}],"author":[{"embeddable":true,"href":"https:\/\/danidrops.com.br\/it\/wp-json\/wp\/v2\/users\/1"}],"replies":[{"embeddable":true,"href":"https:\/\/danidrops.com.br\/it\/wp-json\/wp\/v2\/comments?post=47295"}],"version-history":[{"count":0,"href":"https:\/\/danidrops.com.br\/it\/wp-json\/wp\/v2\/posts\/47295\/revisions"}],"wp:featuredmedia":[{"embeddable":true,"href":"https:\/\/danidrops.com.br\/it\/wp-json\/wp\/v2\/media\/49270"}],"wp:attachment":[{"href":"https:\/\/danidrops.com.br\/it\/wp-json\/wp\/v2\/media?parent=47295"}],"wp:term":[{"taxonomy":"category","embeddable":true,"href":"https:\/\/danidrops.com.br\/it\/wp-json\/wp\/v2\/categories?post=47295"},{"taxonomy":"post_tag","embeddable":true,"href":"https:\/\/danidrops.com.br\/it\/wp-json\/wp\/v2\/tags?post=47295"}],"curies":[{"name":"parola chiave","href":"https:\/\/api.w.org\/{rel}","templated":true}]}}