{"id":56003,"date":"2022-12-05T10:00:00","date_gmt":"2022-12-05T13:00:00","guid":{"rendered":"https:\/\/danidrops.com.br\/?p=56003"},"modified":"2024-02-28T20:56:47","modified_gmt":"2024-02-28T23:56:47","slug":"capelli-ricci-neri-2023","status":"publish","type":"post","link":"https:\/\/danidrops.com.br\/it\/capelli-ricci-neri-2023\/","title":{"rendered":"Capelli Ricci Neri 2023 - Guarda pi\u00f9 di 80 modelli di capelli ricci neri"},"content":{"rendered":"<p>O <strong>capelli ricci neri 2023<\/strong> sar\u00e0 all&#039;ultima moda il prossimo anno, visto che mantenere la naturale curvatura dei capelli \u00e8 stata la grande differenza nei look femminili degli ultimi giorni.<\/p>\n\n\n\n<p>Oltre ad essere belli e molto versatili, i capelli ricci neri 2023 trasmettono potere e forza alle donne, in quanto lasciano loro un look autoritario che \u00e8 allo stesso tempo molto femminile e romantico.<\/p>\n\n\n\n<div class=\"container4\">\n\t<span>Leggi anche:<\/span>\n    <ul class=\"lista\">\n\t\t<li id=\"cliquem\"><a href=\"https:\/\/danidrops.com.br\/it\/tendenza-taglio-capelli-ricci-2025\/\" title=\"Tendenza capelli ricci 2024\"><strong>Tendenza capelli ricci 2024 \u2013 Scopri pi\u00f9 di 150 tendenze di tagli di capelli ricci<\/strong><\/a><\/li>\t\n\t<\/ul>\n<\/div>\n<script type=\"application\/ld+json\">{\n    \"@context\": \"https:\\\/\\\/schema.org\",\n    \"@type\": \"Action\",\n    \"name\": \"Clicar em link para ler mat\\u00e9ria Tend\\u00eancia de Cabelo Cacheado 2024\",\n    \"potentialAction\": {\n        \"@type\": \"ReadAction\",\n        \"target\": {\n            \"@type\": \"EntryPoint\",\n            \"urlTemplate\": \"https:\\\/\\\/danidrops.com.br\\\/tendencia-corte-de-cabelo-cacheado-2025\\\/\"\n        }\n    },\n    \"object\": {\n        \"@type\": \"WebPage\",\n        \"headline\": \"Tend\\u00eancia de Cabelo Cacheado 2024\",\n        \"author\": {\n            \"@type\": \"Organization\",\n            \"name\": \"Danidrops.com.br\",\n            \"logo\": \"https:\\\/\\\/danidrops.com.br\\\/wp-content\\\/uploads\\\/2021\\\/08\\\/danidrops-logo-1.jpg\",\n            \"url\": \"https:\\\/\\\/danidrops.com.br\\\/\"\n        },\n        \"image\": \"https:\\\/\\\/danidrops.com.br\\\/wp-content\\\/uploads\\\/2023\\\/10\\\/Cabelo-Cacheado-2024-2.jpg\",\n        \"url\": \"https:\\\/\\\/danidrops.com.br\\\/tendencia-corte-de-cabelo-cacheado-2025\\\/\",\n        \"description\": \"Informa\\u00e7\\u00f5es sobre a Tend\\u00eancia de Cabelo Cacheado 2024. Veja mais de 150 tend\\u00eancias de cortes de cabelo cacheados\",\n        \"mainEntityOfPage\": {\n            \"@type\": \"WebPage\",\n            \"@id\": \"https:\\\/\\\/danidrops.com.br\\\/tendencia-corte-de-cabelo-cacheado-2025\\\/\"\n        }\n    }\n}<\/script>\n\n\n\n<figure class=\"wp-block-image size-full\"><img loading=\"lazy\" decoding=\"async\" width=\"760\" height=\"555\" src=\"https:\/\/danidrops.com.br\/wp-content\/uploads\/2022\/12\/05-Cabelo-Cacheado-Preto-2023.jpg\" alt=\"Capelli ricci neri 2023\" class=\"wp-image-56734\" title=\"\" srcset=\"https:\/\/danidrops.com.br\/wp-content\/uploads\/2022\/12\/05-Cabelo-Cacheado-Preto-2023.jpg 760w, https:\/\/danidrops.com.br\/wp-content\/uploads\/2022\/12\/05-Cabelo-Cacheado-Preto-2023-300x219.jpg 300w, https:\/\/danidrops.com.br\/wp-content\/uploads\/2022\/12\/05-Cabelo-Cacheado-Preto-2023-16x12.jpg 16w, https:\/\/danidrops.com.br\/wp-content\/uploads\/2022\/12\/05-Cabelo-Cacheado-Preto-2023-150x110.jpg 150w\" sizes=\"auto, (max-width: 760px) 100vw, 760px\" \/><figcaption class=\"wp-element-caption\">Capelli ricci neri 2023<\/figcaption><\/figure>\n\n\n\n<figure class=\"wp-block-image size-full\"><img loading=\"lazy\" decoding=\"async\" width=\"760\" height=\"555\" src=\"https:\/\/danidrops.com.br\/wp-content\/uploads\/2022\/12\/04-Cabelo-Cacheado-Preto-2023.jpg\" alt=\"Capelli ricci neri 2023\" class=\"wp-image-56733\" title=\"\" srcset=\"https:\/\/danidrops.com.br\/wp-content\/uploads\/2022\/12\/04-Cabelo-Cacheado-Preto-2023.jpg 760w, https:\/\/danidrops.com.br\/wp-content\/uploads\/2022\/12\/04-Cabelo-Cacheado-Preto-2023-300x219.jpg 300w, https:\/\/danidrops.com.br\/wp-content\/uploads\/2022\/12\/04-Cabelo-Cacheado-Preto-2023-16x12.jpg 16w, https:\/\/danidrops.com.br\/wp-content\/uploads\/2022\/12\/04-Cabelo-Cacheado-Preto-2023-150x110.jpg 150w\" sizes=\"auto, (max-width: 760px) 100vw, 760px\" \/><figcaption class=\"wp-element-caption\">Capelli ricci neri 2023<\/figcaption><\/figure>\n\n\n\n<p>Vedi sotto alcuni consigli per idratazione, lunghezza e colori per capelli ricci neri che abbiamo separato per te.<\/p>\n\n\n\n<figure class=\"wp-block-image size-full\"><img loading=\"lazy\" decoding=\"async\" width=\"760\" height=\"555\" src=\"https:\/\/danidrops.com.br\/wp-content\/uploads\/2022\/12\/02-Cabelo-Cacheado-Preto-2023.jpg\" alt=\"Capelli ricci neri 2023\" class=\"wp-image-56731\" title=\"\" srcset=\"https:\/\/danidrops.com.br\/wp-content\/uploads\/2022\/12\/02-Cabelo-Cacheado-Preto-2023.jpg 760w, https:\/\/danidrops.com.br\/wp-content\/uploads\/2022\/12\/02-Cabelo-Cacheado-Preto-2023-300x219.jpg 300w, https:\/\/danidrops.com.br\/wp-content\/uploads\/2022\/12\/02-Cabelo-Cacheado-Preto-2023-16x12.jpg 16w, https:\/\/danidrops.com.br\/wp-content\/uploads\/2022\/12\/02-Cabelo-Cacheado-Preto-2023-150x110.jpg 150w\" sizes=\"auto, (max-width: 760px) 100vw, 760px\" \/><figcaption class=\"wp-element-caption\">Capelli ricci neri 2023<\/figcaption><\/figure>\n\n\n\n<script type=\"application\/ld+json\">{\n    \"@context\": \"https:\\\/\\\/schema.org\",\n    \"@type\": \"FAQPage\",\n    \"mainEntity\": [\n        {\n            \"@type\": \"Question\",\n            \"name\": \"Como hidratar o cabelo preto cacheado?\",\n            \"acceptedAnswer\": {\n                \"@type\": \"Answer\",\n                \"text\": \"Para hidratar seu cabelo cacheado preto 2023 voc\\u00ea vai precisar de uma boa m\\u00e1scara hidratante e tamb\\u00e9m alguns produtos espec\\u00edficos como shampoos livres de sulfato, \\u00f3leos vegetais para umecta\\u00e7\\u00e3o, protetor t\\u00e9rmico quando necess\\u00e1rio, condicionadores e finalizadores. Al\\u00e9m disso, voc\\u00ea deve ficar longe das fontes de calor como secadores e chapinhas.\"\n            }\n        },\n        {\n            \"@type\": \"Question\",\n            \"name\": \"Qual \\u00e9 a tend\\u00eanca de cabelo cacheado 2023?\",\n            \"acceptedAnswer\": {\n                \"@type\": \"Answer\",\n                \"text\": \"A tend\\u00eanca de cabelo cacheado para 2023 \\u00e9: Cabelo Cacheado Preto Longo, Cabelo Cacheado Preto M\\u00e9dio, Cabelo Cacheado Preto Curto, Cabelo Cacheado Preto azulado, Cabelo Cacheado Preto ametista, Cabelo Cacheado Preto com mechas, Cabelo Cacheado Preto com luzes, Cabelo Cacheado Preto dourado, Cabelo Cacheado Preto platinado, Cabelo Cacheado Preto e branco, Cabelo Cacheado Preto e vermelho, Cabelo Cacheado Preto natural, Cabelo Cacheado Preto repicado, Cabelo Cacheado Preto Masculino, Cabelo Cacheado Preto Feminino, Cabelo Cacheado Preto Infantil, Cabelo Cacheado Preto redondo, Cabelo Cacheado Preto para mulheres plus size, Cabelo Cacheado Preto para mulheres negras, Cabelo Cacheado Preto para jovens, Cabelo Cacheado Preto para morenas.\"\n            }\n        }\n    ]\n}<\/script>\n\n\n\n<h2 class=\"wp-block-heading\"><span class=\"ez-toc-section\" id=\"Qual_e_a_tendenca_de_cabelo_cacheado_2023\"><\/span>Qual \u00e8 la tendenza capelli ricci 2023?<span class=\"ez-toc-section-end\"><\/span><\/h2>\n\n\n\n<p>Il <strong>tendenza capelli ricci per il 2023<\/strong> \u00c8:<\/p>\n\n\n\n<ul class=\"wp-block-list\">\n<li>Lunghi Capelli Ricci Neri<\/li>\n\n\n\n<li>Capelli ricci neri medi<\/li>\n\n\n\n<li>Capelli ricci neri corti<\/li>\n\n\n\n<li>Capelli ricci neri blu<\/li>\n\n\n\n<li>Capelli ricci neri ametista<\/li>\n\n\n\n<li>Capelli ricci neri con riflessi<\/li>\n\n\n\n<li>Capelli ricci neri con riflessi<\/li>\n\n\n\n<li>Capelli ricci neri dorati<\/li>\n\n\n\n<li>capelli ricci nero platino<\/li>\n\n\n\n<li>Capelli ricci bianchi e neri<\/li>\n\n\n\n<li>Capelli ricci neri e rossi<\/li>\n\n\n\n<li>capelli ricci neri naturali<\/li>\n\n\n\n<li>Capelli ricci neri tagliati<\/li>\n\n\n\n<li>Capelli ricci neri da uomo<\/li>\n\n\n\n<li>Capelli ricci neri femminili<\/li>\n\n\n\n<li>Capelli ricci neri per bambini<\/li>\n\n\n\n<li>Capelli ricci neri rotondi<\/li>\n\n\n\n<li>Capelli ricci neri per donne taglie forti<\/li>\n\n\n\n<li>Capelli ricci neri per donne nere<\/li>\n\n\n\n<li>Capelli ricci neri per adolescenti<\/li>\n\n\n\n<li>Capelli ricci neri per le brune<\/li>\n<\/ul>\n\n\n\n<script type=\"application\/ld+json\">{\n    \"@context\": \"https:\\\/\\\/schema.org\",\n    \"@type\": \"VideoObject\",\n    \"name\": \"Cabelo Cacheado Preto 2023 - Veja 50 Modelos de Cabelo Cacheado Preto\",\n    \"description\": \"O cabelo cacheado preto 2023 estar\\u00e1 na \\u00faltima moda no pr\\u00f3ximo ano, pois manter a curvatura natural dos fios tem sido o grande diferencial nos visuais das mulheres nos \\u00faltimos dias.\",\n    \"thumbnailUrl\": \"https:\\\/\\\/danidrops.com.br\\\/wp-content\\\/uploads\\\/2022\\\/12\\\/Cabelo-Cacheado-Preto-2023.jpg\",\n    \"uploadDate\": \"2022-12-13\",\n    \"duration\": \"PT3M23S\",\n    \"contentUrl\": \"https:\\\/\\\/youtu.be\\\/Ztf-lHdI-Ww\",\n    \"embedUrl\": \"https:\\\/\\\/youtu.be\\\/Ztf-lHdI-Ww\",\n    \"potentialAction\": {\n        \"@type\": \"SeekToAction\",\n        \"target\": \"https:\\\/\\\/youtu.be\\\/Ztf-lHdI-Ww={seek_to_second_number}\",\n        \"startOffset-input\": \"required name=seek_to_second_number\"\n    }\n}<\/script>\n\n\n\n<figure class=\"wp-block-embed is-type-video is-provider-youtube wp-block-embed-youtube wp-embed-aspect-16-9 wp-has-aspect-ratio\"><div class=\"wp-block-embed__wrapper\">\n<iframe loading=\"lazy\" title=\"Capelli ricci neri 2023 - Guarda 50 modelli di capelli ricci neri\" width=\"500\" height=\"281\" src=\"https:\/\/www.youtube.com\/embed\/Ztf-lHdI-Ww?feature=oembed\" frameborder=\"0\" allow=\"accelerometer; autoplay; clipboard-write; encrypted-media; gyroscope; picture-in-picture; web-share\" referrerpolicy=\"strict-origin-when-cross-origin\" allowfullscreen><\/iframe>\n<\/div><figcaption class=\"wp-element-caption\">Capelli ricci neri 2023 \u2013 Vedi 50 modelli di capelli ricci neri<\/figcaption><\/figure>\n\n\n\n<h2 class=\"wp-block-heading\"><span class=\"ez-toc-section\" id=\"Como_hidratar_o_cabelo_preto_cacheado\"><\/span>Come idratare i capelli neri ricci?<span class=\"ez-toc-section-end\"><\/span><\/h2>\n\n\n\n<p>\u00c8 un dato di fatto che i capelli ricci neri 2023 siano belli e innovativi, ma perch\u00e9 siano sempre lucenti e belli, bisogna fare un po&#039; di attenzione!<\/p>\n\n\n\n<figure class=\"wp-block-image size-full\"><img loading=\"lazy\" decoding=\"async\" width=\"760\" height=\"555\" src=\"https:\/\/danidrops.com.br\/wp-content\/uploads\/2022\/12\/03-Cabelo-Cacheado-Preto-2023.jpg\" alt=\"Capelli ricci neri 2023\" class=\"wp-image-56732\" title=\"\" srcset=\"https:\/\/danidrops.com.br\/wp-content\/uploads\/2022\/12\/03-Cabelo-Cacheado-Preto-2023.jpg 760w, https:\/\/danidrops.com.br\/wp-content\/uploads\/2022\/12\/03-Cabelo-Cacheado-Preto-2023-300x219.jpg 300w, https:\/\/danidrops.com.br\/wp-content\/uploads\/2022\/12\/03-Cabelo-Cacheado-Preto-2023-16x12.jpg 16w, https:\/\/danidrops.com.br\/wp-content\/uploads\/2022\/12\/03-Cabelo-Cacheado-Preto-2023-150x110.jpg 150w\" sizes=\"auto, (max-width: 760px) 100vw, 760px\" \/><figcaption class=\"wp-element-caption\">Capelli ricci neri 2023<\/figcaption><\/figure>\n\n\n\n<p>Per avere questa bellezza sempre evidente \u00e8 necessario mantenere un programma capillare completo con i propri ricci, tenendo sempre aggiornati idratazione, ricostruzione e nutrizione.<\/p>\n\n\n\n<figure class=\"wp-block-image size-full\"><img loading=\"lazy\" decoding=\"async\" width=\"760\" height=\"555\" src=\"https:\/\/danidrops.com.br\/wp-content\/uploads\/2022\/12\/01-Cabelo-Cacheado-Preto-2023.jpg\" alt=\"Capelli ricci neri 2023\" class=\"wp-image-56730\" title=\"\" srcset=\"https:\/\/danidrops.com.br\/wp-content\/uploads\/2022\/12\/01-Cabelo-Cacheado-Preto-2023.jpg 760w, https:\/\/danidrops.com.br\/wp-content\/uploads\/2022\/12\/01-Cabelo-Cacheado-Preto-2023-300x219.jpg 300w, https:\/\/danidrops.com.br\/wp-content\/uploads\/2022\/12\/01-Cabelo-Cacheado-Preto-2023-16x12.jpg 16w, https:\/\/danidrops.com.br\/wp-content\/uploads\/2022\/12\/01-Cabelo-Cacheado-Preto-2023-150x110.jpg 150w\" sizes=\"auto, (max-width: 760px) 100vw, 760px\" \/><figcaption class=\"wp-element-caption\">Capelli ricci neri 2023<\/figcaption><\/figure>\n\n\n\n<p>Per idratare i tuoi ricci neri 2023 avrai bisogno di una buona maschera idratante e anche di alcuni prodotti specifici come shampoo senza solfati, oli vegetali per idratare, protettore termico quando necessario, balsami e finish. Inoltre, dovresti stare lontano da fonti di calore come asciugacapelli e arricciacapelli.<\/p>\n\n\n\n<h2 class=\"wp-block-heading\"><span class=\"ez-toc-section\" id=\"Cabelo_Cacheado_Preto_Longo\"><\/span>Lunghi Capelli Ricci Neri<span class=\"ez-toc-section-end\"><\/span><\/h2>\n\n\n\n<p>I lunghi capelli ricci neri sono perfetti per le donne che amano il volume, poich\u00e9 di solito vengono tagliati a strati che esaltano il movimento e il volume delle ciocche in modo controllato.<\/p>\n\n\n\n<figure class=\"wp-block-image size-full\"><img loading=\"lazy\" decoding=\"async\" width=\"760\" height=\"555\" src=\"https:\/\/danidrops.com.br\/wp-content\/uploads\/2022\/12\/07-Cabelo-Cacheado-Preto-Longo.jpg\" alt=\"Lunghi Capelli Ricci Neri\" class=\"wp-image-56736\" title=\"\" srcset=\"https:\/\/danidrops.com.br\/wp-content\/uploads\/2022\/12\/07-Cabelo-Cacheado-Preto-Longo.jpg 760w, https:\/\/danidrops.com.br\/wp-content\/uploads\/2022\/12\/07-Cabelo-Cacheado-Preto-Longo-300x219.jpg 300w, https:\/\/danidrops.com.br\/wp-content\/uploads\/2022\/12\/07-Cabelo-Cacheado-Preto-Longo-16x12.jpg 16w, https:\/\/danidrops.com.br\/wp-content\/uploads\/2022\/12\/07-Cabelo-Cacheado-Preto-Longo-150x110.jpg 150w\" sizes=\"auto, (max-width: 760px) 100vw, 760px\" \/><figcaption class=\"wp-element-caption\">Lunghi Capelli Ricci Neri<\/figcaption><\/figure>\n\n\n\n<figure class=\"wp-block-image size-full\"><img loading=\"lazy\" decoding=\"async\" width=\"760\" height=\"555\" src=\"https:\/\/danidrops.com.br\/wp-content\/uploads\/2022\/12\/06-Cabelo-Cacheado-Preto-Longo.jpg\" alt=\"Lunghi Capelli Ricci Neri\" class=\"wp-image-56735\" title=\"\" srcset=\"https:\/\/danidrops.com.br\/wp-content\/uploads\/2022\/12\/06-Cabelo-Cacheado-Preto-Longo.jpg 760w, https:\/\/danidrops.com.br\/wp-content\/uploads\/2022\/12\/06-Cabelo-Cacheado-Preto-Longo-300x219.jpg 300w, https:\/\/danidrops.com.br\/wp-content\/uploads\/2022\/12\/06-Cabelo-Cacheado-Preto-Longo-16x12.jpg 16w, https:\/\/danidrops.com.br\/wp-content\/uploads\/2022\/12\/06-Cabelo-Cacheado-Preto-Longo-150x110.jpg 150w\" sizes=\"auto, (max-width: 760px) 100vw, 760px\" \/><figcaption class=\"wp-element-caption\">Lunghi Capelli Ricci Neri<\/figcaption><\/figure>\n\n\n\n<h2 class=\"wp-block-heading\"><span class=\"ez-toc-section\" id=\"Cabelo_Cacheado_Preto_Medio\"><\/span>Capelli ricci neri medi<span class=\"ez-toc-section-end\"><\/span><\/h2>\n\n\n\n<p>I capelli ricci neri medi sono i pi\u00f9 classici e i pi\u00f9 trovati per strada, poich\u00e9 le donne cercano sempre pi\u00f9 praticit\u00e0 e modernit\u00e0 nella scelta dei tagli di capelli.<\/p>\n\n\n\n<figure class=\"wp-block-image size-full\"><img loading=\"lazy\" decoding=\"async\" width=\"760\" height=\"555\" src=\"https:\/\/danidrops.com.br\/wp-content\/uploads\/2022\/12\/09-Cabelo-Cacheado-Preto-Medio.jpg\" alt=\"Capelli ricci neri medi\" class=\"wp-image-56738\" title=\"\" srcset=\"https:\/\/danidrops.com.br\/wp-content\/uploads\/2022\/12\/09-Cabelo-Cacheado-Preto-Medio.jpg 760w, https:\/\/danidrops.com.br\/wp-content\/uploads\/2022\/12\/09-Cabelo-Cacheado-Preto-Medio-300x219.jpg 300w, https:\/\/danidrops.com.br\/wp-content\/uploads\/2022\/12\/09-Cabelo-Cacheado-Preto-Medio-16x12.jpg 16w, https:\/\/danidrops.com.br\/wp-content\/uploads\/2022\/12\/09-Cabelo-Cacheado-Preto-Medio-150x110.jpg 150w\" sizes=\"auto, (max-width: 760px) 100vw, 760px\" \/><figcaption class=\"wp-element-caption\">Capelli ricci neri medi<\/figcaption><\/figure>\n\n\n\n<figure class=\"wp-block-image size-full\"><img loading=\"lazy\" decoding=\"async\" width=\"760\" height=\"555\" src=\"https:\/\/danidrops.com.br\/wp-content\/uploads\/2022\/12\/08-Cabelo-Cacheado-Preto-Medio.jpg\" alt=\"Capelli ricci neri medi\" class=\"wp-image-56737\" title=\"\" srcset=\"https:\/\/danidrops.com.br\/wp-content\/uploads\/2022\/12\/08-Cabelo-Cacheado-Preto-Medio.jpg 760w, https:\/\/danidrops.com.br\/wp-content\/uploads\/2022\/12\/08-Cabelo-Cacheado-Preto-Medio-300x219.jpg 300w, https:\/\/danidrops.com.br\/wp-content\/uploads\/2022\/12\/08-Cabelo-Cacheado-Preto-Medio-16x12.jpg 16w, https:\/\/danidrops.com.br\/wp-content\/uploads\/2022\/12\/08-Cabelo-Cacheado-Preto-Medio-150x110.jpg 150w\" sizes=\"auto, (max-width: 760px) 100vw, 760px\" \/><figcaption class=\"wp-element-caption\">Capelli ricci neri medi<\/figcaption><\/figure>\n\n\n\n<h2 class=\"wp-block-heading\"><span class=\"ez-toc-section\" id=\"Cabelo_Cacheado_Preto_Curto\"><\/span>Capelli ricci neri corti<span class=\"ez-toc-section-end\"><\/span><\/h2>\n\n\n\n<p>I capelli corti ricci neri saranno una grande scommessa per l&#039;anno 2023, perch\u00e9 come accennato in precedenza, le donne cercano praticit\u00e0 per le loro giornate senza rinunciare alla bellezza e allo stile.<\/p>\n\n\n\n<figure class=\"wp-block-image size-full\"><img loading=\"lazy\" decoding=\"async\" width=\"760\" height=\"555\" src=\"https:\/\/danidrops.com.br\/wp-content\/uploads\/2022\/12\/11-Cabelo-Cacheado-Preto-Curto.jpg\" alt=\"Capelli ricci neri corti\" class=\"wp-image-56740\" title=\"\" srcset=\"https:\/\/danidrops.com.br\/wp-content\/uploads\/2022\/12\/11-Cabelo-Cacheado-Preto-Curto.jpg 760w, https:\/\/danidrops.com.br\/wp-content\/uploads\/2022\/12\/11-Cabelo-Cacheado-Preto-Curto-300x219.jpg 300w, https:\/\/danidrops.com.br\/wp-content\/uploads\/2022\/12\/11-Cabelo-Cacheado-Preto-Curto-16x12.jpg 16w, https:\/\/danidrops.com.br\/wp-content\/uploads\/2022\/12\/11-Cabelo-Cacheado-Preto-Curto-150x110.jpg 150w\" sizes=\"auto, (max-width: 760px) 100vw, 760px\" \/><figcaption class=\"wp-element-caption\">Capelli ricci neri corti<\/figcaption><\/figure>\n\n\n\n<figure class=\"wp-block-image size-full\"><img loading=\"lazy\" decoding=\"async\" width=\"760\" height=\"555\" src=\"https:\/\/danidrops.com.br\/wp-content\/uploads\/2022\/12\/10-Cabelo-Cacheado-Preto-Curto.jpg\" alt=\"Capelli ricci neri corti\" class=\"wp-image-56739\" title=\"\" srcset=\"https:\/\/danidrops.com.br\/wp-content\/uploads\/2022\/12\/10-Cabelo-Cacheado-Preto-Curto.jpg 760w, https:\/\/danidrops.com.br\/wp-content\/uploads\/2022\/12\/10-Cabelo-Cacheado-Preto-Curto-300x219.jpg 300w, https:\/\/danidrops.com.br\/wp-content\/uploads\/2022\/12\/10-Cabelo-Cacheado-Preto-Curto-16x12.jpg 16w, https:\/\/danidrops.com.br\/wp-content\/uploads\/2022\/12\/10-Cabelo-Cacheado-Preto-Curto-150x110.jpg 150w\" sizes=\"auto, (max-width: 760px) 100vw, 760px\" \/><figcaption class=\"wp-element-caption\">Capelli ricci neri corti<\/figcaption><\/figure>\n\n\n\n<h2 class=\"wp-block-heading\"><span class=\"ez-toc-section\" id=\"Cabelo_Cacheado_Preto_azulado\"><\/span>Capelli ricci neri blu<span class=\"ez-toc-section-end\"><\/span><\/h2>\n\n\n\n<p>I capelli ricci nero bluastri si sposano perfettamente con i toni della pelle freddi e per non perdere la scelta, osservate il tono delle vostre vene sui polsi, in quanto alcune persone abbinano toni bluastri e altri con toni violacei. Oltre ad essere belli, i capelli ricci neri 2023 bluastri hanno pi\u00f9 lucentezza del nero convenzionale, specialmente se osservati alla luce del sole.<\/p>\n\n\n\n<figure class=\"wp-block-image size-full\"><img loading=\"lazy\" decoding=\"async\" width=\"760\" height=\"555\" src=\"https:\/\/danidrops.com.br\/wp-content\/uploads\/2022\/12\/13-Cabelo-Cacheado-Preto-azulado.jpg\" alt=\"Capelli ricci neri blu\" class=\"wp-image-56742\" title=\"\" srcset=\"https:\/\/danidrops.com.br\/wp-content\/uploads\/2022\/12\/13-Cabelo-Cacheado-Preto-azulado.jpg 760w, https:\/\/danidrops.com.br\/wp-content\/uploads\/2022\/12\/13-Cabelo-Cacheado-Preto-azulado-300x219.jpg 300w, https:\/\/danidrops.com.br\/wp-content\/uploads\/2022\/12\/13-Cabelo-Cacheado-Preto-azulado-16x12.jpg 16w, https:\/\/danidrops.com.br\/wp-content\/uploads\/2022\/12\/13-Cabelo-Cacheado-Preto-azulado-150x110.jpg 150w\" sizes=\"auto, (max-width: 760px) 100vw, 760px\" \/><figcaption class=\"wp-element-caption\">Capelli ricci neri blu<\/figcaption><\/figure>\n\n\n\n<figure class=\"wp-block-image size-full\"><img loading=\"lazy\" decoding=\"async\" width=\"760\" height=\"555\" src=\"https:\/\/danidrops.com.br\/wp-content\/uploads\/2022\/12\/12-Cabelo-Cacheado-Preto-azulado.jpg\" alt=\"Capelli ricci neri blu\" class=\"wp-image-56741\" title=\"\" srcset=\"https:\/\/danidrops.com.br\/wp-content\/uploads\/2022\/12\/12-Cabelo-Cacheado-Preto-azulado.jpg 760w, https:\/\/danidrops.com.br\/wp-content\/uploads\/2022\/12\/12-Cabelo-Cacheado-Preto-azulado-300x219.jpg 300w, https:\/\/danidrops.com.br\/wp-content\/uploads\/2022\/12\/12-Cabelo-Cacheado-Preto-azulado-16x12.jpg 16w, https:\/\/danidrops.com.br\/wp-content\/uploads\/2022\/12\/12-Cabelo-Cacheado-Preto-azulado-150x110.jpg 150w\" sizes=\"auto, (max-width: 760px) 100vw, 760px\" \/><figcaption class=\"wp-element-caption\">Capelli ricci neri blu<\/figcaption><\/figure>\n\n\n\n<h2 class=\"wp-block-heading\"><span class=\"ez-toc-section\" id=\"Cabelo_Cacheado_Preto_ametista\"><\/span>Capelli ricci neri ametista<span class=\"ez-toc-section-end\"><\/span><\/h2>\n\n\n\n<p>I capelli ricci neri ametista sono quelli con lo sfondo viola. \u00c8 un colore meno comune del nero bluastro, ma \u00e8 altrettanto bello e moderno.<\/p>\n\n\n\n<figure class=\"wp-block-image size-full\"><img loading=\"lazy\" decoding=\"async\" width=\"760\" height=\"555\" src=\"https:\/\/danidrops.com.br\/wp-content\/uploads\/2022\/12\/15-Cabelo-Cacheado-Preto-ametista.jpg\" alt=\"Capelli ricci neri ametista\" class=\"wp-image-56744\" title=\"\" srcset=\"https:\/\/danidrops.com.br\/wp-content\/uploads\/2022\/12\/15-Cabelo-Cacheado-Preto-ametista.jpg 760w, https:\/\/danidrops.com.br\/wp-content\/uploads\/2022\/12\/15-Cabelo-Cacheado-Preto-ametista-300x219.jpg 300w, https:\/\/danidrops.com.br\/wp-content\/uploads\/2022\/12\/15-Cabelo-Cacheado-Preto-ametista-16x12.jpg 16w, https:\/\/danidrops.com.br\/wp-content\/uploads\/2022\/12\/15-Cabelo-Cacheado-Preto-ametista-150x110.jpg 150w\" sizes=\"auto, (max-width: 760px) 100vw, 760px\" \/><figcaption class=\"wp-element-caption\">Capelli ricci neri ametista<\/figcaption><\/figure>\n\n\n\n<figure class=\"wp-block-image size-full\"><img loading=\"lazy\" decoding=\"async\" width=\"760\" height=\"555\" src=\"https:\/\/danidrops.com.br\/wp-content\/uploads\/2022\/12\/14-Cabelo-Cacheado-Preto-ametista.jpg\" alt=\"Capelli ricci neri ametista\" class=\"wp-image-56743\" title=\"\" srcset=\"https:\/\/danidrops.com.br\/wp-content\/uploads\/2022\/12\/14-Cabelo-Cacheado-Preto-ametista.jpg 760w, https:\/\/danidrops.com.br\/wp-content\/uploads\/2022\/12\/14-Cabelo-Cacheado-Preto-ametista-300x219.jpg 300w, https:\/\/danidrops.com.br\/wp-content\/uploads\/2022\/12\/14-Cabelo-Cacheado-Preto-ametista-16x12.jpg 16w, https:\/\/danidrops.com.br\/wp-content\/uploads\/2022\/12\/14-Cabelo-Cacheado-Preto-ametista-150x110.jpg 150w\" sizes=\"auto, (max-width: 760px) 100vw, 760px\" \/><figcaption class=\"wp-element-caption\">Capelli ricci neri ametista<\/figcaption><\/figure>\n\n\n\n<h2 class=\"wp-block-heading\"><span class=\"ez-toc-section\" id=\"Cabelo_Cacheado_Preto_com_mechas\"><\/span>Capelli ricci neri con riflessi<span class=\"ez-toc-section-end\"><\/span><\/h2>\n\n\n\n<p>Molte persone credono che i capelli neri debbano essere monocromatici, ma questo non \u00e8 vero, poich\u00e9 i capelli ricci neri con m\u00e8ches sembrano perfetti e molto moderni. I punti salienti possono essere realizzati in molti colori diversi a seconda delle preferenze personali e i colori pi\u00f9 comunemente usati sono bordeaux, viola, blu, biondo scuro, grigio e miele.<\/p>\n\n\n\n<figure class=\"wp-block-image size-full\"><img loading=\"lazy\" decoding=\"async\" width=\"760\" height=\"555\" src=\"https:\/\/danidrops.com.br\/wp-content\/uploads\/2022\/12\/17-Cabelo-Cacheado-Preto-com-mechas.jpg\" alt=\"Capelli ricci neri con riflessi\" class=\"wp-image-56746\" title=\"\" srcset=\"https:\/\/danidrops.com.br\/wp-content\/uploads\/2022\/12\/17-Cabelo-Cacheado-Preto-com-mechas.jpg 760w, https:\/\/danidrops.com.br\/wp-content\/uploads\/2022\/12\/17-Cabelo-Cacheado-Preto-com-mechas-300x219.jpg 300w, https:\/\/danidrops.com.br\/wp-content\/uploads\/2022\/12\/17-Cabelo-Cacheado-Preto-com-mechas-16x12.jpg 16w, https:\/\/danidrops.com.br\/wp-content\/uploads\/2022\/12\/17-Cabelo-Cacheado-Preto-com-mechas-150x110.jpg 150w\" sizes=\"auto, (max-width: 760px) 100vw, 760px\" \/><figcaption class=\"wp-element-caption\">Capelli ricci neri con riflessi<\/figcaption><\/figure>\n\n\n\n<figure class=\"wp-block-image size-full\"><img loading=\"lazy\" decoding=\"async\" width=\"760\" height=\"555\" src=\"https:\/\/danidrops.com.br\/wp-content\/uploads\/2022\/12\/16-Cabelo-Cacheado-Preto-com-mechas.jpg\" alt=\"Capelli ricci neri con riflessi\" class=\"wp-image-56745\" title=\"\" srcset=\"https:\/\/danidrops.com.br\/wp-content\/uploads\/2022\/12\/16-Cabelo-Cacheado-Preto-com-mechas.jpg 760w, https:\/\/danidrops.com.br\/wp-content\/uploads\/2022\/12\/16-Cabelo-Cacheado-Preto-com-mechas-300x219.jpg 300w, https:\/\/danidrops.com.br\/wp-content\/uploads\/2022\/12\/16-Cabelo-Cacheado-Preto-com-mechas-16x12.jpg 16w, https:\/\/danidrops.com.br\/wp-content\/uploads\/2022\/12\/16-Cabelo-Cacheado-Preto-com-mechas-150x110.jpg 150w\" sizes=\"auto, (max-width: 760px) 100vw, 760px\" \/><figcaption class=\"wp-element-caption\">Capelli ricci neri con riflessi<\/figcaption><\/figure>\n\n\n\n<h2 class=\"wp-block-heading\"><span class=\"ez-toc-section\" id=\"Cabelo_Cacheado_Preto_com_luzes\"><\/span>Capelli ricci neri con riflessi<span class=\"ez-toc-section-end\"><\/span><\/h2>\n\n\n\n<p>Proprio come le ciocche, i capelli ricci neri con luci sono molto graditi alle donne audaci e giovanili, in quanto illuminano il look in modo discreto e bellissimo. Le luci possono essere molto luminose o pi\u00f9 discrete a seconda del risultato che la donna desidera nell&#039;illuminazione dei fili.<\/p>\n\n\n\n<figure class=\"wp-block-image size-full\"><img loading=\"lazy\" decoding=\"async\" width=\"760\" height=\"555\" src=\"https:\/\/danidrops.com.br\/wp-content\/uploads\/2022\/12\/19-Cabelo-Cacheado-Preto-com-luzez.jpg\" alt=\"Capelli ricci neri con riflessi\" class=\"wp-image-56748\" title=\"\" srcset=\"https:\/\/danidrops.com.br\/wp-content\/uploads\/2022\/12\/19-Cabelo-Cacheado-Preto-com-luzez.jpg 760w, https:\/\/danidrops.com.br\/wp-content\/uploads\/2022\/12\/19-Cabelo-Cacheado-Preto-com-luzez-300x219.jpg 300w, https:\/\/danidrops.com.br\/wp-content\/uploads\/2022\/12\/19-Cabelo-Cacheado-Preto-com-luzez-16x12.jpg 16w, https:\/\/danidrops.com.br\/wp-content\/uploads\/2022\/12\/19-Cabelo-Cacheado-Preto-com-luzez-150x110.jpg 150w\" sizes=\"auto, (max-width: 760px) 100vw, 760px\" \/><figcaption class=\"wp-element-caption\">Capelli ricci neri con riflessi<\/figcaption><\/figure>\n\n\n\n<figure class=\"wp-block-image size-full\"><img loading=\"lazy\" decoding=\"async\" width=\"760\" height=\"555\" src=\"https:\/\/danidrops.com.br\/wp-content\/uploads\/2022\/12\/18-Cabelo-Cacheado-Preto-com-luzez.jpg\" alt=\"Capelli ricci neri con riflessi\" class=\"wp-image-56747\" title=\"\" srcset=\"https:\/\/danidrops.com.br\/wp-content\/uploads\/2022\/12\/18-Cabelo-Cacheado-Preto-com-luzez.jpg 760w, https:\/\/danidrops.com.br\/wp-content\/uploads\/2022\/12\/18-Cabelo-Cacheado-Preto-com-luzez-300x219.jpg 300w, https:\/\/danidrops.com.br\/wp-content\/uploads\/2022\/12\/18-Cabelo-Cacheado-Preto-com-luzez-16x12.jpg 16w, https:\/\/danidrops.com.br\/wp-content\/uploads\/2022\/12\/18-Cabelo-Cacheado-Preto-com-luzez-150x110.jpg 150w\" sizes=\"auto, (max-width: 760px) 100vw, 760px\" \/><figcaption class=\"wp-element-caption\">Capelli ricci neri con riflessi<\/figcaption><\/figure>\n\n\n\n<h2 class=\"wp-block-heading\"><span class=\"ez-toc-section\" id=\"Cabelo_Cacheado_Preto_dourado\"><\/span>Capelli ricci neri dorati<span class=\"ez-toc-section-end\"><\/span><\/h2>\n\n\n\n<p>L&#039;oro \u00e8 un colore che illumina in modo bello e potente qualsiasi tipo di fondo di capelli. I capelli ricci neri 2023 con illuminazione dorata offrono un aspetto lussuoso e molto bello, che dona armoniosamente vita e gioia al viso.<\/p>\n\n\n\n<figure class=\"wp-block-image size-full\"><img loading=\"lazy\" decoding=\"async\" width=\"760\" height=\"555\" src=\"https:\/\/danidrops.com.br\/wp-content\/uploads\/2022\/12\/21-Cabelo-Cacheado-Preto-dourado.jpg\" alt=\"Capelli ricci neri dorati\" class=\"wp-image-56750\" title=\"\" srcset=\"https:\/\/danidrops.com.br\/wp-content\/uploads\/2022\/12\/21-Cabelo-Cacheado-Preto-dourado.jpg 760w, https:\/\/danidrops.com.br\/wp-content\/uploads\/2022\/12\/21-Cabelo-Cacheado-Preto-dourado-300x219.jpg 300w, https:\/\/danidrops.com.br\/wp-content\/uploads\/2022\/12\/21-Cabelo-Cacheado-Preto-dourado-16x12.jpg 16w, https:\/\/danidrops.com.br\/wp-content\/uploads\/2022\/12\/21-Cabelo-Cacheado-Preto-dourado-150x110.jpg 150w\" sizes=\"auto, (max-width: 760px) 100vw, 760px\" \/><figcaption class=\"wp-element-caption\">Capelli ricci neri dorati<\/figcaption><\/figure>\n\n\n\n<figure class=\"wp-block-image size-full\"><img loading=\"lazy\" decoding=\"async\" width=\"760\" height=\"555\" src=\"https:\/\/danidrops.com.br\/wp-content\/uploads\/2022\/12\/20-Cabelo-Cacheado-Preto-dourado.jpg\" alt=\"Capelli ricci neri dorati\" class=\"wp-image-56749\" title=\"\" srcset=\"https:\/\/danidrops.com.br\/wp-content\/uploads\/2022\/12\/20-Cabelo-Cacheado-Preto-dourado.jpg 760w, https:\/\/danidrops.com.br\/wp-content\/uploads\/2022\/12\/20-Cabelo-Cacheado-Preto-dourado-300x219.jpg 300w, https:\/\/danidrops.com.br\/wp-content\/uploads\/2022\/12\/20-Cabelo-Cacheado-Preto-dourado-16x12.jpg 16w, https:\/\/danidrops.com.br\/wp-content\/uploads\/2022\/12\/20-Cabelo-Cacheado-Preto-dourado-150x110.jpg 150w\" sizes=\"auto, (max-width: 760px) 100vw, 760px\" \/><figcaption class=\"wp-element-caption\">Capelli ricci neri dorati<\/figcaption><\/figure>\n\n\n\n<h2 class=\"wp-block-heading\"><span class=\"ez-toc-section\" id=\"Cabelo_Cacheado_Preto_platinado\"><\/span>capelli ricci nero platino<span class=\"ez-toc-section-end\"><\/span><\/h2>\n\n\n\n<p>I capelli ricci nero platino sono una tonalit\u00e0 schiarente per le donne che non hanno paura del cambiamento, poich\u00e9 il contrasto tra le tonalit\u00e0 \u00e8 molto alto. Nonostante sia molto bello, questo tipo di capelli ricci neri 2023 richiede cure extra in termini di idratazione.<\/p>\n\n\n\n<figure class=\"wp-block-image size-full\"><img loading=\"lazy\" decoding=\"async\" width=\"760\" height=\"555\" src=\"https:\/\/danidrops.com.br\/wp-content\/uploads\/2022\/12\/23-Cabelo-Cacheado-Preto-platinado.jpg\" alt=\"capelli ricci nero platino\" class=\"wp-image-56752\" title=\"\" srcset=\"https:\/\/danidrops.com.br\/wp-content\/uploads\/2022\/12\/23-Cabelo-Cacheado-Preto-platinado.jpg 760w, https:\/\/danidrops.com.br\/wp-content\/uploads\/2022\/12\/23-Cabelo-Cacheado-Preto-platinado-300x219.jpg 300w, https:\/\/danidrops.com.br\/wp-content\/uploads\/2022\/12\/23-Cabelo-Cacheado-Preto-platinado-16x12.jpg 16w, https:\/\/danidrops.com.br\/wp-content\/uploads\/2022\/12\/23-Cabelo-Cacheado-Preto-platinado-150x110.jpg 150w\" sizes=\"auto, (max-width: 760px) 100vw, 760px\" \/><figcaption class=\"wp-element-caption\">capelli ricci nero platino<\/figcaption><\/figure>\n\n\n\n<figure class=\"wp-block-image size-full\"><img loading=\"lazy\" decoding=\"async\" width=\"760\" height=\"555\" src=\"https:\/\/danidrops.com.br\/wp-content\/uploads\/2022\/12\/22-Cabelo-Cacheado-Preto-platinado.jpg\" alt=\"capelli ricci nero platino\" class=\"wp-image-56751\" title=\"\" srcset=\"https:\/\/danidrops.com.br\/wp-content\/uploads\/2022\/12\/22-Cabelo-Cacheado-Preto-platinado.jpg 760w, https:\/\/danidrops.com.br\/wp-content\/uploads\/2022\/12\/22-Cabelo-Cacheado-Preto-platinado-300x219.jpg 300w, https:\/\/danidrops.com.br\/wp-content\/uploads\/2022\/12\/22-Cabelo-Cacheado-Preto-platinado-16x12.jpg 16w, https:\/\/danidrops.com.br\/wp-content\/uploads\/2022\/12\/22-Cabelo-Cacheado-Preto-platinado-150x110.jpg 150w\" sizes=\"auto, (max-width: 760px) 100vw, 760px\" \/><figcaption class=\"wp-element-caption\">capelli ricci nero platino<\/figcaption><\/figure>\n\n\n\n<h2 class=\"wp-block-heading\"><span class=\"ez-toc-section\" id=\"Cabelo_Cacheado_Preto_e_branco\"><\/span>Capelli ricci bianchi e neri<span class=\"ez-toc-section-end\"><\/span><\/h2>\n\n\n\n<p>Se scegli di colorare i tuoi capelli ricci in bianco e nero, puoi fare solo due ciocche frontali per esempio o qualche schiarita a intervalli sporadici per dare stile e audacia al tuo look.<\/p>\n\n\n\n<figure class=\"wp-block-image size-full\"><img loading=\"lazy\" decoding=\"async\" width=\"760\" height=\"555\" src=\"https:\/\/danidrops.com.br\/wp-content\/uploads\/2022\/12\/25-Cabelo-Cacheado-Preto-e-branco.jpg\" alt=\"Capelli ricci bianchi e neri\" class=\"wp-image-56754\" title=\"\" srcset=\"https:\/\/danidrops.com.br\/wp-content\/uploads\/2022\/12\/25-Cabelo-Cacheado-Preto-e-branco.jpg 760w, https:\/\/danidrops.com.br\/wp-content\/uploads\/2022\/12\/25-Cabelo-Cacheado-Preto-e-branco-300x219.jpg 300w, https:\/\/danidrops.com.br\/wp-content\/uploads\/2022\/12\/25-Cabelo-Cacheado-Preto-e-branco-16x12.jpg 16w, https:\/\/danidrops.com.br\/wp-content\/uploads\/2022\/12\/25-Cabelo-Cacheado-Preto-e-branco-150x110.jpg 150w\" sizes=\"auto, (max-width: 760px) 100vw, 760px\" \/><figcaption class=\"wp-element-caption\">Capelli ricci bianchi e neri<\/figcaption><\/figure>\n\n\n\n<figure class=\"wp-block-image size-full\"><img loading=\"lazy\" decoding=\"async\" width=\"760\" height=\"555\" src=\"https:\/\/danidrops.com.br\/wp-content\/uploads\/2022\/12\/24-Cabelo-Cacheado-Preto-e-branco.jpg\" alt=\"Capelli ricci bianchi e neri\" class=\"wp-image-56753\" title=\"\" srcset=\"https:\/\/danidrops.com.br\/wp-content\/uploads\/2022\/12\/24-Cabelo-Cacheado-Preto-e-branco.jpg 760w, https:\/\/danidrops.com.br\/wp-content\/uploads\/2022\/12\/24-Cabelo-Cacheado-Preto-e-branco-300x219.jpg 300w, https:\/\/danidrops.com.br\/wp-content\/uploads\/2022\/12\/24-Cabelo-Cacheado-Preto-e-branco-16x12.jpg 16w, https:\/\/danidrops.com.br\/wp-content\/uploads\/2022\/12\/24-Cabelo-Cacheado-Preto-e-branco-150x110.jpg 150w\" sizes=\"auto, (max-width: 760px) 100vw, 760px\" \/><figcaption class=\"wp-element-caption\">Capelli ricci bianchi e neri<\/figcaption><\/figure>\n\n\n\n<h2 class=\"wp-block-heading\"><span class=\"ez-toc-section\" id=\"Cabelo_Cacheado_Preto_e_vermelho\"><\/span>Capelli ricci neri e rossi<span class=\"ez-toc-section-end\"><\/span><\/h2>\n\n\n\n<p>I capelli ricci neri e rossi sono potenti e molto alla moda. Pu\u00f2 essere visto in ciocche o luci con i capelli su uno sfondo nero, che crea l&#039;illusione di un colore intenso e molto suggestivo. Inoltre si possono utilizzare varie tonalit\u00e0 di rosso, da quelle pi\u00f9 intense e chiare a quelle pi\u00f9 chiuse e scure.<\/p>\n\n\n\n<figure class=\"wp-block-image size-full\"><img loading=\"lazy\" decoding=\"async\" width=\"760\" height=\"555\" src=\"https:\/\/danidrops.com.br\/wp-content\/uploads\/2022\/12\/27-Cabelo-Cacheado-Preto-e-vermelho.jpg\" alt=\"Capelli ricci neri e rossi\" class=\"wp-image-56756\" title=\"\" srcset=\"https:\/\/danidrops.com.br\/wp-content\/uploads\/2022\/12\/27-Cabelo-Cacheado-Preto-e-vermelho.jpg 760w, https:\/\/danidrops.com.br\/wp-content\/uploads\/2022\/12\/27-Cabelo-Cacheado-Preto-e-vermelho-300x219.jpg 300w, https:\/\/danidrops.com.br\/wp-content\/uploads\/2022\/12\/27-Cabelo-Cacheado-Preto-e-vermelho-16x12.jpg 16w, https:\/\/danidrops.com.br\/wp-content\/uploads\/2022\/12\/27-Cabelo-Cacheado-Preto-e-vermelho-150x110.jpg 150w\" sizes=\"auto, (max-width: 760px) 100vw, 760px\" \/><figcaption class=\"wp-element-caption\">Capelli ricci neri e rossi<\/figcaption><\/figure>\n\n\n\n<figure class=\"wp-block-image size-full\"><img loading=\"lazy\" decoding=\"async\" width=\"760\" height=\"555\" src=\"https:\/\/danidrops.com.br\/wp-content\/uploads\/2022\/12\/26-Cabelo-Cacheado-Preto-e-vermelho.jpg\" alt=\"Capelli ricci neri e rossi\" class=\"wp-image-56755\" title=\"\" srcset=\"https:\/\/danidrops.com.br\/wp-content\/uploads\/2022\/12\/26-Cabelo-Cacheado-Preto-e-vermelho.jpg 760w, https:\/\/danidrops.com.br\/wp-content\/uploads\/2022\/12\/26-Cabelo-Cacheado-Preto-e-vermelho-300x219.jpg 300w, https:\/\/danidrops.com.br\/wp-content\/uploads\/2022\/12\/26-Cabelo-Cacheado-Preto-e-vermelho-16x12.jpg 16w, https:\/\/danidrops.com.br\/wp-content\/uploads\/2022\/12\/26-Cabelo-Cacheado-Preto-e-vermelho-150x110.jpg 150w\" sizes=\"auto, (max-width: 760px) 100vw, 760px\" \/><figcaption class=\"wp-element-caption\">Capelli ricci neri e rossi<\/figcaption><\/figure>\n\n\n\n<h2 class=\"wp-block-heading\"><span class=\"ez-toc-section\" id=\"Cabelo_Cacheado_Preto_natural\"><\/span>capelli ricci neri naturali<span class=\"ez-toc-section-end\"><\/span><\/h2>\n\n\n\n<p>I capelli ricci neri naturali sono molto belli e spesso hanno una lucentezza surreale. Le curve risaltano per la lucentezza e le curve dei ricci e il volume \u00e8 il principale responsabile del movimento e della bellezza delle ciocche.<\/p>\n\n\n\n<figure class=\"wp-block-image size-full\"><img loading=\"lazy\" decoding=\"async\" width=\"760\" height=\"555\" src=\"https:\/\/danidrops.com.br\/wp-content\/uploads\/2022\/12\/31-Cabelo-Cacheado-Preto-natural.jpg\" alt=\"capelli ricci neri naturali\" class=\"wp-image-56760\" title=\"\" srcset=\"https:\/\/danidrops.com.br\/wp-content\/uploads\/2022\/12\/31-Cabelo-Cacheado-Preto-natural.jpg 760w, https:\/\/danidrops.com.br\/wp-content\/uploads\/2022\/12\/31-Cabelo-Cacheado-Preto-natural-300x219.jpg 300w, https:\/\/danidrops.com.br\/wp-content\/uploads\/2022\/12\/31-Cabelo-Cacheado-Preto-natural-16x12.jpg 16w, https:\/\/danidrops.com.br\/wp-content\/uploads\/2022\/12\/31-Cabelo-Cacheado-Preto-natural-150x110.jpg 150w\" sizes=\"auto, (max-width: 760px) 100vw, 760px\" \/><figcaption class=\"wp-element-caption\">capelli ricci neri naturali<\/figcaption><\/figure>\n\n\n\n<figure class=\"wp-block-image size-full\"><img loading=\"lazy\" decoding=\"async\" width=\"760\" height=\"555\" src=\"https:\/\/danidrops.com.br\/wp-content\/uploads\/2022\/12\/30-Cabelo-Cacheado-Preto-natural.jpg\" alt=\"capelli ricci neri naturali\" class=\"wp-image-56759\" title=\"\" srcset=\"https:\/\/danidrops.com.br\/wp-content\/uploads\/2022\/12\/30-Cabelo-Cacheado-Preto-natural.jpg 760w, https:\/\/danidrops.com.br\/wp-content\/uploads\/2022\/12\/30-Cabelo-Cacheado-Preto-natural-300x219.jpg 300w, https:\/\/danidrops.com.br\/wp-content\/uploads\/2022\/12\/30-Cabelo-Cacheado-Preto-natural-16x12.jpg 16w, https:\/\/danidrops.com.br\/wp-content\/uploads\/2022\/12\/30-Cabelo-Cacheado-Preto-natural-150x110.jpg 150w\" sizes=\"auto, (max-width: 760px) 100vw, 760px\" \/><figcaption class=\"wp-element-caption\">capelli ricci neri naturali<\/figcaption><\/figure>\n\n\n\n<h2 class=\"wp-block-heading\"><span class=\"ez-toc-section\" id=\"Cabelo_Cacheado_Preto_repicado\"><\/span>Capelli ricci neri tagliati<span class=\"ez-toc-section-end\"><\/span><\/h2>\n\n\n\n<p>I capelli ricci neri con finish scalato sono i pi\u00f9 classici di tutti, perch\u00e9 perch\u00e9 i ricci abbiano definizione e volume controllato \u00e8 necessario un buon taglio scalato. Gli strati del taglio di capelli ricci neri 2023 a strati possono essere discreti o vistosi, cio\u00e8 tutto dipende da quanto volume vuoi.<\/p>\n\n\n\n<figure class=\"wp-block-image size-full\"><img loading=\"lazy\" decoding=\"async\" width=\"760\" height=\"555\" src=\"https:\/\/danidrops.com.br\/wp-content\/uploads\/2022\/12\/33-Cabelo-Cacheado-Preto-repicado.jpg\" alt=\"Capelli ricci neri tagliati\" class=\"wp-image-56762\" title=\"\" srcset=\"https:\/\/danidrops.com.br\/wp-content\/uploads\/2022\/12\/33-Cabelo-Cacheado-Preto-repicado.jpg 760w, https:\/\/danidrops.com.br\/wp-content\/uploads\/2022\/12\/33-Cabelo-Cacheado-Preto-repicado-300x219.jpg 300w, https:\/\/danidrops.com.br\/wp-content\/uploads\/2022\/12\/33-Cabelo-Cacheado-Preto-repicado-16x12.jpg 16w, https:\/\/danidrops.com.br\/wp-content\/uploads\/2022\/12\/33-Cabelo-Cacheado-Preto-repicado-150x110.jpg 150w\" sizes=\"auto, (max-width: 760px) 100vw, 760px\" \/><figcaption class=\"wp-element-caption\">Capelli ricci neri tagliati<\/figcaption><\/figure>\n\n\n\n<figure class=\"wp-block-image size-full\"><img loading=\"lazy\" decoding=\"async\" width=\"760\" height=\"555\" src=\"https:\/\/danidrops.com.br\/wp-content\/uploads\/2022\/12\/32-Cabelo-Cacheado-Preto-repicado.jpg\" alt=\"Capelli ricci neri tagliati\" class=\"wp-image-56761\" title=\"\" srcset=\"https:\/\/danidrops.com.br\/wp-content\/uploads\/2022\/12\/32-Cabelo-Cacheado-Preto-repicado.jpg 760w, https:\/\/danidrops.com.br\/wp-content\/uploads\/2022\/12\/32-Cabelo-Cacheado-Preto-repicado-300x219.jpg 300w, https:\/\/danidrops.com.br\/wp-content\/uploads\/2022\/12\/32-Cabelo-Cacheado-Preto-repicado-16x12.jpg 16w, https:\/\/danidrops.com.br\/wp-content\/uploads\/2022\/12\/32-Cabelo-Cacheado-Preto-repicado-150x110.jpg 150w\" sizes=\"auto, (max-width: 760px) 100vw, 760px\" \/><figcaption class=\"wp-element-caption\">Capelli ricci neri tagliati<\/figcaption><\/figure>\n\n\n\n<h2 class=\"wp-block-heading\"><span class=\"ez-toc-section\" id=\"Cabelo_Cacheado_Preto_Masculino\"><\/span>Capelli ricci neri da uomo<span class=\"ez-toc-section-end\"><\/span><\/h2>\n\n\n\n<p>I capelli ricci neri da uomo sono i pi\u00f9 classici e tradizionali e possono avere diverse curvature, dalle pi\u00f9 larghe alle pi\u00f9 chiuse e definite. Anche i tagli sono diversi e ogni tipologia di taglio serve a valorizzare un tipo di curvatura dei capelli ricci neri 2023.<\/p>\n\n\n\n<figure class=\"wp-block-image size-full\"><img loading=\"lazy\" decoding=\"async\" width=\"760\" height=\"555\" src=\"https:\/\/danidrops.com.br\/wp-content\/uploads\/2022\/12\/35-Cabelo-Cacheado-Preto-Masculino.jpg\" alt=\"Capelli ricci neri da uomo\" class=\"wp-image-56764\" title=\"\" srcset=\"https:\/\/danidrops.com.br\/wp-content\/uploads\/2022\/12\/35-Cabelo-Cacheado-Preto-Masculino.jpg 760w, https:\/\/danidrops.com.br\/wp-content\/uploads\/2022\/12\/35-Cabelo-Cacheado-Preto-Masculino-300x219.jpg 300w, https:\/\/danidrops.com.br\/wp-content\/uploads\/2022\/12\/35-Cabelo-Cacheado-Preto-Masculino-16x12.jpg 16w, https:\/\/danidrops.com.br\/wp-content\/uploads\/2022\/12\/35-Cabelo-Cacheado-Preto-Masculino-150x110.jpg 150w\" sizes=\"auto, (max-width: 760px) 100vw, 760px\" \/><figcaption class=\"wp-element-caption\">Capelli ricci neri da uomo<\/figcaption><\/figure>\n\n\n\n<figure class=\"wp-block-image size-full\"><img loading=\"lazy\" decoding=\"async\" width=\"760\" height=\"555\" src=\"https:\/\/danidrops.com.br\/wp-content\/uploads\/2022\/12\/34-Cabelo-Cacheado-Preto-Masculino.jpg\" alt=\"Capelli ricci neri da uomo\" class=\"wp-image-56763\" title=\"\" srcset=\"https:\/\/danidrops.com.br\/wp-content\/uploads\/2022\/12\/34-Cabelo-Cacheado-Preto-Masculino.jpg 760w, https:\/\/danidrops.com.br\/wp-content\/uploads\/2022\/12\/34-Cabelo-Cacheado-Preto-Masculino-300x219.jpg 300w, https:\/\/danidrops.com.br\/wp-content\/uploads\/2022\/12\/34-Cabelo-Cacheado-Preto-Masculino-16x12.jpg 16w, https:\/\/danidrops.com.br\/wp-content\/uploads\/2022\/12\/34-Cabelo-Cacheado-Preto-Masculino-150x110.jpg 150w\" sizes=\"auto, (max-width: 760px) 100vw, 760px\" \/><figcaption class=\"wp-element-caption\">Capelli ricci neri da uomo<\/figcaption><\/figure>\n\n\n\n<h2 class=\"wp-block-heading\"><span class=\"ez-toc-section\" id=\"Cabelo_Cacheado_Preto_Feminino\"><\/span>Capelli ricci neri femminili<span class=\"ez-toc-section-end\"><\/span><\/h2>\n\n\n\n<p>I capelli ricci neri da donna sono molto belli e versatili e le possibilit\u00e0 di tagli e colpi di sole sono enormi, il che rende i capelli ricci neri 2023 uno dei preferiti dalle donne per il prossimo anno.<\/p>\n\n\n\n<figure class=\"wp-block-image size-full\"><img loading=\"lazy\" decoding=\"async\" width=\"760\" height=\"555\" src=\"https:\/\/danidrops.com.br\/wp-content\/uploads\/2022\/12\/37-Cabelo-Cacheado-Preto-Feminino.jpg\" alt=\"Capelli ricci neri femminili\" class=\"wp-image-56717\" title=\"\" srcset=\"https:\/\/danidrops.com.br\/wp-content\/uploads\/2022\/12\/37-Cabelo-Cacheado-Preto-Feminino.jpg 760w, https:\/\/danidrops.com.br\/wp-content\/uploads\/2022\/12\/37-Cabelo-Cacheado-Preto-Feminino-300x219.jpg 300w, https:\/\/danidrops.com.br\/wp-content\/uploads\/2022\/12\/37-Cabelo-Cacheado-Preto-Feminino-16x12.jpg 16w, https:\/\/danidrops.com.br\/wp-content\/uploads\/2022\/12\/37-Cabelo-Cacheado-Preto-Feminino-150x110.jpg 150w\" sizes=\"auto, (max-width: 760px) 100vw, 760px\" \/><figcaption class=\"wp-element-caption\">Capelli ricci neri femminili<\/figcaption><\/figure>\n\n\n\n<figure class=\"wp-block-image size-full\"><img loading=\"lazy\" decoding=\"async\" width=\"760\" height=\"555\" src=\"https:\/\/danidrops.com.br\/wp-content\/uploads\/2022\/12\/36-Cabelo-Cacheado-Preto-Feminino.jpg\" alt=\"Capelli ricci neri femminili\" class=\"wp-image-56716\" title=\"\" srcset=\"https:\/\/danidrops.com.br\/wp-content\/uploads\/2022\/12\/36-Cabelo-Cacheado-Preto-Feminino.jpg 760w, https:\/\/danidrops.com.br\/wp-content\/uploads\/2022\/12\/36-Cabelo-Cacheado-Preto-Feminino-300x219.jpg 300w, https:\/\/danidrops.com.br\/wp-content\/uploads\/2022\/12\/36-Cabelo-Cacheado-Preto-Feminino-16x12.jpg 16w, https:\/\/danidrops.com.br\/wp-content\/uploads\/2022\/12\/36-Cabelo-Cacheado-Preto-Feminino-150x110.jpg 150w\" sizes=\"auto, (max-width: 760px) 100vw, 760px\" \/><figcaption class=\"wp-element-caption\">Capelli ricci neri femminili<\/figcaption><\/figure>\n\n\n\n<h2 class=\"wp-block-heading\"><span class=\"ez-toc-section\" id=\"Cabelo_Cacheado_Preto_Infantil\"><\/span>Capelli ricci neri per bambini<span class=\"ez-toc-section-end\"><\/span><\/h2>\n\n\n\n<p>Sebbene i capelli ricci neri dei bambini non possano subire il processo di cambio colore, i tagli possono dare vita e personalit\u00e0 alle ciocche. Puoi optare per tagli che favoriscono o controllano il volume, cos\u00ec come scegliere un modello di taglio per incorniciare il viso del bambino.<\/p>\n\n\n\n<figure class=\"wp-block-image size-full\"><img loading=\"lazy\" decoding=\"async\" width=\"760\" height=\"555\" src=\"https:\/\/danidrops.com.br\/wp-content\/uploads\/2022\/12\/39-Cabelo-Cacheado-Preto-Infantil.jpg\" alt=\"Capelli ricci neri per bambini\" class=\"wp-image-56719\" title=\"\" srcset=\"https:\/\/danidrops.com.br\/wp-content\/uploads\/2022\/12\/39-Cabelo-Cacheado-Preto-Infantil.jpg 760w, https:\/\/danidrops.com.br\/wp-content\/uploads\/2022\/12\/39-Cabelo-Cacheado-Preto-Infantil-300x219.jpg 300w, https:\/\/danidrops.com.br\/wp-content\/uploads\/2022\/12\/39-Cabelo-Cacheado-Preto-Infantil-16x12.jpg 16w, https:\/\/danidrops.com.br\/wp-content\/uploads\/2022\/12\/39-Cabelo-Cacheado-Preto-Infantil-150x110.jpg 150w\" sizes=\"auto, (max-width: 760px) 100vw, 760px\" \/><figcaption class=\"wp-element-caption\">Capelli ricci neri per bambini<\/figcaption><\/figure>\n\n\n\n<figure class=\"wp-block-image size-full\"><img loading=\"lazy\" decoding=\"async\" width=\"760\" height=\"555\" src=\"https:\/\/danidrops.com.br\/wp-content\/uploads\/2022\/12\/38-Cabelo-Cacheado-Preto-Infantil.jpg\" alt=\"Capelli ricci neri per bambini\" class=\"wp-image-56718\" title=\"\" srcset=\"https:\/\/danidrops.com.br\/wp-content\/uploads\/2022\/12\/38-Cabelo-Cacheado-Preto-Infantil.jpg 760w, https:\/\/danidrops.com.br\/wp-content\/uploads\/2022\/12\/38-Cabelo-Cacheado-Preto-Infantil-300x219.jpg 300w, https:\/\/danidrops.com.br\/wp-content\/uploads\/2022\/12\/38-Cabelo-Cacheado-Preto-Infantil-16x12.jpg 16w, https:\/\/danidrops.com.br\/wp-content\/uploads\/2022\/12\/38-Cabelo-Cacheado-Preto-Infantil-150x110.jpg 150w\" sizes=\"auto, (max-width: 760px) 100vw, 760px\" \/><figcaption class=\"wp-element-caption\">Capelli ricci neri per bambini<\/figcaption><\/figure>\n\n\n\n<h2 class=\"wp-block-heading\"><span class=\"ez-toc-section\" id=\"Cabelo_Cacheado_Preto_redondo\"><\/span>Capelli ricci neri rotondi<span class=\"ez-toc-section-end\"><\/span><\/h2>\n\n\n\n<p>I capelli ricci neri tondi sono il classico black power cut, dove le ciocche sono tagliate in modo da avere bordi e silhouette arrotondati. Questo tipo di taglio pu\u00f2 essere eseguito su capelli ricci neri medi o corti, dove la lunghezza ideale \u00e8 quella in cui la donna o l&#039;uomo si sente a suo agio e bello (o).<\/p>\n\n\n\n<figure class=\"wp-block-image size-full\"><img loading=\"lazy\" decoding=\"async\" width=\"760\" height=\"555\" src=\"https:\/\/danidrops.com.br\/wp-content\/uploads\/2022\/12\/41-Cabelo-Cacheado-Preto-para-rosto-redondo.jpg\" alt=\"Capelli ricci neri per viso tondo\" class=\"wp-image-56721\" title=\"\" srcset=\"https:\/\/danidrops.com.br\/wp-content\/uploads\/2022\/12\/41-Cabelo-Cacheado-Preto-para-rosto-redondo.jpg 760w, https:\/\/danidrops.com.br\/wp-content\/uploads\/2022\/12\/41-Cabelo-Cacheado-Preto-para-rosto-redondo-300x219.jpg 300w, https:\/\/danidrops.com.br\/wp-content\/uploads\/2022\/12\/41-Cabelo-Cacheado-Preto-para-rosto-redondo-16x12.jpg 16w, https:\/\/danidrops.com.br\/wp-content\/uploads\/2022\/12\/41-Cabelo-Cacheado-Preto-para-rosto-redondo-150x110.jpg 150w\" sizes=\"auto, (max-width: 760px) 100vw, 760px\" \/><figcaption class=\"wp-element-caption\">Capelli ricci neri per viso tondo<\/figcaption><\/figure>\n\n\n\n<figure class=\"wp-block-image size-full\"><img loading=\"lazy\" decoding=\"async\" width=\"760\" height=\"555\" src=\"https:\/\/danidrops.com.br\/wp-content\/uploads\/2022\/12\/40-Cabelo-Cacheado-Preto-para-rosto-redondo.jpg\" alt=\"Capelli ricci neri per viso tondo\" class=\"wp-image-56720\" title=\"\" srcset=\"https:\/\/danidrops.com.br\/wp-content\/uploads\/2022\/12\/40-Cabelo-Cacheado-Preto-para-rosto-redondo.jpg 760w, https:\/\/danidrops.com.br\/wp-content\/uploads\/2022\/12\/40-Cabelo-Cacheado-Preto-para-rosto-redondo-300x219.jpg 300w, https:\/\/danidrops.com.br\/wp-content\/uploads\/2022\/12\/40-Cabelo-Cacheado-Preto-para-rosto-redondo-16x12.jpg 16w, https:\/\/danidrops.com.br\/wp-content\/uploads\/2022\/12\/40-Cabelo-Cacheado-Preto-para-rosto-redondo-150x110.jpg 150w\" sizes=\"auto, (max-width: 760px) 100vw, 760px\" \/><figcaption class=\"wp-element-caption\">Capelli ricci neri per viso tondo<\/figcaption><\/figure>\n\n\n\n<h2 class=\"wp-block-heading\"><span class=\"ez-toc-section\" id=\"Cabelo_Cacheado_Preto_para_mulheres_plus_size\"><\/span>Capelli ricci neri per donne taglie forti<span class=\"ez-toc-section-end\"><\/span><\/h2>\n\n\n\n<p>I capelli ricci neri per le donne plus size sono bellissimi e di solito i tagli vengono scelti per incorniciare il viso. Inoltre, le tecniche di illuminazione dei fili sono molto apprezzate da questo pubblico in quanto forniscono risultati semplicemente meravigliosi.<\/p>\n\n\n\n<figure class=\"wp-block-image size-full\"><img loading=\"lazy\" decoding=\"async\" width=\"760\" height=\"555\" src=\"https:\/\/danidrops.com.br\/wp-content\/uploads\/2022\/12\/43-Cabelo-Cacheado-Preto-para-mulheres-plus-size.jpg\" alt=\"Capelli ricci neri per donne taglie forti\" class=\"wp-image-56723\" title=\"\" srcset=\"https:\/\/danidrops.com.br\/wp-content\/uploads\/2022\/12\/43-Cabelo-Cacheado-Preto-para-mulheres-plus-size.jpg 760w, https:\/\/danidrops.com.br\/wp-content\/uploads\/2022\/12\/43-Cabelo-Cacheado-Preto-para-mulheres-plus-size-300x219.jpg 300w, https:\/\/danidrops.com.br\/wp-content\/uploads\/2022\/12\/43-Cabelo-Cacheado-Preto-para-mulheres-plus-size-16x12.jpg 16w, https:\/\/danidrops.com.br\/wp-content\/uploads\/2022\/12\/43-Cabelo-Cacheado-Preto-para-mulheres-plus-size-150x110.jpg 150w\" sizes=\"auto, (max-width: 760px) 100vw, 760px\" \/><figcaption class=\"wp-element-caption\">Capelli ricci neri per donne taglie forti<\/figcaption><\/figure>\n\n\n\n<figure class=\"wp-block-image size-full\"><img loading=\"lazy\" decoding=\"async\" width=\"760\" height=\"555\" src=\"https:\/\/danidrops.com.br\/wp-content\/uploads\/2022\/12\/42-Cabelo-Cacheado-Preto-para-mulheres-plus-size.jpg\" alt=\"Capelli ricci neri per donne taglie forti\" class=\"wp-image-56722\" title=\"\" srcset=\"https:\/\/danidrops.com.br\/wp-content\/uploads\/2022\/12\/42-Cabelo-Cacheado-Preto-para-mulheres-plus-size.jpg 760w, https:\/\/danidrops.com.br\/wp-content\/uploads\/2022\/12\/42-Cabelo-Cacheado-Preto-para-mulheres-plus-size-300x219.jpg 300w, https:\/\/danidrops.com.br\/wp-content\/uploads\/2022\/12\/42-Cabelo-Cacheado-Preto-para-mulheres-plus-size-16x12.jpg 16w, https:\/\/danidrops.com.br\/wp-content\/uploads\/2022\/12\/42-Cabelo-Cacheado-Preto-para-mulheres-plus-size-150x110.jpg 150w\" sizes=\"auto, (max-width: 760px) 100vw, 760px\" \/><figcaption class=\"wp-element-caption\">Capelli ricci neri per donne taglie forti<\/figcaption><\/figure>\n\n\n\n<h2 class=\"wp-block-heading\"><span class=\"ez-toc-section\" id=\"Cabelo_Cacheado_Preto_para_mulheres_negras\"><\/span>Capelli ricci neri per donne nere<span class=\"ez-toc-section-end\"><\/span><\/h2>\n\n\n\n<p>Se hai un tono della pelle che si sposa perfettamente con i capelli ricci neri, quel tono \u00e8 per le donne nere. I capelli ricci neri 2023 offrono un look elegante e moderno alle donne nere e possono anche essere associati a luci e ciocche colorate, conferendo ancora pi\u00f9 fascino al look.<\/p>\n\n\n\n<figure class=\"wp-block-image size-full\"><img loading=\"lazy\" decoding=\"async\" width=\"760\" height=\"555\" src=\"https:\/\/danidrops.com.br\/wp-content\/uploads\/2022\/12\/45-Cabelo-Cacheado-Preto-para-mulheres-negras.jpg\" alt=\"Capelli ricci neri per donne nere\" class=\"wp-image-56725\" title=\"\" srcset=\"https:\/\/danidrops.com.br\/wp-content\/uploads\/2022\/12\/45-Cabelo-Cacheado-Preto-para-mulheres-negras.jpg 760w, https:\/\/danidrops.com.br\/wp-content\/uploads\/2022\/12\/45-Cabelo-Cacheado-Preto-para-mulheres-negras-300x219.jpg 300w, https:\/\/danidrops.com.br\/wp-content\/uploads\/2022\/12\/45-Cabelo-Cacheado-Preto-para-mulheres-negras-16x12.jpg 16w, https:\/\/danidrops.com.br\/wp-content\/uploads\/2022\/12\/45-Cabelo-Cacheado-Preto-para-mulheres-negras-150x110.jpg 150w\" sizes=\"auto, (max-width: 760px) 100vw, 760px\" \/><figcaption class=\"wp-element-caption\">Capelli ricci neri per donne nere<\/figcaption><\/figure>\n\n\n\n<figure class=\"wp-block-image size-full\"><img loading=\"lazy\" decoding=\"async\" width=\"760\" height=\"555\" src=\"https:\/\/danidrops.com.br\/wp-content\/uploads\/2022\/12\/44-Cabelo-Cacheado-Preto-para-mulheres-negras.jpg\" alt=\"Capelli ricci neri per donne nere\" class=\"wp-image-56724\" title=\"\" srcset=\"https:\/\/danidrops.com.br\/wp-content\/uploads\/2022\/12\/44-Cabelo-Cacheado-Preto-para-mulheres-negras.jpg 760w, https:\/\/danidrops.com.br\/wp-content\/uploads\/2022\/12\/44-Cabelo-Cacheado-Preto-para-mulheres-negras-300x219.jpg 300w, https:\/\/danidrops.com.br\/wp-content\/uploads\/2022\/12\/44-Cabelo-Cacheado-Preto-para-mulheres-negras-16x12.jpg 16w, https:\/\/danidrops.com.br\/wp-content\/uploads\/2022\/12\/44-Cabelo-Cacheado-Preto-para-mulheres-negras-150x110.jpg 150w\" sizes=\"auto, (max-width: 760px) 100vw, 760px\" \/><figcaption class=\"wp-element-caption\">Capelli ricci neri per donne nere<\/figcaption><\/figure>\n\n\n\n<h2 class=\"wp-block-heading\"><span class=\"ez-toc-section\" id=\"Cabelo_Cacheado_Preto_para_jovens\"><\/span>Capelli ricci neri per adolescenti<span class=\"ez-toc-section-end\"><\/span><\/h2>\n\n\n\n<p>I giovani sono sempre alla ricerca di innovazione e nel caso dei capelli ricci neri 2023, le lunghezze pi\u00f9 utilizzate dalle giovani donne sono medie e lunghe. Per quanto riguarda i ragazzi, la versatilit\u00e0 \u00e8 grande e molti stanno aderendo al taglio pi\u00f9 lungo e stilizzato per mantenere un aspetto bello e moderno.<\/p>\n\n\n\n<figure class=\"wp-block-image size-full\"><img loading=\"lazy\" decoding=\"async\" width=\"760\" height=\"555\" src=\"https:\/\/danidrops.com.br\/wp-content\/uploads\/2022\/12\/47-Cabelo-Cacheado-Preto-para-jovens.jpg\" alt=\"Capelli ricci neri per adolescenti\" class=\"wp-image-56727\" title=\"\" srcset=\"https:\/\/danidrops.com.br\/wp-content\/uploads\/2022\/12\/47-Cabelo-Cacheado-Preto-para-jovens.jpg 760w, https:\/\/danidrops.com.br\/wp-content\/uploads\/2022\/12\/47-Cabelo-Cacheado-Preto-para-jovens-300x219.jpg 300w, https:\/\/danidrops.com.br\/wp-content\/uploads\/2022\/12\/47-Cabelo-Cacheado-Preto-para-jovens-16x12.jpg 16w, https:\/\/danidrops.com.br\/wp-content\/uploads\/2022\/12\/47-Cabelo-Cacheado-Preto-para-jovens-150x110.jpg 150w\" sizes=\"auto, (max-width: 760px) 100vw, 760px\" \/><figcaption class=\"wp-element-caption\">Capelli ricci neri per adolescenti<\/figcaption><\/figure>\n\n\n\n<figure class=\"wp-block-image size-full\"><img loading=\"lazy\" decoding=\"async\" width=\"760\" height=\"555\" src=\"https:\/\/danidrops.com.br\/wp-content\/uploads\/2022\/12\/46-Cabelo-Cacheado-Preto-para-jovens.jpg\" alt=\"Capelli ricci neri per adolescenti\" class=\"wp-image-56726\" title=\"\" srcset=\"https:\/\/danidrops.com.br\/wp-content\/uploads\/2022\/12\/46-Cabelo-Cacheado-Preto-para-jovens.jpg 760w, https:\/\/danidrops.com.br\/wp-content\/uploads\/2022\/12\/46-Cabelo-Cacheado-Preto-para-jovens-300x219.jpg 300w, https:\/\/danidrops.com.br\/wp-content\/uploads\/2022\/12\/46-Cabelo-Cacheado-Preto-para-jovens-16x12.jpg 16w, https:\/\/danidrops.com.br\/wp-content\/uploads\/2022\/12\/46-Cabelo-Cacheado-Preto-para-jovens-150x110.jpg 150w\" sizes=\"auto, (max-width: 760px) 100vw, 760px\" \/><figcaption class=\"wp-element-caption\">Capelli ricci neri per adolescenti<\/figcaption><\/figure>\n\n\n\n<h2 class=\"wp-block-heading\"><span class=\"ez-toc-section\" id=\"Cabelo_Cacheado_Preto_para_morenas\"><\/span>Capelli ricci neri per le brune<span class=\"ez-toc-section-end\"><\/span><\/h2>\n\n\n\n<p>I capelli ricci neri per le brune sono la grande scommessa per l&#039;anno 2023, poich\u00e9 mantenere le ciocche naturali \u00e8 stata una questione d&#039;onore per molte donne. Se non ti piacciono i capelli ricci neri monocromatici 2023, puoi associare il tono delle ciocche a riflessi e colpi di sole pi\u00f9 chiari o anche colorati, per creare un look pi\u00f9 divertente e rilassato.<\/p>\n\n\n\n<figure class=\"wp-block-image size-full\"><img loading=\"lazy\" decoding=\"async\" width=\"760\" height=\"555\" src=\"https:\/\/danidrops.com.br\/wp-content\/uploads\/2022\/12\/48-Cabelo-Cacheado-Preto-para-morenas.jpg\" alt=\"Capelli ricci neri per le brune\" class=\"wp-image-56728\" title=\"\" srcset=\"https:\/\/danidrops.com.br\/wp-content\/uploads\/2022\/12\/48-Cabelo-Cacheado-Preto-para-morenas.jpg 760w, https:\/\/danidrops.com.br\/wp-content\/uploads\/2022\/12\/48-Cabelo-Cacheado-Preto-para-morenas-300x219.jpg 300w, https:\/\/danidrops.com.br\/wp-content\/uploads\/2022\/12\/48-Cabelo-Cacheado-Preto-para-morenas-16x12.jpg 16w, https:\/\/danidrops.com.br\/wp-content\/uploads\/2022\/12\/48-Cabelo-Cacheado-Preto-para-morenas-150x110.jpg 150w\" sizes=\"auto, (max-width: 760px) 100vw, 760px\" \/><figcaption class=\"wp-element-caption\">Capelli ricci neri per le brune<\/figcaption><\/figure>\n\n\n\n<figure class=\"wp-block-image size-full\"><img loading=\"lazy\" decoding=\"async\" width=\"760\" height=\"555\" src=\"https:\/\/danidrops.com.br\/wp-content\/uploads\/2022\/12\/49-Cabelo-Cacheado-Preto-para-morenas.jpg\" alt=\"Capelli ricci neri per le brune\" class=\"wp-image-56729\" title=\"\" srcset=\"https:\/\/danidrops.com.br\/wp-content\/uploads\/2022\/12\/49-Cabelo-Cacheado-Preto-para-morenas.jpg 760w, https:\/\/danidrops.com.br\/wp-content\/uploads\/2022\/12\/49-Cabelo-Cacheado-Preto-para-morenas-300x219.jpg 300w, https:\/\/danidrops.com.br\/wp-content\/uploads\/2022\/12\/49-Cabelo-Cacheado-Preto-para-morenas-16x12.jpg 16w, https:\/\/danidrops.com.br\/wp-content\/uploads\/2022\/12\/49-Cabelo-Cacheado-Preto-para-morenas-150x110.jpg 150w\" sizes=\"auto, (max-width: 760px) 100vw, 760px\" \/><figcaption class=\"wp-element-caption\">Capelli ricci neri per le brune<\/figcaption><\/figure>\n<div id=\"ez-toc-container\" class=\"ez-toc-v2_0_76 counter-hierarchy ez-toc-counter ez-toc-grey ez-toc-container-direction\">\n<p class=\"ez-toc-title\" style=\"cursor:inherit\">Leggerai questo articolo<\/p>\n<label for=\"ez-toc-cssicon-toggle-item-69f57c75a1542\" class=\"ez-toc-cssicon-toggle-label\"><span class=\"ez-toc-cssicon\"><span class=\"eztoc-hide\" style=\"display:none;\">Attiva\/disattiva<\/span><span class=\"ez-toc-icon-toggle-span\"><svg style=\"fill: #999;color:#999\" xmlns=\"http:\/\/www.w3.org\/2000\/svg\" class=\"list-377408\" width=\"20px\" height=\"20px\" viewbox=\"0 0 24 24\" fill=\"none\"><path d=\"M6 6H4v2h2V6zm14 0H8v2h12V6zM4 11h2v2H4v-2zm16 0H8v2h12v-2zM4 16h2v2H4v-2zm16 0H8v2h12v-2z\" fill=\"currentColor\"><\/path><\/svg><svg style=\"fill: #999;color:#999\" class=\"arrow-unsorted-368013\" xmlns=\"http:\/\/www.w3.org\/2000\/svg\" width=\"10px\" height=\"10px\" viewbox=\"0 0 24 24\" version=\"1.2\" baseprofile=\"tiny\"><path d=\"M18.2 9.3l-6.2-6.3-6.2 6.3c-.2.2-.3.4-.3.7s.1.5.3.7c.2.2.4.3.7.3h11c.3 0 .5-.1.7-.3.2-.2.3-.5.3-.7s-.1-.5-.3-.7zM5.8 14.7l6.2 6.3 6.2-6.3c.2-.2.3-.5.3-.7s-.1-.5-.3-.7c-.2-.2-.4-.3-.7-.3h-11c-.3 0-.5.1-.7.3-.2.2-.3.5-.3.7s.1.5.3.7z\"\/><\/svg><\/span><\/span><\/label><input type=\"checkbox\"  id=\"ez-toc-cssicon-toggle-item-69f57c75a1542\"  aria-label=\"Attiva\/disattiva\" \/><nav><ul class='ez-toc-list ez-toc-list-level-1' ><li class='ez-toc-page-1 ez-toc-heading-level-2'><a class=\"ez-toc-link ez-toc-heading-1\" href=\"https:\/\/danidrops.com.br\/it\/capelli-ricci-neri-2023\/#Qual_e_a_tendenca_de_cabelo_cacheado_2023\" >Qual \u00e8 la tendenza capelli ricci 2023?<\/a><\/li><li class='ez-toc-page-1 ez-toc-heading-level-2'><a class=\"ez-toc-link ez-toc-heading-2\" href=\"https:\/\/danidrops.com.br\/it\/capelli-ricci-neri-2023\/#Como_hidratar_o_cabelo_preto_cacheado\" >Come idratare i capelli neri ricci?<\/a><\/li><li class='ez-toc-page-1 ez-toc-heading-level-2'><a class=\"ez-toc-link ez-toc-heading-3\" href=\"https:\/\/danidrops.com.br\/it\/capelli-ricci-neri-2023\/#Cabelo_Cacheado_Preto_Longo\" >Lunghi Capelli Ricci Neri<\/a><\/li><li class='ez-toc-page-1 ez-toc-heading-level-2'><a class=\"ez-toc-link ez-toc-heading-4\" href=\"https:\/\/danidrops.com.br\/it\/capelli-ricci-neri-2023\/#Cabelo_Cacheado_Preto_Medio\" >Capelli ricci neri medi<\/a><\/li><li class='ez-toc-page-1 ez-toc-heading-level-2'><a class=\"ez-toc-link ez-toc-heading-5\" href=\"https:\/\/danidrops.com.br\/it\/capelli-ricci-neri-2023\/#Cabelo_Cacheado_Preto_Curto\" >Capelli ricci neri corti<\/a><\/li><li class='ez-toc-page-1 ez-toc-heading-level-2'><a class=\"ez-toc-link ez-toc-heading-6\" href=\"https:\/\/danidrops.com.br\/it\/capelli-ricci-neri-2023\/#Cabelo_Cacheado_Preto_azulado\" >Capelli ricci neri blu<\/a><\/li><li class='ez-toc-page-1 ez-toc-heading-level-2'><a class=\"ez-toc-link ez-toc-heading-7\" href=\"https:\/\/danidrops.com.br\/it\/capelli-ricci-neri-2023\/#Cabelo_Cacheado_Preto_ametista\" >Capelli ricci neri ametista<\/a><\/li><li class='ez-toc-page-1 ez-toc-heading-level-2'><a class=\"ez-toc-link ez-toc-heading-8\" href=\"https:\/\/danidrops.com.br\/it\/capelli-ricci-neri-2023\/#Cabelo_Cacheado_Preto_com_mechas\" >Capelli ricci neri con riflessi<\/a><\/li><li class='ez-toc-page-1 ez-toc-heading-level-2'><a class=\"ez-toc-link ez-toc-heading-9\" href=\"https:\/\/danidrops.com.br\/it\/capelli-ricci-neri-2023\/#Cabelo_Cacheado_Preto_com_luzes\" >Capelli ricci neri con riflessi<\/a><\/li><li class='ez-toc-page-1 ez-toc-heading-level-2'><a class=\"ez-toc-link ez-toc-heading-10\" href=\"https:\/\/danidrops.com.br\/it\/capelli-ricci-neri-2023\/#Cabelo_Cacheado_Preto_dourado\" >Capelli ricci neri dorati<\/a><\/li><li class='ez-toc-page-1 ez-toc-heading-level-2'><a class=\"ez-toc-link ez-toc-heading-11\" href=\"https:\/\/danidrops.com.br\/it\/capelli-ricci-neri-2023\/#Cabelo_Cacheado_Preto_platinado\" >capelli ricci nero platino<\/a><\/li><li class='ez-toc-page-1 ez-toc-heading-level-2'><a class=\"ez-toc-link ez-toc-heading-12\" href=\"https:\/\/danidrops.com.br\/it\/capelli-ricci-neri-2023\/#Cabelo_Cacheado_Preto_e_branco\" >Capelli ricci bianchi e neri<\/a><\/li><li class='ez-toc-page-1 ez-toc-heading-level-2'><a class=\"ez-toc-link ez-toc-heading-13\" href=\"https:\/\/danidrops.com.br\/it\/capelli-ricci-neri-2023\/#Cabelo_Cacheado_Preto_e_vermelho\" >Capelli ricci neri e rossi<\/a><\/li><li class='ez-toc-page-1 ez-toc-heading-level-2'><a class=\"ez-toc-link ez-toc-heading-14\" href=\"https:\/\/danidrops.com.br\/it\/capelli-ricci-neri-2023\/#Cabelo_Cacheado_Preto_natural\" >capelli ricci neri naturali<\/a><\/li><li class='ez-toc-page-1 ez-toc-heading-level-2'><a class=\"ez-toc-link ez-toc-heading-15\" href=\"https:\/\/danidrops.com.br\/it\/capelli-ricci-neri-2023\/#Cabelo_Cacheado_Preto_repicado\" >Capelli ricci neri tagliati<\/a><\/li><li class='ez-toc-page-1 ez-toc-heading-level-2'><a class=\"ez-toc-link ez-toc-heading-16\" href=\"https:\/\/danidrops.com.br\/it\/capelli-ricci-neri-2023\/#Cabelo_Cacheado_Preto_Masculino\" >Capelli ricci neri da uomo<\/a><\/li><li class='ez-toc-page-1 ez-toc-heading-level-2'><a class=\"ez-toc-link ez-toc-heading-17\" href=\"https:\/\/danidrops.com.br\/it\/capelli-ricci-neri-2023\/#Cabelo_Cacheado_Preto_Feminino\" >Capelli ricci neri femminili<\/a><\/li><li class='ez-toc-page-1 ez-toc-heading-level-2'><a class=\"ez-toc-link ez-toc-heading-18\" href=\"https:\/\/danidrops.com.br\/it\/capelli-ricci-neri-2023\/#Cabelo_Cacheado_Preto_Infantil\" >Capelli ricci neri per bambini<\/a><\/li><li class='ez-toc-page-1 ez-toc-heading-level-2'><a class=\"ez-toc-link ez-toc-heading-19\" href=\"https:\/\/danidrops.com.br\/it\/capelli-ricci-neri-2023\/#Cabelo_Cacheado_Preto_redondo\" >Capelli ricci neri rotondi<\/a><\/li><li class='ez-toc-page-1 ez-toc-heading-level-2'><a class=\"ez-toc-link ez-toc-heading-20\" href=\"https:\/\/danidrops.com.br\/it\/capelli-ricci-neri-2023\/#Cabelo_Cacheado_Preto_para_mulheres_plus_size\" >Capelli ricci neri per donne taglie forti<\/a><\/li><li class='ez-toc-page-1 ez-toc-heading-level-2'><a class=\"ez-toc-link ez-toc-heading-21\" href=\"https:\/\/danidrops.com.br\/it\/capelli-ricci-neri-2023\/#Cabelo_Cacheado_Preto_para_mulheres_negras\" >Capelli ricci neri per donne nere<\/a><\/li><li class='ez-toc-page-1 ez-toc-heading-level-2'><a class=\"ez-toc-link ez-toc-heading-22\" href=\"https:\/\/danidrops.com.br\/it\/capelli-ricci-neri-2023\/#Cabelo_Cacheado_Preto_para_jovens\" >Capelli ricci neri per adolescenti<\/a><\/li><li class='ez-toc-page-1 ez-toc-heading-level-2'><a class=\"ez-toc-link ez-toc-heading-23\" href=\"https:\/\/danidrops.com.br\/it\/capelli-ricci-neri-2023\/#Cabelo_Cacheado_Preto_para_morenas\" >Capelli ricci neri per le brune<\/a><\/li><\/ul><\/nav><\/div>","protected":false},"excerpt":{"rendered":"<p>O cabelo cacheado preto 2023 estar\u00e1 na \u00faltima moda no pr\u00f3ximo ano, pois manter a curvatura natural dos fios tem sido o grande diferencial nos&hellip;<\/p>","protected":false},"author":1,"featured_media":56732,"comment_status":"open","ping_status":"open","sticky":false,"template":"","format":"standard","meta":{"footnotes":""},"categories":[439],"tags":[],"class_list":["post-56003","post","type-post","status-publish","format-standard","has-post-thumbnail","hentry","category-cabelo"],"_links":{"self":[{"href":"https:\/\/danidrops.com.br\/it\/wp-json\/wp\/v2\/posts\/56003","targetHints":{"allow":["GET"]}}],"collection":[{"href":"https:\/\/danidrops.com.br\/it\/wp-json\/wp\/v2\/posts"}],"about":[{"href":"https:\/\/danidrops.com.br\/it\/wp-json\/wp\/v2\/types\/post"}],"author":[{"embeddable":true,"href":"https:\/\/danidrops.com.br\/it\/wp-json\/wp\/v2\/users\/1"}],"replies":[{"embeddable":true,"href":"https:\/\/danidrops.com.br\/it\/wp-json\/wp\/v2\/comments?post=56003"}],"version-history":[{"count":0,"href":"https:\/\/danidrops.com.br\/it\/wp-json\/wp\/v2\/posts\/56003\/revisions"}],"wp:featuredmedia":[{"embeddable":true,"href":"https:\/\/danidrops.com.br\/it\/wp-json\/wp\/v2\/media\/56732"}],"wp:attachment":[{"href":"https:\/\/danidrops.com.br\/it\/wp-json\/wp\/v2\/media?parent=56003"}],"wp:term":[{"taxonomy":"category","embeddable":true,"href":"https:\/\/danidrops.com.br\/it\/wp-json\/wp\/v2\/categories?post=56003"},{"taxonomy":"post_tag","embeddable":true,"href":"https:\/\/danidrops.com.br\/it\/wp-json\/wp\/v2\/tags?post=56003"}],"curies":[{"name":"parola chiave","href":"https:\/\/api.w.org\/{rel}","templated":true}]}}