{"id":75674,"date":"2023-06-22T09:32:45","date_gmt":"2023-06-22T12:32:45","guid":{"rendered":"https:\/\/danidrops.com.br\/?p=75674"},"modified":"2024-04-25T07:42:33","modified_gmt":"2024-04-25T10:42:33","slug":"look-denim-da-indossare-in-inverno","status":"publish","type":"post","link":"https:\/\/danidrops.com.br\/it\/look-denim-da-indossare-in-inverno\/","title":{"rendered":"Stile di Moda con Jeans per l'Inverno 2023 - Guarda pi\u00f9 di 70 look jeans pieni di stile e comfort"},"content":{"rendered":"<p>Voi<strong> Stile di Moda con Jeans per l'Inverno 2023<\/strong> hanno tutto, perch\u00e9 oltre a valorizzare la bellezza femminile, sanno scaldare e sono estremamente comode per ogni occasione.<\/p>\n\n\n\n<p>Leggi anche: <strong><a href=\"https:\/\/danidrops.com.br\/it\/look-con-jeans-2023\/\" data-type=\"URL\" data-id=\"https:\/\/danidrops.com.br\/looks-com-jeans-2023\/\">Look con i jeans: sblocca il potere senza tempo del denim con look in denim autentici e versatili. Lasciati ispirare in questo momento e scuoti lo stile!<\/a><\/strong><\/p>\n\n\n\n<figure class=\"wp-block-image size-full\"><img loading=\"lazy\" decoding=\"async\" width=\"760\" height=\"555\" src=\"https:\/\/danidrops.com.br\/wp-content\/uploads\/2023\/06\/02-Looks-jeans-para-usar-no-Inverno-2023.jpg\" alt=\"Stile di Moda con Jeans per l&#039;Inverno 2023\" class=\"wp-image-76011\" title=\"\" srcset=\"https:\/\/danidrops.com.br\/wp-content\/uploads\/2023\/06\/02-Looks-jeans-para-usar-no-Inverno-2023.jpg 760w, https:\/\/danidrops.com.br\/wp-content\/uploads\/2023\/06\/02-Looks-jeans-para-usar-no-Inverno-2023-300x219.jpg 300w, https:\/\/danidrops.com.br\/wp-content\/uploads\/2023\/06\/02-Looks-jeans-para-usar-no-Inverno-2023-16x12.jpg 16w, https:\/\/danidrops.com.br\/wp-content\/uploads\/2023\/06\/02-Looks-jeans-para-usar-no-Inverno-2023-150x110.jpg 150w\" sizes=\"auto, (max-width: 760px) 100vw, 760px\" \/><figcaption class=\"wp-element-caption\">Stile di Moda con Jeans per l'Inverno 2023<\/figcaption><\/figure>\n\n\n\n<p>I jeans sono un vero classico che non passa mai di moda e ogni anno sono disponibili nuovi concetti e modelli in modo che donne e uomini possano scatenarsi ovunque vadano!<\/p>\n\n\n\n<figure class=\"wp-block-image size-full\"><img loading=\"lazy\" decoding=\"async\" width=\"760\" height=\"555\" src=\"https:\/\/danidrops.com.br\/wp-content\/uploads\/2023\/06\/01-Looks-jeans-para-usar-no-Inverno-2023.jpg\" alt=\"Stile di Moda con Jeans per l&#039;Inverno 2023\" class=\"wp-image-76010\" title=\"\" srcset=\"https:\/\/danidrops.com.br\/wp-content\/uploads\/2023\/06\/01-Looks-jeans-para-usar-no-Inverno-2023.jpg 760w, https:\/\/danidrops.com.br\/wp-content\/uploads\/2023\/06\/01-Looks-jeans-para-usar-no-Inverno-2023-300x219.jpg 300w, https:\/\/danidrops.com.br\/wp-content\/uploads\/2023\/06\/01-Looks-jeans-para-usar-no-Inverno-2023-16x12.jpg 16w, https:\/\/danidrops.com.br\/wp-content\/uploads\/2023\/06\/01-Looks-jeans-para-usar-no-Inverno-2023-150x110.jpg 150w\" sizes=\"auto, (max-width: 760px) 100vw, 760px\" \/><figcaption class=\"wp-element-caption\">Stile di Moda con Jeans per l'Inverno 2023<\/figcaption><\/figure>\n\n\n\n<script type=\"application\/ld+json\">{\n    \"@context\": \"https:\\\/\\\/schema.org\",\n    \"@type\": \"VideoObject\",\n    \"name\": \"Looks Jeans para usar no Inverno 2023 \\u2013 Veja mais de 40 modelos de Looks de Inverno\",\n    \"description\": \"Os looks jeans para usar no inverno 2023 est\\u00e3o com tudo, pois al\\u00e9m de valorizar a beleza feminina, podem aquecer e s\\u00e3o extremamente confort\\u00e1veis para qualquer ocasi\\u00e3o.\",\n    \"thumbnailUrl\": \"https:\\\/\\\/danidrops.com.br\\\/wp-content\\\/uploads\\\/2023\\\/06\\\/Looks-jeans-para-usar-no-Inverno-2023.jpg\",\n    \"uploadDate\": \"2023-06-27\",\n    \"duration\": \"PT3M23S\",\n    \"contentUrl\": \"https:\\\/\\\/youtu.be\\\/cY13qx-mHGg\",\n    \"embedUrl\": \"https:\\\/\\\/youtu.be\\\/cY13qx-mHGg\",\n    \"potentialAction\": {\n        \"@type\": \"SeekToAction\",\n        \"target\": \"https:\\\/\\\/youtu.be\\\/cY13qx-mHGg={seek_to_second_number}\",\n        \"startOffset-input\": \"required name=seek_to_second_number\"\n    }\n}<\/script>\n\n\n\n<figure class=\"wp-block-embed is-type-video is-provider-youtube wp-block-embed-youtube wp-embed-aspect-16-9 wp-has-aspect-ratio\"><div class=\"wp-block-embed__wrapper\">\n<iframe loading=\"lazy\" title=\"Jeans Look da indossare nell&#039;inverno 2023 \u2013 Scopri pi\u00f9 di 40 modelli di look invernali\" width=\"500\" height=\"281\" src=\"https:\/\/www.youtube.com\/embed\/cY13qx-mHGg?feature=oembed\" frameborder=\"0\" allow=\"accelerometer; autoplay; clipboard-write; encrypted-media; gyroscope; picture-in-picture; web-share\" referrerpolicy=\"strict-origin-when-cross-origin\" allowfullscreen><\/iframe>\n<\/div><figcaption class=\"wp-element-caption\">Jeans Look da indossare nell&#039;inverno 2023 \u2013 Scopri pi\u00f9 di 40 modelli di look invernali<\/figcaption><\/figure>\n\n\n\n<h2 class=\"wp-block-heading\"><span class=\"ez-toc-section\" id=\"A_calca_jeans_nao_sai_de_moda_e_no_inverno_pode_compor_varios_looks\"><\/span>I jeans non passano di moda e in inverno possono comporre diversi look.<span class=\"ez-toc-section-end\"><\/span><\/h2>\n\n\n\n<p>I jeans non passano di moda e in inverno possono comporre diversi look. La sua versatilit\u00e0 rende ampie le possibilit\u00e0 di utilizzo e si pu\u00f2 osare negli abbinamenti.<\/p>\n\n\n\n<figure class=\"wp-block-image size-full\"><img loading=\"lazy\" decoding=\"async\" width=\"760\" height=\"555\" src=\"https:\/\/danidrops.com.br\/wp-content\/uploads\/2023\/06\/04-moda-inverno-com-calca-jeans.jpg\" alt=\"moda invernale con i jeans\" class=\"wp-image-76013\" title=\"\" srcset=\"https:\/\/danidrops.com.br\/wp-content\/uploads\/2023\/06\/04-moda-inverno-com-calca-jeans.jpg 760w, https:\/\/danidrops.com.br\/wp-content\/uploads\/2023\/06\/04-moda-inverno-com-calca-jeans-300x219.jpg 300w, https:\/\/danidrops.com.br\/wp-content\/uploads\/2023\/06\/04-moda-inverno-com-calca-jeans-16x12.jpg 16w, https:\/\/danidrops.com.br\/wp-content\/uploads\/2023\/06\/04-moda-inverno-com-calca-jeans-150x110.jpg 150w\" sizes=\"auto, (max-width: 760px) 100vw, 760px\" \/><figcaption class=\"wp-element-caption\">moda invernale con i jeans<\/figcaption><\/figure>\n\n\n\n<p>Una buona scommessa per affrontare l\u2019inverno del 2023 \u00e8 includere il <a href=\"https:\/\/danidrops.com.br\/it\/tendenza-jeans-skinny\/\" data-type=\"link\" data-id=\"https:\/\/danidrops.com.br\/tendencia-calca-jeans-skinny\/\">Jeans attillati (aderenti)<\/a> con stivali alti e tacchi, bluse a collo alto e blazer. Le cinture sottolineano il contorno della vita e la borsa in un tono diverso rende il look pi\u00f9 creativo e sofisticato.<\/p>\n\n\n\n<figure class=\"wp-block-image size-full\"><img loading=\"lazy\" decoding=\"async\" width=\"760\" height=\"555\" src=\"https:\/\/danidrops.com.br\/wp-content\/uploads\/2023\/06\/03-moda-inverno-com-calca-jeans.jpg\" alt=\"moda invernale con i jeans\" class=\"wp-image-76012\" title=\"\" srcset=\"https:\/\/danidrops.com.br\/wp-content\/uploads\/2023\/06\/03-moda-inverno-com-calca-jeans.jpg 760w, https:\/\/danidrops.com.br\/wp-content\/uploads\/2023\/06\/03-moda-inverno-com-calca-jeans-300x219.jpg 300w, https:\/\/danidrops.com.br\/wp-content\/uploads\/2023\/06\/03-moda-inverno-com-calca-jeans-16x12.jpg 16w, https:\/\/danidrops.com.br\/wp-content\/uploads\/2023\/06\/03-moda-inverno-com-calca-jeans-150x110.jpg 150w\" sizes=\"auto, (max-width: 760px) 100vw, 760px\" \/><figcaption class=\"wp-element-caption\">moda invernale con i jeans<\/figcaption><\/figure>\n\n\n\n<h2 class=\"wp-block-heading\"><span class=\"ez-toc-section\" id=\"A_calca_jeans_preta_pode_fazer_toda_diferenca_no_seu_look\"><\/span>I jeans neri possono fare la differenza nel tuo look<span class=\"ez-toc-section-end\"><\/span><\/h2>\n\n\n\n<p>Oltre ad essere belli, i jeans neri possono fare la differenza nel tuo look, poich\u00e9 si abbinano a molti altri capi del tuo guardaroba. Il nero \u00e8 sicuramente un colore universale che si sposa perfettamente con l&#039;inverno.<\/p>\n\n\n\n<figure class=\"wp-block-image size-full\"><img loading=\"lazy\" decoding=\"async\" width=\"760\" height=\"555\" src=\"https:\/\/danidrops.com.br\/wp-content\/uploads\/2023\/06\/06-look-com-calca-jeans-preta.jpg\" alt=\"look con jeans neri\" class=\"wp-image-76015\" title=\"\" srcset=\"https:\/\/danidrops.com.br\/wp-content\/uploads\/2023\/06\/06-look-com-calca-jeans-preta.jpg 760w, https:\/\/danidrops.com.br\/wp-content\/uploads\/2023\/06\/06-look-com-calca-jeans-preta-300x219.jpg 300w, https:\/\/danidrops.com.br\/wp-content\/uploads\/2023\/06\/06-look-com-calca-jeans-preta-16x12.jpg 16w, https:\/\/danidrops.com.br\/wp-content\/uploads\/2023\/06\/06-look-com-calca-jeans-preta-150x110.jpg 150w\" sizes=\"auto, (max-width: 760px) 100vw, 760px\" \/><figcaption class=\"wp-element-caption\">look con jeans neri<\/figcaption><\/figure>\n\n\n\n<p>Il look denim da indossare nell&#039;inverno 2023 presenta capi classici e intramontabili, perfetti per look sorprendenti, come jeans neri attillati, stivali a met\u00e0 polpaccio e a punta, body e cappotti voluminosi e colorati.<\/p>\n\n\n\n<figure class=\"wp-block-image size-full\"><img loading=\"lazy\" decoding=\"async\" width=\"760\" height=\"555\" src=\"https:\/\/danidrops.com.br\/wp-content\/uploads\/2023\/06\/05-look-com-calca-jeans-preta.jpg\" alt=\"look con jeans neri\" class=\"wp-image-76014\" title=\"\" srcset=\"https:\/\/danidrops.com.br\/wp-content\/uploads\/2023\/06\/05-look-com-calca-jeans-preta.jpg 760w, https:\/\/danidrops.com.br\/wp-content\/uploads\/2023\/06\/05-look-com-calca-jeans-preta-300x219.jpg 300w, https:\/\/danidrops.com.br\/wp-content\/uploads\/2023\/06\/05-look-com-calca-jeans-preta-16x12.jpg 16w, https:\/\/danidrops.com.br\/wp-content\/uploads\/2023\/06\/05-look-com-calca-jeans-preta-150x110.jpg 150w\" sizes=\"auto, (max-width: 760px) 100vw, 760px\" \/><figcaption class=\"wp-element-caption\">look con jeans neri<\/figcaption><\/figure>\n\n\n\n<h2 class=\"wp-block-heading\"><span class=\"ez-toc-section\" id=\"Tire_o_sobretudo_do_armario_e_faca_seu_look_com_calca_jeans_ficar_elegante\"><\/span>Tira fuori il soprabito dall&#039;armadio e rendi elegante il tuo look con i jeans<span class=\"ez-toc-section-end\"><\/span><\/h2>\n\n\n\n<p>Con l&#039;arrivo del freddo si pu\u00f2 tirare fuori dall&#039;armadio il soprabito e creare dei look con i jeans per essere eleganti e moderni in ogni occasione. I soprabiti sono capi versatili e molto eleganti.<\/p>\n\n\n\n<figure class=\"wp-block-image size-full\"><img loading=\"lazy\" decoding=\"async\" width=\"760\" height=\"555\" src=\"https:\/\/danidrops.com.br\/wp-content\/uploads\/2023\/06\/08-look-calca-jeans-com-sobretudo.jpg\" alt=\"guarda i jeans con il soprabito\" class=\"wp-image-76017\" title=\"\" srcset=\"https:\/\/danidrops.com.br\/wp-content\/uploads\/2023\/06\/08-look-calca-jeans-com-sobretudo.jpg 760w, https:\/\/danidrops.com.br\/wp-content\/uploads\/2023\/06\/08-look-calca-jeans-com-sobretudo-300x219.jpg 300w, https:\/\/danidrops.com.br\/wp-content\/uploads\/2023\/06\/08-look-calca-jeans-com-sobretudo-16x12.jpg 16w, https:\/\/danidrops.com.br\/wp-content\/uploads\/2023\/06\/08-look-calca-jeans-com-sobretudo-150x110.jpg 150w\" sizes=\"auto, (max-width: 760px) 100vw, 760px\" \/><figcaption class=\"wp-element-caption\">guarda i jeans con il soprabito<\/figcaption><\/figure>\n\n\n\n<p>Sono perfetti per chi vuole proteggersi dal freddo in modo elegante e sofisticato. Il look denim da indossare nell&#039;inverno 2023 pu\u00f2 essere abbinato a jeans larghi, bluse con stampe diverse e un soprabito in tinta unita di media e lunga lunghezza.<\/p>\n\n\n\n<figure class=\"wp-block-image size-full\"><img loading=\"lazy\" decoding=\"async\" width=\"760\" height=\"555\" src=\"https:\/\/danidrops.com.br\/wp-content\/uploads\/2023\/06\/07-look-calca-jeans-com-sobretudo.jpg\" alt=\"guarda i jeans con il soprabito\" class=\"wp-image-76016\" title=\"\" srcset=\"https:\/\/danidrops.com.br\/wp-content\/uploads\/2023\/06\/07-look-calca-jeans-com-sobretudo.jpg 760w, https:\/\/danidrops.com.br\/wp-content\/uploads\/2023\/06\/07-look-calca-jeans-com-sobretudo-300x219.jpg 300w, https:\/\/danidrops.com.br\/wp-content\/uploads\/2023\/06\/07-look-calca-jeans-com-sobretudo-16x12.jpg 16w, https:\/\/danidrops.com.br\/wp-content\/uploads\/2023\/06\/07-look-calca-jeans-com-sobretudo-150x110.jpg 150w\" sizes=\"auto, (max-width: 760px) 100vw, 760px\" \/><figcaption class=\"wp-element-caption\">guarda i jeans con il soprabito<\/figcaption><\/figure>\n\n\n\n<h2 class=\"wp-block-heading\"><span class=\"ez-toc-section\" id=\"A_calca_jeans_reta_faz_seu_visual_ficar_descontraido\"><\/span>I jeans dritti rendono il tuo look rilassato<span class=\"ez-toc-section-end\"><\/span><\/h2>\n\n\n\n<p>I jeans dritti sono in grado di rendere il tuo look pi\u00f9 rilassato e gioviale. Pu\u00f2 essere abbinato a camicette fredde dai colori neutri, un soprabito lungo con bottoni frontali, stivali con tacco largo e persino graziosi cappelli.<\/p>\n\n\n\n<figure class=\"wp-block-image size-full\"><img loading=\"lazy\" decoding=\"async\" width=\"760\" height=\"555\" src=\"https:\/\/danidrops.com.br\/wp-content\/uploads\/2023\/06\/10-look-descontraido-com-calca-jeans-reta.jpg\" alt=\"look rilassato con jeans dritti\" class=\"wp-image-76019\" title=\"\" srcset=\"https:\/\/danidrops.com.br\/wp-content\/uploads\/2023\/06\/10-look-descontraido-com-calca-jeans-reta.jpg 760w, https:\/\/danidrops.com.br\/wp-content\/uploads\/2023\/06\/10-look-descontraido-com-calca-jeans-reta-300x219.jpg 300w, https:\/\/danidrops.com.br\/wp-content\/uploads\/2023\/06\/10-look-descontraido-com-calca-jeans-reta-16x12.jpg 16w, https:\/\/danidrops.com.br\/wp-content\/uploads\/2023\/06\/10-look-descontraido-com-calca-jeans-reta-150x110.jpg 150w\" sizes=\"auto, (max-width: 760px) 100vw, 760px\" \/><figcaption class=\"wp-element-caption\">look rilassato con jeans dritti<\/figcaption><\/figure>\n\n\n\n<p>L&#039;orlo sfrangiato dei pantaloni fornisce un look denim da indossare nell&#039;inverno 2023, creativo e molto elegante, perfetto per varie occasioni, formali o informali, come riunioni di lavoro, gite e molto altro.<\/p>\n\n\n\n<figure class=\"wp-block-image size-full\"><img loading=\"lazy\" decoding=\"async\" width=\"760\" height=\"555\" src=\"https:\/\/danidrops.com.br\/wp-content\/uploads\/2023\/06\/09-look-descontraido-com-calca-jeans-reta.jpg\" alt=\"look rilassato con jeans dritti\" class=\"wp-image-76018\" title=\"\" srcset=\"https:\/\/danidrops.com.br\/wp-content\/uploads\/2023\/06\/09-look-descontraido-com-calca-jeans-reta.jpg 760w, https:\/\/danidrops.com.br\/wp-content\/uploads\/2023\/06\/09-look-descontraido-com-calca-jeans-reta-300x219.jpg 300w, https:\/\/danidrops.com.br\/wp-content\/uploads\/2023\/06\/09-look-descontraido-com-calca-jeans-reta-16x12.jpg 16w, https:\/\/danidrops.com.br\/wp-content\/uploads\/2023\/06\/09-look-descontraido-com-calca-jeans-reta-150x110.jpg 150w\" sizes=\"auto, (max-width: 760px) 100vw, 760px\" \/><figcaption class=\"wp-element-caption\">look rilassato con jeans dritti<\/figcaption><\/figure>\n\n\n\n<h2 class=\"wp-block-heading\"><span class=\"ez-toc-section\" id=\"Quem_se_lembra_da_calca_jeans_boyfriend_Neste_inverno_estamos_vendo_ela_nas_ruas\"><\/span>Chi si ricorda i boyfriend jeans? Questo inverno la vedremo per strada<span class=\"ez-toc-section-end\"><\/span><\/h2>\n\n\n\n<p>I jeans in stile boyfriend tornano per le strade quest&#039;inverno, perch\u00e9 oltre ad essere belli, sono molto comodi e regalano look caldi e belli. Grazie alla loro vestibilit\u00e0 ampia, i pantaloni boyfriend possono essere abbinati a camicette attillate per il freddo (tipo seconda pelle), cinture larghe, stivali a tacco alto o stivali da combattimento e persino alcuni tipi di cappelli.<\/p>\n\n\n\n<figure class=\"wp-block-image size-full\"><img loading=\"lazy\" decoding=\"async\" width=\"760\" height=\"555\" src=\"https:\/\/danidrops.com.br\/wp-content\/uploads\/2023\/06\/12-look-com-calca-jeans-boyfriend.jpg\" alt=\"look con jeans boyfriend\" class=\"wp-image-76021\" title=\"\" srcset=\"https:\/\/danidrops.com.br\/wp-content\/uploads\/2023\/06\/12-look-com-calca-jeans-boyfriend.jpg 760w, https:\/\/danidrops.com.br\/wp-content\/uploads\/2023\/06\/12-look-com-calca-jeans-boyfriend-300x219.jpg 300w, https:\/\/danidrops.com.br\/wp-content\/uploads\/2023\/06\/12-look-com-calca-jeans-boyfriend-16x12.jpg 16w, https:\/\/danidrops.com.br\/wp-content\/uploads\/2023\/06\/12-look-com-calca-jeans-boyfriend-150x110.jpg 150w\" sizes=\"auto, (max-width: 760px) 100vw, 760px\" \/><figcaption class=\"wp-element-caption\">look con jeans boyfriend<\/figcaption><\/figure>\n\n\n\n<figure class=\"wp-block-image size-full\"><img loading=\"lazy\" decoding=\"async\" width=\"760\" height=\"555\" src=\"https:\/\/danidrops.com.br\/wp-content\/uploads\/2023\/06\/11-look-com-calca-jeans-boyfriend.jpg\" alt=\"look con jeans boyfriend\" class=\"wp-image-76020\" title=\"\" srcset=\"https:\/\/danidrops.com.br\/wp-content\/uploads\/2023\/06\/11-look-com-calca-jeans-boyfriend.jpg 760w, https:\/\/danidrops.com.br\/wp-content\/uploads\/2023\/06\/11-look-com-calca-jeans-boyfriend-300x219.jpg 300w, https:\/\/danidrops.com.br\/wp-content\/uploads\/2023\/06\/11-look-com-calca-jeans-boyfriend-16x12.jpg 16w, https:\/\/danidrops.com.br\/wp-content\/uploads\/2023\/06\/11-look-com-calca-jeans-boyfriend-150x110.jpg 150w\" sizes=\"auto, (max-width: 760px) 100vw, 760px\" \/><figcaption class=\"wp-element-caption\">look con jeans boyfriend<\/figcaption><\/figure>\n\n\n\n<h2 class=\"wp-block-heading\"><span class=\"ez-toc-section\" id=\"Aposte_em_uma_bota_vermelha_olha_este_look_com_calca_jeans_como_vai_fazer_voce_ficar_poderosa\"><\/span>Scommetti su uno stivale rosso, guarda questo look con i jeans perch\u00e9 ti far\u00e0 sembrare potente<span class=\"ez-toc-section-end\"><\/span><\/h2>\n\n\n\n<p>Se vuoi un look potente e diverso, puoi scommettere sullo stivale rosso in quanto offre un look mozzafiato. Se abbinati a pezzi classici, lo stile dello stivale \u00e8 evidente e tutti adoreranno il suo stile.<\/p>\n\n\n\n<figure class=\"wp-block-image size-full\"><img loading=\"lazy\" decoding=\"async\" width=\"760\" height=\"555\" src=\"https:\/\/danidrops.com.br\/wp-content\/uploads\/2023\/06\/14-look-com-calca-jeans-e-bota-vermelha.jpg\" alt=\"look con jeans e stivali rossi\" class=\"wp-image-76023\" title=\"\" srcset=\"https:\/\/danidrops.com.br\/wp-content\/uploads\/2023\/06\/14-look-com-calca-jeans-e-bota-vermelha.jpg 760w, https:\/\/danidrops.com.br\/wp-content\/uploads\/2023\/06\/14-look-com-calca-jeans-e-bota-vermelha-300x219.jpg 300w, https:\/\/danidrops.com.br\/wp-content\/uploads\/2023\/06\/14-look-com-calca-jeans-e-bota-vermelha-16x12.jpg 16w, https:\/\/danidrops.com.br\/wp-content\/uploads\/2023\/06\/14-look-com-calca-jeans-e-bota-vermelha-150x110.jpg 150w\" sizes=\"auto, (max-width: 760px) 100vw, 760px\" \/><figcaption class=\"wp-element-caption\">look con jeans e stivali rossi<\/figcaption><\/figure>\n\n\n\n<p>Il look denim da indossare nell&#039;inverno 2023 pu\u00f2 essere abbinato a diversi jeans, camicette fredde in vari modelli e stivali colorati, per aggiungere pi\u00f9 fascino ed eleganza al risultato finale del look.<\/p>\n\n\n\n<figure class=\"wp-block-image size-full\"><img loading=\"lazy\" decoding=\"async\" width=\"760\" height=\"555\" src=\"https:\/\/danidrops.com.br\/wp-content\/uploads\/2023\/06\/13-llook-com-calca-jeans-e-bota-vermelha.jpg\" alt=\"look con jeans e stivali rossi\" class=\"wp-image-76022\" title=\"\" srcset=\"https:\/\/danidrops.com.br\/wp-content\/uploads\/2023\/06\/13-llook-com-calca-jeans-e-bota-vermelha.jpg 760w, https:\/\/danidrops.com.br\/wp-content\/uploads\/2023\/06\/13-llook-com-calca-jeans-e-bota-vermelha-300x219.jpg 300w, https:\/\/danidrops.com.br\/wp-content\/uploads\/2023\/06\/13-llook-com-calca-jeans-e-bota-vermelha-16x12.jpg 16w, https:\/\/danidrops.com.br\/wp-content\/uploads\/2023\/06\/13-llook-com-calca-jeans-e-bota-vermelha-150x110.jpg 150w\" sizes=\"auto, (max-width: 760px) 100vw, 760px\" \/><figcaption class=\"wp-element-caption\">look con jeans e stivali rossi<\/figcaption><\/figure>\n\n\n\n<h2 class=\"wp-block-heading\"><span class=\"ez-toc-section\" id=\"Seja_a_calca_jeans_larga_ou_curta_neste_inverno_a_dica_e_inovar_em_seu_look\"><\/span>Che i jeans siano larghi o corti, quest&#039;inverno il consiglio \u00e8 quello di innovare nel proprio look<span class=\"ez-toc-section-end\"><\/span><\/h2>\n\n\n\n<p>Tutti i modelli di jeans sono in aumento nell&#039;inverno 2023 e i pantaloni pi\u00f9 larghi e pi\u00f9 corti sono pezzi jolly nel tuo guardaroba. Si possono abbinare a bluse aderenti, gilet e cappotti dei modelli pi\u00f9 svariati.<\/p>\n\n\n\n<figure class=\"wp-block-image size-full\"><img loading=\"lazy\" decoding=\"async\" width=\"760\" height=\"555\" src=\"https:\/\/danidrops.com.br\/wp-content\/uploads\/2023\/06\/16-look-com-calca-jeans-largas-e-curtas.jpg\" alt=\"look con jeans larghi e corti\" class=\"wp-image-76025\" title=\"\" srcset=\"https:\/\/danidrops.com.br\/wp-content\/uploads\/2023\/06\/16-look-com-calca-jeans-largas-e-curtas.jpg 760w, https:\/\/danidrops.com.br\/wp-content\/uploads\/2023\/06\/16-look-com-calca-jeans-largas-e-curtas-300x219.jpg 300w, https:\/\/danidrops.com.br\/wp-content\/uploads\/2023\/06\/16-look-com-calca-jeans-largas-e-curtas-16x12.jpg 16w, https:\/\/danidrops.com.br\/wp-content\/uploads\/2023\/06\/16-look-com-calca-jeans-largas-e-curtas-150x110.jpg 150w\" sizes=\"auto, (max-width: 760px) 100vw, 760px\" \/><figcaption class=\"wp-element-caption\">look con jeans larghi e corti<\/figcaption><\/figure>\n\n\n\n<p>Inoltre, questo tipo di look denim da indossare nell&#039;inverno 2023 pu\u00f2 essere facilmente abbinato ad altri tipi di calzature diverse dagli stivali, come nel caso dei sandali con tacco alto e cinturino.<\/p>\n\n\n\n<figure class=\"wp-block-image size-full\"><img loading=\"lazy\" decoding=\"async\" width=\"760\" height=\"555\" src=\"https:\/\/danidrops.com.br\/wp-content\/uploads\/2023\/06\/15-look-com-calca-jeans-largas-e-curtas.jpg\" alt=\"look con jeans larghi e corti\" class=\"wp-image-76024\" title=\"\" srcset=\"https:\/\/danidrops.com.br\/wp-content\/uploads\/2023\/06\/15-look-com-calca-jeans-largas-e-curtas.jpg 760w, https:\/\/danidrops.com.br\/wp-content\/uploads\/2023\/06\/15-look-com-calca-jeans-largas-e-curtas-300x219.jpg 300w, https:\/\/danidrops.com.br\/wp-content\/uploads\/2023\/06\/15-look-com-calca-jeans-largas-e-curtas-16x12.jpg 16w, https:\/\/danidrops.com.br\/wp-content\/uploads\/2023\/06\/15-look-com-calca-jeans-largas-e-curtas-150x110.jpg 150w\" sizes=\"auto, (max-width: 760px) 100vw, 760px\" \/><figcaption class=\"wp-element-caption\">look con jeans larghi e corti<\/figcaption><\/figure>\n\n\n\n<h2 class=\"wp-block-heading\"><span class=\"ez-toc-section\" id=\"Se_nao_estiver_muito_frio_da_para_arriscar_uma_calca_jeans_destroyed\"><\/span>Se non fa troppo freddo, puoi rischiare un paio di jeans distrutti<span class=\"ez-toc-section-end\"><\/span><\/h2>\n\n\n\n<p>Per le giornate fredde meno intense, puoi puntare su bellissimi modelli di jeans consumati. Il design strappato e sfilacciato offre un look attraente e molto moderno, perfetto per le donne che amano qualcosa di diverso nel look.<\/p>\n\n\n\n<figure class=\"wp-block-image size-full\"><img loading=\"lazy\" decoding=\"async\" width=\"760\" height=\"555\" src=\"https:\/\/danidrops.com.br\/wp-content\/uploads\/2023\/06\/18-calca-jeans-destroyed.jpg\" alt=\"jeans distrutti\" class=\"wp-image-75999\" title=\"\" srcset=\"https:\/\/danidrops.com.br\/wp-content\/uploads\/2023\/06\/18-calca-jeans-destroyed.jpg 760w, https:\/\/danidrops.com.br\/wp-content\/uploads\/2023\/06\/18-calca-jeans-destroyed-300x219.jpg 300w, https:\/\/danidrops.com.br\/wp-content\/uploads\/2023\/06\/18-calca-jeans-destroyed-16x12.jpg 16w, https:\/\/danidrops.com.br\/wp-content\/uploads\/2023\/06\/18-calca-jeans-destroyed-150x110.jpg 150w\" sizes=\"auto, (max-width: 760px) 100vw, 760px\" \/><figcaption class=\"wp-element-caption\">jeans distrutti<\/figcaption><\/figure>\n\n\n\n<figure class=\"wp-block-image size-full\"><img loading=\"lazy\" decoding=\"async\" width=\"760\" height=\"555\" src=\"https:\/\/danidrops.com.br\/wp-content\/uploads\/2023\/06\/17-calca-jeans-destroyed.jpg\" alt=\"jeans distrutti\" class=\"wp-image-75998\" title=\"\" srcset=\"https:\/\/danidrops.com.br\/wp-content\/uploads\/2023\/06\/17-calca-jeans-destroyed.jpg 760w, https:\/\/danidrops.com.br\/wp-content\/uploads\/2023\/06\/17-calca-jeans-destroyed-300x219.jpg 300w, https:\/\/danidrops.com.br\/wp-content\/uploads\/2023\/06\/17-calca-jeans-destroyed-16x12.jpg 16w, https:\/\/danidrops.com.br\/wp-content\/uploads\/2023\/06\/17-calca-jeans-destroyed-150x110.jpg 150w\" sizes=\"auto, (max-width: 760px) 100vw, 760px\" \/><figcaption class=\"wp-element-caption\">jeans distrutti<\/figcaption><\/figure>\n\n\n\n<h2 class=\"wp-block-heading\"><span class=\"ez-toc-section\" id=\"A_meia_calca_por_dentro_da_calca_jeans_Atitude_e_para_poucas\"><\/span>Collant dentro i jeans. L&#039;atteggiamento \u00e8 per pochi<span class=\"ez-toc-section-end\"><\/span><\/h2>\n\n\n\n<p>Per aggiungere ancora pi\u00f9 stile ai pantaloni distrutti, puoi indossare vari tipi di collant sotto i jeans. Le regioni sfilacciate e strappate permetteranno di vedere i collant e questo differenziale rende il tuo look pi\u00f9 audace e bello.<\/p>\n\n\n\n<figure class=\"wp-block-image size-full\"><img loading=\"lazy\" decoding=\"async\" width=\"760\" height=\"555\" src=\"https:\/\/danidrops.com.br\/wp-content\/uploads\/2023\/06\/20-meia-calca-por-dentro-da-calca-jeans.jpg\" alt=\"collant dentro i jeans\" class=\"wp-image-76001\" title=\"\" srcset=\"https:\/\/danidrops.com.br\/wp-content\/uploads\/2023\/06\/20-meia-calca-por-dentro-da-calca-jeans.jpg 760w, https:\/\/danidrops.com.br\/wp-content\/uploads\/2023\/06\/20-meia-calca-por-dentro-da-calca-jeans-300x219.jpg 300w, https:\/\/danidrops.com.br\/wp-content\/uploads\/2023\/06\/20-meia-calca-por-dentro-da-calca-jeans-16x12.jpg 16w, https:\/\/danidrops.com.br\/wp-content\/uploads\/2023\/06\/20-meia-calca-por-dentro-da-calca-jeans-150x110.jpg 150w\" sizes=\"auto, (max-width: 760px) 100vw, 760px\" \/><figcaption class=\"wp-element-caption\">collant dentro i jeans<\/figcaption><\/figure>\n\n\n\n<p>Per completare il look in denim da indossare nell&#039;inverno 2023 con jeans e collant a rete, scommetti su bellissimi cropped, stivali medi o alti e semijoia appariscenti e audaci.<\/p>\n\n\n\n<figure class=\"wp-block-image size-full\"><img loading=\"lazy\" decoding=\"async\" width=\"760\" height=\"555\" src=\"https:\/\/danidrops.com.br\/wp-content\/uploads\/2023\/06\/19-meia-calca-por-dentro-da-calca-jeans.jpg\" alt=\"collant dentro i jeans\" class=\"wp-image-76000\" title=\"\" srcset=\"https:\/\/danidrops.com.br\/wp-content\/uploads\/2023\/06\/19-meia-calca-por-dentro-da-calca-jeans.jpg 760w, https:\/\/danidrops.com.br\/wp-content\/uploads\/2023\/06\/19-meia-calca-por-dentro-da-calca-jeans-300x219.jpg 300w, https:\/\/danidrops.com.br\/wp-content\/uploads\/2023\/06\/19-meia-calca-por-dentro-da-calca-jeans-16x12.jpg 16w, https:\/\/danidrops.com.br\/wp-content\/uploads\/2023\/06\/19-meia-calca-por-dentro-da-calca-jeans-150x110.jpg 150w\" sizes=\"auto, (max-width: 760px) 100vw, 760px\" \/><figcaption class=\"wp-element-caption\">collant dentro i jeans<\/figcaption><\/figure>\n\n\n\n<h2 class=\"wp-block-heading\"><span class=\"ez-toc-section\" id=\"Gosta_do_estilo_rock_in_roll_A_calca_jeans_neste_inverno_ficara_linda_com_uma_jaqueta_preta\"><\/span>Ti piace lo stile rock in roll? I jeans quest&#039;inverno staranno benissimo con una giacca nera<span class=\"ez-toc-section-end\"><\/span><\/h2>\n\n\n\n<p>Se ti piace lo stile Rock In Roll, i jeans neri o consumati saranno perfetti negli outfit messi insieme per questo inverno, soprattutto se abbinati a dei bellissimi giubbini in pelle sintetica nera.<\/p>\n\n\n\n<figure class=\"wp-block-image size-full\"><img loading=\"lazy\" decoding=\"async\" width=\"760\" height=\"555\" src=\"https:\/\/danidrops.com.br\/wp-content\/uploads\/2023\/06\/22-calca-jeans-com-jaqueta-preta.jpg\" alt=\"jeans con giacca nera\" class=\"wp-image-76003\" title=\"\" srcset=\"https:\/\/danidrops.com.br\/wp-content\/uploads\/2023\/06\/22-calca-jeans-com-jaqueta-preta.jpg 760w, https:\/\/danidrops.com.br\/wp-content\/uploads\/2023\/06\/22-calca-jeans-com-jaqueta-preta-300x219.jpg 300w, https:\/\/danidrops.com.br\/wp-content\/uploads\/2023\/06\/22-calca-jeans-com-jaqueta-preta-16x12.jpg 16w, https:\/\/danidrops.com.br\/wp-content\/uploads\/2023\/06\/22-calca-jeans-com-jaqueta-preta-150x110.jpg 150w\" sizes=\"auto, (max-width: 760px) 100vw, 760px\" \/><figcaption class=\"wp-element-caption\">jeans con giacca nera<\/figcaption><\/figure>\n\n\n\n<p>Oltre alle giacche in ecopelle, hai anche la possibilit\u00e0 di indossare cappotti e blazer in vernice. I collant sotto i pantaloni rendono il denim ancora pi\u00f9 elegante per l&#039;inverno 2023 e in tutti i casi un bellissimo stivale \u00e8 in grado di completare il look.<\/p>\n\n\n\n<figure class=\"wp-block-image size-full\"><img loading=\"lazy\" decoding=\"async\" width=\"760\" height=\"555\" src=\"https:\/\/danidrops.com.br\/wp-content\/uploads\/2023\/06\/21-calca-jeans-com-jaqueta-preta.jpg\" alt=\"jeans con giacca nera\" class=\"wp-image-76002\" title=\"\" srcset=\"https:\/\/danidrops.com.br\/wp-content\/uploads\/2023\/06\/21-calca-jeans-com-jaqueta-preta.jpg 760w, https:\/\/danidrops.com.br\/wp-content\/uploads\/2023\/06\/21-calca-jeans-com-jaqueta-preta-300x219.jpg 300w, https:\/\/danidrops.com.br\/wp-content\/uploads\/2023\/06\/21-calca-jeans-com-jaqueta-preta-16x12.jpg 16w, https:\/\/danidrops.com.br\/wp-content\/uploads\/2023\/06\/21-calca-jeans-com-jaqueta-preta-150x110.jpg 150w\" sizes=\"auto, (max-width: 760px) 100vw, 760px\" \/><figcaption class=\"wp-element-caption\">jeans con giacca nera<\/figcaption><\/figure>\n\n\n\n<h2 class=\"wp-block-heading\"><span class=\"ez-toc-section\" id=\"Nao_sei_voces_mas_a_calca_jeans_neste_inverno_cai_bem_com_uma_jaqueta_de_couro_vermelha\"><\/span>Non so voi, ma i jeans quest&#039;inverno stanno bene con una giacca di pelle rossa<span class=\"ez-toc-section-end\"><\/span><\/h2>\n\n\n\n<p>Le giacche di pelle sono il culmine dell&#039;inverno e, se abbinate ai jeans, possono avere colori fantastici, vibranti e intensi. Un look denim perfetto da indossare nell&#039;inverno 2023 \u00e8 una gonna lunga in denim, giacca di pelle rossa, camicetta bianca e sneakers casual.<\/p>\n\n\n\n<figure class=\"wp-block-image size-full\"><img loading=\"lazy\" decoding=\"async\" width=\"760\" height=\"555\" src=\"https:\/\/danidrops.com.br\/wp-content\/uploads\/2023\/06\/24-calca-jeans-com-jaqueta-de-couro-vermelha.jpg\" alt=\"jeans con giacca di pelle rossa\" class=\"wp-image-76005\" title=\"\" srcset=\"https:\/\/danidrops.com.br\/wp-content\/uploads\/2023\/06\/24-calca-jeans-com-jaqueta-de-couro-vermelha.jpg 760w, https:\/\/danidrops.com.br\/wp-content\/uploads\/2023\/06\/24-calca-jeans-com-jaqueta-de-couro-vermelha-300x219.jpg 300w, https:\/\/danidrops.com.br\/wp-content\/uploads\/2023\/06\/24-calca-jeans-com-jaqueta-de-couro-vermelha-16x12.jpg 16w, https:\/\/danidrops.com.br\/wp-content\/uploads\/2023\/06\/24-calca-jeans-com-jaqueta-de-couro-vermelha-150x110.jpg 150w\" sizes=\"auto, (max-width: 760px) 100vw, 760px\" \/><figcaption class=\"wp-element-caption\">jeans con giacca di pelle rossa<\/figcaption><\/figure>\n\n\n\n<figure class=\"wp-block-image size-full\"><img loading=\"lazy\" decoding=\"async\" width=\"760\" height=\"555\" src=\"https:\/\/danidrops.com.br\/wp-content\/uploads\/2023\/06\/23-calca-jeans-com-jaqueta-de-couro-vermelha.jpg\" alt=\"jeans con giacca di pelle rossa\" class=\"wp-image-76004\" title=\"\" srcset=\"https:\/\/danidrops.com.br\/wp-content\/uploads\/2023\/06\/23-calca-jeans-com-jaqueta-de-couro-vermelha.jpg 760w, https:\/\/danidrops.com.br\/wp-content\/uploads\/2023\/06\/23-calca-jeans-com-jaqueta-de-couro-vermelha-300x219.jpg 300w, https:\/\/danidrops.com.br\/wp-content\/uploads\/2023\/06\/23-calca-jeans-com-jaqueta-de-couro-vermelha-16x12.jpg 16w, https:\/\/danidrops.com.br\/wp-content\/uploads\/2023\/06\/23-calca-jeans-com-jaqueta-de-couro-vermelha-150x110.jpg 150w\" sizes=\"auto, (max-width: 760px) 100vw, 760px\" \/><figcaption class=\"wp-element-caption\">jeans con giacca di pelle rossa<\/figcaption><\/figure>\n\n\n\n<h2 class=\"wp-block-heading\"><span class=\"ez-toc-section\" id=\"A_calca_jeans_branca_tambem_faz_parte_do_look_com_calca_jeans_para_usar_no_inverno\"><\/span>Anche i jeans bianchi fanno parte del look con i jeans da indossare in inverno<span class=\"ez-toc-section-end\"><\/span><\/h2>\n\n\n\n<p>Per le amanti di un look pi\u00f9 pulito e minimalista, puntate sui jeans bianchi, visto che fanno parte anche del look con i jeans da indossare nell&#039;inverno del 2023.<\/p>\n\n\n\n<figure class=\"wp-block-image size-full\"><img loading=\"lazy\" decoding=\"async\" width=\"760\" height=\"555\" src=\"https:\/\/danidrops.com.br\/wp-content\/uploads\/2023\/06\/26-look-com-calca-jeans-branca.jpg\" alt=\"look con jeans bianchi\" class=\"wp-image-76007\" title=\"\" srcset=\"https:\/\/danidrops.com.br\/wp-content\/uploads\/2023\/06\/26-look-com-calca-jeans-branca.jpg 760w, https:\/\/danidrops.com.br\/wp-content\/uploads\/2023\/06\/26-look-com-calca-jeans-branca-300x219.jpg 300w, https:\/\/danidrops.com.br\/wp-content\/uploads\/2023\/06\/26-look-com-calca-jeans-branca-16x12.jpg 16w, https:\/\/danidrops.com.br\/wp-content\/uploads\/2023\/06\/26-look-com-calca-jeans-branca-150x110.jpg 150w\" sizes=\"auto, (max-width: 760px) 100vw, 760px\" \/><figcaption class=\"wp-element-caption\">look con jeans bianchi<\/figcaption><\/figure>\n\n\n\n<p>La combinazione di pezzi pi\u00f9 comune in questi casi sono pantaloni bianchi, cappotti, kimono, camicette lavorate a maglia e giacche in colori neutri come beige, marrone e grigio. Per completare il look, scommetti su bellissimi stivaletti nella stessa tavolozza di colori delle camicette scelte.<\/p>\n\n\n\n<figure class=\"wp-block-image size-full\"><img loading=\"lazy\" decoding=\"async\" width=\"760\" height=\"555\" src=\"https:\/\/danidrops.com.br\/wp-content\/uploads\/2023\/06\/25-look-com-calca-jeans-branca.jpg\" alt=\"look con jeans bianchi\" class=\"wp-image-76006\" title=\"\" srcset=\"https:\/\/danidrops.com.br\/wp-content\/uploads\/2023\/06\/25-look-com-calca-jeans-branca.jpg 760w, https:\/\/danidrops.com.br\/wp-content\/uploads\/2023\/06\/25-look-com-calca-jeans-branca-300x219.jpg 300w, https:\/\/danidrops.com.br\/wp-content\/uploads\/2023\/06\/25-look-com-calca-jeans-branca-16x12.jpg 16w, https:\/\/danidrops.com.br\/wp-content\/uploads\/2023\/06\/25-look-com-calca-jeans-branca-150x110.jpg 150w\" sizes=\"auto, (max-width: 760px) 100vw, 760px\" \/><figcaption class=\"wp-element-caption\">look con jeans bianchi<\/figcaption><\/figure>\n\n\n\n<h2 class=\"wp-block-heading\"><span class=\"ez-toc-section\" id=\"Aposte_no_look_total_jeans_para_o_inverno\"><\/span>Scommetti sul look total denim per l&#039;inverno<span class=\"ez-toc-section-end\"><\/span><\/h2>\n\n\n\n<p>I look total denim sono ottime scommesse per le giornate invernali, poich\u00e9 questo tessuto \u00e8 piuttosto spesso e comodo da indossare. Puoi indossare jeans di diverse taglie, giacche di jeans e persino degli stivali dello stesso tessuto.<\/p>\n\n\n\n<figure class=\"wp-block-image size-full\"><img loading=\"lazy\" decoding=\"async\" width=\"760\" height=\"555\" src=\"https:\/\/danidrops.com.br\/wp-content\/uploads\/2023\/06\/28-look-total-jeans.jpg\" alt=\"look total denim\" class=\"wp-image-76009\" title=\"\" srcset=\"https:\/\/danidrops.com.br\/wp-content\/uploads\/2023\/06\/28-look-total-jeans.jpg 760w, https:\/\/danidrops.com.br\/wp-content\/uploads\/2023\/06\/28-look-total-jeans-300x219.jpg 300w, https:\/\/danidrops.com.br\/wp-content\/uploads\/2023\/06\/28-look-total-jeans-16x12.jpg 16w, https:\/\/danidrops.com.br\/wp-content\/uploads\/2023\/06\/28-look-total-jeans-150x110.jpg 150w\" sizes=\"auto, (max-width: 760px) 100vw, 760px\" \/><figcaption class=\"wp-element-caption\">look total denim<\/figcaption><\/figure>\n\n\n\n<p>Il look denim da indossare nell&#039;inverno 2023 dipende esclusivamente dalle tue preferenze personali e i capi devono essere scelti con cura, in modo che il risultato finale sia armonioso, accogliente e bello.<\/p>\n\n\n\n<figure class=\"wp-block-image size-full\"><img loading=\"lazy\" decoding=\"async\" width=\"760\" height=\"555\" src=\"https:\/\/danidrops.com.br\/wp-content\/uploads\/2023\/06\/27-look-total-jeans.jpg\" alt=\"look total denim\" class=\"wp-image-76008\" title=\"\" srcset=\"https:\/\/danidrops.com.br\/wp-content\/uploads\/2023\/06\/27-look-total-jeans.jpg 760w, https:\/\/danidrops.com.br\/wp-content\/uploads\/2023\/06\/27-look-total-jeans-300x219.jpg 300w, https:\/\/danidrops.com.br\/wp-content\/uploads\/2023\/06\/27-look-total-jeans-16x12.jpg 16w, https:\/\/danidrops.com.br\/wp-content\/uploads\/2023\/06\/27-look-total-jeans-150x110.jpg 150w\" sizes=\"auto, (max-width: 760px) 100vw, 760px\" \/><figcaption class=\"wp-element-caption\">look total denim<\/figcaption><\/figure>\n<div id=\"ez-toc-container\" class=\"ez-toc-v2_0_76 counter-hierarchy ez-toc-counter ez-toc-grey ez-toc-container-direction\">\n<p class=\"ez-toc-title\" style=\"cursor:inherit\">Leggerai questo articolo<\/p>\n<label for=\"ez-toc-cssicon-toggle-item-69f7336d21e37\" class=\"ez-toc-cssicon-toggle-label\"><span class=\"ez-toc-cssicon\"><span class=\"eztoc-hide\" style=\"display:none;\">Attiva\/disattiva<\/span><span class=\"ez-toc-icon-toggle-span\"><svg style=\"fill: #999;color:#999\" xmlns=\"http:\/\/www.w3.org\/2000\/svg\" class=\"list-377408\" width=\"20px\" height=\"20px\" viewbox=\"0 0 24 24\" fill=\"none\"><path d=\"M6 6H4v2h2V6zm14 0H8v2h12V6zM4 11h2v2H4v-2zm16 0H8v2h12v-2zM4 16h2v2H4v-2zm16 0H8v2h12v-2z\" fill=\"currentColor\"><\/path><\/svg><svg style=\"fill: #999;color:#999\" class=\"arrow-unsorted-368013\" xmlns=\"http:\/\/www.w3.org\/2000\/svg\" width=\"10px\" height=\"10px\" viewbox=\"0 0 24 24\" version=\"1.2\" baseprofile=\"tiny\"><path d=\"M18.2 9.3l-6.2-6.3-6.2 6.3c-.2.2-.3.4-.3.7s.1.5.3.7c.2.2.4.3.7.3h11c.3 0 .5-.1.7-.3.2-.2.3-.5.3-.7s-.1-.5-.3-.7zM5.8 14.7l6.2 6.3 6.2-6.3c.2-.2.3-.5.3-.7s-.1-.5-.3-.7c-.2-.2-.4-.3-.7-.3h-11c-.3 0-.5.1-.7.3-.2.2-.3.5-.3.7s.1.5.3.7z\"\/><\/svg><\/span><\/span><\/label><input type=\"checkbox\"  id=\"ez-toc-cssicon-toggle-item-69f7336d21e37\"  aria-label=\"Attiva\/disattiva\" \/><nav><ul class='ez-toc-list ez-toc-list-level-1' ><li class='ez-toc-page-1 ez-toc-heading-level-2'><a class=\"ez-toc-link ez-toc-heading-1\" href=\"https:\/\/danidrops.com.br\/it\/look-denim-da-indossare-in-inverno\/#A_calca_jeans_nao_sai_de_moda_e_no_inverno_pode_compor_varios_looks\" >I jeans non passano di moda e in inverno possono comporre diversi look.<\/a><\/li><li class='ez-toc-page-1 ez-toc-heading-level-2'><a class=\"ez-toc-link ez-toc-heading-2\" href=\"https:\/\/danidrops.com.br\/it\/look-denim-da-indossare-in-inverno\/#A_calca_jeans_preta_pode_fazer_toda_diferenca_no_seu_look\" >I jeans neri possono fare la differenza nel tuo look<\/a><\/li><li class='ez-toc-page-1 ez-toc-heading-level-2'><a class=\"ez-toc-link ez-toc-heading-3\" href=\"https:\/\/danidrops.com.br\/it\/look-denim-da-indossare-in-inverno\/#Tire_o_sobretudo_do_armario_e_faca_seu_look_com_calca_jeans_ficar_elegante\" >Tira fuori il soprabito dall&#039;armadio e rendi elegante il tuo look con i jeans<\/a><\/li><li class='ez-toc-page-1 ez-toc-heading-level-2'><a class=\"ez-toc-link ez-toc-heading-4\" href=\"https:\/\/danidrops.com.br\/it\/look-denim-da-indossare-in-inverno\/#A_calca_jeans_reta_faz_seu_visual_ficar_descontraido\" >I jeans dritti rendono il tuo look rilassato<\/a><\/li><li class='ez-toc-page-1 ez-toc-heading-level-2'><a class=\"ez-toc-link ez-toc-heading-5\" href=\"https:\/\/danidrops.com.br\/it\/look-denim-da-indossare-in-inverno\/#Quem_se_lembra_da_calca_jeans_boyfriend_Neste_inverno_estamos_vendo_ela_nas_ruas\" >Chi si ricorda i boyfriend jeans? Questo inverno la vedremo per strada<\/a><\/li><li class='ez-toc-page-1 ez-toc-heading-level-2'><a class=\"ez-toc-link ez-toc-heading-6\" href=\"https:\/\/danidrops.com.br\/it\/look-denim-da-indossare-in-inverno\/#Aposte_em_uma_bota_vermelha_olha_este_look_com_calca_jeans_como_vai_fazer_voce_ficar_poderosa\" >Scommetti su uno stivale rosso, guarda questo look con i jeans perch\u00e9 ti far\u00e0 sembrare potente<\/a><\/li><li class='ez-toc-page-1 ez-toc-heading-level-2'><a class=\"ez-toc-link ez-toc-heading-7\" href=\"https:\/\/danidrops.com.br\/it\/look-denim-da-indossare-in-inverno\/#Seja_a_calca_jeans_larga_ou_curta_neste_inverno_a_dica_e_inovar_em_seu_look\" >Che i jeans siano larghi o corti, quest&#039;inverno il consiglio \u00e8 quello di innovare nel proprio look<\/a><\/li><li class='ez-toc-page-1 ez-toc-heading-level-2'><a class=\"ez-toc-link ez-toc-heading-8\" href=\"https:\/\/danidrops.com.br\/it\/look-denim-da-indossare-in-inverno\/#Se_nao_estiver_muito_frio_da_para_arriscar_uma_calca_jeans_destroyed\" >Se non fa troppo freddo, puoi rischiare un paio di jeans distrutti<\/a><\/li><li class='ez-toc-page-1 ez-toc-heading-level-2'><a class=\"ez-toc-link ez-toc-heading-9\" href=\"https:\/\/danidrops.com.br\/it\/look-denim-da-indossare-in-inverno\/#A_meia_calca_por_dentro_da_calca_jeans_Atitude_e_para_poucas\" >Collant dentro i jeans. L&#039;atteggiamento \u00e8 per pochi<\/a><\/li><li class='ez-toc-page-1 ez-toc-heading-level-2'><a class=\"ez-toc-link ez-toc-heading-10\" href=\"https:\/\/danidrops.com.br\/it\/look-denim-da-indossare-in-inverno\/#Gosta_do_estilo_rock_in_roll_A_calca_jeans_neste_inverno_ficara_linda_com_uma_jaqueta_preta\" >Ti piace lo stile rock in roll? I jeans quest&#039;inverno staranno benissimo con una giacca nera<\/a><\/li><li class='ez-toc-page-1 ez-toc-heading-level-2'><a class=\"ez-toc-link ez-toc-heading-11\" href=\"https:\/\/danidrops.com.br\/it\/look-denim-da-indossare-in-inverno\/#Nao_sei_voces_mas_a_calca_jeans_neste_inverno_cai_bem_com_uma_jaqueta_de_couro_vermelha\" >Non so voi, ma i jeans quest&#039;inverno stanno bene con una giacca di pelle rossa<\/a><\/li><li class='ez-toc-page-1 ez-toc-heading-level-2'><a class=\"ez-toc-link ez-toc-heading-12\" href=\"https:\/\/danidrops.com.br\/it\/look-denim-da-indossare-in-inverno\/#A_calca_jeans_branca_tambem_faz_parte_do_look_com_calca_jeans_para_usar_no_inverno\" >Anche i jeans bianchi fanno parte del look con i jeans da indossare in inverno<\/a><\/li><li class='ez-toc-page-1 ez-toc-heading-level-2'><a class=\"ez-toc-link ez-toc-heading-13\" href=\"https:\/\/danidrops.com.br\/it\/look-denim-da-indossare-in-inverno\/#Aposte_no_look_total_jeans_para_o_inverno\" >Scommetti sul look total denim per l&#039;inverno<\/a><\/li><\/ul><\/nav><\/div>","protected":false},"excerpt":{"rendered":"<p>Os looks jeans para usar no inverno 2023 est\u00e3o com tudo, pois al\u00e9m de valorizar a beleza feminina, podem aquecer e s\u00e3o extremamente confort\u00e1veis para&hellip;<\/p>","protected":false},"author":1,"featured_media":76010,"comment_status":"open","ping_status":"open","sticky":false,"template":"","format":"standard","meta":{"footnotes":""},"categories":[4],"tags":[],"class_list":["post-75674","post","type-post","status-publish","format-standard","has-post-thumbnail","hentry","category-moda"],"_links":{"self":[{"href":"https:\/\/danidrops.com.br\/it\/wp-json\/wp\/v2\/posts\/75674","targetHints":{"allow":["GET"]}}],"collection":[{"href":"https:\/\/danidrops.com.br\/it\/wp-json\/wp\/v2\/posts"}],"about":[{"href":"https:\/\/danidrops.com.br\/it\/wp-json\/wp\/v2\/types\/post"}],"author":[{"embeddable":true,"href":"https:\/\/danidrops.com.br\/it\/wp-json\/wp\/v2\/users\/1"}],"replies":[{"embeddable":true,"href":"https:\/\/danidrops.com.br\/it\/wp-json\/wp\/v2\/comments?post=75674"}],"version-history":[{"count":0,"href":"https:\/\/danidrops.com.br\/it\/wp-json\/wp\/v2\/posts\/75674\/revisions"}],"wp:featuredmedia":[{"embeddable":true,"href":"https:\/\/danidrops.com.br\/it\/wp-json\/wp\/v2\/media\/76010"}],"wp:attachment":[{"href":"https:\/\/danidrops.com.br\/it\/wp-json\/wp\/v2\/media?parent=75674"}],"wp:term":[{"taxonomy":"category","embeddable":true,"href":"https:\/\/danidrops.com.br\/it\/wp-json\/wp\/v2\/categories?post=75674"},{"taxonomy":"post_tag","embeddable":true,"href":"https:\/\/danidrops.com.br\/it\/wp-json\/wp\/v2\/tags?post=75674"}],"curies":[{"name":"parola chiave","href":"https:\/\/api.w.org\/{rel}","templated":true}]}}