{"id":75677,"date":"2023-06-13T12:42:20","date_gmt":"2023-06-13T15:42:20","guid":{"rendered":"https:\/\/danidrops.com.br\/?p=75677"},"modified":"2024-11-05T21:22:27","modified_gmt":"2024-11-06T00:22:27","slug":"tagli-di-capelli-che-le-celebrita","status":"publish","type":"post","link":"https:\/\/danidrops.com.br\/it\/tagli-di-capelli-che-le-celebrita\/","title":{"rendered":"I 10 tagli di capelli che le celebrit\u00e0 amano: guarda come si tagliano i capelli Ivas"},"content":{"rendered":"<p>ce ne sono diversi <strong>tagli di capelli che le celebrit\u00e0 amano<\/strong>, sia per versatilit\u00e0 che per look, le donne famose vogliono sempre essere alla moda.<\/p>\n\n\n\n<p>Leggi anche: <strong><a href=\"https:\/\/danidrops.com.br\/it\/tendenza-taglio-capelli-donna-2025\/\" data-type=\"URL\" data-id=\"https:\/\/danidrops.com.br\/tendencia-corte-de-cabelo-feminino-2025\/\">Tendenza taglio di capelli donna - Scopri pi\u00f9 di 100 ispirazioni per tagli di capelli 2023<\/a><\/strong><\/p>\n\n\n\n<figure class=\"wp-block-image size-full\"><img loading=\"lazy\" decoding=\"async\" width=\"760\" height=\"555\" src=\"https:\/\/danidrops.com.br\/wp-content\/uploads\/2023\/06\/02-Cortes-de-Cabelo-que-as-Celebridades-adoram.jpg\" alt=\"Tagli di capelli Celebrit\u00e0 Amore\" class=\"wp-image-75973\" title=\"\" srcset=\"https:\/\/danidrops.com.br\/wp-content\/uploads\/2023\/06\/02-Cortes-de-Cabelo-que-as-Celebridades-adoram.jpg 760w, https:\/\/danidrops.com.br\/wp-content\/uploads\/2023\/06\/02-Cortes-de-Cabelo-que-as-Celebridades-adoram-300x219.jpg 300w, https:\/\/danidrops.com.br\/wp-content\/uploads\/2023\/06\/02-Cortes-de-Cabelo-que-as-Celebridades-adoram-16x12.jpg 16w, https:\/\/danidrops.com.br\/wp-content\/uploads\/2023\/06\/02-Cortes-de-Cabelo-que-as-Celebridades-adoram-150x110.jpg 150w\" sizes=\"auto, (max-width: 760px) 100vw, 760px\" \/><figcaption class=\"wp-element-caption\">Tagli di capelli Celebrit\u00e0 Amore<\/figcaption><\/figure>\n\n\n\n<p>Dal taglio pi\u00f9 corto a quello pi\u00f9 lungo, tutti i tipi sono i benvenuti tra le celebrit\u00e0, e scegliere il taglio migliore \u00e8 quello che corrisponde alla personalit\u00e0 e allo stile di ogni donna!<\/p>\n\n\n\n<figure class=\"wp-block-image size-full\"><img loading=\"lazy\" decoding=\"async\" width=\"760\" height=\"555\" src=\"https:\/\/danidrops.com.br\/wp-content\/uploads\/2023\/06\/01-Cortes-de-Cabelo-que-as-Celebridades-adoram.jpg\" alt=\"Tagli di capelli Celebrit\u00e0 Amore\" class=\"wp-image-75972\" title=\"\" srcset=\"https:\/\/danidrops.com.br\/wp-content\/uploads\/2023\/06\/01-Cortes-de-Cabelo-que-as-Celebridades-adoram.jpg 760w, https:\/\/danidrops.com.br\/wp-content\/uploads\/2023\/06\/01-Cortes-de-Cabelo-que-as-Celebridades-adoram-300x219.jpg 300w, https:\/\/danidrops.com.br\/wp-content\/uploads\/2023\/06\/01-Cortes-de-Cabelo-que-as-Celebridades-adoram-16x12.jpg 16w, https:\/\/danidrops.com.br\/wp-content\/uploads\/2023\/06\/01-Cortes-de-Cabelo-que-as-Celebridades-adoram-150x110.jpg 150w\" sizes=\"auto, (max-width: 760px) 100vw, 760px\" \/><figcaption class=\"wp-element-caption\">Tagli di capelli Celebrit\u00e0 Amore<\/figcaption><\/figure>\n\n\n\n<script type=\"application\/ld+json\">{\n    \"@context\": \"https:\\\/\\\/schema.org\",\n    \"@type\": \"FAQPage\",\n    \"mainEntity\": {\n        \"@type\": \"Question\",\n        \"name\": \"Quais cortes de cabelo as celebridades usam?\",\n        \"acceptedAnswer\": {\n            \"@type\": \"Answer\",\n            \"text\": \"Os cortes de cabelo que as celebridades usam s\\u00e3o: Corte de cabelo Pixie, Corte de cabelo Long Bob, Corte de cabelo Wolf Cut Shag, Corte de cabelo Blunt Cut, Corte de cabelo em Camadas longas, Corte de cabelo com Franja lateral, Corte de cabelo bob, Corte de cabelo lob, Corte de cabelo com Rabo de cavalo alto, Corte de Cabelo cacheado\"\n        }\n    }\n}<\/script>\n\n\n\n<h2 class=\"wp-block-heading\"><span class=\"ez-toc-section\" id=\"Quais_cortes_de_cabelo_as_celebridades_usam\"><\/span>Quali tagli di capelli indossano le celebrit\u00e0?<span class=\"ez-toc-section-end\"><\/span><\/h2>\n\n\n\n<p>Voi <strong>acconciature che indossano le celebrit\u00e0<\/strong> sono:<\/p>\n\n\n\n<ul class=\"wp-block-list\">\n<li>Taglio di capelli da folletto<\/li>\n\n\n\n<li>Taglio di capelli lungo a caschetto<\/li>\n\n\n\n<li>Taglio di capelli Wolf Cut Shag<\/li>\n\n\n\n<li>Taglio di capelli smussato<\/li>\n\n\n\n<li>Taglio di capelli lungo a strati<\/li>\n\n\n\n<li>Taglio di capelli con frangia laterale<\/li>\n\n\n\n<li>taglio di capelli bob<\/li>\n\n\n\n<li>taglio di capelli caschetto<\/li>\n\n\n\n<li>Taglio di capelli con coda alta<\/li>\n\n\n\n<li>taglio di capelli ricci<\/li>\n<\/ul>\n\n\n\n<script type=\"application\/ld+json\">{\n    \"@context\": \"https:\\\/\\\/schema.org\",\n    \"@type\": \"VideoObject\",\n    \"name\": \"Cortes de Cabelo que as Celebridades Adoram - Veja 50 inspira\\u00e7\\u00f5es de Cortes das Celebridades\",\n    \"description\": \"Existem v\\u00e1rios cortes de cabelo que as celebridades adoram, seja pela versatilidade ou pela apar\\u00eancia, as mulheres famosas querem estar sempre na moda.\",\n    \"thumbnailUrl\": \"https:\\\/\\\/danidrops.com.br\\\/wp-content\\\/uploads\\\/2023\\\/06\\\/Cortes-de-Cabelo-que-as-Celebridades-adoram.jpg\",\n    \"uploadDate\": \"2023-06-22\",\n    \"duration\": \"PT3M23S\",\n    \"contentUrl\": \"https:\\\/\\\/youtu.be\\\/Vy3BPLgv5uA\",\n    \"embedUrl\": \"https:\\\/\\\/youtu.be\\\/Vy3BPLgv5uA\",\n    \"potentialAction\": {\n        \"@type\": \"SeekToAction\",\n        \"target\": \"https:\\\/\\\/youtu.be\\\/Vy3BPLgv5uA={seek_to_second_number}\",\n        \"startOffset-input\": \"required name=seek_to_second_number\"\n    }\n}<\/script>\n\n\n\n<figure class=\"wp-block-embed is-type-video is-provider-youtube wp-block-embed-youtube wp-embed-aspect-16-9 wp-has-aspect-ratio\"><div class=\"wp-block-embed__wrapper\">\n<iframe loading=\"lazy\" title=\"Tagli di capelli che le celebrit\u00e0 amano: vedi 50 ispirazioni per acconciature da celebrit\u00e0\" width=\"500\" height=\"281\" src=\"https:\/\/www.youtube.com\/embed\/Vy3BPLgv5uA?feature=oembed\" frameborder=\"0\" allow=\"accelerometer; autoplay; clipboard-write; encrypted-media; gyroscope; picture-in-picture; web-share\" referrerpolicy=\"strict-origin-when-cross-origin\" allowfullscreen><\/iframe>\n<\/div><figcaption class=\"wp-element-caption\">Tagli di capelli che le celebrit\u00e0 amano: vedi 50 ispirazioni per acconciature da celebrit\u00e0<\/figcaption><\/figure>\n\n\n\n<h2 class=\"wp-block-heading\"><span class=\"ez-toc-section\" id=\"Corte_de_cabelo_Pixie\"><\/span>Taglio di capelli da folletto<span class=\"ez-toc-section-end\"><\/span><\/h2>\n\n\n\n<p>O <a href=\"https:\/\/danidrops.com.br\/it\/taglio-di-capelli-a-pixie\/\" data-type=\"URL\" data-id=\"https:\/\/danidrops.com.br\/corte-de-cabelo-pixie-cut\/\">taglio di capelli da folletto<\/a> \u00c8 un vero lusso tra le celebrit\u00e0 ed \u00e8 un taglio super versatile e moderno, perfetto per le donne audaci che non temono cambiamenti radicali nel proprio look.<\/p>\n\n\n\n<figure class=\"wp-block-image size-full\"><img loading=\"lazy\" decoding=\"async\" width=\"760\" height=\"555\" src=\"https:\/\/danidrops.com.br\/wp-content\/uploads\/2023\/06\/04-Corte-de-cabelo-Pixie.jpg\" alt=\"Taglio di capelli da folletto\" class=\"wp-image-75975\" title=\"\" srcset=\"https:\/\/danidrops.com.br\/wp-content\/uploads\/2023\/06\/04-Corte-de-cabelo-Pixie.jpg 760w, https:\/\/danidrops.com.br\/wp-content\/uploads\/2023\/06\/04-Corte-de-cabelo-Pixie-300x219.jpg 300w, https:\/\/danidrops.com.br\/wp-content\/uploads\/2023\/06\/04-Corte-de-cabelo-Pixie-16x12.jpg 16w, https:\/\/danidrops.com.br\/wp-content\/uploads\/2023\/06\/04-Corte-de-cabelo-Pixie-150x110.jpg 150w\" sizes=\"auto, (max-width: 760px) 100vw, 760px\" \/><figcaption class=\"wp-element-caption\">Taglio di capelli da folletto<\/figcaption><\/figure>\n\n\n\n<p>La caratteristica principale di questo taglio \u00e8 la lunghezza estremamente corta e una delle celebrit\u00e0 che apprezza questo tipo di look \u00e8 proprio l&#039;attrice <a href=\"https:\/\/www.instagram.com\/annehathaway\/\" target=\"_blank\" data-type=\"URL\" data-id=\"https:\/\/www.instagram.com\/annehathaway\/\" rel=\"noreferrer noopener\">Anne Hathaway<\/a>. Le estremit\u00e0 leggermente sfrangiate e la frangia laterale aggiungono un tocco di fascino ed eleganza al viso.<\/p>\n\n\n\n<figure class=\"wp-block-image size-full\"><img loading=\"lazy\" decoding=\"async\" width=\"760\" height=\"555\" src=\"https:\/\/danidrops.com.br\/wp-content\/uploads\/2023\/06\/03-Corte-de-cabelo-Pixie.jpg\" alt=\"Taglio di capelli da folletto\" class=\"wp-image-75974\" title=\"\" srcset=\"https:\/\/danidrops.com.br\/wp-content\/uploads\/2023\/06\/03-Corte-de-cabelo-Pixie.jpg 760w, https:\/\/danidrops.com.br\/wp-content\/uploads\/2023\/06\/03-Corte-de-cabelo-Pixie-300x219.jpg 300w, https:\/\/danidrops.com.br\/wp-content\/uploads\/2023\/06\/03-Corte-de-cabelo-Pixie-16x12.jpg 16w, https:\/\/danidrops.com.br\/wp-content\/uploads\/2023\/06\/03-Corte-de-cabelo-Pixie-150x110.jpg 150w\" sizes=\"auto, (max-width: 760px) 100vw, 760px\" \/><figcaption class=\"wp-element-caption\">Taglio di capelli da folletto<\/figcaption><\/figure>\n\n\n\n<h2 class=\"wp-block-heading\"><span class=\"ez-toc-section\" id=\"Corte_de_cabelo_Long_Bob\"><\/span>Taglio di capelli lungo a caschetto<span class=\"ez-toc-section-end\"><\/span><\/h2>\n\n\n\n<p>O <a href=\"https:\/\/danidrops.com.br\/it\/taglio-capelli-caschetto-lungo-2025\/\" data-type=\"URL\" data-id=\"https:\/\/danidrops.com.br\/corte-de-cabelo-long-bob-2025\/\">taglio di capelli lungo<\/a>&nbsp;La sua caratteristica sorprendente \u00e8 la parte anteriore con estremit\u00e0 pi\u00f9 lunghe e la parte posteriore con fili pi\u00f9 corti. Nonostante ci\u00f2, alcuni modelli di questi tagli di capelli che le celebrit\u00e0 adorano, hanno la stessa lunghezza di capelli.<\/p>\n\n\n\n<figure class=\"wp-block-image size-full\"><img loading=\"lazy\" decoding=\"async\" width=\"760\" height=\"555\" src=\"https:\/\/danidrops.com.br\/wp-content\/uploads\/2023\/06\/05-Corte-de-cabelo-Long-Bob.jpg\" alt=\"Taglio di capelli lungo a caschetto\" class=\"wp-image-75976\" title=\"\" srcset=\"https:\/\/danidrops.com.br\/wp-content\/uploads\/2023\/06\/05-Corte-de-cabelo-Long-Bob.jpg 760w, https:\/\/danidrops.com.br\/wp-content\/uploads\/2023\/06\/05-Corte-de-cabelo-Long-Bob-300x219.jpg 300w, https:\/\/danidrops.com.br\/wp-content\/uploads\/2023\/06\/05-Corte-de-cabelo-Long-Bob-16x12.jpg 16w, https:\/\/danidrops.com.br\/wp-content\/uploads\/2023\/06\/05-Corte-de-cabelo-Long-Bob-150x110.jpg 150w\" sizes=\"auto, (max-width: 760px) 100vw, 760px\" \/><figcaption class=\"wp-element-caption\">Taglio di capelli lungo a caschetto<\/figcaption><\/figure>\n\n\n\n<p><a href=\"https:\/\/pt.wikipedia.org\/wiki\/Natalie_Portman\" target=\"_blank\" data-type=\"URL\" data-id=\"https:\/\/pt.wikipedia.org\/wiki\/Natalie_Portman\" rel=\"noreferrer noopener\">Natalie Portman<\/a> \u00e8 una delle attrici, produttrici e cineaste israelo-americane che hanno aderito alla tendenza del caschetto lungo, in quanto trasmette un&#039;immagine di raffinatezza, eleganza e potere femminile nella societ\u00e0 moderna.<\/p>\n\n\n\n<figure class=\"wp-block-image size-full\"><img loading=\"lazy\" decoding=\"async\" width=\"760\" height=\"555\" src=\"https:\/\/danidrops.com.br\/wp-content\/uploads\/2023\/06\/06-Corte-de-cabelo-Long-Bob.jpg\" alt=\"Taglio di capelli lungo a caschetto\" class=\"wp-image-75977\" title=\"\" srcset=\"https:\/\/danidrops.com.br\/wp-content\/uploads\/2023\/06\/06-Corte-de-cabelo-Long-Bob.jpg 760w, https:\/\/danidrops.com.br\/wp-content\/uploads\/2023\/06\/06-Corte-de-cabelo-Long-Bob-300x219.jpg 300w, https:\/\/danidrops.com.br\/wp-content\/uploads\/2023\/06\/06-Corte-de-cabelo-Long-Bob-16x12.jpg 16w, https:\/\/danidrops.com.br\/wp-content\/uploads\/2023\/06\/06-Corte-de-cabelo-Long-Bob-150x110.jpg 150w\" sizes=\"auto, (max-width: 760px) 100vw, 760px\" \/><figcaption class=\"wp-element-caption\">Taglio di capelli lungo a caschetto<\/figcaption><\/figure>\n\n\n\n<h2 class=\"wp-block-heading\"><span class=\"ez-toc-section\" id=\"Corte_de_cabelo_Wolf_Cut_Shag\"><\/span>Taglio di capelli Wolf Cut Shag<span class=\"ez-toc-section-end\"><\/span><\/h2>\n\n\n\n<p>O <a href=\"https:\/\/danidrops.com.br\/it\/corte-de-cabelo-wolf-cut-2023\/\" data-type=\"URL\" data-id=\"https:\/\/danidrops.com.br\/corte-de-cabelo-wolf-cut-2023\/\">taglio di capelli shag taglio lupo<\/a> \u00e8 popolarmente conosciuto in Brasile come taglio lobo. La sua caratteristica principale \u00e8 il risultato di due tagli distinti, lo shaggy e il mullet. Per creare alcuni tagli di capelli che le celebrit\u00e0 amano, i parrucchieri spesso mescolano le tecniche e creano qualcosa di straordinario e unico.<\/p>\n\n\n\n<figure class=\"wp-block-image size-full\"><img loading=\"lazy\" decoding=\"async\" width=\"760\" height=\"555\" src=\"https:\/\/danidrops.com.br\/wp-content\/uploads\/2023\/06\/08-Corte-de-cabelo-Wolf-Cut-Shag.jpg\" alt=\"Taglio di capelli Wolf Cut Shag\" class=\"wp-image-75979\" title=\"\" srcset=\"https:\/\/danidrops.com.br\/wp-content\/uploads\/2023\/06\/08-Corte-de-cabelo-Wolf-Cut-Shag.jpg 760w, https:\/\/danidrops.com.br\/wp-content\/uploads\/2023\/06\/08-Corte-de-cabelo-Wolf-Cut-Shag-300x219.jpg 300w, https:\/\/danidrops.com.br\/wp-content\/uploads\/2023\/06\/08-Corte-de-cabelo-Wolf-Cut-Shag-16x12.jpg 16w, https:\/\/danidrops.com.br\/wp-content\/uploads\/2023\/06\/08-Corte-de-cabelo-Wolf-Cut-Shag-150x110.jpg 150w\" sizes=\"auto, (max-width: 760px) 100vw, 760px\" \/><figcaption class=\"wp-element-caption\">Taglio di capelli Wolf Cut Shag<\/figcaption><\/figure>\n\n\n\n<p>Nel caso del taglio Wolf Cut Shag, ha ereditato gli strati e le ciocche sfilacciate dal taglio shaggy, e il volume sopra la testa dal taglio mullet. <a href=\"https:\/\/www.instagram.com\/billieeilish\/\" target=\"_blank\" data-type=\"URL\" data-id=\"https:\/\/www.instagram.com\/billieeilish\/\" rel=\"noreferrer noopener\">Billie Eilish<\/a> \u00e8 un cantante e cantautore americano che si \u00e8 unito alla tendenza del taglio con molto volume.<\/p>\n\n\n\n<figure class=\"wp-block-image size-full\"><img loading=\"lazy\" decoding=\"async\" width=\"760\" height=\"555\" src=\"https:\/\/danidrops.com.br\/wp-content\/uploads\/2023\/06\/07-Corte-de-cabelo-Wolf-Cut-Shag.jpg\" alt=\"Taglio di capelli Wolf Cut Shag\" class=\"wp-image-75978\" title=\"\" srcset=\"https:\/\/danidrops.com.br\/wp-content\/uploads\/2023\/06\/07-Corte-de-cabelo-Wolf-Cut-Shag.jpg 760w, https:\/\/danidrops.com.br\/wp-content\/uploads\/2023\/06\/07-Corte-de-cabelo-Wolf-Cut-Shag-300x219.jpg 300w, https:\/\/danidrops.com.br\/wp-content\/uploads\/2023\/06\/07-Corte-de-cabelo-Wolf-Cut-Shag-16x12.jpg 16w, https:\/\/danidrops.com.br\/wp-content\/uploads\/2023\/06\/07-Corte-de-cabelo-Wolf-Cut-Shag-150x110.jpg 150w\" sizes=\"auto, (max-width: 760px) 100vw, 760px\" \/><figcaption class=\"wp-element-caption\">Taglio di capelli Wolf Cut Shag<\/figcaption><\/figure>\n\n\n\n<h2 class=\"wp-block-heading\"><span class=\"ez-toc-section\" id=\"Corte_de_cabelo_Blunt_Cut\"><\/span>Taglio di capelli smussato<span class=\"ez-toc-section-end\"><\/span><\/h2>\n\n\n\n<p>O <a href=\"https:\/\/danidrops.com.br\/it\/taglio-di-capelli-smussato\/\" data-type=\"URL\" data-id=\"https:\/\/danidrops.com.br\/corte-de-cabelo-blunt-cut\/\">Taglio di capelli smussato<\/a> \u00e8 un modello in stile bob corto o medio con estremit\u00e0 dritte. \u00c8 lungo fino al mento, con estremit\u00e0 e lunghezza dritta e rifinito rivolto verso l&#039;interno.<\/p>\n\n\n\n<figure class=\"wp-block-image size-full\"><img loading=\"lazy\" decoding=\"async\" width=\"760\" height=\"555\" src=\"https:\/\/danidrops.com.br\/wp-content\/uploads\/2023\/06\/09-Corte-de-cabelo-Blunt-Cut.jpg\" alt=\"Taglio di capelli smussato\" class=\"wp-image-75980\" title=\"\" srcset=\"https:\/\/danidrops.com.br\/wp-content\/uploads\/2023\/06\/09-Corte-de-cabelo-Blunt-Cut.jpg 760w, https:\/\/danidrops.com.br\/wp-content\/uploads\/2023\/06\/09-Corte-de-cabelo-Blunt-Cut-300x219.jpg 300w, https:\/\/danidrops.com.br\/wp-content\/uploads\/2023\/06\/09-Corte-de-cabelo-Blunt-Cut-16x12.jpg 16w, https:\/\/danidrops.com.br\/wp-content\/uploads\/2023\/06\/09-Corte-de-cabelo-Blunt-Cut-150x110.jpg 150w\" sizes=\"auto, (max-width: 760px) 100vw, 760px\" \/><figcaption class=\"wp-element-caption\">Taglio di capelli smussato<\/figcaption><\/figure>\n\n\n\n<p>Questo taglio \u00e8 un vero classico ed \u00e8 tra i tagli di capelli che le celebrit\u00e0 amano per la sua versatilit\u00e0 e bellezza. Oltre ad essere rifinito con le estremit\u00e0 verso l&#039;interno, alcune donne lo rifiniscono con le estremit\u00e0 verso l&#039;esterno per creare pi\u00f9 volume.<\/p>\n\n\n\n<figure class=\"wp-block-image size-full\"><img loading=\"lazy\" decoding=\"async\" width=\"760\" height=\"555\" src=\"https:\/\/danidrops.com.br\/wp-content\/uploads\/2023\/06\/10-Corte-de-cabelo-Blunt-Cut.jpg\" alt=\"Taglio di capelli smussato\" class=\"wp-image-75981\" title=\"\" srcset=\"https:\/\/danidrops.com.br\/wp-content\/uploads\/2023\/06\/10-Corte-de-cabelo-Blunt-Cut.jpg 760w, https:\/\/danidrops.com.br\/wp-content\/uploads\/2023\/06\/10-Corte-de-cabelo-Blunt-Cut-300x219.jpg 300w, https:\/\/danidrops.com.br\/wp-content\/uploads\/2023\/06\/10-Corte-de-cabelo-Blunt-Cut-16x12.jpg 16w, https:\/\/danidrops.com.br\/wp-content\/uploads\/2023\/06\/10-Corte-de-cabelo-Blunt-Cut-150x110.jpg 150w\" sizes=\"auto, (max-width: 760px) 100vw, 760px\" \/><figcaption class=\"wp-element-caption\">Taglio di capelli smussato<\/figcaption><\/figure>\n\n\n\n<h2 class=\"wp-block-heading\"><span class=\"ez-toc-section\" id=\"Corte_de_cabelo_em_Camadas_longas\"><\/span>Taglio di capelli lungo a strati<span class=\"ez-toc-section-end\"><\/span><\/h2>\n\n\n\n<p>O <a href=\"https:\/\/danidrops.com.br\/it\/taglio-di-capelli-a-strati\/\" data-type=\"URL\" data-id=\"https:\/\/danidrops.com.br\/corte-de-cabelo-em-camadas\/\">taglio di capelli lungo a strati<\/a> \u00e8 perfetto per chi non vuole rinunciare alla lunghezza delle ciocche e vuole anche che i capelli abbiano volume e movimento controllati. Questo tipo di taglio \u00e8 perfetto per capelli con m\u00e8ches o m\u00e8ches, in quanto esalta la lucentezza del tono su tono.<\/p>\n\n\n\n<figure class=\"wp-block-image size-full\"><img loading=\"lazy\" decoding=\"async\" width=\"760\" height=\"555\" src=\"https:\/\/danidrops.com.br\/wp-content\/uploads\/2023\/06\/12-Corte-de-cabelo-em-Camadas-longas.jpg\" alt=\"Taglio di capelli lungo a strati\" class=\"wp-image-75983\" title=\"\" srcset=\"https:\/\/danidrops.com.br\/wp-content\/uploads\/2023\/06\/12-Corte-de-cabelo-em-Camadas-longas.jpg 760w, https:\/\/danidrops.com.br\/wp-content\/uploads\/2023\/06\/12-Corte-de-cabelo-em-Camadas-longas-300x219.jpg 300w, https:\/\/danidrops.com.br\/wp-content\/uploads\/2023\/06\/12-Corte-de-cabelo-em-Camadas-longas-16x12.jpg 16w, https:\/\/danidrops.com.br\/wp-content\/uploads\/2023\/06\/12-Corte-de-cabelo-em-Camadas-longas-150x110.jpg 150w\" sizes=\"auto, (max-width: 760px) 100vw, 760px\" \/><figcaption class=\"wp-element-caption\">Taglio di capelli lungo a strati<\/figcaption><\/figure>\n\n\n\n<p>Gli strati possono essere distanziati o ravvicinati, tutto dipende dal risultato finale desiderato. Inoltre, tutte le donne possono godere di questo tipo di taglio, in quanto si abbina a varie lunghezze di capelli e forme del viso.<\/p>\n\n\n\n<figure class=\"wp-block-image size-full\"><img loading=\"lazy\" decoding=\"async\" width=\"760\" height=\"555\" src=\"https:\/\/danidrops.com.br\/wp-content\/uploads\/2023\/06\/11-Corte-de-cabelo-em-Camadas-longas.jpg\" alt=\"Taglio di capelli lungo a strati\" class=\"wp-image-75982\" title=\"\" srcset=\"https:\/\/danidrops.com.br\/wp-content\/uploads\/2023\/06\/11-Corte-de-cabelo-em-Camadas-longas.jpg 760w, https:\/\/danidrops.com.br\/wp-content\/uploads\/2023\/06\/11-Corte-de-cabelo-em-Camadas-longas-300x219.jpg 300w, https:\/\/danidrops.com.br\/wp-content\/uploads\/2023\/06\/11-Corte-de-cabelo-em-Camadas-longas-16x12.jpg 16w, https:\/\/danidrops.com.br\/wp-content\/uploads\/2023\/06\/11-Corte-de-cabelo-em-Camadas-longas-150x110.jpg 150w\" sizes=\"auto, (max-width: 760px) 100vw, 760px\" \/><figcaption class=\"wp-element-caption\">Taglio di capelli lungo a strati<\/figcaption><\/figure>\n\n\n\n<h2 class=\"wp-block-heading\"><span class=\"ez-toc-section\" id=\"Corte_de_cabelo_com_Franja_lateral\"><\/span>Taglio di capelli con frangia laterale<span class=\"ez-toc-section-end\"><\/span><\/h2>\n\n\n\n<p>Se ne vuoi uno <a href=\"https:\/\/danidrops.com.br\/it\/tendenza-tagli-di-capelli-con-frangia-2025\/\" data-type=\"URL\" data-id=\"https:\/\/danidrops.com.br\/tendencia-corte-de-cabelo-com-franja-2025\/\">taglio di capelli con frangia laterale<\/a> Puoi ispirarti alla famosa attrice Jennifer Aniston, poich\u00e9 il suo marchio di fabbrica \u00e8 spesso una bellissima frangia lunga e laterale. Il colore chiaro esalta la bellezza e la lucentezza delle ciocche, ma questo taglio pu\u00f2 essere effettuato su tutti i tipi di capelli.<\/p>\n\n\n\n<figure class=\"wp-block-image size-full\"><img loading=\"lazy\" decoding=\"async\" width=\"760\" height=\"555\" src=\"https:\/\/danidrops.com.br\/wp-content\/uploads\/2023\/06\/13-Corte-de-cabelo-com-Franja-lateral.jpg\" alt=\"Taglio di capelli con frangia laterale\" class=\"wp-image-75962\" title=\"\" srcset=\"https:\/\/danidrops.com.br\/wp-content\/uploads\/2023\/06\/13-Corte-de-cabelo-com-Franja-lateral.jpg 760w, https:\/\/danidrops.com.br\/wp-content\/uploads\/2023\/06\/13-Corte-de-cabelo-com-Franja-lateral-300x219.jpg 300w, https:\/\/danidrops.com.br\/wp-content\/uploads\/2023\/06\/13-Corte-de-cabelo-com-Franja-lateral-16x12.jpg 16w, https:\/\/danidrops.com.br\/wp-content\/uploads\/2023\/06\/13-Corte-de-cabelo-com-Franja-lateral-150x110.jpg 150w\" sizes=\"auto, (max-width: 760px) 100vw, 760px\" \/><figcaption class=\"wp-element-caption\">Taglio di capelli con frangia laterale<\/figcaption><\/figure>\n\n\n\n<figure class=\"wp-block-image size-full\"><img loading=\"lazy\" decoding=\"async\" width=\"760\" height=\"555\" src=\"https:\/\/danidrops.com.br\/wp-content\/uploads\/2023\/06\/14-Corte-de-cabelo-com-Franja-lateral.jpg\" alt=\"Taglio di capelli con frangia laterale\" class=\"wp-image-75963\" title=\"\" srcset=\"https:\/\/danidrops.com.br\/wp-content\/uploads\/2023\/06\/14-Corte-de-cabelo-com-Franja-lateral.jpg 760w, https:\/\/danidrops.com.br\/wp-content\/uploads\/2023\/06\/14-Corte-de-cabelo-com-Franja-lateral-300x219.jpg 300w, https:\/\/danidrops.com.br\/wp-content\/uploads\/2023\/06\/14-Corte-de-cabelo-com-Franja-lateral-16x12.jpg 16w, https:\/\/danidrops.com.br\/wp-content\/uploads\/2023\/06\/14-Corte-de-cabelo-com-Franja-lateral-150x110.jpg 150w\" sizes=\"auto, (max-width: 760px) 100vw, 760px\" \/><figcaption class=\"wp-element-caption\">Taglio di capelli con frangia laterale<\/figcaption><\/figure>\n\n\n\n<h2 class=\"wp-block-heading\"><span class=\"ez-toc-section\" id=\"Corte_de_cabelo_bob\"><\/span>taglio di capelli bob<span class=\"ez-toc-section-end\"><\/span><\/h2>\n\n\n\n<p>O <a href=\"https:\/\/danidrops.com.br\/it\/taglio-di-capelli-bob-2023\/\" data-type=\"URL\" data-id=\"https:\/\/danidrops.com.br\/corte-de-cabelo-bob-2023\/\">taglio di capelli bob<\/a>&nbsp;\u00e8 dritto e raggiunge l&#039;altezza del mento. Pu\u00f2 essere associato a vari tipi di frangia, incluso il lato. La lunghezza di questo tipo di taglio \u00e8 intermedia tra il corto e il lungo e per questo motivo \u00e8 una delle scelte principali tra i tagli di capelli che le celebrit\u00e0 amano.<\/p>\n\n\n\n<figure class=\"wp-block-image size-full\"><img loading=\"lazy\" decoding=\"async\" width=\"760\" height=\"555\" src=\"https:\/\/danidrops.com.br\/wp-content\/uploads\/2023\/06\/06-Corte-de-cabelo-Long-Bob.jpg\" alt=\"Taglio di capelli lungo a caschetto\" class=\"wp-image-75977\" title=\"\" srcset=\"https:\/\/danidrops.com.br\/wp-content\/uploads\/2023\/06\/06-Corte-de-cabelo-Long-Bob.jpg 760w, https:\/\/danidrops.com.br\/wp-content\/uploads\/2023\/06\/06-Corte-de-cabelo-Long-Bob-300x219.jpg 300w, https:\/\/danidrops.com.br\/wp-content\/uploads\/2023\/06\/06-Corte-de-cabelo-Long-Bob-16x12.jpg 16w, https:\/\/danidrops.com.br\/wp-content\/uploads\/2023\/06\/06-Corte-de-cabelo-Long-Bob-150x110.jpg 150w\" sizes=\"auto, (max-width: 760px) 100vw, 760px\" \/><figcaption class=\"wp-element-caption\">Taglio di capelli lungo a caschetto<\/figcaption><\/figure>\n\n\n\n<p>La finitura di questo tipo di taglio pu\u00f2 essere eseguita a strati, ciocche triturate e sconnesse, asimmetriche e molto altro. Vale anche la pena ricordare che il taglio a caschetto pu\u00f2 essere effettuato su vari tipi di capelli e forme del viso per esaltare la bellezza femminile.<\/p>\n\n\n\n<figure class=\"wp-block-image size-full\"><img loading=\"lazy\" decoding=\"async\" width=\"760\" height=\"555\" src=\"https:\/\/danidrops.com.br\/wp-content\/uploads\/2023\/06\/05-Corte-de-cabelo-Long-Bob.jpg\" alt=\"Taglio di capelli lungo a caschetto\" class=\"wp-image-75976\" title=\"\" srcset=\"https:\/\/danidrops.com.br\/wp-content\/uploads\/2023\/06\/05-Corte-de-cabelo-Long-Bob.jpg 760w, https:\/\/danidrops.com.br\/wp-content\/uploads\/2023\/06\/05-Corte-de-cabelo-Long-Bob-300x219.jpg 300w, https:\/\/danidrops.com.br\/wp-content\/uploads\/2023\/06\/05-Corte-de-cabelo-Long-Bob-16x12.jpg 16w, https:\/\/danidrops.com.br\/wp-content\/uploads\/2023\/06\/05-Corte-de-cabelo-Long-Bob-150x110.jpg 150w\" sizes=\"auto, (max-width: 760px) 100vw, 760px\" \/><figcaption class=\"wp-element-caption\">Taglio di capelli lungo a caschetto<\/figcaption><\/figure>\n\n\n\n<h2 class=\"wp-block-heading\"><span class=\"ez-toc-section\" id=\"Corte_de_cabelo_lob\"><\/span>taglio di capelli caschetto<span class=\"ez-toc-section-end\"><\/span><\/h2>\n\n\n\n<p>Il taglio di capelli Lob \u00e8 una versione pi\u00f9 lunga del bob e la sua caratteristica principale sono le ciocche all&#039;altezza delle spalle o appena sotto di essa. Per rendere il taglio di capelli pi\u00f9 audace e attraente, puoi tagliare delicatamente le ciocche e lasciare le estremit\u00e0 disconnesse e persino asimmetriche.<\/p>\n\n\n\n<figure class=\"wp-block-image size-full\"><img loading=\"lazy\" decoding=\"async\" width=\"760\" height=\"555\" src=\"https:\/\/danidrops.com.br\/wp-content\/uploads\/2023\/06\/18-Corte-de-cabelo-lob.jpg\" alt=\"taglio di capelli caschetto\" class=\"wp-image-75967\" title=\"\" srcset=\"https:\/\/danidrops.com.br\/wp-content\/uploads\/2023\/06\/18-Corte-de-cabelo-lob.jpg 760w, https:\/\/danidrops.com.br\/wp-content\/uploads\/2023\/06\/18-Corte-de-cabelo-lob-300x219.jpg 300w, https:\/\/danidrops.com.br\/wp-content\/uploads\/2023\/06\/18-Corte-de-cabelo-lob-16x12.jpg 16w, https:\/\/danidrops.com.br\/wp-content\/uploads\/2023\/06\/18-Corte-de-cabelo-lob-150x110.jpg 150w\" sizes=\"auto, (max-width: 760px) 100vw, 760px\" \/><figcaption class=\"wp-element-caption\">taglio di capelli caschetto<\/figcaption><\/figure>\n\n\n\n<figure class=\"wp-block-image size-full\"><img loading=\"lazy\" decoding=\"async\" width=\"760\" height=\"555\" src=\"https:\/\/danidrops.com.br\/wp-content\/uploads\/2023\/06\/17-Corte-de-cabelo-lob.jpg\" alt=\"taglio di capelli caschetto\" class=\"wp-image-75966\" title=\"\" srcset=\"https:\/\/danidrops.com.br\/wp-content\/uploads\/2023\/06\/17-Corte-de-cabelo-lob.jpg 760w, https:\/\/danidrops.com.br\/wp-content\/uploads\/2023\/06\/17-Corte-de-cabelo-lob-300x219.jpg 300w, https:\/\/danidrops.com.br\/wp-content\/uploads\/2023\/06\/17-Corte-de-cabelo-lob-16x12.jpg 16w, https:\/\/danidrops.com.br\/wp-content\/uploads\/2023\/06\/17-Corte-de-cabelo-lob-150x110.jpg 150w\" sizes=\"auto, (max-width: 760px) 100vw, 760px\" \/><figcaption class=\"wp-element-caption\">taglio di capelli caschetto<\/figcaption><\/figure>\n\n\n\n<h2 class=\"wp-block-heading\"><span class=\"ez-toc-section\" id=\"Corte_de_cabelo_com_Rabo_de_cavalo_alto\"><\/span>Taglio di capelli con coda alta<span class=\"ez-toc-section-end\"><\/span><\/h2>\n\n\n\n<p>Per chi ama innovare e desidera un&#039;acconciatura che valorizzi la lunghezza delle ciocche, niente di meglio di un taglio di capelli a coda di cavallo alta. Questa acconciatura ha la capacit\u00e0 di aumentare ulteriormente la lunghezza delle ciocche e aggiungere volume alle ciocche.<\/p>\n\n\n\n<figure class=\"wp-block-image size-full\"><img loading=\"lazy\" decoding=\"async\" width=\"760\" height=\"555\" src=\"https:\/\/danidrops.com.br\/wp-content\/uploads\/2023\/06\/19-Corte-de-cabelo-com-Rabo-de-cavalo-alto.jpg\" alt=\"Taglio di capelli con coda alta\" class=\"wp-image-75968\" title=\"\" srcset=\"https:\/\/danidrops.com.br\/wp-content\/uploads\/2023\/06\/19-Corte-de-cabelo-com-Rabo-de-cavalo-alto.jpg 760w, https:\/\/danidrops.com.br\/wp-content\/uploads\/2023\/06\/19-Corte-de-cabelo-com-Rabo-de-cavalo-alto-300x219.jpg 300w, https:\/\/danidrops.com.br\/wp-content\/uploads\/2023\/06\/19-Corte-de-cabelo-com-Rabo-de-cavalo-alto-16x12.jpg 16w, https:\/\/danidrops.com.br\/wp-content\/uploads\/2023\/06\/19-Corte-de-cabelo-com-Rabo-de-cavalo-alto-150x110.jpg 150w\" sizes=\"auto, (max-width: 760px) 100vw, 760px\" \/><figcaption class=\"wp-element-caption\">Taglio di capelli con coda alta<\/figcaption><\/figure>\n\n\n\n<p>Ariana Grande \u00e8 conosciuta in tutto il mondo per essere un&#039;eccellente cantante, cantautrice, strumentista, produttrice musicale, ballerina, attrice e imprenditrice americana. Ma un&#039;altra caratteristica sorprendente della celebrit\u00e0 \u00e8 la famosa coda alta e lunga.<\/p>\n\n\n\n<figure class=\"wp-block-image size-full\"><img loading=\"lazy\" decoding=\"async\" width=\"760\" height=\"555\" src=\"https:\/\/danidrops.com.br\/wp-content\/uploads\/2023\/06\/20-Corte-de-cabelo-com-Rabo-de-cavalo-alto.jpg\" alt=\"Taglio di capelli con coda alta\" class=\"wp-image-75969\" title=\"\" srcset=\"https:\/\/danidrops.com.br\/wp-content\/uploads\/2023\/06\/20-Corte-de-cabelo-com-Rabo-de-cavalo-alto.jpg 760w, https:\/\/danidrops.com.br\/wp-content\/uploads\/2023\/06\/20-Corte-de-cabelo-com-Rabo-de-cavalo-alto-300x219.jpg 300w, https:\/\/danidrops.com.br\/wp-content\/uploads\/2023\/06\/20-Corte-de-cabelo-com-Rabo-de-cavalo-alto-16x12.jpg 16w, https:\/\/danidrops.com.br\/wp-content\/uploads\/2023\/06\/20-Corte-de-cabelo-com-Rabo-de-cavalo-alto-150x110.jpg 150w\" sizes=\"auto, (max-width: 760px) 100vw, 760px\" \/><figcaption class=\"wp-element-caption\">Taglio di capelli con coda alta<\/figcaption><\/figure>\n\n\n\n<h2 class=\"wp-block-heading\"><span class=\"ez-toc-section\" id=\"Corte_de_Cabelo_cacheado\"><\/span>taglio di capelli ricci<span class=\"ez-toc-section-end\"><\/span><\/h2>\n\n\n\n<p>Per le donne che amano il volume e la definizione, il <a href=\"https:\/\/danidrops.com.br\/it\/tendenza-taglio-capelli-ricci-2025\/\" data-type=\"URL\" data-id=\"https:\/\/danidrops.com.br\/tendencia-corte-de-cabelo-cacheado-2025\/\">taglio di capelli ricci<\/a> \u00e8 perfetto e ci sono molte varianti di tagli che si abbinano a questo tipo di filato. Con cos\u00ec tante opzioni disponibili, i tagli di capelli che le celebrit\u00e0 amano includono sicuramente acconciature ricci.<\/p>\n\n\n\n<figure class=\"wp-block-image size-full\"><img loading=\"lazy\" decoding=\"async\" width=\"760\" height=\"555\" src=\"https:\/\/danidrops.com.br\/wp-content\/uploads\/2023\/06\/21-Corte-de-Cabelo-cacheado.jpg\" alt=\"taglio di capelli ricci\" class=\"wp-image-75970\" title=\"\" srcset=\"https:\/\/danidrops.com.br\/wp-content\/uploads\/2023\/06\/21-Corte-de-Cabelo-cacheado.jpg 760w, https:\/\/danidrops.com.br\/wp-content\/uploads\/2023\/06\/21-Corte-de-Cabelo-cacheado-300x219.jpg 300w, https:\/\/danidrops.com.br\/wp-content\/uploads\/2023\/06\/21-Corte-de-Cabelo-cacheado-16x12.jpg 16w, https:\/\/danidrops.com.br\/wp-content\/uploads\/2023\/06\/21-Corte-de-Cabelo-cacheado-150x110.jpg 150w\" sizes=\"auto, (max-width: 760px) 100vw, 760px\" \/><figcaption class=\"wp-element-caption\">taglio di capelli ricci<\/figcaption><\/figure>\n\n\n\n<p>La cantante, cantautrice, ballerina e polistrumentista colombiana Shakira \u00e8 una delle celebrit\u00e0 che ama un taglio di capelli ricci con volume e definizione e questo tipo di taglio \u00e8 in grado di esaltare la sua bellezza e femminilit\u00e0 in modo efficace e affascinante.<\/p>\n\n\n\n<figure class=\"wp-block-image size-full\"><img loading=\"lazy\" decoding=\"async\" width=\"760\" height=\"555\" src=\"https:\/\/danidrops.com.br\/wp-content\/uploads\/2023\/06\/22-Corte-de-Cabelo-cacheado.jpg\" alt=\"taglio di capelli ricci\" class=\"wp-image-75971\" title=\"\" srcset=\"https:\/\/danidrops.com.br\/wp-content\/uploads\/2023\/06\/22-Corte-de-Cabelo-cacheado.jpg 760w, https:\/\/danidrops.com.br\/wp-content\/uploads\/2023\/06\/22-Corte-de-Cabelo-cacheado-300x219.jpg 300w, https:\/\/danidrops.com.br\/wp-content\/uploads\/2023\/06\/22-Corte-de-Cabelo-cacheado-16x12.jpg 16w, https:\/\/danidrops.com.br\/wp-content\/uploads\/2023\/06\/22-Corte-de-Cabelo-cacheado-150x110.jpg 150w\" sizes=\"auto, (max-width: 760px) 100vw, 760px\" \/><figcaption class=\"wp-element-caption\">taglio di capelli ricci<\/figcaption><\/figure>\n<div id=\"ez-toc-container\" class=\"ez-toc-v2_0_76 counter-hierarchy ez-toc-counter ez-toc-grey ez-toc-container-direction\">\n<p class=\"ez-toc-title\" style=\"cursor:inherit\">Leggerai questo articolo<\/p>\n<label for=\"ez-toc-cssicon-toggle-item-6a9b6678f38cc\" class=\"ez-toc-cssicon-toggle-label\"><span class=\"ez-toc-cssicon\"><span class=\"eztoc-hide\" style=\"display:none;\">Attiva\/disattiva<\/span><span class=\"ez-toc-icon-toggle-span\"><svg style=\"fill: #999;color:#999\" xmlns=\"http:\/\/www.w3.org\/2000\/svg\" class=\"list-377408\" width=\"20px\" height=\"20px\" viewbox=\"0 0 24 24\" fill=\"none\"><path d=\"M6 6H4v2h2V6zm14 0H8v2h12V6zM4 11h2v2H4v-2zm16 0H8v2h12v-2zM4 16h2v2H4v-2zm16 0H8v2h12v-2z\" fill=\"currentColor\"><\/path><\/svg><svg style=\"fill: #999;color:#999\" class=\"arrow-unsorted-368013\" xmlns=\"http:\/\/www.w3.org\/2000\/svg\" width=\"10px\" height=\"10px\" viewbox=\"0 0 24 24\" version=\"1.2\" baseprofile=\"tiny\"><path d=\"M18.2 9.3l-6.2-6.3-6.2 6.3c-.2.2-.3.4-.3.7s.1.5.3.7c.2.2.4.3.7.3h11c.3 0 .5-.1.7-.3.2-.2.3-.5.3-.7s-.1-.5-.3-.7zM5.8 14.7l6.2 6.3 6.2-6.3c.2-.2.3-.5.3-.7s-.1-.5-.3-.7c-.2-.2-.4-.3-.7-.3h-11c-.3 0-.5.1-.7.3-.2.2-.3.5-.3.7s.1.5.3.7z\"\/><\/svg><\/span><\/span><\/label><input type=\"checkbox\"  id=\"ez-toc-cssicon-toggle-item-6a9b6678f38cc\"  aria-label=\"Attiva\/disattiva\" \/><nav><ul class='ez-toc-list ez-toc-list-level-1' ><li class='ez-toc-page-1 ez-toc-heading-level-2'><a class=\"ez-toc-link ez-toc-heading-1\" href=\"https:\/\/danidrops.com.br\/it\/tagli-di-capelli-che-le-celebrita\/#Quais_cortes_de_cabelo_as_celebridades_usam\" >Quali tagli di capelli indossano le celebrit\u00e0?<\/a><\/li><li class='ez-toc-page-1 ez-toc-heading-level-2'><a class=\"ez-toc-link ez-toc-heading-2\" href=\"https:\/\/danidrops.com.br\/it\/tagli-di-capelli-che-le-celebrita\/#Corte_de_cabelo_Pixie\" >Taglio di capelli da folletto<\/a><\/li><li class='ez-toc-page-1 ez-toc-heading-level-2'><a class=\"ez-toc-link ez-toc-heading-3\" href=\"https:\/\/danidrops.com.br\/it\/tagli-di-capelli-che-le-celebrita\/#Corte_de_cabelo_Long_Bob\" >Taglio di capelli lungo a caschetto<\/a><\/li><li class='ez-toc-page-1 ez-toc-heading-level-2'><a class=\"ez-toc-link ez-toc-heading-4\" href=\"https:\/\/danidrops.com.br\/it\/tagli-di-capelli-che-le-celebrita\/#Corte_de_cabelo_Wolf_Cut_Shag\" >Taglio di capelli Wolf Cut Shag<\/a><\/li><li class='ez-toc-page-1 ez-toc-heading-level-2'><a class=\"ez-toc-link ez-toc-heading-5\" href=\"https:\/\/danidrops.com.br\/it\/tagli-di-capelli-che-le-celebrita\/#Corte_de_cabelo_Blunt_Cut\" >Taglio di capelli smussato<\/a><\/li><li class='ez-toc-page-1 ez-toc-heading-level-2'><a class=\"ez-toc-link ez-toc-heading-6\" href=\"https:\/\/danidrops.com.br\/it\/tagli-di-capelli-che-le-celebrita\/#Corte_de_cabelo_em_Camadas_longas\" >Taglio di capelli lungo a strati<\/a><\/li><li class='ez-toc-page-1 ez-toc-heading-level-2'><a class=\"ez-toc-link ez-toc-heading-7\" href=\"https:\/\/danidrops.com.br\/it\/tagli-di-capelli-che-le-celebrita\/#Corte_de_cabelo_com_Franja_lateral\" >Taglio di capelli con frangia laterale<\/a><\/li><li class='ez-toc-page-1 ez-toc-heading-level-2'><a class=\"ez-toc-link ez-toc-heading-8\" href=\"https:\/\/danidrops.com.br\/it\/tagli-di-capelli-che-le-celebrita\/#Corte_de_cabelo_bob\" >taglio di capelli bob<\/a><\/li><li class='ez-toc-page-1 ez-toc-heading-level-2'><a class=\"ez-toc-link ez-toc-heading-9\" href=\"https:\/\/danidrops.com.br\/it\/tagli-di-capelli-che-le-celebrita\/#Corte_de_cabelo_lob\" >taglio di capelli caschetto<\/a><\/li><li class='ez-toc-page-1 ez-toc-heading-level-2'><a class=\"ez-toc-link ez-toc-heading-10\" href=\"https:\/\/danidrops.com.br\/it\/tagli-di-capelli-che-le-celebrita\/#Corte_de_cabelo_com_Rabo_de_cavalo_alto\" >Taglio di capelli con coda alta<\/a><\/li><li class='ez-toc-page-1 ez-toc-heading-level-2'><a class=\"ez-toc-link ez-toc-heading-11\" href=\"https:\/\/danidrops.com.br\/it\/tagli-di-capelli-che-le-celebrita\/#Corte_de_Cabelo_cacheado\" >taglio di capelli ricci<\/a><\/li><\/ul><\/nav><\/div>","protected":false},"excerpt":{"rendered":"<p>Existem v\u00e1rios cortes de cabelo que as celebridades adoram, seja pela versatilidade ou pela apar\u00eancia, as mulheres famosas querem estar sempre na moda. Leia Tamb\u00e9m:&hellip;<\/p>","protected":false},"author":1,"featured_media":75973,"comment_status":"open","ping_status":"open","sticky":false,"template":"","format":"standard","meta":{"footnotes":""},"categories":[439],"tags":[],"class_list":["post-75677","post","type-post","status-publish","format-standard","has-post-thumbnail","hentry","category-cabelo"],"_links":{"self":[{"href":"https:\/\/danidrops.com.br\/it\/wp-json\/wp\/v2\/posts\/75677","targetHints":{"allow":["GET"]}}],"collection":[{"href":"https:\/\/danidrops.com.br\/it\/wp-json\/wp\/v2\/posts"}],"about":[{"href":"https:\/\/danidrops.com.br\/it\/wp-json\/wp\/v2\/types\/post"}],"author":[{"embeddable":true,"href":"https:\/\/danidrops.com.br\/it\/wp-json\/wp\/v2\/users\/1"}],"replies":[{"embeddable":true,"href":"https:\/\/danidrops.com.br\/it\/wp-json\/wp\/v2\/comments?post=75677"}],"version-history":[{"count":0,"href":"https:\/\/danidrops.com.br\/it\/wp-json\/wp\/v2\/posts\/75677\/revisions"}],"wp:featuredmedia":[{"embeddable":true,"href":"https:\/\/danidrops.com.br\/it\/wp-json\/wp\/v2\/media\/75973"}],"wp:attachment":[{"href":"https:\/\/danidrops.com.br\/it\/wp-json\/wp\/v2\/media?parent=75677"}],"wp:term":[{"taxonomy":"category","embeddable":true,"href":"https:\/\/danidrops.com.br\/it\/wp-json\/wp\/v2\/categories?post=75677"},{"taxonomy":"post_tag","embeddable":true,"href":"https:\/\/danidrops.com.br\/it\/wp-json\/wp\/v2\/tags?post=75677"}],"curies":[{"name":"parola chiave","href":"https:\/\/api.w.org\/{rel}","templated":true}]}}