{"id":79648,"date":"2023-08-09T13:52:13","date_gmt":"2023-08-09T16:52:13","guid":{"rendered":"https:\/\/danidrops.com.br\/?p=79648"},"modified":"2024-02-25T11:43:55","modified_gmt":"2024-02-25T14:43:55","slug":"colore-dei-capelli-castano-rame","status":"publish","type":"post","link":"https:\/\/danidrops.com.br\/it\/colore-dei-capelli-castano-rame\/","title":{"rendered":"Colore dei Capelli Castano Rame - Scopri 30 sfumature che trasformeranno il tuo look"},"content":{"rendered":"<p>Stai cercando di rinnovare la tua pettinatura e adottare un nuovo look? Prova il colore marrone rame!&nbsp;<\/p>\n\n\n\n<p>Questa splendida tonalit\u00e0 \u00e8 il modo perfetto per ottenere un bagliore glamour senza sforzo. Oltre a offrire calore e vivacit\u00e0, \u00e8 uno stile chic senza tempo.<\/p>\n\n\n\n<div class=\"container4\">\n\t<span>Leggi anche:<\/span>\n    <ul class=\"lista\">\n\t\t<li id=\"cliquem\"><a href=\"https:\/\/danidrops.com.br\/it\/colore-dei-capelli-2025\/\" title=\"Tendenza colore capelli 2024\"><strong>Tendenza colore dei capelli 2024 \u2013 Scopri pi\u00f9 di 120 colori di capelli alla moda<\/strong><\/a><\/li>\t\n\t<\/ul>\n<\/div>\n\n<script type=\"application\/ld+json\">{\n    \"@context\": \"https:\\\/\\\/schema.org\",\n    \"@type\": \"Action\",\n    \"name\": \"Clicar em link para ler mat\\u00e9ria Tend\\u00eancia de Cor de Cabelo 2024\",\n    \"potentialAction\": {\n        \"@type\": \"ReadAction\",\n        \"target\": {\n            \"@type\": \"EntryPoint\",\n            \"urlTemplate\": \"https:\\\/\\\/danidrops.com.br\\\/cor-de-cabelo-2025\\\/\"\n        }\n    },\n    \"object\": {\n        \"@type\": \"WebPage\",\n        \"headline\": \"Cor de Cabelo 2024\",\n        \"author\": {\n            \"@type\": \"Organization\",\n            \"name\": \"Danidrops.com.br\",\n            \"logo\": \"https:\\\/\\\/danidrops.com.br\\\/wp-content\\\/uploads\\\/2021\\\/08\\\/danidrops-logo-1.jpg\",\n            \"url\": \"https:\\\/\\\/danidrops.com.br\\\/\"\n        },\n        \"image\": \"https:\\\/\\\/danidrops.com.br\\\/wp-content\\\/uploads\\\/2023\\\/10\\\/01-Cor-de-Cabelo-2024.jpg\",\n        \"url\": \"https:\\\/\\\/danidrops.com.br\\\/cor-de-cabelo-2025\\\/\",\n        \"description\": \"Informa\\u00e7\\u00f5es sobre a tend\\u00eancia de Cor de Cabelo 2024. Veja as inspira\\u00e7\\u00f5es que estar\\u00e3o em alta sobre a tend\\u00eancia de Cor de Cabelo 2024.\",\n        \"mainEntityOfPage\": {\n            \"@type\": \"WebPage\",\n            \"@id\": \"https:\\\/\\\/danidrops.com.br\\\/cor-de-cabelo-2025\\\/\"\n        }\n    }\n}<\/script>\n\n\n\n<figure class=\"wp-block-image size-full\"><img loading=\"lazy\" decoding=\"async\" width=\"760\" height=\"555\" src=\"https:\/\/danidrops.com.br\/wp-content\/uploads\/2023\/07\/14-Cor-de-Cabelo-Castanho-Acobreado.jpg\" alt=\"Colore dei Capelli Castano Rame\" class=\"wp-image-79690\" title=\"\" srcset=\"https:\/\/danidrops.com.br\/wp-content\/uploads\/2023\/07\/14-Cor-de-Cabelo-Castanho-Acobreado.jpg 760w, https:\/\/danidrops.com.br\/wp-content\/uploads\/2023\/07\/14-Cor-de-Cabelo-Castanho-Acobreado-300x219.jpg 300w, https:\/\/danidrops.com.br\/wp-content\/uploads\/2023\/07\/14-Cor-de-Cabelo-Castanho-Acobreado-16x12.jpg 16w, https:\/\/danidrops.com.br\/wp-content\/uploads\/2023\/07\/14-Cor-de-Cabelo-Castanho-Acobreado-150x110.jpg 150w\" sizes=\"auto, (max-width: 760px) 100vw, 760px\" \/><figcaption class=\"wp-element-caption\">Colore dei Capelli Castano Rame<\/figcaption><\/figure>\n\n\n\n<figure class=\"wp-block-image size-full\"><img loading=\"lazy\" decoding=\"async\" width=\"760\" height=\"555\" src=\"https:\/\/danidrops.com.br\/wp-content\/uploads\/2023\/07\/03-Cor-de-Cabelo-Castanho-Acobreado.jpg\" alt=\"Colore dei Capelli Castano Rame\" class=\"wp-image-79695\" title=\"\" srcset=\"https:\/\/danidrops.com.br\/wp-content\/uploads\/2023\/07\/03-Cor-de-Cabelo-Castanho-Acobreado.jpg 760w, https:\/\/danidrops.com.br\/wp-content\/uploads\/2023\/07\/03-Cor-de-Cabelo-Castanho-Acobreado-300x219.jpg 300w, https:\/\/danidrops.com.br\/wp-content\/uploads\/2023\/07\/03-Cor-de-Cabelo-Castanho-Acobreado-16x12.jpg 16w, https:\/\/danidrops.com.br\/wp-content\/uploads\/2023\/07\/03-Cor-de-Cabelo-Castanho-Acobreado-150x110.jpg 150w\" sizes=\"auto, (max-width: 760px) 100vw, 760px\" \/><figcaption class=\"wp-element-caption\">Colore dei Capelli Castano Rame<\/figcaption><\/figure>\n\n\n\n<p>Ecco 30 idee su come utilizzare <strong>Colore dei Capelli Castano Rame<\/strong> per trasformare il tuo aspetto. Con una variet\u00e0 di tonalit\u00e0 chiare, medie e scure disponibili, c&#039;\u00e8 davvero una tonalit\u00e0 per ogni donna!<\/p>\n\n\n\n<h2 class=\"wp-block-heading\"><span class=\"ez-toc-section\" id=\"O_que_e_a_Cor_de_Cabelo_Castanho_Acobreado\"><\/span>Qual \u00e8 il colore dei capelli castano ramato?<span class=\"ez-toc-section-end\"><\/span><\/h2>\n\n\n\n<p>Ti presentiamo il colore pi\u00f9 nuovo e di tendenza per dominare i tuoi capelli: il colore dei capelli ramati! Questa tonalit\u00e0 ricca e calda dar\u00e0 vita ed energia ai tuoi capelli mantenendo un aspetto naturale ed elegante.<\/p>\n\n\n\n<p>Il colore dei capelli ramati \u00e8 sicuramente diventato una tendenza nel settore della colorazione dei capelli negli ultimi anni.&nbsp;<\/p>\n\n\n\n<figure class=\"wp-block-image size-full\"><img loading=\"lazy\" decoding=\"async\" width=\"760\" height=\"555\" src=\"https:\/\/danidrops.com.br\/wp-content\/uploads\/2023\/07\/02-Cor-de-Cabelo-Castanho-Acobreado.jpg\" alt=\"Colore dei Capelli Castano Rame\" class=\"wp-image-79694\" title=\"\" srcset=\"https:\/\/danidrops.com.br\/wp-content\/uploads\/2023\/07\/02-Cor-de-Cabelo-Castanho-Acobreado.jpg 760w, https:\/\/danidrops.com.br\/wp-content\/uploads\/2023\/07\/02-Cor-de-Cabelo-Castanho-Acobreado-300x219.jpg 300w, https:\/\/danidrops.com.br\/wp-content\/uploads\/2023\/07\/02-Cor-de-Cabelo-Castanho-Acobreado-16x12.jpg 16w, https:\/\/danidrops.com.br\/wp-content\/uploads\/2023\/07\/02-Cor-de-Cabelo-Castanho-Acobreado-150x110.jpg 150w\" sizes=\"auto, (max-width: 760px) 100vw, 760px\" \/><figcaption class=\"wp-element-caption\">Colore dei Capelli Castano Rame<\/figcaption><\/figure>\n\n\n\n<p>Le vivaci tonalit\u00e0 di marrone e rame aggiungono raffinatezza e migliorano istantaneamente qualsiasi look.<\/p>\n\n\n\n<p>Inoltre, \u00e8 un&#039;opzione super pratica, che lo rende adatto a tutti i tipi di capelli. Con il colore dei capelli ramati, creerai splendidi look che vanno dal sottile al audace e moderno.<\/p>\n\n\n\n<figure class=\"wp-block-image size-full\"><img loading=\"lazy\" decoding=\"async\" width=\"760\" height=\"555\" src=\"https:\/\/danidrops.com.br\/wp-content\/uploads\/2023\/07\/01-Cor-de-Cabelo-Castanho-Acobreado.jpg\" alt=\"Colore dei Capelli Castano Rame\" class=\"wp-image-79693\" title=\"\" srcset=\"https:\/\/danidrops.com.br\/wp-content\/uploads\/2023\/07\/01-Cor-de-Cabelo-Castanho-Acobreado.jpg 760w, https:\/\/danidrops.com.br\/wp-content\/uploads\/2023\/07\/01-Cor-de-Cabelo-Castanho-Acobreado-300x219.jpg 300w, https:\/\/danidrops.com.br\/wp-content\/uploads\/2023\/07\/01-Cor-de-Cabelo-Castanho-Acobreado-16x12.jpg 16w, https:\/\/danidrops.com.br\/wp-content\/uploads\/2023\/07\/01-Cor-de-Cabelo-Castanho-Acobreado-150x110.jpg 150w\" sizes=\"auto, (max-width: 760px) 100vw, 760px\" \/><figcaption class=\"wp-element-caption\">Colore dei Capelli Castano Rame<\/figcaption><\/figure>\n\n\n\n<p>Questa splendida tonalit\u00e0 \u00e8 perfetta per le persone con tonalit\u00e0 della pelle da medie a scure e pu\u00f2 essere personalizzata per adattarsi al tuo stile unico.<\/p>\n\n\n\n<figure class=\"wp-block-image size-full\"><img loading=\"lazy\" decoding=\"async\" width=\"760\" height=\"555\" src=\"https:\/\/danidrops.com.br\/wp-content\/uploads\/2023\/07\/16-Cor-de-Cabelo-Castanho-Acobreado.jpg\" alt=\"Colore dei Capelli Castano Rame\" class=\"wp-image-79692\" title=\"\" srcset=\"https:\/\/danidrops.com.br\/wp-content\/uploads\/2023\/07\/16-Cor-de-Cabelo-Castanho-Acobreado.jpg 760w, https:\/\/danidrops.com.br\/wp-content\/uploads\/2023\/07\/16-Cor-de-Cabelo-Castanho-Acobreado-300x219.jpg 300w, https:\/\/danidrops.com.br\/wp-content\/uploads\/2023\/07\/16-Cor-de-Cabelo-Castanho-Acobreado-16x12.jpg 16w, https:\/\/danidrops.com.br\/wp-content\/uploads\/2023\/07\/16-Cor-de-Cabelo-Castanho-Acobreado-150x110.jpg 150w\" sizes=\"auto, (max-width: 760px) 100vw, 760px\" \/><figcaption class=\"wp-element-caption\">Colore dei Capelli Castano Rame<\/figcaption><\/figure>\n\n\n\n<p>Prova ad aggiungere riflessi sottili e delicati se preferisci pi\u00f9 volume tra i capelli o aggiungi un colore semipermanente, come il balayage, se desideri un look pi\u00f9 audace e di maggiore impatto.<\/p>\n\n\n\n<p>Il colore dei capelli ramati \u00e8 una scelta versatile che pu\u00f2 esaltare la tua bellezza naturale e portare il tuo stile al livello successivo. Lascia che i tuoi capelli risplendano con questa fantastica tendenza e trasformati con un look straordinario!<\/p>\n\n\n\n<figure class=\"wp-block-image size-full\"><img loading=\"lazy\" decoding=\"async\" width=\"760\" height=\"555\" src=\"https:\/\/danidrops.com.br\/wp-content\/uploads\/2023\/07\/15-Cor-de-Cabelo-Castanho-Acobreado.jpg\" alt=\"Colore dei Capelli Castano Rame\" class=\"wp-image-79691\" title=\"\" srcset=\"https:\/\/danidrops.com.br\/wp-content\/uploads\/2023\/07\/15-Cor-de-Cabelo-Castanho-Acobreado.jpg 760w, https:\/\/danidrops.com.br\/wp-content\/uploads\/2023\/07\/15-Cor-de-Cabelo-Castanho-Acobreado-300x219.jpg 300w, https:\/\/danidrops.com.br\/wp-content\/uploads\/2023\/07\/15-Cor-de-Cabelo-Castanho-Acobreado-16x12.jpg 16w, https:\/\/danidrops.com.br\/wp-content\/uploads\/2023\/07\/15-Cor-de-Cabelo-Castanho-Acobreado-150x110.jpg 150w\" sizes=\"auto, (max-width: 760px) 100vw, 760px\" \/><figcaption class=\"wp-element-caption\">Colore dei Capelli Castano Rame<\/figcaption><\/figure>\n\n\n\n<script type=\"application\/ld+json\">{\n    \"@context\": \"https:\\\/\\\/schema.org\",\n    \"@type\": \"VideoObject\",\n    \"name\": \"Cor de Cabelo Castanho Acobreado \\u2013 Veja 30 tonalidades que v\\u00e3o transformar a sua apar\\u00eancia\",\n    \"description\": \"Procurando dar uma renovada no seu penteado e adotar um novo visual? Experimente a cor castanho cobre!\",\n    \"thumbnailUrl\": \"https:\\\/\\\/danidrops.com.br\\\/wp-content\\\/uploads\\\/2023\\\/10\\\/Cor-de-Cabelo-Castanho-Acobreado.jpg\",\n    \"uploadDate\": \"2023-10-03\",\n    \"duration\": \"PT1M56S\",\n    \"contentUrl\": \"https:\\\/\\\/youtu.be\\\/4jXY1pPP0hc\",\n    \"embedUrl\": \"https:\\\/\\\/youtu.be\\\/4jXY1pPP0hc\",\n    \"potentialAction\": {\n        \"@type\": \"SeekToAction\",\n        \"target\": \"https:\\\/\\\/youtu.be\\\/4jXY1pPP0hc={seek_to_second_number}\",\n        \"startOffset-input\": \"required name=seek_to_second_number\"\n    }\n}<\/script>\n\n\n\n<figure class=\"wp-block-embed is-type-video is-provider-youtube wp-block-embed-youtube wp-embed-aspect-16-9 wp-has-aspect-ratio\"><div class=\"wp-block-embed__wrapper\">\n<iframe loading=\"lazy\" title=\"Colore dei capelli castano rame - Scopri 30 sfumature che trasformeranno il tuo look\" width=\"500\" height=\"281\" src=\"https:\/\/www.youtube.com\/embed\/4jXY1pPP0hc?feature=oembed\" frameborder=\"0\" allow=\"accelerometer; autoplay; clipboard-write; encrypted-media; gyroscope; picture-in-picture; web-share\" referrerpolicy=\"strict-origin-when-cross-origin\" allowfullscreen><\/iframe>\n<\/div><figcaption class=\"wp-element-caption\">Colore dei capelli castano rame - Scopri 30 sfumature che trasformeranno il tuo look<\/figcaption><\/figure>\n\n\n\n<h2 class=\"wp-block-heading\"><span class=\"ez-toc-section\" id=\"Quais_sao_os_pos_e_contras_da_cor_de_cabelo_castanho_acobreado\"><\/span>Quali sono le polveri e i contro del colore dei capelli ramati?<span class=\"ez-toc-section-end\"><\/span><\/h2>\n\n\n\n<figure class=\"wp-block-table\"><table><thead><tr><th>Pro del colore dei capelli castano rame<\/th><th>Contro del colore dei capelli castano rame<\/th><\/tr><\/thead><tbody><tr><td>bagliore radioso<\/td><td>Dissolvenza<\/td><\/tr><tr><td>Versatilit\u00e0<\/td><td>Sensibilit\u00e0 chimica<\/td><\/tr><tr><td>Highlight per capelli scuri<\/td><td>Pre-pigmentazione per capelli chiari<\/td><\/tr><tr><td>Effetto riscaldatore<\/td><td>Cure speciali<\/td><\/tr><tr><td>Bassa manutenzione<\/td><td>Necessit\u00e0 di un professionista qualificato<\/td><\/tr><\/tbody><\/table><figcaption class=\"wp-element-caption\">Polveri Coloranti e Contrasti per Capelli Castano Rame<\/figcaption><\/figure>\n\n\n\n<h2 class=\"wp-block-heading\"><span class=\"ez-toc-section\" id=\"Como_Manter_a_Cor_de_Cabelo_Castanho_Acobreado\"><\/span>Come mantenere il colore dei capelli castano ramato?<span class=\"ez-toc-section-end\"><\/span><\/h2>\n\n\n\n<p>Fortunatamente per noi, mantenere un bel colore di capelli castano ramato \u00e8 pi\u00f9 facile di quanto si possa pensare! La chiave \u00e8 tenere presente che le nostre ciocche devono rimanere idratate e sane.<\/p>\n\n\n\n<figure class=\"wp-block-image size-full\"><img loading=\"lazy\" decoding=\"async\" width=\"760\" height=\"555\" src=\"https:\/\/danidrops.com.br\/wp-content\/uploads\/2023\/07\/13-Cor-de-Cabelo-Castanho-Acobreado.jpg\" alt=\"Colore dei Capelli Castano Rame\" class=\"wp-image-79689\" title=\"\" srcset=\"https:\/\/danidrops.com.br\/wp-content\/uploads\/2023\/07\/13-Cor-de-Cabelo-Castanho-Acobreado.jpg 760w, https:\/\/danidrops.com.br\/wp-content\/uploads\/2023\/07\/13-Cor-de-Cabelo-Castanho-Acobreado-300x219.jpg 300w, https:\/\/danidrops.com.br\/wp-content\/uploads\/2023\/07\/13-Cor-de-Cabelo-Castanho-Acobreado-16x12.jpg 16w, https:\/\/danidrops.com.br\/wp-content\/uploads\/2023\/07\/13-Cor-de-Cabelo-Castanho-Acobreado-150x110.jpg 150w\" sizes=\"auto, (max-width: 760px) 100vw, 760px\" \/><figcaption class=\"wp-element-caption\">Colore dei Capelli Castano Rame<\/figcaption><\/figure>\n\n\n\n<p>La parte pi\u00f9 importante per mantenere il colore nuovo \u00e8 la regolare rifinitura o rimodellamento; Tagliando le punte ogni sei settimane circa, darai ai tuoi capelli una dose extra di vitalit\u00e0 e ti assicurerai che le doppie punte vengano rimosse prima che causino danni pi\u00f9 in basso.<\/p>\n\n\n\n<figure class=\"wp-block-image size-full\"><img loading=\"lazy\" decoding=\"async\" width=\"760\" height=\"555\" src=\"https:\/\/danidrops.com.br\/wp-content\/uploads\/2023\/07\/12-Cor-de-Cabelo-Castanho-Acobreado.jpg\" alt=\"Colore dei Capelli Castano Rame\" class=\"wp-image-79688\" title=\"\" srcset=\"https:\/\/danidrops.com.br\/wp-content\/uploads\/2023\/07\/12-Cor-de-Cabelo-Castanho-Acobreado.jpg 760w, https:\/\/danidrops.com.br\/wp-content\/uploads\/2023\/07\/12-Cor-de-Cabelo-Castanho-Acobreado-300x219.jpg 300w, https:\/\/danidrops.com.br\/wp-content\/uploads\/2023\/07\/12-Cor-de-Cabelo-Castanho-Acobreado-16x12.jpg 16w, https:\/\/danidrops.com.br\/wp-content\/uploads\/2023\/07\/12-Cor-de-Cabelo-Castanho-Acobreado-150x110.jpg 150w\" sizes=\"auto, (max-width: 760px) 100vw, 760px\" \/><figcaption class=\"wp-element-caption\">Colore dei Capelli Castano Rame<\/figcaption><\/figure>\n\n\n\n<p>\u00c8 anche importante utilizzare uno shampoo specifico per capelli colorati, appositamente formulato per capelli tinti, in quanto contribuir\u00e0 a far durare pi\u00f9 a lungo la tua tonalit\u00e0 vibrante.<\/p>\n\n\n\n<p>Visitare il tuo salone locale per trattamenti tonificanti o il tuo parrucchiere ogni poche settimane \u00e8 una parte importante per tenere a bada l&#039;effetto indesiderato dei toni arancioni.&nbsp;<\/p>\n\n\n\n<figure class=\"wp-block-image size-full\"><img loading=\"lazy\" decoding=\"async\" width=\"760\" height=\"555\" src=\"https:\/\/danidrops.com.br\/wp-content\/uploads\/2023\/07\/11-Cor-de-Cabelo-Castanho-Acobreado.jpg\" alt=\"Colore dei Capelli Castano Rame\" class=\"wp-image-79687\" title=\"\" srcset=\"https:\/\/danidrops.com.br\/wp-content\/uploads\/2023\/07\/11-Cor-de-Cabelo-Castanho-Acobreado.jpg 760w, https:\/\/danidrops.com.br\/wp-content\/uploads\/2023\/07\/11-Cor-de-Cabelo-Castanho-Acobreado-300x219.jpg 300w, https:\/\/danidrops.com.br\/wp-content\/uploads\/2023\/07\/11-Cor-de-Cabelo-Castanho-Acobreado-16x12.jpg 16w, https:\/\/danidrops.com.br\/wp-content\/uploads\/2023\/07\/11-Cor-de-Cabelo-Castanho-Acobreado-150x110.jpg 150w\" sizes=\"auto, (max-width: 760px) 100vw, 760px\" \/><figcaption class=\"wp-element-caption\">Colore dei Capelli Castano Rame<\/figcaption><\/figure>\n\n\n\n<p>I trattamenti tonificanti aiutano a nutrire e migliorare il colore dei capelli, permettendoti di prolungare la vivacit\u00e0 del tuo tono castano ramato.<\/p>\n\n\n\n<p>Anche completare il tuo nuovo look con scelte di stile sicure come luci sottili o luci pi\u00f9 scure pu\u00f2 essere un&#039;ottima opzione.<\/p>\n\n\n\n<figure class=\"wp-block-image size-full\"><img loading=\"lazy\" decoding=\"async\" width=\"760\" height=\"555\" src=\"https:\/\/danidrops.com.br\/wp-content\/uploads\/2023\/07\/10-Cor-de-Cabelo-Castanho-Acobreado.jpg\" alt=\"Colore dei Capelli Castano Rame\" class=\"wp-image-79686\" title=\"\" srcset=\"https:\/\/danidrops.com.br\/wp-content\/uploads\/2023\/07\/10-Cor-de-Cabelo-Castanho-Acobreado.jpg 760w, https:\/\/danidrops.com.br\/wp-content\/uploads\/2023\/07\/10-Cor-de-Cabelo-Castanho-Acobreado-300x219.jpg 300w, https:\/\/danidrops.com.br\/wp-content\/uploads\/2023\/07\/10-Cor-de-Cabelo-Castanho-Acobreado-16x12.jpg 16w, https:\/\/danidrops.com.br\/wp-content\/uploads\/2023\/07\/10-Cor-de-Cabelo-Castanho-Acobreado-150x110.jpg 150w\" sizes=\"auto, (max-width: 760px) 100vw, 760px\" \/><figcaption class=\"wp-element-caption\">Colore dei Capelli Castano Rame<\/figcaption><\/figure>\n\n\n\n<p>A volte pu\u00f2 sembrare un po&#039; impegnativo, ma mantenere il tuo nuovo colore di capelli non deve essere cos\u00ec difficile!<\/p>\n\n\n\n<p>Il colore dei capelli ramati \u00e8 davvero una scelta fantastica, e prendersene cura correttamente ti far\u00e0 sentire ancora pi\u00f9 sicuro e sbalorditivo.&nbsp;<\/p>\n\n\n\n<figure class=\"wp-block-image size-full\"><img loading=\"lazy\" decoding=\"async\" width=\"760\" height=\"555\" src=\"https:\/\/danidrops.com.br\/wp-content\/uploads\/2023\/07\/09-Cor-de-Cabelo-Castanho-Acobreado.jpg\" alt=\"Colore dei Capelli Castano Rame\" class=\"wp-image-79685\" title=\"\" srcset=\"https:\/\/danidrops.com.br\/wp-content\/uploads\/2023\/07\/09-Cor-de-Cabelo-Castanho-Acobreado.jpg 760w, https:\/\/danidrops.com.br\/wp-content\/uploads\/2023\/07\/09-Cor-de-Cabelo-Castanho-Acobreado-300x219.jpg 300w, https:\/\/danidrops.com.br\/wp-content\/uploads\/2023\/07\/09-Cor-de-Cabelo-Castanho-Acobreado-16x12.jpg 16w, https:\/\/danidrops.com.br\/wp-content\/uploads\/2023\/07\/09-Cor-de-Cabelo-Castanho-Acobreado-150x110.jpg 150w\" sizes=\"auto, (max-width: 760px) 100vw, 760px\" \/><figcaption class=\"wp-element-caption\">Colore dei Capelli Castano Rame<\/figcaption><\/figure>\n\n\n\n<p>Segui questi suggerimenti per assicurarti che il tuo colore rimanga radioso e che i tuoi capelli siano sani e rigogliosi. Rimani carina e scuoti il tuo fantastico look!<\/p>\n\n\n\n<h2 class=\"wp-block-heading\"><span class=\"ez-toc-section\" id=\"Conclusao_sobre_a_Cor_de_Cabelo_Cobre_Marrom\"><\/span>Conclusione sul colore dei capelli castano rame<span class=\"ez-toc-section-end\"><\/span><\/h2>\n\n\n\n<p>Il colore dei capelli ramati \u00e8 una scelta accattivante e piena di pro e contro da considerare.&nbsp;<\/p>\n\n\n\n<figure class=\"wp-block-image size-full\"><img loading=\"lazy\" decoding=\"async\" width=\"760\" height=\"555\" src=\"https:\/\/danidrops.com.br\/wp-content\/uploads\/2023\/07\/08-Cor-de-Cabelo-Castanho-Acobreado.jpg\" alt=\"Colore dei Capelli Castano Rame\" class=\"wp-image-79684\" title=\"\" srcset=\"https:\/\/danidrops.com.br\/wp-content\/uploads\/2023\/07\/08-Cor-de-Cabelo-Castanho-Acobreado.jpg 760w, https:\/\/danidrops.com.br\/wp-content\/uploads\/2023\/07\/08-Cor-de-Cabelo-Castanho-Acobreado-300x219.jpg 300w, https:\/\/danidrops.com.br\/wp-content\/uploads\/2023\/07\/08-Cor-de-Cabelo-Castanho-Acobreado-16x12.jpg 16w, https:\/\/danidrops.com.br\/wp-content\/uploads\/2023\/07\/08-Cor-de-Cabelo-Castanho-Acobreado-150x110.jpg 150w\" sizes=\"auto, (max-width: 760px) 100vw, 760px\" \/><figcaption class=\"wp-element-caption\">Colore dei Capelli Castano Rame<\/figcaption><\/figure>\n\n\n\n<p>Tra i benefici spiccano la brillantezza radiosa che dona alle ciocche, la versatilit\u00e0 di abbinarsi a diversi stili e tonalit\u00e0 della pelle e la capacit\u00e0 di esaltare la bellezza naturale, soprattutto nei capelli scuri. Inoltre, la bassa manutenzione rende questo colore una pratica opzione quotidiana.<\/p>\n\n\n\n<figure class=\"wp-block-image size-full\"><img loading=\"lazy\" decoding=\"async\" width=\"760\" height=\"555\" src=\"https:\/\/danidrops.com.br\/wp-content\/uploads\/2023\/07\/07-Cor-de-Cabelo-Castanho-Acobreado.jpg\" alt=\"Colore dei Capelli Castano Rame\" class=\"wp-image-79683\" title=\"\" srcset=\"https:\/\/danidrops.com.br\/wp-content\/uploads\/2023\/07\/07-Cor-de-Cabelo-Castanho-Acobreado.jpg 760w, https:\/\/danidrops.com.br\/wp-content\/uploads\/2023\/07\/07-Cor-de-Cabelo-Castanho-Acobreado-300x219.jpg 300w, https:\/\/danidrops.com.br\/wp-content\/uploads\/2023\/07\/07-Cor-de-Cabelo-Castanho-Acobreado-16x12.jpg 16w, https:\/\/danidrops.com.br\/wp-content\/uploads\/2023\/07\/07-Cor-de-Cabelo-Castanho-Acobreado-150x110.jpg 150w\" sizes=\"auto, (max-width: 760px) 100vw, 760px\" \/><figcaption class=\"wp-element-caption\">Colore dei Capelli Castano Rame<\/figcaption><\/figure>\n\n\n\n<p>D&#039;altra parte, \u00e8 essenziale essere consapevoli delle sfide associate al colore, come lo sbiadimento nel tempo, la sensibilit\u00e0 chimica che alcune persone possono avere e la necessit\u00e0 di pre-pigmentazione nei capelli naturalmente chiari.&nbsp;<\/p>\n\n\n\n<figure class=\"wp-block-image size-full\"><img loading=\"lazy\" decoding=\"async\" width=\"760\" height=\"555\" src=\"https:\/\/danidrops.com.br\/wp-content\/uploads\/2023\/07\/06-Cor-de-Cabelo-Castanho-Acobreado.jpg\" alt=\"Colore dei Capelli Castano Rame\" class=\"wp-image-79682\" title=\"\" srcset=\"https:\/\/danidrops.com.br\/wp-content\/uploads\/2023\/07\/06-Cor-de-Cabelo-Castanho-Acobreado.jpg 760w, https:\/\/danidrops.com.br\/wp-content\/uploads\/2023\/07\/06-Cor-de-Cabelo-Castanho-Acobreado-300x219.jpg 300w, https:\/\/danidrops.com.br\/wp-content\/uploads\/2023\/07\/06-Cor-de-Cabelo-Castanho-Acobreado-16x12.jpg 16w, https:\/\/danidrops.com.br\/wp-content\/uploads\/2023\/07\/06-Cor-de-Cabelo-Castanho-Acobreado-150x110.jpg 150w\" sizes=\"auto, (max-width: 760px) 100vw, 760px\" \/><figcaption class=\"wp-element-caption\">Colore dei Capelli Castano Rame<\/figcaption><\/figure>\n\n\n\n<p>Inoltre, \u00e8 necessaria una cura particolare per preservare il colore e la salute delle ciocche, e si consiglia di cercare un parrucchiere esperto per eseguire la colorazione.<\/p>\n\n\n\n<figure class=\"wp-block-image size-full\"><img loading=\"lazy\" decoding=\"async\" width=\"760\" height=\"555\" src=\"https:\/\/danidrops.com.br\/wp-content\/uploads\/2023\/07\/05-Cor-de-Cabelo-Castanho-Acobreado.jpg\" alt=\"Colore dei Capelli Castano Rame\" class=\"wp-image-79681\" title=\"\" srcset=\"https:\/\/danidrops.com.br\/wp-content\/uploads\/2023\/07\/05-Cor-de-Cabelo-Castanho-Acobreado.jpg 760w, https:\/\/danidrops.com.br\/wp-content\/uploads\/2023\/07\/05-Cor-de-Cabelo-Castanho-Acobreado-300x219.jpg 300w, https:\/\/danidrops.com.br\/wp-content\/uploads\/2023\/07\/05-Cor-de-Cabelo-Castanho-Acobreado-16x12.jpg 16w, https:\/\/danidrops.com.br\/wp-content\/uploads\/2023\/07\/05-Cor-de-Cabelo-Castanho-Acobreado-150x110.jpg 150w\" sizes=\"auto, (max-width: 760px) 100vw, 760px\" \/><figcaption class=\"wp-element-caption\">Colore dei Capelli Castano Rame<\/figcaption><\/figure>\n\n\n\n<p>Prima di adottare il colore dei capelli ramati, \u00e8 essenziale valutare le tue preferenze personali, lo stile di vita e la volont\u00e0 di mantenere il colore e la salute dei tuoi capelli.&nbsp;<\/p>\n\n\n\n<figure class=\"wp-block-image size-full\"><img loading=\"lazy\" decoding=\"async\" width=\"760\" height=\"555\" src=\"https:\/\/danidrops.com.br\/wp-content\/uploads\/2023\/07\/04-Cor-de-Cabelo-Castanho-Acobreado.jpg\" alt=\"Colore dei Capelli Castano Rame\" class=\"wp-image-79680\" title=\"\" srcset=\"https:\/\/danidrops.com.br\/wp-content\/uploads\/2023\/07\/04-Cor-de-Cabelo-Castanho-Acobreado.jpg 760w, https:\/\/danidrops.com.br\/wp-content\/uploads\/2023\/07\/04-Cor-de-Cabelo-Castanho-Acobreado-300x219.jpg 300w, https:\/\/danidrops.com.br\/wp-content\/uploads\/2023\/07\/04-Cor-de-Cabelo-Castanho-Acobreado-16x12.jpg 16w, https:\/\/danidrops.com.br\/wp-content\/uploads\/2023\/07\/04-Cor-de-Cabelo-Castanho-Acobreado-150x110.jpg 150w\" sizes=\"auto, (max-width: 760px) 100vw, 760px\" \/><figcaption class=\"wp-element-caption\">Colore dei Capelli Castano Rame<\/figcaption><\/figure>\n\n\n\n<p>Con le informazioni presentate nella tabella, puoi prendere una decisione e goderti un look sbalorditivo con il colore dei capelli ramati, sapendo come affrontare le sfide e godendo di tutti i vantaggi che questa affascinante tendenza del colore dei capelli ha da offrire.<\/p>\n<div id=\"ez-toc-container\" class=\"ez-toc-v2_0_76 counter-hierarchy ez-toc-counter ez-toc-grey ez-toc-container-direction\">\n<p class=\"ez-toc-title\" style=\"cursor:inherit\">Leggerai questo articolo<\/p>\n<label for=\"ez-toc-cssicon-toggle-item-69f50597a642b\" class=\"ez-toc-cssicon-toggle-label\"><span class=\"ez-toc-cssicon\"><span class=\"eztoc-hide\" style=\"display:none;\">Attiva\/disattiva<\/span><span class=\"ez-toc-icon-toggle-span\"><svg style=\"fill: #999;color:#999\" xmlns=\"http:\/\/www.w3.org\/2000\/svg\" class=\"list-377408\" width=\"20px\" height=\"20px\" viewbox=\"0 0 24 24\" fill=\"none\"><path d=\"M6 6H4v2h2V6zm14 0H8v2h12V6zM4 11h2v2H4v-2zm16 0H8v2h12v-2zM4 16h2v2H4v-2zm16 0H8v2h12v-2z\" fill=\"currentColor\"><\/path><\/svg><svg style=\"fill: #999;color:#999\" class=\"arrow-unsorted-368013\" xmlns=\"http:\/\/www.w3.org\/2000\/svg\" width=\"10px\" height=\"10px\" viewbox=\"0 0 24 24\" version=\"1.2\" baseprofile=\"tiny\"><path d=\"M18.2 9.3l-6.2-6.3-6.2 6.3c-.2.2-.3.4-.3.7s.1.5.3.7c.2.2.4.3.7.3h11c.3 0 .5-.1.7-.3.2-.2.3-.5.3-.7s-.1-.5-.3-.7zM5.8 14.7l6.2 6.3 6.2-6.3c.2-.2.3-.5.3-.7s-.1-.5-.3-.7c-.2-.2-.4-.3-.7-.3h-11c-.3 0-.5.1-.7.3-.2.2-.3.5-.3.7s.1.5.3.7z\"\/><\/svg><\/span><\/span><\/label><input type=\"checkbox\"  id=\"ez-toc-cssicon-toggle-item-69f50597a642b\"  aria-label=\"Attiva\/disattiva\" \/><nav><ul class='ez-toc-list ez-toc-list-level-1' ><li class='ez-toc-page-1 ez-toc-heading-level-2'><a class=\"ez-toc-link ez-toc-heading-1\" href=\"https:\/\/danidrops.com.br\/it\/colore-dei-capelli-castano-rame\/#O_que_e_a_Cor_de_Cabelo_Castanho_Acobreado\" >Qual \u00e8 il colore dei capelli castano ramato?<\/a><\/li><li class='ez-toc-page-1 ez-toc-heading-level-2'><a class=\"ez-toc-link ez-toc-heading-2\" href=\"https:\/\/danidrops.com.br\/it\/colore-dei-capelli-castano-rame\/#Quais_sao_os_pos_e_contras_da_cor_de_cabelo_castanho_acobreado\" >Quali sono le polveri e i contro del colore dei capelli ramati?<\/a><\/li><li class='ez-toc-page-1 ez-toc-heading-level-2'><a class=\"ez-toc-link ez-toc-heading-3\" href=\"https:\/\/danidrops.com.br\/it\/colore-dei-capelli-castano-rame\/#Como_Manter_a_Cor_de_Cabelo_Castanho_Acobreado\" >Come mantenere il colore dei capelli castano ramato?<\/a><\/li><li class='ez-toc-page-1 ez-toc-heading-level-2'><a class=\"ez-toc-link ez-toc-heading-4\" href=\"https:\/\/danidrops.com.br\/it\/colore-dei-capelli-castano-rame\/#Conclusao_sobre_a_Cor_de_Cabelo_Cobre_Marrom\" >Conclusione sul colore dei capelli castano rame<\/a><\/li><\/ul><\/nav><\/div>","protected":false},"excerpt":{"rendered":"<p>Procurando dar uma renovada no seu penteado e adotar um novo visual? Experimente a cor castanho cobre!&nbsp; Essa tonalidade deslumbrante \u00e9 a maneira perfeita de&hellip;<\/p>","protected":false},"author":1,"featured_media":79690,"comment_status":"open","ping_status":"open","sticky":false,"template":"","format":"standard","meta":{"footnotes":""},"categories":[439],"tags":[],"class_list":["post-79648","post","type-post","status-publish","format-standard","has-post-thumbnail","hentry","category-cabelo"],"_links":{"self":[{"href":"https:\/\/danidrops.com.br\/it\/wp-json\/wp\/v2\/posts\/79648","targetHints":{"allow":["GET"]}}],"collection":[{"href":"https:\/\/danidrops.com.br\/it\/wp-json\/wp\/v2\/posts"}],"about":[{"href":"https:\/\/danidrops.com.br\/it\/wp-json\/wp\/v2\/types\/post"}],"author":[{"embeddable":true,"href":"https:\/\/danidrops.com.br\/it\/wp-json\/wp\/v2\/users\/1"}],"replies":[{"embeddable":true,"href":"https:\/\/danidrops.com.br\/it\/wp-json\/wp\/v2\/comments?post=79648"}],"version-history":[{"count":0,"href":"https:\/\/danidrops.com.br\/it\/wp-json\/wp\/v2\/posts\/79648\/revisions"}],"wp:featuredmedia":[{"embeddable":true,"href":"https:\/\/danidrops.com.br\/it\/wp-json\/wp\/v2\/media\/79690"}],"wp:attachment":[{"href":"https:\/\/danidrops.com.br\/it\/wp-json\/wp\/v2\/media?parent=79648"}],"wp:term":[{"taxonomy":"category","embeddable":true,"href":"https:\/\/danidrops.com.br\/it\/wp-json\/wp\/v2\/categories?post=79648"},{"taxonomy":"post_tag","embeddable":true,"href":"https:\/\/danidrops.com.br\/it\/wp-json\/wp\/v2\/tags?post=79648"}],"curies":[{"name":"parola chiave","href":"https:\/\/api.w.org\/{rel}","templated":true}]}}