{"id":99984,"date":"2024-10-08T08:46:58","date_gmt":"2024-10-08T11:46:58","guid":{"rendered":"https:\/\/danidrops.com.br\/?p=99984"},"modified":"2024-10-18T11:03:46","modified_gmt":"2024-10-18T14:03:46","slug":"i-tagli-di-capelli-di-xuxa-meneghel","status":"publish","type":"post","link":"https:\/\/danidrops.com.br\/it\/i-tagli-di-capelli-di-xuxa-meneghel\/","title":{"rendered":"Xuxa Meneghel e i suoi 10 tagli di capelli pi\u00f9 iconici, dal lungo al corto, che hanno segnato la sua carriera"},"content":{"rendered":"<p>Xuxa Meneghel, icona televisiva brasiliana e riferimento di moda e bellezza da decenni, non \u00e8 conosciuta solo per il suo carisma e talento, ma anche per le sue audaci trasformazioni dei capelli. <\/p>\n\n\n\n<p>Nel corso degli anni, la regina dei pantaloncini ha sperimentato tagli e stili diversi, dettando sempre tendenza e ispirando fan di tutte le et\u00e0. <\/p>\n\n\n\n<p>Dai lunghi biondi platino degli anni &#039;80 ai moderni e audaci pixie e buzzcut, ogni fase di Xuxa \u00e8 segnata da scelte di capelli che riflettono la sua evoluzione personale e professionale. Scopri alcuni dei <a href=\"https:\/\/danidrops.com.br\/it\/tendenza-taglio-capelli-donna-2025\/\" data-type=\"link\" data-id=\"https:\/\/danidrops.com.br\/tendencia-corte-de-cabelo-feminino-2025\/\">tagli pi\u00f9 iconici<\/a> che ha contribuito a consolidare l&#039;immagine di Xuxa come vera e propria icona di stile.<\/p>\n\n\n\n<figure class=\"wp-block-image size-full\"><img loading=\"lazy\" decoding=\"async\" width=\"760\" height=\"555\" src=\"https:\/\/danidrops.com.br\/wp-content\/uploads\/2024\/10\/Xuxa-Meneghel-e-Seus-10-Cortes-de-Cabelo-mais-iconicos.jpg\" alt=\"Xuxa Meneghel e i suoi 10 tagli di capelli pi\u00f9 iconici\" class=\"wp-image-100021\" title=\"\" srcset=\"https:\/\/danidrops.com.br\/wp-content\/uploads\/2024\/10\/Xuxa-Meneghel-e-Seus-10-Cortes-de-Cabelo-mais-iconicos.jpg 760w, https:\/\/danidrops.com.br\/wp-content\/uploads\/2024\/10\/Xuxa-Meneghel-e-Seus-10-Cortes-de-Cabelo-mais-iconicos-300x219.jpg 300w, https:\/\/danidrops.com.br\/wp-content\/uploads\/2024\/10\/Xuxa-Meneghel-e-Seus-10-Cortes-de-Cabelo-mais-iconicos-16x12.jpg 16w, https:\/\/danidrops.com.br\/wp-content\/uploads\/2024\/10\/Xuxa-Meneghel-e-Seus-10-Cortes-de-Cabelo-mais-iconicos-150x110.jpg 150w\" sizes=\"auto, (max-width: 760px) 100vw, 760px\" \/><figcaption class=\"wp-element-caption\">Xuxa Meneghel e i suoi 10 tagli di capelli pi\u00f9 iconici<\/figcaption><\/figure>\n\n\n\n<script type=\"application\/ld+json\">{\n    \"@context\": \"https:\\\/\\\/schema.org\",\n    \"@type\": \"FAQPage\",\n    \"mainEntity\": [\n        {\n            \"@type\": \"Question\",\n            \"name\": \"Quem \\u00e9 Xuxa Meneghel?\",\n            \"acceptedAnswer\": {\n                \"@type\": \"Answer\",\n                \"text\": \"Xuxa Meneghel, cujo nome completo \\u00e9 Maria da Gra\\u00e7a Xuxa Meneghel, \\u00e9 uma ic\\u00f4nica personalidade brasileira. Ela construiu uma carreira multifacetada como atriz, apresentadora, cantora, empres\\u00e1ria, filantropa e ex-modelo. Xuxa alcan\\u00e7ou enorme popularidade na d\\u00e9cada de 1980, quando foi convidada para apresentar o programa \\u201cClube da Crian\\u00e7a\\u201d na Rede Manchete, o que marcou o in\\u00edcio de seu sucesso na televis\\u00e3o.\"\n            }\n        },\n        {\n            \"@type\": \"Question\",\n            \"name\": \"Qual o Instagram da Xuxa Meneghel?\",\n            \"acceptedAnswer\": {\n                \"@type\": \"Answer\",\n                \"text\": \"O Instagram da Xuxa Meneghel \\u00e9 @xuxameneghel.\"\n            }\n        },\n        {\n            \"@type\": \"Question\",\n            \"name\": \"Qual a idade da Xuxa Meneghel?\",\n            \"acceptedAnswer\": {\n                \"@type\": \"Answer\",\n                \"text\": \"Xuxa Meneghel nasceu em 27 de mar\\u00e7o de 1963, e atualmente tem 61 anos de idade.\"\n            }\n        },\n        {\n            \"@type\": \"Question\",\n            \"name\": \"Qual a altura da Xuxa Meneghel?\",\n            \"acceptedAnswer\": {\n                \"@type\": \"Answer\",\n                \"text\": \"Xuxa Meneghel tem 1,78 m de altura, o que contribuiu para sua carreira de modelo no in\\u00edcio de sua trajet\\u00f3ria.\"\n            }\n        },\n        {\n            \"@type\": \"Question\",\n            \"name\": \"Quantos anos tem a Xuxa Meneghel?\",\n            \"acceptedAnswer\": {\n                \"@type\": \"Answer\",\n                \"text\": \"Xuxa Meneghel tem 61 anos, nascida em 27 de mar\\u00e7o de 1963.\"\n            }\n        },\n        {\n            \"@type\": \"Question\",\n            \"name\": \"Quantos filhos tem a Xuxa Meneghel?\",\n            \"acceptedAnswer\": {\n                \"@type\": \"Answer\",\n                \"text\": \"Xuxa tem uma filha, chamada Sasha Meneghel, fruto de seu relacionamento com o ator Luciano Szafir.\"\n            }\n        },\n        {\n            \"@type\": \"Question\",\n            \"name\": \"Quem \\u00e9 o marido da Xuxa Meneghel?\",\n            \"acceptedAnswer\": {\n                \"@type\": \"Answer\",\n                \"text\": \"Atualmente, Xuxa \\u00e9 casada com o cantor e ator Junno Andrade, com quem mant\\u00e9m um relacionamento desde 2012.\"\n            }\n        }\n    ]\n}<\/script>\n\n\n\n<h2 class=\"wp-block-heading\"><span class=\"ez-toc-section\" id=\"O_corte_em_camadas_de_Xuxa_Meneghel_Leveza_e_volume_com_elegancia_atemporal\"><\/span>Il taglio scalato di Xuxa Meneghel: Leggerezza e volume con un&#039;eleganza senza tempo<span class=\"ez-toc-section-end\"><\/span><\/h2>\n\n\n\n<p>Il taglio di capelli di Xuxa Meneghel, come si vede nell&#039;immagine, \u00e8 un classico che unisce eleganza e stile.&nbsp;<\/p>\n\n\n\n<figure class=\"wp-block-image size-full\"><img loading=\"lazy\" decoding=\"async\" width=\"764\" height=\"896\" src=\"https:\/\/danidrops.com.br\/wp-content\/uploads\/2024\/10\/Corte-de-cabelo-Xuxa-Meneghel-repicado-em-camadas.jpg\" alt=\"Taglio di capelli Xuxa Meneghel con scalature\" class=\"wp-image-100019\" title=\"\" srcset=\"https:\/\/danidrops.com.br\/wp-content\/uploads\/2024\/10\/Corte-de-cabelo-Xuxa-Meneghel-repicado-em-camadas.jpg 764w, https:\/\/danidrops.com.br\/wp-content\/uploads\/2024\/10\/Corte-de-cabelo-Xuxa-Meneghel-repicado-em-camadas-256x300.jpg 256w, https:\/\/danidrops.com.br\/wp-content\/uploads\/2024\/10\/Corte-de-cabelo-Xuxa-Meneghel-repicado-em-camadas-10x12.jpg 10w, https:\/\/danidrops.com.br\/wp-content\/uploads\/2024\/10\/Corte-de-cabelo-Xuxa-Meneghel-repicado-em-camadas-150x176.jpg 150w\" sizes=\"auto, (max-width: 764px) 100vw, 764px\" \/><figcaption class=\"wp-element-caption\">Taglio di capelli Xuxa Meneghel con scalature<\/figcaption><\/figure>\n\n\n\n<p>Con una lunghezza media, il <a href=\"https:\/\/danidrops.com.br\/it\/taglio-di-capelli-a-strati\/\" data-type=\"link\" data-id=\"https:\/\/danidrops.com.br\/corte-de-cabelo-em-camadas\/\">strati a punta<\/a> aggiungono movimento e volume allo sguardo, garantendo una naturale leggerezza. La morbida frangia laterale incornicia delicatamente il viso, mentre l&#039;iconico biondo chiaro della presentatrice mette in risalto la sua pelle e mette in risalto la sua vibrante personalit\u00e0.&nbsp;<\/p>\n\n\n\n<p>Questo taglio \u00e8 perfetto per chi cerca un look moderno, ma allo stesso tempo versatile, che si adatti a diverse occasioni con fascino e raffinatezza.<\/p>\n\n\n\n<h2 class=\"wp-block-heading\"><span class=\"ez-toc-section\" id=\"O_corte_pixie_de_Xuxa_Meneghel_Moderno_ousado_e_cheio_de_personalidade\"><\/span>Il pixie cut di Xuxa Meneghel: moderno, audace e pieno di personalit\u00e0<span class=\"ez-toc-section-end\"><\/span><\/h2>\n\n\n\n<p>Nell&#039;immagine, Xuxa Meneghel adotta a <a href=\"https:\/\/danidrops.com.br\/it\/taglio-di-capelli-a-pixie\/\" data-type=\"link\" data-id=\"https:\/\/danidrops.com.br\/corte-de-cabelo-pixie-cut\/\">sofisticato taglio pixie<\/a> e pieno di attitudine. Con i lati molto vicini e la parte superiore pi\u00f9 lunga, i capelli creano un contrasto moderno e strutturato.&nbsp;<\/p>\n\n\n\n<figure class=\"wp-block-image size-full\"><img loading=\"lazy\" decoding=\"async\" width=\"764\" height=\"896\" src=\"https:\/\/danidrops.com.br\/wp-content\/uploads\/2024\/10\/Corte-de-cabelo-Xuxa-Meneghel-pixie-loiro-platinado.jpg\" alt=\"Taglio pixie biondo platino di Xuxa Meneghel\" class=\"wp-image-100017\" title=\"\" srcset=\"https:\/\/danidrops.com.br\/wp-content\/uploads\/2024\/10\/Corte-de-cabelo-Xuxa-Meneghel-pixie-loiro-platinado.jpg 764w, https:\/\/danidrops.com.br\/wp-content\/uploads\/2024\/10\/Corte-de-cabelo-Xuxa-Meneghel-pixie-loiro-platinado-256x300.jpg 256w, https:\/\/danidrops.com.br\/wp-content\/uploads\/2024\/10\/Corte-de-cabelo-Xuxa-Meneghel-pixie-loiro-platinado-10x12.jpg 10w, https:\/\/danidrops.com.br\/wp-content\/uploads\/2024\/10\/Corte-de-cabelo-Xuxa-Meneghel-pixie-loiro-platinado-150x176.jpg 150w\" sizes=\"auto, (max-width: 764px) 100vw, 764px\" \/><figcaption class=\"wp-element-caption\">Taglio pixie biondo platino di Xuxa Meneghel<\/figcaption><\/figure>\n\n\n\n<p>Lo stile mantiene una leggera texture sulla parte superiore, aggiungendo volume ed evidenziando la forma del viso. Il biondo platino, marchio di fabbrica della conduttrice, intensifica l&#039;eleganza del look, rafforzando la sua presenza iconica.&nbsp;<\/p>\n\n\n\n<p>Questo taglio \u00e8 ideale per chi cerca la praticit\u00e0 senza rinunciare ad un look contemporaneo ed espressivo.<\/p>\n\n\n\n<h2 class=\"wp-block-heading\"><span class=\"ez-toc-section\" id=\"O_corte_pixie_desfiado_de_Xuxa_Meneghel_Charme_e_leveza_em_cada_fio\"><\/span>Il pixie cut sfrangiato di Xuxa Meneghel: fascino e leggerezza in ogni ciocca<span class=\"ez-toc-section-end\"><\/span><\/h2>\n\n\n\n<p>Xuxa Meneghel mostra a <a href=\"https:\/\/danidrops.com.br\/it\/taglio-di-capelli-a-pixie\/\" data-type=\"link\" data-id=\"https:\/\/danidrops.com.br\/corte-de-cabelo-pixie-cut\/\">taglio pixie sfilacciato<\/a>, che unisce praticit\u00e0 e stile. I capelli corti biondo platino sono rilassati, con strati sfilacciati che aggiungono consistenza e movimento.&nbsp;<\/p>\n\n\n\n<figure class=\"wp-block-image size-full\"><img loading=\"lazy\" decoding=\"async\" width=\"764\" height=\"896\" src=\"https:\/\/danidrops.com.br\/wp-content\/uploads\/2024\/10\/Corte-de-cabelo-Xuxa-Meneghel-pixie-desfiado.jpg\" alt=\"Taglio di capelli sfilacciato da folletto di Xuxa Meneghel\" class=\"wp-image-100016\" title=\"\" srcset=\"https:\/\/danidrops.com.br\/wp-content\/uploads\/2024\/10\/Corte-de-cabelo-Xuxa-Meneghel-pixie-desfiado.jpg 764w, https:\/\/danidrops.com.br\/wp-content\/uploads\/2024\/10\/Corte-de-cabelo-Xuxa-Meneghel-pixie-desfiado-256x300.jpg 256w, https:\/\/danidrops.com.br\/wp-content\/uploads\/2024\/10\/Corte-de-cabelo-Xuxa-Meneghel-pixie-desfiado-10x12.jpg 10w, https:\/\/danidrops.com.br\/wp-content\/uploads\/2024\/10\/Corte-de-cabelo-Xuxa-Meneghel-pixie-desfiado-150x176.jpg 150w\" sizes=\"auto, (max-width: 764px) 100vw, 764px\" \/><figcaption class=\"wp-element-caption\">Taglio di capelli sfilacciato da folletto di Xuxa Meneghel<\/figcaption><\/figure>\n\n\n\n<p>Il dettaglio di una sottile clip sul lato dona un tocco giovanile e delicato al look. Questo taglio \u00e8 ideale per chi cerca un look moderno e pratico, senza perdere la raffinatezza e il fascino caratteristici della presentatrice.<\/p>\n\n\n\n<h2 class=\"wp-block-heading\"><span class=\"ez-toc-section\" id=\"O_rabo_de_cavalo_alto_com_franja_de_Xuxa_Meneghel_Um_visual_jovem_e_divertido\"><\/span>La coda alta con frangia di Xuxa Meneghel: un look giovanile e divertente<span class=\"ez-toc-section-end\"><\/span><\/h2>\n\n\n\n<p>In questa immagine, Xuxa Meneghel scommette su a<a href=\"https:\/\/danidrops.com.br\/it\/taglio-di-capelli-a-coda-di-cavallo\/\" data-type=\"link\" data-id=\"https:\/\/danidrops.com.br\/corte-de-cabelo-pony-tail\/\"> coda di cavallo alta<\/a> con un tocco retr\u00f2 e pieno di divertimento. L&#039;acconciatura presenta una frangia corta e dritta che incornicia il viso, mentre i capelli biondi sono raccolti in uno chignon voluminoso e rilassato sulla sommit\u00e0 della testa.&nbsp;<\/p>\n\n\n\n<figure class=\"wp-block-image size-full\"><img loading=\"lazy\" decoding=\"async\" width=\"764\" height=\"896\" src=\"https:\/\/danidrops.com.br\/wp-content\/uploads\/2024\/10\/Corte-de-cabelo-Xuxa-Meneghel-com-rabo-de-cavalo-alto.jpg\" alt=\"Taglio di capelli Xuxa Meneghel con coda alta\" class=\"wp-image-100024\" title=\"\" srcset=\"https:\/\/danidrops.com.br\/wp-content\/uploads\/2024\/10\/Corte-de-cabelo-Xuxa-Meneghel-com-rabo-de-cavalo-alto.jpg 764w, https:\/\/danidrops.com.br\/wp-content\/uploads\/2024\/10\/Corte-de-cabelo-Xuxa-Meneghel-com-rabo-de-cavalo-alto-256x300.jpg 256w, https:\/\/danidrops.com.br\/wp-content\/uploads\/2024\/10\/Corte-de-cabelo-Xuxa-Meneghel-com-rabo-de-cavalo-alto-10x12.jpg 10w, https:\/\/danidrops.com.br\/wp-content\/uploads\/2024\/10\/Corte-de-cabelo-Xuxa-Meneghel-com-rabo-de-cavalo-alto-150x176.jpg 150w\" sizes=\"auto, (max-width: 764px) 100vw, 764px\" \/><figcaption class=\"wp-element-caption\">Taglio di capelli Xuxa Meneghel con coda alta<\/figcaption><\/figure>\n\n\n\n<p>L&#039;iconico biondo chiaro della presentatrice \u00e8 completato da un accessorio bianco, che conferisce al look un&#039;aria leggera e giovanile. Ideale per chi cerca uno stile casual e rilassato, senza perdere fascino e originalit\u00e0.<\/p>\n\n\n\n<h2 class=\"wp-block-heading\"><span class=\"ez-toc-section\" id=\"O_corte_buzzcut_de_Xuxa_Meneghel_Um_visual_ousado_e_poderoso\"><\/span>Il buzzcut di Xuxa Meneghel: un look audace e potente<span class=\"ez-toc-section-end\"><\/span><\/h2>\n\n\n\n<p>In questa immagine sorprendente, Xuxa Meneghel adotta l&#039;audacia <a href=\"https:\/\/danidrops.com.br\/it\/taglio-di-capelli-alla-moda\/\" data-type=\"link\" data-id=\"https:\/\/danidrops.com.br\/corte-de-cabelo-buzzcut\/\">buzzcut<\/a>, un&#039;acconciatura rasata che trasuda sicurezza e potere.&nbsp;<\/p>\n\n\n\n<p>I capelli biondo platino, uno dei suoi tratti distintivi, sono mantenuti ad un&#039;altezza minima, mettendo in risalto i lineamenti sorprendenti del suo viso e valorizzando il suo aspetto espressivo.&nbsp;<\/p>\n\n\n\n<figure class=\"wp-block-image size-full\"><img loading=\"lazy\" decoding=\"async\" width=\"764\" height=\"896\" src=\"https:\/\/danidrops.com.br\/wp-content\/uploads\/2024\/10\/Corte-de-cabelo-Xuxa-Meneghel-buzzcut.jpg\" alt=\"Taglio di capelli rasato di Xuxa Meneghel\" class=\"wp-image-100023\" title=\"\" srcset=\"https:\/\/danidrops.com.br\/wp-content\/uploads\/2024\/10\/Corte-de-cabelo-Xuxa-Meneghel-buzzcut.jpg 764w, https:\/\/danidrops.com.br\/wp-content\/uploads\/2024\/10\/Corte-de-cabelo-Xuxa-Meneghel-buzzcut-256x300.jpg 256w, https:\/\/danidrops.com.br\/wp-content\/uploads\/2024\/10\/Corte-de-cabelo-Xuxa-Meneghel-buzzcut-10x12.jpg 10w, https:\/\/danidrops.com.br\/wp-content\/uploads\/2024\/10\/Corte-de-cabelo-Xuxa-Meneghel-buzzcut-150x176.jpg 150w\" sizes=\"auto, (max-width: 764px) 100vw, 764px\" \/><figcaption class=\"wp-element-caption\">Taglio di capelli rasato di Xuxa Meneghel<\/figcaption><\/figure>\n\n\n\n<p>Questo look minimalista e moderno riflette un atteggiamento coraggioso e autentico, perfetto per chi desidera un taglio pratico, ma pieno di personalit\u00e0 ed eleganza.<\/p>\n\n\n\n<h2 class=\"wp-block-heading\"><span class=\"ez-toc-section\" id=\"O_pixie_curto_de_Xuxa_Meneghel_Elegancia_sutil_com_um_toque_moderno\"><\/span>Il folletto corto di Xuxa Meneghel: eleganza discreta con un tocco moderno<span class=\"ez-toc-section-end\"><\/span><\/h2>\n\n\n\n<p>In questo look, Xuxa Meneghel adotta un pixie cut corto e sofisticato, che si abbina perfettamente alla sua iconica personalit\u00e0.&nbsp;<\/p>\n\n\n\n<figure class=\"wp-block-image size-full\"><img loading=\"lazy\" decoding=\"async\" width=\"764\" height=\"896\" src=\"https:\/\/danidrops.com.br\/wp-content\/uploads\/2024\/10\/Corte-de-cabelo-Xuxa-Meneghel-pixie-curto.jpg\" alt=\"Taglio di capelli corto da folletto Xuxa Meneghel\" class=\"wp-image-100026\" title=\"\" srcset=\"https:\/\/danidrops.com.br\/wp-content\/uploads\/2024\/10\/Corte-de-cabelo-Xuxa-Meneghel-pixie-curto.jpg 764w, https:\/\/danidrops.com.br\/wp-content\/uploads\/2024\/10\/Corte-de-cabelo-Xuxa-Meneghel-pixie-curto-256x300.jpg 256w, https:\/\/danidrops.com.br\/wp-content\/uploads\/2024\/10\/Corte-de-cabelo-Xuxa-Meneghel-pixie-curto-10x12.jpg 10w, https:\/\/danidrops.com.br\/wp-content\/uploads\/2024\/10\/Corte-de-cabelo-Xuxa-Meneghel-pixie-curto-150x176.jpg 150w\" sizes=\"auto, (max-width: 764px) 100vw, 764px\" \/><figcaption class=\"wp-element-caption\">Taglio di capelli corto da folletto Xuxa Meneghel<\/figcaption><\/figure>\n\n\n\n<p>I capelli sono mantenuti in un tono castano scuro, in contrasto con i suoi occhi chiari e mettendo in risalto i suoi lineamenti delicati. I lati ben rifiniti e la frangia leggermente allungata creano un effetto morbido, fornendo un tocco moderno allo stile classico.&nbsp;<\/p>\n\n\n\n<p>Questo taglio \u00e8 ideale per chi cerca la praticit\u00e0 senza rinunciare all&#039;eleganza, apportando versatilit\u00e0 e fascino al look.<\/p>\n\n\n\n<h2 class=\"wp-block-heading\"><span class=\"ez-toc-section\" id=\"O_corte_messy_blond_de_Xuxa_Meneghel_Estilo_despojado_com_atitude\"><\/span>Il taglio biondo disordinato di Xuxa Meneghel: stile casual con carattere<span class=\"ez-toc-section-end\"><\/span><\/h2>\n\n\n\n<p>Nell&#039;immagine, Xuxa Meneghel mostra un taglio biondo disordinato, con ciocche sfilacciate piene di consistenza. Lo stile corto e sobrio, con ciocche biondo platino, crea un effetto di movimento e leggerezza, ideale per un look casual e moderno.&nbsp;<\/p>\n\n\n\n<figure class=\"wp-block-image size-full\"><img loading=\"lazy\" decoding=\"async\" width=\"764\" height=\"896\" src=\"https:\/\/danidrops.com.br\/wp-content\/uploads\/2024\/10\/Corte-de-cabelo-Xuxa-Meneghel-messy-blond.jpg\" alt=\"Taglio di capelli biondo disordinato di Xuxa Meneghel\" class=\"wp-image-100025\" title=\"\" srcset=\"https:\/\/danidrops.com.br\/wp-content\/uploads\/2024\/10\/Corte-de-cabelo-Xuxa-Meneghel-messy-blond.jpg 764w, https:\/\/danidrops.com.br\/wp-content\/uploads\/2024\/10\/Corte-de-cabelo-Xuxa-Meneghel-messy-blond-256x300.jpg 256w, https:\/\/danidrops.com.br\/wp-content\/uploads\/2024\/10\/Corte-de-cabelo-Xuxa-Meneghel-messy-blond-10x12.jpg 10w, https:\/\/danidrops.com.br\/wp-content\/uploads\/2024\/10\/Corte-de-cabelo-Xuxa-Meneghel-messy-blond-150x176.jpg 150w\" sizes=\"auto, (max-width: 764px) 100vw, 764px\" \/><figcaption class=\"wp-element-caption\">Taglio di capelli biondo disordinato di Xuxa Meneghel<\/figcaption><\/figure>\n\n\n\n<p>La finitura volutamente disordinata offre un&#039;atmosfera tagliente, evidenziando la personalit\u00e0 forte e unica del presentatore. Questo taglio \u00e8 perfetto per chi cerca un look giovane, dinamico e pieno di carattere.<\/p>\n\n\n\n<h2 class=\"wp-block-heading\"><span class=\"ez-toc-section\" id=\"O_pixie_platinado_de_Xuxa_Meneghel_Modernidade_com_uma_pitada_de_rebeldia\"><\/span>Il folletto platino di Xuxa Meneghel: modernit\u00e0 con un pizzico di ribellione<span class=\"ez-toc-section-end\"><\/span><\/h2>\n\n\n\n<p>In questa immagine, Xuxa Meneghel scommette su a <a href=\"https:\/\/danidrops.com.br\/it\/tendenza-capelli-platino-2024\/\" data-type=\"link\" data-id=\"https:\/\/danidrops.com.br\/tendencia-de-cabelo-platinado-2024\/\">taglio pixie platino<\/a> dallo stile moderno e audace. Con ciocche corte e strutturate, i capelli biondo chiaro risaltano e rafforzano il loro atteggiamento forte e contemporaneo.&nbsp;<\/p>\n\n\n\n<figure class=\"wp-block-image size-full\"><img loading=\"lazy\" decoding=\"async\" width=\"764\" height=\"896\" src=\"https:\/\/danidrops.com.br\/wp-content\/uploads\/2024\/10\/Corte-de-cabelo-Xuxa-Meneghel-pixie-platinado.jpg\" alt=\"Taglio di capelli pixie platino di Xuxa Meneghel\" class=\"wp-image-100018\" title=\"\" srcset=\"https:\/\/danidrops.com.br\/wp-content\/uploads\/2024\/10\/Corte-de-cabelo-Xuxa-Meneghel-pixie-platinado.jpg 764w, https:\/\/danidrops.com.br\/wp-content\/uploads\/2024\/10\/Corte-de-cabelo-Xuxa-Meneghel-pixie-platinado-256x300.jpg 256w, https:\/\/danidrops.com.br\/wp-content\/uploads\/2024\/10\/Corte-de-cabelo-Xuxa-Meneghel-pixie-platinado-10x12.jpg 10w, https:\/\/danidrops.com.br\/wp-content\/uploads\/2024\/10\/Corte-de-cabelo-Xuxa-Meneghel-pixie-platinado-150x176.jpg 150w\" sizes=\"auto, (max-width: 764px) 100vw, 764px\" \/><figcaption class=\"wp-element-caption\">Taglio di capelli pixie platino di Xuxa Meneghel<\/figcaption><\/figure>\n\n\n\n<p>Il taglio \u00e8 casual, ma mantiene la raffinatezza, bilanciando perfettamente ribellione ed eleganza. Ideale per chi desidera un look pratico e pieno di personalit\u00e0, il folletto di Xuxa mostra come semplicit\u00e0 e stile possano sposarsi in modo potente.<\/p>\n\n\n\n<h2 class=\"wp-block-heading\"><span class=\"ez-toc-section\" id=\"O_buzzcut_loiro_de_Xuxa_Meneghel_Minimalismo_poderoso_com_toque_feminino\"><\/span>Il taglio biondo di Xuxa Meneghel: minimalismo potente con un tocco femminile<span class=\"ez-toc-section-end\"><\/span><\/h2>\n\n\n\n<p>Xuxa Meneghel colpisce con il suo audace buzzcut biondo, un taglio rasato che mette in risalto i suoi lineamenti sorprendenti e lo sguardo intenso.&nbsp;<\/p>\n\n\n\n<figure class=\"wp-block-image size-full\"><img loading=\"lazy\" decoding=\"async\" width=\"764\" height=\"896\" src=\"https:\/\/danidrops.com.br\/wp-content\/uploads\/2024\/10\/Corte-de-cabelo-Xuxa-Meneghel-buzzcut-loiro.jpg\" alt=\"Taglio di capelli biondo buzzcut di Xuxa Meneghel\" class=\"wp-image-100022\" title=\"\" srcset=\"https:\/\/danidrops.com.br\/wp-content\/uploads\/2024\/10\/Corte-de-cabelo-Xuxa-Meneghel-buzzcut-loiro.jpg 764w, https:\/\/danidrops.com.br\/wp-content\/uploads\/2024\/10\/Corte-de-cabelo-Xuxa-Meneghel-buzzcut-loiro-256x300.jpg 256w, https:\/\/danidrops.com.br\/wp-content\/uploads\/2024\/10\/Corte-de-cabelo-Xuxa-Meneghel-buzzcut-loiro-10x12.jpg 10w, https:\/\/danidrops.com.br\/wp-content\/uploads\/2024\/10\/Corte-de-cabelo-Xuxa-Meneghel-buzzcut-loiro-150x176.jpg 150w\" sizes=\"auto, (max-width: 764px) 100vw, 764px\" \/><figcaption class=\"wp-element-caption\">Taglio di capelli biondo buzzcut di Xuxa Meneghel<\/figcaption><\/figure>\n\n\n\n<p>Il morbido biondo platino dona femminilit\u00e0 al look, bilanciando l&#039;audacia del taglio minimalista. Questo stile pratico ed elegante riflette sicurezza e attitudine, ideale per chi desidera un look moderno e che richiede poca manutenzione, senza rinunciare alla raffinatezza.&nbsp;<\/p>\n\n\n\n<p>Xuxa dimostra ancora una volta che le cose semplici possono avere un impatto incredibile.<\/p>\n\n\n\n<h2 class=\"wp-block-heading\"><span class=\"ez-toc-section\" id=\"O_corte_undercut_volumoso_de_Xuxa_Meneghel_Sofisticacao_e_ousadia_em_um_so_visual\"><\/span>Il voluminoso undercut di Xuxa Meneghel: raffinatezza e audacia in un unico look<span class=\"ez-toc-section-end\"><\/span><\/h2>\n\n\n\n<p>In questa immagine, Xuxa Meneghel mostra a <a href=\"https:\/\/danidrops.com.br\/it\/taglio-di-capelli-sottosquadro\/\" data-type=\"link\" data-id=\"https:\/\/danidrops.com.br\/corte-de-cabelo-undercut\/\">taglio sottosquadro <\/a>voluminoso che mescola modernit\u00e0 ed eleganza. Con i lati corti e la parte superiore testurizzata, il biondo platino risalta se portato verso l&#039;alto, creando un effetto di volume e dinamismo.&nbsp;<\/p>\n\n\n\n<figure class=\"wp-block-image size-full\"><img loading=\"lazy\" decoding=\"async\" width=\"764\" height=\"896\" src=\"https:\/\/danidrops.com.br\/wp-content\/uploads\/2024\/10\/Corte-de-cabelo-Xuxa-Meneghel-undercut-volumoso.jpg\" alt=\"Taglio di capelli voluminoso sottosquadro di Xuxa Meneghel\" class=\"wp-image-100020\" title=\"\" srcset=\"https:\/\/danidrops.com.br\/wp-content\/uploads\/2024\/10\/Corte-de-cabelo-Xuxa-Meneghel-undercut-volumoso.jpg 764w, https:\/\/danidrops.com.br\/wp-content\/uploads\/2024\/10\/Corte-de-cabelo-Xuxa-Meneghel-undercut-volumoso-256x300.jpg 256w, https:\/\/danidrops.com.br\/wp-content\/uploads\/2024\/10\/Corte-de-cabelo-Xuxa-Meneghel-undercut-volumoso-10x12.jpg 10w, https:\/\/danidrops.com.br\/wp-content\/uploads\/2024\/10\/Corte-de-cabelo-Xuxa-Meneghel-undercut-volumoso-150x176.jpg 150w\" sizes=\"auto, (max-width: 764px) 100vw, 764px\" \/><figcaption class=\"wp-element-caption\">Taglio di capelli voluminoso sottosquadro di Xuxa Meneghel<\/figcaption><\/figure>\n\n\n\n<p>Questo taglio offre un connubio perfetto tra audacia e raffinatezza, ideale per chi cerca un look sorprendente e contemporaneo, senza rinunciare alla praticit\u00e0. Xuxa dimostra ancora una volta come reinventare il classico con stile.<\/p>\n\n\n\n<h2 class=\"wp-block-heading\"><span class=\"ez-toc-section\" id=\"Biografia_Xuxa_Meneghel\"><\/span>Biografia di Xuxa Meneghel<span class=\"ez-toc-section-end\"><\/span><\/h2>\n\n\n\n<h3 class=\"wp-block-heading\">Chi \u00e8 Xuxa Meneghel?<\/h3>\n\n\n\n<p>Xuxa Meneghel, il cui nome completo \u00e8 Maria da Gra\u00e7a Xuxa Meneghel, \u00e8 un&#039;iconica personalit\u00e0 brasiliana. <\/p>\n\n\n\n<p>Ha costruito una carriera poliedrica come attrice, presentatrice, cantante, imprenditrice, filantropa ed ex modella. Xuxa raggiunse un&#039;enorme popolarit\u00e0 negli anni &#039;80, quando fu invitata a presentare il programma \u201c<a href=\"https:\/\/pt.wikipedia.org\/wiki\/Clube_da_Crian%C3%A7a\" data-type=\"link\" data-id=\"https:\/\/pt.wikipedia.org\/wiki\/Clube_da_Crian%C3%A7a\" target=\"_blank\" rel=\"noopener\">Club per bambini<\/a>\u201d su Rede Manchete, che segn\u00f2 l&#039;inizio del suo successo televisivo.<\/p>\n\n\n\n<h3 class=\"wp-block-heading\">Cos&#039;\u00e8 l&#039;Instagram di Xuxa Meneghel?<\/h3>\n\n\n\n<p>O <a href=\"https:\/\/www.instagram.com\/xuxameneghel\/\" target=\"_blank\" data-type=\"link\" data-id=\"https:\/\/www.instagram.com\/xuxameneghel\/\" rel=\"noreferrer noopener\">L&#039;Instagram di Xuxa Meneghel \u00e8 @xuxameneghel<\/a>.<\/p>\n\n\n\n<h3 class=\"wp-block-heading\">Quanti anni ha Xuxa Meneghel?<\/h3>\n\n\n\n<p>Xuxa Meneghel \u00e8 nata il 27 marzo 1963 e attualmente ha 61 anni.<\/p>\n\n\n\n<h3 class=\"wp-block-heading\">Quanto \u00e8 alta Xuxa Meneghel?<\/h3>\n\n\n\n<p>Xuxa Meneghel \u00e8 alta 1,78 m, il che ha contribuito alla sua carriera di modella all&#039;inizio della sua carriera.<\/p>\n\n\n\n<h3 class=\"wp-block-heading\">Quanti anni ha Xuxa Meneghel?<\/h3>\n\n\n\n<p>Xuxa Meneghel ha 61 anni, \u00e8 nata il 27 marzo 1963.<\/p>\n\n\n\n<h3 class=\"wp-block-heading\">Quanti figli ha Xuxa Meneghel?<\/h3>\n\n\n\n<p>Xuxa ha una figlia, di nome <a href=\"https:\/\/danidrops.com.br\/it\/il-taglio-di-capelli-di-sasha-meneghel\/\" data-type=\"link\" data-id=\"https:\/\/danidrops.com.br\/corte-de-cabelo-da-sasha-meneghel\/\">Sasha Meneghel<\/a>, frutto della sua relazione con l&#039;attore Luciano Szafir.<\/p>\n\n\n\n<h3 class=\"wp-block-heading\">Chi \u00e8 il marito di Xuxa Meneghel?<\/h3>\n\n\n\n<p>Attualmente, Xuxa \u00e8 sposata con il cantante e <a href=\"https:\/\/www.instagram.com\/junnoandrade\/\" target=\"_blank\" rel=\"noreferrer noopener\">l&#039;attore Junno Andrade<\/a>, con il quale ha una relazione dal 2012.<\/p>\n<div id=\"ez-toc-container\" class=\"ez-toc-v2_0_76 counter-hierarchy ez-toc-counter ez-toc-grey ez-toc-container-direction\">\n<p class=\"ez-toc-title\" style=\"cursor:inherit\">Leggerai questo articolo<\/p>\n<label for=\"ez-toc-cssicon-toggle-item-69efbf2aafc25\" class=\"ez-toc-cssicon-toggle-label\"><span class=\"ez-toc-cssicon\"><span class=\"eztoc-hide\" style=\"display:none;\">Attiva\/disattiva<\/span><span class=\"ez-toc-icon-toggle-span\"><svg style=\"fill: #999;color:#999\" xmlns=\"http:\/\/www.w3.org\/2000\/svg\" class=\"list-377408\" width=\"20px\" height=\"20px\" viewbox=\"0 0 24 24\" fill=\"none\"><path d=\"M6 6H4v2h2V6zm14 0H8v2h12V6zM4 11h2v2H4v-2zm16 0H8v2h12v-2zM4 16h2v2H4v-2zm16 0H8v2h12v-2z\" fill=\"currentColor\"><\/path><\/svg><svg style=\"fill: #999;color:#999\" class=\"arrow-unsorted-368013\" xmlns=\"http:\/\/www.w3.org\/2000\/svg\" width=\"10px\" height=\"10px\" viewbox=\"0 0 24 24\" version=\"1.2\" baseprofile=\"tiny\"><path d=\"M18.2 9.3l-6.2-6.3-6.2 6.3c-.2.2-.3.4-.3.7s.1.5.3.7c.2.2.4.3.7.3h11c.3 0 .5-.1.7-.3.2-.2.3-.5.3-.7s-.1-.5-.3-.7zM5.8 14.7l6.2 6.3 6.2-6.3c.2-.2.3-.5.3-.7s-.1-.5-.3-.7c-.2-.2-.4-.3-.7-.3h-11c-.3 0-.5.1-.7.3-.2.2-.3.5-.3.7s.1.5.3.7z\"\/><\/svg><\/span><\/span><\/label><input type=\"checkbox\"  id=\"ez-toc-cssicon-toggle-item-69efbf2aafc25\"  aria-label=\"Attiva\/disattiva\" \/><nav><ul class='ez-toc-list ez-toc-list-level-1' ><li class='ez-toc-page-1 ez-toc-heading-level-2'><a class=\"ez-toc-link ez-toc-heading-1\" href=\"https:\/\/danidrops.com.br\/it\/i-tagli-di-capelli-di-xuxa-meneghel\/#O_corte_em_camadas_de_Xuxa_Meneghel_Leveza_e_volume_com_elegancia_atemporal\" >Il taglio scalato di Xuxa Meneghel: Leggerezza e volume con un&#039;eleganza senza tempo<\/a><\/li><li class='ez-toc-page-1 ez-toc-heading-level-2'><a class=\"ez-toc-link ez-toc-heading-2\" href=\"https:\/\/danidrops.com.br\/it\/i-tagli-di-capelli-di-xuxa-meneghel\/#O_corte_pixie_de_Xuxa_Meneghel_Moderno_ousado_e_cheio_de_personalidade\" >Il pixie cut di Xuxa Meneghel: moderno, audace e pieno di personalit\u00e0<\/a><\/li><li class='ez-toc-page-1 ez-toc-heading-level-2'><a class=\"ez-toc-link ez-toc-heading-3\" href=\"https:\/\/danidrops.com.br\/it\/i-tagli-di-capelli-di-xuxa-meneghel\/#O_corte_pixie_desfiado_de_Xuxa_Meneghel_Charme_e_leveza_em_cada_fio\" >Il pixie cut sfrangiato di Xuxa Meneghel: fascino e leggerezza in ogni ciocca<\/a><\/li><li class='ez-toc-page-1 ez-toc-heading-level-2'><a class=\"ez-toc-link ez-toc-heading-4\" href=\"https:\/\/danidrops.com.br\/it\/i-tagli-di-capelli-di-xuxa-meneghel\/#O_rabo_de_cavalo_alto_com_franja_de_Xuxa_Meneghel_Um_visual_jovem_e_divertido\" >La coda alta con frangia di Xuxa Meneghel: un look giovanile e divertente<\/a><\/li><li class='ez-toc-page-1 ez-toc-heading-level-2'><a class=\"ez-toc-link ez-toc-heading-5\" href=\"https:\/\/danidrops.com.br\/it\/i-tagli-di-capelli-di-xuxa-meneghel\/#O_corte_buzzcut_de_Xuxa_Meneghel_Um_visual_ousado_e_poderoso\" >Il buzzcut di Xuxa Meneghel: un look audace e potente<\/a><\/li><li class='ez-toc-page-1 ez-toc-heading-level-2'><a class=\"ez-toc-link ez-toc-heading-6\" href=\"https:\/\/danidrops.com.br\/it\/i-tagli-di-capelli-di-xuxa-meneghel\/#O_pixie_curto_de_Xuxa_Meneghel_Elegancia_sutil_com_um_toque_moderno\" >Il folletto corto di Xuxa Meneghel: eleganza discreta con un tocco moderno<\/a><\/li><li class='ez-toc-page-1 ez-toc-heading-level-2'><a class=\"ez-toc-link ez-toc-heading-7\" href=\"https:\/\/danidrops.com.br\/it\/i-tagli-di-capelli-di-xuxa-meneghel\/#O_corte_messy_blond_de_Xuxa_Meneghel_Estilo_despojado_com_atitude\" >Il taglio biondo disordinato di Xuxa Meneghel: stile casual con carattere<\/a><\/li><li class='ez-toc-page-1 ez-toc-heading-level-2'><a class=\"ez-toc-link ez-toc-heading-8\" href=\"https:\/\/danidrops.com.br\/it\/i-tagli-di-capelli-di-xuxa-meneghel\/#O_pixie_platinado_de_Xuxa_Meneghel_Modernidade_com_uma_pitada_de_rebeldia\" >Il folletto platino di Xuxa Meneghel: modernit\u00e0 con un pizzico di ribellione<\/a><\/li><li class='ez-toc-page-1 ez-toc-heading-level-2'><a class=\"ez-toc-link ez-toc-heading-9\" href=\"https:\/\/danidrops.com.br\/it\/i-tagli-di-capelli-di-xuxa-meneghel\/#O_buzzcut_loiro_de_Xuxa_Meneghel_Minimalismo_poderoso_com_toque_feminino\" >Il taglio biondo di Xuxa Meneghel: minimalismo potente con un tocco femminile<\/a><\/li><li class='ez-toc-page-1 ez-toc-heading-level-2'><a class=\"ez-toc-link ez-toc-heading-10\" href=\"https:\/\/danidrops.com.br\/it\/i-tagli-di-capelli-di-xuxa-meneghel\/#O_corte_undercut_volumoso_de_Xuxa_Meneghel_Sofisticacao_e_ousadia_em_um_so_visual\" >Il voluminoso undercut di Xuxa Meneghel: raffinatezza e audacia in un unico look<\/a><\/li><li class='ez-toc-page-1 ez-toc-heading-level-2'><a class=\"ez-toc-link ez-toc-heading-11\" href=\"https:\/\/danidrops.com.br\/it\/i-tagli-di-capelli-di-xuxa-meneghel\/#Biografia_Xuxa_Meneghel\" >Biografia di Xuxa Meneghel<\/a><\/li><\/ul><\/nav><\/div>","protected":false},"excerpt":{"rendered":"<p>Scopri i 10 tagli di capelli pi\u00f9 popolari della regina dei pantaloncini Xuxa Meneghel.<\/p>","protected":false},"author":1,"featured_media":100021,"comment_status":"open","ping_status":"open","sticky":false,"template":"","format":"standard","meta":{"footnotes":""},"categories":[4686,439],"tags":[],"class_list":["post-99984","post","type-post","status-publish","format-standard","has-post-thumbnail","hentry","category-famosos","category-cabelo"],"_links":{"self":[{"href":"https:\/\/danidrops.com.br\/it\/wp-json\/wp\/v2\/posts\/99984","targetHints":{"allow":["GET"]}}],"collection":[{"href":"https:\/\/danidrops.com.br\/it\/wp-json\/wp\/v2\/posts"}],"about":[{"href":"https:\/\/danidrops.com.br\/it\/wp-json\/wp\/v2\/types\/post"}],"author":[{"embeddable":true,"href":"https:\/\/danidrops.com.br\/it\/wp-json\/wp\/v2\/users\/1"}],"replies":[{"embeddable":true,"href":"https:\/\/danidrops.com.br\/it\/wp-json\/wp\/v2\/comments?post=99984"}],"version-history":[{"count":0,"href":"https:\/\/danidrops.com.br\/it\/wp-json\/wp\/v2\/posts\/99984\/revisions"}],"wp:featuredmedia":[{"embeddable":true,"href":"https:\/\/danidrops.com.br\/it\/wp-json\/wp\/v2\/media\/100021"}],"wp:attachment":[{"href":"https:\/\/danidrops.com.br\/it\/wp-json\/wp\/v2\/media?parent=99984"}],"wp:term":[{"taxonomy":"category","embeddable":true,"href":"https:\/\/danidrops.com.br\/it\/wp-json\/wp\/v2\/categories?post=99984"},{"taxonomy":"post_tag","embeddable":true,"href":"https:\/\/danidrops.com.br\/it\/wp-json\/wp\/v2\/tags?post=99984"}],"curies":[{"name":"parola chiave","href":"https:\/\/api.w.org\/{rel}","templated":true}]}}